{"id":352,"date":"2006-11-27T12:40:14","date_gmt":"2006-11-27T12:40:14","guid":{"rendered":"https:\/\/www.millicozum.com\/mc\/2006\/11\/27\/tkler-aptal-mi\/"},"modified":"2006-11-27T12:40:14","modified_gmt":"2006-11-27T12:40:14","slug":"turkler-aptal-mi","status":"publish","type":"post","link":"https:\/\/www.millicozum.com\/mc\/2005\/ekim-2005\/turkler-aptal-mi\/","title":{"rendered":"T\u00dcRKLER APTAL MI?"},"content":{"rendered":"<p>\u00a0  <\/p>\n<p> Avrupal\u0131lar T\u00fcrklerin zeka seviyesinin d\u00fc\u015f\u00fck oldu\u011funu s\u00f6yleyip sa\u00e7mal\u0131yorlar.  <\/p>\n<p> Oysa birle\u015fmi\u015f milletler te\u015fkilat\u0131n\u0131n 10 Aral\u0131k 1948 tarihli &quot;insan haklar\u0131 evrensel bildirgesi&quot; ni kaleme alan da bat\u0131 \u00fclkeleridir; &quot;herkes; \u0131rk, renk, cinsiyet, dil, din&#8230; Ulusal veya toplumsal k\u00f6ken&#8230; Gibi herhangi bir ayr\u0131m g\u00f6zetilmeksizin&quot; t\u00fcm insanlar e\u015fittir diyen de&#8230; <\/p>\n<p> \u00dcstelik o bildirgeyi hayata ge\u00e7irmeyi ama\u00e7layan Avrupa insan haklar\u0131 s\u00f6zle\u015fmesini yapan ve uygulayan da kendileridir.  <\/p>\n<p>  \u00a0  <\/p>\n<p> Ama i\u00e7lerindeki \u0131rk\u00e7\u0131 anlay\u0131\u015f\u0131 hala \u00f6ld\u00fcrememi\u015flerdir. \u0130\u015fte bu nedenle olsa gerek, \u00f6nce Berlin H\u00fcr \u00dcniversitesi rekt\u00f6r\u00fc Prof. Dieter Lenzen, &quot;T\u00fcrk \u00f6\u011frencilerinin zek\u00e2 seviyesi alman \u00f6\u011frencilerinden daha d\u00fc\u015f\u00fck olabilir&quot; dedi. Bir bilim adam\u0131 ve uygar bir ayd\u0131na yak\u0131\u015fmayan bu laf\u0131n ard\u0131ndan gerisi geldi: Die Welt isimli alman gazetesi de Dr. Volkmar Weiss isimli bir zeka bilimcisine atfen bir haber yay\u0131nlad\u0131. Gazete bu uzman\u0131n, T\u00fcrk ve eski Sovyetler Birli\u011fi G\u00f6\u00e7menlerinin (Sovyetler birli\u011finde ya\u015fayan sonra Almanya&#39;ya g\u00f6\u00e7 eden Alman k\u00f6kenli insanlar\u0131n) zeka seviyelerinin Almanlar\u0131nkinden y\u00fczde 10 ila 15 geri oldu\u011fu &quot;sonucuna vard\u0131\u011f\u0131n\u0131 bildirdi. <\/p>\n<p> Ger\u00e7i hem rekt\u00f6r hem de bu ara\u015ft\u0131rman\u0131n sahibi olan Weiss, haber yay\u0131nlan\u0131nca s\u00f6zlerini tevile \u00e7al\u0131\u015fm\u0131\u015flar, ama herkes bilir ki denen denmi\u015ftir.  <\/p>\n<p> Birilerinin bizleri memnun etmek i\u00e7in hakk\u0131m\u0131zda g\u00fczel \u015feyler s\u00f6ylemesi gibi bir zorunlulu\u011fu elbet yok; ama kimle ilgili olursa olsun, ele\u015ftirinin veya saptaman\u0131n \u0131rk\u00e7\u0131 bir anlay\u0131\u015fa dayand\u0131r\u0131lmas\u0131 kabul edilemez. Zaten bu \u00e7a\u011fda o yolu a\u00e7an ancak aptall\u0131k etmi\u015f olur. \u00c7\u00fcnk\u00fc birileri de \u00e7\u0131kar ayn\u0131 t\u00fcr bir ara\u015ft\u0131rmaya dayanarak &quot;Almanlar fa\u015fisttir veya Almanlar \u0131rk\u00e7\u0131d\u0131r&quot; gibi bir laf ederler. <\/p>\n<p> Oysa Almanlar i\u00e7inde fa\u015fist olan da vard\u0131r olmayan da&#8230; Keza \u0131rk\u00e7\u0131 da vard\u0131r, \u0131rk\u00e7\u0131 olmayan da aynen T\u00fcrkler i\u00e7inde oldu\u011fu gibi. Asl\u0131nda bu t\u00fcr s\u00f6zleri, yani &quot;\u015fu \u0131rk\u0131n mensuplar\u0131 \u015f\u00f6yledir&quot; t\u00fcr\u00fc genellemeleri sokaktaki adam yapsa mesele de\u011fil. Nihayet k\u00fclt\u00fcr d\u00fczeyi bu kadar&quot; der ge\u00e7ersiniz. <\/p>\n<p> Burada hem bir \u00fcniversite rekt\u00f6r\u00fc, hem de haber de bildirdi\u011fine g\u00f6re Leipzig Jeonojoji mekezi ba\u015fkan\u0131 s\u0131fat\u0131n\u0131 ta\u015f\u0131yan ve &quot;zeka bilimcisi&quot;oldu\u011fu ileri s\u00fcr\u00fclen bir uzman s\u00f6z konusu. Yani s\u00f6zlerini hafife alma \u015fans\u0131m\u0131z d\u00fc\u015f\u00fck. <\/p>\n<p> Ancak bu iki bilim adam\u0131n\u0131n s\u00f6ylediklerinden \u00e7ok, ara\u015ft\u0131rman\u0131n evrensel insan de\u011ferleri ile \u00e7at\u0131\u015f\u0131p \u00e7at\u0131\u015fmad\u0131\u011f\u0131 \u00f6nemli de\u011fil mi? <\/p>\n<p> Prof Lenzen ile Dr. Weiss acaba, arada bir aynaya bak\u0131yorlar m\u0131? Orada Hitler d\u00f6neminin \u00fcnl\u00fc Dr. Josef Mengele&#39; sini g\u00f6r\u00fcyorlar m\u0131 ? <a name=\"_ftnref1\" href=\"#_ftn1\" title=\"_ftnref1\">[1]<\/a> <\/p>\n<p> <strong>Yahudiye Ya\u011fc\u0131l\u0131k<\/strong> <\/p>\n<p> E\u011fer Almanlar Tayip Erdo\u011fan gibi yahudiye ya\u011fc\u0131l\u0131k yapanlar\u0131 kast ediyorlarsa, en b\u00fcy\u00fck geri zekal\u0131 kendileridir.  <\/p>\n<p> ABD&#39;deki Musevi lobisinin etkin kurulu\u015flardan Anti Defamation League&#39;den (ADL) &#39;ce\u00adsaret \u00f6d\u00fcl\u00fc&#39; alan Ba\u015fbakan Recep Tayyip Erdo\u00ad\u011fan, &quot;Musevi d\u00fc\u015fmanl\u0131\u011f\u0131n\u0131n T\u00fcrkiye&#39;de yeri yoktur.&quot; demi\u015ftir. Anti Defamation League taraf\u0131ndan 2. D\u00fcnya Sava\u015f\u0131&#39;nda T\u00fcrk diplomatlar\u0131n Musevilerin hayat\u0131n\u0131 kur\u00adtarmas\u0131ndan dolay\u0131 ald\u0131\u011f\u0131 &quot;\u0130lgi G\u00f6stermeye Cesaret Et\u00admek \u00d6d\u00fcl\u00fc&quot; t\u00f6reninde konu\u015fan Erdo\u011fan, Yahudi soy\u00adk\u0131r\u0131m\u0131n\u0131n tarih boyunca insanl\u0131\u011fa kar\u015f\u0131 ger\u00e7ekle\u015ftirilen &#39;en ak\u0131l almaz su\u00e7&#39; oldu\u011funu s\u00f6ylemi\u015ftir. ADL, D\u0131\u015fi\u015fleri Abdullah G\u00fcl&#39;e de \u00fczerinde 2. D\u00fcnya Sava\u015f\u0131&#39;nda Mu\u00adsevilere yard\u0131m eden diplomatlar\u0131n isimlerinin yaz\u0131l\u0131 ol\u00addu\u011fu bir plaket vermi\u015ftir. Konu\u015fmas\u0131nda Musevi d\u00fc\u015fman\u00adl\u0131\u011f\u0131na kar\u015f\u0131 a\u00e7\u0131ktan tav\u0131r alan Erdo\u011fan, milyonlarca Musevi&#39;nin \u00f6ld\u00fcr\u00fclmesini insanl\u0131k su\u00e7u olarak nitelemi\u015ftir. &quot;\u00d6ld\u00fcr\u00fclen her Musevi ile birlikte insanl\u0131\u011f\u0131n ortak vic\u00addan\u0131ndan bir par\u00e7a da yeri doldurulamaz bi\u00e7imde kay\u00adbolup gitmi\u015ftir.&quot; diyen Erdo\u011fan, i\u015flenen su\u00e7un unutulmamas\u0131n\u0131n herkesin vazifesi oldu\u00ad\u011funu ifade etmi\u015ftir. <\/p>\n<p> \u00dclkemizde ve AKP sayesinde g\u00fcn ge\u00e7miyor ki tarihteki Mo\u011fol istilas\u0131n\u0131 mum\u00adla aratan talihsiz de\u011fi\u015fimin vahim neticelerin\u00adden biri daha vuku bulmas\u0131n. Yeni \u00f6rne\u011fimiz maalesef \u0130stanbul&#39;dan. Hem de Haydarpa\u015fa&#8230; \u015eehirlerimizi kimliksizle\u015ftiren ve \u00e7okuluslu holding\u00adlerin \u00e7\u0131karlar\u0131 do\u011frultusunda bozup de\u011fi\u015ftiren globalle\u015fme; pen\u00e7esini \u0130stanbul&#39;un kalbg\u00e2h\u0131 olan Haydarpa\u015fa Gar\u0131 ve \u00e7evresine vurmak \u00fczere. Tarihi Haydarpa\u015fa Gar\u0131, liman\u0131 ve \u00e7evresini de i\u00e7ine alan bir milyon metrekarelik kamusal alan &quot;D\u00fcnya Ticaret Merkezi ve Kruvaziyer li\u00adman&quot; ad\u0131 alt\u0131nda yap\u0131la\u015fmaya a\u00e7\u0131l\u0131yor. <\/p>\n<p> B\u00f6ylece \u0130stanbul global \u015firketlerin arka bah\u00e7esi olmaktan \u00f6teye gidemeyen bir ta\u015fra kasabas\u0131na d\u00f6n\u00fc\u015fecek. Haydarpa\u015fa&#39;n\u0131n ba\u015f\u0131na gelenler, &quot;\u0130s\u00adtanbul bir d\u00fcnya \u015fehri&quot; diye slogan atanlar\u0131n \u015fimdi \u0130stanbul&#39;u bir T\u00fcrk \u015fehri yapmaktan \u00e7\u0131ka\u00adraca\u011f\u0131n\u0131 s\u00f6yleyenleri do\u011frulayan bir haber hi\u00e7 \u015f\u00fcphesiz. <\/p>\n<p> <strong>Fas&#39;tan AKP&#39; ye \u015earon mektubu!<\/strong> <\/p>\n<p> Mektup Fas&#39;tan geliyor. Fas Adalet ve Kalk\u0131n\u00adma Partisi&#39;nden. Kime dersiniz? Ba\u015fbakan Recep Tay\u00adyip Erdo\u011fan&#39;a&#8230; Konu, Tayyip Bey&#39;in ABD seyahatin\u00adden hemen \u00f6nce \u0130srail&#39;e giderek Ariel \u015earon&#39;un elini s\u0131kmas\u0131&#8230; \u0130\u015fte mektubun tam metni&#8230; <\/p>\n<p> <strong>&quot;T.C. Ba\u015fbakan\u0131 Say\u0131n Recep Tayyip Erdo\u011fan<\/strong> <\/p>\n<p> <strong>Esselam\u00fc Aleyk\u00fcm ve Rah-<\/strong><strong>metullahi ve <\/strong><strong>Berakat\u00fch<\/strong> <\/p>\n<p> Siyonist liderlerine yapt\u0131\u011f\u0131\u00adn\u0131z ziyareti hayretle ve esef\u00adle izledik&#8230; Halbuki; siz bir bas\u0131n a\u00e7\u0131klaman\u0131zda \u0130srail&#39;in masum Filistin aleyhine i\u015fle\u00addi\u011fi c\u00fcr\u00fcmleri &#39;Devlet Ter\u00f6\u00adr\u00fc&#39; olarak nitelendirmi\u015fti\u00adniz&#8230; <\/p>\n<p> Ayn\u0131 \u015fekilde Filistin halk\u0131\u00adn\u0131n kanlar\u0131n\u0131n elinde hen\u00fcz daha kuramad\u0131\u011f\u0131 \u015earon&#39;la bir araya gelmenizi de hay\u00adretle takip ettik. <\/p>\n<p> Biz bu ziyaretin Filistin hal\u00adk\u0131na hi\u00e7bir \u015fekilde faydas\u0131 olmad\u0131\u011f\u0131na itibar ediyoruz. Bilakis, yarg\u0131lanmas\u0131 gere\u00adken bir sava\u015f su\u00e7lusunun eli\u00adni s\u0131kman\u0131z, \u015earon&#39;u y\u00fcreklendirmi\u015ftir. <\/p>\n<p> <strong>Ba\u015fbakan Erdo\u011fan, George Soros&#39;la g\u00f6r\u00fc\u015ft\u00fc&#8230;<\/strong> <\/p>\n<p> Ba\u015fbakan Recep Tayyip Erdo\u011fan, \u00fcnl\u00fc spek\u00fclat\u00f6r George Soros&#39;un destekledi\u011fi Uluslararas\u0131 Kriz Grubu&#39;nu (International Crisis Group- ICG) a\u011f\u0131rlad\u0131. <\/p>\n<p> Bu g\u00f6r\u00fc\u015fmeye, Ba\u015fbakan Yard\u0131mc\u0131s\u0131 Abd\u00fcllatif \u015eener, Devlet Bakan\u0131 Ali Babacan, Maliye Bakan\u0131 Kemal Unak\u0131tan, AKP Genel Ba\u015fkan Yard\u0131mc\u0131lar\u0131 \u015eaban Di\u015fli ve Naz\u0131m Ekren ile Erdo\u011fan&#39;\u0131n D\u0131\u015f Politika Dan\u0131\u015fman\u0131 ve \u0130stanbul Milletvekili Egemen Ba\u011f\u0131\u015f kat\u0131ld\u0131. Kabulde, Uluslararas\u0131 Kredi Grubu&#39;nu finanse eden \u00fcnl\u00fc spek\u00fclat\u00f6r Soros da yer ald\u0131. 1986 y\u0131l\u0131nda kurulan ICG, d\u00fcnyan\u0131n bir\u00e7ok \u00fclkesinde demokrasinin yerle\u015ftirilmesi i\u00e7in faaliyetlerde bulunurken, raporlar haz\u0131rl\u0131yor. Grup 2004 sonunda T\u00fcrkiye&#39;deki K\u00fcrt sorununa ili\u015fkin rapor yay\u0131nlam\u0131\u015ft\u0131. <\/p>\n<p> <strong>10 bin <\/strong><strong>i\u015f\u00e7i <\/strong><strong>daha ataca\u011f\u0131z<\/strong> <\/p>\n<ul>\n<li>AKP H\u00fck\u00fcmeti, \u00f6zelle\u015ftirme kapsam\u0131nda 2009 y\u0131\u00adl\u0131na kadar 29 bin ki\u015finin i\u015ften \u00e7\u0131kar\u0131lm\u0131\u015f olaca\u011f\u0131n\u0131 itiraf etti. H\u00fck\u00fcmet ad\u0131na Maliye Bakan\u0131 Kemal Unak\u0131tan imzas\u0131yla 14 Nisan&#39;da D\u00fcnya Bankas\u0131&#39;na (DB) g\u00f6nderilen ve \u00f6zelle\u015ftirme detaylar\u0131n\u0131 i\u00e7eren &#39;gizli&#39; mektup, \u00f6zelle\u015ftirme uygulamalar\u0131n\u0131n sosyal faturas\u0131n\u0131 ortaya \u00e7\u0131kard\u0131. Maliye Bakan\u0131 Unak\u0131tan, 465.4 milyon dolarl\u0131k krediyi serbest b\u0131rakmas\u0131 i\u00e7in D\u00fcnya Bankas\u0131 Ba\u015fkan\u0131 Wolfensohn&#39;a bir mektup g\u00f6nderdi. H\u00fck\u00fcmetin &quot;kamuoyuna a\u00e7\u0131klamay\u0131n&quot; ri\u00adcas\u0131nda bulundu\u011fu mektupta 21 kamu i\u015fletmesinin sat\u0131laca\u011f\u0131, 10 bin i\u015f\u00e7inin i\u015ften \u00e7\u0131kar\u0131laca\u011f\u0131 ve b\u00f6ylece \u00f6zelle\u015ftirme kapsam\u0131nda 2003-2009 d\u00f6neminde 29 bin ki\u015finin i\u015ften at\u0131lm\u0131\u015f olaca\u011f\u0131n\u0131n taahh\u00fct edildi\u011fi bildirildi.<\/li>\n<\/ul>\n<p> <strong>Erdo\u011fan: &quot;BOP kapsam\u0131nda yard\u0131ma haz\u0131r\u0131z!?&quot;<\/strong> <\/p>\n<p> <strong>Ba\u015fbakan Recep Tayyip Erdo\u011fan, resmi temaslarda bulunmak \u00fczere gitti\u011fi Beyrut&#39;ta L\u00fcbnan Ba\u015fbakan\u0131 Necip M\u0131kati ile g\u00f6r\u00fc\u015ft\u00fc.<\/strong> <\/p>\n<p> G\u00f6r\u00fc\u015fmede iki \u00fclke aras\u0131ndaki ekonomik, ticari, siyasal ve k\u00fclt\u00fcrel ili\u015fkilerin geli\u015ftirilmesi g\u00fcndeme getirilirken; g\u00f6r\u00fc\u015fmede Ba\u015fbakan Erdo\u011fan&#39;\u0131n, T\u00fcrkiye&#39;nin B\u00fcy\u00fck Ortado\u011fu Projesi ve Kuzey Afrika inisiyatifi \u00e7er\u00e7evesinde her t\u00fcrl\u00fc yard\u0131m ve katk\u0131ya haz\u0131r oldu\u011funu vurgulad\u0131\u011f\u0131 da \u00f6\u011frenildi. Arkas\u0131ndan da TELEKOM L\u00fcban&#39;l\u0131 Haririlere pe\u015fke\u015f \u00e7ekildi.  <\/p>\n<p> <strong>Erdo\u011fan: &quot;Ortado\u011fu \u00fclkelerinin de reforma ihtiyac\u0131 var&quot;<\/strong> <\/p>\n<p> Yani, ABD&#39;nin eyaleti olmam\u0131z laz\u0131m, dedi. <\/p>\n<p> Ba\u015fbakan Erdo\u011fan, k\u00fcreselle\u015fen ve daha fazla demokratikle\u015fen d\u00fcnyada, Ortado\u011fu \u00fclkelerinin de reforma ihtiyac\u0131 oldu\u011funu s\u00f6yledi. <\/p>\n<p> Erdo\u011fan ve beraberindeki heyet, L\u00fcbnan Ba\u015fbakan\u0131 Necip Mikati&#39;nin onuruna verdi\u011fi yeme\u011fine kat\u0131ld\u0131. <\/p>\n<p> Yemekte konu\u015fan Erdo\u011fan, T\u00fcrkiye ve L\u00fcbnan aras\u0131nda ortak tarih ve k\u00fclt\u00fcrel de\u011ferlere dayanan k\u00f6kl\u00fc ba\u011flar bulundu\u011funu s\u00f6yledi. <\/p>\n<p> <strong>Egemen Ba\u011f\u0131\u015f: <\/strong><strong>AB&#39;ile nikahs\u0131z <\/strong><strong>ya\u015f\u0131yoruz<\/strong> <\/p>\n<p> Ba\u015fbakan <strong>Recep <\/strong>Tayyip <strong>Erdo\u011fan&#39;\u0131n d\u0131\u015f <\/strong>politika <strong>dan\u0131\u015fman\u0131, <\/strong><strong>\u00c2KP <\/strong><strong>\u0130stanbul <\/strong>Milletvekili Egemen Ba\u011f\u0131\u015f, <strong>Avrupa <\/strong><strong>Birli\u011fi&#39;nin <\/strong>(AB) <strong>istese de <\/strong>T\u00fcrkiye&#39;ye yolu <strong>kapatamayaca\u011f\u0131n\u0131, \u00e7\u00fcnk\u00fc <\/strong><strong>ikisi <\/strong>i\u00e7in de <strong>ili\u015fkilerin \u00e7ok \u00f6nemli ol\u00addu\u011funu <\/strong><strong>s\u00f6yledi.<\/strong> <\/p>\n<p> Ba\u011f\u0131\u015f, Reuters ajans\u0131na verdi\u011fi deme\u00e7te, &quot;T\u00fcrkiye-AB ili\u015fkileri sorguland\u0131\u011f\u0131 zaman, bunun yeni bir s\u00fc\u00adre\u00e7 olmad\u0131\u011f\u0131n\u0131 belirtirim. 40 y\u0131ll\u0131k \u00e7abay\u0131 \u00e7\u00f6pe ata\u00admazs\u0131n\u0131z&quot; dedi. <\/p>\n<p> T\u00fcrkiye&#39;nin, AB ile ba\u015flang\u0131c\u0131ndan beri ilgili oldu\u011fu\u00adnu belirten Ba\u011f\u0131\u015f, &quot;Resmi nikahs\u0131z, beraber ya\u015f\u0131yor gibiyiz ve \u015fimdi bunu belediyede onaylatmam\u0131z gere\u00adkiyor&quot; dedi. <\/p>\n<p> <strong>Bat\u0131k kul\u00fcp!<\/strong> <\/p>\n<p> * Avrupa bas\u0131n\u0131 ba\u015far\u0131s\u0131z bir \u015fekilde sona eren Avrupa Birli\u011fi Zirvesi&#39;nin kriti\u011fini yapmaya de\u00advam ediyor. Financial Times, birlikteki son ge\u00adli\u015fmeleri, k\u00f6t\u00fc haber olarak alg\u0131lamas\u0131 gereken iki b\u00fcy\u00fck \u00fclkenin T\u00fcrkiye ve Ukrayna oldu\u011fu* n\u00fc yazarken, Die Welt &#39;T\u00fcrkiye&#39;nin \u00fcyeli\u011fiyle ba\u015fa \u00e7\u0131kamayacak ve batacak bir kul\u00fcbe kat\u0131l\u00admas\u0131n\u0131n, Ankara&#39;ya ne faydas\u0131 var?&#39; de\u011ferlendir\u00admesini yapt\u0131. Buna ra\u011fmen h\u00fck\u00fcmetin, her t\u00fcr\u00adl\u00fc tavizi de kabul ederek m\u00fczakerelere ba\u015flama tarihi almak i\u00e7in sarf etti\u011fi g\u00f6z ya\u015fart\u0131c\u0131(l) \u00e7aba\u00ady\u0131 Avrupal\u0131lar da T\u00fcrk milleti gibi anlamakta g\u00fc\u00e7l\u00fck \u00e7ekiyor..! <\/p>\n<p> <strong>R\u0131fat Hisarc\u0131kl\u0131o\u011flu&#39; nun Kafa Yap\u0131s\u0131 !<\/strong> <\/p>\n<p> Soros&#39;la birlikte T\u00fcrkiye&#39;ye gelen Brzezinsky, Kissinger gibi \u00fcnl\u00fc stratejister CSIS&#39;\u0131n \u00fcyesi. \u00dcyeleri kadar raporlar\u0131 da \u00f6nemli. Mesela Ecevit iktidar\u0131 d\u00f6\u00adneminde Kemal Dervi\u015f, H\u00fcsamettin \u00d6zkan, \u0130smail Cem &quot;troykas\u0131!&quot; ilk \u00f6nce bu CSIS&#39;\u0131n raporlar\u0131nda yer ald\u0131. Ak\u015fam CSIS rapor yazm\u0131\u015f, sabah T\u00fcrkiye Dervi\u015f-Cem-\u00d6zkan &quot;troykas\u0131&quot;yla uyanm\u0131\u015ft\u0131. Son\u00adras\u0131n\u0131 biliyorsunuz. <\/p>\n<p> \u015eimdi R\u0131fat Hisarc\u0131kl\u0131o\u011flu ile CSIS&#39;\u0131 birle\u015ftirelim. <\/p>\n<p> R\u0131fat Bey, i\u015fte bu CSIS&#39;\u0131n ABD-T\u00fcrkiye \u0130leti\u015fim Grubu E\u015f Ba\u015fkan\u0131. Uzun s\u00fcredir yak\u0131n diyalog var. TOBB ve CSIS ortak raporlara ve i\u015fbirli\u011fi an\u00adla\u015fmalar\u0131na imza att\u0131lar. Daha \u00f6nce bunlar\u0131 yazd\u0131k. <\/p>\n<p> \u0130ste kulislerde bu \u00f6nbilgilerin ard\u0131ndan hemen bir form\u00fcl g\u00fcndeme getiriliyor. &quot;Yeni alternatif mer\u00adkez sa\u011f&quot; form\u00fcl\u00fc. Yak\u0131nda T\u00fcrk siyasetine sunula\u00adcak deniyor. Form\u00fcl\u00fcn merkezinde R\u0131fat Hisarc\u0131kl\u0131\u00ado\u011flu var. Hemen yan\u0131na da Melih G\u00f6k\u00e7ek ve Si\u00adnan Ayg\u00fcn gibi bir ka\u00e7 pop\u00fcler isim monte ediliyor. \u00dc\u00e7\u00fc de eski arkada\u015f.. Hatta arkada\u015ftan \u00f6te birlikte\u00adlikleri var.. Birbirlerine hep destek verdiler. <\/p>\n<p> \u00dc\u00e7l\u00fc, \u00f6n\u00fcm\u00fczdeki g\u00fcnlerin yeni &quot;Troyka&quot;s\u0131 olarak s\u00f6yleniyor. <\/p>\n<p> <strong>Demirellerin Zekas\u0131<\/strong> <\/p>\n<p> Y\u0131llar i\u00e7inde Demirel ailesiyle ilgili kabar\u0131k bir ar\u015fi\u00advim olu\u015ftu. \u00d6nce hayali ihracat\u0131n (sunta) T\u00fcrkiye&#39;deki mucidi ye\u011fen Yahya Demirel, ard\u0131ndan babas\u0131 Hac\u0131 Ali Demirel, ard\u0131ndan da \u015eevket Demirel&#39;in o\u011flu Murat Demirel, benim ar\u015fivimi zenginle\u015ftirecek &quot;aktivitelerde&quot; bulunmak i\u00e7in adeta birbirleriyle yar\u0131\u015ft\u0131lar! Ar\u015fivimde \u015eevket Demirel&#39;le ilgili malzeme bile buldum. 4 klas\u00f6r dolusu gazete kup\u00fcrleri aras\u0131ndan a\u015fa\u011f\u0131daki se\u00ad\u00e7imi yapmakta \u00e7ok zorland\u0131m. Dikkat ederseniz S\u00fcleyman Demirel, ailesiyle ilgili yolsuzluk ve kay\u0131rma olay\u00adlar\u0131nda, ya Ba\u015fbakand\u0131r ya da Cumhurba\u015fkan\u0131d\u0131r. Kredile\u00adrin verildi\u011fi bankalar da hep kamu bankalar\u0131d\u0131r&#8230; Demi\u00adrel ar\u015fivimde kay\u0131nbirader Ali \u015eener ile banka bat\u0131ran 2 manevi o\u011ful Cavit \u00c7a\u011flar ve Kamuran \u00c7\u00f6rt\u00fck de yer al\u0131yor. S\u00fcleyman Demirel, hen\u00fcz 4 y\u0131ll\u0131k ba\u015fbakanken Hayat Mecmuas\u0131&#39;nda yer alan bir r\u00f6portajda, &quot;Bizim ailede ayr\u0131 gayr\u0131 yoktur. \u00dc\u00e7 karde\u015fiz. Hac\u0131 Ali, \u015eevket ve ben. \u00dc\u00e7\u00fcm\u00fcz\u00fcn kazand\u0131\u011f\u0131 ortakt\u0131r. Hepsi bir \u00e7anak\u00adta toplan\u0131r. Herkes ihtiyac\u0131na g\u00f6re \u00e7anaktan al\u0131r,&quot; de\u00admi\u015fti. Buyrun ar\u015fivin sayfalar\u0131 aras\u0131nda k\u00fc\u00e7\u00fck bir ge\u00adzintiye&#8230; <\/p>\n<p> <strong>SEKA&#39;da \u015eehzade Skandal\u0131:<\/strong> Ba\u015fbakan&#39;\u0131n ye\u011feni Murat Demirel, SEKA \u00fcr\u00fcnlerine zam gelmeden bir g\u00fcn \u00f6nce 2 milyar tutar\u0131nda duralit ald\u0131.<a name=\"_ftnref2\" href=\"#_ftn2\" title=\"_ftnref2\">[2]<\/a> <\/p>\n<p> <strong>Say\u0131n Ba\u015fbakan..Bu Olaya El Koyun<\/strong>: Ye\u011feni\u00adniz Yahya, yabanc\u0131 bankalardan ald\u0131\u011f\u0131 20 milyon dola\u00adr\u0131 \u00f6demedi. Bu borcu devlet bankas\u0131 \u015eekerbank \u00f6d\u00fc\u00adyor. Ye\u011feniniz ekime kadar bulunamazsa a\u00e7\u0131lan da\u00adva d\u00fc\u015fecek ve bu para devletin s\u0131rt\u0131na kalacak.<a name=\"_ftnref3\" href=\"#_ftn3\" title=\"_ftnref3\">[3]<\/a> <\/p>\n<p> <strong>Devlet Bankalar\u0131 Yahya&#39;ya \u00c7al\u0131\u015f\u0131yor<\/strong>: Dev\u00adlet bankas\u0131 S\u00fcmerbank, \u015eekerbank&#39;\u0131 doland\u0131rmaktan san\u0131k olarak aranan Yahya Demirel&#39;in K\u0131br\u0131s&#39;taki ban\u00adkas\u0131na mevduat hesab\u0131 a\u00e7t\u0131. S\u00fcmerbank Genel M\u00fcd\u00fcr\u00fc Do\u011fan \u00c7elik olay\u0131 do\u011frulad\u0131.<a name=\"_ftnref4\" href=\"#_ftn4\" title=\"_ftnref4\">[4]<\/a>  <\/p>\n<p> <strong>Hazineden Demirellere Trilyonluk Te\u015fvik<\/strong> <\/p>\n<p> Hazine, \u015eevket Demirel&#39;in \u015firketlerine te\u015fvik \u00fcst\u00fc\u00adne te\u015fvik veriyor. Orman \u00fcr\u00fcnleri \u015firketine yat\u0131r\u0131m i\u00e7in, pazarlama \u015firketine de ihracat i\u00e7in te\u015fvik alan Demireller&#39;in, liman i\u015fletmek i\u00e7in kurduklar\u0131 Demport da 1.9 trilyon liral\u0131k te\u015fvik sa\u011flad\u0131.<a name=\"_ftnref5\" href=\"#_ftn5\" title=\"_ftnref5\">[5]<\/a>  <\/p>\n<p> \u0130\u015fte buna sivri zeka denir. T\u00fcrklere aptal diyen enayidir. <\/p>\n<p> <strong>Zeki Atat\u00fcrk ve \u0130mam Hatip okullar\u0131!<\/strong> <\/p>\n<p> \u0130mam-Hatip Liselerin \u00e7ekirde\u011fini olu\u015fturan okullardan Daru&#39;l-Hilafe&#39;yi ziyaret eden Mustafa Ke\u00admal Atat\u00fcrk, &quot;Memnuniyetle g\u00f6r\u00fcyorum ki e\u011fitim ve \u00f6\u011fretim cidden din\u00ee hakikat i\u00e7erisindedir. \u0130n\u015fallah aran\u0131zdan Farabiler,\u00a0 \u0130bn-i Sinalar \u00e7\u0131kacak&quot; demi\u015fti, <\/p>\n<p> T\u00fcrkiye B\u00fcy\u00fck Millet Meclisi Birinci \u0130cra Vekille\u00adri Heyeti&#39;nce haz\u0131rlanan ve Ba\u015fbakan Mare\u015fal Fevzi \u00c7akmak ile TBBM Reisi Mustafa Kemal&#39;in imzas\u0131n\u0131 ta\u015f\u0131yan Medaris-i \u0130lmiyye Nizamnamesinin en \u00f6nemli, yan\u0131, okullar\u0131n m\u00fcfredat prog\u00adramlar\u0131n\u0131 dini ve m\u00fcspet bilimlerin kayna\u015ft\u0131\u011f\u0131 bir \u015fekilde d\u00fczenlemesiydi. Yani, m\u00fcfredatlar\u0131, bu\u00adg\u00fcnk\u00fc \u0130mam Hatip Liselerinde okutulan m\u00fcfredat \u015feklinde d\u00fczenlenmi\u015fti. <\/p>\n<p> Tarihi belgeler g\u00fcn y\u00fcz\u00fcne \u00e7\u0131kt\u0131k\u00e7a, Cumhuriyetin kurulu\u015f g\u00fcnlerinde, k\u0131yafet ve dini e\u011fitimle ilgili uygulamalar\u0131n, bug\u00fcnk\u00fc laik\u00e7ilerin ortaya att\u0131\u011f\u0131 id\u00addialar\u0131n tamam\u0131n\u0131n fos \u00e7\u0131kt\u0131\u011f\u0131 g\u00f6r\u00fcl\u00fcyor&#8230; <\/p>\n<p> <strong>Teoman Koman&#39;\u0131n Tuza\u011f\u0131! <\/strong> <\/p>\n<p> I\u015f\u0131klar&#39;a ilk mescidi Koman Pa\u015fa \u00e2\u00e7m\u0131\u015f.. Niye mi? <\/p>\n<p> Emekli Yarbay Kocao\u011flu, I\u015f\u0131klar&#39;a ilk mescidi 28 \u015eubat&#39;in \u00fcnl\u00fc ismi emekli Org. Teoman Koman&#39;\u0131n niye a\u00e7t\u0131\u011f\u0131n\u0131 anlat\u0131yor: &quot;I\u015f\u0131klar&#39;da okul komutan\u0131 S\u00fcleyman G\u00fclc\u00fc bir g\u00fcn beni \u00e7a\u011f\u0131rd\u0131. &quot;Sami, baz\u0131 \u00f6\u011frenciler okulun koridorlar\u0131nda namaz k\u0131l\u0131yor, onlar\u0131 cezaland\u0131raca\u011f\u0131z.&quot; dedi. Ben de, &#39;&#39;Komutan\u0131m bunlara namaz k\u0131lmay\u0131 benim \u00f6\u011fretti\u011fimi zannetmeyin. Ailelerinden ald\u0131\u011f\u0131 terbiye ile namaz k\u0131l\u0131yorlar.&#39; dedim. <\/p>\n<p> Daha sonra Teoman Koman okul komutan\u0131 oldu. Beni okula \u00e7a\u011f\u0131rd\u0131. Okulda \u00f6\u011frencilerin ve \u00e7al\u0131\u015fanlar\u0131n namaz k\u0131lmalar\u0131 i\u00e7in yer a\u00e7m\u0131\u015f. Nas\u0131l buldun?&#39; dedi. &#39;Valla komutan\u0131m sevinilecek bir olay.&#39; dedim. Sonra ayn\u0131 Koman Pa\u015fa, bana irticac\u0131 diye su\u00e7lanan \u00f6\u011frencilerin dosyalar\u0131n\u0131 g\u00f6sterdi.&quot;\u00a0\u00a0\u00a0\u00a0\u00a0\u00a0\u00a0\u00a0  <\/p>\n<p> Yani namaz k\u0131lanlar\u0131 tespit etmek ve fi\u015feklemek i\u00e7in mescidi bir tuzak olarak kullanm\u0131\u015f!..  <\/p>\n<p> <strong>Erbakan ger\u00e7e\u011fi:<\/strong> <\/p>\n<p> <strong>Erbakan D-8 ve D\u00fcnya \u0130\u00e7in Rahmettir<\/strong> <\/p>\n<p> D &#8211; 8 kurulu\u015f y\u0131ld\u00f6n\u00fcm\u00fc de\u011ferlendirme toplant\u0131s\u0131nda \u0130ran El\u00e7ilik M\u00fcste\u015far\u0131 Misar \u0130zadi, &quot;Bu toplu\u00adluk Erbakan&#39;\u0131n ki\u015fili\u011finde bir araya gelmi\u015ftir. Erbakan&#39;\u0131n ki\u015fili\u011fi D-8 i\u00e7in bir rahmettir&quot; dedi.  <\/p>\n<p> <strong>Aytun\u00e7 Alt\u0131ndal&#39;\u0131n \u0130tiraf\u0131<\/strong> <\/p>\n<p> 8.06.2005 tarihli ESAM Konferans\u0131nda Aytun\u00e7 Alt\u0131ndal: &quot;Mill\u00ee G\u00f6r\u00fc\u015f iktidar\u0131nda D-8&#39;ler projesi ger\u00e7ekle\u015ftirildi. Tam yerine otururken b\u00fcy\u00fck tepki \u00e7ekti. ABD&#39;de bulundu\u011fum bir d\u00f6nemde MOSSAD ve CIA&#39;n\u0131n ortak toplant\u0131s\u0131na kat\u0131lan bir ki\u015fi &quot;Bu siyasi hareketin ba\u015f\u0131nda Erbakan olmasa idi biz bunlar\u0131 havada g\u00f6t\u00fcr\u00fcr\u00fcz&quot; demi\u015fti. <\/p>\n<p> 11 Eyl\u00fcl 2005 Star gazetesinde; <\/p>\n<p> Diyarbak\u0131r Belediye Ba\u015fkan\u0131 Osman Aydemir&#39;in Strazbourg&#39;ta: <\/p>\n<p> &quot;PKK&#39;n\u0131n T\u00fcrk Silahl\u0131 Kuvvetleriyle ayn\u0131 anda silah b\u0131rakmas\u0131 gerekiyor&#8230;&quot; \u015ea\u015fk\u0131n ve \u015f\u0131mar\u0131k s\u00f6zlerini bahane ederek, Erbakan Hoca&#39;ya sata\u015fan Hadi \u00d6z\u0131\u015f\u0131k gibi edep ve ak\u0131l yoksunlar\u0131 hala bu ger\u00e7eklerden habersizdi&#8230; <\/p>\n<p> <strong>\u0130srail&#39;de Panik Havas\u0131! <\/strong> <\/p>\n<p> <strong>Deniz alt\u0131nda duvar \u00f6r\u00fcyor<\/strong> <\/p>\n<p> \u0130srail, Filistinlilerin s\u0131zmas\u0131n\u0131 \u00f6nlemek i\u00e7in Gazze sahilinde sualt\u0131 seti in\u015fa ediyor. Bir k\u0131sm\u0131 beton duvar, bir k\u0131sm\u0131 da y\u00fczen bariyer \u015feklindeki setin, \u0130srail&#39;in Gazze \u015eeridi&#39;nin kuzeyiyle olan s\u0131n\u0131r\u0131ndan itibaren 950 metre boyunca Akdeniz&#39;e uzanaca\u011f\u0131 belirtildi. Jerusalem Post gazetesi, setin yap\u0131lmas\u0131ndaki amac\u0131n, \u0130srail Gazze&#39;den \u00e7ekildikten sonra, Gazze&#39;de konu\u015flanm\u0131\u015f militanlar\u0131n, deniz yoluyla \u0130srail&#39;e sald\u0131rmas\u0131n\u0131 engellemek oldu\u011fu ifade edildi. Setin ilk 150 metresinin, deniz yata\u011f\u0131na g\u00f6m\u00fclm\u00fc\u015f beton direkler \u015feklinde, geri kalan 800 metresinin ise denize 1.8 metre batm\u0131\u015f &quot;y\u00fczen bariyer&quot; \u015feklinde olaca\u011f\u0131 kaydedildi. <\/p>\n<p> <\/p>\n<hr \/>\n<p> <a name=\"_ftn1\" href=\"#_ftnref1\" title=\"_ftn1\">[1]<\/a> H\u00fcrriyet \/ 26 07 2005 \/ Oktay Ek\u015fi <\/p>\n<p> <a name=\"_ftn2\" href=\"#_ftnref2\" title=\"_ftn2\">[2]<\/a> Milliyet \/ 18 01 1993 <\/p>\n<p> <a name=\"_ftn3\" href=\"#_ftnref3\" title=\"_ftn3\">[3]<\/a> H\u00fcrriyet \/ 03 03 1993 <\/p>\n<p> <a name=\"_ftn4\" href=\"#_ftnref4\" title=\"_ftn4\">[4]<\/a> H\u00fcrriyet \/15 03 1993  <\/p>\n<p> <a name=\"_ftn5\" href=\"#_ftnref5\" title=\"_ftn5\">[5]<\/a> Milliyet \/ 02 081994 <\/p>\n","protected":false},"excerpt":{"rendered":"<p>\u00a0  <\/p>\n<p> Avrupal\u0131lar T\u00fcrklerin zeka seviyesinin d\u00fc\u015f\u00fck oldu\u011funu s\u00f6yleyip sa\u00e7mal\u0131yorlar.  <\/p>\n<p> Oysa birle\u015fmi\u015f milletler te\u015fkilat\u0131n\u0131n 10 Aral\u0131k 1948 tarihli &quot;insan haklar\u0131 evrensel bildirgesi&quot; ni kaleme alan da bat\u0131 \u00fclkeleridir; &quot;herkes; \u0131rk, renk, cinsiyet, dil, din&#8230; Ulusal veya toplumsal k\u00f6ken&#8230; Gibi herhangi bir ayr\u0131m g\u00f6zetilmeksizin&quot; t\u00fcm insanlar e\u015fittir diyen de&#8230; <\/p>\n<p> \u00dcstelik o bildirgeyi hayata ge\u00e7irmeyi ama\u00e7layan Avrupa insan haklar\u0131 s\u00f6zle\u015fmesini yapan ve uygulayan da kendileridir.  <\/p>\n","protected":false},"author":30,"featured_media":0,"comment_status":"open","ping_status":"closed","sticky":false,"template":"","format":"standard","meta":{"footnotes":""},"categories":[43],"tags":[],"class_list":["post-352","post","type-post","status-publish","format-standard","hentry","category-ekim-2005"],"_links":{"self":[{"href":"https:\/\/www.millicozum.com\/mc\/wp-json\/wp\/v2\/posts\/352","targetHints":{"allow":["GET"]}}],"collection":[{"href":"https:\/\/www.millicozum.com\/mc\/wp-json\/wp\/v2\/posts"}],"about":[{"href":"https:\/\/www.millicozum.com\/mc\/wp-json\/wp\/v2\/types\/post"}],"author":[{"embeddable":true,"href":"https:\/\/www.millicozum.com\/mc\/wp-json\/wp\/v2\/users\/30"}],"replies":[{"embeddable":true,"href":"https:\/\/www.millicozum.com\/mc\/wp-json\/wp\/v2\/comments?post=352"}],"version-history":[{"count":0,"href":"https:\/\/www.millicozum.com\/mc\/wp-json\/wp\/v2\/posts\/352\/revisions"}],"wp:attachment":[{"href":"https:\/\/www.millicozum.com\/mc\/wp-json\/wp\/v2\/media?parent=352"}],"wp:term":[{"taxonomy":"category","embeddable":true,"href":"https:\/\/www.millicozum.com\/mc\/wp-json\/wp\/v2\/categories?post=352"},{"taxonomy":"post_tag","embeddable":true,"href":"https:\/\/www.millicozum.com\/mc\/wp-json\/wp\/v2\/tags?post=352"}],"curies":[{"name":"wp","href":"https:\/\/api.w.org\/{rel}","templated":true}]}}