{"id":3545,"date":"2015-11-28T13:25:42","date_gmt":"2015-11-28T13:25:42","guid":{"rendered":"https:\/\/www.millicozum.com\/mc\/2015\/11\/28\/antalya-g-20-zirvasi-kivanc-mi-utanc-mi\/"},"modified":"2015-11-28T13:25:42","modified_gmt":"2015-11-28T13:25:42","slug":"antalya-g-20-zirvasi-kivanc-mi-utanc-mi","status":"publish","type":"post","link":"https:\/\/www.millicozum.com\/mc\/ozel-yazilar\/antalya-g-20-zirvasi-kivanc-mi-utanc-mi\/","title":{"rendered":"ANTALYA G-20 ZIRVASI, KIVAN\u00c7 MI UTAN\u00c7 MI?"},"content":{"rendered":"\n<p style=\"margin-bottom: 0.0001pt; text-align: justify; text-indent: 1cm; line-height: 16pt;\"><strong><span style=\"font-size: 12pt; font-family: 'Arial','sans-serif';\"> Konunun uzman\u0131 ve tarafs\u0131z stratejistler ve duyarl\u0131 analizciler; Paris&rsquo;te y&uuml;zlerce masum insan\u0131n katledilmesiyle sonu&ccedil;lanan korkun&ccedil; ter&ouml;r sald\u0131r\u0131lar\u0131n\u0131 I\u015e\u0130D gibi y&ouml;resel ve ilkel bir &ouml;rg&uuml;t&uuml;n asla ba\u015faramayaca\u011f\u0131n\u0131 s&ouml;yl&uuml;yordu. Fransa gibi en g&uuml;&ccedil;l&uuml; ve geli\u015fmi\u015f istihbarat birimlerine sahip bir &uuml;lkede ve Paris gibi en s\u0131k\u0131 koruma tedbirlerinin al\u0131nd\u0131\u011f\u0131 bir metropolde; ayn\u0131 anda ve \u015fehrin de\u011fi\u015fik b&ouml;lgelerinde ba\u015flat\u0131lan, y&uuml;zlerce insan\u0131n &ouml;l&uuml;m&uuml;ne ve yaralanmas\u0131na yol a&ccedil;an sald\u0131r\u0131lar\u0131n ancak k&uuml;resel bir g&uuml;&ccedil; taraf\u0131ndan ger&ccedil;ekle\u015ftirilebilece\u011fi &uuml;zerinde duruluyordu. Yani I\u015e\u0130D k&uuml;resel bir merkezin ta\u015feronuydu. Bu \u015feytani merkezin Fransa istihbarat\u0131 ve emniyet te\u015fkilat\u0131 i&ccedil;inde de adamlar\u0131 ve ba\u011flant\u0131lar\u0131 bulunmas\u0131, I\u015e\u0130D ter&ouml;ristlerine imk&acirc;n ve f\u0131rsat sa\u011flanmas\u0131 gerekiyordu. Yoksa d\u0131\u015far\u0131dan telefonla talimat alm\u0131\u015f birka&ccedil; I\u015e\u0130D&rsquo;ci ki\u015finin veya h&uuml;crenin kendi ba\u015flar\u0131na ve &ouml;zel ba\u015far\u0131lar\u0131yla b&ouml;ylesine organizeli ve tahrip&ccedil;i bir bask\u0131n\u0131 d&uuml;zenlemeleri imk&acirc;ns\u0131z g&ouml;r&uuml;l&uuml;yordu. Bu sald\u0131r\u0131lar\u0131n, NATO&rsquo;yu, Avrupa&rsquo;y\u0131 ve T&uuml;rkiye&rsquo;yi dahil t&uuml;m ortaklar\u0131n\u0131, I\u015e\u0130D bahanesiyle Suriye ve Ortado\u011fu&rsquo;ya y&ouml;nelik bir operasyona raz\u0131 k\u0131lma ve kamuoyu olu\u015fturma amac\u0131 ta\u015f\u0131d\u0131\u011f\u0131 s\u0131r\u0131t\u0131yordu. <\/span><\/strong><\/p>\n<p style=\"margin-bottom: 0.0001pt; text-align: justify; text-indent: 1cm; line-height: 16pt;\"><strong><span style=\"font-size: 12pt; font-family: 'Arial','sans-serif';\">Niye I\u015e\u0130D, bu canl\u0131 bombalar\u0131 hep T&uuml;rkiye&#8217;nin ba\u015fkentinde ve Paris&rsquo;te vah\u015fice patlat\u0131rd\u0131 ve b&ouml;yle masum ve savunmas\u0131z insanlar\u0131 hedef al\u0131rd\u0131 da, neden hemen yan\u0131 ba\u015f\u0131ndaki \u0130srail&rsquo;e, &ouml;rne\u011fin Telaviv&rsquo;deki bir askeri birli\u011fe hi&ccedil; u\u011framazlard\u0131? Ve yine soral\u0131m; neden Ankara&rsquo;daki vah\u015fet ve cinayetler sadece beylik ve g&ouml;stermelik k\u0131nama mesajlar\u0131yla ge&ccedil;i\u015ftirilirken, Paris&rsquo;teki patlamalar t&uuml;m Ha&ccedil;l\u0131 Bat\u0131 &uuml;lkelerini ve ba\u015fkentlerini yasa bo\u011far ve intikam dayan\u0131\u015fmas\u0131 &ccedil;\u0131\u011fl\u0131klar\u0131 at\u0131l\u0131rd\u0131? Ve tabi bu soysuz ve sorumsuz &ccedil;a\u011fr\u0131lar\u0131n \u0130slam&rsquo;a ve M&uuml;sl&uuml;manlara kar\u015f\u0131 yap\u0131ld\u0131\u011f\u0131n\u0131 hat\u0131rlatmaya gerek var m\u0131yd\u0131?<\/span><\/strong><\/p>\n<p style=\"margin-bottom: 0.0001pt; text-align: justify; text-indent: 1cm; line-height: 16pt;\"><span style=\"font-size: 14pt;\"><strong><span style=\"font-family: 'Arial','sans-serif';\">I\u015e\u0130D&#8217;li kad\u0131n ve &ccedil;ocuklar\u0131 &ouml;ld&uuml;rme &ccedil;a\u011fr\u0131s\u0131!<\/span><\/strong><\/span><\/p>\n<p style=\"margin-bottom: 0.0001pt; text-align: justify; text-indent: 1cm; line-height: 16pt;\"><span style=\"font-size: 12pt; font-family: 'Arial','sans-serif';\">Paris sald\u0131r\u0131s\u0131 sonras\u0131 Danimarka parlamentosundan gelen bir a&ccedil;\u0131klama Ha&ccedil;l\u0131 Bat\u0131&rsquo;n\u0131n ahlak ayar\u0131n\u0131 yans\u0131tmaktayd\u0131. Danimarkal\u0131 milletvekili Soren Espersen, <strong>&#8216;I\u015e\u0130D&#8217;li kad\u0131n ve &ccedil;ocuklar\u0131 da &ouml;ld&uuml;relim&#8217;<\/strong> ifadesini kullanm\u0131\u015ft\u0131. Konu hakk\u0131nda a&ccedil;\u0131klama yapan Danimarka Halk Partisi milletvekili <strong>Soren Espersen<\/strong>, militanlara y&ouml;nelik daha fazla hava sald\u0131r\u0131s\u0131 &ccedil;a\u011fr\u0131s\u0131nda bulunarak: <strong>&#8220;Art\u0131k I\u015e\u0130D&#8217;i vurmal\u0131y\u0131z. Kad\u0131n ve &ccedil;ocuklar\u0131n arkalar\u0131na saklan\u0131yorlar ve bizim centilmen oldu\u011fumuzu bildikleri i&ccedil;in &ouml;yle hareket ediyorlar. Bundan sonra kad\u0131n &ccedil;oluk &ccedil;ocuk demeden hepsini beraber bombalayal\u0131m, nas\u0131l olsa o kad\u0131nlar da sistemin i&ccedil;indedir, yoksa bu sava\u015f bitmez&#8221; <\/strong>a&ccedil;\u0131klamas\u0131n\u0131 yapm\u0131\u015ft\u0131. <strong>&Uuml;stelik Frans\u0131z sava\u015f u&ccedil;aklar\u0131 Suriye&rsquo;de bu katliam\u0131 &ccedil;oktan ba\u015flatm\u0131\u015ft\u0131.<\/strong><\/span><\/p>\n<p style=\"margin-bottom: 0.0001pt; text-align: justify; text-indent: 1cm; line-height: 16pt;\"><strong><span style=\"font-size: 12pt; font-family: 'Arial','sans-serif';\"><span style=\"font-size: 14pt;\">I\u015e\u0130D bahanesiyle Ortado\u011fu&rsquo;ya ve BOP ba\u011flam\u0131nda topyek&ucirc;n bir sald\u0131r\u0131ya mazeret ve me\u015fruiyet mi haz\u0131rlan\u0131yordu?<\/span> <\/span><\/strong><\/p>\n<p style=\"margin-bottom: 0.0001pt; text-align: justify; text-indent: 1cm; line-height: 16pt;\"><span style=\"font-size: 12pt; font-family: 'Arial','sans-serif';\">Paris sald\u0131r\u0131s\u0131n\u0131n ard\u0131ndan, Cumhurba\u015fkan\u0131 Recep Tayyip Erdo\u011fan&#8217;\u0131n 3 g&uuml;n &ouml;nce yapt\u0131\u011f\u0131 a&ccedil;\u0131klamas\u0131nda, ter&ouml;r konusunda <strong><em>&#8216;Bu ate\u015f, &ouml;n&uuml;nde sonunda t&uuml;m d&uuml;nyaya s\u0131&ccedil;rar&#8217;<\/em><\/strong> ifadesi konu\u015fuluyordu! Fransa&rsquo;n\u0131n ba\u015fkenti Paris&#8217;te ger&ccedil;ekle\u015fen ve y&uuml;zlerce insan &ouml;ld&uuml;r&uuml;len kanl\u0131 katliamdan 3 g&uuml;n &ouml;nce Cumhurba\u015fkan\u0131 Recep Tayyip Erdo\u011fan, <strong><em>&#8220;Ter&ouml;r kar\u015f\u0131s\u0131nda ilkesel bir duru\u015f sergilenmemesi halinde bu ate\u015f &ouml;n&uuml;nde sonunda t&uuml;m d&uuml;nyaya s\u0131&ccedil;rayacakt\u0131r. Bug&uuml;n kendi s\u0131n\u0131rlar\u0131 i&ccedil;inde g&uuml;ven ve refah i&ccedil;inde oldu\u011funu sanan &uuml;lkeler yar\u0131n ter&ouml;r ate\u015fini iliklerine kadar hissetmekten kurtulamayacakt\u0131r&#8221;<\/em><\/strong> diye uyar\u0131da bulunmu\u015ftu. Acaba Sn. Erdo\u011fan&rsquo;\u0131n kehaneti mi tutmu\u015ftu, yoksa daha &ouml;nce haz\u0131rlanan <strong><em>&ldquo;BOP ba\u011flam\u0131nda Ortado\u011fu&rsquo;da B&uuml;y&uuml;k K&uuml;rdistan&rsquo;\u0131n Suriye aya\u011f\u0131n\u0131 olu\u015fturma&rdquo; <\/em><\/strong>senaryolar\u0131n\u0131n ayr\u0131nt\u0131lar\u0131 m\u0131 kula\u011f\u0131na f\u0131s\u0131ldan\u0131yordu? <strong>Sn. Erdo\u011fan&rsquo;\u0131n<\/strong> ve Ba\u015fbakan&rsquo;\u0131n: <strong><em>&ldquo;PYD&rsquo;nin F\u0131rat&rsquo;\u0131n bat\u0131s\u0131na ge&ccedil;mesine izin vermeyiz!&rdquo;<\/em><\/strong> &ccedil;\u0131k\u0131\u015flar\u0131 <strong><em>&ldquo;F\u0131rat&rsquo;\u0131n do\u011fusunda kurduklar\u0131 h&acirc;kimiyet alanlar\u0131na ise r\u0131za g&ouml;steririz&rdquo;<\/em><\/strong> anlam\u0131 m\u0131 ta\u015f\u0131yordu?<\/span><\/p>\n<p style=\"margin-bottom: 0.0001pt; text-align: justify; text-indent: 1cm; line-height: 16pt;\"><strong><span style=\"font-size: 12pt; font-family: 'Arial','sans-serif';\">Bu olaydan bir g&uuml;n &ouml;nce ajanslar \u015eengal&rsquo;in (Sincar) d&uuml;\u015ft&uuml;\u011f&uuml;n&uuml; bildiriyordu. Pe\u015fmerge birliklerinin Ezidilerin merkezini I\u015e\u0130D&rsquo;den temizledi\u011fi haberinin ard\u0131ndan, Mesut Barzani&rsquo;nin zafer konu\u015fmas\u0131 yay\u0131nlan\u0131yor <em>&ldquo;K&uuml;rtler, kaybolan itibarlar\u0131n\u0131 geri kazand\u0131&rdquo;<\/em> yorumlar\u0131 yap\u0131l\u0131yordu. Suriye&rsquo;de &ldquo;\u0130slam Devleti&rdquo; ba\u015fkenti olarak i\u015flev g&ouml;ren Rakka ile I\u015e\u0130D&rsquo;in bug&uuml;ne dek en b&uuml;y&uuml;k ba\u015far\u0131s\u0131 olan Musul aras\u0131nda do\u011frudan bir irtibat sa\u011flanabilmi\u015f ve &ldquo;\u0130slam Devleti&rdquo; topraklar\u0131, daha sonra Irak&rsquo;\u0131n el-Anbar vilayetinin merkezi olan Ramadi&rsquo;nin ele ge&ccedil;irilmesiyle B&uuml;y&uuml;k Britanya&rsquo;dan b&uuml;y&uuml;k bir alana h&uuml;kmeder olmu\u015ftu. Amerikan hava deste\u011fi olmadan I\u015e\u0130D&#8217;e kar\u015f\u0131 sava\u015fmak ve sonu&ccedil; almak m&uuml;mk&uuml;n g&ouml;r&uuml;lm&uuml;yordu. Ve ortamda K&uuml;rtler olmadan I\u015e\u0130D&#8217;e kar\u015f\u0131 &#8220;kara sava\u015f\u0131&#8221;nda ba\u015far\u0131 sa\u011flamak da zor say\u0131l\u0131yordu. Ve tabi Amerikan e\u015fg&uuml;d&uuml;m&uuml; olmadan, K&uuml;rtlerin de, I\u015e\u0130D&rsquo;le m&uuml;cadelesinde somut netice almas\u0131 beklenmiyordu. I\u015e\u0130D&rsquo;e kar\u015f\u0131 m&uuml;cadelede, Washington&rsquo;un g&ouml;z&uuml;nden bak\u0131ld\u0131\u011f\u0131nda, Irak sahas\u0131, Suriye sahas\u0131ndan &ldquo;daha &ouml;n pl&acirc;nda&rdquo; g&ouml;r&uuml;n&uuml;yordu. Suriye&rsquo;de I\u015e\u0130D&rsquo;e kar\u015f\u0131 askeri faaliyetin Haseke&rsquo;nin g&uuml;neyinde cereyan etti\u011fi dikkati &ccedil;ekiyor ve Amerikan hava bombard\u0131man\u0131 orada yo\u011funla\u015f\u0131yordu. YPG ve baz\u0131 Arap a\u015firetlerinden toplanan ve Amerikan deste\u011findeki silahl\u0131 unsurlar, o b&ouml;lgede yo\u011funla\u015f\u0131yordu. S&ouml;z konusu b&ouml;lge, bir yandan I\u015e\u0130D&rsquo;in Suriye petrol havzalar\u0131 &uuml;zerindeki h&acirc;kimiyetini k\u0131rmay\u0131 hedeflerken, bir yandan da Rakka-Musul ba\u011flant\u0131s\u0131n\u0131 toptan kopartmay\u0131 ve Rakka-El Anbar (Ramadi) ba\u011flant\u0131s\u0131n\u0131 kesmeyi &ouml;ng&ouml;r&uuml;yordu. Bu durumda, T&uuml;rkiye&rsquo;nin Antalya&rsquo;da Obama&rsquo;ya bast\u0131raca\u011f\u0131 san\u0131lan Kilis-Halep aras\u0131ndaki alanda &ldquo;ter&ouml;rden temizlenmi\u015f b&ouml;lge&rdquo; o (G&uuml;venli B&ouml;lge) &ldquo;u&ccedil;u\u015fa yasak b&ouml;lge&rdquo;nin Washington bak\u0131m\u0131ndan ciddiye al\u0131nmad\u0131\u011f\u0131 anla\u015f\u0131l\u0131yordu. Zaten, Obama&rsquo;n\u0131n &ldquo;Koalisyon &Ouml;zel Temsilcisi&rdquo; General (Em.) John Allen, &ndash;g&ouml;revinin son g&uuml;n&uuml;- (CNN International&rsquo;a) verdi\u011fi son deme&ccedil;te, &ldquo;G&uuml;venli B&ouml;lge ihtimali&rdquo;ni &ldquo;astar\u0131 y&uuml;z&uuml;nden pahal\u0131&rdquo; diyerek elinin tersiyle bir kenara itiyordu. Bu arada T&uuml;rkiye&rsquo;nin gerekirse Suriye&rsquo;ye &ldquo;karadan girmesi&rdquo; konusu s\u0131k s\u0131k g&uuml;ndeme ta\u015f\u0131n\u0131yordu. ABD, &ldquo;Biz de var\u0131z ve raz\u0131y\u0131z&rdquo; buyurmadan, yani Davuto\u011flu&rsquo;nun s&ouml;z&uuml;n&uuml; etti\u011fi &ldquo;entegre strateji&rdquo; olmadan, AKP T&uuml;rkiyesi&rsquo;nin, tek ba\u015f\u0131na girmesi pek olas\u0131 g&ouml;r&uuml;lm&uuml;yordu.<\/span><\/strong><\/p>\n<p style=\"margin-bottom: 0.0001pt; text-align: justify; text-indent: 1cm; line-height: 16pt;\"><strong><em><span style=\"font-size: 12pt; font-family: 'Arial','sans-serif';\">&ldquo;\u0130\u015fte bug&uuml;n Suriye &uuml;zerinden tam anlam\u0131yla bir b&ouml;lgesel planlama sava\u015f\u0131 ya\u015fanmaktad\u0131r. T&uuml;rkiye a&ccedil;\u0131s\u0131ndan PKK ne ise PYD de ayn\u0131d\u0131r. (ABD&rsquo;nin) s&ouml;zde PKK ile m&uuml;cadele edip PYD&#8217;yi I\u015e\u0130D&#8217;le m&uuml;cadele arac\u0131 g&ouml;rmesi tam bir siyasi sahtek&acirc;rl\u0131kt\u0131r. Hatta T&uuml;rkiye&#8217;nin gelece\u011fini vuracak en a\u011f\u0131r darbelerden birisi konumundad\u0131r. U&ccedil;u\u015fa yasak b&ouml;lge, m&uuml;lteciler i&ccedil;in g&uuml;venli &ldquo;s\u0131\u011f\u0131nma b&ouml;lgesi&#8221;, &ldquo;Kuzey Suriye Koridoru&#8221; projesi T&uuml;rkiye a&ccedil;\u0131s\u0131ndan tek dosyad\u0131r. PKK ile Kuzey Irak&#8217;a uzanan m&uuml;cadele y&uuml;r&uuml;t&uuml;l&uuml;rken PYD ihmal edilirse, yani Kuzey Suriye koridorunun olu\u015fmas\u0131na m&uuml;saade edilirse (AKP i&ccedil;in) tarihin en b&uuml;y&uuml;k siyasi k&ouml;rl&uuml;k &ouml;rneklerinden biri ya\u015fanacakt\u0131r. Son &uuml;&ccedil; y\u0131ld\u0131r i&ccedil;eride verilen m&uuml;cadele ile, T&uuml;rkiye&#8217;yi diz &ccedil;&ouml;kt&uuml;rmeye d&ouml;n&uuml;k &ccedil;okuluslu m&uuml;cadele ve b&ouml;lgedeki jeopolitik m&uuml;dahale aras\u0131nda hi&ccedil;bir fark yoktur. Asl\u0131nda hepsi bir b&uuml;y&uuml;k projenin par&ccedil;alar\u0131d\u0131r ve T&uuml;rkiye&#8217;yi hedef almaktad\u0131r&rdquo; <\/span><\/em><\/strong><strong><span style=\"font-size: 12pt; font-family: 'Arial','sans-serif';\">diyen Yeni \u015eafak Yazar\u0131 ve AKP yanda\u015f\u0131 \u0130brahim Karag&uuml;l derin endi\u015feleriyle beraber iktidar\u0131n pejm&uuml;rdeli\u011fini mi yans\u0131tmaktayd\u0131?<\/span><\/strong><\/p>\n<p style=\"margin-bottom: 0.0001pt; text-align: justify; text-indent: 1cm; line-height: 16pt;\"><strong><span style=\"font-size: 12pt; font-family: 'Arial','sans-serif';\">2006&#8217;dan bu yana &ldquo;k&uuml;resel ekonomik krizin siyasal travmalara, sosyal patlamalara, jeopolitik sars\u0131nt\u0131lara neden olaca\u011f\u0131&#8221; inanc\u0131n\u0131 payla\u015f\u0131yorum. G20 asl\u0131nda k&uuml;resel sistemin iflas\u0131na y&ouml;nelik ge&ccedil;ici bir &ccedil;&ouml;z&uuml;md&uuml;r. Birle\u015fmi\u015f Milletler&#8217;in formel &ouml;zelli\u011fi d\u0131\u015f\u0131nda anlams\u0131zla\u015fmas\u0131 &uuml;zerine, merkezi belirleyen g&uuml;&ccedil;ler, yak\u0131n &ccedil;evredekileri de aralar\u0131na al\u0131p yeni bir yap\u0131 olu\u015fturdu. Ad\u0131 G20 olsa da asl\u0131nda merkez yine merkez, yeni gelenler ise ikinci s\u0131n\u0131f kom\u015fular oldu. Bu yeni ortaklar onlar i&ccedil;in ya\u015fanan travman\u0131n siyasi ve sosyal sonu&ccedil;lar\u0131n\u0131 kendi &uuml;lkeleri d\u0131\u015f\u0131na &ccedil;\u0131karma, i&ccedil; sava\u015flar\u0131, etnik &ccedil;at\u0131\u015fmalar\u0131, sosyal patlamalar\u0131 kendi co\u011frafyalar\u0131n\u0131n &ccedil;ok &ouml;tesine ta\u015f\u0131ma kanallar\u0131yd\u0131. Avrupa ve ABD&#8217;deki sosyal huzursuzluklar bu \u015fekilde ertelenmeye &ccedil;al\u0131\u015f\u0131ld\u0131. Ancak Ortado\u011fu&#8217;da yeni &ccedil;at\u0131\u015fmalar &uuml;retildi, Arap Bahar\u0131 gibi toplumsal dalgalanmalar bizim co\u011frafyada denendi ve kitlesel reaksiyonun tansiyonu hesapland\u0131. Bu y&ouml;n&uuml;yle Arap Bahar\u0131, Bat\u0131 &uuml;lkelerinin ya da merkez ekonomilerin toplumsal kriz senaryolar\u0131 i&ccedil;in bir deneme alan\u0131yd\u0131. Asl\u0131nda 2009&#8217;dan bu yana b&uuml;t&uuml;n G20 zirveleri d&uuml;nya ekonomisinden &ccedil;ok k&uuml;resel g&uuml;&ccedil; haritas\u0131n\u0131n ne kadar k\u0131r\u0131lgan ve bu y&ouml;ndeki rekabetin ne kadar sert oldu\u011funu g&ouml;stermekten ba\u015fka bir i\u015fe yaramad\u0131. Yeni ekonomik ba\u015fkentler ve yeni siyasal bloklar aras\u0131ndaki &ccedil;at\u0131\u015fma d\u0131\u015f\u0131nda s&ouml;z konusu zirvelerden hi&ccedil;bir somut sonu&ccedil; al\u0131namad\u0131. Her zirvede biraz daha ayr\u0131\u015fma g&ouml;r&uuml;nt&uuml;s&uuml; ortaya &ccedil;\u0131kt\u0131. Antalya&#8217;daki zirve de Atlantik ile Asyal\u0131 g&uuml;&ccedil;ler aras\u0131ndaki derin &ccedil;atla\u011f\u0131n daha da geni\u015fledi\u011fine dair g&uuml;&ccedil;l&uuml; i\u015faretler bar\u0131nd\u0131rmaktayd\u0131. Atlantik merkezli k&uuml;resel sistem aray\u0131\u015f\u0131na kar\u015f\u0131 olanlar, krizden yeni bir d&uuml;nya haritas\u0131 ayarlama, Atlantik&#8217;in tart\u0131\u015fmas\u0131z h&acirc;kimiyet tezlerini bo\u015fa &ccedil;\u0131karma &ccedil;abas\u0131ndayd\u0131. Bu da &ccedil;at\u0131\u015fman\u0131n yayg\u0131nla\u015faca\u011f\u0131n\u0131 ve \u015fiddetini art\u0131raca\u011f\u0131n\u0131 g&ouml;steriyordu.<\/span><\/strong><\/p>\n<p style=\"margin-bottom: 0.0001pt; text-align: justify; text-indent: 1cm; line-height: 16pt;\"><span style=\"font-size: 14pt;\"><strong><span style=\"font-family: 'Arial','sans-serif';\">AKP, D-8&rsquo;i bo\u015flay\u0131p, G-20&rsquo;ye kuyruk oluyordu!<\/span><\/strong><\/span><\/p>\n<p style=\"margin-bottom: 0.0001pt; text-align: justify; text-indent: 1cm; line-height: 16pt;\"><strong><span style=\"font-size: 12pt; font-family: 'Arial','sans-serif';\">AKP T&uuml;rkiye&#8217;si, G20 Zirvesine ev sahipli\u011fi yap\u0131yor, d&uuml;nyan\u0131n s&ouml;m&uuml;r&uuml; baronlar\u0131 ve k&uuml;resel kapitalizmin (emperyalizmin) patronlar\u0131yla ayn\u0131 masaya oturman\u0131n \u015ferefini(!) ya\u015f\u0131yordu. &ldquo;&Uuml;mmetin umudu T&uuml;rkiye&rdquo; sloganlar\u0131 atanlar, bu katiller ve zalimlerle ayn\u0131 kareye girmeye nas\u0131l bir k\u0131l\u0131f uyduruyordu? diye soranlar ger&ccedil;eklere terc&uuml;man oluyordu. Ba\u015fbakan Davuto\u011flu <em>&ldquo;k&uuml;resel ekonomiye daha fazla entegre olaca\u011f\u0131z&rdquo;<\/em> diyor, bununla da kalm\u0131yor, G20&rsquo;nin sadece 20 &uuml;lkenin m&uuml;zakere etti\u011fi bir platform olarak kalmay\u0131p, <em>&ldquo;k&uuml;resel ekonomiye y&ouml;n veren bir platform&rdquo;<\/em> olmas\u0131 gerekti\u011fine dikkat &ccedil;ekiyordu. Davuto\u011flu ayr\u0131ca, &ldquo;Bug&uuml;n e\u011fer ileriye d&ouml;n&uuml;k olarak k&uuml;resel ekonomiyi planlayacaksak, biz k&uuml;resel ekonominin b&uuml;t&uuml;n unsurlar\u0131n\u0131 i\u015fin i&ccedil;erisine katmak durumunday\u0131z&rdquo; diyordu. Davuto\u011flu s&ouml;m&uuml;r&uuml;ye dayal\u0131 k&uuml;resel ekonomiye alternatif olmaktan de\u011fil, k&uuml;resel ekonomiyi planlamaktan bahsediyordu. T&uuml;rkiye&rsquo;nin bu k&uuml;resel sisteme &ldquo;entegre olma&rdquo; sevdas\u0131, &ouml;zellikle 1980&rsquo;deki 24 Ocak Kararlar\u0131yla ba\u015flat\u0131l\u0131yordu. Ekonomik olarak k&uuml;resel d&uuml;zene entegre edilmek istenen T&uuml;rkiye, ayn\u0131 sene 12 Eyl&uuml;l askeri darbesiyle siyasal olarak da k&uuml;resel d&uuml;zenin d&uuml;men suyuna sokulmaya &ccedil;al\u0131\u015f\u0131l\u0131yordu. Bu giri\u015fimleri tam ba\u015far\u0131l\u0131 olmayan merkezler ve i\u015fbirlik&ccedil;ileri Erbakan&rsquo;a kar\u015f\u0131 28 \u015eubat&rsquo;\u0131 tezg&acirc;hl\u0131yordu.<\/span><\/strong><\/p>\n<p style=\"margin-bottom: 0.0001pt; text-align: justify; text-indent: 1cm; line-height: 16pt;\"><strong><span style=\"font-size: 12pt; font-family: 'Arial','sans-serif';\">Bu bir s&uuml;re&ccedil;ti ve bug&uuml;n gelinen noktada, AKP T&uuml;rkiyesi, t&uuml;m kurumlar\u0131yla ve i\u015fbirlik&ccedil;i kafalar\u0131yla k&uuml;resel s&ouml;m&uuml;r&uuml; ve zul&uuml;m d&uuml;zenine kendisini haz\u0131r hissedebiliyordu. O derece haz\u0131r ki, G20&rsquo;nin k&uuml;resel kalantorlar\u0131ndan daha da hevesli bir \u015fekilde k&uuml;resel ekonomiyi planlamaktan bahsediyordu. Bu s&ouml;m&uuml;r&uuml; d&uuml;zenine son vermek &ccedil;oktan unutuluyordu. Siyasi ba\u011flamda, ba\u015fta &ldquo;stratejik orta\u011f\u0131m\u0131z&rdquo; ve pek sevgili(!) &ldquo;m&uuml;ttefikimiz&rdquo; ABD olmak &uuml;zere, k&uuml;resel sisteme ayk\u0131r\u0131 hi&ccedil;bir tezimiz ve duru\u015fumuz yoktu. G-20 Platformu, k&uuml;resel emperyalizmin (\u0131rk&ccedil;\u0131 Siyonizm&rsquo;in) T&uuml;rkiye gibi geli\u015fmekte olan &uuml;lkeleri bor&ccedil; batakl\u0131\u011f\u0131na s&uuml;r&uuml;kleyen D&uuml;nya Bankas\u0131 gibi kurulu\u015flar\u0131n\u0131n yap\u0131s\u0131n\u0131 olu\u015fturan Bretton Woods Sistemi&rsquo;nin bir uzant\u0131s\u0131 olarak \u015fekilleniyordu. Bu forum 2008&rsquo;de acil ekonomik krizler i&ccedil;in &lsquo;reg&uuml;lat&ouml;r&rsquo; bir s\u0131\u011f\u0131nma (enclave) olarak d&uuml;\u015f&uuml;n&uuml;lm&uuml;\u015fken, zamanla k&uuml;resel ba\u011flamda bir&ccedil;ok soruna el atmaya ba\u015flad\u0131\u011f\u0131 g&ouml;r&uuml;l&uuml;yordu. Suriye ve Irak&rsquo;ta kendi &ccedil;\u0131kar politikalar\u0131na g&ouml;re hareket eden ve &ccedil;&ouml;z&uuml;mden &ccedil;ok, &ccedil;&ouml;z&uuml;ms&uuml;zl&uuml;k politikalar\u0131n\u0131 benimseyen k&uuml;resel emperyalist g&uuml;&ccedil;lerin, G-20 &ccedil;&ouml;z&uuml;m odakl\u0131 birer g&uuml;&ccedil; olarak kar\u015f\u0131m\u0131za &ccedil;\u0131kmalar\u0131 dikkat &ccedil;ekiyordu Bu c&uuml;mleden hareketle, Suriye ve Irak&rsquo;ta yeni haritalar\u0131n dayat\u0131lmas\u0131 konusunda ABD ve Rusya&rsquo;n\u0131n Ortado\u011fu&rsquo;da olu\u015fturmaya &ccedil;al\u0131\u015ft\u0131klar\u0131 dengeleri ve dinamikleri hesaba katmak gerekiyordu.<\/span><\/strong><\/p>\n<p style=\"margin-bottom: 0.0001pt; text-align: justify; text-indent: 1cm; line-height: 16pt;\"><span style=\"font-size: 14pt;\"><strong><span style=\"font-family: 'Arial','sans-serif';\">Davuto\u011flu ABD&rsquo;nin bask\u0131s\u0131yla &Ccedil;in&rsquo;le f&uuml;ze ihalesini ask\u0131ya al\u0131yordu!<\/span><\/strong><\/span><\/p>\n<p style=\"margin-bottom: 0.0001pt; text-align: justify; text-indent: 1cm; line-height: 16pt;\"><strong><span style=\"font-size: 12pt; font-family: 'Arial','sans-serif';\">T&uuml;rkiye, d&ouml;rt milyar dolar b&uuml;t&ccedil;eli en b&uuml;y&uuml;k savunma ihalesinde iptal karar\u0131 alarak &Ccedil;in&rsquo;le f&uuml;ze ihalesi karar\u0131n\u0131 ask\u0131ya alm\u0131\u015ft\u0131. Ahmet Davuto\u011flu&rsquo;nun Antalya&rsquo;da G-20&rsquo;lere kat\u0131lmadan &ouml;nce bunu a&ccedil;\u0131klamas\u0131 <em>&ldquo;yoksa ABD ve \u0130ngiltere&rsquo;nin bask\u0131s\u0131yla m\u0131 bu karar al\u0131nd\u0131?&rdquo;<\/em> sorusunu g&uuml;ndeme ta\u015f\u0131m\u0131\u015ft\u0131. Gerek&ccedil;e ise, g&uuml;ya; milli f&uuml;ze &uuml;retim projesi ba\u015flat\u0131lacakt\u0131. Zirve&rsquo;den bir g&uuml;n sonra \u0130ngiltere Eski Ba\u015fbakan\u0131 Tony Blair yeni ihale i&ccedil;in mi Ankara&rsquo;ya u\u011fram\u0131\u015ft\u0131?<\/span><\/strong><\/p>\n<p style=\"margin-bottom: 0.0001pt; text-align: justify; text-indent: 1cm; line-height: 16pt;\"><span style=\"font-size: 12pt; font-family: 'Arial','sans-serif';\">Reuters&#8217;a bilgi veren Ba\u015fbakanl\u0131ktan bir kaynak, T&uuml;rkiye&#8217;nin, 2013 y\u0131l\u0131n\u0131n sonbahar\u0131nda &Ccedil;in ile s&ouml;zle\u015fme g&ouml;r&uuml;\u015fmelerine ba\u015flad\u0131\u011f\u0131 ilk uzun menzilli f&uuml;ze projesine y&ouml;nelik ihaleyi iptal etti\u011fini a&ccedil;\u0131klam\u0131\u015ft\u0131. H&uuml;rriyet&#8217;in yer verdi\u011fi habere g&ouml;re, Ba\u015fbakanl\u0131k kayna\u011f\u0131 konuya ili\u015fkin, <strong><em>&#8220;Bu ihalenin iptal edilmesi kararla\u015ft\u0131r\u0131ld\u0131. Buna ili\u015fkin karar\u0131 Ba\u015fbakan Ahmet Davuto\u011flu bu hafta i&ccedil;inde imzalad\u0131. \u0130halenin iptal edilmesindeki temel gerek&ccedil;e, T&uuml;rkiye&#8217;nin milli f&uuml;ze &uuml;retim projesini ba\u015flatacak olmas\u0131d\u0131r&#8221;<\/em><\/strong> bilgisini aktarm\u0131\u015ft\u0131. Oysa herkes biliyor ki T&uuml;rkiye&#8217;nin bu kritik projede &Ccedil;in ile m&uuml;zakerelere ba\u015flamas\u0131 &ouml;zellikle NATO ve ABD&#8217;nin tepkisine yol a&ccedil;m\u0131\u015ft\u0131. Hatta yanda\u015f yazar ve yorumcular ABD NATO&rsquo;nun aksine bize teknoloji transferi de sa\u011flayacak &Ccedil;\u0130N&rsquo;le b&ouml;yle bir anla\u015fma imzalayan AKP iktidar\u0131n\u0131 aylarca alk\u0131\u015flam\u0131\u015flard\u0131!? Asl\u0131nda <strong><em>&ldquo;Bu &Ccedil;in f&uuml;zelerinin NATO savunma radarlar\u0131na entegre edilemeyecek olmas\u0131, f&uuml;ze bataryalar\u0131n\u0131 sadece kuruldu\u011fu yeri savunabilecek lokal silahlar haline sokacakt\u0131. NATO &uuml;yesi bir &uuml;lke olarak NATO d\u0131\u015f\u0131 bir savunma sistemi al\u0131nacak olmas\u0131 bat\u0131n\u0131n yo\u011fun siyasi bask\u0131s\u0131na yol a&ccedil;acakt\u0131&rdquo;<\/em><\/strong> ifadeleri, AKP T&uuml;rkiyesi&rsquo;nin, Kendi milli &ccedil;\u0131karlar\u0131na ve savunma ihtiya&ccedil;lar\u0131na uygun bir projeden, Amerika ve Avrupa&rsquo;n\u0131n bask\u0131s\u0131yla vazge&ccedil;ti\u011fini a&ccedil;\u0131\u011fa vurmaktayd\u0131.<\/span><\/p>\n<p style=\"margin-bottom: 0.0001pt; text-align: justify; text-indent: 1cm; line-height: 16pt;\"><span style=\"font-size: 14pt;\"><strong><span style=\"font-family: 'Arial','sans-serif';\">AKP&rsquo;nin, Erbakan&rsquo;\u0131n kurdu\u011fu D-8&rsquo;den ka&ccedil;\u0131\u015f\u0131<\/span><\/strong><\/span><\/p>\n<p style=\"margin-bottom: 0.0001pt; text-align: justify; text-indent: 1cm; line-height: 16pt;\"><strong><span style=\"font-size: 12pt; font-family: 'Arial','sans-serif';\">G-20&rsquo;nin neden oldu\u011fu bug&uuml;nk&uuml; zul&uuml;m d&uuml;nyas\u0131 yerine ge&ccedil;ti\u011fimiz 2014 y\u0131l\u0131nda Yeni Adil Bir D&uuml;nya&rsquo;n\u0131n kap\u0131s\u0131 D-8 d&ouml;nem ba\u015fkanl\u0131\u011f\u0131n\u0131n T&uuml;rkiye&rsquo;ye ge&ccedil;ece\u011fi zaman, D-8 Genel Sekreteri Musavi, <em>&ldquo;D-8 tekrar, babas\u0131 T&uuml;rkiye&rsquo;ye geliyor ve T&uuml;rkiye&rsquo;nin \u015fefkatine ve sahiplenmesine ihtiyac\u0131 var. Sn. Ba\u015fbakan Erdo\u011fan&rsquo;\u0131n aktif bir d&ouml;nem ba\u015fkanl\u0131\u011f\u0131 ile D-8&rsquo;in hak etti\u011fi d&uuml;zeye gelece\u011fine inan\u0131yorum&rdquo;<\/em> a&ccedil;\u0131klamas\u0131n\u0131 yapm\u0131\u015ft\u0131. T&uuml;rkiye ise, M\u0131s\u0131r&rsquo;daki s\u0131k\u0131nt\u0131lar ve G-20 zirvesinden &ouml;t&uuml;r&uuml; D-8&rsquo;den adeta ka&ccedil;m\u0131\u015ft\u0131. \u015eimdiye kadar Cumhurba\u015fkan\u0131 ve Ba\u015fbakan d&uuml;zeyinde D-8 Zirvesi&rsquo;ne kat\u0131lm\u0131\u015f, ancak bu toplant\u0131larda Yeni ve Adil Bir D&uuml;nya kurma hedefi yerine emperyalistlerin kuyru\u011funa tak\u0131lm\u0131\u015ft\u0131. 2001&rsquo;de Cumhurba\u015fkan\u0131 Ahmet Necdet Sezer&rsquo;in yer ald\u0131\u011f\u0131 Zirve&rsquo;den sonra; D&ouml;nemin Cumhurba\u015fkan\u0131 Abdullah G&uuml;l, Temmuz 2010&rsquo;da Nijerya&rsquo;daki D-8 Zirvesi&rsquo;ne kat\u0131lm\u0131\u015ft\u0131. Ba\u015fbakan Recep Tayyip Erdo\u011fan ise 2006&rsquo;da Endonezya&rsquo;n\u0131n Bali adas\u0131ndaki D-8 Zirvesi ile 2012 y\u0131l\u0131nda Pakistan&rsquo;da d&uuml;zenlenen D-8 Liderler Zirvesi&rsquo;ne kat\u0131lm\u0131\u015f, ancak buralarda G-20&rsquo;nin zul&uuml;m d&uuml;nyas\u0131 yerine Adil Bir D&uuml;nya i&ccedil;in D-8&rsquo;e sar\u0131lmak ve sahip &ccedil;\u0131kmak yerine, ba\u015fta \u0130ran, Suriye olmak &uuml;zere \u0130slam &uuml;lkelerini su&ccedil;lamaya ve Bat\u0131&rsquo;ya yaran\u0131p yana\u015fmaya ba\u015flam\u0131\u015ft\u0131.<\/span><\/strong><\/p>\n<p style=\"margin-bottom: 0.0001pt; text-align: justify; text-indent: 1cm; line-height: 16pt;\"><span style=\"font-size: 14pt;\"><strong><span style=\"font-family: 'Arial','sans-serif';\">15-16 Kas\u0131m tarihleri aras\u0131nda ger&ccedil;ekle\u015fen G-20 Zirvesi, d&uuml;nya bar\u0131\u015f\u0131ndan ziyade, d&uuml;nya sava\u015f\u0131na hizmet eden ABD, \u0130ngiltere, Almanya, Fransa gibi emperyalist &uuml;lkeleri Antalya&rsquo;da bir araya getiriyordu!<\/span><\/strong><\/span><\/p>\n<p style=\"margin-bottom: 0.0001pt; text-align: justify; text-indent: 1cm; line-height: 16pt;\"><strong><span style=\"font-size: 12pt; font-family: 'Arial','sans-serif';\">D&uuml;nya ekonomisinin y&uuml;zde 80&rsquo;ini olu\u015fturan, k&uuml;resel emperyalizmin demirba\u015f\u0131 G-20 &uuml;lkeleri, T&uuml;rkiye&rsquo;nin ev sahipli\u011finde 15&ndash;16 Kas\u0131m tarihleri aras\u0131nda bir araya geliyordu. 5. y\u0131l\u0131na giren Suriye i&ccedil; sava\u015f\u0131n\u0131n ve Suriyeli s\u0131\u011f\u0131nmac\u0131lar\u0131n ana g&uuml;ndem maddelerini olu\u015fturaca\u011f\u0131 s&ouml;ylenen zirvede, Suriye&rsquo;nin i&ccedil;ler ac\u0131s\u0131 halinin sorumlular\u0131 olan emperyalist devletler, yine bildik sloganik c&uuml;mlelerle d&uuml;nya bar\u0131\u015f\u0131n\u0131 koruyup, kollayacaklar(!) ve Zirvede Suriye&rsquo;nin i&ccedil;inde bulundu\u011fu durum ve olas\u0131 askeri m&uuml;dahaleyi konu\u015facaklard\u0131. II. D&uuml;nya Sava\u015f\u0131 sonras\u0131, kapitalizmin yeni d&uuml;nya d&uuml;zeninde hayata ge&ccedil;irilen BM, D&uuml;nya Bankas\u0131, NATO gibi kurumlar, ekonomik g&uuml;c&uuml; temsil edenlerce, emperyalizmin s&ouml;m&uuml;r&uuml; &ccedil;ark\u0131n\u0131, sava\u015flar\u0131n, i\u015fgalin ve a&ccedil;l\u0131\u011f\u0131n en g&uuml;&ccedil;l&uuml; enstr&uuml;man\u0131 olmu\u015flard\u0131. G-20&rsquo;de b&uuml;t&uuml;n bu olu\u015fumlar\u0131n &ldquo;zirvesi&rdquo;; di\u011fer bir ad\u0131yla, d&uuml;nyan\u0131n en geli\u015fmi\u015f ekonomileri aras\u0131nda yer alan 19 &uuml;lkeden kat\u0131l\u0131mc\u0131lar\u0131n yan\u0131 s\u0131ra Avrupa Birli\u011fi Komisyonu&rsquo;ndan temsilcilerle birlikte k&uuml;resel finans tekellerinin &ccedil;\u0131karlar\u0131n\u0131 temsil eden &uuml;st d&uuml;zeyden y&ouml;neticilerin bir araya gelerek d&uuml;nya ekonomisinin ve siyasetinin belirlendi\u011fi uluslararas\u0131 emperyalist bir olu\u015fum konumundayd\u0131.<\/span><\/strong><\/p>\n<p style=\"margin-bottom: 0.0001pt; text-align: justify; text-indent: 1cm; line-height: 16pt;\"><span style=\"font-size: 14pt;\"><strong><span style=\"font-family: 'Arial','sans-serif';\">G-20 Binde 1&rsquo;e hizmet ediyor, ama 7 milyar insan\u0131 ilgilendiriyordu!<\/span><\/strong><\/span><\/p>\n<p style=\"margin-bottom: 0.0001pt; text-align: justify; text-indent: 1cm; line-height: 16pt;\"><strong><span style=\"font-size: 12pt; font-family: 'Arial','sans-serif';\">D&uuml;nyadaki en zengin binde 1&rsquo;lik kesimin mal varl\u0131\u011f\u0131, 2009&rsquo;da y&uuml;zde 44 iken, 2014&rsquo;te y&uuml;zde 48&rsquo;e &ccedil;\u0131km\u0131\u015ft\u0131. En zengin binde 1&rsquo;lik kesiminin elinde 110 trilyon dolar bulunmaktayd\u0131. Bu miktar, d&uuml;nyan\u0131n en yoksul y&uuml;zde 50&rsquo;lik k\u0131sm\u0131n\u0131 olu\u015fturan insanlar\u0131n elindeki toplam varl\u0131\u011f\u0131n 65 kat\u0131na ula\u015fmaktayd\u0131. &Ccedil;o\u011fu Yahudi D&uuml;nyadaki en zengin 85 ki\u015finin serveti, en fakir 3,5 milyar insan\u0131n toplam malvarl\u0131\u011f\u0131ndan fazlayd\u0131. En zengin binde 1, 2016&rsquo;da k&uuml;resel servetin yar\u0131s\u0131ndan fazlas\u0131na sahip durumdayd\u0131. Bu adaletsiz payla\u015f\u0131m G-20&rsquo;nin kurucu &uuml;lkelerinin zul&uuml;m ve s&ouml;m&uuml;r&uuml; &ccedil;ark\u0131n\u0131 ortaya koymaktayd\u0131. G-20 zirvelerine kat\u0131lan liderler, 7 milyar insan\u0131n hayat\u0131n\u0131 ilgilendiren ekonomik ve siyasi kararlar al\u0131yor ve Siyonizm&rsquo;in devam\u0131na katk\u0131 sa\u011fl\u0131yorlard\u0131. D&uuml;nyadaki ticaretin y&uuml;zde 80&rsquo;ini elinde bulunduran G-20 &uuml;lkeleri, g&uuml;ya s\u0131n\u0131r kap\u0131lar\u0131nda, Akdeniz k\u0131y\u0131lar\u0131nda &ouml;l&uuml;me terk ettikleri Suriyeli s\u0131\u011f\u0131nmac\u0131lar\u0131 konu\u015fmak i&ccedil;in Antalya&rsquo;da toplan\u0131yorlard\u0131. Suriye&rsquo;yi kar\u0131\u015ft\u0131rarak yang\u0131n yerine &ccedil;evirmi\u015f olan, yerli halk\u0131 yerinden yurdundan &ccedil;\u0131karan, &ouml;l&uuml;mden ka&ccedil;an Suriyeli s\u0131\u011f\u0131nmac\u0131lara s\u0131n\u0131r kap\u0131lar\u0131n\u0131 a&ccedil;mayarak, Akdeniz&rsquo;deki ac\u0131 &ouml;l&uuml;mlerinin sebebi olan emperyalist devletler, tam bir sahtek&acirc;rl\u0131k sunuyorlard\u0131. <\/span><\/strong><\/p>\n<p style=\"margin-bottom: 0.0001pt; text-align: justify; text-indent: 1cm; line-height: 16pt;\"><span style=\"font-size: 14pt;\"><strong><span style=\"font-family: 'Arial','sans-serif';\">M&uuml;ltecilere kap\u0131lar\u0131 kapatanlardan ne bekleniyordu?<\/span><\/strong><\/span><\/p>\n<p style=\"margin-bottom: 0.0001pt; text-align: justify; text-indent: 1cm; line-height: 16pt;\"><strong><span style=\"font-size: 12pt; font-family: 'Arial','sans-serif';\">D&uuml;nyadaki silah sat\u0131\u015f\u0131n\u0131n y&uuml;zde 68&rsquo;ini ger&ccedil;ekle\u015ftiren 3 &uuml;lkenin de yer ald\u0131\u011f\u0131 G20 zirvesinde m&uuml;lteci sorununun g&ouml;r&uuml;\u015f&uuml;lecek olmas\u0131 olay\u0131n vahametini ortaya koymaktayd\u0131. Uluslararas\u0131 Kurtarma Komitesi&rsquo;nin a&ccedil;\u0131klad\u0131\u011f\u0131 verilerde; Avrupa &uuml;lkelerine kabul edilen m&uuml;lteci say\u0131s\u0131n\u0131n \u0130stanbul&rsquo;da ya\u015fayan m&uuml;lteci say\u0131s\u0131ndan az olmas\u0131n\u0131 liderler bir t&uuml;rl&uuml; a&ccedil;\u0131klayamam\u0131\u015ft\u0131. D&uuml;nya bar\u0131\u015f\u0131n\u0131n g&ouml;r&uuml;\u015f&uuml;lece\u011fi G20 Antalya zirvesine kat\u0131lan &uuml;lkeler, d&uuml;nya silah pazar\u0131n\u0131n y&uuml;zde 90&rsquo;\u0131n\u0131 olu\u015fturmaktayd\u0131. D&uuml;nyada ter&ouml;r olaylar\u0131 artarken, silahs\u0131zlanma &ccedil;abalar\u0131 ve d&uuml;nya bar\u0131\u015f\u0131 i&ccedil;in &ccedil;al\u0131\u015ft\u0131\u011f\u0131n\u0131 iddia eden &uuml;lkelerin silah pazar\u0131n\u0131 tekellerinde bulundurmalar\u0131, oynanan oyunun perde arkas\u0131n\u0131 yans\u0131tmaktayd\u0131.<\/span><\/strong><\/p>\n<p style=\"margin-bottom: 0.0001pt; text-align: justify; text-indent: 1cm; line-height: 16pt;\"><span style=\"font-size: 14pt;\"><strong><span style=\"font-family: 'Arial','sans-serif';\">Figen Y&uuml;ksekda\u011f&rsquo;dan art\u0131k &ldquo;Harekete ge&ccedil;elim!&rdquo; k&uuml;stahl\u0131\u011f\u0131!<\/span><\/strong><\/span><\/p>\n<p style=\"margin-bottom: 0.0001pt; text-align: justify; text-indent: 1cm; line-height: 16pt;\"><strong><span style=\"font-size: 12pt; font-family: 'Arial','sans-serif';\">HDP E\u015f Genel Ba\u015fkan\u0131 Figen Y&uuml;ksekda\u011f&rsquo;\u0131n, tam da G-20 toplant\u0131s\u0131 &ouml;ncesinde <em>&#8220;Her yer Silvan&#8217;d\u0131r. Her yerde Silvan i&ccedil;in demokratik tepkimizi ortaya koymam\u0131z laz\u0131md\u0131r. Bu ablukan\u0131n kald\u0131r\u0131lmas\u0131 i&ccedil;in harekete ge&ccedil;menin zaman\u0131d\u0131r!&rdquo;<\/em> &ccedil;a\u011fr\u0131s\u0131 yapmas\u0131 ve HDP Parti S&ouml;zc&uuml;s&uuml; Ayhan Bilgen&rsquo;in HDP Genel Merkezi&rsquo;ndeki bas\u0131n toplant\u0131s\u0131nda: &ldquo;Silvan&rsquo;da olup bitenlerle ilgili G-20 zirvesine kat\u0131lan liderlere mektupla bir &ccedil;a\u011fr\u0131 yapaca\u011f\u0131z&rdquo; a&ccedil;\u0131klamas\u0131, sadece AKP&rsquo;nin de\u011fil, HDP&rsquo;nin de ayn\u0131 odaklar\u0131n g&uuml;d&uuml;m&uuml;nde oldu\u011funun kan\u0131t\u0131yd\u0131.<\/span><\/strong><\/p>\n<p style=\"margin-bottom: 0.0001pt; text-align: justify; text-indent: 1cm; line-height: 16pt;\"><strong><span style=\"font-size: 12pt; font-family: 'Arial','sans-serif';\">Baz\u0131lar\u0131na g&ouml;re Suriye sava\u015f\u0131 art\u0131k kap\u0131dayd\u0131! Ankara&#8217;da karadan operasyon konu\u015fulmaktayd\u0131. &ldquo;E\u011fer ABD girerse T&uuml;rkiye&#8217;de girecek&rdquo; iddialar\u0131 vard\u0131!<\/span><\/strong><\/p>\n<p style=\"margin-bottom: 0.0001pt; text-align: justify; text-indent: 1cm; line-height: 16pt;\"><strong><span style=\"font-size: 12pt; font-family: 'Arial','sans-serif';\">Suriye sava\u015f\u0131 ad\u0131m ad\u0131m yakla\u015f\u0131rken Genelkurmay&rsquo;\u0131n gerekli planlar\u0131n\u0131 haz\u0131rlad\u0131\u011f\u0131, ABD sava\u015f u&ccedil;aklar\u0131n\u0131n bu maksatla \u0130ncirlik&rsquo;e konu\u015fland\u0131\u011f\u0131 yaz\u0131l\u0131p konu\u015fulmaktayd\u0131. Ankara&rsquo;da konu\u015fulan bir&ccedil;ok sava\u015f senaryolar\u0131 vard\u0131. Bunlar\u0131n ba\u015f\u0131nda T&uuml;rkiye ve ABD&rsquo;nin havadan vurmas\u0131, &Ouml;SO, T&uuml;rkmenler ve Araplar\u0131n karadan sava\u015fmas\u0131yd\u0131. Di\u011fer se&ccedil;enek ise T&uuml;rkiye ile ABD ve koalisyon g&uuml;&ccedil;lerinin hem hava hem de kara harek&acirc;t\u0131 ba\u015flatmas\u0131yd\u0131. T&uuml;rkiye &lsquo;kara harek&acirc;t\u0131n\u0131&rsquo; zorunlu bulmaktayd\u0131. Ankara Suriye&rsquo;de sadece hava operasyonu ile sonu&ccedil; al\u0131nmayaca\u011f\u0131 g&ouml;r&uuml;\u015f&uuml;n&uuml; ta\u015f\u0131maktayd\u0131. AKP, &rdquo;Kara operasyonu&rdquo;, &ldquo;G&uuml;venli b&ouml;lge&rdquo; ile &ldquo;U&ccedil;u\u015fa yasak b&ouml;lge&rdquo; i&ccedil;in \u0131srarl\u0131yd\u0131.<\/span><\/strong><\/p>\n<p style=\"margin-bottom: 0.0001pt; text-align: justify; text-indent: 1cm; line-height: 16pt;\"><span style=\"font-size: 14pt;\"><strong><span style=\"font-family: 'Arial','sans-serif';\">Mesut Barzani ile g&ouml;r&uuml;\u015fen D\u0131\u015fi\u015fleri Bakan\u0131 Sinirlio\u011flu&rsquo;nun <em>&ldquo;T&uuml;rkiye, K&uuml;rdistan b&ouml;lgesinin kalk\u0131nmas\u0131ndan ve ilerlemesinden yanad\u0131r&rdquo;<\/em> mesaj\u0131 kafa kar\u0131\u015ft\u0131r\u0131c\u0131yd\u0131!<\/span><\/strong><\/span><\/p>\n<p style=\"margin-bottom: 0.0001pt; text-align: justify; text-indent: 1cm; line-height: 16pt;\"><span style=\"font-size: 12pt; font-family: 'Arial','sans-serif';\">Kuzey Irak&rsquo;ta temaslarda bulunan D\u0131\u015fi\u015fleri Bakan\u0131 Feridun Sinirlio\u011flu, Erbil&rsquo;de Irak K&uuml;rt B&ouml;lgesel Y&ouml;netimi (IKBY) Ba\u015fkan\u0131 Mesut Barzani ile bulu\u015fmu\u015flard\u0131. IKBY Ba\u015fkanl\u0131\u011f\u0131 resmi sitesi g&ouml;r&uuml;\u015fmenin detaylar\u0131na ili\u015fkin yaz\u0131l\u0131 bir a&ccedil;\u0131klama yay\u0131mlam\u0131\u015ft\u0131. A&ccedil;\u0131klamaya g&ouml;re Sinirlio\u011flu ile Barzani aras\u0131ndaki g&ouml;r&uuml;\u015fmede Ortado\u011fu&rsquo;daki son geli\u015fmeler, Suriye&rsquo;deki i&ccedil; sava\u015f ve ter&ouml;rle m&uuml;cadele konular\u0131 ele al\u0131nm\u0131\u015ft\u0131. \u0130ki taraf\u0131n da geli\u015fmelere kar\u015f\u0131 s&uuml;rekli ileti\u015fim halinde olma konusunda hemfikir oldu\u011fu vurgulanm\u0131\u015ft\u0131. Cumhurba\u015fkan\u0131 Recep Tayyip Erdo\u011fan&rsquo;\u0131n selamlar\u0131n\u0131 Barzani&rsquo;ye iletti\u011fi bildirilen a&ccedil;\u0131klamada Sinirlio\u011flu&rsquo;nun K&uuml;rt b&ouml;lgesindeki geli\u015fmeye ve ilerlemeye de\u011finerek, <strong><em>&ldquo;T&uuml;rkiye, iyi kom\u015fuluk ili\u015fkilerine sahip oldu\u011fu K&uuml;rdistan b&ouml;lgesinin kalk\u0131nmas\u0131ndan ve ilerlemesinden yanad\u0131r. T&uuml;rkiye, K&uuml;rdistan b&ouml;lgesindeki istikrar\u0131 ve g&uuml;venli\u011fi destekliyor. Ayr\u0131ca K&uuml;rdistan b&ouml;lgesi ile olan ili\u015fkilerimizi her a&ccedil;\u0131dan geni\u015fletmek ve derinle\u015ftirmek istiyoruz&rdquo; <\/em>ifadelerini kullanmas\u0131 enteresand\u0131. Bir zamanlar &ldquo;Irak&rsquo;\u0131n toprak b&uuml;t&uuml;nl&uuml;\u011f&uuml; k\u0131rm\u0131z\u0131 &ccedil;izgimiz ve tavizsiz \u015fart\u0131m\u0131zd\u0131r&rdquo; dedikleri Barzani K&uuml;rdistan\u0131&rsquo;na \u015fimdi devlet muamelesi yapan AKP&rsquo;li kahraman kaypaklar\u0131n, yar\u0131n Suriye (PYD) K&uuml;rdistan\u0131&rsquo;n\u0131 tan\u0131mayacaklar\u0131na kim kefil olacakt\u0131?<\/strong><\/span><\/p>\n<p style=\"margin-bottom: 0.0001pt; text-align: justify; text-indent: 1cm; line-height: 16pt;\"><strong><span style=\"font-size: 12pt; font-family: 'Arial','sans-serif';\">Toplumun bask\u0131s\u0131 ve biraz g&ouml;z&uuml;n&uuml;n a&ccedil;\u0131lmas\u0131 &uuml;zerine, \u0130mral\u0131, Kandil ve HDP yerine \u015fimdi &ldquo;Milli Birlik ve karde\u015flik&rdquo; palavras\u0131yla, A\u015firet reisleri, Din alimleri ve Sivil toplum &ouml;nderleriyle &ccedil;&ouml;z&uuml;lme ama&ccedil;l\u0131 &ccedil;&ouml;z&uuml;m s&uuml;recini y&uuml;r&uuml;tmeye ve yutturmaya &ccedil;al\u0131\u015fan AKP, hala BOP&rsquo;un hizmetkar\u0131yd\u0131! Aynen Kuzey Irak (Barzani) K&uuml;rdistan\u0131 gibi \u015fimdi Kobani&rsquo;nin de PKK i&ccedil;in ikinci bir konaklama ve e\u011fitim alan\u0131 haline ta\u015f\u0131nd\u0131\u011f\u0131n\u0131, bunun da ABD ve koalisyon g&uuml;&ccedil;leri taraf\u0131ndan yap\u0131land\u0131r\u0131ld\u0131\u011f\u0131n\u0131, T&uuml;rkiye&rsquo;nin kar\u015f\u0131 &ccedil;\u0131kmalar\u0131n\u0131n dikkate al\u0131nmad\u0131\u011f\u0131n\u0131 art\u0131k anlamak laz\u0131md\u0131. PKK T&uuml;rkiye ve Irak&rsquo;taki kamplar\u0131ndan s&ouml;k&uuml;l&uuml;p at\u0131ld\u0131\u011f\u0131nda gittikleri yer Kuzey Suriye ve Kobani oldu\u011fu d&uuml;\u015f&uuml;n&uuml;l&uuml;rse belli ki ABD ve koalisyon g&uuml;&ccedil;leri PKK&rsquo;y\u0131 yeni ama&ccedil;lar\u0131 i&ccedil;in kullanmaktayd\u0131. Bu arada PYD&rsquo;nin de bitirilmesi de\u011fil, diriltilmesi ama&ccedil;lanm\u0131\u015ft\u0131. &Ccedil;&uuml;nk&uuml; b&uuml;y&uuml;k K&uuml;rdistan hedefinin Suriye aya\u011f\u0131ndaki elemanlar\u0131 PYD. PYD ile PKK&rsquo;n\u0131n bir b&uuml;t&uuml;n&uuml;n iki yar\u0131s\u0131 oldu\u011funu g&ouml;stermesi bak\u0131mdan medyada yer alan bir haberin sadece ba\u015fl\u0131\u011f\u0131n\u0131 aktarmam yeterli olacakt\u0131r: <em>&ldquo;\u015eehit binba\u015f\u0131n\u0131n katili Kobani&rsquo;de a\u011f\u0131r yaral\u0131&rdquo;<\/em> ba\u015fl\u0131\u011f\u0131n alt\u0131nda ise \u015fu bilgi yer alm\u0131\u015ft\u0131:<\/span><\/strong><\/p>\n<p style=\"margin-bottom: 0.0001pt; text-align: justify; text-indent: 1cm; line-height: 16pt;\"><strong><em><span style=\"font-size: 12pt; font-family: 'Arial','sans-serif';\">&ldquo;Lice Jandarma B&ouml;l&uuml;k Komutan\u0131 Ercan Kurt&rsquo;un \u015fehit edilmesini de planlayan &Ccedil;ekdar kod adl\u0131 PKK&rsquo;l\u0131 Ahmet Talva, DEA\u015e ile &ccedil;at\u0131\u015fmalarda a\u011f\u0131r yaraland\u0131.&rdquo; <\/span><\/em><\/strong><strong><span style=\"font-size: 12pt; font-family: 'Arial','sans-serif';\">Demek ki PKK&rsquo;l\u0131lar i&ccedil;in T&uuml;rk askeri ile DEA\u015e militan\u0131 aras\u0131nda bir fark g&ouml;r&uuml;lm&uuml;yordu. Yani, T&uuml;rkiye&rsquo;de TSK ile &ccedil;at\u0131\u015f\u0131yor, Suriye&rsquo;ye ge&ccedil;iyor DEA\u015e&rsquo;la vuru\u015fuyorlard\u0131. K\u0131sacas\u0131 &uuml;&ccedil; devletin s\u0131n\u0131rlar\u0131 i&ccedil;inde kendilerine bir alan olu\u015fturmu\u015flard\u0131, \u015fimdi buna resmiyet kazand\u0131rmaya &ccedil;al\u0131\u015f\u0131yorlard\u0131 ve himaye edenleri ise ABD ve Rusya ile birlikte H\u0131ristiyan ittifak\u0131yd\u0131. <\/span><\/strong><\/p>\n<p style=\"margin-bottom: 0.0001pt; text-align: justify; text-indent: 1cm; line-height: 16pt;\"><span style=\"font-size: 14pt;\"><strong><span style=\"font-family: 'Arial','sans-serif';\">I\u015e\u0130D&rsquo;li say\u0131s\u0131 bir&ccedil;ok &uuml;lkenin ordusundan fazlayd\u0131!<\/span><\/strong><\/span><\/p>\n<p style=\"margin-bottom: 0.0001pt; text-align: justify; text-indent: 1cm; line-height: 16pt;\"><strong><span style=\"font-size: 12pt; font-family: 'Arial','sans-serif';\">Rus yetkili S\u0131soyev<\/span><\/strong><span style=\"font-size: 12pt; font-family: 'Arial','sans-serif';\">, <strong><em>&ldquo;I\u015e\u0130D&rsquo;in silahl\u0131 adam\u0131n\u0131n say\u0131s\u0131 bir&ccedil;ok &uuml;lkenin asker say\u0131s\u0131ndan daha fazlad\u0131r&rdquo;<\/em><\/strong> a&ccedil;\u0131klamas\u0131n\u0131 yapm\u0131\u015ft\u0131. FSB Direkt&ouml;r Yard\u0131mc\u0131s\u0131 Yevgeniy S\u0131soyev, Sochi&rsquo;de d&uuml;zenlenen konferansta, <strong><em>&ldquo;2015&rsquo;in ilk yar\u0131s\u0131nda I\u015e\u0130D&rsquo;li say\u0131s\u0131 80 bine yakla\u015ft\u0131&rdquo;<\/em><\/strong> uyar\u0131s\u0131nda bulunmu\u015flard\u0131. 50 bin &ouml;rg&uuml;t &uuml;yesinin Suriye&rsquo;de, 30 bininin ise Irak&rsquo;ta oldu\u011funu belirten S\u0131soyev, I\u015e\u0130D saflar\u0131nda 30 binden fazla yabanc\u0131 militan oldu\u011funu, bu ki\u015filerin &ccedil;o\u011funlu\u011funun Ortado\u011fu ve Kuzey Afrika&rsquo;dan &ouml;rg&uuml;te kat\u0131ld\u0131\u011f\u0131n\u0131 anlatm\u0131\u015ft\u0131. S\u0131soyev, 7 bin &ouml;rg&uuml;t &uuml;yesinin ise Eski Sovyet &uuml;lkelerinden oldu\u011funu vurgulam\u0131\u015ft\u0131. G&uuml;venlik raporlar\u0131na g&ouml;re 80 &uuml;lkeden I\u015e\u0130D&rsquo;e kat\u0131l\u0131m vard\u0131. I\u015e\u0130D&rsquo;in yabanc\u0131 &uuml;yeleri daha &ccedil;ok Fransa, \u0130ngiltere, Almanya, ABD, Kanada, Suudi Arabistan ve Fas&rsquo;tan &ouml;rg&uuml;te kat\u0131lm\u0131\u015flard\u0131.<\/span><\/p>\n<p style=\"margin-bottom: 0.0001pt; text-align: justify; text-indent: 1cm; line-height: 16pt;\"><span style=\"font-size: 14pt;\"><strong><span style=\"font-family: 'Arial','sans-serif';\">Sonu&ccedil;: <\/span><\/strong><\/span><\/p>\n<p style=\"margin-bottom: 0.0001pt; text-align: justify; text-indent: 1cm; line-height: 16pt;\"><span style=\"font-size: 14pt;\"><strong><span style=\"font-family: 'Arial','sans-serif';\">Ey zalim Bat\u0131 anlay\u0131n art\u0131k, zul&uuml;mle abad olunmamaktad\u0131r, binlerce kilometre uzakta att\u0131\u011f\u0131n\u0131z bombalar d&ouml;n&uuml;p sizi can evinizden vurmaktad\u0131r!<\/span><\/strong><\/span><\/p>\n<p style=\"margin-bottom: 0.0001pt; text-align: justify; text-indent: 1cm; line-height: 16pt;\"><strong><span style=\"font-size: 12pt; font-family: 'Arial','sans-serif';\">Fransa&rsquo;n\u0131n ba\u015fkenti Paris&rsquo;te 7 farkl\u0131 noktada birden ba\u015flat\u0131lan silahl\u0131 ve bombal\u0131 sald\u0131r\u0131lar \u015fa\u015fk\u0131nl\u0131\u011fa yol a&ccedil;m\u0131\u015ft\u0131r. Sald\u0131r\u0131lar\u0131 I\u015e\u0130D &uuml;stlenirken, Fransa&rsquo;n\u0131n d&uuml;n&uuml;ne ve bug&uuml;n&uuml;ne \u015f&ouml;yle bir g&ouml;z at\u0131ld\u0131\u011f\u0131nda sald\u0131r\u0131lar\u0131n as\u0131l nedeni hususunda ortaya bamba\u015fka bir tablo &ccedil;\u0131kmaktad\u0131r. Sald\u0131r\u0131lar\u0131 I\u015e\u0130D&rsquo;in &uuml;stlenmesi bir&ccedil;oklar\u0131 i&ccedil;in konunun a&ccedil;\u0131kl\u0131\u011fa kavu\u015fmas\u0131 ad\u0131na yeterli olurken, Charlie Hebdo sald\u0131r\u0131lar\u0131yla ba\u015flayan ve Paris sald\u0131r\u0131lar\u0131yla devam eden s&uuml;re&ccedil;, asl\u0131nda Bat\u0131&rsquo;n\u0131n &ouml;n&uuml;ne koyup da d&uuml;\u015f&uuml;nmesi gerekirken cambazl\u0131k i&ccedil;in kulland\u0131\u011f\u0131 \u015fapkas\u0131ndan &ccedil;\u0131kanlard\u0131r.<\/span><\/strong><\/p>\n<p style=\"margin-bottom: 0.0001pt; text-align: justify; text-indent: 1cm; line-height: 16pt;\"><span style=\"font-size: 14pt;\"><strong><span style=\"font-family: 'Arial','sans-serif';\">Zul&uuml;m ve s&ouml;m&uuml;r&uuml;n&uuml;n faturas\u0131 a\u011f\u0131r olmaktad\u0131r!<\/span><\/strong><\/span><\/p>\n<p style=\"margin-bottom: 0.0001pt; text-align: justify; text-indent: 1cm; line-height: 16pt;\"><strong><span style=\"font-size: 12pt; font-family: 'Arial','sans-serif';\">Charlie Hebdo ile ba\u015flayan Fransa&rsquo;n\u0131n 11 Eyl&uuml;l&rsquo;&uuml; teorileri, Paris sald\u0131r\u0131lar\u0131yla zirve yapm\u0131\u015ft\u0131r. T&uuml;m s\u0131n\u0131rlar\u0131 kapat\u0131p, halka evlerinden &ccedil;\u0131kmama &ccedil;a\u011fr\u0131s\u0131 yapacak kadar ileriye giden bu durum, kuruldu\u011fu g&uuml;nden bu yana \u0130sl&acirc;m co\u011frafyas\u0131 ba\u015fta olmak &uuml;zere t&uuml;m d&uuml;nyada ter&ouml;r estiren Fransa&rsquo;n\u0131n s&ouml;m&uuml;r&uuml; d&uuml;zeninin faturas\u0131 olarak kar\u015f\u0131lar\u0131na &ccedil;\u0131km\u0131\u015ft\u0131r. Bu faturay\u0131 &ouml;n&uuml;ne koyup, &ldquo;Ben ne yapt\u0131m?&rdquo; sorusunu kendisine sormak yerine, Charlie Hebdo sald\u0131r\u0131lar\u0131n\u0131n ard\u0131ndan s&ouml;m&uuml;rgeci dostlar\u0131yla kol kola girip y&uuml;r&uuml;yen Fransa, bug&uuml;n yine ayn\u0131 ama daha kabar\u0131k bir faturayla kar\u015f\u0131 kar\u015f\u0131yad\u0131r.<\/span><\/strong><\/p>\n<p style=\"margin-bottom: 0.0001pt; text-align: justify; text-indent: 1cm; line-height: 16pt;\"><span style=\"font-size: 14pt;\"><strong><span style=\"font-family: 'Arial','sans-serif';\">Paris olaylar\u0131 yeni bir Ha&ccedil;l\u0131 Seferine zemin haz\u0131rlayacakt\u0131r!<\/span><\/strong><\/span><\/p>\n<p style=\"margin-bottom: 0.0001pt; text-align: justify; text-indent: 1cm; line-height: 16pt;\"><span style=\"font-size: 12pt; font-family: 'Arial','sans-serif';\">Uluslararas\u0131 \u0130li\u015fkiler Uzman\u0131 Prof. Dr. Hasan K&ouml;ni, Paris sald\u0131r\u0131lar\u0131n\u0131n Bat\u0131&rsquo;y\u0131 bir araya getirece\u011fine vurgu yaparak, <strong><em>&ldquo;Sald\u0131r\u0131lar Rusya ve Amerika&rsquo;y\u0131 yak\u0131nla\u015ft\u0131r\u0131r. Bat\u0131 d&uuml;nyas\u0131n\u0131 yani H\u0131ristiyan d&uuml;nyas\u0131n\u0131 kucakla\u015ft\u0131r\u0131r ve &ccedil;\u0131kart\u0131lmak istenilen \u015eii-S&uuml;nni sava\u015f\u0131 yerine &ouml;n&uuml;m&uuml;zdeki d&ouml;nemde H\u0131ristiyan-M&uuml;sl&uuml;man sava\u015f\u0131 ba\u015flat\u0131l\u0131r. Yani yeni bir Ha&ccedil;l\u0131 Seferi&rsquo;ne yol a&ccedil;\u0131l\u0131r&rdquo; <\/em><\/strong>yorumlar\u0131n\u0131 yapm\u0131\u015ft\u0131.<\/span><\/p>\n<p style=\"margin-bottom: 0.0001pt; text-align: justify; text-indent: 1cm; line-height: 16pt;\"><span style=\"font-size: 12pt; font-family: 'Arial','sans-serif';\">19 ve 20. y&uuml;zy\u0131lda d&uuml;nya s&ouml;m&uuml;r&uuml; d&uuml;zeninin a\u011f\u0131r toplar\u0131ndan olan Fransa, 21. y&uuml;zy\u0131la geldi\u011fimizde ise s&ouml;m&uuml;rgecili\u011fin di\u011fer ismi olan emperyalizm ile kar\u015f\u0131m\u0131za &ccedil;\u0131kt\u0131. Yine ba\u015fta \u0130sl&acirc;m co\u011frafyas\u0131 olmak &uuml;zere d&uuml;nyan\u0131n bir&ccedil;ok yerinde askeri &uuml;sler ve binlerce asker bulunduran Fransa, bu &uuml;lkelerde M&uuml;sl&uuml;manlar\u0131n katledilmesinde hep ba\u015frol oynam\u0131\u015ft\u0131. 2013&rsquo;te Mali&rsquo;ye giren Fransa, bunu yaparken radikal olu\u015fumlar\u0131 bahane yapm\u0131\u015ft\u0131. 2 bin 500 askerle Mali&rsquo;deki y\u0131k\u0131m\u0131n mimar\u0131 olan Frans\u0131z ordusu halen b&ouml;lgede ciddi bir askeri birlik bulundurmaktayd\u0131.<\/span><\/p>\n<p style=\"margin-bottom: 0.0001pt; text-align: justify; text-indent: 1cm; line-height: 16pt;\"><strong><span style=\"font-size: 12pt; font-family: 'Arial','sans-serif';\">Fransa, 1962 y\u0131l\u0131na kadar i\u015fgal alt\u0131nda tuttu\u011fu, t&uuml;m yeralt\u0131 ve yer&uuml;st&uuml; zenginliklerini s&ouml;m&uuml;rd&uuml;\u011f&uuml; Cezayir&rsquo;de, 1,5 milyon ki\u015finin kan\u0131na girerek tarihin g&ouml;rd&uuml;\u011f&uuml; en ac\u0131mas\u0131z soyk\u0131r\u0131mlardan birine imza atm\u0131\u015ft\u0131.<\/span><\/strong><\/p>\n<p style=\"margin-bottom: 0.0001pt; text-align: justify; text-indent: 1cm; line-height: 16pt;\"><span style=\"font-size: 14pt;\"><strong><span style=\"font-family: 'Arial','sans-serif';\">Libya&rsquo;ya ilk kur\u015funu Fransa s\u0131km\u0131\u015ft\u0131!<\/span><\/strong><\/span><\/p>\n<p style=\"margin-bottom: 0.0001pt; text-align: justify; text-indent: 1cm; line-height: 16pt;\"><strong><span style=\"font-size: 12pt; font-family: 'Arial','sans-serif';\">2011 y\u0131l\u0131nda NATO taraf\u0131ndan Libya&rsquo;daki i&ccedil; kar\u0131\u015f\u0131kl\u0131klar bahane edilerek maalesef AKP T&uuml;rkiyesi&rsquo;nin de deste\u011fi ile m&uuml;dahale karar\u0131 al\u0131nm\u0131\u015ft\u0131. Bir&ccedil;ok NATO &uuml;yesi &uuml;lkenin olu\u015fturdu\u011fu koalisyona Fransa liderlik yapm\u0131\u015f ve Libya&rsquo;n\u0131n y\u0131k\u0131m\u0131nda aslan pay\u0131n\u0131 alan taraf olmu\u015ftu. Fransa&rsquo;n\u0131n halen Libya&rsquo;da y&uuml;zlerce askeri ve bir de askeri &uuml;ss&uuml; bulunmaktayd\u0131.<\/span><\/strong><\/p>\n<p style=\"margin-bottom: 0.0001pt; text-align: justify; text-indent: 1cm; line-height: 16pt;\"><span style=\"font-size: 14pt;\"><strong><span style=\"font-family: 'Arial','sans-serif';\">Afrika Hazinesi&rsquo;nin y&uuml;zde 50&rsquo;si Fransa&rsquo;n\u0131nd\u0131!<\/span><\/strong><\/span><\/p>\n<p style=\"margin-bottom: 0.0001pt; text-align: justify; text-indent: 1cm; line-height: 16pt;\"><strong><span style=\"font-size: 12pt; font-family: 'Arial','sans-serif';\">Burkina Faso, Fildi\u015fi Sahili, Mali, Nijer, Senegal, Togo, Kamerun, Orta Afrika Cumhuriyeti, &Ccedil;ad, Kongo ve Gabon&rsquo;un, y\u0131llar &ouml;nce ba\u011f\u0131ms\u0131zl\u0131klar\u0131n\u0131 ilan etmelerine ra\u011fmen gizli s&ouml;m&uuml;rge antla\u015fmas\u0131n\u0131n \u015fartlar\u0131na uymak zorunda kald\u0131klar\u0131 i&ccedil;in merkez bankalar\u0131 arac\u0131l\u0131\u011f\u0131yla d&ouml;viz rezervlerinin y&uuml;zde 50&rsquo;sini Frans\u0131z hazinesine aktard\u0131\u011f\u0131 ge&ccedil;ti\u011fimiz aylarda ortaya &ccedil;\u0131km\u0131\u015ft\u0131.[1]<\/span><\/strong><\/p>\n<p style=\"margin-bottom: 0.0001pt; text-align: justify; text-indent: 1cm; line-height: 16pt;\"><span style=\"font-size: 14pt;\"><strong><span style=\"font-family: 'Arial','sans-serif';\">Suriye&rsquo;deki &ldquo;\u0131l\u0131man veya d&uuml;\u015fman&rdquo; tan\u0131t\u0131lan &ouml;rg&uuml;tlerin tamam\u0131n\u0131n yular\u0131 ayn\u0131 d\u0131\u015f g&uuml;&ccedil;lerin elinde bulunmaktad\u0131r:<\/span><\/strong><\/span><\/p>\n<p style=\"margin-bottom: 0.0001pt; text-align: justify; text-indent: 1cm; line-height: 16pt;\"><strong><span style=\"font-size: 12pt; font-family: 'Arial','sans-serif';\">1- G&ouml;r&uuml;n&uuml;\u015fte birbirinden farkl\u0131, ayk\u0131r\u0131 ve ama&ccedil;lar\u0131 &ccedil;ok ayr\u0131 san\u0131lan &Ouml;SO&rsquo;dan DEA\u015e&rsquo;a, PYD&rsquo;den EL-NUSRA&rsquo;ya Suriye&rsquo;deki ve \u0130slam &acirc;lemindeki b&uuml;t&uuml;n &ouml;rg&uuml;tlerin kontrol&uuml; ayn\u0131 Siyonist merkezlerin elinde tutulmaktad\u0131r.<\/span><\/strong><\/p>\n<p style=\"margin-bottom: 0.0001pt; text-align: justify; text-indent: 1cm; line-height: 16pt;\"><strong><span style=\"font-size: 12pt; font-family: 'Arial','sans-serif';\">2- Emperyalist bat\u0131l\u0131 veya do\u011fulu &uuml;lkelerin, bunlardan bir k\u0131sm\u0131n\u0131n yan\u0131nda baz\u0131s\u0131n\u0131n ise kar\u015f\u0131s\u0131nda olmalar\u0131 &ldquo;B&ouml;lge halklar\u0131n\u0131 (M&uuml;sl&uuml;manlar\u0131) birbirlerine k\u0131\u015fk\u0131rt\u0131p k\u0131rd\u0131rma ve Ortado\u011fu&rsquo;yu daha k&uuml;&ccedil;&uuml;k ve g&uuml;&ccedil;s&uuml;z par&ccedil;alara ay\u0131rma hesapl\u0131d\u0131r. <\/span><\/strong><\/p>\n<p style=\"margin-bottom: 0.0001pt; text-align: justify; text-indent: 1cm; line-height: 16pt;\"><strong><span style=\"font-size: 12pt; font-family: 'Arial','sans-serif';\">3- Bu &ouml;rg&uuml;tleri kuran ve kullanan odaklar\u0131n as\u0131l hedefi; BOP&rsquo;un uygulanmas\u0131na ta\u015feronluk yapt\u0131rmak ve &ouml;zellikle T&uuml;rkiye&rsquo;yi ku\u015fat\u0131p kar\u0131\u015ft\u0131rmakt\u0131r.<\/span><\/strong><\/p>\n<p style=\"margin-bottom: 0.0001pt; text-align: justify; text-indent: 1cm; line-height: 16pt;\"><strong><span style=\"font-size: 12pt; font-family: 'Arial','sans-serif';\">4- &Ccedil;&uuml;nk&uuml; Irak, Libya ve Suriye da\u011f\u0131t\u0131ld\u0131ktan sonra, as\u0131l bela T&uuml;rkiye&rsquo;nin ba\u015f\u0131na sar\u0131lacak ve Suriye K&uuml;rdistan&rsquo;\u0131 kurulmu\u015f olacakt\u0131r.<\/span><\/strong><\/p>\n<p style=\"margin-bottom: 0.0001pt; text-align: justify; text-indent: 1cm; line-height: 16pt;\"><span style=\"font-size: 14pt;\"><strong><span style=\"font-family: 'Arial','sans-serif';\">Viyana&#8217;dan &ccedil;\u0131kan Suriye karar\u0131 bizim tespitlerimizi do\u011frulam\u0131\u015ft\u0131!<\/span><\/strong><\/span><\/p>\n<p style=\"margin-bottom: 0.0001pt; text-align: justify; text-indent: 1cm; line-height: 16pt;\"><strong><span style=\"font-size: 12pt; font-family: 'Arial','sans-serif';\">Viyana g&ouml;r&uuml;\u015fmesinden Suriye i&ccedil;in karar &ccedil;\u0131km\u0131\u015ft\u0131. ABD D\u0131\u015fi\u015fleri Bakan\u0131 John Kerry, Birle\u015fmi\u015f Milletler&#8217;in 5 daimi &uuml;yesinin Suriye i&ccedil;in ate\u015fkes karar\u0131 al\u0131nd\u0131\u011f\u0131n\u0131 a&ccedil;\u0131klam\u0131\u015ft\u0131. Siyonist Yahudi John Kerry, Viyana g&ouml;r&uuml;\u015fmelerinde Suriyelilerin &ouml;nderli\u011finde 6 ay i&ccedil;inde ge&ccedil;i\u015f s&uuml;recinde uzla\u015ft\u0131klar\u0131n\u0131, yeni bir anayasa tasla\u011f\u0131 haz\u0131rlad\u0131klar\u0131n\u0131, 18 ay i&ccedil;inde adil bir se&ccedil;im yap\u0131lmas\u0131 konusunda anla\u015ft\u0131klar\u0131n\u0131 ve kimin ter&ouml;rist kimin muhalif oldu\u011funu kararla\u015ft\u0131racaklar\u0131n\u0131 ve BM denetiminde bir ate\u015fkesin uygulanaca\u011f\u0131n\u0131 vurgulam\u0131\u015ft\u0131. Kerry, ABD ve Rusya&#8217;n\u0131n ortak giri\u015fimiyle Avusturya&#8217;n\u0131n Ba\u015fkenti Viyana&#8217;da Suriye&#8217;deki i&ccedil; sava\u015fa siyasi &ccedil;&ouml;z&uuml;m bulmak amac\u0131yla ba\u015flat\u0131lan ve 17 &uuml;lke ve Birle\u015fmi\u015f Milletler, Avrupa Birli\u011fi ve Arap Birli\u011fi temsilcilerinin kat\u0131ld\u0131\u011f\u0131 g&ouml;r&uuml;\u015fmelerin ard\u0131ndan, Rusya D\u0131\u015fi\u015fleri Bakan\u0131 Sergey Lavrov ve BM Suriye &Ouml;zel Temsilcisi Staffan de Mistura ile ortak bas\u0131n toplant\u0131s\u0131 yapm\u0131\u015ft\u0131. Bu sinsi plandaki <em>&#8220;18 ay sonra se&ccedil;im&#8221;<\/em> karar\u0131, &ouml;n&uuml;m&uuml;zdeki aylarda Suriye&#8217;ye y&ouml;nelik topyek&ucirc;n sald\u0131r\u0131lar\u0131n ya\u015fanaca\u011f\u0131n\u0131, T&uuml;rkiye&rsquo;nin de bu kirli sava\u015fa sokulmaya &ccedil;al\u0131\u015f\u0131ld\u0131\u011f\u0131n\u0131, Paris bask\u0131n\u0131n\u0131n da buna mazeret ve me\u015fruiyet kazand\u0131rmak &uuml;zere haz\u0131rland\u0131\u011f\u0131n\u0131 ortaya koymaktayd\u0131.<\/span><\/strong><\/p>\n<p style=\"margin-bottom: 0.0001pt; text-align: justify; text-indent: 1cm; line-height: 16pt;\"><strong><span style=\"font-size: 12pt; font-family: 'Arial','sans-serif';\">5- \u0130\u015fte Antalya&rsquo;da toplanan G-20 &uuml;lkelerinin patronlar\u0131 ve piyonlar\u0131 da bu \u015feytani gaye ve giri\u015fimlerin birer hizmetk&acirc;r\u0131yd\u0131. G-20 zirvesinde Barack Obama ile g&ouml;r&uuml;\u015fen Sn. Recep T. Erdo\u011fan&rsquo;\u0131n: &ldquo;stratejik ittifak ve model ortakl\u0131\u011f\u0131m\u0131z gere\u011fi, Suriye&rsquo;de I\u015e\u0130D&rsquo;e kar\u015f\u0131 m&uuml;cadelede Sn. Barak&rsquo;la birlikte hareket etme karar\u0131na vard\u0131k&rdquo; anlam\u0131ndaki itiraflar\u0131 bu iddiam\u0131z\u0131n a&ccedil;\u0131k bir ispat\u0131yd\u0131.<\/span><\/strong><\/p>\n<p style=\"margin-bottom: 0.0001pt; text-align: justify; text-indent: 1cm; line-height: 16pt;\"><strong><span style=\"font-size: 12pt; font-family: 'Arial','sans-serif';\">6- Rusya&rsquo;n\u0131n daha &ouml;nce Afganistan&rsquo;daki, Amerika ve yanda\u015flar\u0131n\u0131n Irak, Libya ve Suriye topraklar\u0131ndaki i\u015fgal ve vah\u015fetleri hem &ldquo;Sald\u0131rgan k&acirc;fir ve zalime kar\u015f\u0131 mecburi savunma&rdquo; gayretiyle ortaya &ccedil;\u0131kan kesimleri, &ccedil;e\u015fitli etken ve y&ouml;ntemlerle kendi g&uuml;ndemlerine sokmak, bunlar\u0131 sa\u011fa sola sald\u0131rt\u0131p &ldquo;\u0130slamc\u0131 ter&ouml;r&rdquo; damgas\u0131 vurmak, hem de silah, lojistik ve stratejik destek sa\u011flay\u0131p M&uuml;sl&uuml;man halklar\u0131 ve iktidarlar\u0131 kendilerine mecbur ve mahk&ucirc;m b\u0131rakmak ve tabi ter&ouml;r&uuml;n as\u0131l kayna\u011f\u0131 olarak \u0130slam&rsquo;\u0131 g&ouml;sterip karalamak amac\u0131yla Siyonist ve emperyalist &uuml;lkelerin (G-&lsquo;20&rsquo;nin) bir plan\u0131yd\u0131. Yani baz\u0131 M&uuml;sl&uuml;man ki\u015fi ve kesimlerin El-Kaide ve I\u015e\u0130D gibi &ouml;rg&uuml;tlere kat\u0131lmas\u0131n\u0131n ve ter&ouml;re bula\u015fmas\u0131n\u0131n as\u0131l %80&rsquo;lik su&ccedil;u ve sorumlulu\u011fu G-20&rsquo;nin s\u0131rt\u0131ndad\u0131r. Geri kalan %20&rsquo;lik su&ccedil; pay\u0131n\u0131n ise, yanl\u0131\u015f ve as\u0131ls\u0131z Din anlay\u0131\u015f\u0131ndan ve temelsiz-dayanaks\u0131z fetvalardan kaynaklanan yobazl\u0131k ve ba\u011fnazl\u0131k saplant\u0131s\u0131nda aramak laz\u0131md\u0131r.<\/span><\/strong><\/p>\n<p style=\"margin-bottom: 0.0001pt; text-align: justify; text-indent: 1cm; line-height: 16pt;\"><strong><span style=\"font-size: 12pt; font-family: 'Arial','sans-serif';\">Cengiz &Ccedil;andar&rsquo;\u0131n:<\/span><\/strong><span style=\"font-size: 12pt; font-family: 'Arial','sans-serif';\"> <strong><em>&ldquo;Paris&rsquo;i sald\u0131r\u0131 hedefi se&ccedil;enlerin kafa yap\u0131lar\u0131n\u0131, bilin&ccedil;altlar\u0131n\u0131 &ccedil;ok &ccedil;arp\u0131c\u0131 bi&ccedil;imde yans\u0131t\u0131yor olmal\u0131d\u0131r. Paris, I\u015e\u0130D a&ccedil;\u0131klamas\u0131nda &ldquo;fuh\u015fun ve m&uuml;stehcenli\u011fin ba\u015fkenti&rdquo; olarak tan\u0131mlamaktad\u0131r. Kimisine g&ouml;re, Paris 18. Y&uuml;zy\u0131l&rsquo;daki &ldquo;ayd\u0131nlanma&rdquo;n\u0131n, Diderot&rsquo;lar\u0131n, Voltaire&rsquo;lerin, Jean-Jacques Rousseau&rsquo;lar\u0131n, Montesquieu&rsquo;lerin ba\u015fkentini hat\u0131rlatmaktad\u0131r&rdquo;<\/em><\/strong> <strong>yakla\u015f\u0131mlar\u0131 tam bir sahtek&acirc;rl\u0131k ve sapt\u0131rmacayd\u0131. &Ccedil;&uuml;nk&uuml; I\u015e\u0130D militanlar\u0131n\u0131n Paris&rsquo;i hedef se&ccedil;meleri i&ccedil;in bu hikmetleri(!) d&uuml;\u015f&uuml;necek kapasiteleri bulunmamaktayd\u0131. Ancak bu katliam\u0131n Bat\u0131 d&uuml;nyas\u0131n\u0131n kutsal ba\u015fkenti say\u0131lan Paris&rsquo;te yap\u0131lmas\u0131 b&uuml;t&uuml;n Ha&ccedil;l\u0131lar\u0131n nefretini \u0130slam&rsquo;a ve M&uuml;sl&uuml;manlara &ccedil;evireceklerini &ccedil;ok iyi bilen Siyonist odaklar b&uuml;t&uuml;n bunlar\u0131 planlam\u0131\u015f olmal\u0131yd\u0131. <\/strong><\/span><\/p>\n<p style=\"margin-bottom: 0.0001pt; text-align: justify; text-indent: 1cm; line-height: 16pt;\"><strong><span style=\"font-size: 12pt; font-family: 'Arial','sans-serif';\">7- AKP T&uuml;rkiyesi&rsquo;nin yapt\u0131\u011f\u0131 ise, G-20 z\u0131rval\u0131klar\u0131n\u0131 ve emperyalist Bat\u0131&rsquo;ya ta\u015feronluklar\u0131n\u0131, yani fikren ve fiilen su&ccedil; ortakl\u0131klar\u0131n\u0131, Polat Alemdar dizileriyle, k&uuml;resel fesatl\u0131k fig&uuml;ranl\u0131klar\u0131na kahramanl\u0131k k\u0131l\u0131f\u0131 ge&ccedil;irip halk\u0131n havas\u0131n\u0131 almak ve bu ge&ccedil;ici ve sonu tehlikeli rehavetle toplumu avutup oyalamakt\u0131. <\/span><\/strong><\/p>\n<p style=\"margin-bottom: 0.0001pt; text-align: justify; text-indent: 1cm; line-height: 16pt;\"><span style=\"font-size: 14pt;\"><strong><span style=\"font-family: 'Arial','sans-serif';\">8- \u0130ran&#8217;dan \u015foke eden Fransa ve I\u015e\u0130D yorumlar\u0131!<\/span><\/strong><\/span><\/p>\n<p style=\"margin-bottom: 0.0001pt; text-align: justify; text-indent: 1cm; line-height: 16pt;\"><span style=\"font-size: 12pt; font-family: 'Arial','sans-serif';\">\u0130ran Genelkurmay Ba\u015fkan Yard\u0131mc\u0131s\u0131 Tu\u011fgeneral Mesud Cezayiri Fransa&#8217;daki sald\u0131r\u0131lar i&ccedil;in &ccedil;arp\u0131c\u0131 a&ccedil;\u0131klamalar yapm\u0131\u015ft\u0131. Fransa&#8217;daki ter&ouml;r sald\u0131r\u0131lar\u0131n\u0131 de\u011ferlendiren \u0130ran Genelkurmay Ba\u015fkan Yard\u0131mc\u0131s\u0131 Tu\u011fgeneral Mesud Cezayiri<strong><em>, &#8220;Frans\u0131zlar, kendi devletlerinin I\u015e\u0130D&rsquo;i ve (ba\u015fka M&uuml;sl&uuml;manlar\u0131) tekfirci ter&ouml;ristleri desteklemesinin bedelini &ouml;demi\u015f oldular. Bat\u0131l\u0131lar, tekfiri ter&ouml;rizmi desteklemeyi s&uuml;rd&uuml;rmeleri halinde Avrupa&#8217;n\u0131n di\u011fer noktalar\u0131nda da ola\u011fan&uuml;st&uuml; hal ilan\u0131n\u0131 bekliyor olmal\u0131lar&#8221;<\/em><\/strong> yorumunu payla\u015fm\u0131\u015ft\u0131. ABD&#8217;de ya\u015fanan 11 Eyl&uuml;l sald\u0131r\u0131lar\u0131 sonras\u0131 Afganistan ve Irak&#8217;a yap\u0131lan sald\u0131r\u0131lar\u0131 hat\u0131rlatan Cezayiri, <strong><em>&#8220;Paris&#8217;teki ter&ouml;r sald\u0131r\u0131s\u0131 11 Eyl&uuml;l sald\u0131r\u0131s\u0131nda oldu\u011fu gibi, ABD ve Avrupal\u0131 m&uuml;ttefikleri taraf\u0131ndan suiistimal edilmemeli&#8221;<\/em><\/strong> uyar\u0131s\u0131nda bulunmu\u015flard\u0131. \u0130ranl\u0131 General, <strong><em>&#8220;I\u015e\u0130D&#8217;in ve benzeri &ouml;rg&uuml;tlerin ortaya &ccedil;\u0131k\u0131\u015f\u0131n\u0131n k&uuml;resel tasar\u0131mc\u0131lar\u0131, \u015fimdi ter&ouml;rizmin ac\u0131s\u0131n\u0131 tatm\u0131\u015ft\u0131r, tekfirci ter&ouml;ristleri desteklemekten vazge&ccedil;ip ger&ccedil;ek anlamda ter&ouml;rizmle m&uuml;cadele sahnesine d&ouml;nmedik&ccedil;e de ba\u015flar\u0131 beladan kurtulamayacakt\u0131r&rdquo;<\/em><\/strong> de\u011ferlendirmesini yapm\u0131\u015ft\u0131.[2]<\/span><\/p>\n<p style=\"margin-bottom: 0.0001pt; text-align: justify; text-indent: 1cm; line-height: 16pt;\"><strong><span style=\"font-size: 12pt; font-family: 'Arial','sans-serif';\">&ldquo;\u0130slami ter&ouml;r&rdquo; yaftas\u0131 ve iftiras\u0131yla Bat\u0131&rsquo;n\u0131n perde arkas\u0131n\u0131 ve &ccedil;ifte standard\u0131n\u0131 ortaya koyan \u0130ran Genelkurmay Ba\u015fkan\u0131 Yard\u0131mc\u0131s\u0131 Mesud Cezayiri, ke\u015fke Yemen&rsquo;de, L&uuml;bnan ve Suriye&rsquo;de \u015eii k&ouml;kenli bir tak\u0131m ter&ouml;rist olu\u015fumlara da ayn\u0131 Bat\u0131&rsquo;n\u0131n sahip &ccedil;\u0131kt\u0131\u011f\u0131 ve imk&acirc;n sa\u011flay\u0131p k\u0131\u015fk\u0131rtt\u0131\u011f\u0131 ger&ccedil;e\u011fine vurgu yapsa ve hala mezhep taassubu damar\u0131yla davranmasayd\u0131.<\/span><\/strong><\/p>\n<p style=\"margin-bottom: 0.0001pt; text-align: justify; text-indent: 1cm; line-height: 16pt;\"><strong><span style=\"font-size: 12pt; font-family: 'Arial','sans-serif';\">9- Bu arada, N&uuml;fus c&uuml;zdan\u0131nda M&uuml;sl&uuml;man yazan, kendince sosyalist ve Kemalist tak\u0131nan, &ccedil;o\u011fu Sabataist k&ouml;kenli ve Mason dev\u015firmesi nice soysuz tak\u0131m\u0131 da; I\u015e\u0130D ve El-Kaide bahanesiyle \u0130slam&rsquo;a sald\u0131rmakta ve gayz\u0131n\u0131 kusmaktayd\u0131. Bu insi \u015feytanlar zaten M&uuml;sl&uuml;manlara sata\u015fmak, her t&uuml;rl&uuml; gericili\u011fin, fakirlik ve sefaletin \u0130slam&rsquo;dan kaynakland\u0131\u011f\u0131 yalan\u0131n\u0131 bilimsel ger&ccedil;ekler gibi sunmak, b&ouml;ylece Darwinistli\u011fin gere\u011fi olan maymunluklar\u0131n\u0131 ispatlamak i&ccedil;in f\u0131rsat kollamaktayd\u0131.<\/span><\/strong><\/p>\n<p>&nbsp;<\/p>\n<hr style=\"text-align: left;\" size=\"1\" width=\"33%\" \/>\n<p><a href=\"#ftnref1\" id=\"ftnref1\" name=\"ftn1\" style=\"vertical-align: super;\">[1]<\/a><span style=\"font-size: 9pt; font-family: 'Arial','sans-serif';\"> Bak: 16 Kas\u0131m 2015, Milli Gazete<\/span><\/p>\n<p><a href=\"#ftnref2\" id=\"ftnref2\" name=\"ftn2\" style=\"vertical-align: super;\">[2]<\/a><span style=\"font-size: 9pt; font-family: 'Arial','sans-serif';\"> Kaynak: <a href=\"http:\/\/www.internethaber.com\/irandan-soke-eden-fransa-yorumu-1486991h.htm\">http:\/\/www.internethaber.com\/irandan-soke-eden-fransa-yorumu-1486991h.htm<\/a><\/span><\/p>\n","protected":false},"excerpt":{"rendered":"<p>Konunun uzman\u0131 ve tarafs\u0131z stratejistler ve duyarl\u0131 analizciler; Paris&rsquo;te y&uuml;zlerce masum insan\u0131n katledilmesiyle sonu&ccedil;lanan korkun&ccedil; ter&ouml;r sald\u0131r\u0131lar\u0131n\u0131 I\u015e\u0130D gibi y&ouml;resel ve ilkel bir &ouml;rg&uuml;t&uuml;n asla ba\u015faramayaca\u011f\u0131n\u0131 s&ouml;yl&uuml;yordu. Fransa gibi en g&uuml;&ccedil;l&uuml; ve geli\u015fmi\u015f istihbarat birimlerine sahip bir &uuml;lkede ve Paris gibi en s\u0131k\u0131 koruma tedbirlerinin al\u0131nd\u0131\u011f\u0131 bir metropolde; ayn\u0131 anda ve \u015fehrin de\u011fi\u015fik b&ouml;lgelerinde ba\u015flat\u0131lan, [&hellip;]<\/p>\n","protected":false},"author":4,"featured_media":0,"comment_status":"open","ping_status":"closed","sticky":false,"template":"","format":"standard","meta":{"footnotes":""},"categories":[98],"tags":[],"class_list":["post-3545","post","type-post","status-publish","format-standard","hentry","category-ozel-yazilar"],"_links":{"self":[{"href":"https:\/\/www.millicozum.com\/mc\/wp-json\/wp\/v2\/posts\/3545","targetHints":{"allow":["GET"]}}],"collection":[{"href":"https:\/\/www.millicozum.com\/mc\/wp-json\/wp\/v2\/posts"}],"about":[{"href":"https:\/\/www.millicozum.com\/mc\/wp-json\/wp\/v2\/types\/post"}],"author":[{"embeddable":true,"href":"https:\/\/www.millicozum.com\/mc\/wp-json\/wp\/v2\/users\/4"}],"replies":[{"embeddable":true,"href":"https:\/\/www.millicozum.com\/mc\/wp-json\/wp\/v2\/comments?post=3545"}],"version-history":[{"count":0,"href":"https:\/\/www.millicozum.com\/mc\/wp-json\/wp\/v2\/posts\/3545\/revisions"}],"wp:attachment":[{"href":"https:\/\/www.millicozum.com\/mc\/wp-json\/wp\/v2\/media?parent=3545"}],"wp:term":[{"taxonomy":"category","embeddable":true,"href":"https:\/\/www.millicozum.com\/mc\/wp-json\/wp\/v2\/categories?post=3545"},{"taxonomy":"post_tag","embeddable":true,"href":"https:\/\/www.millicozum.com\/mc\/wp-json\/wp\/v2\/tags?post=3545"}],"curies":[{"name":"wp","href":"https:\/\/api.w.org\/{rel}","templated":true}]}}