{"id":3576,"date":"2015-12-13T00:46:41","date_gmt":"2015-12-13T00:46:41","guid":{"rendered":"https:\/\/www.millicozum.com\/mc\/2015\/12\/13\/tirmanan-rus-krizinin-travmasi-ve-tahir-elci-muammasi\/"},"modified":"2015-12-13T00:46:41","modified_gmt":"2015-12-13T00:46:41","slug":"tirmanan-rus-krizinin-travmasi-ve-tahir-elci-muammasi","status":"publish","type":"post","link":"https:\/\/www.millicozum.com\/mc\/ozel-yazilar\/tirmanan-rus-krizinin-travmasi-ve-tahir-elci-muammasi\/","title":{"rendered":"TIRMANAN RUS KR\u0130Z\u0130N\u0130N TRAVMASI VE TAH\u0130R EL\u00c7\u0130 MUAMMASI"},"content":{"rendered":"\n<p style=\"margin-bottom: 0.0001pt; text-align: justify; text-indent: 1cm; line-height: 16pt;\"><strong><span style=\"font-size: 12pt; font-family: Arial, sans-serif;\">&Ouml;yle anla\u015f\u0131l\u0131yor ki, birileri T&uuml;rkiye ile Rusya&rsquo;n\u0131n bozu\u015fmas\u0131n\u0131 hatta kavgaya tutu\u015fmas\u0131n\u0131 istemi\u015fti. Rus askeri yetkililerinin &ldquo;Biz s\u0131n\u0131r b&ouml;lgesine yak\u0131n u&ccedil;a\u011f\u0131m\u0131z\u0131 ve koordinatlar\u0131m\u0131z\u0131 m&uuml;ttefikleri olan T&uuml;rkiye&rsquo;ye iletmek &uuml;zere ABD yetkililerine bildirmi\u015ftik&rdquo; a&ccedil;\u0131klamas\u0131 bu konuda &ouml;nemli ipu&ccedil;lar\u0131 vermekteydi. &Ccedil;&uuml;nk&uuml; ABD&rsquo;den T&uuml;rkiye&rsquo;ye b&ouml;yle bir uyar\u0131 bilgisi gelmemi\u015fti ve T&uuml;rk yetkililer Rus u&ccedil;a\u011f\u0131n\u0131n milliyetini belirleyemediklerinden vurduklar\u0131n\u0131 s&ouml;ylemi\u015flerdi.<\/span><\/strong><\/p>\n<p style=\"margin-bottom: 0.0001pt; text-align: justify; text-indent: 1cm; line-height: 16pt;\"><span style=\"font-size: 14pt;\"><strong><span style=\"font-family: Arial, sans-serif;\">Rus u&ccedil;a\u011f\u0131 vurulduktan sonra:<\/span><\/strong><\/span><\/p>\n<p style=\"margin-bottom: 0.0001pt; text-align: justify; text-indent: 1cm; line-height: 16pt;\"><strong><span style=\"font-size: 12pt; font-family: Arial, sans-serif;\">1- Rusya T&uuml;rkiye&rsquo;yi ciddi s\u0131k\u0131nt\u0131ya sokacak, ekonomik, ticari, turistik, askeri ve siyasi tedbirlere y&ouml;nelece\u011fi&#8230;<\/span><\/strong><\/p>\n<p style=\"margin-bottom: 0.0001pt; text-align: justify; text-indent: 1cm; line-height: 16pt;\"><strong><span style=\"font-size: 12pt; font-family: Arial, sans-serif;\">2- Bug&uuml;ne kadar Suriye T&uuml;rkmenlerinin ellerinde tutmay\u0131 ve kaybettikleri yerleri geri almay\u0131 ba\u015fard\u0131klar\u0131 stratejik K\u0131z\u0131lda\u011f, maalesef yo\u011fun sald\u0131r\u0131lar sonucu yeniden Esed rejiminin eline ge&ccedil;ece\u011fi&hellip;<\/span><\/strong><\/p>\n<p style=\"margin-bottom: 0.0001pt; text-align: justify; text-indent: 1cm; line-height: 16pt;\"><strong><span style=\"font-size: 12pt; font-family: Arial, sans-serif;\">3- Rusya&rsquo;n\u0131n Suriye&rsquo;ye askeri m&uuml;dahalesi ve tahribinin daha da \u015fiddetlenece\u011fi&hellip;<\/span><\/strong><\/p>\n<p style=\"margin-bottom: 0.0001pt; text-align: justify; text-indent: 1cm; line-height: 16pt;\"><strong><span style=\"font-size: 12pt; font-family: Arial, sans-serif;\">4- Ruslar d&uuml;nya genelinde, T&uuml;rkiye aleyhinde as\u0131ls\u0131z ithamlarla dolu bir karalama kampanyas\u0131na giri\u015fece\u011fi&#8230;<\/span><\/strong><\/p>\n<p style=\"margin-bottom: 0.0001pt; text-align: justify; text-indent: 1cm; line-height: 16pt;\"><strong><span style=\"font-size: 12pt; font-family: Arial, sans-serif;\">5- Bu olay &uuml;zerine T&uuml;rkiye&#8217;nin, ABD, Rusya ve \u0130ran&rsquo;\u0131n olu\u015fturdu\u011fu &ldquo;Suriye sorununa &ccedil;&ouml;z&uuml;m&rdquo; mutabakat\u0131n\u0131n d\u0131\u015f\u0131na itilece\u011fi&#8230;<\/span><\/strong><\/p>\n<p style=\"margin-bottom: 0.0001pt; text-align: justify; text-indent: 1cm; line-height: 16pt;\"><strong><span style=\"font-size: 12pt; font-family: Arial, sans-serif;\"><\/span><\/strong><strong><span style=\"font-size: 12pt; font-family: Arial, sans-serif;\">6- Esed rejimi ve ailesinin elinin g&uuml;&ccedil;lenece\u011fi hesap edilmemi\u015fti.<\/span><\/strong><\/p>\n<p style=\"margin-bottom: 0.0001pt; text-align: justify; text-indent: 1cm; line-height: 16pt;\"><strong><span style=\"font-size: 12pt; font-family: Arial, sans-serif;\"><\/span><\/strong><strong><span style=\"font-size: 12pt; font-family: Arial, sans-serif;\">Zaten s\u0131n\u0131r\u0131m\u0131z\u0131 ihlal eden jetlerin Rusya&rsquo;ya ait oldu\u011fu bilinse bunlar\u0131n asla vurulmayaca\u011f\u0131n\u0131, hem Cumhurba\u015fkan\u0131, hem Ba\u015fbakan, hem Ba\u015fbakan Yard\u0131mc\u0131s\u0131 (Numan Kurtulmu\u015f), hem de Genelkurmay defalarca ifade etmi\u015fti. K\u0131saca T&uuml;rkiye, belki de oyuna getirilmi\u015f, m&uuml;ttefiklerinin haz\u0131rlad\u0131\u011f\u0131 ve yem olarak Rusya&rsquo;n\u0131n kullan\u0131ld\u0131\u011f\u0131 bir tezg&acirc;h\u0131 fark edememi\u015fti.<\/span><\/strong><\/p>\n<p style=\"margin-bottom: 0.0001pt; text-align: justify; text-indent: 1cm; line-height: 16pt;\"><strong><span style=\"font-size: 12pt; font-family: Arial, sans-serif;\"><\/span><\/strong><span style=\"font-size: 14pt;\"><strong><span style=\"font-family: Arial, sans-serif;\">Dilipak&#8217;\u0131n twitter anketi kendisini de \u015fa\u015f\u0131rtm\u0131\u015ft\u0131!<\/span><\/strong><\/span><\/p>\n<p style=\"margin-bottom: 0.0001pt; text-align: justify; text-indent: 1cm; line-height: 16pt;\"><span style=\"font-size: 14pt;\"><strong><span style=\"font-family: Arial, sans-serif;\"><\/span><\/strong><\/span><strong><span style=\"font-size: 12pt; font-family: Arial, sans-serif;\">Gazeteci Abdurrahman Dilipak, Putin&#8217;in T&uuml;rkiye&#8217;yi su&ccedil;layan s&ouml;zlerini sosyal medyada g&uuml;ndeme getirip&nbsp;<em>&#8220;DAE\u015e&#8217;ten petrol alan kim?&#8221;<\/em>&nbsp;sorusunu y&ouml;neltmi\u015fti. Twitter&#8217;daki ankette Dilipak, takip&ccedil;ilerinden Putin Rusya&#8217;s\u0131, Esed Suriye&#8217;si ve Erdo\u011fan T&uuml;rkiye&#8217;si se&ccedil;eneklerinden birini se&ccedil;melerini istemi\u015fti. Ancak takip&ccedil;ilerinden b&uuml;y&uuml;k &ccedil;o\u011funlukla bu soruya &#8220;Erdo\u011fan T&uuml;rkiye&#8217;si&#8221; cevab\u0131n\u0131 verince, anketin manip&uuml;le edildi\u011fini s&ouml;yleyip her zamanki gibi &ccedil;ark etmi\u015fti. Hani demokratik d&uuml;\u015f&uuml;ncelere sayg\u0131 g&ouml;sterilecekti?!<\/span><\/strong><\/p>\n<p style=\"margin-bottom: 0.0001pt; text-align: justify; text-indent: 1cm; line-height: 16pt;\"><strong><span style=\"font-size: 12pt; font-family: Arial, sans-serif;\"><\/span><\/strong><strong><span style=\"font-size: 12pt; font-family: Arial, sans-serif;\">Twitter fenomeni Fuat Avni,&nbsp;<em>T&uuml;rkiye&rsquo;nin Rus jetini d&uuml;\u015f&uuml;rece\u011fini bir ay &ouml;ncesinden haber vermi\u015f&nbsp;<\/em>aynen ger&ccedil;ekle\u015fmi\u015fti. Acaba ABD m&uuml;ttefikimizin(!) ve bilirki\u015filerimizin(!) tahrik ve te\u015fvikiyle aram\u0131z\u0131 bozmak &uuml;zere Rus u&ccedil;a\u011f\u0131n\u0131 d&uuml;\u015f&uuml;rme karar\u0131m\u0131z ve haz\u0131rl\u0131\u011f\u0131m\u0131z &ouml;nceden planland\u0131\u011f\u0131 i&ccedil;in mi Fuat Avni bu bilgiye eri\u015fmi\u015fti? Yoksa Bay Twitter fenomeni, keramet mi g&ouml;stermi\u015fti? Bu t&uuml;r stratejik ve gizli bilgilerine bile sahip olamayan safdiriklerin &uuml;lkeyi y&ouml;netmesi elbette en b&uuml;y&uuml;k tehlike ve talihsizlikti.<\/span><\/strong><\/p>\n<p style=\"margin-bottom: 0.0001pt; text-align: justify; text-indent: 1cm; line-height: 16pt;\"><strong><span style=\"font-size: 12pt; font-family: Arial, sans-serif;\"><\/span><\/strong><span style=\"font-size: 14pt;\"><strong><span style=\"font-family: Arial, sans-serif;\">Genelkurmay&#8217;da Rus komutanlar\u0131 susturan soru neydi?<\/span><\/strong><\/span><\/p>\n<p style=\"margin-bottom: 0.0001pt; text-align: justify; text-indent: 1cm; line-height: 16pt;\"><span style=\"font-size: 14pt;\"><strong><span style=\"font-family: Arial, sans-serif;\"><\/span><\/strong><\/span><strong><span style=\"font-size: 12pt; font-family: Arial, sans-serif;\">Genelkurmay&#8217;da Rus komutanlara u&ccedil;aklara yap\u0131lan uyar\u0131 dinletilmi\u015f ve&nbsp;<em>&#8216;Pilotlar\u0131n\u0131z niye yan\u0131t vermedi&#8217;&nbsp;<\/em>sorusuna ise Ruslar bir a&ccedil;\u0131klama getirememi\u015fti. Sabah gazetesi Genelkurmay&#8217;da Rus komutanlara olayla ilgili yap\u0131lan bilgilendirme toplant\u0131s\u0131n\u0131n ayr\u0131nt\u0131lar\u0131n\u0131 man\u015fetinden bildirmi\u015fti. Rusya&#8217;n\u0131n, d&uuml;\u015f&uuml;r&uuml;len sava\u015f u&ccedil;a\u011f\u0131n\u0131n ard\u0131ndan T&uuml;rkiye&#8217;ye y&ouml;nelik sert a&ccedil;\u0131klamalar\u0131na kar\u015f\u0131n Ankara daha so\u011fukkanl\u0131 diplomasiyle yan\u0131t vermekteydi. \u0130yi niyet g&ouml;stergesi olarak Rus taraf\u0131 ile bilgilendirme &ccedil;er&ccedil;evesinde g&ouml;r&uuml;\u015fmeler s&uuml;rd&uuml;r&uuml;lmekteydi. Son olarak Rus ata\u015feler Genelkurmay&#8217;a davet edilmi\u015fti. Ancak Genelkurmay&#8217;da Rus komutanlara&nbsp;<em>&#8216;Pilotlar\u0131n\u0131z bizim uyar\u0131lar\u0131m\u0131za niye kar\u015f\u0131l\u0131k vermedi?&#8217;<\/em>&nbsp;sorusuna hi&ccedil;bir yan\u0131t verilmemesi dikkat &ccedil;ekmi\u015fti.<\/span><\/strong><\/p>\n<p style=\"margin-bottom: 0.0001pt; text-align: justify; text-indent: 1cm; line-height: 16pt;\"><strong><span style=\"font-size: 12pt; font-family: Arial, sans-serif;\"><\/span><\/strong><strong><span style=\"font-size: 12pt; font-family: Arial, sans-serif;\">Vurulunca Keseb yak\u0131nlar\u0131na d&uuml;\u015fen Rus u&ccedil;a\u011f\u0131, dikkatleri bir kez daha b&ouml;lgeye &ccedil;evirmi\u015fti. Keseb, s\u0131n\u0131r\u0131m\u0131za paralel olu\u015fturulacak K&uuml;rt koridorunun Akdeniz&rsquo;e a&ccedil;\u0131lan kap\u0131s\u0131 olarak stratejik &ouml;neme sahipti. T&uuml;rk F-16 u&ccedil;aklar\u0131 hava saham\u0131z\u0131 ihlal etti\u011fi gerek&ccedil;esiyle vurdu\u011fu SU-24 tipi Rus sava\u015f u&ccedil;a\u011f\u0131na Hatay&rsquo;\u0131n Yaylada\u011f\u0131 il&ccedil;esinin kar\u015f\u0131s\u0131nda kalan Suriye&rsquo;nin Keseb kasabas\u0131 yak\u0131nlar\u0131nda d&uuml;\u015f&uuml;vermi\u015fti. B&ouml;ylece biri Rusya, biri Suriye, biri de T&uuml;rkiye&rsquo;ye ait olmak &uuml;zere ayn\u0131 hava sahas\u0131nda &uuml;&ccedil; u&ccedil;ak d&uuml;\u015f&uuml;r&uuml;lm&uuml;\u015f olmas\u0131 ilgin&ccedil;ti. B&ouml;lgede ilk olarak 22 Haziran 2012&rsquo;de Suriye, T&uuml;rkiye&rsquo;ye ait RF-4 ke\u015fif u&ccedil;a\u011f\u0131n\u0131 vurup indirmi\u015fti. Daha sonra T&uuml;rkiye 23 Mart 2014&rsquo;te de ayn\u0131 b&ouml;lgede Suriye&rsquo;ye ait MIG sava\u015f u&ccedil;a\u011f\u0131n\u0131 indirdi. Suriye&rsquo;nin Keseb kasabas\u0131n\u0131n bulundu\u011fu b&ouml;lge T&uuml;rkiye s\u0131n\u0131r\u0131na paralel olarak olu\u015fturulacak K&uuml;rt koridorunun Akdeniz&rsquo;e a&ccedil;\u0131lan kap\u0131s\u0131 olarak se&ccedil;ildi\u011fi i&ccedil;in jeostratejik bir &ouml;neme sahipti. Irak ve Suriye&rsquo;de uygulanan plana g&ouml;re K&uuml;rtlerin kontrol&uuml;ne verilecek b&ouml;lgeler &ouml;nce I\u015e\u0130D&rsquo;e i\u015fgal ettirilmekteydi. Sonra K&uuml;rtler taraf\u0131ndan kurtar\u0131lan bu b&ouml;lgelerdeki T&uuml;rkmenler ve Araplar zorla g&ouml;&ccedil; ettirilmekteydi. Suriye&rsquo;nin kuzeyinde kantonlar olu\u015fturan PKK&rsquo;n\u0131n Suriye kanad\u0131 PYD&rsquo;nin &ouml;n&uuml;nde \u015fimdi iki g&ouml;rev belirmi\u015fti. Biri bu kantonlar\u0131 birle\u015ftirebilmek i&ccedil;in Cerablus b&ouml;lgesini ele ge&ccedil;irmekti. PYD&rsquo;nin silahl\u0131 kanad\u0131 YPG, ge&ccedil;ti\u011fimiz g&uuml;nler F\u0131rat&rsquo;\u0131n bat\u0131s\u0131na ge&ccedil;mi\u015f ve Cerablus&rsquo;a ilerlemi\u015fti. \u0130kincisi ise Afrin&rsquo;in bat\u0131s\u0131nda kalan Bay\u0131rbucak b&ouml;lgesindeki &ccedil;o\u011funlukta olan T&uuml;rkmen n&uuml;fusunu buralardan s&uuml;rmekti. B&ouml;ylece Afrin kantonunun Keseb kasabas\u0131n\u0131n bulundu\u011fu b&ouml;lgeden denizle bulu\u015fmas\u0131 ger&ccedil;ekle\u015fecekti. Ama&ccedil; ise Irak K&uuml;rt B&ouml;lgesel Y&ouml;netimi&rsquo;nin Akdeniz ile ba\u011flant\u0131s\u0131n\u0131 kurabilmekti. B&ouml;ylece Kuzey Irak&rsquo;ta bulunan petrol ve do\u011falgaz T&uuml;rkiye&rsquo;ye ihtiya&ccedil; duymadan Kerk&uuml;k Ceyhan boru hatt\u0131 ile Erbil&rsquo;den gelen boru hatt\u0131n\u0131n birle\u015fti\u011fi Fi\u015fabur&rsquo;dan itibaren d&ouml;\u015fenmesi planlanan yeni boru hatt\u0131 ile d&uuml;nyaya pazarlanabilecekti.<\/span><\/strong><\/p>\n<p style=\"margin-bottom: 0.0001pt; text-align: justify; text-indent: 1cm; line-height: 16pt;\"><strong><span style=\"font-size: 12pt; font-family: Arial, sans-serif;\"><\/span><\/strong><span style=\"font-size: 14pt;\"><strong><span style=\"font-family: Arial, sans-serif;\">Takvim Gazetesi&rsquo;nde Erg&uuml;n Diler 26 Kas\u0131m 2015 tarihli &ldquo;U&ccedil;a\u011f\u0131n \u015eifresi&rdquo; yaz\u0131s\u0131nda ipe sapa gelmez kurgular s\u0131ralam\u0131\u015ft\u0131:<\/span><\/strong><\/span><\/p>\n<p style=\"margin-bottom: 0.0001pt; text-align: justify; text-indent: 1cm; line-height: 16pt;\"><span style=\"font-size: 14pt;\"><strong><span style=\"font-family: Arial, sans-serif;\"><\/span><\/strong><\/span><strong><em><span style=\"font-size: 12pt; font-family: Arial, sans-serif;\">&ldquo;Rus u&ccedil;aklar\u0131 son zamanlarda T&uuml;rkmenlerin oldu\u011fu yerlerde fazla g&ouml;r&uuml;nmeye ba\u015flam\u0131\u015ft\u0131. &Ouml;zellikle T&uuml;rk, ABD, \u0130srail ve NATO jetlerinin, gemilerinin, f&uuml;zelerinin cirit att\u0131\u011f\u0131 yerlere dalmay\u0131 &ccedil;ok seviyorlard\u0131. Kimine g&ouml;re ortada bir sava\u015f olmad\u0131\u011f\u0131na g&ouml;re acaba Ruslar neden u&ccedil;u\u015f rotalar\u0131n\u0131 Akdeniz&#8217;in en sanc\u0131l\u0131 ve kritik yerlerine g&ouml;re ayarl\u0131yorlard\u0131! Ruslar, son zamanlarda; Amerikan gemilerini, gemilerden at\u0131lan f&uuml;zeleri, Amerikal\u0131lar\u0131n \u0130srail&#8217;e ve T&uuml;rkiye&#8217;ye verdi\u011fi u&ccedil;aklar\u0131 ve NATO silahlar\u0131n\u0131 etkileyecek ve k&ouml;r hale getirecek bir teknolojinin sahibi olmu\u015flard\u0131. Ruslar bu teknolojiyi kullanarak b&uuml;t&uuml;n NATO ordular\u0131n\u0131 k&ouml;r ve sa\u011f\u0131r hale getirebilecek d&uuml;zeye ula\u015fm\u0131\u015ft\u0131. Bu Amerikal\u0131lar\u0131n Ruslardan ald\u0131klar\u0131 do\u011fru istihbaratt\u0131. T&uuml;rk Hava Sahas\u0131&#8217;n\u0131 aral\u0131ks\u0131z ihlal eden Rus u&ccedil;a\u011f\u0131 SU-24&#8217;te &ccedil;ok &ouml;zel anlam verilen bir u&ccedil;akt\u0131! NATO ve T&uuml;rkiye&#8217;nin elindeki bilgilere g&ouml;re bu Rus u&ccedil;a\u011f\u0131 t&uuml;m NATO aras\u0131ndaki ileti\u015fimi kesebilecek bir teknolojiye sahip donan\u0131mdayd\u0131. Yap\u0131lmas\u0131 gereken tek \u015fey bu u&ccedil;a\u011f\u0131 ele ge&ccedil;irmek ve inceleyip gizli teknolojilerine ula\u015fmakt\u0131. \u0130\u015fte bu RUS u&ccedil;a\u011f\u0131 SU-24&#8217;te bize b&ouml;yle bir kozu sunmaktayd\u0131. U&ccedil;aklar\u0131m\u0131z aras\u0131nda ileti\u015fimi kopar\u0131p koskoca T&uuml;rkiye&#8217;yi savunmas\u0131z b\u0131rakacak, NATO&#8217;yu \u015fa\u015fk\u0131nl\u0131\u011fa u\u011fratacak haz\u0131rl\u0131\u011f\u0131n bir &uuml;yesi 5 dakikal\u0131\u011f\u0131na hava saham\u0131za dalm\u0131\u015ft\u0131. Asl\u0131nda Ruslar\u0131n &#8220;arkam\u0131zdan vurulduk&#8221; dedi\u011fi buydu! Yani o pilotlar\u0131 hava saham\u0131za kim itmi\u015f ve nas\u0131l kand\u0131rm\u0131\u015flard\u0131? Bilen yok! Ama girdiler ve yap\u0131lmas\u0131 gereken yap\u0131ld\u0131. T&uuml;rkiye burada b&uuml;y&uuml;k bir ad\u0131m att\u0131. Hem kendini, hem NATO&#8217;yu korumak &uuml;zere anlaml\u0131 bir ad\u0131md\u0131 bu! SU-24 d&uuml;\u015f&uuml;r&uuml;ld&uuml;! Ama&ccedil;, u&ccedil;a\u011f\u0131n b&uuml;t&uuml;n par&ccedil;alar\u0131n\u0131 ele ge&ccedil;irip kar\u015f\u0131 teknolojiyi &ccedil;&ouml;zmek ve gerekli tedbirleri almakt\u0131. Asl\u0131nda koca bir ittifak\u0131n kurtulu\u015fu i&ccedil;in at\u0131lan bir ad\u0131md\u0131. T&uuml;rkiye kendini korudu\u011fu gibi \u0130ttifak\u0131n\u0131 (NATO&rsquo;yu) da korumaktayd\u0131. Zaten Amerika da Ruslar\u0131n bu teknolojiyi kullanmas\u0131n\u0131, &ccedil;o\u011faltmas\u0131n\u0131, yaymas\u0131n\u0131 engellemek i&ccedil;in u\u011fra\u015fmaktayd\u0131. U&ccedil;ak d&uuml;\u015ft&uuml;kten sonra ELINT (Elektronik Destek ve Elektronik \u0130stihbarat) uzman\u0131 yolland\u0131. SU-24&#8217;&uuml;n anatomisi incelenecek tomografisi &ccedil;ekilecek ve gereken ad\u0131mlar at\u0131lacakt\u0131! Zaten Rusya&#8217;n\u0131n sessizli\u011finin arkas\u0131nda bu yatmaktayd\u0131!&rdquo;<\/span><\/em><\/strong><\/p>\n<p style=\"margin-bottom: 0.0001pt; text-align: justify; text-indent: 1cm; line-height: 16pt;\"><strong><em><span style=\"font-size: 12pt; font-family: Arial, sans-serif;\"><\/span><\/em><\/strong><span style=\"font-size: 14pt;\"><strong><span style=\"font-family: Arial, sans-serif;\">\u015eimdi safsatadan da &ouml;te bu sapt\u0131rmalar\u0131n, s\u0131r\u0131tan yalanlar\u0131n\u0131 ortaya koyal\u0131m:<\/span><\/strong><\/span><\/p>\n<p style=\"margin-bottom: 0.0001pt; text-align: justify; text-indent: 1cm; line-height: 16pt;\"><span style=\"font-size: 14pt;\"><strong><span style=\"font-family: Arial, sans-serif;\"><\/span><\/strong><\/span><strong><span style=\"font-size: 12pt; font-family: Arial, sans-serif;\">1- ABD, AB ve \u0130srail&rsquo;in T&uuml;rkiye&rsquo;nin ger&ccedil;ek ve samimi dostlar\u0131 ve Rusya&rsquo;ya kar\u015f\u0131 koruyucular\u0131 olduklar\u0131n\u0131 d&uuml;\u015f&uuml;nmek ahmakl\u0131k de\u011filse, al&ccedil;akl\u0131kt\u0131. \u0130\u015fin do\u011frusu &ldquo;K&uuml;f&uuml;r tek milletti. \u0130slam&rsquo;a ve T&uuml;rkiye&rsquo;ye kar\u015f\u0131 Rusya ile Bat\u0131 ve Ha&ccedil;l\u0131 d&uuml;nyas\u0131 ortakt\u0131.&rdquo;<\/span><\/strong><\/p>\n<p style=\"margin-bottom: 0.0001pt; text-align: justify; text-indent: 1cm; line-height: 16pt;\"><strong><span style=\"font-size: 12pt; font-family: Arial, sans-serif;\"><\/span><\/strong><strong><span style=\"font-size: 12pt; font-family: Arial, sans-serif;\">2- T&uuml;rkiye defalarca ve en yetkili a\u011f\u0131zlarca &ldquo;d&uuml;\u015f&uuml;r&uuml;len u&ccedil;a\u011f\u0131n milliyetinin saptanamad\u0131\u011f\u0131n\u0131 ve Rusya&rsquo;ya ait oldu\u011funun anla\u015f\u0131lmas\u0131 halinde asla vurmayacaklar\u0131n\u0131&rdquo; a&ccedil;\u0131klam\u0131\u015f ve Erg&uuml;n Diler yalakas\u0131n\u0131 yalanlam\u0131\u015flard\u0131. Yani T&uuml;rkiye bu olayda, maalesef m&uuml;ttefiklerinin oltas\u0131na tak\u0131lm\u0131\u015f, gereksiz bir m&uuml;dahale ile Rusya ile tak\u0131\u015fm\u0131\u015ft\u0131.<\/span><\/strong><\/p>\n<p style=\"margin-bottom: 0.0001pt; text-align: justify; text-indent: 1cm; line-height: 16pt;\"><strong><span style=\"font-size: 12pt; font-family: Arial, sans-serif;\"><\/span><\/strong><strong><span style=\"font-size: 12pt; font-family: Arial, sans-serif;\">3- Rusya&rsquo;n\u0131n geli\u015ftirdi\u011fi bu y&uuml;ksek teknolojinin, asl\u0131nda Erbakan Hoca taraf\u0131ndan haz\u0131rlan\u0131p TSK&rsquo;n\u0131n ilgili birimlerine ve zaman\u0131 geldi\u011finde kullan\u0131lmak &uuml;zere b\u0131rak\u0131ld\u0131\u011f\u0131n\u0131 Milli &Ccedil;&ouml;z&uuml;m&rsquo;de y\u0131llard\u0131r defalarca yazd\u0131k. Yani T&uuml;rkiye&rsquo;nin d&uuml;\u015f&uuml;rd&uuml;\u011f&uuml; bir Rus u&ccedil;a\u011f\u0131ndan &ouml;zel teknoloji s\u0131rlar\u0131n\u0131 &ccedil;&ouml;zme senaryosu aptalcayd\u0131, hatta belki de ABD ve Rusya ortakla\u015fa bizdeki bu t&uuml;r teknolojilerin varl\u0131\u011f\u0131n\u0131 test etmek &uuml;zere b&ouml;yle davranm\u0131\u015flard\u0131.<\/span><\/strong><\/p>\n<p style=\"margin-bottom: 0.0001pt; text-align: justify; text-indent: 1cm; line-height: 16pt;\"><strong><span style=\"font-size: 12pt; font-family: Arial, sans-serif;\"><\/span><\/strong><strong><span style=\"font-size: 12pt; font-family: Arial, sans-serif;\">4- Rusya Mavi Ak\u0131m ve Akkuyu n&uuml;kleer santral projelerini ask\u0131ya m\u0131 alacakt\u0131? Reuters&#8217;in ge&ccedil;ti\u011fi haber ortal\u0131\u011f\u0131 kar\u0131\u015ft\u0131rm\u0131\u015ft\u0131. Gazprom&rsquo;un do\u011falgaz iddias\u0131yla ilgili yorum yapmay\u0131 reddetmesi ise kafalar\u0131 iyice kar\u0131\u015ft\u0131rm\u0131\u015ft\u0131. Rusya T&uuml;rkiye&#8217;ye do\u011falgaz verece\u011fi Mavi Ak\u0131m (T&uuml;rk ak\u0131m\u0131) hatt\u0131n\u0131 donduracak m\u0131yd\u0131? &Uuml;nl&uuml; Reuters ajans\u0131 bu iddiay\u0131 g&uuml;ndeme ta\u015f\u0131m\u0131\u015f, Rusya&#8217;n\u0131n devlet kontrol&uuml;ndeki enerji \u015firketi Gazprom ise yorumsuz kalm\u0131\u015ft\u0131. DAE\u015e ter&ouml;r &ouml;rg&uuml;t&uuml;n&uuml;n petrol gelirleriyle servet kazanmas\u0131nda Suriyeli i\u015fadam\u0131 ve Esed yanda\u015f\u0131 H\u0131ristiyan George Haswani&rsquo;nin ad\u0131 &ouml;ne &ccedil;\u0131km\u0131\u015ft\u0131. ABD Hazine Bakanl\u0131\u011f\u0131 ile AB, George Haswani&rsquo;yi ve \u015firketlerini ay\u0131p savmak cinsinden kara listeye alm\u0131\u015ft\u0131. Habert&uuml;rk gazetesinde yer alan habere g&ouml;re Suriye&rsquo;de ya\u015fanan i&ccedil; sava\u015f sonucu giderek g&uuml;&ccedil;lenen Irak ve \u015eam \u0130slam Devleti&rsquo;nin (DAE\u015e) finansal kaynaklar\u0131na y&ouml;nelik ara\u015ft\u0131rmalar sonucu bu durum anla\u015f\u0131lm\u0131\u015ft\u0131.<\/span><\/strong><\/p>\n<p style=\"margin-bottom: 0.0001pt; text-align: justify; text-indent: 1cm; line-height: 16pt;\"><strong><span style=\"font-size: 12pt; font-family: Arial, sans-serif;\"><\/span><\/strong><strong><em><span style=\"font-size: 12pt; font-family: Arial, sans-serif;\">&ldquo;Lavrov&#8217;un T&uuml;rkiye&#8217;yi su&ccedil;layan &ldquo;Bu planl\u0131 bir sald\u0131r\u0131yd\u0131&rdquo; s&ouml;z&uuml;, Rusya&#8217;n\u0131n kendi planlar\u0131n\u0131 ve niyetini mi ele vermekteydi? T&uuml;rkiye&#8217;nin &ouml;nceden planlayarak Rus u&ccedil;a\u011f\u0131n\u0131 d&uuml;\u015f&uuml;rebilmesi i&ccedil;in, Rusya&#8217;n\u0131n s\u0131n\u0131r ihlalini a&ccedil;\u0131k bir tehdide d&ouml;n&uuml;\u015ft&uuml;rm&uuml;\u015f olmas\u0131 ve kasten tekrarlamas\u0131 gerekmez miydi? Belli ki Rusya k&uuml;&ccedil;&uuml;k s\u0131n\u0131r ihlalleri ile T&uuml;rkiye&#8217;nin cayd\u0131r\u0131c\u0131l\u0131\u011f\u0131n\u0131 a\u015f\u0131nd\u0131rmay\u0131 ve hatta k\u0131\u015fk\u0131rtmay\u0131 hedeflemi\u015fti. T&uuml;rkiye ise kendi hukukunu savunma gere\u011fini yerine getirmi\u015f ve Rusya&#8217;y\u0131 kendi kazd\u0131\u011f\u0131 kuyuya d&uuml;\u015f&uuml;r&uuml;p hesaplar\u0131n\u0131 alt &uuml;st etmi\u015fti. Mesele elbette &ccedil;ok ciddiydi ve bu kadar cidd&icirc; bir krizin mutlaka &ccedil;ok b&uuml;y&uuml;k hasarlar\u0131 beklenirdi. Korkanlar, &ouml;zellikle ekonomik kay\u0131plar\u0131n tela\u015f\u0131na kap\u0131lanlar hakl\u0131 olabilirdi. Ancak bir devlet y&uuml;ksek menfaatlerini g&ouml;zetip riskli ad\u0131mlar atarken her \u015feyi hesaplamas\u0131 gerekirdi. T&uuml;rkiye bu u&ccedil;a\u011f\u0131 d&uuml;\u015f&uuml;rmeseydi katlanarak &ouml;n&uuml;ne gelecek olan zarar daha b&uuml;y&uuml;k olabilirdi&rdquo;<\/span><\/em><\/strong><span style=\"font-size: 12pt; font-family: Arial, sans-serif;\">&nbsp;<strong>diyen Zaman yazar\u0131 ve FETO yalakas\u0131 M&uuml;mtazer T&uuml;rk&ouml;ne, hizaya ve insafa m\u0131 gelmi\u015fti, yoksa AKP h&uuml;k&uuml;metini ve &ccedil;ok sevdikleri Cumhurreisini k\u0131\u015fk\u0131rt\u0131p karambole s&uuml;r&uuml;kleme hevesinde miydi?<\/strong><\/span><\/p>\n<p style=\"margin-bottom: 0.0001pt; text-align: justify; text-indent: 1cm; line-height: 16pt;\"><span style=\"font-size: 12pt; font-family: Arial, sans-serif;\"><\/span><span style=\"font-size: 14pt;\"><strong><span style=\"font-family: Arial, sans-serif;\">Oysa Amerika ile Rusya T&uuml;rkiye&rsquo;nin ortak d&uuml;\u015fman\u0131yd\u0131; &ccedil;&uuml;nk&uuml; hem Amerika, hem de Rus u&ccedil;aklar\u0131 Suriye PKK&rsquo;s\u0131 olan YPG&#8217;nin &ouml;n&uuml;n&uuml; a&ccedil;maktayd\u0131!<\/span><\/strong><\/span><\/p>\n<p style=\"margin-bottom: 0.0001pt; text-align: justify; text-indent: 1cm; line-height: 16pt;\"><span style=\"font-size: 14pt;\"><strong><span style=\"font-family: Arial, sans-serif;\"><\/span><\/strong><\/span><strong><span style=\"font-size: 12pt; font-family: Arial, sans-serif;\">Obama&rsquo;n\u0131n olaya ili\u015fkin ilk tepkisi &ccedil;ok &ccedil;arp\u0131c\u0131yd\u0131: kendisine ilk sorulan soru, Rus u&ccedil;a\u011f\u0131n\u0131n d&uuml;\u015f&uuml;r&uuml;lmesi konusundayd\u0131 ve y&uuml;z&uuml;nden mimik oynamadan, gayet kuru bir ses tonu, basit ve kesin bir dille \u015funlar\u0131 aktarm\u0131\u015ft\u0131:&nbsp;<em>&ldquo;T&uuml;rkiye&rsquo;nin kendisini savunma hakk\u0131 vard\u0131r.&rdquo;&nbsp;<\/em>Yani a&ccedil;\u0131k&ccedil;a T&uuml;rkiye&rsquo;yi k\u0131\u015fk\u0131rtmaktayd\u0131. Peki Rusya T&uuml;rkiye kap\u0131\u015fsa NATO bize sahip &ccedil;\u0131kacak m\u0131yd\u0131?<\/span><\/strong><\/p>\n<p style=\"margin-bottom: 0.0001pt; text-align: justify; text-indent: 1cm; line-height: 16pt;\"><strong><span style=\"font-size: 12pt; font-family: Arial, sans-serif;\"><\/span><\/strong><span style=\"font-size: 12pt; font-family: Arial, sans-serif;\">Erg&uuml;n Diler yalakas\u0131n\u0131n yalan palavralar\u0131 aksine Suriye&#8217;de Ruslar bu kez de YPG&rsquo;ye arka &ccedil;\u0131kmaya ba\u015flam\u0131\u015ft\u0131. \u0130ddialara g&ouml;re Rus u&ccedil;aklar\u0131n\u0131n bombard\u0131man\u0131na e\u015f zamanl\u0131 olarak PKK&#8217;n\u0131n Suriye kolu PYD&#8217;nin silahl\u0131 g&uuml;c&uuml; YPG&#8217;nin F\u0131rat&#8217;\u0131n bat\u0131s\u0131na do\u011fru ilerlemesi kolayla\u015fm\u0131\u015ft\u0131. Rus sava\u015f u&ccedil;aklar\u0131n\u0131n, YPG g&uuml;&ccedil;lerinin F\u0131rat&#8217;\u0131n bat\u0131s\u0131nda ilerleme &ccedil;abalar\u0131yla e\u015f zamanl\u0131 olarak ter&ouml;r &ouml;rg&uuml;t&uuml; DAE\u015e&#8217;in kontrol&uuml;nde bulunan F\u0131rat&#8217;\u0131n bat\u0131s\u0131ndaki Halep k\u0131rsal\u0131nda yer alan baz\u0131 b&ouml;lgelere hava sald\u0131r\u0131lar\u0131 d&uuml;zenledi\u011fi anla\u015f\u0131lm\u0131\u015ft\u0131. YPG&#8217;nin Rus sava\u015f u&ccedil;aklar\u0131n\u0131n deste\u011fiyle F\u0131rat&#8217;\u0131n bat\u0131s\u0131nda bulunan Cerablus kentine do\u011fru ilerlemeye &ccedil;al\u0131\u015ft\u0131\u011f\u0131 yaz\u0131l\u0131p konu\u015fulmaktayd\u0131. Bu arada ayn\u0131 iddialara g&ouml;re DAE\u015e ve YPG g&uuml;&ccedil;leri aras\u0131nda, YPG&#8217;nin kontrol&uuml;nde bulunan Zor Magar k&ouml;y&uuml;n&uuml;n bat\u0131s\u0131nda, F\u0131rat nehrinin iki taraf\u0131nda \u015fiddetli &ccedil;at\u0131\u015fmalar ya\u015fanmaktayd\u0131. Hatta Fransa Cumhurba\u015fkan\u0131 Fran&ccedil;ois Hollande ile birlikte Moskova&#8217;da Rus lider Vladimir Putin&#8217;le g&ouml;r&uuml;\u015fen Fransa D\u0131\u015fi\u015fleri Bakan\u0131 Laurent Fabius \u015fa\u015f\u0131rtan bir &ccedil;\u0131k\u0131\u015f yapm\u0131\u015ft\u0131. Fabius, Fransa&#8217;n\u0131n Esad politikas\u0131nda &ouml;nemli bir de\u011fi\u015fikli\u011fe gidece\u011fini a&ccedil;\u0131klam\u0131\u015ft\u0131. Fabius,&nbsp;<strong><em>&#8220;Suriye&#8217;de ter&ouml;r &ouml;rg&uuml;t&uuml; I\u015e\u0130D&#8217;in ortadan kald\u0131r\u0131lmas\u0131 i&ccedil;in y&uuml;r&uuml;t&uuml;lecek olas\u0131 kara harek&acirc;t\u0131nda Esad g&uuml;&ccedil;lerinin de kullan\u0131labilece\u011fi g&ouml;r&uuml;\u015f&uuml;n&uuml;&#8221;&nbsp;<\/em><\/strong>ortaya atm\u0131\u015ft\u0131. BBC T&uuml;rk&ccedil;enin haberine g&ouml;re, I\u015e\u0130D&#8217;i imha etmek i&ccedil;in sadece hava sald\u0131r\u0131lar\u0131n\u0131n yeterli olmayaca\u011f\u0131n\u0131 s&ouml;yleyen Fabius, kara kuvvetlerine de ihtiya&ccedil; olaca\u011f\u0131n\u0131 vurgulam\u0131\u015ft\u0131. Fabius, bu durumda I\u015e\u0130D&#8217;le &ccedil;arp\u0131\u015facak g&uuml;&ccedil;lerin Suriye muhalefet g&uuml;&ccedil;leriyle S&uuml;nni kuvvetlerin yan\u0131 s\u0131ra,&nbsp;<strong><em>pek&acirc;l&acirc; h&uuml;k&uuml;mete ba\u011fl\u0131 g&uuml;&ccedil;ler de olabilece\u011fini<\/em><\/strong>&nbsp;a\u011fz\u0131ndan ka&ccedil;\u0131rm\u0131\u015ft\u0131. BBC muhabiri Hugh Schofield, bu a&ccedil;\u0131klaman\u0131n Fransa a&ccedil;\u0131s\u0131ndan b&uuml;y&uuml;k bir de\u011fi\u015fime i\u015faret etti\u011fini hat\u0131rlatm\u0131\u015ft\u0131.<\/span><\/p>\n<p style=\"margin-bottom: 0.0001pt; text-align: justify; text-indent: 1cm; line-height: 16pt;\"><span style=\"font-size: 12pt; font-family: Arial, sans-serif;\"><\/span><span style=\"font-size: 12pt; font-family: Arial, sans-serif;\">MHP&#8217;nin tarih profes&ouml;r&uuml; milletvekili Yusuf Hala&ccedil;o\u011flu, Rus u&ccedil;a\u011f\u0131n\u0131n d&uuml;\u015f&uuml;r&uuml;lmesinin ard\u0131ndan, dikkat &ccedil;eken bir haritay\u0131 yeniden g&uuml;ndeme ta\u015f\u0131m\u0131\u015ft\u0131.&nbsp;<strong><em>&#8220;Suriye&#8217;de, ABD ile Rusya&#8217;n\u0131n K&uuml;rt devleti kurma y&ouml;n&uuml;nde anla\u015ft\u0131\u011f\u0131n\u0131 bir y\u0131l &ouml;nce yazm\u0131\u015f ve \u0130ngiliz ar\u015fivinden ald\u0131\u011f\u0131m bir haritay\u0131 payla\u015fm\u0131\u015ft\u0131m&rdquo;<\/em><\/strong>&nbsp;diyen Hala&ccedil;o\u011flu iktidar\u0131n vurdumduymazl\u0131\u011f\u0131ndan yak\u0131nm\u0131\u015ft\u0131.<\/span><\/p>\n<p style=\"margin-bottom: 0.0001pt; text-align: justify; text-indent: 1cm; line-height: 16pt;\"><span style=\"font-size: 12pt; font-family: Arial, sans-serif;\"><\/span><span style=\"font-size: 14pt;\"><strong><span style=\"font-family: Arial, sans-serif;\">Velhas\u0131l&nbsp;<em>&ldquo;Kom\u015fular\u0131m\u0131zla o kadar g&uuml;zel ili\u015fkiler kurulacak ki bu politikalar sonucu kom\u015fularla s\u0131f\u0131r sorun ya\u015fanacak&rdquo;&nbsp;<\/em>diye yola &ccedil;\u0131kan AKP \u015fimdi &ldquo;s\u0131f\u0131r kom\u015fu&rdquo; noktas\u0131na dayan\u0131p kalm\u0131\u015ft\u0131.<\/span><\/strong><\/span><\/p>\n<p style=\"margin-bottom: 0.0001pt; text-align: justify; text-indent: 1cm; line-height: 16pt;\"><span style=\"font-size: 14pt;\"><strong><span style=\"font-family: Arial, sans-serif;\"><\/span><\/strong><\/span><span style=\"font-size: 14pt;\"><strong><span style=\"font-family: Arial, sans-serif;\">Tahir El&ccedil;i&rsquo;nin vurulma olay\u0131yla ilgili g&ouml;r&uuml;nt&uuml;ler bize \u015fu sorular\u0131 hat\u0131rlatm\u0131\u015ft\u0131:<\/span><\/strong><\/span><\/p>\n<p style=\"margin-bottom: 0.0001pt; text-align: justify; text-indent: 1cm; line-height: 16pt;\"><span style=\"font-size: 14pt;\"><strong><span style=\"font-family: Arial, sans-serif;\"><\/span><\/strong><\/span><strong><span style=\"font-size: 12pt; font-family: Arial, sans-serif;\">1- Olay s\u0131ras\u0131nda, &ouml;nceden haz\u0131rlanm\u0131\u015f bir senaryo gere\u011fi, Tahir El&ccedil;i&rsquo;yi g&ouml;recek noktaya yerle\u015ftirilmi\u015f bir keskin ni\u015fanc\u0131 yoksa, korumalar\u0131n veya militanlar\u0131n att\u0131\u011f\u0131 kur\u015funlar &ldquo;uzak&rdquo; say\u0131lmazd\u0131. Bu &ldquo;uzaktan at\u0131lan&rdquo; kayd\u0131 neden ve neye g&ouml;re saptanm\u0131\u015ft\u0131? Ba\u015fbakan&rsquo;\u0131n a&ccedil;\u0131klamas\u0131na g&ouml;re Tahir El&ccedil;i&rsquo;nin yak\u0131n\u0131nda bulunan silah, polisimizi \u015fehit eden ter&ouml;ristlere ait ise o takdirde yak\u0131ndan s\u0131k\u0131lm\u0131\u015f olmas\u0131 laz\u0131md\u0131.<\/span><\/strong><\/p>\n<p style=\"margin-bottom: 0.0001pt; text-align: justify; text-indent: 1cm; line-height: 16pt;\"><strong><span style=\"font-size: 12pt; font-family: Arial, sans-serif;\"><\/span><\/strong><strong><span style=\"font-size: 12pt; font-family: Arial, sans-serif;\">2- Tahir El&ccedil;i&rsquo;nin kafatas\u0131ndaki mermi &ccedil;ekirde\u011fi bulunmu\u015f ve incelemeye al\u0131nm\u0131\u015f m\u0131yd\u0131? Veya ni&ccedil;in bulunamam\u0131\u015ft\u0131?<\/span><\/strong><\/p>\n<p style=\"margin-bottom: 0.0001pt; text-align: justify; text-indent: 1cm; line-height: 16pt;\"><strong><span style=\"font-size: 12pt; font-family: Arial, sans-serif;\"><\/span><\/strong><strong><span style=\"font-size: 12pt; font-family: Arial, sans-serif;\">3- Sald\u0131rganlara s\u0131k\u0131lan polis kur\u015funlar\u0131ndan birinin yanl\u0131\u015fl\u0131kla maktul&uuml;n ba\u015f\u0131na isabet etme ihtimali s\u0131k&ccedil;a g&uuml;ndeme ta\u015f\u0131nm\u0131\u015ft\u0131, bu konu yeterince ara\u015ft\u0131r\u0131lm\u0131\u015f m\u0131yd\u0131?<\/span><\/strong><\/p>\n<p style=\"margin-bottom: 0.0001pt; text-align: justify; text-indent: 1cm; line-height: 16pt;\"><strong><span style=\"font-size: 12pt; font-family: Arial, sans-serif;\"><\/span><\/strong><strong><span style=\"font-size: 12pt; font-family: Arial, sans-serif;\">4- Tahir El&ccedil;i&rsquo;nin ayakucundaki tabancan\u0131n sahibi ortaya &ccedil;\u0131kar\u0131lm\u0131\u015f m\u0131yd\u0131?&nbsp;<em>&ldquo;Bu silah polisimizi \u015fehit eden ter&ouml;ristlere aittir&rdquo;<\/em>&nbsp;iddialar\u0131 ciddiyetle ba\u011fda\u015f\u0131r m\u0131yd\u0131?<\/span><\/strong><\/p>\n<p style=\"margin-bottom: 0.0001pt; text-align: justify; text-indent: 1cm; line-height: 16pt;\"><strong><span style=\"font-size: 12pt; font-family: Arial, sans-serif;\"><\/span><\/strong><strong><span style=\"font-size: 12pt; font-family: Arial, sans-serif;\">5- Polislerin ate\u015f a&ccedil;t\u0131\u011f\u0131, ama pe\u015fine d&uuml;\u015f&uuml;p yakalayamad\u0131\u011f\u0131 \u015fahs\u0131n kimli\u011fine ula\u015f\u0131lm\u0131\u015f m\u0131yd\u0131?<\/span><\/strong><\/p>\n<p style=\"margin-bottom: 0.0001pt; text-align: justify; text-indent: 1cm; line-height: 16pt;\"><strong><span style=\"font-size: 12pt; font-family: Arial, sans-serif;\"><\/span><\/strong><strong><span style=\"font-size: 12pt; font-family: Arial, sans-serif;\">6- G&ouml;r&uuml;nt&uuml;lerde tabancay\u0131 namlusundan tutup ko\u015fan ki\u015fi kim olmaktayd\u0131?<\/span><\/strong><\/p>\n<p style=\"margin-bottom: 0.0001pt; text-align: justify; text-indent: 1cm; line-height: 16pt;\"><strong><span style=\"font-size: 12pt; font-family: Arial, sans-serif;\"><\/span><\/strong><strong><span style=\"font-size: 12pt; font-family: Arial, sans-serif;\">7- Silah sesleri duyulunca Tahir El&ccedil;i ve ekibi niye koruma alt\u0131na al\u0131nmak yerine ba\u015f\u0131bo\u015f b\u0131rak\u0131lm\u0131\u015ft\u0131? Bu panik havas\u0131 do\u011fal m\u0131yd\u0131?<\/span><\/strong><\/p>\n<p style=\"margin-bottom: 0.0001pt; text-align: justify; text-indent: 1cm; line-height: 16pt;\"><strong><span style=\"font-size: 12pt; font-family: Arial, sans-serif;\"><\/span><\/strong><strong><span style=\"font-size: 12pt; font-family: Arial, sans-serif;\">8- Takip edildi\u011fi anonsla bildirilen ve yolu beklenen \u015f&uuml;pheli ticari arac\u0131n, z\u0131rhl\u0131 bir ara&ccedil;la ve &ccedil;ok temkinli olarak durdurulmas\u0131 gerekirken bir ter&ouml;rist de\u011fil de sanki y&uuml;ksek devlet yetkilisini kar\u015f\u0131lar gibi bu denli dikkatsiz ve tedbirsiz yakla\u015f\u0131lmas\u0131 nas\u0131l bir aymazl\u0131kt\u0131?<\/span><\/strong><\/p>\n<p style=\"margin-bottom: 0.0001pt; text-align: justify; text-indent: 1cm; line-height: 16pt;\"><strong><span style=\"font-size: 12pt; font-family: Arial, sans-serif;\"><\/span><\/strong><strong><span style=\"font-size: 12pt; font-family: Arial, sans-serif;\">9- Araba i&ccedil;indeki eylemciler, ba\u015fka bir su&ccedil;tan m\u0131 ka&ccedil;maktayd\u0131, yoksa yeni bir olay i&ccedil;in mi yani Tahir El&ccedil;i suikast\u0131n\u0131 ger&ccedil;ekle\u015ftirmek &uuml;zere mi haz\u0131rlanm\u0131\u015flard\u0131?<\/span><\/strong><\/p>\n<p style=\"margin-bottom: 0.0001pt; text-align: justify; text-indent: 1cm; line-height: 16pt;\"><strong><span style=\"font-size: 12pt; font-family: Arial, sans-serif;\"><\/span><\/strong><strong><span style=\"font-size: 12pt; font-family: Arial, sans-serif;\">10- Ter&ouml;rist sald\u0131r\u0131lar\u0131n yo\u011funla\u015ft\u0131\u011f\u0131 SUR il&ccedil;esinde kentsel d&ouml;n&uuml;\u015f&uuml;me ge&ccedil;ilece\u011fi i&ccedil;in konu\u015fulan &ccedil;ok b&uuml;y&uuml;k rant &ccedil;\u0131karlar\u0131ndan aslan pay\u0131n\u0131 kapmak isteyen &ccedil;evrelerin PKK militanlar\u0131n\u0131 kiralayarak kullan\u0131p k\u0131\u015fk\u0131rtt\u0131\u011f\u0131 konusuyla bu cinayetin bir ba\u011flant\u0131s\u0131 var m\u0131yd\u0131?<\/span><\/strong><\/p>\n<p style=\"margin-bottom: 0.0001pt; text-align: justify; text-indent: 1cm; line-height: 16pt;\"><strong><span style=\"font-size: 12pt; font-family: Arial, sans-serif;\"><\/span><\/strong><span style=\"font-size: 14pt;\"><strong><span style=\"font-family: Arial, sans-serif;\">El&ccedil;i Ailesinin Gizemli Yanlar\u0131!<\/span><\/strong><\/span><\/p>\n<p style=\"margin-bottom: 0.0001pt; text-align: justify; text-indent: 1cm; line-height: 16pt;\"><span style=\"font-size: 14pt;\"><strong><span style=\"font-family: Arial, sans-serif;\"><\/span><\/strong><\/span><span style=\"font-size: 12pt; font-family: Arial, sans-serif;\">&Ccedil;\u0131kt\u0131\u011f\u0131 bir televizyon program\u0131nda&nbsp;<strong><em>&ldquo;PKK bir ter&ouml;r &ouml;rg&uuml;t&uuml; de\u011fildir. PKK K&uuml;rt siyasi hareketinin silahl\u0131 kanad\u0131n\u0131 temsil etmektedir!&rdquo;<\/em><\/strong>&nbsp;anlam\u0131nda laflar eden Diyarbak\u0131r Baro Ba\u015fkan\u0131 Tahir El&ccedil;i, asl\u0131nda bu s&ouml;zlerle kendi gizli kimliklerini ve gizemlerini de\u015fifre etmi\u015fti. Yani&nbsp;<strong>&ldquo;<em>Ba\u011f\u0131ms\u0131z K&uuml;rdistan<\/em>&rsquo;\u0131n altyap\u0131s\u0131n\u0131 ve ge&ccedil;i\u015f haz\u0131rl\u0131\u011f\u0131n\u0131 olu\u015fturacak demokratik &ouml;zerklik fikrinin ve faaliyetlerinin beyin ekibi ve perde arkas\u0131 takip&ccedil;ileri bizleriz. PKK ise bizim emrimizdeki silahl\u0131 &ccedil;etemizdir&rdquo;.&nbsp;<em>&ldquo;T&uuml;rkiye&rsquo;nin Barzanileri&rdquo;<\/em><\/strong>&nbsp;olarak g&ouml;sterilen; \u0130srail, ABD ve AB&rsquo;deki karanl\u0131k mahfillerde sahiplenilen, d&ouml;nme (Sabataist) olduklar\u0131 bilinen baz\u0131 ailelerle k\u0131z al\u0131p vermeleri dikkat &ccedil;eken ve Barzaniler gibi&nbsp;<strong><em>&ldquo;K&uuml;rt&ccedil;&uuml;l&uuml;k davalar\u0131na ve k&uuml;&ccedil;&uuml;k \u0130srail kurma sevdalar\u0131na \u0130slamc\u0131l\u0131k k\u0131l\u0131f\u0131 ge&ccedil;iren&rdquo;<\/em><\/strong>&nbsp;bu ki\u015fileri kimler ve niye &ouml;ld&uuml;rtmek isterdi?<\/span><\/p>\n<p style=\"margin-bottom: 0.0001pt; text-align: justify; text-indent: 1cm; line-height: 16pt;\"><span style=\"font-size: 12pt; font-family: Arial, sans-serif;\"><\/span><strong><span style=\"font-size: 12pt; font-family: Arial, sans-serif;\">\u0130\u015fte ihtimaller:<\/span><\/strong><\/p>\n<p style=\"margin-bottom: 0.0001pt; text-align: justify; text-indent: 1cm; line-height: 16pt;\"><strong><span style=\"font-size: 12pt; font-family: Arial, sans-serif;\"><\/span><\/strong><strong><span style=\"font-size: 12pt; font-family: Arial, sans-serif;\">A- PKK&rsquo;n\u0131n &uuml;zerine y\u0131k\u0131lsa, hatta baz\u0131 PKK&rsquo;l\u0131 militanlar kullan\u0131lm\u0131\u015f olsa da, kendi fikir babalar\u0131n\u0131 ve ak\u0131l hocalar\u0131n\u0131 katletmeleri pek akla-mant\u0131\u011fa uygun d&uuml;\u015fmemektedir. Neymi\u015f,&nbsp;<em>Tahir El&ccedil;i, &Ouml;zerk K&uuml;rdistan hedefine silahl\u0131 y&ouml;ntemlerle de\u011fil de, bar\u0131\u015f&ccedil;\u0131 giri\u015fimlerle eri\u015fmek istemekteymi\u015f!?<\/em><\/span><\/strong><\/p>\n<p style=\"margin-bottom: 0.0001pt; text-align: justify; text-indent: 1cm; line-height: 16pt;\"><strong><span style=\"font-size: 12pt; font-family: Arial, sans-serif;\"><\/span><\/strong><strong><span style=\"font-size: 12pt; font-family: Arial, sans-serif;\">B- Bu cinayeti CIA ve MOSSAD&rsquo;\u0131n yapmas\u0131 da mant\u0131kl\u0131 gelmemektedir. Zaten kendileriyle uyumlu bir eleman\u0131 ni&ccedil;in &ouml;ld&uuml;rmeye yeltensinlerdi?<\/span><\/strong><\/p>\n<p style=\"margin-bottom: 0.0001pt; text-align: justify; text-indent: 1cm; line-height: 16pt;\"><strong><span style=\"font-size: 12pt; font-family: Arial, sans-serif;\"><\/span><\/strong><strong><span style=\"font-size: 12pt; font-family: Arial, sans-serif;\">C- Bu suikast\u0131, iktidar\u0131n ve emrindeki istihbarat\u0131n yapmas\u0131 da makul g&ouml;r&uuml;nmemektedir. &Ccedil;&uuml;nk&uuml; bu kendi ba\u015flar\u0131n\u0131 bo\u015funa a\u011fr\u0131tmaktan ba\u015fka bir sonu&ccedil; vermeyecektir. &Uuml;stelik hala diriltmeye ve y&uuml;r&uuml;tmeye &ccedil;al\u0131\u015ft\u0131klar\u0131 &Ccedil;&ouml;z&uuml;m S&uuml;reci i&ccedil;in Tahir El&ccedil;i gibilere ihtiya&ccedil; duyduklar\u0131 kesindir.<\/span><\/strong><\/p>\n<p style=\"margin-bottom: 0.0001pt; text-align: justify; text-indent: 1cm; line-height: 16pt;\"><strong><span style=\"font-size: 12pt; font-family: Arial, sans-serif;\"><\/span><\/strong><strong><span style=\"font-size: 12pt; font-family: Arial, sans-serif;\">D- O zaman;&nbsp;<em>bu sinsi, tehlikeli ve etkili b&ouml;l&uuml;c&uuml; zihniyeti sindirmek ve meydana gelecek infialleri, daha ciddi ve gerekli m&uuml;dahalelere gerek&ccedil;eye tahvil etmek isteyen merkezler mi<\/em>&nbsp;harekete ge&ccedil;mi\u015fti? Tahir El&ccedil;i&rsquo;nin &ouml;ld&uuml;r&uuml;lmesini, 12 Eyl&uuml;l &ouml;ncesi katledilen Abdi \u0130pek&ccedil;i cinayetine benzetenler, neleri fark etmi\u015fti ve neyi kastetmi\u015flerdi?<\/span><\/strong><\/p>\n<p style=\"margin-bottom: 0.0001pt; text-align: justify; text-indent: 1cm; line-height: 16pt;\"><strong><span style=\"font-size: 12pt; font-family: Arial, sans-serif;\"><\/span><\/strong><strong><span style=\"font-size: 12pt; font-family: Arial, sans-serif;\">E- Diyarbak\u0131r Barosu Ba\u015fkan\u0131 Tahir El&ccedil;i&rsquo;nin &ouml;l&uuml;m&uuml;ne neden olan merminin &ccedil;ekirde\u011finin bir t&uuml;rl&uuml; bulunamamas\u0131 neyin alametiydi? El&ccedil;i&rsquo;nin vuruldu\u011fu b&ouml;lgeye ke\u015fif i&ccedil;in giden savc\u0131lar, iki avukat ve kriminal polislere roketatar ve otomatik silahlarla sald\u0131r\u0131 d&uuml;zenleyenler kimlerdi, bunlar neleri gizleme gayretiydi?<\/span><\/strong><\/p>\n<p style=\"margin-bottom: 0.0001pt; text-align: justify; text-indent: 1cm; line-height: 16pt;\"><strong><span style=\"font-size: 12pt; font-family: Arial, sans-serif;\"><\/span><\/strong><span style=\"font-size: 14pt;\"><strong><span style=\"font-family: Arial, sans-serif;\">Fetullah&ccedil;\u0131 Hakan \u015e&uuml;k&uuml;r, Tahir El&ccedil;i&#8217;nin Diyarbak\u0131r&#8217;daki &ccedil;at\u0131\u015fmada hayat\u0131n\u0131 kaybetmesiyle ilgili&nbsp;<em>&#8220;Kirli planc\u0131lar\u0131n G&uuml;neydo\u011fu &uuml;zerine yeni bir hamlesi&#8221;<\/em>&nbsp;&ccedil;\u0131k\u0131\u015fmas\u0131 neyin nesiydi?<\/span><\/strong><\/span><\/p>\n<p style=\"margin-bottom: 0.0001pt; text-align: justify; text-indent: 1cm; line-height: 16pt;\"><span style=\"font-size: 14pt;\"><strong><span style=\"font-family: Arial, sans-serif;\"><\/span><\/strong><\/span><span style=\"font-size: 12pt; font-family: Arial, sans-serif;\">Diyarbak\u0131r&#8217;daki sald\u0131r\u0131yla alakal\u0131 g&ouml;r&uuml;\u015flerini resmi sosyal medya hesab\u0131 Twitter&#8217;dan yapan Hakan \u015e&uuml;k&uuml;r:&nbsp;<strong><em>&#8220;Tahir El&ccedil;i&#8217;nin &ouml;ld&uuml;r&uuml;lmesi ve o s\u0131rada 1 polisin \u015fehit edilmesi kirli planc\u0131lar\u0131n G&uuml;neydo\u011fu &uuml;zerine yeni bir hamlesidir. Tahir El&ccedil;i&#8217;ye ve \u015fehit polisimize Allah&#8217;tan rahmet dilerim. Rabbim yak\u0131nlar\u0131na sab\u0131rlar versin. (Cumhurba\u015fkan\u0131 Sn. Erdo\u011fan&rsquo;\u0131 kastederek) Tahir El&ccedil;i&#8217;nin bar\u0131\u015f &ccedil;a\u011fr\u0131lar\u0131n\u0131 d&uuml;n Dolmabah&ccedil;e&#8217;de ayn\u0131 masada oturanlar da dile getirmi\u015fti&#8221;<\/em><\/strong>&nbsp;s&ouml;zleriyle ne demek istemi\u015fti?<\/span><\/p>\n<p style=\"margin-bottom: 0.0001pt; text-align: justify; text-indent: 1cm; line-height: 16pt;\"><span style=\"font-size: 12pt; font-family: Arial, sans-serif;\"><\/span><span style=\"font-size: 14pt;\"><strong><span style=\"font-family: Arial, sans-serif;\">Diyarbak\u0131r ve il&ccedil;elerindeki PKK yanda\u015f\u0131 muhtarlar&nbsp;<em>&lsquo;&Ouml;calan isterse hendek kazmay\u0131 b\u0131rakabiliriz!&rsquo;&nbsp;<\/em>demekteydi. \u015eimdiye kadar, en az\u0131ndan &ccedil;&ouml;z&uuml;m s&uuml;recinde, &Ouml;calan &uuml;&ccedil; kritik meseleye m&uuml;dahale etmi\u015f ve KCK &Ouml;calan&rsquo;\u0131 dinleyerek, iste\u011fi do\u011frultusunda hareket etmi\u015fti.<\/span><\/strong><\/span><\/p>\n<p style=\"margin-bottom: 0.0001pt; text-align: justify; text-indent: 1cm; line-height: 16pt;\"><span style=\"font-size: 14pt;\"><strong><span style=\"font-family: Arial, sans-serif;\"><\/span><\/strong><\/span><strong><span style=\"font-size: 12pt; font-family: Arial, sans-serif;\">1- HDP&rsquo;nin bir tak\u0131m bahanelerle, meclisi terk ederek Diyarbak\u0131r merkezli bir siyaset yapma karar\u0131n\u0131 \u0130mral\u0131 kabul etmemi\u015f, HDP&rsquo;liler de Diyarbak\u0131r&rsquo;dan Ankara&rsquo;ya geri gelmi\u015fti.<\/span><\/strong><\/p>\n<p style=\"margin-bottom: 0.0001pt; text-align: justify; text-indent: 1cm; line-height: 16pt;\"><strong><span style=\"font-size: 12pt; font-family: Arial, sans-serif;\"><\/span><\/strong><strong><span style=\"font-size: 12pt; font-family: Arial, sans-serif;\">2- Cezaevlerindeki a&ccedil;l\u0131k grevleri, b\u0131&ccedil;ak kemi\u011fe dayand\u0131\u011f\u0131nda, &Ouml;calan&rsquo;\u0131n talimat\u0131yla bitirilmi\u015fti.<\/span><\/strong><\/p>\n<p style=\"margin-bottom: 0.0001pt; text-align: justify; text-indent: 1cm; line-height: 16pt;\"><strong><span style=\"font-size: 12pt; font-family: Arial, sans-serif;\"><\/span><\/strong><strong><span style=\"font-size: 12pt; font-family: Arial, sans-serif;\">3- Ve en son olarak, Duran Kalkan&rsquo;\u0131n ifadesiyle s&ouml;yleyecek olursak &lsquo;Erdo\u011fan ve AK Parti&rsquo;yi iktidardan d&uuml;\u015f&uuml;r&uuml;nceye kadar&rsquo; devam ettirilmesi d&uuml;\u015f&uuml;n&uuml;len 6-8 Ekim olaylar\u0131 yine &Ouml;calan&rsquo;\u0131n iste\u011fiyle sona erdirilmi\u015fti.<\/span><\/strong><\/p>\n<p style=\"margin-bottom: 0.0001pt; text-align: justify; text-indent: 1cm; line-height: 16pt;\"><strong><span style=\"font-size: 12pt; font-family: Arial, sans-serif;\"><\/span><\/strong><strong><span style=\"font-size: 12pt; font-family: Arial, sans-serif;\">Ama b&uuml;t&uuml;n bunlara ra\u011fmen, PKK, asl\u0131nda &Ouml;calan&rsquo;\u0131 en &ccedil;ok dinlemesi gereken meselede, yani silahl\u0131 m&uuml;cadeleyi sona erdirme, HDP&rsquo;nin rol&uuml;n&uuml; ve misyonunu kabullenme, &ouml;zetle silahlara veda etme d&ouml;nemini ba\u015flatma iste\u011fine g&ouml;r&uuml;n&uuml;rde evet demi\u015f, ama tam tersine bir eyleme giri\u015fmi\u015fti&rdquo; diyen Orhan Miro\u011flu&rsquo;na sormak gerekirdi: Madem &ouml;yle H&uuml;k&uuml;metinizin hala &Ouml;calan&rsquo;\u0131 &Ccedil;&ouml;z&uuml;m&uuml;n muhatab\u0131 ve K&uuml;rt hareketinin anahtar\u0131 g&ouml;rmesi gaflet miydi, dalalet miydi? PKK kurucular\u0131ndan Pilot Necati ve Apo&rsquo;nun e\u015fi Kesire &Ouml;calan CIA g&uuml;d&uuml;ml&uuml; M\u0130T&rsquo;in emrindeydi. Necati CIA\/M\u0130T g&ouml;revlisiydi. Kesire &Ouml;calan&rsquo;\u0131n babas\u0131 Ali Y\u0131ld\u0131r\u0131m M\u0130T&rsquo;le ili\u015fkiliydi. Kar\u0131s\u0131 ve yak\u0131n arkada\u015f\u0131 CIA-M\u0130T eleman\u0131 olan Abdullah &Ouml;calan da CIA&rsquo;n\u0131n g&uuml;d&uuml;m&uuml;ndeydi.<\/span><\/strong><\/p>\n<p style=\"margin-bottom: 0.0001pt; text-align: justify; text-indent: 1cm; line-height: 16pt;\"><strong><span style=\"font-size: 12pt; font-family: Arial, sans-serif;\"><\/span><\/strong><strong><span style=\"font-size: 12pt; font-family: Arial, sans-serif;\">Bu arada hat\u0131rlatal\u0131m Fetullah G&uuml;len de CIA&rsquo;n\u0131n hizmetindeydi. AKP ise ABD&rsquo;nin bir projesiydi? Peki o zaman b&uuml;t&uuml;n kavgalar neyin nesiydi? Hala anlamad\u0131n\u0131z m\u0131, halk\u0131 avutup oyalama ve ad\u0131m ad\u0131m BOP&rsquo;u uygulay\u0131p T&uuml;rkiye&rsquo;yi par&ccedil;alama stratejisiydi!<\/span><\/strong><\/p>\n<p style=\"margin-bottom: 0.0001pt; text-align: justify; text-indent: 1cm; line-height: 16pt;\"><strong><span style=\"font-size: 12pt; font-family: Arial, sans-serif;\"><\/span><\/strong><span style=\"font-size: 14pt;\"><strong><span style=\"font-family: Arial, sans-serif;\">Sadece Rusya ve \u0130ran de\u011fil, \u0130srail de Suriye&rsquo;ye el atm\u0131\u015ft\u0131!<\/span><\/strong><\/span><\/p>\n<p style=\"margin-bottom: 0.0001pt; text-align: justify; text-indent: 1cm; line-height: 16pt;\"><span style=\"font-size: 14pt;\"><strong><span style=\"font-family: Arial, sans-serif;\"><\/span><\/strong><\/span><strong><span style=\"font-size: 12pt; font-family: Arial, sans-serif;\">\u0130ran ve Rusya&#8217;n\u0131n &ccedil;e\u015fitli operasyonlara imza att\u0131\u011f\u0131 Suriye&#8217;de \u0130srail&#8217;in de bulundu\u011fu belirtilmi\u015fti. \u0130srail Ba\u015fbakan\u0131 Netanyahu, &uuml;lke &ccedil;\u0131karlar\u0131n\u0131 korumak i&ccedil;in zaman zaman Suriye&#8217;de faaliyet g&ouml;sterdiklerini s&ouml;ylemi\u015fti. \u0130srail Ba\u015fbakan\u0131 Binyamin Netanyahu, &ccedil;\u0131karlar\u0131n\u0131n zarar g&ouml;rmemesi ve kendilerine kar\u015f\u0131 bir cephe meydana getirilmemesi i&ccedil;in Suriye&#8217;de zaman zaman faaliyet g&ouml;sterdiklerini itiraf etmi\u015fti. \u0130srail radyosunun haberine g&ouml;re, Netanyahu, Celile b&ouml;lgesiyle ilgili Akka kentinde d&uuml;zenlenen toplant\u0131ya gitmi\u015fti. Golan Tepeleri&#8217;nde \u0130ran&#8217;\u0131n yeni bir cephe olu\u015fturmas\u0131n\u0131n engellendi\u011fini belirten Netanyahu,<\/span><\/strong><span style=\"font-size: 12pt; font-family: Arial, sans-serif;\">&nbsp;<strong><em>&#8220;Ayn\u0131 \u015fekilde Suriye&#8217;den L&uuml;bnan&#8217;a &ouml;l&uuml;mc&uuml;l silahlar\u0131n nakledilmemesi i&ccedil;in de &ccedil;al\u0131\u015f\u0131yoruz ve &ccedil;al\u0131\u015fmaya devam edece\u011fiz. \u0130srail ordusu ve Suriye&rsquo;deki Rus g&uuml;&ccedil;leri aras\u0131nda ya\u015fanabilecek olaylar\u0131n &ouml;n&uuml;ne ge&ccedil;mek &uuml;zere taraflar aras\u0131nda bu konuda koordinasyonu sa\u011flam\u0131\u015f vaziyetteyiz&rdquo;<\/em><\/strong>&nbsp;demi\u015fti.<\/span><\/p>\n<p style=\"margin-bottom: 0.0001pt; text-align: justify; text-indent: 1cm; line-height: 16pt;\"><span style=\"font-size: 12pt; font-family: Arial, sans-serif;\"><\/span><strong><span style=\"font-size: 12pt; font-family: Arial, sans-serif;\">\u015eimdi \u0130srail asl\u0131nda ABD&rsquo;nin en &ouml;nemli partneri oldu\u011funa g&ouml;re, bu durumda otomatikman AKP ile \u0130srail de stratejik ittifak halinde miydi?<\/span><\/strong><\/p>\n<p style=\"margin-bottom: 0.0001pt; text-align: justify; text-indent: 1cm; line-height: 16pt;\"><strong><span style=\"font-size: 12pt; font-family: Arial, sans-serif;\"><\/span><\/strong><strong><span style=\"font-size: 12pt; font-family: Arial, sans-serif;\">ABD&rsquo;den \u0130ran&rsquo;a petrol jesti!<\/span><\/strong><\/p>\n<p style=\"margin-bottom: 0.0001pt; text-align: justify; text-indent: 1cm; line-height: 16pt;\"><strong><span style=\"font-size: 12pt; font-family: Arial, sans-serif;\"><\/span><\/strong><strong><span style=\"font-size: 12pt; font-family: Arial, sans-serif;\">Washington y&ouml;netimi, Suriye&rsquo;de Rusya ile birlikte hareket eden \u0130ran ile 5+1 &uuml;lkeleri aras\u0131nda 2013&rsquo;te var\u0131lan anla\u015fma zaman\u0131ndaki kadar petrol al\u0131m\u0131na izin verece\u011fini bildirmi\u015fti. ABD y&ouml;netimi, d&uuml;nyada \u0130ran&rsquo;dan petrol ve petrol &uuml;r&uuml;nleri al\u0131m\u0131n\u0131 azaltacak imk&acirc;nlar olu\u015fmas\u0131na ra\u011fmen Tahran ile 5+1 &uuml;lkeleri aras\u0131ndaki anla\u015fma gere\u011fi b&ouml;yle bir engelleme ad\u0131m\u0131 atmayaca\u011f\u0131n\u0131 ve \u0130ran&rsquo;\u0131n yapaca\u011f\u0131 petrol sat\u0131\u015flar\u0131n\u0131n seviyesinin ayn\u0131 kalaca\u011f\u0131n\u0131 s&ouml;ylemi\u015fti. Beyaz Saray, ABD Ba\u015fkan\u0131 Barack Obama taraf\u0131ndan imzalanan \u0130ran&rsquo;dan petrol al\u0131m\u0131 konusundaki ba\u015fkanl\u0131k karar\u0131n\u0131 ilan etmi\u015fti. Buna g&ouml;re, Obama, karar\u0131nda ilgili makamlar taraf\u0131ndan Kongre&rsquo;ye sunulan raporu inceledi\u011fini, k&uuml;resel ekonomik durum, belli &uuml;lkelerin art\u0131rd\u0131\u011f\u0131 petrol &uuml;retimi, yedek kapasite seviyesi ve stratejik rezervleri g&ouml;z &ouml;n&uuml;nde bulundurdu\u011funu belirtmi\u015fti.<\/span><\/strong><\/p>\n<p style=\"margin-bottom: 0.0001pt; text-align: justify; text-indent: 1cm; line-height: 16pt;\"><strong><span style=\"font-size: 12pt; font-family: Arial, sans-serif;\"><\/span><\/strong><span style=\"font-size: 14pt;\"><strong><span style=\"font-family: Arial, sans-serif;\">Velhas\u0131l; ABD, AB &uuml;lkeleri, \u0130srail, \u0130ran, Rusya do\u011frudan ve dolayl\u0131 bir ittifak halindeydi. Ortak hedefleri \u0130slam Alemi ve &ouml;zellikle T&uuml;rkiye idi. T&uuml;rkiye&rsquo;nin ise &ouml;zellikle bu gafil zihniyetten kurtulmas\u0131 gerekirdi.<\/span><\/strong><\/span><\/p>\n<p style=\"margin-bottom: 0.0001pt; text-align: justify; text-indent: 1cm; line-height: 16pt;\"><span style=\"font-size: 14pt;\"><strong><span style=\"font-family: Arial, sans-serif;\"><\/span><\/strong><\/span><span style=\"font-size: 14pt;\"><strong><span style=\"font-family: Arial, sans-serif;\">I\u015e\u0130D&#8217;in ba\u015fkent olarak ilan etmeyi planlad\u0131\u011f\u0131 yer Libya&rsquo;n\u0131n S\u0130RTE kentiydi.<\/span><\/strong><\/span><\/p>\n<p style=\"margin-bottom: 0.0001pt; text-align: justify; text-indent: 1cm; line-height: 16pt;\"><span style=\"font-size: 14pt;\"><strong><span style=\"font-family: Arial, sans-serif;\"><\/span><\/strong><\/span><strong><span style=\"font-size: 12pt; font-family: Arial, sans-serif;\">D&uuml;nyan\u0131n korkulu r&uuml;yas\u0131 haline getirilen ter&ouml;r &ouml;rg&uuml;t&uuml; I\u015e\u0130D&#8217;in Libya&#8217;n\u0131n Akdeniz kenti Sirte&#8217;yi yeni ba\u015fkenti ilan etmeyi planlad\u0131\u011f\u0131 bildirilmi\u015fti. Wall Street Journal&#8217;\u0131n Libyal\u0131 istihbarat yetkililerine dayand\u0131rd\u0131\u011f\u0131 haberde, I\u015e\u0130D&#8217;in Sirte&#8217;deki varl\u0131\u011f\u0131n\u0131 200&#8217;den 5.000 militana y&uuml;kseltti\u011fi ve kentte &#8216;petrol gelirlerini d&uuml;zenleyip ter&ouml;r sald\u0131r\u0131lar\u0131 planlayabilece\u011fi&#8217; bir &uuml;s kurdu\u011fu belirtilmi\u015fti. Sirte&#8217;deki I\u015e\u0130D militanlar\u0131 aras\u0131nda uluslararas\u0131 &#8216;y&ouml;neticilerin&#8217; ve &#8216;finans&ccedil;\u0131lar\u0131n&#8217; da oldu\u011fu belirtilen haberde, kentin \u0130talya&#8217;ya yak\u0131nl\u0131\u011f\u0131na da dikkat &ccedil;ekilmi\u015fti. Peki Libya&rsquo;ya sald\u0131r\u0131p otorite bo\u015flu\u011fu olu\u015fturan, yani dolayl\u0131 bi&ccedil;imde I\u015e\u0130D&rsquo;e sunan ABD, AB ve AKP de\u011fil miydi?<\/span><\/strong><\/p>\n<p style=\"margin-bottom: 0.0001pt; text-align: justify; text-indent: 1cm; line-height: 16pt;\"><strong><span style=\"font-size: 12pt; font-family: Arial, sans-serif;\"><\/span><\/strong><strong><span style=\"font-size: 12pt; font-family: Arial, sans-serif;\"><span style=\"font-size: 14pt;\">Ulusalc\u0131larla yanda\u015f medya kol kolayd\u0131!<\/span><\/span><\/strong><\/p>\n<p style=\"margin-bottom: 0.0001pt; text-align: justify; text-indent: 1cm; line-height: 16pt;\"><strong><span style=\"font-size: 12pt; font-family: Arial, sans-serif;\"><span style=\"font-size: 14pt;\"><\/span><\/span><\/strong><strong><span style=\"font-size: 12pt; font-family: Arial, sans-serif;\">Tahir El&ccedil;i&rsquo;yi aklama, hatta bar\u0131\u015f kahraman\u0131 yapma konusunda Ayd\u0131nl\u0131k&rsquo;la yanda\u015f medyan\u0131n ayn\u0131 gayret i&ccedil;inde olmalar\u0131 bize \u015fa\u015f\u0131rt\u0131c\u0131 gelmemi\u015fti. Akit TV, Ulusal Kanal yorumcular\u0131ndan E. General \u0130smail Hakk\u0131 Pekin&rsquo;i bu maksatla konuk etmi\u015fti. S&ouml;zde Diyarbak\u0131r Barosu Ba\u015fkan\u0131 Tahir El&ccedil;i&#8217;nin 4 Ekim&#8217;de Ayd\u0131nl\u0131k Gazetesi&#8217;ne verdi\u011fi r&ouml;portaj kendi iste\u011fi &uuml;zerine yay\u0131nlanmad\u0131\u011f\u0131 s&ouml;ylenip ard\u0131ndan &ouml;l&uuml;m&uuml; &uuml;zerine basmaya karar verilmi\u015fti. G&uuml;ya Tahir El&ccedil;i, &ouml;lmeden &ouml;nce verdi\u011fi r&ouml;portajda PKK i&ccedil;in&nbsp;<em>&#8220;Halk sava\u015f\u0131 diye ifade ettikleri durum, halka zarar verdi&#8221;<\/em>&nbsp;demi\u015fti. Adalet Bakan\u0131 Bekir Bozda\u011f:&nbsp;<em>&ldquo;Tahir El&ccedil;i cesur birisiydi, g&ouml;r&uuml;\u015flerini, d&uuml;\u015f&uuml;ncelerini, do\u011frular\u0131n\u0131 ifade eden birisi. Do\u011frular\u0131n\u0131n pe\u015finden ko\u015fan birisi. Vurulmadan &ouml;nceki son a&ccedil;\u0131klamas\u0131nda oldu\u011fu gibi, operasyonlara, hende\u011fe hay\u0131r diyen, bar\u0131\u015fa evet diyen birisi&rdquo;<\/em>&nbsp;diyerek &ouml;vg&uuml;ler ya\u011fd\u0131rm\u0131\u015ft\u0131.<\/span><\/strong><\/p>\n<p style=\"margin-bottom: 0.0001pt; text-align: justify; text-indent: 1cm; line-height: 16pt;\"><strong><span style=\"font-size: 12pt; font-family: Arial, sans-serif;\"><\/span><\/strong><strong><span style=\"font-size: 12pt; font-family: Arial, sans-serif;\">Bu arada Mardin&#8217;de, askeri servis otob&uuml;s&uuml;n&uuml;n ge&ccedil;i\u015fi s\u0131ras\u0131nda ter&ouml;r &ouml;rg&uuml;t&uuml; PKK mensuplar\u0131nca yoldaki &ccedil;&ouml;p kovas\u0131na yerle\u015ftirilen patlay\u0131c\u0131 infilak ettirilmi\u015f; sald\u0131r\u0131da 1 asker \u015fehit olurken, aralar\u0131nda asker ve sivillerin bulundu\u011fu 7 ki\u015finin yaraland\u0131\u011f\u0131 bildirilmi\u015fti. Art\u0131k G&uuml;neydo\u011fu \u0130llerimizde ve \u0130l&ccedil;elerimizde PKK korkusundan g&uuml;venlik g&uuml;&ccedil;leri bile z\u0131rhl\u0131 ara&ccedil;larla dola\u015fabilmekteydi. Yani h&uuml;k&uuml;met fiilen aciz ve &ccedil;aresiz vaziyetteydi.<\/span><\/strong><\/p>\n<p style=\"margin-bottom: 0.0001pt; text-align: justify; text-indent: 1cm; line-height: 16pt;\"><strong><span style=\"font-size: 12pt; font-family: Arial, sans-serif;\"><\/span><\/strong><span style=\"font-size: 14pt;\"><strong><span style=\"font-family: Arial, sans-serif;\">E\u015fk\u0131ya ba\u015f\u0131 Remzi Kartal&rsquo;a g&ouml;re: PKK art\u0131k \u015fehirlerde faaliyet yapacakt\u0131!<\/span><\/strong><\/span><\/p>\n<p style=\"margin-bottom: 0.0001pt; text-align: justify; text-indent: 1cm; line-height: 16pt;\"><span style=\"font-size: 14pt;\"><strong><span style=\"font-family: Arial, sans-serif;\"><\/span><\/strong><\/span><strong><span style=\"font-size: 12pt; font-family: Arial, sans-serif;\">Kongra-Gel E\u015f Ba\u015fkan\u0131 Remzi Kartal, T&uuml;rkiye&#8217;yi tehdit ederek, PKK ter&ouml;r&uuml;n&uuml; kentlere indireceklerini s&ouml;ylemi\u015fti. RS FM&#8217;de Yavuz O\u011fhan&#8217;\u0131n haz\u0131rlay\u0131p sundu\u011fu &ldquo;bidebunudinle&rdquo; program\u0131na kat\u0131lan Kartal,&nbsp;<em>&#8220;Devletin sald\u0131rgan akl\u0131 de\u011fi\u015fmedik&ccedil;e, PKK&#8217;n\u0131n m&uuml;cadelesi da\u011fda da olacak, \u015fehirde de, metropolde de. Devlet siyasal zemine ge&ccedil;erse biz de geri ad\u0131m atar\u0131z. Birileri s&ouml;yledi diye PKK geri &ccedil;ekilmeyecek, tam aksine m&uuml;cadele alan\u0131n\u0131 \u015fehirlere kayd\u0131racakt\u0131r&#8221;&nbsp;<\/em>diyere<em>k a&ccedil;\u0131k&ccedil;a&nbsp;<\/em>T&uuml;rkiye&rsquo;yi tehdit etmekte, bu basiretsiz ve beceriksiz iktidar elinde &uuml;lkemizin hangi badirelere s&uuml;r&uuml;klendi\u011fini g&ouml;stermekteydi!<\/span><\/strong><\/p>\n","protected":false},"excerpt":{"rendered":"<p>&Ouml;yle anla\u015f\u0131l\u0131yor ki, birileri T&uuml;rkiye ile Rusya&rsquo;n\u0131n bozu\u015fmas\u0131n\u0131 hatta kavgaya tutu\u015fmas\u0131n\u0131 istemi\u015fti. Rus askeri yetkililerinin &ldquo;Biz s\u0131n\u0131r b&ouml;lgesine yak\u0131n u&ccedil;a\u011f\u0131m\u0131z\u0131 ve koordinatlar\u0131m\u0131z\u0131 m&uuml;ttefikleri olan T&uuml;rkiye&rsquo;ye iletmek &uuml;zere ABD yetkililerine bildirmi\u015ftik&rdquo; a&ccedil;\u0131klamas\u0131 bu konuda &ouml;nemli ipu&ccedil;lar\u0131 vermekteydi. &Ccedil;&uuml;nk&uuml; ABD&rsquo;den T&uuml;rkiye&rsquo;ye b&ouml;yle bir uyar\u0131 bilgisi gelmemi\u015fti ve T&uuml;rk yetkililer Rus u&ccedil;a\u011f\u0131n\u0131n milliyetini belirleyemediklerinden vurduklar\u0131n\u0131 s&ouml;ylemi\u015flerdi. Rus u&ccedil;a\u011f\u0131 [&hellip;]<\/p>\n","protected":false},"author":20,"featured_media":0,"comment_status":"open","ping_status":"closed","sticky":false,"template":"","format":"standard","meta":{"footnotes":""},"categories":[98],"tags":[],"class_list":["post-3576","post","type-post","status-publish","format-standard","hentry","category-ozel-yazilar"],"_links":{"self":[{"href":"https:\/\/www.millicozum.com\/mc\/wp-json\/wp\/v2\/posts\/3576","targetHints":{"allow":["GET"]}}],"collection":[{"href":"https:\/\/www.millicozum.com\/mc\/wp-json\/wp\/v2\/posts"}],"about":[{"href":"https:\/\/www.millicozum.com\/mc\/wp-json\/wp\/v2\/types\/post"}],"author":[{"embeddable":true,"href":"https:\/\/www.millicozum.com\/mc\/wp-json\/wp\/v2\/users\/20"}],"replies":[{"embeddable":true,"href":"https:\/\/www.millicozum.com\/mc\/wp-json\/wp\/v2\/comments?post=3576"}],"version-history":[{"count":0,"href":"https:\/\/www.millicozum.com\/mc\/wp-json\/wp\/v2\/posts\/3576\/revisions"}],"wp:attachment":[{"href":"https:\/\/www.millicozum.com\/mc\/wp-json\/wp\/v2\/media?parent=3576"}],"wp:term":[{"taxonomy":"category","embeddable":true,"href":"https:\/\/www.millicozum.com\/mc\/wp-json\/wp\/v2\/categories?post=3576"},{"taxonomy":"post_tag","embeddable":true,"href":"https:\/\/www.millicozum.com\/mc\/wp-json\/wp\/v2\/tags?post=3576"}],"curies":[{"name":"wp","href":"https:\/\/api.w.org\/{rel}","templated":true}]}}