{"id":359,"date":"2006-11-27T12:49:41","date_gmt":"2006-11-27T12:49:41","guid":{"rendered":"https:\/\/www.millicozum.com\/mc\/2006\/11\/27\/tkem-2\/"},"modified":"2006-11-27T12:49:41","modified_gmt":"2006-11-27T12:49:41","slug":"turkiyem-2","status":"publish","type":"post","link":"https:\/\/www.millicozum.com\/mc\/2005\/ekim-2005\/turkiyem\/","title":{"rendered":"T\u00dcRK\u0130YEM"},"content":{"rendered":"<p>\u00a0  <\/p>\n<p> Bin y\u0131ld\u0131r <\/p>\n<p> Anadolum, atayurdum, <\/p>\n<p> Gerekirse u\u011frunda <\/p>\n<p> Bin kere kurban olurdum&#8230; <\/p>\n<p> D\u00fcnya cennetim, <\/p>\n<p> Memleketim, <\/p>\n<p> Medeniyetimsin, T\u00fcrkiyem!.. <\/p>\n<p> Destanlar defter, <\/p>\n<p> Sen kalemsin&#8230; <\/p>\n<p> Sevdams\u0131n, s\u0131\u011f\u0131na\u011f\u0131ms\u0131n, <\/p>\n<p> Ve son kalemsin, T\u00fcrkiyem!&#8230; <\/p>\n<p>  \u00a0  <\/p>\n<p> D\u00fcnyan\u0131n merkezi yerindesin <\/p>\n<p> Do\u011fu-Bat\u0131 <\/p>\n<p> Senin konumuna g\u00f6re \u015fekillenir&#8230; <\/p>\n<p> Yukar\u0131 taraf\u0131n kuzey, <\/p>\n<p> A\u015fa\u011f\u0131s\u0131 g\u00fcney diye bilinir. <\/p>\n<p> \u00dclkemsin, \u00fclk\u00fcms\u00fcn <\/p>\n<p> \u015eiirimsin, \u015fark\u0131ms\u0131n, t\u00fcrk\u00fcms\u00fcn&#8230; <\/p>\n<p> &#160; <\/p>\n<p> Ey kutlu ge\u00e7mi\u015fim <\/p>\n<p> Mutlu gelece\u011fim. <\/p>\n<p> Ey kutsal emanetim&#8230; <\/p>\n<p> Tarihim, talihimsin T\u00fcrkiyem&#8230; <\/p>\n<p> Nice bin y\u0131l sonra da <\/p>\n<p> Sen yine M\u00fcsl\u00fcman T\u00fcrk\u00fcns\u00fcn!.. <\/p>\n<p> &#160; <\/p>\n<p> Alparslan Gaziler, <\/p>\n<p> Ahmet Yeseviler, <\/p>\n<p> Yunus Emreler, <\/p>\n<p> Muhammet Fatihler, <\/p>\n<p> Mustafa Kemaller <\/p>\n<p> Gibi \u015fahinler, <\/p>\n<p> Y\u00fccelere sakland\u0131 diye&#8230; <\/p>\n<p> \u015eimdi f\u0131rsat bizimdir, <\/p>\n<p> Ferman bizimdir sand\u0131, <\/p>\n<p> C\u00fcce hainler!.. <\/p>\n<p> Ama duysun o gafiller  <\/p>\n<p> Ki, sana yan bakanlar\u0131n  <\/p>\n<p> G\u00f6zlerini oyar\u0131m <\/p>\n<p> B\u00f6lmeye \u00e7al\u0131\u015fanlar\u0131n,  <\/p>\n<p> Satmaya kalk\u0131\u015fanlar\u0131n,  <\/p>\n<p> Dizlerini k\u0131rar\u0131m!&#8230; <\/p>\n<p> Senin cam\u0131na ta\u015f atanlar\u0131n <\/p>\n<p> Canlar\u0131na k\u0131yar\u0131m, T\u00fcrkiyem!.. <\/p>\n<p> &#160; <\/p>\n<p> Vatan; v\u00fccudum, <\/p>\n<p> \u0130slam, ruhumdur&#8230; <\/p>\n<p> Yurdum; namusum, onurum <\/p>\n<p> H\u00fcrriyetim, huzurumdur!.. <\/p>\n<p> Ovam, yaylam, nazarl\u0131\u011f\u0131ms\u0131n T\u00fcrkiyem!.. <\/p>\n<p> Mabedim, mektebim, mezarl\u0131\u011f\u0131ms\u0131n. <\/p>\n<p> Tarih kitap, sen kalemsin <\/p>\n<p> Elde kalan <\/p>\n<p> Son kalemsin, T\u00fcrkiyem!.. <\/p>\n<p> &#160; <\/p>\n<p> Y\u00f6r\u00fck gelin gitti  <\/p>\n<p> K\u0131rmanc k\u00f6y\u00fcne&#8230; <\/p>\n<p> T\u00fcrkmendim, g\u00f6\u00e7menle ni\u015fan\u0131m\u0131z koyuldu. <\/p>\n<p> Can ci\u011feriz, tek y\u00fcre\u011fiz her yerde&#8230; <\/p>\n<p> Ayn\u0131 inan\u00e7 <\/p>\n<p> Ayn\u0131 ama\u00e7 u\u011frunda can verdi <\/p>\n<p> Alevi-S\u00fcnni ayn\u0131 siperde&#8230; <\/p>\n<p> \u0130slam iman\u0131m\u0131z <\/p>\n<p> T\u00fcrkl\u00fck ortak \u015fan\u0131m\u0131z oldu. <\/p>\n<p> Sen, ba\u015fl\u0131 ba\u015f\u0131na bir \u00e2lemsin T\u00fcrkiyem!.. <\/p>\n<p> Tarih yapan, destan yazan bir kalemsin T\u00fcrkiyem!.. <\/p>\n","protected":false},"excerpt":{"rendered":"<p>\u00a0  <\/p>\n<p> Bin y\u0131ld\u0131r <\/p>\n<p> Anadolum, atayurdum, <\/p>\n<p> Gerekirse u\u011frunda <\/p>\n<p> Bin kere kurban olurdum&#8230; <\/p>\n<p> D\u00fcnya cennetim, <\/p>\n<p> Memleketim, <\/p>\n<p> Medeniyetimsin, T\u00fcrkiyem!.. <\/p>\n<p> Destanlar defter, <\/p>\n<p> Sen kalemsin&#8230; <\/p>\n<p> Sevdams\u0131n, s\u0131\u011f\u0131na\u011f\u0131ms\u0131n, <\/p>\n<p> Ve son kalemsin, T\u00fcrkiyem!&#8230; <\/p>\n","protected":false},"author":98,"featured_media":0,"comment_status":"open","ping_status":"closed","sticky":false,"template":"","format":"standard","meta":{"footnotes":""},"categories":[43],"tags":[],"class_list":["post-359","post","type-post","status-publish","format-standard","hentry","category-ekim-2005"],"_links":{"self":[{"href":"https:\/\/www.millicozum.com\/mc\/wp-json\/wp\/v2\/posts\/359","targetHints":{"allow":["GET"]}}],"collection":[{"href":"https:\/\/www.millicozum.com\/mc\/wp-json\/wp\/v2\/posts"}],"about":[{"href":"https:\/\/www.millicozum.com\/mc\/wp-json\/wp\/v2\/types\/post"}],"author":[{"embeddable":true,"href":"https:\/\/www.millicozum.com\/mc\/wp-json\/wp\/v2\/users\/98"}],"replies":[{"embeddable":true,"href":"https:\/\/www.millicozum.com\/mc\/wp-json\/wp\/v2\/comments?post=359"}],"version-history":[{"count":0,"href":"https:\/\/www.millicozum.com\/mc\/wp-json\/wp\/v2\/posts\/359\/revisions"}],"wp:attachment":[{"href":"https:\/\/www.millicozum.com\/mc\/wp-json\/wp\/v2\/media?parent=359"}],"wp:term":[{"taxonomy":"category","embeddable":true,"href":"https:\/\/www.millicozum.com\/mc\/wp-json\/wp\/v2\/categories?post=359"},{"taxonomy":"post_tag","embeddable":true,"href":"https:\/\/www.millicozum.com\/mc\/wp-json\/wp\/v2\/tags?post=359"}],"curies":[{"name":"wp","href":"https:\/\/api.w.org\/{rel}","templated":true}]}}