{"id":360,"date":"2006-11-27T12:50:31","date_gmt":"2006-11-27T12:50:31","guid":{"rendered":"https:\/\/www.millicozum.com\/mc\/2006\/11\/27\/uyanin-canlar\/"},"modified":"2006-11-27T12:50:31","modified_gmt":"2006-11-27T12:50:31","slug":"uyanin-canlar","status":"publish","type":"post","link":"https:\/\/www.millicozum.com\/mc\/2005\/ekim-2005\/uyanin-canlar\/","title":{"rendered":"UYANIN CANLAR!"},"content":{"rendered":"<p>\u00a0  <\/p>\n<p> \u015eahsi ikbal ve ihtiras, u\u011frunda neler yap\u0131yor, <\/p>\n<p> \u00dclke gitmi\u015f, millet bitmi\u015f; umrunda m\u0131 Erdo\u011fan&#39;\u0131n!? <\/p>\n<p> Nefsini ilah edinmi\u015f, Hak diye h\u0131rsa tap\u0131yor, <\/p>\n<p> \u0130\u015f\u00e7i k\u00f6yl\u00fcy\u00fc d\u00fc\u015f\u00fcnmez; ah\u0131 tutar, ter bo\u011fan\u0131n! <\/p>\n<p>  \u00a0  <\/p>\n<p> Hakka h\u0131yanet edip te, \u00e7\u0131kar\u0131rsan Milli g\u00f6mlek, <\/p>\n<p> Hep aldat\u0131p oynat\u0131rlar, giydirirler zilli g\u00f6mlek. <\/p>\n<p> Bat\u0131 barbard\u0131r, bat\u0131ld\u0131r; eli kanl\u0131 kirli g\u00f6mlek, <\/p>\n<p> Hak davaya hile yapsan; faydas\u0131 yok her duan\u0131n! <\/p>\n<p> &#160; <\/p>\n<p> Siyaset pekmez gibidir, sinekleri \u00e7ekip yutar, <\/p>\n<p> Kumandas\u0131 Washington&#39;da, Robot Recep at\u0131p tutar. <\/p>\n<p> ABD&#39;ye Kerk\u00fck feda, AB i\u00e7in K\u0131br\u0131s satar, <\/p>\n<p> Tarla borda, tar\u0131m zorda, muhtac\u0131y\u0131z bir so\u011fan\u0131n! <\/p>\n<p> &#160; <\/p>\n<p> Azm\u0131\u015f PKK, Hizbullah, huzur ka\u00e7m\u0131\u015f, halk peri\u015fan, <\/p>\n<p> Edep ve ahlak \u00e7\u00f6k\u00fcyor, kalmad\u0131 hay\u00e2dan ni\u015fan. <\/p>\n<p> Komutan laiklik korur, iktidara yok kar\u0131\u015fan, <\/p>\n<p> Kimse d\u00fc\u015f\u00fcnmez halini, Elaz\u0131\u011f&#39;\u0131n Erguvan&#39;\u0131n! <\/p>\n<p> &#160; <\/p>\n<p> Gelin canlar bir olal\u0131m, Elif gibi yas tutal\u0131m, <\/p>\n<p> Milli \u015fuur bayra\u011f\u0131n\u0131, can\u0131m\u0131zdan has tutal\u0131m. <\/p>\n<p> Bu gafletten uyanal\u0131m, daha nice pas tutal\u0131m, <\/p>\n<p> Vatan giderse ya\u011fmad\u0131r, namusu da, mal y\u0131\u011fan\u0131n!.. <\/p>\n","protected":false},"excerpt":{"rendered":"<p>\u00a0  <\/p>\n<p> \u015eahsi ikbal ve ihtiras, u\u011frunda neler yap\u0131yor, <\/p>\n<p> \u00dclke gitmi\u015f, millet bitmi\u015f; umrunda m\u0131 Erdo\u011fan&#39;\u0131n!? <\/p>\n<p> Nefsini ilah edinmi\u015f, Hak diye h\u0131rsa tap\u0131yor, <\/p>\n<p> \u0130\u015f\u00e7i k\u00f6yl\u00fcy\u00fc d\u00fc\u015f\u00fcnmez; ah\u0131 tutar, ter bo\u011fan\u0131n! <\/p>\n","protected":false},"author":23,"featured_media":0,"comment_status":"open","ping_status":"closed","sticky":false,"template":"","format":"standard","meta":{"footnotes":""},"categories":[43],"tags":[],"class_list":["post-360","post","type-post","status-publish","format-standard","hentry","category-ekim-2005"],"_links":{"self":[{"href":"https:\/\/www.millicozum.com\/mc\/wp-json\/wp\/v2\/posts\/360","targetHints":{"allow":["GET"]}}],"collection":[{"href":"https:\/\/www.millicozum.com\/mc\/wp-json\/wp\/v2\/posts"}],"about":[{"href":"https:\/\/www.millicozum.com\/mc\/wp-json\/wp\/v2\/types\/post"}],"author":[{"embeddable":true,"href":"https:\/\/www.millicozum.com\/mc\/wp-json\/wp\/v2\/users\/23"}],"replies":[{"embeddable":true,"href":"https:\/\/www.millicozum.com\/mc\/wp-json\/wp\/v2\/comments?post=360"}],"version-history":[{"count":0,"href":"https:\/\/www.millicozum.com\/mc\/wp-json\/wp\/v2\/posts\/360\/revisions"}],"wp:attachment":[{"href":"https:\/\/www.millicozum.com\/mc\/wp-json\/wp\/v2\/media?parent=360"}],"wp:term":[{"taxonomy":"category","embeddable":true,"href":"https:\/\/www.millicozum.com\/mc\/wp-json\/wp\/v2\/categories?post=360"},{"taxonomy":"post_tag","embeddable":true,"href":"https:\/\/www.millicozum.com\/mc\/wp-json\/wp\/v2\/tags?post=360"}],"curies":[{"name":"wp","href":"https:\/\/api.w.org\/{rel}","templated":true}]}}