{"id":3606,"date":"2016-01-01T00:33:43","date_gmt":"2016-01-01T00:33:43","guid":{"rendered":"https:\/\/www.millicozum.com\/mc\/2016\/01\/01\/dayan-ahmet\/"},"modified":"2016-01-01T00:33:43","modified_gmt":"2016-01-01T00:33:43","slug":"dayan-ahmet","status":"publish","type":"post","link":"https:\/\/www.millicozum.com\/mc\/2016\/ocak-2016\/dayan-ahmet\/","title":{"rendered":"DAYAN AHMET!"},"content":{"rendered":"\n<p>&nbsp;<\/p>\n<p style=\"margin-bottom: 0.0001pt; text-align: justify; text-indent: 1cm; line-height: 16pt;\"><span style=\"font-size: 14pt;\"><strong><span style=\"font-family: Arial, sans-serif;\">Aziz Erbakan Hocam\u0131z bir sohbetinde \u015funlar\u0131 buyurmu\u015flard\u0131:<\/span><\/strong><\/span><\/p>\n<p style=\"margin-bottom: 0.0001pt; text-align: justify; text-indent: 1cm; line-height: 16pt;\"><strong><span style=\"font-size: 12pt; font-family: 'Arial','sans-serif';\">&ldquo;\u0130nsan\u0131n b&uuml;t&uuml;n di\u011fer yarat\u0131lanlardan, nebatlardan ve hayvanlardan &uuml;st&uuml;n olmas\u0131n\u0131n temelinde Cenab-\u0131 Hakk\u0131n ona verdi\u011fi d&ouml;rt &ouml;nemli meziyet bulunmaktad\u0131r. Bunlar, insana verilen;<\/span><\/strong><\/p>\n<p style=\"margin-bottom: 0.0001pt; text-align: justify; text-indent: 1cm; line-height: 16pt;\"><strong><span style=\"font-size: 12pt; font-family: 'Arial','sans-serif';\">1- Do\u011fru ile Yanl\u0131\u015f\u0131 fark etme yetene\u011fi (Bu meziyetten \u0130limler do\u011fmu\u015ftur),<\/span><\/strong><\/p>\n<p style=\"margin-bottom: 0.0001pt; text-align: justify; text-indent: 1cm; line-height: 16pt;\"><strong><span style=\"font-size: 12pt; font-family: 'Arial','sans-serif';\">2- G&uuml;zel ile &Ccedil;irkini &#8211; \u0130yi ile K&ouml;t&uuml;y&uuml; birbirinden ay\u0131rma kabiliyeti (Bu meziyetten ahlaki d&uuml;zen ve disiplin do\u011fmu\u015ftur),<\/span><\/strong><\/p>\n<p style=\"margin-bottom: 0.0001pt; text-align: justify; text-indent: 1cm; line-height: 16pt;\"><strong><span style=\"font-size: 12pt; font-family: 'Arial','sans-serif';\">3- Faydal\u0131 ile Zararl\u0131y\u0131 ay\u0131rma yetene\u011fi (Bu meziyetten Ekonomi do\u011fmu\u015ftur),<\/span><\/strong><\/p>\n<p style=\"margin-bottom: 0.0001pt; text-align: justify; text-indent: 1cm; line-height: 16pt;\"><strong><span style=\"font-size: 12pt; font-family: 'Arial','sans-serif';\">4- Adalet ile Zulm&uuml; ay\u0131rabilme meziyeti (Bu meziyetten Siyaset ve Hukuk do\u011fmu\u015ftur).<\/span><\/strong><\/p>\n<p style=\"margin-bottom: 0.0001pt; text-align: justify; text-indent: 1cm; line-height: 16pt;\"><strong><span style=\"font-size: 12pt; font-family: 'Arial','sans-serif';\">Di\u011fer mahl&ucirc;katta bu k\u0131ymetli meziyetler yoktur. Bunun i&ccedil;in bir insan bu meziyetleri ne derece s&uuml;ratle ve isabetle kullanabilirse o insana o derecede ak\u0131ll\u0131 diyoruz. Bir insan bu 4 temel meziyete ve akla sahip olunca o insanda iman olur. \u0130nsan\u0131 y&uuml;celten i\u015fte bunlard\u0131r: Ak\u0131l, iman ve 4 temel meziyet. E\u011fer \u0130nsan gibi m&uuml;kemmel bir mahl&ucirc;k yarat\u0131lmasayd\u0131 bu Rabbimizin sonsuz Kemal s\u0131fat\u0131na uygun d&uuml;\u015fmezdi. &Ccedil;&uuml;nk&uuml; bir&ccedil;ok g&uuml;zellikler yarat\u0131lm\u0131\u015f ama bunu g&ouml;ren, sezen yok. Bu bir eksiklik olurdu. Ondan dolay\u0131, insan\u0131n yarat\u0131lmas\u0131 Y&uuml;ce Rabbimizin sonsuz Kemal s\u0131fat\u0131n\u0131n bir gere\u011fidir.<\/span><\/strong><\/p>\n<p style=\"margin-bottom: 0.0001pt; text-align: justify; text-indent: 1cm; line-height: 16pt;\"><span style=\"font-size: 14pt;\"><strong><span style=\"font-family: Arial, sans-serif;\">Peki, \u0130nsan Bu D&uuml;nyada Neden \u0130mtihan Olunmaktad\u0131r?<\/span><\/strong><\/span><\/p>\n<p style=\"margin-bottom: 0.0001pt; text-align: justify; text-indent: 1cm; line-height: 16pt;\"><strong><span style=\"font-size: 12pt; font-family: 'Arial','sans-serif';\">Rabbimizin Kemal s\u0131fat\u0131yla birlikte bir de &Acirc;dil s\u0131fat\u0131 vard\u0131r. \u0130\u015fte bundan dolay\u0131; yani mahl&ucirc;kat\u0131n bir &ccedil;e\u015fidi olan insano\u011fluna di\u011fer mahl&ucirc;klardan farkl\u0131 olarak bu k\u0131ymetli meziyetler emanet edilip verilince Adalet icab\u0131 insano\u011flunun imtihan edilmesi laz\u0131md\u0131r. Nitekim bir insan\u0131n &ccedil;ok k\u0131ymetli ve paha bi&ccedil;ilmez bir p\u0131rlantas\u0131 olsa bunu uzak bir yerdeki bir kimseye g&ouml;ndermesi gerekse; <em>&ldquo;Ahmet! Kilerde bir ta\u015f, var. Al bunu falanca yerde filanca kimseye g&ouml;t&uuml;r ver&rdquo;<\/em> diyemez, b&ouml;yle yapmas\u0131 yanl\u0131\u015ft\u0131r. Ta\u015f paha bi&ccedil;ilmez de\u011ferde oldu\u011fu i&ccedil;in, uzun uzun d&uuml;\u015f&uuml;n&uuml;p, ara\u015ft\u0131rmas\u0131, en uygun bir kimseyi bulmas\u0131 laz\u0131md\u0131r. Ona uzun uzun tembihatta bulunacakt\u0131r. <em>&ldquo;Bu ta\u015f &ccedil;ok k\u0131ymetlidir, paha bi&ccedil;ilmez de\u011ferdedir. Bunu g&ouml;z&uuml;nden ay\u0131rmayacaks\u0131n, yatarken bile ba\u015fucuna koyacaks\u0131n, &uuml;st&uuml;ndeki ipek &ouml;rt&uuml;y&uuml; a&ccedil;mayacaks\u0131n&#8230; vs.&rdquo;<\/em> diye onu uyaracakt\u0131r. E\u011fer Ahmet bu tembihatlara dikkat eder, emaneti g&ouml;nderilmesi icab eden yere sa\u011flam olarak ula\u015ft\u0131r\u0131rsa ona aferin denir ve bir m&uuml;k&acirc;fat verilir. Yok, e\u011fer b&uuml;t&uuml;n bu tembihata ra\u011fmen ta\u015f\u0131 kaybeder veya &ccedil;ald\u0131r\u0131rsa o zaman da Ahmet&rsquo;e &ccedil;ok b&uuml;y&uuml;k bir ceza verilmesi zaruri olacakt\u0131r. &Ccedil;&uuml;nk&uuml; bu adaletin icab\u0131d\u0131r. \u0130\u015fte onun i&ccedil;in bu k\u0131ymetli meziyetlerin kendisine verilmesi dolay\u0131s\u0131yla insano\u011flu, &ldquo;Rabbimiz Adil oldu\u011fundan&rdquo; imtihan edilmek zorundad\u0131r. Biz d&uuml;nya hayat\u0131na, bu imtihan i&ccedil;in geliyoruz. \u0130mtihan oluyor ve gidiyoruz. Cenab-\u0131 Hak bu imtihanda hepimize y&uuml;z akl\u0131\u011f\u0131 ve muvaffakiyet buyursun.&rdquo; \u0130n\u015fallah. Amin.<\/span><\/strong><\/p>\n<p style=\"margin-bottom: 0.0001pt; text-align: justify; text-indent: 205.55pt; line-height: 14pt;\">&nbsp;<\/p>\n<p style=\"margin-bottom: 0.0001pt; text-align: justify; text-indent: 205.55pt; line-height: 14pt;\"><span style=\"font-size: 14pt;\"><strong><span style=\"font-family: Arial, sans-serif;\">\u015e\u0130\u0130R:<\/span><\/strong><\/span><\/p>\n<p style=\"margin-bottom: 0.0001pt; text-align: justify; text-indent: 205.55pt; line-height: 14pt;\">&nbsp;<\/p>\n<p style=\"margin-bottom: 0.0001pt; text-align: justify; text-indent: 205.55pt; line-height: 14pt;\"><strong><span style=\"font-size: 12pt; font-family: 'Arial','sans-serif';\">&nbsp;&nbsp; <\/span><\/strong><\/p>\n<p style=\"margin-bottom: 0.0001pt; text-align: justify; text-indent: 6cm; line-height: 14pt;\"><span style=\"font-size: 18pt;\"><strong><span style=\"font-family: Arial, sans-serif;\">DAYAN AHMET!<\/span><\/strong><\/span><\/p>\n<p style=\"margin-bottom: 0.0001pt; text-align: justify; text-indent: 6cm; line-height: 14pt;\"><strong><span style=\"font-size: 12pt; font-family: 'Arial','sans-serif';\">&nbsp;&nbsp; <\/span><\/strong><\/p>\n<p style=\"margin-bottom: 0.0001pt; text-align: justify; text-indent: 6cm; line-height: 14pt;\"><span style=\"font-size: 14pt;\"><strong><span style=\"font-family: Arial, sans-serif;\">Emanetin &ccedil;ok b&uuml;y&uuml;kt&uuml;r<\/span><\/strong><\/span><\/p>\n<p style=\"margin-bottom: 0.0001pt; text-align: justify; text-indent: 6cm; line-height: 14pt;\"><span style=\"font-size: 14pt;\"><strong><span style=\"font-family: Arial, sans-serif;\">Ey nefsine uyan Ahmet!<\/span><\/strong><\/span><\/p>\n<p style=\"margin-bottom: 0.0001pt; text-align: justify; text-indent: 6cm; line-height: 14pt;\"><span style=\"font-size: 14pt;\"><strong><span style=\"font-family: Arial, sans-serif;\">S\u0131rt\u0131ndaki kutlu y&uuml;kt&uuml;r<\/span><\/strong><\/span><\/p>\n<p style=\"margin-bottom: 0.0001pt; text-align: justify; text-indent: 6cm; line-height: 14pt;\"><span style=\"font-size: 14pt;\"><strong><span style=\"font-family: Arial, sans-serif;\">Dost nidas\u0131n duyan Ahmet!<\/span><\/strong><\/span><\/p>\n<p style=\"margin-bottom: 0.0001pt; text-align: justify; text-indent: 6cm; line-height: 14pt;\"><span style=\"font-size: 14pt;\"><strong><span style=\"font-family: Arial, sans-serif;\">&nbsp;&nbsp; <\/span><\/strong><\/span><\/p>\n<p style=\"margin-bottom: 0.0001pt; text-align: justify; text-indent: 6cm; line-height: 14pt;\"><span style=\"font-size: 14pt;\"><strong><span style=\"font-family: Arial, sans-serif;\">Aldanma fani g&ouml;lgeye <\/span><\/strong><\/span><\/p>\n<p style=\"margin-bottom: 0.0001pt; text-align: justify; text-indent: 6cm; line-height: 14pt;\"><span style=\"font-size: 14pt;\"><strong><span style=\"font-family: Arial, sans-serif;\">Dayan Kur&rsquo;ani belgeye<\/span><\/strong><\/span><\/p>\n<p style=\"margin-bottom: 0.0001pt; text-align: justify; text-indent: 6cm; line-height: 14pt;\"><span style=\"font-size: 14pt;\"><strong><span style=\"font-family: Arial, sans-serif;\">Her &uuml;lkeye her b&ouml;lgeye<\/span><\/strong><\/span><\/p>\n<p style=\"margin-bottom: 0.0001pt; text-align: justify; text-indent: 6cm; line-height: 14pt;\"><span style=\"font-size: 14pt;\"><strong><span style=\"font-family: Arial, sans-serif;\">Allah i&ccedil;in kayan Ahmet!<\/span><\/strong><\/span><\/p>\n<p style=\"margin-bottom: 0.0001pt; text-align: justify; text-indent: 6cm; line-height: 14pt;\"><span style=\"font-size: 14pt;\"><strong><span style=\"font-family: Arial, sans-serif;\">&nbsp;&nbsp; <\/span><\/strong><\/span><\/p>\n<p style=\"margin-bottom: 0.0001pt; text-align: justify; text-indent: 6cm; line-height: 14pt;\"><span style=\"font-size: 14pt;\"><strong><span style=\"font-family: Arial, sans-serif;\">Cehd&uuml; gayret bil keremdir<\/span><\/strong><\/span><\/p>\n<p style=\"margin-bottom: 0.0001pt; text-align: justify; text-indent: 6cm; line-height: 14pt;\"><span style=\"font-size: 14pt;\"><strong><span style=\"font-family: Arial, sans-serif;\">Tembellik ruhi veremdir<\/span><\/strong><\/span><\/p>\n<p style=\"margin-bottom: 0.0001pt; text-align: justify; text-indent: 6cm; line-height: 14pt;\"><span style=\"font-size: 14pt;\"><strong><span style=\"font-family: Arial, sans-serif;\">A\u015f\u0131k&rsquo;a d&uuml;nya &ldquo;harem&rdquo;dir<span style=\"font-size: 12pt;\"><sup>1<\/sup><\/span><\/span><\/strong><\/span><\/p>\n<p style=\"margin-bottom: 0.0001pt; text-align: justify; text-indent: 6cm; line-height: 14pt;\"><span style=\"font-size: 14pt;\"><strong><span style=\"font-family: Arial, sans-serif;\">&Ouml;l&uuml;me g&uuml;n sayan Ahmet!<\/span><\/strong><\/span><\/p>\n<p style=\"margin-bottom: 0.0001pt; text-align: justify; text-indent: 6cm; line-height: 14pt;\"><span style=\"font-size: 14pt;\"><strong><span style=\"font-family: Arial, sans-serif;\">&nbsp;&nbsp; <\/span><\/strong><\/span><\/p>\n<p style=\"margin-bottom: 0.0001pt; text-align: justify; text-indent: 6cm; line-height: 14pt;\"><span style=\"font-size: 14pt;\"><strong><span style=\"font-family: Arial, sans-serif;\">Barajlar dolup \u015fi\u015fmeden<\/span><\/strong><\/span><\/p>\n<p style=\"margin-bottom: 0.0001pt; text-align: justify; text-indent: 6cm; line-height: 14pt;\"><span style=\"font-size: 14pt;\"><strong><span style=\"font-family: Arial, sans-serif;\">Su nur olmaz, hep d&uuml;\u015fmeden<span style=\"font-size: 12pt;\"><sup>2<\/sup><\/span><\/span><\/strong><\/span><\/p>\n<p style=\"margin-bottom: 0.0001pt; text-align: justify; text-indent: 6cm; line-height: 14pt;\"><span style=\"font-size: 14pt;\"><strong><span style=\"font-family: Arial, sans-serif;\">Ocakta yan\u0131p pi\u015fmeden<\/span><\/strong><\/span><\/p>\n<p style=\"margin-bottom: 0.0001pt; text-align: justify; text-indent: 6cm; line-height: 14pt;\"><span style=\"font-size: 14pt;\"><strong><span style=\"font-family: Arial, sans-serif;\">&Ccedil;i\u011f kal\u0131rs\u0131n uyan Ahmet!<\/span><\/strong><\/span><\/p>\n<p style=\"margin-bottom: 0.0001pt; text-align: justify; text-indent: 6cm; line-height: 14pt;\"><span style=\"font-size: 14pt;\"><strong><span style=\"font-family: Arial, sans-serif;\">&nbsp;&nbsp; <\/span><\/strong><\/span><\/p>\n<p style=\"margin-bottom: 0.0001pt; text-align: justify; text-indent: 6cm; line-height: 14pt;\"><span style=\"font-size: 14pt;\"><strong><span style=\"font-family: Arial, sans-serif;\">Karanl\u0131k bassa her yerin<\/span><\/strong><\/span><\/p>\n<p style=\"margin-bottom: 0.0001pt; text-align: justify; text-indent: 6cm; line-height: 14pt;\"><span style=\"font-size: 14pt;\"><strong><span style=\"font-family: Arial, sans-serif;\">I\u015f\u0131ts\u0131n iman fenerin<\/span><\/strong><\/span><\/p>\n<p style=\"margin-bottom: 0.0001pt; text-align: justify; text-indent: 6cm; line-height: 14pt;\"><span style=\"font-size: 14pt;\"><strong><span style=\"font-family: Arial, sans-serif;\">Zor g&uuml;nde g&ouml;ster h&uuml;nerin<\/span><\/strong><\/span><\/p>\n<p style=\"margin-bottom: 0.0001pt; text-align: justify; text-indent: 6cm; line-height: 14pt;\"><span style=\"font-size: 14pt;\"><strong><span style=\"font-family: Arial, sans-serif;\">Hak rengine boyan Ahmet!<\/span><\/strong><\/span><\/p>\n<p style=\"margin-bottom: 0.0001pt; text-align: justify; text-indent: 6cm; line-height: 14pt;\"><span style=\"font-size: 14pt;\"><strong><span style=\"font-family: Arial, sans-serif;\">&nbsp;&nbsp; <\/span><\/strong><\/span><\/p>\n<p style=\"margin-bottom: 0.0001pt; text-align: justify; text-indent: 6cm; line-height: 14pt;\"><span style=\"font-size: 14pt;\"><strong><span style=\"font-family: Arial, sans-serif;\">Sad\u0131klar sa\u011f-u solunda<\/span><\/strong><\/span><\/p>\n<p style=\"margin-bottom: 0.0001pt; text-align: justify; text-indent: 6cm; line-height: 14pt;\"><span style=\"font-size: 14pt;\"><strong><span style=\"font-family: Arial, sans-serif;\">Ceht Milli &Ccedil;&ouml;z&uuml;m kolunda<\/span><\/strong><\/span><\/p>\n<p style=\"margin-bottom: 0.0001pt; text-align: justify; text-indent: 6cm; line-height: 14pt;\"><span style=\"font-size: 14pt;\"><strong><span style=\"font-family: Arial, sans-serif;\">&ldquo;Hu&rdquo; &ccedil;ekip Allah yolunda <\/span><\/strong><\/span><\/p>\n<p style=\"margin-bottom: 0.0001pt; text-align: justify; text-indent: 6cm; line-height: 14pt;\"><span style=\"font-size: 14pt;\"><strong><span style=\"font-family: Arial, sans-serif;\">Her belaya dayan Ahmet!<\/span><\/strong><\/span><\/p>\n<p style=\"margin-bottom: 0.0001pt; text-align: justify; text-indent: 6cm; line-height: 14pt;\"><span style=\"font-size: 14pt;\"><strong><span style=\"font-family: Arial, sans-serif;\">&nbsp;&nbsp; <\/span><\/strong><\/span><\/p>\n<p style=\"margin-bottom: 0.0001pt; text-align: justify; text-indent: 6cm; line-height: 14pt;\"><span style=\"font-size: 14pt;\"><strong><span style=\"font-family: Arial, sans-serif;\">Herkes sonunu haz\u0131rlar<\/span><\/strong><\/span><\/p>\n<p style=\"margin-bottom: 0.0001pt; text-align: justify; text-indent: 6cm; line-height: 14pt;\"><span style=\"font-size: 14pt;\"><strong><span style=\"font-family: Arial, sans-serif;\">An gibi ge&ccedil;er as\u0131rlar<\/span><\/strong><\/span><\/p>\n<p style=\"margin-bottom: 0.0001pt; text-align: justify; text-indent: 6cm; line-height: 14pt;\"><span style=\"font-size: 14pt;\"><strong><span style=\"font-family: Arial, sans-serif;\">Sanma gizli kal\u0131r s\u0131rlar<\/span><\/strong><\/span><\/p>\n<p style=\"margin-bottom: 0.0001pt; text-align: justify; text-indent: 6cm; line-height: 14pt;\"><span style=\"font-size: 14pt;\"><strong><span style=\"font-family: Arial, sans-serif;\">Her \u015fey Hakk&rsquo;a ayan Ahmet!<\/span><\/strong><\/span><\/p>\n<p style=\"margin-bottom: 0.0001pt; text-align: justify; text-indent: 6cm; line-height: 14pt;\"><span style=\"font-size: 14pt;\"><strong><span style=\"font-family: Arial, sans-serif;\">&nbsp;&nbsp; <\/span><\/strong><\/span><\/p>\n<p style=\"margin-bottom: 0.0001pt; text-align: justify; text-indent: 6cm; line-height: 14pt;\"><span style=\"font-size: 14pt;\"><strong><span style=\"font-family: Arial, sans-serif;\">Erbakan&rsquo;dan i\u015farettir<\/span><\/strong><\/span><\/p>\n<p style=\"margin-bottom: 0.0001pt; text-align: justify; text-indent: 6cm; line-height: 14pt;\"><span style=\"font-size: 14pt;\"><strong><span style=\"font-family: Arial, sans-serif;\">Bu ne kutlu be\u015farettir<span style=\"font-size: 12pt;\"><sup>3<\/sup><\/span><\/span><\/strong><\/span><\/p>\n<p style=\"margin-bottom: 0.0001pt; text-align: justify; text-indent: 6cm; line-height: 14pt;\"><span style=\"font-size: 14pt;\"><strong><span style=\"font-family: Arial, sans-serif;\">Malu makam ha\u015ferettir<span style=\"font-size: 12pt;\"><sup>4<\/sup><\/span><\/span><\/strong><\/span><\/p>\n<p style=\"margin-bottom: 0.0001pt; text-align: justify; text-indent: 6cm; line-height: 14pt;\"><span style=\"font-size: 14pt;\"><strong><span style=\"font-family: Arial, sans-serif;\">Olgunla\u015fs\u0131n hayan<span style=\"font-size: 12pt;\"><sup>5<\/sup><\/span> Ahmet!<\/span><\/strong><\/span><\/p>\n<p style=\"margin-bottom: 0.0001pt; text-align: justify; text-indent: 6cm; line-height: 14pt;\"><span style=\"font-size: 14pt;\"><strong><span style=\"font-family: Arial, sans-serif;\">&nbsp;&nbsp; <\/span><\/strong><\/span><\/p>\n<p style=\"margin-bottom: 0.0001pt; text-align: justify; text-indent: 6cm; line-height: 14pt;\"><span style=\"font-size: 14pt;\"><strong><span style=\"font-family: Arial, sans-serif;\">Hakka havale halime<\/span><\/strong><\/span><\/p>\n<p style=\"margin-bottom: 0.0001pt; text-align: justify; text-indent: 6cm; line-height: 14pt;\"><span style=\"font-size: 14pt;\"><strong><span style=\"font-family: Arial, sans-serif;\">Korku keder yok &acirc;lime<\/span><\/strong><\/span><\/p>\n<p style=\"margin-bottom: 0.0001pt; text-align: justify; text-indent: 6cm; line-height: 14pt;\"><span style=\"font-size: 14pt;\"><strong><span style=\"font-family: Arial, sans-serif;\">Boyun e\u011filmez zalime<\/span><\/strong><\/span><\/p>\n<p style=\"margin-bottom: 0.0001pt; text-align: justify; text-indent: 6cm; line-height: 14pt;\"><span style=\"font-size: 14pt;\"><strong><span style=\"font-family: Arial, sans-serif;\">Gam libas\u0131n soyan Ahmet!<\/span><\/strong><\/span><\/p>\n<p style=\"margin-bottom: 0.0001pt; text-align: justify; text-indent: 6cm; line-height: 14pt;\"><span style=\"font-size: 14pt;\"><strong><span style=\"font-family: Arial, sans-serif;\">&nbsp;&nbsp; <\/span><\/strong><\/span><\/p>\n<p style=\"margin-bottom: 0.0001pt; text-align: justify; text-indent: 6cm; line-height: 14pt;\"><span style=\"font-size: 14pt;\"><strong><span style=\"font-family: Arial, sans-serif;\">Gebze \u0130zmit Konya&rsquo;s\u0131na<\/span><\/strong><\/span><\/p>\n<p style=\"margin-bottom: 0.0001pt; text-align: justify; text-indent: 6cm; line-height: 14pt;\"><span style=\"font-size: 14pt;\"><strong><span style=\"font-family: Arial, sans-serif;\">T&uuml;rkistan&rsquo;dan Kenya&rsquo;s\u0131na<\/span><\/strong><\/span><\/p>\n<p style=\"margin-bottom: 0.0001pt; text-align: justify; text-indent: 6cm; line-height: 14pt;\"><span style=\"font-size: 14pt;\"><strong><span style=\"font-family: Arial, sans-serif;\">\u0130stanbul&rsquo;dan D&uuml;nya&rsquo;s\u0131na<\/span><\/strong><\/span><\/p>\n<p style=\"margin-bottom: 0.0001pt; text-align: justify; text-indent: 6cm; line-height: 14pt;\"><span style=\"font-size: 14pt;\"><strong><span style=\"font-family: Arial, sans-serif;\">Adil D&uuml;zen yayan Ahmet!<\/span><\/strong><\/span><\/p>\n<p style=\"margin-bottom: 0.0001pt; text-align: justify; text-indent: 6cm; line-height: 14pt;\"><span style=\"font-size: 14pt;\"><strong><span style=\"font-family: Arial, sans-serif;\">&nbsp;&nbsp; <\/span><\/strong><\/span><\/p>\n<p style=\"margin-bottom: 0.0001pt; text-align: justify; text-indent: 6cm; line-height: 14pt;\"><span style=\"font-size: 14pt;\"><strong><span style=\"font-family: Arial, sans-serif;\">Ald\u0131rma hain levmine<span style=\"font-size: 12pt;\"><sup>6<\/sup><\/span><\/span><\/strong><\/span><\/p>\n<p style=\"margin-bottom: 0.0001pt; text-align: justify; text-indent: 6cm; line-height: 14pt;\"><span style=\"font-size: 14pt;\"><strong><span style=\"font-family: Arial, sans-serif;\">Sald\u0131rma cahil kavmine<\/span><\/strong><\/span><\/p>\n<p style=\"margin-bottom: 0.0001pt; text-align: justify; text-indent: 6cm; line-height: 14pt;\"><span style=\"font-size: 14pt;\"><strong><span style=\"font-family: Arial, sans-serif;\">Sevin fas\u0131k\u0131n nevmine<span style=\"font-size: 12pt;\"><sup>7<\/sup><\/span><\/span><\/strong><\/span><\/p>\n<p style=\"margin-bottom: 0.0001pt; text-align: justify; text-indent: 6cm; line-height: 14pt;\"><span style=\"font-size: 14pt;\"><strong><span style=\"font-family: Arial, sans-serif;\">Hikmet ile doyan Ahmet!<\/span><\/strong><\/span><\/p>\n<p style=\"margin-bottom: 0.0001pt; text-align: justify; text-indent: 6cm; line-height: 14pt;\"><strong><span style=\"font-size: 12pt; font-family: 'Arial','sans-serif';\">&nbsp;&nbsp; <\/span><\/strong><\/p>\n<p style=\"margin-bottom: 0.0001pt; text-align: justify; line-height: 12pt;\"><strong><span style=\"font-size: 12pt; font-family: 'Arial','sans-serif';\">L&uuml;gat&ccedil;e:<\/span><\/strong><\/p>\n<p style=\"margin-bottom: 0.0001pt; text-align: justify; line-height: 12pt;\"><strong><sup><span style=\"font-size: 12pt; font-family: 'Arial','sans-serif';\">1 <\/span><\/sup><\/strong><strong><span style=\"font-size: 12pt; font-family: 'Arial','sans-serif';\">Harem:<\/span><\/strong><span style=\"font-size: 12pt; font-family: 'Arial','sans-serif';\"> Rastgele davran\u0131lmas\u0131 ve k&ouml;t&uuml;l&uuml;k yap\u0131lmas\u0131 yasak b&ouml;lge.<\/span><\/p>\n<p style=\"margin-bottom: 0.0001pt; text-align: justify; line-height: 12pt;\"><strong><sup><span style=\"font-size: 12pt; font-family: 'Arial','sans-serif';\">2&nbsp;<\/span><\/sup><\/strong><span style=\"font-size: 12pt; font-family: 'Arial','sans-serif';\">Sular\u0131n barajlarda toplan\u0131p h\u0131zla y&uuml;kseklerden a\u015fa\u011f\u0131 d&ouml;k&uuml;lerek d&ouml;nderdi\u011fi &ccedil;arklar sayesinde elektri\u011fe (nura) d&ouml;n&uuml;\u015fmesine dikkat &ccedil;ekilir.<\/span><\/p>\n<p style=\"margin-bottom: 0.0001pt; text-align: justify; line-height: 12pt;\"><strong><sup><span style=\"font-size: 12pt; font-family: 'Arial','sans-serif';\">3 <\/span><\/sup><\/strong><strong><span style=\"font-size: 12pt; font-family: 'Arial','sans-serif';\">Be\u015faret:<\/span><\/strong><span style=\"font-size: 12pt; font-family: 'Arial','sans-serif';\"> M&uuml;jde, sevindirici haber.<\/span><\/p>\n<p style=\"margin-bottom: 0.0001pt; text-align: justify; line-height: 12pt;\"><strong><sup><span style=\"font-size: 12pt; font-family: 'Arial','sans-serif';\">4 <\/span><\/sup><\/strong><strong><span style=\"font-size: 12pt; font-family: 'Arial','sans-serif';\">Ha\u015feret:<\/span><\/strong><span style=\"font-size: 12pt; font-family: 'Arial','sans-serif';\"> Zararl\u0131 ve zehirli b&ouml;cekler.<\/span><\/p>\n<p style=\"margin-bottom: 0.0001pt; text-align: justify; line-height: 12pt;\"><strong><sup><span style=\"font-size: 12pt; font-family: 'Arial','sans-serif';\">5 <\/span><\/sup><\/strong><strong><span style=\"font-size: 12pt; font-family: 'Arial','sans-serif';\">Haya:<\/span><\/strong><span style=\"font-size: 12pt; font-family: 'Arial','sans-serif';\"> Edep, erdem, utanma duygusu ve hesap verme sorumlulu\u011fu.<\/span><\/p>\n<p style=\"margin-bottom: 0.0001pt; text-align: justify; line-height: 12pt;\"><strong><sup><span style=\"font-size: 12pt; font-family: 'Arial','sans-serif';\">6 <\/span><\/sup><\/strong><strong><span style=\"font-size: 12pt; font-family: 'Arial','sans-serif';\">Levm etmek:<\/span><\/strong><span style=\"font-size: 12pt; font-family: 'Arial','sans-serif';\"> K\u0131namak, ay\u0131plamak, aleyhte konu\u015fmak.<\/span><\/p>\n<p style=\"margin-bottom: 0.0001pt; text-align: justify; line-height: 12pt;\"><strong><sup><span style=\"font-size: 12pt; font-family: 'Arial','sans-serif';\">7 <\/span><\/sup><\/strong><strong><span style=\"font-size: 12pt; font-family: 'Arial','sans-serif';\">Nevm:<\/span><\/strong><span style=\"font-size: 12pt; font-family: 'Arial','sans-serif';\"> Uyku hali. Fas\u0131k ve facir (k&ouml;t&uuml;l&uuml;k ve g&uuml;nah ehli) kimselerin uyumas\u0131n\u0131n uyan\u0131kl\u0131\u011f\u0131ndan yararl\u0131 oldu\u011fu bir ger&ccedil;ektir.<\/span><\/p>\n","protected":false},"excerpt":{"rendered":"<p>&nbsp; Aziz Erbakan Hocam\u0131z bir sohbetinde \u015funlar\u0131 buyurmu\u015flard\u0131: &ldquo;\u0130nsan\u0131n b&uuml;t&uuml;n di\u011fer yarat\u0131lanlardan, nebatlardan ve hayvanlardan &uuml;st&uuml;n olmas\u0131n\u0131n temelinde Cenab-\u0131 Hakk\u0131n ona verdi\u011fi d&ouml;rt &ouml;nemli meziyet bulunmaktad\u0131r. Bunlar, insana verilen; 1- Do\u011fru ile Yanl\u0131\u015f\u0131 fark etme yetene\u011fi (Bu meziyetten \u0130limler do\u011fmu\u015ftur), 2- G&uuml;zel ile &Ccedil;irkini &#8211; \u0130yi ile K&ouml;t&uuml;y&uuml; birbirinden ay\u0131rma kabiliyeti (Bu meziyetten ahlaki d&uuml;zen [&hellip;]<\/p>\n","protected":false},"author":51,"featured_media":0,"comment_status":"open","ping_status":"closed","sticky":false,"template":"","format":"standard","meta":{"footnotes":""},"categories":[184],"tags":[],"class_list":["post-3606","post","type-post","status-publish","format-standard","hentry","category-ocak-2016"],"_links":{"self":[{"href":"https:\/\/www.millicozum.com\/mc\/wp-json\/wp\/v2\/posts\/3606","targetHints":{"allow":["GET"]}}],"collection":[{"href":"https:\/\/www.millicozum.com\/mc\/wp-json\/wp\/v2\/posts"}],"about":[{"href":"https:\/\/www.millicozum.com\/mc\/wp-json\/wp\/v2\/types\/post"}],"author":[{"embeddable":true,"href":"https:\/\/www.millicozum.com\/mc\/wp-json\/wp\/v2\/users\/51"}],"replies":[{"embeddable":true,"href":"https:\/\/www.millicozum.com\/mc\/wp-json\/wp\/v2\/comments?post=3606"}],"version-history":[{"count":0,"href":"https:\/\/www.millicozum.com\/mc\/wp-json\/wp\/v2\/posts\/3606\/revisions"}],"wp:attachment":[{"href":"https:\/\/www.millicozum.com\/mc\/wp-json\/wp\/v2\/media?parent=3606"}],"wp:term":[{"taxonomy":"category","embeddable":true,"href":"https:\/\/www.millicozum.com\/mc\/wp-json\/wp\/v2\/categories?post=3606"},{"taxonomy":"post_tag","embeddable":true,"href":"https:\/\/www.millicozum.com\/mc\/wp-json\/wp\/v2\/tags?post=3606"}],"curies":[{"name":"wp","href":"https:\/\/api.w.org\/{rel}","templated":true}]}}