{"id":361,"date":"2006-11-27T12:51:49","date_gmt":"2006-11-27T12:51:49","guid":{"rendered":"https:\/\/www.millicozum.com\/mc\/2006\/11\/27\/akp-pkk-e-madele-edemez\/"},"modified":"2006-11-27T12:51:49","modified_gmt":"2006-11-27T12:51:49","slug":"akp-pkk-ile-mucadele-edemez","status":"publish","type":"post","link":"https:\/\/www.millicozum.com\/mc\/2005\/ekim-2005\/akp-pkk-ile-mucadele-edemez\/","title":{"rendered":"AKP, PKK \u0130LE M\u00dcCADELE EDEMEZ!"},"content":{"rendered":"<p>\u00a0  <\/p>\n<p> \u00c7\u00fcnk\u00fc: AKP&#39;yi iktidara ta\u015f\u0131yan da, PKK&#39;y\u0131 kurdurup kullanan da ABD&#39;dir, AB \u00fclkeleridir.  <\/p>\n<p> \u00a0\u00a0 AKP&#39;yi ayakta tutan da, PKK&#39;ya destek \u00e7\u0131kan da ayn\u0131 merkezlerdir. <\/p>\n<p> \u00a0\u00a0 O nedenle, AKP&#39;nin, ABD ve AB&#39;ye ra\u011fmen T\u00fcrkiye&#39;nin \u00e7\u0131karlar\u0131n\u0131 g\u00f6zetmesi, Milli ve ba\u011f\u0131ms\u0131z politikalar izlemesi ve PKK ile ciddi bir m\u00fccadele i\u00e7ine girmesi m\u00fcmk\u00fcn de\u011fildir. <\/p>\n<p> \u00a0\u00a0 Bu tespitimiz NATO kafal\u0131 askerler i\u00e7in de ge\u00e7erlidir.  <\/p>\n<p>  \u00a0  <\/p>\n<p> \u00a0\u00a0 \u0130\u015fte g\u00f6rd\u00fcn\u00fcz, Amerika \u00fclkesindeki PKK yanl\u0131s\u0131 isyanc\u0131 K\u00fcrtlere kar\u015f\u0131 harekete ge\u00e7en \u0130ran&#39;\u0131 bile &quot;insan haklar\u0131n\u0131 ihlal etmekle&quot; su\u00e7lam\u0131\u015f ve tehdit etmi\u015ftir. <\/p>\n<p> \u00a0\u00a0 Asker-sivil demeden yine may\u0131nl\u0131 ve bombal\u0131 katliamlar\u0131n\u0131 ba\u015flatan PKK&#39;y\u0131 kovalarken bar\u0131nd\u0131klar\u0131 Kuzey Irak&#39;a giremezsiniz diyerek T\u00fcrkiye&#39;yi ikaz eden de yine ABD de\u011filmidir?  <\/p>\n<p> \u00a0\u00a0 \u00d6yle ise, ABD&#39;yi &quot;vazge\u00e7ilmez ve kar\u015f\u0131 gelinmez stratejik m\u00fcrebbi (Terbiye edici)&quot; kabul eden iktidar ve b\u00fcrokratlar\u0131n ayn\u0131 Amerika&#39;n\u0131n besleyip sahiplendi\u011fi PKK ile gerekli ve etkili bir m\u00fccadele edece\u011fini beklemek safdilliktir. <\/p>\n<p> \u00a0\u00a0 The Washington Post Gazetesi bile Amerika&#39;n\u0131n PKK konusunda: &quot;Tav\u015fana ka\u00e7, taz\u0131ya; tut!&quot; politikas\u0131 izleyerek T\u00fcrkiye&#39;yi g\u00fccendirdi\u011fini yazarken; AKP iktidar\u0131 ve NATO pa\u015falar\u0131, hala ABD a\u011fz\u0131yla konu\u015fuyor. <\/p>\n<p> \u00a0\u00a0 AB, K\u0131br\u0131s temsilcili\u011fine, Papadapulos&#39;a yak\u0131n bir Rumu at\u0131yor, Fransa Danimarka ve Avusturya a\u00e7\u0131k\u00e7a T\u00fcrkiye&#39;nin Avrupa&#39;ya kat\u0131lamayaca\u011f\u0131n\u0131 a\u00e7\u0131kl\u0131yor&#8230; <\/p>\n<p> \u00a0\u00a0 Vak\u0131flar Genel M\u00fcd\u00fcrl\u00fc\u011f\u00fcne ait bir arazi; AKP iktidar\u0131n\u0131n icazesi ile ve \u0130stanbul valisinin \u00f6zel izniyle Ek\u00fcmenik \u015eeriat Devleti pe\u015findeki Patrikhaneye aktar\u0131l\u0131yor ve Fener Rum h\u0131yanethanesinin avukatl\u0131\u011f\u0131n\u0131 da, karanl\u0131k kafal\u0131 kiral\u0131k ayd\u0131nlar\u0131n ve m\u00fcnaf\u0131k \u0130slamc\u0131lar\u0131n el \u00fcst\u00fcnde ta\u015f\u0131d\u0131\u011f\u0131 Kezban Hatemi yap\u0131yor! <\/p>\n<p> \u00a0\u00a0 PKK ile birlikte, Hizbullah ter\u00f6r\u00fc de, el-Kaide k\u0131l\u0131f\u0131yla yeniden t\u0131rman\u0131yor. Ve tam bu s\u0131rada Tayip Erdo\u011fan, yabanc\u0131 bir \u00fclkeye gider gibi, kalk\u0131p Diyarbak\u0131r&#39;a u\u00e7uyor! <\/p>\n<p> \u00a0\u00a0 Leyla Zana ve arkada\u015flar\u0131, Ba\u015fbakan Erdo\u011fan&#39;\u0131n &quot;T\u00fcrkiye kendi sorunlar\u0131yla y\u00fczle\u015fecek \u00f6zg\u00fcven ve cesarete sahiptir. K\u00fcrt sorununu yok saym\u0131yoruz. K\u00fcrt sorununun bir demokratikle\u015fme sorunu oldu\u011funa inan\u0131yoruz&quot; tespitinin,\u00a0 Cumhuriyet tarihinde geleneksel devlet politikalar\u0131nda bir &quot;ezberi bozdu\u011funu&quot; d\u00fc\u015f\u00fcnd\u00fcklerini s\u00f6yl\u00fcyor!? Ancak ge\u00e7mi\u015fte, y\u00f6neticilerin olumlu s\u00f6ylemlerine ra\u011fmen ya\u015fanan ac\u0131lar\u0131n unutulmad\u0131\u011f\u0131n\u0131 ifade eden Leyla Zana ve arkada\u015flar\u0131, Erdo\u011fan&#39;\u0131n &quot;K\u00fcrt sorununu yok saym\u0131yoruz&quot; \u00e7\u0131k\u0131\u015f\u0131n\u0131, cesur, gerekli, anlaml\u0131 ve \u00f6nemli bulduklar\u0131n\u0131 sevin\u00e7le ve \u00f6v\u00fcn\u00e7le anlat\u0131yor! <\/p>\n<p> \u00a0\u00a0 Tayip Erdo\u011fan: &quot;T\u00fcrkiye&#39;de K\u00fcrt sorunu vard\u0131r&quot; diyor. Bu s\u00f6zleriyle Erdo\u011fan, kendisine \u00f6rnek olarak &quot;baba&quot;y\u0131 se\u00e7mi\u015f g\u00f6r\u00fcn\u00fcyor. O da k\u0131lavuzu S\u00fcleyman Demirel gibi, y\u00fcksek bir siyasi makam pe\u015finde ko\u015fuyor. Bu sebeple d\u00fcn &quot;K\u00fcrt realitesini kabul ediyorum&quot; diyen ve Cumhurba\u015fkanl\u0131\u011f\u0131na y\u00fckseltilen \u00d6zal ve Demirel&#39;in izinden gidiyor ve &quot;T\u00fcrkiye&#39;de K\u00fcrt sorunu vard\u0131r&quot; diyerek \u00fclkenin par\u00e7alanmas\u0131na zemin haz\u0131rl\u0131yor. Asl\u0131nda Erdo\u011fan&#39;\u0131n s\u00f6zleri de, t\u0131pk\u0131 k\u0131lavuzlar\u0131 gibi, &quot;Avrupa ve ABD ile ayn\u0131 g\u00f6r\u00fc\u015f\u00fc payla\u015ft\u0131\u011f\u0131 ve d\u00fcnya sisteminin tekerine \u00e7omak sokmak gibi bir niyetinin olmad\u0131\u011f\u0131&quot; mesaj\u0131n\u0131 vermekten ibaret bulunuyor. <\/p>\n<p> \u00a0\u00a0 Ba\u015fbakan bu s\u00f6zleri ile AB ve ABD&#39;ye gerekli mesajlar\u0131 g\u00f6nderdikten sonra, bir de Diyarbak\u0131r gezisine \u00e7\u0131k\u0131yor. Peki Ba\u015fbakan niye \u00f6zellikle Diyarbak\u0131r&#39;a gidiyor? Ni\u00e7in \u015eanl\u0131urfa, Gaziantep veya Mardin de\u011fil de, \u00f6zellikle Diyarbak\u0131r&#39;\u0131 se\u00e7iyor? Asl\u0131nda bu soru bizim sorumuz de\u011fil, Erdo\u011fan&#39;\u0131n kendi sorusudur. T\u00fcrkiye Cumhuriyeti Ba\u015fbakan\u0131 Erdo\u011fan, Avrupa Birli\u011fi diplomatlar\u0131n\u0131 Diyarbak\u0131r&#39;a gittikleri i\u00e7in ele\u015ftirmi\u015f ve &quot;Neden Mardin de\u011fil? Neden \u015eanl\u0131urfa de\u011fil&quot; buyurmu\u015ftu!.. Peki kendisi orada ne ar\u0131yordu? Niye ba\u015fka bir \u015fehre gitmiyordu?  <\/p>\n<p> Hesap b\u00fcy\u00fck, PKK fig\u00fcran <\/p>\n<p> \u0130stanbul \u00dcniversitesi \u00d6\u011fretim \u00dcyesi Do\u00e7. Dr. Ya\u015far Hac\u0131saliho\u011flu, Kuzey Irak&#39;ta yap\u0131lanlar\u0131 de\u011ferlendirirken as\u0131l hedef olarak yeni bir s\u0131n\u0131r \u00e7izildi\u011fini, s\u00f6zde K\u00fcrdistan, Ermenistan ve \u0130srail hatt\u0131n\u0131n kurulmak istendi\u011fini s\u00f6yledi. <\/p>\n<p> \u0130stanbul \u00dcniversitesi \u00d6\u011fretim \u00dcyesi ve Jeopolitik Dergisi Edit\u00f6r\u00fc Do\u00e7. Dr. \u0130. Ya\u015far Hac\u0131saliho\u011flu, &quot;K\u00fcrt sorunu kavram\u0131yla bug\u00fcn ne anlat\u0131lmak istenmektedir? Bunu net olarak kavramal\u0131y\u0131z.&quot; diyerek s\u00f6zlerini \u015f\u00f6yle s\u00fcrd\u00fcrd\u00fc:  <\/p>\n<p> <strong>PKK, ayd\u0131n inisiyatifine m\u00fcdahil mi?<\/strong> <\/p>\n<p> &quot;Irak&#39;\u0131n kuzeyinde ya\u015fananlardan sonra &#8216;K\u00fcrt sorunu&#39; kavram\u0131 Bat\u0131 emperyalizminin himayesinde yeni bir i\u015fleve b\u00fcr\u00fcnm\u00fc\u015ft\u00fcr. Bunun altyap\u0131s\u0131 1990&#39;l\u0131 y\u0131llardan sonra olu\u015fturulmaya \u00e7al\u0131\u015f\u0131lm\u0131\u015ft\u0131r. Irak&#39;\u0131n kuzeyi Ba\u011fdat&#39;tan a\u015fama a\u015fama kopart\u0131larak, s\u00f6zde K\u00fcrdistan yap\u0131lanmas\u0131n\u0131n temelleri at\u0131lm\u0131\u015ft\u0131r. Irak&#39;\u0131n i\u015fgalinden sonra ise Irak&#39;\u0131n kuzeyi i\u015fgalin ekonomi-politik \u00fcss\u00fc haline getirilmi\u015ftir. B\u00fcy\u00fck Ortado\u011fu Projesi kapsam\u0131nda b\u00f6lgenin g\u00fcvenlik, enerji ve su denklemi buradan denetlenmeye ba\u015flanm\u0131\u015f ve Irak, Suriye, \u0130ran ve T\u00fcrkiye&#39;yi hedef alan &#8216;s\u00f6zde b\u00fcy\u00fck K\u00fcrdistan&#39; tasar\u0131m\u0131 \u00f6ne \u00e7\u0131kart\u0131lm\u0131\u015ft\u0131r. Ter\u00f6r \u00f6rg\u00fct\u00fc PKK&#39;da bu yeni tasar\u0131m\u0131n bir par\u00e7as\u0131 haline gelmi\u015ftir. Irak se\u00e7imlerine kat\u0131lm\u0131\u015f olmas\u0131 T\u00fcrkiye d\u0131\u015f\u0131nda di\u011fer hedef \u00fclkelerde de varl\u0131\u011f\u0131n\u0131 s\u00fcrd\u00fcrme \u00e7abas\u0131 bunun g\u00f6stergesidir. PKK, son geli\u015fmeleri (12 ismin Ba\u015fbakanla g\u00f6r\u00fc\u015fmesiyle ba\u015flayan s\u00fcre\u00e7) kendi zeminine \u00e7ekip, bu geli\u015fmelere g\u00f6nderme yaparak bir ate\u015fkes vurgusu yap\u0131yorsa, bu durum meselenin ba\u015f\u0131ndan beri \u00f6rg\u00fct\u00fcn olaylara m\u00fcdahil oldu\u011funu g\u00f6sterir. O zaman da yap\u0131lanlar\u0131n ter\u00f6r \u00f6rg\u00fct\u00fcn\u00fcn y\u00f6nlendirmelerinden, arzu ve hedeflerinden ar\u0131nd\u0131r\u0131lmas\u0131 g\u00fc\u00e7le\u015fir. Bu tablo bir \u00fclke i\u00e7in ve her \u015feyden \u00f6nemlisi o \u00fclkenin b\u00fct\u00fcnl\u00fc\u011f\u00fc ve i\u00e7 huzuru i\u00e7in son derece tehlikeli bir s\u00fcrecin habercisidir.&quot;  <\/p>\n<p> <strong>Ulusal g\u00fcvenlik geri plana itildi!<\/strong> <\/p>\n<p> &quot;T\u00fcrkiye \u00fczerine yap\u0131lan hesaplar\u0131n beklentisi; ulusal g\u00fcvenlik stratejisini zay\u0131flatarak, geri plana iterek, kararl\u0131l\u0131k ve direnme yetene\u011fini yok etmektir. PKK ter\u00f6r\u00fcn\u00fcn yeniden sahaya s\u00fcr\u00fclmesi, &#8216;\u00f6l\u00fcm\u00fc g\u00f6sterip s\u0131tmaya raz\u0131 etme&#39; \u00e7abas\u0131d\u0131r. T\u00fcrkiye; bir yandan ter\u00f6r \u00f6rg\u00fct\u00fcne genel af d\u00fc\u015f\u00fcncelerinin ortaya at\u0131ld\u0131\u011f\u0131, federasyon i\u00e7in imza kampanyalar\u0131n\u0131n yap\u0131ld\u0131\u011f\u0131 bir d\u00f6nemi ya\u015farken bir yandan da ter\u00f6r sald\u0131r\u0131lar\u0131na u\u011framas\u0131 bu fikri g\u00fc\u00e7lendirmektedir. PKK ter\u00f6r\u00fc, denklemin alt basama\u011f\u0131n\u0131 olu\u015fturur. As\u0131l anla\u015f\u0131lmas\u0131 gereken \u00fcst basama\u011f\u0131d\u0131r. Yani perde arkas\u0131d\u0131r. PKK&#39;n\u0131n arkas\u0131d\u0131r. Bu da karanl\u0131k de\u011fildir. Ter\u00f6r \u00f6rg\u00fct\u00fcnden Osman \u00d6calan&#39;\u0131n bir s\u00fcre \u00f6nce ifade ettikleri, PKK&#39;y\u0131 kimlerin nas\u0131l bug\u00fcnlere ta\u015f\u0131d\u0131\u011f\u0131n\u0131 ortaya koymu\u015ftur. Bug\u00fcn de ayn\u0131 deste\u011fin s\u00fcrd\u00fc\u011f\u00fcn\u00fc g\u00f6r\u00fcyoruz. Bu noktadan sonra \u00f6ncelikli g\u00f6rev; yerli yersiz s\u0131k s\u0131k &#8216;k\u00fcresel ter\u00f6r&#39; vurgular\u0131 yaparak, onun i\u00e7in dertlenmek ve enerji t\u00fcketmek yerine, \u00f6ncelikle PKK ter\u00f6r\u00fcn\u00fcn \u00f6n\u00fcn\u00fc ve arkas\u0131n\u0131 bir kez daha ve yeni ko\u015fullar\u0131n zemininde irdeleyerek T\u00fcrkiye \u00fczerinde oynanan oyunlara kar\u015f\u0131l\u0131k vermektir.&quot; <\/p>\n<p> <strong>Ter\u00f6re uygun i\u015f iklimi: Pazar ve do\u011fal kaynaklar<\/strong> <\/p>\n<p> &quot;Unutulmamal\u0131d\u0131r ki ya\u015fad\u0131\u011f\u0131m\u0131z d\u00f6nem; ter\u00f6r\u00fcn k\u00fcreselle\u015fmesinden \u00e7ok, k\u00fcreselle\u015fen \u00e7\u0131kar \u00e7at\u0131\u015fmalar\u0131n\u0131n ter\u00f6re uygun i\u015f iklimi yaratmas\u0131yla bi\u00e7imleniyor. Pazar ve do\u011fal kaynaklar egemenli\u011fine dayal\u0131 yeni jeopolitik atlas ile ter\u00f6r\u00fcn odakland\u0131\u011f\u0131 atlas \u00f6rt\u00fc\u015f\u00fcyor. Bu konuda yeni bir perde a\u00e7\u0131lm\u0131\u015ft\u0131r. Perdeyi a\u00e7an Afganistan ve Irak i\u015fgalleridir. Avrasya m\u00fccadelesinin odakland\u0131\u011f\u0131 co\u011frafi b\u00f6lgeler ve yeni eksenler; &#8216;g\u00fc\u00e7, \u00e7\u0131kar ve ter\u00f6r jeopoliti\u011finin&#39; \u00fc\u00e7genine s\u0131k\u0131\u015fm\u0131\u015ft\u0131r. Bu s\u0131k\u0131\u015f\u0131kl\u0131\u011f\u0131 ABD lehine zorlayan B\u00fcy\u00fck Ortado\u011fu Projesidir. T\u00fcrkiye&#39;de bu \u00fc\u00e7genin en belirleyici yerindedir. Bug\u00fcn yeniden hareketlenen ter\u00f6r, T\u00fcrkiye&#39;ye d\u0131\u015far\u0131dan bi\u00e7ilen rollerin ve hesaplar\u0131n denetimindedir. Ortado\u011fu da yeni hesaplar\u0131n uzant\u0131s\u0131d\u0131r. Avrasya co\u011frafyas\u0131na s\u0131k\u0131\u015ft\u0131r\u0131lmak istenen &#8216;g\u00fc\u00e7, \u00e7\u0131kar ve ter\u00f6r jeopoliti\u011finin&#39; g\u00fcd\u00fcm\u00fcndedir.&quot; <\/p>\n<p> BOP i\u00e7inde T\u00fcrkiye&#39;nin etkisizle\u015ftirilmesi isteniyor &quot;Bir yandan AB kap\u0131s\u0131na demirleterek, bir yandan da B\u00fcy\u00fck Ortado\u011fu Projesinin m\u0131zrak ucu haline getirilerek, T\u00fcrkiye&#39;nin etkisizle\u015ftirilmesi ve ba\u011f\u0131ml\u0131 ya\u015famaya zorlanmas\u0131 hedefleniyor. Bu tablo alt\u0131nda zamana yay\u0131lan ve &quot;ucu a\u00e7\u0131k s\u00fcre\u00e7&quot; ad\u0131 alt\u0131nda Irak&#39;\u0131n kuzeyinden K\u0131br\u0131s&#39;a Ege&#39;den Bo\u011fazlara ve i\u00e7 b\u00fct\u00fcnl\u00fc\u011f\u00fcnden milli devletine uzanan geni\u015f bir yelpazede T\u00fcrkiye&#39;yi \u00e7\u00f6zmenin hesaplar\u0131 yap\u0131l\u0131yor. Bu durum tam bir ku\u015fat\u0131lm\u0131\u015fl\u0131k halidir. B\u00f6lge \u00fczerinden y\u00fcr\u00fct\u00fclen bu planlar tarihsel benzerlikler ta\u015f\u0131maktad\u0131r.&quot; <\/p>\n<p> <strong>Bat\u0131, y\u00fcz y\u0131l \u00f6nceye geri d\u00f6nd\u00fc<\/strong> <\/p>\n<p> Bat\u0131 emperyalizminin,1. D\u00fcnya Sava\u015f\u0131 sonras\u0131nda Ortado\u011fu&#39;ya b\u0131rakt\u0131\u011f\u0131 mirasa tekrar y\u00f6neldi\u011fini ifade eden Do\u00e7. Dr. \u0130. Ya\u015far Hac\u0131saliho\u011flu, o miras\u0131n; milletle\u015fmeyi engelleyen ve buna ba\u011fl\u0131 olarak etnik \u00e7eli\u015fkileri kal\u0131c\u0131la\u015ft\u0131ran, yapay s\u0131n\u0131rlarla devletler yaratan, bunu yaparken de ihtilaflar\u0131 yerine geldi\u011finde kullanabilece\u011fi bi\u00e7imde tasarlayan bir miras oldu\u011funun alt\u0131n\u0131 \u00e7izdi.  <\/p>\n<p> <strong>Bat\u0131, yapay s\u0131n\u0131rlar istiyor<\/strong> <\/p>\n<p> Bat\u0131 emperyalizminin kendi \u00e7\u0131karlar\u0131 do\u011frultusunda yapay s\u0131n\u0131rlar yaratma pe\u015finde oldu\u011funu ve B\u00fcy\u00fck Ortado\u011fu Projesi ile ABD merkezli yeni bir siyasal atlas olu\u015fturma gayreti oldu\u011funu dile getiren Do\u00e7. Dr. Hac\u0131saliho\u011flu, ABD D\u0131\u015fi\u015fleri Bakan\u0131 Rice; B\u00fcy\u00fck Ortado\u011fu Projesi kapsam\u0131nda Fas&#39;tan \u00c7in s\u0131n\u0131r\u0131na kadar 22 \u00fclkenin s\u0131n\u0131rlar\u0131n\u0131n de\u011fi\u015fece\u011fini s\u00f6yledi\u011fini hat\u0131rlatarak s\u00f6zlerine \u015f\u00f6yle devam etti:  <\/p>\n<p> <strong>Tampon \u00fclkeler ekseni olu\u015fturuluyor<\/strong> <\/p>\n<p> &quot;Nitekim bilinmektedir ki, i\u015fgalleri de i\u00e7eren her emperyalist proje tampon co\u011frafyalara ihtiya\u00e7 hisseder. Bu bazen bir b\u00f6lge, bir eksen veya tek tek \u00fclkelerden olu\u015fabilir. Bug\u00fcn i\u00e7in hedeflenen ise ge\u00e7mi\u015fin tampon \u00fclkelerini birbirine kenetleyen bir tampon \u00fclkeler ekseni yaratmakt\u0131r. Bu eksen Ermenistan-K\u00fcrdistan-\u0130srail eksenidir. \u0130srail&#39;in Irak&#39;\u0131n kuzeyine olan ilgisinin temel nedeni de budur. Bat\u0131&#39;n\u0131n bu oyununu tarihte oldu\u011fu gibi b\u00f6lgede bozabilecek tek \u00fclke T\u00fcrkiye&#39;dir. T\u00fcrkiye&#39;ye y\u00fcklenmenin as\u0131l nedeni de budur. S\u0131n\u0131rlar\u0131 yapay de\u011fildir. Antiemperyalist m\u00fccadeleyle, kanla, diren\u00e7le, al\u0131n teriyle \u00e7izilmi\u015ftir.&quot; <\/p>\n<p> <strong>Ate\u015fkes PKK&#39;n\u0131n takti\u011fi <\/strong> <\/p>\n<p> Gazetemize a\u00e7\u0131klama yapan Strateji Uzman\u0131 Dr. Nihat Ali \u00d6zcan ise, PKK KONGRA-GEL&#39;in bir ayl\u0131k ate\u015fkes karar\u0131n\u0131 de\u011ferlendirirken bunun &#8216;taktik&#39; oldu\u011funu ifade etti:  <\/p>\n<p> &quot;Bu ate\u015fkes hik\u00e2yesi, PKK a\u00e7\u0131s\u0131ndan \u00e7ok iyi bir taktik. Art\u0131k mevsim k\u0131\u015fa do\u011fru d\u00f6n\u00fcyor. \u00d6rg\u00fct\u00fcn k\u0131\u015fa haz\u0131rl\u0131k yapmas\u0131 i\u00e7in erzak toplamas\u0131 laz\u0131m. Onun i\u00e7in de aktif olmamas\u0131 laz\u0131m. Eyl\u00fcl ay\u0131 itibariyle ate\u015fkes ilan etmesi, taktik bir i\u015f, taktik bir zorunluluk. Bahara kadar sessizlik i\u00e7inde olmas\u0131 laz\u0131m&#8230; Ter\u00f6r \u00f6rg\u00fct\u00fcn\u00fcn iste\u011fi nedir; kendisinden bahsedilmesidir. Ve kendisinin g\u00fcndemde olmas\u0131. \u015eimdi onu da sa\u011flad\u0131. Zaten herkes onu konu\u015fuyor&#8230; \u00d6rg\u00fct aktif oldu\u011funda \u00fcyelerinin sadakatini sa\u011flar. 3-5 ayd\u0131r da \u00e7ok aktif oldu\u011fu i\u00e7in sadakati sa\u011flay\u0131p dikkatleri \u00f6rg\u00fct d\u0131\u015f\u0131na \u00e7ekmeyi ba\u015fard\u0131. \u00d6rg\u00fct i\u00e7indeki bir tak\u0131m krizleri \u015fimdilik a\u015ft\u0131. Ayr\u0131ca Irak&#39;ta anayasa \u00e7al\u0131\u015fmas\u0131 s\u00fcr\u00fcyor. Bu deklare edilene kadar bir anlamda a\u015fama kaydedilmi\u015f olacak. Bu, b\u00f6lgedeki K\u00fcrtler i\u00e7in bir ilerleme olaca\u011f\u0131 i\u00e7in \u00f6rg\u00fct\u00fcn eylemlerine ara vermesi gayet normal.&quot; <\/p>\n<p> <strong>Hur\u015fit Tolon 1. Ordu Komutanl\u0131\u011f\u0131&#39;nda devir-teslim t\u00f6reninde konu\u015ftu:<\/strong> <\/p>\n<p> <strong>\u00dcniter yap\u0131y\u0131 bozdurtmayaca\u011f\u0131z!<\/strong> <\/p>\n<p> 1. Ordu Komutan\u0131 Orgeneral Hur\u015fit Tolon, &quot;Size \u00e7a\u011fda\u015fla\u015fma ve kalk\u0131nmas\u0131n\u0131n geli\u015fimi i\u00e7in yabanc\u0131 kaynakl\u0131 re\u00e7etelere ihtiya\u00e7 duymayan, onu mill\u00ee varl\u0131\u011f\u0131nda ve g\u00fcc\u00fcnde bulan &#8216;ayd\u0131n&#39;l\u0131klar\u0131n kerameti kendinden menkul ayd\u0131nlatt\u0131klar\u0131 \u00e7evrenin de ka\u00e7 l\u00fcks olduklar\u0131 bilinmeyen bir grubun baz\u0131 yanda\u015flar\u0131yla birlikte kurulurken, ulus devlet formu \u00fczerine in\u015fa edilen T\u00fcrkiye Cumhuriyeti&#39;nin \u00fcniter yap\u0131s\u0131n\u0131 bozmaya y\u00f6nelik giri\u015fimlerini nefretle k\u0131nayan, korudu\u011fu kutsal de\u011ferleri sonsuza dek pazarlamayacak bir ordu teslim ediyorum&quot; dedi. <\/p>\n<p> &quot;\u00dclkesini ve ulusunu seven, d\u00fcr\u00fcst, cesur, \u00e7al\u0131\u015fkan ve fedak\u00e2r, K\u00fcreselle\u015fme dejenerasyonunda benli\u011fini yitirmemi\u015f, Zihninde ve g\u00f6nl\u00fcnde sadece kanla ve irfanla kurulan Cumhuriyetimizi, \u00fclke b\u00fct\u00fcnl\u00fc\u011f\u00fcm\u00fcz\u00fc, ulusal birlik ve beraberli\u011fimizi ya\u015fatan, Cehennemler de kudursa, ba\u015fka t\u00fcr cumhuriyet sevdal\u0131lar\u0131 da t\u00fcrese, onu sonsuza dek ya\u015fatmaya kesin kararl\u0131, \u00c7a\u011fda\u015fla\u015fma ve kalk\u0131nmas\u0131n\u0131n geli\u015fimi i\u00e7in yabanc\u0131 kaynakl\u0131 re\u00e7etelere ihtiya\u00e7 duymayan, bunu milli varl\u0131\u011f\u0131nda ve g\u00fcc\u00fcnde bulan, &#8216;Ayd\u0131nl\u0131klar\u0131&#39;, kerameti kendinden menkul, ayd\u0131nlatt\u0131klar\u0131 \u00e7evreninde ka\u00e7 l\u00fcks oldu\u011fu bilinmeyen bir grubun baz\u0131 yanda\u015flar\u0131yla birlikte, kurulurken ulus devlet formu \u00fczerine in\u015fa edilen T\u00fcrkiye Cumhuriyeti&#39;nin \u00fcniter yap\u0131s\u0131n\u0131 bozmaya y\u00f6nelik giri\u015fimlerini nefretle k\u0131nayan, Ata yadigar\u0131 topraklarda y\u0131llarca \u00e7ekilen nice ac\u0131dan, kaybedilen masum canlardan, verilen \u015fehitlerden sonra T\u00fcrk varl\u0131\u011f\u0131n\u0131 yok etmek i\u00e7in giri\u015ftikleri katliam planlar\u0131na uluslararas\u0131 anla\u015fmalar\u0131n verdi\u011fi \u00e7ok a\u00e7\u0131k hakla mani olarak, soyda\u015flar\u0131m\u0131z\u0131n bekas\u0131n\u0131n, can ve mal g\u00fcvenli\u011finin, huzur ve refah\u0131n sa\u011fland\u0131\u011f\u0131 Kuzey K\u0131br\u0131s T\u00fcrk Cumhuriyeti&#39;nde e\u015fit haklara ve siyasal e\u015fitli\u011fe sahip iki kesimli, T\u00fcrkiye&#39;nin g\u00fcvenlik garantisiyle adil ve kal\u0131c\u0131 bir bar\u0131\u015f sa\u011flanmad\u0131k\u00e7a Mehmet\u00e7i\u011fin \u00e7ekilmeyece\u011fine inanan, G\u00fcn\u00fcm\u00fczde d\u0131\u015f d\u00fcnyan\u0131n t\u00fcrl\u00fc bask\u0131, tehdit, \u015fantaj ve entrikalar\u0131 yan\u0131nda o g\u00fcnleri ya\u015famam\u0131\u015f, ya\u015fam\u0131\u015f ama unutmu\u015f ya da kendi yak\u0131n tarihini yeterince incelememi\u015f olanlar\u0131n \u00e7abalar\u0131yla yeniden 19 Temmuz 1974&#39;e d\u00f6nd\u00fcr\u00fclmek istenmesini i\u00e7ine sindiremeyen, Sadece ufku g\u00f6rmenin kafi olmad\u0131\u011f\u0131na, ufkun \u00f6tesini de g\u00f6rmek ve bilmek gerekti\u011fine inanan, \u00dclkemizin \u00fcniter yap\u0131s\u0131na, cumhuriyetimizin temel niteliklerine y\u00f6nelik her t\u00fcrl\u00fc tehdit ve tehlikeye kar\u015f\u0131 son derece uyan\u0131k ve bu evrensel de\u011ferlerden asla taviz vermeyecek, korudu\u011fu kutsal emanetleri sonsuza dek hi\u00e7bir \u015fartta pazarl\u0131k konusu yapmayacak, Etti\u011fi yemine sad\u0131k, m\u00fccadele azim ve iradesinde, halk\u0131 ile b\u00fct\u00fcnle\u015fmi\u015f bir ordu teslim ediyorum.&quot; (aa) <\/p>\n<p> &#160; <\/p>\n<p> <strong>Apo neden teslim edildi? Sorusu hala cevap bekliyor&#39;<\/strong> <\/p>\n<p> <strong>Apo&#39;yu T\u00fcrk g\u00f6revlilere teslim eden CIA ekibinin ba\u015f\u0131ndaki ki\u015fi MOSSAD ba\u011flant\u0131l\u0131, Yahudi k\u00f6kenli Amerikal\u0131 David Adolph Korn idi!.. Apo, T\u00fcrkiye&#39;de bas\u0131n mensuplar\u0131 ile ilk kar\u015f\u0131la\u015fmas\u0131nda aynen \u015f\u00f6yle diyordu:. &quot;Ben, bana verilen rol\u00fc oynad\u0131m!..&quot;<\/strong> <\/p>\n<p> B\u00fclent\u00a0 Ecevit, 13 Nisan 2005 tarihinde Sabah gazetesinde yay\u0131nlanan s\u00f6yle\u015finin son b\u00f6l\u00fcm\u00fcnde aynen \u015fu ifadeleri kullan\u0131yordu:  <\/p>\n<p> &quot;Amerika bize niye Apo&#39;yu verdi, onu hala ben de bilemiyorum. O \u00e7o\u011fulcu toplum i\u00e7erisinde belki K\u00fcrt politikas\u0131na kar\u015f\u0131 olan birtak\u0131m \u00e7evrelerin etkisiyle oldu bu!..&quot;.  <\/p>\n<p> Bu s\u00f6zler asla &#8216;&#39;ger\u00e7ekleri&#39;&#39; ifade etmiyor!..\u00a0 Zira, Apo&#39;nun T\u00fcrkiye&#39;ye tesliminden bir g\u00fcn \u00f6nce 15 \u015eubat 1999 Pazartesi g\u00fcn\u00fc Orgeneral Lloyd Newton ba\u015fkanl\u0131\u011f\u0131nda kalabal\u0131k bir Pentagon heyeti Ankara&#39;ya geldi!..\u00a0 Newton&#39;un ziyaretinden hemen bir g\u00fcn sonra 16 \u015eubat Sal\u0131 g\u00fcn\u00fc, sabaha kar\u015f\u0131 03.00&#39;te Abdullah \u00d6calan T\u00fcrkiye&#39;ye getirildi!..\u00a0 Ancak Apo&#39;nun &#8216;&#39;Afrika&#39;&#39;da m\u0131, yoksa &#8216;&#39;\u0130srail&#39;&#39;de mi teslim edildi\u011fi halen tart\u0131\u015fmal\u0131!..\u00a0 Apo, T\u00fcrkiye&#39;de bas\u0131n mensuplar\u0131 ile ilk kar\u015f\u0131la\u015fmas\u0131nda aynen \u015f\u00f6yle diyordu:.  <\/p>\n<p> &quot;Ben, bana verilen rol\u00fc oynad\u0131m!..&quot;. Apo&#39;nun as\u0131lmayaca\u011f\u0131 \u015fart\u0131n\u0131 da AB de\u011fil, ancak onu T\u00fcrkiye&#39;ye teslim edenler, yani ABD-\u0130srail ikilisi koyabilir!..  <\/p>\n<p> Apo&#39;nun teslimat\u0131ndan \u00fc\u00e7 g\u00fcn sonra Ecevit, Milliyet gazetesine \u015fu a\u00e7\u0131klamay\u0131 yap\u0131yordu:.  <\/p>\n<p> &quot;Apo&#39;&#39;nun T\u00fcrkiye&#39;ye teslim edilmesi, ABD ile olan al\u0131\u015fveri\u015f ili\u015fkimizin bir sonucudur!..&quot;.  <\/p>\n<p> Ecevit, &#8216;&#39;bu al\u0131\u015fveri\u015fte&#39;&#39; Apo&#39;ya kar\u015f\u0131l\u0131k T\u00fcrkiye&#39;nin &#8216;&#39;ne verdi\u011fini&#39;&#39; hala a\u00e7\u0131klamad\u0131!..  <\/p>\n<p> Apo&#39;nun T\u00fcrkiye teslim edilmesinin ard\u0131ndan Ecevit&#39;in s\u00f6yledi\u011fi s\u00f6zler, bu senaryonun ABD-\u0130srail-T\u00fcrkiye \u00fc\u00e7l\u00fcs\u00fc taraf\u0131ndan &#8216;&#39;m\u00fc\u015ftereken&#39;&#39; uyguland\u0131\u011f\u0131n\u0131n kesin kan\u0131t\u0131d\u0131r!.. Amerika, Ecevit&#39;e &quot;Kuzey Irak&#39;&#39;ta \u00e7a\u011fda\u015f bir devlet kuruluyor&quot; s\u00f6zlerini s\u00f6yletmek i\u00e7in Apo&#39;yu T\u00fcrkiye&#39;ye teslim etti!..\u00a0 Apo&#39;nun teslimat\u0131 asl\u0131nda &#8216;&#39;T\u00fcrk milletini aldatmak i\u00e7in&#39;&#39; kullan\u0131lan bir malzemeden ibarettir!.. Zira, K\u00fcrt devleti zaten kabul edilmi\u015fti!.. Orgeneral E\u015fref Bitlis de, U\u011fur Mumcu da &#8216;&#39;bu ihanete kar\u015f\u0131 \u00e7\u0131kt\u0131klar\u0131 i\u00e7in&#39;&#39; \u00f6ld\u00fcr\u00fcld\u00fcler!..  <\/p>\n<p> 1993 y\u0131l\u0131n\u0131n ilk aylar\u0131nda NATO Ba\u015fkomutan\u0131\/ABD Genelkurmay ba\u015fkan\u0131 orgeneral John Shalikashvili&#39;ye \u0130ncirlik \u00fcss\u00fcnde verilen gizli brifingde, Amerika subay \u015f\u00f6yle demi\u015fti: <\/p>\n<p> &quot;PKK&#39;&#39;n\u0131n g\u00f6revi K\u00fcrt devletinin kurulu\u015f s\u00fcreci boyunca T\u00fcrkiye&#39;yi angaje tutmakt\u0131r!..&quot;.  <\/p>\n<p> Apo&#39;ya bu g\u00f6revi verenler, yani ABD-\u0130srail ikilisi, elbette ki &#8216;&#39;as\u0131lmas\u0131na&#39;&#39; izin vermezler!..  <\/p>\n<p> Apo&#39;nun as\u0131lmayaca\u011f\u0131 \u015fart\u0131n\u0131 da AB de\u011fil, ancak onu T\u00fcrkiye&#39;ye teslim edenler, yani ABD-\u0130srail ikilisi koyabilir!..  <\/p>\n<p> Ecevit, \u00f6nce Apo&#39;nun &#8216;&#39;idam dosyas\u0131n\u0131&#39;&#39; Ba\u015fbakanl\u0131k&#39;ta bekletti, ard\u0131ndan da TCK&#39;dan &#8216;&#39;idam cezas\u0131n\u0131&#39;&#39; kald\u0131rarak, onu &#8216;&#39;yasal g\u00fcvenceye&#39;&#39; kavu\u015fturdu!.. Devlet Bah\u00e7eli ve Mesut Y\u0131lmaz da &#8216;&#39;bile bile&#39;&#39; bu vebale ortak oldu!..  <\/p>\n<p> <strong>Beka kurumlar\u0131m\u0131zda gizlice kadrola\u015fan &#8216;&#39;sebatayc\u0131lar&#39;&#39; ile &#8216;&#39;masonlar&#39;&#39; derhal tasfiye edilmezse, T\u00fcrkiye&#39;nin sonunun da Irak&#39;taki gibi &#8216;&#39;b\u00f6l\u00fcnme&#39;&#39; olaca\u011f\u0131 a\u015fikard\u0131r!..<a name=\"_ftnref1\" href=\"#_ftn1\" title=\"_ftnref1\"><strong>[1]<\/strong><\/a><\/strong>  <\/p>\n<p> <strong>Bu arada: \u0130ran&#39;n\u0131n n\u00fckleer \u00e7al\u0131\u015fmalar\u0131ndan son derece huzursuz olan ve her defas\u0131nda yeni ve tutars\u0131z iddialarda bulunan ABD, \u015fimdi de \u0130ran&#39;\u0131n \u00fclkedeki PKK&#39;l\u0131 K\u00fcrtlere kar\u015f\u0131 harekete ge\u00e7mesini,\u00a0 insan haklar\u0131 ihlali say\u0131yor.<\/strong> <\/p>\n<p> ABD&#39;nin, \u0130ran h\u00fck\u00fcmetinin son zamanlarda \u00fclkede ya\u015fayan PKK&#39;l\u0131 K\u00fcrt az\u0131nl\u0131\u011fa kar\u015f\u0131 sert tedbirlere ba\u015fvurdu\u011funa ili\u015fkin haberlerden kayg\u0131 duydu\u011fu bildiriliyor.  <\/p>\n<p> D\u0131\u015fi\u015fleri Bakanl\u0131\u011f\u0131 bas\u0131ndan gelen bir soruya kar\u015f\u0131l\u0131k olarak, &#39;&#39;Az\u0131nl\u0131k K\u00fcrt gruplar\u0131n\u0131n sahip olduklar\u0131 haklar\u0131n inkar edilmesi, \u0130ran rejiminin korkun\u00e7 insan haklar\u0131 ve demokrasi sicilinin bir g\u00f6r\u00fcn\u00fc\u015f\u00fcd\u00fcr. \u0130ran makamlar\u0131n\u0131 itidalli davranmaya ve \u0130ran halk\u0131n\u0131n kendi demokratik haklar\u0131n\u0131 bar\u0131\u015f\u00e7\u0131 bir \u015fekilde kullanmas\u0131na sayg\u0131 g\u00f6stermeye \u00e7a\u011f\u0131r\u0131yoruz&#39;&#39; ifadesi kullan\u0131l\u0131yor. <\/p>\n<p> <strong>\u0130ngiltere de korkuyor<\/strong> <\/p>\n<p> \u00d6te yandan, \u0130ngiltere, \u0130ran&#39;\u0131n \u0130sfahan kentindeki n\u00fckleer santralde n\u00fckleer faaliyetlerine yeniden ba\u015flamas\u0131ndan derin endi\u015fe duydu\u011funu a\u00e7\u0131kl\u0131yor. <\/p>\n<p> D\u0131\u015fi\u015fleri Bakan\u0131 Yard\u0131mc\u0131s\u0131 Ian Pearson, yapt\u0131\u011f\u0131 a\u00e7\u0131klamada, &quot;\u0130ran&#39;\u0131n ekonomik ayr\u0131cal\u0131klar kar\u015f\u0131l\u0131\u011f\u0131nda n\u00fckleer faaliyetlerini s\u0131n\u0131rlamas\u0131na y\u00f6nelik AB&#39;nin \u00f6nerilerini reddetmesini&quot; \u00fcz\u00fcnt\u00fcyle kar\u015f\u0131lad\u0131klar\u0131n\u0131 bildiriyor. <\/p>\n<p> \u0130ran&#39;\u0131n karar\u0131n\u0131n zarar verici oldu\u011funu belirten Pearson, \u0130ran konusunda gelecek ad\u0131mlar\u0131n neler olaca\u011f\u0131n\u0131, Uluslararas\u0131 Atom Enerjisi Kurumu (UAEK) Y\u00f6netim Kurulu&#39;nun yar\u0131n yapaca\u011f\u0131 toplant\u0131da g\u00f6r\u00fc\u015f\u00fclece\u011fini s\u00f6yl\u00fcyor. Pearson;\u00a0 &#39;&#39;\u0130ran&#39;dan \u00f6nerilerimizi dikkatlice incelemesini istedik. 31 A\u011fustos&#39;ta \u00fcst d\u00fczey yetkililer ve Eyl\u00fcl&#39;de de bakanlar d\u00fczeyinde toplant\u0131lar yap\u0131lmas\u0131n\u0131 \u00f6nerdik. \u0130ran&#39;\u0131n bunlar\u0131 tart\u0131\u015fmadan reddetmesi zarar vericidir diyor.&#39;&#39; <\/p>\n<p> \u00a0\u00a0 Kuzey Irak&#39;ta PKK&#39;y\u0131 bar\u0131nd\u0131ran ve \u0130ran&#39;\u0131n PKK&#39;ya m\u00fcdahalesine kar\u015f\u0131 \u00e7\u0131kan ABD&#39;ye, hala g\u00fcvenenlerin bu tav\u0131rlar\u0131 gaflet olmaktan \u00e7\u0131k\u0131yor. <\/p>\n<p> \u00a0\u00a0 <strong>\u0130ran konusunda ne yapmal\u0131?<\/strong> <\/p>\n<p> <strong>\u00a0\u00a0 <\/strong>Daha \u00f6nce \u0130ran&#39;\u0131n n\u00fckleer giri\u015fimlerinden bahsetmi\u015f ve bu konuyu Amerika&#39;n\u0131n yak\u0131n takibe ald\u0131\u011f\u0131n\u0131 belirtmi\u015ftik. ABD&#39;nin n\u00fckleer silah \u00fcretmesini engellemek i\u00e7in bir y\u0131l i\u00e7erisinde \u0130ran&#39;a sald\u0131rmas\u0131n\u0131n muhtemel oldu\u011funu s\u00f6ylemi\u015ftik. <\/p>\n<p> \u00a0\u00a0 \u00d6yle anla\u015f\u0131l\u0131yor ki, \u0130ran, daha \u00f6nce Irak&#39;\u0131n n\u00fckleer silah yapma denemesinden dersler \u00e7\u0131karm\u0131\u015f. Tesislerini askeri birliklerin bulundu\u011fu alanlar\u0131n altlar\u0131na in\u015fa etmekteymi\u015f. Dolay\u0131s\u0131yla Atom Enerjisi Kurumu \u0130ran&#39;a denetlemeye gitti\u011fi zaman bu tesisleri g\u00f6remiyor; zira sadece sivil alanlar\u0131 denetleme yetkisine sahip ve askeri b\u00f6lgelere giremiyor. Ayr\u0131ca ayn\u0131 i\u015fi yapan birden fazla tesis kurmu\u015f. Bunlardan biri vurularak devre d\u0131\u015f\u0131 b\u0131rak\u0131l\u0131rsa, \u00f6tekiler n\u00fckleer faaliyetini s\u00fcrd\u00fcrebilecek.  <\/p>\n<p> \u00a0\u00a0 \u0130ran&#39;\u0131n kendi g\u00fcvenli\u011fi a\u00e7\u0131s\u0131ndan n\u00fckleer silah yapmakta \u0131srarc\u0131 olaca\u011f\u0131; buna kar\u015f\u0131l\u0131k Amerika&#39;n\u0131n da bunu durdurmak i\u00e7in bir hava harek\u00e2t\u0131na giri\u015fece\u011fi ihtimali olduk\u00e7a y\u00fcksek. Bu vaziyette ne yapmak laz\u0131md\u0131r? Amerika&#39;n\u0131n yapaca\u011f\u0131 hava harek\u00e2t\u0131na fiili destek vermek T\u00fcrkiye a\u00e7\u0131s\u0131ndan tamamen yanl\u0131\u015f olur; zira Irak&#39;ta T\u00fcrkiye&#39;nin hak ve menfaatlerini g\u00f6z ard\u0131 ederek, iki K\u00fcrt a\u015firetini T\u00fcrkiye&#39;ye tercih eden, bu arada \u0130ran sald\u0131r\u0131s\u0131ndan sonra T\u00fcrkiye&#39;ye ne yapaca\u011f\u0131 konusunda ciddi soru i\u015faretleri beliren Amerika&#39;ya a\u00e7\u0131k destek ve yard\u0131mda bulunmak \u00fclkemizin ve b\u00f6lgemizin \u00e7\u0131karlar\u0131na ayk\u0131r\u0131d\u0131r. <\/p>\n<p> \u0130ran operasyonunda \u00fcslerimizi Amerikan u\u00e7aklar\u0131na kesinlikle kulland\u0131rtmamal\u0131y\u0131z. Ayr\u0131ca Amerikan f\u00fczelerinin bizim hava sahalar\u0131m\u0131z\u0131 kullanarak \u0130ran&#39;\u0131 vurmas\u0131na da f\u0131rsat tan\u0131mamal\u0131y\u0131z. Hatta bunlarla yetinmemek ve Amerika&#39;n\u0131n siyaseten yan\u0131nda g\u00f6r\u00fcnmemek durumunday\u0131z. T\u00fcrkiye&#39;nin b\u00f6yle bir operasyona destek vermemesi ve politik anlamda da kar\u015f\u0131 gelmesi; Ortado\u011fu&#39;daki \u00fclkeler \u00fczerinde olumlu tesirler yaratacak ve Amerika&#39;n\u0131 giri\u015fimlerini zora sokacakt\u0131r. Amerika her \u015feye ra\u011fmen yine de harekete ge\u00e7ebilir. Ancak ba\u015far\u0131 \u015fans\u0131 zay\u0131flayacak ve yaln\u0131z kalacakt\u0131r. <\/p>\n<p> \u00a0\u00a0 T\u00fcrkiye&#39;nin b\u00f6yle bir tav\u0131r sergileyebilmesi i\u00e7in \u0130ran&#39;\u0131n da baz\u0131 jestler yapmas\u0131 gerekir ve bunlara hemen ba\u015flamas\u0131nda fayda vard\u0131r. \u00d6rne\u011fin son y\u0131llarda \u0130ran PKK&#39;ya topraklar\u0131n\u0131 a\u00e7ma konusunda daha dikkatli davranmaktad\u0131r ki, bu sevindiricidir. Tahran y\u00f6netiminin ter\u00f6r \u00f6rg\u00fct\u00fcyle m\u00fccadele konusunda T\u00fcrkiye&#39;ye tam destek vermesi ve Ankara&#39;y\u0131 tatmin etmesi en tabii beklentidir. <\/p>\n<p> \u00a0\u00a0 Buna ilaveten Tahran&#39;\u0131n, K\u0131br\u0131s politikas\u0131n\u0131 tekrar g\u00f6zden ge\u00e7irmesi laz\u0131md\u0131r. Bug\u00fcne kadar Rum-Yunan tezlerine destek vermi\u015f bulunan Tahran&#39;\u0131n art\u0131k KKTC&#39;yi de tan\u0131mak da dahil, yeni bir politika belirlemesi gerekir. Ge\u00e7en y\u0131llarda T\u00fcrkiye&#39;ye \u0130ran&#39;dan epeyce turist geldi\u011fi anla\u015f\u0131l\u0131yor. \u0130ran KKTC&#39;ye uygulanan ambargoyu kald\u0131rd\u0131\u011f\u0131n\u0131 ilan ederek, hava yollar\u0131n\u0131 haftada en az bir kere KKTC&#39;ye u\u00e7mas\u0131n\u0131 temin edebilir ve \u0130ran&#39;l\u0131 turistler oraya da gidebilir. Ayr\u0131ca \u0130ran y\u00f6netimi, KKTC&#39;yi tan\u0131maya haz\u0131r oldu\u011funu ve KKTC&#39;nin tan\u0131nmas\u0131 giri\u015fimlerini \u0130K\u00d6&#39;de de s\u00fcrd\u00fcrece\u011fini s\u00f6yler ve gere\u011fini yaparsa, o zaman T\u00fcrk halk\u0131n\u0131n g\u00f6nl\u00fcn\u00fc kazan\u0131r ve AKP h\u00fck\u00fcmeti istese de Amerikan operasyonuna destek veremez. <\/p>\n<p> \u00a0\u00a0 Bu sayede iki \u00fclke aras\u0131ndaki ili\u015fkiler derinle\u015fir ve zaman i\u00e7erisinde kapsaml\u0131 hale gelir. Tahran y\u00f6netimi bu f\u0131rsat\u0131 ka\u00e7\u0131rmamal\u0131 ve AKP h\u00fck\u00fcmetinin KKTC konusunda kendisinden talepte bulunmas\u0131n\u0131 beklememeli. \u00c7\u00fcnk\u00fc AKP b\u00f6yle bir talepte bulunmaz ve Amerika ile i\u015fbirli\u011fine en yatk\u0131n h\u00fck\u00fcmet AKP&#39;dir. \u0130ran, KKTC konusunda ataca\u011f\u0131 ad\u0131mlarla, bu h\u00fck\u00fcmetin Amerika&#39;n\u0131n yan\u0131nda yer almas\u0131n\u0131 \u00f6nleyebilir.<a name=\"_ftnref2\" href=\"#_ftn2\" title=\"_ftnref2\">[2]<\/a>  <\/p>\n<p> <strong>Yeni Lawrens mi? :<\/strong> 1925 y\u0131l\u0131nda, Sabataist masonlar\u0131n g\u00fcd\u00fcm\u00fcnde bulunan Matbuat Umum M\u00fcd\u00fcrl\u00fc\u011f\u00fcn\u00fcn \u00e7\u0131kard\u0131\u011f\u0131 Ay\u0131nTarihi Dergisi, Yahudi as\u0131ll\u0131 \u0130ngiliz ajan\u0131 Albay Lavrens&#39;i \u015f\u00f6yle \u00f6v\u00fcyordu: <\/p>\n<p> &quot; Albay Lavrens, k\u00fc\u00e7\u00fck yap\u0131l\u0131, sar\u0131\u015f\u0131n, mavi g\u00f6zl\u00fc gen\u00e7 bir adamd\u0131r. Oxford \u00dcniversitesi mezunu ve eski eserlerle me\u015fgul, \u015fiirden de ho\u015flanan bir ilim adam\u0131 oldu\u011fu halde, cihan harbinde, Arabistan&#39;da son derece cesaretiyle ba\u015fard\u0131\u011f\u0131 b\u00fcy\u00fck i\u015fler, hen\u00fcz cihanda me\u00e7huld\u00fcr. Lavrens pek m\u00fctevaz\u0131 ve zerre kadar \u015f\u00f6hret d\u00fc\u015fk\u00fcn\u00fc olmaks\u0131z\u0131n, Arabistan&#39;\u0131n birbirleriyle ge\u00e7inemeyen kabilelerini T\u00fcrklere kar\u015f\u0131 pek tesirli askeri hareketlerde bulunmak \u00fczere birle\u015ftirmeye muvaffak olmu\u015ftur. Daha evvel bir\u00e7ok Arap Sultan\u0131 ve Halifeleri bile bu i\u015fi ba\u015farmaya muvaffak olamam\u0131\u015f olduklar\u0131 halde, Lavrens, Mekke Emiri&#39;nin bedevi ordusunun ba\u015f\u0131na ge\u00e7ti. Ve t\u0131pk\u0131 Mare\u015fal Allenby&#39;nin Filistin&#39;deki H\u0131ristiyanlarla Yahudileri kurtard\u0131\u011f\u0131 gibi, o da milyonlarca M\u00fcsl\u00fcman\u0131n ya\u015fad\u0131\u011f\u0131 Arabistan ile Arz\u0131 Mukaddesi T\u00fcrklerden kurtard\u0131.&quot; <\/p>\n<p> \u0130\u015fte s\u00f6zde T\u00fcrkiye Bas\u0131n Yay\u0131n Genel M\u00fcd\u00fcrl\u00fc\u011f\u00fc T\u00fcrkleri Arabistan ve Filistin&#39;den \u00e7\u0131karan Yahudi \u0130ngiliz ajan\u0131n\u0131 b\u00f6ylesine alk\u0131\u015flamaktad\u0131r. <\/p>\n<p> O Lavrens ki, \u0130slam karde\u015fli\u011fini dinamitlemi\u015f, y\u00fczlerce T\u00fcrk askerinin \u015fehit edilmesine sebep olmu\u015f; hatta Filistin ve Suriye bile onun y\u00fcz\u00fcnden elimizden \u00e7\u0131km\u0131\u015ft\u0131r.<a name=\"_ftnref3\" href=\"#_ftn3\" title=\"_ftnref3\">[3]<\/a>  <\/p>\n<h1><span style=\"font-size: 8pt\">\u015eimdide marazl\u0131 m\u00fctareke medyas\u0131 Recep T.Erdo\u011fan&#39;\u0131 nerdeyse:<\/span><\/h1>\n<p> <strong><span style=\"font-size: 8pt\">&quot; Diyarbak\u0131r&#39;\u0131 ve G\u00fcney Do\u011fuyu T\u00fcrklerden kurtaran kahraman&quot; diye \u00f6vmektedir.<\/span><\/strong> <\/p>\n<p> \u00a0\u00a0 \u00a0<strong>4 bin \u00f6zel korumayla yapabildi\u011fi Diyarbak\u0131r ziyareti, herkesi d\u00fc\u015f\u00fcnd\u00fcrmelidir!<\/strong> <\/p>\n<p> <strong>\u00a0\u00a0 <\/strong>Ba\u015fbakan Recep Tayip Erdo\u011fan&#39;\u0131 Diyarbak\u0131r gezisinde 4 bin ki\u015filik \u00f6zel hareket timinin korumas\u0131, \u00fclke g\u00fcvenli\u011fi i\u00e7in bir tehlike i\u015faretidir. Yurt gezisine \u00e7\u0131kan Ba\u015fbakan i\u00e7in gerekli olan ola\u011fan\u00fcst\u00fc g\u00fcvenlik tedbirleri, ayn\u0131 zamanda \u00fclkenin i\u00e7inde bulundu\u011fu g\u00fcvenlik bunal\u0131m\u0131n\u0131n g\u00f6stergesidir. \u0130ktidarlara d\u00fc\u015fen g\u00f6rev: \u00fclkeyi g\u00fcvenli hale getirmek, \u00fclkenin bir ucundan di\u011ferine 4 bin koruma gerektirmeyecek \u015fartlar\u0131 olu\u015fturmak de\u011fil midir? <\/p>\n<p> \u00a0\u00a0 \u0130\u015fbirlik\u00e7ilik psikolojisinden kurtulman\u0131n tek yolu, talepkar ve c\u00fcretk\u00e2r bir politika izleyip milleti canl\u0131 tutmaktan ge\u00e7mektedir. <\/p>\n<p> \u00a0\u00a0 <strong>Kaybetmemeye \u00e7al\u0131\u015fmak yerine, kazanmaya gayret etmek laz\u0131md\u0131r.<\/strong> <\/p>\n<p> <strong>\u00a0\u00a0 <\/strong>Sadece elimizdekini muhafaza etmeye \u00e7al\u0131\u015farak, toplumu canl\u0131 tutamay\u0131z. Kar\u015f\u0131 taraf, nas\u0131l, her f\u0131rsatta Bizans ve Pontus&#39;tan, B\u00fcy\u00fck Ermenistan&#39;dan ve K\u00fcrdistan&#39;dan bahsediyorsa; Biz de Ege Adalar\u0131ndan, Kerk\u00fck ve Musul&#39;dan bahsetmeliyiz. <\/p>\n<p> \u00a0\u00a0 <strong>B\u00f6ylece bu topraklarda g\u00f6z\u00fc olanlar, kendi topraklar\u0131nda da g\u00f6z g\u00f6rm\u00fc\u015f olacaklard\u0131r.<\/strong> <\/p>\n<p> \u00a0\u00a0 Baz\u0131lar\u0131, &quot;Trabzon&#39;u Rum, Van&#39;\u0131 Ermeni, \u0130stanbul&#39;u Bizans \u015fehri yapmaya kimin g\u00fcc\u00fc yetebilir? Bu, hayalden ba\u015fka bir \u015fey de\u011fildir&quot; diye d\u00fc\u015f\u00fcn\u00fcyorsa aldan\u0131yor. <\/p>\n<p> \u00a0\u00a0 Y\u00fcz y\u0131l \u00f6nce de, &quot;Selanik&#39;i Yunan, Filibe&#39;yi Bulgar, \u00dcsk\u00fcp&#39;\u00fc Makedon \u015fehri yapmaya kimin g\u00fcc\u00fc yetebilir&quot; diye d\u00fc\u015f\u00fcn\u00fcyorduk. Ama oldu. \u00dcstelik, o zamanlar, Selanik ve \u00dcsk\u00fcp&#39;teki M\u00fcsl\u00fcman say\u0131s\u0131, Trabzon ya da Van&#39;daki M\u00fcsl\u00fcman say\u0131s\u0131ndan daha fazlayd\u0131. Buna ra\u011fmen oldu.  <\/p>\n<p> \u00a0\u00a0 <strong>\u0130\u015fte K\u0131br\u0131s g\u00f6z g\u00f6re g\u00f6re gidiyor. AKP deklarasyonla milleti aldat\u0131yor.<\/strong> <\/p>\n<p> \u00a0\u00a0 Nasreddin Hoca merhum, \u00e7ar\u015f\u0131dan bir ci\u011fer alm\u0131\u015f. Pi\u015firip yemek i\u00e7in. \u00c7i\u011ferci hocaya ci\u011feri daha iyi pi\u015firmesi i\u00e7in bir yemek tarifi yazm\u0131\u015f. Hoca ci\u011feri bir an \u00f6nce yemek hevesiyle evin yolunu tutmu\u015f. Ama gel g\u00f6r ki, bir \u00e7aylak hoca efendinin gafletinden yararlanarak \u00e7i\u011feri kapt\u0131\u011f\u0131 gibi ka\u00e7\u0131rm\u0131\u015f. Ne yapaca\u011f\u0131n\u0131 \u015fa\u015f\u0131ran hoca, pusulay\u0131 havada sallayarak \u00e7ayla\u011fa seslenmi\u015f: <\/p>\n<p> &quot;Bo\u015funa heveslenme, ci\u011feri a\u011f\u0131z tad\u0131yla yiyemeyeceksin. \u00c7\u00fcnk\u00fc pusulas\u0131 bende kald\u0131&quot; demi\u015f. <\/p>\n<p> G\u00fcleriz a\u011flanacak halimize. K\u0131br\u0131s davas\u0131nda tecr\u00fcbesiz politikac\u0131lar y\u00fcz\u00fcnden T\u00fcrkiye&#39;nin i\u00e7erisinde bulundu\u011fu durum, Nasreddin Hoca&#39;n\u0131nkinden farks\u0131z. <\/p>\n<p> Say\u0131n G\u00fcl ve Tayyip Bey biz G\u00fcmr\u00fck Birli\u011fi anla\u015fmas\u0131na G\u00fcney K\u0131br\u0131s Rum Cumhuriyeti&#39;ni de dahil ettik amma, bize g\u00f6re bu bir tan\u0131ma say\u0131lmaz. \u00c7\u00fcnk\u00fc bizim elimizde bir deklarasyon var diyerek kendilerini teselli ediyorlar. <\/p>\n<p> \u00a0Kar\u015f\u0131n\u0131zda bulunanlar\u0131n nas\u0131l bir ha\u00e7l\u0131 taassubuyla hareket etti\u011fini demek ki bilmiyorlar. Yahu ni\u00e7in hat\u0131rlam\u0131yorsunuz? Londra-Z\u00fcrih Anla\u015fmalar\u0131n\u0131n kesin h\u00fck\u00fcmlerine ra\u011fmen, bu anla\u015fmalar\u0131 h\u00fck\u00fcms\u00fcz sayarak G\u00fcney K\u0131br\u0131s&#39;\u0131 metazori, AB&#39;ye, Ada&#39;n\u0131n t\u00fcm\u00fcn\u00fc temsilen almaya karar verenler bunlar de\u011fil mi? Diyelim ki toplumsal ve resm\u00ee haf\u0131zam\u0131z bu kadar uzun vadeli d\u00fc\u015f\u00fcnme kapasitesinden mahrum. Ama Kuzey K\u0131br\u0131s Annan Plan\u0131&#39;na evet oyu verdi\u011fi halde ni\u00e7in h\u00e2l\u00e2 izolasyonlar kald\u0131r\u0131lmad\u0131? B\u00f6ylesine normal diplomatik kurallar\u0131 zorbaca ci\u011fneyenlerin insaf\u0131na, K\u0131br\u0131s&#39;\u0131n ve T\u00fcrkiyemizin mill\u00ee haklar\u0131 ve menfaatleri emanet edilebilir mi? Bunlara g\u00fcvenerek T\u00fcrkiye&#39;nin egemenli\u011fi ve y\u00f6netimi, b\u00f6ylelerine teslim olunabilir mi? <\/p>\n<p> Ger\u00e7ekler bu merkezde iken, bir de baz\u0131 AKP y\u00f6neticileri, kalk\u0131p, TBMM&#39;yi ola\u011fan\u00fcst\u00fc toplant\u0131ya \u00e7a\u011f\u0131rarak, kar\u015f\u0131m\u0131zdakilerin suiniyetini hesaba katmayarak, G\u00fcney K\u0131br\u0131s ile ilgili tan\u0131ma i\u015flemini Meclis&#39;ten ge\u00e7ireceklermi\u015f. Yanl\u0131\u015f \u00fcst\u00fcne yanl\u0131\u015ft\u0131r, bile bile ladestir bu&#8230;  <\/p>\n<p> <strong>AKP iktidars\u0131z\u0131, &quot;Ayd\u0131n&quot; yaftal\u0131 PKK temsilcileri ve kiral\u0131k bas\u0131n kalem\u015f\u00f6rleriyle bar\u0131\u015f g\u00f6r\u00fc\u015fmeleri yap\u0131yor!?.<\/strong> <\/p>\n<p> Tunceli&#39;de ka\u00e7\u0131r\u0131lan askeri b\u0131raks\u0131nlar diye, PKK yanda\u015flar\u0131ndan bir heyet olu\u015fturuldu\u011funu ve bu heyetin gidip askeri ald\u0131\u011f\u0131n\u0131 biliyor musunuz? Hem de Tunceli&#39;ye sadece 15 kilometre uzakl\u0131ktaki bir yayladan! Devlet bu duruma d\u00fc\u015ft\u00fc. Bir \u00fclke onurunu yitirirse, el kap\u0131lar\u0131nda b\u00f6yle a\u011fla\u015f\u0131p yalvar yakar olursa, sonu\u00e7 i\u015fte budur. O zaman k\u00fc\u00e7\u00fcc\u00fck K\u0131br\u0131s Rum Kesimi bile sana a\u00e7\u0131ktan posta koyar, Fransa gibi \u00fclkeler Rumlar\u0131 resmen tan\u0131man\u0131 ister ve Ba\u015fbakan &#8216;\u00c7ok \u00fcz\u00fcld\u00fcm&#39; demekle yetinir! Ya da Kuzey Irak&#39;\u0131n d\u00f6rt bir yan\u0131na PKK bayraklar\u0131 \u00e7ekilirken, orada ba\u011f\u0131ms\u0131z K\u00fcrdistan devleti kurulmak \u00fczere iken; senin D\u0131\u015fi\u015fleri Bakan\u0131&#39;n &#8216;Geli\u015fmeleri \u00e7ok yak\u0131ndan izliyoruz&#39; gibi \u00e7aresizli\u011fini kan\u0131tlayan inciler sa\u00e7mak zorunda kal\u0131r! T\u00fcrkiye sars\u0131l\u0131rken, b\u00fct\u00fcn bunlar olurken ta\u015f\u0131n alt\u0131na kim elini sokacak? Bilinmiyor! Peki y\u00f6netim kadrosu nerede? D\u0131\u015fi\u015fleri Bakan\u0131 \u0130stanbul&#39;da Suudi \u015feyhi Yamani&#39;nin k\u0131z\u0131n\u0131n dillere destan d\u00fc\u011f\u00fcn\u00fcnde! Ba\u015fbakan Antalya&#39;dan sonra bu kez Ekinlik Adas\u0131 tatilinde! \u0130yi e\u011flenceler beyler!.. \u0130yi tatiller!..<a name=\"_ftnref4\" href=\"#_ftn4\" title=\"_ftnref4\">[4]<\/a>  <\/p>\n<p> Bir-iki g\u00fcn \u00f6nce, \u015fehitlerimizin cenaze t\u00f6reninde T\u00fcrk Silahl\u0131 Kuvvetlerimiz tam kadro komuta kademesi haz\u0131r bulundu, Ba\u015fbakan Erdo\u011fan da ayn\u0131 s\u0131ralarda &#8216;Bey baba&#39; isimli bal\u0131k\u00e7\u0131 teknesiyle bal\u0131k tutmaya gitmi\u015fti, yan\u0131nda da Ramsey&#39;in sahibi Remzi G\u00fcr, Atasay Kuyumculuk&#39;un sahibi \u00e7ooook yak\u0131n dostu Cihan Kamer vard\u0131. Bitmedi, \u015fehit cenazeleri kalk\u0131yor iken, yine ayn\u0131 anda, Erdo\u011fan&#39;\u0131n adeta dili ve kula\u011f\u0131 olan Egemen BA\u011eI\u015e ile dan\u0131\u015fman vekili \u00d6mer \u00c7EL\u0130K de, Bodrum&#39;da g\u00f6rkemli mekanlarda, TGRT&#39;yi almak isteyen 50 y\u0131ld\u0131r ABD&#39;de ya\u015fayan BAY Ahmet Erteg\u00fcn&#39;le (Erteg\u00fcn&#39;\u00fcn TGRT&#39;yi Amerikan Musevi Dernekleri Ba\u015fkan\u0131 Estee Lauder ile beraber almak istedi\u011fi iddia ediliyor) s\u0131cak dost sohbeti yap\u0131yorlard\u0131. Yurdumun uzaklardaki garip bir k\u00f6\u015fesinde ise \u015fehit \u00e7avu\u015fun babas\u0131, komutanlara ba\u011f\u0131r\u0131yordu; &#8216;Komutan\u0131m bir o\u011flum daha var onu da al g\u00f6nderiyorum bu vatana feda olsun, peki ama ya h\u00fck\u00fcmetimin ba\u015f\u0131 neredee?&#39;<a name=\"_ftnref5\" href=\"#_ftn5\" title=\"_ftnref5\">[5]<\/a>  <\/p>\n<p> \u00a0\u00a0 <strong>TGRT, Siyonist Musevi i\u015fadam\u0131na sat\u0131l\u0131yor!<\/strong> <\/p>\n<p> <strong>\u00a0\u00a0 <\/strong>\u0130hlas Holding&#39;in sahibi Enver \u00d6ren, TGRT&#39;yi Macar k\u00f6kenli Musevi bir aileye sat\u0131yor. Televizyonu alacak olan Ronald Lauder, ayn\u0131 zamanda Amerikan Musevi Dernekleri ba\u015fkanl\u0131\u011f\u0131&#39;n\u0131 da yap\u0131yor. Asl\u0131nda T\u00fcrkiye&#39;de yabanc\u0131ya y\u00fczde 25 s\u0131n\u0131r\u0131 var. Fakat Musevi i\u015fadam\u0131 Lauder&#39;in Atlantic Records&#39;un patronu Ahmet Erteg\u00fcn&#39;\u00fcn arac\u0131l\u0131\u011f\u0131yla TGRT&#39;yi alaca\u011f\u0131 konu\u015fuluyor. Bu arada, TGRT&#39;nin nas\u0131l kuruldu\u011funu T\u00fcrkiye&#39;de bilmeyen yok. T\u00fcrkiye&#39;nin en b\u00fcy\u00fck 5 \u00f6zel televizyonlar\u0131ndan biri olan bu televizyonun Musevi bir aileye sat\u0131lmas\u0131 da \u00f6n\u00fcm\u00fczdeki g\u00fcnlerde \u00e7ok tart\u0131\u015f\u0131lacak gibi duruyor. Evet, T\u00fcrkiye ekonomisi tasfiye ediliyor. <\/p>\n<p> <strong>\u00d6te yandan PKK&#39;n\u0131n as\u0131l patronu olan<\/strong> \u0130srail ile pazarl\u0131klar s\u00fcr\u00fcyor!.. <\/p>\n<p> Enerji Bakan\u0131 Hilmi G\u00fcler sessiz sedas\u0131z \u0130srail&#39;e gidiyor, g\u00fcya b\u00f6lgesel projeler konu\u015fuluyor!.. Bug\u00fcn, AKP h\u00fck\u00fcmetinin \u0130srail ile ili\u015fkilerinin geldi\u011fi d\u00fczeye d\u0131\u015far\u0131dan bakan biri, ge\u00e7en y\u0131l bu zamanlar iki \u00fclke yetkililerinin birbirlerini g\u00f6rmeye tahamm\u00fcllerinin kalmad\u0131\u011f\u0131na inanam\u0131yor. Bunun en son \u00f6rne\u011fini ge\u00e7ti\u011fimiz hafta sonu ya\u015fad\u0131k. Enerji Bakan\u0131 Hilmi G\u00fcler 6 A\u011fustos Cumartesi gecesi THY&#39;nin tarifeli seferiyle \u0130srail&#39;e u\u00e7tu. Beraberinde Enerji ve D\u0131\u015fi\u015fleri bakanl\u0131klar\u0131ndan \u00fcst d\u00fczey yetkililer de bulunuyordu. Bu ziyaret \u00f6nceden planlanmad\u0131\u011f\u0131 gibi, bakan\u0131n \u00f6zel talimat\u0131yla medyadan da gizli tutulmu\u015ftu. 7 A\u011fustos Pazar sabah\u0131 Kud\u00fcs&#39;te gizli temaslar ba\u015fl\u0131yor ve \u00e7ok yo\u011fun g\u00f6r\u00fc\u015fmeler yap\u0131l\u0131yor&#8230; <\/p>\n<p> Bunlar\u0131n ba\u015f\u0131nda, Samsun ve Ceyhan aras\u0131nda bir de petrol boru hatt\u0131 in\u015fa edilmesi, Bo\u011faz&#39;lar \u00fczerindeki bask\u0131y\u0131 rahatlatarak (Samsun&#39;da in\u015fa edilecek bir terminalle) Ceyhan&#39;a indirilecek Rus petrol\u00fcn\u00fcn, buradan yine Akdeniz alt\u0131ndan boru hatt\u0131yla \u0130srail&#39;e iletilmesi geliyor. \u0130srail&#39;deki terminal olarak ise, Hayfa yerine \u0130srail sanayi b\u00f6lgesine ve \u0130srail&#39;in bo\u015faltmas\u0131 beklenen Filistin&#39;in Gazze \u015feridine daha yak\u0131n konumdaki A\u015fkelon kenti \u00f6ng\u00f6r\u00fcl\u00fcyor. A\u015fkelon, do\u011falgaz-su projesindeki terminal olark da a\u011f\u0131rl\u0131k kazan\u0131yor. \u0130srailliler, A\u015fkelon ile K\u0131z\u0131ldeniz&#39;in Akabe K\u00f6rfezi&#39;ndeki Eylat liman kenti aras\u0131nda zaten mevcut olan bir petrol boru hatt\u0131n\u0131 tadil ederek, Rus petrol\u00fcn\u00fc (ve do\u011falgaz\u0131n\u0131) K\u0131z\u0131ldeniz&#39;e indirerek, Uzakdo\u011fu pazarlar\u0131n\u0131n kullan\u0131m\u0131 bir alternatif olu\u015fturulabilece\u011fine inan\u0131yor. Bu projeyle \u00f6zellikle Hindistan&#39;dan giri\u015fimcilerin ilgilendi\u011fi ve 200-400 bin tonluk s\u00fcper tankerlerle, istikrars\u0131z Basra K\u00f6rfezi&#39;ne alternatif bir ta\u015f\u0131ma rotas\u0131 kurulabilece\u011fi konu\u015fuluyor.<a name=\"_ftnref6\" href=\"#_ftn6\" title=\"_ftnref6\">[6]<\/a> <strong>\u0130\u015fte PKK&#39;y\u0131 da, Hizbullah&#39;\u0131 da, bu \u0130srail kollay\u0131p kullan\u0131yor&#8230; Barzani&#39;yi de bunlar k\u0131\u015fk\u0131rt\u0131yor. AKP ise \u0130srail&#39;in himayesinde h\u00fck\u00fcmet ediyor&#8230; Bu y\u00fczden, AKP&#39;nin PKK ile ciddi ve cesaretli \u015fekilde m\u00fccadele etmesi bizce imkans\u0131z g\u00f6r\u00fcl\u00fcyor&#8230;<\/strong> <\/p>\n<p> \u0130srail&#39;in bildi\u011fi, bizim bilmedi\u011fimiz! <\/p>\n<p> Bu arada \u0130srail, vatanda\u015flar\u0131ndan &#8216;somut ve ciddi ter\u00f6r tehditleri&#39; nedeniyle T\u00fcrkiye&#39;nin g\u00fcney sahillerine gitmemelerini istiyor&#8230; \u0130srail devletinin b\u00f6yle konularda, \u0130srail Gizli Servisi&#39; nin (MOSSAD) bilgisi d\u0131\u015f\u0131nda hareket etmeyece\u011fi biliniyor&#8230;Unutmay\u0131n ki Londra&#39;daki bombal\u0131 sald\u0131r\u0131lar\u0131 \u00f6nceden \u00f6\u011frenen ve \u0130ngiliz yetkilileri uyaran tek kurum MOSSAD&#39;d\u0131!<a name=\"_ftnref7\" href=\"#_ftn7\" title=\"_ftnref7\">[7]<\/a> <strong>Her ne hikmetse, \u0130srail&#39;in bu a\u00e7\u0131klamalar\u0131n\u0131n ard\u0131ndan, daha sonra MOSSAD ajan\u0131 oldu\u011fu anla\u015f\u0131lan ve El-Kaide etiketi yap\u0131\u015ft\u0131r\u0131lan birileri, g\u00fcya \u0130srail gemilerine sald\u0131r\u0131 haz\u0131rl\u0131\u011f\u0131nda iken, 1 ton patlay\u0131c\u0131 ile birlikte yakalan\u0131yor&#8230; \u00a0Ve hi\u00e7 gere\u011fi yokken Emniyet b\u00fcrokratlar\u0131: &quot;Hi\u00e7bir \u00fclkeden yard\u0131m ve ihbar al\u0131nmadan bu operasyonun ba\u015far\u0131ld\u0131\u011f\u0131n\u0131 a\u00e7\u0131kl\u0131yor!?<\/strong> <\/p>\n<p> \u015earon&#39;un korkusu <\/p>\n<p> Ge\u00e7en haftaki gazete haberlerine g\u00f6re \u0130\u015fgalci \u0130srail&#39;in Ba\u015fkan\u0131 \u015earon, yast\u0131\u011f\u0131n\u0131n alt\u0131na tabancas\u0131n\u0131 koyar, eli tetikte yatarm\u0131\u015f. Yine gazete ve dergilerin haberlerine g\u00f6re d\u00fcnya ticaretini ve ekonomisini Yahudilerin kontrol\u00fc alt\u0131ndaym\u0131\u015f&#8230; <\/p>\n<p> Hava, deniz ve kara ta\u015f\u0131tlar\u0131n\u0131n hepsinin sigortas\u0131 Yahudi \u015firketler taraf\u0131ndan yap\u0131l\u0131r, b\u00fct\u00fcn d\u00fcnyan\u0131n dolarlar\u0131 Yahudi \u015firketlere akarm\u0131\u015f. <\/p>\n<p> D\u00f6\u015fe\u011finizi, yorgan\u0131n\u0131z\u0131, yast\u0131\u011f\u0131n\u0131z\u0131 dolarla doldursan\u0131z; d\u00fcnyan\u0131n en geli\u015fmi\u015f silahlar\u0131na sahip olsan\u0131z: evinizin kap\u0131lar\u0131n\u0131 ve pencerelerini alt\u0131ndan yapt\u0131rsan\u0131z; b\u00f6ylesine korku i\u00e7inizde olduktan sonra ne faydas\u0131 varm\u0131\u015f? <\/p>\n<p> Akrep i\u011fnesiyle dikilmi\u015f y\u0131lan derisinden yorganda yatar gibi olur insan. <\/p>\n<p> Aslan postuna b\u00fcr\u00fcnm\u00fc\u015f bir \u00e7akal, silahlar\u0131n g\u00f6lgesinde ne kadar rahat olabilir ki? <\/p>\n<p> <strong>S\u00fcrekli aldat\u0131lan AKP&#39;lilere Prof. Dr. Necmettin Erbakan&#39;dan a\u011fabeylik nasihati:<\/strong> Kendinize gelin<strong>!<\/strong> <\/p>\n<p> Mill\u00ee G\u00f6r\u00fc\u015f Lideri Prof. Dr. Necmettin Erbakan, &#8216;Hidayeti kararanlar\u0131n ak\u0131beti devaml\u0131 aldat\u0131lmakt\u0131r&#39; diyerek K\u0131br\u0131s konusunda da AKP h\u00fck\u00fcmetinin ve dolay\u0131s\u0131yla Ba\u015fbakan Erdo\u011fan&#39;\u0131n bir defa daha aldat\u0131ld\u0131\u011f\u0131n\u0131 ve bunun ac\u0131s\u0131n\u0131 koskoca bir \u00fclkenin \u00e7ekece\u011fini s\u00f6yledi. Prof. Dr. Necmettin Erbakan s\u00f6zlerine \u015f\u00f6yle devam etti:  <\/p>\n<p> &quot;\u015eimdi bak\u0131n Tayyip Bey ne diyor? &#8216;Fransa Cumhurba\u015fkan\u0131 Jacques Chirac, \u0130ngiltere Ba\u015fbakan\u0131 Blair s\u00f6z\u00fcnde durmad\u0131lar. &#8216;Beni aldatt\u0131lar, zarar\u0131 yok diye, imza att\u0131rd\u0131lar, \u015fimdi de bu imza K\u0131br\u0131s&#39;\u0131 tan\u0131makt\u0131r diyorlar. H\u00e2lbuki \u00f6nceleri &#8216;\u0130mza atsan da bu tan\u0131ma anlam\u0131na gelmez&#39; diye beni kand\u0131rd\u0131lar. Bunlar beni aldatt\u0131lar, kand\u0131r\u0131p imza att\u0131rd\u0131lar&#39; diyor. Bu adama \u015fimdi ne demek laz\u0131m?!\u00a0 G\u00fcnayd\u0131n beyefendi, at\u0131 alan \u00dcsk\u00fcdar&#39;\u0131 ge\u00e7ti demek laz\u0131m. Fransa&#39;y\u0131, \u0130ngiltere&#39;yi b\u0131rak, sen daha ba\u015ftan aldat\u0131ld\u0131n. Mill\u00ee G\u00f6r\u00fc\u015f g\u00f6mle\u011fini \u00e7\u0131karman aldat\u0131lman\u0131n zaten ilk ad\u0131m\u0131yd\u0131. Bu g\u00f6mlekten soyunarak kendi medeniyetini ink\u00e2r edip, ille de gidip &#8216;Bunlara kat\u0131laca\u011f\u0131m&#39; diye g\u00f6z\u00fc d\u00f6nm\u00fc\u015f bir \u015fekilde u\u011fra\u015fm\u0131yor muydun? \u0130\u015fte kat\u0131ld\u0131n. Sen hala kendi medeniyetinin fark\u0131nda de\u011filsin. Sen \u00fc\u00e7 seneden beri g\u00f6z\u00fc d\u00f6nm\u00fc\u015f bir \u015fekilde hep havada u\u00e7up duruyordun. Eee \u015fimdi de kalkm\u0131\u015f &#8216;Beni aldatt\u0131lar&#39; diyorsun. Mill\u00ee G\u00f6r\u00fc\u015f g\u00f6mle\u011fini \u00e7\u0131kar\u0131rsan ard\u0131ndan elbette b\u00f6yle olur. Sen bana s\u00f6yle bakal\u0131m, seni aldatmayan kim kald\u0131 bu d\u00fcnyada?&quot; <\/p>\n<p> <strong>Rumlara \u00e7al\u0131\u015f\u0131yorlar<\/strong> <\/p>\n<p> Prof. Dr. Necmettin Erbakan devamla &quot;\u015eimdi biz bunlar\u0131 s\u00f6yl\u00fcyoruz da ne oluyor? Kendi \u00e7ocuklar\u0131m\u0131z bunu biliyor mu? \u015eu K\u0131br\u0131s&#39;taki evl\u00e2tlar\u0131m\u0131z bunu biliyor mu? Bilse kendi medeniyetini b\u0131rak\u0131p &#8216;Rumla beraber olaca\u011f\u0131m, onlar\u0131n medeniyeti yolunda y\u00fcr\u00fcyece\u011fim&#39; der mi? E\u011fer bizim idareciler bilseler, Bat\u0131l\u0131 emperyalistlerin pe\u015finden, g\u00f6zleri kapal\u0131 ko\u015farlar m\u0131? Bilmemek, kurtulu\u015f de\u011fildir. Mazisi kanl\u0131 bir katliamlar serisi olan Bat\u0131l\u0131lar\u0131 kendinden \u00fcst\u00fcn g\u00f6r\u00fcrsen, bu aziz millete ve koskocaman \u0130sl\u00e2m medeniyetine ihanet etmi\u015f olursun. Hepsi bu kadar. Hidayeti kararanlara Allah bir an evvel ger\u00e7ekleri g\u00f6r\u00fcp kendi medeniyetlerinin \u00fcst\u00fcnl\u00fc\u011f\u00fcn\u00fc anlama feraseti versin. Yoksa \u00f6mr\u00fc billah bu \u015fekilde &#8216;Aldat\u0131ld\u0131m, kand\u0131r\u0131ld\u0131m, ahde vefa g\u00f6stermediler&#39; diye sa\u00e7\u0131n\u0131 ba\u015f\u0131n\u0131 yolar durursun. Bundan dolay\u0131d\u0131r ki, bizimkilerin yapt\u0131klar\u0131 \u015fey tek kelimeyle Rumlara \u00e7al\u0131\u015fmakt\u0131r, Yunan&#39;a \u00e7al\u0131\u015fmakt\u0131r, Bat\u0131&#39;n\u0131n kanl\u0131 medeniyetinin aras\u0131nda eriyip yok olmakt\u0131r.&quot; ifadelerini kulland\u0131.  <\/p>\n<p> <strong>Bat\u0131l\u0131lar terbiye edilmemi\u015f ayg\u0131rlard\u0131r<\/strong> <\/p>\n<p> Prof. Dr. Necmettin Erbakan, Ha\u00e7l\u0131lar\u0131n Kud\u00fcs&#39;\u00fc defalarca i\u015fgal edip kan g\u00f6l\u00fcne \u00e7evirdiklerini, \u015fimdi ise evvel\u00e2 Bosna&#39;y\u0131, Afganistan&#39;\u0131, Irak&#39;\u0131 ve di\u011fer fakir \u00fclkeleri i\u015fgal edip kan g\u00f6l\u00fcne \u00e7evirdiklerini anlatarak, &quot;Bu yap\u0131lanlar medeniyet de\u011fil vah\u015fettir&quot; dedi ve devamla: &quot;Bunlar, bu vah\u015filer bizim p\u0131s\u0131r\u0131klar\u0131n kar\u015f\u0131s\u0131nda kendilerini bir \u015fey zannediyorlar? Hadi oradan siz bir hi\u00e7siniz. Siz kendinizi bir \u015fey zannedip biliyorum zannediyorsunuz? Bunlar hi\u00e7 bir \u015fey olmad\u0131klar\u0131n\u0131n fark\u0131nda bile de\u011filler. Unutma ki, sen, terbiye edilmemi\u015f bir ayg\u0131rs\u0131n. Her hareketinde etraf\u0131n\u0131 tekmeliyorsun. Oray\u0131 buray\u0131 yak\u0131p y\u0131k\u0131yorsun. Terbiye nedir bilmiyorsun ki, acaba terbiyeli misin, de\u011fil misin bunu idrak edebilesin?&quot; \u015feklinde konu\u015ftu.  <\/p>\n<p> Prof. Dr. Necmettin Erbakan s\u00f6zlerinin sonunda her zaman oldu\u011fu gibi Mill\u00ee G\u00f6r\u00fc\u015f&#39;ten ayr\u0131lanlara ak\u0131l fikir ve hidayet temenni ederek, &quot;Gitti\u011finiz yol yol de\u011fildir. Bir an evvel kendinize gelin. Medeniyet d\u00fc\u015fmanlar\u0131n\u0131n kar\u015f\u0131s\u0131nda kendi medeniyetinizin \u00fcst\u00fcnl\u00fc\u011f\u00fcn\u00fc bilmeden m\u00fccadele edemezsiniz&quot; diyerek s\u00f6zlerini tamamlad\u0131.  <\/p>\n<p align=\"center\"> &#160; <\/p>\n<p> <\/p>\n<hr \/>\n<p> <a name=\"_ftn1\" href=\"#_ftnref1\" title=\"_ftn1\">[1]<\/a>\u00a0 Yeni\u00e7a\u011f \/ 19.8.2005 \/ \u0130srafil Kumbasar  <\/p>\n<p> <a name=\"_ftn2\" href=\"#_ftnref2\" title=\"_ftn2\">[2]<\/a> Milli Gazete \/ Hasan \u00dcnal <\/p>\n<p> <a name=\"_ftn3\" href=\"#_ftnref3\" title=\"_ftn3\">[3]<\/a> Kaynak \/\u00a0 Fahreddin Pa\u015fa&#39;n\u0131n Medine M\u00fcdafas\u0131 \/ Feridun Kandemir \/ Ya\u011fmur Yay\u0131nlar\u0131 <\/p>\n<p> <a name=\"_ftn4\" href=\"#_ftnref4\" title=\"_ftn4\">[4]<\/a>\u00a0 H\u00fcrriyet \/ 7.8.2005 \/ Emin \u00c7\u00f6la\u015fan  <\/p>\n<p> <a name=\"_ftn5\" href=\"#_ftnref5\" title=\"_ftn5\">[5]<\/a>\u00a0 Ak\u015fam \/ 8.9.2005 \/ G\u00fcler K\u00f6m\u00fcrc\u00fc  <\/p>\n<p> <a name=\"_ftn6\" href=\"#_ftnref6\" title=\"_ftn6\">[6]<\/a>\u00a0 Radikal \/ 8.9.2005 \/ Murat Yetkin\u00a0  <\/p>\n<p> <a name=\"_ftn7\" href=\"#_ftnref7\" title=\"_ftn7\">[7]<\/a>\u00a0 Vatan \/ 8.9.2005 \/ Mustafa Mutlu  <\/p>\n","protected":false},"excerpt":{"rendered":"<p>\u00a0  <\/p>\n<p> \u00c7\u00fcnk\u00fc: AKP&#39;yi iktidara ta\u015f\u0131yan da, PKK&#39;y\u0131 kurdurup kullanan da ABD&#39;dir, AB \u00fclkeleridir.  <\/p>\n<p> \u00a0\u00a0 AKP&#39;yi ayakta tutan da, PKK&#39;ya destek \u00e7\u0131kan da ayn\u0131 merkezlerdir. <\/p>\n<p> \u00a0\u00a0 O nedenle, AKP&#39;nin, ABD ve AB&#39;ye ra\u011fmen T\u00fcrkiye&#39;nin \u00e7\u0131karlar\u0131n\u0131 g\u00f6zetmesi, Milli ve ba\u011f\u0131ms\u0131z politikalar izlemesi ve PKK ile ciddi bir m\u00fccadele i\u00e7ine girmesi m\u00fcmk\u00fcn de\u011fildir. <\/p>\n<p> \u00a0\u00a0 Bu tespitimiz NATO kafal\u0131 askerler i\u00e7in de ge\u00e7erlidir.  <\/p>\n","protected":false},"author":3,"featured_media":0,"comment_status":"open","ping_status":"closed","sticky":false,"template":"","format":"standard","meta":{"footnotes":""},"categories":[43],"tags":[],"class_list":["post-361","post","type-post","status-publish","format-standard","hentry","category-ekim-2005"],"_links":{"self":[{"href":"https:\/\/www.millicozum.com\/mc\/wp-json\/wp\/v2\/posts\/361","targetHints":{"allow":["GET"]}}],"collection":[{"href":"https:\/\/www.millicozum.com\/mc\/wp-json\/wp\/v2\/posts"}],"about":[{"href":"https:\/\/www.millicozum.com\/mc\/wp-json\/wp\/v2\/types\/post"}],"author":[{"embeddable":true,"href":"https:\/\/www.millicozum.com\/mc\/wp-json\/wp\/v2\/users\/3"}],"replies":[{"embeddable":true,"href":"https:\/\/www.millicozum.com\/mc\/wp-json\/wp\/v2\/comments?post=361"}],"version-history":[{"count":0,"href":"https:\/\/www.millicozum.com\/mc\/wp-json\/wp\/v2\/posts\/361\/revisions"}],"wp:attachment":[{"href":"https:\/\/www.millicozum.com\/mc\/wp-json\/wp\/v2\/media?parent=361"}],"wp:term":[{"taxonomy":"category","embeddable":true,"href":"https:\/\/www.millicozum.com\/mc\/wp-json\/wp\/v2\/categories?post=361"},{"taxonomy":"post_tag","embeddable":true,"href":"https:\/\/www.millicozum.com\/mc\/wp-json\/wp\/v2\/tags?post=361"}],"curies":[{"name":"wp","href":"https:\/\/api.w.org\/{rel}","templated":true}]}}