{"id":362,"date":"2006-11-27T12:53:01","date_gmt":"2006-11-27T12:53:01","guid":{"rendered":"https:\/\/www.millicozum.com\/mc\/2006\/11\/27\/asker-sessa-tke-sahs-m\/"},"modified":"2006-11-27T12:53:01","modified_gmt":"2006-11-27T12:53:01","slug":"asker-sessiz-turkiye-sahipsiz-mi","status":"publish","type":"post","link":"https:\/\/www.millicozum.com\/mc\/2005\/ekim-2005\/asker-sessiz-turkiye-sahipsiz-mi\/","title":{"rendered":"ASKER SESS\u0130Z&#038; T\u00dcRK\u0130YE SAH\u0130PS\u0130Z M\u0130?"},"content":{"rendered":"<p>\u00a0  <\/p>\n<p> <strong>Sahnelenen olaylar\u0131n kendisine de\u011fil, perde gerisine bakmayan&#8230; Kavga eden fig\u00fcrlerin, hangi rejis\u00f6rlerin g\u00fcd\u00fcm\u00fcnde oldu\u011funu anlamayan&#8230; Ve bu suni vur-ka\u00e7lar\u0131n hangi sonu\u00e7lar\u0131 do\u011furdu\u011funu g\u00f6rmeye \u00e7al\u0131\u015fmayan, do\u011fru yorum yapamaz&#8230; <\/strong> <\/p>\n<p> <strong>\u00a0\u00a0 \u0130\u00e7 ve d\u0131\u015f siyasetteki kap\u0131\u015fmalar\u0131n veya yak\u0131nla\u015fmalar\u0131n:<\/strong> <\/p>\n<ul>\n<li>&#8211; <strong>Taktik mi?<\/strong><\/li>\n<li>&#8211; <strong>Stratejik mi?<\/strong><\/li>\n<li>&#8211; <strong>Politik mi? <\/strong><\/li>\n<li>&#8211; <strong>Ekonomik mi?<\/strong><\/li>\n<li><strong>yoksa,<\/strong><\/li>\n<li>&#8211; <strong>Psikolojik mi?<\/strong><\/li>\n<\/ul>\n<p>  \u00a0  <\/p>\n<p> <strong>Oldu\u011funu \u00e7\u00f6zmeden, taraf\u0131m\u0131z\u0131 ve tavr\u0131m\u0131z\u0131 belirlemede uygun davranmam\u0131z m\u00fcmk\u00fcn olmaz.<\/strong> <\/p>\n<p> <strong>Y\u00d6K-AKP Pasla\u015fmas\u0131:<\/strong> <\/p>\n<p> <strong>Hat\u0131rlarsan\u0131z, Ba\u015fbakan Recep Tayyip Erdo\u011fan<\/strong> <strong>Londra<\/strong>&#39;<strong>ya<\/strong> <strong>AB&#39;ye ili\u015fkin Ek Protokol&#39;<\/strong>\u00fc imzalamaya gitmeden \u00f6nce \u00e7\u0131kan &quot;<strong>Y\u00d6K &#8211; H\u00fck\u00fcmet Polemi\u011fi&quot;<\/strong>ni <strong>t\u00fcm kamuoyu<\/strong> \u00fcz\u00fclerek izlemi\u015ftir! <strong>(Ancak yaz\u0131k ki &quot;\u00e7irkin pazarl\u0131k&quot;\u0131 pek az ki\u015fi de\u015fifre edebilmi\u015ftir!)<\/strong> <\/p>\n<p> <strong>Y\u00d6K,<\/strong> <strong>meslek lisesi mezunlar\u0131n\u0131n katsay\u0131 art\u0131\u015f\u0131<\/strong>na kar\u015f\u0131 \u00e7\u0131km\u0131\u015f ve bu tart\u0131\u015fma birden t\u0131rmand\u0131r\u0131lm\u0131\u015ft\u0131r. Ve her nedense <strong>h\u00fck\u00fcmet<\/strong> bu konuyu sineye \u00e7ekmi\u015f ve <strong>bir &quot;pazarl\u0131k kozu&quot; olarak ileri s\u00fcrd\u00fc\u011f\u00fcn\u00fc<\/strong> de istemeyerek <strong>de\u015fifre <\/strong>etmi\u015ftir!  <\/p>\n<p> <strong>Ak Parti Kulisleri&#39;<\/strong>ne g\u00f6re;<strong> meslek liselerinin \u00fcniversite engeli<\/strong>ne kar\u015f\u0131l\u0131k <strong>Ek Protokol&#39;\u00fc imzalama avantaj\u0131<\/strong> elde edilmi\u015ftir. <strong>(Bize k\u0131zmay\u0131n\u0131z, zira bu s\u00f6ylem bizim de\u011fil, AK Parti Kulisleri&#39;nin s\u00f6ylemidir!)<\/strong> <\/p>\n<p> Yani <strong>K\u0131br\u0131s i\u00e7in AB&#39;nin istedi\u011fi tavizler verilecek, K\u0131br\u0131s Rumlar&#39;a hediye edilecek<\/strong> ve bunun kar\u015f\u0131l\u0131\u011f\u0131nda da <strong>g\u00fcya AB&#39;ye girilecekti!<\/strong> <\/p>\n<p> <strong>AK Parti H\u00fck\u00fcmeti&#39;nin K\u0131br\u0131s tavizin<\/strong>in <strong>T\u00fcrkiye&#39;nin g\u00fcvenli\u011fi <\/strong>ile bir ilgisi var m\u0131d\u0131r? (Yoksa bu konu aksine bir <strong>&quot;milli g\u00fcvenlik sorunu&quot; <\/strong>haline mi getirilmi\u015ftir?) <\/p>\n<p> <strong>Kuzey K\u0131br\u0131s T\u00fcrkiye&#39;<\/strong>nin <strong>jeo-politik ve jeo-stratejik a\u00e7\u0131dan en \u00f6nemli kozlar<\/strong>\u0131ndan biri midir, de\u011fil midir? <\/p>\n<p> <strong>Kuzey K\u0131br\u0131s Rumlar<\/strong>a verilirse <strong>AB \u00fcyeli\u011fi<\/strong> garanti midir?  <\/p>\n<p> Bu <strong>ve benzeri sorular\u0131n muhataplar\u0131 olanlar ve g\u00fcvenli\u011fimizin sigortas\u0131 say\u0131lanlar; <\/strong>maalesef <strong>&quot;devre d\u0131\u015f\u0131&quot;<\/strong> kalm\u0131\u015f gibidir! <\/p>\n<p> <strong>Ak Parti H\u00fck\u00fcmeti<\/strong>&#39;nin <strong>ba\u015f\u00f6rt\u00fcl\u00fcler<\/strong>i, <strong>\u0130mam Hatipliler<\/strong>&#39;i ve <strong>Kur&#39;an kursundaki kursiyerler<\/strong>i; nas\u0131l birer <strong>&quot;pazarl\u0131k malzemesi&quot;<\/strong> olarak g\u00f6rd\u00fc\u011f\u00fcn\u00fc, <strong>Y\u00d6K &#8211; H\u00fck\u00fcmet Polemi\u011fi <\/strong>en<strong> <\/strong>\u00e7arp\u0131c\u0131 \u015fekilde ispat etmi\u015ftir!. <\/p>\n<p> Ancak; <strong>T\u00fcrkiye&#39;de t\u0131rmand\u0131r\u0131lan her tart\u0131\u015fman\u0131n perde arkas\u0131n\u0131n, ba\u015fka bir pazarl\u0131\u011f\u0131 i\u00e7erdi\u011fi<\/strong><strong>ni,<\/strong> ne yaz\u0131k ki <strong>geni\u015f halk kitleleri<\/strong> ve <strong>Tayyip&#39;i imanl\u0131 bir M\u00fcsl\u00fcman olarak g\u00f6ren geni\u015f m\u00fctedeyyin kesim<\/strong> hala bilmemektedir. <\/p>\n<p> <strong>AKP&#39;nin &quot;Tanr\u0131&#39;y\u0131 k\u0131yamete zorlamak&quot; senaryosu<\/strong>nun; &quot;<strong>Tanr\u0131&#39;y\u0131 T\u00fcrkiye Cumhuriyeti&#39;ni y\u0131kmaya zorlamak&quot; versiyonu <\/strong>oldu\u011fu da bu sebeple <strong>kamuoyu <\/strong>taraf\u0131ndan <strong>de\u015fifre <\/strong>edilebilmi\u015f de\u011fildir!  <\/p>\n<p> Neticede bu s\u00fcre\u00e7te;<strong> Y\u00d6K, TSK<\/strong> ve k\u0131saca<strong> &quot;devlet&quot;, halk\u0131na kar\u015f\u0131 zalimle\u015ftirilirken <\/strong>(zulm\u00fcn devam edemeyece\u011fi ger\u00e7e\u011finden hareketle) <strong>halk<\/strong>\u0131n da <strong>mazlumla\u015ft\u0131r\u0131lmas\u0131 <\/strong>\u015feklinde ilerletilmektedir. Sonra ise <strong>mazlumlar\u0131n ah\u0131 ile devletin \u00e7\u00f6k\u00fc\u015f\u00fc <\/strong>ya\u015fan\u0131lacak ve <strong>birileri<\/strong> de bu g\u00f6r\u00fcnt\u00fcden m\u00fcthi\u015f haz duyacaklard\u0131r!  <\/p>\n<p> <strong>Ancak baz\u0131 gaflet ve h\u0131yanet ehli; bu g\u00f6r\u00fcnt\u00fcy\u00fc hi\u00e7bir zaman izleyemeyeceklerini ve muratlar\u0131na eri\u015femeyeceklerini idrak edebilmek i\u00e7in &quot;tarih&quot;e bakmalar\u0131 kafi olmakla birlikte; kendileri, tarihi g\u00f6rmezden gelme ve \u00e7arpt\u0131rma y\u00f6n\u00fcndeki faaliyetlerine h\u0131z vermeyi tercih etmi\u015f durumdad\u0131rlar!<\/strong> <\/p>\n<p> AKP senaryosuyla: <strong>\u00e7a\u011fda\u015f, laik, entellekt\u00fcel, cumhuriyet bek\u00e7isi<\/strong> gibi g\u00f6r\u00fcnen ama bu <strong>vas\u0131flar\u0131; sadece i\u015fgal eden, gasp eden birileri,<\/strong> bilerek ya da bilmeyerek <strong>halka zulmederler <\/strong>ve <strong>Osmanl\u0131&#39;<\/strong>da oldu\u011fu gibi <strong>devletin \u00e7\u00f6k\u00fc\u015f\u00fc<\/strong> ger\u00e7ekle\u015fir. \u015eu anda bu <strong>zulme u\u011frayanlar<\/strong>\u0131n <strong>(!)<\/strong> <strong>iktidar\u0131 (!),<\/strong> yani <strong>T\u00fcrkiye&#39;nin zencisi (!) ba\u015fbakan<\/strong> da maalesef Emanuel<strong> Karasu&#39;nun rol\u00fc<\/strong>n\u00fc oynamaktad\u0131r. <\/p>\n<p> Sonu\u00e7ta <strong>Y\u00d6K hadisesi,<\/strong> bu arka planla birlikte okununca ta\u015flar yerine oturacakt\u0131r.. <\/p>\n<p> <strong>Yani Y\u00d6K Tanr\u0131&#39;y\u0131 k\u0131yamete zorlayanlar\u0131n T\u00fcrkiye \u015fubesinin oyunlar\u0131ndan bir par\u00e7ad\u0131r<\/strong> Ve asl\u0131nda <strong>iktidar<\/strong>\u0131n <strong>m\u00fctedeyyin kitle \u00fczerinden oynad\u0131\u011f\u0131 kirli oyunlar\u0131n bir yans\u0131mas\u0131 olan Y\u00d6K hadisesi<\/strong>ne, bir <strong>&quot;komedi&quot;<\/strong> de\u011fil<strong> &quot;trajedi&quot; <\/strong>demek daha do\u011fru olacakt\u0131r!  <\/p>\n<p> Zira <strong>insanlarla adeta dalga ge\u00e7en siyasi fig\u00fcran\u0131n \u00fclke foto\u011fraf\u0131 \u00fczerinde yapt\u0131\u011f\u0131 tahrifat,<\/strong> <strong>&quot;kapanmas\u0131 g\u00fc\u00e7 a\u00e7\u0131klar&quot;<\/strong> meydana getirmekte ve bu tablo i\u00e7in de ancak<strong> &quot;tiraji-komik&quot; <\/strong>nitelemesi yap\u0131labilmektedir.  <\/p>\n<p> Ve di\u011fer<strong> oyunlar\u0131 <\/strong>te\u015fhis etmek ise, bu y\u00f6ntem \u00fczere gidilirse; asl\u0131nda o kadar da zor de\u011fildir. <\/p>\n<p> <strong>T\u00fcrkiye<\/strong>&#39;de <strong>1950&#39;<\/strong>den itibaren i\u015flemeye ba\u015flayan d\u0131\u015f g\u00fcd\u00fcml\u00fc <strong>\u00e7ok partili sistem,<\/strong> <strong>devlet<\/strong>i bug\u00fcn <strong>merkez sa\u011f diye nitelenen iktidarlara<\/strong> teslim etmi\u015ftir. <\/p>\n<p> <strong>CHP&#39;<\/strong>nin, yani k\u0131smen <strong>&quot;devleti kuran irade&quot;nin muhalifi <\/strong>gibi alg\u0131lanan unsurlar <strong>&quot;iktidar&quot;<\/strong> olunca; <strong>merkez sa\u011f\u0131 dizginlemek <\/strong>i\u00e7in <strong>sa\u011f<\/strong>\u0131n <strong>&quot;din&quot;<\/strong> ve <strong>&quot;milliyet\u00e7ilik&quot;<\/strong> gibi <strong>koyu renkler<\/strong>i devreye sokulmu\u015f ve s\u00fcrekli istismar edilmi\u015ftir. <\/p>\n<p> Bu a\u00e7\u0131dan <strong>&quot;AKP H\u00fck\u00fcmeti &#8211; Y\u00d6K \u0130li\u015fkileri&quot;<\/strong>ne<strong> <\/strong>yak\u0131ndan bak\u0131lacak olunursa; <\/p>\n<ul>\n<li>&#8211; <strong>AKP H\u00fck\u00fcmeti Y\u00d6K<\/strong>&#39;ten sadece <strong>\u0130mam Hatip Liseleri&#39;ne uygulad\u0131\u011f\u0131 katsay\u0131 adaletsizli\u011fini d\u00fczeltmesi<\/strong>ni<strong> <\/strong>ve <strong>ba\u015f\u00f6rt\u00fcs\u00fcn\u00fc serbest b\u0131rakmas\u0131<\/strong>n\u0131 istemektedir. \u00c7\u00fcnk\u00fc bunu yapt\u0131\u011f\u0131 anda <strong>siyasi taban\u0131na kar\u015f\u0131 r\u00fc\u015ft\u00fcn\u00fc ispat etmi\u015f <\/strong>olacakt\u0131r. <strong>Y\u00d6K<\/strong> ise, bu iki konuda <strong>AKP H\u00fck\u00fcmeti<\/strong>&#39;ne ge\u00e7it vermemektedir.<\/li>\n<li>&#8211; G\u00f6r\u00fcld\u00fc\u011f\u00fc gibi konu <strong>&quot;e\u011fitim hedefli&quot;<\/strong> de\u011fil <strong>&quot;siyasal i\u00e7erikli&quot;<\/strong>dir. <strong>AKP siyasal ve toplumsal taban\u0131n\u0131 tatmine \u00e7al\u0131\u015fmak,.,<\/strong> <strong>Y\u00d6K<\/strong> de g\u00fcya <strong>&quot;rejim&quot;i<\/strong> <strong>koruma <\/strong>pe\u015findedir!.<\/li>\n<li>&#8211; <strong>AKP<\/strong>&#39;nin <strong>rejimi de\u011fi\u015ftirme ve \u0131l\u0131ml\u0131 islam\u0131 yerle\u015ftirme <\/strong>\u015feklinde ifade olunabilecek gizli talebi, ve <strong>\u0130slami bilgi yetersizli\u011fi<\/strong> g\u00f6z \u00f6n\u00fcne al\u0131n\u0131rsa: <strong>M\u00fcsl\u00fcman Halk <\/strong>i\u00e7in <strong>a\u011f\u0131r sonu\u00e7lar<\/strong> do\u011furmaya mahkum sinsi bir giri\u015fimdir.<\/li>\n<\/ul>\n<p> Asl\u0131nda <strong>oynanan oyun<\/strong> a\u00e7\u0131k\u00e7a \u015fudur; <strong>T\u00fcrkiye&#39;<\/strong>deki <strong>&quot;\u00fcniter devlet ve &quot;millet yap\u0131s\u0131&quot;<\/strong>ndan rahats\u0131z olan <strong>i\u00e7 ve d\u0131\u015f mihraklarla<\/strong>, <strong>i\u015fbirli\u011fi<\/strong> i\u00e7inde; <strong>devletin anayasal organlar\u0131n\u0131 y\u0131pratacak hamleler <\/strong>sergilenmektedir.  <\/p>\n<p> Genelde hakl\u0131 taleplere dayanan <strong>y\u0131pratma ataklar\u0131 <\/strong>ile <strong>halk devletin kar\u015f\u0131s\u0131na<\/strong> al\u0131nmakta; daha do\u011frusu <strong>&quot;gizli i\u015fbirlik\u00e7i&quot; <\/strong>haline d\u00fc\u015f\u00fcr\u00fclmekte, <strong>devlet <\/strong>de <strong>&quot;zalim&quot;<\/strong> pozisyonuna itilmektedir <\/p>\n<p> G\u00f6r\u00fcld\u00fc\u011f\u00fc gibi <strong>\u00e7at\u0131\u015fmadan \u00e7\u0131kacak tek sonu\u00e7;<\/strong> <strong>&quot;devlet ve milletin imhas\u0131&quot;<\/strong>d\u0131r. Dolay\u0131s\u0131yla yap\u0131lmas\u0131 gereken; <strong>Y\u00d6K&#39;\u00fcn burada bir durum tespiti yaparak devleti &quot;zalim&quot; pozisyondan \u00e7\u0131kartacak bir a\u00e7\u0131l\u0131m yapmas\u0131<\/strong>d\u0131r. Aksi halde <strong>&quot;devlet&quot;i hedef alan i\u00e7 ve d\u0131\u015f mihraklar<\/strong> hedeflerine ula\u015fm\u0131\u015f olacaklard\u0131r. <\/p>\n<p> <strong>Y\u00d6K <\/strong>anla\u015f\u0131lmaz bir bi\u00e7imde <strong>AKP&#39;yi ve i\u015fbirlik\u00e7ileri bilmeden desteklemekte<\/strong> ve <strong>&quot;devleti tahrib hareketi&quot;nin \u00f6n\u00fcn\u00fc a\u00e7makta<\/strong>d\u0131r. Bu tart\u0131\u015fmadan <strong>AKP<\/strong> galip \u00e7\u0131karsa; <strong>devlet &quot;zalim&quot;,<\/strong> <strong>AKP ve yanda\u015flar\u0131<\/strong> ise <strong>&quot;mazlum&quot;<\/strong> s\u0131fat\u0131 ta\u015f\u0131yacaklard\u0131r. <strong>Y\u00d6K<\/strong>&#39;\u00fcn tavr\u0131, <strong>milleti devlete kar\u015f\u0131 olumsuz d\u00fc\u015f\u00fcnmeye sevk edecek <\/strong>ve <strong>sonu\u00e7ta yine &quot;devletin g\u00fcvenirlili\u011fi&quot; ile &quot;milletin birli\u011fi&quot; zarar g\u00f6recek, genel devlet yap\u0131s\u0131 zedelenecek<\/strong>tir. <\/p>\n<p> Nihayetinde<strong> devletin \u00e7ekirde\u011fi ile AKP&#39;nin \u00e7at\u0131\u015fmas\u0131<\/strong> bir <strong>&quot;hak ve \u00f6zg\u00fcrl\u00fckler m\u00fccadelesi&quot;<\/strong> olmaktan \u00e7\u0131km\u0131\u015f; elbirli\u011fi ile <strong>&quot;dini, devleti ve milleti imha hareketi&quot;<\/strong>ne d\u00f6n\u00fc\u015ft\u00fcr\u00fclm\u00fc\u015f vaziyettedir. <\/p>\n<p> <strong>K\u0130T&#39;lerin tasfiyesiyle, T\u00fcrkiye talan edilmektedir:<\/strong> <\/p>\n<p> <strong>\u00dc\u00e7\u00fcnc\u00fc d\u00fcnya \u00fclkesi olmayan bir \u00fclke<\/strong>de ilk defa bir <strong>Telekom \u015firketi yabanc\u0131lar<\/strong>a<strong> <\/strong>sat\u0131lm\u0131\u015f ve <strong>onlar\u0131n inisiyatifine terk edilme<\/strong> yoluna gidilmi\u015ftir.  <\/p>\n<p> Bununla birlikte <strong>AB \u00fclkelerinde Telekom ihaleleri halka arz edilmekte, geriye kalan k\u0131s\u0131mlar\u0131 ise yerli m\u00fcte\u015febbislere devredilmekte<\/strong> ve <strong>yabanc\u0131lara verilmemektedir<\/strong>.  <\/p>\n<p> <strong>AB \u00fcyesi olmak i\u00e7in inatla direten T\u00fcrkiye <\/strong>ise; ne hikmetse <strong>AB \u00fclkelerinin bu prensipleri<\/strong>nden ders almak yerine, tam aksi bir tutumla <strong>&quot;kritik noktalar\u0131&quot; yabanc\u0131lar\u0131n kontrol\u00fcne b\u0131rakarak onlara bir servis altyap\u0131s\u0131 sa\u011flama yolu<\/strong>na<strong> <\/strong>gitmektedir.  <\/p>\n<p> Ve \u015fimdi s\u0131rada olan ad\u0131m ise; <strong>son teklif tarihi 26 Eyl\u00fcl 2005 olan, y\u0131lda ortalama 7 milyon ton \u00e7elik \u00fcreterek cirosunu 6.2 milyar YTL&#39;ye ta\u015f\u0131yan ERDEM\u0130R<\/strong>&#39;dir&#8230; <\/p>\n<p> Talipleri aras\u0131nda <strong>Frans\u0131z Arcelor, Hindistan &#8211; \u0130ngiliz ortakl\u0131\u011f\u0131ndaki Mittal Steel, \u0130ngiliz &#8211; Hollanda ortakl\u0131\u011f\u0131ndaki Corus, Rus Novolipetsk <\/strong>ve<strong> OAO Severstal <\/strong>ile <strong>Amerikan US Steel <\/strong>\u015firketleri bulunan <strong>ERDEM\u0130R<\/strong>&#39;in<strong> 2004 net kar\u0131 <\/strong>ise <strong>790.1 milyon YTL<\/strong>&#39;dir. <\/p>\n<p> <strong>1987 Y\u0131l\u0131&#39;<\/strong>nda <strong>\u00f6zelle\u015ftirme program\u0131<\/strong>na al\u0131nan ve <strong>1990 Y\u0131l\u0131&#39;<\/strong>nda hisselerinin <strong>% 2.93&#39;\u00fc halka arz <\/strong>yoluyla, <strong>1990-1994<\/strong> y\u0131llar\u0131 aras\u0131nda ise hisselerinin toplam <strong>% 6.05<\/strong>&#39;i<strong> \u0130MKB&#39;de sat\u0131\u015f<\/strong> yoluyla \u00f6zelle\u015ftirilen <strong>ERDEM\u0130R<\/strong>&#39;in <strong>halihaz\u0131rdaki % 46.12 oran\u0131ndaki hisse<\/strong>si ise <strong>\u00f6zelle\u015ftirme idaresi portf\u00f6y\u00fc<\/strong>nde yer almaktad\u0131r.  <\/p>\n<p> <strong>ERDEM\u0130R<\/strong>&#39;deki, <strong>T\u00fcrkiye Kalk\u0131nma Bankas\u0131 Hisseleri<\/strong> de dahil olmak \u00fczere <strong>toplam % 49.29 oran\u0131ndaki kamu hisseleri<\/strong>nin \u00f6zelle\u015ftirilmesi ise <strong>24 May\u0131s 2005<\/strong>&#39;ten<strong> <\/strong>itibaren ilanla ihaleye \u00e7\u0131km\u0131\u015ft\u0131r. <\/p>\n<p> Bununla birlikte <strong>Eti Al\u00fcminyum A.\u015e.&#39;de bulunan % 100 oran\u0131ndaki kamu hissesinin \u00f6zelle\u015ftirilmesi<\/strong> ise <strong>9 Nisan 2005 Tarihi&#39;<\/strong>nde ilan\u0131 yap\u0131lm\u0131\u015ft\u0131r&#8230; <\/p>\n<p> <strong>Mustafa Kemal ATAT\u00dcRK; &quot;Bir memleket k\u00e2\u011f\u0131d\u0131n\u0131 kendi yapamad\u0131\u011f\u0131 zaman ulusal k\u00fclt\u00fcr\u00fcn\u00fc yabanc\u0131 k\u00fclt\u00fcr\u00fcne ba\u011flar. Kapit\u00fclasyonlar\u0131n en tehlikelisi de budur!&quot; <\/strong>s\u00f6z\u00fcn\u00fc ve <strong>Albayraklar Davas\u0131&#39;nda ihaleye fesat kar\u0131\u015ft\u0131rmaktan Ba\u015fbakan Tayyip Erdo\u011fan ile birlikte yarg\u0131lanarak 2 ay 27 g\u00fcn hapis, para cezas\u0131 ve 1 y\u0131l ihaleden men cezas\u0131 alan<\/strong> <strong>Mustafa Albayrak<\/strong>&#39;a <strong>2003 Haziran&#39;\u0131nda 1 milyon 100 bin Dolar&#39;a teslim edilen SEKA <\/strong>da hat\u0131rlanacak olursa, s\u00fcrecin hangi noktalara do\u011fru g\u00f6t\u00fcr\u00fclmek istendi\u011fini alg\u0131lamak da daha kolay olacakt\u0131r. <\/p>\n<p> Fabrikan\u0131n teslim al\u0131nmas\u0131n\u0131n akabinde <strong>287 i\u015f\u00e7inin i\u015fine son veren ve di\u011fer bir SEKA i\u015fletmesi olan Afyon \u015fubesinde de 226 \u00e7al\u0131\u015fan\u0131 i\u015ften atan yeni \u015firket sahipleri,<\/strong> <strong>Bal\u0131kesir ve Afyon&#39;da ma\u011fdurlar taraf\u0131ndan organize edilen protesto g\u00f6sterileri<\/strong>nden de hi\u00e7bir \u015fekilde etkilenmemi\u015ftir.  <\/p>\n<p> Ayr\u0131ca bu noktada, <strong>ekonomik a\u00e7\u0131\u011f\u0131 kapatmak ad\u0131na \u00f6zelle\u015ftirme yap\u0131ld\u0131\u011f\u0131n\u0131 savunanlara sorulabilecek \u00e7ok \u00f6nemli bir soru<\/strong>nun da yeri gelmi\u015ftir. <\/p>\n<p> <strong><em>SEKA Bal\u0131kesir&#39;in sat\u0131\u015f\u0131ndan 3 taksit ile 1 milyon 100 bin Dolar, yani 1.5 trilyon alacak olan devlet, i\u015finden edilen i\u015f\u00e7ilere toplam 9 trilyon tazminat \u00f6deyece\u011fine g\u00f6re ortaya \u00e7\u0131kan 7.5 trilyonluk zararla hangi &quot;b\u00fct\u00e7e a\u00e7\u0131\u011f\u0131&quot; kapat\u0131lacak, ya da nas\u0131l bir &quot;ekonomik istikrar&quot; sa\u011flanacakt\u0131r? <\/em><\/strong> <\/p>\n<p> <strong><em>Sak\u0131n &quot;D\u00fcze \u00e7\u0131kaca\u011f\u0131z!&quot; s\u00f6ylemleri ile, al\u0131nan &quot;k\u00fcresel talimatlar&quot; do\u011frultusunda &quot;T\u00fcrkiye Cumhuriyeti&#39;nin \u00f6z kaynaklar\u0131&quot;\u00a0 birilerine sorumsuzca pe\u015fke\u015f \u00e7ekiliyor olmas\u0131n!<\/em><\/strong> <\/p>\n<p> <strong>AKP<\/strong> i\u00e7inde <strong>\u00f6nemli bir isim<\/strong> olan ve \u00fcstelik <strong>ekonomiden sorumlu ba\u015fbakan yard\u0131mc\u0131s\u0131 Abd\u00fcllatif \u015eener<\/strong>&#39;in <strong>piyasalarda geni\u015f yank\u0131 uyand\u0131ran &quot;\u00d6zelle\u015ftirme bu h\u0131zla giderse Arjantin&#39;e d\u00f6neriz!&quot; \u00e7\u0131k\u0131\u015f\u0131<\/strong> da kesinlikle g\u00f6z ard\u0131 edilemez bir ger\u00e7ektir!  <\/p>\n<p> <strong><em>Abd\u00fcllatif \u015eener&#39;in bu a\u00e7\u0131klamas\u0131; AKP&#39;nin izlemekte oldu\u011fu yanl\u0131\u015f politikalar\u0131n kendi &quot;derin bilin\u00e7altlar\u0131nda biriktirdi\u011fi korku&quot;nun bir d\u0131\u015favurumudur!<\/em><\/strong> <\/p>\n<p> <strong><em>Asker, niye sessiz ve tepkisiz?<\/em><\/strong> <\/p>\n<p> <strong>1876 sonras\u0131 tarihi geli\u015fmeler<\/strong>in neredeyse aynen tekerr\u00fcr etti\u011fi <strong>g\u00fcn\u00fcm\u00fcz T\u00fcrkiye&#39;si<\/strong>nde <strong>&quot;milletin ortak akl\u0131n\u0131n tecelli etti\u011fi yer&quot;<\/strong> olarak <strong>TSK<\/strong><strong>&#39;m\u0131z\u0131n duru\u015fu<\/strong> \u015f\u00fcphesiz <strong>hayati \u00f6nem<\/strong>e sahiptir!  <\/p>\n<p> Bir <strong>T\u00fcrkiye Cumhuriyeti h\u00fck\u00fcmeti mi,<\/strong> yoksa <strong>II. Abd\u00fclhamit&#39;e hallini arza giden heyetin dinamiklerinin h\u00fck\u00fcmeti mi <\/strong>oldu\u011fu bir t\u00fcrl\u00fc kestirilemeyen <strong>Ak Parti H\u00fck\u00fcmeti <\/strong>rotas\u0131n\u0131 \u015fa\u015f\u0131rd\u0131\u011f\u0131nda; <strong>TSK<\/strong>&#39;n\u0131n, bir <strong>deniz feneri<\/strong> i\u015flevi g\u00f6rerek <strong>Anayasa&#39;n\u0131n, milletin ve tarihin kendisine y\u00fckledi\u011fi vazifeyi yerine getirmesi<\/strong>ni beklemek <strong>millet <\/strong>olarak<strong> en temel hak<\/strong><strong>k\u0131m\u0131z de\u011fil midir? <\/strong> <\/p>\n<p> Ayr\u0131ca <strong>ordu<\/strong>yu bir <strong>m\u00fcdahaleye<\/strong>, bir <strong>darbeye,<\/strong> bir <strong>anti-demokratik harekete k\u0131\u015fk\u0131rtmak<\/strong> \u015feklinde bir d\u00fc\u015f\u00fcncemiz asla s\u00f6z konusu de\u011fildir, olamaz da! <\/p>\n<p> Ancak <strong>pa\u015falar\u0131m\u0131z<\/strong>\u0131n, <strong>Atat\u00fcrk&#39;\u00fcn Gen\u00e7li\u011fe Hitabesi&#39;<\/strong>ni tekrar okumas\u0131n\u0131 ve a\u015fa\u011f\u0131daki sat\u0131rlar \u00fczerinde d\u00fc\u015f\u00fcnmesini \u00f6nermek de yine <strong>en temel hak<\/strong><strong>k\u0131m\u0131z<\/strong> <strong>ve g\u00f6revimizdir!<\/strong> <\/p>\n<p> <strong><em>&quot;\u0130stikl\u00e2l ve Cumhuriyet&#39;ine kastedecek d\u00fc\u015fmanlar, b\u00fct\u00fcn d\u00fcnyada emsali g\u00f6r\u00fclmemi\u015f bir galibiyetin m\u00fcmessili olabilirler. Cebren<\/em><\/strong><em> (T\u00fcrk Askeri&#39;nin ba\u015f\u0131na \u00e7uval ge\u00e7irilmesi ve PKK ter\u00f6r\u00fc gibi \u00f6rnekleri \u00e7o\u011faltmak m\u00fcmk\u00fcnd\u00fcr&#8230;)<strong> ve hile <\/strong>(AB normlar\u0131, \u00e7a\u011fda\u015f ordu ve demokrat pa\u015falar g\u00f6r\u00fcn\u00fcm\u00fc alt\u0131ndaki pasifizasyon gibi \u00f6nemli noktalar da yine \u00e7o\u011falt\u0131labilecek \u00f6rneklerdir&#8230;)<strong> ile aziz vatan\u0131n b\u00fct\u00fcn kaleleri zaptedilmi\u015f, b\u00fct\u00fcn tersanelerine girilmi\u015f, b\u00fct\u00fcn ordular\u0131 da\u011f\u0131t\u0131lm\u0131\u015f ve memleketin her k\u00f6\u015fesi bilfiil i\u015fgal edilmi\u015f olabilir. B\u00fct\u00fcn bu \u015fer\u00e2itten daha el\u00eem ve daha vahim olmak \u00fczere, memleketin dahilinde, iktidara sahip olanlar gaflet ve dal\u00e2let ve hatt\u00e2 h\u0131yanet i\u00e7inde bulunabilirler. Hatt\u00e2 bu iktidar sahipleri, \u015fahs\u00ee menfaatlerini, m\u00fcstevl\u00eelerin siyasi emelleriyle tevhid edebilirler. Millet, fakr-\u00fc zaruret i\u00e7inde harap ve b\u00eetap d\u00fc\u015fm\u00fc\u015f olabilir.&quot;<\/strong><\/em> <\/p>\n<p align=\"center\"> <strong><em>&#8230;<\/em><\/strong> <\/p>\n<p> Dolay\u0131s\u0131yla hemen her makamda bulunan <strong>Atat\u00fcrk&#39;\u00fcn Gen\u00e7li\u011fe Hitabesi;<\/strong> bir <strong>duvar s\u00fcs\u00fc<\/strong> de\u011fil, bir <strong>&quot;UYARI S\u0130STEM\u0130&quot;<\/strong>dir! <\/p>\n<p> \u015eimdi <strong>Ak Parti H\u00fck\u00fcmeti&#39;<\/strong>ne bu a\u00e7\u0131dan bir bak\u0131n\u0131z! <\/p>\n<p> <strong>Ecevit, Bah\u00e7eli ve Mesut Y\u0131lamaz h\u00fck\u00fcmetleri <\/strong>ile buna benzer \u00f6rnekleri de bu a\u00e7\u0131dan bir daha hat\u0131rlay\u0131n\u0131z l\u00fctfen! <\/p>\n<p> Hatta <strong>t\u00fcm kuvvet komutanlar\u0131<\/strong> kendi tutumlar\u0131n\u0131 <strong>&quot;Gen\u00e7li\u011fe Hitabe Mihengi&quot;<\/strong>ne vurabilirler! <\/p>\n<p> &quot;Bakal\u0131m bunlar\u0131 yapt\u0131ktan sonra da hala:  <\/p>\n<p> <strong>&quot;T\u00fcrkiye&#39;nin \u015fu anki durumunun Gen\u00e7li\u011fe Hitabe ile ne ilgisi var?&quot; <\/strong>c\u00fcmlesini kurabilecek misiniz? <\/p>\n<p> <strong>L\u00fctfen milletin size emanet etti\u011fi koltuklar\u0131 derhal terk ediniz ya da gere\u011fini yerine getiriniz!.<\/strong> <\/p>\n<p> Bunu <strong>millet<\/strong> ve <strong>devlet<\/strong> i\u00e7in yapmayacaksan\u0131z, en az\u0131ndan\u00a0 <strong>kendi onurunuz i\u00e7in<\/strong> deneyiniz!&#8230;&quot;<a name=\"_ftnref1\" href=\"#_ftn1\" title=\"_ftnref1\">[1]<\/a>  <\/p>\n<p> <strong>Ya\u015far B\u00fcy\u00fckan\u0131t ve Hur\u015fit Tolon Pa\u015falar\u0131n uyar\u0131lar\u0131na kulak veriniz!&#8230;<\/strong> <\/p>\n<p> <strong>Z\u0130RA S\u00d6Z KONUSU VAH\u0130M DURUM<\/strong>UN<strong> S\u00dcRD\u00dcR\u00dcLEMEZ OLU\u015eU, G\u00dcN G\u0130B\u0130 ORTADADIR\u00a0!<\/strong> <\/p>\n<p> &#160; <\/p>\n<p> <strong><em>AKP H\u00fck\u00fcmeti\u00a0 &#8211; TSK \u0130li\u015fkileri<\/em><\/strong> <\/p>\n<p> <strong>28 \u015eubat S\u00fcreci&#39;<\/strong>nden <strong>olumsuz <\/strong>etkilenen ve bir anda <strong>din &#8211; devlet ili\u015fkisi konusunda taraf haline gelen TSK<\/strong> ile, bug\u00fcnk\u00fc <strong>AKP H\u00fck\u00fcmeti<\/strong>&#39;nin verdikleri foto\u011fraf \u00e7ok <strong>uyumlu<\/strong> g\u00f6z\u00fckmektedir. <\/p>\n<p> Nitekim <strong>Genelkurmay Ba\u015fkan\u0131 \u00d6zk\u00f6k;<\/strong> <strong>&quot;H\u00fck\u00fcmetle ili\u015fkileriniz nas\u0131l?&quot;<\/strong> sorusuna kar\u015f\u0131l\u0131k <strong>mevcut ili\u015fkiler<\/strong>i <strong>&quot;\u015fiir gibi&quot; <\/strong>diyerek nitelendirmi\u015ftir. <strong>&quot;\u015eiir gibi&quot;<\/strong> nitelemesi, <strong>Ba\u015fabakan Recep Tayyip Erdo\u011fan&#39;\u0131 olumlayan<\/strong> ve <strong>destekleyen<\/strong> bir i\u00e7eri\u011fe sahiptir. <\/p>\n<p> <strong>28 \u015eubat S\u00fcreci&#39;nin dayanaklar\u0131<\/strong>n\u0131n ne kadar <strong>sanal<\/strong> oldu\u011fu ortaya \u00e7\u0131k\u0131nca ve s\u00fcrecin akabinde <strong>1999 Se\u00e7imleri<\/strong> ile i\u015fba\u015f\u0131na gelen <strong>57. H\u00fck\u00fcmet<\/strong> zaman\u0131nda meydana gelen <strong>depremler<\/strong> ve <strong>ekonomik krizler<\/strong> <strong>T\u00fcrk Devlet Yap\u0131s\u0131<\/strong>&#39;n\u0131 zedeleyince; <strong>TSK<\/strong> daha <strong>temkinli<\/strong> olmaya ve <strong>siyasi erke m\u00fcdahale etmemeye <\/strong>y\u00f6nelmi\u015ftir. <\/p>\n<p> <strong>28 \u015eubat&#39;ta &quot;\u015feriat gelecek&quot; endi\u015fesi ile ala\u015fa\u011f\u0131 edilen Refah &#8211; Yol Koalisyonu&#39;nun &quot;en belal\u0131 ismi&quot; kabul edilen Orgeneral \u00c7evik Bir;<\/strong> bug\u00fcn <strong>AKP H\u00fck\u00fcmeti&#39;nin dan\u0131\u015fmanlar\u0131ndan<\/strong>d\u0131r. <\/p>\n<p> <strong>28 \u015eubat&#39;<\/strong>ta <strong>Necmettin Erbakan<\/strong>&#39;\u0131n asla te\u015febb\u00fcs ve tenezz\u00fcl etmedi\u011fi her yanl\u0131\u015fa bug\u00fcn pervas\u0131zca giri\u015fen <strong>Recep Tayyip Erdo\u011fan<\/strong>&#39;\u0131n ba\u015fbakanl\u0131\u011f\u0131nda <strong>&quot;bir koalisyon orta\u011f\u0131yla s\u0131k\u0131\u015ft\u0131r\u0131lmam\u0131\u015f g\u00fcya dinci bir iktidar&quot;<\/strong>da <strong>yolsuzluklar, h\u0131rs\u0131zl\u0131klar, ihanet ve pe\u015fke\u015fler<\/strong> ayyuka \u00e7\u0131km\u0131\u015ft\u0131r ama nedense \u015fimdi <strong>tehdit ve\u00a0 tehlike \u00e7anlar\u0131 hi\u00e7 \u00e7almamaktad\u0131r.!<\/strong> <\/p>\n<p> <strong>Tehdit alg\u0131lamalar\u0131 k\u00f6reltilmi\u015f yeni yetmelerden olu\u015fan bir siyasal erk<\/strong>in pe\u015fine tak\u0131lan <strong>TSK&#39;<\/strong>dan da <strong>&quot;\u00e7\u0131t&quot;<\/strong> \u00e7\u0131kmamaktad\u0131r! <\/p>\n<p> <strong>28 \u015eubat&#39;\u0131n \u015faibeli generali \u00c7evik Bir&#39;<\/strong>e d\u00f6n\u00fcp <strong>&quot;Hani bunlar\u0131 \u015feriat geliyor diye indirmi\u015ftin? \u015eimdi niye dan\u0131\u015fmanl\u0131klar\u0131n\u0131 yap\u0131yorsun?&quot;<\/strong> diye soracak <strong>etik de\u011ferleri kuvvetli atik bir komuta kademesi <\/strong>de bulunmamaktad\u0131r! <\/p>\n<p> <strong>&quot;B\u00fct\u00fcn komutanlar\u0131 bir \u015fekilde ba\u011flad\u0131k, art\u0131k TSK&#39;y\u0131 tesirsiz hale getirdik!&quot;<\/strong> diyen <strong>ba\u015fbakan<\/strong>a; <strong>&quot;Yani TSK, Tayyip Silahl\u0131 Kuvvetleri mi oldu?&quot;<\/strong> diye soran <strong>dan\u0131\u015fman<\/strong>a hak vermemek haks\u0131zl\u0131kt\u0131r! <\/p>\n<p> Nihayetinde <strong>Kuzey Irak<\/strong>&#39;ta, <strong>K\u0131br\u0131s&#39;<\/strong>ta, <strong>T\u00fcrkiye&#39;nin do\u011fu ve g\u00fcneydo\u011fusu&#39;<\/strong>nda, <strong>Telekom, T\u00fcpra\u015f, Petkim, Erdemir&#39;<\/strong>de ve daha ba\u015fka alanlarda kaybettiklerinin fark\u0131nda olmayan <strong>TSK<\/strong>&#39;n\u0131n; <strong>AKP H\u00fck\u00fcmeti<\/strong> ile ili\u015fkileri gayet ray\u0131nda ve t\u0131k\u0131r\u0131ndad\u0131r&#8230; <\/p>\n<p> <strong>Vatan\u0131 sadece s\u0131n\u0131rlardan ibaret sanan baz\u0131 kuvvet komutanlar\u0131<\/strong> ve <strong>Genelkurmay Ba\u015fkan\u0131<\/strong>&#39;na <strong>&quot;ABD&#39;nin vatan tan\u0131m\u0131&quot;<\/strong>n\u0131 \u00f6\u011frenmelerini tavsiye etmek yerinde olacakt\u0131r. <\/p>\n<p> Neticede <strong>28 \u015eubat<\/strong>&#39;ta <strong>Refah &#8211; Yol<\/strong>&#39;a m\u00fcdahale etmek ne kadar <strong>haks\u0131z<\/strong> ve <strong>yanl\u0131\u015f<\/strong>sa; bug\u00fcn <strong>AKP H\u00fck\u00fcmeti<\/strong>&#39;ne m\u00fcdahale etmemek de bir o kadar <strong>hayret uyand\u0131r\u0131c\u0131d\u0131r!<\/strong> <\/p>\n<p> <strong>Evet:<\/strong> <\/p>\n<ul>\n<li><strong>D\u0131\u015f politikada: Kom\u015fular\u0131m\u0131z, \u0130slam d\u00fcnyas\u0131 ve di\u011fer dostlar\u0131m\u0131zla giderek aleyhimize d\u00f6nerken,<\/strong><\/li>\n<li><strong>Ba\u015fbakan&#39;\u0131n ifadesinin aksine T\u00fcrkiye&#39;de b\u00f6lgesel, etnik ve dinsel milliyet\u00e7ilik al\u0131p ba\u015f\u0131na giderken (sadece AKP&#39;lilerin bile \u015fikayet ettikleri 3K&#39;ya &#8211; Karadenizliler, Kayserililer ve K\u00fcrtler &#8211; bakmak yeterli),<\/strong><\/li>\n<li><strong>Devletin en \u00f6nemli kurumlar\u0131 \u00f6zelle\u015ftirme ad\u0131na pe\u015fke\u015f \u00e7ekilirken,<\/strong><\/li>\n<li><strong>Kemal Dervi\u015f&#39;e ve mason m\u00fcritlerine, yapt\u0131klar\u0131n\u0131n hesab\u0131 sorulmazken,<\/strong><\/li>\n<li><strong>T\u00fcrkiye tasfiye edilip tarihin mahzenine g\u00f6m\u00fclmek istenirken&#8230;<\/strong><\/li>\n<li><strong>Atat\u00fcrk&#39;\u00fcn deyi\u015fiyle &quot;\u00fclkenin b\u00fct\u00fcn kaleleri zaptedilmi\u015f&quot; ve Ordu da &quot;terhis&quot; edilme a\u015famas\u0131na gelmi\u015fken, eskiden s\u0131k s\u0131k yapt\u0131klar\u0131 &quot;tehdit alg\u0131lamalar\u0131&quot; ile \u00fcnl\u00fc askeri heyet<\/strong>ten, \u015fimdi, niye acaba <strong>ses \u00e7\u0131km\u0131yor?!&#8230;<\/strong><\/li>\n<\/ul>\n<p> <strong>Laiklik yaygaralar\u0131 ve ba\u015f\u00f6rt\u00fcs\u00fc tantanalar\u0131yla me\u015fhur kesimlerin, bug\u00fcn niye nefesleri t\u0131kan\u0131yor?<\/strong> <\/p>\n<p> <strong><em>Hazine Bulan T\u00fcrk D\u00fc\u015fmanlar\u0131!<\/em><\/strong> <\/p>\n<p> <strong>Genelkurmay Ba\u015fkan\u0131 \u00d6zk\u00f6k&#39;\u00fcn demokratik ki\u015fili\u011fi Recep Tayyip Erdo\u011fan&#39;\u0131n siyasal yetersizli\u011fi ile birle\u015fince: ortaya \u00e7\u0131kan resim<\/strong>in al\u0131c\u0131lar\u0131 olduk\u00e7a memnun g\u00f6r\u00fcnmektedir. <\/p>\n<p> \u015ea\u015fk\u0131nl\u0131\u011f\u0131n sebebi ise; bulunan <strong>ganimetin b\u00fcy\u00fckl\u00fc\u011f\u00fcnden<\/strong> ve <strong>zahmetsizce elde edili\u015fi<\/strong>nden ileri gelmektedir. <\/p>\n<p> <strong>T\u00fcrkiye gibi bir \u00fclkeyi, bu kadar ucuza kapatmak,<\/strong> herkese k\u00fc\u00e7\u00fck dilini yutturacak kadar <strong>ak\u0131l almaz bir i\u015ftir!.<\/strong>  <\/p>\n<p> B\u00fct\u00fcn bunlar \u00fclkemiz ad\u0131na ise; <strong>hazin<\/strong> ve <strong>vahim<\/strong> bir durum arz etmektedir&#8230; <\/p>\n<p> <strong>Komuta kademesi, &quot;bu ahval ve \u015feriat alt\u0131nda dahi&quot; Osmanl\u0131&#39;n\u0131n son d\u00f6neminde, basireti ve feraseti ba\u011flanan pa\u015falar\u0131n rehaveti ve sorumsuzlu\u011fu i\u00e7inde, AKP H\u00fck\u00fcmeti&#39;nin i\u015fini kolayla\u015ft\u0131r\u0131rken; millet ve devletin sonunun haz\u0131rlan\u0131\u015f\u0131n\u0131 da sadece seyretmektedir!..<\/strong> <\/p>\n<p> \u00a0\u00a0 Dolay\u0131s\u0131yla bug\u00fcnk\u00fc <strong>h\u00fck\u00fcmet<\/strong> ve istisnalar d\u0131\u015f\u0131nda <strong>komuta kademesi; t\u00fcm d\u00fc\u015fman ve rakip odaklar <\/strong>taraf\u0131ndan <strong>ola\u011fan\u00fcst\u00fc<\/strong> bulunarak, <strong>takdir<\/strong> ve <strong>taltif <\/strong>edilmektedir. <\/p>\n<p> \u00a0\u00a0 <strong>Atat\u00fcrk<\/strong>&#39;\u00fcn <strong>bug\u00fcnk\u00fc komuta kademesi<\/strong> hakk\u0131nda ne s\u00f6yleyece\u011fini merak edenlere ise;<strong> &quot;NUTUK&quot; <\/strong>adl\u0131 eseri yeniden okumalar\u0131 tavsiyemizdir!.. <\/p>\n<p> &nbsp; <\/p>\n<p> <\/p>\n<hr \/>\n<p> <a name=\"_ftn1\" href=\"#_ftnref1\" title=\"_ftn1\">[1]<\/a> SESAR \/\u00a0 29.Temmuz.2005 <\/p>\n","protected":false},"excerpt":{"rendered":"<p>\u00a0  <\/p>\n<p> <strong>Sahnelenen olaylar\u0131n kendisine de\u011fil, perde gerisine bakmayan&#8230; Kavga eden fig\u00fcrlerin, hangi rejis\u00f6rlerin g\u00fcd\u00fcm\u00fcnde oldu\u011funu anlamayan&#8230; Ve bu suni vur-ka\u00e7lar\u0131n hangi sonu\u00e7lar\u0131 do\u011furdu\u011funu g\u00f6rmeye \u00e7al\u0131\u015fmayan, do\u011fru yorum yapamaz&#8230; <\/strong> <\/p>\n<p> <strong>\u00a0\u00a0 \u0130\u00e7 ve d\u0131\u015f siyasetteki kap\u0131\u015fmalar\u0131n veya yak\u0131nla\u015fmalar\u0131n:<\/strong> <\/p>\n<ul>\n<li>&#8211; <strong>Taktik mi?<\/strong><\/li>\n<li>&#8211; <strong>Stratejik mi?<\/strong><\/li>\n<li>&#8211; <strong>Politik mi? <\/strong><\/li>\n<li>&#8211; <strong>Ekonomik mi?<\/strong><\/li>\n<li><strong>yoksa,<\/strong><\/li>\n<li>&#8211; <strong>Psikolojik mi?<\/strong><\/li>\n<\/ul>\n","protected":false},"author":9,"featured_media":0,"comment_status":"open","ping_status":"closed","sticky":false,"template":"","format":"standard","meta":{"footnotes":""},"categories":[43],"tags":[],"class_list":["post-362","post","type-post","status-publish","format-standard","hentry","category-ekim-2005"],"_links":{"self":[{"href":"https:\/\/www.millicozum.com\/mc\/wp-json\/wp\/v2\/posts\/362","targetHints":{"allow":["GET"]}}],"collection":[{"href":"https:\/\/www.millicozum.com\/mc\/wp-json\/wp\/v2\/posts"}],"about":[{"href":"https:\/\/www.millicozum.com\/mc\/wp-json\/wp\/v2\/types\/post"}],"author":[{"embeddable":true,"href":"https:\/\/www.millicozum.com\/mc\/wp-json\/wp\/v2\/users\/9"}],"replies":[{"embeddable":true,"href":"https:\/\/www.millicozum.com\/mc\/wp-json\/wp\/v2\/comments?post=362"}],"version-history":[{"count":0,"href":"https:\/\/www.millicozum.com\/mc\/wp-json\/wp\/v2\/posts\/362\/revisions"}],"wp:attachment":[{"href":"https:\/\/www.millicozum.com\/mc\/wp-json\/wp\/v2\/media?parent=362"}],"wp:term":[{"taxonomy":"category","embeddable":true,"href":"https:\/\/www.millicozum.com\/mc\/wp-json\/wp\/v2\/categories?post=362"},{"taxonomy":"post_tag","embeddable":true,"href":"https:\/\/www.millicozum.com\/mc\/wp-json\/wp\/v2\/tags?post=362"}],"curies":[{"name":"wp","href":"https:\/\/api.w.org\/{rel}","templated":true}]}}