{"id":3626,"date":"2016-01-25T14:07:55","date_gmt":"2016-01-25T14:07:55","guid":{"rendered":"https:\/\/www.millicozum.com\/mc\/2016\/01\/25\/kirgizistan-tarihi-ve-tabii-ozellikleri\/"},"modified":"2016-01-25T14:07:55","modified_gmt":"2016-01-25T14:07:55","slug":"kirgizistan-tarihi-ve-tabii-ozellikleri","status":"publish","type":"post","link":"https:\/\/www.millicozum.com\/mc\/ozel-yazilar\/kirgizistan-tarihi-ve-tabii-ozellikleri\/","title":{"rendered":"KIRGIZ\u0130STAN TAR\u0130H\u0130 VE TAB\u0130\u0130 \u00d6ZELL\u0130KLER\u0130"},"content":{"rendered":"\n<p style=\"margin-bottom: 0.0001pt; text-align: justify; text-indent: 1cm; line-height: 16pt;\"><strong><span style=\"font-size: 12pt; font-family: Arial, sans-serif;\">K\u0131rg\u0131zistan, Ata yurdumuz Orta Asya&rsquo;da bulunan, stratejik &ouml;neme sahip &ouml;nemli bir karde\u015f &uuml;lkedir. K\u0131rg\u0131zistan, (Azerbaycan, Kazakistan, Kuzey K\u0131br\u0131s T&uuml;rk Cumhuriyeti, &Ouml;zbekistan, T&uuml;rkiye ve T&uuml;rkmenistan ile birlikte) g&uuml;n&uuml;m&uuml;zdeki yedi ba\u011f\u0131ms\u0131z T&uuml;rk devletlerinden biri olup T&uuml;rk Konseyi ve T&Uuml;RKSOY&#8217;un &uuml;yesidir. Denize k\u0131y\u0131s\u0131 olmayan &uuml;lkenin kom\u015fular\u0131 kuzeyde Kazakistan; bat\u0131da &Ouml;zbekistan, g&uuml;neybat\u0131da Tacikistan ve g&uuml;neydo\u011fuda &Ccedil;in Halk Cumhuriyeti&#8217;dir.<\/span><\/strong><\/p>\n<p style=\"margin-bottom: 0.0001pt; text-align: justify; text-indent: 1cm; line-height: 16pt;\"><strong><span style=\"font-size: 12pt; font-family: Arial, sans-serif;\">Sade ve samimi, olduk&ccedil;a misafirperver ve gayretli K\u0131rg\u0131z halk\u0131, Sovyetlerin da\u011f\u0131lmas\u0131ndan sonraki ba\u011f\u0131ms\u0131zl\u0131k ve yeniden toparlanma s&uuml;recinde, maalesef k&ouml;t&uuml; ama&ccedil;l\u0131 baz\u0131 dini cemaatlerin ve kavmiyet&ccedil;i kesimlerin istismar\u0131na u\u011frad\u0131klar\u0131ndan d\u0131\u015fardan gelenlere kar\u015f\u0131 bir g&uuml;vensizlik ve tedirginlik sezilmektedir. \u0130\u015fsizli\u011fin artmas\u0131 ve genel sa\u011fl\u0131k sigortas\u0131n\u0131n kalkmas\u0131 nedeniyle ekonomik s\u0131k\u0131nt\u0131lar ve sosyal sars\u0131nt\u0131lar ba\u015f g&ouml;stermi\u015ftir. H&uuml;k&uuml;metler bu sorunlar\u0131 a\u015f\u0131c\u0131 baz\u0131 tedbirlere giri\u015fseler de hen&uuml;z problemler b&uuml;t&uuml;n&uuml;yle giderilmi\u015f de\u011fildir. &Uuml;lkede ciddi ekonomik dinamiklere, sosyal ve psikolojik takviyelere b&uuml;y&uuml;k ihtiya&ccedil; hissedilmektedir.<\/span><\/strong><\/p>\n<p style=\"margin-bottom: 0.0001pt; text-align: justify; text-indent: 1cm; line-height: 16pt;\"><strong><span style=\"font-size: 14pt; font-family: Arial, sans-serif;\">Co\u011frafi yap\u0131:<\/span><\/strong><\/p>\n<p style=\"margin-bottom: 0.0001pt; text-align: justify; text-indent: 1cm; line-height: 16pt;\"><strong><span style=\"font-size: 12pt; font-family: Arial, sans-serif;\">K\u0131rg\u0131zistan Orta Asya&#8217;da yer alan bir &uuml;lkedir. Kom\u015fular\u0131 kuzeyde Kazakistan, bat\u0131da &Ouml;zbekistan, g&uuml;neybat\u0131da Tacikistan ve g&uuml;neydo\u011fuda &Ccedil;in Halk Cumhuriyeti&#8217;dir. Tanr\u0131 Da\u011flar\u0131 &uuml;lkenin %65&#8217;ini kaplar ve &uuml;lke bu y&uuml;zden &#8220;Orta Asya&#8217;n\u0131n \u0130svi&ccedil;re&#8217;si&#8221; olarak bilinir. Kuzeybat\u0131 Tanr\u0131 Da\u011flar\u0131 &uuml;zerinde bulunan ve &uuml;lkenin en b&uuml;y&uuml;k g&ouml;l&uuml; olan&nbsp;<\/span><\/strong><strong><span style=\"font-size: 14pt; font-family: Arial, sans-serif;\">Iss\u0131k G&ouml;l<\/span><\/strong><strong><span style=\"font-size: 12pt; font-family: Arial, sans-serif;\">, Titikaka&#8217;dan sonra d&uuml;nyan\u0131n en b&uuml;y&uuml;k da\u011f g&ouml;llerinden biridir.<\/span><\/strong><\/p>\n<p style=\"margin-bottom: 0.0001pt; text-align: justify; text-indent: 1cm; line-height: 16pt;\"><strong><span style=\"font-size: 14pt; font-family: Arial, sans-serif;\">Demografik yap\u0131:<\/span><\/strong><\/p>\n<p style=\"margin-bottom: 0.0001pt; text-align: justify; text-indent: 1cm; line-height: 16pt;\"><strong><span style=\"font-size: 12pt; font-family: Arial, sans-serif;\">2005 D&uuml;nya Almana\u011f\u0131 verilerine g&ouml;re K\u0131rg\u0131zistan n&uuml;fusu 5.210.450&#8217;dir. Bu n&uuml;fusun %34,4&rsquo;&uuml; 0-15 ya\u015f, %6,2&rsquo;si ise 65 ya\u015f ve &uuml;zeridir. K\u0131rg\u0131zistan&#8217;da halk\u0131n %63,9&rsquo;u \u015fehirlerde geri kalan\u0131 ise k\u0131rsal kesimde ya\u015fam\u0131n\u0131 s&uuml;rd&uuml;rmektedir. &Uuml;lkede kilometrekare ba\u015f\u0131na 29 insan d&uuml;\u015fmektedir. K\u0131rg\u0131zistan&rsquo;\u0131n 2009 y\u0131l\u0131ndaki n&uuml;fusu 5.482.000 olarak tahmin edilmi\u015ftir. K\u0131rg\u0131zistan&#8217;da yerli halk olarak belli olan K\u0131rg\u0131zlard\u0131r (%64,9). Di\u011fer etnik gruplar i&ccedil;inde en b&uuml;y&uuml;k oran\u0131 &Ouml;zbekler (13,8%) ve Ruslar (%12,5) olu\u015fturmaktad\u0131r. K&uuml;&ccedil;&uuml;k gruplar ise Tatarlar (%1,9), Uygurlar (%1,1), Kazaklar (%0,7) ve Ukraynal\u0131lard\u0131r (%0,5).<\/span><\/strong><\/p>\n<p style=\"margin-bottom: 0.0001pt; text-align: justify; text-indent: 1cm; line-height: 16pt;\"><strong><span style=\"font-size: 14pt; font-family: Arial, sans-serif;\">K\u0131rg\u0131zistan, &#8220;K\u0131rg\u0131z &uuml;lkesi&#8221; anlam\u0131na gelir.&nbsp;<\/span><\/strong><strong><span style=\"font-size: 12pt; font-family: Arial, sans-serif;\">K\u0131rg\u0131z isminin k&ouml;keni hakk\u0131nda ise birka&ccedil; teori ileri s&uuml;r&uuml;lmektedir. Bunlardan birincisi &ldquo;-iz&rdquo; eki (iki &#8211; iz=ikiz vb.) alm\u0131\u015f &#8220;k\u0131rk -iz&#8221;den gelir. Yani K\u0131rk-\u0131z, &#8220;K\u0131rklar&#8221; anlam\u0131n\u0131 i&ccedil;ermektedir. Bir ba\u015fka teoriye g&ouml;re de &#8220;K\u0131rg\u0131z&#8221; ismi, &#8220;k\u0131rk uz&#8221; yani &#8220;k\u0131rk boy&#8221; anlam\u0131na gelmektedir ve K\u0131rg\u0131z bayra\u011f\u0131ndaki k\u0131rk kollu g&uuml;ne\u015f de bu k\u0131rk boyu temsil etmektedir.<\/span><\/strong><\/p>\n<p style=\"margin-bottom: 0.0001pt; text-align: justify; text-indent: 1cm; line-height: 16pt;\"><span style=\"font-size: 12pt; font-family: Arial, sans-serif;\">K\u0131rg\u0131zlar, G&ouml;kt&uuml;rk devrinde K&ouml;gmen (Sayan) Da\u011flar\u0131&#8217;n\u0131n kuzeyinde ya\u015fayagelmi\u015flerdir. 840 y\u0131l\u0131nda Uygur Devleti&#8217;ni y\u0131karak bu topraklarda kendi devletlerini meydana getirmi\u015flerdir. Daha sonra bug&uuml;n ya\u015fad\u0131klar\u0131 topraklara gelen K\u0131rg\u0131zlar, Karahanl\u0131lar zaman\u0131nda M&uuml;sl&uuml;manl\u0131\u011f\u0131 se&ccedil;mi\u015flerdir. Toplumlar aras\u0131 kavgalar \u015fiddetlenince K\u0131rg\u0131zlar\u0131n Bag\u0131\u015f uruusu (toplumu), 1881 y\u0131l\u0131nda Rusya \u0130mparatorlu\u011fu&#8217;nun egemenli\u011fi alt\u0131na girmeye karar vermi\u015ftir.<\/span><\/p>\n<p style=\"margin-bottom: 0.0001pt; text-align: justify; text-indent: 1cm; line-height: 16pt;\"><strong><span style=\"font-size: 12pt; font-family: Arial, sans-serif;\">Avrupal\u0131lar\u0131n ba\u015fta Afrika olmak &uuml;zere s&ouml;m&uuml;rgeler edinmeye ba\u015flad\u0131\u011f\u0131 1720&rsquo;lerde, Rusya hammadde tedariki ve pazar temini i&ccedil;in Orta Asya&rsquo;ya y&ouml;nelmi\u015fti. Bir as\u0131r kadar &ouml;zellikle M&uuml;sl&uuml;man T&uuml;rklerin ya\u015fad\u0131\u011f\u0131 &uuml;lkelere diplomatik heyetler ve ticari ekipler g&ouml;nderip i\u015fgal i&ccedil;in alt yap\u0131 haz\u0131rl\u0131klar\u0131na giri\u015fmi\u015fti. B&ouml;lgedeki &uuml;lke halklar\u0131n\u0131n etnik, k&uuml;lt&uuml;rel, dini ve mezhebi farkl\u0131l\u0131klar\u0131n\u0131 k\u0131\u015fk\u0131rt\u0131p taraflar\u0131 kendisine mecbur ve mahk&ucirc;m hale getirmi\u015fti. &Ouml;yle ki baz\u0131 K\u0131rg\u0131z Boylar\u0131 ve Beyleri bizzat kendileri Rus himayesine girmi\u015fti. 1820&rsquo;lerdeki &Ccedil;arl\u0131k Rusya&rsquo;s\u0131 bu b&ouml;lgeleri fiilen i\u015fgal etmi\u015fti. Bir as\u0131r da b&ouml;yle devam ettikten sonra bu &uuml;lkeler otomatikman Kom&uuml;nizm&rsquo;in g&uuml;d&uuml;m&uuml;ne girmi\u015fti. Derken 1990&rsquo;larda Sovyetlerin da\u011f\u0131lmas\u0131 &uuml;zerine yeniden ba\u011f\u0131ms\u0131zl\u0131k ve toparlanma s&uuml;reci ba\u015flay\u0131nca, Rahmetli Erbakan Hoca, &uuml;stat S&uuml;leyman Karag&uuml;l&rsquo;&uuml;n ba\u015fkanl\u0131\u011f\u0131nda bir ekibi K\u0131rg\u0131zistan&rsquo;a g&ouml;nderip; Bakanl\u0131klar\u0131n ve ba\u011fl\u0131 kurumlar\u0131n yeniden te\u015fkilatland\u0131r\u0131lmas\u0131, para biriminin (som) ayarlanmas\u0131, ka\u011f\u0131t ve madeni paralar\u0131n bas\u0131lmas\u0131, kredi kurumlar\u0131n\u0131n ve okullar\u0131n yap\u0131land\u0131r\u0131lmas\u0131 konular\u0131nda projeler &uuml;retip ger&ccedil;ekle\u015ftirmi\u015f ve Devlet Ba\u015fkan\u0131na dan\u0131\u015fmanl\u0131k edilmi\u015fti. Fakat Cumhurba\u015fkan\u0131 S&uuml;leyman Demirel&rsquo;in&nbsp;<\/span><\/strong><strong><em><span style=\"font-size: 14pt; font-family: Arial, sans-serif;\">&ldquo;Milli G&ouml;r&uuml;\u015f&uuml; a\u015f\u0131r\u0131 dinci ve tehdit merkezi&rdquo;&nbsp;<\/span><\/em><\/strong><strong><span style=\"font-size: 12pt; font-family: Arial, sans-serif;\">olarak g&ouml;sterdi\u011fi mektubu &uuml;zerine maalesef bu hizmetlere son verilmi\u015fti.<\/span><\/strong><\/p>\n<p style=\"margin-bottom: 0.0001pt; text-align: justify; text-indent: 1cm; line-height: 16pt;\"><strong><span style=\"font-size: 16pt; font-family: Arial, sans-serif;\">Kom&uuml;nist Sovyet D&ouml;nemi<\/span><\/strong><\/p>\n<p style=\"margin-bottom: 0.0001pt; text-align: justify; text-indent: 1cm; line-height: 16pt;\"><strong><span style=\"font-size: 12pt; font-family: Arial, sans-serif;\">1919&#8217;da Sovyet g&uuml;c&uuml; b&ouml;lgede mecburen kabul edilmi\u015ftir ve Rusya Sovyet Federatif Sosyalist Cumhuriyeti i&ccedil;inde Kara-K\u0131rg\u0131z &Ouml;zerk B&ouml;lgesi meydana getirilmi\u015ftir. Kara-K\u0131rg\u0131z terimi 1920&#8217;lerin ortas\u0131nda Ruslar onlar\u0131 ayn\u0131 zamanda K\u0131rg\u0131z olarak bak\u0131lan Kazaklardan ay\u0131r\u0131ncaya kadar kullan\u0131lagelmi\u015ftir. 5 Aral\u0131k 1936&#8217;da K\u0131rg\u0131z Sovyet Sosyalist Cumhuriyeti, tam bir Sovyetler Birli\u011fi cumhuriyeti haline getirilmi\u015ftir. 1920&#8217;ler boyunca K\u0131rg\u0131zistan, k&uuml;lt&uuml;r, e\u011fitim ve sosyal ya\u015fam a&ccedil;\u0131s\u0131ndan k\u0131smen geli\u015ftirildi, okuryazarl\u0131k oran\u0131 b&uuml;y&uuml;k &ouml;l&ccedil;&uuml;de geni\u015flemi\u015f ve standart bir edebi dil ger&ccedil;ekle\u015fmi\u015ftir. Bu d&ouml;nemde sosyal yap\u0131da da &ouml;nemli de\u011fi\u015fim ve dejenerasyon meydana gelmi\u015ftir. Kom&uuml;nist Sovyet Rusya&rsquo;n\u0131n h&acirc;kimiyeti s&uuml;recinde di\u011fer &uuml;lkelerde oldu\u011fu gibi maalesef K\u0131rg\u0131zistan&rsquo;da da zoraki bir inan&ccedil; ve maneviyat tahribine giri\u015filmi\u015f, ahlaki ve ailevi disiplin dejenere edilmek istenmi\u015f, ama sa\u011flam \u0130slami temeller ve Milli gelenekler sayesinde K\u0131rg\u0131z T&uuml;rkleri kendi k&ouml;klerini ve k&uuml;lt&uuml;rlerini m&uuml;mk&uuml;n mertebe koruyabilmi\u015ftir. K\u0131rg\u0131z milli k&uuml;lt&uuml;r&uuml;n&uuml;n &ccedil;ok say\u0131da y&ouml;nleri Stalin&#8217;in milliyet&ccedil;i eyleminin bask\u0131s\u0131na ra\u011fmen muhafaza edilmi\u015ftir ve bu nedenle, t&uuml;m Birlik otoriteleri ile olan gerginlikler s&uuml;regelmi\u015ftir. Sovyetlerin s&ouml;zde a&ccedil;\u0131kl\u0131k ve d&uuml;r&uuml;stl&uuml;k politikas\u0131n\u0131n ilk y\u0131llar\u0131, K\u0131rg\u0131zistan&#8217;da politik iklimini fazla etkilememi\u015ftir. Bununla birlikte Cumhuriyet&#8217;in bas\u0131n mensuplar\u0131na daha fazla liberal bak\u0131\u015f edinmeleri ve Yazarlar Birli\u011fi&#8217;nce yeni bir yay\u0131n olan Literaturniy Kirghizstan&#8217;\u0131 kurmalar\u0131 i&ccedil;in izin verilmi\u015ftir.<\/span><\/strong><\/p>\n<p style=\"margin-bottom: 0.0001pt; text-align: justify; text-indent: 1cm; line-height: 16pt;\"><span style=\"font-size: 12pt; font-family: Arial, sans-serif;\">1990 y\u0131l\u0131n\u0131n Haziran ay\u0131nda &Ouml;zbekler ve K\u0131rg\u0131zlar aras\u0131ndaki etnik gerginlikler &Ouml;zbeklerin yo\u011fun oldu\u011fu O\u015f \u0130li&#8217;ni kar\u0131\u015ft\u0131r\u0131vermi\u015fti. \u015eiddetli kar\u015f\u0131la\u015fmalar birbirini izledi ve mecburen soka\u011fa &ccedil;\u0131kma yasa\u011f\u0131 ilan edildi. 1990 y\u0131l\u0131n\u0131n A\u011fustos ay\u0131na kadar d&uuml;zen eski haline getirilemedi. 1990&#8217;lar\u0131n ba\u015flar\u0131 K\u0131rg\u0131zistan&#8217;a yeni de\u011fi\u015fimler getirdi. K\u0131rg\u0131zistan Demokratik Hareketi, Parlamento&#8217;nun deste\u011fiyle &ouml;nemli bir politik g&uuml;&ccedil; haline geldi. K\u0131rg\u0131z Bilim Akademisi&#8217;nin liberal ba\u015fkan\u0131&nbsp;<\/span><strong><span style=\"font-size: 14pt; font-family: Arial, sans-serif;\">Askar Akayev&nbsp;<\/span><\/strong><span style=\"font-size: 12pt; font-family: Arial, sans-serif;\">1990 y\u0131l\u0131n\u0131n Ekim ay\u0131nda ba\u015fkan se&ccedil;ildi. Takip eden Ocak ay\u0131nda Akayev, yeni h&uuml;k&uuml;met yap\u0131lar\u0131n\u0131 &ouml;ne s&uuml;rd&uuml; ve &ccedil;o\u011funlukla daha gen&ccedil; ve reforma y&ouml;nelik politikac\u0131lardan olu\u015fan yeni bir h&uuml;k&uuml;met tayin etti.<\/span><\/p>\n<p style=\"margin-bottom: 0.0001pt; text-align: justify; text-indent: 1cm; line-height: 16pt;\"><span style=\"font-size: 12pt; font-family: Arial, sans-serif;\">1990 y\u0131l\u0131n\u0131n Aral\u0131k ay\u0131nda Y&uuml;ksek Sovyet, cumhuriyetin ad\u0131n\u0131 K\u0131rg\u0131zistan Cumhuriyeti olarak de\u011fi\u015ftirmek &uuml;zere oy verdi. 1991 y\u0131l\u0131n\u0131n \u015eubat ay\u0131nda ba\u015fkent Frunze&#8217;nin ad\u0131 devrim &ouml;ncesi ad\u0131 olan Bi\u015fkek olarak de\u011fi\u015ftirildi. Ba\u011f\u0131ms\u0131zl\u0131\u011fa giden bu estetik hareketlere ra\u011fmen, ekonomik ger&ccedil;eklikler Eski Sovyetler Birli\u011fi&#8217;nden ayr\u0131lmaya kar\u015f\u0131 durur gibi g&ouml;z&uuml;kmekteydi. 1991 y\u0131l\u0131n\u0131n Mart ay\u0131ndaki Sovyet Sosyalist Cumhuriyetler Birli\u011fi&#8217;nin yapt\u0131\u011f\u0131 bir referandumda se&ccedil;menlerin %95,7&#8217;si eski Sovyetler Birli\u011fi&#8217;nin yenilenmi\u015f federasyon olarak tutulmas\u0131 teklifini uygun g&ouml;rm&uuml;\u015flerdi.<\/span><\/p>\n<p style=\"margin-bottom: 0.0001pt; text-align: justify; text-indent: 1cm; line-height: 16pt;\"><span style=\"font-size: 12pt; font-family: Arial, sans-serif;\">19 A\u011fustos 1991&#8217;de Ola\u011fan&uuml;st&uuml; Hal Komitesi, K\u0131rg\u0131zistan&#8217;da Akayev&#8217;i indirme giri\u015fiminin g&ouml;r&uuml;ld&uuml;\u011f&uuml; Moskova&#8217;da g&uuml;&ccedil; elde etti. Ertesi hafta darbenin s&ouml;nmesinden sonra Akayev ve \u0130kinci Ba\u015fkan German Kuznetsov Sovyetler Birli\u011fi Kom&uuml;nist Partisi&#8217;nden istifalar\u0131n\u0131 a&ccedil;\u0131klad\u0131lar ve t&uuml;m daire ve sekreterya istifa etti. Bunu 31 A\u011fustos 1991&#8217;de Sovyet Sosyalist Cumhuriyetler Birli\u011fi&#8217;nden ba\u011f\u0131ms\u0131zl\u0131\u011f\u0131 sa\u011flayan Y&uuml;ksek Sovyet oylamas\u0131 takip etti.<\/span><\/p>\n<p style=\"margin-bottom: 0.0001pt; text-align: justify; text-indent: 1cm; line-height: 16pt;\"><strong><span style=\"font-size: 12pt; font-family: Arial, sans-serif;\">Ba\u011f\u0131ms\u0131zl\u0131k S&uuml;reci<\/span><\/strong><\/p>\n<p style=\"margin-bottom: 0.0001pt; text-align: justify; text-indent: 1cm; line-height: 16pt;\"><strong><span style=\"font-size: 12pt; font-family: Arial, sans-serif;\">1991 y\u0131l\u0131n\u0131n Ekim ay\u0131nda Akayev rakipsiz olarak ve oylar\u0131n %95&#8217;ini alarak do\u011frudan yeni ba\u011f\u0131ms\u0131z cumhuriyetin ba\u015fkan\u0131 yap\u0131ld\u0131. O ay di\u011fer yedi cumhuriyetin delegeleriyle birlikte Yeni Ekonomik Toplum Pakt\u0131&#8217;n\u0131 imzalad\u0131. Sonunda 21 Aral\u0131k 1991&#8217;de di\u011fer d&ouml;rt Orta Asya cumhuriyeti ile birlikte Ba\u011f\u0131ms\u0131z Devletler Toplulu\u011fu&#8217;na resmen kat\u0131ld\u0131. 1992&#8217;de K\u0131rg\u0131zistan, Birle\u015fmi\u015f Milletler ve Avrupa G&uuml;venlik ve \u0130\u015fbirli\u011fi Te\u015fkilat\u0131&#8217;na kat\u0131ld\u0131. 2005 y\u0131l\u0131n\u0131n Mart ay\u0131ndaki parlamenter se&ccedil;imlerden sonraki Lale Devri, Ba\u015fkan Akayev&#8217;i 4 Nisan 2005&#8217;te istifaya zorlad\u0131. Muhalefet liderleri koalisyon kurdular ve yeni h&uuml;k&uuml;met Ba\u015fkan Kurmanbek Bakiyev ve Ba\u015fbakan Feliks Kulov alt\u0131nda \u015fekillenmi\u015f durumdayd\u0131.<\/span><\/strong><\/p>\n<p style=\"margin-bottom: 0.0001pt; text-align: justify; text-indent: 1cm; line-height: 16pt;\"><strong><span style=\"font-size: 14pt; font-family: Arial, sans-serif;\">Siyaset ve sistem \u015fekli:<\/span><\/strong><\/p>\n<p style=\"margin-bottom: 0.0001pt; text-align: justify; text-indent: 1cm; line-height: 16pt;\"><span style=\"font-size: 12pt; font-family: Arial, sans-serif;\">K\u0131rg\u0131zistan Cumhuriyeti anayasaya g&ouml;re parlamenter demokrasi ile y&ouml;netilen laik ve &uuml;niter bir devlettir. Y&uuml;r&uuml;tme yetkisi h&uuml;k&uuml;met taraf\u0131ndan icra edilir. Yasama yetkisi ise h&uuml;k&uuml;met ve meclise aittir. K\u0131rg\u0131zistan, ba\u011f\u0131ms\u0131zl\u0131\u011f\u0131n\u0131 kazanmas\u0131 ve serbest piyasa ekonomisine ge&ccedil;i\u015fle birlikte ciddi ekonomik sorunlar ba\u015f g&ouml;stermi\u015ftir. Artan i\u015fsizlik ve enflasyon gibi sorunlar yoksulluk ve a&ccedil;l\u0131\u011f\u0131n ortaya &ccedil;\u0131kmas\u0131na sebebiyet vermi\u015ftir. 2000 y\u0131l\u0131nda yap\u0131lan genel se&ccedil;imlerde Kom&uuml;nist Parti %27.65 oy alarak meclisteki en g&uuml;&ccedil;l&uuml; parti oldu. Ancak meclisteki farkl\u0131 siyasi e\u011filimler &uuml;lkede istikrarl\u0131 bir ekonominin uygulanmas\u0131n\u0131 engellemi\u015ftir.<\/span><\/p>\n<p style=\"margin-bottom: 0.0001pt; text-align: justify; text-indent: 1cm; line-height: 16pt;\"><strong><span style=\"font-size: 12pt; font-family: Arial, sans-serif;\">2007 genel se&ccedil;imleri:&nbsp;<\/span><\/strong><span style=\"font-size: 12pt; font-family: Arial, sans-serif;\">16 Aral\u0131k 2007&#8217;de yap\u0131lan parlamento se&ccedil;imlerinde ise Ak Yol Partisi %46,99 oy alarak birinci geldi ve 71 milletvekili elde etmi\u015ftir. Kom&uuml;nist Parti ise %5,12 oy oran\u0131yla 8 milletvekili &ccedil;\u0131karabilmi\u015ftir. K\u0131rg\u0131zistan Sosyal Demokrat Partisi ise %5,05 oy alabilmi\u015ftir.<\/span><\/p>\n<p style=\"margin-bottom: 0.0001pt; text-align: justify; text-indent: 1cm; line-height: 16pt;\"><strong><span style=\"font-size: 12pt; font-family: Arial, sans-serif;\">2010 genel se&ccedil;imleri ve neticeleri:&nbsp;<\/span><\/strong><span style=\"font-size: 12pt; font-family: Arial, sans-serif;\">6 Nisan 2010 tarihinde Talas&#8217;ta ba\u015flayan halk isyan\u0131, ertesi g&uuml;n ba\u015fkent Bi\u015fkek&#8217;e s\u0131&ccedil;ray\u0131nca olaylar\u0131n y&uuml;kselmesi &uuml;zerine h&uuml;k&uuml;met istifa etmi\u015ftir. Kurulan ge&ccedil;ici h&uuml;k&uuml;metin ba\u015f\u0131na ise D\u0131\u015fi\u015fleri eski Bakan\u0131 ve Sosyal Demokrat Partisi Milletvekili Roza Otunbayeva getirilmi\u015ftir.<\/span><\/p>\n<p style=\"margin-bottom: 0.0001pt; text-align: justify; text-indent: 1cm; line-height: 16pt;\"><strong><span style=\"font-size: 12pt; font-family: Arial, sans-serif;\">Demokrasi<\/span><\/strong><\/p>\n<p style=\"margin-bottom: 0.0001pt; text-align: justify; text-indent: 1cm; line-height: 16pt;\"><strong><span style=\"font-size: 12pt; font-family: Arial, sans-serif;\">1991&#8217;den beri cumhurba\u015fkan\u0131 de\u011fi\u015fen ve &ccedil;ok partili sisteme ge&ccedil;erek, Jogorku Kene\u015f&#8217;te (meclis) muhalefetin temsil edildi\u011fi tek b&ouml;lge &uuml;lkesidir.<\/span><\/strong><\/p>\n<p style=\"margin-bottom: 0.0001pt; text-align: justify; text-indent: 1cm; line-height: 16pt;\"><strong><span style=\"font-size: 12pt; font-family: Arial, sans-serif;\">Diller<\/span><\/strong><\/p>\n<p style=\"margin-bottom: 0.0001pt; text-align: justify; text-indent: 1cm; line-height: 16pt;\"><span style=\"font-size: 12pt; font-family: Arial, sans-serif;\">K\u0131rg\u0131zca Eyl&uuml;l 1991&#8217;den beri &uuml;lkenin resm&icirc; dilidir. Bunun yan\u0131nda Rus&ccedil;a da bu &uuml;lkede resm&icirc; konuma sahiptir. K\u0131rg\u0131zca T&uuml;rk leh&ccedil;elerinin K\u0131p&ccedil;ak Grubu&#8217;na mensup bir leh&ccedil;e olarak kabul edilir. Ayr\u0131ca, onu G&uuml;ney Sibirya b&ouml;lgesi i&ccedil;inde bir T&uuml;rk \u015fivesi olarak da kabul edilir. 20. y&uuml;zy\u0131la kadar Arap alfabesi kullan\u0131larak yaz\u0131lan K\u0131rg\u0131zca 1928&#8217;de Latin alfabesini, 1948&#8217;de ise Rus Kiril alfabesini kullanmaya mecbur edilmi\u015ftir.<\/span><\/p>\n<p style=\"margin-bottom: 0.0001pt; text-align: justify; text-indent: 1cm; line-height: 16pt;\"><strong><span style=\"font-size: 12pt; font-family: Arial, sans-serif;\">Dinler:<\/span><\/strong><\/p>\n<p style=\"margin-bottom: 0.0001pt; text-align: justify; text-indent: 1cm; line-height: 16pt;\"><strong><span style=\"font-size: 12pt; font-family: Arial, sans-serif;\">K\u0131rg\u0131zistan halk\u0131 Sovyet Sosyalist Cumhuriyetler Birli\u011fi d&ouml;nemleri di\u011fer birlik &uuml;yeleri gibi Devlet Ateizmi i&ccedil;inde ya\u015fam\u0131\u015ft\u0131r. Bug&uuml;n K\u0131rg\u0131zistan&#8217;\u0131n resmi dini \u0130slam&#8217;d\u0131r. M&uuml;sl&uuml;man oran\u0131 %76&#8217;d\u0131r. &Uuml;lkede %18 H\u0131ristiyan, %2 Budist, %4 Ateist bulunur.<\/span><\/strong><\/p>\n<p style=\"margin-bottom: 0.0001pt; text-align: justify; text-indent: 1cm; line-height: 16pt;\"><strong><span style=\"font-size: 12pt; font-family: Arial, sans-serif;\">Y&ouml;netim Birimleri<\/span><\/strong><\/p>\n<p style=\"margin-bottom: 0.0001pt; text-align: justify; text-indent: 1cm; line-height: 16pt;\"><strong><span style=\"font-size: 12pt; font-family: Arial, sans-serif;\">K\u0131rg\u0131zistan, ba\u015fkent Bi\u015fkek d&acirc;hil 8 ile (oblast) ayr\u0131lm\u0131\u015f vaziyettedir. Ba\u015fkent Bi\u015fkek&#8217;tir. \u0130ller, ba\u015fkent ve il merkezleri: 1. Bi\u015fkek (eskiden Frunze), 2. Batken (Batken), 3. &Ccedil;uy (Tokmok), 4. Calal-Abad (Celal-Abad), 5. Nar\u0131n (Nar\u0131n), 6. O\u015f (O\u015f), 7. Talas (Talas), 8. Iss\u0131k-G&ouml;l (Karakol)<\/span><\/strong><\/p>\n<p style=\"margin-bottom: 0.0001pt; text-align: justify; text-indent: 1cm; line-height: 16pt;\"><strong><span style=\"font-size: 12pt; font-family: Arial, sans-serif;\">K&uuml;lt&uuml;r ve E\u011fitim:<\/span><\/strong><\/p>\n<p style=\"margin-bottom: 0.0001pt; text-align: justify; text-indent: 1cm; line-height: 16pt;\"><span style=\"font-size: 12pt; font-family: Arial, sans-serif;\">K\u0131rg\u0131zlar &ouml;nceleri g&ouml;&ccedil;ebe oldu\u011fundan e\u011fitime &ouml;nem verilmemi\u015ftir. Sovyet Sosyalist Cumhuriyetler Birli\u011fi zaman\u0131nda e\u011fitim alan\u0131nda &ouml;nemli giri\u015fimler g&ouml;r&uuml;lmektedir. 1934 y\u0131l\u0131nda 7 y\u0131ll\u0131k okul okuma zorunlulu\u011fu getirilmi\u015ftir. 1950 y\u0131l\u0131ndan itibaren bu zorunlulu\u011funa uyulmas\u0131 ile birlikte e\u011fitim geli\u015fmi\u015ftir. K\u0131rg\u0131zistan \u0130limler Akademisi 1965 y\u0131l\u0131nda kurulmu\u015ftur. Bug&uuml;n 17 ara\u015ft\u0131rma enstit&uuml;s&uuml; mevcuttur.<\/span><\/p>\n<p style=\"margin-bottom: 0.0001pt; text-align: justify; text-indent: 1cm; line-height: 16pt;\"><strong><span style=\"font-size: 12pt; font-family: Arial, sans-serif;\">&Uuml;niversiteler:<\/span><\/strong><\/p>\n<p style=\"margin-bottom: 0.0001pt; text-align: justify; text-indent: 1cm; line-height: 16pt;\"><strong><span style=\"font-size: 12pt; font-family: Arial, sans-serif;\">K\u0131rg\u0131zistan&#8217;da 40 civar\u0131nda &uuml;niversite bulunmaktad\u0131r. K\u0131rg\u0131zistan&#8217;daki belli &uuml;niversiteler \u015funlard\u0131r:&nbsp;<\/span><\/strong><strong><span style=\"font-size: 12pt; font-family: Arial, sans-serif;\">Uluslararas\u0131 Atat&uuml;rk-Alatoo &Uuml;niversitesi, Orta Asya Amerikan &Uuml;niversitesi, \u0130ktisat ve Giri\u015fimcilik &Uuml;niversitesi, Bi\u015fkek Arabaev &Uuml;niversitesi, K\u0131rg\u0131z-Rus Slav &Uuml;niversitesi, Ulusal K\u0131rg\u0131z &Uuml;niversitesi, K\u0131rg\u0131zistan-T&uuml;rkiye Manas &Uuml;niversitesi, Bi\u015fkek Be\u015feri Bilimler &Uuml;niversitesi, Uluslararas\u0131 K\u0131rg\u0131zistan &Uuml;niversitesi, O\u015f Devlet &Uuml;niversitesi, K\u0131rg\u0131z &Ouml;zbek &Uuml;niversitesi, O\u015f Teknoloji &Uuml;niversitesi, Kas\u0131m T\u0131n\u0131stanov &Uuml;niversitesi.<\/span><\/strong><\/p>\n<p style=\"margin-bottom: 0.0001pt; text-align: justify; text-indent: 1cm; line-height: 16pt;\"><strong><span style=\"font-size: 12pt; font-family: Arial, sans-serif;\">Edebiyat<\/span><\/strong><\/p>\n<p style=\"margin-bottom: 0.0001pt; text-align: justify; text-indent: 1cm; line-height: 16pt;\"><strong><span style=\"font-size: 12pt; font-family: Arial, sans-serif;\">K\u0131rg\u0131z halk edebiyat\u0131nda Manas Destan\u0131 &ouml;nemli bir yere sahiptir. Daha sonralar\u0131 baz\u0131 Bat\u0131l\u0131 T&uuml;rkiyat&ccedil;\u0131 ve \u015earkiyat&ccedil;\u0131lar, Manas Destan\u0131n\u0131 K\u0131rg\u0131zlar\u0131 \u0130slam&rsquo;dan &uuml;rk&uuml;tme ve \u0131rk&ccedil;\u0131l\u0131k damar\u0131n\u0131 k&ouml;r&uuml;kleme kast\u0131yla istismar etmi\u015flerdir. K\u0131rg\u0131z edebiyat\u0131n\u0131n kurucusu olarak Toktoul Sat\u0131lgan kabul edilir. K\u0131rg\u0131zlar\u0131n d&uuml;nyaca me\u015fhur edebiyat&ccedil;\u0131lar\u0131 Cengiz Aytmatov&rsquo;dur.<\/span><\/strong><\/p>\n<p style=\"margin-bottom: 0.0001pt; text-align: justify; text-indent: 1cm; line-height: 16pt;\"><strong><span style=\"font-size: 12pt; font-family: Arial, sans-serif;\">Turizm:<\/span><\/strong><\/p>\n<p style=\"margin-bottom: 0.0001pt; text-align: justify; text-indent: 1cm; line-height: 16pt;\"><span style=\"font-size: 12pt; font-family: Arial, sans-serif;\">Sovyet Sosyalist Cumhuriyetler Birli\u011fi zaman\u0131nda &uuml;lke, birli\u011fin &ouml;nemli bir turizm merkezine d&ouml;n&uuml;\u015fm&uuml;\u015ft&uuml;. Son senelerde Iss\u0131k G&ouml;l &ccedil;evresine y&uuml;z binlerce turist gelmektedir. Sovyet Sosyalist Cumhuriyetler Birli\u011fi&#8217;nin da\u011f\u0131lmas\u0131ndan sonra se&ccedil;ilen K\u0131rg\u0131zistan Ba\u015fkan\u0131 Askar Akayev yapt\u0131\u011f\u0131 bir a&ccedil;\u0131klamada turizmin &uuml;lke ekonomisine en &ouml;nemli katk\u0131y\u0131 yapabilecek sekt&ouml;r oldu\u011funu ifade etmi\u015ftir. &Uuml;lke son y\u0131llarda turizm alan\u0131nda b&uuml;y&uuml;k geli\u015fmeler g&ouml;stermektedir. Denize k\u0131y\u0131s\u0131 olmasa da yaz mevsimlerinde g&ouml;l turizmi yap\u0131lmakta, ayr\u0131ca &uuml;lke da\u011flarla kapl\u0131 olmas\u0131 nedeniyle k\u0131\u015f sporlar\u0131na ba\u011fl\u0131 turizm geli\u015fmektedir. K\u0131\u015f sporlar\u0131ndan sonra do\u011fa gezileri, termal turizm yap\u0131lmaktad\u0131r. &Uuml;lkenin turist &ccedil;eken ba\u015fka bir &ouml;zelli\u011fi ise &ccedil;ok say\u0131lardaki ormanlar ve Iss\u0131k G&ouml;l&#8217;e sahip olmas\u0131d\u0131r. Bunlar yaz turizmine a&ccedil;\u0131k yerlerdir.<\/span><\/p>\n<p style=\"margin-bottom: 0.0001pt; text-align: justify; text-indent: 1cm; line-height: 16pt;\"><strong><span style=\"font-size: 12pt; font-family: Arial, sans-serif;\">Ekonomi:<\/span><\/strong><\/p>\n<p style=\"margin-bottom: 0.0001pt; text-align: justify; text-indent: 1cm; line-height: 16pt;\"><strong><span style=\"font-size: 12pt; font-family: Arial, sans-serif;\">&Uuml;lke ekonomisi tar\u0131m ve madencili\u011fe dayal\u0131d\u0131r, daha &ccedil;ok hayvanc\u0131l\u0131k a\u011f\u0131rl\u0131kl\u0131 bir tar\u0131m ekonomisi h&acirc;kimdir. K\u0131rg\u0131zistan &ccedil;ok do\u011fal ve lezzetli et ve s&uuml;t &uuml;r&uuml;nlerine sahiptir. Ba\u015fl\u0131ca tar\u0131m &uuml;r&uuml;nleri bu\u011fday, pamuk, \u015fekerpancar\u0131, m\u0131s\u0131r, t&uuml;t&uuml;n, sebze ve meyvedir. Da\u011fl\u0131k b&ouml;lgelerde yar\u0131\u015f atlar\u0131 yeti\u015ftirilir, tav\u015fan beslenir, ar\u0131c\u0131l\u0131k yap\u0131l\u0131r ve &ccedil;ok kaliteli bal &uuml;retilir. En &ccedil;ok k&uuml;&ccedil;&uuml;kba\u015f hayvan beslenir. K\u0131rg\u0131zistan&#8217;da 1970&#8217;li y\u0131llarda &ccedil;e\u015fitli madenler &ccedil;\u0131kar\u0131lmaya ba\u015flan\u0131nca bu sahada baz\u0131 geli\u015fmeler g&ouml;zlenmi\u015ftir. Makine ve otomotiv yan sanayi, g\u0131da, &ccedil;imento, cam ve konserve fabrikalar\u0131 d\u0131\u015f\u0131nda sanayi fazla geli\u015fmemi\u015ftir. Akarsu &uuml;zerlerinde kurulan hidroelektrik santralleri ekonomiye &ouml;nemli &ouml;l&ccedil;&uuml;de katk\u0131 da vermektedir. &Uuml;lkede irili ufakl\u0131 600 civar\u0131nda at&ouml;lye ve k&uuml;&ccedil;&uuml;k fabrika bilinmektedir. K\u0131rg\u0131zistan&rsquo;da son y\u0131llarda do\u011fal g&uuml;zelliklerin etkisi ile turizm faaliyetleri de geli\u015fmekte ve bu da &uuml;lke ekonomisine b&uuml;y&uuml;k katk\u0131 &uuml;retmektedir. Ekonomik ve siyasi y&ouml;nden hal&acirc; &ouml;nemli &ouml;l&ccedil;&uuml;de Rusya&rsquo;n\u0131n g&ouml;lgesindedir.<\/span><\/strong><\/p>\n<p style=\"margin-bottom: 0.0001pt; text-align: justify; text-indent: 1cm; line-height: 16pt;\"><strong><span style=\"font-size: 12pt; font-family: Arial, sans-serif;\">Ula\u015f\u0131m:<\/span><\/strong><\/p>\n<p style=\"margin-bottom: 0.0001pt; text-align: justify; text-indent: 1cm; line-height: 16pt;\"><span style=\"font-size: 12pt; font-family: Arial, sans-serif;\">&Uuml;lkenin da\u011fl\u0131k yap\u0131s\u0131ndan &ouml;t&uuml;r&uuml; ula\u015f\u0131m b&uuml;y&uuml;k &ouml;l&ccedil;&uuml;de k\u0131s\u0131tlanm\u0131\u015ft\u0131r. Yollar, y&uuml;ksekli\u011fi 2000 metre ve &uuml;zerini bulabilen rak\u0131mlar ve dik vadilerden dolay\u0131 s\u0131k s\u0131k viraj yapmak durumundad\u0131r. K\u0131\u015f boyunca ula\u015f\u0131m &uuml;lkenin kimi y&uuml;ksek rak\u0131ml\u0131 ve tenha b&ouml;lgelerinde hemen hemen imk&acirc;ns\u0131zd\u0131r. Bunun yan\u0131nda ula\u015f\u0131m\u0131 g&uuml;&ccedil;le\u015ftiren di\u011fer etmenlerden biri de kara ve demiryolunun bug&uuml;n uluslararas\u0131 s\u0131n\u0131rlarla kesilmi\u015f olmas\u0131d\u0131r. Bu da, yollar\u0131n kapal\u0131 olmad\u0131\u011f\u0131 yerlerde bir&ccedil;ok zaman al\u0131c\u0131 formalite gerektirdi\u011finden ula\u015f\u0131m\u0131 zorla\u015ft\u0131rmaktad\u0131r.<\/span><\/p>\n<p style=\"margin-bottom: 0.0001pt; text-align: justify; text-indent: 1cm; line-height: 16pt;\"><strong><span style=\"font-size: 16pt; font-family: Arial, sans-serif;\">Talas Muharebesi<\/span><\/strong><\/p>\n<p style=\"margin-bottom: 0.0001pt; text-align: justify; text-indent: 1cm; line-height: 16pt;\"><strong><span style=\"font-size: 14pt; font-family: Arial, sans-serif;\">Talas Muharebesi<\/span><\/strong><strong><span style=\"font-size: 12pt; font-family: Arial, sans-serif;\">, 751 y\u0131l\u0131nda bug&uuml;nk&uuml; K\u0131rg\u0131zistan s\u0131n\u0131rlar\u0131 i&ccedil;indeki Talas Nehri civar\u0131nda, Abb&acirc;s&icirc;ler ve m&uuml;ttefiki olan Karluklar ile &Ccedil;inliler aras\u0131nda yap\u0131lan ve 5 g&uuml;n s&uuml;ren muharebedir. &Ccedil;in ordusunun yenilgisi ile sonu&ccedil;lanan muharebe gerek &Ccedil;in, gerekse T&uuml;rk ve \u0130slam tarihi a&ccedil;\u0131s\u0131ndan &ouml;nemlidir.<\/span><\/strong><\/p>\n<p style=\"margin-bottom: 0.0001pt; text-align: justify; text-indent: 1cm; line-height: 16pt;\"><strong><span style=\"font-size: 16pt; font-family: Arial, sans-serif;\">Olaylar\u0131n geli\u015fimi ve neticeleri:<\/span><\/strong><\/p>\n<p style=\"margin-bottom: 0.0001pt; text-align: justify; text-indent: 1cm; line-height: 16pt;\"><strong><span style=\"font-size: 12pt; font-family: Arial, sans-serif;\">Par&ccedil;alanan T&uuml;rgi\u015flerin &ldquo;Kara T&uuml;rgi\u015fler&rdquo; grubu M. 742&#8217;de &Ccedil;inlilerin deste\u011fiyle Tumo&ccedil;a komutas\u0131nda ba\u011f\u0131ms\u0131zl\u0131klar\u0131n\u0131 koruyagelmi\u015fti. Ke\u015f&#8217;teki (bug&uuml;nk&uuml; Ta\u015fkent) Kara T&uuml;rgi\u015flerin sonraki h&uuml;k&uuml;mdar\u0131&nbsp;<\/span><\/strong><strong><span style=\"font-size: 14pt; font-family: Arial, sans-serif;\">Bahad\u0131r Tudun<\/span><\/strong><strong><span style=\"font-size: 12pt; font-family: Arial, sans-serif;\">, &Ccedil;inli komutan Kao Siyen &Ccedil;e (ya da Gao Hsien-&ccedil;\u0131) taraf\u0131ndan 751&#8217;de &ouml;ld&uuml;r&uuml;l&uuml;p b&uuml;t&uuml;n mallar\u0131 ele ge&ccedil;irildi ve \u015fehri ya\u011fma edildi. &Ccedil;inli komutan, h&uuml;k&uuml;mdar ile antla\u015fma yapt\u0131\u011f\u0131 halde ona komplo kurup h\u0131yanet etmi\u015fti. Bu olaydan sonra ka&ccedil;may\u0131 ba\u015faran h&uuml;k&uuml;mdar\u0131n o\u011flu M&uuml;sl&uuml;man Araplardan yard\u0131m istemi\u015fti. Bu geli\u015fmeden bir y\u0131l &ouml;nce Emev&icirc;ler y\u0131k\u0131larak (750) yerlerine Abbasiler gelmi\u015fti.&nbsp;<\/span><\/strong><strong><span style=\"font-size: 14pt; font-family: Arial, sans-serif;\">Ebu M&uuml;slim Horasani<\/span><\/strong><strong><span style=\"font-size: 12pt; font-family: Arial, sans-serif;\">&nbsp;745 y\u0131l\u0131nda Emev&icirc;lerin Horasan valisi Nasr Sel&ccedil;uk Seyyar&rsquo;\u0131 yenerek Horasan&rsquo;dan s&uuml;rm&uuml;\u015flerdi. Bu olay Emev&icirc;lerden memnun olmayan M&uuml;sl&uuml;manlar i&ccedil;in bir k\u0131v\u0131lc\u0131m mahiyetindeydi. Ta\u015fkent&#8217;in yard\u0131m istedi\u011fi s\u0131rada Horasan valisi olan Ebu M&uuml;slim Horasani komutan\u0131&nbsp;<\/span><\/strong><strong><span style=\"font-size: 14pt; font-family: Arial, sans-serif;\">Ziya bin Salih<\/span><\/strong><strong><span style=\"font-size: 12pt; font-family: Arial, sans-serif;\">&rsquo;i K\u0131rg\u0131z T&uuml;rklerine g&ouml;nderdi.<\/span><\/strong><\/p>\n<p style=\"margin-bottom: 0.0001pt; text-align: justify; text-indent: 1cm; line-height: 16pt;\"><span style=\"font-size: 12pt; font-family: Arial, sans-serif;\">&Ccedil;in kaynaklar\u0131na g&ouml;re, &Ccedil;in ordusundaki Karluklar ve Ya\u011fmalar muharebe s\u0131ras\u0131nda taraf de\u011fi\u015ftirerek Araplar\u0131n taraf\u0131na ge&ccedil;mi\u015f ve &Ccedil;in ordusuna arkadan sald\u0131r\u0131vermi\u015fti. B&ouml;ylece say\u0131ca &ccedil;ok &uuml;st&uuml;n olan &Ccedil;in kuvvetleri M&uuml;sl&uuml;man Araplar\u0131n yard\u0131m\u0131 sayesinde b&uuml;y&uuml;k bir hezimete u\u011fray\u0131p geri &ccedil;ekilmi\u015fti.<\/span><\/p>\n<p style=\"margin-bottom: 0.0001pt; text-align: justify; text-indent: 1cm; line-height: 16pt;\"><strong><span style=\"font-size: 12pt; font-family: Arial, sans-serif;\">Bu muharebe ile birlikte matbaa ilk defa &Ccedil;in d\u0131\u015f\u0131na g&ouml;t&uuml;r&uuml;lecekti. Bunun yan\u0131 s\u0131ra barut, k&acirc;\u011f\u0131t ve pusulay\u0131 da Araplar &ouml;\u011frenmi\u015flerdir. Bu &ouml;nemli bulu\u015flar Avrupa&#8217;ya ise Avrupa &uuml;lkelerinin \u0130slam d&uuml;nyas\u0131na kar\u015f\u0131 d&uuml;zenledi\u011fi Ha&ccedil;l\u0131 Seferleri ile ge&ccedil;mi\u015ftir. Bu bak\u0131mdan da Talas Sava\u015f\u0131 d&uuml;nya tarihi i&ccedil;in &ccedil;ok &ouml;nemlidir. T&uuml;rk tarihi i&ccedil;in de &ouml;nemi b&uuml;y&uuml;kt&uuml;r, &ccedil;&uuml;nk&uuml; T&uuml;rkler bu sava\u015fta M&uuml;sl&uuml;manl\u0131\u011f\u0131 yak\u0131ndan tan\u0131ma f\u0131rsat\u0131 elde etmi\u015f ve &ccedil;o\u011fu tarih kaynaklar\u0131nda T&uuml;rklerin M&uuml;sl&uuml;manl\u0131\u011f\u0131 kabul etmesine sebebiyet vermi\u015ftir<em>.<\/em><\/span><\/strong><\/p>\n<p style=\"margin-bottom: 0.0001pt; text-align: justify; text-indent: 1cm; line-height: 16pt;\"><strong><span style=\"font-size: 14pt; font-family: Arial, sans-serif;\">Talas Zaferi sayesinde:<\/span><\/strong><\/p>\n<p style=\"margin-bottom: 0.0001pt; text-align: justify; text-indent: 1cm; line-height: 16pt;\"><strong><span style=\"font-size: 14pt; font-family: Arial, sans-serif;\">&bull;&nbsp;<\/span><\/strong><strong><span style=\"font-size: 12pt; font-family: Arial, sans-serif;\">Orta Asya&#8217;n\u0131n &Ccedil;in egemenli\u011fine girmesi engellenmi\u015ftir.<\/span><\/strong><\/p>\n<p style=\"margin-bottom: 0.0001pt; text-align: justify; text-indent: 1cm; line-height: 16pt;\"><strong><span style=\"font-size: 14pt; font-family: Arial, sans-serif;\">&bull;&nbsp;<\/span><\/strong><strong><span style=\"font-size: 12pt; font-family: Arial, sans-serif;\">T&uuml;rkler, bu sava\u015ftan sonra gruplar halinde \u0130slamiyet&#8217;i kabul etmi\u015flerdir.<\/span><\/strong><\/p>\n<p style=\"margin-bottom: 0.0001pt; text-align: justify; text-indent: 1cm; line-height: 16pt;\"><strong><span style=\"font-size: 14pt; font-family: Arial, sans-serif;\">&bull;&nbsp;<\/span><\/strong><strong><span style=\"font-size: 12pt; font-family: Arial, sans-serif;\">Esir al\u0131nan &Ccedil;inlilerden k&acirc;\u011f\u0131t yap\u0131m tekni\u011fi &ouml;\u011frenilmi\u015ftir.<\/span><\/strong><\/p>\n<p style=\"margin-bottom: 0.0001pt; text-align: justify; text-indent: 1cm; line-height: 16pt;\"><strong><span style=\"font-size: 14pt; font-family: Arial, sans-serif;\">&bull;&nbsp;<\/span><\/strong><strong><span style=\"font-size: 12pt; font-family: Arial, sans-serif;\">Abbasiler, y&ouml;netimde Emevilerin&nbsp;<em>Arap Devleti<\/em>&nbsp;tezi yerine, \u0130slam devleti &ouml;zelli\u011fi g&ouml;stermi\u015fler, T&uuml;rkler gibi yeni M&uuml;sl&uuml;man olanlara e\u015fit yakla\u015f\u0131mla kutlu bir medeniyetin tohumlar\u0131n\u0131 ekmi\u015flerdir.<\/span><\/strong><\/p>\n<p style=\"margin-bottom: 0.0001pt; text-align: justify; text-indent: 1cm; line-height: 16pt;\"><strong><span style=\"font-size: 14pt; font-family: Arial, sans-serif;\">&bull;&nbsp;<\/span><\/strong><strong><span style=\"font-size: 12pt; font-family: Arial, sans-serif;\">Arap Milliyet&ccedil;ili\u011fi politikas\u0131, yerini &Uuml;mmet&ccedil;i anlay\u0131\u015fa terk etmi\u015ftir.<\/span><\/strong><\/p>\n<p style=\"margin-bottom: 0.0001pt; text-align: justify; text-indent: 1cm; line-height: 16pt;\"><strong><span style=\"font-size: 14pt; font-family: Arial, sans-serif;\">&bull;&nbsp;<\/span><\/strong><strong><span style=\"font-size: 12pt; font-family: Arial, sans-serif;\">Fetih politikas\u0131ndan &ccedil;ok, k&uuml;lt&uuml;r politikas\u0131na a\u011f\u0131rl\u0131k verilmeye y&ouml;nelmi\u015ftir.<\/span><\/strong><\/p>\n<p style=\"margin-bottom: 0.0001pt; text-align: justify; text-indent: 1cm; line-height: 16pt;\"><strong><span style=\"font-size: 14pt; font-family: Arial, sans-serif;\">&bull;&nbsp;<\/span><\/strong><strong><span style=\"font-size: 12pt; font-family: Arial, sans-serif;\">Halife Mansur d&ouml;neminde, Ba\u011fdat \u015fehri kurularak, merkez buraya nakledilmi\u015ftir. \u0130lk defa Yunan filozoflar\u0131n\u0131n eserleri, bu d&ouml;nemde Arap&ccedil;aya &ccedil;evrilmi\u015ftir.<\/span><\/strong><\/p>\n<p style=\"margin-bottom: 0.0001pt; text-align: justify; text-indent: 1cm; line-height: 16pt;\"><strong><span style=\"font-size: 14pt; font-family: Arial, sans-serif;\">&bull;&nbsp;<\/span><\/strong><strong><span style=\"font-size: 12pt; font-family: Arial, sans-serif;\">En parlak d&ouml;nemlerini, Harun Re\u015fit ile o\u011fullar\u0131 Memun ve Mutas\u0131m zamanlar\u0131nda ya\u015fayan Abbasiler, \u0130slam&rsquo;\u0131n yeni ve yenilmez k\u0131l\u0131c\u0131 ve bayraktar\u0131 olacak T&uuml;rkleri devlet y&ouml;netiminde, &ouml;zellikle askeri birliklerde &ouml;ne ge&ccedil;irmi\u015flerdir.<\/span><\/strong><\/p>\n<p style=\"margin-bottom: 0.0001pt; text-align: justify; text-indent: 1cm; line-height: 16pt;\"><strong><span style=\"font-size: 14pt; font-family: Arial, sans-serif;\">751 Talas Sava\u015f\u0131 ve etkileri<\/span><\/strong><\/p>\n<p style=\"margin-bottom: 0.0001pt; text-align: justify; text-indent: 1cm; line-height: 16pt;\"><strong><span style=\"font-size: 12pt; font-family: Arial, sans-serif;\">&Ouml;zetle Miladi (751) senesinde do\u011fudan bat\u0131ya ilerleyen &Ccedil;inliler ile &Ouml;n-Asya&rsquo;dan do\u011fuya ilerleyen M&uuml;sl&uuml;man Araplar, Talas \u0131rma\u011f\u0131 k\u0131y\u0131lar\u0131nda kap\u0131\u015f\u0131vermi\u015flerdir. Bu sava\u015fta, Orta Asya&rsquo;n\u0131n &Ccedil;in egemenli\u011fine girmesini istemeyen K\u0131rg\u0131zlar\u0131n, Karluk ve Ya\u011fma T&uuml;rkleri, Araplar\u0131n yan\u0131na ge&ccedil;mi\u015fler ve sava\u015fta M&uuml;sl&uuml;manlar\u0131 desteklemi\u015flerdir. &Ccedil;in&rsquo;in, Bat\u0131 T&uuml;rkistan&rsquo;da egemenlik kurmas\u0131n\u0131 istemediklerinden Bat\u0131 T&uuml;r&shy;kistan&rsquo;daki T&uuml;rklerin, Abbasilerin, Horasan Valisi Ebu M&uuml;slim&rsquo;den yard\u0131m talep etmeleri sonucu, tarihin gidi\u015fini de\u011fi\u015ftirecek mutlu neticelerin fitilini ate\u015flemi\u015fler, ard\u0131ndan kendileri de zaten f\u0131tratlar\u0131na uygun bulunan \u0130slamiyet&rsquo;e girmi\u015flerdir.<\/span><\/strong><\/p>\n<p style=\"margin-bottom: 0.0001pt; text-align: justify; text-indent: 1cm; line-height: 16pt;\"><strong><span style=\"font-size: 14pt; font-family: Arial, sans-serif;\">Hicri 133, Miladi 751 y\u0131l\u0131ndaki Talas Sava\u015f\u0131, M&uuml;sl&uuml;man Araplarla Karluk T&uuml;rkleri&#8217;nin &Ccedil;in ordular\u0131 kar\u015f\u0131s\u0131nda zafer kazand\u0131\u011f\u0131 muharebedir.<\/span><\/strong><\/p>\n<p style=\"margin-bottom: 0.0001pt; text-align: justify; text-indent: 1cm; line-height: 16pt;\"><span style=\"font-size: 12pt; font-family: Arial, sans-serif;\">&Ccedil;in&rsquo;de T&rsquo;ang h&acirc;nedan\u0131, 659 y\u0131l\u0131nda Bat\u0131 G&ouml;kt&uuml;rkleri&rsquo;ni kendisine ba\u011flay\u0131p Tanr\u0131 da\u011flar\u0131n\u0131n g&uuml;neyindeki \u015fehir devletleri &uuml;zerinde otorite tesis ederken Bat\u0131 G&ouml;kt&uuml;rkleri&rsquo;nden gelen T&uuml;rgi\u015fler ba\u011f\u0131ms\u0131zl\u0131klar\u0131n\u0131 uzun s&uuml;re s&uuml;rd&uuml;rm&uuml;\u015flerdi. II. G&ouml;kt&uuml;rk Devleti&rsquo;nin 682&rsquo;de g&uuml;&ccedil;l&uuml; bir \u015fekilde ortaya &ccedil;\u0131kmas\u0131 ve T&uuml;rgi\u015fler&rsquo;in bat\u0131da g&uuml;&ccedil;lenip kom\u015fular\u0131yla rekabete girmesi &Ccedil;inlilerin b&ouml;lgedeki hedeflerini sona erdirmi\u015fti. Bat\u0131 T&uuml;rkistan&rsquo;daki &Ccedil;in n&uuml;fuzunu ortadan kald\u0131ran Kapgan Ka\u011fan, T&uuml;rgi\u015fler&rsquo;i yenip kendisine ba\u011flayarak b&ouml;lgede G&ouml;kt&uuml;rk hakimiyetini yeniden tesis etmi\u015fti. Ancak Kuteybe b. M&uuml;slim&rsquo;in M&acirc;ver&acirc;&uuml;nnehir&rsquo;i fethi ve Bat\u0131 T&uuml;rkistan&rsquo;a d&uuml;zenledi\u011fi asker&icirc; harek&acirc;t b&ouml;lgenin siyas&icirc; hayat\u0131nda &ouml;nemli de\u011fi\u015fikliklere yol a&ccedil;m\u0131\u015ft\u0131. Sulu Ka\u011fan liderli\u011finde toparlanan T&uuml;rgi\u015f ordusu 720-721 y\u0131l\u0131nda Semerkant &uuml;zerine sald\u0131rm\u0131\u015ft\u0131. T&uuml;rgi\u015fler &ouml;nce yenilmelerine ra\u011fmen ard\u0131ndan Araplar&rsquo;\u0131 ma\u011fl&ucirc;p etmeyi ba\u015farm\u0131\u015flard\u0131. Ancak sonu&ccedil;ta T&uuml;rgi\u015f Ka\u011fanl\u0131\u011f\u0131, Arap ordular\u0131 kar\u015f\u0131s\u0131nda fazla tutunamam\u0131\u015ft\u0131. Zor durumda kalan \u015fehirlerde T&uuml;rk beylerinden Fergana ih\u015f&icirc;di, Buhara ve Semerkant h&uuml;k&uuml;mdarlar\u0131, Toharistan yabgusu Araplar&rsquo;a kar\u015f\u0131 &Ccedil;in&rsquo;den yard\u0131m istemek zorunda kalm\u0131\u015flard\u0131. M&acirc;ver&acirc;&uuml;nnehir&rsquo;de ve Bat\u0131 T&uuml;rkistan&rsquo;da T&uuml;rk-Arap m&uuml;cadelesinin devam etti\u011fi bu d&ouml;nemde &Ccedil;in&rsquo;de T&rsquo;ang h&acirc;nedan\u0131n\u0131n ba\u015f\u0131nda g&uuml;&ccedil;l&uuml; bir h&uuml;k&uuml;mdar olan Hivan-ts&acirc;ng bulunmaktayd\u0131. Hivan-ts&acirc;ng cesaretiyle me\u015fhur kumandanlar\u0131ndan Kao Sien-Chih&rsquo;yi T&uuml;rk beylerine yard\u0131m etmekle g&ouml;revlendirdi. Kao Sien-Chih, 748 y\u0131l\u0131nda Tanr\u0131 da\u011flar\u0131n\u0131n kuzeyindeki Tokmak&rsquo;\u0131 alarak Bat\u0131 T&uuml;rkistan&rsquo;a giden stratejik mevkiyi ele ge&ccedil;irdi. Bu s\u0131rada Kao&rsquo;nun idam ettirdi\u011fi Ta\u015fkent h&acirc;kiminin o\u011flu, babas\u0131n\u0131n intikam\u0131n\u0131 almak i&ccedil;in Eb&ucirc; M&uuml;slim-i Horas&acirc;n&icirc; ile Yedisu ve Is\u0131k G&ouml;l civar\u0131nda ya\u015fayan Karluklar&rsquo;dan yard\u0131m istemi\u015fti.<\/span><\/p>\n<p style=\"margin-bottom: 0.0001pt; text-align: justify; text-indent: 1cm; line-height: 16pt;\"><strong><span style=\"font-size: 12pt; font-family: Arial, sans-serif;\">&Ccedil;in ordusu, \u0130sl&acirc;m ordular\u0131yla, Talas (Taraz) nehri k\u0131y\u0131s\u0131nda (bug&uuml;nk&uuml; Evliyaata&rsquo;n\u0131n do\u011fusunda) sava\u015fa giri\u015fti. Fergana ordusu da &Ccedil;inliler&rsquo;i destekledi. Eb&ucirc; M&uuml;slim&rsquo;in g&ouml;nderdi\u011fi \u0130sl&acirc;m ordusuna Ziy&acirc;d b. S&acirc;lih kumanda etmekteydi. Kuzeyden Karluklar da yard\u0131ma gelmi\u015fti. Zilhicce 133&rsquo;te (Temmuz 751) Talas nehri k\u0131y\u0131s\u0131ndaki Atlah mevkiinde cereyan eden sava\u015f be\u015f g&uuml;n devam etti. Sava\u015f\u0131n son g&uuml;n&uuml; Karluk T&uuml;rkleri &Ccedil;in ordusuna arkadan h&uuml;cuma ge&ccedil;ti. \u0130ki ate\u015f aras\u0131nda kalan &Ccedil;inliler a\u011f\u0131r bir yenilgiye u\u011frad\u0131. Makdis&icirc;&rsquo;ye g&ouml;re Talas Sava\u015f\u0131&rsquo;nda 100.000 ki\u015fiyi a\u015fk\u0131n &Ccedil;in ordusundan 45.000 ki\u015fi &ouml;ld&uuml;r&uuml;lm&uuml;\u015f, 25.000 ki\u015fi esir al\u0131nm\u0131\u015ft\u0131r (el-Bed\u01ff ve&rsquo;t-t&acirc;r&icirc;\u0127, VI, 74). Sava\u015f\u0131n sebebi ve sonucuyla ilgili olarak &ouml;nemli bilgiler veren \u0130bn&uuml;&rsquo;l-Es&icirc;r, Fergana ih\u015f&icirc;di ile Ta\u015fkent (\u015e&acirc;\u015f) meliki aras\u0131nda ihtil&acirc;f &ccedil;\u0131k\u0131nca ih\u015f&icirc;din &Ccedil;in imparatorundan yard\u0131m istedi\u011fini, onun g&ouml;nderdi\u011fi 100.000 ki\u015filik bir ordunun Ta\u015fkent&rsquo;i ku\u015fatt\u0131\u011f\u0131n\u0131, Ta\u015fkent melikinin de &Ccedil;in imparatorunun h&acirc;kimiyetini kabul etti\u011fini, &Ccedil;in ordusunun geldi\u011fini haber alan Eb&ucirc; M&uuml;slim&rsquo;in Ziy&acirc;d b. S&acirc;lih&rsquo;i onlara kar\u015f\u0131 sevketti\u011fini, sava\u015f\u0131 M&uuml;sl&uuml;manlar\u0131n kazand\u0131\u011f\u0131n\u0131, 50.000 &Ccedil;inlinin &ouml;ld&uuml;r&uuml;ld&uuml;\u011f&uuml;n&uuml; ve 20.000&rsquo;inin esir al\u0131nd\u0131\u011f\u0131n\u0131, kurtulanlar\u0131n &Ccedil;in&rsquo;e ka&ccedil;t\u0131\u011f\u0131n\u0131, sava\u015f\u0131n Zilhicce 133 (Temmuz 751) tarihinde meydana geldi\u011fini belirtir (el-K&acirc;mil [trc. Yunus Apayd\u0131n], V, 365).<\/span><\/strong><\/p>\n<p style=\"margin-bottom: 0.0001pt; text-align: justify; text-indent: 1cm; line-height: 16pt;\"><span style=\"font-size: 12pt; font-family: Arial, sans-serif;\">B&ouml;ylece Karluklar 766&rsquo;da Tanr\u0131 da\u011flar\u0131 y&ouml;resinde ba\u011f\u0131ms\u0131z devletlerini olu\u015fturmu\u015flard\u0131. Bu yeni siyas&icirc; ortam ve n&uuml;fus hareketleri Karahanl\u0131 Devleti&rsquo;nin olu\u015fumuna zemin haz\u0131rlad\u0131. Hz. &Ouml;mer zaman\u0131nda S&acirc;s&acirc;n&icirc; Devleti&rsquo;nin y\u0131k\u0131lmas\u0131n\u0131n ard\u0131ndan b&ouml;lgede \u0130sl&acirc;m f&uuml;tuhat\u0131 s\u0131ras\u0131nda ba\u015flayan ve bir as\u0131r devam eden T&uuml;rk-Arap m&uuml;cadelesi Talas Sava\u015f\u0131&rsquo;ndan sonra yerini dostlu\u011fa ve i\u015f birli\u011fine b\u0131rakm\u0131\u015f, sa\u011flanan bar\u0131\u015f ortam\u0131nda \u0130sl&acirc;miyet T&uuml;rkler aras\u0131nda h\u0131zla yay\u0131lm\u0131\u015f, M&uuml;sl&uuml;manl\u0131\u011f\u0131 benimseyen T&uuml;rkler, Abb&acirc;s&icirc; halifeli\u011finin asker&icirc; ve siyas&icirc; kadrolar\u0131nda yer almaya ba\u015flam\u0131\u015ft\u0131r. Talas Sava\u015f\u0131 k&uuml;lt&uuml;r tarihi a&ccedil;\u0131s\u0131ndan da &ouml;nemli geli\u015fmelere yol a&ccedil;m\u0131\u015ft\u0131r.<\/span><\/p>\n<p style=\"margin-bottom: 0.0001pt; text-align: justify; text-indent: 1cm; line-height: 16pt;\"><strong><span style=\"font-size: 16pt; font-family: Arial, sans-serif;\">Eb&ucirc; M&uuml;slim Horas&acirc;n&icirc; Kimdir?<\/span><\/strong><\/p>\n<p style=\"margin-bottom: 0.0001pt; text-align: justify; text-indent: 1cm; line-height: 16pt;\"><strong><span style=\"font-size: 12pt; font-family: Arial, sans-serif;\">Eb&ucirc; M&uuml;slim (Abd-ur Rahman bin M&uuml;slim) El-Horasan&icirc;, as\u0131l ad\u0131 Abd-ur Rahman&#8217;d\u0131r, T&uuml;rk ve \u0130slam tarihi i&ccedil;in &ouml;nemli bir \u015fahsiyettir. Eb&ucirc; M&uuml;slim k&uuml;nyesi ile tan\u0131nm\u0131\u015f; ailesi \u0130ran Horasan\u0131&rsquo;na ta\u015f\u0131nm\u0131\u015f ve \u0130slam&rsquo;la tan\u0131\u015fm\u0131\u015f bir T&uuml;rk siyaset&ccedil;idir. Emevi Devleti&#8217;nin y\u0131k\u0131l\u0131\u015f\u0131 ve Abbasi Devleti&#8217;nin kurulmas\u0131 a\u015famalar\u0131nda &ouml;nemli roller &uuml;stlenmi\u015ftir. Horasan&#8217;da bulundu\u011fu s\u0131ralarda Emev&icirc;ler&#8217;e kar\u015f\u0131 faaliyetlere giri\u015fmi\u015f ve isyan haz\u0131rl\u0131klar\u0131n\u0131 organize etmi\u015ftir. Abbasi Devleti&#8217;nin kurulu\u015fundan sonra n&uuml;fuzunun giderek artmas\u0131, devlet y&ouml;netiminde etkisinin g&uuml;&ccedil;l&uuml; hale gelmesi y&ouml;netimi rahats\u0131z etmi\u015f ve ortadan kald\u0131r\u0131lmas\u0131na karar verilerek, bir g&ouml;r&uuml;\u015fme s\u0131ras\u0131nda katledilmi\u015ftir.<\/span><\/strong><\/p>\n<p style=\"margin-bottom: 0.0001pt; text-align: justify; text-indent: 1cm; line-height: 16pt;\"><strong><span style=\"font-size: 14pt; font-family: Arial, sans-serif;\">Hayat hik&acirc;yesi:<\/span><\/strong><\/p>\n<p style=\"margin-bottom: 0.0001pt; text-align: justify; text-indent: 1cm; line-height: 16pt;\"><span style=\"font-size: 12pt; font-family: Arial, sans-serif;\">As\u0131l ad\u0131 Abdurrahman olan Ebu M&uuml;slim Horasani, 718 y\u0131l\u0131nda Merv&#8217;de d&uuml;nyaya gelmi\u015f, ama &ccedil;ocuklu\u011fu ve gen&ccedil;li\u011fi K&uuml;fe&#8217;de ge&ccedil;mi\u015ftir. Bu d&ouml;nemde K&uuml;fe, Emevi hanedan\u0131na kar\u015f\u0131 siyasi faaliyetlerin yo\u011fun \u015fekilde ya\u015fand\u0131\u011f\u0131 bir yer durumunda idi. Bu sebeple, kendisi Emevi aleyhtar\u0131 ve Ehlibeyt taraftar\u0131 olarak yeti\u015fmi\u015fti. Abbasi soyuna mensup ileri gelenler taraf\u0131ndan yak\u0131n ilgi g&ouml;r&uuml;p desteklenmi\u015ftir. Kendisiyle K&uuml;fe&#8217;de kar\u015f\u0131la\u015fan bu \u015fah\u0131slar zek&acirc;s\u0131na hayran kald\u0131klar\u0131ndan yak\u0131n ilgi g&ouml;sterip Mekke&#8217;de bulunan \u0130mam Muhammed&#8217;e ondan bahsetmi\u015flerdir.<\/span><\/p>\n<p style=\"margin-bottom: 0.0001pt; text-align: justify; text-indent: 1cm; line-height: 16pt;\"><span style=\"font-size: 12pt; font-family: Arial, sans-serif;\">Ebu M&uuml;slim Horasani, \u0130mam Muhammed&#8217;in yerine ge&ccedil;en o\u011flu \u0130mam \u0130brahim&#8217;in huzuruna &ccedil;\u0131kar\u0131larak kendisine takdim ve tavsiye edildi. Bu yak\u0131n temastan sonra Ebu M&uuml;slim Horasani, Horasan&#8217;daki Emevi kar\u015f\u0131t\u0131 faaliyetleri idare etmekle g&ouml;revlendirildi ve bu ama&ccedil;la Horasan&#8217;a g&ouml;nderildi. Horasan&#8217;\u0131n hilafet merkezine uzak olmas\u0131 ve y&ouml;netimin buradaki etkisinin olduk&ccedil;a zay\u0131f bulunmas\u0131, muhalefetin geli\u015fip g&uuml;&ccedil;lenmesi i&ccedil;in verimli bir ortam meydana getirmi\u015fti. Ayr\u0131ca, burada cereyan eden kavimler aras\u0131 m&uuml;cadelelerde Emevilerin taraf tutmas\u0131 da kendilerine kar\u015f\u0131 olan ho\u015fnutsuzlu\u011funu art\u0131r\u0131vermi\u015fti. Buras\u0131 Abbasiler i&ccedil;in siyasi faaliyetlerinin merkeziydi.<\/span><\/p>\n<p style=\"margin-bottom: 0.0001pt; text-align: justify; text-indent: 1cm; line-height: 16pt;\"><strong><span style=\"font-size: 14pt; font-family: Arial, sans-serif;\">Ebu M&uuml;slim<\/span><\/strong><strong><span style=\"font-size: 12pt; font-family: Arial, sans-serif;\">, zalim Emevi saltanat\u0131n\u0131 y\u0131kan ayaklanman\u0131n ba\u015fkomutan\u0131 olan T&uuml;rk as\u0131ll\u0131 bir \u0130slam ceng&acirc;veriydi. Emevi saltanat\u0131 her t&uuml;rl&uuml; yozlu\u011fun merkezi haline gelmi\u015fti. Geni\u015f halk y\u0131\u011f\u0131nlar\u0131 b&uuml;y&uuml;k s\u0131k\u0131nt\u0131lar ve bask\u0131lar alt\u0131nda inlemekteydi. Ehlibeyt&rsquo;e k&uuml;f&uuml;r hakaret zorunlu hale getirilmi\u015fti. Her mescitte Ehlibeyte k&uuml;f&uuml;rler edilen vaazlar verilmekte ve halk bundan nefret etmekteydi. Emevi y&ouml;neticileri halk\u0131n halinden ve tepkisinden habersizdi. Onlar kendi zevki sefalar\u0131n\u0131n pe\u015findeydi. B&uuml;t&uuml;n bunlara y\u0131llard\u0131r s&uuml;rd&uuml;r&uuml;len Ehlibeyt d&uuml;\u015fmanl\u0131\u011f\u0131n\u0131n yaratt\u0131\u011f\u0131 &ouml;fke de kat\u0131l\u0131nca isyan ba\u015f g&ouml;stermi\u015fti.&nbsp;<\/span><\/strong><strong><span style=\"font-size: 14pt; font-family: Arial, sans-serif;\">Ebu M&uuml;slim Horasani<\/span><\/strong><strong><span style=\"font-size: 12pt; font-family: Arial, sans-serif;\">, Horasan&#8217;da faaliyetlerini s&uuml;rd&uuml;r&uuml;rken kendisi i&ccedil;in &ouml;nemli zorluklardan birisi soyunun kesin olarak bilinmemesi idi. Onu Arap, K&uuml;rt veya Fars k&ouml;kenli g&ouml;steren kaynaklar i\u015fin asl\u0131n\u0131 tam olarak bilmemekteydi. &Ccedil;&uuml;nk&uuml; Ebu M&uuml;slim bir T&uuml;rk aileden gelmekteydi. Bu durum \u015eiilerin ileri gelenlerinin kendisinden \u015f&uuml;phelenmelerine ve hemen kabullenmemelerine sebebiyet vermi\u015fti. Fakat Ebu M&uuml;slim Horasani k\u0131sa s&uuml;rede Mezopotamya&rsquo;da sevilen ve say\u0131lan biri haline gelmi\u015fti. Ama \u0130mam \u0130brahim&rsquo;in kendisine destek ve yetki vermesi &uuml;zerine tarihi isyan\u0131 planlam\u0131\u015f ve b&ouml;lgedeki Emevi saltanat\u0131n\u0131 devirmi\u015fti.<\/span><\/strong><\/p>\n<p style=\"margin-bottom: 0.0001pt; text-align: justify; text-indent: 1cm; line-height: 16pt;\"><strong><span style=\"font-size: 12pt; font-family: Arial, sans-serif;\">Manas Destan\u0131 ve Cengiz Aytmatov&rsquo;un ki\u015fili\u011fi<\/span><\/strong><\/p>\n<p style=\"margin-bottom: 0.0001pt; text-align: justify; text-indent: 1cm; line-height: 16pt;\"><strong><span style=\"font-size: 12pt; font-family: Arial, sans-serif;\">Manas Destan\u0131<\/span><\/strong><span style=\"font-size: 12pt; font-family: Arial, sans-serif;\">, K\u0131rg\u0131zlar\u0131n mill&icirc; destan\u0131d\u0131r. O s&uuml;re&ccedil;te Mani dinini ya\u015fayan Karahitay T&uuml;rkleri ile M&uuml;sl&uuml;man Karahanl\u0131lar aras\u0131ndaki m&uuml;cadelede K\u0131rg\u0131zlar\u0131n durumunu ve Manas adl\u0131 ki\u015finin ba\u015f\u0131ndan ge&ccedil;enleri anlatan destand\u0131r. &Uuml;nl&uuml; T&uuml;rkolog Wilhelm Radloff (1837-1918), Manas Destan\u0131&#8217;yla ilgili ilk derlemeyi, K\u0131rg\u0131zistan&#8217;\u0131n Tokmok kenti g&uuml;neyindeki Sar\u0131 Ba\u011f\u0131\u015f boyuna mensup bir Manas&ccedil;\u0131dan (destan\u0131 g&uuml;n&uuml;m&uuml;ze kadar nesilden nesile aktaragelen s&ouml;zl&uuml; anlat\u0131c\u0131lardan) 1869&#8217;da yapm\u0131\u015f ve \u0130slam inanc\u0131na kar\u015f\u0131 T&uuml;rk \u0131rk&ccedil;\u0131l\u0131\u011f\u0131n\u0131 k&ouml;r&uuml;klemek kast\u0131yla yozla\u015ft\u0131rm\u0131\u015ft\u0131r. Manas Destan\u0131&#8217;na hala &ccedil;e\u015fitli eklemeler yap\u0131lmaktad\u0131r ve destan\u0131n 130&#8217;dan fazla de\u011fi\u015fik aktar\u0131m bi&ccedil;imi vard\u0131r.<\/span><\/p>\n<p style=\"margin-bottom: 0.0001pt; text-align: justify; text-indent: 1cm; line-height: 16pt;\"><strong><span style=\"font-size: 12pt; font-family: Arial, sans-serif;\">&ldquo;Manas&rdquo;\u0131n do\u011fmas\u0131 ve aktar\u0131lmas\u0131<\/span><\/strong><\/p>\n<p style=\"margin-bottom: 0.0001pt; text-align: justify; text-indent: 1cm; line-height: 16pt;\"><strong><span style=\"font-size: 12pt; font-family: Arial, sans-serif;\">Bu destan\u0131n kahraman\u0131&nbsp;<\/span><\/strong><strong><span style=\"font-size: 14pt; font-family: Arial, sans-serif;\">Manas Han<\/span><\/strong><strong><span style=\"font-size: 12pt; font-family: Arial, sans-serif;\">&#8216;\u0131n babas\u0131 Yakup Han&#8217;d\u0131r. Annesinin ad\u0131 &Ccedil;\u0131\u011fr\u0131c\u0131&#8217;d\u0131r. Yakup Han ile &Ccedil;\u0131\u011fr\u0131c\u0131 Han\u0131m evlendikten on d&ouml;rt sene sonra Manas do\u011facakt\u0131r. Do\u011fumu &uuml;zerine civardan gelen k&acirc;hinler, onun bir kahraman olaca\u011f\u0131n\u0131 hemen anlam\u0131\u015flard\u0131r. On ya\u015f\u0131na gelince tam bir ceng&acirc;var olup &ccedil;\u0131km\u0131\u015ft\u0131r. D&uuml;\u015fmanlar\u0131n\u0131n &uuml;zerine sald\u0131rarak onlar\u0131 peri\u015fan b\u0131rakm\u0131\u015ft\u0131r. Atlar\u0131na at eri\u015femez, z\u0131rh\u0131na ok i\u015flemez bir destan kahraman\u0131d\u0131r. Yakup Han, o\u011flunun at\u0131lganl\u0131klar\u0131n\u0131, kahramanl\u0131klar\u0131n\u0131 g&ouml;r&uuml;nce, onu korumak ve arkada\u015f olmak &uuml;zere, Bakay ad\u0131nda bir ki\u015fiyi onun yan\u0131na katm\u0131\u015ft\u0131r. Manas, Nogay boyundan gelen bir bahad\u0131rd\u0131r. Kalmuk bask\u0131nlar\u0131na kar\u015f\u0131 K\u0131rg\u0131z halk\u0131n\u0131n birli\u011fini ve dirli\u011fini koruyan bir &ouml;zg&uuml;rl&uuml;k sava\u015f&ccedil;\u0131s\u0131d\u0131r.<\/span><\/strong><\/p>\n<p style=\"margin-bottom: 0.0001pt; text-align: justify; text-indent: 1cm; line-height: 16pt;\"><strong><span style=\"font-size: 14pt; font-family: Arial, sans-serif;\">Manas Destan\u0131ndan bir b&ouml;l&uuml;m&uuml;:<\/span><\/strong><\/p>\n<p style=\"margin-bottom: 0.0001pt; text-align: justify; text-indent: 1cm; line-height: 16pt;\"><strong><span style=\"font-size: 12pt; font-family: Arial, sans-serif;\">&ldquo;Ey Cengiz han\u0131n o\u011fullar\u0131!<\/span><\/strong><\/p>\n<p style=\"margin-bottom: 0.0001pt; text-align: justify; text-indent: 1cm; line-height: 16pt;\"><strong><span style=\"font-size: 12pt; font-family: Arial, sans-serif;\">Sen da\u011flar\u0131n B&uuml;rk&uuml;t-bat\u0131r&#8217;\u0131,<\/span><\/strong><\/p>\n<p style=\"margin-bottom: 0.0001pt; text-align: justify; text-indent: 1cm; line-height: 16pt;\"><strong><span style=\"font-size: 12pt; font-family: Arial, sans-serif;\">Sen g&ouml;llerin Er-Sazan&#8217;\u0131,<\/span><\/strong><\/p>\n<p style=\"margin-bottom: 0.0001pt; text-align: justify; text-indent: 1cm; line-height: 16pt;\"><strong><span style=\"font-size: 12pt; font-family: Arial, sans-serif;\">H\u0131zla f\u0131rlayan Kan-keldi&#8217;m,<\/span><\/strong><\/p>\n<p style=\"margin-bottom: 0.0001pt; text-align: justify; text-indent: 1cm; line-height: 16pt;\"><strong><span style=\"font-size: 12pt; font-family: Arial, sans-serif;\">Kara talihe Can-keldi&#8217;m,<\/span><\/strong><\/p>\n<p style=\"margin-bottom: 0.0001pt; text-align: justify; text-indent: 1cm; line-height: 16pt;\"><strong><span style=\"font-size: 12pt; font-family: Arial, sans-serif;\">Iraman&#8217;\u0131n Ir&ccedil;\u0131-uul,<\/span><\/strong><\/p>\n<p style=\"margin-bottom: 0.0001pt; text-align: justify; text-indent: 1cm; line-height: 16pt;\"><strong><span style=\"font-size: 12pt; font-family: Arial, sans-serif;\">Y\u0131rt\u0131klar\u0131 yamayan,<\/span><\/strong><\/p>\n<p style=\"margin-bottom: 0.0001pt; text-align: justify; text-indent: 1cm; line-height: 16pt;\"><strong><span style=\"font-size: 12pt; font-family: Arial, sans-serif;\">Bozuklar\u0131 tamamlayan<\/span><\/strong><\/p>\n<p style=\"margin-bottom: 0.0001pt; text-align: justify; text-indent: 1cm; line-height: 16pt;\"><strong><span style=\"font-size: 12pt; font-family: Arial, sans-serif;\">Tatl\u0131 dilli Ac\u0131bay keldim..&rdquo;<\/span><\/strong><\/p>\n<p style=\"margin-bottom: 0.0001pt; text-align: justify; text-indent: 1cm; line-height: 16pt;\"><strong><span style=\"font-size: 14pt; font-family: Arial, sans-serif;\">Aytmatov&rsquo;un hayat\u0131 ve eserleri:<\/span><\/strong><\/p>\n<p style=\"margin-bottom: 0.0001pt; text-align: justify; text-indent: 1cm; line-height: 16pt;\"><span style=\"font-size: 12pt; font-family: Arial, sans-serif;\">K\u0131rg\u0131z Edebiyat\u0131 denince akla ilk gelen isim \u015f&uuml;phesiz Cengiz Aytmatov olmaktad\u0131r. Aytmatov, d&uuml;nyada en &ccedil;ok okunan yazarlar aras\u0131nda yer alm\u0131\u015ft\u0131r. Aytmatov&rsquo;un eserleri d&uuml;nya okuyucular\u0131n\u0131n ilgisini hem edeb&icirc; hem felsefi derinli\u011fiyle &ccedil;ekmi\u015f, eserleri 170&rsquo;ten fazla dile &ccedil;evrilmi\u015f, toplam bask\u0131 say\u0131s\u0131 60 milyonu a\u015fm\u0131\u015ft\u0131r. Cengiz Aytmatov, Tanr\u0131 Da\u011flar\u0131n\u0131n eteklerini yurt edinen K\u0131rg\u0131z adl\u0131 k&ouml;kl&uuml; bir T&uuml;rk boyunun varl\u0131\u011f\u0131n\u0131 d&uuml;nyaya duyurmu\u015f bir fikir adam\u0131d\u0131r. Cengiz Aytmatov, 1928 y\u0131l\u0131nda K\u0131rg\u0131zistan&rsquo;\u0131n ba\u015fkenti Bi\u015fkek&rsquo;e ba\u011fl\u0131 Talas vadisinde yer alan \u015eeker K&ouml;y&uuml;&rsquo;nde do\u011fmu\u015ftur. Babas\u0131 T&ouml;rekul Aytmatov, annesi Nagima Hamzayevna Aytmatova&rsquo;d\u0131r. Memur olan babas\u0131 1937 y\u0131l\u0131nda Stalin&rsquo;in temizlik harek&acirc;t\u0131n\u0131n kurbanlar\u0131 aras\u0131ndad\u0131r. Annesi &ccedil;e\u015fitli memuriyetlerde bulunmu\u015f bir kad\u0131nd\u0131r. D&ouml;rt &ccedil;ocu\u011funu kendi ba\u015f\u0131na b&uuml;y&uuml;tmek durumunda kalm\u0131\u015ft\u0131r. Cengiz Aytmatov ilkokula kendi k&ouml;y&uuml;nde gider. Babaannesi Ay\u0131kman Han\u0131m, etraf\u0131nda sayg\u0131 g&ouml;ren bilge bir kad\u0131nd\u0131r. Torunu Aytmatov&rsquo;u ninniler, masallar, efsanelerle besleyip b&uuml;y&uuml;tmeye &ccedil;al\u0131\u015fm\u0131\u015ft\u0131r.<\/span><\/p>\n<p style=\"margin-bottom: 0.0001pt; text-align: justify; text-indent: 1cm; line-height: 16pt;\"><span style=\"font-size: 12pt; font-family: Arial, sans-serif;\">\u0130kinci D&uuml;nya sava\u015f\u0131n\u0131n yokluk y\u0131llar\u0131n\u0131 babas\u0131z ge&ccedil;iren Aytmatov, &ccedil;ocuk ya\u015f\u0131ndan itibaren &ccedil;al\u0131\u015fmaya ba\u015flam\u0131\u015f, on d&ouml;rt ya\u015f\u0131nda \u015eeker K&ouml;y&uuml;&rsquo;nde k&ouml;y sovyeti kolhozu sekreterli\u011finde vergi memuru olarak &ccedil;al\u0131\u015fm\u0131\u015ft\u0131r. 1946 y\u0131l\u0131nda Kazakistan&rsquo;\u0131n Cambul \u015fehrinde veteriner teknik okuluna yaz\u0131lm\u0131\u015ft\u0131r. Bu okul bitince, 1948&rsquo;de K\u0131rg\u0131zistan tar\u0131m enstit&uuml;s&uuml;ne ba\u015flam\u0131\u015f, 1953&rsquo;te buradan veteriner olarak mezun olmu\u015ftur.<\/span><\/p>\n<p style=\"margin-bottom: 0.0001pt; text-align: justify; text-indent: 1cm; line-height: 16pt;\"><span style=\"font-size: 12pt; font-family: Arial, sans-serif;\"><strong>Aytmatov&rsquo;un ilk eseri, 1952 y\u0131l\u0131nda Rus Pravda Gazetesi&rsquo;nde yay\u0131nlanan Gazeteci Cyuda&rsquo;d\u0131r. Bu hik&acirc;yeyi, 1957 y\u0131l\u0131nda yay\u0131mlanan&nbsp;<\/strong><\/span><strong><span style=\"font-size: 14pt; font-family: Arial, sans-serif;\">Y&uuml;zy&uuml;ze<\/span><\/strong><strong><span style=\"font-size: 12pt; font-family: Arial, sans-serif;\">&nbsp;takip eder. 1956-58 y\u0131llar\u0131 aras\u0131nda Moskova&rsquo;da Gorki Edebiyat Enstit&uuml;s&uuml;&rsquo;ne devam eden yazar\u0131n Cemile adl\u0131 hik&acirc;yesi 1958 y\u0131l\u0131nda Novy Mir (Yeni D&uuml;nya) dergisinde yay\u0131nlan\u0131r. Aytmatov, bu eserinin Frans\u0131z \u015fair Louis Aragon taraf\u0131ndan Frans\u0131zca&rsquo;ya terc&uuml;me edilmesi ve Avrupa&rsquo;da yay\u0131mlanmas\u0131 ile \u015f&ouml;hreti yakalam\u0131\u015ft\u0131r. Aragon bu hik&acirc;yeye yazd\u0131\u011f\u0131 &ouml;ns&ouml;zde Cemile hik&acirc;yesi i&ccedil;in &ldquo;d&uuml;nyan\u0131n en g&uuml;zel a\u015fk hikayesi&rdquo; ifadesini kullan\u0131r.<\/span><\/strong><\/p>\n<p style=\"margin-bottom: 0.0001pt; text-align: justify; text-indent: 1cm; line-height: 16pt;\"><strong><span style=\"font-size: 12pt; font-family: Arial, sans-serif;\">Aytmatov, Cemile&rsquo;nin yay\u0131mland\u0131\u011f\u0131 1958 y\u0131l\u0131nda Moskova &Uuml;niversitesi Edebiyat Fak&uuml;ltesi&rsquo;ne kay\u0131t yapt\u0131r\u0131r. Ayn\u0131 y\u0131l\u0131n sonunda Kru\u015f&ccedil;ev&rsquo;in anti-Stalinist kampanyas\u0131 s\u0131ras\u0131nda Sovyet Kom&uuml;nist Partisine ve Yazarlar Birli\u011fine al\u0131n\u0131r, &ccedil;&uuml;nk&uuml; Aytmatov&rsquo;un babas\u0131 Stalin muhalifidir, s\u0131rf bu y&uuml;zden &ouml;\u011frencilik y\u0131llar\u0131nda bursu kesilmi\u015f, babas\u0131n\u0131n muhalif olmas\u0131ndan dolay\u0131 terslikler ya\u015fam\u0131\u015ft\u0131r. Bu tarihten sonra hem K\u0131rg\u0131z hem de Rus yazarlar aras\u0131nda sayg\u0131nl\u0131k kazanm\u0131\u015ft\u0131r. Aytmatov 1963 y\u0131l\u0131nda, \u0130lk &Ouml;\u011fretmen, Deve G&ouml;z&uuml;, Cemile ve Selvi Boylum Al Yazmal\u0131m adl\u0131 hik&acirc;yelerinden olu\u015fan Steplerden ve Da\u011flardan Hik&acirc;yeler adl\u0131 kitab\u0131yla Lenin Edebiyat &Ouml;d&uuml;l&uuml;&rsquo;n&uuml; kazan\u0131r. 1959-67 y\u0131llar\u0131 aras\u0131nda Novy Mir&rsquo;in edit&ouml;rl&uuml;\u011f&uuml;n&uuml; yapar. 1968&rsquo;de B&uuml;y&uuml;k Sovyet Edebiyat &Ouml;d&uuml;l&uuml;&rsquo;n&uuml; kazan\u0131r. Ayn\u0131 y\u0131l K\u0131rg\u0131zistan milli yazar\u0131 se&ccedil;ilmeyi ba\u015far\u0131r.<\/span><\/strong><\/p>\n<p style=\"margin-bottom: 0.0001pt; text-align: justify; text-indent: 1cm; line-height: 16pt;\"><span style=\"font-size: 12pt; font-family: Arial, sans-serif;\">Aytmatov, ba\u015far\u0131l\u0131 bir edebiyat&ccedil;\u0131 olmas\u0131 y&uuml;z&uuml;nden devletten itibar g&ouml;rm&uuml;\u015f, devletin &ccedil;e\u015fitli birimlerinde g&ouml;rev alm\u0131\u015ft\u0131r. 1978 tarihinde Y&uuml;ksek Sovyet Prezidium&rsquo;u taraf\u0131ndan Sosyalist \u0130\u015f&ccedil;i Kahraman\u0131 olarak &ouml;d&uuml;llendirilir. 1983 y\u0131l\u0131nda B&uuml;y&uuml;k Sovyet Edebiyat &Ouml;d&uuml;l&uuml;&rsquo;n&uuml; ikinci kez kazan\u0131r. Gorba&ccedil;ov d&ouml;neminde Sovyet Parlamentosu K&uuml;lt&uuml;r ve Ulusal Diller Komitesi Ba\u015fkanl\u0131\u011f\u0131 ve Sovyet Yazarlar Birli\u011fi Sekreterli\u011fi g&ouml;revlerinde bulunmu\u015ftur. Sovyetler birli\u011fi da\u011f\u0131lmadan &ouml;nce Gorba&ccedil;ov&rsquo;un be\u015f dan\u0131\u015fman\u0131ndan biri yap\u0131lm\u0131\u015ft\u0131r.<\/span><\/p>\n<p style=\"margin-bottom: 0.0001pt; text-align: justify; text-indent: 1cm; line-height: 16pt;\"><strong><span style=\"font-size: 12pt; font-family: Arial, sans-serif;\">Cengiz Aytmatov; edebi &ccedil;al\u0131\u015fmalar\u0131na ek olarak, 15 y\u0131l Avrupa&rsquo;da SSCB ve bilahare K\u0131rg\u0131zistan&rsquo;\u0131n b&uuml;y&uuml;kel&ccedil;ili\u011fini yapm\u0131\u015ft\u0131r. Avrupa Birli\u011fi, NATO, UNESCO ve Benel&uuml;ks &uuml;lkelerinde diplomat olarak &ccedil;al\u0131\u015fm\u0131\u015ft\u0131r.<\/span><\/strong><\/p>\n","protected":false},"excerpt":{"rendered":"<p>K\u0131rg\u0131zistan, Ata yurdumuz Orta Asya&rsquo;da bulunan, stratejik &ouml;neme sahip &ouml;nemli bir karde\u015f &uuml;lkedir. K\u0131rg\u0131zistan, (Azerbaycan, Kazakistan, Kuzey K\u0131br\u0131s T&uuml;rk Cumhuriyeti, &Ouml;zbekistan, T&uuml;rkiye ve T&uuml;rkmenistan ile birlikte) g&uuml;n&uuml;m&uuml;zdeki yedi ba\u011f\u0131ms\u0131z T&uuml;rk devletlerinden biri olup T&uuml;rk Konseyi ve T&Uuml;RKSOY&#8217;un &uuml;yesidir. Denize k\u0131y\u0131s\u0131 olmayan &uuml;lkenin kom\u015fular\u0131 kuzeyde Kazakistan; bat\u0131da &Ouml;zbekistan, g&uuml;neybat\u0131da Tacikistan ve g&uuml;neydo\u011fuda &Ccedil;in Halk Cumhuriyeti&#8217;dir. Sade [&hellip;]<\/p>\n","protected":false},"author":74,"featured_media":0,"comment_status":"open","ping_status":"closed","sticky":false,"template":"","format":"standard","meta":{"footnotes":""},"categories":[98],"tags":[],"class_list":["post-3626","post","type-post","status-publish","format-standard","hentry","category-ozel-yazilar"],"_links":{"self":[{"href":"https:\/\/www.millicozum.com\/mc\/wp-json\/wp\/v2\/posts\/3626","targetHints":{"allow":["GET"]}}],"collection":[{"href":"https:\/\/www.millicozum.com\/mc\/wp-json\/wp\/v2\/posts"}],"about":[{"href":"https:\/\/www.millicozum.com\/mc\/wp-json\/wp\/v2\/types\/post"}],"author":[{"embeddable":true,"href":"https:\/\/www.millicozum.com\/mc\/wp-json\/wp\/v2\/users\/74"}],"replies":[{"embeddable":true,"href":"https:\/\/www.millicozum.com\/mc\/wp-json\/wp\/v2\/comments?post=3626"}],"version-history":[{"count":0,"href":"https:\/\/www.millicozum.com\/mc\/wp-json\/wp\/v2\/posts\/3626\/revisions"}],"wp:attachment":[{"href":"https:\/\/www.millicozum.com\/mc\/wp-json\/wp\/v2\/media?parent=3626"}],"wp:term":[{"taxonomy":"category","embeddable":true,"href":"https:\/\/www.millicozum.com\/mc\/wp-json\/wp\/v2\/categories?post=3626"},{"taxonomy":"post_tag","embeddable":true,"href":"https:\/\/www.millicozum.com\/mc\/wp-json\/wp\/v2\/tags?post=3626"}],"curies":[{"name":"wp","href":"https:\/\/api.w.org\/{rel}","templated":true}]}}