{"id":364,"date":"2006-11-27T13:00:07","date_gmt":"2006-11-27T13:00:07","guid":{"rendered":"https:\/\/www.millicozum.com\/mc\/2006\/11\/27\/ortado-e-bulaniyor-tke-bunaliyor\/"},"modified":"2006-11-27T13:00:07","modified_gmt":"2006-11-27T13:00:07","slug":"ortadogu-iyice-bulaniyor-turkiye-bunaliyor","status":"publish","type":"post","link":"https:\/\/www.millicozum.com\/mc\/2005\/ekim-2005\/ortadogu-iyice-bulaniyor-turkiye-bunaliyor\/","title":{"rendered":"ORTADO\u011eU \u0130Y\u0130CE BULANIYOR T\u00dcRK\u0130YE BUNALIYOR!"},"content":{"rendered":"<p>\u00a0  <\/p>\n<p> <strong>Irak B\u00f6l\u00fcn\u00fcyor:<\/strong> <\/p>\n<p> <strong>Irak&#39;\u0131n ba\u015fkenti Ba\u011fdat&#39;taki \u00dcmm\u00fc Kura Camii \u0130mam-Hatibi Mahmud Samedi: &quot;Federalizm Irak&#39;\u0131n B\u00f6l\u00fcnmesidir.&quot; <\/strong>Dedi ve ekledi: <\/p>\n<p> <strong>&quot;Irak s\u00fcnnileri federal bir y\u00f6netim istemiyor ve \u00fclkenin b\u00f6l\u00fcnmesine alet olmuyor, \u00e7\u00fcnk\u00fc: &quot;Federallik \u00fclkenin birka\u00e7 par\u00e7aya b\u00f6l\u00fcnmesi demektir. Irak&#39;\u0131n g\u00fcney b\u00f6lgesindeki halka sesleniyorum, federalli\u011fe ye\u015fil \u0131\u015f\u0131k yakarak haz\u0131rlanan tuza\u011fa d\u00fc\u015fmeyin ve Irak&#39;\u0131 da d\u00fc\u015f\u00fcrmeyin.&quot; <\/strong> <\/p>\n<p>  \u00a0  <\/p>\n<p> Irak s\u00fcnnileri 2005 Eyl\u00fcl&#39;\u00fcnde d\u00fczenlenecek referandum ve Ekim&#39;de d\u00fczenlenmesi karar\u0131 al\u0131nan se\u00e7imlere kat\u0131lacaklar\u0131n\u0131 a\u00e7\u0131klad\u0131. <\/p>\n<p> \u00a0\u00a0 Irak&#39;\u0131n Ba\u015fkenti Ba\u011fdat&#39;taki \u00dcmm\u00fc Kura Camii \u0130mam-Hatibi \u015eeyh Mahmud Samedi, M\u00fcsl\u00fcman ilim adamlar\u0131 heyeti ve Irak \u0130slam Partisi ve Ehli S\u00fcnnet Vakf\u0131&#39;n\u0131n ortakla\u015fa d\u00fczenledi\u011fi kongrede: &quot;siyasi faaliyet ve se\u00e7imlere kat\u0131lma karar\u0131 ald\u0131klar\u0131n\u0131&quot; s\u00f6yledi.  <\/p>\n<p> \u00a0\u00a0 \u015eeyh Samedi b\u00fct\u00fcn Irak&#39;l\u0131lar\u0131n al\u0131nan karar destek vermelerini isteyerek, &quot;Mesele ya var olmak, ya da olmamak meselesidir. \u00dclkede var olmak kendi d\u0131\u015f\u0131ndakilerden \u00e7ok Irak&#39;l\u0131lar\u0131n hakk\u0131d\u0131r.&quot; Dedi. <\/p>\n<p> \u00a0\u00a0 Irak sunnilerinin federal bir y\u00f6netim istemediklerini belirten Samedi konu\u015fmas\u0131n\u0131 \u015f\u00f6yle s\u00fcrd\u00fcrd\u00fc: &quot;Federallik, \u00fclkenin birka\u00e7 par\u00e7aya b\u00f6l\u00fcnmesi demektir. Irak&#39;\u0131n g\u00fcney b\u00f6lgesindeki halka sesleniyorum, federalli\u011fe ye\u015fil \u0131\u015f\u0131k yakarak haz\u0131rlanan tuza\u011fa d\u00fc\u015fmeyin ve Irak&#39;\u0131 da d\u00fc\u015f\u00fcrmeyin. Biz Irak&#39;\u0131n ortas\u0131nda ya\u015fayanlar olarak kesinlikle federalli\u011fi istemiyoruz, kahraman Irak halk\u0131n\u0131n da b\u00f6yle bir \u015feyi talep etti\u011fini d\u00fc\u015f\u00fcnm\u00fcyoruz.&quot; <\/p>\n<p> \u00a0\u00a0 Irak \u0130slam Devrim Konseyi Y\u00fcksek Meclisi Ba\u015fkan\u0131 Abdulaziz el-Hakim&#39;in Necef-i \u015eerif&#39;i ge\u00e7ti\u011fimiz g\u00fcnlerde ziyareti s\u0131ras\u0131nda, \u015eiilerin ya\u015fad\u0131\u011f\u0131 g\u00fcney b\u00f6lgesinde federal bir y\u00f6netimin kurulmas\u0131na anayasaca bir engel olmad\u0131\u011f\u0131n\u0131 s\u00f6ylemesi \u00fczerine rahats\u0131zl\u0131klar\u0131n\u0131 dile getiren Ba\u011fdat S\u00fcnnileri, Eyl\u00fcl ve Ekim aylar\u0131nda ger\u00e7ekle\u015fecek referandum ve se\u00e7imlere kat\u0131lma karar\u0131 ald\u0131klar\u0131n\u0131 a\u00e7\u0131klad\u0131. <\/p>\n<p> <strong>T\u00fcrkmenler Unutuluyor:<\/strong> <\/p>\n<p> <strong>Arazilerine el konulan halk, zorunlu olarak g\u00f6\u00e7e itiliyor <\/strong> <\/p>\n<p> <strong>Telafer&#39;de insanl\u0131k dram\u0131 ya\u015fan\u0131yor <\/strong> <\/p>\n<p> <strong>Sava\u015f\u0131n ard\u0131ndan Irak&#39;\u0131n en \u00e7ok zarar g\u00f6ren b\u00f6lgelerinden biri olan Telafer&#39;de, adeta insanl\u0131k dram\u0131 ya\u015fan\u0131yor. G\u00f6\u00e7e zorlanan b\u00f6lge halk\u0131, bir taraftan ya\u015fam m\u00fccadelesi verirken di\u011fer taraftan \u00f6l\u00fcm korkusu ta\u015f\u0131yor<\/strong>. <\/p>\n<p> Sava\u015f\u0131n ard\u0131ndan Irak&#39;\u0131n en \u00e7ok zarar g\u00f6ren b\u00f6lgelerinden biri olan Telafer&#39;de, adeta insanl\u0131k dram\u0131 ya\u015fan\u0131yor. G\u00f6\u00e7e zorlanan b\u00f6lge halk\u0131, bir taraftan ya\u015fam m\u00fccadelesi verirken di\u011fer taraftan \u00f6l\u00fcm korkusu ta\u015f\u0131yor.. Sald\u0131r\u0131lar ve zul\u00fcm kar\u015f\u0131s\u0131nda \u00e7aresiz kalan yerli halk, baz\u0131 yard\u0131m kurulu\u015flar\u0131n\u0131n deste\u011fiyle ayakta kalmaya \u00e7al\u0131\u015f\u0131yor.  <\/p>\n<p> Terk ettikleri evlerinden uzak b\u00f6lgelerde, kendilerine uzat\u0131lan yard\u0131m elini bekleyen Telaferliler&#39;in imdad\u0131na, T\u00fcrkiye Ortado\u011fu Yard\u0131mla\u015fma Vakf\u0131 (TODAV) \u00fcyeleri yeti\u015fti. Sava\u015f\u0131n sona ermesini bekleyen b\u00f6lge halk\u0131, her t\u00fcrl\u00fc yard\u0131ma muhta\u00e7 olduklar\u0131n\u0131 belirttiler.  <\/p>\n<p> TODAV B\u00f6lge Sorumlusu Yakup Benbeo\u011flu, bu t\u00fcr yard\u0131mlar\u0131n b\u00f6lgede devam edece\u011fini kaydetti. <\/p>\n<p> <strong>Sava\u015f ve karga\u015fa s\u00fcr\u00fcyor!<\/strong> <\/p>\n<p> Sava\u015ftan b\u0131kt\u0131klar\u0131n\u0131 s\u00f6yleyen Galip Muhammet isimli bir g\u00f6\u00e7 ma\u011fduru ise, &quot;Bu sava\u015f ne zaman biterse biz o zaman evimize d\u00f6nece\u011fiz. Ama sava\u015f\u0131n ne zaman bitece\u011fi de me\u00e7hul&quot; dedi.  <\/p>\n<p> Ku\u015fatman\u0131n getirdi\u011fi zorlukla Telafer&#39;deki evini ve arazisini terk etmek zorunda kalan 9 ki\u015filik bir aile, kent d\u0131\u015f\u0131nda yer alan ve sava\u015f nedeniyle kapal\u0131 kalan bir k\u00f6y okuluna yerle\u015fti. Olduk\u00e7a zor ko\u015fullarda ya\u015fam m\u00fccadelesi veren ailenin, herhangi bir ge\u00e7im kayna\u011f\u0131n\u0131n da olmad\u0131\u011f\u0131 \u00f6\u011frenilirken, ailenin \u00f6nde gelenlerinden Yusuf Bakir, do\u011fup b\u00fcy\u00fcd\u00fc\u011f\u00fc kenti zorunlu olarak terk etmenin ac\u0131s\u0131n\u0131 ya\u015fad\u0131klar\u0131n\u0131 dile getirdi. Bakir, &quot;Biz buraya zorunlu olarak geldik. Bu okula yerle\u015ftik. A\u00e7 susuz ya\u015fam m\u00fccadelesi veriyoruz. \u015eimdi bizi buradan \u00e7\u0131karmaya \u00e7al\u0131\u015f\u0131yorlar. Sava\u015f ve zul\u00fcm alt\u0131nda \u00e7ok zorluk \u00e7ekiyoruz, neyimiz varsa Telafer&#39;de b\u0131rakt\u0131k. \u00c7aresizlik i\u00e7indeyiz&quot; diyerek i\u00e7inde bulundu\u011fu durumu \u00f6zetledi. T\u00fcrkmenler&#39;e destek \u00e7\u0131k\u0131lmas\u0131 gerekti\u011fini vurgulayan Bakir, canlar\u0131n\u0131n tehlikede oldu\u011funu da s\u00f6zlerine ekledi.  <\/p>\n<p> Ailenin bir ba\u015fka \u00fcyesi Galibe Muhammed, g\u00f6\u00e7ten ba\u015fka \u00e7arelerinin kalmad\u0131\u011f\u0131n\u0131 ancak, burada da huzurlar\u0131n\u0131n olmad\u0131\u011f\u0131n\u0131 ifade etti. Muhammed, &quot;Buraya g\u00f6\u00e7 ettik okula s\u0131\u011f\u0131nd\u0131k. \u015eimdi de buradan \u00e7\u0131karmaya u\u011fra\u015f\u0131yorlar. Ne yapaca\u011f\u0131m\u0131z\u0131 bilmiyoruz.&quot; \u015feklinde konu\u015ftu.\u00a0  <\/p>\n<p> Ailenin 7 \u00e7ocu\u011fundan en b\u00fcy\u00fc\u011f\u00fc Ali Yusuf ise, &quot;Zul\u00fcm kar\u015f\u0131s\u0131nda \u00e7aresiz kald\u0131k. Ev yok, yiyecek yok, can g\u00fcvenli\u011fi yok&#8230; Kimse Telafer halk\u0131na sahip \u00e7\u0131km\u0131yor&quot; diye tepki g\u00f6sterdi. <\/p>\n<p> <strong>\u0130srail Hizbullah\u0131 El-Kaidele\u015fiyor:<\/strong> <\/p>\n<p> <strong>Bu ne geveze el Kaideci! <\/strong> <\/p>\n<p> <strong>\u00c7ok ilgin\u00e7 bir El Kaide mensubu, Antalya&#39;da yakalan\u0131yor!.. So\u011fukkanl\u0131 ve \u00e7ok geveze. Bir \u015faklaban! S\u00f6ylenmesi istenen her \u015feyi her f\u0131rsatta s\u00f6yl\u00fcyor. Medyaya konu\u015fuyor, Savc\u0131l\u0131\u011fa gelince de susma hakk\u0131n\u0131 kullan\u0131yor. Namaz k\u0131lmay\u0131 sevmiyor, \u015farap ve viski i\u00e7meyi seviyor. 11 Eyl\u00fcl&#39;\u00fc de biliyormu\u015f. Irak&#39;ta T\u00fcrk \u015fof\u00f6r\u00fcn kafas\u0131 kesilirken oradayd\u0131. <\/strong> <\/p>\n<p> G\u00fcnlerdir T\u00fcrk bas\u0131n\u0131nda El Kaide kod adl\u0131 bir \u015fov izliyoruz. MIT, CIA ve Mossad taraf\u0131ndan yap\u0131lan Suriyeli L\u00fcvey Sakra ve Hamid Obysi&#39;nin yakalanmas\u0131n\u0131 i\u00e7eren operasyon, 11 Eyl\u00fcl sonras\u0131n\u0131n en b\u00fcy\u00fck geli\u015fme olarak medyada &quot;hak etti\u011fi&quot; yeri buldu&#8230; <\/p>\n<p> Mersin-Alanya aras\u0131ndaki b\u00f6lgelerde \u0130sraillilere sald\u0131r\u0131 olaca\u011f\u0131na ili\u015fkin uyar\u0131lar, s\u00fcrat motorlar\u0131, villalar ve milyonlarca dolar\u0131n d\u0131\u015f\u0131nda operasyonla 11 Eyl\u00fcl&#39;den bu yana \u00e7\u00f6z\u00fclemeyen hemen her sald\u0131r\u0131 a\u00e7\u0131kl\u0131\u011fa kavu\u015fturuldu!\u00a0 El Kaide ile ilgili b\u00fct\u00fcn teoriler yerle bir edildi. \u00d6rg\u00fct\u00fcn kimli\u011fine ili\u015fkin bug\u00fcne kadar ortaya at\u0131lan fikirlerin hi\u00e7bir anlam\u0131 olmad\u0131\u011f\u0131 ortaya \u00e7\u0131kt\u0131. El Kaide&#39;nin \u0130slam&#39;la ili\u015fkisi L\u00fcvey Sakra ile ortadan kalkt\u0131. Tabi \u00dcsame Bin Ladin&#39;in ve Eymen ez Zevahiri&#39;nin kimlikleri de&#8230;  <\/p>\n<p> El Kaide&#39;nin \u00fcs d\u00fczey be\u015f ki\u015fisinde biri yakaland\u0131. Ondan daha iyi \u00f6rg\u00fctle ilgili bilgi verecek kim olabilir ki? Afganistan i\u015fgali, Guantanamo&#39;daki El Kaide mensuplar\u0131, Diago Garcia&#39;dan d\u00fcnya genelindeki Amerikan \u00fcslerine kadar yay\u0131lan gizli merkezlerdeki El Kaide mensuplar\u0131, Madrid ve Londra bombalamalar\u0131ndan sonraki soru\u015fturmalar, ABD&#39;nin d\u00fcnyan\u0131n hemen b\u00fct\u00fcn istihbarat \u00f6rg\u00fctleriyle k\u00fcresel d\u00fczeyde y\u00fcr\u00fctt\u00fc\u011f\u00fc operasyon ve soru\u015fturmalar bile bu kadar verimli olmad\u0131.  <\/p>\n<p> Sakra 11 Eyl\u00fcl sald\u0131r\u0131lar\u0131n\u0131n yap\u0131laca\u011f\u0131n\u0131 biliyordu hatta uyard\u0131! Londra sald\u0131r\u0131lar\u0131n\u0131 planlad\u0131! \u0130stanbul sald\u0131r\u0131lar\u0131nda belirleyiciydi! Saymaya gerek yok, El Kaide dosyas\u0131 olarak g\u00f6r\u00fclen b\u00fct\u00fcn sald\u0131r\u0131larda bir \u015fekilde rol oynad\u0131.  <\/p>\n<p> Bu kadar \u00f6nemli bilgilerin ele ge\u00e7irildi\u011fi operasyon Emniyet Genel M\u00fcd\u00fcrl\u00fc\u011f\u00fc taraf\u0131ndan neden &quot;tamamen yanl\u0131\u015f ve kas\u0131tl\u0131&quot; olarak nitelendi acaba? <\/p>\n<p> Operasyonla ilgili haberleri \u00f6nce \u0130srail&#39;den duyuyoruz. \u00c7o\u011fu zaman oldu\u011fu gibi. Zerkavi&#39;nin Kuzey Irak&#39;ta oldu\u011fu haberleri \u0130srail kokusu veriyor. Garip bir \u015fekilde \u0130srail istihbarat \u00e7evreleri Usame Bin Ladin&#39;in ve Eymen Zevahiri&#39;nin Afganistan&#39;dan Irak&#39;a ge\u00e7meye haz\u0131rland\u0131klar\u0131 haberlerini yay\u0131yor. Onlara g\u00f6re Ladin ve Zevahiri, muhtemelen Eyl\u00fcl ortalar\u0131na Pakistan ve \u0130ran Belucistan\u0131 \u00fczerinden Irak&#39;a ge\u00e7ecek.  <\/p>\n<p> Sakra bol para harc\u0131yor. Mesela Amerikan k\u0131\u015flas\u0131na giden 25 milyon dolar\u0131 ele ge\u00e7irdiklerini, 500 bin dolar\u0131n\u0131 kendisinin ald\u0131\u011f\u0131n\u0131 vs. Sak\u0131n bu paralar, El Kaide&#39;nin ya da Irakl\u0131 direni\u015f\u00e7ilerin de\u011fil de, Irak&#39;\u0131n kay\u0131p milyarlarca dolar\u0131ndan olmas\u0131n! Bu paray\u0131 Irak ordusunun 40 milyar dolar\u0131 bulan varl\u0131\u011f\u0131n\u0131 sat\u0131p cebe indirenler vermi\u015f olmas\u0131n! 285 milyon dolarl\u0131k tank yolsuzlu\u011fundan olmas\u0131n! 1 milyar dolarl\u0131k tart\u0131\u015f\u0131lan yolsuzluktan olmas\u0131n! Sak\u0131n bu paralar Irak Mersin liman\u0131 aras\u0131ndaki kirli ticaretten olmas\u0131n! Irak&#39;\u0131n f\u00fczelerini Kuzey Irak&#39;a, \u0130ran&#39;a, T\u00fcrkiye&#39;ye, Yeni Delhi&#39;ye kadar ula\u015ft\u0131ran \u015febekeden geliyor olmas\u0131n! L\u00fcbnan&#39;da suikastlere kadar uzanan para trafi\u011finden olmas\u0131n! Irak ordusunun her \u015feyini satan Bush ailesine ve CIA&#39;ya mensup &quot;Amerikan Lawrence&quot;\u0131 lakapl\u0131, \u00f6ld\u00fcr\u00fcld\u00fc\u011f\u00fc s\u00f6ylenen ama hala cesedi bulunamayan Dale Stoffel&#39;den, onunla i\u015f yapanlardan, aralar\u0131nda T\u00fcrk vatanda\u015flar\u0131n\u0131n da oldu\u011fu \u015firketlerden gelmesin!  <\/p>\n<p> Nas\u0131l olsa Sarka operasyonu zamanla unutulacak. Adam\u0131n bir hi\u00e7 oldu\u011fu ortaya \u00e7\u0131kacak. Operasyonla dikkatlerimizden nelerin ka\u00e7\u0131r\u0131ld\u0131\u011f\u0131n\u0131 o zaman anlayacak m\u0131y\u0131z? Mesela as\u0131l g\u00fcvenlik tehditlerinin Mersin&#39;le Alanya aras\u0131nda de\u011fil, Mersin&#39;le Kuzey Irak aras\u0131nda oldu\u011funu ne zaman fark edece\u011fiz? B\u00f6lgedeki kirli ticareti, b\u00fcy\u00fck para transferlerini, T\u00fcrkiye&#39;nin Do\u011fu Akdeniz&#39;e ili\u015fkin b\u00fct\u00fcn hesaplar\u0131n\u0131 bozacak tehlikeli geli\u015fmeleri farkedecek miyiz?<a name=\"_ftnref1\" href=\"#_ftn1\" title=\"_ftnref1\">[1]<\/a>  <\/p>\n<p> <strong>El Kaide \u00fczerine soru i\u015faretleri \u00e7o\u011fal\u0131yor!&#8230;<\/strong> <\/p>\n<p> El Kaide&#39;nin en \u00f6nemli 5 adam\u0131 aras\u0131nda say\u0131lan Luai Sakra&#39;n\u0131n dosyas\u0131 bir hayli kabar\u0131k&#8230; Sakra&#39;n\u0131n Amerika Haberalma Te\u015fkilat\u0131 CIA taraf\u0131ndan iki kez sorgulan\u0131p b\u0131rak\u0131lmas\u0131, Suriyeli eylemciye ajanl\u0131k teklif edilmesi, ayn\u0131 ki\u015finin 5 y\u0131l \u00f6nce T\u00fcrk istihbarat\u0131 (M\u0130T) taraf\u0131ndan sorgulanmas\u0131 gibi iddialar d\u00fc\u015f\u00fcnd\u00fcr\u00fcc\u00fc. Sakra&#39;n\u0131n CIA, M\u0130T ve El Muhaberat (Suriye istihbarat \u00f6rg\u00fct\u00fc) taraf\u0131ndan g\u00f6zalt\u0131na al\u0131n\u0131p, ajanl\u0131k teklifinden sonra serbest b\u0131rak\u0131lmas\u0131 gibi iddialara hen\u00fcz hi\u00e7bir kurumdan a\u00e7\u0131klama gelmedi. Bu da \u015f\u00fcpheleri derinle\u015ftiriyor&#8230;  <\/p>\n<p> Eski M\u0130T mensubu Mahir Kaynak, 1 A\u011fustos&#39;ta Radikal&#39;e deme\u00e7 vermi\u015f, &quot;El Kaide diye bir ter\u00f6r \u00f6rg\u00fct\u00fc yoktur.&quot; demi\u015fti. Ne\u015fe D\u00fczel&#39;e verdi\u011fi r\u00f6portajda Kaynak, &quot;El Kaide, bir istihbarat servisinin yapt\u0131\u011f\u0131 operasyonun kod ad\u0131d\u0131r. El Kaide eylemlerinden \u00e7\u0131kan tek siyasi sonu\u00e7, Bat\u0131 d\u00fcnyas\u0131nda bir \u0130slam aleyhtarl\u0131\u011f\u0131 do\u011fu\u015fudur ve \u0130slam&#39;\u0131n ter\u00f6rle \u00f6zde\u015fle\u015fmesidir.&quot; demi\u015fti.<a name=\"_ftnref2\" href=\"#_ftn2\" title=\"_ftnref2\">[2]<\/a>  <\/p>\n<p> <strong>PKK Siyasalla\u015ft\u0131r\u0131l\u0131yor<\/strong> <\/p>\n<p> <strong>T\u00fcrkiye&#39;nin So\u011fuk Sava\u015f sonras\u0131na ili\u015fkin \u00f6ng\u00f6r\u00fcs\u00fczl\u00fc\u011f\u00fcn\u00fcn olu\u015fturdu\u011fu bo\u015fluk ABD, \u0130ngiltere ve \u0130srail taraf\u0131ndan dolduruldu. \u00c7eki\u00e7 G\u00fc\u00e7&#39;\u00fcn s\u00fcresi y\u0131llarca sorgulanmadan neden uzat\u0131ld\u0131 ve \u00d6calan neden teslim edildi?<\/strong> <\/p>\n<p> Kara Kuvvetleri eski Komutan\u0131 Orgeneral Ayta\u00e7 Yalman&#39;\u0131n; d\u00f6nemin Ba\u015fbakan\u0131 B\u00fclent Ecevit&#39;in &quot;Amerika, \u00d6calan&#39;\u0131 niye teslim etti, h\u00e2l\u00e2 anlayabilmi\u015f de\u011filim&quot; s\u00f6zlerine verdi\u011fi cevap, bug\u00fcn T\u00fcrkiye&#39;nin kar\u015f\u0131 kar\u015f\u0131ya bulundu\u011fu en b\u00fcy\u00fck krizin kayna\u011f\u0131na ve niteli\u011fine ili\u015fkin derin bir zaaf\u0131 ortaya koyuyor&#8230; \u00d6calan yakaland\u0131\u011f\u0131nda b\u00f6lgede g\u00f6rev yapan 2. Ordu&#39;nun komutan\u0131 olan Yalman&#39;\u0131n, &quot;Bu olay ter\u00f6r\u00fcn bir s\u00fcre bask\u0131 alt\u0131na al\u0131nmas\u0131na yard\u0131mc\u0131 olmu\u015ftur. Ancak bug\u00fcn ortaya \u00e7\u0131kard\u0131\u011f\u0131 sonu\u00e7lar itibar\u0131yla \u00fczerinde d\u00fc\u015f\u00fcn\u00fclmesi gereken bir olay\u0131n da ba\u015flang\u0131c\u0131 olmu\u015ftur. (&#8230;) <strong>&quot;\u00d6calan&#39;\u0131n yakalanmas\u0131yla Barzani ve Talabani&#39;ye ciddi bir alternatif olma ihtimali ortadan kald\u0131r\u0131lm\u0131\u015f ve b\u00f6lgedeki g\u00fcc\u00fcn\u00fcn pasifize edilmesiyle K\u00fcrt liderlere siyasi, askeri alanda geni\u015f bir manevra sahas\u0131 sa\u011flanm\u0131\u015f, daha rahat hareket edebilmi\u015fler ve Amerika&#39;ya kendilerini daha ba\u011f\u0131ml\u0131 hissetmeye ba\u015flam\u0131\u015flard\u0131r&quot;<\/strong> s\u00f6zleri, T\u00fcrkiye&#39;nin 1990&#39;lardan bug\u00fcne izledi\u011fi, asl\u0131nda T\u00fcrkiye&#39;ye dayat\u0131lan ABD-\u0130ngiliz stratejisinin par\u00e7as\u0131 olan politikalar\u0131n ac\u0131 sonu\u00e7lar\u0131n\u0131 ortaya koyuyor. Y\u0131llarca \u00c7eki\u00e7 G\u00fc\u00e7&#39;\u00fcn T\u00fcrkiye&#39;nin \u00fcst\u00fcnde bir irade taraf\u0131ndan b\u00f6lgede tutulmas\u0131, her iktidar\u0131n sorgulamadan s\u00fcreyi uzatmas\u0131, s\u00fcre uzat\u0131m\u0131na ili\u015fkin Meclis oylamalar\u0131nda kimsenin bir itiraz bile ileri s\u00fcrmemesi de ayn\u0131 stratejilerin par\u00e7alar\u0131yd\u0131.  <\/p>\n<p> Sadece PKK, K\u00fcrt sorunu ya da g\u00fcvenlik sorunlar\u0131 de\u011fil, o d\u00f6nemde T\u00fcrk d\u0131\u015f politikas\u0131 \u00e7ok ciddi bi\u00e7imde sorgulanmadan, T\u00fcrkiye&#39;nin gelece\u011fe y\u00f6nelik bir perspektif geli\u015ftirmesi imkans\u0131z. Kuzey Irak&#39;tan yeni Ortado\u011fu d\u00fczenine, Kafkaslar\/Orta Asya&#39;dan \u0130ran&#39;la ili\u015fkilere, 11 Eyl\u00fcl \u00f6ncesi AB&#39;ye bak\u0131\u015ftan k\u00fcresel ter\u00f6r operasyonlar\u0131na, Rusya ve \u00c7in ile ili\u015fkilerden Hindistan&#39;la eksen olu\u015fturma projelerine kadar, T\u00fcrkiye&#39;nin So\u011fuk Sava\u015f sonras\u0131na ili\u015fkin \u00f6ng\u00f6r\u00fcs\u00fczl\u00fc\u011f\u00fcn\u00fcn olu\u015fturdu\u011fu bo\u015fluk ABD, \u0130ngiltere ve \u0130srail taraf\u0131ndan dolduruldu.  <\/p>\n<p> Sovyetler&#39;in \u00e7\u00f6z\u00fclmesinden sonra b\u00fct\u00fcn d\u00fcnya pozisyonunu yeniden belirlerken T\u00fcrkiye, ABD ile yak\u0131n olmas\u0131n\u0131n rehavetine kap\u0131ld\u0131. Hem yak\u0131n b\u00f6lgesi hem de k\u00fcresel geli\u015fmelere ili\u015fkin hi\u00e7bir tez \u00fcretmedi ve d\u0131\u015f politikas\u0131n\u0131 ABD&#39;ye endeksledi. 1996&#39;larda bir ABD projesi olarak kurulan T\u00fcrkiye-\u0130srail-\u00dcrd\u00fcn ekseninin hedefi, ABD ve \u0130ngiltere&#39;nin \u0130srail&#39;le birlikte bug\u00fcn kurmaya \u00e7al\u0131\u015ft\u0131\u011f\u0131 yeni Ortado\u011fu d\u00fczeniydi. Ankara, hi\u00e7 sorgulamadan projenin \u00f6n\u00fcnde yal\u0131n k\u0131l\u0131\u00e7 m\u00fccadele etti. Ancak d\u00f6rt-be\u015f y\u0131l sonra g\u00f6z\u00fcn\u00fc a\u00e7abildi. O da kendi \u00f6ng\u00f6r\u00fcs\u00fcyle de\u011fil, d\u00fcnyada ve b\u00f6lgedeki geli\u015fmelerle oldu. T\u00fcrk-\u0130srail ekseninin hedefleri \u015fimdi T\u00fcrkiye i\u00e7in birinci tehdit haline gelmedi mi? &quot;\u0130slamc\u0131lar\u0131 tasfiye etme&quot; projesi T\u00fcrkiye&#39;nin g\u00f6zlerini o kadar karartt\u0131 ki, So\u011fuk Sava\u015f y\u0131llar\u0131 boyunca m\u00fcttefiki olan g\u00fc\u00e7lerin ve So\u011fuk Sava\u015f sonras\u0131 en \u00f6nemli m\u00fcttefiki \u0130srail&#39;in b\u00f6lgeye y\u00f6nelik projelerinin kendisi i\u00e7in ne b\u00fcy\u00fck tehlike haline geldi\u011fini g\u00f6remedi. Hala da tam olarak g\u00f6rebilmi\u015f de\u011fil.  <\/p>\n<p> <strong>O zaman bu politikalar\u0131 uygulayanlar \u015fimdi yak\u0131n\u0131yor. O zamanlar ABD&#39;nin K\u00fcrtlerle ilgili projelerinin T\u00fcrkiye&#39;deki K\u00fcrtler \u00fczerinden de\u011fil, Kuzey Irak&#39;l\u0131 K\u00fcrtler \u00fczerinden uyguland\u0131\u011f\u0131n\u0131 bilmiyorlar m\u0131yd\u0131? B\u00fct\u00fcn d\u00fcnyan\u0131n bildi\u011fi bu ger\u00e7e\u011fi yeni mi anlad\u0131lar?..<\/strong> <\/p>\n<p> T\u00fcrkiye&#39;nin, bu \u00fclkede ya\u015fayanlar\u0131n ortak \u00e7\u0131karlar\u0131n\u0131n \u00fcst\u00fcnde hangi irade bizlere bu bedeli \u00f6detiyor \u015fimdi? O irade i\u00e7in hizmet verenlerin sorumlulu\u011fu ne olacak? Hangi irade b\u00fct\u00fcn ortak de\u011ferleri t\u00fcketip bizleri b\u00f6yle bir \u015fa\u015fk\u0131nl\u0131\u011fa, karamsarl\u0131\u011f\u0131, \u00f6fkeye ve kavgaya s\u00fcr\u00fckledi? Ve hangi irade \u015fimdi bu sorunu \u00e7\u00f6zme ehliyetimizi elimizden al\u0131yor? B\u0131rak\u0131n \u00e7\u00f6zme ehliyetini ve iradesini, bu konuda inisiyatif almaya bile \u015fiddetle m\u00fcdahale ediliyor&#8230; Bu hesaplara m\u00fcdahale edemezseniz, G\u00fcneydo\u011fu&#39;daki b\u00fct\u00fcn illeri \u0130zmir yapsan\u0131z bile sonu\u00e7 alamazs\u0131n\u0131z&#8230;<a name=\"_ftnref3\" href=\"#_ftn3\" title=\"_ftnref3\">[3]<\/a>  <\/p>\n<p> <strong>\u0130slam&#39;\u0131 yok etme sava\u015f\u0131 veriliyor! <\/strong> <\/p>\n<p> Amerika K\u00e2be&#39;yi bombalarsa ne olur?.. Buda heykelleri bombalanm\u0131\u015f, yaz\u0131k olmu\u015f. K\u00e2be tahrip olsa da k\u0131blemiz de\u011fi\u015fmez. Biz Allah&#39;a ibadet ediyoruz, K\u00e2be&#39;ye tapm\u0131yoruz ki. Londra&#39;dan ve daha bir\u00e7ok Avrupa \u015fehrinden ka\u00e7\u0131yor M\u00fcsl\u00fcmanlar. \u00c7\u00fcnk\u00fc sokaklarda s\u00f6zl\u00fc ve fiili sald\u0131r\u0131lara u\u011fruyorlar. \u0130\u015f s\u00f6zle\u015fmeleri, kira kontratlar\u0131, kredi kartlar\u0131 iptal ediliyor. Camiler yak\u0131l\u0131yor&#8230;\u00a0 Londra&#39;daki bombal\u0131 sald\u0131r\u0131lar\u0131n do\u011frudan ya da dolayl\u0131 bir tuzak oldu\u011funu d\u00fc\u015f\u00fcnmeye yatk\u0131n\u0131m. Bat\u0131, ter\u00f6r\u00fc, kendi vah\u015fetinin dayana\u011f\u0131 haline getirmekte bu kadar hevesli olmasayd\u0131, b\u00f6yle bir \u015f\u00fcphe ta\u015f\u0131mazd\u0131m ama \u015fimdi i\u00e7imde \u015f\u00fcphe var. Blair&#39;e, Bush&#39;a birer san\u0131k g\u00f6z\u00fcyle bakmam\u0131z do\u011fal.  <\/p>\n<p> Bat\u0131l\u0131lar, \u0130sl\u00e2m&#39;\u0131, yok etme arzusundalar. Onlara g\u00f6re \u0130sl\u00e2m, Bat\u0131 medeniyetine meydan okuman\u0131n ad\u0131. Bug\u00fcnk\u00fc medeniyetin temeli iktisatt\u0131r, kazan\u00e7t\u0131r, k\u00e2rd\u0131r. Bu k\u00e2r\u0131 azaltan, felsefi bak\u0131mdan anlams\u0131zl\u0131\u011fa mahkum eden veriler \u0130sl\u00e2m&#39;da mevcut. Buna katlanam\u0131yorlar. Bat\u0131l\u0131 liderlerin, askerlerin, siyaset\u00e7ilerin, papazlar\u0131n kabul edebilece\u011fi bir \u0130sl\u00e2m var. Onu da empoze ediyorlar zaten. Dinleraras\u0131 diyalogla, M\u00fcsl\u00fcmanlar\u0131n ba\u015f\u0131na bomba ya\u011fd\u0131r\u0131lmas\u0131 ve \u0130sl\u00e2m&#39;a hakaret bir arada y\u00fcr\u00fct\u00fcl\u00fcyor bu y\u00fczden. Protestan&#39;la M\u00fcsl\u00fcman aras\u0131ndaki benzerlikler \u00f6ne \u00e7\u0131kar\u0131l\u0131yor. &quot;\u015eu ilke ayn\u0131, bu g\u00f6r\u00fc\u015f ayn\u0131&quot; deniyor sonra da &quot;\u0130sl\u00e2m&#39;a ne gerek var&quot; diyorlar.<a name=\"_ftnref4\" href=\"#_ftn4\" title=\"_ftnref4\">[4]<\/a>  <\/p>\n<p> <strong>\u0130ran&#39;dan Sonra Sald\u0131r\u0131 S\u0131ras\u0131 T\u00fcrkiye&#39;ye Geliyor:<\/strong> <\/p>\n<p> <strong>\u015eimdi Amerika&#39;da: &quot;Ya T\u00fcrkiye de n\u00fckleer silahlanmaya giderse?&quot; Teorileri Tezgahlan\u0131yor! <\/strong> <\/p>\n<p> <strong>ABD bas\u0131n\u0131nda T\u00fcrkiye&#39;nin de n\u00fckleer silahlanmaya gidebilece\u011fine y\u00f6nelik haberler \u00e7\u0131kmaya ba\u015flad\u0131 bile. ABD ve \u0130srail, \u0130ran&#39;\u0131 T\u00fcrkiye i\u00e7in birinci tehdit olarak sunacaklar, T\u00fcrkiye-\u0130ran aras\u0131nda derin krizlere yat\u0131r\u0131m yapacaklard\u0131r. <\/strong> <\/p>\n<p> \u0130ran&#39;\u0131n n\u00fckleer \u00e7al\u0131\u015fmalara yeniden ba\u015flamas\u0131, kaosla bo\u011fu\u015fan b\u00f6lgede, \u015fimdi de bir n\u00fckleer krizin yakla\u015fmakta oldu\u011funa i\u015faret ediyor. \u00d6teden beri k\u00fcresel boyutta devam eden gerilim, \u00fc\u00e7 Avrupal\u0131&#39;n\u0131n (Almanya, Fransa ve \u0130ngiltere) \u0130ran&#39;la y\u00fcr\u00fctt\u00fc\u011f\u00fc m\u00fczakerelerin sonu\u00e7suz kalmas\u0131yla t\u0131rmand\u0131. M\u00fczakerelerin sonu\u00e7lar\u0131n\u0131 bekleyen ABD&#39;nin, tabi\u00ee \u0130srail&#39;in de, bundan sonra krizi daha da t\u0131rmand\u0131rmalar\u0131 hatta askeri m\u00fcdahale se\u00e7eneklerini g\u00fcndeme ta\u015f\u0131malar\u0131 bekleniyor&#8230; <\/p>\n<p> Ger\u00e7ekten de \u0130ran&#39;\u0131n n\u00fckleer g\u00fc\u00e7 olmas\u0131 Ortado\u011fu&#39;da b\u00fct\u00fcn dengeleri de\u011fi\u015ftirecek. \u0130srail a\u00e7\u0131s\u0131ndan \u00e7ok ciddi bir cayd\u0131r\u0131c\u0131 g\u00fc\u00e7 ortaya \u00e7\u0131kacak. ABD&#39;nin b\u00fct\u00fcn planlar\u0131 \u0130srail i\u00e7in g\u00fcvenlik tehditlerini ortadan kald\u0131rmak de\u011fil mi? Irak biraz da bunun i\u00e7in i\u015fgal edilmedi mi? Suriye bunun i\u00e7in tehdit edilmiyor mu? Irak&#39;taki yeni yap\u0131lanma bu \u00f6ncelikten hareketle yap\u0131lm\u0131yor mu? \u00d6yleyse \u0130ran&#39;\u0131n kararl\u0131 tutumu kapsaml\u0131 bir projenin s\u0131f\u0131rdan ele al\u0131nmas\u0131n\u0131 zorunlu hale getirecek.  <\/p>\n<p> \u0130ran ku\u015fat\u0131lm\u0131\u015f bir \u00fclke. \u0130srail, ABD, \u0130ngiltere ve Fransa&#39;n\u0131n deste\u011fiyle d\u00fcnyan\u0131n \u00f6nde gelen n\u00fckleer g\u00fc\u00e7lerinden biri haline getirildi. \u00dcstelik n\u00fckleer kl\u00fcp taraf\u0131ndan korunuyor, b\u00fct\u00fcn uluslararas\u0131 s\u00f6zle\u015fmelerden ve s\u0131n\u0131rlamalardan muaf tutuluyor. Dokunulmaz&#8230; \u0130srail&#39;in n\u00fckleer silahlar\u0131n\u0131 kimse a\u011fz\u0131na bile alam\u0131yor.  <\/p>\n<p> Irak ABD, \u0130ngiltere ve \u0130srail kontrol\u00fc alt\u0131nda. Afganistan&#39;da ABD var. K\u00f6rfez \u00fclkeleri ABD denetiminde. Basra K\u00f6rfezi de \u00f6yle. G\u00fcrcistan ve Azerbaycan ABD denetimine girmi\u015f durumda. Azerbaycan&#39;daki \u00fcslerin \u0130ran&#39;a sald\u0131r\u0131 ama\u00e7l\u0131 kullan\u0131laca\u011f\u0131 a\u00e7\u0131k\u00e7a dile getiriliyor. T\u00fcrkiye&#39;nin de ABD m\u00fcttefiki oldu\u011funu d\u00fc\u015f\u00fcn\u00fcrsek, d\u00f6rt yandan ku\u015fat\u0131lm\u0131\u015f bir \u00fclkenin g\u00fcvenlik kayg\u0131lar\u0131 anla\u015f\u0131labilir. B\u00f6yle bir \u00fclke i\u00e7in n\u00fckleer g\u00fcce eri\u015fmek tek se\u00e7enek gibi g\u00f6r\u00fclebilir. \u0130srail&#39;in n\u00fckleer tehdidi, ABD&#39;nin b\u00f6lgesel tasarruflar\u0131 olmasayd\u0131 \u0130ran bu yola girer miydi? Tehdit artt\u0131k\u00e7a Tahran&#39;\u0131n bu yolda azmi de art\u0131yor. <\/p>\n<p> \u0130ran&#39;\u0131n n\u00fckleer silahlardan vazge\u00e7mesini \u00f6nermek i\u00e7in Ortado\u011fu&#39;nun tamam\u0131n\u0131n bu silahlardan ar\u0131nd\u0131r\u0131lmas\u0131n\u0131 istemek en mant\u0131kl\u0131 olan\u0131. Ama bunu kimse dile getiremez. \u00c7\u00fcnk\u00fc \u0130srail de Ortado\u011fu&#39;da. Bat\u0131 i\u00e7in g\u00fcvenlik kayg\u0131lar\u0131 her t\u00fcrl\u00fc silahlanmay\u0131 me\u015fru k\u0131labiliyor. Hatta her t\u00fcrl\u00fc haks\u0131zl\u0131\u011f\u0131, ahlaks\u0131zl\u0131\u011f\u0131, devlet ter\u00f6r\u00fcn\u00fc me\u015fru k\u0131labiliyor. Ama kendileri d\u0131\u015f\u0131ndaki toplumlar\u0131n g\u00fcvenlik ve savunma kayg\u0131lar\u0131 cezaland\u0131r\u0131l\u0131yor.  <\/p>\n<p> Yar\u0131n T\u00fcrkiye&#39;nin de g\u00fcvenlik kayg\u0131lar\u0131 artt\u0131\u011f\u0131nda benzer aray\u0131\u015flara girmesi halinde ayn\u0131 tehditlerle y\u00fczle\u015fecek. N\u00fckleer silahlanma olmasa bile alternatif savunma sistemlerine yat\u0131r\u0131m yapan T\u00fcrkiye, bir \u015fekilde cezaland\u0131r\u0131lacak.  <\/p>\n<p> \u0130ran&#39;\u0131n bu \u015fekilde silahlanmas\u0131 b\u00f6lgede \u00e7ok ciddi silahlanma yar\u0131\u015f\u0131 ba\u015flatacakt\u0131r. \u00d6zellikle T\u00fcrkiye ve M\u0131s\u0131r gibi \u00fclkeler \u0130ran&#39;a kar\u015f\u0131 hava savunma sistemleri alan\u0131nda Bat\u0131&#39;n\u0131n en b\u00fcy\u00fck m\u00fc\u015fterileri haline gelecek. T\u00fcrkiye&#39;nin hava savunma sistemleri \u00fczerinde son y\u0131llardaki aray\u0131\u015flar\u0131 bunun bir g\u00f6stergesidir. ABD bas\u0131n\u0131nda T\u00fcrkiye&#39;nin de n\u00fckleer silahlanmaya gidebilece\u011fine y\u00f6nelik haberler \u00e7\u0131kmaya ba\u015flad\u0131 bile. ABD ve \u0130srail, \u0130ran&#39;\u0131 T\u00fcrkiye i\u00e7in birinci tehdit olarak sunacaklar, T\u00fcrkiye-\u0130ran aras\u0131nda derin krizlere yat\u0131r\u0131m yapacaklard\u0131r. \u0130srail, asl\u0131nda kendine y\u00f6nelen tehdidi, \u00e7o\u011fu zaman oldu\u011fu gibi, T\u00fcrkiye&#39;yi sahaya s\u00fcrerek, hedef yaparak savu\u015fturma yoluna gidecektir.  <\/p>\n<p> ABD ve \u0130srail&#39;in planlar\u0131 haz\u0131r. \u0130ran ve Kuzey Kore&#39;ye y\u00f6nelik \u00f6nleyici sald\u0131r\u0131 plan\u0131 Kas\u0131m 2003&#39;te tamamland\u0131. ABD hava kuvvetlerinin haz\u0131rlad\u0131\u011f\u0131 planda 450&#39;den fazla hedef tespit edildi. \u0130\u015fin en tehlikeli boyutu, bu hedeflerin \u00e7o\u011funun yeralt\u0131nda oldu\u011fu ve konvansiyonel silahlarla tahrip edilmesinin m\u00fcmk\u00fcn olmad\u0131\u011f\u0131, bunun i\u00e7in n\u00fckleer silahlar\u0131n kullan\u0131lmas\u0131n\u0131n zorunlu oldu\u011fu \u015feklindeki tespit.<a name=\"_ftnref5\" href=\"#_ftn5\" title=\"_ftnref5\">[5]<\/a>  <\/p>\n<p> &#160; <\/p>\n<p> &#160; <\/p>\n<p> <strong>\u0130slami Kavramlar Yasaklan\u0131yor:<\/strong> <\/p>\n<p> <strong>Atat\u00fcrk&#39;e bile sans\u00fcr koyuluyor!<\/strong> <\/p>\n<p> <strong>Kur&#39;an-\u0131 Kerim&#39;, &#8216;Kelime-i \u015eehadet&#39; ve &#8216;cennet&#39; kelimeleri Destan ve Abide \u00c7anakkale kitab\u0131ndan \u00e7\u0131kar\u0131ld\u0131<\/strong> <\/p>\n<p> <strong>\u00c7anakkale Zaferi&#39;nin 90&#39;\u0131nc\u0131 y\u0131l\u0131 nedeniyle bir hat\u0131ra kitab\u0131 yay\u0131nlayan K\u00fclt\u00fcr ve Turizm Bakanl\u0131\u011f\u0131 Atat\u00fcrk&#39;\u00fcn \u0130sl\u00e2m&#39;la ilgili s\u00f6zlerine sans\u00fcr uygulad\u0131. \u0130slam\u00ee terimlere sans\u00fcr. Mustafa Kemal Atat\u00fcrk&#39;\u00fcn Ru\u015fen E\u015fref&#39;in yapt\u0131\u011f\u0131 bir m\u00fcl\u00e2katta s\u00f6yledi\u011fi ve \u00c7anakkale Sava\u015f\u0131&#39;nda Mehmet\u00e7i\u011fin manev\u00ee dinamiklerini dile getirdi\u011fi me\u015fhur s\u00f6zlerinin al\u0131nt\u0131land\u0131\u011f\u0131 kitapta, &quot;Kur&#39;\u00e2n-\u0131 Ker\u00eem&quot;, &quot;Kelime-i \u015eehadet&quot; ve &quot;Cennet&quot; kelimeleri sans\u00fcrlendi. <\/strong> <\/p>\n<p> K\u00fclt\u00fcr Bakanl\u0131\u011f\u0131 taraf\u0131ndan \u00c7anakkale Zaferinin 90. y\u0131l\u0131 dolay\u0131s\u0131yla yay\u0131nlanan hat\u0131ra kitab\u0131nda, Atat\u00fcrk&#39;\u00fcn maneviyatla ilgili s\u00f6zleri bile sans\u00fcrden kurtulamad\u0131. Mustafa Kemal Atat\u00fcrk&#39;\u00fcn Ru\u015fen E\u015fref&#39;in yapt\u0131\u011f\u0131 bir m\u00fclakatta s\u00f6yledi\u011fi ve \u00c7anakkale Sava\u015f\u0131nda Mehmet\u00e7i\u011fin manevi dinamiklerini dile getirdi\u011fi me\u015fhur s\u00f6zlerinin al\u0131nt\u0131land\u0131\u011f\u0131 kitapta,\u00a0 &quot;Kuran\u0131 Kerim&quot; &quot;Kelime-i \u015eehadet&quot; ve &quot;Cennet&quot; kelimeleri ay\u0131klanarak, kitaba al\u0131nmad\u0131.  <\/p>\n<p> \u0130\u015fte Atat\u00fcrk&#39;\u00fcn ger\u00e7ek s\u00f6zleri:\u00a0  <\/p>\n<p> Mustafa Kemal Pa\u015fa&#39;n\u0131n umum Ar\u0131burnu kuvvetlerine \u015f\u00e2mil olan kumandanl\u0131\u011f\u0131 4 May\u0131s 1331\u00a0 g\u00fcn\u00fcne kadar devam etmi\u015f, bu m\u00fcddet zarf\u0131nda cereyan eden vak&#39;alar i\u00e7inde \u00f6yle mevzi\u00ee m\u00fctekabil taarruzlardan ba\u015fka hi\u00e7 b\u00fcy\u00fck muh\u00e2rebe yok. Fakat cidden kahramanl\u0131k sahneleri vard\u0131r. Mesela bak\u0131n\u0131z Pa\u015fa ne anlatt\u0131: <\/p>\n<p> &quot;M\u00fctekabil siperler aras\u0131nda mesafeniz sekiz metre.. Yani \u00f6l\u00fcm muhakkak, muhakkak&#8230; Birinci siperdekiler, hi\u00e7biri kurtulmamacas\u0131na k\u00e2milen d\u00fc\u015f\u00fcyor. <\/p>\n<p> \u0130kincidekiler onlar\u0131n yerine gidiyor. Fakat ne kadar \u015fayan-\u0131 g\u0131bta bir itidal ve tevekk\u00fclle biliyor musunuz? \u00d6leni g\u00f6r\u00fcyor, \u00fc\u00e7 dakikaya kadar \u00f6lece\u011fini biliyor. Hi\u00e7 ufak bir f\u00fctur bile g\u00f6stermiyor. Sars\u0131lmak yok. OKUMAK B\u0130LENLER <\/p>\n<p> ELLER\u0130NDE KUR&#39;AN-I KER\u0130M, CENNETE G\u0130RMEYE HAZIRLANIYORLAR. B\u0130LMEYENLER KEL\u0130ME-\u0130 \u015eEHADET \u00c7EKEREK Y\u00dcR\u00dcYORLAR. Bu, T\u00fcrk askerindeki r\u00fbh kuvvetini g\u00f6steren \u015fayan-\u0131 hayret ve tebrik bir misaldir. Emin olmal\u0131s\u0131n\u0131z ki\u00a0\u00c7anakkale muharebesini kazand\u0131ran y\u00fcksek r\u00fbhtur.&quot;<a name=\"_ftnref6\" href=\"#_ftn6\" title=\"_ftnref6\">[6]<\/a> <\/p>\n<p> Bu da kitaptaki sans\u00fcrlenmi\u015f hali: <\/p>\n<p> &quot;Kar\u015f\u0131l\u0131kl\u0131 siperler aras\u0131nda mesafemiz 8-metre, yani \u00f6l\u00fcm kesin. Birinci siperdekiler hi\u00e7 kurtulmamacas\u0131na hepsi d\u00fc\u015f\u00fcyor. \u0130kinci siperdekiler onlar\u0131n yerine giriyor. Fakat ne imrenilecek bir so\u011fukkanl\u0131l\u0131k ve tevekk\u00fclle biliyor musunuz? \u00d6leni g\u00f6r\u00fcyor, \u00fc\u00e7 dakika sonra \u00f6lece\u011fini biliyor, en ufak bir duraksama bile g\u00f6stermiyor. Sars\u0131lmak yok. Bu T\u00fcrk askerindeki ruh kuvvetini g\u00f6steren, hayrete ve tebrike de\u011fer bir \u00f6rnektir. Emin olmal\u0131s\u0131n\u0131z ki \u00c7anakkale sava\u015f\u0131n\u0131 kazanan bu y\u00fcksek ruhtur.&quot;<a name=\"_ftnref7\" href=\"#_ftn7\" title=\"_ftnref7\">[7]<\/a>  <\/p>\n<p> Ger\u00e7ek m\u00fclakattaki b\u00fcy\u00fck harflerle yaz\u0131lan k\u0131s\u0131mlar\u0131n kitaba yans\u0131t\u0131l\u0131rken neden sans\u00fcrlenmi\u015f oldu\u011fu merak konusu.\u00a0 \u00dcstelik K\u00fclt\u00fcr ve Turizm Bakan\u0131 Atilla Ko\u00e7 kitaba yazd\u0131\u011f\u0131 takdim yaz\u0131s\u0131nda &quot;Elbette \u00c7anakkale&#39;de askerin maneviyat\u0131 ve inanc\u0131 tart\u0131\u015fmas\u0131z bir bi\u00e7imde \u00f6nemli rol oynam\u0131\u015ft\u0131r&quot; diyor.  <\/p>\n<p> Yine kitab\u0131 yay\u0131na haz\u0131rlayan G\u00fczel Sanatlar Genel M\u00fcd\u00fcr\u00fc Bayram Bilge Tokel&#39;in giri\u015f yaz\u0131s\u0131ndaki, &quot;Bug\u00fcn ihtiyac\u0131m\u0131z olan konuya geni\u015flik ve ger\u00e7eklik kazand\u0131racak olan bilimsel bir yakla\u015f\u0131md\u0131r&quot; ifadesine ra\u011fmen\u00a0 bu sans\u00fcr\u00fcn hangi geni\u015flik ve hangi bilimsel yakla\u015f\u0131mla yap\u0131ld\u0131\u011f\u0131n\u0131 anlamak da g\u00fc\u00e7. Mustafa Kemal Atat\u00fcrk&#39;\u00fcn bile kurtulamad\u0131\u011f\u0131 sans\u00fcr hakk\u0131nda kamuoyu K\u00fclt\u00fcr Bakanl\u0131\u011f\u0131&#39;ndan bir a\u00e7\u0131klama yapmas\u0131n\u0131 bekliyor. <\/p>\n<p> <strong>B\u00fcy\u00fckan\u0131t Pa\u015fa Uyar\u0131yor:<\/strong> <\/p>\n<p> <strong>Gelece\u011fe y\u00f6n vermeliyiz!<\/strong> <\/p>\n<p> <strong>Ahmet Akg\u00fcl Hocam\u0131z\u0131n son kitab\u0131 &quot;D\u00fcnya D\u00f6n\u00fc\u015f\u00fcme Haz\u0131rlan\u0131yor&quot;u bir nevi \u00f6zetleyen Kara Kuvvetleri Komutan\u0131 Orgeneral Ya\u015far B\u00fcy\u00fckan\u0131t; &quot;Gelece\u011fi yaln\u0131z ba\u015fkalar\u0131 de\u011fil, bizim de \u00e7izmemiz, g\u00f6rmemiz laz\u0131m&quot; <\/strong> <\/p>\n<p> Orgeneral B\u00fcy\u00fckan\u0131t \u0130zmir Ege Ordu Komutan\u0131 Orgeneral I\u015f\u0131k Ko\u015faner&#39;in,\u00a0 g\u00f6revi Orgeneral Fethi Tuncel&#39;e devretmesi dolay\u0131s\u0131yla Ege Ordu Komutanl\u0131\u011f\u0131 Karargah\u0131&#39;nda d\u00fczenlenen devir teslim t\u00f6renine kat\u0131ld\u0131. Orgeneral b\u00fcy\u00fckan\u0131t, t\u00f6ren sonras\u0131 bir gazetecinin sorusu \u00fczerine, t\u00fcm d\u00fcnyada bir &quot;d\u00f6n\u00fc\u015f\u00fcm&quot;\u00fcn ya\u015fand\u0131\u011f\u0131n\u0131 bildirdi. Bu d\u00f6n\u00fc\u015f\u00fcme \u00e7e\u015fitli isimler tak\u0131ld\u0131\u011f\u0131n\u0131 belirten Orgeneral B\u00fcy\u00fckan\u0131t, \u015f\u00f6yle konu\u015ftu: &quot;B\u00fcy\u00fck Orta Do\u011fu Projesi diyorlar, \u015funu diyorlar bunu diyorlar. D\u00fcnyada ba\u015fta Ortado\u011fu olmak \u00fczere d\u00f6n\u00fc\u015f\u00fcm s\u00fcreci ya\u015fan\u0131yor. \u00d6nemli olan T\u00fcrkiye&#39;nin bu s\u00fcrece nas\u0131l katk\u0131da bulunaca\u011f\u0131, nas\u0131l y\u00f6netece\u011fidir. Gelece\u011fi yaln\u0131z ba\u015fkalar\u0131 de\u011fil, bizim de \u00e7izmemiz, g\u00f6rmemiz laz\u0131m. Peter Groker&#39;in bir s\u00f6z\u00fc vard\u0131r, (gelece\u011fi tahmin etmenin en g\u00fczel yolu, onu yaratmakt\u0131r) der. Gelece\u011fi nas\u0131l tahmin ediyorsan\u0131z e\u011fer onu \u015fimdiden yaratabiliyorsan\u0131z ba\u015far\u0131l\u0131 olursunuz.&quot; (aa) <\/p>\n<p> <strong>Hugo Chavez Cesaretle direniyor!<\/strong> <\/p>\n<p> <strong>Venez\u00fcela Devlet Ba\u015fkan\u0131 Hogo Chavez, Amerikan sald\u0131r\u0131lar\u0131n\u0131n s\u00fcrmesi halinde ABD&#39;ye petrol ihracat\u0131n\u0131 durdurma tehdidinde bulundu.<\/strong> <\/p>\n<p> Ba\u015fkent Caracas&#39;ta kurulan sembolik &quot;anti-emperyalist mahkemede&quot; tan\u0131k olarak konu\u015fan Chavez, &quot;Amerikan h\u00fck\u00fcmetiyle ili\u015fkileri bozmak istemeyiz ama sald\u0131r\u0131lar\u0131 devam ederse, ikili ili\u015fkiler bundan zarar g\u00f6r\u00fcr&quot; dedi. <\/p>\n<p> Chavez, Washington&#39;un tasallutu, daha da vahim sonu\u00e7lar do\u011furabilir: Her g\u00fcn ABD&#39;ye giden iki petrol tankerimiz ba\u015fka yerlere gidebilir&#8230; Kuzey Amerika pazar\u0131 bizim i\u00e7in elzem de\u011fil&quot; diye konu\u015ftu. Venez\u00fcela, ABD&#39;ye g\u00fcnde 1.5 milyon varil petrol sevk ediyor. <\/p>\n<p> &#160; <\/p>\n<p> <strong>Mehmet Ali Talat&#39;\u0131n Akl\u0131 Ba\u015f\u0131na geliyor:<\/strong> <\/p>\n<p> <strong>Bar\u0131\u015f Harekat\u0131&#39;n\u0131n 2. a\u015famas\u0131 t\u00f6renlerinde &quot;Hani d\u00fcnya tan\u0131yacakt\u0131? diyenler hakl\u0131lar, m\u00fccadelemiz s\u00fcrecek. Teslim olmak yok&quot; dedi<\/strong> <\/p>\n<p> <strong>KKTC Cumhurba\u015fkan\u0131 Mehmet Ali Talat, &quot;Hani d\u00fcnya anlayacakt\u0131? Hani d\u00fcnya yeni g\u00f6zl\u00fckleriyle bizleri bu \u015feklimizle g\u00f6recekti? Ele\u015ftirileri duyuyoruz, hakl\u0131d\u0131rlar. Bu ele\u015ftiriyi y\u00f6nelten insanlar\u0131m\u0131z hakl\u0131d\u0131rlar&quot; diye konu\u015ftu.<\/strong> <\/p>\n<p> KKTC Cumhurba\u015fkan\u0131 Mehmet Ali Talat, K\u0131br\u0131s T\u00fcrk\u00fc&#39;n\u00fcn m\u00fccadelesinin bitmedi\u011fini, ba\u015fka alanlarda ve bu kez uluslararas\u0131 platformlarda devam etti\u011fini belirtti. K\u0131br\u0131s Bar\u0131\u015f Harekat\u0131&#39;n\u0131n 14 A\u011fustos 1974&#39;te ba\u015flayan ve 3 g\u00fcn s\u00fcren 2. a\u015famas\u0131nda \u00f6zg\u00fcrl\u00fc\u011f\u00fcne kavu\u015fan Serdarl\u0131&#39;n\u0131n 31. kurtulu\u015f y\u0131ld\u00f6n\u00fcm\u00fc d\u00fczenlenen t\u00f6renle kutland\u0131. <\/p>\n<p> TAK ajans\u0131n\u0131n haberine g\u00f6re, d\u00fczenlenen t\u00f6rene Cumhurba\u015fkan\u0131 Talat, Ba\u015fbakan Ferdi Sabit Soyer, K\u0131br\u0131s T\u00fcrk Bar\u0131\u015f Kuvvetleri Komutan\u0131 Korgeneral Hasan Memi\u015fo\u011flu, G\u00fcvenlik Kuvvetleri Komutan\u0131 T\u00fcmgeneral Tevfik \u00d6zk\u0131l\u0131\u00e7, \u00c7al\u0131\u015fma ve Sosyal G\u00fcvenlik Bakan\u0131 Sonay Adem, Milli E\u011fitim ve K\u00fclt\u00fcr Bakan\u0131 Canan \u00d6ztoprak, Gazima\u011fusa Kaymakam\u0131 \u0130smail G\u00fcndost ve Serdarl\u0131 Belediye Ba\u015fkan\u0131 Erdin S\u00fct\u00e7\u00fco\u011fullar\u0131 ile baz\u0131 milletvekilleri, siyasi parti, kurum ve kurulu\u015f temsilcileri ile vatanda\u015flar kat\u0131ld\u0131. <\/p>\n<p> <strong>\u00c7\u00f6z\u00fcme kar\u015f\u0131 de\u011filiz<\/strong> <\/p>\n<p> Cumhurba\u015fkan\u0131 Talat, t\u00f6rende yapt\u0131\u011f\u0131 konu\u015fmada, Serdarl\u0131&#39;n\u0131n kurtulu\u015funun sevincini, Murat a\u011fa-Sandallar ve Atl\u0131lar \u015fehitlerinin ac\u0131s\u0131yla bir arada ya\u015fad\u0131klar\u0131n\u0131 belirterek, topraklara daha fazla sahip \u00e7\u0131k\u0131lmas\u0131n\u0131n temel hedef olarak benimsenmesi gerekti\u011fini kaydetti. Serdarl\u0131&#39;n\u0131n 1963 y\u0131l\u0131ndan itibaren Mesarya&#39;n\u0131n direni\u015f noktas\u0131 oldu\u011funu kaydeden Talat, K\u0131br\u0131sl\u0131 T\u00fcrklerin varl\u0131klar\u0131n\u0131 korumak i\u00e7in bu b\u00f6lgede canla ba\u015fla m\u00fccadele verdi\u011fini s\u00f6yledi. <\/p>\n<p> K\u0131br\u0131sl\u0131 T\u00fcrklerin d\u00fcnyaya \u00e7ok farkl\u0131 bir bak\u0131\u015f a\u00e7\u0131s\u0131yla bakt\u0131\u011f\u0131n\u0131 ve ya\u015fad\u0131klar\u0131 b\u00fct\u00fcn ac\u0131 ve zorluklara ra\u011fmen b\u00f6lgede ve d\u00fcnyada bar\u0131\u015f\u0131 hedeflediklerini belirten Cumhurba\u015fkan\u0131 Talat, &quot;K\u0131br\u0131sl\u0131 T\u00fcrkler 24 Nisan 2004&#39;de \u00e7ok g\u00fc\u00e7l\u00fc bir irade ortaya koydu. B\u00fct\u00fcn d\u00fcnyaya hem direnebileceklerini, hem sava\u015fabileceklerini, ayn\u0131 zamanda bar\u0131\u015f\u0131 da kurabileceklerini g\u00f6sterdiler&quot; dedi. <\/p>\n<p> Talat, K\u0131br\u0131sl\u0131 T\u00fcrklerin \u00e7\u00f6z\u00fcme kar\u015f\u0131 olmad\u0131\u011f\u0131n\u0131, aday\u0131 b\u00f6lme niyeti bulunmad\u0131\u011f\u0131n\u0131, ancak T\u00fcrkiye&#39;nin garant\u00f6rl\u00fc\u011f\u00fcnde haklar\u0131n\u0131, siyasal e\u015fitli\u011fini koruyan, iki kesimli ve iki b\u00f6lgeli bir \u00e7\u00f6z\u00fcm arzulad\u0131\u011f\u0131n\u0131 bir kez daha kan\u0131tlad\u0131\u011f\u0131n\u0131 s\u00f6yledi. <\/p>\n<p> <strong>Hani d\u00fcnya anlayacakt\u0131?<\/strong> <\/p>\n<p> Cumhurba\u015fkan\u0131 Talat, s\u00f6zlerine \u015f\u00f6yle devam etti: &quot;Hani d\u00fcnya anlayacakt\u0131? Hani d\u00fcnya yeni g\u00f6zl\u00fckleriyle bizleri bu \u015feklimizle g\u00f6recekti? Ele\u015ftirileri duyuyoruz, hakl\u0131d\u0131rlar. Bu ele\u015ftiriyi y\u00f6nelten insanlar\u0131m\u0131z hakl\u0131d\u0131rlar. Ancak unutmayal\u0131m ki, nas\u0131l siz Serdarl\u0131lar 1963&#39;ten 1974&#39;e kadar b\u00fcy\u00fck bir direni\u015f g\u00f6sterdiniz, teslim olmad\u0131n\u0131z, haklar\u0131n\u0131z\u0131, \u00e7ocu\u011funuzun, ailelerinizin, arkada\u015flar\u0131n\u0131z\u0131n, yurtta\u015flar\u0131n\u0131z\u0131n gelece\u011fini sa\u011flama almak i\u00e7in direndiniz, m\u00fccadele ettiniz; bu m\u00fccadele bitmedi, ba\u015fka alanlarda ve bu kez uluslararas\u0131 platformlarda s\u00fcrmeye devam edecek. Teslim olmak yok. Nas\u0131l ki Serdarl\u0131 teslim olmad\u0131, K\u0131br\u0131sl\u0131 T\u00fcrkler de teslim olmayacak. D\u00fcnyan\u0131n e\u015fit \u00fclkesi olarak tescil olmak i\u00e7in \u00e7abalar\u0131n\u0131 s\u00fcrd\u00fcrecektir. K\u0131br\u0131s T\u00fcrk\u00fc&#39;n\u00fcn 1963 y\u0131l\u0131ndan itibaren g\u00f6sterdi\u011fi kararl\u0131l\u0131ktan \u00e7\u0131kard\u0131\u011f\u0131m sonu\u00e7 budur.&quot; <\/p>\n<p> <strong>En b\u00fcy\u00fck destek\u00e7imiz T\u00fcrkiye<\/strong> <\/p>\n<p> KKTC&#39;nin en b\u00fcy\u00fck destek\u00e7isinin K\u0131br\u0131s T\u00fcrk halk\u0131 ve deste\u011fini hi\u00e7bir zaman esirgemeyen T\u00fcrkiye oldu\u011funu vurgulayan Talat, T\u00fcrk Silahl\u0131 Kuvvetleri&#39;nin \u00f6zverili u\u011fra\u015f\u0131 ve \u00fclkeye bar\u0131\u015f\u0131 getirmek i\u00e7in ortaya koydu\u011fu m\u00fccadelenin unutulmayaca\u011f\u0131n\u0131 kaydetti. Cumhurba\u015fkan\u0131 Talat, konu\u015fmas\u0131n\u0131n sonunda gazileri sayg\u0131yla selamlad\u0131 ve \u015fehitleri \u015f\u00fckranla and\u0131.(aa) <\/p>\n<p> <strong>Tek \u00c7are Kal\u0131yor: Erbakan ve Milli iktidar&#8230;<\/strong> <\/p>\n<p> <strong>DPT, h\u00fck\u00fcmetlerin son 30 y\u0131lda yapt\u0131\u011f\u0131 yat\u0131r\u0131mlar\u0131 de\u011ferlendirdi<\/strong> <\/p>\n<p> <strong>B\u00fcy\u00fck T\u00fcrkiye Sevdas\u0131n\u0131n ve Yeni bir D\u00fcnyan\u0131n Mimar\u0131 Yat\u0131r\u0131m \u015fampiyonu Erbakan <\/strong> <\/p>\n<p> <strong>54. Erbakan H\u00fck\u00fcmeti&#39;nin ba\u015far\u0131s\u0131n\u0131 devletin resmi rakamlar\u0131 da ortaya koydu. T\u00fcrkiye, en ciddi b\u00fcy\u00fcme ve yat\u0131r\u0131m\u0131 Erbakan d\u00f6neminde ya\u015fad\u0131. <\/strong> <\/p>\n<p> <strong>E\u015fsiz yat\u0131r\u0131m politikalar\u0131<\/strong> <\/p>\n<p> Devlet Planlama Te\u015fkilat\u0131&#39;n\u0131n (DPT) yapt\u0131\u011f\u0131, &#8216;T\u00fcrkiye Ekonomisinde Sermaye Birikimi Verimlilik ve B\u00fcy\u00fcme&#39; ba\u015fl\u0131kl\u0131 ara\u015ft\u0131rmada, 1972&#39;den sonraki en ciddi b\u00fcy\u00fcme ve yat\u0131r\u0131m oranlar\u0131n\u0131n 54&#39;\u00fcnc\u00fc Erbakan H\u00fck\u00fcmeti d\u00f6neminde oldu\u011fu ortaya \u00e7\u0131kt\u0131. Rakamlar, 54. Erbakan H\u00fck\u00fcmeti&#39;nin benzersiz bir yat\u0131r\u0131m politikas\u0131 uygulamas\u0131 sayesinde, T\u00fcrkiye&#39;de yat\u0131r\u0131mlar\u0131n sekt\u00f6rel da\u011f\u0131l\u0131m\u0131nda art\u0131\u015flar\u0131n f\u0131rlad\u0131\u011f\u0131n\u0131 g\u00f6steriyor. <\/p>\n<p> <strong>Refahyol&#39;dan sonra s\u00fcrekli d\u00fc\u015f\u00fc\u015f<\/strong> <\/p>\n<p> Erbakan H\u00fck\u00fcmeti&#39;yle beraber yakalanan h\u0131zl\u0131 b\u00fcy\u00fcme \u00e7\u0131tas\u0131, daha sonraki h\u00fck\u00fcmetler taraf\u0131ndan devam ettirilemedi. DPT&#39;nin ara\u015ft\u0131rmas\u0131nda, Refahyol&#39;un ard\u0131ndan iktidara gelen Ecevit h\u00fck\u00fcmetinin, y\u00fczde 30,9&#39;luk k\u00fc\u00e7\u00fclme ile en ba\u015far\u0131s\u0131z iktidar oldu\u011fu belirlenirken, Tansu \u00c7iller&#39;in ise y\u00fczde 14,4&#39;l\u00fck k\u00fc\u00e7\u00fclme ile &#8216;en ba\u015far\u0131s\u0131z ikinci ba\u015fbakan&#39; \u00fcnvan\u0131n\u0131 kazand\u0131\u011f\u0131 vurguland\u0131. <\/p>\n<p> <strong>Erbakan d\u00f6nemindeki sekt\u00f6rel yat\u0131r\u0131m art\u0131\u015flar\u0131<\/strong> <\/p>\n<p> Genel b\u00fcy\u00fcme: \u00a0\u00a0\u00a0\u00a0\u00a0\u00a0 Y\u00fczde \u00a012,1 <\/p>\n<p> Enerji: \u00a0\u00a0\u00a0\u00a0\u00a0\u00a0\u00a0\u00a0\u00a0\u00a0\u00a0\u00a0\u00a0\u00a0\u00a0\u00a0\u00a0\u00a0\u00a0\u00a0 Y\u00fczde \u00a070,1 <\/p>\n<p> E\u011fitim:\u00a0\u00a0\u00a0\u00a0\u00a0\u00a0\u00a0\u00a0\u00a0\u00a0\u00a0\u00a0\u00a0\u00a0\u00a0\u00a0\u00a0\u00a0\u00a0\u00a0 Y\u00fczde \u00a054 <\/p>\n<p> Sa\u011fl\u0131k:\u00a0\u00a0\u00a0\u00a0\u00a0\u00a0\u00a0\u00a0\u00a0\u00a0\u00a0\u00a0\u00a0\u00a0\u00a0\u00a0\u00a0\u00a0\u00a0\u00a0 Y\u00fczde \u00a052 <\/p>\n<p> Ula\u015ft\u0131rma: \u00a0\u00a0\u00a0\u00a0\u00a0\u00a0\u00a0\u00a0\u00a0\u00a0\u00a0\u00a0 \u00a0\u00a0Y\u00fczde \u00a033,3 <\/p>\n<p> Tar\u0131m: \u00a0\u00a0\u00a0\u00a0\u00a0\u00a0\u00a0\u00a0\u00a0\u00a0\u00a0\u00a0\u00a0\u00a0\u00a0\u00a0\u00a0\u00a0\u00a0\u00a0 Y\u00fczde 20,6 <\/p>\n<p> Sanayi:\u00a0\u00a0\u00a0\u00a0\u00a0\u00a0\u00a0\u00a0\u00a0\u00a0\u00a0\u00a0\u00a0\u00a0\u00a0\u00a0\u00a0\u00a0\u00a0 \u00a0Y\u00fczde 13,6 <\/p>\n<p> <\/p>\n<hr \/>\n<p> <a name=\"_ftn1\" href=\"#_ftnref1\" title=\"_ftn1\">[1]<\/a> Yeni \u015eafak \/ 16.8.2005 \/ \u0130brahim Karag\u00fcl  <\/p>\n<p> <a name=\"_ftn2\" href=\"#_ftnref2\" title=\"_ftn2\">[2]<\/a> Zaman \/ 16.8.2005 \/ Ekrem Dumanl\u0131 <\/p>\n<p> <a name=\"_ftn3\" href=\"#_ftnref3\" title=\"_ftn3\">[3]<\/a> Yeni \u015eafak \/ 18.8.2005 \/ \u0130brahim Karag\u00fcl <\/p>\n<p> <a name=\"_ftn4\" href=\"#_ftnref4\" title=\"_ftn4\">[4]<\/a> <a href=\"http:\/\/www.8s\u00dctun.com\/\">http:\/\/www.8s\u00dctun.com\/<\/a> \/ 18.8.2005 \/ Teoman Dural\u0131  <\/p>\n<p> <a name=\"_ftn5\" href=\"#_ftnref5\" title=\"_ftn5\">[5]<\/a> Yeni \u015eafak \/ 12.8.2005 \/ \u0130brahim Karag\u00fcl  <\/p>\n<p> <a name=\"_ftn6\" href=\"#_ftnref6\" title=\"_ftn6\">[6]<\/a> \u015ei\u015fli, 28 Mart, Sene 334 Ru\u015fen E\u015fref <\/p>\n<p> <a name=\"_ftn7\" href=\"#_ftnref7\" title=\"_ftn7\">[7]<\/a> Destan Ve Abide \u00c7anakkale, K\u00fclt\u00fcr Ve Turizm Bakanl\u0131\u011f\u0131 Nisan 2005, Sahife: 16-17 <\/p>\n","protected":false},"excerpt":{"rendered":"<p>\u00a0  <\/p>\n<p> <strong>Irak B\u00f6l\u00fcn\u00fcyor:<\/strong> <\/p>\n<p> <strong>Irak&#39;\u0131n ba\u015fkenti Ba\u011fdat&#39;taki \u00dcmm\u00fc Kura Camii \u0130mam-Hatibi Mahmud Samedi: &quot;Federalizm Irak&#39;\u0131n B\u00f6l\u00fcnmesidir.&quot; <\/strong>Dedi ve ekledi: <\/p>\n<p> <strong>&quot;Irak s\u00fcnnileri federal bir y\u00f6netim istemiyor ve \u00fclkenin b\u00f6l\u00fcnmesine alet olmuyor, \u00e7\u00fcnk\u00fc: &quot;Federallik \u00fclkenin birka\u00e7 par\u00e7aya b\u00f6l\u00fcnmesi demektir. Irak&#39;\u0131n g\u00fcney b\u00f6lgesindeki halka sesleniyorum, federalli\u011fe ye\u015fil \u0131\u015f\u0131k yakarak haz\u0131rlanan tuza\u011fa d\u00fc\u015fmeyin ve Irak&#39;\u0131 da d\u00fc\u015f\u00fcrmeyin.&quot; <\/strong> <\/p>\n","protected":false},"author":12,"featured_media":0,"comment_status":"open","ping_status":"closed","sticky":false,"template":"","format":"standard","meta":{"footnotes":""},"categories":[43],"tags":[],"class_list":["post-364","post","type-post","status-publish","format-standard","hentry","category-ekim-2005"],"_links":{"self":[{"href":"https:\/\/www.millicozum.com\/mc\/wp-json\/wp\/v2\/posts\/364","targetHints":{"allow":["GET"]}}],"collection":[{"href":"https:\/\/www.millicozum.com\/mc\/wp-json\/wp\/v2\/posts"}],"about":[{"href":"https:\/\/www.millicozum.com\/mc\/wp-json\/wp\/v2\/types\/post"}],"author":[{"embeddable":true,"href":"https:\/\/www.millicozum.com\/mc\/wp-json\/wp\/v2\/users\/12"}],"replies":[{"embeddable":true,"href":"https:\/\/www.millicozum.com\/mc\/wp-json\/wp\/v2\/comments?post=364"}],"version-history":[{"count":0,"href":"https:\/\/www.millicozum.com\/mc\/wp-json\/wp\/v2\/posts\/364\/revisions"}],"wp:attachment":[{"href":"https:\/\/www.millicozum.com\/mc\/wp-json\/wp\/v2\/media?parent=364"}],"wp:term":[{"taxonomy":"category","embeddable":true,"href":"https:\/\/www.millicozum.com\/mc\/wp-json\/wp\/v2\/categories?post=364"},{"taxonomy":"post_tag","embeddable":true,"href":"https:\/\/www.millicozum.com\/mc\/wp-json\/wp\/v2\/tags?post=364"}],"curies":[{"name":"wp","href":"https:\/\/api.w.org\/{rel}","templated":true}]}}