{"id":366,"date":"2006-11-27T13:01:54","date_gmt":"2006-11-27T13:01:54","guid":{"rendered":"https:\/\/www.millicozum.com\/mc\/2006\/11\/27\/ter-dolmaz-mi\/"},"modified":"2006-11-27T13:01:54","modified_gmt":"2006-11-27T13:01:54","slug":"terorun-dini-olmaz-mi","status":"publish","type":"post","link":"https:\/\/www.millicozum.com\/mc\/2005\/ekim-2005\/terorun-dini-olmaz-mi\/","title":{"rendered":"TER\u00d6R\u00dcN D\u0130N\u0130 OLMAZ MI?"},"content":{"rendered":"<p>\u00a0  <\/p>\n<p> Neden &quot;Ter\u00f6r\u00fcn dini olmaz&quot; s\u00f6z\u00fcn\u00fc en \u00e7ok M\u00fcsl\u00fcmanlar\u0131n ya\u015fad\u0131\u011f\u0131 co\u011frafyada duyuyoruz? \u0130ngiltere&#39;deki sald\u0131r\u0131lar\u0131n pe\u015finden yapt\u0131\u011f\u0131m\u0131z yorumda \u00f6nemli bir noktaya dikkat \u00e7ekilmi\u015fti: &quot;E\u011fer ter\u00f6r\u00fc \u00f6nleme konusunda ciddi bir \u015feyler yap\u0131lmak isteniyorsa \u00f6nce onun tan\u0131m\u0131n\u0131n do\u011fru yap\u0131lmas\u0131yla i\u015fe ba\u015flanmal\u0131d\u0131r. ABD ve \u0130srail&#39;in ger\u00e7ekle\u015ftirdi\u011fi devlet ter\u00f6r\u00fc g\u00f6r\u00fclmedik\u00e7e bu sorunun \u00e7\u00f6z\u00fcm\u00fc hayaldir.&quot; <\/p>\n<p>  \u00a0  <\/p>\n<p> Bu tespit i\u00e7in hi\u00e7 uzaklara gitmeye gerek yok, \u00d6calan&#39;\u0131 getirmekle ter\u00f6r\u00fcn bitti\u011fine inananlar\u0131n yan\u0131ld\u0131klar\u0131 bug\u00fcn g\u00fcn gibi a\u00e7\u0131\u011fa \u00e7\u0131km\u0131\u015fsa bu, yukardaki tespitin do\u011frulu\u011funu g\u00f6sterir. \u00d6calan PKK&#39;n\u0131n ba\u015f\u0131yd\u0131. Ama o, sebep de\u011fil sonu\u00e7tu. \u00c7\u00fcnk\u00fc ter\u00f6r bizzat ABD ve \u0130srail taraf\u0131ndan yap\u0131l\u0131yor; sadece onun T\u00fcrkiye&#39;de y\u00fcz\u00fcne takt\u0131\u011f\u0131 maskenin ad\u0131 \u00d6calan, ya da PKK diye an\u0131l\u0131yordu.  <\/p>\n<p> Her \u015fey ortada de\u011fil mi? ABD oradan a\u00e7\u0131klama yap\u0131yor; &quot;T\u00fcrk Ordusu&#39;nun operasyonlar\u0131n\u0131 dikkatle izliyoruz. \u0130nsan haklar\u0131 ihlaline m\u00fcsaade etmeyiz&#8230;&quot; vs.. Biz burada \u015fehit tabutlar\u0131n\u0131 yeniden s\u0131ra s\u0131ra dizerek a\u011f\u0131t yakmaya ba\u015fl\u0131yoruz. <\/p>\n<p> Biz 2003 tarihinde &quot;dinci ter\u00f6r&quot;\u00fcn siyonizmin i\u015fi oldu\u011funu yazd\u0131k bu s\u00fctunlarda: &quot;Dinci ter\u00f6r&quot; siyonizmin m\u00fcsl\u00fcmanlar\u0131 b\u00fct\u00fcn\u00fcyle hedefe yerle\u015ftirdi\u011fi kirli oyunun surat\u0131ndaki maskedir. Bu kirli maske alt\u0131nda bunalt\u0131lan \u0130sl\u00e2m alemi b\u00fct\u00fcn i\u015fini g\u00fcc\u00fcn\u00fc b\u0131rakt\u0131, &quot;ter\u00f6r\u00fcn dini olmaz&quot; tezini kabul ettirmek i\u00e7in gayret g\u00f6sterir hale geldi.&quot;  <\/p>\n<p> Oysa bu tezden vazge\u00e7ilerek ter\u00f6r\u00fcn bir dininin oldu\u011fu ger\u00e7e\u011fini hayk\u0131rmal\u0131y\u0131z. \u0130nsanl\u0131\u011f\u0131 &quot;biz&quot; ve &quot;di\u011ferleri&quot; diye ikiye ay\u0131r\u0131p, kendilerini efendi, &quot;di\u011ferleri&quot;ni k\u00f6le sayan bir zihniyet var m\u0131, yok mu; \u00f6nce bunu anlamaya \u00e7al\u0131\u015fmal\u0131y\u0131z. <\/p>\n<p> B\u00f6yle bir zihniyet var. Bu zihniyet, b\u0131rak\u0131n &quot;di\u011ferleri&quot;ni \u00f6ld\u00fcrmeyi, onlar\u0131n tarlalar\u0131ndaki ekinleri bile mahvetmeyi ilahi bir g\u00f6rev olarak addediyor.  <\/p>\n<p> Bug\u00fcn e\u011fer insanl\u0131k ter\u00f6re kar\u015f\u0131 ortak m\u00fccadele yapmak istiyorsa, &quot;ter\u00f6r\u00fcn dini, milliyeti olmaz&quot; t\u00fcr\u00fcnden maskeleyici beylik laflar\u0131 bir kenara b\u0131rak\u0131p, 5 Bin y\u0131ll\u0131k talmutun emirlerini bertaraf etmek i\u00e7in ortak bir strateji belirlemeli.<a name=\"_ftnref1\" href=\"#_ftn1\" title=\"_ftnref1\">[1]<\/a> <\/p>\n<p> <strong>Ba\u015fo\u011flu: Ter\u00f6r, \u0130slam&#39;a mal edilmektedir<\/strong> <\/p>\n<p> T\u00fcrkiye Sa\u011fl\u0131k \u0130\u015f\u00e7ileri Sendikas\u0131 (Sa\u011fl\u0131k-\u0130\u015f) Genel Ba\u015fkan\u0131 Mustafa Ba\u015fo\u011flu, &quot;Ter\u00f6r\u00fc H\u0131ristiyan ya da Musevi inanc\u0131nda olanlar yapt\u0131\u011f\u0131 zaman onlara H\u0131ristiyan ter\u00f6r\u00fc, Musevi ter\u00f6r\u00fc denilmemektedir, M\u00fcsl\u00fcman inanc\u0131nda olanlar yaparsa \u0130slam&#39;a m\u00e2l edilmektedir&quot; dedi. <\/p>\n<p> Sa\u011fl\u0131k-\u0130\u015f Genel Ba\u015fkan\u0131 Mustafa Ba\u015fo\u011flu, Sendika Genel Merkezi&#39;nde yapt\u0131\u011f\u0131 a\u00e7\u0131klamada, son zamanlarda meydana gelen ter\u00f6r olaylar\u0131n\u0131 de\u011ferlendirdi. Ba\u015fo\u011flu, &quot;Ter\u00f6r\u00fc H\u0131ristiyan ya da Musevi inanc\u0131nda olanlar yapt\u0131\u011f\u0131 zaman onlara H\u0131ristiyan ter\u00f6r\u00fc, Musevi ter\u00f6r\u00fc denilmemektedir, M\u00fcsl\u00fcman inanc\u0131nda olanlar yaparsa \u0130slam&#39;a m\u00e2l edilmektedir. Bu \u0130slam&#39;a haks\u0131zl\u0131k ve hakarettir. Bu anlay\u0131\u015f ister istemez M\u00fcsl\u00fcman-H\u0131ristiyan tart\u0131\u015fmas\u0131n\u0131 g\u00fcndeme getiriyor&quot; diye konu\u015ftu. Din adamlar\u0131n\u0131n bir araya getirilmesiyle ter\u00f6r\u00fc \u00f6nlemenin m\u00fcmk\u00fcn olamayaca\u011f\u0131n\u0131n alt\u0131n\u0131 \u00e7izen Ba\u015fo\u011flu, devlet adamlar\u0131n\u0131n bir araya gelerek ve kal\u0131c\u0131 tedbirler al\u0131narak ter\u00f6r\u00fcn \u00f6n\u00fcne ge\u00e7ilebilece\u011fini ifade etti. Ba\u015fo\u011flu, ter\u00f6r\u00fcn inanc\u0131 ne olursa olsun, hangi ki\u015fiden gelirse gelsin hi\u00e7bir \u015fekilde onaylanamayacak bir insanl\u0131k su\u00e7u oldu\u011funun bilinmesi gerekti\u011fini vurgulad\u0131. <\/p>\n<p> <strong>K\u00fcstah Amerikal\u0131<\/strong> <\/p>\n<p> ABD&#39;li vekilden k\u00fcstah \u00e7\u0131k\u0131\u015f: Dinci ter\u00f6ristler \u00fclkeye n\u00fckleer silahla sald\u0131r\u0131rsa ABD&#39;de misilleme i\u00e7in \u0130slam&#39;\u0131n kutsal yerlerini bombalar. ABD&#39;nin Colorado eyaletinden Cumhuriyet\u00e7i milletvekili Tom Tancredo, &quot;K\u00f6kten dinci ter\u00f6ristlerin, \u00fclkeye n\u00fckleer silahlarla sald\u0131rmas\u0131 durumunda, ABD&#39;nin, misilleme olarak \u0130slam&#39;\u0131n kutsal yerlerini hedef alabilece\u011fini&quot; s\u00f6yledi. <\/p>\n<p> <strong>&quot;Mekke&#39;yi bombalar\u0131z&quot;<\/strong> <\/p>\n<p> &quot;Ter\u00f6ristlerin baz\u0131 ABD kentlerini n\u00fckleer silahlarla vurmas\u0131 durumunda \u00fclkenin nas\u0131l yan\u0131t vermesi gerekti\u011fi&quot; y\u00f6n\u00fcndeki soru \u00fczerine \u015funlar\u0131 s\u00f6yledi: &quot;B\u00f6yle bir durumdan bahsederseniz, bu ABD&#39;de olursa, biz bunun radikallerin, M\u00fcsl\u00fcman k\u00f6kten dincilerin i\u015fi oldu\u011funa karar verirsek onlar\u0131n kutsal yerlerine misillemede bulunabilirsiniz.&quot; Milletvekili Tancredo, &quot;Mekke&#39;yi bombalamaktan m\u0131 bahsediyorsunuz&quot; sorusuna, &quot;Evet&quot; yan\u0131t\u0131n\u0131 verdi. Tancredo daha sonra, sadece baz\u0131 d\u00fc\u015f\u00fcnceler ortaya att\u0131\u011f\u0131n\u0131 vurgulad\u0131 ve &quot;en b\u00fcy\u00fck tehdidin, en b\u00fcy\u00fck yan\u0131tla kar\u015f\u0131l\u0131k bulmas\u0131 gerekti\u011fi&quot; ifadesini kulland\u0131.<a name=\"_ftnref2\" href=\"#_ftn2\" title=\"_ftnref2\">[2]<\/a> <\/p>\n<p> <strong>ABD&#39;nin pe\u015fine d\u00fc\u015fmenin bedelini \u00f6d\u00fcyoruz.<\/strong> <\/p>\n<p> ABD ile kurulan yak\u0131n ittifak\u0131n, \u0130ngiltere&#39;ye pahal\u0131ya mal oldu\u011fu yorumlar\u0131 art\u0131k \u0130ngiliz gazetelerinde a\u00e7\u0131k a\u00e7\u0131k dile getirilmeye ba\u015fland\u0131. \u00dclkenin etkin d\u00fc\u015f\u00fcnce kurulu\u015flar\u0131ndan Chatham House, h\u00fck\u00fcmetin Irak i\u015fgaline verdi\u011fi deste\u011fin ter\u00f6r tehdidini artt\u0131rd\u0131\u011f\u0131n\u0131 belirtti. Daily telegraph ve Guardian gazeteleri de <strong>&quot;ABD&#39;nin pe\u015fine tak\u0131lman\u0131n bedelini \u00f6d\u00fcyoruz&quot;<\/strong> yorumunu yapt\u0131. <\/p>\n<p> <strong>\u00d6calan:&quot;ABD, T\u00fcrkiye ile \u00e7at\u0131\u015fan PKK istiyor&quot;<\/strong> <\/p>\n<p> Kaynak, 16 Temmuz 2005 tarihinde Star&#39;&#39;da yay\u0131nlanan &quot;Tuza\u011fa d\u00fc\u015fmeyelim&quot; ba\u015fl\u0131kl\u0131 yaz\u0131s\u0131nda \u015f\u00f6yle diyor: &quot;\u015eu anda \u00fclkemizde izlenen \u015fiddet politikas\u0131n\u0131n amac\u0131n\u0131 anlamam\u0131\u015f g\u00f6r\u00fcn\u00fcyoruz.Ter\u00f6r sivil halk\u0131 hedef al\u0131r ve hayat\u0131n\u0131 kaybedenlerin hi\u00e7biri eylemi ger\u00e7ekle\u015ftirenlerin hasm\u0131 veya hedefi de\u011fildir.Son zamanlarda \u00fclkemizde ger\u00e7ekle\u015ftirilen olaylar\u0131n \u00e7ok iyi planlanm\u0131\u015f, muhtemelen mahalli g\u00fc\u00e7lerin hesaplar\u0131n\u0131 ve boyutunu a\u015fan eylemler oldu\u011funu d\u00fc\u015f\u00fcn\u00fcyorum.Yollara d\u00f6\u015fenen may\u0131nlar\u0131n uzaktan kumanda ile patlat\u0131ld\u0131\u011f\u0131 ve sadece g\u00fcvenlik g\u00fc\u00e7lerinin hedef al\u0131nd\u0131\u011f\u0131 izleniminin yarat\u0131ld\u0131\u011f\u0131 g\u00f6zlenmektedir.Yol kesen ki\u015filer sivil halka zarar vermemekte, sadece asker oldu\u011funu anlad\u0131klar\u0131 bir ki\u015fiyi g\u00f6t\u00fcrmekteler..Bir odak, bizim ge\u00e7mi\u015fte sivillere y\u00f6nelik eylemleri sebebiyle, ter\u00f6rist olarak adland\u0131rd\u0131\u011f\u0131m\u0131z grubu yeniden tan\u0131mlamaya \u00e7al\u0131\u015fmaktad\u0131r. <\/p>\n<p> Olaylar\u0131n hi\u00e7birinin failinin tespit edilmemesine ra\u011fmen PKK&#39;&#39;n\u0131n itham edilmesi, bize rahatl\u0131k sa\u011fl\u0131yor ve adeta &#39;&#39;Biz bunlar\u0131n ter\u00f6rist oldu\u011funu s\u00f6ylemi\u015ftik, bak\u0131n gene ayn\u0131 \u015feyleri yap\u0131yorlar&#39;&#39; diyoruz. Kendini aya\u011f\u0131ndan vurmak budur.&quot; <\/p>\n<p> \u015eimdi s\u0131k\u0131 durun! Abdullah \u00d6calan hakk\u0131nda ara\u015ft\u0131rmalar\u0131 olan ve \u0130ngiltere&#39;&#39;de ya\u015fayan Dr.Ali Kemal \u00d6zcan ve Sarp Kuray, avukat Do\u011fan Y\u0131ld\u0131r\u0131m arac\u0131l\u0131\u011f\u0131 ile benden randevu istedi.Davet ettim, geldiler, g\u00f6r\u00fc\u015ft\u00fck.Belki de Abdullah \u00d6calan ile dolayl\u0131 r\u00f6portaj yapm\u0131\u015f oldum!.Hem K\u00fcrt hem T\u00fcrk oldu\u011funu belirten Ali Kemal \u00d6zcan \u015f\u00f6yle diyor:&quot;Son ter\u00f6r olaylar\u0131n\u0131 Abdullah \u00d6calan ba\u015flatmad\u0131.\u00d6calan, &#39;&#39;ABD \u00e7at\u0131\u015fan PKK istiyor, bar\u0131\u015fan PKK istemiyor.ABD bizimle oynuyor&#39;&#39; diyor.Hatta &#39;&#39;ABD, PKK&#39;&#39;y\u0131 T\u00fcrkiye&#39;&#39;ye kar\u015f\u0131 kullanacak&#39;&#39; diyor. <\/p>\n<p> Ancak, \u00d6calan&#39;&#39;\u0131n avukatlar\u0131, bu s\u00f6zleri kamuoyuna yans\u0131tm\u0131yor. \u00d6calan, Barzani devleti i\u00e7in &#39;&#39;K\u00fc\u00e7\u00fck \u0130srail&#39;&#39; diyor, bunu da yans\u0131tm\u0131yorlar. \u00d6calan&#39;&#39;\u0131n bu politikas\u0131 y\u00fcz\u00fcnden ABD ve Avrupa Birli\u011fi, \u00d6calan\u0131n kar\u015f\u0131s\u0131na Leyla Zana ve \u00f6ld\u00fcr\u00fclen Hikmet Fidan gibi isimleri \u00e7\u0131kartt\u0131. Hikmet Fidan, &#39;&#39;B\u00fcy\u00fck K\u00fcrdistan Konfederasyonu&#39;&#39; fikrinin mimarlar\u0131ndan biriydi. Bu fikri, art\u0131k ele ge\u00e7irdikleri bas\u0131n arac\u0131l\u0131\u011f\u0131 ile \u00d6calan&#39;&#39;a mal ettiler. Bu do\u011fru de\u011fildir. Abdullah \u00d6calan, ABD&#39;&#39;nin eline d\u00fc\u015fen karde\u015fi Osman \u00d6calan&#39;&#39;\u0131 kurtard\u0131. \u015eimdi ABD \u00e7izgisinde Nizamettin Ta\u015f var. \u00d6calan art\u0131k ter\u00f6r istemiyor. ABD ise PKK&#39;&#39;y\u0131 hem T\u00fcrkiye&#39;&#39;ye hem de \u0130ran&#39;&#39;a kar\u015f\u0131 kullanmak pe\u015finde. \u00d6calan buna kar\u015f\u0131 \u00e7\u0131k\u0131yor, \u00e7\u00fcnk\u00fc T\u00fcrkiye&#39;&#39;nin b\u00f6l\u00fcnmesini istemiyor. Savunmas\u0131nda bile T\u00fcrkiye K\u00fcrtlerinin Irak K\u00fcrtleri ile kan uyu\u015fmazl\u0131\u011f\u0131 oldu\u011funu s\u00f6yl\u00fcyor. Buna kar\u015f\u0131l\u0131k Leyla Zana, AB ve ABD \u00e7izgisindeki politikas\u0131n\u0131 Abdullah \u00d6calan&#39;&#39;\u0131n ablas\u0131n\u0131n elini \u00f6pe \u00f6pe s\u00fcrd\u00fcr\u00fcyor. Asl\u0131nda \u00d6calan ile kar\u015f\u0131 kar\u015f\u0131yad\u0131r. ABD, K\u00fcrt kart\u0131n\u0131 tamamen kendi eline almak i\u00e7in, PKK&#39;&#39;n\u0131n \u00d6calan kontrol\u00fcnde olmayan Nizamettin Ta\u015f grubunu kullan\u0131yor! Samimi bir T\u00fcrk Milliyet\u00e7isi oldu\u011funuzu bildi\u011fimiz i\u00e7in, T\u00fcrkiye&#39;&#39;nin aleyhine olan bu durumu kamuoyuna duyuraca\u011f\u0131n\u0131z\u0131 tahmin ederek size geldik.&quot; <\/p>\n<p> \u0130lk bak\u0131\u015fta &quot;Bu s\u00f6zler, \u00d6calan&#39;&#39;\u0131 masum g\u00f6stermek i\u00e7in s\u00f6ylenmi\u015ftir&quot; denilebilir ama eski \u00d6zel Harekat Dairesi Ba\u015fkan Vekili \u0130brahim \u015eahin de son d\u00f6nemde ter\u00f6r olaylar\u0131n\u0131n yeniden art\u0131\u015f g\u00f6sterdi\u011fini, olaylar\u0131n ABD taraf\u0131ndan desteklendi\u011fini s\u00f6yl\u00fcyor! \u015eahin, &quot;PKK, son d\u00f6nemde \u00e7ok miktarda patlay\u0131c\u0131 madde kullanmaya ba\u015flad\u0131.Bu maddelerin ABD taraf\u0131ndan verildi\u011fini tahmin ediyorum.Irak ordusundan ele ge\u00e7irilen patlay\u0131c\u0131lar, ABD&#39;&#39;nin izni olmadan PKK taraf\u0131ndan nas\u0131l kullan\u0131labilir?&#39;&#39;&#39;&#39; diyor&#8230; Yine, ABD&#39;&#39;li bir yetkilinin, &#39;&#39;&#39;&#39;T\u00fcrkiye&#39;&#39;nin kendi s\u0131n\u0131rlar\u0131 i\u00e7erisinde PKK&#39;&#39;ya y\u00f6nelik bir operasyon d\u00fczenlemeye hakk\u0131 vard\u0131r&quot; demesi de hem Mahir Kaynak&#39;&#39;\u0131, hem bana gelen grubu, hem de \u0130brahim \u015eahin&#39;&#39;i do\u011fruluyor! Emekli Kurmay Albay Atilla \u015eim\u015fek &#39;&#39;in, &#39;&#39;&#39;&#39;Ter\u00f6r\u00fcn sebebi ABD&#39;&#39;&#39;&#39; s\u00f6zleri de tabloyu \u00f6zetliyor!. <\/p>\n<p> Demek ki, \u00d6calan&#39;&#39;\u0131n inisiyatifi d\u0131\u015f\u0131na \u00e7\u0131kan PKK&#39;&#39;l\u0131 bir grup ABD&#39;&#39;den talimat alarak, T\u00fcrkiye&#39;&#39;de eylem yap\u0131yor! Cevizo\u011flu&#39;&#39;na da durumu telefonla anlatt\u0131m..&quot;Bana &#39;&#39;ulusalc\u0131 ayd\u0131nlara suikast yap\u0131larak ortal\u0131k kar\u0131\u015ft\u0131r\u0131lmak istenebilir&#39;&#39; bilgisini veren ki\u015fi de benzer tespitlerde bulunmu\u015ftu&quot; dedi..Genelkurmay, bu durumu do\u011fru de\u011ferlendirirse, sald\u0131r\u0131lar\u0131 durdurmak m\u00fcmk\u00fcnd\u00fcr.\u00c7\u00fcnk\u00fc, sald\u0131r\u0131lar\u0131 yapan militanlar, talimat\u0131 \u00d6calan&#39;&#39;dan ald\u0131klar\u0131n\u0131 zannetmektedir!.\u00d6calan ise T\u00fcrkiye&#39;&#39;nin elindedir! <a name=\"_ftnref3\" href=\"#_ftn3\" title=\"_ftnref3\">[3]<\/a> <\/p>\n<p> <strong>S\u0131n\u0131r \u00f6tesi operasyon mu dediniz<\/strong> <\/p>\n<p> T\u00fcrkiye, yeniden k\u0131p\u0131rdanmaya ba\u015flayan PKK&#39;ya kar\u015f\u0131 s\u0131n\u0131r \u00f6tesi operasyon yapabilir mi yapamaz m\u0131? AKP Genel Ba\u015fkan\u0131 Erdo\u011fan konuyla ilgili a\u00e7\u0131klama\u00ads\u0131nda &quot;gerekirse&quot; kayd\u0131n\u0131 koyduktan sonra &quot;S\u0131n\u0131r \u00f6tesi operasyon yapar\u0131z&quot; diyor. Ama Kuzey Irak&#39;ta askeri bir hareket yapmak art\u0131k eskisi kadar rahat de\u011fil. Zira b\u00f6lgede Irak&#39;\u0131n h\u00e2kimiyeti s\u00f6z konusu de\u011fil, do\u011frudan do\u011fruya ABD askeri varl\u0131\u011f\u0131 ile kar\u015f\u0131 kar\u00ad\u015f\u0131ya gelme urumu var. Hal b\u00f6yle olunca, b\u00f6yle bir mecburiyet do\u011farsa ne olacak diye g\u00f6zler ve kulaklar ABD&#39;ye \u00e7evriliyor. ABD her zaman oldu\u011fu gibi yine yan \u00e7izip topu ta\u00e7&#39;a at\u0131yor ve &quot;Buna Irak karar verir&quot; a\u00e7\u0131klamas\u0131n\u0131 yap\u0131yor. T\u00fcrkiye, ter\u00f6rle m\u00fccadele i\u00e7in Kuzey Irak&#39;a girme ih\u00adtiyac\u0131n\u0131 duyarsa bunun i\u00e7in Irak&#39;tan izin almas\u0131 ge\u00adrekti\u011fi vurgulan\u0131yor. Bunu vurgulayan ABD binlerce askeri ile Irak&#39;ta ci\u00adrit at\u0131yor. Ve bu arada sanki b\u00fcy\u00fck bir l\u00fctufta (!) bulunuyormu\u015f gibi &quot;T\u00fcrkiye PKK&#39;ya s\u0131n\u0131r i\u00e7i operasyon yapabi\u00adlir&quot; a\u00e7\u0131klamas\u0131nda bulunuyor. <\/p>\n<p> S\u0131rf bu a\u00e7\u0131klama bile Amerika&#39;n\u0131n PKK&#39;y\u0131 himayesi alt\u0131na ald\u0131\u011f\u0131n\u0131 g\u00f6stermeye yeter de artar bile! S\u0131n\u0131r i\u00e7inde operasyon yapabilirsiniz, s\u0131n\u0131r \u00f6te\u00adsinde Irak&#39;tan izin almadan dokunamazs\u0131n\u0131z de\u00admek ba\u015fka ne anlama gelir. Irak&#39;ta hakim g\u00fc\u00e7 Amerika oldu\u011funa g\u00f6re, b\u00f6yle bir ihtiya\u00e7 duyulmas\u0131 durumunda T\u00fcrkiye&#39;nin yan\u0131nda yer almas\u0131 gerekmez miydi? Ama onlar T\u00fcrkiye&#39;nin yan\u0131nda yer alma yerine PKK&#39;n\u0131n yan\u0131 ba\u015f\u0131nda durmay\u0131 tercih ediyorlar. <\/p>\n<p> ABD&#39;nin bu tavr\u0131 bas\u0131n\u0131m\u0131z taraf\u0131ndan da i\u011fneleyici bir \u00fcslupla ele\u015ftiriliyor. Kimi &quot;Amerika&#39;dan icazet&quot; ba\u015fl\u0131\u011f\u0131 ile veriyor haberi kimi de &quot;Allah raz\u0131 olsun&quot; diyerek Amerika&#39;n\u0131n g\u00f6s\u00adterdi\u011fi dostlu\u011fu(!) i\u011fneliyor. Evet, AKP Genel Ba\u015fkan\u0131 Erdo\u011fan da &quot;Durup du\u00adrurken operasyon yapacak de\u011filiz, gerekirse ya\u00adpar\u0131z&quot; anlam\u0131nda laflar ediyor ama ABD b\u00f6yle bir yak\u00adla\u015f\u0131ma hi\u00e7 de s\u0131cak bakm\u0131yor. S\u0131cak bakmad\u0131\u011f\u0131n\u0131 topu Irak&#39;\u0131n \u00fczerine atarak orta\u00adya koyuyor. <\/p>\n<p> Tek ba\u015f\u0131na bu olay bile Amerika&#39;n\u0131n dostlu\u011fu hakk\u0131n\u00adda bir bilgi vermeye yeter artar. ABD&#39;nin kimden yana oldu\u011funu bundan g\u00fczel orta\u00adya koyan \u00f6rnek olur mu? \u0130lle de ABD ile birlikte olal\u0131m diye yan\u0131p tutu\u015fanlar, ay\u0131kman\u0131z i\u00e7in ABD&#39;nin daha ne yapmas\u0131 laz\u0131m aca\u00adba? Irak gibi i\u015fgal etmesi mi gerekiyor? Afganistan gibi bombard\u0131man yapmas\u0131 m\u0131 laz\u0131m? Siz ne yaparsan\u0131z yap\u0131n adamlar\u0131n sizin d\u00fc\u015fmanlar\u0131\u00adn\u0131z\u0131n saf\u0131nda yer ald\u0131\u011f\u0131n\u0131 ne zaman g\u00f6receksiniz? Ne zaman T\u00fcrkiye&#39;nin ba\u015f\u0131 a\u011fr\u0131sa adamlar yan\u0131m\u0131z\u00adda yer alacaklar\u0131na kar\u015f\u0131 tarafa destek verdiklerine g\u00f6re ay\u0131kman\u0131n zaman\u0131 de\u011fil midir? <\/p>\n<p> Bizce ay\u0131kman\u0131n tam zaman\u0131d\u0131r. Ay\u0131kman\u0131n ve ona g\u00f6re tav\u0131r alman\u0131n tam zaman\u0131d\u0131r.<a name=\"_ftnref4\" href=\"#_ftn4\" title=\"_ftnref4\">[4]<\/a> <\/p>\n<p> <strong>ABD&#39;nin ter\u00f6r oyunu<\/strong> <\/p>\n<p> Ter\u00f6r uzman\u0131 eski M\u0130T&#39;ci Prof. Dr. Mahir Kaynak, \u00f6zellikle g\u00fcvenlik g\u00fc\u00e7lerine y\u00f6nelik olarak son g\u00fcnlerde t\u0131rmanan ter\u00f6r olaylar\u0131n\u0131n arkas\u0131nda siyasi bir proje bulundu\u011funu s\u00f6yledi. PKK ile T\u00fcrkiye aras\u0131nda duran \u00e7at\u0131\u015fmay\u0131 yeniden ba\u015flatmak isteyen bir g\u00fc\u00e7 bulundu\u011funu dile getiren Kaynak, bu projeye g\u00f6re T\u00fcrkiye&#39;nin k\u0131\u015fk\u0131rt\u0131larak ter\u00f6ristlerin Kuzey Irak&#39;ta Barzani&#39;nin kontrol\u00fcn\u00fcn alt\u0131na girmesinin ama\u00e7land\u0131\u011f\u0131na vurgu yapt\u0131. PKK&#39;l\u0131 ter\u00f6ristlerin \u0130ngiltere taraf\u0131ndan milis hareketi olarak de\u011ferlendirilmesinin anlaml\u0131 buldu\u011funu ifade eden Kaynak, ABD&#39;nin Irak&#39;ta tek dayana\u011f\u0131n\u0131n K\u00fcrtler oldu\u011funu ve bunlar\u0131 g\u00fc\u00e7lendirmek istedi\u011fine dikkat \u00e7ekerek &quot;Uygulanan proje ile Kuzey Irak&#39;a s\u0131\u011f\u0131nacak ter\u00f6ristlerin orda paral\u0131 asker olarak kullan\u0131lmas\u0131 ama\u00e7lan\u0131yor&quot; dedi.  <\/p>\n<p> Konuyla ilgili olarak gazetemize \u00e7arp\u0131c\u0131 de\u011ferlendirmelerde bulunan ter\u00f6r uzman\u0131 Kaynak, son g\u00fcnlerde artan ter\u00f6r sald\u0131r\u0131lar\u0131n\u0131n siyasi olarak tahlil edilmesi gerekti\u011fini s\u00f6yledi. PKK&#39;n\u0131n uzunca bir s\u00fcredir T\u00fcrkiye&#39;de bir \u00e7at\u0131\u015fmaya girmedi\u011fini ancak son aylarda bu \u00e7at\u0131\u015fman\u0131n artt\u0131\u011f\u0131na vurgu yapan Kaynak, bu \u00e7at\u0131\u015fman\u0131n PKK taraf\u0131ndan ba\u015flat\u0131lmad\u0131\u011f\u0131n\u0131 iddia etti. &quot;Bir g\u00fc\u00e7 T\u00fcrkiye ile PKK aras\u0131nda duran \u00e7at\u0131\u015fmay\u0131 yeniden ba\u015flatmak istiyor&quot; diyen Kaynak, \u015funlar\u0131 kaydetti: &quot;Son zamanlarda \u0130ran PKK&#39;ya y\u00f6nelik operasyonlara ba\u015flatt\u0131. Daha \u00f6ncede Suriye ile \u00e7at\u0131\u015ft\u0131lar. \u00dcstelik Barzani ve Talabani ikilisi ile de ba\u015f\u0131ndan beri uzla\u015fmaz durumdalar. ABD onlar\u0131 ter\u00f6rist ilan etti. Bu durumda PKK bu kadar has\u0131m bana az gelir bir de T\u00fcrkiye ile \u00e7at\u0131\u015fay\u0131m m\u0131 dedi. Ancak ak\u0131ls\u0131zlarsa bunu yapabilirler. Bu da olmayaca\u011f\u0131na g\u00f6re, o zaman bir g\u00fc\u00e7 T\u00fcrkiye ile PKK aras\u0131nda duran \u00e7at\u0131\u015fmay\u0131 yeniden ba\u015flatmak istiyor&quot;  <\/p>\n<p> ABD&#39;li bir yetkilinin &#8216;PKK&#39;ya kar\u015f\u0131l\u0131k kendi s\u0131n\u0131rlar\u0131n\u0131z i\u00e7inde insan haklar\u0131 ihlalleri olmadan operasyon yapabilirsiniz&#39; \u015feklindeki a\u00e7\u0131klamas\u0131n\u0131n iyi de\u011ferlendirilmesi gerekti\u011finin alt\u0131n\u0131 \u00e7izen Kaynak, &quot;Bu a\u00e7\u0131klamay\u0131 \u015fu \u015fekilde okuyabiliriz, &#8216;Siz topraklar\u0131n\u0131zdaki PKK&#39;ya y\u00f6nelik m\u00fccadele edin onlar sonu\u00e7 olarak Kuzey Irak&#39;a s\u0131\u011f\u0131n\u0131rlar. T\u00fcrk ordusunun kar\u015f\u0131s\u0131nda direnemezler. Ama onu imha etmeniz i\u00e7in Kuzey Irak&#39;a gelmeniz m\u00fcmk\u00fcn de\u011fil. Bunlar sonu\u00e7 olarak Barzani&#39;nin kontrol\u00fc alt\u0131na girerler. \u00c7aresizler \u00e7\u00fcnk\u00fc her taraflar\u0131 sar\u0131l\u0131. Bu faydal\u0131 olabilir bizim i\u00e7in diye d\u00fc\u015f\u00fcn\u00fcyor olabilirler. Onlar\u0131 Kuzey Irak&#39;ta paral\u0131 asker olarak kullanabiliriz&#39; Bence ama\u00e7 budur&quot; dedi. <\/p>\n<p> Son zamanlarda ter\u00f6r\u00fcn bir \u00f6zelli\u011finin de do\u011frudan do\u011fruya g\u00fcvenlik g\u00fc\u00e7lerine y\u00f6nelik yap\u0131ld\u0131\u011f\u0131n\u0131 dile getiren Kaynak, &quot;Yani yola bir may\u0131n d\u00f6\u015feyip \u00e7ekip gitmiyorlar. \u00c7\u00fcnk\u00fc orada bekliyorlar askeri ara\u00e7 ge\u00e7erken patlat\u0131yorlar. Bir yol kestiklerinde i\u00e7inden sadece askeri se\u00e7ip al\u0131yorlar&quot; diye konu\u015ftu. \u0130ngiltere&#39;nin bu ter\u00f6ristleri milis hareki olarak tan\u0131mlamas\u0131n\u0131n da bu \u00e7er\u00e7evede anlaml\u0131 buldu\u011funu s\u00f6yleyen Kaynak, &quot;Bu ter\u00f6ristlerin milis olarak tan\u0131mlanmas\u0131n\u0131 istiyorlar. Bunun bilin\u00e7li bir operasyon oldu\u011funu d\u00fc\u015f\u00fcn\u00fcyorum&quot; dedi. <\/p>\n<p> <strong>\u00d6calan, parti kurmaya haz\u0131rlan\u0131yor <\/strong> <\/p>\n<p> \u0130mral\u0131&#39;da yatan ter\u00f6ristba\u015f\u0131 Abdullah \u00d6calan&#39;\u0131n karde\u015fi Osman \u00d6calan, Irak&#39;taki K\u00fcrt liderler Celal Talabani ve Mesut Barzani&#39;ye mektup g\u00f6ndererek destek istedi. \u00d6calan, Musul&#39;da kurdu\u011fu K\u00fcrdistan Yurtsever Partisi (KYP) antetli ka\u011f\u0131tlar \u00fczerine kaleme ald\u0131\u011f\u0131 iki sayfal\u0131k K\u00fcrt\u00e7e mektupta, T\u00fcrkiye&#39;de yeni bir parti kuraca\u011f\u0131n\u0131 belirtiyor ve PKK militanlar\u0131n\u0131 k\u0131sa bir s\u00fcre i\u00e7inde da\u011fdan indirebilece\u011fini iddia ediyor. G\u00fcndem gazetesinin do\u011frulad\u0131\u011f\u0131 mektupta \u00d6calan, kendine ba\u011fl\u0131 750 civar\u0131ndaki militan\u0131n \u00f6nde gelenlerine, evliye 250, bekara 100 dolar \u015feklinde \u00f6denen maa\u015f\u0131n y\u00fczde 50 art\u0131r\u0131lmas\u0131n\u0131 da talep ediyor. Ter\u00f6ristlerin Pe\u015fmergeler&#39;den parasal yard\u0131m ald\u0131\u011f\u0131 iddialar\u0131 da b\u00f6ylece mektubun sat\u0131r aralar\u0131nda resmiyet kazan\u0131yor. Ter\u00f6ristleri da\u011fdan indirecekmi\u015f <\/p>\n<p> Aksiyon dergisinin son say\u0131s\u0131nda Gamze Polat imzas\u0131yla \u00e7\u0131kan habere g\u00f6re, Ter\u00f6rist Osman \u00d6calan, Irak&#39;taki K\u00fcrt liderler Celal Talabani ve Mesut Barzani&#39;ye g\u00f6nderdi\u011fi iki sayfal\u0131k K\u00fcrt\u00e7e mektupta yeni hedef ve planlar\u0131n\u0131 anlatarak,\u00a0 maddi destek talep etti. Habere g\u00f6re siyasi deste\u011fin yan\u0131 s\u0131ra ciddi oranda maddi yard\u0131m beklediklerini ifade eden \u00d6calan, T\u00fcrkiye&#39;de kurmay\u0131 planlad\u0131klar\u0131 yeni parti i\u00e7in y\u00fckl\u00fc miktarda paraya ihtiya\u00e7 duyduklar\u0131n\u0131 dile getiriyor. \u00d6calan ayr\u0131ca, T\u00fcrkiye&#39;de haftal\u0131k bir gazete \u00e7\u0131kar\u0131lmas\u0131n\u0131, esnaf ve di\u011fer meslek gruplar\u0131ndan, gen\u00e7ler ve kad\u0131nlardan olu\u015fan sivil toplum \u00f6rg\u00fctleri kurulmas\u0131n\u0131 da planl\u0131yor. Bu projeler i\u00e7in \u00f6n \u00e7al\u0131\u015fmalar\u0131n yap\u0131ld\u0131\u011f\u0131n\u0131 ve siyasi parti kadrolar\u0131n\u0131n haz\u0131rland\u0131\u011f\u0131n\u0131 belirterek, halk deste\u011finin umut verici d\u00fczeyde oldu\u011funu savunuyor. <\/p>\n<p> <strong>Direni\u015fin \u00f6nemli ismi Mukteda Sadr, Irak&#39;taki sorunun bizzat i\u015fgal oldu\u011funu s\u00f6yledi<\/strong> <\/p>\n<p> <strong>\u0130\u015fgale direni\u015f elbette me\u015fru! <\/strong> <\/p>\n<p> \u0130lk kez Bat\u0131l\u0131 bir medya organ\u0131na konu\u015fan Sadr, &quot;Direni\u015fin me\u015frulu\u011funu kabul eden ilk ki\u015fi de, bizzat i\u015fgalci Bush&#39;dur,&quot; dedi. <\/p>\n<p> Mukteda Sadr, Irak&#39;taki yabanc\u0131 i\u015fgal g\u00fc\u00e7lerine kar\u015f\u0131 direni\u015fin &quot;me\u015fru&quot; oldu\u011funu s\u00f6yledi. \u0130ngiliz yay\u0131n kurulu\u015fu BBC&#39;nin &quot;Newsnight&quot; program\u0131na konu\u015fan Sadr, direni\u015fin her ne sebeple olursa olsun me\u015fru oldu\u011funu kaydetti. \u0130lk kez Bat\u0131l\u0131 bir medya organ\u0131na konu\u015fan Sadr, &quot;Bunu kabul eden ilk ki\u015fi de, &#39;\u00fclkem i\u015fgal ediliyorsa, m\u00fccadele edece\u011fim&#39; diyen s\u00f6zde ABD Ba\u015fkan\u0131 (George W.) Bush&#39;dur&quot; dedi. Irak ordusu ve polisi ba\u015fta olmak \u00fczere \u00fclkedeki t\u00fcm taraflar\u0131 halkla b\u00fct\u00fcnle\u015fip hareket etmeye davet eden Sadr, &quot;Bunlar, i\u015fgal g\u00fc\u00e7lerinin k\u0131\u015fk\u0131rtmas\u0131na gelmemelidir. Bu durum Irak halk\u0131n\u0131n \u00e7\u0131kar\u0131na de\u011fildir&quot; diye konu\u015ftu.\u00a0  <\/p>\n<p> <strong>\u0130\u015fgal, meselenin ba\u015f\u0131d\u0131r<\/strong> <\/p>\n<p> \u0130\u015fgal g\u00fc\u00e7lerinin \u00fclkedeki varl\u0131\u011f\u0131n\u0131n, Irak&#39;\u0131n \u015fu an kar\u015f\u0131la\u015ft\u0131\u011f\u0131 mevcut problemlerin sebebi oldu\u011funu ifade eden Sadr; &quot;\u0130\u015fgalin kendisi bir problemdir. Sorun, Irak&#39;\u0131n ba\u011f\u0131ms\u0131z olmamas\u0131d\u0131r. Hizip\u00e7ilikten, i\u00e7 sava\u015fa de\u011fin, t\u00fcm di\u011fer sorunlar da bundan kaynaklanmaktad\u0131r. T\u00fcm bunlara sebep Amerika&#39;n\u0131n Irak&#39;taki varl\u0131\u011f\u0131d\u0131r&quot; dedi.\u00a0  <\/p>\n<p> Amerikan g\u00fc\u00e7leri Irak&#39;ta bulundu\u011fu m\u00fcddet\u00e7e demokratik s\u00fcrece herhangi bir \u015fekilde kat\u0131lmayaca\u011f\u0131n\u0131 vurgulayan Sadr; &quot;\u015eahsen ben bu s\u00fcrece kar\u0131\u015fmayaca\u011f\u0131m. Bizim anayasam\u0131z Kuran ve S\u00fcnnet&#39;dir. \u0130\u015fgal s\u00fcrerken herhangi bir siyasi rol\u00fc kabul etmiyorum&quot; ifadelerini kulland\u0131. <\/p>\n<p> <strong>Irak \u0130slami Parti Siyasi B\u00fcro \u00dcyesi \u0130yad el-\u0130zzi:<\/strong> <\/p>\n<p> <strong>Herkes kendini savunmak i\u00e7in direnir <\/strong> <\/p>\n<p> &quot;Her millet topraklar\u0131nda s\u00fcren i\u015fgalin sona ermesini sab\u0131rs\u0131zl\u0131kla bekler. Her millet kendi i\u00e7in direni\u015f g\u00f6sterir. \u00dclkede bir direni\u015f varsa bu direni\u015f bir ba\u015fkas\u0131 i\u00e7in de\u011fildir. Direni\u015f nedeniyle Amerikan g\u00fc\u00e7leri \u00fclkeden geri \u00e7ekilme takvimi \u00fczerinde \u00e7al\u0131\u015fmaya ba\u015flad\u0131lar.&quot; <\/p>\n<p> Irak&#39;ta siyaset meydan\u0131n\u0131n \u015fartlar\u0131 g\u00fcn ge\u00e7tik\u00e7e daha i\u00e7inden \u00e7\u0131k\u0131lmaz hal al\u0131yor. Amerikan i\u015fgal g\u00fc\u00e7lerinin Irak \u015fehirlerindeki varl\u0131\u011f\u0131 alt\u0131nda b\u00fct\u00fcn bunlar oluyor. Son zamanlarda Irak halk\u0131n\u0131n simgesi haline gelmi\u015f \u00f6nemli \u015fahsiyetler, tutuklanmaya ba\u015fland\u0131.  <\/p>\n<p> \u00d6zellikle S\u00fcnni kesimden ve Irak M\u00fcsl\u00fcman alimler heyeti \u00fcyesi baz\u0131 \u015fahsiyetleri tutuklama giri\u015fimleri \u00fcz\u00fcnt\u00fc veriyor. Gerginlikler meydana getirecek bu giri\u015fimlerin ard\u0131ndan Eman gazetesi, Irak \u0130slam Partisi Siyasi B\u00fcro \u00dcyesi \u0130yad el-\u0130zzi ile bir s\u00f6yle\u015fi ger\u00e7ekle\u015ftirdi.\u00a0  <\/p>\n<p> Partilerinin Irak i\u00e7inde bulunan Bedir gibi baz\u0131 sivil toplum kurulu\u015flar\u0131yla iyi ili\u015fkilerinin oldu\u011funu ancak bu gibi kurulu\u015flar\u0131n g\u00fcn ge\u00e7tik\u00e7e say\u0131lar\u0131n\u0131n azalt\u0131lmas\u0131 gerekti\u011fini belirten el-\u0130zzi, gazeteye yapt\u0131\u011f\u0131 a\u00e7\u0131klamada; &quot;Bu gibi kurulu\u015flar\u0131n bir \u00fclkenin ordusunda ve askerinden daha etkin konuma gelmesi ve bunun yollar\u0131n\u0131n a\u00e7\u0131k olmas\u0131, siyasi bir parti gibi faaliyette bulunmas\u0131 do\u011fru de\u011fildir.&quot; dedi.  <\/p>\n<p> <strong>S\u00fcnni gruplarla \u00e7ok yak\u0131n\u0131z<\/strong> <\/p>\n<p> Irak&#39;taki S\u00fcnni gruplar aras\u0131ndaki ili\u015fkiler hakk\u0131nda konu\u015fan el-\u0130zzi, &quot;S\u00fcnni gruplarla en fazla i\u00e7li d\u0131\u015fl\u0131 olan bir parti varsa o da bizim partimizdir. Irak \u0130slam Alimleri Heyeti ile ili\u015fkilerimiz iyi oldu\u011fu gibi, S\u00fcnnilerin i\u00e7inde yer alan liberal ve laik oldu\u011funu s\u00f6yleyenlerle de ili\u015fkilerimiz var,&quot; dedi. <\/p>\n<p> <strong>\u0130\u015fgale destek, sald\u0131r\u0131lar\u0131 tetikliyor <\/strong> <\/p>\n<p> \u0130ngiltere&#39;nin en etkin d\u00fc\u015f\u00fcnce kurulu\u015flar\u0131, h\u00fck\u00fcmetin ABD ile kurdu\u011fu &#8216;i\u015fgal ittifak\u0131&#39;n\u0131n \u00fclkedeki sald\u0131r\u0131lar\u0131 tetikledi\u011fini ifade ediyorlar. <\/p>\n<p> \u0130ngiltere&#39;nin en etkin d\u00fc\u015f\u00fcnce kurulu\u015flar\u0131ndan Chatham House, h\u00fck\u00fcmetin ABD ile kurdu\u011fu yak\u0131n ittifak\u0131n, \u00fclkenin a\u015f\u0131r\u0131 gruplar\u0131n sald\u0131r\u0131lar\u0131na hedef olmas\u0131 riskini art\u0131rd\u0131\u011f\u0131n\u0131 bildirdi.\u00a0  <\/p>\n<p> Chatham House taraf\u0131ndan haz\u0131rlanan raporda, \u0130ngiltere&#39;nin Irak Sava\u015f\u0131&#39;na verdi\u011fi deste\u011fin, propaganda ve ter\u00f6rizm \u00e7al\u0131\u015fmalar\u0131na katk\u0131 yapt\u0131\u011f\u0131n\u0131 vurguland\u0131. \u0130ngiliz kamuoyu Londra&#39;da ger\u00e7ekle\u015ftirilen intihar sald\u0131r\u0131lar\u0131n\u0131n \u015fokunu atlatmaya \u00e7al\u0131\u015f\u0131rken, Chatham House&#39;\u0131n raporunun, siyasi a\u00e7\u0131dan tart\u0131\u015fma yarataca\u011f\u0131 d\u00fc\u015f\u00fcn\u00fcl\u00fcyor.  <\/p>\n<p> <strong>\u0130\u015fgale destek, sald\u0131r\u0131lar\u0131 tetikliyor<\/strong> <\/p>\n<p> Uluslararas\u0131 ili\u015fkiler konusunda sayg\u0131n ve ba\u011f\u0131ms\u0131z bir d\u00fc\u015f\u00fcnce kurulu\u015fu olan Chatham House raporunda, h\u00fck\u00fcmetin Irak Sava\u015f\u0131&#39;na verdi\u011fi deste\u011fin, \u00fclkede ter\u00f6r tehdidini art\u0131rd\u0131\u011f\u0131 ve Londra sald\u0131r\u0131lar\u0131na yol a\u00e7t\u0131\u011f\u0131n\u0131n alt\u0131n\u0131 \u00e7izdi. Chatham House&#39;un raporunda kilit sorun ise \u015fu \u015fekilde ifade edildi:  <\/p>\n<p> &quot;\u0130ngiltere, politikas\u0131n\u0131 ABD ile omuz omuza y\u00fcr\u00fctmesine kar\u015f\u0131n, bu s\u00fcre\u00e7te e\u015fit karar verici ortak olarak de\u011fil, direksiyonu m\u00fcttefikine terk etmi\u015f bir yolcu olarak hareket ediyor.&quot; <\/p>\n<p> <strong>Hizbullah&#39;tan Irak&#39;taki sald\u0131r\u0131ya k\u0131nama<\/strong> <\/p>\n<p> Hizbullah \u00f6rg\u00fct\u00fc, Ba\u011fdat&#39;\u0131n g\u00fcneyindeki Musayyib&#39;de 90&#39;dan fazla ki\u015finin \u00f6ld\u00fc\u011f\u00fc intihar sald\u0131r\u0131s\u0131n\u0131 k\u0131nad\u0131. \u00d6rg\u00fct taraf\u0131ndan Asociated Pres ajans\u0131na g\u00f6nderilen a\u00e7\u0131klamada, &quot;Bu katliam\u0131 \u015fiddetle k\u0131n\u0131yoruz&quot; denildi. A\u00e7\u0131klamada, masum sivillere kar\u015f\u0131 i\u015flenen bu t\u00fcr su\u00e7lar\u0131n, ba\u015fta Arap ve \u0130slam \u00fclkeleri olmak \u00fczere t\u00fcm d\u00fcnya taraf\u0131ndan \u015fiddetle k\u0131nanmas\u0131 gerekti\u011fi ifade edildi. <\/p>\n<p> <strong>\u00a0Irak Ba\u015fbakan\u0131 \u0130ran&#39;\u0131 ziyaret etti <\/strong> <\/p>\n<p> Irak Ba\u015fbakan\u0131 \u0130brahim Caferi, resmi ziyaret i\u00e7in bulundu\u011fu \u0130ran&#39;\u0131n ba\u015fkenti Tahran&#39;da temaslar\u0131n\u0131 s\u00fcrd\u00fcr\u00fcyor.  <\/p>\n<p> \u0130ran D\u0131\u015fi\u015fleri Bakan\u0131 Kemal Harrazi ile g\u00f6r\u00fc\u015fen Caferi, daha sonra yapt\u0131\u011f\u0131 a\u00e7\u0131klamada, iki \u00fclke aras\u0131nda derin tarihi ve co\u011frafi ili\u015fkiler bulundu\u011funu, bu ili\u015fkileri s\u00fcrekli hale getirmek istediklerini s\u00f6yledi. &#39;&#39;Yapt\u0131\u011f\u0131m\u0131z g\u00f6r\u00fc\u015fmeler sonunda iki \u00fclke halk\u0131na b\u00fcy\u00fck bir hediye sunaca\u011f\u0131m\u0131za inan\u0131yorum&#39;&#39; diyen Caferi, h\u00fck\u00fcmet olarak b\u00fct\u00fcn alanlarda yap\u0131lan g\u00f6r\u00fc\u015fmelerden &#39;&#39;iyi bir sonu\u00e7&#39;&#39;elde ettiklerini kaydetti.  <\/p>\n<p> \u0130ran D\u0131\u015fi\u015fleri Bakan\u0131 Kemal Harrazi de Irak ile i\u015fbirli\u011fi yapmak ve mevcut h\u00fck\u00fcmeti desteklemenin d\u0131\u015f politikalar\u0131n\u0131n temel unsurlar\u0131ndan biri oldu\u011funu ifade etti.  <\/p>\n<p> Enerji, ticaret, ula\u015ft\u0131rma, petrol \u00fcr\u00fcnleri al\u0131\u015fveri\u015fi ve turizm konular\u0131 \u00fczerinde ciddiyetle duruldu\u011funu belirten Harrazi, t\u00fcm g\u00f6r\u00fc\u015fmeleri ve imzalanan anla\u015fmalar\u0131 olumlu olarak de\u011ferlendirdi.  <\/p>\n<p> Saddam H\u00fcseyin zaman\u0131nda baz\u0131 s\u0131k\u0131nt\u0131lar ya\u015fand\u0131\u011f\u0131n\u0131 an\u0131msatan Harrazi, &#39;&#39;Irak h\u00fck\u00fcmeti, Saddam ve rejiminin di\u011fer sorumlular\u0131n\u0131 yarg\u0131layarak, iki \u00fclke halk\u0131na ve b\u00f6lge \u00fclkelerine teselli verebilir&#39;&#39; dedi.  <\/p>\n<p> <strong>S\u0131n\u0131rlara konsolosluk<\/strong> <\/p>\n<p> Harrazi, iki \u00fclke s\u0131n\u0131r\u0131na yak\u0131n baz\u0131 \u015fehirlerde kar\u015f\u0131l\u0131kl\u0131 konsolosluk a\u00e7\u0131lmas\u0131na karar verildi\u011fini bildirdi. Caferi&#39;nin Tahran ziyareti s\u0131ras\u0131nda, Dini Lider Ayetullah Ali Hamaney ve 9. cumhurba\u015fkanl\u0131\u011f\u0131 se\u00e7imlerinin galibi Mahmud Ahmedinecad ile de g\u00f6r\u00fc\u015fmesi beklendi\u011fi, ancak hen\u00fcz bu g\u00f6r\u00fc\u015fmelerin kesinlik kazanmad\u0131\u011f\u0131 ifade ediliyor.  <\/p>\n<p> Irak heyetinin, Dini Lider Hamaney ile g\u00f6r\u00fc\u015fmeye b\u00fcy\u00fck \u00f6nem verdi\u011fi belirtiliyor. Irak Ba\u015fbakan\u0131 Caferi, yar\u0131n sabah \u0130ran&#39;dan ayr\u0131lacak. <\/p>\n<p> <strong>Hi\u00e7 de \u00f6yle de\u011fil&#8230;<\/strong> <\/p>\n<p> \u00a0Irak D\u0131\u015fi\u015fleri Bakan\u0131 El Zubeydi, T\u00fcrkiye&#39;nin s\u0131n\u0131r \u00f6tesi operasyon yapabilmek i\u00e7in Irak Parlamentosu&#39;ndan izin almas\u0131 gerekti\u011fini s\u00f6ylemi\u015f. Irak&#39;\u0131n kuzeyinin oradaki K\u00fcrt gruplar\u0131n\u0131n denetiminde oldu\u011funu belirten El Zubeydi, bu a\u00e7\u0131klamalar\u0131n\u0131 Ba\u015fbakan Erdo\u011fan&#39;\u0131n &#39;gerekirse s\u0131n\u0131r \u00f6tesi operasyon da yapar\u0131z&#39; s\u00f6zlerine cevaben yapm\u0131\u015f. Bu arada kendisinin b\u00f6yle bir iznin verilmesine taraftar olmad\u0131\u011f\u0131n\u0131 da eklemi\u015f. <\/p>\n<p> Netameli ve \u015faibeli se\u00e7imler sayesinde o koltu\u011fu kapm\u0131\u015f bulunan s\u00f6z konusu zat\u0131n bilmesi gereken baz\u0131 hususlar var: Birincisi, kendisini o koltu\u011fa oturtan Amerikal\u0131lar ter\u00f6rle m\u00fccadele konusundaki hukuki kavramlar\u0131 de\u011fi\u015ftirdiler. Ve gerek yapt\u0131klar\u0131 uygulamalar gerekse bunlar\u0131 G\u00fcvenlik Konseyi kararlar\u0131na yedirdikleri \u00f6l\u00e7\u00fclerde &#39;\u00f6n al\u0131c\u0131 vuru\u015f&#39; \u015feklinde bir kavram geli\u015ftirdiler. Dolay\u0131s\u0131yla BM anayasas\u0131n\u0131n me\u015fru m\u00fcdafaa hakk\u0131na ili\u015fkin olan elli birinci maddesinin de muhtevas\u0131 de\u011fi\u015fmi\u015f oldu. <\/p>\n<p> Daha \u00f6nceleri bir \u00fclkenin kendisini savunmas\u0131 s\u0131n\u0131rlar\u0131na bir tecav\u00fcz olmas\u0131 halinde ba\u015fl\u0131yordu.\u00a0\u00a0\u00a0\u00a0\u00a0\u00a0\u00a0\u00a0\u00a0\u00a0\u00a0\u00a0\u00a0\u00a0\u00a0\u00a0\u00a0\u00a0\u00a0\u00a0\u00a0\u00a0\u00a0 Yani s\u0131n\u0131rlar\u0131n\u0131za bir sald\u0131r\u0131 olmas\u0131n\u0131 bekleyecek ve o sald\u0131r\u0131y\u0131 p\u00fcsk\u00fcrtmek i\u00e7in harekete ge\u00e7ecektiniz. Veya s\u0131n\u0131r\u0131n\u0131za y\u00f6nelik bir tecav\u00fcz olaca\u011f\u0131 beklentisiyle s\u0131n\u0131r\u0131n kendi taraf\u0131n\u0131zdaki b\u00f6l\u00fcm\u00fcnde y\u0131\u011f\u0131nak ve tahkimat yapacakt\u0131n\u0131z. S\u0131n\u0131r\u0131n kar\u015f\u0131na ge\u00e7mek yoktu. Ancak gerek balistik silah teknolojilerinde ya\u015fanan geli\u015fmeler gerekse ter\u00f6rist faaliyetlerin kapsam\u0131ndaki devasa geni\u015fleme bu konseptin tad\u0131l edilmesini sa\u011flad\u0131. <\/p>\n<p> Amerika da bunu ilk defa uygulayan \u00fclke oldu. Kendisine y\u00f6nelik bir ter\u00f6rist sald\u0131r\u0131 olaca\u011f\u0131 \u00f6nsezisiyle, daha do\u011frusu Amerika \u00f6rne\u011finde varsay\u0131m\u0131yla, \u00f6nce Afganistan&#39;a ard\u0131ndan da Irak&#39;a sald\u0131rd\u0131. Bu konuda geli\u015ftirdi\u011fi yeni kavram\u0131 da Amerikan yetkilileri dillerinden d\u00fc\u015f\u00fcrm\u00fcyorlar. Bu kavram \u00e7er\u00e7evesinde T\u00fcrkiye&#39;nin Irak topraklar\u0131nda s\u0131cak takip yap\u0131p yapamayaca\u011f\u0131na gelince, mesele basit. \u00d6nce T\u00fcrkiye gerek d\u0131\u015fi\u015fleri gerekse genelkurmay yetkilileri vas\u0131tas\u0131yla Irak topraklar\u0131ndan kendisine kar\u015f\u0131 giri\u015filen ter\u00f6r eylemlerini kar\u015f\u0131 taraf yani Irakl\u0131 yetkililere bildirir. <\/p>\n<p> Bunun i\u00e7in T\u00fcrkiye&#39;nin zorlanmas\u0131na da gerek yok zaten. PKK s\u00fcrekli olarak o s\u0131n\u0131rdan i\u00e7eri adam sokuyor. Ayr\u0131ca Kandil Da\u011f\u0131 ve etraf\u0131ndaki PKK&#39;l\u0131lar Irak&#39;\u0131n \u00f6nemli bir k\u0131sm\u0131nda at ko\u015fturuyorlar. S\u0131n\u0131r\u0131m\u0131z\u0131n \u00fc\u00e7 noktas\u0131n\u0131n kar\u015f\u0131s\u0131nda y\u0131\u011f\u0131nak yapt\u0131klar\u0131 da biliniyor. \u00c7\u00fcnk\u00fc T\u00fcrkiye&#39;nin s\u0131n\u0131r \u00f6tesi operasyon yapamayaca\u011f\u0131ndan eminler. T\u00fcrk taraf\u0131 Irakl\u0131 yetkililere bu bilgileri verdikten sonra, Irak&#39;\u0131n kendisinin bu ter\u00f6rist unsurlar\u0131 etkisiz hale getirmesini ve yakalananlar\u0131n kendisine verilmesini talep eder. Bu i\u015fin s\u00fcr\u00fcncemeye b\u0131rak\u0131lmayaca\u011f\u0131n\u0131 da dikkatli ama etkili c\u00fcmlelerle dile getirir.<a name=\"_ftnref5\" href=\"#_ftn5\" title=\"_ftnref5\">[5]<\/a> <\/p>\n<p> <\/p>\n<hr \/>\n<p> <a name=\"_ftn1\" href=\"#_ftnref1\" title=\"_ftn1\">[1]<\/a> Milli Gazete-Yorum- 19 Temmuz 2005 <\/p>\n<p> <a name=\"_ftn2\" href=\"#_ftnref2\" title=\"_ftn2\">[2]<\/a> Yeni \u00c7a\u011f Gazetesi &#8211; 19 Temmuz 2005 <\/p>\n<p> <a name=\"_ftn3\" href=\"#_ftnref3\" title=\"_ftn3\">[3]<\/a> Yeni\u00c7a\u011f &#8211; Arslan Bulut &#8211; 18 Temmuz 2005 <\/p>\n<p> <a name=\"_ftn4\" href=\"#_ftnref4\" title=\"_ftn4\">[4]<\/a> Milli Gazete &#8211; Zeki Ceyhan &#8211; 19 Temmuz 2005 <\/p>\n<p> <a name=\"_ftn5\" href=\"#_ftnref5\" title=\"_ftn5\">[5]<\/a> Milli Gazete &#8211; Hasan \u00dcnal &#8211; 19 Temmuz 2005 <\/p>\n","protected":false},"excerpt":{"rendered":"<p>\u00a0  <\/p>\n<p> Neden &quot;Ter\u00f6r\u00fcn dini olmaz&quot; s\u00f6z\u00fcn\u00fc en \u00e7ok M\u00fcsl\u00fcmanlar\u0131n ya\u015fad\u0131\u011f\u0131 co\u011frafyada duyuyoruz? \u0130ngiltere&#39;deki sald\u0131r\u0131lar\u0131n pe\u015finden yapt\u0131\u011f\u0131m\u0131z yorumda \u00f6nemli bir noktaya dikkat \u00e7ekilmi\u015fti: &quot;E\u011fer ter\u00f6r\u00fc \u00f6nleme konusunda ciddi bir \u015feyler yap\u0131lmak isteniyorsa \u00f6nce onun tan\u0131m\u0131n\u0131n do\u011fru yap\u0131lmas\u0131yla i\u015fe ba\u015flanmal\u0131d\u0131r. ABD ve \u0130srail&#39;in ger\u00e7ekle\u015ftirdi\u011fi devlet ter\u00f6r\u00fc g\u00f6r\u00fclmedik\u00e7e bu sorunun \u00e7\u00f6z\u00fcm\u00fc hayaldir.&quot; <\/p>\n","protected":false},"author":13,"featured_media":0,"comment_status":"open","ping_status":"closed","sticky":false,"template":"","format":"standard","meta":{"footnotes":""},"categories":[43],"tags":[],"class_list":["post-366","post","type-post","status-publish","format-standard","hentry","category-ekim-2005"],"_links":{"self":[{"href":"https:\/\/www.millicozum.com\/mc\/wp-json\/wp\/v2\/posts\/366","targetHints":{"allow":["GET"]}}],"collection":[{"href":"https:\/\/www.millicozum.com\/mc\/wp-json\/wp\/v2\/posts"}],"about":[{"href":"https:\/\/www.millicozum.com\/mc\/wp-json\/wp\/v2\/types\/post"}],"author":[{"embeddable":true,"href":"https:\/\/www.millicozum.com\/mc\/wp-json\/wp\/v2\/users\/13"}],"replies":[{"embeddable":true,"href":"https:\/\/www.millicozum.com\/mc\/wp-json\/wp\/v2\/comments?post=366"}],"version-history":[{"count":0,"href":"https:\/\/www.millicozum.com\/mc\/wp-json\/wp\/v2\/posts\/366\/revisions"}],"wp:attachment":[{"href":"https:\/\/www.millicozum.com\/mc\/wp-json\/wp\/v2\/media?parent=366"}],"wp:term":[{"taxonomy":"category","embeddable":true,"href":"https:\/\/www.millicozum.com\/mc\/wp-json\/wp\/v2\/categories?post=366"},{"taxonomy":"post_tag","embeddable":true,"href":"https:\/\/www.millicozum.com\/mc\/wp-json\/wp\/v2\/tags?post=366"}],"curies":[{"name":"wp","href":"https:\/\/api.w.org\/{rel}","templated":true}]}}