{"id":367,"date":"2006-11-27T13:02:38","date_gmt":"2006-11-27T13:02:38","guid":{"rendered":"https:\/\/www.millicozum.com\/mc\/2006\/11\/27\/demed-m\/"},"modified":"2006-11-27T13:02:38","modified_gmt":"2006-11-27T13:02:38","slug":"demedim-mi","status":"publish","type":"post","link":"https:\/\/www.millicozum.com\/mc\/2005\/ekim-2005\/demedim-mi\/","title":{"rendered":"DEMED\u0130M M\u0130?"},"content":{"rendered":"<p>\u00a0  <\/p>\n<p> Heva hevesini ama\u00e7; bu davay\u0131 yedek lastik <\/p>\n<p> G\u00f6r\u00fcp te ara\u00e7 yerine; koyamazs\u0131n demedim mi? <\/p>\n<p> Milli \u00c7\u00f6z\u00fcm \u00e7elik ister; senin iraden plastik <\/p>\n<p> Teslim olmazsan tevhide; doyamazs\u0131n demedim mi? <\/p>\n<p>  \u00a0  <\/p>\n<p> &quot;Allah amac\u0131md\u0131r benim; kat\u0131ks\u0131z kulluk \u00f6z\u00fcmd\u00fcr&quot; <\/p>\n<p> Diyen Milli G\u00f6r\u00fc\u015f\u00e7\u00fcler; can\u0131md\u0131r iki g\u00f6z\u00fcmd\u00fcr <\/p>\n<p> Numara mudara yutmaz; Mihenk ta\u015f, milli \u00e7\u00f6z\u00fcmd\u00fcr <\/p>\n<p> Nefsini yenmeden bize; uyamazs\u0131n demedim mi? <\/p>\n<p> &#160; <\/p>\n<p> \u00dc\u00e7 g\u00fcnl\u00fck d\u00fcnyaya milyar; ahirete verir kuru\u015f <\/p>\n<p> Hak&#39;ta sa\u011flam durmayan\u0131; devirir hafif bir vuru\u015f <\/p>\n<p> Kalbin karekterin olsun; milli \u015fuur, milli duru\u015f <\/p>\n<p> Pasl\u0131 antenle ilham\u0131; duyamazs\u0131n demedim mi? <\/p>\n<p> &#160; <\/p>\n<p> Sahte h\u00fcrmet, suni hizmet; i\u00e7ten gelmeyen &quot;buse&quot;nin <\/p>\n<p> Boyunduru\u011fa m\u0131 lay\u0131k; din buyru\u011fa m\u0131, ensenin&#8230; <\/p>\n<p> Ha\u015fa, Allah&#39;\u0131 aldatmak; haddine mi d\u00fc\u015fm\u00fc\u015f senin <\/p>\n<p> Sad\u0131klarla birlik bostan; soyamazs\u0131n demedim mi? <\/p>\n<p> &#160; <\/p>\n<p> Din diye d\u00fcnya pe\u015finde; i\u015fin g\u00fcc\u00fcn hesabilik <\/p>\n<p> Oysa bizlere gereken; halis niyet ve hasbilik <\/p>\n<p> Yapmac\u0131k yak\u0131nl\u0131k olmaz; samimiyet, tabiilik <\/p>\n<p> Laz\u0131m dostum, sen bu nefse; k\u0131yamazs\u0131n demedim mi? <\/p>\n<p> &#160; <\/p>\n<p> Gel gafletten silkin uyan; bo\u015fa verme bu \u00e7a\u011f\u0131n\u0131 <\/p>\n<p> Tahribat i\u00e7in kullanma; amelyatl\u0131k b\u0131\u00e7a\u011f\u0131n\u0131 <\/p>\n<p> Hak yolunda yor akl\u0131n\u0131; kolunu ve baca\u011f\u0131n\u0131 <\/p>\n<p> K\u00f6r burguyla nefs da\u011f\u0131n\u0131; oyamazs\u0131n demedim mi? <\/p>\n","protected":false},"excerpt":{"rendered":"<p>\u00a0  <\/p>\n<p> Heva hevesini ama\u00e7; bu davay\u0131 yedek lastik <\/p>\n<p> G\u00f6r\u00fcp te ara\u00e7 yerine; koyamazs\u0131n demedim mi? <\/p>\n<p> Milli \u00c7\u00f6z\u00fcm \u00e7elik ister; senin iraden plastik <\/p>\n<p> Teslim olmazsan tevhide; doyamazs\u0131n demedim mi? <\/p>\n","protected":false},"author":5,"featured_media":0,"comment_status":"open","ping_status":"closed","sticky":false,"template":"","format":"standard","meta":{"footnotes":""},"categories":[43],"tags":[],"class_list":["post-367","post","type-post","status-publish","format-standard","hentry","category-ekim-2005"],"_links":{"self":[{"href":"https:\/\/www.millicozum.com\/mc\/wp-json\/wp\/v2\/posts\/367","targetHints":{"allow":["GET"]}}],"collection":[{"href":"https:\/\/www.millicozum.com\/mc\/wp-json\/wp\/v2\/posts"}],"about":[{"href":"https:\/\/www.millicozum.com\/mc\/wp-json\/wp\/v2\/types\/post"}],"author":[{"embeddable":true,"href":"https:\/\/www.millicozum.com\/mc\/wp-json\/wp\/v2\/users\/5"}],"replies":[{"embeddable":true,"href":"https:\/\/www.millicozum.com\/mc\/wp-json\/wp\/v2\/comments?post=367"}],"version-history":[{"count":0,"href":"https:\/\/www.millicozum.com\/mc\/wp-json\/wp\/v2\/posts\/367\/revisions"}],"wp:attachment":[{"href":"https:\/\/www.millicozum.com\/mc\/wp-json\/wp\/v2\/media?parent=367"}],"wp:term":[{"taxonomy":"category","embeddable":true,"href":"https:\/\/www.millicozum.com\/mc\/wp-json\/wp\/v2\/categories?post=367"},{"taxonomy":"post_tag","embeddable":true,"href":"https:\/\/www.millicozum.com\/mc\/wp-json\/wp\/v2\/tags?post=367"}],"curies":[{"name":"wp","href":"https:\/\/api.w.org\/{rel}","templated":true}]}}