{"id":3787,"date":"2016-05-30T18:22:29","date_gmt":"2016-05-30T18:22:29","guid":{"rendered":"https:\/\/www.millicozum.com\/mc\/2016\/05\/30\/qaskeri-darbeq-intihardir-ama-qdevlet-mudahalesiq-istikrardir\/"},"modified":"2016-05-30T18:22:29","modified_gmt":"2016-05-30T18:22:29","slug":"askeri-darbe-intihardir-ama-devlet-mudahalesi-istikrardir-2","status":"publish","type":"post","link":"https:\/\/www.millicozum.com\/mc\/2016\/haziran-2016\/askeri-darbe-intihardir-ama-devlet-mudahalesi-istikrardir\/","title":{"rendered":"&#8220;ASKER\u0130 DARBE&#8221; \u0130NT\u0130HARDIR ama &#8220;DEVLET M\u00dcDAHALES\u0130&#8221; \u0130ST\u0130KRARDIR"},"content":{"rendered":"\n<p>&nbsp;<\/p>\n<p style=\"margin-bottom: 0.0001pt; text-align: justify; text-indent: 1cm; line-height: 16pt;\"><strong><span style=\"font-size: 12pt; font-family: 'Arial',sans-serif;\">Son zamanlarda AKP iktidar\u0131na ve Sn. Cumhurba\u015fkan\u0131na kar\u015f\u0131 bir askeri darbe yap\u0131laca\u011f\u0131 iddialar\u0131, malum ve marazl\u0131 medyada s\u0131k&ccedil;a g&uuml;ndeme ta\u015f\u0131nmaktayd\u0131. AKP&#8217;nin tahribatlar\u0131 bahanesiyle \u0130slam d&uuml;\u015fmanl\u0131\u011f\u0131 ve Bat\u0131 u\u015fakl\u0131\u011f\u0131 yapan &ccedil;evreler, Ordu&#8217;yu darbe yapmaya k\u0131\u015fk\u0131rtarak, hem kendilerine iktidar yolunun a&ccedil;\u0131laca\u011f\u0131n\u0131 hem de TSK&#8217;y\u0131 yeniden y\u0131prat\u0131p g&uuml;d&uuml;mlerine sokacaklar\u0131n\u0131 sanmaktayd\u0131. Evet &Ccedil;&ouml;z&uuml;m S&uuml;reci gafleti ve dalaletiyle 4 y\u0131l boyunca PKK&#8217;n\u0131n G&uuml;neydo\u011fu&#8217;ya silah ve m&uuml;himmat y\u0131\u011f\u0131p b&uuml;y&uuml;k ayaklanma haz\u0131rl\u0131\u011f\u0131na g&ouml;z yumulmas\u0131, hatta b\u0131&ccedil;ak kemi\u011fe dayan\u0131nca TSK&#8217;n\u0131n inisiyatifi eline al\u0131p PKK&#8217;n\u0131n belini k\u0131rma harekat\u0131nda h&acirc;l&acirc; Mardin Valisinin Nusaybin operasyonunu y&ouml;neten komutanlar\u0131n i\u015fini savsaklama yakla\u015f\u0131mlar\u0131 ve Diyarbak\u0131r&#8217;da ya\u015fand\u0131\u011f\u0131 gibi, ter&ouml;rist e\u015fk\u0131yalara y&ouml;nelik operasyon haz\u0131rl\u0131klar\u0131n\u0131n PKK&#8217;ya s\u0131zd\u0131r\u0131lmas\u0131 sonucu gerekli tedbirlerin al\u0131nmas\u0131 elbette sab\u0131r ta\u015f\u0131n\u0131 zorlamaktayd\u0131. Ancak TSK art\u0131k hamasi duygularla, kof laiklik damar\u0131n\u0131n k\u0131\u015fk\u0131rt\u0131lmas\u0131yla ve hele ABD&#8217;nin arka &ccedil;\u0131kmas\u0131yla de\u011fil, milli sorumluluk duyarl\u0131l\u0131\u011f\u0131yla ve tarihi sonu&ccedil;lar\u0131n\u0131 hesaba katacak bir ortak ak\u0131lla davranma olgunlu\u011funa &ccedil;oktan ula\u015fm\u0131\u015ft\u0131. Yani T&uuml;rkiye&#8217;de klasik anlamda bir askeri darbe beklentisi i&ccedil;inde olanlar, hayal k\u0131r\u0131kl\u0131\u011f\u0131na u\u011frayacakt\u0131, &ccedil;&uuml;nk&uuml; b&ouml;yle bir giri\u015fim asla olmayacakt\u0131. Ancak milletin dirlik ve bekas\u0131, &uuml;lkenin birlik ve ba\u011f\u0131ms\u0131zl\u0131\u011f\u0131 tehlikeye d&uuml;\u015ft&uuml;\u011f&uuml;nde bu k&ouml;t&uuml; gidi\u015fata bir devlet m&uuml;dahalesi elbette ka&ccedil;\u0131n\u0131lmazd\u0131. &Ouml;yle ki iktidar\u0131n ve Cumhurba\u015fkan\u0131&#8217;n\u0131n da mecburen olur verece\u011fi, askerin ve emniyet g&uuml;&ccedil;lerinin birlikte hareket edece\u011fi ve halk\u0131m\u0131z\u0131n da memnuniyetle destekleyece\u011fi giri\u015fim ve geli\u015fmeler herhalde ya\u015fanacakt\u0131.<\/span><\/strong><\/p>\n<p style=\"margin-bottom: 0.0001pt; text-align: justify; text-indent: 1cm; line-height: 16pt;\"><strong><span style=\"font-size: 12pt; font-family: 'Arial',sans-serif;\">Sn. Erdo\u011fan&#8217;\u0131n Amerika ziyareti &ouml;ncesinde ABD D\u0131\u015fi\u015fleri Bakanl\u0131\u011f\u0131 S&ouml;zc&uuml;s&uuml; John Kirby&#8217;nin, T&uuml;rkiye&#8217;de baz\u0131 medya kurulu\u015flar\u0131nda &ccedil;\u0131kan <em>&ldquo;ABD, AKP h&uuml;k&uuml;metini ve Erdo\u011fan&#8217;\u0131 d&uuml;\u015f&uuml;rmeye &ccedil;al\u0131\u015f\u0131yor&#8221;<\/em> iddialar\u0131n\u0131, &ldquo;sa&ccedil;ma sapan, yan\u0131t vermeye bile de\u011fmez iddialar&#8221; \u015feklinde yan\u0131tlamas\u0131 T&uuml;rkiye&#8217;de askeri darbe hesaplar\u0131ndan ABD&#8217;nin de haberdar oldu\u011funu ortaya koymaktayd\u0131.<\/span><\/strong><\/p>\n<p style=\"margin-bottom: 0.0001pt; text-align: justify; text-indent: 1cm; line-height: 16pt;\"><span style=\"font-size: 14pt;\"><strong><span style=\"font-family: 'Arial',sans-serif;\">Ancak ABD&#8217;nin T&uuml;rkiye&#8217;deki asker ve diplomatlar\u0131n\u0131n ailelerini tahliye karar\u0131 kafalar\u0131 kar\u0131\u015ft\u0131rm\u0131\u015ft\u0131.<\/span><\/strong><\/span><\/p>\n<p style=\"margin-bottom: 0.0001pt; text-align: justify; text-indent: 1cm; line-height: 16pt;\"><strong><span style=\"font-size: 12pt; font-family: 'Arial',sans-serif;\">Amerikan Savunma bakanl\u0131\u011f\u0131 \u0130ncirlik Askeri &Uuml;ss&uuml;n&uuml;n bulundu\u011fu Adana ile Mu\u011fla ve \u0130zmir&#8217;deki askeri personelinin yak\u0131nlar\u0131ndan bulunduklar\u0131 kentleri terk etmeleri karar\u0131n\u0131 niye alm\u0131\u015ft\u0131? Yoksa T&uuml;rkiye&#8217;yi iyice kar\u0131\u015ft\u0131rma planlar\u0131 m\u0131 vard\u0131?<\/span><\/strong><\/p>\n<p style=\"margin-bottom: 0.0001pt; text-align: justify; text-indent: 1cm; line-height: 16pt;\"><span style=\"font-size: 14pt;\"><strong><span style=\"font-family: 'Arial',sans-serif;\">Me\u015fhur Yanda\u015flardan Yeni \u015eafak gazetesi yazar\u0131 ve Ankara temsilcisi Abd&uuml;lkadir Selvi, uzun y\u0131llard\u0131r &ccedil;al\u0131\u015ft\u0131\u011f\u0131 gazetesinden niye ayr\u0131lm\u0131\u015ft\u0131?<\/span><\/strong><\/span><\/p>\n<p style=\"margin-bottom: 0.0001pt; text-align: justify; text-indent: 1cm; line-height: 16pt;\"><strong><span style=\"font-size: 12pt; font-family: 'Arial',sans-serif;\">Yeni \u015eafak gazetesi yazar\u0131 ve Ankara temsilcisi Abd&uuml;lkadir Selvi, k&ouml;\u015fesinden Yeni \u015eafak&#8217;tan ayr\u0131ld\u0131\u011f\u0131n\u0131 a&ccedil;\u0131klam\u0131\u015ft\u0131. Abd&uuml;lkadir Selvi&#8217;nin: <\/span><\/strong><span style=\"font-size: 12pt; font-family: 'Arial',sans-serif;\"> &#8220;<strong><em>Son 1 y\u0131l i&ccedil;erisinde belki birka&ccedil; kez bu karar\u0131 vermem gerekiyordu. Kimi zaman ac\u0131y\u0131 bal eyledik. S\u0131k\u0131nt\u0131lara &#8220;davam\u0131z&#8221; dedik, g&ouml;\u011f&uuml;s gerdik. Vefaya ve isti\u015fareye &ouml;nem verdim. Onun gere\u011fini yerine getirdi\u011fim i&ccedil;in bu s&uuml;re uzad\u0131&#8221; <\/em>s&ouml;zleri son bir y\u0131ld\u0131r PKK&#8217;ya kar\u015f\u0131 askerle birlikte davranan Sn. Cumhurba\u015fkan\u0131&#8217;na bir uyar\u0131 m\u0131yd\u0131? Yoksa yakla\u015fan askeri darbe korkusuyla gemiyi ilk terk eden fareler tak\u0131m\u0131ndan m\u0131yd\u0131? Abd&uuml;lkadir Selvi bundan b&ouml;yle H&uuml;rriyet&#8217;in yazar kadrosunda yer alacakt\u0131. Deniz Zeyrek, H&uuml;rriyet Ankara Temsilcili\u011fi&#8217;ne devam edecek, Selvi ise Ankara&#8217;da yazar olarak g&ouml;revine ba\u015flayacakt\u0131. Yani Abd&uuml;lkadir Selvi Yanda\u015f Erdo\u011fan&#8217;a yanda\u015f gazeteden kar\u015f\u0131t gazeteye atlam\u0131\u015ft\u0131.<\/strong><\/span><\/p>\n<p style=\"margin-bottom: 0.0001pt; text-align: justify; text-indent: 1cm; line-height: 16pt;\"><strong><span style=\"font-size: 12pt; font-family: 'Arial',sans-serif;\">Ba\u015fbakan Ahmet Davuto\u011flu&#8217;nun 29 Mart Sal\u0131 g&uuml;n&uuml; partisinin Meclis&rsquo;teki grup toplant\u0131s\u0131nda konu\u015furken:<\/span><\/strong><span style=\"font-size: 12pt; font-family: 'Arial',sans-serif;\"> <strong><em>&ldquo;Ter&ouml;re kar\u015f\u0131 herkes maneviyat\u0131n\u0131 ve moralini en y&uuml;ksek d&uuml;zeyde tutarak hayata kar\u0131\u015fmal\u0131d\u0131r. Herkes soka\u011fa, caddeye, bulvara, meydana b&uuml;y&uuml;k bir &ouml;zg&uuml;venle &ccedil;\u0131kmal\u0131 ve kucakla\u015fmal\u0131d\u0131r. Biz karanl\u0131\u011f\u0131 mum yakarak, \u015fiddeti merhametle, nefreti daha fazla muhabbetle yenece\u011fiz&hellip;&rdquo;<\/em><\/strong> <strong>s&ouml;zleri neyin tela\u015f\u0131yd\u0131? Yoksa &#8220;art\u0131k biz bu &uuml;lkeyi y&ouml;netemez ve ter&ouml;rle ba\u015f edemez hale geldik&#8221; itiraf\u0131 m\u0131yd\u0131?<\/strong><\/span><\/p>\n<p style=\"margin-bottom: 0.0001pt; text-align: justify; text-indent: 1cm; line-height: 16pt;\"><span style=\"font-size: 14pt;\"><strong><span style=\"font-family: 'Arial',sans-serif;\">H&uuml;rriyet&#8217;ten Ahmet Hakan &#8220;Hulusi Pa\u015fa&#8217;ya a&ccedil;\u0131k mektup&#8221; yazarak:<\/span><\/strong><\/span><\/p>\n<p style=\"margin-bottom: 0.0001pt; text-align: justify; text-indent: 1cm; line-height: 16pt;\"><strong><em><span style=\"font-size: 12pt; font-family: 'Arial',sans-serif;\">&#8220;Genelkurmay Ba\u015fkan\u0131 Say\u0131n Hulusi Akar! Muhakkak sizin de dikkatinizi &ccedil;ekmi\u015ftir: Son zamanlarda gerek i&ccedil;erideki gerek d\u0131\u015far\u0131daki baz\u0131 ifrit, nobran ve antidemokratik tipler, <\/span><\/em><\/strong><strong><span style=\"font-size: 12pt; font-family: 'Arial',sans-serif;\">&ldquo;Asker darbe yapacak&rdquo;<em> \u015feklinde bir tevat&uuml;re omuz vermekte ve g\u0131ybet kazan\u0131n\u0131 fokur fokur kaynatmaktad\u0131r. Yok, asker rahats\u0131zm\u0131\u015f. Yok, ABD onay vermi\u015fmi\u015f. Yok, ordu i&ccedil;indeki Fetullah&ccedil;\u0131lar plan yap\u0131yormu\u015f. Yok, d\u0131\u015f konjonkt&uuml;r m&uuml;saitmi\u015f. Yok, &ldquo;Reza Bey&rdquo; olay\u0131 bahane edilecekmi\u015f. Yok \u015fuymu\u015f, yok buymu\u015f. Say\u0131n Hulusi Akar! Siz de &ccedil;ok iyi bilirsiniz ki&#8230; <\/em>&ldquo;Darbe olacak&rdquo;<em> demek, &ldquo;Genelkurmay Ba\u015fkan\u0131 darbe yapacak&rdquo; demektir. Yani darbeye dair her s&ouml;ylenti, her tevat&uuml;r, her dedikodu&#8230; Asl\u0131nda \u015fahsen ve do\u011frudan sizi hedef almaktad\u0131r&#8221; <\/em>s&ouml;zleriyle hem k\u0131\u015fk\u0131rtmakta hem Genelkurmay&#8217;\u0131 a&ccedil;\u0131klama yapmaya zorlamaktayd\u0131.<\/span><\/strong><\/p>\n<p style=\"margin-bottom: 0.0001pt; text-align: justify; text-indent: 1cm; line-height: 16pt;\"><span style=\"font-size: 14pt;\"><strong><span style=\"font-family: 'Arial',sans-serif;\">Asl\u0131 ve ayar\u0131 malum Hasan Cemal ise:<\/span><\/strong><\/span><\/p>\n<p style=\"margin-bottom: 0.0001pt; text-align: justify; text-indent: 1cm; line-height: 16pt;\"><strong><em><span style=\"font-size: 12pt; font-family: 'Arial',sans-serif;\">&#8220;Asker, Erdo\u011fan&rsquo;\u0131 sevebilir mi? Asker, Erdo\u011fan&rsquo;\u0131 samimi bulabilir mi? Asker, Erdo\u011fan&rsquo;\u0131n de\u011fi\u015fti\u011fine inanabilir mi? Ya da Milli G&ouml;r&uuml;\u015f g&ouml;mle\u011fini s\u0131rt\u0131ndan &ccedil;\u0131kard\u0131\u011f\u0131na inanabilir mi? Asker, Erdo\u011fan&rsquo;\u0131n hayata, T&uuml;rkiye ve d&uuml;nyaya bak\u0131\u015f\u0131n\u0131 be\u011fenebilir mi? Payla\u015fabilir mi? Asker, Erdo\u011fan&rsquo;\u0131n Atat&uuml;rk&rsquo;e, laik cumhuriyete, din ve devlet i\u015flerine bak\u0131\u015f\u0131n\u0131 olumlu bulabilir mi? Asker, Ergenekon ve Balyoz&rsquo;la ilgili olarak, &ldquo;Ben bu davalar\u0131n savc\u0131s\u0131y\u0131m&rdquo; diyebilmi\u015f Erdo\u011fan&rsquo;a g&uuml;venebilir mi? Asker, kendi komutanlar\u0131n\u0131n, kendi silah arkada\u015flar\u0131n\u0131n hapse at\u0131ld\u0131\u011f\u0131, y\u0131llarca yarg\u0131land\u0131\u011f\u0131 bir d&ouml;nemin Ba\u015fbakan&rsquo;\u0131ndan, Erdo\u011fan&rsquo;dan nereye kadar ho\u015flanabilirdi? Asker, bir Genelkurmay Ba\u015fkan\u0131&rsquo;n\u0131n &lsquo;ter&ouml;r &ouml;rg&uuml;t&uuml; liderli\u011fi&rsquo;nden yarg\u0131lanmas\u0131n\u0131 ne kadar i&ccedil;ine sindirebilirdi? Asker, &ldquo;Paralelciler bizi aldatt\u0131&rdquo; deyip i\u015fin i&ccedil;inden s\u0131yr\u0131ld\u0131\u011f\u0131n\u0131 belirten Erdo\u011fan&rsquo;a ne kadar inanabilir, onu bu konuda ne kadar affedebilirdi? Asker, bir Cumhurba\u015fkan\u0131 olarak, bir Ba\u015fkumandan olarak Erdo\u011fan&rsquo;\u0131 ne kadar i&ccedil;ine sindirebilirdi? Asker, s\u0131rt\u0131n\u0131 sistemli bir bi&ccedil;imde Bat\u0131&rsquo;ya d&ouml;nen, y&uuml;z&uuml;n&uuml; Do\u011fu&rsquo;ya, \u0130slam &acirc;lemine &ccedil;eviren, Bat\u0131l\u0131 hayat tarz\u0131ndan hi&ccedil; ho\u015flanmad\u0131\u011f\u0131n\u0131 her f\u0131rsatta belli eden bir Erdo\u011fan&rsquo;a sempati duyabilir mi? Asker, Erdo\u011fan&rsquo;\u0131n Atat&uuml;rk&rsquo;e, laik cumhuriyete ihanet etti\u011fini d&uuml;\u015f&uuml;n&uuml;yor olabilir mi? B&ouml;ylesi duygu ve d&uuml;\u015f&uuml;nceler kafalar\u0131n arkas\u0131nda sakl\u0131 duruyor olabilir mi?&#8221;<\/span><\/em><\/strong><span style=\"font-size: 12pt; font-family: 'Arial',sans-serif;\"> <strong>s&ouml;zleriyle hem kirli niyetini hem de gizli mahiyetini ortaya koymakta ve a&ccedil;\u0131k&ccedil;a darbe \u015fak\u015fak&ccedil;\u0131l\u0131\u011f\u0131 yapmaktayd\u0131.<\/strong><\/span><\/p>\n<p style=\"margin-bottom: 0.0001pt; text-align: justify; text-indent: 1cm; line-height: 16pt;\"><strong><span style=\"font-size: 12pt; font-family: 'Arial',sans-serif;\">Mason ve d&ouml;nme \u0130ttihat&ccedil;\u0131 Cemal Pa\u015fa&#8217;n\u0131n torunu Hasan Cemal, h&acirc;l&acirc; TSK&#8217;y\u0131 M&uuml;sl&uuml;man T&uuml;rk Milletinin de\u011fil H\u0131ristiyan ABD ve AB&#8217;nin ordusu sanmaktayd\u0131. Erbakan&#8217;\u0131 y\u0131karak bunlar\u0131 iktidara ta\u015f\u0131d\u0131klar\u0131 28 \u015eubat s&uuml;reci ve sonras\u0131nda Sn. Recep T. Erdo\u011fan&#8217;\u0131 ve AKP iktidar\u0131n\u0131 uzun y\u0131llar alk\u0131\u015flayan ve arka &ccedil;\u0131kan, ama son bir y\u0131ld\u0131r TSK ile uyumlu davrand\u0131\u011f\u0131 i&ccedil;in aleyhinde yazan bu Hasan Cemal&#8217;in as\u0131l d&uuml;\u015fmanl\u0131\u011f\u0131n\u0131n Milli Ordumuza oldu\u011funu anlamamak i&ccedil;in ahmak olmak laz\u0131md\u0131.<\/span><\/strong><\/p>\n<p style=\"margin-bottom: 0.0001pt; text-align: justify; text-indent: 1cm; line-height: 16pt;\"><strong><em><span style=\"font-size: 12pt; font-family: 'Arial',sans-serif;\">&#8220;Yolsuzluk iddialar\u0131, ekonomideki daralma; asker, polis, sivil her g&uuml;n onlarca insan\u0131n &ouml;lmesi, \u015fehirlerin y\u0131k\u0131lmas\u0131, canl\u0131 bomba sald\u0131r\u0131lar\u0131, &ccedil;ocuklara taciz-tecav&uuml;z olaylar\u0131, Anayasa&rsquo;n\u0131n ask\u0131ya al\u0131nmas\u0131, yarg\u0131n\u0131n siyasalla\u015fmas\u0131, d\u0131\u015f politikada a\u011f\u0131r iflas&hellip; Bu bir &uuml;lke i&ccedil;in korkun&ccedil; bir tablo. Fakat t&uuml;m bunlara ra\u011fmen insanlar parti tercihini de\u011fi\u015ftirmiyor. Siyasette bir kilitlenme var&#8230; Hal b&ouml;yleyken yazarlar, gazeteciler, ayd\u0131nlar, akademisyenler, muhalefet partileri&hellip; Genel olarak muhalif &ccedil;evrelerde \u015f&ouml;yle bir hava var: Bir mucize olacak, Erdo\u011fan&rsquo;\u0131n planlar\u0131 sekteye u\u011frayacak ve T&uuml;rkiye bu k&ouml;t&uuml; gidi\u015fattan kurtulacak.(m\u0131\u015f..) Erdo\u011fan zaten vahim hatalar yap\u0131yor. H&uuml;k&uuml;metin kifayetsizli\u011fi, kusurlar\u0131 ortada. Bunlar s\u0131r de\u011fil. Fakat elle tutulur bir alternatif yok. Bu da s\u0131r de\u011fil&#8230; Bir &uuml;lke bu \u015fekilde yol alamaz&#8230; S&ouml;yler misiniz Allah a\u015fk\u0131na ne olacak, nas\u0131l olacak da i\u015fler d&uuml;zelecek?&#8230; Elbette Erdo\u011fan bu politikayla eninde sonunda duvara toslayacak. Fakat ne kadar s&uuml;recek? &Uuml;&ccedil; y\u0131l m\u0131? Be\u015f y\u0131l m\u0131? 10 y\u0131l m\u0131? O gitti\u011finde ortada bir &uuml;lke kalacak m\u0131?.. &ldquo;T&uuml;rkiye y\u0131k\u0131lacak Erdo\u011fan da alt\u0131nda kalacak.&rdquo; Bunu mu diyorsunuz?&#8221;[1]&nbsp;<\/span><\/em><\/strong><span style=\"font-size: 12pt; font-family: 'Arial',sans-serif;\"><strong>s&ouml;zleriyle askeri darbeye mazeret ve me\u015fruiyet k\u0131l\u0131f\u0131 haz\u0131rlamaktayd\u0131.<\/strong><\/span><\/p>\n<p style=\"margin-bottom: 0.0001pt; text-align: justify; text-indent: 1cm; line-height: 16pt;\"><span style=\"font-size: 14pt;\"><strong><span style=\"font-family: 'Arial',sans-serif;\">Genelkurmay&#8217;dan onurlu ve \u015fuurlu darbe a&ccedil;\u0131klamas\u0131!<\/span><\/strong><\/span><\/p>\n<p style=\"margin-bottom: 0.0001pt; text-align: justify; text-indent: 1cm; line-height: 16pt;\"><strong><em><span style=\"font-size: 12pt; font-family: 'Arial',sans-serif;\">&#8220;&Uuml;lkemizin ve milletimizin birlik, b&uuml;t&uuml;nl&uuml;k ve g&uuml;venli\u011fi i&ccedil;in, g&ouml;revlerinin ifas\u0131nda Anayasa&#8217;da belirtilen hukuk devleti, hukukun &uuml;st&uuml;nl&uuml;\u011f&uuml; ve demokratik toplum olman\u0131n gerekleri prensiplerine ba\u011fl\u0131l\u0131\u011f\u0131 temel esas alarak, Anayasa ve yasalar &ccedil;er&ccedil;evesinde kendisine verilen g&ouml;revler do\u011frultusunda yurt i&ccedil;inde ve s\u0131n\u0131r &ouml;tesinde ter&ouml;ristle m&uuml;cadele eden TSK; baz\u0131 il ve il&ccedil;elerde de gece g&uuml;nd&uuml;z demeden, hi&ccedil; bir zorlu\u011fa ald\u0131rmadan, her t&uuml;rl&uuml; fedak&acirc;rl\u0131k ve kahramanl\u0131\u011f\u0131 g&ouml;stererek, polis ve korucularla omuz omuza operasyonlar\u0131n\u0131 aral\u0131ks\u0131z s&uuml;rd&uuml;rmektedir&#8230; Hal b&ouml;yle iken baz\u0131 medya organlar\u0131nda hi&ccedil; bir dayana\u011f\u0131 olmadan yap\u0131lan haber ve yorumlar do\u011fal olarak kahraman silah arkada\u015flar\u0131m\u0131z\u0131n moral ve motivasyonunu olumsuz etkilemekte, t&uuml;m mensuplar\u0131m\u0131z\u0131 rahats\u0131z etmektedir&#8230; Milletinin engin sevgi ve g&uuml;veninden g&uuml;&ccedil; alan, demokrasiye ba\u011fl\u0131l\u0131\u011f\u0131n\u0131 her ortamda dile getiren T&uuml;rk Silahl\u0131 Kuvvetlerinde idari ve adli mekanizmalar s&uuml;rekli ve etkin olarak &ccedil;al\u0131\u015ft\u0131r\u0131lmaktad\u0131r. T&uuml;rk Silahl\u0131 Kuvvetlerinde disiplin, mutlak itaat ve tek emir komuta esast\u0131r. Hi&ccedil;bir yasa d\u0131\u015f\u0131, emir-komuta hiyerar\u015fisi d\u0131\u015f\u0131 olu\u015fum ve\/veya harekete taviz verilmesi s&ouml;z konusu de\u011fildir. Bamba\u015fka saiklerle yap\u0131ld\u0131\u011f\u0131 anla\u015f\u0131lan ve hi&ccedil;bir hukuki, insani, vicdani ve akli dayana\u011f\u0131 olmayan, bas\u0131n eti\u011finden ve &uuml;slubundan uzak, haddini a\u015fan haber ve yorumlar\u0131 yapanlar hakk\u0131nda hukuki i\u015flemler ba\u015flat\u0131lm\u0131\u015f ve su&ccedil; duyurusunda bulunulmu\u015ftur. Kamuoyuna sayg\u0131 ile duyurulur.&#8221;<\/span><\/em><\/strong><\/p>\n<p style=\"margin-bottom: 0.0001pt; text-align: justify; text-indent: 1cm; line-height: 16pt;\"><strong><span style=\"font-size: 12pt; font-family: 'Arial',sans-serif;\">Bu duyuru ve uyar\u0131lar Genelkurmay&#8217;\u0131m\u0131z\u0131n olgun, onurlu ve \u015fuurlu tavr\u0131n\u0131 yans\u0131tmakta ve Aziz milletimize umut a\u015f\u0131lamaktayd\u0131. Ancak FET&Ouml; yap\u0131lanmas\u0131yla ilgili b&uuml;t&uuml;n iddialar\u0131 ciddiye almas\u0131 ve gerekli takibat\u0131 yapmas\u0131 da laz\u0131md\u0131. Umar\u0131z Sn. Cumhurba\u015fkan\u0131 da, iktidar sorumlular\u0131 da bu ger&ccedil;eklerin fark\u0131ndayd\u0131. <\/span><\/strong><\/p>\n<p style=\"margin-bottom: 0.0001pt; text-align: justify; text-indent: 1cm; line-height: 16pt;\"><strong><span style=\"font-size: 12pt; font-family: 'Arial',sans-serif;\">Genelkurmay Ba\u015fkanl\u0131\u011f\u0131&#8217;n\u0131n bu sert a&ccedil;\u0131klamas\u0131n\u0131n muhatab\u0131n\u0131n Sabah yazar\u0131 Rasim Ozan K&uuml;tahyal\u0131 oldu\u011fu da iddialar\u0131 da tart\u0131\u015f\u0131lm\u0131\u015ft\u0131. Bu \u015f\u0131mar\u0131k \u015farlatan &#8220;T&uuml;rkiye ve Erdo\u011fan&#8217;\u0131 hedef alan operasyonlar&#8221; ba\u015fl\u0131kl\u0131 yaz\u0131s\u0131nda, <em>Rus u&ccedil;a\u011f\u0131n\u0131n &#8220;Fetullah&ccedil;\u0131&#8221; pilotlar taraf\u0131ndan d&uuml;\u015f&uuml;r&uuml;ld&uuml;\u011f&uuml;n&uuml; ve F-16 pilotlar\u0131n\u0131n y&uuml;zde 50&#8217;sinin &#8220;Fetullah&ccedil;\u0131&#8221; oldu\u011funu&#8221;<\/em> hat\u0131rlatmakla kalmam\u0131\u015f, <em>&#8220;2016 y\u0131l\u0131nda TSK&#8217;dan toplu \u015fekilde at\u0131lacak bunlar. Hulusi Akar direnmeye kalkarsa da istifas\u0131n\u0131 verir. Bu kadar basit&#8221; <\/em>diyerek <\/span><span style=\"font-size: 12pt; font-family: 'Arial',sans-serif;\"><span style=\"font-size: 12pt; line-height: 115%; font-family: 'Arial','sans-serif';\">bir nevi FET&Ouml;&rsquo;c&uuml;leri uyarm\u0131\u015f ve k\u0131\u015fk\u0131rtm\u0131\u015ft\u0131. Acaba yanda\u015f yazar R.O. K&uuml;tahyal\u0131, bu bilgileri kimden alm\u0131\u015ft\u0131. \u0130ktidar &ccedil;evreleri bunlar\u0131 biliyor idiyse niye tedbir almam\u0131\u015flard\u0131?<\/span><\/span><span style=\"font-size: 12pt; font-family: 'Arial',sans-serif;\"><br \/><\/span><\/strong><\/p>\n<p style=\"margin-bottom: 0.0001pt; text-align: justify; text-indent: 1cm; line-height: 16pt;\"><span style=\"font-size: 14pt;\"><strong><span style=\"font-family: 'Arial',sans-serif;\">Erdo\u011fan Amerika&#8217;da Musevi d&uuml;\u015f&uuml;nce kurulu\u015fu temsilcileri ve akademisyenlerle bulu\u015fmu\u015flard\u0131!?<\/span><\/strong><\/span><\/p>\n<p style=\"margin-bottom: 0.0001pt; text-align: justify; text-indent: 1cm; line-height: 16pt;\"><strong><span style=\"font-size: 12pt; font-family: 'Arial',sans-serif;\">Cumhurba\u015fkan\u0131 Recep T. Erdo\u011fan St. Regis Oteli&#8217;nde, d&uuml;\u015f&uuml;nce kurulu\u015fu temsilcileri ve &ccedil;o\u011fu Yahudi as\u0131ll\u0131 akademisyenlerle yapt\u0131\u011f\u0131 toplant\u0131da kafa kar\u0131\u015ft\u0131r\u0131c\u0131 bir konu\u015fma yapm\u0131\u015ft\u0131. ABD&#8217;nin siyasi hayat\u0131na y&ouml;n veren, d\u0131\u015f politikas\u0131na katk\u0131 sunan akademisyenler ve d&uuml;\u015f&uuml;nce kurulu\u015fu temsilcileriyle bir araya gelmekten duydu\u011fu memnuniyeti ifade eden Cumhurba\u015fkan\u0131 Erdo\u011fan, ortak g&uuml;ndemlerinde son derece &ouml;nemli konular\u0131n yer ald\u0131\u011f\u0131n\u0131 hat\u0131rlatm\u0131\u015ft\u0131.<\/span><\/strong><\/p>\n<p style=\"margin-bottom: 0.0001pt; text-align: justify; text-indent: 1cm; line-height: 16pt;\"><strong><span style=\"font-size: 12pt; font-family: 'Arial',sans-serif;\">ABD ile T&uuml;rkiye&#8217;nin sahip oldu\u011fu ittifak ve ortakl\u0131\u011f\u0131n &ouml;nemini vurgulayan Erdo\u011fan&#8217;\u0131n:<\/span><\/strong><span style=\"font-size: 12pt; font-family: 'Arial',sans-serif;\"> <strong><em>&#8220;T&uuml;rkiye a&ccedil;\u0131s\u0131ndan ge&ccedil;mi\u015fte oldu\u011fu gibi bug&uuml;n de ABD ile ili\u015fkilerimiz vazge&ccedil;ilmez niteliktedir. \u0130\u015fbirli\u011fimizi ortak de\u011ferler ve kar\u015f\u0131l\u0131kl\u0131 menfaatler temelinde geli\u015ftirmek i&ccedil;in her t&uuml;rl&uuml; &ccedil;abay\u0131 g&ouml;steriyoruz. Bunu yapmaya da devam edece\u011fiz. Kar\u015f\u0131 kar\u015f\u0131ya bulundu\u011fumuz sorunlar\u0131n &ccedil;&ouml;z&uuml;m&uuml;nde T&uuml;rkiye-ABD ittifak\u0131n\u0131n bir alternatifi olmad\u0131\u011f\u0131 ortadad\u0131r. Burada esas mesele bu i\u015fbirli\u011finin gerek stratejik gerek taktik d&uuml;zlemde ger&ccedil;ek anlamda verimli k\u0131l\u0131nabilmesidir&#8221;<\/em> s&ouml;zleri ABD&#8217;ye kay\u0131ts\u0131z \u015farts\u0131z teslimiyet ilan\u0131 m\u0131yd\u0131? <em>&#8220;Ey ABD sen ter&ouml;ristlerin yan\u0131nda m\u0131s\u0131n, yoksa bizim (T&uuml;rkiye&#8217;nin) yan\u0131nda m\u0131s\u0131n?&#8221; <\/em>&ccedil;\u0131k\u0131\u015flar\u0131 nerede kalm\u0131\u015ft\u0131?<\/strong> <strong><em>&#8220;ABD ile ili\u015fkilerimizin vazge&ccedil;ilmez bir nitelik ta\u015f\u0131d\u0131\u011f\u0131n\u0131, T&uuml;rkiye-ABD ittifak\u0131n\u0131n bir alternatifi bulunmad\u0131\u011f\u0131n\u0131&#8221;<\/em><\/strong> <strong>belirten bir Cumhurba\u015fkan\u0131 ABD kar\u015f\u0131s\u0131nda a\u011f\u0131rl\u0131k ve sayg\u0131nl\u0131\u011f\u0131m\u0131z\u0131 ve Milli &ccedil;\u0131karlar\u0131m\u0131z\u0131 nas\u0131l koruyacakt\u0131?<\/strong><\/span><\/p>\n<p style=\"margin-bottom: 0.0001pt; text-align: justify; text-indent: 1cm; line-height: 16pt;\"><strong><span style=\"font-size: 12pt; font-family: 'Arial',sans-serif;\">Sn. Cumhurba\u015fkan\u0131&#8217;n\u0131n:<\/span><\/strong><span style=\"font-size: 12pt; font-family: 'Arial',sans-serif;\"> <strong><em>&#8220;Ter&ouml;r&uuml;n yay\u0131lmas\u0131 ve bug&uuml;n Avrupa s\u0131n\u0131rlar\u0131na dayanan m&uuml;lteci krizi, bu iki &uuml;lkedeki &ccedil;&ouml;k&uuml;\u015f&uuml;n en somut &uuml;r&uuml;nleridir. Bu iki &uuml;lkedeki da\u011f\u0131lma s&uuml;recinin &ouml;n&uuml;ne ge&ccedil;ilemedi\u011fi takdirde Bat\u0131 toplumlar\u0131n\u0131 &ccedil;ok daha vahim geli\u015fmeler beklemektedir. Her \u015feyin k&uuml;reselle\u015fti\u011fi, s\u0131n\u0131rlar\u0131n anlam\u0131n\u0131 kaybetti\u011fi bir d&uuml;nyada bu t&uuml;r krizlerin etkilerinden kimsenin uzak duramayaca\u011f\u0131 ve kendini koruyamayaca\u011f\u0131 kesindir&#8221; <\/em>s&ouml;zleriyle<\/strong> <strong><em>Irak ve Suriye&#8217;nin fiilen b&ouml;l&uuml;nmesine bir resmiyet kazand\u0131rma itiraf\u0131 ve g&ouml;&ccedil; dalgas\u0131n\u0131n y\u0131k\u0131c\u0131 etkilerinden Bat\u0131 &uuml;lkelerini koruma tela\u015f\u0131<\/em><\/strong>, <strong>acaba yanda\u015f yalakalarca hangi hikmet ve mazeretlerle yorumlanacakt\u0131?<\/strong><\/span><\/p>\n<p style=\"margin-bottom: 0.0001pt; text-align: justify; text-indent: 1cm; line-height: 16pt;\"><span style=\"font-size: 14pt;\"><strong><span style=\"font-family: 'Arial',sans-serif;\">Cumhurba\u015fkan\u0131 Recep T. Erdo\u011fan&#8217;\u0131n, konaklad\u0131\u011f\u0131 St. Regis Oteli&#8217;nde, ABD&#8217;deki Musevi kurulu\u015flar\u0131n\u0131n temsilcilerinden olu\u015fan heyetle toplant\u0131lar\u0131na \u015fu Siyonist baronlar kat\u0131lm\u0131\u015flard\u0131:<\/span><\/strong><\/span><\/p>\n<p style=\"margin-bottom: 0.0001pt; text-align: justify; text-indent: 1cm; line-height: 16pt;\"><strong><span style=\"font-size: 12pt; font-family: 'Arial',sans-serif;\">B&rsquo;nai B&rsquo;rith Y&ouml;netim Kurulu Ba\u015fkan\u0131 Peter Perlman, Siyonizm kar\u015f\u0131tl\u0131\u011f\u0131yla M&uuml;cadele Birli\u011fi Ulusal Direkt&ouml;r&uuml; Marvin Nathan, \u0130tibars\u0131zla\u015ft\u0131rmayla M&uuml;cadele Birli\u011fi Y&ouml;netim Kurulu Ba\u015fkan\u0131 Jonathan Greenblatt, Yahudi Kurulu\u015flar\u0131 Ba\u015fkanlar Konferans\u0131 Eski Ba\u015fkan\u0131 Richard Stone, Ba\u015fkanlar Konferans\u0131 Ba\u015fkan Yard\u0131mc\u0131s\u0131 Malcolm Hoenlein, D&uuml;nya Yahudi Kongresi Ba\u015fkan Yard\u0131mc\u0131s\u0131 Robert Singer, AIPAC Ba\u015fkan\u0131 Robert Cohen, AIPAC Siyasi \u0130\u015fler Direkt&ouml;r&uuml; Arthur Abramson, Washington Musevi Cemaati \u0130li\u015fkileri Kurulu \u0130cra Direkt&ouml;r&uuml; Ron Halber, Georgetown &Uuml;niversitesi &Ouml;\u011fretim G&ouml;revlisi Brenda Shaffer&rsquo;in yer ald\u0131\u011f\u0131 kabulde, D\u0131\u015fi\u015fleri Bakan\u0131 Mevl&uuml;t &Ccedil;avu\u015fo\u011flu, Enerji ve Tabii Kaynaklar Bakan\u0131 Berat Albayrak, Gen&ccedil;lik ve Spor Bakan\u0131 Akif &Ccedil;a\u011fatay K\u0131l\u0131&ccedil; da haz\u0131r bulunmu\u015flard\u0131.<\/span><\/strong><\/p>\n<p style=\"margin-bottom: 0.0001pt; text-align: justify; text-indent: 1cm; line-height: 16pt;\"><span style=\"font-size: 14pt;\"><strong><span style=\"font-family: 'Arial',sans-serif;\">Obama, Erdo\u011fan&#8217;\u0131n toplant\u0131s\u0131na asistan\u0131n\u0131 bile yollamam\u0131\u015ft\u0131!<\/span><\/strong><\/span><\/p>\n<p style=\"margin-bottom: 0.0001pt; text-align: justify; text-indent: 1cm; line-height: 16pt;\"><strong><span style=\"font-size: 12pt; font-family: 'Arial',sans-serif;\">ABD&#8217;deki temaslar\u0131 be\u015f g&uuml;n s&uuml;recek Cumhurba\u015fkan\u0131 Recep Tayyip Erdo\u011fan ilk toplant\u0131s\u0131n\u0131 yapm\u0131\u015ft\u0131. Ajanslarda son dakika ge&ccedil;en haberde toplant\u0131ya ABD Ba\u015fkan\u0131 Obama&#8217;n\u0131n asistan\u0131n\u0131n da kat\u0131ld\u0131\u011f\u0131 vurgulanm\u0131\u015ft\u0131. Ancak toplant\u0131ya kat\u0131lan ismin Obama&#8217;n\u0131n eski asistan\u0131 oldu\u011fu anla\u015f\u0131lm\u0131\u015ft\u0131. Ayr\u0131ca bu toplant\u0131ya, German Marshall Fund Ba\u015fkan\u0131 Karen Donfried, Washington Enstit&uuml;s&uuml; y&ouml;neticisi Michael Singh, Woodrow Wilson Merkezi Ba\u015fkan\u0131 Jane Harman, Georgetown &Uuml;niversitesi Uluslararas\u0131 \u0130li\u015fkiler Fak&uuml;ltesi Dekan\u0131 Prof. Dr. Joel Hellman, SAIS\/Johns Hopkins &Uuml;niversitesi Dekan\u0131 Prof. Vali Nasr&#8217;\u0131n da aralar\u0131nda bulundu\u011fu &ccedil;ok say\u0131da d&uuml;\u015f&uuml;nce kurulu\u015fu temsilcisi ve Yahudi as\u0131ll\u0131 akademisyen kat\u0131lm\u0131\u015ft\u0131.<\/span><\/strong><\/p>\n<p style=\"margin-bottom: 0.0001pt; text-align: justify; text-indent: 1cm; line-height: 16pt;\"><span style=\"font-size: 14pt;\"><strong><span style=\"font-family: 'Arial',sans-serif;\">Beyaz Saray S&ouml;zc&uuml;s&uuml; Josh Earnest, Erdo\u011fan&rsquo;\u0131n Washington ziyaretinde ABD Ba\u015fkan\u0131 Obama&rsquo;yla g&ouml;r&uuml;\u015f&uuml;p g&ouml;r&uuml;\u015fmeyece\u011fine dair k&uuml;stah&ccedil;a bir a&ccedil;\u0131klama yapm\u0131\u015ft\u0131.<\/span><\/strong><\/span><\/p>\n<p style=\"margin-bottom: 0.0001pt; text-align: justify; text-indent: 1cm; line-height: 16pt;\"><strong><span style=\"font-size: 12pt; font-family: 'Arial',sans-serif;\">N&uuml;kleer G&uuml;venlik Zirvesi&rsquo;ne kat\u0131lacak olan Recep T. Erdo\u011fan&rsquo;\u0131n, ABD Ba\u015fkan Yard\u0131mc\u0131s\u0131 Joe Biden&rsquo;la resmi bir g&ouml;r&uuml;\u015fme ger&ccedil;ekle\u015ftirece\u011fini hat\u0131rlatan Beyaz Saray S&ouml;zc&uuml;s&uuml; Josh Earnest&#8217;in, <em>&ldquo;Ba\u015fkan (Barack) Obama&rsquo;n\u0131n da haz\u0131r buradayken Cumhurba\u015fkan\u0131 Erdo\u011fan&rsquo;la az da olsa bir &ccedil;e\u015fit konu\u015fma ger&ccedil;ekle\u015ftirece\u011fine eminim&rdquo;<\/em> s&ouml;zleri onur k\u0131r\u0131c\u0131yd\u0131 ve k&uuml;stah&ccedil;ayd\u0131. Erdo\u011fan&rsquo;\u0131n Washington&rsquo;daki d&ouml;rt g&uuml;nl&uuml;k program\u0131n\u0131n iki g&uuml;n&uuml; Obama&rsquo;n\u0131n ev sahipli\u011fi yapaca\u011f\u0131 n&uuml;kleer zirveye ayr\u0131lm\u0131\u015ft\u0131. T&uuml;rk diplomatlar zirve s&uuml;rerken Obama&rsquo;yla &ldquo;ayak&uuml;st&uuml;&rdquo;, birka&ccedil; dakikal\u0131k bulu\u015fma ayarlay\u0131p, bas\u0131na &ldquo;ikili g&ouml;r&uuml;\u015fme&rdquo; gibi servis etmek i&ccedil;in &ccedil;abalamaktayd\u0131. ABD Ba\u015fkan\u0131 Obama, Erdo\u011fan&rsquo;\u0131n gezinin son g&uuml;n&uuml;nde, Washington&rsquo;a &ccedil;ok yak\u0131n mesafedeki Maryland eyaletindeki cami a&ccedil;\u0131l\u0131\u015f\u0131na da kat\u0131lmayacakt\u0131. ABD ziyareti s\u0131ras\u0131nda konu\u015facak d&uuml;\u015f&uuml;nce kurulu\u015fu bulamayan Erdo\u011fan i&ccedil;in T&uuml;rkiye&rsquo;nin en g&uuml;&ccedil;l&uuml; i\u015fkad\u0131nlar\u0131ndan birinin devreye girmesiyle Yahudi Brookings Enstit&uuml;s&uuml;&#8217;n&uuml;n toplant\u0131ya kat\u0131ld\u0131\u011f\u0131 bile bas\u0131nda yer alm\u0131\u015ft\u0131.<\/span><\/strong><\/p>\n<p style=\"margin-bottom: 0.0001pt; text-align: justify; text-indent: 1cm; line-height: 16pt;\"><span style=\"font-size: 14pt;\"><strong><span style=\"font-family: 'Arial',sans-serif;\">&Uuml;stelik Obama, AKP h&uuml;k&uuml;metinin bas\u0131n &ouml;zg&uuml;rl&uuml;\u011f&uuml; ve demokrasi konular\u0131ndaki uygulamalar\u0131n\u0131 ilk kez kamuoyuna a&ccedil;\u0131k bir \u015fekilde uyarmas\u0131 anlaml\u0131yd\u0131!<\/span><\/strong><\/span><\/p>\n<p style=\"margin-bottom: 0.0001pt; text-align: justify; text-indent: 1cm; line-height: 16pt;\"><strong><span style=\"font-size: 12pt; font-family: 'Arial',sans-serif;\">ABD Ba\u015fkan\u0131 Barack Obama, Cumhurba\u015fkan\u0131 Recep Tayyip Erdo\u011fan&#8217;\u0131n da kat\u0131ld\u0131\u011f\u0131 N&uuml;kleer G&uuml;venlik Zirvesi&#8217;nin kapan\u0131\u015f\u0131nda yapt\u0131\u011f\u0131 konu\u015fmada, <em>&#8220;T&uuml;rkiye&#8217;de bas\u0131na y&ouml;nelik yakla\u015f\u0131m\u0131n &uuml;lkeyi s\u0131k\u0131nt\u0131 verici bir yola sokaca\u011f\u0131&#8221;<\/em> uyar\u0131s\u0131nda bulunmu\u015flard\u0131. Obama, <em>&#8220;T&uuml;rkiye&#8217;deki baz\u0131 e\u011filimlerden rahats\u0131z oldu\u011funu&#8221;<\/em> da hat\u0131rlatm\u0131\u015ft\u0131. T&uuml;rk h&uuml;k&uuml;metinin bas\u0131n &ouml;zg&uuml;rl&uuml;\u011f&uuml; ve demokrasi konular\u0131ndaki uygulamalar\u0131ndan rahats\u0131zl\u0131\u011f\u0131n\u0131 vurgulayan Obama&#8217;n\u0131n: <em>&#8220;Ger&ccedil;ek olan bir \u015fey var ve bunu do\u011frudan kendilerine de hat\u0131rlatt\u0131m. T&uuml;rkiye&#8217;deki baz\u0131 e\u011filimlerden rahats\u0131z oldu\u011fum bir s\u0131r de\u011fil. Ben bas\u0131n &ouml;zg&uuml;rl&uuml;\u011f&uuml;ne, din &ouml;zg&uuml;rl&uuml;\u011f&uuml;ne, hukuk ve demokrasiye g&uuml;&ccedil;l&uuml; bir \u015fekilde inanmaktay\u0131m ve korunmas\u0131ndan yanay\u0131m&#8221;<\/em> s&ouml;zleri nas\u0131l yorumlanmal\u0131yd\u0131?<\/span><\/strong><\/p>\n<p style=\"margin-bottom: 0.0001pt; text-align: justify; text-indent: 1cm; line-height: 16pt;\"><span style=\"font-size: 14pt;\"><strong><span style=\"font-family: 'Arial',sans-serif;\">D\u0131\u015fi\u015fleri Bakan\u0131 &Ccedil;avu\u015fo\u011flu&#8217;nun <em>&#8220;PYD y&uuml;z&uuml;nden ABD&#8217;yle k&uuml;secek de\u011filiz&#8221;<\/em> zavall\u0131l\u0131\u011f\u0131!<\/span><\/strong><\/span><\/p>\n<p style=\"margin-bottom: 0.0001pt; text-align: justify; text-indent: 1cm; line-height: 16pt;\"><strong><span style=\"font-size: 12pt; font-family: 'Arial',sans-serif;\">D\u0131\u015fi\u015fleri Bakan\u0131 Mevl&uuml;t &Ccedil;avu\u015fo\u011flu, Suriye&#8217;deki son geli\u015fmelerle ilgili Washington&#8217;da fla\u015f a&ccedil;\u0131klamalar yapm\u0131\u015f <em>&#8220;PYD konusundaki g&ouml;r&uuml;\u015f ayr\u0131l\u0131\u011f\u0131 y&uuml;z&uuml;nden ABD ile k&uuml;secek de\u011filiz&#8221;<\/em> itiraf\u0131nda bulunmu\u015flard\u0131. ABD&rsquo;nin Washington kentinde temaslarda bulunan D\u0131\u015fi\u015fleri Bakan\u0131 Mevl&uuml;t &Ccedil;avu\u015fo\u011flu, Amerika&#8217;n\u0131n Sesi radyosuna iki &uuml;lke ili\u015fkilerini yorumlam\u0131\u015ft\u0131. D\u0131\u015fi\u015fleri Bakan\u0131, baz\u0131 konularda ABD ile farkl\u0131 d&uuml;\u015f&uuml;nmenin normal bir s&uuml;re&ccedil; oldu\u011funu ifade ederken &#8220;PYD konusunda farkl\u0131 d&uuml;\u015f&uuml;n&uuml;yoruz diye k&uuml;secek de\u011filiz&#8221; s&ouml;zleri, bunlar\u0131n ayar\u0131n\u0131 ortaya koymaktayd\u0131. D\u0131\u015fi\u015fleri Bakan\u0131 &Ccedil;avu\u015fo\u011flu, ABD D\u0131\u015fi\u015fleri Bakan\u0131 John Kerry ile g&ouml;r&uuml;\u015fmesinde daha &ccedil;ok Suriye&#8217;deki ate\u015fkesin devam\u0131 ve ter&ouml;r &ouml;rg&uuml;t&uuml; I\u015e\u0130D ile m&uuml;cadele konusunda g&ouml;r&uuml;\u015ft&uuml;klerini de hat\u0131rlatm\u0131\u015ft\u0131.<\/span><\/strong><\/p>\n<p style=\"margin-bottom: 0.0001pt; text-align: justify; text-indent: 1cm; line-height: 16pt;\"><span style=\"font-size: 14pt;\"><strong><span style=\"font-family: 'Arial',sans-serif;\">\u0130ngiliz The Times gazetesi, ABD&rsquo;nin, T&uuml;rkiye-Suriye s\u0131n\u0131r\u0131nda I\u015e\u0130D&rsquo;in elinde kalan tek b&ouml;lgenin kimde kalmas\u0131 noktas\u0131nda anla\u015fmazl\u0131k ya\u015fad\u0131\u011f\u0131n\u0131, di\u011fer b&uuml;t&uuml;n konularda mutabakat sa\u011fland\u0131\u011f\u0131n\u0131 yazm\u0131\u015ft\u0131.<\/span><\/strong><\/span><\/p>\n<p style=\"margin-bottom: 0.0001pt; text-align: justify; text-indent: 1cm; line-height: 16pt;\"><strong><span style=\"font-size: 12pt; font-family: 'Arial',sans-serif;\">Cumhurba\u015fkan\u0131 Erdo\u011fan&rsquo;\u0131n Washington ziyareti &ouml;ncesinde, T&uuml;rkiye-Suriye s\u0131n\u0131r\u0131nda I\u015e\u0130D&rsquo;in elinde kalan son b&ouml;lge Cerablus&#8217;un, I\u015e\u0130D&#8217;den sonra \u0131l\u0131ml\u0131 muhaliflerin mi yoksa PYD&#8217;nin mi kontrol&uuml;ne ge&ccedil;ece\u011fi y&ouml;n&uuml;nde Ankara-Washington aras\u0131nda p&uuml;r&uuml;z ya\u015fand\u0131\u011f\u0131 vurgulanm\u0131\u015ft<\/span><\/strong><span style=\"font-size: 12pt; font-family: 'Arial',sans-serif;\">\u0131. <\/span><\/p>\n<p style=\"margin-bottom: 0.0001pt; text-align: justify; text-indent: 1cm; line-height: 16pt;\"><strong><span style=\"font-size: 12pt; font-family: 'Arial',sans-serif;\"><span style=\"font-size: 14pt;\">&Ouml;zetle:<\/span> <\/span><\/strong><\/p>\n<p style=\"margin-bottom: 0.0001pt; text-align: justify; text-indent: 1cm; line-height: 16pt;\"><strong><span style=\"font-size: 12pt; font-family: 'Arial',sans-serif;\">Cumhurba\u015fkan\u0131 Recep T. Erdo\u011fan Washington&rsquo;da 31 Mart &#8211; 1 Nisan 2016 tarihleri aras\u0131nda ger&ccedil;ekle\u015fen N&uuml;kleer G&uuml;venlik Zirvesi ile birlikte bir dizi programa i\u015ftirak etmek i&ccedil;in ABD&rsquo;ye u&ccedil;mu\u015flard\u0131. &Ouml;zellikle uluslararas\u0131 ter&ouml;r ile Suriye krizinin ele al\u0131naca\u011f\u0131 belirtilen program\u0131n detaylar\u0131 ise sonradan ortaya &ccedil;\u0131km\u0131\u015ft\u0131. Erdo\u011fan&rsquo;\u0131n seyahatinin \u0130\u015f Adam\u0131 R\u0131za Zarrab&rsquo;\u0131n Miami&rsquo;de tutuklanmas\u0131ndan hemen sonras\u0131na denk gelmesi de dikkatlerden ka&ccedil;mam\u0131\u015ft\u0131. Erdo\u011fan&rsquo;\u0131n ABD ziyaretinin en &ouml;nemli dura\u011f\u0131 ise Yahudi lobilerine yak\u0131nl\u0131\u011f\u0131 ile bilinen Washington merkezli d&uuml;\u015f&uuml;nce kurulu\u015fu Brookings Enstit&uuml;s&uuml;&#8217;nde yap\u0131lan toplant\u0131yd\u0131. Daha &ouml;nce Suriye&rsquo;nin b&ouml;l&uuml;nmesi ile ilgili raporlar haz\u0131rlayan d&uuml;\u015f&uuml;nce kurulu\u015fundaki etkinli\u011fe kat\u0131lan Erdo\u011fan burada &lsquo;K&uuml;resel S\u0131namalar ve T&uuml;rkiye&rsquo;nin 2023 Hedefleri&rsquo; ba\u015fl\u0131kl\u0131 bir konu\u015fma yapm\u0131\u015ft\u0131. Erdo\u011fan&rsquo;\u0131n Brookings Enstit&uuml;s&uuml; program\u0131n\u0131n d\u0131\u015f\u0131nda da baz\u0131 Musevi kurum ve kurulu\u015flar\u0131n\u0131n temsilcileri de bir araya gelmesi ayarlanm\u0131\u015ft\u0131. <\/span><\/strong><\/p>\n<p style=\"margin-bottom: 0.0001pt; text-align: justify; text-indent: 1cm; line-height: 16pt;\"><strong><span style=\"font-size: 12pt; font-family: 'Arial',sans-serif;\">Cumhurba\u015fkan\u0131 Erdo\u011fan&rsquo;\u0131n her ABD ziyareti dikkat &ccedil;eken ili\u015fkilere de sahne olmaktayd\u0131. &Ouml;zellikle 2004 y\u0131l\u0131nda yapt\u0131\u011f\u0131 bir ziyaret tarihe &lsquo;&Uuml;st&uuml;n Cesaret &Ouml;d&uuml;l&uuml;&rsquo; alan Ba\u015fbakan olarak ge&ccedil;mesine sebep olacakt\u0131. 26-30 Ocak 2004 tarihinde ABD&rsquo;ye ger&ccedil;ekle\u015ftirdi\u011fi ziyaretinde &uuml;nl&uuml; Amerikan Musevi Komitesi (AJC) Erdo\u011fan&rsquo;a &lsquo;&Uuml;st&uuml;n Cesaret &Ouml;d&uuml;l&uuml;&rsquo; takm\u0131\u015ft\u0131. Ancak, bu &ouml;d&uuml;l &uuml;zerinden 10 y\u0131l ge&ccedil;tikten sonra ise i\u015fler tersine d&ouml;nd&uuml;. \u0130srail&rsquo;in 2014 y\u0131l\u0131nda Gazze&rsquo;ye hain sald\u0131r\u0131s\u0131 &uuml;zerine Erdo\u011fan&rsquo;\u0131n yapt\u0131\u011f\u0131 ele\u015ftiriye kar\u015f\u0131n AJC Ba\u015fkanlar Komitesi, Erdo\u011fan&rsquo;dan &ouml;d&uuml;l&uuml; geri istedi\u011fini a&ccedil;\u0131klam\u0131\u015ft\u0131. Erdo\u011fan, kamuoyu &ouml;n&uuml;nde &ouml;d&uuml;l&uuml;n geri verilece\u011fini s&ouml;ylemesine kar\u015f\u0131n &ouml;d&uuml;l&uuml;n geri verilip verilmedi\u011fi ise h&acirc;l&acirc; gizli tutulmaktayd\u0131.<\/span><\/strong><\/p>\n<p style=\"margin-bottom: 0.0001pt; text-align: justify; text-indent: 1cm; line-height: 16pt;\"><span style=\"font-size: 14pt;\"><strong><span style=\"font-family: 'Arial',sans-serif;\">Sn. Cumhurba\u015fkan\u0131 \u015eubat ay\u0131nda bu Siyonist ve Stratejist Yahudileri Ankara&rsquo;da a\u011f\u0131rlam\u0131\u015ft\u0131<\/span><\/strong><\/span><\/p>\n<p style=\"margin-bottom: 0.0001pt; text-align: justify; text-indent: 1cm; line-height: 16pt;\"><strong><span style=\"font-size: 12pt; font-family: 'Arial',sans-serif;\">Erdo\u011fan&rsquo;\u0131n ABD ziyaretinden &ouml;nce Yahudi Kurulu\u015fu temsilcilerinin Ankara&rsquo;da K&uuml;lliye&rsquo;de a\u011f\u0131rlad\u0131\u011f\u0131 da ortaya &ccedil;\u0131km\u0131\u015ft\u0131. T&uuml;rk Musevi Cemaati Lideri \u0130shak \u0130brahimzadeh ile birlikte &uuml;nl&uuml; Yahudi kurulu\u015flar\u0131 olan American Jewish Congress (Amerikan Yahudi Kongresi &#8211; AJC) ve Anti-Defamation League (\u0130ftira ve Karalama ile M&uuml;cadele Birli\u011fi &#8211; ADL) mensuplar\u0131n\u0131 9 \u015eubat 2016 g&uuml;n&uuml; kabul etti\u011fi anla\u015f\u0131lm\u0131\u015ft\u0131.<\/span><\/strong><\/p>\n<p style=\"margin-bottom: 0.0001pt; text-align: justify; text-indent: 1cm; line-height: 16pt;\"><strong><span style=\"font-size: 12pt; font-family: 'Arial',sans-serif;\">Sn. Cumhurba\u015fkan\u0131&#8217;n\u0131n ABD gezisi bize \u0130srail ziyaretini hat\u0131rlatm\u0131\u015ft\u0131!<\/span><\/strong><\/p>\n<p style=\"margin-bottom: 0.0001pt; text-align: justify; text-indent: 1cm; line-height: 16pt;\"><strong><span style=\"font-size: 12pt; font-family: 'Arial',sans-serif;\">Hat\u0131rlayacaks\u0131n\u0131z Sn. Tayyip Erdo\u011fan 1 ve 2 May\u0131s 2005 tarihlerinde \u0130srail i\u015fgal devletine bir ziyaret planlam\u0131\u015ft\u0131. Erdo\u011fan&#8217;\u0131n ziyareti Filistin &ouml;zerk y&ouml;netim b&ouml;lgesini de kapsamaktayd\u0131. Sn. Tayyip Erdo\u011fan&#8217;\u0131n ziyaret program\u0131n\u0131n birinci b&ouml;l&uuml;m&uuml; \u0130srail i\u015fgal devletine y&ouml;nelik olacakt\u0131. Ziyaretin bu b&ouml;l&uuml;m&uuml;nde Erdo\u011fan i\u015fgal devletinin Cumhurba\u015fkan\u0131 Mo\u015fe Katsav, Ba\u015fbakan\u0131 Ariel Sharon, Ba\u015fbakan K\u0131demli Yard\u0131mc\u0131s\u0131 \u015eimon Peres ve Ana Muhalefet Partisi SHINUI Ba\u015fkan\u0131 Yosef Lapid&#8217;le g&ouml;r&uuml;\u015fmeler yapacakt\u0131. Erdo\u011fan ayr\u0131ca &#8220;T&uuml;rk Yahudiler&#8221; olarak nitelendirilen T&uuml;rkiye g&ouml;&ccedil;meni Yahudilerle bulu\u015facakt\u0131. Erdo\u011fan&#8217;\u0131n \u0130srail ziyareti esnas\u0131nda muhtelif i\u015fbirli\u011fi anla\u015fmalar\u0131 da yap\u0131lacakt\u0131. Ba\u015fbakanl\u0131ktan verilen bilgilere g&ouml;re ziyarette T&uuml;rkiye-\u0130srail S\u0131nai, Ara\u015ft\u0131rma ve Geli\u015ftirme Alan\u0131nda \u0130\u015fbirli\u011fi Anla\u015fmas\u0131 imzalanacakt\u0131. Ancak i\u015fgal devleti yetkililerinin yapt\u0131\u011f\u0131 a&ccedil;\u0131klamalarda altm\u0131\u015f kadar anla\u015fman\u0131n g&uuml;ndeme getirilece\u011fi vurgulanm\u0131\u015ft\u0131. Bunlardan ne kadar\u0131 &uuml;zerinde &ouml;nceden ittifak sa\u011fland\u0131\u011f\u0131n\u0131 ve ne kadar\u0131n\u0131n imzaland\u0131\u011f\u0131n\u0131 ise yetkililerin a&ccedil;\u0131klamas\u0131 laz\u0131md\u0131.<\/span><\/strong><\/p>\n<p style=\"margin-bottom: 0.0001pt; text-align: justify; text-indent: 1cm; line-height: 16pt;\"><strong><span style=\"font-size: 12pt; font-family: 'Arial',sans-serif;\">Sn. Tayyip Erdo\u011fan&#8217;\u0131n \u0130srail i\u015fgal devletine y&ouml;nelik ziyaretine b&uuml;y&uuml;k bir kalabal\u0131k kat\u0131lm\u0131\u015ft\u0131. Milli Savunma Bakan\u0131 Vecdi G&ouml;n&uuml;l, Sanayi ve Ticaret Bakan\u0131 Ali Co\u015fkun, Tar\u0131m ve K&ouml;yi\u015fleri Bakan\u0131 Sami G&uuml;&ccedil;l&uuml;, Enerji ve Tabii Kaynaklar Bakan\u0131 Hilmi G&uuml;ler. Ayr\u0131ca ba\u015fbakanl\u0131k ve bakanl\u0131k m&uuml;ste\u015farlar\u0131ndan, milletvekillerinden ve i\u015fadamlar\u0131ndan bir&ccedil;ok ki\u015fi ziyaret program\u0131nda yer alm\u0131\u015ft\u0131. Ziyarete bunlar\u0131n yan\u0131 s\u0131ra kalabal\u0131k bir bas\u0131n grubu kat\u0131lm\u0131\u015ft\u0131. Tayyip Erdo\u011fan&#8217;\u0131n \u0130srail i\u015fgal devletine b&ouml;yle g&ouml;rkemli bir ziyaret yapmas\u0131nda T&uuml;rkiye&#8217;de \u0130srail yanl\u0131s\u0131 lobinin y&uuml;r&uuml;tt&uuml;\u011f&uuml; yo\u011fun propaganda faaliyetlerinin etkisinin oldu\u011fu anla\u015f\u0131lm\u0131\u015ft\u0131. &Ccedil;&uuml;nk&uuml; \u0130srail yanl\u0131s\u0131 lobinin i&ccedil;inde yer alanlar &ouml;zellikle son d&ouml;nemde, T&uuml;rkiye&#8217;nin Amerika&#8217;yla ili\u015fkilerini geli\u015ftirebilmesi i&ccedil;in \u0130srail&#8217;le ili\u015fkilerine &ouml;nem vermesi gerekti\u011fi y&ouml;n&uuml;nde etkileyici propaganda yapm\u0131\u015flard\u0131. Amerikan bas\u0131n\u0131nda T&uuml;rkiye&#8217;yi ve Ba\u015fbakan Tayyip Erdo\u011fan&#8217;\u0131 hedef al\u0131c\u0131 yay\u0131nlar\u0131n artmas\u0131ndan sonra s&ouml;z konusu propaganda faaliyetleri daha da yayg\u0131n bir hal alm\u0131\u015ft\u0131. Bu &ccedil;er&ccedil;evede T&uuml;rkiye&#8217;yi \u0130srail&#8217;in yan\u0131na itmeye &ccedil;al\u0131\u015fan lobi, Erdo\u011fan&#8217;\u0131n Amerika&#8217;yla aras\u0131n\u0131 d&uuml;zeltebilmesi i&ccedil;in \u0130srail&#8217;e yana\u015fmas\u0131n\u0131n \u015fart oldu\u011funu s\u0131k&ccedil;a vurgulamaya ba\u015flam\u0131\u015ft\u0131. Bu geli\u015fmeler Amerika&#8217;daki yay\u0131n faaliyetleriyle T&uuml;rkiye&#8217;deki lobi faaliyetlerinin ayn\u0131 merkezden y&ouml;nlendirildi\u011fi ger&ccedil;e\u011fini de ortaya koymaktayd\u0131.<\/span><\/strong><\/p>\n<p style=\"margin-bottom: 0.0001pt; text-align: justify; text-indent: 1cm; line-height: 16pt;\"><strong><span style=\"font-size: 12pt; font-family: 'Arial',sans-serif;\">Ve hele, An\u0131tkabir&#8217;de sayg\u0131 duru\u015funda bulunmay\u0131 <em>&#8220;sap gibi haz\u0131r olda beklemek&#8221;<\/em> sayanlar\u0131n Sultan Abd&uuml;lhamit Han&#8217;\u0131n ve Osmanl\u0131&#8217;n\u0131n y\u0131k\u0131l\u0131\u015f\u0131n\u0131 ve \u0130srail&#8217;in kurulu\u015funu haz\u0131rlayan Siyonist \u015eeytan Theodor Herzl&#8217;in y&uuml;ce makam\u0131nda hu\u015fu ve huzurla sayg\u0131 duru\u015funda bulunmalar\u0131 hi&ccedil; unutulmayacakt\u0131!<\/span><\/strong><\/p>\n<p style=\"margin-bottom: 0.0001pt; text-align: justify; text-indent: 1cm; line-height: 16pt;\"><strong><span style=\"font-size: 12pt; font-family: 'Arial',sans-serif;\">Yahudi Lobilerine yaranarak nereye var\u0131lacakt\u0131?<\/span><\/strong><\/p>\n<p style=\"margin-bottom: 0.0001pt; text-align: justify; text-indent: 1cm; line-height: 16pt;\"><!--[if gte mso 9]><xml>  <o:OfficeDocumentSettings>   <o:RelyOnVML\/>   <o:AllowPNG\/>   <o:TargetScreenSize>800x600<\/o:TargetScreenSize>  <\/o:OfficeDocumentSettings> <\/xml><![endif]--><\/p>\n<p style=\"margin-bottom: 0.0001pt; text-align: justify; text-indent: 1cm; line-height: 16pt;\"><!--[if gte mso 9]><xml>  <w:WordDocument>   <w:View>Normal<\/w:View>   <w:Zoom>0<\/w:Zoom>   <w:TrackMoves\/>   <w:TrackFormatting\/>   <w:DoNotShowPropertyChanges\/>   <w:HyphenationZone>21<\/w:HyphenationZone>   <w:PunctuationKerning\/>   <w:ValidateAgainstSchemas\/>   <w:SaveIfXMLInvalid>false<\/w:SaveIfXMLInvalid>   <w:IgnoreMixedContent>false<\/w:IgnoreMixedContent>   <w:AlwaysShowPlaceholderText>false<\/w:AlwaysShowPlaceholderText>   <w:DoNotPromoteQF\/>   <w:LidThemeOther>TR<\/w:LidThemeOther>   <w:LidThemeAsian>X-NONE<\/w:LidThemeAsian>   <w:LidThemeComplexScript>X-NONE<\/w:LidThemeComplexScript>   <w:Compatibility>    <w:BreakWrappedTables\/>    <w:SnapToGridInCell\/>    <w:WrapTextWithPunct\/>    <w:UseAsianBreakRules\/>    <w:DontGrowAutofit\/>    <w:SplitPgBreakAndParaMark\/>    <w:EnableOpenTypeKerning\/>    <w:DontFlipMirrorIndents\/>    <w:OverrideTableStyleHps\/>   <\/w:Compatibility>   <m:mathPr>    <m:mathFont m:val=\"Cambria Math\"\/>    <m:brkBin m:val=\"before\"\/>    <m:brkBinSub m:val=\"&#45;-\"\/>    <m:smallFrac m:val=\"off\"\/>    <m:dispDef\/>    <m:lMargin m:val=\"0\"\/>    <m:rMargin m:val=\"0\"\/>    <m:defJc m:val=\"centerGroup\"\/>    <m:wrapIndent m:val=\"1440\"\/>    <m:intLim m:val=\"subSup\"\/>    <m:naryLim m:val=\"undOvr\"\/>   <\/m:mathPr><\/w:WordDocument> <\/xml><![endif]--><!--[if gte mso 9]><xml>  <w:LatentStyles DefLockedState=\"false\" DefUnhideWhenUsed=\"true\"   DefSemiHidden=\"true\" DefQFormat=\"false\" DefPriority=\"99\"   LatentStyleCount=\"267\">   <w:LsdException Locked=\"false\" Priority=\"0\" SemiHidden=\"false\"    UnhideWhenUsed=\"false\" QFormat=\"true\" Name=\"Normal\"\/>   <w:LsdException Locked=\"false\" Priority=\"9\" SemiHidden=\"false\"    UnhideWhenUsed=\"false\" QFormat=\"true\" Name=\"heading 1\"\/>   <w:LsdException Locked=\"false\" Priority=\"9\" QFormat=\"true\" Name=\"heading 2\"\/>   <w:LsdException Locked=\"false\" Priority=\"9\" QFormat=\"true\" Name=\"heading 3\"\/>   <w:LsdException Locked=\"false\" Priority=\"9\" QFormat=\"true\" Name=\"heading 4\"\/>   <w:LsdException Locked=\"false\" Priority=\"9\" QFormat=\"true\" Name=\"heading 5\"\/>   <w:LsdException Locked=\"false\" Priority=\"9\" QFormat=\"true\" Name=\"heading 6\"\/>   <w:LsdException Locked=\"false\" Priority=\"9\" QFormat=\"true\" Name=\"heading 7\"\/>   <w:LsdException Locked=\"false\" Priority=\"9\" QFormat=\"true\" Name=\"heading 8\"\/>   <w:LsdException Locked=\"false\" Priority=\"9\" QFormat=\"true\" Name=\"heading 9\"\/>   <w:LsdException Locked=\"false\" Priority=\"39\" Name=\"toc 1\"\/>   <w:LsdException Locked=\"false\" Priority=\"39\" Name=\"toc 2\"\/>   <w:LsdException Locked=\"false\" Priority=\"39\" Name=\"toc 3\"\/>   <w:LsdException Locked=\"false\" Priority=\"39\" Name=\"toc 4\"\/>   <w:LsdException Locked=\"false\" Priority=\"39\" Name=\"toc 5\"\/>   <w:LsdException Locked=\"false\" Priority=\"39\" Name=\"toc 6\"\/>   <w:LsdException Locked=\"false\" Priority=\"39\" Name=\"toc 7\"\/>   <w:LsdException Locked=\"false\" Priority=\"39\" Name=\"toc 8\"\/>   <w:LsdException Locked=\"false\" Priority=\"39\" Name=\"toc 9\"\/>   <w:LsdException Locked=\"false\" Priority=\"35\" QFormat=\"true\" Name=\"caption\"\/>   <w:LsdException Locked=\"false\" Priority=\"10\" SemiHidden=\"false\"    UnhideWhenUsed=\"false\" QFormat=\"true\" Name=\"Title\"\/>   <w:LsdException Locked=\"false\" Priority=\"1\" Name=\"Default Paragraph Font\"\/>   <w:LsdException Locked=\"false\" Priority=\"11\" SemiHidden=\"false\"    UnhideWhenUsed=\"false\" QFormat=\"true\" Name=\"Subtitle\"\/>   <w:LsdException Locked=\"false\" Priority=\"22\" SemiHidden=\"false\"    UnhideWhenUsed=\"false\" QFormat=\"true\" Name=\"Strong\"\/>   <w:LsdException Locked=\"false\" Priority=\"20\" SemiHidden=\"false\"    UnhideWhenUsed=\"false\" QFormat=\"true\" Name=\"Emphasis\"\/>   <w:LsdException Locked=\"false\" Priority=\"59\" SemiHidden=\"false\"    UnhideWhenUsed=\"false\" Name=\"Table Grid\"\/>   <w:LsdException Locked=\"false\" UnhideWhenUsed=\"false\" Name=\"Placeholder Text\"\/>   <w:LsdException Locked=\"false\" Priority=\"1\" SemiHidden=\"false\"    UnhideWhenUsed=\"false\" QFormat=\"true\" Name=\"No Spacing\"\/>   <w:LsdException Locked=\"false\" Priority=\"60\" SemiHidden=\"false\"    UnhideWhenUsed=\"false\" Name=\"Light Shading\"\/>   <w:LsdException Locked=\"false\" Priority=\"61\" SemiHidden=\"false\"    UnhideWhenUsed=\"false\" Name=\"Light List\"\/>   <w:LsdException Locked=\"false\" Priority=\"62\" SemiHidden=\"false\"    UnhideWhenUsed=\"false\" Name=\"Light Grid\"\/>   <w:LsdException Locked=\"false\" Priority=\"63\" SemiHidden=\"false\"    UnhideWhenUsed=\"false\" Name=\"Medium Shading 1\"\/>   <w:LsdException Locked=\"false\" Priority=\"64\" SemiHidden=\"false\"    UnhideWhenUsed=\"false\" Name=\"Medium Shading 2\"\/>   <w:LsdException Locked=\"false\" Priority=\"65\" SemiHidden=\"false\"    UnhideWhenUsed=\"false\" Name=\"Medium List 1\"\/>   <w:LsdException Locked=\"false\" Priority=\"66\" SemiHidden=\"false\"    UnhideWhenUsed=\"false\" Name=\"Medium List 2\"\/>   <w:LsdException Locked=\"false\" Priority=\"67\" SemiHidden=\"false\"    UnhideWhenUsed=\"false\" Name=\"Medium Grid 1\"\/>   <w:LsdException Locked=\"false\" Priority=\"68\" SemiHidden=\"false\"    UnhideWhenUsed=\"false\" Name=\"Medium Grid 2\"\/>   <w:LsdException Locked=\"false\" Priority=\"69\" SemiHidden=\"false\"    UnhideWhenUsed=\"false\" Name=\"Medium Grid 3\"\/>   <w:LsdException Locked=\"false\" Priority=\"70\" SemiHidden=\"false\"    UnhideWhenUsed=\"false\" Name=\"Dark List\"\/>   <w:LsdException Locked=\"false\" Priority=\"71\" SemiHidden=\"false\"    UnhideWhenUsed=\"false\" Name=\"Colorful Shading\"\/>   <w:LsdException Locked=\"false\" Priority=\"72\" SemiHidden=\"false\"    UnhideWhenUsed=\"false\" Name=\"Colorful List\"\/>   <w:LsdException Locked=\"false\" Priority=\"73\" SemiHidden=\"false\"    UnhideWhenUsed=\"false\" Name=\"Colorful Grid\"\/>   <w:LsdException Locked=\"false\" Priority=\"60\" SemiHidden=\"false\"    UnhideWhenUsed=\"false\" Name=\"Light Shading Accent 1\"\/>   <w:LsdException Locked=\"false\" Priority=\"61\" SemiHidden=\"false\"    UnhideWhenUsed=\"false\" Name=\"Light List Accent 1\"\/>   <w:LsdException Locked=\"false\" Priority=\"62\" SemiHidden=\"false\"    UnhideWhenUsed=\"false\" Name=\"Light Grid Accent 1\"\/>   <w:LsdException Locked=\"false\" Priority=\"63\" SemiHidden=\"false\"    UnhideWhenUsed=\"false\" Name=\"Medium Shading 1 Accent 1\"\/>   <w:LsdException Locked=\"false\" Priority=\"64\" SemiHidden=\"false\"    UnhideWhenUsed=\"false\" Name=\"Medium Shading 2 Accent 1\"\/>   <w:LsdException Locked=\"false\" Priority=\"65\" SemiHidden=\"false\"    UnhideWhenUsed=\"false\" Name=\"Medium List 1 Accent 1\"\/>   <w:LsdException Locked=\"false\" UnhideWhenUsed=\"false\" Name=\"Revision\"\/>   <w:LsdException Locked=\"false\" Priority=\"34\" SemiHidden=\"false\"    UnhideWhenUsed=\"false\" QFormat=\"true\" Name=\"List Paragraph\"\/>   <w:LsdException Locked=\"false\" Priority=\"29\" SemiHidden=\"false\"    UnhideWhenUsed=\"false\" QFormat=\"true\" Name=\"Quote\"\/>   <w:LsdException Locked=\"false\" Priority=\"30\" SemiHidden=\"false\"    UnhideWhenUsed=\"false\" QFormat=\"true\" Name=\"Intense Quote\"\/>   <w:LsdException Locked=\"false\" Priority=\"66\" SemiHidden=\"false\"    UnhideWhenUsed=\"false\" Name=\"Medium List 2 Accent 1\"\/>   <w:LsdException Locked=\"false\" Priority=\"67\" SemiHidden=\"false\"    UnhideWhenUsed=\"false\" Name=\"Medium Grid 1 Accent 1\"\/>   <w:LsdException Locked=\"false\" Priority=\"68\" SemiHidden=\"false\"    UnhideWhenUsed=\"false\" Name=\"Medium Grid 2 Accent 1\"\/>   <w:LsdException Locked=\"false\" Priority=\"69\" SemiHidden=\"false\"    UnhideWhenUsed=\"false\" Name=\"Medium Grid 3 Accent 1\"\/>   <w:LsdException Locked=\"false\" Priority=\"70\" SemiHidden=\"false\"    UnhideWhenUsed=\"false\" Name=\"Dark List Accent 1\"\/>   <w:LsdException Locked=\"false\" Priority=\"71\" SemiHidden=\"false\"    UnhideWhenUsed=\"false\" Name=\"Colorful Shading Accent 1\"\/>   <w:LsdException Locked=\"false\" Priority=\"72\" SemiHidden=\"false\"    UnhideWhenUsed=\"false\" Name=\"Colorful List Accent 1\"\/>   <w:LsdException Locked=\"false\" Priority=\"73\" SemiHidden=\"false\"    UnhideWhenUsed=\"false\" Name=\"Colorful Grid Accent 1\"\/>   <w:LsdException Locked=\"false\" Priority=\"60\" SemiHidden=\"false\"    UnhideWhenUsed=\"false\" Name=\"Light Shading Accent 2\"\/>   <w:LsdException Locked=\"false\" Priority=\"61\" SemiHidden=\"false\"    UnhideWhenUsed=\"false\" Name=\"Light List Accent 2\"\/>   <w:LsdException Locked=\"false\" Priority=\"62\" SemiHidden=\"false\"    UnhideWhenUsed=\"false\" Name=\"Light Grid Accent 2\"\/>   <w:LsdException Locked=\"false\" Priority=\"63\" SemiHidden=\"false\"    UnhideWhenUsed=\"false\" Name=\"Medium Shading 1 Accent 2\"\/>   <w:LsdException Locked=\"false\" Priority=\"64\" SemiHidden=\"false\"    UnhideWhenUsed=\"false\" Name=\"Medium Shading 2 Accent 2\"\/>   <w:LsdException Locked=\"false\" Priority=\"65\" SemiHidden=\"false\"    UnhideWhenUsed=\"false\" Name=\"Medium List 1 Accent 2\"\/>   <w:LsdException Locked=\"false\" Priority=\"66\" SemiHidden=\"false\"    UnhideWhenUsed=\"false\" Name=\"Medium List 2 Accent 2\"\/>   <w:LsdException Locked=\"false\" Priority=\"67\" SemiHidden=\"false\"    UnhideWhenUsed=\"false\" Name=\"Medium Grid 1 Accent 2\"\/>   <w:LsdException Locked=\"false\" Priority=\"68\" SemiHidden=\"false\"    UnhideWhenUsed=\"false\" Name=\"Medium Grid 2 Accent 2\"\/>   <w:LsdException Locked=\"false\" Priority=\"69\" SemiHidden=\"false\"    UnhideWhenUsed=\"false\" Name=\"Medium Grid 3 Accent 2\"\/>   <w:LsdException Locked=\"false\" Priority=\"70\" SemiHidden=\"false\"    UnhideWhenUsed=\"false\" Name=\"Dark List Accent 2\"\/>   <w:LsdException Locked=\"false\" Priority=\"71\" SemiHidden=\"false\"    UnhideWhenUsed=\"false\" Name=\"Colorful Shading Accent 2\"\/>   <w:LsdException Locked=\"false\" Priority=\"72\" SemiHidden=\"false\"    UnhideWhenUsed=\"false\" Name=\"Colorful List Accent 2\"\/>   <w:LsdException Locked=\"false\" Priority=\"73\" SemiHidden=\"false\"    UnhideWhenUsed=\"false\" Name=\"Colorful Grid Accent 2\"\/>   <w:LsdException Locked=\"false\" Priority=\"60\" SemiHidden=\"false\"    UnhideWhenUsed=\"false\" Name=\"Light Shading Accent 3\"\/>   <w:LsdException Locked=\"false\" Priority=\"61\" SemiHidden=\"false\"    UnhideWhenUsed=\"false\" Name=\"Light List Accent 3\"\/>   <w:LsdException Locked=\"false\" Priority=\"62\" SemiHidden=\"false\"    UnhideWhenUsed=\"false\" Name=\"Light Grid Accent 3\"\/>   <w:LsdException Locked=\"false\" Priority=\"63\" SemiHidden=\"false\"    UnhideWhenUsed=\"false\" Name=\"Medium Shading 1 Accent 3\"\/>   <w:LsdException Locked=\"false\" Priority=\"64\" SemiHidden=\"false\"    UnhideWhenUsed=\"false\" Name=\"Medium Shading 2 Accent 3\"\/>   <w:LsdException Locked=\"false\" Priority=\"65\" SemiHidden=\"false\"    UnhideWhenUsed=\"false\" Name=\"Medium List 1 Accent 3\"\/>   <w:LsdException Locked=\"false\" Priority=\"66\" SemiHidden=\"false\"    UnhideWhenUsed=\"false\" Name=\"Medium List 2 Accent 3\"\/>   <w:LsdException Locked=\"false\" Priority=\"67\" SemiHidden=\"false\"    UnhideWhenUsed=\"false\" Name=\"Medium Grid 1 Accent 3\"\/>   <w:LsdException Locked=\"false\" Priority=\"68\" SemiHidden=\"false\"    UnhideWhenUsed=\"false\" Name=\"Medium Grid 2 Accent 3\"\/>   <w:LsdException Locked=\"false\" Priority=\"69\" SemiHidden=\"false\"    UnhideWhenUsed=\"false\" Name=\"Medium Grid 3 Accent 3\"\/>   <w:LsdException Locked=\"false\" Priority=\"70\" SemiHidden=\"false\"    UnhideWhenUsed=\"false\" Name=\"Dark List Accent 3\"\/>   <w:LsdException Locked=\"false\" Priority=\"71\" SemiHidden=\"false\"    UnhideWhenUsed=\"false\" Name=\"Colorful Shading Accent 3\"\/>   <w:LsdException Locked=\"false\" Priority=\"72\" SemiHidden=\"false\"    UnhideWhenUsed=\"false\" Name=\"Colorful List Accent 3\"\/>   <w:LsdException Locked=\"false\" Priority=\"73\" SemiHidden=\"false\"    UnhideWhenUsed=\"false\" Name=\"Colorful Grid Accent 3\"\/>   <w:LsdException Locked=\"false\" Priority=\"60\" SemiHidden=\"false\"    UnhideWhenUsed=\"false\" Name=\"Light Shading Accent 4\"\/>   <w:LsdException Locked=\"false\" Priority=\"61\" SemiHidden=\"false\"    UnhideWhenUsed=\"false\" Name=\"Light List Accent 4\"\/>   <w:LsdException Locked=\"false\" Priority=\"62\" SemiHidden=\"false\"    UnhideWhenUsed=\"false\" Name=\"Light Grid Accent 4\"\/>   <w:LsdException Locked=\"false\" Priority=\"63\" SemiHidden=\"false\"    UnhideWhenUsed=\"false\" Name=\"Medium Shading 1 Accent 4\"\/>   <w:LsdException Locked=\"false\" Priority=\"64\" SemiHidden=\"false\"    UnhideWhenUsed=\"false\" Name=\"Medium Shading 2 Accent 4\"\/>   <w:LsdException Locked=\"false\" Priority=\"65\" SemiHidden=\"false\"    UnhideWhenUsed=\"false\" Name=\"Medium List 1 Accent 4\"\/>   <w:LsdException Locked=\"false\" Priority=\"66\" SemiHidden=\"false\"    UnhideWhenUsed=\"false\" Name=\"Medium List 2 Accent 4\"\/>   <w:LsdException Locked=\"false\" Priority=\"67\" SemiHidden=\"false\"    UnhideWhenUsed=\"false\" Name=\"Medium Grid 1 Accent 4\"\/>   <w:LsdException Locked=\"false\" Priority=\"68\" SemiHidden=\"false\"    UnhideWhenUsed=\"false\" Name=\"Medium Grid 2 Accent 4\"\/>   <w:LsdException Locked=\"false\" Priority=\"69\" SemiHidden=\"false\"    UnhideWhenUsed=\"false\" Name=\"Medium Grid 3 Accent 4\"\/>   <w:LsdException Locked=\"false\" Priority=\"70\" SemiHidden=\"false\"    UnhideWhenUsed=\"false\" Name=\"Dark List Accent 4\"\/>   <w:LsdException Locked=\"false\" Priority=\"71\" SemiHidden=\"false\"    UnhideWhenUsed=\"false\" Name=\"Colorful Shading Accent 4\"\/>   <w:LsdException Locked=\"false\" Priority=\"72\" SemiHidden=\"false\"    UnhideWhenUsed=\"false\" Name=\"Colorful List Accent 4\"\/>   <w:LsdException Locked=\"false\" Priority=\"73\" SemiHidden=\"false\"    UnhideWhenUsed=\"false\" Name=\"Colorful Grid Accent 4\"\/>   <w:LsdException Locked=\"false\" Priority=\"60\" SemiHidden=\"false\"    UnhideWhenUsed=\"false\" Name=\"Light Shading Accent 5\"\/>   <w:LsdException Locked=\"false\" Priority=\"61\" SemiHidden=\"false\"    UnhideWhenUsed=\"false\" Name=\"Light List Accent 5\"\/>   <w:LsdException Locked=\"false\" Priority=\"62\" SemiHidden=\"false\"    UnhideWhenUsed=\"false\" Name=\"Light Grid Accent 5\"\/>   <w:LsdException Locked=\"false\" Priority=\"63\" SemiHidden=\"false\"    UnhideWhenUsed=\"false\" Name=\"Medium Shading 1 Accent 5\"\/>   <w:LsdException Locked=\"false\" Priority=\"64\" SemiHidden=\"false\"    UnhideWhenUsed=\"false\" Name=\"Medium Shading 2 Accent 5\"\/>   <w:LsdException Locked=\"false\" Priority=\"65\" SemiHidden=\"false\"    UnhideWhenUsed=\"false\" Name=\"Medium List 1 Accent 5\"\/>   <w:LsdException Locked=\"false\" Priority=\"66\" SemiHidden=\"false\"    UnhideWhenUsed=\"false\" Name=\"Medium List 2 Accent 5\"\/>   <w:LsdException Locked=\"false\" Priority=\"67\" SemiHidden=\"false\"    UnhideWhenUsed=\"false\" Name=\"Medium Grid 1 Accent 5\"\/>   <w:LsdException Locked=\"false\" Priority=\"68\" SemiHidden=\"false\"    UnhideWhenUsed=\"false\" Name=\"Medium Grid 2 Accent 5\"\/>   <w:LsdException Locked=\"false\" Priority=\"69\" SemiHidden=\"false\"    UnhideWhenUsed=\"false\" Name=\"Medium Grid 3 Accent 5\"\/>   <w:LsdException Locked=\"false\" Priority=\"70\" SemiHidden=\"false\"    UnhideWhenUsed=\"false\" Name=\"Dark List Accent 5\"\/>   <w:LsdException Locked=\"false\" Priority=\"71\" SemiHidden=\"false\"    UnhideWhenUsed=\"false\" Name=\"Colorful Shading Accent 5\"\/>   <w:LsdException Locked=\"false\" Priority=\"72\" SemiHidden=\"false\"    UnhideWhenUsed=\"false\" Name=\"Colorful List Accent 5\"\/>   <w:LsdException Locked=\"false\" Priority=\"73\" SemiHidden=\"false\"    UnhideWhenUsed=\"false\" Name=\"Colorful Grid Accent 5\"\/>   <w:LsdException Locked=\"false\" Priority=\"60\" SemiHidden=\"false\"    UnhideWhenUsed=\"false\" Name=\"Light Shading Accent 6\"\/>   <w:LsdException Locked=\"false\" Priority=\"61\" SemiHidden=\"false\"    UnhideWhenUsed=\"false\" Name=\"Light List Accent 6\"\/>   <w:LsdException Locked=\"false\" Priority=\"62\" SemiHidden=\"false\"    UnhideWhenUsed=\"false\" Name=\"Light Grid Accent 6\"\/>   <w:LsdException Locked=\"false\" Priority=\"63\" SemiHidden=\"false\"    UnhideWhenUsed=\"false\" Name=\"Medium Shading 1 Accent 6\"\/>   <w:LsdException Locked=\"false\" Priority=\"64\" SemiHidden=\"false\"    UnhideWhenUsed=\"false\" Name=\"Medium Shading 2 Accent 6\"\/>   <w:LsdException Locked=\"false\" Priority=\"65\" SemiHidden=\"false\"    UnhideWhenUsed=\"false\" Name=\"Medium List 1 Accent 6\"\/>   <w:LsdException Locked=\"false\" Priority=\"66\" SemiHidden=\"false\"    UnhideWhenUsed=\"false\" Name=\"Medium List 2 Accent 6\"\/>   <w:LsdException Locked=\"false\" Priority=\"67\" SemiHidden=\"false\"    UnhideWhenUsed=\"false\" Name=\"Medium Grid 1 Accent 6\"\/>   <w:LsdException Locked=\"false\" Priority=\"68\" SemiHidden=\"false\"    UnhideWhenUsed=\"false\" Name=\"Medium Grid 2 Accent 6\"\/>   <w:LsdException Locked=\"false\" Priority=\"69\" SemiHidden=\"false\"    UnhideWhenUsed=\"false\" Name=\"Medium Grid 3 Accent 6\"\/>   <w:LsdException Locked=\"false\" Priority=\"70\" SemiHidden=\"false\"    UnhideWhenUsed=\"false\" Name=\"Dark List Accent 6\"\/>   <w:LsdException Locked=\"false\" Priority=\"71\" SemiHidden=\"false\"    UnhideWhenUsed=\"false\" Name=\"Colorful Shading Accent 6\"\/>   <w:LsdException Locked=\"false\" Priority=\"72\" SemiHidden=\"false\"    UnhideWhenUsed=\"false\" Name=\"Colorful List Accent 6\"\/>   <w:LsdException Locked=\"false\" Priority=\"73\" SemiHidden=\"false\"    UnhideWhenUsed=\"false\" Name=\"Colorful Grid Accent 6\"\/>   <w:LsdException Locked=\"false\" Priority=\"19\" SemiHidden=\"false\"    UnhideWhenUsed=\"false\" QFormat=\"true\" Name=\"Subtle Emphasis\"\/>   <w:LsdException Locked=\"false\" Priority=\"21\" SemiHidden=\"false\"    UnhideWhenUsed=\"false\" QFormat=\"true\" Name=\"Intense Emphasis\"\/>   <w:LsdException Locked=\"false\" Priority=\"31\" SemiHidden=\"false\"    UnhideWhenUsed=\"false\" QFormat=\"true\" Name=\"Subtle Reference\"\/>   <w:LsdException Locked=\"false\" Priority=\"32\" SemiHidden=\"false\"    UnhideWhenUsed=\"false\" QFormat=\"true\" Name=\"Intense Reference\"\/>   <w:LsdException Locked=\"false\" Priority=\"33\" SemiHidden=\"false\"    UnhideWhenUsed=\"false\" QFormat=\"true\" Name=\"Book Title\"\/>   <w:LsdException Locked=\"false\" Priority=\"37\" Name=\"Bibliography\"\/>   <w:LsdException Locked=\"false\" Priority=\"39\" QFormat=\"true\" Name=\"TOC Heading\"\/>  <\/w:LatentStyles> <\/xml><![endif]--><!--[if gte mso 10]>  <![endif]--><strong style=\"mso-bidi-font-weight: normal;\"><span style=\"font-size: 12.0pt; line-height: 115%; font-family: 'Arial','sans-serif'; mso-fareast-font-family: 'Times New Roman'; mso-ansi-language: TR; mso-fareast-language: TR; mso-bidi-language: AR-SA;\">Cumhurba\u015fkan\u0131 Erdo\u011fan Amerika&#8217;da Yahudi kurulu\u015flar\u0131n\u0131n ileri gelenleriyle g&ouml;r&uuml;\u015fmenin olumlu ge&ccedil;mesi, yerli u\u015faklar\u0131n\u0131 rahatland\u0131rm\u0131\u015ft\u0131. Bu kurulu\u015flar aras\u0131nda hayli &ouml;nemli ve etkili &ldquo;Anti- Defamation League&rdquo; de vard\u0131. (Yahudi Kar\u015f\u0131tl\u0131\u011f\u0131yla M&uuml;cadele Derne\u011fi) Cumhurba\u015fkan\u0131 daha &ouml;nce de Ankara&rsquo;da yine &ouml;nde gelen bir Amerikal\u0131 Yahudi heyetini Sarayda kabul ederek g&ouml;r&uuml;\u015fm&uuml;\u015f ve anla\u015fm\u0131\u015flard\u0131. T&uuml;rkiye ge&ccedil;en Ocak ay\u0131nda d\u0131\u015f d&uuml;nyada imaj &ccedil;al\u0131\u015fmas\u0131 i&ccedil;in Amerika&rsquo;daki Yahudi \u015firketleriyle ticari s&ouml;zle\u015fme imzalad\u0131\u011f\u0131nda, D\u0131\u015fi\u015fleri Bakan\u0131 Mevl&uuml;t &Ccedil;avu\u015fo\u011flu \u015fu a&ccedil;\u0131klamay\u0131 yapm\u0131\u015ft\u0131: &ldquo;<em style=\"mso-bidi-font-style: normal;\">Yurtd\u0131\u015f\u0131nda baz\u0131 lobi \u015firketleriyle anla\u015ft\u0131k, bunu AK Parti i&ccedil;in de\u011fil, T&uuml;rkiye&rsquo;nin imaj\u0131 i&ccedil;in yapt\u0131k. H\u0131ristiyan olunca iyi, Musevi olunca m\u0131 k&ouml;t&uuml;?&rdquo; <\/em>(11 \u015eubat 2016) Bu s&ouml;zler AKP&#8217;nin Yahudi ve Ha&ccedil;l\u0131 Lobilere teslimiyete mazeret k\u0131l\u0131f\u0131yd\u0131. Ayar\u0131 ve amac\u0131 malum H&uuml;rriyet&#8217;ten Taha Akyol&#8217;un: <em style=\"mso-bidi-font-style: normal;\">&#8220;Cumhurba\u015fkan\u0131 Erdo\u011fan&rsquo;\u0131n Yahudi lobileriyle yeniden s\u0131cak ili\u015fkiler kurmas\u0131 &ccedil;ok isabetlidir. Erdo\u011fan&rsquo;\u0131n \u015fu s&ouml;z&uuml; de isabetlidir: &ldquo;\u0130srail ve T&uuml;rkiye&rsquo;nin birbirine ihtiyac\u0131 var&rdquo;<\/em> (2 Ocak 2016) sevinci her \u015feyi ortaya koymaktad\u0131r. Tabii iki &uuml;lkenin birbirine ihtiyac\u0131 2016&rsquo;da ba\u015flamad\u0131, &ouml;teden beri b&ouml;yleydi (b&ouml;yle olmal\u0131yd\u0131!?) Nitekim Erdo\u011fan Ba\u015fbakanl\u0131\u011f\u0131 d&ouml;neminde 2004 y\u0131l\u0131nda ayn\u0131 &ldquo;Anti- Defamation&rdquo; adl\u0131 Yahudi lobisinin ve &ldquo;Amerikan Yahudi Kongresi&rdquo;nin &ldquo;&Uuml;st&uuml;n Cesaret&rdquo; madalyalar\u0131n\u0131 alm\u0131\u015ft\u0131. Hatta Erdo\u011fan d&ouml;neminde T&uuml;rkiye-\u0130srail ili\u015fkileri, Esad rejimiyle \u0130srail&rsquo;i bar\u0131\u015ft\u0131rma noktas\u0131na kadar ula\u015fm\u0131\u015ft\u0131.&#8221;<\/span><\/strong><\/p>\n<p>&nbsp;<\/p>\n<hr style=\"text-align: left;\" size=\"1\" width=\"33%\" \/>\n<p style=\"margin-bottom: 0.0001pt; line-height: normal;\"><span style=\"font-size: 10pt;\"><a href=\"#ftnref1\" id=\"ftnref1\" name=\"ftn1\" style=\"vertical-align: super;\">[1]<\/a><span style=\"font-family: 'Arial',sans-serif;\"> 30.03.2016, Levent G&uuml;ltekin<\/span><\/span><\/p>\n<p> <!--[if gte mso 9]><xml>  <o:OfficeDocumentSettings>   <o:RelyOnVML\/>   <o:AllowPNG\/>   <o:TargetScreenSize>800x600<\/o:TargetScreenSize>  <\/o:OfficeDocumentSettings> <\/xml><![endif]--> <\/p>\n<p><strong style=\"mso-bidi-font-weight: normal;\"><span style=\"font-size: 10.0pt; line-height: 115%; font-family: 'Arial','sans-serif'; mso-fareast-font-family: 'Times New Roman'; mso-ansi-language: TR; mso-fareast-language: TR; mso-bidi-language: AR-SA;\"><br \/><\/span><span style=\"font-size: 10.0pt; line-height: 115%; font-family: 'Arial','sans-serif'; mso-fareast-font-family: 'Times New Roman'; mso-ansi-language: TR; mso-fareast-language: TR; mso-bidi-language: AR-SA;\"><\/span><\/strong><\/p>\n<p> <!--[if gte mso 9]><xml>  <w:WordDocument>   <w:View>Normal<\/w:View>   <w:Zoom>0<\/w:Zoom>   <w:TrackMoves\/>   <w:TrackFormatting\/>   <w:DoNotShowPropertyChanges\/>   <w:HyphenationZone>21<\/w:HyphenationZone>   <w:PunctuationKerning\/>   <w:ValidateAgainstSchemas\/>   <w:SaveIfXMLInvalid>false<\/w:SaveIfXMLInvalid>   <w:IgnoreMixedContent>false<\/w:IgnoreMixedContent>   <w:AlwaysShowPlaceholderText>false<\/w:AlwaysShowPlaceholderText>   <w:DoNotPromoteQF\/>   <w:LidThemeOther>TR<\/w:LidThemeOther>   <w:LidThemeAsian>X-NONE<\/w:LidThemeAsian>   <w:LidThemeComplexScript>X-NONE<\/w:LidThemeComplexScript>   <w:Compatibility>    <w:BreakWrappedTables\/>    <w:SnapToGridInCell\/>    <w:WrapTextWithPunct\/>    <w:UseAsianBreakRules\/>    <w:DontGrowAutofit\/>    <w:SplitPgBreakAndParaMark\/>    <w:EnableOpenTypeKerning\/>    <w:DontFlipMirrorIndents\/>    <w:OverrideTableStyleHps\/>   <\/w:Compatibility>   <m:mathPr>    <m:mathFont m:val=\"Cambria Math\"\/>    <m:brkBin m:val=\"before\"\/>    <m:brkBinSub m:val=\"&#45;-\"\/>    <m:smallFrac m:val=\"off\"\/>    <m:dispDef\/>    <m:lMargin m:val=\"0\"\/>    <m:rMargin m:val=\"0\"\/>    <m:defJc m:val=\"centerGroup\"\/>    <m:wrapIndent m:val=\"1440\"\/>    <m:intLim m:val=\"subSup\"\/>    <m:naryLim m:val=\"undOvr\"\/>   <\/m:mathPr><\/w:WordDocument> <\/xml><![endif]--><!--[if gte mso 9]><xml>  <w:LatentStyles DefLockedState=\"false\" DefUnhideWhenUsed=\"true\"   DefSemiHidden=\"true\" DefQFormat=\"false\" DefPriority=\"99\"   LatentStyleCount=\"267\">   <w:LsdException Locked=\"false\" Priority=\"0\" SemiHidden=\"false\"    UnhideWhenUsed=\"false\" QFormat=\"true\" Name=\"Normal\"\/>   <w:LsdException Locked=\"false\" Priority=\"9\" SemiHidden=\"false\"    UnhideWhenUsed=\"false\" QFormat=\"true\" Name=\"heading 1\"\/>   <w:LsdException Locked=\"false\" Priority=\"9\" QFormat=\"true\" Name=\"heading 2\"\/>   <w:LsdException Locked=\"false\" Priority=\"9\" QFormat=\"true\" Name=\"heading 3\"\/>   <w:LsdException Locked=\"false\" Priority=\"9\" QFormat=\"true\" Name=\"heading 4\"\/>   <w:LsdException Locked=\"false\" Priority=\"9\" QFormat=\"true\" Name=\"heading 5\"\/>   <w:LsdException Locked=\"false\" Priority=\"9\" QFormat=\"true\" Name=\"heading 6\"\/>   <w:LsdException Locked=\"false\" Priority=\"9\" QFormat=\"true\" Name=\"heading 7\"\/>   <w:LsdException Locked=\"false\" Priority=\"9\" QFormat=\"true\" Name=\"heading 8\"\/>   <w:LsdException Locked=\"false\" Priority=\"9\" QFormat=\"true\" Name=\"heading 9\"\/>   <w:LsdException Locked=\"false\" Priority=\"39\" Name=\"toc 1\"\/>   <w:LsdException Locked=\"false\" Priority=\"39\" Name=\"toc 2\"\/>   <w:LsdException Locked=\"false\" Priority=\"39\" Name=\"toc 3\"\/>   <w:LsdException Locked=\"false\" Priority=\"39\" Name=\"toc 4\"\/>   <w:LsdException Locked=\"false\" Priority=\"39\" Name=\"toc 5\"\/>   <w:LsdException Locked=\"false\" Priority=\"39\" Name=\"toc 6\"\/>   <w:LsdException Locked=\"false\" Priority=\"39\" Name=\"toc 7\"\/>   <w:LsdException Locked=\"false\" Priority=\"39\" Name=\"toc 8\"\/>   <w:LsdException Locked=\"false\" Priority=\"39\" Name=\"toc 9\"\/>   <w:LsdException Locked=\"false\" Priority=\"35\" QFormat=\"true\" Name=\"caption\"\/>   <w:LsdException Locked=\"false\" Priority=\"10\" SemiHidden=\"false\"    UnhideWhenUsed=\"false\" QFormat=\"true\" Name=\"Title\"\/>   <w:LsdException Locked=\"false\" Priority=\"1\" Name=\"Default Paragraph Font\"\/>   <w:LsdException Locked=\"false\" Priority=\"11\" SemiHidden=\"false\"    UnhideWhenUsed=\"false\" QFormat=\"true\" Name=\"Subtitle\"\/>   <w:LsdException Locked=\"false\" Priority=\"22\" SemiHidden=\"false\"    UnhideWhenUsed=\"false\" QFormat=\"true\" Name=\"Strong\"\/>   <w:LsdException Locked=\"false\" Priority=\"20\" SemiHidden=\"false\"    UnhideWhenUsed=\"false\" QFormat=\"true\" Name=\"Emphasis\"\/>   <w:LsdException Locked=\"false\" Priority=\"59\" SemiHidden=\"false\"    UnhideWhenUsed=\"false\" Name=\"Table Grid\"\/>   <w:LsdException Locked=\"false\" UnhideWhenUsed=\"false\" Name=\"Placeholder Text\"\/>   <w:LsdException Locked=\"false\" Priority=\"1\" SemiHidden=\"false\"    UnhideWhenUsed=\"false\" QFormat=\"true\" Name=\"No Spacing\"\/>   <w:LsdException Locked=\"false\" Priority=\"60\" SemiHidden=\"false\"    UnhideWhenUsed=\"false\" Name=\"Light Shading\"\/>   <w:LsdException Locked=\"false\" Priority=\"61\" SemiHidden=\"false\"    UnhideWhenUsed=\"false\" Name=\"Light List\"\/>   <w:LsdException Locked=\"false\" Priority=\"62\" SemiHidden=\"false\"    UnhideWhenUsed=\"false\" Name=\"Light Grid\"\/>   <w:LsdException Locked=\"false\" Priority=\"63\" SemiHidden=\"false\"    UnhideWhenUsed=\"false\" Name=\"Medium Shading 1\"\/>   <w:LsdException Locked=\"false\" Priority=\"64\" SemiHidden=\"false\"    UnhideWhenUsed=\"false\" Name=\"Medium Shading 2\"\/>   <w:LsdException Locked=\"false\" Priority=\"65\" SemiHidden=\"false\"    UnhideWhenUsed=\"false\" Name=\"Medium List 1\"\/>   <w:LsdException Locked=\"false\" Priority=\"66\" SemiHidden=\"false\"    UnhideWhenUsed=\"false\" Name=\"Medium List 2\"\/>   <w:LsdException Locked=\"false\" Priority=\"67\" SemiHidden=\"false\"    UnhideWhenUsed=\"false\" Name=\"Medium Grid 1\"\/>   <w:LsdException Locked=\"false\" Priority=\"68\" SemiHidden=\"false\"    UnhideWhenUsed=\"false\" Name=\"Medium Grid 2\"\/>   <w:LsdException Locked=\"false\" Priority=\"69\" SemiHidden=\"false\"    UnhideWhenUsed=\"false\" Name=\"Medium Grid 3\"\/>   <w:LsdException Locked=\"false\" Priority=\"70\" SemiHidden=\"false\"    UnhideWhenUsed=\"false\" Name=\"Dark List\"\/>   <w:LsdException Locked=\"false\" Priority=\"71\" SemiHidden=\"false\"    UnhideWhenUsed=\"false\" Name=\"Colorful Shading\"\/>   <w:LsdException Locked=\"false\" Priority=\"72\" SemiHidden=\"false\"    UnhideWhenUsed=\"false\" Name=\"Colorful List\"\/>   <w:LsdException Locked=\"false\" Priority=\"73\" SemiHidden=\"false\"    UnhideWhenUsed=\"false\" Name=\"Colorful Grid\"\/>   <w:LsdException Locked=\"false\" Priority=\"60\" SemiHidden=\"false\"    UnhideWhenUsed=\"false\" Name=\"Light Shading Accent 1\"\/>   <w:LsdException Locked=\"false\" Priority=\"61\" SemiHidden=\"false\"    UnhideWhenUsed=\"false\" Name=\"Light List Accent 1\"\/>   <w:LsdException Locked=\"false\" Priority=\"62\" SemiHidden=\"false\"    UnhideWhenUsed=\"false\" Name=\"Light Grid Accent 1\"\/>   <w:LsdException Locked=\"false\" Priority=\"63\" SemiHidden=\"false\"    UnhideWhenUsed=\"false\" Name=\"Medium Shading 1 Accent 1\"\/>   <w:LsdException Locked=\"false\" Priority=\"64\" SemiHidden=\"false\"    UnhideWhenUsed=\"false\" Name=\"Medium Shading 2 Accent 1\"\/>   <w:LsdException Locked=\"false\" Priority=\"65\" SemiHidden=\"false\"    UnhideWhenUsed=\"false\" Name=\"Medium List 1 Accent 1\"\/>   <w:LsdException Locked=\"false\" UnhideWhenUsed=\"false\" Name=\"Revision\"\/>   <w:LsdException Locked=\"false\" Priority=\"34\" SemiHidden=\"false\"    UnhideWhenUsed=\"false\" QFormat=\"true\" Name=\"List Paragraph\"\/>   <w:LsdException Locked=\"false\" Priority=\"29\" SemiHidden=\"false\"    UnhideWhenUsed=\"false\" QFormat=\"true\" Name=\"Quote\"\/>   <w:LsdException Locked=\"false\" Priority=\"30\" SemiHidden=\"false\"    UnhideWhenUsed=\"false\" QFormat=\"true\" Name=\"Intense Quote\"\/>   <w:LsdException Locked=\"false\" Priority=\"66\" SemiHidden=\"false\"    UnhideWhenUsed=\"false\" Name=\"Medium List 2 Accent 1\"\/>   <w:LsdException Locked=\"false\" Priority=\"67\" SemiHidden=\"false\"    UnhideWhenUsed=\"false\" Name=\"Medium Grid 1 Accent 1\"\/>   <w:LsdException Locked=\"false\" Priority=\"68\" SemiHidden=\"false\"    UnhideWhenUsed=\"false\" Name=\"Medium Grid 2 Accent 1\"\/>   <w:LsdException Locked=\"false\" Priority=\"69\" SemiHidden=\"false\"    UnhideWhenUsed=\"false\" Name=\"Medium Grid 3 Accent 1\"\/>   <w:LsdException Locked=\"false\" Priority=\"70\" SemiHidden=\"false\"    UnhideWhenUsed=\"false\" Name=\"Dark List Accent 1\"\/>   <w:LsdException Locked=\"false\" Priority=\"71\" SemiHidden=\"false\"    UnhideWhenUsed=\"false\" Name=\"Colorful Shading Accent 1\"\/>   <w:LsdException Locked=\"false\" Priority=\"72\" SemiHidden=\"false\"    UnhideWhenUsed=\"false\" Name=\"Colorful List Accent 1\"\/>   <w:LsdException Locked=\"false\" Priority=\"73\" SemiHidden=\"false\"    UnhideWhenUsed=\"false\" Name=\"Colorful Grid Accent 1\"\/>   <w:LsdException Locked=\"false\" Priority=\"60\" SemiHidden=\"false\"    UnhideWhenUsed=\"false\" Name=\"Light Shading Accent 2\"\/>   <w:LsdException Locked=\"false\" Priority=\"61\" SemiHidden=\"false\"    UnhideWhenUsed=\"false\" Name=\"Light List Accent 2\"\/>   <w:LsdException Locked=\"false\" Priority=\"62\" SemiHidden=\"false\"    UnhideWhenUsed=\"false\" Name=\"Light Grid Accent 2\"\/>   <w:LsdException Locked=\"false\" Priority=\"63\" SemiHidden=\"false\"    UnhideWhenUsed=\"false\" Name=\"Medium Shading 1 Accent 2\"\/>   <w:LsdException Locked=\"false\" Priority=\"64\" SemiHidden=\"false\"    UnhideWhenUsed=\"false\" Name=\"Medium Shading 2 Accent 2\"\/>   <w:LsdException Locked=\"false\" Priority=\"65\" SemiHidden=\"false\"    UnhideWhenUsed=\"false\" Name=\"Medium List 1 Accent 2\"\/>   <w:LsdException Locked=\"false\" Priority=\"66\" SemiHidden=\"false\"    UnhideWhenUsed=\"false\" Name=\"Medium List 2 Accent 2\"\/>   <w:LsdException Locked=\"false\" Priority=\"67\" SemiHidden=\"false\"    UnhideWhenUsed=\"false\" Name=\"Medium Grid 1 Accent 2\"\/>   <w:LsdException Locked=\"false\" Priority=\"68\" SemiHidden=\"false\"    UnhideWhenUsed=\"false\" Name=\"Medium Grid 2 Accent 2\"\/>   <w:LsdException Locked=\"false\" Priority=\"69\" SemiHidden=\"false\"    UnhideWhenUsed=\"false\" Name=\"Medium Grid 3 Accent 2\"\/>   <w:LsdException Locked=\"false\" Priority=\"70\" SemiHidden=\"false\"    UnhideWhenUsed=\"false\" Name=\"Dark List Accent 2\"\/>   <w:LsdException Locked=\"false\" Priority=\"71\" SemiHidden=\"false\"    UnhideWhenUsed=\"false\" Name=\"Colorful Shading Accent 2\"\/>   <w:LsdException Locked=\"false\" Priority=\"72\" SemiHidden=\"false\"    UnhideWhenUsed=\"false\" Name=\"Colorful List Accent 2\"\/>   <w:LsdException Locked=\"false\" Priority=\"73\" SemiHidden=\"false\"    UnhideWhenUsed=\"false\" Name=\"Colorful Grid Accent 2\"\/>   <w:LsdException Locked=\"false\" Priority=\"60\" SemiHidden=\"false\"    UnhideWhenUsed=\"false\" Name=\"Light Shading Accent 3\"\/>   <w:LsdException Locked=\"false\" Priority=\"61\" SemiHidden=\"false\"    UnhideWhenUsed=\"false\" Name=\"Light List Accent 3\"\/>   <w:LsdException Locked=\"false\" Priority=\"62\" SemiHidden=\"false\"    UnhideWhenUsed=\"false\" Name=\"Light Grid Accent 3\"\/>   <w:LsdException Locked=\"false\" Priority=\"63\" SemiHidden=\"false\"    UnhideWhenUsed=\"false\" Name=\"Medium Shading 1 Accent 3\"\/>   <w:LsdException Locked=\"false\" Priority=\"64\" SemiHidden=\"false\"    UnhideWhenUsed=\"false\" Name=\"Medium Shading 2 Accent 3\"\/>   <w:LsdException Locked=\"false\" Priority=\"65\" SemiHidden=\"false\"    UnhideWhenUsed=\"false\" Name=\"Medium List 1 Accent 3\"\/>   <w:LsdException Locked=\"false\" Priority=\"66\" SemiHidden=\"false\"    UnhideWhenUsed=\"false\" Name=\"Medium List 2 Accent 3\"\/>   <w:LsdException Locked=\"false\" Priority=\"67\" SemiHidden=\"false\"    UnhideWhenUsed=\"false\" Name=\"Medium Grid 1 Accent 3\"\/>   <w:LsdException Locked=\"false\" Priority=\"68\" SemiHidden=\"false\"    UnhideWhenUsed=\"false\" Name=\"Medium Grid 2 Accent 3\"\/>   <w:LsdException Locked=\"false\" Priority=\"69\" SemiHidden=\"false\"    UnhideWhenUsed=\"false\" Name=\"Medium Grid 3 Accent 3\"\/>   <w:LsdException Locked=\"false\" Priority=\"70\" SemiHidden=\"false\"    UnhideWhenUsed=\"false\" Name=\"Dark List Accent 3\"\/>   <w:LsdException Locked=\"false\" Priority=\"71\" SemiHidden=\"false\"    UnhideWhenUsed=\"false\" Name=\"Colorful Shading Accent 3\"\/>   <w:LsdException Locked=\"false\" Priority=\"72\" SemiHidden=\"false\"    UnhideWhenUsed=\"false\" Name=\"Colorful List Accent 3\"\/>   <w:LsdException Locked=\"false\" Priority=\"73\" SemiHidden=\"false\"    UnhideWhenUsed=\"false\" Name=\"Colorful Grid Accent 3\"\/>   <w:LsdException Locked=\"false\" Priority=\"60\" SemiHidden=\"false\"    UnhideWhenUsed=\"false\" Name=\"Light Shading Accent 4\"\/>   <w:LsdException Locked=\"false\" Priority=\"61\" SemiHidden=\"false\"    UnhideWhenUsed=\"false\" Name=\"Light List Accent 4\"\/>   <w:LsdException Locked=\"false\" Priority=\"62\" SemiHidden=\"false\"    UnhideWhenUsed=\"false\" Name=\"Light Grid Accent 4\"\/>   <w:LsdException Locked=\"false\" Priority=\"63\" SemiHidden=\"false\"    UnhideWhenUsed=\"false\" Name=\"Medium Shading 1 Accent 4\"\/>   <w:LsdException Locked=\"false\" Priority=\"64\" SemiHidden=\"false\"    UnhideWhenUsed=\"false\" Name=\"Medium Shading 2 Accent 4\"\/>   <w:LsdException Locked=\"false\" Priority=\"65\" SemiHidden=\"false\"    UnhideWhenUsed=\"false\" Name=\"Medium List 1 Accent 4\"\/>   <w:LsdException Locked=\"false\" Priority=\"66\" SemiHidden=\"false\"    UnhideWhenUsed=\"false\" Name=\"Medium List 2 Accent 4\"\/>   <w:LsdException Locked=\"false\" Priority=\"67\" SemiHidden=\"false\"    UnhideWhenUsed=\"false\" Name=\"Medium Grid 1 Accent 4\"\/>   <w:LsdException Locked=\"false\" Priority=\"68\" SemiHidden=\"false\"    UnhideWhenUsed=\"false\" Name=\"Medium Grid 2 Accent 4\"\/>   <w:LsdException Locked=\"false\" Priority=\"69\" SemiHidden=\"false\"    UnhideWhenUsed=\"false\" Name=\"Medium Grid 3 Accent 4\"\/>   <w:LsdException Locked=\"false\" Priority=\"70\" SemiHidden=\"false\"    UnhideWhenUsed=\"false\" Name=\"Dark List Accent 4\"\/>   <w:LsdException Locked=\"false\" Priority=\"71\" SemiHidden=\"false\"    UnhideWhenUsed=\"false\" Name=\"Colorful Shading Accent 4\"\/>   <w:LsdException Locked=\"false\" Priority=\"72\" SemiHidden=\"false\"    UnhideWhenUsed=\"false\" Name=\"Colorful List Accent 4\"\/>   <w:LsdException Locked=\"false\" Priority=\"73\" SemiHidden=\"false\"    UnhideWhenUsed=\"false\" Name=\"Colorful Grid Accent 4\"\/>   <w:LsdException Locked=\"false\" Priority=\"60\" SemiHidden=\"false\"    UnhideWhenUsed=\"false\" Name=\"Light Shading Accent 5\"\/>   <w:LsdException Locked=\"false\" Priority=\"61\" SemiHidden=\"false\"    UnhideWhenUsed=\"false\" Name=\"Light List Accent 5\"\/>   <w:LsdException Locked=\"false\" Priority=\"62\" SemiHidden=\"false\"    UnhideWhenUsed=\"false\" Name=\"Light Grid Accent 5\"\/>   <w:LsdException Locked=\"false\" Priority=\"63\" SemiHidden=\"false\"    UnhideWhenUsed=\"false\" Name=\"Medium Shading 1 Accent 5\"\/>   <w:LsdException Locked=\"false\" Priority=\"64\" SemiHidden=\"false\"    UnhideWhenUsed=\"false\" Name=\"Medium Shading 2 Accent 5\"\/>   <w:LsdException Locked=\"false\" Priority=\"65\" SemiHidden=\"false\"    UnhideWhenUsed=\"false\" Name=\"Medium List 1 Accent 5\"\/>   <w:LsdException Locked=\"false\" Priority=\"66\" SemiHidden=\"false\"    UnhideWhenUsed=\"false\" Name=\"Medium List 2 Accent 5\"\/>   <w:LsdException Locked=\"false\" Priority=\"67\" SemiHidden=\"false\"    UnhideWhenUsed=\"false\" Name=\"Medium Grid 1 Accent 5\"\/>   <w:LsdException Locked=\"false\" Priority=\"68\" SemiHidden=\"false\"    UnhideWhenUsed=\"false\" Name=\"Medium Grid 2 Accent 5\"\/>   <w:LsdException Locked=\"false\" Priority=\"69\" SemiHidden=\"false\"    UnhideWhenUsed=\"false\" Name=\"Medium Grid 3 Accent 5\"\/>   <w:LsdException Locked=\"false\" Priority=\"70\" SemiHidden=\"false\"    UnhideWhenUsed=\"false\" Name=\"Dark List Accent 5\"\/>   <w:LsdException Locked=\"false\" Priority=\"71\" SemiHidden=\"false\"    UnhideWhenUsed=\"false\" Name=\"Colorful Shading Accent 5\"\/>   <w:LsdException Locked=\"false\" Priority=\"72\" SemiHidden=\"false\"    UnhideWhenUsed=\"false\" Name=\"Colorful List Accent 5\"\/>   <w:LsdException Locked=\"false\" Priority=\"73\" SemiHidden=\"false\"    UnhideWhenUsed=\"false\" Name=\"Colorful Grid Accent 5\"\/>   <w:LsdException Locked=\"false\" Priority=\"60\" SemiHidden=\"false\"    UnhideWhenUsed=\"false\" Name=\"Light Shading Accent 6\"\/>   <w:LsdException Locked=\"false\" Priority=\"61\" SemiHidden=\"false\"    UnhideWhenUsed=\"false\" Name=\"Light List Accent 6\"\/>   <w:LsdException Locked=\"false\" Priority=\"62\" SemiHidden=\"false\"    UnhideWhenUsed=\"false\" Name=\"Light Grid Accent 6\"\/>   <w:LsdException Locked=\"false\" Priority=\"63\" SemiHidden=\"false\"    UnhideWhenUsed=\"false\" Name=\"Medium Shading 1 Accent 6\"\/>   <w:LsdException Locked=\"false\" Priority=\"64\" SemiHidden=\"false\"    UnhideWhenUsed=\"false\" Name=\"Medium Shading 2 Accent 6\"\/>   <w:LsdException Locked=\"false\" Priority=\"65\" SemiHidden=\"false\"    UnhideWhenUsed=\"false\" Name=\"Medium List 1 Accent 6\"\/>   <w:LsdException Locked=\"false\" Priority=\"66\" SemiHidden=\"false\"    UnhideWhenUsed=\"false\" Name=\"Medium List 2 Accent 6\"\/>   <w:LsdException Locked=\"false\" Priority=\"67\" SemiHidden=\"false\"    UnhideWhenUsed=\"false\" Name=\"Medium Grid 1 Accent 6\"\/>   <w:LsdException Locked=\"false\" Priority=\"68\" SemiHidden=\"false\"    UnhideWhenUsed=\"false\" Name=\"Medium Grid 2 Accent 6\"\/>   <w:LsdException Locked=\"false\" Priority=\"69\" SemiHidden=\"false\"    UnhideWhenUsed=\"false\" Name=\"Medium Grid 3 Accent 6\"\/>   <w:LsdException Locked=\"false\" Priority=\"70\" SemiHidden=\"false\"    UnhideWhenUsed=\"false\" Name=\"Dark List Accent 6\"\/>   <w:LsdException Locked=\"false\" Priority=\"71\" SemiHidden=\"false\"    UnhideWhenUsed=\"false\" Name=\"Colorful Shading Accent 6\"\/>   <w:LsdException Locked=\"false\" Priority=\"72\" SemiHidden=\"false\"    UnhideWhenUsed=\"false\" Name=\"Colorful List Accent 6\"\/>   <w:LsdException Locked=\"false\" Priority=\"73\" SemiHidden=\"false\"    UnhideWhenUsed=\"false\" Name=\"Colorful Grid Accent 6\"\/>   <w:LsdException Locked=\"false\" Priority=\"19\" SemiHidden=\"false\"    UnhideWhenUsed=\"false\" QFormat=\"true\" Name=\"Subtle Emphasis\"\/>   <w:LsdException Locked=\"false\" Priority=\"21\" SemiHidden=\"false\"    UnhideWhenUsed=\"false\" QFormat=\"true\" Name=\"Intense Emphasis\"\/>   <w:LsdException Locked=\"false\" Priority=\"31\" SemiHidden=\"false\"    UnhideWhenUsed=\"false\" QFormat=\"true\" Name=\"Subtle Reference\"\/>   <w:LsdException Locked=\"false\" Priority=\"32\" SemiHidden=\"false\"    UnhideWhenUsed=\"false\" QFormat=\"true\" Name=\"Intense Reference\"\/>   <w:LsdException Locked=\"false\" Priority=\"33\" SemiHidden=\"false\"    UnhideWhenUsed=\"false\" QFormat=\"true\" Name=\"Book Title\"\/>   <w:LsdException Locked=\"false\" Priority=\"37\" Name=\"Bibliography\"\/>   <w:LsdException Locked=\"false\" Priority=\"39\" QFormat=\"true\" Name=\"TOC Heading\"\/>  <\/w:LatentStyles> <\/xml><![endif]--><!--[if gte mso 10]>  <![endif]--><\/p>\n","protected":false},"excerpt":{"rendered":"<p>&nbsp; Son zamanlarda AKP iktidar\u0131na ve Sn. Cumhurba\u015fkan\u0131na kar\u015f\u0131 bir askeri darbe yap\u0131laca\u011f\u0131 iddialar\u0131, malum ve marazl\u0131 medyada s\u0131k&ccedil;a g&uuml;ndeme ta\u015f\u0131nmaktayd\u0131. AKP&#8217;nin tahribatlar\u0131 bahanesiyle \u0130slam d&uuml;\u015fmanl\u0131\u011f\u0131 ve Bat\u0131 u\u015fakl\u0131\u011f\u0131 yapan &ccedil;evreler, Ordu&#8217;yu darbe yapmaya k\u0131\u015fk\u0131rtarak, hem kendilerine iktidar yolunun a&ccedil;\u0131laca\u011f\u0131n\u0131 hem de TSK&#8217;y\u0131 yeniden y\u0131prat\u0131p g&uuml;d&uuml;mlerine sokacaklar\u0131n\u0131 sanmaktayd\u0131. Evet &Ccedil;&ouml;z&uuml;m S&uuml;reci gafleti ve dalaletiyle 4 [&hellip;]<\/p>\n","protected":false},"author":1,"featured_media":0,"comment_status":"open","ping_status":"closed","sticky":false,"template":"","format":"standard","meta":{"footnotes":""},"categories":[189],"tags":[],"class_list":["post-3787","post","type-post","status-publish","format-standard","hentry","category-haziran-2016"],"_links":{"self":[{"href":"https:\/\/www.millicozum.com\/mc\/wp-json\/wp\/v2\/posts\/3787","targetHints":{"allow":["GET"]}}],"collection":[{"href":"https:\/\/www.millicozum.com\/mc\/wp-json\/wp\/v2\/posts"}],"about":[{"href":"https:\/\/www.millicozum.com\/mc\/wp-json\/wp\/v2\/types\/post"}],"author":[{"embeddable":true,"href":"https:\/\/www.millicozum.com\/mc\/wp-json\/wp\/v2\/users\/1"}],"replies":[{"embeddable":true,"href":"https:\/\/www.millicozum.com\/mc\/wp-json\/wp\/v2\/comments?post=3787"}],"version-history":[{"count":0,"href":"https:\/\/www.millicozum.com\/mc\/wp-json\/wp\/v2\/posts\/3787\/revisions"}],"wp:attachment":[{"href":"https:\/\/www.millicozum.com\/mc\/wp-json\/wp\/v2\/media?parent=3787"}],"wp:term":[{"taxonomy":"category","embeddable":true,"href":"https:\/\/www.millicozum.com\/mc\/wp-json\/wp\/v2\/categories?post=3787"},{"taxonomy":"post_tag","embeddable":true,"href":"https:\/\/www.millicozum.com\/mc\/wp-json\/wp\/v2\/tags?post=3787"}],"curies":[{"name":"wp","href":"https:\/\/api.w.org\/{rel}","templated":true}]}}