{"id":37977,"date":"2026-09-01T00:36:28","date_gmt":"2026-08-31T21:36:28","guid":{"rendered":"https:\/\/www.millicozum.com\/mc\/?p=37977"},"modified":"2026-09-01T00:43:10","modified_gmt":"2026-08-31T21:43:10","slug":"hz-mehdi-bir-medeniyet-muhendisidir-2","status":"publish","type":"post","link":"https:\/\/www.millicozum.com\/mc\/2026\/eylul-2026\/hz-mehdi-bir-medeniyet-muhendisidir-2\/","title":{"rendered":"HZ. MEHD\u0130; B\u0130R MEDEN\u0130YET M\u00dcHEND\u0130S\u0130D\u0130R"},"content":{"rendered":"\t\t<div data-elementor-type=\"wp-post\" data-elementor-id=\"37977\" class=\"elementor elementor-37977\" data-elementor-settings=\"{&quot;element_pack_global_tooltip_width&quot;:{&quot;unit&quot;:&quot;px&quot;,&quot;size&quot;:&quot;&quot;,&quot;sizes&quot;:[]},&quot;element_pack_global_tooltip_width_tablet&quot;:{&quot;unit&quot;:&quot;px&quot;,&quot;size&quot;:&quot;&quot;,&quot;sizes&quot;:[]},&quot;element_pack_global_tooltip_width_mobile&quot;:{&quot;unit&quot;:&quot;px&quot;,&quot;size&quot;:&quot;&quot;,&quot;sizes&quot;:[]},&quot;element_pack_global_tooltip_padding&quot;:{&quot;unit&quot;:&quot;px&quot;,&quot;top&quot;:&quot;&quot;,&quot;right&quot;:&quot;&quot;,&quot;bottom&quot;:&quot;&quot;,&quot;left&quot;:&quot;&quot;,&quot;isLinked&quot;:true},&quot;element_pack_global_tooltip_padding_tablet&quot;:{&quot;unit&quot;:&quot;px&quot;,&quot;top&quot;:&quot;&quot;,&quot;right&quot;:&quot;&quot;,&quot;bottom&quot;:&quot;&quot;,&quot;left&quot;:&quot;&quot;,&quot;isLinked&quot;:true},&quot;element_pack_global_tooltip_padding_mobile&quot;:{&quot;unit&quot;:&quot;px&quot;,&quot;top&quot;:&quot;&quot;,&quot;right&quot;:&quot;&quot;,&quot;bottom&quot;:&quot;&quot;,&quot;left&quot;:&quot;&quot;,&quot;isLinked&quot;:true},&quot;element_pack_global_tooltip_border_radius&quot;:{&quot;unit&quot;:&quot;px&quot;,&quot;top&quot;:&quot;&quot;,&quot;right&quot;:&quot;&quot;,&quot;bottom&quot;:&quot;&quot;,&quot;left&quot;:&quot;&quot;,&quot;isLinked&quot;:true},&quot;element_pack_global_tooltip_border_radius_tablet&quot;:{&quot;unit&quot;:&quot;px&quot;,&quot;top&quot;:&quot;&quot;,&quot;right&quot;:&quot;&quot;,&quot;bottom&quot;:&quot;&quot;,&quot;left&quot;:&quot;&quot;,&quot;isLinked&quot;:true},&quot;element_pack_global_tooltip_border_radius_mobile&quot;:{&quot;unit&quot;:&quot;px&quot;,&quot;top&quot;:&quot;&quot;,&quot;right&quot;:&quot;&quot;,&quot;bottom&quot;:&quot;&quot;,&quot;left&quot;:&quot;&quot;,&quot;isLinked&quot;:true}}\" data-elementor-post-type=\"post\">\n\t\t\t\t\t\t<section class=\"elementor-section elementor-top-section elementor-element elementor-element-5eea198 elementor-section-boxed elementor-section-height-default elementor-section-height-default\" data-id=\"5eea198\" data-element_type=\"section\" data-e-type=\"section\">\n\t\t\t\t\t\t<div class=\"elementor-container elementor-column-gap-default\">\n\t\t\t\t\t<div class=\"elementor-column elementor-col-100 elementor-top-column elementor-element elementor-element-9310568\" data-id=\"9310568\" data-element_type=\"column\" data-e-type=\"column\">\n\t\t\t<div class=\"elementor-widget-wrap elementor-element-populated\">\n\t\t\t\t\t\t<div class=\"elementor-element elementor-element-9f6991b elementor-widget elementor-widget-heading\" data-id=\"9f6991b\" data-element_type=\"widget\" data-e-type=\"widget\" data-widget_type=\"heading.default\">\n\t\t\t\t<div class=\"elementor-widget-container\">\n\t\t\t\t\t<h3 class=\"elementor-heading-title elementor-size-default\">HZ. MEHD\u0130; B\u0130R MEDEN\u0130YET M\u00dcHEND\u0130S\u0130D\u0130R<\/h3>\t\t\t\t<\/div>\n\t\t\t\t<\/div>\n\t\t\t\t\t<\/div>\n\t\t<\/div>\n\t\t\t\t\t<\/div>\n\t\t<\/section>\n\t\t\t\t<section class=\"elementor-section elementor-top-section elementor-element elementor-element-be0b04c elementor-section-boxed elementor-section-height-default elementor-section-height-default\" data-id=\"be0b04c\" data-element_type=\"section\" data-e-type=\"section\">\n\t\t\t\t\t\t<div class=\"elementor-container elementor-column-gap-default\">\n\t\t\t\t\t<div class=\"elementor-column elementor-col-100 elementor-top-column elementor-element elementor-element-08b6886\" data-id=\"08b6886\" data-element_type=\"column\" data-e-type=\"column\">\n\t\t\t<div class=\"elementor-widget-wrap elementor-element-populated\">\n\t\t\t\t\t\t<div class=\"elementor-element elementor-element-daf70c4 satir-basi elementor-widget elementor-widget-text-editor\" data-id=\"daf70c4\" data-element_type=\"widget\" data-e-type=\"widget\" data-widget_type=\"text-editor.default\">\n\t\t\t\t<div class=\"elementor-widget-container\">\n\t\t\t\t\t\t\t\t\t<p><strong><em>\u201cHer kavmin bir h\u00e2disi (hidayet rehberi ve mehdisi) vard\u0131r\u201d<\/em><\/strong><strong>[1]<\/strong><strong> gibi ayetlerde i\u015faret edilen, ba\u015fta Buhari, M\u00fcslim ve K\u00fct\u00fcb-i Sitte\u2019de (6 Sahih Hadis Kitab\u0131) ve di\u011fer sa\u011flam kaynaklar\u0131ndaki y\u00fczlerce hadislerle haber verilen, ayr\u0131ca \u0130mam-\u0131 Azam, \u0130mam \u015eafii, \u0130mam Hanbeli ve \u0130mam Maliki, ba\u015fta b\u00fct\u00fcn mezhep imamlar\u0131 ve m\u00fc\u00e7tehid ulema taraf\u0131ndan kabul g\u00f6ren\u2026 Ve yine, Gavs-\u0131 Azam Abdulkadir Geylani, Muhammed Bahaeddin Nak\u015fibend\u00ee, \u0130mam-\u0131 Rabbani, \u0130mam-\u0131 Gazali, Bedi\u00fczzaman Said Nursi gibi kutuplarca m\u00fcjdelenen\u2026 <\/strong><strong>Bedi\u00fczzaman\u2019\u0131n<\/strong><strong> dedi\u011fi gibi: <em>\u201cHatta bu gibi hadis ve haberler olmasayd\u0131 bile, b\u00fct\u00fcn M\u00fcsl\u00fcmanlarca, ma\u011fdur ve mazlum insanlarca, b\u00f6ylesine vicdani bir ihtiya\u00e7 ve i\u015ftiyakla beklendi\u011fi i\u00e7in, Rahmeti \u0130lahi\u2019den g\u00f6nderilmesi \u00fcmit edilen ve mehdi olarak bilinen \u00f6nder ve rehber \u015fahsiyet:<\/em> a- \u00c7a\u011f\u0131m\u0131z\u0131n imani, ahl\u00e2ki, siyasi, iktisadi ve i\u00e7timai b\u00fct\u00fcn sorunlar\u0131na; ilmi, \u0130slami, insani ve yeni \u00e7\u00f6z\u00fcm (orijinal) yollar\u0131 g\u00f6sterecek. b- Haks\u0131zl\u0131k ve ahl\u00e2ks\u0131zl\u0131k \u00fczerine kurulan Siyonist s\u00f6m\u00fcr\u00fc sistemi ve i\u015fbirlik\u00e7i h\u00fck\u00fcmetlerle en m\u00fcnasip ve medeni usullerle m\u00fccadele verecek. c- Maddi ve manevi kalk\u0131nma projeleri ve hamleleriyle, siyasi ve diplomasi hareketleriyle yeni bir Bar\u0131\u015f ve Bereket Medeniyetine \u00f6nc\u00fcl\u00fck edecektir.<\/strong><\/p><p><strong>Bedi\u00fczzaman\u2019\u0131n ifadesiyle;<\/strong><\/p><p><strong>Hem M\u00fc\u00e7tehid:<\/strong> Ekonomik, siyasi ve sosyal sorunlara, yeni ve yeterli \u00e7\u00f6z\u00fcm form\u00fclleri ve projeleri ortaya koyan, <strong>Hem M\u00fcceddid<\/strong><strong>:<\/strong> Gelenek ve hurafelerle yobazla\u015fan ve ruhsuz taklit\u00e7ilikle yozla\u015fan \u0130slam anlay\u0131\u015f\u0131n\u0131, Kur\u2019an ve S\u00fcnnete g\u00f6re asl\u0131na uygun sadelik ve \u00f6zellikte yorumlayan, <strong>Hem H\u00e2ki<\/strong><strong>m:<\/strong> Kendi gayret ve giri\u015fimleriyle; Devlet y\u00f6netme ve karar verme makam\u0131na ve imk\u00e2n\u0131na kavu\u015fmu\u015f bulunan; siyaset, feraset ve dirayetle i\u015f yapan, <strong>Hem Mehdi:<\/strong> Hidayet ve istikamet rehberi ve yeni bir Medeniyet m\u00fccadelesi \u00f6nderi olarak tan\u0131nan, <strong>Hem M\u00fcr\u015fid:<\/strong> \u0130nsanlar\u0131 b\u00e2t\u0131l inan\u0131\u015f ve anlay\u0131\u015flardan ve sapk\u0131n saplant\u0131lardan kurtaracak bir ilim, irfan ve ir\u015fat ehli olan, <strong>Hem Kutbu Azam:<\/strong> \u00c7ok b\u00fcy\u00fck ve y\u00fcksek bir maneviyat ve himmet sahibi olan,[2] <strong>NURAN\u0130 B\u0130R ZAT: Yani bedeni ve be\u015feri \u00f6zellikleriyle tezah\u00fcr etse de, asl\u0131nda ruhani ve nurani \u00e2lemle irtibatl\u0131 ve ihti\u015faml\u0131 bir Zat, mutlaka gereklidir.<\/strong><\/p><p><strong>Bu kutlu ve kurtar\u0131c\u0131 Zat\u2019\u0131n, hem ge\u00e7mi\u015fteki hem de g\u00fcn\u00fcm\u00fczdeki \u00e2limlerin ve hikmet ehlinin \u00fczerinde ittifak ettikleri baz\u0131 \u00f6nemli \u00f6zellikleri, Onu tan\u0131ma ve taklitlerinden ay\u0131rma noktas\u0131nda, yol haritas\u0131 gibidir.<\/strong><\/p><p>a- O Zat Mehdilik davas\u0131nda bulunmayacak ve kendisi i\u00e7in b\u00f6yle rekl\u00e2mc\u0131lar bulmaya \u00e7al\u0131\u015fmayacakt\u0131r. Anla\u015f\u0131l\u0131yor ki b\u00f6yle bir iddia ile ortaya \u00e7\u0131kanlar veya bu imaj\u0131 yayanlar sahtek\u00e2rd\u0131r.<\/p><p>b- Hz. Mehdi, son hilafet merkezinden; yani \u0130stanbul ve T\u00fcrkiye\u2019den \u00e7\u0131kacakt\u0131r. Bedi\u00fczzaman Hz.leri: \u201cMerkezi Hilafet eski zamanlarda, Medine ve \u015eam\u2019da bulundu\u011fundan, raviler kendi i\u00e7tihatlar\u0131yla, daima (\u015eam ve Medine Hilafet merkezi olarak) \u00f6yle kalacak gibi mana verip, Hz. Mehdi\u2019yi <strong><em>\u201cMerkez-i Hilafet-i \u0130slamiye yak\u0131nlar\u0131nda tasvir etmi\u015fler\u2026\u201d<\/em><\/strong> diyerek[3] bu ger\u00e7e\u011fe \u0131\u015f\u0131k tutmaktad\u0131r.<\/p><p>c- Hz. Mehdi Hicri 14. Asr\u0131n M\u00fcceddidi olacakt\u0131r. 12. Asr\u0131n M\u00fcceddidi Hz. Mevl\u00e2na Halid-i Ba\u011fdadi, 13. Asr\u0131n M\u00fcceddidi Bedi\u00fczzaman Said Nursi oldu\u011fu gibi, 14. Asr\u0131n M\u00fcceddidi ise Mehdi Aleyhisselamd\u0131r. Bedi\u00fczzaman \u015eualar, Mektubat ve Sikkei Tasdiki Gaybi gibi eserlerinde buna a\u00e7\u0131k\u00e7a i\u015faret buyurmaktad\u0131r. <strong>\u00d6yle ise o Zat, \u015fu anda i\u015f ba\u015f\u0131ndad\u0131r ve kesin zafere \u00e7ok yakla\u015fm\u0131\u015ft\u0131r.<\/strong> \u00c7\u00fcnk\u00fc Bedi\u00fczzaman\u2019\u0131n, kendisini Mehdi zannedenlere: \u201cO ileride gelecek acip (hayret verici ve \u00fcst\u00fcn \u00f6zellikleri olan) Zat\u0131n bir hizmetk\u00e2r\u0131 ve Ona zemin izhar eden bir d\u00fcmdar\u0131 (altyap\u0131 haz\u0131rlay\u0131c\u0131s\u0131) ve O b\u00fcy\u00fck komutan\u0131n pi\u015fdar bir neferi (\u00f6nc\u00fc kuvveti) oldu\u011fumu zannediyorum\u201d \u015feklindeki cevab\u0131 olduk\u00e7a a\u00e7\u0131kt\u0131r.<\/p><p>d- \u00c7ok uzun bir s\u00fcre halifesiz kalan M\u00fcsl\u00fcmanlar\u0131n \u00f6nce \u00f6rg\u00fctsel, sonra b\u00f6lgesel, ard\u0131ndan k\u00fcresel ralifesi olacakt\u0131r. H. Hilmi I\u015f\u0131k (RH): \u0130mam-\u0131 Suyuti\u2019den naklen, Hz. Mehdi\u2019nin uzun hizmet ve haz\u0131rl\u0131k s\u00fcrecinde ve h\u00e2kimiyet d\u00f6neminden \u00f6nce, M\u00fcsl\u00fcmanlar\u0131n halifesiz bulunacaklar\u0131n\u0131 \u00f6nemle vurgulamaktad\u0131r.[4]<\/p><p><strong>Atat\u00fcrk\u2019\u00fcn, Siyonist d\u0131\u015f g\u00fc\u00e7leri ve sabataist yerli i\u015fbirlik\u00e7ileri oyalayarak, ba\u011f\u0131ms\u0131z T\u00fcrkiye Cumhuriyetini kurtarma ad\u0131na, Osmano\u011fullar\u0131\u2019ndan kald\u0131rd\u0131\u011f\u0131 ve devre d\u0131\u015f\u0131 b\u0131rakt\u0131\u011f\u0131, ama ileride \u015fartlar ve imk\u00e2nlar elverdi\u011finde T\u00fcrkiye\u2019nin tekrar \u0130slam \u00e2lemine manevi liderlik ve lokomotiflik rol\u00fcn\u00fc \u00fcstlenmek \u00fczere, TBMM\u2019nin uhdesine ald\u0131rd\u0131\u011f\u0131 hilafet meselesinin, Mustafa Kemal\u2019in h\u00e2l\u00e2 gizli tutulan vasiyetnamesinde \u00f6ncelikli bir yer tuttu\u011fu bilgileri de hesaba kat\u0131l\u0131rsa, bu konu daha bir \u00f6nem ve anlam kazanmaktad\u0131r.<\/strong><\/p><p><strong>e- Hz. Mehdi\u2019nin <\/strong><strong><em>\u201c\u0130stanbul\u2019u manen fethedece\u011fi, sava\u015f ve silahla de\u011fil, tekbir ve sloganlarla \u015fehir y\u00f6netimini ele ge\u00e7irece\u011fi\u201d,<\/em><\/strong><strong> \u00e7e\u015fitli hadis ve haberlerde yer almaktad\u0131r. Fatih\u2019in Hocas\u0131 b\u00fcy\u00fck \u00c2lim ve M\u00fcr\u015fit Ak\u015femsettin Hz.leri de \u201cRisalet\u00fcn Nuriye\u201d adl\u0131 eserinde, \u201c\u0130stanbul&#8217;u Sultan Mehmet\u2019in madden, Hz. Mehdi\u2019nin ise manen fethedece\u011fine\u201d dair yorumlar\u0131 vard\u0131r.[5]<\/strong><\/p><p><strong>f- Hz. Mehdi\u2019nin yan\u0131nda Hz. Peygamber Efendimizin m\u00fcbarek sanca\u011f\u0131, k\u0131l\u0131c\u0131, h\u0131rkas\u0131 gibi mukaddes emanetlerin bulunaca\u011f\u0131n\u0131n rivayet edilmesi de, O Zat\u0131n \u0130stanbul\u2019dan \u00e7\u0131kaca\u011f\u0131n\u0131n bir i\u015fareti say\u0131lmaktad\u0131r. \u00c7\u00fcnk\u00fc bilindi\u011fi gibi mukaddes emanetler Topkap\u0131 Saray\u0131\u2019ndad\u0131r.[6] <\/strong><\/p><p><strong>g- V\u00fccut yap\u0131s\u0131: Heybetli ve kuvvetli, y\u00fcz\u00fc b\u00fct\u00fcn insanlardan se\u00e7ilip fark edilecek \u015fekilde y\u0131ld\u0131z gibi nurani ve k\u0131rm\u0131z\u0131mt\u0131rak beyaz renkli, \u00f6n di\u015fleri hafif seyrek, inci gibi parlak ve g\u00f6steri\u015fli.<\/strong><\/p><p><strong>h- Programlar\u0131, te\u015fkilatlar\u0131 ve \u00e7al\u0131\u015fan elamanlar\u0131 \u00fczerinde son derece dikkatli, disiplinli ve d\u00fczenli oldu\u011fu anlat\u0131lmaktad\u0131r.[7] <\/strong><\/p><p><strong>i- \u0130man ve \u0130slam ahl\u00e2k\u0131 hizmetlerinde, \u201cRisale-i Nur\u2019u bir program\u0131 olarak ne\u015fr ve tatbik edecek\u201d[8]\u00a0 ve Bedi\u00fczzaman\u2019dan s\u0131k\u00e7a al\u0131nt\u0131lar yapacakt\u0131r. Demek ki T\u00fcrkiye\u2019den \u00e7\u0131kacakt\u0131r.<\/strong><\/p><p><strong>j- Baz\u0131 muharrirler Ey\u00fcp Sabri Pa\u015fa\u2019n\u0131n \u201cAziz\u00fcl Asar\u201d adl\u0131 \u015ferhinden naklen: \u201cBaz\u0131 ke\u015fif sahipleri Hz. \u0130mam Mehdi\u2019nin 1400 Hicri y\u0131llar\u0131nda zuhur edece\u011fini tahmin etmi\u015fler ve baz\u0131lar\u0131 tarih bile vererek 1435 ve sonras\u0131n\u0131 g\u00f6stermi\u015flerdir\u201d \u015feklinde bir rivayeti aktarmaktad\u0131r.[9]<\/strong><\/p><p><strong>k- Hz. Mehdi, hizmet sahas\u0131 ve haz\u0131rl\u0131k safhas\u0131 olarak siyasetle me\u015fgul ve me\u015fhur olacakt\u0131r.<\/strong><\/p><p><strong>Bedi\u00fczzaman \u201cB\u00fcy\u00fck Mehdi\u2019nin \u00e7ok vazifeleri var: \u2022<\/strong><strong>Siyaset \u00e2leminde, <\/strong><strong>\u2022<\/strong><strong>Diyanet \u00e2leminde, <\/strong><strong>\u2022<\/strong><strong>Saltanat (Devlet) \u00e2leminde, <\/strong><strong>\u2022<\/strong><strong>M\u00fccahade<\/strong> (S\u00fcper zalim g\u00fc\u00e7lerle m\u00fccadele ve \u0130srail\u2019i tarihe g\u00f6mme) <strong>\u00e2leminde <\/strong>ve farkl\u0131 dairelerde icraatlar\u0131 olacakt\u0131r\u201d[10]<\/p><p><strong><em>\u201cVe Onun 3 b\u00fcy\u00fck vazifesi olacak\u2026<\/em><\/strong> (Ve siyasetle ba\u015flayacakt\u0131r.)\u201d[11]<\/p><p><strong>l- Bedi\u00fczzaman\u2019\u0131n tabiriyle, bir nevi tatile u\u011frayan Kur\u2019an h\u00fck\u00fcmleri ve hikmetleri Hz. Mehdi taraf\u0131ndan ihya ve icra olunacak, yery\u00fcz\u00fcnde Adil bir D\u00fczen kurulacakt\u0131r.<\/strong><\/p><p><strong>m- Hz. Mehdi\u2019nin hizmet, haz\u0131rl\u0131k ve h\u00fck\u00fcmranl\u0131k s\u00fcrecinde Bedi\u00fczzaman kendisi hayatta bulunmayacakt\u0131r. <\/strong><strong><em>\u201cTa ahir zamanda, hayat\u0131n geni\u015f (siyaset ve h\u00fck\u00fcmet) dairesinde, as\u0131l sahipleri, yani Hz. Mehdi ve \u015fakirtleri, Cenab-\u0131 Hakk\u0131n izniyle gelir, O (hizmet) dairesini geni\u015fletir ve (ekti\u011fimiz) tohumlar s\u00fcmb\u00fcllenir (ve Mehdi eliyle meyve verir) Bizler de kabrimizde seyredip, Rabbimize \u015f\u00fckrederiz\u201d[12]<\/em><\/strong><strong> ifadeleri bunu anlatmaktad\u0131r.<\/strong><\/p><p>n- Hz. Mehdi\u2019nin daveti ve hizmeti s\u0131ras\u0131nda, cemaat ve te\u015fkilat\u0131ndan bir\u00e7ok kere ayr\u0131lmalar ya\u015fanacakt\u0131r. Ama bu ayart\u0131larak kendisinden kopup ayr\u0131lanlara ve t\u00fcm istismarc\u0131 d\u00fc\u015fmanlarla ve \u0130slamc\u0131 m\u00fcnaf\u0131klar\u0131n Onun kar\u015f\u0131s\u0131nda yer almalar\u0131na ra\u011fmen, yine de Onun izinden y\u00fcr\u00fcyen sad\u0131k talebeleri eliyle zafere ula\u015facakt\u0131r.[13]<\/p><p>o- \u0130nsanlar kendi aralar\u0131nda Deccalin (Siyonizm\u2019in) deh\u015fetinden ve zalim g\u00fc\u00e7lerin rakipsiz h\u00e2kimiyetinden dolay\u0131 tam bir umutsuzlu\u011fa kap\u0131l\u0131p <strong><em>\u201cart\u0131k Mehdi ve kurtar\u0131c\u0131 \u00fcmitlerimiz bo\u015fa \u00e7\u0131km\u0131\u015ft\u0131r. Bu zul\u00fcm ve zilletten kurtulu\u015f imk\u00e2ns\u0131zd\u0131r\u201d<\/em><\/strong> \u015feklinde konu\u015fmaya ba\u015flad\u0131klar\u0131 bir ortamda, Hz. Mehdi y\u0131llard\u0131r altyap\u0131s\u0131n\u0131 haz\u0131rlad\u0131\u011f\u0131 b\u00fcy\u00fck ink\u0131l\u00e2b\u0131n\u0131 ger\u00e7ekle\u015ftirecek ve Deccalin dinsizlik d\u00fczenini y\u0131kacakt\u0131r.<\/p><p>p- Irak ve Suriye sava\u015f\u0131na ve Siyonist-emperyalist katliamlar\u0131na i\u015faret eden hadis ve haberlerde, Hz. Mehdi\u2019nin haz\u0131rl\u0131klar\u0131n\u0131 tamamlay\u0131p siyasi, askeri ve teknolojik bir g\u00fc\u00e7 olarak ortaya \u00e7\u0131kaca\u011f\u0131 ve zalim d\u00fcnya d\u00fczenini y\u0131k\u0131p Adalet Nizam\u0131n\u0131 kuraca\u011f\u0131 ve insanl\u0131\u011f\u0131 huzura kavu\u015fturaca\u011f\u0131 d\u00f6nemin, bunlardan hemen sonra ya\u015fanaca\u011f\u0131n\u0131 anlatmaktad\u0131r.<\/p><p>1- <strong><em>\u201c\u00d6yle bir zaman yakla\u015f\u0131yor ki Irak halk\u0131na bir kile, bir dirhem (ihtiya\u00e7 maddesi) sevk olunmayacak (ambargo uygulanacak)\u201d<\/em><\/strong>[14]<\/p><p>2- <strong><em>\u201c\u0130nsanlar\u0131n en \u015ferlileri Irak\u2019a sald\u0131rmad\u0131k\u00e7a k\u0131yamet kopmayacakt\u0131r. Sonra insanlar \u015eam\u2019a do\u011fru s\u0131\u011f\u0131nma yerleri arayacak (ama oras\u0131 da kar\u0131\u015facakt\u0131r). Ard\u0131ndan \u015eam ve Irak yeniden yap\u0131lan\u0131r\u201d<\/em><\/strong>[15]<\/p><p>3- \u201cAhir zamanda (Mehdi\u2019nin zuhurundan \u00f6nce) Ba\u011fdat alevlerle yok edilip yak\u0131l\u0131r.\u201d[16]<\/p><p>4- Resul\u00fcllah \u015f\u00f6yle bildirdi: <strong><em>\u201cIrak halk\u0131 \u00fc\u00e7 f\u0131rkaya ayr\u0131l\u0131r. Bir k\u0131sm\u0131 \u00e7apulcu (istilac\u0131)lara kat\u0131l\u0131r. Bir k\u0131sm\u0131 ailelerini b\u0131rak\u0131p ka\u00e7\u0131\u015f\u0131r. Bir k\u0131sm\u0131 da sava\u015f\u0131r ve \u015fehadete ula\u015f\u0131r.\u201d<\/em><\/strong>[17]<\/p><p>\u201cK\u00fcfe (Irak) halk\u0131 \u00fc\u00e7 k\u0131sma ayr\u0131lacak. Bir k\u0131sm\u0131 S\u00fcfyani\u2019nin ordusuna kat\u0131lacak, bunlar en adi insanlard\u0131r. Bir k\u0131sm\u0131 onlarla sava\u015facak, bunlar Allah\u2019\u0131n \u015ferefli kullar\u0131d\u0131r. Bir k\u0131sm\u0131 da ya\u011fmac\u0131lara kat\u0131lacak, ki bunlar fas\u0131klard\u0131r.\u201d[18]<\/p><p>Bu hadislerden, Irak\u2019taki i\u015fgal g\u00fc\u00e7lerinin, Siyonizm\u2019in ordusu, destek\u00e7isinin ise S\u00fcfyan oldu\u011fu anla\u015f\u0131lmaktad\u0131r.<\/p><p>5- \u201cDicle ile F\u0131rat aras\u0131nda Zevra denen bir \u015fehirde b\u00fcy\u00fck bir sava\u015f olacakt\u0131r. Kad\u0131nlar esir al\u0131nacak, erkekler koyun gibi bo\u011fazlanacaklar.\u201d[19] (Not: Felluce\u2019yi ve I\u015e\u0130D vah\u015fetini hat\u0131rlatmaktad\u0131r.)<\/p><p>\u201cMuhammed (SAV) \u00fcmmetinden masum (su\u00e7suz ve sahipsiz) \u00e7ocuk(lar) \u00f6ld\u00fcr\u00fcld\u00fc\u011f\u00fcnde, g\u00f6kten bir melek: Hak Onda (Mehdi\u2019de) ve yan\u0131nda olandad\u0131r\u201d diye hayk\u0131r\u0131r.[20] (Bu zul\u00fcmler ve \u00e7aresizlikler ortam\u0131 art\u0131k Mehdi\u2019nin zuhur zaman\u0131d\u0131r.)<\/p><p><strong>Evet, i\u015fte bu vah\u015fet g\u00fcnlerinin ard\u0131ndan:<\/strong><\/p><p>\u2022 \u201c(Ekip ve elemanlar\u0131 ve te\u015fkilat mensuplar\u0131 olarak) \u00c7al\u0131\u015fanlar \u00fczerinde \u00e7ok disiplinli hareket eden\u201d[21]<\/p><p>\u2022 \u201c(Allah\u2019\u0131n Samet s\u0131fat\u0131n\u0131n tecellisiyle) Hi\u00e7 kimseye tenezz\u00fcl etmeyen (zillet ve minnete d\u00fc\u015fmeyen)\u201d[22]<\/p><p>\u2022 \u201c\u0130nsanlar\u0131n kendisine ihtiyac\u0131n\u0131 arz edip yard\u0131m istedi\u011fi halde, kendisi hi\u00e7 kimseye ihtiyac\u0131n\u0131 bildirmeyen\u201d[23]<\/p><p>\u2022 \u201cHerkesin korku ve tela\u015fa kap\u0131ld\u0131\u011f\u0131, panik ya\u015fad\u0131\u011f\u0131 en tehlikeli durumlarda bile, asla g\u00f6n\u00fcl rahatl\u0131\u011f\u0131n\u0131 ve vakar\u0131n\u0131 yitirmeyen\u201d[24] <strong>O kutlu Zat<\/strong>, insanl\u0131k tarihinin en b\u00fcy\u00fck ink\u0131l\u00e2b\u0131n\u0131 haz\u0131rlayacak ve yery\u00fcz\u00fcnde cennet misali bir saadet ve adalet medeniyetine Liderlik-Mehdilik yapacakt\u0131r; sad\u0131k takip\u00e7ileri ve talebeleri ise Onun tarihi projelerini tamamlayacakt\u0131r. T\u00fcrkiye merkezli bu b\u00fcy\u00fck devrimin art\u0131k ayak sesleri duyulmaktad\u0131r.<\/p><p>\u2022 \u0130srail\u2019in ve Yahudi Lobilerinin k\u0131\u015fk\u0131rtmas\u0131yla Amerika ve yanda\u015flar\u0131n\u0131n sald\u0131rd\u0131\u011f\u0131 Irak, Suriye ve Libya\u2019daki barbarl\u0131klar\u0131n sonucu, b\u00fct\u00fcn d\u00fcnyada Siyonizm\u2019e ve emperyalizme kar\u015f\u0131 olu\u015fan b\u00fcy\u00fck bir nefret dalgas\u0131n\u0131n giderek yay\u0131lmas\u0131,<\/p><p>\u2022 BM ve NATO gibi kurumlar\u0131n ABD\u2019nin elinde oyuncakla\u015fmas\u0131 ve bunlara olan itimat ve itibar\u0131n iyice zay\u0131flamas\u0131,<\/p><p>\u2022 T\u00fcrkiye, Rusya, \u0130ran, \u00c7in, Pakistan hatta Hindistan\u2019\u0131n destekledi\u011fi Avrasya olu\u015fumunun giderek g\u00fc\u00e7 ve h\u0131z kazanmas\u0131, hatta Fransa ve Almanya\u2019n\u0131n bu giri\u015fime yak\u0131n durmas\u0131, insanl\u0131\u011f\u0131n k\u00f6kl\u00fc bir de\u011fi\u015fime haz\u0131r oldu\u011funu g\u00f6sterdi\u011fi gibi;<\/p><p><strong>\u2022 Daha \u00f6nce: \u0130slam Konferans\u0131\u2019na kat\u0131lan, Rusya\u2019daki Siyonist s\u00f6m\u00fcr\u00fcc\u00fc odaklar\u0131n\u0131 ve Yahudi sermaye baronlar\u0131n\u0131 da\u011f\u0131tan, y\u00fcksek b\u00fcrokrasiye \u00e7\u00f6reklenen hain ve ajan kimseleri g\u00f6revden uzakla\u015ft\u0131ran, ABD Siyonizm\u2019ine ve s\u00f6m\u00fcr\u00fc sistemine uyumlu insan yeti\u015ftiren, Fetullah G\u00fclen\u2019in Rusya\u2019daki okullar\u0131n\u0131 kapatan\u2026 Saddam H\u00fcseyin a\u00e7\u0131klad\u0131\u011f\u0131 i\u00e7in onun ba\u015f\u0131na gelenlere ald\u0131rmadan, petrol\u00fc dolar yerine euro ile sataca\u011f\u0131n\u0131 duyuran ve ABD\u2019ye kafa tutan m\u00fcteveffa Hugo Chavez\u2019den sonra, bir ara Rusya\u2019n\u0131n da hazine ve d\u00f6viz rezervlerinin dolar yerine art\u0131k euro ile de\u011fi\u015ftirilece\u011fini a\u00e7\u0131klayan\u2026 ABD\u2019nin bile elinde bulunmayan ve Pentagon\u2019un n\u00fckleer tehdit ve tecav\u00fczlerini bo\u015fa \u00e7\u0131karacak yeni ve \u00e7ok etkili n\u00fckleer savunma sistemleri yapt\u0131klar\u0131 konu\u015fulan ve \u00c7e\u00e7enistan\u2019da, G\u00fcrcistan\u2019da ve Ukrayna\u2019da s\u00fcrekli s\u0131k\u0131\u015ft\u0131r\u0131lmas\u0131na ve ku\u015fat\u0131lmas\u0131na ra\u011fmen ertelenen tarihi T\u00fcrkiye ziyaretini ger\u00e7ekle\u015ftirip 6 \u00f6nemli anla\u015fmaya imza atan, hatta son g\u00fcnlerde s\u00fcrekli Kur\u2019an meali okudu\u011fu ve M\u00fcsl\u00fcman oldu\u011fu internet sitelerine yans\u0131yan <\/strong><strong>Vladimir Putin<\/strong><strong>\u2019in<\/strong> <strong>bu olumlu ve onurlu \u00e7\u0131k\u0131\u015flar\u0131 da beklenen, b\u00fcy\u00fck devrim ve de\u011fi\u015fimin \u00f6nemli bir parametresi ve par\u00e7as\u0131d\u0131r\u2026<\/strong><\/p><p><strong>Ve sabah yak\u0131nd\u0131r.<\/strong><\/p>\t\t\t\t\t\t\t\t<\/div>\n\t\t\t\t<\/div>\n\t\t\t\t<div class=\"elementor-element elementor-element-5e0d422 dipnot elementor-widget elementor-widget-text-editor\" data-id=\"5e0d422\" data-element_type=\"widget\" data-e-type=\"widget\" data-widget_type=\"text-editor.default\">\n\t\t\t\t<div class=\"elementor-widget-container\">\n\t\t\t\t\t\t\t\t\t<ol><li>Ra\u2019d: 7<\/li><li>Mektubat 411-412-441<\/li><li>\u015eualar: 492<\/li><li>Saadeti Ebediye s.350<\/li><li>Bak. A. \u0130hsan Yurt &#8211; Ak\u015femsettin 1972 \u0130ST<\/li><li>El Mehdi El Muntazar<\/li><li>Ya\u015fanan Ahir Zaman s.331<\/li><li>Sikke-i Tasdiki Gaybi s.9<\/li><li>Milli Gazete 15.06.1998<\/li><li>\u015eualar: s.590<\/li><li>Bak. Emirda\u011f Lahikas\u0131<\/li><li>Kastamonu Lahikas\u0131 72<\/li><li>Ukayli- En Necm\u00fcs-Sak\u0131b<\/li><li>Et-Tac Ali Nasif El Huseyni<\/li><li>Kenz\u00fcl Ummal C.5 s.254<\/li><li>Risalet\u00fcl Hurucil Mehdi &#8211; C.3 s.177<\/li><li>El Mehdi El Muntazar 35<\/li><li>En Necm\u00fcs Sak\u0131b &#8211; Ya\u015fanan Ahir Zaman &#8211; G\u00fcne\u015f yay. 2004 Kas\u0131m s.438<\/li><li>Kenz\u00fcl Ummal C.5 s.38- El Muttaki<\/li><li>Sabhan \u0130safar Ra\u011fibin S.154<\/li><li>Hadis Ebu Nuaym<\/li><li>Hadis Suyuti El-Havi 2\/4<\/li><li>El Mehdi El Muntazar<\/li><li>Ya\u015fanan Ahir Zaman s.422<\/li><\/ol>\t\t\t\t\t\t\t\t<\/div>\n\t\t\t\t<\/div>\n\t\t\t\t\t<\/div>\n\t\t<\/div>\n\t\t\t\t\t<\/div>\n\t\t<\/section>\n\t\t\t\t<\/div>\n\t\t","protected":false},"excerpt":{"rendered":"<p>HZ. MEHD\u0130; B\u0130R MEDEN\u0130YET M\u00dcHEND\u0130S\u0130D\u0130R \u201cHer kavmin bir h\u00e2disi (hidayet rehberi ve mehdisi) vard\u0131r\u201d[1] gibi ayetlerde i\u015faret edilen, ba\u015fta Buhari, M\u00fcslim ve K\u00fct\u00fcb-i Sitte\u2019de (6 Sahih Hadis Kitab\u0131) ve di\u011fer sa\u011flam kaynaklar\u0131ndaki y\u00fczlerce hadislerle haber verilen, ayr\u0131ca \u0130mam-\u0131 Azam, \u0130mam \u015eafii, \u0130mam Hanbeli ve \u0130mam Maliki, ba\u015fta b\u00fct\u00fcn mezhep imamlar\u0131 ve m\u00fc\u00e7tehid ulema taraf\u0131ndan kabul [&hellip;]<\/p>\n","protected":false},"author":58,"featured_media":0,"comment_status":"open","ping_status":"closed","sticky":false,"template":"","format":"standard","meta":{"footnotes":""},"categories":[7490],"tags":[],"class_list":["post-37977","post","type-post","status-publish","format-standard","hentry","category-eylul-2026"],"_links":{"self":[{"href":"https:\/\/www.millicozum.com\/mc\/wp-json\/wp\/v2\/posts\/37977","targetHints":{"allow":["GET"]}}],"collection":[{"href":"https:\/\/www.millicozum.com\/mc\/wp-json\/wp\/v2\/posts"}],"about":[{"href":"https:\/\/www.millicozum.com\/mc\/wp-json\/wp\/v2\/types\/post"}],"author":[{"embeddable":true,"href":"https:\/\/www.millicozum.com\/mc\/wp-json\/wp\/v2\/users\/58"}],"replies":[{"embeddable":true,"href":"https:\/\/www.millicozum.com\/mc\/wp-json\/wp\/v2\/comments?post=37977"}],"version-history":[{"count":4,"href":"https:\/\/www.millicozum.com\/mc\/wp-json\/wp\/v2\/posts\/37977\/revisions"}],"predecessor-version":[{"id":37981,"href":"https:\/\/www.millicozum.com\/mc\/wp-json\/wp\/v2\/posts\/37977\/revisions\/37981"}],"wp:attachment":[{"href":"https:\/\/www.millicozum.com\/mc\/wp-json\/wp\/v2\/media?parent=37977"}],"wp:term":[{"taxonomy":"category","embeddable":true,"href":"https:\/\/www.millicozum.com\/mc\/wp-json\/wp\/v2\/categories?post=37977"},{"taxonomy":"post_tag","embeddable":true,"href":"https:\/\/www.millicozum.com\/mc\/wp-json\/wp\/v2\/tags?post=37977"}],"curies":[{"name":"wp","href":"https:\/\/api.w.org\/{rel}","templated":true}]}}