{"id":37988,"date":"2026-09-01T00:49:15","date_gmt":"2026-08-31T21:49:15","guid":{"rendered":"https:\/\/www.millicozum.com\/mc\/?p=37988"},"modified":"2026-09-01T00:55:02","modified_gmt":"2026-08-31T21:55:02","slug":"devlet-elbette-mudahalede-bulunacaktir","status":"publish","type":"post","link":"https:\/\/www.millicozum.com\/mc\/2026\/eylul-2026\/devlet-elbette-mudahalede-bulunacaktir\/","title":{"rendered":"DEVLET, ELBETTE M\u00dcDAHALEDE BULUNACAKTIR!"},"content":{"rendered":"\t\t<div data-elementor-type=\"wp-post\" data-elementor-id=\"37988\" class=\"elementor elementor-37988\" data-elementor-settings=\"{&quot;element_pack_global_tooltip_width&quot;:{&quot;unit&quot;:&quot;px&quot;,&quot;size&quot;:&quot;&quot;,&quot;sizes&quot;:[]},&quot;element_pack_global_tooltip_width_tablet&quot;:{&quot;unit&quot;:&quot;px&quot;,&quot;size&quot;:&quot;&quot;,&quot;sizes&quot;:[]},&quot;element_pack_global_tooltip_width_mobile&quot;:{&quot;unit&quot;:&quot;px&quot;,&quot;size&quot;:&quot;&quot;,&quot;sizes&quot;:[]},&quot;element_pack_global_tooltip_padding&quot;:{&quot;unit&quot;:&quot;px&quot;,&quot;top&quot;:&quot;&quot;,&quot;right&quot;:&quot;&quot;,&quot;bottom&quot;:&quot;&quot;,&quot;left&quot;:&quot;&quot;,&quot;isLinked&quot;:true},&quot;element_pack_global_tooltip_padding_tablet&quot;:{&quot;unit&quot;:&quot;px&quot;,&quot;top&quot;:&quot;&quot;,&quot;right&quot;:&quot;&quot;,&quot;bottom&quot;:&quot;&quot;,&quot;left&quot;:&quot;&quot;,&quot;isLinked&quot;:true},&quot;element_pack_global_tooltip_padding_mobile&quot;:{&quot;unit&quot;:&quot;px&quot;,&quot;top&quot;:&quot;&quot;,&quot;right&quot;:&quot;&quot;,&quot;bottom&quot;:&quot;&quot;,&quot;left&quot;:&quot;&quot;,&quot;isLinked&quot;:true},&quot;element_pack_global_tooltip_border_radius&quot;:{&quot;unit&quot;:&quot;px&quot;,&quot;top&quot;:&quot;&quot;,&quot;right&quot;:&quot;&quot;,&quot;bottom&quot;:&quot;&quot;,&quot;left&quot;:&quot;&quot;,&quot;isLinked&quot;:true},&quot;element_pack_global_tooltip_border_radius_tablet&quot;:{&quot;unit&quot;:&quot;px&quot;,&quot;top&quot;:&quot;&quot;,&quot;right&quot;:&quot;&quot;,&quot;bottom&quot;:&quot;&quot;,&quot;left&quot;:&quot;&quot;,&quot;isLinked&quot;:true},&quot;element_pack_global_tooltip_border_radius_mobile&quot;:{&quot;unit&quot;:&quot;px&quot;,&quot;top&quot;:&quot;&quot;,&quot;right&quot;:&quot;&quot;,&quot;bottom&quot;:&quot;&quot;,&quot;left&quot;:&quot;&quot;,&quot;isLinked&quot;:true}}\" data-elementor-post-type=\"post\">\n\t\t\t\t\t\t<section class=\"elementor-section elementor-top-section elementor-element elementor-element-9fa6559 elementor-section-boxed elementor-section-height-default elementor-section-height-default\" data-id=\"9fa6559\" data-element_type=\"section\" data-e-type=\"section\">\n\t\t\t\t\t\t<div class=\"elementor-container elementor-column-gap-default\">\n\t\t\t\t\t<div class=\"elementor-column elementor-col-100 elementor-top-column elementor-element elementor-element-8ebbcda\" data-id=\"8ebbcda\" data-element_type=\"column\" data-e-type=\"column\">\n\t\t\t<div class=\"elementor-widget-wrap elementor-element-populated\">\n\t\t\t\t\t\t<div class=\"elementor-element elementor-element-6420af8 elementor-widget elementor-widget-heading\" data-id=\"6420af8\" data-element_type=\"widget\" data-e-type=\"widget\" data-widget_type=\"heading.default\">\n\t\t\t\t<div class=\"elementor-widget-container\">\n\t\t\t\t\t<h3 class=\"elementor-heading-title elementor-size-default\">DEVLET, ELBETTE M\u00dcDAHALEDE BULUNACAKTIR!<\/h3>\t\t\t\t<\/div>\n\t\t\t\t<\/div>\n\t\t\t\t\t<\/div>\n\t\t<\/div>\n\t\t\t\t\t<\/div>\n\t\t<\/section>\n\t\t\t\t<section class=\"elementor-section elementor-top-section elementor-element elementor-element-123ef4a elementor-section-boxed elementor-section-height-default elementor-section-height-default\" data-id=\"123ef4a\" data-element_type=\"section\" data-e-type=\"section\">\n\t\t\t\t\t\t<div class=\"elementor-container elementor-column-gap-default\">\n\t\t\t\t\t<div class=\"elementor-column elementor-col-100 elementor-top-column elementor-element elementor-element-f1e61b6\" data-id=\"f1e61b6\" data-element_type=\"column\" data-e-type=\"column\">\n\t\t\t<div class=\"elementor-widget-wrap elementor-element-populated\">\n\t\t\t\t\t\t<div class=\"elementor-element elementor-element-cf57dc0 satir-basi elementor-widget elementor-widget-text-editor\" data-id=\"cf57dc0\" data-element_type=\"widget\" data-e-type=\"widget\" data-widget_type=\"text-editor.default\">\n\t\t\t\t<div class=\"elementor-widget-container\">\n\t\t\t\t\t\t\t\t\t<p><strong>30 Mart 2016 tarihinde yay\u0131mlad\u0131\u011f\u0131m\u0131z yaz\u0131m\u0131z\u0131, \u00f6nemine binaen okurlar\u0131m\u0131zla tekrar payla\u015f\u0131yoruz\u2026<\/strong><\/p><p><strong>\u00a0<\/strong><\/p><p><strong>Devlet; <\/strong><strong>Derinli\u011fi, Direnci, Deneyimi ve Denge stratejisi olan etkin ve yetkin bir yap\u0131d\u0131r. <\/strong><\/p><p><strong>1- Derinlik:<\/strong><strong> \u00dclkenin her yerinde, toplumun her kesiminde ve her milli proje ve stratejide Devletin kendisini hissettiren bir DER\u0130NL\u0130\u011e\u0130 ve G\u0130ZEML\u0130\u011e\u0130 vard\u0131r. Partiler, h\u00fck\u00fcmetler, isimler ve resimler de\u011fi\u015fse de bu <\/strong><strong>derinlik<\/strong><strong> s\u00fcrekli diri kal\u0131r ve herkes bunun fark\u0131ndad\u0131r. Zira derinli\u011fi olmayan devlet, Muz Cumhuriyeti konumundad\u0131r.<\/strong><\/p><p><strong>2- Diren\u00e7<\/strong><strong> Yetene\u011fi: Her t\u00fcrl\u00fc i\u00e7 ve d\u0131\u015f tehditlere kar\u015f\u0131; politik, psikolojik, ekonomik, sosyolojik, pratik ve askeri diren\u00e7 ve dayan\u0131kl\u0131l\u0131k refleksleri ve gerekirse stratejik geri ad\u0131m atma ve kar\u015f\u0131 hamlelere haz\u0131rlanma giri\u015fimleri sergileyebilecek bir \u00f6zg\u00fcven ve esneklik; k\u00f6kl\u00fc, k\u00fclt\u00fcrl\u00fc ve nizam-\u0131 \u00e2lem d\u00fcrt\u00fcl\u00fc bir devletin varl\u0131k ve ba\u011f\u0131ms\u0131zl\u0131k vasf\u0131 ve \u015fart\u0131d\u0131r.<\/strong><\/p><p><strong>3- Deneyim:<\/strong><strong> \u00c7ok engin tarihi tecr\u00fcbelere, hem galibiyet ve h\u00e2kimiyet birikimine, hem ma\u011flubiyet ve mahk\u00fbmiyet deneyimine sahip bir devlet, ne k\u00fc\u00e7\u00fck f\u0131rsatlarda \u00e7\u0131lg\u0131nl\u0131k ve \u015f\u0131mar\u0131kl\u0131\u011fa ne de b\u00fcy\u00fck fesatl\u0131klarda \u015fa\u015fk\u0131nl\u0131k ve y\u0131lg\u0131nl\u0131\u011fa kap\u0131lmayacakt\u0131r.<\/strong><\/p><p><strong>4- Denge Stratejisi<\/strong><strong> ve Y\u00fcksek Beyin: B\u00fcy\u00fck devletlerin, zaten tarihten s\u00fcz\u00fcl\u00fcp gelen ortak bir haf\u0131zas\u0131 ve do\u011fal bir sinirsel kontrol mekanizmas\u0131 elbette vard\u0131r. Ancak, genellikle felaket ve i\u015fgal d\u00f6nemlerinde veya b\u00fcy\u00fck h\u0131yanet \u00e7emberlerinin darald\u0131\u011f\u0131 g\u00fcnlerde ortaya \u00e7\u0131kan <\/strong><strong>Dahi Liderler<\/strong><strong>, yeniden dirili\u015f ve \u015fahlan\u0131\u015f hareketlerini ba\u015flatmakta ve sadece devletin de\u011fil, tarihin ve mevcut d\u00fcnya d\u00fczeninin de y\u00f6n\u00fcn\u00fc de\u011fi\u015ftirmeyi ba\u015farmaktad\u0131r.<\/strong><\/p><p><strong>\u0130\u015fte T\u00fcrkiye; a) Tabii yap\u0131s\u0131 ve stratejik co\u011frafyas\u0131, b) Tarihi miras\u0131 ve derin milli zek\u00e2s\u0131, c) Ve talihli f\u0131rsatlar\u0131 ve potansiyel imk\u00e2nlar\u0131 kendisini yeni ve Adil bir medeniyet merkezi olmaya zorlayan (belki de kader taraf\u0131ndan b\u00f6yle programlanan) b\u00fct\u00fcn <\/strong><strong>DER\u0130NL\u0130K&#8217;lerini<\/strong><strong>, yani <\/strong><strong>Devlet iksirini<\/strong><strong> art\u0131k a\u00e7\u0131\u011fa \u00e7\u0131karmaya, b\u00f6ylece hem kabu\u011funu k\u0131rmaya, hem ku\u015fat\u0131lm\u0131\u015fl\u0131ktan kurtulmaya haz\u0131rlanmaktad\u0131r. Hat\u0131rlatal\u0131m; Erbakan Hoca, birtak\u0131m tavizler ve teslimiyet kar\u015f\u0131l\u0131\u011f\u0131, d\u0131\u015f g\u00fc\u00e7lerin himayesinde iktidara ta\u015f\u0131nan i\u015fbirlik\u00e7ileri, bir yaran\u0131n \u00fczerindeki kabu\u011fa benzetir ve alttaki yara iyile\u015fmeden kabu\u011fun kald\u0131r\u0131lmas\u0131n\u0131n yaray\u0131 azd\u0131raca\u011f\u0131n\u0131 s\u00f6yler, ancak zaman\u0131 gelince bilin\u00e7li ama basit bir <\/strong><strong>m\u00fcdahale<\/strong><strong> ile hem yaralardan hem kabuklardan kurtulaca\u011f\u0131m\u0131z\u0131 anlat\u0131rd\u0131. Ve elbette bazen, ila\u00e7la tedavisi m\u00fcmk\u00fcn olmayan bir hastal\u0131\u011f\u0131n k\u00f6k\u00fcn\u00fc kurutmak ve b\u00fct\u00fcn v\u00fccudu kurtarmak i\u00e7in <\/strong><strong>ne\u015fterli m\u00fcdahale-ameliyat<\/strong><strong> ka\u00e7\u0131n\u0131lmazd\u0131!<\/strong><\/p>\t\t\t\t\t\t\t\t<\/div>\n\t\t\t\t<\/div>\n\t\t\t\t<div class=\"elementor-element elementor-element-444c526 elementor-widget elementor-widget-heading\" data-id=\"444c526\" data-element_type=\"widget\" data-e-type=\"widget\" data-widget_type=\"heading.default\">\n\t\t\t\t<div class=\"elementor-widget-container\">\n\t\t\t\t\t<h4 class=\"elementor-heading-title elementor-size-default\">         DUAMIZ ORDUMUZLA\u2026 <\/h4>\t\t\t\t<\/div>\n\t\t\t\t<\/div>\n\t\t\t\t<div class=\"elementor-element elementor-element-b73a45b elementor-widget elementor-widget-text-editor\" data-id=\"b73a45b\" data-element_type=\"widget\" data-e-type=\"widget\" data-widget_type=\"text-editor.default\">\n\t\t\t\t<div class=\"elementor-widget-container\">\n\t\t\t\t\t\t\t\t\t<p><strong>Rabbim muzaffer eyle, bu Kahraman Ordumu<br \/><\/strong><strong>TSK\u2019d\u0131r namusum, Vatan\u0131m sigortas\u0131<br \/><\/strong><strong>Ha\u00e7l\u0131ya PKK\u2019ya, Sen \u00e7i\u011fnetme Yurdumu<br \/><\/strong><strong>Deccal\u2019in \u00e7eteleri, Amerika Rusya\u2019s\u0131\u2026<\/strong><\/p><p><strong>Orduma kumpas kuran, \u015fimdi muhta\u00e7 durumda<br \/><\/strong><strong>Bu soysuz hainlerden, bulunur her kurumda<br \/><\/strong><strong>G\u00e2vur k\u0131z\u0131n\u0131 kapsa, belki onur duyacak<br \/><\/strong><strong>Zaten AB hayran\u0131, vatan kimin umrunda\u2026<\/strong><\/p><p><strong>Armageddon kap\u0131da, art\u0131k dua g\u00fcn\u00fcd\u00fcr<br \/><\/strong><strong>K\u00e2firler kazan\u0131rsa, T\u00fcrklerin s\u00fcrg\u00fcn\u00fcd\u00fcr<br \/><\/strong><strong>\u0130slam\u2019\u0131n bayraktar\u0131, Milletimi mahvetme<br \/><\/strong><strong>Ahmed\u2019inin umudu, Mehdiyet d\u00fc\u011f\u00fcn\u00fcd\u00fcr\u2026<\/strong><\/p>\t\t\t\t\t\t\t\t<\/div>\n\t\t\t\t<\/div>\n\t\t\t\t<div class=\"elementor-element elementor-element-55a4f8f satir-basi elementor-widget elementor-widget-text-editor\" data-id=\"55a4f8f\" data-element_type=\"widget\" data-e-type=\"widget\" data-widget_type=\"text-editor.default\">\n\t\t\t\t<div class=\"elementor-widget-container\">\n\t\t\t\t\t\t\t\t\t<p><strong>S\u0131\u011f\u0131nmac\u0131lara NATO kalkan\u0131<\/strong><\/p><p><strong>T\u00fcrkiye, Almanya ve Yunanistan aras\u0131nda, s\u0131\u011f\u0131nmac\u0131lar i\u00e7in Ege&#8217;de NATO g\u00fcc\u00fcn\u00fcn devreye girmesi konusunda anla\u015fmaya var\u0131lm\u0131\u015ft\u0131. G\u00f6rev yapacak NATO Daimi Deniz G\u00fcc\u00fc Yunanistan&#8217;a ge\u00e7meye \u00e7al\u0131\u015fan s\u0131\u011f\u0131nmac\u0131lar\u0131 tespit ederek T\u00fcrkiye&#8217;ye geri d\u00f6nmelerini sa\u011flayacakt\u0131!?<\/strong><\/p><p><strong>Almanya, T\u00fcrkiye ve Yunanistan\u2019\u0131n ortak \u00f6nerisi olan <\/strong><strong><em>\u201cEge sular\u0131nda s\u0131\u011f\u0131nmac\u0131 ge\u00e7i\u015fini engellemek i\u00e7in bir NATO g\u00fcc\u00fcn\u00fcn devriye g\u00f6revi yapmas\u0131\u201d<\/em><\/strong><strong> hususunda anla\u015fma sa\u011flanm\u0131\u015ft\u0131. NATO\u2019ya \u00fcye \u00fclkelerin Savunma Bakanlar\u0131 Br\u00fcksel\u2019de bir araya toplanm\u0131\u015f, NATO\u2019nun Daimi Deniz G\u00fcc\u00fcn\u00fcn Ege Denizi\u2019nde devriye gezerek, s\u0131\u011f\u0131nmac\u0131lar\u0131n denetlenmesi ve cayd\u0131r\u0131c\u0131l\u0131k g\u00f6revini \u00fcstlenmesi konusunda, prensip anla\u015fmas\u0131na varm\u0131\u015ft\u0131. G\u00f6rev yapacak NATO Daimi Deniz G\u00fcc\u00fc, T\u00fcrkiye k\u0131y\u0131lar\u0131ndan Yunanistan\u2019a ge\u00e7meye \u00e7al\u0131\u015fan s\u0131\u011f\u0131nmac\u0131lar\u0131 tespit ederek T\u00fcrk sahil g\u00fcvenli\u011fine e\u015flik edecek ve s\u0131\u011f\u0131nmac\u0131lar\u0131n T\u00fcrkiye\u2019ye geri d\u00f6n\u00fc\u015f\u00fc sa\u011flanacakt\u0131. NATO Daimi Deniz G\u00fcc\u00fcn\u00fcn komutas\u0131 ise Almanya\u2019da olacakt\u0131.<\/strong><strong> Bunun anlam\u0131, 3 milyonu a\u015fan s\u0131\u011f\u0131nmac\u0131 T\u00fcrkiye&#8217;ye t\u0131k\u0131lacak, NATO korumas\u0131 ile Suriyeli s\u0131\u011f\u0131nmac\u0131lar\u0131n Avrupa&#8217;ya ge\u00e7mesine engel olunacakt\u0131. Ve maalesef T\u00fcrkiye&#8217;yi &#8220;a\u00e7\u0131k bir s\u0131\u011f\u0131nmac\u0131 kamp\u0131na&#8221; \u00e7evirecek bu \u015feytani giri\u015fime AKP iktidar\u0131 da destek \u00e7\u0131kmaktayd\u0131!<\/strong><\/p><p><strong>D\u00f6nemin Cumhurba\u015fkanl\u0131\u011f\u0131 Genel Sekreter Yard\u0131mc\u0131s\u0131 ve S\u00f6zc\u00fcs\u00fc \u0130brahim Kal\u0131n, <\/strong><strong><em>&#8220;Rusya, s\u0131\u011f\u0131nmac\u0131 g\u00f6\u00e7\u00fcyle Avrupa ve T\u00fcrkiye&#8217;yi cezaland\u0131rmak istiyor&#8221;<\/em><\/strong> <strong>diyerek kafas\u0131 kal\u0131nl\u0131\u011f\u0131n\u0131 m\u0131 ispatlam\u0131\u015ft\u0131? Bu zat, Suriye&#8217;de i\u00e7 sava\u015f \u00e7\u0131kart\u0131p 2,5 milyon m\u00fcltecinin T\u00fcrkiye&#8217;ye s\u0131\u011f\u0131nmas\u0131na yol a\u00e7an Amerika ve Avrupa&#8217;y\u0131 niye hi\u00e7 su\u00e7lamam\u0131\u015ft\u0131? \u0130brahim Kal\u0131n, &#8220;Daily Sabah&#8221; gazetesinde kaleme ald\u0131\u011f\u0131 &#8220;Sava\u015f, diplomasi ve Suriye trajedisi&#8221; yaz\u0131s\u0131nda <\/strong><strong><em>&#8220;Rusya&#8217;n\u0131n sivilleri bombalayarak, b\u00fcy\u00fck bir s\u0131\u011f\u0131nmac\u0131 ak\u0131n\u0131na yol a\u00e7mak ve Avrupa ile T\u00fcrkiye&#8217;yi cezaland\u0131rmak istedi\u011fini&#8221;<\/em><\/strong> <strong>a\u00e7\u0131klam\u0131\u015ft\u0131.<\/strong><strong>\u00a0 <\/strong><\/p><p><strong>Katolik lideri Papa Francesco ile Rus Ortodoks Kilisesi lideri Patrik Kirill zirvesinin arkas\u0131ndan (12 \u015eubat 2016) Rusya Devlet Ba\u015fkan\u0131 Vladimir Putin\u2019in gizli hesaplar\u0131 oldu\u011fu konu\u015fulmaktayd\u0131.<\/strong><\/p><p><strong>Rus Medyas\u0131; K\u00fcba\u2019da ger\u00e7ekle\u015ftirilen Katolik lideri Papa <\/strong><strong>Francesco <\/strong><strong>ile Rus Ortodoks Kilisesi\u2019nin ba\u015f\u0131 Patrik Kirill\u2019in bulu\u015fmas\u0131n\u0131 <\/strong><strong><em>\u2018bin y\u0131l sonra Do\u011fu ve Bat\u0131 kilisesi ilk kez bulu\u015ftu\u2019<\/em><\/strong><strong> diye yazm\u0131\u015ft\u0131. Uluslararas\u0131 medya da bunu <\/strong><strong>\u2018Tarihi bulu\u015fma\u2019 <\/strong><strong>diye yorumlam\u0131\u015ft\u0131. Ancak bu tarihi bulu\u015fman\u0131n ard\u0131nda Rusya Devlet Ba\u015fkan\u0131 Vladimir Putin\u2019in ince hesaplar\u0131 oldu\u011fu, Papa \u00fczerinden Avrupa\u2019y\u0131 etkilemeye \u00e7al\u0131\u015ft\u0131\u011f\u0131 yorumlar\u0131 yap\u0131lm\u0131\u015ft\u0131. Zira, Katolik ve Rus Ortodoks Kilisesi liderleri 1054 y\u0131l\u0131ndan bu yana ilk kez bulu\u015fmu\u015flard\u0131. Ancak Ortodoks Kiliseleri \u00fczerinde ve AKP&#8217;nin gaflet ve inayeti sayesinde kendisini <\/strong><strong>\u2018e\u015fitler aras\u0131nda birinci\u2019 <\/strong><strong>yani <\/strong><strong>\u2018Ek\u00fcmenik\u2019 <\/strong><strong>sayan \u0130stanbul\u2019daki Fener Patri\u011fi Bartholomeos daha \u00f6nce Papa ile birka\u00e7 defa bir arada olmu\u015flard\u0131.<\/strong><\/p><p><strong>Fikirsiz ve ferasetsiz politikalar\u0131n pi\u015fmanl\u0131k palavras\u0131: <\/strong><strong><em>&#8220;En iyisi Biziz!&#8221;<\/em><\/strong><strong>den <\/strong><strong><em>&#8220;Enayisi Biz miyiz?&#8221;<\/em><\/strong><strong>e Suriye maceras\u0131!<\/strong><\/p><p><strong>Be\u015f y\u0131l \u00f6nce (2011\u2019de) ve s\u00f6zde Arap Bahar\u0131 s\u00fcrecinde, ABD&#8217;nin Suriye&#8217;de i\u00e7 sava\u015f\u0131 k\u00f6r\u00fckleyece\u011fini ve \u00f6zellikle milyonlarca m\u00fclteci ak\u0131n\u0131yla T\u00fcrkiye&#8217;yi kilitleyece\u011fini yazd\u0131\u011f\u0131m\u0131zda bizi komploculukla su\u00e7layanlar ve AKP&#8217;nin ak\u0131beti belirsiz politika palavralar\u0131n\u0131 alk\u0131\u015flayanlar, bug\u00fcnlerde yeni yeni ak\u0131llanmaya ba\u015flam\u0131\u015ft\u0131.<\/strong><\/p><p><strong>Hat\u0131rlay\u0131n\u0131z; 2011&#8217;de, 2012&#8217;de ve 2013 ortalar\u0131nda,<\/strong> <strong><em>\u201cAlan el durumundaki T\u00fcrkiye\u2019yi, hamdolsun, veren el konumuna y\u00fckselttik, bizim petrol kuyular\u0131m\u0131z yok, ama Anadolu b\u00fcy\u00fckl\u00fc\u011f\u00fcnde vicdan\u0131m\u0131z var\u201d <\/em><\/strong>diye hava atanlar&#8230;<\/p><p><strong>2013 sonunda,<\/strong> <strong><em>\u201cD\u00fcnya k\u00fcre olarak var, ama merhamet olarak yok, bizler merhamet medeniyetinin mensuplar\u0131y\u0131z, kom\u015fusu a\u00e7ken tok yatmayan, yetim ba\u015f\u0131 ok\u015fayan, fukaran\u0131n derdiyle hemhal olmay\u0131 ibadet g\u00f6ren bir medeniyetin mensuplar\u0131y\u0131z\u201d<\/em><\/strong> diye palavra s\u0131kanlar\u2026<\/p><p><strong>2014 y\u0131l\u0131nda; <\/strong><strong><em>&#8220;\u0130yilik yap at denize, bal\u0131k bilmezse H\u00e2l\u0131k bilir dedik, siz bakmay\u0131n karde\u015flerimizi misafir etmemize \u2018ihanet\u2019 diyenlere, onlar ensar ne demektir, muhacir ne demektir, bilmezler, kimsesizlerin kimi olmak bizim i\u00e7in \u015fereftir\u201d<\/em><\/strong> diye edebiyat yapanlar&#8230;<\/p><p><strong>2015 ba\u015f\u0131nda, s\u0131\u011f\u0131nmac\u0131 say\u0131s\u0131 2 milyonu a\u015f\u0131nca:<\/strong> <strong><em>&#8220;E can\u0131m biz karde\u015flerimize kucak a\u00e7t\u0131k, ama bu kal\u0131c\u0131 bir durum de\u011fil, yak\u0131nda \u015fehirlerine, k\u00f6ylerine, evlerine geri d\u00f6necekler elbette\u201d<\/em><\/strong> demeye ba\u015flam\u0131\u015flard\u0131.<\/p><p><strong>2015 sonunda:<\/strong> Suriyeli s\u0131\u011f\u0131nmac\u0131 3 milyona, harcanan para 10 milyar dolara yakla\u015f\u0131nca El Cezire televizyonuna konu\u015fan kahraman\u0131m\u0131z: Karde\u015flerimize ilk defa \u201cbunlar\u201d diye hitap edip: <strong><em>\u201cBunlar\u0131n g\u00fcvenli\u011fini sa\u011flama alal\u0131m, kendi topraklar\u0131nda isk\u00e2n edelim, bunlar\u0131 daha nereye kadar besleyece\u011fiz\u201d <\/em><\/strong>diyerek felaketi sezer gibi davranm\u0131\u015ft\u0131&#8230;<\/p><p><strong>2016 ba\u015f\u0131nda<\/strong> Halep\u2019ten 300 bin m\u00fclteci daha s\u0131n\u0131ra y\u0131\u011f\u0131l\u0131nca: <strong><em>\u201cBizim aln\u0131m\u0131zda enayi yazm\u0131yor, kusura bakmay\u0131n, ay\u0131pt\u0131r ay\u0131p, otob\u00fcsler-u\u00e7aklar bo\u015funa durmuyor herhalde, bindirir g\u00f6ndeririz, hadi g\u00fcle g\u00fcle deriz\u201d<\/em><\/strong> diye k\u00fckreyen de ayn\u0131 adamd\u0131!..<\/p><p><strong>Yani <\/strong><strong><em>&#8220;En \u015fefkatlisi, en iyisi Biziz&#8221;<\/em><\/strong><strong>den \u015fimdi <\/strong><strong><em>&#8220;En enayisi Biz miyiz?&#8221;<\/em><\/strong><strong>e gelip dayanm\u0131\u015flard\u0131. Bu tutars\u0131zl\u0131k milli devletin de\u011fil, kabuk y\u00f6netimin bir tavr\u0131yd\u0131.<\/strong><\/p><p><strong>ABD&#8217;den T\u00fcrkiye&#8217;ye YPG yalakal\u0131\u011f\u0131!<\/strong><\/p><p><strong>ABD D\u0131\u015fi\u015fleri Bakanl\u0131\u011f\u0131, T\u00fcrkiye&#8217;nin angajman kurallar\u0131 i\u00e7inde YPG hedeflerini vurmas\u0131na ili\u015fkin a\u00e7\u0131klama yapm\u0131\u015f ve zoru g\u00f6r\u00fcnce yaltaklanmaya ba\u015flam\u0131\u015ft\u0131!<\/strong><\/p><p><strong>ABD D\u0131\u015fi\u015fleri Bakanl\u0131\u011f\u0131 S\u00f6zc\u00fcs\u00fc Kirby, TSK&#8217;n\u0131n kararl\u0131 ve tutarl\u0131 tavr\u0131 kar\u015f\u0131s\u0131nda Suriyeli K\u00fcrtlere ve YPG ile ba\u011flant\u0131l\u0131 di\u011fer g\u00fc\u00e7lere, <\/strong><strong><em>&#8220;kar\u0131\u015f\u0131k durumdan istifade ederek yeni b\u00f6lgeleri ele ge\u00e7irmeye \u00e7al\u0131\u015fmamalar\u0131&#8221;<\/em><\/strong><strong> \u00e7a\u011fr\u0131s\u0131nda bulunduklar\u0131n\u0131 a\u00e7\u0131klam\u0131\u015ft\u0131. ABD D\u0131\u015fi\u015fleri Bakanl\u0131\u011f\u0131 S\u00f6zc\u00fcs\u00fc John Kirby, yaz\u0131l\u0131 bir a\u00e7\u0131klama yaparak T\u00fcrkiye&#8217;nin Azez ve \u00e7evresinde tehdit olu\u015fturan g\u00fc\u00e7lere kar\u015f\u0131 mukabelede bulunmas\u0131n\u0131n verdi\u011fi \u015fa\u015fk\u0131nl\u0131kla: <\/strong><strong><em>&#8220;Kuzey Halep b\u00f6lgesinde ya\u015fanan durumdan dolay\u0131 kayg\u0131 duymaktay\u0131z ve tansiyonu d\u00fc\u015f\u00fcrmek i\u00e7in b\u00fct\u00fcn taraflarla \u00e7al\u0131\u015f\u0131yoruz. Suriyeli K\u00fcrtlere ve YPG ile ba\u011flant\u0131l\u0131 di\u011fer g\u00fc\u00e7lere, kar\u0131\u015f\u0131k durumdan istifade ederek yeni b\u00f6lgeleri ele ge\u00e7irmeye \u00e7al\u0131\u015fmamalar\u0131 \u00e7a\u011fr\u0131s\u0131nda bulunduk&#8221;<\/em><\/strong><strong> ifadesini kullanm\u0131\u015f, b\u00f6ylece Erbakan Hoca&#8217;n\u0131n <\/strong><strong><em>&#8220;G\u00e2vur laftan de\u011fil, g\u00fc\u00e7ten anlar&#8221;<\/em><\/strong> <strong>s\u00f6z\u00fc bir kez daha do\u011fru \u00e7\u0131km\u0131\u015ft\u0131.<\/strong><\/p><p><strong>Yakalanan YPG&#8217;liden olay Kobani itiraflar\u0131!<\/strong><\/p><p><strong>ABD ile T\u00fcrkiye aras\u0131nda siyasi gerilime neden olan PKK-PYD ili\u015fkisi, \u015eanl\u0131urfa&#8217;da yap\u0131lan bir operasyonda g\u00f6zalt\u0131na al\u0131nan Suriye uyruklu ve YPG i\u00e7inde &#8220;Dilxaz\/Dirok&#8221; kod isimlerini kullanan M.M.A&#8217;n\u0131n anlat\u0131mlar\u0131, PKK ile PYD aras\u0131ndaki ba\u011flant\u0131lar hakk\u0131nda yeni bilgilere ula\u015f\u0131lmas\u0131n\u0131 sa\u011flam\u0131\u015ft\u0131. YPG&#8217;nin lojistik sorumlusu olarak g\u00f6rev yapan M.M.A.&#8217;n\u0131n ifadesinde:<\/strong> <strong><em>&#8220;PYD, Suriye&#8217;de K\u00fcrtlerin siyasi hareketidir. Bu partinin silahl\u0131 faaliyet y\u00fcr\u00fcten YPG kanad\u0131 vard\u0131r. Bu olu\u015fumlar PKK \u00e7at\u0131s\u0131 alt\u0131nda faaliyet y\u00fcr\u00fct\u00fcr. YPG, PKK&#8217;n\u0131n Suriye hareketidir. Abdullah \u00d6calan&#8217;\u0131n fikirlerini ve g\u00f6r\u00fc\u015flerini benimser. PKK&#8217;dan ba\u011f\u0131ms\u0131z hareket edemez&#8221;<\/em><\/strong> <strong>ger\u00e7eklerini vurgulam\u0131\u015ft\u0131.<\/strong><\/p><p><strong>\u00c7avu\u015fo\u011flu&#8217;ndan Suriye&#8217;ye kara harek\u00e2t\u0131 a\u00e7\u0131klamas\u0131 kafa kar\u0131\u015ft\u0131r\u0131c\u0131yd\u0131!<\/strong><\/p><p><strong>D\u00f6nemin D\u0131\u015fi\u015fleri Bakan\u0131 Mevl\u00fct \u00c7avu\u015fo\u011flu, Uluslararas\u0131 Suriye Destek Grubu Toplant\u0131s\u0131 ve G\u00fcvenlik Konferans\u0131&#8217;na kat\u0131lm\u0131\u015ft\u0131. \u00c7avu\u015fo\u011flu\u2019nun yapt\u0131\u011f\u0131 a\u00e7\u0131klamada,<\/strong> <strong><em>&#8220;Suriye&#8217;ye kara operasyonu hakk\u0131nda al\u0131nm\u0131\u015f bir karar yok, ama \u00f6n\u00fcm\u00fczdeki g\u00fcnlerde Suudi Arabistan u\u00e7aklar\u0131 T\u00fcrkiye&#8217;ye I\u015e\u0130D ile m\u00fccadele i\u00e7in gelebilir ve kara operasyonu gerekebilir&#8221;<\/em><\/strong> <strong>s\u00f6zleri kafalar\u0131 kar\u0131\u015ft\u0131rm\u0131\u015ft\u0131. <\/strong><strong>\u00c7\u00fcnk\u00fc Amerika&#8217;n\u0131n tertip ve te\u015fvikiyle Suudi Arabistan&#8217;la yan yana gelip, \u0130ran, Rusya ve Suriye ile bir s\u00fcrt\u00fc\u015fme ba\u015flatmak tahminlerin \u00f6tesinde feci olaylara kap\u0131 aralayacakt\u0131r.<\/strong><\/p><p><strong>B\u00fclent Ar\u0131n\u00e7 ve H\u00fcseyin \u00c7elik gibilerin \u00e7\u0131k\u0131\u015flar\u0131, art\u0131k kemi\u011fe dayanan hakl\u0131 m\u00fcdahaleyi suland\u0131rma ve &#8220;i\u015fler d\u00fczeliyor, normal ayarlara d\u00f6n\u00fcl\u00fcyor\u2026&#8221; imaj\u0131 ile vakit kazanma numaralar\u0131d\u0131r!<\/strong><\/p><p>\u0130ran k\u00f6kenli ABD&#8217;li akademisyen ve yazar Fathal\u0131 M. Moghaddam&#8217;\u0131n <strong><em>&#8220;Diktat\u00f6rl\u00fc\u011f\u00fcn Psikolojisi&#8221;<\/em><\/strong> kitab\u0131nda ilgin\u00e7 bilgiler yer almaktad\u0131r. Bu kitab\u0131n iki-\u00fc\u00e7 y\u0131l kadar \u00f6ncesi (2013\u2019te), Recep T. Erdo\u011fan&#8217;\u0131n ABD ziyareti s\u0131ras\u0131nda, yazar\u0131 taraf\u0131ndan bizzat Emine Erdo\u011fan&#8217;a arma\u011fan edildi\u011fi hat\u0131r\u0131m\u0131zdad\u0131r.<\/p><p><strong>Bu kitaba g\u00f6re <\/strong><strong>diktat\u00f6rl\u00fckler <\/strong><strong>ancak iki \u015fekilde y\u0131k\u0131l\u0131r:<\/strong><\/p><p><strong>1- Diktat\u00f6rl\u00fck i\u00e7indeki elitlerin birbirine d\u00fc\u015f\u00fcp makam ve menfaat h\u0131rs\u0131yla kap\u0131\u015fmalar\u0131,<\/strong><\/p><p><strong>2- Halk\u0131n ayaklan\u0131p iktidara el koymas\u0131d\u0131r.<\/strong><\/p><p><strong>Bize g\u00f6re bir \u00fc\u00e7\u00fcnc\u00fc yol daha vard\u0131r, o da bizzat Devletin duruma m\u00fcdahil olmas\u0131d\u0131r. <\/strong><strong>Acaba AKP i\u00e7indeki \u00e7atlaklar ve c\u0131rtlak \u00e7\u0131k\u0131\u015flar, diktat\u00f6rl\u00fc\u011fe bir ba\u015fkald\u0131r\u0131 m\u0131d\u0131r, yoksa halk\u0131n havas\u0131n\u0131 alma ve bo\u015f umutlarla oyalama hesab\u0131 m\u0131d\u0131r?<\/strong><\/p><p><strong>Ankara&#8217;da a\u00e7\u0131ktan a\u00e7\u0131\u011fa: <\/strong><strong><em>\u201cCumhurba\u015fkan\u0131 Erdo\u011fan, Ba\u015fbakan Davuto\u011flu&#8217;ndan ku\u015fkulanmaktaym\u0131\u015f&#8230; Art\u0131k geri d\u00f6n\u00fclmez noktaya yakla\u015f\u0131lm\u0131\u015f ve ipler kopacakm\u0131\u015f&#8230; Davuto\u011flu&#8217;nun alternatifleri bile haz\u0131rlanm\u0131\u015f; yerine Numan Kurtulmu\u015f ya da Binali Y\u0131ld\u0131r\u0131m oturtulacakm\u0131\u015f!..\u201d <\/em><\/strong><strong>f\u0131s\u0131lt\u0131lar\u0131 kulisleri de a\u015fm\u0131\u015f, k\u0131raathanelerde konu\u015fulmaktayd\u0131. <\/strong><strong>AKP&#8217;nin kurucu ismi ve Eski Bakan H\u00fcseyin \u00c7elik, Ahmet Hakan&#8217;a verdi\u011fi r\u00f6portajda &#8220;AKP i\u00e7inde insanlar\u0131n sistematik bir \u015fekilde kenara at\u0131ld\u0131\u011f\u0131n\u0131&#8221; hayk\u0131rmaktayd\u0131. <\/strong><strong>AKP&#8217;nin kurucu isimlerinden biri olan H\u00fcseyin \u00c7elik, H\u00fcrriyet gazetesi yazar\u0131 Ahmet Hakan&#8217;\u0131n sorular\u0131n\u0131 yan\u0131tlarken: AKP hakk\u0131nda <\/strong><strong><em>&#8220;Geminin dibi su al\u0131yorsa, siz rahat ve l\u00fcks bir ortamda bulunman\u0131za aldanmay\u0131n, yak\u0131nda batars\u0131n\u0131z&#8221;<\/em><\/strong> <strong>diye uyar\u0131yordu.<\/strong><\/p><p><strong>B\u00fclent Ar\u0131n\u00e7&#8217;\u0131n ayar\u0131 ve amac\u0131!<\/strong><\/p><p><strong>AKP&#8217;nin kurucu isimlerinden B\u00fclent Ar\u0131n\u00e7&#8217;\u0131n, \u00c7\u00f6z\u00fcm S\u00fcreci ve Cumhurba\u015fkan\u0131 Erdo\u011fan hakk\u0131ndaki a\u00e7\u0131klamalar\u0131 parti i\u00e7inde b\u00fcy\u00fck tepki toplam\u0131\u015ft\u0131. Kulislerden gelen yeni bir iddia ortal\u0131\u011f\u0131 kar\u0131\u015ft\u0131rm\u0131\u015ft\u0131. Ankara&#8217;da AKP&#8217;yi hareketlendirecek bir geli\u015fme ya\u015fanm\u0131\u015ft\u0131. Eski Ba\u015fbakan Yard\u0131mc\u0131s\u0131 ve H\u00fck\u00fcmet S\u00f6zc\u00fcs\u00fc B\u00fclent Ar\u0131n\u00e7, kendisine destek veren eski parti s\u00f6zc\u00fcs\u00fc H\u00fcseyin \u00c7elik, Ahmet Davuto\u011flu d\u00f6neminde partiden uzakla\u015fan eski Spor Bakan\u0131 Suat K\u0131l\u0131\u00e7, eski Sanayi Bakan\u0131 Nihat Erg\u00fcn ve eski G\u00fcmr\u00fck Bakan\u0131 Hayati Yaz\u0131c\u0131&#8217;n\u0131n, Hamam\u00f6n\u00fc&#8217;nde \u00e7al\u0131\u015fma ofisi tuttuklar\u0131 haberleri bas\u0131na yans\u0131m\u0131\u015ft\u0131.<\/strong><\/p><p><strong>B\u00fclent Ar\u0131n\u00e7&#8217;\u0131n \u00e7\u0131k\u0131\u015f\u0131 planl\u0131yd\u0131!<\/strong><\/p><p><strong>B\u00fclent Ar\u0131n\u00e7\u2019\u0131n AKP ile PKK\/HDP aras\u0131nda var\u0131lan \u201cDolmabah\u00e7e Mutabakat\u0131\u201d ile ilgili a\u00e7\u0131klamalar\u0131 ve mutabakattan Tayyip Erdo\u011fan\u2019\u0131n da bilgisi oldu\u011funu vurgulamas\u0131 ortal\u0131\u011f\u0131 kar\u0131\u015ft\u0131rm\u0131\u015ft\u0131. Cumhurba\u015fkan\u0131 Tayyip Erdo\u011fan, Ar\u0131n\u00e7\u2019a \u201cO zat\u201d diye hitap edip k\u0131zg\u0131nl\u0131\u011f\u0131n\u0131 belirtirken, Ar\u0131n\u00e7 \u00f6n\u00fcm\u00fczdeki g\u00fcnlerde kimsenin bilmedi\u011fi bir\u00e7ok konunun daha a\u00e7\u0131\u011fa \u00e7\u0131kabilece\u011fi imas\u0131nda bulunmu\u015flard\u0131. Ar\u0131n\u00e7\u2019\u0131n s\u00f6zleri Erdo\u011fan\u2019a tehdit olarak alg\u0131lanm\u0131\u015f, Ar\u0131n\u00e7\u2019\u0131n \u00e7\u0131k\u0131\u015f\u0131na partinin eski \u00fcst d\u00fczey y\u00f6neticilerinden H\u00fcseyin \u00c7elik, eski Adalet Bakan\u0131 Sadullah Ergin, eski Gen\u00e7lik ve Spor Bakan\u0131 Suat K\u0131l\u0131\u00e7 da destek olmu\u015flard\u0131. AKP i\u00e7inde ya\u015fanan tart\u0131\u015fmalar yanda\u015f gazete ve televizyonlardaki yanda\u015f gazeteciler aras\u0131nda da b\u00f6l\u00fcnmelere yol a\u00e7m\u0131\u015ft\u0131.<\/strong><\/p><p><strong>Bu b\u00f6l\u00fcnme haberleri, gazetelerin k\u00f6\u015fe yazarlar\u0131na da yans\u0131rken, kar\u015f\u0131l\u0131kl\u0131 su\u00e7lamalar\u0131n medyada a\u00e7\u0131k\u00e7a yer almas\u0131 ka\u00e7\u0131n\u0131lmazd\u0131. Ar\u0131n\u00e7 tart\u0131\u015fmas\u0131 s\u00fcrerken Akif Beki\u2019nin AKP\u2019deki tart\u0131\u015fmalarla ilgili yaz\u0131s\u0131 \u00fczerinden sosyal medyada s\u00f6z d\u00fcellosu ya\u015fanm\u0131\u015ft\u0131. Cem K\u00fc\u00e7\u00fck, Akif Beki, Mustafa Karaalio\u011flu gibi isimler, AKP\u2019deki safla\u015fma \u00e7er\u00e7evesinde birbirlerine kar\u015f\u0131 a\u011f\u0131r ifadeler kullanm\u0131\u015flard\u0131. AKP\u2019de tart\u0131\u015fma \u201cd\u0131\u015flanm\u0131\u015f\u201d AKP\u2019lilerle Erdo\u011fan aras\u0131nda g\u00f6z\u00fckse de parti i\u00e7inde alttan alta b\u00fcy\u00fcyen bir krize d\u00f6n\u00fc\u015ft\u00fc\u011f\u00fc, bunun \u00f6n\u00fcm\u00fczdeki d\u00f6nemde daha da artaca\u011f\u0131 anla\u015f\u0131lmaktayd\u0131. Yanda\u015f medyadaki haber verili\u015f \u015fekilleri, Erdo\u011fan ve Davuto\u011flu\u2019nun foto\u011fraflar\u0131n\u0131n b\u00fcy\u00fckl\u00fc\u011f\u00fc-k\u00fc\u00e7\u00fckl\u00fc\u011f\u00fc bile tart\u0131\u015fma konusu yap\u0131lmaktayd\u0131. \u201cAk Saray\u201d k\u00f6\u015fe yazarlar\u0131n\u0131n yaz\u0131lar\u0131n\u0131 ar\u015fivlerken, Davuto\u011flu\u2019nu \u00f6ne \u00e7\u0131karan yaz\u0131 ve haberler konusunda genel yay\u0131n y\u00f6netmenleri uyar\u0131lm\u0131\u015ft\u0131. 1 Kas\u0131m 2015 se\u00e7imleri sonras\u0131nda ya\u015fanan \u201czaferin sahibi kim\u201d tart\u0131\u015fmas\u0131 da s\u00fcr\u00fcp durmaktayd\u0131.<\/strong><\/p><p><strong>Ar\u0131n\u00e7\u2019\u0131n \u00e7\u0131k\u0131\u015f\u0131 krizin habercisi mi olmaktayd\u0131?<\/strong><\/p><p><strong>AKP\u2019de sesini y\u00fckselten muhalifler daha \u00e7ok F tipi \u00f6rg\u00fctle dirsek temas\u0131 olanlard\u0131. Ancak s\u0131k\u0131nt\u0131n\u0131n sadece bu ekiple s\u0131n\u0131rl\u0131 olmad\u0131\u011f\u0131, krizin tahminlerden \u00e7ok daha derinden kaynakland\u0131\u011f\u0131 a\u00e7\u0131kt\u0131. Eski bir AKP MYK \u00fcyesinin:<\/strong> <strong><em>\u201cAKP\u2019de s\u0131k\u0131nt\u0131 b\u00fcy\u00fck. 7 Haziran sonras\u0131 ortal\u0131k tam kar\u0131\u015facakt\u0131 ki 1 Kas\u0131m se\u00e7imleri g\u00fcndeme geldi. 1 Kas\u0131m se\u00e7imleri krizi erteledi. Se\u00e7imlerde %49,5 oy al\u0131p tek ba\u015f\u0131na iktidar olunca olay bast\u0131r\u0131ld\u0131. AKP tek ba\u015f\u0131na ezici bir \u015fekilde iktidar ama partide bu hava yok. Parti, i\u00e7in i\u00e7in kayn\u0131yor. \u00d6rg\u00fct\u00fcn her kademesinde b\u00f6l\u00fcnme ve tedirginlik var. B\u00fclent Ar\u0131n\u00e7 ve di\u011fer eski AKP y\u00f6neticileri bu durumu g\u00f6rd\u00fckleri i\u00e7in ortaya \u00e7\u0131kt\u0131lar. Ar\u0131n\u00e7 ve H\u00fcseyin \u00c7elik\u2019in \u00e7\u0131k\u0131\u015flar\u0131 kesinlikle planl\u0131. \u00d6n\u00fcm\u00fczdeki d\u00f6nemde yeni geli\u015fmeler ya\u015fanabilir. Kimsenin bilmedi\u011fi s\u0131rlar\u0131 ortaya d\u00f6k\u00fcp Cumhurba\u015fkan\u0131 Erdo\u011fan\u2019\u0131 zora sokabilirler. Cumhurba\u015fkan\u0131m\u0131z g\u00fc\u00e7l\u00fc g\u00f6r\u00fcnse de asl\u0131nda o kadar g\u00fc\u00e7l\u00fc de\u011fil. Ya\u015fanacak \u00e7\u00f6z\u00fclmelerin arkas\u0131 h\u0131zla gelebilir\u201d <\/em><\/strong><strong>itiraflar\u0131 dikkate al\u0131nmal\u0131yd\u0131.<\/strong><\/p><p><strong>\u0130srail&#8217;e &#8221;One Minute&#8221; kahramanl\u0131\u011f\u0131yla tan\u0131nan Sn. Erdo\u011fan, Cumhurba\u015fkanl\u0131\u011f\u0131 Saray\u0131\u2019nda Siyonist Netanyahu&#8217;nun en yak\u0131n arkada\u015f\u0131 ile, bir saat boyunca bas\u0131na kapal\u0131 neleri konu\u015fmu\u015flard\u0131?<\/strong><\/p><p><strong>\u0130srail ile T\u00fcrkiye aras\u0131ndaki ili\u015fkilerin d\u00fczeltilmesi kapsam\u0131nda, ABD&#8217;li Yahudi cemaatinin \u00f6nemli isimleri T\u00fcrkiye&#8217;ye gelerek Cumhurba\u015fkan\u0131 Erdo\u011fan ve Ba\u015fbakan Davuto\u011flu&#8217;yla bulu\u015fmu\u015flard\u0131. Arutz Sheva&#8217;dan Cynthia Blank&#8217;in haberine g\u00f6re, g\u00f6r\u00fc\u015fme \u00c7ankaya K\u00f6\u015fk\u00fc&#8217;nde yap\u0131lm\u0131\u015ft\u0131. Ziyaret\u00e7iler aras\u0131nda, \u00fcnl\u00fc &#8220;Yahudi lobisi&#8221; Amerikan \u0130srail Halkla \u0130li\u015fkiler Komitesi (AIPAC) de yer alm\u0131\u015ft\u0131. Toplant\u0131ya kat\u0131lanlardan Malcolm Hoenlein, \u0130srail Ba\u015fbakan\u0131 Binyamin Netanyahu&#8217;nun yak\u0131n arkada\u015f\u0131 olarak tan\u0131nmaktayd\u0131. Haberde, T\u00fcrkiye ile \u0130srail aras\u0131ndaki olas\u0131 &#8220;do\u011falgaz hatt\u0131&#8221; projesinin de yak\u0131nla\u015fman\u0131n nedenleri aras\u0131nda olabilece\u011fi vurgulanm\u0131\u015ft\u0131.[1]<\/strong><\/p><p><strong>\u0130srail ile ilk ortakl\u0131k anla\u015fmas\u0131 imzalanm\u0131\u015ft\u0131<\/strong><\/p><p><strong>T\u00fcrkiye ile \u0130srail aras\u0131nda ili\u015fkilerin normalle\u015ftirilmesi i\u00e7in g\u00f6r\u00fc\u015fmeler s\u00fcrerken, Zorlu Grubu, do\u011falgaz konusunda resmi anla\u015fman\u0131n imzalanmas\u0131n\u0131 beklemeden, \u0130srailli Edeltech \u015firketi ile el s\u0131k\u0131\u015fm\u0131\u015ft\u0131. \u0130srail\u2019in Edeltech \u015firketi ile T\u00fcrkiye\u2019den Zorlu Grubu, \u0130srail\u2019in Leviathan do\u011falgaz yataklar\u0131ndan \u00e7\u0131kacak gaz\u0131n i\u015flenmesi ve pazara sunumu konusunda ortakl\u0131k anla\u015fmas\u0131 imzalam\u0131\u015ft\u0131. \u0130stanbul\u2019a gelerek Cumhurba\u015fkan\u0131 Tayyip Erdo\u011fan ve Ba\u015fbakan Ahmet Davuto\u011flu ile g\u00f6r\u00fc\u015fen ABD Ba\u015fkan Yard\u0131mc\u0131s\u0131 Joe Biden de, T\u00fcrkiye d\u00f6n\u00fc\u015f\u00fc \u0130srail Ba\u015fbakan\u0131 Binyamin Netanyahu ve K\u0131br\u0131s Rum Y\u00f6netimi Lideri Anastasiadis ile telefon g\u00f6r\u00fc\u015fmeleri yapm\u0131\u015ft\u0131. Beyaz Saray\u2019dan yap\u0131lan a\u00e7\u0131klamada, Biden\u2019in bu iki g\u00f6r\u00fc\u015fmesinde ana g\u00fcndemin Do\u011fu Akdeniz\u2019deki enerji i\u015f birli\u011fi oldu\u011fu vurgulanm\u0131\u015ft\u0131. Biden\u2019in \u00f6nce T\u00fcrkiye, ard\u0131ndan \u0130srail ve Rumlar ile yapt\u0131\u011f\u0131 bu seri g\u00f6r\u00fc\u015fmeler de, \u201cABD Akdeniz\u2019deki sorunlara ve enerji i\u015f birli\u011fi imk\u00e2nlar\u0131na el att\u0131\u201d olarak yorumlanm\u0131\u015ft\u0131. \u0130\u015fte Kahraman Erdo\u011fan&#8217;a ve AKP iktidar\u0131na bu yak\u0131\u015f\u0131rd\u0131.<\/strong><\/p><p><strong>\u0130srail\u2019den PYD&#8217;ye destek a\u00e7\u0131klamas\u0131<\/strong><\/p><p><strong>Ama bundan daha bir ay \u00f6nce \u0130srail, PKK&#8217;n\u0131n Suriye kolu PYD&#8217;nin silahland\u0131r\u0131lmas\u0131 \u00e7a\u011fr\u0131s\u0131 yapm\u0131\u015ft\u0131. \u0130srail Savunma Bakan\u0131 Mo\u015fe Yalon, S\u00fcnni Araplar ile K\u00fcrt g\u00fc\u00e7lerinin silahla donat\u0131lmas\u0131 gerekti\u011fini a\u00e7\u0131klam\u0131\u015ft\u0131. Yalon, <em>&#8220;Yerli g\u00fc\u00e7lere tam destek verilmeli. Destek; K\u00fcrtleri, S\u00fcnni Araplar\u0131 ve Be\u015f\u015far Esad ile \u0130ran\u2019a kar\u015f\u0131 olan g\u00fc\u00e7leri kapsamal\u0131\u201d<\/em> ifadelerini kullanm\u0131\u015ft\u0131. Amerika Birle\u015fik Devletleri\u2019nin ba\u015fkenti Washington\u2019da bulunan Brookings Enstit\u00fcs\u00fc\u2019nde bir panele kat\u0131lan \u0130srail Savunma Bakan\u0131 Mo\u015fe Yalon, K\u00fcrt g\u00fc\u00e7lerinin silahla donat\u0131lmas\u0131 l\u00fczumunu ve I\u015e\u0130D\u2019e kar\u015f\u0131 sava\u015f\u0131n \u00f6nc\u00fcl\u00fc\u011f\u00fcn\u00fc ABD\u2019nin yapmas\u0131n\u0131n \u00f6nemli oldu\u011funu hat\u0131rlatm\u0131\u015ft\u0131.<\/strong><\/p><p><strong>Oysa 6 bin askerimiz ve 25 tank, film gibi bir operasyonla Kuzey Irak&#8217;a girdi\u011finde DEA\u015e ve PYD&#8217;ye operasyonlar d\u00fczenleyen askerlerimiz, 64 PYD&#8217;liyi etkisiz b\u0131rakm\u0131\u015ft\u0131. \u00d6ld\u00fcr\u00fclen 64 PYD&#8217;linin 9&#8217;unun boynunda \u0130srail&#8217;i temsil eden Davut Y\u0131ld\u0131z\u0131 i\u015fareti \u00e7\u0131km\u0131\u015ft\u0131. Yani bunlar MOSSAD ajanlar\u0131yd\u0131.[2]<\/strong><\/p><p><strong>YPG&#8217;den PKK&#8217;ya ta\u015f\u0131nan a\u011f\u0131r silahlar ABD ve \u0130srail yap\u0131m\u0131yd\u0131!<\/strong><\/p><p><strong>PKK&#8217;n\u0131n elindeki tank m\u00fchimmatlar\u0131ndan anti tank ve anti personeli zaten biliyorduk, ama bu d\u00f6nemde (s\u00f6zde \u00e7\u00f6z\u00fcm s\u00fcrecinde PKK&#8217;n\u0131n elinde) <\/strong><strong><em>tandem heat, termobarik ve airburst m\u00fchimmat\u0131<\/em><\/strong> <strong>yakaland\u0131. Bu m\u00fchimmatlar PKK\/YDG-H&#8217;nin boyunu a\u015fard\u0131. (Yani bunlar ABD ve \u0130srail ikram\u0131yd\u0131) s\u00f6zleri, ter\u00f6r b\u00f6lgesinde kahramanca \u00e7arp\u0131\u015fan Mehmet\u00e7iklerin ba\u015f\u0131nda g\u00f6rev yapan \u00fcst d\u00fczey bir komutan\u0131m\u0131z\u0131n a\u011fz\u0131ndan \u00e7\u0131km\u0131\u015ft\u0131. Kendisiyle Cizre, Silopi ve Sur&#8217;da y\u00fcr\u00fct\u00fclen operasyonlar\u0131n gidi\u015fat\u0131 ile ilgili g\u00f6r\u00fc\u015f\u00fcrken kahpe \u00e7etesinin kulland\u0131\u011f\u0131 silahlarla ilgili dudak u\u00e7uklat\u0131c\u0131 bilgiler aktarm\u0131\u015ft\u0131.[3]<\/strong><\/p><p><strong>\u0130srail&#8217;le i\u015f birli\u011fi h\u0131yanetin daniskas\u0131d\u0131r!<\/strong><\/p><p>Emekli B\u00fcy\u00fckel\u00e7i Onur \u00d6ymen, \u0130srail Adalet Bakan\u0131 Ayelet Shaked\u2019in, Tel Aviv\u2019de d\u00fczenlenen INSS G\u00fcvenlik Konferans\u0131\u2019nda yapt\u0131\u011f\u0131 konu\u015fmadaki s\u00f6zlerini hat\u0131rlatm\u0131\u015ft\u0131. Shaked\u2019in, <strong><em>\u201cT\u00fcrkiye\u2019yle \u0130ran aras\u0131nda, \u0130srail\u2019le dost olacak bir K\u00fcrt devletinin kurulmas\u0131 i\u00e7in a\u00e7\u0131k\u00e7a \u00e7a\u011fr\u0131da bulunmal\u0131y\u0131z\u201d<\/em><\/strong> s\u00f6zleri T\u00fcrkiye\u2019ye d\u00fc\u015fmanl\u0131\u011f\u0131n daniskas\u0131yd\u0131. 2014 y\u0131l\u0131n\u0131n ortalar\u0131nda BBC\u2019ye bir deme\u00e7 veren Barzani, k\u0131sa bir s\u00fcre i\u00e7inde referandum yap\u0131p ba\u011f\u0131ms\u0131z bir K\u00fcrt devleti kuracaklar\u0131n\u0131 s\u00f6yledi\u011finde \u0130srail Ba\u015fbakan\u0131 Netanyahu bunu olumlu kar\u015f\u0131lam\u0131\u015f ve \u0130srail\u2019in kurulacak K\u00fcrt devletini tan\u0131yaca\u011f\u0131n\u0131 a\u00e7\u0131klam\u0131\u015ft\u0131. <strong>Bir zamanlar \u0130srail ile kanl\u0131 b\u0131\u00e7akl\u0131 pozisyonlara girip prim toplayanlar son zamanlarda \u0131srarla iki \u00fclke aras\u0131ndaki ili\u015fkilerin \u201cnormalle\u015fmesinin\u201d faydalar\u0131n\u0131 say\u0131p d\u00f6kmeye ba\u015flam\u0131\u015ft\u0131. \u0130li\u015fkilerin \u201cnormalle\u015fmesi\u201d b\u00f6lgenin yarar\u0131na olacakm\u0131\u015f&#8230; Bu ba\u011flamda \u0130srail\u2019e yeniden \u201cB\u00fcy\u00fckel\u00e7i\u201d bile atanacakm\u0131\u015f! Oysa, \u0130srail Adalet Bakan\u0131 ise art\u0131k \u201cK\u00fcrt devletinin\u201d kurulmas\u0131n\u0131n zaman\u0131n\u0131n geldi\u011fini ifade ederek kurulacak \u201cK\u00fcrt devletine\u201d \u0130srail\u2019in arka \u00e7\u0131kaca\u011f\u0131n\u0131 duyurmaktayd\u0131.<\/strong><\/p><p><strong>Erbakan&#8217;\u0131n sanayi ve teknoloji at\u0131l\u0131mlar\u0131 ve nank\u00f6rlerin unutmalar\u0131!<\/strong><\/p><p><strong>14.02.2016 ak\u015fam\u0131 \u00dclke TV&#8217;de T\u00fcrkiye&#8217;mizin milli ve yerli teknoloji \u00fcretiminde ula\u015ft\u0131\u011f\u0131 y\u00fcksek seviyeyi ve savunma sanayiinde ald\u0131\u011f\u0131 mesafeyi g\u00f6zler \u00f6n\u00fcne seren ve tabi olduk\u00e7a sevindiren bir program izledik. \u00d6zellikle Milli \u0130HA (\u0130nsans\u0131z Hava Arac\u0131) \u00fcretimindeki ba\u015far\u0131l\u0131 giri\u015fim ve \u00fcretimleriyle g\u00fcndeme gelen BAYKAR Firmas\u0131n\u0131n Genel M\u00fcd\u00fcr\u00fc Sn. Haluk Bayraktar, \u00d6mer \u00d6zkaya&#8217;n\u0131n konu\u011fu olup \u00e7ok \u00f6nemli ve g\u00fcvendirici bilgiler vermi\u015flerdi. Pe\u015finen s\u00f6yleyelim, as\u0131l tebrik ve te\u015fekk\u00fcrlerimiz; Kahraman Silahl\u0131 Kuvvetlerimizin ve Savunma Sanayimizle ilgili birimlerimizin b\u00fcnyesindeki milli ve haysiyetli organizenin yetkililerine ve bu tarihi ve talihli giri\u015fimlerin en hararetli ve hakikatli \u00f6nc\u00fcs\u00fc Aziz Erbakan Hocam\u0131z Hazretlerinedir. \u00c7\u00fcnk\u00fc bunlar bu \u015fanl\u0131 ve \u015fansl\u0131 geli\u015fmelerin STRATEJ\u0130K beyni yerindeki \u015fahsiyetlerdir. Elbette bu giri\u015fim ve geli\u015fmelerdeki o BAYKAR Firmas\u0131 gibi TEKN\u0130K kadrolar\u0131n\u0131n ve onlar\u0131n psikolojik (milli-manevi) kafa yap\u0131lar\u0131n\u0131n da takdir edilmesi bir vecibedir. Ancak stratejik kurumlar\u0131n te\u015fvik ve deste\u011fi olmadan teknik kadrolar\u0131n bir noktadan sonra t\u0131kan\u0131p kalaca\u011f\u0131 bir ger\u00e7ektir. Biz bu t\u00fcr kutlu ve mutlu geli\u015fmelerin kimlerin sayesinde ve hangi \u00f6zel \u015fifreler ve projelerle bug\u00fcnlere geldi\u011fini Genelkurmay&#8217;\u0131m\u0131z\u0131n teklif ve tensibiyle Ordumuzla koordineli bir \u00e7al\u0131\u015fma y\u00fcr\u00fctmek \u00fczere, \u0130HA ve roket sistemlerini Do\u011fu ve G\u00fcneydo\u011fu\u2019muzun zor co\u011frafi \u015fartlar\u0131nda ve bizzat sahada geli\u015ftirmek i\u00e7in, Sn. \u00d6zdemir Bayraktar ve o\u011fullar\u0131n\u0131n iki y\u0131l boyunca \u015e\u0131rnak 6. \u0130\u00e7 G\u00fcvenlik Tugay\u0131&#8217;nda yerle\u015ftiklerini bile \u00e7ok iyi bilenlerdeniz. <\/strong><\/p><p><strong>Yoksa TV ekranlar\u0131nda bu konular aktar\u0131l\u0131rken, T\u00fcrkiye&#8217;nin sanayile\u015fme ve milli-yerli teknoloji \u00fcretme ser\u00fcveninde en k\u00fc\u00e7\u00fck pay\u0131 bulunanlar ve katk\u0131 sunanlar bile rahmet ve minnetle an\u0131ld\u0131\u011f\u0131 halde, \u00f6rne\u011fin ASELSAN gibi daha nice Milli Kurulu\u015flar\u0131n as\u0131l mimar\u0131 olan Erbakan Hocam\u0131z\u0131n ad\u0131n\u0131 bile a\u011fz\u0131na alamayan nank\u00f6rlerle nelerin ve ne \u00f6l\u00e7\u00fcde yap\u0131labilece\u011fini de \u00e7ok iyi kestirenlerdeniz&#8230; Ger\u00e7i Erbakan sayesinde, hatta Ona h\u0131yanet neticesinde nice makamlara ve imk\u00e2nlara kavu\u015fanlar\u0131n bile bunca nank\u00f6rl\u00fc\u011f\u00fcn\u00fc g\u00f6rd\u00fckten sonra bir firma orta\u011f\u0131n\u0131n ve TV programc\u0131s\u0131n\u0131n bu vefas\u0131z tav\u0131rlar\u0131na hayret etmemekteyiz. Neyse, \u00e7ok yak\u0131n bir gelecekte \u015fu anda konu\u015fulan ve hepimizi gururland\u0131ran \u0130HA teknolojilerinin, onlar\u0131n yan\u0131nda ne kadar s\u00f6n\u00fck ve silik kalaca\u011f\u0131n\u0131 fark edip hayranl\u0131k duyaca\u011f\u0131m\u0131z ve Armageddon\u2019un ger\u00e7ekle\u015ftirmek \u00fczere Do\u011fu Akdeniz&#8217;e \u00fc\u015f\u00fc\u015fen \u0130srail u\u015fa\u011f\u0131 Amerika, Avrupa ve Rusya&#8217;y\u0131 alt edip hizaya sokaca\u011f\u0131m\u0131z y\u00fcksek ve \u00f6zel teknoloji harikalar\u0131n\u0131n kullan\u0131ld\u0131\u011f\u0131 kutlu devrimde kimlerin y\u00fczlerinin k\u0131zaraca\u011f\u0131n\u0131 da birlikte g\u00f6rece\u011fiz.<\/strong><\/p><p><strong>ESAM&#8217;\u0131n tavsiye de\u011fil taslak haz\u0131rlamas\u0131 laz\u0131md\u0131!<\/strong><\/p><p><strong>Niye ba\u015f\u00f6rt\u00fcs\u00fc anayasal olamam\u0131\u015ft\u0131?<\/strong><\/p><p><strong>TBMM Anayasa Komisyonu Ba\u015fkan\u0131 Prof. Mustafa \u015eentop ESAM\u2019dayd\u0131. Anayasay\u0131, parlamenter sistemi, ba\u015fkanl\u0131\u011f\u0131, niyetlerini anlatt\u0131. Anayasan\u0131n \u00f6nemsizle\u015ftirilmesi gere\u011fini vurgulad\u0131. Anayasada \u201cHak ve \u00f6zg\u00fcrl\u00fcklerden ziyade, devleti tanzim eden esas te\u015fkilat k\u0131sm\u0131n\u0131n \u00f6nemli oldu\u011funu&#8221; hat\u0131rlatt\u0131. Bir \u015fey dikkatimi \u00e7ekti. \u201cBa\u015f\u00f6rt\u00fcs\u00fc i\u00e7in Anayasa ve yasalarda bir de\u011fi\u015fiklik yapmad\u0131k. Ama \u00fcniversitelerde ve kamuda serbest oldu. \u00c7\u00fcnk\u00fc siyasi paradigma de\u011fi\u015fti\u201d buyurmu\u015flard\u0131. Tamam, eyvallah da&#8230;\u00a0 Bu fiiliyat\u0131, milli bir anayasa ile hukuksal g\u00fcvence alt\u0131na da almak gerekmez miydi?<\/strong><\/p><p><strong>Diye soran Milli Gazete&#8217;den sevgili Ahmet Yavuz&#8217;a hat\u0131rlatmak laz\u0131md\u0131: Peki, SP&#8217;nin haz\u0131rlad\u0131\u011f\u0131 Anayasa tasla\u011f\u0131nda buna bir vurgu var m\u0131yd\u0131? Ve yine ESAM&#8217;\u0131n haz\u0131rlad\u0131\u011f\u0131 &#8220;Milli Anayasa \u015eur\u00e2s\u0131&#8221; kitab\u0131, 470 sayfa kuru teklif ve temennilerle dolduruldu\u011fu halde, niye a\u00e7\u0131k ve net bir <\/strong><strong><em>Adil D\u00fczen Anayasa \u00d6rne\u011fi<\/em><\/strong> <strong>ortaya konulmam\u0131\u015f, hatta AKP&#8217;nin yapaca\u011f\u0131 <\/strong><strong><em>&#8220;Demokratik k\u0131l\u0131fl\u0131, b\u00f6l\u00fcnme anayasas\u0131na&#8221;<\/em><\/strong> <strong>bir nevi me\u015fruiyet ve altyap\u0131 haz\u0131rlanm\u0131\u015ft\u0131? Ve o hep tenkit edip durulan AKP&#8217;nin Anayasa Komisyonu Ba\u015fkan\u0131 ESAM&#8217;a \u00e7a\u011fr\u0131l\u0131p, kalan birka\u00e7 Milli G\u00f6r\u00fc\u015f\u00e7\u00fcn\u00fcn kafas\u0131 y\u0131kan\u0131rken, bunlar\u0131n as\u0131l niyeti ve hedefi niye kendilerine hat\u0131rlat\u0131lmam\u0131\u015ft\u0131?<\/strong><\/p><p><strong>Times gazetesi yazar\u0131 Roger Boyes 3. D\u00fcnya Sava\u015f\u0131 senaryolar\u0131n\u0131 konu alan bir yaz\u0131 haz\u0131rlam\u0131\u015ft\u0131.<\/strong><\/p><p><strong>1- Her f\u0131rsatta silah \u00e7eken T\u00fcrkiye, 3. D\u00fcnya Sava\u015f\u0131\u2019na sebep olacakt\u0131!?<\/strong> <strong><em>\u201cAnkara, Ortado\u011fu politikas\u0131n\u0131n \u00e7\u00f6kt\u00fc\u011f\u00fcn\u00fc g\u00f6rebiliyor. T\u00fcrkiye, Azez&#8217;in Do\u011fu Halep&#8217;i, Bat\u0131&#8217;n\u0131n bombard\u0131man\u0131yla zay\u0131flayan I\u015e\u0130D&#8217;den geri alacak gruplar\u0131n \u00fcss\u00fc olmas\u0131n\u0131 umuyor. Ama Azez K\u00fcrtlerin eline ge\u00e7erse, T\u00fcrkiye&#8217;ye has\u0131m bir devlet kurmak i\u00e7in g\u00fc\u00e7l\u00fc bir konumda olacaklar. Bunun olmas\u0131n\u0131 engellemek T\u00fcrkler i\u00e7in o kadar \u00f6nemli ki kara birliklerini g\u00f6nderebilir ve NATO&#8217;yla Rus g\u00fc\u00e7leri aras\u0131nda bir sava\u015f riski yaratabilirler. Peki, NATO, T\u00fcrkiye&#8217;nin izinden gider mi? Hay\u0131r. Ama bir Rus sava\u015f u\u00e7a\u011f\u0131 T\u00fcrk hava sahas\u0131na girer ve bir hava sava\u015f\u0131 ba\u015flarsa Ankara NATO&#8217;yu kolektif savunmaya \u00e7a\u011f\u0131rabilir. Ve b\u00fcy\u00fck sava\u015f daha yak\u0131nla\u015f\u0131r.&#8221;<\/em><\/strong><\/p><p><strong>2- Putin, Erdo\u011fan&#8217;a kar\u015f\u0131 inatla\u015f\u0131p 3. D\u00fcnya Sava\u015f\u0131\u2019n\u0131 ba\u015flatacakt\u0131!<\/strong> <strong><em>\u201cRusya, T\u00fcrkiye&#8217;yi engellemeye odaklanm\u0131\u015f durumda. 5000 K\u00fcrt sava\u015f\u00e7\u0131s\u0131n\u0131 silahland\u0131rd\u0131 ve u\u00e7aklar\u0131 T\u00fcrkiye&#8217;den Suriye&#8217;ye isyanc\u0131lara malzeme g\u00f6t\u00fcren konvoyu vurdu. E\u011fer Azez Koridoru kapan\u0131rsa Rusya T\u00fcrkiye&#8217;den di\u011fer ge\u00e7i\u015fleri kapatmas\u0131 i\u00e7in Esad g\u00fc\u00e7lerine yard\u0131m edecek. Bunu Rusya ve Suriye&#8217;nin T\u00fcrkmenlere kar\u015f\u0131 etnik temizli\u011fe giri\u015fmesi izlerse T\u00fcrk kamuoyu, Ruslarla \u00e7at\u0131\u015fma riskine ra\u011fmen harekete ge\u00e7ilmesini isteyecek.&#8221;<\/em><\/strong><\/p><p><strong>Yeni \u015eafak Genel Yay\u0131n Y\u00f6netmeni \u0130brahim Karag\u00fcl, Suriye&#8217;deki son haberlere ili\u015fkin yeni bir yaz\u0131 kaleme alm\u0131\u015ft\u0131. Suriye meselesinin art\u0131k T\u00fcrkiye&#8217;yi \u00e7evreleme projesine d\u00f6n\u00fc\u015ft\u00fc\u011f\u00fcn\u00fc belirten Karag\u00fcl, T\u00fcrkiye&#8217;nin sava\u015fta oldu\u011funu yazm\u0131\u015ft\u0131.<\/strong><\/p><p>\u00a0<strong>\u0130brahim Karag\u00fcl, &#8220;A\u00e7\u0131k konu\u015fal\u0131m, art\u0131k sava\u015ftay\u0131z&#8221; ba\u015fl\u0131kl\u0131 k\u00f6\u015fe yaz\u0131s\u0131nda, Ortado\u011fu&#8217;da b\u00f6lge dizayn\u0131 yap\u0131ld\u0131\u011f\u0131n\u0131 vurgulam\u0131\u015ft\u0131. Suriye&#8217;den gelen son haberleri T\u00fcrkiye&#8217;yi \u00e7evreleme projesi olarak nitelendiren Karag\u00fcl, \u0130ran ve Rusya ile ya\u015fanan krize de\u011finerek, s\u0131n\u0131rda a\u00e7\u0131lan koridorlar\u0131n T\u00fcrkiye&#8217;ye kar\u015f\u0131 verilecek bir sava\u015f\u0131n cephesi oldu\u011funu hat\u0131rlatm\u0131\u015ft\u0131.<\/strong><\/p><p><strong>\u201cArap Bahar\u0131\u201d yaftal\u0131 BOP plan\u0131 uyguland\u0131\u011f\u0131n\u0131 ilk g\u00fcnden itibaren yaz\u0131p uyarm\u0131\u015ft\u0131k. Zaten Suriye\u2019de olaylar\u0131n ba\u015flamas\u0131n\u0131n hemen ard\u0131ndan T\u00fcrkiye, ABD ve koalisyon ortaklar\u0131n\u0131n yan\u0131nda yer alm\u0131\u015ft\u0131. Hatta \u0130ncirlik \u00dcss\u00fc\u2019n\u00fc koalisyon u\u00e7aklar\u0131na a\u00e7arak uzunca bir s\u00fcre hava operasyonlar\u0131na katk\u0131 sa\u011flam\u0131\u015ft\u0131. T\u00fcm bunlar T\u00fcrkiye\u2019nin sava\u015fa fiilen kat\u0131ld\u0131\u011f\u0131n\u0131n ilk ad\u0131mlar\u0131yd\u0131. Yani, T\u00fcrkiye\u2019nin Azez\u2019e y\u00f6nelen PYD mevzilerini vurmas\u0131n\u0131n ard\u0131ndan birdenbire \u00f6zellikle CHP Lideri K\u0131l\u0131\u00e7daro\u011flu\u2019nun, yapt\u0131\u011f\u0131 a\u00e7\u0131klamalarda <\/strong><strong><em>\u201cT\u00fcrkiye\u2019yi sava\u015fa sokacak her karar\u0131n kar\u015f\u0131s\u0131nda olacaklar\u0131n\u0131 a\u00e7\u0131klayarak, T\u00fcrkiye\u2019nin \u00e7at\u0131\u015fmalarda yer almamas\u0131 gerekti\u011fini\u201d<\/em><\/strong><strong> savunmas\u0131 tam bir sahtek\u00e2rl\u0131kt\u0131 ve milli duyarl\u0131l\u0131kla ba\u011fda\u015fmazd\u0131. T\u00fcrkiye\u2019nin karanl\u0131k ve batakl\u0131k bir \u00e7at\u0131\u015fman\u0131n i\u00e7ine \u00e7ekilmesi ayr\u0131d\u0131r, ama mecbur kal\u0131n\u0131rsa kendi haklar\u0131n\u0131 savunmaktan ka\u00e7\u0131nmas\u0131 da T\u00fcrkiye aleyhine sonu\u00e7lara zemin haz\u0131rlayacakt\u0131r. As\u0131l tenkit edilmesi gereken T\u00fcrkiye\u2019nin Suriye politikas\u0131n\u0131n yanl\u0131\u015fl\u0131\u011f\u0131 ve bu yanl\u0131\u015fl\u0131k sonucu bug\u00fcn kendisini s\u0131cak bir \u00e7at\u0131\u015fman\u0131n i\u00e7inde bulmu\u015f olmas\u0131d\u0131r. Maalesef AKP iktidar\u0131 Kobani\u2019de PYD\u2019nin h\u00e2kimiyet kurmas\u0131na topraklar\u0131m\u0131z\u0131 Pe\u015fmerge, PYD ve PKK militanlar\u0131na a\u00e7arak bu g\u00fc\u00e7lerin T\u00fcrkiye \u00fczerinden Kobani\u2019ye ta\u015f\u0131nmas\u0131na ve sonu\u00e7 olarak Kobani\u2019de bir PYD h\u00e2kimiyetinin sa\u011flanmas\u0131na zemin haz\u0131rlam\u0131\u015ft\u0131r. Bunlara bakarak d\u00fcn ni\u00e7in PYD\u2019ye destek \u00e7\u0131kt\u0131n\u0131z da bug\u00fcn PYD ile sava\u015ft\u0131n\u0131z? diye sormak mant\u0131kl\u0131 olabilir ama Suriye\u2019deki geli\u015fmeleri sonuna kadar T\u00fcrkiye\u2019nin seyretmesini istemek anlam\u0131na gelebilecek tav\u0131rlardan da ka\u00e7\u0131nmak laz\u0131md\u0131r\u201d tespitleri hakl\u0131d\u0131r; ama bunlar AKP\u2019nin tutars\u0131zl\u0131\u011f\u0131na ve gaflet politikalar\u0131na kefaret say\u0131lmayacak, sorumluluktan kurtaramayacakt\u0131r.<\/strong><\/p><p><strong>Art\u0131k D\u00fcnya, Suriye&#8217;de ya\u015fanan geli\u015fmelere kilitlenmi\u015f durumdad\u0131r. T\u00fcrkiye, Suriye s\u0131n\u0131r\u0131nda olas\u0131 bir sald\u0131r\u0131 ve g\u00f6\u00e7 dalgas\u0131n\u0131 \u00f6nlemek i\u00e7in \u00fc\u00e7 Tugay yani 15 bin askeri s\u0131n\u0131r hatt\u0131na y\u0131\u011fm\u0131\u015ft\u0131r!<\/strong><\/p><p><strong>Ankara, Halep&#8217;in kuzeyinde devam eden Rus bombard\u0131man\u0131n\u0131n da b\u00fcy\u00fck g\u00f6\u00e7 dalgas\u0131na yol a\u00e7mas\u0131ndan endi\u015fe duymaktad\u0131r. T\u00fcrkiye&#8217;ye y\u00f6nelik kitlesel bir g\u00f6\u00e7 ihtimaline kar\u015f\u0131 Genelkurmay Harek\u00e2t Ba\u015fkanl\u0131\u011f\u0131 &#8220;ihtimaliyet planlamas\u0131\u201d \u00e7er\u00e7evesinde \u00fc\u00e7 Tugay yani 15 bin askerin s\u0131n\u0131r hatt\u0131nda g\u00fcvenli insani b\u00f6lge olu\u015fturmas\u0131 i\u00e7in haz\u0131rl\u0131k yapm\u0131\u015ft\u0131r.<\/strong><\/p><p><strong>Tam da b\u00f6yle bir s\u0131rada Ankara\u2019da hem de TBMM ile Genelkurmay Ba\u015fkanl\u0131\u011f\u0131 yak\u0131nlar\u0131nda iki askeri personel servis arac\u0131na y\u00f6nelik korkun\u00e7 patlama sald\u0131r\u0131s\u0131 art\u0131k Devletin \u00e7ok ciddi ve ger\u00e7ek\u00e7i tedbirler almas\u0131 gerekti\u011finin ve bu H\u00fck\u00fcmetin i\u015fbirlik\u00e7ili\u011finin ve basiretsizli\u011finin \u00e7ok b\u00fcy\u00fck felaketlere yol a\u00e7abilece\u011finin fark\u0131na varmas\u0131 l\u00fczumunu ortaya koymaktad\u0131r.<\/strong><\/p><p><strong>Otuz can\u0131m\u0131z\u0131 alan, yetmi\u015f can\u0131m\u0131z\u0131 da yaralayan 2015 Ankara Patlamas\u0131n\u0131n sorumlusu ise YPG \u00e7\u0131km\u0131\u015ft\u0131. D\u00f6nemin Ba\u015fbakan\u0131 Davuto\u011flu bu sald\u0131r\u0131ya ili\u015fkin yapt\u0131\u011f\u0131 a\u00e7\u0131klamada ter\u00f6ristlerin YPG\u2019li oldu\u011funu vurgulam\u0131\u015ft\u0131. Bunu ABD, \u0130srail ve Rusya\u2019n\u0131n tezg\u00e2hlad\u0131\u011f\u0131 \u015feklinde okumak laz\u0131md\u0131. \u00c7\u00fcnk\u00fc YPG\u2019nin arkas\u0131nda onlar vard\u0131. Ve tabii bu kahpe ve kalle\u015f sald\u0131r\u0131 T\u00fcrkiye\u2019ye sava\u015f ilan\u0131yd\u0131.<\/strong><\/p>\t\t\t\t\t\t\t\t<\/div>\n\t\t\t\t<\/div>\n\t\t\t\t<div class=\"elementor-element elementor-element-8c9baf0 dipnot elementor-widget elementor-widget-text-editor\" data-id=\"8c9baf0\" data-element_type=\"widget\" data-e-type=\"widget\" data-widget_type=\"text-editor.default\">\n\t\t\t\t<div class=\"elementor-widget-container\">\n\t\t\t\t\t\t\t\t\t<ol><li>09 \u015eubat 2016, Yurt Gazetesi<\/li><li>06 Aral\u0131k 2015, Kanal a haber<\/li><li>10.02.2016, Ahmet Takan<\/li><\/ol>\t\t\t\t\t\t\t\t<\/div>\n\t\t\t\t<\/div>\n\t\t\t\t\t<\/div>\n\t\t<\/div>\n\t\t\t\t\t<\/div>\n\t\t<\/section>\n\t\t\t\t<\/div>\n\t\t","protected":false},"excerpt":{"rendered":"<p>DEVLET, ELBETTE M\u00dcDAHALEDE BULUNACAKTIR! 30 Mart 2016 tarihinde yay\u0131mlad\u0131\u011f\u0131m\u0131z yaz\u0131m\u0131z\u0131, \u00f6nemine binaen okurlar\u0131m\u0131zla tekrar payla\u015f\u0131yoruz\u2026 \u00a0 Devlet; Derinli\u011fi, Direnci, Deneyimi ve Denge stratejisi olan etkin ve yetkin bir yap\u0131d\u0131r. 1- Derinlik: \u00dclkenin her yerinde, toplumun her kesiminde ve her milli proje ve stratejide Devletin kendisini hissettiren bir DER\u0130NL\u0130\u011e\u0130 ve G\u0130ZEML\u0130\u011e\u0130 vard\u0131r. Partiler, h\u00fck\u00fcmetler, isimler ve [&hellip;]<\/p>\n","protected":false},"author":17,"featured_media":0,"comment_status":"open","ping_status":"closed","sticky":false,"template":"","format":"standard","meta":{"footnotes":""},"categories":[7490],"tags":[],"class_list":["post-37988","post","type-post","status-publish","format-standard","hentry","category-eylul-2026"],"_links":{"self":[{"href":"https:\/\/www.millicozum.com\/mc\/wp-json\/wp\/v2\/posts\/37988","targetHints":{"allow":["GET"]}}],"collection":[{"href":"https:\/\/www.millicozum.com\/mc\/wp-json\/wp\/v2\/posts"}],"about":[{"href":"https:\/\/www.millicozum.com\/mc\/wp-json\/wp\/v2\/types\/post"}],"author":[{"embeddable":true,"href":"https:\/\/www.millicozum.com\/mc\/wp-json\/wp\/v2\/users\/17"}],"replies":[{"embeddable":true,"href":"https:\/\/www.millicozum.com\/mc\/wp-json\/wp\/v2\/comments?post=37988"}],"version-history":[{"count":10,"href":"https:\/\/www.millicozum.com\/mc\/wp-json\/wp\/v2\/posts\/37988\/revisions"}],"predecessor-version":[{"id":37998,"href":"https:\/\/www.millicozum.com\/mc\/wp-json\/wp\/v2\/posts\/37988\/revisions\/37998"}],"wp:attachment":[{"href":"https:\/\/www.millicozum.com\/mc\/wp-json\/wp\/v2\/media?parent=37988"}],"wp:term":[{"taxonomy":"category","embeddable":true,"href":"https:\/\/www.millicozum.com\/mc\/wp-json\/wp\/v2\/categories?post=37988"},{"taxonomy":"post_tag","embeddable":true,"href":"https:\/\/www.millicozum.com\/mc\/wp-json\/wp\/v2\/tags?post=37988"}],"curies":[{"name":"wp","href":"https:\/\/api.w.org\/{rel}","templated":true}]}}