{"id":3811,"date":"2016-06-20T08:08:30","date_gmt":"2016-06-20T08:08:30","guid":{"rendered":"https:\/\/www.millicozum.com\/mc\/2016\/06\/20\/stratejik-ortaklarimizin-turkiyeyi-parcalama-haritalari-ve-akp-iktidarinin-korkunc-hatalari\/"},"modified":"2016-06-20T08:08:30","modified_gmt":"2016-06-20T08:08:30","slug":"stratejik-ortaklarimizin-turkiyeyi-parcalama-haritalari-ve-akp-iktidarinin-korkunc-hatalari","status":"publish","type":"post","link":"https:\/\/www.millicozum.com\/mc\/ozel-yazilar\/stratejik-ortaklarimizin-turkiyeyi-parcalama-haritalari-ve-akp-iktidarinin-korkunc-hatalari\/","title":{"rendered":"Stratejik Ortaklar\u0131m\u0131z\u0131n T\u00fcrkiye\u2019yi Par\u00e7alama Haritalar\u0131 ve AKP \u0130KT\u0130DARININ KORKUN\u00c7 HATALARI"},"content":{"rendered":"\n<p style=\"margin-bottom: 0.0001pt; text-align: justify; text-indent: 1cm; line-height: 16.2pt;\"><strong><span style=\"font-size: 16pt; font-family: 'Arial','sans-serif';\">ABD&rsquo;li Yahudi komutan\u0131n Suriye ziyareti TSK&rsquo;ya g&ouml;zda\u011f\u0131 mesaj\u0131yd\u0131.<\/span><\/strong><\/p>\n<p style=\"margin-bottom: 0.0001pt; text-align: justify; text-indent: 1cm; line-height: 16.2pt;\"><strong><span style=\"font-size: 12pt; font-family: 'Arial','sans-serif';\">ABD Merkez Kuvvetler Komutan\u0131 Joseph Votel, Suriye&rsquo;de Amerikan askeri deste\u011fi ile PKK\/PYD&rsquo;nin denetiminde bulunan b&ouml;lgeye 11 saatlik bir ziyaret yapm\u0131\u015ft\u0131. ABD&rsquo;li Yahudi komutan\u0131n bu ziyareti, &ldquo;T&uuml;rkiye&rsquo;ye mesaj&rdquo; olarak yorumlanm\u0131\u015ft\u0131. (CENT-COM) komutan\u0131 General Joseph Votel&rsquo;in, Suriye&rsquo;nin Kuzeyinde PYD ve di\u011fer baz\u0131 muhalif gruplarla bulu\u015ftu\u011fu ortaya &ccedil;\u0131km\u0131\u015ft\u0131. Votel&rsquo;in, Esad&rsquo;a kar\u015f\u0131 sava\u015fan gruplarla yapt\u0131\u011f\u0131 toplant\u0131y\u0131 d&uuml;nyaya Amerikan AP ajans\u0131 aktarm\u0131\u015ft\u0131. ABD Merkez Kuvvetler Komutan\u0131 Votel&rsquo;in Suriye&rsquo;de 11 saat s&uuml;ren gizli ziyaretinde ABD &ouml;zel kuvvetleriyle ve Suriye Demokratik G&uuml;&ccedil;leri i&ccedil;erisindeki Arap ve K&uuml;rt gruplar\u0131n &uuml;st d&uuml;zey temsilcileriyle s&ouml;zde I\u015e\u0130D&rsquo;e kar\u015f\u0131 y&uuml;r&uuml;t&uuml;len m&uuml;cadeledeki i\u015fbirli\u011fini g&ouml;r&uuml;\u015ft&uuml;\u011f&uuml; a&ccedil;\u0131klanm\u0131\u015ft\u0131. CNN International&rsquo;da yay\u0131nlanan haberde de Votel&rsquo;in bir&ccedil;ok yeri ziyaret etti\u011fi ancak bu b&ouml;lgelerin isimlerini a&ccedil;\u0131klamayacaklar\u0131 vurgulanm\u0131\u015ft\u0131. Votel ziyarette kendisine e\u015flik eden gazetecilere yapt\u0131\u011f\u0131 a&ccedil;\u0131klamada: <em>&ldquo;ABD I\u015e\u0130D&rsquo;le m&uuml;cadele kapsam\u0131nda yerel unsurlar\u0131 g&uuml;&ccedil;lendirerek do\u011fru bir yakla\u015f\u0131m sergiledi. Bu ziyarette bu y&ouml;ndeki inanc\u0131m peki\u015fti. Buradaki g&uuml;&ccedil;lerin yeteneklerine dair artan bir g&uuml;venle ayr\u0131ld\u0131m. Modelin i\u015fledi\u011fine ve iyi &ccedil;al\u0131\u015ft\u0131\u011f\u0131na inan\u0131yorum&rdquo;<\/em> \u015feklinde konu\u015fmu\u015flard\u0131.<\/span><\/strong><\/p>\n<p style=\"margin-bottom: 0.0001pt; text-align: justify; text-indent: 1cm; line-height: 16.2pt;\"><span style=\"font-size: 12pt; font-family: 'Arial','sans-serif';\">ABD Merkez Kuvvetler Komutan\u0131 Votel, kendisi ile birlikte geziye kat\u0131lan gazetecilere, a\u011f\u0131rl\u0131kla YPG&rsquo;nin bulundu\u011fu Suriye Demokratik G&uuml;&ccedil;leri y&ouml;neticileriyle ve onlara e\u011fitim\/dan\u0131\u015fmanl\u0131k hizmeti veren ABD askerleriyle bir araya gelme f\u0131rsat\u0131 buldu\u011funu hat\u0131rlatm\u0131\u015ft\u0131. PKK\/YPG g&uuml;&ccedil;leri ile i\u015fbirli\u011fini art\u0131rmay\u0131 ele ald\u0131klar\u0131n\u0131 belirten Votel PKK\/YPG g&uuml;&ccedil;lerine &ouml;vg&uuml;ler ya\u011fd\u0131rm\u0131\u015ft\u0131. Votel <em>&ldquo;Koalisyon (PKK\/YPG g&uuml;&ccedil;lerini kast ederek) Suriye&rsquo;de birlikte &ccedil;al\u0131\u015ft\u0131\u011f\u0131 ortaklar\u0131n\u0131n i\u015finin ehli ve yetenekli oldu\u011funu biliyor&rdquo;<\/em>, diye konu\u015fmu\u015flard\u0131. &Ouml;te yandan ABD Ba\u015fkan\u0131 Barack Obama&rsquo;n\u0131n I\u015e\u0130D ile m&uuml;cadele &ouml;zel temsilcisi Brett McGurk, Twitter&rsquo;dan yapt\u0131\u011f\u0131 a&ccedil;\u0131klamada, <em>&ldquo;General Votel I\u015e\u0130D&rsquo;in ba\u015fkenti sayd\u0131\u011f\u0131 Rakka&rsquo;ya yap\u0131lacak operasyon haz\u0131rl\u0131\u011f\u0131 i&ccedil;in Suriye&rsquo;ye gitti&rdquo;<\/em> iddias\u0131nda bulunmu\u015flard\u0131. Esad y&ouml;netiminin Halep operasyonuna h\u0131z verdi\u011fi, hedeflerinin Rakka oldu\u011funu a&ccedil;\u0131klad\u0131\u011f\u0131 bir d&ouml;nemde ABD Merkez Kuvvetler Komutan\u0131&rsquo;n\u0131n Suriye&rsquo;yi gizlice ziyaret etmesi ve Obama&rsquo;n\u0131n I\u015e\u0130D&rsquo;le m&uuml;cadele &ouml;zel temsilcisi Brett McGurk&rsquo;\u0131n ABD&rsquo;li generalin Rakka operasyonu i&ccedil;in Suriye&rsquo;de oldu\u011funu a&ccedil;\u0131klamas\u0131 dikkatlerden ka&ccedil;mam\u0131\u015ft\u0131. B&ouml;lgeyi yak\u0131ndan takip eden uzmanlar, ABD&rsquo;nin Esad y&ouml;netiminden &ouml;nce Rakka&rsquo;y\u0131 ele ge&ccedil;irmeye &ccedil;al\u0131\u015ft\u0131\u011f\u0131n\u0131 duyurmu\u015flard\u0131.<\/span><\/p>\n<p style=\"margin-bottom: 0.0001pt; text-align: justify; text-indent: 1cm; line-height: 16.2pt;\"><span style=\"font-size: 12pt; font-family: 'Arial','sans-serif';\">Suriye&rsquo;nin Rusya&rsquo;n\u0131n hava deste\u011fiyle Palmira&rsquo;dan I\u015e\u0130D&rsquo;i &ccedil;\u0131karmas\u0131 ve Rakka i&ccedil;in haz\u0131rl\u0131k yapmas\u0131 ABD&rsquo;nin Suriye&rsquo;de bulunma zeminini giderek ortadan kald\u0131rmaktayd\u0131. Palmira antik kentinin de bulundu\u011fu Tedmur&rsquo;un &ouml;rg&uuml;t&uuml;n elinden al\u0131nmas\u0131, Suriye&rsquo;de ortaya &ccedil;\u0131kt\u0131\u011f\u0131 d&ouml;nemden itibaren I\u015e\u0130D&rsquo;e kar\u015f\u0131 Esad y&ouml;netiminin en &ouml;nemli zaferi say\u0131lm\u0131\u015ft\u0131. ABD&rsquo;nin kara g&uuml;c&uuml; ilan edilen PKK\/PYD&rsquo;nin oldubittiyle &uuml;lkenin kuzeyinde kantonlar ilan etmesi, \u015eam y&ouml;netiminin daha i&ccedil; b&ouml;lgelerde I\u015e\u0130D&rsquo;in yan\u0131s\u0131ra, &ouml;zellikle T&uuml;rkiye s\u0131n\u0131r\u0131nda yuvalanan ve Halep&rsquo;i d&uuml;\u015f&uuml;rmeye &ccedil;al\u0131\u015fan ter&ouml;r guruplar\u0131na &ouml;ncelik vermesinden kaynaklanm\u0131\u015f, ancak Suriye Ordusu Halep&rsquo;teki ter&ouml;r gruplar\u0131n\u0131 T&uuml;rkiye&rsquo;nin s\u0131n\u0131r\u0131nda bir b&ouml;lgeye s\u0131k\u0131\u015ft\u0131rm\u0131\u015ft\u0131. Suriye Ordusu&rsquo;nun bir yandan Halep&rsquo;in kuzeyine di\u011fer yandan Irak s\u0131n\u0131r\u0131na do\u011fru operasyonlar\u0131n\u0131 geni\u015fletmesi PKK\/PYD i&ccedil;in orta vadede tehlikeli bir durum yaratacakt\u0131. Bu durum ABD&rsquo;nin PKK&rsquo;n\u0131n imdad\u0131na ko\u015fmas\u0131na yol a&ccedil;m\u0131\u015ft\u0131. <\/span><\/p>\n<p style=\"margin-bottom: 0.0001pt; text-align: justify; text-indent: 1cm; line-height: 16.2pt;\"><strong><span style=\"font-size: 12pt; font-family: 'Arial','sans-serif';\">As\u0131l mesaj T&uuml;rkiye&rsquo;ye; Amerika TSK&rsquo;ya sopa sallam\u0131\u015ft\u0131!<\/span><\/strong><\/p>\n<p style=\"margin-bottom: 0.0001pt; text-align: justify; text-indent: 1cm; line-height: 16.2pt;\"><strong><span style=\"font-size: 12pt; font-family: 'Arial','sans-serif';\">Suriye&rsquo;deki geli\u015fmeleri yak\u0131ndan takip eden kaynaklar, ABD&rsquo;nin bu kadar &uuml;st d&uuml;zey bir komutan\u0131n\u0131 b&ouml;lgeye g&ouml;ndermesinin, operasyon haz\u0131rl\u0131klar\u0131 ya da ba\u015fka bir askeri gereklilikten &ccedil;ok sembolik bir mesaj ta\u015f\u0131d\u0131\u011f\u0131na dikkat &ccedil;ekerek; mesaj\u0131n esas adresi ise T&uuml;rkiye ve &ouml;zellikle T&uuml;rk Ordusu oldu\u011fu a&ccedil;\u0131kt\u0131. T&uuml;rk Silahl\u0131 Kuvvetlerinin (TSK) G&uuml;neydo\u011fuda y&uuml;r&uuml;tt&uuml;\u011f&uuml; operasyonlarla PKK&rsquo;y\u0131 yenilgiye u\u011fratt\u0131\u011f\u0131 ve T&uuml;rkiye&rsquo;nin Suriye&rsquo;deki PKK\/PYD kantonlar\u0131n\u0131 ulusal g&uuml;venlik sorunu olarak sayd\u0131\u011f\u0131 bir ortamda ABD&rsquo;nin &uuml;st d&uuml;zey komutan\u0131n\u0131 b&ouml;lgeye g&ouml;ndermesi a&ccedil;\u0131k bir askeri mesaj olarak yorumlanm\u0131\u015ft\u0131.<\/span><\/strong><\/p>\n<p style=\"margin-bottom: 0.0001pt; text-align: justify; text-indent: 1cm; line-height: 16.2pt;\"><strong><span style=\"font-size: 16pt; font-family: 'Arial','sans-serif';\">Amerikan Merkez Kuvvetler Komutan\u0131, Kobani&rsquo;de YPG&rsquo;lilerle g&ouml;r&uuml;\u015ft&uuml;kten sonra ard\u0131ndan Ankara&rsquo;da Genelkurmay ve D\u0131\u015fi\u015fleri koridorlar\u0131nda rastlanm\u0131\u015ft\u0131. Kobani&rsquo;den Ankara&rsquo;ya ne dola\u015fmaktayd\u0131?<\/span><\/strong><\/p>\n<p style=\"margin-bottom: 0.0001pt; text-align: justify; text-indent: 1cm; line-height: 16.2pt;\"><strong><span style=\"font-size: 12pt; font-family: 'Arial','sans-serif';\">ABD Merkez Kuvvetler Komutan\u0131 (CENCOM) General Joseph Votel&#8217;in, s&uuml;rpriz bir \u015fekilde Ankara&rsquo;ya gelmesi farkl\u0131 yorumlara yol a&ccedil;m\u0131\u015ft\u0131. Votel&rsquo;in T&uuml;rkiye ziyareti de ziyaret ajandas\u0131 da s\u0131r gibi saklanm\u0131\u015ft\u0131. Ve pek tabi ki g&ouml;r&uuml;\u015fmelerden en ufak bir bilgi k\u0131r\u0131nt\u0131s\u0131 dahi s\u0131zd\u0131r\u0131lmam\u0131\u015ft\u0131. Ziyaret&ccedil;i kadar ilgin&ccedil; olan bir ba\u015fka detay ise Joseph Votel&rsquo;in geldi\u011fi adres olmaktayd\u0131. Gitti\u011fi Suriye&rsquo;de &ouml;nemli g&ouml;r&uuml;\u015fmeler yapan ABD&rsquo;li General&rsquo;in ard\u0131ndan T&uuml;rkiye&rsquo;ye gelmesi ziyareti daha da &ouml;nemli k\u0131lm\u0131\u015ft\u0131. Yahudi General Votel, Suriye&rsquo;nin Rojava b&ouml;lgesinde Kobani&rsquo;de de PYD&rsquo;nin silahl\u0131 kanad\u0131 YPG&rsquo;nin de i&ccedil;inde yer ald\u0131\u011f\u0131 Suriye Demokratik G&uuml;&ccedil;leri yetkilileri ile bulu\u015fmu\u015flard\u0131. Votel&rsquo;in ziyareti ABD&rsquo;den bug&uuml;ne kadar Suriye&rsquo;nin Rojava b&ouml;lgesine ger&ccedil;ekle\u015ftirilmi\u015f en &uuml;st d&uuml;zey askeri ziyaret olmaktayd\u0131. Votel&rsquo;in, g&ouml;r&uuml;\u015fmelerinde &ouml;zellikle I\u015e\u0130D&rsquo;\u0130n merkezi Rakka&rsquo;ya d&uuml;zenlenecek operasyonun ana g&uuml;ndem maddesi olaca\u011f\u0131 a&ccedil;\u0131klanm\u0131\u015ft\u0131. Ankara&rsquo;n\u0131n ise Rakka&rsquo;ya y&ouml;nelik bir operasyona ne oranda katk\u0131 sa\u011flayaca\u011f\u0131 tart\u0131\u015f\u0131lmaktayd\u0131. Amerikal\u0131 komutan\u0131n ziyaret etti\u011fi b&ouml;lgeye ili\u015fkin bilgi payla\u015f\u0131lmazken ABD medyas\u0131nda yer alan haberlerde Votel&rsquo;in yakla\u015f\u0131k 11 saat Suriye&rsquo;de kald\u0131\u011f\u0131 s\u0131zd\u0131r\u0131lm\u0131\u015ft\u0131. Joseph Votel&rsquo;in Suriye &ccedil;\u0131karmas\u0131na ili\u015fkin Associated Press, &ldquo;&Ccedil;ok farkl\u0131 gruplarla g&ouml;r&uuml;\u015ft&uuml;&rdquo; derken CNN ise General&rsquo;in ziyaretinin sadece Kam\u0131\u015fl\u0131 ile s\u0131n\u0131rl\u0131 kalmad\u0131\u011f\u0131n\u0131 a&ccedil;\u0131klam\u0131\u015f, detayl\u0131 bilgi veremeyece\u011fini duyurmu\u015flard\u0131. <\/span><\/strong><\/p>\n<p style=\"margin-bottom: 0.0001pt; text-align: justify; text-indent: 1cm; line-height: 16.2pt;\"><strong><span style=\"font-size: 12pt; font-family: 'Arial','sans-serif';\">Uzmanlar, ABD Genelkurmay Ba\u015fkan\u0131 Joe Dunfor&rsquo;un yapt\u0131\u011f\u0131 &ldquo;Libya&rsquo;y\u0131 i\u015fgal plan\u0131 a&ccedil;\u0131klamas\u0131 ile ABD Merkez Kuvvetler Komutan\u0131 (CENTCOM) General Joseph Votel&rsquo;in Suriye ziyaretinin ayr\u0131 d&uuml;\u015f&uuml;n&uuml;lemeyece\u011fi vurgulanm\u0131\u015ft\u0131. Bir di\u011fer &ouml;nemli detay ise Suriye&rsquo;ye yap\u0131lan kritik &ccedil;\u0131karman\u0131n hem de T&uuml;rkiye&rsquo;de Genelkurmay Ba\u015fkanl\u0131\u011f\u0131nda yap\u0131lan g&ouml;r&uuml;\u015fmelerin son derece gizli tutulmas\u0131yd\u0131.<\/span><\/strong><\/p>\n<p style=\"margin-bottom: 0.0001pt; text-align: justify; text-indent: 1cm; line-height: 16.2pt;\"><strong><span style=\"font-size: 12pt; font-family: 'Arial','sans-serif';\">Komutan\u0131n edit&ouml;r&uuml;nden PKK propagandas\u0131!<\/span><\/strong><\/p>\n<p style=\"margin-bottom: 0.0001pt; text-align: justify; text-indent: 1cm; line-height: 16.2pt;\"><span style=\"font-size: 12pt; font-family: 'Arial','sans-serif';\">ABD Merkez Kuvvetler Komutan\u0131 Joseph Votel, Suriye&rsquo;nin kuzeyine yapt\u0131\u011f\u0131 ziyarete az say\u0131da gazeteciyi de yan\u0131na alm\u0131\u015ft\u0131. Bu gazetecilerden biri, ABD y&ouml;netim &ccedil;evrelerine yak\u0131nl\u0131\u011f\u0131 ile bilinen Washington Post gazetesinin edit&ouml;r yard\u0131mc\u0131s\u0131 ve k&ouml;\u015fe yazar\u0131 olan David Ignatius&rsquo;tu. Ignatius&rsquo;un ad\u0131n\u0131n T&uuml;rkiye kamuoyunda az &ccedil;ok tan\u0131n\u0131r olmas\u0131 &ldquo;Van m&uuml;nit&rdquo; vakas\u0131ndan dolay\u0131yd\u0131. 2009 y\u0131l\u0131nda \u0130svi&ccedil;re&rsquo;nin Davos kentinde d&uuml;zenlenen D&uuml;nya Ekonomik Forumu&rsquo;nda &ldquo;Gazze: Ortado\u011fu&rsquo;da Bar\u0131\u015f Modeli&rdquo; konulu oturumda Tayyip Erdo\u011fan&rsquo;\u0131n &ldquo;kendisine yeterince s&ouml;z hakk\u0131 verilmedi\u011fi gerek&ccedil;esiyle&rdquo; terk etti\u011fi oturumun moderat&ouml;r&uuml; Ignatius&rsquo;tu. \u0130\u015fte bu <\/span><strong><span style=\"font-size: 14pt; font-family: 'Arial','sans-serif';\">Ignatius, <\/span><\/strong><span style=\"font-size: 12pt; font-family: 'Arial','sans-serif';\">Kuzey Suriye mahre&ccedil;li yaz\u0131s\u0131nda PKK\/YPG ve kad\u0131nlardan kurulu YPJ adl\u0131 &ouml;rg&uuml;te ABD&rsquo;li komutan gibi &ouml;vg&uuml;ler ya\u011fd\u0131rm\u0131\u015ft\u0131. Suriye&rsquo;de I\u015e\u0130D&rsquo;e kar\u015f\u0131 sava\u015fmak i&ccedil;in Sunni k&ouml;kenli sava\u015f&ccedil;\u0131 e\u011fitimi projesinin &ccedil;&ouml;kt&uuml;\u011f&uuml;n&uuml; kaydeden Ignatius, sahadaki tek kuvvetli g&uuml;c&uuml;n PKK\/YPG oldu\u011fu propagandas\u0131n\u0131 yapm\u0131\u015ft\u0131. PKK\/YPG&rsquo;yi &ldquo;yavuz sava\u015f&ccedil;\u0131lar&rdquo; olarak niteleyen Ignatius, b&ouml;lgedeki Amerikan askerlerinin hayranl\u0131kla anlatt\u0131\u011f\u0131 &ldquo;kad\u0131n sava\u015f&ccedil;\u0131&rdquo; hik&acirc;yelerini anlatm\u0131\u015f ve bu durumun kad\u0131n haklar\u0131n\u0131n bast\u0131r\u0131ld\u0131\u011f\u0131 Ortado\u011fu&rsquo;da &ldquo;kad\u0131n-erkek e\u015fitli\u011fi a&ccedil;\u0131s\u0131ndan taze bir soluk&rdquo; oldu\u011funu vurgulam\u0131\u015ft\u0131. Ignatius ayr\u0131ca b&ouml;lgede PKK\/YPG ile birlikte Suriye Demokratik G&uuml;&ccedil;leri ad\u0131 verilen olu\u015fum i&ccedil;inde yer alan baz\u0131 gruplar\u0131n PKK\/YPG ile ilgili &ouml;v&uuml;c&uuml; s&ouml;zlerine de yaz\u0131s\u0131nda yer ay\u0131rm\u0131\u015ft\u0131.<\/span><\/p>\n<p style=\"margin-bottom: 0.0001pt; text-align: justify; text-indent: 1cm; line-height: 16.2pt;\"><span style=\"font-size: 12pt; font-family: 'Arial','sans-serif';\">ABD Merkez Kuvvetler Komutan\u0131 Josep Votel, Suriye&rsquo;nin kuzeyindeki PKK\/YPG ve Amerikan &Ouml;zel Kuvvetleriyle g&ouml;r&uuml;\u015fmelerinden sonra Ankara&rsquo;ya u\u011fram\u0131\u015ft\u0131. Askeri kaynaklar\u0131n verdi\u011fi bilgiye g&ouml;re, Votel, temaslar\u0131 kapsam\u0131nda Genelkurmay 2. Ba\u015fkan\u0131 Org. Ya\u015far G&uuml;ler ile bulu\u015fmu\u015flard\u0131. Votel&rsquo;in D\u0131\u015fi\u015fleri Bakanl\u0131\u011f\u0131ndan yetkililerle de g&ouml;r&uuml;\u015ft&uuml;\u011f&uuml; anla\u015f\u0131lm\u0131\u015ft\u0131. Ancak Bakanl\u0131k yetkilileri konuyla ilgili bilgi vermekten ka&ccedil;\u0131nm\u0131\u015ft\u0131.<\/span><\/p>\n<p style=\"margin-bottom: 0.0001pt; text-align: justify; text-indent: 1cm; line-height: 16.2pt;\"><strong><span style=\"font-size: 14pt; font-family: 'Arial','sans-serif';\">Hedef Rakka de\u011fil; kantonlara g&uuml;vence sa\u011flamakt\u0131!<\/span><\/strong><\/p>\n<p style=\"margin-bottom: 0.0001pt; text-align: justify; text-indent: 1cm; line-height: 16.2pt;\"><strong><span style=\"font-size: 12pt; font-family: 'Arial','sans-serif';\">ABD askerlerinin PKK\/PYD unsurlar\u0131yla omuz omuza giri\u015fti\u011fi Rakka operasyonu Washington&rsquo;un b&ouml;lge hesaplar\u0131ndan bir s&uuml;redir ipu&ccedil;lar\u0131 verilen yeni oyun d&uuml;zenini hayata ge&ccedil;irmeye ba\u015flad\u0131\u011f\u0131n\u0131n kan\u0131t\u0131yd\u0131. Bu yeni oyun d&uuml;zeninde ABD, <em>&ldquo;PKK\/YPG&rsquo;nin arkas\u0131nday\u0131z&rdquo;<\/em> mesaj\u0131 ula\u015ft\u0131rm\u0131\u015f ve daha &ouml;nemlisi, PKK&rsquo;n\u0131n Suriye kolu PYD&rsquo;nin oldubittiyle ilan etti\u011fi fiili y&ouml;netimleri de g&uuml;venceye almaya &ccedil;al\u0131\u015fm\u0131\u015ft\u0131. Operasyonun askeri hedeflerinde Rakka&rsquo;n\u0131n oldu\u011fu a&ccedil;\u0131klanm\u0131\u015ft\u0131. Oysa hem PYD kaynaklar\u0131 hem de b&ouml;lgedeki di\u011fer kaynaklar, PKK\/YPG unsurlar\u0131yla I\u015e\u0130D&rsquo;in Rakka&rsquo;dan temizlenmesini ger&ccedil;ek&ccedil;i bulmam\u0131\u015ft\u0131. &Ccedil;&uuml;nk&uuml; I\u015e\u0130D&rsquo;in ba\u015fkenti olarak kabul edilen Rakka&rsquo;n\u0131n 12 bin ki\u015filik kuvvetle ele al\u0131namayaca\u011f\u0131 ortadayd\u0131. &Uuml;stelik, PKK\/YPG&rsquo;nin ne siyasi olarak ne de demografik bak\u0131mdan b&ouml;lgede herhangi bir hakimiyet kurmas\u0131n\u0131n zemini bulunmamaktayd\u0131. Hedefin Rakka oldu\u011fu ileri s&uuml;r&uuml;len bu operasyonun perde gerisindeki ama&ccedil;, PKK\/PYD unsurlar\u0131n\u0131n F\u0131rat&rsquo;\u0131n do\u011fusunda fiilen kontrol etti\u011fi b&ouml;lgeleri g&uuml;venli s\u0131n\u0131rlara ula\u015ft\u0131rmakt\u0131. &Ccedil;&uuml;nk&uuml; \u015fu anda PKK\/YPG unsurlar\u0131n\u0131n elinde bulunan Ayn el Arab ve Tel Abyad gibi \u015fehir merkezleri dahi I\u015e\u0130D&rsquo;in tehdidi alt\u0131ndayd\u0131. Zaman zaman bu b&ouml;lgelerde I\u015e\u0130D ile &ccedil;at\u0131\u015fmalar &ccedil;\u0131kmaktayd\u0131. Bu nedenle I\u015e\u0130D&rsquo;i belli bir noktaya kadar gerileterek b&ouml;lgedeki fiili b&ouml;lgeleri g&uuml;venli hale getirmek ama&ccedil;lanm\u0131\u015ft\u0131.<\/span><\/strong><\/p>\n<p style=\"margin-bottom: 0.0001pt; text-align: justify; text-indent: 1cm; line-height: 16.2pt;\"><strong><span style=\"font-size: 12pt; font-family: 'Arial','sans-serif';\">Askeri hedef ile b&uuml;t&uuml;nle\u015fen ve daha &ouml;nemli olan siyasi hedef, <\/span><\/strong><strong><em><span style=\"font-size: 16pt; font-family: 'Arial','sans-serif';\">&ldquo;Kuzey Suriye Federasyonu&rdquo; <\/span><\/em><\/strong><strong><span style=\"font-size: 12pt; font-family: 'Arial','sans-serif';\">ad\u0131yla ilan edilen fiili K&uuml;rt y&ouml;netime siyasi g&uuml;vence sa\u011flamakt\u0131. &ldquo;Federasyon&rdquo; ilan\u0131n\u0131n, ABD&rsquo;nin Suriye&rsquo;nin kuzeyindeki esas &uuml;ss&uuml; ve askeri a\u011f\u0131rl\u0131k bulundurdu\u011fu Rimeylan&rsquo;da yap\u0131lm\u0131\u015f olmas\u0131 da bunun en &ouml;nemli kan\u0131t\u0131yd\u0131. B&ouml;lgedeki askeri a\u011f\u0131rl\u0131\u011f\u0131n\u0131n yan\u0131 s\u0131ra Washington y&ouml;netimi, I\u015e\u0130D&rsquo;e kar\u015f\u0131 koalisyon &Ouml;zel Temsilcisi Brett McGurk&rsquo;un b&ouml;lgeye iki ayr\u0131 ziyaret d&uuml;zenleyi\u015fi, PKK\/YPG unsurlar\u0131yla samimi pozlar veri\u015fi, onlar\u0131n elinden &ouml;d&uuml;l al\u0131\u015f\u0131yla, b&ouml;lgedeki kanton yap\u0131lanmas\u0131n\u0131n &ouml;ncelikli tehdit g&ouml;ren T&uuml;rkiye&rsquo;ye mesaj olarak alg\u0131lanmal\u0131yd\u0131.<\/span><\/strong><\/p>\n<p style=\"margin-bottom: 0.0001pt; text-align: justify; text-indent: 1cm; line-height: 16.2pt;\"><strong><span style=\"font-size: 14pt; font-family: 'Arial','sans-serif';\">YPG&rsquo;y\u0131 ve PYD&rsquo;yi ter&ouml;r &ouml;rg&uuml;t&uuml; olarak g&ouml;rmedi\u011fini defalarca a&ccedil;\u0131klayan ABD, sonunda Suriye&rsquo;de sava\u015fan askerinin koluna YPJ&rsquo;nin amblemini takacak kadar k&uuml;stahla\u015fm\u0131\u015ft\u0131. <\/span><\/strong><\/p>\n<p style=\"margin-bottom: 0.0001pt; text-align: justify; text-indent: 1cm; line-height: 16.2pt;\"><strong><span style=\"font-size: 12pt; font-family: 'Arial','sans-serif';\">YPJ; PKK&rsquo;n\u0131n Suriye aya\u011f\u0131 olan YPG&rsquo;nin kad\u0131n kolu olmaktayd\u0131. Peki; ABD bunu yaparken, tam &uuml;ye olmak i&ccedil;in &ccedil;\u0131rp\u0131nd\u0131\u011f\u0131m\u0131z AB ne yapm\u0131\u015ft\u0131? PKK&rsquo;n\u0131n b&uuml;t&uuml;n &ouml;nemli ba\u015fkentlerde temsilcilik a&ccedil;mas\u0131na izin &ccedil;\u0131karm\u0131\u015ft\u0131. Bununla da yetinmeyip AB&rsquo;nin kalbi olan Br&uuml;ksel&rsquo;de, AB binalar\u0131n\u0131n &ouml;n&uuml;nde T&uuml;rkiye kar\u015f\u0131t\u0131 g&ouml;steriler yap\u0131lm\u0131\u015ft\u0131. Sonra da bu ter&ouml;ristlerin temsilcileri AB Komisyonu&rsquo;na T&uuml;rkiye&rsquo;yi \u015fik&acirc;yet eden bir rapor sunmu\u015flard\u0131. &Uuml;stelik bu &uuml;lkelerin yasalar\u0131na g&ouml;re PKK, ter&ouml;r &ouml;rg&uuml;t&uuml; say\u0131lmakta m\u0131yd\u0131? Evet! Hem de &ouml;yle bir ter&ouml;r &ouml;rg&uuml;t&uuml; ki; ABD&rsquo;nin ve AB&rsquo;nin bu \u015farlatanl\u0131klar\u0131 yapt\u0131klar\u0131 saatte; bu al&ccedil;aklar, Mardin&rsquo;in Bah&ccedil;eba\u015f\u0131 Mahallesi Muhtar\u0131 Memet Acu&rsquo;yu canl\u0131 canl\u0131 yakm\u0131\u015flard\u0131. Ama AKP iktidar\u0131 hala sadece bunlar\u0131 k\u0131namakta ve k\u0131v\u0131rmaktayd\u0131. <\/span><\/strong><strong><span style=\"font-size: 12pt; font-family: 'Arial','sans-serif';\">Oysa en az\u0131ndan T&uuml;rkiye&rsquo;deki ABD &uuml;slerini kapats\u0131nlard\u0131&hellip; Washington&rsquo;daki B&uuml;y&uuml;kel&ccedil;imizi geri &ccedil;a\u011f\u0131rs\u0131nlard\u0131&#8230; AB ile G&uuml;mr&uuml;k Birli\u011fi Anla\u015fmas\u0131&rsquo;n\u0131 hemen ask\u0131ya als\u0131nlard\u0131! Dedikleri kadar a\u011f\u0131rl\u0131klar\u0131 ve sayg\u0131nl\u0131klar\u0131 varsa \u0130slam D&uuml;nyas\u0131n\u0131 aya\u011fa kald\u0131rs\u0131nlard\u0131!..<\/span><\/strong><\/p>\n<p style=\"margin-bottom: 0.0001pt; text-align: justify; text-indent: 1cm; line-height: 16.2pt;\"><strong><span style=\"font-size: 16pt; font-family: 'Arial','sans-serif';\">Her f\u0131rsatta T&uuml;rkiye&rsquo;yi ve \u0130slam co\u011frafyas\u0131n\u0131 b&ouml;len haritalar yay\u0131nlayan emperyalist bat\u0131, bir kez daha Anadolu &uuml;zerinden harita m&uuml;hendisli\u011fine kalk\u0131\u015fm\u0131\u015ft\u0131.<\/span><\/strong><\/p>\n<p style=\"margin-bottom: 0.0001pt; text-align: justify; text-indent: 1cm; line-height: 16.2pt;\"><strong><span style=\"font-size: 14pt; font-family: 'Arial','sans-serif';\">Sevr Anla\u015fmas\u0131&rsquo;ndan bug&uuml;ne yapay haritalarla T&uuml;rkiye&rsquo;yi b&ouml;lme hayalleri kuran Bat\u0131 emperyalizmi, bu \u015feytani emelini her f\u0131rsatta g&uuml;ndeme ta\u015f\u0131maktayd\u0131. Sykes-Picot&rsquo;tan Sevr&rsquo;e; 20. y&uuml;zy\u0131l\u0131 T&uuml;rkiye&rsquo;yi b&ouml;lme umuduyla ge&ccedil;iren Ha&ccedil;l\u0131 ittifak\u0131, 21. y&uuml;zy\u0131l\u0131n ba\u015f\u0131ndan itibaren bu umudunu yeni haritalarla kurgulamaktayd\u0131. Son &ccedil;eyrek as\u0131rda yay\u0131nlanan onlarca harita, Siyonist g&uuml;d&uuml;ml&uuml; Bat\u0131&rsquo;n\u0131n T&uuml;rkiye &uuml;zerindeki hesaplar\u0131n\u0131 ortaya koyarken, The New York Times&rsquo;ta yay\u0131nlanan ve g&uuml;ndeme bomba gibi oturan yeni T&uuml;rkiye haritas\u0131 i\u015fbirlik&ccedil;i gafillerin hala g&ouml;zlerini a&ccedil;mam\u0131\u015ft\u0131&hellip;<\/span><\/strong><\/p>\n<p style=\"margin-bottom: 0.0001pt; text-align: justify; text-indent: 1cm; line-height: 16.2pt;\"><strong><span style=\"font-size: 12pt; font-family: 'Arial','sans-serif';\">The New York Times gazetesi, d&ouml;nemin ABD Ba\u015fkan\u0131 taraf\u0131ndan haz\u0131rlanan Syket-Picot&rsquo;un alternatifi haritay\u0131 yeniden g&uuml;ndeme ta\u015f\u0131m\u0131\u015ft\u0131. New York Times gazetesi, Osmanl\u0131 topraklar\u0131n\u0131n payla\u015f\u0131lmas\u0131n\u0131 &ouml;ng&ouml;ren Sykes-Picot Anla\u015fmas\u0131&rsquo;n\u0131n 100. y\u0131ld&ouml;n&uuml;m&uuml;nde ar\u015fivden yeni bir harita &ccedil;\u0131karm\u0131\u015ft\u0131. Buna g&ouml;re harita \u0130ngiltere ve Fransa&rsquo;n\u0131n haz\u0131rlad\u0131\u011f\u0131 Sykes-Picot&rsquo;un bir alternatifi olmaktayd\u0131. Haberde d&ouml;nemin ABD Ba\u015fkan\u0131 Woodrow Wilson taraf\u0131ndan haz\u0131rlat\u0131lan haritayla birlikte,&rdquo;1920&rsquo;lerde s\u0131n\u0131rlar bu \u015fekilde &ccedil;izilseydi Ortado\u011fu kurtar\u0131labilir miydi?&rdquo; sorusu yer alm\u0131\u015ft\u0131. Wilson taraf\u0131ndan i\u015fadam\u0131 Charles Crane ve din bilimci Henry King&rsquo;e talimat verilmesinin ard\u0131ndan &ccedil;izilen haritada, Osmanl\u0131&rsquo;n\u0131n Constantinopolitan State, Smyrna, K&uuml;rdistan, Ermenistan, Mezopotamya, Suriye ve T&uuml;rkiye olarak par&ccedil;alara ayr\u0131ld\u0131\u011f\u0131 anla\u015f\u0131lm\u0131\u015ft\u0131. 2000&rsquo;li y\u0131llardan itibaren adeta havada u&ccedil;u\u015fan onlarca b&ouml;l&uuml;nm&uuml;\u015f T&uuml;rkiye haritas\u0131n\u0131n her biri, T&uuml;rkiye&rsquo;nin ba\u015fka bir par&ccedil;as\u0131n\u0131 kopar\u0131p ay\u0131rmaktayd\u0131. Kimi G&uuml;neydo\u011fu&rsquo;yu, kimi Do\u011fu Anadolu&rsquo;yu, kimi Karadeniz&rsquo;i al\u0131p g&ouml;t&uuml;ren b&ouml;l&uuml;c&uuml; haritalar, T&uuml;rkiye&rsquo;yi aralar\u0131nda pay etme yar\u0131\u015f\u0131na giren Siyonist g&uuml;d&uuml;ml&uuml; i\u015fgal &ccedil;etesinin hayalini kurdu\u011fu b&ouml;lgelere di\u015f ge&ccedil;irip koparma &ccedil;abas\u0131n\u0131 ortaya koymaktayd\u0131. <\/span><\/strong><\/p>\n<p style=\"margin-bottom: 0.0001pt; text-align: justify; text-indent: 1cm; line-height: 16.2pt;\"><strong><span style=\"font-size: 14pt; font-family: 'Arial','sans-serif';\">2002&rsquo;nin Nisan ay\u0131nda AB&rsquo;nin, T&uuml;rkiye&rsquo;deki limanlar\u0131n modernizasyonu i&ccedil;in g&ouml;nderdi\u011fi iki Frans\u0131z uzman, Denizcilik M&uuml;ste\u015farl\u0131\u011f\u0131nda masaya Sevr&rsquo;in bir benzeri harita koymu\u015flard\u0131. Haritada s&ouml;zde K&uuml;rdistan, Ermenistan ve Pontus&rsquo;a yer ayr\u0131lm\u0131\u015ft\u0131. 2002&rsquo;nin Eyl&uuml;l ay\u0131nda, \u0130talya&rsquo;da yay\u0131nlanan La Repubblica gazetesi de T&uuml;rkiye&rsquo;nin yar\u0131s\u0131n\u0131n s&ouml;zde &ldquo;K&uuml;rdistan&rdquo; topraklar\u0131 olarak g&ouml;steren bir harita yay\u0131nlanm\u0131\u015ft\u0131. 2006 y\u0131l\u0131n\u0131n Eyl&uuml;l ay\u0131nda, Roma&acute;da NATO Savunma Koleji&acute;nde yap\u0131lan bir toplant\u0131da, brifing verecek olan ABD&rsquo;li subay, &ldquo;Yeni ve B&ouml;l&uuml;nm&uuml;\u015f Ortado\u011fu&rsquo;nun Haritas\u0131&rdquo;n\u0131 &ccedil;\u0131karm\u0131\u015f, brifingde bulunan T&uuml;rk subaylar\u0131 bunun &uuml;zerine b&uuml;y&uuml;k tepki g&ouml;stererek toplant\u0131y\u0131 terk edip &ccedil;\u0131km\u0131\u015flard\u0131. 2006 y\u0131l\u0131n\u0131n Mart ay\u0131nda, ABD Senatosu&rsquo;nda T&uuml;rkiye&rsquo;nin yar\u0131s\u0131n\u0131n b&ouml;l&uuml;nm&uuml;\u015f g&ouml;sterildi\u011fi bir harita da\u011f\u0131t\u0131lm\u0131\u015ft\u0131. ABD Ba\u015fkan\u0131 Bill Clinton&rsquo;un askeri strateji dan\u0131\u015fmanl\u0131\u011f\u0131n\u0131 yapan ve ABD stratejilerinde etkin bir rol oynayan &ldquo;American Enterprise Institute&rdquo; adl\u0131 d&uuml;\u015f&uuml;nce kul&uuml;b&uuml;n&uuml;n beyni Ralph Peters, \u0130slam &uuml;lkeleri &uuml;zerinde ger&ccedil;ekle\u015ftirilecek siyasi de\u011fi\u015fiklikleri bir harita ile g&ouml;stermi\u015f ve bu harita, Amerikan Silahl\u0131 Kuvvetler dergisinin Haziran 2006 say\u0131s\u0131nda &ldquo;Kan S\u0131n\u0131rlar\u0131&rdquo; ad\u0131yla yay\u0131nlanm\u0131\u015ft\u0131. 2014 y\u0131l\u0131nda &ldquo;5 &uuml;lkeden 14 &uuml;lke &ccedil;\u0131kabilir&rdquo; ba\u015fl\u0131\u011f\u0131yla yay\u0131mlanan harita ve Robin Wright imzal\u0131 Ortado\u011fu analizinde Libya, Suriye, Irak, Suudi Arabistan ve Yemen&rsquo;deki par&ccedil;alanmalar\u0131 g&uuml;ndeme ta\u015f\u0131nm\u0131\u015ft\u0131.<\/span><\/strong><\/p>\n<p style=\"margin-bottom: 0.0001pt; text-align: justify; text-indent: 1cm; line-height: 16.2pt;\"><strong><span style=\"font-size: 16pt; font-family: 'Arial','sans-serif';\">CENTCOM&rsquo;un Suriye&rsquo;de ne i\u015fi vard\u0131?<\/span><\/strong><\/p>\n<p style=\"margin-bottom: 0.0001pt; text-align: justify; text-indent: 1cm; line-height: 16.2pt;\"><strong><em><span style=\"font-size: 12pt; font-family: 'Arial','sans-serif';\">&ldquo;ABD Merkez Kuvvetler Komutanl\u0131\u011f\u0131 (CENTCOM)&rsquo;n\u0131n bu soruyu &ldquo;I\u015e\u0130D&rsquo;e kar\u015f\u0131&rdquo; \u015feklinde yan\u0131tlamaktayd\u0131. Peki, ger&ccedil;ekten CENTCOM Komutan\u0131 General Joseph Votel&rsquo;\u0131n sebebi ziyaret bu muydu, yoksa I\u015e\u0130D kamuflajl\u0131 ba\u015fka hedefler mi vard\u0131? &Ouml;rne\u011fin; neden \u015fimdi ve ni&ccedil;in komutan\u0131n bizzat kendisi bu ziyareti yapm\u0131\u015ft\u0131? Bu bol y\u0131ld\u0131zl\u0131 general ve CENTCOM &uuml;zerinden kime ya da kimlere nas\u0131l bir mesaj verilmeye &ccedil;al\u0131\u015f\u0131lm\u0131\u015ft\u0131? ABD Ba\u015fkan\u0131 Obama&rsquo;n\u0131n I\u015e\u0130D ile m&uuml;cadele &ouml;zel temsilcisi Brett McGurk&rsquo;un Ayn-el Arab (Kobani) ziyareti sonras\u0131 (her ne kadar bu yalanlansa da) bu ziyaret nas\u0131l yorumlanmal\u0131yd\u0131? Ve General Suriye&rsquo;de nerelere u\u011fram\u0131\u015ft\u0131? Bu noktada ABD Genelkurmay Ba\u015fkan\u0131 Joe Dunford&rsquo;un ABD askerlerinin Libya&rsquo;y\u0131 i\u015fgale y&ouml;nelik haz\u0131rl\u0131k yapt\u0131\u011f\u0131n\u0131 a&ccedil;\u0131klamas\u0131 daha &ccedil;ok anla\u015f\u0131lmaya ba\u015flanm\u0131\u015ft\u0131. &Ouml;zellikle de ortaya konulan I\u015e\u0130D gerek&ccedil;esi ve bunun yerel-uluslararas\u0131 kamuoyu deste\u011fini sa\u011flamaya y&ouml;nelik boyutuyla. Dolay\u0131s\u0131yla, ziyaretin hedefi her ne kadar Ocak 2014&rsquo;ten bu yana I\u015e\u0130D&rsquo;in ba\u015fkenti olarak ilan edilen Rakka olarak a&ccedil;\u0131klansa da, karanl\u0131kta kalan ve cevap bekleyen sorular ka&ccedil;\u0131n\u0131lmaz olarak bizleri Rakka sonras\u0131na d&uuml;\u015f&uuml;nmeye zorlamaktayd\u0131. <\/span><\/em><\/strong><\/p>\n<p style=\"margin-bottom: 0.0001pt; text-align: justify; text-indent: 1cm; line-height: 16.2pt;\"><strong><em><span style=\"font-size: 12pt; font-family: 'Arial','sans-serif';\">CENTCOM a&ccedil;\u0131klamas\u0131nda: &ldquo;General Votel, Suriyeli Arap sava\u015f&ccedil;\u0131lar ve Suriye Demokratik G&uuml;&ccedil;leri liderleriyle &ccedil;al\u0131\u015fan Amerikal\u0131 askeri dan\u0131\u015fmanlarla bir araya geldi&rdquo; ifadesini kullan\u0131rken; AP, &ldquo;ABD &ouml;zel kuvvetleriyle ve Suriye Demokratik G&uuml;&ccedil;leri i&ccedil;erisindeki Arap ve K&uuml;rt gruplar\u0131n &uuml;st d&uuml;zey temsilcileriyle I\u015e\u0130D&rsquo;e kar\u015f\u0131 y&uuml;r&uuml;t&uuml;len m&uuml;cadeledeki i\u015fbirli\u011fini g&ouml;r&uuml;\u015ft&uuml;\u011f&uuml;n&uuml;&rdquo; a&ccedil;\u0131klam\u0131\u015ft\u0131. AP&rsquo;nin verdi\u011fi bilgiler CENTCOM&rsquo;a g&ouml;re daha a&ccedil;\u0131klay\u0131c\u0131 olmakla birlikte, bu K&uuml;rt gruplar\u0131n ve Suriye Demokratik G&uuml;&ccedil;leri i&ccedil;erisindeki Araplar\u0131n kimler oldu\u011fu vurgulanmam\u0131\u015ft\u0131. Oysa biz biliyoruz ki bu K&uuml;rt gruplar dedi\u011fi asl\u0131nda sadece PYD\/YPG ve b&ouml;lgedeki Suriye milliyet&ccedil;isi Araplar da bunlardan rahats\u0131zd\u0131. Bu ba\u011flamda toplant\u0131n\u0131n adresinin Suriye K&uuml;rtlerinin gizli ba\u015fkenti olarak lanse edilen Kam\u0131\u015fl\u0131 (onlar\u0131n tabiriyle Rojova) olmas\u0131 bile ba\u015fl\u0131 ba\u015f\u0131na bir rahats\u0131zl\u0131k nedeni say\u0131lmaktayd\u0131. Bu arada, Generalin ziyaret etti\u011fi yerin sadece Kam\u0131\u015fl\u0131 ile s\u0131n\u0131rl\u0131 olmad\u0131\u011f\u0131 da anla\u015f\u0131lm\u0131\u015ft\u0131. Nitekim CNN kanal\u0131, General&rsquo;in bir&ccedil;ok yeri ziyaret etti\u011fini ancak bu b&ouml;lgelerin isimlerini a&ccedil;\u0131klayamayacaklar\u0131n\u0131 duyurmu\u015flard\u0131. Ziyaret bitmi\u015f olmas\u0131na ra\u011fmen bu yerlerin isimlerinin halen gizli tutulmas\u0131 da ayr\u0131ca kafa kar\u0131\u015ft\u0131rmaktayd\u0131&rdquo; <\/span><\/em><\/strong><strong><span style=\"font-size: 14pt; font-family: 'Arial','sans-serif';\">\u015feklinde saptama ve yorumlar yapan Milli gazete yazar\u0131 Sn. Mehmet Seyfettin Erol&rsquo;u rahatlatmak i&ccedil;in hat\u0131rlatmak laz\u0131md\u0131. Ne gam beyim, T&uuml;rkiye ile Suudi&rsquo;nin ba\u015f\u0131n\u0131 &ccedil;ektikleri \u0130slam Askeri \u0130ttifak\u0131m\u0131z varken, hem bu tarihi(!) giri\u015fimin mimar\u0131 hem bizim stratejik orta\u011f\u0131m\u0131z ABD&rsquo;nin; PKK ve PYD&rsquo;yi organize ve onure etmesinden tela\u015flanmaya ne l&uuml;zum vard\u0131? Hele ba\u015f\u0131m\u0131zda stratejik deha sahibi, dirayet, feraset ve cesaret ehli hidayeti kararm\u0131\u015flar varken Amerika bize hi&ccedil;bir \u015fey yapamazd\u0131!<\/span><\/strong><\/p>\n<p style=\"margin-bottom: 0.0001pt; text-align: justify; text-indent: 1cm; line-height: 16.2pt;\"><strong><span style=\"font-size: 16pt; font-family: 'Arial','sans-serif';\">Bu ziyaret PYD&rsquo;ye &ldquo;korkma&rdquo;, T&uuml;rkiye&rsquo;ye ise &ldquo;a\u011f\u0131r ol&rdquo; mesaj\u0131yd\u0131!<\/span><\/strong><\/p>\n<p style=\"margin-bottom: 0.0001pt; text-align: justify; text-indent: 1cm; line-height: 16.2pt;\"><span style=\"font-size: 12pt; font-family: 'Arial','sans-serif';\">Emekli General Haldun Solmazt&uuml;rk, \u0130srail&rsquo;in Irak ve Suriye&rsquo;deki faaliyetlerinin artt\u0131\u011f\u0131n\u0131 a&ccedil;\u0131klam\u0131\u015ft\u0131. Solmazt&uuml;rk, ABD Merkez Kuvvetleri Komutan\u0131&rsquo;n\u0131n Suriye&rsquo;deki PYD b&ouml;lgesine ziyaretini de yorumlam\u0131\u015ft\u0131. Bu ziyaretin PYD&rsquo;ye destek, T&uuml;rkiye&rsquo;ye uyar\u0131 mesaj\u0131 niteli\u011finde oldu\u011funu vurgulam\u0131\u015ft\u0131. ABD&rsquo;li komutan\u0131n\u0131n Suriye&rsquo;ye yapt\u0131\u011f\u0131 11 saatlik gizli ziyareti de\u011ferlendiren Solmazt&uuml;rk \u015fu noktalara dikkat &ccedil;ekerek: &ldquo;<strong><em>Ziyaret &ccedil;ok anlaml\u0131. B&ouml;lgede Musul ve Suriye&rsquo;yi kapsayan operasyon i&ccedil;in sona gelinmi\u015f durumda. Nihai karar &ouml;ncesinde yap\u0131lm\u0131\u015f bir ziyaret. Siyasi karar\u0131n ta\u015flar\u0131 d&ouml;\u015feniyor. B&ouml;lgedeki s\u0131n\u0131rlar yeniden &ccedil;izilmeye &ccedil;al\u0131\u015f\u0131l\u0131yor. Bu ko\u015fullarda yap\u0131lan ziyaretin iki mesaj\u0131 var. Biri T&uuml;rkiye&rsquo;ye, &ldquo;Suriye konusunda ataca\u011f\u0131n ad\u0131mlara dikkat et&rdquo; denmi\u015f oluyor. \u0130kincisi PYD&rsquo;ye. PYD&rsquo;ye de &ldquo;arkanday\u0131m&rdquo; denilerek moral verilmeye &ccedil;al\u0131\u015f\u0131l\u0131yor.&rdquo; <\/em>\u0130fadelerini kullanm\u0131\u015ft\u0131. <\/strong>\u0130srail&rsquo;deki geli\u015fmelerin &ouml;n&uuml;m&uuml;zdeki d&ouml;nemde ya\u015fanacaklar konusunda i\u015faret oldu\u011funu hat\u0131rlatan Solmazt&uuml;rk, <strong><em>&ldquo;\u0130srail&rsquo;de &ccedil;ok u&ccedil;ta b&ouml;l&uuml;nmeler ya\u015fanmaktad\u0131r. Radikal kanat ordu i&ccedil;inde g&uuml;&ccedil; kazanmaktad\u0131r. \u0130srail Savunma Bakan\u0131 Mo\u015fe Yalon istifaya zorlanm\u0131\u015ft\u0131r. Mo\u015fe Yalon; \u0130srail ordusunda \u0131rk&ccedil;\u0131l\u0131\u011f\u0131n artt\u0131\u011f\u0131n\u0131 ve ba\u015fbakana g&uuml;venin kalmad\u0131\u011f\u0131n\u0131 kaydederek istifa edip ayr\u0131lm\u0131\u015ft\u0131r&rdquo;<\/em><\/strong> <strong>uyar\u0131s\u0131nda bulunmu\u015flard\u0131r.<\/strong> <strong><em>Yalon&rsquo;un yerine atanan ki\u015finin kimli\u011finin dikkat &ccedil;ekici oldu\u011funu kaydeden Solmazt&uuml;rk, &ldquo;Yalon&rsquo;un yerine ge&ccedil;en isim operasyonel ve tehlikeli bir insand\u0131r. &ldquo;\u0130srail Evimiz&rdquo; partisinin lideri Avigdor Lieberman. &ldquo;\u0130srail&rsquo;e kar\u015f\u0131 duran Araplar\u0131n kafas\u0131n\u0131 baltayla kesmek laz\u0131m&rdquo; diyen bir kafa yap\u0131s\u0131 vard\u0131r. \u0130ran&rsquo;a n&uuml;kleer silah kullanmay\u0131 d&uuml;\u015f&uuml;nen bir adamd\u0131r. \u0130srail&rsquo;deki geli\u015fmeleri Irak ve Suriye&rsquo;deki geli\u015fmelerden ba\u011f\u0131ms\u0131z d&uuml;\u015f&uuml;nmek yan\u0131lt\u0131c\u0131d\u0131r.&rdquo; <\/em><\/strong><\/span><\/p>\n<p style=\"margin-bottom: 0.0001pt; text-align: justify; text-indent: 1cm; line-height: 16.2pt;\"><strong><span style=\"font-size: 12pt; font-family: 'Arial','sans-serif';\">K&uuml;rdistan i&ccedil;in zamanlama ayar\u0131!<\/span><\/strong><\/p>\n<p style=\"margin-bottom: 0.0001pt; text-align: justify; text-indent: 1cm; line-height: 16.2pt;\"><span style=\"font-size: 12pt; font-family: 'Arial','sans-serif';\">Solmazt&uuml;rk \u015f&ouml;yle devam etti: <strong>&ldquo;\u0130srail, Irak&rsquo;\u0131n kuzeyinde &ccedil;ok aktif bulunuyor. \u015eu anda Suriye&rsquo;de de yo\u011fun faaliyet s&uuml;rd&uuml;r&uuml;yor. \u0130srail d\u0131\u015f siyasetinde radikallerin &ouml;ne &ccedil;\u0131kmas\u0131yla birlikte faaliyetler daha da artm\u0131\u015f g&ouml;r&uuml;n&uuml;yor. Durumunun uygun oldu\u011fu d&uuml;\u015f&uuml;n&uuml;l&uuml;yor. 2. \u0130srail olacak K&uuml;rdistan i&ccedil;in d&uuml;\u011fmeye bas\u0131lm\u0131\u015f durumda. Irak sorunlu, Suriye&rsquo;nin hali ortada. T&uuml;rkiye&rsquo;de ter&ouml;r t\u0131rmand\u0131r\u0131ld\u0131. \u0130ran ekonomik s\u0131k\u0131nt\u0131larla bo\u011fu\u015fuyor. Bu f\u0131rsat bir daha gelmez d&uuml;\u015f&uuml;ncesiyle acele ediliyor. \u015eu anda Rakka&rsquo;y\u0131, Musul&rsquo;u kimin ele ge&ccedil;irece\u011finin hesaplar\u0131 yap\u0131l\u0131yor. Yap\u0131lacak bir operasyonda Musul vilayetinin bir b&ouml;l&uuml;m&uuml;n&uuml;n Barzani&rsquo;nin kontrol&uuml;ne verilece\u011fi a&ccedil;\u0131k&ccedil;a konu\u015fuluyor. Kerk&uuml;k&rsquo;te zaten Barzani lehine fiili bir durum ya\u015fan\u0131yor.<\/strong><\/span><\/p>\n<p style=\"margin-bottom: 0.0001pt; text-align: justify; text-indent: 1cm; line-height: 16.2pt;\"><span style=\"font-size: 12pt; font-family: 'Arial','sans-serif';\">E. General Haldun Solmazt&uuml;rk I\u015e\u0130D&rsquo;in b&ouml;lgedeki durumu ile ilgili soruyu da \u015f&ouml;yle yan\u0131tlad\u0131: <\/span><strong><em><span style=\"font-size: 14pt; font-family: 'Arial','sans-serif';\">&ldquo;I\u015e\u0130D&rsquo;in b&ouml;lgedeki g&ouml;revi bitiyor. I\u015e\u0130D&rsquo;in bu y\u0131l\u0131n sonuna kadar &ouml;nemli &ouml;l&ccedil;&uuml;de k&uuml;&ccedil;&uuml;lt&uuml;lece\u011fi bekleniyor. Zaten ele ge&ccedil;irdi\u011fi yerlerin &ouml;nemli bir b&ouml;l&uuml;m&uuml;n&uuml; kaybetmi\u015f g&ouml;r&uuml;n&uuml;yor. &Ouml;n&uuml;m&uuml;zdeki d&ouml;nemde b&ouml;lgede yeni geli\u015fmeler ya\u015fanaca\u011f\u0131 bekleniyor. ABD&rsquo;de yap\u0131lacak ba\u015fkanl\u0131k se&ccedil;im sonu&ccedil;lar\u0131 da ya\u015fanacaklarda etkili olacak gibi g&ouml;z&uuml;k&uuml;yor!&rdquo;<\/span><\/em><\/strong><\/p>\n<p style=\"margin-bottom: 0.0001pt; text-align: justify; text-indent: 1cm; line-height: 16.2pt;\"><strong><span style=\"font-size: 16pt; font-family: 'Arial','sans-serif';\">Ter&ouml;rle m&uuml;cadelede &ouml;n safta onlar, Ergenekon kumpas\u0131yla ma\u011fdur olan komutanlard\u0131!<\/span><\/strong><\/p>\n<p style=\"margin-bottom: 0.0001pt; text-align: justify; text-indent: 1cm; line-height: 16.2pt;\"><strong><span style=\"font-size: 12pt; font-family: 'Arial','sans-serif';\">7 bin 78 ter&ouml;rist etkisiz b\u0131rak\u0131lm\u0131\u015ft\u0131!<\/span><\/strong><\/p>\n<p style=\"margin-bottom: 0.0001pt; text-align: justify; text-indent: 1cm; line-height: 16.2pt;\"><strong><span style=\"font-size: 12pt; font-family: 'Arial','sans-serif';\">Askeri kaynaklar, 24 Temmuz 2015 &ndash; 23 May\u0131s 2016 tarihleri aras\u0131nda toplam 7 bin 78 PKK&rsquo;l\u0131n\u0131n etkisiz hale getirildi\u011fini belirtti. Yurt i&ccedil;inde 2 bin 583 ter&ouml;rist &ouml;ld&uuml;r&uuml;ld&uuml;&hellip; 840 ter&ouml;rist yakalanm\u0131\u015f, 214 ter&ouml;rist teslim olmu\u015ftu. 3 bin 637 PKK&rsquo;l\u0131 da etkisiz hale getirilmi\u015fti. &Ouml;zellikle Irak&rsquo;\u0131n kuzeyindeki hava harek&acirc;tlar\u0131 olmak &uuml;zere yurt d\u0131\u015f\u0131nda d&uuml;zenlenen operasyonlarda; 2015&rsquo;te 1335 PKK&rsquo;l\u0131 &ouml;ld&uuml;r&uuml;lm&uuml;\u015f, 310&rsquo;u yaralanm\u0131\u015ft\u0131. 2016&rsquo;da 1031 PKK&rsquo;l\u0131 &ouml;ld&uuml;r&uuml;lm&uuml;\u015f, 328&rsquo;i yaralanm\u0131\u015ft\u0131. 437 ter&ouml;rist yurt d\u0131\u015f\u0131ndan gelerek teslim olmu\u015ftu. Yurt d\u0131\u015f\u0131nda 3 bin 441 PKK&rsquo;l\u0131 ter&ouml;rist etkisiz hale getirilmi\u015f. Operasyonlarda 296 asker, 178 polis ve 9 ge&ccedil;ici k&ouml;y korucusu \u015fehit olmu\u015flard\u0131.<\/span><\/strong><\/p>\n<p style=\"margin-bottom: 0.0001pt; text-align: justify; text-indent: 1cm; line-height: 16.2pt;\"><strong><span style=\"font-size: 12pt; font-family: 'Arial','sans-serif';\">\u0130&ccedil;i\u015fleri Bakanl\u0131\u011f\u0131 taraf\u0131ndan Jandarma Genel Komutanl\u0131\u011f\u0131 2016 atamalar\u0131 21 May\u0131s&rsquo;ta yap\u0131lm\u0131\u015ft\u0131. Atamalarda F tipi &ouml;rg&uuml;tle ba\u011flant\u0131l\u0131 oldu\u011fundan endi\u015fe edilen isimler pasif g&ouml;revlere kayd\u0131r\u0131lm\u0131\u015ft\u0131. Bu atamalarda en dikkat &ccedil;eken nokta ter&ouml;rle m&uuml;cadele kapsam\u0131nda Do\u011fu&rsquo;daki kritik \u0130l Jandarma Komutanl\u0131klar\u0131nda ve operasyonel birliklerde yap\u0131lan atamalard\u0131. &Ccedil;&uuml;nk&uuml; ter&ouml;rle m&uuml;cadelede kritik g&ouml;revlere Balyoz davas\u0131 ma\u011fduru kurmay albaylar getirilmi\u015f bulunmaktayd\u0131. Ergenekon davas\u0131nda yarg\u0131land\u0131klar\u0131 i&ccedil;in y&uuml;zba\u015f\u0131 r&uuml;tbesini alamayan &uuml;ste\u011fmen ve te\u011fmenlerinde &ccedil;at\u0131\u015fmalar\u0131n yo\u011fun oldu\u011fu b&ouml;lgelerde ter&ouml;re kar\u015f\u0131 m&uuml;cadelede etkin g&ouml;rev yapt\u0131klar\u0131 anla\u015f\u0131lm\u0131\u015ft\u0131.<\/span><\/strong><\/p>\n<p style=\"margin-bottom: 0.0001pt; text-align: justify; text-indent: 1cm; line-height: 16.2pt;\"><strong><span style=\"font-size: 12pt; font-family: 'Arial','sans-serif';\">Ula\u015f\u0131lan bilgilere g&ouml;re, Jandarma&rsquo;n\u0131n en g&ouml;zde birliklerinden olan \u0130stanbul \u0130l Jandarma Komutanl\u0131\u011f\u0131&rsquo;n\u0131n yan\u0131 s\u0131ra, Antalya, Tunceli, Mardin, I\u011fd\u0131r \u0130l Jandarma Komutanl\u0131klar\u0131nda da Balyoz davas\u0131nda yarg\u0131lan\u0131p berat eden kurmay albaylar atanm\u0131\u015f. Balyoz ve di\u011fer kumpas davalar\u0131 nedeniyle haks\u0131zl\u0131\u011fa u\u011frayan askerlerin ma\u011fduriyetlerinin telafisi yolunda ad\u0131mlar at\u0131lm\u0131\u015ft\u0131. Ter&ouml;rle m&uuml;cadelede etkin g&ouml;revlere getirilen balyoz davas\u0131 ma\u011fduru askerlerin yak\u0131n &ccedil;evrelerine <em>&ldquo;Ter&ouml;r su&ccedil;lusuyduk, ter&ouml;rle m&uuml;cadeleye gidiyoruz. Yarg\u0131lanmaktan ka&ccedil;mad\u0131k, \u015fimdi atand\u0131\u011f\u0131m\u0131z ter&ouml;rle m&uuml;cadele g&ouml;revinden de ka&ccedil;m\u0131yoruz. Vatan i&ccedil;in can\u0131m\u0131z\u0131 vermeye haz\u0131r\u0131z&rdquo; <\/em>dedikleri ortaya &ccedil;\u0131km\u0131\u015ft\u0131. <\/span><\/strong><\/p>\n<p style=\"margin-bottom: 0.0001pt; text-align: justify; text-indent: 1cm; line-height: 16.2pt;\"><span style=\"font-size: 12pt; font-family: 'Arial','sans-serif';\">TSK&rsquo;da FET&Ouml; soru\u015fturmalar\u0131<\/span><\/p>\n<p style=\"margin-bottom: 0.0001pt; text-align: justify; text-indent: 1cm; line-height: 16.2pt;\"><span style=\"font-size: 12pt; font-family: 'Arial','sans-serif';\">Bu arada TSK&rsquo;da F tipi &ouml;rg&uuml;tle ilgili soru\u015fturmalar\u0131n s&uuml;rd&uuml;\u011f&uuml;, hakk\u0131nda F tipi &ouml;rg&uuml;tle ili\u015fkisi oldu\u011fu konusunda ihbarlar bulunan personelin ilk a\u015famada aktif g&ouml;revlerden pasif g&ouml;revlere atand\u0131klar\u0131 anla\u015f\u0131lm\u0131\u015ft\u0131. TSK&rsquo;da bu t&uuml;r su&ccedil;lularla ilgili olarak eskiden oldu\u011fu gibi Y&uuml;ksek Askeri \u015eura (YA\u015e)&rsquo;da karar verilmedi\u011fini hat\u0131rlatan emekli askerler, &ouml;zellikle \u015fu g&ouml;r&uuml;\u015f&uuml; dile aktarm\u0131\u015ft\u0131: &ldquo;\u015eimdi bu t&uuml;r su&ccedil;lar kuvvet komutanl\u0131klar\u0131ndan kurulan Y&uuml;ksek Disiplin Kurulu&rsquo;nda ele al\u0131n\u0131yor. TSK&rsquo;da F tipi &ouml;rg&uuml;te y&ouml;nelik &ccedil;al\u0131\u015fmalar h\u0131zland\u0131. Ad\u0131 F tipi &ouml;rg&uuml;tle an\u0131lan, haklar\u0131nda F tipi &ouml;rg&uuml;tle ili\u015fkisi oldu\u011fu konusunda ihbarlar ve istihbari bilgileri olanlar ilk a\u015famada k\u0131zak g&ouml;revlere atan\u0131yor. Bu s\u0131rada haklar\u0131nda disiplin ve yarg\u0131 soru\u015fturmalar\u0131 s&uuml;rd&uuml;r&uuml;l&uuml;yor. F tipi ili\u015fkisi nedeniyle &ccedil;ok say\u0131da subay\u0131n ve astsubay\u0131n TSK ile ili\u015fkilerinin kesildi\u011fini biliyoruz. Bu konuda yeni geli\u015fmelerinde olmas\u0131 bekleniyor.&rdquo;<\/span><\/p>\n<p style=\"margin-bottom: 0.0001pt; text-align: justify; text-indent: 1cm; line-height: 16.2pt;\"><strong><span style=\"font-size: 14pt; font-family: 'Arial','sans-serif';\">FET&Ouml;&rsquo;de &Ccedil;&ouml;z&uuml;lme h\u0131zlanm\u0131\u015f &ccedil;ember daralm\u0131\u015ft\u0131.<\/span><\/strong><\/p>\n<p style=\"margin-bottom: 0.0001pt; text-align: justify; text-indent: 1cm; line-height: 16.2pt;\"><strong><span style=\"font-size: 12pt; font-family: 'Arial','sans-serif';\">F tipi &ouml;rg&uuml;tte itiraf&ccedil;\u0131 patlamas\u0131 ya\u015fand\u0131\u011f\u0131 bir&ccedil;ok &ouml;rg&uuml;t eleman\u0131n\u0131n &ouml;rg&uuml;t&uuml;n s\u0131rlar\u0131n\u0131 if\u015fa ederek kendini kurtarmaya &ccedil;al\u0131\u015ft\u0131\u011f\u0131 &ouml;\u011frenildi. En &ouml;nemli &ccedil;&ouml;z&uuml;lmenin Ege&rsquo;de ya\u015fand\u0131\u011f\u0131n\u0131 aktaran yetkililer &ouml;rg&uuml;t&uuml;n etraf\u0131ndaki &ccedil;emberin iyice darald\u0131\u011f\u0131n\u0131 belirtti.<\/span><\/strong><\/p>\n<p style=\"margin-bottom: 0.0001pt; text-align: justify; text-indent: 1cm; line-height: 16.2pt;\"><span style=\"font-size: 12pt; font-family: 'Arial','sans-serif';\">AKP&rsquo;de ya\u015fanan parti i&ccedil;i geli\u015fmeler ve Ba\u015fbakan Ahmet Davuto\u011flu&rsquo;nun g&ouml;revden el &ccedil;ektirilmesi karar\u0131 al\u0131nmas\u0131 ile birlikte F tipi &ouml;rg&uuml;tte &ccedil;&ouml;z&uuml;lme h\u0131zlanm\u0131\u015ft\u0131. \u0130&ccedil;i\u015fleri Bakanl\u0131\u011f\u0131nda F tipi &ouml;rg&uuml;tle m&uuml;cadeleden sorumlu yetkililer &ouml;rg&uuml;tte &ccedil;&ouml;z&uuml;lmenin son d&ouml;nemde artt\u0131\u011f\u0131n\u0131 kaydederek<em>, &ldquo;&Ouml;rg&uuml;t zaman kazanma takti\u011fi izliyordu. Hatta kendi aralar\u0131nda &ouml;rg&uuml;t&uuml;n &ccedil;&ouml;z&uuml;lmesini &ouml;nlemek i&ccedil;in &ccedil;e\u015fitli taktikler uyguland\u0131. &Ccedil;&ouml;z&uuml;lmesinden korkulan baz\u0131 kritik isimler apar topar yurt d\u0131\u015f\u0131na &ccedil;\u0131kar\u0131ld\u0131. Bu isimlerden kayg\u0131lan\u0131lanlar Avrupa&rsquo;da da tutulmad\u0131. T&uuml;rkiye ile su&ccedil;lular\u0131n iadesi anla\u015fmas\u0131 olmayan Kanada&rsquo;ya g&ouml;t&uuml;r&uuml;ld&uuml;. Bunun yan\u0131nda yurt i&ccedil;inde de g&uuml;venceler verildi. ABD ve AB deste\u011fiyle Davuto\u011flu&rsquo;nun yak\u0131nda inisiyatifi ele alaca\u011f\u0131 ve rahatlayacaklar\u0131 propagandas\u0131 yap\u0131ld\u0131. Ancak bunlar\u0131n do\u011fru olmad\u0131\u011f\u0131 istihbarat\u0131n\u0131 alan elemanlarda gelgitler ba\u015flad\u0131. Davuto\u011flu&rsquo;nun ba\u015fbakanl\u0131\u011f\u0131 b\u0131rakaca\u011f\u0131 ilan edilince son dayanak da koptu. \u015eu anda &ouml;rg&uuml;tte adeta itiraf&ccedil;\u0131 patlamas\u0131 ya\u015fan\u0131yor.&rdquo;<\/em> a&ccedil;\u0131klamas\u0131n\u0131 yapm\u0131\u015flard\u0131.<\/span><\/p>\n<p style=\"margin-bottom: 0.0001pt; text-align: justify; text-indent: 1cm; line-height: 16.2pt;\"><strong><span style=\"font-size: 12pt; font-family: 'Arial','sans-serif';\">Adalet ve Kalk\u0131nma Partisi&rsquo;nin 2. Ola\u011fan &uuml;st&uuml; kongresi Ankara&rsquo;da yap\u0131lm\u0131\u015f; kongrede Ba\u015fbakan ve Genel Ba\u015fkan Ahmet Davuto\u011flu aday olmayarak &ldquo;Veda&rdquo; edip ayr\u0131lm\u0131\u015ft\u0131!<\/span><\/strong><\/p>\n<p style=\"margin-bottom: 0.0001pt; text-align: justify; text-indent: 1cm; line-height: 16.2pt;\"><span style=\"font-size: 12pt; font-family: 'Arial','sans-serif';\">Davuto\u011flu e\u015fiyle birlikte selamlad\u0131\u011f\u0131 partililere karanfil att\u0131ktan sonra protokolde Binali Y\u0131ld\u0131r\u0131m ile yan yana oturmu\u015flar daha sonra Cumhurba\u015fkan\u0131 Recep Tayyip Erdo\u011fan&rsquo;\u0131n kongreye g&ouml;nderdi\u011fi mesaj\u0131 salonda ayakta alk\u0131\u015flam\u0131\u015flard\u0131.<\/span><\/p>\n<p style=\"margin-bottom: 0.0001pt; text-align: justify; text-indent: 1cm; line-height: 16.2pt;\"><strong><span style=\"font-size: 12pt; font-family: 'Arial','sans-serif';\">Davuto\u011flu meydan okuyarak m\u0131 ayr\u0131lm\u0131\u015ft\u0131?<\/span><\/strong><\/p>\n<p style=\"margin-bottom: 0.0001pt; text-align: justify; text-indent: 1cm; line-height: 16.2pt;\"><span style=\"font-size: 12pt; font-family: 'Arial','sans-serif';\">Daha sonra k&uuml;rs&uuml;ye gelen Ba\u015fbakan Ahmet Davuto\u011flu &acirc;deta <em>&ldquo;meydan okuyarak ve vuru\u015farak &ccedil;ekiliyorum&rdquo;<\/em> mesajlar\u0131 aktarm\u0131\u015ft\u0131. <em>&ldquo;Zaferle &ccedil;\u0131k\u0131lm\u0131\u015f bir se&ccedil;im sonras\u0131 bu kongrede kar\u015f\u0131n\u0131za &ccedil;\u0131kmak benim arzum de\u011fildi&rdquo;<\/em> diyen Davuto\u011flu, g&ouml;revi b\u0131rakma nedenini \u015fu s&ouml;zlerle anlatm\u0131\u015ft\u0131: <em>&ldquo;Ola\u011fan&uuml;st&uuml; kongre karar\u0131 al\u0131p g&ouml;revi devretme karar\u0131m\u0131n nedeni AKP hareketinin zarar g&ouml;rmesi endi\u015femdir.&rdquo;<\/em> Davuto\u011flu, hareketlerinin bir z&uuml;mreye ait olmad\u0131\u011f\u0131n\u0131 ortak akl\u0131n &uuml;r&uuml;n&uuml; oldu\u011funu vurgulam\u0131\u015f, iktidar\u0131n s\u0131nav oldu\u011funu belirterek <em>&ldquo;g&uuml;&ccedil; sarho\u015flu\u011funa d&uuml;\u015f&uuml;lmemeli&rdquo;<\/em> &ldquo;mesaj&rdquo;\u0131 dikkatlerden ka&ccedil;mam\u0131\u015ft\u0131. <\/span><\/p>\n<p style=\"margin-bottom: 0.0001pt; text-align: justify; text-indent: 1cm; line-height: 16.2pt;\"><strong><span style=\"font-size: 12pt; font-family: 'Arial','sans-serif';\">Davuto\u011flu&rsquo;nun: <em>&ldquo;Hi&ccedil; kimse vazge&ccedil;ilmez de\u011fil, ilkeler vazge&ccedil;ilmezdir&rdquo; <\/em>s&ouml;zleri nas\u0131l okunmal\u0131yd\u0131?<\/span><\/strong><\/p>\n<p style=\"margin-bottom: 0.0001pt; text-align: justify; text-indent: 1cm; line-height: 16.2pt;\"><strong><em><span style=\"font-size: 12pt; font-family: 'Arial','sans-serif';\">&ldquo;Bu harekette hi&ccedil;birimiz vazge&ccedil;ilmez de\u011filiz. Vazge&ccedil;ilmeyecek de\u011fer ve ilkeler vard\u0131r. AKP bir z&uuml;mrenin, bir kli\u011fin partisi olmam\u0131\u015ft\u0131r&rdquo;<\/span><\/em><\/strong><span style=\"font-size: 12pt; font-family: 'Arial','sans-serif';\"> diyen Davuto\u011flu, partisinin, milletinin ve \u0130slam co\u011frafyas\u0131n\u0131n birlik ve b&uuml;t&uuml;nl&uuml;\u011f&uuml; i&ccedil;in &ccedil;al\u0131\u015ft\u0131\u011f\u0131n\u0131 trib&uuml;nleri \u015fahit tutarak \u015f&ouml;yle hayk\u0131rm\u0131\u015ft\u0131: <em>&ldquo;\u015eahitli\u011finizi alarak ayr\u0131lmak istiyorum. AK Parti&rsquo;nin birli\u011fin, beraberli\u011fini, davas\u0131n\u0131 korumak i&ccedil;in her \u015feyi yapt\u0131\u011f\u0131m\u0131za \u015fahitlik eder misiniz? Gece g&uuml;nd&uuml;z &ccedil;al\u0131\u015ft\u0131\u011f\u0131m\u0131za \u015fahitlik eder misiniz? T&uuml;rkiye&rsquo;nin birli\u011fini, beraberli\u011fini, milletimizin huzur ve refah\u0131n\u0131 korumak &uuml;zere gece g&uuml;nd&uuml;z &ccedil;al\u0131\u015ft\u0131\u011f\u0131m\u0131za \u015fahitlik eder misiniz? Y&ouml;nlerini T&uuml;rkiye&rsquo;ye d&ouml;nm&uuml;\u015f, ellerini semaya a&ccedil;\u0131p medet bekleyen b&uuml;t&uuml;n mazlum milletlerin hukukunu korudu\u011fumuza, g&ouml;n&uuml;l co\u011frafyam\u0131z\u0131n dertleriyle dertlendi\u011fimize onlarla g&ouml;zya\u015f\u0131 d&ouml;kt&uuml;\u011f&uuml;m&uuml;ze \u015fahitlik eder misiniz? Sizin bu \u015fahitli\u011finizi &ouml;lene kadar kalbimde ta\u015f\u0131yaca\u011f\u0131m.&rdquo;<\/em><\/span><\/p>\n<p style=\"margin-bottom: 0.0001pt; text-align: justify; text-indent: 1cm; line-height: 16.2pt;\"><strong><span style=\"font-size: 12pt; font-family: 'Arial','sans-serif';\">Dan\u0131\u015fmanlara &ldquo;terk edin&rdquo; talimat\u0131<\/span><\/strong><\/p>\n<p style=\"margin-bottom: 0.0001pt; text-align: justify; text-indent: 1cm; line-height: 16.2pt;\"><span style=\"font-size: 12pt; font-family: 'Arial','sans-serif';\">Ba\u015fbakanl\u0131kta g&ouml;rev yapan Davuto\u011flu ekibine Binali Y\u0131ld\u0131r\u0131m gelmeden terk edin mesaj\u0131 g&ouml;nderildi\u011fi anla\u015f\u0131lm\u0131\u015ft\u0131.<\/span><\/p>\n<p style=\"margin-bottom: 0.0001pt; text-align: justify; text-indent: 1cm; line-height: 16.2pt;\"><span style=\"font-size: 12pt; font-family: 'Arial','sans-serif';\">AKP&rsquo;de Ahmet Davuto\u011flu&rsquo;nun g&ouml;revden el &ccedil;ektirilmesi karar\u0131 al\u0131nmas\u0131 sonras\u0131nda Davuto\u011flu ile birlikte &ccedil;al\u0131\u015fan dan\u0131\u015fman ve di\u011fer kadrolar\u0131n tamam\u0131n\u0131n de\u011fi\u015ftirilece\u011fi konu\u015fulmaktayd\u0131. Bu &ccedil;er&ccedil;evede AKP kongresi ve yeni Genel Ba\u015fkan Binali Y\u0131ld\u0131r\u0131m&rsquo;\u0131n g&ouml;reve ba\u015flamas\u0131 &ouml;ncesinde Davuto\u011flu ekibine <em>&ldquo;Ba\u015fbakanl\u0131kta sizinle &ccedil;al\u0131\u015fmayaca\u011f\u0131z, gere\u011fini yap\u0131n, kendinize yer bulun&rdquo;<\/em> mesaj\u0131 g&ouml;nderildi\u011fi ortaya &ccedil;\u0131km\u0131\u015ft\u0131. Tayyip Erdo\u011fan&rsquo;\u0131n yak\u0131n &ccedil;evresinden bir AKP y&ouml;neticisi olay\u0131 do\u011frulayarak, <em>&ldquo;Bu normal bir durumdur. Say\u0131n Davuto\u011flu&rsquo;nun gidi\u015fi normal bir gidi\u015f de\u011fil. &Uuml;stelik Davuto\u011flu g&ouml;revden uzakla\u015ft\u0131r\u0131laca\u011f\u0131 kendisine tebli\u011f edildikten sonra rahat durmayaca\u011f\u0131 mesaj\u0131 verdi. Konya ziyareti arkas\u0131ndan yapt\u0131\u011f\u0131 temaslar dikkat &ccedil;ekici. B&ouml;yle bir durumda Davuto\u011flu ekibinin Ba\u015fbakanl\u0131kta g&ouml;revlerine devam etmesi do\u011fru olmaz. O ekipten ki\u015filer orada kal\u0131rsa ba\u015fbakanl\u0131k BBG evi gibi olur. S&uuml;rekli bilgi s\u0131zar. Yeni Fuat Avni vakalar\u0131 ortaya &ccedil;\u0131kar. Zaten onun ba\u015f\u0131n\u0131 yakan nedenlerden biri de dan\u0131\u015fmanlar ve ekibi&rdquo;<\/em> yorumunu yapm\u0131\u015ft\u0131.<\/span><\/p>\n<p style=\"margin-bottom: 0.0001pt; text-align: justify; text-indent: 1cm; line-height: 16.2pt;\"><strong><span style=\"font-size: 12pt; font-family: 'Arial','sans-serif';\">AKP Birli\u011fini koruyacak m\u0131?<\/span><\/strong><\/p>\n<p style=\"margin-bottom: 0.0001pt; text-align: justify; text-indent: 1cm; line-height: 16.2pt;\"><span style=\"font-size: 12pt; font-family: 'Arial','sans-serif';\">AKP&rsquo;nin yap\u0131lan ola\u011fan&uuml;st&uuml; kongresinde ba\u015ftan sona Cumhurba\u015fkan\u0131 Erdo\u011fan damgas\u0131 vard\u0131. Divan Ba\u015fkan\u0131ndan, Genel Ba\u015fkana, MKYK &uuml;yelerine kadar O atam\u0131\u015ft\u0131. Kongre &uuml;zerinde tam denetim kurdu\u011fu a&ccedil;\u0131kt\u0131. Yeni genel ba\u015fkan aday\u0131 Binali Y\u0131ld\u0131r\u0131m toplant\u0131ya kat\u0131lan t&uuml;m delegelerin imzas\u0131yla Genel Ba\u015fkanl\u0131k i&ccedil;in aday yap\u0131lm\u0131\u015ft\u0131. Birlik havas\u0131 verilmeye &ccedil;al\u0131\u015f\u0131lsa da; Kongre salonunda sadece s\u0131r\u0131tan bir \u015fov vard\u0131. Peki AKP birli\u011fini koruyacak m\u0131yd\u0131? \u015eimdi kulislerde bu tart\u0131\u015f\u0131lmaktayd\u0131. Bu tart\u0131\u015fmay\u0131 yapanlar aras\u0131nda kurultaya kat\u0131lan AKP&rsquo;liler de vard\u0131. Kongrede oy kulland\u0131ktan sonra salonu terk eden delegeler gelecekten pek emin durmuyorlard\u0131. Salon d\u0131\u015f\u0131 sohbetlerde bir delege &ldquo;Hi&ccedil;bir \u015fey olmaz, Binali Bey delegelerin tamam\u0131n\u0131n imzas\u0131yla aday g&ouml;sterildi&rdquo; deyince di\u011fer bir delege &ldquo;Davuto\u011flu da ayn\u0131 \u015fekilde aday g&ouml;sterilmi\u015fti&rdquo; diye uyarm\u0131\u015ft\u0131.<\/span><\/p>\n<p style=\"margin-bottom: 0.0001pt; text-align: justify; text-indent: 1cm; line-height: 16.2pt;\"><span style=\"font-size: 12pt; font-family: 'Arial','sans-serif';\">AKP&rsquo;de birlik \u015fovlar\u0131 yap\u0131lsa da enerji birikimi patlamaya haz\u0131rd\u0131. Cumhurba\u015fkan\u0131 Erdo\u011fan durumu bildi\u011fi i&ccedil;in &ldquo;Partili Cumhurba\u015fkan\u0131&rdquo; form&uuml;l&uuml;n&uuml; g&uuml;ndeme ta\u015f\u0131m\u0131\u015ft\u0131. Partinin ba\u015f\u0131na do\u011frudan kendisinin ge&ccedil;ece\u011fini vurgulayarak krizi atlatma yolunu tutmu\u015flard\u0131. Davuto\u011flu&rsquo;nun yerine AKP genel ba\u015fkanl\u0131\u011f\u0131 ve Ba\u015fbakanl\u0131\u011fa atad\u0131\u011f\u0131 Binali Y\u0131ld\u0131r\u0131m da kongrede yapt\u0131\u011f\u0131 konu\u015fmada s\u0131k s\u0131k ve s\u0131r\u0131tan bir riyak&acirc;rl\u0131kla Erdo\u011fan vurgusu yapm\u0131\u015ft\u0131. &ldquo;Ben onun yard\u0131mc\u0131l\u0131\u011f\u0131na aday\u0131m&rdquo; mesaj\u0131 verilmeye &ccedil;al\u0131\u015f\u0131lm\u0131\u015ft\u0131, ama performans\u0131 &ccedil;ok zay\u0131f kalm\u0131\u015ft\u0131. Tam bir d&uuml;\u015f&uuml;k profil ortaya &ccedil;\u0131km\u0131\u015ft\u0131. Ama Erdo\u011fan&rsquo;a ba\u011fl\u0131l\u0131kta s\u0131n\u0131r tan\u0131nmam\u0131\u015ft\u0131. &ldquo;B&ouml;l&uuml;nme Anayasas\u0131 ve Ba\u015fkanl\u0131k&rdquo; konusunda kraldan &ccedil;ok kralc\u0131yd\u0131.<\/span><\/p>\n<p style=\"margin-bottom: 0.0001pt; text-align: justify; text-indent: 1cm; line-height: 16.2pt;\"><strong><span style=\"font-size: 12pt; font-family: 'Arial','sans-serif';\">H&uuml;k&uuml;met tamam, s\u0131rada erken se&ccedil;im mi vard\u0131!<\/span><\/strong><\/p>\n<p style=\"margin-bottom: 0.0001pt; text-align: justify; text-indent: 1cm; line-height: 16.2pt;\"><span style=\"font-size: 12pt; font-family: 'Arial','sans-serif';\">Ola\u011fan&uuml;st&uuml; kongre ile kadrolar\u0131n\u0131 ba\u015ftan sona yenileyen AKP, \u015fimdi bask\u0131n se&ccedil;ime haz\u0131rlanmaktayd\u0131. <strong>En ge&ccedil; sonbaharda<\/strong> erken se&ccedil;im i&ccedil;in te\u015fkilatlara, <strong>&ldquo;&Ccedil;al\u0131\u015fmalara ba\u015flay\u0131n&rdquo; yaz\u0131l\u0131 talimat\u0131<\/strong> &ccedil;oktan yollanm\u0131\u015ft\u0131. Zaten iki partili sistemde <strong>mutlak iktidar i&ccedil;in anketler<\/strong> tahrike ba\u015flam\u0131\u015ft\u0131. HDP baraj alt\u0131. MHP sallant\u0131da diyerek beyin y\u0131kama operasyonlar\u0131 h\u0131zland\u0131r\u0131lm\u0131\u015ft\u0131.<\/span><\/p>\n","protected":false},"excerpt":{"rendered":"<p>ABD&rsquo;li Yahudi komutan\u0131n Suriye ziyareti TSK&rsquo;ya g&ouml;zda\u011f\u0131 mesaj\u0131yd\u0131. ABD Merkez Kuvvetler Komutan\u0131 Joseph Votel, Suriye&rsquo;de Amerikan askeri deste\u011fi ile PKK\/PYD&rsquo;nin denetiminde bulunan b&ouml;lgeye 11 saatlik bir ziyaret yapm\u0131\u015ft\u0131. ABD&rsquo;li Yahudi komutan\u0131n bu ziyareti, &ldquo;T&uuml;rkiye&rsquo;ye mesaj&rdquo; olarak yorumlanm\u0131\u015ft\u0131. (CENT-COM) komutan\u0131 General Joseph Votel&rsquo;in, Suriye&rsquo;nin Kuzeyinde PYD ve di\u011fer baz\u0131 muhalif gruplarla bulu\u015ftu\u011fu ortaya &ccedil;\u0131km\u0131\u015ft\u0131. Votel&rsquo;in, Esad&rsquo;a [&hellip;]<\/p>\n","protected":false},"author":1,"featured_media":0,"comment_status":"open","ping_status":"closed","sticky":false,"template":"","format":"standard","meta":{"footnotes":""},"categories":[98],"tags":[],"class_list":["post-3811","post","type-post","status-publish","format-standard","hentry","category-ozel-yazilar"],"_links":{"self":[{"href":"https:\/\/www.millicozum.com\/mc\/wp-json\/wp\/v2\/posts\/3811","targetHints":{"allow":["GET"]}}],"collection":[{"href":"https:\/\/www.millicozum.com\/mc\/wp-json\/wp\/v2\/posts"}],"about":[{"href":"https:\/\/www.millicozum.com\/mc\/wp-json\/wp\/v2\/types\/post"}],"author":[{"embeddable":true,"href":"https:\/\/www.millicozum.com\/mc\/wp-json\/wp\/v2\/users\/1"}],"replies":[{"embeddable":true,"href":"https:\/\/www.millicozum.com\/mc\/wp-json\/wp\/v2\/comments?post=3811"}],"version-history":[{"count":0,"href":"https:\/\/www.millicozum.com\/mc\/wp-json\/wp\/v2\/posts\/3811\/revisions"}],"wp:attachment":[{"href":"https:\/\/www.millicozum.com\/mc\/wp-json\/wp\/v2\/media?parent=3811"}],"wp:term":[{"taxonomy":"category","embeddable":true,"href":"https:\/\/www.millicozum.com\/mc\/wp-json\/wp\/v2\/categories?post=3811"},{"taxonomy":"post_tag","embeddable":true,"href":"https:\/\/www.millicozum.com\/mc\/wp-json\/wp\/v2\/tags?post=3811"}],"curies":[{"name":"wp","href":"https:\/\/api.w.org\/{rel}","templated":true}]}}