{"id":3968,"date":"2016-10-23T16:26:38","date_gmt":"2016-10-23T16:26:38","guid":{"rendered":"https:\/\/www.millicozum.com\/mc\/2016\/10\/23\/basika-kampi-ve-musul-tuzagi\/"},"modified":"2016-10-23T16:26:38","modified_gmt":"2016-10-23T16:26:38","slug":"basika-kampi-ve-musul-tuzagi","status":"publish","type":"post","link":"https:\/\/www.millicozum.com\/mc\/ozel-yazilar\/basika-kampi-ve-musul-tuzagi\/","title":{"rendered":"BA\u015e\u0130KA KAMPI VE MUSUL TUZA\u011eI"},"content":{"rendered":"\n<p style=\"margin-bottom: 0.0001pt; text-align: justify; text-indent: 1cm; line-height: 16pt;\"><strong><span style=\"font-size: 12pt; font-family: 'Arial',sans-serif;\">Her hususta oldu\u011fu gibi, Suriye ve Irak konusunda da elbette ve herkesin &uuml;st&uuml;nde, Cenab\u0131 Hakk\u0131n da bir hesab\u0131 vard\u0131 ve Allah takdir ve tanziminde asla yan\u0131lmayand\u0131. Ayr\u0131ca Devletimizin ve onun asker ve sivil kademelerinin de herhalde, farkl\u0131 ihtimallere kar\u015f\u0131 Milli ve stratejik planlar\u0131 bulunmaktayd\u0131. Ancak AKP daha do\u011frusu Erdo\u011fan iktidar\u0131n\u0131n, Be\u015far Esad ve Suriye politikas\u0131 gibi, \u015fimdi <\/span><\/strong><span style=\"font-size: 14pt;\"><strong><span style=\"font-family: 'Arial',sans-serif;\">Musul maceras\u0131n\u0131n <\/span><\/strong><\/span><strong><span style=\"font-size: 12pt; font-family: 'Arial',sans-serif;\">da hezimetle sonu&ccedil;lanaca\u011f\u0131 ve bize pahal\u0131ya mal olaca\u011f\u0131 y&ouml;n&uuml;ndeki ku\u015fkular\u0131m\u0131z giderek artmaktayd\u0131. <\/span><\/strong><strong><em><span style=\"font-size: 14pt; font-family: 'Arial',sans-serif;\">&ldquo;Misak-\u0131 Milli s\u0131n\u0131rlar\u0131m\u0131z i&ccedil;inde bulunan ama gafil ve hain y&ouml;neticilerimizce elden &ccedil;\u0131kart\u0131lan Musul ve Kerk&uuml;k&rsquo;&uuml;, do\u011frudan ve resmen olmasa da, dolayl\u0131 bi&ccedil;imde ve fiilen, tekrar kontrol&uuml;m&uuml;ze alma f\u0131rsat\u0131n\u0131 ka&ccedil;\u0131rmay\u0131n\u0131z!&rdquo; <\/span><\/em><\/strong><strong><span style=\"font-size: 12pt; font-family: 'Arial',sans-serif;\">\u015feklindeki sinsi ve Siyonist zokay\u0131 maalesef yutmu\u015f g&ouml;r&uuml;n&uuml;yorlar ve stratejik zek&acirc;dan ve milli duyarl\u0131l\u0131ktan mahrum kafalar bu istikamette tehlikeli ve tedbirsiz ad\u0131mlar at\u0131yorlard\u0131. &Ccedil;&uuml;nk&uuml; ayn\u0131 heves ve hesaplarla, Kuzey Irak&rsquo;taki <\/span><\/strong><span style=\"font-size: 14pt;\"><strong><span style=\"font-family: 'Arial',sans-serif;\">k&uuml;&ccedil;&uuml;k \u0130srail Barzani K&uuml;rdistan&rsquo;\u0131n\u0131<\/span><\/strong><\/span><strong><span style=\"font-size: 12pt; font-family: 'Arial',sans-serif;\"> da AKP iktidar\u0131na kurdurmu\u015flard\u0131. <\/span><\/strong><\/p>\n<p style=\"margin-bottom: 0.0001pt; text-align: justify; text-indent: 1cm; line-height: 16pt;\"><span style=\"font-size: 14pt;\"><strong><span style=\"font-family: 'Arial',sans-serif;\">&Ouml;ncelikle \u015fu hususu &ouml;zellikle vurgulamam\u0131z laz\u0131md\u0131:<\/span><\/strong><\/span><\/p>\n<p style=\"margin-bottom: 0.0001pt; text-align: justify; text-indent: 1cm; line-height: 16pt;\"><strong><span style=\"font-size: 12pt; font-family: 'Arial',sans-serif;\">\u0130n\u015fallah &ccedil;ok yak\u0131n bir gelecekte ger&ccedil;ekle\u015fece\u011fini bekledi\u011fimiz, ak\u0131l ve ilim terazili, Kur&rsquo;an ve Resull&uuml;llah endeksli, insan ve bar\u0131\u015f merkezli yeni AD\u0130L D&Uuml;ZEN medeniyetindeki:<\/span><\/strong><\/p>\n<p style=\"margin-bottom: 0.0001pt; text-align: justify; text-indent: 1cm; line-height: 16pt;\"><strong><span style=\"font-size: 12pt; font-family: 'Arial',sans-serif;\">1- \u0130slam (bar\u0131\u015f projeli) Birle\u015fmi\u015f Milletleri,<\/span><\/strong><\/p>\n<p style=\"margin-bottom: 0.0001pt; text-align: justify; text-indent: 1cm; line-height: 16pt;\"><strong><span style=\"font-size: 12pt; font-family: 'Arial',sans-serif;\">2- \u0130slam (Bar\u0131\u015f) ortak Para birimi,<\/span><\/strong><\/p>\n<p style=\"margin-bottom: 0.0001pt; text-align: justify; text-indent: 1cm; line-height: 16pt;\"><strong><span style=\"font-size: 12pt; font-family: 'Arial',sans-serif;\">3- \u0130slam (Bar\u0131\u015f) Savunma i\u015fbirli\u011fi,<\/span><\/strong><\/p>\n<p style=\"margin-bottom: 0.0001pt; text-align: justify; text-indent: 1cm; line-height: 16pt;\"><strong><span style=\"font-size: 12pt; font-family: 'Arial',sans-serif;\">4- \u0130slam (Bar\u0131\u015f) ortak Pazar giri\u015fimi,<\/span><\/strong><\/p>\n<p style=\"margin-bottom: 0.0001pt; text-align: justify; text-indent: 1cm; line-height: 16pt;\"><strong><span style=\"font-size: 12pt; font-family: 'Arial',sans-serif;\">5-\u0130slam (Bar\u0131\u015f) ortak Bilim ve Teknoloji &uuml;retim ve transferi <\/span><\/strong><strong><span style=\"font-size: 16pt; font-family: 'Arial',sans-serif;\">sisteminde ve s&uuml;recinde<\/span><\/strong><strong><span style=\"font-size: 12pt; font-family: 'Arial',sans-serif;\">; a)Ge&ccedil;erli ve de\u011ferli paralar\u0131 ortak, b)Anayasa temel kurallar\u0131 ortak, c)Pasaportlar\u0131 ortak, d)Bilimsel ve teknolojik ara\u015ft\u0131rmalar\u0131 ortak, e)Ekonomik ve sanayi yat\u0131r\u0131mlar\u0131 ortak olan &uuml;lkelerin: <\/span><\/strong><\/p>\n<p style=\"margin-bottom: 0.0001pt; text-align: justify; text-indent: 1cm; line-height: 16pt;\"><strong><span style=\"font-size: 12pt; font-family: 'Arial',sans-serif;\">&bull; <\/span><\/strong><strong><span style=\"font-size: 12pt; font-family: 'Arial',sans-serif;\">Biribirlerinin topraklar\u0131nda, yer alt\u0131 ve yer &uuml;st&uuml; kaynaklar\u0131nda g&ouml;zleri olmayacakt\u0131r, buna ihtiya&ccedil; da kalmayacakt\u0131r. <\/span><\/strong><\/p>\n<p style=\"margin-bottom: 0.0001pt; text-align: justify; text-indent: 1cm; line-height: 16pt;\"><strong><span style=\"font-size: 12pt; font-family: 'Arial',sans-serif;\">&bull; <\/span><\/strong><strong><span style=\"font-size: 12pt; font-family: 'Arial',sans-serif;\">Bu nedenle hem mevcut s\u0131n\u0131rlar\u0131na, hem de b&uuml;t&uuml;n &uuml;lkelerin ulusal yap\u0131lar\u0131 ve ba\u011f\u0131ms\u0131zl\u0131klar\u0131na asla dokunulmayacakt\u0131r.<\/span><\/strong><\/p>\n<p style=\"margin-bottom: 0.0001pt; text-align: justify; text-indent: 1cm; line-height: 16pt;\"><strong><span style=\"font-size: 12pt; font-family: 'Arial',sans-serif;\">&bull; <\/span><\/strong><strong><span style=\"font-size: 12pt; font-family: 'Arial',sans-serif;\">Yani ne T&uuml;rkiye, ne de ba\u015fka bir &uuml;lke, di\u011ferlerini i\u015fgal edici ve s&ouml;m&uuml;rgeci konumunda olmayacakt\u0131r.<\/span><\/strong><\/p>\n<p style=\"margin-bottom: 0.0001pt; text-align: justify; text-indent: 1cm; line-height: 16pt;\"><strong><span style=\"font-size: 16pt; font-family: 'Arial',sans-serif;\">Hayret <em>&ldquo;Barzani &uuml;zerinden Musul ve Kerk&uuml;k&rsquo;&uuml; kontrol&uuml;m&uuml;ze alaca\u011f\u0131z!&rdquo;<\/em> h&uuml;lyalar\u0131 kurulurken K\u0131br\u0131s sat\u0131l\u0131\u011fa &ccedil;\u0131kar\u0131lm\u0131\u015ft\u0131!<\/span><\/strong><\/p>\n<p style=\"margin-bottom: 0.0001pt; text-align: justify; text-indent: 1cm; line-height: 16pt;\"><strong><span style=\"font-size: 14pt; font-family: 'Arial',sans-serif;\">Erbakan Hoca y&uuml;ksek bir dirayet, feraset ve cesaretle ba\u015flatt\u0131\u011f\u0131 ve kahraman Ordumuzun ba\u015fard\u0131\u011f\u0131 1974 bar\u0131\u015f harek&acirc;t\u0131ndan sonra K\u0131br\u0131s&rsquo;ta 40 y\u0131l\u0131 a\u015fk\u0131n s&uuml;redir devam eden m&uuml;zakerelerde BM&rsquo;ye T&uuml;rkiye kar\u015f\u0131t\u0131 bir teklif ula\u015ft\u0131r\u0131lm\u0131\u015ft\u0131. Teklife g&ouml;re, Yunanistan ve G&uuml;ney K\u0131br\u0131s, T&uuml;rkiye&rsquo;nin &uuml;lkedeki &ccedil;&ouml;z&uuml;m s&uuml;recinde <em>&lsquo;garant&ouml;rl&uuml;k&rsquo;<\/em> seviyesinden <em>&lsquo;dan\u0131\u015fmanl\u0131k&rsquo;<\/em> seviyesine indirilmesi teklifi sunulmaktayd\u0131. <em>&ldquo;Lozan zafer de\u011fil, hezimettir(!) Abd&uuml;lhamid Han kahraman de\u011fil, dikta kafal\u0131 bir sefildir(!)&rdquo; <\/em><\/span><\/strong><strong><span style=\"font-size: 12pt; font-family: 'Arial',sans-serif;\">tart\u0131\u015fmalar\u0131 aras\u0131nda \u0130srail&rsquo;le bar\u0131\u015f zaferi(!) kazanan AKP iktidar\u0131, bir yandan da AB&rsquo;ye kat\u0131l\u0131m hat\u0131r\u0131na KKTC&rsquo;yi g&ouml;zden &ccedil;\u0131karma \u015ferefine ula\u015ft\u0131racak ad\u0131mlar atmakta ve yanda\u015f yalaka tak\u0131m\u0131 bu sinsi ad\u0131mlar\u0131 hi&ccedil; g&uuml;ndeme ta\u015f\u0131mamaktayd\u0131. <\/span><\/strong><\/p>\n<p style=\"margin-bottom: 0.0001pt; text-align: justify; text-indent: 1cm; line-height: 16pt;\"><strong><span style=\"font-size: 16pt; font-family: 'Arial',sans-serif;\">Devletin ve Askeri otoritelerin ABD&rsquo;ye be\u015f uyar\u0131s\u0131!<\/span><\/strong><\/p>\n<p style=\"margin-bottom: 0.0001pt; text-align: justify; text-indent: 1cm; line-height: 16pt;\"><strong><span style=\"font-size: 12pt; font-family: 'Arial',sans-serif;\">ABD&rsquo;nin Musul operasyonunda yeni mezhep &ccedil;at\u0131\u015fmalar\u0131n\u0131 beraberinde getirecek planlama hatalar\u0131na T&uuml;rkiye kar\u015f\u0131 &ccedil;\u0131kmaktayd\u0131. T&uuml;rkiye ve ABD aras\u0131nda, D\u0131\u015fi\u015fleri Bakan Yard\u0131mc\u0131s\u0131 Antony Blinken ve Ba\u015fkan Barrack Obama&rsquo;n\u0131n DAE\u015e&rsquo;le M&uuml;cadele K&uuml;resel Koalisyonu &Ouml;zel Temsilcisi Brett McGurk&rsquo;un Ankara&rsquo;da yapt\u0131klar\u0131 ziyaretin ard\u0131ndan DAE\u015e&rsquo;e kar\u015f\u0131 i\u015fbirli\u011fi karar\u0131 al\u0131nm\u0131\u015ft\u0131. <\/span><\/strong><strong><span style=\"font-size: 14pt; font-family: 'Arial',sans-serif;\">Bu arada ABD askeri Kuzey Irak&rsquo;a &uuml;stlenmi\u015f durumdayd\u0131. <\/span><\/strong><strong><span style=\"font-size: 12pt; font-family: 'Arial',sans-serif;\">Musul&rsquo;a y&ouml;nelik b&uuml;y&uuml;k operasyon i&ccedil;in ABD askerleri, Irak ordu birlikleri ve Ha\u015fdi \u015eabi g&uuml;&ccedil;leri, kent merkezlerinin 55 kilometre g&uuml;neyindeki Kayyare il&ccedil;esinde &uuml;slenmi\u015f durumdayd\u0131. Buradan harekete ge&ccedil;ecek &uuml;&ccedil; unsura, Musul&rsquo;un do\u011fusundan ve kuzeyinden de Irak K&uuml;rt B&ouml;lgesel Y&ouml;netimi&rsquo;ne ba\u011fl\u0131 g&uuml;&ccedil;ler destek olacakt\u0131. G&ouml;r&uuml;\u015fme trafi\u011finde yer alan bir yetkiliden al\u0131nan bilgiye g&ouml;re, T&uuml;rk taraf\u0131 kendisine sunulan operasyon plan\u0131nda sak\u0131ncal\u0131 buldu\u011fu ve b&ouml;lgenin fay hatlar\u0131n\u0131 de\u011fi\u015ftirmesinden korktu\u011fu &ccedil;ekincesini Washington&rsquo;a iletmi\u015f bulunmaktayd\u0131. Bunlar s\u0131ra ile:<\/span><\/strong><\/p>\n<p style=\"margin-bottom: 0.0001pt; text-align: justify; text-indent: 1cm; line-height: 16pt;\"><strong><span style=\"font-size: 12pt; font-family: 'Arial',sans-serif;\">1- T&uuml;rkmen kenti Telafer&rsquo;i \u015eii milislere b\u0131rakman\u0131z mezhep sava\u015f\u0131n\u0131 do\u011furacakt\u0131r.<\/span><\/strong><\/p>\n<p style=\"margin-bottom: 0.0001pt; text-align: justify; text-indent: 1cm; line-height: 16pt;\"><strong><span style=\"font-size: 12pt; font-family: 'Arial',sans-serif;\">2- \u015eii milisler Telafer&rsquo;den Suriye-\u0130ran-Irak &ldquo;mezhep koridoru&rdquo;nu a&ccedil;acakt\u0131r.<\/span><\/strong><\/p>\n<p style=\"margin-bottom: 0.0001pt; text-align: justify; text-indent: 1cm; line-height: 16pt;\"><strong><span style=\"font-size: 12pt; font-family: 'Arial',sans-serif;\">3- Musul&rsquo;dan ka&ccedil;an militanlar F\u0131rat Kalkan\u0131 Harekat\u0131&rsquo;n\u0131n &ouml;n&uuml;ne y\u0131\u011f\u0131l\u0131p TSK&rsquo;n\u0131n kar\u015f\u0131s\u0131nda yap\u0131lanacakt\u0131r. <\/span><\/strong><\/p>\n<p style=\"margin-bottom: 0.0001pt; text-align: justify; text-indent: 1cm; line-height: 16pt;\"><strong><span style=\"font-size: 12pt; font-family: 'Arial',sans-serif;\">4- PKK, \u015eii milislerle beraber Irak-Suriye s\u0131n\u0131r\u0131nda kal\u0131c\u0131 hakimiyet kuracakt\u0131r.<\/span><\/strong><\/p>\n<p style=\"margin-bottom: 0.0001pt; text-align: justify; text-indent: 1cm; line-height: 16pt;\"><strong><span style=\"font-size: 12pt; font-family: 'Arial',sans-serif;\">5- T&uuml;rkiye&rsquo;nin Ba\u015fika&rsquo;da e\u011fitti\u011fi 3 bin Musul&rsquo;lu da mutlaka bu operasyona kat\u0131lmal\u0131d\u0131r. <\/span><\/strong><\/p>\n<p style=\"margin-bottom: 0.0001pt; text-align: justify; text-indent: 1cm; line-height: 16pt;\"><strong><span style=\"font-size: 14pt; font-family: 'Arial',sans-serif;\">Hat\u0131rlayacaks\u0131n\u0131z; ter&ouml;r &ouml;rg&uuml;t&uuml; PKK&#8217;n\u0131n Suriye kolu PYD&#8217;nin lideri Salih M&uuml;slim, Cerablus operasyonunun ard\u0131ndan Twitter hesab\u0131ndan \u015fu k&uuml;stahl\u0131klar\u0131 payla\u015fm\u0131\u015ft\u0131: <\/span><\/strong><\/p>\n<p style=\"margin-bottom: 0.0001pt; text-align: justify; text-indent: 1cm; line-height: 16pt;\"><strong><span style=\"font-size: 14pt; font-family: 'Arial',sans-serif;\">Salih M&uuml;sl&uuml;m&#8217;in \u0130ngilizce olarak <em>&#8220;T&uuml;rkiye Suriye bata\u011f\u0131nda. DA\u0130\u015e gibi bozguna u\u011frayacakt\u0131r&#8221;<\/em> yazarken alt\u0131na da T&uuml;rk&ccedil;e olarak <em>&#8220;T&uuml;rkiye Suriye bata\u011f\u0131nda &ccedil;ok \u015fey kaybetmi\u015f olacakt\u0131r&#8221;<\/em> ifadelerini kullanm\u0131\u015ft\u0131. <\/span><\/strong><strong><span style=\"font-size: 12pt; font-family: 'Arial',sans-serif;\">Ama as\u0131l kafa yorulmas\u0131 ve yan\u0131t\u0131 aranmas\u0131 gereken soru \u015fuydu: Salih M&uuml;slim, s\u0131n\u0131r &ouml;tesi harekatla Akdeniz&rsquo;e uzanacak koridor hesaplar\u0131n\u0131 bozan T&uuml;rkiye&rsquo;ye duydu\u011fu k\u0131zg\u0131nl\u0131k ve h\u0131r&ccedil;\u0131nl\u0131kla m\u0131 bunlar\u0131 yazm\u0131\u015ft\u0131? Yoksa \u015feytani bir planla T&uuml;rkiye&rsquo;yi ad\u0131m ad\u0131m Suriye bata\u011f\u0131na &ccedil;eken Amerikal\u0131lardan duyduklar\u0131n\u0131 m\u0131 aktarm\u0131\u015f veya a\u011fz\u0131ndan ka&ccedil;\u0131rm\u0131\u015ft\u0131?<\/span><\/strong><\/p>\n<p style=\"margin-bottom: 0.0001pt; text-align: justify; text-indent: 1cm; line-height: 16pt;\"><strong><span style=\"font-size: 16pt; font-family: 'Arial',sans-serif;\">&Uuml;&ccedil; y\u0131l &ouml;nce Suriye bata\u011f\u0131 &uuml;zerine Amerikal\u0131 siyaset bilimci Yahudi Brzezinski ile &ouml;nemli bir r&ouml;portaj yap\u0131lm\u0131\u015ft\u0131.<\/span><\/strong><\/p>\n<p style=\"margin-bottom: 0.0001pt; text-align: justify; text-indent: 1cm; line-height: 16pt;\"><strong><span style=\"font-size: 14pt; font-family: 'Arial',sans-serif;\">Eski ABD Ba\u015fkanlar\u0131ndan Jimmy Carter&rsquo;in Milli G&uuml;venlik Dan\u0131\u015fman\u0131, ve Ye\u015fil Ku\u015fak So\u011fuk Sava\u015f stratejisinin fikir babas\u0131 olan &ldquo;Zbigniew Brzezinski&rdquo; ile, The National Interest Dergisi ba\u015f edit&ouml;r&uuml; Jacob Heilbrunn&rsquo;un 21 Haziran 2016&rsquo;da yapt\u0131\u011f\u0131, bu ilgin&ccedil; r&ouml;portajda, Suriye sorunlar\u0131n\u0131n kayna\u011f\u0131 ve BOP&rsquo;un ad\u0131m ad\u0131m uygulanmas\u0131 konusunda &ccedil;ok &ouml;nemli ve gizemli a&ccedil;\u0131klamalarda bulunmu\u015flard\u0131:<\/span><\/strong><\/p>\n<p style=\"margin-bottom: 0.0001pt; text-align: justify; text-indent: 1cm; line-height: 16pt;\"><strong><span style=\"font-size: 14pt; font-family: 'Arial',sans-serif;\">Jacob Heilbrunn: <\/span><\/strong><strong><em><span style=\"font-size: 12pt; font-family: 'Arial',sans-serif;\">Obama y&ouml;netimin be\u015finci y\u0131l\u0131nday\u0131z Siz Bat\u0131&rsquo;n\u0131n &lsquo;b&uuml;y&uuml;k bir propaganda&rsquo; yapt\u0131\u011f\u0131n\u0131 s&ouml;yl&uuml;yorsunuz. Obama Suriye&rsquo;deki bata\u011fa, ABD&rsquo;deki stat&uuml;koya kar\u015f\u0131 koyamayacak kadar zay\u0131f oldu\u011fu i&ccedil;in mi bula\u015ft\u0131? <\/span><\/em><\/strong><\/p>\n<p style=\"margin-bottom: 0.0001pt; text-align: justify; text-indent: 1cm; line-height: 16pt;\"><strong><span style=\"font-size: 14pt; font-family: 'Arial',sans-serif;\">Zbigniew Brzezinski: <\/span><\/strong><strong><em><span style=\"font-size: 12pt; font-family: 'Arial',sans-serif;\">Psiko-analiz ya da tarihi revizyonizm yapmaya kalk\u0131\u015fmayaca\u011f\u0131m. G&ouml;r&uuml;l&uuml;yor ki Obama&rsquo;n\u0131n elinde &ccedil;ok zor bir sorun bulunmaktad\u0131r. Ve bunun gizemli bir y&ouml;n&uuml; de vard\u0131r. Birdenbire Esad&rsquo;\u0131n gitmesi gerekti\u011fi ve yak\u0131nda gidece\u011fi ortaya at\u0131lm\u0131\u015ft\u0131 ama hi&ccedil; bir ger&ccedil;ek haz\u0131rl\u0131k yap\u0131lmam\u0131\u015ft\u0131. 24 Mart tarihli New York Times Gazetesi&rsquo;ndeki &ccedil;ok &ouml;nemli bir habere g&ouml;re General Petraeus idaresindeki CIA, Katar ve Suudlarla b&uuml;y&uuml;k bir proje yap\u0131p bir \u015fekilde de buna T&uuml;rkleri de ba\u011flam\u0131\u015ft\u0131. Bu stratejik bir duru\u015f say\u0131lmazd\u0131.<\/span><\/em><\/strong><\/p>\n<p style=\"margin-bottom: 0.0001pt; text-align: justify; text-indent: 1cm; line-height: 16pt;\"><strong><span style=\"font-size: 14pt; font-family: 'Arial',sans-serif;\">J. Heilbrun<\/span><\/strong><strong><span style=\"font-size: 14pt; font-family: 'Arial',sans-serif;\">n:<\/span><\/strong><strong><em><span style=\"font-size: 12pt; font-family: 'Arial',sans-serif;\"> Biz niye birdenbire Suriye&rsquo;de istikrar\u0131n bozulmas\u0131na ve Suriye H&uuml;k&uuml;meti&rsquo;nin y\u0131k\u0131lmas\u0131na kalk\u0131\u015ft\u0131k? Bu hi&ccedil; Amerikan halk\u0131na anlat\u0131lm\u0131\u015f m\u0131yd\u0131?<\/span><\/em><\/strong><\/p>\n<p style=\"margin-bottom: 0.0001pt; text-align: justify; text-indent: 1cm; line-height: 16pt;\"><strong><span style=\"font-size: 14pt; font-family: 'Arial',sans-serif;\">Z. Brzezinski: <\/span><\/strong><strong><em><span style=\"font-size: 12pt; font-family: 'Arial',sans-serif;\">Suriye&rsquo;de as\u0131l sorun bence b&ouml;lgesel ve k&uuml;resel bir istikrars\u0131zl\u0131\u011fa yol a&ccedil;mas\u0131 ve &ccedil;evreye yay\u0131lmas\u0131 olas\u0131l\u0131\u011f\u0131d\u0131r. A&ccedil;\u0131k&ccedil;a belirtirsek &Uuml;rd&uuml;n, L&uuml;bnan ve Irak&rsquo;\u0131n durumunun hassasl\u0131\u011f\u0131ndan dolay\u0131 daha b&uuml;y&uuml;k bir S&uuml;nni-\u015eii sava\u015f\u0131n\u0131n &ccedil;\u0131kmas\u0131 ve bizimle \u0130ranl\u0131lar aras\u0131nda da daha &ccedil;apl\u0131 bir &ccedil;arp\u0131\u015fman\u0131n ya\u015fanmas\u0131d\u0131r. D&uuml;\u015f&uuml;nceme g&ouml;re Suriye sorunu &ccedil;ok y&uuml;ksek riskli bir durum olu\u015fturmaktad\u0131r ve ne olaca\u011f\u0131n\u0131 tahmin etmek de zorla\u015fmaktad\u0131r. Sadece Amerika&rsquo;n\u0131n g&uuml;c&uuml; ile sorunun yaln\u0131z Suriye ile s\u0131n\u0131rl\u0131 tutulmas\u0131 imk&acirc;ns\u0131zd\u0131r.<\/span><\/em><\/strong><\/p>\n<p style=\"margin-bottom: 0.0001pt; text-align: justify; text-indent: 1cm; line-height: 16pt;\"><strong><span style=\"font-size: 14pt; font-family: 'Arial',sans-serif;\">J. Heilbrunn: <\/span><\/strong><strong><em><span style=\"font-size: 12pt; font-family: 'Arial',sans-serif;\">G&ouml;rd&uuml;\u011f&uuml;m&uuml;z zincirleme bir tepki mi olmaktayd\u0131? Irak&rsquo;a girerken &ldquo;Yeni Muhafazakarlar\u0131n r&uuml;yas\u0131&rdquo;, Orta Do\u011fu&rsquo;da domino gibi birbiri ard\u0131na bir&ccedil;ok rejimin devrilmesi mi ya\u015fanmaktayd\u0131? Yoksa bu korkun&ccedil; plan\u0131n (BOP&rsquo;u kastediyor) uygulamas\u0131 m\u0131yd\u0131? <\/span><\/em><\/strong><\/p>\n<p style=\"margin-bottom: 0.0001pt; text-align: justify; text-indent: 1cm; line-height: 16pt;\"><strong><span style=\"font-size: 14pt; font-family: 'Arial',sans-serif;\">Z. Brzezinski:<\/span><\/strong><strong><em><span style=\"font-size: 12pt; font-family: 'Arial',sans-serif;\">\u015eunu akl\u0131m\u0131zdan &ccedil;\u0131karmayal\u0131m ki, Suriye karga\u015fas\u0131; e\u011fer bu &uuml;lke iyice kar\u0131\u015f\u0131r ve farkl\u0131 &uuml;lkeler soruna dahil olursa, b&ouml;lgenin tamam\u0131 Irak i\u015fgalinden daha da istikrars\u0131z bir duruma ta\u015f\u0131n\u0131r. Suriye kavgas\u0131 \u0130srail&rsquo;in en iyi ve en etkili stratejisi, t&uuml;m kom\u015fular\u0131n\u0131n destabilize olmas\u0131na yani ekonomik ve siyasi dengelerinin bozulup istikrars\u0131zla\u015fmas\u0131na ba\u011fl\u0131d\u0131r diye d&uuml;\u015f&uuml;nen \u0130srail&rsquo;in sa\u011fc\u0131lar\u0131 taraf\u0131ndan da buland\u0131r\u0131lm\u0131\u015f olabilir. Ama benim d&uuml;\u015f&uuml;nceme g&ouml;re bu, \u0130srail i&ccedil;in uzun d&ouml;nemde bir felakete d&ouml;n&uuml;\u015fecektir. &Ccedil;&uuml;nk&uuml; bunun neticesi b&ouml;lgede Amerika&rsquo;n\u0131n etkisinin yok olmas\u0131 demektir ve \u0130srail de sonunda yaln\u0131z kalacakt\u0131r. Bu zannetmiyorum ki \u0130srail i&ccedil;in iyi olsun zaten benim i&ccedil;in &ouml;nemli olan Amerikan milli &ccedil;\u0131karlar\u0131 ve bizim i&ccedil;in de iyi olmaz.<\/span><\/em><\/strong><\/p>\n<p style=\"margin-bottom: 0.0001pt; text-align: justify; text-indent: 1cm; line-height: 16pt;\"><strong><span style=\"font-size: 14pt; font-family: 'Arial',sans-serif;\">J. Heilbrunn: <\/span><\/strong><strong><em><span style=\"font-size: 12pt; font-family: 'Arial',sans-serif;\">MSNBC&rsquo;nin sizinle yapt\u0131\u011f\u0131 r&ouml;portajda olabilecek uluslararas\u0131 bir konferanstan bahsettiniz. Bu sizce hal&acirc; i\u015fe yarar m\u0131, ve Amerika hal&acirc; acil olarak &Ccedil;in, Rusya ve di\u011fer g&uuml;&ccedil;leri zorlay\u0131p bu i&ccedil; sava\u015fa bar\u0131\u015f&ccedil;\u0131l bir &ccedil;&ouml;z&uuml;m bulmal\u0131 m\u0131?<\/span><\/em><\/strong><\/p>\n<p style=\"margin-bottom: 0.0001pt; text-align: justify; text-indent: 1cm; line-height: 16pt;\"><strong><span style=\"font-size: 14pt; font-family: 'Arial',sans-serif;\">Z. Brzezinski: <\/span><\/strong><strong><em><span style=\"font-size: 12pt; font-family: 'Arial',sans-serif;\">Bence yaln\u0131z Ruslarla g&ouml;r&uuml;\u015f&uuml;rsek ve &Ccedil;in, Hindistan ve Japonya&rsquo;y\u0131 da dahil edersek \u015fans\u0131m\u0131z artacakt\u0131r. &Ccedil;&uuml;nk&uuml; onlar\u0131n da Orta Do\u011fu&rsquo;da istikrara ihtiya&ccedil;lar\u0131 vard\u0131r. T&uuml;m bu &uuml;lkelerin katk\u0131s\u0131 ile kimsenin kazan&ccedil;l\u0131 &ccedil;\u0131kmad\u0131\u011f\u0131 y&uuml;zeysel bir uzla\u015fma belki sa\u011flan\u0131r. Ama Suriye&rsquo;den ba\u015flayacak ve t&uuml;m d&uuml;nyay\u0131 etkisi alt\u0131na alacak bir kaos ve kavga giderek yakla\u015fmaktad\u0131r&hellip; Suriye&rsquo;de, korkar\u0131m yetersiz kalacak bir Amerikan m&uuml;dahalesine do\u011fru gidiyoruz, oysa bu daha da k&ouml;t&uuml; olacak ve ortal\u0131k kar\u0131\u015facak, uzun d&ouml;nemde b&ouml;yle kaynayan bir b&ouml;lge, n&uuml;kleer bir g&uuml;&ccedil; olan \u0130srail taraf\u0131ndan bile kontrol edilemez olacak&#8230; Sava\u015flar\u0131n bize yapt\u0131\u011f\u0131n\u0131n benzeri \u0130srail&rsquo;e yap\u0131lacak. Y\u0131pran\u0131p, yorulacak, t\u0131kan\u0131p demoralize olacak, &uuml;lkeden d\u0131\u015far\u0131ya beyin g&ouml;&ccedil;&uuml; ba\u015flayacak ve \u015fu anda g&ouml;remeyece\u011fimiz felaketler ya\u015fanacak. Bu \u015fartlarda kim ne yapar bilinmez. \u0130ran \u0130srail&rsquo;in kap\u0131 kom\u015fular\u0131 say\u0131l\u0131r. N&uuml;kleer bir g&uuml;&ccedil;leri de olabilir. Diyelim ki \u0130srail bunlar\u0131 imha etti. Ya Pakistan ve di\u011ferleri? \u0130srail gibi g&uuml;&ccedil;l&uuml; ve &uuml;lk&uuml;s&uuml; olan bir &uuml;lke de olsan\u0131z b&uuml;t&uuml;n bir b&ouml;lgeyi yaln\u0131z alt\u0131 milyon n&uuml;fusla kontrol&uuml;n&uuml;z alt\u0131nda tutabilece\u011finiz d&uuml;\u015f&uuml;ncesi sadece &ccedil;\u0131lg\u0131n bir hayaldir.<\/span><\/em><\/strong><\/p>\n<p style=\"margin-bottom: 0.0001pt; text-align: justify; text-indent: 1cm; line-height: 16pt;\"><strong><span style=\"font-size: 14pt; font-family: 'Arial',sans-serif;\">J. Heilbrunn: <\/span><\/strong><strong><em><span style=\"font-size: 12pt; font-family: 'Arial',sans-serif;\">Benim son sorum \u015fu olacak; \u015eimdi siz bir nevi kar\u015f\u0131 taraftas\u0131n\u0131z ama, Amerikal\u0131 ayd\u0131nlar ve bas\u0131nda bask\u0131n &ccedil;\u0131kan g&ouml;r&uuml;\u015f liberal \u015fahin\/yeni muhafazak&acirc;r &ccedil;evrelerde duygusal bir Suriye&rsquo;ye m&uuml;dahale &ccedil;a\u011fr\u0131lar\u0131 duyulmaktad\u0131r. Niye Irak Sava\u015f\u0131 fiyaskosundan sonra bile, d\u0131\u015f politika tart\u0131\u015fmalar\u0131 hal&acirc; Amerika&rsquo;da yap\u0131lmaktad\u0131r?<\/span><\/em><\/strong><\/p>\n<p style=\"margin-bottom: 0.0001pt; text-align: justify; text-indent: 1cm; line-height: 16pt;\"><strong><span style=\"font-size: 14pt; font-family: 'Arial',sans-serif;\">Z. Brzezinski: <\/span><\/strong><strong><em><span style=\"font-size: 12pt; font-family: 'Arial',sans-serif;\">Amerika &ccedil;ok k&uuml;lt&uuml;rl&uuml;, &ccedil;ok &uuml;lk&uuml;l&uuml; ve iyi insanlar\u0131n &uuml;lkesidir. Ama bu insanlar ayn\u0131 zamanda d&uuml;nya politikalar\u0131n\u0131 anlamada m&uuml;thi\u015f derecede basit d&uuml;\u015f&uuml;nmektedir. Ve hal&acirc; Amerika&rsquo;n\u0131n gerekirse g&uuml;&ccedil; kullanarak &uuml;ste &ccedil;\u0131kaca\u011f\u0131na g&uuml;venmektedir. Ama karma\u015f\u0131k durumlarda basit tepkiler veren insanlar ve g&uuml;n&uuml;birlik &ccedil;&ouml;z&uuml;mler &uuml;reten iktidarlar, b&uuml;y&uuml;k felaketleri sezememektedir. Birka&ccedil; \u015fu t&uuml;r, bu t&uuml;r silah yard\u0131m\u0131 verilirse istediklerini elde edeceklerini d&uuml;\u015f&uuml;nmekte ve bunu iyi bir ama&ccedil; i&ccedil;in zafer olarak g&ouml;rmektedir. Ama gizli karma\u015f\u0131k yap\u0131lar\u0131 anlamadan git gide daha b&uuml;y&uuml;k bir b&ouml;lgesel sava\u015f\u0131n i&ccedil;ine eninde sonunda &ccedil;ekilece\u011fimizi ve b&ouml;lge M&uuml;sl&uuml;manlar\u0131n\u0131n \u015fu anda olduklar\u0131ndan da fazla bize d&uuml;\u015fman kesilece\u011fini ve bunlar\u0131n do\u011furaca\u011f\u0131 felaketi g&ouml;rememektedir. Ama, bu stratejik &ouml;ng&ouml;r&uuml;leri bu d&uuml;nyada olup biteni &ccedil;ok fazla okumayan ortalama bir Amerikal\u0131n\u0131n pek anlayaca\u011f\u0131 bir g&ouml;r&uuml;\u015f a&ccedil;\u0131s\u0131 de\u011fildir. Buras\u0131 iyi duygular\u0131 olan bir &uuml;lkedir, ama d&uuml;nya hakk\u0131nda bilgisi &ccedil;ok zay\u0131f ve &ccedil;ok y&uuml;zeyseldir.<\/span><\/em><\/strong><\/p>\n<p style=\"margin-bottom: 0.0001pt; text-align: justify; text-indent: 1cm; line-height: 16pt;\"><strong><span style=\"font-size: 12pt; font-family: 'Arial',sans-serif;\">Siyonist Brzezinski&rsquo;nin bu r&ouml;portajda &ouml;zenle se&ccedil;ip kulland\u0131\u011f\u0131 s&ouml;zc&uuml;klerin siyasi ve stratejik mesajlar\u0131n\u0131 da hesaba katan, \u0130ngilizce lisan\u0131na ve Amerikan aksan\u0131na vak\u0131f arkada\u015flar\u0131m\u0131z\u0131n bu &ccedil;evirileri &uuml;zerinde kafa yoruldu\u011funda, ABD derin devleti olan k&uuml;resel Yahudi sermayesinin, Amerikan Devletini kullanarak, \u0130srail&rsquo;in sinsi planlar\u0131 ve ama&ccedil;lar\u0131 do\u011frultusunda ve BOP kapsam\u0131nda, Suriye&rsquo;nin ni&ccedil;in ve nas\u0131l kar\u0131\u015ft\u0131r\u0131ld\u0131\u011f\u0131 ve T&uuml;rkiye&rsquo;nin neden bu i\u015fe bula\u015ft\u0131r\u0131l\u0131p ku\u015fat\u0131ld\u0131\u011f\u0131 daha iyi anla\u015f\u0131lacakt\u0131r. Siyonist stratejist Zbigniev Brzezinski&rsquo;nin Amerika&rsquo;ya y&ouml;n veren gizli Yahudi iktidar\u0131n\u0131, Amerikan halk\u0131n\u0131n, &uuml;lke politikas\u0131ndan ve d&uuml;nya sorunlar\u0131ndan nas\u0131l cahil ve gafil b\u0131rak\u0131ld\u0131klar\u0131n\u0131 a&ccedil;\u0131\u011fa vurmas\u0131 da bu r&ouml;portaj\u0131n ilgin&ccedil; detaylar\u0131 aras\u0131ndad\u0131r. <\/span><\/strong><\/p>\n<p style=\"margin-bottom: 0.0001pt; text-align: justify; text-indent: 1cm; line-height: 16pt;\"><strong><span style=\"font-size: 16pt; font-family: 'Arial',sans-serif;\">Rusya&rsquo;n\u0131n Suriye&rsquo;de s&uuml;resiz kalmas\u0131 anla\u015fmas\u0131 Amerika&rsquo;yla gizli g&ouml;r&uuml;\u015fmeler sonucu kararla\u015ft\u0131r\u0131lm\u0131\u015ft\u0131!<\/span><\/strong><\/p>\n<p style=\"margin-bottom: 0.0001pt; text-align: justify; text-indent: 1cm; line-height: 16pt;\"><strong><span style=\"font-size: 12pt; font-family: 'Arial',sans-serif;\">Duma, sava\u015f u&ccedil;aklar\u0131n\u0131n i&ccedil; sava\u015f devam eden Suriye&rsquo;deki Himeymim Hava &Uuml;ss&uuml;&rsquo;nde s&uuml;re s\u0131n\u0131r olmaks\u0131z\u0131n konu\u015flanmas\u0131n\u0131 onaylam\u0131\u015ft\u0131. Bu antla\u015fmaya g&ouml;re, Rusya &uuml;ss&uuml;n kullan\u0131m\u0131 i&ccedil;in Suriye&#8217;ye herhangi bir &uuml;cret talebinde bulunmayacakt\u0131. &Uuml;sse yerle\u015ftirilecek u&ccedil;ak, personel ve te&ccedil;hizat Rusya taraf\u0131ndan belirlenmi\u015f olacakt\u0131. Himeymim &Uuml;ss&uuml;&#8217;ne getirilecek e\u015fyalar vergiye ve g&uuml;mr&uuml;k kontrol&uuml;ne tabi tutulmayacakt\u0131. Burada g&ouml;rev yapacak Rus personeli ve aileleri, diplomatlara benzer ayr\u0131cal\u0131k ve dokunulmazl\u0131\u011fa sahip olacakt\u0131. Suriye, faaliyetlerinden &ouml;t&uuml;r&uuml; Rusya&#8217;ya ve g&ouml;revli personeline herhangi bir dava a&ccedil;mayacakt\u0131. S&ouml;z konusu anla\u015fma, bir ka&ccedil; g&uuml;n i&ccedil;inde onaylanmak &uuml;zere parlamentonun &uuml;st kanad\u0131 <\/span><\/strong><strong><span style=\"font-size: 14pt; font-family: 'Arial',sans-serif;\">Federasyon Konseyi<\/span><\/strong><strong><span style=\"font-size: 12pt; font-family: 'Arial',sans-serif;\">&#8216;nde de tart\u0131\u015f\u0131lacakt\u0131. Moskova y&ouml;netimi, hali haz\u0131rda \u015eam rejiminin en &ouml;nemli destek&ccedil;isi konumundayd\u0131 ve Be\u015far Esad&#8217;\u0131n koltu\u011funu korumas\u0131nda en etkili rol&uuml; oynamaktayd\u0131. Evet bu anla\u015fma Suriye&rsquo;nin ABD-AB ve Rusya aras\u0131nda payla\u015f\u0131lmas\u0131n\u0131n ilk resmi vesikas\u0131yd\u0131. <\/span><\/strong><\/p>\n<p style=\"margin-bottom: 0.0001pt; text-align: justify; text-indent: 1cm; line-height: 16pt;\"><strong><span style=\"font-size: 16pt; font-family: 'Arial',sans-serif;\">Ama ayn\u0131 Amerika, Stratejik orta\u011f\u0131 T&uuml;rkiye&rsquo;nin Ba\u015fika kamp\u0131na niye kar\u015f\u0131 &ccedil;\u0131kmaktayd\u0131?<\/span><\/strong><\/p>\n<p style=\"margin-top: 0cm; margin-right: 0cm; margin-bottom: 0.0001pt; text-align: justify; text-indent: 1cm; line-height: 16pt;\"><span style=\"font-size: 12pt;\"><strong><span style=\"font-family: 'Arial',sans-serif;\">ABD Ba\u015fkan\u0131 Barack Obama&rsquo;n\u0131n I\u015e\u0130D ile M&uuml;cadele &Ouml;zel Temsilcisi Brett McGurk, T&uuml;rk askerlerinin Musul yak\u0131n\u0131ndaki Ba\u015fika&rsquo;da yerel g&uuml;&ccedil;leri e\u011fitim ama&ccedil;l\u0131 bulunmas\u0131yla ilgili, ku\u015fkular\u0131 payla\u015fm\u0131\u015ft\u0131. <\/span><\/strong><strong><span style=\"font-family: 'Arial',sans-serif;\">ABD D\u0131\u015fi\u015fleri Bakanl\u0131\u011f\u0131&#8217;n\u0131n g&uuml;nl&uuml;k bas\u0131n toplant\u0131s\u0131na kat\u0131larak I\u015e\u0130D&rsquo;e kar\u015f\u0131 y&uuml;r&uuml;t&uuml;len kampanyayla ilgili bilgiler aktard\u0131ktan sonra gazetecilerin sorular\u0131n\u0131 yan\u0131tlayan McGurk, konuyla ilgili \u015funlar\u0131 aktarm\u0131\u015ft\u0131: <em>&#8220;Bu konudaki temel prensiplerimiz &ccedil;ok a&ccedil;\u0131kt\u0131r. Irak&rsquo;taki t&uuml;m askeri eylemler Irak h&uuml;k&uuml;metinin tam r\u0131zas\u0131 ve koordinasyonuyla olmal\u0131d\u0131r. Biz Irak&rsquo;ta koalisyon olarak Irak h&uuml;k&uuml;metinin r\u0131zas\u0131 olmadan hi&ccedil;bir \u015fey yapm\u0131yoruz. Bu konudaki di\u011fer prensip ve giri\u015fimler ise Irak&rsquo;\u0131n egemenli\u011fine ve toprak b&uuml;t&uuml;nl&uuml;\u011f&uuml;ne ayk\u0131r\u0131d\u0131r. T&uuml;rkiye&rsquo;nin Ba\u015fika&rsquo;daki konu\u015fland\u0131rmas\u0131n\u0131n bir y\u0131l\u0131 a\u015fk\u0131n bir s&uuml;re &ouml;nce yap\u0131ld\u0131\u011f\u0131n\u0131 ancak bu duruma Irak h&uuml;k&uuml;metinin r\u0131zas\u0131n\u0131n olmad\u0131\u011f\u0131 a&ccedil;\u0131kt\u0131r.&rdquo;<\/em><\/span><\/strong><\/span><\/p>\n<p style=\"margin-top: 0cm; margin-right: 0cm; margin-bottom: 0.0001pt; text-align: justify; text-indent: 1cm; line-height: 16pt;\"><strong><span style=\"font-size: 14pt; font-family: 'Arial',sans-serif;\">McGurk, Ba\u015fika kamp\u0131nda yerel g&uuml;&ccedil;lerin e\u011fitildi\u011fini ve bunlar\u0131n Irakl\u0131lar\u0131n komutas\u0131nda operasyonlara kat\u0131laca\u011f\u0131n\u0131n s&ouml;ylendi\u011fini hat\u0131rlatarak<em>,<\/em><\/span><\/strong><span style=\"font-size: 12pt;\"><strong><em><span style=\"font-family: 'Arial',sans-serif;\"> &#8220;Musul operasyonunda, bir plan ve bir komuta vard\u0131r. Bunun d\u0131\u015f\u0131ndaki herhangi bir silahl\u0131 grup &ccedil;ok ciddi bir problem &ccedil;\u0131karacakt\u0131r<\/span><\/em><\/strong><strong><em><span style=\"font-family: 'Arial',sans-serif;\">&#8221; <\/span><\/em><\/strong><strong><span style=\"font-family: 'Arial',sans-serif;\">s&ouml;zleriyle T&uuml;rkiye&rsquo;yi hesaba katmayacaklar\u0131n\u0131 vurgulam\u0131\u015ft\u0131. Bu s&ouml;zlerin bir oyalama ve ileride T&uuml;rkiye&rsquo;nin sokulaca\u011f\u0131 s\u0131k\u0131nt\u0131lara gerek&ccedil;e olu\u015fturma haz\u0131rl\u0131\u011f\u0131 oldu\u011fu a&ccedil;\u0131kt\u0131. &Ccedil;&uuml;nk&uuml; Ba\u015fika kamp\u0131 karar\u0131 Barzani&rsquo;yle birlikte al\u0131nm\u0131\u015ft\u0131. Barzani ise ABD ve \u0130srail&rsquo;in b&ouml;lgedeki ba\u015f adam\u0131yd\u0131. Hat\u0131rlay\u0131n\u0131z <em>&ldquo;AKP <\/em><\/span><\/strong><\/span><strong><em><span style=\"font-family: 'Arial',sans-serif;\"><span style=\"font-size: 12pt;\">kongresine onur konu\u011fu olarak &ccedil;a\u011fr\u0131lan ve T&uuml;rkiye seninle gurur duyuyor diye alk\u0131\u015flanan Barzani m&uuml;naf\u0131k\u0131, kendisine ait ba\u015fkanl\u0131k saray\u0131nda K&uuml;rdistan kongresi d&uuml;zenleyip,<\/span> <span style=\"font-size: 14pt;\">&ldquo;<\/span><\/span><\/em><\/strong><strong><em><span style=\"font-size: 14pt; font-family: 'Arial',sans-serif;\">ke\u015fke say\u0131n &Ouml;calan da aram\u0131zda bulunsayd\u0131, ya\u015fas\u0131n K&uuml;rdistan&rdquo;<\/span><\/em><\/strong><span style=\"font-size: 12pt;\"><strong><em><span style=\"font-family: 'Arial',sans-serif;\"> naralar\u0131 atm\u0131\u015ft\u0131. Kuzey K&uuml;rdistan Ba\u015fkanl\u0131k saray\u0131n\u0131, ba\u015fbakanl\u0131k binas\u0131n\u0131, i&ccedil;i\u015fleri bakanl\u0131\u011f\u0131 binas\u0131n\u0131, T&uuml;rkiye ve AKP yapm\u0131\u015ft\u0131. Merkez bankas\u0131, Erbil havaliman\u0131n\u0131, S&uuml;leymaniye havaliman\u0131n\u0131, Musul havaliman\u0131n\u0131 biz yapm\u0131\u015ft\u0131k&hellip; &Uuml;niversitelerini, yurtlar\u0131n\u0131, kampuslar\u0131n\u0131 biz yapm\u0131\u015ft\u0131k. T&uuml;rkiye&#8217;nin g&uuml;neydo\u011fusunda d&uuml;nyaya gelenler, bu &uuml;niversitelere s\u0131navs\u0131z al\u0131nacaklard\u0131, e\u011fitim bedava, bar\u0131nma bedava, cebine her ay 200 dolar har&ccedil;l\u0131k koyulacakt\u0131. Ama Kuzey Irak&#8217;ta d&uuml;nyaya gelen kendi &ccedil;ocuklar\u0131n\u0131, K&uuml;rdistan y&ouml;netimi kasas\u0131ndan, adam ba\u015f\u0131 5&#8217;er bin dolar &ouml;deyerek, \u0130stanbul&#8217;daki vak\u0131f &uuml;niversitelerinde okutmaktalard\u0131. Barzani K&uuml;rdistan\u0131n\u0131n i&ccedil;me suyu altyap\u0131s\u0131n\u0131, toplu konutlar\u0131n\u0131, spor salonlar\u0131n\u0131, al\u0131\u015fveri\u015f merkezi binalar\u0131n\u0131, petrol kuyular\u0131n\u0131 ve ar\u0131tma kurumlar\u0131n\u0131 biz yapm\u0131\u015ft\u0131k. Petrollerini do\u011falgazlar\u0131n\u0131 bizim s\u0131rt\u0131m\u0131zdan sats\u0131nlar diye, kendi ellerimizle kendimize boru d&ouml;\u015feyip Akdeniz&rsquo;e ula\u015ft\u0131rm\u0131\u015ft\u0131k. Be\u015f y\u0131ld\u0131zl\u0131 otellerini biz yapm\u0131\u015ft\u0131k. K\u0131saca K&uuml;rdistan\u0131 bize kurdurmu\u015flard\u0131 ve yine bize korutmaktalard\u0131&rdquo; <\/span><\/em><\/strong><strong><span style=\"font-family: 'Arial',sans-serif;\">tespitleri ve tenkitleri hakl\u0131yd\u0131.<\/span><\/strong><\/span><\/p>\n<p style=\"margin-top: 0cm; margin-right: 0cm; margin-bottom: 0.0001pt; text-align: justify; text-indent: 1cm; line-height: 16pt;\"><strong><span style=\"font-size: 16pt; font-family: 'Arial',sans-serif;\">T&uuml;rkiye&rsquo;yi Musul Bata\u011f\u0131na saplatma senaryolar\u0131!<\/span><\/strong><\/p>\n<p style=\"margin-top: 0cm; margin-right: 0cm; margin-bottom: 0.0001pt; text-align: justify; text-indent: 1cm; line-height: 16pt;\"><span style=\"font-size: 12pt;\"><strong><span style=\"font-family: 'Arial',sans-serif;\">&ldquo;Musul&#8217;un tekrar d&uuml;nya g&uuml;ndemine ta\u015f\u0131nmas\u0131 (ABD g&uuml;d&uuml;ml&uuml;) DEA\u015e&#8217;\u0131n 10 Haziran&#8217;daki Musul i\u015fgaliyle ba\u015flam\u0131\u015ft\u0131. DEA\u015e elini kolunu sallayarak Musul&#8217;u i\u015fgal etmi\u015f ve b&ouml;lgeyi dizayn etmeye yo\u011funla\u015fm\u0131\u015ft\u0131. Bundan y&uuml;z y\u0131l &ouml;nce neredeyse ayn\u0131 tarihlerde yine Musul ve Kerk&uuml;k d&uuml;nyan\u0131n ve b&ouml;lgemizin en kritik sorunlar\u0131ndand\u0131. &Ouml;zellikle T&uuml;rkiye&#8217;nin Lozan&#8217;la &ccedil;izilen kaderiyle yak\u0131ndan alakal\u0131yd\u0131. Bu y&uuml;zden Cumhurba\u015fkan\u0131 Erdo\u011fan&#8217;\u0131n Lozan &ccedil;\u0131k\u0131\u015f\u0131yla Musul operasyonu aras\u0131nda ayr\u0131lmaz bir ba\u011f vard\u0131. O g&uuml;n&uuml;n ana akt&ouml;rleri de &ccedil;ok de\u011fi\u015fmi\u015f say\u0131lmazd\u0131. Yine ABD, \u0130ngiltere, Rusya ve T&uuml;rkiye sahadayd\u0131. 1912&#8217;de Winston Churchill, Denizcilik Bakan\u0131 olduktan sonra \u0130ngiliz Donanma Komutan\u0131 Lord Fisher&rsquo;i: <em>&#8220;Temmuz 1914&#8217;te b&uuml;y&uuml;k bir cihan sava\u015f\u0131 ba\u015flayabilir&#8221; <\/em>diye uyarm\u0131\u015ft\u0131. Bu bir payla\u015f\u0131m ve petrole h&acirc;kim olma sava\u015f\u0131yd\u0131 bu ve denilen tarihte de ba\u015flam\u0131\u015ft\u0131. Musul ve Kerk&uuml;k&#8217;&uuml;n \u0130ngilizlerin elinde kalmas\u0131 i&ccedil;in d&uuml;nya yak\u0131l\u0131p y\u0131k\u0131ld\u0131 ve sonunda 1926&#8217;da sonlansa da ilk ad\u0131m Lozan&#8217;da at\u0131lm\u0131\u015ft\u0131. O tarihlerde co\u011frafyam\u0131z gibi siyasi d&uuml;nyam\u0131z da parampar&ccedil;ayd\u0131. Kimin \u0130ngiliz, kimin Wilson Prensipleri g&ouml;lgesinde ABD mandas\u0131 istedi\u011fi birbirine kar\u0131\u015fm\u0131\u015ft\u0131. Sonu&ccedil; \u0130ngilizlerin istedi\u011fi gibi oldu ve Musul-Kerk&uuml;k elimizden &ccedil;\u0131km\u0131\u015ft\u0131. (Mustafa Kemal ve Kurtulu\u015f Sava\u015f\u0131 olmasayd\u0131 bug&uuml;n T&uuml;rkiye de bulunmayacakt\u0131!)<\/span><\/strong><\/span><\/p>\n<p style=\"margin-top: 0cm; margin-right: 0cm; margin-bottom: 0.0001pt; text-align: justify; text-indent: 1cm; line-height: 16pt;\"><span style=\"font-size: 12pt;\"><strong><span style=\"font-family: 'Arial',sans-serif;\">\u015eimdi &ouml;nce Irak i\u015fgaliyle sonra da kilitlenen Suriye i&ccedil; sava\u015f\u0131yla k&uuml;resel g&uuml;&ccedil;ler bir kez daha b&ouml;lgeye y\u0131\u011f\u0131lm\u0131\u015ft\u0131. ABD&#8217;nin b&ouml;lgede neler yapt\u0131\u011f\u0131 (ve AKP&rsquo;nin g&ouml;n&uuml;ll&uuml; ta\u015feronluklar\u0131) a&ccedil;\u0131kt\u0131. AB&#8217;den ayr\u0131lan \u0130ngiltere&#8217;nin de son d&ouml;nemde g&ouml;lgede kald\u0131\u011f\u0131 b&ouml;lgeye yeniden d&ouml;nme i\u015ftah\u0131 kabarm\u0131\u015ft\u0131. \u0130ngiltere Ba\u015fbakan\u0131 Theresa May&#8217;in <\/span><\/strong><strong><em><span style=\"font-family: 'Arial',sans-serif;\">&#8220;AB&#8217;nin Britanya &uuml;zerindeki egemenli\u011fini sona erdirecek B&uuml;y&uuml;k Fesih Yasas\u0131&#8217;n\u0131 i\u015fletmeye ba\u015flayacaklar\u0131&#8221;<\/span><\/em><\/strong><strong><span style=\"font-family: 'Arial',sans-serif;\"> s&ouml;z&uuml;ne dikkat &ccedil;eken Cumhurba\u015fkan\u0131 ekonomi dan\u0131\u015fman\u0131 Cemil Ertem bu d&ouml;n&uuml;\u015f&uuml;: <\/span><\/strong><strong><em><span style=\"font-family: 'Arial',sans-serif;\">&#8220;Britanya art\u0131k &#8216;eski g&uuml;nlerde&#8217; oldu\u011fu gibi pazar ve siyasi egemenlik aray\u0131\u015flar\u0131n\u0131 AB&#8217;den ba\u011f\u0131ms\u0131z, dolay\u0131s\u0131yla, eski imparatorluk ruhuna uygun \u015fekilde s&uuml;rd&uuml;recek&#8221;<\/span><\/em><\/strong><strong><span style=\"font-family: 'Arial',sans-serif;\">\u015feklinde yorumlam\u0131\u015ft\u0131. <\/span><\/strong><strong><span style=\"font-family: 'Arial',sans-serif;\">B&ouml;lgede ge&ccedil;mi\u015ften farkl\u0131 olarak bir de Rusya ve \u0130ran ger&ccedil;e\u011fi vard\u0131. &Ouml;zellikle Rusya, Suriye ili\u015fkileri nedeniyle enteresan bir rol &uuml;stlenmi\u015f durumdayd\u0131 ve son g&uuml;nlerde ABD&#8217;yle (g&ouml;r&uuml;n&uuml;\u015fte) ciddi bir gerilim ya\u015famakta (ger&ccedil;ekte dan\u0131\u015f\u0131kl\u0131 d&ouml;v&uuml;\u015f sonucu, T&uuml;rkiye&rsquo;ye kar\u015f\u0131 Suriye&rsquo;de konu\u015flanmaktayd\u0131.) <\/span><\/strong><\/span><\/p>\n<p style=\"margin-top: 0cm; margin-right: 0cm; margin-bottom: 0.0001pt; text-align: justify; text-indent: 1cm; line-height: 16pt;\"><strong><em><span style=\"font-family: 'Arial',sans-serif;\"><span style=\"font-size: 12pt;\">&ldquo;B&ouml;lgenin ge&ccedil;mi\u015ften farkl\u0131 olarak siyaset &uuml;reten ve b&ouml;lge sosyolojisine dokunan en &ouml;nemli ger&ccedil;e\u011fi ise T&uuml;rkiye olmaktayd\u0131. Son birka&ccedil; y\u0131l\u0131 d&uuml;\u015f&uuml;n&uuml;nce T&uuml;rkiye&#8217;ye kar\u015f\u0131 kurulan kumpaslar\u0131n, k&uuml;resel ku\u015fatmalar\u0131n nedeni \u015fimdi daha iyi anla\u015f\u0131lmaktayd\u0131. Bu ku\u015fatmalar\u0131 Musul ve Kerk&uuml;k ger&ccedil;e\u011finden ayr\u0131 d&uuml;\u015f&uuml;nmek imk&acirc;ns\u0131zd\u0131. Art\u0131k olup bitenlerden uzak durma \u015fans\u0131m\u0131z kalmam\u0131\u015ft\u0131. \u015eu s\u0131ralarda Musul&#8217;un DEA\u015e&#8217;tan kurtar\u0131lmas\u0131 i&ccedil;in b&uuml;y&uuml;k bir operasyon haz\u0131rl\u0131\u011f\u0131 vard\u0131. Peki, T&uuml;rkiye ne yapacakt\u0131? \u0130\u015fin s\u0131rr\u0131 T&uuml;rkiye&#8217;ye kar\u015f\u0131 y&uuml;r&uuml;t&uuml;len kara kampanyada sakl\u0131yd\u0131. B&uuml;y&uuml;k g&uuml;&ccedil;lerin arzusu T&uuml;rkiye&#8217;nin b&ouml;lgeden uzak durmas\u0131yd\u0131. Bunun nedeni de b&ouml;lge halklar\u0131yla ge&ccedil;mi\u015fi ve iyi ili\u015fkisi olan, onlarla empati kurabilen T&uuml;rkiye&#8217;nin ba\u015far\u0131l\u0131 ve kal\u0131c\u0131 olma ku\u015fkular\u0131yd\u0131. Oysa Musul meselesinin ve b&ouml;lgedeki i&ccedil; &ccedil;at\u0131\u015fmalar\u0131n en az zararla sonlanmas\u0131 ve bar\u0131\u015f\u0131n hayata ge&ccedil;irilmesi i&ccedil;in T&uuml;rkiye&#8217;siz bir form&uuml;l tutmazd\u0131. &Ccedil;&uuml;nk&uuml; \u0130ran ve Irak h&uuml;k&uuml;metlerinin de ABD&#8217;nin de Musul&#8217;da ba\u015far\u0131 \u015fans\u0131 &ccedil;ok zay\u0131ft\u0131. &Ccedil;are, K&uuml;rtler, Araplar ve T&uuml;rkmenlerle T&uuml;rkiye birlikteli\u011fine raz\u0131 olmakt\u0131. Bu sadece Musul&#8217;a de\u011fil b&ouml;lgeye de nefes ald\u0131r\u0131rd\u0131. Bu s&uuml;re&ccedil; bir ba\u015fka ger&ccedil;e\u011fi, PKK-PYD hatt\u0131n\u0131n K&uuml;rt meselesiyle ne kadar ilgisiz oldu\u011fu ger&ccedil;e\u011fini de ortaya &ccedil;\u0131kartacak. Barzanili bir Musul harek&acirc;t\u0131na kar\u015f\u0131 &ccedil;\u0131kanlar\u0131n saf\u0131nda PKK&#8217;y\u0131 g&ouml;rmek hi&ccedil; \u015fa\u015f\u0131rt\u0131c\u0131 olmayacakt\u0131&rdquo;[1]&nbsp;<\/span> <\/span><\/em><\/strong><strong><span style=\"font-size: 14pt; font-family: 'Arial',sans-serif;\">diyen yanda\u015f yazarlar acaba, K&uuml;resel g&uuml;&ccedil;lerin yeni Ortado\u011fu ve Musul projelerinde, AKP T&uuml;rkiye&rsquo;sine pratisyenlik rol&uuml; tavsiye buyurduklar\u0131n\u0131n fark\u0131ndalar m\u0131yd\u0131?<\/span><\/strong><\/p>\n<p style=\"margin-top: 0cm; margin-right: 0cm; margin-bottom: 0.0001pt; text-align: justify; text-indent: 1cm; line-height: 16pt;\"><strong><span style=\"font-size: 16pt; font-family: 'Arial',sans-serif;\">Musul tuza\u011f\u0131 ve iktidar\u0131n tutars\u0131zl\u0131\u011f\u0131!<\/span><\/strong><\/p>\n<p style=\"margin-top: 0cm; margin-right: 0cm; margin-bottom: 0.0001pt; text-align: justify; text-indent: 1cm; line-height: 16pt;\"><span style=\"font-size: 12pt;\"><strong><span style=\"font-family: 'Arial',sans-serif;\">&Uuml;st d&uuml;zey bir yetkilinin H&uuml;rriyet&rsquo;e do\u011frulad\u0131\u011f\u0131 bilgiye g&ouml;re, T&uuml;rkiye ile Irak aras\u0131nda Musul harek&acirc;t\u0131 &uuml;zerine ba\u015flayan gerilim t\u0131rman\u0131rken ABD&#8217;nin T&uuml;rkiye&#8217;ye Musul i&ccedil;in PKK g&uuml;vencesi verdi\u011fi ortaya &ccedil;\u0131km\u0131\u015ft\u0131. S&ouml;zde bu g&uuml;vence 27 Eyl&uuml;l&rsquo;de Ankara&rsquo;da temaslarda bulunan &uuml;st d&uuml;zey Amerikal\u0131 yetkililer taraf\u0131ndan verilmi\u015f olmaktayd\u0131. Amerikal\u0131lar Musul&rsquo;un I\u015e\u0130D&rsquo;den al\u0131nmas\u0131 i&ccedil;in haz\u0131rl\u0131klar\u0131 s&uuml;ren harek&acirc;ta &ldquo;PKK veya PKK ba\u011flant\u0131l\u0131&rdquo; hi&ccedil;bir &ouml;rg&uuml;t&uuml;n d&acirc;hil edilmeyece\u011fini aktarm\u0131\u015flard\u0131. H&uuml;rriyet&rsquo;e konu\u015fan yetkili, &ldquo;Bu g&uuml;venceyi ciddiye al\u0131yoruz, ama ne kadar uyguland\u0131\u011f\u0131n\u0131 sahada g&ouml;rece\u011fiz&rdquo; yorumunda bulunup ku\u015fkular\u0131n\u0131 da payla\u015fm\u0131\u015ft\u0131. Oysa, Musul \u015fehrinin kuzeyi asl\u0131nda PKK&rsquo;n\u0131n etkili faaliyet alanlar\u0131 aras\u0131ndayd\u0131. Kandil ile <\/span><\/strong><\/span><strong><span style=\"font-size: 14pt; font-family: 'Arial',sans-serif;\">Rojava <\/span><\/strong><span style=\"font-size: 12pt;\"><strong><span style=\"font-family: 'Arial',sans-serif;\">dedikleri Suriye&rsquo;de YPG kontrol&uuml; alt\u0131ndaki b&ouml;lge aras\u0131nda ge&ccedil;i\u015f sa\u011flanan g&uuml;zerg&acirc;ht\u0131. Nusaybin&rsquo;in Suriye&rsquo;deki ikizi say\u0131lan Kam\u0131\u015fl\u0131 PKK\/YPG&rsquo;nin harek&acirc;t &uuml;slerinden birisi konumundayd\u0131. Zaten T&uuml;rkiye&rsquo;nin daha &ouml;nce Ba\u011fdat&rsquo;\u0131n bilgisi alt\u0131nda Ba\u015fika&rsquo;da e\u011fitim &uuml;ss&uuml; kurmas\u0131n\u0131n bir nedeni de I\u015e\u0130D&rsquo;e kar\u015f\u0131 milislere askeri e\u011fitim vermek ise, di\u011fer amac\u0131 da PKK&rsquo;n\u0131n g&uuml;neye, Musul ve Kerk&uuml;k&rsquo;e do\u011fru ini\u015f yollar\u0131n\u0131 t\u0131kamakt\u0131. E\u011fer b&ouml;yle bir g&uuml;vence verilmi\u015fse bu ABD&rsquo;nin Suriye&rsquo;de kendisinin de ter&ouml;rist sayd\u0131\u011f\u0131 PKK ile &ldquo;ba\u011flant\u0131l\u0131&rdquo; YPG&rsquo;yi silahland\u0131r\u0131p sahip &ccedil;\u0131karken ne yapt\u0131\u011f\u0131n\u0131n gayet fark\u0131nda oldu\u011funu da z\u0131mnen kabul etmi\u015f olmaktayd\u0131.<\/span><\/strong><\/span><\/p>\n<p style=\"margin-top: 0cm; margin-right: 0cm; margin-bottom: 0.0001pt; text-align: justify; text-indent: 1cm; line-height: 16pt;\"><span style=\"font-size: 12pt;\"><strong><span style=\"font-family: 'Arial',sans-serif;\">Murat Yetkin&rsquo;in: <em>&ldquo;ABD Ba\u015fkan\u0131 Barack Obama&rsquo;n\u0131n I\u015e\u0130D \u0130le M&uuml;cadele &Ouml;zel Temsilcisi Brett McGurk ve D\u0131\u015fi\u015fleri Bakan Yard\u0131mc\u0131s\u0131 Antony Blinken&rsquo;in de bulundu\u011fu diplomat, asker ve istihbarat&ccedil;\u0131lardan olu\u015fan heyetin g&ouml;r&uuml;\u015fmelerinde as\u0131l a\u011f\u0131rl\u0131kl\u0131 konu, kamuoyuna yans\u0131d\u0131\u011f\u0131 gibi Rakka de\u011fil, Musul olacakt\u0131&rdquo;<\/em> tespitleri &uuml;zerinde durmak laz\u0131md\u0131. Yani bizi bekleyen as\u0131l sorun Musul tuza\u011f\u0131yd\u0131. Cumhurba\u015fkan\u0131 Tayyip Erdo\u011fan&rsquo;\u0131n 23 Eyl&uuml;l&rsquo;de ABD Ba\u015fkan Yard\u0131mc\u0131s\u0131 Joe Biden ile New York&rsquo;ta yapt\u0131\u011f\u0131 g&ouml;r&uuml;\u015fmede, T&uuml;rkiye&rsquo;nin, YPG&rsquo;nin olmas\u0131 durumunda Rakka operasyonuna kat\u0131lmayaca\u011f\u0131 resti(!) &ccedil;ekmesi &uuml;zerine Amerikal\u0131 yetkililerin Musul i&ccedil;in bu tuzak &ouml;neriyi geli\u015ftirdi\u011fi anla\u015f\u0131lmaktayd\u0131. ABD heyeti \u015funu sormu\u015flard\u0131: <\/span><\/strong><strong><em><span style=\"font-family: 'Arial',sans-serif;\">Acaba T&uuml;rkiye Musul yak\u0131nlar\u0131nda Ba\u015fika kamp\u0131nda bir s&uuml;redir e\u011fitim verdi\u011fi Ha\u015fdi Vatani ve di\u011fer Sunni ve T&uuml;rkmen k&ouml;kenli gruplar ABD Merkezi Komutanl\u0131k, CENTCOM b&uuml;nyesinde &ldquo;entegre olarak&rdquo;, b&uuml;t&uuml;nle\u015ferek, yani o komuta alt\u0131nda Musul operasyonuna kat\u0131l\u0131r m\u0131yd\u0131? <\/span><\/em><\/strong><strong><span style=\"font-family: 'Arial',sans-serif;\">Bu arada <\/span><\/strong><\/span><strong><span style=\"font-family: 'Arial',sans-serif;\"><span style=\"font-size: 12pt;\">D\u0131\u015fi\u015fleri Bakan\u0131 Mevl&uuml;t &Ccedil;avu\u015fo\u011flu&rsquo;nun MGK &ouml;ncesinde \u0130ran D\u0131\u015fi\u015fleri Bakan\u0131 Cevad Zarif ile Ankara&rsquo;da yapt\u0131\u011f\u0131 g&ouml;r&uuml;\u015fmede de Musul harek&acirc;t\u0131 ile Irak ve Suriye&rsquo;deki geli\u015fmeler ele al\u0131nm\u0131\u015ft\u0131. Baz\u0131 yetkililerin<\/span> &ldquo;<\/span><\/strong><strong><em><span style=\"font-size: 14pt; font-family: 'Arial',sans-serif;\">Bizim e\u011fitim verdi\u011fimiz gruplar\u0131n ortak komuta alt\u0131nda yer almas\u0131na bir itiraz\u0131m\u0131z yok&rdquo;<\/span><\/em><\/strong><span style=\"font-size: 12pt;\"><strong><span style=\"font-family: 'Arial',sans-serif;\"> s&ouml;zleri ABD teklifinin kabul edildi\u011fi anlam\u0131 ta\u015f\u0131maktayd\u0131. Ve tabi Irak Ba\u015fbakan\u0131 Haydar el-Abadi&rsquo;nin <\/span><\/strong><\/span><strong><em><span style=\"font-size: 14pt; font-family: 'Arial',sans-serif;\">T&uuml;rkiye&rsquo;den topraklar\u0131n\u0131 terk etmesini istemesi, <\/span><\/em><\/strong><span style=\"font-size: 12pt;\"><strong><span style=\"font-family: 'Arial',sans-serif;\">Amerika&rsquo;n\u0131n k\u0131\u015fk\u0131rtmas\u0131yla, T&uuml;rkiye&rsquo;yi Musul operasyonuna mecbur b\u0131rakma ama&ccedil;l\u0131yd\u0131. <\/span><\/strong><\/span><\/p>\n<p style=\"margin-top: 0cm; margin-right: 0cm; margin-bottom: 0.0001pt; text-align: justify; text-indent: 1cm; line-height: 16pt;\"><span style=\"font-size: 12pt;\"><strong><span style=\"font-family: 'Arial',sans-serif;\">Ancak \u0130ran da, Irak&rsquo;ta ve Suriye&rsquo;de I\u015e\u0130D&rsquo;e kar\u015f\u0131 sava\u015fan Devrim Muhaf\u0131zlar\u0131 ve \u015eii Ha\u015fdi \u015eaabi milislerinin de Musul harek&acirc;t\u0131na kat\u0131lmas\u0131 teklifinde bulunmu\u015flard\u0131. Amerikal\u0131lar ise, n&uuml;fusunun ezici &ccedil;o\u011funlu\u011fu S&uuml;nni olan Musul&rsquo;a \u015eii birliklerin girmesinin ba\u015fka ciddi &ccedil;at\u0131\u015fmalara yol a&ccedil;aca\u011f\u0131 ve I\u015e\u0130D&rsquo;e yeniden g&uuml;&ccedil; kazand\u0131raca\u011f\u0131 gerek&ccedil;esiyle buna kar\u015f\u0131 &ccedil;\u0131km\u0131\u015f ve bir nevi T&uuml;rkiye&rsquo;nin g&ouml;nl&uuml;n&uuml; alm\u0131\u015flard\u0131.<\/span><\/strong><\/span><\/p>\n<p style=\"margin-top: 0cm; margin-right: 0cm; margin-bottom: 0.0001pt; text-align: justify; text-indent: 1cm; line-height: 16pt;\"><span style=\"font-size: 12pt;\"><strong><span style=\"font-family: 'Arial',sans-serif;\">\u0130ktidar\u0131n Musul operasyonuyla ilgili ciddi ger&ccedil;ek&ccedil;i ve Milli bir politikas\u0131 olmad\u0131\u011f\u0131 anla\u015f\u0131lmaktayd\u0131. D\u0131\u015fi\u015fleri Bakan\u0131 Mevl&uuml;t &Ccedil;avu\u015fo\u011flu Ankara&rsquo;da a\u011f\u0131rlad\u0131\u011f\u0131 \u0130spanyol mevkida\u015f\u0131 Jose Manuel Garcia-Margallo ile birlikte d&uuml;zenledi\u011fi bas\u0131n toplant\u0131s\u0131nda Ankara&rsquo;n\u0131n Musul&rsquo;la ilgili en &ouml;nemli kayg\u0131lar\u0131ndan birini olu\u015fturan &ldquo;\u015eii milisler&rdquo; konusuna da de\u011finip ve \u015funlar\u0131 a&ccedil;\u0131klam\u0131\u015ft\u0131: <\/span><\/strong><strong><em><span style=\"font-family: 'Arial',sans-serif;\">&ldquo;Mezhep&ccedil;ilik anlay\u0131\u015f\u0131yla d\u0131\u015far\u0131dan \u015eii milislerin operasyona dahil edilmesi, daha sonra onlar\u0131n burada kalmas\u0131 Musul&rsquo;a bar\u0131\u015f\u0131 ve huzuru getirmez, tam tersi orta ve uzun vadede o b&ouml;lgenin sorunlar\u0131 artarak devam eder&rdquo;.<\/span><\/em><\/strong><strong><span style=\"font-family: 'Arial',sans-serif;\"> Bakan&rsquo;\u0131n hakl\u0131 oldu\u011fu hususlar vard\u0131. Musul&rsquo;un bir S&uuml;nni \u015fehri oldu\u011fu dikkate al\u0131n\u0131rsa, \u015eii milislerin kent I\u015e\u0130D&rsquo;den kurtar\u0131ld\u0131ktan sonra orada kalmas\u0131 istikrars\u0131zl\u0131\u011f\u0131 elbette art\u0131racakt\u0131. Ge&ccedil;en yaz ba\u015f\u0131nda yine bir S&uuml;nni kenti olan Felluce&rsquo;nin I\u015e\u0130D&rsquo;den kurtar\u0131lmas\u0131n\u0131n ard\u0131ndan \u015eii milislerin burada sivil halktan y&uuml;zlerce ki\u015fiyi kur\u015funa dizdikleri ve yayg\u0131n i\u015fkence ettikleri hen&uuml;z unutulmam\u0131\u015ft\u0131. Ancak burada as\u0131l sorun \u015eii milislerin Musul&rsquo;a girip girmemesinden ziyade, Musul&rsquo;un kurtar\u0131lmas\u0131ndan sonra kimin ne yapaca\u011f\u0131 hususunda b&uuml;t&uuml;n akt&ouml;rlerin operasyondan &ouml;nce kesin bir anla\u015fmaya varmalar\u0131yd\u0131. Kent nas\u0131l y&ouml;netilecekti? Kimler hangi b&ouml;lgeleri kontrol edecekti? G&uuml;venlik ve kamu hizmetleri hangi g&uuml;&ccedil;ler taraf\u0131ndan nas\u0131l sa\u011flanacakt\u0131? Musul operasyonuna kat\u0131lacak, Ba\u011fdat taraf\u0131ndan &ldquo;onaylanm\u0131\u015f&rdquo; g&uuml;&ccedil;ler; Irak askerleri, \u015eii milisler ve Pe\u015fmergelerden olu\u015fmaktayd\u0131. Yani Irak ordusunun &ccedil;o\u011funlu\u011fu zaten \u015eiili\u011fe mensuplard\u0131. Sonu&ccedil;ta S&uuml;nni Musul&rsquo;u I\u015e\u0130D&rsquo;den kurtaracak olanlar b&uuml;y&uuml;k &ccedil;o\u011funlukla \u015eii g&uuml;&ccedil;ler oldu\u011funa g&ouml;re, &Ccedil;avu\u015fo\u011flu bo\u015f konu\u015fmaktayd\u0131. Veya g&uuml;ndemi sapt\u0131rmaktayd\u0131.<\/span><\/strong><\/span><\/p>\n<p style=\"margin-top: 0cm; margin-right: 0cm; margin-bottom: 0.0001pt; text-align: justify; text-indent: 1cm; line-height: 16pt;\"><strong><span style=\"font-size: 14pt; font-family: 'Arial',sans-serif;\">Milli Gazetedeki: Son B&uuml;y&uuml;k Oyunda <\/span><\/strong><strong><em><span style=\"font-size: 16pt; font-family: 'Arial',sans-serif;\">Yeni Ankara <\/span><\/em><\/strong><strong><span style=\"font-size: 14pt; font-family: 'Arial',sans-serif;\">Fakt&ouml;r&uuml;, yaz\u0131s\u0131nda:<\/span><\/strong><\/p>\n<p style=\"margin-top: 0cm; margin-right: 0cm; margin-bottom: 0.0001pt; text-align: justify; text-indent: 1cm; line-height: 16pt;\"><span style=\"font-size: 12pt;\"><strong><em><span style=\"font-family: 'Arial',sans-serif;\">Bir&ccedil;o\u011funuz &ldquo;Yeni T&uuml;rkiye&rdquo;yi duymu\u015ftur ama &ldquo;Yeni Ankara&rdquo;y\u0131 duymam\u0131\u015ft\u0131r. Bir&ccedil;ok kavram\u0131n hoyrat&ccedil;a kullan\u0131lmak suretiyle sistematik olarak suland\u0131r\u0131ld\u0131\u011f\u0131, itibars\u0131zla\u015ft\u0131r\u0131ld\u0131\u011f\u0131 ve kafa karma\u015fas\u0131na yol a&ccedil;mak suretiyle h\u0131zl\u0131 bir \u015fekilde y\u0131prat\u0131ld\u0131\u011f\u0131 bir s&uuml;re&ccedil;te bu konuya k\u0131smen de olsa de\u011finmekte ve tarihe not d&uuml;\u015fmekte fayda vard\u0131r&#8230; Baz\u0131 yanl\u0131\u015f anla\u015f\u0131lmalara ve spek&uuml;lasyonlara yol a&ccedil;mamak i&ccedil;in pe\u015finen \u015fimdiden s&ouml;yleyelim: Asl\u0131nda, ba\u015fkent Ankara ayn\u0131 Ankara. De\u011fi\u015fen, sadece ve sadece; \u015fartlar, duru\u015f, hedefler, &ouml;z ve bu ba\u011flamda de\u011fi\u015fmek zorunda olan k&ouml;hne yap\u0131, mandac\u0131 zihniyet ve onun i&ccedil;imizdeki uzant\u0131lar\u0131, ara&ccedil;lar\u0131 ve kripto kadrolar\u0131d\u0131r&hellip; Yani; &ldquo;Milli&rdquo;, &ldquo;ba\u011f\u0131ms\u0131z&rdquo; ve &ldquo;g&uuml;&ccedil;l&uuml;&rdquo; bir T&uuml;rkiye&rsquo;yi hedefleyen siyaset ve kadrolar\u0131n yeniden \u015fekillendi\u011fi ve bu kapsamda gelece\u011fin &ldquo;B&uuml;y&uuml;k T&uuml;rkiye&rdquo;sinin in\u015fa edildi\u011fi yeni bir ba\u015fkent ile kar\u015f\u0131 kar\u015f\u0131yay\u0131z. Asl\u0131na r&uuml;cu eden ve bu kapsamda hem i&ccedil;te hem de d\u0131\u015fta e\u015f zamanl\u0131 olarak di\u015fe di\u015f, g&ouml;ze g&ouml;z m&uuml;cadele etmek zorunda kalan, &ldquo;\u0130slam&rsquo;\u0131n Son Kalesi&rdquo;ni kan\u0131n\u0131n son damlas\u0131na kadar savunma azmi ve kararl\u0131l\u0131\u011f\u0131 i&ccedil;erisinde olan &ldquo;Yeni Ankara&rdquo;, tarihsel kodlara d&ouml;n&uuml;\u015f s&uuml;recinin bir di\u011fer ad\u0131d\u0131r. &ldquo;Yeni Ankara&rdquo;, milli m&uuml;cadele ruhunun ve bu kapsamda milli kadrolar\u0131n i\u015fba\u015f\u0131nda oldu\u011fu adrestir&hellip; Bundan dolay\u0131 da &uuml;zerimize dalga dalga geliyorlar, sald\u0131r\u0131yorlar. O y&uuml;zden 15 Temmuz&rsquo;da bu milli iradenin iki &ouml;nemli adresi hi&ccedil; teredd&uuml;t edilmeden vuruldu. Fakat Allah&rsquo;\u0131n izniyle oyunlar\u0131 ters y&uuml;z oldu ve 15 Temmuz &ldquo;Yeni Ankara&rdquo;n\u0131n r&uuml;\u015ft&uuml;n&uuml; ispatlad\u0131\u011f\u0131 bir d&ouml;n&uuml;m noktas\u0131 olarak tarihe ge&ccedil;ti&hellip; Bu sorunlar\u0131n hepsi T&uuml;rkiye&rsquo;ye kar\u015f\u0131 &ldquo;g&uuml;ven&rdquo; ve &ldquo;g&uuml;venlik&rdquo; temelli bir y\u0131k\u0131m s&uuml;recine i\u015faret ediyor. Yani, T&uuml;rkiye&rsquo;yi &ldquo;siyaset&rdquo;, &ldquo;hukuk&rdquo;, &ldquo;insan haklar\u0131&rdquo;, &ldquo;d\u0131\u015f politika&rdquo; ve &ldquo;ekonomi&rdquo; &uuml;zerinden sorunlu bir &uuml;lke haline getirerek, &ldquo;me\u015fru&rdquo; ya da &ldquo;ka&ccedil;\u0131n\u0131lmaz&rdquo; bir &ldquo;uluslararas\u0131\/BM&rdquo; ya da &ldquo;m&uuml;ttefik&rdquo; m&uuml;dahalesinin &ouml;n&uuml;n&uuml; a&ccedil;mak istiyorlar&hellip; Irak ve Suriye senaryolar\u0131 T&uuml;rkiye &uuml;zerinde de tatbik edilmeye &ccedil;al\u0131\u015f\u0131l\u0131yor. Bunun i&ccedil;in de &ouml;nlerinde iki engel var: &ldquo;Yeni Ankara ruhu&rdquo; ve &ldquo;Milli \u0130rade&rdquo;. Dolay\u0131s\u0131yla, &ouml;ncelikli hedef; g&uuml;ven-g&uuml;venlik sorunu &uuml;zerinden &ldquo;Yeni Ankara&rdquo; ile &ldquo;Milli \u0130rade&rdquo; aras\u0131ndaki i\u015fbirli\u011fini zafiyete u\u011fratmak ve bir i&ccedil; sava\u015f\u0131 ba\u015flatmak. Bu kapsamda, b\u0131rak\u0131n d\u0131\u015f bas\u0131n\u0131, i&ccedil; bas\u0131nda &ldquo;&ouml;tekile\u015ftirmeyi t\u0131rmand\u0131r\u0131c\u0131&rdquo; haberlerin son d&ouml;nemde yo\u011funluk kazanmas\u0131 fazlas\u0131yla dikkat &ccedil;ekici. <\/span><\/em><\/strong><\/span><\/p>\n<p style=\"margin-top: 0cm; margin-right: 0cm; margin-bottom: 0.0001pt; text-align: justify; text-indent: 1cm; line-height: 16pt;\"><strong><em><span style=\"font-family: 'Arial',sans-serif;\"><span style=\"font-size: 12pt;\">En ufak olaylar\u0131n t&uuml;m &uuml;lkeye mal edilecek \u015fekilde verilmesinin tek bir hedefi var. O da, uzunca bir s&uuml;redir i\u015fledikleri &ldquo;duygusal kopu\u015f tezi&rdquo;nin i&ccedil;eride kamuoyu taraf\u0131ndan benimsenmesi, sokaklara ta\u015f\u0131nmas\u0131 ve b&ouml;ylece &uuml;lkede bir i&ccedil; sava\u015f\u0131n ba\u015flat\u0131lmas\u0131. Sonras\u0131 ise malum! D&uuml;nyaya &ldquo;ba\u015far\u0131s\u0131z bir devlet&rdquo; olarak lanse edilen T&uuml;rkiye&rsquo;nin m&uuml;ttefikleri taraf\u0131ndan i&ccedil;inde bulundu\u011fu durumdan &ldquo;kurtar\u0131lmas\u0131&rdquo; ve bir &ldquo;&ccedil;&ouml;z&uuml;m&rdquo; olarak Sevr\/BOP haritas\u0131n\u0131n hayata ge&ccedil;irilmesi&hellip; Bu kapsamda yap\u0131lmas\u0131 gereken en temel husus, &ldquo;Milli \u0130rade&rdquo;nin &ldquo;Yeni T&uuml;rkiye&rdquo; s&uuml;recine g&uuml;venini sars\u0131c\u0131 her t&uuml;rl&uuml; tuza\u011fa kar\u015f\u0131 uyan\u0131k olmas\u0131ndan ve sokaklar\u0131n kontrol&uuml;nden ge&ccedil;iyor. Sokak darbeleri &uuml;zerinden &ldquo;renkli devrimler&rdquo; ad\u0131 alt\u0131nda darbe yapanlar\u0131n oyunu ancak b&ouml;yle bozulabilir. Bu noktada en b&uuml;y&uuml;k g&ouml;rev hi&ccedil; ku\u015fkusuz siyasete, sivil toplum &ouml;rg&uuml;tlerine, ayd\u0131nlara, medyaya ve hi&ccedil; ku\u015fkusuz &ldquo;Milli \u0130rade&rdquo;ye d&uuml;\u015f&uuml;yor&rdquo;<\/span> <\/span><\/em><\/strong><strong><span style=\"font-size: 14pt; font-family: 'Arial',sans-serif;\">diyen Prof. Dr. Mehmet Seyfettin Erol, acaba &ldquo;Yeni Ankara&rdquo; diye Erbakan&rsquo;\u0131 ve Yeni Bir D&uuml;nya programlar\u0131n\u0131 devre d\u0131\u015f\u0131 b\u0131rakma kar\u015f\u0131l\u0131\u011f\u0131 bir d\u0131\u015f proje kapsam\u0131nda iktidara ta\u015f\u0131nan ve uzun y\u0131llar &ldquo;BOP&rsquo;a e\u015fba\u015fkanl\u0131k&rdquo; yapt\u0131r\u0131lan <\/span><\/strong><strong><span style=\"font-size: 16pt; font-family: 'Arial',sans-serif;\">AKP kadrolar\u0131n\u0131 <\/span><\/strong><strong><span style=\"font-size: 14pt; font-family: 'Arial',sans-serif;\">m\u0131,<\/span><\/strong><strong><span style=\"font-size: 14pt; font-family: 'Arial',sans-serif;\"> yoksa iktidar\u0131 ve kadrolar\u0131n\u0131 Milli hedefler do\u011frultusunda kullanan (ve tabi AKP&rsquo;ce mecburen katlan\u0131lan) bir <\/span><\/strong><strong><span style=\"font-size: 16pt; font-family: 'Arial',sans-serif;\">&ldquo;Devlet Akl\u0131n\u0131&rdquo;<\/span><\/strong><strong><span style=\"font-size: 14pt; font-family: 'Arial',sans-serif;\"> m\u0131 kastetmeye &ccedil;al\u0131\u015fm\u0131\u015ft\u0131?<\/span><\/strong><\/p>\n<p style=\"margin-top: 0cm; margin-right: 0cm; margin-bottom: 0.0001pt; text-align: justify; text-indent: 1cm; line-height: 16pt;\"><span style=\"font-size: 12pt;\"><strong><span style=\"font-family: 'Arial',sans-serif;\">&Ccedil;&uuml;nk&uuml; AKP kurmaylar\u0131 ve kadrolar\u0131, 15 Temmuz&rsquo;da <\/span><\/strong><\/span><strong><em><span style=\"font-size: 14pt; font-family: 'Arial',sans-serif;\">&ldquo;Yeni Ankara ruhuna ve Milli irade&rdquo; <\/span><\/em><\/strong><span style=\"font-size: 12pt;\"><strong><span style=\"font-family: 'Arial',sans-serif;\">olu\u015fumuna kasteden CIA-MAAT&rsquo;\u0131n, ya bu sinsi ve Siyonist yap\u0131lanmas\u0131n\u0131 y\u0131llarca destekleyip ba\u015f\u0131m\u0131za bela edecek kadar gafil ve cahil insanlard\u0131, veya \u015fahsi makam ve &ccedil;\u0131kar u\u011fruna bilerek bunlara f\u0131rsat verecek ve su&ccedil; ortakl\u0131\u011f\u0131 edecek kadar hain tak\u0131m\u0131yd\u0131! \u0130\u015fte Suriye&rsquo;nin ve b&ouml;lgemizin bizi de i&ccedil;ine &ccedil;ekecek \u015fekilde kar\u0131\u015ft\u0131r\u0131l\u0131p batakla\u015fmas\u0131ndaki ba\u015f fig&uuml;ranlar ve BOP kahyalar\u0131 da bunlard\u0131!..<\/span><\/strong><\/span><\/p>\n<p style=\"margin-top: 0cm; margin-right: 0cm; margin-bottom: 0.0001pt; text-align: justify; text-indent: 1cm; line-height: 16pt;\"><strong><span style=\"font-size: 14pt; font-family: 'Arial',sans-serif;\">\u0130\u015fte size ac\u0131 ve a&ccedil;\u0131k taze bir &ouml;rnek hat\u0131rlatal\u0131m:<\/span><\/strong><\/p>\n<p style=\"margin-top: 0cm; margin-right: 0cm; margin-bottom: 0.0001pt; text-align: justify; text-indent: 1cm; line-height: 16pt;\"><span style=\"font-size: 12pt;\"><strong><span style=\"font-family: 'Arial',sans-serif;\">15 Temmuz h\u0131yanet kalk\u0131\u015fmas\u0131n\u0131n ba\u015f akt&ouml;rlerinden Tu\u011fgeneral Bekir Ercan Van CIA-MAAT taraf\u0131ndan &ccedil;ok &ouml;zel se&ccedil;ilmi\u015f ve Harp Okulu&#8217;na yerle\u015ftirilmi\u015f kiral\u0131k ve sat\u0131l\u0131k bir komutand\u0131. 15 Temmuz Kalk\u0131\u015fmas\u0131&#8217;nda havadaki F-16&#8217;lara \u0130ncirlik&#8217;ten kalkan u&ccedil;aklar ikmal yapm\u0131\u015ft\u0131. Ercan Van&#8217;\u0131n \u0130ncirlik &uuml;s komutan\u0131 olarak atanmas\u0131 bu darbenin en &ouml;nemli ayaklar\u0131ndan birini olu\u015fturmaktayd\u0131. Bu \u0130ncirlik&rsquo;te neler ya\u015fan\u0131rd\u0131? Kimler oraya konard\u0131 ve kimler taraf\u0131ndan d\u0131\u015far\u0131 &ccedil;\u0131kar\u0131l\u0131rd\u0131? Hangi &ouml;zel ara&ccedil;lar gelip &ouml;zel misafirleri al\u0131rd\u0131? \u0130\u015fte b&uuml;t&uuml;n bunlardan AKP kurmaylar\u0131n\u0131n haberleri bile olmam\u0131\u015ft\u0131! Mesela &ccedil;ok &ouml;zel bir Amerikan jeti darbe &ouml;ncesi buraya inmi\u015f, &ccedil;ok &ouml;zel isimleri T&uuml;rkiye&rsquo;ye ta\u015f\u0131m\u0131\u015ft\u0131. \u0130\u015flerini g&ouml;r&uuml;p elini kolunu sallay\u0131p tekrar ayr\u0131lm\u0131\u015flard\u0131, ama iktidar\u0131n ruhu bile duymam\u0131\u015ft\u0131. Ve yine 15 Temmuz &ouml;ncesinde bu CIA-MAAT komutan\u0131 Ercan Van o g&uuml;nlerde ne hikmetse Amerikan Hava Kuvvetleri&#8217;ne ba\u011fl\u0131 u&ccedil;aklarla s\u0131k s\u0131k Frankfurt&#8217;a gidiyormu\u015f&hellip; Ve her gidi\u015finde James Bond tipi bir siyah &ccedil;antay\u0131 da yan\u0131nda g&ouml;t&uuml;r&uuml;yormu\u015f&hellip; Ayr\u0131ca koca koca bavullar ta\u015f\u0131yormu\u015f&#8230; Soranlara &#8220;Yak\u0131nlar\u0131ma sucuk, past\u0131rma g&ouml;t&uuml;r&uuml;yorum&#8221; cevab\u0131 veriyormu\u015f&#8230; Ercan Van, &Uuml;s Komutan\u0131 oldu\u011fu i&ccedil;in aranmas\u0131 s&ouml;z konusu olmuyormu\u015f&#8230; Ercan Van&#8217;\u0131n da kat\u0131ld\u0131\u011f\u0131 bu u&ccedil;u\u015flarda ABD&#8217;li askerlerin yan\u0131 s\u0131ra, ABD&#8217;li siviller de bulunuyormu\u015f. Muhtemelen CIA ajanlar\u0131 ile birlikte u&ccedil;uyormu\u015f. Gidi\u015f ve geli\u015f ayn\u0131 g&uuml;n i&ccedil;erisinde oluyormu\u015f. Orada gizli toplant\u0131 yap\u0131l\u0131yor, &ccedil;anta teslim ediliyor ve geri d&ouml;n&uuml;l&uuml;yormu\u015f&hellip; Ercan Van&#8217;\u0131 devaml\u0131 ziyaret eden birka&ccedil; sivil ziyaret&ccedil;isi oluyormu\u015f. Bunlar merkezdeki &ouml;zel FET&Ouml; toplant\u0131lar\u0131na da kat\u0131l\u0131yormu\u015f&hellip; Zaten \u0130stanbul&#8217;daki baz\u0131 noktalara darbeyi bunlar haber veriyormu\u015f&hellip; Ercan Van bu sivillerle de, Irak&#8217;a gizli u&ccedil;u\u015flar yap\u0131yormu\u015f, oradan da gizemli insanlar geliyormu\u015f&hellip; Yer \u0130ncirlik oldu\u011fu i&ccedil;in kimse d&ouml;n&uuml;p tek s&ouml;z s&ouml;yleyemiyormu\u015f&hellip; B&uuml;t&uuml;n bunlar\u0131 koyu Erdo\u011fan ve AKP yalakas\u0131 Erg&uuml;n Diler yaz\u0131yordu&hellip; Bu askeri u&ccedil;aklarla neler ta\u015f\u0131n\u0131yordu, kimler bulu\u015fuyordu? Toplanan himmet paralar\u0131 b&ouml;yle mi ilgili yerlere u&ccedil;uruluyordu? FET&Ouml;&#8217;n&uuml;n &ouml;nemli isimleri buralardan m\u0131 giri\u015f &ccedil;\u0131k\u0131\u015f yap\u0131yordu? Bu u&ccedil;aklarla ABD&#8217;ye istihbarat dosyalar\u0131 m\u0131 aktar\u0131l\u0131yordu? <\/span><\/strong><\/span><strong><span style=\"font-size: 14pt; font-family: 'Arial',sans-serif;\">Kimse bilmiyordu ve kahraman AKP&rsquo;li kadrolar\u0131n haberi bile olmuyordu&hellip;<\/span><\/strong><\/p>\n<p style=\"margin-top: 0cm; margin-right: 0cm; margin-bottom: 0.0001pt; text-align: justify; text-indent: 1cm; line-height: 16pt;\">&nbsp;<\/p>\n<p>&nbsp;<\/p>\n<hr style=\"text-align: left;\" size=\"1\" width=\"33%\" \/>\n<p style=\"margin-bottom: 0.0001pt; line-height: normal;\"><a href=\"#ftnref1\" id=\"ftnref1\" style=\"vertical-align: super;\" name=\"ftn1\">[1]<\/a><span style=\"font-size: 9pt; font-family: 'Arial',sans-serif;\"> Musul ger&ccedil;e\u011fi ABD ve PKK &ndash; Mahmut &Ouml;v&uuml;r &#8211; 08.10.216 &#8211; Sabah<\/span><\/p>\n","protected":false},"excerpt":{"rendered":"<p>Her hususta oldu\u011fu gibi, Suriye ve Irak konusunda da elbette ve herkesin &uuml;st&uuml;nde, Cenab\u0131 Hakk\u0131n da bir hesab\u0131 vard\u0131 ve Allah takdir ve tanziminde asla yan\u0131lmayand\u0131. Ayr\u0131ca Devletimizin ve onun asker ve sivil kademelerinin de herhalde, farkl\u0131 ihtimallere kar\u015f\u0131 Milli ve stratejik planlar\u0131 bulunmaktayd\u0131. Ancak AKP daha do\u011frusu Erdo\u011fan iktidar\u0131n\u0131n, Be\u015far Esad ve Suriye politikas\u0131 [&hellip;]<\/p>\n","protected":false},"author":4,"featured_media":0,"comment_status":"open","ping_status":"closed","sticky":false,"template":"","format":"standard","meta":{"footnotes":""},"categories":[98],"tags":[],"class_list":["post-3968","post","type-post","status-publish","format-standard","hentry","category-ozel-yazilar"],"_links":{"self":[{"href":"https:\/\/www.millicozum.com\/mc\/wp-json\/wp\/v2\/posts\/3968","targetHints":{"allow":["GET"]}}],"collection":[{"href":"https:\/\/www.millicozum.com\/mc\/wp-json\/wp\/v2\/posts"}],"about":[{"href":"https:\/\/www.millicozum.com\/mc\/wp-json\/wp\/v2\/types\/post"}],"author":[{"embeddable":true,"href":"https:\/\/www.millicozum.com\/mc\/wp-json\/wp\/v2\/users\/4"}],"replies":[{"embeddable":true,"href":"https:\/\/www.millicozum.com\/mc\/wp-json\/wp\/v2\/comments?post=3968"}],"version-history":[{"count":0,"href":"https:\/\/www.millicozum.com\/mc\/wp-json\/wp\/v2\/posts\/3968\/revisions"}],"wp:attachment":[{"href":"https:\/\/www.millicozum.com\/mc\/wp-json\/wp\/v2\/media?parent=3968"}],"wp:term":[{"taxonomy":"category","embeddable":true,"href":"https:\/\/www.millicozum.com\/mc\/wp-json\/wp\/v2\/categories?post=3968"},{"taxonomy":"post_tag","embeddable":true,"href":"https:\/\/www.millicozum.com\/mc\/wp-json\/wp\/v2\/tags?post=3968"}],"curies":[{"name":"wp","href":"https:\/\/api.w.org\/{rel}","templated":true}]}}