{"id":4026,"date":"2016-11-28T18:22:53","date_gmt":"2016-11-28T18:22:53","guid":{"rendered":"https:\/\/www.millicozum.com\/mc\/2016\/11\/28\/din-derebeyligi-olusumlari-ve-yeni-darbe-kuskulari-2\/"},"modified":"2016-11-28T18:22:53","modified_gmt":"2016-11-28T18:22:53","slug":"din-derebeyligi-olusumlari-ve-yeni-darbe-kuskulari-2","status":"publish","type":"post","link":"https:\/\/www.millicozum.com\/mc\/2016\/aralik-2016\/din-derebeyligi-olusumlari-ve-yeni-darbe-kuskulari\/","title":{"rendered":"D\u0130N DEREBEYL\u0130\u011e\u0130 OLU\u015eUMLARI VE YEN\u0130 DARBE KU\u015eKULARI!"},"content":{"rendered":"<p style=\"margin-bottom: 0.0001pt; text-align: justify; text-indent: 1cm; line-height: 16pt;\"><strong><span style=\"font-size: 12pt; font-family: 'Arial',sans-serif;\">Daha &ouml;nce de yeri geldik&ccedil;e hat\u0131rlatm\u0131\u015ft\u0131k; Dini cemaat ve tarikatlar \u0130slam ovalar\u0131na-ortamlar\u0131na su ta\u015f\u0131yan kanallar konumundad\u0131r, bunlara elbette ve herhalde ihtiya&ccedil; vard\u0131r. Bu hayat ve huzur suyu kanallar\u0131n\u0131n t\u0131kanmas\u0131-kapat\u0131lmas\u0131 M&uuml;sl&uuml;man topluluklar\u0131n (ba\u011flar\u0131n, bah&ccedil;elerin, tarlalar\u0131n) susuz kalmas\u0131 ve &ccedil;orakla\u015f\u0131p kurumas\u0131 sonucunu do\u011furacakt\u0131r. Ancak <\/span><\/strong><strong><em><span style=\"font-size: 14pt; font-family: 'Arial',sans-serif;\">&ldquo;hayat suyu ve \u0130slam \u015fuuru ta\u015f\u0131y\u0131c\u0131s\u0131&rdquo;<\/span><\/em><\/strong><strong><span style=\"font-size: 12pt; font-family: 'Arial',sans-serif;\"> konumundaki bu kanallara la\u011f\u0131m sular\u0131n\u0131n s\u0131zd\u0131r\u0131lmas\u0131 veya &ccedil;o\u011fu kez \u015feytani odaklarca sat\u0131n al\u0131nan ve sapt\u0131r\u0131lan \u015feyhleri, Hoca efendileri ve yak\u0131n &ccedil;evreleri eliyle bu kanallara mikrop ve zehir kar\u0131\u015ft\u0131r\u0131lmas\u0131, &ccedil;ok tehlikeli fikri ve ahlaki sapmalara, sosyal ve siyasal hastal\u0131k kapmalara ve nihayet darbe kalk\u0131\u015fmalar\u0131na bile yol a&ccedil;maktad\u0131r. Bu nedenle Rahmetli Erbakan Hoca&rsquo;n\u0131n haz\u0131rlatt\u0131\u011f\u0131, Bizim de a&ccedil;\u0131klay\u0131p olgunla\u015ft\u0131rarak kitap halinde yay\u0131nlad\u0131\u011f\u0131m\u0131z, ayr\u0131ca \u0130ngilizce ve Rus&ccedil;aya terc&uuml;me ettirip b&uuml;t&uuml;n d&uuml;nyaya da\u011f\u0131tt\u0131\u011f\u0131m\u0131z <\/span><\/strong><strong><span style=\"font-size: 14pt; font-family: 'Arial',sans-serif;\">AD\u0130L D&Uuml;ZEN&rsquo;<\/span><\/strong><strong><span style=\"font-size: 12pt; font-family: 'Arial',sans-serif;\">deki <\/span><\/strong><strong><span style=\"font-size: 16pt; font-family: 'Arial',sans-serif;\">Ahlaki Yap\u0131lanma<\/span><\/strong><strong><span style=\"font-size: 12pt; font-family: 'Arial',sans-serif;\">&rsquo;n\u0131n mutlaka uygulanmas\u0131 art\u0131k ka&ccedil;\u0131n\u0131lmazd\u0131r. <\/span><\/strong><\/p>\n<p style=\"margin-bottom: 0.0001pt; text-align: justify; text-indent: 1cm; line-height: 16pt;\"><strong><span style=\"font-size: 14pt; font-family: 'Arial',sans-serif;\">Ba\u015far\u0131s\u0131z darbe giri\u015fiminin ard\u0131ndan y\u0131k\u0131lan ve umutlar\u0131 kararan ve bu peri\u015fan hali y&uuml;z&uuml;ne de yans\u0131yan Fetullah G&uuml;len, birka&ccedil; hafta sonra yeniden dirilmeye ve de\u011fi\u015fmeye ba\u015flam\u0131\u015ft\u0131. Anla\u015f\u0131lan yolun sonuna yakla\u015ft\u0131\u011f\u0131n\u0131 ve Amerika&rsquo;n\u0131n (Siyonist odaklar\u0131n) kendisini g&ouml;zden &ccedil;\u0131kard\u0131\u011f\u0131n\u0131 sanan Feto&rsquo;ya, yeni h\u0131yanet programlar\u0131 ve \u015feytani umutlar a\u015f\u0131lanm\u0131\u015ft\u0131. <\/span><\/strong><span style=\"font-size: 12pt; font-family: 'Arial',sans-serif;\">FET&Ouml; lideri Fetullah G&uuml;len son konu\u015fmas\u0131nda &ouml;rg&uuml;t elemanlar\u0131na yeni mesajlar yollamaktayd\u0131. Ter&ouml;rist ba\u015f\u0131 G&uuml;len uyuyan asker h&uuml;crelerin harekete ge&ccedil;mek i&ccedil;in emir bekledi\u011fini s&ouml;yleyerek: <\/span><strong><em><span style=\"font-size: 12pt; font-family: 'Arial',sans-serif;\">&#8220;Beyindeki 10 milyar h&uuml;cre harekete ge&ccedil;mek i&ccedil;in tenbih bekliyor. Allah onlar\u0131 oraya koydu\u011funa g&ouml;re, o kadar asker orada bulundu\u011funa g&ouml;re bence onunla &ccedil;ok \u015feyi fethedebilirsiniz. Ama zannediyorum onlar da uykuda. &Ccedil;al\u0131\u015ft\u0131r\u0131lmad\u0131klar\u0131ndan dolay\u0131 zorlanmad\u0131klar\u0131ndan dolay\u0131&#8221; <\/span><\/em><\/strong><span style=\"font-size: 12pt; font-family: 'Arial',sans-serif;\">s&ouml;zleriyle yeni darbe imas\u0131nda bulunmaktayd\u0131.<\/span><\/p>\n<p style=\"margin-bottom: 0.0001pt; text-align: justify; text-indent: 1cm; line-height: 16pt;\"><strong><span style=\"font-size: 16pt; font-family: 'Arial',sans-serif;\">15 Temmuz Darbe Giri\u015fimi bir senaryo ise Tayyip Beyin de haberi var m\u0131yd\u0131?<\/span><\/strong><\/p>\n<p style=\"margin-bottom: 0.0001pt; text-align: justify; text-indent: 1cm; line-height: 16pt;\"><strong><span style=\"font-size: 12pt; font-family: 'Arial',sans-serif;\">Bir film vard\u0131 hat\u0131rlay\u0131n\u0131z; &lsquo;&Uuml;&ccedil;k&acirc;\u011f\u0131t&ccedil;\u0131lar&rsquo;, vaktiyle tan\u0131\u015ft\u0131klar\u0131 bir Mafya liderinin y&uuml;kl&uuml; miktarda paras\u0131n\u0131 d&uuml;zenbazl\u0131kla &ccedil;almay\u0131 kafaya koymu\u015flard\u0131. <em>&ldquo;Bunlar beni mutlaka s&ouml;v&uuml;\u015fler&rdquo;<\/em> diye d&uuml;\u015f&uuml;nen mafya babas\u0131 ise; yine de her ad\u0131m\u0131 iyi hesaplanm\u0131\u015f bu tuza\u011fa d&uuml;\u015fmekten kurtulamam\u0131\u015ft\u0131&hellip; Nas\u0131l d&uuml;\u015fmesin? Tuza\u011f\u0131n g&ouml;r&uuml;n&uuml;r y&uuml;z&uuml;yle esas y&ouml;n&uuml; &ccedil;ok farkl\u0131 olmakla birlikte, ba\u015ftan sona sanki her \u015fey ger&ccedil;ekmi\u015f gibi sahneye aktar\u0131lm\u0131\u015ft\u0131. Bahis&ccedil;i d&uuml;kk&acirc;n\u0131 asl\u0131nda bahis&ccedil;i d&uuml;kk&acirc;n\u0131 de\u011fildi&hellip; D&uuml;kk&acirc;nda bahis oynayanlar kumarbaz de\u011fildi&hellip; Sonunda d&uuml;kk&acirc;n\u0131 basan FBI ajanlar\u0131 da asl\u0131nda FBI ajan\u0131 de\u011fildi&hellip; At yar\u0131\u015f\u0131 ger&ccedil;ekten oynanan at yar\u0131\u015f\u0131yd\u0131 ama, en az be\u015f dakika &ouml;nce oynan\u0131p bitmi\u015f bir at yar\u0131\u015f\u0131yd\u0131, ancak sanki canl\u0131 yay\u0131n gibi sunulmaktayd\u0131&hellip; \u0130ki &uuml;&ccedil;k&acirc;\u011f\u0131t&ccedil;\u0131 birbirlerini vuruyor ve &ouml;l&uuml;yorlard\u0131; ama bir de bak\u0131yorsunuz asl\u0131nda &ouml;lmemi\u015fler, ya\u015f\u0131yorlard\u0131!? Bu filmin <em>&ldquo;d\u0131\u015far\u0131da ve bizde meydana gelmi\u015f bir olay\u0131n daha iyi anla\u015f\u0131lmas\u0131na yarad\u0131\u011f\u0131n\u0131&rdquo; <\/em>s&ouml;yleyen Bilderbergci Fehmi Koru herhalde en az bir kez daha izlemem gerekecek &lsquo;The Sting&rsquo; filmini derken, 15 Temmuz Darbe giri\u015fiminin &ouml;nceden planlanm\u0131\u015f bir senaryo oldu\u011funu mu imaya &ccedil;al\u0131\u015fm\u0131\u015ft\u0131?<\/span><\/strong><\/p>\n<p style=\"margin-bottom: 0.0001pt; text-align: justify; text-indent: 1cm; line-height: 16pt;\"><strong><span style=\"font-size: 12pt; font-family: 'Arial',sans-serif;\">Darbe giri\u015fimi, \u0130ncirlik&#8217;teki n&uuml;kleer bombalar\u0131 tehlikeye atm\u0131\u015ft\u0131!<\/span><\/strong><\/p>\n<p style=\"margin-bottom: 0.0001pt; text-align: justify; text-indent: 1cm; line-height: 16pt;\"><strong><span style=\"font-size: 12pt; font-family: 'Arial',sans-serif;\">ABD&#8217;de yay\u0131mlanan New Yorker dergisi, NATO &uuml;lkelerindeki u&ccedil;aklardan at\u0131lan B-61 tipi hidrojen bombalar\u0131n\u0131n yakla\u015f\u0131k &uuml;&ccedil;te birinin, yani 60 adedinin \u0130ncirlik &uuml;ss&uuml;nde bulundu\u011funu hat\u0131rlatan dergi, NATO&#8217;da kural oldu\u011fu &uuml;zere bu n&uuml;kleer silahlar\u0131n g&uuml;venli\u011finin ABD taraf\u0131ndan de\u011fil, bulunduklar\u0131 &uuml;lkenin askerleri taraf\u0131ndan sa\u011fland\u0131\u011f\u0131n\u0131 yazm\u0131\u015ft\u0131. The New Yorker, \u0130ncirlik&#8217;in T&uuml;rk komutan\u0131 Tu\u011fgeneral Bekir Ercan Van ile dokuz T&uuml;rk subay\u0131n\u0131n darbe giri\u015fimi su&ccedil;lamas\u0131yla g&ouml;zalt\u0131na al\u0131nd\u0131\u011f\u0131n\u0131 hat\u0131rlatarak, bu durumun n&uuml;kleer bombalar\u0131n g&uuml;venli\u011fi konusunda b&uuml;y&uuml;k endi\u015fe yaratt\u0131\u011f\u0131n\u0131 vurgulam\u0131\u015ft\u0131. NATO&#8217;nun sahip oldu\u011fu en b&uuml;y&uuml;k B-61 n&uuml;kleer bomba stokunun \u0130ncirlik&#8217;te oldu\u011funu belirten dergi, &uuml;ss&uuml;n Amerikan sava\u015f u&ccedil;aklar\u0131n\u0131n u&ccedil;u\u015funa yeniden a&ccedil;\u0131lmas\u0131na kar\u015f\u0131n, elektrik kesintisinin halen devam etti\u011fini a&ccedil;\u0131klam\u0131\u015ft\u0131. The New Yorker, T&uuml;rkiye&#8217;deki darbe giri\u015fiminin yaratt\u0131\u011f\u0131 kaosa, bir de &uuml;ss&uuml;n I\u015e\u0130D topraklar\u0131ndan sadece 100 k&uuml;sur kilometre uzakta olmas\u0131n\u0131n, yaln\u0131zca T&uuml;rkiye de\u011fil, ABD a&ccedil;\u0131s\u0131ndan da &ouml;nemli bir ulusal g&uuml;venlik sorunu olu\u015fturdu\u011funu payla\u015fm\u0131\u015ft\u0131.<\/span><\/strong><\/p>\n<p style=\"margin-bottom: 0.0001pt; text-align: justify; text-indent: 1cm; line-height: 16pt;\"><strong><span style=\"font-size: 16pt; font-family: 'Arial',sans-serif;\">Fetullah G&uuml;len&rsquo;in, &ouml;nce \u015fa\u015fk\u0131nl\u0131k ve peri\u015fanl\u0131\u011f\u0131, 3 hafta sonra tekrar canlan\u0131p \u015f\u0131marmas\u0131?<\/span><\/strong><\/p>\n<p style=\"margin-bottom: 0.0001pt; text-align: justify; text-indent: 1cm; line-height: 16pt;\"><strong><span style=\"font-size: 14pt; font-family: 'Arial',sans-serif;\">Nas\u0131l oluyorsa, bir zamanlar Erdo\u011fan&rsquo;\u0131n s\u0131rda\u015f\u0131, H&uuml;k&uuml;metin yanda\u015f\u0131, \u015fimdi ise g&uuml;ya muhalif H&uuml;rriyetin yazar\u0131 Abd&uuml;lkadir Selvi: &ldquo;Erdo\u011fan&rsquo;\u0131n darbeden haberi var m\u0131yd\u0131?&rdquo; diye man\u015fetler at\u0131p bunun hayali bir kurgu oldu\u011funu vurgulamaya &ccedil;al\u0131\u015fmaktayd\u0131. <\/span><\/strong><\/p>\n<p style=\"margin-bottom: 0.0001pt; text-align: justify; text-indent: 1cm; line-height: 16pt;\"><strong><em><span style=\"font-size: 12pt; font-family: 'Arial',sans-serif;\">&ldquo;15 Temmuz darbe giri\u015fimi i&ccedil;in de tiyatro diyenler vard\u0131.. Antik&ccedil;a\u011fdan bu yana milyarlarca kez tiyatro oyunu sahnelendi ama hi&ccedil;birisi 15 Temmuz kadar kanl\u0131 olmam\u0131\u015ft\u0131. Bombalar\u0131n par&ccedil;alad\u0131\u011f\u0131 cesetler, tanklar\u0131n ezdi\u011fi bedenler, kur\u015funlar\u0131n par&ccedil;alad\u0131\u011f\u0131 v&uuml;cutlarla sergilenen bir tiyatro d&uuml;nyan\u0131n hi&ccedil;bir sahnesinde oynanmad\u0131&rdquo; <\/span><\/em><\/strong><span style=\"font-size: 12pt; font-family: 'Arial',sans-serif;\">diyen Abd&uuml;lkadir Selvi yan\u0131lmaktayd\u0131. &Ccedil;&uuml;nk&uuml; tarihte ve ge&ccedil;mi\u015fimizde bundan &ccedil;ok daha kanl\u0131 ve tahribatl\u0131 nice senaryolar ve tiyatrolar oynanm\u0131\u015ft\u0131. <strong><em>&ldquo;Bir de &ldquo;Erdo\u011fan&rsquo;\u0131n darbeden haberi vard\u0131&rdquo; meselesi ortaya at\u0131lm\u0131\u015ft\u0131. Darbeden haberiniz olacak ama sizi &ouml;ld&uuml;rmek i&ccedil;in kald\u0131\u011f\u0131n\u0131z otele bask\u0131n yapan &ouml;zel timlerin elinden 45 dakika farkla kurtulacaks\u0131n\u0131z. Sizin darbeden haberiniz olacak ancak u&ccedil;a\u011f\u0131n\u0131z havada sava\u015f u&ccedil;aklar\u0131 taraf\u0131ndan vurulma tehlikesi atlatacaks\u0131n\u0131z. Darbeden haberiniz olacak ancak darbeyi eni\u015ftenizden &ouml;\u011frenmi\u015f olacaks\u0131n\u0131z&hellip; Oysa kanl\u0131 bir darbe plan\u0131 haz\u0131rlanm\u0131\u015ft\u0131. Nesiller boyu anlat\u0131lacak bir demokrasi m&uuml;cadelesi ba\u015far\u0131lm\u0131\u015ft\u0131&rdquo;[1] <\/em><\/strong>diyen Bay Selvi asl\u0131nda kendisinin de inanmad\u0131\u011f\u0131 bir olay\u0131 savunmaya &ccedil;al\u0131\u015fmakta ve tabi &ccedil;uvallamaktayd\u0131.<\/span><\/p>\n<p style=\"margin-bottom: 0.0001pt; text-align: justify; text-indent: 1cm; line-height: 16pt;\"><strong><span style=\"font-size: 12pt; font-family: 'Arial',sans-serif;\">AKP&rsquo;li &ouml;nemli bir Ba\u015f m&uuml;\u015favir, \u015funlar\u0131 a&ccedil;\u0131klam\u0131\u015f, de\u011ferli Necati Tuncer Bey ise bunlar\u0131 maddeler halinde s\u0131ralam\u0131\u015ft\u0131. <\/span><\/strong><\/p>\n<p style=\"margin-bottom: 0.0001pt; text-align: justify; text-indent: 1cm; line-height: 16pt;\"><span style=\"font-size: 12pt; font-family: 'Arial',sans-serif;\">Bu haber ge&ccedil;ti\u011fimiz haftalarda gazetelerde ve internet sitelerinde yer alm\u0131\u015ft\u0131. Haberin g&uuml;venlik kaynaklar\u0131n\u0131n verdi\u011fi bilgiye g&ouml;re yaz\u0131ld\u0131\u011f\u0131 iddias\u0131 da vard\u0131. <strong>&ldquo;Fuat Avni, Cumhurba\u015fkan\u0131 Erdo\u011fan&rsquo;\u0131n yaverlerinden ba\u015fkas\u0131 de\u011fildi&hellip; Fuat Avni bir ki\u015fi de\u011fildi, ekipti&hellip; Devletin birimlerini halka halka ku\u015fat\u0131vermi\u015flerdi&hellip; Ekibin ilk halkas\u0131nda Albay Ali Yaz\u0131c\u0131 g&ouml;r&uuml;lmekteydi.&rdquo; <\/strong>Bu haberi medyaya yayanlar, Cumhurba\u015fkanl\u0131\u011f\u0131 Ba\u015f m&uuml;\u015faviri Say\u0131n Malko&ccedil;&rsquo;un do\u011frulayan, teyit eden bir a&ccedil;\u0131klamas\u0131n\u0131 da &ldquo;demi\u015fti&rdquo; fiiliyle dayanak ve sa\u011flamla\u015ft\u0131rma malzemesi olarak kullanm\u0131\u015flard\u0131. Fakat yine de Cumhurba\u015fkanl\u0131\u011f\u0131 Say\u0131n Ba\u015f m&uuml;\u015faviri&rsquo;nin o a&ccedil;\u0131klamas\u0131n\u0131n, toplumumuzda hak etti\u011fi kadar tart\u0131\u015f\u0131lmad\u0131\u011f\u0131na tan\u0131kt\u0131 insanlar. Halbuki bir ba\u015f m&uuml;\u015favir &ldquo;demi\u015fti&rdquo; bunlar\u0131.<\/span><\/p>\n<p style=\"margin-bottom: 0.0001pt; text-align: justify; text-indent: 1cm; line-height: 16pt;\"><strong><span style=\"font-size: 12pt; font-family: 'Arial',sans-serif;\">1-&ldquo;Cumhurba\u015fkan\u0131&rsquo;n\u0131n s&uuml;rekli en yak\u0131n\u0131nda olan yaverlerinin FET&Ouml; ba\u011flant\u0131l\u0131 olmas\u0131yla ilgili ciddi teredd&uuml;tleri olu\u015fmu\u015ftu.<\/span><\/strong><\/p>\n<p style=\"margin-bottom: 0.0001pt; text-align: justify; text-indent: 1cm; line-height: 16pt;\"><strong><span style=\"font-size: 12pt; font-family: 'Arial',sans-serif;\">2-Yaverleri se&ccedil;ip g&ouml;nderen Genelkurmay Personel Dairesi de FET&Ouml;&rsquo;n&uuml;n elinde bulunuyordu.<\/span><\/strong><\/p>\n<p style=\"margin-bottom: 0.0001pt; text-align: justify; text-indent: 1cm; line-height: 16pt;\"><strong><span style=\"font-size: 12pt; font-family: 'Arial',sans-serif;\">3-Bunu bilen Cumhurba\u015fkan\u0131m\u0131z son &uuml;&ccedil; ayd\u0131r ba\u015fyaverini &ccedil;ok mecbur kalmad\u0131k&ccedil;a yan\u0131nda tutmuyordu.<\/span><\/strong><\/p>\n<p style=\"margin-bottom: 0.0001pt; text-align: justify; text-indent: 1cm; line-height: 16pt;\"><strong><span style=\"font-size: 12pt; font-family: 'Arial',sans-serif;\">4-Asl\u0131nda g&ouml;revden azledecekti. (Herhalde f\u0131rsat bulam\u0131yordu!)<\/span><\/strong><\/p>\n<p style=\"margin-bottom: 0.0001pt; text-align: justify; text-indent: 1cm; line-height: 16pt;\"><strong><span style=\"font-size: 12pt; font-family: 'Arial',sans-serif;\">5-Onuru zedelenmesin diye yollamak i&ccedil;in A\u011fustos&rsquo;taki Y&uuml;ksek Askeri \u015e&ucirc;ra&rsquo;y\u0131 bekliyordu.<\/span><\/strong><\/p>\n<p style=\"margin-bottom: 0.0001pt; text-align: justify; text-indent: 1cm; line-height: 16pt;\"><strong><span style=\"font-size: 12pt; font-family: 'Arial',sans-serif;\">6-Ba\u015fyaver Ali Yaz\u0131c\u0131&rsquo;ya g&uuml;venmedi\u011fi i&ccedil;in de Marmaris&rsquo;e tatile giderken bu defa yan\u0131na alm\u0131yordu.<\/span><\/strong><\/p>\n<p style=\"margin-bottom: 0.0001pt; text-align: justify; text-indent: 1cm; line-height: 16pt;\"><strong><span style=\"font-size: 12pt; font-family: 'Arial',sans-serif;\">7-\u0130yi ki de yan\u0131na almadan gidiyordu.<\/span><\/strong><\/p>\n<p style=\"margin-bottom: 0.0001pt; text-align: justify; text-indent: 1cm; line-height: 16pt;\"><strong><span style=\"font-size: 12pt; font-family: 'Arial',sans-serif;\">8-Bunun aksini d&uuml;\u015f&uuml;nmek bile istemiyorum.<\/span><\/strong><\/p>\n<p style=\"margin-bottom: 0.0001pt; text-align: justify; text-indent: 1cm; line-height: 16pt;\"><strong><span style=\"font-size: 12pt; font-family: 'Arial',sans-serif;\">9-FET&Ouml; &uuml;yesi Ali Yaz\u0131c\u0131 o gece Marmaris&rsquo;te olsayd\u0131 &ccedil;ok daha korkun&ccedil; \u015feyler yapaca\u011f\u0131 ku\u015fkusuzdu..&rdquo;<\/span><\/strong><\/p>\n<p style=\"margin-bottom: 0.0001pt; text-align: justify; text-indent: 1cm; line-height: 16pt;\"><strong><span style=\"font-size: 12pt; font-family: 'Arial',sans-serif;\">9 tane madde \u015fekli verdi\u011fimiz Say\u0131n Ba\u015f m&uuml;\u015favir&rsquo;in &ldquo;demi\u015fti&rdquo;leri aynen bunlard\u0131.<\/span><\/strong><\/p>\n<p style=\"margin-bottom: 0.0001pt; text-align: justify; text-indent: 1cm; line-height: 16pt;\"><strong><span style=\"font-size: 16pt; font-family: 'Arial',sans-serif;\">\u015eimdi sormak laz\u0131md\u0131; e\u011fer durum b&ouml;yle ise:<\/span><\/strong><\/p>\n<p style=\"margin-bottom: 0.0001pt; text-align: justify; text-indent: 1cm; line-height: 16pt;\"><strong><span style=\"font-size: 12pt; font-family: 'Arial',sans-serif;\">a) Fuat Avni iddialar\u0131na malzeme olacak bilgileri, halen bu ba\u015fyaverin yan\u0131nda ni&ccedil;in ve nas\u0131l konu\u015fmu\u015flard\u0131?<\/span><\/strong><\/p>\n<p style=\"margin-bottom: 0.0001pt; text-align: justify; text-indent: 1cm; line-height: 16pt;\"><strong><span style=\"font-size: 12pt; font-family: 'Arial',sans-serif;\">b) Bunca ku\u015fku ve kurguyu sezdi\u011fi halde, Marmaris tatiline &ccedil;\u0131k\u0131lmas\u0131; darbeyi sezip kar\u015f\u0131 tedbirlerin al\u0131nd\u0131\u011f\u0131 bilgisinin verdi\u011fi bir rahatl\u0131k m\u0131yd\u0131? Yoksa &ccedil;ok tehlikeli ve tedbirsiz bir g&ouml;z&uuml; karal\u0131k m\u0131yd\u0131?<\/span><\/strong><\/p>\n<p style=\"margin-bottom: 0.0001pt; text-align: justify; text-indent: 1cm; line-height: 16pt;\"><strong><span style=\"font-size: 12pt; font-family: 'Arial',sans-serif;\">c) Darbenin daha ilk saatlerinde yap\u0131lan: <em>&ldquo;Sak\u0131n panik yapmay\u0131n, her \u015ferden bir hay\u0131r &ccedil;\u0131kmaktad\u0131r&rdquo;<\/em> yorumlar\u0131, &ccedil;ok &uuml;st&uuml;n bir tevekk&uuml;l ve teslimiyet yans\u0131mas\u0131 m\u0131yd\u0131, yoksa &ouml;nceden bilinen ve neler konu\u015fulmas\u0131 ezberletilen bir senaryonun icab\u0131 m\u0131yd\u0131?<\/span><\/strong><\/p>\n<p style=\"margin-bottom: 0.0001pt; text-align: justify; text-indent: 1cm; line-height: 16pt;\"><strong><span style=\"font-size: 12pt; font-family: 'Arial',sans-serif;\">&Ccedil;&uuml;nk&uuml; ayn\u0131 g&uuml;n Kemal K\u0131l\u0131&ccedil;daro\u011flu Adil &Ouml;ks&uuml;z&rsquo;le ilgili: <em>&#8220;Adil &Ouml;ks&uuml;z neden serbest b\u0131rak\u0131ld\u0131? Elimizde birtak\u0131m bilgiler var ama \u015fimdi a&ccedil;\u0131klayam\u0131yorum. S&ouml;yleyebilmem i&ccedil;in elimde belge olmas\u0131 laz\u0131m&#8221;<\/em> a&ccedil;\u0131klamas\u0131n\u0131 yapm\u0131\u015ft\u0131. K\u0131l\u0131&ccedil;daro\u011flu, CNN T&uuml;rk&#8217;te canl\u0131 yay\u0131nlanan programda g&uuml;ndeme ili\u015fkin sorular\u0131 yan\u0131tlarken: <em>&#8220;Neden 17-25 milat al\u0131n\u0131yor? 17-25&#8217;i milat olarak almalar\u0131n\u0131n nedeni &#8216;Efendim biz yolsuzluk yapmad\u0131k.&#8217; Bu alg\u0131y\u0131 geni\u015f kitlelerin kafas\u0131na yerle\u015ftirmek istiyorlar, as\u0131l ama&ccedil; bu. Oysa Adil &Ouml;ks&uuml;z&#8217;&uuml; kim serbest b\u0131rakt\u0131? Adil &Ouml;ks&uuml;z&#8217;&uuml;n h&acirc;kimin &ouml;n&uuml;ne giden dosyas\u0131n\u0131n i&ccedil;ini kim bo\u015faltt\u0131. Bu konuda ben, devletin o derin bilgisinden hesap sorar\u0131m. Kim bunu yapt\u0131. Niye bu adam hal&acirc; yakalanm\u0131yor? Neden bu adam serbest b\u0131rak\u0131l\u0131yor? Bank Asya&#8217;ya para yat\u0131ran gariban\u0131 al\u0131p hapse at\u0131yorsunuz, o s\u0131cak ortamda her h&acirc;kim &ouml;n&uuml;ne gelen ki\u015fiyi yakalay\u0131p i&ccedil;eri at\u0131yor, hatta soru bile sormuyor ama bunu&#8230; Savc\u0131, anlatt\u0131klar\u0131n\u0131n tamam\u0131n\u0131n yalan oldu\u011funu bildi\u011fi ve kan\u0131tlad\u0131\u011f\u0131 halde bunu serbest b\u0131rak\u0131yorsunuz. Bunun &uuml;zerinde h&uuml;k&uuml;met niye hi&ccedil; konu\u015fmuyor? Bu soruyu herkesin kendisine sormas\u0131 laz\u0131m&rdquo;<\/em> s&ouml;zleriyle &ouml;nemli sorular\u0131 g&uuml;ndeme ta\u015f\u0131m\u0131\u015f, ama asl\u0131nda sadece halk\u0131n havas\u0131n\u0131 al\u0131p konunun kapat\u0131lmas\u0131n\u0131 sa\u011flam\u0131\u015ft\u0131.<\/span><\/strong><\/p>\n<p style=\"margin-bottom: 0.0001pt; text-align: justify; text-indent: 1cm; line-height: 16pt;\"><strong><span style=\"font-size: 16pt; font-family: 'Arial',sans-serif;\">Fetullah G&uuml;len&rsquo;deki tav\u0131r de\u011fi\u015fikli\u011finin perde arkas\u0131!<\/span><\/strong><\/p>\n<p style=\"margin-bottom: 0.0001pt; text-align: justify; text-indent: 1cm; line-height: 16pt;\"><strong><span style=\"font-size: 14pt; font-family: 'Arial',sans-serif;\">Hepiniz TV ekranlar\u0131ndan hat\u0131rlayacaks\u0131n\u0131z. Pensilvanya&rsquo;daki evliya k\u0131l\u0131kl\u0131 FETO e\u015fk\u0131yas\u0131, ba\u015far\u0131s\u0131z darbe kalk\u0131\u015fmas\u0131n\u0131n ard\u0131ndan asla gizlenemeyecek bir y\u0131k\u0131lm\u0131\u015fl\u0131k psikolojisiyle olduk&ccedil;a sars\u0131lm\u0131\u015f ve &ccedil;&ouml;k&uuml;p da\u011f\u0131lm\u0131\u015f halini saklayamam\u0131\u015f, bu \u015fa\u015fk\u0131nl\u0131k ve peri\u015fanl\u0131\u011f\u0131 g&ouml;r&uuml;nt&uuml;lere yans\u0131m\u0131\u015ft\u0131. Ama 3 hafta sonra, ne olduysa, Feto Hoca yeniden canlanm\u0131\u015f, toparlan\u0131p aya\u011fa kalkm\u0131\u015f, hatta yeniden tehditler savurmaya ba\u015flam\u0131\u015ft\u0131. Demek ki Siyonist odaklar ve Amerikal\u0131 etkin kodamanlar, kendisini harcamayacaklar\u0131, T&uuml;rkiye&rsquo;ye yollamayacaklar\u0131 ve yeni projelerinde kullanacaklar\u0131, yolunda yeni umutlar a\u015f\u0131lam\u0131\u015flard\u0131!<\/span><\/strong><\/p>\n<p style=\"margin-bottom: 0.0001pt; text-align: justify; text-indent: 1cm; line-height: 16pt;\"><strong><span style=\"font-size: 14pt; font-family: 'Arial',sans-serif;\">Dinler aras\u0131 Diyalog safsatas\u0131n\u0131n nas\u0131l bir Yahudi salatas\u0131 oldu\u011fu hakikatini, <\/span><\/strong><strong><em><span style=\"font-size: 16pt; font-family: 'Arial',sans-serif;\">&ldquo;Il\u0131ml\u0131 \u0130slamc\u0131lar&rdquo;<\/span><\/em><\/strong><strong><span style=\"font-size: 14pt; font-family: 'Arial',sans-serif;\"> m&uuml;naf\u0131kl\u0131\u011f\u0131n\u0131 ve i\u015fbirlik&ccedil;i d&ouml;nek tak\u0131m\u0131n\u0131 anlat\u0131rken, Aziz Erbakan Hocam\u0131z\u0131n: <em>&ldquo;Bunlar, beyaz pirincin i&ccedil;indeki k&uuml;&ccedil;&uuml;k parlak beyaz ta\u015flardan farks\u0131zd\u0131r. &Ouml;yle ilk bak\u0131\u015fta ve dikkatsiz bir nazarla fark edilmeleri imk&acirc;ns\u0131zd\u0131r. Gaflet ve cehalet ehli olanlar, ancak di\u015fleri k\u0131r\u0131l\u0131nca anlayacak, ama i\u015f i\u015ften ge&ccedil;mi\u015f olacakt\u0131r!..&rdquo;<\/em> tespitleri, h\u0131yanet ve cehalet ehlinin kap\u0131\u015fmas\u0131yla bir kez daha do\u011frulanm\u0131\u015ft\u0131. 15 Temmuz darbe te\u015febb&uuml;s&uuml;nden sonra OHAL ile on binlerce ki\u015fi i\u015finden at\u0131lm\u0131\u015ft\u0131. Bununla yetinilmeyip daha on binlerin i\u015fine son verilece\u011fi duyurular\u0131 yap\u0131lmaktayd\u0131. <\/span><\/strong><strong><em><span style=\"font-size: 16pt; font-family: 'Arial',sans-serif;\">&ldquo;FET&Ouml;&rsquo;c&uuml;leri nas\u0131l temizlediysek PKK&rsquo;l\u0131lar\u0131 da aynen &ouml;yle temizleyece\u011fiz&rdquo;<\/span><\/em><\/strong><strong><span style=\"font-size: 14pt; font-family: 'Arial',sans-serif;\"> havalar\u0131 at\u0131lmaktayd\u0131. Y\u0131k\u0131lmaya te\u015febb&uuml;s edilen bir devletin bu t&uuml;r aray\u0131\u015flar i&ccedil;ine girmesi ilk ba\u015fta do\u011fal say\u0131l\u0131rd\u0131. Ancak sormak laz\u0131md\u0131 on binlerce insan devletin i&ccedil;ine b&ouml;ylesine &ccedil;&ouml;reklenirken AKP iktidar\u0131 ve kurmaylar\u0131 hangi sal\u0131ncakta uyumaktalard\u0131? B&ouml;yle bir yap\u0131lanmadan devletin hi&ccedil; mi haberi olmam\u0131\u015ft\u0131? Ya da bal gibi haberi olmu\u015ftu da anlamaz ve duymaz rol&uuml; m&uuml; oynanm\u0131\u015ft\u0131?<\/span><\/strong><\/p>\n<p style=\"margin-bottom: 0.0001pt; text-align: justify; text-indent: 1cm; line-height: 16pt;\"><strong><span style=\"font-size: 16pt; font-family: 'Arial',sans-serif;\">ABD (Yahudi Lobileri) Feto&rsquo;yu harcamayacak, biraz dinlendirip yeni projelerinde kullanmak &uuml;zere haz\u0131rlayacakt\u0131!<\/span><\/strong><\/p>\n<p style=\"margin-bottom: 0.0001pt; text-align: justify; text-indent: 1cm; line-height: 16pt;\"><strong><span style=\"font-size: 12pt; font-family: 'Arial',sans-serif;\">Evet, CIA&rsquo;n\u0131n, NATO&rsquo;nun &uuml;lkemizde, b&ouml;lgemizde ve T&uuml;rki Cumhuriyetlerde ve di\u011fer &uuml;lkelerdeki yeni hamlelerinde kullan\u0131lmak &uuml;zere, Feto k\u0131sa s&uuml;reli\u011fine ambara-hangara al\u0131nacak, sonra tekrar sahaya sal\u0131nacakt\u0131. Amerika&rsquo;ya gidip BM oturumunda dunkoflar\u0131n bile yutmayaca\u011f\u0131 kof kabaday\u0131l\u0131k ve laf kalabal\u0131klar\u0131yla T&uuml;rkiye oyalanacak, bu kadar havalara ve palavralara ra\u011fmen Fetullah G&uuml;len&rsquo;i geri alamayacakt\u0131! Oysa &uuml;lkemiz t&uuml;m gelece\u011fini etkileyen bir kalk\u0131\u015fma atlatm\u0131\u015ft\u0131. Ama hal&acirc; bu kalk\u0131\u015fmay\u0131 kimler haz\u0131rlam\u0131\u015f, d&uuml;\u011fmeye kimler basm\u0131\u015ft\u0131? Askerin i&ccedil;indeki yap\u0131lanmay\u0131 kim uyand\u0131rm\u0131\u015ft\u0131? Hedefi kim saptam\u0131\u015f, ama kimler sapt\u0131rm\u0131\u015ft\u0131? sorular\u0131 yan\u0131ts\u0131zd\u0131. &#8220;B&ouml;yle durumlarda darbenin arkas\u0131ndaki <\/span><\/strong><strong><span style=\"font-size: 14pt; font-family: 'Arial',sans-serif;\">tabelaya <\/span><\/strong><strong><span style=\"font-size: 12pt; font-family: 'Arial',sans-serif;\">bak\u0131ld\u0131\u011f\u0131nda kalk\u0131\u015fman\u0131n arkas\u0131ndaki G<\/span><\/strong><strong><span style=\"font-size: 14pt; font-family: 'Arial',sans-serif;\">&uuml;len<\/span><\/strong><strong><span style=\"font-size: 12pt; font-family: 'Arial',sans-serif;\">&#8216;in t&uuml;m konforuyla Pensilvanya&rsquo;daki hayat\u0131na devam etti\u011fini, AKP iktidar\u0131 ve Erdo\u011fan kahraman\u0131 g&ouml;rm&uuml;yor ve mesaj\u0131 anlam\u0131yorlar m\u0131yd\u0131? \u0130\u015fte &uuml;zerinde durmam\u0131z gereken en kritik nokta buras\u0131yd\u0131. T&uuml;rkiye aya\u011fa kalkm\u0131\u015f, 300 vatanda\u015f\u0131m\u0131z \u015fehit olmu\u015f ama adamlar hal&acirc; ter&ouml;rist ba\u015f\u0131n\u0131 koynunda saklamaktayd\u0131&rdquo; diyen yazar niye AKP&rsquo;nin kimin kumandas\u0131nda bulundu\u011funu a&ccedil;\u0131klamazd\u0131?<\/span><\/strong><\/p>\n<p style=\"margin-bottom: 0.0001pt; text-align: justify; text-indent: 1cm; line-height: 16pt;\"><strong><span style=\"font-size: 12pt; font-family: 'Arial',sans-serif;\">28 \u015eubat d&ouml;neminin etkili <\/span><\/strong><strong><span style=\"font-size: 14pt; font-family: 'Arial',sans-serif;\">pa\u015falar\u0131ndan<\/span><\/strong><strong><span style=\"font-size: 12pt; font-family: 'Arial',sans-serif;\"> biri \u0131srara dayanamay\u0131p \u0130ngiltere&#8217;nin Ankara B&uuml;y&uuml;kel&ccedil;isi&#8217;ne randevu vermek durumunda kalm\u0131\u015ft\u0131. Gelen <\/span><\/strong><strong><span style=\"font-size: 14pt; font-family: 'Arial',sans-serif;\">b&uuml;y&uuml;kel&ccedil;i <\/span><\/strong><strong><span style=\"font-size: 12pt; font-family: 'Arial',sans-serif;\">do\u011frudan s&ouml;ze ba\u015flam\u0131\u015ft\u0131: <\/span><\/strong><strong><em><span style=\"font-size: 14pt; font-family: 'Arial',sans-serif;\">&#8220;Cemaati CIA kullanmaktayd\u0131&#8230;&#8221;<\/span><\/em><\/strong><strong><span style=\"font-size: 12pt; font-family: 'Arial',sans-serif;\">Pa\u015fa \u015fa\u015f\u0131rm\u0131\u015ft\u0131. &#8220;\u0130yi ama siz nereden biliyorsunuz?&#8221; diye sorunca kar\u015f\u0131dan gelen cevap da k\u0131sa ve anlaml\u0131yd\u0131: &#8220;&Ccedil;&uuml;nk&uuml; biz kurduk, ama onlara kapt\u0131rd\u0131k!&#8221; diyen yalaka yazar olay\u0131 &ccedil;arp\u0131tmaktayd\u0131. Do\u011frusu: <\/span><\/strong><strong><em><span style=\"font-size: 14pt; font-family: 'Arial',sans-serif;\">&ldquo;Bu olu\u015fumlar\u0131 biz kurar\u0131z, kullanmak i&ccedil;in CIA&rsquo;ya b\u0131rak\u0131r\u0131z&rdquo;<\/span><\/em><\/strong><strong><span style=\"font-size: 12pt; font-family: 'Arial',sans-serif;\"> olacakt\u0131. Maalesef G&uuml;len ve grubu, <\/span><\/strong><strong><span style=\"font-size: 14pt; font-family: 'Arial',sans-serif;\">biz devlet <\/span><\/strong><strong><span style=\"font-size: 12pt; font-family: 'Arial',sans-serif;\">olamad\u0131\u011f\u0131m\u0131z i&ccedil;in bu adamlar\u0131n eline ge&ccedil;mi\u015f bulunmaktayd\u0131. Hal&acirc; bunu anlayacak &ccedil;ap\u0131m\u0131z bile bulunmamaktayd\u0131. Graham Fuller, George Fidas, Marc Grossman ve Morton Abramowitz <\/span><\/strong><strong><span style=\"font-size: 14pt; font-family: 'Arial',sans-serif;\">Paralel&#8217;e <\/span><\/strong><strong><span style=\"font-size: 12pt; font-family: 'Arial',sans-serif;\">en b&uuml;y&uuml;k deste\u011fi veren CIA ajanlar\u0131yd\u0131, ama AKP&rsquo;nin de kurdurucular\u0131yd\u0131. \u015eu anda tam etkili 150 CIA ajan\u0131 Pensilvanya&#8217;y\u0131 korumaya alm\u0131\u015ft\u0131. En iyi yeti\u015fmi\u015f isimler G&uuml;len&#8217;in etraf\u0131ndayd\u0131. \u015eu an O<\/span><\/strong><strong><span style=\"font-size: 14pt; font-family: 'Arial',sans-serif;\">bama <\/span><\/strong><strong><span style=\"font-size: 12pt; font-family: 'Arial',sans-serif;\">i&ccedil;in ya da B<\/span><\/strong><strong><span style=\"font-size: 14pt; font-family: 'Arial',sans-serif;\">eyaz Saray <\/span><\/strong><strong><span style=\"font-size: 12pt; font-family: 'Arial',sans-serif;\">kavgas\u0131 veren Hillary ve Trump i&ccedil;in g&ouml;n&uuml;ll&uuml; 5 CIA g&ouml;revlisi bulunmazd\u0131. &Ccedil;&uuml;nk&uuml; bizim ba\u011fr\u0131m\u0131zda yeti\u015fen CEMAAT, CIA i&ccedil;in son 50 y\u0131l\u0131n en b&uuml;y&uuml;k operasyon olu\u015fumlar\u0131yd\u0131. Art\u0131k ac\u0131 ger&ccedil;e\u011fi kavrayal\u0131m. Amerika&#8217;da hi&ccedil;bir yarg\u0131&ccedil; <\/span><\/strong><strong><span style=\"font-size: 14pt; font-family: 'Arial',sans-serif;\">G&uuml;len<\/span><\/strong><strong><span style=\"font-size: 12pt; font-family: 'Arial',sans-serif;\">&#8216;e kar\u015f\u0131 \u015fu an ad\u0131m atamazd\u0131. Att\u0131\u011f\u0131 an o mahkemede <\/span><\/strong><strong><span style=\"font-size: 14pt; font-family: 'Arial',sans-serif;\">san\u0131k <\/span><\/strong><strong><span style=\"font-size: 12pt; font-family: 'Arial',sans-serif;\">s\u0131fat\u0131yla oturacakt\u0131. &Ccedil;&uuml;nk&uuml; Amerika&rsquo;daki bir h&acirc;kim ya da bin h&acirc;kim <\/span><\/strong><strong><span style=\"font-size: 14pt; font-family: 'Arial',sans-serif;\">G&uuml;len<\/span><\/strong><strong><span style=\"font-size: 12pt; font-family: 'Arial',sans-serif;\">&#8216;in onlar i&ccedil;in yapt\u0131\u011f\u0131n\u0131 yapamazd\u0131! CIA cemaatle <\/span><\/strong><strong><span style=\"font-size: 14pt; font-family: 'Arial',sans-serif;\">Orta Asya&#8217;ya <\/span><\/strong><strong><span style=\"font-size: 12pt; font-family: 'Arial',sans-serif;\">s\u0131zd\u0131 ve yerle\u015fip kald\u0131. Bundan asla vazge&ccedil;ecekleri san\u0131lmamal\u0131yd\u0131. <\/span><\/strong><\/p>\n<p style=\"margin-bottom: 0.0001pt; text-align: justify; text-indent: 1cm; line-height: 16pt;\"><strong><span style=\"font-size: 12pt; font-family: 'Arial',sans-serif;\">Bu nedenle &ouml;zetle: G&uuml;len asla ve kat&#8217;a sa\u011f olarak T&uuml;rkiye&#8217;ye yollanmayacakt\u0131. E\u011fer Washington ile Ankara aralar\u0131ndaki sorunlarda uzla\u015famazsa <\/span><\/strong><strong><span style=\"font-size: 14pt; font-family: 'Arial',sans-serif;\">G&uuml;len<\/span><\/strong><strong><span style=\"font-size: 12pt; font-family: 'Arial',sans-serif;\">, Kanada&#8217;ya postalanacakt\u0131. B&uuml;y&uuml;k ihtimalle oraya yerle\u015fip ya\u015fayacakt\u0131. &Ccedil;&uuml;nk&uuml; zaten <\/span><\/strong><strong><span style=\"font-size: 14pt; font-family: 'Arial',sans-serif;\">Kanada&#8217;n\u0131n Vancouver <\/span><\/strong><strong><span style=\"font-size: 12pt; font-family: 'Arial',sans-serif;\">kentinde tam 100 d&ouml;n&uuml;m &uuml;zerine bir malik&acirc;ne bile haz\u0131rlanm\u0131\u015ft\u0131. \u0130stanbul&#8217;a iklim olarak atmosfer olarak en &ccedil;ok benzeyen \u015fehir oras\u0131yd\u0131. Ba\u015fka bir nedeni daha vard\u0131. Birka&ccedil; y\u0131l &ouml;nce G&uuml;len&#8217;e en yak\u0131n 17 isim b&uuml;y&uuml;k titizlikle se&ccedil;ilip ayarlanm\u0131\u015f ve hemen sonra bu kente g&ouml;nderilmi\u015f bulunmaktayd\u0131. Aralar\u0131nda Milli &Ccedil;&ouml;z&uuml;m Dergisi Ba\u015fyazar\u0131 Ahmet Akg&uuml;l Hocam\u0131za, Fetullah&ccedil;\u0131l\u0131k ger&ccedil;e\u011fini yazd\u0131\u011f\u0131 ve toplumu uyard\u0131\u011f\u0131 i&ccedil;in &ouml;zel d&uuml;\u015fmanl\u0131\u011f\u0131 bulunan ve iftira bro\u015f&uuml;rleri haz\u0131rlayan Faruk Arslan da vard\u0131. Bu 17 ismi de CIA ile birlikte Kanada&#8217;n\u0131n h&acirc;kimi olan <\/span><\/strong><strong><span style=\"font-size: 14pt; font-family: 'Arial',sans-serif;\">\u0130ngiliz Gizli Servisi <\/span><\/strong><strong><span style=\"font-size: 12pt; font-family: 'Arial',sans-serif;\">haz\u0131rlam\u0131\u015ft\u0131. Kanada gizli servisi <\/span><\/strong><strong><span style=\"font-size: 14pt; font-family: 'Arial',sans-serif;\">Service Canadien Du Renseignement De Securite <\/span><\/strong><strong><span style=\"font-size: 12pt; font-family: 'Arial',sans-serif;\">b&uuml;t&uuml;n ad\u0131mlar\u0131 CIA ile birlikte atm\u0131\u015ft\u0131. Peki bu <\/span><\/strong><strong><span style=\"font-size: 14pt; font-family: 'Arial',sans-serif;\">servis <\/span><\/strong><strong><span style=\"font-size: 12pt; font-family: 'Arial',sans-serif;\">kime ba\u011fl\u0131yd\u0131? \u0130ngiliz h&uuml;k&uuml;metine san\u0131lmas\u0131nd\u0131, do\u011frudan <\/span><\/strong><strong><span style=\"font-size: 14pt; font-family: 'Arial',sans-serif;\">Krali&ccedil;e&#8217;ye<\/span><\/strong><strong><span style=\"font-size: 12pt; font-family: 'Arial',sans-serif;\">, o da Siyonist patronlara ba\u011fl\u0131yd\u0131. Kanada <\/span><\/strong><strong><span style=\"font-size: 14pt; font-family: 'Arial',sans-serif;\">Ba\u015fbakan\u0131 <\/span><\/strong><strong><span style=\"font-size: 12pt; font-family: 'Arial',sans-serif;\">bile buralarda ne olup bitti\u011fini anlayamazd\u0131. G&uuml;len&#8217;in buradaki g&uuml;nl&uuml;k ya\u015fam\u0131, toplant\u0131lar\u0131, medya a\u011f\u0131, operasyonlar iki gizli servis taraf\u0131ndan planlan\u0131rd\u0131. \u0130ngiliz ve ABD Siyonist sermayesinin <\/span><\/strong><strong><span style=\"font-size: 14pt; font-family: 'Arial',sans-serif;\">Fetullah G&uuml;len <\/span><\/strong><strong><span style=\"font-size: 12pt; font-family: 'Arial',sans-serif;\">hamlesi Ortado\u011fu&#8217;ya ve kaybetti\u011fi <\/span><\/strong><strong><span style=\"font-size: 14pt; font-family: 'Arial',sans-serif;\">Afrika&#8217;ya <\/span><\/strong><strong><span style=\"font-size: 12pt; font-family: 'Arial',sans-serif;\">tekrar d&ouml;nece\u011finin habercisi say\u0131l\u0131rd\u0131, zaten Cemaat ya da FET&Ouml; kabul etmeliyiz ki <\/span><\/strong><strong><span style=\"font-size: 14pt; font-family: 'Arial',sans-serif;\">Afrika&rsquo;da ve<\/span><\/strong><strong><span style=\"font-size: 12pt; font-family: 'Arial',sans-serif;\"> Orta Asya&rsquo;da pek &ccedil;ok devletten &ccedil;ok daha g&uuml;&ccedil;l&uuml; durumdayd\u0131. G&uuml;ney Afrika&#8217;daki okullarda &ccedil;al\u0131\u015fanlar\u0131n pek &ccedil;o\u011fu \u0130ngiliz MI6 ve CIA eleman\u0131yd\u0131. Yani Afrika ve Asya&rsquo;da FET&Ouml;&rsquo;n&uuml;n \u0130slam k\u0131l\u0131f\u0131 ve dindarl\u0131\u011f\u0131 Siyonistlerin &ccedil;ok i\u015fine yaramaktayd\u0131.<\/span><\/strong><\/p>\n<p style=\"margin-bottom: 0.0001pt; text-align: justify; text-indent: 1cm; line-height: 16pt;\"><strong><span style=\"font-size: 14pt; font-family: 'Arial',sans-serif;\">Erbakan&rsquo;a kar\u015f\u0131 tertiplenen Siyonist destekli 28 \u015eubat h\u0131yanetinin siyasi mimar\u0131, asl\u0131 ve ayar\u0131 malum <\/span><\/strong><strong><span style=\"font-size: 16pt; font-family: 'Arial',sans-serif;\">Mesut Y\u0131lmaz<\/span><\/strong><strong><span style=\"font-size: 14pt; font-family: 'Arial',sans-serif;\">&rsquo;\u0131n \u015fimdi Recep T. Erdo\u011fan&rsquo;a ve 15 Temmuz Demokrasi Kahramanl\u0131\u011f\u0131na sahip &ccedil;\u0131kmak &uuml;zere Sn. Cumhurba\u015fkan\u0131yla birlikte Amerika&rsquo;ya gidip nutuk atmas\u0131 sizce nas\u0131l yorumlanmal\u0131yd\u0131?<\/span><\/strong><\/p>\n<p style=\"margin-bottom: 0.0001pt; text-align: justify; text-indent: 1cm; line-height: 16pt;\"><strong><span style=\"font-size: 12pt; font-family: 'Arial',sans-serif;\">Cumhurba\u015fkan\u0131 Erdo\u011fan&#8217;\u0131n, BM konu\u015fmas\u0131yla ba\u015flayan atak, bir&ccedil;ok &uuml;lke devlet ba\u015fkan\u0131 ve d&uuml;nyan\u0131n etkili CEO&#8217;lar\u0131yla s&uuml;rerken, STK&#8217;lar da bo\u015f durmam\u0131\u015f, farkl\u0131 mek&acirc;nlarda farkl\u0131 kesimlerle bulu\u015fmu\u015flard\u0131. Onlardan biri de Bah&ccedil;e\u015fehir &Uuml;niversitesi&#8217;nin bir kurulu\u015fu olan Global Policy Institute&#8217;&uuml;n d&uuml;zenledi\u011fi <\/span><\/strong><strong><em><span style=\"font-size: 14pt; font-family: 'Arial',sans-serif;\">&#8216;Ba\u015far\u0131s\u0131z Darbe Giri\u015fiminin Anatomisi&#8217; <\/span><\/em><\/strong><strong><span style=\"font-size: 12pt; font-family: 'Arial',sans-serif;\">paneli olmaktayd\u0131. Mek&acirc;n New York&#8217;un g&ouml;zde binalar\u0131ndan Harvard Clup&#8217;\u0131n salonuydu. Panel, 15 Temmuz darbe giri\u015fimini anlatan etkili bir filmle a&ccedil;\u0131lm\u0131\u015ft\u0131. D\u0131\u015fi\u015fleri Bakan\u0131 &Ccedil;avu\u015fo\u011flu, darbe giri\u015fimi kar\u015f\u0131s\u0131nda ABD ve AB &uuml;lkelerindeki ikircikli yakla\u015f\u0131mlar\u0131 hat\u0131rlat\u0131p: &#8220;O gece meclis bombalan\u0131rken bile baz\u0131 Avrupal\u0131 dostlar\u0131m\u0131z bizi sorguluyordu. Darbenin arkas\u0131nda FET&Ouml; oldu\u011fu &ccedil;ok net. Tutuklanmas\u0131n\u0131 sonra da iadesini istiyoruz&#8221; havalar\u0131 atm\u0131\u015ft\u0131. \u0130\u015fte bu a&ccedil;\u0131\u015f konu\u015fmas\u0131ndan sonra eski ba\u015fbakanlardan <\/span><\/strong><strong><span style=\"font-size: 16pt; font-family: 'Arial',sans-serif;\">Mesut Y\u0131lmaz<\/span><\/strong><strong><span style=\"font-size: 12pt; font-family: 'Arial',sans-serif;\">&#8216;\u0131n <\/span><\/strong><strong><span style=\"font-size: 12pt; font-family: 'Arial',sans-serif;\">y&ouml;netti\u011fi panel ba\u015flam\u0131\u015ft\u0131. Panelde bir tarafta eski ABD D\u0131\u015fi\u015fleri Bakan Yard\u0131mc\u0131s\u0131 Mark Kimmitt ile Joshua Wolker ve Paola von Schirach, di\u011fer tarafta ise T&uuml;rkiye&#8217;den gelen Prof. Dr. G&uuml;lnur Aybet ve Princeton ve Bah&ccedil;e\u015fehir &Uuml;niversitesi Profes&ouml;r&uuml; Heath Lowry vard\u0131.[2] Hat\u0131rlatal\u0131m bu Heath W. Lowry, babas\u0131 Yahudi d&ouml;nmesi bir Protestan din adam\u0131yd\u0131, e\u015fi Demet Han\u0131m ise Selanikli bir d&ouml;nme ailenin k\u0131z\u0131yd\u0131.<\/span><\/strong><\/p>\n<p style=\"margin-bottom: 0.0001pt; text-align: justify; text-indent: 1cm; line-height: 16pt;\"><strong><span style=\"font-size: 12pt; font-family: 'Arial',sans-serif;\"> Eski Ba\u015fbakan Y\u0131lmaz&#8217;\u0131n g&ouml;n&uuml;ll&uuml; olarak T&uuml;rkiye&#8217;yi anlatmay\u0131 &uuml;stlenmesi az g&ouml;r&uuml;len ve son d&ouml;nemin moda deyimiyle &#8220;milli ve yerli&#8221; duru\u015fun iyi bir &ouml;rne\u011fi say\u0131lm\u0131\u015ft\u0131!?Y\u0131lmaz, iktidardan farkl\u0131 d&uuml;\u015f&uuml;nen bir siyaset&ccedil;i olarak darbeye kar\u015f\u0131 &ouml;l&uuml;m&uuml; g&ouml;ze alan halk\u0131n hakk\u0131n\u0131 k&uuml;resel meydanlarda savunarak g&ouml;zlerimizi ya\u015fartm\u0131\u015ft\u0131. Konu\u015fmas\u0131 da &ccedil;ok dokunakl\u0131yd\u0131. Y\u0131lmaz \u015f&ouml;yle seslendi ABD&#8217;lilere: <\/span><\/strong><strong><em><span style=\"font-size: 12pt; font-family: 'Arial',sans-serif;\">&#8220;ABD&#8217;de T&uuml;rkiye&#8217;yle ilgili &ccedil;ok az \u015fey biliniyor. Bu nedenle komplo teorileri &uuml;retilebiliyor. Bilgisi olmayanlar eminmi\u015f gibi konu\u015fabiliyor. \u0130\u015fte bu toplant\u0131y\u0131 bu nedenle yap\u0131yoruz. Daha ger&ccedil;ek bir tablo ortaya &ccedil;\u0131ks\u0131n istedik. T&uuml;rk halk\u0131 70 y\u0131ld\u0131r ABD&#8217;ye demokrasiye ve laikli\u011fe destek olacak g&ouml;z&uuml;yle bakt\u0131. Ve 15 Temmuz&#8217;da T&uuml;rkler ABD&#8217;nin deste\u011fine &ccedil;ok ihtiya&ccedil; duydu ama ne yaz\u0131k ki bu deste\u011fin gelmesi &ccedil;ok uzun s&uuml;rd&uuml;. Maalesef T&uuml;rk halk\u0131n\u0131 ilk tebrik eden Putin oldu. Bunu s&ouml;ylemekten &uuml;z&uuml;nt&uuml; duyuyorum. &Ccedil;&uuml;nk&uuml; T&uuml;rkiye&#8217;de laik, dindar sol veya sa\u011f g&ouml;r&uuml;\u015fl&uuml;, kim olursa olsun hepsinin demokrasinin devam\u0131na inan&ccedil;lar\u0131 &ccedil;ok sa\u011flamd\u0131. Halk demokrasinin askeri darbelerden daha &uuml;st&uuml;n oldu\u011funu d&uuml;\u015f&uuml;n&uuml;yor ve sahip &ccedil;\u0131k\u0131yor.&#8221; <\/span><\/em><\/strong><strong><span style=\"font-size: 14pt; font-family: 'Arial',sans-serif;\">28 \u015eubat&rsquo;\u0131n siyasi ba\u015f fig&uuml;ran\u0131, Koyu Erbakan kar\u015f\u0131t\u0131 ve \u015eeriat d&uuml;\u015fman\u0131 Mason Mesut Y\u0131lmaz&rsquo;\u0131n bu demokrasi savunmas\u0131 ve Erdo\u011fan&rsquo;a sahip &ccedil;\u0131kmas\u0131 bile hal&acirc; ahmaklar\u0131n g&ouml;z&uuml;n&uuml; a&ccedil;mas\u0131na yeterli olmam\u0131\u015ft\u0131.<\/span><\/strong><\/p>\n<p style=\"margin-bottom: 0.0001pt; text-align: justify; text-indent: 1cm; line-height: 16pt;\"><strong><span style=\"font-size: 12pt; font-family: 'Arial',sans-serif;\"> Bu operasyonun arkas\u0131nda da \u0130ngiliz ve Amerikal\u0131lar\u0131 kullanan Siyonist Yahudi akl\u0131 vard\u0131&#8230; Bir yandan <\/span><\/strong><strong><span style=\"font-size: 14pt; font-family: 'Arial',sans-serif;\">\u0130slam<\/span><\/strong><strong><span style=\"font-size: 12pt; font-family: 'Arial',sans-serif;\">&#8216;<\/span><\/strong><strong><span style=\"font-size: 12pt; font-family: 'Arial',sans-serif;\">\u0131n i&ccedil;ine girip y&ouml;netiyorlar, &ouml;te yandan <\/span><\/strong><strong><span style=\"font-size: 14pt; font-family: 'Arial',sans-serif;\">Siyasal \u0130slam<\/span><\/strong><strong><span style=\"font-size: 12pt; font-family: 'Arial',sans-serif;\">&#8216;<\/span><\/strong><strong><span style=\"font-size: 12pt; font-family: 'Arial',sans-serif;\">\u0131n fig&uuml;ranlar\u0131na ayar veriyorlard\u0131. Elbette Pensilvanya da bunlar\u0131n korumas\u0131ndayd\u0131. Duyumlara g&ouml;re Pensilvanya&#8217;da son g&uuml;nlerde hareketlilik ya\u015fanmaktayd\u0131. CIA&#8217;n\u0131n Virginia&#8217;daki ajan e\u011fitim merkezi CAMPPEARY&#8217;nin &ccedil;ok &ouml;zel timi Pensilvanya&#8217;dan ayr\u0131lm\u0131\u015ft\u0131. Dedikoduya g&ouml;re <\/span><\/strong><strong><span style=\"font-size: 14pt; font-family: 'Arial',sans-serif;\">G&uuml;len <\/span><\/strong><strong><span style=\"font-size: 12pt; font-family: 'Arial',sans-serif;\">\u015fimdilik <\/span><\/strong><strong><span style=\"font-size: 12pt; font-family: 'Arial',sans-serif;\">ba\u015fka bir yere ta\u015f\u0131nm\u0131\u015ft\u0131, Kanada haz\u0131rl\u0131\u011f\u0131 ba\u015flam\u0131\u015ft\u0131. Bu adamlar\u0131n Pensilvanya&#8217;y\u0131 bo\u015f b\u0131rakmad\u0131\u011f\u0131 bilindi\u011fi i&ccedil;in ortadan kaybolmalar\u0131 garip kar\u015f\u0131lanm\u0131\u015ft\u0131. Kesin olan bir ger&ccedil;ek vard\u0131: Amerika, G&uuml;len ve ekibini T&uuml;rkiye&rsquo;ye kapt\u0131rmayacaklard\u0131. 40 y\u0131ld\u0131r &uuml;zerinde &ccedil;al\u0131\u015ft\u0131klar\u0131 bir organizasyonu tasfiye etmek istemiyorlard\u0131. 150 &uuml;lkede ne kadar zengin yeralt\u0131 kayna\u011f\u0131 varsa yan\u0131nda <\/span><\/strong><strong><span style=\"font-size: 14pt; font-family: 'Arial',sans-serif;\">Cemaat Okullar\u0131 <\/span><\/strong><strong><span style=\"font-size: 12pt; font-family: 'Arial',sans-serif;\">bulunmaktayd\u0131. Her \u015feyi <\/span><\/strong><strong><span style=\"font-size: 14pt; font-family: 'Arial',sans-serif;\">Yumu\u015fak G&uuml;&ccedil;le <\/span><\/strong><strong><span style=\"font-size: 12pt; font-family: 'Arial',sans-serif;\">kontrol etmek i&ccedil;in bu yap\u0131y\u0131 haz\u0131rlam\u0131\u015flard\u0131. New York&rsquo;ta Rothschild&rsquo;lere ait 51. Sokak&#8217;taki 1251 No&#8217;lu binan\u0131n sakinlerinden biri de &uuml;nl&uuml; <\/span><\/strong><strong><span style=\"font-size: 14pt; font-family: 'Arial',sans-serif;\">Hukuk <\/span><\/strong><strong><span style=\"font-size: 12pt; font-family: 'Arial',sans-serif;\">b&uuml;rosu <\/span><\/strong><strong><span style=\"font-size: 14pt; font-family: 'Arial',sans-serif;\">Dla Piper <\/span><\/strong><strong><span style=\"font-size: 12pt; font-family: 'Arial',sans-serif;\">olmaktayd\u0131<\/span><\/strong><strong><span style=\"font-size: 12pt; font-family: 'Arial',sans-serif;\">. G&ouml;kdelenin 27. kat\u0131nda bunlar vard\u0131. Birka&ccedil; ay &ouml;nce Amerika&#8217;ya e\u015fi ve &ccedil;ocu\u011fuyla gitti\u011finde <\/span><\/strong><strong><span style=\"font-size: 14pt; font-family: 'Arial',sans-serif;\">R\u0131za Sarraf<\/span><\/strong><strong><span style=\"font-size: 12pt; font-family: 'Arial',sans-serif;\">&#8216;<\/span><\/strong><strong><span style=\"font-size: 12pt; font-family: 'Arial',sans-serif;\">\u0131 tutuklayan New York G&uuml;ney B&ouml;lge Hakimi <\/span><\/strong><strong><span style=\"font-size: 16pt; font-family: 'Arial',sans-serif;\">Richard Berman<\/span><\/strong><strong><span style=\"font-size: 12pt; font-family: 'Arial',sans-serif;\">&#8230; Evet Paralel Yap\u0131&#8217;n\u0131n organizasyonlar\u0131na kat\u0131ld\u0131\u011f\u0131 bilinen <\/span><\/strong><strong><span style=\"font-size: 14pt; font-family: 'Arial',sans-serif;\">Berman<\/span><\/strong><strong><span style=\"font-size: 12pt; font-family: 'Arial',sans-serif;\">.<\/span><\/strong><strong><span style=\"font-size: 12pt; font-family: 'Arial',sans-serif;\"> \u0130\u015fte 1251 nolu binan\u0131n sakinleri aras\u0131ndayd\u0131. Yani FET&Ouml;&#8217;y&uuml; biraz dinlendirip ba\u015fka b&ouml;lgelerde kullanacaklard\u0131. Ama bize farkl\u0131 bir \u015fekilde sald\u0131racaklard\u0131. Ayn\u0131 adamlar farkl\u0131 cephelerden farkl\u0131 ittifaklarla sald\u0131rma ustalar\u0131yd\u0131. Uyan\u0131k olmak durumunday\u0131z&#8230; Devletin tepesine kadar yakla\u015fmaya &ccedil;al\u0131\u015fanlar\u0131 g&ouml;r&uuml;nce \u015fa\u015f\u0131rmaktay\u0131z. Kabuk da, k\u0131l\u0131k da de\u011fi\u015ftiriyorlard\u0131. Utanma da yoktu, atsan da gitmiyorlard\u0131. Hep havaliman\u0131ndalard\u0131&#8230; \u0130\u015fin garibi ne yapt\u0131klar\u0131n\u0131 kimsenin bilmedi\u011fini san\u0131yorlard\u0131!&rdquo; <\/span><\/strong><strong><span style=\"font-size: 14pt; font-family: 'Arial',sans-serif;\">diyen ve baz\u0131 ger&ccedil;ekleri sapt\u0131rmak ve T&uuml;rkiye&rsquo;yi <\/span><\/strong><strong><em><span style=\"font-size: 16pt; font-family: 'Arial',sans-serif;\">&ldquo;\u0130ngiliz Yahudilerinden kurtar\u0131p, ABD Siyonistlerine ba\u011flamak&rdquo; <\/span><\/em><\/strong><strong><span style=\"font-size: 14pt; font-family: 'Arial',sans-serif;\">safsatas\u0131na inand\u0131rmak isteyen yalaka yazar kimlerin eleman\u0131yd\u0131?<\/span><\/strong><\/p>\n<p style=\"margin-bottom: 0.0001pt; text-align: justify; text-indent: 1cm; line-height: 16pt;\"><strong><span style=\"font-size: 16pt; font-family: 'Arial',sans-serif;\">FET&Ouml; soru\u015fturmas\u0131 AKP&rsquo;ye dayan\u0131rsa par&ccedil;alanma ka&ccedil;\u0131n\u0131lmazd\u0131!<\/span><\/strong><\/p>\n<p style=\"margin-bottom: 0.0001pt; text-align: justify; text-indent: 1cm; line-height: 16pt;\"><strong><span style=\"font-size: 16pt; font-family: 'Arial',sans-serif;\">Saray yanda\u015f\u0131 gazeteci &Ouml;mer Turan&rsquo;\u0131n if\u015faatlar\u0131!<\/span><\/strong><\/p>\n<p style=\"margin-bottom: 0.0001pt; text-align: justify; text-indent: 1cm; line-height: 16pt;\"><strong><span style=\"font-size: 16pt; font-family: 'Arial',sans-serif;\">&Ouml;mer Turan adl\u0131 &ldquo;saray yanl\u0131s\u0131&rdquo; hatta ya\u011fc\u0131s\u0131 bir gazetecinin itiraflar\u0131 da &ouml;nemli ipu&ccedil;lar\u0131 sunmaktayd\u0131. <\/span><\/strong><\/p>\n<p style=\"margin-bottom: 0.0001pt; text-align: justify; text-indent: 1cm; line-height: 16pt;\"><strong><span style=\"font-size: 14pt; font-family: 'Arial',sans-serif;\">&Ouml;mer Turan <\/span><\/strong><strong><em><span style=\"font-size: 12pt; font-family: 'Arial',sans-serif;\">Erdo\u011fan&#8217;\u0131n sarayda &ldquo;tek ba\u015f\u0131na&rdquo; kald\u0131\u011f\u0131n\u0131 vurgulam\u0131\u015ft\u0131<\/span><\/em><\/strong><span style=\"font-size: 12pt; font-family: 'Arial',sans-serif;\">. Ona g&ouml;re \u015fu an AKP ve devlet i&ccedil;inde FET&Ouml;&#8217;ye kar\u015f\u0131 m&uuml;cadele eden tek ki\u015fi Erdo\u011fan&rsquo;d\u0131. Bu &Ouml;mer Turan, h&uuml;k&uuml;metin i&ccedil;inden direni\u015fle kar\u015f\u0131la\u015f\u0131ld\u0131\u011f\u0131n\u0131, baz\u0131 bakanlar\u0131n g&ouml;zaltlar\u0131na engel olduklar\u0131n\u0131, milletvekillerinin savc\u0131 ve h&acirc;kimleri tehdit etmeye ba\u015flad\u0131klar\u0131n\u0131 anlatm\u0131\u015ft\u0131. Ona g&ouml;re <strong><em>T&uuml;rkiye \u0130kinci D&uuml;nya Sava\u015f\u0131&#8217;ndan bu yana i\u015fgal alt\u0131ndayd\u0131 ve bug&uuml;ne kadar gelen b&uuml;t&uuml;n iktidarlara izin Amerika&rsquo;dan &ccedil;\u0131km\u0131\u015ft\u0131. Erdo\u011fan da Amerika&#8217;dan izin almasa Ba\u015fbakan olamazd\u0131. Amerika Erdo\u011fan&#8217;\u0131n yan\u0131na &uuml;&ccedil; grubu denge olarak koyduktan sonra AKP iktidar\u0131na f\u0131rsat tan\u0131m\u0131\u015ft\u0131. Bunlar \u0130ranc\u0131lar, cemaat&ccedil;iler ve K&uuml;rt&ccedil;&uuml;lerden olu\u015fmaktayd\u0131. Bu &uuml;&ccedil; grup kendi aralar\u0131nda anla\u015famasalar bile belli zamanlarda ittifaklar yapmaktayd\u0131.<\/em><\/strong> Bu Saray gazetecisine g&ouml;re &ouml;n&uuml;m&uuml;zdeki k\u0131sa s&uuml;re&ccedil;te; &ldquo;<strong><em>ak\u0131lalmaz \u015feyler olacakt\u0131&rdquo;<\/em><\/strong> ve baz\u0131 bakanlar ve &ccedil;ok &ouml;nemli adamlar da g&ouml;zalt\u0131na al\u0131nacakt\u0131!.. B&ouml;ylece siyasete ve medyaya s\u0131ra geliyordu ve herkes &ccedil;ok \u015fa\u015f\u0131racakt\u0131&#8230; &Ouml;mer Polat&#8217;a g&ouml;re <\/span><strong><span style=\"font-size: 14pt; font-family: 'Arial',sans-serif;\">Abdullah G&uuml;l, Fetullah Hoca ve Be\u015fir Atalay troykas\u0131 Erdo\u011fan&#8217;a kar\u015f\u0131 haz\u0131rl\u0131k yapmaktayd\u0131. Ama bunlar\u0131n tabanda bir kar\u015f\u0131l\u0131\u011f\u0131 bulunmamaktayd\u0131. Ayr\u0131ca AKP i&ccedil;inde 40 kadar milletvekili de cemaatin talimat\u0131yla hareket edebilir konumdayd\u0131. <\/span><\/strong><strong><em><span style=\"font-size: 12pt; font-family: 'Arial',sans-serif;\">&ldquo;B&uuml;t&uuml;n bunlar\u0131 dinledikten sonra, daha &ouml;nce kimi sarayc\u0131 kimi AKP&#8217;ci gazetecilerin, siyaset&ccedil;ilerin s&ouml;ylediklerini de zihnimden ge&ccedil;irdi\u011fimde, g&ouml;r&uuml;yorum ki Erdo\u011fan art\u0131k yolun sonuna gelmi\u015f bulunmaktayd\u0131. E\u011fer &ccedil;ok ustaca bir plan yap\u0131p ba\u015far\u0131l\u0131 olmazsa, muhalefete bile gerek kalmadan AKP Erdo\u011fan&#8217;\u0131n i\u015fini kendi bitirmi\u015f olacakt\u0131!..&rdquo; <\/span><\/em><\/strong><strong><span style=\"font-size: 12pt; font-family: 'Arial',sans-serif;\">diyen yazar herhalde bir \u015feylerin fark\u0131ndayd\u0131. <\/span><\/strong><\/p>\n<p style=\"margin-bottom: 0.0001pt; text-align: justify; text-indent: 1cm; line-height: 16pt;\"><strong><span style=\"font-size: 12pt; font-family: 'Arial',sans-serif;\">Bu arada, <\/span><\/strong><strong><span style=\"font-size: 12pt; font-family: 'Arial',sans-serif;\">Eski Cumhurba\u015fkan\u0131 <\/span><\/strong><strong><span style=\"font-size: 16pt; font-family: 'Arial',sans-serif;\">Abdullah G&uuml;l<\/span><\/strong><strong><span style=\"font-size: 12pt; font-family: 'Arial',sans-serif;\">, kendisinden umulmayan bir &ccedil;\u0131k\u0131\u015f yapm\u0131\u015f ve <\/span><\/strong><strong><span style=\"font-size: 14pt; font-family: 'Arial',sans-serif;\">&#8220;OHAL bir an &ouml;nce kald\u0131r\u0131ls\u0131n&#8221; <\/span><\/strong><strong><span style=\"font-size: 12pt; font-family: 'Arial',sans-serif;\">diyerek g&uuml;ndemi sarsm\u0131\u015ft\u0131. Y\u0131llar y\u0131l\u0131 mutedil olarak tan\u0131nan birinin, adeta patlamas\u0131 iyi okunmal\u0131yd\u0131. Durdu durdu da niye \u015fimdi patlam\u0131\u015ft\u0131? Son FET&Ouml; operasyonunda en b&uuml;y&uuml;k darbeyi Kayserili i\u015f adamlar\u0131 alm\u0131\u015ft\u0131. Kimi bin kimi on bin ki\u015fiye imk&acirc;n tan\u0131yan holdinglerin sahip ve y&ouml;neticileri &ouml;nce g&ouml;zalt\u0131na al\u0131nm\u0131\u015ft\u0131. G&uuml;l&#8217;&uuml;n ilk serzeni\u015fine; &#8220;Dilerim bu mezalim fazla s&uuml;rmez&#8221; s&ouml;zleri yans\u0131m\u0131\u015ft\u0131. Birka&ccedil; tahliyeden sonra, bu sefer tutuklamalar ba\u015flam\u0131\u015ft\u0131, &uuml;stelik etkilenen insan g&uuml;c&uuml; olarak kalabal\u0131kt\u0131. <\/span><\/strong><em><span style=\"font-size: 12pt; font-family: 'Arial',sans-serif;\">&#8211;<strong>&Ccedil;ok da ba\u015far\u0131l\u0131<\/strong>&#8211;<\/span><\/em><strong><span style=\"font-size: 12pt; font-family: 'Arial',sans-serif;\"> holdinglere kayyum atamalara ge&ccedil;ilince, hem\u015ferilerinin yak\u0131nlar\u0131 Abdullah G&uuml;l&#8217;&uuml;n kap\u0131s\u0131na dayanm\u0131\u015f &#8220;Sesimiz ol&#8221; &ccedil;\u0131k\u0131\u015flar\u0131na ba\u015flam\u0131\u015ft\u0131. H&uuml;k&uuml;metin, Abdullah G&uuml;l&#8217;&uuml;n uyar\u0131s\u0131n\u0131 dikkate almas\u0131 gerekti\u011fine inan\u0131yoruz. AKP i&ccedil;inde G&uuml;l&#8217;le ayn\u0131 d&uuml;\u015f&uuml;nceleri payla\u015fanlar\u0131n say\u0131s\u0131 giderek artmaktad\u0131r. \u015eimdilik hafif sesle konu\u015fulan bir konuyu da aktaral\u0131m. Abdullah G&uuml;l&#8217;&uuml;n ba\u015f\u0131na ge&ccedil;ebilece\u011fi ve B&uuml;lent Ar\u0131n&ccedil; ile Ali Babacan gibi isimlerin yer alaca\u011f\u0131 yeni bir siyasi olu\u015fumun &ouml;n&uuml; kesilmeye &ccedil;al\u0131\u015f\u0131lmakta, parasal deste\u011fi sa\u011flayacak ki\u015filer bu \u015fekilde devre d\u0131\u015f\u0131 b\u0131rak\u0131lmaktad\u0131r. &#8220;Kayseri&#8217;ye indirilen balyoz s\u0131rf bu y&uuml;zden&#8221; diye d&uuml;\u015f&uuml;nenlerin say\u0131s\u0131 bir hayli fazlad\u0131r. Bundan sonraki geli\u015fmeleri bu a&ccedil;\u0131dan izlemekte de yarar vard\u0131r!&rdquo; diyen yanda\u015f yazarlar neyin ku\u015fkusunu ya\u015famaktayd\u0131?<\/span><\/strong><\/p>\n<p style=\"margin-bottom: 0.0001pt; text-align: justify; text-indent: 1cm; line-height: 16pt;\"><strong><span style=\"font-size: 12pt; font-family: 'Arial',sans-serif;\">AKP Sakarya Milletvekili Ayhan Sefer &Uuml;st&uuml;n&#8217;&uuml;n, <\/span><\/strong><strong><em><span style=\"font-size: 14pt; font-family: 'Arial',sans-serif;\">&ldquo;Partiye s\u0131zm\u0131\u015f olan FET&Ouml;&#8217;c&uuml;lerin temizlenmesi arzusunu&rdquo;<\/span><\/em><\/strong><strong><span style=\"font-size: 12pt; font-family: 'Arial',sans-serif;\"> dile getirmesi 21 Eyl&uuml;l gazetelerinde yer alm\u0131\u015ft\u0131. Ayn\u0131 g&uuml;n AKP Genel Merkezi kaynakl\u0131 bir bilgi daha haber merkezlerine ula\u015fm\u0131\u015ft\u0131. Parti &uuml;st y&ouml;netimi ve il ba\u015fkanlar\u0131 d\u0131\u015f\u0131nda konu\u015fmac\u0131lar\u0131n olaca\u011f\u0131 etkinlikleri iptal karar\u0131 al\u0131nm\u0131\u015ft\u0131. Bu geli\u015fmeler iki \u015feyin alameti say\u0131lmal\u0131yd\u0131. Birincisi, AKP y&ouml;netiminin kendi mahallesindeki Fetullah&ccedil;\u0131 varl\u0131\u011f\u0131 konusunda duydu\u011fu ku\u015fkunun ne kadar &uuml;st d&uuml;zeylere vard\u0131\u011f\u0131. \u0130kincisi de, AKP i&ccedil;inde bir &ldquo;FET&Ouml; operasyonunun&rdquo; yakla\u015ft\u0131\u011f\u0131 anla\u015f\u0131lmaktayd\u0131. Neticede AKP&rsquo;nin 2002&rsquo;de iktidara gelmesinden 2013&rsquo;e dek G&uuml;lenciler de AKP yolunda kucak kuca\u011fayd\u0131, onun verdi\u011fi imk&acirc;nlardan fazlas\u0131yla, &uuml;stelik (s\u0131nav sorular\u0131 &ccedil;al\u0131nmas\u0131 gibi &ouml;rneklerde yasa d\u0131\u015f\u0131na &ccedil;\u0131karak) faydalanm\u0131\u015flard\u0131. Evet Fetullah&ccedil;\u0131lar\u0131n neredeyse k\u0131rk y\u0131ld\u0131r siyaset&ccedil;ilerin zaaflar\u0131n\u0131 kullanarak devlet kademelerine s\u0131zd\u0131\u011f\u0131 a&ccedil;\u0131kt\u0131. Ama yarg\u0131n\u0131n, b&uuml;rokrasinin, askeriye, &uuml;niversite ve medyan\u0131n kilit konumlar\u0131na y&uuml;kselmelerinin as\u0131l AKP d&ouml;neminde oldu\u011fu da unutulmamal\u0131yd\u0131. AKP&rsquo;nin &ldquo;Biz zaten ay\u0131klam\u0131\u015ft\u0131k&rdquo; deyip, orada bir belediye ba\u015fkan\u0131, burada bir il&ccedil;e eleman\u0131n\u0131 &ccedil;\u0131kar\u0131p halk\u0131 avutarak, asl\u0131nda ciddi bir ev temizli\u011fine ba\u015flamaktan ka&ccedil;\u0131nmas\u0131yd\u0131&rdquo; <\/span><\/strong><strong><span style=\"font-size: 12pt; font-family: 'Arial',sans-serif;\">tespitleri hakl\u0131yd\u0131.<\/span><\/strong><\/p>\n<p style=\"margin-bottom: 0.0001pt; text-align: justify; text-indent: 1cm; line-height: 16pt;\"><strong><span style=\"font-size: 16pt; font-family: 'Arial',sans-serif;\">Kadir Topba\u015f&#8217;a yard\u0131m ve yatakl\u0131k davas\u0131! <\/span><\/strong><\/p>\n<p style=\"margin-bottom: 0.0001pt; text-align: justify; text-indent: 1cm; line-height: 16pt;\"><strong><span style=\"font-size: 14pt; font-family: 'Arial',sans-serif;\">\u0130stanbul B&uuml;y&uuml;k\u015fehir Belediye Ba\u015fkan\u0131 Kadir Topba\u015f hakk\u0131nda FET&Ouml; Ter&ouml;r &ouml;rg&uuml;t&uuml;ne yard\u0131m ve yatakl\u0131k yapmak su&ccedil;lamas\u0131yla dava a&ccedil;\u0131lm\u0131\u015ft\u0131. <\/span><\/strong><strong><span style=\"font-size: 12pt; font-family: 'Arial',sans-serif;\">(\u0130BB) Meclis &uuml;yeleri H&uuml;seyin Sa\u011f ve S&uuml;leyman Nadir Ataman, \u0130BB Ba\u015fkan\u0131 Kadir Topba\u015f hakk\u0131nda, &ldquo;FET&Ouml; Ter&ouml;r &ouml;rg&uuml;t&uuml;ne yard\u0131m ve yatakl\u0131k&#8221;,&#8221; Kamu imk&acirc;nlar\u0131n\u0131 ve g&uuml;c&uuml;n&uuml; kullanarak \u015fu an FET&Ouml; ter&ouml;r &ouml;rg&uuml;t&uuml; ile ba\u011flant\u0131s\u0131 olan ki\u015fi ya da kurum y&ouml;neticilerine menfaat sa\u011flamak&#8221;, &#8220;G&ouml;revi k&ouml;t&uuml;ye kullanmak&#8221;, &#8220;\u0130mar Kirlili\u011fine neden olmak&#8221; iddias\u0131yla su&ccedil; duyurusunda bulunmu\u015flard\u0131. \u0130stanbul Cumhuriyet Ba\u015fsavc\u0131l\u0131\u011f\u0131 Ter&ouml;r ve &Ouml;rg&uuml;tl&uuml; Su&ccedil;lar Soru\u015fturma B&uuml;rosu su&ccedil; duyurusunu i\u015fleme koymu\u015f bulunmaktayd\u0131.<\/span><\/strong><\/p>\n<p style=\"margin-bottom: 0.0001pt; text-align: justify; text-indent: 1cm; line-height: 16pt;\"><strong><span style=\"font-size: 16pt; font-family: 'Arial',sans-serif;\">Eski AKP&rsquo;li Belediye Ba\u015fkan\u0131n\u0131n ba\u015f\u0131n\u0131 bu s&ouml;zler yakm\u0131\u015ft\u0131!<\/span><\/strong><\/p>\n<p style=\"margin-bottom: 0.0001pt; text-align: justify; text-indent: 1cm; line-height: 16pt;\"><strong><span style=\"font-size: 14pt; font-family: 'Arial',sans-serif;\">FET&Ouml;\/PDY silahl\u0131 ter&ouml;r &ouml;rg&uuml;t&uuml; su&ccedil;undan tutuklanan ve AKP&rsquo;den ihra&ccedil; edilen eski A\u015fkale Belediye Ba\u015fkan\u0131 Enver Ba\u015faran&rsquo;\u0131n soru\u015fturmas\u0131nda ilgin&ccedil; detaylara ula\u015f\u0131lm\u0131\u015ft\u0131. <\/span><\/strong><\/p>\n<p style=\"margin-bottom: 0.0001pt; text-align: justify; text-indent: 1cm; line-height: 16pt;\"><strong><span style=\"font-size: 12pt; font-family: 'Arial',sans-serif;\">Tutuklu bulunan eski A\u015fkale Belediye Ba\u015fkan\u0131 Enver Ba\u015faran hakk\u0131nda yap\u0131lan istihbarat bilgi raporunda, &lsquo;AKP&rsquo;nin yolsuzluklar\u0131ndan dolay\u0131 vatanda\u015f\u0131n bu se&ccedil;imde Saadet Partisine oy verece\u011fi&rsquo; s&ouml;yleminde bulundu\u011fu, s&uuml;rekli Cumhurba\u015fkan\u0131 Recep T. Erdo\u011fan&rsquo;\u0131 her ortamda ele\u015ftirdi\u011fi &lsquo;Habur S\u0131n\u0131r Kap\u0131s\u0131&rsquo;ndan giren mi ter&ouml;rist? Yoksa namaz k\u0131lan FET&Ouml;&rsquo;ye inanan m\u0131 daha &ccedil;ok ter&ouml;rist&rsquo; \u015feklinde beyanlarda bulundu\u011fu tespit edilerek Erzurum Cumhuriyet Ba\u015fsavc\u0131l\u0131\u011f\u0131&rsquo;na su&ccedil; duyurusu yap\u0131lm\u0131\u015ft\u0131.<\/span><\/strong><\/p>\n<p style=\"margin-bottom: 0.0001pt; text-align: justify; text-indent: 1cm; line-height: 16pt;\"><strong><span style=\"font-size: 16pt; font-family: 'Arial',sans-serif;\">AKP Bakanlar\u0131ndan, \u0130l ve \u0130l&ccedil;e ba\u015fkanlar\u0131ndan, Milletvekili yapt\u0131klar\u0131ndan ve yanda\u015f yazarlar\u0131ndan ka&ccedil; tanesi &ldquo;1 Dolarl\u0131k&rdquo; adamd\u0131?<\/span><\/strong><\/p>\n<p style=\"margin-bottom: 0.0001pt; text-align: justify; text-indent: 1cm; line-height: 16pt;\"><strong><span style=\"font-size: 14pt; font-family: 'Arial',sans-serif;\">Mehmet Altan<\/span><\/strong><strong><span style=\"font-size: 12pt; font-family: 'Arial',sans-serif;\">&#8216;\u0131n evindeki aramalarda FET&Ouml;&#8217;n&uuml;n &ouml;rg&uuml;t i&ccedil;erisinde \u015fifre olarak kulland\u0131\u011f\u0131 iddia edilen F serisi 1 Dolar &ccedil;\u0131km\u0131\u015ft\u0131. O anlar\u0131 polis kameras\u0131 saniye saniye kayda alm\u0131\u015ft\u0131<\/span><\/strong><span style=\"font-size: 12pt; font-family: 'Arial',sans-serif;\">. <strong>FET&Ouml;&rsquo;ye, bilerek isteyerek yard\u0131m etmek, darbe propagandas\u0131 yapmak ve darbeye i\u015ftirak su&ccedil;undan g&ouml;zalt\u0131na al\u0131nan Mehmet Altan&rsquo;\u0131n evinde 1 Amerikan Dolar\u0131 bulunmas\u0131na ili\u015fkin video g&ouml;r&uuml;nt&uuml;s&uuml; ortaya &ccedil;\u0131km\u0131\u015ft\u0131.<\/strong><\/span><\/p>\n<p style=\"margin-bottom: 0.0001pt; text-align: justify; text-indent: 1cm; line-height: 16pt;\"><strong><span style=\"font-size: 12pt; font-family: 'Arial',sans-serif;\">TRT&#8217;nin eski Haber Dairesi Ba\u015fkan\u0131 Nasuhi G&uuml;ng&ouml;r TRT&#8217;deki g&ouml;revinden istifa edip ayr\u0131lm\u0131\u015ft\u0131. Hakk\u0131nda ba\u015flat\u0131lan soru\u015fturma sonras\u0131 g&ouml;revinden istifa eden G&ouml;ng&ouml;r zehir zemberek a&ccedil;\u0131klamalar yapm\u0131\u015ft\u0131. <\/span><\/strong><strong><span style=\"font-size: 12pt; font-family: 'Arial',sans-serif;\">TRT&rsquo;nin eski Haber Dairesi Ba\u015fkan\u0131 Nasuhi G&uuml;ng&ouml;r: <em>&#8220;Bu s&uuml;re&ccedil;te kamuoyuyla baz\u0131 bilgi ve belgeleri payla\u015farak FET&Ouml;&rsquo;n&uuml;n TRT&rsquo;de nas\u0131l hal&acirc; pervas\u0131zca hareket etti\u011fini ortaya koyaca\u011f\u0131m&#8221;<\/em> diyerek kafalar\u0131 kar\u0131\u015ft\u0131rm\u0131\u015ft\u0131.<\/span><\/strong><\/p>\n<p style=\"margin-bottom: 0.0001pt; text-align: justify; text-indent: 1cm; line-height: 16pt;\"><strong><span style=\"font-size: 14pt; font-family: 'Arial',sans-serif;\">Ali Bayramo\u011flu Yeni \u015eafak&#8217;tan niye ayr\u0131lm\u0131\u015ft\u0131. Yeni darbe korkular\u0131 m\u0131 sarm\u0131\u015ft\u0131?<\/span><\/strong><\/p>\n<p style=\"margin-bottom: 0.0001pt; text-align: justify; text-indent: 1cm; line-height: 16pt;\"><strong><span style=\"font-size: 12pt; font-family: 'Arial',sans-serif;\">Yeni \u015eafak gazetesi ile Ali Bayramo\u011flu&#8217;nun yollar\u0131 ayr\u0131lm\u0131\u015ft\u0131. 15 y\u0131ld\u0131r Yeni \u015eafak gazetesinde k&ouml;\u015fe yazarl\u0131\u011f\u0131 yapan Ali Bayramo\u011flu ayr\u0131l\u0131k karar\u0131n\u0131 ve gerek&ccedil;esini Twitter hesab\u0131ndan yapt\u0131\u011f\u0131 a&ccedil;\u0131klamayla duyurmu\u015ftu. H&uuml;k&uuml;mete yak\u0131nl\u0131\u011f\u0131 ve &ouml;zellikle Erdo\u011fan hayranl\u0131\u011f\u0131 ile bilinen&nbsp;Yeni \u015eafak gazetesi yazar\u0131 Ali Bayramo\u011flu&#8217;nun bir s&uuml;redir Can D&uuml;ndar, akademisyenler, Ahmet ve Mehmet Altan karde\u015flere sahip &ccedil;\u0131kan yaz\u0131lar\u0131 gazete ile aras\u0131nda so\u011fuk r&uuml;zg&acirc;rlar esmesine neden oldu\u011fu konu\u015fulmaktayd\u0131. Ama daha derin kulislerde, Onun yeni bir darbeden ku\u015fkuland\u0131\u011f\u0131 konu\u015fulmaktayd\u0131.<\/span><\/strong><\/p>\n<p style=\"margin-bottom: 0.0001pt; text-align: justify; text-indent: 1cm; line-height: 16pt;\"><strong><span style=\"font-size: 16pt; font-family: 'Arial',sans-serif;\">Son uyar\u0131 ve dost hat\u0131rlatmas\u0131!<\/span><\/strong><\/p>\n<p style=\"margin-bottom: 0.0001pt; text-align: justify; text-indent: 1cm; line-height: 16pt;\"><strong><span style=\"font-size: 12pt; font-family: 'Arial',sans-serif;\">Cemaatle AKP&rsquo;nin 13 y\u0131ll\u0131k i\u015fbirli\u011finden haberdar olan kesim, t\u0131pk\u0131 &ldquo;Davos tiyatrosu&rdquo; gibi hakl\u0131 olarak Darbe olay\u0131na da &ldquo;kurgu&rdquo; g&ouml;z&uuml;yle bakabiliyorlard\u0131. Evet ortada bir Darbe giri\u015fimi vard\u0131, ama &ouml;nemli olan bu giri\u015fimin <\/span><\/strong><strong><em><span style=\"font-size: 12pt; font-family: 'Arial',sans-serif;\">&ldquo;b&uuml;t&uuml;nde yaln\u0131zca bir par&ccedil;a&rdquo;<\/span><\/em><\/strong><strong><span style=\"font-size: 12pt; font-family: 'Arial',sans-serif;\"> oldu\u011fu ger&ccedil;e\u011finin saklanmaya &ccedil;al\u0131\u015f\u0131lmas\u0131yd\u0131. Tarihten &ouml;rnekleyecek olursak Amerikan \u0130&ccedil; Sava\u015f\u0131&rsquo;nda da benzer bir tezg&acirc;h kurgulanm\u0131\u015ft\u0131. U\u015faklar\u0131 olan Mason localar\u0131n\u0131n yeralt\u0131 madenleri i&ccedil;in birbirine d&uuml;\u015fmesinin &ouml;n&uuml;n&uuml; a&ccedil;an Siyonizm; u\u015faklar\u0131n\u0131n bu sava\u015f\u0131ndan siyasi rant kazanm\u0131\u015ft\u0131. Siyonist odaklar\u0131n &uuml;lkemizde de y\u0131llar &ouml;nce kap\u0131\u015ft\u0131rmaya ba\u015flad\u0131\u011f\u0131 <\/span><\/strong><strong><span style=\"font-size: 14pt; font-family: 'Arial',sans-serif;\">iki i\u015fbirlik&ccedil;isinin sava\u015f\u0131ndan ve CIA&rsquo;n\u0131n planlad\u0131\u011f\u0131, &ccedil;ok \u015f&uuml;k&uuml;r <\/span><\/strong><strong><span style=\"font-size: 14pt; font-family: 'Arial',sans-serif;\">TSK&rsquo;n\u0131n<\/span><\/strong><strong><span style=\"font-size: 14pt; font-family: 'Arial',sans-serif;\"> bo\u015fa &ccedil;\u0131kard\u0131\u011f\u0131 bu d<\/span><\/strong><strong><span style=\"font-size: 14pt; font-family: 'Arial',sans-serif;\">arbe giri\u015fiminden de kendi hesab\u0131na k&acirc;rl\u0131 &ccedil;\u0131kmaya &ccedil;al\u0131\u015fmas\u0131 ola\u011fand\u0131<\/span><\/strong><strong><span style=\"font-size: 14pt; font-family: 'Arial',sans-serif;\">.<\/span><\/strong><\/p>\n<p style=\"margin-bottom: 0.0001pt; text-align: justify; text-indent: 1cm; line-height: 16pt;\"><strong><span style=\"font-size: 12pt; font-family: 'Arial',sans-serif;\">Ortada &ccedil;ok y&ouml;nl&uuml; bir tahrip vard\u0131; bunlardan biri TSK&rsquo;y\u0131 y\u0131pratmak; zay\u0131f noktalar\u0131n\u0131, a&ccedil;\u0131klar\u0131n\u0131 bulmak, s\u0131zmak ve kontrol alt\u0131na almakt\u0131. Ama yetkili zevat\u0131n &ccedil;\u0131karaca\u011f\u0131 ders <\/span><\/strong><strong><span style=\"font-size: 14pt; font-family: 'Arial',sans-serif;\">olduk&ccedil;a a&ccedil;\u0131kt\u0131<\/span><\/strong><strong><span style=\"font-size: 12pt; font-family: 'Arial',sans-serif;\">: \u0130srail&rsquo;le yapt\u0131\u011f\u0131 dansa g&uuml;venmek tarihi bir hata, vicdani bir vartayd\u0131! U\u011fruna Irak ve Libya&rsquo;n\u0131n i\u015fgaline yard\u0131m etti\u011fi Siyonizm; di\u011fer i\u015fbirlik&ccedil;isi FET&Ouml; ile kendisini &ouml;ld&uuml;rmeye bile kalk\u0131\u015fm\u0131\u015ft\u0131!?<\/span><\/strong><\/p>\n<p style=\"margin-bottom: 0.0001pt; text-align: justify; text-indent: 1cm; line-height: 16pt;\"><strong><span style=\"font-size: 12pt; font-family: 'Arial',sans-serif;\">Yapt\u0131\u011f\u0131 tahripk&acirc;r ve tavizkar politikalar nedeniyle art\u0131k <\/span><\/strong><strong><span style=\"font-size: 14pt; font-family: 'Arial',sans-serif;\">\u0130ki arada bir derede <\/span><\/strong><strong><span style=\"font-size: 12pt; font-family: 'Arial',sans-serif;\">kalan kahramanlara baz\u0131 hat\u0131rlatmalar\u0131m\u0131z olacakt\u0131: Bizler kaypak ve yanda\u015f kalemler gibi <\/span><\/strong><strong><em><span style=\"font-size: 12pt; font-family: 'Arial',sans-serif;\">&ldquo;\u0130ktidar kurmaylar\u0131 Davos&rsquo;tan sonra ABD&rsquo;nin g&uuml;d&uuml;m&uuml;nden &ccedil;\u0131kt\u0131; kendi stratejisini y&uuml;r&uuml;tmeye ba\u015flad\u0131&rdquo; <\/span><\/em><\/strong><strong><span style=\"font-size: 12pt; font-family: 'Arial',sans-serif;\">balonunu tekrarlamayaca\u011f\u0131z. &Ccedil;&uuml;nk&uuml; bu z\u0131rvac\u0131lar; Davos&rsquo;tan &ouml;nce de Erdo\u011fan&rsquo;a k\u0131l\u0131f buluyorlard\u0131. Kald\u0131 ki bunlar BOP tehdidi kar\u015f\u0131s\u0131nda &ldquo;elle tutulur&rdquo; hangi milli stratejiyi ortaya koymu\u015flard\u0131? B\u0131rak\u0131n BOP&rsquo;a kar\u015f\u0131 stratejiyi; \u0130srail&rsquo;in en rahat &ldquo;&ccedil;al\u0131\u015ft\u0131\u011f\u0131 kurum&rdquo; hal&acirc; AKP iktidar\u0131yd\u0131. Davos&rsquo;tan sonraki <\/span><\/strong><strong><span style=\"font-size: 14pt; font-family: 'Arial',sans-serif;\">tek fark<\/span><\/strong><strong><span style=\"font-size: 12pt; font-family: 'Arial',sans-serif;\">; bunlar\u0131n BOP hizmetine &ldquo;mazlum M&uuml;sl&uuml;manlar\u0131n koruyucusu&rdquo; imaj\u0131yla ivme kazand\u0131rmalar\u0131yd\u0131. Biz balonlara de\u011fil; icraatlara bakmal\u0131y\u0131z: B&uuml;y&uuml;k \u0130srail i&ccedil;in Irak ve Libya&rsquo;y\u0131 bombalatan kahramanlar; ayn\u0131 BOP i&ccedil;in bu kez Suriye ve M\u0131s\u0131r&rsquo;\u0131n kar\u0131\u015ft\u0131r\u0131lmas\u0131nda g&ouml;rev alm\u0131\u015flard\u0131. <\/span><\/strong><strong><span style=\"font-size: 12pt; font-family: 'Arial',sans-serif;\">Yanda\u015f kalemler gibi d&uuml;\u015f&uuml;nmedi\u011fimizi vurgulad\u0131k; fakat bizler AKP&rsquo;li kurmaylar\u0131n baz\u0131 politikalar\u0131nda <\/span><\/strong><strong><span style=\"font-size: 14pt; font-family: 'Arial',sans-serif;\">Mecburiyetten &ouml;t&uuml;r&uuml; milli g&uuml;&ccedil;lerin g&uuml;d&uuml;m&uuml;ne<\/span><\/strong><strong><span style=\"font-size: 12pt; font-family: 'Arial',sans-serif;\"> s\u0131\u011f\u0131nd\u0131\u011f\u0131 kanaatini ta\u015f\u0131maktay\u0131z. \u015e&ouml;yle ki; kendisi hal&acirc; <\/span><\/strong><strong><span style=\"font-size: 14pt; font-family: 'Arial',sans-serif;\">A&ccedil;\u0131l\u0131m <\/span><\/strong><strong><span style=\"font-size: 12pt; font-family: 'Arial',sans-serif;\">derdinde iken, TSK h&uuml;k&uuml;metten YPG&rsquo;ye kar\u015f\u0131 operasyonlar i&ccedil;in izin istemi\u015f ama sadece bir k\u0131sm\u0131na &ldquo;olur&rdquo; &ccedil;\u0131km\u0131\u015ft\u0131r. Fakat TSK bunlara ra\u011fmen operasyonlara ba\u015flam\u0131\u015f ve kahramanlar\u0131m\u0131z da imaj &ldquo;kurtarma gere\u011fi&rdquo; bu operasyonlar\u0131 sahiplenmek zorunda kalm\u0131\u015ft\u0131r.<\/span><\/strong><\/p>\n<p style=\"margin-bottom: 0.0001pt; text-align: justify; text-indent: 1cm; line-height: 16pt;\"><strong><span style=\"font-size: 12pt; font-family: 'Arial',sans-serif;\">Evet, Erdo\u011fan&rsquo;\u0131n baz\u0131 politikalar\u0131nda zorunluluktan &ouml;t&uuml;r&uuml; milli g&uuml;&ccedil;lerin g&uuml;d&uuml;m&uuml;ne girdi\u011fi anla\u015f\u0131lmaktad\u0131r. Bunu do\u011furan sebep milli derin g&uuml;c&uuml;n mecbur b\u0131rakmas\u0131d\u0131r. Lakin ihtimal de\u011fil kesin olan tek \u015fey vard\u0131r; Darbeyle y\u0131prat\u0131ls\u0131n veya iktidarda kals\u0131n, ge&ccedil;mi\u015fte hizmet ettikleri Siyonizm taraf\u0131ndan herkesin sonunda zarara u\u011frat\u0131laca\u011f\u0131d\u0131r. Bu y&uuml;zden kahramanlar\u0131m\u0131z\u0131n, Milli G&uuml;&ccedil;lerin &ccedil;izgisinde kalmay\u0131 s&uuml;rd&uuml;rmeleri kendi &ccedil;\u0131karlar\u0131 icab\u0131d\u0131r. &Ccedil;&uuml;nk&uuml; \u0130srail-ABD kulland\u0131\u011f\u0131 i\u015fbirlik&ccedil;ilere i\u015fleri bitince asla ac\u0131mamaktad\u0131r. Zaten kendi hayatlar\u0131na kasteden darbe giri\u015fimi bunun en a&ccedil;\u0131k kan\u0131t\u0131d\u0131r!<\/span><\/strong><\/p>\n<p style=\"margin-bottom: 0.0001pt; text-align: justify; text-indent: 1cm; line-height: 16pt;\"><strong><span style=\"font-size: 12pt; font-family: 'Arial',sans-serif;\"><\/span><\/strong><\/p>\n<p>&nbsp;<\/p>\n<hr style=\"text-align: left;\" width=\"33%\" size=\"1\" \/>\n<p style=\"margin-bottom: 0.0001pt; line-height: normal;\"><a href=\"#ftnref1\" id=\"ftn1\" style=\"vertical-align: super;\">[1]<\/a><span style=\"font-size: 9pt; font-family: 'Arial',sans-serif;\"> 20.09.2016 H&uuml;rriyet<\/span><\/p>\n<p style=\"margin-bottom: 0.0001pt; line-height: normal;\"><a href=\"#ftnref2\" id=\"ftn2\" style=\"vertical-align: super;\">[2]<\/a><span style=\"font-size: 9pt; font-family: 'Arial',sans-serif;\"> Mahmut &Ouml;v&uuml;r \/ 24 09 2016 \/ Sabah<\/span><\/p>\n","protected":false},"excerpt":{"rendered":"<p>Daha &ouml;nce de yeri geldik&ccedil;e hat\u0131rlatm\u0131\u015ft\u0131k; Dini cemaat ve tarikatlar \u0130slam ovalar\u0131na-ortamlar\u0131na su ta\u015f\u0131yan kanallar konumundad\u0131r, bunlara elbette ve herhalde ihtiya&ccedil; vard\u0131r. Bu hayat ve huzur suyu kanallar\u0131n\u0131n t\u0131kanmas\u0131-kapat\u0131lmas\u0131 M&uuml;sl&uuml;man topluluklar\u0131n (ba\u011flar\u0131n, bah&ccedil;elerin, tarlalar\u0131n) susuz kalmas\u0131 ve &ccedil;orakla\u015f\u0131p kurumas\u0131 sonucunu do\u011furacakt\u0131r. Ancak &ldquo;hayat suyu ve \u0130slam \u015fuuru ta\u015f\u0131y\u0131c\u0131s\u0131&rdquo; konumundaki bu kanallara la\u011f\u0131m sular\u0131n\u0131n s\u0131zd\u0131r\u0131lmas\u0131 veya [&hellip;]<\/p>\n","protected":false},"author":12,"featured_media":0,"comment_status":"open","ping_status":"closed","sticky":false,"template":"","format":"standard","meta":{"footnotes":""},"categories":[195],"tags":[],"class_list":["post-4026","post","type-post","status-publish","format-standard","hentry","category-aralik-2016"],"_links":{"self":[{"href":"https:\/\/www.millicozum.com\/mc\/wp-json\/wp\/v2\/posts\/4026","targetHints":{"allow":["GET"]}}],"collection":[{"href":"https:\/\/www.millicozum.com\/mc\/wp-json\/wp\/v2\/posts"}],"about":[{"href":"https:\/\/www.millicozum.com\/mc\/wp-json\/wp\/v2\/types\/post"}],"author":[{"embeddable":true,"href":"https:\/\/www.millicozum.com\/mc\/wp-json\/wp\/v2\/users\/12"}],"replies":[{"embeddable":true,"href":"https:\/\/www.millicozum.com\/mc\/wp-json\/wp\/v2\/comments?post=4026"}],"version-history":[{"count":0,"href":"https:\/\/www.millicozum.com\/mc\/wp-json\/wp\/v2\/posts\/4026\/revisions"}],"wp:attachment":[{"href":"https:\/\/www.millicozum.com\/mc\/wp-json\/wp\/v2\/media?parent=4026"}],"wp:term":[{"taxonomy":"category","embeddable":true,"href":"https:\/\/www.millicozum.com\/mc\/wp-json\/wp\/v2\/categories?post=4026"},{"taxonomy":"post_tag","embeddable":true,"href":"https:\/\/www.millicozum.com\/mc\/wp-json\/wp\/v2\/tags?post=4026"}],"curies":[{"name":"wp","href":"https:\/\/api.w.org\/{rel}","templated":true}]}}