{"id":407,"date":"2006-11-27T14:52:46","date_gmt":"2006-11-27T14:52:46","guid":{"rendered":"https:\/\/www.millicozum.com\/mc\/2006\/11\/27\/elden-gor\/"},"modified":"2006-11-27T14:52:46","modified_gmt":"2006-11-27T14:52:46","slug":"elden-gidiyor","status":"publish","type":"post","link":"https:\/\/www.millicozum.com\/mc\/2005\/agustos-2005\/elden-gidiyor\/","title":{"rendered":"ELDEN G\u0130D\u0130YOR!"},"content":{"rendered":"\n<p>\u00a0<\/p>\n<p style=\"margin-bottom: 0cm; text-align: justify; text-indent: 5cm; line-height: normal;\"><strong><span style=\"font-size: 20pt; font-family: 'Arial', sans-serif;\">ELDEN G\u0130D\u0130YOR!<\/span><\/strong><\/p>\n<p style=\"margin-bottom: 0cm; text-align: justify; text-indent: 5cm; line-height: normal;\"><strong><span style=\"font-size: 20pt; font-family: 'Arial', sans-serif;\">\u00a0\u00a0\u00a0\u00a0\u00a0\u00a0\u00a0\u00a0 <\/span><\/strong><\/p>\n<p style=\"margin-bottom: 0cm; text-align: justify; text-indent: 4cm; line-height: 150%;\"><strong><span style=\"font-size: 14pt; line-height: 150%; font-family: 'Arial', sans-serif;\">Ey evlad\u0131 Fatihan, ey ehli vicdan,<\/span><\/strong><\/p>\n<p style=\"margin-bottom: 0cm; text-align: justify; text-indent: 4cm; line-height: 150%;\"><strong><span style=\"font-size: 14pt; line-height: 150%; font-family: 'Arial', sans-serif;\">\u015eakas\u0131 yok ha vatan; elden gidiyor!..<\/span><\/strong><\/p>\n<p style=\"margin-bottom: 0cm; text-align: justify; text-indent: 4cm; line-height: 150%;\"><strong><span style=\"font-size: 14pt; line-height: 150%; font-family: 'Arial', sans-serif;\">Bu \u00e7a\u011fr\u0131y\u0131 duymaz ki; esir-i c\u00fczdan<\/span><\/strong><\/p>\n<p style=\"margin-bottom: 0cm; text-align: justify; text-indent: 4cm; line-height: 150%;\"><strong><span style=\"font-size: 14pt; line-height: 150%; font-family: 'Arial', sans-serif;\">Bir gaflete kap\u0131lm\u0131\u015f, selden gidiyor!..<\/span><\/strong><\/p>\n<p style=\"margin-bottom: 0cm; text-align: justify; text-indent: 4cm; line-height: 150%;\"><strong><span style=\"font-size: 14pt; line-height: 150%; font-family: 'Arial', sans-serif;\">\u00a0\u00a0\u00a0\u00a0\u00a0\u00a0\u00a0\u00a0 <\/span><\/strong><\/p>\n<p style=\"margin-bottom: 0cm; text-align: justify; text-indent: 4cm; line-height: 150%;\"><strong><span style=\"font-size: 14pt; line-height: 150%; font-family: 'Arial', sans-serif;\">\u0130ktidar m\u0131 kukla m\u0131; oynar komedya<\/span><\/strong><\/p>\n<p style=\"margin-bottom: 0cm; text-align: justify; text-indent: 4cm; line-height: 150%;\"><strong><span style=\"font-size: 14pt; line-height: 150%; font-family: 'Arial', sans-serif;\">NATO&rsquo;ya kap\u0131lanm\u0131\u015f, Kaptan-\u0131 Derya<\/span><\/strong><\/p>\n<p style=\"margin-bottom: 0cm; text-align: justify; text-indent: 4cm; line-height: 150%;\"><strong><span style=\"font-size: 14pt; line-height: 150%; font-family: 'Arial', sans-serif;\">Manadan nasipsiz, marazl\u0131 medya<\/span><\/strong><\/p>\n<p style=\"margin-bottom: 0cm; text-align: justify; text-indent: 4cm; line-height: 150%;\"><strong><span style=\"font-size: 14pt; line-height: 150%; font-family: 'Arial', sans-serif;\">Uyan; t\u00f6re, terbiye, telden gidiyor!..<\/span><\/strong><\/p>\n<p style=\"margin-bottom: 0cm; text-align: justify; text-indent: 4cm; line-height: 150%;\"><strong><span style=\"font-size: 14pt; line-height: 150%; font-family: 'Arial', sans-serif;\">\u00a0\u00a0\u00a0\u00a0\u00a0\u00a0\u00a0\u00a0 <\/span><\/strong><\/p>\n<p style=\"margin-bottom: 0cm; text-align: justify; text-indent: 4cm; line-height: 150%;\"><strong><span style=\"font-size: 14pt; line-height: 150%; font-family: 'Arial', sans-serif;\">Bu h\u0131yanet sebebi senin reyindir<\/span><\/strong><\/p>\n<p style=\"margin-bottom: 0cm; text-align: justify; text-indent: 4cm; line-height: 150%;\"><strong><span style=\"font-size: 14pt; line-height: 150%; font-family: 'Arial', sans-serif;\">Bak, g\u00e2vura ser\u00e7e, bize \u015fahindir<\/span><\/strong><\/p>\n<p style=\"margin-bottom: 0cm; text-align: justify; text-indent: 4cm; line-height: 150%;\"><strong><span style=\"font-size: 14pt; line-height: 150%; font-family: 'Arial', sans-serif;\">Gayr\u0131, bor\u00e7 bata\u011f\u0131nda, \u00fclkem rehindir<\/span><\/strong><\/p>\n<p style=\"margin-bottom: 0cm; text-align: justify; text-indent: 4cm; line-height: 150%;\"><strong><span style=\"font-size: 14pt; line-height: 150%; font-family: 'Arial', sans-serif;\">IMF sa\u011f\u0131yor, Ay-cel&rsquo;den gidiyor!..<\/span><\/strong><\/p>\n<p style=\"margin-bottom: 0cm; text-align: justify; text-indent: 4cm; line-height: 150%;\"><strong><span style=\"font-size: 14pt; line-height: 150%; font-family: 'Arial', sans-serif;\">\u00a0\u00a0\u00a0\u00a0\u00a0\u00a0\u00a0\u00a0 <\/span><\/strong><\/p>\n<p style=\"margin-bottom: 0cm; text-align: justify; text-indent: 4cm; line-height: 150%;\"><strong><span style=\"font-size: 14pt; line-height: 150%; font-family: 'Arial', sans-serif;\">Fitne fuhu\u015f salg\u0131n\u0131, T\u00fcrk-K\u00fcrt kavgas\u0131<\/span><\/strong><\/p>\n<p style=\"margin-bottom: 0cm; text-align: justify; text-indent: 4cm; line-height: 150%;\"><strong><span style=\"font-size: 14pt; line-height: 150%; font-family: 'Arial', sans-serif;\">\u00dclkemi dinamitler, g\u00e2vur d\u0131\u011fas\u0131<\/span><\/strong><\/p>\n<p style=\"margin-bottom: 0cm; text-align: justify; text-indent: 4cm; line-height: 150%;\"><strong><span style=\"font-size: 14pt; line-height: 150%; font-family: 'Arial', sans-serif;\">Y\u00f6neticiler sanki; k\u0131zlar a\u011fas\u0131<\/span><\/strong><\/p>\n<p style=\"margin-bottom: 0cm; text-align: justify; text-indent: 4cm; line-height: 150%;\"><strong><span style=\"font-size: 14pt; line-height: 150%; font-family: 'Arial', sans-serif;\">C\u00fcce&rsquo;den, d\u0131rez&rsquo;den ve kel&rsquo;den gidiyor!..<\/span><\/strong><\/p>\n<p style=\"margin-bottom: 0cm; text-align: justify; text-indent: 4cm; line-height: 150%;\"><strong><span style=\"font-size: 14pt; line-height: 150%; font-family: 'Arial', sans-serif;\">\u00a0\u00a0\u00a0\u00a0\u00a0\u00a0\u00a0\u00a0 <\/span><\/strong><\/p>\n<p style=\"margin-bottom: 0cm; text-align: justify; text-indent: 4cm; line-height: 150%;\"><strong><span style=\"font-size: 14pt; line-height: 150%; font-family: 'Arial', sans-serif;\">Canlar, gel bir olal\u0131m, sahip \u00e7\u0131kal\u0131m<\/span><\/strong><\/p>\n<p style=\"margin-bottom: 0cm; text-align: justify; text-indent: 4cm; line-height: 150%;\"><strong><span style=\"font-size: 14pt; line-height: 150%; font-family: 'Arial', sans-serif;\">Bu Siyonist tuza\u011f\u0131, kepten y\u0131kal\u0131m<\/span><\/strong><\/p>\n<p style=\"margin-bottom: 0cm; text-align: justify; text-indent: 4cm; line-height: 150%;\"><strong><span style=\"font-size: 14pt; line-height: 150%; font-family: 'Arial', sans-serif;\">Devrilmeden; surdaki gedik, t\u0131kal\u0131m&hellip;<\/span><\/strong><\/p>\n<p style=\"margin-bottom: 0cm; text-align: justify; text-indent: 4cm; line-height: 150%;\"><strong><span style=\"font-size: 14pt; line-height: 150%; font-family: 'Arial', sans-serif;\">Takatimiz bacaktan, belden, gidiyor!..<\/span><\/strong><\/p>\n<p style=\"margin-bottom: 0cm; text-align: justify; text-indent: 4cm; line-height: 150%;\"><strong><span style=\"font-size: 14pt; line-height: 150%; font-family: 'Arial', sans-serif;\">\u00a0\u00a0\u00a0\u00a0\u00a0\u00a0\u00a0\u00a0 <\/span><\/strong><\/p>\n<p style=\"margin-bottom: 0cm; text-align: justify; text-indent: 134.7pt; line-height: 150%;\"><strong><span style=\"font-size: 10.5pt; line-height: 150%; font-family: 'Arial', sans-serif;\"><\/span><\/strong><\/p>\n<p style=\"margin-bottom: 0cm; text-align: justify; line-height: 12pt;\"><strong><span style=\"font-size: 10pt; font-family: 'Arial', sans-serif;\"><\/span><\/strong><\/p>\n","protected":false},"excerpt":{"rendered":"<p>\u00a0 ELDEN G\u0130D\u0130YOR! \u00a0\u00a0\u00a0\u00a0\u00a0\u00a0\u00a0\u00a0 Ey evlad\u0131 Fatihan, ey ehli vicdan, \u015eakas\u0131 yok ha vatan; elden gidiyor!.. Bu \u00e7a\u011fr\u0131y\u0131 duymaz ki; esir-i c\u00fczdan Bir gaflete kap\u0131lm\u0131\u015f, selden gidiyor!.. \u00a0\u00a0\u00a0\u00a0\u00a0\u00a0\u00a0\u00a0 \u0130ktidar m\u0131 kukla m\u0131; oynar komedya NATO&rsquo;ya kap\u0131lanm\u0131\u015f, Kaptan-\u0131 Derya Manadan nasipsiz, marazl\u0131 medya Uyan; t\u00f6re, terbiye, telden gidiyor!.. \u00a0\u00a0\u00a0\u00a0\u00a0\u00a0\u00a0\u00a0 Bu h\u0131yanet sebebi senin reyindir Bak, g\u00e2vura [&hellip;]<\/p>\n","protected":false},"author":10,"featured_media":0,"comment_status":"open","ping_status":"closed","sticky":false,"template":"","format":"standard","meta":{"footnotes":""},"categories":[45],"tags":[],"class_list":["post-407","post","type-post","status-publish","format-standard","hentry","category-agustos-2005"],"_links":{"self":[{"href":"https:\/\/www.millicozum.com\/mc\/wp-json\/wp\/v2\/posts\/407","targetHints":{"allow":["GET"]}}],"collection":[{"href":"https:\/\/www.millicozum.com\/mc\/wp-json\/wp\/v2\/posts"}],"about":[{"href":"https:\/\/www.millicozum.com\/mc\/wp-json\/wp\/v2\/types\/post"}],"author":[{"embeddable":true,"href":"https:\/\/www.millicozum.com\/mc\/wp-json\/wp\/v2\/users\/10"}],"replies":[{"embeddable":true,"href":"https:\/\/www.millicozum.com\/mc\/wp-json\/wp\/v2\/comments?post=407"}],"version-history":[{"count":0,"href":"https:\/\/www.millicozum.com\/mc\/wp-json\/wp\/v2\/posts\/407\/revisions"}],"wp:attachment":[{"href":"https:\/\/www.millicozum.com\/mc\/wp-json\/wp\/v2\/media?parent=407"}],"wp:term":[{"taxonomy":"category","embeddable":true,"href":"https:\/\/www.millicozum.com\/mc\/wp-json\/wp\/v2\/categories?post=407"},{"taxonomy":"post_tag","embeddable":true,"href":"https:\/\/www.millicozum.com\/mc\/wp-json\/wp\/v2\/tags?post=407"}],"curies":[{"name":"wp","href":"https:\/\/api.w.org\/{rel}","templated":true}]}}