{"id":4094,"date":"2016-12-31T09:07:28","date_gmt":"2016-12-31T09:07:28","guid":{"rendered":"https:\/\/www.millicozum.com\/mc\/2016\/12\/31\/ataturku-dogru-anlamak-ve-uygun-tanitmak-2\/"},"modified":"2016-12-31T09:07:28","modified_gmt":"2016-12-31T09:07:28","slug":"ataturku-dogru-anlamak-ve-uygun-tanitmak-2","status":"publish","type":"post","link":"https:\/\/www.millicozum.com\/mc\/ozel-yazilar\/ataturku-dogru-anlamak-ve-uygun-tanitmak-2\/","title":{"rendered":"ATAT\u00dcRK\u2019\u00dc DO\u011eRU ANLAMAK VE UYGUN TANITMAK (2)"},"content":{"rendered":"\n<p style=\"margin-bottom: 0.0001pt; text-align: justify; text-indent: 1cm; line-height: 16pt;\"><strong><span style=\"font-size: 12pt; font-family: 'Arial',sans-serif;\">\u25cf <\/span><\/strong><strong><span style=\"font-size: 14pt; font-family: 'Arial',sans-serif;\">Ve MUSTAFA KEMAL; \u015fanl\u0131 Kurtulu\u015f ve yeniden kurulu\u015f M&uuml;cadelemizin &ouml;nc&uuml; \u015fahsiyeti; tarihi direni\u015f ve talihli dirili\u015f hamlemizin simgesidir; bu nedenle iki t&uuml;rl&uuml; istismar edilir:<\/span><\/strong><\/p>\n<p style=\"margin-bottom: 0.0001pt; text-align: justify; text-indent: 1cm; line-height: 16pt;\"><strong><span style=\"font-size: 12pt; font-family: 'Arial',sans-serif;\">1- Kimileri Mustafa Kemal&rsquo;i tabula\u015ft\u0131r\u0131p, putla\u015ft\u0131r\u0131p, hatta bazen tanr\u0131la\u015ft\u0131r\u0131p; kendi dinsiz ve Darwinist ideolojilerine ve masonik hedeflerine Atat&uuml;rk&rsquo;&uuml; alet ve toplumu nefret ettirmektedir.<\/span><\/strong><\/p>\n<p style=\"margin-bottom: 0.0001pt; text-align: justify; text-indent: 1cm; line-height: 16pt;\"><strong><span style=\"font-size: 12pt; font-family: 'Arial',sans-serif;\">2- Ama kimileri de, Atat&uuml;rk&rsquo;&uuml; din d&uuml;\u015fman\u0131 g&ouml;sterip, halk\u0131m\u0131za Onun rejiminden kurtaracaklar\u0131n\u0131 vaad edip; emperyalizm ve Siyonizm u\u015fakl\u0131klar\u0131na sahte dindarl\u0131klar\u0131n\u0131 bir k\u0131l\u0131f olarak ge&ccedil;irmektedir.<\/span><\/strong><\/p>\n<p style=\"margin-bottom: 0.0001pt; text-align: justify; text-indent: 1cm; line-height: 16pt;\"><strong><span style=\"font-size: 12pt; font-family: 'Arial',sans-serif;\">Oysa Atat&uuml;rk \u0130slam&rsquo;a de\u011fil, yozla\u015fm\u0131\u015f baz\u0131 kurallara ve kofla\u015fm\u0131\u015f kurumlara kar\u015f\u0131 birisidir. &ldquo;\u015eeriat&rdquo; diye on &uuml;&ccedil; as\u0131r &ouml;ncesi Emevi, Abbasi, Sel&ccedil;uklu ve Osmanl\u0131 d&ouml;neminin \u015fartlar\u0131 ve ihtiya&ccedil;lar\u0131 i&ccedil;in Kur&rsquo;an ve S&uuml;nnetten &ccedil;\u0131kar\u0131lan fetvalar\u0131 bug&uuml;ne aynen uygulamaya kalk\u0131\u015fmak divaneliktir ve m&uuml;mk&uuml;n de\u011fildir. Ancak: Akl\u0131 Selimin, M&uuml;sbet Bilimin, Vicdani Tatmin ve Kanaatin, Tarihi Birikimin, Kur&rsquo;an&rsquo;\u0131 Kerim&rsquo;in ve Peygamber &ouml;\u011fretilerinin, hepsinin ortakla\u015fa gerekli, g&uuml;zel ve yararl\u0131 buldu\u011fu do\u011frular\u0131 esas alarak ve bunlara ayk\u0131r\u0131 yanl\u0131\u015flardan sak\u0131narak, &ccedil;a\u011f\u0131m\u0131z\u0131n ihtiya&ccedil;lar\u0131na ve Milli yap\u0131m\u0131za uygun Adil bir D&uuml;zen kurmam\u0131z; b&ouml;ylece Din ile Devleti kar\u0131\u015ft\u0131rmak de\u011fil, ama bar\u0131\u015ft\u0131rmam\u0131z ve ge&ccedil;mi\u015fimizle gelece\u011fimizi uzla\u015ft\u0131rmam\u0131z &ouml;nemlidir. <\/span><\/strong><\/p>\n<p style=\"margin-bottom: 0.0001pt; text-align: justify; text-indent: 1cm; line-height: 16pt;\"><strong><span style=\"font-size: 14pt; font-family: 'Arial',sans-serif;\">Mustafa Kemal&rsquo;in samimi inanc\u0131n\u0131n, Allah&rsquo;a ba\u011fl\u0131l\u0131\u011f\u0131n\u0131n ve Kur&rsquo;an&rsquo;a sayg\u0131s\u0131n\u0131n resmi tescilli belgesi \u0130stiklal Mar\u015f\u0131m\u0131zd\u0131r.<\/span><\/strong><span style=\"font-size: 14pt; font-family: 'Arial',sans-serif;\"> <\/span><span style=\"font-size: 12pt; font-family: 'Arial',sans-serif;\">&Ccedil;&uuml;nk&uuml; <strong><em>&ldquo;Bu Ezanlar ki, \u015fahadetleri dinin temeli, Ebedi yurdumun &uuml;st&uuml;nde benim inlemeli&rdquo; <\/em><\/strong>dizelerini bar\u0131nd\u0131ran Mehmet Akif&rsquo;in \u015fiirini, y&uuml;zlerce \u015fiir aras\u0131ndan &ouml;zellikle ve bilin&ccedil;le se&ccedil;mi\u015ftir. Merhum Mehmet Akif Ersoy&rsquo;un \u0130stiklal Mar\u015f\u0131m\u0131zdaki <strong><em>&ldquo;kahraman \u0131rk\u0131ma bir g&uuml;l&rdquo;<\/em><\/strong> dizelerindeki ifadeleri asla \u0131rk&ccedil;\u0131l\u0131k kas\u0131tl\u0131 de\u011fil, T&uuml;rklerin kahramanl\u0131k damar\u0131n\u0131 vurgulamak ve kam&ccedil;\u0131lamak i&ccedil;indir. &Ccedil;&uuml;nk&uuml; Akif&rsquo;in \u0131rk&ccedil;\u0131l\u0131\u011f\u0131 reddedip lanetleyen \u015fu m\u0131sralar\u0131 Onun m&uuml;spet milliyet&ccedil;ilik kanaatinin belgesidir:<\/span><\/p>\n<p style=\"margin-bottom: 0.0001pt; text-align: justify; text-indent: 1cm; line-height: 16pt;\"><strong><em><span style=\"font-size: 12pt; font-family: 'Arial',sans-serif;\">&ldquo;Hani, milliyetin \u0130SLAM idi&hellip; Kavmiyet ne?<\/span><\/em><\/strong><\/p>\n<p style=\"margin-bottom: 0.0001pt; text-align: justify; text-indent: 1cm; line-height: 16pt;\"><strong><em><span style=\"font-size: 12pt; font-family: 'Arial',sans-serif;\">Sar\u0131l\u0131p s\u0131ms\u0131k\u0131 dursayd\u0131n a milliyetine&hellip;<\/span><\/em><\/strong><\/p>\n<p style=\"margin-bottom: 0.0001pt; text-align: justify; text-indent: 1cm; line-height: 16pt;\"><strong><em><span style=\"font-size: 12pt; font-family: 'Arial',sans-serif;\">&ldquo;Arnavutluk&rdquo; ne demek? Var m\u0131 \u015feraitte yeri?<\/span><\/em><\/strong><\/p>\n<p style=\"margin-bottom: 0.0001pt; text-align: justify; text-indent: 1cm; line-height: 16pt;\"><strong><em><span style=\"font-size: 12pt; font-family: 'Arial',sans-serif;\">K&uuml;fr olur, ba\u015fka de\u011fil, kavmini s&uuml;rmek ileri!<\/span><\/em><\/strong><\/p>\n<p style=\"margin-bottom: 0.0001pt; text-align: justify; text-indent: 1cm; line-height: 16pt;\"><strong><em><span style=\"font-size: 12pt; font-family: 'Arial',sans-serif;\">Arab\u0131n T&uuml;rk&rsquo;e; Laz&rsquo;\u0131n &Ccedil;erkes&rsquo;e, yahud K&uuml;rt&rsquo;e;<\/span><\/em><\/strong><\/p>\n<p style=\"margin-bottom: 0.0001pt; text-align: justify; text-indent: 1cm; line-height: 16pt;\"><strong><em><span style=\"font-size: 12pt; font-family: 'Arial',sans-serif;\">Acemin &Ccedil;inliye r&uuml;chan\u0131 varm\u0131\u015f? Nerde!<\/span><\/em><\/strong><\/p>\n<p style=\"margin-bottom: 0.0001pt; text-align: justify; text-indent: 1cm; line-height: 16pt;\"><strong><em><span style=\"font-size: 12pt; font-family: 'Arial',sans-serif;\">M&uuml;sl&uuml;manl\u0131kta &ldquo;anas\u0131r&rdquo; (\u0131rk&ccedil;\u0131l\u0131k) m\u0131 olurmu\u015f? Ne gezer!<\/span><\/em><\/strong><\/p>\n<p style=\"margin-bottom: 0.0001pt; text-align: justify; text-indent: 1cm; line-height: 16pt;\"><strong><em><span style=\"font-size: 12pt; font-family: 'Arial',sans-serif;\">Fikri kavmiyeti tel&rsquo;in ediyor Peygamber&rdquo;<\/span><\/em><\/strong><\/p>\n<p style=\"margin-bottom: 0.0001pt; text-align: justify; text-indent: 1cm; line-height: 16pt;\"><strong><span style=\"font-size: 14pt; font-family: 'Arial',sans-serif;\">Atat&uuml;rk&rsquo;&uuml;n Milli tarih kavram\u0131n\u0131 kurumla\u015ft\u0131rmas\u0131<\/span><\/strong><\/p>\n<p style=\"margin-bottom: 0.0001pt; text-align: justify; text-indent: 1cm; line-height: 16pt;\"><strong><span style=\"font-size: 12pt; font-family: 'Arial',sans-serif;\">Tarih bir milletin ortak beyni ve birikimidir. Geni\u015f bir hende\u011fi atlamak i&ccedil;in h\u0131zlanmak &uuml;zere biraz geriye gidildi\u011fi gibi, yeni ve Milli at\u0131l\u0131mlar i&ccedil;in de tarihimizden h\u0131z ve heyecan almam\u0131z ve gelece\u011fi ge&ccedil;mi\u015fin &uuml;zerine kurmam\u0131z gerekir. Bu nedenle &ouml;zellikle yak\u0131n ge&ccedil;mi\u015fimizdeki, &ouml;rne\u011fin Sultan Vahdettin&rsquo;le Mustafa Kemal gibi \u015fahsiyetleri d&uuml;\u015fman g&ouml;sterip bo\u011fu\u015fturmak yerine, onlar\u0131 uyu\u015fturmak ve kutlu gelecek in\u015fas\u0131na uygun yorumlamak daha hay\u0131rl\u0131 ve yararl\u0131 bir d&uuml;\u015f&uuml;ncedir. Yoksa bir taraf\u0131n birisini hain, kar\u015f\u0131 taraf\u0131n di\u011ferini k&acirc;fir sayd\u0131\u011f\u0131 ve kampla\u015ft\u0131\u011f\u0131 bir toplum, mutlu ve g&uuml;&ccedil;l&uuml; ortak bir gelecek nas\u0131l in\u015fa edecektir?<\/span><\/strong><\/p>\n<p style=\"margin-bottom: 0.0001pt; text-align: justify; text-indent: 1cm; line-height: 16pt;\"><strong><span style=\"font-size: 12pt; font-family: 'Arial',sans-serif;\">\u25cf Diyanet reisi Ahmet Hamdi Akseki&rsquo;ye &ldquo;Askere Din Kitab\u0131&rdquo; haz\u0131rlat\u0131p, TSK&rsquo;n\u0131n b&uuml;t&uuml;n okullar\u0131nda ve k\u0131talar\u0131nda okutmu\u015flard\u0131r. O y&uuml;ce Dinimizin saf ve sade haliyle anla\u015f\u0131l\u0131p ya\u015fanmas\u0131ndan yanad\u0131r. Mustafa Kemal&rsquo;i <\/span><\/strong><strong><span style=\"font-size: 14pt; font-family: 'Arial',sans-serif;\">kar\u0131 ile rak\u0131 <\/span><\/strong><strong><span style=\"font-size: 12pt; font-family: 'Arial',sans-serif;\">aras\u0131na s\u0131k\u0131\u015ft\u0131ran ve O&rsquo;na sarho\u015f iftiras\u0131 atanlar An\u0131tkabir&rsquo;e gidip Atat&uuml;rk&rsquo;&uuml;n okuduklar\u0131 ve her sayfas\u0131na \u015ferh yazd\u0131klar\u0131 binlerce cilt kitaba bak\u0131p utanmal\u0131d\u0131r.<\/span><\/strong><\/p>\n<p style=\"margin-bottom: 0.0001pt; text-align: justify; text-indent: 1cm; line-height: 16pt;\"><strong><span style=\"font-size: 12pt; font-family: 'Arial',sans-serif;\">\u25cf Atat&uuml;rk&rsquo;&uuml;n Laiklik anlay\u0131\u015f\u0131 da: Din i\u015fleriyle devlet hizmetlerinin ayr\u0131lmas\u0131 ve devletin her din ve g&ouml;r&uuml;\u015ften b&uuml;t&uuml;n vatanda\u015flar\u0131na ayn\u0131 mesafede kalmas\u0131d\u0131r.<\/span><\/strong><\/p>\n<p style=\"margin-bottom: 0.0001pt; text-align: justify; text-indent: 1cm; line-height: 16pt;\"><strong><span style=\"font-size: 14pt; font-family: 'Arial',sans-serif;\">Suriye Bata\u011f\u0131 ve Siyonist Senaryolar\u0131<\/span><\/strong><\/p>\n<p style=\"margin-bottom: 0.0001pt; text-align: justify; text-indent: 1cm; line-height: 16pt;\"><strong><span style=\"font-size: 12pt; font-family: 'Arial',sans-serif;\">Stratejik ortaklar\u0131m\u0131z\u0131n T&uuml;rkiye&rsquo;yi par&ccedil;alama haritalar\u0131 hal&acirc; masadad\u0131r ve AKP iktidar\u0131n\u0131n korkun&ccedil; hatalar\u0131 gelece\u011fimizi ve g&uuml;venli\u011fimizi karartmaktad\u0131r. Suriye s\u0131n\u0131r\u0131m\u0131z boyunca, 10-15 km. derinlikte bir g&uuml;venlik koridoru olu\u015fturmak, m&uuml;ltecilerin kamplar\u0131n\u0131 burada kurmak ve onlara bak\u0131p korumak gere\u011fini defalarca yaz\u0131p hat\u0131rlatt\u0131k. \u015eimdi B&uuml;y&uuml;k \u0130srail hesab\u0131na Suriye&#8217;nin par&ccedil;alanmas\u0131 ve kukla K&uuml;rdistan&#8217;\u0131n kurulup kantonlar olu\u015fturulmas\u0131 haz\u0131rl\u0131klar\u0131na kar\u015f\u0131 Silahl\u0131 Kuvvetlerimizin m&uuml;dahalesi de l&uuml;zumlu ve cesur bir ad\u0131md\u0131. Ancak Musul ve Kerk&uuml;k&#8217;&uuml;n geri al\u0131nmas\u0131 tuza\u011f\u0131na kap\u0131lmak, bu \u015fartlarda bir intihar say\u0131l\u0131rd\u0131.<\/span><\/strong><\/p>\n<p style=\"margin-bottom: 0.0001pt; text-align: justify; text-indent: 1cm; line-height: 16pt;\"><strong><span style=\"font-size: 12pt; font-family: 'Arial',sans-serif;\">John Kerry&#8217;den T&uuml;rkiye&#8217;ye k&uuml;stah NATO imas\u0131 ve G&uuml;len yan\u0131t\u0131!<\/span><\/strong><\/p>\n<p style=\"margin-bottom: 0.0001pt; text-align: justify; text-indent: 1cm; line-height: 16pt;\"><strong><span style=\"font-size: 12pt; font-family: 'Arial',sans-serif;\">T&uuml;rkiye&#8217;deki darbe giri\u015fimi ve Fetullah G&uuml;len&#8217;in iadesi konusunda ABD D\u0131\u015fi\u015fleri Bakan\u0131 John Kerry k&uuml;stah a&ccedil;\u0131klamalar yapm\u0131\u015ft\u0131. Washington Post gazetesi bu a&ccedil;\u0131klamay\u0131 NATO&rsquo;lu yorum diye verince, bizim Amerikan taparlarda so\u011fuk du\u015f etkisine yol a&ccedil;m\u0131\u015ft\u0131. ABD D\u0131\u015fi\u015fleri Bakan\u0131 John Kerry&rsquo;nin, ba\u015far\u0131s\u0131z darbe giri\u015fiminin ard\u0131ndan verdi\u011fi NATO mesaj\u0131 &ccedil;ok tart\u0131\u015f\u0131lm\u0131\u015ft\u0131. ABD merkezli Washington Post gazetesi, Br&uuml;ksel&#8217;de konu\u015fan Kerry&#8217;nin a&ccedil;\u0131klamalar\u0131n\u0131, <em>&#8220;T&uuml;rkiye&#8217;nin NATO &uuml;yeli\u011fi tehlikeye girebilir&#8221;<\/em> yorumuyla aktarm\u0131\u015ft\u0131. <\/span><\/strong><\/p>\n<p style=\"margin-bottom: 0.0001pt; text-align: justify; text-indent: 1cm; line-height: 16pt;\"><strong><span style=\"font-size: 12pt; font-family: 'Arial',sans-serif;\">Ba\u015fta Sn. Devlet Bah&ccedil;eli olmak &uuml;zere t&uuml;m muhalefet ba\u015fkanlar\u0131n\u0131n ve medyan\u0131n 15 Temmuz kalk\u0131\u015fmas\u0131na kar\u015f\u0131 sorumlu ve duyarl\u0131 yakla\u015f\u0131mlar\u0131 takdire \u015fayand\u0131r. De\u011ferli vatanda\u015flar\u0131m\u0131z\u0131n tutarl\u0131 ve cesur direni\u015f ve dayan\u0131\u015fmas\u0131 da alk\u0131\u015flanacak bir tav\u0131rd\u0131r. Ama bu durum, asla kendimizi bo\u015f gururlara kapt\u0131rmamal\u0131 ve hele bir avu&ccedil; kiral\u0131k hain y&uuml;z&uuml;nden \u015ferefli Ordumuza yan bakmaya kalk\u0131\u015f\u0131lmamal\u0131d\u0131r. Kesinlikle unutulmamal\u0131d\u0131r ki, varl\u0131\u011f\u0131m\u0131z\u0131n ve ba\u011f\u0131ms\u0131zl\u0131\u011f\u0131m\u0131z\u0131n sigortas\u0131 kahraman TSK&rsquo;m\u0131zd\u0131r. Ancak TSK&rsquo;n\u0131n da bu giri\u015fimlerden ciddi dersler &ccedil;\u0131karmas\u0131 ve art\u0131k ba\u011fr\u0131ndan &ccedil;\u0131kt\u0131\u011f\u0131 aziz milletimizin milli ve manevi de\u011ferleriyle bar\u0131\u015f\u0131p samimiyetle sahip &ccedil;\u0131kmas\u0131 ve sayg\u0131 duymas\u0131, NATO&rsquo;ya ve Amerika&rsquo;ya g&uuml;venmenin a\u011f\u0131r faturas\u0131 da &ouml;nemle hat\u0131rlatmam\u0131z gereken bir noktad\u0131r.<\/span><\/strong><\/p>\n<p style=\"margin-bottom: 0.0001pt; text-align: justify; text-indent: 1cm; line-height: 16pt;\"><strong><span style=\"font-size: 14pt; font-family: 'Arial',sans-serif;\">&Ouml;zetle ve &ouml;nemle vurgulayal\u0131m ki: <\/span><\/strong><strong><span style=\"font-size: 12pt; font-family: 'Arial',sans-serif;\">Siyonist odaklar\u0131n T&uuml;rkiye senaryolar\u0131n\u0131n ve fig&uuml;ran kahramanlar\u0131n\u0131n hal&acirc; fark\u0131na varmadan; bunlar\u0131n rol icab\u0131na veya \u015fahsi &ccedil;\u0131karlar hesab\u0131na farkl\u0131 ve kar\u015f\u0131t tav\u0131rlar\u0131na aldanmamak gere\u011fini kavramadan ve ona g&ouml;re ciddi ve cesaretli tedbirler almadan, bu s\u0131k\u0131nt\u0131 ve sars\u0131nt\u0131lar\u0131 atlat\u0131p d&uuml;ze &ccedil;\u0131kmam\u0131z m&uuml;mk&uuml;n olmayacakt\u0131r!<\/span><\/strong><\/p>\n<p style=\"margin-bottom: 0.0001pt; text-align: justify; text-indent: 1cm; line-height: 16pt;\"><strong><span style=\"font-size: 14pt; font-family: 'Arial',sans-serif;\">Gayr\u0131 Milli ve gayr\u0131 insani ideolojileri tan\u0131madan Atat&uuml;rk&rsquo;&uuml;n Milli hedeflerini anlamak imk&acirc;ns\u0131zd\u0131r:<\/span><\/strong><\/p>\n<p style=\"margin-bottom: 0.0001pt; text-align: justify; text-indent: 1cm; line-height: 16pt;\"><strong><span style=\"font-size: 12pt; font-family: 'Arial',sans-serif;\">A- KOM&Uuml;N\u0130ZM<\/span><\/strong><\/p>\n<p style=\"margin-bottom: 0.0001pt; text-align: justify; text-indent: 1cm; line-height: 16pt;\"><strong><em><span style=\"font-size: 12pt; font-family: 'Arial',sans-serif;\">Felsefe olarak Marks ve Engels taraf\u0131ndan geli\u015ftirilen, &ouml;zel te\u015febb&uuml;se dayanan kapitalizmi y\u0131karak, yerine m&uuml;\u015fterek te\u015febb&uuml;s&uuml; &ouml;ng&ouml;ren, her mal\u0131n ortakla\u015fa &uuml;retim ve t&uuml;ketimini d&uuml;\u015fleyen, s\u0131n\u0131fs\u0131z ve s\u0131n\u0131rs\u0131z bir toplum olu\u015fturmay\u0131 hayal eden bat\u0131l bir d&uuml;\u015f&uuml;nce sistemidir. Kom&uuml;nist d&uuml;\u015f&uuml;nceye g&ouml;re; b&uuml;t&uuml;n servet ve sermaye, yeralt\u0131 ve yer&uuml;st&uuml; zenginlik kaynaklar\u0131, fabrikalar ve &ccedil;iftliklerin hepsi halk\u0131n ortak mal\u0131d\u0131r ve bunlardan elde edilecek gelir halka e\u015fit olarak b&ouml;l&uuml;\u015ft&uuml;r&uuml;lecektir. &Ouml;zel m&uuml;lkiyet olmayacak, her \u015fey herkesin yarar\u0131na &uuml;retilmek ve t&uuml;ketilmek &uuml;zere devletin kontrol&uuml;ne verilecektir.<\/span><\/em><\/strong><\/p>\n<p style=\"margin-bottom: 0.0001pt; text-align: justify; text-indent: 1cm; line-height: 16pt;\"><span style=\"font-size: 12pt; font-family: 'Arial',sans-serif;\">Ba\u015fta \u0130slamiyet her t&uuml;rl&uuml; dini inan\u0131\u015f ve ya\u015fay\u0131\u015f terk edilecektir. &Ccedil;&uuml;nk&uuml; kom&uuml;nizme g&ouml;re <strong><em>&ldquo;din, halk\u0131 uyu\u015fturucu vas\u0131tas\u0131 ve s&ouml;m&uuml;r&uuml; arac\u0131d\u0131r&rdquo;<\/em><\/strong> Allah, Ahiret, Peygamber, Mukaddes kitaplar uydurma ve as\u0131ls\u0131z \u015feylerdir. Maneviyat yoktur, her \u015fey madde ve menfaattir. Ferdi ve toplumsal olaylar\u0131n as\u0131l nedeni ekonomiktir. \u0130nsan geli\u015fmi\u015f bir hayvand\u0131r; zaten &ldquo;evrim&rdquo; teorisine g&ouml;re insan bir tesad&uuml;fler sonucu hayvandan (Maymundan) t&uuml;remi\u015ftir. Bu nedenle din, iman, ar, namus, edep, hay&acirc;, helal, haram gibi kurum ve kurallar bo\u015f ve anlams\u0131z \u015feylerdir. Kom&uuml;nizmde bu hedeflere ula\u015fmak i&ccedil;in takip edilen yol ise genellikle vah\u015ficedir ve anar\u015fidir.<\/span><\/p>\n<p style=\"margin-bottom: 0.0001pt; text-align: justify; text-indent: 1cm; line-height: 16pt;\"><strong><span style=\"font-size: 12pt; font-family: 'Arial',sans-serif;\">B- KAP\u0130TAL\u0130ZM<\/span><\/strong><\/p>\n<p style=\"margin-bottom: 0.0001pt; text-align: justify; text-indent: 1cm; line-height: 16pt;\"><span style=\"font-size: 12pt; font-family: 'Arial',sans-serif;\">Kapitalizm, s\u0131n\u0131rs\u0131z bir &ouml;zel m&uuml;lkiyet ve ferdi te\u015febb&uuml;s &ouml;zg&uuml;rl&uuml;\u011f&uuml;n&uuml; esas alan koyu faizci bir s&ouml;m&uuml;r&uuml; d&uuml;zenidir. Herkes arzu etti\u011fini yapmak ve istedi\u011fi i\u015fe giri\u015fmek &ouml;zg&uuml;rl&uuml;\u011f&uuml;ne sahiptir. Kapitalist d&uuml;zende bir insan isterse bir matbaa kurabilir, bir gazete sahibi olabilir, bir yay\u0131nevi a&ccedil;abilir. \u0130sterse bir radyo, televizyon istasyonu, isterse bir demir &ccedil;elik fabrikas\u0131 a&ccedil;abilir, vergisini &ouml;demek \u015fart\u0131yla isterse genelevleri, randevu evleri, kumarhaneler, be\u015f y\u0131ld\u0131zl\u0131 oteller, moteller &ccedil;al\u0131\u015ft\u0131rabilir.<\/span><\/p>\n<p style=\"margin-bottom: 0.0001pt; text-align: justify; text-indent: 1cm; line-height: 16pt;\"><strong><span style=\"font-size: 12pt; font-family: 'Arial',sans-serif;\">Ancak bu s\u0131n\u0131rs\u0131z ve sorumsuz &ouml;zg&uuml;rl&uuml;k hik&acirc;yesi; giderek otomatik olarak servet ve otoritenin belli ellerde toplanmas\u0131yla neticelenir. \u0130nsafs\u0131z ve koyu faizci, doyumsuz k&acirc;r arzusu i&ccedil;indeki holdingler, &uuml;lkedeki servet ve sermayeyi s&ouml;m&uuml;rmeye, s&ouml;m&uuml;rd&uuml;k&ccedil;e de semirmeye ve h&uuml;kmetmeye y&ouml;nelmektedir. Giderek &uuml;r&uuml;ne, &uuml;retime, borsalara ve fiyatlara tahakk&uuml;m edip tekelle\u015fmekte, fabrikalar, bankalar, ithalat ve ihracat onlar\u0131n tekeline ge&ccedil;mektedir. Gazete, sinema, dergi hatta radyo, televizyon gibi etkili propaganda ve rekl&acirc;m ara&ccedil;lar\u0131 da art\u0131k onlar\u0131n elinde ve emrindedir. B&uuml;t&uuml;n bu servet ve f\u0131rsatlar\u0131 kullanarak istedikleri siyasi partiyi kurmak ve kamuoyu olu\u015fturarak iktidar olmas\u0131n\u0131 sa\u011flamak ve <em>&ldquo;millet iradesi&rdquo; <\/em>ad\u0131na meclise h&acirc;kim olup istedikleri kanunu ve kararlar\u0131 &ccedil;\u0131karmak imk&acirc;n\u0131na eri\u015filmektedir. Bu sermaye diktat&ouml;rleri silahlar\u0131n\u0131 satmak yeni pazar imk&acirc;n\u0131na kavu\u015fmak i&ccedil;in, g&uuml;d&uuml;m&uuml;ndeki i\u015fbirlik&ccedil;i h&uuml;k&uuml;metler marifetiyle &uuml;lkeleri anlams\u0131z sava\u015flara bile sokabilmektedir.<\/span><\/strong><\/p>\n<p style=\"margin-bottom: 0.0001pt; text-align: justify; text-indent: 1cm; line-height: 16pt;\"><span style=\"font-size: 12pt; font-family: 'Arial',sans-serif;\">&Ccedil;o\u011fu yarars\u0131z ve a\u015f\u0131r\u0131 &uuml;retimlerine pazar bulmak i&ccedil;in hesaps\u0131z bir t&uuml;ketim arzusu k&ouml;r&uuml;klenerek, tam bir israf ekonomisi y&uuml;r&uuml;t&uuml;lmektedir. &Ccedil;e\u015fitli ve yetkili rekl&acirc;m ajanslar\u0131yla, moda, l&uuml;ks hayat, i&ccedil;ki, uyu\u015fturucu, kumar, fuhu\u015f s&uuml;rekli te\u015fvik edilerek, ahlaki ve manevi de\u011ferler tahrip edilir. Toplum uyu\u015fuk, p\u0131s\u0131r\u0131k ruhsuz, \u015fuursuz, idealsiz robotlar haline getirilir. K&uuml;&ccedil;&uuml;k sanayi ve esnaf kesimi k&ouml;reltilip, orta direk &ccedil;&ouml;kertilir. Halk giderek fakirle\u015fir, g&uuml;&ccedil;s&uuml;zle\u015fir, yoksulluk ve yolsuzluk d&uuml;zeni yayg\u0131nla\u015f\u0131p yerle\u015fir.<\/span><\/p>\n<p style=\"margin-bottom: 0.0001pt; text-align: justify; text-indent: 1cm; line-height: 16pt;\"><strong><span style=\"font-size: 12pt; font-family: 'Arial',sans-serif;\">Art\u0131k, kom&uuml;nizm cenneti hayali ve hevesiyle halk\u0131 anar\u015fiye s&uuml;r&uuml;klemek i&ccedil;in f\u0131rsat kollayanlara b&uuml;t&uuml;n \u015fartlar haz\u0131rd\u0131r. A&ccedil;\u0131k&ccedil;a anla\u015f\u0131l\u0131yor ki kapitalizmin sonu kom&uuml;nizmin ba\u015flang\u0131c\u0131, kom&uuml;nizmin sonu ise kapitalizmin ba\u015flang\u0131c\u0131 olmaktad\u0131r.<\/span><\/strong><\/p>\n<p style=\"margin-bottom: 0.0001pt; text-align: justify; text-indent: 1cm; line-height: 16pt;\"><strong><span style=\"font-size: 12pt; font-family: 'Arial',sans-serif;\">C- SOSYAL\u0130ZM<\/span><\/strong><\/p>\n<p style=\"margin-bottom: 0.0001pt; text-align: justify; text-indent: 1cm; line-height: 16pt;\"><span style=\"font-size: 12pt; font-family: 'Arial',sans-serif;\">Sosyalizme gelince o, &uuml;retim ve de\u011fi\u015f-toku\u015f ara&ccedil;lar\u0131n\u0131n kollektifle\u015ftirilmesi yoluyla, sosyal s\u0131n\u0131flar\u0131 ortadan kald\u0131rarak toplum hayat\u0131nda geni\u015f reformlar yapmak amac\u0131n\u0131 g&uuml;den, Kom&uuml;nizmden t&uuml;reme bir sistem olarak kar\u015f\u0131m\u0131za &ccedil;\u0131kmaktad\u0131r. Sosyalizm, kapitalizmdeki &ouml;zel sermayenin egoizmine ve zulm&uuml;ne kar\u015f\u0131 koymak, kapitalizmin do\u011furdu\u011fu dengesizlikleri ortadan kald\u0131r\u0131p toplum fertleri aras\u0131nda h&uuml;rriyet, e\u015fitlik ve adalet \u015fartlar\u0131n\u0131 ger&ccedil;ekle\u015ftirmek iddias\u0131ndad\u0131r. Bu haliyle sosyalizm kat\u0131 kom&uuml;nizmin biraz daha suland\u0131r\u0131lm\u0131\u015f \u015fekli olarak alg\u0131lan\u0131r. Sosyalizmi, kom&uuml;nizm ve kapitalizmin kar\u0131\u015f\u0131m\u0131 bir sentez olarak de\u011ferlendirenler de vard\u0131r. Tabii iki hastal\u0131\u011f\u0131n kar\u0131\u015f\u0131m\u0131ndan yeni bir hastal\u0131k ortaya &ccedil;\u0131kmaktad\u0131r. <\/span><\/p>\n<p style=\"margin-bottom: 0.0001pt; text-align: justify; text-indent: 1cm; line-height: 16pt;\"><strong><span style=\"font-size: 12pt; font-family: 'Arial',sans-serif;\">D- S\u0130YON\u0130ZM<\/span><\/strong><\/p>\n<p style=\"margin-bottom: 0.0001pt; text-align: justify; text-indent: 1cm; line-height: 16pt;\"><strong><span style=\"font-size: 12pt; font-family: 'Arial',sans-serif;\">Asl\u0131nda bu &uuml;&ccedil; sistem (kom&uuml;nizm, kapitalizm ve sosyalizm) temelde birbirinden t&uuml;remedir. Ayn\u0131 bat\u0131l g&ouml;r&uuml;\u015f&uuml;n de\u011fi\u015fik g&ouml;r&uuml;n&uuml;\u015fleridir. Ayn\u0131 k&ouml;kten &uuml;retilmi\u015f farkl\u0131 dallar veya ayn\u0131 havuza d&ouml;k&uuml;len de\u011fi\u015fik kanallar gibidirler. Zira her &uuml;&ccedil; sistem de s&ouml;m&uuml;r&uuml;c&uuml; Siyonist kafas\u0131n\u0131n &uuml;r&uuml;nleridir. Her &uuml;&ccedil; sistem de mel&rsquo;un emperyalizmin d&uuml;nya h&acirc;kimiyeti hayaline hizmet etmek ve sinsi emellerini ger&ccedil;ekle\u015ftirmek i&ccedil;in birer ara&ccedil; olarak kullan\u0131lagelmi\u015ftir. Her &uuml;&ccedil; sistemin uyguland\u0131\u011f\u0131 &uuml;lkelerde siyasi, iktisadi ve k&uuml;lt&uuml;rel etkinlikler genellikle Siyonistlerin elinde ve emrindedir. \u0130\u015fte Birle\u015fik Amerika, kapitalizmin kalesidir. ABD&rsquo;de devlete ait ulusal \u015firketler %30, &ouml;zel te\u015febb&uuml;se ait \u015firketler ise %70&rsquo;tir. Bu %70&rsquo;lik &ouml;zel \u015firketlerin %90&rsquo;\u0131 Yahudilerindir. ABD&rsquo;nin siyasal ve ekonomik denetimini elinde tutan on &uuml;&ccedil; Yahudi ailesidir. A\u011f\u0131r sanayii yat\u0131r\u0131mlar\u0131ndan u&ccedil;ak ve silah fabrikalar\u0131na, televizyon kurumlar\u0131ndan haber ajanslar\u0131na, petrol \u015firketlerinden istihbarat &ouml;rg&uuml;tlerine kadar her \u015fey bunlar\u0131n tekelindedir. Yani b&uuml;t&uuml;n Amerika koskoca bir Siyonist s&ouml;m&uuml;rgesidir. Bunun i&ccedil;indir ki Amerika, her t&uuml;rl&uuml; zul&uuml;m haks\u0131zl\u0131\u011f\u0131na ra\u011fmen hal&acirc; \u0130srail&rsquo;in emrinde ve hizmetindedir.<\/span><\/strong><\/p>\n<p style=\"margin-bottom: 0.0001pt; text-align: justify; text-indent: 1cm; line-height: 16pt;\"><span style=\"font-size: 12pt; font-family: 'Arial',sans-serif;\">Amerika&rsquo;y\u0131 avucunda tutan bu on &uuml;&ccedil; b&uuml;y&uuml;k Siyonist Yahudi ailesinin ba\u015f\u0131nda da Rockefeller ailesi gelir. Bu Siyonist ailenin ad\u0131n\u0131 ta\u015f\u0131yan dev Rockefeller \u015firketi ba\u015fta \u0130slam &uuml;lkeleri, di\u011fer b&uuml;t&uuml;n &uuml;&ccedil;&uuml;nc&uuml; d&uuml;nya &uuml;lkelerindeki siyasi, ekonomik ve istihbarat faaliyetlerini y&ouml;netir ve y&ouml;nlendirir. Hatta b&uuml;t&uuml;n d&uuml;nyay\u0131 saran ve sarsan me\u015fhur CIA te\u015fkilat\u0131 d&acirc;hil bu Rockefeller \u015firketinin denetiminde ve hizmetindedir. 1988 y\u0131l\u0131n\u0131n \u015eubat ay\u0131 sonlar\u0131nda T&uuml;rkiye&rsquo;yi ziyaret ederek, cumhurba\u015fkan\u0131, ba\u015fbakan, bakanlar ve b&uuml;y&uuml;k i\u015fadamlar\u0131yla g&ouml;r&uuml;\u015f&uuml;p borsalar\u0131 denetleyerek Avrupa&rsquo;ya ge&ccedil;en David Rockefeller de bu Yahudi ailesinin &ouml;nde gelen isimlerindendir.&nbsp;Hi&ccedil;bir protokol kurallar\u0131na uymak zorunda kalmayan, hi&ccedil;bir &uuml;lkenin devlet \u015fahsiyetine ve milli haysiyetine sayg\u0131 g&ouml;stermek gere\u011fi duymayan bu se&ccedil;kin ve etkin insanlar\u0131n ger&ccedil;ekte nas\u0131l bir g&uuml;&ccedil; ve iktidar\u0131n sahibi olduklar\u0131n\u0131 anlamadan, bunlar\u0131n tuza\u011f\u0131ndan kurtulmak m&uuml;mk&uuml;n de\u011fildir. <\/span><\/p>\n<p style=\"margin-bottom: 0.0001pt; text-align: justify; text-indent: 1cm; line-height: 16pt;\"><strong><span style=\"font-size: 12pt; font-family: 'Arial',sans-serif;\">Yaln\u0131z Amerika&rsquo;da de\u011fil, kapitalist Bat\u0131 Avrupa &Uuml;lkelerinde, Sosyalist Do\u011fu Avrupa &Uuml;lkelerinde ve hatta Rusya&rsquo;da bile parti ba\u015fkan\u0131, ba\u015fbakan, bakan seviyesinde y&uuml;ksek siyasilerin, d&uuml;nya &ccedil;ap\u0131nda dev \u015firket ve kurulu\u015f sahiplerinin &ouml;nemli k\u0131sm\u0131n\u0131n ya bizzat Yahudi as\u0131ll\u0131 oldu\u011funu veya en az\u0131ndan Siyonizm&rsquo;in hizmetindeki bir mason oldu\u011funu ibretle g&ouml;rmekteyiz. B&uuml;t&uuml;n bunlar Kur&rsquo;an&rsquo;\u0131n <em>&ldquo;\u0130nsanlara en tehlikeli d&uuml;\u015fman&rdquo;<\/em> diye tan\u0131tt\u0131\u011f\u0131 mel&rsquo;un Siyonizm&rsquo;in yery&uuml;z&uuml;nde nas\u0131l bir gizli s&ouml;m&uuml;r&uuml; ve zul&uuml;m diktat&ouml;rl&uuml;\u011f&uuml; kurdu\u011funu anlamak, kom&uuml;nizm, kapitalizm ve sosyalizm gibi sistemlerin \u015feytani ama&ccedil;larla uydurulup, uygulanan d&uuml;zenler oldu\u011funu bilerek, bu h\u0131yanet \u015febekesine kar\u015f\u0131 tedbirli ve temkinli bulunmam\u0131z gerekti\u011fini hat\u0131rlatmak i&ccedil;indir. Yoksa Siyonizm&rsquo;in yenilmez ve kar\u015f\u0131 &ccedil;\u0131k\u0131lmaz bir g&uuml;&ccedil; oldu\u011funa inanm\u0131yoruz. Yeg&acirc;ne kuvvet ve kudret sahibi Cenab-\u0131 Hak&rsquo;t\u0131r. 2000 y\u0131ld\u0131r her t&uuml;rl&uuml; zahmet ve mihnete katlanarak, yanl\u0131\u015f da olsa bir ideal u\u011fruna y\u0131lmadan &ccedil;al\u0131\u015fan Siyonistlere bu d&uuml;nyada ge&ccedil;ici de olsa bunca gayretlerinin kar\u015f\u0131l\u0131\u011f\u0131n\u0131 vermek ise, ilahi adaletin gere\u011fidir. <\/span><\/strong><\/p>\n<p style=\"margin-bottom: 0.0001pt; text-align: justify; text-indent: 1cm; line-height: 16pt;\"><span style=\"font-size: 12pt; font-family: 'Arial',sans-serif;\">Ancak bug&uuml;ne kadar kendilerini ve Siyonist gayelerini gizleyerek, g&uuml;ya insanc\u0131l ama&ccedil;larla kurulmu\u015f (Birle\u015fmi\u015f Milletler) gibi beynelmilel te\u015fkilatlar\u0131n ve hayal cenneti vadeden kapitalist ve sosyalist sistemlerin perde arkas\u0131ndaki Siyonizm&rsquo;in ger&ccedil;ek surat\u0131 de\u015fifre edilmi\u015f, 2000 y\u0131lda zorla kurduklar\u0131 \u0130srail denen ter&ouml;r &ouml;rg&uuml;t&uuml;n&uuml;n de sonu yakla\u015fm\u0131\u015f g&ouml;r&uuml;nmektedir. Evet, hastal\u0131\u011f\u0131n sebebini ve mikrobunu te\u015fhis etmek, tedavinin yar\u0131s\u0131 demektir. Yeri gelmi\u015fken tekrar ve &ouml;zellikle belirtelim ki Siyonist ama&ccedil;lar ta\u015f\u0131mayan ve &uuml;lkemiz aleyhindeki fesatl\u0131klara kar\u0131\u015fmayan Musevi vatanda\u015flar\u0131m\u0131za kar\u015f\u0131 hi&ccedil;bir &ouml;nyarg\u0131m\u0131z mevcut de\u011fildir. Ayn\u0131 &uuml;lkede ve yery&uuml;z&uuml;nde herkesle birlikte bar\u0131\u015f ve bereket i&ccedil;inde ya\u015famak arzumuz ve hedefimizdir. Ancak, \u0130slam ve insanl\u0131k alemine musallat olan Siyonist mikrobunu en iyi g&ouml;ren ve kurtulu\u015f yollar\u0131n\u0131 g&ouml;steren b&uuml;y&uuml;k dava ve devlet adam\u0131 Muhterem Erbakan Hoca&rsquo;n\u0131n, \u015fimdiye kadar anlatmaya &ccedil;al\u0131\u015ft\u0131\u011f\u0131m\u0131z ger&ccedil;ekleri birka&ccedil; c&uuml;mle i&ccedil;inde ve &ccedil;ok veciz bi&ccedil;imde ifade eden \u015fu s&ouml;zleri olduk&ccedil;a &ouml;nemlidir ve ir\u015fat edicidir.<\/span><\/p>\n<p style=\"margin-bottom: 0.0001pt; text-align: justify; text-indent: 1cm; line-height: 16pt;\"><strong><span style=\"font-size: 12pt; font-family: 'Arial',sans-serif;\">&ldquo;Siyonizm&rsquo;i bir timsaha benzetirsek, bunun &uuml;st &ccedil;enesi, kom&uuml;nizm, alt &ccedil;enesi ise kapitalizmdir. Alt ve &uuml;st &ccedil;enenin (kom&uuml;nizm ve kapitalizm) kar\u015f\u0131l\u0131kl\u0131 &ccedil;arp\u0131\u015fmalar\u0131 d&uuml;\u015fmanl\u0131klar\u0131ndan de\u011fil, a\u011f\u0131zlar\u0131na giren avlar\u0131n\u0131 par&ccedil;alamak ve g&ouml;vdeyi (Siyonizm&rsquo;i) beslemek i&ccedil;indir.&rdquo;<\/span><\/strong><\/p>\n<p style=\"margin-bottom: 0.0001pt; text-align: justify; text-indent: 1cm; line-height: 16pt;\"><strong><span style=\"font-size: 12pt; font-family: 'Arial',sans-serif;\">E- &ldquo;\u0130SLAM SOSYAL\u0130ZM\u0130&rdquo; Safsatas\u0131<\/span><\/strong><\/p>\n<p style=\"margin-bottom: 0.0001pt; text-align: justify; text-indent: 1cm; line-height: 16pt;\"><strong><span style=\"font-size: 12pt; font-family: 'Arial',sans-serif;\">Fertlerin h&uuml;rriyet, haysiyet ve emniyetini koruyan, h&uuml;r te\u015febb&uuml;s ve &ouml;zel m&uuml;lkiyet hakk\u0131n\u0131 tan\u0131yan prensiplerinden dolay\u0131 \u0130slam&rsquo;\u0131 kapitalizme benzetmek ve <em>&ldquo;\u0130slam Kapitalizmi&rdquo;<\/em> gibi laflar etmek ne kadar &ccedil;i\u011f ve &ccedil;irkin yak\u0131\u015ft\u0131rmalarsa; sosyal adaleti, toplumsal dayan\u0131\u015fmay\u0131 ve yard\u0131mla\u015fmay\u0131 &ouml;ng&ouml;ren kurum ve kurallar\u0131ndan dolay\u0131, \u0130slam&rsquo;\u0131 sosyalizme benzetmek ve <em>&ldquo;\u0130slam Sosyalizmi&rdquo;<\/em> safsatas\u0131n\u0131 kabullenmek de o derece ay\u0131pt\u0131r ve a&ccedil;\u0131k bir cehalet ve gaflet &ouml;rne\u011fidir. Oysa kapitalizm, toplumu fertlere feda etmekte, sosyalizm ise fertlerin h&uuml;rriyet ve m&uuml;lkiyetini toplum ad\u0131na gasp etmektedir. &Ouml;rne\u011fin, T&uuml;rkiye gibi kapitalist ekonomi uygulayan &uuml;lkelerde be\u015f &ccedil;ocuklu bir ailenin hayat\u0131 ve haysiyeti, zenginlerin cebindeki 100 bin lira kadar k\u0131ymetli de\u011fildir. Zira bug&uuml;n T&uuml;rkiye&rsquo;de be\u015f &ccedil;ocuklu bir ailenin asgari &uuml;cretle eline ge&ccedil;en para ayl\u0131k net 1000 lira, y\u0131ll\u0131k 12 bin lira iken, 100 bin liran\u0131n y\u0131ll\u0131k faiz geliri 12 bin lirad\u0131r. Yani bu d&uuml;zende bir insan\u0131n bir y\u0131ll\u0131k eme\u011finin kar\u015f\u0131l\u0131\u011f\u0131, 100 bin liran\u0131n faiz geliri kadar tutmamaktad\u0131r. Kapitalizme g&ouml;re bir insan\u0131n ve aile efrad\u0131n\u0131n de\u011feri 100 bin liran\u0131n &ccedil;ok alt\u0131ndad\u0131r. Din ve ahlak tan\u0131mazl\u0131k esas\u0131na dayanan, bir d&uuml;nya nizam\u0131 olan sosyalizmi, \u0130slam&rsquo;a yakla\u015ft\u0131rmak veya Atat&uuml;rk&rsquo;e yak\u0131\u015ft\u0131rmak hevesleri ise \u015fu sebeplere dayanmaktad\u0131r:<\/span><\/strong><\/p>\n<p style=\"margin-bottom: 0.0001pt; text-align: justify; text-indent: 1cm; line-height: 16pt;\"><strong><span style=\"font-size: 12pt; font-family: 'Arial',sans-serif;\">1-&nbsp;Kom&uuml;nizm, sosyalizm gibi koku\u015fmu\u015f sistemleri \u0130slam ambalaj\u0131 i&ccedil;inde satabilmek.<\/span><\/strong><\/p>\n<p style=\"margin-bottom: 0.0001pt; text-align: justify; text-indent: 1cm; line-height: 16pt;\"><strong><span style=\"font-size: 12pt; font-family: 'Arial',sans-serif;\">2- \u0130slam&rsquo;\u0131 kapitalizm ve kom&uuml;nizmle ayn\u0131 g&ouml;stererek, insanlar\u0131 \u0130slam&rsquo;dan uzakla\u015ft\u0131rmak ve &uuml;rk&uuml;tmek.<\/span><\/strong><\/p>\n<p style=\"margin-bottom: 0.0001pt; text-align: justify; text-indent: 1cm; line-height: 16pt;\"><strong><span style=\"font-size: 12pt; font-family: 'Arial',sans-serif;\">3- Kemalizm uydurmacas\u0131n\u0131 kapitalizm ve sosyalizmle yorumlayarak haks\u0131zl\u0131k ve ahlaks\u0131zl\u0131klar\u0131n\u0131 me\u015fru g&ouml;stermek.<\/span><\/strong><\/p>\n<p style=\"margin-bottom: 0.0001pt; text-align: justify; text-indent: 1cm; line-height: 16pt;\"><strong><span style=\"font-size: 12pt; font-family: 'Arial',sans-serif;\">4- Ne \u0130slam ne de bat\u0131l sistemler hakk\u0131nda hi&ccedil;bir ciddi bilgisi bulunmayan kimselerin moda salg\u0131n\u0131 gibi, bu t&uuml;r slogan g&ouml;r&uuml;\u015flere kap\u0131lmas\u0131.<\/span><\/strong><\/p>\n<p style=\"margin-bottom: 0.0001pt; text-align: justify; text-indent: 1cm; line-height: 16pt;\"><strong><span style=\"font-size: 12pt; font-family: 'Arial',sans-serif;\">5- Solcu ve sosyalistlerin yo\u011fun propagandalar\u0131 ve sistemin sosyal ve ekonomik bask\u0131lar\u0131 sonucu a\u015fa\u011f\u0131l\u0131k kompleksine yakalanan M&uuml;sl&uuml;manlar\u0131n &ldquo;\u0130slam Sosyalizmi&rdquo; gibi safsatalarla ilerici ve ayd\u0131n ge&ccedil;inme arzular\u0131.<\/span><\/strong><\/p>\n<p style=\"margin-bottom: 0.0001pt; text-align: justify; text-indent: 1cm; line-height: 16pt;\"><strong><span style=\"font-size: 12pt; font-family: 'Arial',sans-serif;\">Ger&ccedil;ekte \u0130slam&rsquo;\u0131 b&ouml;yle bat\u0131l ve be\u015feri sistemlerle kar\u0131\u015ft\u0131rmak; Atat&uuml;rk&rsquo;&uuml; de kapitalist veya sosyalist g&ouml;stermeye &ccedil;al\u0131\u015fmak, Hakla Bat\u0131l\u0131 bar\u0131\u015ft\u0131rmak demektir ki, bu tamam\u0131yla yanl\u0131\u015ft\u0131r. \u0130slam&rsquo;a d\u0131\u015far\u0131dan herhangi bir \u015fey ekleyen veya &ccedil;\u0131karan, o ekledi\u011fi veya &ccedil;\u0131kard\u0131\u011f\u0131 ile ba\u015f ba\u015fa kal\u0131r. Velhas\u0131l, &ldquo;\u0130slam Sosyalizmi&rdquo; safsatalar\u0131, bal ile biber kar\u0131\u015f\u0131m\u0131 bir \u015feytan salatas\u0131d\u0131r. Son zamanlarda ortaya &ccedil;\u0131kan <em>&ldquo;Antikapitalist M&uuml;sl&uuml;manlar&rdquo;<\/em> kavram\u0131 da tam bir sahtek&acirc;rl\u0131kt\u0131r ve Ali \u015eeriati&rsquo;den kopya edilen &ldquo;\u0130slam Sosyalizmi&rdquo; uydurmas\u0131na bir k\u0131l\u0131f oldu\u011fu s\u0131r\u0131tmaktad\u0131r.<\/span><\/strong><\/p>\n<p style=\"margin-bottom: 0.0001pt; text-align: justify; text-indent: 1cm; line-height: 16pt;\"><strong><span style=\"font-size: 14pt; font-family: 'Arial',sans-serif;\">Sonu&ccedil; olarak;<\/span><\/strong><span style=\"font-size: 18pt; font-family: 'Arial',sans-serif;\"> <\/span><strong><span style=\"font-size: 14pt; font-family: 'Arial',sans-serif;\">Mustafa Kemal, bizi millet yapan de\u011fer ve dinamiklerin d&uuml;\u015fman\u0131 ve kar\u015f\u0131t\u0131 de\u011fil; &ccedil;a\u011f\u0131n \u015fartlar\u0131na ve insan\u0131m\u0131z\u0131n ihtiya&ccedil;lar\u0131na uygun yeniden yorumlan\u0131p yap\u0131land\u0131r\u0131lmas\u0131 taraftar\u0131d\u0131r.<\/span><\/strong><\/p>\n<p style=\"margin-bottom: 0.0001pt; text-align: justify; text-indent: 1cm; line-height: 16pt;\"><strong><span style=\"font-size: 12pt; font-family: 'Arial',sans-serif;\">Evet, yeti\u015fti\u011fi ortam\u0131, o ortam\u0131 haz\u0131rlayan \u015fartlar\u0131&#8230; Etkilendi\u011fi \u015fah\u0131slar\u0131&#8230; Duraklama ve gerileme d&ouml;nemlerinden itibaren ve &ouml;zellikle Tanzimat ve \u0130ttihat-Terakki devrimlerinden sonras\u0131 Osmanl\u0131y\u0131&#8230; O g&uuml;nk&uuml; ve bug&uuml;nk&uuml; d&uuml;nyay\u0131; ekonomik ve k&uuml;lt&uuml;rel y&ouml;nden y&ouml;nlendiren-\u015fekillendiren siyasi Siyonizm&rsquo;in perde arkas\u0131n\u0131 ve tabi Sabatayc\u0131l\u0131k ve d&ouml;nmelik kavram\u0131n\u0131 bilmeden ve b&uuml;t&uuml;n bunlar\u0131 birlikte d&uuml;\u015f&uuml;n&uuml;p de\u011ferlendirmeden Atat&uuml;rk&rsquo;&uuml; do\u011fru tan\u0131man\u0131n m&uuml;mk&uuml;n olamayaca\u011f\u0131 kanaatindeyiz.<\/span><\/strong><\/p>\n<p style=\"margin-bottom: 0.0001pt; text-align: justify; text-indent: 1cm; line-height: 16pt;\"><strong><span style=\"font-size: 14pt; font-family: 'Arial',sans-serif;\">Bu konuya, b&ouml;yle farkl\u0131 ama irtibatl\u0131 zaviyelerden bakt\u0131\u011f\u0131m\u0131zda, Atat&uuml;rk&rsquo;&uuml;n Osmanl\u0131n\u0131n bir meyvesi oldu\u011funu g&ouml;rmekteyiz. <\/span><\/strong><strong><span style=\"font-size: 12pt; font-family: 'Arial',sans-serif;\">Evet, Atat&uuml;rk, y\u0131k\u0131lmaya yakla\u015fm\u0131\u015f olan Osmanl\u0131n\u0131n b&uuml;t&uuml;n &ouml;zelliklerini &uuml;zerinde ta\u015f\u0131yan bir eseridir. Art\u0131k k&ouml;kleri &ccedil;&uuml;r&uuml;meye, dallar\u0131 kurumaya, g&ouml;vdesi kofla\u015fmaya ba\u015flam\u0131\u015f ve 6 as\u0131rl\u0131k \u015fanl\u0131 bir medeniyet miras\u0131n\u0131n hastal\u0131kl\u0131; ama zahiren hal&acirc; g&ouml;rkemli a\u011f\u0131rl\u0131\u011f\u0131n\u0131 ta\u015f\u0131yamayacak kadar ihtiyarlam\u0131\u015f bulunan Osmanl\u0131 &ccedil;\u0131nar\u0131n\u0131n, i&ccedil;teki &ccedil;&uuml;r&uuml;m&uuml;\u015fl&uuml;kler ve d\u0131\u015ftaki tecav&uuml;zlerle y\u0131k\u0131lmas\u0131ndan sonra, kaderin cilvesiyle, &ouml;nce bu &ccedil;\u0131nar\u0131n alt\u0131n\u0131 ve art\u0131klar\u0131n\u0131 temizlemek, sonra da ayn\u0131 cinsten adil ve asil yeni bir medeniyeti filizlemek &uuml;zere, Atat&uuml;rk; devrilen Osmanl\u0131n\u0131n bir &ccedil;ekirde\u011fidir&#8230;<\/span><\/strong><\/p>\n<p style=\"margin-bottom: 0.0001pt; text-align: justify; text-indent: 1cm; line-height: 16pt;\"><strong><span style=\"font-size: 12pt; font-family: 'Arial',sans-serif;\">\u0130\u015fte bu noktada, 500 sene &ouml;nce \u0130spanya&rsquo;dan topluca s&uuml;r&uuml;len ve Osmanl\u0131 taraf\u0131ndan kabul edilip kol kanat gerilen ve genellikle Ege b&ouml;lgesine, \u0130zmir ve Selanik &ccedil;evrelerine yerle\u015ftirilen&#8230; Ve bundan 150 sene sonra da &ouml;nemli bir k\u0131sm\u0131 Sabataistle\u015fip d&ouml;nmele\u015fen Yahudi ger&ccedil;e\u011fini irdelemek &ouml;nemlidir. Osmanl\u0131 &ccedil;\u0131nar\u0131n\u0131n dallar\u0131na d\u0131\u015far\u0131dan bir a\u015f\u0131 gibi tak\u0131l\u0131p yerle\u015ftirilen&#8230; Osmanl\u0131n\u0131n ticari, iktisadi, siyasi ve diplomasi hayat\u0131nda birtak\u0131m hay\u0131rl\u0131 ve yararl\u0131 meyveler de veren&#8230; Ama zamanla kanser uru gibi b&uuml;t&uuml;n g&ouml;vdeyi sar\u0131p, kendi hesab\u0131na s&ouml;m&uuml;ren ve kemiren &ldquo;d&ouml;nmelik ve masonluk&rdquo; ger&ccedil;e\u011fini&#8230; Bunlar\u0131n marifeti olan Tanzimat h\u0131yanetini, Osmanl\u0131 Padi\u015fahlar\u0131n\u0131 tamamen etkisiz ve yetkisiz birer vitrin bek&ccedil;isi ve g&uuml;nah ke&ccedil;isi haline getiren \u0130ttihat ve Terakki h&uuml;k&uuml;metlerini ve yine bunlar\u0131n bilin&ccedil;li hileleriyle itelendi\u011fimiz 1&rsquo;nci D&uuml;nya Harbinin g&ouml;r&uuml;nen ve gizlenen sebep ve neticelerini &ccedil;ok iyi takip ve tahlil etmeden; ne Mustafa Kemal&rsquo;i, ne Milli M&uuml;cadeleyi, ne Cumhuriyet d&ouml;nemini ve ne de devrimlerin mana ve mahiyetini &ccedil;&ouml;zmemiz imk&acirc;ns\u0131z gibidir.<\/span><\/strong><\/p>\n<p style=\"margin-bottom: 0.0001pt; text-align: justify; text-indent: 1cm; line-height: 16pt;\"><strong><span style=\"font-size: 12pt; font-family: 'Arial',sans-serif;\">\u0130ngiliz Ba\u015fbakan\u0131 Lloyd George; Atat&uuml;rk taraf\u0131ndan oyalan\u0131p oyuna getirildiklerini; &ldquo;<\/span><\/strong><strong><em><span style=\"font-size: 12pt; font-family: 'Arial',sans-serif;\">Arkada\u015flar y&uuml;zy\u0131llar nadir olarak dahi yeti\u015ftirir. \u015eu talihsizli\u011fimize bak\u0131n ki, o b&uuml;y&uuml;k dahi &ccedil;a\u011f\u0131m\u0131zda T&uuml;rk ulusuna nasip oldu. Mustafa Kemal&rsquo;in dehas\u0131na kar\u015f\u0131 elden ne gelirdi?&rdquo;<\/span><\/em><\/strong><strong><span style=\"font-size: 12pt; font-family: 'Arial',sans-serif;\"> s&ouml;zleriyle itiraf etmi\u015f ve bu konu\u015fman\u0131n ard\u0131ndan istifa edip ayr\u0131lm\u0131\u015ft\u0131r.<\/span><\/strong><\/p>\n<p style=\"margin-bottom: 0.0001pt; text-align: justify; text-indent: 1cm; line-height: 16pt;\"><strong><span style=\"font-size: 12pt; font-family: 'Arial',sans-serif;\">Cumhuriyetin kurulmas\u0131 ve devrimlerin yap\u0131lmas\u0131 a\u015famalar\u0131nda, Atat&uuml;rk&rsquo;&uuml;n yine Sabataistlerin farkl\u0131 mezheplerine mensup d&ouml;nmelerden olduk&ccedil;a yararland\u0131\u011f\u0131, bunlar\u0131 yak\u0131n\u0131na ald\u0131\u011f\u0131 ve &ouml;zellikle; T&uuml;rkiye&rsquo;yi ger&ccedil;ek vatan\u0131 gibi g&ouml;ren, M&uuml;sl&uuml;man T&uuml;rklerle birlikte ve bar\u0131\u015f i&ccedil;inde ya\u015famay\u0131 hedefleyen, B&uuml;y&uuml;k \u0130srail&rsquo;in kurulmas\u0131 hesab\u0131na &uuml;lkemize h\u0131yanet ve hakaret d&uuml;\u015f&uuml;nmeyen, iyi niyetli ve kabiliyetli d&ouml;nme ve Yahudilerle daha s\u0131k\u0131 i\u015fbirli\u011fi yapt\u0131\u011f\u0131; ancak, Abd&uuml;lhamid&rsquo;in malum tazyikler ve mecburiyetler sonucu baz\u0131 d&ouml;nmeleri sadrazam ve naz\u0131r yapt\u0131\u011f\u0131, fakat tahribatlar\u0131n\u0131 &ouml;nlemek i&ccedil;in yetkilerini k\u0131s\u0131tlay\u0131p b&uuml;t&uuml;n devlet i\u015flerini s\u0131rt\u0131na ald\u0131\u011f\u0131 gibi&#8230; Atat&uuml;rk&rsquo;&uuml;n de, g&uuml;ven vermeyen ve h\u0131yanet d&uuml;\u015f&uuml;nen baz\u0131 d&ouml;nmeleri, &ouml;nemli makamlara getirse de, b&uuml;t&uuml;n zorluklar\u0131 ve onlar\u0131n y&uuml;r&uuml;tmesi gereken konular\u0131 bizzat kendisi y&uuml;klenip yapt\u0131\u011f\u0131 ve olduk&ccedil;a y\u0131prand\u0131\u011f\u0131 anla\u015f\u0131lmaktad\u0131r.<\/span><\/strong><\/p>\n<p style=\"margin-bottom: 0.0001pt; text-align: justify; text-indent: 1cm; line-height: 16pt;\"><span style=\"font-size: 12pt; font-family: 'Arial',sans-serif;\">Ve tabi d&ouml;nmelerin hain tak\u0131m\u0131 da, bu durumun fark\u0131ndad\u0131r. Ve bunun i&ccedil;in, Atat&uuml;rk&rsquo;ten kurtulma yollar\u0131 aramaya koyulmu\u015flar ve <\/span><strong><em><span style=\"font-size: 14pt; font-family: 'Arial',sans-serif;\">&ldquo;Beni T&uuml;rk hekimlerine emanet ediniz&rdquo;<\/span><\/em><\/strong><em><span style=\"font-size: 14pt; font-family: 'Arial',sans-serif;\"> <\/span><\/em><span style=\"font-size: 12pt; font-family: 'Arial',sans-serif;\">demeye mecbur b\u0131rakacak bi&ccedil;imde, Mustafa Kemal&rsquo;i gen&ccedil; say\u0131lacak bir ya\u015fta ve &ccedil;e\u015fitli ila&ccedil;larla ad\u0131m ad\u0131m &ouml;l&uuml;m&uuml;n kuca\u011f\u0131na atm\u0131\u015flard\u0131r!&#8230;<\/span><\/p>\n<p style=\"margin-bottom: 0.0001pt; text-align: justify; text-indent: 1cm; line-height: 16pt;\"><strong><span style=\"font-size: 12pt; font-family: 'Arial',sans-serif;\">De\u011fil k&acirc;inat, de\u011fil tabiat, de\u011fil insan, hatta bir Atom bile &ccedil;ok harika bir yarat\u0131l\u0131\u015f sanat\u0131d\u0131r. Atomlar bir &ccedil;ekirdek ve etraf\u0131nda d&ouml;nen elektronlardan yarat\u0131lm\u0131\u015ft\u0131r. 1 madeni L\u0130RA d&uuml;nya &ccedil;ap\u0131nda b&uuml;y&uuml;t&uuml;lse, onun atomlar\u0131 ancak kiraz kadard\u0131r. Bir atom d&uuml;nya kadar b&uuml;y&uuml;t&uuml;lse, elektronlar\u0131 ceviz kadard\u0131r. Ama atomun &ccedil;ekirdek a\u011f\u0131rl\u0131\u011f\u0131 Atamon %99,9&rsquo;dan fazlad\u0131r. Atom &ccedil;ekirde\u011fi N&Ouml;TRON ve PROTON&rsquo;lardan olu\u015fmaktad\u0131r. Elementler &ccedil;ekirdekteki proton say\u0131lar\u0131na g&ouml;re farkl\u0131la\u015f\u0131r. Tespit edilmi\u015f 109 element vard\u0131r, milyarlarca canl\u0131 ve cans\u0131z varl\u0131k bu 109 element atomunun bile\u015fimleri sonucu ortaya &ccedil;\u0131kmaktad\u0131r.<\/span><\/strong><\/p>\n<p style=\"margin-bottom: 0.0001pt; text-align: justify; text-indent: 1cm; line-height: 16pt;\"><strong><span style=\"font-size: 12pt; font-family: 'Arial',sans-serif;\">Atomun elektronlar\u0131 eksi, protonlar art\u0131 kutuplard\u0131r ve bunlar\u0131n birbirini &ccedil;ekmesi atomun dengesini- da\u011f\u0131lmamas\u0131n\u0131 sa\u011flamaktad\u0131r. G&uuml;&ccedil;l&uuml; n&uuml;kleer kuvvet ve yer&ccedil;ekimi kuvveti gibi denge unsurlar\u0131nda binde bir oran\u0131nda bile bir bozulma ya\u015fan\u0131nca bedenimiz ve evrenimiz an\u0131nda &ccedil;&ouml;k&uuml;p da\u011f\u0131lacakt\u0131r. <\/span><\/strong><\/p>\n<p style=\"margin-bottom: 0.0001pt; text-align: justify; text-indent: 1cm; line-height: 16pt;\"><strong><em><span style=\"font-size: 14pt; font-family: 'Arial',sans-serif;\">&ldquo;\u015e&uuml;phesiz Allah, g&ouml;kleri ve yeri zeval bulurlar (yok olurlar, y\u0131k\u0131l\u0131rlar) diye (her an kudreti alt\u0131nda) tutmaktad\u0131r. Andolsun, e\u011fer zeval bulacak olurlarsa, Kendisi&rsquo;nden sonra art\u0131k kimse onlar\u0131 varl\u0131kta) tutamaz. &hellip;&rdquo; <\/span><\/em><\/strong><strong><span style=\"font-size: 12pt; font-family: 'Arial',sans-serif;\">(Fat\u0131r: 41)<\/span><\/strong><em><\/em><\/p>\n<p style=\"margin-bottom: 0.0001pt; text-align: justify; text-indent: 1cm; line-height: 16pt;\"><strong><span style=\"font-size: 12pt; font-family: 'Arial',sans-serif;\">Evet b&uuml;t&uuml;n canl\u0131 h&uuml;crelerin hepsi KARBON atomunun yakla\u015f\u0131k; 2 milyon &ccedil;e\u015fit farkl\u0131 bile\u015fkelerinden do\u011fmaktad\u0131r. Yani bir kar\u0131ncan\u0131n bile tesad&uuml;fen olu\u015ftu\u011funu savunmak ve Y&uuml;ce Yarat\u0131c\u0131m\u0131z\u0131 ink&acirc;ra kalk\u0131\u015fmak, m&uuml;kemmel bir yolcu u&ccedil;a\u011f\u0131n\u0131n <\/span><\/strong><strong><span style=\"font-size: 14pt; font-family: 'Arial',sans-serif;\">kendili\u011finden ve r&uuml;zg&acirc;r, ya\u011fmur, deprem gibi tabii hareketler neticesinde<\/span><\/strong><strong><span style=\"font-size: 12pt; font-family: 'Arial',sans-serif;\"> tesad&uuml;fen ortaya &ccedil;\u0131kt\u0131\u011f\u0131n\u0131 savunmaktan daha b&uuml;y&uuml;k bir \u015fa\u015fk\u0131nl\u0131kt\u0131r. Bu nedenle Darwinizm a&ccedil;\u0131k bir yan\u0131lg\u0131d\u0131r ve sapk\u0131nl\u0131kt\u0131r. \u0130\u015fte Mustafa Kemal gibi bir d&acirc;hinin, b&ouml;ylesi safsatalara inand\u0131\u011f\u0131n\u0131 ve Y&uuml;ce Yarat\u0131c\u0131y\u0131 ve Kur&rsquo;an&rsquo;\u0131n\u0131 ink&acirc;ra kalk\u0131\u015ft\u0131\u011f\u0131n\u0131 savunmak sa&ccedil;mal\u0131kt\u0131r ve Onun hat\u0131ras\u0131na en b&uuml;y&uuml;k sayg\u0131s\u0131zl\u0131kt\u0131r!<\/span><\/strong><\/p>\n<p style=\"margin-bottom: 0.0001pt; text-align: justify; text-indent: 1cm; line-height: 16pt;\"><strong><span style=\"font-size: 14pt; font-family: 'Arial',sans-serif;\">Fizikte Temel Kuvvetler \u015funlard\u0131r:<\/span><\/strong><\/p>\n<p style=\"margin-bottom: 0.0001pt; text-align: justify; text-indent: 1cm; line-height: 16pt;\"><strong><span style=\"font-size: 14pt; font-family: 'Arial',sans-serif;\">Kuvvet;<\/span><\/strong><strong><span style=\"font-size: 12pt; font-family: 'Arial',sans-serif;\"> genel anlamda k&uuml;tlesi olan bir cisme hareket yetene\u011fi kazand\u0131ran, e\u011fer cisim duruyorsa hareket g&uuml;c&uuml;n&uuml; sa\u011flayan ve hareket ediyorsa durduran, onun y&ouml;n&uuml;nde de\u011fi\u015fime sebep olan ya da \u015fekil de\u011fi\u015fikliyle kendini a&ccedil;\u0131\u011fa vuran <\/span><\/strong><strong><span style=\"font-size: 14pt; font-family: 'Arial',sans-serif;\">etkiye <\/span><\/strong><strong><span style=\"font-size: 12pt; font-family: 'Arial',sans-serif;\">verilen add\u0131r. Y&ouml;n&uuml;, b&uuml;y&uuml;kl&uuml;\u011f&uuml; ve do\u011frultusu olan bu etki vekt&ouml;rel bir nicelik ta\u015f\u0131r.<\/span><\/strong><\/p>\n<p style=\"margin-bottom: 0.0001pt; text-align: justify; text-indent: 1cm; line-height: 16pt;\"><strong><span style=\"font-size: 14pt; font-family: 'Arial',sans-serif;\">Madde;<\/span><\/strong><strong><span style=\"font-size: 12pt; font-family: 'Arial',sans-serif;\"> lepton, mezon ve baryon gibi atom alt\u0131 par&ccedil;ac\u0131klar\u0131n (kuantumlar\u0131n) birle\u015fmesiyle olu\u015furken fizikte; d&ouml;rt temel kuvvetin birinin ya da birka&ccedil;\u0131n\u0131n etkili oldu\u011fu anla\u015f\u0131lm\u0131\u015ft\u0131r. Bu d&ouml;rt &ccedil;e\u015fit temel kuvvet, etkin olduklar\u0131 k\u0131s\u0131mlar ve &ouml;zellikleri anlam\u0131nda birbirinde olduk&ccedil;a farkl\u0131d\u0131r.<\/span><\/strong><\/p>\n<p style=\"margin-bottom: 0.0001pt; text-align: justify; text-indent: 1cm; line-height: 16pt;\"><strong><span style=\"font-size: 14pt; font-family: 'Arial',sans-serif;\">Bu d&ouml;rt temel kuvvet:<\/span><\/strong><\/p>\n<p style=\"margin-bottom: 0.0001pt; text-align: justify; text-indent: 1cm; line-height: 16pt;\"><strong><span style=\"font-size: 12pt; font-family: 'Arial',sans-serif;\">1-) K&uuml;tle-&ccedil;ekim Kuvveti (Yer&ccedil;ekimi),<\/span><\/strong><\/p>\n<p style=\"margin-bottom: 0.0001pt; text-align: justify; text-indent: 1cm; line-height: 16pt;\"><strong><span style=\"font-size: 12pt; font-family: 'Arial',sans-serif;\">2-) Zay\u0131f N&uuml;kleer Kuvvetler,<\/span><\/strong><\/p>\n<p style=\"margin-bottom: 0.0001pt; text-align: justify; text-indent: 1cm; line-height: 16pt;\"><strong><span style=\"font-size: 12pt; font-family: 'Arial',sans-serif;\">3-) Elektromanyetik Kuvvetler,<\/span><\/strong><\/p>\n<p style=\"margin-bottom: 0.0001pt; text-align: justify; text-indent: 1cm; line-height: 16pt;\"><strong><span style=\"font-size: 12pt; font-family: 'Arial',sans-serif;\">4-) \u015eiddetli N&uuml;kleer Kuvvetler (Atom enerjisi) \u015feklinde s\u0131n\u0131fland\u0131r\u0131l\u0131r.<\/span><\/strong><\/p>\n<p style=\"margin-bottom: 0.0001pt; text-align: justify; text-indent: 1cm; line-height: 16pt;\"><strong><span style=\"font-size: 12pt; font-family: 'Arial',sans-serif;\">1-) K&Uuml;TLE-&Ccedil;EK\u0130M KUVVET\u0130<\/span><\/strong><\/p>\n<p style=\"margin-bottom: 0.0001pt; text-align: justify; text-indent: 1cm; line-height: 16pt;\"><strong><span style=\"font-size: 14pt; font-family: 'Arial',sans-serif;\">Yer &ccedil;ekimi kuvvet <\/span><\/strong><strong><span style=\"font-size: 12pt; font-family: 'Arial',sans-serif;\">olarak da tan\u0131mlan\u0131r. K&uuml;tlesi olan cisimlerin birbirini &ccedil;ekmesinden kaynaklan\u0131r. Bu kuvvet \u015fiddet olarak en zay\u0131f kuvvet konumundad\u0131r. A\u011f\u0131rl\u0131k, bu t&uuml;r bir kuvvetten olu\u015fmakta ve k&uuml;tlelere etki yapmaktad\u0131r. Etki alan\u0131 yani menzilleri s\u0131n\u0131rs\u0131zd\u0131r, fakat uzakl\u0131k artt\u0131k&ccedil;a azal\u0131r. G&uuml;ndelik ya\u015famda herhangi iki kuvvetin birbirine uygulad\u0131\u011f\u0131 kuvveti yeterli hassasiyetle &ouml;l&ccedil;mek g&uuml;n&uuml;m&uuml;z teknolojisiyle bile olduk&ccedil;a zor bulunmaktad\u0131r. <\/span><\/strong><\/p>\n<p style=\"margin-bottom: 0.0001pt; text-align: justify; text-indent: 1cm; line-height: 16pt;\"><strong><span style=\"font-size: 12pt; font-family: 'Arial',sans-serif;\">2-) ZAYIF N&Uuml;KLEER KUVVETLER<\/span><\/strong><\/p>\n<p style=\"margin-bottom: 0.0001pt; text-align: justify; text-indent: 1cm; line-height: 16pt;\"><strong><span style=\"font-size: 12pt; font-family: 'Arial',sans-serif;\">\u0130smi zay\u0131f kuvvet olmakla birlikte k&uuml;tle-&ccedil;ekim kuvvetinden 10 &uuml;zeri 32 kat daha b&uuml;y&uuml;k olan bir g&uuml;&ccedil; kayna\u011f\u0131d\u0131r. Fakat di\u011fer kuvvetlere oranlad\u0131\u011f\u0131m\u0131zda olduk&ccedil;a zay\u0131ft\u0131r. Bu kuvvet lepton, mezon ve baryon gibi elemanter par&ccedil;ac\u0131klara etki yapmaktad\u0131r. Ayr\u0131ca &ccedil;ekirdeklerin karars\u0131z olmas\u0131ndan da bu kuvvet sorumlu tutulmaktad\u0131r. Etki etti\u011fi par&ccedil;ac\u0131\u011f\u0131n bozulmas\u0131na yol a&ccedil;maktad\u0131r ve menzili olduk&ccedil;a k\u0131sad\u0131r.<\/span><\/strong><\/p>\n<p style=\"margin-bottom: 0.0001pt; text-align: justify; text-indent: 1cm; line-height: 16pt;\"><strong><span style=\"font-size: 12pt; font-family: 'Arial',sans-serif;\">3-) ELEKTROMANYET\u0130K KUVVETLER<\/span><\/strong><\/p>\n<p style=\"margin-bottom: 0.0001pt; text-align: justify; text-indent: 1cm; line-height: 16pt;\"><strong><span style=\"font-size: 12pt; font-family: 'Arial',sans-serif;\">\u0130sminden de anla\u015f\u0131ld\u0131\u011f\u0131 gibi elektrik ve manyetik kuvvetten kaynaklan\u0131r. Elektrik kuvveti y&uuml;kl&uuml; par&ccedil;ac\u0131klar\u0131n birbiri ile etkile\u015fmeyle, Manyetik alan kuvveti ise bu y&uuml;kl&uuml; par&ccedil;ac\u0131klar\u0131n hareket etmesiyle olu\u015fmaktad\u0131r. Zay\u0131f kuvvetlerden [10 &uuml;zeri 4] defa daha b&uuml;y&uuml;k bir kuvvet kayna\u011f\u0131d\u0131r. K&uuml;tle &ccedil;ekim kuvvetinde oldu\u011fu gibi menzilleri s\u0131n\u0131rs\u0131zd\u0131r. <\/span><\/strong><\/p>\n<p style=\"margin-bottom: 0.0001pt; text-align: justify; text-indent: 1cm; line-height: 16pt;\"><strong><span style=\"font-size: 12pt; font-family: 'Arial',sans-serif;\">4-) \u015e\u0130DDETL\u0130 N&Uuml;KLEER KUVVETLER<\/span><\/strong><\/p>\n<p style=\"margin-bottom: 0.0001pt; text-align: justify; text-indent: 1cm; line-height: 16pt;\"><strong><span style=\"font-size: 12pt; font-family: 'Arial',sans-serif;\">Baryonlara ve mezonlara etkiyen kuvvetler bunlard\u0131r. Atom &Ccedil;ekirde\u011finin ke\u015ffinden sonra &ccedil;ekirdekte bulunan pozitif protonlar\u0131 &ccedil;ekirdekten f\u0131rlamaktan al\u0131koyan bir kuvvet oldu\u011fu d&uuml;\u015f&uuml;ncesi a\u011f\u0131rl\u0131k kazanm\u0131\u015ft\u0131r. Bu d&uuml;\u015f&uuml;nce \u015fiddetli n&uuml;kleer kuvvetlerin ke\u015ffine zemin haz\u0131rlam\u0131\u015ft\u0131r. \u015eiddetli n&uuml;kleer kuvvetlerin elektromanyetik kuvvetlerden 10&sup2; kat, zay\u0131f kuvvetlerden 10 &uuml;zeri 6 &ndash; 10 &uuml;zeri 10 kat, k&uuml;tle &ccedil;ekim kuvvetinden ise 10 &uuml;zeri 38 kat daha \u015fiddetli oldu\u011fu saptanm\u0131\u015ft\u0131r. Atom bombas\u0131 f&uuml;zelerin ve n&uuml;kleer enerjilerin kayna\u011f\u0131d\u0131r. <\/span><\/strong><\/p>\n<p>&nbsp;<\/p>\n","protected":false},"excerpt":{"rendered":"<p>\u25cf Ve MUSTAFA KEMAL; \u015fanl\u0131 Kurtulu\u015f ve yeniden kurulu\u015f M&uuml;cadelemizin &ouml;nc&uuml; \u015fahsiyeti; tarihi direni\u015f ve talihli dirili\u015f hamlemizin simgesidir; bu nedenle iki t&uuml;rl&uuml; istismar edilir: 1- Kimileri Mustafa Kemal&rsquo;i tabula\u015ft\u0131r\u0131p, putla\u015ft\u0131r\u0131p, hatta bazen tanr\u0131la\u015ft\u0131r\u0131p; kendi dinsiz ve Darwinist ideolojilerine ve masonik hedeflerine Atat&uuml;rk&rsquo;&uuml; alet ve toplumu nefret ettirmektedir. 2- Ama kimileri de, Atat&uuml;rk&rsquo;&uuml; din d&uuml;\u015fman\u0131 [&hellip;]<\/p>\n","protected":false},"author":1,"featured_media":0,"comment_status":"open","ping_status":"closed","sticky":false,"template":"","format":"standard","meta":{"footnotes":""},"categories":[98],"tags":[],"class_list":["post-4094","post","type-post","status-publish","format-standard","hentry","category-ozel-yazilar"],"_links":{"self":[{"href":"https:\/\/www.millicozum.com\/mc\/wp-json\/wp\/v2\/posts\/4094","targetHints":{"allow":["GET"]}}],"collection":[{"href":"https:\/\/www.millicozum.com\/mc\/wp-json\/wp\/v2\/posts"}],"about":[{"href":"https:\/\/www.millicozum.com\/mc\/wp-json\/wp\/v2\/types\/post"}],"author":[{"embeddable":true,"href":"https:\/\/www.millicozum.com\/mc\/wp-json\/wp\/v2\/users\/1"}],"replies":[{"embeddable":true,"href":"https:\/\/www.millicozum.com\/mc\/wp-json\/wp\/v2\/comments?post=4094"}],"version-history":[{"count":0,"href":"https:\/\/www.millicozum.com\/mc\/wp-json\/wp\/v2\/posts\/4094\/revisions"}],"wp:attachment":[{"href":"https:\/\/www.millicozum.com\/mc\/wp-json\/wp\/v2\/media?parent=4094"}],"wp:term":[{"taxonomy":"category","embeddable":true,"href":"https:\/\/www.millicozum.com\/mc\/wp-json\/wp\/v2\/categories?post=4094"},{"taxonomy":"post_tag","embeddable":true,"href":"https:\/\/www.millicozum.com\/mc\/wp-json\/wp\/v2\/tags?post=4094"}],"curies":[{"name":"wp","href":"https:\/\/api.w.org\/{rel}","templated":true}]}}