{"id":421,"date":"2006-11-27T15:08:37","date_gmt":"2006-11-27T15:08:37","guid":{"rendered":"https:\/\/www.millicozum.com\/mc\/2006\/11\/27\/ayin-aynasi-4\/"},"modified":"2006-11-27T15:08:37","modified_gmt":"2006-11-27T15:08:37","slug":"ayin-aynasi-4","status":"publish","type":"post","link":"https:\/\/www.millicozum.com\/mc\/2005\/agustos-2005\/ayin-aynasi\/","title":{"rendered":"AYIN AYNASI"},"content":{"rendered":"<p align=\"center\"> <strong>\u0130RANDA HALKIN BA\u015eARISI ve BATILI G\u00dc\u00c7LER\u0130N TELA\u015eI<\/strong> <\/p>\n<h2><span style=\"font-size: 8pt\">Mahmud Ahmedi Necad, \u0130ran&#39;\u0131n 9. Cumhurba\u015fkan\u0131 oldu<\/span> <\/h2>\n<p> \u0130ran cumhurba\u015fkanl\u0131\u011f\u0131 se\u00e7iminin ikinci turuna kalmas\u0131 s\u00fcrpriz say\u0131lan, as\u0131l s\u00fcrprizi ise se\u00e7imi kazanarak yapan politikac\u0131 Mahmud Ahmedi Necad, b\u00fcy\u00fck h\u0131zla y\u00fckselerek devlet ba\u015fkanl\u0131\u011f\u0131 g\u00f6revine uzand\u0131. 2003 y\u0131l\u0131nda Tahran belediye ba\u015fkan\u0131 se\u00e7ilinceye kadar pek fazla tan\u0131nmayan Mahmud Ahmedi Necad, dini lider Ali Hamaney&#39;e ba\u011fl\u0131 yeni nesil muhafazakar siyaset\u00e7ilerin ba\u015f\u0131nda geliyor. Eski Devrim Muhaf\u0131zlar\u0131 Ordusu \u00fcyesi 49 ya\u015f\u0131ndaki Ahmedi Necad, sade giyimi ve g\u00f6steri\u015fsiz tarz\u0131yla tan\u0131n\u0131yor. Ahmedi Necad, 1979 \u0130ran \u0130slam devrimi ilkelerini\u00a0titiz \u015fekilde izleyen Besi\u00e7 adl\u0131 dini milis grubunun y\u00f6nlendiricilerinden ve Devrim Muhaf\u0131zlar\u0131&#39;n\u0131n yetkililerinden biri. Ahmedi Necad, Tahran Belediye Ba\u015fkanl\u0131\u011f\u0131 yapm\u0131\u015ft\u0131. Orta s\u0131n\u0131f bir ailenin yedi \u00e7ocu\u011fundan biri olarak ba\u015fkent Tahran&#39;\u0131n Garmsar semtinde d\u00fcnyaya gelen Ahmedi Necad, \u00f6\u011frencilik y\u0131llar\u0131nda muhafazakar kesimlerle tan\u0131\u015farak onlara kat\u0131ld\u0131. \u0130n\u015faat m\u00fchendisi olan Ahmedi Necad, Irak&#39;\u0131n \u0130ran&#39;a sald\u0131r\u0131s\u0131ndan sonra g\u00f6n\u00fcll\u00fc olarak orduya yaz\u0131lm\u0131\u015f ve Devrim Muhaf\u0131zlar\u0131 b\u00fcnyesinde Irak&#39;ta yap\u0131lan \u00e7ok say\u0131da operasyona kat\u0131lm\u0131\u015ft\u0131. Ahmedi Necad, sava\u015f\u0131n ard\u0131ndan siyasete at\u0131lm\u0131\u015f, ilk olarak da kuzeybat\u0131 vilayeti Maku&#39;nun valisi olmu\u015ftu.  <\/p>\n<p>  \u00a0  <\/p>\n<p> <strong>ABD: \u0130ran&#39;a ili\u015fkin g\u00f6r\u00fc\u015f\u00fcm\u00fcz de\u011fi\u015fmedi<\/strong> <\/p>\n<p> Mahmud Ahmedi Necad&#39;in se\u00e7imi kazand\u0131\u011f\u0131n\u0131n ortaya \u00e7\u0131kmas\u0131n\u0131n ard\u0131ndan ABD&#39;den yap\u0131lan ilk de\u011ferlendirmede, Washington&#39;\u0131n \u0130ran&#39;a ili\u015fkin g\u00f6r\u00fc\u015flerinin de\u011fi\u015fmedi\u011fi bildirildi. ABD D\u0131\u015fi\u015fleri Bakanl\u0131\u011f\u0131 s\u00f6zc\u00fclerinden Joanne Moore, &#39;&#39;kad\u0131nlar\u0131n da dahil oldu\u011fu \u00e7ok say\u0131da aday\u0131n kat\u0131lmas\u0131na izin verilmeyen \u0130ran se\u00e7imlerinde temel yanl\u0131\u015fl\u0131klar bulundu\u011funu&#39;&#39; iddia etti. Moore, &#39;&#39;\u0130ran&#39;da se\u00e7imlerin sona ermesiyle birlikte \u0130ran&#39;\u0131n, Ortado\u011fu&#39;nun di\u011fer b\u00f6lgelerinde, \u00f6zellikle Irak, Afganistan ve L\u00fcbnan&#39;da bariz \u015fekilde esen \u00f6zg\u00fcrl\u00fck ve demokrasi r\u00fczgarlar\u0131n\u0131n d\u0131\u015f\u0131nda kald\u0131\u011f\u0131 y\u00f6n\u00fcndeki g\u00f6r\u00fc\u015f\u00fcm\u00fcz\u00fc de\u011fi\u015ftirecek herhangi bir \u015fey g\u00f6rmedik&#39;&#39; dedi. <\/p>\n<p> <strong>RAFSANCAN\u0130 ABD&#39;YE YE\u015e\u0130L I\u015eIK YAKMI\u015eTI!<\/strong> <\/p>\n<p> \u0130ran eski Cumhurba\u015fkan\u0131 Ali Ekber Ha\u015fimi Rafsancani, ABD ile ili\u015fkilerinde &#39;&#39;yeni bir sayfa&#39;&#39; a\u00e7mak i\u00e7in zaman\u0131n uygun oldu\u011funu d\u00fc\u015f\u00fcnd\u00fc\u011f\u00fcn\u00fc a\u00e7\u0131klam\u0131\u015ft\u0131. CNN&#39;e verdi\u011fi deme\u00e7te, &quot;Gerilimi yumu\u015fatma ve \u0131l\u0131ml\u0131 davranma siyaseti izleyece\u011fim ve bu siyaseti ABD&#39;ye kar\u015f\u0131 da y\u00fcr\u00fctece\u011fim&quot; diyen cumhurba\u015fkan\u0131 aday\u0131 Rafsancani &#39;&#39;\u0130ran halk\u0131n\u0131n g\u00fcvenini kazanabilmek i\u00e7in Amerikal\u0131lar\u0131n yeni ve farkl\u0131 bir yol izlemeleri ve iyi niyet i\u015faretleri gibi yeni bir \u015feyler yapt\u0131klar\u0131n\u0131 g\u00f6stermeleri gerekiyor. Bunlar yap\u0131l\u0131rsa ABD ile konu\u015fup anla\u015fmakta herhangi bir mahzur g\u00f6rm\u00fcyorum.&#39;&#39; S\u00f6zleriyle ABD&#39;ye yaranmaya \u00e7al\u0131\u015fm\u0131\u015ft\u0131. <\/p>\n<p> Bu arada Cumhurba\u015fkan\u0131 Muhammed Hatemi&#39;nin eski yard\u0131mc\u0131s\u0131 Ali Abtahi, Hatemi&#39;nin, ABD ile \u0130ran aras\u0131ndaki buzlar\u0131 eritmeyi umdu\u011funu, ancak rejime hakim din adamlar\u0131n\u0131n engellemesiyle kar\u015f\u0131la\u015ft\u0131\u011f\u0131n\u0131 s\u00f6yledi. <\/p>\n<p> Abtahi, &quot;Hatemi 1990&#39;l\u0131 y\u0131llarda ABD ile diyalo\u011fun yeniden ba\u015flamas\u0131 i\u00e7in baz\u0131 f\u0131rsatlar\u0131n do\u011fdu\u011funu g\u00f6rd\u00fc, ancak 1979 y\u0131l\u0131ndaki \u0130slam devrimi&#39;nden buyana \u0130ran&#39;\u0131 y\u00f6neten &quot;se\u00e7ilmemi\u015f g\u00fc\u00e7l\u00fc teokrasi&quot; taraf\u0131ndan engellendi&quot; dedi.  <\/p>\n<p> <strong>\u0130ran Se\u00e7imleri ve AKP&#39;nin Yanl\u0131\u015f Tercihi<\/strong> <\/p>\n<p> \u0130ran&#39;da se\u00e7imler bitti ama tart\u0131\u015fmalar daha da alevlendi. T\u00fcrkiye yan\u0131 ba\u015f\u0131ndaki bu denli \u00f6nemli bir geli\u015fmeyi, yabanc\u0131 ve \u00fcrkek g\u00f6zlerle izledi. \u015eimdi, geli\u015fmelerin daha da h\u0131zlanmas\u0131 kar\u015f\u0131s\u0131nda do\u011frusu pek de haz\u0131rl\u0131kl\u0131 g\u00f6r\u00fcnm\u00fcyor. Her \u00fclkenin, daha do\u011frusu ciddi devlet gelene\u011fine sahip \u00fclkelerin baz\u0131 refleksleri vard\u0131r. Kendi i\u00e7inizdeki dinamiklerin yan\u0131 s\u0131ra, etraf\u0131n\u0131zda olup biteni, muhtemel geli\u015fmeleri \u00f6nceden g\u00f6rebilme\/y\u00f6nlendirebilme yetene\u011finiz ne kadar fazlaysa, o kadar etkin devlet olursunuz. <\/p>\n<p> Devlet, olup biten kar\u015f\u0131s\u0131nda tutukluk g\u00f6sterme l\u00fcks\u00fc olan bir mekanizma de\u011fildir. D\u00fcnyan\u0131n p\u00fcr dikkat izledi\u011fi ve ba\u015f\u0131ndan beri y\u00f6nlendirme \u00e7abas\u0131nda oldu\u011fu bir se\u00e7imin sonu\u00e7lanmas\u0131n\u0131n ard\u0131ndan, iki g\u00fcn boyunca tepki veremeyen bir yap\u0131n\u0131n, bundan sonraki acil meseleler kar\u015f\u0131s\u0131nda do\u011fru \u00e7\u00f6z\u00fcmler \u00fcretebilece\u011fini kim s\u00f6yleyebilir. \u0130ki tane yabanc\u0131 gazeteden kendi co\u011frafyas\u0131n\u0131 tan\u0131yanlar [ho\u015f yerlilere baksalar ne fark edecek], nas\u0131l olsa Rafsancani kazanacak diye rahatlar\u0131n\u0131 bozmazken, beklemedikleri sonu\u00e7 kar\u015f\u0131s\u0131nda ne hale geldiler, hep birlikte g\u00f6rd\u00fck. Alt\u0131n\u0131 \u00e7izmekte yarar var: Bat\u0131&#39;n\u0131n \u0130ran konusunda hata yapmas\u0131n\u0131n onlara getirece\u011fi bedelle, bizim yapaca\u011f\u0131m\u0131z hata sonunda \u00f6deyece\u011fimiz bedel k\u0131yaslanamaz. <\/p>\n<p> <strong>Peki, T\u00fcrkiye&#39;nin \u0130ran politikas\u0131 nedir?<\/strong> <\/p>\n<p> \u0130ran&#39;da yeni se\u00e7ilen cumhurba\u015fkan\u0131 ve bu \u00fclkenin gelece\u011finin bizi nas\u0131l etkileyece\u011fi konusunda, acaba T\u00fcrkiye D\u0131\u015fi\u015fleri&#39;nin, h\u00fck\u00fcmetin ve devletin di\u011fer ilgili birimlerini nas\u0131l bir haz\u0131rl\u0131\u011f\u0131 vard\u0131r? Bizim bildi\u011fimiz sinsi bir haz\u0131rl\u0131k vard\u0131r. Daha do\u011frusu gizli bir tart\u0131\u015fma ya\u015fanmaktad\u0131r. Yakla\u015f\u0131k bir y\u0131ld\u0131r Milli G\u00fcvenlik Siyaset Belgesi&#39;nde yap\u0131lacak de\u011fi\u015fikliklerde &quot;\u0130ran&#39;\u0131n birinci derecede tehdit oldu\u011funu&quot; yaz\u0131p yazmamak tart\u0131\u015f\u0131l\u0131yor. Hepsi bundan ibaret. B\u00f6yle bir tehdit ifadesinin yaz\u0131lmas\u0131 i\u00e7in kimlerin lobi yapt\u0131\u011f\u0131n\u0131 burada ifade etmek bile gereksiz olacakt\u0131r. \u0130ran&#39;da, medyam\u0131z\u0131n deyimiyle &quot;a\u015f\u0131r\u0131 muhafazak\u00e2r&quot; bir ismin cumhurba\u015fkan\u0131 olmas\u0131, ABD-\u0130srail ittifak\u0131n\u0131n bu \u00fclkeye y\u00f6nelik sald\u0131rgan tutumunu daha da ate\u015fledi. Hatta yahudi lobisinin \u00f6nemli isimleri, &quot;\u0130srail&#39;in \u0130ran&#39;\u0131 vurabilece\u011finden&quot; a\u00e7\u0131k\u00e7a s\u00f6z etmeye ba\u015flad\u0131. Buna ihtimal verenler \u015fimdilik \u00e7ok az. Ancak ortada zaten bir b\u00fcy\u00fck askeri harekattan bahseden kimse yok. Daha \u00e7ok \u0130ran&#39;daki nokta hedeflere y\u00f6nelik bir sald\u0131r\u0131 plan\u0131ndan s\u00f6z ediliyor ki, do\u011frusu geli\u015fmelere bak\u0131l\u0131rsa bu konuda iyimser olmak kolay de\u011fil. <\/p>\n<p> ABD&#39;de Irak&#39;ta yenilgi \u00fcst\u00fcne yenilgi ya\u015f\u0131yor. Memleketimizdeki birtak\u0131m zevat\u0131n &quot;tavu\u011fun ba\u015f\u0131n\u0131n kesildikten sonraki \u00e7\u0131rp\u0131n\u0131\u015f\u0131&quot; diye tarif etti\u011fi direni\u015f giderek daha nokta hedeflere y\u00f6nelik olarak b\u00fcy\u00fcyor. Ancak t\u00fcm bunlar ABD-\u0130srail ittifak\u0131n\u0131n yeni bir cephe a\u00e7mas\u0131na engel de\u011fil. Peki T\u00fcrkiye, mesela 1 Mart tezkeresinde oldu\u011fu gibi son dakika manevralar\u0131yla m\u0131 durumu idare edecek? \u00d6n\u00fcne k\u0131sa s\u00fcre sonra konulacak olan yeni &quot;i\u015fgal ortakl\u0131\u011f\u0131&quot; teklifleri kar\u015f\u0131s\u0131nda nas\u0131l bir politika belirleyecek? Bu sorulara baz\u0131 cevaplar vermek m\u00fcmk\u00fcn olabilirdi. Ancak T\u00fcrkiye Ba\u015fbakan\u0131&#39;n\u0131n, s\u0131k\u0131nt\u0131l\u0131 ABD ziyaretinin ard\u0131ndan yeniden bu \u00fclkeye gitmek i\u00e7in haz\u0131rl\u0131k yapmas\u0131 ve bu kez daha farkl\u0131 bir program olu\u015fturmas\u0131, i\u015fleri iyice karma\u015f\u0131k hale getiriyor. Bush ve ekibi taraf\u0131ndan eskisi kadar heyecanla kar\u015f\u0131lanmayan AKP iktidar\u0131n\u0131n yeni hedefi, d\u00fcnyada finans kapitali y\u00f6neten g\u00fc\u00e7 merkezleri mi? Bilderberg toplant\u0131lar\u0131na T\u00fcrkiye&#39;den yap\u0131lan davetlerin ekonomi merkezli olmas\u0131n\u0131 bir kez daha hat\u0131rlamakta yarar var. George Soros&#39;un, \u00f6nce Ba\u015fbakan taraf\u0131ndan yat\u0131r\u0131m i\u00e7in davet edilmesi, ard\u0131ndan T\u00fcrkiye&#39;deki uzun temaslar\u0131, Erdo\u011fan&#39;\u0131n yeni ABD ziyaretinde d\u00fcnyan\u0131n \u00f6nemli bir medya patronu ile g\u00f6r\u00fc\u015fme \u00e7abas\u0131. T\u00fcm bunlar, AKP a\u00e7\u0131s\u0131ndan tuhaf bir makas de\u011fi\u015fikli\u011finin i\u015faretleri. Makas\u0131n ayar\u0131n\u0131 Soros&#39;un yapt\u0131\u011f\u0131n\u0131 d\u00fc\u015f\u00fcn\u00fcrsek, AKP&#39;nin her ge\u00e7en g\u00fcn d\u00fcnyadaki finans kapital merkezleri ile biraz daha yak\u0131nla\u015ft\u0131\u011f\u0131n\u0131 g\u00f6rebiliriz. <\/p>\n<p> AKP&#39;nin b\u00f6yle bir\u00a0 &quot;de\u011fi\u015fim&quot; i\u00e7in gerek\u00e7esi haz\u0131r. &quot;Bush&#39;un sald\u0131rgan politikalar\u0131ndan Soros&#39;un &quot;\u00f6zg\u00fcrl\u00fck\u00e7\u00fc&quot; yakla\u015f\u0131mlar\u0131na do\u011fru bir tercihte bulunduklar\u0131n\u0131 d\u00fc\u015f\u00fcn\u00fcyorlar&quot;<a name=\"_ftnref1\" href=\"#_ftn1\" title=\"_ftnref1\">[1]<\/a> Bu arada unutmadan, D\u00fcnya Mimarlar Kongresi ni\u00e7in \u0130stanbul&#39;da yap\u0131l\u0131yor? Yoksa ek\u00fcmenlik patrikli\u011fin, yani yeni Vatikan din devletinin alt yap\u0131s\u0131 m\u0131 haz\u0131rlan\u0131yor? <\/p>\n<p> <strong>ABD ve Avrupa&#39;da Ahmedi Necad&#39;\u0131n Cumhurba\u015fkan\u0131 Se\u00e7ilmesinin \u015eoku S\u00fcr\u00fcyor!<\/strong> <\/p>\n<p> Frans\u0131z bas\u0131n\u0131ndan Liberation gazetesi, \u0130ran&#39;da cumhurba\u015fkanl\u0131\u011f\u0131na Ahmedi Necad&#39;\u0131n se\u00e7ilmesini, ABD Ba\u015fkan\u0131 George W. Bush&#39;a a\u011f\u0131r\u00a0 bir darbe olarak niteledi. Gazete Ahmedi Necad&#39;\u0131n b\u00fcy\u00fck \u00e7o\u011funlukla cumhurba\u015fkanl\u0131\u011f\u0131na gelmesinin de Amerika&#39;n\u0131n B\u00fcy\u00fck Ortado\u011fu Projesi&#39;nin uygulanmas\u0131na ciddi engeller olu\u015fturaca\u011f\u0131n\u0131 yazd\u0131. Liberation gazetesi, bu saatten sonra Bush&#39;un Ortado\u011fu i\u015finin zor oldu\u011funa dikkati \u00e7ekti. ABD&#39;nin B\u00fcy\u00fck Ortado\u011fu Projesi ile Ortado\u011fu \u00fclkelerinde b\u00fcy\u00fck siyasi geli\u015fmelerin ya\u015fanmas\u0131ndan yana oldu\u011funu ama\u00a0 Ahmedi Necad&#39;\u0131n se\u00e7ilmesiyle bu hedeflerinin \u015fimdiden a\u011f\u0131r yenilgi ald\u0131\u011f\u0131na dikkat \u00e7eken Liberation gazetesi, Amerika&#39;n\u0131n Ortado\u011fu hedeflerinin \u015fimdiden \u00e7\u0131kmaza girdi\u011fini belirtti.  <\/p>\n<p> <strong>\u0130ngiltere i\u00e7in b\u00fcy\u00fck fiyasko!<\/strong>  <\/p>\n<p> Londra&#39;da yay\u0131nlanan Guardian gazetesi, Mahmud Ahmedi Necad&#39;\u0131n cumhurba\u015fkan\u0131 se\u00e7ilmesini \u0130ngiltere i\u00e7in yenilgi \u015feklinde de\u011ferlendirdi. Guardian, Tahran Belediye Ba\u015fkan\u0131 Ahmedi Necad&#39;\u0131n cumhurba\u015fkanl\u0131\u011f\u0131na se\u00e7ilmesiyle ilgili yay\u0131nlad\u0131\u011f\u0131 bir haberde, &quot;\u0130ran&#39;daki geli\u015fmeler \u0130ngiliz istihbarat\u0131 i\u00e7in b\u00fcy\u00fck bir hezimettir. \u00c7\u00fcnk\u00fc bu sonucu tahmin edememi\u015ftir dedi. <\/p>\n<p> Gazete, \u0130ran&#39;daki \u0130ngiltere B\u00fcy\u00fckel\u00e7ili\u011fi&#39;nin se\u00e7imlerle ilgili olarak \u0130ngiltere&#39;ye aktard\u0131\u011f\u0131 bilgilerin asl\u0131nda \u00e7ok b\u00fcy\u00fck hata oldu\u011funu bir daha g\u00f6sterdi\u011fini \u00e7\u00fcnk\u00fc\u00a0 geli\u015fmelerin b\u00fcy\u00fckel\u00e7ili\u011fin tahminlerinin tam aksine oldu\u011funu bildirdi. <\/p>\n<p> \u0130ngiltere&#39;nin 11 Eyl\u00fcl&#39;\u00fc say\u0131lacak Londra&#39;daki patlamalar ise, korkar\u0131z ki \u0130ran&#39;a y\u00f6nelik bir sald\u0131r\u0131n\u0131n bahanesi haline getirilecektir. <\/p>\n<p> <strong>\u0130ran&#39;\u0131n d\u0131\u015f politikas\u0131 de\u011fi\u015fmeyecek <\/strong> <\/p>\n<p> \u0130ran&#39;\u0131n n\u00fckleer konulardaki g\u00f6r\u00fc\u015fmecilerinden Ulusal Y\u00fcksek G\u00fcvenlik Konseyi (UYGK) s\u00f6zc\u00fcs\u00fc Ali A\u011fa Muhammedi, cumhurba\u015fkanl\u0131\u011f\u0131na Mahmud Ahmedi Necad&#39;\u0131n se\u00e7ilmesinin ard\u0131ndan \u0130ran d\u0131\u015f politikas\u0131n\u0131n de\u011fi\u015fmeyece\u011fini belirtti. \u0130SNA \u00d6\u011frenci Ajans\u0131n\u0131n haberine g\u00f6re, A\u011fa Muhammedi yapt\u0131\u011f\u0131 a\u00e7\u0131klamada, Ahmedi Necad&#39;\u0131n 3 A\u011fustos&#39;ta g\u00f6revi devralmas\u0131n\u0131n y\u00f6netim kademesinde baz\u0131 de\u011fi\u015fiklikleri de beraberinde getirece\u011fini kabul ederek, &#39;&#39;\u00dclkenin d\u0131\u015f politikas\u0131 ana hatlar\u0131yla de\u011fi\u015fmeyecek. Y\u00f6netim kademesinde kan de\u011fi\u015fimi olacak, ancak bu, t\u00fcm y\u00f6neticilerin de\u011fi\u015fece\u011fi anlam\u0131na gelmemeli, bu ki\u015filer uzman&#39;&#39; dedi. A\u011fa Muhammedi, &#39;&#39;yeni cumhurba\u015fkan\u0131n\u0131n, g\u00f6revi devralana kadar n\u00fckleer dosyalardan haberdar edilece\u011fini ve h\u00fck\u00fcmetin kurulmas\u0131n\u0131n ard\u0131ndan da t\u00fcm dosyalar hakk\u0131nda bilgi sahibi olaca\u011f\u0131n\u0131&#39;&#39; belirtti.  <\/p>\n<p> <strong>\u0130srail, Ahmedi Necad&#39;tan \u00e7ok rahats\u0131z!<\/strong> <\/p>\n<p> Ortado\u011fu&#39;nun n\u00fckleer silah deposu olan \u0130srail, yine utanmadan \u0130ran&#39;\u0131 su\u00e7lad\u0131. D\u00fcnyan\u0131n 4. n\u00fckleer silah g\u00fcc\u00fc oldu\u011fu s\u00f6ylenen \u0130srail&#39;in Cumhurba\u015fkan\u0131 Mo\u015fe Katsav,\u00a0 \u0130ran&#39;da cumhurba\u015fkan\u0131 se\u00e7ilen Mahmud Ahmedi Necad&#39;\u0131n tutumunu &#39;&#39;\u00e7ok olumsuz&#39;&#39; olarak de\u011ferlendirerek, &#39;&#39;\u0130ran&#39;\u0131n n\u00fckleer program\u0131n\u0131n sadece \u0130srail&#39;i de\u011fil, Avrupa&#39;y\u0131 da tehdit etti\u011fini&#39;&#39; \u00f6ne s\u00fcr\u00fcp sald\u0131rd\u0131. Resmi bir ziyaret i\u00e7in \u0130spanya&#39;da bulunan Katsav, d\u00fczenledi\u011fi bas\u0131n toplant\u0131s\u0131nda, &#39;&#39;Yeni \u0130ran cumhurba\u015fkan\u0131n\u0131n tutumunun \u00e7ok olumsuz oldu\u011funu d\u00fc\u015f\u00fcn\u00fcyorum. Tehdit sadece \u0130srail&#39;i kapsam\u0131yor. \u0130ran 2000-3000 kilometre menzile sahip f\u00fczeler geli\u015ftirmeye \u00e7al\u0131\u015f\u0131yor. Bu, Avrupa i\u00e7in de b\u00fcy\u00fck bir tehdittir iddias\u0131n\u0131 ortaya att\u0131. <\/p>\n<p> Katsav, &#39;&#39;\u0130ran&#39;\u0131n n\u00fckleer alanda \u00fcst\u00fcnl\u00fc\u011fe ula\u015fmas\u0131n\u0131n bu \u00fclkeyi d\u00fcnyadaki bar\u0131\u015f ve istikrar i\u00e7in bir felaket haline getirece\u011fini&#39;&#39; \u00f6ne s\u00fcrd\u00fc. Uluslararas\u0131 toplumu \u0130ran kar\u015f\u0131s\u0131nda kararl\u0131 olmaya \u00e7a\u011f\u0131ran Katsav, &#39;&#39;D\u00fcnya kararl\u0131l\u0131k g\u00f6sterirse, \u0130ran&#39;\u0131n n\u00fckleer silah edinme \u00e7al\u0131\u015fmalar\u0131n\u0131 durduraca\u011f\u0131na inan\u0131yorum diyerek avrupay\u0131 \u0130rana kar\u015f\u0131 k\u0131\u015fk\u0131rtt\u0131. <\/p>\n<p> <strong>\u0130ran&#39;da cumhurba\u015fkan\u0131 se\u00e7ilen Ahmedi Necad, ise &#39;&#39;bar\u0131\u015f\u00e7\u0131 n\u00fckleer programlar\u0131n\u0131 s\u00fcrd\u00fcreceklerini&#39;&#39; a\u00e7\u0131klad\u0131.<\/strong> \u00d6te yandan, \u0130ran&#39;\u0131n dini lideri Ayetullah Seyyid Ali Hameney, 9. d\u00f6nem cumhurba\u015fkanl\u0131\u011f\u0131 se\u00e7imlerinin ikinci turuna bir \u00f6nceki tur gibi halk\u0131n g\u00f6rkemli ve co\u015fkulu bir kat\u0131l\u0131m sergilemesini, &#8216;\u0130ran halk\u0131n\u0131n, izzet, azamet ve mant\u0131\u011f\u0131n\u0131n tecellisi&#39; olarak niteledi ve Ahmedi Necad&#39;a destek \u00e7\u0131kt\u0131. \u0130ranl\u0131 muzaffer lider Nejad&#39;\u0131n\u00a0 bar\u0131\u015fc\u0131 n\u00fckl\u00fcer silah yap\u0131m\u0131nda \u0131srarl\u0131 olacaklar\u0131na ve ABD&#39;ye kulak asmayacakar\u0131na dair verdi\u011fi ilk deme\u00e7lerin, ABD&#39;nin \u0130ran&#39;a sald\u0131rmas\u0131 i\u00e7in kafi bir sebep olu\u015fturabilece\u011fine dair yorumlar yap\u0131l\u0131yor. Art\u0131k CENTOYA, NATO&#39;ya AB&#39;ye, BOP&#39;a, B\u0130P&#39;e sadakat yemini ederken, J\u0130NSA&#39;dan ve ADL&#39;den ( ABD&#39;deki bir tak\u0131m Yahudi \u00f6rg\u00fctleri) \u00f6d\u00fcl almakla yetinen&quot; ve tatmin olan liderler devri \u0130slam aleminde kapan\u0131yor galiba. Suudilerin Condeleezza R\u0130CE&#39;a bu yak\u0131nda &quot;sen i\u015fine bak&quot; tarz\u0131ndaki haysiyetli cevaplar\u0131; Erbakan, Mahattir ku\u015fa\u011f\u0131 liderlerinin g\u00fc\u00e7lendi\u011fini g\u00f6sterir. Buna bat\u0131dan m\u0131 diyelim G\u00fcney Amerika&#39;dan m\u0131 diyelim, benzer sesleri ilave ederseniz, \u0130slam liderleri ve ba\u011f\u0131ms\u0131zl\u0131k\u00e7\u0131 bat\u0131l\u0131 liderler&quot; k\u00fcresel g\u00fc\u00e7&quot; lere kar\u015f\u0131 uzun ve sa\u011flam bir cephe olu\u015fturuyor. ABD hakk\u0131ndan gelebilseydi Venezuella se\u00e7imlerinde ba\u015far\u0131l\u0131 olurdu&#8230; Chavez&#39;in ba\u015far\u0131na engel olabilirdi ama Chavez d\u00fcnya milli cephesinin hat\u0131r\u0131 say\u0131l\u0131r liderlerinden biri oldu. Suriye&#39;nin her \u015feye ra\u011fmen fazla taviz vermeyen tavr\u0131, Kore, Rusya; Hindistan&#39;la Pakistan&#39;\u0131n aralar\u0131ndaki ihtilaflar\u0131 \u00e7\u00f6zmedeki diren\u00e7leri art\u0131k d\u00fcnyan\u0131n yeniden \u015fekillendi\u011fini, bununda milli ba\u011f\u0131ms\u0131z h\u00fck\u00fcmetler eliyle yap\u0131laca\u011f\u0131 g\u00f6steriyor. <\/p>\n<p> <strong>\u0130ran se\u00e7imleri kimleri korkutuyor<\/strong> <\/p>\n<p> \u0130ran&#39;da Cumhurba\u015fkanl\u0131\u011f\u0131 se\u00e7imini ikinci turda Ahmedi Necad&#39;\u0131n kazanmas\u0131 ba\u015fta ABD olmak \u00fczere bu \u00fclkenin yanl\u0131lar\u0131 ile \u0130slam&#39;a kar\u015f\u0131 \u015fartlanm\u0131\u015f kafalar\u0131 tela\u015fland\u0131rd\u0131rm\u0131\u015fa benziyor!<br \/> Yeni \u0130ran Cumhurba\u015fkan\u0131 Ahmedi Necad radikal bir \u00e7izgide g\u00f6steriliyor. &quot;\u00d6nderim Humeyni&quot;, &quot; &quot;\u00d6nceli\u011fimiz \u0130slam \u00fclkeleri&quot; diyor. B\u00f6yle dedi\u011fi i\u00e7in de a\u015f\u0131r\u0131 olarak nitelendiriliyor ve baz\u0131lar\u0131 rahats\u0131z oluyor. Ahmedi Necad ayn\u0131 konu\u015fmas\u0131nda \u0130ran&#39;a d\u00fc\u015fmanl\u0131k beslemeyen her \u00fclke ile iyi ili\u015fki kurmak istediklerini de s\u00f6yl\u00fcyor. Ama bu s\u00f6zler belli \u00e7evreler taraf\u0131ndan nedense duyulmak istenmiyor. \u00c7\u00fcnk\u00fc bu \u00e7evreler ba\u015f\u0131ndan beri \u0130ran&#39;dan rahats\u0131zlar ve \u0130ran&#39;a kar\u015f\u0131 d\u00fc\u015fmanca bir tav\u0131r sergiliyor. &quot;Siyasetimizde \u00f6ncelik; ba\u015fta kom\u015fu \u00fclkeler olmak \u00fczere, b\u00fct\u00fcn \u00fclkelerle ve \u00f6zellikle de \u0130slam \u00fclkeleriyle ili\u015fkileri geli\u015ftirmektir&quot; diyen \u0130ran&#39;\u0131n yeni Cumhurba\u015fkan\u0131 Ahmedi Necad buna bir istisna olarak \u0130srail&#39;i g\u00f6steriyor&#8230; \u0130srail d\u0131\u015f\u0131nda t\u00fcm \u00fclkelerle ili\u015fkileri geli\u015ftirmek istediklerini vurguluyor. <\/p>\n<p> <strong>\u0130ran&#39;a kar\u015f\u0131 ortak cephe aray\u0131\u015flar\u0131<\/strong> <\/p>\n<p> ABD Ba\u015fkan\u0131 Bush ile Almanya Ba\u015fbakan\u0131 Schr\u00f6der&#39;in \u0130ran&#39;la ilgili s\u0131k\u0131 pazarl\u0131k yapt\u0131klar\u0131 anla\u015f\u0131ld\u0131<br \/> ABD&#39;nin ba\u015fkenti Washington&#39;da biraraya gelen ABD Ba\u015fkan\u0131 George W Bush ve Alman Ba\u015fbakan Gerhard Schr\u00f6der ABD-Almanya ili\u015fkilerinde yeni, s\u0131cak bir d\u00f6nemin a\u00e7\u0131l\u0131\u015f\u0131n\u0131 yapt\u0131. <br \/> Schr\u00f6der&#39;e Almanya&#39;n\u0131n BM G\u00fcvenlik Konseyi&#39;nde daimi koltuk talebini bloke etmeyece\u011fi s\u00f6z\u00fc veren Ba\u015fkan Bush, Alman lider ile &quot;d\u00fcr\u00fcst&quot; bir g\u00f6r\u00fc\u015fme ger\u00e7ekle\u015ftirdiklerini belirtti. Bush&#39;un &quot;hi\u00e7 bir \u00fclkenin G\u00fcvenlik Konseyi bahsine kar\u015f\u0131 \u00e7\u0131km\u0131yoruz&quot; s\u00f6zleri Alman lider taraf\u0131ndan memnuniyetle kar\u015f\u0131land\u0131. \u00d6ncelikle BM reformlar\u0131n\u0131n tamamlanmas\u0131, ard\u0131ndan da potansiyel \u00fcyelerin belirlenmesi gerekti\u011fini belirten Schr\u00f6der,\u00a0 &quot;Bush&#39;un, Almanya&#39;n\u0131n \u00fcyelik talebine kar\u015f\u0131 \u00e7\u0131kmamas\u0131ndan b\u00fcy\u00fck memnunluk duyuyorum&quot; dedi. Schr\u00f6der, Ba\u015fkan Bush&#39;a Almanya&#39;n\u0131n Afganistan ve Balkanlar&#39;da bar\u0131\u015f ve istikrar\u0131n sa\u011flanmas\u0131nda g\u00f6sterdi\u011fi \u00e7abalar\u0131 da hat\u0131rlatt\u0131\u011f\u0131n\u0131 ifade etti. Schr\u00f6der, &quot;B\u00fct\u00fcn bu uluslararas\u0131 i\u015fleri yapt\u0131\u011f\u0131m\u0131za g\u00f6re g\u00fcn\u00fcn birinde G\u00fcvenlik Konseyi&#39;nde de daimi \u00fcyelik hakk\u0131n\u0131 elde edebilece\u011fimizi umuyoruz&quot; diye konu\u015ftu. Bu s\u00f6zler Bush taraf\u0131ndan &quot;e\u011fer irana kar\u015f\u0131 ABD&#39;yi desteklerseniz, Almanya&#39;ya BM&#39;de daimi \u00fcyelik hakk\u0131 tan\u0131r\u0131z&quot; \u015feklinde bir teklif getirildi\u011fi tarz\u0131nda yorumland\u0131. <\/p>\n<p> <strong>\u0130ran ve g\u00f6n\u00fcll\u00fc cehalet<\/strong> <\/p>\n<p> T\u00fcrkiye medyas\u0131n\u0131n \u00f6nemli bir b\u00f6l\u00fcm\u00fcn\u00fcn \u0130ran konusundaki tavr\u0131 &quot;g\u00f6n\u00fcll\u00fc cehalet&quot;ten \u00f6teye gitmiyor. S\u0131n\u0131r kom\u015fumuz olan bu \u00fclkeyle ilgili bilgi, de\u011ferlendirme ve \u00f6ng\u00f6r\u00fcler, Amerikan medyas\u0131n\u0131n egemenli\u011finden kurtulam\u0131yor bir t\u00fcrl\u00fc. Dolay\u0131s\u0131yla da bunlar, ABD&#39;nin son birka\u00e7 y\u0131ld\u0131r aktif hale getirdi\u011fi sald\u0131rgan politikalar\u0131n s\u00f6zc\u00fcs\u00fc haline gelmekten ba\u015fka bir i\u015fe yaram\u0131yor.  <\/p>\n<p> \u0130ran&#39;\u0131n sahip oldu\u011fu d\u00fc\u015f\u00fcnce ve k\u00fclt\u00fcr atmosferi, onun a\u00e7\u0131s\u0131ndan iki \u00f6nemli sorunu beraberinde getiriyor. Birincisi: felsefe ve d\u00fc\u015f\u00fcnce ekollerinin, Zerd\u00fc\u015ftilik&#39;ten \u0130slam&#39;\u0131n \u015eii (ve elbette bat\u0131ni) yorumlar\u0131na kadar inan\u0131lmaz bir \u00e7e\u015fitlili\u011fin varoldu\u011fu ve\u00a0 halen ya\u015fad\u0131\u011f\u0131 bir \u00fclkeyi y\u00f6netmek ba\u015fl\u0131 ba\u015f\u0131na bir problem.. \u0130kincisi bu denli karma\u015f\u0131k bir dokuyu kavray\u0131p, o \u00fclke hakk\u0131nda s\u00f6z s\u00f6ylemenin ciddi bir malumat gerektirdi\u011fi. (Ba\u015fka bir deyi\u015fle, hari\u00e7ten gazel okuman\u0131n biraz ay\u0131p oldu\u011fu.)\u0130\u015fte bu noktadan, g\u00fcn\u00fcm\u00fcze ve siyasete h\u0131zl\u0131 bir d\u00f6n\u00fc\u015f yaparsak; \u0130ran se\u00e7imlerini de\u011ferlendirirken, bat\u0131 medyas\u0131n\u0131n \u00fcretti\u011fi &quot;muhafazakar&quot; ve &quot;reformcu&quot; ayr\u0131m\u0131n\u0131n, ne kadar tutarl\u0131 oldu\u011funu sorgulamak gerekiyor. Bu t\u00fcr yakla\u015f\u0131mlar ve \u00fcretilen kavramlar, b\u00f6yle bir \u00fclkeyi anlamam\u0131za yard\u0131mc\u0131 olmuyor. Aksine g\u00f6z\u00fcm\u00fcze yeni perdeler \u00e7ekiyor ve i\u015fte o zaman, g\u00f6rmemizi engelleyenlerin iste\u011fi yerine geliyor. Se\u00e7imlerle ilgili de\u011ferlendirmelere \u015f\u00f6yle bir g\u00f6z at\u0131n. Hatta m\u00fcmk\u00fcnse birka\u00e7 ayl\u0131k k\u0131sa bir tarama yap\u0131n. Belli merkezlerde \u00fcretilen tahminlerin, se\u00e7imlerin birinci turunda ortaya \u00e7\u0131kan sonu\u00e7lardan ne kadar farkl\u0131 oldu\u011funu g\u00f6receksiniz. Rafsancani&#39;yi &quot;\u0131l\u0131ml\u0131 muhafazakar&quot;, Ahmedinecat&#39;\u0131 da &quot;a\u015f\u0131r\u0131 muhafazakar&quot; ilan etmekle i\u015f bitmiyor. Hadi tarihsel perspektifleri bir kenara b\u0131rakal\u0131m. Ama hi\u00e7 olmazsa \u0130ran&#39;da halen \u00e7ok ciddi bir g\u00fc\u00e7 merkezi olan dini rehberli\u011fi, onun kontrol\u00fcnde olan kurumlar\u0131, siyaseti belirleyen karma\u015f\u0131k g\u00fc\u00e7 merkezlerini (mesela Kum&#39;daki farkl\u0131 yap\u0131lar\u0131), \u015eiili\u011fin tarihsel olarak sahip oldu\u011fu siyasi k\u0131vrakl\u0131\u011f\u0131\/derinli\u011fi anlamadan, &quot;liberal&quot;, &quot;reformcu&quot; ya da &quot;tutucu&quot; gibi kavramlara s\u0131\u011f\u0131narak bu \u00fclkeyi de\u011ferlendirmek, en ba\u015fta kendimize haks\u0131zl\u0131k olacakt\u0131r. \u0130ran&#39;\u0131 do\u011fru de\u011ferlendirmeme l\u00fcks\u00fcne herkes sahip olabilir. Ama T\u00fcrkiye asla b\u00f6yle kolayc\u0131 yakla\u015f\u0131mlara mahkum olmamal\u0131d\u0131r. Yakla\u015fan tehlike, bu iki \u00fclkenin tarihlerinde ba\u015faramad\u0131klar\u0131 bir i\u015fbirli\u011finin kap\u0131s\u0131n\u0131 aralayabilir.<a name=\"_ftnref2\" href=\"#_ftn2\" title=\"_ftnref2\">[2]<\/a> Unutmayal\u0131m&#8230; \u0130ran, yan\u0131 ba\u015f\u0131m\u0131zda&#8230; G\u00f6n\u00fcll\u00fc cehalet maalesef kafam\u0131zda ve felaket kap\u0131m\u0131zda. <\/p>\n<p> <strong>Nas\u0131l Bir S\u00fcrpriz Bu..? <\/strong> <\/p>\n<p> \u0130ran&#39;daki Cumhurba\u015fkanl\u0131\u011f\u0131 se\u00e7imlerinin sonucu b\u00fct\u00fcn d\u00fcnyada &quot;s\u00fcrpriz&quot; olarak nitelendirildi. 24 Haziran 2005 Cuma g\u00fcn\u00fc yap\u0131lan ikinci turun sonunda beklendi\u011fi gibi Ha\u015fimi Rafsancani&#39;nin de\u011fil, 49 ya\u015f\u0131ndaki Tahran Belediye Ba\u015fkan\u0131 Mahmud Ahmedi Necad&#39;\u0131n, hem de y\u00fczde 61 gibi ezici bir oy alarak se\u00e7ilmesi, baz\u0131 hesaplar\u0131 bozdu. Reform ve ABD ile ili\u015fkileri d\u00fczeltme sloganlar\u0131n\u0131 \u00f6ne alan Rafsancani&#39;nin kaybetmesi, \u0130ran halk\u0131n\u0131n tercihinde ba\u015fka fakt\u00f6rlerin belirleyici oldu\u011funu ortaya koydu. Bu fakt\u00f6rleri iyi de\u011ferlendirerek, hem \u0130ran&#39;\u0131n gelece\u011fini hem de b\u00f6lgesel d\u00fczeydeki sars\u0131c\u0131 geli\u015fmelerin Iran halk\u0131 \u00fczerinde nas\u0131l etki uyand\u0131rd\u0131\u011f\u0131n\u0131 anlayabiliriz. Reformlar\u0131 ABD&#39;ye davet olarak alg\u0131layanlar i\u00e7in sonu\u00e7 elbette s\u00fcrpriz olacakt\u0131r. \u00c7\u00fcnk\u00fc onlar i\u00e7in, ne anlama geldi\u011fini bile sorgulamad\u0131klar\u0131 reform, ABD&#39;nin L\u00fcbnan&#39;dan Basra K\u00f6rfezi&#39;ne kadar yapt\u0131\u011f\u0131n\u0131 \u0130ran \u00fczerinde de denemesidir. Onlar reform \u00e7abalar\u0131n\u0131 \u00f6zg\u00fcrl\u00fck alanlar\u0131n\u0131n geni\u015fletilmesi olarak de\u011fil, s\u00f6zc\u00fcl\u00fc\u011f\u00fcn\u00fc \u00fcslendikleri g\u00fc\u00e7lerin \u00f6n\u00fcn\u00fcn a\u00e7\u0131lmas\u0131 olarak alg\u0131l\u0131yor.  <\/p>\n<p> Se\u00e7im sonucu, bundan sonra \u0130ran&#39;da &quot;kontroll\u00fc reform&quot; d\u00f6neminin ba\u015flayaca\u011f\u0131na y\u00f6nelik i\u015faretleri ortaya koydu. Reform taleplerinin birilerinin d\u0131\u015f politika malzemesi olmas\u0131n\u0131n \u00f6n\u00fcne ge\u00e7ecek, \u0130ran halk\u0131n\u0131n tercihlerini esas alacak irade taraftar buldu. &quot;Kimin ne giyece\u011finin bug\u00fcn \u00fclkenin temel sorunu olmad\u0131\u011f\u0131n\u0131&quot; s\u00f6yleyen yeni Cumhurba\u015fkan\u0131, Pazar g\u00fcn\u00fc yapt\u0131\u011f\u0131 bas\u0131n toplant\u0131s\u0131nda, &quot;Il\u0131ml\u0131 bir h\u00fck\u00fcmetin kurulaca\u011f\u0131n\u0131, \u0131l\u0131ml\u0131l\u0131\u011f\u0131n 70 milyon \u0130ranl\u0131&#39;y\u0131 temsil edecek y\u00f6netimin temel politikas\u0131 olaca\u011f\u0131n\u0131, yeni y\u00f6netimde a\u015f\u0131r\u0131 u\u00e7lara yer verilmeyece\u011fini, adaleti ve uzla\u015fmay\u0131 esas alacaklar\u0131n\u0131, halk\u0131n iradesini \u00f6nde tutacaklar\u0131n\u0131&quot; a\u00e7\u0131klad\u0131. Bunlar\u0131n yan\u0131nda; &quot;\u0130ran&#39;\u0131n ulusal \u00e7\u0131karlar\u0131ndan taviz verilmeyece\u011fini, \u0130ran&#39;a dost\u00e7a bakan her \u00fclkeyle i\u015fbirli\u011fi yapacaklar\u0131n\u0131&quot; belirterek, &quot;\u0130ran ilerleme ve kalk\u0131nma yolundad\u0131r. Bu yolda Amerika&#39;ya ihtiyac\u0131m\u0131z yok&quot; ifadesini kulland\u0131.  <\/p>\n<p> Se\u00e7im sonu\u00e7lar\u0131na sayg\u0131 duymayanlar\u0131 sadece son c\u00fcmle ilgilendiriyor. \u00c7\u00fcnk\u00fc \u00f6zg\u00fcrl\u00fck de, demokrasi de, me\u015fruiyet de onlara g\u00f6re ABD \u00e7\u0131karlar\u0131yla \u00f6rt\u00fc\u015ft\u00fc\u011f\u00fc zaman de\u011fer ifade ediyor. ABD&#39;nin b\u00f6lgesel ve k\u00fcresel \u00e7\u0131karlar\u0131na ters d\u00fc\u015fen her s\u00f6ylem ve hareket, kayna\u011f\u0131n\u0131 nereden al\u0131rsa als\u0131n onlara g\u00f6re asla me\u015fru de\u011fildir. Bu, sadece \u0130ran i\u00e7in de\u011fil, T\u00fcrkiye dahil, b\u00f6lgedeki her \u00fclke i\u00e7in ge\u00e7erlidir. Bug\u00fcn T\u00fcrk-Amerikan ili\u015fkilerindeki so\u011fuklu\u011fu sorgulayanlar\u0131n, neden s\u00fcrekli T\u00fcrkiye&#39;yi mahkum edip ABD&#39;yi hakl\u0131 \u00e7\u0131kard\u0131\u011f\u0131n\u0131n cevab\u0131 i\u015fte burada.  <\/p>\n<p> ABD, sonu\u00e7lar\u0131n demokrasiyle hi\u00e7bir ilgisi bulunmad\u0131\u011f\u0131n\u0131 s\u00f6yleyedursun, A\u011fustos ay\u0131nda g\u00f6revi devralacak yeni Cumhurba\u015fkan\u0131, Halk\u0131n M\u00fccahitleri ve Amerikanc\u0131 \u00f6rg\u00fctlerden olu\u015fan 3 milyonluk \u0130ran diasporas\u0131n\u0131n iddialar\u0131n\u0131n aksine, halk\u0131n g\u00fcvenini kazanm\u0131\u015f bir isim. \u00d6zellikle fakir kesimlere y\u00f6nelik \u00e7al\u0131\u015fmalar\u0131 ve mesajlar\u0131, yolsuzlukla m\u00fccadele azmi, mafyaya y\u00f6nelik \u00e7al\u0131\u015fmalar\u0131 kazanmas\u0131nda etkili oldu.  <\/p>\n<p> Ancak bana g\u00f6re \u0130ran halk\u0131n\u0131n tercihinde g\u00fcvenlik endi\u015fesi \u00e7ok b\u00fcy\u00fck rol oynad\u0131. Her taraftan ku\u015fat\u0131lm\u0131\u015f bir \u00fclkede bundan daha do\u011fal ne olabilir? \u0130ran&#39;\u0131n do\u011fusundaki Afganistan ABD i\u015fgali alt\u0131nda. Pakistan ABD \u00fcsleriyle dolu. Bat\u0131s\u0131ndaki Irak ABD i\u015fgali alt\u0131nda. Daha bat\u0131s\u0131ndaki Suriye ve L\u00fcbnan&#39;a y\u00f6nelik m\u00fcdahaleler ortada. T\u00fcrkiye&#39;de ABD \u00fcsleri var ve T\u00fcrkiye ABD ile m\u00fcttefik. G\u00fcneyi, yani Basra K\u00f6rfezi ABD denetiminde, b\u00f6lgedeki emirlikler ABD&#39;nin adeta i\u015fgali alt\u0131nda ve \u00fcslerle dolu. Kuzeyindeki Azerbaycan ABD \u00fcsleriyle donat\u0131l\u0131yor. Yine G\u00fcrcistan son renkli darbeyle tamamen ABD&#39;nin kontrol\u00fcne girdi. ABD ayr\u0131ca T\u00fcrkiye&#39;den hem g\u00fcneyde hem de Karadeniz&#39;de yeni \u00fcsler istiyor. B\u00fct\u00fcn y\u00f6nlerden ku\u015fat\u0131lm\u0131\u015f, her an sald\u0131r\u0131yla tehdit edilen bir \u00fclkenin halk\u0131 ne d\u00fc\u015f\u00fcn\u00fcr? Se\u00e7imden hemen \u00f6nce \u0130ran&#39;\u0131n petrol kaynaklar\u0131n\u0131n y\u00fczde seksenini bar\u0131nd\u0131ran Huzistan&#39;daki ve Tahran&#39;daki patlamalar\u0131 d\u00fc\u015f\u00fcnelim&#8230; ABD ve \u0130srail, Huzistan&#39;daki Arap \u00f6rg\u00fctleri besleyip b\u00fcy\u00fct\u00fcyor ve onlar\u0131n m\u00fccadelesini &quot;\u0130ntifada&quot; olarak niteliyor. Dahas\u0131, yak\u0131nda \u0130ran&#39;daki K\u00fcrtler \u00fczerinde yeni bir \u00e7al\u0131\u015fma ba\u015flat\u0131lacak: \u00d6rg\u00fctlenmeleri g\u00fc\u00e7lendirilecek ve askeri olarak e\u011fitilecekler. \u00d6zel operasyon birlikleri kurulacak. Daha \u00f6nce Halk\u0131n M\u00fccahitleri \u00f6rg\u00fct\u00fcyle resmen anla\u015fma imzalanm\u0131\u015ft\u0131. T\u00fcrkiye&#39;nin PKK konusunda buraya dikkat etmesi gerekiyor! Yine \u0130ran&#39;\u0131n L\u00fcbnan&#39;a ula\u015fmak i\u00e7in T\u00fcrkiye hava sahas\u0131n\u0131 kullanmas\u0131n\u0131n \u00f6n\u00fcne ge\u00e7mek amac\u0131yla Ankara&#39;ya bask\u0131 yap\u0131lacak. Sonbahara do\u011fru bu \u00fclkeye y\u00f6nelik tazyiklerin daha da artaca\u011f\u0131, n\u00fckleer \u00e7al\u0131\u015fmalar\u0131n\u0131n hedef al\u0131naca\u011f\u0131, bunlar yap\u0131l\u0131rken Afganistan, Irak ve Azerbaycan&#39;\u0131n kullan\u0131laca\u011f\u0131 ifade ediliyor.  <\/p>\n<p> \u0130ran halk\u0131n\u0131n tercihini etkileyen en temel fakt\u00f6r bu tehdit alg\u0131lamas\u0131d\u0131r. Ku\u015fat\u0131lm\u0131\u015f bir \u00fclkenin savunma refleksidir. \u0130ngiliz Guardian gazetesi, &quot;Rafsancani&#39;nin temsilcileri ile \u0130ngiliz yetkililerin se\u00e7im \u00f6ncesi Tahran&#39;da biraya geldi\u011fini ve \u0130ran&#39;\u0131 Bat\u0131&#39;ya yak\u0131nla\u015ft\u0131racak planlar\u0131 g\u00f6r\u00fc\u015ft\u00fc\u011f\u00fcn\u00fc yazd\u0131. Kendini &quot;\u0130ran&#39;\u0131n son \u015fans\u0131 g\u00f6ren&quot; Rafsancani b\u00f6yle kaybetti.  <\/p>\n<p> Bundan sonra siyaseten kontroll\u00fc ama ekonomik a\u00e7\u0131dan radikal reformlar\u0131n yap\u0131laca\u011f\u0131 bir \u0130ran g\u00f6rece\u011fiz. G\u00fcvenlik endi\u015fesi devletin ve halk\u0131n en \u00f6ncelikli g\u00fcndemlerinden biri olacak. Reformcular\u0131n sesini kesen temel fakt\u00f6r de bu g\u00fcvenlik meselesi olacakt\u0131r.  <\/p>\n<p> \u0130ran&#39;\u0131n b\u00f6lgesel g\u00fc\u00e7 oldu\u011funu, ABD tehdidi alt\u0131nda olmas\u0131na ve ku\u015fat\u0131lm\u0131\u015fl\u0131\u011f\u0131na ra\u011fmen etkin bir d\u0131\u015f politika y\u00fcr\u00fctt\u00fc\u011f\u00fcn\u00fc, Asyal\u0131 g\u00fc\u00e7lerin deste\u011fine sahip oldu\u011funu (Rusya, \u00c7in, Hindistan-milyarlarca dolarl\u0131k enerji ve silah anla\u015fmalar\u0131), ABD tehdidine ra\u011fmen Avrupa ile diyaloglar\u0131n\u0131n g\u00fc\u00e7l\u00fc oldu\u011funu, Irak ba\u015fta olmak \u00fczere Ortado\u011fu&#39;da hareketli ve etkin bir diplomasi y\u00fcr\u00fctebildi\u011fini, n\u00fckleer silahlara ula\u015ft\u0131\u011f\u0131nda dokunulmazl\u0131k z\u0131rh\u0131na b\u00fcr\u00fcnece\u011fini unutmayal\u0131m. T\u00fcrkiye&#39;nin, yak\u0131n gelecekte \u0130ran ve Suriye konusunda hayati kararlarla y\u00fczle\u015fece\u011fini de&#8230; Ama dikkat etmemiz gereken en \u00f6nemli \u015fey; \u0130ran&#39;\u0131 ABD ve \u0130srail&#39;in g\u00f6z\u00fcyle de\u011fil, kendi g\u00f6zlerimizle g\u00f6rmeye ba\u015flamam\u0131zd\u0131r.<a name=\"_ftnref3\" href=\"#_ftn3\" title=\"_ftnref3\">[3]<\/a> <\/p>\n<p> <strong>\u0130RAN SE\u00c7\u0130MLER\u0130 \u0130\u00c7\u0130N ARAP BASINI NE DED\u0130?<\/strong> <\/p>\n<p> <strong>\u015earkulevsat gazetesi: \u0130ran devrimin kuca\u011f\u0131na d\u00f6n\u00fcyor<\/strong> <\/p>\n<p> Londra&#39;da Arap\u00e7a yay\u0131nlanan <strong>\u015earkulevsat<\/strong> gazetesi <strong>&#8216;\u0130ran, devrimin kuca\u011f\u0131na d\u00f6n\u00fcyor&#39;<\/strong> man\u015fetiyle verdi\u011fi haberinde &#8216;Mahmut Ahmedi Necad hedefini d\u00fcnyan\u0131n bug\u00fcnk\u00fc talepleri temelinde b\u00fcy\u00fck bir millet olu\u015fturmak olarak belirledi, Rafsancani kendisine kar\u015f\u0131 kullan\u0131lan &#8216;kirli oyundan&#39; \u015fikayet\u00e7i. Washington \u00f6zg\u00fcrl\u00fc\u011f\u00fcn geriledi\u011fini belirtti&#39; alt ba\u015fl\u0131klar\u0131n\u0131 kulland\u0131. \u0130ran ba\u015fkanl\u0131k se\u00e7imleri sonu\u00e7lar\u0131n\u0131n <strong>&#8216;Tahran&#39;\u0131n bahar\u0131n\u0131n biti\u015fi&#39;<\/strong> mesabesinde oldu\u011funa i\u015faret eden gazete, iktidardaki elit kesimle sokak aras\u0131ndaki u\u00e7urumun boyutunun g\u00f6zler \u00f6n\u00fcne serildi\u011fini ve muhafazakarlar\u0131n \u00fclkenin temel kurumlar\u0131n\u0131 kontrollerine ge\u00e7irdiklerini yazd\u0131.  <\/p>\n<p> <strong>El Hayat gazetesi: <\/strong> <\/p>\n<p> <strong>\u0130ran, devlet idaresinde rakipsizle\u015fti!<\/strong> <\/p>\n<p> Bir di\u011fer Londra kaynakl\u0131 Arap gazetesi El Hayat ise<strong> &#8216;Ahmedi Necad&#39;\u0131n kazanmas\u0131 \u0130ran y\u00f6netimini devlet idaresinde rakipsizle\u015ftirdi&#39; <\/strong>ba\u015fl\u0131\u011f\u0131n\u0131 kulland\u0131\u011f\u0131 haberinde, yeni liderin sadece \u0130ran y\u00f6netiminin \u00fcretece\u011fi politikalar\u0131 hayata ge\u00e7irmek ve uygulamakla sorumlu olaca\u011f\u0131n\u0131 ifade etti. Gazete ayr\u0131ca \u0130ran d\u0131\u015f politikas\u0131n\u0131n cumhurba\u015fkan\u0131 taraf\u0131ndan belirlenmedi\u011fine dikkat \u00e7ekerek, Ahmedi Necad&#39;\u0131n y\u00f6netime gelmesinin, &quot;ABD&#39;nin \u0130ran&#39;da demokrasinin g\u00fc\u00e7lendirilmesi ve \u015fer ekseninin hizaya getirilmesi giri\u015fimlerine bahane olu\u015fturaca\u011f\u0131n\u0131&quot; yazd\u0131.  <\/p>\n<p> <strong>Kuveyt El-RayulAm gazetesi: <\/strong> <\/p>\n<p> <strong>Ahmedi Necad tsunamisi <\/strong> <\/p>\n<p> Kuveyt&#39;in y\u00fcksek trajl\u0131 gazetelerinden El-RayulAm gazetesi &#8216;\u0130ran&#39;da Ahmedi Necad tsunamisi&#39; ba\u015fl\u0131\u011f\u0131n\u0131 kulland\u0131\u011f\u0131 haberinde Necad&#39;\u0131n se\u00e7imleri kazanmas\u0131yla birlikte muhafazakarlar\u0131n kontrolleri d\u0131\u015f\u0131nda kalan son mevkiyi de ellerine ge\u00e7irdi\u011fini yazarak bu sonucun \u0130ran&#39;\u0131n Bat\u0131&#39;yla ili\u015fkilerinde k\u00f6kl\u00fc de\u011fi\u015fikliklere g\u00f6t\u00fcrecek tsunamiye yol a\u00e7aca\u011f\u0131n\u0131 vurgulad\u0131.  <\/p>\n<p> <strong>Riyad gazetesi: <\/strong> <\/p>\n<p> <strong>&#8216;Necad&#8230; Fakirlerin aday\u0131&#39;<\/strong>  <\/p>\n<p> Suudi Arabistan gazetesi Riyad ise &#8216;Necad&#8230; Fakirlerin aday\u0131&#39; ba\u015fl\u0131\u011f\u0131yla verdi\u011fi haberinde \u00fc\u00e7\u00fcnc\u00fc d\u00fcnya \u00fclkeleri se\u00e7imlerinin genelde sonu\u00e7lar\u0131n\u0131n \u00f6nceden belli oldu\u011funu, y\u00fczde 90 veya 99 oyla se\u00e7imlerin sonu\u00e7land\u0131\u011f\u0131n\u0131 belirterek \u0130ran&#39;daki farkl\u0131l\u0131\u011fa dikkat \u00e7ekti. Y\u00f6netimin din\u00ee rehberin elinde olmas\u0131na ra\u011fmen Necad&#39;\u0131n kazanmas\u0131n\u0131n al\u0131\u015f\u0131lmad\u0131k bir s\u00fcrpriz oldu\u011funu belirten gazete: &quot;Necad&#39;\u0131n, ayetullahlar ve mollalar listesinin pazara h\u00fckmetti\u011fi geleneksel aileden olmad\u0131\u011f\u0131n\u0131 ve bu y\u00fczden yeni liderin fakirlerin aday\u0131 olarak g\u00f6r\u00fclebilece\u011fini&quot; yazd\u0131.  <\/p>\n<p> <strong>El Hali\u00e7 gazetesi: <\/strong> <\/p>\n<p> <strong>Necad t\u00fcm d\u00fcnyay\u0131 \u015fa\u015f\u0131rtt\u0131 <\/strong> <\/p>\n<p> Birle\u015fik Arap Emirlikleri gazetesi El Hali\u00e7 ise &#8216;Necad t\u00fcm d\u00fcnyay\u0131 \u015fa\u015f\u0131rtt\u0131&#39; man\u015fetiyle verdi\u011fi haberinde muhafazakar aday Mahmud Ahmedi Necad&#39;\u0131n, rakibi eski cumhurba\u015fkan\u0131 Rafsancani&#39;yi ezici \u00e7o\u011funlukla geride b\u0131rakarak d\u00fcnyadaki b\u00fct\u00fcn tahminleri alt\u00fcst etti\u011fini ifade etti. Din\u00ee lider Hamaney&#39;in se\u00e7im sonu\u00e7lar\u0131n\u0131n kesinle\u015fmesi sonras\u0131 ABD&#39;ye y\u00f6nelik yapt\u0131\u011f\u0131 sert a\u00e7\u0131klamalara yer veren gazete &#8216;Necad zor s\u0131navda&#39; ba\u015fl\u0131kl\u0131 ba\u015fyaz\u0131s\u0131nda ise sonucun s\u00fcrpriz kar\u015f\u0131lanmas\u0131yla birlikte \u0130ran halk\u0131na tercihi nedeniyle sayg\u0131 g\u00f6sterilmesi gerekti\u011fini yazd\u0131. Gazete yeni d\u00f6nemde \u0130ran&#39;\u0131n i\u00e7 ve d\u0131\u015f politikas\u0131n\u0131n sertle\u015fece\u011fi y\u00f6n\u00fcndeki g\u00f6zlemlere ra\u011fmen Necad&#39;\u0131n halk deste\u011finden beslendi\u011fini ve Tahran belediye ba\u015fkan\u0131 olmas\u0131 sebebiyle \u0130ranl\u0131lar\u0131n g\u00fcvenini kazand\u0131\u011f\u0131n\u0131n alt\u0131n\u0131 \u00e7izdi. Gazete, pragmatist bir Necad&#39;\u0131n \u0130ran&#39;\u0131n asker\u00ee y\u0131\u011f\u0131nak, siyasi bask\u0131lar ve stratejik planlarla ku\u015fat\u0131ld\u0131\u011f\u0131n\u0131n idrakinde oldu\u011funa dikkat \u00e7ekti.  <\/p>\n<p> <strong>El Ehram gazetesi: <\/strong> <\/p>\n<p> <strong>Fakirlerin oyuyla cumhurba\u015fkan\u0131 <\/strong> <\/p>\n<p> M\u0131s\u0131r&#39;\u0131n en y\u00fcksek trajl\u0131 gazetelerinden El Ehram ise &#8216;M\u00fchendis Necad fakirlerin oyuyla cumhurba\u015fkan\u0131, Rafsancani yenilgiyi kabullendi&#39; ba\u015fl\u0131\u011f\u0131yla verdi\u011fi haberinde Necad&#39;\u0131n kazanmas\u0131yla \u00fclkede 24 y\u0131ldan bu yana ilk kez din adam\u0131 d\u0131\u015f\u0131nda bir ismin cumhurba\u015fkan\u0131 oldu\u011funu belirtti. Necad&#39;\u0131n ba\u015far\u0131s\u0131n\u0131n Rafsancani&#39;nin temsil etti\u011fi zenginlerle m\u00fccadelede fakirlerin haklar\u0131n\u0131 savunmak \u00fczerinde yo\u011funla\u015fan konu\u015fmalar\u0131ndan etkilenmi\u015f fakir se\u00e7menlerin oylar\u0131nda sakl\u0131 oldu\u011funu belirten gazete, Hatemi&#39;nin izledi\u011fi Bat\u0131&#39;yla yak\u0131nla\u015fma politikas\u0131n\u0131n ve \u0130ran reform hareketinin sona erdi\u011fini yazd\u0131.  <\/p>\n<p> <strong>El Vefagh gazetesi: Demokrasinin zirvesi!<\/strong>  <\/p>\n<p> \u0130ran&#39;da Arap\u00e7a yay\u0131nlanan El Vefagh gazetesi ise &#8216;Demokrasinin zirvesi&#39; ba\u015fl\u0131kl\u0131 haberinde se\u00e7imleri Ahmedi Necad&#39;\u0131n kazand\u0131\u011f\u0131n\u0131n a\u00e7\u0131klanmas\u0131 sonras\u0131 yeni bir d\u00f6nemin ba\u015flad\u0131\u011f\u0131n\u0131 ve herkesin bak\u0131\u015flar\u0131n\u0131 yeni d\u00f6nemde ger\u00e7ekle\u015ftirilecek ba\u015far\u0131lara \u00e7evirdi\u011fini belirterek kendisini g\u00f6reve getiren vaatlerini g\u00f6z \u00f6n\u00fcne almas\u0131, maddi ve manevi kalk\u0131nman\u0131n ger\u00e7ekle\u015fmesi i\u00e7in herkese g\u00fcven vermesi \u00e7a\u011fr\u0131s\u0131nda bulundu. Yeni y\u00f6netimin uluslararas\u0131 ili\u015fkileri, \u00f6zellikle de Arap ve \u0130slam d\u00fcnyas\u0131yla ili\u015fkilerini g\u00fc\u00e7lendirece\u011finden emin oldu\u011funu yazan gazete, \u0130ran demokrasi y\u00fcr\u00fcy\u00fc\u015f\u00fcn\u00fcn Bat\u0131 medyas\u0131n\u0131n sald\u0131r\u0131lar\u0131ndan uzakta devam edece\u011finin alt\u0131n\u0131 \u00e7izdi. <\/p>\n<p align=\"center\"> &#160; <\/p>\n<p align=\"center\"> ********************************************************** <\/p>\n<p align=\"center\"> &#160; <\/p>\n<p align=\"center\"> &#160; <\/p>\n<p align=\"center\"> <strong>LONDRA CH\u0130RAC VE HAKAN ALBAYRAK<\/strong> <\/p>\n<p> Londra&#39;da, aylard\u0131r beklendi\u011fi ve ola\u011fan\u00fcst\u00fc tedbirler geli\u015ftirildi\u011fi halde hem de G-8&#39;lerin \u0130ngiltere-\u0130sko\u00e7ya&#39;da topland\u0131\u011f\u0131 g\u00fcnde ve ayn\u0131 anda d\u00f6rt ayr\u0131 mahalde bombalar patlad\u0131&#8230; Sadece Londra de\u011fil, b\u00fct\u00fcn Avrupa ve Amerika deh\u015fete kap\u0131lm\u0131\u015ft\u0131&#8230; Resmi makamlar gizlese de, y\u00fcze yak\u0131n \u00f6l\u00fc bini a\u015fan yaral\u0131 vard\u0131&#8230; <\/p>\n<p> Amerika&#39;da 11 Eyl\u00fcl sald\u0131r\u0131lar\u0131n\u0131 tezg\u00e2hlay\u0131p Afganistan ve Irak i\u015fgaline bahane haz\u0131rlayanlar\u0131n, \u015fimdi de Londra patlamalar\u0131yla \u0130ran ve Suriye sald\u0131r\u0131s\u0131na gerek\u00e7e \u00fcretmeye \u00e7al\u0131\u015ft\u0131klar\u0131 y\u00fcksek bir olas\u0131l\u0131kt\u0131&#8230; <\/p>\n<p> Bu durum zaten Siyonizm&#39;in bilinen sinsi bir sanat\u0131yd\u0131&#8230; <\/p>\n<p> Rahata al\u0131\u015fm\u0131\u015f Avrupal\u0131 Yahudileri \u0130srail&#39;e g\u00f6\u00e7e zorlamak i\u00e7in Hitleri \u0130ktidara ta\u015f\u0131yan ve anla\u015fmal\u0131 katliamlar yapt\u0131ran bunlard\u0131&#8230; <\/p>\n<p> Avrupa&#39;dan ayr\u0131ld\u0131ktan sonra \u0130srail yerine ba\u015fka bir \u00fclkeye gitmek isteyince y\u00fczlerce Yahudi y\u00fckl\u00fc gemiyi Akdeniz&#39;de ac\u0131mas\u0131zca bat\u0131ran bunlard\u0131&#8230; <\/p>\n<p> Amerika ve Londra sald\u0131r\u0131lar\u0131n\u0131n hemen arkas\u0131ndan El-Kaide&#39;nin bu olaylar\u0131 \u00fcstlendi\u011fi yolundaki a\u00e7\u0131klamalarda da bir \u015feytanl\u0131k s\u0131r\u0131tmaktayd\u0131. El-Kaide denen &quot;paravan \u00f6rg\u00fct\u00fcn&quot;, bu denli ileri teknoloji, uluslar aras\u0131 MOSAD gibi istihbarat birimleriyle i\u015fbirli\u011fi olduk\u00e7a organizeli ve koordineli bir disiplin gerektiren sald\u0131r\u0131lar\u0131 yapamayaca\u011f\u0131 ortadayd\u0131&#8230; <\/p>\n<p> Zaten EL-Kaide&#39;nin <\/p>\n<ul>\n<li>M\u00fcsl\u00fcmanlar\u0131 ter\u00f6rist, \u0130slam&#39;\u0131 tehlike g\u00f6stermek <\/li>\n<li>\u0130slam \u00fclkelerine yap\u0131lacak Amerikan m\u00fcdahalelerine bahane \u00fcretmek \u00fczere uydurulmu\u015f bir ta\u015feron te\u015fkilat oldu\u011fu \u00e7oktan anla\u015f\u0131lm\u0131\u015ft\u0131&#8230;<\/li>\n<\/ul>\n<p> Mahir Kaynak&#39;\u0131n &quot;Ma\u011faralardan y\u00f6netilen bir garip \u00f6rg\u00fct m\u00fc d\u00fcnyay\u0131 \u015fa\u015fk\u0131na \u00e7eviriyor ve \u00e7aresiz b\u0131rak\u0131yor?!&quot; sorusu olduk\u00e7a anlam\u0131yd\u0131 ve b\u00f6yle d\u00fc\u015f\u00fcnenleri alaya almaktayd\u0131&#8230; <\/p>\n<p> Ama gelin g\u00f6r\u00fcn k\u00fc, Hakan Albayrak, Milli Gazetedeki &quot;Londra ve Srebrenitsa&quot; ba\u015fl\u0131kl\u0131 yaz\u0131s\u0131nda Londra&#39;daki patlamalar\u0131n, &quot;Makyevelist M\u00fcsl\u00fcman m\u00fccahit(!)&quot;lerin yapt\u0131\u011f\u0131na inanmaktayd\u0131. <\/p>\n<p> Oysa ayn\u0131 g\u00fcnk\u00fc Milli Gazete man\u015fetinde de\u011ferli ve deneyimli yazar H\u00fcsn\u00fc Mahalli&#39;nin, &quot;Bu sald\u0131r\u0131 ABD, \u0130ngiltere ve \u0130srail&#39;in \u0130slam \u00fclkelerine y\u00f6nelik planlad\u0131klar\u0131 yeni sald\u0131r\u0131lar\u0131n gerek\u00e7esi yap\u0131lacak&#8230;&quot; \u015feklindeki do\u011fru ve doyurucu tespitleri yer almaktayd\u0131&#8230; <\/p>\n<p> Ama Hakan Albayrak, yazd\u0131\u011f\u0131 Gazetenin hakl\u0131 yakla\u015f\u0131m ve anlay\u0131\u015f\u0131na da, iz&#39;an ve vicdan kurallar\u0131na da ayk\u0131r\u0131 olarak Londra patlamalar\u0131 i\u00e7in: <\/p>\n<p> &quot;Ke\u015fke provokasyon diyebilseydik&#8230; Ne yaz\u0131k ki diyemiyoruz. Makyavelizm&#39;i benimsemi\u015f m\u00fccahitlerin oldu\u011funu biliyoruz&quot; diyerek, Siyonist hainlerin a\u011fz\u0131yla konu\u015fmakta ve bu ter\u00f6rist sald\u0131r\u0131lar\u0131n su\u00e7unu ve sorumlulu\u011fu bu &quot;makyavelist m\u00fccahit&quot;lerin \u00fcst\u00fcne y\u0131kmaktayd\u0131&#8230;  <\/p>\n<p> Ba\u011fdat, Basra, Kerk\u00fck, Felluce bombalarla y\u0131k\u0131l\u0131rken mazlum M\u00fcsl\u00fcmanlar diri diri yak\u0131l\u0131rken oral\u0131 olmayan, ama Saddam&#39;\u0131n bir serseri f\u00fczesi Telaviv&#39;e d\u00fc\u015f\u00fcnce \u00fcz\u00fcnt\u00fcs\u00fcnden g\u00f6zya\u015flar\u0131n\u0131 tutamayan Fetullah G\u00fclen tavr\u0131yla, Hakan Albayrak denen entel edebiyat\u00e7\u0131 da bak\u0131n\u0131z \u015f\u00f6yle s\u0131zlanmaktayd\u0131: <\/p>\n<p> <strong>Londra ve Srebrenitsa<\/strong> <\/p>\n<p> Londra&#39;y\u0131 kimler kana bulad\u0131? O metrolara, o \u00e7ift katl\u0131 otob\u00fcse bombalar\u0131 kimler koydu? Koyarken ne d\u00fc\u015f\u00fcnd\u00fcler? Besmele \u00e7ektiler mi? \u00c7olu\u011fun-\u00e7ocu\u011fun parampar\u00e7a olmas\u0131n\u0131 nas\u0131l kar\u015f\u0131lad\u0131lar? Elhamdulillahirabbilamenin mi dediler? Bu amans\u0131z zul\u00fcm hangi zalimlerin i\u015fi? Bu ak\u0131l almaz vah\u015fet hangi barbarlar\u0131n i\u015fi? Kendilerini \u0130slam m\u00fccahidi sanan gafiller mi bunlar? Yoksa \u0130slam g\u00fcne\u015fini masum kan\u0131yla s\u0131vamaya \u00e7al\u0131\u015fan provokat\u00f6rler mi? Bat\u0131l\u0131 fitne odaklar\u0131n\u0131n bir operasyonuyla m\u0131 kar\u015f\u0131 kar\u015f\u0131yay\u0131z? \u0130n\u015fallah \u00f6yledir. \u0130n\u015fallah \u00f6yledir. \u0130n\u015fallah \u00f6yledir. Bu katliam, Rahmet Peygamberi Muhammed Mustafa (sallallahu aleyhi vesellem) \u00fcmmetine mensup insanlar\u0131n i\u015fi de\u011fildir in\u015fallah. <\/p>\n<p> Ke\u015fke bundan emin olabilseydik. Ke\u015fke teredd\u00fcts\u00fcz &#8216;provokasyon&#39; diyebilseydik. Ne yaz\u0131k ki diyemiyoruz. Teredd\u00fct ediyoruz. Makyavelizmi benimsemi\u015f m\u00fccahit(!)lerin oldu\u011funu biliyoruz, \u00e7\u00fcnk\u00fc Gayenin vas\u0131tay\u0131 me\u015fru k\u0131ld\u0131\u011f\u0131na inan\u0131yor, bunlar&#8230;&quot;<a name=\"_ftnref4\" href=\"#_ftn4\" title=\"_ftnref4\">[4]<\/a> <\/p>\n<p> Acaba bu s\u00f6zler, ahmakl\u0131\u011f\u0131n m\u0131, yok al\u00e7akl\u0131\u011f\u0131n m\u0131 alametiydi? Bunu de\u011ferlendirmek, art\u0131k okurlara kal\u0131yordu. \u00c7\u00fcnk\u00fc bu ter\u00f6r\u00fc b\u00fct\u00fcn M\u00fcsl\u00fcmanlar lanetliyordu. <\/p>\n<p> <strong>Taliban: Londra&#39;daki sald\u0131r\u0131larla ba\u011flant\u0131m\u0131z yok<\/strong> <\/p>\n<p> Taliban gerillalar\u0131n\u0131n s\u00f6zc\u00fcs\u00fc Abd\u00fcllatif Hekimi, &quot;Biz, Afganistan&#39;daki \u0130ngiliz askerlerine sald\u0131raca\u011f\u0131z, Londra&#39;daki sald\u0131r\u0131larla hi\u00e7bir ba\u011flant\u0131m\u0131z yok. Bu sald\u0131r\u0131lar \u0130ngiliz askeri hedeflerine veya \u0130ngiliz h\u00fck\u00fcmetinin zarar\u0131na y\u00f6nelik olsayd\u0131 \u00e7ok sevinirdik&quot; a\u00e7\u0131klamas\u0131n\u0131 yap\u0131l\u0131yordu. <\/p>\n<p> <strong>HAMAS: Sald\u0131r\u0131lar\u0131 k\u0131n\u0131yor, taziyelerimizi iletiyoruz<\/strong> <\/p>\n<p> Londra&#39;da meydana gelen sald\u0131r\u0131lar\u0131 k\u0131nayan Hamas a\u00e7\u0131klamas\u0131nda ayr\u0131ca, &quot;D\u00fcnyan\u0131n ve \u00f6zellikle de \u0130ngiliz halk\u0131n\u0131n dikkatini, Siyonist i\u015fgalci ordusunun Filistinliler&#39;e kar\u015f\u0131 uygulad\u0131\u011f\u0131 g\u00fcnl\u00fck ter\u00f6rist aktivitelerine \u00e7ekiyoruz&quot; mesaj\u0131 veriliyordu. <\/p>\n<p> <strong>Hizb ut-Tahrir: \u0130slam, masum insanlar\u0131n \u00f6ld\u00fcr\u00fclmesine izin vermez<\/strong> <\/p>\n<p> &quot;\u0130slam, masum insanlar\u0131n \u00f6ld\u00fcr\u00fclmesine izin vermez&quot; denilen Hizb ut Tahrir grubunun a\u00e7\u0131klamas\u0131nda, kan\u0131t olmadan bu t\u00fcr ter\u00f6r sald\u0131r\u0131lar\u0131n\u0131n M\u00fcsl\u00fcmanlara bask\u0131 unsuru olarak kullan\u0131lmas\u0131n\u0131n kabul edilemez oldu\u011fu vurgulan\u0131yordu. <\/p>\n<p> H\u00fczn\u00fc Mahalli: <\/p>\n<p> Londra&#39;da meydana gelen ter\u00f6r olaylar\u0131 ile L\u00fcbnan, \u0130ran ve Suriye&#39;ye m\u00fcdahale konusunda yeni gerek\u00e7e olu\u015fturulmaya \u00e7al\u0131\u015f\u0131ld\u0131\u011f\u0131n\u0131 s\u00f6yleyerek, &quot;11 Eyl\u00fcl&#39;den sonra \u0130slam&#39;a ve M\u00fcsl\u00fcmanlara kar\u015f\u0131 aleyhte bir kampanya ba\u015flat\u0131ld\u0131. Basit bir dil s\u00fcr\u00e7mesi diye nitelendirilen Ha\u00e7l\u0131 Sava\u015f\u0131 devam ediyor. Kimse kimseyi aldatmas\u0131n. ABD, \u0130ngiltere, Fransa; \u0130srail i\u00e7in b\u00fct\u00fcn M\u00fcsl\u00fcmanlar\u0131, M\u00fcsl\u00fcman \u00fclkeleri peri\u015fan edinceye kadar bu sava\u015f\u0131 devam ettirecektir.&quot; Diyordu.  <\/p>\n<p> Londra olaylar\u0131n\u0131 Milli Gazeteye de\u011ferlendiren: Ortado\u011fu konusunda arap as\u0131ll\u0131 uzman Gazeteci H\u00fcsn\u00fc Mahalli, 11 Eyl\u00fcl&#39;den sonra El-Kaide \u00f6rg\u00fct\u00fcn\u00fc \u00e7\u00f6kertmek i\u00e7in iki tane koca \u00fclkenin i\u015fgal edildi\u011fini, ancak hala bu \u00f6rg\u00fct\u00fcn nedense yok edilmedi\u011fine dikkat \u00e7ekiyor. Afganistan ve Irak&#39;\u0131n i\u015fgal gerek\u00e7elerinin hepsinin yalan \u00e7\u0131kt\u0131\u011f\u0131n\u0131, hatta ABD&#39;nin d\u00fcnya ile alay etti\u011fini hat\u0131rlatt\u0131. Mahalli, uluslar aras\u0131 medyay\u0131 kullanarak ABD&#39;nin insanlar\u0131 aldatt\u0131\u011f\u0131n\u0131 ve yine aldataca\u011f\u0131n\u0131 s\u00f6yl\u00fcyordu. <\/p>\n<p> Zaten 11 Eyl\u00fcl&#39;den bu yana \u0130slam&#39;a M\u00fcsl\u00fcmanlara kar\u015f\u0131 bir kampanya ba\u015flatt\u0131klar\u0131n\u0131 kaydeden Mahalli, &quot;11 Eyl\u00fcl&#39;den sonra Bush&#39;un s\u00fcr\u00e7\u00fc lisan etti\u011fi \u015fey ha\u00e7l\u0131 seferdir. Hala bunu ciddiye almayan insanlar varsa otursun bunu bir daha d\u00fc\u015f\u00fcns\u00fcn. Londra&#39;daki ya da \u0130spanya&#39;daki eylemleri g\u00f6stererek ba\u015fka bir gerek\u00e7e g\u00f6stermesinler. Bu sava\u015f zaten ba\u015flam\u0131\u015ft\u0131. <\/p>\n<p> Bulgaristan&#39;daki fa\u015fist partinin bu kadar oy almas\u0131n\u0131n arkas\u0131ndaki gerek\u00e7e ne? Almanya&#39;daki H\u0131ristiyan demokratlar niye y\u00fckseliyor? Fransa&#39;daki yar\u0131 Yahudi, yar\u0131 ermeni, yar\u0131 H\u0131ristiyan olan Sarkozy neden y\u00fckseliyor. Bunun sebebi bu sava\u015ft\u0131r. B\u00fct\u00fcn bunlar\u0131 ba\u015fka bir \u015feye ba\u011flamaya gerek yok&quot; \u015feklinde ger\u00e7ekleri hayk\u0131r\u0131yordu.<a name=\"_ftnref5\" href=\"#_ftn5\" title=\"_ftnref5\">[5]<\/a> <\/p>\n<p> <strong>PROF. MAH\u0130R KAYNAK:<\/strong> <\/p>\n<p> Prof. Dr. Mahir Kaynak, \u0130ngiltere&#39;nin ba\u015fkenti Londra&#39;daki sald\u0131r\u0131larda ad\u0131 ge\u00e7en El Kaide \u00f6rg\u00fct\u00fcyle ilgili, &quot;E\u011fer d\u00fcnya birka\u00e7 ki\u015finin kuraca\u011f\u0131 bir \u00f6rg\u00fct taraf\u0131ndan tehdit ediliyorsa, b\u00fct\u00fcn d\u00fcnya \u00e7ok b\u00fcy\u00fck bir tehdit alt\u0131ndad\u0131r. \u00dcstelik ama\u00e7lar\u0131n\u0131 da bilmiyoruz&quot; a\u00e7\u0131klamas\u0131n\u0131 yap\u0131yordu. <\/p>\n<p> Gaziosmanpa\u015fa \u00dcniversitesi Rekt\u00f6rl\u00fck Konferans Salonu&#39;nda Tokat Sanayicileri ve \u0130\u015fadamlar\u0131 Derne\u011fi&#39;nin (TOS\u0130AD) d\u00fczenledi\u011fi 3. Ball\u0131ca Toplant\u0131lar\u0131&#39;nda yapt\u0131\u011f\u0131 konu\u015fmada, Londra&#39;da meydana gelen sald\u0131r\u0131lar\u0131n sorumlulu\u011funu El Kaide&#39;nin \u00fcstlendi\u011fini ifade eden Mahir Kaynak, &quot;Bu \u00f6rg\u00fct G-8&#39;lerin \u0130sko\u00e7ya&#39;da toplant\u0131 yapt\u0131\u011f\u0131n\u0131 s\u0131rada geliyor ve Londra&#39;n\u0131n alt\u0131n\u0131 \u00fcst\u00fcne getiriyor. Acaba bunlara meydan okuma m\u0131? E\u011fer meydan okuma ise d\u00fcnyan\u0131n en geli\u015fmi\u015f devletine meydan okuyan g\u00fc\u00e7 kim? El Kaide midir?&quot; diye soruyordu. <\/p>\n<p> El Kaide \u00f6rg\u00fct\u00fcn\u00fcn ABD taraf\u0131ndan takip edildi\u011fini ve \u00fcyelerinin s\u00fcrekli arand\u0131\u011f\u0131n\u0131 anlatan Kaynak, &quot;Bundan kurtulman\u0131n yolu \u00f6rg\u00fct\u00fc bertaraf etmek. \u015eu anda g\u00f6r\u00fcyoruz ki bu garip bir \u00f6rg\u00fct. B\u00fct\u00fcn d\u00fcnya onunla ba\u015f etmekte aciz durumda. B\u00f6yle bir \u015fey m\u00fcmk\u00fcn olabilir mi? <\/p>\n<p> S\u00f6ylendi\u011fi gibi Afganistan da\u011flar\u0131nda bir ma\u011farada oturan Usame Bin Ladin ad\u0131nda bir adam, hi\u00e7bir ileti\u015fim arac\u0131 olmadan, kimseyle konu\u015fam\u0131yor, para transferi yapam\u0131yor. <\/p>\n<p> E\u011fer d\u00fcnya b\u00f6ylesine birka\u00e7 ki\u015finin kuraca\u011f\u0131 bir \u00f6rg\u00fct taraf\u0131ndan tehdit edilebiliyorsa siz, biz ve b\u00fct\u00fcn d\u00fcnya \u00e7ok b\u00fcy\u00fck bir tehdit alt\u0131ndad\u0131r. \u00dcstelik ama\u00e7lar\u0131n\u0131 da bilmiyoruz.&quot; Diyerek dikkatlerimizi \u00e7ekiyordu. <\/p>\n<p> <strong>FRANSA CUMHURBA\u015eKANI CH\u0130RAC:<\/strong> <\/p>\n<p> <strong>Chirac\u0131n: Sald\u0131r\u0131lar G-8&#39;deki dayan\u0131\u015fmay\u0131 g\u00fc\u00e7lendirdi&quot; s\u00f6zleri baz\u0131 ipu\u00e7lar\u0131 veriyordu:<\/strong> <\/p>\n<p> Fransa Cumhurba\u015fkan\u0131 Jacgues Chirac Londra&#39;daki patlamalarla ilgili yapt\u0131\u011f\u0131 a\u00e7\u0131klamada, &quot;Sald\u0131r\u0131lar hi\u00e7 \u015f\u00fcphesiz, 8&#39;ler aras\u0131ndaki dayan\u0131\u015fmay\u0131 g\u00fc\u00e7lendirdi\u011fi gibi, 8&#39;ler ve zirvenin konuklar\u0131 olan ekonomileri geli\u015fen be\u015f \u00fclke (Brezilya, Hindistan, Meksika, G\u00fcney Afrika ve \u00c7in) aras\u0131ndaki dayan\u0131\u015fmay\u0131 da g\u00fc\u00e7lendirmi\u015ftir&quot; diyordu. <\/p>\n<p> Bu sald\u0131r\u0131lar\u0131n zirveye kat\u0131lanlar\u0131 &quot;derin bir \u015foka u\u011fratt\u0131\u011f\u0131n\u0131&quot;belirten Chirac, &quot;Ter\u00f6ristlerin, \u00e7al\u0131\u015fmalar\u0131m\u0131z\u0131 engellemek gibi bir istekleri olup olmad\u0131\u011f\u0131n\u0131 bilmiyorum, ancak e\u011fer ama\u00e7lar\u0131 bu idiyse, bunu ba\u015faramad\u0131lar. Baz\u0131lar\u0131na \u00e7al\u0131\u015fmalar\u0131m\u0131z\u0131 kesintiye u\u011fratabilmeyi g\u00f6rme zevkini vermemek gerekliydi&quot; \u015feklinde konu\u015fuyordu&#8230; <\/p>\n<p> <strong>\u0130nsafl\u0131 \u0130ngiliz gazeteci Robert<\/strong> <\/p>\n<p> <strong>Fisk: Irakl\u0131lar&#39;\u0131n \u00f6ld\u00fcr\u00fclmesi barbarl\u0131k de\u011fil mi? Diye soruyordu.<\/strong> <\/p>\n<ul>\n<li>\u00dcnl\u00fc \u0130ngiliz gazetesi Independent&#39;\u0131n Ortado\u011fu muhabiri Robert Fisk, \u0130ngiliz halk\u0131ndan neyin barbarca oldu\u011funu bir kez daha oturup d\u00fc\u015f\u00fcnmesini istiyordu. Robert Fisk, &quot;Londra&#39;y\u0131 vuran bombalar, evet, barbarcayd\u0131 ama 2003&#39;te Amerikan-\u0130ngiliz ittifak\u0131n\u0131n i\u015fgal etti\u011fi Irak&#39;ta sivillerin \u00f6ld\u00fcr\u00fclmesi, Irakl\u0131 \u00e7ocuklar\u0131n at\u0131lan misket bombalar\u0131yla parampar\u00e7a olmas\u0131, Amerikan Ordusu&#39;nun kontrol noktalar\u0131nda masum Irakl\u0131lar&#39;\u0131n vurulmas\u0131 da barbarca de\u011fil mi?&quot; diyordu.<\/li>\n<\/ul>\n<p> &quot;Bu bir \u00e7eli\u015fkidir&quot; diyen Fisk, &quot;Onlar \u00f6ld\u00fc\u011f\u00fc zaman sava\u015f zayiat\u0131 oluyor, biz \u00f6ld\u00fc\u011f\u00fcm\u00fcz zaman barbarca bir ter\u00f6r\u00fcn kurban\u0131 oluyoruz&quot; ifadesini kullan\u0131yordu. <\/p>\n<p> <strong>Ve Ba\u011fdat yanarken, \u0130stanbul&#39;da mimarl\u0131k kongresi yap\u0131l\u0131yordu!?<\/strong> <\/p>\n<p> Mimarlar, D\u00fcnya Mimarl\u0131k Kongresi i\u00e7in d\u00fcnyan\u0131n d\u00f6rt bir k\u00f6\u015fesinden gelerek, do\u011fu ve bat\u0131 uygarl\u0131klar\u0131n\u0131n ve zengin kuzeyle yoksul g\u00fcneyin ara kesitinde bulunan d\u00fcnya miras\u0131 \u0130stanbul&#39;da bulu\u015fuyordu. <\/p>\n<p> Mimarl\u0131k kongresinin yap\u0131ld\u0131\u011f\u0131 bu g\u00fcnlerde, hemen yan\u0131 ba\u015f\u0131m\u0131zda Irak&#39;ta, ABD ve m\u00fcttefikleri kentleri, y\u0131kmaya devam ediyordu. Mezopotamya tarihinin her kesitinden \u00f6rnekler bar\u0131nd\u0131ran ve d\u00fcnyan\u0131n say\u0131l\u0131 tarih m\u00fczelerinden olan Ba\u011fdat M\u00fczesi&#39;nin yerinde bu g\u00fcn yeller esiyordu.\u00a0 Amerikan ordusu kas\u0131tl\u0131 olarak Ba\u011fdat M\u00fczesi&#39;nin g\u00fcvenli\u011fini sa\u011flam\u0131yor ve b\u00f6ylece binlerce tarihi eserin m\u00fczeden \u00e7al\u0131narak d\u0131\u015far\u0131ya sat\u0131lmas\u0131na ve binlercesinin de izinin kaybolmas\u0131na g\u00f6z yumuyordu.  <\/p>\n<p> Ayn\u0131 \u015fekilde bu k\u00fclt\u00fcr soyk\u0131r\u0131m\u0131ndan camiler, hamamlar, k\u00f6pr\u00fcler ve daha say\u0131lamayacak binlerce mabette nasibini al\u0131yordu. \u00d6yle ki Amerikan ordusu h\u0131z\u0131n\u0131 alamayarak Hz. Ali Camisi&#39;ne bile bomba ya\u011fd\u0131r\u0131yor ve hali haz\u0131rda da binlerce tarihi esere de bombalar ya\u011fmaya devam ediyordu. <\/p>\n<p> Bu olay bile Bat\u0131n\u0131n \u00e7ifte standard\u0131n\u0131 ve sahtek\u00e2rl\u0131\u011f\u0131n\u0131 yans\u0131t\u0131yordu ve Londra sald\u0131r\u0131lar\u0131n\u0131n perde arkas\u0131n\u0131 hat\u0131rlat\u0131yordu. <\/p>\n<p> Biz bu yaz\u0131y\u0131 haz\u0131rlad\u0131ktan 1 g\u00fcn sonraki Milli Gazetenin ba\u015fyaz\u0131s\u0131 bu kafalara \u015famar gibi bir cevapt\u0131: <\/p>\n<p> M\u00fcsl\u00fcmanlar\u0131 ter\u00f6rist g\u00f6steren soytar\u0131lar: <\/p>\n<p> \u00a0Ter\u00f6r\u00fcn nedenlerini bulmak i\u00e7in \u00f6ncelikle \u015fu sorunun cevab\u0131n\u0131n bulunmas\u0131 gerekir: Hemen hemen t\u00fcm \u00fclkeleri kendisine adres yapm\u0131\u015f ter\u00f6r \u00f6rg\u00fctleri var. Ama ABD ve \u0130srail&#39;de \u00fcstlenen bildik bir ter\u00f6r \u00f6rg\u00fct\u00fc yok. Acaba neden?  <\/p>\n<p> Bu sorunun cevab\u0131 ter\u00f6r\u00fcn \u00f6nlenmesinde \u00f6nemli veriler ortaya koyacak niteliktedir. <br \/> \u0130nsanl\u0131\u011fa ayk\u0131r\u0131 \u015fiddet olaylar\u0131yla netice almaya \u00e7al\u0131\u015fmak bug\u00fcn ABD ve \u0130srail&#39;de devletin fiili g\u00f6r\u00fc\u015f\u00fcd\u00fcr.  <\/p>\n<p> D\u00fcnyan\u0131n di\u011fer b\u00f6lgelerinde bunu ter\u00f6r \u00f6rg\u00fctleri yapmaya \u00e7al\u0131\u015f\u0131rken ABD ve \u0130srail&#39;de ter\u00f6r\u00fcn g\u00f6revini bizzat devletin kendisi \u00fcstlenmi\u015ftir. Dahas\u0131, di\u011fer yerlerdeki ter\u00f6r \u00f6rg\u00fctleri bu iki devletin bizzat destekleyip ter\u00f6r\u00fc ama\u00e7lar\u0131na ula\u015fmak i\u00e7in bir ara\u00e7 k\u0131lmalar\u0131n\u0131n tabii sonucudur. <\/p>\n<p> Hi\u00e7 kimse bug\u00fcn \u0130sl\u00e2m d\u00fcnyas\u0131n\u0131n ter\u00f6r\u00fc l\u00e2netlemesinden hareketle M\u00fcsl\u00fcmanlar\u0131 &quot;ter\u00f6rist&quot; g\u00f6sterme soytar\u0131l\u0131\u011f\u0131na yeltenmesin.<a name=\"_ftnref6\" href=\"#_ftn6\" title=\"_ftnref6\">[6]<\/a>  <\/p>\n<p> <strong>Sonu\u00e7\u00a0 :<\/strong> <\/p>\n<p> \u00a0Londra&#39;da son ya\u015fanan olaylar\u0131 ilk etapta de\u011ferlendirdi\u011fimizde, olimpiyatlar\u0131n Londra&#39;da yap\u0131lmas\u0131n\u0131n da kesinle\u015fti\u011fi andan itibaren sald\u0131r\u0131lar\u0131n ba\u015flamas\u0131, sald\u0131r\u0131lar\u0131n \u00e7ok boyutlu planland\u0131\u011f\u0131n\u0131 g\u00f6r\u00fcyoruz. <\/p>\n<p> \u00a0Asl\u0131nda bu ve benzeri olaylarda \u00f6ncelikli amac\u0131n ABD&#39;nin \u0130slam \u00fclkelerine y\u00f6nelik Geni\u015fletilmi\u015f Ortado\u011fu Projesi&#39;nin \u00f6n\u00fcndeki sivil, askeri ve istihbari diren\u00e7leri yok etmek oldu\u011funu savunuyoruz. <\/p>\n<p> \u00a0Bunun d\u0131\u015f\u0131ndaki &quot;\u00f6rt\u00fcl\u00fc ama\u00e7lar&quot; ise; g\u00f6r\u00fcnen hedeften \u00e7ok daha nitelikli ve etkili oldu\u011funu anl\u0131yoruz: <\/p>\n<ul>\n<li>1- &quot;Il\u0131ml\u0131 \u0130slam&#39;\u0131&quot; \u0130slam d\u00fcnyas\u0131nda da arzu ve talep edilir hale getirmek. <\/li>\n<li>2- Radikal \u0130slami \u00f6rg\u00fctleri ter\u00f6re \u00e7ekerek, veya onlar\u0131 ter\u00f6rle ili\u015fkili g\u00f6stererek \u0130slam imaj\u0131n\u0131 zedelemek. <\/li>\n<li>3- &quot;\u0130slami ter\u00f6r&quot; uydurmas\u0131nda uzman olan bat\u0131l\u0131 \u00fclkelerin \u00e7ok \u00f6nceden beri \u00f6zenle \u00f6rerek ortaya koydu\u011fu verileri art\u0131k &quot;sorgulamadan&quot; benimsetmek. <\/li>\n<li>4- Bat\u0131&#39;da ya\u015fayan M\u00fcsl\u00fcmanlar\u0131 asimilasyon potas\u0131na itmek, asimile olmayanlar\u0131 ise hedef haline getirmek. <\/li>\n<li>5- T\u00fcrkiye&#39;nin AB&#39;ye al\u0131nmas\u0131n\u0131 Avrupa halklar\u0131na kabul ettirmek.<\/li>\n<li>6- \u0130slam \u00fclkelerindeki bat\u0131l\u0131 anlay\u0131\u015f\u0131 ve hayas\u0131z hayat tarz\u0131n\u0131 per\u00e7inlemek. <\/li>\n<li>7- Geli\u015fmi\u015f ve geli\u015fmekte olan t\u00fcm \u00fclkeleri tek bir istihbarat ve g\u00fcvenlik beynine teslim etmek.<\/li>\n<li>8- \u0130srail&#39;in g\u00fcvenli\u011fini ve gelece\u011fini garantilemek.<\/li>\n<\/ul>\n<p> Bu ama\u00e7lar\u0131 harmanlad\u0131\u011f\u0131m\u0131zda, a\u015fa\u011f\u0131daki analize ula\u015f\u0131yoruz: <\/p>\n<p> \u00c7\u00fcnk\u00fc Siyonist sistem: K\u00fcresel kontrol\u00fc tesis etmeye y\u00f6nelik eylemler dizisini gerektiriyor. Bu s\u00fcrece \u0130slam \u00fczerinden gidilmesinin sebebi ise; &quot;cihad&quot; kavram\u0131n\u0131 safd\u0131\u015f\u0131 etmeyi ama\u00e7l\u0131yor. &quot;Cihad&quot; kavram\u0131, yani inan\u00e7 ve idealleri u\u011fruna &quot;\u00f6lebilme kabiliyeti&quot; yery\u00fcz\u00fcnde Hak ve Adaleti yerle\u015ftirme gayreti&#8230; \u015eeytani g\u00fc\u00e7leri korkutuyor ve Bat\u0131&#39;n\u0131n en zay\u0131f noktas\u0131n\u0131 olu\u015fturuyor.  <\/p>\n<p> \u00a0Bunun d\u0131\u015f\u0131nda en \u00f6nemli nokta ise, radikal \u0130slam&#39;la radikal Siyonizm&#39;in ayn\u0131 \u015fey oldu\u011fu ger\u00e7e\u011fidir. T\u00fcrkiye&#39;deki AKP iktidar\u0131 da siyasal \u0130slam&#39;\u0131n bir ekol\u00fcn\u00fcn radikal Siyonizm&#39;le ittifak\u0131 olarak alg\u0131lanabilir. AKP liderinin ve bakanlar\u0131n\u0131n kat\u0131ld\u0131\u011f\u0131 yurtd\u0131\u015f\u0131ndaki toplant\u0131lar\u0131n analizi ve arka plan\u0131 \u00e7ok \u015fa\u015f\u0131rt\u0131c\u0131 d\u00fc\u015f\u00fcncelere ve bilgilere kap\u0131 a\u00e7abilir. <\/p>\n<p> \u00a0\u0130stihbarat analizinde \u00e7ok usta olanlar, bir ter\u00f6r olay\u0131n\u0131n faillerinin izinin nas\u0131l kaybedilece\u011fini \u00e7ok iyi bilmektedir. Sonu\u00e7ta ad\u0131 ge\u00e7en sald\u0131r\u0131lar analiz edildi\u011fi zaman, faillerin zikredilen \u00f6rg\u00fct olma ihtimalinin &quot;s\u0131f\u0131r&quot; oldu\u011fu g\u00f6r\u00fclecektir. <\/p>\n<p> \u00a0B\u00fcy\u00fck Avrupa \u015fehirleri olan \u0130stanbul, Madrid ve Londra&#39;dan sonra s\u0131ran\u0131n Berlin, Paris veya Amsterdam&#39;da olmas\u0131n\u0131n kuvvetle muhtemel oldu\u011funu s\u00f6ylenebilir.<a name=\"_ftnref7\" href=\"#_ftn7\" title=\"_ftnref7\">[7]<\/a>  <\/p>\n<p> <\/p>\n<hr \/>\n<p> <a name=\"_ftn1\" href=\"#_ftnref1\" title=\"_ftn1\">[1]<\/a> Nasuhi G\u00fcng\u00f6r\u00a0 29.06.2005 Milli Gazete <\/p>\n<p> <a name=\"_ftn2\" href=\"#_ftnref2\" title=\"_ftn2\">[2]<\/a> Nasuhi G\u00fcng\u00f6r\u00a0 22.06.2005 Milli Gazete <\/p>\n<p> <a name=\"_ftn3\" href=\"#_ftnref3\" title=\"_ftn3\">[3]<\/a> Yeni \u015eafak \/ \u0130brahim KARAG\u00dcL <\/p>\n<p> <a name=\"_ftn4\" href=\"#_ftnref4\" title=\"_ftn4\">[4]<\/a> Milli Gazete \/ 09 07 2005 \/ Hakan Albayrak <\/p>\n<p> <a name=\"_ftn5\" href=\"#_ftnref5\" title=\"_ftn5\">[5]<\/a> Milli Gazete \/ Ali Cura-Ankara <\/p>\n<p> <a name=\"_ftn6\" href=\"#_ftnref6\" title=\"_ftn6\">[6]<\/a> Milli Gazete \/ 09 07 2005 \/ Ba\u015fyaz\u0131 <\/p>\n<p> <a name=\"_ftn7\" href=\"#_ftnref7\" title=\"_ftn7\">[7]<\/a> <a href=\"http:\/\/www.sesar.com.tr\/\">http:\/\/www.sesar.com.tr\/<\/a> \/ 07 07 2005 <\/p>\n","protected":false},"excerpt":{"rendered":"<p align=\"center\"> <strong>\u0130RANDA HALKIN BA\u015eARISI ve BATILI G\u00dc\u00c7LER\u0130N TELA\u015eI<\/strong> <\/p>\n<h2><span style=\"font-size: 8pt\">Mahmud Ahmedi Necad, \u0130ran&#39;\u0131n 9. Cumhurba\u015fkan\u0131 oldu<\/span> <\/h2>\n<p> \u0130ran cumhurba\u015fkanl\u0131\u011f\u0131 se\u00e7iminin ikinci turuna kalmas\u0131 s\u00fcrpriz say\u0131lan, as\u0131l s\u00fcrprizi ise se\u00e7imi kazanarak yapan politikac\u0131 Mahmud Ahmedi Necad, b\u00fcy\u00fck h\u0131zla y\u00fckselerek devlet ba\u015fkanl\u0131\u011f\u0131 g\u00f6revine uzand\u0131. 2003 y\u0131l\u0131nda Tahran belediye ba\u015fkan\u0131 se\u00e7ilinceye kadar pek fazla tan\u0131nmayan Mahmud Ahmedi Necad, dini lider Ali Hamaney&#39;e ba\u011fl\u0131 yeni nesil muhafazakar siyaset\u00e7ilerin ba\u015f\u0131nda geliyor. Eski Devrim Muhaf\u0131zlar\u0131 Ordusu \u00fcyesi 49 ya\u015f\u0131ndaki Ahmedi Necad, sade giyimi ve g\u00f6steri\u015fsiz tarz\u0131yla tan\u0131n\u0131yor. Ahmedi Necad, 1979 \u0130ran \u0130slam devrimi ilkelerini\u00a0titiz \u015fekilde izleyen Besi\u00e7 adl\u0131 dini milis grubunun y\u00f6nlendiricilerinden ve Devrim Muhaf\u0131zlar\u0131&#39;n\u0131n yetkililerinden biri. Ahmedi Necad, Tahran Belediye Ba\u015fkanl\u0131\u011f\u0131 yapm\u0131\u015ft\u0131. Orta s\u0131n\u0131f bir ailenin yedi \u00e7ocu\u011fundan biri olarak ba\u015fkent Tahran&#39;\u0131n Garmsar semtinde d\u00fcnyaya gelen Ahmedi Necad, \u00f6\u011frencilik y\u0131llar\u0131nda muhafazakar kesimlerle tan\u0131\u015farak onlara kat\u0131ld\u0131. \u0130n\u015faat m\u00fchendisi olan Ahmedi Necad, Irak&#39;\u0131n \u0130ran&#39;a sald\u0131r\u0131s\u0131ndan sonra g\u00f6n\u00fcll\u00fc olarak orduya yaz\u0131lm\u0131\u015f ve Devrim Muhaf\u0131zlar\u0131 b\u00fcnyesinde Irak&#39;ta yap\u0131lan \u00e7ok say\u0131da operasyona kat\u0131lm\u0131\u015ft\u0131. Ahmedi Necad, sava\u015f\u0131n ard\u0131ndan siyasete at\u0131lm\u0131\u015f, ilk olarak da kuzeybat\u0131 vilayeti Maku&#39;nun valisi olmu\u015ftu.  <\/p>\n","protected":false},"author":1,"featured_media":0,"comment_status":"open","ping_status":"closed","sticky":false,"template":"","format":"standard","meta":{"footnotes":""},"categories":[45],"tags":[],"class_list":["post-421","post","type-post","status-publish","format-standard","hentry","category-agustos-2005"],"_links":{"self":[{"href":"https:\/\/www.millicozum.com\/mc\/wp-json\/wp\/v2\/posts\/421","targetHints":{"allow":["GET"]}}],"collection":[{"href":"https:\/\/www.millicozum.com\/mc\/wp-json\/wp\/v2\/posts"}],"about":[{"href":"https:\/\/www.millicozum.com\/mc\/wp-json\/wp\/v2\/types\/post"}],"author":[{"embeddable":true,"href":"https:\/\/www.millicozum.com\/mc\/wp-json\/wp\/v2\/users\/1"}],"replies":[{"embeddable":true,"href":"https:\/\/www.millicozum.com\/mc\/wp-json\/wp\/v2\/comments?post=421"}],"version-history":[{"count":0,"href":"https:\/\/www.millicozum.com\/mc\/wp-json\/wp\/v2\/posts\/421\/revisions"}],"wp:attachment":[{"href":"https:\/\/www.millicozum.com\/mc\/wp-json\/wp\/v2\/media?parent=421"}],"wp:term":[{"taxonomy":"category","embeddable":true,"href":"https:\/\/www.millicozum.com\/mc\/wp-json\/wp\/v2\/categories?post=421"},{"taxonomy":"post_tag","embeddable":true,"href":"https:\/\/www.millicozum.com\/mc\/wp-json\/wp\/v2\/tags?post=421"}],"curies":[{"name":"wp","href":"https:\/\/api.w.org\/{rel}","templated":true}]}}