{"id":4271,"date":"2017-05-24T22:00:00","date_gmt":"2017-05-24T22:00:00","guid":{"rendered":"https:\/\/www.millicozum.com\/mc\/2017\/05\/24\/dunya-capinda-saygin-ilim-ve-fikir-adamlarinin-ahmet-akgul-hocamiza-tebrik-ve-takdir-mesajlari-2\/"},"modified":"2017-05-24T22:00:00","modified_gmt":"2017-05-24T22:00:00","slug":"dunya-capinda-saygin-ilim-ve-fikir-adamlarinin-ahmet-akgul-hocamiza-tebrik-ve-takdir-mesajlari-2","status":"publish","type":"post","link":"https:\/\/www.millicozum.com\/mc\/2017\/haziran-2017\/dunya-capinda-saygin-ilim-ve-fikir-adamlarinin-ahmet-akgul-hocamiza-tebrik-ve-takdir-mesajlari\/","title":{"rendered":"D\u00dcNYA \u00c7APINDA SAYGIN \u0130L\u0130M VE F\u0130K\u0130R ADAMLARININ, AHMET AKG\u00dcL HOCAMIZA TEBR\u0130K VE TAKD\u0130R MESAJLARI"},"content":{"rendered":"\n<p>&nbsp;<\/p>\n<p style=\"margin-bottom: 0.0001pt; text-align: center; line-height: 16pt;\"><strong><span style=\"font-size: 16pt; font-family: 'Arial',sans-serif;\">D&Uuml;NYA &Ccedil;APINDA SAYGIN \u0130L\u0130M VE F\u0130K\u0130R ADAMLARININ, <\/span><\/strong><\/p>\n<p style=\"margin-bottom: 0.0001pt; text-align: center; line-height: 16pt;\"><strong><span style=\"font-size: 16pt; font-family: 'Arial',sans-serif;\">AHMET AKG&Uuml;L HOCAMIZA TEBR\u0130K VE TAKD\u0130R MESAJLARI<\/span><\/strong><\/p>\n<p><strong><span style=\"font-size: 10.5pt; font-family: 'Arial',sans-serif;\"><\/span><\/strong> <img fetchpriority=\"high\" decoding=\"async\" class=\" size-full wp-image-6897\" src=\"https:\/\/www.millicozum.com\/mc\/wp-content\/uploads\/2017\/05\/ALI_KARADAGLI.gif\" alt=\"AL\u0130 KARADA\u011eLI\" style=\"display: block; margin-left: auto; margin-right: auto;\" width=\"462\" height=\"540\" \/><\/p>\n<p>&nbsp;<\/p>\n<p style=\"margin-bottom: 0.0001pt; text-align: justify; text-indent: 1cm; line-height: 16pt;\"><strong><span style=\"text-decoration: underline;\"><span style=\"font-size: 12pt; font-family: 'Arial',sans-serif;\">TERC&Uuml;MES\u0130:<\/span><\/span><\/strong><\/p>\n<div style=\"margin-bottom: 0.0001pt; text-align: justify; text-indent: 1cm; line-height: 16pt;\"><strong><span style=\"font-size: 12pt; font-family: 'Arial',sans-serif;\">Say\u0131n Yakup G&ouml;z&uuml;b&uuml;y&uuml;k,<\/span><\/strong><\/div>\n<div style=\"margin-bottom: 0.0001pt; text-align: justify; text-indent: 1cm; line-height: 16pt;\"><span style=\"font-size: 12pt; font-family: 'Arial',sans-serif;\">Organizat&ouml;r Milli &Ccedil;&ouml;z&uuml;m Dergisi<\/span><\/div>\n<div style=\"margin-bottom: 0.0001pt; text-align: justify; text-indent: 1cm; line-height: 16pt;\"><strong><span style=\"font-size: 12pt; font-family: 'Arial',sans-serif;\">Referans: <\/span><\/strong><span style=\"font-size: 12pt; font-family: 'Arial',sans-serif;\">Adil D&uuml;zen ve Yeni Bir D&uuml;nya ve \u0130nsan\u0131n Yozla\u015fmas\u0131<\/span><\/div>\n<p style=\"margin-bottom: 0.0001pt; text-align: justify; text-indent: 1cm; line-height: 16pt;\"><strong><span style=\"font-size: 12pt; font-family: 'Arial',sans-serif;\"><\/span><\/strong><\/p>\n<p style=\"margin-bottom: 0.0001pt; text-align: justify; text-indent: 1cm; line-height: 16pt;\"><strong><span style=\"font-size: 12pt; font-family: 'Arial',sans-serif;\">G&ouml;nderdi\u011finiz kitaplar\u0131 teslim ald\u0131m. &Ccedil;ok te\u015fekk&uuml;r ederim. Kesinlikle eminim ki, \u0130lim d&uuml;nyas\u0131 bu &ccedil;al\u0131\u015fman\u0131zdan &ouml;t&uuml;r&uuml; minnettar kalacak, okumaya ve kafa yormaya de\u011fer bulacakt\u0131r. (Ahmet Akg&uuml;l &Uuml;stad\u0131n, Adil D&uuml;zen ve \u0130nsan\u0131n Yozla\u015fmas\u0131 kitaplar\u0131 insanl\u0131\u011fa yeni ufuklar a&ccedil;acakt\u0131r, in\u015fallah&hellip;<sup>1<\/sup>) Sayg\u0131lar\u0131mla.<\/span><\/strong><\/p>\n<p style=\"margin-bottom: 0.0001pt; text-align: justify; text-indent: 1cm; line-height: 16pt;\"><strong><span style=\"font-size: 12pt; font-family: 'Arial',sans-serif;\"><\/span><\/strong><\/p>\n<div style=\"margin-bottom: 0.0001pt; text-align: justify; text-indent: 276.45pt; line-height: 16pt;\"><strong><span style=\"font-size: 12pt; font-family: 'Arial',sans-serif;\">Prof. Dr. Ali Karadagi<\/span><\/strong><\/div>\n<div style=\"margin-bottom: 0.0001pt; text-align: justify; text-indent: 7cm; line-height: 16pt;\"><strong><span style=\"font-size: 12pt; font-family: 'Arial',sans-serif;\">&nbsp;&nbsp;&nbsp;&nbsp; (&Uuml;stat Prof. Yusuf El Kardavi&rsquo;nin Yard\u0131mc\u0131s\u0131)<\/span><\/strong><\/div>\n<p style=\"margin-bottom: 0.0001pt; text-align: justify; text-indent: 1cm; line-height: 16pt;\"><strong><span style=\"font-size: 12pt; font-family: 'Arial',sans-serif;\">1- &Ouml;zel Not<\/span><\/strong><\/p>\n<p style=\"margin-bottom: 0.0001pt; text-align: justify; text-indent: 1cm; line-height: 16pt;\"><strong><span style=\"font-size: 12pt; font-family: 'Arial',sans-serif;\">&#8212;&#8212;&#8212;&#8212;&#8212;&#8212;&#8212;&#8212;&#8212;&#8212;&#8212;&#8212;&#8212;&#8212;&#8212;&#8212;&#8212;&#8212;&#8212;&#8212;&#8212;&#8212;&#8212;&#8212;&#8212;&#8212;&#8212;&#8212;&#8212;&#8212;&#8212;&#8212;&#8212;&#8212;&#8212;&#8212;&#8212;&#8212;&#8212;&#8212;-<\/span><\/strong><\/p>\n<div style=\"margin-bottom: 0.0001pt; text-align: justify; text-indent: 1cm; line-height: 16pt;\"><strong><span style=\"font-size: 12pt; font-family: 'Arial',sans-serif;\">Sevgili Karde\u015fim Yakup,<\/span><\/strong><\/div>\n<div style=\"margin-bottom: 0.0001pt; text-align: justify; text-indent: 1cm; line-height: 16pt;\"><strong><span style=\"font-size: 12pt; font-family: 'Arial',sans-serif;\">Bana g&ouml;nderdi\u011finiz iki kitap i&ccedil;in te\u015fekk&uuml;r ederim (Adil D&uuml;zen ve Yeni Bir D&uuml;nya ve \u0130nsan\u0131n Yozla\u015fmas\u0131). Bunlar ger&ccedil;ekten ilgin&ccedil; ve &ccedil;ok faydal\u0131 kitaplar. Ahmet Akg&uuml;l &Uuml;stad\u0131m\u0131z\u0131 kutluyor, hay\u0131rl\u0131 ve ba\u015far\u0131l\u0131 &ccedil;al\u0131\u015fmalar\u0131n\u0131n devam\u0131n\u0131 diliyoruz. Sayg\u0131lar\u0131mla.<\/span><\/strong><\/div>\n<div>&nbsp;<\/div>\n<div style=\"margin-bottom: 0.0001pt; text-align: justify; text-indent: 8cm; line-height: 16pt;\"><strong><span style=\"font-size: 12pt; font-family: 'Arial',sans-serif;\">Prof. Dr. Muhammad Syukri Salleh<\/span><\/strong><\/div>\n<div style=\"margin-bottom: 0.0001pt; text-align: justify; text-indent: 233.9pt; line-height: 16pt;\"><span style=\"font-size: 12pt; font-family: 'Arial',sans-serif;\">\u0130slam Kalk\u0131nma \u0130daresi Profes&ouml;r&uuml;<\/span><\/div>\n<div style=\"margin-bottom: 0.0001pt; text-align: justify; text-indent: 184.3pt; line-height: 16pt;\"><span style=\"font-size: 12pt; font-family: 'Arial',sans-serif;\">\u0130slam Kalk\u0131nma Y&ouml;netimi &Ccedil;al\u0131\u015fmalar\u0131 Merkezi (ISDEV)<\/span><\/div>\n<div style=\"margin-bottom: 0.0001pt; text-align: justify; text-indent: 184.3pt; line-height: 16pt;\"><span style=\"font-size: 12pt; font-family: 'Arial',sans-serif;\">&nbsp;&nbsp; Universiti Sains Malezya 11800 Penang Malezya<\/span><\/div>\n<p style=\"margin-bottom: 0.0001pt; text-align: justify; text-indent: 1cm; line-height: 16pt;\"><span style=\"font-size: 12pt; font-family: 'Arial',sans-serif;\">&#8212;&#8212;&#8212;&#8212;&#8212;&#8212;&#8212;&#8212;&#8212;&#8212;&#8212;&#8212;&#8212;&#8212;&#8212;&#8212;&#8212;&#8212;&#8212;&#8212;&#8212;&#8212;&#8212;&#8212;&#8212;&#8212;&#8212;&#8212;&#8212;&#8212;&#8212;&#8212;&#8212;&#8212;&#8212;&#8212;&#8212;&#8212;&#8212;&#8212;&#8212;<\/span><\/p>\n<div style=\"margin-bottom: 0.0001pt; text-align: justify; text-indent: 1cm; line-height: 16pt;\"><strong><span style=\"font-size: 12pt; font-family: 'Arial',sans-serif;\">Sayg\u0131de\u011fer Karde\u015fim,<\/span><\/strong><\/div>\n<div style=\"margin-bottom: 0.0001pt; text-align: justify; text-indent: 1cm; line-height: 16pt;\"><strong><span style=\"font-size: 12pt; font-family: 'Arial',sans-serif;\">Allah&rsquo;\u0131n selam\u0131, rahmet ve bereketi &uuml;zerine olsun.<\/span><\/strong><\/div>\n<div style=\"margin-bottom: 0.0001pt; text-align: justify; text-indent: 1cm; line-height: 16pt;\"><strong><span style=\"font-size: 12pt; font-family: 'Arial',sans-serif;\">Umar\u0131m Allah&#8217;\u0131n l&uuml;tfuyla &ccedil;ok iyisinizdir. &Ccedil;ok g&uuml;zel ve tarihi kent \u0130stanbul&#8217;da konferans esnas\u0131nda sizinle kar\u015f\u0131la\u015ft\u0131\u011f\u0131ma &ccedil;ok sevindim. Bu t&uuml;r ili\u015fkiler \u0130n\u015faAllah devam edecektir. \u0130lgin&ccedil; kitaplar\u0131n\u0131z &ccedil;ok makbule ge&ccedil;mi\u015ftir ve orijinal bilgiler i&ccedil;ermektedir. Mekke-Mukarramah ve Suudi Arabistan&#8217;dan yapabilece\u011fimiz herhangi bir hizmet varsa iletirseniz &ccedil;ok memnun olurum. &Ccedil;ok te\u015fekk&uuml;r ederim ve sayg\u0131lar\u0131mla.<\/span><\/strong><\/div>\n<div>&nbsp;<\/div>\n<div style=\"margin-bottom: 0.0001pt; text-align: justify; text-indent: 241pt; line-height: 16pt;\"><strong><span style=\"font-size: 12pt; font-family: 'Arial',sans-serif;\">Mohammad Zakir Hossain<\/span><\/strong><\/div>\n<div style=\"margin-bottom: 0.0001pt; text-align: justify; text-indent: 6cm; line-height: 16pt;\"><span style=\"font-size: 12pt; font-family: 'Arial',sans-serif;\">Editor, M&uuml;sl&uuml;man D&uuml;nya Ligi (Rabitatul al-Alam al-Islami)<\/span><\/div>\n<div style=\"margin-bottom: 0.0001pt; text-align: justify; text-indent: 219.75pt; line-height: 16pt;\"><span style=\"font-size: 12pt; font-family: 'Arial',sans-serif;\">Mekke-i M&uuml;kerreme, Suudi Arabistan<\/span><\/div>\n<p style=\"margin-bottom: 0.0001pt; text-align: justify; text-indent: 1cm; line-height: 16pt;\"><span style=\"font-size: 12pt; font-family: 'Arial',sans-serif;\">&#8212;&#8212;&#8212;&#8212;&#8212;&#8212;&#8212;&#8212;&#8212;&#8212;&#8212;&#8212;&#8212;&#8212;&#8212;&#8212;&#8212;&#8212;&#8212;&#8212;&#8212;&#8212;&#8212;&#8212;&#8212;&#8212;&#8212;&#8212;&#8212;&#8212;&#8212;&#8212;&#8212;&#8212;&#8212;&#8212;&#8212;&#8212;&#8212;&#8212;<\/span><\/p>\n<div style=\"margin-bottom: 0.0001pt; text-align: justify; text-indent: 1cm; line-height: 16pt;\"><strong><span style=\"font-size: 12pt; font-family: 'Arial',sans-serif;\">Say\u0131n Yakup Bey,<\/span><\/strong><\/div>\n<div style=\"margin-bottom: 0.0001pt; text-align: justify; text-indent: 1cm; line-height: 16pt;\"><strong><span style=\"font-size: 12pt; font-family: 'Arial',sans-serif;\">Ahmet Akg&uuml;l Bey&rsquo;in kitaplar\u0131n\u0131 g&ouml;nderdi\u011finiz i&ccedil;in te\u015fekk&uuml;r ediyoruz;<\/span><\/strong><\/div>\n<div style=\"margin-bottom: 0.0001pt; text-align: justify; text-indent: 1cm; line-height: 16pt;\"><strong><span style=\"font-size: 12pt; font-family: 'Arial',sans-serif;\">\u0130slam Ekonomisinin temellerine referans yap\u0131lm\u0131\u015f orijinal projeler oldu\u011funu g&ouml;rmekten &ccedil;ok memnunuz&hellip; Tekrar te\u015fekk&uuml;r ediyor, &ccedil;al\u0131\u015fmalar\u0131n\u0131zda kolayl\u0131klar ve ba\u015far\u0131lar diliyorum.<\/span><\/strong><\/div>\n<div>&nbsp;<\/div>\n<div style=\"margin-bottom: 0.0001pt; text-align: justify; text-indent: 241pt; line-height: 16pt;\"><strong><span style=\"font-size: 12pt; font-family: 'Arial',sans-serif;\">Professor Mehmet Asutay<\/span><\/strong><\/div>\n<div style=\"margin-bottom: 0.0001pt; text-align: justify; text-indent: 127.6pt; line-height: 16pt;\"><span style=\"font-size: 12pt; font-family: 'Arial',sans-serif;\">Professor of Middle Eastern and Islamic Political Economy &amp; Finance<\/span><\/div>\n<div style=\"margin-bottom: 0.0001pt; text-align: justify; text-indent: 120.5pt; line-height: 16pt;\"><span style=\"font-size: 12pt; font-family: 'Arial',sans-serif;\">Durham University Business School, Mill Hill Lane, Durham DH1 3LB, UK<\/span><\/div>\n<p style=\"margin-bottom: 0.0001pt; text-align: justify; text-indent: 1cm; line-height: 16pt;\">&nbsp;<span style=\"font-size: 12pt; font-family: 'Arial',sans-serif;\">&#8212;&#8212;&#8212;&#8212;&#8212;&#8212;&#8212;&#8212;&#8212;&#8212;&#8212;&#8212;&#8212;&#8212;&#8212;&#8212;&#8212;&#8212;&#8212;&#8212;&#8212;&#8212;&#8212;&#8212;&#8212;&#8212;&#8212;&#8212;&#8212;&#8212;&#8212;&#8212;&#8212;&#8212;&#8212;&#8212;&#8212;&#8212;&#8212;&#8211;<\/span><\/p>\n<p style=\"margin-bottom: 0.0001pt; text-align: justify; text-indent: 1cm; line-height: 16pt;\"><strong><span style=\"font-size: 12pt; font-family: 'Arial',sans-serif;\">Yakup Bey,<\/span><\/strong><\/p>\n<p style=\"margin-bottom: 0.0001pt; text-align: justify; text-indent: 1cm; line-height: 16pt;\"><strong><span style=\"font-size: 12pt; font-family: 'Arial',sans-serif;\">Te\u015fekk&uuml;r ederiz. Mailiniz al\u0131nm\u0131\u015ft\u0131r. Kitaplar\u0131n\u0131z bizi memnun k\u0131lm\u0131\u015f ve hayran b\u0131rakm\u0131\u015ft\u0131r. Sayg\u0131lar\u0131mla.<\/span><\/strong><\/p>\n<p>&nbsp;<\/p>\n<div style=\"margin-bottom: 0.0001pt; text-align: justify; text-indent: 269.35pt; line-height: 16pt;\"><strong><span style=\"font-size: 12pt; font-family: 'Arial',sans-serif;\">Leonid Savin<\/span><\/strong><\/div>\n<div style=\"margin-bottom: 0.0001pt; text-align: justify; text-indent: 8cm; line-height: 16pt;\"><strong><span style=\"font-size: 12pt; font-family: 'Arial',sans-serif;\">Katehon D&uuml;\u015f&uuml;nce Kurulu\u015fu<\/span><\/strong><\/div>\n<p style=\"margin-bottom: 0.0001pt; text-align: justify; text-indent: 1cm; line-height: 16pt;\"><strong><span style=\"font-size: 12pt; font-family: 'Arial',sans-serif;\">&#8212;&#8212;&#8212;&#8212;&#8212;&#8212;&#8212;&#8212;&#8212;&#8212;&#8212;&#8212;&#8212;&#8212;&#8212;&#8212;&#8212;&#8212;&#8212;&#8212;&#8212;&#8212;&#8212;&#8212;&#8212;&#8212;&#8212;&#8212;&#8212;&#8212;&#8212;&#8212;&#8212;&#8212;&#8212;&#8212;&#8212;&#8212;&#8212;&#8211;<\/span><\/strong><\/p>\n<div style=\"margin-bottom: 0.0001pt; text-align: justify; text-indent: 1cm; line-height: 16pt;\"><strong><span style=\"font-size: 12pt; font-family: 'Arial',sans-serif;\">Al Farabi Kazak Devlet &Uuml;niversitesi<\/span><\/strong><\/div>\n<div style=\"margin-bottom: 0.0001pt; text-align: justify; text-indent: 1cm; line-height: 16pt;\"><span style=\"font-size: 12pt; font-family: 'Arial',sans-serif;\">Farabi K&uuml;t&uuml;phanesi M&uuml;d&uuml;rl&uuml;\u011f&uuml;. Almat\u0131, Kazakistan<\/span><\/div>\n<p style=\"margin-bottom: 0.0001pt; text-align: justify; text-indent: 1cm; line-height: 16pt;\"><strong><span style=\"font-size: 12pt; font-family: 'Arial',sans-serif;\"><\/span><\/strong><\/p>\n<div style=\"margin-bottom: 0.0001pt; text-align: justify; text-indent: 1cm; line-height: 16pt;\"><strong><span style=\"font-size: 12pt; font-family: 'Arial',sans-serif;\">Say\u0131n Yakup G&ouml;z&uuml;b&uuml;y&uuml;k,<\/span><\/strong><\/div>\n<div style=\"margin-bottom: 0.0001pt; text-align: justify; text-indent: 1cm; line-height: 16pt;\"><strong><span style=\"font-size: 12pt; font-family: 'Arial',sans-serif;\">Al Farabi Milli &Uuml;niversitesinin k&uuml;t&uuml;phanesine hediye etti\u011finiz T&uuml;rk ara\u015ft\u0131rmac\u0131s\u0131 Ahmet Akg&uuml;l&#8217;&uuml;n &#8220;Adil D&uuml;zen ve Yeni D&uuml;nya&#8221; adl\u0131 kitab\u0131 i&ccedil;in te\u015fekk&uuml;r ederiz. Kitab\u0131n &ouml;\u011frencilerin ve &ouml;\u011fretim g&ouml;revlilerinin ilgisini &ccedil;ekece\u011finden eminiz. K&uuml;t&uuml;phanemizdeki kitaplar\u0131n say\u0131s\u0131n\u0131 artt\u0131rmak hususunda kar\u015f\u0131l\u0131ks\u0131z yard\u0131mda bulundu\u011funuz i&ccedil;in minnettar\u0131z. Meslek hayat\u0131n\u0131zda ba\u015far\u0131lar diliyor, bundan sonra da i\u015fbirli\u011fi i&ccedil;inde bulunaca\u011f\u0131m\u0131z\u0131 &uuml;mit ediyoruz.<\/span><\/strong><\/div>\n<div>&nbsp;<\/div>\n<div style=\"margin-bottom: 0.0001pt; text-align: justify; text-indent: 212.65pt; line-height: 16pt;\"><strong><span style=\"font-size: 12pt; font-family: 'Arial',sans-serif;\">Tuyenbayeva Kalima Toleubayevna<\/span><\/strong><\/div>\n<div style=\"margin-bottom: 0.0001pt; text-align: justify; text-indent: 219.75pt; line-height: 16pt;\"><strong><span style=\"font-size: 12pt; font-family: 'Arial',sans-serif;\">Al-Farabi Kazak Milli &Uuml;niversitesi <\/span><\/strong><\/div>\n<div style=\"margin-bottom: 0.0001pt; text-align: justify; text-indent: 248.1pt; line-height: 16pt;\"><strong><span style=\"font-size: 12pt; font-family: 'Arial',sans-serif;\">K&uuml;t&uuml;phanesi M&uuml;d&uuml;r&uuml;<\/span><\/strong><\/div>\n<p style=\"margin-bottom: 0.0001pt; text-align: justify; text-indent: 1cm; line-height: 16pt;\"><strong><span style=\"font-size: 12pt; font-family: 'Arial',sans-serif;\">&#8212;&#8212;&#8212;&#8212;&#8212;&#8212;&#8212;&#8212;&#8212;&#8212;&#8212;&#8212;&#8212;&#8212;&#8212;&#8212;&#8212;&#8212;&#8212;&#8212;&#8212;&#8212;&#8212;&#8212;&#8212;&#8212;&#8212;&#8212;&#8212;&#8212;&#8212;&#8212;&#8212;&#8212;&#8212;&#8212;&#8212;&#8212;&#8212;-<\/span><\/strong><\/p>\n<div style=\"margin-bottom: 0.0001pt; text-align: justify; text-indent: 1cm; line-height: 16pt;\"><strong><span style=\"font-size: 12pt; font-family: 'Arial',sans-serif;\">Cemaati \u0130slami Pakistan, D\u0131\u015f \u0130li\u015fkiler Departman\u0131, <\/span><\/strong><span style=\"font-size: 12pt; font-family: 'Arial',sans-serif;\">29\/04\/2017<\/span><\/div>\n<div style=\"margin-bottom: 0.0001pt; text-align: justify; text-indent: 1cm; line-height: 16pt;\"><strong><span style=\"font-size: 12pt; font-family: 'Arial',sans-serif;\">Yakup G&ouml;z&uuml;b&uuml;y&uuml;k<\/span><\/strong><\/div>\n<div style=\"margin-bottom: 0.0001pt; text-align: justify; text-indent: 1cm; line-height: 16pt;\"><span style=\"font-size: 12pt; font-family: 'Arial',sans-serif;\">Organizat&ouml;r, Milli &Ccedil;&ouml;z&uuml;m Dergisi<\/span><\/div>\n<p style=\"margin-bottom: 0.0001pt; text-align: justify; text-indent: 1cm; line-height: 16pt;\"><strong><span style=\"font-size: 12pt; font-family: 'Arial',sans-serif;\"><\/span><\/strong><\/p>\n<div style=\"margin-bottom: 0.0001pt; text-align: justify; text-indent: 1cm; line-height: 16pt;\"><strong><span style=\"font-size: 12pt; font-family: 'Arial',sans-serif;\">Say\u0131n Beyefendi,<\/span><\/strong><\/div>\n<div style=\"margin-bottom: 0.0001pt; text-align: justify; text-indent: 1cm; line-height: 16pt;\"><span style=\"font-size: 12pt; font-family: 'Arial',sans-serif;\">Allah&rsquo;\u0131n rahmeti ve bereketi &uuml;zerinize olsun.<\/span><\/div>\n<div style=\"margin-bottom: 0.0001pt; text-align: justify; text-indent: 1cm; line-height: 16pt;\"><span style=\"font-size: 12pt; font-family: 'Arial',sans-serif;\">15 \u015eubat 2017 tarihli nazik mektubunuzu ald\u0131\u011f\u0131m\u0131z\u0131 belirtmek isterim.<\/span><\/div>\n<div style=\"margin-bottom: 0.0001pt; text-align: justify; text-indent: 1cm; line-height: 16pt;\"><strong><span style=\"font-size: 12pt; font-family: 'Arial',sans-serif;\">Sn. Ahmet Akg&uuml;l&rsquo;e ait her iki kitap i&ccedil;in de te\u015fekk&uuml;rlerimi kabul edin l&uuml;tfen. Kitaplar\u0131 inceleme f\u0131rsat\u0131m oldu. Yazar &ouml;nemli meselelere odaklanm\u0131\u015f, bilimsel ve orijinal programlar haz\u0131rlam\u0131\u015ft\u0131r; kendisine ba\u015far\u0131lar dilerim. Te\u015fekk&uuml;rler. Sayg\u0131lar\u0131mla.<\/span><\/strong><\/div>\n<div>&nbsp;<\/div>\n<div style=\"margin-bottom: 0.0001pt; text-align: justify; text-indent: 9cm; line-height: 16pt;\"><strong><span style=\"font-size: 12pt; font-family: 'Arial',sans-serif;\">Abdul Gaffar Aziz, <\/span><\/strong><\/div>\n<div style=\"margin-bottom: 0.0001pt; text-align: justify; text-indent: 219.75pt; line-height: 16pt;\"><strong><span style=\"font-size: 12pt; font-family: 'Arial',sans-serif;\">Direkt&ouml;r, D\u0131\u015f \u0130li\u015fkiler Departman\u0131<\/span><\/strong><\/div>\n<p style=\"margin-bottom: 0.0001pt; text-align: justify; text-indent: 1cm; line-height: 16pt;\"><strong><span style=\"font-size: 12pt; font-family: 'Arial',sans-serif;\">&#8212;&#8212;&#8212;&#8212;&#8212;&#8212;&#8212;&#8212;&#8212;&#8212;&#8212;&#8212;&#8212;&#8212;&#8212;&#8212;&#8212;&#8212;&#8212;&#8212;&#8212;&#8212;&#8212;&#8212;&#8212;&#8212;&#8212;&#8212;&#8212;&#8212;&#8212;&#8212;&#8212;&#8212;&#8212;&#8212;&#8212;&#8212;&#8212;<\/span><\/strong><\/p>\n<p style=\"margin-top: 0cm; margin-right: 0cm; margin-bottom: 0.0001pt; text-align: justify; text-indent: 1cm; line-height: 16pt;\"><strong><span style=\"font-size: 14pt; font-family: 'Arial',sans-serif;\"><\/span><\/strong><\/p>\n<p style=\"margin-top: 0cm; margin-right: 0cm; margin-bottom: 0.0001pt; text-align: justify; text-indent: 1cm; line-height: 16pt;\"><strong><span style=\"font-size: 14pt; font-family: 'Arial',sans-serif;\">&Uuml;stat Ahmet Akg&uuml;l Hocam\u0131z\u0131n <\/span><\/strong><strong><span style=\"font-size: 16pt; font-family: 'Arial',sans-serif;\">Adil D&uuml;zen ve \u0130nsan\u0131n Yozla\u015fmas\u0131 <\/span><\/strong><strong><span style=\"font-size: 14pt; font-family: 'Arial',sans-serif;\">Kitaplar\u0131n\u0131n \u0130ngilizce Bask\u0131lar\u0131n\u0131n Ula\u015ft\u0131r\u0131ld\u0131\u011f\u0131 Farkl\u0131 &Uuml;lkelerin Devlet Adamlar\u0131, \u0130lim Erbab\u0131 ve D&uuml;\u015f&uuml;nce Kurulu\u015flar\u0131:<\/span><\/strong><\/p>\n<p><img decoding=\"async\" class=\" size-full wp-image-6898\" src=\"https:\/\/www.millicozum.com\/mc\/wp-content\/uploads\/2017\/05\/nail_-_1.gif\" alt=\"nail 1\" style=\"display: block; margin-left: auto; margin-right: auto;\" width=\"650\" height=\"1039\" \/><\/p>\n<p><img decoding=\"async\" class=\" size-full wp-image-6899\" src=\"https:\/\/www.millicozum.com\/mc\/wp-content\/uploads\/2017\/05\/nail_-_11.gif\" alt=\"nail 11\" style=\"display: block; margin-left: auto; margin-right: auto;\" width=\"650\" height=\"1098\" \/><\/p>\n<p><img loading=\"lazy\" decoding=\"async\" class=\" size-full wp-image-6900\" src=\"https:\/\/www.millicozum.com\/mc\/wp-content\/uploads\/2017\/05\/nail_-_111.gif\" alt=\"nail 111\" style=\"display: block; margin-left: auto; margin-right: auto;\" width=\"650\" height=\"1068\" \/><\/p>\n<p>&nbsp;<\/p>\n<p style=\"margin-top: 0cm; margin-right: 0cm; margin-bottom: 0.0001pt; text-align: justify; text-indent: 1cm; line-height: 16pt;\"><strong><span style=\"font-family: 'Arial',sans-serif;\"><\/span><\/strong><\/p>\n<p style=\"margin-top: 0cm; margin-right: 0cm; margin-bottom: 0.0001pt; text-align: justify; text-indent: 1cm; line-height: 16pt;\"><strong><span style=\"font-size: 14pt; font-family: 'Arial',sans-serif;\">Ahmet Akg&uuml;l Hocam\u0131z\u0131n <\/span><\/strong><strong><span style=\"font-size: 16pt; font-family: 'Arial',sans-serif;\">Adil D&uuml;zen ve \u0130nsan\u0131n Yozla\u015fmas\u0131 <\/span><\/strong><strong><span style=\"font-size: 14pt; font-family: 'Arial',sans-serif;\">kitaplar\u0131n\u0131n Rus&ccedil;a Bask\u0131lar\u0131n\u0131n Ula\u015ft\u0131r\u0131ld\u0131\u011f\u0131 Rus Makamlar\u0131:<\/span><\/strong><\/p>\n<p><img loading=\"lazy\" decoding=\"async\" class=\" size-full wp-image-6901\" src=\"https:\/\/www.millicozum.com\/mc\/wp-content\/uploads\/2017\/05\/nail_-_2.gif\" alt=\"nail 2\" style=\"display: block; margin-left: auto; margin-right: auto;\" width=\"615\" height=\"933\" \/><\/p>\n<p><img loading=\"lazy\" decoding=\"async\" class=\" size-full wp-image-6902\" src=\"https:\/\/www.millicozum.com\/mc\/wp-content\/uploads\/2017\/05\/nail_-_22.gif\" alt=\"nail 22\" style=\"display: block; margin-left: auto; margin-right: auto;\" width=\"615\" height=\"1085\" \/><\/p>\n<p><img loading=\"lazy\" decoding=\"async\" class=\" size-full wp-image-6903\" src=\"https:\/\/www.millicozum.com\/mc\/wp-content\/uploads\/2017\/05\/nail_-_222.gif\" alt=\"nail 222\" style=\"display: block; margin-left: auto; margin-right: auto;\" width=\"615\" height=\"1025\" \/><\/p>\n<p><img loading=\"lazy\" decoding=\"async\" class=\" size-full wp-image-6904\" src=\"https:\/\/www.millicozum.com\/mc\/wp-content\/uploads\/2017\/05\/nail_-_2222.gif\" alt=\"nail 2222\" style=\"display: block; margin-left: auto; margin-right: auto;\" width=\"615\" height=\"693\" \/><\/p>\n<p>&nbsp;<\/p>\n<p style=\"margin-bottom: 0.0001pt; text-align: justify; text-indent: 1cm; line-height: 16pt;\"><strong><span style=\"font-size: 14pt; font-family: 'Arial',sans-serif;\">Ahmet Akg&uuml;l Hocam\u0131z\u0131n yorumlad\u0131\u011f\u0131 Kur&rsquo;an&rsquo;\u0131 Kerim Mealini Erbakan Hocam\u0131z\u0131n tebrik ve tasdik etti\u011fini m&uuml;jdeleyen ibretli bir r&uuml;ya:<\/span><\/strong><\/p>\n<p style=\"margin-bottom: 0.0001pt; text-align: center; text-indent: 1cm; line-height: 16pt;\"><strong><span style=\"font-size: 16pt; font-family: 'Arial',sans-serif;\">FATMA BET&Uuml;L ER\u0130\u015eK\u0130N \/ Konya \/ 02.05.2017<\/span><\/strong><\/p>\n<p style=\"margin-bottom: 0.0001pt; text-align: justify; text-indent: 1cm; line-height: 16pt;\"><strong><span style=\"font-size: 12pt; font-family: 'Arial',sans-serif;\">R&uuml;yamda:<\/span><\/strong><\/p>\n<p style=\"margin-bottom: 0.0001pt; text-align: justify; text-indent: 1cm; line-height: 16pt;\"><strong><span style=\"font-size: 12pt; font-family: 'Arial',sans-serif;\">Uzun bir &ccedil;al\u0131\u015fma odas\u0131nda oluyoruz. Ah\u015fap uzun bir masa, etraf\u0131nda yine ah\u015fap sandalyeler oluyor. Masan\u0131n ilk sa\u011f\u0131na <\/span><\/strong><strong><span style=\"font-size: 14pt; font-family: 'Arial',sans-serif;\">Muhterem Ahmet Hocam\u0131z<\/span><\/strong><strong><span style=\"font-size: 12pt; font-family: 'Arial',sans-serif;\"> oturmu\u015flar. Hemen kar\u015f\u0131lar\u0131nda da ben oturuyorum. Ucu verev (yazma kam\u0131\u015f\u0131 gibi yan kesilmi\u015f) bir kam\u0131\u015f var elimde. Siyah m&uuml;rekkebe bat\u0131r\u0131p, <\/span><\/strong><strong><span style=\"font-size: 14pt; font-family: 'Arial',sans-serif;\">Muhterem Ahmet Hocam\u0131z\u0131n<\/span><\/strong><strong><span style=\"font-size: 12pt; font-family: 'Arial',sans-serif;\"> s&ouml;ylediklerini yaz\u0131yorum. Meali Kerim&rsquo;le ilgili bir &ccedil;al\u0131\u015fma yap\u0131yoruz. Ayet giri\u015f &ccedil;\u0131k\u0131\u015flar\u0131nda d&uuml;zenlemeler yap\u0131yorlar, ben de notlar\u0131n\u0131 al\u0131yorum. Bu esnada kap\u0131 vurulmadan direkt a&ccedil;\u0131l\u0131yor. \u0130&ccedil;eriye <\/span><\/strong><strong><span style=\"font-size: 14pt; font-family: 'Arial',sans-serif;\">Aziz Erbakan Hocam\u0131z<\/span><\/strong><strong><span style=\"font-size: 12pt; font-family: 'Arial',sans-serif;\"> giriyorlar. Selam verip masa ba\u015f\u0131ndaki sandalyeye oturuyorlar. M&uuml;barek ellerini &ouml;p&uuml;yoruz. <\/span><\/strong><strong><span style=\"font-size: 14pt; font-family: 'Arial',sans-serif;\">Aziz Erbakan Hocam\u0131z\u0131n<\/span><\/strong><strong><span style=\"font-size: 12pt; font-family: 'Arial',sans-serif;\"> elinde ye\u015fil ve mor renkli iki b&uuml;y&uuml;k dosya var. Mor olan dosyay\u0131 bana uzat\u0131yorlar ve dosya &uuml;zerinde yap\u0131lan de\u011fi\u015fiklikleri direkt not almam\u0131 istiyorlar. Elime verilen mor dosyan\u0131n i&ccedil;inde Bakara S&ucirc;resinin tamam\u0131 yaz\u0131yor. Neredeyse her ayetin alt\u0131na, &uuml;st&uuml;ne d&uuml;zeltmeler-eklemeler yap\u0131lm\u0131\u015f. Ben i&ccedil;imden: <\/span><\/strong><strong><em><span style=\"font-size: 14pt; font-family: 'Arial',sans-serif;\">&ldquo;Allah&rsquo;\u0131m bu sayfalar nas\u0131l bitecek?<\/span><\/em><\/strong><strong><em><span style=\"font-size: 14pt; font-family: 'Arial',sans-serif;\">&rdquo;<\/span><\/em><\/strong><strong><span style=\"font-size: 12pt; font-family: 'Arial',sans-serif;\"> diye d&uuml;\u015f&uuml;n&uuml;yorum. <\/span><\/strong><strong><span style=\"font-size: 14pt; font-family: 'Arial',sans-serif;\">Aziz Erbakan Hocam\u0131z<\/span><\/strong><strong><span style=\"font-size: 12pt; font-family: 'Arial',sans-serif;\"> ve <\/span><\/strong><strong><span style=\"font-size: 14pt; font-family: 'Arial',sans-serif;\">Muhterem Ahmet Hocam\u0131z,<\/span><\/strong><strong><span style=\"font-size: 12pt; font-family: 'Arial',sans-serif;\"> kendileri duyacaklar\u0131 \u015fekilde ye\u015fil dosya &uuml;zerinde &ccedil;al\u0131\u015f\u0131yorlar. Dosyadaki not al\u0131nacak yerleri bitiriyorum. Ba\u015f\u0131m\u0131 kald\u0131r\u0131p bak\u0131yorum<\/span><\/strong><strong><span style=\"font-size: 14pt; font-family: 'Arial',sans-serif;\">, Muhterem Ahmet Hocam\u0131z<\/span><\/strong><strong><span style=\"font-size: 12pt; font-family: 'Arial',sans-serif;\"> Meali Kerim&rsquo;i a&ccedil;\u0131k bir halde iki ellerinde tutuyorlar. <\/span><\/strong><strong><span style=\"font-size: 14pt; font-family: 'Arial',sans-serif;\">Aziz Erbakan Hocam\u0131z<\/span><\/strong><strong><span style=\"font-size: 12pt; font-family: 'Arial',sans-serif;\"> da sa\u011f ellerinin \u015fehadet parmaklar\u0131 ile sayfalardaki d&uuml;zeltme yap\u0131lacak ayet meallerini d&uuml;zeltiyorlar. \u0130\u015fleri bitiyor ve m&uuml;barek ba\u015flar\u0131n\u0131 &ccedil;evirip bana bak\u0131yorlar. <\/span><\/strong><strong><span style=\"font-size: 14pt; font-family: 'Arial',sans-serif;\">Aziz Erbakan Hocam\u0131z: <em>&ldquo;Bitti mi sendeki dosya?<\/em><\/span><\/strong><strong><span style=\"font-size: 12pt; font-family: 'Arial',sans-serif;\">&rdquo; diye soruyorlar. Ben de: &lsquo;&rsquo;<\/span><\/strong><strong><em><span style=\"font-size: 14pt; font-family: 'Arial',sans-serif;\">Evet Hocam bitti<\/span><\/em><\/strong><strong><span style=\"font-size: 12pt; font-family: 'Arial',sans-serif;\">&rsquo;&rsquo; diyorum. O esnada <\/span><\/strong><strong><span style=\"font-size: 14pt; font-family: 'Arial',sans-serif;\">Muhterem Ahmet Hocam\u0131z\u0131n<\/span><\/strong><strong><span style=\"font-size: 12pt; font-family: 'Arial',sans-serif;\"> masada olmad\u0131\u011f\u0131n\u0131 g&ouml;r&uuml;yorum. <\/span><\/strong><strong><span style=\"font-size: 14pt; font-family: 'Arial',sans-serif;\">Aziz Erbakan Hocam\u0131z, Ahmet Hocam\u0131z\u0131<\/span><\/strong><strong><span style=\"font-size: 12pt; font-family: 'Arial',sans-serif;\"> arad\u0131\u011f\u0131m\u0131 g&ouml;r&uuml;nce: <\/span><\/strong><strong><em><span style=\"font-size: 14pt; font-family: 'Arial',sans-serif;\">&ldquo;<\/span><\/em><\/strong><strong><em><span style=\"font-size: 14pt; font-family: 'Arial',sans-serif;\">Ahmet d&uuml;zenleme yapt\u0131\u011f\u0131m\u0131z Meali Kerim&rsquo;leri bast\u0131rmaya gitti&rdquo;<\/span><\/em><\/strong><strong><span style=\"font-size: 12pt; font-family: 'Arial',sans-serif;\"> buyuruyorlar. Ben i&ccedil;imden: <\/span><\/strong><strong><em><span style=\"font-size: 14pt; font-family: 'Arial',sans-serif;\">&ldquo;<\/span><\/em><\/strong><strong><em><span style=\"font-size: 14pt; font-family: 'Arial',sans-serif;\">Neden birini &ccedil;a\u011f\u0131r\u0131p emir buyurmad\u0131lar ki, bunun i&ccedil;in Ahmet Hocam\u0131z yoruluyor&rdquo;<\/span><\/em><\/strong><strong><span style=\"font-size: 12pt; font-family: 'Arial',sans-serif;\"> diye ge&ccedil;iriyorum. Aziz Erbakan Hocam\u0131z g&uuml;l&uuml;mseyerek, biraz &ouml;nce <\/span><\/strong><strong><span style=\"font-size: 14pt; font-family: 'Arial',sans-serif;\">Ahmet Hocam\u0131z\u0131n<\/span><\/strong><strong><span style=\"font-size: 12pt; font-family: 'Arial',sans-serif;\"> oturduklar\u0131 sandalyeyi g&ouml;steriyorlar. Sandalyenin oturulan k\u0131sm\u0131na bak\u0131nca bir g&ouml;r&uuml;nt&uuml; oldu\u011funu fark ediyorum. Dikkatli bak\u0131nca, <\/span><\/strong><strong><span style=\"font-size: 14pt; font-family: 'Arial',sans-serif;\">Muhterem Ahmet Hocam\u0131z\u0131n bu <\/span><\/strong><strong><span style=\"font-size: 12pt; font-family: 'Arial',sans-serif;\">Meali Kerim&rsquo;leri, Milli &Ccedil;&ouml;z&uuml;mden baz\u0131 karde\u015flerimizin beyinlerine ve kalplerine bast\u0131\u011f\u0131n\u0131 (veya kopyalad\u0131\u011f\u0131n\u0131) g&ouml;r&uuml;yorum. <\/span><\/strong><strong><span style=\"font-size: 14pt; font-family: 'Arial',sans-serif;\">Aziz Erbakan Hocam\u0131z<\/span><\/strong><strong><span style=\"font-size: 12pt; font-family: 'Arial',sans-serif;\">: <\/span><\/strong><strong><em><span style=\"font-size: 14pt; font-family: 'Arial',sans-serif;\">&ldquo;<\/span><\/em><\/strong><strong><em><span style=\"font-size: 14pt; font-family: 'Arial',sans-serif;\">\u015ea\u015f\u0131rd\u0131n m\u0131?<\/span><\/em><\/strong><span style=\"font-size: 12pt; font-family: 'Arial',sans-serif;\"> <\/span><strong><em><span style=\"font-size: 14pt; font-family: 'Arial',sans-serif;\">B&ouml;yle olmak zorunda, bu Meallerden on binlerce de\u011fil milyarlarca bast\u0131rsak, da\u011f\u0131tacak olanlar\u0131n beyinlerine ve kalplerine yerle\u015fmeden fayda etmez&rdquo;<\/span><\/em><\/strong><span style=\"font-size: 14pt; font-family: 'Arial',sans-serif;\"> <\/span><strong><span style=\"font-size: 12pt; font-family: 'Arial',sans-serif;\">diye buyuruyorlar. S\u0131rtlar\u0131n\u0131 sandalyeye yasl\u0131yorlar, iki ellerini sandalyenin kollar\u0131na koyuyorlar. Biraz sessiz kal\u0131p d&uuml;\u015f&uuml;nd&uuml;kten sonra: <\/span><\/strong><strong><em><span style=\"font-size: 14pt; font-family: 'Arial',sans-serif;\">&ldquo;Bak mesela, &ccedil;ok &ouml;nemli bir mesele ile ilgili karar vermen gerekiyor. Bu konu ayete ters mi? hadise muhalif mi? diye d&uuml;\u015f&uuml;n&uuml;yorsun. Bakt\u0131n, ters de\u011fil! Hal&acirc; karar vermekte zorlan\u0131yorsun. \u0130&ccedil;inden de ge&ccedil;iriyorsun, acaba Erbakan Hocam olsayd\u0131 bu konuda ne karar verirlerdi? diye. Kalk iki rekat namaz k\u0131l, tevbei isti\u011ffar et. G&ouml;zlerini kapa, ba\u015f\u0131n\u0131 sa\u011fa e\u011f ve d&uuml;\u015f&uuml;n. Yine d&uuml;\u015f&uuml;n&#8230; Bir daha d&uuml;\u015f&uuml;n&#8230; Burnun taa g&ouml;zlerinin arkas\u0131na s\u0131zlay\u0131ncaya kadar bekle. S\u0131zlarsa bil ki o an yan\u0131na gelmi\u015fiz. O an akl\u0131na ilk gelen, kalbine ilk do\u011fan do\u011frudur. O, karar\u0131n olsun. Bize geldiniz diyelim, ziyaret edeceksiniz yapaca\u011f\u0131n\u0131z \u015fey yine ayn\u0131. G&ouml;zlerinizi kapat\u0131n, ba\u015flar\u0131n\u0131z\u0131 sa\u011fa e\u011fin. Y&uuml;rekten bir Bismillah &ccedil;ekin. Ard\u0131ndan t&ouml;vbe edin ve derin derin d&uuml;\u015f&uuml;n&uuml;n. Derin derin nefes al\u0131p verin. E\u011fer burnunuz s\u0131zlad\u0131 m\u0131? biz oraday\u0131z demektir. Hayat nefestir. Nefes burunda ba\u015flar, burunda biter. Oraya \u015feytan oturdu mu, nefesler bo\u015fa al\u0131n\u0131p verilmeye, hayatlar bo\u015fa ya\u015fanmaya ba\u015flar. Burun s\u0131zlamay\u0131 b\u0131rak\u0131r. Burun s\u0131zlamad\u0131\u011f\u0131 zaman kalp de s\u0131zlamaz. Kalbi s\u0131zlamayan da bizden de\u011fildir&rdquo;<\/span><\/em><\/strong><strong><span style=\"font-size: 12pt; font-family: 'Arial',sans-serif;\"> buyurdu. Ben: <\/span><\/strong><strong><em><span style=\"font-size: 14pt; font-family: 'Arial',sans-serif;\">&ldquo;<\/span><\/em><\/strong><strong><em><span style=\"font-size: 14pt; font-family: 'Arial',sans-serif;\">Bu her verece\u011fimiz kararda b&ouml;yle midir? <\/span><\/em><\/strong><strong><em><span style=\"font-size: 14pt; font-family: 'Arial',sans-serif;\">Acelemiz varsa, d&uuml;\u015f&uuml;necek vakit yoksa ne yapmal\u0131y\u0131z Hocam<\/span><\/em><\/strong><strong><span style=\"font-size: 14pt; font-family: 'Arial',sans-serif;\">&rsquo;&rsquo;<\/span><\/strong><strong><span style=\"font-size: 12pt; font-family: 'Arial',sans-serif;\"> diyorum. <\/span><\/strong><strong><span style=\"font-size: 14pt; font-family: 'Arial',sans-serif;\">G&uuml;l&uuml;mseyerek buyuruyorlar:<em> <\/em><\/span><\/strong><strong><em><span style=\"font-size: 14pt; font-family: 'Arial',sans-serif;\">&ldquo;<\/span><\/em><\/strong><strong><em><span style=\"font-size: 14pt; font-family: 'Arial',sans-serif;\">\u0130nsano\u011flu ne kadar acelecidir. Bunu, acele karar vermemek i&ccedil;in yap\u0131yoruz zaten!..<\/span><\/em><\/strong><\/p>\n<p style=\"margin-bottom: 0.0001pt; text-align: justify; text-indent: 1cm; line-height: 16pt;\"><strong><em><span style=\"font-size: 14pt; font-family: 'Arial',sans-serif;\"> \u015eeytan\u0131 karar\u0131m\u0131zdan, hayat\u0131m\u0131zdan uzakla\u015ft\u0131rmak i&ccedil;in yap\u0131yoruz! Zira \u015feytan\u0131n olmad\u0131\u011f\u0131 hayatta Allah ve Resul&uuml; olur&rdquo;<\/span><\/em><\/strong><strong><span style=\"font-size: 12pt; font-family: 'Arial',sans-serif;\"> buyuruyorlar.<\/span><\/strong><\/p>\n<p style=\"margin-bottom: 0.0001pt; text-align: justify; text-indent: 1cm; line-height: 16pt;\"><strong><span style=\"font-size: 12pt; font-family: 'Arial',sans-serif;\">Sonra ekliyorlar: &ldquo;<\/span><\/strong><strong><em><span style=\"font-size: 14pt; font-family: 'Arial',sans-serif;\">Cevab\u0131n\u0131 vermen gereken, karar vermen gereken hi&ccedil;bir \u015fey yok mu?&rsquo;&rsquo;<\/span><\/em><\/strong><strong><span style=\"font-size: 12pt; font-family: 'Arial',sans-serif;\"> diye soruyorlar. Ben: <\/span><\/strong><strong><em><span style=\"font-size: 14pt; font-family: 'Arial',sans-serif;\">&ldquo;<\/span><\/em><\/strong><strong><em><span style=\"font-size: 14pt; font-family: 'Arial',sans-serif;\">Var hocam olmaz m\u0131&rdquo;<\/span><\/em><\/strong><strong><span style=\"font-size: 12pt; font-family: 'Arial',sans-serif;\"> diyorum. Hocam: &ldquo;<\/span><\/strong><strong><em><span style=\"font-size: 14pt; font-family: 'Arial',sans-serif;\">S\u0131rt\u0131n\u0131 sandalyeden &ccedil;ek, g&uuml;zel bir \u015fekilde Euzu besmele &ccedil;ek, arkas\u0131ndan isti\u011ffar&hellip; Sonra ba\u015f\u0131n\u0131 e\u011f ve d&uuml;\u015f&uuml;n. Uzun uzun d&uuml;\u015f&uuml;n, Allah d&uuml;\u015f&uuml;nd&uuml;\u011f&uuml;n \u015feye dokunana kadar d&uuml;\u015f&uuml;n!&rdquo;<\/span><\/em><\/strong><span style=\"font-size: 12pt; font-family: 'Arial',sans-serif;\"> <\/span><strong><span style=\"font-size: 14pt; font-family: 'Arial',sans-serif;\">Aziz Erbakan Hocam\u0131z <\/span><\/strong><strong><span style=\"font-size: 12pt; font-family: 'Arial',sans-serif;\">bunlar\u0131 k\u0131s\u0131k bir sesle s&ouml;yl&uuml;yorlar, sesleri beynimde yank\u0131lan\u0131yor, sanki elleri beynimde, kalbimin i&ccedil;inde dolan\u0131yordu. G&ouml;z&uuml;m&uuml; a&ccedil;t\u0131m, ba\u015f\u0131m\u0131 do\u011frulttum. Aziz Hocam\u0131zla g&ouml;z g&ouml;ze geldik. Ben: &lsquo;&rsquo;<\/span><\/strong><strong><em><span style=\"font-size: 14pt; font-family: 'Arial',sans-serif;\">Aziz Hocam, benim d&uuml;\u015f&uuml;ncelerimdeki el, sizin elinizdi sanki&rsquo;&rsquo;<\/span><\/em><\/strong><strong><span style=\"font-size: 12pt; font-family: 'Arial',sans-serif;\"> dedim. G&uuml;l&uuml;msediler: <em><span style=\"font-size: 14pt;\">&#8220;<\/span><\/em><\/span><\/strong><strong><em><span style=\"font-size: 14pt; font-family: 'Arial',sans-serif;\">Allah&rsquo;\u0131n eli, ger&ccedil;ek Allah dostlar\u0131n\u0131n elidir!?&#8221; <\/span><\/em><\/strong><strong><span style=\"font-size: 12pt; font-family: 'Arial',sans-serif;\">buyurdular. Ben: <\/span><\/strong><strong><em><span style=\"font-size: 14pt; font-family: 'Arial',sans-serif;\">&ldquo;<\/span><\/em><\/strong><strong><em><span style=\"font-size: 14pt; font-family: 'Arial',sans-serif;\">Biz bu \u015fekilde yap\u0131nca, karar\u0131 veren de biz olmuyoruz o zaman &ouml;yle de\u011fil mi? &Ccedil;&uuml;nk&uuml; d&uuml;\u015f&uuml;ncemiz de ellerinizle oluyor&rsquo;&rsquo;<\/span><\/em><\/strong><strong><span style=\"font-size: 12pt; font-family: 'Arial',sans-serif;\"> diyorum. <\/span><\/strong><strong><span style=\"font-size: 14pt; font-family: 'Arial',sans-serif;\">Aziz Hocam\u0131z:<\/span><\/strong><strong><span style=\"font-size: 12pt; font-family: 'Arial',sans-serif;\"> <em>&ldquo;<\/em><\/span><\/strong><strong><em><span style=\"font-size: 14pt; font-family: 'Arial',sans-serif;\">\u0130\u015fte o zaman s\u0131zl\u0131yor burnunuz direklerine kadar ve yine o zaman verdi\u011finiz karardan &ouml;lene kadar da &ouml;ld&uuml;kten sonra da pi\u015fman olmuyorsunuz&rsquo;&rsquo;<\/span><\/em><\/strong><strong><span style=\"font-size: 12pt; font-family: 'Arial',sans-serif;\"> buyuruyorlar. Yine Ben: <\/span><\/strong><strong><em><span style=\"font-size: 14pt; font-family: 'Arial',sans-serif;\">&ldquo;<\/span><\/em><\/strong><strong><em><span style=\"font-size: 14pt; font-family: 'Arial',sans-serif;\">Aziz Hocam, Sizi tan\u0131masayd\u0131m ben ne yapard\u0131m? Nas\u0131l bir bo\u015flukta olurdum? Beni nerelere g&ouml;t&uuml;r&uuml;rd&uuml; o bo\u015fluk?&rdquo; <\/span><\/em><\/strong><strong><span style=\"font-size: 12pt; font-family: 'Arial',sans-serif;\">diyorum. O vakit Hocam\u0131z: <\/span><\/strong><strong><em><span style=\"font-size: 14pt; font-family: 'Arial',sans-serif;\">&ldquo;Hepimiz k\u0131yametimize kadar \u015f&uuml;k&uuml;r i&ccedil;inde olmal\u0131y\u0131z. \u015e&uuml;k&uuml;rs&uuml;z devam olmaz, \u015f&uuml;k&uuml;rs&uuml;z hay\u0131r olmaz! K\u0131yametine kadar \u015f&uuml;kr&uuml;n&uuml; tam yap ki Bizim &ouml;\u011fretti\u011fimizin devam\u0131n\u0131 ara, bul, uygula! Bunlar\u0131 yaz\u0131nca da bir sor bakal\u0131m: &ldquo;Ekrem Bey, o b&uuml;y&uuml;k demir hangarla ilgili ne karar vermi\u015f<\/span><\/em><\/strong><strong><span style=\"font-size: 12pt; font-family: 'Arial',sans-serif;\">&rsquo;&rsquo; buyurdular. Omzuma dokunup: &ldquo;Hadi Bismillah de de kalk, hadi bismillah de de kalk&rdquo; derlerken uyand\u0131m.<\/span><\/strong><\/p>\n<p style=\"margin-bottom: 0.0001pt; text-align: justify; text-indent: 1cm; line-height: 16pt;\"><strong><span style=\"font-size: 14pt; font-family: 'Arial',sans-serif;\">Tevili:<\/span><\/strong><\/p>\n<p style=\"margin-bottom: 0.0001pt; text-align: justify; text-indent: 1cm; line-height: 16pt;\"><strong><span style=\"font-size: 12pt; font-family: 'Arial',sans-serif;\">Y&uuml;ce Kitab\u0131m\u0131z ve Allah Kelam\u0131 olan Kur&rsquo;an-\u0131 Kerim&rsquo;le ilgili ve Aziz Erbakan Hocam\u0131z gibi bir zat suretiyle, \u015feytan\u0131n halis bir m&uuml;&rsquo;mini aldatmas\u0131na Cenab-\u0131 Hak m&uuml;saade buyurmayaca\u011f\u0131ndan, bu r&uuml;yan\u0131n Rahmani oldu\u011fu a&ccedil;\u0131kt\u0131r.<\/span><\/strong><\/p>\n<div style=\"margin-bottom: 0.0001pt; text-align: justify; text-indent: 1cm; line-height: 16pt;\"><strong><span style=\"font-size: 14pt; font-family: 'Arial',sans-serif;\">Bu salih r&uuml;ya bizlere<\/span><\/strong><strong><span style=\"font-size: 12pt; font-family: 'Arial',sans-serif;\">:<\/span><\/strong><\/div>\n<div style=\"margin-bottom: 0.0001pt; text-align: justify; text-indent: 1cm; line-height: 16pt;\"><strong><span style=\"font-size: 12pt; font-family: 'Arial',sans-serif;\">1- 40 y\u0131ll\u0131k bir emekle ve b&uuml;y&uuml;k bir mesuliyet hissiyle haz\u0131rlad\u0131\u011f\u0131m\u0131z <\/span><\/strong><strong><span style=\"font-size: 14pt; font-family: 'Arial',sans-serif;\">Y&uuml;ce Kur&rsquo;an&rsquo;\u0131n Manas\u0131 ve Mesaj\u0131<\/span><\/strong><span style=\"font-size: 16pt; font-family: 'Arial',sans-serif;\"> <\/span><strong><span style=\"font-size: 12pt; font-family: 'Arial',sans-serif;\">mealimizin, hakl\u0131 ve hay\u0131rl\u0131 bir terc&uuml;me oldu\u011funa, in\u015fallah ve biiznillah do\u011fru ve doyurucu yorumlar yap\u0131ld\u0131\u011f\u0131na&hellip; <\/span><\/strong><\/div>\n<div style=\"margin-bottom: 0.0001pt; text-align: justify; text-indent: 1cm; line-height: 16pt;\"><strong><span style=\"font-size: 12pt; font-family: 'Arial',sans-serif;\">2- <\/span><\/strong><strong><span style=\"font-size: 14pt; font-family: 'Arial',sans-serif;\">Aziz Erbakan Hocam\u0131z\u0131n<\/span><\/strong><strong><span style=\"font-size: 12pt; font-family: 'Arial',sans-serif;\">, ruhaniyetiyle ve himmetiyle her konuda oldu\u011fu gibi, bu Y&uuml;ce Mealin haz\u0131rlanmas\u0131nda da, bize bizzat destek &ccedil;\u0131kt\u0131\u011f\u0131na&hellip;<\/span><\/strong><\/div>\n<div style=\"margin-bottom: 0.0001pt; text-align: justify; text-indent: 1cm; line-height: 16pt;\"><strong><span style=\"font-size: 12pt; font-family: 'Arial',sans-serif;\">3- Kur&rsquo;an&rsquo;\u0131 Kerim&rsquo;in sarih (a&ccedil;\u0131k) ayetlerine ve sahih (ger&ccedil;ek) hadisi \u015feriflere dayanmayan d&uuml;\u015f&uuml;nce ve kanaatlere itibar olunmayaca\u011f\u0131na&hellip;<\/span><\/strong><\/div>\n<div style=\"margin-bottom: 0.0001pt; text-align: justify; text-indent: 1cm; line-height: 16pt;\"><strong><span style=\"font-size: 12pt; font-family: 'Arial',sans-serif;\">4- &Ouml;nce Milli &Ccedil;&ouml;z&uuml;m Ekibindeki sad\u0131k arkada\u015flar\u0131m\u0131z\u0131n bu Meali Kerim&rsquo;i, dikkatle ve ihtiya&ccedil; hissederek s\u0131k&ccedil;a okumalar\u0131, anlamalar\u0131 ve uygulamalar\u0131 l&uuml;zumuna&hellip;<\/span><\/strong><\/div>\n<div style=\"margin-bottom: 0.0001pt; text-align: justify; text-indent: 1cm; line-height: 16pt;\"><strong><span style=\"font-size: 12pt; font-family: 'Arial',sans-serif;\">5- Bu Meali Kerim&rsquo;in, tamamlanan T&uuml;rk&ccedil;esinin ve Rus&ccedil;a terc&uuml;mesinin; etkili, yetkili ve ilgili kesimlere ula\u015ft\u0131r\u0131lmas\u0131 i&ccedil;in, on binlerce bast\u0131r\u0131l\u0131p da\u011f\u0131t\u0131lmas\u0131 hususundaki fedak&acirc;rl\u0131klar\u0131n, katk\u0131da bulunanlara &ccedil;ok b&uuml;y&uuml;k sevaplar kazand\u0131raca\u011f\u0131na ve \u0130n\u015fallah g&uuml;nahlar\u0131m\u0131za kefaret say\u0131laca\u011f\u0131na&hellip;<\/span><\/strong><\/div>\n<div style=\"margin-bottom: 0.0001pt; text-align: justify; text-indent: 1cm; line-height: 16pt;\"><strong><span style=\"font-size: 12pt; font-family: 'Arial',sans-serif;\">6- Aziz Erbakan Hocam\u0131z\u0131n bir an evvel bas\u0131lmas\u0131 i&ccedil;in bize g&ouml;rev buyurmas\u0131 ise, bu imani ve ilmi hizmetin hi&ccedil; aksat\u0131lmamas\u0131 gerekti\u011fi hususuna, i\u015faret ve be\u015farettir.<\/span><\/strong><\/div>\n<div style=\"margin-bottom: 0.0001pt; text-align: justify; text-indent: 1cm; line-height: 16pt;\"><strong><span style=\"font-size: 12pt; font-family: 'Arial',sans-serif;\">En do\u011frusunu Allah bilir.<\/span><\/strong><\/div>\n<p style=\"margin-bottom: 0.0001pt; text-align: justify; text-indent: 1cm; line-height: 16pt;\"><strong><span style=\"font-size: 12pt; font-family: 'Arial',sans-serif;\">&nbsp;&nbsp;&nbsp;&nbsp;&nbsp;&nbsp; <\/span><\/strong><\/p>\n<p style=\"margin-bottom: 0.0001pt; text-align: center; text-indent: 1cm; line-height: 16pt;\"><strong><span style=\"font-size: 16pt; font-family: 'Arial',sans-serif;\">YAKUP G&Ouml;Z&Uuml;B&Uuml;Y&Uuml;K&rsquo;&Uuml;N R&Uuml;YASI \/ \u0130stanbul \/ 07.05.2017<\/span><\/strong><\/p>\n<div style=\"margin-bottom: 0.0001pt; text-align: justify; text-indent: 1cm; line-height: 16pt;\"><strong><span style=\"font-size: 14pt; font-family: 'Arial',sans-serif;\">Cuma sabah\u0131 \u015f&ouml;yle garip bir olay oldu.<\/span><\/strong><\/div>\n<div style=\"margin-bottom: 0.0001pt; text-align: justify; text-indent: 1cm; line-height: 16pt;\"><strong><span style=\"font-size: 14pt; font-family: 'Arial',sans-serif;\">Gece saat 4 gibi r&uuml;yamda;<\/span><\/strong><\/div>\n<div style=\"margin-bottom: 0.0001pt; text-align: justify; text-indent: 1cm; line-height: 16pt;\"><strong><span style=\"font-size: 12pt; font-family: 'Arial',sans-serif;\">Erbakan Hocam\u0131n makam\u0131na gitmi\u015fim, yan\u0131mda Milli &Ccedil;&ouml;z&uuml;m ekibinden olmayan; ancak ilkokuldan, i\u015f yerinden vs. Milli G&ouml;r&uuml;\u015f&ccedil;&uuml; arkada\u015flar varm\u0131\u015f. Yasin okuyaca\u011f\u0131z ama ben onlara <em>&ldquo;Buyurun arkada\u015flar siz okuyun&rdquo;<\/em> dedi\u011fimde s&uuml;k&ucirc;t edip bana b\u0131rakt\u0131lar. Tam a\u011fz\u0131m\u0131 a&ccedil;acakken bir tanesi besmele &ccedil;ekip ezberinden Yasin suresini okuyacakken 4-5 kelimelik uydurma s&ouml;zler tekrarl\u0131yor. Ben herhalde unuttu galiba diye d&uuml;\u015f&uuml;nerek Euzu-Besmele &ccedil;ekip Ya-Sin diye ba\u015flay\u0131nca bu sefer di\u011fer arkada\u015f ayn\u0131s\u0131n\u0131 yap\u0131yor. Sonra biraz durdum ba\u015fka biri daha te\u015febb&uuml;s edecek mi diye derken 1-2 arkada\u015f daha benzer \u015fekilde davran\u0131yor. Bu arada Kur&#8217;an sadece benim elimde bulunuyor. Sonra nas\u0131l olduysa bu arkada\u015flardan biri konuyu \u0130mam Gazali&rsquo;ye getirip onun \u015ferefine dil uzat\u0131yor. Art\u0131k dayanamay\u0131p ben hepsini susturuyorum ve k\u0131zg\u0131n bir tonla <em>&ldquo;Siz ne yapmaya &ccedil;al\u0131\u015f\u0131yorsunuz? \u0130lk olarak, Ya-Sin suresi yerine ne okuyorsunuz &ouml;yle?<\/em> <\/span><\/strong><strong><em><span style=\"font-size: 14pt; font-family: 'Arial',sans-serif;\">Totem mi yap\u0131yorsunuz? Yahu ne yapmaya &ccedil;al\u0131\u015ft\u0131\u011f\u0131n\u0131z\u0131 anlamaya u\u011fra\u015f\u0131yorum&hellip;<\/span><\/em><\/strong><strong><em><span style=\"font-size: 12pt; font-family: 'Arial',sans-serif;\">&rdquo;<\/span><\/em><\/strong><strong><span style=\"font-size: 12pt; font-family: 'Arial',sans-serif;\"> diye sorunca biri <\/span><\/strong><strong><em><span style=\"font-size: 14pt; font-family: 'Arial',sans-serif;\">&ldquo;Evet bu rutin bir davran\u0131\u015f&rdquo;<\/span><\/em><\/strong><strong><span style=\"font-size: 12pt; font-family: 'Arial',sans-serif;\"> (hep b&ouml;yle yapar\u0131z&hellip;) gibi bir \u015fey s&ouml;yleniyor.<\/span><\/strong><\/div>\n<p style=\"margin-bottom: 0.0001pt; text-align: justify; text-indent: 1cm; line-height: 16pt;\"><span style=\"font-size: 12pt; font-family: 'Arial',sans-serif;\">Daha sonra ben <strong><em>&ldquo;Bunlar\u0131n Kur&rsquo;an&rsquo;da veya S&uuml;nnette yeri var m\u0131?&rdquo;<\/em><\/strong> diye sorunca susup kal\u0131yorlar. Bunun &uuml;zerine ben onlara <\/span><strong><em><span style=\"font-size: 14pt; font-family: 'Arial',sans-serif;\">&ldquo;\u015eu edepsizli\u011fe bak\u0131n, Kur&#8217;an&rsquo;da ve S&uuml;nnette yeri olmayan nefsi ve uyduruk davran\u0131\u015flar\u0131n\u0131z\u0131 Kur&#8217;an ayetlerinin &ouml;n&uuml;ne koyarak Erbakan Hocam\u0131z\u0131n huzurunda edepsizlik ediyorsunuz, yetmez \u0130mam Gazali gibi b&uuml;y&uuml;k bir zat\u0131n \u015ferefinden bahsedip din istismar\u0131na kalk\u0131\u015f\u0131yorsunuz; oysa hepinizin \u015ferefini toplasak onun \u015ferefinin topu\u011funa yakla\u015fmaz!&rdquo; <\/span><\/em><\/strong><span style=\"font-size: 12pt; font-family: 'Arial',sans-serif;\">deyip y&uuml;z&uuml;m&uuml; makama &ccedil;evirip y&uuml;ksek sesle Euzu besmele &ccedil;ekip Yasin okumaya ba\u015fl\u0131yorum.<\/span><\/p>\n<p style=\"margin-bottom: 0.0001pt; text-align: justify; text-indent: 1cm; line-height: 16pt;\"><strong><span style=\"font-size: 14pt; font-family: 'Arial',sans-serif;\">Bu r&uuml;yadan uyan\u0131p yakla\u015f\u0131k yar\u0131m saat belki daha fazla r&uuml;yada konu\u015ftuklar\u0131m\u0131 tekrarl\u0131yor ve &ouml;fkem dinene kadar kendi i&ccedil;imden r&uuml;yadaki s&ouml;zlerime ilaveler yap\u0131yorum.<\/span><\/strong><\/p>\n<p style=\"margin-bottom: 0.0001pt; text-align: justify; text-indent: 1cm; line-height: 16pt;\"><strong><span style=\"font-size: 14pt; font-family: 'Arial',sans-serif;\">Ayn\u0131 sabah i\u015fe gelince bunlara benzer arkada\u015fla kar\u015f\u0131la\u015ft\u0131m ve r&uuml;yamdaki durumu aynen ya\u015fad\u0131m. Konu bir \u015fekilde Aziz Erbakan Hocam\u0131za gelince eski bir Milli G&ouml;r&uuml;\u015f&ccedil;&uuml; olan arkada\u015f:<\/span><\/strong><span style=\"font-size: 14pt; font-family: 'Arial',sans-serif;\"> <\/span><strong><em><span style=\"font-size: 12pt; font-family: 'Arial',sans-serif;\">&ldquo;Bunca g&uuml;zel geli\u015fmeleri Erbakan m\u0131 yapt\u0131? 2009&rsquo;a kadar ben de Milli G&ouml;r&uuml;\u015f&ccedil;&uuml;yd&uuml;m ama onun yapt\u0131\u011f\u0131 hayat\u0131m\u0131n i&ccedil;ine etti!&rdquo; <\/span><\/em><\/strong><span style=\"font-size: 12pt; font-family: 'Arial',sans-serif;\">diye k&uuml;stahla\u015ft\u0131. Ben biraz k\u0131zg\u0131n bir tonla <strong><em>&ldquo;ne zarar\u0131n\u0131 g&ouml;rd&uuml;n Erbakan Hocam\u0131n?&rdquo;<\/em><\/strong> diye sorunca <strong><em>&ldquo;Belki imza atmad\u0131 ama s&uuml;reci oraya getirerek yurt i&ccedil;inde okumam\u0131z\u0131 engelledi Onun y&uuml;z&uuml;nden yurtd\u0131\u015f\u0131lar\u0131nda okudum s&uuml;r&uuml;nd&uuml;m&#8230;&rdquo; <\/em><\/strong>gibi tutars\u0131z s&ouml;zler etmeye ba\u015flad\u0131. Ben de <strong><em>&ldquo;Yurtd\u0131\u015f\u0131nda okuman yurti&ccedil;inde okumandan daha hay\u0131rl\u0131 olmu\u015f en az\u0131ndan tecr&uuml;be edindin ve dil &ouml;\u011frendin,<\/em><\/strong> <strong><em>ne yani Allah&rsquo;\u0131n davas\u0131na bir tek Erbakan Hoca sahip &ccedil;\u0131kt\u0131 diye ve sen biraz s\u0131k\u0131nt\u0131lara katland\u0131n diye Erbakan Hoca m\u0131 su&ccedil;lu, nerede kald\u0131 senin s\u0131nav\u0131n, senin anan baban dinini ya\u015fayamazken Erbakan Hoca STK&rsquo;lardan Sendikalara ve i\u015f adamlar\u0131 derneklerine, siyasetten askeriyeye, her sahada hay\u0131rl\u0131 bir temel att\u0131, dalgalanmalar ba\u015flatt\u0131 ve bu sayede sen bug&uuml;n bu kadar rahats\u0131n ne demek Erbakan m\u0131 yapt\u0131? Elbette Erbakan Hoca yapt\u0131&rdquo;<\/em><\/strong> dedikten sonra <strong><em>&ldquo;Ben sizin Erbakan Hocay\u0131 bu kadar y&uuml;celtmenize kar\u015f\u0131y\u0131m. O da bir insand\u0131, &ouml;ld&uuml; bitti! Neden bu kadar hararetli savunuyorsunuz?&rdquo;<\/em><\/strong> diye sata\u015ft\u0131 <strong>(oysa bu iddias\u0131 kas\u0131tl\u0131 bir &ccedil;arp\u0131tmayd\u0131 ve iftirayd\u0131. &Ccedil;&uuml;nk&uuml; Biz Milli &Ccedil;&ouml;z&uuml;m Ekibi olarak, <\/strong><\/span><strong><em><span style=\"font-size: 14pt; font-family: 'Arial',sans-serif;\">fani \u015fahsiyetlerin de\u011fil Baki hakikatlerin sevdal\u0131s\u0131yd\u0131k!<\/span><\/em><\/strong><strong><span style=\"font-size: 14pt; font-family: 'Arial',sans-serif;\"> Aziz Erbakan Hocam\u0131za da, Kur&rsquo;an&rsquo;\u0131n hizmetk&acirc;r\u0131 ve \u0130slam davas\u0131n\u0131n rehberi ve terc&uuml;man\u0131 oldu\u011fu i&ccedil;in biat edip ba\u011flanm\u0131\u015ft\u0131k&hellip; Ve bize d&uuml;nyal\u0131k hi&ccedil;bir makam ve menfaat de sa\u011flamam\u0131\u015ft\u0131&hellip; Faizsiz Adil D&uuml;zen ve \u0130slam Birli\u011fi-D-8&rsquo;ler giri\u015fimi gibi at\u0131l\u0131mlar, Erbakan&rsquo;\u0131n uydurmalar\u0131 de\u011fil, Allah&rsquo;\u0131n ve Resul&uuml;llah&rsquo;\u0131n buyruklar\u0131yd\u0131, bunlara sahip &ccedil;\u0131k\u0131p savunmak da iman\u0131n ve insanl\u0131\u011f\u0131n icab\u0131yd\u0131.)<\/span><\/strong><span style=\"font-size: 12pt; font-family: 'Arial',sans-serif;\"> Bunun &uuml;zerine ben de <strong><em>&ldquo;E\u011fer sen bug&uuml;n iftiharla and\u0131\u011f\u0131n \u0130mam Azam&rsquo;\u0131n devrinde ya\u015fasayd\u0131n, o zindanda i\u015fkenceyle &ouml;ld&uuml;r&uuml;l&uuml;rken susanlardan olurdun. E\u011fer M&uuml;sl&uuml;manlar bug&uuml;nk&uuml; problemlere \u0130slami &ccedil;&ouml;z&uuml;m &uuml;retmek i&ccedil;in \u0130bn Teymiyye, \u0130bn Haldun, \u0130mam Gazali, Ebu Hanife gibi b&uuml;y&uuml;k alimlerin g&ouml;r&uuml;\u015flerinden bahsettikleri halde ama &ccedil;a\u011f\u0131m\u0131z\u0131n &ouml;zellikle son y&uuml;zy\u0131l\u0131n problemlerine Kur&#8217;an ve S&uuml;nnet kaynakl\u0131 ger&ccedil;ek &ccedil;&ouml;z&uuml;mler &uuml;retemezken, bir insan t&uuml;m bu &acirc;limlerin g&ouml;r&uuml;\u015flerini bir potada eritmi\u015f ve ilmi delillerle projeler &uuml;retmi\u015f, hakl\u0131l\u0131\u011f\u0131n\u0131 ve farkl\u0131l\u0131\u011f\u0131n\u0131 d&uuml;nyaya ispat etmi\u015f olan Erbakan Hocam\u0131zdan bahsetmiyorsa, g&ouml;rmezden geliyorsa; Onu anmak, savunmak, projelerine sahip &ccedil;\u0131kmak g&ouml;revini yapm\u0131yorsa i\u015fte o zaman bizim durumumuzla Ebu Hanife&rsquo;nin g&ouml;rd&uuml;\u011f&uuml; zulme sessiz kalan &ccedil;a\u011fda\u015flar\u0131n\u0131n durumu aras\u0131nda hi&ccedil;bir fark kalmaz! Sen bu s&ouml;zleri ederek 2009&rsquo;a kadar verdi\u011fin eme\u011fe yaz\u0131k ettin&rdquo;<\/em><\/strong> diyerek uyard\u0131m. O an a\u015fa\u011f\u0131daki \u015fiir i&ccedil;ime d&ouml;k&uuml;ld&uuml; ve yerime ge&ccedil;ip yazd\u0131m.<\/span><\/p>\n<div style=\"margin-bottom: 0.0001pt; text-align: justify; text-indent: 1cm; line-height: 16pt;\"><strong><span style=\"font-size: 14pt; font-family: 'Arial',sans-serif;\">Bu r&uuml;yan\u0131n te&rsquo;vili:<\/span><\/strong><\/div>\n<div style=\"margin-bottom: 0.0001pt; text-align: justify; text-indent: 1cm; line-height: 16pt;\"><strong><span style=\"font-size: 12pt; font-family: 'Arial',sans-serif;\">Gece sabaha kar\u015f\u0131 g&ouml;r&uuml;len r&uuml;yan\u0131n, ayn\u0131 g&uuml;n&uuml;n i&ccedil;erisinde aynen &ccedil;\u0131kmas\u0131 Rahmani bir i\u015farettir. Hak davadan sapanlar\u0131n hangi kof mazeretlere s\u0131\u011f\u0131nd\u0131\u011f\u0131n\u0131 ve hidayetlerinin nas\u0131l karard\u0131\u011f\u0131n\u0131n ispat\u0131d\u0131r. Aziz Erbakan Hocan\u0131n Kur&rsquo;an&rsquo;a ve vicdana uygun en hay\u0131rl\u0131 ve hakl\u0131 icraatlar\u0131n\u0131n bile k&ouml;t&uuml;lenmeye &ccedil;al\u0131\u015f\u0131ld\u0131\u011f\u0131, ama AKP iktidar\u0131n\u0131n en a&ccedil;\u0131k tahribatlar\u0131na bile nas\u0131l k\u0131l\u0131flar uydurulmaya u\u011fra\u015f\u0131ld\u0131\u011f\u0131, gayet net olarak ortaya &ccedil;\u0131km\u0131\u015ft\u0131r. Ama zafer kalabal\u0131klar\u0131n de\u011fil, Hakta sebat eden az say\u0131daki sad\u0131klar\u0131n olacakt\u0131r. \u0130n\u015faallah! <\/span><\/strong><\/div>\n<p style=\"margin-bottom: 0.0001pt; text-align: justify; text-indent: 1cm; line-height: 16pt;\"><strong><span style=\"font-size: 12pt; font-family: 'Arial',sans-serif;\">&nbsp;&nbsp;&nbsp;&nbsp;&nbsp;&nbsp; <\/span><\/strong><\/p>\n<div style=\"margin-bottom: 0.0001pt; text-align: justify; text-indent: 1cm; line-height: 16pt;\"><strong><span style=\"font-size: 12pt; font-family: 'Arial',sans-serif;\">SADIKLARIN NAZI&hellip;<\/span><\/strong><\/div>\n<div style=\"margin-bottom: 0.0001pt; text-align: justify; text-indent: 1cm; line-height: 16pt;\"><strong><span style=\"font-size: 12pt; font-family: 'Arial',sans-serif;\">&nbsp;&nbsp;&nbsp;&nbsp;&nbsp;&nbsp;&nbsp;&nbsp; <\/span><\/strong><\/div>\n<div style=\"margin-bottom: 0.0001pt; text-align: justify; text-indent: 1cm; line-height: 16pt;\"><strong><span style=\"font-size: 12pt; font-family: 'Arial',sans-serif;\">Hak davaya omuz versen<\/span><\/strong><\/div>\n<div style=\"margin-bottom: 0.0001pt; text-align: justify; text-indent: 1cm; line-height: 16pt;\"><strong><span style=\"font-size: 12pt; font-family: 'Arial',sans-serif;\">\u0130ftiraya g&ouml;\u011f&uuml;s gersen<\/span><\/strong><\/div>\n<div style=\"margin-bottom: 0.0001pt; text-align: justify; text-indent: 1cm; line-height: 16pt;\"><strong><span style=\"font-size: 12pt; font-family: 'Arial',sans-serif;\">Hain sad\u0131k &ouml;ne sersen<\/span><\/strong><\/div>\n<div style=\"margin-bottom: 0.0001pt; text-align: justify; text-indent: 1cm; line-height: 16pt;\"><strong><span style=\"font-size: 12pt; font-family: 'Arial',sans-serif;\">Yine anlamazlar seni!..<\/span><\/strong><\/div>\n<div style=\"margin-bottom: 0.0001pt; text-align: justify; text-indent: 1cm; line-height: 16pt;\"><strong><span style=\"font-size: 12pt; font-family: 'Arial',sans-serif;\">&nbsp;&nbsp;&nbsp;&nbsp; <\/span><\/strong><\/div>\n<div style=\"margin-bottom: 0.0001pt; text-align: justify; text-indent: 1cm; line-height: 16pt;\"><strong><span style=\"font-size: 12pt; font-family: 'Arial',sans-serif;\">Hainler sad\u0131k\u0131 bilir<\/span><\/strong><\/div>\n<div style=\"margin-bottom: 0.0001pt; text-align: justify; text-indent: 1cm; line-height: 16pt;\"><strong><span style=\"font-size: 12pt; font-family: 'Arial',sans-serif;\">Mert deyince, ismin verir<\/span><\/strong><\/div>\n<div style=\"margin-bottom: 0.0001pt; text-align: justify; text-indent: 1cm; line-height: 16pt;\"><strong><span style=\"font-size: 12pt; font-family: 'Arial',sans-serif;\">Hep gururundan gerilir<\/span><\/strong><\/div>\n<div style=\"margin-bottom: 0.0001pt; text-align: justify; text-indent: 1cm; line-height: 16pt;\"><strong><span style=\"font-size: 12pt; font-family: 'Arial',sans-serif;\">K&ouml;r kuyuya atar seni&hellip;<\/span><\/strong><\/div>\n<div style=\"margin-bottom: 0.0001pt; text-align: justify; text-indent: 1cm; line-height: 16pt;\"><strong><span style=\"font-size: 12pt; font-family: 'Arial',sans-serif;\">&nbsp;&nbsp;&nbsp;&nbsp;&nbsp;&nbsp; <\/span><\/strong><\/div>\n<div style=\"margin-bottom: 0.0001pt; text-align: justify; text-indent: 1cm; line-height: 16pt;\"><strong><span style=\"font-size: 12pt; font-family: 'Arial',sans-serif;\">T\u0131mar etsen &ccedil;ifte atar<\/span><\/strong><\/div>\n<div style=\"margin-bottom: 0.0001pt; text-align: justify; text-indent: 1cm; line-height: 16pt;\"><strong><span style=\"font-size: 12pt; font-family: 'Arial',sans-serif;\">Yular tutsan inat yapar<\/span><\/strong><\/div>\n<div style=\"margin-bottom: 0.0001pt; text-align: justify; text-indent: 1cm; line-height: 16pt;\"><strong><span style=\"font-size: 12pt; font-family: 'Arial',sans-serif;\">Gayri yetmez vebal atar<\/span><\/strong><\/div>\n<div style=\"margin-bottom: 0.0001pt; text-align: justify; text-indent: 1cm; line-height: 16pt;\"><strong><span style=\"font-size: 12pt; font-family: 'Arial',sans-serif;\">Komalara sokar seni&hellip;<\/span><\/strong><\/div>\n<div style=\"margin-bottom: 0.0001pt; text-align: justify; text-indent: 1cm; line-height: 16pt;\"><strong><span style=\"font-size: 12pt; font-family: 'Arial',sans-serif;\">&nbsp;&nbsp;&nbsp;&nbsp;&nbsp;&nbsp; <\/span><\/strong><\/div>\n<div style=\"margin-bottom: 0.0001pt; text-align: justify; text-indent: 1cm; line-height: 16pt;\"><strong><span style=\"font-size: 12pt; font-family: 'Arial',sans-serif;\">Yalan kat\u0131yor s&ouml;z&uuml;ne<\/span><\/strong><\/div>\n<div style=\"margin-bottom: 0.0001pt; text-align: justify; text-indent: 1cm; line-height: 16pt;\"><strong><span style=\"font-size: 12pt; font-family: 'Arial',sans-serif;\">Hak perde &ccedil;ekmi\u015f g&ouml;z&uuml;ne<\/span><\/strong><\/div>\n<div style=\"margin-bottom: 0.0001pt; text-align: justify; text-indent: 1cm; line-height: 16pt;\"><strong><span style=\"font-size: 12pt; font-family: 'Arial',sans-serif;\">Vesvese d&uuml;\u015fm&uuml;\u015f &ouml;z&uuml;ne<\/span><\/strong><\/div>\n<div style=\"margin-bottom: 0.0001pt; text-align: justify; text-indent: 1cm; line-height: 16pt;\"><strong><span style=\"font-size: 12pt; font-family: 'Arial',sans-serif;\">Kof kantarda tartar seni!..<\/span><\/strong><\/div>\n<div style=\"margin-bottom: 0.0001pt; text-align: justify; text-indent: 1cm; line-height: 16pt;\"><strong><span style=\"font-size: 12pt; font-family: 'Arial',sans-serif;\">&nbsp;&nbsp;&nbsp;&nbsp;&nbsp;&nbsp; <\/span><\/strong><\/div>\n<div style=\"margin-bottom: 0.0001pt; text-align: justify; text-indent: 1cm; line-height: 16pt;\"><strong><span style=\"font-size: 12pt; font-family: 'Arial',sans-serif;\">M&uuml;r\u015fid derya M&uuml;rid damla <\/span><\/strong><\/div>\n<div style=\"margin-bottom: 0.0001pt; text-align: justify; text-indent: 1cm; line-height: 16pt;\"><strong><span style=\"font-size: 12pt; font-family: 'Arial',sans-serif;\">Ol damla ne imi\u015f anla<\/span><\/strong><\/div>\n<div style=\"margin-bottom: 0.0001pt; text-align: justify; text-indent: 1cm; line-height: 16pt;\"><strong><span style=\"font-size: 12pt; font-family: 'Arial',sans-serif;\">Nefse \u015eeytana aldanma<\/span><\/strong><\/div>\n<div style=\"margin-bottom: 0.0001pt; text-align: justify; text-indent: 1cm; line-height: 16pt;\"><strong><span style=\"font-size: 12pt; font-family: 'Arial',sans-serif;\">Fas\u0131klara katar seni!..<\/span><\/strong><\/div>\n<div style=\"margin-bottom: 0.0001pt; text-align: justify; text-indent: 1cm; line-height: 16pt;\"><strong><span style=\"font-size: 12pt; font-family: 'Arial',sans-serif;\">&nbsp;&nbsp;&nbsp;&nbsp; <\/span><\/strong><\/div>\n<div style=\"margin-bottom: 0.0001pt; text-align: justify; text-indent: 1cm; line-height: 16pt;\"><strong><span style=\"font-size: 12pt; font-family: 'Arial',sans-serif;\">Rahmet Hocam &ouml;z&uuml;n g&ouml;ren<\/span><\/strong><\/div>\n<div style=\"margin-bottom: 0.0001pt; text-align: justify; text-indent: 1cm; line-height: 16pt;\"><strong><span style=\"font-size: 12pt; font-family: 'Arial',sans-serif;\">E\u015fi\u011fine y&uuml;z&uuml;n s&uuml;ren<\/span><\/strong><\/div>\n<div style=\"margin-bottom: 0.0001pt; text-align: justify; text-indent: 1cm; line-height: 16pt;\"><strong><span style=\"font-size: 12pt; font-family: 'Arial',sans-serif;\">Hainin defterin d&uuml;ren<\/span><\/strong><\/div>\n<div style=\"margin-bottom: 0.0001pt; text-align: justify; text-indent: 1cm; line-height: 16pt;\"><strong><span style=\"font-size: 12pt; font-family: 'Arial',sans-serif;\">Rabbim aziz tutar seni!..<\/span><\/strong><\/div>\n<div style=\"margin-bottom: 0.0001pt; text-align: justify; text-indent: 1cm; line-height: 16pt;\"><strong><span style=\"font-size: 12pt; font-family: 'Arial',sans-serif;\">&nbsp;&nbsp;&nbsp;&nbsp;&nbsp;&nbsp; <\/span><\/strong><\/div>\n<div style=\"margin-bottom: 0.0001pt; text-align: justify; text-indent: 1cm; line-height: 16pt;\"><strong><span style=\"font-size: 12pt; font-family: 'Arial',sans-serif;\">R\u0131zas\u0131na ermeye bak<\/span><\/strong><\/div>\n<div style=\"margin-bottom: 0.0001pt; text-align: justify; text-indent: 1cm; line-height: 16pt;\"><strong><span style=\"font-size: 12pt; font-family: 'Arial',sans-serif;\">Zafer vermez, tembele Hak<\/span><\/strong><\/div>\n<div style=\"margin-bottom: 0.0001pt; text-align: justify; text-indent: 1cm; line-height: 16pt;\"><strong><span style=\"font-size: 12pt; font-family: 'Arial',sans-serif;\">Yakup kalbini a\u015fka yak<\/span><\/strong><\/div>\n<div style=\"margin-bottom: 0.0001pt; text-align: justify; text-indent: 1cm; line-height: 16pt;\"><strong><span style=\"font-size: 12pt; font-family: 'Arial',sans-serif;\">Yoksa gaflet yutar seni!<\/span><\/strong><\/div>\n<div style=\"margin-bottom: 0.0001pt; text-align: justify; text-indent: 1cm; line-height: 16pt;\"><strong><span style=\"font-size: 12pt; font-family: 'Arial',sans-serif;\">&nbsp;&nbsp;&nbsp;&nbsp;&nbsp;&nbsp; <\/span><\/strong><\/div>\n<p style=\"margin-bottom: 0.0001pt; text-align: justify; text-indent: 1cm; line-height: 16pt;\"><strong><span style=\"font-size: 16pt; font-family: 'Arial',sans-serif;\">Milli &Ccedil;&ouml;z&uuml;m Edirne temsilcimiz \u0130lker Dar\u0131c\u0131 Bey&rsquo;in ya\u015fad\u0131\u011f\u0131 olay:<\/span><\/strong><\/p>\n<p style=\"margin-bottom: 0.0001pt; text-align: justify; text-indent: 1cm; line-height: 16pt;\"><strong><span style=\"font-size: 14pt; font-family: 'Arial',sans-serif;\">\u0130lker Dar\u0131c\u0131 Bey Kahraman ordumuz taraf\u0131ndan icra edilen Sincar ve Kara&ccedil;ok operasyonlar\u0131ndan 2 g&uuml;n sonra gece <\/span><\/strong><strong><em><span style=\"font-size: 14pt; font-family: 'Arial',sans-serif;\">&ldquo;Kalk bak! G&ouml;rd&uuml;n m&uuml;? 3 dakikal\u0131k operasyon d&uuml;nyay\u0131 titretti!&rdquo;<\/span><\/em><\/strong><em><span style=\"font-size: 14pt; font-family: 'Arial',sans-serif;\"> <\/span><\/em><strong><span style=\"font-size: 14pt; font-family: 'Arial',sans-serif;\">\u015feklinde bir ses duyarak, hayretler i&ccedil;inde uyanm\u0131\u015ft\u0131!.. <\/span><\/strong><\/p>\n<p style=\"margin-bottom: 0.0001pt; text-align: justify; text-indent: 1cm; line-height: 16pt;\"><strong><span style=\"font-size: 12pt; font-family: 'Arial',sans-serif;\">Bu m&uuml;jdeli ve heybetli uyar\u0131, Aziz Erbakan Hocam\u0131z\u0131n, bizzat haz\u0131rlay\u0131p kahraman ordumuzun ilgili birikimlerine aktard\u0131\u011f\u0131; ABD, AB ve \u0130srail&rsquo;in b&uuml;t&uuml;n silah sistemlerini ve n&uuml;kleer f&uuml;zelerini etkisiz k\u0131lacak <\/span><\/strong><strong><span style=\"font-size: 14pt; font-family: 'Arial',sans-serif;\">teknoloji harikalar\u0131n\u0131n<\/span><\/strong><strong><span style=\"font-size: 12pt; font-family: 'Arial',sans-serif;\">, art\u0131k kullan\u0131lmaya ve zalim g&uuml;&ccedil;leri korkutup &ccedil;aresiz b\u0131rakmaya ba\u015flad\u0131\u011f\u0131n\u0131 hat\u0131rlatm\u0131\u015ft\u0131.<\/span><\/strong><\/p>\n<p style=\"margin-bottom: 0.0001pt; text-align: justify; text-indent: 1cm; line-height: 16pt;\"><span style=\"font-size: 12pt; font-family: 'Arial',sans-serif;\"><\/span><\/p>\n","protected":false},"excerpt":{"rendered":"<p>&nbsp; D&Uuml;NYA &Ccedil;APINDA SAYGIN \u0130L\u0130M VE F\u0130K\u0130R ADAMLARININ, AHMET AKG&Uuml;L HOCAMIZA TEBR\u0130K VE TAKD\u0130R MESAJLARI &nbsp; TERC&Uuml;MES\u0130: Say\u0131n Yakup G&ouml;z&uuml;b&uuml;y&uuml;k, Organizat&ouml;r Milli &Ccedil;&ouml;z&uuml;m Dergisi Referans: Adil D&uuml;zen ve Yeni Bir D&uuml;nya ve \u0130nsan\u0131n Yozla\u015fmas\u0131 G&ouml;nderdi\u011finiz kitaplar\u0131 teslim ald\u0131m. &Ccedil;ok te\u015fekk&uuml;r ederim. Kesinlikle eminim ki, \u0130lim d&uuml;nyas\u0131 bu &ccedil;al\u0131\u015fman\u0131zdan &ouml;t&uuml;r&uuml; minnettar kalacak, okumaya ve kafa yormaya [&hellip;]<\/p>\n","protected":false},"author":74,"featured_media":0,"comment_status":"open","ping_status":"closed","sticky":false,"template":"","format":"standard","meta":{"footnotes":""},"categories":[201],"tags":[],"class_list":["post-4271","post","type-post","status-publish","format-standard","hentry","category-haziran-2017"],"_links":{"self":[{"href":"https:\/\/www.millicozum.com\/mc\/wp-json\/wp\/v2\/posts\/4271","targetHints":{"allow":["GET"]}}],"collection":[{"href":"https:\/\/www.millicozum.com\/mc\/wp-json\/wp\/v2\/posts"}],"about":[{"href":"https:\/\/www.millicozum.com\/mc\/wp-json\/wp\/v2\/types\/post"}],"author":[{"embeddable":true,"href":"https:\/\/www.millicozum.com\/mc\/wp-json\/wp\/v2\/users\/74"}],"replies":[{"embeddable":true,"href":"https:\/\/www.millicozum.com\/mc\/wp-json\/wp\/v2\/comments?post=4271"}],"version-history":[{"count":0,"href":"https:\/\/www.millicozum.com\/mc\/wp-json\/wp\/v2\/posts\/4271\/revisions"}],"wp:attachment":[{"href":"https:\/\/www.millicozum.com\/mc\/wp-json\/wp\/v2\/media?parent=4271"}],"wp:term":[{"taxonomy":"category","embeddable":true,"href":"https:\/\/www.millicozum.com\/mc\/wp-json\/wp\/v2\/categories?post=4271"},{"taxonomy":"post_tag","embeddable":true,"href":"https:\/\/www.millicozum.com\/mc\/wp-json\/wp\/v2\/tags?post=4271"}],"curies":[{"name":"wp","href":"https:\/\/api.w.org\/{rel}","templated":true}]}}