{"id":4284,"date":"2017-06-01T14:18:54","date_gmt":"2017-06-01T14:18:54","guid":{"rendered":"https:\/\/www.millicozum.com\/mc\/2017\/06\/01\/yalan-ve-palavra-uzerine-kurulan-akp-saltanatinin-sosyal-tufani-yakindir\/"},"modified":"2017-06-01T14:18:54","modified_gmt":"2017-06-01T14:18:54","slug":"yalan-ve-palavra-uzerine-kurulan-akp-saltanatinin-sosyal-tufani-yakindir","status":"publish","type":"post","link":"https:\/\/www.millicozum.com\/mc\/ozel-yazilar\/yalan-ve-palavra-uzerine-kurulan-akp-saltanatinin-sosyal-tufani-yakindir\/","title":{"rendered":"Yalan ve Palavra \u00dczerine Kurulan: AKP SALTANATININ \u201cSOSYAL TUFANI\u201d YAKINDIR!"},"content":{"rendered":"\n<p style=\"margin-bottom: 0.0001pt; text-align: justify; text-indent: 1cm; line-height: 16pt;\"><strong><span style=\"font-size: 14pt; font-family: 'Arial',sans-serif;\">D&uuml;nyam\u0131zdaki tabii hayat\u0131n hoyrat&ccedil;a tahribat\u0131, h\u0131zla artan ahlaki yozla\u015fmalar ve zul&uuml;m-s&ouml;m&uuml;r&uuml; &ccedil;arklar\u0131 y&uuml;z&uuml;nden <\/span><\/strong><strong><span style=\"font-size: 14pt; font-family: 'Arial',sans-serif;\">do\u011fal tufanlar\u0131n<\/span><\/strong><strong><span style=\"font-size: 14pt; font-family: 'Arial',sans-serif;\"> (deprem, tsunami ve kas\u0131rga benzeri felaket olaylar\u0131n\u0131n) &ccedil;o\u011falmas\u0131 gibi; Hak davas\u0131na ve halk\u0131na ra\u011fmen iktidar h\u0131rs\u0131yla i\u015fbirlik&ccedil;ili\u011fe raz\u0131 olan AKP&rsquo;nin; ekonomik, siyasi ve ahlaki y\u0131k\u0131m icraatlar\u0131 nedeniyle ba\u015f\u0131na gelebilecek bir &ldquo;SOSYAL TUFAN&rdquo; olduk&ccedil;a yak\u0131nd\u0131r ve bu <\/span><\/strong><strong><span style=\"font-size: 14pt; font-family: 'Arial',sans-serif;\">&ldquo;s&uuml;nnetullah = \u0130lahi adalet kurallar\u0131&rdquo; <\/span><\/strong><strong><span style=\"font-size: 14pt; font-family: 'Arial',sans-serif;\">icab\u0131d\u0131r. <\/span><\/strong><\/p>\n<p style=\"margin-bottom: 0.0001pt; text-align: justify; text-indent: 1cm; line-height: 16pt;\"><strong><span style=\"font-size: 14pt; font-family: 'Arial',sans-serif;\">Baz\u0131 ulusalc\u0131lar\u0131n ve \u0131rk&ccedil;\u0131lar\u0131n dolayl\u0131 AKP yanda\u015fl\u0131\u011f\u0131!<\/span><\/strong><\/p>\n<p style=\"margin-bottom: 0.0001pt; text-align: justify; text-indent: 1cm; line-height: 16pt;\"><strong><span style=\"font-size: 12pt; font-family: 'Arial',sans-serif;\">AKP iktidar\u0131n\u0131 ve Sn. Erdo\u011fan&rsquo;\u0131, ba\u015far\u0131yla yapt\u0131\u011f\u0131 ve hi&ccedil; sak\u0131nmad\u0131\u011f\u0131<\/span><\/strong><strong><span style=\"font-size: 14pt; font-family: 'Arial',sans-serif;\"> <em>&ldquo;Din istismarc\u0131l\u0131\u011f\u0131&rdquo; <\/em><\/span><\/strong><strong><span style=\"font-size: 12pt; font-family: 'Arial',sans-serif;\">ile de\u011fil de, do\u011frudan <\/span><\/strong><strong><span style=\"font-size: 14pt; font-family: 'Arial',sans-serif;\">Dincilik ve \u0130slamc\u0131l\u0131kla <\/span><\/strong><strong><span style=\"font-size: 12pt; font-family: 'Arial',sans-serif;\">su&ccedil;layan ve bunlar\u0131n bozuk icraatlar\u0131 ve tahribatlar\u0131 bahanesiyle, her f\u0131rsatta ve dolayl\u0131 laflarla bizzat \u0130slam&rsquo;a sald\u0131ran baz\u0131 <\/span><\/strong><strong><span style=\"font-size: 14pt; font-family: 'Arial',sans-serif;\">ulusalc\u0131lar\u0131n ve \u0131rk&ccedil;\u0131lar\u0131n <\/span><\/strong><strong><span style=\"font-size: 12pt; font-family: 'Arial',sans-serif;\">as\u0131l korkular\u0131; akl\u0131, vicdan\u0131, bilimsel do\u011frular\u0131 ve Kur&rsquo;an&rsquo;\u0131 esas alan bir <\/span><\/strong><strong><span style=\"font-size: 14pt; font-family: 'Arial',sans-serif;\">Adil D&uuml;zen<\/span><\/strong><strong><span style=\"font-size: 12pt; font-family: 'Arial',sans-serif;\"> kurulmas\u0131d\u0131r. B&ouml;ylesine olumlu ve onurlu bir d&uuml;zeni bu iktidar\u0131n ve Sn. Erdo\u011fan&rsquo;\u0131n kuramayaca\u011f\u0131n\u0131, hatta zaten bu kutlu amaca &ccedil;ok yakla\u015fan Rahmetli Erbakan&rsquo;a h\u0131yanet kar\u015f\u0131l\u0131\u011f\u0131 iktidara ve \u015fimdi <\/span><\/strong><strong><span style=\"font-size: 14pt; font-family: 'Arial',sans-serif;\">Ba\u015fkanl\u0131\u011fa<\/span><\/strong><strong><span style=\"font-size: 12pt; font-family: 'Arial',sans-serif;\"> ta\u015f\u0131nd\u0131\u011f\u0131n\u0131 da bu marazl\u0131 &ccedil;evreler &ccedil;ok iyi bilip durmaktad\u0131r. Ancak bunlardan kimileri gaflet ve cehaletle, kimileri bilin&ccedil;le ve istemle, ama hepsi; kararm\u0131\u015f vicdanlar\u0131na sinmi\u015f <\/span><\/strong><strong><span style=\"font-size: 14pt; font-family: 'Arial',sans-serif;\">Din d&uuml;\u015fmanl\u0131\u011f\u0131<\/span><\/strong><strong><span style=\"font-size: 12pt; font-family: 'Arial',sans-serif;\"> sebebiyle, &ldquo;<\/span><\/strong><strong><em><span style=\"font-size: 14pt; font-family: 'Arial',sans-serif;\">Dine sar\u0131ld\u0131\u011f\u0131 ve \u0130slam nizam\u0131na haz\u0131rland\u0131\u011f\u0131&rdquo; <\/span><\/em><\/strong><strong><span style=\"font-size: 12pt; font-family: 'Arial',sans-serif;\">bahanesiyle Sn. Erdo\u011fan&rsquo;a sata\u015ft\u0131k&ccedil;a, ona mazeret ve me\u015fruiyet kazand\u0131rmaktad\u0131r ve bu yakla\u015f\u0131m dindar halk\u0131m\u0131z\u0131 AKP&rsquo;nin tuza\u011f\u0131na\/toruna s&uuml;rmekten ba\u015fka i\u015fe yaramamaktad\u0131r. \u015eimdi bu iktidar\u0131 ve Sn. Erdo\u011fan&rsquo;\u0131; <\/span><\/strong><strong><em><span style=\"font-size: 14pt; font-family: 'Arial',sans-serif;\">ABD Yahudi Lobilerinin, Rothchildlerin, Rockefellerin ve \u0130srail&rsquo;in Siyonist ve emperyalist emellerine hizmet etmekle<\/span><\/em><\/strong><strong><span style=\"font-size: 12pt; font-family: 'Arial',sans-serif;\"> su&ccedil;layanlar; <\/span><\/strong><strong><em><span style=\"font-size: 14pt; font-family: 'Arial',sans-serif;\">ABD ve AB&rsquo;nin g&uuml;d&uuml;m&uuml;ne girdi<\/span><\/em><\/strong><strong><span style=\"font-size: 12pt; font-family: 'Arial',sans-serif;\"> diye sata\u015fanlara sormak laz\u0131md\u0131: Yahu bu ithamlar\u0131n\u0131zda samimi iseniz ve ger&ccedil;ekten bu d\u0131\u015f merkezlerin ve i\u015fbirlik&ccedil;ilerinin h\u0131yanetlerine tepkili iseniz: Rahmetli Ecevit ve Demirel dahil, b&uuml;t&uuml;n sa\u011fc\u0131 ve solcu partilerin ve liderlerinin ve \u015fu anda CHP gibi muhalefetin de ayn\u0131 mahfillerin g&uuml;d&uuml;m&uuml;nde ve hizmetinde olduklar\u0131n\u0131 bilmiyor olamazs\u0131n\u0131z; &ouml;yle ise niye onlar\u0131 sayg\u0131 ile an\u0131yor da Erdo\u011fan&rsquo;a h\u0131\u015f\u0131mla sald\u0131r\u0131yorsunuz? Din istismar\u0131na ve \u0130slam&rsquo;\u0131n siyasette ve devlet y&ouml;netiminde bir ara&ccedil; olarak kullan\u0131lmas\u0131na kar\u015f\u0131 &ccedil;\u0131kman\u0131z do\u011fru ve do\u011fal bir yakla\u015f\u0131md\u0131r, ama net \u015fekilde ve mert&ccedil;e s&ouml;yleyin; Kur&rsquo;an&rsquo;\u0131n sarih (a&ccedil;\u0131k) ayetlerinin ve Hz. Resul&uuml;llah&rsquo;\u0131n sahih (ger&ccedil;ek) hadislerinin her konudaki buyruklar\u0131na raz\u0131 m\u0131s\u0131n\u0131z, haydi siz inanmasan\u0131z bile (ki o da bir tercih hakk\u0131d\u0131r) bunlara inanan m&uuml;minlerin \u0130lahi ve Nebevi emirleri &ouml;zg&uuml;rce uygulamas\u0131na haz\u0131r m\u0131s\u0131n\u0131z? Hi&ccedil; sa\u011fa sola k\u0131v\u0131rmay\u0131n ve nifak (iki y&uuml;zl&uuml;l&uuml;k) tavr\u0131yla k\u0131vranmay\u0131n!.. Bu nedenle tekrar belirtiyoruz ki, sizlerin as\u0131l ku\u015fku ve d&uuml;\u015fmanl\u0131\u011f\u0131n\u0131z AKP iktidar\u0131na ve Sn. Erdo\u011fan&rsquo;a de\u011fil, bizzat \u0130slam&rsquo;ad\u0131r.. Yoksa AKP&rsquo;nin de, bu bozuk d&uuml;zenin de ve sizlerin de, arkan\u0131zda hep ayn\u0131 odaklar\u0131n bulundu\u011funu ve ayn\u0131 nefsi h\u0131rslar ve d&uuml;nyevi hesaplar pe\u015finde ko\u015ftu\u011funuzu &ndash;i&ccedil;inizdeki saftirikler hari&ccedil;- bilmeyeniniz kalmam\u0131\u015ft\u0131r. Bunun i&ccedil;in a&ccedil;\u0131k&ccedil;a s&ouml;yl&uuml;yoruz ki; 1- Akl\u0131 selimin, 2- M&uuml;sbet bilimin, 3- Vicdani kanaatin, 4- Tarihi deneyim ve birikimin, 5- \u0130lahi Dinin (Kur&#8217;an-\u0131 Kerim&#8217;in ve hadisi \u015feriflerin) hepsinin ittifakla; hay\u0131rl\u0131, yararl\u0131, iyi, g&uuml;zel ve gerekli buldu\u011fu \u015feyleri <\/span><\/strong><strong><span style=\"font-size: 14pt; font-family: 'Arial',sans-serif;\">DO\u011eRU<\/span><\/strong><strong><span style=\"font-size: 12pt; font-family: 'Arial',sans-serif;\">&hellip; Ama bu be\u015f temel &ouml;l&ccedil;&uuml;n&uuml;n ittifakla; k&ouml;t&uuml;, &ccedil;irkin ve zararl\u0131 buldu\u011fu \u015feyleri de <\/span><\/strong><strong><span style=\"font-size: 14pt; font-family: 'Arial',sans-serif;\">YANLI\u015e<\/span><\/strong><strong><span style=\"font-size: 12pt; font-family: 'Arial',sans-serif;\"> kabul ederek, yani <\/span><\/strong><strong><span style=\"font-size: 14pt; font-family: 'Arial',sans-serif;\">do\u011fru<\/span><\/strong><strong><span style=\"font-size: 12pt; font-family: 'Arial',sans-serif;\">&rsquo;lara dayanarak ve <\/span><\/strong><strong><span style=\"font-size: 14pt; font-family: 'Arial',sans-serif;\">yanl\u0131\u015f<\/span><\/strong><strong><span style=\"font-size: 12pt; font-family: 'Arial',sans-serif;\">&rsquo;lardan sak\u0131narak haz\u0131rlanan bir <\/span><\/strong><strong><span style=\"font-size: 14pt; font-family: 'Arial',sans-serif;\">Adil D&uuml;zen<\/span><\/strong><strong><span style=\"font-size: 12pt; font-family: 'Arial',sans-serif;\">&#8216;e d&uuml;\u015fmanl\u0131k \u015feytanl\u0131k damar\u0131d\u0131r. <\/span><\/strong><\/p>\n<p style=\"margin-bottom: 0.0001pt; text-align: justify; text-indent: 1cm; line-height: 16pt;\"><strong><span style=\"font-size: 14pt; font-family: 'Arial',sans-serif;\">Afi\u015fe olmu\u015f yalanlar ve sahte sloganlar\u0131<\/span><\/strong><\/p>\n<p style=\"margin-bottom: 0.0001pt; text-align: justify; text-indent: 1cm; line-height: 16pt;\"><span style=\"font-size: 12pt; font-family: 'Arial',sans-serif;\">Sn. Cumhurba\u015fkan\u0131&rsquo;n\u0131n, Ba\u015fbakan&rsquo;\u0131n ve Bakanlar\u0131n 16 Nisan referandum kampanyas\u0131nda b&uuml;t&uuml;n mahfillerini ve <\/span><strong><span style=\"font-size: 14pt; font-family: 'Arial',sans-serif;\">&ldquo;hay\u0131r&rdquo;<\/span><\/strong><span style=\"font-size: 12pt; font-family: 'Arial',sans-serif;\"> kampanyas\u0131 y&uuml;r&uuml;tenleri <\/span><strong><span style=\"font-size: 14pt; font-family: 'Arial',sans-serif;\">&ldquo;yalan&rdquo;<\/span><\/strong><span style=\"font-size: 12pt; font-family: 'Arial',sans-serif;\"> s&ouml;ylemekle su&ccedil;lam\u0131\u015flard\u0131. Oysa bu tav\u0131r kendi palavralar\u0131n\u0131 pazarlama ama&ccedil;l\u0131yd\u0131. Referandum ile de\u011fi\u015ftirilmek istenen yeni Anayasa&rsquo;n\u0131n nelere yol a&ccedil;abilece\u011fine ili\u015fkin ele\u015ftirileri &ccedil;&uuml;r&uuml;tmeye y&ouml;nelik a&ccedil;\u0131klamalar yerine, k\u0131saca &ldquo;yalan&rdquo; deyip ge&ccedil;iyorlard\u0131. &Ccedil;&uuml;nk&uuml; kendileri de gayet iyi biliyor ki s&ouml;ylenenler do\u011fru saptamalard\u0131. Tam tersine, AKP&rsquo;nin afi\u015flerde, ilanlarda ve reklamlarda kulland\u0131\u011f\u0131 sloganlar yaland\u0131, yanl\u0131\u015ft\u0131 ve ger&ccedil;ekleri &ouml;rtmeye, perdelemeye y&ouml;nelik yak\u0131\u015ft\u0131rmalard\u0131. &Ouml;rne\u011fin; AKP&rsquo;nin kampanya afi\u015flerinde ve gazetelerde yay\u0131mlanan ilanlar\u0131ndan birinde \u015f&ouml;yle bir slogan vard\u0131:<\/span><\/p>\n<p style=\"margin-bottom: 0.0001pt; text-align: justify; text-indent: 1cm; line-height: 16pt;\"><strong><em><span style=\"font-size: 14pt; font-family: 'Arial',sans-serif;\">&ldquo;G&uuml;&ccedil;l&uuml; ve yetkili Meclis kuruluyor. Kanunlar\u0131 sadece Meclis yap\u0131yor.&rdquo;<\/span><\/em><\/strong><\/p>\n<p style=\"margin-bottom: 0.0001pt; text-align: justify; text-indent: 1cm; line-height: 16pt;\"><span style=\"font-size: 12pt; font-family: 'Arial',sans-serif;\">Bu iddia, T&uuml;rkiye&rsquo;nin y\u0131llard\u0131r nas\u0131l y&ouml;netildi\u011fini bilmeyen bir uzayl\u0131 d\u0131\u015f\u0131nda hi&ccedil; kimsenin inanmayaca\u011f\u0131 ve ciddiye almayaca\u011f\u0131 bir &ccedil;arp\u0131tmayd\u0131. &Ccedil;&uuml;nk&uuml; zaten bu &uuml;lkede, kanunlar\u0131 Meclis&rsquo;ten ba\u015fka kimse &ccedil;\u0131karmam\u0131\u015ft\u0131. Darbelerin ge&ccedil;i\u015f d&ouml;nemleri bir kenara b\u0131rak\u0131l\u0131rsa, b&uuml;t&uuml;n kanunlar Meclis&rsquo;te yap\u0131lm\u0131\u015ft\u0131. Herhangi bir kurum ya da ki\u015fi kanun yapmam\u0131\u015ft\u0131, yapamazd\u0131. Bunlar b&ouml;yle diyerek, asl\u0131nda bir ger&ccedil;e\u011fi &ouml;rtmeye &ccedil;al\u0131\u015f\u0131yorlard\u0131, o da Cumhurba\u015fkan\u0131&rsquo;n\u0131n, kanun &ccedil;\u0131kar\u0131lmas\u0131na ihtiya&ccedil; duymadan kararnameler yoluyla &uuml;lkeyi idare etme yolu a&ccedil;\u0131lmaktayd\u0131. <\/span><strong><span style=\"font-size: 14pt; font-family: 'Arial',sans-serif;\">Referandumda &ldquo;evet&rdquo; oyu &ccedil;\u0131karsa de\u011fi\u015fecek 104. Madde ile Cumhurba\u015fkan\u0131&rsquo;na \u015f&ouml;yle bir yetki sa\u011flanm\u0131\u015ft\u0131:<\/span><\/strong><span style=\"font-size: 14pt; font-family: 'Arial',sans-serif;\"> <\/span><strong><em><span style=\"font-size: 14pt; font-family: 'Arial',sans-serif;\">&ldquo;Cumhurba\u015fkan\u0131, y&uuml;r&uuml;tme yetkisine ili\u015fkin konularda Cumhurba\u015fkanl\u0131\u011f\u0131 kararnamesi &ccedil;\u0131karabilir.&rdquo; <\/span><\/em><\/strong><span style=\"font-size: 12pt; font-family: 'Arial',sans-serif;\">Bu kararnamenin h&uuml;k&uuml;ms&uuml;z hale gelebilmesi ancak Meclis&rsquo;ten ayn\u0131 konuda farkl\u0131 bir kanun &ccedil;\u0131kar\u0131lmas\u0131yla m&uuml;mk&uuml;n olacakt\u0131. Daha &ouml;nce y&uuml;r&uuml;tme alan\u0131na ili\u015fkin b&ouml;yle d&uuml;zenlemeler, Meclis&rsquo;in &ccedil;\u0131kard\u0131\u011f\u0131 kanunlar taraf\u0131ndan yap\u0131l\u0131yordu, \u015fimdi bu i\u015fi bir ki\u015fi yapacakt\u0131. Hatta Cumhurba\u015fkan\u0131 ola\u011fan&uuml;st&uuml; hal ilan etmeye gerek g&ouml;r&uuml;rse de <\/span><strong><em><span style=\"font-size: 14pt; font-family: 'Arial',sans-serif;\">&ldquo;kanun h&uuml;km&uuml;nde kararname &ccedil;\u0131karma yetkisi&rdquo;<\/span><\/em><\/strong><span style=\"font-size: 12pt; font-family: 'Arial',sans-serif;\"> vard\u0131. <\/span><\/p>\n<p style=\"margin-bottom: 0.0001pt; text-align: justify; text-indent: 1cm; line-height: 16pt;\"><strong><span style=\"font-size: 14pt; font-family: 'Arial',sans-serif;\">AKP&rsquo;nin ilan ve afi\u015flerinde sloganlardan biri de \u015f&ouml;yle yaz\u0131lm\u0131\u015ft\u0131: <\/span><\/strong><\/p>\n<p style=\"margin-bottom: 0.0001pt; text-align: justify; text-indent: 1cm; line-height: 16pt;\"><strong><em><span style=\"font-size: 14pt; font-family: 'Arial',sans-serif;\">&ldquo;Milletin hem Meclis&rsquo;i, hem h&uuml;k&uuml;meti se&ccedil;mesi i&ccedil;in evet.&rdquo;<\/span><\/em><\/strong><span style=\"font-size: 12pt; font-family: 'Arial',sans-serif;\"> <\/span><\/p>\n<p style=\"margin-bottom: 0.0001pt; text-align: justify; text-indent: 1cm; line-height: 16pt;\"><strong><em><span style=\"font-size: 12pt; font-family: 'Arial',sans-serif;\">Oysa b&ouml;yle bir \u015fey referanduma sunulan de\u011fi\u015fikliklerin hi&ccedil;bir yerinde bulunmamaktayd\u0131, yani tam bir aldatmacayd\u0131. &Ccedil;&uuml;nk&uuml; bu yeni sistemle, Millet Meclis&rsquo;i ve Cumhurba\u015fkan\u0131&rsquo;n\u0131 se&ccedil;ecek, h&uuml;k&uuml;meti olu\u015fturma Cumhurba\u015fkan\u0131&rsquo;n\u0131n elinde olacakt\u0131. Hatta, Cumhurba\u015fkan\u0131 yard\u0131mc\u0131lar\u0131n\u0131, ki bunlar\u0131n say\u0131s\u0131 belli de\u011fil, ve &ldquo;bakanlar\u0131&rdquo; Cumhurba\u015fkan\u0131 kendisi atayacak, ve bunlar Meclis&rsquo;in onay\u0131na tabi tutulmayacakt\u0131. &Uuml;stelik Meclis bu atamalara kar\u0131\u015famad\u0131\u011f\u0131 gibi, &ldquo;bakanlar\u0131&rdquo; ve Cumhurba\u015fkan\u0131 yard\u0131mc\u0131lar\u0131n\u0131 denetleme, gensoru ile d&uuml;\u015f&uuml;rme yetkisi bile elinden al\u0131nmaktayd\u0131. Zaten Ba\u015fkanl\u0131k sisteminde bizim bug&uuml;ne kadar bildi\u011fimiz anlamda bir &ldquo;h&uuml;k&uuml;met&rdquo; de olmazd\u0131. Y&uuml;r&uuml;tme g&uuml;c&uuml; bir tek ki\u015fide toplanacakt\u0131, yetki de sorumluluk da onda olacakt\u0131. Parlamenter sistemin Bakanlar Kurulu&rsquo;nda oldu\u011fu gibi ortak bir sorumluluk ta\u015f\u0131mayacakt\u0131. Her biri tek tek sadece Cumhurba\u015fkan\u0131&rsquo;na kar\u015f\u0131 sorumlu tutulacakt\u0131. Bu nedenle bu ki\u015filere ABD&rsquo;de &ldquo;bakan&rdquo; de\u011fil, sekreter diyorlard\u0131. Ve zaten Anayasa de\u011fi\u015fikli\u011fi metninin hi&ccedil;bir yerinde &ldquo;h&uuml;k&uuml;met&rdquo; ya da &ldquo;Bakanlar Kurulu&rdquo; gibi ibareler de bulunmamaktayd\u0131&hellip;&rdquo;[1]<\/span><\/em><\/strong><\/p>\n<p style=\"margin-bottom: 0.0001pt; text-align: justify; text-indent: 1cm; line-height: 16pt;\"><strong><span style=\"font-size: 14pt; font-family: 'Arial',sans-serif;\">AKP&rsquo;lilerin en b&uuml;y&uuml;k yalanlar\u0131ndan birisi de: &ldquo;EVET&rdquo; afi\u015flerinde Erbakan Hoca&rsquo;n\u0131n resimlerinin kullan\u0131lmas\u0131 ve Aziz hat\u0131ras\u0131n\u0131n istismara kalk\u0131\u015f\u0131lmas\u0131yd\u0131!<\/span><\/strong><\/p>\n<p style=\"margin-bottom: 0.0001pt; text-align: justify; text-indent: 1cm; line-height: 16pt;\"><strong><span style=\"font-size: 12pt; font-family: 'Arial',sans-serif;\">Daha &ouml;nce h\u0131yanet ettikleri ve davas\u0131na vefas\u0131zl\u0131k g&ouml;sterdikleri Erbakan Hoca&rsquo;n\u0131n foto\u011fraflar\u0131n\u0131 bas\u0131p &ldquo;EVET&rdquo; propagandas\u0131 yapmak, ancak utanma duygusunu k&ouml;kten yitirenlerin yapaca\u011f\u0131 bir sahtek&acirc;rl\u0131kt\u0131. Bu istismar ve iftiralara Kayseri&rsquo;de rastlanm\u0131\u015ft\u0131. Referanduma say\u0131l\u0131 g&uuml;nler kala Erbakan Hocam\u0131z\u0131n foto\u011fraflar\u0131yla afi\u015f yap\u0131p, Kayseri caddelerinde &ldquo;Evet&rdquo; kampanyas\u0131 y&uuml;r&uuml;t&uuml;lmesine Saadet Partisi de hakl\u0131 olarak kar\u015f\u0131 &ccedil;\u0131km\u0131\u015ft\u0131. Milli Gazete&rsquo;ye konu\u015fan Saadet Partisi Kayseri il Ba\u015fkan\u0131 Mahmut Ar\u0131kan, kimin taraf\u0131ndan yapt\u0131r\u0131ld\u0131\u011f\u0131 ve as\u0131ld\u0131\u011f\u0131 belli olmayan afi\u015fler i&ccedil;in YSK&rsquo;ya \u015fik&acirc;yette bulunduklar\u0131n\u0131 a&ccedil;\u0131klam\u0131\u015ft\u0131. <\/span><\/strong><\/p>\n<p style=\"margin-bottom: 0.0001pt; text-align: justify; text-indent: 1cm; line-height: 16pt;\"><strong><em><span style=\"font-size: 14pt; font-family: 'Arial',sans-serif;\">&ldquo;Amerika ve Avrupa &ldquo;Ba\u015fkanl\u0131\u011fa Hay\u0131r&rdquo; deyip kar\u015f\u0131 &ccedil;\u0131k\u0131yor&rdquo; <\/span><\/em><\/strong><strong><span style=\"font-size: 14pt; font-family: 'Arial',sans-serif;\">iddialar\u0131 da palavrayd\u0131!<\/span><\/strong><\/p>\n<p style=\"margin-bottom: 0.0001pt; text-align: justify; text-indent: 1cm; line-height: 16pt;\"><strong><span style=\"font-size: 14pt; font-family: 'Arial',sans-serif;\">\u0130ngiliz Times&rsquo;tan &lsquo;evet&rsquo; &ccedil;a\u011fr\u0131s\u0131 yap\u0131lm\u0131\u015ft\u0131<\/span><\/strong><\/p>\n<p style=\"margin-bottom: 0.0001pt; text-align: justify; text-indent: 1cm; line-height: 16pt;\"><span style=\"font-size: 12pt; font-family: 'Arial',sans-serif;\">&Ccedil;&uuml;nk&uuml; \u0130ngiltere&rsquo;de yay\u0131nlanan ve k&uuml;resel sermayenin g&uuml;d&uuml;m&uuml;nde bulunan The Times yazar\u0131 Roger Boyes, gazetenin 12 Nisan 2017 <\/span><strong><span style=\"font-size: 14pt; font-family: 'Arial',sans-serif;\">&Ccedil;ar\u015famba g&uuml;nk&uuml; say\u0131s\u0131nda yay\u0131nlanan makalede referandumdan &lsquo;evet&rsquo; sonucu &ccedil;\u0131kmas\u0131n\u0131n Ortado\u011fu i&ccedil;in de olumlu bir geli\u015fme olaca\u011f\u0131n\u0131 yazm\u0131\u015ft\u0131.<\/span><\/strong><span style=\"font-size: 12pt; font-family: 'Arial',sans-serif;\"> <\/span><strong><em><span style=\"font-size: 14pt; font-family: 'Arial',sans-serif;\">&ldquo;Ortado\u011fu&rsquo;nun daha g&uuml;&ccedil;l&uuml; bir Erdo\u011fan&rsquo;a ihtiyac\u0131 var&rdquo;<\/span><\/em><\/strong><span style=\"font-size: 12pt; font-family: 'Arial',sans-serif;\"> ba\u015fl\u0131kl\u0131 makalesinde referandumdan &lsquo;evet&rsquo; sonucu &ccedil;\u0131kmas\u0131n\u0131n T&uuml;rkiye&rsquo;deki muhalifleri &uuml;zece\u011fini ama Ortado\u011fu i&ccedil;in iyi olaca\u011f\u0131n\u0131 hat\u0131rlatm\u0131\u015ft\u0131. Boyes&rsquo;e g&ouml;re, Bat\u0131&rsquo;n\u0131n Cumhurba\u015fkan\u0131 Recep T. Erdo\u011fan&rsquo;la iyi ili\u015fkiler kurmas\u0131 laz\u0131md\u0131. Ve bunun yolu da &ldquo;K&uuml;rtlere &ouml;zg&uuml;rl&uuml;k sa\u011flamak&rdquo;t\u0131. <strong><em>&ldquo;T&uuml;rkiye&rsquo;nin kabaday\u0131 sultan\u0131 Recep T. Erdo\u011fan hakk\u0131nda daha fazla endi\u015felenmeli miyiz?&rdquo;<\/em><\/strong> sorusuyla ba\u015flayan yaz\u0131da muhaliflerin, referandumdan &lsquo;evet&rsquo; &ccedil;\u0131kmas\u0131 durumunda Erdo\u011fan&rsquo;\u0131n yetkilerini istismara kalk\u0131\u015faca\u011f\u0131n\u0131 ve medyaya y&ouml;nelik bask\u0131lar\u0131 art\u0131raca\u011f\u0131n\u0131, &lsquo;hay\u0131r&rsquo; &ccedil;\u0131kmas\u0131 durumunda da ola\u011fan&uuml;st&uuml; hali sonsuza kadar uzataca\u011f\u0131n\u0131 konu\u015ftuklar\u0131n\u0131 aktarm\u0131\u015ft\u0131. <\/span><\/p>\n<p style=\"margin-bottom: 0.0001pt; text-align: justify; text-indent: 1cm; line-height: 16pt;\"><span style=\"font-size: 12pt; font-family: 'Arial',sans-serif;\">Roger Boyes yaz\u0131da \u015fu g&ouml;r&uuml;\u015fleri vurgulam\u0131\u015ft\u0131: <strong><em>&ldquo;Buna ra\u011fmen bug&uuml;n Ortado\u011fu&rsquo;nun ihtiyac\u0131 olan \u015fey, anayasal s\u0131n\u0131rlar\u0131 i&ccedil;inde hareket eden daha g&uuml;&ccedil;l&uuml; bir Erdo\u011fan&rsquo;d\u0131r. Erdo\u011fan hi&ccedil;bir zaman AB&rsquo;nin veya T&uuml;rkiye&rsquo;nin \u015fehirli liberallerinin sevece\u011fi t&uuml;rden bir demokrat olmayacakt\u0131r. Ama Singapur&rsquo;u bir nesil i&ccedil;inde &uuml;&ccedil;&uuml;nc&uuml; d&uuml;nyadan birinci d&uuml;nyaya ta\u015f\u0131may\u0131 ba\u015faran Lee Kuan Yew gibi bir otokrat olmas\u0131 yararl\u0131d\u0131r. Erdo\u011fan 1. d&ouml;neminde, Arap Bahar\u0131&rsquo;nda &uuml;lkelere &ouml;rnek g&ouml;sterilen bir modelin lideri konumundayd\u0131. Erdo\u011fan 2. d&ouml;neminde ise derin devlet endi\u015fesi ve Suriye&rsquo;deki geli\u015fmeler nedeniyle kimseye g&uuml;venmeyen bir otokrata d&ouml;n&uuml;\u015fm&uuml;\u015f durumdayd\u0131. T&uuml;rkiye&rsquo;deki arkada\u015flar\u0131m safl\u0131\u011f\u0131mla dalga ge&ccedil;se de Pazar g&uuml;nk&uuml; referandumu kazanmas\u0131 durumunda Erdo\u011fan 3. d&ouml;nemini g&ouml;rebilece\u011fimizi d&uuml;\u015f&uuml;n&uuml;yorum. Esad rejiminin son y\u0131llar\u0131nda ba\u015fkanl\u0131k yapan ve s&uuml;rekli arkas\u0131n\u0131 kollamak zorunda olmayan g&uuml;&ccedil;l&uuml; bir T&uuml;rk lideri tam da ihtiya&ccedil; duydu\u011fumuz bir geli\u015fme say\u0131lmal\u0131d\u0131r.&rdquo; <\/em><\/strong><\/span><\/p>\n<p style=\"margin-bottom: 0.0001pt; text-align: justify; text-indent: 1cm; line-height: 16pt;\"><strong><span style=\"font-size: 14pt; font-family: 'Arial',sans-serif;\">Hollanda ve Almanya&rsquo;daki baz\u0131 huysuz, l&uuml;zumsuz ve soysuz k\u0131\u015fk\u0131rtmalar\u0131n ise <em>&ldquo;Evet oylar\u0131n\u0131 art\u0131rmaya y&ouml;nelik \u015fovlar&rdquo;<\/em> oldu\u011fu zaten s\u0131r\u0131tmaktayd\u0131 ve hedefine ula\u015fm\u0131\u015ft\u0131.<\/span><\/strong><\/p>\n<p style=\"margin-bottom: 0.0001pt; text-align: justify; text-indent: 1cm; line-height: 16pt;\"><span style=\"font-size: 12pt; font-family: 'Arial',sans-serif;\">Say\u0131n Erdo\u011fan 16 Temmuz gecesi, saat yar\u0131m civarlar\u0131nda CNN T&uuml;rk&rsquo;e telefon &uuml;st&uuml;nden ba\u011flanarak yapt\u0131\u011f\u0131 konu\u015fmada: <strong><em>&ldquo;Yaln\u0131z \u015funu &ouml;zellikle s&ouml;ylemek istiyorum ki: Bir defa bu &uuml;lke demokratik parlamenter sisteme inanm\u0131\u015f bir &uuml;lkedir. Duyuyor musunuz?&rdquo;<\/em> <\/strong>buyurmu\u015flard\u0131. Yani <strong><em>&ldquo;s\u0131k\u0131\u015ft\u0131\u011f\u0131nda TBMM&rsquo;yi temel alan sistemi savunan Erdo\u011fan, ard\u0131ndan kendisine bu f\u0131rsatlar\u0131 sa\u011flayan bu Meclisi g&ouml;stermelik konuma ta\u015f\u0131mak i&ccedil;in &ccedil;\u0131rp\u0131nmaktayd\u0131&rdquo; <\/em><\/strong>diye k\u0131nayanlar hakl\u0131yd\u0131. &Ccedil;&uuml;nk&uuml; T&uuml;rkiye&rsquo;deki parlamenter sistemin yerine ba\u015fkanl\u0131k ad\u0131 alt\u0131nda tek adama dayal\u0131 ilkel bir sistemin getirilmesini ABD-Yahudi Lobileri planlam\u0131\u015ft\u0131. Sn. Erdo\u011fan 22 Eyl&uuml;l 2016&rsquo;da ABD&rsquo;ye gidip New York&rsquo;ta Siyonist liderlele g&ouml;r&uuml;\u015ft&uuml;kten sonra Ba\u015fkanl\u0131k propagandas\u0131 h\u0131z kazanm\u0131\u015ft\u0131. <\/span><\/p>\n<p style=\"margin-bottom: 0.0001pt; text-align: justify; text-indent: 1cm; line-height: 16pt;\"><strong><span style=\"font-size: 14pt; font-family: 'Arial',sans-serif;\">2006 y\u0131l\u0131nda Yahudi as\u0131ll\u0131 CIA g&ouml;revlisi Paul Bernard Henze, Amerikan Ba\u015fkan\u0131 George W. Bush&rsquo;a sundu\u011fu raporda T&uuml;rkiye hakk\u0131nda \u015funlar\u0131 yazm\u0131\u015ft\u0131:<\/span><\/strong><\/p>\n<p style=\"margin-bottom: 0.0001pt; text-align: justify; text-indent: 1cm; line-height: 16pt;\"><strong><em><span style=\"font-size: 12pt; font-family: 'Arial',sans-serif;\">&ldquo;T&uuml;rkiye&rsquo;nin bu \u015fekliyle ABD politikalar\u0131n\u0131n yan\u0131nda bulunaca\u011f\u0131ndan emin bulunamay\u0131z&hellip; &Uuml;lkeyi kuranlar, denetim mekanizmas\u0131n\u0131 &ccedil;ok s\u0131k\u0131 tutmu\u015flar&hellip; H&uuml;k&uuml;meti ikna etti\u011fimizde meclis, meclisi ikna etti\u011fimizde ordu, orduyu ikna etti\u011fimizde yarg\u0131 kar\u015f\u0131m\u0131za &ccedil;\u0131k\u0131yor&hellip; E\u011fer ABD &ccedil;\u0131karlar\u0131, T&uuml;rkiye&rsquo;de federal devlet kurulmas\u0131n\u0131 gerektiriyorsa; mutlaka yarg\u0131, ordu, meclis ve h&uuml;k&uuml;meti tek elde toplayan ba\u015fkanl\u0131k rejimine ge&ccedil;ilmesi gerekiyor. Bir ki\u015fiyi ikna etmek, birbirini denetleyen yap\u0131y\u0131 ikna etmekten &ccedil;ok daha kolay olacakt\u0131r&hellip; E\u011fer o ki\u015fi, ABD &ccedil;\u0131karlar\u0131na yard\u0131m etmek konusunda teredd&uuml;t ederse; o yap\u0131y\u0131 y\u0131kmak da ABD i&ccedil;in sorun olmaz!..&rdquo; <\/span><\/em><\/strong><strong><span style=\"font-size: 14pt; font-family: 'Arial',sans-serif;\">\u0130\u015fte bu belge a&ccedil;\u0131k&ccedil;a g&ouml;steriyor ki ba\u015fkanl\u0131k projesi, Amerikan plan\u0131d\u0131r.<\/span><\/strong><\/p>\n<p style=\"margin-bottom: 0.0001pt; text-align: justify; text-indent: 1cm; line-height: 16pt;\"><strong><span style=\"font-size: 12pt; font-family: 'Arial',sans-serif;\">Yeni Anayasa&rsquo;n\u0131n <em>&ldquo;Eyalet sistemine ve b&ouml;lge &ouml;zerkliklerine kap\u0131 a&ccedil;t\u0131\u011f\u0131&rdquo;<\/em> ku\u015fkular\u0131n\u0131 <\/span><\/strong><strong><span style=\"font-size: 14pt; font-family: 'Arial',sans-serif;\">&ldquo;yalan&rdquo;<\/span><\/strong><strong><span style=\"font-size: 12pt; font-family: 'Arial',sans-serif;\"> sayanlar\u0131n kendileri e\u011fer k\u0131s\u0131r ak\u0131ll\u0131 de\u011fillerse, mutlaka art maksatl\u0131yd\u0131. &Ccedil;&uuml;nk&uuml; de\u011fi\u015ftirilen 123. maddesi: <\/span><\/strong><strong><em><span style=\"font-size: 14pt; font-family: 'Arial',sans-serif;\">&ldquo;Kamu t&uuml;zel ki\u015fili\u011fi kanunla ve Cumhurba\u015fkanl\u0131\u011f\u0131 kararnamesiyle d&uuml;zenlenir..&rdquo;<\/span><\/em><\/strong><strong><span style=\"font-size: 12pt; font-family: 'Arial',sans-serif;\"> \u015feklinde yaz\u0131lm\u0131\u015ft\u0131. Belediyeler de &ldquo;T&uuml;zel Ki\u015filik&rdquo; kapsam\u0131ndayd\u0131. Yar\u0131n Sn. Cumhurba\u015fkan\u0131 tek ba\u015f\u0131na &ccedil;\u0131kard\u0131\u011f\u0131 bir kararname ile, G&uuml;neydo\u011fu&rsquo;daki belediyeler, hatta &ouml;zel bir stat&uuml; ile AB&rsquo;ye kat\u0131l\u0131m\u0131 konu\u015fulan \u0130stanbul Belediyesi&rsquo;ne, b&ouml;lgesel &ouml;zerklik verilmek suretiyle, y\u0131llard\u0131r dayat\u0131lan federasyona ge&ccedil;i\u015f haz\u0131rl\u0131\u011f\u0131na k\u0131l\u0131f uydurulamayaca\u011f\u0131n\u0131n bir garantisi var m\u0131yd\u0131?<\/span><\/strong><\/p>\n<p style=\"margin-bottom: 0.0001pt; text-align: justify; text-indent: 1cm; line-height: 16pt;\"><strong><span style=\"font-size: 14pt; font-family: 'Arial',sans-serif;\">Milli Gazete&rsquo;den Sn. \u0130shak Beyazay&rsquo;\u0131n tespitleri olduk&ccedil;a anlaml\u0131yd\u0131. <\/span><\/strong><\/p>\n<p style=\"margin-bottom: 0.0001pt; text-align: justify; text-indent: 1cm; line-height: 16pt;\"><strong><span style=\"font-size: 12pt; font-family: 'Arial',sans-serif;\">&ldquo;\u0130stanbul&rsquo;a neden bu kadar &ccedil;ok yat\u0131r\u0131m yap\u0131lmaktad\u0131r? Oysa ayn\u0131 oranda Anadolu&rsquo;nun kalk\u0131nmas\u0131 &uuml;zerinde durulmamaktad\u0131r. \u0130stanbul belediye ba\u015fkan\u0131 iken, \u0130stanbul i&ccedil;in farkl\u0131 d&uuml;\u015f&uuml;nen Say\u0131n Cumhurba\u015fkan\u0131 Erdo\u011fan; ba\u015fbakan ve Cumhurba\u015fkan\u0131 olunca neden d&uuml;\u015f&uuml;ncesini de\u011fi\u015ftirdi ve en &ccedil;ok yat\u0131r\u0131m\u0131 \u0130stanbul&rsquo;a yapm\u0131\u015ft\u0131r? Bunun izlerini s&uuml;rerken ara\u015ft\u0131rmam beni 2001 y\u0131l\u0131na g&ouml;t&uuml;rd&uuml; ve kar\u015f\u0131ma bir T&uuml;rk olan <\/span><\/strong><strong><span style=\"font-size: 14pt; font-family: 'Arial',sans-serif;\">Ayla Bakall\u0131<\/span><\/strong><strong><span style=\"font-size: 12pt; font-family: 'Arial',sans-serif;\">&rsquo;n\u0131n ABD&rsquo;deki lobi \u015firketi &ccedil;\u0131kt\u0131. Ayla Bakall\u0131 uzun y\u0131llar &ouml;nce ABD&rsquo;ye yerle\u015fmi\u015f ve orada &ouml;\u011fretim g&ouml;revlisi olarak &ccedil;al\u0131\u015fan bir han\u0131md\u0131r. Sadece &ouml;\u011fretim g&ouml;reviyle yetinmemi\u015f ve kendi ad\u0131yla an\u0131lan bir <\/span><\/strong><strong><span style=\"font-size: 14pt; font-family: 'Arial',sans-serif;\">lobi \u015firketi<\/span><\/strong><strong><span style=\"font-size: 12pt; font-family: 'Arial',sans-serif;\"> kurmu\u015flard\u0131r. Kurdu\u011fu bu \u015firket CFR&rsquo;nin yani ABD D\u0131\u015f \u0130li\u015fkiler Konseyi&rsquo;nin denetiminde &ccedil;al\u0131\u015fmaktad\u0131r. Bu \u015firket Abromowitz taraf\u0131ndan g&ouml;nderilen memorandumla &ouml;nem kazanmaktad\u0131r. Memorandum: K\u0131saca a&ccedil;\u0131klarsak uyar\u0131 yaz\u0131s\u0131, diplomatik nota, muht\u0131ra anlam\u0131ndad\u0131r.<\/span><\/strong><span style=\"font-size: 12pt; font-family: 'Arial',sans-serif;\"> <\/span><strong><span style=\"font-size: 14pt; font-family: 'Arial',sans-serif;\">Ayla Bakall\u0131 bu uyar\u0131 yaz\u0131s\u0131nda \u015funlar\u0131 hat\u0131rlatm\u0131\u015ft\u0131;<\/span><\/strong><\/p>\n<p style=\"margin-bottom: 0.0001pt; text-align: justify; text-indent: 1cm; line-height: 16pt;\"><strong><em><span style=\"font-size: 14pt; font-family: 'Arial',sans-serif;\">&ldquo;Mr. Recep Tayip Erdo\u011fan,<\/span><\/em><\/strong><\/p>\n<p style=\"margin-bottom: 0.0001pt; text-align: justify; text-indent: 1cm; line-height: 16pt;\"><strong><em><span style=\"font-size: 14pt; font-family: 'Arial',sans-serif;\">Sizin k&uuml;reselle\u015fme ile demokrasi ili\u015fkilerini ba\u011fda\u015ft\u0131rma y&ouml;n&uuml;ndeki ad\u0131mlar\u0131n\u0131z, T&uuml;rkiye&rsquo;ye kriz s\u0131ras\u0131nda destek olan uluslararas\u0131 g&uuml;&ccedil;ler taraf\u0131ndan da olumlu kar\u015f\u0131lanm\u0131\u015ft\u0131r. Ankara, k&uuml;reselle\u015fmenin gereklili\u011fini anlamak ve d&uuml;nyada ge&ccedil;erli olan kurallara uyum sa\u011flamak zorundad\u0131r. Ankara \u015funu da anlamal\u0131d\u0131r ki, uygun g&ouml;rd&uuml;\u011f&uuml; kurallar\u0131 uygulay\u0131p, kendi &ccedil;\u0131karlar\u0131na uymayanlar\u0131 reddetmesi imk&acirc;ns\u0131zd\u0131r, buna f\u0131rsat tan\u0131nmayacakt\u0131r. K&uuml;reselle\u015fmenin bir ad\u0131 da \u015fehirle\u015fme ve b&ouml;lgeselle\u015fme (yani k&uuml;&ccedil;&uuml;k par&ccedil;alara b&ouml;l&uuml;nme) olmaktad\u0131r. Ankara, yerel y&ouml;netimlere otonomi (&Ouml;zerklik) vermek ve milli h&uuml;k&uuml;metin fonksiyonlar\u0131n\u0131 yerel d&uuml;zeyde merkezi olmaktan &ccedil;\u0131karmak zorundad\u0131r. D&uuml;nya (Siyonist odaklar) b&uuml;t&uuml;n h&uuml;k&uuml;metlerden bunu istemektedir (gere\u011fini yapmak laz\u0131md\u0131r). Bu memoranduma g&ouml;sterece\u011finiz ilgiden dolay\u0131 takdirlerimizi sunar\u0131z&hellip;&rdquo; <\/span><\/em><\/strong><\/p>\n<p style=\"margin-bottom: 0.0001pt; text-align: justify; text-indent: 1cm; line-height: 16pt;\"><span style=\"font-size: 12pt; font-family: 'Arial',sans-serif;\">&ldquo;Belgede d&uuml;nya kelimesiyle kastedilen, uluslararas\u0131 g&uuml;&ccedil; odaklar\u0131d\u0131r. Yani ABD veya Avrupa de\u011fil, d&uuml;nya h&uuml;k&uuml;meti kurmaya &ccedil;al\u0131\u015fan Siyonist yap\u0131d\u0131r. Ankara kelimesinden de Genelkurmay anla\u015f\u0131lmal\u0131d\u0131r.&rdquo; \u015feklindeki izahlar tutarl\u0131d\u0131r. Bu uyar\u0131 yaz\u0131s\u0131nda; <strong>&ldquo;K&uuml;reselle\u015fmeye kay\u0131ts\u0131z \u015farts\u0131z boyun e\u011feceksiniz!<\/strong> <strong>K&uuml;reselle\u015fme, \u015fehir devletleri d&ouml;nemi demektir.<\/strong> Etnik n&uuml;fusa g&ouml;re, kendi &uuml;lkeni otonom (&ouml;zerk) \u015fehir devletlerine d&ouml;n&uuml;\u015ft&uuml;rmelisin. <strong>Bu devletlerin kendi askeri ve polis g&uuml;&ccedil;lerini kurmalar\u0131na izin vermelisin.&rdquo;<\/strong> uyar\u0131lar\u0131 a&ccedil;\u0131kt\u0131r. <strong>Bu k&uuml;reselle\u015fmenin \u015fehir devletleri plan\u0131 yat\u0131r\u0131mlar\u0131n nedeni bu olabilir mi?<\/strong><\/span><em><\/em><\/p>\n<p style=\"margin-bottom: 0.0001pt; text-align: justify; text-indent: 1cm; line-height: 16pt;\"><strong><span style=\"font-size: 12pt; font-family: 'Arial',sans-serif;\">D&uuml;nya&rsquo;n\u0131n b&ouml;l&uuml;\u015f&uuml;lmesi amac\u0131yla, insan yerle\u015fim birimlerinde ya\u015fam kalitesinin artt\u0131r\u0131lmas\u0131na y&ouml;nelik projeyi G&uuml;ney Afrika Cumhuriyeti&rsquo;nin Johannesburg \u015fehrinde, organizasyon komitesi ad\u0131na a&ccedil;\u0131l\u0131\u015f konu\u015fmas\u0131n\u0131 Ayla Bakall\u0131 sunmu\u015flard\u0131r.<\/span><\/strong><span style=\"font-size: 12pt; font-family: 'Arial',sans-serif;\"> \u0130stanbul-Johannesburg karde\u015f \u015fehir olmas\u0131 i&ccedil;in A\u011fustos 2015 tarihinde g&ouml;r&uuml;\u015fmeler yap\u0131lm\u0131\u015ft\u0131r. <strong>ABD d\u0131\u015f politika s&uuml;recinin &ouml;nemli unsurlar\u0131ndan birini de lobiler olu\u015fturdu\u011funa g&ouml;re,<\/strong> \u0130stanbul&rsquo;a yap\u0131lan yat\u0131r\u0131mlar\u0131n nedeni daha iyi anla\u015f\u0131lmaktad\u0131r.&rdquo;<\/span><em><\/em><\/p>\n<p style=\"margin-bottom: 0.0001pt; text-align: justify; text-indent: 1cm; line-height: 16pt;\"><strong><span style=\"font-size: 14pt; font-family: 'Arial',sans-serif;\">AKP ile \u0130srail, Suriye sald\u0131r\u0131s\u0131na ayn\u0131 tepkide bulunmu\u015flard\u0131!<\/span><\/strong><\/p>\n<p style=\"margin-bottom: 0.0001pt; text-align: justify; text-indent: 1cm; line-height: 16pt;\"><strong><span style=\"font-size: 14pt; font-family: 'Arial',sans-serif;\">Cumhurba\u015fkan\u0131 Recep T. Erdo\u011fan<\/span><\/strong><span style=\"font-size: 12pt; font-family: 'Arial',sans-serif;\">, ABD&rsquo;nin Suriye&rsquo;nin hava &uuml;ss&uuml;n&uuml; vurmas\u0131yla ilgili olarak <strong><em>&ldquo;Esed rejiminin kimyasal ve konvansiyonel silahlarla i\u015fledi\u011fi sava\u015f su&ccedil;lar\u0131na kar\u015f\u0131 at\u0131lm\u0131\u015f somut bir ad\u0131m olarak bunu olumlu buldu\u011fumuzu burada Hatay&rsquo;dan ifade etmek istiyorum. Yeterli mi? Ben bunu yeterli g&ouml;rm&uuml;yorum&rdquo;<\/em><\/strong> buyurmu\u015flard\u0131. Sanki kimyasal silahlarla &ouml;ld&uuml;rmekle Tomahawk f&uuml;zeleriyle katletmenin &ccedil;ok fark\u0131 vard\u0131. Sa\u011fl\u0131k Bakan\u0131 <\/span><strong><span style=\"font-size: 14pt; font-family: 'Arial',sans-serif;\">Recep Akda\u011f<\/span><\/strong><span style=\"font-size: 14pt; font-family: 'Arial',sans-serif;\"> <\/span><span style=\"font-size: 12pt; font-family: 'Arial',sans-serif;\">da ABD&rsquo;nin Suriye operasyonu konusunda &ldquo;ABD&rsquo;nin Suriye rejimine kar\u015f\u0131 g&ouml;sterdi\u011fi do\u011fru bir tav\u0131rd\u0131r. Bunun artarak devam etmesi gerekiyor&rdquo; diyecek kadar sap\u0131tm\u0131\u015ft\u0131. ABD&rsquo;nin Suriye hava sald\u0131r\u0131s\u0131na <\/span><strong><span style=\"font-size: 14pt; font-family: 'Arial',sans-serif;\">D\u0131\u015fi\u015fleri Bakan\u0131 Mevl&uuml;t &Ccedil;avu\u015fo\u011flu,<\/span><\/strong><span style=\"font-size: 12pt; font-family: 'Arial',sans-serif;\"> <strong><em>&ldquo;Yerinde buluyoruz ve destekliyoruz&rdquo;<\/em> <\/strong>diye sahip &ccedil;\u0131km\u0131\u015f, <\/span><strong><span style=\"font-size: 14pt; font-family: 'Arial',sans-serif;\">Ba\u015fbakan Yard\u0131mc\u0131s\u0131 Numan Kurtulmu\u015f<\/span><\/strong><span style=\"font-size: 14pt; font-family: 'Arial',sans-serif;\"> <\/span><span style=\"font-size: 12pt; font-family: 'Arial',sans-serif;\">ise; <strong><em>&ldquo;Suriye&rsquo;deki &uuml;ss&uuml;n vurulmas\u0131 olumlu ve anlaml\u0131d\u0131r&rdquo;<\/em><\/strong> a&ccedil;\u0131klamas\u0131n\u0131 yapm\u0131\u015ft\u0131. <\/span><strong><span style=\"font-size: 14pt; font-family: 'Arial',sans-serif;\">Avrupa Birli\u011fi Bakan\u0131 &Ouml;mer &Ccedil;elik<\/span><\/strong><span style=\"font-size: 12pt; font-family: 'Arial',sans-serif;\"> de hava operasyonunu <strong>&ldquo;Gecikmi\u015f m&uuml;dahale&rdquo;<\/strong> olarak alk\u0131\u015flam\u0131\u015ft\u0131.<\/span><\/p>\n<p style=\"margin-bottom: 0.0001pt; text-align: justify; text-indent: 1cm; line-height: 16pt;\"><strong><span style=\"font-size: 14pt; font-family: 'Arial',sans-serif;\">\u0130srail&rsquo;in istihbarattan sorumlu bakan\u0131 ve \u0130srail kabinesinin savunma kurulu &uuml;yesi Yisrael Katz, \u0130srail&rsquo;den &ldquo;olumlu&rdquo; kar\u015f\u0131l\u0131k bulan sald\u0131r\u0131n\u0131n faili ABD i&ccedil;in, <em>&ldquo;Sadece d&uuml;nyan\u0131n bir numaral\u0131 s&uuml;per g&uuml;c&uuml;n&uuml;n yapabilece\u011fi \u015feyler vard\u0131r. ABD, art\u0131k Ortado\u011fu&rsquo;daki b&ouml;lgesel liderli\u011fi fazlas\u0131yla geri alm\u0131\u015ft\u0131r&rdquo; ifadelerini kullanm\u0131\u015ft\u0131.[2]<\/em><\/span><\/strong><\/p>\n<p style=\"margin-bottom: 0.0001pt; text-align: justify; text-indent: 1cm; line-height: 16pt;\"><strong><span style=\"font-size: 14pt; font-family: 'Arial',sans-serif;\">ABD yanda\u015fl\u0131\u011f\u0131 AKP&rsquo;yi de kar\u0131\u015ft\u0131rm\u0131\u015ft\u0131<\/span><\/strong><\/p>\n<p style=\"margin-bottom: 0.0001pt; text-align: justify; text-indent: 1cm; line-height: 16pt;\"><span style=\"font-size: 12pt; font-family: 'Arial',sans-serif;\">AKP \u0130ktidar\u0131n\u0131n, ABD ve \u0130srail&rsquo;in Suriye sald\u0131r\u0131lar\u0131na destek olmas\u0131 ve <\/span><strong><em><span style=\"font-size: 14pt; font-family: 'Arial',sans-serif;\">&lsquo;operasyona haz\u0131r\u0131z&rsquo;<\/span><\/em><\/strong><span style=\"font-size: 12pt; font-family: 'Arial',sans-serif;\"> mesaj\u0131 AKP y&ouml;neticilerinde g&ouml;r&uuml;\u015f ayr\u0131l\u0131klar\u0131n\u0131 ortaya &ccedil;\u0131karm\u0131\u015ft\u0131. Saray&rsquo;da baz\u0131 dan\u0131\u015fmanlar\u0131n <strong><em>&lsquo;\u0130timat ve itibar\u0131m\u0131z\u0131 kaybediyoruz ne yapaca\u011f\u0131m\u0131z\u0131 bilmiyoruz&rsquo;<\/em><\/strong> diyerek &ccedil;aresizliklerini dile getirdikleri anla\u015f\u0131lm\u0131\u015ft\u0131. <strong>ABD&rsquo;li yetkililerin pe\u015f pe\u015fe T&uuml;rkiye ziyareti sonras\u0131nda ABD Suriye&rsquo;deki faaliyetlerini h\u0131zland\u0131r\u0131rken en son kimyasal silah provokasyonu ile \u015eam y&ouml;netiminin elindeki havaalan\u0131n\u0131 vurmu\u015flard\u0131. Bir CIA-MOSSAD yap\u0131m\u0131 olan provokasyon sonras\u0131 Cumhurba\u015fkan\u0131 Erdo\u011fan&rsquo;\u0131n ABD&rsquo;ye Esad y&ouml;netimine m&uuml;dahale &ccedil;a\u011fr\u0131s\u0131 yapmas\u0131, ve <span style=\"font-size: 12pt; font-family: 'Arial',sans-serif;\">&ldquo;<\/span>biz haz\u0131r\u0131z&rdquo; mesaj\u0131 vermesi AKP&rsquo;de ve dan\u0131\u015fmanlar\u0131 aras\u0131nda tart\u0131\u015fmaya yol a&ccedil;m\u0131\u015ft\u0131. Erdo\u011fan&rsquo;\u0131n ABD-\u0130srail plan\u0131na destek vermesi ile ilgili olarak dan\u0131\u015fmanlar\u0131 aras\u0131nda da g&ouml;r&uuml;\u015f ayr\u0131l\u0131\u011f\u0131 ortaya &ccedil;\u0131km\u0131\u015ft\u0131. Baz\u0131 dan\u0131\u015fmanlar 15 Temmuz darbe giri\u015fiminin arkas\u0131nda ABD&rsquo;nin oldu\u011funu vurgulayarak, Suriye&rsquo;de ABD&rsquo;ye destek vermeyi &ldquo;intihar&rdquo; olarak yorumlam\u0131\u015ft\u0131. <\/strong><\/span><\/p>\n<p style=\"margin-bottom: 0.0001pt; text-align: justify; text-indent: 1cm; line-height: 16pt;\"><strong><span style=\"font-size: 12pt; font-family: 'Arial',sans-serif;\">G&uuml;venlik gerek&ccedil;esiyle Cumhurba\u015fkan\u0131 Erdo\u011fan&rsquo;\u0131n ku\u015fat\u0131ld\u0131\u011f\u0131n\u0131 ve farkl\u0131 g&ouml;r&uuml;\u015f savunan isimlerin Erdo\u011fan&rsquo;la temas\u0131n\u0131n engellendi\u011fini savunan yak\u0131n &ccedil;evresindeki isimler de baz\u0131 dan\u0131\u015fmanlar\u0131n Erdo\u011fan&rsquo;\u0131 yanl\u0131\u015f y&ouml;nlendirdi\u011fini ifade ediyorlar. Ge&ccedil;mi\u015fte Erdo\u011fan&rsquo;la telefonla g&ouml;r&uuml;\u015fen ve s\u0131k s\u0131k bir araya gelen ama son d&ouml;nemde ona ula\u015fmakta s\u0131k\u0131nt\u0131 &ccedil;eken bir AKP&rsquo;li, <em>&ldquo;Erdo\u011fan ba\u015fkanl\u0131k sisteminden sonra Suriye konusunda tuza\u011fa d&uuml;\u015f&uuml;r&uuml;lmeye &ccedil;al\u0131\u015f\u0131l\u0131yor. \u0130&ccedil;inde bulundu\u011fu s\u0131k\u0131nt\u0131 kullan\u0131larak istediklerini yapt\u0131r\u0131yorlar. Ge&ccedil;mi\u015fte FET&Ouml;&rsquo;n&uuml;n etkin oldu\u011fu d&ouml;nemde ya\u015fananlar\u0131n bir benzeri ya\u015fan\u0131yor&rdquo;<\/em> de\u011ferlendirmesinde bulunmu\u015flard\u0131.<\/span><\/strong><\/p>\n<p style=\"margin-bottom: 0.0001pt; text-align: justify; text-indent: 1cm; line-height: 16pt;\"><strong><span style=\"font-size: 14pt; font-family: 'Arial',sans-serif;\">ABD&rsquo;nin Erdo\u011fan&rsquo;a &ldquo;<em>Zarraf \u015fantaj\u0131<\/em>&rdquo; m\u0131yd\u0131?<\/span><\/strong><\/p>\n<p style=\"margin-bottom: 0.0001pt; text-align: justify; text-indent: 1cm; line-height: 16pt;\"><strong><span style=\"font-size: 14pt; font-family: 'Arial',sans-serif;\">Erdo\u011fan&rsquo;\u0131n Rusya&rsquo;n\u0131n da tepkisine yol a&ccedil;acak &ccedil;\u0131k\u0131\u015f\u0131n\u0131 de\u011ferlendiren AKP&rsquo;li bir akademisyen \u015funlar\u0131 aktarm\u0131\u015ft\u0131:<\/span><\/strong><\/p>\n<p style=\"margin-bottom: 0.0001pt; text-align: justify; text-indent: 1cm; line-height: 16pt;\"><strong><em><span style=\"font-size: 12pt; font-family: 'Arial',sans-serif;\">&ldquo;Rusya krizi bir \u015fekilde atlat\u0131ld\u0131. Bu bize ders olmal\u0131yd\u0131. Ama son d&ouml;nemlerde yine yanl\u0131\u015f i\u015fler ba\u015flad\u0131. Hafta ba\u015f\u0131nda Bat\u0131l\u0131 bir &uuml;lkenin diplomatlar\u0131yla g&ouml;r&uuml;\u015ft&uuml;m. ABD&rsquo;de devam eden Zarrab davas\u0131n\u0131, Halkbank Genel M&uuml;d&uuml;r Yard\u0131mc\u0131s\u0131&rsquo;n\u0131n ABD&rsquo;de tutuklanmas\u0131n\u0131 hat\u0131rlatt\u0131. Cumhurba\u015fkan\u0131n\u0131n s\u0131k\u0131\u015ft\u0131\u011f\u0131 i&ccedil;in ABD&rsquo;ye taviz verdi\u011fini anlatt\u0131. Cumhurba\u015fkan\u0131m\u0131z\u0131n korkudan b&ouml;yle davrand\u0131\u011f\u0131n\u0131 imaya &ccedil;al\u0131\u015ft\u0131. Bu alg\u0131 AKP taban\u0131nda da yay\u0131lmaktayd\u0131. \u015eu anda halkoylamas\u0131na &ccedil;ok az bir s&uuml;re kald\u0131. Herkes son kozlar\u0131n\u0131 oynamaktayd\u0131. Bu karga\u015fada belki &ccedil;ok &ouml;ne &ccedil;\u0131kmad\u0131. Ama bu olay 20 g&uuml;n &ouml;nce ya\u015fansayd\u0131 16 Nisan i&ccedil;in &ccedil;oktan havlu atm\u0131\u015f olacakt\u0131k.&rdquo;<\/span><\/em><\/strong><\/p>\n<p style=\"margin-bottom: 0.0001pt; text-align: justify; text-indent: 1cm; line-height: 16pt;\"><strong><span style=\"font-size: 12pt; font-family: 'Arial',sans-serif;\">AKP&rsquo;ye yak\u0131n yazarlar da tepki koymu\u015flard\u0131<\/span><\/strong><\/p>\n<p style=\"margin-bottom: 0.0001pt; text-align: justify; text-indent: 1cm; line-height: 16pt;\"><span style=\"font-size: 12pt; font-family: 'Arial',sans-serif;\">ABD&rsquo;nin Suriye&rsquo;de \u015eam y&ouml;netimine ait hava &uuml;ss&uuml;n&uuml; vurmas\u0131n\u0131n ard\u0131ndan AKP h&uuml;k&uuml;metinden sald\u0131r\u0131ya y&ouml;nelik gelen a&ccedil;\u0131klamalara iktidar gazetelerinden baz\u0131 k&ouml;\u015fe yazarlar\u0131 da tepki koymu\u015flard\u0131. Bu yazarlardan baz\u0131lar\u0131 \u015funlard\u0131:<\/span><\/p>\n<p style=\"margin-bottom: 0.0001pt; text-align: justify; text-indent: 1cm; line-height: 16pt;\"><strong><span style=\"font-size: 12pt; font-family: 'Arial',sans-serif;\">Taner Korkmaz-Yeni \u015eafak:<\/span><\/strong><\/p>\n<p style=\"margin-bottom: 0.0001pt; text-align: justify; text-indent: 1cm; line-height: 16pt;\"><strong><em><span style=\"font-size: 12pt; font-family: 'Arial',sans-serif;\">&ldquo;Daha ge&ccedil;en ay Amerikan u&ccedil;aklar\u0131 Halep, Rakka ve Musul&rsquo;da &ccedil;o\u011fu &ccedil;ocuk be\u015f y&uuml;zden fazla masumu katletmediler mi? 16 Mart 2017&rsquo;de Halep&rsquo;in Etarib il&ccedil;esine ba\u011fl\u0131 Cine k&ouml;y&uuml;ndeki Hazreti &Ouml;mer Camisi yats\u0131 namaz\u0131 s\u0131ras\u0131nda taamm&uuml;den bombaland\u0131; yetmi\u015ften fazla masum M&uuml;sl&uuml;man, Trump&rsquo;\u0131n talimat\u0131yla katledildi!&rdquo;<\/span><\/em><\/strong><\/p>\n<p style=\"margin-bottom: 0.0001pt; text-align: justify; text-indent: 1cm; line-height: 16pt;\"><strong><span style=\"font-size: 12pt; font-family: 'Arial',sans-serif;\">\u0130brahim Karag&uuml;l-Yeni \u015eafak:<\/span><\/strong><\/p>\n<p style=\"margin-bottom: 0.0001pt; text-align: justify; text-indent: 1cm; line-height: 16pt;\"><strong><em><span style=\"font-size: 12pt; font-family: 'Arial',sans-serif;\">&ldquo;Aylar &ouml;nce &ldquo;Suriye sava\u015f\u0131 d&uuml;nya sava\u015f\u0131na d&ouml;n&uuml;\u015fmeden&rdquo; ba\u015fl\u0131kl\u0131 bir yaz\u0131da bu ihtimale dikkat &ccedil;ekerek, T&uuml;rkiye&rsquo;nin olaya bak\u0131\u015f\u0131n\u0131 de\u011fi\u015ftirmesinin zorunlulu\u011funa dikkat &ccedil;ekmeye &ccedil;al\u0131\u015ft\u0131m. Endi\u015fem; olay\u0131, &ldquo;Esed&rsquo;in devrilmesi&rdquo; parantezine s\u0131k\u0131\u015ft\u0131r\u0131p b&uuml;y&uuml;k oyunu, yeni harita planlar\u0131n\u0131, Bat\u0131&rsquo;n\u0131n ve Do\u011fu&rsquo;nun merkez g&uuml;&ccedil;ler aras\u0131ndaki g&uuml;&ccedil; m&uuml;cadelesini g&ouml;rememe ihtimalimizdi. Baz\u0131 \u015feyleri g&ouml;r&uuml;yor olsak da, birilerinin bizi belli parantezlere s\u0131k\u0131\u015ft\u0131rmaya &ccedil;al\u0131\u015fmas\u0131 korkusuydu.&rdquo; (Karag&uuml;l bir g&uuml;n &ouml;nceki yaz\u0131s\u0131nda da Suriye&rsquo;deki geli\u015fmelere kar\u015f\u0131 temkinli olunmas\u0131 gerekti\u011fini s&ouml;ylemi\u015fti.)<\/span><\/em><\/strong><\/p>\n<p style=\"margin-bottom: 0.0001pt; text-align: justify; text-indent: 1cm; line-height: 16pt;\"><strong><span style=\"font-size: 12pt; font-family: 'Arial',sans-serif;\">&Ouml;zlem Albayrak- Yeni\u015fafak:<\/span><\/strong><\/p>\n<p style=\"margin-bottom: 0.0001pt; text-align: justify; text-indent: 1cm; line-height: 16pt;\"><strong><span style=\"font-size: 12pt; font-family: 'Arial',sans-serif;\">&ldquo;Do\u011frusu, ben de Trump&rsquo;\u0131n, pek &ccedil;ok analizde tespit edildi\u011fi gibi, i&ccedil; kamuoyunda kendisine y&ouml;nelmi\u015f olan Rusya&rsquo;yla ili\u015fki \u015faibesini ortadan kald\u0131rmak i&ccedil;in \u0130dlib&rsquo;e kimyasal silah atan askeri &uuml;ss&uuml; vurdu\u011funu d&uuml;\u015f&uuml;n&uuml;yorum.&rdquo;<\/span><\/strong><\/p>\n<p style=\"margin-bottom: 0.0001pt; text-align: justify; text-indent: 1cm; line-height: 16pt;\"><strong><span style=\"font-size: 12pt; font-family: 'Arial',sans-serif;\">Erg&uuml;n Diler- Takvim :<\/span><\/strong><\/p>\n<p style=\"margin-bottom: 0.0001pt; text-align: justify; text-indent: 1cm; line-height: 16pt;\"><strong><em><span style=\"font-size: 12pt; font-family: 'Arial',sans-serif;\">&ldquo;Suriye&rsquo;yi g&ouml;rd&uuml;n&uuml;z! Kimyasal silahlarla &ccedil;ocuklar &ouml;ld&uuml;r&uuml;l&uuml;yor! Bunu yapan Esad&rsquo;a kar\u015f\u0131 olan g&uuml;&ccedil;! Ayn\u0131 zamanda Rusya&rsquo;ya! Kim olabilir bu! Rothscildler&hellip; Bir ta\u015fla birden fazla ku\u015f vurmak bunlar\u0131n i\u015fi, becerisi&hellip;&rdquo;<\/span><\/em><\/strong><\/p>\n<p style=\"margin-bottom: 0.0001pt; text-align: justify; text-indent: 1cm; line-height: 16pt;\"><strong><span style=\"font-size: 12pt; font-family: 'Arial',sans-serif;\">&ldquo;&Uuml;lkemizin bu kadar \u0130&Ccedil; VE DI\u015e SORUNU varken ve de SUR\u0130YE musibeti vesilesiyle SAVA\u015e kap\u0131m\u0131za dayanm\u0131\u015fken, bu referandum neyin nesi olmaktayd\u0131?&rdquo; <em>SUR\u0130YE ba\u015fta olmak &uuml;zere, bu kadar olaylar oluyorken, bizim y&ouml;neticilerimiz referandumla oyalan(d\u0131r\u0131l)\u0131yorlarsa; ben bu duruma intihar ve TUZAK demek zorunday\u0131m&rdquo; tespitleri hakl\u0131yd\u0131.<\/em><\/span><\/strong><\/p>\n<p style=\"margin-bottom: 0.0001pt; text-align: justify; text-indent: 1cm; line-height: 16pt;\"><strong><span style=\"font-size: 14pt; font-family: 'Arial',sans-serif;\">&Uuml;stat S&uuml;leyman Karag&uuml;lle&rsquo;nin Erdo\u011fan&rsquo;la ilgili \u015fu hayret ve yan\u0131lg\u0131lar\u0131 anlaml\u0131yd\u0131!<\/span><\/strong><\/p>\n<p style=\"margin-bottom: 0.0001pt; text-align: justify; text-indent: 1cm; line-height: 16pt;\"><span style=\"font-size: 12pt; font-family: 'Arial',sans-serif;\">&ldquo;Benim 60 senedir yapt\u0131\u011f\u0131m hesaplarla olaylar\u0131 a&ccedil;\u0131kl\u0131yorum, ama bug&uuml;n Erdo\u011fan&rsquo;\u0131n neden bunu bu kadar canla ba\u015fla savundu\u011funu hen&uuml;z anlayamad\u0131m. Bah&ccedil;eli&rsquo;nin de bunu neden ortaya koydu\u011funu ve kimin ad\u0131na bunu yapt\u0131\u011f\u0131n\u0131 kavrayamad\u0131m. <strong><em>(Oysa bize g&ouml;re, Erdo\u011fan&rsquo;\u0131n iktidar ve saltanat h\u0131rs\u0131yla Amerika&rsquo;n\u0131n tuza\u011f\u0131na tak\u0131lmas\u0131; Cenab\u0131 Hakk\u0131n &lsquo;hayr&uuml;l makirin&rsquo; olarak ona tuzak haz\u0131rlamas\u0131d\u0131r.) <\/em>Kur&rsquo;an ve sosyolojik bilgime g&ouml;re bunlar\u0131 a&ccedil;\u0131klayam\u0131yorum.<\/strong> Bu sebeple kendi usul&uuml;mden ve bilgimden ku\u015fkulanmaya ba\u015flad\u0131m. T&uuml;rkiye&rsquo;deki yo\u011fun propaganday\u0131 AKP ad\u0131na Sermaye yapmaktayd\u0131. Sermaye benzer oyunu ABD&rsquo;de oynam\u0131\u015ft\u0131. Trump aleyhinde propaganda yapm\u0131\u015f b&ouml;ylece onu iktidara ta\u015f\u0131m\u0131\u015ft\u0131. \u015eimdi ona istediklerini yapt\u0131rmaktayd\u0131. T&uuml;rkiye&rsquo;de e\u011fer halk &lsquo;Evet&rsquo; verirse, Sermaye derin bir nefes alacak, <strong><em>&ldquo;Yolunu buldum, aksini savunurum, istedi\u011fim sonucu cebime koyar\u0131m&rdquo;<\/em><\/strong> diyerek s&ouml;m&uuml;r&uuml; saltanat\u0131n\u0131 s&uuml;rd&uuml;rm&uuml;\u015f olacakt\u0131. Sermaye kendi mekrince kar\u015f\u0131 takti\u011fi bulmu\u015ftu; <\/span><strong><em><span style=\"font-size: 14pt; font-family: 'Arial',sans-serif;\">istemedi\u011fini savunmak, sonunda istedi\u011finin olmas\u0131n\u0131 sa\u011flamak&hellip; <\/span><\/em><\/strong><span style=\"font-size: 12pt; font-family: 'Arial',sans-serif;\">ABD&rsquo;deki ba\u015fkanl\u0131k se&ccedil;iminde Cumhuriyet&ccedil;ileri iktidar edemeyince Demokrat kesildi ve kendisine kar\u015f\u0131 imi\u015f gibi davranan Trump&rsquo;\u0131n iktidar olmas\u0131n\u0131 sa\u011flad\u0131. Maalesef iktidar\u0131n bir hastal\u0131\u011f\u0131 vard\u0131r. Bu \u015fekilde iktidar edilen kendisi oldum zanneder ve hatta kendisini iktidar edenlere kafa tutar, ama onlara hizmetk&acirc;rl\u0131k yapar! Trump&rsquo;\u0131n ve Erdo\u011fan&rsquo;\u0131n durumu budur. Ama unutulmas\u0131n ki: <strong>Sonunda Allah&rsquo;\u0131n dedi\u011fi olur.&rdquo;<\/strong><\/span><\/p>\n<p style=\"margin-bottom: 0.0001pt; text-align: justify; text-indent: 1cm; line-height: 16pt;\"><strong><span style=\"font-size: 14pt; font-family: 'Arial',sans-serif;\">&Uuml;retime dayal\u0131 Milli Ekonominin yerini, t&uuml;ketime ve faizli d\u0131\u015f bor&ccedil; ipote\u011fine dayal\u0131 &ldquo;s&ouml;m&uuml;rge ekonomisi&rdquo; alm\u0131\u015ft\u0131!<\/span><\/strong><\/p>\n<p style=\"margin-bottom: 0.0001pt; text-align: justify; text-indent: 1cm; line-height: 16pt;\"><strong><span style=\"font-size: 12pt; font-family: 'Arial',sans-serif;\">&ldquo;Ekonomik b&uuml;y&uuml;menin, milli geliri y&uuml;kseltmenin yolu &uuml;retmekten ge&ccedil;er&rdquo; ger&ccedil;e\u011fini AKP&rsquo;liler b&uuml;y&uuml;menin, milli geliri art\u0131rman\u0131n yolu en kestirme olarak &ldquo;istatistiklere takla att\u0131rmaktan&rdquo; ge&ccedil;er &ccedil;&uuml;nk&uuml; istatistikleri, verileri istedi\u011finiz gibi e\u011fip b&uuml;kerek, &ccedil;ekip uzatarak her t&uuml;rl&uuml; sonucu alabilmenin m&uuml;mk&uuml;n oldu\u011funu ispatlad\u0131lar. Bunun b&ouml;yle oldu\u011funu &ldquo;bir gecede 3&rsquo;e katlanan milli gelir&rdquo;de ya\u015fad\u0131k. Birisi de &ccedil;\u0131k\u0131p bir anda milli gelir 3 bin 500 dolardan 10 bin dolara nas\u0131l &ccedil;\u0131kar diye sormad\u0131. Daha do\u011frusu bir&ccedil;ok kimse bunu hat\u0131rlatt\u0131, ancak bu soru \u0131srarla yan\u0131ts\u0131z b\u0131rak\u0131ld\u0131. 5 sene gibi bir s&uuml;rede milli geliri 3&rsquo;e katlaman\u0131n, y\u0131ll\u0131k y&uuml;zde 35-40 b&uuml;y&uuml;me gibi ak\u0131l, mant\u0131k ve matematik d\u0131\u015f\u0131 bir durum oldu\u011fu bile dikkatlerden ka&ccedil;\u0131r\u0131ld\u0131. Ve b&ouml;yle bir b&uuml;y&uuml;menin ya\u015fanmad\u0131\u011f\u0131 da konu\u015fulamad\u0131. Bu ak\u0131ld\u0131\u015f\u0131 durum (daha do\u011frusu hesap oyunu) ger&ccedil;ek olarak kabul ediliyor ve &uuml;zerine de vaatler, nutuklar kurgulan\u0131yor. H&acirc;lbuki matematik diye bir ger&ccedil;ek var, hayat\u0131n ger&ccedil;ekleri var, insanlar\u0131n deneyimleri var. Bu s&ouml;ylenen milli gelir art\u0131\u015f\u0131 (ka\u011f\u0131t &uuml;st&uuml;nde de\u011fil de) ger&ccedil;ekten olmu\u015f olsayd\u0131, bu kadar kredi ve kredi kart\u0131 bor&ccedil;lusu olmazd\u0131. Geliri artm\u0131\u015f olan bir kimse, mant\u0131ken maddi olarak rahatlam\u0131\u015ft\u0131r ve gidip de bankaya bor&ccedil;lanmas\u0131 ak\u0131l d\u0131\u015f\u0131yd\u0131&hellip;&rdquo;[3]<\/span><\/strong><\/p>\n<p style=\"margin-bottom: 0.0001pt; text-align: justify; text-indent: 1cm; line-height: 16pt;\"><strong><span style=\"font-size: 14pt; font-family: 'Arial',sans-serif;\">Yayg\u0131nla\u015fan HASTANE&rsquo;ler &ouml;zel (k&uuml;resel) sermayenin katmerli k&acirc;r kap\u0131s\u0131yd\u0131!<\/span><\/strong><\/p>\n<p style=\"margin-bottom: 0.0001pt; text-align: justify; text-indent: 1cm; line-height: 16pt;\"><strong><span style=\"font-size: 12pt; font-family: 'Arial',sans-serif;\">Hen&uuml;z kendi <\/span><\/strong><strong><span style=\"font-size: 14pt; font-family: 'Arial',sans-serif;\">yerli a\u015f\u0131s\u0131n\u0131<\/span><\/strong><strong><span style=\"font-size: 12pt; font-family: 'Arial',sans-serif;\"> bile yapamayan AKP iktidar\u0131, <\/span><\/strong><strong><span style=\"font-size: 14pt; font-family: 'Arial',sans-serif;\">\u015eehir Hastanelerini<\/span><\/strong><strong><span style=\"font-size: 12pt; font-family: 'Arial',sans-serif;\"> bile dolayl\u0131 bi&ccedil;imde &ouml;zel sermayenin istifadesine sunmu\u015flar ve %71 m&uuml;\u015fteri garantisi sa\u011flam\u0131\u015flard\u0131. &Ccedil;o\u011fu d\u0131\u015far\u0131dan al\u0131nan, yan etkileri ve tahrip kapasitesi &ccedil;ok y&uuml;ksek ila&ccedil;lar ve reklamlarla yayg\u0131nla\u015ft\u0131r\u0131lan haz\u0131r yiyecek ve me\u015frubatlar yan\u0131nda ahlaki ve ailevi yozla\u015fmalar &ccedil;e\u015fitli hastal\u0131klar\u0131 azd\u0131r\u0131rken, kurulan hastaneler, bunlar\u0131n ihtiyac\u0131 olan teknolojik gere&ccedil;ler de yine yurt d\u0131\u015f\u0131ndan sat\u0131n al\u0131nmaktayd\u0131. D\u0131\u015f bor&ccedil; 700 milyar dolar\u0131 a\u015fm\u0131\u015f, art\u0131k Ziraat ve Halk Bankalar\u0131 ipotek al\u0131nm\u0131\u015f ve 500 tonluk alt\u0131n rezervimizin 460 tonu \u0130ngiltere&rsquo;ye rehin b\u0131rak\u0131lm\u0131\u015ft\u0131. <\/span><\/strong><\/p>\n<p style=\"margin-bottom: 0.0001pt; text-align: justify; text-indent: 1cm; line-height: 16pt;\"><strong><span style=\"font-size: 14pt; font-family: 'Arial',sans-serif;\">Ahlaki ve ailevi tahribat korkun&ccedil; boyutlara ula\u015fm\u0131\u015ft\u0131!<\/span><\/strong><\/p>\n<p style=\"margin-bottom: 0.0001pt; text-align: justify; text-indent: 1cm; line-height: 16pt;\"><strong><span style=\"font-size: 12pt; font-family: 'Arial',sans-serif;\">Ankara &Uuml;niversitesi T\u0131p Fak&uuml;ltesi Halk Sa\u011fl\u0131\u011f\u0131 Anabilim Dal\u0131 &Uuml;yesi Prof. Dr. Ay\u015feg&uuml;l Akbay, T&uuml;rkiye&rsquo;deki fuhu\u015f sekt&ouml;r&uuml; ile ilgili &ccedil;arp\u0131c\u0131 veriler payla\u015fm\u0131\u015ft\u0131. Ona g&ouml;re, &ldquo;T&uuml;rkiye&rsquo;de g&uuml;ncel seks &ccedil;al\u0131\u015fan\u0131 say\u0131s\u0131 150 bini a\u015fm\u0131\u015ft\u0131. Toplam resmi tescilli seks i\u015f&ccedil;ilerinin say\u0131s\u0131 15 bin, vesika bekleyen hayat kad\u0131n\u0131 say\u0131s\u0131 30 bin kadard\u0131 ve hayat kad\u0131nlar\u0131n\u0131n ya\u015f ortalamas\u0131 15-40 aras\u0131ndayd\u0131. Bunun yan\u0131nda fuhu\u015f pazar\u0131nda namusunu satanlar\u0131n toplam say\u0131s\u0131n\u0131n 400 binden fazla oldu\u011fu konu\u015fulmaktayd\u0131. Prof. Akbay, Milliyet&#8217;ten Ay\u015feg&uuml;l Kahvecio\u011flu&#8217;na \u015funlar\u0131 aktarm\u0131\u015ft\u0131:<\/span><\/strong><\/p>\n<p style=\"margin-bottom: 0.0001pt; text-align: justify; text-indent: 1cm; line-height: 16pt;\"><strong><span style=\"font-size: 12pt; font-family: 'Arial',sans-serif;\">&#8220;Genelev olan illerde, toplam kay\u0131tl\u0131 kad\u0131n say\u0131s\u0131 2 bin 661 olarak belirlenmi\u015f durumdayd\u0131. Fakat, Ankara Ticaret Odas\u0131&rsquo;n\u0131n 2004 tarihli bir raporuna g&ouml;re, toplam hayat kad\u0131n\u0131 say\u0131s\u0131 100 bin kadard\u0131. Faaliyet g&ouml;steren 56 genelevdeki 3 bin kay\u0131tl\u0131 kad\u0131n\u0131n d\u0131\u015f\u0131nda, toplam tescilli seks i\u015f&ccedil;ilerinin say\u0131s\u0131 15 bin, vesika bekleyen hayat kad\u0131n\u0131 say\u0131s\u0131 30 bini bulmaktayd\u0131 ve hayat kad\u0131nlar\u0131n\u0131n ya\u015f ortalamas\u0131 15-40 aras\u0131ndayd\u0131. Ama bu rakamlar 12 y\u0131l &ouml;ncesine ait bulunmaktayd\u0131 ve 2004&rsquo;ten sonras\u0131 i&ccedil;in ciddi bir &ccedil;al\u0131\u015fma yap\u0131lmam\u0131\u015ft\u0131. D&uuml;nya genelinde, 42 milyonun &uuml;zerinde seks i\u015f&ccedil;isi var say\u0131lmaktayd\u0131. Basit bir hesapla, T&uuml;rkiye&rsquo;nin d&uuml;nya n&uuml;fusuna oran\u0131na bakarak, T&uuml;rkiye&rsquo;de g&uuml;ncel seks &ccedil;al\u0131\u015fan\u0131 say\u0131s\u0131n\u0131n 150 bini a\u015ft\u0131\u011f\u0131 anla\u015f\u0131lmaktayd\u0131. Yani, kay\u0131tl\u0131 bir seks i\u015f&ccedil;i ba\u015f\u0131na 9 kay\u0131ts\u0131z ki\u015fi, seks sekt&ouml;r&uuml;nde &ccedil;al\u0131\u015fmaktayd\u0131. Zorla fuhu\u015fa s&uuml;r&uuml;klenen kurbanlar\u0131n &ouml;yk&uuml;lerini medyadaki &lsquo;reality show&rsquo;lardan izliyoruz. Fuhu\u015fa itilen k\u0131zlar neredeyse 13-14 ya\u015f alt s\u0131n\u0131r\u0131ndayd\u0131.. Suriyeli g&ouml;&ccedil;menlerin i&ccedil;inde bulunduklar\u0131 k&ouml;t&uuml; ko\u015fullar sebebiyle fuhu\u015fa alet olduklar\u0131 ortaya &ccedil;\u0131km\u0131\u015ft\u0131. G&ouml;&ccedil;men seks i\u015f&ccedil;ilerinin durumu, yerlilerden &ccedil;ok daha k&ouml;t&uuml; ve sorun \u015fimdilik ask\u0131dayd\u0131.&#8221; <\/span><\/strong><\/p>\n<p style=\"margin-bottom: 0.0001pt; text-align: justify; text-indent: 1cm; line-height: 16pt;\"><strong><span style=\"font-size: 14pt; font-family: 'Arial',sans-serif;\">&ldquo;Seks i\u015f&ccedil;isi&rdquo;<\/span><\/strong><strong><span style=\"font-size: 12pt; font-family: 'Arial',sans-serif;\"> denilerek fahi\u015feli\u011fin ve rezaletin masumla\u015ft\u0131r\u0131lmaya hatta me\u015frula\u015ft\u0131r\u0131lmaya &ccedil;al\u0131\u015f\u0131lmas\u0131, AKP iktidar\u0131nda h\u0131zla artm\u0131\u015f ve AB dayatmas\u0131 serbestlik kanunlar\u0131yla, ahlaki ve ailevi yap\u0131m\u0131z y\u0131k\u0131lmaya ba\u015flanm\u0131\u015ft\u0131. <\/span><\/strong><\/p>\n<p style=\"margin-bottom: 0.0001pt; text-align: justify; text-indent: 1cm; line-height: 16pt;\"><strong><span style=\"font-size: 14pt; font-family: 'Arial',sans-serif;\">Bunca hakaret ve tahribata ra\u011fmen Mevl&uuml;t &Ccedil;avu\u015fo\u011flunun h&acirc;l&acirc; <em>&ldquo;16 Nisan&rsquo;dan sonra AB ile kald\u0131\u011f\u0131m\u0131z yerden devam edece\u011fiz&rdquo;<\/em> s&ouml;zleri tam bir k&ouml;lelik mant\u0131\u011f\u0131n\u0131 yans\u0131tmaktayd\u0131.<\/span><\/strong><\/p>\n<p style=\"margin-bottom: 0.0001pt; text-align: justify; text-indent: 1cm; line-height: 16pt;\"><span style=\"font-size: 12pt; font-family: 'Arial',sans-serif;\">D\u0131\u015fi\u015fleri Bakan\u0131 Mevl&uuml;t &Ccedil;avu\u015fo\u011flu&rsquo;nun: <strong><em>&ldquo;Avrupa Birli\u011fi ile de 1990&#8217;l\u0131 y\u0131llarda imzalanan G&uuml;mr&uuml;k Birli\u011fi anla\u015fmas\u0131n\u0131 g&uuml;ncelle\u015ftirmek i&ccedil;in m&uuml;zakerelere ba\u015flad\u0131k. &Uuml;&ccedil; tur m&uuml;zakereler yap\u0131ld\u0131 ve 16 Nisan&#8217;dan sonra AB ile kald\u0131\u011f\u0131m\u0131z yerden devam edece\u011fiz&#8221;<\/em> <\/strong>s&ouml;zleri tam bir skandald\u0131. D\u0131\u015fi\u015fleri Bakan\u0131 Mevl&uuml;t &Ccedil;avu\u015fo\u011flu, <strong><em>&ldquo;Antalya \u0130\u015fadamlar\u0131 Derne\u011fi&rsquo;nin (ANT\u0130AD) toplant\u0131s\u0131nda yapt\u0131\u011f\u0131 a&ccedil;\u0131klamada Avrupa Birli\u011fi&rsquo;ne ili\u015fkin mide buland\u0131r\u0131c\u0131 a&ccedil;\u0131klamalar yapm\u0131\u015ft\u0131. Serbest ticaret anla\u015fmalar\u0131 imzalamam\u0131z gerekti\u011fini belirten &Ccedil;avu\u015fo\u011flu, Avrupa Birli\u011fi ile de 1990&#8217;l\u0131 y\u0131llarda imzalanan G&uuml;mr&uuml;k Birli\u011fi anla\u015fmas\u0131n\u0131 g&uuml;ncelle\u015ftirmek i&ccedil;in m&uuml;zakerelere ba\u015flad\u0131k. &Uuml;&ccedil; tur m&uuml;zakereler yap\u0131ld\u0131 ve 16 Nisan&#8217;dan sonra AB ile kald\u0131\u011f\u0131m\u0131z yerden devam edece\u011fiz. Her iki taraf\u0131n da bu konuda kararl\u0131l\u0131\u011f\u0131 var. AB kendi kurullar\u0131ndan m&uuml;zakereler i&ccedil;in karar &ccedil;\u0131kard\u0131. G&uuml;n&uuml;m&uuml;z ekonomik anlay\u0131\u015f\u0131n\u0131 yans\u0131tm\u0131yor, bunu g&uuml;ncellememiz laz\u0131m&rdquo;<\/em><\/strong> diyecek kadar ayars\u0131zla\u015fm\u0131\u015ft\u0131.<\/span><\/p>\n<p style=\"margin-bottom: 0.0001pt; text-align: justify; text-indent: 1cm; line-height: 16pt;\"><span style=\"font-size: 12pt; font-family: 'Arial',sans-serif;\"><\/span><\/p>\n<p>&nbsp;<\/p>\n<hr style=\"text-align: left;\" width=\"33%\" size=\"1\" \/>\n<p><a href=\"#ftnref1\" id=\"ftn1\" style=\"vertical-align: super;\">[1]<\/a><span style=\"font-size: 9pt; font-family: 'Arial',sans-serif;\"> Bak: 11.04.2017, Afi\u015fler ger&ccedil;e\u011fi yans\u0131tm\u0131yor, Mehmet Y. Y\u0131lmaz<\/span><\/p>\n<p><a href=\"#ftnref2\" id=\"ftn2\" style=\"vertical-align: super;\">[2]<\/a><span style=\"font-size: 9pt; font-family: 'Arial',sans-serif;\"> Bak: 08.04.2017, Milli Gazete<\/span><\/p>\n<p><a href=\"#ftnref3\" id=\"ftn3\" style=\"vertical-align: super;\">[3]<\/a><span style=\"font-size: 9pt; font-family: 'Arial',sans-serif;\"> <a href=\"mailto:burakkillioglu@milligazete.com.tr\">burakkillioglu@milligazete.com.tr<\/a><\/span><\/p>\n","protected":false},"excerpt":{"rendered":"<p>D&uuml;nyam\u0131zdaki tabii hayat\u0131n hoyrat&ccedil;a tahribat\u0131, h\u0131zla artan ahlaki yozla\u015fmalar ve zul&uuml;m-s&ouml;m&uuml;r&uuml; &ccedil;arklar\u0131 y&uuml;z&uuml;nden do\u011fal tufanlar\u0131n (deprem, tsunami ve kas\u0131rga benzeri felaket olaylar\u0131n\u0131n) &ccedil;o\u011falmas\u0131 gibi; Hak davas\u0131na ve halk\u0131na ra\u011fmen iktidar h\u0131rs\u0131yla i\u015fbirlik&ccedil;ili\u011fe raz\u0131 olan AKP&rsquo;nin; ekonomik, siyasi ve ahlaki y\u0131k\u0131m icraatlar\u0131 nedeniyle ba\u015f\u0131na gelebilecek bir &ldquo;SOSYAL TUFAN&rdquo; olduk&ccedil;a yak\u0131nd\u0131r ve bu &ldquo;s&uuml;nnetullah = \u0130lahi adalet [&hellip;]<\/p>\n","protected":false},"author":4,"featured_media":0,"comment_status":"open","ping_status":"closed","sticky":false,"template":"","format":"standard","meta":{"footnotes":""},"categories":[98],"tags":[],"class_list":["post-4284","post","type-post","status-publish","format-standard","hentry","category-ozel-yazilar"],"_links":{"self":[{"href":"https:\/\/www.millicozum.com\/mc\/wp-json\/wp\/v2\/posts\/4284","targetHints":{"allow":["GET"]}}],"collection":[{"href":"https:\/\/www.millicozum.com\/mc\/wp-json\/wp\/v2\/posts"}],"about":[{"href":"https:\/\/www.millicozum.com\/mc\/wp-json\/wp\/v2\/types\/post"}],"author":[{"embeddable":true,"href":"https:\/\/www.millicozum.com\/mc\/wp-json\/wp\/v2\/users\/4"}],"replies":[{"embeddable":true,"href":"https:\/\/www.millicozum.com\/mc\/wp-json\/wp\/v2\/comments?post=4284"}],"version-history":[{"count":0,"href":"https:\/\/www.millicozum.com\/mc\/wp-json\/wp\/v2\/posts\/4284\/revisions"}],"wp:attachment":[{"href":"https:\/\/www.millicozum.com\/mc\/wp-json\/wp\/v2\/media?parent=4284"}],"wp:term":[{"taxonomy":"category","embeddable":true,"href":"https:\/\/www.millicozum.com\/mc\/wp-json\/wp\/v2\/categories?post=4284"},{"taxonomy":"post_tag","embeddable":true,"href":"https:\/\/www.millicozum.com\/mc\/wp-json\/wp\/v2\/tags?post=4284"}],"curies":[{"name":"wp","href":"https:\/\/api.w.org\/{rel}","templated":true}]}}