{"id":4360,"date":"2017-08-07T22:00:00","date_gmt":"2017-08-07T22:00:00","guid":{"rendered":"https:\/\/www.millicozum.com\/mc\/2017\/08\/07\/haydar-bascilarin-ve-sozcu-yazarlarinin-erbakan-kicikligi-batinin-ve-baticilarin-fikir-atasi-platonun-sapkinligi\/"},"modified":"2017-08-07T22:00:00","modified_gmt":"2017-08-07T22:00:00","slug":"haydar-bascilarin-ve-sozcu-yazarlarinin-erbakan-kicikligi-batinin-ve-baticilarin-fikir-atasi-platonun-sapkinligi","status":"publish","type":"post","link":"https:\/\/www.millicozum.com\/mc\/ozel-yazilar\/haydar-bascilarin-ve-sozcu-yazarlarinin-erbakan-kicikligi-batinin-ve-baticilarin-fikir-atasi-platonun-sapkinligi\/","title":{"rendered":"Haydar Ba\u015f\u2019c\u0131lar\u0131n ve S\u00f6zc\u00fc Yazarlar\u0131n\u0131n ERBAKAN KICIKLI\u011eI Bat\u0131\u2019n\u0131n ve Bat\u0131c\u0131lar\u0131n Fikir Atas\u0131 PLATON\u2019UN SAPKINLI\u011eI"},"content":{"rendered":"\n<p style=\"margin-bottom: 0.0001pt; text-align: justify; text-indent: 1cm; line-height: 16pt;\"><strong><span style=\"font-size: 14pt; font-family: 'Arial',sans-serif;\">Sahte \u015feyh ve sahte Profes&ouml;r Haydar Ba\u015f&rsquo;\u0131n Bas\u0131n M&uuml;ritlerinden Yusuf Karaca; &ldquo;Erbakan FET&Ouml; ile m&uuml;cadele etmedi&rdquo; yaz\u0131s\u0131nda \u015fu safsatalar\u0131 z\u0131rvalam\u0131\u015ft\u0131: <\/span><\/strong><\/p>\n<p style=\"margin-bottom: 0.0001pt; text-align: justify; text-indent: 1cm; line-height: 16pt;\"><strong><em><span style=\"font-size: 12pt; font-family: 'Arial',sans-serif;\">&ldquo;<\/span><\/em><\/strong><strong><em><span style=\"font-size: 12pt; font-family: 'Arial',sans-serif;\">Bug&uuml;n, ke&ccedil;ilerden s&ouml;z edecektim. D&uuml;nden s&ouml;z&uuml;m vard\u0131 ama farkl\u0131 bir g&uuml;ndemin i&ccedil;ine d&uuml;\u015ft&uuml;m!&nbsp;Say\u0131n Binali Y\u0131ld\u0131r\u0131m, <\/span><\/em><\/strong><strong><em><span style=\"font-size: 12pt; font-family: 'Arial',sans-serif;\">&ldquo;FET&Ouml; ile bug&uuml;ne kadar, iki isim m&uuml;cadele etmi\u015ftir. Biri merhum Erbakan, di\u011feri Say\u0131n Erdo\u011fan&rsquo;d\u0131r&rdquo;<\/span><\/em><\/strong><strong><em><span style=\"font-size: 12pt; font-family: 'Arial',sans-serif;\"> deyince, ke&ccedil;ileri ka&ccedil;\u0131rd\u0131m!.. Say\u0131n Erdo\u011fan&rsquo;\u0131n &ldquo;17\/25 Aral\u0131k&rdquo;tan sonras\u0131na bir \u015fey diyemem ama <\/span><\/em><\/strong><strong><em><span style=\"font-size: 12pt; font-family: 'Arial',sans-serif;\">&ldquo;Erbakan&rsquo;\u0131n FET&Ouml; ile m&uuml;cadele etti\u011fi&rdquo; iddias\u0131, kesinlikle yanl\u0131\u015f. Te\u015fkilat\u0131n\u0131 G&uuml;len&rsquo;e kapt\u0131ran bir insana,<\/span><\/em><\/strong><strong><em><span style=\"font-size: 12pt; font-family: 'Arial',sans-serif;\"> &ldquo;FET&Ouml; ile m&uuml;cadele etti!&rdquo; demek, ger&ccedil;ek&ccedil;i de\u011fil. Aralar\u0131ndaki rekabet, koltuk rekabetiydi&hellip; Say\u0131n Haydar Ba\u015f, Erbakan&rsquo;a 10 ki\u015filik bir ekip g&ouml;nderdi.&nbsp;Ekibin Ba\u015f\u0131nda Do&ccedil;. Dr. Ahmet Kepek&ccedil;i vard\u0131. Erbakan, G&uuml;len ve G&uuml;len&rsquo;in &ldquo;Diyalog&rdquo; dini konusunda, uyar\u0131lar\u0131 hi&ccedil; dikkate almad\u0131. Ve ekibi dinlemeyen Erbakan&rsquo;a Say\u0131n Kepek&ccedil;i, herkesin huzurunda &ldquo;Allah Belan\u0131 Verecek!&rdquo; diyerek ayr\u0131ld\u0131.&rdquo; Dinlenilmedi, Allah &uuml;lke olarak belam\u0131z\u0131 verdi.&rdquo;[1]<\/span><\/em><\/strong><\/p>\n<p style=\"margin-top: 0cm; margin-right: 0cm; margin-bottom: 0.0001pt; text-align: justify; text-indent: 1cm; line-height: 16pt;\"><strong><span style=\"font-family: 'Arial',sans-serif;\"><span style=\"font-size: 12pt;\">Oysa,<\/span> <\/span><\/strong><strong><span style=\"font-size: 14pt; font-family: 'Arial',sans-serif;\">Haydar Ba\u015f<\/span><\/strong><strong><span style=\"font-family: 'Arial',sans-serif;\"><span style=\"font-size: 12pt;\">, m&uuml;ritlerinin nikahl\u0131 kar\u0131s\u0131n\u0131 ayart\u0131rken&hellip; D&ouml;rt kar\u0131yla ve cariye hatunlarla \u015fehvet saltanat\u0131 s&uuml;rerken&hellip; Sahte icazetli \u015feyhlik istismar\u0131yla nice beyinsizlerin paras\u0131n\u0131 ve duygular\u0131n\u0131 s&ouml;m&uuml;r&uuml;rken&hellip; Azerbaycan &Uuml;niversitesinden para ile sat\u0131n ald\u0131\u011f\u0131<\/span> <\/span><\/strong><strong><em><span style=\"font-size: 14pt; font-family: 'Arial',sans-serif;\">sahte profes&ouml;rl&uuml;k diplomas\u0131n\u0131,<\/span><\/em><\/strong><span style=\"font-size: 12pt;\"><span style=\"font-size: 14pt; font-family: 'Arial',sans-serif;\"> <\/span><strong><span style=\"font-family: 'Arial',sans-serif;\">kendisine Fetullah&ccedil;\u0131lar\u0131n ve CIA elemanlar\u0131n\u0131n ayarlad\u0131\u011f\u0131n\u0131 bu zavall\u0131lar her halde bilmemekteydi. S&uuml;nni \u0130slam ve Erbakan aleyhine Fetullah&rsquo;\u0131 kullanan CIA&rsquo;n\u0131n, \u0130ran&rsquo;daki <em>&ldquo;Ehli S&uuml;nnet aleyhine, \u0130slami akideyi dejenere etme hevesiyle, Ehli Beyt sevgisi k\u0131l\u0131fl\u0131 \u015eiili\u011fin sapk\u0131n d&uuml;\u015f&uuml;ncelerini&rdquo;<\/em> T&uuml;rkiye&rsquo;de yayg\u0131nla\u015ft\u0131rma g&ouml;revi de Haydar Ba\u015f&rsquo;a verilmi\u015fti. Fetullah G&uuml;len hareketi de, AKP h&uuml;k&uuml;metleri de, Haydar Ba\u015f ve ekibi de, hepsi Erbakan&rsquo;\u0131 etkisiz k\u0131lmak ve te\u015fkilatlar\u0131n\u0131 bo\u015faltmak isteyen Siyonist Lobilerin, ABD&rsquo;nin ve CIA \u015feflerinin destekledi\u011fi ki\u015filer ve organizelerdi. Bunlar\u0131n birbirlerine at\u0131p tutmalar\u0131 rolleri gere\u011fi idi. Zira Haydar Ba\u015f&rsquo;\u0131n bir d&ouml;nem Erbakan&rsquo;\u0131n partisinin \u0130l Ba\u015fkanl\u0131\u011f\u0131n\u0131 yapt\u0131\u011f\u0131n\u0131, Ona &ouml;vg&uuml;ler ya\u011fd\u0131rd\u0131\u011f\u0131n\u0131 ve elini &ouml;pmek i&ccedil;in f\u0131rsat kollad\u0131\u011f\u0131n\u0131 herkes bilmekteydi. &Ouml;nce te\u015fkilat elemanlar\u0131n\u0131 Erbakan&rsquo;dan koparmak, sonra da Ehli S&uuml;nnet d&uuml;\u015f&uuml;ncesini yozla\u015ft\u0131rmak ad\u0131na Haydar Ba\u015f&rsquo;\u0131 ileri s&uuml;rm&uuml;\u015flerdi. Di\u011ferleri gibi sizin de nas\u0131l belan\u0131z\u0131 bulaca\u011f\u0131n\u0131z\u0131 yak\u0131nda herkes g&ouml;recekti&hellip; Y&uuml;re\u011finiz ve beyniniz yeterse Bizi Televizyonunuza &ccedil;\u0131kar\u0131n, Haydar Ba\u015f&rsquo;\u0131n m&uuml;ridinin kar\u0131s\u0131n\u0131 nas\u0131l ayartt\u0131\u011f\u0131, sahte prof.luk diplomas\u0131n\u0131 nas\u0131l ayarlad\u0131\u011f\u0131 ve CIA \u015eiili\u011finin propagandas\u0131n\u0131 nas\u0131l yapt\u0131\u011f\u0131n\u0131 ve hangi Farisice haz\u0131rlanm\u0131\u015f kitaplar\u0131n kimler taraf\u0131ndan terc&uuml;me edilip Haydar Ba\u015f imzas\u0131yla nas\u0131l yay\u0131nland\u0131\u011f\u0131n\u0131; sa\u011flam belge ve bilgilerle hatta bizzat canl\u0131 \u015fahitlerle ispat edelim. Aksi halde biz yalanc\u0131 ve iftirac\u0131 konumuna d&uuml;\u015felim.<\/span><\/strong><\/span><\/p>\n<p style=\"margin-top: 0cm; margin-right: 0cm; margin-bottom: 0.0001pt; text-align: justify; text-indent: 1cm; line-height: 16pt;\"><strong><span style=\"font-size: 14pt; font-family: 'Arial',sans-serif;\">Y\u0131lmaz &Ouml;zdil S\u0131rtlan\u0131 da Erbakan&rsquo;a \u015fu iftiralar\u0131 kusmu\u015flard\u0131!<\/span><\/strong><\/p>\n<p style=\"margin-top: 0cm; margin-right: 0cm; margin-bottom: 0.0001pt; text-align: justify; text-indent: 1cm; line-height: 16pt;\"><span style=\"font-size: 14pt;\"><strong><em><span style=\"font-family: 'Arial',sans-serif;\">&ldquo;Cemalettin Kaplan; \u0130lkokul mezunu bile olmad\u0131\u011f\u0131 halde, sihirli eller devreye girdi, 40 ya\u015f\u0131nda, Ankara &Uuml;niversitesi ilahiyat fak&uuml;ltesinden diploma verildi. Diyanet i\u015fleri ba\u015fkanl\u0131\u011f\u0131 b&uuml;nyesinde imaml\u0131k, m&uuml;fetti\u015flik, m&uuml;ft&uuml;l&uuml;k, hatta personel daire ba\u015fkanl\u0131\u011f\u0131 yapt\u0131. 1977 se&ccedil;iminde Milli Selamet Partisi&#8217;nden milletvekili aday\u0131 oldu, se&ccedil;ilemedi. Adana&#8217;da illegal medrese a&ccedil;m\u0131\u015ft\u0131, imam hatip &ouml;\u011frencilerine tarikat e\u011fitimi veriyordu. S\u0131rf Atat&uuml;rk d&uuml;\u015fman\u0131 de\u011fildi, T&uuml;rk olan herkesten nefret ediyordu&hellip;&rdquo; K&ouml;ln&#8217;de Ulu Cami&#8217;de &ouml;rg&uuml;tlenmesi sa\u011fland\u0131, k&uuml;lliye a&ccedil;t\u0131, yurt a&ccedil;t\u0131, a\u015fevi a&ccedil;t\u0131, ba\u011f\u0131\u015f ad\u0131 alt\u0131nda para toplamas\u0131na g&ouml;z yumuldu. M&uuml;ritleri &ldquo;m&uuml;lteci&rdquo; stat&uuml;s&uuml;nde kabul ediliyor, &ccedil;al\u0131\u015fma izni verilmiyordu, yani, resmi olarak Cemalettin Kaplan&#8217;\u0131n emrine tahsis ediliyorlard\u0131. &ldquo;Anadolu Federe \u0130slam Devleti&rdquo; ilan etti, kendisini &ldquo;halife&rdquo; ilan etti, T&uuml;rkiye Cumhuriyeti Devleti&#8217;ne kar\u015f\u0131 &ldquo;cihad&rdquo; ilan etti, hilafet t&ouml;reni Alman televizyonlar\u0131ndan yay\u0131nland\u0131.<\/span><\/em><\/strong><\/span><\/p>\n<p style=\"margin-top: 0cm; margin-right: 0cm; margin-bottom: 0.0001pt; text-align: justify; text-indent: 1cm; line-height: 16pt;\"><span style=\"font-size: 14pt;\"><strong><em><span style=\"font-family: 'Arial',sans-serif;\">Almanya&#8217;da k\u0131rm\u0131z\u0131 \u0131\u015f\u0131kta ge&ccedil;eni bile oyarlar ama, bu herifin T&uuml;rkiye Cumhuriyeti&#8217;ne alenen sava\u015f a&ccedil;mas\u0131na &ldquo;demokratik hak&rdquo; deniyordu&hellip; Bu vatan haini yobaz\u0131n Almanya&#8217;da monte edildi\u011fi te\u015fkilat hangisiydi? Milli G&ouml;r&uuml;\u015f Te\u015fkilat\u0131&#8217;yd\u0131! Peki bu vatan haini yobaz\u0131, Almanya&#8217;ya, Milli G&ouml;r&uuml;\u015f Te\u015fkilat\u0131&#8217;na g&ouml;nderen kimdi? Necmettin Erbakan&#8217;d\u0131!.. Milli g&ouml;r&uuml;\u015f&ccedil;&uuml;lerin \u015feyh&uuml;lislam\u0131 Cemalettin Kaplan&#8217;la tee Erzurum&#8217;dan, tee 13 ya\u015f\u0131ndan beri arkada\u015f olan, her ikisi de Said-i Nursi&#8217;nin talebesiyken, ayn\u0131 medresede, Kur\u015funlu Cami medresesinde e\u011fitim alan ki\u015fi kimdi biliyor musunuz? Fetullah G&uuml;len&#8217;di! Kara ses&#8217;i BND ald\u0131. Feto&#8217;yu CIA ald\u0131.&rdquo;[2]<\/span><\/em><\/strong><\/span><\/p>\n<p style=\"margin-bottom: 0.0001pt; text-align: justify; text-indent: 1cm; line-height: 16pt;\"><strong><span style=\"font-size: 12pt; font-family: 'Arial',sans-serif;\">Oysa Cemalettin Kaplan da yine CIA&rsquo;n\u0131n tertibiyle ve Milli G&ouml;r&uuml;\u015f&rsquo;&uuml; par&ccedil;alamak niyetiyle Almanya&rsquo;ya yollanm\u0131\u015ft\u0131 ve Erbakan&rsquo;\u0131 -ha\u015fa- k&uuml;f&uuml;rle su&ccedil;lay\u0131p sata\u015fm\u0131\u015ft\u0131. Y\u0131lmaz &Ouml;zdil zavall\u0131s\u0131, her nedense bu ger&ccedil;e\u011fi yazmam\u0131\u015ft\u0131. &Uuml;stelik Cemalettin Kaplan&rsquo;a \u0130lk, Orta ve Lise diplomalar\u0131, Bat\u0131c\u0131 ve sa\u011fc\u0131 Mason S&uuml;leyman Demirel ve yine Bat\u0131c\u0131 ve solcu Mason CHP h&uuml;k&uuml;metleri d&ouml;neminde ayarlanm\u0131\u015ft\u0131. &Uuml;stelik ona \u0130lahiyat diplomas\u0131 veren Ankara \u0130lahiyat Fak&uuml;ltesi de Din tahrip&ccedil;isi Reformist Kemalistlerin g&uuml;d&uuml;m&uuml;nde bulunmaktayd\u0131. Cemalettin Kaplan&rsquo;\u0131 m&uuml;ft&uuml; yapanlar ve Diyanette yetkili konuma ta\u015f\u0131yanlar da Erbakan de\u011fil, bunlard\u0131. <\/span><\/strong><strong><span style=\"font-size: 14pt; font-family: 'Arial',sans-serif;\">Ve zaten Haydar Ba\u015f da, Sn. Recep Erdo\u011fan da, Fetullah G&uuml;len m&uuml;naf\u0131k\u0131 da, Cemalettin Kaplan da; evet hepsi Erbakan&rsquo;\u0131 etkisiz k\u0131lmak ve te\u015fkilatlar\u0131n\u0131 ayart\u0131p par&ccedil;alamak i&ccedil;in ayn\u0131 odaklarca k\u0131\u015fk\u0131rt\u0131lm\u0131\u015flard\u0131. &Ccedil;&uuml;nk&uuml; Siyonist \u015feytanlar\u0131n, emperyalist \u015farlatanlar\u0131n ve sizin gibi u\u015faklar\u0131n\u0131n s&ouml;m&uuml;r&uuml; saltanatlar\u0131n\u0131 bozacak plan ve projelerinin ve tarihi giri\u015fimlerinin tek sahibi Erbakan&rsquo;d\u0131. S&ouml;zc&uuml;&rsquo;den Y\u0131lmaz &Ouml;zdil&rsquo;lerin, Yeni Mesaj&rsquo;dan Yusuf Karaca gibilerin, birer hafta ara ile Erbakan&rsquo;a havlamalar\u0131, bunlar\u0131n yularlar\u0131n\u0131n ayn\u0131 mahfillerin elinde oldu\u011funu ve ikisinin de ayn\u0131 merkezlerce dolduruldu\u011funu a&ccedil;\u0131\u011fa vurmaktayd\u0131. Neyse ki bu marazl\u0131 manyak tak\u0131m\u0131n\u0131n rezil ve r&uuml;svay olacaklar\u0131, &ccedil;&uuml;nk&uuml; t&uuml;m hakikatlerin ortaya &ccedil;\u0131kar\u0131laca\u011f\u0131 kutlu bir devrim &ccedil;ok yak\u0131nd\u0131.<\/span><\/strong><\/p>\n<p style=\"margin-bottom: 0.0001pt; text-align: justify; text-indent: 1cm; line-height: 16pt;\"><strong><span style=\"font-size: 14pt; font-family: 'Arial',sans-serif;\">Evet, Cemalettin Kaplan&rsquo;\u0131 Almanya&rsquo;ya ta\u015f\u0131yan da, CIA&rsquo;n\u0131n Almanya kanad\u0131yla tan\u0131\u015ft\u0131ran da, onu kollay\u0131p k\u0131\u015fk\u0131rtan da as\u0131l Murat Bayrak&rsquo;t\u0131.<\/span><\/strong><\/p>\n<p style=\"margin-bottom: 0.0001pt; text-align: justify; text-indent: 1cm; line-height: 16pt;\"><strong><span style=\"font-size: 12pt; font-family: 'Arial',sans-serif;\">Murat Bayrak 1973-77 y\u0131llar\u0131 aras\u0131nda S&uuml;leyman Demirel&#8217;in AP&#8217;sinden Milletvekili yap\u0131lm\u0131\u015ft\u0131. Ard\u0131ndan MHP&#8217;ye ge&ccedil;erek Merkez Y&ouml;netim Kurulu &uuml;yeli\u011fine atanm\u0131\u015ft\u0131. 12 Eyl&uuml;l&#8217;den itibaren MHP y&ouml;neticilerinin tamam\u0131 g&ouml;zalt\u0131na al\u0131n\u0131rken sadece Bayrak bu operasyonun d\u0131\u015f\u0131nda kalm\u0131\u015f ve &ldquo;Almanya&#8217;ya ka&ccedil;t\u0131\u011f\u0131&rdquo; a&ccedil;\u0131klanm\u0131\u015ft\u0131! Asl\u0131nda bu, bir &ldquo;&ouml;zel g&ouml;rev&rdquo; ka&ccedil;\u0131\u015f\u0131yd\u0131. 14 Ocak 1987 tarihli Milliyet&#8217;in ilk sayfas\u0131ndan <em>&ldquo;Murat Bayrak&#8217;tan Yerli Humeyni&#8217;ye Destek<\/em>!&rdquo; ba\u015fl\u0131\u011f\u0131 at\u0131lm\u0131\u015ft\u0131. Milliyet&#8217;in haberinde &ldquo;D\u0131\u015fi\u015fleri eski bakanlar\u0131ndan \u0130hsan Sabri &Ccedil;a\u011flayangil&#8217;i Almanya&#8217;daki evinde konuk eden ka&ccedil;ak i\u015fadam\u0131 Murat Bayrak&#8217;\u0131n &#8216;T&uuml;rkiye&#8217;deki rejimi sall\u0131yoruz&#8217; diyen ka&ccedil;ak m&uuml;ft&uuml; Cemalettin Kaplan&#8217;\u0131 nas\u0131l korudu\u011funu&rdquo; anlatm\u0131\u015ft\u0131! Murat Bayrak, &ldquo;Eski M&uuml;ft&uuml; Kaplan&#8217;a Almanya&#8217;da oturma iznini ben ald\u0131m&rdquo; diye a&ccedil;\u0131klam\u0131\u015ft\u0131!<\/span><\/strong><\/p>\n<p style=\"margin-bottom: 0.0001pt; text-align: justify; text-indent: 1cm; line-height: 16pt;\"><strong><span style=\"font-size: 12pt; font-family: 'Arial',sans-serif;\">CIA ajan\u0131 Frank Terpil, y\u0131llar &ouml;nce bir Amerikan televizyonunda if\u015faatta bulunmu\u015f ve &ldquo;T&uuml;rkiye&#8217;de Murat Bayrak&#8217;a silah satt\u0131\u011f\u0131n\u0131&rdquo; a&ccedil;\u0131klam\u0131\u015ft\u0131! \u0130talya&#8217;daki mahkeme kay\u0131tlar\u0131na g&ouml;re, A\u011fca&#8217;y\u0131 Bulgaristan &uuml;zerinden Avrupa&#8217;ya ka&ccedil;\u0131ran ki\u015fi bu Yahudi CIA ajan\u0131 Terpil olmaktayd\u0131. 1974-1977 aras\u0131nda CIA&#8217;in T&uuml;rkiye istasyon \u015fefli\u011fini yapm\u0131\u015f olan Paul Henze&#8217;nin Ankara&#8217;daki en yak\u0131n dostu &ldquo;Mason&rdquo; Kas\u0131m G&uuml;lek CHP kurmaylar\u0131ndand\u0131. G&uuml;lek, Paralel Locaefendi&#8217;nin &ldquo;Mason locas\u0131yla ba\u011flant\u0131s\u0131n\u0131 sa\u011flayan&rdquo; insand\u0131. 1948&#8217;den sonra &ldquo;Kontrgerilla&rdquo; e\u011fitimi i&ccedil;in ABD&#8217;ye g&ouml;nderilen subaylardan Esad Ke\u015fafo\u011flu&#8217;nun, 1952&#8217;den itibaren &ldquo;antrene etti\u011fi&rdquo; iki isimden ilki Paralel Yap\u0131&#8217;n\u0131n &ldquo;Locaefendi&rdquo;si ikincisi ise Cemalettin Kaplan&#8217;d\u0131![3]<\/span><\/strong><\/p>\n<p style=\"margin-bottom: 0.0001pt; text-align: justify; text-indent: 1cm; line-height: 16pt;\"><strong><span style=\"font-size: 14pt; font-family: 'Arial',sans-serif;\">Eski Yanda\u015flar\u0131 bile Y\u0131lmaz &Ouml;zdil&rsquo;in bu dolayl\u0131 Erdo\u011fan hizmetk&acirc;rl\u0131\u011f\u0131n\u0131 k\u0131nam\u0131\u015ft\u0131:<\/span><\/strong><\/p>\n<p style=\"margin-top: 0cm; margin-right: 0cm; margin-bottom: 0.0001pt; text-align: justify; text-indent: 1cm; line-height: 16pt;\"><span style=\"font-family: 'Arial',sans-serif;\"><span style=\"font-size: 12pt;\">T&uuml;rk-Alman krizi derinle\u015fmeye ba\u015flam\u0131\u015ft\u0131. Bu k&ouml;t&uuml; bir \u015fey miydi? Soruyu bo\u015funa sormuyorum. &Ccedil;&uuml;nk&uuml;, d&uuml;ne kadar <strong><em>bu Almanya Erdo\u011fan&rsquo;\u0131 her kritik d&ouml;nemde destekliyor<\/em> <\/strong>diye \u015fikayet&ccedil;i olan kimi ulusalc\u0131lar, bak\u0131yorum birden Almanya&rsquo;n\u0131n &ldquo;ge&ccedil;mi\u015f su&ccedil;lar\u0131n\u0131&rdquo; say\u0131p durmaktayd\u0131.<\/span> <\/span><strong><span style=\"font-size: 14pt; font-family: 'Arial',sans-serif;\">\u0130lgili yaz\u0131s\u0131nda Y\u0131lmaz &Ouml;zdil tam da b&ouml;yle yapm\u0131\u015ft\u0131.<\/span><\/strong><\/p>\n<p style=\"margin-top: 0cm; margin-right: 0cm; margin-bottom: 0.0001pt; text-align: justify; text-indent: 1cm; line-height: 16pt;\"><span style=\"font-family: 'Arial',sans-serif;\"><span style=\"font-size: 12pt;\">&ldquo;Vaktiyle Cemalettin Kaplan&rsquo;\u0131n Almanya&rsquo;da nas\u0131l &ouml;rg&uuml;tlendi\u011finden yana\u015fm\u0131\u015f, Kaplan&rsquo;la Milli G&ouml;r&uuml;\u015f lideri Erbakan&rsquo;\u0131n ili\u015fkisini sorgulam\u0131\u015f (sapt\u0131rm\u0131\u015f), sonunda Kaplan&rsquo;la Fetullah G&uuml;len&rsquo;in ahbapl\u0131\u011f\u0131ndan &ccedil;\u0131km\u0131\u015ft\u0131.<\/span> <\/span><strong><span style=\"font-size: 14pt; font-family: 'Arial',sans-serif;\">\u015eu anda Almanya, y\u0131llard\u0131r destek verdi\u011fi Erdo\u011fan&rsquo;la sert bir kavgaya tutu\u015fmu\u015fken, b&ouml;yle bir yaz\u0131 yazman\u0131n pratik sonucu ne olacakt\u0131? <\/span><\/strong><span style=\"font-family: 'Arial',sans-serif;\"><span style=\"font-size: 12pt;\">Erdo\u011fan&rsquo;a &Ouml;zdil&rsquo;in de dedi\u011fi gibi,<\/span> <\/span><strong><em><span style=\"font-size: 14pt; font-family: 'Arial',sans-serif;\">&ldquo;bu FET&Ouml;&rsquo;ye Almanya vaktiyle kucak a&ccedil;m\u0131\u015ft\u0131, \u015fimdi de ayn\u0131s\u0131n\u0131 yap\u0131yor&rdquo;<\/span><\/em><\/strong><span style=\"font-size: 12pt;\"><span style=\"font-size: 14pt; font-family: 'Arial',sans-serif;\"> <\/span><span style=\"font-family: 'Arial',sans-serif;\">deme imk&acirc;n\u0131 sa\u011flayacakt\u0131. Daha &ouml;nemlisi, <strong>&Ouml;zdil&rsquo;in seslendi\u011fi laik ve ulusalc\u0131, ama ayn\u0131 zamanda Erdo\u011fan&rsquo;a hay\u0131r diyen kitlede kafa kar\u0131\u015f\u0131kl\u0131\u011f\u0131 olu\u015fturacakt\u0131. Almanya kar\u015f\u0131s\u0131nda Erdo\u011fan&rsquo;\u0131n hakl\u0131l\u0131\u011f\u0131na dair bir bilin&ccedil; bulan\u0131kl\u0131\u011f\u0131 yaratacakt\u0131. <\/strong>Almanya ile T&uuml;rkiye aras\u0131nda bir &ccedil;eli\u015fki ortaya &ccedil;\u0131kt\u0131\u011f\u0131nda, aman bana kimse emperyalizmden medet umuyor demesinler diye, Y\u0131lmaz &Ouml;zdil gibi davranacaks\u0131n. <\/span><\/span><\/p>\n<p style=\"margin-top: 0cm; margin-right: 0cm; margin-bottom: 0.0001pt; text-align: justify; text-indent: 1cm; line-height: 16pt;\"><span style=\"font-size: 12pt;\"><strong><span style=\"font-family: 'Arial',sans-serif;\">Evet! K&ouml;\u015fe yazar\u0131 operatif olmal\u0131yd\u0131. D&uuml;\u015fman kamp\u0131n &ldquo;i&ccedil; &ccedil;eli\u015fkilerini&rdquo; derinle\u015ftirmeye &ccedil;al\u0131\u015fmal\u0131yd\u0131. Bu &ldquo;&ccedil;eli\u015fkilerden&rdquo; yararlanarak, d&uuml;\u015fman\u0131n cephesinde endi\u015fe, y\u0131lg\u0131nl\u0131k, da\u011f\u0131n\u0131kl\u0131k \u015f&uuml;phe yaratmal\u0131yd\u0131. Bu defa liberal gazeteci (Y\u0131lmaz &Ouml;zdil) m\u0131zm\u0131zlan\u0131yor: <em>Ama b&ouml;yle de gazetecilik olmazm\u0131\u015f&hellip; Bu so\u011fuk sava\u015f&rsquo; takti\u011fi say\u0131l\u0131rm\u0131\u015f&hellip; <\/em>\u0130lahi liberal jurnalist Y\u0131lmaz &Ouml;zdil. S\u0131cak sava\u015f\u0131n i&ccedil;inde ya\u015f\u0131yor, so\u011fuk diye &uuml;\u015f&uuml;yordu&#8230;&rdquo;[4]<\/span><\/strong><\/span><\/p>\n<p style=\"margin-bottom: 0.0001pt; text-align: justify; text-indent: 1cm; line-height: 16pt;\"><strong><span style=\"font-size: 14pt; font-family: 'Arial',sans-serif;\">Bu konuda, daha tutarl\u0131 ve tarafs\u0131z bir ara\u015ft\u0131rma yapan Rahmetli Dr. Necip Hablemito\u011flu 15.09.2012&rsquo;de \u015fu yaz\u0131y\u0131 haz\u0131rlam\u0131\u015ft\u0131:<\/span><\/strong><\/p>\n<p style=\"margin-bottom: 0.0001pt; text-align: justify; text-indent: 1cm; line-height: 16pt;\"><strong><span style=\"font-size: 14pt; font-family: 'Arial',sans-serif;\">Alman \u0130stihbarat\u0131 ve Kaplanc\u0131lar<\/span><\/strong><\/p>\n<p style=\"margin-bottom: 0.0001pt; text-align: justify; text-indent: 1cm; line-height: 16pt;\"><strong><span style=\"font-size: 12pt; font-family: 'Arial',sans-serif;\">Alman \u0130&ccedil; \u0130stihbarat Servisi&#8217;nin kontrol ve g&uuml;d&uuml;m&uuml;nde T&uuml;rkiye kar\u015f\u0131t\u0131 eylemlerini s&uuml;rd&uuml;ren PKK, Dev-Sol, T\u0130KKO, gibi ter&ouml;r &ouml;rg&uuml;t&uuml; ve radikal gruplar\u0131n aras\u0131nda &#8220;Kaplanc\u0131&#8221;lar\u0131n m&uuml;mtaz(!) bir yeri vard\u0131r. Alman \u0130stihbarat Servisi, Milli G&ouml;r&uuml;\u015f&ccedil;&uuml;leri, daha ziyade legal g&ouml;r&uuml;n&uuml;\u015fl&uuml; faaliyetlerde (kullanmay\u0131 d&uuml;\u015f&uuml;n&uuml;p ba\u015faramam\u0131\u015f) bir ba\u015fka ifadeyle, tetik&ccedil;ilik yapt\u0131rarak y\u0131pratamam\u0131\u015ft\u0131r. Bu itibarla, \u015feriat&ccedil;\u0131 militanl\u0131k alan\u0131ndaki bo\u015flu\u011fun doldurulmas\u0131, &#8220;Kaplanc\u0131&#8221;lara b\u0131rak\u0131lm\u0131\u015ft\u0131r. Almanya&#8217;daki en radikal isl&acirc;mi grup olarak bilinen &#8220;Kaplanc\u0131&#8221;lar\u0131 tan\u0131mak i&ccedil;in &ouml;nce m&uuml;teveffa lideri Cemalettin Kaplan&#8217;\u0131n, nam-\u0131 di\u011fer &#8220;Kara Ses&#8221;in bilinmesi gerekir:<\/span><\/strong><\/p>\n<p style=\"margin-bottom: 0.0001pt; text-align: justify; text-indent: 1cm; line-height: 16pt;\"><strong><span style=\"font-size: 12pt; font-family: 'Arial',sans-serif;\">1926&#8217;da Erzurum&#8217;un \u0130spir il&ccedil;esinin Dangis k&ouml;y&uuml;nde do\u011fan Cemalettin Kaplan&#8217;\u0131n etnik k&ouml;keni ile muhtelif rivayetler bulunmaktad\u0131r. T&uuml;rkl&uuml;kten nefreti sabit olan bu meczup, k&ouml;y mollalar\u0131n\u0131n (s&ouml;zde medreselerde) dini e\u011fitim(!) ald\u0131ktan sonra nurcularla m&uuml;nasebet tesis etmi\u015ftir. Erzurum&#8217;da, K\u0131rk\u0131nc\u0131 Hoca, fetullah&ccedil;\u0131lar\u0131n lideri Hocaefendi(!) gibi &#8220;nurda\u015f&#8221;lar\u0131 ile ayn\u0131 e\u011fitimi(!) payla\u015fan Kaplan, yurdun pek &ccedil;ok yerinde imaml\u0131k, vaazl\u0131k yapt\u0131ktan sonra, T&uuml;rk Devletinin kendini savunma mekanizmas\u0131n\u0131n i\u015flemeyi\u015finden de yararlanarak (AP ve CHP iktidarlar\u0131 d&ouml;neminde) olduk&ccedil;a &ouml;nemli g&ouml;revlere gelmi\u015ftir. S\u0131rayla ilkokul, ortaokul ve liseyi d\u0131\u015far\u0131dan bitiren ve yakla\u015f\u0131k 40 ya\u015f\u0131nda Ankara &Uuml;niversitesi \u0130l&acirc;hiyat Fak&uuml;ltesi&#8217;nden de mezun olan bu meczup, o\u011flu taraf\u0131ndan kaleme al\u0131nan biyografisine bak\u0131ld\u0131\u011f\u0131nda, Diyanet \u0130\u015fleri Ba\u015fkanl\u0131\u011f\u0131 b&uuml;nyesinde &#8220;M&uuml;fetti\u015f&#8221;, &#8220;Personel Dairesi Ba\u015fkan\u0131&#8221;, &#8220;Diyanet \u0130\u015fleri Ba\u015fkan Yard\u0131mc\u0131l\u0131\u011f\u0131&#8221;, &#8220;Adana M&uuml;ft&uuml;l&uuml;\u011f&uuml;&#8221; gibi nitelik isteyen i\u015flevsel g&ouml;revlerde bulunmu\u015ftur. 12 Eyl&uuml;l d&ouml;neminde, Adana&#8217;da a&ccedil;m\u0131\u015f oldu\u011fu illegal medresenin S\u0131k\u0131y&ouml;netim Komutanl\u0131\u011f\u0131nca fark edilmesinden sonra, re&#8217;sen emekliye sevkedilen Cemalettin Kaplan, medresesindeki e\u011fitimi(!) noksan kalan 400&#8217;&uuml; a\u015fk\u0131n &ouml;zel se&ccedil;ilmi\u015f \u0130mam-Hatip Lisesi &ouml;\u011frencisinin e\u011fitimini tamamlamak amac\u0131yla Almanya&#8217;ya gitmi\u015ftir. <\/span><\/strong><\/p>\n<p style=\"margin-bottom: 0.0001pt; text-align: justify; text-indent: 1cm; line-height: 16pt;\"><strong><span style=\"font-size: 12pt; font-family: 'Arial',sans-serif;\">Cemalettin Kaplan&#8217;\u0131n Almanya&#8217;da ilk s\u0131\u011f\u0131nd\u0131\u011f\u0131 te\u015fkil&acirc;t, &#8220;Milli G&ouml;r&uuml;\u015f Te\u015fkil&acirc;t\u0131&#8221; olmu\u015ftur. Ba\u015flang\u0131&ccedil;ta, bu te\u015fkil&acirc;t\u0131n &#8220;Fetva Komisyonu Reisli\u011fi&#8221;ni yapan Kaplan, ihanet yolundaki yar\u0131\u015fta, derin ilmine(!) duydu\u011fu &ouml;zg&uuml;ven, megalomani ve de liderlik h\u0131rs\u0131 ile bu te\u015fkil&acirc;ttan koparak (ve Erbakan&rsquo;a sava\u015f a&ccedil;arak) &#8220;Avrupa \u0130slami Cemiyet ve Cemaatler Birli\u011fi&#8221;nin kurucu ba\u015fkanl\u0131\u011f\u0131n\u0131 &uuml;stlenmi\u015ftir. 1983&#8217;den itibaren K&ouml;ln&#8217;de Ulu Cami ad\u0131n\u0131 verdikleri s&ouml;zde dinsel mek&acirc;nda -ger&ccedil;ekte &ouml;rg&uuml;t merkezi- kurdu\u011fu medresede &#8220;Kaplanc\u0131&#8221; yeti\u015ftirmeye ba\u015flayan Cemalettin Kaplan, bir s&uuml;re sonra Alman \u0130&ccedil; \u0130stihbarat Servisi&#8217;nin dikkatini &ccedil;ekmeyi ba\u015farm\u0131\u015ft\u0131r. T&uuml;rkiye&#8217;den Almanya&#8217;ya ka&ccedil;ak yollardan giren ya da turist vizesiyle gelip de geri d&ouml;nmek istemeyenleri a\u011f\u0131na d&uuml;\u015f&uuml;ren Cemalettin Kaplan, bu suretle m&uuml;rit say\u0131s\u0131n\u0131 3.000&#8217;li rakamlara ula\u015ft\u0131rm\u0131\u015ft\u0131r. Alman \u0130&ccedil; \u0130stihbarat Servisi, s&ouml;z konusu m&uuml;ritleri &#8220;s\u0131\u011f\u0131nmac\u0131&#8221; stat&uuml;s&uuml;nde kabul etmi\u015f, ancak &ccedil;al\u0131\u015fma izni vermeyerek t&uuml;m mesailerini Kaplan&#8217;\u0131n emrine hasretmelerini sa\u011flam\u0131\u015ft\u0131r. M&uuml;ritlerini &#8220;m&uuml;cahit&#8221; ve &#8220;m&uuml;cahide&#8221; olarak tan\u0131mlayan Kaplan, bunlar\u0131n askeri disiplin i&ccedil;inde e\u011fitimi (&ouml;zellikle bomba e\u011fitimi) konusunda mesafe katettikten sonra &#8220;Milli G&ouml;r&uuml;\u015f Te\u015fkil&acirc;t\u0131&#8221; ile t&uuml;m organik ili\u015fkisine son vererek, yine K&ouml;ln&#8217;de &#8220;Federe \u0130slam Devleti Reisli\u011fi&#8221;ni il&acirc;n etmi\u015ftir. Hemen akabinde de &#8220;Emir&#8217;&uuml;l-M&uuml;&#8217;minin ve Hil&acirc;fet&#8217;&uuml;l-M&uuml;slimin&#8221;li\u011fini yani Hil&acirc;fet Devleti Reisli\u011fini ve Halifeli\u011fini a&ccedil;\u0131klam\u0131\u015ft\u0131r. Video ve ses bantlar\u0131 ile t&uuml;m Avrupa&#8217;ya ve T&uuml;rkiye&#8217;ye ula\u015farak m&uuml;rit say\u0131s\u0131n\u0131 artt\u0131rmaya &ccedil;al\u0131\u015fan Cemalettin Kaplan, bir yandan da T&uuml;rk Devletine kar\u015f\u0131 sava\u015f il&acirc;n\u0131n\u0131 &ouml;ng&ouml;ren cihat fetvalar\u0131n\u0131 pe\u015fpe\u015fe yay\u0131nlam\u0131\u015ft\u0131r. Nurcular\u0131n ve fetullah&ccedil;\u0131lar\u0131n &#8220;b&ouml;lge imamlar\u0131&#8221; esas\u0131na kurulu te\u015fkil&acirc;t yap\u0131s\u0131n\u0131 biraz de\u011fi\u015ftirerek &#8220;b&ouml;lge emirleri&#8221; tayin eden meczup, &uuml;st&uuml;ne kendini &#8220;Halife&#8221; il&acirc;n ederek T&uuml;rkiye Cumhuriyeti&#8217;nin &uuml;zerine miras (!) kavgas\u0131na giri\u015fmi\u015ftir. <\/span><\/strong><\/p>\n<p style=\"margin-bottom: 0.0001pt; text-align: justify; text-indent: 1cm; line-height: 16pt;\"><strong><span style=\"font-size: 14pt; font-family: 'Arial',sans-serif;\">Alman \u0130&ccedil; \u0130stihbarat Servisi, &#8220;Kaplanc\u0131&#8221;lar ad\u0131yla bilinen bu cahil s&uuml;r&uuml;ye, Alman Devletinin kulu ve tetik&ccedil;isi olmalar\u0131 ba\u011flam\u0131nda altyap\u0131 deste\u011fi vermektedir:<\/span><\/strong><\/p>\n<p style=\"margin-bottom: 0.0001pt; text-align: justify; text-indent: 1cm; line-height: 16pt;\"><strong><span style=\"font-size: 12pt; font-family: 'Arial',sans-serif;\">1.<\/span><\/strong><span style=\"font-size: 12pt; font-family: 'Arial',sans-serif;\"> <strong>&Ouml;rg&uuml;te gayr\u0131resmi yoldan b&uuml;y&uuml;k mebla\u011flar ak\u0131t\u0131lmaktad\u0131r. M&uuml;ritlere &uuml;cretsiz televizyon ve video temin edilmektedir. Keza, e\u011fitim (!) kasetleri &uuml;cretsiz olarak Avrupa ve T&uuml;rkiye&#8217;ye da\u011f\u0131t\u0131lmaktad\u0131r.<\/strong><\/span><\/p>\n<p style=\"margin-bottom: 0.0001pt; text-align: justify; text-indent: 1cm; line-height: 16pt;\"><strong><span style=\"font-size: 12pt; font-family: 'Arial',sans-serif;\">2.<\/span><\/strong><strong><span style=\"font-size: 12pt; font-family: 'Arial',sans-serif;\"> Almanya&#8217;da yakalanan \u015feriat&ccedil;\u0131 s&ouml;ylemli ve k\u0131l\u0131kl\u0131 ka&ccedil;ak T&uuml;rklere, &#8220;s\u0131\u011f\u0131nmac\u0131&#8221; stat&uuml;s&uuml;ne ge&ccedil;ebilme \u015fart\u0131 olarak kaplanc\u0131lar\u0131n adresi g&ouml;sterilmektedir. B&ouml;ylece, &ouml;rg&uuml;t&uuml;n m&uuml;rit kayna\u011f\u0131 Alman \u0130&ccedil; \u0130stihbarat Servisi marifetiyle kurumamaktad\u0131r.<\/span><\/strong><\/p>\n<p style=\"margin-bottom: 0.0001pt; text-align: justify; text-indent: 1cm; line-height: 16pt;\"><strong><span style=\"font-size: 12pt; font-family: 'Arial',sans-serif;\">3.<\/span><\/strong><strong><span style=\"font-size: 12pt; font-family: 'Arial',sans-serif;\"> Alman \u0130&ccedil; \u0130stihbarat Servisi, &#8220;kaplanc\u0131&#8221;lara internet &uuml;zerinde bir t&uuml;rl&uuml; &ccedil;&ouml;kertilemeyen ve s&uuml;rekli yenilenen bir web sitesi tahsis etmi\u015ftir (<a href=\"http:\/\/www.hilafet.org\">http:\/\/www.hilafet.org<\/a>). Sitedeki bilgiler, T&uuml;rk&ccedil;e, Arap&ccedil;a, K&uuml;rt&ccedil;e, \u0130ngilizce, Frans\u0131zca, Hollandaca, Fars&ccedil;a dillerinde verilmektedir. Ayr\u0131ca, periyodiklerin yan\u0131 s\u0131ra, geni\u015f kitlelere ula\u015f\u0131lmas\u0131na olanak sa\u011flamak &uuml;zere bir de Televizyon kurulmu\u015ftur. Hakk TV, Frans\u0131z &#8220;Telecom 2 D&#8221; uydusundan kiralanan kanal &uuml;zerinden (11598 &#8211; 1848 MHz) deneme yay\u0131nlar\u0131n\u0131 s&uuml;rd&uuml;rmektedir. \u015eimdilik sadece Pazar g&uuml;nleri m&uuml;teveffa Cemalettin Kaplan&#8217;\u0131n eski video bantlar\u0131 ile &#8220;k&uuml;&ccedil;&uuml;k karases&#8221; Metin M&uuml;ft&uuml;o\u011flu&#8217;nun K&ouml;ln Camiindeki vaazlar\u0131 banttan ya da canl\u0131 olarak yay\u0131nlanmaktad\u0131r. T&uuml;rk Devleti&#8217;nin yetkili resmi kurumlar\u0131, sevindirici bir duyarl\u0131l\u0131kla, t\u0131pk\u0131 Med-TV&#8217;de oldu\u011fu gibi, Hakk TV i&ccedil;in de diplomatik ve teknik m&uuml;dahaleye \u015eubat 1999&#8217;un ba\u015f\u0131 itibariyle ba\u015flam\u0131\u015ft\u0131r.<\/span><\/strong><\/p>\n<p style=\"margin-bottom: 0.0001pt; text-align: justify; text-indent: 1cm; line-height: 16pt;\"><strong><span style=\"font-size: 14pt; font-family: 'Arial',sans-serif;\">Haydar Ba\u015f&rsquo;c\u0131lar, Yavuz Selim&rsquo;den mi, \u015eah \u0130smail&rsquo;den mi yanayd\u0131?<\/span><\/strong><\/p>\n<p style=\"margin-bottom: 0.0001pt; text-align: justify; text-indent: 1cm; line-height: 16pt;\"><strong><span style=\"font-size: 12pt; font-family: 'Arial',sans-serif;\">Vatikan &ouml;nc&uuml;l&uuml;\u011f&uuml;nde Osmanl\u0131&rsquo;ya kar\u015f\u0131 \u0130ran&rsquo;\u0131 k\u0131\u015fk\u0131rtmaya y&ouml;nelik faaliyetler sonucu, Safevi&rsquo;ler ile Osmanl\u0131 aras\u0131nda bir mezhep &ccedil;at\u0131\u015fmas\u0131, akabinde de binlerce insan\u0131n hayat\u0131n\u0131 kaybetti\u011fi sava\u015f ya\u015fanm\u0131\u015ft\u0131. \u015eah \u0130smail&rsquo;e, Osmanl\u0131 kar\u015f\u0131s\u0131nda Bat\u0131 taraf\u0131ndan destek &ccedil;\u0131k\u0131lm\u0131\u015f, Osmanl\u0131&rsquo;y\u0131 ku\u015fatma ve Anadolu&rsquo;dan &ccedil;\u0131karma hesaplar\u0131 tutmam\u0131\u015ft\u0131. Bu proje &ldquo;Bat\u0131&rsquo;n\u0131n, ilk etapta \u0130ran sonra da M\u0131s\u0131r &uuml;zerinden Osmanl\u0131y\u0131 par&ccedil;alama ve ku\u015fatma&rdquo; ad\u0131m\u0131d\u0131r. <\/span><\/strong><\/p>\n<p style=\"margin-bottom: 0.0001pt; text-align: justify; text-indent: 1cm; line-height: 16pt;\"><strong><span style=\"font-size: 12pt; font-family: 'Arial',sans-serif;\">O s&uuml;re&ccedil;te \u0130pekyolu ve Akdeniz ticaret yollar\u0131ndaki Osmanl\u0131 egemenli\u011fi artm\u0131\u015f, Avrupa&rsquo;n\u0131n s&ouml;m&uuml;r&uuml; d&uuml;zeni i&ccedil;in b&uuml;y&uuml;k bir tehdit olmaya ba\u015flam\u0131\u015ft\u0131. Art\u0131k giderek g&uuml;&ccedil;lenen ve Avrupa topraklar\u0131na do\u011fru geni\u015fleyen Osmanl\u0131&rsquo;y\u0131 durdurman\u0131n yollar\u0131 bulunmal\u0131yd\u0131. A\u011f\u0131rl\u0131kl\u0131 olarak Bat\u0131&rsquo;ya do\u011fru geni\u015fleyen Osmanl\u0131&rsquo;y\u0131 sava\u015f meydanlar\u0131nda durduramayan Avrupa, &ccedil;areyi Do\u011fu&rsquo;daki i\u015fbirlik&ccedil;isi devletleri k\u0131\u015fk\u0131rtmakta aramaktayd\u0131. Osmanl\u0131&rsquo;n\u0131n, \u0130ran, Suriye, M\u0131s\u0131r ve Arap Yar\u0131madas\u0131&rsquo;na sokulmamas\u0131yla birlikte, do\u011fuyla u\u011fra\u015fmak zorunda b\u0131rak\u0131lacak bir Osmanl\u0131, hem Avrupa&rsquo;ya y&uuml;r&uuml;yemeyecek hem de s&ouml;m&uuml;r&uuml; &ccedil;ark\u0131na &ccedil;omak sokamayacakt\u0131. Teorik olarak &uuml;zerinde iyi &ccedil;al\u0131\u015f\u0131lm\u0131\u015f bir Vatikan stratejisi haz\u0131rlanm\u0131\u015ft\u0131.&nbsp;<\/span><\/strong><\/p>\n<p style=\"margin-bottom: 0.0001pt; text-align: justify; text-indent: 1cm; line-height: 16pt;\"><strong><span style=\"font-size: 14pt; font-family: 'Arial',sans-serif;\">Safevi&rsquo;lerin Tahrik Ve Tehditleri Artm\u0131\u015ft\u0131.<\/span><\/strong><\/p>\n<p style=\"margin-bottom: 0.0001pt; text-align: justify; text-indent: 1cm; line-height: 16pt;\"><strong><span style=\"font-size: 12pt; font-family: 'Arial',sans-serif;\">Osmanl\u0131 Devleti 1500&rsquo;l&uuml; y\u0131llar\u0131n ba\u015f\u0131nda ya\u015fad\u0131\u011f\u0131 saltanat m&uuml;cadeleleri sebebiyle h&acirc;kimiyetindeki b&ouml;lgelerdeki otoritesi zay\u0131flam\u0131\u015ft\u0131. Bu durumdan istifade eden \u015fah \u0130smail, Do\u011fu Anadolu b&ouml;lgesinde ya\u015fayan T&uuml;rkmenler &uuml;zerinde bask\u0131 kurmakta; \u015eii B&acirc;t\u0131ni hareketine tabi olan Osmanl\u0131 tebaas\u0131n\u0131 b&uuml;nyesine katmak i&ccedil;in f\u0131rsat kollamaktayd\u0131. Safevi&rsquo;lerin uzun bir s&uuml;re devam eden tahrik ve tehdit dolu hareketleri Osmanl\u0131 i&ccedil;in b&uuml;y&uuml;k bir sorun halini alm\u0131\u015ft\u0131.<\/span><\/strong><\/p>\n<p style=\"margin-bottom: 0.0001pt; text-align: justify; text-indent: 1cm; line-height: 16pt;\"><strong><span style=\"font-size: 14pt; font-family: 'Arial',sans-serif;\">\u015eahkulu \u0130syan\u0131<\/span><\/strong><\/p>\n<p style=\"margin-bottom: 0.0001pt; text-align: justify; text-indent: 1cm; line-height: 16pt;\"><strong><span style=\"font-size: 12pt; font-family: 'Arial',sans-serif;\">Safevi Saltanat ailesinin bir mensubu olan Hasan Baba, Anadolu&rsquo;da ya\u015fayan Alevi T&uuml;rkmenler ile uzun y\u0131llard\u0131r irtibatl\u0131yd\u0131. Vefat\u0131 &uuml;zerine yerine o\u011flu <\/span><\/strong><strong><span style=\"font-size: 14pt; font-family: 'Arial',sans-serif;\">\u015eahkulu <\/span><\/strong><strong><span style=\"font-size: 12pt; font-family: 'Arial',sans-serif;\">ge&ccedil;mi\u015f, babas\u0131n\u0131n Tekkesinin liderli\u011fini yapmaya ba\u015flam\u0131\u015ft\u0131. Zamanla itibar g&ouml;ren \u015eahkulu Baba, n&uuml;fuz kazanarak Alevi T&uuml;rkmenler i&ccedil;erisinde liderlik konumuna &ccedil;\u0131km\u0131\u015ft\u0131.&nbsp;\u015eahkulu, Anadolu&rsquo;da \u015fah \u0130smail lehine faaliyetler y&uuml;r&uuml;tmeye ba\u015flam\u0131\u015f, gerek kendi tekkesine ba\u011fl\u0131 olan tebaas\u0131n\u0131 gerekse di\u011fer Alevi Cemaatleri, Safevi Devletine biata davet etmekten sak\u0131nmam\u0131\u015ft\u0131. \u015eahkulu Baba&rsquo;n\u0131n ba\u015f\u0131n\u0131 &ccedil;ekti\u011fi B&acirc;t\u0131ni isyanc\u0131lar\u0131, Osmanl\u0131 idaresini b&uuml;y&uuml;k zararlara u\u011fratm\u0131\u015f, halka uygulad\u0131klar\u0131 zul&uuml;m, b&uuml;y&uuml;k sorunlara yol a&ccedil;m\u0131\u015f, nihayet isyan zorla bast\u0131r\u0131lm\u0131\u015ft\u0131. Ancak bu isyan B&acirc;t\u0131ni hareketlere cesaret kazand\u0131rm\u0131\u015ft\u0131. Devam eden y\u0131llarda \u015fah \u0130smail ve Safevi yanl\u0131lar\u0131n\u0131n, Osmanl\u0131 aleyhine faaliyetleri artm\u0131\u015ft\u0131. \u015eahkulu \u0130syan\u0131, bast\u0131r\u0131lm\u0131\u015f olsa da Anadolu&rsquo;daki baz\u0131 gruplar isyana haz\u0131rlanm\u0131\u015ft\u0131. &Ccedil;&ouml;z&uuml;lememi\u015f bir sorun olarak uzun y\u0131llar kanam\u0131\u015ft\u0131.<\/span><\/strong><\/p>\n<p style=\"margin-bottom: 0.0001pt; text-align: justify; text-indent: 1cm; line-height: 16pt;\"><strong><span style=\"font-size: 14pt; font-family: 'Arial',sans-serif;\">\u0130ran Seferi Haz\u0131rl\u0131klar\u0131 2 Seneyi Alm\u0131\u015ft\u0131.&nbsp;<\/span><\/strong><\/p>\n<p style=\"margin-bottom: 0.0001pt; text-align: justify; text-indent: 1cm; line-height: 16pt;\"><strong><span style=\"font-size: 12pt; font-family: 'Arial',sans-serif;\">Saltanat m&uuml;cadelesinden galip &ccedil;\u0131karak 1512&rsquo;de Osmanl\u0131 taht\u0131na oturan Yavuz Sultan Selim, giderek b&uuml;y&uuml;yen ayr\u0131l\u0131k&ccedil;\u0131 B&acirc;t\u0131nilik hareketine ve \u015fah \u0130smail&rsquo;e kar\u015f\u0131 b&uuml;y&uuml;k taarruzun haz\u0131rl\u0131klar\u0131n\u0131 yapt\u0131. 1514 bahar\u0131na kadar devaml\u0131 &ccedil;al\u0131\u015ft\u0131. Tarihe \u0130ran Seferi olarak ge&ccedil;en b&uuml;y&uuml;k do\u011fu seferine ba\u015flad\u0131. Bizzat ba\u015f\u0131na ge&ccedil;ti\u011fi ordusuyla Mart ay\u0131nda Edirne&rsquo;den yola &ccedil;\u0131kan Sultan Selim &Ccedil;ald\u0131ran Sava\u015f\u0131&rsquo;n\u0131n ya\u015fand\u0131\u011f\u0131 ovaya yakla\u015f\u0131k 5 ayda ula\u015fm\u0131\u015ft\u0131.&nbsp;<\/span><\/strong><\/p>\n<p style=\"margin-bottom: 0.0001pt; text-align: justify; text-indent: 1cm; line-height: 16pt;\"><strong><span style=\"font-size: 14pt; font-family: 'Arial',sans-serif;\">Yavuz Aramakta, \u015eah \u0130smail Ka&ccedil;maktayd\u0131!&nbsp;<\/span><\/strong><\/p>\n<p style=\"margin-bottom: 0.0001pt; text-align: justify; text-indent: 1cm; line-height: 16pt;\"><strong><span style=\"font-size: 12pt; font-family: 'Arial',sans-serif;\">Yavuz&rsquo;un ordusu Safevi Topraklar\u0131na girmi\u015f ancak \u015fah \u0130smail, hen&uuml;z kar\u015f\u0131s\u0131na &ccedil;\u0131kmam\u0131\u015ft\u0131. Yavuz Sultan Selim, seferini devam ettirmekte, ancak uzun yollar kat eden yorgun ordusu huzursuzlanmaktayd\u0131. \u015eah \u0130smail&rsquo;in kar\u015f\u0131lar\u0131na &ccedil;\u0131kmayaca\u011f\u0131n\u0131 d&uuml;\u015f&uuml;nen ordudaki bir grup, geri d&ouml;n&uuml;lmesi gerekti\u011fini d&uuml;\u015f&uuml;n&uuml;yor, ama bunu Padi\u015faha s&ouml;yleyemiyorlard\u0131. Padi\u015fah\u0131n itimat etti\u011fi ve sevdi\u011fi Karaman Valisi Hemdem Pa\u015fa&rsquo;y\u0131 el&ccedil;i tayin ederek durumu Padi\u015faha ula\u015ft\u0131rm\u0131\u015flard\u0131. Yavuz Sultan Selim, bu duruma hiddetlenerek Hemdem Pa\u015fa&rsquo;y\u0131 cezaland\u0131r\u0131p g&ouml;revinden uzakla\u015ft\u0131rd\u0131.<\/span><\/strong><\/p>\n<p style=\"margin-bottom: 0.0001pt; text-align: justify; text-indent: 1cm; line-height: 16pt;\"><strong><em><span style=\"font-size: 14pt; font-family: 'Arial',sans-serif;\">&ldquo;&Ucirc;l&uuml;lemre \u0130taat Edenlerle, Hedefledi\u011fimiz Yere Kadar Gitmekten Geri Durmayaca\u011f\u0131z!&rdquo;<\/span><\/em><\/strong><em><\/em><\/p>\n<p style=\"margin-bottom: 0.0001pt; text-align: justify; text-indent: 1cm; line-height: 16pt;\"><strong><span style=\"font-size: 12pt; font-family: 'Arial',sans-serif;\">Ordu Ele\u015fkirt civar\u0131na ula\u015ft\u0131\u011f\u0131nda Yeni&ccedil;eriler bu kez ba\u015fkald\u0131rarak<em> &ldquo;D&uuml;\u015fman meydanda yok, bu harap yerlerde ilerlemek askeri beyhude yere telef etmektir.&rdquo; <\/em>yazan bir mektubu Padi\u015fah\u0131n &ccedil;ad\u0131r\u0131na b\u0131rakm\u0131\u015ft\u0131. Hatta Padi\u015fah\u0131n &ccedil;ad\u0131r\u0131na ok atarak da tehditler ya\u011fd\u0131rm\u0131\u015flard\u0131. &nbsp;Yavuz Sultan Selim, bu hadise &uuml;zerine at\u0131na atlayarak Yeni&ccedil;erilerin i&ccedil;ine dal\u0131p, <em>&ldquo;Biz hen&uuml;z kastetti\u011fimiz yere varmad\u0131k, d&uuml;\u015fmanla kar\u015f\u0131la\u015fmad\u0131k, d&ouml;nmek ihtimali yoktur, hatta bunu d&uuml;\u015f&uuml;nmek bile hayaldir. Teess&uuml;f olunur ki \u015eah&rsquo;\u0131n maiyeti kendi efendileri yoluna can verdikleri halde, biz \u015feriat-\u0131 Ahmediyye&rsquo;ye muhalif hareket eden bunlar\u0131 yola getirmek i&ccedil;in bu serhatlara kadar gelmi\u015fken, birtak\u0131m gayretsizler, bizi yolumuzdan geri &ccedil;evirmek isterler. Biz, katiyen yolumuzdan d&ouml;nmeyece\u011fiz. &Ucirc;l&uuml;lemre itaat edenlerle, kastetti\u011fimiz yere kadar gideriz. Kalpleri zay\u0131f olanlar, ehl&uuml; \u0131y&acirc;llerini d&uuml;\u015f&uuml;nenler ve yol zahmetini bahane edenler, kendileri bilirler. D&ouml;nerlerse d&icirc;n-i m&uuml;b&icirc;n yolundan d&ouml;nerler. E\u011fer bahane, &lsquo;d&uuml;\u015fman gelmedi&rsquo; ise, d&uuml;\u015fman daha ileridedir. Er iseniz benimle beraber gelin ve ill&acirc; ben tek ba\u015f\u0131ma da giderim&rdquo;<\/em> diye hayk\u0131rm\u0131\u015ft\u0131. Sultan&rsquo;\u0131n bu tavr\u0131, yeni&ccedil;erileri uyand\u0131rm\u0131\u015ft\u0131. Ordu yeniden yola &ccedil;\u0131km\u0131\u015f, nihayetinde 22 A\u011fustos g&uuml;n&uuml; beklenen haber ula\u015fm\u0131\u015ft\u0131. \u015eah \u0130smail&rsquo;in meydana d&uuml;\u015ft&uuml;\u011f&uuml; haberi al\u0131nm\u0131\u015f, ertesi g&uuml;n iki ordu &nbsp;&Ccedil;ald\u0131ran Ovas\u0131&rsquo;nda kar\u015f\u0131 kar\u015f\u0131ya kalm\u0131\u015ft\u0131.&nbsp;<\/span><\/strong><\/p>\n<p style=\"margin-bottom: 0.0001pt; text-align: justify; text-indent: 1cm; line-height: 16pt;\"><strong><span style=\"font-size: 14pt; font-family: 'Arial',sans-serif;\">&Ccedil;ald\u0131ran Ovas\u0131&rsquo;nda 2 B&uuml;y&uuml;k Ordunun Kap\u0131\u015fmas\u0131.<\/span><\/strong><\/p>\n<p style=\"margin-bottom: 0.0001pt; text-align: justify; text-indent: 1cm; line-height: 16pt;\"><strong><span style=\"font-size: 12pt; font-family: 'Arial',sans-serif;\">Ordusunun merkezinde yer alan Yavuz Sultan Selim&rsquo;in, yan\u0131nda kap\u0131kulu askerleri vard\u0131. Sa\u011f cenahta Anadolu Beylerbeyi Had\u0131m Sinan Pa\u015fa, sol cenahta ise Rumeli Beylerbeyi Hasan Pa\u015fa bulunmaktayd\u0131. Ordunun en &ouml;n&uuml;nde ise Azap askerleri konu\u015flanm\u0131\u015ft\u0131. \u015eah \u0130smail&rsquo;in ordusu ise sa\u011f cenahta en b&uuml;y&uuml;k kumandanlar\u0131 olan Durmu\u015f Han \u015eamlu ve Nur Ali, sol cenahta Diyarbak\u0131r Beylerbeyi Ustacluo\u011flu Mehmet Han yer alm\u0131\u015ft\u0131. \u015eah \u0130smail ve muhaf\u0131zlar\u0131 ordunun en gerisinde ihtiyattayd\u0131. \u0130ki taraf\u0131n kuvvetleri say\u0131ca e\u015fit say\u0131l\u0131r durumdayd\u0131. &nbsp;80-100 bin ki\u015filik bu denk g&uuml;&ccedil;ler i&ccedil;in galibiyeti strateji ve askeri yetenekler belirlemi\u015f olacakt\u0131.&nbsp;Osmanl\u0131 ordusunun en muntazam birli\u011fi yeni&ccedil;erileri, Safevi&rsquo;lerin ise s&uuml;vari birlikleri vard\u0131. Yakla\u015f\u0131k 2 bin 500 kilometre yol gelmi\u015f Osmanl\u0131 ordusunun piyade birliklerine kar\u015f\u0131l\u0131k, daha h\u0131zl\u0131 s&uuml;varileriyle Safevi&rsquo;ler stratejik olarak &uuml;st&uuml;n say\u0131l\u0131rd\u0131.&nbsp;<\/span><\/strong><\/p>\n<p style=\"margin-bottom: 0.0001pt; text-align: justify; text-indent: 1cm; line-height: 16pt;\"><strong><span style=\"font-size: 12pt; font-family: 'Arial',sans-serif;\">Sava\u015f, m&uuml;thi\u015f bir \u015fiddetle ba\u015flam\u0131\u015f, Safevi&rsquo;ler, Osmanl\u0131&rsquo;n\u0131n sol cenah\u0131n\u0131 bozguna u\u011fratm\u0131\u015ft\u0131. Beylerbeyi Hasan Pa\u015fa \u015fehit d&uuml;\u015fm&uuml;\u015f, asker aras\u0131nda bozulmalara yol a&ccedil;m\u0131\u015ft\u0131. &nbsp;Bu zafiyeti Had\u0131m Sinan Pa\u015fa&rsquo;n\u0131n hamleleri gidermeye ba\u015flad\u0131. Zaman\u0131nda ate\u015flenen hafif Osmanl\u0131 toplar\u0131 Safevi&rsquo;lerin &uuml;st&uuml;nl&uuml;\u011f&uuml;n&uuml; bo\u015fa &ccedil;\u0131karm\u0131\u015ft\u0131. Her iki ordunun da sol cenahlar\u0131 a\u011f\u0131r zayiatlara u\u011fram\u0131\u015ft\u0131. Yeni&ccedil;erilerin t&uuml;fek at\u0131\u015flar\u0131yla Osmanl\u0131 ordusu canlanm\u0131\u015ft\u0131. Safevi&rsquo;lerin sa\u011f cenah\u0131 isabetli at\u0131\u015flarla bozguna u\u011fram\u0131\u015f, \u015eah \u0130smail de kolundan yaralanm\u0131\u015ft\u0131. Sonunda Safevi Ordusu, geri &ccedil;ekilmeye mecbur kalm\u0131\u015ft\u0131. \u015eah \u0130smail&rsquo;in esir d&uuml;\u015fmesi s&ouml;z konusuyken, onun gibi giyinen bir Safevi askeri, &ldquo;\u015eah \u0130smail benim&rdquo; diyerek Osmanl\u0131 askerlerini oyalam\u0131\u015ft\u0131. \u015eah \u0130smail ise &ccedil;evresindekiler taraf\u0131ndan oradan ka&ccedil;\u0131r\u0131l\u0131p, Tebriz&rsquo;e ta\u015f\u0131nm\u0131\u015ft\u0131. Safevi Ordusu&rsquo;nun g&uuml;n batmadan da\u011f\u0131tmaya muvaffak olan Yavuz Selim,&nbsp;Tebriz&rsquo;e do\u011fru yola &ccedil;\u0131km\u0131\u015ft\u0131. Osmanl\u0131 Ordusu&rsquo;nun Tebriz&rsquo;e yakla\u015ft\u0131\u011f\u0131n\u0131 haber alan \u015eah \u0130smail, \u0130ran i&ccedil;lerine ka&ccedil;mak zorunda kald\u0131. Yavuz Sultan Selim, Tebriz&rsquo;de 8-9 g&uuml;n kald\u0131ktan sonra, burada ya\u015fayan pek &ccedil;ok sanat erbab\u0131, t&uuml;ccar ve edebiyat&ccedil;\u0131y\u0131 da \u0130stanbul&rsquo;a davet ederek seferini zaferle tamamlam\u0131\u015ft\u0131.<\/span><\/strong><\/p>\n<p style=\"margin-bottom: 0.0001pt; text-align: justify; text-indent: 1cm; line-height: 16pt;\"><strong><span style=\"font-size: 14pt; font-family: 'Arial',sans-serif;\">Avrupa&rsquo;n\u0131n Umutlar\u0131 Ba\u015fka Bahara Kalm\u0131\u015ft\u0131.<\/span><\/strong><\/p>\n<p style=\"margin-bottom: 0.0001pt; text-align: justify; text-indent: 1cm; line-height: 16pt;\"><strong><span style=\"font-size: 12pt; font-family: 'Arial',sans-serif;\">&Ccedil;ald\u0131ran Zaferi&rsquo;yle Erzincan, Bayburt ve Kemah Kaleleri Osmanl\u0131 h&acirc;kimiyetine kat\u0131lm\u0131\u015ft\u0131. Sava\u015f\u0131n tezah&uuml;r&uuml; olarak ortaya &ccedil;\u0131kan Turnada\u011f Zaferi de Dulkadiro\u011fullar\u0131 Beyli\u011fi&rsquo;ne son vermi\u015f, Diyarbak\u0131r, Mardin ve Bitlis Osmanl\u0131 himayesine al\u0131nm\u0131\u015ft\u0131. Yavuz Sultan Selim&rsquo;in bu seferi neticesinde, Anadolu&rsquo;daki Osmanl\u0131 h&acirc;kimiyeti tamamen sa\u011flanm\u0131\u015f, &ldquo;Bat\u0131l\u0131 \u015fer G&uuml;&ccedil;ler&rdquo;i yeni bir korku sarm\u0131\u015ft\u0131.[5]<\/span><\/strong><\/p>\n<p style=\"margin-bottom: 0.0001pt; text-align: justify; text-indent: 1cm; line-height: 16pt;\"><strong><span style=\"font-size: 14pt; font-family: 'Arial',sans-serif;\">\u015eimdi Haydar Ba\u015f&rsquo;a ve yalaka tak\u0131m\u0131na sormak laz\u0131md\u0131: K\u0131v\u0131r\u0131p kaytarmadan cevap verin bakal\u0131m; siz Yavuz Sultan Selim&rsquo;den mi, yoksa Ha&ccedil;l\u0131 Papa&rsquo;n\u0131n i\u015fbirlik&ccedil;isi ve Anadolu&rsquo;daki M&uuml;sl&uuml;man T&uuml;rk birli\u011fini ve dirli\u011fini bozma g&ouml;revlisi sap\u0131k ve m&uuml;naf\u0131k \u015eah \u0130smail&rsquo;den mi yanas\u0131n\u0131z? Sultan Selim&rsquo;in Anadolu birli\u011fini ve Osmanl\u0131 Devleti&rsquo;ni da\u011f\u0131lmaktan kurtaran kutlu zaferine mi, yoksa \u015eah \u0130smail&rsquo;in hezimetine mi &uuml;z&uuml;nt&uuml; duymaktas\u0131n\u0131z?<\/span><\/strong><\/p>\n<p style=\"margin-bottom: 0.0001pt; text-align: justify; text-indent: 1cm; line-height: 16pt;\"><strong><span style=\"font-size: 14pt; font-family: 'Arial',sans-serif;\">Erbakan kar\u015f\u0131tlar\u0131n\u0131n Bat\u0131 hayranl\u0131\u011f\u0131!<\/span><\/strong><\/p>\n<p style=\"margin-bottom: 0.0001pt; text-align: justify; text-indent: 1cm; line-height: 16pt;\"><strong><span style=\"font-size: 12pt; font-family: 'Arial',sans-serif;\">Bat\u0131, barbarl\u0131k ve ahlaks\u0131zl\u0131k medeniyetinin ad\u0131d\u0131r. Rusya da Ha&ccedil;l\u0131 bat\u0131n\u0131n bir par&ccedil;as\u0131d\u0131r. Kapitalizm, Kom&uuml;nizm ve Sosyalizm sistemleri de Bat\u0131n\u0131n baya\u011f\u0131 de\u011fer yarg\u0131lar\u0131n\u0131n bir yans\u0131mas\u0131d\u0131r. Erbakan Hoca&rsquo;n\u0131n AB&rsquo;ye kat\u0131l\u0131m\u0131 kurtulu\u015f kap\u0131s\u0131 sananlara y&ouml;nelik: <\/span><\/strong><strong><em><span style=\"font-size: 14pt; font-family: 'Arial',sans-serif;\">&ldquo;Bu Bat\u0131, eski Roma&rsquo;n\u0131n, o da eski Yunan&rsquo;\u0131n, onlar da eski M\u0131s\u0131r&rsquo;\u0131n ve Firavunluk anlay\u0131\u015f\u0131n\u0131n bir devam\u0131d\u0131r, bunlar temelde ink&acirc;rc\u0131l\u0131\u011fa ve zul&uuml;mk&acirc;rl\u0131\u011fa dayal\u0131d\u0131r!.&rdquo;<\/span><\/em><\/strong><span style=\"font-size: 14pt; font-family: 'Arial',sans-serif;\"> <\/span><strong><span style=\"font-size: 12pt; font-family: 'Arial',sans-serif;\">uyar\u0131lar\u0131 hakl\u0131yd\u0131.<\/span><\/strong><\/p>\n<p style=\"margin-bottom: 0.0001pt; text-align: justify; text-indent: 1cm; line-height: 16pt;\"><strong><span style=\"font-size: 14pt; font-family: 'Arial',sans-serif;\">\u0130\u015fte bu Bat\u0131&rsquo;n\u0131n fikir atalar\u0131ndan Yunanl\u0131 Filozof Platon (Eflatun) kendi DEVLET kitab\u0131nda[6] Yunan Devletinin korunmas\u0131 ve kalk\u0131nmas\u0131 i&ccedil;in, asker ve polislerin kar\u0131lar\u0131n\u0131n ve mallar\u0131n\u0131n ortak olmas\u0131 ve m&uuml;\u015fterek kullan\u0131lmas\u0131, ayr\u0131ca, en g&uuml;&ccedil;l&uuml; ve g&uuml;zel olanlar\u0131n\u0131n &ccedil;ocuklar\u0131n\u0131n se&ccedil;ilip gelece\u011fe haz\u0131rlanmas\u0131 gere\u011fini yazmakta, yani Kom&uuml;nist ve Sosyalist d&uuml;\u015f&uuml;ncenin temellerini atmaktad\u0131r. <\/span><\/strong><\/p>\n<p style=\"margin-bottom: 0.0001pt; text-align: justify; text-indent: 1cm; line-height: 16pt;\"><strong><em><span style=\"font-size: 12pt; font-family: 'Arial',sans-serif;\">&ldquo;&Ouml;yle ya, bek&ccedil;iler ve askerler elbette &ouml;teki yurtta\u015flardan daha iyidir, daha &ouml;nemlidir ve daha &ouml;nceliklidir. (456.e)<\/span><\/em><\/strong><\/p>\n<p style=\"margin-bottom: 0.0001pt; text-align: justify; text-indent: 1cm; line-height: 16pt;\"><strong><em><span style=\"font-size: 12pt; font-family: 'Arial',sans-serif;\">Demek ki, askerlerimizin ve bek&ccedil;ilerimizin kad\u0131nlar\u0131 &ccedil;\u0131r\u0131l&ccedil;\u0131plak soyunacak, g&uuml;zellik de\u011ferleri elbiseleri yerine ge&ccedil;mi\u015f olacak onlar da sava\u015f ve bar\u0131\u015fta devletin b&uuml;t&uuml;n bek&ccedil;ilik i\u015flerini erkeklerle payla\u015facaklar, ba\u015fka i\u015f de g&ouml;rmeyecekler. Yaln\u0131z cinslerinin zay\u0131fl\u0131\u011f\u0131 g&ouml;z &ouml;n&uuml;nde tutularak, onlara erkeklerden daha kolay i\u015fler verilecek. Daha iyiye ula\u015fmak i&ccedil;in, soyunup bedenini &ccedil;al\u0131\u015ft\u0131ran kad\u0131nlara g&uuml;len adama gelince, bu adam dereyi g&ouml;rmeden pa&ccedil;ay\u0131 s\u0131vam\u0131\u015f oluyor, neye g&uuml;ld&uuml;\u011f&uuml;n&uuml;, ne yapt\u0131\u011f\u0131n\u0131 bilmiyor. &Ccedil;&uuml;nk&uuml;, her zaman i&ccedil;in do\u011fru olan bir \u015fey varsa, o da faydal\u0131n\u0131n g&uuml;zel, zararl\u0131n\u0131n &ccedil;irkin oldu\u011fudur. (457.b)<\/span><\/em><\/strong><\/p>\n<p style=\"margin-bottom: 0.0001pt; text-align: justify; text-indent: 1cm; line-height: 16pt;\"><strong><em><span style=\"font-size: 12pt; font-family: 'Arial',sans-serif;\">Bek&ccedil;ilerimizin kad\u0131nlar\u0131 hepsinin aras\u0131nda ortak olacak, hi&ccedil;biri hi&ccedil;bir erkekle ayr\u0131 oturmayacak. &Ccedil;ocuklar da ortak olacak. Baba o\u011flunu, o\u011ful babas\u0131n\u0131 tan\u0131mayacak&hellip; (457.d)<\/span><\/em><\/strong><\/p>\n<p style=\"margin-bottom: 0.0001pt; text-align: justify; text-indent: 1cm; line-height: 16pt;\"><strong><em><span style=\"font-size: 12pt; font-family: 'Arial',sans-serif;\">&Uuml;zerinde anla\u015ft\u0131\u011f\u0131m\u0131z ilkelere g&ouml;re, her iki cinsin de en iyilerinin en fazla, en k&ouml;t&uuml;lerinin de en az &ccedil;iftle\u015fmeleri gerekir. Ayr\u0131ca en k&ouml;t&uuml;lerin de\u011fil, en iyilerinin &ccedil;ocuklar\u0131n\u0131 b&uuml;y&uuml;tmeliyiz ki, s&uuml;r&uuml;n&uuml;n cinsi bozulmas\u0131n. Bunun i&ccedil;in ba\u015f vurulacak &ccedil;areleri yaln\u0131z devlet adamlar\u0131 bilmeli, yoksa bek&ccedil;iler aras\u0131nda &ccedil;at\u0131\u015fmalar olabilir. (459.e)<\/span><\/em><\/strong><\/p>\n<p style=\"margin-bottom: 0.0001pt; text-align: justify; text-indent: 1cm; line-height: 16pt;\"><strong><em><span style=\"font-size: 12pt; font-family: 'Arial',sans-serif;\">Askerler ve bek&ccedil;iler, kar\u0131lar\u0131 ve mallar\u0131 ortak olunca b&ouml;ylece ilk kurallar\u0131m\u0131za ekledi\u011fimiz yeni kurallar, koruyucular\u0131m\u0131z\u0131n ger&ccedil;ekten koruyucu olmalar\u0131n\u0131 b&uuml;sb&uuml;t&uuml;n sa\u011flayacak. Her biri bir ba\u015fka \u015feye de\u011fil, her biri ayn\u0131 \u015feye &ldquo;benim&rdquo; diye sahip &ccedil;\u0131kacak. Teker teker kazand\u0131klar\u0131 \u015feyi biri kendi evine, &ouml;b&uuml;r&uuml; kendi evine g&ouml;t&uuml;rmeye kalkmayacak. Ayr\u0131 ayr\u0131 kad\u0131n ve &ccedil;ocuklarla ayr\u0131 ayr\u0131 sevin&ccedil; ve &uuml;z&uuml;nt&uuml;leri olmayacak. &Ccedil;\u0131karlar\u0131 bir, ama&ccedil;lar\u0131 bir, duygular\u0131 m&uuml;mk&uuml;n oldu\u011fu kadar bir olacak. B&ouml;yle olunca da, devletin par&ccedil;alanmas\u0131na sebep olmayacak.<\/span><\/em><\/strong><\/p>\n<p style=\"margin-bottom: 0.0001pt; text-align: justify; text-indent: 1cm; line-height: 16pt;\"><strong><em><span style=\"font-size: 12pt; font-family: 'Arial',sans-serif;\">&Ouml;yle ya.<\/span><\/em><\/strong><\/p>\n<p style=\"margin-bottom: 0.0001pt; text-align: justify; text-indent: 1cm; line-height: 16pt;\"><strong><em><span style=\"font-size: 12pt; font-family: 'Arial',sans-serif;\">Bedenlerinden ba\u015fka her \u015feyleri ortak olunca, mahkemelere d&uuml;\u015fmeler, birbirlerini su&ccedil;land\u0131rmalar kal\u0131r m\u0131 ortada? Para, &ccedil;ocuk, akraba y&uuml;z&uuml;nden do\u011fan b&uuml;t&uuml;n kavgalardan kurtulurlar. (464 d-e)&rdquo;<\/span><\/em><\/strong><\/p>\n<p style=\"margin-bottom: 0.0001pt; text-align: justify; text-indent: 1cm; line-height: 16pt;\"><strong><span style=\"font-size: 14pt; font-family: 'Arial',sans-serif;\">Bug&uuml;n BATI hayranl\u0131\u011f\u0131, Avrupa, Amerika ve Rusya yanda\u015fl\u0131\u011f\u0131 ve AB&rsquo;ye kat\u0131l\u0131m sevdal\u0131s\u0131 b&uuml;t&uuml;n sa\u011fc\u0131 ve solcu tak\u0131m\u0131n\u0131n kafa ve karakter yap\u0131s\u0131 ve Erbakan g\u0131c\u0131kl\u0131\u011f\u0131n\u0131n hangi temellere dayand\u0131\u011f\u0131, b&ouml;ylece daha iyi anla\u015f\u0131lm\u0131\u015f olmaktad\u0131r.<\/span><\/strong><em><span style=\"font-size: 12pt; font-family: 'Arial',sans-serif;\"> <\/span><\/em><\/p>\n<p style=\"margin-bottom: 0.0001pt; text-align: justify; text-indent: 1cm; line-height: 16pt;\"><strong><em><span style=\"font-size: 12pt; font-family: 'Arial',sans-serif;\">&ldquo;Amerika&rsquo;n\u0131n kurdurdu\u011fu Bo\u011fazi&ccedil;i &Uuml;niversitesi&rsquo;nde, T&uuml;rk tarihi ve T&uuml;rk Edebiyat\u0131 bile bir \u0130ngiliz kitab\u0131ndan &uuml;stelik \u0130ngilizce olarak okutulmaktayd\u0131. Kepazeli\u011fe bak\u0131n. Bunlar d&uuml;zenledikleri sempozyumla ne yap\u0131yorlar bu &uuml;niversitede biliyor musunuz?.. <\/span><\/em><\/strong><strong><em><span style=\"font-size: 14pt; font-family: 'Arial',sans-serif;\">&lsquo;\u0130stanbul&rsquo;u tekrar nas\u0131l Bizans topra\u011f\u0131 yapar\u0131z hangi dalavereyle Sultan Ahmet Camii&rsquo;ni kald\u0131r\u0131p yerine Hipodrum&rsquo;u kurar\u0131z? Bunlar konu\u015fuluyor Bo\u011fazi&ccedil;i &Uuml;niversitesi&rsquo;nde.<\/span><\/em><\/strong><strong><em><span style=\"font-size: 12pt; font-family: 'Arial',sans-serif;\"> \u0130\u015fte sonu&ccedil; ortada&hellip; \u0130smet Pa\u015fa 1947&rsquo;de Amerikal\u0131larla bir anla\u015fma yaparak, T&uuml;rk E\u011fitim sistemini ABD&rsquo;lilere teslim edip &ccedil;\u0131km\u0131\u015ft\u0131r. Bunun belgesi de vard\u0131r. Demi\u015fler ki; <\/span><\/em><\/strong><strong><em><span style=\"font-size: 14pt; font-family: 'Arial',sans-serif;\">Milli E\u011fitim Bakanl\u0131\u011f\u0131 makam\u0131; d&ouml;rd&uuml; T&uuml;rk, d&ouml;rd&uuml; de Amerikal\u0131 olmak &uuml;zere 8 ki\u015fiden olu\u015facak. Ancak, d&ouml;rt Amerikal\u0131dan biri Amerikan el&ccedil;isi olup; onun oyu &lsquo;iki&rsquo; say\u0131lacak. <\/span><\/em><\/strong><strong><em><span style=\"font-size: 12pt; font-family: 'Arial',sans-serif;\">Vaziyetten anla\u015f\u0131laca\u011f\u0131 gibi, T&uuml;rk e\u011fitim sistemini d&uuml;nyan\u0131n en rezil e\u011fitim sistemi haline soktular.&rdquo;<\/span><\/em><\/strong><strong><span style=\"font-size: 12pt; font-family: 'Arial',sans-serif;\"> diyen Oktay Sinano\u011flu bu ger&ccedil;eklere terc&uuml;manl\u0131k yapm\u0131\u015ft\u0131r.<\/span><\/strong><\/p>\n<p style=\"margin-bottom: 0.0001pt; text-align: justify; text-indent: 1cm; line-height: 16pt;\"><strong><span style=\"font-size: 12pt; font-family: 'Arial',sans-serif;\">Evet as\u0131rlard\u0131r b&uuml;t&uuml;n Bat\u0131&rsquo;n\u0131n kafas\u0131nda, <em>&ldquo;End&uuml;l&uuml;s&rsquo;&uuml; sildik bu topraklarda T&uuml;rk-M&uuml;sl&uuml;man laf\u0131 b\u0131rakmayaca\u011f\u0131z.&rdquo;<\/em> d&uuml;\u015f&uuml;ncesini fiiliyata ge&ccedil;irmek vard\u0131r.<\/span><\/strong><\/p>\n<p style=\"margin-bottom: 0.0001pt; text-align: justify; text-indent: 1cm; line-height: 16pt;\"><strong><span style=\"font-size: 14pt; font-family: 'Arial',sans-serif;\">Elbette Amerika ve Avrupa&rsquo;n\u0131n y&ouml;netiminde as\u0131l etkili ve tehlikeli olan bir avu&ccedil; Siyonist tak\u0131m\u0131d\u0131r:<\/span><\/strong><\/p>\n<p style=\"margin-bottom: 0.0001pt; text-align: justify; text-indent: 1cm; line-height: 16pt;\"><strong><span style=\"font-size: 12pt; font-family: 'Arial',sans-serif;\">Evet etkili olanlar ABD&rsquo;nin tepesindeki birka&ccedil; milyon insan, \u0130ngiliz&rsquo;in tepesindeki birka&ccedil; milyon, Fransa&rsquo;n\u0131n da, Almanya&rsquo;n\u0131n da &ouml;yle hatta Rusya&rsquo;n\u0131n bile (ba\u015f\u0131ndaki bu Siyonist tak\u0131m\u0131d\u0131r). Bunlar Anadolu&rsquo;dan M&uuml;sl&uuml;man T&uuml;rk&uuml;n tasfiyesi i&ccedil;in u\u011fra\u015f\u0131yorlar. Y\u0131llarca Ha&ccedil;l\u0131 Seferleri yapt\u0131lar bir t&uuml;rl&uuml; beceremediler bu i\u015fi, sonunda dediler ki biz bu i\u015fi i&ccedil;inden halletmeye bakmal\u0131y\u0131z. Bunlar\u0131 i&ccedil;inden bozarsak, T&uuml;rkl&uuml;k ve M&uuml;sl&uuml;manl\u0131k \u015fuuru b\u0131rakmazsak bunlar\u0131 yozla\u015ft\u0131r\u0131p, yolsuzla\u015ft\u0131r\u0131rsak ve nihayet birbirine d&uuml;\u015f&uuml;r&uuml;p fele\u011fini \u015fa\u015f\u0131rt\u0131rsak, dinini tarih \u015fuurunu ortadan kald\u0131r\u0131rsak, o zaman bu i\u015fi biz rahat&ccedil;a ba\u015far\u0131r\u0131z. \u015eimdi bu plan y&uuml;r&uuml;mektedir T&uuml;rkiye&rsquo;de. Ve bu o kadar h\u0131zl\u0131 ve ba\u015far\u0131l\u0131 y&uuml;r&uuml;m&uuml;\u015ft&uuml;r ki, bunun neticesinde zaten 2000 y\u0131l\u0131n\u0131n ba\u015flar\u0131nda bu i\u015fi bitirece\u011fiz diyorlard\u0131.<\/span><\/strong><\/p>\n<p style=\"margin-bottom: 0.0001pt; text-align: justify; text-indent: 1cm; line-height: 16pt;\"><strong><span style=\"font-size: 12pt; font-family: 'Arial',sans-serif;\">Bunlar &ccedil;ok zengin olurlar. Amerikan ahalisinin de &ccedil;o\u011fu cahildir Cahil b\u0131rak\u0131lm\u0131\u015ft\u0131r b&uuml;y&uuml;k &ccedil;o\u011funlu\u011fu. E\u011fitim sistemi ve bas\u0131n yay\u0131n\u0131yla tam kara cahil bir \u015fekilde b\u0131rak\u0131lm\u0131\u015ft\u0131r. Bu ahalinin kendisi de gariband\u0131r. Onlar\u0131n tepesinde de yiyici birka&ccedil; milyon insan vard\u0131r. ABD&#8217;yi, ABD yapan bunlard\u0131r. Kendilerinde oldu\u011fu gibi b&uuml;t&uuml;n s&ouml;m&uuml;rgelerinde de milletinden kopuk bir ayd\u0131n s\u0131n\u0131f olu\u015fturmu\u015flard\u0131r. T&uuml;rkiye&#8217;de de buna benzer bir durum g&ouml;r&uuml;l&uuml;yor. Fakat T&uuml;rkiye&#8217;de ben vaktiyle \u015funa dikkat ederdim; hani tahsil veya iktisadi olarak s&ouml;z&uuml;m ona alt tabakaya do\u011fru indik&ccedil;e yani gariban halka, k&ouml;yl&uuml;ye falan indi\u011fin zaman onlarda daha bir dinginlik ve derinlik g&ouml;r&uuml;rd&uuml;m. Yani bunlarda daha bir k&uuml;lt&uuml;r vard\u0131, &ccedil;&uuml;nk&uuml; biz Asyal\u0131y\u0131z. Ve bizim binlerce senelik bir k&uuml;lt&uuml;r&uuml;m&uuml;z var. Bu k&uuml;lt&uuml;r h&acirc;l&acirc; oralarda ya\u015f\u0131yor. Ger&ccedil;i bu g&uuml;zel tabakay\u0131 da bug&uuml;nlerde bozuyorlar ya; en b&uuml;y&uuml;k tehlike de buradad\u0131r. Fakat Amerika&#8217;ya gitti\u011fim zaman g&ouml;rd&uuml;\u011f&uuml;m \u015fu ki; &uuml;st tabaka &ccedil;ok keskindir, mesela bilgilidir, &ccedil;al\u0131\u015fkand\u0131r, zekidir orada da a\u015fa\u011f\u0131ya do\u011fru indik&ccedil;e gittik&ccedil;e barbarla\u015f\u0131r, yabanile\u015fir. B&uuml;t&uuml;n Avrupa memleketlerinde de b&ouml;yledir. Neden &ccedil;&uuml;nk&uuml; bunlar\u0131n k&uuml;lt&uuml;r&uuml; birka&ccedil; y&uuml;z seneliktir. \u0130\u015fte bunlar barbar kavimlerin elektronik cihazlar\u0131 yapmay\u0131 &ouml;\u011frenmi\u015f -onu da dev\u015firdikleri insanlar sayesinde yapm\u0131\u015f- insanlard\u0131r. Fizik, kimya, cebir bizden ge&ccedil;medir Bat\u0131&#8217;ya. <em>Bat\u0131&#8217;ya bilimi, felsefeyi, insanl\u0131\u011f\u0131 &ouml;\u011freten Osmanl\u0131&#8217;n\u0131n 1600&#8217;lere kadar olan d&ouml;neminde M&uuml;sl&uuml;man T&uuml;rk milletidir. \u0130\u015fte bunlar bizden ald\u0131klar\u0131 ilimleri bize kar\u015f\u0131 g&uuml;&ccedil; olu\u015fturmak i&ccedil;in kullan\u0131p g&uuml;&ccedil;lendik&ccedil;e bizi ortadan kald\u0131rman\u0131n yollar\u0131n\u0131 aramaya ba\u015flad\u0131lar.<\/em> Bu i\u015fe &ouml;zellikle 1700 ba\u015flar\u0131nda soyunmu\u015flar. Fiziki olarak bunlarla ba\u015fa &ccedil;\u0131kmam\u0131z m&uuml;mk&uuml;n de\u011fil demi\u015fler. Onun i&ccedil;in biz olsa olsa bunlar\u0131 i&ccedil;inden y\u0131kabiliriz demi\u015fler. <\/span><\/strong><\/p>\n<p style=\"margin-bottom: 0.0001pt; text-align: justify; text-indent: 1cm; line-height: 16pt;\"><strong><span style=\"font-size: 12pt; font-family: 'Arial',sans-serif;\">Bir kere \u015funu iyi belirlemek laz\u0131m&#8230; T&uuml;rkiye&#8217;nin AB&rsquo;den umdu\u011fu ne? Belirsiz!.. Evet belirsiz&#8230; T&uuml;rkiye&rsquo;nin politikas\u0131na y&ouml;n veren insanlar\u0131n <\/span><\/strong><strong><em><span style=\"font-size: 14pt; font-family: 'Arial',sans-serif;\">&ldquo;derin bir cehalet&rdquo;,<\/span><\/em><\/strong><span style=\"font-size: 14pt; font-family: 'Arial',sans-serif;\"> <\/span><strong><span style=\"font-size: 12pt; font-family: 'Arial',sans-serif;\">hatta <\/span><\/strong><strong><em><span style=\"font-size: 14pt; font-family: 'Arial',sans-serif;\">&ldquo;h\u0131yanet&rdquo;,<\/span><\/em><\/strong><span style=\"font-size: 14pt; font-family: 'Arial',sans-serif;\"> <\/span><strong><span style=\"font-size: 12pt; font-family: 'Arial',sans-serif;\">i&ccedil;erisinde olduklar\u0131n\u0131 s&ouml;yleyebilirim. Bunu a&ccedil;\u0131kl\u0131kla belirtmekteyim&hellip; D\u0131\u015f mihraklarda ve &ldquo;&ouml;rt&uuml;l&uuml; g&ouml;vdeye&rdquo; g&ouml;re y&ouml;n &ccedil;izen medya organlar\u0131 vas\u0131tas\u0131yla T&uuml;rkiye politikalar\u0131 belirleniyor. T&uuml;rkiye ne umuyor Avrupa Birli\u011finden?.. E\u011fer umdu\u011fu bir \u015fey varsa, T&uuml;rkiye siyasetine y&ouml;n veren (sa\u011fc\u0131 ve solcu) insanlar\u0131n yaz\u0131lar\u0131ndan, beyanatlar\u0131ndan, d\u0131\u015f ve i&ccedil; irtibatlar\u0131ndan bunu anlamam\u0131z, g&ouml;rmemiz laz\u0131m. Hay\u0131r!.. Niye hay\u0131r, T&uuml;rkiye&#8217;nin en cahil insanlar\u0131 siyaset haremine dolmu\u015f da ondan. Adeta k&uuml;&ccedil;&uuml;k &ccedil;ocuklar\u0131n &ldquo;lelepop&rdquo; sevdas\u0131 gibi &ldquo;Avrupa Birli\u011fine girersek bize para akacak, T&uuml;rkiye&rsquo;de refah toplumu olacak&rdquo; \u015feklinde kal\u0131b\u0131 &ccedil;\u0131kar\u0131lm\u0131\u015f c&uuml;mlelerin d\u0131\u015f\u0131nda ortada bir \u015fey bulunmamaktad\u0131r. Tabii Avrupal\u0131lar aptal ya, &ccedil;al\u0131\u015f\u0131p T&uuml;rklere yedirecekleri san\u0131lmaktad\u0131r.<\/span><\/strong><\/p>\n<p style=\"margin-bottom: 0.0001pt; text-align: justify; text-indent: 1cm; line-height: 16pt;\"><strong><span style=\"font-size: 12pt; font-family: 'Arial',sans-serif;\">Bu arada &ldquo;K&uuml;reselle\u015fme&rdquo; sevdas\u0131 ve safsatas\u0131 milli devletleri ciddi manada tehdit etmeye ba\u015flam\u0131\u015ft\u0131r. &Ccedil;&uuml;nk&uuml; k&uuml;reselle\u015fme, Siyonizm&rsquo;in &ldquo;s\u0131n\u0131rs\u0131z bir d&uuml;nya&rdquo; ve &ldquo;bir tek d&uuml;nya&rdquo; devleti tasar\u0131m\u0131n\u0131n alt yap\u0131s\u0131d\u0131r. Malezya Ba\u015fbakan\u0131 Mahathir Muhammed&rsquo;in bir konu\u015fmas\u0131nda s&ouml;ylemi\u015f oldu\u011fu &ccedil;ok dikkat &ccedil;ekici bir c&uuml;mle vard\u0131r:<em> &ldquo;K&uuml;reselle\u015fme, bize s\u0131n\u0131rs\u0131z bir d&uuml;nya vaat etmektedir, asl\u0131nda bu &uuml;st&uuml; kapal\u0131 &ccedil;ok ciddi bir tehlikedir. E\u011fer benim vatan\u0131m\u0131n s\u0131n\u0131rlar\u0131 olmayacaksa haliyle bu benim &uuml;lkem de olmayacak demektir.&rdquo;<\/em> ifadeleri &ccedil;ok ciddi bir itiraft\u0131r.<\/span><\/strong><\/p>\n<p style=\"margin-bottom: 0.0001pt; text-align: justify; text-indent: 1cm; line-height: 15.9pt;\"><strong><span style=\"font-size: 10pt; font-family: 'Arial',sans-serif;\"><\/span><\/strong><\/p>\n<p style=\"margin-bottom: 0.0001pt; text-align: justify; text-indent: 297.7pt; line-height: normal;\"><strong><span style=\"font-size: 14pt; font-family: 'Arial',sans-serif;\">Ufuk EFE<\/span><\/strong><\/p>\n<p style=\"margin-bottom: 0.0001pt; text-align: justify; text-indent: 212.65pt; line-height: normal;\"><strong><span style=\"font-size: 12pt; font-family: 'Arial',sans-serif;\">Bili\u015fim Uzman\u0131 &ndash; Kara Harp Okulu Mezunu<\/span><\/strong><\/p>\n<p>&nbsp;<\/p>\n<hr style=\"text-align: left;\" size=\"1\" width=\"33%\" \/>\n<p><a href=\"#ftnref1\" id=\"ftn1\" style=\"vertical-align: super;\">[1]<\/a><span style=\"font-size: 9pt; font-family: 'Arial',sans-serif;\"> 15 Temmuz 2017 &ndash; Yeni mesaj<\/span><\/p>\n<p><a href=\"#ftnref2\" id=\"ftn2\" style=\"vertical-align: super;\">[2]<\/a><span style=\"font-size: 9pt; font-family: 'Arial',sans-serif;\"> 23 07 2017 \/ Achtung \/ S&ouml;zc&uuml; Gazetesi<\/span><\/p>\n<p><a href=\"#ftnref3\" id=\"ftn3\" style=\"vertical-align: super;\">[3]<\/a><span style=\"font-size: 9pt; font-family: 'Arial',sans-serif;\"> Kaynak: <a href=\"http:\/\/www.yenisafak.com\/yazarlar\/tamerkorkmaz\/derin-kaz\">http:\/\/www.yenisafak.com\/yazarlar\/tamerkorkmaz\/derin-kaz<\/a><\/span><\/p>\n<p style=\"margin-bottom: 0.0001pt; line-height: normal;\"><a href=\"#ftnref4\" id=\"ftn4\" style=\"vertical-align: super;\">[4]<\/a><span style=\"font-size: 9pt; font-family: 'Arial',sans-serif;\"> <span class=\"nivistarih\">24 Temmuz 2017 \/ <\/span>Veysi Sar\u0131s&ouml;zen \/ Yeni &Ouml;zg&uuml;r Politika<\/span><\/p>\n<p><a href=\"#ftnref5\" id=\"ftn5\" style=\"vertical-align: super;\">[5]<\/a><span style=\"font-size: 9pt; font-family: 'Arial',sans-serif;\"> Milli Gazete \/ 01 08 2017 &ndash; SH. 17<\/span><\/p>\n<p><a href=\"#ftnref6\" id=\"ftn6\" style=\"vertical-align: super;\">[6]<\/a><span style=\"font-size: 9pt; font-family: 'Arial',sans-serif;\"> (&Ccedil;eviri: Sabahattin Eyubo\u011flu ve M. Ali Cimcoz Remzi Kitabevi 6. bas\u0131m 1988 Sh. 145-148 ve 153)<\/span><\/p>\n","protected":false},"excerpt":{"rendered":"<p>Sahte \u015feyh ve sahte Profes&ouml;r Haydar Ba\u015f&rsquo;\u0131n Bas\u0131n M&uuml;ritlerinden Yusuf Karaca; &ldquo;Erbakan FET&Ouml; ile m&uuml;cadele etmedi&rdquo; yaz\u0131s\u0131nda \u015fu safsatalar\u0131 z\u0131rvalam\u0131\u015ft\u0131: &ldquo;Bug&uuml;n, ke&ccedil;ilerden s&ouml;z edecektim. D&uuml;nden s&ouml;z&uuml;m vard\u0131 ama farkl\u0131 bir g&uuml;ndemin i&ccedil;ine d&uuml;\u015ft&uuml;m!&nbsp;Say\u0131n Binali Y\u0131ld\u0131r\u0131m, &ldquo;FET&Ouml; ile bug&uuml;ne kadar, iki isim m&uuml;cadele etmi\u015ftir. Biri merhum Erbakan, di\u011feri Say\u0131n Erdo\u011fan&rsquo;d\u0131r&rdquo; deyince, ke&ccedil;ileri ka&ccedil;\u0131rd\u0131m!.. Say\u0131n Erdo\u011fan&rsquo;\u0131n &ldquo;17\/25 [&hellip;]<\/p>\n","protected":false},"author":1,"featured_media":0,"comment_status":"open","ping_status":"closed","sticky":false,"template":"","format":"standard","meta":{"footnotes":""},"categories":[98],"tags":[],"class_list":["post-4360","post","type-post","status-publish","format-standard","hentry","category-ozel-yazilar"],"_links":{"self":[{"href":"https:\/\/www.millicozum.com\/mc\/wp-json\/wp\/v2\/posts\/4360","targetHints":{"allow":["GET"]}}],"collection":[{"href":"https:\/\/www.millicozum.com\/mc\/wp-json\/wp\/v2\/posts"}],"about":[{"href":"https:\/\/www.millicozum.com\/mc\/wp-json\/wp\/v2\/types\/post"}],"author":[{"embeddable":true,"href":"https:\/\/www.millicozum.com\/mc\/wp-json\/wp\/v2\/users\/1"}],"replies":[{"embeddable":true,"href":"https:\/\/www.millicozum.com\/mc\/wp-json\/wp\/v2\/comments?post=4360"}],"version-history":[{"count":0,"href":"https:\/\/www.millicozum.com\/mc\/wp-json\/wp\/v2\/posts\/4360\/revisions"}],"wp:attachment":[{"href":"https:\/\/www.millicozum.com\/mc\/wp-json\/wp\/v2\/media?parent=4360"}],"wp:term":[{"taxonomy":"category","embeddable":true,"href":"https:\/\/www.millicozum.com\/mc\/wp-json\/wp\/v2\/categories?post=4360"},{"taxonomy":"post_tag","embeddable":true,"href":"https:\/\/www.millicozum.com\/mc\/wp-json\/wp\/v2\/tags?post=4360"}],"curies":[{"name":"wp","href":"https:\/\/api.w.org\/{rel}","templated":true}]}}