{"id":4362,"date":"2017-08-11T15:54:33","date_gmt":"2017-08-11T15:54:33","guid":{"rendered":"https:\/\/www.millicozum.com\/mc\/2017\/08\/11\/ya-rabbi-mahrum-eyleme-siir\/"},"modified":"2017-08-11T15:54:33","modified_gmt":"2017-08-11T15:54:33","slug":"ya-rabbi-mahrum-eyleme-siir","status":"publish","type":"post","link":"https:\/\/www.millicozum.com\/mc\/ozel-yazilar\/ya-rabbi-mahrum-eyleme-siir\/","title":{"rendered":"YA RABB\u0130, MAHRUM EYLEME (\u015e\u0130\u0130R)"},"content":{"rendered":"\n<p style=\"margin-bottom: 0.0001pt; text-align: justify; text-indent: 92.15pt;\"><strong><span style=\"font-size: 20pt; font-family: 'Arial',sans-serif;\">YA RABB\u0130, MAHRUM EYLEME<\/span><\/strong><\/p>\n<p style=\"margin-bottom: 0.0001pt; text-align: justify; text-indent: 4cm;\"><strong><span style=\"font-size: 22pt; font-family: 'Arial',sans-serif;\">&nbsp;&nbsp;&nbsp;&nbsp; <\/span><\/strong><\/p>\n<p style=\"margin-bottom: 0.0001pt; text-align: justify; text-indent: 4cm;\"><strong><span style=\"font-size: 14pt; font-family: 'Arial',sans-serif;\">Va&rsquo;din hakt\u0131r, ha\u015fa; \u015fa\u015fmaz bir milim<\/span><\/strong><\/p>\n<p style=\"margin-bottom: 0.0001pt; text-align: justify; text-indent: 4cm;\"><strong><span style=\"font-size: 14pt; font-family: 'Arial',sans-serif;\">Ya Rabbi l&uuml;tfundan, mahrum eyleme&hellip;<\/span><\/strong><\/p>\n<p style=\"margin-bottom: 0.0001pt; text-align: justify; text-indent: 4cm;\"><strong><span style=\"font-size: 14pt; font-family: 'Arial',sans-serif;\">Tecelli s\u0131rlar\u0131n, a&ccedil;maz bu dilim<\/span><\/strong><\/p>\n<p style=\"margin-bottom: 0.0001pt; text-align: justify; text-indent: 4cm;\"><strong><span style=\"font-size: 14pt; font-family: 'Arial',sans-serif;\">\u0130man ettik gayr\u0131, mahcup eyleme&hellip;<\/span><\/strong><\/p>\n<p style=\"margin-bottom: 0.0001pt; text-align: justify; text-indent: 4cm;\"><strong><span style=\"font-size: 14pt; font-family: 'Arial',sans-serif;\">\u0130lahi bu sefer, mahrum eyleme&hellip;<\/span><\/strong><\/p>\n<p style=\"margin-bottom: 0.0001pt; text-align: justify; text-indent: 4cm;\"><strong><span style=\"font-size: 14pt; font-family: 'Arial',sans-serif;\">&nbsp;&nbsp;&nbsp;&nbsp; <\/span><\/strong><\/p>\n<p style=\"margin-bottom: 0.0001pt; text-align: justify; text-indent: 4cm;\"><strong><span style=\"font-size: 14pt; font-family: 'Arial',sans-serif;\">Her \u015fey takdirindir, yapt\u0131n &ouml;zenle<\/span><\/strong><\/p>\n<p style=\"margin-bottom: 0.0001pt; text-align: justify; text-indent: 4cm;\"><strong><span style=\"font-size: 14pt; font-family: 'Arial',sans-serif;\">Hakk\u0131 h&acirc;kim eyle, Adil D&uuml;zenle<\/span><\/strong><\/p>\n<p style=\"margin-bottom: 0.0001pt; text-align: justify; text-indent: 4cm;\"><strong><span style=\"font-size: 14pt; font-family: 'Arial',sans-serif;\">Y\u0131k\u0131ls\u0131n Siyonizm, halk\u0131 ezenle<\/span><\/strong><\/p>\n<p style=\"margin-bottom: 0.0001pt; text-align: justify; text-indent: 4cm;\"><strong><span style=\"font-size: 14pt; font-family: 'Arial',sans-serif;\">Bekliyoruz bizi, mahzun eyleme&hellip; <\/span><\/strong><\/p>\n<p style=\"margin-bottom: 0.0001pt; text-align: justify; text-indent: 4cm;\"><strong><span style=\"font-size: 14pt; font-family: 'Arial',sans-serif;\">\u0130lahi bu sefer, mahrum eyleme&hellip;<\/span><\/strong><\/p>\n<p style=\"margin-bottom: 0.0001pt; text-align: justify; text-indent: 4cm;\"><strong><span style=\"font-size: 14pt; font-family: 'Arial',sans-serif;\">&nbsp;&nbsp;&nbsp;&nbsp; <\/span><\/strong><\/p>\n<p style=\"margin-bottom: 0.0001pt; text-align: justify; text-indent: 4cm;\"><strong><span style=\"font-size: 14pt; font-family: 'Arial',sans-serif;\">\u0130zzet azametin, kahir eylesen<\/span><\/strong><\/p>\n<p style=\"margin-bottom: 0.0001pt; text-align: justify; text-indent: 4cm;\"><strong><span style=\"font-size: 14pt; font-family: 'Arial',sans-serif;\">\u0130ntikam vaktini, zahir eylesen<\/span><\/strong><\/p>\n<p style=\"margin-bottom: 0.0001pt; text-align: justify; text-indent: 4cm;\"><strong><span style=\"font-size: 14pt; font-family: 'Arial',sans-serif;\">\u015eirkten \u015fekavetten, tahir eylesen<\/span><\/strong><\/p>\n<p style=\"margin-bottom: 0.0001pt; text-align: justify; text-indent: 4cm;\"><strong><span style=\"font-size: 14pt; font-family: 'Arial',sans-serif;\">Kalbimiz karart\u0131p, kurum eyleme&hellip;<\/span><\/strong><\/p>\n<p style=\"margin-bottom: 0.0001pt; text-align: justify; text-indent: 4cm;\"><strong><span style=\"font-size: 14pt; font-family: 'Arial',sans-serif;\">\u0130lahi bu sefer, mahrum eyleme&hellip;<\/span><\/strong><\/p>\n<p style=\"margin-bottom: 0.0001pt; text-align: justify; text-indent: 4cm;\"><strong><span style=\"font-size: 14pt; font-family: 'Arial',sans-serif;\">&nbsp;&nbsp;&nbsp;&nbsp; <\/span><\/strong><\/p>\n<p style=\"margin-bottom: 0.0001pt; text-align: justify; text-indent: 4cm;\"><strong><span style=\"font-size: 14pt; font-family: 'Arial',sans-serif;\">Hep umut ba\u011flad\u0131k, Kur&rsquo;an s&ouml;z&uuml;ne<\/span><\/strong><\/p>\n<p style=\"margin-bottom: 0.0001pt; text-align: justify; text-indent: 4cm;\"><strong><span style=\"font-size: 14pt; font-family: 'Arial',sans-serif;\">D&ouml;ns&uuml;n bu insanl\u0131k, \u0130slam &ouml;z&uuml;ne<\/span><\/strong><\/p>\n<p style=\"margin-bottom: 0.0001pt; text-align: justify; text-indent: 4cm;\"><strong><span style=\"font-size: 14pt; font-family: 'Arial',sans-serif;\">Sab\u0131r ver dayans\u0131n, iman k&ouml;z&uuml;ne<\/span><\/strong><\/p>\n<p style=\"margin-bottom: 0.0001pt; text-align: justify; text-indent: 4cm;\"><strong><span style=\"font-size: 14pt; font-family: 'Arial',sans-serif;\">Harun eyle bizi, Karun eyleme&hellip;<\/span><\/strong><\/p>\n<p style=\"margin-bottom: 0.0001pt; text-align: justify; text-indent: 4cm;\"><strong><span style=\"font-size: 14pt; font-family: 'Arial',sans-serif;\">\u0130lahi bu sefer, mahrum eyleme&hellip;<\/span><\/strong><\/p>\n<p style=\"margin-bottom: 0.0001pt; text-align: justify; text-indent: 4cm;\"><strong><span style=\"font-size: 14pt; font-family: 'Arial',sans-serif;\">&nbsp;&nbsp;&nbsp;&nbsp; <\/span><\/strong><\/p>\n<p style=\"margin-bottom: 0.0001pt; text-align: justify; text-indent: 4cm;\"><strong><span style=\"font-size: 14pt; font-family: 'Arial',sans-serif;\">Huzurla kavu\u015ftur, kutlu Kurbana<\/span><\/strong><\/p>\n<p style=\"margin-bottom: 0.0001pt; text-align: justify; text-indent: 4cm;\"><strong><span style=\"font-size: 14pt; font-family: 'Arial',sans-serif;\">Milli &Ccedil;&ouml;z&uuml;m haz\u0131r, mutlu bayrama<\/span><\/strong><\/p>\n<p style=\"margin-bottom: 0.0001pt; text-align: justify; text-indent: 4cm;\"><strong><span style=\"font-size: 14pt; font-family: 'Arial',sans-serif;\">Sevindir sad\u0131klar, d&ouml;ns&uuml;n hayrana<\/span><\/strong><\/p>\n<p style=\"margin-bottom: 0.0001pt; text-align: justify; text-indent: 4cm;\"><strong><span style=\"font-size: 14pt; font-family: 'Arial',sans-serif;\">Sevdam\u0131z\u0131 y\u0131k\u0131p, sorun eyleme&hellip;<\/span><\/strong><\/p>\n<p style=\"margin-bottom: 0.0001pt; text-align: justify; text-indent: 4cm;\"><strong><span style=\"font-size: 14pt; font-family: 'Arial',sans-serif;\">\u0130lahi bu sefer, mahrum eyleme&hellip;<\/span><\/strong><\/p>\n<p style=\"margin-bottom: 0.0001pt; text-align: justify; text-indent: 4cm;\"><strong><span style=\"font-size: 14pt; font-family: 'Arial',sans-serif;\">&nbsp;&nbsp;&nbsp;&nbsp; <\/span><\/strong><\/p>\n<p style=\"margin-bottom: 0.0001pt; text-align: justify; text-indent: 4cm;\"><strong><span style=\"font-size: 14pt; font-family: 'Arial',sans-serif;\">Erbakan Hocam\u0131n, a&ccedil;t\u0131\u011f\u0131 yoldan<\/span><\/strong><\/p>\n<p style=\"margin-bottom: 0.0001pt; text-align: justify; text-indent: 4cm;\"><strong><span style=\"font-size: 14pt; font-family: 'Arial',sans-serif;\">Zafere ula\u015ft\u0131r, bizi d&ouml;rt koldan<\/span><\/strong><\/p>\n<p style=\"margin-bottom: 0.0001pt; text-align: justify; text-indent: 4cm;\"><strong><span style=\"font-size: 14pt; font-family: 'Arial',sans-serif;\">Sen koru \u015eeytandan, m&uuml;naf\u0131k kuldan<\/span><\/strong><\/p>\n<p style=\"margin-bottom: 0.0001pt; text-align: justify; text-indent: 4cm;\"><strong><span style=\"font-size: 14pt; font-family: 'Arial',sans-serif;\">Hain zalimlere, mahk&ucirc;m eyleme&hellip;<\/span><\/strong><\/p>\n<p style=\"margin-bottom: 0.0001pt; text-align: justify; text-indent: 4cm;\"><strong><span style=\"font-size: 14pt; font-family: 'Arial',sans-serif;\">\u0130lahi bu sefer, mahrum eyleme&hellip;<\/span><\/strong><\/p>\n<p style=\"margin-bottom: 0.0001pt; text-align: justify; text-indent: 4cm;\"><strong><span style=\"font-size: 14pt; font-family: 'Arial',sans-serif;\">&nbsp;&nbsp;&nbsp;&nbsp; <\/span><\/strong><\/p>\n<p style=\"margin-bottom: 0.0001pt; text-align: justify; text-indent: 4cm;\"><strong><span style=\"font-size: 14pt; font-family: 'Arial',sans-serif;\">Ayet ayet Kur&rsquo;an, her sat\u0131r\u0131na<\/span><\/strong><\/p>\n<p style=\"margin-bottom: 0.0001pt; text-align: justify; text-indent: 4cm;\"><strong><span style=\"font-size: 14pt; font-family: 'Arial',sans-serif;\">Azd\u0131r\u0131p uydurma, nefs kat\u0131r\u0131na<\/span><\/strong><\/p>\n<p style=\"margin-bottom: 0.0001pt; text-align: justify; text-indent: 4cm;\"><strong><span style=\"font-size: 14pt; font-family: 'Arial',sans-serif;\">Davan\u0131n a\u015fk\u0131na, dost hat\u0131r\u0131na<\/span><\/strong><\/p>\n<p style=\"margin-bottom: 0.0001pt; text-align: justify; text-indent: 4cm;\"><strong><span style=\"font-size: 14pt; font-family: 'Arial',sans-serif;\">Zelil hakir k\u0131l\u0131p, mazlum eyleme&hellip;<\/span><\/strong><\/p>\n<p style=\"margin-bottom: 0.0001pt; text-align: justify; text-indent: 4cm;\"><strong><span style=\"font-size: 14pt; font-family: 'Arial',sans-serif;\">\u0130lahi bu sefer, mahrum eyleme&hellip;<\/span><\/strong><\/p>\n<p style=\"margin-bottom: 0.0001pt; text-align: justify; text-indent: 4cm;\"><strong><span style=\"font-size: 14pt; font-family: 'Arial',sans-serif;\">&nbsp;&nbsp;&nbsp;&nbsp; <\/span><\/strong><\/p>\n<p style=\"margin-bottom: 0.0001pt; text-align: justify; text-indent: 4cm;\"><strong><span style=\"font-size: 14pt; font-family: 'Arial',sans-serif;\">Adil D&uuml;zen, Milli &Ccedil;&ouml;z&uuml;m davam\u0131z<\/span><\/strong><\/p>\n<p style=\"margin-bottom: 0.0001pt; text-align: justify; text-indent: 4cm;\"><strong><span style=\"font-size: 14pt; font-family: 'Arial',sans-serif;\">Dost, yar\u0131m kalmas\u0131n, kutlu sevdam\u0131z<\/span><\/strong><\/p>\n<p style=\"margin-bottom: 0.0001pt; text-align: justify; text-indent: 4cm;\"><strong><span style=\"font-size: 14pt; font-family: 'Arial',sans-serif;\">Hamd&uuml; sena olsun, bu son duam\u0131z<\/span><\/strong><\/p>\n<p style=\"margin-bottom: 0.0001pt; text-align: justify; text-indent: 4cm;\"><strong><span style=\"font-size: 14pt; font-family: 'Arial',sans-serif;\">Taklit&ccedil;i tavizci, maymun eyleme&hellip;<\/span><\/strong><\/p>\n<p style=\"margin-bottom: 0.0001pt; text-align: justify; text-indent: 4cm;\"><strong><span style=\"font-size: 14pt; font-family: 'Arial',sans-serif;\">\u0130lahi bu sefer, mahrum eyleme&hellip; <\/span><\/strong><\/p>\n<p style=\"margin-bottom: 0.0001pt; text-align: justify; text-indent: 4cm;\"><strong><span style=\"font-size: 14pt; font-family: 'Arial',sans-serif;\">&nbsp;&nbsp;&nbsp;&nbsp; <\/span><\/strong><\/p>\n<p style=\"margin-bottom: 0.0001pt; text-align: justify; text-indent: 1cm; line-height: 16pt;\"><span style=\"font-size: 10pt; font-family: 'Arial',sans-serif;\"><\/span><\/p>\n","protected":false},"excerpt":{"rendered":"<p>YA RABB\u0130, MAHRUM EYLEME &nbsp;&nbsp;&nbsp;&nbsp; Va&rsquo;din hakt\u0131r, ha\u015fa; \u015fa\u015fmaz bir milim Ya Rabbi l&uuml;tfundan, mahrum eyleme&hellip; Tecelli s\u0131rlar\u0131n, a&ccedil;maz bu dilim \u0130man ettik gayr\u0131, mahcup eyleme&hellip; \u0130lahi bu sefer, mahrum eyleme&hellip; &nbsp;&nbsp;&nbsp;&nbsp; Her \u015fey takdirindir, yapt\u0131n &ouml;zenle Hakk\u0131 h&acirc;kim eyle, Adil D&uuml;zenle Y\u0131k\u0131ls\u0131n Siyonizm, halk\u0131 ezenle Bekliyoruz bizi, mahzun eyleme&hellip; \u0130lahi bu sefer, mahrum eyleme&hellip; [&hellip;]<\/p>\n","protected":false},"author":90,"featured_media":0,"comment_status":"open","ping_status":"closed","sticky":false,"template":"","format":"standard","meta":{"footnotes":""},"categories":[98],"tags":[],"class_list":["post-4362","post","type-post","status-publish","format-standard","hentry","category-ozel-yazilar"],"_links":{"self":[{"href":"https:\/\/www.millicozum.com\/mc\/wp-json\/wp\/v2\/posts\/4362","targetHints":{"allow":["GET"]}}],"collection":[{"href":"https:\/\/www.millicozum.com\/mc\/wp-json\/wp\/v2\/posts"}],"about":[{"href":"https:\/\/www.millicozum.com\/mc\/wp-json\/wp\/v2\/types\/post"}],"author":[{"embeddable":true,"href":"https:\/\/www.millicozum.com\/mc\/wp-json\/wp\/v2\/users\/90"}],"replies":[{"embeddable":true,"href":"https:\/\/www.millicozum.com\/mc\/wp-json\/wp\/v2\/comments?post=4362"}],"version-history":[{"count":0,"href":"https:\/\/www.millicozum.com\/mc\/wp-json\/wp\/v2\/posts\/4362\/revisions"}],"wp:attachment":[{"href":"https:\/\/www.millicozum.com\/mc\/wp-json\/wp\/v2\/media?parent=4362"}],"wp:term":[{"taxonomy":"category","embeddable":true,"href":"https:\/\/www.millicozum.com\/mc\/wp-json\/wp\/v2\/categories?post=4362"},{"taxonomy":"post_tag","embeddable":true,"href":"https:\/\/www.millicozum.com\/mc\/wp-json\/wp\/v2\/tags?post=4362"}],"curies":[{"name":"wp","href":"https:\/\/api.w.org\/{rel}","templated":true}]}}