{"id":4593,"date":"2018-01-23T14:15:48","date_gmt":"2018-01-23T14:15:48","guid":{"rendered":"https:\/\/www.millicozum.com\/mc\/2018\/01\/23\/bir-ruya-aleminde-erbakan-hocanin-afrin-mesaji\/"},"modified":"2018-01-23T14:15:48","modified_gmt":"2018-01-23T14:15:48","slug":"bir-ruya-aleminde-erbakan-hocanin-afrin-mesaji","status":"publish","type":"post","link":"https:\/\/www.millicozum.com\/mc\/ozel-yazilar\/bir-ruya-aleminde-erbakan-hocanin-afrin-mesaji\/","title":{"rendered":"Bir R\u00fcya \u00c2leminde Erbakan Hoca\u2019n\u0131n Afrin Mesaj\u0131"},"content":{"rendered":"\n<p style=\"margin-bottom: 0.0001pt; text-align: center;\"><strong><span style=\"font-size: 18pt; font-family: 'Arial', sans-serif;\">Bir R&uuml;ya &Acirc;leminde Erbakan Hoca&rsquo;n\u0131n Afrin Mesaj\u0131<\/span><\/strong><\/p>\n<p>&nbsp;<\/p>\n<p style=\"margin-bottom: 0.0001pt; text-align: justify; text-indent: 1cm; line-height: 16pt;\"><strong><span style=\"font-size: 14pt; font-family: 'Arial', sans-serif;\"><\/span><\/strong><\/p>\n<p style=\"margin-bottom: 0.0001pt; text-align: justify; text-indent: 1cm; line-height: 16pt;\"><strong><span style=\"font-size: 14pt; font-family: 'Arial', sans-serif;\">Fatma BET&Uuml;L ER\u0130\u015eK\u0130N \/ Ankara-K\u0131z\u0131lcahamam Kamp\u0131 \/ 23.01.2018<\/span><\/strong><\/p>\n<p style=\"margin-bottom: 0.0001pt; text-align: justify; text-indent: 1cm; line-height: 16pt;\"><strong><span style=\"font-size: 14pt; font-family: 'Arial', sans-serif;\"><\/span><\/strong><\/p>\n<p style=\"margin-bottom: 0.0001pt; text-align: justify; text-indent: 1cm; line-height: 16pt;\"><strong><span style=\"font-size: 14pt; font-family: 'Arial', sans-serif;\">R&uuml;yamda:<\/span><\/strong><\/p>\n<p style=\"margin-bottom: 0.0001pt; text-align: justify; text-indent: 1cm; line-height: 16pt;\"><strong><span style=\"font-size: 12pt; font-family: 'Arial', sans-serif;\">K&uuml;&ccedil;&uuml;k bir jet u&ccedil;akta oluyoruz fakat u&ccedil;a\u011f\u0131n i&ccedil;i ev gibi d&ouml;\u015fenmi\u015f.<\/span><\/strong><strong><span style=\"font-size: 14pt; font-family: 'Arial', sans-serif;\"> Aziz Erbakan Hocam\u0131z ve Muhterem Ahmet Hocam\u0131z <\/span><\/strong><strong><span style=\"font-size: 12pt; font-family: 'Arial', sans-serif;\">u&ccedil;a\u011f\u0131n pilot kokpitindeler ve askeri kamuflaj elbisesi giymi\u015fler. Bana 100 kadar A4 k&acirc;\u011f\u0131t vermi\u015fler. K&acirc;\u011f\u0131tlarda (son operasyonlar ve b&uuml;y&uuml;k zafer haz\u0131rl\u0131klar\u0131yla ilgili, &ccedil;ok &ouml;nemli ve gizli) krokiler varm\u0131\u015f.<\/span><\/strong><strong><span style=\"font-size: 14pt; font-family: 'Arial', sans-serif;\"> Erbakan Hocam\u0131z: <em>&#8220;Bu krokileri ezberle, daha sonra hepsini yak, Kimsenin eline ge&ccedil;mesin. E\u011fer ki bu krokilerin ezberinde oldu\u011funu anlayan olursa seni &ouml;ld&uuml;r&uuml;nceye veya gelip biz seni kurtar\u0131ncaya kadar bu krokileri unut. Bunlar bundan sonra senindir. Biz iki, sen &uuml;&ccedil;&uuml;nc&uuml; ki\u015fisin. D&ouml;rd&uuml;nc&uuml; herhangi birinin daha bu krokilerden haberi olursa burada da hesap g&uuml;n&uuml;nde de bize g&ouml;r&uuml;nme!&#8221;<\/em> <\/span><\/strong><strong><span style=\"font-size: 12pt; font-family: 'Arial', sans-serif;\">talimat\u0131n\u0131 buyuruyorlar. B&uuml;y&uuml;k bir korku ve endi\u015fe ile krokileri beynime &ccedil;izmeye &ccedil;al\u0131\u015f\u0131yorum.<\/span><\/strong><strong><span style=\"font-size: 14pt; font-family: 'Arial', sans-serif;\"> Erbakan Hocam\u0131za <\/span><\/strong><strong><span style=\"font-size: 12pt; font-family: 'Arial', sans-serif;\">gelip:<\/span><\/strong><span style=\"font-size: 14pt; font-family: 'Arial', sans-serif;\"> <\/span><strong><em><span style=\"font-size: 12pt; font-family: 'Arial', sans-serif;\">&#8220;Aziz Hocam, ben verdi\u011finiz krokileri ezberledim. Art\u0131k yakay\u0131m m\u0131 bunlar\u0131?&#8221;<\/span><\/em><\/strong><span style=\"font-size: 14pt; font-family: 'Arial', sans-serif;\"> <\/span><strong><span style=\"font-size: 12pt; font-family: 'Arial', sans-serif;\">diye soruyorum.<\/span><\/strong><strong><span style=\"font-size: 14pt; font-family: 'Arial', sans-serif;\"> Erbakan Hocam\u0131z: <em>&#8220;Buraya getir ve burada yak. Her yakt\u0131\u011f\u0131n krokinin arkas\u0131ndan da o krokiyi bize ezbere &ccedil;iz. Sonra o &ccedil;izdi\u011fini de yak!&#8221;<\/em> <\/span><\/strong><strong><span style=\"font-size: 12pt; font-family: 'Arial', sans-serif;\">buyuruyorlar.<\/span><\/strong><strong><span style=\"font-size: 14pt; font-family: 'Arial', sans-serif;\"> Aziz Hocam\u0131z\u0131n <\/span><\/strong><strong><span style=\"font-size: 12pt; font-family: 'Arial', sans-serif;\">buyurduklar\u0131 gibi A4 k&acirc;\u011f\u0131tlar\u0131n\u0131n her birini tek tek &ouml;nce yak\u0131yorum, sonra ezbere &ccedil;izip o &ccedil;izdiklerimi de yak\u0131yorum.<\/span><\/strong><strong><span style=\"font-size: 14pt; font-family: 'Arial', sans-serif;\"> Erbakan Hocam\u0131z: <em>&#8220;Haah, \u015fimdi oldu. Bak \u015fimdi biz <\/em><\/span><\/strong><strong><em><span style=\"font-size: 16pt; font-family: 'Arial', sans-serif;\">&ldquo;Afrin \/Zeytin Dal\u0131 Operasyonu&rdquo;<\/span><\/em><\/strong><strong><em><span style=\"font-size: 14pt; font-family: 'Arial', sans-serif;\">nday\u0131z. Bu operasyona 72 u&ccedil;ak kat\u0131ld\u0131. Biz 72. u&ccedil;a\u011f\u0131z. &ldquo;Ee Hocam, neden 72?&rdquo; diyorsun de\u011fil mi? Baak, bundan &ouml;nceki &ldquo;<\/span><\/em><\/strong><strong><em><span style=\"font-size: 16pt; font-family: 'Arial', sans-serif;\">F\u0131rat Operasyonu&rdquo;<\/span><\/em><\/strong><strong><em><span style=\"font-size: 14pt; font-family: 'Arial', sans-serif;\">nda kahraman ordumuz 72 \u015fehit vermi\u015ftir. Biz de her bir u&ccedil;a\u011f\u0131m\u0131za bu 72 \u015fehidimizden birinin ad\u0131n\u0131 verdik. \u0130stedik ki, onlar\u0131n isimleri bu operasyonda ya\u015fas\u0131n. Hem aileleri onure olsun, hem de ismen kat\u0131ld\u0131klar\u0131 bu operasyona kendileri de cismen kat\u0131ls\u0131n! Hatta onlarla birlikte, d&uuml;nyan\u0131n kuruldu\u011fu g&uuml;nden bu yana Allah yolunda can\u0131ndan vazge&ccedil;mi\u015f t&uuml;m \u015fehitlerin de kat\u0131lmas\u0131n\u0131 murat ettik ki, &uuml;mmetin ba\u015far\u0131s\u0131 arts\u0131n. \u015eehitlerimizin amel defterleri kabars\u0131n!&#8221;<\/span><\/em><\/strong><strong><span style=\"font-size: 14pt; font-family: 'Arial', sans-serif;\"> buyurdular. <\/span><\/strong><strong><span style=\"font-size: 12pt; font-family: 'Arial', sans-serif;\">Ben:<\/span><\/strong><span style=\"font-size: 14pt; font-family: 'Arial', sans-serif;\"> <\/span><strong><em><span style=\"font-size: 12pt; font-family: 'Arial', sans-serif;\">&#8220;Aziz Hocam, ben de daha d&uuml;n &ldquo;Bu operasyon gerekli miydi acaba?&rdquo;<\/span><\/em><\/strong><span style=\"font-size: 14pt; font-family: 'Arial', sans-serif;\"> <\/span><strong><em><span style=\"font-size: 12pt; font-family: 'Arial', sans-serif;\">diye d&uuml;\u015f&uuml;nm&uuml;\u015ft&uuml;m. Yoksa bizi planl\u0131 bir \u015fekilde mi bu sava\u015f\u0131n i&ccedil;ine &ccedil;ektiler acaba&hellip;&rdquo;<\/span><\/em><\/strong><strong><span style=\"font-size: 12pt; font-family: 'Arial', sans-serif;\"> diye konu\u015fmaya devam ederken<\/span><\/strong><strong><span style=\"font-size: 14pt; font-family: 'Arial', sans-serif;\"> Erbakan Hocam\u0131z: <em>&#8220;Biz uzun s&uuml;redir bu sava\u015f\u0131n i&ccedil;indeyiz asl\u0131nda. &Uuml;mmetin &ccedil;ocuklar\u0131n\u0131n feryad\u0131, mazlum ve ma\u011fdur kad\u0131nlar\u0131n ahlar\u0131, rahat ve ferah i&ccedil;inde ya\u015fayan &uuml;mmetin g&ouml;zlerinin g&ouml;rmez, kulaklar\u0131n\u0131n duymaz, vicdanlar\u0131n\u0131n s\u0131zlamaz durumda olmas\u0131 Allah&rsquo;\u0131n sabr\u0131n\u0131 ta\u015f\u0131rm\u0131\u015f, kahr\u0131n\u0131 kabartm\u0131\u015f ve Milli Devlet bu gidi\u015fata &ldquo;Dur&rdquo; demi\u015ftir. \u015eunu herkes bilsin ki; kahraman ordumuzun \u015fu an &uuml;lkemizin Do\u011fusunda-G&uuml;neydo\u011fusunda m&uuml;cadele etti\u011fi PKK\/PYD\/YPG de\u011fil; Amerika&rsquo;d\u0131r ve Siyonizm&rsquo;dir. \u0130\u015fin asl\u0131 A<\/em><\/span><\/strong><strong><em><span style=\"font-size: 16pt; font-family: 'Arial', sans-serif;\">rmageddon<\/span><\/em><\/strong><strong><em><span style=\"font-size: 14pt; font-family: 'Arial', sans-serif;\"> ba\u015flam\u0131\u015ft\u0131r ve bunlar\u0131n burnunun s&uuml;rt&uuml;lece\u011fi, sonlar\u0131n\u0131n getirilece\u011fi an gelmi\u015ftir. Onlar\u0131n kendilerine &ldquo;Vaadedilmi\u015f&rdquo; zannettikleri topraklar\u0131, Rabbimizin as\u0131l bize vadetti\u011fi ve verece\u011fi g&ouml;r&uuml;lecektir ve bu d&ouml;nem, bu s&uuml;re&ccedil;te bunlar\u0131n hepsinin sonunun getirilece\u011fi, hepsinin o topraklara g&ouml;m&uuml;lece\u011fi d&ouml;nemdir. Yine bilinsin ki, art\u0131k hi&ccedil; birinin anla\u015fma &ccedil;a\u011fr\u0131s\u0131 dikkate al\u0131nmayacak ve hi&ccedil; birinin g&ouml;z&uuml;n&uuml;n ya\u015f\u0131na bak\u0131lmayacakt\u0131r. Bilinsin ki, yeni Milli M&uuml;cadele ba\u015flam\u0131\u015ft\u0131r!&rdquo;<\/span><\/em><\/strong><span style=\"font-size: 14pt; font-family: 'Arial', sans-serif;\"> <\/span><strong><span style=\"font-size: 12pt; font-family: 'Arial', sans-serif;\">buyurdular. Sonra<\/span><\/strong><strong><span style=\"font-size: 14pt; font-family: 'Arial', sans-serif;\"> Ahmet Hocam\u0131za <\/span><\/strong><strong><span style=\"font-size: 12pt; font-family: 'Arial', sans-serif;\">do\u011fru d&ouml;nerek:<\/span><\/strong><strong><span style=\"font-size: 14pt; font-family: 'Arial', sans-serif;\"> <em>&ldquo;Kamp\u0131n ilk g&uuml;n&uuml; Ahmet&rsquo;le sizin sabah namaz\u0131 sonras\u0131 Fetih S&uuml;resinin mealini okuyup zikir ve dua etti\u011finiz sabah var ya? O g&uuml;n kahraman ordumuz, karde\u015flerinin g&ouml;zya\u015f\u0131 ile ettikleri dua deste\u011fiyle, say\u0131s\u0131z Siyonizm deli\u011fini bombalam\u0131\u015f, say\u0131s\u0131z Amerikan-\u0130ngiliz s&uuml;nnetsizi ve onlar\u0131n destek&ccedil;isini cehenneme yuvarlam\u0131\u015ft\u0131r. Duaya, gayrete, &ccedil;al\u0131\u015fmaya ve okumaya devam edin. Ancak o \u015fekilde bu gemide yer alabilirsiniz. Ancak o \u015fekilde kurtulanlardan olabilirsiniz. Ancak o \u015fekilde Allah&rsquo;\u0131n r\u0131zas\u0131na ula\u015fabilir, ancak o \u015fekilde Aleyhisselat&uuml; Vesselam Efendimizin y&uuml;z&uuml;ne bak\u0131p O&rsquo;na kom\u015fu olmay\u0131 talep edebilirsiniz. Ancak o \u015fekilde bize &ldquo;Hocam&rdquo; diyebilir, yine ancak o \u015fekilde Ahmet&rsquo;e lay\u0131k talebe olabilirsiniz. Ancak o \u015fekilde, kurulacak Yeni D&uuml;nya Medeniyetinde yer alabilirsiniz. \u015eimdi taze bir &ldquo;Bismilah&rdquo;la, <\/em>Yeni ve Adil D&uuml;nya D&uuml;zeninin anayasas\u0131 olma &ouml;zelli\u011finde olan ve k&uuml;&ccedil;&uuml;k bir &ccedil;ocu\u011fun da, bir Profes&ouml;r&uuml;n de anlayabilece\u011fi \u015fekilde haz\u0131rlanm\u0131\u015f olan Meali Kerime sar\u0131lma, (insanlar\u0131 bu ger&ccedil;ekle) uyarma ve Hakta sabit kalabilme i&ccedil;in &ccedil;abalama zaman\u0131d\u0131r<em>!&#8221;<\/em> <\/span><\/strong><strong><span style=\"font-size: 12pt; font-family: 'Arial', sans-serif;\">buyurdular. Sonra<\/span><\/strong><strong><span style=\"font-size: 14pt; font-family: 'Arial', sans-serif;\"> Ahmet Hocam\u0131za <\/span><\/strong><strong><span style=\"font-size: 12pt; font-family: 'Arial', sans-serif;\">bakarak:<\/span><\/strong><strong><span style=\"font-size: 14pt; font-family: 'Arial', sans-serif;\"> <em>&#8220;Haydi Ahmet, uzun menzillileri y&uuml;kle!&#8221;<\/em> <\/span><\/strong><strong><span style=\"font-size: 12pt; font-family: 'Arial', sans-serif;\">diye talimat buyurdular.<\/span><\/strong><strong><span style=\"font-size: 14pt; font-family: 'Arial', sans-serif;\"> Ahmet Hocam\u0131z <\/span><\/strong><strong><span style=\"font-size: 12pt; font-family: 'Arial', sans-serif;\">kalk\u0131p jetin f&uuml;ze atan b&ouml;l&uuml;m&uuml;ne <\/span><\/strong><strong><span style=\"font-size: 16pt; font-family: 'Arial', sans-serif;\">Kuran Meallerini<\/span><\/strong><strong><span style=\"font-size: 12pt; font-family: 'Arial', sans-serif;\"> y&uuml;kleyip d&uuml;\u011fmeye bast\u0131lar. Ekranda g&ouml;r&uuml;nen krokideki alan toz duman oldu. Sanki bir atom patlamas\u0131 olmu\u015f gibi bir g&uuml;r&uuml;lt&uuml; koptu.<\/span><\/strong><strong><span style=\"font-size: 14pt; font-family: 'Arial', sans-serif;\"> Aziz Hocam\u0131z <\/span><\/strong><strong><span style=\"font-size: 12pt; font-family: 'Arial', sans-serif;\">bana d&ouml;nerek:<\/span><\/strong><strong><span style=\"font-size: 14pt; font-family: 'Arial', sans-serif;\"> <em>&#8220;G&ouml;rd&uuml;n m&uuml;? Bak! Bu g&ouml;rd&uuml;\u011f&uuml;n&uuml; b&ouml;ylece anlat. Can karde\u015flerimizin dua ve zikirleri, samimi gayretleri, karde\u015flikleri ile bu at\u0131\u015f ba\u015far\u0131l\u0131 olmu\u015ftur. Fethe kadar y\u0131lmadan, yorulup y\u0131k\u0131lmadan gayrete devam edece\u011fiz. Vazge&ccedil;mek, b\u0131rakmak yok, yorulmak, y\u0131lmak, moral bozmak yok. Bak\u0131n biz imtihan\u0131 tamamlam\u0131\u015f oldu\u011fumuz halde yine buraday\u0131z. Biliniz ki duan\u0131z\u0131n, zikrinizin, e\u011fitiminizin her an\u0131nda, bo\u015f zannetti\u011fimiz bir sandalyede ve namazda kulland\u0131\u011f\u0131n\u0131z &ouml;rt&uuml;lerde Aleyhisselat&uuml; Vesselam Efendimiz var, Ashab-\u0131 G&uuml;zin var. Ziyaret etti\u011finiz &Ccedil;anakkale \u015eehitlerimiz var. Yemek s\u0131ras\u0131nda; yemek masas\u0131nda biliniz ki sa\u011f\u0131n\u0131z-solunuz, &ouml;n&uuml;n&uuml;z-arkan\u0131z Onlarla doldurulmu\u015f, desteklenmi\u015ftir. Bu her toplulu\u011fa nasip olabilecek bir g&uuml;zellik ve &ouml;zellik de\u011fildir. Burada ge&ccedil;irece\u011finiz her saniyenin, ald\u0131\u011f\u0131n\u0131z her nefesin hesab\u0131 a\u011f\u0131r, y&uuml;k&uuml; zordur!&#8221; (Bu \u015fuur, bu huzur ve bu sorumlulukla hareket etmemiz gerekir)<\/em> <\/span><\/strong><strong><span style=\"font-size: 12pt; font-family: 'Arial', sans-serif;\">buyurduktan sonra:<\/span><\/strong><strong><span style=\"font-size: 14pt; font-family: 'Arial', sans-serif;\"> <em>&#8220;\u015eimdi yeni krokiyi gir bakal\u0131m!&rdquo;<\/em> <\/span><\/strong><strong><span style=\"font-size: 12pt; font-family: 'Arial', sans-serif;\">talimat\u0131n\u0131 buyurdular. Bombalanacak yeri ve ezberledi\u011fim yeni krokiyi ekrana girerken uyand\u0131m.<\/span><\/strong><\/p>\n<p style=\"margin-bottom: 0.0001pt; text-align: justify; text-indent: 1cm; line-height: 16pt;\"><strong><span style=\"font-size: 12pt; font-family: 'Arial', sans-serif;\"><\/span><\/strong><\/p>\n<p style=\"margin-bottom: 0.0001pt; text-align: justify; text-indent: 1cm; line-height: 16pt;\"><strong><span style=\"font-size: 12pt; font-family: 'Arial', sans-serif;\">Te&rsquo;vili: T&uuml;rkiye merkezli yeni \u0130slam Medeniyeti&rsquo;nin kurulmas\u0131yla sonu&ccedil;lanacak, Siyonist ve emperyalist odaklar\u0131 hizaya sokacak ve \u0130srail&rsquo;i y\u0131kacak, tarihi operasyon ba\u015flam\u0131\u015ft\u0131r. Bizzat Aziz Hocam\u0131z\u0131n ruhaniyeti ve Milli Devlet i\u015fba\u015f\u0131ndad\u0131r. Kahraman ordumuza dua ve destek zaman\u0131d\u0131r. Milli &Ccedil;&ouml;z&uuml;m hakikat ve hizmet kararg&acirc;h\u0131d\u0131r. Ve art\u0131k, vakit tamamd\u0131r! <\/span><\/strong><\/p>\n<p style=\"margin-bottom: 0.0001pt; text-align: justify; text-indent: 1cm; line-height: 16pt;\"><strong><span style=\"font-size: 12pt; font-family: 'Arial', sans-serif;\">\u0130n\u015faallahu Taala.<\/span><\/strong><\/p>\n<p>&nbsp;<\/p>\n<p style=\"margin-bottom: 0.0001pt; text-align: justify; text-indent: 1cm; line-height: 16pt;\"><strong><span style=\"font-size: 12pt; font-family: 'Arial', sans-serif;\"><\/span><\/strong><\/p>\n<p style=\"margin-bottom: 0.0001pt; text-align: justify; text-indent: 1cm; line-height: 16pt;\"><strong><span style=\"font-size: 16pt; font-family: 'Arial', sans-serif;\">\u0130lgin&ccedil; ve \u0130bretli Di\u011fer Bir R&uuml;ya.<\/span><\/strong><\/p>\n<p style=\"margin-bottom: 0.0001pt; text-align: justify; text-indent: 1cm; line-height: 16pt;\"><strong><span style=\"font-size: 12pt; font-family: 'Arial', sans-serif;\">Milli &Ccedil;&ouml;z&uuml;m Dergisi yazarlar\u0131m\u0131zdan Neslihan Bayraktar Karde\u015fimizin k\u0131zkarde\u015fi 2 hafta kadar &ouml;nce; &ccedil;oktand\u0131r arzulad\u0131\u011f\u0131 \u015fehit a\u011fabeyi Hakkari &Ccedil;ukurca (1996) \u015fehitlerinden aste\u011fmen Necmettin Bayraktar&rsquo;\u0131 r&uuml;yas\u0131nda g&ouml;r&uuml;p ne yapt\u0131\u011f\u0131n\u0131 sorunca: <\/span><\/strong><strong><em><span style=\"font-size: 14pt; font-family: 'Arial', sans-serif;\">&ldquo;Yak\u0131nda sava\u015f ba\u015flayacak, onun haz\u0131rl\u0131klar\u0131n\u0131 ve planlar\u0131n\u0131 g&ouml;zden ge&ccedil;iriyorum&rdquo;<\/span><\/em><\/strong><span style=\"font-size: 14pt; font-family: 'Arial', sans-serif;\"> <\/span><strong><span style=\"font-size: 12pt; font-family: 'Arial', sans-serif;\">yan\u0131t\u0131n\u0131 alm\u0131\u015ft\u0131.<\/span><\/strong><\/p>\n<p style=\"margin-bottom: 0.0001pt; text-align: justify; text-indent: 1cm; line-height: 16pt;\"><strong><span style=\"font-size: 12pt; font-family: 'Arial', sans-serif;\"><\/span><\/strong><\/p>\n<p style=\"margin-bottom: 0.0001pt; text-align: justify; text-indent: 1cm; line-height: 16pt;\"><strong><span style=\"font-size: 16pt; font-family: 'Arial', sans-serif;\">Temel Karamollao\u011flu&rsquo;nun Z\u0131rvalar\u0131!<\/span><\/strong><\/p>\n<p style=\"margin-bottom: 0.0001pt; text-align: justify; text-indent: 1cm; line-height: 16pt;\"><strong><span style=\"font-size: 12pt; font-family: 'Arial', sans-serif;\">Kur&rsquo;an&rsquo;\u0131m\u0131z da, \u0130slami kurallar\u0131m\u0131z da, Milli duyarl\u0131l\u0131\u011f\u0131m\u0131z ve vicdani sorumluluklar\u0131m\u0131z da, Kahraman Ordumuzun PYD-PKK k\u0131l\u0131fl\u0131 Amerikan e\u015fk\u0131yalar\u0131na kar\u015f\u0131 ba\u015flatt\u0131\u011f\u0131 Afrin Zeytin Dal\u0131 Operasyonlar\u0131n\u0131 canu g&ouml;n&uuml;lden dua edip desteklememizi gerektirirken, Temel Karamollao\u011flu&rsquo;nun Van \u0130l Kongresinde ve HDP-PKK diliyle: <em>&ldquo;Ordumuz Afrin&rsquo;e girdi. Biz, in\u015fallah huzur ve bar\u0131\u015f\u0131 temin ederek k\u0131sa zamanda bu harek&acirc;t tamamlan\u0131r, <\/em><\/span><\/strong><strong><em><span style=\"font-size: 14pt; font-family: 'Arial', sans-serif;\">b&uuml;y&uuml;mez, insanlar katledilmez diye &uuml;mit ederiz. <\/span><\/em><\/strong><strong><em><span style=\"font-size: 12pt; font-family: 'Arial', sans-serif;\">B&ouml;lgede oynanan oyunlar\u0131 g&ouml;rmeden k&ouml;r d&ouml;v&uuml;\u015f&uuml; yapar gibi <\/span><\/em><\/strong><strong><em><span style=\"font-size: 14pt; font-family: 'Arial', sans-serif;\">birbirimizi yersek, sadece \u0130srail buradan ba\u015far\u0131l\u0131 &ccedil;\u0131kar.<\/span><\/em><\/strong><strong><em><span style=\"font-size: 12pt; font-family: 'Arial', sans-serif;\">&rdquo;<\/span><\/em><\/strong><em><span style=\"font-size: 16pt; font-family: 'Arial', sans-serif;\"> <\/span><\/em><strong><span style=\"font-size: 12pt; font-family: 'Arial', sans-serif;\">a&ccedil;\u0131klamas\u0131 gaflet ve cehaletten &ccedil;ok &ouml;te bir vicdan maraz\u0131n\u0131 yans\u0131tmaktayd\u0131. Oysa bu hakl\u0131 ve hay\u0131rl\u0131 operasyonun b&uuml;y&uuml;mesi ve 600 km. s\u0131n\u0131r\u0131m\u0131z boyunca t&uuml;m ter&ouml;r b&ouml;lgesini temizlemesi laz\u0131md\u0131. Kald\u0131 ki Askerimiz <em>&ldquo;bizden birileriyle&rdquo;<\/em> veya <\/span><\/strong><strong><em><span style=\"font-size: 14pt; font-family: 'Arial', sans-serif;\">masum K&uuml;rt karde\u015flerimizle<\/span><\/em><\/strong><strong><span style=\"font-size: 12pt; font-family: 'Arial', sans-serif;\"> de\u011fil, Siyonist kuklas\u0131 PKK azg\u0131nlar\u0131yla sava\u015fmaktayd\u0131. Umar\u0131z SP i&ccedil;inde, bu talihsiz beyanlara kar\u015f\u0131 &ccedil;\u0131kacak tutarl\u0131 ve duyarl\u0131 insanlar\u0131m\u0131z hal&acirc; vard\u0131 ve gerekli tepkiyi koyacaklard\u0131!..<\/span><\/strong><\/p>\n<p style=\"margin-bottom: 0.0001pt; text-align: justify; text-indent: 1cm; line-height: 16pt;\"><strong><span style=\"font-size: 12pt; font-family: 'Arial', sans-serif;\"><\/span><\/strong><\/p>\n","protected":false},"excerpt":{"rendered":"<p>Bir R&uuml;ya &Acirc;leminde Erbakan Hoca&rsquo;n\u0131n Afrin Mesaj\u0131 &nbsp; Fatma BET&Uuml;L ER\u0130\u015eK\u0130N \/ Ankara-K\u0131z\u0131lcahamam Kamp\u0131 \/ 23.01.2018 R&uuml;yamda: K&uuml;&ccedil;&uuml;k bir jet u&ccedil;akta oluyoruz fakat u&ccedil;a\u011f\u0131n i&ccedil;i ev gibi d&ouml;\u015fenmi\u015f. Aziz Erbakan Hocam\u0131z ve Muhterem Ahmet Hocam\u0131z u&ccedil;a\u011f\u0131n pilot kokpitindeler ve askeri kamuflaj elbisesi giymi\u015fler. Bana 100 kadar A4 k&acirc;\u011f\u0131t vermi\u015fler. K&acirc;\u011f\u0131tlarda (son operasyonlar ve b&uuml;y&uuml;k zafer [&hellip;]<\/p>\n","protected":false},"author":1,"featured_media":0,"comment_status":"open","ping_status":"closed","sticky":false,"template":"","format":"standard","meta":{"footnotes":""},"categories":[98],"tags":[],"class_list":["post-4593","post","type-post","status-publish","format-standard","hentry","category-ozel-yazilar"],"_links":{"self":[{"href":"https:\/\/www.millicozum.com\/mc\/wp-json\/wp\/v2\/posts\/4593","targetHints":{"allow":["GET"]}}],"collection":[{"href":"https:\/\/www.millicozum.com\/mc\/wp-json\/wp\/v2\/posts"}],"about":[{"href":"https:\/\/www.millicozum.com\/mc\/wp-json\/wp\/v2\/types\/post"}],"author":[{"embeddable":true,"href":"https:\/\/www.millicozum.com\/mc\/wp-json\/wp\/v2\/users\/1"}],"replies":[{"embeddable":true,"href":"https:\/\/www.millicozum.com\/mc\/wp-json\/wp\/v2\/comments?post=4593"}],"version-history":[{"count":0,"href":"https:\/\/www.millicozum.com\/mc\/wp-json\/wp\/v2\/posts\/4593\/revisions"}],"wp:attachment":[{"href":"https:\/\/www.millicozum.com\/mc\/wp-json\/wp\/v2\/media?parent=4593"}],"wp:term":[{"taxonomy":"category","embeddable":true,"href":"https:\/\/www.millicozum.com\/mc\/wp-json\/wp\/v2\/categories?post=4593"},{"taxonomy":"post_tag","embeddable":true,"href":"https:\/\/www.millicozum.com\/mc\/wp-json\/wp\/v2\/tags?post=4593"}],"curies":[{"name":"wp","href":"https:\/\/api.w.org\/{rel}","templated":true}]}}