{"id":4659,"date":"2018-03-20T18:18:56","date_gmt":"2018-03-20T18:18:56","guid":{"rendered":"https:\/\/www.millicozum.com\/mc\/2018\/03\/20\/afrin-harekati-ve-sonrasiyla-ilgili-cok-ibretli-ve-yon-verici-bir-ruya\/"},"modified":"2018-03-20T18:18:56","modified_gmt":"2018-03-20T18:18:56","slug":"afrin-harekati-ve-sonrasiyla-ilgili-cok-ibretli-ve-yon-verici-bir-ruya","status":"publish","type":"post","link":"https:\/\/www.millicozum.com\/mc\/ozel-yazilar\/afrin-harekati-ve-sonrasiyla-ilgili-cok-ibretli-ve-yon-verici-bir-ruya\/","title":{"rendered":"AFR\u0130N HAREK\u00c2TI VE SONRASIYLA \u0130LG\u0130L\u0130 \u00c7OK \u0130BRETL\u0130 VE Y\u00d6N VER\u0130C\u0130 B\u0130R R\u00dcYA"},"content":{"rendered":"\n<p style=\"margin-bottom: 0.0001pt; text-align: center;\"><strong><span style=\"font-size: 18pt; font-family: 'Arial', sans-serif;\">AFR\u0130N HAREK&Acirc;TI VE SONRASIYLA \u0130LG\u0130L\u0130<\/span><\/strong><\/p>\n<p style=\"margin-bottom: 0.0001pt; text-align: center;\"><strong><span style=\"font-size: 18pt; font-family: 'Arial', sans-serif;\">&Ccedil;OK \u0130BRETL\u0130 VE Y&Ouml;N VER\u0130C\u0130 B\u0130R R&Uuml;YA <\/span><\/strong><\/p>\n<p style=\"margin-bottom: 0.0001pt; text-align: center;\"><strong><span style=\"font-size: 18pt; font-family: 'Arial', sans-serif;\">&nbsp;&nbsp;&nbsp;&nbsp;&nbsp;&nbsp;&nbsp;&nbsp; <\/span><\/strong><\/p>\n<p style=\"margin-bottom: 0.0001pt; text-align: center; line-height: 16pt;\"><strong><span style=\"font-size: 16pt; font-family: 'Arial', sans-serif;\">Fatma BET&Uuml;L ER\u0130\u015eK\u0130N \/ KONYA \/ 20.03.2018<\/span><\/strong><\/p>\n<p style=\"margin-bottom: 0.0001pt; text-align: center; line-height: 16pt;\"><strong><span style=\"font-size: 16pt; font-family: 'Arial', sans-serif;\">&nbsp;&nbsp;&nbsp;&nbsp; <\/span><\/strong><\/p>\n<p style=\"margin-bottom: 0.0001pt; text-align: justify; text-indent: 1cm; line-height: 16pt;\"><strong><span style=\"font-size: 14pt; font-family: 'Arial', sans-serif;\">R&uuml;yamda:<\/span><\/strong><\/p>\n<p style=\"margin-bottom: 0.0001pt; text-align: justify; text-indent: 1cm; line-height: 16pt;\"><strong><span style=\"font-size: 12pt; font-family: 'Arial', sans-serif;\">Evimin zili &ccedil;al\u0131n\u0131yor, kap\u0131y\u0131 a&ccedil;\u0131yorum. D\u0131\u015far\u0131da sivil k\u0131yafetli ve ellerinde gizli g&ouml;revli olduklar\u0131na dair rozet ve belgeler bulunan 4 tane g&ouml;revli bekliyor. Ellerime kelep&ccedil;e tak\u0131p beni tutukluyorlar: <em>&#8220;E\u015fimi aray\u0131p haber edeyim, &ccedil;ocuklar\u0131m\u0131n yan\u0131na gelsin bari&#8221;<\/em> diyorum. Telefonu kullanmama izin veriyorlar, fakat e\u015fimin gelmesini beklememe m&uuml;saade etmiyorlar. Arabaya binip \u015fehrin d\u0131\u015f\u0131nda bir binaya gidiyoruz, ancak gitti\u011fimiz yer adliye binas\u0131 veya karakol gibi bir yer de\u011fil daha bak\u0131ml\u0131, korunakl\u0131 ve i&ccedil; a&ccedil;\u0131c\u0131 bir bina oluyor. E\u015fim ve &ccedil;ocuklar\u0131m da arkam\u0131zdan gelip yeti\u015fiyorlar. Onlarla vedala\u015f\u0131p i&ccedil;eriye giriyorum. On dakika kadar sonra <\/span><\/strong><strong><span style=\"font-size: 14pt; font-family: 'Arial', sans-serif;\">Muhterem Ahmet Hocam\u0131z\u0131<\/span><\/strong><strong><span style=\"font-size: 12pt; font-family: 'Arial', sans-serif;\"> da tutuklay\u0131p getiriyorlar. <\/span><\/strong><strong><span style=\"font-size: 14pt; font-family: 'Arial', sans-serif;\">Ahmet Hocam\u0131z<\/span><\/strong><strong><span style=\"font-size: 12pt; font-family: 'Arial', sans-serif;\"> selam veriyorlar ve: <\/span><\/strong><strong><em><span style=\"font-size: 14pt; font-family: 'Arial', sans-serif;\">&#8220;Buralar\u0131n tad\u0131na bir de sen bak bakal\u0131m!&#8221;<\/span><\/em><\/strong><strong><span style=\"font-size: 12pt; font-family: 'Arial', sans-serif;\"> buyuruyorlar g&uuml;lerek. G&ouml;revliler bileklerimizdeki kelep&ccedil;eleri &ccedil;\u0131kar\u0131yorlar. O esnada kap\u0131 vuruluyor ve &ldquo;Genelkurmay Ba\u015fkan\u0131 makam\u0131nda bir zat&rdquo; i&ccedil;eriye giriyor, i&ccedil;erideki g&ouml;revlileri de d\u0131\u015far\u0131ya &ccedil;\u0131kart\u0131yor. Kap\u0131y\u0131 kapat\u0131r kapatmaz <\/span><\/strong><strong><span style=\"font-size: 14pt; font-family: 'Arial', sans-serif;\">Ahmet Hocam\u0131z\u0131n<\/span><\/strong><strong><span style=\"font-size: 12pt; font-family: 'Arial', sans-serif;\"> m&uuml;barek ellerini &ouml;p&uuml;yor ve: <em>&#8220;Hocam, l&uuml;tfen kusura bakmay\u0131n. Sizi bu \u015fekilde buraya getirtmek istemezdim, ama isti\u015fare i&ccedil;in buna mecbur kald\u0131m. Biz bug&uuml;ne kadar ald\u0131\u011f\u0131m\u0131z kararlar\u0131 sizin yaz\u0131lar\u0131n\u0131z ve konu\u015fmalar\u0131n\u0131z istikametinde, <\/em><\/span><\/strong><strong><em><span style=\"font-size: 14pt; font-family: 'Arial', sans-serif;\">Erbakan Hocam\u0131z\u0131n<\/span><\/em><\/strong><strong><em><span style=\"font-size: 12pt; font-family: 'Arial', sans-serif;\"> vefatlar\u0131na kadar yapt\u0131klar\u0131na ve vefatlar\u0131ndan sonra r&uuml;yalarda hat\u0131rlatt\u0131klar\u0131na uygun \u015fekilde, bu r&uuml;yalara sizin yapt\u0131\u011f\u0131n\u0131z te&rsquo;villere g&ouml;re ald\u0131k. \u015eimdi Afrin&rsquo;deki galibiyetimiz sonras\u0131nda, Cumhurba\u015fkan\u0131m\u0131z &ldquo;Ba\u015fka b&ouml;lgeler i&ccedil;in de ans\u0131z\u0131n gelebiliriz&rdquo; s&ouml;ylemlerinde bulunuyor. Biz ise sizden bir i\u015faret alamad\u0131\u011f\u0131m\u0131z i&ccedil;in bu konularda isti\u015fare etmek istedik. Acaba y&ouml;n verici bir r&uuml;ya g&ouml;r&uuml;l&uuml;r m&uuml;? <\/span><\/em><\/strong><strong><em><span style=\"font-size: 14pt; font-family: 'Arial', sans-serif;\">Erbakan Hocam\u0131z<\/span><\/em><\/strong><strong><em><span style=\"font-size: 12pt; font-family: 'Arial', sans-serif;\"> bu konuda ne buyuruyorlar? Sizin bu konudaki g&ouml;r&uuml;\u015fleriniz nelerdir?&rdquo;<\/span><\/em><\/strong><strong><span style=\"font-size: 12pt; font-family: 'Arial', sans-serif;\"> diye sordu. <\/span><\/strong><strong><span style=\"font-size: 14pt; font-family: 'Arial', sans-serif;\">Ahmet Hocam\u0131z<\/span><\/strong><strong><span style=\"font-size: 12pt; font-family: 'Arial', sans-serif;\"> iki ellerini iki yanlar\u0131na a&ccedil;arak: <\/span><\/strong><strong><em><span style=\"font-size: 14pt; font-family: 'Arial', sans-serif;\">&#8220;Bekleyece\u011fiz ve g&ouml;rece\u011fiz!&#8221;<\/span><\/em><\/strong><strong><span style=\"font-size: 12pt; font-family: 'Arial', sans-serif;\"> buyurdular. Tam 28 g&uuml;n o binada kald\u0131k ve hi&ccedil;bir tan\u0131d\u0131\u011f\u0131m\u0131zla g&ouml;r&uuml;\u015ft&uuml;r&uuml;lmedik. Bizim tutuklu de\u011fil de misafir gibi oldu\u011fumuzdan hi&ccedil; kimsenin haberi olmad\u0131. Birer odam\u0131z vard\u0131. Odalar\u0131m\u0131zda her t&uuml;rl&uuml; imk&acirc;n\u0131m\u0131z haz\u0131rlanm\u0131\u015ft\u0131. Mescidimiz, <\/span><\/strong><strong><span style=\"font-size: 14pt; font-family: 'Arial', sans-serif;\">Ahmet Hocam\u0131z\u0131n<\/span><\/strong><strong><span style=\"font-size: 12pt; font-family: 'Arial', sans-serif;\"> &ccedil;al\u0131\u015fmalar\u0131n\u0131 yapt\u0131klar\u0131, makalelerini yazmaya devam ettikleri bir &ccedil;al\u0131\u015fma odas\u0131 bulunmaktayd\u0131, &ouml;zetle her t&uuml;rl&uuml; imk&acirc;n sa\u011flanm\u0131\u015ft\u0131. <\/span><\/strong><strong><span style=\"font-size: 14pt; font-family: 'Arial', sans-serif;\">Ahmet Hocam\u0131z<\/span><\/strong><strong><span style=\"font-size: 12pt; font-family: 'Arial', sans-serif;\"> her g&uuml;n vakit namazlar\u0131n\u0131 k\u0131ld\u0131r\u0131p ard\u0131ndan 1saate yak\u0131n sohbet, tefsir yap\u0131yorlar, s&ouml;yledikleri her \u015feyi not ald\u0131r\u0131yorlard\u0131. Bu sohbetlerde Suriye ile ilgili de konu\u015fuldu, ba\u015fka mevzular da konu\u015fuldu ama hi&ccedil;bir sohbetinde <\/span><\/strong><strong><em><span style=\"font-size: 14pt; font-family: 'Arial', sans-serif;\">&ldquo;Suriye&rsquo;de yap\u0131lmas\u0131 gereken yap\u0131ld\u0131, art\u0131k o topraklardan &ccedil;\u0131k\u0131lmal\u0131d\u0131r&rdquo;<\/span><\/em><\/strong><strong><span style=\"font-size: 12pt; font-family: 'Arial', sans-serif;\"> \u015feklinde veya buna yak\u0131n bir c&uuml;mle kurmad\u0131lar. Dikkatimi &ccedil;eken \u015fey, bu 28 g&uuml;n&uuml;n yar\u0131s\u0131ndan itibaren <\/span><\/strong><strong><span style=\"font-size: 14pt; font-family: 'Arial', sans-serif;\">Ahmet Hocam\u0131z\u0131n<\/span><\/strong><strong><span style=\"font-size: 12pt; font-family: 'Arial', sans-serif;\"> yorgun, durgun ve halsiz olmalar\u0131yd\u0131. Ben: <em>&#8220;Muhterem Hocam, sizi &uuml;zen veya rahats\u0131z eden bir \u015fey mi oldu?&#8221;<\/em> diye sordum. <\/span><\/strong><strong><span style=\"font-size: 14pt; font-family: 'Arial', sans-serif;\">Ahmet Hocam\u0131z: <em>&#8220;V&uuml;cudum s\u0131zl\u0131yor, iltihap t&uuml;m v&uuml;cudumu kaplam\u0131\u015f, ne yapsam, hangi &ccedil;areye ba\u015fvursam rahatlayam\u0131yorum ve hi&ccedil;bir \u015feyden tat alam\u0131yorum!&#8221;<\/em><\/span><\/strong><strong><span style=\"font-size: 12pt; font-family: 'Arial', sans-serif;\"> buyurdular. &Ouml;yle &uuml;z&uuml;ld&uuml;m ki, <em>&ldquo;Acaba bu durum i&ccedil;in ne yapabiliriz diye Google&rsquo;dan baksam m\u0131?&rdquo;<\/em> diye akl\u0131mdan ge&ccedil;irirken kap\u0131 vuruldu. &ldquo;Genelkurmay Ba\u015fkan\u0131 makam\u0131ndaki zat&rdquo; selam vererek i&ccedil;eriye girdi. <\/span><\/strong><strong><span style=\"font-size: 14pt; font-family: 'Arial', sans-serif;\">Ahmet Hocam\u0131zla<\/span><\/strong><strong><span style=\"font-size: 12pt; font-family: 'Arial', sans-serif;\"> kucakla\u015ft\u0131ktan sonra: <em>&#8220;Hocam, yok mu bir haber? Yeni bir r&uuml;ya falan yok mu? Ne yapal\u0131m? Nas\u0131l bir y&ouml;n &ccedil;izelim?&#8221;<\/em> diye sordu. O esnada kap\u0131 tekrar vuruldu. &ldquo;Genelkurmay Ba\u015fkan\u0131 makam\u0131ndaki zat&rdquo;: <em>&#8220;Rahats\u0131z etmeyin dememi\u015f miydik!&#8221;<\/em> diye sert bir \u015fekilde &ccedil;\u0131k\u0131\u015f\u0131nca d\u0131\u015far\u0131dan seslerin en g&uuml;zeliyle <\/span><\/strong><strong><span style=\"font-size: 14pt; font-family: 'Arial', sans-serif;\">Aziz Erbakan Hocam\u0131z<\/span><\/strong><strong><span style=\"font-size: 12pt; font-family: 'Arial', sans-serif;\"> selam verdiler. &ldquo;Genelkurmay Ba\u015fkan\u0131 makam\u0131ndaki zat&rdquo; hemen kalk\u0131p kap\u0131y\u0131 a&ccedil;t\u0131. <\/span><\/strong><strong><span style=\"font-size: 14pt; font-family: 'Arial', sans-serif;\">Erbakan Hocam\u0131z\u0131n<\/span><\/strong><strong><span style=\"font-size: 12pt; font-family: 'Arial', sans-serif;\"> m&uuml;barek elini &ouml;p&uuml;p kucakla\u015ft\u0131lar. Zaten biz de kap\u0131ya kadar &ccedil;oktan gelmi\u015ftik. <\/span><\/strong><strong><span style=\"font-size: 14pt; font-family: 'Arial', sans-serif;\">Erbakan Hocam\u0131z\u0131n<\/span><\/strong><strong><span style=\"font-size: 12pt; font-family: 'Arial', sans-serif;\"> m&uuml;barek ellerini &ouml;pt&uuml;k. <\/span><\/strong><strong><span style=\"font-size: 14pt; font-family: 'Arial', sans-serif;\">Erbakan Hocam\u0131z: <em>&#8220;G&uuml;nlerdir r&uuml;yam\u0131za gelecek diye bekliyorsunuz. Oysa ay\u0131k durumda ve bizzat &ccedil;a\u011f\u0131rsayd\u0131n\u0131z \u015fimdiye kadar elli kez gelmi\u015ftik!&#8221;<\/em><\/span><\/strong><strong><span style=\"font-size: 12pt; font-family: 'Arial', sans-serif;\"> buyurdular g&uuml;l&uuml;mseyerek. Sonra oturdular ve: <\/span><\/strong><strong><em><span style=\"font-size: 14pt; font-family: 'Arial', sans-serif;\">&#8220;\u015eimdii, Kahraman ordumuz Allah&rsquo;\u0131n izni ile girer, Afrin gibi zul&uuml;m alt\u0131nda olan b&uuml;t&uuml;n topraklar\u0131 tek tek temizler. Hepsine de huzur ve bar\u0131\u015f getirir. Fakat oyuna gelmemek gerekir. T&uuml;rk bayra\u011f\u0131n\u0131n dalgaland\u0131\u011f\u0131 b&ouml;lge say\u0131s\u0131 artt\u0131k&ccedil;a, T&uuml;rkiye&rsquo;deki milyonlarca Suriyeli karde\u015flerimizi bir bir &ldquo;Sizi burada oyalarlarken, sizin vatan topraklar\u0131n\u0131za tek tek bayraklar\u0131n\u0131 dikip, sonra da kendi topraklar\u0131na katacaklar. Ard\u0131ndan da sizi yurtsuz b\u0131rakacaklar!&rdquo; \u015feklinde bir propaganda ile dolduru\u015fa getirip k\u0131\u015fk\u0131rtacaklar&#8230; Yetmeyecek, hepsini silahland\u0131racaklar&hellip; Yetmeyecek, &ldquo;Ba\u015fka bir &uuml;lkeye m&uuml;dahale ettiniz&rdquo; bahanesiyle t&uuml;m &uuml;lkeler birle\u015fecek ve bize kar\u015f\u0131 sald\u0131r\u0131 ba\u015flatacaklar&hellip; Aman haa, bu g&uuml;nler &ccedil;ok kritik g&uuml;nlerdir. Oyuna gelmeyin, plan ve programlar\u0131n\u0131z\u0131 ince ince g&ouml;zden ge&ccedil;irin!&#8221;<\/span><\/em><\/strong><strong><span style=\"font-size: 12pt; font-family: 'Arial', sans-serif;\"> buyurdular. Sonra masan\u0131n &uuml;zerine a&ccedil;t\u0131klar\u0131 b&uuml;y&uuml;k bir harita &uuml;zerinde uzun uzun &ccedil;al\u0131\u015f\u0131rlarken ben uyand\u0131m.<\/span><\/strong><\/p>\n<p>&nbsp;<\/p>\n<p style=\"margin-bottom: 0.0001pt; text-align: justify; text-indent: 1cm; line-height: 16pt;\"><span style=\"font-size: 14pt;\"><strong><span style=\"font-size: 12pt; font-family: 'Arial', sans-serif;\">Te&rsquo;vili:<\/span><\/strong><\/span><\/p>\n<p style=\"margin-bottom: 0.0001pt; text-align: justify; text-indent: 1cm; line-height: 16pt;\"><strong><span style=\"font-size: 12pt; font-family: 'Arial', sans-serif;\">1- &Uuml;lke y&ouml;netiminde yetkili ve etkili \u015fahsiyetlerin Milli &Ccedil;&ouml;z&uuml;m Dergimizi dikkatle takip ettiklerine, hay\u0131rl\u0131, yararl\u0131 ve milli duyarl\u0131 tespit ve tavsiyelerini yerine getirdiklerine&hellip; <\/span><\/strong><\/p>\n<p style=\"margin-bottom: 0.0001pt; text-align: justify; text-indent: 1cm; line-height: 16pt;\"><strong><span style=\"font-size: 12pt; font-family: 'Arial', sans-serif;\">2- Milli &Ccedil;&ouml;z&uuml;m&uuml;n &uuml;st d&uuml;zey ekibine y&ouml;nelik bir tutuklama olabilece\u011fine, bu karar\u0131n hain merkezlerin yo\u011fun bask\u0131lar\u0131 neticesi al\u0131nabilece\u011fine, ancak &ccedil;ok k\u0131sa s&uuml;rece\u011fine ve isti\u015fari mahiyette g&ouml;r&uuml;\u015fmeler ger&ccedil;ekle\u015fece\u011fine&hellip;<\/span><\/strong><\/p>\n<p style=\"margin-bottom: 0.0001pt; text-align: justify; text-indent: 1cm; line-height: 16pt;\"><strong><span style=\"font-size: 12pt; font-family: 'Arial', sans-serif;\">3- Aziz Erbakan Hocam\u0131z\u0131n \u015fahs\u0131nda, t&uuml;m ruhani ve nurani zevat\u0131n, \u015f&uuml;hedan\u0131n ve Allah&rsquo;\u0131n manevi ordular\u0131n\u0131n, Devletimize ve Silahl\u0131 Kuvvetlerimize manen destek verdiklerine&hellip;<\/span><\/strong><\/p>\n<p style=\"margin-bottom: 0.0001pt; text-align: justify; text-indent: 1cm; line-height: 16pt;\"><strong><span style=\"font-size: 12pt; font-family: 'Arial', sans-serif;\">4- Kahraman Silahl\u0131 Kuvvetlerimizin Afrin gibi, M&uuml;nbi&ccedil;&rsquo;ten \u0130ran&rsquo;a kadar t&uuml;m Suriye ve Irak s\u0131n\u0131r\u0131m\u0131z boyunca ABD, AB ve \u0130srail&rsquo;ce yap\u0131land\u0131r\u0131lan ter&ouml;r devlet&ccedil;i\u011fini tepeleyip temizlemesi ve Sn. Cumhurba\u015fkan\u0131n\u0131n bu konudaki &ccedil;\u0131k\u0131\u015flar\u0131n\u0131n edebiyattan fiiliyata ge&ccedil;irmesi gerekti\u011fine ve Allah&rsquo;\u0131n izniyle bunu rahatl\u0131kla ba\u015farabilece\u011fine&hellip; <\/span><\/strong><\/p>\n<p style=\"margin-bottom: 0.0001pt; text-align: justify; text-indent: 1cm; line-height: 16pt;\"><strong><span style=\"font-size: 12pt; font-family: 'Arial', sans-serif;\">5- Ancak; Afrin gibi, ter&ouml;rden temizlenen ve sivil halka her t&uuml;rl&uuml; hizmet g&ouml;t&uuml;r&uuml;len bu b&ouml;lgelere, asla yerle\u015fici ve i\u015fgalci de\u011fil, huzur ve g&uuml;venlik temin edici olarak ge&ccedil;ici ve tarihi bir g&ouml;revle girdi\u011fimizi, hem y&ouml;re halk\u0131na hem de t&uuml;m d&uuml;nyaya g&ouml;sterecek bir tav\u0131r sergilenmeli, i&ccedil; ve d\u0131\u015f medya yoluyla bu durum s&uuml;rekli servis edilmelidir. Kahraman Mehmet&ccedil;i\u011fin hakl\u0131 bir gurur ve heyecanla binalar\u0131na diktikleri \u015fanl\u0131 bayra\u011f\u0131m\u0131z da, s&uuml;rekli ve sistemli bir davran\u0131\u015fa d&ouml;n&uuml;\u015ft&uuml;r&uuml;lmemeli, hain &ccedil;evrelere ve d\u0131\u015f merkezlere, T&uuml;rkiye&rsquo;miz aleyhine kullanacaklar\u0131 bir koz verilmemelidir. <\/span><\/strong><\/p>\n<p style=\"margin-bottom: 0.0001pt; text-align: justify; text-indent: 1cm; line-height: 16pt;\"><strong><span style=\"font-size: 12pt; font-family: 'Arial', sans-serif;\">6- &Uuml;lkemizde y\u0131llard\u0131r misafir etti\u011fimiz 3,5 milyon Suriyeli karde\u015flerimizi, bize kar\u015f\u0131 kara propagandalar ve k\u0131\u015fk\u0131rt\u0131c\u0131 politikalarla doldurmaya, hatta silahland\u0131rmaya yeltenecek t&uuml;m Bat\u0131l\u0131 (Ha&ccedil;l\u0131-Siyonist) odaklara (ki Rusya ve \u0130srail de bunlara d&acirc;hildir) &uuml;lkelere ve PKK-PYD ve HDP gibi i\u015fbirlik&ccedil;ilerine bu \u015feytani f\u0131rsat verilmemeli ve bu konuda asla gaflete d&uuml;\u015f&uuml;lmemelidir.<\/span><\/strong><\/p>\n<p style=\"margin-bottom: 0.0001pt; text-align: justify; text-indent: 1cm; line-height: 16pt;\"><strong><span style=\"font-size: 12pt; font-family: 'Arial', sans-serif;\">7- T&uuml;rkiye&rsquo;nin bu \u015fanl\u0131 ve \u015fa\u015f\u0131rt\u0131c\u0131 zaferlerini ve yeniden dirili\u015f hamlelerini i&ccedil;lerine sindiremeyen, s&ouml;m&uuml;r&uuml; ve zul&uuml;m saltanatlar\u0131n\u0131n sars\u0131ld\u0131\u011f\u0131n\u0131 g&ouml;ren Birle\u015fik D&uuml;\u015fman Cephesinin a&ccedil;\u0131k&ccedil;a T&uuml;rkiye&rsquo;yi hedef alan sald\u0131r\u0131lar\u0131na kar\u015f\u0131 da haz\u0131rl\u0131k g&ouml;rmeli ve ka&ccedil;\u0131n\u0131lmaz olarak ya\u015fanacak bir b&uuml;y&uuml;k hesapla\u015fman\u0131n; Cenab\u0131 Hakk\u0131n inayeti, Kahraman TSK&rsquo;n\u0131n y&uuml;ksek cesaret ve kabiliyeti, Aziz Milletimizin de destek ve dirayetiyle, tarihin en b&uuml;y&uuml;k zaferiyle neticelenece\u011finden asla \u015f&uuml;phe etmemelidir. Bu noktadan sonra geri ad\u0131m atmak, b&uuml;t&uuml;n kazan\u0131mlar\u0131m\u0131z\u0131n kaybedilmesine ve T&uuml;rkiye&rsquo;ye duyulan g&uuml;venin zedelenmesine yol a&ccedil;abilir.<\/span><\/strong><\/p>\n<p style=\"margin-bottom: 0.0001pt; text-align: justify; text-indent: 1cm; line-height: 16pt;\"><strong><span style=\"font-size: 12pt; font-family: 'Arial', sans-serif;\">8- Olduk&ccedil;a kritik ve kaotik bir d&ouml;nemden ge&ccedil;ilmektedir. T&uuml;m \u015eeytani g&uuml;&ccedil;leri hizaya getirecek ve T&uuml;rkiye&rsquo;yi t&uuml;m mazlumlar\u0131n umut kayna\u011f\u0131 ve s\u0131\u011f\u0131na\u011f\u0131 konumuna y&uuml;kseltecek bu cesur ve onurlu ad\u0131mlar at\u0131l\u0131rken, b&uuml;t&uuml;n plan projeler titizlikle g&ouml;zden ge&ccedil;irilmeli, her t&uuml;rl&uuml; tedbir ve tedarik yerine getirilmeli ve ama sonunda Allah&rsquo;a g&uuml;venip, tam kararl\u0131 ve tutarl\u0131 bir m&uuml;cadele y&uuml;r&uuml;t&uuml;lmeli ve art\u0131k tarihin seyri de\u011fi\u015ftirilmeli, Milletimizin kem talihi d&uuml;zeltilmeli, \u0130slam&rsquo;\u0131n ve insanl\u0131\u011f\u0131n y&uuml;z&uuml; yeniden g&uuml;ld&uuml;r&uuml;lmelidir. \u0130n\u015fallah. <\/span><\/strong><\/p>\n<p style=\"margin-bottom: 0.0001pt; text-align: justify; text-indent: 1cm; line-height: 16pt;\"><strong><span style=\"font-size: 12pt; font-family: 'Arial', sans-serif;\">En do\u011frusunu Allah bilir. <\/span><\/strong><\/p>\n","protected":false},"excerpt":{"rendered":"<p>AFR\u0130N HAREK&Acirc;TI VE SONRASIYLA \u0130LG\u0130L\u0130 &Ccedil;OK \u0130BRETL\u0130 VE Y&Ouml;N VER\u0130C\u0130 B\u0130R R&Uuml;YA &nbsp;&nbsp;&nbsp;&nbsp;&nbsp;&nbsp;&nbsp;&nbsp; Fatma BET&Uuml;L ER\u0130\u015eK\u0130N \/ KONYA \/ 20.03.2018 &nbsp;&nbsp;&nbsp;&nbsp; R&uuml;yamda: Evimin zili &ccedil;al\u0131n\u0131yor, kap\u0131y\u0131 a&ccedil;\u0131yorum. D\u0131\u015far\u0131da sivil k\u0131yafetli ve ellerinde gizli g&ouml;revli olduklar\u0131na dair rozet ve belgeler bulunan 4 tane g&ouml;revli bekliyor. Ellerime kelep&ccedil;e tak\u0131p beni tutukluyorlar: &#8220;E\u015fimi aray\u0131p haber edeyim, &ccedil;ocuklar\u0131m\u0131n yan\u0131na [&hellip;]<\/p>\n","protected":false},"author":1,"featured_media":0,"comment_status":"open","ping_status":"closed","sticky":false,"template":"","format":"standard","meta":{"footnotes":""},"categories":[98],"tags":[],"class_list":["post-4659","post","type-post","status-publish","format-standard","hentry","category-ozel-yazilar"],"_links":{"self":[{"href":"https:\/\/www.millicozum.com\/mc\/wp-json\/wp\/v2\/posts\/4659","targetHints":{"allow":["GET"]}}],"collection":[{"href":"https:\/\/www.millicozum.com\/mc\/wp-json\/wp\/v2\/posts"}],"about":[{"href":"https:\/\/www.millicozum.com\/mc\/wp-json\/wp\/v2\/types\/post"}],"author":[{"embeddable":true,"href":"https:\/\/www.millicozum.com\/mc\/wp-json\/wp\/v2\/users\/1"}],"replies":[{"embeddable":true,"href":"https:\/\/www.millicozum.com\/mc\/wp-json\/wp\/v2\/comments?post=4659"}],"version-history":[{"count":0,"href":"https:\/\/www.millicozum.com\/mc\/wp-json\/wp\/v2\/posts\/4659\/revisions"}],"wp:attachment":[{"href":"https:\/\/www.millicozum.com\/mc\/wp-json\/wp\/v2\/media?parent=4659"}],"wp:term":[{"taxonomy":"category","embeddable":true,"href":"https:\/\/www.millicozum.com\/mc\/wp-json\/wp\/v2\/categories?post=4659"},{"taxonomy":"post_tag","embeddable":true,"href":"https:\/\/www.millicozum.com\/mc\/wp-json\/wp\/v2\/tags?post=4659"}],"curies":[{"name":"wp","href":"https:\/\/api.w.org\/{rel}","templated":true}]}}