{"id":471,"date":"2006-11-29T00:43:14","date_gmt":"2006-11-29T00:43:14","guid":{"rendered":"https:\/\/www.millicozum.com\/mc\/2006\/11\/29\/fetullah-gulen-ihbarci-mi-istihbaratci-mi\/"},"modified":"2006-11-29T00:43:14","modified_gmt":"2006-11-29T00:43:14","slug":"fetullah-gulen-ihbarci-mi-istihbaratci-mi","status":"publish","type":"post","link":"https:\/\/www.millicozum.com\/mc\/2005\/ocak-2005\/fetullah-gulen-ihbarci-mi-istihbaratci-mi\/","title":{"rendered":"FETULLAH G\u00dcLEN \u0130HBARCI MI, \u0130ST\u0130HBARAT\u00c7I MI?"},"content":{"rendered":"<p><strong>Fetullah G\u00fclen&#8217;den ilgin\u00e7 uyar\u0131lar bas\u0131na yans\u0131d\u0131: &#8220;vatan\u0131m\u0131zda i\u015fler iyiye gitmeye ba\u015flay\u0131nca baz\u0131 servisler hemen harekete ge\u00e7iyor! Bundan sonra da faili me\u00e7hul ve mel&#8217;un cinayetler olabilir!?&#8221;<\/strong><\/p>\n<p><strong>\u0130\u00e7imizde Cemiyyat-\u0131 S\u0131riyeler var:<\/strong><\/p>\n<p><strong>G\u00fclen \u015f\u00f6yle devam etti. Vatan\u0131m\u0131zdaki olumlu \u015feylerden i\u00e7 ve d\u0131\u015f baz\u0131 \u00e7evreler rahats\u0131zl\u0131k duyuyor. Uzant\u0131lar\u0131 T\u00fcrkiye&#8217;de bulunan baz\u0131 servisler, hemen harekete ge\u00e7iyor. Bu servisler, T\u00fcrkiye&#8217;de baz\u0131 \u00f6nemli birimlere s\u0131zm\u0131\u015f elemanlar\u0131yla, birtak\u0131m sistemleri hemen devreye sokuyorlar. Bu \u00fclkede 300 seneden beri milletin kaderine hakim Cemiyyat-\u0131 s\u0131rriyeler (gizli cemiyet ve dernekler) var. Bunlar hakim unsurlard\u0131r, g\u00f6r\u00fcnmezler ama T\u00fcrk toplumunun iktisadi, siyasi, k\u00fclt\u00fcrel hayat\u0131yla oynaya gelmi\u015flerdir. Bundan sonra da oynamaya \u00e7al\u0131\u015facaklard\u0131r. Taktik ve strateji de\u011fi\u015ftirerek \u00f6n\u00fcm\u00fczdeki g\u00fcnlerde de bunu yapabilirler.<\/strong><\/p>\n<p>\u00a0<\/p>\n<p><strong>Ellerini kana bulayacaklar!<\/strong><\/p>\n<p><strong>Faili me\u00e7hul suikast, komplo ve cinayetlerle g\u00f6lgelenmeye \u00e7al\u0131\u015f\u0131lacak &#8220;\u00fclkemizdeki \u00e7ok olumlu ve g\u00fczel geli\u015fmeler&#8221; ise: Ekonominin d\u00fcze \u00e7\u0131kmas\u0131, istikrar\u0131n yay\u0131lmas\u0131, milletteki umut tomurcu\u011funun canlanmas\u0131, M\u00fcsl\u00fcmanl\u0131\u011f\u0131n do\u011fru anla\u015f\u0131l\u0131p anlat\u0131lmas\u0131 olarak tan\u0131mlayan Fetullah G\u00fclen \u015f\u00f6yle dedi. Bir k\u0131s\u0131m gizli servisler; bu t\u00fcr olumlu geli\u015fmeleri istemiyorsa ve bunlar\u0131 kay\u0131rd\u0131klar\u0131 insanlar\u0131n \u00e7\u0131karlar\u0131na kar\u015f\u0131 tehlike say\u0131yorlarsa, demek ki baz\u0131 kimselerin v\u00fccudunun kald\u0131r\u0131lmas\u0131na ihtiya\u00e7 duyacak, yine ellerini kana bulayacaklard\u0131r!?<\/strong><\/p>\n<p><strong>Kan Seylaplar\u0131n\u0131 \u00f6nlemek i\u00e7in:<\/strong><\/p>\n<p><strong>Fetullah G\u00fclen, \u00fcst seviyede g\u00f6rev yapm\u0131\u015f bir insan\u0131n: &#8220;T\u00fcrkiye&#8217;de yeniden kan g\u00f6vdeyi g\u00f6t\u00fcrecek. Falan t\u00fcr simalar bu d\u00f6nemde T\u00fcrkiye&#8217;de bulunmasa iyi olur&#8221; dedi\u011fini kaydetti. Devletin \u00fclkeyi karga\u015faya s\u00fcr\u00fckleyebilecek hadiseler kar\u015f\u0131s\u0131nda, kendi hassasiyetini g\u00f6stermesi gerekti\u011fini belirten G\u00fclen, &#8220;istihbarat, emniyet te\u015fkilat\u0131, J\u0130TEM iyi \u00e7al\u0131\u015f\u0131rsa, bence bu kana susam\u0131\u015f vampirlerin \u00f6n\u00fcm\u00fczdeki g\u00fcnlerde yeniden T\u00fcrkiye&#8217;yi kan g\u00f6l\u00fcne \u00e7evirmeleri \u00f6nlenebilir. Harici g\u00fc\u00e7lerin emellerine hizmet eden bir k\u0131s\u0131m Cemiyet-\u0131 s\u0131rr\u0131ye&#8217;nin (gizli cemiyet ve cephelerin) \u00e7ok iyi takibe al\u0131nmas\u0131 gerekir&#8221; diye konu\u015fmu\u015f&#8230;<\/strong><a name=\"_ftnref1\" href=\"#_ftn1\" title=\"_ftnref1\">[1]<\/a><\/p>\n<p><strong>\u015eimdi Soral\u0131m:<\/strong><\/p>\n<p><strong>1- T\u00fcrkiye&#8217;de \u00e7ok \u00fcst seviyede g\u00f6revlerde bulunmu\u015f, anla\u015f\u0131lan M\u0130T ve J\u0130TEM&#8217;le i\u00e7li d\u0131\u015fl\u0131 olmu\u015f bir adam, niye \u00fclkemizle ilgili endi\u015felerini Fetullah G\u00fclen&#8217;e aktar\u0131yor? Fetullah G\u00fclen, siyaset adam\u0131 de\u011fil, yetkili bir b\u00fcrokrat de\u011fil, gazeteci de\u011fil, \u00fcstelik T\u00fcrkiye&#8217;de de\u011fil&#8230;<\/strong><\/p>\n<p><strong>2- Fetullah G\u00fclen &#8220;M\u0130T, emniyet, J\u0130TEM&#8221; gibi ge\u00e7mi\u015fte ve g\u00fcn\u00fcm\u00fczde, CIA ve MOSSAD gibi Siyonist te\u015fkilatlarla ili\u015fkisi ve i\u015fbirli\u011fi zaten bilinen ve pek \u00e7ok ihtilal ve i\u00e7 sava\u015f senaryolar\u0131nda maalesef gayr\u0131 milli bir tav\u0131r sergileyen kurumlar\u0131 kendilerinden sayd\u0131\u011f\u0131na ve g\u00f6reve \u00e7a\u011f\u0131rd\u0131\u011f\u0131na g\u00f6re&#8230;<\/strong><\/p>\n<p><strong> Ve yine gizli ve kirli mason localar\u0131 ve misyonerlik ocaklar\u0131 zaten karde\u015f kurulu\u015flar\u0131 ve diyalog dostlar\u0131 oldu\u011funa g\u00f6re; acaba Fetullah G\u00fclen&#8217;in &#8220;\u00e7ok tehlikeli ve etkili&#8221; dedi\u011fi bu &#8220;gizli olu\u015fumlar hangileridir?<\/strong><\/p>\n<p><strong>3- Erbakan Hoca&#8217;n\u0131n ba\u015fkanl\u0131\u011f\u0131nda, bir y\u0131lda harikalar ba\u015faran; ekonomiyi d\u00fcze \u00e7\u0131karan, denk b\u00fct\u00e7e yapan, D-8&#8217;leri kuran Refah-Yol iktidar\u0131na kar\u015f\u0131, Siyonist merkezlerin tahrikiyle post modern darbeler yapanlar\u0131 alk\u0131\u015flayan Fetullah G\u00fclen&#8217;in, \u015fimdiki tela\u015f ve tedirginli\u011finin sebebi nedir?<\/strong><\/p>\n<p><strong>4- Ve hele, AKP iktidar\u0131yla \u00fclkemizde, acaba hangi \u00e7arp\u0131kl\u0131klar d\u00fczeltilmi\u015ftir ve hangi i\u015fler iyiye gitmektedir? Ekonomi IMF&#8217;ye, d\u0131\u015f politika ABD&#8217;ye havale edilmi\u015ftir. T\u00fcrkiye; Amerika ve \u0130srail&#8217;in i\u015fgaline ve vah\u015fetlerine ta\u015feron haline getirilmi\u015ftir. Ba\u015f\u00f6rt\u00fcs\u00fc, \u0130mam-Hatip ve Kuran Kursu gibi zul\u00fcmler hala s\u00fcrmektedir.<\/strong><\/p>\n<p><strong>5- Yoksa b\u00fct\u00fcn bunlar; Arz-\u0131 mev&#8217;ud hayaline, ortado\u011fuyu yutmak ve T\u00fcrkiye&#8217;yi y\u0131kmak isteyen g\u00fc\u00e7lerin h\u00fck\u00fcmete ta\u015f\u0131d\u0131\u011f\u0131 ve AB hevesiyle \u00fclkemizin alt\u0131n\u0131n oyulmas\u0131nda ta\u015feron olarak \u00e7al\u0131\u015ft\u0131rd\u0131\u011f\u0131 AKP iktidar\u0131na, masonik mihraklara, s\u00f6m\u00fcr\u00fcc\u00fc sermaye baronlar\u0131na, h\u0131yanet odaklar\u0131na, diyalogcu m\u00fcnaf\u0131klara kar\u015f\u0131 yap\u0131lacak milli ve haysiyetli bir hareketin&#8230; Yeni bir Kuvay\u0131 Milliye devriminin tela\u015f\u0131 ve tedirginli\u011fimidir?<\/strong><\/p>\n<p><strong>6- Fetullah G\u00fclen hayran\u0131 Nazl\u0131 Il\u0131cak&#8217;\u0131n 18 Kas\u0131m tarihli, baklay\u0131 a\u011fz\u0131ndan ka\u00e7\u0131rd\u0131\u011f\u0131 yaz\u0131s\u0131nda &#8220;T\u00fcrkiye&#8217;de ger\u00e7ek demokrasinin yerle\u015febilmesi b\u00fcy\u00fck \u00f6l\u00e7\u00fcde askerin tavr\u0131na ba\u011fl\u0131. Bu hususta Genel Kurmay Ba\u015fkan\u0131 Hilmi \u00d6zk\u00f6k bize umut veriyor&#8230;&#8221; diyor. B\u00f6ylece, Kuvay\u0131 Milliye ruhuna sahip etkili ve kesretli komutan ve kurmaylar\u0131n da umutlar\u0131n\u0131 karartt\u0131\u011f\u0131n\u0131 ve i\u015fbirlik\u00e7i teslimiyet\u00e7ileri korkuttu\u011funu, dolayl\u0131 bi\u00e7imde dile getiriyor ve kendisini ele veriyordu&#8230;<\/strong><\/p>\n<p><strong>New York Times&#8217;in T\u00fcrkiye \u015fefli\u011fini yapan Stefen Kinzer&#8217;in &#8220;Demokrasinin en b\u00fcy\u00fck ba\u015far\u0131s\u0131, askeri g\u00fcc\u00fc sivil denetimin alt\u0131na al\u0131nmas\u0131d\u0131r. Ama d\u00fcnyada bu d\u00fc\u015f\u00fcnceye en ters d\u00fc\u015fen \u00fclke T\u00fcrkiye&#8217;dir&#8221; s\u00f6zlerini de aktaran Nazl\u0131 Han\u0131m, acaba demokrasi a\u015fk\u0131na: <\/strong><\/p>\n<p><strong>K\u0131br\u0131s&#8217;\u0131n Yunana, G\u00fcneydo\u011funun K\u00fcrdistana, egemenli\u011fimizin Avrupa&#8217;ya, ordumuzun ise \u0130slam\u0131 d\u00fc\u015fman se\u00e7en NATO&#8217;ya devrine ses \u00e7\u0131karmayacak, S\u00fcleymaniye&#8217;de subaylar\u0131m\u0131z\u0131n ba\u015f\u0131na \u00e7uval ge\u00e7irilirken, Kuzey Irak&#8217;ta b\u00fct\u00fcn k\u0131rm\u0131z\u0131 \u00e7izgilerimiz \u00e7i\u011fnenirken susacak, Ama ba\u015f\u00f6rt\u00fcs\u00fc ve laiklik konusunda sert uyar\u0131larda bulunacak kafalar\u0131n azl\u0131\u011f\u0131ndan n\u0131 dert mi yan\u0131yordu?<\/strong><\/p>\n<p><strong>Moonlar\u0131n ma\u015fas\u0131, masonlar\u0131n s\u0131rda\u015f\u0131, diyalogcular\u0131n Hocas\u0131 Fetullah G\u00fclen&#8217;in AKP&#8217;nin ak\u0131betiyle ilgili endi\u015felerini dile getirmesi:<\/strong><\/p>\n<p><strong>\u2022\u00b7 <\/strong><strong>Siyonist merkezlerin T\u00fcrkiye&#8217;ye m\u00fcdahale ve milletimizi manip\u00fcle etme g\u00fcc\u00fcn\u00fc art\u0131k yitirdi\u011fini<\/strong><\/p>\n<p><strong>\u2022\u00b7 <\/strong><strong>D\u0131\u015f g\u00fc\u00e7lerin ve Siyonist merkezlerin kontrol\u00fc d\u0131\u015f\u0131nda olu\u015fan, yerli ve g\u00fc\u00e7l\u00fc bir Milli Cephe&#8217;nin ciddi bir eyleme ve de\u011fi\u015fime giri\u015fece\u011fini<\/strong><\/p>\n<p><strong>\u2022\u00b7 <\/strong><strong>Fetullah gibi fig\u00fcranlar kullan\u0131larak, bu milli ve haysiyetli giri\u015fim ve geli\u015fmelerin k\u00f6t\u00fclenmek, k\u00f6rletilmek ve k\u00f6steklenmek istendi\u011fini, ortaya koymas\u0131 bak\u0131m\u0131ndan da sevindirici ve \u00fcmit vericidir.<\/strong><\/p>\n<p><strong>Muhterem Mehmet \u015eevket Eygi&#8217;nin Zaman gazetesi ve Fetullah G\u00fclencilerle ilgili \u015fu yaz\u0131s\u0131 olduk\u00e7a \u00f6nemlidir.<\/strong><\/p>\n<p><strong>Zaman Gazetesinin azg\u0131nl\u0131\u011f\u0131:<\/strong><\/p>\n<p><strong>&#8220;Haric\u00eeler, Karmat\u00eeler, Anar\u015fistler!..&#8221;<\/strong><strong> (diye, \u0131rak&#8217;taki cani H\u0131ristiyanlara de\u011fil, diyalog tuza\u011f\u0131na kar\u015f\u0131 \u00e7\u0131kan M\u00fcsl\u00fcmanlara sald\u0131r\u0131yorlar)<\/strong><\/p>\n<p>KUTSAL Ramazan ay\u0131nda, &#8220;Bin aydan hay\u0131rl\u0131&#8221; oldu\u011fu bildirilen Kadir Gecesinde bile vah\u015fet durmam\u0131\u015ft\u0131r. \u0130slam diyar\u0131 olan Irak topraklar\u0131nda Felluce \u015fehrinde hayas\u0131z bir sava\u015f ya\u015fanmaktad\u0131r. \u0130\u015fgalci Ha\u00e7l\u0131lar o kutsal g\u00fcnlerde ve gecelerde, asker sivil ay\u0131rmadan; kad\u0131n, \u00e7ocuk, ihtiyar, hasta, yaral\u0131 ay\u0131r\u0131m\u0131 yapmadan M\u00fcsl\u00fcmanlar\u0131 tavuk gibi bo\u011fazlam\u0131\u015flar, oluk oluk mazlum kan\u0131 ak\u0131tm\u0131\u015flard\u0131r.<\/p>\n<p>-Zalimler camilerin kubbelerini, minarelerini top ate\u015fiyle y\u0131kmaktad\u0131r.<\/p>\n<p>-Hastane ve okullara sald\u0131rmaktad\u0131r. Sivil ve savunmas\u0131z M\u00fcsl\u00fcmanlar hedef al\u0131nmaktad\u0131r.<\/p>\n<p>B\u00fct\u00fcn d\u00fcnya televizyonlar\u0131n\u0131n g\u00f6sterdi\u011fi ve milyarlarca insan\u0131n deh\u015fetle seyr etti\u011fi vah\u015fi manzaralar t\u00fcylerimizi \u00fcrpertiyor:<\/p>\n<p>Felluce&#8217;de bir camide a\u011f\u0131r yaral\u0131 M\u00fcsl\u00fcmanlar yerlerde kanlar i\u00e7inde yat\u0131yor. Bir Amerikan askeri, inleyerek k\u0131p\u0131rdanmaya \u00e7al\u0131\u015fan bir M\u00fcsl\u00fcmana sil\u00e2h\u0131n\u0131n namlusunu \u00e7eviriyor, ni\u015fan al\u0131yor ve birka\u00e7 kur\u015funla \u00f6ld\u00fcr\u00fcyor. Ve BM bu vah\u015feti seyrediyor!<\/p>\n<p>Sava\u015fla ilgili uluslararas\u0131 hukuk hi\u00e7e say\u0131l\u0131yor!<\/p>\n<p>Ha\u00e7l\u0131 Amerikal\u0131lar, uluslararas\u0131 K\u0131z\u0131lay ve K\u0131z\u0131lha\u00e7 te\u015fkil\u00e2tlar\u0131n\u0131n Felluce&#8217;deki yaral\u0131lara ve savunmas\u0131z M\u00fcsl\u00fcmanlara insan\u00ee yard\u0131m g\u00f6ndermelerini bile engelliyor. Bu da ayr\u0131 bir vah\u015fet, ayr\u0131 bir zul\u00fcm, ayr\u0131 bir medeniyetsizliktir.<\/p>\n<p>Ha\u00e7l\u0131 Amerikal\u0131lar\u0131n M\u00fcsl\u00fcmanlara kar\u015f\u0131 bu kadar kindar, bu kadar merhametsiz, bu kadar vah\u015fi hareket etmelerinin sebebi nedir?<\/p>\n<p>Ba\u015fkan Bush M\u00fcsl\u00fcmanlara kar\u015f\u0131 ni\u00e7in, bu \u00e7a\u011f\u0131n \u00c7ingiz&#8217;i ve H\u00fcl\u00e2g\u00fb&#8217;su gibi davranmaktad\u0131r?<\/p>\n<p>Bu sorular\u0131n cevaplar\u0131 bellidir.<\/p>\n<p>1. Ba\u015fkan Bush&#8217;un m\u00fcr\u015fidi Protestanlar\u0131n Papa&#8217;s\u0131 Billy Graham&#8217;\u0131n, kendisi gibi papaz olan o\u011flu Franklin Graham 2001 Eyl\u00fcl\u00fcnde \u015f\u00f6yle demi\u015fti:<\/p>\n<p>&#8220;\u0130sl\u00e2m&#8217;\u0131n Allah&#8217;\u0131, bizim Allah&#8217;\u0131m\u0131z de\u011fildir. \u0130sl\u00e2m k\u00f6t\u00fc ve sap\u0131k bir dindir.&#8221;<\/p>\n<p>Billy Graham \u015fu anda \u00e7ok ya\u015fl\u0131d\u0131r. O\u011flu Franklin Graham Ba\u015fkan Bush&#8217;a ak\u0131l hocal\u0131\u011f\u0131, m\u00fcr\u015fidlik, rehberlik yapmaktad\u0131r.<\/p>\n<p>Bush&#8217;un ba\u015fka rehberleri de vard\u0131r.<\/p>\n<p>Bunlardan papaz Jerry Falwell, Peygamberimiz Muhammed Mustafa aleyhissalat\u00fc vesselam i\u00e7in &#8220;ter\u00f6rist&#8221; diyecek kadar sayg\u0131s\u0131z, sald\u0131rgan, a\u011fz\u0131 bozuk, k\u00fcstah bir Ha\u00e7l\u0131d\u0131r.<\/p>\n<p>Papaz Pat Roberson kutsal dinimiz i\u00e7in &#8220;\u0130sl\u00e2m Deccal&#8217;dir&#8221; demi\u015ftir.<\/p>\n<p>Bug\u00fcn yery\u00fcz\u00fcnde \u0130sl\u00e2m&#8217;\u0131n ve M\u00fcsl\u00fcmanlar\u0131n en amans\u0131z, en ac\u0131mas\u0131z, en a\u015f\u0131r\u0131, en azg\u0131n, en sald\u0131rgan, en fanatik d\u00fc\u015fmanlar\u0131 Amerikal\u0131 Evangelistlerdir. Onlar, dinimizi ve \u00fcmmetimizi yery\u00fcz\u00fcnden silip kaz\u0131maya ahd etmi\u015flerdir. Bunlar\u0131n belli ba\u015fl\u0131 \u0130sl\u00e2m d\u00fc\u015fman\u0131 papazlar\u0131n\u0131 \u00f6\u011frenmek isteyenler \u015fu internet adresine ba\u015fvurabilirler: <a href=\"http:\/\/www.proislam.com\/\">http:\/\/www.proislam.com\/<\/a><\/p>\n<p>Evangelistler, Siyonist Yahudilerden daha fazla \u0130srail taraftar\u0131d\u0131r, Filistinli d\u00fc\u015fman\u0131d\u0131r. Onlar \u0130srail&#8217;in Filistin topraklar\u0131 \u00fczerinde, &#8220;Tevrat&#8217;\u0131n kehanetlerine dayanan il\u00e2h\u00ee bir me\u015fruiyet hakk\u0131na sahip&#8221; oldu\u011funa inanmaktad\u0131r.<\/p>\n<p>\u015eu anda \u00fclkemizde 55 bin Evangelist misyoneri gece g\u00fcnd\u00fcz faaliyet yapmaktad\u0131r.<\/p>\n<p>Bu Evangelistler Anadolu ve Trakya&#8217;da binlerce ev-kilise a\u00e7m\u0131\u015flard\u0131r.<\/p>\n<p>Y\u00fczlerce m\u00fcstakil, \u00e7an kuleli kiliseleri \u015fu anda faaliyete a\u00e7\u0131kt\u0131r.<\/p>\n<p>Y\u00fczlercesi de in\u015faat halindedir. Yeni h\u0131yanet merkezleri kurulmaktad\u0131r.<\/p>\n<p>Ve AKP iktidar\u0131, Evangelistlere b\u00fct\u00fcn kolayl\u0131klar\u0131 sa\u011flamaktad\u0131r!<\/p>\n<p>\u0130zmir&#8217;de yeni bir kilisenin a\u00e7\u0131l\u0131\u015f\u0131 t\u00f6renlerle kutlanm\u0131\u015f, t\u00f6rene TC&#8217;nin b\u00fcrokratlar\u0131 kat\u0131lm\u0131\u015f, ayr\u0131ca k\u00fc\u00e7\u00fck okul \u00e7ocuklar\u0131 da buraya ta\u015f\u0131narak beyinleri karart\u0131lm\u0131\u015ft\u0131r. Bunlar Irak&#8217;ta M\u00fcsl\u00fcmanlar\u0131 Kadir gecesinde tavuk gibi bo\u011fazlayan Ha\u00e7l\u0131lara hala \u015firin g\u00f6r\u00fcnmeye \u00e7al\u0131\u015fmaktad\u0131r.<\/p>\n<p>\u0130ktidara mensup kodaman bir zat, tenkitlere kar\u015f\u0131 g\u00fcrl\u00fcyor ve \u015f\u00f6yle diyor:<\/p>\n<p>-M\u00fcsl\u00fcmanlar Roma&#8217;da cami a\u00e7\u0131yor da, H\u0131ristiyanlar T\u00fcrkiye&#8217;de ni\u00e7in kilise a\u00e7amas\u0131n?<\/p>\n<p>Aman ne mant\u0131k, aman ne mant\u0131k&#8230; (Bu s\u00f6zler ho\u015fg\u00f6r\u00fc k\u0131l\u0131fl\u0131 bir h\u0131yanet olmas\u0131n)<\/p>\n<p>Sen \u00f6nce T\u00fcrkiye&#8217;nin M\u00fcsl\u00fcman halk\u0131na, Bat\u0131 d\u00fcnyas\u0131nda oldu\u011fu kadar din, inan\u00e7, inand\u0131\u011f\u0131 gibi ya\u015famak h\u00fcrriyeti ver, ondan sonra konu\u015f!<\/p>\n<p>T\u00fcrkiye M\u00fcsl\u00fcman\u0131n\u0131n din\u00ee dernek kurmaya hakk\u0131 var m\u0131?<\/p>\n<p>Birka\u00e7 T\u00fcrkiyeli M\u00fcsl\u00fcman bir araya gelip de &#8220;\u0130sl\u00e2m Dinini Yayma ve Tan\u0131tma Derne\u011fi&#8221; ad\u0131nda bir dernek kurabilir mi?<\/p>\n<p>Kuramaz!.. Ni\u00e7in?.. \u00c7\u00fcnk\u00fc bizim Dernekler Kanunu&#8217;muzda a\u00e7\u0131k\u00e7a, &#8220;Din derne\u011fi kurmak yasakt\u0131r&#8221; yaz\u0131l\u0131d\u0131r.<\/p>\n<p>Sonra da beyefendimiz kalkm\u0131\u015f, Roma&#8217;daki camiden bahsediyor&#8230;!<\/p>\n<p>Evet, Irak&#8217;ta camiler top ate\u015fiyle y\u0131k\u0131l\u0131rken, minareler g\u00fcmb\u00fcr g\u00fcmb\u00fcr devrilirken; M\u00fcsl\u00fcmanlar tavuk gibi bo\u011fazlan\u0131rken; kad\u0131n, \u00e7ocuk, ihtiyar, yaral\u0131, sivil b\u00fct\u00fcn Tevhid ehlinin kanlar\u0131 oluk oluk ak\u0131t\u0131l\u0131rken, hapishanelerde M\u00fcsl\u00fcmanlara en i\u011fren\u00e7 i\u015fkenceler yap\u0131l\u0131rken, Hitler ve Stalin&#8217;in rejimlerinde bile g\u00f6r\u00fclmemi\u015f cinsel i\u015fkencelere ba\u015fvurulurken; ZAMAN gazetesinin 15 Kas\u0131m 2004 tarihli n\u00fcshas\u0131nda tam sayfal\u0131k zehir zemberek bir yaz\u0131 yay\u0131nland\u0131. Ba\u015fl\u0131\u011f\u0131n\u0131n ikinci sat\u0131r\u0131nda &#8220;HAR\u0130C\u00ceLER, KARMAT\u00ceLER, ANAR\u015e\u0130STLER&#8221; yaz\u0131l\u0131yd\u0131.<\/p>\n<p>Bu yaz\u0131da M\u00fcsl\u00fcman kan\u0131 d\u00f6ken, sevgili Peygamberimize ter\u00f6rist diyen, \u0130sl\u00e2m dinini Deccal olarak g\u00f6ren, \u0130sl\u00e2miyeti ve Muhammed \u00dcmmeti&#8217;ni yery\u00fcz\u00fcnden silip kaz\u0131maya ahd etmi\u015f bulunan zalim, hunhar, vah\u015fi Evangelistler mi tenkit ediliyordu?<\/p>\n<p>\u0130sl\u00e2m d\u00fc\u015fmanlar\u0131na m\u0131 Haric\u00ee, Karmat\u00ee, Anar\u015fist deniliyordu?..<\/p>\n<p>Hay\u0131r ve Heyhat!..<\/p>\n<p>Yaz\u0131n\u0131n birinci ba\u015fl\u0131\u011f\u0131n\u0131n birinci sat\u0131r\u0131nda \u015fu kelimeler yer almaktayd\u0131:<\/p>\n<p>D\u0130YALO\u011eUN KAR\u015eISINDA DURAN \u00dc\u00c7 Z\u00dcMRE&#8230;<\/p>\n<p>Evet, Irak&#8217;ta kutsal Ramazan ay\u0131nda, kutsal Kadir Gecesi&#8217;nde ve bayramda bile M\u00fcsl\u00fcmanlar \u015fehid edilirken, Evangelist Ha\u00e7l\u0131lar din ve iman karde\u015flerimizi tavuk gibi bo\u011fazlarken Zaman gazetesindeki bu \u015fiddetli yaz\u0131da Dinleraras\u0131 Diyalog ve Ho\u015fg\u00f6r\u00fc&#8217;y\u00fc tenkit eden M\u00fcsl\u00fcmanlar en a\u011f\u0131r \u015fekilde su\u00e7lan\u0131yordu.<\/p>\n<p>Haric\u00eeler&#8230; Deniliyordu onlara. Hazret-i Ali kerremallahu vecheh ve radiyallahu anhu efendimizi \u015fehid eden o z\u00e2lim ve bozuk t\u00e2ifeyle, diyalog diye dinimizi yozla\u015ft\u0131rmak isteyenlere kar\u015f\u0131 \u00e7\u0131kanlar bir tutuluyordu.<\/p>\n<p>Karmat\u00eeler&#8230; Deniliyordu o M\u00fcsl\u00fcmanlara. Karmat\u00eeler, \u0130sl\u00e2m tarihinin g\u00f6r\u00fcp g\u00f6rece\u011fi en zalim, en sap\u0131k, en bozuk t\u00e2ifedir. Bir ara Mekke&#8217;ye sald\u0131rm\u0131\u015flar, K\u00e2be&#8217;nin k\u00f6\u015fesindeki Hacer-i Esved&#8217;i yerinden kopart\u0131p g\u00f6t\u00fcrm\u00fc\u015fler, binlerce hac\u0131y\u0131 \u00f6ld\u00fcrm\u00fc\u015flerdi. (Zaman&#8217;c\u0131lar, Siyonist ve emperyalist zalimlere uydu ve u\u015fak olmayanlara b\u00f6yle sald\u0131r\u0131yordu.)<\/p>\n<p>Anar\u015fistlere gelince: Onlar\u0131n ana prensibi &#8220;Ne Allah, ne devlet&#8230;&#8221;tir. Yani dinleri, imanlar\u0131 yoktur. (Fetullah\u00e7\u0131lar, Amerika&#8217;n\u0131n kuca\u011f\u0131na oturmayan ve Ha\u00e7l\u0131lar kar\u015f\u0131 Kur&#8217;ani bir tav\u0131r tak\u0131nanlar\u0131, anar\u015fist g\u00f6r\u00fcyorlar)<\/p>\n<p>\u0130sl\u00e2m d\u00fc\u015fman\u0131, Resulullah d\u00fc\u015fman\u0131, Kur&#8217;\u00e2n d\u00fc\u015fman\u0131, M\u00fcsl\u00fcman d\u00fc\u015fman\u0131 Evangelistlerle ho\u015fg\u00f6r\u00fc, diyalog, evrensel karde\u015flik yapanlar; onlar\u0131 bu y\u00fczden tenkit eden, uyaran M\u00fcsl\u00fcmanlara kar\u015f\u0131 ne kadar sert, \u015fiddetli, galiz, ac\u0131mas\u0131z, ho\u015fg\u00f6r\u00fcs\u00fcz hareket ediyorlar.<\/p>\n<p>Ars\u0131z ve azg\u0131n, vah\u015fi \u0130sl\u00e2m d\u00fc\u015fmanlar\u0131na ho\u015fg\u00f6r\u00fc; Ama yanl\u0131\u015fl\u0131klar\u0131n\u0131 tenkit etti\u011fi i\u00e7in din ve iman karde\u015fine d\u00fc\u015fmanl\u0131k&#8230;! B\u00f6yle bir \u015fey din karde\u015fli\u011fine yak\u0131\u015f\u0131r m\u0131?<\/p>\n<p>Kur&#8217;\u00e2n M\u00fcminleri &#8220;(Harb\u00ee ve sald\u0131rgan) K\u00fcffara kar\u015f\u0131 \u015fiddetli, kendi aralar\u0131nda merhametli&#8230;&#8221; buyuruyor. Bizim diyalog\u00e7ular, tolerans\u00e7\u0131lar ise tam tersini yap\u0131yor. Bu ne bi\u00e7im M\u00fcsl\u00fcmanl\u0131kt\u0131r?<\/p>\n<p>Bendeniz, diyalo\u011fa, Evangelistlerle dostlu\u011fa kar\u015f\u0131 olan bir Ehl-i S\u00fcnnet M\u00fcsl\u00fcman&#8217;\u0131y\u0131m. Bu konudaki tenkit ve uyar\u0131lar\u0131m dolay\u0131s\u0131yla beni Haric\u00ee, Karmat\u00ee, Anar\u015fist olarak g\u00f6stermeye ne haklar\u0131 var?<\/p>\n<p>Ben, diyalog hareketini tenkit ederken din\u00ee, \u015fer&#8217;\u00ee, akl\u00ee, mant\u0131k\u00ee delillere ve gerek\u00e7elere dayan\u0131yorum. Kur&#8217;\u00e2n, S\u00fcnnet, \u015eeriat, \u0130sl\u00e2m, hikmet b\u00f6yle bir diyalo\u011fu uygun g\u00f6rm\u00fcyor. Ehl-i S\u00fcnnet ulemas\u0131 b\u00f6yle bir \u015feye fetva, ruhsat, izin, cevaz vermiyor.<\/p>\n<p>Bize Haric\u00ee, Karmat\u00ee, Anar\u015fist diyenlerin \u015fer&#8217;\u00ee, mant\u0131k\u00ee, hikem\u00ee bir tek delilleri ve gerek\u00e7eleri bile yok.<\/p>\n<p>Levm edenlerin levmlerinden korkup da do\u011fruyu s\u00f6ylemekten vaz ge\u00e7ece\u011fimizi san\u0131yorlarsa aldan\u0131yorlar.<a name=\"_ftnref2\" href=\"#_ftn2\" title=\"_ftnref2\">[2]<\/a><\/p>\n<p>Diyalogcular Chirak kadar bile olamad\u0131lar:<\/p>\n<p>19 Kas\u0131m 2004 tarihinde \u0130ngiltere&#8217;ye resmi bir ziyaret yapan Fransa Cumhurba\u015fkan\u0131 Jak Chirak;<\/p>\n<ul>\n<li>Daha etkin ve yetkin bir BM kurulmal\u0131d\u0131r. Art\u0131k tamamen i\u015flevsiz hale gelen BM yeniden yap\u0131land\u0131r\u0131lmal\u0131d\u0131r.<\/li>\n<li>ABD&#8217;nin Irak&#8217;a sald\u0131r\u0131lar\u0131 gibi keyfi ve gayri insani davran\u0131\u015flar\u0131n\u0131n \u00f6n\u00fc al\u0131nmal\u0131d\u0131r. <\/li>\n<li>Demokrasi ve insan haklar\u0131na sahip \u00e7\u0131k\u0131labilir. Ancak zorla ve silahla bat\u0131l\u0131la\u015fmay\u0131 dayatmak yanl\u0131\u015ft\u0131r ve aksi tesir ve tepki yaratmaktad\u0131r.<\/li>\n<li>ABD&#8217;nin b\u00fct\u00fcn bat\u0131y\u0131 temsilen b\u00f6yle davrand\u0131\u011f\u0131 ve sald\u0131rganla\u015ft\u0131\u011f\u0131 iddia ve imaj\u0131 da, zararl\u0131d\u0131r, yanl\u0131\u015ft\u0131r ve istismard\u0131r anlam\u0131nda, ABD&#8217;yi ve BM&#8217;i a\u011f\u0131r dille su\u00e7layan ve sorgulayan a\u00e7\u0131klamalar yapt\u0131.<\/li>\n<\/ul>\n<p>Do\u011fru ve d\u00fcr\u00fcst tesbit ve tenkitleri yapan kim olursa olsun sayg\u0131 duyulmal\u0131 ve sahip \u00e7\u0131k\u0131lmal\u0131d\u0131r.<\/p>\n<p>Ve tabi bir gavur kadar mertlik ve netlik g\u00f6steremeyen s\u00f6zde M\u00fcsl\u00fcmanlarda en az\u0131ndan utanmal\u0131d\u0131r&#8230;<\/p>\n<p>Jak Chirak&#8217;\u0131n m\u0131, yoksa M\u00fcsl\u00fcman \u00fclkelerde Amerika&#8217;ya amigoluk yapan kukla imamlar\u0131n ve iktidarlar\u0131n m\u0131 daha haysiyetli ve hamiyetli olduklar\u0131n\u0131 ise iz&#8217;an ve vicdan ehlinin taktirine b\u0131rakmal\u0131d\u0131r.<\/p>\n<p>Sonu\u00e7: Kur&#8217;an mihenk ve merkez olmal\u0131d\u0131r<\/p>\n<p>Mesle\u011fimizi, Me\u015frebimizi, Mezhebimizi, M\u00fcr\u015fidimizi ve bunlar\u0131n s\u00f6zlerini ve eserlerini Kur&#8217;an ve S\u00fcnnete g\u00f6re anlamaya \u00e7al\u0131\u015fmak; hidayeti artt\u0131r\u0131r.<\/p>\n<p>Ama Kur&#8217;ani emir ve ger\u00e7ekleri, bunlara uydurmaya \u00e7al\u0131\u015fmak ise, dalalet yoluna sapt\u0131r\u0131r.<\/p>\n<p>70&#8217;li y\u0131llarda Do\u011fu T\u00fcrkistan&#8217;dan T\u00fcrkiye&#8217;ye gelen Celaleddin Karaka\u015f Hocan\u0131n &#8220;Kur&#8217;an her as\u0131rda nice m\u00fccedditler ve saidler yeti\u015ftirmi\u015ftir. Ama Risale-i Nur, bir tek Said ve yeni bir m\u00fcceddid yeti\u015ftiremeyecektir.&#8221; Yani de\u011fi\u015fen ve geli\u015fen \u015fartlar\u0131n ve ihtiya\u00e7lar\u0131n gere\u011fi yeniden Kur&#8217;ana ve s\u00fcnnete d\u00f6necek ve T\u00fckenmeyen Hakikat deryas\u0131ndan, kendi sorunlar\u0131m\u0131za deva olacak damlalar\u0131 ve d\u00fcsturlar\u0131 \u00e7\u0131karacak yeni beyinler ve bilgeler beklenmelidir&#8221; manas\u0131ndaki tespitleri na kadar \u00f6nemli ve anlaml\u0131d\u0131r.<\/p>\n<p>Risale-i Nur&#8217;un hizmet ve hikmetinden ve \u00dcstad Bedi\u00fczzaman\u0131n himmet ve hedefinden uzakla\u015fanlar\u0131n&#8230; Ve Kur&#8217;an&#8217;dan s\u00fcz\u00fclen hakikatlar\u0131 istismara ve suistimale kalk\u0131\u015fanlar\u0131n ne hale d\u00fc\u015ft\u00fckleri ortadad\u0131r&#8230;<\/p>\n<p>Hayali De\u011fil, Hakiki Bir S\u00f6yle\u015fi Ve Fetullah G\u00fclen&#8217;in Samimiyet Testi<\/p>\n<p>Mesle\u011fi; \u0130lahiyat\u00e7\u0131<\/p>\n<p>Me\u015frebi; Nurcu<\/p>\n<p>Partisi; AKP taraftar\u0131, Tayip Erdo\u011fanc\u0131 olan bir tan\u0131d\u0131kla tart\u0131\u015f\u0131yoruz:<\/p>\n<p>Biz: AB&#8217;yi bir kurtulu\u015f \u00fcmidi ve huzur garantisi olarak g\u00f6rmeniz; hem inanc\u0131n\u0131za, hem Milli onurumuza ayk\u0131r\u0131 de\u011fimli? \u00c7\u00fcnk\u00fc, art\u0131k anayasam\u0131z\u0131 ve kanunlar\u0131m\u0131z\u0131 onlar d\u00fczenleyecek ve ordumuza bile Hanslar, charslar\u00a0 kumanda edecek?..<\/p>\n<p>O: iyi ya, yerli k\u00e2firlerdense, AB&#8217;li herifler tercihimdir. Bari onlar ehli kitapt\u0131r!.. Bizimkiler ise, Deccal&#8217;\u0131n, S\u00fcfyan&#8217;\u0131n komutanlar\u0131d\u0131r!?<\/p>\n<p>Biz: Kur&#8217;an\u0131n;<\/p>\n<p>&#8220;Sen onlar\u0131n milletlerine (Siyonist ve emperyalist emellerine) tabi olmad\u0131k\u00e7a Yahudi ve H\u0131ristiyanlar, kesinlikle senden (ve \u00fcmmeti Muhammet&#8217;ten) raz\u0131 olacak (memnun kalacak) de\u011fildir. (E\u011fer Yahudi ve H\u0131ristiyanlar, M\u00fcsl\u00fcman bilinen kimselerden raz\u0131ysa ve yard\u0131mc\u0131 oluyorsa, anlay\u0131n ki onlar, kendilerinin g\u00fcd\u00fcm\u00fcne girmi\u015ftir) De ki: \u015e\u00fcphesiz (tek) kurtulu\u015f yolu, Allah\u0131n yoludur. E\u011fer sana gelen bunca ilimden (ve Kur&#8217;ani haber ve h\u00fck\u00fcmlerden) sonra onlar\u0131n (yani Siyonist ve emperyalist odaklara yana\u015fanlar\u0131n) hevalar\u0131na uyacak olursan, (art\u0131k) senin i\u00e7in Allah (taraf\u0131n)dan ne bir dost vard\u0131r, ne de bir yard\u0131mc\u0131&#8230;&#8221; (Bakara:120)<\/p>\n<p>&#8220;Ey iman edenler, (sak\u0131n Siyonist ve emperyalistleri) Yahudi ve H\u0131ristiyanlar\u0131 (s\u0131\u011f\u0131nak ve sahip) edinmeyin. Onlar (sadece) birbirlerinin yak\u0131n\u0131 ve yard\u0131mc\u0131lar\u0131d\u0131r. Sizden her kim onlar\u0131 dost edinirse, ku\u015fkusuz o da, onlardand\u0131r. Kalplerinde hastal\u0131k onlar\u0131: Devran\u0131n felaketleriyle aleyhimize d\u00f6n\u00fcp bize \u00e7arpmas\u0131ndan korkuyoruz (M\u00fcsl\u00fcmanlar zay\u0131f ve da\u011f\u0131n\u0131k, onlara g\u00fcvenmiyoruz&#8230; Yahudi ve H\u0131ristiyanlar ise g\u00fc\u00e7l\u00fc ve \u00fcst\u00fcn.<\/p>\n<p>Bu y\u00fczden onlara yana\u015farak kendimizi koruyoruz) diyerek, (zalimlerin taraf\u0131na ge\u00e7ip) aralar\u0131nda \u00e7e\u015fitli \u00e7abalar y\u00fcr\u00fctt\u00fcklerini (ve b\u00f6ylece inanc\u0131m\u0131za ve insanl\u0131\u011fa hizmet ettiklerini s\u00f6ylediklerini) g\u00f6r\u00fcrs\u00fcn. (Halbuki onlar, hidayetleri kararm\u0131\u015f zalimler ve hainlerdir.) Ama umulur ki Allah, yak\u0131nda (beklenmedik) bir fetih veya kat\u0131ndan bir emir getirecek de, o (marazl\u0131 m\u00fcnaf\u0131klar) i\u00e7lerinde gizledikleri (ku\u015fku ve korkakl\u0131ktan) dolay\u0131 pi\u015fman (ve peri\u015fan) olacaklard\u0131r.&#8221; (Ali \u0130mran:51-52)\u00a0 ayetleri, bu anlay\u0131\u015f\u0131, AB ve ABD gibi zalim ve hain himayesinde kurtulu\u015f aramay\u0131, yasaklam\u0131yor mu, bu tavr\u0131 m\u00fcnaf\u0131kl\u0131k ve manevi maraz saym\u0131yor mu?<\/p>\n<p>O: hay\u0131r, o sizin yorumunuz. Biz o ayetleri b\u00f6yle anlam\u0131yoruz. \u00dcstad\u0131n da i\u015faretiyle, ehli kitab\u0131n insafl\u0131 ve inan\u00e7l\u0131 kesimiyle iyi m\u00fcnasebetler geli\u015ftiriyoruz.<\/p>\n<p>Biz: Bu himayesine girmek istedi\u011finiz, Medeniyet ve h\u00fcrriyet \u00fclkeleri g\u00f6sterdi\u011finiz Amerika ve yanda\u015flar\u0131n\u0131n Irak&#8217;taki vah\u015fetleri demi, sizleri deh\u015fete ve durumlar\u0131n\u0131 yeniden d\u00fc\u015f\u00fcn\u00fcp de\u011ferlendirmeye sevk etmiyor&#8230; Yeni Ha\u00e7l\u0131 seferlerini ba\u015flatan bu zalimleri, hem davul zurna ile davet ettikleri, hem de \u015fu anda bile, her t\u00fcrl\u00fc m\u00fchimmat ve malzemeyi t\u0131rlar dolusu T\u00fcrkiye&#8217;den g\u00f6nderip onlar\u0131 destekledikleri halde, hala nas\u0131l bu AKP iktidar\u0131n\u0131 savunuyor ve sahip \u00e7\u0131k\u0131yorsunuz?<\/p>\n<p>O: AKP&#8217;nin ne su\u00e7u var&#8230; ABD gibi bir s\u00fcper g\u00fcce s\u00f6z ge\u00e7irebilir mi, kar\u015f\u0131 koyabilir mi?<\/p>\n<p>Evet, \u0131rak&#8217;ta ya\u015fananlara bizde ac\u0131yoruz amma, unutmay\u0131n, Saddam kalsayd\u0131 bizim ba\u015f\u0131m\u0131za bela olacakt\u0131.<\/p>\n<p>Biz: Yani Amerika, Saddam halk\u0131na zulmetmesin ve T\u00fcrkiye&#8217;ye sald\u0131rmas\u0131n diye mi, Irak&#8217;\u0131 i\u015fgal edip b\u00fct\u00fcn bu cinayet ve rezillikleri i\u015fliyor?<\/p>\n<p>O: Allah\u0131n her i\u015finde bir hikmet vard\u0131r. \u0130\u00e7 ve d\u0131\u015f siyasetle fazla ilgilenmiyoruz. Biz kendi ibadet ve hizmetlerimizle me\u015fgul\u00fcz&#8230;<\/p>\n<p>Biz: Hani M\u00fcsl\u00fcmanlar karde\u015fti..? Hani onlar\u0131n derdi bizim derdimizdi..! Son Felluce felaketinde 8 bin masum M\u00fcsl\u00fcman bombalarla, zehirli ve kimyasal silahlarla katledilmi\u015f. Bunlar\u0131 AKP&#8217;li Meclis \u0130nsan Haklar\u0131 komisyonu Ba\u015fkan\u0131 Mehmet Elkatm\u0131\u015f a\u00e7\u0131kl\u0131yor. Her iki Irak sava\u015f\u0131nda \u00f6lenlerin toplam say\u0131s\u0131 100 bini a\u015fm\u0131\u015f. Camiler, hastaneler, okullar, yurtlar, yuvalar y\u0131k\u0131lm\u0131\u015f. Koca bir Medeniyet yerin dibine bat\u0131r\u0131lm\u0131\u015f&#8230;<\/p>\n<p>Saddam&#8217;\u0131n bat\u0131rd\u0131\u011f\u0131 s\u00f6ylenen bir tankerden s\u0131zan petrol at\u0131klar\u0131na bula\u015fm\u0131\u015f birka\u00e7 mart\u0131n\u0131n foto\u011fraf\u0131n\u0131 g\u00fcnlerce TV&#8217;lerde g\u00f6sterip merhamet istismar\u0131 yapanlara ne oldu ki, bug\u00fcn onbinlerce mazlum insan\u0131n\u0131n vah\u015fice katledilmesine seyirci ve suskun kal\u0131yor? Ve zaten ayn\u0131 vah\u015fetler y\u0131llard\u0131r, Bosna&#8217;da, Filistin&#8217;de ya\u015fan\u0131yor!<\/p>\n<p>O: Filistinliler Osmanl\u0131ya h\u0131yanetlerinin bedelini \u00f6d\u00fcyor. Ve zaten onlar\u0131n bir\u00e7o\u011fu solcu ve anar\u015fisttir&#8230; Hem, can\u0131m elimizden ne gelir. Bu edebiyatlar\u0131 b\u0131rak\u0131n da, birka\u00e7 talebe yeti\u015ftirin&#8230;<\/p>\n<p>Biz: El \u0130nsaf: Kur&#8217;an: &#8221; Hi\u00e7 kimse bir ba\u015fkas\u0131n\u0131n g\u00fcnah\u0131n\u0131 \u00e7ekmez&#8221; (Z\u00fcmer:7) buyurdu\u011fu halde, dedelerinin vebalini Filistinli torunlara y\u00fcklemek olur mu? Vatan\u0131n\u0131 ve mukaddesat\u0131n\u0131, hem de tek silahlar\u0131 olan ta\u015flarla koruyanlar, anar\u015fist say\u0131l\u0131r m\u0131? Yoksa Fetullah G\u00fcleni de ABD&#8217;li Siyonistler, b\u00f6yle d\u00fc\u015f\u00fcnd\u00fc\u011f\u00fc i\u00e7in mi, sakl\u0131yor ve sahip \u00e7\u0131k\u0131yor?<\/p>\n<p>O: E\u011fer Amerika, radikal \u0130slam&#8217;a kar\u015f\u0131 ve \u0131l\u0131ml\u0131 \u0130slam&#8217;a ve Fetullah Hoca&#8217;ya destek veriyorsa, bu bence her iki taraf i\u00e7in de hay\u0131rl\u0131 ve yararl\u0131 bir tav\u0131rd\u0131r!&#8230;<\/p>\n<p>Biz: Demek, Sn. Recep T. Erdo\u011fan da b\u00f6yle d\u00fc\u015f\u00fcn\u00fcyor ki, son \u0130SEDAK toplant\u0131s\u0131nda, M\u00fcsl\u00fcman \u00fclke delegelerine: &#8220;\u0130mk\u00e2nlar\u0131m\u0131z\u0131 payla\u015fmay\u0131 \u00f6\u011frenmeliyiz. Yoksa bu anar\u015fi ve karga\u015fadan kurtulamay\u0131z&#8221; diye \u00f6\u011f\u00fct veriyor&#8230; Yani ter\u00f6rden ve i\u015fgalden korunmak i\u00e7in M\u00fcsl\u00fcmanlar\u0131n, \u00fclkelerini, madenlerini, petrollerini Bat\u0131l\u0131larla payla\u015fmay\u0131, daha do\u011frusu onlara pe\u015fke\u015f\u00e7i olmay\u0131 \u00f6neriyor.!<\/p>\n<p>O: Hay\u0131r, Tayip Bey, ak\u0131lc\u0131 ve bar\u0131\u015f\u00e7\u0131 bir yakla\u015f\u0131m sergiliyor. Siz ise, bu kafayla ne hale d\u00fc\u015ft\u00fc\u011f\u00fcn\u00fcz\u00fc hala anlam\u0131yorsunuz&#8230;<\/p>\n<p>Fetullah G\u00fclenin Samimiyet Testi:<\/p>\n<p>Fetullah T\u00fcrkiye&#8217;ye d\u00f6n\u00fcp d\u00f6nmemesi konusunda \u00e7ok farkl\u0131 kanaatler ve karars\u0131zl\u0131klar ya\u015fand\u0131\u011f\u0131 ve son g\u00fcnlerde G\u00fclen&#8217;in Vatan\u0131na d\u00f6nmesi olas\u0131l\u0131\u011f\u0131n\u0131n a\u011f\u0131rl\u0131k kazand\u0131\u011f\u0131 yaz\u0131l\u0131p konu\u015fulmaktad\u0131r.<\/p>\n<p>Bizce, as\u0131l d\u00fc\u015f\u00fcn\u00fclmesi ve de\u011ferlendirilmesi gereken; Fetullah Hoca&#8217;n\u0131n ne zaman, nereye gelece\u011fi de\u011fil, ni\u00e7in gelece\u011fi ve nerede duraca\u011f\u0131d\u0131r&#8230;<\/p>\n<p>Dengeleri etkileme potansiyeli bak\u0131m\u0131ndan \u00f6nemsenecek bir konumda olan Fetullah G\u00fclen acaba Milli cephede mi, Yoksa Kirli ve T\u00fcrkiye&#8217;ye Kinli Cephede mi yer alacakt\u0131r? Sorusu tart\u0131\u015f\u0131lmal\u0131d\u0131r.<\/p>\n<p>Sesar&#8217;\u0131n bu soruya yan\u0131t arayan \u015fu tespiti olduk\u00e7a \u00f6nemli ve anlaml\u0131d\u0131r:<\/p>\n<p>\u00d6nemli olan Fettullah Hoca&#8217;n\u0131n T\u00fcrkiye&#8217;ye gelmesi de\u011fil, T\u00fcrkiye&#8217;de ne t\u00fcr bir rol oynayaca\u011f\u0131 ve hangi sahnede konu\u015flanaca\u011f\u0131d\u0131r.<\/p>\n<p><strong>Vatikan ve \u0130slam&#8217;\u0131 Suland\u0131rma \u00c7abalar\u0131na Tarihsel Bak\u0131\u015f<\/strong><\/p>\n<p>Kurumsal evhamlar\u0131m\u0131z kimseyi ba\u011flamaz, fakat biz Fettullah Hoca ve cemaati ile ilgili \u015fu yorumu yapmay\u0131 daha isabetli buluyoruz.<\/p>\n<p>Fettullah G\u00fclen&#8217;in \u015fahs\u0131 ile, kendisiyle \u00f6zde\u015fle\u015fen yap\u0131 aras\u0131ndaki makas\u0131n g\u00fcn ge\u00e7tik\u00e7e a\u00e7\u0131ld\u0131\u011f\u0131n\u0131 g\u00f6zlemliyoruz.<\/p>\n<p>Fettullah G\u00fclen&#8217;in kendi hareketi i\u00e7inde gittik\u00e7e fikri bir mankene d\u00f6n\u00fc\u015ft\u00fcr\u00fcld\u00fc\u011f\u00fcn\u00fc ve vezirler konseyinin kral\u0131n g\u00f6rselli\u011fi arkas\u0131ndan kontrol\u00fc ele ge\u00e7irdi\u011fini d\u00fc\u015f\u00fcn\u00fcyoruz. B\u00f6yle bir tabloda; Fettullah G\u00fclen&#8217;in milli olmas\u0131ndan \u00e7ok; vezirler kurulunu bertaraf ederek, sembolik bir kral olmaktan \u00f6teye ge\u00e7mesi gerekti\u011fini d\u00fc\u015f\u00fcn\u00fcyoruz.<\/p>\n<p>Y\u00fczy\u0131llar \u00f6nce; Vatikan&#8217;\u0131n, Anadolu co\u011frafyas\u0131 \u00fczerinde \u0130slam&#8217;\u0131 manipule etmek i\u00e7in Roma&#8217;n\u0131n d\u0131\u015f\u0131nda \u00f6zel bir okulda yeti\u015ftirdi\u011fi M\u00dcSL\u00dcMAN \u00f6\u011frenciler aras\u0131nda se\u00e7ip Anadolu&#8217;ya yollad\u0131\u011f\u0131 \u00fc\u00e7 &#8220;\u015feyh\u00fclislam&#8221; kimdir ve bu \u00fc\u00e7 ismin yaratt\u0131\u011f\u0131 ekol\u00fcn geldi\u011fi nokta ile Fettullah G\u00fclen aras\u0131ndaki ili\u015fki nedir?<\/p>\n<p>Bu sorunun cevab\u0131; \u00e7ok \u00f6zel ar\u015fivlerde duran \u00e7ok \u00f6zel belgelerde oldu\u011fundan, sorumuzun amac\u0131 bir cevap yaratmaktan \u00e7ok; insanlar\u0131m\u0131z\u0131 \u0130slam&#8217;la, \u0130slamc\u0131 ve \u0130slami Lider aras\u0131ndaki ili\u015fkiyi sorgulamaya itmektir.<\/p>\n<p><strong>Tarikat-Cemaatler Topluma Tak\u0131lan Haval\u0131 Direksiyonlar Gibidir!<\/strong><\/p>\n<p>Bu tespitimizi derinle\u015ftirmeden \u00f6nce bir benzetme ile g\u00f6rselle\u015ftirmeye \u00e7al\u0131\u015fal\u0131m.<\/p>\n<p>Tarikatlar ve cemaatler istihbarat \u00f6rg\u00fctlerinin topluma takt\u0131klar\u0131 haval\u0131 direksiyonlar gibidirler. Normalde \u00e7ok zorlanarak \u00e7evirecekleri toplumsal e\u011filimi; bir tarikat &#8211; cemaat liderinin \u00f6nderli\u011finde \u00e7ok daha rahat manipule edebilirler. Bu nedenle \u0130slam&#8217;i bir hareketin b\u00fct\u00fcn \u00fcyelerini tek tek de\u011fi\u015ftirmektense, sadece liderlerini ele ge\u00e7irmek daha kolay ve daha etkilidir.<\/p>\n<p>Ne yaz\u0131k ki; T\u00fcrk Devleti&#8217;nin ataleti, beceriksizli\u011fi ve vizyon eksikli\u011fi nedeni ile; yabanc\u0131 istihbarat \u00f6rg\u00fctleri T\u00fcrk toplumuna haval\u0131 direksiyonlar\u0131 takt\u0131klar\u0131 gibi; toplumu bu direksiyonlar arac\u0131l\u0131\u011f\u0131 ile istedikleri gibi de y\u00f6nlendirmektedirler.<\/p>\n<p>Bu noktada; <strong>\u0130slam&#8217;i liderin; \u0130slamc\u0131lar \u00fczerinden \u0130slam&#8217;\u0131 manipule etmek i\u00e7in bir ara\u00e7a ve platforma d\u00f6n\u00fc\u015fmemesi i\u00e7in \u00e7ok dikkatli olmas\u0131 gerekmektedir.<\/strong><\/p>\n<p>Kendilerini &#8220;Fettullah\u00e7\u0131&#8221; olarak tan\u0131mlayan dostlar\u0131m\u0131z\u0131 \u00fczmek istemeyiz. Fettullah G\u00fclen gibi bu kadar geni\u015f bir etki alan\u0131na sahip bir ismin milli olmas\u0131n\u0131 ise herkesten \u00e7ok arzu ederiz.<\/p>\n<p>Fettullah G\u00fclen&#8217;in bu noktaya ta\u015f\u0131nmas\u0131nda \u0130slam ve Millet ad\u0131na s\u0131ralayabilece\u011fimiz onlarca \u00e7eli\u015fkisini bir yana koydu\u011fumuzu varsaysak bile, burada bizim iyiniyetli ve \u00f6nyarg\u0131s\u0131z yakla\u015f\u0131mlar\u0131m\u0131zdan \u00f6te, Fettullah G\u00fclen&#8217;in kendisinin ataca\u011f\u0131 ad\u0131mlar oldu\u011funu d\u00fc\u015f\u00fcnmekteyiz:<\/p>\n<p><strong>E\u011fer Fettullah G\u00fclen sevenlerinin topluma telkin etmeye \u00e7al\u0131\u015ft\u0131\u011f\u0131 gibi &#8220;milli&#8221; ise ve en \u00f6nemlisi kendi ismini ta\u015f\u0131yan yap\u0131 b\u00fcnyesinde fikri bir manken de\u011fil de hala kontrol\u00fc elinde tutan bir &#8220;kral&#8221; ise \u00fclkesinin gelece\u011fi i\u00e7in: <\/strong><\/p>\n<p><strong>a-Zaman gazetesini; \u0130srail&#8217;in yumu\u015fak propaganda arac\u0131 olmaktan \u00e7\u0131kar\u0131p<\/strong>, devasa \u0130srail sava\u015f ayg\u0131t\u0131 kar\u015f\u0131s\u0131nda Filistinlilerin, ellerindeki tek silah olan &#8220;sapan ta\u015flar\u0131n\u0131&#8221;, \u0130srail&#8217;in tezi do\u011frultusunda &#8220;ter\u00f6rist&#8221; imgesi ile \u00f6zde\u015fle\u015ftirmekten vazge\u00e7er<\/p>\n<p>Hatta, y\u0131llard\u0131r evleri ba\u015flar\u0131na y\u0131k\u0131lan, meyve a\u011fa\u00e7lar\u0131 ve ekinleri yak\u0131lan, sefalet kamplar\u0131na bomba ya\u011fd\u0131r\u0131lan, g\u00f6zleri \u00f6n\u00fcnde anas\u0131-bac\u0131s\u0131 karakollara ta\u015f\u0131nan, mektep ve mahalle arkada\u015flar\u0131 kur\u015funlanan, babas\u0131, amcas\u0131, day\u0131s\u0131 zindanlara t\u0131k\u0131lan&#8230;<\/p>\n<p>Velhas\u0131l s\u00fcrekli vurulup do\u011franan, ezilip horlanan ve kahrolup kavrulan Filistinli gen\u00e7lerin, bu birikmi\u015f nefret psikolojileriyle ve sahipsizli\u011fin verdi\u011fi \u00e7aresizlikle intihar sald\u0131r\u0131lar\u0131na kalk\u0131\u015fmalar\u0131n\u0131 bile, -dinen ve vicdanen tasvip edilmese de- asl\u0131nda hangi mazeret ve mecburiyetler sonucu yap\u0131ld\u0131\u011f\u0131 ger\u00e7e\u011fine, hukuk literat\u00fcr\u00fcndeki &#8220;mecbur edici ve hafifletici sebepler&#8221; \u00e7er\u00e7evesinde insafl\u0131 ve tutarl\u0131 izahlar getirir.<\/p>\n<p><strong>b<\/strong>-\u00c7e\u015fitli kurumlar b\u00fcnyesinde ger\u00e7ekle\u015ftirdi\u011fi <strong>kadrola\u015fmalar\u0131 &#8220;niceliksel&#8221; de\u011fil &#8220;niteliksel&#8221; bir boyuta ta\u015f\u0131r<\/strong> ve kendisine inanan insanlar\u0131n g\u00f6z\u00fcnde &#8220;Fettullah\u00e7\u0131l\u0131\u011f\u0131&#8221; her \u015feyi g\u00f6lgeleyen bir \u00fcst de\u011fer haline getirmekten ya da gelmesinden imtina eder. Ayr\u0131ca ba\u011flar\u0131n\u0131n e\u011fitim d\u00fczeyini artt\u0131racak \u00e7al\u0131\u015fmalar\u0131 ger\u00e7ekle\u015ftirir. (Dikkat ederseniz; huylu huyundan vazge\u00e7meyece\u011fi i\u00e7in, kadrola\u015fmay\u0131 durdursun demiyoruz)<\/p>\n<p><strong>c-<\/strong>Zaman\u0131nda Mehmed Ali Birand&#8217;a verdi\u011fi r\u00f6portajda s\u00f6yledi\u011fi; <strong>&#8220;ABD&#8217;nin izni olmadan hi\u00e7 bir \u015fey yapamazs\u0131n\u0131z&#8221;<\/strong> c\u00fcmlesi ile a\u00e7\u0131\u011fa vurdu\u011fu zihniyetinden s\u0131yr\u0131ld\u0131\u011f\u0131n\u0131n bir g\u00f6stergesi olarak ABD&#8217;ye ra\u011fmen bir dinami\u011fe imza atar ve <strong>ABD&#8217;nin ilgilendi\u011fi co\u011frafyalarda normalde ABD&#8217;nin izin vermeyece\u011fi bir dinami\u011fi organize eder<\/strong><strong>.<\/strong><\/p>\n<p><strong>d-<\/strong>G\u00fcvenlik ve istihbarat kadrolar\u0131 b\u00fcnyesindeki kendisine g\u00fcvenen ve lider belleyen ekiplerin; s\u00fcrekli yabanc\u0131 istihbarat ve g\u00fcvenlik kadrolar\u0131 taraf\u0131ndan e\u011fitimler, v.s. yolu ile endoktrine edilmesini engeller ve <strong>kendisine inananlar\u0131; &#8220;CIA ile olmadan olmaz, MOSSAD ile olmadan olmaz&#8221; k\u0131s\u0131r d\u00f6ng\u00fcs\u00fcnden kurtar\u0131p \u00f6zg\u00fcvenlerini kazanmalar\u0131na yard\u0131mc\u0131 olur<\/strong><strong>.<\/strong><\/p>\n<p><strong>e-&#8220;Dinler Aras\u0131 Diyalog&#8221;<\/strong> ismi ile s\u00fcrd\u00fcr\u00fclen ve \u0130slam&#8217;\u0131 Yahudile\u015ftirip, Hristiyanla\u015ft\u0131r\u0131rken; bu dinlerin \u0130slam&#8217;a kar\u015f\u0131 hareket alan\u0131n\u0131 geni\u015fleten ve \u0130slam&#8217;\u0131 Hristiyanla\u015ft\u0131r\u0131p, Yahudile\u015ftirirken, kar\u015f\u0131s\u0131ndaki hi\u00e7 bir \u015fekilde \u0130slamla\u015ft\u0131ramayan s\u00fcreci; \u00f6zele\u015ftirel bir kar\u015f\u0131 duru\u015fla yeniden \u015fekillendirir&#8230;<\/p>\n<ul>\n<li>Vatikan&#8217;\u0131n Hristiyanl\u0131\u011fa hizmet etmek i\u00e7in ba\u015flatt\u0131\u011f\u0131n\u0131 resmi metinlerle itiraf etti\u011fi &#8220;Dinler Aras\u0131 Diyalog&#8221; konseptine \u00e7ok k\u00f6kl\u00fc bir ele\u015ftiri getirmesi ve bu y\u00f6nde Vatikan&#8217;a 1992 y\u0131l\u0131nda yazd\u0131\u011f\u0131 \u00f6vg\u00fc dolu, neredeyse &#8220;hizmetinizdeyim&#8221; mesaj\u0131 i\u00e7eren mektubu ile hata yapt\u0131\u011f\u0131n\u0131 a\u00e7\u0131kg\u00f6n\u00fcll\u00fckle kabul etmesi iyi bir ba\u015flang\u0131\u00e7 olabilir. Ve son olarak:<\/li>\n<\/ul>\n<p>M\u00fcridleri (talebeleri-takip\u00e7ileri) kendisinin niyetinin o olmad\u0131\u011f\u0131n\u0131 s\u00f6yleseler de; g\u00f6ren ve bilen herkese, &#8220;ABD himayesinde ya\u015f\u0131yor&#8221; dedirten ya\u015faman\u0131 bir an \u00f6nce terk ederek; \u00fclkesine d\u00f6ner ve bunu &#8220;Fransa&#8217;ya inip, orada Vatikan ba\u011flant\u0131l\u0131 bir ka\u00e7 konsey toplant\u0131s\u0131na kat\u0131ld\u0131ktan sonra g\u00f6vde g\u00f6sterisi ile s\u0131n\u0131rdan girecek &#8221; senaryolar\u0131n\u0131 hakl\u0131 \u00e7\u0131karacak \u015fekilde de\u011fil; herhangi bir vatanda\u015f gibi m\u00fctevaz\u0131l\u0131\u011f\u0131na yak\u0131\u015fan bir \u00e7er\u00e7evede yapar; sonu\u00e7lar\u0131 ne olursa olsun.! (Bunlar\u0131 ba\u015far\u0131rsa kendisinin iyi niyette ve milli cephede oldu\u011funa kanaat getirir ve destekleriz.)<\/p>\n<p>Ama, Amerika&#8217;n\u0131n, hem de en tehlikeli ve en \u015faibeli Lobilerinin himayesinden uzakla\u015fmay\u0131p Yahudileri de\u011fil, \u0130srail&#8217;in Siyonist ve ter\u00f6rist y\u00f6ntemini hedef al\u0131p: &#8220;Bunlar\u0131n, BM kararlar\u0131na ve Temel \u0130nsan Haklar\u0131na ayk\u0131r\u0131 i\u015fgal ve vah\u015fetlerini k\u0131n\u0131yoruz&#8221; gibi de\u011fil, \u015fuurlu ve onurlu bir M\u00fcsl\u00fcman kanaat \u00f6nderinin, hatta insani duygular ta\u015f\u0131yan herhangi bir kafirin bile rahatl\u0131kla dile getirdi\u011fi bir deme\u00e7ten bile sak\u0131nan, Fetullah G\u00fclen&#8217;e g\u00fcvenilmesini nas\u0131l bekleriz.<\/p>\n<p>Sizce Fettullah Hoca bunlar\u0131 yapar veya yapmak ister mi? Bilemeyiz.<\/p>\n<p>Tek bildi\u011fimiz; Recep Tayyip Erdo\u011fan&#8217;\u0131n karizmas\u0131n\u0131 kiralayarak kendilerini iktidara ta\u015f\u0131yan &#8220;bat\u0131c\u0131 ve teslimiyet\u00e7i (\u0130slamc\u0131 demeye \u0130slam&#8217;\u0131 bildi\u011fimizden dilimiz varmad\u0131)&#8221; kadrolar\u0131n kar\u015f\u0131s\u0131nda Fettullah G\u00fclen dinami\u011fi dengeleri bozucu bir etken olabilir.<\/p>\n<p>Fettullah G\u00fclen&#8217;in bu dinami\u011fi; kimin ad\u0131na kullanaca\u011f\u0131 ve hangi y\u00f6nde kurgulayaca\u011f\u0131, bu dinami\u011fi d\u0131\u015f g\u00fc\u00e7lerin mi, milli g\u00fc\u00e7lerin mi emrine sunaca\u011f\u0131 sorusu; ge\u00e7mi\u015fini ya temizleyecek veya peki\u015ftirecektir.<\/p>\n<p>Bu yolda d\u00fc\u015f\u00fclmemesi gereken tuzak; T\u00fcrkiye&#8217;deki \u00e7e\u015fitli odaklar\u0131 birbirine d\u00fc\u015f\u00fcrme konusunda y\u00fczy\u0131ll\u0131k tecr\u00fcbeye sahip k\u00fcresel odaklar kar\u015f\u0131s\u0131nda; yerli dinamiklerin birbirlerine kar\u015f\u0131; d\u0131\u015f g\u00fc\u00e7lere &#8220;size en iyi ben hizmet ederim&#8221; yar\u0131\u015f\u0131na girmemeleridir.<\/p>\n<p>Tercih Fettullah G\u00fclen&#8217;indir. B\u00f6yle bir yaz\u0131 arac\u0131l\u0131\u011f\u0131 ile etkili olabilece\u011fimizi d\u00fc\u015f\u00fcnmek ise bizim safl\u0131\u011f\u0131m\u0131za verilmelidir.<a name=\"_ftnref3\" href=\"#_ftn3\" title=\"_ftnref3\">[3]<\/a><\/p>\n<p>  <\/p>\n<hr \/>\n<p><a name=\"_ftn1\" href=\"#_ftnref1\" title=\"_ftn1\">[1]<\/a> Terc\u00fcman \/ 17 11 2004<\/p>\n<p><a name=\"_ftn2\" href=\"#_ftnref2\" title=\"_ftn2\">[2]<\/a> Milli Gazete \/ 11.11.2004 \/ M. \u015eevket Eygi<\/p>\n<p><a name=\"_ftn3\" href=\"#_ftnref3\" title=\"_ftn3\">[3]<\/a> Sesar \/ 08 11 2004<\/p>\n","protected":false},"excerpt":{"rendered":"<p><strong>Fetullah G\u00fclen&#8217;den ilgin\u00e7 uyar\u0131lar bas\u0131na yans\u0131d\u0131: &#8220;vatan\u0131m\u0131zda i\u015fler iyiye gitmeye ba\u015flay\u0131nca baz\u0131 servisler hemen harekete ge\u00e7iyor! Bundan sonra da faili me\u00e7hul ve mel&#8217;un cinayetler olabilir!?&#8221;<\/strong><\/p>\n<p><strong>\u0130\u00e7imizde Cemiyyat-\u0131 S\u0131riyeler var:<\/strong><\/p>\n<p><strong>G\u00fclen \u015f\u00f6yle devam etti. Vatan\u0131m\u0131zdaki olumlu \u015feylerden i\u00e7 ve d\u0131\u015f baz\u0131 \u00e7evreler rahats\u0131zl\u0131k duyuyor. Uzant\u0131lar\u0131 T\u00fcrkiye&#8217;de bulunan baz\u0131 servisler, hemen harekete ge\u00e7iyor. Bu servisler, T\u00fcrkiye&#8217;de baz\u0131 \u00f6nemli birimlere s\u0131zm\u0131\u015f elemanlar\u0131yla, birtak\u0131m sistemleri hemen devreye sokuyorlar. Bu \u00fclkede 300 seneden beri milletin kaderine hakim Cemiyyat-\u0131 s\u0131rriyeler (gizli cemiyet ve dernekler) var. Bunlar hakim unsurlard\u0131r, g\u00f6r\u00fcnmezler ama T\u00fcrk toplumunun iktisadi, siyasi, k\u00fclt\u00fcrel hayat\u0131yla oynaya gelmi\u015flerdir. Bundan sonra da oynamaya \u00e7al\u0131\u015facaklard\u0131r. Taktik ve strateji de\u011fi\u015ftirerek \u00f6n\u00fcm\u00fczdeki g\u00fcnlerde de bunu yapabilirler.<\/strong><\/p>\n","protected":false},"author":24,"featured_media":0,"comment_status":"open","ping_status":"closed","sticky":false,"template":"","format":"standard","meta":{"footnotes":""},"categories":[52],"tags":[],"class_list":["post-471","post","type-post","status-publish","format-standard","hentry","category-ocak-2005"],"_links":{"self":[{"href":"https:\/\/www.millicozum.com\/mc\/wp-json\/wp\/v2\/posts\/471","targetHints":{"allow":["GET"]}}],"collection":[{"href":"https:\/\/www.millicozum.com\/mc\/wp-json\/wp\/v2\/posts"}],"about":[{"href":"https:\/\/www.millicozum.com\/mc\/wp-json\/wp\/v2\/types\/post"}],"author":[{"embeddable":true,"href":"https:\/\/www.millicozum.com\/mc\/wp-json\/wp\/v2\/users\/24"}],"replies":[{"embeddable":true,"href":"https:\/\/www.millicozum.com\/mc\/wp-json\/wp\/v2\/comments?post=471"}],"version-history":[{"count":0,"href":"https:\/\/www.millicozum.com\/mc\/wp-json\/wp\/v2\/posts\/471\/revisions"}],"wp:attachment":[{"href":"https:\/\/www.millicozum.com\/mc\/wp-json\/wp\/v2\/media?parent=471"}],"wp:term":[{"taxonomy":"category","embeddable":true,"href":"https:\/\/www.millicozum.com\/mc\/wp-json\/wp\/v2\/categories?post=471"},{"taxonomy":"post_tag","embeddable":true,"href":"https:\/\/www.millicozum.com\/mc\/wp-json\/wp\/v2\/tags?post=471"}],"curies":[{"name":"wp","href":"https:\/\/api.w.org\/{rel}","templated":true}]}}