{"id":4726,"date":"2018-04-27T22:00:00","date_gmt":"2018-04-27T22:00:00","guid":{"rendered":"https:\/\/www.millicozum.com\/mc\/2018\/04\/27\/medet-efendim-siir-2\/"},"modified":"2018-04-27T22:00:00","modified_gmt":"2018-04-27T22:00:00","slug":"medet-efendim-siir-2","status":"publish","type":"post","link":"https:\/\/www.millicozum.com\/mc\/2018\/mayis-2018\/medet-efendim-siir\/","title":{"rendered":"MEDET EFEND\u0130M (\u015e\u0130\u0130R)"},"content":{"rendered":"\n<p>&nbsp;<\/p>\n<p style=\"margin-bottom: 0.0001pt; text-align: justify; text-indent: 155.95pt;\"><strong><span style=\"font-size: 20pt; font-family: 'Arial', sans-serif;\">MEDET EFEND\u0130M<\/span><\/strong><\/p>\n<p style=\"margin-bottom: 0.0001pt; text-align: justify; text-indent: 5cm;\"><strong><span style=\"font-size: 22pt; font-family: 'Arial', sans-serif;\">&nbsp;&nbsp;&nbsp;&nbsp; <\/span><\/strong><\/p>\n<p style=\"margin-bottom: 0.0001pt; text-align: justify; text-indent: 5cm; line-height: 16pt;\"><strong><span style=\"font-size: 14pt; font-family: 'Arial', sans-serif;\">Ey Nebi, evvela; nurun yaratan<\/span><\/strong><\/p>\n<p style=\"margin-bottom: 0.0001pt; text-align: justify; text-indent: 5cm; line-height: 16pt;\"><strong><span style=\"font-size: 14pt; font-family: 'Arial', sans-serif;\">Hakikate mir&rsquo;at, Zat\u0131n de\u011fil mi&hellip;<\/span><\/strong><\/p>\n<p style=\"margin-bottom: 0.0001pt; text-align: justify; text-indent: 5cm; line-height: 16pt;\"><strong><span style=\"font-size: 14pt; font-family: 'Arial', sans-serif;\">D&uuml;nyaya yollay\u0131p, Kendin aratan&nbsp;&nbsp;&nbsp;&nbsp;&nbsp;&nbsp;&nbsp;&nbsp; <\/span><\/strong><\/p>\n<p style=\"margin-bottom: 0.0001pt; text-align: justify; text-indent: 5cm; line-height: 16pt;\"><strong><span style=\"font-size: 14pt; font-family: 'Arial', sans-serif;\">Ol Kahir&uuml; Zahir, Bat\u0131n de\u011fil mi&hellip;<\/span><\/strong><\/p>\n<p style=\"margin-bottom: 0.0001pt; text-align: justify; text-indent: 5cm; line-height: 16pt;\"><strong><span style=\"font-size: 14pt; font-family: 'Arial', sans-serif;\">&nbsp;&nbsp;&nbsp;&nbsp; <\/span><\/strong><\/p>\n<p style=\"margin-bottom: 0.0001pt; text-align: justify; text-indent: 5cm; line-height: 16pt;\"><strong><span style=\"font-size: 14pt; font-family: 'Arial', sans-serif;\">R\u0131dvan te\u015frifat&ccedil;\u0131n, Cibril postac\u0131n<\/span><\/strong><\/p>\n<p style=\"margin-bottom: 0.0001pt; text-align: justify; text-indent: 5cm; line-height: 16pt;\"><strong><span style=\"font-size: 14pt; font-family: 'Arial', sans-serif;\">Kur&rsquo;an Hak ferman\u0131n, hikmet ba\u015f tac\u0131n<\/span><\/strong><\/p>\n<p style=\"margin-bottom: 0.0001pt; text-align: justify; text-indent: 5cm; line-height: 16pt;\"><strong><span style=\"font-size: 14pt; font-family: 'Arial', sans-serif;\">&Acirc;lemleri tefti\u015f, oldu mi&rsquo;rac\u0131n<\/span><\/strong><\/p>\n<p style=\"margin-bottom: 0.0001pt; text-align: justify; text-indent: 5cm; line-height: 16pt;\"><strong><span style=\"font-size: 14pt; font-family: 'Arial', sans-serif;\">Burak Refref uysal, at\u0131n de\u011fil mi&hellip;<\/span><\/strong><\/p>\n<p style=\"margin-bottom: 0.0001pt; text-align: justify; text-indent: 5cm; line-height: 16pt;\"><strong><span style=\"font-size: 14pt; font-family: 'Arial', sans-serif;\">&nbsp;&nbsp;&nbsp;&nbsp;&nbsp;&nbsp; <\/span><\/strong><\/p>\n<p style=\"margin-bottom: 0.0001pt; text-align: justify; text-indent: 5cm; line-height: 16pt;\"><strong><em><span style=\"font-size: 14pt; font-family: 'Arial', sans-serif;\">&ldquo;&Acirc;lemlere rahmet&rdquo;<\/span><\/em><\/strong><strong><span style=\"font-size: 14pt; font-family: 'Arial', sans-serif;\">, k\u0131ld\u0131 ol Ma&rsquo;but<\/span><\/strong><\/p>\n<p style=\"margin-bottom: 0.0001pt; text-align: justify; text-indent: 5cm; line-height: 16pt;\"><strong><span style=\"font-size: 14pt; font-family: 'Arial', sans-serif;\">\u015ea\u015fk\u0131nlara rehber, mazluma umut<\/span><\/strong><\/p>\n<p style=\"margin-bottom: 0.0001pt; text-align: justify; text-indent: 5cm; line-height: 16pt;\"><strong><span style=\"font-size: 14pt; font-family: 'Arial', sans-serif;\">Tek Sana verildi, <em>&ldquo;Makam-\u0131 Mahmut&rdquo;<\/em><\/span><\/strong><\/p>\n<p style=\"margin-bottom: 0.0001pt; text-align: justify; text-indent: 5cm; line-height: 16pt;\"><strong><span style=\"font-size: 14pt; font-family: 'Arial', sans-serif;\">\u015eefaat umulan, kat\u0131n de\u011fil mi&hellip;<\/span><\/strong><\/p>\n<p style=\"margin-bottom: 0.0001pt; text-align: justify; text-indent: 5cm; line-height: 16pt;\"><strong><span style=\"font-size: 14pt; font-family: 'Arial', sans-serif;\">&nbsp;&nbsp;&nbsp;&nbsp;&nbsp;&nbsp; <\/span><\/strong><\/p>\n<p style=\"margin-bottom: 0.0001pt; text-align: justify; text-indent: 5cm; line-height: 16pt;\"><strong><span style=\"font-size: 14pt; font-family: 'Arial', sans-serif;\">Maksuda eri\u015fir, kim etse takip<\/span><\/strong><\/p>\n<p style=\"margin-bottom: 0.0001pt; text-align: justify; text-indent: 5cm; line-height: 16pt;\"><strong><span style=\"font-size: 14pt; font-family: 'Arial', sans-serif;\">Hidayet y\u0131ld\u0131z\u0131, ey <em>&ldquo;Necm&uuml;s-Sakip&rdquo;<\/em><\/span><\/strong><\/p>\n<p style=\"margin-bottom: 0.0001pt; text-align: justify; text-indent: 5cm; line-height: 16pt;\"><strong><span style=\"font-size: 14pt; font-family: 'Arial', sans-serif;\">Rahmana d&uuml;\u015fmand\u0131r, Zat\u0131na rakip<\/span><\/strong><\/p>\n<p style=\"margin-bottom: 0.0001pt; text-align: justify; text-indent: 5cm; line-height: 16pt;\"><strong><span style=\"font-size: 14pt; font-family: 'Arial', sans-serif;\">Dillerde okunan, naat\u0131n de\u011fil mi&hellip;<\/span><\/strong><\/p>\n<p style=\"margin-bottom: 0.0001pt; text-align: justify; text-indent: 5cm; line-height: 16pt;\"><strong><span style=\"font-size: 14pt; font-family: 'Arial', sans-serif;\">&nbsp;&nbsp;&nbsp;&nbsp; <\/span><\/strong><\/p>\n<p style=\"margin-bottom: 0.0001pt; text-align: justify; text-indent: 5cm; line-height: 16pt;\"><strong><span style=\"font-size: 14pt; font-family: 'Arial', sans-serif;\">Hakk\u0131 hayr\u0131 yaymak, halk\u0131 kurtarmak<\/span><\/strong><\/p>\n<p style=\"margin-bottom: 0.0001pt; text-align: justify; text-indent: 5cm; line-height: 16pt;\"><strong><span style=\"font-size: 14pt; font-family: 'Arial', sans-serif;\">Laz\u0131mken yak\u0131\u015fmaz, y&uuml;kten kaytarmak<\/span><\/strong><\/p>\n<p style=\"margin-bottom: 0.0001pt; text-align: justify; text-indent: 5cm; line-height: 16pt;\"><strong><span style=\"font-size: 14pt; font-family: 'Arial', sans-serif;\">Nifak; Hak&rsquo;tan ka&ccedil;\u0131p, Ha&ccedil;&rsquo;a kat\u0131lmak<\/span><\/strong><\/p>\n<p style=\"margin-bottom: 0.0001pt; text-align: justify; text-indent: 5cm; line-height: 16pt;\"><strong><span style=\"font-size: 14pt; font-family: 'Arial', sans-serif;\">Adil D&uuml;zen; \u015fer&rsquo;i, hatt\u0131n de\u011fil mi&hellip;<\/span><\/strong><\/p>\n<p style=\"margin-bottom: 0.0001pt; text-align: justify; text-indent: 5cm; line-height: 16pt;\"><strong><span style=\"font-size: 14pt; font-family: 'Arial', sans-serif;\">&nbsp;&nbsp;&nbsp;&nbsp;&nbsp;&nbsp; <\/span><\/strong><\/p>\n<p style=\"margin-bottom: 0.0001pt; text-align: justify; text-indent: 5cm; line-height: 16pt;\"><strong><span style=\"font-size: 14pt; font-family: 'Arial', sans-serif;\">L&uuml;tfun esirgeme, aciz kulundan<\/span><\/strong><\/p>\n<p style=\"margin-bottom: 0.0001pt; text-align: justify; text-indent: 5cm; line-height: 16pt;\"><strong><span style=\"font-size: 14pt; font-family: 'Arial', sans-serif;\">\u015eeytan ayartamaz, tutsan kolumdan<\/span><\/strong><\/p>\n<p style=\"margin-bottom: 0.0001pt; text-align: justify; text-indent: 5cm; line-height: 16pt;\"><strong><span style=\"font-size: 14pt; font-family: 'Arial', sans-serif;\">\u0130man hikmet doldur, a\u015fk okulundan<\/span><\/strong><\/p>\n<p style=\"margin-bottom: 0.0001pt; text-align: justify; text-indent: 5cm; line-height: 16pt;\"><strong><em><span style=\"font-size: 14pt; font-family: 'Arial', sans-serif;\">&ldquo;Liva-&uuml;l-Hamd&rdquo;<\/span><\/em><\/strong><strong><span style=\"font-size: 14pt; font-family: 'Arial', sans-serif;\"> \u015fefkat, &ccedil;at\u0131n de\u011fil mi&hellip;<\/span><\/strong><\/p>\n<p style=\"margin-bottom: 0.0001pt; text-align: justify; text-indent: 5cm; line-height: 16pt;\"><strong><span style=\"font-size: 14pt; font-family: 'Arial', sans-serif;\">&nbsp;&nbsp;&nbsp;&nbsp;&nbsp;&nbsp; <\/span><\/strong><\/p>\n<p style=\"margin-bottom: 0.0001pt; text-align: justify; text-indent: 5cm; line-height: 16pt;\"><strong><span style=\"font-size: 14pt; font-family: 'Arial', sans-serif;\">Sahib&uuml;\u015f-\u015eeriat, tariki ahlak<\/span><\/strong><\/p>\n<p style=\"margin-bottom: 0.0001pt; text-align: justify; text-indent: 5cm; line-height: 16pt;\"><strong><span style=\"font-size: 14pt; font-family: 'Arial', sans-serif;\">Yolundan &ccedil;\u0131kanlar, ebedi helak<\/span><\/strong><\/p>\n<p style=\"margin-bottom: 0.0001pt; text-align: justify; text-indent: 5cm; line-height: 16pt;\"><strong><span style=\"font-size: 14pt; font-family: 'Arial', sans-serif;\">Ey <em>&ldquo;Levlake; lema, halakt&uuml;l eflak.&rdquo;<\/em><\/span><\/strong><\/p>\n<p style=\"margin-bottom: 0.0001pt; text-align: justify; text-indent: 5cm; line-height: 16pt;\"><strong><em><span style=\"font-size: 14pt; font-family: 'Arial', sans-serif;\">&ldquo;Ven-Necmi, ved-Duha&rdquo;<\/span><\/em><\/strong><strong><span style=\"font-size: 14pt; font-family: 'Arial', sans-serif;\">, baht\u0131n de\u011fil mi&hellip;<\/span><\/strong><\/p>\n<p style=\"margin-bottom: 0.0001pt; text-align: justify; text-indent: 5cm; line-height: 16pt;\"><strong><span style=\"font-size: 14pt; font-family: 'Arial', sans-serif;\">&nbsp;&nbsp;&nbsp;&nbsp;&nbsp;&nbsp; <\/span><\/strong><\/p>\n<p style=\"margin-bottom: 0.0001pt; text-align: justify; text-indent: 5cm; line-height: 16pt;\"><strong><span style=\"font-size: 14pt; font-family: 'Arial', sans-serif;\">Tezah&uuml;r tecelli, temsili Sultan<\/span><\/strong><\/p>\n<p style=\"margin-bottom: 0.0001pt; text-align: justify; text-indent: 5cm; line-height: 16pt;\"><strong><span style=\"font-size: 14pt; font-family: 'Arial', sans-serif;\">Risalet Mehdiyet, kandili Sultan<\/span><\/strong><\/p>\n<p style=\"margin-bottom: 0.0001pt; text-align: justify; text-indent: 5cm; line-height: 16pt;\"><strong><span style=\"font-size: 14pt; font-family: 'Arial', sans-serif;\">Hakikat tebli\u011fi, has dili Sultan<\/span><\/strong><\/p>\n<p style=\"margin-bottom: 0.0001pt; text-align: justify; text-indent: 5cm; line-height: 16pt;\"><strong><em><span style=\"font-size: 14pt; font-family: 'Arial', sans-serif;\">&ldquo;\u015eefaat-\u0131 Uzma&rdquo;<\/span><\/em><\/strong><strong><span style=\"font-size: 14pt; font-family: 'Arial', sans-serif;\">, taht\u0131n de\u011fil mi&hellip;<\/span><\/strong><\/p>\n<p style=\"margin-bottom: 0.0001pt; text-align: justify; text-indent: 5cm; line-height: 16pt;\"><strong><span style=\"font-size: 14pt; font-family: 'Arial', sans-serif;\">&nbsp;&nbsp;&nbsp;&nbsp;&nbsp;&nbsp; <\/span><\/strong><\/p>\n<p style=\"margin-bottom: 0.0001pt; text-align: justify; text-indent: 5cm; line-height: 16pt;\"><strong><span style=\"font-size: 14pt; font-family: 'Arial', sans-serif;\">Nur damlalar\u0131yd\u0131, m&uuml;barek terin<\/span><\/strong><\/p>\n<p style=\"margin-bottom: 0.0001pt; text-align: justify; text-indent: 5cm; line-height: 16pt;\"><strong><span style=\"font-size: 14pt; font-family: 'Arial', sans-serif;\">Hak i&ccedil;in cihatt\u0131, ilk kriterin<\/span><\/strong><\/p>\n<p style=\"margin-bottom: 0.0001pt; text-align: justify; text-indent: 5cm; line-height: 16pt;\"><strong><span style=\"font-size: 14pt; font-family: 'Arial', sans-serif;\">Kap\u0131na s\u0131\u011f\u0131nm\u0131\u015f, Mus&rsquo;ab kemterin<\/span><\/strong><\/p>\n<p style=\"margin-bottom: 0.0001pt; text-align: justify; text-indent: 5cm; line-height: 16pt;\"><strong><span style=\"font-size: 14pt; font-family: 'Arial', sans-serif;\">\u0130man cihat ihlas, \u015fart\u0131n de\u011fil mi&hellip;<\/span><\/strong><\/p>\n<p style=\"margin-bottom: 0.0001pt; text-align: justify; text-indent: 5cm; line-height: 16pt;\"><strong><span style=\"font-size: 16pt; font-family: 'Arial', sans-serif;\">&nbsp;&nbsp;&nbsp;&nbsp;&nbsp;&nbsp; <\/span><\/strong><\/p>\n<p style=\"margin-bottom: 0.0001pt; text-align: justify; text-indent: 5cm; line-height: 16pt;\"><strong><span style=\"font-size: 16pt; font-family: 'Arial', sans-serif;\"><\/span><\/strong><\/p>\n","protected":false},"excerpt":{"rendered":"<p>&nbsp; MEDET EFEND\u0130M &nbsp;&nbsp;&nbsp;&nbsp; Ey Nebi, evvela; nurun yaratan Hakikate mir&rsquo;at, Zat\u0131n de\u011fil mi&hellip; D&uuml;nyaya yollay\u0131p, Kendin aratan&nbsp;&nbsp;&nbsp;&nbsp;&nbsp;&nbsp;&nbsp;&nbsp; Ol Kahir&uuml; Zahir, Bat\u0131n de\u011fil mi&hellip; &nbsp;&nbsp;&nbsp;&nbsp; R\u0131dvan te\u015frifat&ccedil;\u0131n, Cibril postac\u0131n Kur&rsquo;an Hak ferman\u0131n, hikmet ba\u015f tac\u0131n &Acirc;lemleri tefti\u015f, oldu mi&rsquo;rac\u0131n Burak Refref uysal, at\u0131n de\u011fil mi&hellip; &nbsp;&nbsp;&nbsp;&nbsp;&nbsp;&nbsp; &ldquo;&Acirc;lemlere rahmet&rdquo;, k\u0131ld\u0131 ol Ma&rsquo;but \u015ea\u015fk\u0131nlara rehber, mazluma umut [&hellip;]<\/p>\n","protected":false},"author":87,"featured_media":0,"comment_status":"open","ping_status":"closed","sticky":false,"template":"","format":"standard","meta":{"footnotes":""},"categories":[212],"tags":[],"class_list":["post-4726","post","type-post","status-publish","format-standard","hentry","category-mayis-2018"],"_links":{"self":[{"href":"https:\/\/www.millicozum.com\/mc\/wp-json\/wp\/v2\/posts\/4726","targetHints":{"allow":["GET"]}}],"collection":[{"href":"https:\/\/www.millicozum.com\/mc\/wp-json\/wp\/v2\/posts"}],"about":[{"href":"https:\/\/www.millicozum.com\/mc\/wp-json\/wp\/v2\/types\/post"}],"author":[{"embeddable":true,"href":"https:\/\/www.millicozum.com\/mc\/wp-json\/wp\/v2\/users\/87"}],"replies":[{"embeddable":true,"href":"https:\/\/www.millicozum.com\/mc\/wp-json\/wp\/v2\/comments?post=4726"}],"version-history":[{"count":0,"href":"https:\/\/www.millicozum.com\/mc\/wp-json\/wp\/v2\/posts\/4726\/revisions"}],"wp:attachment":[{"href":"https:\/\/www.millicozum.com\/mc\/wp-json\/wp\/v2\/media?parent=4726"}],"wp:term":[{"taxonomy":"category","embeddable":true,"href":"https:\/\/www.millicozum.com\/mc\/wp-json\/wp\/v2\/categories?post=4726"},{"taxonomy":"post_tag","embeddable":true,"href":"https:\/\/www.millicozum.com\/mc\/wp-json\/wp\/v2\/tags?post=4726"}],"curies":[{"name":"wp","href":"https:\/\/api.w.org\/{rel}","templated":true}]}}