{"id":4731,"date":"2018-04-27T22:00:00","date_gmt":"2018-04-27T22:00:00","guid":{"rendered":"https:\/\/www.millicozum.com\/mc\/2018\/04\/27\/mumin-minnet-eylemez-siir-2\/"},"modified":"2018-04-27T22:00:00","modified_gmt":"2018-04-27T22:00:00","slug":"mumin-minnet-eylemez-siir-2","status":"publish","type":"post","link":"https:\/\/www.millicozum.com\/mc\/2018\/mayis-2018\/mumin-minnet-eylemez-siir\/","title":{"rendered":"M\u00dc\u2019M\u0130N M\u0130NNET EYLEMEZ (\u015e\u0130\u0130R)"},"content":{"rendered":"\n<p>&nbsp;<\/p>\n<p style=\"margin-bottom: 0.0001pt; text-align: justify; text-indent: 5cm;\"><strong><span style=\"font-size: 20pt; font-family: 'Arial', sans-serif;\">M&Uuml;&rsquo;M\u0130N M\u0130NNET EYLEMEZ<\/span><\/strong><\/p>\n<p style=\"margin-bottom: 0.0001pt; text-align: justify; text-indent: 5cm;\"><strong><span style=\"font-size: 18pt; font-family: 'Arial', sans-serif;\">&nbsp;&nbsp;&nbsp;&nbsp;&nbsp;&nbsp; <\/span><\/strong><\/p>\n<p style=\"margin-bottom: 0.0001pt; text-align: justify; text-indent: 5cm; line-height: 16pt;\"><strong><span style=\"font-size: 14pt; font-family: 'Arial', sans-serif;\">Hal\u0131k Rabbil &acirc;lemin, Rahim&uuml; Rahman iken<\/span><\/strong><\/p>\n<p style=\"margin-bottom: 0.0001pt; text-align: justify; text-indent: 5cm; line-height: 16pt;\"><strong><span style=\"font-size: 14pt; font-family: 'Arial', sans-serif;\">Muhammed Hak Nebisi, Kur&rsquo;an&rsquo;\u0131 ferman iken<\/span><\/strong><\/p>\n<p style=\"margin-bottom: 0.0001pt; text-align: justify; text-indent: 5cm; line-height: 16pt;\"><strong><span style=\"font-size: 14pt; font-family: 'Arial', sans-serif;\">Zerreden k&uuml;rrelere, her an h&uuml;k&uuml;mran iken<\/span><\/strong><\/p>\n<p style=\"margin-bottom: 0.0001pt; text-align: justify; text-indent: 5cm; line-height: 16pt;\"><strong><span style=\"font-size: 14pt; font-family: 'Arial', sans-serif;\">Zaif aciz ve bahil<span style=\"font-size: 12pt;\"><sup>1<\/sup><\/span>, kula minnet eylemem!&#8230;<\/span><\/strong><\/p>\n<p style=\"margin-bottom: 0.0001pt; text-align: justify; text-indent: 5cm; line-height: 16pt;\"><strong><span style=\"font-size: 14pt; font-family: 'Arial', sans-serif;\">&nbsp;&nbsp;&nbsp;&nbsp;&nbsp;&nbsp; <\/span><\/strong><\/p>\n<p style=\"margin-bottom: 0.0001pt; text-align: justify; text-indent: 5cm; line-height: 16pt;\"><strong><span style=\"font-size: 14pt; font-family: 'Arial', sans-serif;\">H&uuml;km&uuml;ne raz\u0131 oldum, ben kadere dar\u0131lmam<\/span><\/strong><\/p>\n<p style=\"margin-bottom: 0.0001pt; text-align: justify; text-indent: 5cm; line-height: 16pt;\"><strong><span style=\"font-size: 14pt; font-family: 'Arial', sans-serif;\">Fark etmez eya dostum, k\u0131nanmam ya kayr\u0131lmam<\/span><\/strong><\/p>\n<p style=\"margin-bottom: 0.0001pt; text-align: justify; text-indent: 5cm; line-height: 16pt;\"><strong><span style=\"font-size: 14pt; font-family: 'Arial', sans-serif;\">Halka zalim olamam, asla Hak&rsquo;tan ayr\u0131lmam<\/span><\/strong><\/p>\n<p style=\"margin-bottom: 0.0001pt; text-align: justify; text-indent: 5cm; line-height: 16pt;\"><strong><span style=\"font-size: 14pt; font-family: 'Arial', sans-serif;\">Bat\u0131l ise; ne sa\u011fa, sola minnet eylemem!&#8230;<\/span><\/strong><\/p>\n<p style=\"margin-bottom: 0.0001pt; text-align: justify; text-indent: 5cm; line-height: 16pt;\"><strong><span style=\"font-size: 14pt; font-family: 'Arial', sans-serif;\">&nbsp;&nbsp;&nbsp;&nbsp;&nbsp;&nbsp; <\/span><\/strong><\/p>\n<p style=\"margin-bottom: 0.0001pt; text-align: justify; text-indent: 5cm; line-height: 16pt;\"><strong><span style=\"font-size: 14pt; font-family: 'Arial', sans-serif;\">Hakka hizmet arac\u0131, riyaset<span style=\"font-size: 12pt;\"><sup>2<\/sup><\/span> ve siyaset<\/span><\/strong><\/p>\n<p style=\"margin-bottom: 0.0001pt; text-align: justify; text-indent: 5cm; line-height: 16pt;\"><strong><span style=\"font-size: 14pt; font-family: 'Arial', sans-serif;\">Halka \u015fefkat adalet, \u0130slami hassasiyet<\/span><\/strong><\/p>\n<p style=\"margin-bottom: 0.0001pt; text-align: justify; text-indent: 5cm; line-height: 16pt;\"><strong><span style=\"font-size: 14pt; font-family: 'Arial', sans-serif;\">Bize huzur ve onur, hep insani haysiyet<\/span><\/strong><\/p>\n<p style=\"margin-bottom: 0.0001pt; text-align: justify; text-indent: 5cm; line-height: 16pt;\"><strong><span style=\"font-size: 14pt; font-family: 'Arial', sans-serif;\">Ne \u015fana ne makama, mala minnet eylemem!&#8230;<\/span><\/strong><\/p>\n<p style=\"margin-bottom: 0.0001pt; text-align: justify; text-indent: 5cm; line-height: 16pt;\"><strong><span style=\"font-size: 14pt; font-family: 'Arial', sans-serif;\">&nbsp;&nbsp;&nbsp;&nbsp; <\/span><\/strong><\/p>\n<p style=\"margin-bottom: 0.0001pt; text-align: justify; text-indent: 5cm; line-height: 16pt;\"><strong><span style=\"font-size: 14pt; font-family: 'Arial', sans-serif;\">M&uuml;naf\u0131kl\u0131k marazd\u0131r<span style=\"font-size: 12pt;\"><sup>3<\/sup><\/span>, tam \u015feytani zenaat<span style=\"font-size: 12pt;\"><sup>4<\/sup><\/span><\/span><\/strong><\/p>\n<p style=\"margin-bottom: 0.0001pt; text-align: justify; text-indent: 5cm; line-height: 16pt;\"><strong><span style=\"font-size: 14pt; font-family: 'Arial', sans-serif;\">Kahbelik ve kalle\u015flik, bil en adi \u015fenaat<span style=\"font-size: 12pt;\"><sup>5<\/sup><\/span><\/span><\/strong><\/p>\n<p style=\"margin-bottom: 0.0001pt; text-align: justify; text-indent: 5cm; line-height: 16pt;\"><strong><span style=\"font-size: 14pt; font-family: 'Arial', sans-serif;\">Ruhunu g&uuml;&ccedil;l&uuml; k\u0131lar, helal ile kanaat<\/span><\/strong><\/p>\n<p style=\"margin-bottom: 0.0001pt; text-align: justify; text-indent: 5cm; line-height: 16pt;\"><strong><span style=\"font-size: 14pt; font-family: 'Arial', sans-serif;\">Haks\u0131z kazan&ccedil; paraya, pula minnet eylemem!&#8230;<\/span><\/strong><\/p>\n<p style=\"margin-bottom: 0.0001pt; text-align: justify; text-indent: 5cm; line-height: 16pt;\"><strong><span style=\"font-size: 14pt; font-family: 'Arial', sans-serif;\">&nbsp;&nbsp;&nbsp;&nbsp; <\/span><\/strong><\/p>\n<p style=\"margin-bottom: 0.0001pt; text-align: justify; text-indent: 5cm; line-height: 16pt;\"><strong><span style=\"font-size: 14pt; font-family: 'Arial', sans-serif;\">Cihat eden kazan\u0131r, caniyle ve maliyle<\/span><\/strong><\/p>\n<p style=\"margin-bottom: 0.0001pt; text-align: justify; text-indent: 5cm; line-height: 16pt;\"><strong><span style=\"font-size: 14pt; font-family: 'Arial', sans-serif;\">Allah&rsquo;tan utanmal\u0131, her daim her haliyle <\/span><\/strong><\/p>\n<p style=\"margin-bottom: 0.0001pt; text-align: justify; text-indent: 5cm; line-height: 16pt;\"><strong><span style=\"font-size: 14pt; font-family: 'Arial', sans-serif;\">Dizginlerim nefsimi, huriler hayaliyle <\/span><\/strong><\/p>\n<p style=\"margin-bottom: 0.0001pt; text-align: justify; text-indent: 5cm; line-height: 16pt;\"><strong><span style=\"font-size: 14pt; font-family: 'Arial', sans-serif;\">Haram k\u0131za kar\u0131ya, dula minnet eylemem!&#8230;<\/span><\/strong><\/p>\n<p style=\"margin-bottom: 0.0001pt; text-align: justify; text-indent: 5cm; line-height: 16pt;\"><strong><span style=\"font-size: 14pt; font-family: 'Arial', sans-serif;\">&nbsp;&nbsp;&nbsp;&nbsp;&nbsp;&nbsp; <\/span><\/strong><\/p>\n<p style=\"margin-bottom: 0.0001pt; text-align: justify; text-indent: 5cm; line-height: 16pt;\"><strong><span style=\"font-size: 14pt; font-family: 'Arial', sans-serif;\">Ger<span style=\"font-size: 12pt;\"><sup>6<\/sup><\/span> \u015eirin&rsquo;i Hak ise, da\u011flar\u0131 deler Ferhat <\/span><\/strong><\/p>\n<p style=\"margin-bottom: 0.0001pt; text-align: justify; text-indent: 5cm; line-height: 16pt;\"><strong><span style=\"font-size: 14pt; font-family: 'Arial', sans-serif;\">Faniye bel ba\u011flayan; beka bulur mu, heyhat<\/span><\/strong><\/p>\n<p style=\"margin-bottom: 0.0001pt; text-align: justify; text-indent: 5cm; line-height: 16pt;\"><strong><span style=\"font-size: 14pt; font-family: 'Arial', sans-serif;\">Rabbim raz\u0131 olsun da, gerisi teferruat<\/span><\/strong><\/p>\n<p style=\"margin-bottom: 0.0001pt; text-align: justify; text-indent: 5cm; line-height: 16pt;\"><strong><span style=\"font-size: 14pt; font-family: 'Arial', sans-serif;\">Kasa koltuk k\u0131yafet, &ccedil;ula minnet eylemem!&#8230;<\/span><\/strong><\/p>\n<p style=\"margin-bottom: 0.0001pt; text-align: justify; text-indent: 5cm; line-height: 16pt;\"><strong><span style=\"font-size: 14pt; font-family: 'Arial', sans-serif;\">&nbsp;&nbsp;&nbsp;&nbsp;&nbsp;&nbsp; <\/span><\/strong><\/p>\n<p style=\"margin-bottom: 0.0001pt; text-align: justify; text-indent: 5cm; line-height: 16pt;\"><strong><span style=\"font-size: 14pt; font-family: 'Arial', sans-serif;\">G&acirc;vurlar\u0131 s&uuml;per g&uuml;&ccedil;, g&ouml;renlere \u015fa\u015far\u0131m<\/span><\/strong><\/p>\n<p style=\"margin-bottom: 0.0001pt; text-align: justify; text-indent: 5cm; line-height: 16pt;\"><strong><span style=\"font-size: 14pt; font-family: 'Arial', sans-serif;\">Rabbim inayetiyle, her engeli a\u015far\u0131m<\/span><\/strong><\/p>\n<p style=\"margin-bottom: 0.0001pt; text-align: justify; text-indent: 5cm; line-height: 16pt;\"><strong><span style=\"font-size: 14pt; font-family: 'Arial', sans-serif;\">Bereket sadelikte, izzetimle ya\u015far\u0131m<\/span><\/strong><\/p>\n<p style=\"margin-bottom: 0.0001pt; text-align: justify; text-indent: 5cm; line-height: 16pt;\"><strong><span style=\"font-size: 14pt; font-family: 'Arial', sans-serif;\">Zilletli esaretli, bala minnet eylemem!&#8230;<\/span><\/strong><\/p>\n<p style=\"margin-bottom: 0.0001pt; text-align: justify; text-indent: 5cm; line-height: 16pt;\"><strong><span style=\"font-size: 14pt; font-family: 'Arial', sans-serif;\">&nbsp;&nbsp;&nbsp;&nbsp; <\/span><\/strong><\/p>\n<p style=\"margin-bottom: 0.0001pt; text-align: justify; text-indent: 5cm; line-height: 16pt;\"><strong><span style=\"font-size: 14pt; font-family: 'Arial', sans-serif;\">R&uuml;\u015fvet k&ouml;pr&uuml;den ge&ccedil;mem, velev sellere dalsam<\/span><\/strong><\/p>\n<p style=\"margin-bottom: 0.0001pt; text-align: justify; text-indent: 5cm; line-height: 16pt;\"><strong><span style=\"font-size: 14pt; font-family: 'Arial', sans-serif;\">Namerde boyun b&uuml;kmem, s\u0131rt\u0131ma kamyon alsam<\/span><\/strong><\/p>\n<p style=\"margin-bottom: 0.0001pt; text-align: justify; text-indent: 5cm; line-height: 16pt;\"><strong><span style=\"font-size: 14pt; font-family: 'Arial', sans-serif;\">Benim &ccedil;in hay\u0131rl\u0131d\u0131r, &ccedil;&ouml;lde &ccedil;ad\u0131rs\u0131z kalsam<\/span><\/strong><\/p>\n<p style=\"margin-bottom: 0.0001pt; text-align: justify; text-indent: 5cm; line-height: 16pt;\"><strong><span style=\"font-size: 14pt; font-family: 'Arial', sans-serif;\">G&ouml;lgelendirir diye, dala minnet eylemem!&#8230;<\/span><\/strong><\/p>\n<p style=\"margin-bottom: 0.0001pt; text-align: justify; text-indent: 5cm; line-height: 16pt;\"><strong><span style=\"font-size: 14pt; font-family: 'Arial', sans-serif;\">&nbsp;&nbsp;&nbsp;&nbsp; <\/span><\/strong><\/p>\n<p style=\"margin-bottom: 0.0001pt; text-align: justify; text-indent: 5cm; line-height: 16pt;\"><strong><span style=\"font-size: 14pt; font-family: 'Arial', sans-serif;\">G&ouml;revim &ccedil;omak sokmak, zalimlerin &ccedil;ark\u0131na<\/span><\/strong><\/p>\n<p style=\"margin-bottom: 0.0001pt; text-align: justify; text-indent: 5cm; line-height: 16pt;\"><strong><span style=\"font-size: 14pt; font-family: 'Arial', sans-serif;\">Kalemim k\u0131l\u0131&ccedil; gibi, hainlerin ba\u011fr\u0131na<\/span><\/strong><\/p>\n<p style=\"margin-bottom: 0.0001pt; text-align: justify; text-indent: 5cm; line-height: 16pt;\"><strong><span style=\"font-size: 14pt; font-family: 'Arial', sans-serif;\">Sab\u0131rla katlan\u0131r\u0131m, t&uuml;m \u015fartlar\u0131n kahr\u0131na<\/span><\/strong><\/p>\n<p style=\"margin-bottom: 0.0001pt; text-align: justify; text-indent: 5cm; line-height: 16pt;\"><strong><span style=\"font-size: 14pt; font-family: 'Arial', sans-serif;\">Zorlu yoku\u015f da olsa, yola minnet eylemem!&#8230;<\/span><\/strong><\/p>\n<p style=\"margin-bottom: 0.0001pt; text-align: justify; text-indent: 5cm; line-height: 16pt;\"><strong><span style=\"font-size: 14pt; font-family: 'Arial', sans-serif;\">&nbsp;&nbsp;&nbsp;&nbsp;&nbsp;&nbsp; <\/span><\/strong><\/p>\n<p style=\"line-height: 16pt;\"><span style=\"font-size: 12pt; font-family: 'Arial', sans-serif;\"><\/span><\/p>\n<p style=\"line-height: 16pt;\"><span style=\"font-size: 12pt; font-family: 'Arial', sans-serif;\">1- <strong>Bahil:<\/strong> Cimri, bencil ki\u015fi.<\/span><\/p>\n<p style=\"line-height: 16pt;\"><span style=\"font-size: 12pt; font-family: 'Arial', sans-serif;\">2- <strong>Riyaset:<\/strong> Ba\u015fkanl\u0131k.<\/span><\/p>\n<p style=\"line-height: 16pt;\"><span style=\"font-size: 12pt; font-family: 'Arial', sans-serif;\">3- <strong>Marazd\u0131r:<\/strong> Hastal\u0131k, ahlaki yozla\u015fma.<\/span><\/p>\n<p style=\"line-height: 16pt;\"><span style=\"font-size: 12pt; font-family: 'Arial', sans-serif;\">4- <strong>Zenaat:<\/strong> \u0130nce meslek, sanat, beceri.<\/span><\/p>\n<p style=\"line-height: 16pt;\"><span style=\"font-size: 12pt; font-family: 'Arial', sans-serif;\">5- <strong>\u015eenaat:<\/strong> K&ouml;t&uuml;l&uuml;k, a\u015fa\u011f\u0131l\u0131k.<\/span><\/p>\n<p style=\"line-height: 16pt;\"><span style=\"font-size: 12pt; font-family: 'Arial', sans-serif;\">6- <strong>Ger:<\/strong> E\u011fer, \u015fayet.<\/span><\/p>\n<p style=\"line-height: 16pt;\"><span style=\"font-size: 12pt; font-family: 'Arial', sans-serif;\"><\/span><\/p>\n","protected":false},"excerpt":{"rendered":"<p>&nbsp; M&Uuml;&rsquo;M\u0130N M\u0130NNET EYLEMEZ &nbsp;&nbsp;&nbsp;&nbsp;&nbsp;&nbsp; Hal\u0131k Rabbil &acirc;lemin, Rahim&uuml; Rahman iken Muhammed Hak Nebisi, Kur&rsquo;an&rsquo;\u0131 ferman iken Zerreden k&uuml;rrelere, her an h&uuml;k&uuml;mran iken Zaif aciz ve bahil1, kula minnet eylemem!&#8230; &nbsp;&nbsp;&nbsp;&nbsp;&nbsp;&nbsp; H&uuml;km&uuml;ne raz\u0131 oldum, ben kadere dar\u0131lmam Fark etmez eya dostum, k\u0131nanmam ya kayr\u0131lmam Halka zalim olamam, asla Hak&rsquo;tan ayr\u0131lmam Bat\u0131l ise; ne sa\u011fa, sola [&hellip;]<\/p>\n","protected":false},"author":77,"featured_media":0,"comment_status":"open","ping_status":"closed","sticky":false,"template":"","format":"standard","meta":{"footnotes":""},"categories":[212],"tags":[],"class_list":["post-4731","post","type-post","status-publish","format-standard","hentry","category-mayis-2018"],"_links":{"self":[{"href":"https:\/\/www.millicozum.com\/mc\/wp-json\/wp\/v2\/posts\/4731","targetHints":{"allow":["GET"]}}],"collection":[{"href":"https:\/\/www.millicozum.com\/mc\/wp-json\/wp\/v2\/posts"}],"about":[{"href":"https:\/\/www.millicozum.com\/mc\/wp-json\/wp\/v2\/types\/post"}],"author":[{"embeddable":true,"href":"https:\/\/www.millicozum.com\/mc\/wp-json\/wp\/v2\/users\/77"}],"replies":[{"embeddable":true,"href":"https:\/\/www.millicozum.com\/mc\/wp-json\/wp\/v2\/comments?post=4731"}],"version-history":[{"count":0,"href":"https:\/\/www.millicozum.com\/mc\/wp-json\/wp\/v2\/posts\/4731\/revisions"}],"wp:attachment":[{"href":"https:\/\/www.millicozum.com\/mc\/wp-json\/wp\/v2\/media?parent=4731"}],"wp:term":[{"taxonomy":"category","embeddable":true,"href":"https:\/\/www.millicozum.com\/mc\/wp-json\/wp\/v2\/categories?post=4731"},{"taxonomy":"post_tag","embeddable":true,"href":"https:\/\/www.millicozum.com\/mc\/wp-json\/wp\/v2\/tags?post=4731"}],"curies":[{"name":"wp","href":"https:\/\/api.w.org\/{rel}","templated":true}]}}