{"id":482,"date":"2006-11-29T00:55:29","date_gmt":"2006-11-29T00:55:29","guid":{"rendered":"https:\/\/www.millicozum.com\/mc\/2006\/11\/29\/ayin-aynasi-7\/"},"modified":"2006-11-29T00:55:29","modified_gmt":"2006-11-29T00:55:29","slug":"ayin-aynasi-7","status":"publish","type":"post","link":"https:\/\/www.millicozum.com\/mc\/2005\/ocak-2005\/ayin-aynasi\/","title":{"rendered":"AYIN AYNASI"},"content":{"rendered":"<p>\u00a0  <\/p>\n<p align=\"center\"> YUNAN BAYRAM ED\u0130YOR! <\/p>\n<p> Recep T.Erdo\u011fan\u0131n samimi dostu \u0130talyan Ba\u015fbakan\u0131 Berlisconi: <\/p>\n<p> &quot;Sn.Erdo\u011fan bize K\u0131br\u0131s Rum Kesimini tan\u0131yaca\u011f\u0131na dair \u00e7oktan s\u00f6z vermi\u015ftir. Sadece bunu meclis g\u00fcndemine getirmek i\u00e7in biraz zaman istemi\u015ftir. Zaten bir \u00fcyesini tan\u0131madan bir aileye girmek m\u00fcmk\u00fcn de\u011fildir&quot; a\u00e7\u0131klamas\u0131n\u0131 yapm\u0131\u015ft\u0131r. <\/p>\n<p> Ve diplomaside bu t\u00fcr s\u00f6zl\u00fc vaatler resmiyet kazan\u0131r. <\/p>\n<p> Recep Bey&#39;in\u00a0 &quot;K\u0131br\u0131s&#39;\u0131 resmen tan\u0131mad\u0131k&quot; iddialar\u0131 sadece milletimizi kand\u0131rmad\u0131r <\/p>\n<p>  \u00a0  <\/p>\n<p> \u00d6n\u00fcm\u00fczdeki g\u00fcnlerde, K\u0131br\u0131s Rum Kesiminin T\u00fcrkiye&#39;de, el\u00e7ilik ve konsolosluk a\u00e7maya ve ticari anla\u015fmalar yap\u0131lmaya ba\u015flanacakt\u0131r. <\/p>\n<p> Ve tabi AKP bu yalanlar\u0131 yamukluklar\u0131 i\u00e7inde bo\u011fulacakt\u0131r. \u00c7\u00fcnk\u00fc AB&#39;nin bu karar\u0131 Yunanistan&#39;da bir bayram havas\u0131 yaratm\u0131\u015ft\u0131r. <\/p>\n<p> \u00c7\u00fcnk\u00fc Hem K\u0131br\u0131s Rum Kesimi fiilen tan\u0131nm\u0131\u015f ve dolay\u0131s\u0131yla K\u0131br\u0131s T\u00fcrk Kesimi yine fiilen tarihe kar\u0131\u015fm\u0131\u015ft\u0131r. <\/p>\n<p> Dahas\u0131, Yunan bas\u0131n\u0131 kurtulu\u015f sava\u015f\u0131n\u0131n r\u00f6van\u015f\u0131n\u0131n al\u0131nd\u0131\u011f\u0131n\u0131 ve Sevr&#39;in amac\u0131na ula\u015ft\u0131\u011f\u0131n\u0131 yazm\u0131\u015ft\u0131r! <\/p>\n<p> B\u00fct\u00fcn Avrupa bas\u0131n\u0131 bile T\u00fcrkiye&#39;ye dayat\u0131lan \u015fartlar\u0131n \u00e7ok a\u011f\u0131r oldu\u011fu konusunda ittifak etmesine ra\u011fmen,\u00a0 bizim marazl\u0131 mason ve m\u00fcnaf\u0131k m\u00fcsl\u00fcman medyam\u0131zda, zafer \u00e7\u0131\u011fl\u0131klar\u0131 at\u0131lmas\u0131 tam bir soysuzluk ve sat\u0131lm\u0131\u015fl\u0131k ahlak\u0131d\u0131r. <\/p>\n<p align=\"center\"> B\u0130N KERE HAK ETT\u0130N\u0130Z:\u00a0 GEBERECEKS\u0130N\u0130Z! <\/p>\n<p> \u00a0\u00a0\u00a0\u00a0\u00a0\u00a0\u00a0\u00a0\u00a0\u00a0\u00a0 12 Aral\u0131k 2004 tarihli Milli Gazetenin bir kelimelik man\u015feti, bir kitap kadar i\u00e7erikliydi ve zalimlere son mesaj gibiydi: GEBERECEKS\u0130N\u0130Z!&#8230; <\/p>\n<p> \u00a0\u00a0\u00a0\u00a0\u00a0\u00a0\u00a0\u00a0\u00a0\u00a0\u00a0 Bu mesaj\u0131 daha rahat anlamak i\u00e7in \u015fu sohbeti hat\u0131rlatmam\u0131z gerekiyor&#8230; <\/p>\n<p> \u00a0\u00a0\u00a0\u00a0\u00a0\u00a0\u00a0\u00a0\u00a0\u00a0\u00a0 Erbakan Hocam\u0131zdan dinlemi\u015ftik: <\/p>\n<p> \u00a0\u00a0\u00a0\u00a0\u00a0\u00a0\u00a0\u00a0\u00a0\u00a0\u00a0 &quot;\u0130stanbul teknik \u00dcniversitesinde okurken, e\u011fitimden ziyade e\u011flenceye merakl\u0131 olan ve bu y\u00fczden makine b\u00f6l\u00fcm\u00fcnde e\u011fe sallay\u0131p terleme\u011fi beceremeyip in\u015faat b\u00f6l\u00fcm\u00fcne kaytaran S\u00fcleyman Demirel gibi baz\u0131 arkada\u015flar s\u0131k s\u0131k okuldan ka\u00e7\u0131p sinemaya gider ve g\u00f6rd\u00fckleri filmleri bir fantezi gibi bir hafta boyu s\u0131n\u0131fta anlat\u0131rlard\u0131. <\/p>\n<p> \u00a0\u00a0\u00a0\u00a0\u00a0\u00a0\u00a0\u00a0\u00a0\u00a0\u00a0 Bunlardan biri de \u015f\u00f6yleydi. K\u0131z\u0131lderili avc\u0131s\u0131 beyaz adam bir K\u0131z\u0131lderili kabilesine esir d\u00fc\u015f\u00fcp tutuklan\u0131r. Bir a\u011faca s\u0131k\u0131ca ba\u011flanan Beyaz Amerikal\u0131 i\u00e7in son karar\u0131 vermek \u00fczere, kabile reisi beklenirken bir yandan da intikam ate\u015fi yak\u0131l\u0131p, kazanlar haz\u0131rlan\u0131r&#8230; <\/p>\n<p> \u00a0\u00a0\u00a0\u00a0\u00a0\u00a0\u00a0\u00a0\u00a0\u00a0\u00a0 Derken reis gelir, g\u00fcl\u00fcmseyerek ve \u00e7ubu\u011funu t\u00fctt\u00fcrerek g\u00fcnlerdir can havliyle korkudan titreyerek hakk\u0131ndaki karar\u0131 bekleyen beyaz adama yakla\u015f\u0131r. <\/p>\n<p> \u00a0\u00a0\u00a0\u00a0\u00a0\u00a0\u00a0\u00a0\u00a0\u00a0\u00a0 Bu tav\u0131rdan dolay\u0131 umutlan\u0131p biraz dirilen beyaz Amerikal\u0131n\u0131n heyecandan kalp at\u0131\u015flar\u0131 h\u0131zlanm\u0131\u015f ve olduk\u00e7a heyecanlanm\u0131\u015ft\u0131r. Tam bir bat\u0131l\u0131 bayal\u0131\u011f\u0131yla yalvar\u0131p yakarmaktad\u0131r. Ve derken K\u0131z\u0131lderili reisi, herkesin merakla bekledi\u011fi karar\u0131n\u0131 a\u00e7\u0131klar. Ve beyaz adama d\u00f6nerek: <\/p>\n<p> \u00a0\u00a0\u00a0\u00a0\u00a0\u00a0\u00a0\u00a0\u00a0\u00a0\u00a0 &quot;Tela\u015flan\u0131p tepinmeye gerek yok.. Karar bellidir. Hak etti\u011fini g\u00f6receksin. Yani GEBERECEKS\u0130N!..&quot; <\/p>\n<p> \u00a0\u00a0\u00a0\u00a0\u00a0\u00a0\u00a0\u00a0\u00a0\u00a0\u00a0 Evet, ey barbar bat\u0131l\u0131lar ve onlar\u0131n u\u015fa\u011f\u0131 olan yerel gavurlar&#8230; <\/p>\n<p> \u00a0\u00a0\u00a0\u00a0\u00a0\u00a0\u00a0\u00a0\u00a0\u00a0\u00a0 Adalet; herkesin lay\u0131k ve m\u00fcstehak oldu\u011fu sona eri\u015fmesidir!&#8230; <\/p>\n<p align=\"center\"> ZAVALLI \u0130NSAN <\/p>\n<p> \u0130lim ve teknolojinin bu denli ilerlemesine ra\u011fmen.  <\/p>\n<p> Hala bir \u00f6r\u00fcmcek kadar sa\u011flam iplik \u00fcretemeyen&#8230; <\/p>\n<p> Milyonlarcas\u0131 ters y\u00f6nde u\u00e7mas\u0131na ra\u011fmen, \u00f6zel elektrik sinyalleriyle birbirlerine \u00e7arpmayan bir \u00e7ekirge kadar olup trafik kazalar\u0131n\u0131 \u00f6nlemeyen. <\/p>\n<p> Bir kalp, bir beyin, bir b\u00f6brek yapmay\u0131 beceremeyen. <\/p>\n<p> Bir damla kan. <\/p>\n<p> Bir yudum s\u00fct meydana getiremeyen zavall\u0131 insan!&#8230; <\/p>\n<p> Allah ve \u0130slamla yapt\u0131\u011f\u0131 sava\u015f\u0131 kazanaca\u011f\u0131n\u0131 san\u0131yor! <\/p>\n<p align=\"center\"> PATR\u0130K DOSTU OLANIN HIYANET POSTU OLUR! <\/p>\n<p> Besim Tibuk&#39;tan Bartholomeos&#39;a ziyaret <\/p>\n<p> \u00a0\u00a0\u00a0\u00a0\u00a0\u00a0\u00a0\u00a0\u00a0\u00a0\u00a0 Net Holding Y\u00f6netim Kurulu Ba\u015fkan\u0131 ve Liberal Demokrat parti Onursal Ba\u015fkan\u0131 Besim Tibuk, Fener Rum Patri\u011fi 1.Bartholomeos&#39;u ziyaret etti. Patrik Bartholomeos ile yakla\u015f\u0131k 45 ba\u015f ba\u015fa g\u00f6r\u00fc\u015fen Tibuk \u00e7\u0131k\u0131\u015fta ziyaret sebebiyle ilgili a\u00e7\u0131klamalarda bulunmu\u015f. Tibuk,&quot;Son g\u00fcnlerde ya\u015fanan Ek\u00fcmenlik tart\u0131\u015fmalar\u0131 beni \u00e7ok \u00fczd\u00fc. Bu \u00fcz\u00fcnt\u00fclerimi dile getirmek ve kendilerine destek vermek amac\u0131yla bu ziyareti ger\u00e7ekle\u015ftirdim&quot; buyurmu\u015f. Patrik Bartholomeos ile \u00e7ok yak\u0131n dostluklar\u0131n\u0131n bulundu\u011funu belirten Tibuk,&quot;\u0130stanbul&#39;da be\u015f yak\u0131n dostunu say deseler bir tanesi Patrik hazretleridir derim&quot; \u015feklinde konu\u015fmu\u015f&#8230; <\/p>\n<p> \u00a0\u00a0\u00a0\u00a0\u00a0\u00a0\u00a0\u00a0\u00a0\u00a0\u00a0 Patrik dostu olan\u0131n h\u0131yanet postu olur! <\/p>\n<p align=\"center\"> \u015eUUR VE HAYS\u0130YET! <\/p>\n<p> \u00d6\u011fretmenler g\u00fcn\u00fc m\u00fcnasebetiyle, Marmaris&#39;te yap\u0131lan toplant\u0131ya kat\u0131lan eski Cumhurba\u015fkan\u0131 Kenan Evren pa\u015fa, 10.Y\u0131l mar\u015f\u0131 okunurken aya\u011fa kalkmam\u0131\u015f ve bunu \u015f\u00f6yle a\u00e7\u0131klam\u0131\u015f: <\/p>\n<p> &quot;Sadece \u0130stiklal Mar\u015f\u0131m\u0131z i\u00e7in aya\u011fa kalk\u0131l\u0131r.. Ba\u015fka mar\u015flarla Milli Mar\u015f\u0131m\u0131z\u0131n fark\u0131n\u0131 ortaya koymak ve aras\u0131n\u0131 ay\u0131rmak laz\u0131md\u0131r!..&quot; <\/p>\n<p> B\u00f6ylesine haysiyetli ve hamiyetli \u015fahsiyetlere hayran\u0131z, ve de hasret bulunmaktay\u0131z. <\/p>\n<p> Kenan Pa\u015fa, \u00c7ok Ya\u015fa ! <\/p>\n<p align=\"center\"> M\u00dcNAFIK MANZARALARI <\/p>\n<ul>\n<li>1. D\u0130N M\u00dcNAFIKI<\/li>\n<\/ul>\n<p> Siyonist, emperyalist merkezler u\u015fa\u011f\u0131d\u0131r.  <\/p>\n<p> Sahte mehdilik satar, masondan a\u015fa\u011f\u0131d\u0131r.  <\/p>\n<p> Papalar\u0131n hayran\u0131, hahamlar a\u015f\u0131\u011f\u0131d\u0131r.  <\/p>\n<p> Sapt\u0131rmak i\u00e7in ayet, hadis s\u00f6yler m\u00fcnaf\u0131k!. <\/p>\n<ul>\n<li>2. DEVLET M\u00dcNAFIKI<\/li>\n<\/ul>\n<p> Bunlar i\u00e7in egemenlik devri ay\u0131p de\u011fildir. <\/p>\n<p> Bizans, K\u00fcrdistan kurmak, asla kay\u0131p de\u011fildir.  <\/p>\n<p> Gelini gavura \u00f6pt\u00fcrmeyen tayip de\u011fildir. <\/p>\n<p> \u0130\u015fte b\u00f6yle zelil, rezildir, beyler m\u00fcnaf\u0131k! <\/p>\n<ul>\n<li>3. DAVA M\u00dcNAFI\u011eI<\/li>\n<\/ul>\n<p> Kurmay san\u0131l\u0131rlar, liderin etraf\u0131ndalar. <\/p>\n<p> Muhterem tan\u0131n\u0131rlar, d\u00fc\u015fman taraf\u0131ndalar. <\/p>\n<p> Fas\u0131klar el \u00fcst\u00fcnde, sad\u0131klar tufandalar.  <\/p>\n<p> Cesur g\u00f6r\u00fcn\u00fcp te casusluk, eyler m\u00fcnaf\u0131k! <\/p>\n<ul>\n<li>4. DOST M\u00dcNAFIKI<\/li>\n<\/ul>\n<p> Nefislerini ama\u00e7 edinip kayarlar. <\/p>\n<p> \u00c7evrelerini ara\u00e7 yerine koyarlar. <\/p>\n<p> Kahpelik, kele\u015flik i\u00e7in f\u0131rsat kollarlar. <\/p>\n<p> Dostuna kaz\u0131k at\u0131p, g\u00f6n\u00fcl eyler m\u00fcnaf\u0131k!&#8230; <\/p>\n<p align=\"center\"> D\u0130NLER BAH\u00c7ES\u0130 <\/p>\n<p> \u00a0\u00a0\u00a0\u00a0\u00a0\u00a0\u00a0\u00a0\u00a0\u00a0\u00a0 Bay Ba\u015fbakan, Antalya&#39;daki i\u00e7inde kilise, Havra ve Mescitte bulunan Dinler Bah\u00e7esinin a\u00e7\u0131l\u0131\u015f\u0131nda, Sultan Fatih&#39;i ve Abd\u00fclhamid&#39;i kendisine \u00f6rnek g\u00f6sterdi.. <\/p>\n<p> \u00a0\u00a0\u00a0\u00a0\u00a0\u00a0\u00a0\u00a0\u00a0\u00a0\u00a0 Ama, niyetler, olaylar\u0131n mahiyetini de\u011fi\u015ftirir&#8230; <\/p>\n<p> \u00a0\u00a0\u00a0\u00a0\u00a0\u00a0\u00a0\u00a0\u00a0\u00a0\u00a0 Bir hastas\u0131n\u0131n b\u00f6bre\u011findeki ta\u015f\u0131 \u00e7\u0131kar\u0131p sa\u011fl\u0131\u011f\u0131na kavu\u015fturmak i\u00e7in ameliyat yapan doktorda, onun sa\u011flam b\u00f6bre\u011fini al\u0131p satmak i\u00e7in ameliyat yapan doktorun yapt\u0131klar\u0131 i\u015f ayn\u0131d\u0131r ama bir halis di\u011feri haindir. <\/p>\n<p> \u00a0\u00a0\u00a0\u00a0\u00a0\u00a0\u00a0\u00a0\u00a0\u00a0\u00a0 \u015eimdi Sn Erdo\u011fan&#39;dan bir cevap bekliyoruz. <\/p>\n<p> \u00a0\u00a0\u00a0\u00a0\u00a0\u00a0\u00a0\u00a0\u00a0\u00a0\u00a0 Sultan Fatihi zehirleten, Abd\u00fclhamid&#39;i tahttan indiren \u00e7evreler niye kendisini Erbakan&#39;dan kopar\u0131p iktidara getirmi\u015ftir? <\/p>\n<p> \u00a0\u00a0\u00a0\u00a0\u00a0\u00a0\u00a0\u00a0\u00a0\u00a0\u00a0 Sultan Fatih&#39;e ve Abd\u00fclhamid&#39;e \u00f6l\u00fcm fermanlar\u0131 \u00e7\u0131karanlar, niye kendisine Siyonist madalyalar\u0131 vermi\u015ftir? <\/p>\n<p align=\"center\"> TAYY\u0130B BEY, AB \u0130LE MA\u00c7 YAPTI\u011eINI SANIYOR&#8230; <\/p>\n<p> \u00a0\u00a0\u00a0\u00a0\u00a0\u00a0\u00a0\u00a0\u00a0\u00a0\u00a0 Sn. Recep T.Erdo\u011fan, AB&#39;nin m\u00fczakere tarihi vermek i\u00e7in yeni \u015fartlar ve dayatmalar \u00f6n\u00fcm\u00fcze koymas\u0131na al\u0131narak: <\/p>\n<p> \u00a0\u00a0\u00a0\u00a0\u00a0\u00a0\u00a0\u00a0\u00a0\u00a0\u00a0 &quot;Ma\u00e7 ba\u015flad\u0131ktan sonra kural de\u011fi\u015ftirilmez.&quot; Diye yak\u0131n\u0131yor&#8230; <\/p>\n<p> \u00a0\u00a0\u00a0\u00a0\u00a0\u00a0\u00a0\u00a0\u00a0\u00a0\u00a0 Ne yaps\u0131n, bir t\u00fcrl\u00fc ba\u015fbakan olamad\u0131&#8230; Hala kendisini futbolcu san\u0131yor!&#8230; <\/p>\n<p align=\"center\"> SKANDAL TOPLANTI <\/p>\n<ul>\n<li>Gazi \u00dcniversitesi \u00d6\u011fretim \u00dcyesi Nurullah Ayd\u0131n, \u0130srail B\u00fcy\u00fckel\u00e7ili\u011fi taraf\u0131ndan d\u00fczenlenen ve Siyonistlerin Lideri Teodor Herzl&#39;in anma t\u00f6renine dikkat edilmesi gerekti\u011fini belirtti.<\/li>\n<li>Osmanl\u0131 \u0130mparatorlu\u011fu&#39;nun y\u0131lmas\u0131n\u0131n ve \u0130srail Devleti&#39;nin kurulmas\u0131n\u0131n fikir babas\u0131 Tedor Herzl oldu\u011funa dikkat \u00e7eken Ayd\u0131n, yine Yahudilerin 1997&#39;de B\u00fcy\u00fck \u0130srail projesinin ger\u00e7ekle\u015ftirilmesi toplant\u0131s\u0131na Milli G\u00f6r\u00fc\u015f Lideri Erbakan&#39;\u0131n engel oldu\u011funu belirtti.<\/li>\n<\/ul>\n<p> Demek ki: Osmanl\u0131y\u0131 y\u0131kan Siyonist Herzl&#39;in ruhu, \u015fimdi T\u00fcrkiye Cumhuriyetini da\u011f\u0131tmaya haz\u0131rlan\u0131yor!. <\/p>\n<p align=\"center\"> HA\u0130N VE HAYS\u0130YETS\u0130Z B\u0130R \u0130LAN!.. <\/p>\n<p> Kendilerine &quot;K\u00fcrt Ayd\u0131nlar\u0131&quot; ad\u0131n\u0131 veren\u00a0 birka\u00e7 avanak, yabanc\u0131 gazetelere verdikleri ilanlarda &quot;K\u0131br\u0131s T\u00fcrkleri gibi, G\u00fcneydo\u011fu K\u00fcrtlerine de federatif \u00f6zerklik ve \u00f6zg\u00fcrl\u00fck verilmelidir&quot; buyurmu\u015flar.. Ve b\u00f6ylece Siyonistlerin u\u015faklar\u0131 olduklar\u0131n\u0131 ortaya koymu\u015flar&#8230; <\/p>\n<p> \u00a0\u00a0\u00a0\u00a0\u00a0\u00a0\u00a0\u00a0\u00a0\u00a0\u00a0 Eeeh.. B\u00fct\u00fcn PKK yanl\u0131lar\u0131n\u0131n, AKP&#39;yi desteklemelerinin hikmeti ortaya \u00e7\u0131k\u0131yor! <\/p>\n<p align=\"center\"> G\u00dcL, \u0130SRA\u0130L&#39;E G\u0130DEB\u0130L\u0130R&quot; <\/p>\n<p> \u00a0\u00a0\u00a0\u00a0\u00a0\u00a0\u00a0\u00a0\u00a0\u00a0\u00a0 D\u0131\u015fi\u015fleri Bakanl\u0131\u011f\u0131, M\u00fcste\u015far\u0131 B\u00fcy\u00fckel\u00e7i Ali Tuygan, D\u0131\u015fi\u015fleri bakan\u0131 ve Ba\u015fbakan Yard\u0131mc\u0131s\u0131 Abdullah G\u00fcl&#39;\u00fcn program\u0131 uygun oldu\u011fu zaman \u00f6n\u00fcm\u00fczdeki g\u00fcnlerde \u0130srail&#39;e gidebilece\u011fini bildirdi. Tuygan, bu konuda \u0130srail makamlar\u0131ndan bir davet oldu\u011funu bildirdi. <\/p>\n<p> \u00a0\u00a0\u00a0\u00a0\u00a0\u00a0\u00a0\u00a0\u00a0\u00a0\u00a0 D\u0131\u015fi\u015fleri Bakanl\u0131\u011f\u0131&#39;nda, M\u00fcste\u015far B\u00fcy\u00fckel\u00e7i Ali Tuygan ile \u0130srail D\u0131\u015fi\u015fleri Bakanl\u0131\u011f\u0131 M\u00fcste\u015far\u0131 Ron Prosor aras\u0131nda ger\u00e7ekle\u015fen g\u00f6r\u00fc\u015fme yakla\u015f\u0131k 2 saat s\u00fcrd\u00fc. G\u00f6r\u00fc\u015fmenin ard\u0131ndan her iki m\u00fcste\u015far k\u0131sa bir a\u00e7\u0131klama yapt\u0131. Tuygan, daha evvel kararla\u015ft\u0131r\u0131ld\u0131\u011f\u0131 \u00fczere meslekta\u015f\u0131 ile hem ikili hem de b\u00f6lgesel sorunlar\u0131n ele al\u0131nd\u0131\u011f\u0131 bir g\u00f6r\u00fc\u015fme yapt\u0131klar\u0131n\u0131 bildirdi. Tuygan, bu g\u00f6r\u00fc\u015fme mekanizmas\u0131n\u0131n ikinci aya\u011f\u0131 oldu\u011funu belirtti. <\/p>\n<p align=\"center\"> TAM B\u0130R BATILI!.. <\/p>\n<p> \u00a0\u00a0\u00a0\u00a0\u00a0\u00a0\u00a0\u00a0\u00a0\u00a0\u00a0 Eski Deniz Kuvvetleri Komutan\u0131 emekli Oramiral \u0130lhami Erdil, g\u00f6revi suistimalde bulunmak, yolsuzluklara kar\u0131\u015fmak, adam kay\u0131rmak gibi baz\u0131 iddialarla aile boyu, 18 y\u0131l hapis\u00a0\u00a0 istemiyle mahkemelik olmas\u0131yla ilgili NTV&#39;de yapt\u0131\u011f\u0131 a\u011flamakl\u0131 ve dokunakl\u0131 a\u00e7\u0131klamalar\u0131nda GKB Sn. Hilmi \u00d6zk\u00f6k i\u00e7in &quot;Tam bir Bat\u0131l\u0131&#8230;&quot; \u015feklinde \u00f6vg\u00fcler ya\u011fd\u0131rd\u0131.. <\/p>\n<p> \u00a0\u00a0\u00a0\u00a0\u00a0\u00a0\u00a0\u00a0\u00a0\u00a0\u00a0 Niye acaba &quot;Atat\u00fcrk&#39;e ba\u011fl\u0131; T\u00fcrkiye&#39;ye sevdal\u0131, Milli ve Manevi de\u011ferlerine sayg\u0131l\u0131&quot; gibi \u00f6vg\u00fc ifadeleri yerine &quot;Tam bir bat\u0131l\u0131..&quot; deyimi kullan\u0131ld\u0131 ..? <\/p>\n<p> \u00a0\u00a0\u00a0\u00a0\u00a0\u00a0\u00a0\u00a0\u00a0\u00a0\u00a0 Merak edip ara\u015ft\u0131rd\u0131k. \u0130\u015fte Meydan Larousse (Sabah Yy. 3.Cilt Sh. 24-25) deki tan\u0131mlar: <\/p>\n<p> \u00a0\u00a0\u00a0\u00a0\u00a0\u00a0\u00a0\u00a0\u00a0\u00a0\u00a0 Bat\u0131(c\u0131l\u0131k): Mason Localar\u0131nda naz\u0131r (g\u00f6zetici usta masonlar\u0131n)lar\u0131n oturdu\u011fu taraf.. (Nerde otursalar oras\u0131 bat\u0131 say\u0131l\u0131r) <\/p>\n<p> \u00a0\u00a0\u00a0\u00a0\u00a0\u00a0\u00a0\u00a0\u00a0\u00a0\u00a0 Bat\u0131c\u0131l\u0131k: Avrupa Medeniyetine ba\u011fl\u0131l\u0131k.. <\/p>\n<p> \u00a0\u00a0\u00a0\u00a0\u00a0\u00a0\u00a0\u00a0\u00a0\u00a0\u00a0 Birde Siyonist stratejist Graham Fuller&#39;in (Fettullah G\u00fclenin de hayran\u0131) bir Bat\u0131l\u0131l\u0131k tarifi var: <\/p>\n<p> \u00a0\u00a0\u00a0\u00a0\u00a0\u00a0\u00a0\u00a0\u00a0\u00a0\u00a0 &quot;Avrupa ve Amerika&#39;ya \u015fekil veren k\u00fclt\u00fcr de\u011ferlerine inanan ve bunlar\u0131n b\u00fct\u00fcn d\u00fcnyada ge\u00e7erli olmas\u0131na \u00e7al\u0131\u015fan insan&#8230;&quot; <\/p>\n<p> \u00a0\u00a0\u00a0\u00a0\u00a0\u00a0\u00a0\u00a0\u00a0\u00a0\u00a0 Yani Bush gibi, Blair gibi, \u015earon gibi&#8230; <\/p>\n<p align=\"center\"> AKP&#39;DE HAYS\u0130YET M\u00dcCADELES\u0130 <\/p>\n<p> \u00a0\u00a0\u00a0\u00a0\u00a0\u00a0\u00a0\u00a0\u00a0\u00a0\u00a0 S\u0131zan bilgilere g\u00f6re, AKP Grub Ba\u015fkanvekili Faruk \u00c7elik 5 haftad\u0131r toplant\u0131lara kat\u0131lmam\u0131\u015f&#8230; <\/p>\n<p> \u00a0\u00a0\u00a0\u00a0\u00a0\u00a0\u00a0\u00a0\u00a0\u00a0\u00a0 Gerek\u00e7esi ise Grub Ba\u015fkanvekilli\u011fi se\u00e7imide kendisine daha fazla oy \u00e7\u0131kmas\u0131na ra\u011fmen hala imza yerlerinde Salih Kapusuz&#39;un isminin kendisinden \u00f6nce yaz\u0131lmas\u0131ym\u0131\u015f!&#8230; <\/p>\n<p> \u00a0\u00a0\u00a0\u00a0\u00a0\u00a0\u00a0\u00a0\u00a0\u00a0\u00a0 Millet kan a\u011fl\u0131yor&#8230; \u00dclkenin gelece\u011fi karart\u0131l\u0131yor&#8230; AKP&#39;nin kurmaylar\u0131 ise sidik (pardon isim ) yar\u0131\u015f\u0131nda !&#8230; <\/p>\n<p> \u00a0\u00a0\u00a0\u00a0\u00a0\u00a0\u00a0\u00a0\u00a0\u00a0\u00a0 Vah Memleketim!&#8230; <\/p>\n<p align=\"center\"> DENENM\u0130\u015e DENENMEZ! <\/p>\n<p align=\"center\"> AKLI OLAN D\u00d6NEKLERE G\u00dcVENMEZ! <\/p>\n<p> \u00a0\u00a0\u00a0\u00a0\u00a0\u00a0\u00a0\u00a0\u00a0\u00a0\u00a0 Temel ile Dursun sinemaya giderler. Filmin konusu at yar\u0131\u015flar\u0131d\u0131r. Temel Dursun ile hangi at kazanacak diye iddiaya girer ve maalesef kaybeder. \u00c7\u00fcnk\u00fc Dursun&#39;un at\u0131 kazan\u0131r. Sinema \u00e7\u0131k\u0131\u015f\u0131nda, Temel dayanamay\u0131p Dursun&#39;a derki: <\/p>\n<ul>\n<li>&#8211; Ben bu filmi daha \u00f6nce seyretmi\u015ftim !..<\/li>\n<\/ul>\n<p> Dursun, \u015fa\u015fk\u0131nl\u0131k i\u00e7inde sorar: <\/p>\n<ul>\n<li>&#8211; \u00d6yle ise niye, bildi\u011fin halde yanl\u0131\u015f ata oynad\u0131n?<\/li>\n<\/ul>\n<p> Temel: <\/p>\n<ul>\n<li>&#8211; Ge\u00e7en filmde \u00e7ok yorulmu\u015ftu. BU sefer ko\u015famaz, \u00f6teki kazan\u0131r sanm\u0131\u015ft\u0131m, der!<\/li>\n<\/ul>\n<p> \u0130ktidara geldi\u011fi \u015fu 48 ayd\u0131r, belki 50 kere aldanan ve hayal k\u0131r\u0131kl\u0131\u011f\u0131na u\u011frayan ama hala &quot;bu sefer Tayibin at\u0131n\u0131n ge\u00e7ece\u011fini&quot; sanan gafillere duyurulur. <\/p>\n<p align=\"center\"> <strong>K\u00fctahya Kilisesi<\/strong> <\/p>\n<p> K\u00fctahya Belediye Ba\u015fkan\u0131 \u0130stanbul&#39;a geliyor, Rum Patri\u011fi cenaplar\u0131 ile g\u00f6r\u00fc\u015f\u00fcyor, kendisinden \u015fehirdeki metruk (terk edilmi\u015f) kilisenin t\u00e2mir edilmesini rica ve istirham ediyorsa; zerre kadar \u015f\u00fcphe edilmesin ki, bu i\u015f, bu g\u00f6r\u00fc\u015fme, bu te\u015febb\u00fcs Ankara&#39;n\u0131n, iktidar\u0131n bilgisi, hatt\u00e2 t\u00e2limat\u0131 ile olmaktad\u0131r. Hi\u00e7bir belediye ba\u015fkan\u0131, bu kadar \u00f6nemli ve tehlikeli bir i\u015fe kendi kafas\u0131 ile giri\u015femez. <\/p>\n<p> Peki, bu te\u015febb\u00fcs\u00fcn as\u0131l gayesi nedir? <\/p>\n<p> Dinleraras\u0131 karde\u015flik olacakm\u0131\u015f, tolerans olacakm\u0131\u015f&#8230; Bu edebiyat\u0131 kimse yutmaz. <\/p>\n<p> Birileri Ha\u00e7l\u0131 d\u00fcnyas\u0131na, Evangelistlere, &quot;Yeniden do\u011fmu\u015f&quot; Ba\u015fkan Bush&#39;a bir mesaj vermek, ortaya somut \u00f6rnekler koymak istiyor: Kilise yapt\u0131rmak, hatt\u00e2 eskiden kilise iken sonra camiye \u00e7evrilmi\u015f binalar\u0131 yeniden Ha\u00e7l\u0131lara teslim etmek. B\u00f6ylece onlar\u0131n aferinlerini, takdirlerini kazanmak ve AB&#39;ye girmek. <\/p>\n<p> K\u00fctahya&#39;daki kilisenin tamir edilip yepyeni hale getirilmesi i\u00e7in 800 milyar lira laz\u0131mm\u0131\u015f. \u0130yi para. Elbette birtak\u0131m m\u00fcteahhitler, firmalar, \u015fah\u0131slar bu pastadan hisselerini, nasiplerini alacaklard\u0131r. <\/p>\n<p> Peki, K\u00fctahya&#39;da bir kiliseye ihtiya\u00e7 var m\u0131? <\/p>\n<p> Kesinlikle yok. \u00c7\u00fcnk\u00fc orada H\u0131ristiyan yok! <\/p>\n<p> Nereye gitmi\u015f K\u00fctahya Rumlar\u0131? <\/p>\n<p> Lozan anla\u015fmas\u0131n\u0131n m\u00fcbadele (n\u00fcfus de\u011fi\u015f toku\u015fu) maddesi gere\u011finde Yunanistan&#39;a g\u00f6nderilmi\u015fler. Yunanistan&#39;daki M\u00fcsl\u00fcman T\u00fcrkler de bize yollanm\u0131\u015f. Bu m\u00fcbadele uluslararas\u0131 bir antla\u015fmaya g\u00f6re ve ilgili iki devletin r\u0131zalar\u0131 ile yap\u0131lm\u0131\u015f. Yani tamamen me\u015fru ve hukuk\u00ee bir hadise. \u00a0\u00a0\u00a0(M.\u015eevket Eygi \/ Milli Gazete\/ 09 12 2004) <\/p>\n<p align=\"center\"> AKP, AVRUPA&#39;DA F\u0130\u015eLENMEM\u0130\u015e T\u00dcRK ARIYOR <\/p>\n<p> AB Aral\u0131k 2004 Zirvesi \u00f6ncesinde Avrupa&#39;da &quot;\u00e7at\u0131 dernek&quot; kurma \u00e7al\u0131\u015fmalar\u0131n\u0131 son a\u015famaya getiren ve resmi a\u00e7\u0131l\u0131\u015f i\u00e7in g\u00fcn sayan AKP, dernek y\u00f6netimini ve \u00fcyelerini titizlikle se\u00e7ecek. <\/p>\n<p> Derne\u011fin en yak\u0131n rakibi ise Avrupa Milli G\u00f6r\u00fc\u015f Te\u015fkilat\u0131 Merkezi olacak. Ba\u015fbakan Erdo\u011fan&#39;\u0131n talimat\u0131yla daha \u00f6nce herhangi bir \u00f6rg\u00fctte veya dernekte g\u00f6rev yapm\u0131\u015f ki\u015filer, AKP&#39;nin kurdu\u011fu dernekte g\u00f6rev alamayacak. <\/p>\n<p align=\"center\"> ARAFAT&#39;I FRANSA&#39;YA G\u00d6NDEREN GER\u00c7EKLER <\/p>\n<p> Filistin davas\u0131n sembol ismi Yaser Arafat, tedavi i\u00e7in Fransa&#39;ya gitti\u011finde KKTC Cumhurba\u015fkan\u0131 Rauf Denkta\u015f&#39;\u0131n man\u015fetlere \u00e7\u0131kan bir a\u00e7\u0131klamas\u0131 b\u00fct\u00fcn y\u00fcrekleri burkmu\u015ftu. Denkta\u015f, Arafat&#39;\u0131n birka\u00e7 y\u0131l \u00f6nce kendisine &quot;Sen \u015fansl\u0131s\u0131n, senin g\u00f6m\u00fclecek bir topra\u011f\u0131n var, arkanda T\u00fcrkiye var&quot; dedi\u011fini hat\u0131rlatm\u0131\u015ft\u0131. Bu hat\u0131rlatmayla da kalmam\u0131\u015f ve K\u0131br\u0131s \u00fczerinde oynanan oyunlara da &quot;Bu gidi\u015fle benim de g\u00f6m\u00fclecek topra\u011f\u0131m olmayacak&quot; s\u00f6zleriyle dikkati \u00e7ekmi\u015fti&#8230; <\/p>\n<p> \u00a0\u00a0\u00a0\u00a0\u00a0\u00a0\u00a0\u00a0\u00a0\u00a0\u00a0 \u00c7ok ge\u00e7medi ve Fransa&#39;dan Yaser Arafat&#39;\u0131n \u00f6l\u00fcm haberi geldi&#8230; Ancak Arafat&#39;\u0131n vefat\u0131yla birlikte Ba\u015fkent Kulislerinde de ilgin\u00e7 bir duyum kulaktan kula\u011fa dola\u015fmaya ba\u015flad\u0131&#8230; Duyum ilgin\u00e7 oldu\u011fu kadar da Filistin davas\u0131 i\u00e7in canlar\u0131n\u0131 ortaya koyan b\u00fct\u00fcn \u015fehitlerin kemiklerini s\u0131zlatacak bir duyumdu. <\/p>\n<p> \u00a0\u00a0\u00a0\u00a0\u00a0\u00a0\u00a0\u00a0\u00a0\u00a0\u00a0 Yaser Arafat tedavisini T\u00fcrkiye&#39;de yapt\u0131rmak istemi\u015f, ancak T\u00fcrk yetkililer buna s\u0131cak bakmam\u0131\u015flard\u0131&#8230; Arafat da bu y\u00fczden Fransa&#39;ya gitmek zorunda kalm\u0131\u015ft\u0131. <\/p>\n<p> \u00a0\u00a0\u00a0\u00a0\u00a0\u00a0\u00a0\u00a0\u00a0\u00a0\u00a0 Belki okuyunca siz de &quot;Bu kadar da olur mu&quot; diyorsunuz ama; maalesef s\u00f6ylenenler bir duyumunda \u00f6tesinde sa\u011flam bir bilgi. Konunun \u00fczerine gidip de yapt\u0131\u011f\u0131m\u0131z baz\u0131 g\u00f6r\u00fc\u015fmeler sonucunda g\u00f6rd\u00fck ki, \u00e7ok ilgin\u00e7 geli\u015fmeler olmu\u015f Arafat&#39;\u0131n T\u00fcrkiye iste\u011fi ile ilgili&#8230; Hem Arafat i\u00e7in M\u0131s\u0131r&#39;da d\u00fczenlenen devlet t\u00f6reninde ya\u015fananlar hem de \u015fok edici bu bilgiler i\u00e7in \u015fimdi biraz daha s\u0131k\u0131 durun! <\/p>\n<p> \u00a0\u00a0\u00a0\u00a0\u00a0\u00a0\u00a0\u00a0\u00a0\u00a0\u00a0 Arafat&#39;\u0131n T\u00fcrkiye&#39;de tedavi g\u00f6rmek istemesi \u00fczerine Filistin yetkilileri \u00e7e\u015fitli kanallardan baz\u0131 giri\u015fimlerde bulunmu\u015flar&#8230; Konu bir \u015fekilde B\u00fclent Ecevit&#39;e de aksetmi\u015f ve Ecevit, devlet izni i\u00e7in\u00a0 bu iste\u011fi Cumhurba\u015fkan\u0131 Sezer&#39;e iletmi\u015f. Sezer de h\u00fck\u00fcmete ve di\u011fer yetkili devlet organlar\u0131na&#8230; Ancak T\u00fcrkiye&#39;den beklenen s\u0131cak tav\u0131r g\u00f6r\u00fclmeyince Arafat, Fransa&#39;ya g\u00f6t\u00fcr\u00fclmek zorunda kal\u0131nm\u0131\u015f&#8230; Bu konu Ramazan bayram\u0131ndaki siyasi partiler aras\u0131ndaki bayramla\u015fmalarda da DSP&#39;li y\u00f6neticilerce g\u00fcndeme getirilmi\u015f&#8230; Tabi bu bilgi sadece DSP&#39;den s\u0131zan bilgilerden ibaret de\u011fil&#8230; Ba\u015fbakanl\u0131\u011fa yak\u0131n \u00e7evreler de bu geli\u015fmeleri do\u011fruluyor.. <\/p>\n<p> \u00a0\u00a0\u00a0\u00a0\u00a0\u00a0\u00a0\u00a0\u00a0\u00a0\u00a0 \u015eimdi par\u00e7alar\u0131 tamamlayal\u0131m: <\/p>\n<ul>\n<li>&#8211; \u00d6nce Denkta\u015f&#39;\u0131n a\u00e7\u0131klamalar\u0131 man\u015fetlere \u00e7\u0131kt\u0131: &quot;Arafat bana &#8216;Sen \u015fansl\u0131s\u0131n, senin g\u00f6m\u00fclecek bir topra\u011f\u0131n var, arkanda T\u00fcrkiye var&quot;. Bu s\u00f6zler Arafat&#39;\u0131n T\u00fcrkiye&#39;ye olan sevgisini ve g\u00fcvenini de ortaya koyuyor&#8230;<\/li>\n<li>&#8211; Filistin Ankara B\u00fcy\u00fckel\u00e7isi Fuad Yasin&#39;in M\u0131s\u0131r&#39;daki devlet t\u00f6renine kat\u0131lamay\u0131\u015f\u0131 da baz\u0131 ipu\u00e7lar\u0131 veriyor. Malum Fuad Yasin&#39;in Ba\u015fbakan Erdo\u011fan D\u0131\u015fi\u015fleri bakan\u0131 Abdullah G\u00fcl ve CHP genel Ba\u015fkan\u0131 Deniz Baykal&#39;\u0131 M\u0131s\u0131r&#39;a g\u00f6t\u00fcren Ba\u015fbakanl\u0131k&#39;a ait Ata u\u00e7a\u011f\u0131na binemeyi\u015fi \u00e7ok\u00e7a tart\u0131\u015f\u0131ld\u0131. Bir iddiaya g\u00f6re B\u00fcy\u00fckel\u00e7i davet edilmedi. G\u00fc\u00e7l\u00fc olan bir di\u011fer iddiaya g\u00f6re de Arafat&#39;\u0131n tedavisi i\u00e7in T\u00fcrkiye&#39;nin kap\u0131lar\u0131 a\u00e7\u0131lmad\u0131\u011f\u0131ndan B\u00fcy\u00fckel\u00e7i, Ata u\u00e7a\u011f\u0131na binmedi&#8230;<\/li>\n<li>&#8211; Sonra M\u0131s\u0131r&#39;daki devlet t\u00f6reninde ya\u015fanana geli\u015fmeler. M\u0131s\u0131r, &quot;T\u00fcrkiye&#39;yi temsilen ancak \u00fc\u00e7 Ki\u015fi gelebilir&quot; dedi. Erdo\u011fan, G\u00fcl ve Baykal gitti. Ancak t\u00f6renin yap\u0131laca\u011f\u0131 protokol \u00e7ad\u0131r\u0131nda tayip Bey&#39;in y\u00fcz\u00fcne kimse bakmazken, G\u00fcl ve Baykal ise ayakta kald\u0131. Devlet temsilcilerinin i\u015ftirak etti\u011fi kortejin bir b\u00f6l\u00fcm\u00fcnde her \u00fc\u00e7\u00fc de arkalarda b\u0131rak\u0131ld\u0131, bir b\u00f6l\u00fcm\u00fcnde ise hi\u00e7 bulunmad\u0131lar&#8230;.<\/li>\n<\/ul>\n<p> \u00a0\u00a0\u00a0\u00a0\u00a0\u00a0\u00a0\u00a0\u00a0\u00a0\u00a0  <\/p>\n<p align=\"center\"> K\u0130L\u0130SELERDEN SONRA \u015e\u0130MD\u0130 <\/p>\n<p align=\"center\"> \u00a0BAR &#8211; PAVYON A\u00c7MAK KOLAYLA\u015eTIRILIYOR. <\/p>\n<p> \u00a0\u00a0\u00a0\u00a0\u00a0\u00a0\u00a0\u00a0\u00a0\u00a0\u00a0 Dinlenme ve e\u011flence yerleri i\u00e7in belediye s\u0131n\u0131rlar\u0131 i\u00e7inde belediyeden, belediye s\u0131n\u0131rlar\u0131 d\u0131\u015f\u0131nda \u0130l \u00d6zel \u0130darelerinden ruhsat al\u0131nacak. <\/p>\n<p> \u00a0\u00a0\u00a0\u00a0\u00a0\u00a0\u00a0\u00a0\u00a0\u00a0\u00a0 Otel, gazino, kahve, bar, tiyatro, sinema, hamam, pavyon, meyhane, birahane ve plaj gibi istirahat ve e\u011flence yerleri i\u00e7in ruhsatlar, belediye s\u0131n\u0131rlar\u0131 i\u00e7inde belediyeden, belediye s\u0131n\u0131rlar\u0131 d\u0131\u015f\u0131nda ise il \u00f6zel idarelerinden al\u0131nacak. Polis vazife ve Salahiyet Kanunu ile baz\u0131 yasalarda de\u011fi\u015fiklik yapan yasa tasar\u0131s\u0131, TBMM Genel Kurulu&#39;nda AKP ve CHP milletvekillerinin ortak \u00f6nergeleri do\u011frultusunda de\u011fi\u015ftirilerek kabul edildi. <\/p>\n<p> \u00a0\u00a0\u00a0\u00a0\u00a0\u00a0\u00a0\u00a0\u00a0\u00a0\u00a0 Yasa &quot;umuma a\u00e7\u0131k&quot; dinlenme ve e\u011flence yerlerinin a\u00e7\u0131lmas\u0131nda m\u00fclki amirden izin alma ko\u015fulunu ortadan kald\u0131r\u0131yor. Bu t\u00fcr i\u015fyerleri belediye s\u0131n\u0131rlar\u0131 i\u00e7inde sadece belediyelerden izin al\u0131narak a\u00e7\u0131labilecek. Belediye s\u0131n\u0131rlar\u0131 d\u0131\u015f\u0131nda a\u00e7\u0131lacak bu t\u00fcr i\u015fyerleri i\u00e7in ise il \u00f6zel idarelerinden ruhsat al\u0131nacak. Kolluk kuvvetlerinin etkin denetimini \u00f6ng\u00f6ren yasa, kapatma cezalar\u0131 yerine idari para cezalar\u0131n\u0131n verilmesini h\u00fckme ba\u011fl\u0131yor. <\/p>\n<p align=\"center\"> \u00c7OCUKLARINA \u00c7\u0130KOLATA, BABALARI DI\u015eARIYA <\/p>\n<p> \u00a0\u00a0\u00a0\u00a0\u00a0\u00a0\u00a0\u00a0\u00a0\u00a0\u00a0 Erdo\u011fan ailesi \u00dclker Grubu&#39;nun en \u00f6nemli da\u011f\u0131t\u0131m firmalar\u0131na sahip. Ba\u015fbakan Erdo\u011fan&#39;\u0131n da orta\u011f\u0131 oldu\u011fu Emniyet G\u0131da, \u00dclker&#39;in s\u00fct \u00fcr\u00fcnlerinin, \u0130hsan G\u0131da ise bisk\u00fcvi ve \u00e7ikolata \u00fcr\u00fcnlerinin da\u011f\u0131t\u0131c\u0131s\u0131. Bu iki \u015firkete ilaveten Aral\u0131k 2003&#39;te \u00dclker ile \u00fc\u00e7\u00fcnc\u00fc bir \u015firket kuruldu. Yenido\u011fan G\u0131da Pazarlama A.\u015e. Sabri \u00dclker&#39;in damad\u0131 Orhan \u00d6zkorur&#39;un karde\u015fi Atilla \u00d6zkorur ile birlikte. Yeni \u015firkette yine \u00dclker&#39;in Cola Turka&#39;s\u0131n\u0131n da\u011f\u0131t\u0131c\u0131l\u0131\u011f\u0131n\u0131 \u00fcstlendi. Ba\u015fbakan Erdo\u011fan y\u00fczde 12, karde\u015fi Mustafa Erdo\u011fan ise y\u00fczde 9 hisse ile \u015firket orta\u011f\u0131 oldu. <\/p>\n<p> \u00a0\u00a0\u00a0\u00a0\u00a0\u00a0\u00a0\u00a0\u00a0\u00a0\u00a0 Biliyorsunuz Ba\u015fbakan Erdo\u011fan, cebinde \u00dclker\u00a0 markal\u0131 gofret ve bisk\u00fcvileri eksik etmiyor. Her eve giri\u015f \u00e7\u0131k\u0131\u015f\u0131nda mahalledeki \u00e7ocuklara da\u011f\u0131t\u0131p onlar\u0131 sevindiriyor. <\/p>\n<p> \u00a0\u00a0\u00a0\u00a0\u00a0\u00a0\u00a0\u00a0\u00a0\u00a0\u00a0 \u00dclker \u00e7al\u0131\u015fanlar\u0131 Bayram d\u00f6n\u00fc\u015f\u00fc ac\u0131 bir s\u00fcrprizle kar\u015f\u0131la\u015ft\u0131. \u00dclker&#39;in Ankara&#39;daki i\u015f\u00e7ilerinden 400&#39;den fazlas\u0131 i\u015ften \u00e7\u0131kar\u0131ld\u0131. Bize gelen rakam 478. Bu Ankara&#39;daki \u00dclker \u00e7al\u0131\u015fanlar\u0131n\u0131n %80&#39;i demek. <\/p>\n<p> \u00a0\u00a0\u00a0\u00a0\u00a0\u00a0\u00a0\u00a0\u00a0\u00a0\u00a0 Her g\u00fcn ekonominin iyiye gitti\u011fi s\u00f6ylenen bir \u00fclkede \u00dclker gibi bir firma bir kalemde y\u00fczlerce i\u015f\u00e7iyi \u00e7\u0131kar\u0131yorsa di\u011ferlerinin hali nicedir. <\/p>\n<p> \u00a0\u00a0\u00a0\u00a0\u00a0\u00a0\u00a0\u00a0\u00a0\u00a0\u00a0 Yok e\u011fer b\u00f6yle de\u011filse, Ba\u015fbakan devreye girmeli ve bayram\u0131n mutlulu\u011fu kursa\u011f\u0131nda kalan bu insanlar\u0131n sorunun \u00e7\u00f6zmeli. <\/p>\n<p> \u00a0\u00a0\u00a0\u00a0\u00a0\u00a0\u00a0\u00a0\u00a0\u00a0\u00a0 \u00c7\u00fcnk\u00fc i\u015ften \u00e7\u0131kar\u0131lanlardan birisi, Ba\u015fbakan&#39;\u0131n \u00dclker bisk\u00fcvilerinden ikram etti\u011fi \u00e7ocuklardan birinin babas\u0131 olabilir. <\/p>\n<p align=\"center\"> AKP&#39;L\u0130LER B\u0130ZANS&#39;IN \u00c7OCUKLARI MI ? <\/p>\n<p> Chirac do\u011fruyu s\u00f6yl\u00fcyor. &quot;Biz, Bizans&#39;\u0131n \u00e7ocuklar\u0131y\u0131z&quot; derken, bir ger\u00e7e\u011fe i\u015faret ediyor. Avrupa&#39;n\u0131n b\u00fcy\u00fck b\u00f6l\u00fcm\u00fc Chirac&#39;\u0131n dedi\u011fi gibi d\u00fc\u015f\u00fcn\u00fcyor. Avrupal\u0131lar, kendilerini Bizans&#39;\u0131n miras\u00e7\u0131s\u0131 olarak g\u00f6r\u00fcyorlar. \u0130\u015fte bu y\u00fczden de T\u00fcrkiye&#39;ye tepki duyuyorlar. Bizden bunun i\u00e7in rahats\u0131zlar. Bizi i\u00e7lerinde istememeleri, &quot;Bizans&#39;\u0131n \u00e7ocuklar\u0131&quot; olmalar\u0131ndan kaynaklan\u0131yor. \u00c7\u00fcnk\u00fc, biz, &quot;Bizansl\u0131 de\u011filiz. Biz, Bizans&#39;\u0131 y\u0131kan, bir \u00e7a\u011f\u0131 kapay\u0131p yeni bir \u00e7a\u011f a\u00e7an Fatih Sultan Mehmet&#39;in torunlar\u0131y\u0131z&#8230; <\/p>\n<p> Ama Chirac, Recep T.Erdo\u011fan ve Abdullah G\u00fcl AKP&#39;sini ve AB&#39;ci masonik ekibi kastederek \u015funlar\u0131 s\u00f6yl\u00fcyor: <\/p>\n<p> &quot;Biz, hepimiz, Bizans&#39;\u0131n \u00e7ocuklar\u0131y\u0131z!&quot; <\/p>\n<p> AKP&#39;lilerin &quot;Hay\u0131r&quot;, biz Sultan Fatih&#39;in torunlar\u0131y\u0131z&quot; diye, Chirac&#39;\u0131 d\u00fczeltme ve tekzip etme haklar\u0131n\u0131 niye kullanmad\u0131klar\u0131n\u0131 merak ediyoruz. <\/p>\n<p align=\"center\"> MUSTAFA KEMAL&#39;DEN, MUSTAFA SARIG\u00dcL&#39;E <\/p>\n<p> \u015ei\u015fli CHP&#39;li Belediye Ba\u015fkan\u0131 ve Siyonist Amerikan\u0131n yeni CHP Genel Ba\u015fkan aday\u0131 Mustafa Sar\u0131g\u00fcl&#39;\u00fcn trilyonlarca r\u00fc\u015fvet ald\u0131\u011f\u0131n\u0131, CHP Genel Merkez Ara\u015ft\u0131rma Komisyonu hem de belgelere dayanarak a\u00e7\u0131kl\u0131yor. <\/p>\n<p> Ama, Mustafa Kemal&#39;in &quot;D\u0131\u015f g\u00fc\u00e7lerin g\u00fcd\u00fcm\u00fcndeki h\u0131yanet merkezleri&quot; oldu\u011fu gerek\u00e7esiyle kapatt\u0131\u011f\u0131 Masonlar\u0131n destekledi\u011fi Mustafa Sar\u0131g\u00fcl, hakk\u0131ndaki yolsuzluk ve h\u0131rs\u0131zl\u0131k iddialar\u0131na cevap verece\u011fine, polemik yap\u0131yor ve &quot;Benim yerimde Atat\u00fcrk olsayd\u0131, Deniz Baykal ekibi O&#39;na da disiplin soru\u015fturmas\u0131 a\u00e7ard\u0131&quot; diyerek, Atat\u00fcrk istismar\u0131na s\u0131\u011f\u0131n\u0131yor.  <\/p>\n<p> Sn. Bay Mustafa Sar\u0131g\u00fcl&#8230;  <\/p>\n<p> Parti i\u00e7i hesapla\u015fman\u0131z bizi pek ilgilendirmiyor. Ancak \u015fu kadar\u0131n\u0131 s\u00f6yleyelim ki: <\/p>\n<ul>\n<li>1. Atat\u00fcrk asla r\u00fc\u015fvet al\u0131p yolsuzlu\u011fa bula\u015fmad\u0131.<\/li>\n<li>2. Atat\u00fcrk, k\u00f6k\u00fc d\u0131\u015far\u0131da olan Masonlar\u0131n oyunca\u011f\u0131 olmazd\u0131.<\/li>\n<\/ul>\n<p align=\"center\"> ABD, CHP&#39;YE SARIG\u00dcL&#39;\u00dc SORMU\u015e? <\/p>\n<p> ABD, CHP&#39;den kesin ihra\u00e7 istemi ile Y\u00fcksek Disiplin Kurulu&#39;na (YDK) sevk edilen ve son g\u00fcnlerdeki mitingleri ile dikkat \u00e7eken \u015ei\u015fli Belediye Ba\u015fkan\u0131 Mustafa Sar\u0131g\u00fcl hakk\u0131nda bilgi istedi. <\/p>\n<p> CHP Genel Sekreteri Sinan Yerlikaya, yapt\u0131\u011f\u0131 a\u00e7\u0131klamada, &quot;ABD El\u00e7ili\u011fi&#39;nden geldiler. Sar\u0131g\u00fcl&#39;\u00fc sordular&quot; dedi. Onlara Sar\u0131g\u00fcl&#39;den bir \u015fey olmayaca\u011f\u0131n\u0131 s\u00f6yledi\u011fini aktaran Yerlikaya, son g\u00fcnlerde ya\u015fananlar\u0131n bir komplonun par\u00e7as\u0131 oldu\u011funu savundu. As\u0131l hedefin Genel Ba\u015fkan Deniz Baykal&#39;\u0131n y\u0131prat\u0131lmas\u0131 oldu\u011funu iddia eden Yerlikaya, &quot;Zaman\u0131 geldi\u011finde Sar\u0131g\u00fcl&#39;e de &#8216;Sen orda kal&#39; diyecekler&quot; \u015feklinde konu\u015ftu. <\/p>\n<p align=\"center\"> BU Z\u0130YARETE D\u0130KKAT ! <\/p>\n<p> \u0130srail Hava Kuvvetleri Komutan\u0131 T\u00fcmgeneral Elizer Shkedy, Hava Kuvvetleri Komutan\u0131 Orgeneral \u0130brahim F\u0131rt\u0131na&#39;n\u0131n resmi konu\u011fu olarak 7-9 Kas\u0131m tarihlerinde T\u00fcrkiye&#39;de bulunacakt\u0131. Gelip gitti\u011fini ve ne haltlar etti\u011fini kimse duymad\u0131. <\/p>\n<p> Ey Millet siz g\u00f6r\u00fcnen zevzekliklere ve s\u00f6ylenen gevezeliklere bakmay\u0131n!&#8230; <\/p>\n<p> Perde arkas\u0131nda T\u00fcrkiye&#39;yi kimlerin kendi hesab\u0131na kullan\u0131p k\u0131\u015fk\u0131rtt\u0131\u011f\u0131n\u0131 anlamaya \u00e7al\u0131\u015f\u0131n !&#8230; <\/p>\n<p align=\"center\"> EGEMENL\u0130\u011e\u0130 DEVREDEN DEVLETL\u0130LER <\/p>\n<p> B\u00fclent Ar\u0131n\u00e7; &quot;Egemenlik devri ay\u0131p de\u011fildir&quot; buyurmu\u015f!&#8230; <\/p>\n<p> \u00d6yle ise 23 Nisan&#39;da kutlad\u0131\u011f\u0131n\u0131z Milli Egemenlik Bayram\u0131&#39;n\u0131 da kald\u0131r\u0131n. <\/p>\n<p> Hatta T\u00fcrkiye Millet Meclisi&#39;nde bulunmay\u0131n!  <\/p>\n<p> Hakimiyet kay\u0131ts\u0131z \u015farts\u0131z milletindir yaz\u0131s\u0131n\u0131 asmay\u0131n! <\/p>\n<p> \u00d6zellikle Meclis ba\u015fkan\u0131n olmay\u0131n! Egemenli\u011fi devredilmi\u015f bri meclisin ba\u015fkan\u0131 m\u0131 olurmu\u015f? <\/p>\n<p> Hele 23 Nisan sabah\u0131, ekranlarda, Meclis&#39;teki \u00e7ocuk temsilcilerine g\u00fcl\u00fcc\u00fckler ya\u011fd\u0131r\u0131p ba\u011f\u0131ms\u0131z bir meclis ba\u015fkan\u0131 rol\u00fc oynamay\u0131n!. <\/p>\n<p align=\"center\"> KURTLAR VAD\u0130S\u0130NDEN AHLAK DERS\u0130! <\/p>\n<p> \u00a0\u00a0\u00a0\u00a0\u00a0\u00a0\u00a0\u00a0\u00a0\u00a0\u00a0 Nefsi hevas\u0131n\u0131 ilahla\u015ft\u0131r\u0131p &quot;devlet&quot; ad\u0131na katliam infazlar\u0131 yapan bir s\u00fcr\u00fc &quot;K\u00fc\u00e7\u00fck tar\u0131&quot;n\u0131n b\u00fcy\u00fck hesapla\u015fma(!) hikayesi olan Kurtlar Vadisinde K\u0131l\u0131\u00e7 Can Polat&#39;a ak\u0131l ve ahlak dersi veriyor: <\/p>\n<p> &quot;- Alkapon (Me\u015fhur gangaster) \u015f\u00f6yle demi\u015f: <\/p>\n<p> &quot;Ben her gece bana bir bisiklet vermesi i\u00e7in tanr\u0131ya yalvard\u0131m, hi\u00e7bir \u015fey \u00e7\u0131kmad\u0131&#8230; <\/p>\n<p> Sonra gidip kendim bir bisiklet \u00e7ald\u0131m. Ard\u0131ndan beni affetmesi i\u00e7in her gece tanr\u0131ya yalvard\u0131m.&quot; <\/p>\n<p> \u0130\u015fte, Tanr\u0131n\u0131n \u00e7al\u0131\u015fma y\u00f6ntemi b\u00f6yledir..!&quot; <\/p>\n<p> (Bize hep, \u0130zmir Suikast\u0131na kar\u0131\u015ft\u0131\u011f\u0131 i\u00e7in Atat\u00fcrk taraf\u0131ndan as\u0131lan, Selanik Yahudisi ve eski \u0130stanbul valisi \u0130smail Canbulad&#39;\u0131 hat\u0131rlatan) Polat ise; &quot;aynen buyurdu\u011funuz gibi&quot; anlam\u0131nda s\u00fckunetini tasdik ediyor&#8230; <\/p>\n<p> \u0130\u015fte Kurtlar vadisinin ahlak\u0131&#8230; <\/p>\n<p> H\u0131rs\u0131zl\u0131k, ka\u00e7ak\u00e7\u0131l\u0131k yap&#8230; <\/p>\n<p> Uyu\u015fturucu ve kad\u0131n sat&#8230; <\/p>\n<p> Vur, k\u0131r, \u00f6ld\u00fcr!&#8230; <\/p>\n<p> Sonra tevbe et!.. <\/p>\n<p align=\"center\"> AJAN ARANIYOR! <\/p>\n<p> Suriye, \u0130ran ve T\u00fcrkiye&#39;ye sald\u0131r\u0131 haz\u0131rl\u0131\u011f\u0131 m\u0131 ? Yeni CIA Ba\u015fkan\u0131 Siyonist taraf\u0131ndan T\u00fcrk\u00e7e, Fars\u00e7a ve Arabca bilen ajan aran\u0131yor! <\/p>\n<p> CIA&#39;n\u0131n Likud\u00e7u yeni ba\u015fkan\u0131 Porter Goss gazetelere ilan vererek &#8216;ajan&#39; arand\u0131\u011f\u0131n\u0131 s\u00f6yl\u00fcyor. G\u00f6revlendirilecek ajanlarda ise \u00f6ncelik olarak Arap\u00e7a, Fars\u00e7a ve T\u00fcrk\u00e7e bilme \u015fart\u0131 aran\u0131yor.. Anla\u015f\u0131lan Goss \u015fimdi Arap \u00fclkelerinde, T\u00fcrkiye&#39;de ve \u0130ran&#39;daki g\u00f6n\u00fcll\u00fc ya da g\u00f6revli ajanlar\u0131ndan yeteri kadar memnun de\u011fil. <\/p>\n<p align=\"center\"> AIRBUS R\u00dc\u015eVET\u0130 BO\u015eA G\u0130TT\u0130 <\/p>\n<p> Alman Die Welt gazetesi: &quot;Chirac, T\u00fcrkiye&#39;nin kabul\u00fc fikrinden uzakla\u015f\u0131yor&quot; <\/p>\n<p> Avusturya ve Fransa&#39;n\u0131n bundan 5 y\u0131l \u00f6nce de, T\u00fcrkiye&#39;nin \u00fcyeli\u011fine destek verme karar\u0131 alanlar aras\u0131nda oldu\u011funu hat\u0131rlatan Avrupa bas\u0131n\u0131, &quot;\u015eimdi ise i\u015fler de\u011fi\u015fti, T\u00fcrkiye&#39;nin kabul\u00fcne ili\u015fkin m\u00fczakerelere az zaman kalm\u0131\u015fken, baz\u0131 \u00fclkeler gibi onlar da ba\u015flang\u0131\u00e7taki cesaretlerini kaybedip geri ad\u0131m atmaya \u00e7al\u0131\u015f\u0131yor&quot; \u015feklinde yorumda bulunuyor. <\/p>\n<p> Hat\u0131rlanaca\u011f\u0131 gibi THY i\u00e7in al\u0131nacak Airbus u\u00e7aklar\u0131, Chirac&#39;\u0131n \u015firketleri kazans\u0131n diye, kar\u015f\u0131l\u0131\u011f\u0131nda Ab \u00fcyeli\u011fimizi desteklesin diye ve olduk\u00e7a pahal\u0131 olmas\u0131na ra\u011fmen kabul edilmi\u015fti. <\/p>\n<p align=\"center\"> MAH\u0130R KAYNAK&#39;IN MAHARETLER\u0130! <\/p>\n<p> ABD askerlerinin Irak&#39;ta sivil halka ve yaral\u0131lara kar\u015f\u0131 olumsuz davran\u0131\u015flar\u0131n\u0131n zulme varan uygulamalar\u0131n\u0131n, \u00fcstelik bunlar\u0131n herhangi bir denetimden ge\u00e7meden kamuoyuna yans\u0131t\u0131lmas\u0131n\u0131n ABD i\u00e7indeki bir i\u00e7 \u00e7eki\u015fmeye ba\u011fl\u0131 olabilece\u011fini d\u00fc\u015f\u00fcn\u00fcyorum. Ama daha geni\u015f bir a\u00e7\u0131dan bak\u0131ld\u0131\u011f\u0131nda yan\u0131lm\u0131\u015f olabilirim ve bunlar bilin\u00e7li bir politikan\u0131n \u00fcr\u00fcn\u00fc olarak de\u011ferlendirilebilir.  <\/p>\n<p> \u00a0\u00a0\u00a0\u00a0\u00a0\u00a0\u00a0\u00a0\u00a0\u00a0\u00a0 Daha \u00f6nemlisi uygulanan her t\u00fcrl\u00fc \u015fiddet insana de\u011fil M\u00fcsl\u00fcman&#39;a kar\u015f\u0131 yap\u0131lm\u0131\u015f olarak alg\u0131lan\u0131yor ve belli bir umursamazl\u0131k seziliyor. Yani insani kimlik yerini dini kimli\u011fe b\u0131rak\u0131yor ve bu, olu\u015facak tepkileri yumu\u015fat\u0131yor.(Mahir Kaynak &#8211; Star &#8211; 28 KASIM 2004) <\/p>\n<p> Evet, Sn. mahir Kaynak Iraktaki ABD i\u015fgalini, Siyonist vah\u015fetleri ve canavarlar\u0131 bile tiksindiren deh\u015fetleri: &quot;olumsuz davran\u0131\u015f&quot; &quot;zulme varan uygulama&quot; &quot;insana de\u011fil, M\u00fcsl\u00fcmana kar\u015f\u0131 \u015fiddet&quot; gibi hafifletici ve mazur g\u00f6sterici yumu\u015fak jelatinlere sarmakta, olduk\u00e7a maharetli&#8230; K\u0131nama perdesi alt\u0131nda, zulme k\u0131l\u0131f ge\u00e7iriyor!&#8230; <\/p>\n<p> \u00a0\u00a0\u00a0\u00a0\u00a0\u00a0\u00a0\u00a0\u00a0\u00a0\u00a0 Yani, &quot;Bu Amerikal\u0131lar ve ortaklar\u0131 ba\u015fka insanlara b\u00f6yle barbar davranmazlar ama 12 Eyl\u00fcl sald\u0131r\u0131lar\u0131 y\u00fcz\u00fcnden ve avenjelik \u00f6\u011fretilerden dolay\u0131 M\u00fcsl\u00fcmanlara kar\u015f\u0131 nefretle doldurulduklar\u0131ndan b\u00f6yle yap\u0131yorlar&quot; demeye getiriyor! <\/p>\n<p align=\"center\"> TV-5&#39;\u0130 BABALARININ BAH\u00c7ES\u0130 G\u0130B\u0130 KULLANANLARIN KAB\u0130L\u0130YET\u0130 <\/p>\n<p> \u00a0\u00a0\u00a0\u00a0\u00a0\u00a0\u00a0\u00a0\u00a0\u00a0\u00a0 7 Aral\u0131k ak\u015fam\u0131 TV-5 Ankara&#39;dan konuk edilen eski adalet bakan\u0131na, Vakit yazar\u0131 ve TV.5 programc\u0131s\u0131 M.Emin Kazc\u0131 soruyor: <\/p>\n<p> \u00a0\u00a0\u00a0\u00a0\u00a0\u00a0\u00a0\u00a0\u00a0\u00a0\u00a0 &#8211; Adalet Bakan\u0131 iken, kendisine kar\u015f\u0131 y\u00fcr\u00fct\u00fclen y\u0131k\u0131c\u0131 ve y\u0131prat\u0131c\u0131 kampanyaya kar\u015f\u0131, Milli G\u00f6r\u00fc\u015f\u00e7\u00fc kurulu\u015flar\u0131n temsilcileri, destek amac\u0131yla Bakanl\u0131k odas\u0131na ziyarete gidip, orada askerleri hedef alan bir bildiri okumaya kalk\u0131\u015f\u0131nca onlar\u0131 niye susturdu\u011funuzu ve odan\u0131zdan kovdu\u011funuzu hala merak ediyoruz!? <\/p>\n<p> \u00a0\u00a0\u00a0\u00a0\u00a0\u00a0\u00a0\u00a0\u00a0\u00a0\u00a0 Eski Bakan\u0131n Bahanesi: Milli G\u00f6r\u00fc\u015f\u00e7\u00fc kurulu\u015flar\u0131m\u0131z\u0131 ve bakanl\u0131\u011f\u0131m\u0131z\u0131 s\u0131k\u0131nt\u0131ya sokmamak i\u00e7inmi\u015f !&#8230; <\/p>\n<p> \u00a0\u00a0\u00a0\u00a0\u00a0\u00a0\u00a0\u00a0\u00a0\u00a0\u00a0 Peki o zaman, Sincanc\u0131lar\u0131 hem de Bakan olarak ziyarete gitmenin ve daha \u00f6nce Sivas san\u0131klar\u0131n\u0131n avukatl\u0131\u011f\u0131n\u0131 \u00fcstlenmenin, Erbakan Hoca&#39;n\u0131n ba\u015f\u0131na dert a\u00e7aca\u011f\u0131n\u0131 niye d\u00fc\u015f\u00fcnmemi\u015f?&#8230; <\/p>\n<p> \u00a0\u00a0\u00a0\u00a0\u00a0\u00a0\u00a0\u00a0\u00a0\u00a0\u00a0 M.Emin Kazc\u0131 \u00e7ok \u00f6nemli bir soru daha y\u00f6neltiyor, ama maalesef eski bakan buna cevap veremiyor. <\/p>\n<p> \u00a0\u00a0\u00a0\u00a0\u00a0\u00a0\u00a0\u00a0\u00a0\u00a0\u00a0 &#8211; Halk\u0131m\u0131zda olu\u015fan: &quot;Hay\u0131rl\u0131 ve ba\u015far\u0131l\u0131 i\u015fler yapsalar da Milli G\u00f6r\u00fc\u015fe malum g\u00fc\u00e7ler f\u0131rsat ve imkan tan\u0131m\u0131yorlar&#8230; <\/p>\n<p> \u00a0\u00a0\u00a0\u00a0\u00a0\u00a0\u00a0\u00a0\u00a0\u00a0\u00a0 Verdi\u011fimiz oylar da bo\u015fa gidiyor. \u00d6yle ise tekrar niye oy verip ayn\u0131 \u00fcz\u00fcc\u00fc senaryolar\u0131 ya\u015fayal\u0131m? Endi\u015felerine olumlu ve doyurucu bir cevab\u0131n\u0131z var m\u0131? <\/p>\n<p> \u00a0\u00a0\u00a0\u00a0\u00a0\u00a0\u00a0\u00a0\u00a0\u00a0\u00a0 Bu handikab\u0131 a\u015fabilecek tedbirler al\u0131nd\u0131 m\u0131 ? <\/p>\n<p> \u00a0\u00a0\u00a0\u00a0\u00a0\u00a0\u00a0\u00a0\u00a0\u00a0\u00a0 Eski bakan: Refah-Yol \u00e7ok ba\u015far\u0131l\u0131yd\u0131&#8230; Halk\u0131n her kesimi memnun kalm\u0131\u015ft\u0131. Baz\u0131 g\u00fc\u00e7 odaklar\u0131, malum suni krizleri tezgahlad\u0131.. <\/p>\n<p> \u00a0\u00a0\u00a0\u00a0\u00a0\u00a0\u00a0\u00a0\u00a0\u00a0\u00a0 M.Emin Kazc\u0131: <\/p>\n<p> \u00a0\u00a0\u00a0\u00a0\u00a0\u00a0\u00a0\u00a0\u00a0\u00a0\u00a0 &#8211; Efendim, i\u015fte biz de bunu merak ediyoruz&#8230; Bu g\u00fc\u00e7 odaklar\u0131 hala yerinde durdu\u011funa g\u00f6re, siz tekrar iktidara gelirseniz yine ayn\u0131 kaos ve k\u0131\u015fk\u0131rtmalar ya\u015fanmayacak m\u0131 ? <\/p>\n<p> \u00a0\u00a0\u00a0\u00a0\u00a0\u00a0\u00a0\u00a0\u00a0\u00a0\u00a0 Eski bakan: <\/p>\n<ul>\n<li>&#8211; \u015eu anda bile halk\u0131m\u0131z hala Refah-Yol d\u00f6nemini ar\u0131yor. Ve hele AKP gibi tek ba\u015f\u0131na iktidar olsak, art\u0131k hesap edin daha neler yapar\u0131z!&#8230;<\/li>\n<\/ul>\n<p align=\"center\"> YOK \u00d6YLE B\u0130R \u015eEY! <\/p>\n<p> \u00a0\u00a0\u00a0\u00a0\u00a0\u00a0\u00a0\u00a0\u00a0\u00a0\u00a0 Genel Kurmay Ba\u015fkan\u0131 \u00d6zk\u00f6k&#39;ten \u0130ncirlik iddias\u0131na cevap: <\/p>\n<p> &quot;Yok \u00f6yle bir \u015fey&quot; <\/p>\n<p> Genel Kurmay Ba\u015fkan\u0131 Orgeneral Hilmi \u00d6zk\u00f6k, Felluce&#39;ye ABD taraf\u0131ndan yap\u0131lan sald\u0131r\u0131larda \u0130ncirlik&#39;ten kalkan u\u00e7aklar\u0131n kullan\u0131ld\u0131\u011f\u0131na dair iddialar\u0131 yalanlad\u0131. \u00d6zk\u00f6k, &quot;Yok \u00f6yle bir \u015fey, nereden \u00e7\u0131kar\u0131yorsunuz bilemiyorum&quot; demekle yetindi. <\/p>\n<p> Ama biz, art\u0131k bu s\u00f6zlerle yetinmiyoruz&#8230; \u00c7\u00fcnk\u00fc \u0130ncirlik de olup bitenlerden ne iktidar\u0131n ne de Genel Kurmay\u0131n haberdar oldu\u011funa inanm\u0131yoruz&#8230; <\/p>\n<p> Bu tav\u0131r; Sevr&#39;ci AB&#39;cilerin \u00e7ok ho\u015funa giden &quot;Sivilerin emrindeki asker&quot; dayatmas\u0131na g\u00fczel bir uyum sergiliyor, o kadar! <\/p>\n<p align=\"center\"> BUSH \u0130RAN&#39;A SALDIRACAK! <\/p>\n<p> \u0130stifa eden Colin Powell: Bush \u0130ran&#39;a sald\u0131racak! <\/p>\n<p> Bakanl\u0131k g\u00f6revinden Cuma g\u00fcn\u00fc istifa eden Powell, Senato&#39;dan onay al\u0131r almaz ABD&#39;nin yeni D\u0131\u015fi\u015fleri Bakan\u0131 olacak ABD Ba\u015fkan\u0131&#39;n\u0131n ulusal g\u00fcvenlik ba\u015fdan\u0131\u015fman\u0131 Condoleezza Rice ve Ba\u015fkan Bush&#39;un ikinci d\u00f6nemi i\u00e7in \u0130ran&#39;\u0131n \u00f6ncelikli konu olaca\u011f\u0131n\u0131 s\u00f6yledi. <\/p>\n<p> Washington Post gazetesine konu\u015fan Carnegie Endowment adl\u0131 d\u00fc\u015f\u00fcnce kurulu\u015funun uzman\u0131 Joseph Crincione, Powell&#39;\u0131n s\u00f6zlerinin, \u0130ran&#39;\u0131n, n\u00fckleer sava\u015f ba\u015fl\u0131\u011f\u0131n\u0131 bir balistik f\u00fczeye takabilecek boyutta k\u00fc\u00e7\u00fcltt\u00fc\u011f\u00fcn\u00fc anlam\u0131na geldi\u011fini kaydetti. Crincione, bunun \u00e7ok zor bir teknoloji oldu\u011funu da belirtti. <\/p>\n<p> Merkezi Avusturya&#39;n\u0131un ba\u015fkenti Viyana&#39;da bulunan BM&#39;ye ba\u011fl\u0131 Uluslar aras\u0131 Atom Enerjisi Ajans\u0131 (UAEA), bu hafta yapt\u0131\u011f\u0131 a\u00e7\u0131klamada \u0130ran&#39;\u0131n silahlarla ilgili \u00e7al\u0131\u015fmas\u0131 y\u00f6n\u00fcnde hi\u00e7bir bilginin bulunmad\u0131\u011f\u0131n\u0131 kaydetmi\u015fti. <\/p>\n<p> UAEA&#39;n\u0131n M\u0131s\u0131rl\u0131 Ba\u015fkan\u0131 Muhammed El Baradey, bu hafta a\u00e7\u0131klanan 32 sayfal\u0131k raporda, \u0130ran&#39;\u0131n b\u00fct\u00fcn n\u00fckleer materyalinin incelendi\u011fini ve bu materyalin yasaklanan faaliyetlere d\u00f6n\u00fc\u015ft\u00fcr\u00fclmedi\u011fini bildirmi\u015fti.. <\/p>\n<p align=\"center\"> FELLUCE FELAKET\u0130! <\/p>\n<p> Felluce sokaklar\u0131nda, k\u00f6pekler masum ve mazlum M\u00fcsl\u00fcman cesetlerini par\u00e7al\u0131yor! <\/p>\n<p> Unutmayal\u0131m, Irak&#39;a asker g\u00f6ndermi\u015f olsayd\u0131k, Felluce&#39;de Ramazan Bayram\u0131 ortam\u0131nda, &quot;S\u00fcnni \u00fc\u00e7geni&#39;ndeki direni\u015fi k\u0131rmak \u00fczere ABD operasyonuna muhtemeldir ki, T\u00fcrkiye de kat\u0131lacakt\u0131! 1 Mart tezkeresi ge\u00e7sin diye, &#8216;sava\u015f \u00e7\u0131\u011fl\u0131\u011f\u0131&#39; atanlar\u0131n vicdan\u0131nda acaba bu g\u00f6r\u00fcnt\u00fcler hangi etkiyi uyand\u0131r\u0131yor? <\/p>\n<p> Felluce infaz\u0131n\u0131n, Cenevre S\u00f6zle\u015fmesi&#39;ne g\u00f6re &#8216;sava\u015f su\u00e7u&#39; olu\u015fturdu\u011fu a\u00e7\u0131k. Ancak daha vahim olan, ABD&#39;nin Irak&#39;ta direni\u015fi k\u0131rma gerek\u00e7esiyle Felluce&#39;den sonra Musul&#39;a y\u00f6nelmesi ve kentleri s\u0131ras\u0131yla haritadan silme operasyonuyla Irak&#39;\u0131 t\u00fcm\u00fcyle &#8216;hayalet&#39;e \u00e7evirme niyetidir. Sava\u015ftan \u00e7ok cinayetlerden s\u00f6z edebiliriz! \u015eiddet \u015fiddeti k\u00f6r\u00fckl\u00fcyor. <\/p>\n<p> ABD Ba\u015fkan\u0131 Bush&#39;un, Colin Powell&#39;\u0131n yerine D\u0131\u015fi\u015fleri Bakanl\u0131\u011f\u0131&#39;na &#8216;B\u00fcy\u00fck Orta Do\u011fu Projesi&#39;nin arkas\u0131ndaki isimlerden biri olan Condoleezza Rice&#39;\u0131 atamas\u0131 da Beyaz Saray&#39;daki &#8216;\u015fahinler&#39;in g\u00fcc\u00fcn\u00fc g\u00f6steriyor. Irak&#39;ta istikrar ve bar\u0131\u015f umudu giderek zay\u0131fl\u0131yor. <\/p>\n<p> Ve bu felakete davetiye \u00e7\u0131karan AKP&#39;nin y\u00fcz\u00fc bile k\u0131zarm\u0131yor!! <\/p>\n<p align=\"center\"> B\u0130LAL O\u011eLAN S\u0130YON\u0130ST S\u00d6M\u00dcR\u00dc \u00c7ARKINDA! <\/p>\n<p> Recep T.Erdo\u011fan&#39;\u0131n, malum ve mason i\u015fadam\u0131 dostlar\u0131n\u0131n bursuyla Harward&#39;da master yapan o\u011flu Bilal Erdo\u011fan, siyonizmin ekonomik kabesi say\u0131lan D\u00fcnya Bankas\u0131nda staja ba\u015flam\u0131\u015f&#8230; <\/p>\n<p> T\u00fcrkiye&#39;nin ba\u015f\u0131na bela olan sa\u011fc\u0131-solcu siyaset\u00e7i ve b\u00fcrokratlar\u0131n D\u00fcnya Bankas\u0131nda yeti\u015ftirildi\u011fi dikkate al\u0131n\u0131rsa!? <\/p>\n<p align=\"center\"> G\u00dcNE\u015eTEN YARASALAR, <\/p>\n<p align=\"center\"> GER\u00c7EKLERDEN YARASI OLANLAR GOCUNUR! <\/p>\n<p> Biz d\u00f6neklerin niyetini daha AKP&#39;yi kurmadan \u00f6nce anlam\u0131\u015ft\u0131k. 28 \u015eubat ile ilgili yaz\u0131l\u0131p \u00e7izilenler i\u00e7inde, gazete ve kitaplar\u0131n sat\u0131r aralar\u0131ndaki s\u00f6zler bunun \u015fahidiydi. Halk\u0131n rahat anlayabilece\u011fi \u015fekilde haz\u0131rlanm\u0131\u015f ve ara\u015ft\u0131rma \u00fcr\u00fcn\u00fcm olan Nasuhi G\u00fcng\u00f6r&#39;\u00fcn &quot;Yenilik\u00e7i Hareket&quot; adl\u0131 kitab\u0131nda her \u015fey b\u00fct\u00fcn a\u00e7\u0131kl\u0131\u011f\u0131yla ortaya konuluyordu. <\/p>\n<p> Bir rivayete g\u00f6re: Nasuhi G\u00fcng\u00f6r bey&#39;in Bremen&#39;de ikamet eden babas\u0131 Sabahaddin G\u00fcng\u00f6r&#39;\u00fc ziyarete giden Abdullah G\u00fcl Bey, hem\u015ferilik s\u0131fat\u0131yla, bu kitab\u0131n yeniden bask\u0131s\u0131n\u0131n bas\u0131lmamas\u0131n\u0131 rica etmi\u015f! <\/p>\n<p> Ne kadar \u00e7al\u0131\u015f\u0131lsa da &quot;M\u0131zrak \u00e7uvala s\u0131\u011fm\u0131yor.&quot; Ger\u00e7eklerin \u00fcst\u00fcn\u00fc sonsuza kadar \u00f6rtemiyorsunuz. <\/p>\n<p align=\"center\"> KORKUN\u00c7 \u0130DD\u0130A <\/p>\n<p> AIDS ile M\u00fccadele Derne\u011fi&#39;nin d\u00fczenledi\u011fi panelde, AIDS hakk\u0131nda korkun\u00e7 bir iddia dile getirildi. Dernek Ba\u015fkan\u0131 prof. Dr. Melahat Okuyan, T\u00fcrkiye&#39;de resmi olarak 2 bin AIDS hastas\u0131 oldu\u011funu ancak ger\u00e7ekte bu say\u0131n\u0131n 20 ila 30 bin civar\u0131nda oldu\u011funu s\u00f6yledi. <\/p>\n<p align=\"center\"> BOP SESS\u0130Z SEDASIZ BA\u015eLATILMI\u015e <\/p>\n<p> ABD&#39;nin BOP&#39;u \u0130srail&#39;in Arz\u0131 Mevud&#39;una kar\u015f\u0131, b\u00f6lgede ve T\u00fcrkiye&#39;de ciddi tepkiler ve tart\u0131\u015fmalar s\u00fcrerken, D\u0131\u015fi\u015fleri Bakan\u0131 G\u00fcl ve Yemen D\u0131\u015fi\u015fleri bakan\u0131 El Kibri, Roma&#39;da \u0130talya D\u0131\u015fi\u015fleri Bakan\u0131 ile birlikte projeyi uygulamaya ba\u015flad\u0131 bile. <\/p>\n<p> Evet, patronlar\u0131 patron yapan piyonlard\u0131r!&#8230; <\/p>\n<p align=\"center\"> PATR\u0130K \u0130Y\u0130CE AZITTI! <\/p>\n<p> Milletvekillerine &quot;Ek\u00fcmenik&quot; unvan\u0131yla davetiye g\u00f6nderdi: Patrik iyice az\u0131tt\u0131. <\/p>\n<p> Patrikhaneden skandal bir tav\u0131r daha. Patrikhane&#39;nin en b\u00fcy\u00fck destek\u00e7isi Amerikan B\u00fcy\u00fckel\u00e7isi Edelman&#39;\u0131n \u015ferefine verilecek resepsiyon i\u00e7in baz\u0131 AKP ve CHP milletvekillerine g\u00f6nderilen davetiye patrik Bartholomeos i\u00e7in &quot;Ek\u00fcmenik&quot; s\u0131fat\u0131 kullan\u0131ld\u0131. <\/p>\n<p> Baz\u0131 AKP&#39;liler, buna biraz bozulur gibi olmu\u015flard\u0131 ama, Ba\u015fbakanlar\u0131n kulaklar\u0131n\u0131 \u00e7ekmesiyle, susmu\u015flard\u0131&#8230; \u00c7\u00fcnk\u00fc 17 Aral\u0131k yakla\u015fmaktayd\u0131&#8230; \u00d6yle ya bizi AB&#39;ye al\u0131rlarsa, zaten Bizans\u0131n \u00e7ocuklar\u0131 olacaklard\u0131!.. <\/p>\n<p align=\"center\"> BDDK BA\u015eKANI \u015eA\u015eKIN! <\/p>\n<p> BDDK Ba\u015fkan\u0131, devlet s\u0131rr\u0131 olmas\u0131 ve asla d\u0131\u015far\u0131 s\u0131zd\u0131r\u0131lmamas\u0131 gereken \u00e7ok \u00f6nemli bilgilerin b\u00fct\u00fcn ayr\u0131nt\u0131lar\u0131yla IMF&#39;ye ula\u015ft\u0131r\u0131ld\u0131\u011f\u0131n\u0131 \u00f6\u011frenince \u015fa\u015fk\u0131na d\u00f6nm\u00fc\u015f ve istifas\u0131n\u0131 sunmu\u015f&#8230; Ama kabul edilmemi\u015f&#8230; <\/p>\n<p> Hey bre ba\u015fkan!&#8230; Sen bu bilgileri ba\u015fbakana s\u00f6yledikten sonra , art\u0131k ba\u015fkalar\u0131na s\u00f6ylemene gerek yok! <\/p>\n<p align=\"center\"> VATAN SATANLAR! <\/p>\n<p> Avrupa Birli\u011fi&#39;nin \u00e7ok uzun s\u00fcre bast\u0131rmas\u0131 sonucunda 19 Temmuz 2003&#39;de 4916 say\u0131l\u0131 yasa \u00e7\u0131kt\u0131. <\/p>\n<p> Bu yasa ile yabanc\u0131lara toprak sat\u0131\u015f\u0131na izin veriliyordu. <\/p>\n<p> Bu yasa \u00e7\u0131kar \u00e7\u0131kmaz b\u00fcy\u00fck bir sat\u0131\u015f ba\u015flad\u0131. Bir y\u0131l i\u00e7inde 4 bin 105 par\u00e7a gayrimenkul yabanc\u0131lara sat\u0131ld\u0131. Bu bir ay \u00f6nceki rakam, eminim ki say\u0131 ge\u00e7en bir ay i\u00e7inde daha da artm\u0131\u015ft\u0131r. <\/p>\n<p> Sat\u0131\u015flara bakt\u0131\u011f\u0131m\u0131zda yabanc\u0131lar\u0131n belirli b\u00f6lgelere konu\u015fland\u0131klar\u0131n\u0131, ilgi alanlar\u0131n\u0131n belirli alanlara yo\u011funla\u015ft\u0131\u011f\u0131n\u0131 g\u00f6r\u00fcyoruz. <\/p>\n<p> \u00c7ok k\u0131ymetli tar\u0131m alanlar\u0131 da var sat\u0131lan topraklar aras\u0131nda ayr\u0131ca \u00f6n\u00fcm\u00fczdeki y\u0131llarda \u00e7ok daha k\u0131ymete binecek alalar da bulunuyor. <\/p>\n<p> Gayet tabii ki T\u00fcrkiye&#39;de arazi, ev alan her yabanc\u0131n\u0131n farkl\u0131 ama\u00e7lar ta\u015f\u0131d\u0131\u011f\u0131n\u0131 s\u00f6ylemiyorum ancak olay\u0131 h\u0131zla ve toplu hareket olarak cereyan etmesi insan\u0131 farkl\u0131 \u015feyler de d\u00fc\u015f\u00fcnd\u00fcr\u00fcyor gayet tabii ki. <\/p>\n<p> Yerle\u015fenlerin bir b\u00f6l\u00fcm\u00fc \u00e7ok eski dini topraklar\u0131, imparatorluklar\u0131 yeniden canland\u0131rma amac\u0131n\u0131 ta\u015f\u0131yorlar, bunu da a\u00e7\u0131k\u00e7a ifade ediyorlar. <\/p>\n<p> \u00c7\u0131kard\u0131klar\u0131 lokal gazetelere &quot;Land of Light&quot; (I\u015f\u0131\u011f\u0131n \u00dclkesi) gibi dini sembol\u00fc \u00e7ok y\u00fcksek olan adlar tak\u0131yorlar. <\/p>\n<p> \u0130ddia edildi\u011fi gibi bu insanlar g\u00fcne\u015fin, suyundan yararlanmak, ihtiyarl\u0131k ya\u015famak i\u00e7in bu \u00fclkeye gelselerdi \u00e7\u0131kard\u0131klar\u0131 gazeteye Land of Sun (G\u00fcne\u015fin \u00dclkesi) ad\u0131n\u0131 takmay\u0131 d\u00fc\u015f\u00fcnecekleri de herhalde a\u00e7\u0131kt\u0131r. <\/p>\n<p> \u00dcstelik kimse de bu olan biteni \u00e7ok moda oldu\u011fu \u015fekilde Avrupa Birli\u011fi&#39;ne \u00fcyelik bunu gerektiriyor ne yapal\u0131m diye anlatmaya \u00e7al\u0131\u015fmas\u0131n. <\/p>\n<p> \u015eunu bilin ki 1 May\u0131s 2004&#39;de AB&#39;ye yeni kat\u0131lan \u00fclkelerin hepsi kendi \u00fclkelerinde yabanc\u0131ya toprak sar\u0131\u015f\u0131n\u0131 yasaklad\u0131. <\/p>\n<p> Avrupa buna \u00e7\u0131t \u00e7\u0131karmad\u0131, onlara bu ayr\u0131cal\u0131k (derogasyon) verildi. Bir tek T\u00fcrkiye&#39;ye bu hak tan\u0131nmad\u0131 \u00e7\u00fcnk\u00fc bizde maalesef vatan\u0131n\u0131 satmak isteyenler var. <\/p>\n<p align=\"center\"> M\u0130LL\u0130 GAZETE FARKI!? <\/p>\n<p> <strong>F<\/strong><strong>elluce&#39;de camiler bombalan\u0131p, silahs\u0131z ve yaral\u0131 sivillerin kafalar\u0131 kur\u015funlan\u0131rken k\u00fc\u00e7\u00fck bir \u00e7al\u0131\u015fma yapt\u0131k. Felluce&#39;de kan g\u00f6vdeyi g\u00f6t\u00fcr\u00fcrken Medyam\u0131z\u0131n att\u0131\u011f\u0131 baz\u0131 man\u015fetleri tarad\u0131k. <\/strong> <\/p>\n<p> <strong>\u0130\u015fte gazetelerin man\u015fet denen en b\u00fcy\u00fck haberleri:<\/strong> <\/p>\n<p> &#160; <\/p>\n<p> <strong>24 KASIM\u00c7AR\u015eAMBA:<\/strong> <\/p>\n<p> * H\u00fcrriyet: <strong>Seni Tan\u0131d\u0131m Dedi.<\/strong> (Trib\u00fcn cinayetiyle ilgili) <\/p>\n<p> * Milliyet:<strong> Hollywood Tescili.<\/strong> (ABD&#39;li Akt\u00f6r ile Ay\u015feg\u00fcl Tecimer&#39;in ili\u015fkisiyle ilgili) <\/p>\n<p> * Sabah: <strong>Sinyali Bile Yetti.<\/strong> (Yabanc\u0131 sermaye ile ilgili) <\/p>\n<p> Vatan:<strong> O&#39;da Gitti.<\/strong> (Hakan Uzan&#39;\u0131n e\u015fiyle ilgili) <\/p>\n<p> * Zaman: <strong>Trib\u00fcn Ter\u00f6r\u00fc Nas\u0131l \u00d6nlenir <\/strong>(Futbol ma\u00e7lar\u0131ndaki gerginlikle ilgili) <\/p>\n<p> * Yeni \u015eafak: <strong>De\u011fi\u015fim \u00c7a\u011fr\u0131s\u0131.<\/strong> (Ba\u015fbakan&#39;\u0131n \u0130slam \u00fclkelerine yapt\u0131\u011f\u0131 de\u011fi\u015fim \u00e7a\u011fr\u0131s\u0131yla ilgili) <\/p>\n<p> * <strong>M\u0130LL\u00ce GAZETE: \u00d6L\u00dcM SESS\u0130ZL\u0130\u011e\u0130NE SON (Felluce ile ilgili)<\/strong> <\/p>\n<p> &#160; <\/p>\n<p> <strong>25 KASIMPER\u015eEMBE: <\/strong> <\/p>\n<p> * H\u00fcrriyet: <strong>5 Y\u0131ld\u0131zl\u0131 S\u00fcrpriz Al\u0131c\u0131.<\/strong> (Bir i\u015fadam\u0131n\u0131n otel al\u0131m\u0131yla ilgili) <\/p>\n<p> * Milliyet: <strong>M\u00fcd\u00fcr Valiye K\u00fcst\u00fc. <\/strong>(Diyarbak\u0131r Valisi ve Emniyet M\u00fcd\u00fcr\u00fc ile ilgili) <\/p>\n<p> * Sabah: <strong>Konu\u015fa Konu\u015fa Ameliyat.<\/strong> (Konu\u015farak kalp ameliyat\u0131 yapan doktorla ilgili) <\/p>\n<p> * Vatan: <strong>Millet ve Vekili. <\/strong>(Milletvekillerinin sa\u011fl\u0131k harcamalar\u0131yla ilgili) <\/p>\n<p> * Zaman: <strong>Do\u011fu&#39;da K\u0131\u015f Turizmi Patlad\u0131. <\/strong>(Turizmle ilgili) <\/p>\n<p> * Yeni \u015eafak: <strong>Varo\u015flara Kulak Verin. <\/strong>(Gecekondu b\u00f6lgelerinin altyap\u0131 sorunlar\u0131yla ilgili) <\/p>\n<p> * <strong>M\u0130LL\u00ce GAZETE: ZAL\u0130MLERE LANET. (Felluce ile ilgili)<\/strong> <\/p>\n<p> <strong>26 KASIMCUMA: <\/strong> <\/p>\n<p> * H\u00fcrriyet: <strong>\u00c7al\u0131ku\u015fu Zehra.<\/strong> (Hakkari&#39;de g\u00f6revli bir hem\u015fireyle ilgili) <\/p>\n<p> * Milliyet: <strong>Esra Nas\u0131l Kurtulur.<\/strong> (Okula gidemeyen bir \u00f6\u011frenciyle ilgili) <\/p>\n<p> * Sabah: <strong>I\u015f\u0131klar\u0131n Efendisi.<\/strong> (ABD&#39;deki bir T\u00fcrk&#39;\u00fcn bulu\u015fuyla ilgili) <\/p>\n<p> * Vatan: <strong>Taksit Taksit Yar\u0131\u015f.<\/strong> (Firmalar\u0131n taksitli sat\u0131\u015flar\u0131yla ilgili) <\/p>\n<p> * Zaman: <strong>Pentagon Uyard\u0131<\/strong>. (Pentagon&#39;un &quot;\u0130slam d\u00fcnyas\u0131n\u0131 kaybediyoruz&quot; a\u00e7\u0131klamas\u0131yla ilgili) <\/p>\n<p> * Yeni \u015eafak: <strong>Uzan \u00c7iftli\u011fi \u00c7al\u0131nt\u0131 \u00c7\u0131kt\u0131. <\/strong>(Uzanlarla ilgili) <\/p>\n<p> * <strong>M\u0130LL\u00ce GAZETE: SIRA SANA GELMEDEN! (Dua ve Miting \u00e7a\u011fr\u0131s\u0131, Felluce ile ilgili)<\/strong> <\/p>\n<p> \u0130\u015fte bu y\u00fczden M\u0130LL\u00ce GAZETE!  <\/p>\n<p> Bush&#39;a <strong>&quot;H\u00fclag\u00fb Han m\u0131s\u0131n Kafir!&quot;<\/strong> diye seslenen, i\u015fgalden bu yana Irak ve Felluce d\u0131\u015f\u0131nda man\u015fet atmayan TEK GAZETE oldu\u011fu i\u00e7in M\u0130LL\u00ce GAZETE <\/p>\n<p> &#160; <\/p>\n<p> <strong>Not:<\/strong> Bu Man\u015fetler, yaz\u0131n\u0131n yaz\u0131ld\u0131\u011f\u0131 tarihten itibaren geriye do\u011fru son \u00fc\u00e7 g\u00fcn baz al\u0131narak se\u00e7ilmi\u015ftir.  <\/p>\n<p align=\"right\"> (Kulis Ankara &#8211; 29 Kas\u0131m 2004- Milli Gazete) <\/p>\n<p align=\"center\"> DENKTA\u015e&#39;TAN ANLAMLI UYARI <\/p>\n<p> KKTC Cumhurba\u015fkan\u0131 Rauf Denkta\u015f, &quot;Filistin Devlet Ba\u015fkan\u0131 Yaser Arafat&#39;\u0131n kendisine s\u00f6yledi\u011fi &#8216;Benim g\u00f6m\u00fclecek topra\u011f\u0131m yok. Senin T\u00fcrkiyen, devletin var&#39; s\u00f6z\u00fcn\u00fc hi\u00e7 unutmad\u0131\u011f\u0131n\u0131&quot; belirterek, &quot;E\u011fer akl\u0131m\u0131z\u0131 ba\u015f\u0131m\u0131za almaz, devletimizden, egemenli\u011fimizden vazge\u00e7ersek, g\u00f6m\u00fclecek topra\u011f\u0131m\u0131z bizim de olmayacak&quot; dedi.. <\/p>\n<p align=\"center\"> BU NE, H\u0130KMET AB\u0130 ! <\/p>\n<p> Afganistan, ABD kontrol\u00fcnde uyu\u015fturucu \u00fcretimi rekorunu k\u0131rd\u0131. <\/p>\n<p> 2000 y\u0131l\u0131nda, Taliban, BM&#39;nin onay\u0131yla afyon \u00fcretimini yasaklad\u0131. D\u00fcnya piyasas\u0131n\u0131n y\u00fczde 70&#39;lik kayna\u011f\u0131 kurudu. En az 100-150 milyar dolarl\u0131k bir i\u015f yok oldu, fiyatlar z\u0131plad\u0131. Derken&#8230; 11 Eyl\u00fcl, ard\u0131ndan Afganistan i\u015fgali. Birka\u00e7 g\u00fcn \u00f6nce, BM&#39;nin yeni raporu a\u00e7\u0131kland\u0131. &quot;Afganistan afyon \u00fcretimi tarihi rekor k\u0131rm\u0131\u015f&quot; <\/p>\n<p align=\"center\"> <strong>Rantiye kan\u0131m\u0131z\u0131 emdi!<\/strong> <\/p>\n<p> <strong>ATO&#39;nun &quot;20 Y\u0131l, 20 B\u00fct\u00e7e&quot; raporu ilgin\u00e7 bilgilerle dolu&#8230;<\/strong> <\/p>\n<p> ATO&#39;nun haz\u0131rlatt\u0131\u011f\u0131 rapora g\u00f6re, T\u00fcrkiye, son 20 y\u0131lda 257 milyar dolar d\u0131\u015f, 979 milyar dolar i\u00e7 bor\u00e7 olmak \u00fczere toplam 1 trilyon 236 milyar dolar anapara ve bor\u00e7 faizi \u00f6dedi.  <\/p>\n<p> Yat\u0131r\u0131m harcamalar\u0131 20 y\u0131lda 2.5 kat artarken, i\u00e7 bor\u00e7 faiz \u00f6demeleri 73 kat, i\u00e7 bor\u00e7lanma 17 kat, i\u00e7 bor\u00e7 \u00f6demeleri 25 kat, d\u0131\u015f bor\u00e7 \u00f6demeleri 12 kat, d\u0131\u015f bor\u00e7 faizi \u00f6demeleri 5 kat art\u0131\u015f g\u00f6sterdi. <\/p>\n<p> ATO&#39;dan yap\u0131lan yaz\u0131l\u0131 a\u00e7\u0131klamada, T\u00fcrkiye&#39;nin son 20 y\u0131lda 544 milyar dolar vergi gelirinin yan\u0131 s\u0131ra 1 trilyon 43 milyar dolarl\u0131k i\u00e7 bor\u00e7lanma, 194 milyar dolarl\u0131k d\u0131\u015f bor\u00e7lanma yaparak toplam 1 trilyon 781 milyar dolarl\u0131k kaynak elde etti\u011fi bildirildi. Ayn\u0131 d\u00f6nemde sadece 75.3 milyar dolarl\u0131k yat\u0131r\u0131m yap\u0131ld\u0131\u011f\u0131 belirtilen raporda, personel harcamalar\u0131na 231.5 milyar dolar ayr\u0131l\u0131rken, 103.5 milyar dolarl\u0131k faiz d\u0131\u015f\u0131 fazla verildi\u011fi kaydedildi. <\/p>\n<p align=\"center\"> \u015eEH\u0130D\u0130N S\u00dcT PARASI! <\/p>\n<p> Filistin Lideri Merhum Yaser Arafat&#39;\u0131n, 35 y\u0131l \u00f6nce Filistin saflar\u0131nda \u00e7arp\u0131\u015f\u0131rken \u015fehid olan Gaziantepli Mustafa \u00c7elik&#39;in annesine 35 y\u0131ld\u0131r her ay y\u00fcz milyon lira s\u00fct paras\u0131 g\u00f6nderdi\u011fi ortaya \u00e7\u0131kt\u0131. Anne Sultan \u00e7elik, &quot;Mustafa&#39;n\u0131n \u00f6l\u00fcm\u00fcnden sonra Arafat bize \u015fehitlik berat\u0131 verdi ve s\u00fct paras\u0131 olarak ayl\u0131k ba\u011flad\u0131&quot; dedi. <\/p>\n<p align=\"center\"> BUNLAR \u0130NSAN DE\u011e\u0130L! <\/p>\n<p> \u0130\u015fgalci ABD askeri, bir camide a\u011f\u0131r yaral\u0131 ve silahs\u0131z Irakl\u0131y\u0131 televizyon kameralar\u0131 \u00f6n\u00fcnde ba\u015f\u0131ndan vurarak \u00f6ld\u00fcrd\u00fc. Bu olaydan bir g\u00fcn sonra, Felluce&#39;deki baz\u0131 camilerin tekrar direni\u015f\u00e7ilerin eline ge\u00e7ti\u011fi iddias\u0131 \u00fczerine ikinci deniz piyadesi birli\u011fi, ilk olay\u0131n oldu\u011fu camiyi yeniden bast\u0131 ve zaten yaral\u0131 olan 5 Irakl\u0131&#39;dan\u00a0 4&#39;\u00fcn\u00fc uzaktan ate\u015f ederek vurdu. <\/p>\n<p align=\"center\"> FELLUCE&#39;DE DE BAYRAM&#8230; <\/p>\n<p> Adalet deyip adaletsizlik, e\u015fitlik deyip e\u015fitsizlik, Allah i\u00e7in deyip, Allahs\u0131zl\u0131k olmaz. \u0130nsan kan\u0131 i\u00e7erek doyulmaz. \u00c7ocuklara bayram\u0131 \u00e7ok g\u00f6renin, bayram\u0131 olmaz. Felluce&#39;de bayram namaz\u0131 k\u0131l\u0131namad\u0131. Felluce&#39;de ezan okunamad\u0131&#8230; <\/p>\n<p align=\"center\"> FELLUCE&#39;N\u0130N &#8216;YARALILARI&#39; NEREDE? <\/p>\n<p> Ankara&#39;dan bir gazeteci arkada\u015f\u0131m arad\u0131 ve \u015funu s\u00f6yledi: &#39;Pa\u015fam, Felluce&#39;de 1600 Irakl\u0131 militan\u0131n \u00f6ld\u00fcr\u00fcld\u00fc\u011f\u00fc a\u00e7\u0131kland\u0131. Peki, yaral\u0131lar nerede?&#39; \u00c7ok do\u011fru bir soru. Ger\u00e7ekten de &#39;Felluce&#39;nin yaral\u0131lar\u0131 nerede?&#39; \u00d6zellikle, yaral\u0131 bir Irakl\u0131 militan\u0131n, bir Amerikan askeri taraf\u0131ndan, maksats\u0131zca \u00f6ld\u00fcr\u00fclmesi g\u00f6r\u00fcnt\u00fcleri kar\u015f\u0131s\u0131nda, anlam\u0131 daha da a\u011f\u0131rla\u015fan bir soru. <\/p>\n<p> \u00d6nce, sava\u015f\u0131n bir rakamsal ger\u00e7e\u011fine de\u011finelim. Bu tip bir sava\u015fta, \u00f6l\u00fc say\u0131s\u0131n\u0131n, \u015fartlara ba\u011fl\u0131 olarak, alt\u0131 ila sekiz kat\u0131 kadar &#39;yaral\u0131&#39; olu\u015fur. Bu \u00e7arp\u0131\u015fmalarda, ABD&#39;nin personel zayiat\u0131n\u0131n, 40 kadar kay\u0131ba kar\u015f\u0131l\u0131k 300&#39;\u00fc a\u015fk\u0131n yaral\u0131 oldu\u011funu a\u00e7\u0131klamas\u0131, bu tespiti bir kere daha do\u011fruluyor. Bu ger\u00e7ekten hareketle, 1600 Irakl\u0131 militan\u0131n kayb\u0131na ilave olarak, en az, sekiz ila on bin de yaral\u0131 verilmi\u015f olmas\u0131 gerekir. Ayr\u0131ca, b\u00f6lge halk\u0131 sivillerin, kad\u0131n ve \u00e7ocuklar\u0131n kay\u0131p ve yaral\u0131lar\u0131 hakk\u0131nda, hi\u00e7bir bilgi yok. B\u00fct\u00fcn bunlar nerede? Irakl\u0131 militanlar\u0131n ve sivillerin bir s\u0131hhi tahliye ve destek sistemi olu\u015fturma imkans\u0131zl\u0131\u011f\u0131 kar\u015f\u0131s\u0131nda, bu insanlara ne oldu? Bu soruyu kar\u015f\u0131l\u0131k olarak, yaral\u0131lar\u0131n ABD askerlerince \u00f6ld\u00fcr\u00fclm\u00fc\u015f olaca\u011f\u0131 sav\u0131n\u0131 ileri s\u00fcrmek, mesnetsiz ve insafs\u0131z bir iddia olur. Ama di\u011fer yandan, televizyonlarda ve gazetelerde g\u00f6rd\u00fc\u011f\u00fcm\u00fcz sahneler, yayg\u0131n olmasa da, bu ve benzeri insanl\u0131k ve askerlik d\u0131\u015f\u0131 olaylar\u0131n da oldu\u011funu, inkar kabul etmez \u015fekilde ortaya koyuyor.\u00a0 (Kemal Yavuz &#8211; 21 KASIM 2004- Ak\u015fam) <\/p>\n<p align=\"center\"> O G\u00d6R\u00dcNT\u00dc <\/p>\n<p> Amerika&#39;n\u0131n, Felluce&#39;de yapt\u0131\u011f\u0131 harekata ve bir Amerikan piyadesinin, \u00f6lmek \u00fczere olan yaral\u0131 bir direni\u015f\u00e7iye &#8216;\u00f6ld\u00fcren kur\u015funu&#39; s\u0131kmas\u0131na tepkiler, &#8216;son s\u00fcrat&#39; devam ediyor. <\/p>\n<p> Bug\u00fcnlerde bir kamu oyu yoklamas\u0131 olsa, T\u00fcrklerin, Amerikan h\u00fck\u00fcmeti ve halk\u0131na olan sempatisinin &#8216;s\u0131f\u0131r alt\u0131&#39;n\u0131&#39; g\u00f6rme ihtimali bile var. Irakl\u0131lar\u0131n &#8216;o g\u00f6r\u00fcnt\u00fcleri&#39; g\u00f6r\u00fcp g\u00f6rmedi\u011fini bilmiyorum ama, g\u00f6ren M\u00fcsl\u00fcman d\u00fcnyas\u0131n\u0131n Amerika&#39;ya kar\u015f\u0131 b\u00fct\u00fcnle\u015fti\u011fine \u015f\u00fcphe yok. Irakl\u0131lar\u0131n, Saddam&#39;dan kurtar\u0131lmalar\u0131na &#8216;zul\u00fcm&#39; diye bakan da yok ama, i\u015fgalin &#8216;bu \u015fekline&#39; var&#8230; <\/p>\n<p align=\"center\"> EVANGEL\u0130ST (HR\u0130ST\u0130YAN-S\u0130YON\u0130ST) RAH\u0130B\u0130N KIZI RICE <\/p>\n<p> Bundan 50 y\u0131l \u00f6nce ABD&#39;de \u0131rk ayr\u0131m\u0131n\u0131n en \u015fiddetli oldu\u011fu G\u00fcney eyaletlerinden Alabama&#39;da d\u00fcnyaya gelen Condoleezza Rice, Evangelist H\u0131ristiyan, \u015fiddet yanl\u0131s\u0131 ve ac\u0131mas\u0131z bir ki\u015fi olmas\u0131n\u0131n yan\u0131 s\u0131ra yetenekleri sayesinde \u00fclkenin ilk siyah kad\u0131n d\u0131\u015fi\u015fleri bakan\u0131 olmaya haz\u0131rlan\u0131yor. <\/p>\n<p> Senato taraf\u0131ndan onaylanmas\u0131n\u0131n ard\u0131ndan d\u0131\u015fi\u015fleri bakan\u0131 olarak g\u00f6reve ba\u015flamas\u0131 beklenen Rice, k\u00f6lelikten gelme siyah bir ailenin \u00e7ocu\u011fu olarak Birmingham kentinde 12 Kas\u0131m 1954&#39;te d\u00fcnyaya geldi. <\/p>\n<p> Arkada\u015flar\u0131n\u0131n aras\u0131nda &quot;Condi&quot; olarak bilinen Rice&#39;\u0131n annesi Angelena m\u00fczik \u00f6\u011fretmeni ve rahip olan babas\u0131 John Wesley Rice, Westminster Presbiteryan kilisesinde rahipti. Ailenin k\u00f6kleri orijinal olarak Jamaika&#39;dan geliyor. Rice&#39;\u0131n anne ve babas\u0131 \u00fcniversite profes\u00f6r\u00fcyd\u00fc. <\/p>\n<p align=\"center\"> \u00d6L\u00dc SAYISI ONB\u0130NLERCE M\u0130? <\/p>\n<p> Amerika, Felluce&#39;de giri\u015fti\u011fi vah\u015fi katliam\u0131 d\u00fcnya kamuoyundan ne kadar gizlemeye \u00e7al\u0131\u015fsa da kameralara tak\u0131lan, yaral\u0131 av\u0131, \u00e7ocuk ve kad\u0131n katliam\u0131 ve insanl\u0131k su\u00e7lar\u0131, Felluce&#39;deki vah\u015fetin boyutlar\u0131n\u0131 d\u00fc\u015f\u00fcnd\u00fcr\u00fcyor. ABD&#39;li Embedded(ili\u015ftirilmi\u015f) gazetecilerin kameralar\u0131n\u0131n saniyelik d\u00f6n\u00fc\u015flerinde viz\u00f6re tak\u0131lan g\u00f6r\u00fcnt\u00fclerden biriside bu. O anl\u0131k kare donduruldu\u011funda, ABD tanklar\u0131n\u0131n ve askerlerinin ayaklar\u0131 dibinde yatan 1015 ya\u015f aras\u0131 5 tane \u00e7ocuk cesedi g\u00f6r\u00fcl\u00fcyor. Felluce&#39;den ka\u00e7an onbinlerce m\u00fcltecinin ak\u0131beti ise bilinmiyor. Kukla \u0131rak y\u00f6netimi ve ABD&#39;li yetkililer sivil halk\u0131n sadece ka\u00e7t\u0131\u011f\u0131n\u0131 s\u00f6yl\u00fcyor. Ba\u011f\u0131ms\u0131z kaynaklar, yabanc\u0131 gazetecilerin al\u0131nmad\u0131\u011f\u0131 Felluce&#39;de \u00f6l\u00fc say\u0131s\u0131n\u0131n onbinlerce olabilece\u011finden \u015f\u00fcpheleniyor. <\/p>\n<p align=\"center\"> S\u0130Z DE AKP KADAR SU\u00c7LUSUNUZ! <\/p>\n<p> Biz Milli G\u00f6r\u00fc\u015f\u00e7\u00fcler daha i\u015fin ba\u015f\u0131nda ABD&#39;nin Irak i\u015fgalinin ve vah\u015fetini dile getirerek ger\u00e7ekleri avaz\u0131m\u0131z \u00e7\u0131kt\u0131\u011f\u0131 kadar ba\u011f\u0131r\u0131p durduk. Ama bizim d\u0131\u015f\u0131m\u0131zdaki medya gruplar\u0131 &quot;islamc\u0131&quot;s\u0131ndan boyal\u0131s\u0131na b\u00fct\u00fcn marazl\u0131 medya &quot;iktidar ya\u011fdanl\u0131\u011f\u0131 yapaca\u011f\u0131z&quot; diyen adeta ABD&#39;nin ta\u015feronlu\u011funa soyundular. Oysa kamuoyu bask\u0131s\u0131 olsayd\u0131, bu AKP asla ABD ve \u0130srail&#39;in yan\u0131nda yer al\u0131p b\u00fct\u00fcn hava ve deniz limanlar\u0131m\u0131z\u0131 onlar\u0131n istifadesine a\u00e7amazd\u0131. Bu marazl\u0131 medya gruplar\u0131 kamuoyu bask\u0131s\u0131n\u0131 \u00f6nlemek i\u00e7in ne gerekiyorsa fazlas\u0131yla yapt\u0131lar. <\/p>\n<p> \u015eimdi ise Felluce&#39;de ya\u015fanan katliamlar kar\u015f\u0131s\u0131nda ah, vah ediyorlar&#8230; Bunu yaparken bile i\u011fren\u00e7le\u015fiyorlar. Hala &quot;Amerika y\u00f6netimi katil asker i\u00e7in soru\u015fturma ba\u015flatt\u0131&quot; t\u00fcr\u00fcnden laflarla kamuoyunu yan\u0131ltmay\u0131 ve tepkileri azaltmay\u0131 s\u00fcrd\u00fcr\u00fcyorlar. Hala &quot;Felluce&#39;de bin direni\u015f\u00e7i \u00f6ld\u00fc&quot; diye haber yaparlarsa hemen pe\u015fine &quot;Irakl\u0131 direni\u015f\u00e7iler bir T\u00fcrk \u015fof\u00f6r\u00fcn\u00fc daha \u00f6ld\u00fcrd\u00fc&quot; diyerek kamuoyunun tepkisini y\u00f6nlendirmeyi ihmal etmiyorlar. <\/p>\n<p> \u015euras\u0131 hi\u00e7 ak\u0131ldan \u00e7\u0131kart\u0131lmas\u0131n ki, b\u00fct\u00fcn bu katliamlardan ve pe\u015finden gelecek olanlardan AKP h\u00fck\u00fcmeti ne kadar sorumluysa toplumu yan\u0131ltarak, o iktidara destek sa\u011flamaya \u00e7al\u0131\u015fanlar da en az onlar kadar su\u00e7ludurlar! <\/p>\n<p align=\"center\"> RUSYA&#39;DA, HAL\u0130FE ADINA HUTBE <\/p>\n<p> Osmanl\u0131 \u0130mparatorlu\u011fu d\u00f6neminde zaman\u0131n halifesi ad\u0131na hutbe okuma gelene\u011fi Beyaz Rusya&#39;da devam ettiriliyor. K\u0131r\u0131m&#39;dan beyaz Rusya&#39;ya s\u00fcrg\u00fcn edilen M\u00fcsl\u00fcman Tatarlar, Osmanl\u0131 d\u00f6nemindeki Cuma hutbesi gelene\u011fini ya\u015fatmaya devam ediliyor. Beyaz Rusya&#39;n\u0131n Grodno vilayetine ba\u011fl\u0131 \u0130vye kasabas\u0131ndaki camide her Cuma hutbesinde Osmanl\u0131 sultanlar\u0131n\u0131n isimleri tek tek okunuyor. <\/p>\n<p> Beyaz Rusya&#39;da bulunan 3 camiden\u00a0 ed eskisi olan ve 1882 y\u0131l\u0131nda in\u015fa edilen \u0130vye camii \u0130mam\u0131 \u0130smail \u015eabanovi\u00e7, Cuma hutbesini dedesinden miras ald\u0131\u011f\u0131 &quot;Hamay\u0131l&quot; adl\u0131 kitaptan okudu\u011funu s\u00f6yledi. Kitab\u0131n Osmanl\u0131ca yaz\u0131lm\u0131\u015f oldu\u011funu ifade eden \u015eabanovi\u00e7, Osmanl\u0131 sultanlar\u0131n\u0131n isimlerinin ge\u00e7mesinden dolay\u0131 hutbelerde bu kitab\u0131 tercih etti\u011fini kaydetti. Beyaz Rusya Tatarlar\u0131n y\u00fczy\u0131llardan beri kendilerini bu topraklarda Osmanl\u0131 temsilcileri olarak hissettiklerini ifade eden \u015eabanovi\u00e7, sadece \u0130slam inanc\u0131 sayesinde yok olmaktan kurtulduklar\u0131n\u0131 belirtti. E\u015fini yakla\u015f\u0131k 20 y\u0131l \u00f6nce kaybeden \u0130smail \u015eabanovi\u00e7, 2 \u00e7ocuk ve 3 toruna sahip oldu\u011funu, s\u0131k s\u0131k kendileriyle ziyaretle\u015fti\u011fini s\u00f6yledi. Yakla\u015f\u0131k 700 M\u00fcsl\u00fcman Tatar\u0131n \u0130vye kasabas\u0131nda ikamet etti\u011fini dile getiren Sabanovi\u00e7, yerli Hristiyanlarla M\u00fcsl\u00fcmanlar aras\u0131nda inan\u00e7 farkl\u0131l\u0131\u011f\u0131ndan dolay\u0131 g\u00fcn\u00fcm\u00fczde herhangi bir sorun ya\u015fanmad\u0131\u011f\u0131n\u0131 s\u00f6yledi. <\/p>\n<p align=\"center\"> YATIRIMCILAR AMER\u0130KA&#39;YI TERK ED\u0130YOR <\/p>\n<p> ABD&#39;ye b\u00fcy\u00fck paralar ak\u0131t\u0131larak New York Borsas\u0131&#39;n\u0131n y\u00fckseli\u015flerinde etkili olan yabanc\u0131 yat\u0131r\u0131mc\u0131lar\u0131n son aylarda hisse senetlerinde milyarlarca dolar\u0131 bulan sat\u0131\u015f ger\u00e7ekle\u015ftirdi\u011fi ve \u00fclkeye giri\u015f yapan yabanc\u0131 sermaye miktar\u0131n\u0131n \u00f6nemli oranda d\u00fc\u015f\u00fc\u015f g\u00f6r\u00fcld\u00fc\u011f\u00fc bildirildi. <\/p>\n<p> New York Times gazetesinin Hazine Bakanl\u0131\u011f\u0131 verilerine dayand\u0131rd\u0131\u011f\u0131 haberine g\u00f6re, yabanc\u0131 yat\u0131r\u0131mc\u0131lar\u0131n ge\u00e7ti\u011fimiz A\u011fustos ve Eyl\u00fcl aylar\u0131nda New York Borsas\u0131&#39;ndaki net sat\u0131\u015f\u0131 5.9 milyar dolara ula\u015ft\u0131. <\/p>\n<p align=\"center\"> SUNN\u0130LER, \u015e\u0130\u0130LER&#39;E \u00d6FKEL\u0130 <\/p>\n<p> Financial Times gazetesi, Suni M\u00fcsl\u00fcmanlar&#39;\u0131n ABD&#39;nin katliamlar\u0131na kar\u015f\u0131 \u015eii M\u00fcsl\u00fcmanlar\u0131 kendilerine destek vermemekle su\u00e7lad\u0131\u011f\u0131n\u0131 belirtti. <\/p>\n<p> Haberde, Nisan ay\u0131ndaki ilk Felluce ku\u015fatmas\u0131 s\u0131ras\u0131nda, iki mezhebin taraftarlar\u0131n\u0131n farkl\u0131l\u0131klar\u0131 bir kenara b\u0131rak\u0131p, g\u00fc\u00e7 birli\u011fi yapt\u0131\u011f\u0131n\u0131 hat\u0131rlatan gazete, art\u0131k durumun b\u00f6yle olmad\u0131\u011f\u0131na dikkat \u00e7ekiyor. Buna, \u015eii lider Muktada es Sadr&#39;\u0131n silah b\u0131rakmas\u0131ndan sonra, di\u011fer \u015eii liderlerin Felluce&#39;ye y\u00f6nelik son harek\u00e2ta sessiz kalmas\u0131, hatta baz\u0131lar\u0131n\u0131n destek vermesi gerek\u00e7e g\u00f6steriliyor. <\/p>\n<p> Irak ile ilgili olarak Guardian&#39;\u0131n dikkat \u00e7ekti\u011fi i\u00e7 gerginlik ise, K\u00fcrtler ile Sunilerin aras\u0131nda. S\u00fcnni direni\u015f\u00e7ilerin Musul&#39;u ele ge\u00e7irmek i\u00e7in faaliyetlerini artt\u0131rd\u0131\u011f\u0131na dikkat \u00e7eken gazete, K\u00fcrt yerel y\u00f6neticilerine ve pe\u015fmergelere y\u00f6nelik sald\u0131r\u0131lar\u0131 hat\u0131rlat\u0131yor. Binlerce pe\u015fmergenin destek i\u00e7in Musul&#39;a ak\u0131n etti\u011fini yazan Guardian, gerginli\u011fin artt\u0131\u011f\u0131na dikkat \u00e7ekiyor. <\/p>\n<p align=\"center\"> B\u0130R S\u00d6YLE\u015e\u0130DEN <\/p>\n<ul>\n<li>&#8211; 70&#39;li y\u0131larda Risale-i Nur okurken, birisi sizi bundan vazge\u00e7irmi\u015f. Olay\u0131 hat\u0131rl\u0131yor musunuz, nas\u0131l geli\u015fti?<\/li>\n<li>&#8211; Hi\u00e7 unutmad\u0131m ki. Sizin de belirtti\u011finiz gibi 70&#39;li y\u0131llarda Risale-i Nur&#39;a merak salm\u0131\u015ft\u0131m. O g\u00fcnlerde Do\u011fu T\u00fcrkistan&#39;dan T\u00fcrkiye&#39;ye iltica eden Celaleddin Karaka\u015f Hoca Efendi: &quot;Kur&#39;an tarih boyunca binlerce Said yeti\u015ftirmi\u015f, yeti\u015ftirmeye devam eder ama Risale-i Nur, bir tane Said yeti\u015ftiremez&quot; dedi. Celaleddin Karaka\u015f Hoca&#39;n\u0131n bu s\u00f6z\u00fc beni b\u00fct\u00fcn\u00fcyle Kur&#39;an&#39;a y\u00f6neltti.<\/li>\n<\/ul>\n<p align=\"center\"> CAM\u0130LERE G\u0130DENLERE ATE\u015e A\u00c7IYORLAR <\/p>\n<p> \u00a0\u00a0\u00a0\u00a0\u00a0\u00a0\u00a0\u00a0\u00a0\u00a0\u00a0 Camileri de hedef alan ABD ordusu askerlerine ate\u015f p\u00fcsk\u00fcren Felluceliler, askerlerin camilerde \u015farap i\u00e7tiklerini ve ayakkab\u0131larla camilere girdiklerini belirtiyorlar. Askerlerin anonslar yaparak erkekleri camilerde toplanmaya \u00e7a\u011f\u0131rd\u0131\u011f\u0131n\u0131 eve ellerinde beyaz bayraklarla silahs\u0131z olarak camilere giden sivillerin \u00fczerine ate\u015f edildi\u011fini s\u00f6yleyen Felluceliler, hi\u00e7 kimsenin can g\u00fcvenli\u011finin bulunmad\u0131\u011f\u0131n\u0131 ifade ediyorlar. <\/p>\n<p align=\"center\"> \u0130NC\u0130RL\u0130K&#39;TE 90 ATOM BOMBASI <\/p>\n<p> \u00a0\u00a0\u00a0\u00a0\u00a0\u00a0\u00a0\u00a0\u00a0\u00a0\u00a0 Frans\u0131z Liberation gazetesi m\u00fcthi\u015f bir iddia ortaya att\u0131. Amerika&#39;n\u0131n alt\u0131 Avrupa \u00fclkesinde 480 tane atom bombas\u0131 bulundurdu\u011funa dikkat \u00e7eken gazete, bunlar\u0131n 90 adedini ise T\u00fcrkiye&#39;deki \u0130ncirlik \u00dcss\u00fcnde oldu\u011funu yazd\u0131. Gazete ABD&#39;li Atomic Scientist isimli kurumun raporunu yay\u0131nlad\u0131. Raporda \u015f\u00f6yle deniliyor; &quot;Almanya, Bel\u00e7ika, \u0130talya, Hollanda ve \u0130ngiltere&#39;de 390, \u0130ncirlik Hava \u00dcss\u00fc&#39;nde ise 90 adet B-61 tipi atom bombas\u0131n\u0131 bulunuyor. Washington, bu bombalardan 40&#39;\u0131n\u0131, ABD&#39;nin denetiminde T\u00fcrkiye&#39;nin kullan\u0131m\u0131na b\u0131rakt\u0131&quot;. Buna g\u00f6re Amerika, istedi\u011fi an T\u00fcrkiye&#39;yi d\u00fcnyan\u0131n cehennemi haline getirip 3.d\u00fcnya sava\u015f\u0131n\u0131n ana mek\u00e2n\u0131 yapabilir. \u00c7\u00fcnk\u00fc bu bombalar\u0131n kullan\u0131m\u0131 sadece &quot;ABD denetiminde&quot; olabilir deniyor&#8230; <\/p>\n<p align=\"center\"> SAHTE MES\u0130H, SABATAY SEV\u0130! <\/p>\n<p> \u00a0\u00a0\u00a0\u00a0\u00a0\u00a0\u00a0\u00a0\u00a0\u00a0\u00a0 Sabataist d\u00f6nmelerin yani M\u00fcsl\u00fcman g\u00f6r\u00fcnen gizli Yahudilerin lideri olan Sabatay Sevi, beklenen Mesih oldu\u011funa pek \u00e7ok Yahudi&#39;yi inand\u0131r\u0131r. Mucize olarak ta v\u00fccuduna k\u0131l\u0131\u00e7 kur\u015fun i\u015flemedi\u011fini anlat\u0131r. <\/p>\n<p> \u00a0\u00a0\u00a0\u00a0\u00a0\u00a0\u00a0\u00a0\u00a0\u00a0\u00a0 Sultan IV. Murat; kendisini yakalat\u0131p Edirne&#39;ye getirtir ve: <\/p>\n<p> \u00a0\u00a0\u00a0\u00a0\u00a0\u00a0\u00a0\u00a0\u00a0\u00a0\u00a0 &quot;Madem \u00f6yle ise bu adam\u0131 soyup dursunlar, taraftarlar\u0131n\u0131 da \u015fahit olarak \u00e7a\u011f\u0131rs\u0131nlar. Ve ok\u00e7ular\u0131m\u0131z v\u00fccudunu hedef al\u0131p at\u0131\u015flar\u0131n\u0131 yaps\u0131nlar.. E\u011fer ger\u00e7ekten oklar kendisine i\u015flemez ise, bende Mesih oldu\u011funa inan\u0131p serbest b\u0131rakaca\u011f\u0131m!&quot; talimat\u0131n\u0131 veriri&#8230; <\/p>\n<p> \u00a0\u00a0\u00a0\u00a0\u00a0\u00a0\u00a0\u00a0\u00a0\u00a0\u00a0 Bunu duyunca titremeye ba\u015flayan ve alt\u0131n\u0131 \u0131slatan Sabatay yalvararak, <\/p>\n<p> \u00a0\u00a0\u00a0\u00a0\u00a0\u00a0\u00a0\u00a0\u00a0\u00a0\u00a0 &quot;Aman Sultan\u0131m&#8230; Benim gibi mel&#39;undan Mesih mi olur? Bir s\u00fcr\u00fc manyak bulunca, onlardan otlanmaya \u00e7al\u0131\u015ft\u0131m. M\u00fcsaade ediniz de M\u00fcsl\u00fcman olay\u0131m ve \u00e7evremizdeki zavall\u0131 ahmaklar\u0131 da Hak dine \u00e7a\u011f\u0131ray\u0131m&quot; der.. <\/p>\n<p> \u00a0\u00a0\u00a0\u00a0\u00a0\u00a0\u00a0\u00a0\u00a0\u00a0\u00a0 Ama as\u0131l \u015feytanl\u0131\u011f\u0131n ise bundan sonra g\u00f6sterir!&#8230; <\/p>\n<p align=\"center\"> HAYIRSEVER SABATA\u0130ST! <\/p>\n<p> \u00a0\u00a0\u00a0\u00a0\u00a0\u00a0\u00a0\u00a0\u00a0\u00a0\u00a0 \u00c7ok etkin ve zengin \u0130zmirli Sabataist d\u00f6nme bir ailenin k\u0131z\u0131 olan, siyasi ve stratejik ama\u00e7larla Atat\u00fcrk&#39;\u00fcn evlenip sonra bo\u015fand\u0131\u011f\u0131 Latife Han\u0131mefendinin ye\u011feni (Ve tabi Sabataist) Rukiye Devrim; masonik ve Siyonist bir simge olan &quot;\u00c7ek\u00fcl&quot; vakf\u0131nda hay\u0131rl\u0131 hizmetlerini s\u00fcrd\u00fcr\u00fcyormu\u015f. ( 11 Aral\u0131k 2004 -CNN T\u00fcrk 17:00 Haberleri) <\/p>\n<p> \u00a0\u00a0\u00a0\u00a0\u00a0\u00a0\u00a0\u00a0\u00a0\u00a0\u00a0 Sonunda T\u00fcrkiye&#39;yi hezimete s\u00fcr\u00fckleyecek hay\u0131rl\u0131 hizmetleri (!?) bu sabataist d\u00f6nmeler, niye acaba bu kadar \u00e7ok seviyor ? <\/p>\n<p align=\"center\"> G\u00c2VURDAN DOST, DOMUZDAN POST! <\/p>\n<p> \u00a0\u00a0\u00a0\u00a0\u00a0\u00a0\u00a0\u00a0\u00a0\u00a0\u00a0 Amerikan-T\u00fcrk Dostluk Derne\u011fi kurucular\u0131ndan senat\u00f6r Robert Mext\u0131r, Iraktaki ABD vah\u015fetini k\u0131nayan T\u00fcrklerin &quot;Edepsiz&quot; oldu\u011funu s\u00f6yledi. Bu tav\u0131r ve tepkilerin dostlu\u011fa yak\u0131\u015fmad\u0131\u011f\u0131n\u0131 iddia eden T\u00fcrk dostu (!) senat\u00f6r, T\u00fcrkiye&#39;deki Amerikan aleyhtarl\u0131\u011f\u0131 b\u00f6yle devam ederse, bunun faturas\u0131n\u0131n \u00e7ok a\u011f\u0131r olaca\u011f\u0131 tehditlerini de ihmal etmedi&#8230; <\/p>\n<p> \u00a0\u00a0\u00a0\u00a0\u00a0\u00a0\u00a0\u00a0\u00a0\u00a0\u00a0 Dostluklar\u0131 b\u00f6yle olan gavurun  <\/p>\n<p> D\u00fc\u015fmanl\u0131\u011f\u0131 nas\u0131l olur, d\u00fc\u015f\u00fcn\u00fcn <\/p>\n<p> Silkinde, masonlar\u0131 savurun <\/p>\n<p> \u0130\u015fbirlik\u00e7i AKP&#39;yi d\u00fc\u015f\u00fcr\u00fcn&#8230; <\/p>\n<p align=\"center\"> Tsunami Felaketi \u0130lahi Bir Uyar\u0131 Olamaz m\u0131? <\/p>\n<p> G\u00fcney Asya&#39;y\u0131 vuran ve 100 bin ki\u015finin kaybolmas\u0131na ve sahil \u015feridindeki turistik tatil b\u00f6lgelerinin y\u0131k\u0131l\u0131p batmas\u0131na yol a\u00e7an tsunami felaketinin; <\/p>\n<p> 1-Noel ve y\u0131lba\u015f\u0131 tatili i\u00e7in Tayland ve Seylan gibi \u00fclkelere \u00f6zellikle Avrupa ve Amerika&#39;daki zenginlerin ve de \u00e7o\u00e7uk fuh\u015fu i\u00e7in gittiklerinin bilindi\u011fi bir d\u00f6nemde meydana gelmesinin ilahi bir uyar\u0131 olabilece\u011fi \u00fczerinde niye yeterince ve gere\u011fince durulmuyor? <\/p>\n<p> \u0130lahiyat\u00e7\u0131lar azg\u0131n kavimlerin ba\u015f\u0131na gelen Kur&#39;ani k\u0131ssalar\u0131 niye hat\u0131rlatm\u0131yor? <\/p>\n<p> 2- Amerikan\u0131n Hint okyanusunda yapt\u0131\u011f\u0131 Tektonik (Deprem Bombas\u0131) bir denemenin tetikledi\u011fi bir afet olabilece\u011fi konusu niye tart\u0131\u015f\u0131lm\u0131yor? <\/p>\n","protected":false},"excerpt":{"rendered":"<p>\u00a0  <\/p>\n<p align=\"center\"> YUNAN BAYRAM ED\u0130YOR! <\/p>\n<p> Recep T.Erdo\u011fan\u0131n samimi dostu \u0130talyan Ba\u015fbakan\u0131 Berlisconi: <\/p>\n<p> &quot;Sn.Erdo\u011fan bize K\u0131br\u0131s Rum Kesimini tan\u0131yaca\u011f\u0131na dair \u00e7oktan s\u00f6z vermi\u015ftir. Sadece bunu meclis g\u00fcndemine getirmek i\u00e7in biraz zaman istemi\u015ftir. Zaten bir \u00fcyesini tan\u0131madan bir aileye girmek m\u00fcmk\u00fcn de\u011fildir&quot; a\u00e7\u0131klamas\u0131n\u0131 yapm\u0131\u015ft\u0131r. <\/p>\n<p> Ve diplomaside bu t\u00fcr s\u00f6zl\u00fc vaatler resmiyet kazan\u0131r. <\/p>\n<p> Recep Bey&#39;in\u00a0 &quot;K\u0131br\u0131s&#39;\u0131 resmen tan\u0131mad\u0131k&quot; iddialar\u0131 sadece milletimizi kand\u0131rmad\u0131r <\/p>\n","protected":false},"author":1,"featured_media":0,"comment_status":"open","ping_status":"closed","sticky":false,"template":"","format":"standard","meta":{"footnotes":""},"categories":[52],"tags":[],"class_list":["post-482","post","type-post","status-publish","format-standard","hentry","category-ocak-2005"],"_links":{"self":[{"href":"https:\/\/www.millicozum.com\/mc\/wp-json\/wp\/v2\/posts\/482","targetHints":{"allow":["GET"]}}],"collection":[{"href":"https:\/\/www.millicozum.com\/mc\/wp-json\/wp\/v2\/posts"}],"about":[{"href":"https:\/\/www.millicozum.com\/mc\/wp-json\/wp\/v2\/types\/post"}],"author":[{"embeddable":true,"href":"https:\/\/www.millicozum.com\/mc\/wp-json\/wp\/v2\/users\/1"}],"replies":[{"embeddable":true,"href":"https:\/\/www.millicozum.com\/mc\/wp-json\/wp\/v2\/comments?post=482"}],"version-history":[{"count":0,"href":"https:\/\/www.millicozum.com\/mc\/wp-json\/wp\/v2\/posts\/482\/revisions"}],"wp:attachment":[{"href":"https:\/\/www.millicozum.com\/mc\/wp-json\/wp\/v2\/media?parent=482"}],"wp:term":[{"taxonomy":"category","embeddable":true,"href":"https:\/\/www.millicozum.com\/mc\/wp-json\/wp\/v2\/categories?post=482"},{"taxonomy":"post_tag","embeddable":true,"href":"https:\/\/www.millicozum.com\/mc\/wp-json\/wp\/v2\/tags?post=482"}],"curies":[{"name":"wp","href":"https:\/\/api.w.org\/{rel}","templated":true}]}}