{"id":4877,"date":"2018-08-15T22:00:00","date_gmt":"2018-08-15T22:00:00","guid":{"rendered":"https:\/\/www.millicozum.com\/mc\/2018\/08\/15\/siyasallasan-yarginin-yaralanmasi-ve-istismarci-din-yarasalari-2\/"},"modified":"2018-08-15T22:00:00","modified_gmt":"2018-08-15T22:00:00","slug":"siyasallasan-yarginin-yaralanmasi-ve-istismarci-din-yarasalari-2","status":"publish","type":"post","link":"https:\/\/www.millicozum.com\/mc\/ozel-yazilar\/siyasallasan-yarginin-yaralanmasi-ve-istismarci-din-yarasalari\/","title":{"rendered":"S\u0130YASALLA\u015eAN YARGININ YARALANMASI VE \u0130ST\u0130SMARCI D\u0130N YARASALARI"},"content":{"rendered":"\n<p style=\"margin-bottom: 0.0001pt; text-align: center;\"><strong><span style=\"font-size: 18pt; font-family: Arial, sans-serif;\">S\u0130YASALLA\u015eAN YARGININ YARALANMASI<\/span><\/strong><\/p>\n<p style=\"margin-bottom: 0.0001pt; text-align: center;\"><strong><span style=\"font-size: 18pt; font-family: Arial, sans-serif;\">VE<\/span><\/strong><\/p>\n<p style=\"margin-bottom: 0.0001pt; text-align: center;\"><strong><span style=\"font-size: 18pt; font-family: Arial, sans-serif;\">\u0130ST\u0130SMARCI D\u0130N YARASALARI<\/span><\/strong><\/p>\n<p style=\"margin-bottom: 0.0001pt; text-align: center;\"><strong><span style=\"font-size: 18pt; font-family: Arial, sans-serif;\">&nbsp;&nbsp;&nbsp;&nbsp;&nbsp;&nbsp; <\/span><\/strong><\/p>\n<p style=\"margin-bottom: 0.0001pt; text-align: justify; text-indent: 1cm; line-height: 16pt;\"><strong><span style=\"font-size: 12pt; font-family: 'Arial', sans-serif;\">Fetullah&ccedil;\u0131, \u0130smaila\u011fa Tarikat\u0131, S&uuml;leymanc\u0131, Menzil ba\u011fl\u0131s\u0131 ve Nur Cemaati gibi isimlerle an\u0131lan dini yap\u0131lanmalar\u0131n taban\u0131n\u0131 ve taraftar\u0131n\u0131 olu\u015fturan M&uuml;sl&uuml;manlar\u0131n &ccedil;ok b&uuml;y&uuml;k k\u0131sm\u0131n\u0131n; samimi, istikametli ve g&ouml;n&uuml;ll&uuml; hizmet ehli olduklar\u0131n\u0131 biliyoruz. Ancak bu t&uuml;r olu\u015fumlar\u0131n i&ccedil;ine s\u0131zan ve eleba\u015f\u0131 rol&uuml; oynayan menfaat&ccedil;i ve istismarc\u0131 bir kesimin, &ouml;zellikle d\u0131\u015f destekli AKP iktidar\u0131yla birlikte olduk&ccedil;a \u015f\u0131mard\u0131klar\u0131n\u0131 ve &ccedil;ok kirli ve cin fikirli i\u015flere bula\u015ft\u0131klar\u0131n\u0131 da hayretle g&ouml;r&uuml;yor ve iyi niyetli m&uuml;ntesiplerini uyar\u0131yoruz. <em>&ldquo;Dinsiz &ccedil;evreler, imani ve \u0130slami hizmetlerimizi k&ouml;steklemek istiyor&rdquo;<\/em> diyerek kendi mel&rsquo;anetlerine mazeret ve me\u015fruiyet uydurmaya &ccedil;al\u0131\u015fan sahtek&acirc;rlara ve g&acirc;vur (ABD, AB, \u0130srail) u\u015faklar\u0131na kar\u015f\u0131 dikkatli olmalar\u0131n\u0131 ve Y&uuml;ce Kur&rsquo;an&rsquo;\u0131m\u0131z\u0131n a&ccedil;\u0131k h&uuml;k&uuml;mlerini &ouml;l&ccedil;&uuml; almalar\u0131n\u0131 hat\u0131rlat\u0131yoruz.<\/span><\/strong><\/p>\n<p style=\"margin-bottom: 0.0001pt; text-align: justify; text-indent: 1cm; line-height: 16pt;\"><strong><span style=\"font-size: 14pt; font-family: 'Arial', sans-serif;\">Mahmut Efendi&rsquo;nin Milli Gazete&rsquo;ye yapt\u0131\u011f\u0131 \u015fu a&ccedil;\u0131klamay\u0131 da olduk&ccedil;a &ouml;nemli buluyoruz:<\/span><\/strong><\/p>\n<p style=\"margin-bottom: 0.0001pt; text-align: justify; text-indent: 1cm; line-height: 16pt;\"><strong><em><span style=\"font-size: 12pt; font-family: 'Arial', sans-serif;\">&#8220;Son zamanlarda baz\u0131 gazete ve dergilerin ad\u0131m\u0131z\u0131 ve soyad\u0131m\u0131z\u0131 izinsiz kullanarak rant sa\u011flamaya &ccedil;al\u0131\u015ft\u0131klar\u0131n\u0131 &uuml;z&uuml;nt&uuml;yle &ouml;\u011frenmi\u015f bulunmaktay\u0131m. Bu gazete ve dergilerde yay\u0131nlanan haberlerden, yaz\u0131lanlardan, makalelerden haberimiz olmad\u0131\u011f\u0131 gibi, iznimiz de yoktur. Ustaosmano\u011flu olan soyad\u0131m\u0131z\u0131 kullanarak, hatta akrabal\u0131klar ihdas ederek menfaat temin etmeye &ccedil;al\u0131\u015fanlar\u0131 her \u015feyden evvel Allah&#8217;a havale ediyorum. Bug&uuml;ne kadar Allah ve Resul&ucirc;n&uuml;n buyurduklar\u0131n\u0131 anlatma ve yayma d\u0131\u015f\u0131nda, <\/span><\/em><\/strong><strong><em><span style=\"font-size: 14pt; font-family: 'Arial', sans-serif;\">legal veya illegal hi&ccedil;bir kurulu\u015fla ve &ouml;zellikle de siyasetle alakam\u0131z olmam\u0131\u015ft\u0131r. <\/span><\/em><\/strong><strong><em><span style=\"font-size: 12pt; font-family: 'Arial', sans-serif;\">Bizim baz\u0131 kurulu\u015flara icazetimiz varm\u0131\u015f gibi yap\u0131lan yak\u0131\u015ft\u0131rmalar\u0131 da k\u0131n\u0131yorum. Bundan b&ouml;yle bizim iznimiz al\u0131nmadan yapm\u0131\u015f oldu\u011fumuz sohbetlerimizi dergilerinde, gazetelerinde kullananlar hakk\u0131nda hukuki i\u015flemlere tevess&uuml;l edece\u011fimizi ilan eder, efk&acirc;r-\u0131 umumiyeye sa\u011fl\u0131k, s\u0131hhat ve afiyetler dilerim.&#8221; <\/span><\/em><\/strong><strong><span style=\"font-size: 12pt; font-family: 'Arial', sans-serif;\">ifadelerini esas alarak ve do\u011fru sayarak \u0130smaila\u011fa Cemaatini siyasi ve ticari &ccedil;\u0131kar hesaplar\u0131na alet eden istismarc\u0131 sahtek&acirc;rlara kar\u015f\u0131 dikkatli olunmas\u0131 gere\u011fini hat\u0131rlat\u0131yoruz.<\/span><\/strong><\/p>\n<p style=\"margin-bottom: 0.0001pt; text-align: justify; text-indent: 1cm; line-height: 16pt;\"><strong><span style=\"font-size: 12pt; font-family: 'Arial', sans-serif;\">Erzincan Ba\u015fsavc\u0131s\u0131na bask\u0131n yap\u0131l\u0131yordu!<\/span><\/strong><\/p>\n<p style=\"margin-bottom: 0.0001pt; text-align: justify; text-indent: 1cm; line-height: 16pt;\"><span style=\"font-size: 12pt; font-family: 'Arial', sans-serif;\">C\u0131lk\u0131 &ccedil;\u0131kan Ergenekon soru\u015fturmas\u0131 bahanesiyle yap\u0131lan operasyonlar kapsam\u0131nda ve Albay Dursun &Ccedil;i&ccedil;ek imzal\u0131 uyduruk &#8216;kaos plan\u0131&#8217; do\u011frultusunda <strong><em>&ldquo;baz\u0131 cemaatler hakk\u0131nda illegal soru\u015fturma ba\u015flatmakla&rdquo;<\/em><\/strong> su&ccedil;lanan Erzincan Cumhuriyet Ba\u015fsavc\u0131s\u0131 \u0130lhan Cihaner&#8217;in makam\u0131nda ve evinde arama yap\u0131lm\u0131\u015ft\u0131. Ergenekon soru\u015fturmas\u0131 kapsam\u0131nda \u0130zmir&#8217;de de Fo&ccedil;a &Ccedil;\u0131karma Gemileri Komutan\u0131 Tu\u011famiral Mehmet Fatih \u0130lhan ile Ege Ordusu Kurmay Ba\u015fkan\u0131 T&uuml;mgeneral &Ouml;mer Pa&ccedil;&#8217;\u0131n da ifadeleri al\u0131nm\u0131\u015ft\u0131. Erzurum &Ouml;zel Yetkili Savc\u0131 Osman \u015eanal taraf\u0131ndan y&uuml;r&uuml;t&uuml;len soru\u015fturmada, <\/span><strong><span style=\"font-size: 14pt; font-family: 'Arial', sans-serif;\">Deniz Kurmay Albay Dursun &Ccedil;i&ccedil;ek imzal\u0131 &#8216;kaos plan\u0131&#8217;<\/span><\/strong><span style=\"font-size: 14pt; font-family: 'Arial', sans-serif;\"> <\/span><span style=\"font-size: 12pt; font-family: 'Arial', sans-serif;\">do\u011frultusunda baz\u0131 cemaatler hakk\u0131nda illegal soru\u015fturma ba\u015flatmakla su&ccedil;lanan Erzincan Cumhuriyet Ba\u015fsavc\u0131s\u0131 \u0130lhan Cihaner&#8217;in makam\u0131nda ve evinde arama yap\u0131lm\u0131\u015ft\u0131. \u0130smaila\u011fa Cemaati ve Fetullah G&uuml;len hakk\u0131nda y&uuml;r&uuml;t&uuml;len soru\u015fturma sonras\u0131nda Cihaner hakk\u0131nda 26 y\u0131l hapis istemiyle Tunceli A\u011f\u0131r Ceza Mahkemesi&#8217;nde dava a&ccedil;\u0131lm\u0131\u015f ve tutuklanm\u0131\u015ft\u0131.<\/span><\/p>\n<p style=\"margin-bottom: 0.0001pt; text-align: justify; text-indent: 1cm; line-height: 16pt;\"><span style=\"font-size: 12pt; font-family: 'Arial', sans-serif;\">&Ouml;te yandan ifade vermeye gelmeyen 3. Ordu Komutan\u0131 Orgeneral Sald\u0131ray Berk, Ergenekon soru\u015fturmas\u0131 kapsam\u0131nda &#8216;\u015f&uuml;pheli&#8217; s\u0131fat\u0131yla ikinci kez adliyeye &ccedil;a\u011fr\u0131lm\u0131\u015f ve Savc\u0131 Osman \u015eanal, Org. Berk&#8217;e, &#8216;g&uuml;n&uuml; a&ccedil;\u0131k&#8217; olmak &uuml;zere 26 \u015eubat&#8217;a kadar s&uuml;re tan\u0131m\u0131\u015ft\u0131. Berk, bu zaman zarf\u0131nda mazeret beyan etmeden gelmezse polis zoruyla sorguya getirilece\u011fi konu\u015fulmaktayd\u0131. Berk&#8217;in ifadeye &ccedil;a\u011fr\u0131lmas\u0131n\u0131n ard\u0131ndan, 16 \u015eubat&rsquo;ta 20 ara&ccedil;l\u0131k bir askeri konvoyun Erzincan kent merkezinden ge&ccedil;mesi vatanda\u015flar taraf\u0131ndan tuhaf kar\u015f\u0131lanm\u0131\u015ft\u0131.<\/span><\/p>\n<p style=\"margin-bottom: 0.0001pt; text-align: justify; text-indent: 1cm; line-height: 16pt;\"><strong><span style=\"font-size: 12pt; font-family: 'Arial', sans-serif;\">HSYK&rsquo;dan &ccedil;ok kritik bir karar &ccedil;\u0131k\u0131yordu!<\/span><\/strong><\/p>\n<p style=\"margin-bottom: 0.0001pt; text-align: justify; text-indent: 1cm; line-height: 16pt;\"><span style=\"font-size: 12pt; font-family: 'Arial', sans-serif;\">Bu geli\u015fmeler &uuml;zerine HSYK, Erzincan Cumhuriyet Ba\u015fsavc\u0131s\u0131 i&ccedil;in tutuklama talep eden &Ouml;zel Yetkili Savc\u0131 Osman \u015eanal&rsquo;\u0131n yetkisi kald\u0131r\u0131lm\u0131\u015f ve su&ccedil; duyurusunda bulunma karar\u0131 al\u0131nm\u0131\u015ft\u0131. HSYK, Erzurum &ouml;zel yetkili Ba\u015fsavc\u0131 vekili Tar\u0131k G&uuml;r, Cumhuriyet Savc\u0131lar\u0131 Rasim Karakulluk&ccedil;u, Mehmet Yaz\u0131c\u0131 ve Osman \u015eanal&#8217;\u0131n, CMK&#8217;n\u0131n 250. maddesi kapsam\u0131ndaki yetkilerinin kald\u0131r\u0131lmas\u0131na ve Erzurum Cumhuriyet Ba\u015fsavc\u0131s\u0131 Sinan Ku\u015f, G&uuml;r, Karakulluk&ccedil;u, Yaz\u0131c\u0131 ve \u015eanal ile di\u011fer ilgililer hakk\u0131nda yasal gere\u011finin yap\u0131lmas\u0131 i&ccedil;in su&ccedil; duyurusunda bulunulmas\u0131 karar\u0131 ortal\u0131\u011f\u0131 kar\u0131\u015ft\u0131rm\u0131\u015ft\u0131.<\/span><\/p>\n<p style=\"margin-bottom: 0.0001pt; text-align: justify; text-indent: 1cm; line-height: 16pt;\"><span style=\"font-size: 12pt; font-family: 'Arial', sans-serif;\">Erzincan Cumhuriyet Ba\u015fsavc\u0131s\u0131 \u0130lhan Cihaner&#8217;in g&ouml;zalt\u0131na al\u0131nmas\u0131 &uuml;zerine ola\u011fan&uuml;st&uuml; toplanan HSYK&#8217;dan, yakla\u015f\u0131k 4 saat s&uuml;ren toplant\u0131n\u0131n ard\u0131ndan, al\u0131nan kararlara ili\u015fkin yaz\u0131l\u0131 bir a&ccedil;\u0131klama yap\u0131lm\u0131\u015ft\u0131. Toplant\u0131ya, Adalet Bakanl\u0131\u011f\u0131 M&uuml;ste\u015far\u0131 ve HSYK &uuml;yesi Ahmet Kahraman da kat\u0131lm\u0131\u015f, ancak Kahraman toplant\u0131dan, yaz\u0131l\u0131 a&ccedil;\u0131klama yap\u0131lmadan &ouml;nce ayr\u0131lm\u0131\u015ft\u0131. HSYK a&ccedil;\u0131klamas\u0131nda, Erzincan Cumhuriyet Ba\u015fsavc\u0131l\u0131\u011f\u0131&#8217;nda yap\u0131lan uygulamalar\u0131n, HSYK&#8217;n\u0131n g&uuml;ndemine oy birli\u011fiyle al\u0131narak, incelenmesine karar verildi\u011fi an\u0131msat\u0131ld\u0131.<\/span><\/p>\n<p style=\"margin-bottom: 0.0001pt; text-align: justify; text-indent: 1cm; line-height: 16pt;\"><span style=\"font-size: 12pt; font-family: 'Arial', sans-serif;\">Ceza Muhakemesi Kanunu&#8217;nun (CMK) 250\/3. maddesindeki amir h&uuml;km&uuml;n ihlal edilerek, g&ouml;rev ve yetki a\u015f\u0131m\u0131nda bulunuldu\u011funu belirten HSYK, Erzurum &Ouml;zel yetkili Cumhuriyet Ba\u015fsavc\u0131 vekili Tar\u0131k G&uuml;r, Cumhuriyet Savc\u0131lar\u0131 Rasim Karakulluk&ccedil;u, Mehmet Yaz\u0131c\u0131 ve Osman \u015eanal&#8217;\u0131n, CMK 250. maddesi kapsam\u0131ndaki yetkilerinin kald\u0131r\u0131lmas\u0131 karar\u0131na varm\u0131\u015ft\u0131. HSYK, Erzurum Cumhuriyet Ba\u015fsavc\u0131s\u0131 Sinan Ku\u015f, Ba\u015fsavc\u0131 vekili Tar\u0131k G&uuml;r, Cumhuriyet Savc\u0131lar\u0131 Karakulluk&ccedil;u, Yaz\u0131c\u0131 ve \u015eanal ile di\u011fer ilgililer hakk\u0131nda yasal gere\u011finin yap\u0131lmas\u0131 i&ccedil;in su&ccedil; duyurusunda bulunulmas\u0131n\u0131 da kararla\u015ft\u0131rd\u0131. HSYK, bu karar\u0131 oy &ccedil;oklu\u011fuyla alm\u0131\u015ft\u0131.<\/span><\/p>\n<p style=\"margin-bottom: 0.0001pt; text-align: justify; text-indent: 1cm; line-height: 16pt;\"><strong><span style=\"font-size: 12pt; font-family: 'Arial', sans-serif;\">Erzincan Ba\u015fsavc\u0131s\u0131 kimleri korkutuyordu?<\/span><\/strong><\/p>\n<p style=\"margin-bottom: 0.0001pt; text-align: justify; text-indent: 1cm; line-height: 16pt;\"><strong><span style=\"font-size: 12pt; font-family: 'Arial', sans-serif;\">Cumhuriyet tarihinde ilk kez bir Ba\u015fsavc\u0131 g&ouml;zalt\u0131na al\u0131nmaktayd\u0131. \u0130lk kez g&ouml;revdeki bir ordu komutan\u0131 (3. Ordu Komutan\u0131 Sald\u0131ray Berk) \u015f&uuml;pheli s\u0131fat\u0131n\u0131 kazanm\u0131\u015ft\u0131. Erzincan Ba\u015fsavc\u0131s\u0131, tarikatlar (Fetullah G&uuml;len, Menzil, S&uuml;leymanc\u0131 ve \u0130smaila\u011fa) hakk\u0131nda soru\u015fturma ba\u015flatm\u0131\u015ft\u0131. Bunun &uuml;zerine Erzurum &Ouml;zel Yetkili Savc\u0131s\u0131 Osman \u015eanal, Erzincan Ba\u015fsavc\u0131s\u0131 \u0130lhan Cihaner&#8217;in adliyedeki makam odas\u0131nda ve evinde arama yapt\u0131rm\u0131\u015f ve tutuklatm\u0131\u015ft\u0131.<\/span><\/strong><\/p>\n<p style=\"margin-bottom: 0.0001pt; text-align: justify; text-indent: 1cm; line-height: 16pt;\"><strong><span style=\"font-size: 12pt; font-family: 'Arial', sans-serif;\">Erzurum Savc\u0131s\u0131 &ouml;nce soru\u015fturmaya kat\u0131lan jandarma ve M\u0130T g&ouml;revlilerini tutuklam\u0131\u015ft\u0131. &Uuml;&ccedil;&uuml;nc&uuml; Ordu Komutan\u0131 Orgeneral Berk&rsquo;i \u015f&uuml;pheli s\u0131fat\u0131yla ifadeye &ccedil;a\u011f\u0131rm\u0131\u015ft\u0131. Sonunda da: <em>&ldquo;Senin silahl\u0131 ter&ouml;r &ouml;rg&uuml;t&uuml; Ergenekon &uuml;yesi oldu\u011fundan \u015f&uuml;phe ediyorum&rdquo;<\/em> diyerek Erzincan Ba\u015fsavc\u0131s\u0131n\u0131 g&ouml;zalt\u0131na ald\u0131rm\u0131\u015ft\u0131.<\/span><\/strong><\/p>\n<p style=\"margin-bottom: 0.0001pt; text-align: justify; text-indent: 1cm; line-height: 16pt;\"><strong><span style=\"font-size: 14pt; font-family: 'Arial', sans-serif;\">Peki, perdenin arkas\u0131nda neler vard\u0131?<\/span><\/strong><\/p>\n<p style=\"margin-bottom: 0.0001pt; text-align: justify; text-indent: 1cm; line-height: 16pt;\"><strong><span style=\"font-size: 12pt; font-family: 'Arial', sans-serif;\">Erzincan Ba\u015fsavc\u0131s\u0131 Cihaner <em>&ldquo;cemaatler soru\u015fturmas\u0131&rdquo;<\/em> s\u0131ras\u0131nda pek &ccedil;ok dinleme karar\u0131 alm\u0131\u015f ve uygulam\u0131\u015ft\u0131. \u0130ddialara g&ouml;re AKP&rsquo;den &ccedil;ok say\u0131da Bakan, Milletvekili, Belediye Ba\u015fkan\u0131, partiyle ili\u015fkili i\u015f adam\u0131 ve b&uuml;rokrat dinlemelere tak\u0131lm\u0131\u015ft\u0131. Yine iddialara g&ouml;re dinleme kay\u0131tlar\u0131nda tarikat faaliyetleri, r&uuml;\u015fvet pazarl\u0131klar\u0131, ihale yolsuzluklar\u0131, baz\u0131 kamu g&ouml;revlilerinin tehditle susturulmas\u0131 gibi pek &ccedil;ok olaya rastlanm\u0131\u015ft\u0131. Cihaner, \u0130smaila\u011fa cemaat lideri Mahmut Ustaosmano\u011flu ile \u0130stanbul B&uuml;y&uuml;k\u015fehir Belediye Ba\u015fkan\u0131 Kadir Topba\u015f&rsquo;\u0131n da aralar\u0131nda bulundu\u011fu 235 ki\u015fiyi kapsayan uzun bir \u015f&uuml;pheliler listesi haz\u0131rlam\u0131\u015ft\u0131. Teyitli bilgilere g&ouml;re; \u015f&uuml;pheliler aras\u0131nda eski Orman Bakan\u0131 Osman Pepe&rsquo;den Yeni \u015eafak gazetesinin sahibi Ahmet Albayrak&#8217;a kadar pek &ccedil;ok isim vard\u0131. Listede bilgisine ula\u015ft\u0131\u011f\u0131m\u0131z ama hen&uuml;z teyit edemedi\u011fimiz daha pek &ccedil;ok &uuml;nl&uuml; AKP&rsquo;li bulunmaktayd\u0131.<\/span><\/strong><\/p>\n<p style=\"margin-bottom: 0.0001pt; text-align: justify; text-indent: 1cm; line-height: 16pt;\"><strong><span style=\"font-size: 14pt; font-family: 'Arial', sans-serif;\">Ancak \u015fu sorular hal&acirc; yan\u0131tlar\u0131n\u0131 aramaktayd\u0131:<\/span><\/strong><\/p>\n<p style=\"margin-bottom: 0.0001pt; text-align: justify; text-indent: 1cm; line-height: 16pt;\"><strong><span style=\"font-size: 12pt; font-family: 'Arial', sans-serif;\">&#8211; Tutuklanan Savc\u0131 Cihaner&rsquo;e bizzat telefon edip &ldquo;Soru\u015fturmay\u0131 b\u0131rak&rdquo; diyen AKP&rsquo;li Bakan kim olmaktayd\u0131?<\/span><\/strong><\/p>\n<p style=\"margin-bottom: 0.0001pt; text-align: justify; text-indent: 1cm; line-height: 16pt;\"><strong><span style=\"font-size: 12pt; font-family: 'Arial', sans-serif;\">&#8211; Ba\u015fbakan, Cihaner&rsquo;le ilgili s&uuml;re&ccedil;ten ne kadar haberdard\u0131?<\/span><\/strong><\/p>\n<p style=\"margin-bottom: 0.0001pt; text-align: justify; text-indent: 1cm; line-height: 16pt;\"><strong><span style=\"font-size: 12pt; font-family: 'Arial', sans-serif;\">&#8211; G&ouml;zalt\u0131 karar\u0131, delillerin karart\u0131lmas\u0131 ve ki\u015finin ka&ccedil;ma ihtimali &uuml;zerine al\u0131nm\u0131\u015ft\u0131. Acaba Cihaner de bu y&uuml;zden mi tutuklanm\u0131\u015ft\u0131? Yoksa Erzurum Savc\u0131s\u0131 Cihaner aleyhine yeterli delil bulamad\u0131\u011f\u0131 i&ccedil;in mi bu bask\u0131n\u0131 yapt\u0131rm\u0131\u015ft\u0131?<\/span><\/strong><\/p>\n<p style=\"margin-bottom: 0.0001pt; text-align: justify; text-indent: 1cm; line-height: 16pt;\"><strong><span style=\"font-size: 12pt; font-family: 'Arial', sans-serif;\">&#8211; Cihaner&rsquo;in elde etti\u011fi kan\u0131tlar AKP&rsquo;den kimleri korkutup uykular\u0131n\u0131 ka&ccedil;\u0131rm\u0131\u015ft\u0131?<\/span><\/strong><\/p>\n<p style=\"margin-bottom: 0.0001pt; text-align: justify; text-indent: 1cm; line-height: 16pt;\"><strong><span style=\"font-size: 12pt; font-family: 'Arial', sans-serif;\">&#8211; Erzurum Savc\u0131s\u0131 &ldquo;Cihaner&rsquo;in elinde ba\u015fka neler var?&rdquo; diyerek mi arama yapt\u0131rm\u0131\u015f ve g&ouml;zalt\u0131 karar\u0131 ald\u0131rm\u0131\u015ft\u0131?<\/span><\/strong><\/p>\n<p style=\"margin-bottom: 0.0001pt; text-align: justify; text-indent: 1cm; line-height: 16pt;\"><strong><span style=\"font-size: 12pt; font-family: 'Arial', sans-serif;\">Her \u015feyi &lsquo;cemaat&ccedil;i&rsquo; kocas\u0131ndan dayak yiyen kad\u0131n m\u0131 ba\u015flat\u0131yordu!<\/span><\/strong><\/p>\n<p style=\"margin-bottom: 0.0001pt; text-align: justify; text-indent: 1cm; line-height: 16pt;\"><span style=\"font-size: 12pt; font-family: 'Arial', sans-serif;\">T&uuml;rkiye&rsquo;de ilk kez bir Ba\u015fsavc\u0131&rsquo;n\u0131n makam\u0131n\u0131n arand\u0131\u011f\u0131 ve g&ouml;zalt\u0131na al\u0131nd\u0131\u011f\u0131 Erzincan&rsquo;daki olaylar\u0131n ba\u015flang\u0131c\u0131 2007&rsquo;ye dayanmaktayd\u0131. \u0130\u015fte Erzincan&rsquo;da 3 y\u0131lda ya\u015fananlar:<\/span><\/p>\n<p style=\"margin-bottom: 0.0001pt; text-align: justify; text-indent: 1cm; line-height: 16pt;\"><span style=\"font-size: 12pt; font-family: 'Arial', sans-serif;\">2 Temmuz 2007: Cihaner, Erzincan Ba\u015fsavc\u0131l\u0131\u011f\u0131&rsquo;na atanm\u0131\u015ft\u0131.<\/span><\/p>\n<p style=\"margin-bottom: 0.0001pt; text-align: justify; text-indent: 1cm; line-height: 16pt;\"><span style=\"font-size: 12pt; font-family: 'Arial', sans-serif;\">2 Kas\u0131m 2007: Jandarma&rsquo;ya e\u015finden a\u015f\u0131r\u0131 \u015fiddet g&ouml;ren bir kad\u0131n ba\u015fvuru yapm\u0131\u015ft\u0131. Kad\u0131n, Savc\u0131l\u0131k ifadesinde g&ouml;rd&uuml;\u011f&uuml; vah\u015fet ve \u015fiddetin yan\u0131 s\u0131ra, kocas\u0131n\u0131n \u0130smaila\u011fa cemaatinin &ouml;nde gelenlerinden oldu\u011funu ve bu cemaatin sinsi faaliyetlerini anlatm\u0131\u015ft\u0131. Cihaner bunun &uuml;zerine d&uuml;\u011fmeye basm\u0131\u015ft\u0131.<\/span><\/p>\n<p style=\"margin-bottom: 0.0001pt; text-align: justify; text-indent: 1cm; line-height: 16pt;\"><span style=\"font-size: 12pt; font-family: 'Arial', sans-serif;\">&#8211; Soru\u015fturmada \u0130stanbul B&uuml;y&uuml;k\u015fehir Belediye Ba\u015fkan\u0131 Kadir Topba\u015f, Yeni \u015eafak gazetesi sahibi Ahmet Albayrak, kamuoyunda C&uuml;ppeli Ahmet Hoca gibi isimlerin yer ald\u0131\u011f\u0131 235 \u015f&uuml;pheli vard\u0131. Erzincan&rsquo;da bask\u0131nlar yap\u0131ld\u0131 29 ki\u015fi g&ouml;zalt\u0131na al\u0131nm\u0131\u015f ve 9 ki\u015fi tutuklanm\u0131\u015ft\u0131.<\/span><\/p>\n<p style=\"margin-bottom: 0.0001pt; text-align: justify; text-indent: 1cm; line-height: 16pt;\"><strong><span style=\"font-size: 12pt; font-family: 'Arial', sans-serif;\">Erzurum &Ouml;zel Yetkili Savc\u0131s\u0131, Tarikat ve Cemaatle ilgili: <em>&ldquo;&Ouml;rg&uuml;t silahl\u0131d\u0131r, bu nedenle g&ouml;rev benim sahamdad\u0131r!&rdquo;<\/em> diyordu!<\/span><\/strong><\/p>\n<p style=\"margin-bottom: 0.0001pt; text-align: justify; text-indent: 1cm; line-height: 16pt;\"><span style=\"font-size: 12pt; font-family: 'Arial', sans-serif;\">2 Mart 2009: Soru\u015fturma 16 \u0130l&rsquo;e yay\u0131laca\u011f\u0131 s\u0131rada Erzurum &Ouml;zel Yetkili A\u011f\u0131r Ceza Savc\u0131s\u0131 Osman \u015eanal&rsquo;\u0131n hemen devreye sokulmas\u0131 kafa kar\u0131\u015ft\u0131r\u0131c\u0131yd\u0131. \u015eanal, bir ihbara dayanarak grubun &ldquo;silahl\u0131 &ouml;rg&uuml;t&rdquo; oldu\u011fu iddias\u0131n\u0131 ortaya atm\u0131\u015f ve &ldquo;soru\u015fturma yetkisinin kendisinde&rdquo; oldu\u011funu belirterek dosyay\u0131 istemi\u015fti. Ama Cihaner dosyay\u0131 g&ouml;ndermemi\u015fti.<\/span><\/p>\n<p style=\"margin-bottom: 0.0001pt; text-align: justify; text-indent: 1cm; line-height: 16pt;\"><span style=\"font-size: 12pt; font-family: 'Arial', sans-serif;\">5 May\u0131s 2009: \u015eanal, Valili\u011fe bir yaz\u0131 g&ouml;ndererek, Cihaner&rsquo;in g&ouml;revini sonland\u0131rd\u0131\u011f\u0131n\u0131 bildirmi\u015fti.<\/span><\/p>\n<p style=\"margin-bottom: 0.0001pt; text-align: justify; text-indent: 1cm; line-height: 16pt;\"><span style=\"font-size: 12pt; font-family: 'Arial', sans-serif;\">26 May\u0131s 2009: Cihaner ise Valili\u011fe yazd\u0131\u011f\u0131 cevabi yaz\u0131da, \u015eanal&rsquo;\u0131n bu y&ouml;nde bir yetkisinin olmad\u0131\u011f\u0131n\u0131 s&ouml;ylemi\u015f ve \u015eanal&rsquo;\u0131 HSYK&rsquo;ya ve Bakanl\u0131\u011fa \u015fik&acirc;yet etmi\u015fti.<\/span><\/p>\n<p style=\"margin-bottom: 0.0001pt; text-align: justify; text-indent: 1cm; line-height: 16pt;\"><span style=\"font-size: 12pt; font-family: 'Arial', sans-serif;\">Ancak, Cihaner, gelen bask\u0131lar &uuml;zerine dosyay\u0131 Erzurum&rsquo;a g&ouml;ndermi\u015fti. Ama bu kez ba\u015fka bir cemaatle ilgili ikinci bir soru\u015fturma ba\u015flat\u0131vermi\u015fti. Erzurum bu dosyay\u0131 da istemi\u015fti.<\/span><\/p>\n<p style=\"margin-bottom: 0.0001pt; text-align: justify; text-indent: 1cm; line-height: 16pt;\"><span style=\"font-size: 12pt; font-family: 'Arial', sans-serif;\">12 Haziran 2009: Taraf gazetesi <\/span><span style=\"font-size: 14pt; font-family: 'Arial', sans-serif;\">&lsquo;\u0130rticayla M&uuml;cadele Eylem Plan\u0131&rsquo; adl\u0131 ve Albay Dursun &Ccedil;i&ccedil;ek imzal\u0131 <\/span><span style=\"font-size: 12pt; font-family: 'Arial', sans-serif;\">belgeyi yay\u0131mlad\u0131. <\/span><em><span style=\"font-size: 14pt; font-family: 'Arial', sans-serif;\">&ldquo;AKP ve G&uuml;len&rsquo;i Bitirme Plan\u0131&rdquo;<\/span><\/em><span style=\"font-size: 14pt; font-family: 'Arial', sans-serif;\"> <\/span><span style=\"font-size: 12pt; font-family: 'Arial', sans-serif;\">olarak yorumlanan plan\u0131n Erzincan&rsquo;da uygulamaya konuldu\u011fu iddialar\u0131 g&uuml;ndeme gelince g&ouml;zler Erzincan&rsquo;a &ccedil;evrilmi\u015fti.<\/span><\/p>\n<p style=\"margin-bottom: 0.0001pt; text-align: justify; text-indent: 1cm; line-height: 16pt;\"><strong><span style=\"font-size: 14pt; font-family: 'Arial', sans-serif;\">Cihaner&rsquo;e 26 y\u0131l hapis istemi<\/span><\/strong><\/p>\n<p style=\"margin-bottom: 0.0001pt; text-align: justify; text-indent: 1cm; line-height: 16pt;\"><span style=\"font-size: 12pt; font-family: 'Arial', sans-serif;\">18 Haziran 2009: Adalet Bakanl\u0131\u011f\u0131, Cihaner hakk\u0131nda soru\u015fturma a&ccedil;m\u0131\u015ft\u0131. Bakanl\u0131k, 18 Haziran&rsquo;da tamamlad\u0131\u011f\u0131 soru\u015fturma raporunda, \u015fik&acirc;yet&ccedil;ilere dayanarak Cihaner&rsquo;i 15 ayr\u0131 eylem nedeniyle su&ccedil;lam\u0131\u015ft\u0131. Cihaner hakk\u0131nda 26 y\u0131la kadar hapis cezas\u0131 istenen rapor &uuml;zerine haz\u0131rlanan iddianamede, \u015fik&acirc;yet&ccedil;ilerin isimleri &ldquo;Duyarl\u0131 ve ma\u011fdur bir vatanda\u015f&rdquo;, &ldquo;\u0130kram &Ccedil;amur&rdquo;, &ldquo;Hakan Vural&rdquo; olarak a&ccedil;\u0131klanm\u0131\u015ft\u0131. Cihaner&rsquo;in &ldquo;\u0130smaila\u011fa soru\u015fturmas\u0131n\u0131 yetkililerden gizlemek&rdquo;, &ldquo;sahte evrak&rdquo;, &ldquo;kameriye yapt\u0131rarak imar kirlili\u011fine neden olmak&rdquo; su&ccedil;lar\u0131n\u0131 i\u015fledi\u011fi vurgulanm\u0131\u015ft\u0131.<\/span><\/p>\n<p style=\"margin-bottom: 0.0001pt; text-align: justify; text-indent: 1cm; line-height: 16pt;\"><strong><span style=\"font-size: 14pt; font-family: 'Arial', sans-serif;\">Hayret, J\u0130TEM&rsquo;in &uuml;st&uuml;ne giderken &ldquo;cesurdu&rdquo;, Din simsarlar\u0131n\u0131 de\u015fifre edince &ldquo;Ergenekoncu&rdquo; say\u0131l\u0131yordu!<\/span><\/strong><\/p>\n<p style=\"margin-bottom: 0.0001pt; text-align: justify; text-indent: 1cm; line-height: 16pt;\"><strong><span style=\"font-size: 12pt; font-family: 'Arial', sans-serif;\">Erzincan Cumhuriyet Ba\u015fsavc\u0131s\u0131 \u0130lhan Cihaner, makam odas\u0131 ve lojman\u0131nda yap\u0131lan aramadan sonra g&ouml;zalt\u0131na al\u0131n\u0131p Erzurum&rsquo;a nakledilmi\u015f ve sorgusunun ard\u0131ndan tutuklan\u0131p, Erzurum H Tipi Cezaevi&#8217;ne t\u0131k\u0131lm\u0131\u015ft\u0131. \u0130\u015fte cesur diye diye &ouml;vd&uuml;kleri Savc\u0131y\u0131 \u015fimdi Ergenekon &uuml;yesi olmakla su&ccedil;layanlar\u0131n sa&ccedil;mal\u0131\u011f\u0131!<\/span><\/strong><\/p>\n<p style=\"margin-bottom: 0.0001pt; text-align: justify; text-indent: 1cm; line-height: 16pt;\"><strong><span style=\"font-size: 12pt; font-family: 'Arial', sans-serif;\">&#8220;&Ouml;n&uuml;mde bir kitap duruyor. Ad\u0131: J\u0130TEM-T&uuml;rkiye&rsquo;nin Faili Me&ccedil;hul Tarihi. Yazar\u0131, Ecevit K\u0131l\u0131&ccedil;. Ayn\u0131 zamanda eski Sabah ve Taraf Gazetesi yazar\u0131 da olan Ecevit K\u0131l\u0131&ccedil; her yaz\u0131s\u0131nda darbeden s&ouml;z ediyordu. Bu kitab\u0131n 210&rsquo;uncu sayfas\u0131nda bir b&ouml;l&uuml;m ba\u015fl\u0131\u011f\u0131 vard\u0131. Aynen \u015f&ouml;yle: &ldquo;<\/span><\/strong><strong><span style=\"font-size: 14pt; font-family: 'Arial', sans-serif;\">J\u0130TEM&rsquo;i ke\u015ffeden cesur savc\u0131!&rdquo;<\/span><\/strong><em><span style=\"font-size: 12pt; font-family: 'Arial', sans-serif;\"> <\/span><\/em><strong><span style=\"font-size: 12pt; font-family: 'Arial', sans-serif;\">deniyordu. Ecevit K\u0131l\u0131&ccedil;&rsquo;\u0131n &ldquo;cesur savc\u0131&rdquo; olarak niteledi\u011fi ki\u015fi \u0130lhan Cihaner oluyordu. 1998 y\u0131l\u0131nda \u0130dil Cumhuriyet Savc\u0131s\u0131 olan Cihaner, bu tarihten 9 y\u0131l &ouml;nce i\u015flenen &uuml;&ccedil;l&uuml; bir cinayetin dosyas\u0131n\u0131 yeniden a&ccedil;\u0131yordu. Ancak Savc\u0131 Cihaner&rsquo;in bundan 12 y\u0131l &ouml;nce ba\u015flatt\u0131\u011f\u0131 soru\u015fturma hi&ccedil;bir ilerleme kaydetmeden bug&uuml;ne kadar geliyordu.<\/span><\/strong><\/p>\n<p style=\"margin-bottom: 0.0001pt; text-align: justify; text-indent: 1cm; line-height: 16pt;\"><strong><span style=\"font-size: 12pt; font-family: 'Arial', sans-serif;\">\u015eimdi b&uuml;t&uuml;n bunlar\u0131 neden yaz\u0131yoruz. &Ccedil;&uuml;nk&uuml; Taraf yazar\u0131n\u0131n &ldquo;cesur&rdquo; olarak niteledi\u011fi Savc\u0131 Cihaner, Erzincan Cumhuriyet Ba\u015fsavc\u0131s\u0131 iken <em>cemaat ve tarikatlar\u0131n kirli ili\u015fkilerini de\u015fifre etti\u011fi i&ccedil;in<\/em> tutuklan\u0131yordu.<\/span><\/strong><\/p>\n<p style=\"margin-bottom: 0.0001pt; text-align: justify; text-indent: 1cm; line-height: 16pt;\"><strong><span style=\"font-size: 12pt; font-family: 'Arial', sans-serif;\">Cihaner bir s&uuml;redir hakk\u0131nda y&uuml;r&uuml;t&uuml;len soru\u015fturma nedeniyle g&ouml;zalt\u0131na al\u0131n\u0131yor evi ve makam odas\u0131 didik didik aran\u0131yordu. Kendisi &ldquo;Ergenekon Ter&ouml;r &Ouml;rg&uuml;t&uuml; &uuml;yesi&rdquo; olmakla su&ccedil;lan\u0131yordu. Yani Ergenekon&rsquo;a temel te\u015fkil etti\u011fi ileri s&uuml;r&uuml;len J\u0130TEM&rsquo;in &uuml;zerine ilk giden Savc\u0131 Cihaner, Ergenekon san\u0131\u011f\u0131 oluyordu. Cihaner d&uuml;ne kadar &ldquo;cesur ve kahraman&rdquo;d\u0131. Oysa ayn\u0131 Savc\u0131 istismarc\u0131 Dini Cemaat ve Tarikatlar\u0131n &uuml;zerine ayn\u0131 cesaretle y&uuml;r&uuml;y&uuml;nce &ldquo;Ergenekoncu&rdquo;lukla damgalan\u0131yordu. Sn. \u0130lhan Cihaner&rsquo;in siyasi d&uuml;\u015f&uuml;ncesi ve hayat felsefesi bizi ilgilendirmiyordu. &Ccedil;&uuml;nk&uuml; o do\u011fru ve onurlu davrand\u0131\u011f\u0131 i&ccedil;in hedef yap\u0131l\u0131yordu.<\/span><\/strong><\/p>\n<p style=\"margin-bottom: 0.0001pt; text-align: justify; text-indent: 1cm; line-height: 16pt;\"><strong><span style=\"font-size: 12pt; font-family: 'Arial', sans-serif;\">1 Mart tezkeresi ve Sald\u0131ray Pa\u015fa&rsquo;n\u0131n Karakteri dikkat &ccedil;ekiyordu!<\/span><\/strong><\/p>\n<p style=\"margin-bottom: 0.0001pt; text-align: justify; text-indent: 1cm; line-height: 16pt;\"><strong><em><span style=\"font-size: 12pt; font-family: 'Arial', sans-serif;\">Denizci pa\u015falar adliyede ifade veriyordu&hellip; 3&rsquo;&uuml;nc&uuml; Ordu Komutan\u0131 Orgeneral Sald\u0131ray Berk, Savc\u0131l\u0131\u011fa &uuml;st&uuml; kapal\u0131 tehditlerle &ccedil;a\u011fr\u0131l\u0131yordu&hellip; Bu arada Genelkurmay Ba\u015fkan\u0131 Orgeneral \u0130lker Ba\u015fbu\u011f &ccedil;\u0131k\u0131yor, gen&ccedil; subaylara her ne demekse &ldquo;\u015f&ouml;valye ruhu&rdquo; &ccedil;a\u011fr\u0131s\u0131 yap\u0131yordu. Milletin &ldquo;Peygamber Oca\u011f\u0131&rdquo; olarak bildi\u011fi yerde ha&ccedil;l\u0131 simgesi olan \u015f&ouml;valye ruhu ne anlama geliyordu?! Hat\u0131rlayal\u0131m, AKP&rsquo;nin ilk iktidar g&uuml;nlerinde Rauf Denkta\u015f&rsquo;\u0131n hasta yata\u011f\u0131nda ba\u015f\u0131na neler geliyor, K\u0131br\u0131s&rsquo;ta can\u0131 pahas\u0131na geri ad\u0131m atmayan Denkta\u015f&rsquo;\u0131n sayesinde AKP iktidar\u0131 AB&rsquo;nin taleplerini yerine getiremiyordu.<\/span><\/em><\/strong><\/p>\n<p style=\"margin-bottom: 0.0001pt; text-align: justify; text-indent: 1cm; line-height: 16pt;\"><strong><em><span style=\"font-size: 12pt; font-family: 'Arial', sans-serif;\">Vah\u015fi Bat\u0131 i\u015fin pe\u015fini b\u0131rakm\u0131yordu. D&ouml;nemin Ba\u015fbakan\u0131 Abdullah G&uuml;l&rsquo;e ve AKP&rsquo;ye K\u0131br\u0131s i&ccedil;in &ldquo;Br&uuml;ksel Modeli&rdquo; de &ldquo;Br&uuml;ksel modeli&rdquo; diye dayat\u0131yordu. Tayyip Erdo\u011fan yollara d&uuml;\u015f&uuml;yor, Yunanistan ve K\u0131br\u0131s Rum kesimi &ldquo;Br&uuml;ksel Modeli&rdquo;ni pek seviyordu. Rauf Denkta\u015f hasta yata\u011f\u0131ndan kalk\u0131p TSK&rsquo;ya ko\u015fuyor, Erdo\u011fan&rsquo;\u0131n sinirleri bozuluyor, neredeyse Denkta\u015f&rsquo;\u0131n Anavatan\u0131na girmesini bile yasakl\u0131yordu. \u0130\u015fte o g&uuml;nlerde, <\/span><\/em><\/strong><strong><em><span style=\"font-size: 14pt; font-family: 'Arial', sans-serif;\">&ldquo;g&uuml;&ccedil;l&uuml; merkez-gev\u015fek federasyon manas\u0131na gelen Br&uuml;ksel Modelini&rdquo; <\/span><\/em><\/strong><strong><em><span style=\"font-size: 12pt; font-family: 'Arial', sans-serif;\">hayata ge&ccedil;irebilmek i&ccedil;in Ba\u015fbakan Abdullah G&uuml;l ince ve gizli bir manevra yap\u0131yor. Br&uuml;ksel &Uuml;niversitesi A\u0130HS K&uuml;rs&uuml;s&uuml; Ba\u015fkan\u0131 Prof Dr. Ru\u015fen Erge&ccedil;&rsquo;i gizlice Ankara&rsquo;ya getirtiyordu. AB ile &ccedil;ok s\u0131k\u0131 f\u0131k\u0131 ili\u015fkileri olan bu zat&rsquo;a &ldquo;Br&uuml;ksel Modeli i&ccedil;in Devletin tepesini ikna&rdquo; misyonu y&uuml;kleniyordu. Abdullah G&uuml;l&rsquo;&uuml;n kontrol&uuml;nde Erge&ccedil;, birka&ccedil; kez &Ccedil;ankaya K&ouml;\u015fk&uuml;ne &ccedil;\u0131k\u0131yor, ama sonu&ccedil; alam\u0131yordu. Erge&ccedil;, sonunda Genelkurmay Ba\u015fkan\u0131 Orgeneral Hilmi &Ouml;zk&ouml;k&rsquo;e gidiyordu. Orada Genelkurmay Ba\u015fkan\u0131&rsquo;n\u0131n samimi bir ilgisi ile kar\u015f\u0131lan\u0131yor ama yine amac\u0131na ula\u015fam\u0131yordu. &Ccedil;&uuml;nk&uuml; &ldquo;Br&uuml;ksel Modeli&rsquo;ne&rdquo; TSK i&ccedil;inde b&uuml;y&uuml;k tepki ve diren&ccedil; g&ouml;zleniyordu. <\/span><\/em><\/strong><strong><em><span style=\"font-size: 12pt; font-family: 'Arial', sans-serif;\">Sald\u0131ray Berk ve onun gibi bir&ccedil;ok parlak subay AKP&rsquo;nin okyanus &ouml;tesi projeleri kar\u015f\u0131s\u0131nda ta\u015f duvar olmu\u015ftu.<\/span><\/em><\/strong><\/p>\n<p style=\"margin-bottom: 0.0001pt; text-align: justify; text-indent: 1cm; line-height: 16pt;\"><strong><em><span style=\"font-size: 12pt; font-family: 'Arial', sans-serif;\">Abdullah G&uuml;l ve AKP iktidar\u0131 duvara &ccedil;arpt\u0131\u011f\u0131n\u0131 g&ouml;r&uuml;nce &ldquo;Br&uuml;ksel Modelini&rdquo; ertelemeye mecbur kal\u0131yordu. Zira daha s\u0131cak bir g&uuml;ndem maddesi ile kar\u015f\u0131 kar\u015f\u0131yayd\u0131lar. Acilen 1 Mart tezkeresi g&ouml;r&uuml;\u015fmelerine ve alt yap\u0131s\u0131n\u0131n haz\u0131rl\u0131klar\u0131na ba\u015flan\u0131yordu. ABD&rsquo;liler T&uuml;rkiye&rsquo;ye otel mant\u0131\u011f\u0131yla yakla\u015f\u0131yor, &ldquo;paras\u0131n\u0131 veririz, istedi\u011fimiz kadar kal\u0131r\u0131z&rdquo; mant\u0131\u011f\u0131 ile s&uuml;rekli tavizler dayat\u0131yordu. Abdullah G&uuml;l ve ekibi e\u011filip b&uuml;k&uuml;ld&uuml;k&ccedil;e TSK direniyor, askerinin atlet ve don paras\u0131n\u0131 bile T&uuml;rkiye&rsquo;ye y&uuml;klemeye &ccedil;al\u0131\u015fan Conilere kurmay subaylar\u0131m\u0131z kan kusturuyordu.<\/span><\/em><\/strong><\/p>\n<p style=\"margin-bottom: 0.0001pt; text-align: justify; text-indent: 1cm; line-height: 16pt;\"><strong><em><span style=\"font-size: 12pt; font-family: 'Arial', sans-serif;\">ABD&rsquo;liler &ccedil;\u0131kmas\u0131n\u0131 istedikleri 1 Mart tezkeresinden &ccedil;ok, onun alt\u0131nda yap\u0131lacak protokol ve anla\u015fmalarla daha &ccedil;ok ilgileniyordu. TSK ise, yap\u0131lan toplant\u0131lara &ouml;yle bir haz\u0131rl\u0131kl\u0131 geliyorlard\u0131 ki ABD&rsquo;li yetkililer &ccedil;o\u011fu kez masadan kalk\u0131yorlar ve h&uuml;k&uuml;mete \u015fik&acirc;yete ko\u015fuyorlard\u0131. Bu y&uuml;zden ka&ccedil; kez o zaman\u0131n ABD D\u0131\u015fi\u015fleri Bakan\u0131 Colin Powell&rsquo;\u0131n telefonla G&uuml;l&rsquo;&uuml; arad\u0131\u011f\u0131n\u0131 ve &ccedil;ok a\u011f\u0131r s&ouml;zler kulland\u0131\u011f\u0131n\u0131 yakinen biliyorum. Ama dedi\u011fim gibi t&uuml;m bask\u0131lara ra\u011fmen TSK Irak harek&acirc;t\u0131 i&ccedil;in ABD&rsquo;ye istediklerini vermiyordu. Sonras\u0131 da malumunuz. Siyonist ABD &Ccedil;uval operasyonlar\u0131na ba\u015fvuruyordu.<\/span><\/em><\/strong><\/p>\n<p style=\"margin-bottom: 0.0001pt; text-align: justify; text-indent: 1cm; line-height: 16pt;\"><strong><em><span style=\"font-size: 12pt; font-family: 'Arial', sans-serif;\">\u015eimdi Ergenekon davas\u0131 ile ili\u015fkilendirilmeye ve bunun i&ccedil;in de s\u0131k s\u0131k ifadeye &ccedil;a\u011fr\u0131lan Sald\u0131ray Berk Pa\u015fa ile ilgili birka&ccedil; c&uuml;mle yazal\u0131m. 3&rsquo;&uuml;nc&uuml; ordu Komutan\u0131 Orgeneral Berk, ger&ccedil;ekten TSK i&ccedil;indeki &ccedil;ok parlak subaylardan biri say\u0131l\u0131yordu. Hem yurt i&ccedil;inde hem yurt d\u0131\u015f\u0131nda olduk&ccedil;a parlak bir sicili vard\u0131. Kendisini &ccedil;ok yak\u0131ndan tan\u0131yan bir silah arkada\u015f\u0131 \u015f&ouml;yle anlat\u0131yordu:<\/span><\/em><\/strong><\/p>\n<p style=\"margin-bottom: 0.0001pt; text-align: justify; text-indent: 1cm; line-height: 16pt;\"><strong><em><span style=\"font-size: 12pt; font-family: 'Arial', sans-serif;\">&ldquo;Sald\u0131ray Pa\u015fa tam bir askerdir. Emir komuta zinciri ve hiyerar\u015fiyi bozacak hi&ccedil;bir harekette bulunmaz ve bulunulmas\u0131na da izin vermez. Kendisinin yapt\u0131\u011f\u0131 her i\u015fte Genelkurmay Ba\u015fkanl\u0131\u011f\u0131&#8217;n\u0131n mutlaka haberi olur. Kanun adam\u0131d\u0131r. Bug&uuml;ne kadarki askeri sicili ve duru\u015funda tek bir kara nokta bulamazs\u0131n\u0131z.&rdquo;<\/span><\/em><\/strong><\/p>\n<p style=\"margin-bottom: 0.0001pt; text-align: justify; text-indent: 1cm; line-height: 16pt;\"><strong><em><span style=\"font-size: 12pt; font-family: 'Arial', sans-serif;\">Geli\u015fmeleri yak\u0131ndan takip eden uzmanlar b&ouml;lgenin Alevi-S&uuml;nni yap\u0131s\u0131na dikkat &ccedil;ekerken, &ldquo;olas\u0131 \u0130ran harek&acirc;t\u0131n\u0131 da g&ouml;z ard\u0131 etmeyin&rdquo; uyar\u0131s\u0131nda bulunuyordu. Yak\u0131n ge&ccedil;mi\u015fte olup bitenleri hat\u0131rlad\u0131ktan sonra Sald\u0131ray Pa\u015fa&rsquo;n\u0131n ba\u015f\u0131na gelenlere bir de bu a&ccedil;\u0131dan bakmak gerekiyordu.&rdquo; <\/span><\/em><\/strong><strong><span style=\"font-size: 12pt; font-family: 'Arial', sans-serif;\">diyen ve Ba\u015fbakan iken Abdullah G&uuml;l&rsquo;&uuml;n bas\u0131n m&uuml;\u015favirli\u011fini y&uuml;r&uuml;ten Ahmet Takan&rsquo;\u0131n bu itiraflar\u0131 &ccedil;ok \u015fey anlat\u0131yordu.<\/span><\/strong><\/p>\n<p style=\"margin-bottom: 0.0001pt; text-align: justify; text-indent: 1cm; line-height: 16pt;\"><strong><span style=\"font-size: 14pt; font-family: 'Arial', sans-serif;\">Erzincan Ba\u015fsavc\u0131s\u0131&rsquo;n\u0131n ba\u015f\u0131na &ouml;r&uuml;len &ccedil;oraplar\u0131n perde arkas\u0131nda neler s\u0131r\u0131t\u0131yordu?<\/span><\/strong><\/p>\n<p style=\"margin-bottom: 0.0001pt; text-align: justify; text-indent: 1cm; line-height: 16pt;\"><strong><span style=\"font-size: 12pt; font-family: 'Arial', sans-serif;\">\u0130stismarc\u0131 cemaat ve tarikat operasyonunu AKP ni&ccedil;in durdurmaya &ccedil;al\u0131\u015f\u0131yordu?<\/span><\/strong><\/p>\n<p style=\"margin-bottom: 0.0001pt; text-align: justify; text-indent: 1cm; line-height: 16pt;\"><span style=\"font-size: 12pt; font-family: 'Arial', sans-serif;\">Erzincan Ba\u015fsavc\u0131s\u0131 \u0130lhan Cihaner, 23 \u015eubat 2009 g&uuml;n&uuml; \u0130smaila\u011fa Cemaatine y&ouml;nelik bir operasyon ba\u015flatt\u0131. Erzincan merkez, il&ccedil;e ve beldelerini kapsayan operasyonda, jandarma taraf\u0131ndan 10&#8217;u kad\u0131n 29 ki\u015fi g&ouml;zalt\u0131na al\u0131nd\u0131. Bu zanl\u0131lardan 20&#8217;si serbest b\u0131rak\u0131l\u0131rken, 9&#8217;u tutuklanarak Erzincan Cezaevi&#8217;ne yolland\u0131. Ankara&#8217;y\u0131 toz duman eden, Ergenekon&#8217;a misilleme olarak g&ouml;r&uuml;len bu operasyonu durdurmak i&ccedil;in hangi AKP Milletvekilleri devreye girip talimat ya\u011fd\u0131rd\u0131? AKP&rsquo;ye yak\u0131n bir i\u015fadam\u0131 operasyonu durdurmas\u0131 i&ccedil;in kimlerle g&ouml;r&uuml;\u015f&uuml;p anla\u015ft\u0131? AKP&rsquo;ye yak\u0131nl\u0131\u011f\u0131yla bilinen ve bir davadan &ouml;rg&uuml;t lideri olarak aranan medya patronu, Ba\u015fsavc\u0131 Cihaner hakk\u0131nda nas\u0131l haberler yapt\u0131rd\u0131? T&uuml;m bu sorular, Erzincan Sulh Ceza Mahkemesi&#8217;nin karar\u0131yla telefonlar\u0131 dinlenen \u015f&uuml;phelilerin aralar\u0131nda yapt\u0131klar\u0131 konu\u015fmalarla ayd\u0131nl\u0131\u011fa kavu\u015fmaktayd\u0131. \u0130\u015fte, AKP&#8217;nin cemaati kurtarmak i&ccedil;in Ba\u015fsavc\u0131&#8217;y\u0131 nas\u0131l durdurdu\u011funu kan\u0131tlayan belgeler kan\u0131m\u0131z\u0131 dondurmaktayd\u0131.<\/span><\/p>\n<p style=\"margin-bottom: 0.0001pt; text-align: justify; text-indent: 1cm; line-height: 16pt;\"><strong><span style=\"font-size: 12pt; font-family: 'Arial', sans-serif;\">Cemaat y&ouml;neticisi AKP&#8217;li vekili niye ar\u0131yordu?<\/span><\/strong><\/p>\n<p style=\"margin-bottom: 0.0001pt; text-align: justify; text-indent: 1cm; line-height: 16pt;\"><span style=\"font-size: 12pt; font-family: 'Arial', sans-serif;\">Tarih 23 \u015eubat 2009. Ba\u015fsavc\u0131 \u0130lhan Cihaner, cemaat hakk\u0131nda y&uuml;r&uuml;tt&uuml;\u011f&uuml; haz\u0131rl\u0131\u011f\u0131 tamamlam\u0131\u015ft\u0131. O g&uuml;n, elde edilen deliller do\u011frultusunda bask\u0131nlar yap\u0131lmaktayd\u0131. Evi bas\u0131lan bir cemaat y&ouml;neticisi, kap\u0131y\u0131 a&ccedil;madan &ouml;nce AKP Erzincan Milletvekili Sabahattin Karakelle&#8217;yi arayarak jandarman\u0131n polisle birlikte kap\u0131ya geldi\u011fini anlatm\u0131\u015ft\u0131. Hemen, iki dakika sonra bu kez AKP Milletvekili Karakelle cemaat y&ouml;neticisini aram\u0131\u015ft\u0131. AKP&rsquo;li Karakelle, cemaat y&ouml;neticisini aray\u0131p \u015f&ouml;yle diyordu: <strong><em>&ldquo;\u015eimdi \u015fey ile g&ouml;r&uuml;\u015ft&uuml;m, sizi o mazeret \u015feyine sokacaklar Hocam!&#8221;<\/em><\/strong><\/span><\/p>\n<p style=\"margin-bottom: 0.0001pt; text-align: justify; text-indent: 1cm; line-height: 16pt;\"><strong><em><span style=\"font-size: 12pt; font-family: 'Arial', sans-serif;\">&ldquo;Ankara toz duman, \u015f&uuml;phelileri b\u0131rak!&#8221;<\/span><\/em><\/strong><strong><span style=\"font-size: 12pt; font-family: 'Arial', sans-serif;\"> diye yarg\u0131ya talimat veriliyordu!<\/span><\/strong><\/p>\n<p style=\"margin-bottom: 0.0001pt; text-align: justify; text-indent: 1cm; line-height: 16pt;\"><span style=\"font-size: 12pt; font-family: 'Arial', sans-serif;\">Zanl\u0131lar\u0131n g&ouml;zalt\u0131nda oldu\u011fu s\u0131rada. Ba\u015fsavc\u0131 Cihaner&rsquo;in telefonu &ccedil;alm\u0131\u015ft\u0131. Arayan, Devlet Bakan\u0131 Cemil &Ccedil;i&ccedil;ek olmaktayd\u0131. &Ccedil;i&ccedil;ek, bu operasyonun genel se&ccedil;imler &ouml;ncesi kendilerini siyaseten zor durumda b\u0131rakaca\u011f\u0131n\u0131 anlat\u0131p g&ouml;zalt\u0131ndaki \u015f&uuml;phelilerin b\u0131rak\u0131lmas\u0131n\u0131 hat\u0131rlatm\u0131\u015ft\u0131. Cihaner, HSYK&#8217;ya verdi\u011fi savunmada: <strong><em>&ldquo;Devlet Bakan\u0131 &Ccedil;i&ccedil;ek&#8217;e yasal gere\u011fi yapaca\u011f\u0131m\u0131 s&ouml;yleyerek telefonu kapatt\u0131m&#8221;<\/em><\/strong> diyordu. Cemil &Ccedil;i&ccedil;ek&#8217;in ard\u0131ndan Ceza \u0130\u015fleri Genel M&uuml;d&uuml;r Yard\u0131mc\u0131s\u0131 &Ccedil;etin \u015een, Cihaner&#8217;i ar\u0131yordu. &Ccedil;etin \u015een b&ouml;yle soru\u015fturmalar\u0131n insan\u0131n ba\u015f\u0131n\u0131 derde sokaca\u011f\u0131n\u0131 s&ouml;yleyerek <strong><em>&#8220;Ankara&#8217;da ortal\u0131k toz duman oldu&#8221;<\/em><\/strong> diyordu. &Ccedil;etin \u015een bu operasyonun Ergenekon soru\u015fturmas\u0131na misilleme olarak alg\u0131lanaca\u011f\u0131n\u0131 da Cihaner&#8217;e s&ouml;ylemeyi <strong>ihmal etmiyordu<\/strong>.<\/span><\/p>\n<p style=\"margin-bottom: 0.0001pt; text-align: justify; text-indent: 1cm; line-height: 16pt;\"><strong><span style=\"font-size: 12pt; font-family: 'Arial', sans-serif;\">Adalet Bakan\u0131 Sadullah Ergin, bu olaylar &uuml;zere kuyru\u011fu tutu\u015fan kahraman tilki edas\u0131yla \u015fu a&ccedil;\u0131klamalar\u0131 yap\u0131yordu:<\/span><\/strong><\/p>\n<p style=\"margin-bottom: 0.0001pt; text-align: justify; text-indent: 1cm; line-height: 16pt;\"><span style=\"font-size: 12pt; font-family: 'Arial', sans-serif;\">&bull; &ldquo;Geli\u015fmeler kar\u015f\u0131s\u0131nda sessiz kalamazd\u0131k.<\/span><\/p>\n<p style=\"margin-bottom: 0.0001pt; text-align: justify; text-indent: 1cm; line-height: 16pt;\"><span style=\"font-size: 12pt; font-family: 'Arial', sans-serif;\">&bull; HSYK g&ouml;rev ve yetkilerini a\u015fm\u0131\u015ft\u0131r. Bu bir yetki gasp\u0131d\u0131r.<\/span><\/p>\n<p style=\"margin-bottom: 0.0001pt; text-align: justify; text-indent: 1cm; line-height: 16pt;\"><span style=\"font-size: 12pt; font-family: 'Arial', sans-serif;\">&bull; Yarg\u0131tay kurulunun Dan\u0131\u015ftay Ba\u015fkan\u0131&rsquo;n\u0131n HSYK&rsquo;y\u0131 destekleyen a&ccedil;\u0131klamas\u0131 hukuka a&ccedil;\u0131k&ccedil;a m&uuml;dahale anlam\u0131ndad\u0131r.<\/span><\/p>\n<p style=\"margin-bottom: 0.0001pt; text-align: justify; text-indent: 1cm; line-height: 16pt;\"><span style=\"font-size: 12pt; font-family: 'Arial', sans-serif;\">&bull; B&uuml;t&uuml;n bunlar yarg\u0131 ba\u011f\u0131ms\u0131zl\u0131\u011f\u0131na darbeden farks\u0131zd\u0131r, di\u011fer b&uuml;t&uuml;n yarg\u0131&ccedil;lara bir g&ouml;zda\u011f\u0131d\u0131r.<\/span><\/p>\n<p style=\"margin-bottom: 0.0001pt; text-align: justify; text-indent: 1cm; line-height: 16pt;\"><span style=\"font-size: 12pt; font-family: 'Arial', sans-serif;\">&bull; HSYK bu karar\u0131yla yarg\u0131 sistemini b&uuml;y&uuml;k bir kaosa sokmu\u015f bulunmaktad\u0131r.<\/span><\/p>\n<p style=\"margin-bottom: 0.0001pt; text-align: justify; text-indent: 1cm; line-height: 16pt;\"><span style=\"font-size: 12pt; font-family: 'Arial', sans-serif;\">&bull; HSYK g&ouml;revden ald\u0131\u011f\u0131 Savc\u0131lar\u0131n su&ccedil;lar\u0131n\u0131 kamuoyuna a&ccedil;\u0131klamal\u0131d\u0131r.<\/span><\/p>\n<p style=\"margin-bottom: 0.0001pt; text-align: justify; text-indent: 1cm; line-height: 16pt;\"><span style=\"font-size: 12pt; font-family: 'Arial', sans-serif;\">&bull; Yarg\u0131tay Ba\u015fsavc\u0131l\u0131\u011f\u0131&rsquo;n\u0131n Habur mahkemelerinin soru\u015fturulmas\u0131n\u0131 istemesi de yarg\u0131 yetkisini a\u015fmakta ve &uuml;lkeyi kar\u0131\u015ft\u0131rmaktad\u0131r.<\/span><\/p>\n<p style=\"margin-bottom: 0.0001pt; text-align: justify; text-indent: 1cm; line-height: 16pt;\"><span style=\"font-size: 12pt; font-family: 'Arial', sans-serif;\">&bull; Bu giri\u015fimler Avrupa Birli\u011fi kurallar\u0131na ve tavsiye kararlar\u0131na da ayk\u0131r\u0131d\u0131r. Adalet Bakanl\u0131\u011f\u0131 olarak bu y&ouml;ndeki uyar\u0131lar\u0131m\u0131z\u0131 s&uuml;rd&uuml;rme karar\u0131 al\u0131nm\u0131\u015ft\u0131r.&rdquo;<\/span><\/p>\n<p style=\"margin-bottom: 0.0001pt; text-align: justify; text-indent: 1cm; line-height: 16pt;\"><strong><span style=\"font-size: 12pt; font-family: 'Arial', sans-serif;\">Oysa bu &ldquo;dik durma ve cesur davranma&rdquo; numaras\u0131, AKP&rsquo;nin bir erken se&ccedil;im hesab\u0131 olarak okunmal\u0131yd\u0131 ve &ldquo;&ouml;nce komutanlar \u015fimdi yarg\u0131&ccedil;lar bizi ma\u011fdur ediyor&rdquo; diye oy dev\u015firme haz\u0131rl\u0131\u011f\u0131yd\u0131. &Ccedil;&uuml;nk&uuml; 8 y\u0131ld\u0131r HSYK benzeri s\u0131k\u0131nt\u0131lar\u0131 a\u015fma y&ouml;n&uuml;nde hi&ccedil;bir &ccedil;abalar\u0131 olmam\u0131\u015ft\u0131.<\/span><\/strong><\/p>\n<p style=\"margin-bottom: 0.0001pt; text-align: justify; text-indent: 1cm; line-height: 16pt;\"><strong><span style=\"font-size: 14pt; font-family: 'Arial', sans-serif;\">Bu a&ccedil;\u0131klamalar &uuml;zerine ola\u011fan&uuml;st&uuml; toplanan HSYK&rsquo;n\u0131n Ba\u015fkan Vekili Kadir &Ouml;zbek&rsquo;in Bakan&rsquo;a y&ouml;nelik yan\u0131t niteli\u011findeki &ccedil;arp\u0131c\u0131 a&ccedil;\u0131klamalar\u0131 geliyordu:<\/span><\/strong><\/p>\n<p style=\"margin-bottom: 0.0001pt; text-align: justify; text-indent: 1cm; line-height: 16pt;\"><strong><em><span style=\"font-size: 12pt; font-family: 'Arial', sans-serif;\">&ldquo;Sn. Bakan bu kurulun ayn\u0131 zamanda Ba\u015fkan\u0131d\u0131r ve o sorumluluk bilinciyle konu\u015fmal\u0131d\u0131r. Kurulmu\u015f bir zemberek gibi &ccedil;\u0131k\u0131\u015flar\u0131n\u0131 esefle kar\u015f\u0131lamaktay\u0131z. Bizi, yap\u0131lan \u015fik&acirc;yet duyurular\u0131n\u0131 ve ba\u015fvurular\u0131 sadece Adalet Bakan\u0131na ileten bir b&uuml;ro g&ouml;rmesi yanl\u0131\u015ft\u0131r, &ccedil;arp\u0131k bir anlay\u0131\u015ft\u0131r. Bizi olaylara siyasi yakla\u015fmakla su&ccedil;layanlar kendi ay\u0131plar\u0131n\u0131 &ouml;rtme &ccedil;abas\u0131ndad\u0131r. Cumhurba\u015fkan\u0131n\u0131n b&uuml;t&uuml;n olumsuz geli\u015fmeler kar\u015f\u0131s\u0131nda yetki ve sorumluluklar\u0131n\u0131n gere\u011fini yapmas\u0131 laz\u0131md\u0131r.&rdquo;<\/span><\/em><\/strong><\/p>\n<p style=\"margin-bottom: 0.0001pt; text-align: justify; text-indent: 1cm; line-height: 16pt;\"><strong><span style=\"font-size: 14pt; font-family: 'Arial', sans-serif;\">\u015eamil Tayyar: <em>&ldquo;H&uuml;k&uuml;met kelle verdi!&rdquo;<\/em> diye a\u011fl\u0131yordu!<\/span><\/strong><\/p>\n<p style=\"margin-bottom: 0.0001pt; text-align: justify; text-indent: 1cm; line-height: 16pt;\"><strong><span style=\"font-size: 12pt; font-family: 'Arial', sans-serif;\">AKP yalakas\u0131 \u015eamil Tayyar televizyonda &#8220;Adalet Bakanl\u0131\u011f\u0131 M&uuml;ste\u015far\u0131 HSYK toplant\u0131s\u0131na kat\u0131larak kelle verdi&#8221; diye s\u0131zlan\u0131yordu. \u015eamil Tayyar, Adalet Bakanl\u0131\u011f\u0131 M&uuml;ste\u015far\u0131&#8217;n\u0131n toplant\u0131ya kat\u0131larak karar al\u0131nmas\u0131n\u0131 sa\u011flad\u0131\u011f\u0131n\u0131, oysa M&uuml;ste\u015far\u0131n HSYK toplant\u0131s\u0131na kat\u0131lmamas\u0131 halinde bu karar\u0131n hukuken al\u0131namayaca\u011f\u0131n\u0131, konunun g&uuml;ndeme bile ta\u015f\u0131nmayaca\u011f\u0131n\u0131 belirtip: &#8220;Kelle verildi&#8221; diye h&uuml;k&uuml;meti su&ccedil;lam\u0131\u015ft\u0131. Bilindi\u011fi gibi HSYK toplant\u0131s\u0131na Adalet Bakan\u0131 kat\u0131lmad\u0131\u011f\u0131 zaman Adalet Bakanl\u0131\u011f\u0131 M&uuml;ste\u015far\u0131 Ba\u015fkanl\u0131k yapmaktayd\u0131. M&uuml;ste\u015far da kat\u0131lmazsa HSYK karar alamayacakt\u0131. \u015eemdinli Savc\u0131s\u0131 Ferhat Sar\u0131kaya&#8217;n\u0131n g&ouml;revden al\u0131nmas\u0131 olay\u0131nda da ayn\u0131s\u0131 ya\u015fanm\u0131\u015ft\u0131. D&ouml;nemin Adalet Bakan\u0131 Cemil &Ccedil;i&ccedil;ek, HSYK toplant\u0131s\u0131na kat\u0131lmam\u0131\u015f ama M&uuml;ste\u015far\u0131&#8217;n\u0131 yollam\u0131\u015ft\u0131. Ve o HSYK toplant\u0131s\u0131nda Ferhat Sar\u0131kaya&#8217;n\u0131n hayat\u0131 karart\u0131lm\u0131\u015f, g&ouml;revden al\u0131nm\u0131\u015f, meslekten &ccedil;\u0131kar\u0131lm\u0131\u015f, avukatl\u0131k yetkisi bile elinden al\u0131nm\u0131\u015ft\u0131.<\/span><\/strong><\/p>\n<p style=\"margin-bottom: 0.0001pt; text-align: justify; text-indent: 1cm; line-height: 16pt;\"><strong><span style=\"font-size: 12pt; font-family: 'Arial', sans-serif;\">Amerika&rsquo;da Pentagon&#8217;un uzant\u0131lar\u0131ndan biri olarak tan\u0131nan bir d&uuml;\u015f&uuml;nce &uuml;retim kurulu\u015funda 2007 Haziran&rsquo;\u0131nda, T&uuml;rk ordusunu temsilen generallerin de kat\u0131ld\u0131\u011f\u0131 bir toplant\u0131da tart\u0131\u015f\u0131lan &uuml;lkemizle ilgili bir senaryo epeyce g&uuml;r&uuml;lt&uuml; koparm\u0131\u015ft\u0131. T&uuml;rkiye &uuml;zerine b&ouml;yle &ldquo;karanl\u0131k felaket senaryolar\u0131&rdquo; &uuml;retilmesi hem siyasette hem de medyada ciddi bir tepkiyle kar\u015f\u0131lanm\u0131\u015ft\u0131. Tayyip Erdo\u011fan senaryoyu &#8220;deli sa&ccedil;mas\u0131&#8221; olarak nitelerken, d&ouml;nemin TBMM Ba\u015fkan\u0131 B&uuml;lent Ar\u0131n&ccedil;, Genelkurmay&#8217;dan a&ccedil;\u0131klama beklediklerini vurgulam\u0131\u015ft\u0131.<\/span><\/strong><\/p>\n<p style=\"margin-bottom: 0.0001pt; text-align: justify; text-indent: 1cm; line-height: 16pt;\"><strong><span style=\"font-size: 14pt; font-family: 'Arial', sans-serif;\">ABD y&ouml;netimiyle &ccedil;ok y&ouml;nl&uuml; ili\u015fkileri olan o zamanki Milliyet&rsquo;in Washington muhabiri Yasemin &Ccedil;ongar &uuml;zerinden medyaya s\u0131zd\u0131r\u0131lan senaryonun ana hatlar\u0131 \u015funlard\u0131:<\/span><\/strong><\/p>\n<p style=\"margin-bottom: 0.0001pt; text-align: justify; text-indent: 1cm; line-height: 16pt;\"><strong><span style=\"font-size: 12pt; font-family: 'Arial', sans-serif;\">* Bir intihar sald\u0131rgan\u0131, patlay\u0131c\u0131 y&uuml;kl&uuml; kamyonetiyle Beyo\u011flu&rsquo;nda karakol binas\u0131na &ccedil;arp\u0131yor&#8230; Sald\u0131r\u0131da en az 50 ki\u015fi hayat\u0131n\u0131 kaybediyor, 200 ki\u015fi a\u011f\u0131r yaralan\u0131yordu. Hi&ccedil;bir &ouml;rg&uuml;t sorumluluk &uuml;stlenmese de eylemi PKK&rsquo;n\u0131n yapt\u0131\u011f\u0131 s&ouml;ylentisi birka&ccedil; saat i&ccedil;inde yay\u0131l\u0131yordu.<\/span><\/strong><\/p>\n<p style=\"margin-bottom: 0.0001pt; text-align: justify; text-indent: 1cm; line-height: 16pt;\"><strong><span style=\"font-size: 12pt; font-family: 'Arial', sans-serif;\">* \u0130&ccedil;i\u015fleri Bakanl\u0131\u011f\u0131 yetkilileri, sald\u0131rgan\u0131n G&uuml;ney K&uuml;rdistan&rsquo;daki PKK kamp\u0131nda e\u011fitim g&ouml;rd&uuml;\u011f&uuml;n&uuml; a&ccedil;\u0131kl\u0131yordu. Genelkurmay bu tespite kat\u0131larak Irak s\u0131n\u0131r\u0131 iyi korunmad\u0131k&ccedil;a ve &ouml;rg&uuml;t&uuml;n emir-komuta yap\u0131s\u0131 da\u011f\u0131t\u0131lmad\u0131k&ccedil;a, PKK&rsquo;n\u0131n b&uuml;y&uuml;k \u015fehirlerdeki eylemlerini s&uuml;rd&uuml;rece\u011fini a&ccedil;\u0131klayarak, derhal s\u0131n\u0131r &ouml;tesi harek&acirc;t yap\u0131lmas\u0131n\u0131 istiyordu. ABD D\u0131\u015fi\u015fleri, T&uuml;rkiye&rsquo;ye itidal &ccedil;a\u011fr\u0131s\u0131 yap\u0131yordu.<\/span><\/strong><\/p>\n<p style=\"margin-bottom: 0.0001pt; text-align: justify; text-indent: 1cm; line-height: 16pt;\"><strong><span style=\"font-size: 12pt; font-family: 'Arial', sans-serif;\">* Ankara&rsquo;da, Anayasa Mahkemesi &ouml;n&uuml;ndeki intihar sald\u0131r\u0131s\u0131nda, (eski) Mahkeme Ba\u015fkan\u0131 T&uuml;lay Tu\u011fcu a\u011f\u0131r yaralan\u0131yor ve kald\u0131r\u0131ld\u0131\u011f\u0131 hastanede &ouml;l&uuml;yordu. Kullan\u0131lan patlay\u0131c\u0131lar\u0131n Beyo\u011flu eylemindekiyle ayn\u0131 oldu\u011fu anla\u015f\u0131l\u0131yordu.<\/span><\/strong><\/p>\n<p style=\"margin-bottom: 0.0001pt; text-align: justify; text-indent: 1cm; line-height: 16pt;\"><strong><span style=\"font-size: 12pt; font-family: 'Arial', sans-serif;\">* Eylemleri PKK&rsquo;n\u0131n yapt\u0131\u011f\u0131, \u0130&ccedil;i\u015fleri ve Genelkurmay taraf\u0131ndan a&ccedil;\u0131klan\u0131yor. Milyonlarca ki\u015fi, Ankara, \u0130stanbul, \u0130zmir ve Samsun&rsquo;da, orduyu PKK&rsquo;ya &ouml;ld&uuml;r&uuml;c&uuml; darbe vurmaya &ccedil;a\u011f\u0131ran mitingler d&uuml;zenliyordu.<\/span><\/strong><\/p>\n<p style=\"margin-bottom: 0.0001pt; text-align: justify; text-indent: 1cm; line-height: 16pt;\"><strong><span style=\"font-size: 12pt; font-family: 'Arial', sans-serif;\">* H&uuml;k&uuml;met, TBMM&rsquo;den s\u0131n\u0131r &ouml;tesi operasyon i&ccedil;in yetki karar\u0131 &ccedil;\u0131kartt\u0131r\u0131yordu.<\/span><\/strong><\/p>\n<p style=\"margin-bottom: 0.0001pt; text-align: justify; text-indent: 1cm; line-height: 16pt;\"><strong><span style=\"font-size: 12pt; font-family: 'Arial', sans-serif;\">* 50 bin T&uuml;rk askeri Irak s\u0131n\u0131r\u0131n\u0131 ge&ccedil;iyor. ABD D\u0131\u015fi\u015fleri ve Irak, bu harek&acirc;t\u0131 k\u0131n\u0131yor, daha sonra Beyaz Saray, T&uuml;rkiye&rsquo;nin kendisini savunma hakk\u0131ndan s&ouml;z eden bir a&ccedil;\u0131klama yap\u0131yordu.<\/span><\/strong><\/p>\n<p style=\"margin-bottom: 0.0001pt; text-align: justify; text-indent: 1cm; line-height: 16pt;\"><strong><span style=\"font-size: 12pt; font-family: 'Arial', sans-serif;\">* Mesud Barzani, T&uuml;rk i\u015fgalini k\u0131n\u0131yor ve pe\u015fmergenin K&uuml;rdistan&rsquo;\u0131 savunaca\u011f\u0131n\u0131 bildiriyordu.<\/span><\/strong><\/p>\n<p style=\"margin-bottom: 0.0001pt; text-align: justify; text-indent: 1cm; line-height: 16pt;\"><strong><span style=\"font-size: 12pt; font-family: 'Arial', sans-serif;\">Sonra bu plan\u0131n t\u0131pk\u0131 benzeri &ldquo;Balyoz Darbesi&rdquo; ad\u0131yla ve tam &uuml;&ccedil; y\u0131l sonra, TSK&rsquo;ya y&uuml;kleniyordu. O g&uuml;n Amerika&rsquo;ya t\u0131s\u0131 &ccedil;\u0131kmayanlar, nedense Hudson plan\u0131n\u0131n kopyas\u0131 bahanesiyle TSK&rsquo;ya sald\u0131r\u0131yor ve kahraman kesiliyordu!<\/span><\/strong><\/p>\n<p style=\"margin-bottom: 0.0001pt; text-align: justify; text-indent: 1cm; line-height: 16pt;\"><strong><span style=\"font-size: 12pt; font-family: 'Arial', sans-serif;\">Ey Fehmi, (Siyonistlerin ve i\u015fbirlik&ccedil;ilerin &ccedil;\u0131karlar\u0131n\u0131) Koru!<\/span><\/strong><\/p>\n<p style=\"margin-bottom: 0.0001pt; text-align: justify; text-indent: 1cm; line-height: 16pt;\"><strong><em><span style=\"font-size: 12pt; font-family: 'Arial', sans-serif;\">&ldquo;Ka&ccedil;\u0131\u015f yok: De\u011fi\u015fecekmi\u015fiz!?&rdquo;<\/span><\/em><\/strong><strong><span style=\"font-size: 12pt; font-family: 'Arial', sans-serif;\"> Fehmi Koru b&ouml;yle buyuruyordu!<\/span><\/strong><\/p>\n<p style=\"margin-bottom: 0.0001pt; text-align: justify; text-indent: 1cm; line-height: 16pt;\"><strong><em><span style=\"font-size: 12pt; font-family: 'Arial', sans-serif;\">&#8220;Son 200 y\u0131ll\u0131k tarihinin &ouml;nemli bir b&ouml;l&uuml;m&uuml; &#8216;asker eliyle de\u011fi\u015fim&#8217; diye &ouml;zetlenebilecek alt&uuml;st olu\u015flarla ge&ccedil;mi\u015f bir &uuml;lkede, bug&uuml;n&uuml;n askerlerinin d&uuml;nyadaki de\u011fi\u015fime kendilerini kapatmalar\u0131 nas\u0131l m&uuml;mk&uuml;n oluyor? Birka&ccedil; y\u0131ld\u0131r zihnimde ta\u015f\u0131d\u0131\u011f\u0131m bu soruya cevap, &ouml;nceki g&uuml;n emeklilik hayat\u0131n\u0131 \u0130zmir&#8217;de s&uuml;rd&uuml;ren Org. <\/span><\/em><\/strong><strong><em><span style=\"font-size: 14pt; font-family: 'Arial', sans-serif;\">Hilmi &Ouml;zk&ouml;k<\/span><\/em><\/strong><strong><em><span style=\"font-size: 12pt; font-family: 'Arial', sans-serif;\">&#8216;ten geldi. Radikal&#8217;den Murat Yetkin&#8217;e \u015funlar\u0131 s&ouml;yledi eski Genelkurmay Ba\u015fkan\u0131: &#8220;Her \u015fey de\u011fi\u015firken TSK da de\u011fi\u015fecek. Bu y&ouml;nde &ccedil;al\u0131\u015fmalar zaten yap\u0131l\u0131r. De\u011fi\u015fmezseniz, geli\u015fmelerin d\u0131\u015f\u0131nda kal\u0131rs\u0131n\u0131z. Bunun kar\u015f\u0131s\u0131nda duramazs\u0131n\u0131z. Bu i\u015flerden korkmamak l&acirc;z\u0131m&#8230; D&uuml;nya sahnesinde <\/span><\/em><\/strong><strong><em><span style=\"font-size: 12pt; font-family: 'Arial', sans-serif;\">(yani Siyonist Yahudilerin h&acirc;kimiyetindeki k&uuml;resel s&ouml;m&uuml;r&uuml; d&uuml;zeninde)<\/span><\/em><\/strong><strong><em><span style=\"font-size: 12pt; font-family: 'Arial', sans-serif;\"> yer almak istedi\u011finiz noktaya ula\u015fmal\u0131s\u0131n\u0131z. Neyi &ouml;zl&uuml;yorsak, kendimizi nereye l&acirc;y\u0131k g&ouml;r&uuml;yorsak, oraya ula\u015fmaya &ccedil;al\u0131\u015fmal\u0131y\u0131z.&#8221;<\/span><\/em><\/strong><\/p>\n<p style=\"margin-bottom: 0.0001pt; text-align: justify; text-indent: 1cm; line-height: 16pt;\"><strong><em><span style=\"font-size: 12pt; font-family: 'Arial', sans-serif;\">Biraz abartarak \u015funu s&ouml;yleyebiliriz: Ya olaca\u011f\u0131z, ya &ouml;lece\u011fiz!.. Co\u011frafyam\u0131z\u0131 &#8216;g&uuml;venli ve istikrarl\u0131&#8217; hale getirmek de bizim g&ouml;revimiz&#8230; H&uuml;k&uuml;metin &#8216;kom\u015fularla s\u0131f\u0131r sorun&#8217; politikas\u0131 bunu ama&ccedil;l\u0131yor; Afganistan ile Pakistan, Bosna-Hersek ile S\u0131rbistan gibi nispeten bize uzak co\u011frafyalarda bile &#8216;bar\u0131\u015f\u0131 ama&ccedil;layan&#8217; misyonlar &uuml;stlenmenin anlam\u0131 bu: \u0130htil&acirc;fs\u0131z b&ouml;lge d&ouml;n&uuml;\u015f&uuml;m&uuml;n&uuml; sa\u011flamak&#8230;<\/span><\/em><\/strong><span style=\"font-size: 12pt; font-family: 'Arial', sans-serif;\"> <strong>(Yani BOP plan\u0131na ta\u015feronlukla B&uuml;y&uuml;k \u0130srail hedefine hizmetk&acirc;rl\u0131k yapmak&hellip;<\/strong><\/span><\/p>\n<p style=\"margin-bottom: 0.0001pt; text-align: justify; text-indent: 1cm; line-height: 16pt;\"><strong><em><span style=\"font-size: 12pt; font-family: 'Arial', sans-serif;\">Bunlar\u0131 yapmaya kalk\u0131\u015fan bir &uuml;lkenin kendi i&ccedil; d&uuml;zeni istikrara ve huzura kapal\u0131 olabilir mi? Herkesle sorunlu, y&uuml;zy\u0131llarca birlikte ya\u015fad\u0131\u011f\u0131 az\u0131nl\u0131klar\u0131n\u0131n dertlerine kulak t\u0131kam\u0131\u015f,<\/span><\/em><\/strong><span style=\"font-size: 12pt; font-family: 'Arial', sans-serif;\"> <strong>(K&uuml;rtlere ve di\u011ferlerine ba\u011f\u0131ms\u0131zl\u0131k tan\u0131nmam\u0131\u015f!..)<em> ter&ouml;r &uuml;reten bir zemini koruma &ccedil;aresizli\u011fini politika sanan, halk\u0131n\u0131n b&uuml;y&uuml;k &ccedil;o\u011funlu\u011funun payla\u015ft\u0131\u011f\u0131 ortak de\u011ferlere s\u0131rt\u0131n\u0131 d&ouml;nm&uuml;\u015f bir &uuml;lke olmaya devam edemez T&uuml;rkiye&#8230; E\u011fer olursa, korktu\u011fu ne varsa hepsi ba\u015f\u0131na gelebilir&#8230; Ka&ccedil;\u0131\u015f yok; herkes ve her \u015fey de\u011fi\u015fecek.&rdquo;<\/em><\/strong> <\/span><strong><span style=\"font-size: 12pt; font-family: 'Arial', sans-serif;\">diyen Bay Fehmi Koru<\/span><\/strong><span style=\"font-size: 12pt; font-family: 'Arial', sans-serif;\"> <\/span><strong><span style=\"font-size: 12pt; font-family: 'Arial', sans-serif;\">TSK&rsquo;n\u0131n da direncini k\u0131rmaya ve korkutmaya &ccedil;al\u0131\u015f\u0131yordu.<\/span><\/strong><\/p>\n<p style=\"margin-bottom: 0.0001pt; text-align: justify; text-indent: 1cm; line-height: 16pt;\"><strong><span style=\"font-size: 12pt; font-family: 'Arial', sans-serif;\">T&uuml;rkiye&rsquo;de i&ccedil; sava\u015f isteniyordu!<\/span><\/strong><\/p>\n<p style=\"margin-bottom: 0.0001pt; text-align: justify; text-indent: 1cm; line-height: 16pt;\"><strong><span style=\"font-size: 12pt; font-family: 'Arial', sans-serif;\">The New York Times&#8217;\u0131n k&uuml;reselle\u015fme sarho\u015fu liberal yazar\u0131 Thomas L. Friedman; yaz\u0131s\u0131nda, Bat\u0131&#8217;y\u0131 &#8220;\u0130slam Tehdidi&rdquo;nden kurtarmak i&ccedil;in &ccedil;arp\u0131c\u0131 bir &ouml;neri getiriyor ve<\/span><\/strong><strong><span style=\"font-size: 14pt; font-family: 'Arial', sans-serif;\">:<em> &ldquo;M&uuml;sl&uuml;manlar\u0131 kendi i&ccedil;inde &ccedil;at\u0131\u015ft\u0131r\u0131n!&rdquo;<\/em> <\/span><\/strong><strong><span style=\"font-size: 12pt; font-family: 'Arial', sans-serif;\">diyordu. <em>&ldquo;Amerika&#8217;n\u0131n, \u0130srail&#8217;in, \u0130ngiltere&#8217;nin, s&ouml;z konusu \u0130slam tehdidini 21. y&uuml;zy\u0131l\u0131n en &ouml;nemli g&uuml;venlik sorunu olarak benimseyen &uuml;lkelerin y\u0131llard\u0131r s&uuml;rd&uuml;rd&uuml;\u011f&uuml; masrafl\u0131 sava\u015flar\u0131 kazanmas\u0131n\u0131n zor oldu\u011fu&rdquo;<\/em> ger&ccedil;e\u011finden hareket eden Friedman, \u0130slam d&uuml;nyas\u0131ndaki &#8220;a\u015f\u0131r\u0131&#8221; unsurlar\u0131n bu sava\u015flarla yok edilemeyece\u011fini, bu y&uuml;zden Amerikan i&ccedil; sava\u015f\u0131na benzer bir i&ccedil; sava\u015f\u0131n da M&uuml;sl&uuml;man &uuml;lkelerde ya\u015fanmas\u0131 gerekti\u011fini s&ouml;yl&uuml;yordu.<\/span><\/strong><\/p>\n<p style=\"margin-bottom: 0.0001pt; text-align: justify; text-indent: 1cm; line-height: 16pt;\"><strong><span style=\"font-size: 12pt; font-family: 'Arial', sans-serif;\">Yani Bat\u0131&#8217;y\u0131 bu hayali tehditten kurtarmak i&ccedil;in M&uuml;sl&uuml;manlar birbirini vuracaklard\u0131. Para harcamayacaklar, riske at\u0131lmayacaklar, birileri onlar ad\u0131na onlar\u0131n d&uuml;\u015fman\u0131yla sava\u015f\u0131p &ouml;lecek, onlar da refah ve huzur i&ccedil;inde ya\u015fayacaklard\u0131. Eh zaten y\u0131llard\u0131r ABD y&ouml;netimi bu topraklarda ayn\u0131 stratejiyi uygulamaktayd\u0131? T&uuml;rkiye d&acirc;hil, &#8220;B&uuml;y&uuml;k Ortado\u011fu&#8221; olarak tan\u0131mlad\u0131klar\u0131 ku\u015fakta yer alan her &uuml;lkede i&ccedil; sava\u015flar\u0131, mezhep sava\u015flar\u0131n\u0131, etnik &ccedil;at\u0131\u015fmalar\u0131, ayr\u0131\u015fmalar\u0131 k\u0131\u015fk\u0131rtmam\u0131\u015f m\u0131yd\u0131? &Ccedil;at\u0131\u015fmalar\u0131 bizzat kendileri &ccedil;\u0131karmam\u0131\u015f m\u0131yd\u0131? Hudson&rsquo;da camileri, t&uuml;rbeleri bombalayarak, dini-siyasi liderleri &ouml;ld&uuml;r&uuml;p kaos yaratma planlar\u0131 yap\u0131lmam\u0131\u015f m\u0131yd\u0131? So\u011fuk Sava\u015f&#8217;tan hemen sonra, &#8220;\u0130slam&#8217;\u0131n kanl\u0131 s\u0131n\u0131rlar\u0131&#8221;ndan s&ouml;z eden, daha sonra &#8220;\u0130slam kendi i&ccedil;inde &ccedil;at\u0131\u015facak&#8221; tezini geli\u015ftiren Siyonist Henry Kissinger ekol&uuml;n&uuml;n temsilcileri, yirmi y\u0131ld\u0131r ayn\u0131 stratejiyi uygulamam\u0131\u015flar m\u0131yd\u0131? 2002 y\u0131l\u0131nda &#8220;M&uuml;sl&uuml;man&#8217;\u0131n M&uuml;sl&uuml;man&#8217;la y&uuml;zle\u015fmesi&#8221;, &#8220;\u0130slam i&ccedil;i sava\u015f&#8221;, &#8220;\u015eii-S&uuml;nni ayr\u0131\u015fmas\u0131&#8221;, &#8220;Vehhabili\u011fe kar\u015f\u0131 Ezher&#8221; gibi ba\u015fl\u0131klarla bu i&ccedil; &ccedil;at\u0131\u015fmay\u0131 bizzat ABD y&ouml;netimi devreye sokmam\u0131\u015flar m\u0131yd\u0131?<\/span><\/strong><\/p>\n<p style=\"margin-bottom: 0.0001pt; text-align: justify; text-indent: 1cm; line-height: 16pt;\"><span style=\"font-size: 12pt; font-family: 'Arial', sans-serif;\">2004 y\u0131l\u0131nda, 100 milyon dolar verilerek RAND Corporation&#8217;a haz\u0131rlatt\u0131r\u0131lan &#8220;Sivil Demokratik \u0130slam: Ortaklar, kaynaklar ve stratejiler&#8221; ba\u015fl\u0131kl\u0131 88 sayfal\u0131k &ccedil;al\u0131\u015fma hal&acirc; uygulanmaktayd\u0131. A&ccedil;\u0131k&ccedil;a i&ccedil; sava\u015f senaryosu olan &ccedil;al\u0131\u015fmadaki; <strong><em>&#8220;Anti-emperyalist ve sosyalist d&uuml;\u015f&uuml;ncelerinden dolay\u0131 laiklere g&uuml;venilmez. Fundamentalistlere ve geleneksel M&uuml;sl&uuml;manlara da g&uuml;venilmez. Fundamentalist ve gelenekseller aras\u0131nda olu\u015fabilecek bir yak\u0131nl\u0131k kesinlikle engellenmelidir. Hatta birbirleriyle sava\u015fmalar\u0131 te\u015fvik edilmelidir. ABD ve Avrupa i&ccedil;in g&uuml;ven telkin edenler sadece, kitleleri y&ouml;nlendirmede Kur&#8217;an&#8217;\u0131 s\u0131n\u0131rland\u0131ran Il\u0131ml\u0131 \u0130slamc\u0131 Modernist M&uuml;sl&uuml;manlard\u0131r, bu grup desteklenmelidir. Fundamentalistler zay\u0131flat\u0131lmal\u0131 ve yok edilmelidir&#8221;<\/em><\/strong> ifadeleri gayet a&ccedil;\u0131kt\u0131&hellip;<\/span><\/p>\n<p style=\"margin-bottom: 0.0001pt; text-align: justify; text-indent: 1cm; line-height: 16pt;\"><strong><span style=\"font-size: 14pt; font-family: 'Arial', sans-serif;\">Sadece &#8220;a\u015f\u0131r\u0131 u&ccedil;lar&#8221; olu\u015fturup birbirine k\u0131\u015fk\u0131rtmayla s\u0131n\u0131rl\u0131 de\u011fildi bu ayr\u0131\u015ft\u0131rma senaryolar\u0131. ABD&#8217;nin, \u0130srail gibi en yak\u0131n m&uuml;ttefiklerinden T&uuml;rkiye &uuml;zerinde de, bir ayr\u0131\u015ft\u0131rma senaryosu uygulanmaktayd\u0131. Bir &ouml;rnek verelim:<\/span><\/strong><\/p>\n<p style=\"margin-bottom: 0.0001pt; text-align: justify; text-indent: 1cm; line-height: 16pt;\"><span style=\"font-size: 12pt; font-family: 'Arial', sans-serif;\">\u0130srail&#8217;in L&uuml;bnan&#8217;a y&ouml;nelip her k&ouml;\u015fesini bombalamas\u0131na, y&uuml;zlerce sivili ac\u0131mas\u0131zca imhas\u0131na en \u015fiddetli tepkiyi T&uuml;rkiye halk\u0131 g&ouml;stermi\u015fti. \u0130srail L&uuml;bnan&#8217;\u0131 bombalarken PKK sald\u0131r\u0131lar\u0131 birden t\u0131rman\u0131\u015fa ge&ccedil;mi\u015fti. Bitlis ve Siirt&#8217;teki sald\u0131r\u0131lar ile \u0130srail&#8217;in bombard\u0131man\u0131 ayn\u0131 anda ger&ccedil;ekle\u015fti. Ama T&uuml;rkiye&#8217;nin ve AKP&rsquo;nin sesini hemen kesmi\u015flerdi. Herkes susuvermi\u015fti. Neden? Kimler ve nas\u0131l sindirmi\u015fti? PKK sald\u0131r\u0131lar\u0131yla L&uuml;bnan sald\u0131r\u0131lar\u0131 aras\u0131ndaki ba\u011flant\u0131 m\u0131 de\u015fifre edilmi\u015fti? \u0130srail&#8217;in K. Irak y&ouml;netimi &uuml;zerindeki etkisini, \u0130srail istihbarat\u0131n\u0131n b&ouml;lgedeki faaliyetlerini birlikte d&uuml;\u015f&uuml;nelim. Evet, ayn\u0131 hedefe y&ouml;nelmi\u015flerdi. Siyonistler L&uuml;bnan&rsquo;a sald\u0131r\u0131nca o zaman, <strong><em>&#8220;\u0130srail T&uuml;rkiye&#8217;yi de vurdu&#8221;<\/em><\/strong> diye yazmam\u0131z baz\u0131lar\u0131n\u0131n zoruna gitmi\u015fti. PKK &ccedil;eteleri ya da \u0130srail&#8217;in Barzani i&ccedil;in e\u011fitti\u011fi birlikler ve kurdu\u011fu istihbarat \u015febekesi \u0130srail&#8217;i kurtarm\u0131\u015ft\u0131. O g&uuml;nlerde i\u015fte bu ger&ccedil;ekleri yazd\u0131\u011f\u0131 i&ccedil;in Milli &Ccedil;&ouml;z&uuml;m Dergisi hedef se&ccedil;ilmi\u015f; <\/span><strong><span style=\"font-size: 14pt; font-family: 'Arial', sans-serif;\">&ldquo;Ergenekon&rsquo;un Dinci Kanad\u0131&rdquo;<\/span><\/strong><span style=\"font-size: 14pt; font-family: 'Arial', sans-serif;\"> <\/span><span style=\"font-size: 12pt; font-family: 'Arial', sans-serif;\">diye iftira edilip yazarlar\u0131 tutuklan\u0131vermi\u015fti.<\/span><\/p>\n<p style=\"margin-bottom: 0.0001pt; text-align: justify; text-indent: 1cm; line-height: 16pt;\"><span style=\"font-size: 12pt; font-family: 'Arial', sans-serif;\"><\/span><\/p>\n<p><strong>Bu makaleyi sesli olarak dinleyebilirsiniz:<\/strong><\/p>\n<p>{mp3}SiyasallasanYargininYaralanmasi{\/mp3}<\/p>\n","protected":false},"excerpt":{"rendered":"<p>S\u0130YASALLA\u015eAN YARGININ YARALANMASI VE \u0130ST\u0130SMARCI D\u0130N YARASALARI &nbsp;&nbsp;&nbsp;&nbsp;&nbsp;&nbsp; Fetullah&ccedil;\u0131, \u0130smaila\u011fa Tarikat\u0131, S&uuml;leymanc\u0131, Menzil ba\u011fl\u0131s\u0131 ve Nur Cemaati gibi isimlerle an\u0131lan dini yap\u0131lanmalar\u0131n taban\u0131n\u0131 ve taraftar\u0131n\u0131 olu\u015fturan M&uuml;sl&uuml;manlar\u0131n &ccedil;ok b&uuml;y&uuml;k k\u0131sm\u0131n\u0131n; samimi, istikametli ve g&ouml;n&uuml;ll&uuml; hizmet ehli olduklar\u0131n\u0131 biliyoruz. Ancak bu t&uuml;r olu\u015fumlar\u0131n i&ccedil;ine s\u0131zan ve eleba\u015f\u0131 rol&uuml; oynayan menfaat&ccedil;i ve istismarc\u0131 bir kesimin, &ouml;zellikle d\u0131\u015f [&hellip;]<\/p>\n","protected":false},"author":8,"featured_media":0,"comment_status":"open","ping_status":"closed","sticky":false,"template":"","format":"standard","meta":{"footnotes":""},"categories":[98],"tags":[],"class_list":["post-4877","post","type-post","status-publish","format-standard","hentry","category-ozel-yazilar"],"_links":{"self":[{"href":"https:\/\/www.millicozum.com\/mc\/wp-json\/wp\/v2\/posts\/4877","targetHints":{"allow":["GET"]}}],"collection":[{"href":"https:\/\/www.millicozum.com\/mc\/wp-json\/wp\/v2\/posts"}],"about":[{"href":"https:\/\/www.millicozum.com\/mc\/wp-json\/wp\/v2\/types\/post"}],"author":[{"embeddable":true,"href":"https:\/\/www.millicozum.com\/mc\/wp-json\/wp\/v2\/users\/8"}],"replies":[{"embeddable":true,"href":"https:\/\/www.millicozum.com\/mc\/wp-json\/wp\/v2\/comments?post=4877"}],"version-history":[{"count":0,"href":"https:\/\/www.millicozum.com\/mc\/wp-json\/wp\/v2\/posts\/4877\/revisions"}],"wp:attachment":[{"href":"https:\/\/www.millicozum.com\/mc\/wp-json\/wp\/v2\/media?parent=4877"}],"wp:term":[{"taxonomy":"category","embeddable":true,"href":"https:\/\/www.millicozum.com\/mc\/wp-json\/wp\/v2\/categories?post=4877"},{"taxonomy":"post_tag","embeddable":true,"href":"https:\/\/www.millicozum.com\/mc\/wp-json\/wp\/v2\/tags?post=4877"}],"curies":[{"name":"wp","href":"https:\/\/api.w.org\/{rel}","templated":true}]}}