{"id":4894,"date":"2018-08-30T22:00:00","date_gmt":"2018-08-30T22:00:00","guid":{"rendered":"https:\/\/www.millicozum.com\/mc\/2018\/08\/30\/fetoculerin-ahmet-akgulu-etkisizlestirme-girisimlerinin-resmi-vesikasidir-2\/"},"modified":"2018-08-30T22:00:00","modified_gmt":"2018-08-30T22:00:00","slug":"fetoculerin-ahmet-akgulu-etkisizlestirme-girisimlerinin-resmi-vesikasidir-2","status":"publish","type":"post","link":"https:\/\/www.millicozum.com\/mc\/2018\/eylul-2018\/fetoculerin-ahmet-akgulu-etkisizlestirme-girisimlerinin-resmi-vesikasidir\/","title":{"rendered":"\u201cFET\u00d6\u201dc\u00fclerin AHMET AKG\u00dcL\u2019\u00dc ETK\u0130S\u0130ZLE\u015eT\u0130RME G\u0130R\u0130\u015e\u0130MLER\u0130N\u0130N RESM\u0130 VES\u0130KASIDIR!"},"content":{"rendered":"\n<p style=\"margin-bottom: 0.0001pt; text-align: center;\"><strong><span style=\"font-size: 16pt; font-family: 'Arial', sans-serif; color: black;\"><span style=\"font-size: 16pt; line-height: 115%; font-family: 'Arial', sans-serif; color: black;\">&ldquo;FET&Ouml;&rdquo;c&uuml;lerin<\/span><\/span><span style=\"font-size: 16pt; font-family: 'Arial', sans-serif; color: black;\"><span style=\"font-size: 14pt;\"> AKP iktidar\u0131yla kol kola bulunduklar\u0131 ve en g&uuml;&ccedil;l&uuml; olduklar\u0131 s&uuml;re&ccedil;te, Milli &Ccedil;&ouml;z&uuml;m Dergisi&rsquo;ni nas\u0131l an be an takip ettiklerinin ve<\/span> <\/span><\/strong><\/p>\n<p style=\"text-align: center;\"><strong><span style=\"font-size: 18pt; line-height: 115%; font-family: 'Arial', sans-serif; color: black;\">AHMET AKG&Uuml;L&rsquo;&Uuml; ETK\u0130S\u0130ZLE\u015eT\u0130RME G\u0130R\u0130\u015e\u0130MLER\u0130N\u0130N RESM\u0130 VES\u0130KASIDIR!<\/span><\/strong><\/p>\n<p style=\"margin-bottom: 0.0001pt; text-align: center;\"><strong><span style=\"font-size: 18pt; font-family: 'Arial', sans-serif; color: black;\">&nbsp;&nbsp;&nbsp;&nbsp; <\/span><\/strong><\/p>\n<p style=\"margin-bottom: 0.0001pt; text-align: justify; text-indent: 1cm; line-height: 16pt;\"><strong><span style=\"font-size: 14pt; font-family: 'Arial', sans-serif;\">FET&Ouml;&rsquo;c&uuml;lerin &uuml;ss&uuml; say\u0131lan ve \u015fimdi kapat\u0131lm\u0131\u015f olan Fatih &Uuml;niversitesi&rsquo;nin, 2011 y\u0131l\u0131nda Sosyal Bilimler Enstit&uuml;s&uuml; taraf\u0131ndan &ccedil;\u0131kard\u0131\u011f\u0131 ve Milli &Ccedil;&ouml;z&uuml;m Dergisi yaz\u0131lar\u0131n\u0131n kendileri i&ccedil;in en b&uuml;y&uuml;k tehlike say\u0131ld\u0131\u011f\u0131: <\/span><\/strong><strong><span style=\"font-size: 16pt; font-family: 'Arial', sans-serif;\">Avrupa Ekonomi ve Siyasi Bilimler Dergisi (EJEPS)<\/span><\/strong><\/p>\n<p style=\"margin-bottom: 0.0001pt; text-align: justify; text-indent: 1cm; line-height: 16pt;\"><span style=\"font-size: 12pt; font-family: 'Arial', sans-serif;\">\u0130ktisat, i\u015fletme, uluslararas\u0131 ili\u015fkiler, siyaset bilimi, kamu y&ouml;netimi ve ilgili alanlardaki iki y\u0131lda bir \u0130ktisat Fak&uuml;ltesi taraf\u0131ndan ara\u015ft\u0131rma makalelerini yay\u0131nlayan uluslararas\u0131 hakemli bir akademik dergidir.<\/span><\/p>\n<p style=\"margin-bottom: 0.0001pt; text-align: center; text-indent: 1cm; line-height: 16pt;\"><strong><span style=\"font-size: 12pt; font-family: 'Arial', sans-serif;\">European Journal of Economic and Political Studies<\/span><\/strong><\/p>\n<p style=\"margin-bottom: 0.0001pt; text-align: center; text-indent: 1cm; line-height: 16pt;\"><strong><span style=\"font-size: 12pt; font-family: 'Arial', sans-serif;\">Strategic Defamation of Fetullah Gulen: English vs. Turkish<\/span><\/strong><\/p>\n<p style=\"margin-bottom: 0.0001pt; text-align: center; text-indent: 1cm; line-height: 16pt;\"><strong><span style=\"font-size: 12pt; font-family: 'Arial', sans-serif;\">\u0130ngilizce ve T&uuml;rk&ccedil;e Fetullah G&uuml;len&rsquo;e Stratejik \u0130ftira<\/span><\/strong><\/p>\n<p style=\"margin-bottom: 0.0001pt; text-align: center; text-indent: 1cm; line-height: 16pt;\"><strong><span style=\"font-size: 12pt; font-family: 'Arial', sans-serif;\">Do\u011fan Koc<\/span><\/strong><\/p>\n<p style=\"margin-bottom: 0.0001pt; text-align: center; text-indent: 1cm; line-height: 16pt;\"><strong><span style=\"font-size: 12pt; font-family: 'Arial', sans-serif;\">189-244 Sayfalar\u0131<\/span><\/strong><\/p>\n<p style=\"margin-bottom: 0.0001pt; text-align: justify; text-indent: 1cm; line-height: 16pt;\"><strong><span style=\"font-size: 12pt; font-family: 'Arial', sans-serif;\">Bu FET&Ouml;&rsquo;c&uuml; Derginin \u0130ngilizcesinin &Ouml;zeti:<\/span><\/strong><\/p>\n<p style=\"margin-bottom: 0.0001pt; text-align: justify; text-indent: 1cm; line-height: 16pt;\"><strong><span style=\"font-size: 12pt; font-family: 'Arial', sans-serif;\">Fetullah G&uuml;len, e\u011fitim ve inan&ccedil;lar aras\u0131 diyalog etkinlikleri ile tan\u0131nan \u0131l\u0131ml\u0131 bir T&uuml;rk M&uuml;sl&uuml;man bilgini konumundad\u0131r. G&uuml;len&#8217;in &ccedil;abalar\u0131 d&uuml;nyan\u0131n her k&ouml;\u015fesinde bir&ccedil;ok ki\u015fi taraf\u0131ndan alk\u0131\u015flan\u0131rken, k&uuml;&ccedil;&uuml;k bir grup yazar G&uuml;len&#8217;i ve onun ad\u0131n\u0131 ta\u015f\u0131yan hareketi karalamaya &ccedil;al\u0131\u015fmaktad\u0131r. G&uuml;len&rsquo;in hakaret&ccedil;ileri olan bu Milli &Ccedil;&ouml;z&uuml;m Dergisi, yaz\u0131lar\u0131nda stratejik olarak davranmaktad\u0131r. Bu dergi, iftira niteli\u011findeki makalelerinde, G&uuml;len&rsquo;in; Amerikan \/ Siyonist \/ Vatikan ajan\u0131 oldu\u011fu vurgulan\u0131rken, \u0130ngilizce versiyonlar\u0131nda G&uuml;len; \u0130slamc\u0131 \/ Humeyni \/ Yeni Osmanl\u0131 \/ Hilafet olarak sunulmaktad\u0131r. \u0130statistiksel analiz ve literat&uuml;r taramas\u0131, G&uuml;len&#8217;e y&ouml;nelik iftiralar\u0131n\u0131n izleyicilere g&ouml;re haz\u0131rland\u0131\u011f\u0131 anla\u015f\u0131lmaktad\u0131r.<\/span><\/strong><\/p>\n<p style=\"margin-bottom: 0.0001pt; text-align: justify; text-indent: 1cm; line-height: 16pt;\"><strong><span style=\"font-size: 14pt; font-family: 'Arial', sans-serif;\">Giri\u015f<\/span><\/strong><\/p>\n<p style=\"margin-bottom: 0.0001pt; text-align: justify; text-indent: 1cm; line-height: 16pt;\"><strong><span style=\"font-size: 12pt; font-family: 'Arial', sans-serif;\">Fetullah G&uuml;len, e\u011fitim ve diyalog faaliyetleri ile tan\u0131nan \u0131l\u0131ml\u0131 bir T&uuml;rk M&uuml;sl&uuml;man bilgini olmaktad\u0131r. G&uuml;len Hareketi, ad\u0131n\u0131 verdi\u011fi d&uuml;nya &ccedil;ap\u0131nda y&uuml;zlerce e\u011fitim ve diyalog kurumu kurmu\u015flard\u0131r. G&uuml;len&rsquo;i k&ouml;t&uuml;lemek i&ccedil;in &ccedil;e\u015fitli kitaplar, y&uuml;zlerce makale ve haber yaz\u0131lm\u0131\u015ft\u0131r. &Ouml;zellikle Milli &Ccedil;&ouml;z&uuml;m (Ahmet Akg&uuml;l&rsquo;&uuml;n) kitaplar\u0131n\u0131n ve yaz\u0131lar\u0131n\u0131n bir k\u0131sm\u0131 G&uuml;len&rsquo;i ve hareketini karalamay\u0131 ama&ccedil;lam\u0131\u015ft\u0131r. Bu iftira yaz\u0131lar\u0131nda G&uuml;len, CIA \/ Siyonist bir ajan, bir Amerikan kuklas\u0131, Papa&#8217;n\u0131n bir gizli kardinali ve M&uuml;sl&uuml;man d&uuml;nyas\u0131nda Hristiyanla\u015fmaya ya da Bat\u0131&#8217;ya kolayl\u0131k sa\u011flamaya &ccedil;al\u0131\u015fan Bat\u0131&rsquo;n\u0131n Truva at\u0131 olarak tasvire &ccedil;al\u0131\u015f\u0131lm\u0131\u015ft\u0131r. Il\u0131ml\u0131 \u0130slami &ouml;\u011fretileriyle M&uuml;sl&uuml;man d&uuml;nyas\u0131n\u0131 k&ouml;lele\u015ftirme &ccedil;abas\u0131ndad\u0131r. <\/span><\/strong><\/p>\n<p style=\"margin-bottom: 0.0001pt; text-align: justify; text-indent: 1cm; line-height: 16pt;\"><strong><span style=\"font-size: 12pt; font-family: 'Arial', sans-serif;\">Hem T&uuml;rk&ccedil;e hem de \u0130ngilizce Fetullah&rsquo;\u0131 ele\u015ftiren yaz\u0131lar ve kitaplar incelenirse; bu iftiralar\u0131n rastgele olmad\u0131\u011f\u0131, izleyicilere g&ouml;re ortaya &ccedil;\u0131kt\u0131\u011f\u0131 anla\u015f\u0131lacakt\u0131r. Ba\u015fka bir deyi\u015fle, T&uuml;rker (2009) olarak belirtti\u011fi gibi: (Milli &Ccedil;&ouml;z&uuml;m Dergisi) &Ccedil;ok farkl\u0131 kitlelere hitap ediyor. Milli &Ccedil;&ouml;z&uuml;m&rsquo;&uuml;n T&uuml;rk&ccedil;e makalelerinde, Siyonistlerin destekledi\u011fi <\/span><\/strong><strong><span style=\"font-size: 12pt; font-family: 'Arial', sans-serif;\">Amerikan emperyalist tehlikesi hakk\u0131nda uyar\u0131lar oldu\u011fu gibi, di\u011fer yandan \u0130ngilizce makaleler haz\u0131rlay\u0131p Fetullah G&uuml;len Hareketini karalamaya &ccedil;al\u0131\u015f\u0131yorlar. <\/span><\/strong><\/p>\n<p style=\"margin-bottom: 0.0001pt; text-align: justify; text-indent: 1cm; line-height: 16pt;\"><strong><span style=\"font-size: 12pt; font-family: 'Arial', sans-serif;\">G&uuml;len&rsquo;le ilgili T&uuml;rk&ccedil;e yaz\u0131lm\u0131\u015f karalama yaz\u0131lar\u0131<\/span><\/strong><\/p>\n<p style=\"margin-bottom: 0.0001pt; text-align: justify; text-indent: 1cm; line-height: 16pt;\"><span style=\"font-size: 12pt; font-family: 'Arial', sans-serif;\">Milli &Ccedil;&ouml;z&uuml;m Dergisi&rsquo;ndeki makalelerde G&uuml;len, Bat\u0131l\u0131lar\u0131n T&uuml;rkiye&#8217;yi ve \u0130slam&#8217;\u0131 yok etmek ve M&uuml;sl&uuml;man halklar\u0131n\u0131 s&ouml;m&uuml;rmek i&ccedil;in kulland\u0131klar\u0131 bir Amerikan \/ Siyonist kukla olarak tan\u0131t\u0131lmaktad\u0131r. Bu yaz\u0131lardan baz\u0131lar\u0131nda G&uuml;len&#8217;in ger&ccedil;ek bir M&uuml;sl&uuml;man olmad\u0131\u011f\u0131 ve papal\u0131k i&ccedil;in &ccedil;al\u0131\u015ft\u0131\u011f\u0131 vurgulanmaktad\u0131r. G&uuml;len&#8217;in laik T&uuml;rkiye Cumhuriyeti&#8217;nde, &ouml;zellikle de daha &ouml;nceki d&ouml;nemlerde \u0130slami bir devlet kurma s&ouml;ylemiyle dindar halk\u0131 aldatt\u0131klar\u0131n\u0131 iddia eden kar\u015f\u0131t y&ouml;nde makaleler haz\u0131rlanm\u0131\u015ft\u0131r.<\/span><\/p>\n<p style=\"margin-bottom: 0.0001pt; text-align: justify; text-indent: 1cm; line-height: 16pt;\"><span style=\"font-size: 12pt; font-family: 'Arial', sans-serif;\">\u0130ngilizce versiyonlar\u0131na benzer \u015fekilde, (Milli &Ccedil;&ouml;z&uuml;m Dergisi&rsquo;nin) T&uuml;rk&ccedil;e versiyonlar\u0131 da G&uuml;len hakk\u0131nda &ccedil;e\u015fitli ithamlar sunmaktad\u0131r. Fetullah G&uuml;len i&ccedil;in bu T&uuml;rk&ccedil;e versiyonlarda kullan\u0131lan ba\u015fl\u0131ca temalar \u015funlard\u0131r: <\/span><strong><em><span style=\"font-size: 12pt; font-family: 'Arial', sans-serif;\">Amerikan kuklas\u0131; Vatikan&#8217;a dinleraras\u0131 diyalog yoluyla hizmet veren gizli ajan, Siyonist ba\u011flant\u0131lar\u0131 olan bir m&uuml;naf\u0131k, \u0130slam&#8217;a zarar vermeye &ccedil;al\u0131\u015fan bir \u015farlatan!<\/span><\/em><\/strong><\/p>\n<p style=\"margin-bottom: 0.0001pt; text-align: justify; text-indent: 1cm; line-height: 16pt;\"><strong><span style=\"font-size: 12pt; font-family: 'Arial', sans-serif;\">B&uuml;y&uuml;k Orta Do\u011fu Projesi&rsquo;nde Amerikan kuklas\u0131!<\/span><\/strong><\/p>\n<p style=\"margin-bottom: 0.0001pt; text-align: justify; text-indent: 1cm; line-height: 16pt;\"><strong><span style=\"font-size: 12pt; font-family: 'Arial', sans-serif;\">Milli &Ccedil;&ouml;z&uuml;m Dergisi&rsquo;nde en s\u0131k g&ouml;r&uuml;len konu, G&uuml;len&#8217;in Amerika taraf\u0131ndan kullan\u0131l\u0131yor olmas\u0131d\u0131r. Baz\u0131 makaleler G&uuml;len&#8217;in do\u011frudan CIA ya da Amerikan paramiliter &ouml;rg&uuml;t&uuml; &ldquo;S&uuml;per NATO&rdquo; i&ccedil;in &ccedil;al\u0131\u015ft\u0131\u011f\u0131n\u0131 iddia ederken, di\u011ferleri ise, Siyonist odaklar\u0131n \u0130slam d&uuml;nyas\u0131nda Amerikan s&ouml;m&uuml;r&uuml;s&uuml;ne kar\u015f\u0131 herhangi bir direni\u015f yaratmayacak bir \u0130slam&#8217;\u0131 yerle\u015ftirmeye u\u011fra\u015ft\u0131\u011f\u0131n\u0131 ve G&uuml;len&#8217;in bunun i&ccedil;in &ccedil;al\u0131\u015ft\u0131\u011f\u0131n\u0131 savunmaktad\u0131r. Milli &Ccedil;&ouml;z&uuml;m Dergisi&rsquo;ne ve Ahmet Akg&uuml;l&rsquo;e g&ouml;re; &ldquo;Il\u0131ml\u0131 \u0130slam&rdquo; olan Amerikan versiyonunun yarat\u0131lmas\u0131 ama&ccedil;lanm\u0131\u015ft\u0131r. G&uuml;len&#8217;in Amerika i&ccedil;in &ccedil;al\u0131\u015ft\u0131\u011f\u0131n\u0131 iddia eden yazarlar, Amerika&#8217;n\u0131n Orta Do\u011fu ve Orta Asya i&ccedil;in yeni projesinin &ldquo;B&uuml;y&uuml;k Ortado\u011fu Projesi&rdquo; olarak adland\u0131r\u0131lan B&uuml;y&uuml;k Ortado\u011fu Projesi (BOP) oldu\u011funu iddia ediyorlar. Bu proje sayesinde Amerika, &uuml;lkelerin s\u0131n\u0131rlar\u0131nda baz\u0131 de\u011fi\u015fiklikler de dahil olmak &uuml;zere Ortado\u011fu&#8217;yu yeniden tasarlamaya &ccedil;al\u0131\u015fmaktaym\u0131\u015f&hellip; Yazarlar, Fetullah G&uuml;len ve Ba\u015fbakan Recep T. Erdo\u011fan&#8217;\u0131n e\u015f ba\u015fkan olduklar\u0131n\u0131 iddia ediyorlar, ancak Fetullah G&uuml;len bu BOP projesinin gizli bir fig&uuml;ran\u0131ym\u0131\u015f. Sn. Erdo\u011fan zaten e\u015f ba\u015fkanm\u0131\u015f. T&uuml;rkiye&#8217;nin NATO&#8217;ya girmesinden bu yana, bu &#8216;S&uuml;per NATO&#8217;nun &uuml;lkeye h&acirc;kim oldu\u011fu ve her operasyonun arkas\u0131nda oldu\u011fu, bug&uuml;n bile Ergenekon davas\u0131 &#8216;S&uuml;per NATO&#8217; operasyonu olarak a&ccedil;\u0131klanmakta ve G&uuml;len bu operasyonun aktif bir par&ccedil;as\u0131 olarak sunulmaktad\u0131r. <\/span><\/strong><\/p>\n<p style=\"margin-bottom: 0.0001pt; text-align: justify; text-indent: 1cm; line-height: 16pt;\"><strong><span style=\"font-size: 12pt; font-family: 'Arial', sans-serif;\">&#8220;S&uuml;per NATO&rdquo;, Tayyip Erdo\u011fan&#8217;a, Kuzey Irak&#8217;ta kurulacak olan ikinci \u0130srail&#8217;in, Diyarbak\u0131r&rsquo;\u0131 merkezi yapaca\u011f\u0131n\u0131 f\u0131s\u0131ldam\u0131\u015ft\u0131r. Erdo\u011fan&#8217;\u0131n B&uuml;y&uuml;k Orta Do\u011fu Projesi E\u015fba\u015fkanl\u0131\u011f\u0131, S&uuml;per NATO&rsquo;da verilen g&ouml;rev olmaktaym\u0131\u015f ve bu derin devletin dini lideri Fetullah Hocaym\u0131\u015f, Tayyip ve polis sisteminde yer alan Fetullah &ccedil;etesi bu derin devletin elemanlar\u0131ym\u0131\u015f! Hatta Milli &Ccedil;&ouml;z&uuml;m Dergisi&rsquo;nin baz\u0131 yazarlar\u0131; CIA ajanlar\u0131n\u0131n G&uuml;len okullar\u0131nda \u0130ngilizce &ouml;\u011fretmenleri olarak &ccedil;al\u0131\u015ft\u0131\u011f\u0131n\u0131 iddia ediyorlar; &ouml;zellikle Orta Asya &uuml;lkelerindeki okullarda &ccedil;al\u0131\u015fanlar bu s\u0131n\u0131ftanm\u0131\u015f&hellip; Amerika&#8217;n\u0131n G&uuml;len okullar\u0131nda &ccedil;al\u0131\u015fan 1000&#8217;den fazla T&uuml;rk &ouml;\u011fretmene Amerikan pasaportu sa\u011flad\u0131\u011f\u0131n\u0131 ve bunlar\u0131n normal pasaportlar olmad\u0131\u011f\u0131n\u0131, bunlar\u0131n sadece Amerikan diplomatlar\u0131na (resmi pasaport) verilen pasaport oldu\u011funu savunmaktad\u0131rlar.<\/span><\/strong><\/p>\n<p style=\"margin-bottom: 0.0001pt; text-align: justify; text-indent: 1cm; line-height: 16pt;\"><strong><span style=\"font-size: 12pt; font-family: 'Arial', sans-serif;\">&ldquo;Fetullah G&uuml;len, Il\u0131ml\u0131 \u0130slam&rsquo;\u0131n ve Papa&#8217;n\u0131n Gizli Kardinali Konumundad\u0131r&rdquo; iddialar\u0131!<\/span><\/strong><\/p>\n<p style=\"margin-bottom: 0.0001pt; text-align: justify; text-indent: 1cm; line-height: 16pt;\"><strong><span style=\"font-size: 12pt; font-family: 'Arial', sans-serif;\">\u0130ftira niteli\u011findeki makalelerin T&uuml;rk&ccedil;e versiyonlar\u0131ndaki en yayg\u0131n ikinci tema, G&uuml;len&#8217;in Papa i&ccedil;in ya gizli bir kardinal olarak &ccedil;al\u0131\u015ft\u0131\u011f\u0131 ya da Papa ile gizli bir anla\u015fma gere\u011fi davrand\u0131\u011f\u0131 vurgulanmaktad\u0131r. Dinleraras\u0131 faaliyetleri ve &#8216;Il\u0131ml\u0131 \u0130slam&#8217; ile G&uuml;len&#8217;in \u0130slam&#8217;\u0131 yok etmeye &ccedil;al\u0131\u015ft\u0131\u011f\u0131 ve M&uuml;sl&uuml;manlar\u0131 Hristiyanla\u015ft\u0131rd\u0131\u011f\u0131 iddialar\u0131 s\u0131k&ccedil;a tekrarlanmaktad\u0131r. <\/span><\/strong><\/p>\n<p style=\"margin-bottom: 0.0001pt; text-align: justify; text-indent: 1cm; line-height: 16pt;\"><strong><span style=\"font-size: 14pt; font-family: 'Arial', sans-serif;\">Milli &Ccedil;&ouml;z&uuml;mc&uuml;lere g&ouml;re:<\/span><\/strong><\/p>\n<p style=\"margin-bottom: 0.0001pt; text-align: justify; text-indent: 1cm; line-height: 16pt;\"><strong><em><span style=\"font-size: 12pt; font-family: 'Arial', sans-serif;\">&ldquo;Binlerce y\u0131ld\u0131r \u0130slam bayra\u011f\u0131n\u0131 ta\u015f\u0131yan M&uuml;sl&uuml;man T&uuml;rk Milleti&#8217;nin &ccedil;ocuklar\u0131 teslis ve &ccedil;oktanr\u0131c\u0131l\u0131\u011fa (Hristiyanl\u0131k) do\u011fru ilerliyorlar. Bu ulusu (M&uuml;sl&uuml;man T&uuml;rk milletini) sava\u015fta yenemeyen Ha&ccedil;l\u0131 ve Siyonist odaklar bu milleti i&ccedil;ten yenilgiye u\u011fratmak ve inan&ccedil;lar\u0131n\u0131 yok etmek i&ccedil;in &ccedil;al\u0131\u015f\u0131yorlar. H&uuml;k&uuml;met&#8217;in AB&#8217;ye olan sevgisi ve Vatikan Konseyi&rsquo;nin misyonunun bir par&ccedil;as\u0131 olan diyalog ekibi (G&uuml;len Hareketi) misyonerlere ve onlar\u0131n varolu\u015f planlar\u0131 i&ccedil;in her \u015feyi haz\u0131rlad\u0131, halk\u0131m\u0131z\u0131 misyonerlerin kollar\u0131na itti ve halk\u0131m\u0131z onlar i&ccedil;in a&ccedil;\u0131k pazar konumundad\u0131r!&rdquo;<\/span><\/em><\/strong><\/p>\n<p style=\"margin-bottom: 0.0001pt; text-align: justify; text-indent: 1cm; line-height: 16pt;\"><span style=\"font-size: 12pt; font-family: 'Arial', sans-serif;\">Ayr\u0131ca <strong><em>&#8220;Vatikan ve Tap\u0131nak \u015e&ouml;valyeleri&#8221;<\/em><\/strong> adl\u0131 kitab\u0131nda Aytun&ccedil; Alt\u0131ndal, 1990&rsquo;da Papa II. John Paul&rsquo;un Vatikan&rsquo;\u0131n &ldquo;diyalog projesi&rdquo;ni yeniden canland\u0131rd\u0131\u011f\u0131n\u0131 savunmaktad\u0131r. G&uuml;len&rsquo;in T&uuml;rkiye&rsquo;deki diyalog faaliyetlerinin ve Vatikan&rsquo;\u0131n diyalog projelerinin nas\u0131l e\u015fle\u015fti\u011fini tart\u0131\u015ft\u0131ktan sonra \u015funlar\u0131 aktarmaktad\u0131r:<\/span><\/p>\n<p style=\"margin-bottom: 0.0001pt; text-align: justify; text-indent: 1cm; line-height: 16pt;\"><strong><em><span style=\"font-size: 12pt; font-family: 'Arial', sans-serif;\">&#8220;21 \u015eubat 1998&#8217;de Papa John Paul II, Vatikan Senatosu&#8217;na 20 yeni kardinal atad\u0131. [20 kardinallere ek olarak] Papa John Paul II (gizli kardinal) atama hakk\u0131n\u0131 kullanm\u0131\u015f ve iki s\u0131rr\u0131 tayin etmi\u015ftir. Yani gizli kardinaller atam\u0131\u015ft\u0131r. Bu hak, y&uuml;z y\u0131ldan fazla bir s&uuml;redir herhangi bir papa taraf\u0131ndan kullan\u0131lmam\u0131\u015ft\u0131r. Bu iki kardinalin kimli\u011fini sadece yedi ki\u015fi biliyor durumdad\u0131r. Kimliklerini ortaya &ccedil;\u0131kar\u0131rsa, &uuml;lkelerinde &ouml;ld&uuml;r&uuml;l&uuml;p ortadan kald\u0131r\u0131lacaklard\u0131r. Bu kardinallerden birinin (di\u011fer dinlere mensup olan ve kimliklerini gizleyen), &Ccedil;in&#8217;de bir dini lider oldu\u011fu san\u0131lmaktad\u0131r. Di\u011feri ise M&uuml;sl&uuml;man d&uuml;nyas\u0131nda kral \/ lider veya dini lider konumuyla reklam\u0131 yap\u0131lmaktad\u0131r.&rdquo;<\/span><\/em><\/strong><span style=\"font-size: 12pt; font-family: 'Arial', sans-serif;\"> (Alt\u0131ndal, 2004, Sayfa 115-6-7)<\/span><\/p>\n<p style=\"margin-bottom: 0.0001pt; text-align: justify; text-indent: 1cm; line-height: 16pt;\"><strong><span style=\"font-size: 14pt; font-family: 'Arial', sans-serif;\">G&uuml;len&rsquo;in Siyonist ba\u011flant\u0131lar\u0131!<\/span><\/strong><\/p>\n<p style=\"margin-bottom: 0.0001pt; text-align: justify; text-indent: 1cm; line-height: 16pt;\"><strong><span style=\"font-size: 12pt; font-family: 'Arial', sans-serif;\">Amerikan ba\u011flant\u0131s\u0131na benzer \u015fekilde, Milli &Ccedil;&ouml;z&uuml;m Dergisi Sn. G&uuml;len&rsquo;i, MOSSAD ve \u0130srail ile &ccedil;al\u0131\u015fan Siyonist bir komprador olarak tan\u0131tmaktad\u0131r. Baz\u0131 makaleler G&uuml;len&#8217;i AKP h&uuml;k&uuml;metinin &ouml;nde gelen &uuml;yeleriyle birlikte kripto-Yahudi (kimliklerini saklayan Yahudi soyundan gelenler) olarak g&ouml;sterirken, di\u011ferleri G&uuml;len&#8217;in sadece Siyonist gruplar i&ccedil;in &ccedil;al\u0131\u015ft\u0131\u011f\u0131n\u0131 iddia ediyorlar. ADL (Anti Defamation League) hakk\u0131ndaki ara\u015ft\u0131rmas\u0131nda, Ahmet Akg&uuml;l, ADL&#8217;yi G&uuml;len&#8217;i koruyan ve destekleyen bir Yahudi &ouml;rg&uuml;t&uuml; olarak tan\u0131mlamaktad\u0131r. Ayr\u0131ca ADL&#8217;nin G&uuml;len&#8217;in Papa II. John Paul ile g&ouml;r&uuml;\u015fmesini ayarlad\u0131\u011f\u0131n\u0131 ve G&uuml;len&#8217;in \u0130slam hakk\u0131ndaki kitab\u0131n\u0131n ADL taraf\u0131ndan da\u011f\u0131t\u0131ld\u0131\u011f\u0131n\u0131 vurgulamaktad\u0131r. Baz\u0131lar\u0131 daha ileri giderek ve Bnai-Brith&#8217;in t&uuml;m G&uuml;len&#8217;in kitaplar\u0131n\u0131 &uuml;cretsiz verdi\u011fini yazm\u0131\u015flard\u0131r. Milli &Ccedil;&ouml;z&uuml;m&rsquo;&uuml;n Ara\u015ft\u0131rma Ekibi &ldquo;G&uuml;len Dosyas\u0131&rdquo; haz\u0131rlam\u0131\u015f ve bu dosyada G&uuml;len Hareketi ile Birle\u015fme Kilisesi aras\u0131ndaki benzerlikleri ortaya koymu\u015flar ve her iki grubun da Siyonist bir &ouml;rg&uuml;t taraf\u0131ndan organize edildi\u011fini savunmu\u015flard\u0131r. CSIS (Stratejik ve Uluslararas\u0131 &Ccedil;al\u0131\u015fmalar Merkezi) (Milli &Ccedil;&ouml;z&uuml;m Ara\u015ft\u0131rma Ekibi, 2004).<\/span><\/strong><\/p>\n<p style=\"margin-bottom: 0.0001pt; text-align: justify; text-indent: 1cm; line-height: 16pt;\"><strong><span style=\"font-size: 14pt; font-family: 'Arial', sans-serif;\">&ldquo;G&uuml;len&rsquo;in misyonu \u0130slam&rsquo;\u0131 yozla\u015ft\u0131rmakt\u0131r&rdquo; iddialar\u0131!<\/span><\/strong><\/p>\n<p style=\"margin-bottom: 0.0001pt; text-align: justify; text-indent: 1cm; line-height: 16pt;\"><strong><span style=\"font-size: 12pt; font-family: 'Arial', sans-serif;\">&ldquo;Fetullah M&uuml;sl&uuml;man m\u0131?&rdquo; adl\u0131 kitapta Fetullah G&uuml;len&#8217;in Bahai oldu\u011funu iddia edenler bile &ccedil;\u0131km\u0131\u015ft\u0131r. Yukar\u0131daki temalara ek olarak, Milli &Ccedil;&ouml;z&uuml;m Dergisi&rsquo;ndeki di\u011fer baz\u0131 makaleler G&uuml;len&#8217;in K&uuml;rt ayr\u0131l\u0131k&ccedil;\u0131 grup PKK ve lideri Abdullah &Ouml;calan ile sinsice birlikte &ccedil;al\u0131\u015ft\u0131\u011f\u0131n\u0131 vurgulamaktad\u0131r. (Bak. Ahmet Akg&uuml;l, 2009; Ekmek&ccedil;i, 2008; G&ouml;z&uuml;b&uuml;y&uuml;k, 2009).<\/span><\/strong><\/p>\n<p style=\"margin-bottom: 0.0001pt; text-align: justify; text-indent: 1cm; line-height: 16pt;\"><strong><span style=\"font-size: 14pt; font-family: 'Arial', sans-serif; color: black;\">Fatih &Uuml;niversitesi&rsquo;nce ve kalabal\u0131k bir akademisyen ekibince haz\u0131rlanan ve \u0130ngilizce olarak T&uuml;rkiye&#8217;de ve d\u0131\u015f &uuml;lkelerde yay\u0131nlanan (EJEPS) Avrupa Ekonomi ve Siyasi Bilimler Dergisi&rsquo;nde tek tek irdelenen ve Fetullah G&uuml;len hareketini ele\u015ftiren Milli &Ccedil;&ouml;z&uuml;m Dergisi yaz\u0131lar\u0131 ve yazarlar\u0131:<\/span><\/strong><\/p>\n<p>&nbsp;<\/p>\n<table border=\"0\" style=\"width: 669px;\" cellspacing=\"0\" cellpadding=\"0\">\n<colgroup>\n<col style=\"width: 31pt;\" width=\"42\" \/>\n<col style=\"width: 86pt;\" width=\"115\" \/>\n<col style=\"width: 267pt;\" width=\"356\" \/>\n<col style=\"width: 53pt;\" width=\"70\" \/>\n<col style=\"width: 64pt;\" width=\"86\" \/> <\/colgroup>\n<tbody>\n<tr style=\"height: 29.4pt;\">\n<td class=\"xl65\" style=\"height: 29.4pt; width: 31pt; padding-bottom: 4.25pt; padding-top: 0cm; text-align: center;\" width=\"42\" height=\"39\">1<\/td>\n<td class=\"xl79\" style=\"width: 86pt;\" width=\"115\">Milli &Ccedil;&ouml;z&uuml;m Ara\u015ft\u0131rma Ekibi<\/td>\n<td class=\"xl66\" style=\"width: 267pt;\" width=\"356\">FETULLAH G&Uuml;LEN DOSYASI<\/td>\n<td class=\"xl67\" style=\"width: 53pt;\" width=\"70\">12.01.2004<\/td>\n<td class=\"xl68\" style=\"width: 64pt;\" width=\"86\">Milli &Ccedil;&ouml;z&uuml;m<\/td>\n<\/tr>\n<tr style=\"height: 29.4pt;\">\n<td class=\"xl69\" style=\"height: 29.4pt; text-align: center;\" height=\"39\">2<\/td>\n<td class=\"xl80\" style=\"width: 86pt;\" width=\"115\">Milli &Ccedil;&ouml;z&uuml;m Ara\u015ft\u0131rma Ekibi<\/td>\n<td class=\"xl71\">AKP&#8217;nin PERDE ARKASI<\/td>\n<td class=\"xl72\" style=\"width: 53pt;\" width=\"70\">12.01.2004<\/td>\n<td class=\"xl73\" style=\"width: 64pt;\" width=\"86\">Milli &Ccedil;&ouml;z&uuml;m<\/td>\n<\/tr>\n<tr style=\"height: 29.4pt;\">\n<td class=\"xl69\" style=\"height: 29.4pt; text-align: center;\" height=\"39\">3<\/td>\n<td class=\"xl80\" style=\"width: 86pt;\" width=\"115\">Ahmet Akg&uuml;l<\/td>\n<td class=\"xl71\">F\u0130TNETULLAH VE BAYKAL<\/td>\n<td class=\"xl74\" style=\"width: 53pt;\" width=\"70\">5.18.2010<\/td>\n<td class=\"xl73\" style=\"width: 64pt;\" width=\"86\">Milli &Ccedil;&ouml;z&uuml;m<\/td>\n<\/tr>\n<tr style=\"height: 29.4pt;\">\n<td class=\"xl69\" style=\"height: 29.4pt; text-align: center;\" height=\"39\">4<\/td>\n<td class=\"xl80\" style=\"width: 86pt;\" width=\"115\">Osman Erayd\u0131n<\/td>\n<td class=\"xl70\" style=\"width: 267pt;\" width=\"356\">Fetullah&ccedil;\u0131lar ve Barzanilerle \u0130yi \u0130li\u015fkiler Kurabilen D\u0130YARBAKIR VAL\u0130LER\u0130, &Uuml;ST G&Ouml;REVLERE ATANIYORDU!<\/td>\n<td class=\"xl74\" style=\"width: 53pt;\" width=\"70\">7.22.2010<\/td>\n<td class=\"xl73\" style=\"width: 64pt;\" width=\"86\">Milli &Ccedil;&ouml;z&uuml;m<\/td>\n<\/tr>\n<tr style=\"height: 29.4pt;\">\n<td class=\"xl69\" style=\"height: 29.4pt; text-align: center;\" height=\"39\">5<\/td>\n<td class=\"xl81\">Nail K\u0131z\u0131lkan<\/td>\n<td class=\"xl70\" style=\"width: 267pt;\" width=\"356\">AKP KURMAYLARININ &ldquo;BASIN &Ouml;ZG&Uuml;RL&Uuml;\u011e&Uuml;&rdquo; ANLAYI\u015eI VE ACI SON&rdquo;UN YAKLA\u015eMASI<\/td>\n<td class=\"xl74\" style=\"width: 53pt;\" width=\"70\">6.24.2010<\/td>\n<td class=\"xl73\" style=\"width: 64pt;\" width=\"86\">Milli &Ccedil;&ouml;z&uuml;m<\/td>\n<\/tr>\n<tr style=\"height: 29.4pt;\">\n<td class=\"xl69\" style=\"height: 29.4pt; text-align: center;\" height=\"39\">6<\/td>\n<td class=\"xl80\" style=\"width: 86pt;\" width=\"115\">\u0130smet Sezgin<\/td>\n<td class=\"xl70\" style=\"width: 267pt;\" width=\"356\">&Ouml;L&Ccedil;&Uuml; ERDO\u011eAN VE FETULLAH MI, YOKSA KUR&rsquo;AN VE RESUL&Uuml;LLAH MI?<\/td>\n<td class=\"xl74\" style=\"width: 53pt;\" width=\"70\">6.21.2010<\/td>\n<td class=\"xl73\" style=\"width: 64pt;\" width=\"86\">Milli &Ccedil;&ouml;z&uuml;m<\/td>\n<\/tr>\n<tr style=\"height: 38.4pt;\">\n<td class=\"xl69\" style=\"height: 38.4pt; text-align: center;\" height=\"51\">7<\/td>\n<td class=\"xl80\" style=\"width: 86pt;\" width=\"115\">Ahmet Akg&uuml;l<\/td>\n<td class=\"xl70\" style=\"width: 267pt;\" width=\"356\">\u0130SRA\u0130L SALDIRISINA KAR\u015eI; \u0130SLAM D&Uuml;\u015eMANLARININ, D\u0130N \u0130ST\u0130SMARCILARININ VE AKP YANDA\u015eLARININ ORTAK TELA\u015eI!<\/td>\n<td class=\"xl72\" style=\"width: 53pt;\" width=\"70\">6.08.2010<\/td>\n<td class=\"xl73\" style=\"width: 64pt;\" width=\"86\">Milli &Ccedil;&ouml;z&uuml;m<\/td>\n<\/tr>\n<tr style=\"height: 29.4pt;\">\n<td class=\"xl69\" style=\"height: 29.4pt; text-align: center;\" height=\"39\">8<\/td>\n<td class=\"xl80\" style=\"width: 86pt;\" width=\"115\">Ramazan Y&uuml;cel<\/td>\n<td class=\"xl70\" style=\"width: 267pt;\" width=\"356\">DANI\u015eTAY SALDIRISININ OYAK VE FETULLAH CEMAAT\u0130 BA\u011eLANTILARI<\/td>\n<td class=\"xl74\" style=\"width: 53pt;\" width=\"70\">5.24.2010<\/td>\n<td class=\"xl73\" style=\"width: 64pt;\" width=\"86\">Milli &Ccedil;&ouml;z&uuml;m<\/td>\n<\/tr>\n<tr style=\"height: 29.4pt;\">\n<td class=\"xl69\" style=\"height: 29.4pt; text-align: center;\" height=\"39\">9<\/td>\n<td class=\"xl81\">Nejat Hakkul<\/td>\n<td class=\"xl70\" style=\"width: 267pt;\" width=\"356\">M\u0130LL\u0130 GAZETE&rsquo;N\u0130N FETULLAH&Ccedil;I YAZARLARI VE YANILGILARI<\/td>\n<td class=\"xl74\" style=\"width: 53pt;\" width=\"70\">5.24.2010<\/td>\n<td class=\"xl73\" style=\"width: 64pt;\" width=\"86\">Milli &Ccedil;&ouml;z&uuml;m<\/td>\n<\/tr>\n<tr style=\"height: 29.4pt;\">\n<td class=\"xl69\" style=\"height: 29.4pt; text-align: center;\" height=\"39\">10<\/td>\n<td class=\"xl80\" style=\"width: 86pt;\" width=\"115\">Orhangazi Y\u0131lmayan<\/td>\n<td class=\"xl70\" style=\"width: 267pt;\" width=\"356\">FETULLAH&Ccedil;ILARIN R&Uuml;YASI MI, YOKSA \u015e\u0130FREL\u0130 CIA UYARISI MI?<\/td>\n<td class=\"xl74\" style=\"width: 53pt;\" width=\"70\">4.29.2010<\/td>\n<td class=\"xl73\" style=\"width: 64pt;\" width=\"86\">Milli &Ccedil;&ouml;z&uuml;m<\/td>\n<\/tr>\n<tr style=\"height: 29.4pt;\">\n<td class=\"xl69\" style=\"height: 29.4pt; text-align: center;\" height=\"39\">11<\/td>\n<td class=\"xl80\" style=\"width: 86pt;\" width=\"115\">Osman Erayd\u0131n<\/td>\n<td class=\"xl70\" style=\"width: 267pt;\" width=\"356\">TSK&#8217;YA SATA\u015eILMASI VE KANCIKLARIN \u015eAP\u015eALLA\u015eMASI!<\/td>\n<td class=\"xl74\" style=\"width: 53pt;\" width=\"70\">2.23.2010<\/td>\n<td class=\"xl73\" style=\"width: 64pt;\" width=\"86\">Milli &Ccedil;&ouml;z&uuml;m<\/td>\n<\/tr>\n<tr style=\"height: 29.4pt;\">\n<td class=\"xl69\" style=\"height: 29.4pt; text-align: center;\" height=\"39\">12<\/td>\n<td class=\"xl80\" style=\"width: 86pt;\" width=\"115\">Yakup G&ouml;z&uuml;b&uuml;y&uuml;k<\/td>\n<td class=\"xl70\" style=\"width: 267pt;\" width=\"356\">&ldquo;Ergenekon&rsquo;&rsquo;da \u0130lgin&ccedil; \u0130ddialar \u0130&ccedil;eren Bir Dilek&ccedil;e S\u0130YON\u0130ST SENARYOLAR SORGULANIYORDU!<\/td>\n<td class=\"xl74\" style=\"width: 53pt;\" width=\"70\">11.23.2009<\/td>\n<td class=\"xl73\" style=\"width: 64pt;\" width=\"86\">Milli &Ccedil;&ouml;z&uuml;m<\/td>\n<\/tr>\n<tr style=\"height: 29.4pt;\">\n<td class=\"xl69\" style=\"height: 29.4pt; text-align: center;\" height=\"39\">13<\/td>\n<td class=\"xl80\" style=\"width: 86pt;\" width=\"115\">Yakup G&ouml;z&uuml;b&uuml;y&uuml;k<\/td>\n<td class=\"xl70\" style=\"width: 267pt;\" width=\"356\">K&Uuml;RTLE\u015eM\u0130\u015e YAHUD\u0130LERLE \u0130SRA\u0130L \u0130L\u0130\u015eK\u0130LER\u0130, PKK-FETULLAH&Ccedil;ILIK \u0130\u015eB\u0130RL\u0130\u011e\u0130<\/td>\n<td class=\"xl74\" style=\"width: 53pt;\" width=\"70\">10.28.2009<\/td>\n<td class=\"xl73\" style=\"width: 64pt;\" width=\"86\">Milli &Ccedil;&ouml;z&uuml;m<\/td>\n<\/tr>\n<tr style=\"height: 29.4pt;\">\n<td class=\"xl69\" style=\"height: 29.4pt; text-align: center;\" height=\"39\">14<\/td>\n<td class=\"xl80\" style=\"width: 86pt;\" width=\"115\">Milli &Ccedil;&ouml;z&uuml;m Ara\u015ft\u0131rma Ekibi<\/td>\n<td class=\"xl70\" style=\"width: 267pt;\" width=\"356\">FETULLAH&Ccedil;ILIK, K&Uuml;RESEL EMPERYAL\u0130ZM\u0130N B\u0130R ARACIDIR<\/td>\n<td class=\"xl74\" style=\"width: 53pt;\" width=\"70\">9.19.2009<\/td>\n<td class=\"xl73\" style=\"width: 64pt;\" width=\"86\">Milli &Ccedil;&ouml;z&uuml;m<\/td>\n<\/tr>\n<tr style=\"height: 29.4pt;\">\n<td class=\"xl69\" style=\"height: 29.4pt; text-align: center;\" height=\"39\">15<\/td>\n<td class=\"xl80\" style=\"width: 86pt;\" width=\"115\">Ahmet Akg&uuml;l<\/td>\n<td class=\"xl70\" style=\"width: 267pt;\" width=\"356\">K&Uuml;RT A&Ccedil;ILIMI VE HIYANET AL&Ccedil;AKLI\u011eI<\/td>\n<td class=\"xl74\" style=\"width: 53pt;\" width=\"70\">8.21.2009<\/td>\n<td class=\"xl73\" style=\"width: 64pt;\" width=\"86\">Milli &Ccedil;&ouml;z&uuml;m<\/td>\n<\/tr>\n<tr style=\"height: 29.4pt;\">\n<td class=\"xl69\" style=\"height: 29.4pt; text-align: center;\" height=\"39\">16<\/td>\n<td class=\"xl80\" style=\"width: 86pt;\" width=\"115\">Zeynep Ba\u015fyazar<\/td>\n<td class=\"xl70\" style=\"width: 267pt;\" width=\"356\">BA\u015eBU\u011e&rsquo;UN ABD Z\u0130YARET\u0130 VE RAHATSIZ ETT\u0130KLER\u0130<\/td>\n<td class=\"xl74\" style=\"width: 53pt;\" width=\"70\">7.25.2009<\/td>\n<td class=\"xl73\" style=\"width: 64pt;\" width=\"86\">Milli &Ccedil;&ouml;z&uuml;m<\/td>\n<\/tr>\n<tr style=\"height: 36.6pt;\">\n<td class=\"xl69\" style=\"height: 36.6pt; text-align: center;\" height=\"49\">17<\/td>\n<td class=\"xl80\" style=\"width: 86pt;\" width=\"115\">Osman Erayd\u0131n<\/td>\n<td class=\"xl70\" style=\"width: 267pt;\" width=\"356\">S\u0130YON\u0130ST NETANYAHU &ldquo;ORDUSUZ F\u0130L\u0130ST\u0130N&rdquo; \u0130ST\u0130YOR&hellip; Bizdeki Sabataist Cunta ise; ORDUYU ZAYIFLATMAYA &Ccedil;ALI\u015eIYOR!<\/td>\n<td class=\"xl74\" style=\"width: 53pt;\" width=\"70\">7.25.2009<\/td>\n<td class=\"xl73\" style=\"width: 64pt;\" width=\"86\">Milli &Ccedil;&ouml;z&uuml;m<\/td>\n<\/tr>\n<tr style=\"height: 29.4pt;\">\n<td class=\"xl69\" style=\"height: 29.4pt; text-align: center;\" height=\"39\">18<\/td>\n<td class=\"xl80\" style=\"width: 86pt;\" width=\"115\">Ramazan Y&uuml;cel<\/td>\n<td class=\"xl71\">FETULLAH&Ccedil;ILARIN TELA\u015eI!?<\/td>\n<td class=\"xl74\" style=\"width: 53pt;\" width=\"70\">6.25.2009<\/td>\n<td class=\"xl73\" style=\"width: 64pt;\" width=\"86\">Milli &Ccedil;&ouml;z&uuml;m<\/td>\n<\/tr>\n<tr style=\"height: 29.4pt;\">\n<td class=\"xl69\" style=\"height: 29.4pt; text-align: center;\" height=\"39\">19<\/td>\n<td class=\"xl80\" style=\"width: 86pt;\" width=\"115\">Osman Erayd\u0131n<\/td>\n<td class=\"xl70\" style=\"width: 267pt;\" width=\"356\">FETULLAH&Ccedil;ILARLA BARZAN\u0130 \u0130TT\u0130FAKI VE F. T\u0130P\u0130 YAPILANMANIN \u0130FLASI<\/td>\n<td class=\"xl74\" style=\"width: 53pt;\" width=\"70\">6.25.2009<\/td>\n<td class=\"xl73\" style=\"width: 64pt;\" width=\"86\">Milli &Ccedil;&ouml;z&uuml;m<\/td>\n<\/tr>\n<tr style=\"height: 29.4pt;\">\n<td class=\"xl69\" style=\"height: 29.4pt; text-align: center;\" height=\"39\">20<\/td>\n<td class=\"xl80\" style=\"width: 86pt;\" width=\"115\">Komisyon<\/td>\n<td class=\"xl70\" style=\"width: 267pt;\" width=\"356\">GAVURLARA &ldquo;N&Uuml;KLEER G&Uuml;C&Uuml;&rdquo;, M&Uuml;SL&Uuml;MANLARA &ldquo;HO\u015eG&Ouml;R&Uuml;Y&Uuml;&rdquo; REVA G&Ouml;RENLER<\/td>\n<td class=\"xl74\" style=\"width: 53pt;\" width=\"70\">6.25.2009<\/td>\n<td class=\"xl73\" style=\"width: 64pt;\" width=\"86\">Milli &Ccedil;&ouml;z&uuml;m<\/td>\n<\/tr>\n<tr style=\"height: 29.4pt;\">\n<td class=\"xl69\" style=\"height: 29.4pt; text-align: center;\" height=\"39\">21<\/td>\n<td class=\"xl80\" style=\"width: 86pt;\" width=\"115\">Komisyon<\/td>\n<td class=\"xl70\" style=\"width: 267pt;\" width=\"356\">GKB \u0130LKER BA\u015eBU\u011e&#8217;UN S&Ouml;ZLER\u0130 VE T&Uuml;RK&Ccedil;ES\u0130<\/td>\n<td class=\"xl74\" style=\"width: 53pt;\" width=\"70\">5.23.2009<\/td>\n<td class=\"xl73\" style=\"width: 64pt;\" width=\"86\">Milli &Ccedil;&ouml;z&uuml;m<\/td>\n<\/tr>\n<tr style=\"height: 29.4pt;\">\n<td class=\"xl69\" style=\"height: 29.4pt; text-align: center;\" height=\"39\">22<\/td>\n<td class=\"xl80\" style=\"width: 86pt;\" width=\"115\">Komisyon<\/td>\n<td class=\"xl70\" style=\"width: 267pt;\" width=\"356\">\u0130nsanlar\u0131 Allah \u0130le Aldatan, Ama \u015eeytan Amerika&#8217;ya &Ccedil;al\u0131\u015fan: B\u0130R F\u0130G&Uuml;RAN; FETULLAH G&Uuml;LEN<\/td>\n<td class=\"xl74\" style=\"width: 53pt;\" width=\"70\">4.27.2009<\/td>\n<td class=\"xl73\" style=\"width: 64pt;\" width=\"86\">Milli &Ccedil;&ouml;z&uuml;m<\/td>\n<\/tr>\n<tr style=\"height: 29.4pt;\">\n<td class=\"xl69\" style=\"height: 29.4pt; text-align: center;\" height=\"39\">23<\/td>\n<td class=\"xl80\" style=\"width: 86pt;\" width=\"115\">Nevzat G&uuml;nd&uuml;z<\/td>\n<td class=\"xl70\" style=\"width: 267pt;\" width=\"356\">ENC&Uuml;MEN\u0130 DAN\u0130\u015e VE EMEKL\u0130 GENERALLER<\/td>\n<td class=\"xl74\" style=\"width: 53pt;\" width=\"70\">3.25.2009<\/td>\n<td class=\"xl73\" style=\"width: 64pt;\" width=\"86\">Milli &Ccedil;&ouml;z&uuml;m<\/td>\n<\/tr>\n<tr style=\"page-break-before: always; height: 29.4pt;\">\n<td class=\"xl69\" style=\"height: 29.4pt; text-align: center;\" height=\"39\">24<\/td>\n<td class=\"xl81\">Ufuk Efe<\/td>\n<td class=\"xl70\" style=\"width: 267pt;\" width=\"356\">S&Uuml;LEYMAN KARAG&Uuml;LLE&#8217;N\u0130N M\u0130LL\u0130 &Ccedil;&Ouml;Z&Uuml;M \u0130LE \u0130LG\u0130L\u0130 SAPTAMALARI, YA\u015eAR NUR\u0130 &Ouml;ZT&Uuml;RK&#8217;&Uuml;N SAPTIRMALARI<\/td>\n<td class=\"xl74\" style=\"width: 53pt;\" width=\"70\">3.25.2009<\/td>\n<td class=\"xl73\" style=\"width: 64pt;\" width=\"86\">Milli &Ccedil;&ouml;z&uuml;m<\/td>\n<\/tr>\n<tr style=\"height: 29.4pt;\">\n<td class=\"xl69\" style=\"height: 29.4pt; text-align: center;\" height=\"39\">25<\/td>\n<td class=\"xl80\" style=\"width: 86pt;\" width=\"115\">Ahmet Akg&uuml;l<\/td>\n<td class=\"xl70\" style=\"width: 267pt;\" width=\"356\">TSK&#8217;YI KISITLAMA VE KISTIRMA HAZIRLIKLARI<\/td>\n<td class=\"xl74\" style=\"width: 53pt;\" width=\"70\">3.25.2009<\/td>\n<td class=\"xl73\" style=\"width: 64pt;\" width=\"86\">Milli &Ccedil;&ouml;z&uuml;m<\/td>\n<\/tr>\n<tr style=\"height: 29.4pt;\">\n<td class=\"xl69\" style=\"height: 29.4pt; text-align: center;\" height=\"39\">26<\/td>\n<td class=\"xl80\" style=\"width: 86pt;\" width=\"115\">Nevzat G&uuml;nd&uuml;z<\/td>\n<td class=\"xl70\" style=\"width: 267pt;\" width=\"356\">M\u0130T ESK\u0130S\u0130 MAH\u0130R\u0130N &Ccedil;ARPITMA VE \u0130FT\u0130RA ATMA MAHARET\u0130<\/td>\n<td class=\"xl72\" style=\"width: 53pt;\" width=\"70\">3.04.2009<\/td>\n<td class=\"xl73\" style=\"width: 64pt;\" width=\"86\">Milli &Ccedil;&ouml;z&uuml;m<\/td>\n<\/tr>\n<tr style=\"height: 29.4pt;\">\n<td class=\"xl69\" style=\"height: 29.4pt; text-align: center;\" height=\"39\">27<\/td>\n<td class=\"xl80\" style=\"width: 86pt;\" width=\"115\">Ahmet Akg&uuml;l<\/td>\n<td class=\"xl70\" style=\"width: 267pt;\" width=\"356\">ERGENEKON&#8217;UN A&Ccedil;ILIMI: IRK&Ccedil;I EMPERYAL\u0130ZM AT DE\u011e\u0130\u015eT\u0130R\u0130YOR!<\/td>\n<td class=\"xl72\" style=\"width: 53pt;\" width=\"70\">3.04.2009<\/td>\n<td class=\"xl73\" style=\"width: 64pt;\" width=\"86\">Milli &Ccedil;&ouml;z&uuml;m<\/td>\n<\/tr>\n<tr style=\"height: 29.4pt;\">\n<td class=\"xl69\" style=\"height: 29.4pt; text-align: center;\" height=\"39\">28<\/td>\n<td class=\"xl80\" style=\"width: 86pt;\" width=\"115\">Komisyon<\/td>\n<td class=\"xl70\" style=\"width: 267pt;\" width=\"356\">\u0130SRA\u0130L U\u015eAKLI\u011eI VE TSK D&Uuml;\u015eMANLI\u011eI<\/td>\n<td class=\"xl75\">1.29.2009<\/td>\n<td class=\"xl73\" style=\"width: 64pt;\" width=\"86\">Milli &Ccedil;&ouml;z&uuml;m<\/td>\n<\/tr>\n<tr style=\"height: 29.4pt;\">\n<td class=\"xl69\" style=\"height: 29.4pt; text-align: center;\" height=\"39\">29<\/td>\n<td class=\"xl80\" style=\"width: 86pt;\" width=\"115\">Mehmet Deniz<\/td>\n<td class=\"xl70\" style=\"width: 267pt;\" width=\"356\">ERGENEKON MASALI VE TUNCAY G&Uuml;NEY MAVALI<\/td>\n<td class=\"xl75\">12.29.2008<\/td>\n<td class=\"xl73\" style=\"width: 64pt;\" width=\"86\">Milli &Ccedil;&ouml;z&uuml;m<\/td>\n<\/tr>\n<tr style=\"height: 29.4pt;\">\n<td class=\"xl69\" style=\"height: 29.4pt; text-align: center;\" height=\"39\">30<\/td>\n<td class=\"xl81\">Nail K\u0131z\u0131lkan<\/td>\n<td class=\"xl70\" style=\"width: 267pt;\" width=\"356\">ABD&#8217;N\u0130N RECEP ERDO\u011eAN&#8217;I VE BARAK OBAMANIN YULARI<\/td>\n<td class=\"xl76\">12.29.2008<\/td>\n<td class=\"xl73\" style=\"width: 64pt;\" width=\"86\">Milli &Ccedil;&ouml;z&uuml;m<\/td>\n<\/tr>\n<tr style=\"height: 29.4pt;\">\n<td class=\"xl69\" style=\"height: 29.4pt; text-align: center;\" height=\"39\">31<\/td>\n<td class=\"xl80\" style=\"width: 86pt;\" width=\"115\">Nail K\u0131z\u0131lkan<\/td>\n<td class=\"xl70\" style=\"width: 267pt;\" width=\"356\">RECEP ERDO\u011eAN OF THE USA AND THE REINS OF BARACK OBAMA<\/td>\n<td class=\"xl75\">12.29.2008<\/td>\n<td class=\"xl73\" style=\"width: 64pt;\" width=\"86\">Milli &Ccedil;&ouml;z&uuml;m<\/td>\n<\/tr>\n<tr style=\"height: 29.4pt;\">\n<td class=\"xl69\" style=\"height: 29.4pt; text-align: center;\" height=\"39\">32<\/td>\n<td class=\"xl80\" style=\"width: 86pt;\" width=\"115\">Hakan Ekmek&ccedil;i<\/td>\n<td class=\"xl70\" style=\"width: 267pt;\" width=\"356\">&Ouml;CALAN CUMHURBA\u015eKANI, FETULLAH D\u0130YANET VE D\u0130YALOG BAKANI!<\/td>\n<td class=\"xl75\">11.24.2008<\/td>\n<td class=\"xl73\" style=\"width: 64pt;\" width=\"86\">Milli &Ccedil;&ouml;z&uuml;m<\/td>\n<\/tr>\n<tr style=\"height: 29.4pt;\">\n<td class=\"xl69\" style=\"height: 29.4pt; text-align: center;\" height=\"39\">33<\/td>\n<td class=\"xl80\" style=\"width: 86pt;\" width=\"115\">Ufuk Efe<\/td>\n<td class=\"xl70\" style=\"width: 267pt;\" width=\"356\">YARGININ YAMULMASI VE HAK\u0130MEV\u0130 SKANDALI<\/td>\n<td class=\"xl75\">10.24.2008<\/td>\n<td class=\"xl73\" style=\"width: 64pt;\" width=\"86\">Milli &Ccedil;&ouml;z&uuml;m<\/td>\n<\/tr>\n<tr style=\"height: 29.4pt;\">\n<td class=\"xl69\" style=\"height: 29.4pt; text-align: center;\" height=\"39\">34<\/td>\n<td class=\"xl80\" style=\"width: 86pt;\" width=\"115\">Milli &Ccedil;&ouml;z&uuml;m Ara\u015ft\u0131rma Ekibi<\/td>\n<td class=\"xl70\" style=\"width: 267pt;\" width=\"356\">VAR MISINIZ, MASON LOCALARINA MAHKEME A&Ccedil;MAYA?!&nbsp;<\/td>\n<td class=\"xl75\">8.23.2008<\/td>\n<td class=\"xl73\" style=\"width: 64pt;\" width=\"86\">Milli &Ccedil;&ouml;z&uuml;m<\/td>\n<\/tr>\n<tr style=\"height: 29.4pt;\">\n<td class=\"xl69\" style=\"height: 29.4pt; text-align: center;\" height=\"39\">35<\/td>\n<td class=\"xl80\" style=\"width: 86pt;\" width=\"115\">Ahmet Akg&uuml;l<\/td>\n<td class=\"xl70\" style=\"width: 267pt;\" width=\"356\">&#8220;Orduya H&uuml;cum!&#8221; Operasyonu: B\u0130R ERGENEKOM\u0130K SENARYOSU VE CIA-FETULLAH&Ccedil;I F\u0130YASKOSU<\/td>\n<td class=\"xl77\">8.08.2008<\/td>\n<td class=\"xl73\" style=\"width: 64pt;\" width=\"86\">Milli &Ccedil;&ouml;z&uuml;m<\/td>\n<\/tr>\n<tr style=\"height: 29.4pt;\">\n<td class=\"xl69\" style=\"height: 29.4pt; text-align: center;\" height=\"39\">36<\/td>\n<td class=\"xl80\" style=\"width: 86pt;\" width=\"115\">Necati Akg&uuml;l<\/td>\n<td class=\"xl70\" style=\"width: 267pt;\" width=\"356\">PENTAGON-ERGENEKON HATTI<\/td>\n<td class=\"xl75\">7.28.2008<\/td>\n<td class=\"xl73\" style=\"width: 64pt;\" width=\"86\">Milli &Ccedil;&ouml;z&uuml;m<\/td>\n<\/tr>\n<tr style=\"height: 29.4pt;\">\n<td class=\"xl69\" style=\"height: 29.4pt; text-align: center;\" height=\"39\">37<\/td>\n<td class=\"xl81\">Orhan Y\u0131lan<\/td>\n<td class=\"xl70\" style=\"width: 267pt;\" width=\"356\">BAYRAM DE\u011e\u0130L, SEYRAN DE\u011e\u0130L, KRAL\u0130&Ccedil;E B\u0130Z\u0130, N\u0130YE &Ouml;PMEK \u0130STEM\u0130\u015eT\u0130?<\/td>\n<td class=\"xl75\">6.26.2008<\/td>\n<td class=\"xl73\" style=\"width: 64pt;\" width=\"86\">Milli &Ccedil;&ouml;z&uuml;m<\/td>\n<\/tr>\n<tr style=\"height: 29.4pt;\">\n<td class=\"xl69\" style=\"height: 29.4pt; text-align: center;\" height=\"39\">38<\/td>\n<td class=\"xl81\">Orhan Y\u0131lan<\/td>\n<td class=\"xl70\" style=\"width: 267pt;\" width=\"356\">WHAT WAS THE REASON FOR THE UNEXPECTED VISIT OF OUEEN?<\/td>\n<td class=\"xl75\">6.26.2008<\/td>\n<td class=\"xl73\" style=\"width: 64pt;\" width=\"86\">Milli &Ccedil;&ouml;z&uuml;m<\/td>\n<\/tr>\n<tr style=\"height: 29.4pt;\">\n<td class=\"xl69\" style=\"height: 29.4pt; text-align: center;\" height=\"39\">39<\/td>\n<td class=\"xl80\" style=\"width: 86pt;\" width=\"115\">Milli &Ccedil;&ouml;z&uuml;m Ara\u015ft\u0131rma Ekibi<\/td>\n<td class=\"xl70\" style=\"width: 267pt;\" width=\"356\">PENTAGON ERGENEKON HATTI<\/td>\n<td class=\"xl77\">6.04.2008<\/td>\n<td class=\"xl73\" style=\"width: 64pt;\" width=\"86\">Milli &Ccedil;&ouml;z&uuml;m<\/td>\n<\/tr>\n<tr style=\"height: 29.4pt;\">\n<td class=\"xl69\" style=\"height: 29.4pt; text-align: center;\" height=\"39\">40<\/td>\n<td class=\"xl81\">Ufuk Efe<\/td>\n<td class=\"xl70\" style=\"width: 267pt;\" width=\"356\">&#8220;M\u0130LL\u0130&#8221;C\u0130L\u0130K M\u0130, &#8220;ULUSAL&#8217;CILIK&#8221; MI?<\/td>\n<td class=\"xl77\">6.04.2008<\/td>\n<td class=\"xl73\" style=\"width: 64pt;\" width=\"86\">Milli &Ccedil;&ouml;z&uuml;m<\/td>\n<\/tr>\n<tr style=\"height: 29.4pt;\">\n<td class=\"xl69\" style=\"height: 29.4pt; text-align: center;\" height=\"39\">41<\/td>\n<td class=\"xl80\" style=\"width: 86pt;\" width=\"115\">Nevzat G&uuml;nd&uuml;z<\/td>\n<td class=\"xl70\" style=\"width: 267pt;\" width=\"356\">AKP&#8217;Y\u0130 KAPATMA DAVASI VE MASON\u0130K CEPHEN\u0130N TELA\u015eI<\/td>\n<td class=\"xl74\" style=\"width: 53pt;\" width=\"70\">4.30.2008<\/td>\n<td class=\"xl73\" style=\"width: 64pt;\" width=\"86\">Milli &Ccedil;&ouml;z&uuml;m<\/td>\n<\/tr>\n<tr style=\"height: 29.4pt;\">\n<td class=\"xl69\" style=\"height: 29.4pt; text-align: center;\" height=\"39\">42<\/td>\n<td class=\"xl80\" style=\"width: 86pt;\" width=\"115\">Komisyon<\/td>\n<td class=\"xl70\" style=\"width: 267pt;\" width=\"356\">Bu Y\u0131rt\u0131k, Diki\u015f Tutmayacak!.. &Ouml;NCE BULANACAK, SONRA DURULACAK MI?<\/td>\n<td class=\"xl74\" style=\"width: 53pt;\" width=\"70\">4.30.2008<\/td>\n<td class=\"xl73\" style=\"width: 64pt;\" width=\"86\">Milli &Ccedil;&ouml;z&uuml;m<\/td>\n<\/tr>\n<tr style=\"height: 29.4pt;\">\n<td class=\"xl69\" style=\"height: 29.4pt; text-align: center;\" height=\"39\">43<\/td>\n<td class=\"xl81\">Ufuk Efe<\/td>\n<td class=\"xl71\">AYIN AYNASI<\/td>\n<td class=\"xl72\" style=\"width: 53pt;\" width=\"70\">2.02.2004<\/td>\n<td class=\"xl73\" style=\"width: 64pt;\" width=\"86\">Milli &Ccedil;&ouml;z&uuml;m<\/td>\n<\/tr>\n<tr style=\"height: 29.4pt;\">\n<td class=\"xl69\" style=\"height: 29.4pt; text-align: center;\" height=\"39\">44<\/td>\n<td class=\"xl80\" style=\"width: 86pt;\" width=\"115\">Orhangazi Y\u0131lmayan<\/td>\n<td class=\"xl70\" style=\"width: 267pt;\" width=\"356\">&#8220;YAHUDA&#8221;YI TANIMAYAN VE \u0130SLAM&rsquo;A DAYANMAYAN HERKES S\u0130YON\u0130ZM&rsquo;\u0130N H\u0130ZMETK&Acirc;RIDIR!<\/td>\n<td class=\"xl74\" style=\"width: 53pt;\" width=\"70\">7.22.2010<\/td>\n<td class=\"xl73\" style=\"width: 64pt;\" width=\"86\">Milli &Ccedil;&ouml;z&uuml;m<\/td>\n<\/tr>\n<tr style=\"height: 37.8pt;\">\n<td class=\"xl69\" style=\"height: 37.8pt; text-align: center;\" height=\"50\">45<\/td>\n<td class=\"xl80\" style=\"width: 86pt;\" width=\"115\">Abdullah Akg&uuml;l<\/td>\n<td class=\"xl70\" style=\"width: 267pt;\" width=\"356\">&#8220;MARD\u0130N FETVASINDAN&#8221; SONRA, RIFAT B&Ouml;REK&Ccedil;\u0130N\u0130N ANKARA FETVASINI DA GEREKS\u0130Z VE GE&Ccedil;ERS\u0130Z SAYACAKLAR MIYDI?<\/td>\n<td class=\"xl74\" style=\"width: 53pt;\" width=\"70\">7.22.2010<\/td>\n<td class=\"xl73\" style=\"width: 64pt;\" width=\"86\">Milli &Ccedil;&ouml;z&uuml;m<\/td>\n<\/tr>\n<tr style=\"height: 29.4pt;\">\n<td class=\"xl69\" style=\"height: 29.4pt; text-align: center;\" height=\"39\">46<\/td>\n<td class=\"xl81\">Ufuk Efe<\/td>\n<td class=\"xl70\" style=\"width: 267pt;\" width=\"356\">KEMAL\u0130ZM&rsquo;\u0130N MUC\u0130D\u0130; MO\u0130Z KOHEN (M. TEK\u0130NALP) YAHUD\u0130S\u0130<\/td>\n<td class=\"xl74\" style=\"width: 53pt;\" width=\"70\">7.22.2010<\/td>\n<td class=\"xl73\" style=\"width: 64pt;\" width=\"86\">Milli &Ccedil;&ouml;z&uuml;m<\/td>\n<\/tr>\n<tr style=\"height: 29.4pt;\">\n<td class=\"xl69\" style=\"height: 29.4pt; text-align: center;\" height=\"39\">47<\/td>\n<td class=\"xl80\" style=\"width: 86pt;\" width=\"115\">Mikail Y\u0131lmaz<\/td>\n<td class=\"xl71\">OLAYLARA GLOBAL BAKI\u015e<\/td>\n<td class=\"xl74\" style=\"width: 53pt;\" width=\"70\">6.24.2010<\/td>\n<td class=\"xl73\" style=\"width: 64pt;\" width=\"86\">Milli &Ccedil;&ouml;z&uuml;m<\/td>\n<\/tr>\n<tr style=\"page-break-before: always; height: 29.4pt;\">\n<td class=\"xl69\" style=\"height: 29.4pt; text-align: center;\" height=\"39\">48<\/td>\n<td class=\"xl80\" style=\"width: 86pt;\" width=\"115\">Aykut &Ouml;z&uuml;b&uuml;y&uuml;k<\/td>\n<td class=\"xl71\">ODATV&rsquo;N\u0130N, ODALIK TEPK\u0130S\u0130<\/td>\n<td class=\"xl74\" style=\"width: 53pt;\" width=\"70\">6.24.2010<\/td>\n<td class=\"xl73\" style=\"width: 64pt;\" width=\"86\">Milli &Ccedil;&ouml;z&uuml;m<\/td>\n<\/tr>\n<tr style=\"height: 29.4pt;\">\n<td class=\"xl69\" style=\"height: 29.4pt; text-align: center;\" height=\"39\">49<\/td>\n<td class=\"xl80\" style=\"width: 86pt;\" width=\"115\">Zeynep Ba\u015fyazar<\/td>\n<td class=\"xl70\" style=\"width: 267pt;\" width=\"356\">S\u0130YON\u0130ST G&Uuml;D&Uuml;ML&Uuml; BATININ PANZEH\u0130R\u0130 VE ERBAKAN&rsquo;IN S\u0130LAH TEKNOLOJ\u0130LER\u0130<\/td>\n<td class=\"xl74\" style=\"width: 53pt;\" width=\"70\">6.24.2010<\/td>\n<td class=\"xl73\" style=\"width: 64pt;\" width=\"86\">Milli &Ccedil;&ouml;z&uuml;m<\/td>\n<\/tr>\n<tr style=\"height: 37.2pt;\">\n<td class=\"xl69\" style=\"height: 37.2pt; text-align: center;\" height=\"50\">50<\/td>\n<td class=\"xl80\" style=\"width: 86pt;\" width=\"115\">Ahmet Akg&uuml;l<\/td>\n<td class=\"xl70\" style=\"width: 267pt;\" width=\"356\">\u0130SRA\u0130L SALDIRISINA KAR\u015eI; \u0130SLAM D&Uuml;\u015eMANLARININ, D\u0130N \u0130ST\u0130SMARCILARININ VE AKP YANDA\u015eLARININ ORTAK TELA\u015eI!<\/td>\n<td class=\"xl72\" style=\"width: 53pt;\" width=\"70\">6.08.2010<\/td>\n<td class=\"xl73\" style=\"width: 64pt;\" width=\"86\">Milli &Ccedil;&ouml;z&uuml;m<\/td>\n<\/tr>\n<tr style=\"height: 29.4pt;\">\n<td class=\"xl69\" style=\"height: 29.4pt; text-align: center;\" height=\"39\">51<\/td>\n<td class=\"xl80\" style=\"width: 86pt;\" width=\"115\">Nevzat G&uuml;nd&uuml;z<\/td>\n<td class=\"xl70\" style=\"width: 267pt;\" width=\"356\">\u0130SRA\u0130L&rsquo;\u0130N MANYAKLI\u011eI, AKP&rsquo;N\u0130N M&Uuml;NAFIKLI\u011eI<\/td>\n<td class=\"xl74\" style=\"width: 53pt;\" width=\"70\">5.31.2010<\/td>\n<td class=\"xl73\" style=\"width: 64pt;\" width=\"86\">Milli &Ccedil;&ouml;z&uuml;m<\/td>\n<\/tr>\n<tr style=\"height: 29.4pt;\">\n<td class=\"xl69\" style=\"height: 29.4pt; text-align: center;\" height=\"39\">52<\/td>\n<td class=\"xl80\" style=\"width: 86pt;\" width=\"115\">Milli &Ccedil;&ouml;z&uuml;n Ara\u015ft\u0131rma Ekibi<\/td>\n<td class=\"xl70\" style=\"width: 267pt;\" width=\"356\">ERHAN G&Ouml;KSEL\u0130N SIR &Ouml;L&Uuml;M&Uuml;YLE, DEN\u0130Z BAYKAL KOMPLOSUNUN BA\u011eLANTILARI<\/td>\n<td class=\"xl74\" style=\"width: 53pt;\" width=\"70\">5.25.2010<\/td>\n<td class=\"xl73\" style=\"width: 64pt;\" width=\"86\">Milli &Ccedil;&ouml;z&uuml;m<\/td>\n<\/tr>\n<tr style=\"height: 29.4pt;\">\n<td class=\"xl69\" style=\"height: 29.4pt; text-align: center;\" height=\"39\">53<\/td>\n<td class=\"xl80\" style=\"width: 86pt;\" width=\"115\">Abdullah Akg&uuml;l<\/td>\n<td class=\"xl70\" style=\"width: 267pt;\" width=\"356\">M&Uuml;NAFIKLAR ARAMIZDA MI, YOKSA TAR\u0130H\u0130N MEZARLI\u011eINDA MI?<\/td>\n<td class=\"xl74\" style=\"width: 53pt;\" width=\"70\">5.24.2010<\/td>\n<td class=\"xl73\" style=\"width: 64pt;\" width=\"86\">Milli &Ccedil;&ouml;z&uuml;m<\/td>\n<\/tr>\n<tr style=\"height: 29.4pt;\">\n<td class=\"xl69\" style=\"height: 29.4pt; text-align: center;\" height=\"39\">54<\/td>\n<td class=\"xl81\">Ufuk Efe<\/td>\n<td class=\"xl70\" style=\"width: 267pt;\" width=\"356\">T&Uuml;RK\u0130YE&rsquo;DE DER\u0130N DEVLET SAVA\u015eLARI VE MUHTEMEL SONU&Ccedil;LARI<\/td>\n<td class=\"xl74\" style=\"width: 53pt;\" width=\"70\">5.24.2010<\/td>\n<td class=\"xl73\" style=\"width: 64pt;\" width=\"86\">Milli &Ccedil;&ouml;z&uuml;m<\/td>\n<\/tr>\n<tr style=\"height: 29.4pt;\">\n<td class=\"xl69\" style=\"height: 29.4pt; text-align: center;\" height=\"39\">55<\/td>\n<td class=\"xl80\" style=\"width: 86pt;\" width=\"115\">Ahmet Akg&uuml;l<\/td>\n<td class=\"xl70\" style=\"width: 267pt;\" width=\"356\">ABD&rsquo;N\u0130N ZIRVA Z\u0130RVES\u0130 VE AKP&rsquo;N\u0130N \u0130RAN TERT\u0130B\u0130<\/td>\n<td class=\"xl74\" style=\"width: 53pt;\" width=\"70\">5.24.2010<\/td>\n<td class=\"xl73\" style=\"width: 64pt;\" width=\"86\">Milli &Ccedil;&ouml;z&uuml;m<\/td>\n<\/tr>\n<tr style=\"height: 29.4pt;\">\n<td class=\"xl69\" style=\"height: 29.4pt; text-align: center;\" height=\"39\">56<\/td>\n<td class=\"xl80\" style=\"width: 86pt;\" width=\"115\">Mikail Y\u0131lmaz<\/td>\n<td class=\"xl70\" style=\"width: 267pt;\" width=\"356\">CEMAATLER GENERALLER VE \u0130HT\u0130MALLER<\/td>\n<td class=\"xl74\" style=\"width: 53pt;\" width=\"70\">4.29.2010<\/td>\n<td class=\"xl73\" style=\"width: 64pt;\" width=\"86\">Milli &Ccedil;&ouml;z&uuml;m<\/td>\n<\/tr>\n<tr style=\"height: 29.4pt;\">\n<td class=\"xl69\" style=\"height: 29.4pt; text-align: center;\" height=\"39\">57<\/td>\n<td class=\"xl80\" style=\"width: 86pt;\" width=\"115\">Ahmet Akg&uuml;l<\/td>\n<td class=\"xl70\" style=\"width: 267pt;\" width=\"356\">SICAK YAZ YAKLA\u015eIYOR VE \u0130RAN KU\u015eATILIYOR!<\/td>\n<td class=\"xl74\" style=\"width: 53pt;\" width=\"70\">4.16.2010<\/td>\n<td class=\"xl73\" style=\"width: 64pt;\" width=\"86\">Milli &Ccedil;&ouml;z&uuml;m<\/td>\n<\/tr>\n<tr style=\"height: 29.4pt;\">\n<td class=\"xl69\" style=\"height: 29.4pt; text-align: center;\" height=\"39\">58<\/td>\n<td class=\"xl80\" style=\"width: 86pt;\" width=\"115\">\u0130smet Sezgin<\/td>\n<td class=\"xl70\" style=\"width: 267pt;\" width=\"356\">D&Uuml;NYA EN B&Uuml;Y&Uuml;K D&Ouml;N&Uuml;\u015e&Uuml;ME HAZIRLANIYOR; MASONLUK VE S\u0130YON\u0130ZM CAN &Ccedil;EK\u0130\u015e\u0130YOR!<\/td>\n<td class=\"xl74\" style=\"width: 53pt;\" width=\"70\">3.24.2010<\/td>\n<td class=\"xl73\" style=\"width: 64pt;\" width=\"86\">Milli &Ccedil;&ouml;z&uuml;m<\/td>\n<\/tr>\n<tr style=\"height: 29.4pt;\">\n<td class=\"xl69\" style=\"height: 29.4pt; text-align: center;\" height=\"39\">59<\/td>\n<td class=\"xl80\" style=\"width: 86pt;\" width=\"115\">Ahmet Akg&uuml;l<\/td>\n<td class=\"xl70\" style=\"width: 267pt;\" width=\"356\">BA\u015eBU\u011e&rsquo;UN BA\u015eA\u011eRISI VE M\u0130LL\u0130 V\u0130CDANIN: &#8220;YETER!&#8221; &Ccedil;A\u011eRISI<\/td>\n<td class=\"xl74\" style=\"width: 53pt;\" width=\"70\">3.24.2010<\/td>\n<td class=\"xl73\" style=\"width: 64pt;\" width=\"86\">Milli &Ccedil;&ouml;z&uuml;m<\/td>\n<\/tr>\n<tr style=\"height: 29.4pt;\">\n<td class=\"xl69\" style=\"height: 29.4pt; text-align: center;\" height=\"39\">60<\/td>\n<td class=\"xl80\" style=\"width: 86pt;\" width=\"115\">Ramazan Y&uuml;cel<\/td>\n<td class=\"xl70\" style=\"width: 267pt;\" width=\"356\">S\u0130YASALLA\u015eAN YARGININ YARALANMASI VE \u0130ST\u0130SMARCI D\u0130N YARASALARI<\/td>\n<td class=\"xl74\" style=\"width: 53pt;\" width=\"70\">2.23.2010<\/td>\n<td class=\"xl73\" style=\"width: 64pt;\" width=\"86\">Milli &Ccedil;&ouml;z&uuml;m<\/td>\n<\/tr>\n<tr style=\"height: 29.4pt;\">\n<td class=\"xl69\" style=\"height: 29.4pt; text-align: center;\" height=\"39\">61<\/td>\n<td class=\"xl80\" style=\"width: 86pt;\" width=\"115\">\u0130smet Sezgin<\/td>\n<td class=\"xl70\" style=\"width: 267pt;\" width=\"356\">ABD&rsquo;N\u0130N K&Uuml;RTLER\u0130 VE Demokratik A&ccedil;\u0131l\u0131m \u0130steyen TEKSASLILARIN AKIBET\u0130!<\/td>\n<td class=\"xl74\" style=\"width: 53pt;\" width=\"70\">2.23.2010<\/td>\n<td class=\"xl73\" style=\"width: 64pt;\" width=\"86\">Milli &Ccedil;&ouml;z&uuml;m<\/td>\n<\/tr>\n<tr style=\"height: 29.4pt;\">\n<td class=\"xl69\" style=\"height: 29.4pt; text-align: center;\" height=\"39\">62<\/td>\n<td class=\"xl81\">Nail K\u0131z\u0131lkan<\/td>\n<td class=\"xl70\" style=\"width: 267pt;\" width=\"356\">31 MART VAKASINDAN ERGENEKON DALGASINA<\/td>\n<td class=\"xl74\" style=\"width: 53pt;\" width=\"70\">1.24.2010<\/td>\n<td class=\"xl73\" style=\"width: 64pt;\" width=\"86\">Milli &Ccedil;&ouml;z&uuml;m<\/td>\n<\/tr>\n<tr style=\"height: 37.2pt;\">\n<td class=\"xl69\" style=\"height: 37.2pt; text-align: center;\" height=\"50\">63<\/td>\n<td class=\"xl80\" style=\"width: 86pt;\" width=\"115\">Yakup G&ouml;z&uuml;b&uuml;y&uuml;k<\/td>\n<td class=\"xl70\" style=\"width: 267pt;\" width=\"356\">Ey Asker ve Sivil, B&uuml;t&uuml;n Millet! YA ERBAKAN&#8217;IN AD\u0130L D&Uuml;ZEN\u0130NE RAZI OLACAKSINIZ, VEYA AMER\u0130KA&rsquo;NIN Z\u0130LLET\u0130NE KATLANACAKSINIZ!<\/td>\n<td class=\"xl74\" style=\"width: 53pt;\" width=\"70\">1.24.2010<\/td>\n<td class=\"xl73\" style=\"width: 64pt;\" width=\"86\">Milli &Ccedil;&ouml;z&uuml;m<\/td>\n<\/tr>\n<tr style=\"height: 29.4pt;\">\n<td class=\"xl69\" style=\"height: 29.4pt; text-align: center;\" height=\"39\">64<\/td>\n<td class=\"xl80\" style=\"width: 86pt;\" width=\"115\">Osman Erayd\u0131n<\/td>\n<td class=\"xl70\" style=\"width: 267pt;\" width=\"356\">RECEP TAYY\u0130P EK\u0130B\u0130N\u0130N D&Ouml;NEKLE\u015e\u0130P DE\u011eERLENMES\u0130!<\/td>\n<td class=\"xl74\" style=\"width: 53pt;\" width=\"70\">1.24.2010<\/td>\n<td class=\"xl73\" style=\"width: 64pt;\" width=\"86\">Milli &Ccedil;&ouml;z&uuml;m<\/td>\n<\/tr>\n<tr style=\"height: 29.4pt;\">\n<td class=\"xl69\" style=\"height: 29.4pt; text-align: center;\" height=\"39\">65<\/td>\n<td class=\"xl80\" style=\"width: 86pt;\" width=\"115\">Nevzat G&uuml;nd&uuml;z<\/td>\n<td class=\"xl70\" style=\"width: 267pt;\" width=\"356\">DERS\u0130M DERSLER\u0130 VE \u0130K\u0130Y&Uuml;ZL&Uuml;L&Uuml;K TERESLER\u0130<\/td>\n<td class=\"xl74\" style=\"width: 53pt;\" width=\"70\">12.21.2009<\/td>\n<td class=\"xl73\" style=\"width: 64pt;\" width=\"86\">Milli &Ccedil;&ouml;z&uuml;m<\/td>\n<\/tr>\n<tr style=\"height: 29.4pt;\">\n<td class=\"xl69\" style=\"height: 29.4pt; text-align: center;\" height=\"39\">66<\/td>\n<td class=\"xl80\" style=\"width: 86pt;\" width=\"115\">Mikail Y\u0131lmaz<\/td>\n<td class=\"xl70\" style=\"width: 267pt;\" width=\"356\">AKP&rsquo;N\u0130N VURGUN \u015eEBEKES\u0130 VE MAFYA EKONOM\u0130S\u0130<\/td>\n<td class=\"xl74\" style=\"width: 53pt;\" width=\"70\">11.23.2009<\/td>\n<td class=\"xl73\" style=\"width: 64pt;\" width=\"86\">Milli &Ccedil;&ouml;z&uuml;m<\/td>\n<\/tr>\n<tr style=\"height: 29.4pt;\">\n<td class=\"xl69\" style=\"height: 29.4pt; text-align: center;\" height=\"39\">67<\/td>\n<td class=\"xl80\" style=\"width: 86pt;\" width=\"115\">Osman Erayd\u0131n<\/td>\n<td class=\"xl70\" style=\"width: 267pt;\" width=\"356\">A&Ccedil;ILIM EDEB\u0130YATI VEYA HIYANET\u0130N YOL HAR\u0130TASI<\/td>\n<td class=\"xl74\" style=\"width: 53pt;\" width=\"70\">11.23.2009<\/td>\n<td class=\"xl73\" style=\"width: 64pt;\" width=\"86\">Milli &Ccedil;&ouml;z&uuml;m<\/td>\n<\/tr>\n<tr style=\"height: 29.4pt;\">\n<td class=\"xl69\" style=\"height: 29.4pt; text-align: center;\" height=\"39\">68<\/td>\n<td class=\"xl81\">Nejat Hakkul<\/td>\n<td class=\"xl70\" style=\"width: 267pt;\" width=\"356\">&ldquo;F\u0130TNE&rdquo; KAVRAMI VE Bedi&uuml;zzaman&rsquo;a g&ouml;re &ldquo;UMUM\u0130 SELAMET&rsquo;&rsquo; \u0130NKIL&Acirc;BI<\/td>\n<td class=\"xl74\" style=\"width: 53pt;\" width=\"70\">10.28.2009<\/td>\n<td class=\"xl73\" style=\"width: 64pt;\" width=\"86\">Milli &Ccedil;&ouml;z&uuml;m<\/td>\n<\/tr>\n<tr style=\"height: 29.4pt;\">\n<td class=\"xl69\" style=\"height: 29.4pt; text-align: center;\" height=\"39\">69<\/td>\n<td class=\"xl80\" style=\"width: 86pt;\" width=\"115\">Ramazan Y&uuml;cel<\/td>\n<td class=\"xl70\" style=\"width: 267pt;\" width=\"356\">\u0130SLAM L\u0130BERAL\u0130ZM\u0130 SAFSATASI VE HO\u015eG&Ouml;R&Uuml; SALATASI<\/td>\n<td class=\"xl74\" style=\"width: 53pt;\" width=\"70\">9.19.2009<\/td>\n<td class=\"xl73\" style=\"width: 64pt;\" width=\"86\">Milli &Ccedil;&ouml;z&uuml;m<\/td>\n<\/tr>\n<tr style=\"height: 29.4pt;\">\n<td class=\"xl69\" style=\"height: 29.4pt; text-align: center;\" height=\"39\">70<\/td>\n<td class=\"xl80\" style=\"width: 86pt;\" width=\"115\">Osman Erayd\u0131n<\/td>\n<td class=\"xl70\" style=\"width: 267pt;\" width=\"356\">SOYGUN D&Uuml;ZEN\u0130, S\u0130YASET VE MEDYA<\/td>\n<td class=\"xl74\" style=\"width: 53pt;\" width=\"70\">9.19.2009<\/td>\n<td class=\"xl73\" style=\"width: 64pt;\" width=\"86\">Milli &Ccedil;&ouml;z&uuml;m<\/td>\n<\/tr>\n<tr style=\"height: 29.4pt;\">\n<td class=\"xl69\" style=\"height: 29.4pt; text-align: center;\" height=\"39\">71<\/td>\n<td class=\"xl80\" style=\"width: 86pt;\" width=\"115\">Yakup G&ouml;z&uuml;b&uuml;y&uuml;k<\/td>\n<td class=\"xl70\" style=\"width: 267pt;\" width=\"356\">AL&Ccedil;AKLI\u011eIN BELGES\u0130 VE &#8220;NAMUSSUZ&#8221;LARIN AKIBET\u0130<\/td>\n<td class=\"xl74\" style=\"width: 53pt;\" width=\"70\">9.19.2009<\/td>\n<td class=\"xl73\" style=\"width: 64pt;\" width=\"86\">Milli &Ccedil;&ouml;z&uuml;m<\/td>\n<\/tr>\n<tr style=\"page-break-before: always; height: 29.4pt;\">\n<td class=\"xl69\" style=\"height: 29.4pt; text-align: center;\" height=\"39\">72<\/td>\n<td class=\"xl80\" style=\"width: 86pt;\" width=\"115\">Abdullah Akg&uuml;l<\/td>\n<td class=\"xl70\" style=\"width: 267pt;\" width=\"356\">PKK&rsquo;YA SAYGI, TSK&rsquo;YA SALDIRI<\/td>\n<td class=\"xl74\" style=\"width: 53pt;\" width=\"70\">9.19.2009<\/td>\n<td class=\"xl73\" style=\"width: 64pt;\" width=\"86\">Milli &Ccedil;&ouml;z&uuml;m<\/td>\n<\/tr>\n<tr style=\"height: 29.4pt;\">\n<td class=\"xl69\" style=\"height: 29.4pt; text-align: center;\" height=\"39\">73<\/td>\n<td class=\"xl80\" style=\"width: 86pt;\" width=\"115\">Ahmet Akg&uuml;l<\/td>\n<td class=\"xl70\" style=\"width: 267pt;\" width=\"356\">\u0130RAN&rsquo;I VURMAK \u0130&Ccedil;\u0130N, \u0130SRA\u0130L YOLA &Ccedil;IKTI<\/td>\n<td class=\"xl74\" style=\"width: 53pt;\" width=\"70\">9.19.2009<\/td>\n<td class=\"xl73\" style=\"width: 64pt;\" width=\"86\">Milli &Ccedil;&ouml;z&uuml;m<\/td>\n<\/tr>\n<tr style=\"height: 29.4pt;\">\n<td class=\"xl69\" style=\"height: 29.4pt; text-align: center;\" height=\"39\">74<\/td>\n<td class=\"xl80\" style=\"width: 86pt;\" width=\"115\">Milli &Ccedil;&ouml;z&uuml;m Ara\u015ft\u0131rma Ekibi<\/td>\n<td class=\"xl70\" style=\"width: 267pt;\" width=\"356\">Y&Ouml;NET\u0130C\u0130LER\u0130M\u0130Z\u0130 K\u0130M Y&Ouml;NET\u0130YOR?<\/td>\n<td class=\"xl72\" style=\"width: 53pt;\" width=\"70\">2.02.2004<\/td>\n<td class=\"xl73\" style=\"width: 64pt;\" width=\"86\">Milli &Ccedil;&ouml;z&uuml;m<\/td>\n<\/tr>\n<tr style=\"height: 29.4pt;\">\n<td class=\"xl69\" style=\"height: 29.4pt; text-align: center;\" height=\"39\">75<\/td>\n<td class=\"xl80\" style=\"width: 86pt;\" width=\"115\">Osman Erayd\u0131n<\/td>\n<td class=\"xl70\" style=\"width: 267pt;\" width=\"356\">ABD&#8217;N\u0130N ARSIZ POL\u0130T\u0130KASI VE AKP&#8217;N\u0130N AYARSIZ PALAVRASI<\/td>\n<td class=\"xl72\" style=\"width: 53pt;\" width=\"70\">2.02.2004<\/td>\n<td class=\"xl73\" style=\"width: 64pt;\" width=\"86\">Milli &Ccedil;&ouml;z&uuml;m<\/td>\n<\/tr>\n<tr style=\"height: 29.4pt;\">\n<td class=\"xl69\" style=\"height: 29.4pt; text-align: center;\" height=\"39\">76<\/td>\n<td class=\"xl80\" style=\"width: 86pt;\" width=\"115\">Milli &Ccedil;&ouml;z&uuml;m Ara\u015ft\u0131rma Ekibi<\/td>\n<td class=\"xl70\" style=\"width: 267pt;\" width=\"356\">D\u0130N\u0130 VE M\u0130LL\u0130 HAREKETLERDEK\u0130 KR\u0130PTO (G\u0130ZL\u0130) YAHUD\u0130LER<\/td>\n<td class=\"xl72\" style=\"width: 53pt;\" width=\"70\">10.02.2004<\/td>\n<td class=\"xl73\" style=\"width: 64pt;\" width=\"86\">Milli &Ccedil;&ouml;z&uuml;m<\/td>\n<\/tr>\n<tr style=\"height: 29.4pt;\">\n<td class=\"xl69\" style=\"height: 29.4pt; text-align: center;\" height=\"39\">77<\/td>\n<td class=\"xl80\" style=\"width: 86pt;\" width=\"115\">Selman Y&uuml;cel<\/td>\n<td class=\"xl70\" style=\"width: 267pt;\" width=\"356\">S\u0130YON\u0130ZM&#8217;\u0130N S&Ouml;M&Uuml;R&Uuml; SALTANATI VE ABD&#8217;N\u0130N BOR&Ccedil;LANDIRMA BARBARLI\u011eI<\/td>\n<td class=\"xl72\" style=\"width: 53pt;\" width=\"70\">10.02.2004<\/td>\n<td class=\"xl73\" style=\"width: 64pt;\" width=\"86\">Milli &Ccedil;&ouml;z&uuml;m<\/td>\n<\/tr>\n<tr style=\"height: 29.4pt;\">\n<td class=\"xl69\" style=\"height: 29.4pt; text-align: center;\" height=\"39\">78<\/td>\n<td class=\"xl81\">Halil Yaman<\/td>\n<td class=\"xl70\" style=\"width: 267pt;\" width=\"356\">TAYY\u0130B BEY&#8217;\u0130N TAB\u0130ATI: Her S&ouml;z&uuml;nden Geri Ad\u0131m Att\u0131!<\/td>\n<td class=\"xl72\" style=\"width: 53pt;\" width=\"70\">11.02.2004<\/td>\n<td class=\"xl73\" style=\"width: 64pt;\" width=\"86\">Milli &Ccedil;&ouml;z&uuml;m<\/td>\n<\/tr>\n<tr style=\"height: 29.4pt;\">\n<td class=\"xl69\" style=\"height: 29.4pt; text-align: center;\" height=\"39\">79<\/td>\n<td class=\"xl81\">Ufuk Efe<\/td>\n<td class=\"xl70\" style=\"width: 267pt;\" width=\"356\">ERBAKAN&#8217;I YABAN ANLADI, \u015eABAN ANLAMADI<\/td>\n<td class=\"xl72\" style=\"width: 53pt;\" width=\"70\">10.01.2006<\/td>\n<td class=\"xl73\" style=\"width: 64pt;\" width=\"86\">Milli &Ccedil;&ouml;z&uuml;m<\/td>\n<\/tr>\n<tr style=\"height: 29.4pt;\">\n<td class=\"xl69\" style=\"height: 29.4pt; text-align: center;\" height=\"39\">80<\/td>\n<td class=\"xl80\" style=\"width: 86pt;\" width=\"115\">Mehmet Deniz<\/td>\n<td class=\"xl70\" style=\"width: 267pt;\" width=\"356\">\u0130RT\u0130CA MEVCUTTUR VE EN S\u0130NS\u0130 SORUNDUR!<\/td>\n<td class=\"xl72\" style=\"width: 53pt;\" width=\"70\">11.06.2006<\/td>\n<td class=\"xl73\" style=\"width: 64pt;\" width=\"86\">Milli &Ccedil;&ouml;z&uuml;m<\/td>\n<\/tr>\n<tr style=\"height: 29.4pt;\">\n<td class=\"xl69\" style=\"height: 29.4pt; text-align: center;\" height=\"39\">81<\/td>\n<td class=\"xl80\" style=\"width: 86pt;\" width=\"115\">Nevzat G&uuml;nd&uuml;z<\/td>\n<td class=\"xl71\">T&Uuml;RK\u0130YE YOL AYRIMINDA<\/td>\n<td class=\"xl72\" style=\"width: 53pt;\" width=\"70\">11.06.2006<\/td>\n<td class=\"xl73\" style=\"width: 64pt;\" width=\"86\">Milli &Ccedil;&ouml;z&uuml;m<\/td>\n<\/tr>\n<tr style=\"height: 29.4pt;\">\n<td class=\"xl69\" style=\"height: 29.4pt; text-align: center;\" height=\"39\">82<\/td>\n<td class=\"xl81\">Orhan Y\u0131lan<\/td>\n<td class=\"xl70\" style=\"width: 267pt;\" width=\"356\">T&Uuml;RK\u0130YE&#8217;Y\u0130 HR\u0130ST\u0130YANLA\u015eTIRMAK VEYA \u0130SLAM\u0130YET\u0130 ILIMLA\u015eTIRMAK<\/td>\n<td class=\"xl72\" style=\"width: 53pt;\" width=\"70\">11.06.2006<\/td>\n<td class=\"xl73\" style=\"width: 64pt;\" width=\"86\">Milli &Ccedil;&ouml;z&uuml;m<\/td>\n<\/tr>\n<tr style=\"height: 29.4pt;\">\n<td class=\"xl69\" style=\"height: 29.4pt; text-align: center;\" height=\"39\">83<\/td>\n<td class=\"xl80\" style=\"width: 86pt;\" width=\"115\">Osman Erayd\u0131n<\/td>\n<td class=\"xl70\" style=\"width: 267pt;\" width=\"356\">ADNAN OKTAR, OLTAYA MI TAKILDI?<\/td>\n<td class=\"xl72\" style=\"width: 53pt;\" width=\"70\">11.06.2006<\/td>\n<td class=\"xl73\" style=\"width: 64pt;\" width=\"86\">Milli &Ccedil;&ouml;z&uuml;m<\/td>\n<\/tr>\n<tr style=\"height: 29.4pt;\">\n<td class=\"xl69\" style=\"height: 29.4pt; text-align: center;\" height=\"39\">84<\/td>\n<td class=\"xl80\" style=\"width: 86pt;\" width=\"115\">Erdo\u011fan Pi\u015fkin<\/td>\n<td class=\"xl70\" style=\"width: 267pt;\" width=\"356\">B\u0130R &Ccedil;ETE ARANIYOR<\/td>\n<td class=\"xl72\" style=\"width: 53pt;\" width=\"70\">9.01.2006<\/td>\n<td class=\"xl73\" style=\"width: 64pt;\" width=\"86\">Milli &Ccedil;&ouml;z&uuml;m<\/td>\n<\/tr>\n<tr style=\"height: 29.4pt;\">\n<td class=\"xl69\" style=\"height: 29.4pt; text-align: center;\" height=\"39\">85<\/td>\n<td class=\"xl81\">Orhan Y\u0131lan<\/td>\n<td class=\"xl70\" style=\"width: 267pt;\" width=\"356\">FETULLAH&Ccedil;ILARIN &#8220;FETTAN&#8217;LI\u011eI<\/td>\n<td class=\"xl72\" style=\"width: 53pt;\" width=\"70\">9.01.2006<\/td>\n<td class=\"xl73\" style=\"width: 64pt;\" width=\"86\">Milli &Ccedil;&ouml;z&uuml;m<\/td>\n<\/tr>\n<tr style=\"height: 29.4pt;\">\n<td class=\"xl69\" style=\"height: 29.4pt; text-align: center;\" height=\"39\">86<\/td>\n<td class=\"xl81\">Tevfik Bala<\/td>\n<td class=\"xl71\">ILIMLI \u0130SLAM TUZA\u011eI<\/td>\n<td class=\"xl72\" style=\"width: 53pt;\" width=\"70\">9.01.2006<\/td>\n<td class=\"xl73\" style=\"width: 64pt;\" width=\"86\">Milli &Ccedil;&ouml;z&uuml;m<\/td>\n<\/tr>\n<tr style=\"height: 29.4pt;\">\n<td class=\"xl69\" style=\"height: 29.4pt; text-align: center;\" height=\"39\">87<\/td>\n<td class=\"xl80\" style=\"width: 86pt;\" width=\"115\">Mikail Y\u0131lmaz<\/td>\n<td class=\"xl70\" style=\"width: 267pt;\" width=\"356\">FEHM\u0130 KORU: B\u0130LDERBERG &#8220;VAAZ&#8221;CISI MI YAPILDI?<\/td>\n<td class=\"xl72\" style=\"width: 53pt;\" width=\"70\">8.01.2006<\/td>\n<td class=\"xl73\" style=\"width: 64pt;\" width=\"86\">Milli &Ccedil;&ouml;z&uuml;m<\/td>\n<\/tr>\n<tr style=\"height: 29.4pt;\">\n<td class=\"xl69\" style=\"height: 29.4pt; text-align: center;\" height=\"39\">88<\/td>\n<td class=\"xl80\" style=\"width: 86pt;\" width=\"115\">Orhan Y\u0131lan<\/td>\n<td class=\"xl70\" style=\"width: 267pt;\" width=\"356\">FETULLAH G&Uuml;LEN&#8217;\u0130N KURTULU\u015e YOLU!<\/td>\n<td class=\"xl72\" style=\"width: 53pt;\" width=\"70\">8.01.2006<\/td>\n<td class=\"xl73\" style=\"width: 64pt;\" width=\"86\">Milli &Ccedil;&ouml;z&uuml;m<\/td>\n<\/tr>\n<tr style=\"height: 29.4pt;\">\n<td class=\"xl69\" style=\"height: 29.4pt; text-align: center;\" height=\"39\">89<\/td>\n<td class=\"xl80\" style=\"width: 86pt;\" width=\"115\">Osman Erayd\u0131n<\/td>\n<td class=\"xl70\" style=\"width: 267pt;\" width=\"356\">H&Uuml;K&Uuml;MET\u0130N HABER\u0130 VAR MIYDI?<\/td>\n<td class=\"xl72\" style=\"width: 53pt;\" width=\"70\">7.01.2006<\/td>\n<td class=\"xl73\" style=\"width: 64pt;\" width=\"86\">Milli &Ccedil;&ouml;z&uuml;m<\/td>\n<\/tr>\n<tr style=\"height: 29.4pt;\">\n<td class=\"xl69\" style=\"height: 29.4pt; text-align: center;\" height=\"39\">90<\/td>\n<td class=\"xl81\">Ufuk Efe<\/td>\n<td class=\"xl70\" style=\"width: 267pt;\" width=\"356\">CIA&#8217;NIN H\u0130LAFET HAZIRLI\u011eI ve &#8220;VA\u0130Z&#8221; PAZARLI\u011eI<\/td>\n<td class=\"xl72\" style=\"width: 53pt;\" width=\"70\">7.01.2006<\/td>\n<td class=\"xl73\" style=\"width: 64pt;\" width=\"86\">Milli &Ccedil;&ouml;z&uuml;m<\/td>\n<\/tr>\n<tr style=\"height: 29.4pt;\">\n<td class=\"xl69\" style=\"height: 29.4pt; text-align: center;\" height=\"39\">91<\/td>\n<td class=\"xl80\" style=\"width: 86pt;\" width=\"115\">Necati Akg&uuml;l<\/td>\n<td class=\"xl70\" style=\"width: 267pt;\" width=\"356\">AMER\u0130KA G&Ouml;&Ccedil;&Uuml;YOR VE FETULLAH&Ccedil;ILAR F\u0130RAVUNA G&Uuml;VEN\u0130YOR!<\/td>\n<td class=\"xl72\" style=\"width: 53pt;\" width=\"70\">7.01.2006<\/td>\n<td class=\"xl73\" style=\"width: 64pt;\" width=\"86\">Milli &Ccedil;&ouml;z&uuml;m<\/td>\n<\/tr>\n<tr style=\"height: 29.4pt;\">\n<td class=\"xl69\" style=\"height: 29.4pt; text-align: center;\" height=\"39\">92<\/td>\n<td class=\"xl80\" style=\"width: 86pt;\" width=\"115\">Abdullah Akg&uuml;l<\/td>\n<td class=\"xl71\">BED\u0130&Uuml;ZZAMAN&#8217;A \u0130FT\u0130RA<\/td>\n<td class=\"xl72\" style=\"width: 53pt;\" width=\"70\">6.01.2006<\/td>\n<td class=\"xl73\" style=\"width: 64pt;\" width=\"86\">Milli &Ccedil;&ouml;z&uuml;m<\/td>\n<\/tr>\n<tr style=\"height: 29.4pt;\">\n<td class=\"xl69\" style=\"height: 29.4pt; text-align: center;\" height=\"39\">93<\/td>\n<td class=\"xl80\" style=\"width: 86pt;\" width=\"115\">Nevzat G&uuml;nd&uuml;z<\/td>\n<td class=\"xl70\" style=\"width: 267pt;\" width=\"356\">S\u0130NS\u0130 B\u0130R PROJEN\u0130N PERDE GER\u0130S\u0130 VE D\u0130N ADINA MASUM B\u0130R H\u0130ZMET\u0130N HIYANETE D&Ouml;N&Uuml;\u015eMES\u0130<\/td>\n<td class=\"xl72\" style=\"width: 53pt;\" width=\"70\">5.01.2006<\/td>\n<td class=\"xl73\" style=\"width: 64pt;\" width=\"86\">Milli &Ccedil;&ouml;z&uuml;m<\/td>\n<\/tr>\n<tr style=\"height: 29.4pt;\">\n<td class=\"xl69\" style=\"height: 29.4pt; text-align: center;\" height=\"39\">94<\/td>\n<td class=\"xl81\">Nail K\u0131z\u0131lkan<\/td>\n<td class=\"xl70\" style=\"width: 267pt;\" width=\"356\">BA\u011eNAZLI\u011eIN FATURASI VE F\u0130KRET OTYAM&#8217;IN TUTARSIZLI\u011eI<\/td>\n<td class=\"xl72\" style=\"width: 53pt;\" width=\"70\">3.01.2006<\/td>\n<td class=\"xl73\" style=\"width: 64pt;\" width=\"86\">Milli &Ccedil;&ouml;z&uuml;m<\/td>\n<\/tr>\n<tr style=\"height: 29.4pt;\">\n<td class=\"xl69\" style=\"height: 29.4pt; text-align: center;\" height=\"39\">95<\/td>\n<td class=\"xl80\" style=\"width: 86pt;\" width=\"115\">\u0130smet Sezgin<\/td>\n<td class=\"xl71\">F\u0130RAVUNLAR VE F\u0130G&Uuml;RANLAR<\/td>\n<td class=\"xl72\" style=\"width: 53pt;\" width=\"70\">3.01.2006<\/td>\n<td class=\"xl73\" style=\"width: 64pt;\" width=\"86\">Milli &Ccedil;&ouml;z&uuml;m<\/td>\n<\/tr>\n<tr style=\"page-break-before: always; height: 29.4pt;\">\n<td class=\"xl69\" style=\"height: 29.4pt; text-align: center;\" height=\"39\">96<\/td>\n<td class=\"xl81\">Okan Ekinci<\/td>\n<td class=\"xl71\">GAR\u0130P AMA GER&Ccedil;EK!<\/td>\n<td class=\"xl72\" style=\"width: 53pt;\" width=\"70\">3.01.2006<\/td>\n<td class=\"xl73\" style=\"width: 64pt;\" width=\"86\">Milli &Ccedil;&ouml;z&uuml;m<\/td>\n<\/tr>\n<tr style=\"height: 29.4pt;\">\n<td class=\"xl69\" style=\"height: 29.4pt; text-align: center;\" height=\"39\">97<\/td>\n<td class=\"xl81\">Ufuk Efe<\/td>\n<td class=\"xl70\" style=\"width: 267pt;\" width=\"356\">VURAL SAVA\u015e&#8217;\u0130N TAR\u0130H\u0130 TESP\u0130TLER\u0130 VE FETULLAH TEHL\u0130KES\u0130<\/td>\n<td class=\"xl72\" style=\"width: 53pt;\" width=\"70\">2.01.2006<\/td>\n<td class=\"xl73\" style=\"width: 64pt;\" width=\"86\">Milli &Ccedil;&ouml;z&uuml;m<\/td>\n<\/tr>\n<tr style=\"height: 29.4pt;\">\n<td class=\"xl69\" style=\"height: 29.4pt; text-align: center;\" height=\"39\">98<\/td>\n<td class=\"xl80\" style=\"width: 86pt;\" width=\"115\">Abdullah Akg&uuml;l<\/td>\n<td class=\"xl70\" style=\"width: 267pt;\" width=\"356\">S&Uuml;LEYMAN KARAG&Uuml;LLE&#8217;N\u0130N K&Ouml;R G&Uuml;LLELER\u0130<\/td>\n<td class=\"xl72\" style=\"width: 53pt;\" width=\"70\">2.01.2006<\/td>\n<td class=\"xl73\" style=\"width: 64pt;\" width=\"86\">Milli &Ccedil;&ouml;z&uuml;m<\/td>\n<\/tr>\n<tr style=\"height: 29.4pt;\">\n<td class=\"xl69\" style=\"height: 29.4pt; text-align: center;\" height=\"39\">99<\/td>\n<td class=\"xl80\" style=\"width: 86pt;\" width=\"115\">Mikail Y\u0131lmaz<\/td>\n<td class=\"xl70\" style=\"width: 267pt;\" width=\"356\">H\u0130LAL HA&Ccedil;LI SAVA\u015eI VE ILIMLI \u0130SLAMCILARIN SAFI<\/td>\n<td class=\"xl72\" style=\"width: 53pt;\" width=\"70\">2.01.2006<\/td>\n<td class=\"xl73\" style=\"width: 64pt;\" width=\"86\">Milli &Ccedil;&ouml;z&uuml;m<\/td>\n<\/tr>\n<tr style=\"height: 29.4pt;\">\n<td class=\"xl69\" style=\"height: 29.4pt; text-align: center;\" height=\"39\">100<\/td>\n<td class=\"xl81\">Nail K\u0131z\u0131lkan<\/td>\n<td class=\"xl70\" style=\"width: 267pt;\" width=\"356\">TAR\u0130H BOYUNCA D\u0130N \u0130ST\u0130SMARI<\/td>\n<td class=\"xl72\" style=\"width: 53pt;\" width=\"70\">2.01.2006<\/td>\n<td class=\"xl73\" style=\"width: 64pt;\" width=\"86\">Milli &Ccedil;&ouml;z&uuml;m<\/td>\n<\/tr>\n<tr style=\"height: 29.4pt;\">\n<td class=\"xl69\" style=\"height: 29.4pt; text-align: center;\" height=\"39\">101<\/td>\n<td class=\"xl80\" style=\"width: 86pt;\" width=\"115\">Mikail Y\u0131lmaz<\/td>\n<td class=\"xl70\" style=\"width: 267pt;\" width=\"356\">\u015eU D&Ouml;RT TAR\u0130H\u0130 UNUTMAYALIM!..<\/td>\n<td class=\"xl72\" style=\"width: 53pt;\" width=\"70\">1.01.2006<\/td>\n<td class=\"xl73\" style=\"width: 64pt;\" width=\"86\">Milli &Ccedil;&ouml;z&uuml;m<\/td>\n<\/tr>\n<tr style=\"height: 29.4pt;\">\n<td class=\"xl69\" style=\"height: 29.4pt; text-align: center;\" height=\"39\">102<\/td>\n<td class=\"xl81\">noname<\/td>\n<td class=\"xl70\" style=\"width: 267pt;\" width=\"356\">ARSLANO\u011eLU K&Ouml;YL&Uuml;LER\u0130: ESARETTEN CUMHUR\u0130YETE<\/td>\n<td class=\"xl72\" style=\"width: 53pt;\" width=\"70\">12.01.2005<\/td>\n<td class=\"xl73\" style=\"width: 64pt;\" width=\"86\">Milli &Ccedil;&ouml;z&uuml;m<\/td>\n<\/tr>\n<tr style=\"height: 29.4pt;\">\n<td class=\"xl69\" style=\"height: 29.4pt; text-align: center;\" height=\"39\">103<\/td>\n<td class=\"xl80\" style=\"width: 86pt;\" width=\"115\">Osman Erayd\u0131n<\/td>\n<td class=\"xl70\" style=\"width: 267pt;\" width=\"356\">T&Uuml;RK\u0130YE, SUR\u0130YE VE \u0130RAN&#8217;I SATTI MI? AKP, ABD&#8217;nin Truva At\u0131 m\u0131?<\/td>\n<td class=\"xl72\" style=\"width: 53pt;\" width=\"70\">12.01.2005<\/td>\n<td class=\"xl73\" style=\"width: 64pt;\" width=\"86\">Milli &Ccedil;&ouml;z&uuml;m<\/td>\n<\/tr>\n<tr style=\"height: 29.4pt;\">\n<td class=\"xl69\" style=\"height: 29.4pt; text-align: center;\" height=\"39\">104<\/td>\n<td class=\"xl80\" style=\"width: 86pt;\" width=\"115\">Nevzat G&uuml;nd&uuml;z<\/td>\n<td class=\"xl70\" style=\"width: 267pt;\" width=\"356\">YA\u015eAR B&Uuml;Y&Uuml;KANIT PA\u015eA MI HAKLI, YOKSA; &Ouml;MER L&Uuml;TF\u0130 METE MA\u015eA MI?<\/td>\n<td class=\"xl72\" style=\"width: 53pt;\" width=\"70\">11.01.2005<\/td>\n<td class=\"xl73\" style=\"width: 64pt;\" width=\"86\">Milli &Ccedil;&ouml;z&uuml;m<\/td>\n<\/tr>\n<tr style=\"height: 29.4pt;\">\n<td class=\"xl69\" style=\"height: 29.4pt; text-align: center;\" height=\"39\">105<\/td>\n<td class=\"xl80\" style=\"width: 86pt;\" width=\"115\">Mehmet Deniz<\/td>\n<td class=\"xl70\" style=\"width: 267pt;\" width=\"356\">B\u0130R DO\u011eRUYU, YANLI\u015e AMA&Ccedil;LAR \u0130&Ccedil;\u0130N KULLANMAK<\/td>\n<td class=\"xl72\" style=\"width: 53pt;\" width=\"70\">9.01.2005<\/td>\n<td class=\"xl73\" style=\"width: 64pt;\" width=\"86\">Milli &Ccedil;&ouml;z&uuml;m<\/td>\n<\/tr>\n<tr style=\"height: 29.4pt;\">\n<td class=\"xl69\" style=\"height: 29.4pt; text-align: center;\" height=\"39\">106<\/td>\n<td class=\"xl80\" style=\"width: 86pt;\" width=\"115\">\u0130smet Sezgin<\/td>\n<td class=\"xl70\" style=\"width: 267pt;\" width=\"356\">&#8220;ZAMAN&#8221;CILAR EHL\u0130 K\u0130TAP MIDIR?<\/td>\n<td class=\"xl72\" style=\"width: 53pt;\" width=\"70\">9.01.2005<\/td>\n<td class=\"xl73\" style=\"width: 64pt;\" width=\"86\">Milli &Ccedil;&ouml;z&uuml;m<\/td>\n<\/tr>\n<tr style=\"height: 29.4pt;\">\n<td class=\"xl69\" style=\"height: 29.4pt; text-align: center;\" height=\"39\">107<\/td>\n<td class=\"xl81\">Ufuk Efe<\/td>\n<td class=\"xl70\" style=\"width: 267pt;\" width=\"356\">SEFERBERL\u0130K SORU\u015eTURMASI YA, AKP VE F. G&Uuml;LEN ALEYH\u0130NE SONU&Ccedil;LANIRSA!?<\/td>\n<td class=\"xl72\" style=\"width: 53pt;\" width=\"70\">2.01.2010<\/td>\n<td class=\"xl73\" style=\"width: 64pt;\" width=\"86\">Milli &Ccedil;&ouml;z&uuml;m<\/td>\n<\/tr>\n<tr style=\"height: 29.4pt;\">\n<td class=\"xl69\" style=\"height: 29.4pt; text-align: center;\" height=\"39\">108<\/td>\n<td class=\"xl80\" style=\"width: 86pt;\" width=\"115\">Nevzat G&uuml;nd&uuml;z<\/td>\n<td class=\"xl70\" style=\"width: 267pt;\" width=\"356\">ERBAKAN&rsquo;I &Ouml;NLEMEK \u0130&Ccedil;\u0130N, D\u0130\u011eER \u0130SLAMCI HAREKETLER\u0130N DESTEKLENMES\u0130<\/td>\n<td class=\"xl72\" style=\"width: 53pt;\" width=\"70\">8.01.2005<\/td>\n<td class=\"xl73\" style=\"width: 64pt;\" width=\"86\">Milli &Ccedil;&ouml;z&uuml;m<\/td>\n<\/tr>\n<tr style=\"height: 29.4pt;\">\n<td class=\"xl69\" style=\"height: 29.4pt; text-align: center;\" height=\"39\">109<\/td>\n<td class=\"xl81\">Tevfik Bala<\/td>\n<td class=\"xl70\" style=\"width: 267pt;\" width=\"356\">M\u0130LL\u0130 DUYARSIZLIK VE TUTARSIZLIK<\/td>\n<td class=\"xl72\" style=\"width: 53pt;\" width=\"70\">6.01.2005<\/td>\n<td class=\"xl73\" style=\"width: 64pt;\" width=\"86\">Milli &Ccedil;&ouml;z&uuml;m<\/td>\n<\/tr>\n<tr style=\"height: 29.4pt;\">\n<td class=\"xl69\" style=\"height: 29.4pt; text-align: center;\" height=\"39\">110<\/td>\n<td class=\"xl81\">Halil Yaman<\/td>\n<td class=\"xl71\">M&Uuml;BAHALE &#8211; LANETLE\u015eME<\/td>\n<td class=\"xl72\" style=\"width: 53pt;\" width=\"70\">6.01.2005<\/td>\n<td class=\"xl73\" style=\"width: 64pt;\" width=\"86\">Milli &Ccedil;&ouml;z&uuml;m<\/td>\n<\/tr>\n<tr style=\"height: 29.4pt;\">\n<td class=\"xl69\" style=\"height: 29.4pt; text-align: center;\" height=\"39\">111<\/td>\n<td class=\"xl80\" style=\"width: 86pt;\" width=\"115\">Osman Erayd\u0131n<\/td>\n<td class=\"xl70\" style=\"width: 267pt;\" width=\"356\">LA\u0130KL\u0130K, M\u0130SYONERL\u0130K VE ATAT&Uuml;RK<\/td>\n<td class=\"xl72\" style=\"width: 53pt;\" width=\"70\">1.01.2005<\/td>\n<td class=\"xl73\" style=\"width: 64pt;\" width=\"86\">Milli &Ccedil;&ouml;z&uuml;m<\/td>\n<\/tr>\n<tr style=\"height: 29.4pt;\">\n<td class=\"xl69\" style=\"height: 29.4pt; text-align: center;\" height=\"39\">112<\/td>\n<td class=\"xl80\" style=\"width: 86pt;\" width=\"115\">\u0130smet Sezgin<\/td>\n<td class=\"xl71\">AYIN AYNASI<\/td>\n<td class=\"xl72\" style=\"width: 53pt;\" width=\"70\">6.01.2005<\/td>\n<td class=\"xl73\" style=\"width: 64pt;\" width=\"86\">Milli &Ccedil;&ouml;z&uuml;m<\/td>\n<\/tr>\n<tr style=\"height: 29.4pt;\">\n<td class=\"xl69\" style=\"height: 29.4pt; text-align: center;\" height=\"39\">113<\/td>\n<td class=\"xl80\" style=\"width: 86pt;\" width=\"115\">Ahmet Akg&uuml;l<\/td>\n<td class=\"xl70\" style=\"width: 267pt;\" width=\"356\">PUT\u0130N&#8217;\u0130N HAYIRLI YAKLA\u015eIMI VE ARMEGEDON SAVA\u015eI<\/td>\n<td class=\"xl72\" style=\"width: 53pt;\" width=\"70\">1.01.2005<\/td>\n<td class=\"xl73\" style=\"width: 64pt;\" width=\"86\">Milli &Ccedil;&ouml;z&uuml;m<\/td>\n<\/tr>\n<tr style=\"height: 29.4pt;\">\n<td class=\"xl69\" style=\"height: 29.4pt; text-align: center;\" height=\"39\">114<\/td>\n<td class=\"xl80\" style=\"width: 86pt;\" width=\"115\">\u0130smet Sezgin<\/td>\n<td class=\"xl70\" style=\"width: 267pt;\" width=\"356\">FETULLAH&Ccedil;ILARIN MARAZI VE KUR&#8217;AN&#8217;IN MESAJI<\/td>\n<td class=\"xl72\" style=\"width: 53pt;\" width=\"70\">1.01.2007<\/td>\n<td class=\"xl73\" style=\"width: 64pt;\" width=\"86\">Milli &Ccedil;&ouml;z&uuml;m<\/td>\n<\/tr>\n<tr style=\"height: 29.4pt;\">\n<td class=\"xl69\" style=\"height: 29.4pt; text-align: center;\" height=\"39\">115<\/td>\n<td class=\"xl80\" style=\"width: 86pt;\" width=\"115\">Necati Akg&uuml;l<\/td>\n<td class=\"xl70\" style=\"width: 267pt;\" width=\"356\">EK&Uuml;MENL\u0130K FECAET\u0130 VE D\u0130YANET\u0130N DENAET\u0130<\/td>\n<td class=\"xl72\" style=\"width: 53pt;\" width=\"70\">1.01.2007<\/td>\n<td class=\"xl73\" style=\"width: 64pt;\" width=\"86\">Milli &Ccedil;&ouml;z&uuml;m<\/td>\n<\/tr>\n<tr style=\"height: 29.4pt;\">\n<td class=\"xl69\" style=\"height: 29.4pt; text-align: center;\" height=\"39\">116<\/td>\n<td class=\"xl80\" style=\"width: 86pt;\" width=\"115\">Kaz\u0131m G&uuml;lfidan<\/td>\n<td class=\"xl70\" style=\"width: 267pt;\" width=\"356\">YEN\u0130 OLU\u015eUMUN ESK\u0130 OYUNCAKLARI!<\/td>\n<td class=\"xl72\" style=\"width: 53pt;\" width=\"70\">1.01.2007<\/td>\n<td class=\"xl73\" style=\"width: 64pt;\" width=\"86\">Milli &Ccedil;&ouml;z&uuml;m<\/td>\n<\/tr>\n<tr style=\"height: 29.4pt;\">\n<td class=\"xl69\" style=\"height: 29.4pt; text-align: center;\" height=\"39\">117<\/td>\n<td class=\"xl80\" style=\"width: 86pt;\" width=\"115\">Hakan Ekmek&ccedil;i<\/td>\n<td class=\"xl70\" style=\"width: 267pt;\" width=\"356\">YEN\u0130 OSMANLICILIK, NATO&#8217;NUN YEN\u0130&Ccedil;ER\u0130S\u0130 OLMAKTIR!..<\/td>\n<td class=\"xl72\" style=\"width: 53pt;\" width=\"70\">2.01.2007<\/td>\n<td class=\"xl73\" style=\"width: 64pt;\" width=\"86\">Milli &Ccedil;&ouml;z&uuml;m<\/td>\n<\/tr>\n<tr style=\"height: 29.4pt;\">\n<td class=\"xl69\" style=\"height: 29.4pt; text-align: center;\" height=\"39\">118<\/td>\n<td class=\"xl81\">Orhan Y\u0131lan<\/td>\n<td class=\"xl70\" style=\"width: 267pt;\" width=\"356\">&#8220;\u0130BRAH\u0130M YOLU&#8221; MU, &#8220;ABRAHAM OYUNU&#8221; MU?<\/td>\n<td class=\"xl72\" style=\"width: 53pt;\" width=\"70\">2.01.2007<\/td>\n<td class=\"xl73\" style=\"width: 64pt;\" width=\"86\">Milli &Ccedil;&ouml;z&uuml;m<\/td>\n<\/tr>\n<tr style=\"height: 29.4pt;\">\n<td class=\"xl69\" style=\"height: 29.4pt; text-align: center;\" height=\"39\">119<\/td>\n<td class=\"xl81\">Tevfik Bala<\/td>\n<td class=\"xl70\" style=\"width: 267pt;\" width=\"356\">AKP, U&Ccedil;URUMA YAKLA\u015eAN ABD DOLMU\u015eUNA MUAV\u0130NL\u0130K YAPIYOR!<\/td>\n<td class=\"xl72\" style=\"width: 53pt;\" width=\"70\">2.01.2007<\/td>\n<td class=\"xl73\" style=\"width: 64pt;\" width=\"86\">Milli &Ccedil;&ouml;z&uuml;m<\/td>\n<\/tr>\n<tr style=\"page-break-before: always; height: 29.4pt;\">\n<td class=\"xl69\" style=\"height: 29.4pt; text-align: center;\" height=\"39\">120<\/td>\n<td class=\"xl80\" style=\"width: 86pt;\" width=\"115\">O\u011fuzhan &Ccedil;\u0131ld\u0131r<\/td>\n<td class=\"xl70\" style=\"width: 267pt;\" width=\"356\">&#8220;AYDINLIK&#8221;IN AYIBI VE AKP&#8217;N\u0130N ARSIZLI\u011eI<\/td>\n<td class=\"xl72\" style=\"width: 53pt;\" width=\"70\">3.01.2007<\/td>\n<td class=\"xl73\" style=\"width: 64pt;\" width=\"86\">Milli &Ccedil;&ouml;z&uuml;m<\/td>\n<\/tr>\n<tr style=\"height: 29.4pt;\">\n<td class=\"xl69\" style=\"height: 29.4pt; text-align: center;\" height=\"39\">121<\/td>\n<td class=\"xl80\" style=\"width: 86pt;\" width=\"115\">Kaz\u0131m G&uuml;lfidan<\/td>\n<td class=\"xl70\" style=\"width: 267pt;\" width=\"356\">FETULLAH G&Uuml;LEN&rsquo;\u0130N KEHANET\u0130 VE HIRANT D\u0130NK C\u0130NAYET\u0130<\/td>\n<td class=\"xl72\" style=\"width: 53pt;\" width=\"70\">3.01.2007<\/td>\n<td class=\"xl73\" style=\"width: 64pt;\" width=\"86\">Milli &Ccedil;&ouml;z&uuml;m<\/td>\n<\/tr>\n<tr style=\"height: 29.4pt;\">\n<td class=\"xl69\" style=\"height: 29.4pt; text-align: center;\" height=\"39\">122<\/td>\n<td class=\"xl80\" style=\"width: 86pt;\" width=\"115\">Mehmet Deniz<\/td>\n<td class=\"xl70\" style=\"width: 267pt;\" width=\"356\">DER\u0130N HESAPLA\u015eMA VE M\u0130LL\u0130 JANDARMA<\/td>\n<td class=\"xl72\" style=\"width: 53pt;\" width=\"70\">3.01.2007<\/td>\n<td class=\"xl73\" style=\"width: 64pt;\" width=\"86\">Milli &Ccedil;&ouml;z&uuml;m<\/td>\n<\/tr>\n<tr style=\"height: 29.4pt;\">\n<td class=\"xl69\" style=\"height: 29.4pt; text-align: center;\" height=\"39\">123<\/td>\n<td class=\"xl80\" style=\"width: 86pt;\" width=\"115\">O\u011fuzhan &Ccedil;\u0131ld\u0131r<\/td>\n<td class=\"xl70\" style=\"width: 267pt;\" width=\"356\">KARMA\u015eIK \u0130L\u0130\u015eK\u0130LER VE &Ccedil;EL\u0130\u015eK\u0130LER<\/td>\n<td class=\"xl72\" style=\"width: 53pt;\" width=\"70\">3.01.2007<\/td>\n<td class=\"xl73\" style=\"width: 64pt;\" width=\"86\">Milli &Ccedil;&ouml;z&uuml;m<\/td>\n<\/tr>\n<tr style=\"height: 29.4pt;\">\n<td class=\"xl69\" style=\"height: 29.4pt; text-align: center;\" height=\"39\">124<\/td>\n<td class=\"xl80\" style=\"width: 86pt;\" width=\"115\">Necmeddin Bi\u015fkin<\/td>\n<td class=\"xl70\" style=\"width: 267pt;\" width=\"356\">MASONLUK VE D\u0130NLERARASI D\u0130YALOG \u0130L\u0130\u015eK\u0130S\u0130 VE S\u0130YON\u0130STLER\u0130N ERBAKAN END\u0130\u015eES\u0130<\/td>\n<td class=\"xl72\" style=\"width: 53pt;\" width=\"70\">4.01.2007<\/td>\n<td class=\"xl73\" style=\"width: 64pt;\" width=\"86\">Milli &Ccedil;&ouml;z&uuml;m<\/td>\n<\/tr>\n<tr style=\"height: 29.4pt;\">\n<td class=\"xl69\" style=\"height: 29.4pt; text-align: center;\" height=\"39\">125<\/td>\n<td class=\"xl81\">Nail K\u0131z\u0131lkan<\/td>\n<td class=\"xl70\" style=\"width: 267pt;\" width=\"356\">MASON TAR\u0130KAT&Ccedil;ILARI VE ATAT&Uuml;RK&Ccedil;&Uuml;L&Uuml;K SAHTEK&Acirc;RLARI<\/td>\n<td class=\"xl72\" style=\"width: 53pt;\" width=\"70\">5.01.2007<\/td>\n<td class=\"xl73\" style=\"width: 64pt;\" width=\"86\">Milli &Ccedil;&ouml;z&uuml;m<\/td>\n<\/tr>\n<tr style=\"height: 29.4pt;\">\n<td class=\"xl69\" style=\"height: 29.4pt; text-align: center;\" height=\"39\">126<\/td>\n<td class=\"xl80\" style=\"width: 86pt;\" width=\"115\">\u0130smet Sezgin<\/td>\n<td class=\"xl70\" style=\"width: 267pt;\" width=\"356\">S\u0130YON\u0130ZM&rsquo;\u0130N \u0130SLAMCI M&Uuml;R\u0130TLER\u0130<\/td>\n<td class=\"xl72\" style=\"width: 53pt;\" width=\"70\">5.01.2007<\/td>\n<td class=\"xl73\" style=\"width: 64pt;\" width=\"86\">Milli &Ccedil;&ouml;z&uuml;m<\/td>\n<\/tr>\n<tr style=\"height: 29.4pt;\">\n<td class=\"xl69\" style=\"height: 29.4pt; text-align: center;\" height=\"39\">127<\/td>\n<td class=\"xl80\" style=\"width: 86pt;\" width=\"115\">O\u011fuzhan &Ccedil;\u0131ld\u0131r<\/td>\n<td class=\"xl70\" style=\"width: 267pt;\" width=\"356\">FETULLAH MI, F\u0130TNETULLAH MI?<\/td>\n<td class=\"xl72\" style=\"width: 53pt;\" width=\"70\">5.01.2007<\/td>\n<td class=\"xl73\" style=\"width: 64pt;\" width=\"86\">Milli &Ccedil;&ouml;z&uuml;m<\/td>\n<\/tr>\n<tr style=\"height: 29.4pt;\">\n<td class=\"xl69\" style=\"height: 29.4pt; text-align: center;\" height=\"39\">128<\/td>\n<td class=\"xl80\" style=\"width: 86pt;\" width=\"115\">Ahmet Akg&uuml;l<\/td>\n<td class=\"xl70\" style=\"width: 267pt;\" width=\"356\">AKP AM\u0130GOLARINI, AMER\u0130KA B\u0130LE KURTARAMADI VE CHP CILKINI &Ccedil;IKARDI<\/td>\n<td class=\"xl72\" style=\"width: 53pt;\" width=\"70\">5.01.2007<\/td>\n<td class=\"xl73\" style=\"width: 64pt;\" width=\"86\">Milli &Ccedil;&ouml;z&uuml;m<\/td>\n<\/tr>\n<tr style=\"height: 29.4pt;\">\n<td class=\"xl69\" style=\"height: 29.4pt; text-align: center;\" height=\"39\">129<\/td>\n<td class=\"xl80\" style=\"width: 86pt;\" width=\"115\">Nevzat G&uuml;nd&uuml;z<\/td>\n<td class=\"xl70\" style=\"width: 267pt;\" width=\"356\">FETULLAH&Ccedil;ILAR, CAM\u0130LER\u0130 K\u0130L\u0130SE G\u0130B\u0130, K&Uuml;LT&Uuml;R EV\u0130 YAPACAK MI?<\/td>\n<td class=\"xl72\" style=\"width: 53pt;\" width=\"70\">6.01.2007<\/td>\n<td class=\"xl73\" style=\"width: 64pt;\" width=\"86\">Milli &Ccedil;&ouml;z&uuml;m<\/td>\n<\/tr>\n<tr style=\"height: 29.4pt;\">\n<td class=\"xl69\" style=\"height: 29.4pt; text-align: center;\" height=\"39\">130<\/td>\n<td class=\"xl80\" style=\"width: 86pt;\" width=\"115\">Nevzat G&uuml;nd&uuml;z<\/td>\n<td class=\"xl70\" style=\"width: 267pt;\" width=\"356\">FETULLAH G&Uuml;LEN \u015eEBEKES\u0130, S\u0130YON\u0130ST ABD&#8217;N\u0130N M\u0130SYONERLER\u0130 M\u0130?<\/td>\n<td class=\"xl72\" style=\"width: 53pt;\" width=\"70\">7.01.2007<\/td>\n<td class=\"xl73\" style=\"width: 64pt;\" width=\"86\">Milli &Ccedil;&ouml;z&uuml;m<\/td>\n<\/tr>\n<tr style=\"height: 29.4pt;\">\n<td class=\"xl69\" style=\"height: 29.4pt; text-align: center;\" height=\"39\">131<\/td>\n<td class=\"xl81\">Nail K\u0131z\u0131lkan<\/td>\n<td class=\"xl70\" style=\"width: 267pt;\" width=\"356\">SAFINI B\u0130LMEYEN YA SAFTIR VEYA SAHTEK&Acirc;RDIR!<\/td>\n<td class=\"xl72\" style=\"width: 53pt;\" width=\"70\">8.01.2007<\/td>\n<td class=\"xl73\" style=\"width: 64pt;\" width=\"86\">Milli &Ccedil;&ouml;z&uuml;m<\/td>\n<\/tr>\n<tr style=\"height: 29.4pt;\">\n<td class=\"xl69\" style=\"height: 29.4pt; text-align: center;\" height=\"39\">132<\/td>\n<td class=\"xl80\" style=\"width: 86pt;\" width=\"115\">O\u011fuzhan &Ccedil;\u0131ld\u0131r<\/td>\n<td class=\"xl70\" style=\"width: 267pt;\" width=\"356\">SEVENLER\u0130N\u0130N D\u0130L\u0130NDEN FETULLAH G&Uuml;LEN<\/td>\n<td class=\"xl72\" style=\"width: 53pt;\" width=\"70\">8.01.2007<\/td>\n<td class=\"xl73\" style=\"width: 64pt;\" width=\"86\">Milli &Ccedil;&ouml;z&uuml;m<\/td>\n<\/tr>\n<tr style=\"height: 29.4pt;\">\n<td class=\"xl69\" style=\"height: 29.4pt; text-align: center;\" height=\"39\">133<\/td>\n<td class=\"xl80\" style=\"width: 86pt;\" width=\"115\">Ahmet Akg&uuml;l<\/td>\n<td class=\"xl70\" style=\"width: 267pt;\" width=\"356\">DER\u0130N AMER\u0130KA&#8217;NIN G&Uuml;NDEM\u0130 N\u0130YE T&Uuml;RK\u0130YE?<\/td>\n<td class=\"xl72\" style=\"width: 53pt;\" width=\"70\">8.01.2007<\/td>\n<td class=\"xl73\" style=\"width: 64pt;\" width=\"86\">Milli &Ccedil;&ouml;z&uuml;m<\/td>\n<\/tr>\n<tr style=\"height: 29.4pt;\">\n<td class=\"xl69\" style=\"height: 29.4pt; text-align: center;\" height=\"39\">134<\/td>\n<td class=\"xl81\">Orhan Y\u0131lan<\/td>\n<td class=\"xl70\" style=\"width: 267pt;\" width=\"356\">Bilderberg ve CFR Tarihinde Bir \u0130lk: BU \u0130K\u0130 S\u0130YON\u0130ST KURULU\u015e AYNI TAR\u0130HLERDE N\u0130YE T&Uuml;RK\u0130YE&rsquo;DE?<\/td>\n<td class=\"xl72\" style=\"width: 53pt;\" width=\"70\">9.01.2007<\/td>\n<td class=\"xl73\" style=\"width: 64pt;\" width=\"86\">Milli &Ccedil;&ouml;z&uuml;m<\/td>\n<\/tr>\n<tr style=\"height: 29.4pt;\">\n<td class=\"xl69\" style=\"height: 29.4pt; text-align: center;\" height=\"39\">135<\/td>\n<td class=\"xl80\" style=\"width: 86pt;\" width=\"115\">Milli &Ccedil;&ouml;z&uuml;m Ekibi<\/td>\n<td class=\"xl70\" style=\"width: 267pt;\" width=\"356\">Yahudi Saman\u0131yla Beslenen Zamanc\u0131lara Cevap: AKP&#8217;N\u0130N L&Uuml;BNAN HIYANET\u0130 VE B&Ouml;LGEM\u0130Z\u0130N FELAKET\u0130<\/td>\n<td class=\"xl72\" style=\"width: 53pt;\" width=\"70\">9.01.2007<\/td>\n<td class=\"xl73\" style=\"width: 64pt;\" width=\"86\">Milli &Ccedil;&ouml;z&uuml;m<\/td>\n<\/tr>\n<tr style=\"height: 29.4pt;\">\n<td class=\"xl69\" style=\"height: 29.4pt; text-align: center;\" height=\"39\">136<\/td>\n<td class=\"xl80\" style=\"width: 86pt;\" width=\"115\">Ahmet Deniz<\/td>\n<td class=\"xl70\" style=\"width: 267pt;\" width=\"356\">DOSTU AMER\u0130KA OLANIN POSTU MEZATA &Ccedil;IKAR!<\/td>\n<td class=\"xl72\" style=\"width: 53pt;\" width=\"70\">9.01.2007<\/td>\n<td class=\"xl73\" style=\"width: 64pt;\" width=\"86\">Milli &Ccedil;&ouml;z&uuml;m<\/td>\n<\/tr>\n<tr style=\"height: 29.4pt;\">\n<td class=\"xl69\" style=\"height: 29.4pt; text-align: center;\" height=\"39\">137<\/td>\n<td class=\"xl81\">Tevfik Bala<\/td>\n<td class=\"xl70\" style=\"width: 267pt;\" width=\"356\">F. G&Uuml;LEN VE S. DEM\u0130REL T&Uuml;RK\u0130YE&#8217;Y\u0130 AKP&#8217;LE\u015eT\u0130R\u0130YOR, \u0130SRA\u0130L AKP&#8217;Y\u0130 \u0130SLAMSIZLA\u015eTIRIYOR<\/td>\n<td class=\"xl72\" style=\"width: 53pt;\" width=\"70\">10.01.2007<\/td>\n<td class=\"xl73\" style=\"width: 64pt;\" width=\"86\">Milli &Ccedil;&ouml;z&uuml;m<\/td>\n<\/tr>\n<tr style=\"height: 29.4pt;\">\n<td class=\"xl69\" style=\"height: 29.4pt; text-align: center;\" height=\"39\">138<\/td>\n<td class=\"xl80\" style=\"width: 86pt;\" width=\"115\">O\u011fuzhan &Ccedil;\u0131ld\u0131r<\/td>\n<td class=\"xl70\" style=\"width: 267pt;\" width=\"356\">V\u0130CDANLI HR\u0130ST\u0130YAN, M&Uuml;NAFIK M&Uuml;SL&Uuml;MANDAN HAYIRLIDIR!<\/td>\n<td class=\"xl72\" style=\"width: 53pt;\" width=\"70\">10.01.2007<\/td>\n<td class=\"xl73\" style=\"width: 64pt;\" width=\"86\">Milli &Ccedil;&ouml;z&uuml;m<\/td>\n<\/tr>\n<tr style=\"height: 29.4pt;\">\n<td class=\"xl69\" style=\"height: 29.4pt; text-align: center;\" height=\"39\">139<\/td>\n<td class=\"xl80\" style=\"width: 86pt;\" width=\"115\">Osman Erayd\u0131n<\/td>\n<td class=\"xl70\" style=\"width: 267pt;\" width=\"356\">S\u0130YON\u0130ST SERMAYEN\u0130N &#8216;NGO&#8217;LARI VE EMPERYAL\u0130ZM\u0130N S\u0130V\u0130L LEJYONLARI<\/td>\n<td class=\"xl72\" style=\"width: 53pt;\" width=\"70\">11.01.2007<\/td>\n<td class=\"xl73\" style=\"width: 64pt;\" width=\"86\">Milli &Ccedil;&ouml;z&uuml;m<\/td>\n<\/tr>\n<\/tbody>\n<\/table>\n<p style=\"margin-bottom: 0.0001pt; text-align: justify; text-indent: 1cm; line-height: 16pt;\"><strong><span style=\"font-size: 14pt; font-family: 'Arial', sans-serif;\">FET&Ouml;&rsquo;n&uuml;n TSK yap\u0131lanmas\u0131 ve h\u0131yanet hesaplar\u0131:<\/span><\/strong><\/p>\n<p style=\"margin-bottom: 0.0001pt; text-align: justify; text-indent: 1cm; line-height: 16pt;\"><strong><span style=\"font-size: 12pt; font-family: 'Arial', sans-serif;\">Bize &ouml;zel sohbetlerinde, daha sonra baz\u0131 gazete ve dergilerde bir zamanlar G&uuml;len&rsquo;in en yak\u0131n\u0131ndaki isimlerden Nurettin Veren ise TSK&rsquo;daki FET&Ouml;&rsquo;c&uuml;lerin oran\u0131n\u0131 y&uuml;zde 70 civar\u0131nda a&ccedil;\u0131klam\u0131\u015ft\u0131. Yine FET&Ouml; i&ccedil;erisinde &ldquo;asker imaml\u0131\u011f\u0131&rdquo; yapan Hasan Polat bu rakam\u0131n y&uuml;zde 60&rsquo;\u0131n &uuml;zerinde oldu\u011funu vurgulam\u0131\u015ft\u0131. Tabi bunlar genel oranlard\u0131. \u015eimdi daha somut rakamlar aktaral\u0131m. <\/span><\/strong><\/p>\n<p style=\"margin-bottom: 0.0001pt; text-align: justify; text-indent: 1cm; line-height: 16pt;\"><strong><span style=\"font-size: 14pt; font-family: 'Arial', sans-serif;\">15 Temmuz itibariyle TSK&rsquo;da 358 general ve amiral vard\u0131. Bunlar\u0131n 171&rsquo;i FET&Ouml;&rsquo;n&uuml;n 15 Temmuz darbe giri\u015fimine kat\u0131ld\u0131\u011f\u0131 i&ccedil;in ya ihra&ccedil; edilmi\u015f ya da tutuklanm\u0131\u015ft\u0131.<\/span><\/strong><\/p>\n<p style=\"margin-bottom: 0.0001pt; text-align: justify; text-indent: 1cm; line-height: 16pt;\"><strong><span style=\"font-size: 14pt; font-family: 'Arial', sans-serif;\">TSK&rsquo;n\u0131n en kritik yerlerini ele ge&ccedil;irdi\u011fi ortaya &ccedil;\u0131kan FET&Ouml;&rsquo;c&uuml;lerin general r&uuml;tbesine ula\u015fm\u0131\u015f olanlar\u0131n oran\u0131 y&uuml;zde 50&rsquo;ye ula\u015fm\u0131\u015ft\u0131.<\/span><\/strong><\/p>\n<p style=\"margin-bottom: 0.0001pt; text-align: justify; text-indent: 1cm; line-height: 16pt;\"><strong><span style=\"font-size: 12pt; font-family: 'Arial', sans-serif;\">FET&Ouml;, ordunun &uuml;st y&ouml;netiminde etkinlik kazanmak i&ccedil;in &ouml;zellikle 2013 sonras\u0131 b&uuml;y&uuml;k bir &ccedil;aba i&ccedil;ine girdi. &Ouml;rne\u011fin 2013 y\u0131l\u0131 Y&uuml;ksek Askeri \u015e&ucirc;ra (YA\u015e) toplant\u0131s\u0131 neticesinde terfi eden generallerin neredeyse tamam\u0131 FET&Ouml; &uuml;yesiydi. Bu generallerin ikisi hari&ccedil; hepsi darbeye fiilen i\u015ftirak ettikleri i&ccedil;in TSK&rsquo;dan ihra&ccedil; edilmi\u015f ya da tutuklanm\u0131\u015ft\u0131.<\/span><\/strong><\/p>\n<p style=\"margin-bottom: 0.0001pt; text-align: justify; text-indent: 1cm; line-height: 16pt;\"><strong><span style=\"font-size: 14pt; font-family: 'Arial', sans-serif;\">2011 ve 2012 y\u0131llar\u0131ndaki YA\u015e toplant\u0131lar\u0131nda terfi edenler de FET&Ouml;&rsquo;c&uuml; subaylard\u0131.<\/span><\/strong><\/p>\n<p style=\"margin-bottom: 0.0001pt; text-align: justify; text-indent: 1cm; line-height: 16pt;\"><strong><span style=\"font-size: 12pt; font-family: 'Arial', sans-serif;\">2014 ve 2015 y\u0131llar\u0131nda albayl\u0131ktan tu\u011fgeneralli\u011fe ve tu\u011famiralli\u011fe terfi ettirilen personelin y&uuml;zde 80&rsquo;i FET&Ouml; &uuml;yesi oldu\u011fu i&ccedil;in ihra&ccedil; edilmi\u015f ve hakk\u0131nda i\u015flem yap\u0131lm\u0131\u015ft\u0131.<\/span><\/strong><\/p>\n<p style=\"margin-bottom: 0.0001pt; text-align: justify; text-indent: 1cm; line-height: 16pt;\"><strong><span style=\"font-size: 14pt; font-family: 'Arial', sans-serif;\">Bir ba\u015fka rakam da <em>&ldquo;Ankara Anayasal D&uuml;zene Kar\u015f\u0131 Su&ccedil;lar\u0131 Soru\u015fturma B&uuml;rosu&rsquo;nun&rdquo;<\/em> NATO&rsquo;da g&ouml;rev yapan subaylara ili\u015fkin y&uuml;r&uuml;tt&uuml;\u011f&uuml; soru\u015fturma kapsam\u0131nda ortaya &ccedil;\u0131km\u0131\u015ft\u0131.<\/span><\/strong><\/p>\n<p style=\"margin-bottom: 0.0001pt; text-align: justify; text-indent: 1cm; line-height: 16pt;\"><strong><span style=\"font-size: 12pt; font-family: 'Arial', sans-serif;\">TSK&rsquo;n\u0131n de\u011fi\u015fik &uuml;lkelerdeki NATO kararg&acirc;hlar\u0131nda g&ouml;revlendirdi\u011fi, aralar\u0131nda generallerin de bulundu\u011fu 462 T&uuml;rk subay\u0131n 237&rsquo;si hakk\u0131nda FET&Ouml;&rsquo;den adli ve idari i\u015flem yap\u0131ld\u0131. Yani NATO i&ccedil;erisinde T&uuml;rkiye ad\u0131na g&ouml;rev yapan FET&Ouml;&rsquo;c&uuml; subay oran\u0131 y&uuml;zde 51 civar\u0131ndayd\u0131. Sadece bu yap\u0131 i&ccedil;inde g&ouml;rev alm\u0131\u015f eski imamlar de\u011fil, 15 Temmuz darbe giri\u015fimi sonras\u0131 yap\u0131lan soru\u015fturmalar, ara\u015ft\u0131rma ve incelemeler TSK&rsquo;n\u0131n en &ouml;nemli noktalar\u0131n\u0131n FET&Ouml; taraf\u0131ndan ele ge&ccedil;irildi\u011fini ortaya koymaktayd\u0131.<\/span><\/strong><\/p>\n<p style=\"margin-bottom: 0.0001pt; text-align: justify; text-indent: 1cm; line-height: 16pt;\"><strong><span style=\"font-size: 12pt; font-family: 'Arial', sans-serif;\">FET&Ouml;&rsquo;n&uuml;n g&uuml;venlik g&uuml;&ccedil;leri i&ccedil;indeki s\u0131zmas\u0131n\u0131n bir ba\u015fka aya\u011f\u0131 olan Emniyet Te\u015fkilat\u0131 i&ccedil;inde de durum farkl\u0131 say\u0131lmazd\u0131. &Ouml;zellikle 17- 25 Aral\u0131k 2013 tarihli operasyonlar &ouml;ncesi Emniyet&rsquo;in Personel, Bilgi \u0130\u015flem, \u0130stihbarat, Organize Su&ccedil;lar Dairesi, Ter&ouml;rle M&uuml;cadele \u015eube, Mali \u015eube personelinin tamam\u0131 FET&Ouml; &uuml;yesi &ccedil;\u0131kt\u0131. &Ouml;rne\u011fin, 81 il emniyet m&uuml;d&uuml;rl&uuml;\u011f&uuml; b&uuml;nyesindeki istihbarat \u015fube m&uuml;d&uuml;rlerinin 74&#8217;&uuml; FET&Ouml; &uuml;yesiydi. 7.000 istihbarat personelinin 6.500&rsquo;&uuml; FET&Ouml; &uuml;yesi &ccedil;\u0131kt\u0131. Emniyet M&uuml;d&uuml;rl&uuml;\u011f&uuml;&rsquo;nden bug&uuml;ne kadar 23.000 polis &#8220;FET&Ouml; &uuml;yesi oldu\u011fu&rdquo; gerek&ccedil;esiyle at\u0131lm\u0131\u015ft\u0131.<\/span><\/strong><\/p>\n<p style=\"margin-bottom: 0.0001pt; text-align: justify; text-indent: 1cm; line-height: 16pt;\"><strong><span style=\"font-size: 12pt; font-family: 'Arial', sans-serif;\">Di\u011fer te\u015fkilatlardaki oranlar da bu oranlara yak\u0131nd\u0131. FET&Ouml; eleba\u015f\u0131n\u0131n dedi\u011fi gibi &ldquo;Maarif&rsquo;te de &ouml;rg&uuml;tlenmi\u015flerdi. Milli E\u011fitim Bakanl\u0131\u011f\u0131&rsquo;nda bug&uuml;ne kadar 34.000 FET&Ouml; &uuml;yesi tespit edildi. Bug&uuml;ne kadar Sa\u011fl\u0131k Bakanl\u0131\u011f\u0131&rsquo;nda 7.500, Maliye Bakanl\u0131\u011f\u0131&rsquo;nda 1.200, belediyelerde 3.700, Diyanet \u0130\u015fleri Ba\u015fkanl\u0131\u011f\u0131&rsquo;nda 2.500 FET&Ouml;&rsquo;c&uuml; tespit edilebildi. Yarg\u0131 i&ccedil;indeki 14.000 h&acirc;kim ve savc\u0131n\u0131n 4.500&rsquo;&uuml; &ldquo;FET&Ouml; &uuml;yesi&rdquo; oldu\u011fu i&ccedil;in ihra&ccedil; edildi.<\/span><\/strong><\/p>\n<p style=\"margin-bottom: 0.0001pt; text-align: justify; text-indent: 1cm; line-height: 16pt;\"><strong><span style=\"font-size: 14pt; font-family: 'Arial', sans-serif;\">Genelkurmay&rsquo;da haz\u0131rlanan FET&Ouml; Raporu&rsquo;nda ilgin&ccedil; bilgiler yer almaktayd\u0131.<\/span><\/strong><\/p>\n<p style=\"margin-bottom: 0.0001pt; text-align: justify; text-indent: 1cm; line-height: 16pt;\"><strong><span style=\"font-size: 12pt; font-family: 'Arial', sans-serif;\">Peki, TSK&rsquo;daki FET&Ouml;&rsquo;c&uuml;lerin say\u0131s\u0131 bu kadar m\u0131yd\u0131? Hay\u0131r. Hava Kuvvetleri Askeri Savc\u0131l\u0131\u011f\u0131 yapt\u0131\u011f\u0131 d&ouml;nemde FET&Ouml; yap\u0131lanmas\u0131 hakk\u0131nda ilk ciddi soru\u015fturmay\u0131 ba\u015flatan Albay Ahmet Zeki &Uuml;&ccedil;ok &ouml;yle d&uuml;\u015f&uuml;nm&uuml;yor. &ldquo;Rakam\u0131n &ccedil;ok daha fazla&rdquo; oldu\u011funu s&ouml;yl&uuml;yor. &Uuml;&ccedil;ok&rsquo;a g&ouml;re, 2006-2015 aras\u0131nda yap\u0131lan s\u0131navlarda sorular\u0131n tamam\u0131 &ccedil;al\u0131nm\u0131\u015ft\u0131 ve FET&Ouml; ile ili\u015fkili ki\u015filer y&uuml;zde 80 oran\u0131nda okullara s\u0131zm\u0131\u015ft\u0131. Toplad\u0131\u011f\u0131nda bu rakam 60.000-70.000 ki\u015filik b&uuml;y&uuml;kl&uuml;\u011fe ula\u015fmaktayd\u0131. FET&Ouml;&rsquo;n&uuml;n ba\u015ftan beri en kripto ve en tehlikeli, en b&uuml;y&uuml;k yap\u0131lanmas\u0131 TSK&rsquo;dayd\u0131. Milli Savunma Bakanl\u0131\u011f\u0131&rsquo;ndan a&ccedil;\u0131klanan son rakamlar da bunun ispat\u0131yd\u0131. 26 Mart 2018 itibariyle FET&Ouml;&#8217;n&uuml;n Kara, Deniz ve Hava Kuvvetleri&rsquo;ndeki yap\u0131lanmas\u0131na ili\u015fkin rakamlar \u015f&ouml;yle:<\/span><\/strong><\/p>\n<p style=\"margin-bottom: 0.0001pt; text-align: justify; text-indent: 1cm; line-height: 16pt;\"><strong><span style=\"font-size: 12pt; font-family: 'Arial', sans-serif;\">15 Temmuz&#8217;dan bu yana 15.878 general, amiral, subay, astsubay, uzman erba\u015f, s&ouml;zle\u015fmeli er ve erba\u015f hakk\u0131nda FET&Ouml;&rsquo;den i\u015flem yap\u0131lm\u0131\u015ft\u0131. Bu i\u015flem, ihra&ccedil;, ge&ccedil;ici g&ouml;revden uzakla\u015ft\u0131rma, a&ccedil;\u0131\u011fa alma ve tutuklamalar\u0131 kapsamaktayd\u0131.<\/span><\/strong><\/p>\n<p style=\"margin-bottom: 0.0001pt; text-indent: 1cm; line-height: 12pt;\"><strong><span style=\"font-size: 12pt; font-family: 'Arial', sans-serif;\">Milli Savunma Bakanl\u0131\u011f\u0131 rakamlar\u0131na g&ouml;re 26 Mart 2018 itibariyle Kara, Deniz ve Hava Kuvvetleri&rsquo;nde hakk\u0131nda i\u015flem yap\u0131lan general, subay, astsubay, uzman erba\u015f, s&ouml;zle\u015fmeli er ve erba\u015f say\u0131lar\u0131.<\/span><\/strong><\/p>\n<p>&nbsp;<\/p>\n<table border=\"0\" style=\"width: 623px;\" cellspacing=\"0\" cellpadding=\"0\">\n<tbody>\n<tr style=\"height: 33.6pt;\">\n<td class=\"xl65\" style=\"height: 33.6pt; width: 113pt; padding-bottom: 0cm; padding-top: 0cm; text-align: center;\" width=\"151\" height=\"45\">\n<p><strong>\u0130\u015flem t&uuml;r&uuml;<\/strong><\/p>\n<\/td>\n<td class=\"xl66\" style=\"width: 89pt; text-align: center;\" width=\"118\"><strong>Kara Kuvvetleri Komutanl\u0131\u011f\u0131<\/strong><\/td>\n<td class=\"xl66\" style=\"width: 89pt; text-align: center;\" width=\"118\"><strong>Deniz Kuvvetleri Komutanl\u0131\u011f\u0131<\/strong><\/td>\n<td class=\"xl66\" style=\"width: 89pt; text-align: center;\" width=\"118\"><strong>Hava Kuvvetleri Komutanl\u0131\u011f\u0131<\/strong><\/td>\n<td class=\"xl67\" style=\"width: 89pt; text-align: center;\" width=\"118\">\n<p><strong>Toplam<\/strong><\/p>\n<\/td>\n<\/tr>\n<tr style=\"height: 29.4pt;\">\n<td class=\"xl68\" style=\"height: 29.4pt; text-align: center;\" height=\"39\">\n<p><strong>\u0130hra&ccedil; edilen<\/strong><\/p>\n<\/td>\n<td class=\"xl69\" style=\"text-align: center;\">\n<p>5.174<\/p>\n<\/td>\n<td class=\"xl69\" style=\"text-align: center;\">\n<p>1.476<\/p>\n<\/td>\n<td class=\"xl69\" style=\"text-align: center;\">\n<p>2.293<\/p>\n<\/td>\n<td class=\"xl69\" style=\"text-align: center;\">\n<p>8.943<\/p>\n<\/td>\n<\/tr>\n<tr style=\"height: 29.4pt;\">\n<td class=\"xl70\" style=\"height: 29.4pt; width: 113pt; text-align: center;\" width=\"151\" height=\"39\"><strong>Ge&ccedil;ici g&ouml;revden uzakla\u015ft\u0131rma<\/strong><\/td>\n<td class=\"xl69\" style=\"text-align: center;\">\n<p>1.831<\/p>\n<\/td>\n<td class=\"xl69\" style=\"text-align: center;\">\n<p>1.169<\/p>\n<\/td>\n<td class=\"xl69\" style=\"text-align: center;\">\n<p>2.071<\/p>\n<\/td>\n<td class=\"xl69\" style=\"text-align: center;\">\n<p>5.071<\/p>\n<\/td>\n<\/tr>\n<tr style=\"height: 29.4pt;\">\n<td class=\"xl70\" style=\"height: 29.4pt; width: 113pt; text-align: center;\" width=\"151\" height=\"39\"><strong>Tutuklu (\u0130hra&ccedil; edilmemi\u015f)<\/strong><\/td>\n<td class=\"xl71\" style=\"text-align: center;\">\n<p>631<\/p>\n<\/td>\n<td class=\"xl71\" style=\"text-align: center;\">\n<p>192<\/p>\n<\/td>\n<td class=\"xl71\" style=\"text-align: center;\">\n<p>217<\/p>\n<\/td>\n<td class=\"xl69\" style=\"text-align: center;\">\n<p>1.040<\/p>\n<\/td>\n<\/tr>\n<tr style=\"height: 29.4pt;\">\n<td class=\"xl70\" style=\"height: 29.4pt; width: 113pt; text-align: center;\" width=\"151\" height=\"39\"><strong>A&ccedil;\u0131\u011fa al\u0131nan (G&ouml;zalt\u0131 hari&ccedil;)<\/strong><\/td>\n<td class=\"xl71\" style=\"text-align: center;\">\n<p>616<\/p>\n<\/td>\n<td class=\"xl71\" style=\"text-align: center;\">\n<p>80<\/p>\n<\/td>\n<td class=\"xl71\" style=\"text-align: center;\">\n<p>128<\/p>\n<\/td>\n<td class=\"xl71\" style=\"text-align: center;\">\n<p>824<\/p>\n<\/td>\n<\/tr>\n<tr style=\"height: 29.4pt;\">\n<td class=\"xl68\" style=\"height: 29.4pt; text-align: center;\" height=\"39\">\n<p><strong>Toplam<\/strong><\/p>\n<\/td>\n<td class=\"xl69\" style=\"text-align: center;\">\n<p>8.252<\/p>\n<\/td>\n<td class=\"xl69\" style=\"text-align: center;\">\n<p>2.917<\/p>\n<\/td>\n<td class=\"xl69\" style=\"text-align: center;\">\n<p>4.709<\/p>\n<\/td>\n<td class=\"xl69\" style=\"text-align: center;\">\n<p>15.878<\/p>\n<\/td>\n<\/tr>\n<\/tbody>\n<\/table>\n<p style=\"margin-bottom: 0.0001pt; text-align: justify; text-indent: 1cm; line-height: 16pt;\"><span style=\"font-size: 12pt; font-family: 'Arial', sans-serif;\">15.878 rakam\u0131 d&uuml;\u015f&uuml;k gelebilir ama bunu TSK&rsquo;daki toplam general, amiral ve subay rakamlar\u0131yla kar\u015f\u0131la\u015ft\u0131rd\u0131\u011f\u0131m\u0131zda, tehlikenin b&uuml;y&uuml;kl&uuml;\u011f&uuml; daha iyi anla\u015f\u0131l\u0131yordu. &Ouml;rne\u011fin Kara Kuvvetlerinde FET&Ouml; nedeniyle hakk\u0131nda i\u015flem yap\u0131lan generallerin oran\u0131 y&uuml;zde 43,9, subaylar\u0131n oran\u0131 y&uuml;zde 21,9. Bu rakam ihra&ccedil;, a&ccedil;\u0131\u011fa alma, ge&ccedil;ici g&ouml;revden uzakla\u015ft\u0131rma ve tutuklamay\u0131 kaps\u0131yordu.<\/span><\/p>\n<p style=\"margin-bottom: 0.0001pt; text-align: justify; text-indent: 1cm; line-height: 16pt;\"><strong><span style=\"font-size: 12pt; font-family: 'Arial', sans-serif;\">Deniz Kuvvetlerinde<\/span><\/strong><span style=\"font-size: 12pt; font-family: 'Arial', sans-serif;\"> hakk\u0131nda FET&Ouml;&rsquo;den i\u015flem yap\u0131lan amiral oran\u0131 y&uuml;zde 55,4, subaylar\u0131n oran\u0131 y&uuml;zde 27,3 oluyordu.<\/span><\/p>\n<p style=\"margin-bottom: 0.0001pt; text-align: justify; text-indent: 1cm; line-height: 16pt;\"><strong><span style=\"font-size: 12pt; font-family: 'Arial', sans-serif;\">Hava Kuvvetleri&rsquo;nde<\/span><\/strong><span style=\"font-size: 12pt; font-family: 'Arial', sans-serif;\"> hakk\u0131nda FET&Ouml;&rsquo;den i\u015flem yap\u0131lan general oran\u0131 y&uuml;zde 44,4, subaylar\u0131n oran\u0131 y&uuml;zde 32,5&rsquo;e ula\u015f\u0131yordu.<\/span><\/p>\n<p style=\"margin-bottom: 0.0001pt; text-align: justify; text-indent: 1cm; line-height: 16pt;\"><strong><span style=\"font-size: 12pt; font-family: 'Arial', sans-serif;\">Kara, Hava ve Deniz Kuvvetlerinin toplam\u0131nda<\/span><\/strong><span style=\"font-size: 12pt; font-family: 'Arial', sans-serif;\"> hakk\u0131nda FET&Ouml;&rsquo;den i\u015flem yap\u0131lan general ve amirallerin oran\u0131 y&uuml;zde 46, subaylar\u0131n oran\u0131 y&uuml;zde 24,7. Bu rakamlar tehlikenin b&uuml;y&uuml;kl&uuml;\u011f&uuml;n&uuml; g&ouml;steriyordu.<\/span><\/p>\n<p style=\"margin-bottom: 0.0001pt; text-indent: 1cm; line-height: 16pt; text-align: justify;\"><strong><span style=\"font-size: 12pt; font-family: 'Arial', sans-serif;\">&nbsp; &nbsp; &nbsp;&nbsp; &nbsp;&nbsp;&nbsp;&nbsp;&nbsp;&nbsp;&nbsp;&nbsp;&nbsp;&nbsp;&nbsp;&nbsp;&nbsp;&nbsp;&nbsp;&nbsp;&nbsp;&nbsp; General ve subaylarda ihra&ccedil; rakamlar\u0131<\/span><\/strong><\/p>\n<table border=\"0\" style=\"width: 623px;\" cellspacing=\"0\" cellpadding=\"0\">\n<colgroup>\n<col style=\"width: 113pt;\" width=\"151\" \/>\n<col span=\"4\" style=\"width: 89pt;\" width=\"118\" \/> <\/colgroup>\n<tbody>\n<tr style=\"height: 29.4pt;\">\n<td class=\"xl65\" style=\"height: 29.4pt; width: 113pt; padding-bottom: 4.25pt; padding-top: 0cm; text-align: center;\" width=\"151\" height=\"39\">\n<p><strong>&nbsp;Kuvvet Komutanl\u0131\u011f\u0131<\/strong><\/p>\n<\/td>\n<td class=\"xl66\" style=\"width: 89pt; text-align: center;\" width=\"118\">\n<p><strong>General \/ Amiral<\/strong><\/p>\n<\/td>\n<td class=\"xl67\" style=\"width: 89pt; text-align: center;\" width=\"118\">\n<p><strong>Oran<\/strong><\/p>\n<\/td>\n<td class=\"xl67\" style=\"width: 89pt; text-align: center;\" width=\"118\">\n<p><strong>Subay<\/strong><\/p>\n<\/td>\n<td class=\"xl66\" style=\"width: 89pt; text-align: center;\" width=\"118\">\n<p><strong>Oran<\/strong><\/p>\n<\/td>\n<\/tr>\n<tr style=\"height: 29.4pt;\">\n<td class=\"xl70\" style=\"height: 29.4pt; text-align: center;\" height=\"39\">\n<p>KKK<\/p>\n<\/td>\n<td class=\"xl69\" style=\"text-align: center;\">\n<p>87<\/p>\n<\/td>\n<td class=\"xl69\" style=\"text-align: center;\">\n<p>Y&uuml;zde 43,9<\/p>\n<\/td>\n<td class=\"xl68\" style=\"text-align: center;\">\n<p>2.796<\/p>\n<\/td>\n<td class=\"xl69\" style=\"text-align: center;\">\n<p>Y&uuml;zde 21,9<\/p>\n<\/td>\n<\/tr>\n<tr style=\"height: 29.4pt;\">\n<td class=\"xl70\" style=\"height: 29.4pt; text-align: center;\" height=\"39\">\n<p>DKK<\/p>\n<\/td>\n<td class=\"xl69\" style=\"text-align: center;\">\n<p>31<\/p>\n<\/td>\n<td class=\"xl69\" style=\"text-align: center;\">\n<p>Y&uuml;zde 55,4<\/p>\n<\/td>\n<td class=\"xl69\" style=\"text-align: center;\">\n<p>872<\/p>\n<\/td>\n<td class=\"xl69\" style=\"text-align: center;\">\n<p>Y&uuml;zde 27,3<\/p>\n<\/td>\n<\/tr>\n<tr style=\"height: 29.4pt;\">\n<td class=\"xl70\" style=\"height: 29.4pt; text-align: center;\" height=\"39\">\n<p>HKK<\/p>\n<\/td>\n<td class=\"xl69\" style=\"text-align: center;\">\n<p>32<\/p>\n<\/td>\n<td class=\"xl69\" style=\"text-align: center;\">\n<p>Y&uuml;zde 44,4<\/p>\n<\/td>\n<td class=\"xl68\" style=\"text-align: center;\">\n<p>1.354<\/p>\n<\/td>\n<td class=\"xl69\" style=\"text-align: center;\">\n<p>Y&uuml;zde 32,5<\/p>\n<\/td>\n<\/tr>\n<tr style=\"height: 29.4pt;\">\n<td class=\"xl70\" style=\"height: 29.4pt; text-align: center;\" height=\"39\">\n<p>Toplam<\/p>\n<\/td>\n<td class=\"xl69\" style=\"text-align: center;\">\n<p>150<\/p>\n<\/td>\n<td class=\"xl69\" style=\"text-align: center;\">\n<p>Y&uuml;zde 46<\/p>\n<\/td>\n<td class=\"xl68\" style=\"text-align: center;\">\n<p>5.022<\/p>\n<\/td>\n<td class=\"xl69\" style=\"text-align: center;\">\n<p>Y&uuml;zde 24,7<\/p>\n<\/td>\n<\/tr>\n<\/tbody>\n<\/table>\n<p style=\"margin-bottom: 0.0001pt; text-align: justify; text-indent: 1cm; line-height: 16pt;\"><strong><span style=\"font-size: 14pt; font-family: 'Arial', sans-serif;\">Oysa baz\u0131 uzmanlar\u0131n verdi\u011fi rakamlara g&ouml;re Ordu i&ccedil;inde h&acirc;l&acirc; 40.000- 50.000 FET&Ouml;&rsquo;c&uuml; bulunmaktayd\u0131.<\/span><\/strong><\/p>\n<p style=\"margin-bottom: 0.0001pt; text-align: justify; text-indent: 1cm; line-height: 16pt;\"><strong><span style=\"font-size: 12pt; font-family: 'Arial', sans-serif;\">Benzer bir rakam\u0131 emekli Tu\u011fgeneral Nail Bab&uuml;ro\u011flu da veriyor. Bab&uuml;ro\u011flu&rsquo;na g&ouml;re, subaylar\u0131n y&uuml;zde 50&rsquo;si, astsubaylar\u0131n da y&uuml;zde 50-60&rsquo;\u0131 FET&Ouml; &uuml;yesiydi. Yani TSK&rsquo;daki 39.000 subay\u0131n yakla\u015f\u0131k 20.000, 96.000 astsubay\u0131n da 45.000-50.000&rsquo;i FET&Ouml;&rsquo;c&uuml; yap\u0131lanman\u0131n i&ccedil;erisindeydi. Tehlikenin ne kadar b&uuml;y&uuml;k ve ne kadar yak\u0131n oldu\u011fu, 15 Temmuz ak\u015fam\u0131 FET&Ouml;&rsquo;n&uuml;n darbe giri\u015fimiyle tescillenmi\u015fti. Peki, FET&Ouml;, TSK i&ccedil;erisinde bu kadar b&uuml;y&uuml;k bir yap\u0131ya hangi yol ve y&ouml;ntemlerle eri\u015fmi\u015fti? FET&Ouml;, yurti&ccedil;i ve yurtd\u0131\u015f\u0131nda grubun g&ouml;r&uuml;\u015fleri do\u011frultusunda yay\u0131n yapt\u0131\u011f\u0131 tespit edilebilen 5 gazete, 30 dergi, 12 televizyon, 17 radyo vas\u0131tas\u0131yla taban geni\u015fletme ve propaganda gayretlerini s&uuml;rd&uuml;rmekteydi.<\/span><\/strong><\/p>\n<p style=\"margin-bottom: 0.0001pt; text-align: justify; text-indent: 1cm; line-height: 16pt;\"><strong><span style=\"font-size: 14pt; font-family: 'Arial', sans-serif;\">FET&Ouml;&rsquo;n&uuml;n finans kaynaklar\u0131<\/span><\/strong><\/p>\n<p style=\"margin-bottom: 0.0001pt; text-align: justify; text-indent: 1cm; line-height: 16pt;\"><span style=\"font-size: 12pt; font-family: 'Arial', sans-serif;\">F. G&uuml;len h\u0131yanet \u015febekesi; ba\u015fta yurti&ccedil;i ve yurtd\u0131\u015f\u0131nda olu\u015fturdu\u011fu ticari i\u015fletmelerden elde etti\u011fi gelir yan\u0131nda, mensuplar\u0131ndan <em>&lsquo;Himmet&rsquo;<\/em> ad\u0131 alt\u0131nda toplad\u0131\u011f\u0131 maddi kaynaklar ile &ccedil;ok &ouml;nemli bir maddi g&uuml;ce sahipti. Bu &ccedil;er&ccedil;evede s&ouml;z konusu gruba ait oldu\u011fu tespit edilebilen ve baz\u0131lar\u0131 &ccedil;ok b&uuml;y&uuml;k &ouml;l&ccedil;ekli olarak faaliyet g&ouml;steren 695 ticari kurulu\u015fa sahip oldu\u011fu belirlenmi\u015fti. Ayr\u0131ca s&ouml;z konusu unsurlar\u0131n &ouml;zellikle g\u0131da ve tekstil gibi t&uuml;ketimi ve sermaye geri d&ouml;n&uuml;\u015f&uuml;m&uuml; h\u0131zl\u0131 olan sekt&ouml;rleri tercih etti\u011fi, kendilerine ait ticari i\u015fletmeleri ayn\u0131 zamanda bir istihdam yaratma alan\u0131 olarak g&ouml;rd&uuml;kleri, b&ouml;ylece hem taban geni\u015fletip hem de elde ettikleri gelirlerin &ouml;nemli bir b&ouml;l&uuml;m&uuml;n&uuml; kendi g&ouml;r&uuml;\u015fleri do\u011frultusunda faaliyet g&ouml;steren kurum ve kurulu\u015flar\u0131n geli\u015ftirilerek etkinlik alan\u0131n\u0131 geni\u015fletmek maksad\u0131yla kulland\u0131klar\u0131 belirlenmi\u015fti.<\/span><\/p>\n<p style=\"margin-bottom: 0.0001pt; text-align: justify; text-indent: 1cm; line-height: 16pt;\"><strong><span style=\"font-size: 14pt; font-family: 'Arial', sans-serif;\">FET&Ouml;&rsquo;n&uuml;n &ouml;nemli yurtd\u0131\u015f\u0131 yap\u0131lanmalar\u0131 ve yabanc\u0131lar\u0131n kolayl\u0131k sa\u011flamalar\u0131, <\/span><\/strong><strong><span style=\"font-size: 12pt; font-family: 'Arial', sans-serif;\">&lsquo;Dinler aras\u0131 Diyalog&rsquo; sapt\u0131rmacas\u0131 ve F. G&uuml;len&rsquo;in fig&uuml;ranl\u0131\u011f\u0131!<\/span><\/strong><span style=\"font-size: 14pt; font-family: 'Arial', sans-serif;\"> <\/span><\/p>\n<p style=\"margin-bottom: 0.0001pt; text-align: justify; text-indent: 1cm; line-height: 16pt;\"><span style=\"font-size: 12pt; font-family: 'Arial', sans-serif;\">F. G&uuml;len semavi dinlerin temsilcileriyle ba\u015flatt\u0131\u011f\u0131 diyalog vas\u0131tas\u0131yla &lsquo;D&uuml;nya Dinler Birli\u011fi&rsquo; adl\u0131 bir olu\u015fuma zemin haz\u0131rlamakta ve \u0130slam Dininin fiili ve resmi temsilcisi olmay\u0131 ama&ccedil;lamaktayd\u0131. Grup mensuplar\u0131 bu ama&ccedil;lar\u0131 do\u011frultusunda, ek&uuml;meniklik iddias\u0131 ile Lozan Antla\u015fmas\u0131&rsquo;n\u0131n ruhuna ayk\u0131r\u0131 tav\u0131rlar sergileyerek, &uuml;lkemiz aleyhinde faaliyet g&ouml;steren ba\u015fta Fener Rum Patri\u011fi olmak &uuml;zere di\u011fer dinlerin temsilcileri ile &ccedil;e\u015fitli platformlarda bir araya gelip bu gruplar\u0131n deste\u011fini sa\u011flamaya &ccedil;al\u0131\u015fmaktayd\u0131. Zaman i&ccedil;inde &ccedil;e\u015fitli kesimlerin s&ouml;z konusu gruba ve bu grubun lideri F. G&uuml;len&rsquo;e yakla\u015f\u0131m\u0131 daha \u0131l\u0131ml\u0131 olmu\u015f, F. G&uuml;len&rsquo;in Zaman gazetesine yapt\u0131\u011f\u0131 a&ccedil;\u0131klamalarla ilgili reklamlar TRT&rsquo;de dahi yay\u0131nlanmaya ba\u015flanm\u0131\u015f, s&ouml;z konusu gruba ait Gazeteciler ve Yazarlar Vakf\u0131&rsquo;n\u0131n 19-20 Nisan 2004 tarihleri aras\u0131nda ABD Washington&rsquo;da d&uuml;zenledi\u011fi <\/span><strong><em><span style=\"font-size: 14pt; font-family: 'Arial', sans-serif;\">&lsquo;\u0130slam, Demokrasi ve Laiklik: T&uuml;rkiye Deneyimi&rsquo;<\/span><\/em><\/strong><span style=\"font-size: 12pt; font-family: 'Arial', sans-serif;\"> konulu Abant Platformu&rsquo;na kat\u0131lan farkl\u0131 d&uuml;nya g&ouml;r&uuml;\u015f&uuml;ne sahip \u015fah\u0131slar\u0131n say\u0131s\u0131 giderek artm\u0131\u015ft\u0131.<\/span><\/p>\n<p style=\"margin-bottom: 0.0001pt; text-align: justify; text-indent: 1cm; line-height: 16pt;\"><span style=\"font-size: 12pt; font-family: 'Arial', sans-serif;\">Ayr\u0131ca ABD&rsquo;nin, B&uuml;y&uuml;k Ortado\u011fu Projesi (BOP) kapsam\u0131nda model aray\u0131\u015flar\u0131nda oldu\u011fu malumlar\u0131d\u0131r. Bu kapsamda F. G&uuml;len&rsquo;in Zaman gazetesinde yay\u0131mlanan r&ouml;portaj\u0131nda, kendisine ABD&rsquo;li g&ouml;revlilerce sorulan <strong><em>&lsquo;\u0130\u015fgalden sonra Irak&rsquo;ta nas\u0131l bir idare olsa makul olur?&rsquo;<\/em><\/strong> sorusunu, <strong><em>&lsquo;Irak&rsquo;ta &ouml;yle bir demokrasi kurun ki T&uuml;rkiye&rsquo;den ileri olsun, T&uuml;rkiye&rsquo;ye imrenmesinler&#8230; M&uuml;sl&uuml;manlara &ouml;yle m&uuml;samahal\u0131 olun ki \u0130ran&rsquo;a imrenmesinler&#8230;&rsquo;<\/em><\/strong> \u015feklinde yan\u0131tlam\u0131\u015ft\u0131.<\/span><\/p>\n<p style=\"margin-bottom: 0.0001pt; text-align: justify; text-indent: 1cm; line-height: 16pt;\"><strong><span style=\"font-size: 14pt; font-family: 'Arial', sans-serif;\">Genelkurmay&rsquo;\u0131n &ouml;nemli saptamalar\u0131 ve uyar\u0131lar\u0131!<\/span><\/strong><\/p>\n<p style=\"margin-bottom: 0.0001pt; text-align: justify; text-indent: 1cm; line-height: 16pt;\"><strong><em><span style=\"font-size: 12pt; font-family: 'Arial', sans-serif;\">&ldquo;F. G&uuml;len \u0130rticai Grubu&rsquo;nun, T&uuml;rkiye&rsquo;nin sosyal, siyasal ve ekonomik ko\u015fullar\u0131na paralel olarak, yak\u0131n gelecekte en &ouml;nemli dini grup olma &ouml;zelli\u011fini devam ettirece\u011fi, ABD&rsquo;de d&uuml;zenledi\u011fi &lsquo;Abant Platformu&rsquo; benzeri organizasyonlarla T&uuml;rkiye&rsquo;de kabul g&ouml;rmeye, ABD&rsquo;de ise BOP&rsquo;ta \u0131l\u0131ml\u0131 \u0130slam i&ccedil;in kendi Nurculuk hareketlerinin ideal bir &ouml;rnek oldu\u011funu g&ouml;stermeye y&ouml;nelik faaliyetlerini art\u0131rarak s&uuml;rd&uuml;rece\u011fi sezilmektedir. Bu &ccedil;er&ccedil;evede, 1980&rsquo;li y\u0131llarla birlikte ABD taraf\u0131ndan &lsquo;Ye\u015fil Ku\u015fak&rsquo; teorisi kapsam\u0131nda Sosyalist Blok&rsquo;un g&uuml;neyden \u0130slami bir ku\u015fak ile &ccedil;evrilmeye &ccedil;al\u0131\u015f\u0131ld\u0131\u011f\u0131, g&uuml;n&uuml;m&uuml;zde ortaya at\u0131lan BOP&rsquo;un ise baz\u0131 Afrika ve Asya &uuml;lkelerini de kapsamakla birlikte ayn\u0131 teori &uuml;zerine yap\u0131land\u0131r\u0131ld\u0131\u011f\u0131 g&ouml;z &ouml;n&uuml;ne al\u0131nd\u0131\u011f\u0131nda, Fetullah G&uuml;len&rsquo;in bu projenin ama&ccedil;lar\u0131 do\u011frultusunda <\/span><\/em><\/strong><strong><em><span style=\"font-size: 14pt; font-family: 'Arial', sans-serif;\">Il\u0131ml\u0131 \u0130slam <\/span><\/em><\/strong><strong><em><span style=\"font-size: 12pt; font-family: 'Arial', sans-serif;\">i&ccedil;in bir &ouml;rnek kabul edilerek desteklenece\u011fi, &uuml;st y&ouml;netiminin ABD&rsquo;de d&uuml;zenlenen Abant Toplant\u0131s\u0131n\u0131 ba\u015far\u0131l\u0131 bulup <\/span><\/em><\/strong><strong><em><span style=\"font-size: 14pt; font-family: 'Arial', sans-serif;\">&lsquo;Il\u0131ml\u0131 \u0130slam&rsquo; <\/span><\/em><\/strong><strong><em><span style=\"font-size: 12pt; font-family: 'Arial', sans-serif;\">kavram\u0131n\u0131n destek g&ouml;rmesi ve kendilerine di\u011fer radikal dini yakla\u015f\u0131mlara nazaran daha sempati ile bak\u0131lmas\u0131n\u0131 f\u0131rsat bilerek bundan sonraki Abant Toplant\u0131lar\u0131n\u0131n &ouml;ncelikle Br&uuml;ksel, m&uuml;teakiben Moskova&rsquo;da d&uuml;zenlenmesi y&ouml;n&uuml;nde karar almak suretiyle ABD&rsquo;nin yan\u0131nda AB ve Rusya&rsquo;n\u0131n da deste\u011fini sa\u011flamaya y&ouml;nelece\u011fi d&uuml;\u015f&uuml;n&uuml;lmektedir. Kendisiyle ba\u011flant\u0131l\u0131 \u015firketlerin ekonomik a&ccedil;\u0131dan mutlaka d\u0131\u015fa a&ccedil;\u0131lmalar\u0131n\u0131 sa\u011flayarak, yabanc\u0131 ortakl\u0131klar kurmak suretiyle T&uuml;rkiye&rsquo;nin d\u0131\u015far\u0131dan ku\u015fat\u0131lmas\u0131n\u0131 ve herhangi bir \u015fekilde faaliyetlerinin engellenmesine y&ouml;nelik geli\u015fmeleri &ouml;nlemeyi ama&ccedil;lad\u0131\u011f\u0131 de\u011ferlendirilmektedir.<\/span><\/em><\/strong><\/p>\n<p style=\"margin-bottom: 0.0001pt; text-align: justify; text-indent: 1cm; line-height: 16pt;\"><strong><em><span style=\"font-size: 12pt; font-family: 'Arial', sans-serif;\">Bunun yan\u0131nda, &ouml;zellikle son d&ouml;nemde ABD ve Avrupa&rsquo;da &lsquo;Kemalizm&rsquo;in ask\u0131ya al\u0131nd\u0131\u011f\u0131, T&uuml;rkiye&rsquo;deki laiklik anlay\u0131\u015f\u0131n\u0131n i\u015flevsiz kald\u0131\u011f\u0131, T&uuml;rkiye i&ccedil;in en iyi y&ouml;netimin Il\u0131ml\u0131 \u0130slam oldu\u011fu y&ouml;n&uuml;nde g&uuml;ndeme getirilen fikirlere ve ABD D\u0131\u015fi\u015fleri Bakan\u0131&rsquo;n\u0131n bile sonradan yanl\u0131\u015f anla\u015f\u0131ld\u0131\u011f\u0131n\u0131 belirtse de T&uuml;rkiye&rsquo;yi bir \u0130slam Devleti olarak nitelendirmesi g&ouml;z &ouml;n&uuml;ne al\u0131nd\u0131\u011f\u0131nda, BOP kapsam\u0131nda kilit bir yere sahip olan T&uuml;rkiye a&ccedil;\u0131s\u0131ndan, \u0130ran&rsquo;da \u015fartlar haz\u0131rland\u0131ktan sonra Humeyni&rsquo;nin d&ouml;n&uuml;\u015f&uuml;n&uuml;n sa\u011flanmas\u0131na benzer bir rol&uuml;n Fetullah G&uuml;len i&ccedil;in de planlanm\u0131\u015f olabilece\u011fi, ABD D\u0131\u015fi\u015fleri Bakan\u0131n\u0131n &lsquo;T&uuml;rkiye \u0130slam Cumhuriyetidir&#8230;&rsquo; y&ouml;n&uuml;ndeki ifadesinin bir ABD politikas\u0131 olmas\u0131 durumunda BOP kapsam\u0131nda T&uuml;rkiye&rsquo;ye bi&ccedil;ilmeye &ccedil;al\u0131\u015f\u0131lan bu rol ile g&uuml;ndeme getirilen &lsquo;Il\u0131ml\u0131 \u0130slam&rsquo; anlay\u0131\u015f\u0131n\u0131n mevcut din ve devlet anlay\u0131\u015f\u0131 ile ba\u011fda\u015fmay\u0131p, b&uuml;y&uuml;k &ccedil;eli\u015fkiler ta\u015f\u0131d\u0131\u011f\u0131 k\u0131ymetlendirilmektedir. Bu geli\u015fmeler paralelinde mevcut sistemle bar\u0131\u015f\u0131k g&ouml;r&uuml;nerek, devletin t&uuml;m kademelerinde kadrola\u015f\u0131p, sistemi i&ccedil;ten i&ccedil;e ele ge&ccedil;irmek suretiyle laik, demokratik, sosyal hukuk devletini y\u0131karak, yerine dini esaslara dayal\u0131 bir devlet d&uuml;zenini kurma amac\u0131n\u0131 ger&ccedil;ekle\u015ftirmek y&ouml;n&uuml;ndeki faaliyetlerini hi&ccedil;bir &ouml;nlem al\u0131nmad\u0131\u011f\u0131 takdirde art\u0131rarak devam ettirece\u011fi de\u011ferlendirilmektedir.&rdquo;<\/span><\/em><\/strong><\/p>\n<p style=\"margin-bottom: 0.0001pt; text-align: justify; text-indent: 1cm; line-height: 16pt;\"><strong><span style=\"font-size: 12pt; font-family: 'Arial', sans-serif;\">Nedim \u015eener&rsquo;in dikkat &ccedil;ekti\u011fi gibi: Genelkurmay&rsquo;\u0131n MGK&rsquo;daki sunumu, F. G&uuml;len Grubu&rsquo;nun en b&uuml;y&uuml;k ve en kalabal\u0131k &ldquo;irticai&rdquo; grup oldu\u011fundan ba\u015fl\u0131yor, ABD g&uuml;d&uuml;m&uuml;nde &ldquo;Il\u0131ml\u0131 \u0130slam&rdquo; projesinin s&ouml;zc&uuml;s&uuml; olaca\u011f\u0131yla bitiyordu. Bu ba\u015fl\u0131 ba\u015f\u0131na &ccedil;eli\u015fki olu\u015fturuyordu. &Ccedil;&uuml;nk&uuml; FET&Ouml;&rsquo;n&uuml;n, Milli E\u011fitim&rsquo;de, Emniyet&rsquo;te hatta TSK&rsquo;da kadrola\u015fma amac\u0131nda oldu\u011fu, <\/span><\/strong><strong><em><span style=\"font-size: 12pt; font-family: 'Arial', sans-serif;\">&ldquo;devlete paralel bir yap\u0131lanma&rdquo;, &ldquo;devlet i&ccedil;inde devlet&rdquo;<\/span><\/em><\/strong><strong><span style=\"font-size: 12pt; font-family: 'Arial', sans-serif;\"> haline geldi\u011fi, i\u015f d&uuml;nyas\u0131nda 695 b&uuml;y&uuml;k \u015firket, 145 dernek, 190 vak\u0131f, 282 okul, 217 dershane, 5 gazete, 30 dergi, 12 televizyon, 17 radyo sahibi oldu\u011fu tespit edilmi\u015fse, ortada bir &ldquo;irticai&rdquo; grup de\u011fil bamba\u015fka ama&ccedil;lar\u0131 olan bir &ouml;rg&uuml;t oldu\u011funu anlamak gerekiyordu. Hi&ccedil;bir &ldquo;irticai&rdquo; &ouml;rg&uuml;t bu yap\u0131lanman\u0131n tamam\u0131na birden sahip olamazd\u0131. Buna g&ouml;re FET&Ouml; i&ccedil;in &ldquo;irticai yap\u0131&rdquo; demek ya bilgisizlikten ya da hedef \u015fa\u015f\u0131rtmaktan ba\u015fka i\u015fe yaramazd\u0131. Zaten 15 Temmuz darbe giri\u015fiminden sonra FET&Ouml; ile ilgili baz\u0131 tart\u0131\u015fmalar\u0131n, din, inan&ccedil;, tarikat, cemaat gibi kavramlarla tart\u0131\u015f\u0131lmas\u0131 en b&uuml;y&uuml;k hatayd\u0131. &Ccedil;&uuml;nk&uuml; kar\u015f\u0131m\u0131zda kurulu\u015fundan itibaren devletin imk&acirc;nlar\u0131n\u0131 ele ge&ccedil;irmeye &ccedil;al\u0131\u015fan yabanc\u0131 istihbarat kurulu\u015flar\u0131n\u0131n emrinde bir &ouml;rg&uuml;t yap\u0131lanmas\u0131 vard\u0131. Genelkurmay Ba\u015fkanl\u0131\u011f\u0131 ve M\u0130T&rsquo;in 24 Haziran 2004 tarihli MGK&rsquo;da yapt\u0131\u011f\u0131 bu sunumdan iki ay sonra konu, 25 A\u011fustos 2004 tarihinde yine Cumhurba\u015fkan\u0131 Ahmet Necdet Sezer ba\u015fkanl\u0131\u011f\u0131ndaki toplant\u0131da ele al\u0131nm\u0131\u015ft\u0131.<\/span><\/strong><\/p>\n<p style=\"margin-bottom: 0.0001pt; text-align: justify; text-indent: 1cm; line-height: 16pt;\"><strong><span style=\"font-size: 12pt; font-family: 'Arial', sans-serif;\">MGK \u015fu karara varm\u0131\u015ft\u0131:<\/span><\/strong><\/p>\n<p style=\"margin-bottom: 0.0001pt; text-align: justify; text-indent: 1cm; line-height: 16pt;\"><strong><em><span style=\"font-size: 12pt; font-family: 'Arial', sans-serif;\">&ldquo;Kurulun bu toplant\u0131s\u0131nda, 24 Haziran 2004 tarihli MGK Toplant\u0131s\u0131n\u0131n g&uuml;ndem konular\u0131ndan biri olan &lsquo;T&uuml;rkiye&rsquo;de Nurculuk Faaliyetleri ve Fetullah G&uuml;len&rsquo; konusu g&uuml;ndeme gelmi\u015f, yurti&ccedil;i ve yurtd\u0131\u015f\u0131 faaliyetlerine kar\u015f\u0131 bir eylem plan\u0131 haz\u0131rlanmas\u0131 uygun g&ouml;r&uuml;lm&uuml;\u015f ve bu konudaki tavsiye karar\u0131n\u0131n H&uuml;k&uuml;met&rsquo;e bildirilmesine karar verilmi\u015ftir.&rdquo;<\/span><\/em><\/strong><\/p>\n<p style=\"margin-bottom: 0.0001pt; text-align: justify; text-indent: 1cm; line-height: 16pt;\"><strong><span style=\"font-size: 12pt; font-family: 'Arial', sans-serif;\">Tavsiye karar\u0131n\u0131n alt\u0131nda Cumhurba\u015fkan\u0131 Sezer&rsquo;in yan\u0131nda, Ba\u015fbakan Recep Tayyip Erdo\u011fan, Genelkurmay Ba\u015fkan\u0131 Hilmi &Ouml;zk&ouml;k ile birlikte MGK &uuml;yesi bakanlar ile Kuvvet komutanlar\u0131n\u0131n imzas\u0131 yer alm\u0131\u015ft\u0131.<\/span><\/strong><\/p>\n<p style=\"margin-bottom: 0.0001pt; text-align: justify; text-indent: 1cm; line-height: 16pt;\"><strong><span style=\"font-size: 12pt; font-family: 'Arial', sans-serif;\">Sonra Ne Oldu?<\/span><\/strong><\/p>\n<p style=\"margin-bottom: 0.0001pt; text-align: justify; text-indent: 1cm; line-height: 16pt;\"><span style=\"font-size: 12pt; font-family: 'Arial', sans-serif;\">25 A\u011fustos 2004 tarihli MGK&rsquo;da al\u0131nm\u0131\u015f tavsiye karar\u0131, Bakanlar Kurulu&rsquo;nda g&ouml;r&uuml;\u015f&uuml;lerek, <strong><em>&ldquo;&ouml;nlemler al\u0131nmas\u0131na y&ouml;nelik karara d&ouml;n&uuml;\u015fmesi i&ccedil;in&rdquo;<\/em><\/strong> Ba\u015fbakanl\u0131\u011fa yollanm\u0131\u015ft\u0131. Ayn\u0131 yazar, 15 Temmuz darbe giri\u015fiminin y\u0131ld&ouml;n&uuml;m&uuml;nde, 2017 y\u0131l\u0131nda Posta gazetesinde <strong><em>&ldquo;Te\u015fhis Kanser, \u0130la&ccedil; Aspirin&rdquo;<\/em><\/strong> ba\u015fl\u0131\u011f\u0131yla bu konuda \u015funlar\u0131 yazm\u0131\u015ft\u0131:<\/span><\/p>\n<p style=\"margin-bottom: 0.0001pt; text-align: justify; text-indent: 1cm; line-height: 16pt;\"><strong><em><span style=\"font-size: 12pt; font-family: 'Arial', sans-serif;\">&ldquo;FET&Ouml;&#8217;n&uuml;n devlet i&ccedil;indeki yap\u0131lanmas\u0131na dair tart\u0131\u015fmalarda s\u0131k s\u0131k M\u0130T ve Genelkurmay&rsquo;\u0131n 24 Haziran 2004 tarihli MGK toplant\u0131s\u0131nda sunduklar\u0131 ve benim 25 Ekim 2016&rsquo;da TBMM&rsquo;de kurulan &lsquo;FET&Ouml;&rsquo;n&uuml;n Darbe Giri\u015fimi Ara\u015ft\u0131rma Komisyonu&rsquo;na verdi\u011fim <\/span><\/em><\/strong><strong><em><span style=\"font-size: 12pt; font-family: 'Arial', sans-serif;\">&lsquo;Fetullah G&uuml;len ve Faaliyetleri&#8217; <\/span><\/em><\/strong><strong><em><span style=\"font-size: 12pt; font-family: 'Arial', sans-serif;\">konulu raporlar g&uuml;ndeme geliyor. Genelkurmay ve M\u0130T&#8217;in sunumlar\u0131ndan iki ay sonra, 2004 y\u0131l\u0131 A\u011fustos ay\u0131nda MGK&#8217;da, o zaman ad\u0131 &lsquo;Cemaat&#8217; olan FET&Ouml;&#8217;n&uuml;n faaliyetlerinin denetlenmesi hakk\u0131nda tavsiye karar\u0131 al\u0131nd\u0131.<\/span><\/em><\/strong><\/p>\n<p style=\"margin-bottom: 0.0001pt; text-align: justify; text-indent: 1cm; line-height: 16pt;\"><span style=\"font-size: 12pt; font-family: 'Arial', sans-serif;\">Burada &ouml;nemli bir ayr\u0131nt\u0131 vard\u0131: M\u0130T ve Genelkurmay&rsquo;\u0131n do\u011fru te\u015fhislerine ra\u011fmen iki ay sonra MGK&rsquo;da karara ba\u011flanan &ccedil;&ouml;z&uuml;m &ouml;nerileri b&uuml;y&uuml;k tehlikeyi yok edici nitelikte de\u011fildi. Her iki kurum o tarihte &lsquo;Cemaat&#8217; diye adland\u0131r\u0131lan ama &lsquo;devlete paralel bir yap\u0131lanma&rsquo;, &lsquo;devlet i&ccedil;inde devlet&#8217; dedikleri FET&Ouml;&#8217;n&uuml;n \u0130&ccedil;i\u015fleri, D\u0131\u015fi\u015fleri, Yarg\u0131 ve Emniyet hatta TSK i&ccedil;inde &ouml;rg&uuml;tl&uuml; olduklar\u0131n\u0131 bildirmesine ra\u011fmen 25 A\u011fustos 2004 tarihli MGK&#8217;da al\u0131nan kararlar, FET&Ouml;&#8217;y&uuml; &ouml;nlemek ve tasfiyeye de\u011fil, yaln\u0131zca izlemeye y&ouml;nelikti. \u0130\u015fte size birka&ccedil; &ouml;rnek:<\/span><\/p>\n<p style=\"margin-bottom: 0.0001pt; text-align: justify; text-indent: 1cm; line-height: 16pt;\"><strong><em><span style=\"font-size: 12pt; font-family: 'Arial', sans-serif;\">F. G&uuml;len Grubu&rsquo;nun yurti&ccedil;i ve yurtd\u0131\u015f\u0131 faaliyetleri, Ba\u015fbakanl\u0131k koordinesinde \u0130&ccedil;i\u015fleri Bakanl\u0131\u011f\u0131, D\u0131\u015fi\u015fleri Bakanl\u0131\u011f\u0131, M\u0130T M&uuml;ste\u015farl\u0131\u011f\u0131 ve ilgili kurumlar arac\u0131l\u0131\u011f\u0131 ile yak\u0131ndan takip edilmelidir. Yurtd\u0131\u015f\u0131nda g&ouml;revli memurlar\u0131 arac\u0131l\u0131\u011f\u0131 ile F. G&uuml;len Grubu yak\u0131ndan takip edilmeli, gerekiyorsa D\u0131\u015fi\u015fleri Bakanl\u0131\u011f\u0131 taraf\u0131ndan ilave tedbirler geli\u015ftirilmelidir.<\/span><\/em><\/strong><\/p>\n<p style=\"margin-bottom: 0.0001pt; text-align: justify; text-indent: 1cm; line-height: 16pt;\"><strong><em><span style=\"font-size: 12pt; font-family: 'Arial', sans-serif;\">F. G&uuml;len Grubuna ait &ouml;zel okullar\u0131n faaliyetleri, \u0130&ccedil;i\u015fleri Bakanl\u0131\u011f\u0131 ve Milli E\u011fitim Bakanl\u0131\u011f\u0131 taraf\u0131ndan incelenmeli ve takibe al\u0131nmal\u0131d\u0131r. Okullardaki \u015f&uuml;pheli ve yasad\u0131\u015f\u0131 faaliyetler periyodik olarak Ba\u015fbakanl\u0131\u011fa rapor edilmeli.<\/span><\/em><\/strong><\/p>\n<p style=\"margin-bottom: 0.0001pt; text-align: justify; text-indent: 1cm; line-height: 16pt;\"><strong><em><span style=\"font-size: 12pt; font-family: 'Arial', sans-serif;\">F. G&uuml;len Grubunun &lsquo;&ouml;\u011frenci evleri&#8217; kapsam\u0131nda sempatizan ve yanda\u015f edinme gayretleri, \u0130&ccedil;i\u015fleri Bakanl\u0131\u011f\u0131 nezdinde dikkatle takip edilmelidir. Yasal olmayan yollar kullan\u0131larak din e\u011fitimi veren ve bir nevi dini alet ederek yanda\u015f toplama sistemi olan &ouml;\u011frenci evleri uygulamalar\u0131na engel olunmal\u0131d\u0131r. Yap\u0131lan ba\u011f\u0131\u015flar ile usuls&uuml;z para hareketleri ve kara para uygulamalar\u0131n\u0131n, Maliye Bakanl\u0131\u011f\u0131 Mali Su&ccedil;lar Ara\u015ft\u0131rma Kurulu (MASAK) arac\u0131l\u0131\u011f\u0131 ile takip edilmesi sa\u011flanmal\u0131d\u0131r.<\/span><\/em><\/strong><\/p>\n<p style=\"margin-bottom: 0.0001pt; text-align: justify; text-indent: 1cm; line-height: 16pt;\"><strong><span style=\"font-size: 12pt; font-family: 'Arial', sans-serif;\">Bu &ouml;nlemlerin aras\u0131nda siz, devletin t&uuml;m kadrolar\u0131na s\u0131zm\u0131\u015f, Emniyet, Yarg\u0131, D\u0131\u015fi\u015fleri, \u0130&ccedil;i\u015fleri hatta TSK i&ccedil;ine yerle\u015fmi\u015f kadrolar\u0131n tasfiyesine y&ouml;nelik bir &ouml;nlem g&ouml;r&uuml;yor musunuz? Elbette hay\u0131r&#8230; Bu &ouml;nlemler, devletin i&ccedil;indeki kanser h&uuml;cresi i&ccedil;in Aspirin tedavisinden ba\u015fka bir \u015fey de\u011fildi.&rdquo;<\/span><\/strong><\/p>\n<p style=\"margin-bottom: 0.0001pt; text-align: justify; text-indent: 1cm; line-height: 16pt;\"><strong><span style=\"font-size: 14pt; font-family: 'Arial', sans-serif;\">Bu karar bile rafa kald\u0131r\u0131lm\u0131\u015ft\u0131! <\/span><\/strong><\/p>\n<p style=\"margin-bottom: 0.0001pt; text-align: justify; text-indent: 1cm; line-height: 16pt;\"><strong><span style=\"font-size: 12pt; font-family: 'Arial', sans-serif;\">25 A\u011fustos 2004 tarihinde H&uuml;k&uuml;mete iletilmek &uuml;zere al\u0131nan tavsiye karar\u0131, Bakanlar Kurulu g&uuml;ndemine dahi al\u0131nmadan rafa kald\u0131r\u0131lm\u0131\u015ft\u0131. Karar\u0131 rafa kald\u0131ran ki\u015fi ise d&ouml;nemin Ba\u015fbakanl\u0131k M&uuml;ste\u015far\u0131 &Ouml;mer Din&ccedil;er&rsquo;di. Elbette d&ouml;nemin Ba\u015fbakan\u0131 Tayyip Erdo\u011fan&rsquo;\u0131n bilgisi dahilinde yap\u0131lm\u0131\u015ft\u0131. &Ouml;mer Din&ccedil;er bu konuda, kaleme ald\u0131\u011f\u0131 <\/span><\/strong><strong><em><span style=\"font-size: 14pt; font-family: 'Arial', sans-serif;\">&ldquo;T&uuml;rkiye&#8217;de De\u011fi\u015fim Yapmak Neden Bu Kadar Zor?&rdquo;<\/span><\/em><\/strong><strong><span style=\"font-size: 12pt; font-family: 'Arial', sans-serif;\"> isimli kitapta \u015funu yazm\u0131\u015ft\u0131:<\/span><\/strong><\/p>\n<p style=\"margin-bottom: 0.0001pt; text-align: justify; text-indent: 1cm; line-height: 16pt;\"><strong><em><span style=\"font-size: 12pt; font-family: 'Arial', sans-serif;\">&ldquo;MGK&rsquo;n\u0131n tavsiye karar\u0131 Ba\u015fbakanl\u0131\u011fa bildirildikten sonra konuyu Ba\u015fbakan\u0131m\u0131za a&ccedil;t\u0131m. Gelen yaz\u0131y\u0131 dosyas\u0131na kald\u0131rmaya karar verdik. Bu karar metni Bakanlar Kurulunda imzaya a&ccedil;\u0131lmad\u0131. Hakk\u0131nda hi&ccedil;bir i\u015flem yap\u0131lmad\u0131. Konudan MGK toplant\u0131s\u0131na kat\u0131lan bakanlar d\u0131\u015f\u0131nda kimsenin haberi olmad\u0131. B&uuml;t&uuml;n toplumsal ve siyasi riski h&uuml;k&uuml;met ad\u0131na Say\u0131n Ba\u015fbakan\u0131m\u0131z, hukuki riski ben &uuml;stlenmi\u015ftim.&rdquo;<\/span><\/em><\/strong><\/p>\n<p style=\"margin-bottom: 0.0001pt; text-align: justify; text-indent: 1cm; line-height: 16pt;\"><strong><span style=\"font-size: 12pt; font-family: 'Arial', sans-serif;\">FET&Ouml;&rsquo;n&uuml;n, 2013 Aral\u0131k ay\u0131na kadar b&uuml;y&uuml;mesinin arkas\u0131nda Adalet ve Kalk\u0131nma Partisi H&uuml;k&uuml;metinin o karar\u0131 rafa kald\u0131rmas\u0131n\u0131n etkisi vard\u0131. O karar\u0131n rafa kald\u0131r\u0131lmas\u0131 daha sonra do\u011frudan Cumhurba\u015fkan\u0131 Erdo\u011fan&rsquo;\u0131 hedef alan, 7 \u015eubat 2012 M\u0130T krizi, 17- 25 Aral\u0131k 2013 Operasyonlar\u0131, M\u0130T TIR&rsquo;lar\u0131n\u0131n durdurulmas\u0131 ile 15 Temmuz darbe giri\u015fimine giden s&uuml;recin de &ouml;n&uuml;n&uuml; a&ccedil;acakt\u0131. <\/span><\/strong><\/p>\n<p style=\"margin-bottom: 0.0001pt; text-align: justify; text-indent: 1cm; line-height: 16pt;\"><strong><span style=\"font-size: 14pt; font-family: 'Arial', sans-serif;\">FET&Ouml; Mahrem Yap\u0131lanmas\u0131&rsquo;n\u0131n siyasi sorumlular\u0131 ve tahribat ortakl\u0131klar\u0131!<\/span><\/strong><\/p>\n<p style=\"margin-bottom: 0.0001pt; text-align: justify; text-indent: 1cm; line-height: 16pt;\"><strong><span style=\"font-size: 14pt; font-family: 'Arial', sans-serif;\">&Ccedil;e\u015fitli yarg\u0131lamalara konu olmu\u015f ifadeler ve haz\u0131rlanan iddianamelerden derleyerek, &ldquo;Mahrem Yap\u0131lanma&rdquo;ya biraz daha derinlemesine bakmak laz\u0131md\u0131:<\/span><\/strong><\/p>\n<p style=\"margin-bottom: 0.0001pt; text-align: justify; text-indent: 1cm; line-height: 16pt;\"><strong><span style=\"font-size: 12pt; font-family: 'Arial', sans-serif;\">FET&Ouml;&rsquo;n&uuml;n &ldquo;Mahrem \u0130mam&rdquo; yap\u0131lanmas\u0131n\u0131n en &ouml;nemli halkas\u0131, TSK&rsquo;ya yerle\u015ftirilen subaylarla evlendirilen e\u015fleri olmaktayd\u0131.<\/span><\/strong><\/p>\n<p style=\"margin-bottom: 0.0001pt; text-align: justify; text-indent: 1cm; line-height: 16pt;\"><strong><span style=\"font-size: 12pt; font-family: 'Arial', sans-serif;\">G&uuml;n i&ccedil;inde &ccedil;al\u0131\u015ft\u0131\u011f\u0131 askeri kurumlarda ya da kararg&acirc;hlarda FET&Ouml;&rsquo;c&uuml; &ouml;rg&uuml;t &uuml;yelerini, di\u011fer &ouml;rg&uuml;t &uuml;yeleri takip ediyorlard\u0131. FET&Ouml;&rsquo;n&uuml;n kripto elemanlar\u0131 ayn\u0131 birlik i&ccedil;inde hatta ayn\u0131 odada bulunsalar bile birbirinin FET&Ouml; &uuml;yesi oldu\u011funu bilmeden y\u0131llarca &ccedil;al\u0131\u015f\u0131yorlard\u0131, &ouml;rg&uuml;t onlar\u0131n birbirini tan\u0131mas\u0131n\u0131 istedi\u011fi zaman, &ldquo;Mahrem \u0130mamlar&rdquo; &uuml;zerinden tan\u0131\u015f\u0131yorlard\u0131.<\/span><\/strong><\/p>\n<p style=\"margin-bottom: 0.0001pt; text-align: justify; text-indent: 1cm; line-height: 16pt;\"><strong><span style=\"font-size: 14pt; font-family: 'Arial', sans-serif;\">&ldquo;Mahrem \u0130mamlar&rdquo; yap\u0131lanmas\u0131 anla\u015f\u0131lmadan FET&Ouml;&rsquo;n&uuml;n tam &ccedil;&ouml;z&uuml;ld&uuml;\u011f&uuml;n&uuml; s&ouml;ylemek imk&acirc;ns\u0131zd\u0131!<\/span><\/strong><\/p>\n<p style=\"margin-bottom: 0.0001pt; text-align: justify; text-indent: 1cm; line-height: 16pt;\"><strong><em><span style=\"font-size: 12pt; font-family: 'Arial', sans-serif;\">&ldquo;FET&Ouml;&rsquo;n&uuml;n &ouml;zellikle kamu kurum ve kurulu\u015flar\u0131na s\u0131zma &ccedil;al\u0131\u015fmalar\u0131na b&uuml;y&uuml;k bir &ouml;nem verdi\u011fi, kamu kurumlar\u0131na s\u0131zma giri\u015fimlerini &ouml;ncelikle &ouml;\u011frencilik y\u0131llar\u0131nda temas kurulan gen&ccedil; kesim &uuml;zerinden y&uuml;r&uuml;tt&uuml;kleri, &ouml;\u011frencilik y\u0131llar\u0131nda ders &ccedil;al\u0131\u015ft\u0131rma bahanesiyle temas kurduklar\u0131 ba\u015far\u0131l\u0131 &ouml;\u011frencilerin bir kamu kurulu\u015funa yerle\u015ftirilinceye kadar takibinin bizzat &ldquo;Talebe \u0130mamlar\u0131&rdquo; taraf\u0131ndan ger&ccedil;ekle\u015ftirildi\u011fi, sonras\u0131nda ise bu kontrol&uuml;n ilgili kuruma, \u015fahs\u0131n konum ve durumuna g&ouml;re &ldquo;B&ouml;lge \u0130mam\u0131&rdquo;, &ldquo;\u0130l \u0130mam\u0131&rdquo; gibi sorumlulara b\u0131rak\u0131ld\u0131\u011f\u0131 bilinmektedir. Ancak &ouml;zellikle Emniyet, Yarg\u0131, M\u0130T, TSK gibi kritik kamu kurulu\u015flar\u0131na s\u0131zma giri\u015fimleri biraz daha gizlilik i&ccedil;erisinde y&uuml;r&uuml;t&uuml;lmekte, bu kurumlar\u0131 ele ge&ccedil;irmek i&ccedil;in t&uuml;m &ccedil;al\u0131\u015fmalar\u0131n mahrem i\u015fleri takip edenler grubu (&Ouml;zel Hizmet Birimi) i&ccedil;erisindeki &lsquo;Kurum \u0130mamlar\u0131&#8217; taraf\u0131ndan y&uuml;r&uuml;t&uuml;lmektedir.<\/span><\/em><\/strong><\/p>\n<p style=\"margin-bottom: 0.0001pt; text-align: justify; text-indent: 1cm; line-height: 16pt;\"><strong><em><span style=\"font-size: 12pt; font-family: 'Arial', sans-serif;\">Fetullah G&uuml;len, \u0130sti\u015fare Heyeti&#8217; ve &lsquo;Mollalar&#8217; haricinde &lsquo;&Ouml;zel Hizmet Birimi&rsquo; olarak adland\u0131r\u0131lan ve mahrem i\u015flerini yapt\u0131rd\u0131\u011f\u0131 \u015fah\u0131slarla bire bir g&ouml;r&uuml;\u015fmekte, bu &ouml;rg&uuml;t mensuplar\u0131na talimatlar\u0131 bizzat kendisi de verebilmekte, talimat\u0131 alan &ouml;rg&uuml;t mensubu ise &uuml;zerinde &ccedil;al\u0131\u015ft\u0131\u011f\u0131 konu hakk\u0131nda, bitti\u011finde do\u011frudan G&uuml;len ile irtibata ge&ccedil;erek bilgi aktarabilmektedir. &Ouml;zel Hizmet Birimi, &ouml;rg&uuml;t&uuml;n hatta bizzat G&uuml;len&rsquo;in en &ccedil;ok &ouml;nemsedi\u011fi ve de\u011fer verdi\u011fi birim olarak bilinmektedir. &Ouml;rg&uuml;t&uuml;n bir nevi omurgas\u0131n\u0131 olu\u015fturan ve g&uuml;n&uuml;m&uuml;z itibariyle &ouml;rg&uuml;te elde etti\u011fi konumu kazand\u0131ran birimdir. Bu birim Yarg\u0131, Emniyet, M&uuml;lkiye, TSK, M\u0130T ve Milli E\u011fitim imamlar\u0131ndan (birim sorumlular\u0131ndan) olu\u015fmakta, &ouml;rg&uuml;t as\u0131l g&uuml;c&uuml;n&uuml; bu birimden almakta, y&uuml;r&uuml;t&uuml;len operasyonlar ba\u015fta olmak &uuml;zere hemen hemen t&uuml;m faaliyetler bu birimler arac\u0131l\u0131\u011f\u0131yla s&uuml;rd&uuml;r&uuml;lmektedir. &Ouml;rg&uuml;t&uuml;n b&uuml;y&uuml;k &ouml;nem verdi\u011fi bu birim, &lsquo;Mahrem Hizmetler Birimi&rsquo; olarak da bilinmektedir. Yapm\u0131\u015f olduklar\u0131 i\u015fleri son derece gizlilik i&ccedil;erisinde y&uuml;r&uuml;tt&uuml;kleri ve &ouml;zellikle bu birim i&ccedil;erisinde faaliyet g&ouml;steren t&uuml;m &ouml;rg&uuml;t mensuplar\u0131n\u0131n kod isim kulland\u0131klar\u0131 ve ger&ccedil;ek kimliklerini saklad\u0131klar\u0131 tespit edilmi\u015ftir.<\/span><\/em><\/strong><\/p>\n<p style=\"margin-bottom: 0.0001pt; text-align: justify; text-indent: 1cm; line-height: 16pt;\"><strong><em><span style=\"font-size: 12pt; font-family: 'Arial', sans-serif;\">Her birim kendi i&ccedil;erisinde h&uuml;cresel bir yap\u0131lanmaya sahip olup, bir &ouml;rg&uuml;t mensubu en fazla bir &uuml;st sorumlusunu ve bir alt\u0131nda bulunan &ouml;rg&uuml;t mensubunu tan\u0131yabilir. Bu uygulama, &ouml;rg&uuml;t ad\u0131na faaliyet g&ouml;steren sorumlu d&uuml;zeydeki &ouml;rg&uuml;t mensuplar\u0131n\u0131n de\u015fifre edilmesini engellemek amac\u0131yla &ouml;nemlidir. &Ouml;rg&uuml;t&uuml;n 1980&rsquo;li y\u0131llardan sonra TSK&rsquo;y\u0131 hedef ald\u0131\u011f\u0131 ve bu y&ouml;nde &ccedil;al\u0131\u015fmalar\u0131n\u0131 h\u0131zland\u0131rd\u0131\u011f\u0131, &ouml;zellikle zeki ve fakir &ouml;\u011frencilerin tespit edildi\u011fi ve bunlar\u0131n askeri liselere girmelerinin sa\u011fland\u0131\u011f\u0131, Deniz, Kara ve Hava Harp okullar\u0131na e\u015fit bir \u015fekilde &ouml;\u011frenci yerle\u015ftirmeye &ccedil;al\u0131\u015ft\u0131\u011f\u0131, &ouml;rg&uuml;t taraf\u0131ndan askeri liselerden ziyade sivil liselerden gelen &ouml;\u011frencilerin Harp okullar\u0131na girmelerinin sa\u011fland\u0131\u011f\u0131 tespit edilmi\u015ftir.&rdquo;[1]<\/span><\/em><\/strong><\/p>\n<p>&nbsp;<\/p>\n<p style=\"margin-bottom: 0.0001pt; text-align: justify; text-indent: 1cm; line-height: 16pt;\"><strong><span style=\"font-size: 12pt; font-family: 'Arial', sans-serif;\"><\/span><\/strong><\/p>\n<p><strong>Bu makaleyi sesli olarak dinleyebilirsiniz:<\/strong><\/p>\n<p><span style=\"text-align: center;\">{mp3}FetoculerinAhmetAkguluEtkisizlestirme2{\/mp3}<\/span>&nbsp;<\/p>\n<p>&nbsp;<\/p>\n<p>&nbsp;<\/p>\n<hr style=\"text-align: left;\" size=\"1\" width=\"33%\" \/>\n<p><a href=\"#ftnref1\" id=\"ftn1\" style=\"vertical-align: super;\">[1]<\/a><span style=\"font-size: 9pt; font-family: 'Arial', sans-serif;\"> Bak: Kahraman Hainler, sh: 331, Destek yy. Nedim \u015eener<\/span><\/p>\n","protected":false},"excerpt":{"rendered":"<p>&ldquo;FET&Ouml;&rdquo;c&uuml;lerin AKP iktidar\u0131yla kol kola bulunduklar\u0131 ve en g&uuml;&ccedil;l&uuml; olduklar\u0131 s&uuml;re&ccedil;te, Milli &Ccedil;&ouml;z&uuml;m Dergisi&rsquo;ni nas\u0131l an be an takip ettiklerinin ve AHMET AKG&Uuml;L&rsquo;&Uuml; ETK\u0130S\u0130ZLE\u015eT\u0130RME G\u0130R\u0130\u015e\u0130MLER\u0130N\u0130N RESM\u0130 VES\u0130KASIDIR! &nbsp;&nbsp;&nbsp;&nbsp; FET&Ouml;&rsquo;c&uuml;lerin &uuml;ss&uuml; say\u0131lan ve \u015fimdi kapat\u0131lm\u0131\u015f olan Fatih &Uuml;niversitesi&rsquo;nin, 2011 y\u0131l\u0131nda Sosyal Bilimler Enstit&uuml;s&uuml; taraf\u0131ndan &ccedil;\u0131kard\u0131\u011f\u0131 ve Milli &Ccedil;&ouml;z&uuml;m Dergisi yaz\u0131lar\u0131n\u0131n kendileri i&ccedil;in en b&uuml;y&uuml;k tehlike say\u0131ld\u0131\u011f\u0131: [&hellip;]<\/p>\n","protected":false},"author":74,"featured_media":0,"comment_status":"open","ping_status":"closed","sticky":false,"template":"","format":"standard","meta":{"footnotes":""},"categories":[216],"tags":[],"class_list":["post-4894","post","type-post","status-publish","format-standard","hentry","category-eylul-2018"],"_links":{"self":[{"href":"https:\/\/www.millicozum.com\/mc\/wp-json\/wp\/v2\/posts\/4894","targetHints":{"allow":["GET"]}}],"collection":[{"href":"https:\/\/www.millicozum.com\/mc\/wp-json\/wp\/v2\/posts"}],"about":[{"href":"https:\/\/www.millicozum.com\/mc\/wp-json\/wp\/v2\/types\/post"}],"author":[{"embeddable":true,"href":"https:\/\/www.millicozum.com\/mc\/wp-json\/wp\/v2\/users\/74"}],"replies":[{"embeddable":true,"href":"https:\/\/www.millicozum.com\/mc\/wp-json\/wp\/v2\/comments?post=4894"}],"version-history":[{"count":0,"href":"https:\/\/www.millicozum.com\/mc\/wp-json\/wp\/v2\/posts\/4894\/revisions"}],"wp:attachment":[{"href":"https:\/\/www.millicozum.com\/mc\/wp-json\/wp\/v2\/media?parent=4894"}],"wp:term":[{"taxonomy":"category","embeddable":true,"href":"https:\/\/www.millicozum.com\/mc\/wp-json\/wp\/v2\/categories?post=4894"},{"taxonomy":"post_tag","embeddable":true,"href":"https:\/\/www.millicozum.com\/mc\/wp-json\/wp\/v2\/tags?post=4894"}],"curies":[{"name":"wp","href":"https:\/\/api.w.org\/{rel}","templated":true}]}}