{"id":5244,"date":"2019-04-21T22:00:00","date_gmt":"2019-04-21T22:00:00","guid":{"rendered":"https:\/\/www.millicozum.com\/mc\/2019\/04\/21\/once-fetoyu-alkislayanlarin-simdi-sahte-kargislari\/"},"modified":"2019-04-21T22:00:00","modified_gmt":"2019-04-21T22:00:00","slug":"once-fetoyu-alkislayanlarin-simdi-sahte-kargislari","status":"publish","type":"post","link":"https:\/\/www.millicozum.com\/mc\/ozel-yazilar\/once-fetoyu-alkislayanlarin-simdi-sahte-kargislari\/","title":{"rendered":"\u00d6NCE FET\u00d6\u2019Y\u00dc ALKI\u015eLAYANLARIN \u015e\u0130MD\u0130 SAHTE \u201cKARGI\u015e\u201dLARI"},"content":{"rendered":"\n<p>&nbsp;<\/p>\n<p style=\"margin-bottom: 0.0001pt; text-align: center;\"><strong><span style=\"font-size: 18pt; font-family: Arial, sans-serif;\">&Ouml;NCE FET&Ouml;&rsquo;Y&Uuml; ALKI\u015eLAYANLARIN<\/span><\/strong><\/p>\n<p style=\"margin-bottom: 0.0001pt; text-align: center;\"><strong><span style=\"font-size: 18pt; font-family: Arial, sans-serif;\">\u015e\u0130MD\u0130 SAHTE &ldquo;KARGI\u015e&rdquo;LARI<span style=\"font-size: 14pt;\"><sup>[1]<\/sup><\/span><\/span><\/strong><\/p>\n<p style=\"margin-bottom: 0.0001pt; text-align: justify; text-indent: 1cm;\"><strong><span style=\"font-size: 18pt; font-family: Arial, sans-serif;\">&nbsp;&nbsp;&nbsp;&nbsp;&nbsp;&nbsp; <\/span><\/strong><\/p>\n<p style=\"margin-bottom: 0.0001pt; text-align: justify; text-indent: 1cm; line-height: 16pt;\"><strong><span style=\"font-size: 12pt; font-family: Arial, sans-serif;\">18 Haziran 1999 ak\u015fam\u0131, Din&ccedil; Bilgin&rsquo;in televizyonu ATV&rsquo;nin ak\u015fam ana haber b&uuml;lteninde, spiker Ali K\u0131rca taraf\u0131ndan; &ldquo;Bir vatanda\u015f\u0131n bana verdi\u011fi kaset&rdquo; dedi\u011fi <em>&ldquo;Fetullah G&uuml;len kaseti&rdquo;<\/em> yay\u0131nlan\u0131yordu. Yine Din&ccedil; Bilgin&rsquo;in gazetesi Sabah bunu, 19 Haziran g&uuml;n&uuml;; <\/span><\/strong><strong><em><span style=\"font-size: 14pt; font-family: Arial, sans-serif;\">&ldquo;Maske d&uuml;\u015ft&uuml;&#8230; F. G&uuml;len&#8217;in devleti ele ge&ccedil;irmek i&ccedil;in takiye yap\u0131laca\u011f\u0131n\u0131 anlatt\u0131\u011f\u0131 kaset ortaya &ccedil;\u0131kt\u0131!&rdquo;<\/span><\/em><\/strong><span style=\"font-size: 14pt; font-family: Arial, sans-serif;\"> <\/span><strong><span style=\"font-size: 12pt; font-family: Arial, sans-serif;\">s&uuml;per man\u015feti ile veriyordu. Gazete, kaseti tam metin olarak yay\u0131nl\u0131yordu. <\/span><\/strong><strong><span style=\"font-size: 14pt; font-family: Arial, sans-serif;\">&ldquo;Devleti ele ge&ccedil;irmeye y&ouml;nelik ifadeler&rdquo; k\u0131sm\u0131nda Fetullah G&uuml;len \u015funlar\u0131 s&ouml;yl&uuml;yordu:<\/span><\/strong><span style=\"font-size: 14pt; font-family: Arial, sans-serif;\"> <\/span><strong><em><span style=\"font-size: 12pt; font-family: Arial, sans-serif;\">&ldquo;Adliye ve m&uuml;lkiyede ve bir ba\u015fka hayati m&uuml;essesedeki bizim arkada\u015flar\u0131m\u0131z\u0131n mevcudiyeti, gelecek ad\u0131na bizim o &uuml;nitelerdeki garantimizdir. Bunlar bizim varl\u0131\u011f\u0131m\u0131z\u0131n teminat\u0131 gibidir&#8230; Mevcut durum muhafaza edilmelidir. Daha bir takviye edilmelidir. Fakat mevcuttan bir &ouml;l&ccedil;&uuml;de taviz verilmemeli derken, katiyen zayiata gidilmemeli, zayiata meydan verilmemelidir&#8230; M&uuml;sl&uuml;manlar\u0131n belli bir noktaya ve k\u0131vama gelecekleri ana kadar bu \u015fekilde hizmete devam etmeleri \u015fartt\u0131r. &ldquo;Erken vuru\u015f&rdquo; diyece\u011fim &ccedil;\u0131k\u0131\u015flar yap\u0131l\u0131rsa, d&uuml;n Cezayir&rsquo;deki gibi ba\u015flar\u0131n\u0131 ezer&#8230; Bir yanl\u0131\u015fl\u0131k falso yarat\u0131r. Ve bu falsoyla verdi\u011fimiz ma\u011flubiyeti telafi edemeyiz. Bu defa da onlar bizi derdest ederler, daha da belinizi do\u011frultman\u0131za f\u0131rsat vermezler. Hafazanallah&#8230; Hem o kanun ve kurallar\u0131 kullanma, hem de bir kanun ve kural adam\u0131 olma imaj\u0131 verilmelidir. &lsquo;Harfiyen riayet ediyor bunlar&rsquo; denmelidir. \u0130leride daha &ouml;nemli yerlere gelmemiz i&ccedil;in de bu yakla\u015f\u0131m sergilenmelidir.&rdquo; <\/span><\/em><\/strong><strong><span style=\"font-size: 12pt; font-family: Arial, sans-serif;\">Asl\u0131nda bu s&ouml;zler Fetullah G&uuml;len haininin devlet kurumlar\u0131na ve Ordu&rsquo;ya s\u0131zd\u0131\u011f\u0131n\u0131n itiraf\u0131yd\u0131. Ama nice \u0130slamc\u0131 yanda\u015flar ve sonra Erdo\u011fanc\u0131 kesilen solcu-sa\u011fc\u0131 yazarlar o s&uuml;re&ccedil;te FET&Ouml;&rsquo;ye sahip &ccedil;\u0131km\u0131\u015flard\u0131.<\/span><\/strong><\/p>\n<p style=\"margin-bottom: 0.0001pt; text-align: justify; text-indent: 1cm; line-height: 16pt;\"><strong><span style=\"font-size: 14pt; font-family: Arial, sans-serif;\">Sabah: <\/span><\/strong><strong><span style=\"font-size: 12pt; font-family: Arial, sans-serif;\">&ldquo;F. Hoca&rsquo;ya idam talebi&rdquo; <\/span><\/strong><span style=\"font-size: 12pt; font-family: Arial, sans-serif;\">man\u015feti alt\u0131nda \u015funlar\u0131 yaz\u0131yordu: <strong><em>&ldquo;DGM Savc\u0131s\u0131 Y&uuml;ksel, F. G&uuml;len hakk\u0131nda idam istemiyle 146. maddeden dava a&ccedil;maya haz\u0131rlan\u0131yor. TCK&rsquo;n\u0131n 146. maddesinde &lsquo;Anayasal d&uuml;zeni y\u0131karak yerine dine dayal\u0131 devlet d&uuml;zeni kurmaya te\u015febb&uuml;s&rsquo; ifadeleri yer al\u0131yor. Okullar\u0131 da g&ouml;zalt\u0131nda. G&uuml;len imparatorlu\u011fu. 600 trilyonluk ad\u0131m. Ho\u015fg&ouml;r&uuml; abidesi nas\u0131l do\u011fdu ve nas\u0131l &ccedil;atlad\u0131?&rdquo;<\/em><\/strong> <\/span><\/p>\n<p style=\"margin-bottom: 0.0001pt; text-align: justify; text-indent: 1cm; line-height: 16pt;\"><strong><span style=\"font-size: 14pt; font-family: Arial, sans-serif;\">Cumhuriyet:<\/span><\/strong><span style=\"font-size: 12pt; font-family: Arial, sans-serif;\"> <strong>&ldquo;Fetullah&ccedil;\u0131lar Panikte&rdquo;<\/strong> man\u015feti alt\u0131nda: <strong><em>&ldquo;Kimleri kand\u0131rmad\u0131 ki, ayd\u0131n ve siyaset &ccedil;evrelerinden F. G&uuml;len&rsquo;in icraatlar\u0131na kananlar\u0131n say\u0131s\u0131 neredeyse Titanic gemisini doldurabilir&rdquo;<\/em><\/strong> diyordu.<\/span><\/p>\n<p style=\"margin-bottom: 0.0001pt; text-align: justify; text-indent: 1cm; line-height: 16pt;\"><strong><span style=\"font-size: 14pt; font-family: Arial, sans-serif;\">Posta:<\/span><\/strong><span style=\"font-size: 12pt; font-family: Arial, sans-serif;\"> <strong>&ldquo;Ecevit \u015ea\u015f\u0131rtt\u0131&rdquo; <\/strong>man\u015fetiyle: <strong><em>&ldquo;DGM savc\u0131s\u0131 harekete ge&ccedil;ti. Kasetler televizyonlardan istendi. G&uuml;len hakk\u0131nda idam istemli dava a&ccedil;\u0131lmas\u0131 g&uuml;ndemde. Ama Ecevit, &lsquo;G&uuml;len&rsquo;in yan\u0131t\u0131n\u0131 bekleyelim&rsquo; diyordu&rdquo;.<\/em><\/strong><\/span><\/p>\n<p style=\"margin-bottom: 0.0001pt; text-align: justify; text-indent: 1cm; line-height: 16pt;\"><strong><span style=\"font-size: 14pt; font-family: Arial, sans-serif;\">Yanda\u015f Yeni \u015eafak:<\/span><\/strong><span style=\"font-size: 14pt; font-family: Arial, sans-serif;\"> <\/span><strong><span style=\"font-size: 12pt; font-family: Arial, sans-serif;\">&ldquo;Engizisyon&rdquo;<\/span><\/strong><span style=\"font-size: 12pt; font-family: Arial, sans-serif;\"> man\u015feti alt\u0131nda Fetullah G&uuml;len&rsquo;e sahip &ccedil;\u0131k\u0131yordu: <strong><em>&ldquo;Perin&ccedil;ek&rsquo;in adamlar\u0131 yeni bir lin&ccedil; i&ccedil;in d&uuml;\u011fmeye bast\u0131. G&uuml;len aleyhine yeni bir kampanya ba\u015flat\u0131ld\u0131. Kampanya&rsquo;n\u0131n Do\u011fu Perin&ccedil;ek ve ekibinin ihbarlar\u0131ndan sonra ba\u015flat\u0131lmas\u0131 dikkat &ccedil;ekiyor. Ayn\u0131 isimler (Ali K\u0131rca, Do\u011fu Perin&ccedil;ek, T&uuml;rkan Saylan, Kemal Yavuz, Faik Bulut, Ha\u015fmet Atahan) yine sahnede&#8230; 28 \u015eubat y&ouml;ntemi&#8230; Yeni irtica dalgas\u0131.&rdquo;<\/em><\/strong> diyerek Fetullah G&uuml;len&rsquo;i masum g&ouml;stermeye &ccedil;al\u0131\u015f\u0131yordu. \u0130\u015fte o s&uuml;re&ccedil;te de Fetullah G&uuml;len&rsquo;in h\u0131yanetlerini a&ccedil;\u0131\u011fa vuran tek ve ger&ccedil;ek tenkitleri sadece Milli &Ccedil;&ouml;z&uuml;m Dergisi yap\u0131yordu.<\/span><\/p>\n<p style=\"margin-bottom: 0.0001pt; text-align: justify; text-indent: 1cm; line-height: 16pt;\"><strong><span style=\"font-size: 14pt; font-family: Arial, sans-serif;\">Fetullah G&uuml;len&rsquo;in ilk tepkisi tam bir \u015farlatanl\u0131kt\u0131!<\/span><\/strong><\/p>\n<p style=\"margin-bottom: 0.0001pt; text-align: justify; text-indent: 1cm; line-height: 16pt;\"><strong><span style=\"font-size: 14pt; font-family: Arial, sans-serif;\">O s\u0131rada ka&ccedil;t\u0131\u011f\u0131 Amerika&rsquo;da bulunan G&uuml;len, Cihan Haber Ajans\u0131 arac\u0131l\u0131\u011f\u0131yla yapt\u0131\u011f\u0131 yaz\u0131l\u0131 a&ccedil;\u0131klamada, kaset ile ilgili olarak \u015funlar\u0131 s&ouml;yl&uuml;yordu:<\/span><\/strong><span style=\"font-size: 14pt; font-family: Arial, sans-serif;\"> <\/span><strong><em><span style=\"font-size: 12pt; font-family: Arial, sans-serif;\">&ldquo;Bu kaset gizli bir &ccedil;ekim olmay\u0131p, ziyaretime gelen vatanda\u015flara hitaben yap\u0131lm\u0131\u015f ve taraf\u0131mdan kayda al\u0131nm\u0131\u015ft\u0131r. Sohbet kasetlerinin tamam\u0131 g&ouml;sterilmemi\u015f, belli b&ouml;l&uuml;mleri bir araya getirilmi\u015ftir. Kasetlerin tamam\u0131 incelendi\u011finde de g&ouml;r&uuml;lece\u011fi gibi benim devletin kar\u015f\u0131s\u0131nda de\u011fil yan\u0131nda oldu\u011fum a&ccedil;\u0131k&ccedil;a belirtilmi\u015ftir. Bundan &ccedil;ok seneler &ouml;nce yap\u0131lan bu sohbetlerin bu &uuml;lkeyi seven insanlar\u0131n devlete ve millete sahip &ccedil;\u0131kmas\u0131 gerekti\u011fini, aksi halde devletin &ccedil;ete ve mafyalar\u0131n eline ge&ccedil;ece\u011fini belirten konu\u015fmalar oldu\u011fu anla\u015f\u0131lacakt\u0131r. Eski kom&uuml;nist d&uuml;\u015f&uuml;ncelerin, ateistlerin, devleti ele ge&ccedil;irmek isteyen kom&uuml;nist fikir sahiplerinin inanan insanlar\u0131 s\u0131k\u0131\u015ft\u0131rmalar\u0131 kar\u015f\u0131s\u0131nda, soru soranlar\u0131n kendi bulunduklar\u0131 yerde bu t&uuml;rl&uuml; muamelelerle kar\u015f\u0131la\u015fmalar\u0131 itibariyle, soru soranlara verilen irticalen (gazetede bu, &lsquo;irticai&rsquo; olarak, ge&ccedil;erek garabet sergilenmi\u015ftir) cevaplard\u0131r.<\/span><\/em><\/strong><\/p>\n<p style=\"margin-bottom: 0.0001pt; text-align: justify; text-indent: 1cm; line-height: 16pt;\"><strong><em><span style=\"font-size: 12pt; font-family: Arial, sans-serif;\">Benim devleti ele ge&ccedil;irmek gibi bir niyetim olsayd\u0131, yurt d\u0131\u015f\u0131ndaki okullarda farkl\u0131 millet ve dinlere hizmet eden m&uuml;te\u015febbis i\u015f adamlar\u0131 ve kurulu\u015flar\u0131 te\u015fvik etmezdim. Bu etkinlikleri &uuml;lke i&ccedil;inde y&ouml;nlendirmeye &ccedil;al\u0131\u015f\u0131rd\u0131m. Yine devleti ele ge&ccedil;irmek gibi bir niyetim olsa, siyasi bir yap\u0131lanman\u0131n yan\u0131nda ve i&ccedil;erisinde bulunurdum. Devleti ele ge&ccedil;irme iddias\u0131 &ccedil;irkin bir iftira ve komplodur. Benim hukuka ayk\u0131r\u0131 hi&ccedil;bir fiilin veya olu\u015fumun i&ccedil;inde olmayaca\u011f\u0131m apa&ccedil;\u0131k bir ger&ccedil;ektir. Hi&ccedil;bir illegal yap\u0131lanma, &ouml;rg&uuml;tlenme i&ccedil;inde olmad\u0131\u011f\u0131m pek &ccedil;ok mahkeme karar\u0131 ve DGM karar\u0131yla sabittir&hellip; &Ouml;zellikle belirtmek gerekir ki, bana y&ouml;nelik &ccedil;irkin iftira somut bir hadiseye veya gerek&ccedil;eye de\u011fil, devlet i&ccedil;indeki b&ouml;l&uuml;c&uuml;, y\u0131k\u0131c\u0131 ve yasa d\u0131\u015f\u0131 bir yap\u0131lanma i&ccedil;inde olan ki\u015filerin bir tezg&acirc;h\u0131na dayal\u0131d\u0131r. Medyaya yans\u0131madaki zamanlama da bunu g&ouml;stermektedir. Muhtelif zaman ve zeminlerde &ouml;zel sohbetlerimin belli k\u0131s\u0131mlar\u0131n\u0131n bir araya getirilerek, kendi fikirleri do\u011frultusundaki bir mana verilmeye &ccedil;al\u0131\u015f\u0131lm\u0131\u015f ve b&ouml;ylece ki\u015filerin zihninde hakk\u0131mda bir \u015f&uuml;phe do\u011furulmaya &ccedil;al\u0131\u015f\u0131lmaktad\u0131r.<\/span><\/em><\/strong><\/p>\n<p style=\"margin-bottom: 0.0001pt; text-align: justify; text-indent: 1cm; line-height: 16pt;\"><strong><em><span style=\"font-size: 12pt; font-family: Arial, sans-serif;\">H&acirc;lbuki b&uuml;t&uuml;n &ouml;mr&uuml;m&uuml; d&uuml;nyevi hi&ccedil;bir makam ve menfaat beklentisi i&ccedil;inde olmadan ve sadece Allah r\u0131zas\u0131 i&ccedil;in T&uuml;rk milletine ve b&uuml;t&uuml;n insanl\u0131\u011fa \u0130slam&rsquo;\u0131n dini, milli, k&uuml;lt&uuml;rel de\u011ferlerini ba\u015fkalar\u0131na anlatmaya ve y&uuml;ce mesaj\u0131n\u0131 ilmi yoldan anlatmaya vakfetmi\u015f biri olarak, bu as\u0131ls\u0131z iddialarla ilgili en k&uuml;&ccedil;&uuml;k bir \u015f&uuml;pheyi davet edebilecek herhangi bir davran\u0131\u015f\u0131m yoktur.&rdquo;<\/span><\/em><\/strong><span style=\"font-size: 12pt; font-family: Arial, sans-serif;\"> (Sabah,20.06.1999)<\/span><\/p>\n<p style=\"margin-bottom: 0.0001pt; text-align: justify; text-indent: 1cm; line-height: 16pt;\"><strong><span style=\"font-size: 14pt; font-family: Arial, sans-serif;\">Siyasilerin ilk tepkileri \u015fa\u015f\u0131rt\u0131c\u0131yd\u0131!<\/span><\/strong><\/p>\n<p style=\"margin-bottom: 0.0001pt; text-align: justify; text-indent: 1cm; line-height: 16pt;\"><strong><span style=\"font-size: 14pt; font-family: Arial, sans-serif;\">Ba\u015fbakan Ecevit 19 Haziran&rsquo;da,<\/span><\/strong><span style=\"font-size: 14pt; font-family: Arial, sans-serif;\"> <\/span><strong><em><span style=\"font-size: 12pt; font-family: Arial, sans-serif;\">&ldquo;Kaset hakk\u0131nda ne dersiniz?&rdquo;<\/span><\/em><\/strong><span style=\"font-size: 12pt; font-family: Arial, sans-serif;\"> sorusu &uuml;zerine \u015funlar\u0131 s&ouml;yl&uuml;yordu: <strong><em>&ldquo;Bu konuya girmek istemiyorum. \u0130tham edilen taraf\u0131n ne s&ouml;yleyece\u011fi belli olmadan bir \u015fey s&ouml;ylemeyi do\u011fru bulmuyorum. T&uuml;rkiye&rsquo;de &ouml;nemli \u015feyler oluyor. T&uuml;rkiye&rsquo;nin g&uuml;ndeminde DGM&rsquo;lerle ilgili Anayasa de\u011fi\u015fikli\u011fi (DGM&rsquo;lerden askeri yarg\u0131&ccedil;lar\u0131n &ccedil;\u0131kar\u0131lmas\u0131), Bankalar Tasar\u0131s\u0131&rsquo;n\u0131n &ccedil;\u0131kar\u0131lmas\u0131 gibi &ouml;nemli \u015feyler oluyor. Bu arada g&uuml;ndemin ba\u015fka bir yerlere kayd\u0131r\u0131lmas\u0131n\u0131 i&ccedil;ime sindiremiyorum.&rdquo;<\/em><\/strong> B&ouml;ylece a&ccedil;\u0131k&ccedil;a FET&Ouml;&rsquo;ye sahip &ccedil;\u0131k\u0131yordu.<\/span><\/p>\n<p style=\"margin-bottom: 0.0001pt; text-align: justify; text-indent: 1cm; line-height: 16pt;\"><strong><span style=\"font-size: 14pt; font-family: Arial, sans-serif;\">MHP lideri Devlet Bah&ccedil;eli,<\/span><\/strong><span style=\"font-size: 14pt; font-family: Arial, sans-serif;\"> <\/span><strong><em><span style=\"font-size: 12pt; font-family: Arial, sans-serif;\">&ldquo;yorum yok&rdquo;<\/span><\/em><\/strong><span style=\"font-size: 12pt; font-family: Arial, sans-serif;\"> diyor ve te\u015fkilat\u0131na <strong><em>&ldquo;susun&rdquo;<\/em><\/strong> talimat\u0131n\u0131 veriyordu. <\/span><\/p>\n<p style=\"margin-bottom: 0.0001pt; text-align: justify; text-indent: 1cm; line-height: 16pt;\"><span style=\"font-size: 12pt; font-family: Arial, sans-serif;\">FP&rsquo;li <strong>Abdullah G&uuml;l<\/strong> ve <strong>Yasin Hatipo\u011flu<\/strong>, Erbakan Hoca&rsquo;ya ra\u011fmen; <strong>mahkemelerin su&ccedil; unsuru olarak kabul etmedi\u011fi kaset etraf\u0131nda kopar\u0131lan &ldquo;su&ccedil;luluk propagandalar\u0131n\u0131n&rdquo; havada kalmaya mahk&ucirc;m oldu\u011funu<\/strong> a&ccedil;\u0131kl\u0131yorlard\u0131. Ayr\u0131ca, <strong><em>Abdullah &Ouml;calan&rsquo;\u0131n &ldquo;idam edilmemesine i&ccedil;te ve d\u0131\u015fta bin bir t&uuml;rl&uuml; k\u0131l\u0131f aran\u0131rken&rdquo;, G&uuml;len hakk\u0131nda &ldquo;idam&rdquo;\u0131n hararetle istenmesini garipsediklerini<\/em><\/strong> s&ouml;yl&uuml;yorlard\u0131.<\/span><\/p>\n<p style=\"margin-bottom: 0.0001pt; text-align: justify; text-indent: 1cm; line-height: 16pt;\"><strong><span style=\"font-size: 14pt; font-family: Arial, sans-serif;\">FP lideri Recai Kutan<\/span><\/strong><span style=\"font-size: 12pt; font-family: Arial, sans-serif;\">, MGK toplant\u0131s\u0131n\u0131n &ouml;ncesi ve sonras\u0131nda cereyan eden olaylar\u0131 <strong><em>&ldquo;28 \u015eubat s&uuml;recinin devam\u0131&rdquo; <\/em><\/strong>olarak de\u011ferlendiriyordu. (Sa\u011fduyu, 24.06.1999) <\/span><\/p>\n<p style=\"margin-bottom: 0.0001pt; text-align: justify; text-indent: 1cm; line-height: 16pt;\"><strong><span style=\"font-size: 14pt; font-family: Arial, sans-serif;\">MHP Meclis Grup Ba\u015fkan Vekili \u0130smail K&ouml;se,<\/span><\/strong><span style=\"font-size: 12pt; font-family: Arial, sans-serif;\"> <strong><em>&ldquo;Hocaefendi&rsquo;yi al\u0131p, &lsquo;diyalog ve uzla\u015fmadan yana, T&uuml;rkiye&rsquo;nin yeti\u015ftirdi\u011fi en &ouml;nemli din adam\u0131&rsquo; olarak lanse edenler, bug&uuml;n s\u0131rt\u0131ndan han&ccedil;erlediler&rdquo;<\/em><\/strong> diyordu. (Milliyet, 24.6.1999) <\/span><\/p>\n<p style=\"margin-bottom: 0.0001pt; text-align: justify; text-indent: 1cm; line-height: 16pt;\"><strong><span style=\"font-size: 14pt; font-family: Arial, sans-serif;\">MHP&rsquo;li Bay\u0131nd\u0131rl\u0131k Bakan\u0131 Koray Ayd\u0131n<\/span><\/strong><span style=\"font-size: 14pt; font-family: Arial, sans-serif;\"> <\/span><span style=\"font-size: 12pt; font-family: Arial, sans-serif;\">(\u015eimdi \u0130Y\u0130 Parti Genel Ba\u015fkan Yard\u0131mc\u0131s\u0131) da <strong><em>&ldquo;G&uuml;len&rsquo;e ait 6 y\u0131l &ouml;nceki kasette ge&ccedil;enlerin bug&uuml;n i&ccedil;in ge&ccedil;erli olmad\u0131\u011f\u0131n\u0131, Hoca&rsquo;n\u0131n &lsquo;De\u011fi\u015fim ge&ccedil;irerek Atat&uuml;rk&rsquo;e ba\u011fl\u0131 ve rejimi benimsemi\u015f bir ki\u015filik&rsquo; kazand\u0131\u011f\u0131ndan bahisle: B&ouml;yle organizasyonlarda ba\u015fka biri var m\u0131? Yok! Ben kendisine sayg\u0131 duyuyorum. Herkes de sayg\u0131 duymal\u0131&rdquo;<\/em><\/strong> g&ouml;r&uuml;\u015flerine yer veriyordu. MHP lideri Bah&ccedil;eli&rsquo;nin &ldquo;susun&rdquo; talimat\u0131 vermesine ra\u011fmen, MHP&rsquo;lilerin genelde Hoca lehine konu\u015fmaya devam ettikleri g&ouml;r&uuml;l&uuml;yordu.<\/span><\/p>\n<p style=\"margin-bottom: 0.0001pt; text-align: justify; text-indent: 1cm; line-height: 16pt;\"><strong><span style=\"font-size: 14pt; font-family: Arial, sans-serif;\">MHP \u0130zmir Milletvekili Yusuf K\u0131rp\u0131nar<\/span><\/strong><span style=\"font-size: 12pt; font-family: Arial, sans-serif;\">, Zaman&rsquo;a deme&ccedil; verip. <strong><em>&ldquo;G&uuml;len&rsquo;e kurulan &ccedil;irkin komplo ve iftiralar\u0131n arkas\u0131nda 68 Ku\u015fa\u011f\u0131&rsquo;ndan kalma ateist ve kom&uuml;nistler var&rdquo;<\/em><\/strong> diyordu. (Zaman, 21.06.1999)<\/span><\/p>\n<p style=\"margin-bottom: 0.0001pt; text-align: justify; text-indent: 1cm; line-height: 16pt;\"><strong><span style=\"font-size: 14pt; font-family: Arial, sans-serif;\">O s&uuml;re&ccedil;te FP Grup Ba\u015fkan Vekili B&uuml;lent Ar\u0131n&ccedil;&rsquo;tan G&uuml;len&rsquo;e destek geliyordu:<\/span><\/strong><span style=\"font-size: 14pt; font-family: Arial, sans-serif;\"> <\/span><strong><em><span style=\"font-size: 12pt; font-family: Arial, sans-serif;\">&ldquo;Fetullah G&uuml;len, TC&rsquo;ni seven, bu &uuml;lkenin de\u011ferlerini payla\u015fan p\u0131r\u0131l p\u0131r\u0131l insan&rdquo; <\/span><\/em><\/strong><span style=\"font-size: 12pt; font-family: Arial, sans-serif;\">diyor ve<strong><em> &ldquo;Atat&uuml;rk ve Cumhuriyetle ayk\u0131r\u0131 hi&ccedil;bir s&ouml;z ve davran\u0131\u015f\u0131n\u0131n bulunmad\u0131\u011f\u0131n\u0131&rdquo; <\/em><\/strong>s&ouml;yl&uuml;yordu. (Radikal, 21.06.1999)<\/span><\/p>\n<p style=\"margin-bottom: 0.0001pt; text-align: justify; text-indent: 1cm; line-height: 16pt;\"><strong><span style=\"font-size: 14pt; font-family: Arial, sans-serif;\">DYP Genel Ba\u015fkan Yard\u0131mc\u0131s\u0131 Cihan Pa&ccedil;ac\u0131<\/span><\/strong><span style=\"font-size: 12pt; font-family: Arial, sans-serif;\">, DYP&rsquo;nin devletin temel niteliklerinin de\u011fi\u015ftirilmesine kar\u015f\u0131 oldu\u011fundan bahisle, <strong><em>&ldquo;G&uuml;len&rsquo;in y\u0131llard\u0131r yak\u0131ndan tan\u0131nd\u0131\u011f\u0131n\u0131, devletin d&uuml;zenini de\u011fi\u015ftirmeye matuf bir faaliyet i&ccedil;inde ise bug&uuml;ne kadar ni&ccedil;in beklendi?&rdquo; <\/em><\/strong>\u015feklinde soruyordu. (Radikal,21.06.1999)<\/span><\/p>\n<p style=\"margin-bottom: 0.0001pt; text-align: justify; text-indent: 1cm; line-height: 16pt;\"><strong><span style=\"font-size: 14pt; font-family: Arial, sans-serif;\">S&uuml;leyman Demirel ilk kez konu\u015fmu\u015ftu:<\/span><\/strong><span style=\"font-size: 14pt; font-family: Arial, sans-serif;\"> <\/span><strong><em><span style=\"font-size: 12pt; font-family: Arial, sans-serif;\">&ldquo;Fetullah G&uuml;len olay\u0131, T&uuml;rkiye&rsquo;de yeni bir olay de\u011fil. Uzunca zamand\u0131r tart\u0131\u015f\u0131lan bir olayd\u0131r ve bu olay bir fikir olay\u0131 m\u0131d\u0131r, bir siyasi olay m\u0131d\u0131r, bir din olay\u0131 m\u0131d\u0131r? Bu zamana kadar kesin hatlar\u0131yla ay\u0131rt edilmi\u015f bir olay de\u011fildir, tart\u0131\u015fanlar taraf\u0131ndan. \u015eimdi ortaya &ccedil;\u0131kan kasetler ve iddialar kar\u015f\u0131s\u0131nda bu olaya muhatap olanlar ne s&ouml;yleyecekler onlar\u0131 bilemiyorum ve bir yarg\u0131s\u0131z infaz da yapmak istemiyorum. Netice itibariyle bunlar\u0131n arkas\u0131ndaki niyet devleti ele ge&ccedil;irmekse o siyasidir. Yani bu hareketin ve&ccedil;hesi belirlenmelidir.&rdquo;<\/span><\/em><\/strong><span style=\"font-size: 12pt; font-family: Arial, sans-serif;\"> (Y. \u015eafak, 21.06.1999) <\/span><\/p>\n<p style=\"margin-bottom: 0.0001pt; text-align: justify; text-indent: 1cm; line-height: 16pt;\"><strong><span style=\"font-size: 14pt; font-family: Arial, sans-serif;\">Milli &Ccedil;&ouml;z&uuml;m Dergisi ise:<\/span><\/strong><span style=\"font-size: 14pt; font-family: Arial, sans-serif;\"> <\/span><strong><span style=\"font-size: 12pt; font-family: Arial, sans-serif;\">G&uuml;len hareketiyle ilgili &ldquo;Amerika-\u0130srail ekseni&rdquo;ne dikkat &ccedil;ekiyor, bu giri\u015fimin boyutlar\u0131n\u0131n i&ccedil; konjonkt&uuml;r&uuml; a\u015ft\u0131\u011f\u0131n\u0131 ortaya koyuyordu. B&uuml;t&uuml;n bunlara y&ouml;nelik olarak do\u011fru yorumlar yap\u0131l\u0131rken, konjonkt&uuml;r ve d\u0131\u015f g&uuml;&ccedil;lerin G&uuml;len&rsquo;i i&ccedil;te g&uuml;ya <\/span><\/strong><strong><em><span style=\"font-size: 12pt; font-family: Arial, sans-serif;\">&ldquo;RP-FP k&ouml;ktendincili\u011fine&rdquo;<\/span><\/em><\/strong><span style=\"font-size: 12pt; font-family: Arial, sans-serif;\"> <\/span><strong><span style=\"font-size: 12pt; font-family: Arial, sans-serif;\">ve d\u0131\u015fta ise, &ouml;zellikle Orta Asya ve Kafkasya&rsquo;da <\/span><\/strong><strong><em><span style=\"font-size: 12pt; font-family: Arial, sans-serif;\">&ldquo;\u0130ran k&ouml;ktendincili\u011fine kar\u015f\u0131 uzun s&uuml;re kullan\u0131ld\u0131\u011f\u0131 ve bug&uuml;n gelinen safhada buna ihtiya&ccedil; kalmad\u0131\u011f\u0131 i&ccedil;in d&uuml;\u011fmeye bas\u0131ld\u0131\u011f\u0131&rdquo;<\/span><\/em><\/strong><span style=\"font-size: 12pt; font-family: Arial, sans-serif;\"> <\/span><strong><span style=\"font-size: 12pt; font-family: Arial, sans-serif;\">&uuml;zerinde duruyordu. \u0130srail i&ccedil;in, &ldquo;Orta Asya&rsquo;daki T&uuml;rk-\u0130srail rekabetinde, Fetullah&ccedil;\u0131lar\u0131n \u0130srail&rsquo;in taraf\u0131nda yer ald\u0131\u011f\u0131n\u0131 vurguluyor, hatta Amerika&rsquo;n\u0131n bile ayn\u0131 rekabet sebebiyle FETO&rsquo;ya sahip &ccedil;\u0131kt\u0131\u011f\u0131n\u0131 belirtiyordu. Burada, <\/span><\/strong><strong><em><span style=\"font-size: 12pt; font-family: Arial, sans-serif;\">&ldquo;Hoca&rsquo;n\u0131n d\u0131\u015f &uuml;lkelerde bizim el&ccedil;imiz, n&uuml;fuzumuzu yayma &ccedil;abas\u0131 i&ccedil;indeki birisi!?&rdquo;<\/span><\/em><\/strong><span style=\"font-size: 12pt; font-family: Arial, sans-serif;\"> <\/span><strong><span style=\"font-size: 12pt; font-family: Arial, sans-serif;\">oldu\u011funu s&ouml;yleyenler yan\u0131l\u0131yordu. <\/span><\/strong><\/p>\n<p style=\"margin-bottom: 0.0001pt; text-align: justify; text-indent: 1cm; line-height: 16pt;\"><strong><span style=\"font-size: 14pt; font-family: Arial, sans-serif;\">K&ouml;\u015fe yazarlar\u0131n\u0131n ilk de\u011ferlendirmeleri kendi ayarlar\u0131n\u0131 yans\u0131tmaktayd\u0131!<\/span><\/strong><\/p>\n<p style=\"margin-bottom: 0.0001pt; text-align: justify; text-indent: 1cm; line-height: 16pt;\"><strong><span style=\"font-size: 14pt; font-family: Arial, sans-serif;\">Fehmi Koru:<\/span><\/strong><span style=\"font-size: 14pt; font-family: Arial, sans-serif;\"> <\/span><span style=\"font-size: 12pt; font-family: Arial, sans-serif;\">&ldquo;Emniyet&#8217;in Fetullah G&uuml;len Raporu&rdquo; hakk\u0131nda<strong> &ldquo;T&uuml;rkiye Garip &Uuml;lke&rdquo; <\/strong>ba\u015fl\u0131kl\u0131 yaz\u0131s\u0131nda \u015funlar\u0131 anlat\u0131yordu: <strong><em>&ldquo;Haz\u0131rlad\u0131k dedikleri raporun, bug&uuml;ne kadar y&uuml;zlerce defa tekrarlanm\u0131\u015f, asl\u0131 astar\u0131 bulunmayan iftiralara dayand\u0131\u011f\u0131 &#8216;Bug&uuml;n b&ouml;yle de\u011filler, ama yar\u0131n ne olaca\u011f\u0131 belli de\u011fil&#8217; t&uuml;r&uuml; zevzekliklerden ibaret oldu\u011fu hemen anla\u015f\u0131l\u0131yor. Bir an durup d&uuml;\u015f&uuml;nseler anlayacaklar&hellip; &lsquo;Rapor&rsquo; diye ortaya s&uuml;rd&uuml;kleri k&acirc;\u011f\u0131t par&ccedil;as\u0131nda anlatt\u0131klar\u0131 gibi biri olsayd\u0131, o ki\u015fiye hemen her meslekten insan\u0131n sayg\u0131 g&ouml;stermesi m&uuml;mk&uuml;n olur muydu?&rdquo;<\/em><\/strong> (Y. \u015eafak, 15.06.1999)<\/span><\/p>\n<p style=\"margin-bottom: 0.0001pt; text-align: justify; text-indent: 1cm; line-height: 16pt;\"><strong><span style=\"font-size: 14pt; font-family: Arial, sans-serif;\">Oktay Ek\u015fi,<\/span><\/strong><span style=\"font-size: 14pt; font-family: Arial, sans-serif;\"> <\/span><span style=\"font-size: 12pt; font-family: Arial, sans-serif;\">&ldquo;Emniyet&rsquo;in G&uuml;len Raporu&rdquo;nun &ldquo;yalan ve yanl\u0131\u015fl\u0131klar\u0131&rdquo;na da \u0131\u015f\u0131k tutacak \u015fekilde, &ldquo;Emniyet&rsquo;in Do\u011fan Ta\u015fdelen (18 Nisan&rsquo;dan &ouml;nce CHP&rsquo;li &Ccedil;ankaya Belediye Ba\u015fkan\u0131) Raporu&rdquo;na tepki g&ouml;steriyordu. &ldquo;Emniyet&rsquo;in sipari\u015fi &uuml;zerine 7 sayfal\u0131k rapor haz\u0131rlat\u0131ld\u0131&rdquo; diyordu. Raporun tarihi, say\u0131s\u0131 ve yazar\u0131 belli de\u011filmi\u015f. Rapor&rsquo;da &ldquo;Ta\u015fdelen gizli &ouml;rg&uuml;t mensuplar\u0131n\u0131 i\u015fe ald\u0131&rdquo; deniliyormu\u015f vs. Ek\u015fi, rapor i&ccedil;in &ldquo;%90&rsquo;\u0131 yalan&rdquo; ifadesini kulland\u0131 ve &ldquo;Bunun ad\u0131; istihbarat raporu&rdquo;, hay\u0131r, bunun ad\u0131; devletin rezilce kullan\u0131lmas\u0131d\u0131r&#8230; Devletin en hafif deyimiyle &ouml;zelle\u015ftirilmesidir&#8230; B&ouml;yle bir ortamda ba\u015fkalar\u0131n\u0131 aldatmak isterken kendilerini ahmak yerine koyduklar\u0131n\u0131 g&ouml;rm&uuml;yorlar m\u0131?&rdquo; diyerek F. G&uuml;len&rsquo;e arka &ccedil;\u0131k\u0131yordu. (H&uuml;rriyet, 19.06.1999) <\/span><\/p>\n<p style=\"margin-bottom: 0.0001pt; text-align: justify; text-indent: 1cm; line-height: 16pt;\"><strong><span style=\"font-size: 14pt; font-family: Arial, sans-serif;\">Fehmi Koru<\/span><\/strong><span style=\"font-size: 12pt; font-family: Arial, sans-serif;\">, &ldquo;medya kup&uuml;r&uuml; iddianameleri&rdquo;nden alarak, <strong>&ldquo;Televizyon Mahkemesi&rdquo;<\/strong> ba\u015fl\u0131kl\u0131 yaz\u0131s\u0131nda, &ldquo;G&uuml;len Kaseti&rdquo;nin yay\u0131nland\u0131\u011f\u0131 gece yay\u0131nlanan, Ali K\u0131rca&rsquo;n\u0131n &ldquo;Siyaset Meydan\u0131&rdquo;ndaki olup bitenleri ele\u015ftiriyordu: <strong><em>&ldquo;Ne kadar &uuml;rk&uuml;t&uuml;c&uuml; bir g&ouml;r&uuml;nt&uuml;: Sa\u011fdan sola s\u0131ralanan de\u011fi\u015fik meslek gruplar\u0131ndan be\u015f ki\u015fiye, program\u0131 sunan Ali K\u0131rca&rsquo;y\u0131 da eklerseniz alt\u0131 ki\u015filik, bir &ldquo;\u0130nsan Haklar\u0131 Mahkemesi&rdquo; heyeti gibiydiler&#8230; \u0130nsan haklar\u0131 mahkemesi, haklar\u0131 ma\u011fdur edilen insanlar nam\u0131na devleti yarg\u0131lar; bu alt\u0131 ki\u015filik heyet ise, sanki devlet ad\u0131na bir insan\u0131 yarg\u0131lamak &uuml;zere televizyon ekran\u0131na &ccedil;\u0131km\u0131\u015f gibiydiler&hellip;&rdquo; <\/em><\/strong>Ali K\u0131rca ba\u015fkanl\u0131\u011f\u0131ndaki televizyon mahkemesi, <strong><em>&ldquo;30 bin ki\u015finin katili diye bilinen Abdullah &Ouml;calan&rsquo;\u0131 yarg\u0131layan \u0130mral\u0131&rsquo;daki mahkemeden daha ac\u0131mas\u0131z gibi geldi bana. Off&#8230; 30 A\u011fustos&rsquo;a daha ka&ccedil; g&uuml;n kald\u0131?&rdquo;<\/em><\/strong> (Y. \u015eafak, 20.06.1999) diyordu.<\/span><\/p>\n<p style=\"margin-bottom: 0.0001pt; text-align: justify; text-indent: 1cm; line-height: 16pt;\"><span style=\"font-size: 12pt; font-family: Arial, sans-serif;\">21 Haziran&rsquo;da s&uuml;per man\u015fetler yine zehir zemberek &ccedil;\u0131k\u0131yordu. Ordu&rsquo;yu ve yarg\u0131y\u0131 G&uuml;len&rsquo;in &uuml;zerine tahrik edip, onu harcamak mesajlar\u0131 verildi\u011fi yaz\u0131l\u0131yordu. Sabah: &ldquo;As\u0131l hedef ordu&rdquo; man\u015fetini at\u0131yordu. B&Ccedil;G rapor haz\u0131rl\u0131yor ve &ldquo;As\u0131l hedef ordu&rdquo; diyordu. <\/span><strong><em><span style=\"font-size: 12pt; font-family: Arial, sans-serif;\">&ldquo;F. G&uuml;len, askeri okullara &ouml;\u011frenci sokarak ve cemaatin k\u0131zlar\u0131n\u0131 askerlerle evlendirerek en &ccedil;ok 7 y\u0131l sonra Ordu&rsquo;da s&ouml;z sahibi olmay\u0131 hedefliyor.&rdquo;<\/span><\/em><\/strong><span style=\"font-size: 12pt; font-family: Arial, sans-serif;\"> tespitleri iftira say\u0131l\u0131yor, b&ouml;ylece 15 Temmuz&rsquo;a giden s&uuml;rece zemin haz\u0131rlan\u0131yordu. <\/span><\/p>\n<p style=\"margin-bottom: 0.0001pt; text-align: justify; text-indent: 1cm; line-height: 16pt;\"><strong><span style=\"font-size: 14pt; font-family: Arial, sans-serif;\">Star:<\/span><\/strong><strong><span style=\"font-size: 12pt; font-family: Arial, sans-serif;\"> &ldquo;Devlet El Koydu&rdquo;<\/span><\/strong><span style=\"font-size: 12pt; font-family: Arial, sans-serif;\"> man\u015fetiyle, Fetullah G&uuml;len&rsquo;in ABD&rsquo;deki &ldquo;referans&rdquo;\u0131n\u0131n, Kas\u0131m G&uuml;lek&rsquo;in k\u0131z\u0131 Aylin G&uuml;lek (DSP milletvekili) oldu\u011funu yaz\u0131yordu. <\/span><\/p>\n<p style=\"margin-bottom: 0.0001pt; text-align: justify; text-indent: 1cm; line-height: 16pt;\"><strong><span style=\"font-size: 14pt; font-family: Arial, sans-serif;\">Ahmet Ta\u015fgetiren<\/span><\/strong><span style=\"font-size: 12pt; font-family: Arial, sans-serif;\">, <strong>&ldquo;F\u0131rt\u0131nan\u0131n Ahlak Karnesi&rdquo;<\/strong> ba\u015fl\u0131kl\u0131 yaz\u0131s\u0131nda, Adnan Menderes&rsquo;ten Fetullah G&uuml;len&rsquo;e &uuml;lkeye &ldquo;hizmet erbab\u0131n\u0131n harcand\u0131\u011f\u0131&rdquo;ndan bahisle &ldquo;<strong><em>T&uuml;rkiye&rsquo;nin gelece\u011fini g&ouml;mmekten vazge&ccedil;ilmeli art\u0131k&rdquo; <\/em><\/strong>diye hayk\u0131r\u0131yordu. (Y. \u015eafak, 21.06.1999)<\/span><\/p>\n<p style=\"margin-bottom: 0.0001pt; text-align: justify; text-indent: 1cm; line-height: 16pt;\"><strong><span style=\"font-size: 14pt; font-family: Arial, sans-serif;\">Taha Akyol,<\/span><\/strong><span style=\"font-size: 14pt; font-family: Arial, sans-serif;\"> <\/span><strong><span style=\"font-size: 12pt; font-family: Arial, sans-serif;\">&ldquo;Din ve Laiklik&rdquo;<\/span><\/strong><span style=\"font-size: 12pt; font-family: Arial, sans-serif;\"> ba\u015fl\u0131kl\u0131 yaz\u0131s\u0131nda \u015funlar\u0131 yaz\u0131yordu: <strong><em>&ldquo;Biz ne yap\u0131yoruz? Din-Modernle\u015fme-Sek&uuml;lerlik ili\u015fkilerindeki &ccedil;a\u011fda\u015f &ccedil;o\u011fulculu\u011fun tezah&uuml;r&uuml; olan F. G&uuml;len hareketinin sosyolojik i\u015flevini d&uuml;\u015f&uuml;nmeden hafiye mant\u0131\u011f\u0131 ile mahk&ucirc;m ediyoruz. Bu, dinden ge&ccedil;tik, &ccedil;a\u011fda\u015fla\u015fma ufkumuzun darl\u0131\u011f\u0131n\u0131 g&ouml;sterir.&rdquo;<\/em><\/strong> (Milliyet, 21.06.1999) diyerek Feto&rsquo;ya sahip &ccedil;\u0131k\u0131yordu.<\/span><\/p>\n<p style=\"margin-bottom: 0.0001pt; text-align: justify; text-indent: 1cm; line-height: 16pt;\"><strong><span style=\"font-size: 14pt; font-family: Arial, sans-serif;\">&Uuml;nl&uuml; i\u015f adam\u0131 Sak\u0131p Sabanc\u0131<\/span><\/strong><span style=\"font-size: 12pt; font-family: Arial, sans-serif;\">, <strong><em>&ldquo;Benim de okullar\u0131m var. G&uuml;len&rsquo;in te\u015fvikleri ile okullar a&ccedil;\u0131l\u0131yor ve bu okullarda e\u011fitim alan\u0131nda g&uuml;zel i\u015fler yap\u0131l\u0131yor. T&uuml;rkiye&rsquo;mi d&uuml;nyaya tan\u0131t\u0131yorlar&rdquo;<\/em><\/strong> diyordu. (Zaman, 24.6.1999) Bu &ouml;zelli\u011fi ile Fetocular\u0131n yurt d\u0131\u015f\u0131ndaki okullar\u0131, 19. ve 20. y&uuml;zy\u0131llarda s&ouml;m&uuml;rgecilik m&uuml;cadelesi veren \u0130ngiltere, Fransa ve \u0130talyal\u0131 m&uuml;te\u015febbislerin &uuml;lkeleri d\u0131\u015f\u0131nda a&ccedil;t\u0131klar\u0131, bizim onlara &ldquo;Yabanc\u0131 Okullar&rdquo; veya &ldquo;Misyoner Okullar\u0131&rdquo; dedi\u011fimiz okullara benzetiyorlard\u0131. Ad\u0131 ge&ccedil;en &uuml;lkelerde bu okullara, &ldquo;irticai, gerici okullar, y\u0131k\u0131l\u0131p gidesi okullar&rdquo; diye sald\u0131r\u0131lmad\u0131\u011f\u0131, &uuml;stelik girdikleri &uuml;lkelerde s&ouml;m&uuml;rgeci devletlerin politikalar\u0131na yard\u0131mc\u0131 olduklar\u0131 i&ccedil;in bunlara devlet b&uuml;t&ccedil;esinden destek sa\u011fland\u0131\u011f\u0131 hat\u0131rlat\u0131l\u0131yordu. G&uuml;len&rsquo;in okullar\u0131na d&uuml;\u015fman olanlar\u0131n, bilerek veya bilmeyerek &ldquo;T&uuml;rk&rsquo;&uuml;n k&uuml;lt&uuml;r ve n&uuml;fuzunun d&uuml;nyaya yay\u0131lmas\u0131na kar\u015f\u0131 olduklar\u0131&rdquo; ima ediliyordu.<\/span><\/p>\n<p style=\"margin-bottom: 0.0001pt; text-align: justify; text-indent: 1cm; line-height: 16pt;\"><strong><span style=\"font-size: 14pt; font-family: Arial, sans-serif;\">G&uuml;lay G&ouml;kt&uuml;rk,<\/span><\/strong><span style=\"font-size: 14pt; font-family: Arial, sans-serif;\"> <\/span><strong><span style=\"font-size: 12pt; font-family: Arial, sans-serif;\">&ldquo;Devleti Ele Ge&ccedil;irememek&rdquo; ba\u015fl\u0131kl\u0131 yaz\u0131s\u0131nda &ldquo;ilgin&ccedil; ve bilimsel&rdquo; tespitler yap\u0131yor: <em>&ldquo;\u015eu &lsquo;devleti ele ge&ccedil;irmek&rsquo; su&ccedil;lamas\u0131n\u0131n, bu kadar s\u0131k ve bu kadar yo\u011fun g&uuml;ndeme gelmesi bir \u015feyleri kan\u0131tlam\u0131yor mu sizce? Malum, kendinize ait olan bir \u015feyi ele ge&ccedil;iremezseniz; ancak sizin olmayan bir \u015feyi ele ge&ccedil;irebilirsiniz. Demek ki, toplumun o kadar geni\u015f bir kesimi devleti &lsquo;kendisinin&rsquo; olarak g&ouml;rm&uuml;yor ki, ele ge&ccedil;irmek i&ccedil;in s&uuml;rekli faaliyet halinde. Demek ki, bizim devlet o kadar geni\u015f kitleyi d\u0131\u015flam\u0131\u015f; &uuml;st&uuml;nde y&uuml;kseldi\u011fi toplumdan o kadar kopmu\u015f ki, g&uuml;na\u015f\u0131r\u0131 &lsquo;ele ge&ccedil;irilme&rsquo; tehlikesi atlat\u0131yor! Bunda bir gariplik yok mu?&#8230; Bana kal\u0131rsa T&uuml;rkiye&rsquo;nin sorunu, devletin ele ge&ccedil;irilmesi de\u011fil, ele ge&ccedil;irilememesidir. Bir zamanlar devleti ele ge&ccedil;iren z&uuml;mrenin, bunu ilelebet s&uuml;recek bir imtiyaz olarak g&ouml;rmesi, bu imtiyaz\u0131 kimseyle payla\u015fmaya raz\u0131 olmamas\u0131d\u0131r. Sorun, toplumda var olan de\u011fi\u015fik e\u011filimlerin, toplumsal g&uuml;&ccedil;lerin, hatta sand\u0131ktan &ccedil;\u0131kan h&uuml;k&uuml;metlerin bile, bir t&uuml;rl&uuml; devleti ele ge&ccedil;irmeyi ba\u015faramamas\u0131d\u0131r. (Bunu ifade etmek i&ccedil;in bizde s\u0131k s\u0131k &lsquo;H&uuml;k&uuml;met olduk, fakat iktidar olamad\u0131k&rsquo; tabiri kullan\u0131l\u0131r.)&rdquo;<\/em><\/span><\/strong><span style=\"font-size: 12pt; font-family: Arial, sans-serif;\"> diyordu.<\/span><\/p>\n<p style=\"margin-bottom: 0.0001pt; text-align: justify; text-indent: 1cm; line-height: 16pt;\"><strong><span style=\"font-size: 14pt; font-family: Arial, sans-serif;\">Yal&ccedil;\u0131n Pek\u015fen<\/span><\/strong><span style=\"font-size: 12pt; font-family: Arial, sans-serif;\">; MHP lideri Bah&ccedil;eli&rsquo;nin &ldquo;G&uuml;len Krizi&rdquo; kar\u015f\u0131s\u0131nda partililere &ldquo;susun&rdquo; demekle MHP&rsquo;nin &ldquo;mal\u0131 g&ouml;t&uuml;rd&uuml;\u011f&uuml;&rdquo;n&uuml; yaz\u0131yor. Ecevit ve Y\u0131lmaz &ldquo;konu\u015fmakla kaybetmi\u015f&rdquo;. (Ak\u015fam, 24.06.1999) Bah&ccedil;eli i&ccedil;in, &ldquo;28 \u015eubat kar\u015f\u0131s\u0131nda susmakla da kazand\u0131&rdquo; deniliyordu. &ldquo;Suskunluk&rdquo;un da bir &ouml;l&ccedil;&uuml;s&uuml; olsa gerekir. &ldquo;Haks\u0131zl\u0131k kar\u015f\u0131s\u0131nda susan dilsiz \u015feytand\u0131r&rdquo; hat\u0131rlatmas\u0131 yap\u0131l\u0131yordu.<\/span><\/p>\n<p style=\"margin-bottom: 0.0001pt; text-align: justify; text-indent: 1cm; line-height: 16pt;\"><strong><span style=\"font-size: 14pt; font-family: Arial, sans-serif;\">Yeni \u015eafak,<\/span><\/strong><span style=\"font-size: 14pt; font-family: Arial, sans-serif;\"> <\/span><span style=\"font-size: 12pt; font-family: Arial, sans-serif;\">27 Haziran&rsquo;da &ldquo;Fetullah G&uuml;len Krizi&rdquo; kar\u015f\u0131s\u0131nda &ldquo;T&uuml;rkiye&rsquo;nin d\u0131\u015far\u0131dan g&ouml;r&uuml;n&uuml;m&uuml;&rdquo;n&uuml; veriyordu. 12 y\u0131ldan beri T&uuml;rkiye&rsquo;de The Wall Street Journal gazetesinin muhabirli\u011fini yapan Hugh Pope&rsquo;nin yazd\u0131klar\u0131n\u0131 aktar\u0131yordu: <strong><em>&ldquo;Birdenbire g&uuml;ndeme bir \u015feyler f\u0131rlat\u0131l\u0131yor. T&uuml;rk halk\u0131 baz\u0131 \u015feyleri kolayca g&ouml;r&uuml;yor ve anl\u0131yor. F. G&uuml;len olay\u0131nda ne de\u011fi\u015fti de b&ouml;yle oldu? Hep s&ouml;ylenirdi: F. G&uuml;len&rsquo;in T&uuml;rkiye&rsquo;yi de\u011fi\u015ftirmek i&ccedil;in yola &ccedil;\u0131kt\u0131\u011f\u0131. Ama birdenbire ne oldu da F. G&uuml;len g&uuml;ndemin birinci maddesi haline getirildi? Neden bug&uuml;n? Neden birdenbire ke\u015ffedildi? Anlamak zor. Bunlarla bir yere var\u0131lm\u0131yor. Merve Kavak&ccedil;\u0131 Olay\u0131&rsquo;nda da g&ouml;rd&uuml;k bunu. Bunlar yaz ya\u011fmuru gibi gelip ge&ccedil;ici \u015feyler. De\u011fi\u015fen bir \u015fey yok. Bu olaylar sanki bir i&ccedil; hesapla\u015fman\u0131n sonucu. Ankara&rsquo;n\u0131n i&ccedil;inde sanki bir kavga var ve bundan dolay\u0131 gazete man\u015fetleri s&uuml;rekli de\u011fi\u015fiyor, &ouml;yle hissediyorum ve onun i&ccedil;in de fazla takip etmiyorum. Yukar\u0131dan, y&uuml;ksekten gelen bir \u015fey bu. Alttan gelen bir \u015fey de\u011fil. &Ccedil;&uuml;nk&uuml; T&uuml;rk halk\u0131 M. Kavak&ccedil;\u0131 olay\u0131n\u0131 da F. G&uuml;len olay\u0131n\u0131 da bu kadar b&uuml;y&uuml;tmez. Bunlar y&uuml;kseklerden gelen \u015feyler. Man\u015fetler yukar\u0131dan at\u0131l\u0131yor&#8230;&rdquo; <\/em><\/strong>diyerek FETO&rsquo;ya destek veriliyordu.<\/span><\/p>\n<p style=\"margin-bottom: 0.0001pt; text-align: justify; text-indent: 1cm; line-height: 16pt;\"><strong><em><span style=\"font-size: 12pt; font-family: Arial, sans-serif;\">&ldquo;Refah Partisi&rsquo;nin temsil etti\u011fi \u0130sl&acirc;miyet&rsquo;i &ccedil;ok siyasal bulduklar\u0131ndan dolay\u0131, partiyi kapatarak bu siyasal hareketin de &ouml;n&uuml;n&uuml; kapatmaya &ccedil;al\u0131\u015f\u0131yorlar. Bir bo\u015fluk var, bu bo\u015fluk \u015fimdi bir ba\u015fka parti ile kapat\u0131lmaya &ccedil;al\u0131\u015f\u0131l\u0131yor&#8230; Devlet eliyle kapat\u0131lmaya &ccedil;al\u0131\u015f\u0131l\u0131yor!&rdquo;<\/span><\/em><\/strong><strong><span style=\"font-size: 12pt; font-family: Arial, sans-serif;\"> diyen Hugh Pope, daha o g&uuml;nden Erbakan&rsquo;\u0131n devre d\u0131\u015f\u0131 b\u0131rak\u0131laca\u011f\u0131n\u0131n, Erdo\u011fan&rsquo;\u0131n iktidara ta\u015f\u0131naca\u011f\u0131n\u0131n, Fetullah&ccedil;\u0131lar\u0131n da buna zemin haz\u0131rlad\u0131\u011f\u0131n\u0131n mesaj\u0131n\u0131 veriyordu.<\/span><\/strong><\/p>\n<p style=\"margin-bottom: 0.0001pt; text-align: justify; text-indent: 1cm; line-height: 16pt;\"><strong><span style=\"font-size: 14pt; font-family: Arial, sans-serif;\">Yeni Asya Gazetesi sahibi Nurcu Mehmet Kutlular,<\/span><\/strong><span style=\"font-size: 14pt; font-family: Arial, sans-serif;\"> <\/span><span style=\"font-size: 12pt; font-family: Arial, sans-serif;\">&ldquo;Nurcu bak\u0131\u015f a&ccedil;\u0131s\u0131&rdquo; ile G&uuml;len&rsquo;i de\u011ferlendiriyordu. Ru\u015fen &Ccedil;ak\u0131r&rsquo;\u0131n sorular\u0131n\u0131 cevapland\u0131r\u0131rken, G&uuml;len&rsquo;in kendilerinden 1971&rsquo;de ayr\u0131ld\u0131\u011f\u0131n\u0131, &ldquo;Ben Nurcuyum&rdquo; demedi\u011finden bahisle, Marksizm tehlikesi gidince <strong><em>&ldquo;Devlet&rsquo;in dinle bar\u0131\u015fmas\u0131 g&uuml;ndeme geldi&rdquo; <\/em><\/strong>\u015feklinde g&ouml;r&uuml;\u015f belirttikten sonra \u015funlar\u0131 s&ouml;yl&uuml;yordu:<strong><em> &ldquo;G&uuml;len&rsquo;in &ouml;n&uuml;n&uuml; devlet a&ccedil;m\u0131\u015ft\u0131. \u015eimdi devlet kesiyor, &ouml;nce &ouml;rnek bir M&uuml;sl&uuml;man g&ouml;sterildi. T&uuml;rkiye devletinin bunlar\u0131 bilmemesi m&uuml;mk&uuml;n de\u011fil. Ard\u0131ndan &lsquo;Devleti ele ge&ccedil;irmek istiyorlar&rsquo; denildi. Refah-Yol s&uuml;recinde RP&rsquo;ye kar\u015f\u0131 kullan\u0131ld\u0131. 28 \u015eubat s&uuml;recinde F. Hoca Yal&ccedil;\u0131n Do\u011fan&rsquo;la Kanal D&rsquo;deki programa &ccedil;\u0131kt\u0131&#8230; &lsquo;Erbakan&rsquo;\u0131n i\u015fi bitmi\u015ftir, emaneti ehline teslim etmek gerekir&rsquo; <\/em><\/strong>diyor ve <strong><em>&ldquo;\u015eimdi ayn\u0131 makam onu birinci tehlike g&ouml;r&uuml;yor. O g&uuml;ne kadar kullan\u0131yor, i\u015fi bitince de bir kenara b\u0131rak\u0131l\u0131yor. B\u0131rak\u0131rken de yumu\u015fak&ccedil;a, yava\u015f b\u0131rakm\u0131yor, &ouml;yle b\u0131rak\u0131l\u0131yor ki, parampar&ccedil;a ediyor.&rdquo;<\/em><\/strong> (Milliyet, 26.06.1999) a&ccedil;\u0131klamas\u0131n\u0131 yap\u0131yordu.<\/span><\/p>\n<p style=\"margin-bottom: 0.0001pt; text-align: justify; text-indent: 1cm; line-height: 16pt;\"><strong><span style=\"font-size: 14pt; font-family: Arial, sans-serif;\">Etyen Mahcupyan:<\/span><\/strong><span style=\"font-size: 14pt; font-family: Arial, sans-serif;\"> <\/span><strong><em><span style=\"font-size: 12pt; font-family: Arial, sans-serif;\">&ldquo;Bug&uuml;n T&uuml;rkiye&rsquo;de devlet kendi toplumunu tan\u0131mad\u0131\u011f\u0131 gibi, g&uuml;c&uuml;n&uuml; kullanarak siyasi partileri ve medyay\u0131 da kendi cehaletini payla\u015fmaya davet etmektedir. Bunun baz\u0131 sonu&ccedil;lar\u0131n\u0131 Fetullah Hoca vakas\u0131yla ili\u015fkili olarak da g&ouml;rmekteyiz. Baz\u0131 yazarlar\u0131m\u0131z bu cemaati bir t&uuml;r mafya sanmakta; baz\u0131lar\u0131 G&uuml;len&rsquo;in 20 y\u0131ld\u0131r nas\u0131l olup da herkesi kand\u0131rd\u0131\u011f\u0131na hayret etmekte; bir b&ouml;l&uuml;m&uuml; ise i\u015fi &Ouml;zal&rsquo;a veya &lsquo;Ye\u015fil Ku\u015fak&rsquo; teorisine ba\u011flamaktad\u0131r. Di\u011fer bir deyi\u015fle hi&ccedil;birinin akl\u0131nda bu cemaatin hakiki k&ouml;kenini, dinamizm ve mobilizasyon yetene\u011finin dayand\u0131\u011f\u0131 tarihsel damarlar\u0131 anlamak &uuml;zere bakma kayg\u0131s\u0131 yoktur. G&uuml;len Cemaati&rsquo;ni tasvip etmek, hatta tehlikeli bulmak ayr\u0131 bir \u015fey, bu yap\u0131y\u0131 anlamaya &ccedil;al\u0131\u015fmak ba\u015fka \u015fey. Ne yaz\u0131k ki, bug&uuml;n T&uuml;rkiye &lsquo;anlama&rsquo; denen &ccedil;abaya o denli yabanc\u0131d\u0131r ki, herkes ancak kendi siyasi do\u011frular\u0131n\u0131n merce\u011finden di\u011ferlerine bakmakta ve onu bir kategoriye yerle\u015ftirerek anlad\u0131\u011f\u0131n\u0131 sanmaktad\u0131r. Do\u011fal olarak k\u0131s\u0131tlay\u0131c\u0131 ve yan\u0131lt\u0131c\u0131 bak\u0131\u015f\u0131n ba\u015f\u0131n\u0131 &ccedil;eken yine devlettir&#8230; G&uuml;len cemaatinin demokrat bir pozisyon a&ccedil;\u0131s\u0131ndan ele\u015ftirilecek ve kar\u015f\u0131 &ccedil;\u0131k\u0131lacak &ccedil;ok y&ouml;n&uuml; var. Ama devletin yapt\u0131\u011f\u0131 yanl\u0131\u015f bir y&ouml;nlendirmeden ibarettir. G&ouml;r&uuml;nen o ki, devlet di\u011fer akt&ouml;rleri de ancak &lsquo;devlet&rsquo; modeli i&ccedil;inde alg\u0131layabiliyor ve onlara &lsquo;devlet&rsquo; &ouml;zellikleri atfediyor. K&ouml;rl&uuml;\u011f&uuml;n sebebi bu. Hi&ccedil;bir zaman modern olmamam\u0131z\u0131n da&#8230;&rdquo; <\/span><\/em><\/strong><span style=\"font-size: 12pt; font-family: Arial, sans-serif;\">(Radikal, 29.06.1999) s&ouml;zleriyle Fetullah G&uuml;len hareketini sahipleniyor ve masum g&ouml;steriyordu.<\/span><\/p>\n<p style=\"margin-bottom: 0.0001pt; text-align: justify; text-indent: 1cm; line-height: 16pt;\"><strong><span style=\"font-size: 14pt; font-family: Arial, sans-serif;\">Kur&rsquo;an Kursu Yasa Tasar\u0131s\u0131&rsquo;n\u0131n Yasala\u015fmas\u0131<\/span><\/strong><\/p>\n<p style=\"margin-bottom: 0.0001pt; text-align: justify; text-indent: 1cm; line-height: 16pt;\"><span style=\"font-size: 12pt; font-family: Arial, sans-serif;\">28 \u015eubat s&uuml;recinin &ouml;nemli bir icraat\u0131n\u0131 te\u015fkil eden <\/span><strong><em><span style=\"font-size: 14pt; font-family: Arial, sans-serif;\">irtica ile m&uuml;cadele yasa tasar\u0131lar\u0131<\/span><\/em><\/strong><span style=\"font-size: 12pt; font-family: Arial, sans-serif;\">, Mart 1998&rsquo;de ya\u015fanan &ldquo;Mesut Y\u0131lmaz &#8211; Askerler Depremi&rdquo; sonucu ortaya &ccedil;\u0131km\u0131\u015f, &ldquo;askerler taraf\u0131ndan haz\u0131rlan\u0131p h&uuml;k&uuml;mete verildi&rdquo; denilen &ldquo;9 adet yasa tasar\u0131s\u0131&rdquo; i&ccedil;in <strong><em>&ldquo;bunlar antidemokratiktir; yasala\u015famaz&rdquo;<\/em><\/strong> yorumlar\u0131 yap\u0131lm\u0131\u015f, nitekim Anasol-D bundan &ccedil;ekindi\u011fi i&ccedil;in ad\u0131 ge&ccedil;en yasa tasar\u0131lar\u0131n\u0131n yasala\u015fmas\u0131n\u0131 savsaklamaya &ccedil;al\u0131\u015fm\u0131\u015ft\u0131. Haziran 1999&rsquo;a gelindi\u011finde estirilen &ldquo;Fetullah G&uuml;len irtica r&uuml;zg&acirc;r\u0131&rdquo; ile 28 \u015eubat&rsquo;a &ldquo;2. doping&rdquo; verilince, yine &ldquo;asker bask\u0131s\u0131&rdquo; sonucu <\/span><strong><span style=\"font-size: 14pt; font-family: Arial, sans-serif;\">ANASOL-M&rsquo;nin Ba\u015fbakan\u0131 B&uuml;lent Ecevit<\/span><\/strong><span style=\"font-size: 12pt; font-family: Arial, sans-serif;\">, bunlar\u0131 apar topar Meclis&rsquo;e sevk etmek zorunda kalm\u0131\u015ft\u0131. &Ouml;yle apar topar sevk edilmi\u015fti ki, Ecevit, ortaklar\u0131 Devlet Bah&ccedil;eli ve Mesut Y\u0131lmaz&rsquo;\u0131n bile fikrini almam\u0131\u015f, Meclis&rsquo;e kendi imzas\u0131 ile sevk etmi\u015f, bu durum tenkit konusu olmu\u015f, hatta bu sebepten ilgili komisyonlarda MHP&rsquo;li &uuml;yeler ret oyu kullanm\u0131\u015ft\u0131.<\/span><\/p>\n<p style=\"margin-bottom: 0.0001pt; text-align: justify; text-indent: 1cm; line-height: 16pt;\"><span style=\"font-size: 12pt; font-family: Arial, sans-serif;\">&ldquo;\u0130rtica yasa tasar\u0131lar\u0131 i&ccedil;in start&rdquo;, 3 Temmuz&rsquo;da Star&rsquo;\u0131n haber ba\u015fl\u0131\u011f\u0131yd\u0131. \u0130&ccedil;eri\u011finde, &ldquo;irtica ile m&uuml;cadele yasa tasar\u0131lar\u0131 TBMM Ba\u015fkanl\u0131\u011f\u0131 taraf\u0131ndan Meclis komisyonlar\u0131na g&ouml;nderildi. Yasalar &lsquo;ivedilikle&rsquo; g&ouml;r&uuml;\u015f&uuml;lecek&rdquo; denilen, 9 yasa tasar\u0131s\u0131 g&uuml;ndeme ta\u015f\u0131nm\u0131\u015ft\u0131. Bu 9 adet yasa tasar\u0131s\u0131ndan &ldquo;en hafifi&rdquo; denilen &ldquo;Cami yap\u0131m\u0131na s\u0131n\u0131rland\u0131rma getirilmesi ve camilerin Diyanet&rsquo;e devri&rdquo; yasas\u0131 &ccedil;\u0131kar\u0131lm\u0131\u015f, bununla &ldquo;askerlerin a\u011fz\u0131na bir parmak bal &ccedil;almak&rdquo; yorumlar\u0131 yap\u0131lm\u0131\u015ft\u0131. 1999 Temmuz&rsquo;da da yine &ldquo;en hafifi&rdquo; Vak\u0131flar&rsquo;\u0131n, Cumhurba\u015fkan\u0131&rsquo;n\u0131n izni ile Devlet Denetleme Kurulu (DDK) taraf\u0131ndan kontrol&uuml;n&uuml; esas alan tasar\u0131 Meclis&rsquo;in Anayasa Komisyonu&rsquo;nda g&ouml;r&uuml;\u015f&uuml;lmeye ba\u015flanm\u0131\u015ft\u0131. DSP ve ANAP&rsquo;\u0131n tutumu zaten a&ccedil;\u0131kt\u0131. H&uuml;k&uuml;metin yeni orta\u011f\u0131 MHP&rsquo;nin tutumu merak ediliyordu. &ldquo;MHP irtica yasa tasar\u0131lar\u0131n\u0131 engeller&rdquo; havas\u0131 i&ccedil;inde bu partiden bu engelleme bekleniyordu. Beklentilerin do\u011fru oldu\u011fu g&ouml;r&uuml;ld&uuml;. &ldquo;H&uuml;k&uuml;mette irtica &ccedil;atla\u011f\u0131&rdquo; 9 Temmuz&rsquo;da Cumhuriyet&rsquo;in haber ba\u015fl\u0131\u011f\u0131 idi. Vak\u0131flar yasa tasar\u0131s\u0131 g&ouml;r&uuml;\u015f&uuml;l&uuml;rken MHP&rsquo;lilerin FP ve DYP&rsquo;li &uuml;yelerle birlikte ret oyu verdikleri yer al\u0131yordu. Tasar\u0131, bunun ard\u0131ndan 2. kez sevk ediliyor ve yine ret ediliyordu. Radikal bunu 10 Temmuz&rsquo;da &ldquo;MHP&rsquo;lilerden Bah&ccedil;eli&rsquo;ye rest, MHP&rsquo;nin vak\u0131f inad\u0131&rdquo; haber ba\u015fl\u0131\u011f\u0131 ile veriyordu. \u0130&ccedil;eri\u011finde \u015funlar yer al\u0131yordu: <strong><em>&ldquo;Bah&ccedil;eli&rsquo;nin talimat\u0131 i\u015fe yaramad\u0131. MHP oy vermeyince ikinci defa iade edildi.&rdquo;<\/em><\/strong> Ard\u0131ndan yine Radikal&rsquo;de 16 Temmuz&rsquo;da &ldquo;MHP &lsquo;uyum sa\u011flad\u0131&rdquo; ba\u015fl\u0131kl\u0131 haber &ccedil;\u0131km\u0131\u015ft\u0131. \u0130&ccedil;eri\u011finde, yine Bah&ccedil;eli&rsquo;nin<strong><em> &ldquo;kabul oyu verin&rdquo; \u015feklindeki m&uuml;dahalesi sonucu vak\u0131flar yasa tasar\u0131s\u0131n\u0131n MHP&rsquo;nin oylar\u0131yla komisyonda kabul edilerek Meclis Genel Kurulu&rsquo;na inecek hale getirildi\u011finden bahsediliyordu.<\/em><\/strong> Bah&ccedil;eli, &ldquo;koalisyon protokol&uuml;nde ne varsa arkas\u0131nday\u0131z&rdquo; diyordu. (Radikal, 21.07.1999) <\/span><\/p>\n<p style=\"margin-bottom: 0.0001pt; text-align: justify; text-indent: 1cm; line-height: 16pt;\"><span style=\"font-size: 12pt; font-family: Arial, sans-serif;\">Kur&rsquo;an Kurslar\u0131 yasa tasar\u0131s\u0131 Milli E\u011fitim Komisyonu&rsquo;nda g&ouml;r&uuml;\u015f&uuml;l&uuml;rken, askerler de yak\u0131ndan izliyor, bunu Star &ldquo;Yarbay Takipte&rdquo; haber ba\u015fl\u0131\u011f\u0131 ile duyuruyordu. \u0130&ccedil;eri\u011finde \u015funlar vard\u0131: &ldquo;Milli E\u011fitim Komisyonundaki Kur&rsquo;an Kursu g&ouml;r&uuml;\u015fmelerini, Mill&icirc; Savunma Bakanl\u0131\u011f\u0131 Kanunlar Dairesi Ba\u015fkanl\u0131\u011f\u0131&rsquo;n\u0131n talimat\u0131yla Yarbay Hikmet Ak&ccedil;am yak\u0131n takibe ald\u0131.&rdquo; (Star, 16.07.1999) Komisyon &uuml;yeleri ile ayn\u0131 koltuklarda oturan Ak&ccedil;am, kimin ne s&ouml;yledi\u011fini &ldquo;tek tek not&rdquo; al\u0131yordu. Kur&rsquo;an Kurslar\u0131 yasa tasar\u0131s\u0131 Meclis&rsquo;te g&ouml;r&uuml;\u015f&uuml;l&uuml;rken, Kur&rsquo;an &ouml;\u011fretimi ve kurslar\u0131n\u0131n aleyhinde ve lehinde s&ouml;z ve yaz\u0131 d&uuml;ellosu ile adeta &ldquo;sava\u015f&rdquo; havas\u0131 ya\u015fan\u0131yordu. Anayasa Mahkemesi eski Ba\u015fkan\u0131 ve Atat&uuml;rk&ccedil;&uuml; D&uuml;\u015f&uuml;nce Derne\u011fi Ba\u015fkan\u0131 Yekta G&uuml;ng&ouml;r &Ouml;zden, aleyhte olarak \u015funlar\u0131 s&ouml;yl&uuml;yordu: <strong><em>&ldquo;Dan\u0131\u015ftay&rsquo;\u0131n iptal etmesine kar\u015f\u0131n, 8 y\u0131ll\u0131k e\u011fitimin sonunu beklemeyip, &ccedil;ocuklar\u0131 ilkokul 5. y\u0131ldan itibaren Kur&rsquo;an kurslar\u0131na sokmaya &ccedil;al\u0131\u015f\u0131yorlar. Bu, kapat\u0131lan \u0130HL&rsquo;nin orta k\u0131s\u0131mlar\u0131n\u0131n yeniden getirilmesidir. \u015eeriat&ccedil;\u0131lar iyice azd\u0131. Bu, \u015feriat&ccedil;\u0131lar ve Fetullah&rsquo;la beraber 10-15 y\u0131l sonra T&uuml;rkiye&rsquo;nin i&ccedil;inden-d\u0131\u015f\u0131ndan ku\u015fat\u0131lmas\u0131 demektir.&rdquo;<\/em><\/strong> \u015feklinde sald\u0131r\u0131yordu. (Akit, 20.07.1999) Oysa bu milletin mukaddes kitab\u0131n\u0131 &ouml;\u011frenmesine &ldquo;i&ccedil;eriden ku\u015fatma&rdquo; demek, bir din d&uuml;\u015fmanl\u0131\u011f\u0131n\u0131 yans\u0131t\u0131yordu.<\/span><\/p>\n<p style=\"margin-bottom: 0.0001pt; text-align: justify; text-indent: 1cm; line-height: 16pt;\"><strong><em><span style=\"font-size: 12pt; font-family: Arial, sans-serif;\">&ldquo;Kemalist ve Aleviyim&rdquo; <\/span><\/em><\/strong><span style=\"font-size: 12pt; font-family: Arial, sans-serif;\">diyen R\u0131za Zelyut,<em> <\/em>&ldquo;Yobazlar neden MHP&rsquo;ye d&uuml;\u015fman&rdquo; ba\u015fl\u0131kl\u0131 yaz\u0131s\u0131nda \u015funlar\u0131 yaz\u0131yor ve MHP&rsquo;nin Kur&rsquo;an Kurslar\u0131 yasas\u0131 kar\u015f\u0131s\u0131ndaki tavr\u0131n\u0131 alk\u0131\u015fl\u0131yordu: <strong><em>&ldquo;TC&rsquo;ni y\u0131kmaya &ccedil;al\u0131\u015fanlar sadece ayr\u0131l\u0131k&ccedil;\u0131 PKK&rsquo;l\u0131lar de\u011fil. Onlarla dirsek temas\u0131nda olan yobazlar da Cumhuriyet&rsquo;in amans\u0131z d&uuml;\u015fman\u0131. \u015eeyh Sait&rsquo;ten tutun da Menemen Ayaklanmas\u0131na kadar, TC&rsquo;ne isyan edenlerin damar\u0131nda asl\u0131nda yobazl\u0131k kan\u0131 dola\u015f\u0131yor. Bunlar Cumhuriyet&rsquo;i zor yoluyla y\u0131kamayacaklar\u0131n\u0131 anlay\u0131nca \u015fimdi de siyaseti se&ccedil;tiler&#8230; Kur&rsquo;an ak\u0131l bali\u011f olunca &ouml;\u011fretilmelidir&#8230; MHP&rsquo;yi kullanmaya &ccedil;abal\u0131yorlar&#8230; MHP&rsquo;liler kaypak yapmak yerine, bunlara tav\u0131r tak\u0131n\u0131yorlar -ki, do\u011frusu da budur- dini, iman\u0131, Kur&rsquo;an&rsquo;\u0131 bu yobazlardan kurtarmak i&ccedil;in kararl\u0131 ve yi\u011fit tav\u0131r d\u0131\u015f\u0131nda se&ccedil;enek yoktur.&rdquo;<\/em><\/strong> (Ak\u015fam, 28.07.1999) \u015feklinde kinini kusuyordu.<\/span><\/p>\n<p style=\"margin-bottom: 0.0001pt; text-align: justify; text-indent: 1cm; line-height: 16pt;\"><strong><span style=\"font-size: 14pt; font-family: Arial, sans-serif;\">FET&Ouml; ile irtibatl\u0131 AKP&rsquo;li \u0130\u015f Adamlar\u0131<span style=\"font-size: 12pt;\">[2]<sup><br \/><\/sup><\/span><\/span><\/strong><\/p>\n<p style=\"margin-bottom: 0.0001pt; text-align: justify; text-indent: 1cm; line-height: 16pt;\"><strong style=\"text-indent: 1cm;\"><span style=\"font-size: 12pt; font-family: Arial, sans-serif;\">FET&Ouml;&#8217;n&uuml;n en b&uuml;y&uuml;k gelir kayna\u011f\u0131 olan kurumlar; Kaynak Holding, Koza-\u0130pek Holding ve Asya Kat\u0131l\u0131m Bankas\u0131, yani Bank Asya say\u0131lmaktayd\u0131. O d&ouml;nemdeki ad\u0131yla Asya Finans, 24 Ekim 1996 tarihinde a&ccedil;\u0131lm\u0131\u015ft\u0131. Kurdele kesimine Tansu &Ccedil;iller&rsquo;den Recep T. Erdo\u011fan&#8217;a, Abdullah G&uuml;l&#8217;den elbette ki Fetullah G&uuml;len&#8217;e kadar bir&ccedil;ok kritik isim kat\u0131lm\u0131\u015ft\u0131. Tansu &Ccedil;iller a&ccedil;\u0131l\u0131\u015f kurdelesini keserken, hemen arkas\u0131nda Asya Finans Y&ouml;netim Kurulu Ba\u015fkan\u0131 \u0130hsan Kalkavan vard\u0131. Bug&uuml;n FET&Ouml; firarisi olan Kalkavan, 15 Temmuz darbe giri\u015fiminden hemen sonra ABD&#8217;den konu\u015fmu\u015f ve \u015funlar\u0131 aktarm\u0131\u015ft\u0131:<\/span><\/strong><\/p>\n<p style=\"margin-bottom: 0.0001pt; text-align: justify; text-indent: 1cm; line-height: 16pt;\"><strong><em><span style=\"font-size: 12pt; font-family: Arial, sans-serif;\">&ldquo;Asl\u0131nda Bank Asya&#8217;n\u0131n kurucu Ba\u015fkan\u0131 ben olmayacakt\u0131m. &Uuml;lker Grubu kurucu ortaklar\u0131ndan Sel&ccedil;uk Berksan Bey olacakt\u0131. Sel&ccedil;uk (Berksan) Bey, o d&ouml;nem hukuki bir s\u0131k\u0131nt\u0131s\u0131ndan dolay\u0131 ba\u015fkan olamad\u0131.&rdquo;[3]<\/span><\/em><\/strong><\/p>\n<p style=\"margin-bottom: 0.0001pt; text-align: justify; text-indent: 1cm; line-height: 16pt;\"><strong style=\"text-indent: 1cm;\"><span style=\"font-size: 14pt; font-family: Arial, sans-serif;\">&Uuml;lker ve Berksan kelimelerinin, FET&Ouml; ile nas\u0131l yan yana geldi\u011fi &uuml;zerinde durmak laz\u0131md\u0131:<\/span><\/strong><\/p>\n<p style=\"margin-bottom: 0.0001pt; text-align: justify; text-indent: 1cm; line-height: 16pt;\"><span style=\"font-size: 12pt; font-family: Arial, sans-serif;\">&Uuml;lker Grubu 1944 y\u0131l\u0131nda As\u0131m Berksan taraf\u0131ndan kurulmu\u015ftu. Askerden gelen karde\u015fi Sabri&#8217;yi kurdu\u011fu i\u015fe ortak etmi\u015fti. Y\u0131llar sonra, bisk&uuml;vilerinin markas\u0131 &ldquo;&Uuml;lker&rdquo;, soyadlar\u0131 &ldquo;Berksan&rdquo;\u0131n &ouml;n&uuml;ne ge&ccedil;ti\u011fi iddias\u0131yla mahkemenin yolunu tuttular. \u0130ki karde\u015f, 26 A\u011fustos 1954 tarihinde verilen kararla soyadlar\u0131n\u0131 &ldquo;&Uuml;lker&rdquo; yapm\u0131\u015flard\u0131. As\u0131m &Uuml;lker&#8217;in o\u011fullar\u0131 Sel&ccedil;uk ve Faruk, 1979&#8217;da soyadlar\u0131n\u0131 de\u011fi\u015ftirerek, ailenin eski soyad\u0131 Berksan&#8217;\u0131 geri alm\u0131\u015flard\u0131. \u0130ki karde\u015fin ortakl\u0131\u011f\u0131, &ccedil;ocuklar\u0131n y&ouml;netime girmesiyle bozuldu ve 43 y\u0131l sonra sona erdi. 13 Mart 1987 g&uuml;n&uuml;, a\u011fabey As\u0131m &Uuml;lker kurucusu oldu\u011fu &Uuml;lker Grubu&#8217;ndan istifa edip ayr\u0131lm\u0131\u015ft\u0131. Ve sonunda &Uuml;lker&#8217;in kurucusu As\u0131m &Uuml;lker&#8217;in o\u011fullar\u0131, gelinleri ve hatta torunlar\u0131 FETO&#8217;n&uuml;n Bank Asya&#8217;s\u0131n\u0131n A Grubu imtiyazl\u0131 ortaklar\u0131 aras\u0131nda yer alm\u0131\u015flard\u0131. Abdurrahman Sel&ccedil;uk Berksan, &Ouml;mer Faruk Berksan, Ahmet Levent Berksan, Ay\u015fe T&uuml;lin Berksan, Fatma Emine Berksan, B&uuml;lent Berksan, Mehmet Sinan Berksan, Mehmet Berksan&#8230; Bunlar\u0131n hepsi, bug&uuml;n &Uuml;lker Grubu&#8217;nun sahibi olan Murat &Uuml;lker&#8217;in &ccedil;ok yak\u0131nlar\u0131yd\u0131.<\/span><\/p>\n<p style=\"margin-bottom: 0.0001pt; text-align: justify; text-indent: 1cm; line-height: 16pt;\"><strong><span style=\"font-size: 14pt; font-family: Arial, sans-serif;\">\u0130\u015fte &Uuml;lker&#8217;in Bank Asya&#8217;daki milyonlar\u0131<\/span><\/strong><\/p>\n<p style=\"margin-bottom: 0.0001pt; text-align: justify; text-indent: 1cm; line-height: 16pt;\"><strong><span style=\"font-size: 12pt; font-family: Arial, sans-serif;\">Bank Asya i&ccedil;in sonun ba\u015flang\u0131c\u0131 olarak, 17-25 Aral\u0131k 2013 operasyonlar\u0131 say\u0131l\u0131yordu. AKP-FET&Ouml; sava\u015f\u0131n\u0131n en ivme kazand\u0131\u011f\u0131 o d&ouml;nemden sonra, FET&Ouml; &ldquo;Bank Asya&#8217;ya para yat\u0131r\u0131n&rdquo;, AKP ise &ldquo;Bank Asya&#8217;dan para &ccedil;ekin&rdquo; talimatlar\u0131 veriyordu. \u0130\u015fte bu nedenle, FET&Ouml;&#8217;n&uuml;n talimat\u0131 sonras\u0131nda Bank Asya&#8217;ya para yat\u0131ranlar &ldquo;ola\u011fan&rdquo; \u015f&uuml;pheli konumuna d&uuml;\u015f&uuml;yordu. Bunun &uuml;zerine Yarg\u0131 da 17-25 Aral\u0131k 2013 ile bankaya el konuldu\u011fu 2015 y\u0131llar\u0131 aras\u0131ndaki Bank Asya hesap hareketlerini mercek alt\u0131na al\u0131yordu. Haz\u0131rlanan raporlar, Ankara Cumhuriyet Ba\u015fsavc\u0131l\u0131\u011f\u0131&rsquo;n\u0131n 2014\/37666 say\u0131l\u0131 soru\u015fturmas\u0131na ve Ankara 4. A\u011f\u0131r Ceza Mahkemesi&#8217;nde g&ouml;r&uuml;len 2016\/238 esas say\u0131l\u0131 FET&Ouml; &Ccedil;at\u0131 Davas\u0131&#8217;n\u0131n ek klas&ouml;rlerine giriyordu. S&ouml;z konusu raporlarla tespit edilen baz\u0131 FET&Ouml; \u015f&uuml;phelileri, &uuml;lke &ccedil;ap\u0131nda bir&ccedil;ok davada san\u0131k olmu\u015ftu.<\/span><\/strong><\/p>\n<p style=\"margin-bottom: 0.0001pt; text-align: justify; text-indent: 1cm; line-height: 16pt;\"><span style=\"font-size: 12pt; font-family: Arial, sans-serif;\">Neden &ldquo;baz\u0131&rdquo; dedi\u011fimize gelirsek; &ouml;rne\u011fin Y\u0131ld\u0131z Holding&#8217;e yani &Uuml;lker&#8217;in bug&uuml;nk&uuml; sahibi olan Murat &Uuml;lker&#8217;in Y&ouml;netim Kurulu Ba\u015fkan\u0131 oldu\u011fu holdinge bakal\u0131m. Eldeki veriler, 30 Kas\u0131m 2013-24 Aral\u0131k 2014 aras\u0131n\u0131 kaps\u0131yordu. Yani 17-25 Aral\u0131k operasyonlar\u0131ndan hemen &ouml;ncesi ile Bank Asya&#8217;ya TMSF taraf\u0131ndan el konulmas\u0131ndan hemen &ouml;ncesi aras\u0131ndaki yakla\u015f\u0131k bir y\u0131l\u0131&#8230; Haz\u0131rlanan rapora g&ouml;re, Y\u0131ld\u0131z Holding&#8217;in 2003&#8217;ten beri Bank Asya&#8217;da hesab\u0131 bulunuyordu. (Bank Asya&#8217;n\u0131n imtiyazl\u0131 ortaklar\u0131 aras\u0131nda olan Berksanlar, o y\u0131llarda &Uuml;lker&#8217;de de pay sahibi miydi acaba?) Y\u0131ld\u0131z Holding&#8217;in hesab\u0131ndaki tutarlar ve art\u0131\u015flar, ilgili tarihlerdeki bakiye durumu \u015f&ouml;yle raporland\u0131r\u0131l\u0131yordu:<\/span><\/p>\n<p style=\"margin-bottom: 0.0001pt; text-align: justify; text-indent: 1cm; line-height: 16pt;\"><span style=\"font-size: 12pt; font-family: Arial, sans-serif;\">30 Kas\u0131m 2013: 25 milyon TL. 31 Aral\u0131k 2013: 50 milyon TL. 24 Aral\u0131k 2014: 115 milyon 825 bin TL. Yani: 30 Kas\u0131m 2013 &#8211; 24 Aral\u0131k 2014 aras\u0131nda, Y\u0131ld\u0131z Holding&#8217;in Bank Asya&#8217;daki hesaplar\u0131nda 90 milyon 825 bin TL art\u0131\u015f vard\u0131. Bu rakam FET&Ouml;&#8217;ye dair yap\u0131lan soru\u015fturma ve dava dosyalar\u0131nda yer al\u0131yordu.<\/span><\/p>\n<p style=\"margin-bottom: 0.0001pt; text-align: justify; text-indent: 1cm; line-height: 16pt;\"><strong><span style=\"font-size: 14pt; font-family: Arial, sans-serif;\">\u0130fadeye dahi &ccedil;a\u011fr\u0131lmam\u0131\u015ft\u0131!<\/span><\/strong><\/p>\n<p style=\"margin-bottom: 0.0001pt; text-align: justify; text-indent: 1cm; line-height: 16pt;\"><strong><span style=\"font-size: 12pt; font-family: Arial, sans-serif;\">Keza FET&Ouml; denilince i\u015fler iyice kar\u0131\u015f\u0131yordu. Hat\u0131rlarsan\u0131z FET&Ouml;&#8217;n&uuml;n i\u015f adamlar\u0131 &ouml;rg&uuml;t&uuml; TUSKON&rsquo;un, Erdo\u011fan&#8217;a meydan okudu\u011fu bir toplant\u0131 yap\u0131l\u0131yordu. <\/span><\/strong><\/p>\n<p style=\"margin-bottom: 0.0001pt; text-align: justify; text-indent: 1cm; line-height: 16pt;\"><strong><span style=\"font-size: 12pt; font-family: Arial, sans-serif;\">17-25 Aral\u0131k operasyonuna kar\u015f\u0131 o d&ouml;nem Ba\u015fbakan olan Erdo\u011fan <\/span><\/strong><strong><em><span style=\"font-size: 12pt; font-family: Arial, sans-serif;\">&ldquo;inlerine girece\u011fiz&rdquo;<\/span><\/em><\/strong><strong><span style=\"font-size: 12pt; font-family: Arial, sans-serif;\"> diyor, yan\u0131t TUSKON&#8217;dan geliyordu. TUSKON Ba\u015fkan\u0131 <\/span><\/strong><strong><span style=\"font-size: 14pt; font-family: Arial, sans-serif;\">R\u0131zanur Meral; <\/span><\/strong><strong><em><span style=\"font-size: 12pt; font-family: Arial, sans-serif;\">&ldquo;yak\u0131n gelecekte, kimlerin inlerde ya\u015fad\u0131\u011f\u0131n\u0131, kimlerin saklanacak in arayaca\u011f\u0131n\u0131, kimlerin m&uuml;svedde, kimlerin as\u0131l oldu\u011funu herkes g&ouml;recek!&rdquo;<\/span><\/em><\/strong><strong><span style=\"font-size: 12pt; font-family: Arial, sans-serif;\"> diyerek a&ccedil;\u0131k&ccedil;a Erdo\u011fan&#8217;a meydan okuyordu. Medyada &ldquo;ihanet toplant\u0131s\u0131&rdquo; ifadeleriyle haber olan 2014 tarihli o toplant\u0131, daha sonra bir davan\u0131n konusu oluyordu. TUSKON davas\u0131 \u0130stanbul 23. A\u011f\u0131r Ceza Mahkemesi&#8217;nde g&ouml;r&uuml;l&uuml;yordu. 86 san\u0131\u011f\u0131n oldu\u011fu davada aralar\u0131nda eski \u0130stanbul B&uuml;y&uuml;k\u015fehir Belediye Ba\u015fkan\u0131 Kadir Topba\u015f&#8217;\u0131n damad\u0131 &Ouml;mer Faruk Kavurmac\u0131&rsquo;n\u0131n da oldu\u011fu az say\u0131da ki\u015fi tutuklu yarg\u0131lan\u0131yordu.<\/span><\/strong><\/p>\n<p style=\"margin-bottom: 0.0001pt; text-align: justify; text-indent: 1cm; line-height: 16pt;\"><strong><span style=\"font-size: 14pt; font-family: Arial, sans-serif;\">Ancak as\u0131l mesele, san\u0131k olanlar de\u011fil olmayanlar noktas\u0131nda &ccedil;\u0131k\u0131yordu.<\/span><\/strong><\/p>\n<p style=\"margin-bottom: 0.0001pt; text-align: justify; text-indent: 1cm; line-height: 16pt;\"><strong><span style=\"font-size: 12pt; font-family: Arial, sans-serif;\">TUSKON toplant\u0131s\u0131na kat\u0131lan, hatta &Ouml;mer Faruk Kavurmac\u0131&#8217;n\u0131n yan\u0131nda, en &ouml;nde oturan &uuml;nl&uuml; bir i\u015f adam\u0131 vard\u0131. Ad\u0131 Mehmet G&uuml;r&#8217;d&uuml;. \u0130n\u015faattan sa\u011fl\u0131\u011fa, turizmden enerjiye bir&ccedil;ok alanda faaliyet g&ouml;steren Ortado\u011fu Grup&rsquo;un \u0130cra Kurulu Ba\u015fkan\u0131&rsquo;yd\u0131. Ayn\u0131 zamanda holdingin veliaht\u0131yd\u0131. Bu i\u015f adam\u0131 G&uuml;r, toplant\u0131ya TUSKON&#8217;un Marmara \u0130\u015f Hayat\u0131 Dernekleri Federasyonu (MAR\u0130FED) &uuml;yesi olarak kat\u0131ld\u0131. Toplant\u0131n\u0131n hazirun listesinde G&uuml;r&#8217;&uuml;n kat\u0131ld\u0131\u011f\u0131n\u0131 g&ouml;steren imza da vard\u0131. TUSKON ar\u015fivlerine g&ouml;re G&uuml;r, Marmara Bahar \u0130\u015f adamlar\u0131 Derne\u011fi&#8217;nin (MAB\u0130AD) Denetim Kurulu &Uuml;yeli\u011fi&#8217;ni yapt\u0131. TUSKON i&ccedil;indeki derneklerde g&ouml;rev alan, Cumhurba\u015fkan\u0131 Erdo\u011fan&#8217;\u0131n tehdit edildi\u011fi toplant\u0131da en &ouml;nde oturan G&uuml;r, o toplant\u0131daki bir&ccedil;ok ismin aksine san\u0131k olmad\u0131. Hatta tan\u0131k olarak bile ifadeye &ccedil;a\u011fr\u0131lmad\u0131. Polisin ilgili toplant\u0131y\u0131 soru\u015fturarak, kare kare haz\u0131rlad\u0131\u011f\u0131 kat\u0131lanlar listesinde de ad\u0131 yer almad\u0131. K\u0131sacas\u0131 <\/span><\/strong><strong><span style=\"font-size: 14pt; font-family: Arial, sans-serif;\">Mehmet G&uuml;r<\/span><\/strong><strong><span style=\"font-size: 12pt; font-family: Arial, sans-serif;\">, FET&Ouml; operasyonlar\u0131ndan &ldquo;hasars\u0131z&rdquo; kurtulanlardand\u0131!?<\/span><\/strong><\/p>\n<p style=\"margin-bottom: 0.0001pt; text-align: justify; text-indent: 1cm; line-height: 16pt;\"><strong><span style=\"font-size: 14pt; font-family: Arial, sans-serif;\">\u0130\u015fte tam da bu noktada, Mehmet G&uuml;r&#8217;&uuml;n durumu merak uyand\u0131rm\u0131\u015ft\u0131!<\/span><\/strong><\/p>\n<p style=\"margin-bottom: 0.0001pt; text-align: justify; text-indent: 1cm; line-height: 16pt;\"><span style=\"font-size: 12pt; font-family: Arial, sans-serif;\">Mehmet G&uuml;r nas\u0131l pa&ccedil;ay\u0131 kurtarm\u0131\u015ft\u0131? T&uuml;rkiye&#8217;nin b&uuml;y&uuml;k holdinglerinden birini y&ouml;neten G&uuml;r&#8217;&uuml;n pek &ccedil;ok \u015firkette do\u011fal olarak ortakl\u0131\u011f\u0131 vard\u0131. Bunlardan biri Ortado\u011fu Proje Geli\u015ftirme \u0130n\u015faat Sanayi ve Ticaret Anonim \u015eirketi&#8217;ydi. S&ouml;z konusu \u015firkette G&uuml;r, Y&ouml;netim Kurulu Ba\u015fkan\u0131 olarak g&ouml;r&uuml;l&uuml;yordu. Ticari kay\u0131tlarda \u015firket ortaklar\u0131 aras\u0131nda BMZ (Bilal-Mustafa-Ziya) Grup da dikkat &ccedil;ekiyordu. BMZ Grup&#8217;un Cumhurba\u015fkan\u0131 Recep T. Erdo\u011fan&#8217;\u0131n o\u011flu Bilal Erdo\u011fan, karde\u015fi Mustafa Erdo\u011fan ve eni\u015ftesi Ziya \u0130lgen&#8217;e ait oldu\u011fu d&uuml;\u015f&uuml;n&uuml;ld&uuml;\u011f&uuml;nde; Mehmet G&uuml;r&#8217;&uuml;n Erdo\u011fan Ailesi ile ortakl\u0131\u011f\u0131 ortaya &ccedil;\u0131k\u0131yordu. Nitekim Ortado\u011fu Proje Geli\u015ftirme \u0130n\u015faat Sanayi ve Ticaret Anonim \u015eirketi kay\u0131tlar\u0131nda, eni\u015fte \u0130lgen, Ba\u015fkan Yard\u0131mc\u0131s\u0131 ve imza yetkisine sahip olan Y&ouml;netim Kurulu &Uuml;yesiydi. Kamuoyu \u0130lgen&#8217;i, 15 Temmuz g&uuml;n&uuml; FET&Ouml;&#8217;n&uuml;n darbe giri\u015fimini Cumhurba\u015fkan\u0131 Erdo\u011fan&#8217;a ilk haber veren ki\u015fi olarak biliyordu. <\/span><\/p>\n<p style=\"margin-bottom: 0.0001pt; text-align: justify; text-indent: 1cm; line-height: 16pt;\"><span style=\"font-size: 12pt; font-family: Arial, sans-serif;\">Mehmet G&uuml;r&#8217;&uuml;n avukat\u0131 Burak Boz, G&uuml;r&#8217;&uuml;n TUSKON &uuml;yesi oldu\u011funu ve Erdo\u011fan&#8217;\u0131n tehdit edildi\u011fi toplant\u0131da en &ouml;nde, &Ouml;mer Faruk Kavurmac\u0131&#8217;n\u0131n yan\u0131nda oturan isim oldu\u011funu do\u011frulad\u0131. M&uuml;vekkilinin Erdo\u011fan&#8217;\u0131n ailesiyle i\u015f ili\u015fkisini de kabul etti. En &ouml;nemlisi, Mehmet G&uuml;r&#8217;&uuml;n 86 ki\u015filik TUSKON davas\u0131 dahil herhangi bir FET&Ouml; davas\u0131nda san\u0131k olmad\u0131\u011f\u0131n\u0131n, hatta ifadeye bile &ccedil;a\u011fr\u0131lmad\u0131\u011f\u0131n\u0131n alt\u0131n\u0131 &ccedil;iziyordu. S&uuml;rekli yap\u0131lan bir hatay\u0131 da d&uuml;zeltelim. Yaz\u0131m\u0131za konu olan Mehmet G&uuml;r, yine aileyle yak\u0131n ili\u015fkileriyle bilinen, hatta Erdo\u011fan Ailesi&#8217;nin oturdu\u011fu villalar\u0131 yapan Mehmet G&uuml;r&rsquo;den ba\u015fkayd\u0131. Evet, akrabalard\u0131 ve arada sadece isim benzerli\u011fi vard\u0131.<\/span><\/p>\n<p style=\"margin-bottom: 0.0001pt; text-align: justify; text-indent: 1cm; line-height: 16pt;\"><strong><em><span style=\"font-size: 12pt; font-family: Arial, sans-serif;\">Ve sonunda Erdo\u011fan Ailesi&#8217;nin orta\u011f\u0131 olan Mehmet G&uuml;r kar\u015f\u0131m\u0131za TUSKON&#8217;da, &uuml;stelik Erdo\u011fan&#8217;\u0131n tehdit edildi\u011fi toplant\u0131da &ccedil;\u0131km\u0131\u015ft\u0131. Ayn\u0131 toplant\u0131da yan yana oturan iki isimden birinin tutukland\u0131\u011f\u0131, di\u011ferinin ifadeye bile &ccedil;a\u011fr\u0131lmad\u0131\u011f\u0131 ilgin&ccedil; bir durumla kar\u015f\u0131 kar\u015f\u0131yayd\u0131k. Erdo\u011fan tehdit edildi\u011fi s\u0131rada aya\u011fa kalkarak &ccedil;\u0131lg\u0131nca alk\u0131\u015flayan bir isim daha vard\u0131: <\/span><\/em><\/strong><strong><em><span style=\"font-size: 14pt; font-family: Arial, sans-serif;\">Mehmet Ata Ceylan<\/span><\/em><\/strong><strong><em><span style=\"font-size: 12pt; font-family: Arial, sans-serif;\">. Bu \u015fah\u0131s d&ouml;nemin Ortado\u011fu Enerji Grup Ba\u015fkan\u0131&#8217;yd\u0131. Yani, Erdo\u011fan&#8217;\u0131n orta\u011f\u0131n\u0131n holdinginde y&ouml;netici konumundayd\u0131. &Uuml;stelik Ceylan sadece alk\u0131\u015f&ccedil;\u0131 san\u0131lmas\u0131nd\u0131, son genel kurulda bizzat TUSKON&#8217;un y&ouml;netiminde bulunmaktayd\u0131. 2010&#8217;da da Yedek Y&ouml;netim Kurulu &Uuml;yesi olan Ceylan, FET&Ouml;&#8217;n&uuml;n MAR\u0130FED isimli derne\u011finin delegesi olarak TUSKON Genel Kurulu&#8217;na kat\u0131lm\u0131\u015ft\u0131. Peki, Ceylan TUSKON davas\u0131nda san\u0131k oldu mu diye sorarsan\u0131z, size &ldquo;hay\u0131r&rdquo; yan\u0131t\u0131n\u0131 vermek zorunda kalaca\u011f\u0131z. Yani, yaln\u0131z Bilal Erdo\u011fan&#8217;\u0131n orta\u011f\u0131 Mehmet G&uuml;r de\u011fil, \u015firketinin CEO&#8217;su da FET&Ouml; soru\u015fturmalar\u0131ndan kurtulmu\u015flard\u0131. Acaba eski ortakl\u0131\u011f\u0131n hat\u0131r\u0131na m\u0131 s\u0131yr\u0131lm\u0131\u015flard\u0131?&rdquo;<\/span><\/em><\/strong><span style=\"font-size: 12pt; font-family: Arial, sans-serif;\"> diye soranlar haks\u0131z m\u0131yd\u0131?<\/span><\/p>\n<p style=\"margin-bottom: 0.0001pt; text-align: justify; text-indent: 1cm; line-height: 16pt;\"><strong><span style=\"font-size: 14pt; font-family: Arial, sans-serif;\">Kurucusu oldu\u011fu derne\u011fi bilmeyenler(!) bile sal\u0131nm\u0131\u015ft\u0131!<\/span><\/strong><\/p>\n<p style=\"margin-bottom: 0.0001pt; text-align: justify; text-indent: 1cm; line-height: 16pt;\"><span style=\"font-size: 12pt; font-family: Arial, sans-serif;\">Hat\u0131rlay\u0131n\u0131z, Y&Ouml;NETDER yani, Uluslararas\u0131 Y&ouml;neticiler Derne\u011fi vard\u0131. Bu derne\u011fi Devletin t&uuml;m kurumlar\u0131n\u0131n tepe y&ouml;neticileri kurmu\u015flard\u0131. Amac\u0131 ise, devletteki &ouml;nemli koltuklara Fetullah&ccedil;\u0131lar\u0131n getirilmesini sa\u011flamakt\u0131. Bir nevi, FET&Ouml;&#8217;n&uuml;n b&uuml;rokrat yap\u0131lanmas\u0131n\u0131n merkezi say\u0131l\u0131rd\u0131. \u0130\u015fte bu derne\u011fin kurucular\u0131ndan biri \u0130brahim \u015eahin olmaktayd\u0131. \u0130brahim \u015eahin TRT Genel M&uuml;d&uuml;r&uuml; oldu\u011fu 2010 y\u0131l\u0131nda bu derne\u011fin kuruculu\u011funa imza atm\u0131\u015ft\u0131. Bir bu&ccedil;uk y\u0131l sonra da -nedendir bilinmez- &uuml;yelikten &ccedil;\u0131kar\u0131lm\u0131\u015ft\u0131. Gelin g&ouml;r&uuml;n ki, bu derne\u011fin kurucusu oldu\u011fundan \u0130brahim \u015eahin&#8217;in haberi olmam\u0131\u015fm\u0131\u015f&hellip; Ba\u011flant\u0131s\u0131 olanlar\u0131n hapsinin istendi\u011fi, devlete al\u0131nanlar i&ccedil;in &ldquo;&uuml;yesi FET&Ouml;&#8217;c&uuml;d&uuml;r&rdquo; kriteri olarak listelenen Y&Ouml;NETDER, konu \u0130brahim \u015eahin olunca masum bir organizasyon haline geliyordu. Ba\u015fsavc\u0131; <strong><em>&ldquo;&uuml;ye oldu\u011fu ve &uuml;yelikten &ccedil;\u0131kart\u0131ld\u0131\u011f\u0131 tarihlerde, hen&uuml;z FET&Ouml; ter&ouml;r &ouml;rg&uuml;t&uuml; devlet organlar\u0131 ve kamuoyu taraf\u0131ndan ter&ouml;r &ouml;rg&uuml;t&uuml; olarak g&ouml;r&uuml;lm&uuml;yordu&rdquo;<\/em><\/strong> deyip &ccedil;\u0131km\u0131\u015ft\u0131.<\/span><\/p>\n<p style=\"margin-bottom: 0.0001pt; text-align: justify; text-indent: 1cm; line-height: 16pt;\"><span style=\"font-size: 12pt; font-family: Arial, sans-serif;\">Ba\u015fsavc\u0131 hukuk metni de\u011fil, g&uuml;zelleme mahiyetindeki karar\u0131nda \u0130brahim \u015eahin&#8217;in &ldquo;&ccedil;ok y&ouml;nl&uuml;, &ccedil;al\u0131\u015fkan bir b&uuml;rokrat&rdquo; oldu\u011funu bile yaz\u0131yor ve ekliyordu:<\/span><\/p>\n<p style=\"margin-bottom: 0.0001pt; text-align: justify; text-indent: 1cm; line-height: 16pt;\"><strong><em><span style=\"font-size: 12pt; font-family: Arial, sans-serif;\">&ldquo;TRT&rsquo;de yap\u0131lan se&ccedil;im yay\u0131nlar\u0131 ve propaganda konu\u015fmalar\u0131nda iktidardaki AKP&#8217;ye ve \u015fimdiki Cumhurba\u015fkan\u0131m\u0131z Recep T. Erdo\u011fan&#8217;a daha fazla s&uuml;re verip, muhalefete s&uuml;re vermedi\u011fi su&ccedil;lamalar\u0131na muhatap oldu. O d&ouml;nem ba\u015fta HDP Genel Ba\u015fkan\u0131 ve ayn\u0131 zamanda Cumhurba\u015fkan\u0131 aday\u0131 Selahattin Demirta\u015f olmak &uuml;zere b&uuml;t&uuml;n muhalefetin &ccedil;ok yo\u011fun, a\u011f\u0131r ele\u015ftiri ve sald\u0131r\u0131lar\u0131na maruz kald\u0131. Muhalefetin bu konudaki beyanlar\u0131 FET&Ouml; medyas\u0131nda yo\u011fun \u015fekilde desteklenerek haberle\u015ftirildi.&rdquo;<\/span><\/em><\/strong><\/p>\n<p style=\"margin-bottom: 0.0001pt; text-align: justify; text-indent: 1cm; line-height: 16pt;\"><span style=\"font-size: 12pt; font-family: Arial, sans-serif;\">Evet, Ba\u015fsavc\u0131 diyordu ki; <\/span><strong><em><span style=\"font-size: 12pt; font-family: Arial, sans-serif;\">\u0130brahim \u015eahin TRT&#8217;de Erdo\u011fan&#8217;a &ccedil;ok, muhalefete az s&uuml;re ay\u0131rd\u0131, bu nedenle onu FET&Ouml;&rsquo;c&uuml; saymak haks\u0131zl\u0131kt\u0131!<\/span><\/em><\/strong><\/p>\n<p style=\"margin-bottom: 0.0001pt; text-align: justify; text-indent: 1cm; line-height: 16pt;\"><strong><span style=\"font-size: 14pt; font-family: Arial, sans-serif;\">FET&Ouml;&#8217;n&uuml;n kurtar\u0131c\u0131s\u0131n\u0131 Yarg\u0131tay&#8217;\u0131n ba\u015f\u0131na oturtmu\u015flard\u0131.<\/span><\/strong><\/p>\n<p style=\"margin-bottom: 0.0001pt; text-align: justify; text-indent: 1cm; line-height: 16pt;\"><span style=\"font-size: 12pt; font-family: Arial, sans-serif;\">Sonunda Yarg\u0131tay Ba\u015fkan\u0131 yap\u0131lan \u0130smail R&uuml;\u015ft&uuml; Cirit, FET&Ouml; itiraf&ccedil;\u0131lar\u0131ndan \u015fik&acirc;yet ediyordu. \u015eik&acirc;yetinin nedeni, itiraf&ccedil;\u0131lar\u0131n Yarg\u0131tay &uuml;yelerinin ismini vermesiydi. Sn. Cirit tedirgin olmakla kalmam\u0131\u015f, <strong><em>&ldquo;Son zamanlarda baz\u0131 FET&Ouml; itiraf&ccedil;\u0131lar\u0131, ge&ccedil;mi\u015fi, g&ouml;rev anlay\u0131\u015f\u0131, duru\u015fu itibar\u0131yla ba\u015f\u0131ndan beri ter&ouml;r &ouml;rg&uuml;t&uuml; FET&Ouml; ile m&uuml;cadelesi bilinen Yarg\u0131tay &uuml;yesi arkada\u015flar\u0131na kar\u015f\u0131 FET&Ouml; eleba\u015f\u0131s\u0131n\u0131n &#8216;\u0130tiraf&ccedil;\u0131 ol, iftira et&#8217; talimat\u0131na uygun olarak soyut ve mesnetsiz iddialarda bulunmak suretiyle haysiyet cellatl\u0131\u011f\u0131na soyunmu\u015flard\u0131r&rdquo;<\/em><\/strong> diye duruma sert bir tepki de g&ouml;stermi\u015fti.<\/span><\/p>\n<p style=\"margin-bottom: 0.0001pt; text-align: justify; text-indent: 1cm; line-height: 16pt;\"><strong><span style=\"font-size: 14pt; font-family: Arial, sans-serif;\">Hayret! &Ccedil;&uuml;nk&uuml; Fetullah G&uuml;len hakk\u0131nda 2008 y\u0131l\u0131nda beraat karar\u0131 vererek, onun &ouml;n&uuml;n&uuml; a&ccedil;anlardan en &ouml;nemli isim, sonunda AKP iktidar\u0131nca Yarg\u0131tay Ba\u015fkan\u0131 yap\u0131lan \u0130smail R&uuml;\u015ft&uuml; Cirit&#8217;ti. <\/span><\/strong><\/p>\n<p style=\"margin-bottom: 0.0001pt; text-align: justify; text-indent: 1cm; line-height: 16pt;\"><strong><span style=\"font-size: 12pt; font-family: Arial, sans-serif;\">Sadece Cirit de\u011fil, isim isim hat\u0131rlatmaya, &ldquo;\u015fimdi nerededirler&rdquo; sorusunun pe\u015finden ko\u015fmaya devam edelim&#8230; 2000 y\u0131l\u0131nda G&uuml;len&#8217;e ter&ouml;r soru\u015fturmas\u0131 ba\u015flatan, Cumhuriyet Savc\u0131s\u0131 Nuh Mete Y&uuml;ksel&#8217;di. Y&uuml;ksel, kendisine kurulan kaset kumpas\u0131yla bertaraf edilmi\u015fti. Y&uuml;ksel&#8217;den sonra davay\u0131 kald\u0131\u011f\u0131 yerden s&uuml;rd&uuml;ren <\/span><\/strong><strong><span style=\"font-size: 14pt; font-family: Arial, sans-serif;\">Savc\u0131 Hamza Kele\u015f<\/span><\/strong><strong><span style=\"font-size: 12pt; font-family: Arial, sans-serif;\">, verdi\u011fi m&uuml;talaada &ldquo;G&uuml;len Grubu, \u0131l\u0131ml\u0131 \u0130slam ad\u0131 alt\u0131nda, demokratik kurallar\u0131 kullanarak devletin kurumsal temellerini de\u011fi\u015ftirmeyi ama&ccedil;lamaktad\u0131r&rdquo; diyerek G&uuml;len&#8217;in ter&ouml;rden cezaland\u0131r\u0131lmas\u0131n\u0131 istemi\u015fti. Kele\u015f, bu y&uuml;zden y\u0131llar sonra &ouml;zel yetkileri al\u0131narak s&uuml;rg&uuml;n edilecek, ad\u0131 Ergenekon kumpas\u0131na dahil edilecekti.<\/span><\/strong><\/p>\n<p style=\"margin-bottom: 0.0001pt; text-align: justify; text-indent: 1cm; line-height: 16pt;\"><strong><span style=\"font-size: 12pt; font-family: Arial, sans-serif;\">Devam edelim&#8230; Ankara 2 No&#8217;lu DGM, 10 Mart 2003 tarihinde G&uuml;len karar\u0131n\u0131 verdi. Daha do\u011frusu, &ldquo;veremedi&rdquo; diyelim. Zira Ba\u015fkan H&uuml;seyin Eken ile &uuml;ye h&acirc;kimler Yunus Karab\u0131y\u0131ko\u011flu ve Mehmet Mara\u015f&#8217;tan olu\u015fan heyet &ldquo;h&uuml;kme ba\u011flanmas\u0131n\u0131n ertelenmesi&rdquo; karar\u0131n\u0131 vermi\u015flerdi. Zira o d&ouml;nem &ccedil;\u0131kan 4616 say\u0131l\u0131 kanun, 23 Nisan 1999 tarihine kadar i\u015flenen su&ccedil;larda \u015fartl\u0131 sal\u0131verme, dava ve cezalar\u0131n ertelenmesi imk&acirc;n\u0131 getirmekteydi. G&uuml;len&#8217;in 19 Mart 1999 tarihinde T&uuml;rkiye&#8217;yi terk etti\u011fi karar\u0131n\u0131 da hat\u0131rlatan heyet, <\/span><\/strong><strong><em><span style=\"font-size: 14pt; font-family: Arial, sans-serif;\">&ldquo;san\u0131\u011f\u0131n ABD&#8217;ye gitti\u011fi tarihten itibaren at\u0131l\u0131 su&ccedil;la ilgili bir faaliyet i&ccedil;erisinde bulundu\u011funa dair herhangi bir delil ibraz edilmedi\u011fi gibi, yarg\u0131lama a\u015famas\u0131nda da mahkememizce buna dair herhangi bir delil elde edilememi\u015ftir&rdquo;<\/span><\/em><\/strong><strong><span style=\"font-size: 12pt; font-family: Arial, sans-serif;\"> ifadelerine yer vermi\u015fti.<\/span><\/strong><\/p>\n<p style=\"margin-bottom: 0.0001pt; text-align: justify; text-indent: 1cm; line-height: 16pt;\"><strong><span style=\"font-size: 12pt; font-family: Arial, sans-serif;\">Yetmedi&#8230;<\/span><\/strong><\/p>\n<p style=\"margin-bottom: 0.0001pt; text-align: justify; text-indent: 1cm; line-height: 16pt;\"><strong><span style=\"font-size: 12pt; font-family: Arial, sans-serif;\">G&uuml;len i&ccedil;in avukatlar\u0131n\u0131n sundu\u011fu sa\u011fl\u0131k raporlar\u0131n\u0131, <em>&ldquo;san\u0131k aksi ispatlanmayan bu rapora g&ouml;re ciddi sa\u011fl\u0131k sorunlar\u0131n\u0131n &ccedil;&ouml;z&uuml;m&uuml;yle me\u015fguld&uuml;r&rdquo;<\/em> s&ouml;zleriyle yorumlayarak, G&uuml;len&#8217;in ABD&#8217;de tabiri caizse &ldquo;olaylara kar\u0131\u015fmad\u0131\u011f\u0131&rdquo; s&ouml;ylenmi\u015fti. Sonu&ccedil; olarak mahkeme, G&uuml;len&#8217;in 5 y\u0131l i&ccedil;erisinde ter&ouml;r su&ccedil;u i\u015flemezse davan\u0131n ortadan kalkmas\u0131na, aksi olursa davan\u0131n yeniden ele al\u0131nmas\u0131na karar vermi\u015fti. <\/span><\/strong><strong><span style=\"font-size: 14pt; font-family: Arial, sans-serif;\">Peki, G&uuml;len&#8217;in ABD&#8217;den ter&ouml;r faaliyetinde bulunamayaca\u011f\u0131 karar\u0131n\u0131 veren Mahkemenin Ba\u015fkan\u0131 H&uuml;seyin Eken bug&uuml;n neredeydi? <\/span><\/strong><strong><span style=\"font-size: 12pt; font-family: Arial, sans-serif;\">Art\u0131k \u015fa\u015f\u0131rmayacaks\u0131n\u0131z ama Eken, AKP iktidar\u0131nca Yarg\u0131tay 11. Ceza Dairesi Ba\u015fkanl\u0131\u011f\u0131na getirilmi\u015fti. H&acirc;kim Yunus Karab\u0131y\u0131ko\u011flu bu s&uuml;re&ccedil;te \u0130stanbul Anadolu Adliyesi&#8217;nde 3. A\u011f\u0131r Ceza mahkemesinde g&ouml;revindeydi. Mehmet Mara\u015f ise Ankara H&acirc;kimiydi.<\/span><\/strong><\/p>\n<p style=\"margin-bottom: 0.0001pt; text-align: justify; text-indent: 1cm; line-height: 16pt;\"><strong><span style=\"font-size: 14pt; font-family: Arial, sans-serif;\">G&uuml;len&#8217;in elini rahatlatan yasay\u0131 AKP iktidar\u0131 &ccedil;\u0131kartm\u0131\u015ft\u0131!<\/span><\/strong><\/p>\n<p style=\"margin-bottom: 0.0001pt; text-align: justify; text-indent: 1cm; line-height: 16pt;\"><strong><span style=\"font-size: 12pt; font-family: Arial, sans-serif;\">5 May\u0131s 2006&#8217;da 3713 say\u0131l\u0131 Ter&ouml;rle M&uuml;cadele Kanunu&#8217;nun &ldquo;ter&ouml;r tan\u0131m\u0131&rdquo; ba\u015fl\u0131kl\u0131 1. maddesinde yap\u0131lan de\u011fi\u015fiklik ile ter&ouml;r &ouml;rg&uuml;t&uuml; tan\u0131m\u0131na c&uuml;r&uuml;m i\u015fleme ve silahl\u0131 eylem \u015fart\u0131 getirilmi\u015fti. En &ouml;nemlisi, o d&ouml;nemde &ldquo;silahs\u0131z ter&ouml;r &ouml;rg&uuml;t&uuml;&rdquo; tan\u0131m\u0131n\u0131n tekliften &ccedil;\u0131kar\u0131lmas\u0131n\u0131 bizzat FET&Ouml; istemi\u015f, &ccedil;\u0131kar\u0131lmas\u0131 i&ccedil;in Erdo\u011fan da m&uuml;cadele etmi\u015fti. \u015eimdi yasan\u0131n &ccedil;\u0131kmas\u0131ndan sonra olanlara bir g&ouml;z gezdirelim.<\/span><\/strong><\/p>\n<p style=\"margin-bottom: 0.0001pt; text-align: justify; text-indent: 1cm; line-height: 16pt;\"><span style=\"font-size: 12pt; font-family: Arial, sans-serif;\">G&uuml;len&#8217;in avukatlar\u0131 yasay\u0131 gerek&ccedil;e g&ouml;stererek, G&uuml;len&#8217;in ertelenen karar\u0131n\u0131n beraat sonucuyla h&uuml;kme ba\u011flanmas\u0131 i&ccedil;in mahkemeye m&uuml;racaat etmi\u015flerdi. Ankara 11. A\u011f\u0131r Ceza Mahkemesi 5 May\u0131s 2006&#8217;da oy birli\u011fi ile G&uuml;len i&ccedil;in &ldquo;erteleme&rdquo; karar\u0131n\u0131 bozarak &ldquo;beraat&rdquo; karar\u0131 vermi\u015fti. Kararda &ldquo;san\u0131k Fetullah G&uuml;len&#8217;in s&uuml;but bulmayan ve unsurlar\u0131 olu\u015fmayan at\u0131l\u0131 su&ccedil;tan beraat\u0131na&rdquo; denilerek G&uuml;len aklan\u0131vermi\u015fti. Bu karar\u0131 veren heyetin ba\u015f\u0131nda Mehmet Orhan Karadeniz bulunurken, &uuml;yeler Ramazan Aksan ve Kadir Kayan&#8217;d\u0131. Mehmet Orhan Karadeniz 2008 y\u0131l\u0131nda emekli olmu\u015ftu. G&uuml;len hakk\u0131nda &ldquo;beraat&rdquo; karar\u0131 veren h&acirc;kimlerden Ramazan Aksan ise yak\u0131n d&ouml;nemin Ankara B&ouml;lge Adliye Mahkemesi Ba\u015fkan\u0131 idi. G&uuml;len i&ccedil;in a&ccedil;\u0131lan ter&ouml;r davas\u0131nda &ldquo;beraat&rdquo; karar\u0131 veren Aksan, 15 Temmuz ba\u015far\u0131s\u0131z darbe giri\u015fiminin ertesi g&uuml;n&uuml; medyan\u0131n &ouml;n&uuml;ne &ccedil;\u0131km\u0131\u015f, <\/span><strong><em><span style=\"font-size: 12pt; font-family: Arial, sans-serif;\">FET&Ouml; i&ccedil;in &ldquo;devleti ele ge&ccedil;irmeye &ccedil;al\u0131\u015fan bir ter&ouml;r &ouml;rg&uuml;t&uuml;&rdquo;<\/span><\/em><\/strong><span style=\"font-size: 12pt; font-family: Arial, sans-serif;\"> tarifini kullanm\u0131\u015ft\u0131.<\/span><\/p>\n<p style=\"margin-bottom: 0.0001pt; text-align: justify; text-indent: 1cm; line-height: 16pt;\"><span style=\"font-size: 12pt; font-family: Arial, sans-serif;\">Ne erken bir uyan\u0131\u015f ama de\u011fil mi! Ankara B&ouml;lge Adliye Mahkemesi Ba\u015fkan\u0131 Aksan&#8217;\u0131n G&uuml;len i&ccedil;in bu &ldquo;\u015fa\u015f\u0131rt\u0131c\u0131&rdquo; d&ouml;n&uuml;\u015f&uuml;m&uuml;ne eklememiz gerek bir ayr\u0131nt\u0131 daha vard\u0131&#8230; Ankara DGM Cumhuriyet Savc\u0131s\u0131 a&ccedil;t\u0131\u011f\u0131 soru\u015fturmada, 3 A\u011fustos 2000 tarihinde Ankara 1 No&#8217;lu DGM Yedek H&acirc;kimli\u011fine ba\u015fvurmu\u015f, G&uuml;len&#8217;in g\u0131yaben tutuklanmas\u0131n\u0131 istemi\u015fti. Talebi reddederek G&uuml;len&#8217;in tutuklanmas\u0131n\u0131 engelleyen, yine H&acirc;kim Ramazan Aksan&#8217;dan ba\u015fkas\u0131 de\u011fildi.<\/span><\/p>\n<p style=\"margin-bottom: 0.0001pt; text-align: justify; text-indent: 1cm; line-height: 16pt;\"><strong><span style=\"font-size: 12pt; font-family: Arial, sans-serif;\">Hayret;<\/span><\/strong><\/p>\n<p style=\"margin-bottom: 0.0001pt; text-align: justify; text-indent: 1cm; line-height: 16pt;\"><strong><em><span style=\"font-size: 12pt; font-family: Arial, sans-serif;\">&ldquo;O\u011flum, bize parayla sat\u0131n al\u0131namayacak bir \u015fey verdi. \u015eerefi, onuru, gururu hediye etti bize.&rdquo;<\/span><\/em><\/strong><\/p>\n<p style=\"margin-bottom: 0.0001pt; text-align: justify; text-indent: 1cm; line-height: 16pt;\"><strong><em><span style=\"font-size: 12pt; font-family: Arial, sans-serif;\">Tarkan Ecebal\u0131n, 15 Temmuz&#8217;da Sara&ccedil;hane&#8217;deki \u0130stanbul B&uuml;y&uuml;k\u015fehir Belediyesi &ouml;n&uuml;nde \u015fehit olan o\u011flu Tolga&#8217;n\u0131n b\u0131rakt\u0131\u011f\u0131 miras\u0131 b&ouml;yle &ouml;zetliyordu. \u0130ki &ccedil;ocuk babas\u0131, 27 ya\u015f\u0131ndaki Tolga Ecebal\u0131n o gece darbecilerin ate\u015fiyle \u015fehit olanlardand\u0131. Bug&uuml;n, o teti\u011fe basan FET&Ouml;&#8217;n&uuml;n para babalar\u0131n\u0131n yine parayla &ouml;zg&uuml;r oldu\u011funu konu\u015fuyorsak, ba\u015f\u0131m\u0131z\u0131 iki elimizin aras\u0131na al\u0131p d&uuml;\u015f&uuml;nmeliyiz: &ldquo;Nerede hata yap\u0131lmaktayd\u0131?&rdquo; <\/span><\/em><\/strong><span style=\"font-size: 12pt; font-family: Arial, sans-serif;\">diye soranlar hakl\u0131yd\u0131.<\/span><\/p>\n<p style=\"margin-bottom: 0.0001pt; text-align: justify; text-indent: 1cm; line-height: 16pt;\"><strong><em><span style=\"font-size: 12pt; font-family: Arial, sans-serif;\">&ldquo;\u015eehitler verdi\u011fimiz, b&uuml;y&uuml;k bedeller &ouml;dedi\u011fimiz, T&uuml;rkiye&#8217;nin b&uuml;t&uuml;n birikimine d&uuml;\u015fman bir ter&ouml;r &ouml;rg&uuml;t&uuml;yle m&uuml;cadelenin b&ouml;ylesi ziyan edilmesine sessiz kalmay\u0131 i&ccedil;imize sindiremiyorduk. Ku\u015fku yok ki, devlet i&ccedil;inde FET&Ouml; ile m&uuml;cadelede can\u0131n\u0131 ortaya koyan, evrensel hukuk &ccedil;izgisinden ayr\u0131lmayan ve dahas\u0131 tehlikenin fark\u0131nda olan binlerce vatansever var. Zaten, bug&uuml;n halen bu &ouml;rg&uuml;t darbeler yiyorsa, i\u015fte o elini ta\u015f\u0131n alt\u0131na koyanlar sayesinde oluyordu.&rdquo; <\/span><\/em><\/strong><span style=\"font-size: 12pt; font-family: Arial, sans-serif;\">diye &ccedil;\u0131rp\u0131nanlar hakl\u0131yd\u0131.<\/span><\/p>\n<p style=\"margin-bottom: 0.0001pt; text-align: justify; text-indent: 1cm; line-height: 16pt;\"><strong><span style=\"font-size: 14pt; font-family: Arial, sans-serif;\">Cumhurba\u015fkan\u0131 Recep T. Erdo\u011fan, 3 A\u011fustos 2016&#8217;da Ola\u011fan&uuml;st&uuml; Din \u015euras\u0131&#8217;nda \u015funlar\u0131 aktarm\u0131\u015ft\u0131:<\/span><\/strong><\/p>\n<p style=\"margin-bottom: 0.0001pt; text-align: justify; text-indent: 1cm; line-height: 16pt;\"><strong><em><span style=\"font-size: 12pt; font-family: Arial, sans-serif;\">&ldquo;Fetullah&ccedil;\u0131 ter&ouml;r &ouml;rg&uuml;t&uuml; kendisini e\u011fitim &ouml;\u011fretim hizmetinde yer alan bir kurulu\u015f gibi g&ouml;stermi\u015ftir. Bu &ouml;rg&uuml;t&uuml;n 40 y\u0131ld\u0131r kanserli bir h&uuml;cre gibi b&uuml;y&uuml;mesi dini de\u011ferleri &ouml;ne &ccedil;\u0131karan kimli\u011fi sayesinde m&uuml;mk&uuml;n olmu\u015ftur. Milletimiz me\u015frebi ne olursa olsun, Allah diyen, Peygamber diyen, en az\u0131ndan b&ouml;yle g&ouml;z&uuml;ken herkesi desteklemi\u015ftir. Rahmetli &Ouml;zal, Demirel, Ecevit, hatta biz bu yap\u0131ya destek olduk. Ben de kat\u0131lmad\u0131\u011f\u0131m pek &ccedil;ok y&ouml;nleri olmas\u0131na ra\u011fmen bunlara yard\u0131mc\u0131 oldum. Allah dedikleri i&ccedil;in m&uuml;samaha g&ouml;sterdik. Ortak bir yan\u0131m\u0131z var, dedik. Ama inan\u0131n bana, ayn\u0131 menzile giden farkl\u0131 yollardan biri g&ouml;rd&uuml;\u011f&uuml;m&uuml;z yap\u0131n\u0131n, sinsi emellerin &ouml;rt&uuml;s&uuml; oldu\u011funu uzun s&uuml;re g&ouml;remedik. Bu hain &ouml;rg&uuml;t&uuml;n ger&ccedil;ek y&uuml;z&uuml;n&uuml; &ccedil;ok daha &ouml;nceden ortaya d&ouml;kememi\u015f olman\u0131n &uuml;z&uuml;nt&uuml;s&uuml; i&ccedil;erisindeyim. Bundan dolay\u0131 hem Rabbimize hem de milletimize verecek hesab\u0131m\u0131z oldu\u011funu biliyorum. Rabbim de milletim de bizi affetsin.&rdquo;<\/span><\/em><\/strong><\/p>\n<p style=\"margin-bottom: 0.0001pt; text-align: justify; text-indent: 1cm; line-height: 16pt;\"><strong><span style=\"font-size: 14pt; font-family: Arial, sans-serif;\">\u0130yi de, Erdo\u011fan&#8217;\u0131n bu konu\u015fmas\u0131 bir yol haritas\u0131 yap\u0131lm\u0131\u015f, her t&uuml;rl&uuml; din istismar\u0131na kap\u0131lar kapat\u0131lm\u0131\u015f m\u0131yd\u0131?<\/span><\/strong><\/p>\n<p style=\"margin-bottom: 0.0001pt; text-align: justify; text-indent: 1cm; line-height: 16pt;\"><strong><span style=\"font-size: 12pt; font-family: Arial, sans-serif;\">Yani bug&uuml;n, t\u0131pk\u0131 d&uuml;n gibi &ldquo;Allah&rdquo; dedikleri i&ccedil;in m&uuml;samaha g&ouml;sterilenler yok muydu? &ldquo;Ayn\u0131 menzile farkl\u0131 yollardan gidiyoruz&rdquo; inanc\u0131yla yeni FET&Ouml;&#8217;c&uuml;lere destek olunmuyor muydu? Hukuk i&ccedil;inde imtiyazl\u0131lar d&uuml;zeni yeniden kurulmuyor muydu? Ge&ccedil;mi\u015f d&ouml;nemin g&uuml;nahlar\u0131na en &ccedil;ok bula\u015fanlar bug&uuml;n en tepelere &ccedil;\u0131km\u0131yor muydu? diye ku\u015fkulananlar haks\u0131z m\u0131yd\u0131? <\/span><\/strong><\/p>\n<p style=\"margin-bottom: 0.0001pt; text-align: justify; text-indent: 1cm; line-height: 16pt;\"><strong><span style=\"font-size: 12pt; font-family: Arial, sans-serif;\">Melih G&ouml;k&ccedil;ek, G&uuml;len&#8217;e ni&ccedil;in yalvarm\u0131\u015ft\u0131?<\/span><\/strong><\/p>\n<p style=\"margin-bottom: 0.0001pt; text-align: justify; text-indent: 1cm; line-height: 16pt;\"><span style=\"font-size: 12pt; font-family: Arial, sans-serif;\">Fetullah G&uuml;len&rsquo;in sohbet kay\u0131tlar\u0131ndan biri T&uuml;rkiye siyasi tarihine Erdo\u011fan&#8217;la ilgili bir terim de arma\u011fan etmi\u015fti: <\/span><strong><span style=\"font-size: 14pt; font-family: Arial, sans-serif;\">&ldquo;Uzun Adam.&rdquo;<\/span><\/strong><\/p>\n<p style=\"margin-bottom: 0.0001pt; text-align: justify; text-indent: 1cm; line-height: 16pt;\"><strong><span style=\"font-size: 12pt; font-family: Arial, sans-serif;\">Asl\u0131nda bu terimi ilk kez Enerji Bakan\u0131 Taner Y\u0131ld\u0131z; &ldquo;Uzun Adam&#8217;\u0131n &ouml;lmesini &uuml;&ccedil; y\u0131ldan beri bekliyoruz diyorlar&rdquo; s&ouml;zleriyle g&uuml;ndeme ta\u015f\u0131m\u0131\u015ft\u0131. FET&Ouml;&#8217;n&uuml;n Erdo\u011fan i&ccedil;in &ldquo;Uzun Adam&rdquo; ifadesini kullanmas\u0131n\u0131 g&uuml;ndeme getiren Y\u0131ld\u0131z&#8217;\u0131n istihbarat\u0131n\u0131n kayna\u011f\u0131, &ouml;yle anla\u015f\u0131l\u0131yor ki telefon dinleme kay\u0131tlar\u0131yd\u0131. Ancak dinlemeler toplumun bilgisine sonradan sunulacakt\u0131.<\/span><\/strong><\/p>\n<p style=\"margin-bottom: 0.0001pt; text-align: justify; text-indent: 1cm; line-height: 16pt;\"><strong><span style=\"font-size: 12pt; font-family: Arial, sans-serif;\">30 A\u011fustos 2013 tarihinde Hidayet Karaca ile G&uuml;len aras\u0131nda ge&ccedil;en g&ouml;r&uuml;\u015fmede, Melih G&ouml;k&ccedil;ek&#8217;in o\u011flunun televizyonunda yay\u0131nlanacak &ldquo;Erdo\u011fan Belgeseli&rdquo; konu ediliyordu. G&ouml;r&uuml;len o ki, FET&Ouml; ile AKP ba\u011flar\u0131n\u0131n kopmamas\u0131 i&ccedil;in m&uuml;cadele eden Melih G&ouml;k&ccedil;ek, bu belgeselde G&uuml;len&#8217;den birka&ccedil; c&uuml;mle alarak bar\u0131\u015fmay\u0131 sa\u011flamaya &ccedil;al\u0131\u015f\u0131yordu.<\/span><\/strong><\/p>\n<p style=\"margin-bottom: 0.0001pt; text-align: justify; text-indent: 1cm; line-height: 16pt;\"><span style=\"font-size: 12pt; font-family: Arial, sans-serif;\">Karaca, G&uuml;len&#8217;e projeyi <strong><em>&ldquo;Melih G&ouml;k&ccedil;ek&#8217;le beraberdik. O da ar\u0131yormu\u015f. Uzun uzun, yalvar\u0131rcas\u0131na bir talepte bulundu. Bunlar bir belgesel haz\u0131rl\u0131yorlar, Usta&#8217;n\u0131n Hayat\u0131 diye&#8230; O\u011flunun televizyonunda yay\u0131nlayacaklar. Ne olur diyor, bu fitne fesat da biter diyor. Hocam, birka&ccedil; kelime bir \u015fey s&ouml;ylese diyor&rdquo;<\/em><\/strong> ifadeleriyle aktar\u0131rken, <\/span><strong><span style=\"font-size: 14pt; font-family: Arial, sans-serif;\">Melih G&ouml;k&ccedil;ek&#8217;in kendisine yalvard\u0131\u011f\u0131n\u0131 \u015f&ouml;yle anlat\u0131yordu:<\/span><\/strong><\/p>\n<p style=\"margin-bottom: 0.0001pt; text-align: justify; text-indent: 1cm; line-height: 16pt;\"><strong><em><span style=\"font-size: 12pt; font-family: Arial, sans-serif;\">&ldquo;&Ccedil;ok yalvard\u0131. Hocam\u0131n yan\u0131nda bir par&ccedil;a hat\u0131r\u0131m varsa, ben gideyim dedi, oraya gideyim dedi, ben telefon a&ccedil;ay\u0131m dedi. B&ouml;yle bir talepte bulundu.&rdquo;<\/span><\/em><\/strong><\/p>\n<p style=\"margin-bottom: 0.0001pt; text-align: justify; text-indent: 1cm; line-height: 16pt;\"><strong><span style=\"font-size: 14pt; font-family: Arial, sans-serif;\">As\u0131l haberse Fetullah G&uuml;len&#8217;in yan\u0131t\u0131ndayd\u0131:<\/span><\/strong><\/p>\n<p style=\"margin-bottom: 0.0001pt; text-align: justify; text-indent: 1cm; line-height: 16pt;\"><strong><em><span style=\"font-size: 12pt; font-family: Arial, sans-serif;\">&ldquo;O kadar &ccedil;ok hainlik yapt\u0131 ki, h&acirc;l&acirc; da yap\u0131yor. Tarih kar\u015f\u0131s\u0131nda ne deriz? &Uuml;st &uuml;ste gelen falsolar kar\u015f\u0131s\u0131nda ne deriz? Evet. Bir de b&ouml;yle ortaya bir \u015fey &ccedil;\u0131kmadan, ne diyeyim ki ben bununla alakal\u0131!&rdquo;<\/span><\/em><\/strong><\/p>\n<p style=\"margin-bottom: 0.0001pt; text-align: justify; text-indent: 1cm; line-height: 16pt;\"><span style=\"font-size: 12pt; font-family: Arial, sans-serif;\">G&uuml;len g&ouml;r&uuml;\u015fmede Erdo\u011fan&#8217;dan &ldquo;Uzun&rdquo; diye bahsederken, Melih G&ouml;k&ccedil;ek&rsquo;in Fetullah&ccedil;\u0131lardan kopmamak i&ccedil;in g&ouml;sterdi\u011fi &ccedil;aba dikkat &ccedil;ekiyordu. Ger&ccedil;ekten de G&ouml;k&ccedil;ek, danan\u0131n kuyru\u011fu kopana kadar Fetullah&ccedil;\u0131lar\u0131 kar\u015f\u0131s\u0131na almamaya &ccedil;al\u0131\u015f\u0131yordu. AKP&rsquo;nin &ouml;nde gelenleri i&ccedil;inde FET&Ouml; aleyhinde en son s&ouml;z s&ouml;yleyen ki\u015fi o olmu\u015ftu. G&ouml;k&ccedil;ek&rsquo;in Fetullah&ccedil;\u0131larla bu ili\u015fkisi, AKP i&ccedil;inde bile sert dalgalara yol a&ccedil;\u0131yordu. AKP&rsquo;nin eski H&uuml;k&uuml;met S&ouml;zc&uuml;s&uuml; B&uuml;lent Ar\u0131n&ccedil;&#8217;\u0131n <strong><em>&ldquo;G&ouml;k&ccedil;ek bu yap\u0131ya Ankara&#8217;y\u0131 parsel parsel satm\u0131\u015ft\u0131r&rdquo; <\/em><\/strong>s&ouml;zleri, bu konuda ak\u0131lda en &ccedil;ok kalan s&ouml;z oluyordu.<\/span><\/p>\n<p style=\"margin-bottom: 0.0001pt; text-align: justify; text-indent: 1cm; line-height: 16pt;\"><strong><span style=\"font-size: 14pt; font-family: Arial, sans-serif;\">B&uuml;lent Ar\u0131n&ccedil;&rsquo;\u0131n &ldquo;Ahmakl\u0131k&rdquo; itiraf\u0131!<\/span><\/strong><\/p>\n<p style=\"margin-bottom: 0.0001pt; text-align: justify; text-indent: 1cm; line-height: 16pt;\"><strong><em><span style=\"font-size: 12pt; font-family: Arial, sans-serif;\">&ldquo;Kimse beni paralel devlet yap\u0131lanmas\u0131 ile irtibatl\u0131, onlar\u0131 savunan bir ki\u015fi olarak g&ouml;rmesin. Ancak &#8216;silahl\u0131 ter&ouml;r &ouml;rg&uuml;t&uuml;&#8217; s&ouml;z&uuml; ete kemi\u011fe b&uuml;r&uuml;nmeli, bir mahkeme karar\u0131yla ispat edilmeli, diye d&uuml;\u015f&uuml;nm&uuml;\u015ft&uuml;m. Bug&uuml;n ya\u015fad\u0131\u011f\u0131m\u0131z silahl\u0131 darbe te\u015febb&uuml;s&uuml;n&uuml;n i&ccedil;inde Fetullah G&uuml;len&rsquo;le irtibatl\u0131, onun emir ve direktifleriyle bunu yapt\u0131klar\u0131n\u0131 ifade eden insanlar da vard\u0131r. Say\u0131n Cumhurba\u015fkan\u0131m\u0131z\u0131n, Say\u0131n Ba\u015fbakan\u0131m\u0131z\u0131n yan\u0131nday\u0131z. S&ouml;zlerinin do\u011fru oldu\u011funa, her \u015feyden &ouml;nce inanmak mecburiyetindeyiz. Bunu ben darbe gecesi &ouml;\u011frenmi\u015f olmakla, &#8216;yahu ne kadar ahmakm\u0131\u015fs\u0131n, bunu herkes s&ouml;yl&uuml;yordu&#8217; diyebilirler. Silahl\u0131 ter&ouml;r &ouml;rg&uuml;t&uuml;n&uuml;n Fetullah&ccedil;\u0131 olmas\u0131, o gece ortaya &ccedil;\u0131kan bir olayd\u0131r. Ben o gece &ouml;\u011frenmi\u015f olabilirim ama Say\u0131n Cumhurba\u015fkan\u0131m\u0131z da o gece &ouml;\u011frendi. Genelkurmay Ba\u015fkan\u0131m\u0131z da o gece &ouml;\u011frendi. Onlar\u0131n bilmediklerini ben nas\u0131l bilebilirim?&rdquo;<\/span><\/em><\/strong><\/p>\n<p style=\"margin-bottom: 0.0001pt; text-align: justify; text-indent: 1cm; line-height: 16pt;\"><strong><em><span style=\"font-size: 12pt; font-family: Arial, sans-serif;\">Bu s&ouml;zler, Fetullah&ccedil;\u0131lar\u0131 savunmak i&ccedil;in tekrar avukatl\u0131k c&uuml;bbesini giymeyi arzulayan B&uuml;lent Ar\u0131n&ccedil;&#8217;\u0131n 15 Temmuz darbe giri\u015fiminden hemen sonraki a&ccedil;\u0131klamalar\u0131yd\u0131. Ar\u0131n&ccedil;&#8217;\u0131n &ldquo;ahmakm\u0131\u015f\u0131m&rdquo; diye &ouml;zetlenen ve &ouml;ne &ccedil;\u0131kan bu &ccedil;\u0131k\u0131\u015f\u0131 &ccedil;ok tart\u0131\u015f\u0131lm\u0131\u015ft\u0131.<\/span><\/em><\/strong><\/p>\n<p style=\"margin-bottom: 0.0001pt; text-align: justify; text-indent: 1cm; line-height: 16pt;\"><strong><span style=\"font-size: 14pt; font-family: Arial, sans-serif;\">Ba\u015fsavc\u0131&rsquo;dan Ar\u0131n&ccedil;&rsquo;a: &ldquo;Herkes Hesap Verecek&rdquo; uyar\u0131s\u0131!<\/span><\/strong><\/p>\n<p style=\"margin-bottom: 0.0001pt; text-align: justify; text-indent: 1cm; line-height: 16pt;\"><strong><span style=\"font-size: 12pt; font-family: Arial, sans-serif;\">Bu s&ouml;zlerden tatmin olmayanlar da vard\u0131. Onlardan biri de Ar\u0131n&ccedil;&#8217;\u0131n memleketi Manisa&#8217;n\u0131n Cumhuriyet Ba\u015fsavc\u0131s\u0131 Akif Celalettin \u015eim\u015fek olmaktayd\u0131. Manisa&#8217;da kelep&ccedil;e tak\u0131lan FET&Ouml; \u015f&uuml;phelisi kad\u0131nlar aras\u0131nda t&uuml;rbanl\u0131lar\u0131n da olmas\u0131n\u0131n ard\u0131ndan, g&ouml;revden al\u0131nan \u0130l Emniyet M&uuml;d&uuml;r&uuml; Tayfur Erdal Ceren&#8217;i de bu u\u011furda kaybettiklerini dile getiren Ba\u015fsavc\u0131 \u015eim\u015fek, \u015funlar\u0131 aktarm\u0131\u015ft\u0131:<\/span><\/strong><\/p>\n<p style=\"margin-bottom: 0.0001pt; text-align: justify; text-indent: 1cm; line-height: 16pt;\"><strong><em><span style=\"font-size: 12pt; font-family: Arial, sans-serif;\">&ldquo;Biz i\u015fini son derece g&uuml;zel yapan bir emniyet m&uuml;d&uuml;r&uuml;n&uuml; bu u\u011furda kaybettik. Ne yapm\u0131\u015ft\u0131 ki adam&#8230; Ama d&uuml;\u015f&uuml;n&uuml;n, o tarihte bile alanda &ccedil;ok g&uuml;&ccedil;l&uuml;yd&uuml;ler. Bunlara destek olan ki\u015filer, bug&uuml;n &ccedil;\u0131km\u0131\u015f <\/span><\/em><\/strong><strong><span style=\"font-size: 12pt; font-family: Arial, sans-serif;\">&#8216;Biz ahmakm\u0131\u015f\u0131z, biz bilmem neymi\u015fiz&#8230;&#8217;<em> B&ouml;yle bir \u015feyi ben kabul etmiyorum. \u0130sme girmiyorum. Ne demek istedi\u011fimi anlad\u0131n\u0131z. Hi&ccedil; kimse kusura bakmas\u0131n. Herkes, bug&uuml;ne kadar bu &uuml;lkeye ihanet eden ki\u015filerin i&ccedil;erisinde yer alan, bunlara destek olan, bunlar\u0131n suistimallerine g&ouml;z yuman, kar\u015f\u0131lar\u0131nda bize sald\u0131ran herkes hesap verecek. Bunun hi&ccedil; \u015fakas\u0131 yok. Bu kadar s\u0131k\u0131nt\u0131dan sonra, \u015fartlar bu hale gelince, &#8216;kenara &ccedil;ekileyim, ben seyredeyim&rsquo;..? &Ouml;yle bir \u015fey yok. Bunlarla i\u015f birli\u011fi yapan herkes hesap verecek.&rdquo;<\/em><\/span><\/strong><\/p>\n<p style=\"margin-bottom: 0.0001pt; text-align: justify; text-indent: 1cm; line-height: 16pt;\"><strong><span style=\"font-size: 14pt; font-family: Arial, sans-serif;\">Manisa Ba\u015fsavc\u0131s\u0131 \u015eim\u015fek&#8217;in bu zehir zemberek &ccedil;\u0131k\u0131\u015f\u0131n\u0131, B&uuml;lent Ar\u0131n&ccedil; da uzunca yan\u0131tlam\u0131\u015ft\u0131. Ar\u0131n&ccedil; Twitter&#8217;da yay\u0131nlad\u0131\u011f\u0131 yan\u0131t\u0131na \u015fu s&ouml;zlerle ba\u015flam\u0131\u015ft\u0131:<\/span><\/strong><\/p>\n<p style=\"margin-bottom: 0.0001pt; text-align: justify; text-indent: 1cm; line-height: 16pt;\"><strong><em><span style=\"font-size: 12pt; font-family: Arial, sans-serif;\">&ldquo;Esasen ne bu Sn. Ba\u015fsavc\u0131n\u0131n ne de di\u011fer kronik B&uuml;lent Ar\u0131n&ccedil; muhaliflerinin s&ouml;zlerini ciddiye almad\u0131\u011f\u0131mdan onlara cevap vermek, onlar\u0131 muhatap almak istemiyorum. Fakat puslu havada avlanmak isteyenler, \u015fahs\u0131m &uuml;zerinden yapt\u0131klar\u0131 a&ccedil;\u0131klamalarla asl\u0131nda bamba\u015fka bir niyetlerinin oldu\u011funu a&ccedil;\u0131k edip, kendilerini ele verdiler.&rdquo;<\/span><\/em><\/strong><\/p>\n<p style=\"margin-bottom: 0.0001pt; text-align: justify; text-indent: 1cm; line-height: 16pt;\"><strong><span style=\"font-size: 14pt; font-family: Arial, sans-serif;\">Manisa&#8217;daki FET&Ouml; soru\u015fturmalar\u0131na dair ele\u015ftirilerini hat\u0131rlatan Ar\u0131n&ccedil;, <\/span><\/strong><strong><em><span style=\"font-size: 14pt; font-family: Arial, sans-serif;\">&ldquo;FET&Ouml; ile i\u015f birli\u011fi yapan herkes hesap verecek&rdquo;<\/span><\/em><\/strong><strong><span style=\"font-size: 14pt; font-family: Arial, sans-serif;\"> diyen Ba\u015fsavc\u0131&#8217;n\u0131n g&ouml;revden al\u0131nmas\u0131 i&ccedil;in &ccedil;a\u011fr\u0131 yapm\u0131\u015ft\u0131.<\/span><\/strong><\/p>\n<p style=\"margin-bottom: 0.0001pt; text-align: justify; text-indent: 1cm; line-height: 16pt;\"><strong><em><span style=\"font-size: 12pt; font-family: Arial, sans-serif;\">&ldquo;\u015e&uuml;phe yoktur ki Manisa Ba\u015fsavc\u0131s\u0131 yapt\u0131\u011f\u0131 bu a&ccedil;\u0131klamalarla tarafs\u0131zl\u0131\u011f\u0131n\u0131 kamuoyu &ouml;n&uuml;nde yitirmi\u015f bir yarg\u0131 mensubu durumuna d&uuml;\u015fm&uuml;\u015ft&uuml;r. Ayr\u0131ca kamu g&ouml;revlileri i&ccedil;in yasaklanm\u0131\u015f olan siyaset alan\u0131na girmi\u015f ve a&ccedil;\u0131k&ccedil;a kanun ihlali de yapm\u0131\u015ft\u0131r. G&ouml;revinin ve kendini ba\u011flayan kanunlar\u0131n s\u0131n\u0131rlar\u0131 d\u0131\u015f\u0131na &ccedil;\u0131kan bu Sn. Ba\u015fsavc\u0131 hakk\u0131nda HSYK&#8217;n\u0131n bir tasarrufu olacak m\u0131d\u0131r, yoksa gere\u011fi zamana m\u0131 b\u0131rak\u0131lacakt\u0131r?&rdquo;<\/span><\/em><\/strong><\/p>\n<p style=\"margin-bottom: 0.0001pt; text-align: justify; text-indent: 1cm; line-height: 16pt;\"><strong><span style=\"font-size: 12pt; font-family: Arial, sans-serif;\">B&uuml;lent Ar\u0131n&ccedil;&#8217;\u0131n arzusu &ccedil;ok ge&ccedil;meden yerine getirilmi\u015f durumdayd\u0131. Temmuz 2017&#8217;de Manisa Ba\u015fsavc\u0131s\u0131 Akif Celalettin \u015eim\u015fek, Ekim 2017&#8217;de ise Manisa&#8217;daki FET&Ouml; soru\u015fturmalar\u0131n\u0131 y&uuml;r&uuml;ten savc\u0131 Kaz\u0131m &Ouml;zsoy g&ouml;revlerinden al\u0131nm\u0131\u015flard\u0131.<\/span><\/strong><\/p>\n<p style=\"margin-bottom: 0.0001pt; text-align: justify; text-indent: 1cm; line-height: 16pt;\"><strong><span style=\"font-size: 12pt; font-family: Arial, sans-serif;\">Velhas\u0131l FET&Ouml;&rsquo;c&uuml;lerin bir t&uuml;rl&uuml; inine girilmiyor, as\u0131l &ldquo;gen&rdquo;leri ve Siyonist-Masonik ili\u015fkileri de\u015fifre edilmiyor, bu kanser urlar\u0131n\u0131 ve kangrenle\u015fen eleba\u015flar\u0131n\u0131 etkisiz k\u0131lacak ciddi, ger&ccedil;ek&ccedil;i ve netice verici ad\u0131mlar gere\u011fince at\u0131lm\u0131yordu. Art\u0131k T&uuml;rkiye&rsquo;nin bu zihniyet ve h&uuml;k&uuml;metlerden kurtulmas\u0131 gerekiyordu.<\/span><\/strong><\/p>\n<p style=\"margin-bottom: 0.0001pt; text-align: justify; text-indent: 1cm; line-height: 16pt;\"><span style=\"font-size: 14pt; font-family: Arial, sans-serif;\"><\/span><\/p>\n<p>&nbsp;<\/p>\n<p>Bu makaleyi sesli olarak dinleyebilirsiniz:<\/p>\n<p>{mp3}oncefetoyualkislayanlar{\/mp3}<\/p>\n<p>&nbsp;<\/p>\n<p>&nbsp;<\/p>\n<hr style=\"text-align: left;\" size=\"1\" width=\"33%\" \/>\n<p><a href=\"#ftnref1\" id=\"ftn1\" style=\"vertical-align: super;\">[1]<\/a><span style=\"font-size: 9pt; font-family: Arial, sans-serif;\"> Karg\u0131\u015f: Beddua, aleyhinde konu\u015fma<\/span><\/p>\n<p><a href=\"#ftnref2\" id=\"ftn2\" style=\"vertical-align: super;\">[2]<\/a><span style=\"font-size: 9pt; font-family: Arial, sans-serif;\"> Bar\u0131\u015f Pehlivan ve Bar\u0131\u015f Terko\u011flu&rsquo;nun haz\u0131rlad\u0131\u011f\u0131 &ldquo;Metastaz&rdquo; kitab\u0131nda yer alan baz\u0131 &ccedil;arp\u0131c\u0131 bilgileri okurlar\u0131m\u0131zla &ouml;zet olarak payla\u015fmak istiyoruz.<\/span><\/p>\n<p><a href=\"#ftnref3\" id=\"ftn3\" style=\"vertical-align: super;\">[3]<\/a><span style=\"font-size: 9pt; font-family: Arial, sans-serif;\">&ldquo;Ihsan Kalkavan: Hormonlu b&uuml;y&uuml;yen yap\u0131, &uuml;lkeye ihanet etti!&rdquo;, Deniz Haber, 15.8.2016, <a href=\"https:\/\/www.denizhaber.com.tr\/ihsan-kalkavan-hormonlu-buyu-yen-yapi-ulkeye-ihanet-etti-haber-69705.htm\">https:\/\/www.denizhaber.com.tr\/ihsan-kalkavan-hormonlu-buyu-yen-yapi-ulkeye-ihanet-etti-haber-69705.htm<\/a><\/span><\/p>\n","protected":false},"excerpt":{"rendered":"<p>&nbsp; &Ouml;NCE FET&Ouml;&rsquo;Y&Uuml; ALKI\u015eLAYANLARIN \u015e\u0130MD\u0130 SAHTE &ldquo;KARGI\u015e&rdquo;LARI[1] &nbsp;&nbsp;&nbsp;&nbsp;&nbsp;&nbsp; 18 Haziran 1999 ak\u015fam\u0131, Din&ccedil; Bilgin&rsquo;in televizyonu ATV&rsquo;nin ak\u015fam ana haber b&uuml;lteninde, spiker Ali K\u0131rca taraf\u0131ndan; &ldquo;Bir vatanda\u015f\u0131n bana verdi\u011fi kaset&rdquo; dedi\u011fi &ldquo;Fetullah G&uuml;len kaseti&rdquo; yay\u0131nlan\u0131yordu. Yine Din&ccedil; Bilgin&rsquo;in gazetesi Sabah bunu, 19 Haziran g&uuml;n&uuml;; &ldquo;Maske d&uuml;\u015ft&uuml;&#8230; F. G&uuml;len&#8217;in devleti ele ge&ccedil;irmek i&ccedil;in takiye yap\u0131laca\u011f\u0131n\u0131 anlatt\u0131\u011f\u0131 kaset [&hellip;]<\/p>\n","protected":false},"author":4,"featured_media":0,"comment_status":"open","ping_status":"closed","sticky":false,"template":"","format":"standard","meta":{"footnotes":""},"categories":[98],"tags":[],"class_list":["post-5244","post","type-post","status-publish","format-standard","hentry","category-ozel-yazilar"],"_links":{"self":[{"href":"https:\/\/www.millicozum.com\/mc\/wp-json\/wp\/v2\/posts\/5244","targetHints":{"allow":["GET"]}}],"collection":[{"href":"https:\/\/www.millicozum.com\/mc\/wp-json\/wp\/v2\/posts"}],"about":[{"href":"https:\/\/www.millicozum.com\/mc\/wp-json\/wp\/v2\/types\/post"}],"author":[{"embeddable":true,"href":"https:\/\/www.millicozum.com\/mc\/wp-json\/wp\/v2\/users\/4"}],"replies":[{"embeddable":true,"href":"https:\/\/www.millicozum.com\/mc\/wp-json\/wp\/v2\/comments?post=5244"}],"version-history":[{"count":0,"href":"https:\/\/www.millicozum.com\/mc\/wp-json\/wp\/v2\/posts\/5244\/revisions"}],"wp:attachment":[{"href":"https:\/\/www.millicozum.com\/mc\/wp-json\/wp\/v2\/media?parent=5244"}],"wp:term":[{"taxonomy":"category","embeddable":true,"href":"https:\/\/www.millicozum.com\/mc\/wp-json\/wp\/v2\/categories?post=5244"},{"taxonomy":"post_tag","embeddable":true,"href":"https:\/\/www.millicozum.com\/mc\/wp-json\/wp\/v2\/tags?post=5244"}],"curies":[{"name":"wp","href":"https:\/\/api.w.org\/{rel}","templated":true}]}}