{"id":5282,"date":"2019-05-25T22:00:00","date_gmt":"2019-05-25T22:00:00","guid":{"rendered":"https:\/\/www.millicozum.com\/mc\/2019\/05\/25\/akpnin-rant-hesaplari-ve-secim-yanilgisi-2\/"},"modified":"2019-05-25T22:00:00","modified_gmt":"2019-05-25T22:00:00","slug":"akpnin-rant-hesaplari-ve-secim-yanilgisi-2","status":"publish","type":"post","link":"https:\/\/www.millicozum.com\/mc\/2019\/haziran-2019\/akpnin-rant-hesaplari-ve-secim-yanilgisi\/","title":{"rendered":"AKP\u2019N\u0130N RANT HESAPLARI VE SE\u00c7\u0130M YANILGISI"},"content":{"rendered":"\n<p>&nbsp;<\/p>\n<p style=\"margin-bottom: 0.0001pt; text-align: center;\"><strong><span style=\"font-size: 18pt; font-family: Arial, sans-serif;\">AKP&rsquo;N\u0130N RANT HESAPLARI VE SE&Ccedil;\u0130M YANILGISI<\/span><\/strong><\/p>\n<p style=\"margin-bottom: 0.0001pt; text-align: center;\"><strong><span style=\"font-size: 18pt; font-family: Arial, sans-serif;\">&nbsp;&nbsp;&nbsp;&nbsp;&nbsp;&nbsp; <\/span><\/strong><\/p>\n<p style=\"margin-bottom: 0.0001pt; text-align: justify; text-indent: 1cm; line-height: 16pt;\"><strong><span style=\"font-size: 14pt; font-family: Arial, sans-serif;\">Yeni se&ccedil;im haz\u0131rl\u0131\u011f\u0131 m\u0131yd\u0131?<\/span><\/strong><\/p>\n<p style=\"margin-bottom: 0.0001pt; text-align: justify; text-indent: 1cm; line-height: 16pt;\"><strong><span style=\"font-size: 12pt; font-family: Arial, sans-serif;\">\u0130Y\u0130 Parti Adana Milletvekili \u0130smail Koncuk, &Ccedil;atalca Milli E\u011fitim M&uuml;d&uuml;rl&uuml;\u011f&uuml;&#8217;nden &ouml;\u011fretmenlere <\/span><\/strong><strong><em><span style=\"font-size: 12pt; font-family: Arial, sans-serif;\">&#8220;Se&ccedil;imde g&ouml;rev almak istiyor musunuz?&#8221;<\/span><\/em><\/strong><strong><span style=\"font-size: 12pt; font-family: Arial, sans-serif;\"> yaz\u0131s\u0131 g&ouml;nderildi\u011fini a&ccedil;\u0131klam\u0131\u015ft\u0131. <\/span><\/strong><\/p>\n<p style=\"margin-bottom: 0.0001pt; text-align: justify; text-indent: 1cm; line-height: 16pt;\"><strong><span style=\"font-size: 12pt; font-family: Arial, sans-serif;\">\u0130ddias\u0131na dair yaz\u0131y\u0131 (11 04 2019) da Tweetter hesab\u0131nda payla\u015fan \u0130smail Koncuk, <\/span><\/strong><strong><em><span style=\"font-size: 12pt; font-family: Arial, sans-serif;\">&#8220;Hay\u0131rd\u0131r? Se&ccedil;im mi var? Bu talimat\u0131, &Ccedil;atalca \u0130l&ccedil;e Milli E\u011fitim M&uuml;d&uuml;rl&uuml;\u011f&uuml;ne kim aktard\u0131?&#8221;<\/span><\/em><\/strong><strong><span style=\"font-size: 12pt; font-family: Arial, sans-serif;\"> ifadelerini kullanm\u0131\u015ft\u0131.<\/span><\/strong><\/p>\n<p style=\"margin-bottom: 0.0001pt; text-align: justify; text-indent: 1cm; line-height: 16pt;\"><strong><span style=\"font-size: 14pt; font-family: Arial, sans-serif;\">&ldquo;<em>Yeni se&ccedil;im listesi haz\u0131rl\u0131\u011f\u0131&rdquo;<\/em> neyin tela\u015f\u0131yd\u0131?<\/span><\/strong><\/p>\n<p style=\"margin-bottom: 0.0001pt; text-align: justify; text-indent: 1cm; line-height: 16pt;\"><strong><span style=\"font-size: 12pt; font-family: Arial, sans-serif;\">&ldquo;Acele&rdquo; notuyla ve &Ccedil;atalca \u0130l&ccedil;e Milli E\u011fitim M&uuml;d&uuml;r&uuml; Mustafa Er\u015fahin imzas\u0131yla g&ouml;nderildi\u011fi ileri s&uuml;r&uuml;len yaz\u0131da, <\/span><\/strong><strong><em><span style=\"font-size: 12pt; font-family: Arial, sans-serif;\">&ldquo;Ekli listede bulunan se&ccedil;im g&ouml;revlileri listesine bo\u015f bulunan yerlerin, excel&rsquo;in format\u0131 bozulmadan doldurularak mesai bitimine kadar m&uuml;d&uuml;rl&uuml;\u011f&uuml;m&uuml;ze g&ouml;nderilmesi hususunda bilgi ve gere\u011fini rica ederim&rdquo;<\/span><\/em><\/strong><strong><span style=\"font-size: 12pt; font-family: Arial, sans-serif;\"> denilmesi kafalar\u0131 kar\u0131\u015ft\u0131rm\u0131\u015ft\u0131.<\/span><\/strong><\/p>\n<p style=\"margin-bottom: 0.0001pt; text-align: justify; text-indent: 1cm; line-height: 16pt;\"><strong><span style=\"font-size: 14pt; font-family: Arial, sans-serif;\">Herhalde bu, 4,5 y\u0131l sonra yap\u0131lacak se&ccedil;im haz\u0131rl\u0131\u011f\u0131 olamazd\u0131? \u0130stanbul&#8217;da tekrar se&ccedil;im olacak m\u0131yd\u0131?<\/span><\/strong><\/p>\n<p style=\"margin-bottom: 0.0001pt; text-align: justify; text-indent: 1cm; line-height: 16pt;\"><span style=\"font-size: 12pt; font-family: Arial, sans-serif;\">\u0130stanbul se&ccedil;im sonu&ccedil;lar\u0131 hen&uuml;z kesinlik kazanmam\u0131\u015ft\u0131. Se&ccedil;imin yenilenme ihtimali konu\u015fulurken Saadet Partisi Genel Ba\u015fkan\u0131 Temel Karamollao\u011flu ilgin&ccedil; bir yorum payla\u015fm\u0131\u015ft\u0131. Temel Karamollao\u011flu, \u0130stanbul&rsquo;da se&ccedil;imlerin yenilenmesi karar\u0131na ihtimal vermedi\u011fini belirtirken, b&ouml;yle bir karar verilirse bunun <\/span><em><span style=\"font-size: 14pt; font-family: Arial, sans-serif;\">&ldquo;zelzele oldu&rdquo; <\/span><\/em><span style=\"font-size: 12pt; font-family: Arial, sans-serif;\">anlam\u0131na gelece\u011fini aktarm\u0131\u015ft\u0131. Karamollao\u011flu, <strong><em>&ldquo;Bu giri\u015fim, yap\u0131lan se&ccedil;imin hi&ccedil;bir k\u0131ymeti yok anlam\u0131na gelir. &Ccedil;&uuml;nk&uuml; bundan sonra iktidar\u0131 tatmin etmeyen bir se&ccedil;im kabul g&ouml;rmeyecek demektir. Benim kanaatim y&uuml;zde 99,9 se&ccedil;imin yenileme karar\u0131 verilmez, verilmemelidir. Bu mahkeme de vermeyecektir. Ben o kanaatteyim. Y&uuml;z binde bir ihtimal belki olabilir, o zaman da &ldquo;zelzele oldu&rdquo; demektir. &#8221;<\/em><\/strong><\/span><\/p>\n<p style=\"margin-bottom: 0.0001pt; text-align: justify; text-indent: 1cm; line-height: 16pt;\"><strong><span style=\"font-size: 14pt; font-family: Arial, sans-serif;\">AKP &ldquo;cebren ve hile ile&rdquo; de olsa, 31 Mart 2019 Belediye Se&ccedil;imleri&rsquo;nde kaybettikleri \u0130stanbul&rsquo;u geri alma hesab\u0131nda m\u0131yd\u0131?<\/span><\/strong><\/p>\n<p style=\"margin-bottom: 0.0001pt; text-align: justify; text-indent: 1cm; line-height: 16pt;\"><strong><span style=\"font-size: 12pt; font-family: Arial, sans-serif;\">Y&uuml;ksek Se&ccedil;im Kurulu&rsquo;nun (YSK) Kanun H&uuml;km&uuml;nde Kararname (KHK) ile kamudan ihra&ccedil; edilen ve YSK&rsquo;dan adayl\u0131k vizesi alarak se&ccedil;ime giren Belediye Ba\u015fkanlar\u0131na mazbata verilmeyip, ikinci s\u0131radaki adaylara mazbata verilmesi karar\u0131, tam bir hukuk skandal\u0131yd\u0131. Yasa gere\u011fi KHK ile kamudan uzakla\u015ft\u0131r\u0131lanlar\u0131n e\u011fer aday olma haklar\u0131 yok ise bu adaylar\u0131n ni&ccedil;in se&ccedil;ime girmesine izin verildi\u011fi sorusu h&acirc;l&acirc; yan\u0131ts\u0131zd\u0131. E\u011fer, KHK ile kamudan ihra&ccedil; edilenlerin se&ccedil;ilme haklar\u0131 var ise o zaman ni&ccedil;in &ouml;nce se&ccedil;ime girmelerine izin verilip, se&ccedil;ildikten sonra mazbata verilmeyi\u015fi; asla makul ve do\u011fru say\u0131lmazd\u0131. E\u011fer YSK; kendilerine ba\u015fvuran adaylar\u0131n, KHK ile kamudan uzakla\u015ft\u0131r\u0131ld\u0131klar\u0131ndan bilgilerinin olmad\u0131\u011f\u0131 i&ccedil;in adaylara onay vermi\u015f ise bu durumun cezas\u0131 adaylara y\u0131k\u0131lamazd\u0131. Devlet kurumlar\u0131n\u0131n birlikte hareket etmeleri, bilgileri payla\u015fmalar\u0131 laz\u0131md\u0131. K\u0131sacas\u0131, ba\u015ftan se&ccedil;ime girmelerine izin verilip ard\u0131ndan se&ccedil;imi kazand\u0131klar\u0131nda, <\/span><\/strong><strong><em><span style=\"font-size: 14pt; font-family: Arial, sans-serif;\">&ldquo;Sen Belediye Ba\u015fkan\u0131 olamazs\u0131n&rdquo; <\/span><\/em><\/strong><strong><span style=\"font-size: 12pt; font-family: Arial, sans-serif;\">denilmesi, ister istemez toplumun adalete g&uuml;ven duygusunu sarsm\u0131\u015ft\u0131.<\/span><\/strong><\/p>\n<p style=\"margin-bottom: 0.0001pt; text-align: justify; text-indent: 1cm; line-height: 16pt;\"><strong><span style=\"font-size: 14pt; font-family: Arial, sans-serif;\">AKP&rsquo;liler, Mardin B&uuml;y&uuml;k\u015fehir Belediye Ba\u015fkanl\u0131\u011f\u0131 i&ccedil;in YSK&#8217;ya ba\u015fvurmu\u015flard\u0131!<\/span><\/strong><\/p>\n<p style=\"margin-bottom: 0.0001pt; text-align: justify; text-indent: 1cm; line-height: 16pt;\"><strong><span style=\"font-size: 12pt; font-family: Arial, sans-serif;\">Mardin&#8217;de se&ccedil;im sonu&ccedil;lar\u0131yla ilgili ilgin&ccedil; bir geli\u015fme ya\u015fanm\u0131\u015ft\u0131. AKP&rsquo;nin y&uuml;zde 56,4 oy alarak se&ccedil;imi kazanan Ahmet T&uuml;rk&#8217;&uuml;n mazbatas\u0131n\u0131n, kendilerine verilmesi i&ccedil;in YSK&#8217;ya ba\u015fvurdu\u011fu anla\u015f\u0131lm\u0131\u015ft\u0131. AKP Mardin \u0130l &Ouml;rg&uuml;t&uuml;, ba\u015fvurusunda; 31 Mart yerel se&ccedil;imlerinde y&uuml;zde 56,24 oy alarak Mardin B&uuml;y&uuml;k\u015fehir Belediye Ba\u015fkan\u0131 se&ccedil;ilen HDP&rsquo;li Ahmet T&uuml;rk&#8217;&uuml;n, &#8220;KHK ile g&ouml;revinden al\u0131nd\u0131\u011f\u0131n\u0131&#8221; hat\u0131rlatm\u0131\u015ft\u0131. AKP Mardin \u0130l &Ouml;rg&uuml;t&uuml;, mazbatan\u0131n ikinci en fazla oyu alana, yani y&uuml;zde 38,53 oy alan AKP&#8217;nin Aday\u0131 Mehmet Vejdi Kahraman&#8217;a verilmesi gerekti\u011fini savunmu\u015flard\u0131. Yahu iyi de KHK ile g&ouml;revinden al\u0131nanlar\u0131n resmen ve yeniden aday olmalar\u0131na, YSK niye ses &ccedil;\u0131karmam\u0131\u015ft\u0131. Yoksa bile bile bir tuzak m\u0131 haz\u0131rlanm\u0131\u015ft\u0131? Hem bu HDP, PKK&#8217;n\u0131n siyasi aya\u011f\u0131 ise (ki &ouml;yledir&hellip;) AKP iktidar\u0131 ve yarg\u0131 17 y\u0131ld\u0131r bu gayrime\u015fru partiyi niye kapatmam\u0131\u015ft\u0131. Neyse ki YSK bu talebe uymam\u0131\u015ft\u0131.<\/span><\/strong><\/p>\n<p style=\"margin-bottom: 0.0001pt; text-align: justify; text-indent: 1cm; line-height: 16pt;\"><strong><span style=\"font-size: 14pt; font-family: Arial, sans-serif;\">Eski AKP milletvekili ve Karar yazar\u0131 Mehmet Ocaktan bile &ccedil;ileden &ccedil;\u0131km\u0131\u015f ve <em>&#8220;E\u011fer se&ccedil;im iptal edilirse, kimse bunu topluma izah edemez&#8221;<\/em> dedikten sonra sert a&ccedil;\u0131klamalar yapm\u0131\u015ft\u0131. <\/span><\/strong><strong><span style=\"font-size: 12pt; font-family: Arial, sans-serif;\">Mehmet Ocaktan, &#8220;H&acirc;l&acirc; demokrasimizi kurtarabiliriz&#8221; ba\u015fl\u0131\u011f\u0131yla yay\u0131mlanan yaz\u0131s\u0131nda: <\/span><\/strong><strong><em><span style=\"font-size: 12pt; font-family: Arial, sans-serif;\">&#8220;Mutlaka bir partinin kazanmas\u0131 i&ccedil;in sonsuza dek say\u0131m hakk\u0131 olamaz&#8221;<\/span><\/em><\/strong><strong><span style=\"font-size: 12pt; font-family: Arial, sans-serif;\"> ifadesini kullanm\u0131\u015ft\u0131. <\/span><\/strong><strong><em><span style=\"font-size: 12pt; font-family: Arial, sans-serif;\">&#8220;E\u011fer ilk g&uuml;n, iddia edildi\u011fi gibi B&uuml;y&uuml;k&ccedil;ekmece&rsquo;deki usuls&uuml;zl&uuml;k kan\u0131tlar\u0131yla birlikte yarg\u0131ya ve YSK&rsquo;ya ta\u015f\u0131nsayd\u0131, toplum taraf\u0131ndan daha anla\u015f\u0131labilir bir kar\u015f\u0131l\u0131\u011f\u0131 olurdu&#8221;<\/span><\/em><\/strong><strong><span style=\"font-size: 12pt; font-family: Arial, sans-serif;\"> diyen Ocaktan, <\/span><\/strong><strong><em><span style=\"font-size: 12pt; font-family: Arial, sans-serif;\">&#8220;Ama on g&uuml;n boyunca sand\u0131k sand\u0131k ge&ccedil;ersiz oy pe\u015finde ko\u015fup sonu&ccedil; de\u011fi\u015fmeyince, &#8216;Ama bir de B&uuml;y&uuml;k&ccedil;ekmece vard\u0131, se&ccedil;im iptal edilsin&#8217; demenin hukuken inand\u0131r\u0131c\u0131 oldu\u011funu s&ouml;ylemek ne yaz\u0131k ki m&uuml;mk&uuml;n de\u011fildir. Hele de se&ccedil;im gecesi 11 saat veri giri\u015fi yap\u0131lamam\u0131\u015fken&#8230;&#8221;<\/span><\/em><\/strong><strong><span style=\"font-size: 12pt; font-family: Arial, sans-serif;\"> diyerek uyarm\u0131\u015ft\u0131. <\/span><\/strong><strong><em><span style=\"font-size: 12pt; font-family: Arial, sans-serif;\">&#8220;E\u011fer se&ccedil;im iptal edilirse, kimse bunu topluma izah edemez. Hi&ccedil; ku\u015fkusuz her partinin ge&ccedil;ersiz oylar\u0131n ve baz\u0131 sand\u0131klar\u0131n yeniden say\u0131lmas\u0131n\u0131 istemesi son derece makuld&uuml;r ve de hakk\u0131d\u0131r. Ama mutlaka bir partinin kazanmas\u0131 i&ccedil;in sonsuza dek say\u0131m hakk\u0131 olamaz&#8221; <\/span><\/em><\/strong><strong><span style=\"font-size: 12pt; font-family: Arial, sans-serif;\">diyen Mehmet Ocaktan hakl\u0131yd\u0131.<\/span><\/strong><\/p>\n<p style=\"margin-bottom: 0.0001pt; text-align: justify; text-indent: 1cm; line-height: 16pt;\"><strong><span style=\"font-size: 12pt; font-family: Arial, sans-serif;\">AKP&rsquo;nin, B&uuml;y&uuml;k&ccedil;ekmece&#8217;de se&ccedil;imin iptalinin istenmesi ile ba\u015flayan s&uuml;re&ccedil;, despotizme hukuki k\u0131l\u0131f ge&ccedil;irme &ccedil;abas\u0131yd\u0131. &ldquo;Yeterli say\u0131da delil bulam\u0131yorsan\u0131z, delil &uuml;retin!&rdquo; dayatmas\u0131yd\u0131. B&uuml;t&uuml;n bunlar \u0130stanbul se&ccedil;imlerini iptal etmeyi ama&ccedil;lam\u0131\u015ft\u0131. Oysa se&ccedil;im kanununa g&ouml;re se&ccedil;men listesi haz\u0131rlanm\u0131\u015f ve YSK bir itiraz\u0131n olup olmad\u0131\u011f\u0131n\u0131 sormu\u015f ve kimseden de ses &ccedil;\u0131kmam\u0131\u015ft\u0131. Ayr\u0131ca AKP&rsquo;lilerin kesinle\u015fmi\u015f sand\u0131k kurullar\u0131 ile yeni bir itiraza haz\u0131rland\u0131\u011f\u0131 bas\u0131na yans\u0131m\u0131\u015ft\u0131. H&acirc;lbuki YSK&rsquo;n\u0131n se&ccedil;im takvimine g&ouml;re; itirazlar 1 Ocak&#8217;ta ba\u015flay\u0131p, 31 Mart&#8217;ta bitmi\u015f durumdad\u0131r. \u0130ktidar, usuls&uuml;zl&uuml;kleri 3 ayda tespit edememi\u015fken, bunlar\u0131 bir haftadan az bir s&uuml;rede tespit etmesi de kafa kar\u0131\u015ft\u0131r\u0131c\u0131d\u0131r. Kald\u0131 ki se&ccedil;imlerde hileyi, elinde g&uuml;&ccedil; olanlar yapmaktad\u0131r. YSK&#8217;n\u0131n 2014 I\u011fd\u0131r karar\u0131 tam da bunu vurgulamaktad\u0131r. <em>&ldquo;Kesinle\u015fmi\u015f se&ccedil;men k&uuml;t&uuml;klerinde yolsuzluklara dayanarak se&ccedil;im iptali istenemez&rdquo; <\/em>denmektedir. Buna ra\u011fmen YSK&rsquo;n\u0131n B&uuml;y&uuml;k&ccedil;ekmece konusunu g&ouml;r&uuml;\u015fmeyi s&uuml;rekli ertelemesi soru i\u015faretlerine neden olmaktad\u0131r. YSK &uuml;zerinde, iktidar\u0131n bask\u0131s\u0131 oldu\u011fu ku\u015fkular\u0131 uyanmaktad\u0131r. Bu arada, baz\u0131 medya organlar\u0131n\u0131n YSK &uuml;yelerinin foto\u011fraflar\u0131n\u0131 boy boy basmas\u0131 da hedef g&ouml;sterme ve &uuml;rk&uuml;tme kas\u0131tl\u0131d\u0131r. En son bu i\u015f yap\u0131ld\u0131\u011f\u0131nda Dan\u0131\u015ftay&rsquo;da kan d&ouml;k&uuml;ld&uuml;\u011f&uuml;n&uuml;n hat\u0131rlat\u0131lmas\u0131 anlaml\u0131d\u0131r.<\/span><\/strong><\/p>\n<p style=\"margin-bottom: 0.0001pt; text-align: justify; text-indent: 1cm; line-height: 16pt;\"><strong><span style=\"font-size: 14pt; font-family: Arial, sans-serif;\">AKP, \u0130stanbul&rsquo;da kaybetti\u011fi se&ccedil;imi yenileyerek, kendi aday\u0131n\u0131 se&ccedil;tirme hesab\u0131nda m\u0131yd\u0131?<\/span><\/strong><span style=\"font-size: 12pt; font-family: Arial, sans-serif;\"> 7 Haziran 2015 genel se&ccedil;iminde tek ba\u015f\u0131na iktidar\u0131 kaybetti\u011finde, se&ccedil;imi alt\u0131 ay sonra yenileyerek oylar\u0131n\u0131 art\u0131rm\u0131\u015ft\u0131; bu defa ayn\u0131 \u015feyi \u0130stanbul i&ccedil;in mi planlamaktayd\u0131? Oysa 7 Haziran 2015 ve 1 Kas\u0131m 2015 se&ccedil;imleri &ouml;rneklerinin \u0130stanbul i&ccedil;in kullan\u0131lmas\u0131 yanl\u0131\u015ft\u0131r. Sebebi \u015fu: Se&ccedil;imler belli zaman aral\u0131klar\u0131nda vatanda\u015f\u0131n siyasi hayata m&uuml;dahalesi anlam\u0131n\u0131 ta\u015f\u0131r; bir ilin se&ccedil;imini di\u011ferlerinden ay\u0131rmak, ancak ola\u011fan&uuml;st&uuml; durumlar i&ccedil;in s&ouml;z konusu olabilir. Aksi halde, yani mutlaka gerekiyorsa, se&ccedil;imin b&uuml;t&uuml;n&uuml;n&uuml;n yenilenmesi \u015fartt\u0131r. 1 Kas\u0131m 2015&rsquo;te, alt\u0131 ay &ouml;nceki genel se&ccedil;im, b&uuml;t&uuml;n &uuml;lkede tekrarlanm\u0131\u015ft\u0131. Anayasa, yerel se&ccedil;imlerin be\u015f y\u0131lda bir yap\u0131lmas\u0131n\u0131 amir; bir ilde bile se&ccedil;imi ba\u015fka bir zaman dilimine kayd\u0131r\u0131rsan\u0131z, anayasan\u0131n amir h&uuml;km&uuml;ne kar\u015f\u0131 gelmi\u015f olursunuz. Her biri k\u0131demli hukuk&ccedil;ulardan olu\u015fan Y&uuml;ksek Se&ccedil;im Kurulu&rsquo;nun (YSK), b&ouml;yle bir yanl\u0131\u015fa ge&ccedil;it verece\u011fini sanm\u0131yorum. Kald\u0131 ki, \u0130stanbul&rsquo;da se&ccedil;imi yenilemeyi gerektirecek ge&ccedil;erli bir sebep de ortada yok. Israrla ve birden fazla kez yap\u0131lan say\u0131mlar, be\u015feri hatalar d\u0131\u015f\u0131nda organize bir kumpas\u0131n varl\u0131\u011f\u0131n\u0131 ortaya koyamad\u0131. Ge&ccedil;ersiz oylar\u0131n yeniden g&ouml;zden ge&ccedil;irilmesi gibi anlams\u0131z i\u015flemlere ra\u011fmen hem de&hellip; Sonunda, AKP&rsquo;den &ldquo;Soyadlar\u0131na bak\u0131larak bizim se&ccedil;menimiz oldu\u011fu anla\u015f\u0131lacak ki\u015filerin oylar\u0131n\u0131n ba\u015fka partilere gitmesi&rdquo; gibi ak\u0131l durduracak gerek&ccedil;eler kullan\u0131lmas\u0131 da yeniden say\u0131mda gelinen t\u0131kan\u0131kl\u0131\u011f\u0131n sonucudur.<\/span><\/p>\n<p style=\"margin-bottom: 0.0001pt; text-align: justify; text-indent: 1cm; line-height: 16pt;\"><strong><em><span style=\"font-size: 12pt; font-family: Arial, sans-serif;\">Se&ccedil;ilene mazbatas\u0131n\u0131n verilmemesi de AKP&rsquo;nin lehine san\u0131lmamal\u0131d\u0131r. Mazbata i&ccedil;in YSK&rsquo;n\u0131n se&ccedil;im kesin sonucunu ilan etmesinin gerekmedi\u011fi biliniyor. &Ouml;yle olsayd\u0131 31 Mart&rsquo;tan bug&uuml;ne mazbatalar\u0131n\u0131 alarak g&ouml;reve ba\u015flayan tek bir Belediye Ba\u015fkan\u0131 olmazd\u0131. Oysa say\u0131m bitince ortaya &ccedil;\u0131kan tabloya g&ouml;re, bazen tek oy farkla bile olsa, sand\u0131ktan en &ccedil;ok oyu alarak &ccedil;\u0131kt\u0131\u011f\u0131 anla\u015f\u0131lan adaya mazbatas\u0131 verildi.<\/span><\/em><\/strong><\/p>\n<p style=\"margin-bottom: 0.0001pt; text-align: justify; text-indent: 1cm; line-height: 16pt;\"><strong><em><span style=\"font-size: 12pt; font-family: Arial, sans-serif;\">Evet, e\u011fer se&ccedil;im yenilenecekse bunu \u0130stanbul&rsquo;la s\u0131n\u0131rl\u0131 tutmak olmaz; b&uuml;t&uuml;n &uuml;lkedeki se&ccedil;imi yenilemek gerekir. Ama o durumda da anayasan\u0131n yerel se&ccedil;imin be\u015f y\u0131lda bir yap\u0131lmas\u0131 h&uuml;km&uuml; &ccedil;i\u011fnenmi\u015f olacakt\u0131r. Anayasal bir kurum olan YSK, herhalde anayasay\u0131 &ccedil;i\u011fnemeyecek ve &ccedil;i\u011fnetmeyecektir diye d&uuml;\u015f&uuml;n&uuml;yorum.[1]<\/span><\/em><\/strong><\/p>\n<p style=\"margin-bottom: 0.0001pt; text-align: justify; text-indent: 1cm; line-height: 16pt;\"><strong><span style=\"font-size: 14pt; font-family: Arial, sans-serif;\">Kemal &Ouml;zt&uuml;rk&#8217;&uuml;n &ldquo;Adil Olmak Zordur&rdquo; yaz\u0131s\u0131n\u0131, &ouml;zetle ve baz\u0131 eklemelerle payla\u015fmak istiyorum:<\/span><\/strong><\/p>\n<p style=\"margin-bottom: 0.0001pt; text-align: justify; text-indent: 1cm; line-height: 16pt;\"><strong><span style=\"font-size: 12pt; font-family: Arial, sans-serif;\">Adaleti istemek kolayd\u0131r, adil olmak zor. Herkes adaleti y&uuml;celtir ama adil olmay\u0131 d&uuml;\u015f&uuml;nmez. &Ccedil;&uuml;nk&uuml; adil olmak zordur. Herkes kendi i&ccedil;in adalet ister, lakin ba\u015fkas\u0131 i&ccedil;in adil olmay\u0131 denemez. Zira adil olmak zordur.<\/span><\/strong><\/p>\n<p style=\"margin-bottom: 0.0001pt; text-align: justify; text-indent: 1cm; line-height: 16pt;\"><strong><span style=\"font-size: 14pt; font-family: Arial, sans-serif;\">Kur&rsquo;an-\u0131 Kerim&rsquo;de, her okudu\u011fumda beni derinden etkileyen bir ayet vard\u0131r:<\/span><\/strong><\/p>\n<p style=\"margin-bottom: 0.0001pt; text-align: justify; text-indent: 1cm; line-height: 16pt;\"><strong><em><span style=\"font-size: 12pt; font-family: Arial, sans-serif;\">&ldquo;Ey iman edenler! Adaleti ayakta tutan ve kendiniz, ana baban\u0131z ve yak\u0131n akraban\u0131z aleyhine de olsa, yaln\u0131z Allah i&ccedil;in \u015fahitlik eden kimseler olunuz. Zira zengin de olsa, fakir de olsa, Allah ikisine de (sizden) daha yak\u0131nd\u0131r. Nefsinizin arzusuna uyarak adaletten uzakla\u015fmay\u0131n. E\u011fer (\u015fahitlik ederken) dilinizi e\u011fip b&uuml;kerseniz veya &ccedil;ekinirseniz, \u015f&uuml;phesiz Allah yapt\u0131klar\u0131n\u0131zdan haberdard\u0131r.<\/span><\/em><\/strong><strong><span style=\"font-size: 12pt; font-family: Arial, sans-serif;\">&rdquo;<\/span><\/strong><span style=\"font-size: 12pt; font-family: Arial, sans-serif;\"> (Nisa Suresi 135).<\/span><\/p>\n<p style=\"margin-bottom: 0.0001pt; text-align: justify; text-indent: 1cm; line-height: 16pt;\"><strong><span style=\"font-size: 12pt; font-family: Arial, sans-serif;\">\u015eayet bir hukuk sistemi in\u015fa olacaksa, bir adalet d&uuml;zeni kurulacaksa, bundan daha iyi, bundan daha m&uuml;kemmel hangi temel prensip olabilir? Peki, bu hukuk ve adalet sistemi neyin &uuml;zerine bina edilir? Adil olan bireyin, adil olan M&uuml;sl&uuml;man ki\u015finin &uuml;zerine. \u015eimdi soruyorum: Kim kendi aleyhine, ailesinin aleyhine, akrabalar\u0131n\u0131n (yak\u0131n &ccedil;evresinin ve partisinin) aleyhine de olsa adaletten yana tav\u0131r koyuyor \u015fu anda? Herkes adalet istiyor, ama maalesef kimse kendisi adil mi diye d&ouml;n&uuml;p bakm\u0131yor!..<\/span><\/strong><\/p>\n<p style=\"margin-bottom: 0.0001pt; text-align: justify; text-indent: 1cm; line-height: 16pt;\"><strong><span style=\"font-size: 12pt; font-family: Arial, sans-serif;\">Oysaki \u0130slam&rsquo;\u0131 bu denli b&uuml;y&uuml;k k\u0131lan, bu dini insanl\u0131k i&ccedil;in kurtulu\u015f re&ccedil;etesi yapan ilkelerden birisi de bu ayettir. <em>Aleyhine de olsa, adaletten yana olmak<\/em>&#8230; Bu ne ulvi bir ahlak esas\u0131 ve hukuk kural\u0131d\u0131r. Herkes adalet ar\u0131yor, adalet i&ccedil;in feryat ediyor. Lakin kimse kendine d&ouml;n&uuml;p bakm\u0131yor ve \u015fu soruyu sormuyor: <\/span><\/strong><\/p>\n<p style=\"margin-bottom: 0.0001pt; text-align: justify; text-indent: 1cm; line-height: 16pt;\"><strong><em><span style=\"font-size: 12pt; font-family: Arial, sans-serif;\">&ldquo;Ben ger&ccedil;ekten adil bir insan m\u0131y\u0131m (kendimin, yak\u0131n &ccedil;evremin ve partimin) aleyhine de olsa ger&ccedil;ekten adaletten yana tav\u0131r koyar m\u0131y\u0131m?&rdquo;<\/span><\/em><\/strong><\/p>\n<p style=\"margin-bottom: 0.0001pt; text-align: justify; text-indent: 1cm; line-height: 16pt;\"><strong><span style=\"font-size: 12pt; font-family: Arial, sans-serif;\">Bireyin adil olmad\u0131\u011f\u0131 bir yerde, toplumdan adalet beklemeyin! Toplumun adil olmad\u0131\u011f\u0131 bir &uuml;lkede, devletten adalet beklemeyin!.. Oysa herkes toplumdan, devletten adalet bekliyor. Peki, kim i&ccedil;inde bulundu\u011fu toplulu\u011fun, grubun, cemaatin, partinin yanl\u0131\u015flar\u0131n\u0131 y&uuml;ksek sesle s&ouml;yleyebiliyor? Kim orada adalet tesis olsun diye, aleyhine de olsa kalk\u0131p \u015fahitlik edebiliyor? Kim kendisinin (ekibinin ve partisinin) yanl\u0131\u015f\u0131n\u0131, hatas\u0131n\u0131, kusurunu d&uuml;r&uuml;stl&uuml;kle itiraf edebiliyor?<\/span><\/strong><\/p>\n<p style=\"margin-bottom: 0.0001pt; text-align: justify; text-indent: 1cm; line-height: 16pt;\"><strong><em><span style=\"font-size: 12pt; font-family: Arial, sans-serif;\">&Uuml;zg&uuml;n&uuml;m, &ccedil;\u0131kar\u0131 olmad\u0131\u011f\u0131nda herkesin sustu\u011fu, adalet i&ccedil;in \u015fahitlik yapmaktan korktu\u011fu bir ortamda, kimse adil bir d&uuml;nya beklemesin&hellip; &Ccedil;\u0131kar\u0131na, ki\u015fisel bekas\u0131na zarar gelece\u011fi i&ccedil;in susanlar, s&ouml;z&uuml; e\u011fip b&uuml;kenler, do\u011fruyu s&ouml;ylemeyenler, yazmayanlar sonra bir g&uuml;n adalete muhta&ccedil; oldu\u011funda, adaletin tecelli etmesini beklemesin. Zengine, g&uuml;&ccedil;l&uuml;ye, kudretliye kar\u015f\u0131 adaleti savunamayan, susan, &ouml;rten, adaletten uzakla\u015fan kim varsa, bir g&uuml;n kendisine de adaletin laz\u0131m olaca\u011f\u0131n\u0131 ve o g&uuml;n kimsenin adaletten yana \u015fahitlik yapmayaca\u011f\u0131n\u0131 bilmelidir.&rdquo;[2]<\/span><\/em><\/strong><\/p>\n<p style=\"margin-bottom: 0.0001pt; text-align: justify; text-indent: 1cm; line-height: 16pt;\"><strong><span style=\"font-size: 12pt; font-family: Arial, sans-serif;\">Mehmet Metiner, \u0130stanbul se&ccedil;imleriyle ilgili <em>&ldquo;Biz g&uuml;&ccedil;l&uuml; olunca ayn\u0131 bask\u0131lar\u0131 ba\u015fkas\u0131na yapmamam\u0131z laz\u0131m&rdquo; diyen Abdullah G&uuml;l&#8217;e, &#8216;Kanuni bir itiraz s&uuml;recini, G&uuml;l&rsquo;&uuml;n bilerek ba\u015fka bir mecraya &ccedil;ekmesi ne dostlukla ne mertlikle ba\u011fda\u015f\u0131r!&rdquo; <\/em>s&ouml;zleriyle sata\u015fm\u0131\u015ft\u0131.<\/span><\/strong><\/p>\n<p style=\"margin-bottom: 0.0001pt; text-align: justify; text-indent: 1cm; line-height: 16pt;\"><strong><span style=\"font-size: 12pt; font-family: Arial, sans-serif;\">Yeni parti iddialar\u0131yla konu\u015fulan Abdullah G&uuml;l&#8217;&uuml;n, \u0130stanbul se&ccedil;imlerine ili\u015fkin s&ouml;zleri tart\u0131\u015fmalara yol a&ccedil;m\u0131\u015ft\u0131. AKP &ccedil;evrelerinden G&uuml;l&#8217;&uuml; a&ccedil;\u0131klamalar\u0131na tepki gecikmedi. Eski AKP Milletvekili ve Star gazetesi yazar\u0131 Mehmet Metiner; AKP&#8217;nin itiraz hakk\u0131n\u0131 kullanmas\u0131n\u0131 ba\u015fka y&ouml;ne &ccedil;ekmekle ele\u015ftirdi\u011fi Abdullah G&uuml;l&#8217;&uuml; namert olmak ve AKP&#8217;yi arkadan vurmakla su&ccedil;lam\u0131\u015ft\u0131.<\/span><\/strong><\/p>\n<p style=\"margin-bottom: 0.0001pt; text-align: justify; text-indent: 1cm; line-height: 16pt;\"><strong><span style=\"font-size: 12pt; font-family: Arial, sans-serif;\">Oysa bu <\/span><\/strong><strong><span style=\"font-size: 14pt; font-family: Arial, sans-serif;\">namertlik ve nank&ouml;rl&uuml;\u011f&uuml;,<\/span><\/strong><strong><span style=\"font-size: 12pt; font-family: Arial, sans-serif;\"> daha &ouml;nce kendileri, Mill&icirc; G&ouml;r&uuml;\u015f davas\u0131na ve Erbakan Hoca&rsquo;ya kar\u015f\u0131 hep birlikte yapm\u0131\u015flard\u0131. Herhalde bunlar hat\u0131rlama olgusunu da utanma duygusunu da yitirmi\u015f durumdayd\u0131lar.<\/span><\/strong><\/p>\n<p style=\"margin-bottom: 0.0001pt; text-align: justify; text-indent: 1cm; line-height: 16pt;\"><strong><span style=\"font-size: 14pt; font-family: Arial, sans-serif;\">Bu arada Habert&uuml;rk yazar\u0131 Serdar Turgut, &#8220;AK Partili karde\u015flerim&#8221; diye seslenip &#8220;tehlike uyar\u0131s\u0131&#8221; yapm\u0131\u015ft\u0131. Turgut, &#8220;F\u0131rsat ka&ccedil;mak &uuml;zere&#8221; diyerek, <em>&#8220;Bu tavr\u0131n\u0131z; demokrasimize inanc\u0131n, geri d&ouml;n&uuml;\u015f&uuml; olmayacak \u015fekilde bitmesine yol a&ccedil;abilir&#8221; <\/em>ifadelerini kullanm\u0131\u015ft\u0131.<\/span><\/strong><strong><span style=\"font-size: 12pt; font-family: Arial, sans-serif;\"> Serdar Turgut, &#8220;AK Partili karde\u015flerimin, olu\u015fmakta olan tehlikeye dikkatini &ccedil;ekmek zorunday\u0131m&#8221; ba\u015fl\u0131\u011f\u0131yla yay\u0131mlanan yaz\u0131s\u0131nda; <\/span><\/strong><strong><em><span style=\"font-size: 14pt; font-family: Arial, sans-serif;\">&#8220;Bug&uuml;n potansiyel tehlikesi b&uuml;y&uuml;k olan bir kolektif duygunun maalesef olu\u015fmaya ba\u015flad\u0131\u011f\u0131n\u0131 g&ouml;rmeleri gerek&#8221;<\/span><\/em><\/strong><strong><span style=\"font-size: 12pt; font-family: Arial, sans-serif;\"> s&ouml;zleriyle AKP&rsquo;nin h\u0131r&ccedil;\u0131nla\u015fmas\u0131n\u0131n do\u011furaca\u011f\u0131; tamiri ve telafisi imk&acirc;ns\u0131z sonu&ccedil;lara kar\u015f\u0131 uyarm\u0131\u015ft\u0131.<\/span><\/strong><\/p>\n<p style=\"margin-bottom: 0.0001pt; text-align: justify; text-indent: 1cm; line-height: 16pt;\"><strong><span style=\"font-size: 14pt; font-family: Arial, sans-serif;\">31 Mart yerel se&ccedil;imlerinde AKP&#8217;nin b&uuml;y&uuml;k\u015fehirleri kaybetmesi sonras\u0131 Erdo\u011fan&#8217;\u0131n ne yapaca\u011f\u0131 merak edilirken, Avrasya Ara\u015ft\u0131rma \u015eirketi Ba\u015fkan\u0131 Kemal &Ouml;zkiraz&#8217;dan g&uuml;ndemi sarsan bir iddia payla\u015f\u0131lm\u0131\u015ft\u0131: Cumhur \u0130ttifak\u0131 da\u011f\u0131lacak m\u0131?<\/span><\/strong><\/p>\n<p style=\"margin-bottom: 0.0001pt; text-align: justify; text-indent: 1cm; line-height: 16pt;\"><strong><span style=\"font-size: 12pt; font-family: Arial, sans-serif;\">Kendisini, <\/span><\/strong><strong><em><span style=\"font-size: 14pt; font-family: Arial, sans-serif;\">&ldquo;31 Mart yerel se&ccedil;imlerini tek bilen&rdquo;<\/span><\/em><\/strong><span style=\"font-size: 14pt; font-family: Arial, sans-serif;\"> <\/span><strong><span style=\"font-size: 12pt; font-family: Arial, sans-serif;\">olarak nitelendiren Avrasya Ara\u015ft\u0131rma \u015eirketi Ba\u015fkan\u0131 Kemal &Ouml;zkiraz, <\/span><\/strong><strong><em><span style=\"font-size: 14pt; font-family: Arial, sans-serif;\">Cumhurba\u015fkan\u0131 Recep T. Erdo\u011fan&rsquo;\u0131n Cumhur \u0130ttifak\u0131&rsquo;n\u0131 10-15 g&uuml;n i&ccedil;inde bitirece\u011fini<\/span><\/em><\/strong><span style=\"font-size: 14pt; font-family: Arial, sans-serif;\"> <\/span><strong><span style=\"font-size: 12pt; font-family: Arial, sans-serif;\">a&ccedil;\u0131klam\u0131\u015ft\u0131. &Ouml;zkiraz, kendisine ait sosyal medya hesab\u0131ndan yapt\u0131\u011f\u0131 a&ccedil;\u0131klamada, Cumhur \u0130ttifak\u0131&rsquo;n\u0131n da\u011f\u0131laca\u011f\u0131n\u0131 ifade ederek, \u015funlar\u0131 aktarm\u0131\u015ft\u0131:<\/span><\/strong><\/p>\n<p style=\"margin-bottom: 0.0001pt; text-align: justify; text-indent: 1cm; line-height: 16pt;\"><strong><span style=\"font-size: 14pt; font-family: Arial, sans-serif;\">Erdo\u011fan, 10-15 g&uuml;n i&ccedil;inde ittifak\u0131n bitti\u011fini a&ccedil;\u0131klayacak m\u0131?<\/span><\/strong><\/p>\n<p style=\"margin-bottom: 0.0001pt; text-align: justify; text-indent: 1cm; line-height: 16pt;\"><strong><em><span style=\"font-size: 12pt; font-family: Arial, sans-serif;\">&ldquo;AKP Milletvekilleri ve te\u015fkilatlar\u0131 B&uuml;y&uuml;k\u015fehir yenilgilerini MHP&rsquo;ye ba\u011fl\u0131yor. MHP&rsquo;nin yerelde AKP adaylar\u0131na destek vermedi\u011fi, di\u011fer adaylara &ccedil;al\u0131\u015ft\u0131\u011f\u0131 s&ouml;yleniyor. MHP s&uuml;rekli bizden &ccedil;al\u0131yor diyorlar. Erdo\u011fan b&uuml;y&uuml;k bask\u0131 alt\u0131nda, bence 10-15 g&uuml;n i&ccedil;inde ittifak\u0131 bitirece\u011fe benziyor.&rdquo;<\/span><\/em><\/strong><\/p>\n<p style=\"margin-bottom: 0.0001pt; text-align: justify; text-indent: 1cm; line-height: 16pt;\"><strong><span style=\"font-size: 12pt; font-family: Arial, sans-serif;\">Nisan 2019 ba\u015f\u0131nda Merkez Bankas\u0131&#8217;n\u0131n rezervleri a&ccedil;\u0131klanm\u0131\u015ft\u0131. Merkez&#8217;in net rezervlerindeki d&uuml;\u015f&uuml;\u015f&uuml;n aral\u0131ks\u0131z 3. haftada da devam etmesiyle dolar 5,80 seviyesini a\u015fm\u0131\u015ft\u0131.<\/span><\/strong><\/p>\n<p style=\"margin-bottom: 0.0001pt; text-align: justify; text-indent: 1cm; line-height: 16pt;\"><span style=\"font-size: 12pt; font-family: Arial, sans-serif;\">\u0130stanbul&#8217;daki se&ccedil;im belirsizli\u011fi, ABD ile gerilen ili\u015fkilerle gerilen dolar, Merkez Bankas\u0131&#8217;n\u0131n rezervlerinin d&uuml;\u015fmesi ile t\u0131rman\u0131\u015f\u0131n\u0131 art\u0131rm\u0131\u015ft\u0131. A&ccedil;\u0131klanan verilere g&ouml;re Merkez&#8217;in net uluslararas\u0131 rezervleri 5 Nisan itibar\u0131yla 1,8 milyar dolar d&uuml;\u015f&uuml;\u015fle, 27,9 milyar dolara gerilemi\u015f durumdayd\u0131. Merkez&#8217;de ya\u015fanan bu d&uuml;\u015f&uuml;\u015f, dolar\u0131 olumsuz etkilemi\u015f ve kur 5,7580 seviyesine kadar y&uuml;kselmi\u015fti. TL, dolar kar\u015f\u0131s\u0131nda y&uuml;zde 1&#8217;in &uuml;zerinde de\u011fer kaybetmi\u015fti. T&uuml;rkiye&#8217;nin 5 y\u0131ll\u0131k kredi risk primi CDS de 19 baz puan art\u0131\u015fla 430 seviyesini a\u015fm\u0131\u015ft\u0131. G&uuml;ne 5.74&#8217;ten ba\u015flayan dolar &ouml;\u011fle saatlerini bulmadan f\u0131rlamaya ba\u015flam\u0131\u015f ve Dolar 5.80&#8217;i a\u015fm\u0131\u015ft\u0131.<\/span><\/p>\n<p style=\"margin-bottom: 0.0001pt; text-align: justify; text-indent: 1cm; line-height: 16pt;\"><strong><span style=\"font-size: 14pt; font-family: Arial, sans-serif;\">Hani IMF&rsquo;ye ihtiyac\u0131n\u0131z kalmam\u0131\u015ft\u0131?<\/span><\/strong><\/p>\n<p style=\"margin-bottom: 0.0001pt; text-align: justify; text-indent: 1cm; line-height: 16pt;\"><strong><span style=\"font-size: 12pt; font-family: Arial, sans-serif;\">Hazine ve Maliye Bakan\u0131 Berat Albayrak, G-20, D&uuml;nya Bankas\u0131 ve IMF toplant\u0131lar\u0131 i&ccedil;in ABD&#8217;ye yollanm\u0131\u015ft\u0131. <\/span><\/strong><\/p>\n<p style=\"margin-bottom: 0.0001pt; text-align: justify; text-indent: 1cm; line-height: 16pt;\"><span style=\"font-size: 12pt; font-family: Arial, sans-serif;\">Hazine ve Maliye Bakan\u0131 Berat Albayrak, IMF ve D&uuml;nya Bankas\u0131 Bahar Toplant\u0131lar\u0131&#8217;na kat\u0131lmak &uuml;zere gitti\u011fi ABD&#8217;nin ba\u015fkenti Washington&#8217;da temaslarda bulunmu\u015flard\u0131. Bakan Albayrak, Tweetter &uuml;zerinden yapt\u0131\u011f\u0131 payla\u015f\u0131mlarda, program\u0131na dair detaylar\u0131 da payla\u015fm\u0131\u015ft\u0131. Albayrak, <strong><em>&#8220;G-20, D&uuml;nya Bankas\u0131 ve IMF toplant\u0131lar\u0131 i&ccedil;in geldi\u011fimiz Washington&rsquo;da, bir&ccedil;ok uluslararas\u0131 fon ile yapt\u0131\u011f\u0131m\u0131z g&ouml;r&uuml;\u015fmelerin yan\u0131nda, JP Morgan&rsquo;\u0131n d&uuml;zenledi\u011fi yat\u0131r\u0131mc\u0131 toplant\u0131s\u0131nda,<\/em><\/strong> <strong><em>&lsquo;Yap\u0131sal D&ouml;n&uuml;\u015f&uuml;m Ad\u0131mlar\u0131&rsquo; paketimiz ve yeni d&ouml;nem ekonomi politikalar\u0131m\u0131z\u0131 anlatt\u0131k.&#8221;<\/em><\/strong> ifadelerini kullanm\u0131\u015ft\u0131.<\/span><\/p>\n<p style=\"margin-bottom: 0.0001pt; text-align: justify; text-indent: 1cm; line-height: 16pt;\"><span style=\"font-size: 12pt; font-family: Arial, sans-serif;\">Bakan Albayrak temaslar\u0131 kapsam\u0131nda, T&uuml;rkiye&#8217;deki sorunlu kredilere yat\u0131r\u0131m yapmakla ilgilenen Avrupa \u0130mar ve Kalk\u0131nma Bankas\u0131&#8217;n\u0131n (EBRD) Ba\u015fkan\u0131 Suma Chakrabarti ve heyeti ile banka politikalar\u0131 ve T&uuml;rkiye yat\u0131r\u0131mlar\u0131 ile ilgili verimli bir toplant\u0131 ger&ccedil;ekle\u015ftirdi\u011fini de hat\u0131rlatm\u0131\u015ft\u0131. Ayr\u0131ca Irak Maliye Bakan\u0131 Fuad H&uuml;seyin ile ger&ccedil;ekle\u015fen g&ouml;r&uuml;\u015fmede, &uuml;lkeleri aras\u0131ndaki ekonomik i\u015f birli\u011fi ele al\u0131nm\u0131\u015ft\u0131. 12-14 Nisan aras\u0131nda d&uuml;zenlenen organizasyonda Bakan Albayrak, Merkez Bankas\u0131 Ba\u015fkan\u0131 Murat &Ccedil;etinkaya ile birlikte etkinlik kapsam\u0131ndaki G-20 Hazine ve Maliye Bakanlar\u0131 ile Merkez Bankas\u0131 Ba\u015fkanlar\u0131 Toplant\u0131s\u0131&#8217;na da kat\u0131lm\u0131\u015ft\u0131. Yahu hani, IMF&rsquo;ye hi&ccedil;bir ihtiyac\u0131n\u0131z kalmam\u0131\u015ft\u0131 ve b&uuml;t&uuml;n k&ouml;pr&uuml;leri atm\u0131\u015ft\u0131n\u0131z?<\/span><\/p>\n<p style=\"margin-bottom: 0.0001pt; text-align: justify; text-indent: 1cm; line-height: 16pt;\"><strong><span style=\"font-size: 14pt; font-family: Arial, sans-serif;\">Damat Berat Pa\u015fa, IMF kap\u0131s\u0131nda para aramaktayd\u0131!<\/span><\/strong><\/p>\n<p style=\"margin-bottom: 0.0001pt; text-align: justify; text-indent: 1cm; line-height: 16pt;\"><strong><span style=\"font-size: 14pt; font-family: Arial, sans-serif;\">Hazine ve Maliye Bakan\u0131 Berat Albayrak, Washington&rsquo;da IMF-D&uuml;nya Bankas\u0131 Bahar Toplant\u0131lar\u0131&rsquo;na kat\u0131lm\u0131\u015flard\u0131. Albayrak, ayr\u0131ca &ldquo;kaynak bulma&rdquo; amac\u0131yla ABD&rsquo;li yat\u0131r\u0131mc\u0131larla, yani Siyonist rantiye baronlar\u0131yla bir araya toplanm\u0131\u015flard\u0131. Berat Albayrak, bu kapsamda, daha birka&ccedil; hafta &ouml;nce BDDK ve SPK taraf\u0131ndan soru\u015fturma ba\u015flat\u0131lan JP Morgan&rsquo;\u0131n toplant\u0131s\u0131nda &ldquo;yat\u0131r\u0131mc\u0131larla&rdquo; bulu\u015fmu\u015flard\u0131.<\/span><\/strong><\/p>\n<p style=\"margin-bottom: 0.0001pt; text-align: justify; text-indent: 1cm; line-height: 16pt;\"><span style=\"font-size: 12pt; font-family: Arial, sans-serif;\">Uluslararas\u0131 Para Fonu (IMF)-D&uuml;nya Bankas\u0131 Bahar Toplant\u0131lar\u0131 12-14 Nisan aras\u0131nda Washington&rsquo;da yap\u0131lm\u0131\u015ft\u0131. Toplant\u0131lara, T&uuml;rkiye&rsquo;den Hazine ve Maliye Bakan\u0131 Berat Albayrak kat\u0131lm\u0131\u015ft\u0131. Bakan Albayrak, IMF-D&uuml;nya Bankas\u0131 Bahar Toplant\u0131lar\u0131&rsquo;na kat\u0131lmak haricinde de baz\u0131 temaslarda bulunmu\u015flard\u0131. Albayrak, organizasyon kapsam\u0131ndaki G-20 Hazine ve Maliye Bakanlar\u0131 ile Merkez Bankas\u0131 Ba\u015fkanlar\u0131 Toplant\u0131s\u0131&rsquo;na da kat\u0131lm\u0131\u015ft\u0131. Bakan Albayrak&rsquo;\u0131n ayr\u0131ca, &ldquo;&ccedil;e\u015fitli &uuml;st d&uuml;zey&rdquo; temaslarda bulunaca\u011f\u0131 ve Amerikal\u0131 yat\u0131r\u0131mc\u0131larla g&ouml;r&uuml;\u015fmeler yapaca\u011f\u0131 a&ccedil;\u0131klanm\u0131\u015ft\u0131.<\/span><\/p>\n<p style=\"margin-bottom: 0.0001pt; text-align: justify; text-indent: 1cm; line-height: 16pt;\"><strong><span style=\"font-size: 14pt; font-family: Arial, sans-serif;\">JP Morgan&rsquo;\u0131n Konferans\u0131&#8217;nda yat\u0131r\u0131mc\u0131larla bulu\u015fmu\u015flard\u0131<\/span><\/strong><\/p>\n<p style=\"margin-bottom: 0.0001pt; text-align: justify; text-indent: 1cm; line-height: 16pt;\"><span style=\"font-size: 12pt; font-family: Arial, sans-serif;\">Hazine ve Maliye Bakan\u0131 Berat Albayrak, Washington&rsquo;da Amerikan bankas\u0131 JP Morgan&rsquo;\u0131n d&uuml;zenledi\u011fi yat\u0131r\u0131mc\u0131 toplant\u0131s\u0131nda &ldquo;reform paketi&rdquo;ni anlatm\u0131\u015ft\u0131. Bilindi\u011fi &uuml;zere, JP Morgan hakk\u0131nda Bankac\u0131l\u0131k D&uuml;zenleme ve Denetleme Kurumu (BDDK) ve Sermaye Piyasas\u0131 Kurumu (SPK) taraf\u0131ndan, Mart ay\u0131n\u0131n sonunda d&ouml;viz piyasas\u0131nda &ldquo;manip&uuml;latif i\u015flem&rdquo; yapt\u0131\u011f\u0131 iddias\u0131yla soru\u015fturma ba\u015flat\u0131lm\u0131\u015ft\u0131. Albayrak, kat\u0131ld\u0131\u011f\u0131 yat\u0131r\u0131mc\u0131 toplant\u0131s\u0131n\u0131 Tweetter hesab\u0131ndan \u015f&ouml;yle payla\u015fm\u0131\u015ft\u0131: <strong><em>&ldquo;G-20, D&uuml;nya Bankas\u0131 ve IMF toplant\u0131lar\u0131 i&ccedil;in geldi\u011fimiz Washington&rsquo;da, bir&ccedil;ok uluslararas\u0131 fon ile yapt\u0131\u011f\u0131m\u0131z g&ouml;r&uuml;\u015fmelerin yan\u0131nda JP Morgan&lsquo;\u0131n d&uuml;zenledi\u011fi yat\u0131r\u0131mc\u0131 toplant\u0131s\u0131nda, &lsquo;Yap\u0131sal D&ouml;n&uuml;\u015f&uuml;m Ad\u0131mlar\u0131&rsquo; paketimiz ve yeni d&ouml;nem ekonomi politikalar\u0131m\u0131z\u0131 anlatt\u0131k.&rdquo;<\/em><\/strong><\/span><\/p>\n<p style=\"margin-bottom: 0.0001pt; text-align: justify; text-indent: 1cm; line-height: 16pt;\"><strong><span style=\"font-size: 14pt; font-family: Arial, sans-serif;\">8 maddeyle JP Morgan! (muammas\u0131)<\/span><\/strong><\/p>\n<p style=\"margin-bottom: 0.0001pt; text-align: justify; text-indent: 1cm; line-height: 16pt;\"><strong><span style=\"font-size: 12pt; font-family: Arial, sans-serif;\">D&ouml;viz son g&uuml;nlerde ve yeniden neden f\u0131rlamaya ba\u015flam\u0131\u015ft\u0131?<\/span><\/strong><\/p>\n<p style=\"margin-bottom: 0.0001pt; text-align: justify; text-indent: 1cm; line-height: 16pt;\"><span style=\"font-size: 12pt; font-family: Arial, sans-serif;\">Bankac\u0131l\u0131k D&uuml;zenleme ve Denetleme Kurumu (BDDK) ve Sermaye Piyasas\u0131 Kurulu (SPK), m&uuml;\u015fterilerini d&ouml;viz piyasalar\u0131na ili\u015fkin olarak &lsquo;yan\u0131lt\u0131c\u0131 ve manip&uuml;latif bir \u015fekilde d&ouml;viz al\u0131m\u0131na y&ouml;nlendiren&rsquo; bankalarla ilgili \u015fik&acirc;yetler &uuml;zerine inceleme ba\u015flatm\u0131\u015ft\u0131. BDDK, JP Morgan taraf\u0131ndan yay\u0131mlanan raporla ilgili olarak da inceleme ba\u015flatt\u0131\u011f\u0131n\u0131 a&ccedil;\u0131klam\u0131\u015ft\u0131.<\/span><\/p>\n<p style=\"margin-bottom: 0.0001pt; text-align: justify; text-indent: 1cm; line-height: 16pt;\"><strong><span style=\"font-size: 12pt; font-family: Arial, sans-serif;\">Peki, JP Morgan nedir ve ne i\u015fe yaramaktad\u0131r?<\/span><\/strong><\/p>\n<p style=\"margin-bottom: 0.0001pt; text-align: justify; text-indent: 1cm; line-height: 16pt;\"><strong><span style=\"font-size: 12pt; font-family: Arial, sans-serif;\">1) JP Morgan, Siyonist sermaye g&uuml;d&uuml;ml&uuml; uluslararas\u0131 bir yat\u0131r\u0131m bankas\u0131d\u0131r.<\/span><\/strong><\/p>\n<p style=\"margin-bottom: 0.0001pt; text-align: justify; text-indent: 1cm; line-height: 16pt;\"><strong><span style=\"font-size: 12pt; font-family: Arial, sans-serif;\">2) &Uuml;nl&uuml; &lsquo;Rothschild Ailesi&rsquo; ile s\u0131k\u0131 irtibat\u0131 vard\u0131r.<\/span><\/strong><\/p>\n<p style=\"margin-bottom: 0.0001pt; text-align: justify; text-indent: 1cm; line-height: 16pt;\"><strong><span style=\"font-size: 12pt; font-family: Arial, sans-serif;\">3) Morgan Ailesi, d&uuml;nyay\u0131 y&ouml;neten aileler aras\u0131nda ad\u0131 ilk s\u0131ralarda ge&ccedil;en bir aile. J. P. Morgan, Yale &Uuml;niversitesi&rsquo;nin kurucular\u0131ndan. Bush&rsquo;lar\u0131n da &uuml;yesi oldu\u011fu &lsquo;Kuru Kafa ve Kemikler Cemiyeti&rsquo;nin finans&ouml;rlerinden biri oldu\u011fu iddialar aras\u0131ndad\u0131r. <\/span><\/strong><\/p>\n<p style=\"margin-bottom: 0.0001pt; text-align: justify; text-indent: 1cm; line-height: 16pt;\"><strong><span style=\"font-size: 12pt; font-family: Arial, sans-serif;\">4) JP Morgan, 24 Haziran se&ccedil;imlerinden sonra T&uuml;rkiye ile ilgili yapt\u0131\u011f\u0131 a&ccedil;\u0131klamada, <\/span><\/strong><strong><em><span style=\"font-size: 12pt; font-family: Arial, sans-serif;\">&ldquo;Piyasa dostu isimler Mehmet \u015eim\u015fek ve Naci A\u011fbal&rsquo;\u0131n yeni kabinede yer almalar\u0131 iyi kar\u015f\u0131lan\u0131r, ancak yeni isimler belirsizli\u011fe yol a&ccedil;ar&rdquo;<\/span><\/em><\/strong><strong><span style=\"font-size: 12pt; font-family: Arial, sans-serif;\"> uyar\u0131s\u0131n\u0131 yapm\u0131\u015ft\u0131r.<\/span><\/strong><\/p>\n<p style=\"margin-bottom: 0.0001pt; text-align: justify; text-indent: 1cm; line-height: 16pt;\"><strong><span style=\"font-size: 12pt; font-family: Arial, sans-serif;\">5) Bankan\u0131n kurucusu Yahudi John Pierpont Morgan (17 Nisan 1837 &#8211; 31 Mart 1913), I. D&uuml;nya Sava\u015f\u0131 &ouml;ncesinin en b&uuml;y&uuml;k ABD&rsquo;li faizci bankeri olarak tan\u0131nm\u0131\u015ft\u0131r. <\/span><\/strong><\/p>\n<p style=\"margin-bottom: 0.0001pt; text-align: justify; text-indent: 1cm; line-height: 16pt;\"><strong><span style=\"font-size: 12pt; font-family: Arial, sans-serif;\">6) ABD&rsquo;deki para tr&ouml;st&uuml;n&uuml;n ba\u015f\u0131 olarak JP Morgan, &ouml;nde gelen \u015firketlerin ve mali kurulu\u015flar\u0131n iplerini elinde tutmaktad\u0131r.<\/span><\/strong><\/p>\n<p style=\"margin-bottom: 0.0001pt; text-align: justify; text-indent: 1cm; line-height: 16pt;\"><strong><span style=\"font-size: 12pt; font-family: Arial, sans-serif;\">7) JP Morgan, I. D&uuml;nya Sava\u015f\u0131 s\u0131ras\u0131nda M&uuml;ttefiklerin ikmal ve kredi gereksinmesinin kar\u015f\u0131lanmas\u0131nda &ouml;nemli rol oynam\u0131\u015ft\u0131r.<\/span><\/strong><\/p>\n<p style=\"margin-bottom: 0.0001pt; text-align: justify; text-indent: 1cm; line-height: 16pt;\"><strong><span style=\"font-size: 12pt; font-family: Arial, sans-serif;\">8) John Pierpont Morgan &ldquo;paran\u0131n efendisi&rdquo; olarak an\u0131lmaktad\u0131r.<\/span><\/strong><\/p>\n<p style=\"margin-bottom: 0.0001pt; text-align: justify; text-indent: 1cm; line-height: 16pt;\"><strong><span style=\"font-size: 12pt; font-family: Arial, sans-serif;\">K\u0131sacas\u0131, JP Morgan ailesi de &lsquo;d&uuml;nyay\u0131 perde arkas\u0131nda y&ouml;netenler&rsquo; listesinde ge&ccedil;en Siyonist bir aile konumundad\u0131r. T\u0131pk\u0131 Rockefeller gibi&hellip; T\u0131pk\u0131 Rothschild gibi, k&uuml;resel sermaye baronlar\u0131d\u0131r.<\/span><\/strong><\/p>\n<p style=\"margin-bottom: 0.0001pt; text-align: justify; text-indent: 1cm; line-height: 16pt;\"><strong><span style=\"font-size: 14pt; font-family: Arial, sans-serif;\">Akit gazetesi yazar\u0131 ve eski milletvekili \u015eevki Y\u0131lmaz, se&ccedil;im sonu&ccedil;lar\u0131yla ilgili &ccedil;ok sert bir yaz\u0131 kaleme alm\u0131\u015ft\u0131. Y\u0131lmaz&#8217;\u0131n <em>&ldquo;&ccedil;evremizdeki \u015fak\u015fak&ccedil;\u0131 dalkavuklar&rdquo; <\/em>ifadesi dikkatlerden ka&ccedil;mam\u0131\u015ft\u0131.<\/span><\/strong><\/p>\n<p style=\"margin-bottom: 0.0001pt; text-align: justify; text-indent: 1cm; line-height: 16pt;\"><span style=\"font-size: 12pt; font-family: Arial, sans-serif;\">Se&ccedil;im sonu&ccedil;lar\u0131na ili\u015fkin de\u011ferlendirmesinde, &ldquo;Her hezimetin, &ccedil;evremizdeki \u015fak\u015fak&ccedil;\u0131 dalkavuklar\u0131n tuzaklar\u0131yla ya\u015fand\u0131\u011f\u0131n\u0131, ac\u0131 tecr&uuml;belerimizle art\u0131k anlay\u0131p gereken tedbirleri acilen almal\u0131y\u0131z!&rdquo; ifadelerini kullanan \u015eevki Y\u0131lmaz, <strong><em>&ldquo;Hedefteki yeni plan! Kaptan Erdo\u011fan!&rdquo; <\/em><\/strong>ba\u015fl\u0131kl\u0131 yaz\u0131s\u0131nda, <strong><em>&ldquo;Se&ccedil;imden se&ccedil;ime hat\u0131rlanan ve sadece yemekli toplant\u0131lara davet edilen g&ouml;n&uuml;lleri k\u0131r\u0131k, tecr&uuml;beli ve vefal\u0131 eskimez dostlar\u0131m\u0131zla ve kanaat &ouml;nderleriyle &lsquo;se&ccedil;imlerden al\u0131nacak dersler ve &ccedil;areler&rsquo; m&uuml;zakere edilmelidir!&rdquo;<\/em><\/strong> diye &ccedil;\u0131k\u0131\u015fm\u0131\u015f ve Erdo\u011fan&rsquo;\u0131n kurmaylar\u0131n\u0131 su&ccedil;lam\u0131\u015ft\u0131.<\/span><\/p>\n<p style=\"margin-bottom: 0.0001pt; text-align: justify; text-indent: 1cm; line-height: 16pt;\"><strong><em><span style=\"font-size: 12pt; font-family: Arial, sans-serif;\">&ldquo;\u015eak\u015fak&ccedil;\u0131 dalkavuklar\u0131n tuzaklar\u0131yla &ccedil;ok yanl\u0131\u015flar yap\u0131ld\u0131\u011f\u0131n\u0131&rdquo; <\/span><\/em><\/strong><span style=\"font-size: 12pt; font-family: Arial, sans-serif;\">vurgulayan \u015eevki Y\u0131lmaz, <strong><em>&ldquo;Her hezimetin, &ccedil;evremizdeki \u015fak\u015fak&ccedil;\u0131 dalkavuklar\u0131n tuzaklar\u0131yla ya\u015fand\u0131\u011f\u0131n\u0131 ac\u0131 tecr&uuml;belerimizle art\u0131k anlay\u0131p gereken tedbirleri acilen almal\u0131y\u0131z!&rdquo; <\/em><\/strong>dedi\u011fi yaz\u0131s\u0131nda: <strong><em>&ldquo;&Uuml;lkemizde, uluslararas\u0131 satran&ccedil; oyununun \u015fah\u0131 ve T&uuml;rkiye gemisinin kaptan\u0131 Recep T. Erdo\u011fan karde\u015fimize ve ondan bilerek uzakla\u015ft\u0131r\u0131lmak istenen ger&ccedil;ek dost ve vefal\u0131 arkada\u015flar\u0131na kar\u015f\u0131 haz\u0131rlanan bu tehlikeyi sezip, g&ouml;remeyenlere ve tedbir almayan karde\u015flerime Allah feraset ve basiret versin. Zira bu satran&ccedil; oyununda \u015fah d&uuml;\u015ferse; &uuml;lkemizin manevi ve maddi istikrar\u0131n\u0131n, istiklal ve istikbalinin mat edilece\u011fini bilmemek tam bir gaflettir&#8221;<\/em><\/strong> <\/span><strong><span style=\"font-size: 12pt; font-family: Arial, sans-serif;\">s&ouml;zleriyle Erdo\u011fan&rsquo;\u0131 uyarmaktayd\u0131. Ama Mill&icirc; G&ouml;r&uuml;\u015f&rsquo;e yapt\u0131klar\u0131 h\u0131yanetin ayn\u0131s\u0131n\u0131 ya\u015fayacaklar\u0131n\u0131 unutmaktayd\u0131.<\/span><\/strong><\/p>\n<p style=\"margin-bottom: 0.0001pt; text-align: justify; text-indent: 1cm; line-height: 16pt;\"><strong><span style=\"font-size: 14pt; font-family: Arial, sans-serif;\">Abdurrahman Dilipak da Partisini su&ccedil;lam\u0131\u015ft\u0131!<\/span><\/strong><\/p>\n<p style=\"margin-bottom: 0.0001pt; text-align: justify; text-indent: 1cm; line-height: 16pt;\"><strong><span style=\"font-size: 12pt; font-family: Arial, sans-serif;\">&ldquo;Toplum &ccedil;ok gerildi. Aileler kendi i&ccedil;lerinde tart\u0131\u015fmaya ba\u015flad\u0131lar. Sen ben tart\u0131\u015fmas\u0131 &uuml;lkeye zarar vermeye ba\u015flad\u0131. Yolsuzluk olmu\u015f mudur? Olmu\u015ftur&hellip; Her zaman, her yerde, her se&ccedil;imde olur b&ouml;yle \u015feyler. Tamam da, bu haltlar\u0131 hep &ouml;tekiler mi yer! Yo, her kesimden (AKP&rsquo;den) birileri bu i\u015fi yapabilirler. Kim hile yap\u0131yorsa onun &uuml;zerine gidilsin. <\/span><\/strong><\/p>\n<p style=\"margin-bottom: 0.0001pt; text-align: justify; text-indent: 1cm; line-height: 16pt;\"><strong><span style=\"font-size: 12pt; font-family: Arial, sans-serif;\">Baz\u0131 sand\u0131klarda daha fazla hile yap\u0131ld\u0131 ise, bakmak gerek, orada daha &ccedil;ok kimin oylar\u0131 &ccedil;al\u0131nm\u0131\u015f. O oylar &ccedil;al\u0131n\u0131r, kayd\u0131r\u0131l\u0131r, eksik kayda ge&ccedil;erken, \u015fimdi \u015fik&acirc;yet&ccedil;i olanlar neredeymi\u015f, ne yap\u0131yorlarm\u0131\u015f, neden bu i\u015fin fark\u0131na varmam\u0131\u015flar. &Ouml;yle anla\u015f\u0131l\u0131yor ki, bu i\u015fin i&ccedil;inde bir tezg&acirc;h var. Tezg&acirc;h\u0131 kuranlar da sadece CHP&rsquo;liler de\u011fildir, olamaz. Onlar da vard\u0131r, ama HDP ya da \u0130yi Partililer s&uuml;tten &ccedil;\u0131km\u0131\u015f ak ka\u015f\u0131k m\u0131? Baz\u0131 MHP&rsquo;liler f\u0131rsat bulsalar yapmazlar m\u0131 idi! Peki ya AKP&rsquo;liler! AKP i&ccedil;indeki kripto FET&Ouml;&rsquo;c&uuml;lerin, parti i&ccedil;indeki AKP&rsquo;lilerin, bu tezg&acirc;hta, kar\u015f\u0131 tak\u0131mla i\u015f birli\u011fi yapmad\u0131\u011f\u0131ndan emin misiniz!<\/span><\/strong><\/p>\n<p style=\"margin-bottom: 0.0001pt; text-align: justify; text-indent: 1cm; line-height: 16pt;\"><strong><span style=\"font-size: 12pt; font-family: Arial, sans-serif;\">Bana &ldquo;bu i\u015fte b&ouml;yle biri yok&rdquo; demeyin! &Ccedil;&uuml;nk&uuml; adaylar\u0131n\u0131z da vard\u0131. Peki \u015fimdi ne diyeceksiniz. Bu kirli oyunu sonuna kadar gidip de\u015fifre edecekseniz, i&ccedil;inizde h&acirc;l&acirc; muteber konumda olan, hatta se&ccedil;ilmi\u015fler aras\u0131ndaki birileri de olacakt\u0131r, onlar\u0131 ne yapacaks\u0131n\u0131z. Onlar orada durduk&ccedil;a da ba\u015f\u0131n\u0131zdan bu belalar eksik olmayacak. Eskiden bu i\u015fler bir &ldquo;dava&rdquo; \u015fuuru ile yap\u0131l\u0131rd\u0131. \u015eimdi parti i&ccedil;indeki klikler, paral\u0131 elemanlar\u0131 &uuml;zerinden &ouml;rg&uuml;tlenmeye &ccedil;al\u0131\u015f\u0131l\u0131yor. Sonunda paray\u0131 veren d&uuml;d&uuml;\u011f&uuml; &ccedil;al\u0131yor. Para babalar\u0131 da belli. Kaz gelecek yerden tavuk esirgemiyorlar. Onlar da muteber adam oluyor. K&acirc;\u011f\u0131t &uuml;zerinde her \u015fey m&uuml;kemmel. \u0130tiraz, ele\u015ftiri asla kabul edilmiyor. O zaman da sonu&ccedil; b&ouml;yle oluyor. Bakal\u0131m bu i\u015fin sonu nereye varacak. \u0130n\u015faallah bizimkiler &ldquo;Tosya&rsquo;ya pirince giderken evdeki bulgurdan olmazlar&rdquo;!!!<\/span><\/strong><\/p>\n<p style=\"margin-bottom: 0.0001pt; text-align: justify; text-indent: 1cm; line-height: 16pt;\"><strong><em><span style=\"font-size: 12pt; font-family: Arial, sans-serif;\">\u0130n\u015faallah bu i\u015fin sosyo-psikolojik maliyetini de hesaba kat\u0131yorlard\u0131r. \u0130n\u015faallah a\u015fk ve &ouml;fke girdab\u0131na dalmam\u0131\u015f bir psikolo\u011fa ak\u0131l dan\u0131\u015f\u0131rlar; bu gidi\u015fat\u0131n &ouml;nlerine koyaca\u011f\u0131 faturay\u0131 da, ona g&ouml;re bir dil kullan\u0131rlar. Bu sonu&ccedil;tan oy h\u0131rs\u0131zlar\u0131n\u0131n su&ccedil;u var da, sand\u0131klar\u0131na sahip &ccedil;\u0131kamayanlar\u0131n sorumlulu\u011fu yok mu?&rdquo;[3]<\/span><\/em><\/strong><\/p>\n<p style=\"margin-bottom: 0.0001pt; text-align: justify; text-indent: 1cm; line-height: 16pt;\"><strong style=\"text-indent: 1cm;\"><span style=\"font-size: 14pt; font-family: Arial, sans-serif;\">S&uuml;leyman &Ouml;z\u0131\u015f\u0131k AKP&rsquo;yi k\u0131\u015fk\u0131rtmaktayd\u0131!<\/span><\/strong><\/p>\n<p style=\"margin-bottom: 0.0001pt; text-align: justify; text-indent: 1cm; line-height: 16pt;\"><span style=\"font-size: 12pt; font-family: Arial, sans-serif;\">&ldquo;G&ouml;r&uuml;nen o ki; gerek HDP, gerekse FET&Ouml;, bu se&ccedil;imlerde istedi\u011fi sonu&ccedil;lar\u0131 elde etti. CHP ile HDP&#8217;nin yapt\u0131\u011f\u0131 protokol gere\u011fi, HDP&#8217;ye Meclis &Uuml;yelikleri hatta Ba\u015fkan Yard\u0131mc\u0131l\u0131klar\u0131 verilecek. HDP&#8217;li bir y&ouml;netici \u0130stanbul ve Ankara B&uuml;y&uuml;k\u015fehir Belediyelerinin en &ouml;nemli \u015firketlerinden birinin ba\u015f\u0131na Genel M&uuml;d&uuml;r olarak getirilecek. Allah f\u0131rsat vermesin ama bu i\u015f birli\u011finin kanl\u0131 sonu&ccedil;lar\u0131n\u0131 orta vadede g&ouml;rece\u011fimizi tahmin ediyorum. FET&Ouml; penceresinden bakt\u0131\u011f\u0131m\u0131zda durum &ccedil;ok daha vahim g&ouml;r&uuml;n&uuml;yor. FET&Ouml; konusunda uzman olan herkes, yeni bir kalk\u0131\u015fma tehlikesinin muhtemel oldu\u011fundan bahsediyor. Peki, bir an, yeni bir kanl\u0131 darbe giri\u015fimi ya\u015fand\u0131\u011f\u0131n\u0131 varsayal\u0131m. \u0130stanbul&#8217;da durum ne olur? &Ouml;rne\u011fin \u0130stanbul B&uuml;y&uuml;k\u015fehir Belediyesi darbeyi bast\u0131rmak i&ccedil;in elindeki imk&acirc;nlar\u0131 kullan\u0131r m\u0131? Ya da mevcut Belediye Ba\u015fkan\u0131, &#8220;Sonuna kadar direnin&#8221; talimat\u0131 verir mi?<\/span><\/p>\n<p style=\"margin-bottom: 0.0001pt; text-align: justify; text-indent: 1cm; line-height: 16pt;\"><span style=\"font-size: 12pt; font-family: Arial, sans-serif;\">Esenyurt&#8217;u kazanan CHP&#8217;li belediye, 15 Temmuz&#8217;daki gibi Had\u0131mk&ouml;y Askeri K\u0131\u015flas\u0131&#8217;n\u0131n &ouml;n&uuml;ne a\u011f\u0131r i\u015f makineleri g&ouml;nderir mi? Ya da Ye\u015filyurt&#8217;taki askeri hareketlili\u011fi ba\u015flamadan bast\u0131r\u0131r m\u0131? K&uuml;&ccedil;&uuml;k&ccedil;ekmece Belediyesi&#8217;nin personeli, Erdo\u011fan&#8217;a bir kez daha canl\u0131 kalkan olur mu? Ankara B&uuml;y&uuml;k\u015fehir Belediye Ba\u015fkan\u0131, halk\u0131 sokaklara d&ouml;k&uuml;lmeye davet eder mi? A\u011f\u0131r i\u015f makinelerini askeri k\u0131\u015flalar\u0131n &ouml;n&uuml;ne y\u0131\u011fma talimat\u0131 verir mi?&rdquo; diyerek s&uuml;rekli ku\u015fku ve korku pompalamaktayd\u0131!<\/span><\/p>\n<p style=\"margin-bottom: 0.0001pt; text-align: justify; text-indent: 1cm; line-height: 16pt;\"><strong><em><span style=\"font-size: 12pt; font-family: Arial, sans-serif;\">&ldquo;T&uuml;rkiye&rsquo;de hem biz gazetecilerin hem de akademisyenlerin en &ccedil;ok yapt\u0131klar\u0131 hata, objektif olmas\u0131 gereken tespitlerle, subjektif temennileri birbirine kar\u0131\u015ft\u0131r\u0131p bulama&ccedil; haline getirmek. Bu a&ccedil;\u0131dan, &ccedil;ok k&ouml;t&uuml; bir noktaday\u0131z. Temennilerini objektif tespit gibi suna suna, bu memleketin neredeyse b&uuml;t&uuml;n k&ouml;\u015fe yazarlar\u0131 ve yorumcular\u0131 maalesef g&uuml;&ccedil;lerini ve etkilerini kaybettiler. &Ouml;nemli bir k\u0131sm\u0131 da tamamen duygular\u0131na teslim olup marjinal hale geldiler. T&uuml;rk medyas\u0131n\u0131n hem iktidar hem muhalefet kanad\u0131 i&ccedil;in durum b&ouml;yle. Bas\u0131n hayat\u0131m\u0131z d&uuml;nyada da yayg\u0131n olan post-truth (ger&ccedil;ek &ouml;tesi) a\u015famas\u0131nda da de\u011fil. Bildi\u011fimiz anti-truth <\/span><\/em><\/strong><strong><em><span style=\"font-size: 12pt; font-family: Arial, sans-serif;\">(yalan\u0131 g&ouml;t&uuml;ren-do\u011fruyu gizleyen tezler) <\/span><\/em><\/strong><strong><em><span style=\"font-size: 12pt; font-family: Arial, sans-serif;\">g&ouml;l&uuml;nde debeleniyor. Giderek daha fazla insan, kendi uydurdu\u011fu komplo teorilerine inan\u0131yor bu &uuml;lkede.&rdquo;<\/span><\/em><\/strong><\/p>\n<p style=\"margin-bottom: 0.0001pt; text-align: justify; text-indent: 1cm; line-height: 16pt;\"><strong><em><span style=\"font-size: 14pt; font-family: Arial, sans-serif;\">&ldquo;Temenni de\u011fil, tespit yapm\u0131\u015ft\u0131k&hellip;&rdquo;<\/span><\/em><\/strong><strong><span style=\"font-size: 14pt; font-family: Arial, sans-serif;\"> diyen Nagehan Al&ccedil;\u0131&rsquo;ya niye inanmam\u0131\u015flard\u0131?<\/span><\/strong><\/p>\n<p style=\"margin-bottom: 0.0001pt; text-align: justify; text-indent: 1cm; line-height: 16pt;\"><strong><span style=\"font-size: 12pt; font-family: Arial, sans-serif;\">Mesela; 2 Haziran 2019&rsquo;da \u0130stanbul se&ccedil;imlerinin YSK karar\u0131yla yenilenebilece\u011fi ihtimalini kaleme ald\u0131m. Somut bilgilere dayal\u0131 bir tahminde bulundum. T\u0131pk\u0131 bir sismolo\u011fun deprem olma ihtimalini haber vermesi gibi&#8230; Nitekim &ouml;nce Pazartesi Ba\u015fkan Erdo\u011fan&rsquo;\u0131n Rusya&rsquo;ya giderken yapt\u0131\u011f\u0131 a&ccedil;\u0131klamalar, sonra d&uuml;n AKP&rsquo;nin resmi ba\u015fvurusu ve ard\u0131ndan Devlet Bah&ccedil;eli&rsquo;nin a&ccedil;\u0131klamalar\u0131yla iktidar cephesinin \u0130stanbul i&ccedil;in yeniden se&ccedil;im isteyece\u011fi anla\u015f\u0131lm\u0131\u015f oldu.<\/span><\/strong><\/p>\n<p style=\"margin-bottom: 0.0001pt; text-align: justify; text-indent: 1cm; line-height: 16pt;\"><strong><span style=\"font-size: 12pt; font-family: Arial, sans-serif;\">Ancak maalesef bir sismolog deprem tahmininde bulundu diye o sismolo\u011fa k&uuml;fredildi\u011fi tek &uuml;lke herhalde T&uuml;rkiye&rsquo;dir. <\/span><\/strong><strong><em><span style=\"font-size: 12pt; font-family: Arial, sans-serif;\">&ldquo;Sen depremi olu\u015fturmak istiyorsun. Sen s&ouml;ylemeseydin bu deprem olmayacakt\u0131&rdquo;<\/span><\/em><\/strong><strong><span style=\"font-size: 12pt; font-family: Arial, sans-serif;\"> diyerek, zelzelenin sebebini sismolo\u011fa ba\u011flayanlar sadece meczuplar olabilir. T&uuml;rkiye&rsquo;nin \u015fu anki durumu aynen bu. Ama tekrar se&ccedil;imin ekonomi a&ccedil;\u0131s\u0131ndan iyi olmayaca\u011f\u0131 a&ccedil;\u0131kt\u0131r. 2 Haziran 2019&rsquo;da \u0130stanbul i&ccedil;in yeniden sand\u0131k kurulabilir derken, ayn\u0131 yaz\u0131da bir tekrar se&ccedil;imin &ouml;zellikle ekonomi a&ccedil;\u0131s\u0131ndan hi&ccedil; iyi olmayaca\u011f\u0131 tespitini de &ouml;zellikle yapt\u0131k&hellip; B&ouml;yle bir se&ccedil;im s&uuml;recinin yabanc\u0131 yat\u0131r\u0131mc\u0131y\u0131 T&uuml;rkiye&rsquo;den ka&ccedil;\u0131racak bir geli\u015fme olaca\u011f\u0131n\u0131 da yazd\u0131k&hellip;&rdquo;[4]<\/span><\/strong><\/p>\n<p style=\"margin-bottom: 0.0001pt; text-align: justify; text-indent: 1cm; line-height: 16pt;\"><strong style=\"text-indent: 1cm;\"><em><span style=\"font-size: 12pt; font-family: Arial, sans-serif;\">&ldquo;Son 25 y\u0131ld\u0131r ba\u015fta Ankara ve \u0130stanbul bulmak &uuml;zere, &ccedil;ok &ouml;nemli kentleri denetiminde tutan Mill&icirc; G&ouml;r&uuml;\u015f zihniyetinin uzant\u0131s\u0131 AKP, iktidar sarho\u015flu\u011funun yaratt\u0131\u011f\u0131 pervas\u0131zl\u0131kta g&uuml;&ccedil; kaybetmek istemiyor, sald\u0131rgan davran\u0131yor&#8230; \u0130\u015fte bu y&uuml;zden son d&ouml;nemde bask\u0131dan tehdide, kaos tellall\u0131\u011f\u0131ndan &#8220;beka&#8221; tart\u0131\u015fmalar\u0131na kadar onlarca tehlikeli enstr&uuml;man\u0131n kullan\u0131ld\u0131\u011f\u0131 bir se&ccedil;im d&ouml;nemi ya\u015f\u0131yor T&uuml;rkiye&#8230; Evet, son d&ouml;nemde muhalefet lehine b&uuml;y&uuml;yen olumlu hava iktidar &ccedil;evrelerinde g&ouml;r&uuml;len kayg\u0131yla birle\u015fti\u011finde \u015fa\u015f\u0131rt\u0131c\u0131 bir sonucun beklentisi h&acirc;kim oluyor&#8230; &Ccedil;&uuml;nk&uuml; 31 Mart se&ccedil;imleri daha &ouml;nce oldu\u011fu gibi muhalefet ve liderleri i&ccedil;in de\u011fil, tam aksine iktidar i&ccedil;in bir varl\u0131k ve yokluk sava\u015f\u0131n\u0131n gerginli\u011fini bar\u0131nd\u0131r\u0131yor&#8230; Belki de 1980&#8217;den sonra, tarihin hi&ccedil; g&ouml;rmedi\u011fi bir kaotik havada s&uuml;r&uuml;yor se&ccedil;im propagandas\u0131&#8230; &Ouml;zellikle Ankara i&ccedil;in yo\u011funla\u015fan akla ziyan su&ccedil;lamalar, &uuml;rk&uuml;t&uuml;c&uuml; tehditler, \u0131srarla gergin bir ortama d&ouml;n&uuml;\u015ft&uuml;r&uuml;len bask\u0131 s&uuml;reci, yanda\u015f medyan\u0131n lin&ccedil; kampanyas\u0131, iktidar sahiplerinin &ouml;fke, h\u0131n&ccedil; ve asabiyetle y&uuml;r&uuml;tt&uuml;\u011f&uuml; taarruz, toplumun neredeyse b&uuml;t&uuml;n kesimlerinde \u015fa\u015fk\u0131nl\u0131kla izleniyor&#8230;&rdquo;[5]<\/span><\/em><\/strong><em style=\"text-indent: 1cm;\"><span style=\"font-size: 12pt; font-family: Arial, sans-serif;\"><\/span><\/em><strong style=\"text-indent: 1cm;\"><span style=\"font-size: 12pt; font-family: Arial, sans-serif;\">diyen Mehmet Fara&ccedil;, do\u011frularla yanl\u0131\u015flar\u0131 harmanl\u0131yor ve h&acirc;l&acirc; AKP&rsquo;yi Milli G&ouml;r&uuml;\u015f&rsquo;&uuml;n devam\u0131 say\u0131p, Erbakan&rsquo;a duydu\u011fu h\u0131nc\u0131n\u0131 ve h\u0131rs\u0131n\u0131 kusuyordu!<\/span><\/strong><\/p>\n<p style=\"margin-bottom: 0.0001pt; text-align: justify; text-indent: 1cm; line-height: 16pt;\"><strong><span style=\"font-size: 14pt; font-family: Arial, sans-serif;\">Enflasyon y&uuml;zde 20&rsquo;lere &ccedil;\u0131km\u0131\u015ft\u0131!<\/span><\/strong><\/p>\n<p style=\"margin-bottom: 0.0001pt; text-align: justify; text-indent: 1cm; line-height: 16pt;\"><strong><span style=\"font-size: 12pt; font-family: Arial, sans-serif;\">T&uuml;rkiye&#8217;nin ger&ccedil;ek g&uuml;ndemi olan enflasyon, Mart&rsquo;ta da h\u0131z kesmeyip artm\u0131\u015ft\u0131. T&uuml;ketici fiyatlar\u0131 Mart&rsquo;ta y&uuml;zde 1.03, &uuml;retici fiyatlar\u0131 ise y&uuml;zde 1.58 artm\u0131\u015ft\u0131. Y\u0131ll\u0131k enflasyon; t&uuml;ketici fiyatlar\u0131nda y&uuml;zde 19.71, yurt i&ccedil;i &uuml;retici fiyatlar\u0131nda y&uuml;zde 29.64 olarak ger&ccedil;ekle\u015fmi\u015fti.<\/span><\/strong><\/p>\n<p style=\"margin-bottom: 0.0001pt; text-align: justify; text-indent: 1cm; line-height: 16pt;\"><span style=\"font-size: 12pt; font-family: Arial, sans-serif;\">T&uuml;rkiye \u0130statistik Kurumu (T&Uuml;\u0130K), Mart ay\u0131 enflasyon verilerini a&ccedil;\u0131klam\u0131\u015ft\u0131. Buna g&ouml;re, T&uuml;ketici Fiyat Endeksi (T&Uuml;FE), Mart&rsquo;ta ayl\u0131k bazda y&uuml;zde 1.03, Yurt \u0130&ccedil;i &Uuml;retici Fiyat Endeksi (Y\u0130-&Uuml;FE) y&uuml;zde 1.58 art\u0131\u015f yakalam\u0131\u015ft\u0131. Y\u0131ll\u0131k enflasyon t&uuml;ketici fiyatlar\u0131nda y&uuml;zde 19.71, yurt i&ccedil;i &uuml;retici fiyatlar\u0131nda y&uuml;zde 29.64&rsquo;e f\u0131rlam\u0131\u015ft\u0131. Mart ay\u0131 itibar\u0131yla 12 ayl\u0131k ortalamalar dikkate al\u0131nd\u0131\u011f\u0131nda, t&uuml;ketici fiyatlar\u0131 y&uuml;zde 18.70, yurt i&ccedil;i &uuml;retici fiyatlar\u0131 y&uuml;zde 31.17 artm\u0131\u015ft\u0131. Ge&ccedil;en y\u0131l\u0131n Aral\u0131k ay\u0131na g&ouml;re de t&uuml;ketici fiyatlar\u0131 y&uuml;zde 2.27, yurt i&ccedil;i &uuml;retici fiyatlar\u0131 y&uuml;zde 2.14&rsquo;e &ccedil;\u0131km\u0131\u015ft\u0131.<\/span><\/p>\n<p style=\"margin-bottom: 0.0001pt; text-align: justify; text-indent: 1cm; line-height: 16pt;\"><strong><span style=\"font-size: 12pt; font-family: Arial, sans-serif;\">En y&uuml;ksek art\u0131\u015f sa\u011fl\u0131kta ya\u015fanm\u0131\u015ft\u0131<\/span><\/strong><\/p>\n<p style=\"margin-bottom: 0.0001pt; text-align: justify; text-indent: 1cm; line-height: 16pt;\"><span style=\"font-size: 12pt; font-family: Arial, sans-serif;\">Ana harcama gruplar\u0131 itibar\u0131yla Mart&rsquo;ta, ayl\u0131k bazda en y&uuml;ksek art\u0131\u015f y&uuml;zde 3,48 ile sa\u011fl\u0131k grubunda g&ouml;r&uuml;l&uuml;rken, g\u0131da ve alkols&uuml;z i&ccedil;eceklerde y&uuml;zde 2,44, e\u011fitimde y&uuml;zde 1,45, ula\u015ft\u0131rmada y&uuml;zde 0,75 ve lokanta ve otellerde y&uuml;zde 0,67 art\u0131\u015f saptanm\u0131\u015ft\u0131. Mart&rsquo;ta ana harcama gruplar\u0131 itibar\u0131yla endekste d&uuml;\u015f&uuml;\u015f g&ouml;steren tek grup, y&uuml;zde 0,29 ile haberle\u015fme olmu\u015ftu.<\/span><\/p>\n<p style=\"margin-bottom: 0.0001pt; text-align: justify; text-indent: 1cm; line-height: 16pt;\"><strong><span style=\"font-size: 14pt; font-family: Arial, sans-serif;\">K\u0131sa vadeli tedbirlerle &ldquo;enflasyon kontrolden &ccedil;\u0131kar&rdquo; uyar\u0131s\u0131!<\/span><\/strong><\/p>\n<p style=\"margin-bottom: 0.0001pt; text-align: justify; text-indent: 1cm; line-height: 16pt;\"><span style=\"font-size: 12pt; font-family: Arial, sans-serif;\">Alt\u0131nba\u015f &Uuml;niversitesi Rekt&ouml;r Yard\u0131mc\u0131s\u0131 Prof. Dr. Emre Alkin, <\/span><span style=\"font-size: 14pt; font-family: Arial, sans-serif;\">&ldquo;<\/span><span style=\"font-size: 12pt; font-family: Arial, sans-serif;\">Tar\u0131msal &uuml;r&uuml;nlerde \u015fiddetli fiyat art\u0131\u015f\u0131 h&acirc;l&acirc; devam ediyor. Enflasyondaki y&uuml;kseli\u015f trendinde bir de\u011fi\u015fiklik olmad\u0131\u011f\u0131 anla\u015f\u0131l\u0131yor. K\u0131sa vadeli tedbirlerle enflasyon kal\u0131c\u0131 \u015fekilde d&uuml;\u015fmeyece\u011fi gibi, kontrolden de &ccedil;\u0131kabilir&#8221; diye uyarm\u0131\u015ft\u0131. Prof. Dr. Alkin, enflasyon sepetine giren &uuml;r&uuml;nlerin; y&uuml;zde 65&#8217;ini olu\u015fturan 270 kalemde art\u0131\u015f, y&uuml;zde 27&rsquo;sini olu\u015fturan 115 kalemde d&uuml;\u015f&uuml;\u015f ya\u015fan\u0131rken, y&uuml;zde 8&#8217;inin ayn\u0131 kald\u0131\u011f\u0131n\u0131 s&ouml;yleyen Alkin \u015f&ouml;yle devam etti: &#8220;Yani asl\u0131nda tar\u0131msal &uuml;r&uuml;nlerde \u015fiddetli fiyat art\u0131\u015f\u0131 h&acirc;l&acirc; devam ediyor. Bu da tanzim sat\u0131\u015flar ve kasada y&uuml;zde 10 indirimleri veya sat\u0131lmayan &uuml;r&uuml;nlerin stokta birikmesi nedeniyle yap\u0131lan iskontolar\u0131n, enflasyonu d&uuml;\u015f&uuml;rmek i&ccedil;in yetmedi\u011fini g&ouml;steriyor. Kal\u0131c\u0131 tedbirler al\u0131nmazsa enflasyon daha da f\u0131rlayacakt\u0131r!&rdquo;<\/span><\/p>\n<p style=\"margin-bottom: 0.0001pt; text-align: justify; text-indent: 1cm; line-height: 16pt;\"><strong><span style=\"font-size: 14pt; font-family: Arial, sans-serif;\">Devlet, 1,5 milyar lira &ldquo;kumar paras\u0131&rdquo; da\u011f\u0131tm\u0131\u015ft\u0131!<\/span><\/strong><\/p>\n<p style=\"margin-bottom: 0.0001pt; text-align: justify; text-indent: 1cm; line-height: 16pt;\"><span style=\"font-size: 12pt; font-family: Arial, sans-serif;\">Dindar AKP eliyle kumar oynatan kurum olan Milli Piyango \u0130daresi&#8217;nin, \u015fans(!) oyunlar\u0131nda ge&ccedil;en y\u0131l da\u011f\u0131tt\u0131\u011f\u0131 ikramiye tutar\u0131 1,5 milyar liray\u0131 a\u015fm\u0131\u015ft\u0131. Yani Milli Piyango, 5 y\u0131lda 6 milyar 349 milyon 266 bin lira kumar ikramiyesi da\u011f\u0131tm\u0131\u015ft\u0131. Milli Piyango \u0130daresi (MP\u0130) verilerine g&ouml;re, kurumun ge&ccedil;en y\u0131l toplam gelirleri, vergiler d&acirc;hil 3 milyar 528 milyon 743 bin 465 lirayd\u0131. Bunun yakla\u015f\u0131k 3 milyar 396 milyon 730 bin 946 liras\u0131 \u015fans oyunlar\u0131 sat\u0131\u015f gelirlerinden, 132 milyon 3 bin 519 liras\u0131 da di\u011fer gelirlerden olu\u015fmaktayd\u0131. \u0130darenin 2018 ikramiye &ouml;demeleri, bir &ouml;nceki y\u0131la k\u0131yasla y&uuml;zde 9,4 artarak 1 milyar 522 milyon 339 bin 545 liraya ula\u015fm\u0131\u015ft\u0131. MP\u0130 taraf\u0131ndan ge&ccedil;en y\u0131l Hazine&#8217;ye 817,1 milyon lira, kamuya 768,7 milyon lira pay aktar\u0131l\u0131rken, bayi komisyonlar\u0131 ve arac\u0131l\u0131k giderleri 279,3 milyon liray\u0131, faaliyet ve i\u015fletme giderleri de 141 milyon liray\u0131 a\u015fm\u0131\u015ft\u0131.<\/span><\/p>\n<p style=\"margin-bottom: 0.0001pt; text-align: justify; text-indent: 1cm; line-height: 16pt;\"><strong><span style=\"font-size: 12pt; font-family: Arial, sans-serif;\">En fazla kumar geliri say\u0131sal oyunlardan sa\u011flanm\u0131\u015ft\u0131<\/span><\/strong><\/p>\n<p style=\"margin-bottom: 0.0001pt; text-align: justify; text-indent: 1cm; line-height: 16pt;\"><span style=\"font-size: 12pt; font-family: Arial, sans-serif;\">\u0130dare, ge&ccedil;en y\u0131l en fazla sat\u0131\u015f gelirini 2 milyar 273 milyon 169 bin lirayla &ldquo;say\u0131sal oyunlar&rdquo;dan sa\u011flarken, kasas\u0131na &ldquo;Piyango&rdquo; sat\u0131\u015flar\u0131ndan 836,4 milyon lira, &ldquo;hemen kazan&rdquo; sat\u0131\u015flar\u0131ndan da 287,1 milyon lira toplanm\u0131\u015ft\u0131. Ge&ccedil;en y\u0131l 31 Aral\u0131k &ccedil;ekili\u015fi de d&acirc;hil olmak &uuml;zere 5&#8217;i &ouml;zel, toplam 33 Piyango &ccedil;ekili\u015fi d&uuml;zenlendi. Bu &ccedil;ekili\u015flerde 63 milyon 847 bin 449 bilet sat\u0131ld\u0131. 2018&#8217;de Piyango oyunu sat\u0131\u015f\u0131n\u0131n y&uuml;zde 56&#8217;s\u0131na denk gelen 467 milyon 256 bin liral\u0131k ikramiye talihlilere da\u011f\u0131t\u0131lm\u0131\u015ft\u0131. Piyango oyunu sat\u0131\u015f gelirlerinin, \u015fans oyunlar\u0131 toplam sat\u0131\u015f geliri i&ccedil;indeki pay\u0131 da y&uuml;zde 25 oldu. \u0130dare taraf\u0131ndan, ge&ccedil;en y\u0131l toplam 188 milyon 5 bin 500 &ldquo;hemen kazan&rdquo; bileti sat\u0131l\u0131rken, bu kapsamda 176,3 milyon liral\u0131k ikramiye da\u011f\u0131t\u0131lm\u0131\u015ft\u0131. Evet dindar AKP iktidar\u0131nda karn\u0131n\u0131 doyuramayan vatanda\u015flar, Loto, Toto, Piyango gibi kumarlara ve \u015fans oyunlar\u0131na umut ba\u011flam\u0131\u015flard\u0131.<\/span><\/p>\n<p style=\"margin-bottom: 0.0001pt; text-align: justify; text-indent: 1cm; line-height: 16pt;\"><strong><span style=\"font-size: 14pt; font-family: Arial, sans-serif;\">T&uuml;rkiye&rsquo;de &uuml;reten montajc\u0131 yabanc\u0131n\u0131n, y&uuml;zde 96 ihracat\u0131na sevinmek ahmakl\u0131kt\u0131!<\/span><\/strong><\/p>\n<p style=\"margin-bottom: 0.0001pt; text-align: justify; text-indent: 1cm; line-height: 16pt;\"><span style=\"font-size: 12pt; font-family: Arial, sans-serif;\">&ldquo;Se&ccedil;imden iki g&uuml;n &ouml;nce, Mercedes-Benz Grubu&rsquo;nun d&uuml;nyadaki tek &ccedil;at\u0131 alt\u0131ndaki en b&uuml;y&uuml;k entegre otob&uuml;s &uuml;retim tesisi olan \u0130stanbul Ho\u015fdere&rsquo;deki fabrikas\u0131n\u0131, Mercedes-Benz T&uuml;rk \u0130cra Kurulu Ba\u015fkan\u0131 S&uuml;er S&uuml;l&uuml;n ve Otob&uuml;s &Uuml;retiminden Sorumlu \u0130cra Kurulu &Uuml;yesi B&uuml;lent Acicbe ile birlikte gezdik. Acicbe, fabrika turu s\u0131ras\u0131nda, Mercedes-Benz&rsquo;in T&uuml;rkiye&rsquo;ye 1967&rsquo;den bu yana yapt\u0131\u011f\u0131 yat\u0131r\u0131m\u0131n alt\u0131n\u0131 &ccedil;izdi: <strong><em>&ldquo;Ho\u015fdere&rsquo;deki otob&uuml;s &uuml;retim merkezi ve Aksaray&rsquo;daki kamyon fabrikam\u0131za bug&uuml;ne kadar toplam 1.2 milyar Euro&rsquo;luk yat\u0131r\u0131m yapt\u0131k. <\/em><\/strong>(Yat\u0131r\u0131mlar\u0131n\u0131n kesintisiz s&uuml;rd&uuml;\u011f&uuml;ne i\u015faret etti.)<strong><em> \u015eu anda otob&uuml;slerin bagaj kapa\u011f\u0131 &uuml;retimi i&ccedil;in ek tesis yat\u0131r\u0131m\u0131 yap\u0131yoruz. Bu yat\u0131r\u0131m 15 milyon Euro&rsquo;ya mal olacak.&rdquo;<\/em><\/strong><\/span><\/p>\n<p style=\"margin-bottom: 0.0001pt; text-align: justify; text-indent: 1cm; line-height: 16pt;\"><strong><span style=\"font-size: 12pt; font-family: Arial, sans-serif;\">\u0130cra Kurulu Ba\u015fkan\u0131 S&uuml;l&uuml;n araya girdi: <\/span><\/strong><strong><em><span style=\"font-size: 12pt; font-family: Arial, sans-serif;\">&ldquo;Genelde yerel se&ccedil;im yakla\u015f\u0131rken, 2 y\u0131l &ouml;ncesinden Belediyelerin \u015fehir i&ccedil;i otob&uuml;s ihaleleri hareketlenir. Bu se&ccedil;im d&ouml;neminde Belediyelerden dikkati &ccedil;ekecek ihale ad\u0131m\u0131 g&ouml;rmedik.&rdquo;<\/span><\/em><\/strong><span style=\"font-size: 12pt; font-family: Arial, sans-serif;\"> dedi. Ho\u015fdere tesislerinin T&uuml;rkiye&rsquo;deki a\u011f\u0131rl\u0131\u011f\u0131n\u0131 \u015fu veriyle \u015f&ouml;yle ortaya koydu: <strong><em>&ldquo;&Uuml;lkemizde &uuml;retilen her 10 otob&uuml;sten 5&rsquo;i burada &uuml;retiliyor.&rdquo; <\/em><\/strong><\/span><\/p>\n<p style=\"margin-bottom: 0.0001pt; text-align: justify; text-indent: 1cm; line-height: 16pt;\"><strong><span style=\"font-size: 14pt; font-family: Arial, sans-serif;\">\u0130yi de T&uuml;rkiye&rsquo;de &uuml;reten yabanc\u0131n\u0131n <em>y&uuml;zde 96 ihracat\u0131na<\/em> sevinmek mi, &uuml;z&uuml;lmek mi laz\u0131md\u0131?<\/span><\/strong><\/p>\n<p style=\"margin-bottom: 0.0001pt; text-align: justify; text-indent: 1cm; line-height: 16pt;\"><span style=\"font-size: 12pt; font-family: Arial, sans-serif;\">Acicbe, g&uuml;nl&uuml;k otob&uuml;s &uuml;retim temposunu: <strong><em>&ldquo;Otob&uuml;s &uuml;retimi emek yo\u011fun bir i\u015ftir. \u0130ki vardiya &ccedil;al\u0131\u015farak g&uuml;nde 16 otob&uuml;s &uuml;retiyoruz. 17&rsquo;yi de zorluyoruz.&rdquo;<\/em><\/strong> \u015feklinde payla\u015fm\u0131\u015ft\u0131. Ard\u0131ndan i&ccedil; pazardaki yava\u015flama &uuml;zerinde durdu: <strong><em>&ldquo;Son 2-3 y\u0131la kadar &uuml;retimimizin y&uuml;zde 20&rsquo;si i&ccedil; pazara, y&uuml;zde 80&rsquo;i de ihracata y&ouml;nelikti. &Ouml;zellikle son 2 y\u0131ld\u0131r i&ccedil; pazarda epey yava\u015flama ya\u015fand\u0131.&rdquo;<\/em><\/strong> diye yak\u0131nm\u0131\u015ft\u0131. Mercedes-Benz T&uuml;rk&rsquo;&uuml;n 2018 y\u0131l\u0131 ihracat\u0131n\u0131 ise: <strong><em>&ldquo;Ge&ccedil;en y\u0131l 1,2 milyar Euro&rsquo;luk ihracat yapt\u0131k. \u0130hracat\u0131n y&uuml;zde 98&rsquo;i Avrupa &uuml;lkelerine ger&ccedil;ekle\u015fiyor. 2019&rsquo;da Ho\u015fdere&rsquo;de &uuml;retti\u011fimiz otob&uuml;slerin y&uuml;zde 96&rsquo;s\u0131n\u0131 ihra&ccedil; edece\u011fiz. 2019&rsquo;da 4 bin 287 &uuml;nite otob&uuml;s &uuml;retimimiz olacak. Bunun sadece y&uuml;zde 4&rsquo;&uuml; i&ccedil; pazarda sat\u0131labilecek.&rdquo;[6]&nbsp;<\/em><\/strong><\/span><span style=\"font-size: 12pt; font-family: Arial, sans-serif;\">\u015feklinde a&ccedil;\u0131klam\u0131\u015ft\u0131. <strong>Evet, tamam\u0131 yabanc\u0131 otomobil firmalar\u0131n\u0131n, &ccedil;e\u015fitli te\u015fvikler, vergi muafiyeti ve ucuz i\u015f&ccedil;ilik nedeniyle T&uuml;rkiye&rsquo;de &uuml;retip satt\u0131klar\u0131, ama hi&ccedil;bir teknolojik yat\u0131r\u0131m ve payla\u015f\u0131m yapmad\u0131klar\u0131 otomobil ihracatlar\u0131yla &ouml;v&uuml;n&uuml;p duran ve halk\u0131 avutan bir iktidarla art\u0131k hi&ccedil;bir yere var\u0131lamayacakt\u0131r.<\/strong><\/span><\/p>\n<p style=\"margin-bottom: 0.0001pt; text-align: justify; text-indent: 1cm; line-height: 16pt;\"><strong><span style=\"font-size: 14pt; font-family: Arial, sans-serif;\">Ge&ccedil;mi\u015f olsun, 3. havaliman\u0131 da pe\u015finen batm\u0131\u015ft\u0131!<\/span><\/strong><\/p>\n<p style=\"margin-bottom: 0.0001pt; text-align: justify; text-indent: 1cm; line-height: 16pt;\"><strong><span style=\"font-size: 12pt; font-family: Arial, sans-serif;\">3. Havaliman\u0131ndan \u015firket ka&ccedil;\u0131\u015flar\u0131 \u015f&uuml;phe uyand\u0131rmaktayd\u0131. Kolin&rsquo;den sonra iki \u015firketin daha &ccedil;ekilece\u011fi konu\u015fulmaktayd\u0131. Her &ccedil;\u0131kan da 6 milyar Euro bor&ccedil;tan pay\u0131na d&uuml;\u015feni, kalana devredip ayr\u0131lmaktayd\u0131. Peki, o bor&ccedil; sonunda kime y\u0131k\u0131lacakt\u0131? Yan\u0131t\u0131 15 Kas\u0131m 2017&rsquo;de THY&rsquo;nin kurdu\u011fu yeni \u015firkette sakl\u0131yd\u0131. Nas\u0131l m\u0131? \u0130\u015fte bir kara deli\u011fin perde arkas\u0131&hellip; Hi&ccedil; uzatmadan s&ouml;yleyelim. 3. Havaliman\u0131 hen&uuml;z tam faaliyete ge&ccedil;meden batm\u0131\u015ft\u0131r. Milyarlarca Euro&rsquo;luk faturas\u0131 da vatanda\u015fa kalm\u0131\u015ft\u0131r. K&ouml;pr&uuml;de, havaliman\u0131nda oy pusulas\u0131 ge&ccedil;medi\u011fine g&ouml;re, her kuru\u015funu &lsquo;mega projelerin&rsquo; &uuml;zerinde erik dal\u0131 oynayanlarla oynamayanlar bu denli beraberce &ouml;demek zorunda kalacaklard\u0131r. <\/span><\/strong><\/p>\n<p style=\"margin-bottom: 0.0001pt; text-align: justify; text-indent: 1cm; line-height: 16pt;\"><strong><span style=\"font-size: 14pt; font-family: Arial, sans-serif;\">\u015eimdi madde madde bu soygunun nas\u0131l ger&ccedil;ekle\u015fti\u011fine bakal\u0131m.<\/span><\/strong><\/p>\n<p style=\"margin-bottom: 0.0001pt; text-align: justify; text-indent: 1cm; line-height: 16pt;\"><strong><span style=\"font-size: 12pt; font-family: Arial, sans-serif;\">&bull; Malum, havaliman\u0131n\u0131 yapan ve 25 y\u0131l i\u015fletecek olan \u0130GA&rsquo;n\u0131n y&uuml;zde 20&rsquo;\u015fer payla 5<\/span><\/strong><span style=\"font-size: 12pt; font-family: Arial, sans-serif;\"> <strong>orta\u011f\u0131 vard\u0131: <\/strong><\/span><strong><em><span style=\"font-size: 14pt; font-family: Arial, sans-serif;\">Kolin, Limak, Kalyon, Cengiz, MNG<\/span><\/em><\/strong><strong><span style=\"font-size: 12pt; font-family: Arial, sans-serif;\">. \u0130haleyi 3 May\u0131s 2013&rsquo;te KDV hari&ccedil; 22 milyar 150 milyon Euro&rsquo;ya ald\u0131lar. \u0130ktidar da \u015firketlere a\u011f\u0131r Hazine garantileri sa\u011flad\u0131. Neydi bunlar? Onlar\u0131 da k\u0131saca hat\u0131rlayal\u0131m.<\/span><\/strong><\/p>\n<p style=\"margin-bottom: 0.0001pt; text-align: justify; text-indent: 1cm; line-height: 16pt;\"><strong><span style=\"font-size: 12pt; font-family: Arial, sans-serif;\">&bull; \u0130lk 13 y\u0131l i&ccedil;in <em>6,3 milyar Euro yolcu garantisi<\/em> sa\u011fland\u0131. Garanti tutar\u0131 yolcu ba\u015f\u0131na d\u0131\u015f hatta 20 Euro, d\u0131\u015f hattan gelip d\u0131\u015f hata gidenlerde 5 Euro ve i&ccedil; hattan gelip d\u0131\u015f hata gidenler i&ccedil;in de 3 Euro &uuml;zerinden hesaplanacakt\u0131. Devletin verdi\u011fi yolcu garantisi ilk etapta 90 milyon ki\u015fi. Miktar tutturulamad\u0131\u011f\u0131nda &uuml;zerini devlet kar\u015f\u0131layacakt\u0131.<\/span><\/strong><\/p>\n<p style=\"margin-bottom: 0.0001pt; text-align: justify; text-indent: 1cm; line-height: 16pt;\"><strong><span style=\"font-size: 12pt; font-family: Arial, sans-serif;\">&bull; K&acirc;\u011f\u0131t &uuml;zerinde \u015fahane anla\u015fmayd\u0131. Ne var ki, bu \u015firketlerin s&ouml;z konusu i\u015fi kendi kaynaklar\u0131ndan tamamlamas\u0131 imk&acirc;ns\u0131zd\u0131. Dolay\u0131s\u0131yla yine Hazine devreye al\u0131nd\u0131. Ve 3,4 milyar Euro&rsquo;su Ziraat, Halkbank ve Vak\u0131fbank&rsquo;tan, 500 milyon Euro&rsquo;su Denizbank&rsquo;tan, 300&rsquo;er milyon Euro&rsquo;su da Garanti ve Finansbank&rsquo;tan olmak &uuml;zere toplam 4,5 milyar Euro bor&ccedil; al\u0131nd\u0131. 16 y\u0131l vadeli, d&ouml;rt y\u0131l\u0131 anapara &ouml;demesiz olan kredi \u015fartlar\u0131 da harikayd\u0131. Gel gelelim cebinden tek kuru\u015f harcamamaya yeminli be\u015f \u015firket, ge&ccedil;en y\u0131l\u0131n May\u0131s ay\u0131nda yine Hazine garantisi alt\u0131nda 1,4 milyar Euro daha kredi &ccedil;ekip payla\u015fm\u0131\u015flard\u0131. B&ouml;ylece bor&ccedil; toplam\u0131 6 milyar Euro&rsquo;yu a\u015fm\u0131\u015ft\u0131. Havaliman\u0131n\u0131n ilk faz\u0131 zar zor bu krediyle tamamland\u0131.<\/span><\/strong><\/p>\n<p style=\"margin-bottom: 0.0001pt; text-align: justify; text-indent: 1cm; line-height: 16pt;\"><strong><span style=\"font-size: 14pt; font-family: Arial, sans-serif;\">\u0130\u015fte as\u0131l hik&acirc;ye de bundan sonra ba\u015flam\u0131\u015ft\u0131<\/span><\/strong><\/p>\n<p style=\"margin-bottom: 0.0001pt; text-align: justify; text-indent: 1cm; line-height: 16pt;\"><strong><span style=\"font-size: 12pt; font-family: Arial, sans-serif;\">&bull; Kolin, 9 Ocak 2019 g&uuml;n&uuml;, elindeki y&uuml;zde 20 hisseyi Kalyon&rsquo;a devretti\u011fini a&ccedil;\u0131klad\u0131. Kalyon&rsquo;un pay\u0131 y&uuml;zde 40&rsquo;a &ccedil;\u0131km\u0131\u015ft\u0131. Ge&ccedil;en ay iki \u015firketin daha havaliman\u0131 ortakl\u0131\u011f\u0131ndan &ccedil;ekilece\u011fine dair bir haber kulislere yay\u0131ld\u0131. Hen&uuml;z tam faaliyete ge&ccedil;memi\u015f ve k&acirc;\u011f\u0131t &uuml;zerinde ola\u011fan&uuml;st&uuml; k&acirc;rl\u0131 g&ouml;r&uuml;nen havaliman\u0131ndan bu &lsquo;acil ka&ccedil;\u0131\u015flar&rsquo; a&ccedil;\u0131k&ccedil;as\u0131 \u015f&uuml;phe uyand\u0131rmaktayd\u0131!<\/span><\/strong><\/p>\n<p style=\"margin-bottom: 0.0001pt; text-align: justify; text-indent: 1cm; line-height: 16pt;\"><strong><span style=\"font-size: 12pt; font-family: Arial, sans-serif;\">\u0130\u015fin perde arkas\u0131n\u0131 biraz daha kurcalayal\u0131m.<\/span><\/strong><\/p>\n<p style=\"margin-bottom: 0.0001pt; text-align: justify; text-indent: 1cm; line-height: 16pt;\"><span style=\"font-size: 12pt; font-family: Arial, sans-serif;\">&bull; 10 Ocak 2019 g&uuml;n&uuml; havac\u0131l\u0131k konusunda uzman gazetecilerden say\u0131lan Habert&uuml;rk yazar\u0131 <\/span><strong><em><span style=\"font-size: 14pt; font-family: Arial, sans-serif;\">G&uuml;ntay \u015eim\u015fek<\/span><\/em><\/strong><span style=\"font-size: 12pt; font-family: Arial, sans-serif;\">&rsquo;in bir analizi yay\u0131nland\u0131. G&uuml;ndemin yo\u011funlu\u011funda &ccedil;o\u011fu kimsenin g&ouml;z&uuml;nden ka&ccedil;an bu analiz, 3. havaliman\u0131nda d&ouml;nen oyunlara dair ilgin&ccedil; ipu&ccedil;lar\u0131 aktarm\u0131\u015ft\u0131.<\/span><\/p>\n<p style=\"margin-bottom: 0.0001pt; text-align: justify; text-indent: 1cm; line-height: 16pt;\"><span style=\"font-size: 12pt; font-family: Arial, sans-serif;\">&bull; &Ouml;ncelikle \u015firketlerin kur art\u0131\u015f\u0131yla katlanan 6 milyar Euro&rsquo;luk kredinin faizini dahi &ouml;deyemeyecek durumda olduklar\u0131 ortaya &ccedil;\u0131km\u0131\u015ft\u0131. Nitekim Kalyon&rsquo;un hisse devrinde tutar a&ccedil;\u0131klanmad\u0131. Devrin onun pay\u0131na d&uuml;\u015fen 1.5 milyar Euro&rsquo;luk borcun kar\u015f\u0131l\u0131\u011f\u0131 ger&ccedil;ekle\u015ftirildi\u011fi a&ccedil;\u0131klanm\u0131\u015ft\u0131. K\u0131saca Kolin, in\u015faat\u0131 tamamlad\u0131\u011f\u0131 i&ccedil;in devletten alaca\u011f\u0131 y&uuml;kl&uuml; miktardaki hak edi\u015fi tahsil ettikten sonra borcunu devredip &ccedil;\u0131km\u0131\u015ft\u0131.<\/span><\/p>\n<p style=\"margin-bottom: 0.0001pt; text-align: justify; text-indent: 1cm; line-height: 16pt;\"><span style=\"font-size: 12pt; font-family: Arial, sans-serif;\">&bull; Geriye kalan \u015firketlerden Kalyon, y&uuml;zde 40 hissesi ile art\u0131k ortakl\u0131kta i\u015fletme y&uuml;k&uuml;n&uuml; ta\u015f\u0131yan firmayd\u0131. Onun &ccedil;\u0131kmas\u0131 s&ouml;z konusu olamazd\u0131. Cengiz ise ihalede teknik kriteri &uuml;stlenen pilot \u015firketti ve onun da &uuml;&ccedil; y\u0131l boyunca &ccedil;\u0131kmas\u0131 yasakt\u0131 ve s&uuml;re bu y\u0131l dolacakt\u0131. Limak ve MNG ise in\u015faat i\u015finde yo\u011funla\u015fm\u0131\u015flard\u0131. Her zaman &ccedil;\u0131kabilecekleri konu\u015fulmaktayd\u0131. &Ouml;zetle &uuml;&ccedil; \u015firketin &ccedil;\u0131kmas\u0131n\u0131n &ouml;n&uuml;nde yasal engel kalmam\u0131\u015ft\u0131. Peki, bu <strong>nas\u0131l olacakt\u0131? O kadar borcu Kalyon tek ba\u015f\u0131na m\u0131 &uuml;stlenmi\u015f olacakt\u0131?<\/strong><\/span><\/p>\n<p style=\"margin-bottom: 0.0001pt; text-align: justify; text-indent: 1cm; line-height: 16pt;\"><strong><span style=\"font-size: 12pt; font-family: Arial, sans-serif;\">&bull; Burada bir hat\u0131rlatma daha yapal\u0131m. 15 Kas\u0131m 2017&rsquo;de THY, &ldquo;THY Havaalan\u0131 Gayrimenkul Yat\u0131r\u0131m ve \u0130\u015fletme Anonim&rdquo; ad\u0131 alt\u0131nda yeni bir \u015firket uyarlam\u0131\u015ft\u0131. Bu \u015firket; an\u0131nda, tek yetkilinin Cumhurba\u015fkan\u0131 Recep T. Erdo\u011fan oldu\u011fu Varl\u0131k Fonu&rsquo;na devredilmi\u015f durumdayd\u0131. THY&rsquo;nin y&uuml;zde 49,12&rsquo;lik b&ouml;l&uuml;m&uuml; de zaten Varl\u0131k Fonu b&uuml;nyesine 3 \u015eubat 2017 g&uuml;n&uuml; al\u0131nm\u0131\u015ft\u0131.<\/span><\/strong><\/p>\n<p style=\"margin-bottom: 0.0001pt; text-align: justify; text-indent: 1cm; line-height: 16pt;\"><strong><span style=\"font-size: 12pt; font-family: Arial, sans-serif;\">&bull; Gazeteci G&uuml;ntay \u015eim\u015fek&rsquo;in kulisinde, 3. havaliman\u0131n\u0131n y&uuml;zde 70&rsquo;ini kullanacak olan THY&rsquo;nin havaliman\u0131 i\u015fletmesine, y&uuml;zde 20 ortak olmas\u0131n\u0131n d&uuml;\u015f&uuml;n&uuml;ld&uuml;\u011f&uuml; aktar\u0131lm\u0131\u015ft\u0131. Kolin&rsquo;in &ccedil;ekilmesinin ard\u0131ndan ise THY&rsquo;nin y&uuml;zde 40 hisse almas\u0131n\u0131n planland\u0131\u011f\u0131 yaz\u0131lm\u0131\u015ft\u0131. Bunun anlam\u0131, kalan \u015firketlerin hisselerinin bir k\u0131sm\u0131n\u0131 THY&rsquo;nin almas\u0131yd\u0131. Havaliman\u0131 i\u015fletmesinin y&uuml;zde 60&rsquo;\u0131n\u0131n Kalyon&rsquo;a, y&uuml;zde 40&rsquo;\u0131n\u0131n da THY&rsquo;ye ge&ccedil;mesi planlanm\u0131\u015ft\u0131. Hisse devirleri bor&ccedil; devirlerini de kapsad\u0131\u011f\u0131 i&ccedil;in, THY 6 milyar Euro&rsquo;luk kredinin bir k\u0131sm\u0131n\u0131 &uuml;stlenmi\u015f olacakt\u0131. Ancak ger&ccedil;ekte t&uuml;m bor&ccedil; Hazine garantisinde olmas\u0131ndan dolay\u0131, tamam\u0131 zaten kamunun s\u0131rt\u0131na kalacakt\u0131. Bu arada in\u015faat\u0131n bitmesi i&ccedil;in gerekli 4,5 milyar Euro&rsquo;luk yeni yat\u0131r\u0131m\u0131 da THY &uuml;stlenmi\u015f olacakt\u0131.<\/span><\/strong><\/p>\n<p style=\"margin-bottom: 0.0001pt; text-align: justify; text-indent: 1cm; line-height: 16pt;\"><span style=\"font-size: 12pt; font-family: Arial, sans-serif;\"><\/span><strong style=\"text-indent: 1cm;\"><span style=\"font-size: 14pt; font-family: Arial, sans-serif;\">Ta ba\u015f\u0131ndan beri bu havaliman\u0131n\u0131n zarar edece\u011fini biliyorlard\u0131<\/span><\/strong><\/p>\n<p style=\"margin-bottom: 0.0001pt; text-align: justify; text-indent: 1cm; line-height: 16pt;\"><span style=\"font-size: 12pt; font-family: Arial, sans-serif;\">Birka&ccedil; ay sonra iktidar, <strong><em>&ldquo;Tek kuru\u015f harcamadan milyarl\u0131k havaliman\u0131n\u0131 \u015firketlere yapt\u0131r\u0131p kamuya kazand\u0131rd\u0131k&rdquo; <\/em><\/strong>derse \u015fa\u015f\u0131rmayaca\u011f\u0131z. Zira 3. havaliman\u0131, be\u015f \u015firket ve onlarca ta\u015feronu zengin etmenin yan\u0131nda, etraf\u0131ndaki arazilerle birlikte yeni bir rant alan\u0131 yaratman\u0131n &ouml;tesinde, ciddi ve milli hi&ccedil;bir amac\u0131 olmayan bir proje konumundayd\u0131. B\u0131rak\u0131n 25 y\u0131l\u0131, 2071&rsquo;e kadar dahi kim i\u015fletirse i\u015fletsin asla k&acirc;r edilemeyece\u011fini, s&uuml;rekli kamudan para aktar\u0131lmak zorunda kal\u0131naca\u011f\u0131n\u0131 ba\u015f\u0131ndan beri biliyorlard\u0131.<\/span><\/p>\n<p style=\"margin-bottom: 0.0001pt; text-align: justify; text-indent: 1cm; line-height: 16pt;\"><strong><span style=\"font-size: 12pt; font-family: Arial, sans-serif;\">BETAM Direkt&ouml;r&uuml; Prof. Seyfettin G&uuml;rsel ve ara\u015ft\u0131rmac\u0131 Tuba Toru Deliba\u015f\u0131&rsquo;n\u0131n d&uuml;nyada benzer projeler i&ccedil;in yap\u0131lan sim&uuml;lasyonlar\u0131 esas alan ve ihaleden bir ay sonra 28 Haziran 2013 g&uuml;n&uuml; yay\u0131nlanan ara\u015ft\u0131rmas\u0131, havaliman\u0131n\u0131n k&acirc;r etmesinin imk&acirc;ns\u0131zl\u0131\u011f\u0131n\u0131 ortaya koymaktayd\u0131.<\/span><\/strong><\/p>\n<p style=\"margin-bottom: 0.0001pt; text-align: justify; text-indent: 1cm; line-height: 16pt;\"><span style=\"font-size: 12pt; font-family: Arial, sans-serif;\">Resmi plana g&ouml;re, havaliman\u0131 ilk a\u015famada 90 milyon, ikinci a\u015famada 120 milyon ve &uuml;&ccedil;&uuml;nc&uuml; a\u015famada 150 milyon kapasiteye ula\u015facakt\u0131. BETAM&rsquo;\u0131n &ccedil;al\u0131\u015fmas\u0131nda n&uuml;fus art\u0131\u015f h\u0131z\u0131, bilet fiyatlar\u0131 ve ekonominin b&uuml;y&uuml;me performans\u0131 dikkate al\u0131narak iki farkl\u0131 senaryo olu\u015fturmu\u015flard\u0131. Senaryo 1&rsquo;de b&uuml;y&uuml;me 2013- 2019 d&ouml;nemi i&ccedil;in y&uuml;zde 5, 2020-2030 d&ouml;neminde y&uuml;zde 4 ve 2031-2043 d&ouml;neminde de y&uuml;zde 2 kabul edildi\u011finde; yolcu say\u0131s\u0131 2019&rsquo;da 80 milyon, 2020&rsquo;lerin ikinci yaras\u0131nda 120 milyon, 2030&rsquo;larda ise 150 milyon olarak tahmin ediliyordu. Buna kar\u015f\u0131l\u0131k, b&uuml;y&uuml;me h\u0131zlar\u0131n\u0131n ayn\u0131 d&ouml;nemlerde y&uuml;zde 4, y&uuml;zde 3 ve y&uuml;zde 1,5 kabul edildi\u011fi Senaryo 2&rsquo;de; 90 milyon yolcuya 2020&rsquo;lerin ikinci yar\u0131s\u0131nda, 120 milyon yolcuya ise 2050&rsquo;lere do\u011fru ancak ula\u015f\u0131labiliyordu. Gelir-gider analizine bak\u0131ld\u0131\u011f\u0131nda, her iki senaryoda da havaliman\u0131n\u0131n 2019-2030 d&ouml;neminde, yani kredi borcunun &ouml;denece\u011fi s&uuml;re&ccedil;te s&uuml;rekli zarar edece\u011fi ortaya &ccedil;\u0131k\u0131yordu. Senaryo 1&rsquo;de tahmini zarar 5,7 milyar Euro, Senaryo 2&rsquo;de ise 7,7 milyar Euro&rsquo;yu buluyordu. \u0130yimser senaryoda bile ancak 2030&rsquo;dan sonra k&acirc;r etmeye ba\u015flayan havaliman\u0131 zarar\u0131 2043&rsquo;&uuml;n sonunda kapatabiliyor. Buna kar\u015f\u0131l\u0131k Senaryo 2&rsquo;de birikimli zarar o y\u0131la kadar da kapat\u0131lam\u0131yor ve toplamda 4,8 milyar Euro net zarar ediliyordu.<\/span><\/p>\n<p style=\"margin-bottom: 0.0001pt; text-align: justify; text-indent: 1cm; line-height: 16pt;\"><span style=\"font-size: 12pt; font-family: Arial, sans-serif;\">Bu ne demek? Havaliman\u0131n\u0131 kim i\u015fletirse i\u015fletsin, ekonomide bir istikrar yakalansa dahi 2043&rsquo;e kadar tek kuru\u015f k&acirc;r olmayacak demek. K&acirc;r edilmesi i&ccedil;in ne laz\u0131m biliyor musunuz? 25 y\u0131l i&ccedil;inde havaliman\u0131n\u0131n ola\u011fan gelirleri d\u0131\u015f\u0131nda, 10 milyar Euro&rsquo;nun &uuml;zerinde ekstra gelir bulunmas\u0131. Nereden? Ya d&uuml;nyan\u0131n en pahal\u0131 yolcu ta\u015f\u0131mac\u0131l\u0131\u011f\u0131n\u0131 yapman\u0131z laz\u0131md\u0131, ya da i\u015fletecek \u015firketlere bu paray\u0131 &ccedil;\u0131karabilecekleri yeni rant alanlar\u0131 a&ccedil;man\u0131z gerekiyordu. Her iki senaryo da \u015fu s\u0131ralar a\u011f\u0131rla\u015fan ekonomik krizi &ouml;ng&ouml;rm&uuml;yordu. Dolay\u0131s\u0131yla 2019&rsquo;da ekonominin k&uuml;&ccedil;&uuml;lece\u011fi d&uuml;\u015f&uuml;n&uuml;ld&uuml;\u011f&uuml;nde zarar\u0131n katlanaca\u011f\u0131n\u0131, b\u0131rak\u0131n 2043&rsquo;&uuml;, 2071&rsquo;de bile k&acirc;r etmenin m&uuml;mk&uuml;n olmad\u0131\u011f\u0131n\u0131 s&ouml;ylemek abart\u0131 say\u0131lm\u0131yordu.<\/span><\/p>\n<p style=\"margin-bottom: 0.0001pt; text-align: justify; text-indent: 1cm; line-height: 16pt;\"><strong><span style=\"font-size: 14pt; font-family: Arial, sans-serif;\">Peki, &ouml;yleyse bu havaliman\u0131n\u0131 niye yapt\u0131lar? Bunu \u015firketler, iktidar bilmiyor muydu? Elbette biliyordu. Yan\u0131t\u0131n bir k\u0131sm\u0131 \u015fu hesapta sakl\u0131yd\u0131:<\/span><\/strong><\/p>\n<p style=\"margin-bottom: 0.0001pt; text-align: justify; text-indent: 1cm; line-height: 16pt;\"><strong><span style=\"font-size: 12pt; font-family: Arial, sans-serif;\">Yeni havaliman\u0131 i&ccedil;in ayr\u0131lan alan <\/span><\/strong><strong><span style=\"font-size: 14pt; font-family: Arial, sans-serif;\">7400 hektar<\/span><\/strong><strong><span style=\"font-size: 12pt; font-family: Arial, sans-serif;\"> kadard\u0131. 45 milyon yolcu kapasiteli Atat&uuml;rk Havaliman\u0131&rsquo;n\u0131n alan\u0131 <\/span><\/strong><strong><span style=\"font-size: 14pt; font-family: Arial, sans-serif;\">1178 hektar<\/span><\/strong><strong><span style=\"font-size: 12pt; font-family: Arial, sans-serif;\">d\u0131r. Ge&ccedil;en y\u0131l 100 milyon yolcunun u&ccedil;tu\u011fu ve d&uuml;nyan\u0131n en yo\u011fun havalimanlar\u0131ndan <\/span><\/strong><strong><span style=\"font-size: 14pt; font-family: Arial, sans-serif;\">Atlanta<\/span><\/strong><strong><span style=\"font-size: 12pt; font-family: Arial, sans-serif;\">&rsquo;n\u0131n kuruldu\u011fu alan da sadece <\/span><\/strong><strong><span style=\"font-size: 14pt; font-family: Arial, sans-serif;\">1625 hektar<\/span><\/strong><strong><span style=\"font-size: 12pt; font-family: Arial, sans-serif;\">d\u0131r. Velev ki, 3. havaliman\u0131 150 milyon yolcuyu bulsun, gerekli alan fazla fazla <\/span><\/strong><strong><span style=\"font-size: 14pt; font-family: Arial, sans-serif;\">3500 hektar <\/span><\/strong><strong><span style=\"font-size: 12pt; font-family: Arial, sans-serif;\">hesaplanm\u0131\u015ft\u0131r. Peki, geri kalan <\/span><\/strong><strong><span style=\"font-size: 14pt; font-family: Arial, sans-serif;\">3900<\/span><\/strong><span style=\"font-size: 12pt; font-family: Arial, sans-serif;\"> <\/span><strong><span style=\"font-size: 14pt; font-family: Arial, sans-serif;\">hektar <\/span><\/strong><strong><span style=\"font-size: 12pt; font-family: Arial, sans-serif;\">ne olacakt\u0131? Ya &ccedil;evresindeki binlerce hektarl\u0131k yeni rant alanlar\u0131n\u0131 kimler payla\u015facakt\u0131? O arazilerin ortaklar\u0131 hangi yanda\u015flard\u0131? AKP ve in\u015faat bir araya geldi\u011finde nas\u0131l bir rant kap\u0131s\u0131 olu\u015fmaktayd\u0131?[7]<\/span><\/strong><\/p>\n<p style=\"margin-bottom: 0.0001pt; text-align: justify; text-indent: 1cm; line-height: 16pt;\">&nbsp;<strong><span style=\"font-size: 14pt; font-family: Arial, sans-serif;\">AKP iktidar\u0131n\u0131n ve Sn. Erdo\u011fan&rsquo;\u0131n \u0130stanbul Belediyesini kaybetme h\u0131r&ccedil;\u0131nl\u0131\u011f\u0131n\u0131n ve haz\u0131ms\u0131zl\u0131\u011f\u0131n\u0131n alt\u0131nda bu rant\u0131 ka&ccedil;\u0131rma ku\u015fkusu yatm\u0131\u015f olmas\u0131nd\u0131?<\/span><\/strong><\/p>\n<p style=\"margin-bottom: 0.0001pt; text-align: justify; text-indent: 1cm; line-height: 16pt;\"><strong><span style=\"font-size: 14pt; font-family: Arial, sans-serif;\">Sonu&ccedil;: Peki, AKP iktidar\u0131n\u0131n sayesinde ger&ccedil;ek ekonomi ne durumdayd\u0131?<\/span><\/strong><\/p>\n<p style=\"margin-bottom: 0.0001pt; text-align: justify; text-indent: 1cm; line-height: 16pt;\"><strong><span style=\"font-size: 12pt; font-family: Arial, sans-serif;\">S&ouml;yleyelim; borcu 1 trilyon dolar\u0131 a\u015fan ve bu y&uuml;zden T&uuml;rkiye&rsquo;yi yeni kapit&uuml;lasyonlara mahk&ucirc;m b\u0131rakan AKP iktidar\u0131nda, yani \u015fu 16 y\u0131lda d\u0131\u015far\u0131ya tam 450 milyar dolar <\/span><\/strong><strong><span style=\"font-size: 14pt; font-family: Arial, sans-serif;\">faiz <\/span><\/strong><strong><span style=\"font-size: 12pt; font-family: Arial, sans-serif;\">aktar\u0131lm\u0131\u015ft\u0131. Vatanda\u015flar\u0131n bankalara olan borcu, 2002 y\u0131l\u0131nda 6 milyar civar\u0131nda iken, bug&uuml;n bu rakam tam 600 milyara (yani 100 kat\u0131na) f\u0131rlam\u0131\u015ft\u0131. <\/span><\/strong><strong><em><span style=\"font-size: 14pt; font-family: Arial, sans-serif;\">&ldquo;Biz yeni ev, araba, e\u015fya, telefon ald\u0131k&rdquo; <\/span><\/em><\/strong><strong><span style=\"font-size: 12pt; font-family: Arial, sans-serif;\">diyen vatanda\u015f aldanmaktayd\u0131, &ccedil;&uuml;nk&uuml; bu ald\u0131klar\u0131n\u0131n as\u0131l sahipleri bankalard\u0131. Vatanda\u015f bu bankalar &uuml;zerinden 15-20 y\u0131ll\u0131\u011f\u0131na, maa\u015flar\u0131n\u0131n 3&rsquo;te ikisine ipotek konulup k&uuml;resel k&ouml;leler konumuna ta\u015f\u0131nm\u0131\u015flard\u0131. &Ccedil;&uuml;nk&uuml; bu bankalar\u0131n y&uuml;zde 70&rsquo;inin sahipleri de yabanc\u0131lard\u0131.<\/span><\/strong><\/p>\n<p style=\"margin-bottom: 0.0001pt; text-align: justify; text-indent: 1cm; line-height: 16pt;\"><strong><span style=\"font-size: 12pt; font-family: Arial, sans-serif;\">\u015eimdi, Maliye Bakan\u0131 tek kurtulu\u015f &ccedil;aresi olarak &ldquo;Vergileri Tabana Yayaca\u011f\u0131z!&rdquo; yani b&uuml;t&uuml;n y&uuml;k&uuml; halk\u0131n s\u0131rt\u0131na vuraca\u011f\u0131z demekten de sak\u0131nmam\u0131\u015ft\u0131r. Zaten devletin toplad\u0131\u011f\u0131 vergilerin y&uuml;zde 70&rsquo;ini dolayl\u0131 vergiler olu\u015fturmaktad\u0131r. Maalesef tar\u0131m t&uuml;kenmi\u015f, sanayi t\u0131kanm\u0131\u015f durumdad\u0131r. Sakarya-Arifiye Tank ve Palet fabrikam\u0131z\u0131n revizyonu i&ccedil;in 50 milyon dolar bulamayan ve yabanc\u0131 \u015firketlere b\u0131rakan iktidar, Ankara&rsquo;daki dinazor park\u0131na 200 milyon dolar harcamaktad\u0131r. T&uuml;rkiye&rsquo;deki ziraata m&uuml;sait arazilerin sadece y&uuml;zde 16&rsquo;s\u0131 sulanmaktad\u0131r. Buna ra\u011fmen AKP iktidar\u0131, AB ile <\/span><\/strong><strong><em><span style=\"font-size: 14pt; font-family: Arial, sans-serif;\">&ldquo;F\u0131rat ve Dicle havzas\u0131nda yeni yat\u0131r\u0131mlar yapmama&rdquo; <\/span><\/em><\/strong><strong><span style=\"font-size: 12pt; font-family: Arial, sans-serif;\">karar\u0131 alm\u0131\u015flard\u0131r.<\/span><\/strong><\/p>\n<p style=\"margin-bottom: 0.0001pt; text-align: justify; text-indent: 1cm; line-height: 16pt;\"><strong><span style=\"font-size: 12pt; font-family: Arial, sans-serif;\"><\/span><\/strong><\/p>\n<p>Bu makaleyi sesli olarak dinleyebilirsiniz:<\/p>\n<p>{mp3}akp_rant_hesabi{\/mp3}<\/p>\n<p>&nbsp;<\/p>\n<p>&nbsp;<\/p>\n<p>&nbsp;<\/p>\n<hr style=\"text-align: left;\" size=\"1\" width=\"33%\" \/>\n<p><a href=\"#ftnref1\" id=\"ftn1\" style=\"vertical-align: super;\">[1]<\/a><span style=\"font-size: 9pt; font-family: Arial, sans-serif;\">http:\/\/fehmikoru.com\/istanbul-seciminin-yenilenmesi-makul-degil-<\/span><\/p>\n<p><a href=\"#ftnref2\" id=\"ftn2\" style=\"vertical-align: super;\">[2]<\/a><span style=\"font-size: 9pt; font-family: Arial, sans-serif;\">https:\/\/www.yenisafak.com\/\/yazarlar\/kemalozturk\/adil-olmak-zordur-2049991?utm_<\/span><\/p>\n<p><a href=\"#ftnref3\" id=\"ftn3\" style=\"vertical-align: super;\">[3]<\/a><span style=\"font-size: 9pt; font-family: Arial, sans-serif;\"> 11.04.2019, Yeniakit<\/span><\/p>\n<p><a href=\"#ftnref4\" id=\"ftn4\" style=\"vertical-align: super;\">[4]<\/a><span style=\"font-size: 9pt; font-family: Arial, sans-serif;\"> Nagehan Al&ccedil;\u0131, 10.04.2019, Habert&uuml;rk<\/span><\/p>\n<p><a href=\"#ftnref5\" id=\"ftn5\" style=\"vertical-align: super;\">[5]<\/a><span style=\"font-size: 9pt; font-family: Arial, sans-serif;\"> 25.04.2019, Yeni&ccedil;a\u011f \/ <a href=\"https:\/\/www.yenicaggazetesi.com.tr\/akp-erken-zafer-derin-kaygi-51280yy.htm\">https:\/\/www.yenicaggazetesi.com.tr\/akp-erken-zafer-derin-kaygi-51280yy.htm<\/a><\/span><\/p>\n<p><a href=\"#ftnref6\" id=\"ftn6\" style=\"vertical-align: super;\">[6]<\/a><span style=\"font-size: 9pt; font-family: Arial, sans-serif;\"> Vahap Munyar,01.05.2019, H&uuml;rriyet<\/span><\/p>\n<p><a href=\"#ftnref7\" id=\"ftn7\" style=\"vertical-align: super;\">[7]<\/a><span style=\"font-size: 9pt; font-family: Arial, sans-serif;\"> <a href=\"https:\/\/www.gazeteduvar.com.tr\/yazarlar\/2019\/02\/12\/gecmis-olsun-3-havalimani-batti\/\">https:\/\/www.gazeteduvar.com.tr\/yazarlar\/2019\/02\/12\/gecmis-olsun-3-havalimani-batti\/<\/a><\/span><\/p>\n","protected":false},"excerpt":{"rendered":"<p>&nbsp; AKP&rsquo;N\u0130N RANT HESAPLARI VE SE&Ccedil;\u0130M YANILGISI &nbsp;&nbsp;&nbsp;&nbsp;&nbsp;&nbsp; Yeni se&ccedil;im haz\u0131rl\u0131\u011f\u0131 m\u0131yd\u0131? \u0130Y\u0130 Parti Adana Milletvekili \u0130smail Koncuk, &Ccedil;atalca Milli E\u011fitim M&uuml;d&uuml;rl&uuml;\u011f&uuml;&#8217;nden &ouml;\u011fretmenlere &#8220;Se&ccedil;imde g&ouml;rev almak istiyor musunuz?&#8221; yaz\u0131s\u0131 g&ouml;nderildi\u011fini a&ccedil;\u0131klam\u0131\u015ft\u0131. \u0130ddias\u0131na dair yaz\u0131y\u0131 (11 04 2019) da Tweetter hesab\u0131nda payla\u015fan \u0130smail Koncuk, &#8220;Hay\u0131rd\u0131r? Se&ccedil;im mi var? Bu talimat\u0131, &Ccedil;atalca \u0130l&ccedil;e Milli E\u011fitim M&uuml;d&uuml;rl&uuml;\u011f&uuml;ne kim [&hellip;]<\/p>\n","protected":false},"author":13,"featured_media":0,"comment_status":"open","ping_status":"closed","sticky":false,"template":"","format":"standard","meta":{"footnotes":""},"categories":[226],"tags":[],"class_list":["post-5282","post","type-post","status-publish","format-standard","hentry","category-haziran-2019"],"_links":{"self":[{"href":"https:\/\/www.millicozum.com\/mc\/wp-json\/wp\/v2\/posts\/5282","targetHints":{"allow":["GET"]}}],"collection":[{"href":"https:\/\/www.millicozum.com\/mc\/wp-json\/wp\/v2\/posts"}],"about":[{"href":"https:\/\/www.millicozum.com\/mc\/wp-json\/wp\/v2\/types\/post"}],"author":[{"embeddable":true,"href":"https:\/\/www.millicozum.com\/mc\/wp-json\/wp\/v2\/users\/13"}],"replies":[{"embeddable":true,"href":"https:\/\/www.millicozum.com\/mc\/wp-json\/wp\/v2\/comments?post=5282"}],"version-history":[{"count":0,"href":"https:\/\/www.millicozum.com\/mc\/wp-json\/wp\/v2\/posts\/5282\/revisions"}],"wp:attachment":[{"href":"https:\/\/www.millicozum.com\/mc\/wp-json\/wp\/v2\/media?parent=5282"}],"wp:term":[{"taxonomy":"category","embeddable":true,"href":"https:\/\/www.millicozum.com\/mc\/wp-json\/wp\/v2\/categories?post=5282"},{"taxonomy":"post_tag","embeddable":true,"href":"https:\/\/www.millicozum.com\/mc\/wp-json\/wp\/v2\/tags?post=5282"}],"curies":[{"name":"wp","href":"https:\/\/api.w.org\/{rel}","templated":true}]}}