{"id":5471,"date":"2019-09-25T16:50:28","date_gmt":"2019-09-25T16:50:28","guid":{"rendered":"https:\/\/www.millicozum.com\/mc\/2019\/09\/25\/hz-osmanin-mazlumen-katlolunmasi-ve-fitne-kapisinin-kirilmasi-2\/"},"modified":"2019-09-25T16:50:28","modified_gmt":"2019-09-25T16:50:28","slug":"hz-osmanin-mazlumen-katlolunmasi-ve-fitne-kapisinin-kirilmasi-2","status":"publish","type":"post","link":"https:\/\/www.millicozum.com\/mc\/ozel-yazilar\/hz-osmanin-mazlumen-katlolunmasi-ve-fitne-kapisinin-kirilmasi-2\/","title":{"rendered":"HZ. OSMAN\u2019IN MAZLUMEN KATLOLUNMASI VE F\u0130TNE KAPISININ KIRILMASI -2-"},"content":{"rendered":"\n<p>&nbsp;<\/p>\n<p style=\"text-align: center;\"><strong><span style=\"font-size: 18pt; font-family: Arial, sans-serif;\">HZ. OSMAN&rsquo;IN MAZLUMEN KATLOLUNMASI<\/span><\/strong><\/p>\n<p style=\"text-align: center;\"><strong><span style=\"font-size: 18pt; font-family: Arial, sans-serif;\">VE<\/span><\/strong><\/p>\n<p style=\"text-align: center;\"><strong><span style=\"font-size: 18pt; font-family: Arial, sans-serif;\">F\u0130TNE KAPISININ KIRILMASI -2-<\/span><\/strong><\/p>\n<p style=\"text-align: justify; text-indent: 1cm;\"><strong><span style=\"font-size: 18pt; font-family: Arial, sans-serif;\">&nbsp;&nbsp;&nbsp;&nbsp;&nbsp;&nbsp;&nbsp;&nbsp; <\/span><\/strong><\/p>\n<p style=\"text-align: justify; text-indent: 1cm; line-height: 16pt;\"><strong><span style=\"font-size: 14pt; font-family: Arial, sans-serif;\">S\u0131ffin Sava\u015f\u0131&rsquo;n\u0131n Ayr\u0131nt\u0131lar\u0131<\/span><\/strong><\/p>\n<p style=\"text-align: justify; text-indent: 1cm; line-height: 16pt;\"><strong><span style=\"font-size: 14pt; font-family: Arial, sans-serif;\">Hz. Muaviye&#8217;yi, Hz. Ali&rsquo;ye Biat Etmekten Al\u0131koyan Kuruntular\u0131 <\/span><\/strong><\/p>\n<p style=\"text-align: justify; text-indent: 1cm; line-height: 16pt;\"><span style=\"font-size: 12.5pt; font-family: Arial, sans-serif;\">Muaviye, Hz. &Ouml;mer ve Hz. Osman d&ouml;neminde \u015eam Valisiydi. Hz. Ali Hilafete ge&ccedil;ince, onu g&ouml;revinden azledip yerine Abdullah b. &Ouml;mer&#8217;i tayin etmek istedi. Ancak Abdullah b. &Ouml;mer mazur g&ouml;r&uuml;lmesini isteyerek bu teklifi kabul edemeyece\u011fini beyan etti. Bunun &uuml;zerine Hz. Ali, \u015eam&#8217;a Sehl b. Huneyf&rsquo;i g&ouml;nderdi. Sehl, \u015eam&#8217;a giremeden zorla geri g&ouml;nderilmi\u015fti.<\/span><\/p>\n<p style=\"text-align: justify; text-indent: 1cm; line-height: 16pt;\"><span style=\"font-size: 12.5pt; font-family: Arial, sans-serif;\">Hz. Muaviye (R.A) yak\u0131n\u0131 olmas\u0131 hasebiyle Hz. Osman&#8217;\u0131n ka&shy;tillerinden k\u0131sas al\u0131nmas\u0131 hususunda kendisini sorumlu g&ouml;rmekteydi.<\/span><\/p>\n<p style=\"text-align: justify; text-indent: 1cm; line-height: 16pt;\"><strong><em><span style=\"font-size: 12.5pt; font-family: Arial, sans-serif;\">&#8220;Haks\u0131z yere &ouml;ld&uuml;r&uuml;lenin velisine bir yetki tan\u0131m\u0131\u015f\u0131zd\u0131r. Art\u0131k o da &ouml;l&shy;d&uuml;rmekte a\u015f\u0131r\u0131 gitmesin. Zira kendisi ne de olsa yard\u0131m g&ouml;rm&uuml;\u015ft&uuml;r.<\/span><\/em><\/strong><strong><em><span style=\"font-size: 12.5pt; font-family: Arial, sans-serif;\">&#8220;<\/span><\/em><\/strong><span style=\"font-size: 12.5pt; font-family: Arial, sans-serif;\"> (\u0130sra: 33) ayetini kendisine delil g&ouml;stermekteydi. Bu <\/span><span style=\"font-size: 12.5pt; font-family: Arial, sans-serif;\">sebeple Muaviye (R.A) insanlar\u0131 toplad\u0131 ve Hz. Osman hakk\u0131nda onlara bir konu\u015fma yapt\u0131. Onun haks\u0131z yere &ouml;ld&uuml;r&uuml;ld&uuml;\u011f&uuml;n&uuml; ve bu i\u015fi de hel&acirc;l haram tan\u0131mayan m&uuml;naf\u0131k sefih bir grubun yapt\u0131\u011f\u0131n\u0131 hat\u0131rlatt\u0131. &Ccedil;&uuml;n&shy;k&uuml; onlar haram ayda ve haram beldede bu kan\u0131 ak\u0131tm\u0131\u015flard\u0131. \u0130nsanlar bu konu\u015fmadan hayli etkilenip duygulanm\u0131\u015flard\u0131. Muaviye&#8217;ye destek mahiyetinde sesler y&uuml;kselmeye ba\u015flam\u0131\u015ft\u0131. O cemaat i&ccedil;inde Resul&uuml;llah (S.A.V.)&#8217;in ashab\u0131ndan bir grup da vard\u0131. Onlardan biri -ki o, M&uuml;rre b. Ka&#8217;b idi- kalkt\u0131 ve;<\/span><\/p>\n<p style=\"text-align: justify; text-indent: 1cm; line-height: 16pt;\"><span style=\"font-size: 12.5pt; font-family: Arial, sans-serif;\">Resul&uuml;llah (S.A.V.)&#8217;den i\u015fitti\u011fim Hadis olmasayd\u0131 konu\u015fmazd\u0131m. Resul&uuml;llah (S.A.V.) fitneleri ve fitnelerin yak\u0131nl\u0131\u011f\u0131ndan bahsetti. O esnada el&shy;biselerine b&uuml;r&uuml;nm&uuml;\u015f biri geldi. (Onu i\u015faret ederek);<em> <strong>&#8220;Bu (ki\u015fi), o g&uuml;n hidayet &uuml;zere olur.&#8221;<\/strong><\/em><strong> buyurdu<\/strong>. Kim oldu\u011funu &ouml;\u011frenmek i&ccedil;in kalk\u0131p bakt\u0131m. Osman b. Affan oldu\u011funu &ouml;\u011frendim. Onunla y&uuml;z y&uuml;ze geldim ve sordum: <strong><em>&#8220;Bu mu?&#8221; <\/em><\/strong>dedim. Efendimiz: <strong><em>&#8220;Evet.&#8221; <\/em><\/strong>buyurdu. (Sahih-i S&uuml;nen-i Ibni M&acirc;ce 1\/240)<\/span><\/p>\n<p style=\"text-align: justify; text-indent: 1cm; line-height: 16pt;\"><strong><span style=\"font-size: 14pt; font-family: Arial, sans-serif;\">Hz. Muaviye&#8217;nin, <em>kan davas\u0131n\u0131 g&uuml;tmede<\/em> istismar etti\u011fi daha tesirli bir Hadis de vard\u0131r. O da, Numan b. Be\u015fir&#8217;in Hz. Ai\u015fe (R.A)&#8217;dan nakletti\u011fi \u015fu Hadistir:<\/span><\/strong><\/p>\n<p style=\"text-align: justify; text-indent: 1cm; line-height: 16pt;\"><strong><em><span style=\"font-size: 12.5pt; font-family: Arial, sans-serif;\">&#8220;Ya<\/span><\/em><\/strong><strong><em><span style=\"font-size: 12.5pt; font-family: Arial, sans-serif;\"> Osman! Belki Allah sana bir g&ouml;mlek giydirir, m&uuml;naf\u0131klar senden onu &ccedil;\u0131karman\u0131 istediklerinde onu, bana kavu\u015funcaya kadar sak\u0131n &ccedil;\u0131karma!&#8221;<\/span><\/em><\/strong><span style=\"font-size: 12.5pt; font-family: Arial, sans-serif;\"> <\/span><span style=\"font-size: 12.5pt; font-family: Arial, sans-serif;\">Resul&uuml;llah <\/span><span style=\"font-size: 12.5pt; font-family: Arial, sans-serif;\">(S.A.V.) <\/span><span style=\"font-size: 12.5pt; font-family: Arial, sans-serif;\">bu s&ouml;z&uuml; &uuml;&ccedil; defa tekrar etti. Hadisi rivayet eden Numan b. Be\u015fir diyor ki: (Hz. Ai\u015fe&#8217;ye) <strong><em>&#8220;Ey<\/em><\/strong><\/span><strong><em><span style=\"font-size: 12.5pt; font-family: Arial, sans-serif;\"> m&uuml;&#8217;minlerin anas\u0131, bunu daha &ouml;nce ni&ccedil;in rivayet etmemi\u015ftin?&#8221;<\/span><\/em><\/strong><em><span style=\"font-size: 12.5pt; font-family: Arial, sans-serif;\"> <\/span><\/em><strong><span style=\"font-size: 12.5pt; font-family: Arial, sans-serif;\">di&shy;ye sordum. O da bana;<\/span><\/strong><em><span style=\"font-size: 12.5pt; font-family: Arial, sans-serif;\"> <\/span><\/em><strong><em><span style=\"font-size: 12.5pt; font-family: Arial, sans-serif;\">&#8220;Unutmu\u015ftum, vallahi hat\u0131rlamam\u0131\u015ft\u0131m.&#8221;<\/span><\/em><\/strong><span style=\"font-size: 12.5pt; font-family: Arial, sans-serif;\"> dedi. (Numan b. Be\u015fir de&shy;vam ediyor): <strong>&#8220;Bu Hadisi Muaviye b. Ebi S&uuml;fyan&#8217;a nakledince benim rivayetimle iktifa etmedi, m&uuml;&#8217;minlerin annesine mektup yazarak bu Hadisi kendisi&shy;ne yazmas\u0131n\u0131 istedi. O da ona yazarak g&ouml;nderdi.&#8221;<\/strong> (M&uuml;sned-i Ahmed 240 Hadis sahihtir.)<\/span><\/p>\n<p style=\"text-align: justify; text-indent: 1cm; line-height: 16pt;\"><span style=\"font-size: 12.5pt; font-family: Arial, sans-serif;\">Muaviye liderli\u011fi alt\u0131ndaki \u015eam halk\u0131n\u0131n, Hz. Ali&#8217;ye biati terk edi\u015findeki gerek&ccedil;eleri; Hz. <strong><em>Osman&rsquo;\u0131n katilleri &uuml;zerinde Allah&#8217;\u0131n h&uuml;km&uuml;n&uuml;n icra edilmemesi <\/em><\/strong>iddias\u0131yd\u0131. Onlar; <strong><em>&ouml;nce k\u0131sas, sonra biat<\/em><\/strong> diyorlard\u0131. Muaviye&#8217;nin Vali kalmak, hatta Halife olmak gibi nefsi hesaplar\u0131na bu gibi \u015feyleri bahane edip etmedi\u011fi ise ahirette ortaya &ccedil;\u0131kacakt\u0131. &Ccedil;&uuml;nk&uuml; O, bu i\u015fin \u015f&ucirc;ran\u0131n alt\u0131 &uuml;yesinden birine ait oldu\u011funu bilmiyor olamazd\u0131. Yine O, Hz. Ali&#8217;nin kendisinden daha faziletli ve bu i\u015fe daha hak sahibi biri oldu\u011fu&shy;nu da bilmiyor olamazd\u0131. Yine O, Sahabenin icma&rsquo;\u0131yla Medine&#8217;de biatin tamamlan&shy;m\u0131\u015f oldu\u011fundan da haberdard\u0131. <\/span><\/p>\n<p class=\"Resimyazs0\" style=\"text-align: justify; text-indent: 1cm; line-height: 16pt;\"><strong><span style=\"font-size: 14pt; font-family: Arial, sans-serif;\">Hz. Muaviye&rsquo;nin M&uuml;&rsquo;minlerin Emiri Hz. Ali&#8217;ye Yan\u0131t\u0131<\/span><\/strong><\/p>\n<p style=\"text-align: justify; text-indent: 1cm; line-height: 16pt;\"><span style=\"font-size: 12.5pt; font-family: Arial, sans-serif;\">Hz. Ali, Muaviye&#8217;ye &ccedil;ok say\u0131da mektup g&ouml;nderdi. Ancak Muaviye bunlar\u0131n hi&ccedil;birine cevap vermedi. Mektuplar\u0131n geli\u015fi, Hz. Osman&#8217;\u0131n kat&shy;ledili\u015finin &uuml;&ccedil;&uuml;nc&uuml; ay\u0131na kadar devam etti. Bundan sonra Muaviye bir ada&shy;m\u0131yla birlikte bir mektup g&ouml;nderdi. Hz. Ali bu adama; <strong><em>&#8220;Geridekiler ne durumda?&#8221;<\/em><\/strong> diye sordu. Adam; <strong><em>&#8220;K\u0131sastan ba\u015fka bir \u015fey istemeyen bir toplulu\u011fun yan\u0131ndan geliyo&shy;rum. Onlar\u0131n her biri intikam ate\u015fiyle yan\u0131p tutu\u015fuyor. Altm\u0131\u015f bin ya\u015fl\u0131 \u015fu anda Osman&#8217;\u0131n -D\u0131ma\u015fk minberine as\u0131l\u0131- g&ouml;mle\u011fi alt\u0131nda a\u011fla\u015f\u0131yor&#8221;<\/em><\/strong> deyince, Hz. Ali; <strong><em>&#8220;Allah&#8217;\u0131m, Osman&#8217;\u0131n kan\u0131ndan beri oldu\u011fumu Sana arz ediyorum!&#8221;<\/em><\/strong> buyurmu\u015flard\u0131. Sonra Muaviye&#8217;nin el&ccedil;isi d\u0131\u015far\u0131 &ccedil;\u0131kt\u0131. D\u0131\u015far\u0131 &ccedil;\u0131kar &ccedil;\u0131kmaz Hz. Os&shy;man&#8217;\u0131 katleden hariciler &ouml;ld&uuml;rmek &uuml;zere ona sald\u0131rd\u0131lar, o ise can\u0131n\u0131 on&shy;lardan zor kurtarm\u0131\u015ft\u0131. (El Bid&acirc;ye Ve&#8217;n Nih&acirc;ye 7\/240)<\/span><\/p>\n<p style=\"text-align: justify; text-indent: 1cm; line-height: 16pt;\"><strong><span style=\"font-size: 14pt; font-family: Arial, sans-serif;\">Hz. Ali&rsquo;nin \u015eam&rsquo;a Sefer Haz\u0131rl\u0131\u011f\u0131na, o\u011flu Hz. Hasan&rsquo;\u0131n Kar\u015f\u0131 &Ccedil;\u0131kmas\u0131<\/span><\/strong><\/p>\n<p style=\"text-align: justify; text-indent: 1cm; line-height: 16pt;\"><span style=\"font-size: 12.5pt; font-family: Arial, sans-serif;\">Muaviye&#8217;nin ret cevab\u0131 Hz. Ali&#8217;ye ula\u015f\u0131nca, Hz. Ali \u015eam&#8217;a sefer yap&shy;maya karar verdi. M\u0131s\u0131r&#8217;daki Kays b. Sa&#8217;da, K&ucirc;fe&#8217;deki Ebu Musa el E\u015f&#8217;ar&icirc;&#8217;ye ve Basra&#8217;daki Osman b. Huneyf&#8217;e mektup yazd\u0131 ve sava\u015fa asker haz\u0131rlamas\u0131n\u0131 emretti. \u0130nsanlar etkili konu\u015fmalar yaparak onlar\u0131 sava\u015fa ve haz\u0131rl\u0131k yapmaya te\u015fvik etti. Ku\u015fem b. Abbas&#8217;\u0131 Medine&#8217;de b\u0131rakarak yola &ccedil;\u0131k&shy;t\u0131. Kendisine itaat edenlerle birlikte isyan edenlere kar\u015f\u0131 sava\u015fmaya gidi&shy;yorlard\u0131. <\/span><strong><span style=\"font-size: 14pt; font-family: Arial, sans-serif;\">Bu s\u0131rada<\/span><\/strong><span style=\"font-size: 14pt; font-family: Arial, sans-serif;\"> <strong>o\u011flu Hz. Hasan Ona geldi ve; <\/strong><\/span><strong><em><span style=\"font-size: 12.5pt; font-family: Arial, sans-serif;\">&#8220;Babac\u0131\u011f\u0131m, bunu yapma. Zira bu sebeple M&uuml;sl&uuml;man kan\u0131 akacak ve M&uuml;sl&uuml;manlar ayr\u0131l\u0131p par&ccedil;alanacak!&#8221;<\/span><\/em><\/strong><span style=\"font-size: 12.5pt; font-family: Arial, sans-serif;\"> teklifini iletti. Ancak Hz. Ali bu teklifi kabul etmedi. Sava\u015fa karar vermi\u015fti. Orduyu tanzim etti ve sanca\u011f\u0131 Muhammed b. Hanefiyye&#8217;ye verdi. Ordunun sa\u011f cenah\u0131nda \u0130bni Abbas&rsquo;\u0131, sol cenah\u0131nda da &Ouml;mer b. Eb&icirc; Seleme&rsquo;yi getirdi. Sol cenahta Amr b. S&uuml;fyan b. Abd&uuml;lesed oldu\u011fu da s&ouml;ylendi. &Ouml;nc&uuml; kuvvetlerin ba\u015f\u0131na Ebu Ubeyde&#8217;nin karde\u015finin o\u011flu Ebu Leyla b. &Ouml;mer b. Cerrah&#8217;\u0131 tayin etti. Ordu Medine&#8217;den \u015eam&#8217;a do\u011fru y&ouml;nelmi\u015fti ki yeni &ccedil;\u0131kan gaileler Onu ba\u015fka tarafa sevk etti. Bu ise Hz. Ai\u015fe, Hz. Talha ve Hz. Z&uuml;beyr&#8217;in Basra&#8217;ya gidi\u015fleri ve isyan giri\u015fimleriydi; Hz. Ali &ouml;nce bunlar\u0131 bast\u0131rmak gere\u011fini hissetti.<\/span><\/p>\n<p style=\"text-align: justify; text-indent: 1cm; line-height: 16pt;\"><strong><span style=\"font-size: 14pt; font-family: Arial, sans-serif;\">Cemel Vakas\u0131&rsquo;ndan Sonra Hz. Ali&rsquo;nin, Cerir b. Abdullah&rsquo;\u0131 Muaviye&rsquo;ye Yollamas\u0131<\/span><\/strong><\/p>\n<p style=\"text-align: justify; text-indent: 1cm; line-height: 16pt;\"><span style=\"font-size: 12.5pt; font-family: Arial, sans-serif;\">M&uuml;&#8217;minlerin Emiri Ali b. Eb&icirc; Talib (R.A)&#8217;\u0131n hilafete ge&ccedil;i\u015fi ile ikinci Sebeiyye fitnesi (ya da di\u011fer bir ad\u0131yla Cemel Vakas\u0131) aras\u0131nda be\u015f ay yir&shy;mi bir g&uuml;n ge&ccedil;mi\u015fti. Ondan sonra K&ucirc;fe&#8217;ye gidi\u015fi bir ay, K&ucirc;fe&#8217;den S\u0131ff&icirc;n&#8217;e &ccedil;\u0131k\u0131&shy;\u015f\u0131 ise alt\u0131 ay s&uuml;recekti. Bunun iki ya da &uuml;&ccedil; ay sonra oldu\u011fu da s&ouml;ylenmi\u015ftir. (Et Tarihu&#8217;s Sag&icirc;r, Buh&acirc;ri 1\/102) M&uuml;&#8217;minlerin Emiri K&ucirc;fe&#8217;ye; otuz alt\u0131 y\u0131l\u0131nda, Recep ay\u0131n\u0131n on ikisinde, bir Pazartesi g&uuml;n&uuml; girmi\u015fti. Ona<strong><em>; &#8220;Beyaz k&ouml;\u015fke buyurun.&#8221;<\/em><\/strong> denildi\u011finde O; <strong><em>&#8220;Hay\u0131r, &Ouml;mer b. Hattab oraya yerle\u015fmeyi kerih g&ouml;rm&uuml;\u015ft&uuml;. Ben de kerih g&ouml;r&uuml;yorum&#8221;<\/em><\/strong> demi\u015f ve Rahba&#8217;ya yerle\u015fmi\u015fti. B&uuml;y&uuml;k camide iki rek&acirc;t namaz k\u0131ld\u0131rd\u0131, sonra hutbe okuyarak insanlar\u0131 hayra te\u015fvik etmi\u015f ve k&ouml;t&uuml;&shy;l&uuml;kten nehyetmi\u015fti. Bu hutbesinde K&ucirc;fe halk\u0131n\u0131 methetti. Hemedan Valisi Cerir b. Abdullah&#8217;a ve Azerbaycan Valisi E\u015f&#8217;as b. Kays&#8217;a adam g&ouml;ndere&shy;rek kendisine biat etmelerini ve yan\u0131na gelmelerini bildirdi. Onlar emri yerine getirdiler. Hz. Ali, Muaviye&#8217;ye -biat&rsquo;a davet etmek i&ccedil;in- adam g&ouml;ndermek istedi\u011finde Cerir b. Abdullah el Becel&icirc;;<\/span><\/p>\n<p style=\"text-align: justify; text-indent: 1cm; line-height: 16pt;\"><strong><em><span style=\"font-size: 12.5pt; font-family: Arial, sans-serif;\">&#8220;Ey m&uuml;&#8217;minlerin Emiri, ben giderim. Onunla aram\u0131zda dostluk var. Senin i&ccedil;in ondan biat al\u0131r\u0131m.&#8221;<\/span><\/em><\/strong><span style=\"font-size: 12.5pt; font-family: Arial, sans-serif;\"> demi\u015f. Bunun &uuml;zerine E\u015fter;<\/span><\/p>\n<p style=\"text-align: justify; text-indent: 1cm; line-height: 16pt;\"><strong><em><span style=\"font-size: 12.5pt; font-family: Arial, sans-serif;\">&#8220;Ey m&uuml;&#8217;minlerin Emiri, onu g&ouml;nderme. Korkar\u0131m o kendi hev&acirc;s\u0131na g&ouml;re hareket edecektir.&#8221;<\/span><\/em><\/strong><span style=\"font-size: 12.5pt; font-family: Arial, sans-serif;\"> demi\u015fti. Ancak Hz. Ali; <strong><em>&#8220;B\u0131rak onu.&#8221;<\/em><\/strong> diyerek ve onu bir mektupla Muaviye&#8217;ye g&ouml;ndermi\u015fti. Mek&shy;tupta; <strong><em>Muhacir ve Ensar&rsquo;\u0131n kendisine biat etti\u011fini, Cemel Vakas\u0131&rsquo;nda olan hadiseleri ve di\u011fer M&uuml;sl&uuml;manlar gibi onun da biat etmesi gerekti\u011fini<\/em><\/strong> yazm\u0131\u015ft\u0131. Cerir b. Abdullah \u015eam&#8217;a var\u0131nca; Muaviye, Amr b. el As ve \u015eam&#8217;\u0131n ileri gelenlerini toplad\u0131 ve onlarla isti\u015fare yapt\u0131. <strong><em>Hz. Osman&#8217;\u0131n ka&shy;tillerinin cezalar\u0131 verilmedik&ccedil;e ya da kendilerine teslim edilmedik&ccedil;e biat etmeyecekleri <\/em><\/strong>karar\u0131n\u0131 a&ccedil;\u0131klad\u0131. Hatta kendileri ile sava\u015f\u0131l\u0131rsa, bu u\u011furda sonu&shy;na kadar kar\u015f\u0131 koyacaklar\u0131n\u0131 da vurgulam\u0131\u015flard\u0131. Cerir, Hz. Ali&#8217;ye d&ouml;nd&uuml; ve onlar\u0131n s&ouml;zlerini aktard\u0131. Malik bin E\u015fter; <strong><em>&#8220;Ey m&uuml;&#8217;minlerin Emiri, Cerir&#8217;i g&ouml;nderme diye sana s&ouml;ylemedim mi? E\u011fer beni g&ouml;nderseydin Muaviye hangi kap\u0131y\u0131 a&ccedil;sa o kap\u0131y\u0131 kapat\u0131rd\u0131m.&#8221;<\/em><\/strong> deyince bunun &uuml;zerine Cerir; <strong><em>&#8220;E\u011fer orada sen olsayd\u0131n Osman&#8217;\u0131n katili olarak seni &ouml;ld&uuml;r&uuml;rlerdi.&#8221; <\/em><\/strong>diye &ccedil;\u0131k\u0131\u015ft\u0131. (El Bid&acirc;ye Ve&#8217;n Nih&acirc;ye 7\/265) E\u015fter, Karkisiya ve da&shy;ha ba\u015fka \u015fehirlerde Valilik yapm\u0131\u015f, ayr\u0131ca kendi kabilesinin lideri olan Sahabi Cerir&#8217;i bu \u015fekilde Hz. Ali&#8217;den uzakla\u015ft\u0131rm\u0131\u015f ve bu \u015fekilde ondan ay&shy;r\u0131lmaya mecbur b\u0131rakm\u0131\u015ft\u0131. Oysa o\u011flu Cerir b. Abdullah el Becel&icirc; \u015fu Hadisi aktarm\u0131\u015ft\u0131r: <\/span><\/p>\n<p style=\"text-align: justify; text-indent: 1cm; line-height: 16pt;\"><span style=\"font-size: 12.5pt; font-family: Arial, sans-serif;\">Resul&uuml;llah (S.A.V.) beni ne zaman g&ouml;rm&uuml;\u015fse y&uuml;z&uuml;me g&uuml;lm&uuml;\u015ft&uuml;r ve \u015f&ouml;yle buyurmu\u015ftur: <strong><em>&#8220;Sizin &uuml;zerinize \u015fu kap\u0131dan Yemen&#8217;in en hay\u0131rl\u0131s\u0131 olan adam gelir. Onun y&uuml;z&uuml;nde melek g&uuml;zelli\u011fi vard\u0131r.&#8221;<\/em><\/strong> (M&uuml;slim 2475)<\/span><\/p>\n<p style=\"text-align: justify; text-indent: 1cm; line-height: 16pt;\"><strong><span style=\"font-size: 14pt; font-family: Arial, sans-serif;\">M&uuml;&#8217;minlerin Emiri Hz. Ali&rsquo;nin \u015eam&rsquo;a Do\u011fru Yola &Ccedil;\u0131kmas\u0131<\/span><\/strong><\/p>\n<p style=\"text-align: justify; text-indent: 1cm; line-height: 16pt;\"><span style=\"font-size: 12.5pt; font-family: Arial, sans-serif;\">M&uuml;&#8217;minlerin Emiri Hz. Ali \u015eam&#8217;a y&uuml;r&uuml;mek i&ccedil;in haz\u0131rl\u0131k yapt\u0131. Ayr\u0131ca haz\u0131rl\u0131k g&ouml;rmeleri i&ccedil;in herkese haber sald\u0131. (El ls&acirc;be 1\/123) Sonunda b&uuml;y&uuml;k bir ordu ortaya &ccedil;\u0131km\u0131\u015ft\u0131. Ordunun say\u0131s\u0131 hakk\u0131nda verilen bilgiler farkl\u0131yd\u0131. Ancak i&ccedil;lerinden biri hasen isnadla rivayet edilmi\u015ftir ki; o da or&shy;dunun <\/span><strong><span style=\"font-size: 14pt; font-family: Arial, sans-serif;\">elli bin ki\u015fiden<\/span><\/strong><span style=\"font-size: 14pt; font-family: Arial, sans-serif;\"> <\/span><span style=\"font-size: 12.5pt; font-family: Arial, sans-serif;\">olu\u015ftu\u011fu yolundad\u0131r. (Tarih-i Halife 193) <\/span><\/p>\n<p style=\"text-align: justify; text-indent: 1cm; line-height: 16pt;\"><strong><span style=\"font-size: 14pt; font-family: Arial, sans-serif;\">M&uuml;sl&uuml;man\u0131n M&uuml;sl&uuml;mana K\u0131l\u0131&ccedil; &Ccedil;ekti\u011fi \u0130lk Siyas&icirc; Ayr\u0131l\u0131k ve A&ccedil;t\u0131\u011f\u0131 Yaralar!<\/span><\/strong><\/p>\n<p style=\"text-align: justify; text-indent: 1cm; line-height: 16pt;\"><strong><span style=\"font-size: 12.5pt; font-family: Arial, sans-serif;\">Hz. Osman&#8217;\u0131n (R.A) \u015fehit edilmesinden sonra Hz. Ai\u015fe (R.A), &ccedil;o\u011funlu\u011fu Mekke ve Medinelilerden olu\u015fan muhaliflerle birlikte Hz. Ali&#8217;nin (R.A) kar\u015f\u0131s\u0131na &ccedil;\u0131km\u0131\u015ft\u0131. M&uuml;sl&uuml;manlar ilk defa kar\u015f\u0131 saflarda sava\u015f d&uuml;zeni al\u0131p birbirlerinin kan\u0131n\u0131 ak\u0131tm\u0131\u015flard\u0131. B&ouml;ylece Cemel Vakas\u0131 farkl\u0131 boyutlar\u0131yla \u0130slam tarihinin en &ccedil;ok tart\u0131\u015f\u0131lan hadiselerinden birisi olup &ccedil;\u0131km\u0131\u015ft\u0131.<\/span><\/strong><\/p>\n<p style=\"text-align: justify; text-indent: 1cm; line-height: 16pt;\"><strong><em><span style=\"font-size: 12.5pt; font-family: Arial, sans-serif;\">&ldquo;B<\/span><\/em><\/strong><strong><em><span style=\"font-size: 12.5pt; font-family: Arial, sans-serif;\">edir Harbiyle birlikte sava\u015f meydanlar\u0131nda k\u0131&shy;l\u0131&ccedil; kullanmaya ba\u015flayan M&uuml;sl&uuml;manlar\u0131n, ba\u015fta Hz. Ali (R.A) olmak &uuml;zere Uhud, Hayber ve Hen&shy;dek gibi sava\u015flarda inan&ccedil;lar\u0131 u\u011fruna sergiledik&shy;leri kahramanl\u0131klar dillere destand\u0131r. O zamana kadar d&uuml;\u015fmana kar\u015f\u0131 &ccedil;ekilen k\u0131l\u0131&ccedil;lar ilk defa dosta kar\u015f\u0131 &ccedil;ekilir olacakt\u0131. Cemel Vakas\u0131 bir ilk olmas\u0131 hasebiyle etkisi derin olmu\u015ftu ve sonraki vakalara emsal olu\u015fturacakt\u0131. Olay\u0131n hassasiyetine binaen konuya ba\u015flamadan &ouml;nce \u015funu ifade etmek isterim ki; bu sava\u015fta kar\u015f\u0131 cephelerde yer alm\u0131\u015f olan, ba\u015fta Sahabe olmak &uuml;zere her bir fert bi&shy;zim i&ccedil;in b&uuml;y&uuml;k de\u011fer ta\u015f\u0131maktad\u0131r ve hepsi h&uuml;rmete lay\u0131kt\u0131r. Hangi sebeplerle bu harpte yer alm\u0131\u015f olursa olsunlar, hi&ccedil;birisinin iman\u0131ndan \u015f&uuml;phemiz yoktur. &Ouml;m&uuml;rleri boyunca \u0130slam dinine hizmet etmi\u015f olan bu insanlar\u0131n, bir M&uuml;sl&uuml;man olarak &uuml;zerimizdeki emekleri b&uuml;y&uuml;kt&uuml;r ve her birine \u015f&uuml;kran bor&ccedil;luyuz. Onun i&ccedil;in burada yapaca\u011f\u0131m\u0131z yorumlar\u0131n, Ashab-\u0131 Kiram&rsquo;dan herhangi bir \u015fahsa kar\u015f\u0131 tarafgirlik veya d&uuml;\u015fmanl\u0131k olarak de\u011ferlendirilmesi yanl\u0131\u015ft\u0131r ve haks\u0131zl\u0131kt\u0131r.&rdquo;[1]&nbsp;<\/span><\/em><\/strong><strong><span style=\"font-size: 12.5pt; font-family: Arial, sans-serif;\">diyen de\u011ferli ara\u015ft\u0131rmac\u0131m\u0131z &ouml;nemli tespitlerde bulunmaktad\u0131r.<\/span><\/strong><\/p>\n<p style=\"text-align: justify; text-indent: 1cm; line-height: 16pt;\"><strong><span style=\"font-size: 12.5pt; font-family: Arial, sans-serif;\">Bilindi\u011fi gibi Cemel Sava\u015f\u0131&rsquo;na giden s&uuml;re&ccedil;, &uuml;&ccedil;&uuml;nc&uuml; Halife Hz. Osman&#8217;\u0131n (R.A) katledilmesiyle ba\u015flam\u0131\u015ft\u0131. Halifenin ve b&uuml;rokratlar\u0131n\u0131n baz\u0131 icraatlar\u0131n\u0131 gerek&ccedil;e g&ouml;stererek M\u0131s\u0131r, Basra ve K&ucirc;fe&#8217;den gelen ve <\/span><\/strong><strong><span style=\"font-size: 12.5pt; font-family: Arial, sans-serif;\">say\u0131lar\u0131 2.000&#8217;i bulan <\/span><\/strong><strong><span style=\"font-size: 12.5pt; font-family: Arial, sans-serif;\">birtak\u0131m \u015fah\u0131slar Medine&#8217;yi istila etmekten sak\u0131nmam\u0131\u015flard\u0131. Halbuki dile getirdikleri problemlerin &ouml;nemli bir k\u0131sm\u0131n\u0131 Halife de kabul etmi\u015f ve bunlar\u0131n giderilmesi noktas\u0131nda onlarla mutabakata varm\u0131\u015ft\u0131. Ancak <\/span><\/strong><strong><span style=\"font-size: 12.5pt; font-family: Arial, sans-serif;\">M\u0131s\u0131r yo<\/span><\/strong><strong><span style=\"font-size: 12.5pt; font-family: Arial, sans-serif;\">lunda ele ge&ccedil;irdikleri d&uuml;zmece bir mektubu bahane ederek, Hz. Osman (R.A) &uuml;zerindeki ablukay\u0131 daraltt\u0131lar ve yakla\u015f\u0131k 40 g&uuml;nl&uuml;k bir ku\u015fatmadan sonra, Halifenin evine girerek Onu hunhar&shy;ca katlettiler (18 Zilhicce 35\/17 Haziran 656).<\/span><\/strong><\/p>\n<p style=\"text-align: justify; text-indent: 1cm; line-height: 16pt;\"><strong><span style=\"font-size: 12.5pt; font-family: Arial, sans-serif;\">Medine&#8217;de adeta ter&ouml;r havas\u0131 esiy<\/span><\/strong><strong><span style=\"font-size: 12.5pt; font-family: Arial, sans-serif;\">ordu. 80<\/span><\/strong><strong><span style=\"font-size: 12.5pt; font-family: Arial, sans-serif;\"> k<\/span><\/strong><strong><span style=\"font-size: 12.5pt; font-family: Arial, sans-serif;\">&uuml;sur <\/span><\/strong><strong><span style=\"font-size: 12.5pt; font-family: Arial, sans-serif;\">ya\u015f\u0131ndaki Halife&#8217;nin cenazesi, Onu korurken hayat\u0131n\u0131 kaybeden baz\u0131 muhaf\u0131zlar\u0131n cesetler<\/span><\/strong><strong><span style=\"font-size: 12.5pt; font-family: Arial, sans-serif;\">iyle bir<\/span><\/strong><strong><span style=\"font-size: 12.5pt; font-family: Arial, sans-serif;\">likte ortada kalm\u0131\u015f, kimse onlara yakla\u015fmam\u0131\u015ft\u0131. Nihayet c<\/span><\/strong><strong><span style=\"font-size: 12.5pt; font-family: Arial, sans-serif;\">esetler kokmaya ba\u015flay\u0131nca<\/span><\/strong><strong><span style=\"font-size: 12.5pt; font-family: Arial, sans-serif;\">, Hz. Osman&#8217;\u0131n han\u0131m\u0131 Naile&#8217;nin &ccedil;a\u011fr\u0131s\u0131yla yard\u0131m\u0131na ko\u015fan birka&ccedil; ki\u015fi taraf\u0131ndan gece yar\u0131s\u0131 gizlice cenazeler kald\u0131r\u0131lm\u0131\u015ft\u0131. Bu gizlili\u011fe ra\u011fmen cenazenin kald\u0131r\u0131ld\u0131\u011f\u0131ndan haberdar olan baz\u0131 \u015fah\u0131slar\u0131n onlara sald\u0131rd\u0131klar\u0131, hatta birka&ccedil; \u015fahs\u0131n Hz. Osman&#8217;\u0131n cesedi &uuml;zerinde tep<\/span><\/strong><strong><span style=\"font-size: 12.5pt; font-family: Arial, sans-serif;\">inirk<\/span><\/strong><strong><span style=\"font-size: 12.5pt; font-family: Arial, sans-serif;\">en kaburgalar\u0131n\u0131 k\u0131rd\u0131\u011f\u0131 anlat\u0131lm\u0131\u015ft\u0131r (Belaz&uuml;r&icirc;, 3: 204).<\/span><\/strong><\/p>\n<p style=\"text-align: justify; text-indent: 1cm; line-height: 16pt;\"><strong><span style=\"font-size: 12.5pt; font-family: Arial, sans-serif;\">Hz. Osman&#8217;\u0131n &ouml;ld&uuml;r&uuml;lmesi, o zamana kadar dile getirilen problemleri &ccedil;&ouml;zmedi\u011fi gibi meseleyi i&ccedil;inden &ccedil;\u0131k\u0131lmaz hale getirmi\u015fti. \u0130syanc\u0131lar da bunun fark\u0131na varm\u0131\u015f, ancak i\u015f i\u015ften ge&ccedil;mi\u015fti. Aralar\u0131ndan birini Halife olarak se&shy;&ccedil;emeyeceklerini kendileri de fark etmi\u015flerdi. Onun i&ccedil;in Hz. &Ouml;mer&#8217;in (R.A) belirledi\u011fi alt\u0131 ki\u015filik \u015f&ucirc;rada yer alm\u0131\u015f olan Ashab\u0131n b&uuml;y&uuml;klerine liderlik teklifini g&ouml;t&uuml;rm&uuml;\u015flerdi. Sa&#8217;d b. Eb&icirc; Vakkas, Z&uuml;beyr b. Avvam ve Talha b. Ubeydullah&#8217;\u0131n yan\u0131 s\u0131ra, Ali b. Eb&icirc; Talib (K.V) b&ouml;yle bir ortamda kendilerine yap\u0131lan teklifi tabii olarak reddetmi\u015flerdi. <\/span><\/strong><strong><span style=\"font-size: 12.5pt; font-family: Arial, sans-serif;\">Ancak isyan<\/span><\/strong><strong><span style=\"font-size: 12.5pt; font-family: Arial, sans-serif;\">c\u0131lar\u0131n bask\u0131 ve tehditlerinin artmas\u0131 &uuml;zerine (Dinin prensiplerini ve &uuml;mmetin dirli\u011fini d&uuml;\u015f&uuml;nen) Hz. Ali, Medine halk\u0131&shy;n\u0131n deste\u011fini de dikkate alarak Halifeli\u011fi kabul etmi\u015fti. (23 Zilhicce 35 \/ 22 Haziran 656) Bu tarih, Hz. Osman&rsquo;\u0131n \u015fehadetinden be\u015f g&uuml;n sonraya denk gelmekteydi.<\/span><\/strong><\/p>\n<p style=\"text-align: justify; text-indent: 1cm; line-height: 16pt;\"><strong><span style=\"font-size: 12.5pt; font-family: Arial, sans-serif;\">Ard\u0131ndan k\u0131l\u0131&ccedil;lar\u0131n g&ouml;lgesi alt\u0131nda halktan biat al\u0131nm\u0131\u015ft\u0131. \u0130lk &ouml;nce Halife olma arzular\u0131 bilinen Talha ve Z&uuml;beyr&#8217;e biat ettikleri a&ccedil;\u0131klanm\u0131\u015ft\u0131. Buna ra\u011fmen Ashab\u0131n ileri ge&shy;lenlerinden biat etmeyenler de vard\u0131. Sa&#8217;d b. Eb&icirc; Vakkas, Abdullah b. &Ouml;mer, &Uuml;same b. Zeyd, S&uuml;heyb-i Rum&icirc;, Zeyd b. Sabit, Eb&ucirc; Said el-Hudr&icirc;, Hassan b. Sabit, Ka&#8217;b b. Malik, M&ucirc;gire b. \u015eu&#8217;be ve Muhammed b. Mesleme bunlardan baz\u0131lar\u0131yd\u0131. Muhtemelen asiler, sorun te\u015fkil etmeyeceklerini d&uuml;\u015f&uuml;nd&uuml;kleri i&ccedil;in onlar\u0131 zorlama gere\u011fi duymam\u0131\u015flard\u0131. Biat al\u0131nd\u0131ktan sonra Hz. Ali&#8217;nin ilk icraat\u0131, &ouml;nceki Halifenin &ouml;ld&uuml;r&uuml;lmesiyle sonu&ccedil;lanan problemlerin m&uuml;sebbibi olarak g&ouml;rd&uuml;\u011f&uuml; Valileri g&ouml;revinden almakt\u0131. \u015eam d\u0131\u015f\u0131ndaki vilayetlerde bu konuda ciddi bir s\u0131k\u0131nt\u0131 ya\u015fanmam\u0131\u015ft\u0131. \u015eaml\u0131lar ise Hz. Ali&#8217;nin atad\u0131\u011f\u0131 Valiyi Teb&uuml;k &ouml;nlerinden geri d&ouml;nmek zorunda b\u0131rakm\u0131\u015flard\u0131. K&ucirc;feliler de yeni Valiyi \u015fehre almamakla birlikte Eb&ucirc; Musa el-E\u015far&icirc;&#8217;yi ba\u015flar\u0131na ge&ccedil;i&shy;rerek, Hz. Ali&#8217;ye biatlerini sunmu\u015flard\u0131. Basra ve M\u0131s\u0131r gibi &ouml;nemli vilayetlerde ise yeni Valiye sorun &ccedil;\u0131karmamakla beraber, Hz. Ali&#8217;ye biati; <em>katillerin cezaland\u0131r\u0131lmas\u0131 \u015fart\u0131na<\/em> <em>ba\u011flayan<\/em> kesimler vard\u0131.<\/span><\/strong><\/p>\n<p style=\"text-align: justify; text-indent: 1cm; line-height: 16pt;\"><strong><span style=\"font-size: 12.5pt; font-family: Arial, sans-serif;\">Hz. Ai\u015fe&rsquo;nin; <em>&#8220;Peygamberin S&uuml;nnetini ne &ccedil;abuk terk ettiniz!&#8221;<\/em><\/span><\/strong><strong><span style=\"font-size: 12.5pt; font-family: Arial, sans-serif;\"> uyar\u0131s\u0131.<\/span><\/strong><\/p>\n<p style=\"text-align: justify; text-indent: 1cm; line-height: 16pt;\"><span style=\"font-size: 12.5pt; font-family: Arial, sans-serif;\">Hz. Ali&#8217;nin i\u015fleri k\u0131smen yoluna girdik&shy;ten sonra, Ondan Hz. Osman&#8217;\u0131n katille&shy;rinin tespit edilip cezaland\u0131r\u0131lmas\u0131 talep edilmi\u015fti. Hz. Ali ise; <strong><em>isyanc\u0131lar\u0131n h&acirc;l&acirc; Medine&#8217;ye h&acirc;kim olduklar\u0131n\u0131 ve destek&ccedil;ilerinin fazlal\u0131\u011f\u0131n\u0131 ileri s&uuml;rerek <\/em><\/strong>bu konuda kendisine zaman tan\u0131nmas\u0131n\u0131 istemi\u015fti. Ancak Arap &ouml;rf&uuml;n&uuml;n (ve fitne k&uuml;lt&uuml;r&uuml;n&uuml;n) bu konuda gecikmeye tahamm&uuml;l etmeyece\u011fi bilinmekteydi. Nitekim zaman ilerledik&ccedil;e ciddi bir geli\u015fme ya\u015fanmad\u0131\u011f\u0131n\u0131 g&ouml;ren baz\u0131 &ccedil;evreler, bu sefer i\u015fi kendileri halletme yoluna gitmi\u015flerdi. Biatten yakla\u015f\u0131k d&ouml;rt ay sonra, Talha ve Z&uuml;beyr&#8217;in umre bahanesiyle Hz. Ali&#8217;den izin isteyerek Medine&#8217;den ayr\u0131lmas\u0131n\u0131 bu &ccedil;er&ccedil;evede de\u011ferlendirmek gerekirdi. Medine&rsquo;de olu\u015fan durumu baz\u0131 muhalifler ve f\u0131rsat&ccedil;\u0131 m&uuml;naf\u0131k &ccedil;evreler; <strong><em>Hz. Ali&#8217;yi, adeta asilere g&ouml;z yumuyor gibi g&ouml;stermeye giri\u015fmi\u015flerdi.<\/em><\/strong> Onun su&ccedil;lular\u0131 himaye etmeye kalk\u0131\u015ft\u0131\u011f\u0131, &ouml;yle olmasa bile onlara kar\u015f\u0131 m&uuml;samahak&acirc;r davrand\u0131\u011f\u0131 kanaatini olu\u015fturmaya yeltenmi\u015flerdi. Hz. Peygamber&#8217;in (S.A.V) di\u011fer e\u015fleri, Hz. Osman&rsquo;\u0131n ku\u015fatma alt\u0131nda tutuldu\u011fu d&ouml;nemde Medine&#8217;yi terk edip Mekke&#8217;ye gitmi\u015flerdi. Hz. Ai\u015fe (R.A) de bir m&uuml;ddet bekledikten sonra, hac mevsimi girdi\u011finde Mekke&rsquo;ye hareket etmi\u015fti. Hac ibadeti bitince de Medine&#8217;ye d&ouml;nmek &uuml;zere yola &ccedil;\u0131km\u0131\u015f, ancak Hz. Osman&#8217;\u0131n &ouml;ld&uuml;r&uuml;ld&uuml;\u011f&uuml; ve Hz. Ali&#8217;nin yeni Halife olarak belirlen&shy;di\u011fi haberini al\u0131nca geri d&ouml;nm&uuml;\u015flerdi. <strong><em>Hz. Osman&#8217;\u0131n haks\u0131z yere &ouml;ld&uuml;r&uuml;ld&uuml;\u011f&uuml;n&uuml;<\/em><\/strong> dile getiren konu\u015fmalar yapm\u0131\u015f ve meselenin takip&ccedil;isi olaca\u011f\u0131n\u0131 il&acirc;n etmi\u015f ve katillerin cezaland\u0131r\u0131lmas\u0131 noktas\u0131nda g&uuml;ndemi canl\u0131 tutmaya &ccedil;al\u0131\u015fanlardan birisiydi (Taber&icirc;, 4:448). <\/span><\/p>\n<p style=\"text-align: justify; text-indent: 1cm; line-height: 16pt;\"><strong><span style=\"font-size: 12.5pt; font-family: Arial, sans-serif;\">Asl\u0131nda daha &ouml;nce, Hz. Osman&#8217;\u0131 tenkit edenlerin ba\u015f\u0131nda Hz. Ai\u015fe gelmekteydi. Hatta bir seferinde Hz. Peygamber&#8217;in g&ouml;mle\u011fini Hz. Osman&rsquo;a do\u011fru uzatarak, <em>&#8220;Peygamberin elbisesi eskimedi ancak O&rsquo;nun S&uuml;nnetini<\/em><\/span><\/strong><em><span style=\"font-size: 12.5pt; font-family: Arial, sans-serif;\"> <\/span><\/em><strong><em><span style=\"font-size: 12.5pt; font-family: Arial, sans-serif;\">ne &ccedil;abuk terk ettiniz!&#8221; <\/span><\/em><\/strong><strong><span style=\"font-size: 12.5pt; font-family: Arial, sans-serif;\">dedi\u011fi ve bu d&ouml;&shy;nemde iktidara y&ouml;neltti\u011fi sert ifadelerin&shy;den dolay\u0131, peygamber e\u015flerine ayr\u0131lan tahsisat\u0131n\u0131n kesildi\u011fi s&ouml;ylenmekteydi.<\/span><\/strong><\/p>\n<p style=\"text-align: justify; text-indent: 1cm; line-height: 16pt;\"><strong><span style=\"font-size: 12.5pt; font-family: Arial, sans-serif;\">Bundan dolay\u0131 baz\u0131lar\u0131 onun \u015fimdi meydanlara &ccedil;\u0131k\u0131p Hz. Osman&#8217;\u0131n hakk\u0131n\u0131 talep etmesini, genel itibariyle bir tezat olarak saym\u0131\u015f ve bu davran\u0131\u015f\u0131n\u0131 anla\u015f\u0131lmaz bulmu\u015flard\u0131r. Do\u011frusu Hz. Ai\u015fe&#8217;nin tutumunda bir te&shy;zat olmad\u0131\u011f\u0131 gibi, ortada anla\u015f\u0131lmayacak bir husus da bulunmamaktad\u0131r. Zira rivayetlerden anla\u015f\u0131ld\u0131\u011f\u0131 kadar\u0131yla Onun &ccedil;abas\u0131 ve tek derdi adaletin yerini bulmas\u0131d\u0131r. D&uuml;n Hz. Osman&#8217;\u0131 ele\u015ftirdi\u011fi halde, bug&uuml;n Onu savunma&shy;s\u0131n\u0131 bir &ccedil;eli\u015fki olarak de\u011ferlendiren baz\u0131 \u015fah\u0131slara, <\/span><\/strong><strong><em><span style=\"font-size: 14pt; font-family: Arial, sans-serif;\">&#8220;Size vurulan k\u0131rbaca da Osman&#8217;a vurulan k\u0131l\u0131ca da k\u0131zar\u0131m&#8221;<\/span><\/em><\/strong><span style=\"font-size: 14pt; font-family: Arial, sans-serif;\"> <\/span><strong><span style=\"font-size: 12.5pt; font-family: Arial, sans-serif;\">\u015feklinde tavr\u0131n\u0131 ortaya koymu\u015flard\u0131. Daha sonralar\u0131 Muaviye d&ouml;neminde, en ate\u015fli Ali taraftarlar\u0131ndan biri say\u0131lan Hucr b. Ad&icirc;&#8217;nin idam edilmesine &uuml;st perdeden tepki g&ouml;steren de Hz. Ai\u015fe olacakt\u0131r. Hem Hz. Peygamber&#8217;in g&ouml;zde han\u0131m\u0131 olmas\u0131, hem de ilk Halife Hz. Ebubekir&#8217;in (R.A) k\u0131z\u0131 olmas\u0131 hasebiyle b&ouml;yle bir mesuliyeti s\u0131rt\u0131nda ta\u015f\u0131maktayd\u0131. <\/span><\/strong><strong><em><span style=\"font-size: 14pt; font-family: Arial, sans-serif;\">&#8220;M&uuml;&rsquo;minlerin An&shy;nesi&#8221;<\/span><\/em><\/strong><span style=\"font-size: 14pt; font-family: Arial, sans-serif;\"> <\/span><strong><span style=\"font-size: 12.5pt; font-family: Arial, sans-serif;\">s\u0131fat\u0131yla M&uuml;sl&uuml;manlar\u0131n s\u0131k\u0131nt\u0131la&shy;r\u0131na ilgisiz kalmam\u0131\u015ft\u0131 ve meselenin &ccedil;&ouml;z&uuml;m&uuml; noktas\u0131nda elini ta\u015f\u0131n alt\u0131na koymu\u015flard\u0131. Nitekim bu s&uuml;re&ccedil;te yapt\u0131\u011f\u0131 konu\u015fmalara bak\u0131ld\u0131\u011f\u0131nda, annelik s\u0131fat\u0131n\u0131 s\u0131kl\u0131kla dile getirdi\u011fi anla\u015f\u0131lacakt\u0131.<\/span><\/strong><\/p>\n<p style=\"text-align: justify; text-indent: 1cm; line-height: 16pt;\"><strong><span style=\"font-size: 12.5pt; font-family: Arial, sans-serif;\">Umre bahanesiyle Medine&#8217;den ayr\u0131lan Hz. Talha ve Z&uuml;beyr, Mekke&#8217;ye var\u0131nca Hz. Ai\u015fe&#8217;nin kurdu\u011fu hareketin ba\u015f\u0131na ge&ccedil;tiler. Talha, Hz. Ai\u015fe&rsquo;ni<\/span><\/strong><strong><span style=\"font-size: 12.5pt; font-family: Arial, sans-serif;\">n k\u0131z karde\u015fi <\/span><\/strong><strong><span style=\"font-size: 12.5pt; font-family: Arial, sans-serif;\">&Uuml;mm&uuml; G&uuml;ls&uuml;m&#8217;<\/span><\/strong><strong><span style=\"font-size: 12.5pt; font-family: Arial, sans-serif;\">le, Z&uuml;beyr<\/span><\/strong><strong><span style=\"font-size: 12.5pt; font-family: Arial, sans-serif;\"> de di\u011fer k\u0131z karde\u015fi Esma ile <\/span><\/strong><strong><span style=\"font-size: 12.5pt; font-family: Arial, sans-serif;\">evliydiler. Ayr\u0131ca Hz. Ai\u015fe&#8217;nin, Talha ile ayn<\/span><\/strong><strong><span style=\"font-size: 12.5pt; font-family: Arial, sans-serif;\">\u0131 kabileye (Teym) mensup olmas\u0131 ve babas\u0131n\u0131n amcazadesi olmas\u0131 hasebiyle onun Halife olmay\u0131 bek&shy;ledi\u011fi bilinmekteydi. Tabi bu ittifak\u0131 sadece akrabal\u0131k ba\u011flar\u0131yla izah etmenin pek do\u011fru ol&shy;mad\u0131\u011f\u0131 kanaatindeyiz. Zira o d&ouml;nemdeki olaylarda taraf olanlar\u0131n hemen hepsinin birbirleriyle akrabal\u0131klar\u0131 s&ouml;z konusuy&shy;du. Mesela <\/span><\/strong><strong><span style=\"font-size: 12.5pt; font-family: Arial, sans-serif;\">Hz. Ai\u015fe, Hz. Ali&#8217;nin yenges<\/span><\/strong><strong><span style=\"font-size: 12.5pt; font-family: Arial, sans-serif;\">idi<\/span><\/strong><strong><span style=\"font-size: 12.5pt; font-family: Arial, sans-serif;\">r. Z&uuml;beyr, Hz. Ali&#8217;n<\/span><\/strong><strong><span style=\"font-size: 12.5pt; font-family: Arial, sans-serif;\">i<\/span><\/strong><strong><span style=\"font-size: 12.5pt; font-family: Arial, sans-serif;\">n halao\u011fludur. H<\/span><\/strong><strong><span style=\"font-size: 12.5pt; font-family: Arial, sans-serif;\">z. <\/span><\/strong><strong><span style=\"font-size: 12.5pt; font-family: Arial, sans-serif;\">Osman, Hz. Ali&#8217;nin bacan<\/span><\/strong><strong><span style=\"font-size: 12.5pt; font-family: Arial, sans-serif;\">a\u011f\u0131d\u0131r<em>. (Not: Bunlar tutars\u0131z bir savunmad\u0131r. &Ccedil;&uuml;nk&uuml; d&uuml;n&uuml;rl&uuml;k ba\u015fka, soy ba\u011f\u0131 akrabal\u0131\u011f\u0131 ba\u015fkad\u0131r.)<\/em><\/span><\/strong><\/p>\n<p style=\"text-align: justify; text-indent: 1cm; line-height: 16pt;\"><span style=\"font-size: 12.5pt; font-family: Arial, sans-serif;\">Di\u011fer taraftan Talha ve Z&uuml;beyr&#8217;in<\/span><span style=\"font-size: 12.5pt; font-family: Arial, sans-serif;\">, Valilik <\/span><span style=\"font-size: 12.5pt; font-family: Arial, sans-serif;\">bekle<\/span><span style=\"font-size: 12.5pt; font-family: Arial, sans-serif;\">ntileri kar\u015f\u0131lanmad\u0131\u011f\u0131 i&ccedil;in Hz<\/span><span style=\"font-size: 12.5pt; font-family: Arial, sans-serif;\">. Ali&#8217;ye cephe ald\u0131k<\/span><span style=\"font-size: 12.5pt; font-family: Arial, sans-serif;\">lar\u0131 iddialar\u0131 vard\u0131r<\/span><span style=\"font-size: 12.5pt; font-family: Arial, sans-serif;\">. Fakat meselenin o kadar basit olmad\u0131\u011f\u0131 a&ccedil;\u0131kt\u0131r. &Ccedil;&uuml;nk&uuml; onlar, zaten Halifelik potansiyeline sa&shy;hip \u015f&ucirc;ra &uuml;yesi konumundayd\u0131 ve Valilik makam\u0131n&shy;dan ziyade H<\/span><span style=\"font-size: 12.5pt; font-family: Arial, sans-serif;\">alifeli\u011fe kendilerini lay<\/span><span style=\"font-size: 12.5pt; font-family: Arial, sans-serif;\">\u0131k bulmalar\u0131 do\u011fald\u0131. Medine&#8217;de kald\u0131klar\u0131 s&uuml;re i&ccedil;inde, Hz. Ali&#8217;nin y&ouml;netimdeki dikkatli ve tedbirli davran\u0131\u015f\u0131n\u0131 bir zafiyet gibi alg\u0131lam\u0131\u015f olmal\u0131lar ki, bu i\u015fi kendilerinin &uuml;stlenmesi gerekti\u011fi kanaatine var&shy;m\u0131\u015flard\u0131. Nitekim Mekke&#8217;ye ula\u015ft\u0131klar\u0131 zaman, Medine&#8217;deki durum soruldu\u011fun&shy;da \u015f&ouml;yle yan\u0131tlam\u0131\u015flard\u0131: <strong><em>&#8220;Biz Medine&#8217;yi kar\u0131\u015f\u0131kl\u0131klardan ve bedev&icirc;lerin \u015ferrinden terk edip geldik. Orada ne yapaca\u011f\u0131n\u0131 bilmeyen, Hak&rsquo;k\u0131 bilmedikleri gibi b&acirc;t\u0131la kar\u015f\u0131 da koyamayan ve kendilerine isabet eden zulm&uuml; &ouml;nleyemeyen kimseleri b\u0131rakt\u0131k!&#8221;<\/em><\/strong> (Taber&icirc;, 4: 450).<\/span><\/p>\n<p style=\"text-align: justify; text-indent: 1cm; line-height: 16pt;\"><strong><span style=\"font-size: 12.5pt; font-family: Arial, sans-serif;\">Hz. Osman&#8217;\u0131n \u015fehit edilmesinden sonra <\/span><\/strong><strong><span style=\"font-size: 12.5pt; font-family: Arial, sans-serif;\">Medine<\/span><\/strong><strong><span style=\"font-size: 12.5pt; font-family: Arial, sans-serif;\">&#8216;den uzakla\u015ft\u0131r\u0131lan Emev&icirc;<\/span><\/strong><strong><span style=\"font-size: 12.5pt; font-family: Arial, sans-serif;\"> ailesi, hemen <\/span><\/strong><strong><span style=\"font-size: 12.5pt; font-family: Arial, sans-serif;\">Hz. Ai\u015fe&#8217;nin etraf\u0131nda \u015fekil<\/span><\/strong><strong><span style=\"font-size: 12.5pt; font-family: Arial, sans-serif;\">lenen mu&shy;halefetin i&ccedil;inde yer alm\u0131\u015flard\u0131. Zira kendilerini birinci derecede ma\u011fdur olarak g&ouml;r&uuml;yorlard\u0131. Hz. Osman<\/span><\/strong><strong><span style=\"font-size: 12.5pt; font-family: Arial, sans-serif;\">&#8216;\u0131n k&acirc;ti<\/span><\/strong><strong><span style=\"font-size: 12.5pt; font-family: Arial, sans-serif;\">bi Me<\/span><\/strong><strong><span style=\"font-size: 12.5pt; font-family: Arial, sans-serif;\">rvan b. Hakem, es<\/span><\/strong><strong><span style=\"font-size: 12.5pt; font-family: Arial, sans-serif;\">ki Basra Valisi Abdullah b. Amir, eski K&uuml;fe valisi Said <\/span><\/strong><strong><span style=\"font-size: 12.5pt; font-family: Arial, sans-serif;\">b. el-As ile<\/span><\/strong><strong><span style=\"font-size: 12.5pt; font-family: Arial, sans-serif;\"> H<\/span><\/strong><strong><span style=\"font-size: 12.5pt; font-family: Arial, sans-serif;\">z. Osman&#8217;\u0131n &ccedil;ocuklar\u0131 Eban <\/span><\/strong><strong><span style=\"font-size: 12.5pt; font-family: Arial, sans-serif;\">ve Velid onlar\u0131n ba\u015f\u0131nda geliyorlard\u0131. Eski Y<\/span><\/strong><strong><span style=\"font-size: 12.5pt; font-family: Arial, sans-serif;\">emen Valisi Ya&#8217;la b. &Uuml;meyye&#8217;nin, Yem<\/span><\/strong><strong><span style=\"font-size: 12.5pt; font-family: Arial, sans-serif;\">en beyt&uuml;lmal\u0131ndan getirdi\u011fi mallarla bir ordu kuran muhalifler, Mekke&#8217;de toplant\u0131lar yaparak stratejilerini belirlemeye &ccedil;al\u0131\u015fm\u0131\u015flard\u0131. <em>Medine &uuml;zerine hemen y&uuml;r&uuml;&shy;menin makul olmayaca\u011f\u0131 <\/em>g&ouml;r&uuml;\u015f&uuml; a\u011f\u0131r basm\u0131\u015ft\u0131. Hz. Ali ile m&uuml;cadele edebilecek g&uuml;ce ula\u015fmak i&ccedil;in, <\/span><\/strong><strong><span style=\"font-size: 12.5pt; font-family: Arial, sans-serif;\">Abdullah b. Amir&#8217;in <\/span><\/strong><strong><span style=\"font-size: 12.5pt; font-family: Arial, sans-serif;\">t<\/span><\/strong><strong><span style=\"font-size: 12.5pt; font-family: Arial, sans-serif;\">eklifiyle Basra&#8217;ya gitme ve g&uuml;&ccedil;leninceye kadar bekleme karar\u0131 al\u0131nm\u0131\u015ft\u0131<\/span><\/strong><strong><span style=\"font-size: 12.5pt; font-family: Arial, sans-serif;\">.<\/span><\/strong><\/p>\n<p style=\"text-align: justify; text-indent: 1cm; line-height: 16pt;\"><span class=\"Balk6\"><strong><span style=\"font-size: 14pt; font-family: Arial, sans-serif;\">Cemel olay\u0131nda <\/span><\/strong><\/span><span class=\"Balk6\"><strong><em><span style=\"font-size: 14pt; font-family: Arial, sans-serif;\">en &ccedil;ok el ve aya\u011f\u0131n kesildi\u011fi<\/span><\/em><\/strong><\/span><span class=\"Balk6\"><strong><span style=\"font-size: 14pt; font-family: Arial, sans-serif;\"> bir sava\u015f<\/span><\/strong><\/span><span class=\"Balk6\"><strong><span style=\"font-size: 14pt; font-family: Arial, sans-serif;\"> ya\u015fanm\u0131\u015ft\u0131!<\/span><\/strong><\/span><\/p>\n<p style=\"text-align: justify; text-indent: 1cm; line-height: 16pt;\"><strong><span style=\"font-size: 12.5pt; font-family: Arial, sans-serif;\">Hz<\/span><\/strong><strong><span style=\"font-size: 12.5pt; font-family: Arial, sans-serif;\">. Ai\u015fe<\/span><\/strong><strong><span style=\"font-size: 12.5pt; font-family: Arial, sans-serif;\">, &ccedil;o\u011funlu\u011fu Mekke ve Medine halk\u0131ndan olu\u015fan yakla\u015f\u0131k <\/span><\/strong><strong><span style=\"font-size: 12.5pt; font-family: Arial, sans-serif;\">900 ki\u015fiyle <\/span><\/strong><strong><span style=\"font-size: 12.5pt; font-family: Arial, sans-serif;\">yola &ccedil;\u0131kt\u0131. Basra &ouml;nlerine geldi\u011finde say\u0131lar<\/span><\/strong><strong><span style=\"font-size: 12.5pt; font-family: Arial, sans-serif;\">\u0131 3.000&#8217;e <\/span><\/strong><strong><span style=\"font-size: 12.5pt; font-family: Arial, sans-serif;\">ula\u015fm\u0131\u015ft\u0131. Yolda kendile&shy;rine kat\u0131lanlar oldu\u011fu gibi ayr\u0131lanlar da vard\u0131. Mesela zafere ula\u015ft\u0131klar\u0131 takdirde <\/span><\/strong><strong><span style=\"font-size: 12.5pt; font-family: Arial, sans-serif;\">kimin Halife olaca\u011f\u0131<\/span><\/strong><strong><span style=\"font-size: 12.5pt; font-family: Arial, sans-serif;\"> g&uuml;ndeme geldi\u011finde; <em>i\u015fin M<\/em><\/span><\/strong><strong><em><span style=\"font-size: 12.5pt; font-family: Arial, sans-serif;\">&uuml;sl&uuml;manlar\u0131n takdirine b\u0131rak\u0131<\/span><\/em><\/strong><strong><em><span style=\"font-size: 12.5pt; font-family: Arial, sans-serif;\">laca\u011f\u0131 <\/span><\/em><\/strong><strong><span style=\"font-size: 12.5pt; font-family: Arial, sans-serif;\">s&ouml;ylenince,<\/span><\/strong><em><span style=\"font-size: 12.5pt; font-family: Arial, sans-serif;\"> <\/span><\/em><strong><span style=\"font-size: 12.5pt; font-family: Arial, sans-serif;\">Hz. Osman&#8217;\u0131n iki o\u011flu il<\/span><\/strong><strong><span style=\"font-size: 12.5pt; font-family: Arial, sans-serif;\">e Said b. el-As baz\u0131 m&uuml;ttefikleriyle birlikte ayr\u0131lm\u0131\u015flard\u0131. Basra, <\/span><\/strong><strong><span style=\"font-size: 12.5pt; font-family: Arial, sans-serif;\">Hz. Ali&#8217;nin Valis<\/span><\/strong><strong><span style=\"font-size: 12.5pt; font-family: Arial, sans-serif;\">i Osman b. Huneyf&#8217;in kontrol&uuml;nde bulunmaktayd\u0131. Muhalifler \u015fehre girerken g&ouml;sterilen mukavemet sebebiyle 100&#8217;e yak\u0131n ki\u015fi burada hayat\u0131n\u0131 kaybetmi\u015f durumdayd\u0131. &Ouml;ld&uuml;r&uuml;lenlerin &ouml;nemli bir k\u0131sm\u0131, Hz. Osman&#8217;\u0131n katline kar\u0131\u015fan Abd&uuml;lkays kabilesine mensuplard\u0131. Bunun &uuml;zerine <\/span><\/strong><strong><span style=\"font-size: 12.5pt; font-family: Arial, sans-serif;\">Hz. Ali; <\/span><\/strong><strong><span style=\"font-size: 12.5pt; font-family: Arial, sans-serif;\">buradaki ad<\/span><\/strong><strong><span style=\"font-size: 12.5pt; font-family: Arial, sans-serif;\">amlar\u0131n\u0131n &ouml;ld&uuml;r&uuml;lmesin<\/span><\/strong><strong><span style=\"font-size: 12.5pt; font-family: Arial, sans-serif;\">i, <\/span><\/strong><strong><span style=\"font-size: 12.5pt; font-family: Arial, sans-serif;\">Cemel Ashab\u0131na k\u0131l\u0131&ccedil; &ccedil;ekmesinin hu<\/span><\/strong><strong><span style=\"font-size: 12.5pt; font-family: Arial, sans-serif;\">kuk&icirc; gerek&ccedil;esi sayacakt\u0131r.<\/span><\/strong><\/p>\n<p style=\"text-align: justify; text-indent: 1cm; line-height: 16pt;\"><strong><span style=\"font-size: 12.5pt; font-family: Arial, sans-serif;\">Bunlar ya\u015fan\u0131rken H<\/span><\/strong><strong><span style=\"font-size: 12.5pt; font-family: Arial, sans-serif;\">z. Ali, Muaviye&#8217;yi itaat alt\u0131na almak i&ccedil;in \u015eam&#8217;a ger&ccedil;ekle\u015f&shy;tirece\u011fi sefer<\/span><\/strong><strong><span style=\"font-size: 12.5pt; font-family: Arial, sans-serif;\">in haz\u0131rl\u0131klar\u0131n\u0131 yapmaktayd\u0131<\/span><\/strong><strong><span style=\"font-size: 12.5pt; font-family: Arial, sans-serif;\">. M\u0131s\u0131r, K&ucirc;fe ve Basra Valilerine haber g&ouml;nderip haz\u0131rlanmalar\u0131n\u0131 buyurmu\u015flard\u0131. An&shy;cak Hz. Ai\u015fe&#8217;nin Basra&#8217;ya do\u011fru harekete ge&ccedil;ti\u011fini duyunca hedef de\u011fi\u015ftirmek zorunda kalm\u0131\u015ft\u0131. Onlar Medine&#8217;yi ge&ccedil;meden yol&shy;lar\u0131n\u0131 kesmeye &ccedil;al\u0131\u015fm\u0131\u015f, fakat ge&ccedil; kalm\u0131\u015ft\u0131. O y&uuml;zden toplayabildi\u011fi k&uuml;&ccedil;&uuml;k bir orduyla onlar\u0131 takip etmeye ba\u015flad\u0131. Bu arada M<\/span><\/strong><strong><span style=\"font-size: 12.5pt; font-family: Arial, sans-serif;\">edinelilerin sefere &ccedil;\u0131kmakta isteksi<\/span><\/strong><strong><span style=\"font-size: 12.5pt; font-family: Arial, sans-serif;\">z davrand\u0131\u011f\u0131 ve B<\/span><\/strong><strong><span style=\"font-size: 12.5pt; font-family: Arial, sans-serif;\">edir ehlinden Hz. Ali&#8217;ye <\/span><\/strong><strong><span style=\"font-size: 12.5pt; font-family: Arial, sans-serif;\">destek veren<\/span><\/strong><strong><span style=\"font-size: 12.5pt; font-family: Arial, sans-serif;\">lerin alt\u0131 ki\u015fiden fazla olmad\u0131\u011f\u0131 &uuml;zerinde de durmak laz\u0131md\u0131<\/span><\/strong><strong><span style=\"font-size: 12.5pt; font-family: Arial, sans-serif;\">. Hz. Ali Basra&#8217;ya yakla\u015ft\u0131\u011f\u0131nda, \u015fehrin muhaliflerin eline ge&ccedil;ti\u011fini &ouml;\u011frenince <\/span><\/strong><strong><span style=\"font-size: 12.5pt; font-family: Arial, sans-serif;\">K&ucirc;fe&#8217;den takviye talebinde bulunmu\u015flard\u0131<\/span><\/strong><strong><span style=\"font-size: 12.5pt; font-family: Arial, sans-serif;\">. Fa&shy;kat oradaki Valisi E<\/span><\/strong><strong><span style=\"font-size: 12.5pt; font-family: Arial, sans-serif;\">b&ucirc; Musa el-E\u015far&icirc; ka<\/span><\/strong><strong><span style=\"font-size: 12.5pt; font-family: Arial, sans-serif;\">rde\u015f kan\u0131 d&ouml;k&uuml;lmesinden yana olmad\u0131\u011f\u0131 i&ccedil;in yard\u0131m talebini kar\u015f\u0131lamam\u0131\u015ft\u0131. Bunun &uuml;zerine \u015fehre giren <\/span><\/strong><strong><span style=\"font-size: 14pt; font-family: Arial, sans-serif;\">E\u015fter b. M&acirc;lik, <\/span><\/strong><strong><span style=\"font-size: 12.5pt; font-family: Arial, sans-serif;\">onu Valilik kona\u011f\u0131ndan kovdu\u011fu gibi e\u015fyalar\u0131n\u0131 da soka\u011fa att\u0131rm\u0131\u015ft\u0131. Burada toplanan 10 bini a\u015fk\u0131n kuvvetle yola &ccedil;\u0131k\u0131l\u0131p Cemel Vakas\u0131&rsquo;n\u0131n ya\u015fand\u0131\u011f\u0131 yere var\u0131ld\u0131. Neticede Basra &ouml;nlerinde el-Hureybe denilen yerde taraflar sava\u015f d&uuml;zeni ald\u0131. M&uuml;zakereler sonu&ccedil; vermeyince, &ouml;\u011fleden sonra ba\u015flayan &ccedil;arp\u0131\u015fmalar ak\u015fama kadar s&uuml;rm&uuml;\u015f ve M&uuml;sl&uuml;manlar birbirlerini k\u0131rm\u0131\u015flard\u0131. (10 Cemadiyelahir 36 \/ 4 Aral\u0131k 656).<\/span><\/strong><\/p>\n<p style=\"text-align: justify; text-indent: 1cm; line-height: 16pt;\"><strong><span style=\"font-size: 12.5pt; font-family: Arial, sans-serif;\">Kanl\u0131 sava\u015f, Hz. Ai\u015fe&#8217;nin bindi\u011fi devenin etraf\u0131nda ya\u015fanmaktayd\u0131. Abdullah b. Talha da&shy;hil yakla\u015f\u0131k 70 ki\u015fi burada Onu korumaya &ccedil;al\u0131\u015f\u0131rken canlar\u0131ndan olmu\u015flard\u0131. Hz. Ali, sava\u015f\u0131n devenin etraf\u0131nda cereyan etti\u011fini g&ouml;r&uuml;nce; Hz. Ai&shy;\u015fe&rsquo;ye zarar verilmeden, o devenin &ouml;ld&uuml;r&uuml;lmesini buyurmu\u015flard\u0131. Devenin &ouml;ld&uuml;r&uuml;lmesiyle birlikte Hz. Ai&shy;\u015fe&#8217;nin ordusu da\u011f\u0131lm\u0131\u015f, b&ouml;ylece sava\u015f Hz. Ali&rsquo;nin zaferiyle sonu&ccedil;lanm\u0131\u015ft\u0131. Hz. Ai\u015fe, sava\u015f\u0131 devesinin &uuml;zerinden idare etti\u011fi i&ccedil;in \u0130slam tarihinde bu olay &ldquo;Vak&#8217;at&uuml;&#8217;l-Cemel&#8221; diye an\u0131lm\u0131\u015ft\u0131r. Hz. Ai\u015fe&#8217;nin i&ccedil;inde bulundu\u011fu hevdec, at\u0131lan oklarla adeta kirpiyi and\u0131r\u0131yordu. Z\u0131rh\u0131 delen birka&ccedil; okun sebep oldu\u011fu s\u0131yr\u0131klar d\u0131\u015f\u0131nda, Hz. Ai\u015fe&#8217;de ciddi bir yaralanma olmam\u0131\u015ft\u0131. Bir s&uuml;re Basra&#8217;da tutulduktan sonra karde\u015fi Muhammed b. Eb&icirc; Bekir&#8217;in nezaretinde Mekke&#8217;ye yollanm\u0131\u015ft\u0131&hellip; Bu sava\u015fta Talha ve Z&uuml;beyr gibi ileri gelen Sahabenin yan\u0131 s\u0131ra, iki taraftan maalesef 10 bine yak\u0131n ki\u015fi hayat\u0131n\u0131 kaybetmi\u015f durumdayd\u0131. Di\u011fer sava\u015flarda olmad\u0131\u011f\u0131 kadar <\/span><\/strong><strong><span style=\"font-size: 12.5pt; font-family: Arial, sans-serif;\">el ve <\/span><\/strong><strong><span style=\"font-size: 12.5pt; font-family: Arial, sans-serif;\">aya\u011f\u0131n burada kesildi\u011fi konu\u015fulmaktayd\u0131. &Ouml;yle g&ouml;r&uuml;n&uuml;&shy;yor ki ilk defa birbirlerine k\u0131l\u0131&ccedil; &ccedil;ekmi\u015f olan M&uuml;sl&uuml;manlar, kar\u015f\u0131s\u0131ndakini &ouml;ld&uuml;rerek g&uuml;nah\u0131na girmek istememi\u015f, onu etkisiz hale getirmek i&ccedil;in el ve ayaklar\u0131n\u0131 hedef alm\u0131\u015ft\u0131. Hz. Ali de <\/span><\/strong><strong><em><span style=\"font-size: 14pt; font-family: Arial, sans-serif;\">&#8220;\u0130syan etmi\u015f M&uuml;sl&uuml;man karde\u015fleri&#8221;<\/span><\/em><\/strong><span style=\"font-size: 14pt; font-family: Arial, sans-serif;\"> <\/span><strong><span style=\"font-size: 12.5pt; font-family: Arial, sans-serif;\">olarak and\u0131\u011f\u0131 muhaliflerin mallar\u0131n\u0131n ganimet olarak al\u0131namayaca\u011f\u0131n\u0131 duyurmu\u015f ve cesetlerin usul&uuml;ne uygun \u015fekilde defnedilmesi konusunda uyarm\u0131\u015ft\u0131.<\/span><\/strong><\/p>\n<p style=\"text-align: justify; text-indent: 1cm; line-height: 16pt;\"><strong><span style=\"font-size: 14pt; font-family: Arial, sans-serif;\">Cemel olay\u0131, Hz. Ali ile muhalifleri aras\u0131ndaki diyalo\u011fu koparm\u0131\u015ft\u0131!<\/span><\/strong><\/p>\n<p style=\"text-align: justify; text-indent: 1cm; line-height: 16pt;\"><strong><span style=\"font-size: 12.5pt; font-family: Arial, sans-serif;\">Burada Hz. Ali i&ccedil;in problem &ccedil;&ouml;z&uuml;lm&uuml;\u015f gibi g&ouml;r&uuml;nse de esas\u0131nda ya\u015fananlar daha b&uuml;y&uuml;k sorunlara yol a&ccedil;m\u0131\u015ft\u0131r. Zira Cemel Vakas\u0131; muhalif hareketlerin k\u0131l\u0131&ccedil;la bast\u0131r\u0131lmas\u0131 noktas\u0131nda sonras\u0131 i&ccedil;in emsal te\u015fkil ederken, M&uuml;sl&uuml;manlar aras\u0131 problemlerin diyalogla &ccedil;&ouml;z&uuml;lmesinin &ouml;n&uuml; b&uuml;y&uuml;k &ouml;l&ccedil;&uuml;de kapanm\u0131\u015ft\u0131r. Nitekim bu olaydan hemen sonra, <\/span><\/strong><strong><span style=\"font-size: 14pt; font-family: Arial, sans-serif;\">birer sene arayla ya\u015fanan S\u0131ffin ve Nehrevan Sava\u015flar\u0131 <\/span><\/strong><strong><span style=\"font-size: 12.5pt; font-family: Arial, sans-serif;\">\u015fiddet sarmal\u0131n\u0131 daha da alevlendirdi\u011fi gibi, \u0130slam toplumundaki ayr\u0131l\u0131\u011f\u0131 derinle\u015ftirmi\u015f ve ba\u015fka karde\u015f kavgalar\u0131n\u0131n yolunu a&ccedil;m\u0131\u015ft\u0131.<\/span><\/strong><\/p>\n<p style=\"text-align: justify; text-indent: 1cm; line-height: 16pt;\"><strong><span style=\"font-size: 12.5pt; font-family: Arial, sans-serif;\">Di\u011fer taraftan, sava\u015fa i\u015ftirak edenlerin dini ve d&uuml;nyevi durumlar\u0131 tarih boyun&shy;ca tart\u0131\u015fma konusu yap\u0131lm\u0131\u015ft\u0131r. \u015eia ve Haric&icirc;lerin tamam\u0131na g&ouml;re burada Hz. Ali hakl\u0131, Ona kar\u015f\u0131 sava\u015fan Hz. Ai\u015fe, Talha ve Z&uuml;beyr ise asi konumundad\u0131r. Bu mezheplerin a\u015f\u0131r\u0131 u&ccedil;lar\u0131nda gezinen m&uuml;ntesipleri ise daha ileri giderek, ba\u015fta Hz. Ai\u015fe olmak &uuml;zere muhaliflerin hepsini tekfire kalk\u0131\u015fm\u0131\u015f ve &ccedil;irkin iftiralarla onlar\u0131 itham etmekten sak\u0131nmam\u0131\u015flard\u0131r. Mutezil&icirc; uleman\u0131n baz\u0131lar\u0131, bu hadisede Hz. Ali&rsquo;yi hakl\u0131, muhaliflerini haks\u0131z ve hatal\u0131 g&ouml;r&uuml;rken; bir k\u0131sm\u0131 kimin hakl\u0131, kimin haks\u0131z oldu\u011funun bilinemeyece\u011fini ancak haks\u0131z olan\u0131n mutlaka f&acirc;s\u0131k oldu\u011fu kanaatini payla\u015fm\u0131\u015flard\u0131r. Konuya daha mutedil yakla\u015fan Ehl-i S&uuml;nnet imamlar\u0131 ise genel itibariyle Hz. Ali&#8217;yi hakl\u0131 g&ouml;rm&uuml;\u015f olmakla birlikte, kar\u015f\u0131 taraf\u0131n da baz\u0131 hakl\u0131 gerek&ccedil;elere sahip olduklar\u0131n\u0131, me\u015fru Halifeye isyan etmi\u015f olmakla birlikte onlar\u0131n k&acirc;fir veya f&acirc;s\u0131k say\u0131lamayaca\u011f\u0131n\u0131 beyan buyurmu\u015flard\u0131r. Ehl-i S&uuml;nnet, Ashab-\u0131 Kiram&rsquo;a hakarete kar\u015f\u0131d\u0131r ve meselenin tart\u0131\u015fma konusu yap\u0131lmamas\u0131ndan yanad\u0131r. Do\u011frusu bu yakla\u015f\u0131m\u0131n takdirle kar\u015f\u0131&shy;lanmas\u0131 laz\u0131md\u0131r. Ger&ccedil;ekten de bu t&uuml;r tart\u0131\u015fmal\u0131 meselelerin ulu orta konu\u015fulmas\u0131n\u0131n, toplumdaki gerginlik&shy;leri art\u0131rmaktan ve kutupla\u015fmay\u0131 koyula\u015ft\u0131rmaktan ba\u015fka bir faydas\u0131 olmad\u0131\u011f\u0131 a&ccedil;\u0131kt\u0131r. Bununla birlikte meselenin ilmi ortamlarda ele al\u0131nmas\u0131, usul&uuml;ne uygun \u015fekilde enine boyuna tart\u0131\u015f\u0131lmas\u0131 ve gereken derslerin &ccedil;\u0131kar\u0131lmas\u0131 da bir ihtiya&ccedil;t\u0131r.<\/span><\/strong><\/p>\n<p style=\"text-align: justify; text-indent: 1cm; line-height: 16pt;\"><strong><span style=\"font-size: 14pt; font-family: Arial, sans-serif;\">Bu arada Hz. Osman;<\/span><\/strong><span style=\"font-size: 14pt; font-family: Arial, sans-serif;\"> <\/span><span style=\"font-size: 12.5pt; font-family: Arial, sans-serif;\">d&ouml;n<\/span><span style=\"font-size: 12.5pt; font-family: Arial, sans-serif;\">emin en g&uuml;&ccedil;l&uuml; kabi&shy;<\/span><span style=\"font-size: 12.5pt; font-family: Arial, sans-serif;\">lelerinden birinin reisi oldu\u011fu gibi en g&uuml;&ccedil;l&uuml; devletleri<\/span><span style=\"font-size: 12.5pt; font-family: Arial, sans-serif;\">nden birinin lideri<\/span><span style=\"font-size: 12.5pt; font-family: Arial, sans-serif;\">ydi. Dolay\u0131s\u0131yla hem ma<\/span><span style=\"font-size: 12.5pt; font-family: Arial, sans-serif;\">ktul&uuml;n ailesi olarak <\/span><span style=\"font-size: 12.5pt; font-family: Arial, sans-serif;\">Emev&icirc;lerin, hem de m&uuml;&rsquo;minlerin Annesi olarak Hz. Ai\u015fe&#8217;nin ve sorumluluk m<\/span><span style=\"font-size: 12.5pt; font-family: Arial, sans-serif;\">akam\u0131ndaki<\/span><span style=\"font-size: 12.5pt; font-family: Arial, sans-serif;\"> di\u011fer \u015fah\u0131slar\u0131n burada inisiyatif almak istemesi de tabii g&ouml;r&uuml;lmelidir. Her ne kadar <\/span><span style=\"font-size: 12.5pt; font-family: Arial, sans-serif;\">Hz. Ali, kat<\/span><span style=\"font-size: 12.5pt; font-family: Arial, sans-serif;\">illeri cezaland\u0131rmak i&ccedil;in acele edilmemesini ve kendisine zaman kazand\u0131r\u0131lmas\u0131 gerekti\u011fini ifade etmi\u015fse de ya\u015fanan s<\/span><span style=\"font-size: 12.5pt; font-family: Arial, sans-serif;\">&uuml;re&ccedil;te tak\u0131nd\u0131\u011f\u0131 tav\u0131rda eksiklik ve gev\u015feklik oldu\u011funu s&ouml;yleyenlere de h&uuml;sn&uuml; zanla yakla\u015fmak gerekir<\/span><span style=\"font-size: 12.5pt; font-family: Arial, sans-serif;\">. <strong><em>Muaviye&#8217;ye kar\u015f\u0131 ordu haz\u0131rlamak yerine, neden katillerin tespiti noktas\u0131nda en ufak bir giri\u015fimde bulunmad\u0131\u011f\u0131 ya da <\/em><\/strong><\/span><strong><em><span style=\"font-size: 12.5pt; font-family: Arial, sans-serif;\">Cemel Ashab\u0131n\u0131 k\u0131&shy;<\/span><\/em><\/strong><strong><em><span style=\"font-size: 12.5pt; font-family: Arial, sans-serif;\">l\u0131<\/span><\/em><\/strong><strong><em><span style=\"font-size: 12.5pt; font-family: Arial, sans-serif;\">&ccedil;la itaat alt\u0131na alma<\/span><\/em><\/strong><strong><em><span style=\"font-size: 12.5pt; font-family: Arial, sans-serif;\">k i&ccedil;i<\/span><\/em><\/strong><strong><em><span style=\"font-size: 12.5pt; font-family: Arial, sans-serif;\">n sarf edilen g&uuml;c&uuml;<\/span><\/em><\/strong><strong><em><span style=\"font-size: 12.5pt; font-family: Arial, sans-serif;\">n, neden <\/span><\/em><\/strong><strong><em><span style=\"font-size: 12.5pt; font-family: Arial, sans-serif;\">Hz. Osman&#8217;\u0131n ka<\/span><\/em><\/strong><strong><em><span style=\"font-size: 12.5pt; font-family: Arial, sans-serif;\">tillerine kar\u015f\u0131 <\/span><\/em><\/strong><strong><em><span style=\"font-size: 12.5pt; font-family: Arial, sans-serif;\">kullan\u0131lmad\u0131\u011f<\/span><\/em><\/strong><strong><em><span style=\"font-size: 12.5pt; font-family: Arial, sans-serif;\">\u0131?<\/span><\/em><\/strong><span style=\"font-size: 12.5pt; font-family: Arial, sans-serif;\"> sorular\u0131nda hakl\u0131l\u0131k pay\u0131 g&ouml;r&uuml;lse de me\u015fru bir Halifeye (Hz. Ali&rsquo;ye) kar\u015f\u0131 isyan\u0131 mazur g&ouml;stermeyecektir. D<\/span><span style=\"font-size: 12.5pt; font-family: Arial, sans-serif;\">aha &ouml;tesi Hz. Ali&rsquo;nin, isyanc\u0131lar\u0131 etkisizle\u015ftirmek ve eleba\u015flar\u0131n\u0131 kendi saf\u0131na &ccedil;ekmek kanaati ve i&ccedil;tihad\u0131yla; be\u015f y\u0131ll\u0131k iktid<\/span><span style=\"font-size: 12.5pt; font-family: Arial, sans-serif;\">ar\u0131 s&uuml;resince <\/span><span style=\"font-size: 12.5pt; font-family: Arial, sans-serif;\">isyanc\u0131lar\u0131n <\/span><span style=\"font-size: 12.5pt; font-family: Arial, sans-serif;\">liderler<\/span><span style=\"font-size: 12.5pt; font-family: Arial, sans-serif;\">i aras\u0131nda say\u0131lan <\/span><strong><span style=\"font-size: 14pt; font-family: Arial, sans-serif;\">E\u015fter b. M&acirc;lik<\/span><\/strong><strong><span style=\"font-size: 14pt; font-family: Arial, sans-serif;\"> ve Muhammed b. Eb&icirc; Bekir <\/span><\/strong><span style=\"font-size: 12.5pt; font-family: Arial, sans-serif;\">gibilerine<\/span><span style=\"font-size: 11pt; font-family: Arial, sans-serif;\"> <\/span><span style=\"font-size: 12.5pt; font-family: Arial, sans-serif;\">bu d&ouml;nemde yap\u0131lan sava\u015flarda, Hz. Ali&#8217;nin ordusun&shy;da <\/span><span style=\"font-size: 12.5pt; font-family: Arial, sans-serif;\">&uuml;st d&uuml;ze<\/span><span style=\"font-size: 12.5pt; font-family: Arial, sans-serif;\">y ko<\/span><span style=\"font-size: 12.5pt; font-family: Arial, sans-serif;\">muta kad<\/span><span style=\"font-size: 12.5pt; font-family: Arial, sans-serif;\">emelerinde yer vermesi ve s<\/span><span style=\"font-size: 12.5pt; font-family: Arial, sans-serif;\">onunda M\u0131s\u0131r Valili\u011f<\/span><span style=\"font-size: 12.5pt; font-family: Arial, sans-serif;\">ine getirmesi de olduk&ccedil;a aleyhine istismar edilmi\u015ftir. Bunlar\u0131n her ikisini de bu s&uuml;re&ccedil;te Muaviye&rsquo;nin cezaland\u0131rd\u0131\u011f\u0131 bilinmektedir. E\u015fter, M\u0131s\u0131r&#8217;daki g&ouml;revine giderken yolda zehirli bal ikram edilerek &ouml;ld&uuml;r&uuml;lm&uuml;\u015f; Muhammed b. Eb&icirc; Bekir ise M\u0131s\u0131r Valili\u011fini icra ederken Muaviye&#8217;nin g&ouml;nderdi\u011fi ordular kar\u015f\u0131s\u0131nda yenilmi\u015f, ancak sava\u015f meydan\u0131ndan ka&ccedil;arken s\u0131k\u0131 bir takibin ard\u0131ndan yakalanm\u0131\u015f ve Hz. Osman&#8217;\u0131n &ouml;ld&uuml;r&uuml;lmesindeki rol&uuml; nedeniyle ona duyulan kin ve nefret duygular\u0131yla feci \u015fekilde katledilmi\u015ftir.&rdquo; <strong>\u015feklinde baz\u0131 d&uuml;zeltme ve eklemeler de yapt\u0131\u011f\u0131m\u0131z yorumlar &ouml;nemlidir.<\/strong><\/span><\/p>\n<p class=\"Gvdemetni100\" style=\"margin-top: 0cm; text-align: justify; text-indent: 1cm; line-height: 16pt;\"><span class=\"Gvdemetni10talik\"><strong><span style=\"font-size: 14pt; font-family: Arial, sans-serif;\">S\u0131ff&icirc;n Sava\u015f\u0131: Uhuvvetin Yaralanmas\u0131 ve Fitnenin Yayg\u0131nla\u015fmas\u0131!..<\/span><\/strong><\/span><span class=\"Gvdemetni10talik\"><\/span><\/p>\n<p style=\"text-align: justify; text-indent: 1cm; line-height: 16pt;\"><strong><span style=\"font-size: 12.5pt; font-family: Arial, sans-serif;\">Hz. Ali (R.A) ile Hilafetini kabul etmeyen Muaviye aras\u0131nda ya\u015fanan sava\u015f; tesiri bug&uuml;n bile devam eden ayr\u0131l\u0131klar\u0131n k&ouml;kle\u015fti\u011fi en dramatik hadiselerden birisi say\u0131lmaktad\u0131r. Bu sava\u015f\u0131 tetikleyen sosyal, siyasi, psikolojik unsurlar ve \u0130slam birli\u011finin yara ald\u0131\u011f\u0131 anlar bir t&uuml;rl&uuml; unutulmam\u0131\u015ft\u0131r.<\/span><\/strong><\/p>\n<p style=\"text-align: justify; text-indent: 1cm; line-height: 16pt;\"><span style=\"font-size: 12.5pt; font-family: Arial, sans-serif;\">&ldquo;R&acirc;\u015fid Halifeler d&ouml;neminde \u0130slam d&uuml;nyas\u0131n\u0131n sahip oldu\u011fu topraklar ve gani&shy;metler, Araplar\u0131n havsalas\u0131n\u0131n alamayaca\u011f\u0131 bi&ccedil;imde h\u0131zla artm\u0131\u015ft\u0131. Hilafet y\u0131llar\u0131 Hz. Ebubekir (R.A) ve Hz. &Ouml;mer&#8217;e (R.A) g&ouml;re daha uzun s&uuml;ren Hz. <\/span><span style=\"font-size: 12.5pt; font-family: Arial, sans-serif;\">Osma<\/span><span style=\"font-size: 12.5pt; font-family: Arial, sans-serif;\">n <\/span><span style=\"font-size: 12.5pt; font-family: Arial, sans-serif;\">(R.A) <\/span><span style=\"font-size: 12.5pt; font-family: Arial, sans-serif;\">ve ard\u0131ndan Hz. Ali (R.A) d&ouml;nemleri, ganimetin tad\u0131n\u0131 <\/span><span style=\"font-size: 12.5pt; font-family: Arial, sans-serif;\">alan y&ouml;ne<\/span><span style=\"font-size: 12.5pt; font-family: Arial, sans-serif;\">tim <\/span><span style=\"font-size: 12.5pt; font-family: Arial, sans-serif;\">ve ka<\/span><span style=\"font-size: 12.5pt; font-family: Arial, sans-serif;\">bilelerin &ccedil;\u0131kar &ccedil;at\u0131\u015fmalar\u0131na ve fikir ayr\u0131l\u0131klar\u0131na sahn<\/span><span style=\"font-size: 12.5pt; font-family: Arial, sans-serif;\">e olacakt\u0131.<\/span><span style=\"font-size: 12.5pt; font-family: Arial, sans-serif;\"> Dolay\u0131s\u0131yla otoriteyi hi&ccedil;e sayan Valiler ve kabilelerin itaatsizliklerine maruz kalma talihsizli\u011fine u\u011frayan bu iki Halife, g&ouml;revlerinin bir k\u0131sm\u0131n\u0131 i&ccedil; &ccedil;at\u0131\u015fmalarla, sivil ve kitlesel itaatsizliklerle m&uuml;cadele ederek ge&ccedil;irmek zorunda kalm\u0131\u015flar ve nihayetinde bu nedenle hayatlar\u0131n\u0131 kaybedip \u015fehadete ula\u015fm\u0131\u015flard\u0131. &Ouml;ncesi ve sonras\u0131ndaki bir&ccedil;ok siyasi hadise ihtilaflara neden olsa da \u0130slam d&uuml;nyas\u0131n\u0131 etkileyen, sebepleri ve sonu&ccedil;lar\u0131 bak\u0131m\u0131ndan belki de en kritik h&acirc;dise S\u0131ffin Sava\u015f\u0131&#8217;d\u0131r. Siyasi ve sosyal etkilerinin yan\u0131 s\u0131ra, gelecekte yarataca\u011f\u0131 derin kel&acirc;m ayr\u0131l\u0131klar\u0131yla da &ccedil;e\u015fitli mezheplerin olu\u015fumuna sebep olan m&uuml;&shy;cadelelerin ba\u015f\u0131nda say\u0131l\u0131r. Bu y&ouml;n&uuml;yle g&uuml;n&uuml;m&uuml;zde bile etkilerinin s&uuml;rd&uuml;\u011f&uuml; a&ccedil;\u0131kt\u0131r; \u0130slam d&uuml;nyas\u0131n\u0131n bug&uuml;nk&uuml; siyasi ve fikri &ccedil;ehresini almas\u0131ndaki etkileri yads\u0131namaz boyutlardad\u0131r.&rdquo;[2]&nbsp;<strong>diyen de\u011ferli Emine Pek&ouml;z&rsquo;&uuml;n &ouml;nemli tespitlerini, olumlu tenkit mahiyetindeki baz\u0131 izah edici ilaveler ve d&uuml;zeltmelerle aktarmak yararl\u0131 olacakt\u0131r.<\/strong><\/span><\/p>\n<p style=\"text-align: justify; text-indent: 1cm; line-height: 16pt;\"><strong><span style=\"font-size: 12.5pt; font-family: Arial, sans-serif;\">S\u0131ffin Sava\u015f\u0131&rsquo;n\u0131n temel nedeni; \u015eam Valisi Muav<\/span><\/strong><strong><span style=\"font-size: 12.5pt; font-family: Arial, sans-serif;\">iye&#8217;nin, Hz. Ali&#8217;ye biat etmemesi<\/span><\/strong><strong><span style=\"font-size: 12.5pt; font-family: Arial, sans-serif;\"> ve emirlerine kar\u015f\u0131 gelerek \u015eam eyaletinin y&ouml;netimini devretmeye yana\u015fmamas\u0131d\u0131r. Bundan sonra geli\u015fen olaylar, taraflar\u0131n ad\u0131m ad\u0131m sava\u015fa yakla\u015fmas\u0131na neden olmu\u015flard\u0131r. Asl\u0131nda d&ouml;rt Halife d&ouml;neminde vuku bulan ihtilaflar\u0131n temel nedenlerinden birisi de; \u0130sl<\/span><\/strong><strong><span style=\"font-size: 12.5pt; font-family: Arial, sans-serif;\">am&rsquo;\u0131n ilk <\/span><\/strong><strong><span style=\"font-size: 12.5pt; font-family: Arial, sans-serif;\">y\u0131llar\u0131nda (ve Mekke Fethi s\u0131ras\u0131nda) M&uuml;sl&uuml;ma<\/span><\/strong><strong><span style=\"font-size: 12.5pt; font-family: Arial, sans-serif;\">nlar v<\/span><\/strong><strong><span style=\"font-size: 12.5pt; font-family: Arial, sans-serif;\">e m&uuml;\u015fri<\/span><\/strong><strong><span style=\"font-size: 12.5pt; font-family: Arial, sans-serif;\">kler aras\u0131ndaki d&uuml;\u015fmanl\u0131klardan <\/span><\/strong><strong><span style=\"font-size: 12.5pt; font-family: Arial, sans-serif;\">a<\/span><\/strong><strong><span style=\"font-size: 12.5pt; font-family: Arial, sans-serif;\">rta kalan k<\/span><\/strong><strong><span style=\"font-size: 12.5pt; font-family: Arial, sans-serif;\">in ve nefretin (baz\u0131 zay\u0131f inan&ccedil;l\u0131 ve intikam h\u0131rs\u0131n\u0131n) kalple<\/span><\/strong><strong><span style=\"font-size: 12.5pt; font-family: Arial, sans-serif;\">rden h&acirc;l&acirc; at\u0131lama<\/span><\/strong><strong><span style=\"font-size: 12.5pt; font-family: Arial, sans-serif;\">mas\u0131d\u0131r. Mekke&#8217;<\/span><\/strong><strong><span style=\"font-size: 12.5pt; font-family: Arial, sans-serif;\">nin feth<\/span><\/strong><strong><span style=\"font-size: 12.5pt; font-family: Arial, sans-serif;\">i s\u0131ras\u0131nda M&uuml;sl&uuml;man olan baz\u0131 kimseler (tuleka), Bedir ve Uhud&#8217;da &ouml;ld&uuml;r&uuml;len m&uuml;\u015frik yak\u0131nlar\u0131n\u0131n ac\u0131lar\u0131n\u0131 i&ccedil; d&uuml;nyalar\u0131nda hale<\/span><\/strong><strong><span style=\"font-size: 12.5pt; font-family: Arial, sans-serif;\">n taze tutmaktayd\u0131.<\/span><\/strong><strong><span style=\"font-size: 12.5pt; font-family: Arial, sans-serif;\"> Hz. Ali&#8217;nin taraftarlar\u0131ndan Abdullah b. B&uuml;deyl&#8217;in Irakl\u0131lara yapt\u0131\u011f\u0131 konu\u015fma bu duruma \u0131\u015f\u0131k tutmaktad\u0131r: <em>&#8220;Muaviye, Bedi<\/em><\/span><\/strong><strong><em><span style=\"font-size: 12.5pt; font-family: Arial, sans-serif;\">r&#8217;de karde\u015fi Hanzala,<\/span><\/em><\/strong><strong><em><span style=\"font-size: 12.5pt; font-family: Arial, sans-serif;\"> day\u0131s\u0131 Vel&icirc;d ve dedesi Utbe&#8217;yi &ouml;ld&uuml;ren Ali&#8217;ye hi&ccedil; biat eder mi? Vallahi biat edeceklerini sanm\u0131yorum. Onlar\u0131n &uuml;zerinde m\u0131zraklar k\u0131r\u0131lmad\u0131k&ccedil;a, tepelerinde k\u0131l\u0131&ccedil;lar yar\u0131lmad\u0131k&ccedil;a, ka\u015flar\u0131 demir &ccedil;ubuk&shy;larla da\u011f\u0131t\u0131lmad\u0131k&ccedil;a ve iki grup aras\u0131nda b&uuml;y&uuml;k hadiseler patlak vermedik&ccedil;e size t&acirc;bi olmalar\u0131 m&uuml;mk&uuml;n de\u011fildir.&#8221;<\/span><\/em><\/strong><\/p>\n<p style=\"text-align: justify; text-indent: 1cm; line-height: 16pt;\"><strong><span style=\"font-size: 12.5pt; font-family: Arial, sans-serif;\">Bununla birlikte iki taraf da sava\u015f hutbelerinde Hak&rsquo;tan yana olduklar\u0131n\u0131 iddia ederek yola &ccedil;\u0131km\u0131\u015flard\u0131. Hz. Ali <\/span><\/strong><strong><em><span style=\"font-size: 14pt; font-family: Arial, sans-serif;\">bu sava\u015fa i\u015ftirak edenleri<\/span><\/em><\/strong><strong><em><span style=\"font-size: 14pt; font-family: Arial, sans-serif;\">n, Allah yolunda<\/span><\/em><\/strong><strong><em><span style=\"font-size: 14pt; font-family: Arial, sans-serif;\"> cihat eden kimseler oldu\u011funu s&ouml;yl&uuml;yor ve Ona itaat ederek sava\u015fanlar\u0131 \u015fehadetle m&uuml;jdeliyordu.<\/span><\/em><\/strong><span style=\"font-size: 14pt; font-family: Arial, sans-serif;\"> <\/span><strong><span style=\"font-size: 12.5pt; font-family: Arial, sans-serif;\">Muavi<\/span><\/strong><strong><span style=\"font-size: 12.5pt; font-family: Arial, sans-serif;\">ye ise \u015e<\/span><\/strong><strong><span style=\"font-size: 12.5pt; font-family: Arial, sans-serif;\">am&#8217;da, Hz. Osman&#8217;\u0131n kanl\u0131 g&ouml;mle\u011finin as\u0131l\u0131 ol&shy;du\u011fu cami minberine &ccedil;\u0131k\u0131p k<\/span><\/strong><strong><span style=\"font-size: 12.5pt; font-family: Arial, sans-serif;\">endisini<\/span><\/strong><strong><span style=\"font-size: 12.5pt; font-family: Arial, sans-serif;\"> Halife Osma<\/span><\/strong><strong><span style=\"font-size: 12.5pt; font-family: Arial, sans-serif;\">n&#8217;\u0131n velisi<\/span><\/strong><strong><span style=\"font-size: 12.5pt; font-family: Arial, sans-serif;\"> ilan ederek, <\/span><\/strong><strong><em><span style=\"font-size: 14pt; font-family: Arial, sans-serif;\">Onun kan\u0131n\u0131n davac\u0131s\u0131 olmakta herkesten daha fazla hak sahibi oldu\u011funu ileri s&uuml;r&uuml;p halk\u0131 galeyana getiriyordu. <\/span><\/em><\/strong><strong><span style=\"font-size: 14pt; font-family: Arial, sans-serif;\">Hz.<em> <\/em><\/span><\/strong><strong><span style=\"font-size: 12.5pt; font-family: Arial, sans-serif;\">Muaviye&#8217;nin baz\u0131 konu\u015fmalar\u0131ndan, \u015eam halk\u0131n\u0131n ilk etapta Hz. Ali&#8217;nin, Hz. Osman cinayetinin azmettiricisi oldu\u011funa inanmad\u0131klar\u0131n\u0131, ancak \u015eam y&ouml;netimi taraf\u0131ndan y&uuml;r&uuml;t&uuml;&shy;len kurnaz bir propagandayla bu y&ouml;nde bir kamuoyu olu\u015fturulmas\u0131n\u0131n ba\u015far\u0131ld\u0131\u011f\u0131n\u0131 anlamak kolayd\u0131r. Ayr\u0131ca Hz. Muaviye; Hz. Ali&#8217;yi, <em>Hz.<\/em> <\/span><\/strong><strong><em><span style=\"font-size: 14pt; font-family: Arial, sans-serif;\">Osman&#8217;\u0131n katille&shy;rini muhafaza etmekle su&ccedil;luyor; <\/span><\/em><\/strong><strong><span style=\"font-size: 12.5pt; font-family: Arial, sans-serif;\">bu nedenle onun bu durumda hilafette hakk\u0131 olamaya&shy;ca\u011f\u0131n\u0131 savunuyordu. Nitekim Muaviye<em>, Hz. Ali&#8217;yle m&uuml;cadele amac\u0131yla taraftar toplarken, \u015eam halk\u0131ndan destek almak i&ccedil;in bu arg&uuml;&shy;man\u0131 kullanm\u0131\u015f ve Hz. Ali&#8217;yi Hz. Osman&#8217;a kar\u015f\u0131 insanlar\u0131 k\u0131\u015fk\u0131rtmakla ve nihayet Hz. Osman&#8217;\u0131n &ouml;ld&uuml;r&uuml;lmesini emredip katillerini de korumakla su&ccedil;luyor <\/em>ve tabi haks\u0131zl\u0131k ediyordu. Bu \u015fekilde, Hz. Ali&#8217;nin Hilafetinin haks\u0131zl\u0131\u011f\u0131n\u0131 ispatla&shy;mak istiyordu. Di\u011fer yandan, yakla\u015f\u0131k 20 y\u0131l&shy;d\u0131r \u015eam&#8217;\u0131 y&ouml;neten Muaviye&#8217;ye ba\u011fl\u0131l\u0131klar\u0131, \u015eam ehlinin onun yan\u0131nda yer almas\u0131n\u0131 sa\u011fl\u0131yordu. Hz. Muaviye <\/span><\/strong><strong><span style=\"font-size: 12.5pt; font-family: Arial, sans-serif;\">bu y\u0131ll<\/span><\/strong><strong><span style=\"font-size: 12.5pt; font-family: Arial, sans-serif;\">ar i&ccedil;e<\/span><\/strong><strong><span style=\"font-size: 12.5pt; font-family: Arial, sans-serif;\">risinde \u015eam <\/span><\/strong><strong><span style=\"font-size: 12.5pt; font-family: Arial, sans-serif;\">h<\/span><\/strong><strong><span style=\"font-size: 12.5pt; font-family: Arial, sans-serif;\">alk\u0131n\u0131<\/span><\/strong><strong><span style=\"font-size: 12.5pt; font-family: Arial, sans-serif;\"> me<\/span><\/strong><strong><span style=\"font-size: 12.5pt; font-family: Arial, sans-serif;\">mnun etmi\u015f, onlarla iyi ili\u015fk<\/span><\/strong><strong><span style=\"font-size: 12.5pt; font-family: Arial, sans-serif;\">iler i&ccedil;erisinde olmu\u015ftu.<\/span><\/strong><\/p>\n<p style=\"text-align: justify; text-indent: 1cm; line-height: 16pt;\"><span style=\"font-size: 12.5pt; font-family: Arial, sans-serif;\">Taraflar sava\u015f &ouml;ncesinde uzun m&uuml;ddet mektupla\u015fm\u0131\u015f ve el&ccedil;iler yoluyla mutabakata var&shy;maya &ccedil;al\u0131\u015fm\u0131\u015flard\u0131r. Hz. Ali&#8217;nin Muaviye&#8217;ye yazd\u0131\u011f\u0131 mektuplardan biri, Muaviye&#8217;nin bu \u0131srarl\u0131 ithamlar\u0131na verilen sert cevaplarla doludur ve art\u0131k Hz. Ali&#8217;nin Muaviye&#8217;ye tan\u0131d\u0131\u011f\u0131 zaman\u0131n ve sabr\u0131n s\u0131n\u0131rlar\u0131n\u0131 zorlad\u0131\u011f\u0131n\u0131 hat\u0131rlatmaktad\u0131r:<\/span><\/p>\n<p style=\"text-align: justify; text-indent: 1cm; line-height: 16pt;\"><strong><em><span style=\"font-size: 12.5pt; font-family: Arial, sans-serif;\">&#8220;Yemin ederim ki e\u011fer k&ouml;t&uuml;l&uuml;\u011f&uuml;nden ve muhalefetinden vazge&ccedil;mezsen, onlar (Hz. Osman&#8217;\u0131n katilleri oldu\u011funu iddia etti\u011fin kimseler) karada, denizde, da\u011fda veya ovada olsun seninle kar\u015f\u0131la\u015fmak i&ccedil;in f\u0131rsat kollamaktad\u0131r.&#8221;<\/span><\/em><\/strong><span style=\"font-size: 12.5pt; font-family: Arial, sans-serif;\"> Bu mektupla\u015fmalar a&ccedil;\u0131k&ccedil;a restle\u015fme ve meydan okuma i&ccedil;eriyordu. Nitekim Muaviye de cevap mektuplar\u0131nda su&ccedil;lamalar\u0131ndan ve iddialar\u0131ndan vazge&ccedil;miyor, giderek artan taraftarlar\u0131ndan ald\u0131\u011f\u0131 g&uuml;&ccedil; ve &ouml;zg&uuml;venle adeta sava\u015f i&ccedil;in meydan okuyor ve: <strong><em>&#8220;Benimle Kays aras\u0131nda art\u0131k serzeni\u015f ve ele\u015ftirilere gerek kalmad\u0131. Bundan sonra ancak d&uuml;\u015fman\u0131n b&ouml;breklerine ve boyunlar\u0131na k\u0131l\u0131&ccedil;la vurmak vard\u0131r.&#8221;<\/em><\/strong> diyordu. Nihayet iki taraf da yak\u0131nlar\u0131yla sava\u015f isti\u015farelerine ba\u015fl\u0131yordu. Hz. Ali \u015eam &uuml;zerine y&uuml;r&uuml;meden &ouml;nce Muhacir ve Ensar&#8217;dan ileri gelenlerle fikir al\u0131\u015fveri\u015finde bulundu. Onlardan H&acirc;\u015fim b. Utbe&#8217;nin s&ouml;zleri Muaviye&#8217;nin siyasetini &ouml;zetler bir nitelik ta\u015f\u0131yordu:<\/span><\/p>\n<p style=\"text-align: justify; text-indent: 1cm; line-height: 16pt;\"><strong><em><span style=\"font-size: 12.5pt; font-family: Arial, sans-serif;\">&#8216;Onlar\u0131n Osman b. Aff&acirc;n&#8217;\u0131n kan\u0131n\u0131 dava konusu yapmalar\u0131, sadece cahilleri kand\u0131rmak i&ccedil;indir. Onlar yalan s&ouml;ylemektedir ve Osman&#8217;\u0131n kan\u0131 i&ccedil;in intikam almay\u0131 d&uuml;\u015f&uuml;n&uuml;yor de\u011fillerdir. Talep ettikleri \u015fey d&uuml;nyad\u0131r ve y&ouml;netimi ele ge&ccedil;irmektir. Ya Ali, haydi bizi onlar\u0131n &uuml;zerine g&ouml;t&uuml;r ve i\u015flerini bitir!<\/span><\/em><\/strong><\/p>\n<p style=\"text-align: justify; text-indent: 1cm; line-height: 16pt;\"><strong><span style=\"font-size: 14pt; font-family: Arial, sans-serif;\">Haric&icirc;li\u011fin Ortaya &Ccedil;\u0131k\u0131\u015f\u0131<\/span><\/strong><\/p>\n<p style=\"text-align: justify; text-indent: 1cm; line-height: 16pt;\"><span style=\"font-size: 12.5pt; font-family: Arial, sans-serif;\">Nihayet b&uuml;t&uuml;n bu mektupla\u015fmalar, taraflar\u0131n yanda\u015flar\u0131yla isti\u015fareleri ve taraftar toplama &ccedil;abalar\u0131 sava\u015f\u0131n mayas\u0131n\u0131 haz\u0131rlad\u0131. Hz. Ali, Irak halk\u0131n\u0131n yan\u0131 s\u0131ra Ensar ve Muhacir&#8217;den olu\u015fan tebaas\u0131yla, Muaviye ise \u015eam halk\u0131yla sava\u015f i&ccedil;in haz\u0131rl\u0131klara ba\u015flad\u0131. \u0130ki tarafta da bu sava\u015fa kat\u0131l\u0131p kat\u0131lmamakta teredd&uuml;t g&ouml;sterenlerin az\u0131msanmayacak say\u0131da olduklar\u0131 da unutulmamal\u0131d\u0131r. &Ouml;zellikle insanlar\u0131n, hen&uuml;z sonu&ccedil;lanm\u0131\u015f olan Cemel Sava\u015f\u0131&#8217;na benzer \u015fekilde, M&uuml;sl&uuml;manlar\u0131n iktidar u\u011fruna birbirlerini katletmelerinin cev&acirc;z\u0131 hususunda ku\u015fkular\u0131n\u0131n ve sorular\u0131n\u0131n oldu\u011fu anla\u015f\u0131lmaktad\u0131r. Bu nedenle Ashabdan kimileri evlerine &ccedil;ekilmeyi tercih ettiklerini bildirerek taraf tutmam\u0131\u015f; kimileri &uuml;mmet i&ccedil;erisindeki ihtilaflar\u0131n hay\u0131rla sonu&ccedil;lanmayaca\u011f\u0131n\u0131 a&ccedil;\u0131klad\u0131klar\u0131 i&ccedil;in tepki ve d\u0131\u015flanmaya maruz kalm\u0131\u015flard\u0131r. Bir k\u0131sm\u0131n\u0131n ise Ashab\u0131n &ouml;nde gelenlerinin bu m&uuml;cadelenin taraf\u0131 olduklar\u0131n\u0131 g&ouml;r&uuml;p, onlar\u0131 &ouml;rnek alarak sava\u015f\u0131 hakl\u0131 bir zemine oturttuklar\u0131 anla\u015f\u0131lmaktad\u0131r. Nitekim E\u015f&#8217;as b. Kays&#8217;\u0131n \u015fu s&ouml;zleri s&ouml;yledi\u011fi aktar\u0131lm\u0131\u015ft\u0131r: <strong><em>&ldquo;Vallahi namaz ehlini &ouml;ld&uuml;rmeyi &ccedil;irkin buluyordum. Ancak yan\u0131mda \u0130slami ge&ccedil;mi\u015fi benden daha eski, Kitap ve S&uuml;nnet&#8217;i benden daha iyi bilen bir zat var ki o bu konuda can\u0131n\u0131 c&ouml;mert&ccedil;e vermeye haz\u0131rken art\u0131k b&ouml;yle d&uuml;\u015f&uuml;nm&uuml;yorum.&rdquo;<\/em><\/strong> s&ouml;zleri anlaml\u0131d\u0131r. Ama baz\u0131lar\u0131n\u0131n da kendisine bir taraf edinerek, iktidar yar\u0131\u015f\u0131ndan nasibini almay\u0131 murat etti\u011fi anla\u015f\u0131lmaktad\u0131r. Nitekim Hz. Ali&#8217;nin, insanlar\u0131 \u015eam ehline kar\u015f\u0131 sava\u015fmaya te\u015fvik etti\u011fi hutbesi s\u0131ras\u0131nda <\/span><strong><span style=\"font-size: 14pt; font-family: Arial, sans-serif;\">Ben&icirc; Fez&acirc;re&#8217;den Erbed adl\u0131 bir adam<\/span><\/strong><span style=\"font-size: 12.5pt; font-family: Arial, sans-serif;\">, <strong><em>&#8220;Bizi karde\u015flerimiz olan Basra ehline kar\u015f\u0131 g&ouml;t&uuml;r&uuml;p onlar\u0131 &ouml;ld&uuml;rtt&uuml;\u011f&uuml;n gibi, \u015fimdi de \u015eam ehli olan karde\u015flerimizin &uuml;zerine s&uuml;r&uuml;kleyip onlar\u0131 &ouml;ld&uuml;rmemizi mi istiyorsun? Hay\u0131r, vallahi bunu yapmayaca\u011f\u0131z!&#8221;<\/em><\/strong> \u015feklindeki kas\u0131tl\u0131 ve k\u0131\u015fk\u0131rt\u0131c\u0131 s&ouml;zlerinden dolay\u0131 lin&ccedil; edilerek &ouml;ld&uuml;r&uuml;lm&uuml;\u015ft&uuml;r. <strong><em>&ldquo;Asl\u0131nda bu olay, &uuml;mmet i&ccedil;erisinde cereyan eden ihtilaf ve sava\u015f\u0131 ele\u015ftiren bir grubun do\u011fu\u015funun ilk sinyalleri say\u0131l\u0131r. Yak\u0131n gelecekte iktidar kavgas\u0131ndan dolay\u0131 \u0130slam d&uuml;nyas\u0131n\u0131n s&uuml;r&uuml;klendi\u011fi kaostan kaynaklanan rahats\u0131zl\u0131k b&uuml;y&uuml;yecek ve S\u0131ff&icirc;n Sava\u015f\u0131&rsquo;n\u0131n ortaya &ccedil;\u0131kard\u0131\u011f\u0131 a\u011f\u0131r bilan&ccedil;o yeni bir muhalefetin, yani <\/em><\/strong><\/span><strong><em><span style=\"font-size: 14pt; font-family: Arial, sans-serif;\">Haric&icirc;li\u011fin <\/span><\/em><\/strong><strong><em><span style=\"font-size: 12.5pt; font-family: Arial, sans-serif;\">do\u011fu\u015funa zemin haz\u0131rlayacakt\u0131.&rdquo;<\/span><\/em><\/strong><span style=\"font-size: 12.5pt; font-family: Arial, sans-serif;\"> <strong>iddialar\u0131 ise bir itham kokmaktayd\u0131 ve Haricilerin ortaya &ccedil;\u0131k\u0131\u015f sebebi olarak ba\u015fta Hz. Ali&rsquo;yi ve di\u011fer Sahabeyi su&ccedil;lay\u0131c\u0131 bir yakla\u015f\u0131md\u0131. &Ccedil;&uuml;nk&uuml; Haricilerin eleba\u015flar\u0131, \u0130bni Sebe gibi m&uuml;naf\u0131klar\u0131n kand\u0131rma ve k\u0131\u015fk\u0131rtmalar\u0131yla, asl\u0131nda fesat &ccedil;\u0131karmak &uuml;zere f\u0131rsat kollayan insanlard\u0131. Hakem olay\u0131na itirazlar\u0131 ve herkesi hemen k&uuml;f&uuml;r ve irtidatla su&ccedil;lamalar\u0131, asl\u0131nda fitneyi yaymak i&ccedil;in bahane kollad\u0131klar\u0131ndand\u0131. Yazar\u0131n &uuml;stteki yorumlar\u0131, sanki Haricileri hakl\u0131 &ccedil;\u0131kar\u0131c\u0131 bir tav\u0131rd\u0131 ve olduk&ccedil;a sak\u0131ncal\u0131yd\u0131. (A.A)<\/strong> K&ucirc;fe&#8217;den yola &ccedil;\u0131kan Hz. Ali, yolda ordusuna katt\u0131\u011f\u0131 yeni birlikler sayesinde say\u0131s\u0131 yakla\u015f\u0131k 150 bini bulan askerleriyle, sava\u015f\u0131n ger&ccedil;ekle\u015fece\u011fi S\u0131ff&icirc;n yak\u0131nlar\u0131ndaki Kun&acirc;s\u0131r&icirc;n&#8217;e ula\u015ft\u0131. Muaviye&#8217;nin \u015eam ehlinden olu\u015fan ordusu da yakla\u015f\u0131k bu say\u0131dayd\u0131. \u0130ki ordu yerini ald\u0131\u011f\u0131nda, Irak ordusu i&ccedil;in &ouml;nemli bir sorunun oldu\u011fu anla\u015f\u0131ld\u0131. \u015eam ordusu suyun yan\u0131nda konu\u015flanm\u0131\u015f ve Irak ordusunun suya eri\u015fimine engel olmu\u015flard\u0131. Niyetleri Hz. Ali ve askerlerini susuzlukla peri\u015fan b\u0131rakmakt\u0131. Bundan maksatlar\u0131, g&uuml;ya Hz. Osman&#8217;\u0131 g&uuml;nlerce a&ccedil;l\u0131k ve susuzlu\u011fa mahk&ucirc;m edenleri ayn\u0131 ak\u0131bete u\u011fratmakt\u0131. Bunun &uuml;zerine Hz. Ali, kendilerini buraya getiren as\u0131l meselenin su &uuml;zerine sava\u015fmak olmad\u0131\u011f\u0131n\u0131 hat\u0131rlatm\u0131\u015f; ancak e\u011fer niyetleri su y&uuml;z&uuml;nden sava\u015f\u0131p kazanan\u0131n sudan i&ccedil;mesi ise bundan ka&ccedil;mayacaklar\u0131n\u0131 a&ccedil;\u0131klam\u0131\u015ft\u0131. Nitekim \u015eam ordusu bunda \u0131srar edince, su &uuml;zerine yap\u0131lan uzun bir &ccedil;arp\u0131\u015fman\u0131n ard\u0131ndan Irak ordusu suyun kontrol&uuml;n&uuml; tekrar ele alm\u0131\u015ft\u0131.<\/span><\/p>\n<p style=\"text-align: justify; text-indent: 1cm; line-height: 16pt;\"><strong><span style=\"font-size: 12.5pt; font-family: Arial, sans-serif;\">Gerek sava\u015f haz\u0131rl\u0131klar\u0131 s\u0131ras\u0131nda, gerekse uzun s&uuml;ren sava\u015f ortam\u0131nda olsun, Hz. Ali&#8217;nin daha adil ve daha merhametli bir tav\u0131r s&uuml;rd&uuml;rd&uuml;\u011f&uuml; anla\u015f\u0131lmaktad\u0131r. Nitekim Irak ordusunun askerleri suyu ele ge&ccedil;irdi\u011finde, \u015eam ordusunu sudan mahrum edip misilleme yapacaklar\u0131n\u0131 d&uuml;\u015f&uuml;n&uuml;rken, Hz. Ali askerlerine <em>&#8220;Sudan ihtiyac\u0131n\u0131z\u0131 al\u0131n ve kamp\u0131n\u0131za geri d&ouml;n&uuml;n. Onlar\u0131 sudan mahrum etmeyin. &Ccedil;&uuml;nk&uuml; Allah, onlar\u0131n zul&uuml;m ve azg\u0131nl\u0131klar\u0131 sebebiyle sizi muzaffer k\u0131ld\u0131!&#8221;<\/em> buyurmu\u015flard\u0131r. Bu sava\u015ftaki pek &ccedil;ok enstanta&shy;neye konu olaca\u011f\u0131 gibi, Hz. Ali kendisiyle &ouml;zde\u015fle\u015fen &ouml;zelliklerinden birini a&ccedil;\u0131k&ccedil;a kan\u0131tlam\u0131\u015ft\u0131: Bu da; mertlik ve insan onuruna yak\u0131\u015fmayacak zul&uuml;m ve hak ihlalinden uzak durmakt\u0131! Ancak bu \u015fekilde ba\u015flayan Siff&icirc;n Sava\u015f\u0131&rsquo;n\u0131n uzun bir zamana yay\u0131lmas\u0131n\u0131n se&shy;bebi, taraflar\u0131n kesin &uuml;st&uuml;nl&uuml;k sa\u011flayamad\u0131\u011f\u0131ndan mutlak galibiyete ula\u015famam\u0131\u015f olmalar\u0131d\u0131r. Sava\u015f\u0131n kimi g&uuml;nleri s\u0131cak muharebe hatlar\u0131nda, kimi g&uuml;nleri ise teke tek m&uuml;barezelerle ge&ccedil;mi\u015f ve her iki taraf da olduk&ccedil;a yorulmu\u015flard\u0131.<\/span><\/strong><\/p>\n<p class=\"Gvdemetni20\" style=\"margin-bottom: 0.0001pt; text-indent: 1cm; line-height: 16pt;\"><strong><span style=\"font-size: 14pt; font-family: Arial, sans-serif;\">\u0130slam&#8217;\u0131n do\u011fu\u015funa \u015fahitlik eden, Kur&#8217;an ve S&uuml;nnet&#8217;e h&acirc;kim ulemadan, Irak ve \u015eam kurr&acirc;s\u0131ndan pek &ccedil;ok zat\u0131n bu sava\u015fta hayat\u0131n\u0131 kaybetmi\u015f olmalar\u0131 olduk&ccedil;a ac\u0131d\u0131r!<\/span><\/strong><\/p>\n<p style=\"text-align: justify; text-indent: 1cm; line-height: 16pt;\"><strong><span style=\"font-size: 12.5pt; font-family: Arial, sans-serif;\">Bu m&uuml;bareze tekliflerinden biri de Hz. Ali taraf\u0131ndan Muaviye&#8217;ye yap\u0131lm\u0131\u015f, ancak Muaviye korkup bu davete olumlu cevap vermemi\u015ftir. Zilhicce ay\u0131 boyunca (19 May\u0131s-18 Haziran 657) taraflar teke tek vuru\u015fmu\u015flar, Muharrem ay\u0131 (19 Haziran-18 Temmuz 657) geldi\u011finde ise bir sulh beklentisi i&ccedil;erisinde &ccedil;at\u0131\u015fmaya ge&ccedil;ici olarak son vermi\u015flerdir. Bunun nedeni, her iki ordunun da a\u011f\u0131r can kayb\u0131 endi\u015fesiyle topyek&ucirc;n bir sava\u015ftan imtina etmesidir. Bu s&uuml;re&ccedil; i&ccedil;erisinde taraflar ara&shy;s\u0131nda bar\u0131\u015f el&ccedil;ileri gelip gitmi\u015f; giderek uzayan ve b\u0131kk\u0131nl\u0131k veren sava\u015f esnas\u0131nda iki ordunun askerleri de sava\u015f\u0131n gerek&shy;lili\u011fi &uuml;zerinde muhasebeye giri\u015fmi\u015flerdir. Ancak beklenen bar\u0131\u015f bir t&uuml;rl&uuml; sa\u011flanamam\u0131\u015f; Hicri 37 y\u0131l\u0131n\u0131n Muharrem ay\u0131 bitip Safer ay\u0131 girdi\u011finde, Hz. Ali kar\u015f\u0131 cepheye topyek&ucirc;n sava\u015f ilan\u0131n\u0131 bildirmi\u015ftir. <\/span><\/strong><\/p>\n<p style=\"text-align: justify; text-indent: 1cm; line-height: 16pt;\"><strong><span style=\"font-size: 12.5pt; font-family: Arial, sans-serif;\">Ger&ccedil;ek anlamda a\u011f\u0131r zayiatlar i&ccedil;eren sava\u015f\u0131n ba\u015flamas\u0131 Safer ay\u0131n\u0131n ilk g&uuml;n&uuml; olan &Ccedil;ar\u015famba g&uuml;n&uuml;ne denk gelir. Bu ve sonraki g&uuml;nler \u015fiddetli muharebeler artarak de&shy;vam etmi\u015ftir. &Ouml;yle ki kimi g&uuml;nler insanlar\u0131n sava\u015fmaktan dolay\u0131 te&ccedil;hizatlar\u0131n\u0131n e\u011filip b&uuml;k&uuml;ld&uuml;\u011f&uuml; ve yorgunluktan mola verdikleri s&ouml;ylenir. Ancak sava\u015f\u0131n sonlar\u0131na do\u011fru <\/span><\/strong><strong><span style=\"font-size: 14pt; font-family: Arial, sans-serif;\">Muaviye ve Amr b. el-As<\/span><\/strong><strong><span style=\"font-size: 12.5pt; font-family: Arial, sans-serif;\">, sava\u015f\u0131n \u015eam askerlerini t&uuml;ketti\u011fini anlad\u0131klar\u0131nda, Hz. Ali&#8217;yle bar\u0131\u015f &ccedil;abas\u0131na giri\u015fmi\u015flerdir. Amr b. el-&Acirc;s&rsquo;\u0131n, \u0130bn Abbas&#8217;a yapt\u0131\u011f\u0131 bar\u0131\u015f &ccedil;a\u011fr\u0131s\u0131nda ge&ccedil;ti\u011fi gibi: <\/span><\/strong><strong><em><span style=\"font-size: 14pt; font-family: Arial, sans-serif;\">&#8220;Ke\u015fke sava\u015f bitse demek yeterli de\u011fildir, ke\u015fke sava\u015f hi&ccedil; olmasayd\u0131 demek daha yerindedir; zira her iki tarafta da art\u0131k sava\u015ftan nefret edenler &ccedil;o\u011funluk hale gelmi\u015ftir&#8221;<\/span><\/em><\/strong><span style=\"font-size: 14pt; font-family: Arial, sans-serif;\"> <\/span><strong><span style=\"font-size: 12.5pt; font-family: Arial, sans-serif;\">ve bunu bitirecek olanlar da her iki taraf\u0131n &ouml;nde gelenleridir. <\/span><\/strong><\/p>\n<p style=\"text-align: justify; text-indent: 1cm; line-height: 16pt;\"><strong><span style=\"font-size: 12.5pt; font-family: Arial, sans-serif;\">Yenileceklerini anlayan Amr b. &Acirc;s b&ouml;ylece Hz. Ali&#8217;ye zeytin dal\u0131 uzat\u0131p siyasi zek&acirc;vetini sergilemi\u015ftir. Ancak bar\u0131\u015f &ccedil;abalar\u0131 yine meyvesini verememi\u015ftir. Minkar&icirc;&#8217;nin Vak&#8217;atu S\u0131ff&icirc;n adl\u0131 eserinde anlat&shy;t\u0131\u011f\u0131 gibi: <em>&#8220;\u0130ki taraf S\u0131ffin&#8217;de kar\u015f\u0131la\u015f\u0131rlar ve k\u0131yas\u0131ya sava\u015f\u0131rlar. &Ouml;yle ki neredeyse birbirlerinin sonunu getirmelerine ramak kalm\u0131\u015ft\u0131r.&#8221;<\/em> Ancak \u015eaml\u0131lar\u0131n verdi\u011fi zayiat daha fazlad\u0131r. Her&icirc;r Gecesi (27-28 Temmuz 657) diye me\u015fhur olan ve bir g&uuml;n bir gece s&uuml;ren &ccedil;arp\u0131\u015fman\u0131n sonunda muharebe meydan\u0131ndaki &ouml;l&uuml; say\u0131s\u0131n\u0131n 70 bini buldu\u011fu s&ouml;ylenir. Her&icirc;r&rsquo;in kelime anlam\u0131 <\/span><\/strong><strong><em><span style=\"font-size: 14pt; font-family: Arial, sans-serif;\">&ldquo;de\u011firmenin sesi&#8221;<\/span><\/em><\/strong><strong><span style=\"font-size: 12.5pt; font-family: Arial, sans-serif;\">dir; sava\u015f\u0131n, askerleri t\u0131pk\u0131 bir de\u011firmen gibi &ouml;\u011f&uuml;tme&shy;sinden dolay\u0131 bu isim tercih edilmi\u015ftir.<\/span><\/strong><\/p>\n<p style=\"text-align: justify; text-indent: 1cm; line-height: 16pt;\"><strong><span style=\"font-size: 14pt; font-family: Arial, sans-serif;\">&#8220;Allah&#8217;\u0131n Kitab\u0131 hakem olsun!&#8221;<\/span><\/strong><strong><span style=\"font-size: 14pt; font-family: Arial, sans-serif;\"> &ccedil;a\u011fr\u0131s\u0131 ve &ldquo;Do\u011fru bir yakla\u015f\u0131m\u0131n yanl\u0131\u015f ama&ccedil;lar i&ccedil;in kullan\u0131lmas\u0131!&rdquo;<\/span><\/strong><\/p>\n<p style=\"text-align: justify; text-indent: 1cm; line-height: 16pt;\"><strong><span style=\"font-size: 12.5pt; font-family: Arial, sans-serif;\">Nihayet Hz. Ali nihai sald\u0131r\u0131 i&ccedil;in emir verir. Yapt\u0131\u011f\u0131 konu\u015fmada d&uuml;\u015fmanlar\u0131n\u0131n takatinin zay\u0131flad\u0131\u011f\u0131n\u0131 ve duygusal bir hassasi&shy;yet ve zaafiyet duymaks\u0131z\u0131n kendileriyle sava\u015fanlara kar\u015f\u0131 sabah vakti son kez harekete ge&ccedil;eceklerini belirtir. Ona g&ouml;re; <em>&#8220;olaylar\u0131n ak\u0131&shy;\u015f\u0131nda sonu&ccedil;lar, ba\u015flang\u0131ca g&ouml;redir.&#8221;<\/em> Ancak g&ouml;rg&uuml; \u015fahitleri Her&icirc;r Gecesi&rsquo;nin sabah\u0131n&shy;da beklenmedik bir manzarayla kar\u015f\u0131la\u015ft\u0131klar\u0131n\u0131 nakletmi\u015ftir. Muaviye&#8217;nin kararg&acirc;&shy;h\u0131n\u0131n &ouml;n&uuml;nde sancaklara benzeyen \u015feyler g&ouml;rm&uuml;\u015flerdir. Hava iyice ayd\u0131nland\u0131\u011f\u0131nda Muaviye&#8217;nin askerlerinin, m\u0131zraklar\u0131n\u0131n ucuna Kur&rsquo;an Mushaflar\u0131n\u0131 ast\u0131klar\u0131n\u0131, en &ouml;nde ise mescidin b&uuml;y&uuml;k Mushaf&#8217;\u0131n\u0131n as\u0131ld\u0131\u011f\u0131 &uuml;&ccedil; m\u0131zra\u011f\u0131 10 ki\u015finin ta\u015f\u0131d\u0131\u011f\u0131n\u0131 g&ouml;rd&uuml;klerinde \u015fa\u015f\u0131r\u0131vermi\u015flerdir. Bu \u015fekilde yakla\u015f\u0131k 500 Mushaf m\u0131zrak&shy;lara as\u0131lm\u0131\u015f vaziyettedir. B&ouml;ylece \u015eam ordusu, Irak ordusundan <em>&#8220;Allah&#8217;\u0131n Kitab\u0131n\u0131n aralar\u0131nda hakem tayin edilmesini&#8221;<\/em> talep etmektedir. Bu talep Hz. Ali cenah\u0131nda tart\u0131\u015fmalar\u0131n b&uuml;y&uuml;mesine, sava\u015f\u0131n s&uuml;rd&uuml;r&uuml;lmesine y&ouml;nelik ihtilaf\u0131n meydana gelmesine sebebiyet vermi\u015ftir. Hz. Ali her ne <\/span><\/strong><strong><span style=\"font-size: 14pt; font-family: Arial, sans-serif;\">kadar bunun bir hile, bir tuzak ve zafiyet belirtisi <\/span><\/strong><strong><span style=\"font-size: 12.5pt; font-family: Arial, sans-serif;\">oldu\u011funu s&ouml;yleyip askerlerini nihai sald\u0131r\u0131 i&ccedil;in ikna etmeye &ccedil;al\u0131\u015fsa da <\/span><\/strong><strong><span style=\"font-size: 14pt; font-family: Arial, sans-serif;\">sonradan Haric&icirc; olarak an\u0131lacak olan baz\u0131 kimseler<\/span><\/strong><strong><span style=\"font-size: 12.5pt; font-family: Arial, sans-serif;\"> <em>Allah&#8217;\u0131n Kita&shy;b\u0131na davet edildiklerinde icabet edeceklerini<\/em> s&ouml;ylemi\u015flerdir. Ayr\u0131ca Hz. Ali kendilerine uymad\u0131\u011f\u0131 takdirde, onu da t\u0131pk\u0131 Hz. Osman gibi &ouml;ld&uuml;rmekle tehdit etmi\u015flerdir. Sonunda mecburen bu teklifi kabul eden Hz. Ali, Hakem Olay\u0131 olarak bilinen ve tabi hileyle biten Amr b. el-&Acirc;s ve Ebu Musa el-E\u015far&icirc;&#8217;nin hakemli\u011fine r\u0131za g&ouml;stermi\u015ftir. B&ouml;ylece S\u0131ff&icirc;n Sava\u015f\u0131 beklenmedik bir m&uuml;tarekeyle sona ermi\u015ftir, ancak bu m&uuml;tareke, bar\u0131\u015f getirmemi\u015ftir.<\/span><\/strong><\/p>\n<p style=\"text-align: justify; text-indent: 1cm; line-height: 16pt;\"><span style=\"font-size: 12.5pt; font-family: Arial, sans-serif;\">S\u0131ffin Sava\u015f\u0131, <strong><em>kazanan\u0131n kaybetti\u011fi bir sava\u015ft\u0131<\/em><\/strong>. Sava\u015f\u0131n sonunu getiren hile, Hz. Ali&#8217;nin ordusundaki ayr\u0131l\u0131klar\u0131n da ba\u015flang\u0131c\u0131 olacak, sonraki s&uuml;re&ccedil;te Hz. Ali&#8217;nin m&uuml;cadelesi, daha d&uuml;ne kadar ayn\u0131 saflarda &ccedil;arp\u0131\u015ft\u0131\u011f\u0131 askerlerine y&ouml;nelmek zorunda kalacakt\u0131r. Nihayetinde Muaviye&#8217;nin uzun u\u011fra\u015flar\u0131 ve kurnaz politikas\u0131yla \u0130slam d&uuml;nyas\u0131&shy;n\u0131n y&ouml;netimini ele ge&ccedil;irmeyi ba\u015farm\u0131\u015flar ve b&ouml;ylece \u0130slam&#8217;\u0131n ilk y\u0131llar\u0131ndan itibaren (bir&ccedil;o\u011fu) bu dine direnen bir ailenin (&Uuml;meyyeo\u011fullar\u0131&#8217;n\u0131n) halefleri saltanat yoluyla iktidara ta\u015f\u0131nm\u0131\u015flard\u0131r. S\u0131ff&icirc;n Sava\u015f\u0131&rsquo;n\u0131n bilan&ccedil;osu sadece s\u0131radan bir insanlar\u0131n k\u0131y\u0131m\u0131ndan m&uuml;te\u015fekkil san\u0131lmamal\u0131d\u0131r. \u0130slam&#8217;\u0131n do\u011fu\u015funa \u015fahitlik eden, Kur&rsquo;an ve S&uuml;nnet&rsquo;e h&acirc;kim &acirc;limlerden, Irak ve \u015eam Kurr&acirc;s\u0131ndan pek &ccedil;ok zat bu sava\u015fta maalesef hayatlar\u0131n\u0131 kaybedip bu d&uuml;nyadan ayr\u0131lm\u0131\u015flard\u0131r. Kurr&acirc; grubunun, ba\u015flang\u0131&ccedil;taki bar\u0131\u015f ve arabuluculuk gayretleri sonu&ccedil;suz kalm\u0131\u015f, bu nedenle ister istemez sava\u015f\u0131n ak\u0131\u015f\u0131na tak\u0131lm\u0131\u015flard\u0131r. Bu nedenle \u0130slam medeniyeti, onlar\u0131n veremedikleri eserler veya serd edemedikleri ilimleri nedeniyle tahayy&uuml;l&uuml; imk&acirc;ns\u0131z bir kay\u0131p daha ya\u015fam\u0131\u015ft\u0131r.<\/span><\/p>\n<p style=\"text-align: justify; text-indent: 1cm; line-height: 16pt;\"><strong><span style=\"font-size: 14pt; font-family: Arial, sans-serif;\">Ash&acirc;b&rsquo;\u0131n &ouml;nde gelenlerinden Ammar b. Y&acirc;sir&#8217;in, &ouml;ld&uuml;r&uuml;ld&uuml;\u011f&uuml; g&uuml;n, \u015fu s&ouml;zleri terenn&uuml;m etti\u011fi aktar\u0131lm\u0131\u015ft\u0131r:<\/span><\/strong><span style=\"font-size: 14pt; font-family: Arial, sans-serif;\"> <\/span><strong><em><span style=\"font-size: 12.5pt; font-family: Arial, sans-serif;\">&ldquo;(Ey Muaviye ve taraftarlar\u0131!) Bizler zaman\u0131nda Kur&rsquo;an&rsquo;\u0131n vahyedili\u015fi-tenzili u\u011fruna sizinle sava\u015ft\u0131k. \u015eimdi ise Onun tevili &uuml;zerine sizinle sava\u015f\u0131yoruz. Bir sava\u015f ki ba\u015flar\u0131 g&ouml;vdeden ay\u0131rmakta ve dosta dostunu unutturmaktad\u0131r. Hak ancak bu \u015fekilde yoluna girip ortaya &ccedil;\u0131kacakt\u0131r.&#8221;<\/span><\/em><\/strong><span style=\"font-size: 12.5pt; font-family: Arial, sans-serif;\"> Sava\u015f esnas\u0131ndaki bu ve buna benzer pek &ccedil;ok konu\u015fma; tulekan\u0131n (Ashab-\u0131 Kiram&rsquo;\u0131n), y&ouml;netim s&ouml;z konusu oldu\u011funda daha geri planda olmalar\u0131 gerekti\u011fini d&uuml;\u015f&uuml;nenlerin bu&shy;lundu\u011funu a&ccedil;\u0131\u011fa vurmaktad\u0131r. Dolay\u0131s\u0131yla gerek ilk M&uuml;sl&uuml;manlar\u0131n baz\u0131lar\u0131 gerekse Mekke&#8217;nin fethinde M&uuml;sl&uuml;man olanlar\u0131n bir k\u0131sm\u0131, tebli\u011fin ilk y\u0131llar\u0131nda ya\u015fad\u0131klar\u0131 husumetleri h&acirc;l&acirc; unutmam\u0131\u015f, Resul&uuml;llah&rsquo;\u0131n vefat\u0131ndan sonra bu h\u0131rslar\u0131n\u0131 ve h\u0131n&ccedil;lar\u0131n\u0131 adeta a&ccedil;\u0131\u011fa &ccedil;\u0131karm\u0131\u015flard\u0131r. Dolay\u0131s\u0131yla bu kanl\u0131 sava\u015f Resul&uuml;llah d&ouml;nemindeki (tam ve sa\u011flam) \u0130slam uhuvvetini yaralam\u0131\u015f ve sonu, g&uuml;n&uuml;m&uuml;ze kadar s&uuml;recek fitne ayr\u0131l\u0131klar\u0131&shy;n\u0131n ise ba\u015flang\u0131c\u0131 yap\u0131lm\u0131\u015ft\u0131r.<\/span><\/p>\n<p style=\"text-align: justify; text-indent: 1cm; line-height: 16pt;\"><span style=\"font-size: 12.5pt; font-family: Arial, sans-serif;\"><\/span><\/p>\n<p>Bu makaleyi sesli olarak dinleyebilirsiniz:<\/p>\n<p>{mp3}hzosmanmazlumen-2{\/mp3}<\/p>\n<p>&nbsp;<\/p>\n<p>&nbsp;<\/p>\n<hr style=\"text-align: left;\" width=\"33%\" size=\"1\" \/>\n<p style=\"line-height: normal;\"><a href=\"#ftnref1\" id=\"ftn1\" style=\"vertical-align: super;\">[1]<\/a> (Derin Tarih &ouml;.s. &ndash; 14 H. G&uuml;ne\u015f)<\/p>\n<p style=\"line-height: normal;\"><a href=\"#ftnref2\" id=\"ftn2\" style=\"vertical-align: super;\">[2]<\/a> (Derin Tarih Dergisi &ndash; D&ouml;rt Halife Devri. Sh.158)<\/p>\n","protected":false},"excerpt":{"rendered":"<p>&nbsp; HZ. OSMAN&rsquo;IN MAZLUMEN KATLOLUNMASI VE F\u0130TNE KAPISININ KIRILMASI -2- &nbsp;&nbsp;&nbsp;&nbsp;&nbsp;&nbsp;&nbsp;&nbsp; S\u0131ffin Sava\u015f\u0131&rsquo;n\u0131n Ayr\u0131nt\u0131lar\u0131 Hz. Muaviye&#8217;yi, Hz. Ali&rsquo;ye Biat Etmekten Al\u0131koyan Kuruntular\u0131 Muaviye, Hz. &Ouml;mer ve Hz. Osman d&ouml;neminde \u015eam Valisiydi. Hz. Ali Hilafete ge&ccedil;ince, onu g&ouml;revinden azledip yerine Abdullah b. &Ouml;mer&#8217;i tayin etmek istedi. Ancak Abdullah b. &Ouml;mer mazur g&ouml;r&uuml;lmesini isteyerek bu teklifi kabul [&hellip;]<\/p>\n","protected":false},"author":119,"featured_media":0,"comment_status":"open","ping_status":"closed","sticky":false,"template":"","format":"standard","meta":{"footnotes":""},"categories":[98],"tags":[],"class_list":["post-5471","post","type-post","status-publish","format-standard","hentry","category-ozel-yazilar"],"_links":{"self":[{"href":"https:\/\/www.millicozum.com\/mc\/wp-json\/wp\/v2\/posts\/5471","targetHints":{"allow":["GET"]}}],"collection":[{"href":"https:\/\/www.millicozum.com\/mc\/wp-json\/wp\/v2\/posts"}],"about":[{"href":"https:\/\/www.millicozum.com\/mc\/wp-json\/wp\/v2\/types\/post"}],"author":[{"embeddable":true,"href":"https:\/\/www.millicozum.com\/mc\/wp-json\/wp\/v2\/users\/119"}],"replies":[{"embeddable":true,"href":"https:\/\/www.millicozum.com\/mc\/wp-json\/wp\/v2\/comments?post=5471"}],"version-history":[{"count":0,"href":"https:\/\/www.millicozum.com\/mc\/wp-json\/wp\/v2\/posts\/5471\/revisions"}],"wp:attachment":[{"href":"https:\/\/www.millicozum.com\/mc\/wp-json\/wp\/v2\/media?parent=5471"}],"wp:term":[{"taxonomy":"category","embeddable":true,"href":"https:\/\/www.millicozum.com\/mc\/wp-json\/wp\/v2\/categories?post=5471"},{"taxonomy":"post_tag","embeddable":true,"href":"https:\/\/www.millicozum.com\/mc\/wp-json\/wp\/v2\/tags?post=5471"}],"curies":[{"name":"wp","href":"https:\/\/api.w.org\/{rel}","templated":true}]}}