{"id":5537,"date":"2019-11-28T22:00:00","date_gmt":"2019-11-28T22:00:00","guid":{"rendered":"https:\/\/www.millicozum.com\/mc\/2019\/11\/28\/sn-hayrettin-karamanin-karartmalari-el-insaf-2\/"},"modified":"2019-11-28T22:00:00","modified_gmt":"2019-11-28T22:00:00","slug":"sn-hayrettin-karamanin-karartmalari-el-insaf-2","status":"publish","type":"post","link":"https:\/\/www.millicozum.com\/mc\/2019\/aralik-2019\/sn-hayrettin-karamanin-karartmalari-el-insaf\/","title":{"rendered":"SN. HAYRETT\u0130N KARAMAN\u2019IN KARARTMALARI\u2026 EL \u0130NSAF!.."},"content":{"rendered":"\n<p>&nbsp;<\/p>\n<p style=\"margin-bottom: 0.0001pt; text-align: center;\"><strong><span style=\"font-size: 18pt; font-family: Arial, sans-serif;\">SN. HAYRETT\u0130N KARAMAN&rsquo;IN KARARTMALARI&hellip;<\/span><\/strong><\/p>\n<p style=\"margin-bottom: 0.0001pt; text-align: center;\"><strong><span style=\"font-size: 18pt; font-family: Arial, sans-serif;\">EL \u0130NSAF!..<\/span><\/strong><\/p>\n<p style=\"margin-bottom: 0.0001pt; text-align: justify; text-indent: 1cm;\"><strong><span style=\"font-size: 18pt; font-family: Arial, sans-serif;\">&nbsp;&nbsp;&nbsp;&nbsp;&nbsp;&nbsp;&nbsp;&nbsp; <\/span><\/strong><\/p>\n<p style=\"margin-bottom: 0.0001pt; text-align: justify; text-indent: 1cm; line-height: 16pt;\"><strong><span style=\"font-size: 12.5pt; font-family: Arial, sans-serif;\">Bir insan\u0131n siyasi kanaat ve tercihlerinin olmas\u0131 ve be\u011fendi\u011fi parti ve h&uuml;k&uuml;metlere tarafgirlik yapmas\u0131 tabiidir, hatta gereklidir. Bu en fazla da ilim ehli i&ccedil;in, topluma &ouml;rnek te\u015fkil etmesi bak\u0131m\u0131ndan &ouml;nemlidir. Tabi bu siyasi tercih ve tarafgirlik, ki\u015filerin arzu ve ama&ccedil;lar\u0131 ve hayata bak\u0131\u015f a&ccedil;\u0131lar\u0131yla ilgili oldu\u011fundan elbette de\u011fi\u015fiklik g&ouml;sterir. Bu nedenlerle, Sn. Hayrettin Karaman&#8217;\u0131n AKP&#8217;yi be\u011fenmesi ve Sn. Erdo\u011fan&#8217;\u0131 takdir etmesi de kendi tensibidir. Elbette bu iktidar\u0131n &uuml;lkeye ve millete dini ve d&uuml;nyevi pek &ccedil;ok hizmetleri ve iyilikleri de ge&ccedil;mi\u015ftir; hay\u0131rl\u0131 ve yararl\u0131 giri\u015fimleri de say\u0131labilir. Ancak Sn. Karaman&rsquo;\u0131n: <\/span><\/strong><strong><em><span style=\"font-size: 14pt; font-family: Arial, sans-serif;\">&ldquo;Can\u0131m, bundan fazla daha ne beklenir ki&hellip; Bu iktidar mevcut \u015fartlar ve imk&acirc;nlar dahilinde daha ne yapabilir ki&#8230;&rdquo;<\/span><\/em><\/strong><span style=\"font-size: 14pt; font-family: Arial, sans-serif;\"> <\/span><strong><span style=\"font-size: 12.5pt; font-family: Arial, sans-serif;\">anlam\u0131ndaki serzeni\u015fleri, hatta <\/span><\/strong><strong><em><span style=\"font-size: 14pt; font-family: Arial, sans-serif;\">daha fazla beklentileri olan dindar kesimleri, dolayl\u0131 bi&ccedil;imde haks\u0131zl\u0131k ve nank&ouml;rl&uuml;kle su&ccedil;layan<\/span><\/em><\/strong><strong><span style=\"font-size: 12.5pt; font-family: Arial, sans-serif;\"> ifadeleri, ne iz&rsquo;an ve insafla, hatta ne de imanla ba\u011fda\u015f\u0131r bir tav\u0131r de\u011fildir. &Ccedil;&uuml;nk&uuml; Erdo\u011fan iktidar\u0131n\u0131n, kolayl\u0131kla yapabilece\u011fi halde umursamad\u0131klar\u0131, asla yapmamas\u0131 gerekti\u011fi halde uygulad\u0131klar\u0131 &ouml;yle talihsiz icraatlar\u0131 ve tahribatlar\u0131 vard\u0131r ki, ne \u015fahsi ne de siyasi y&ouml;nden bunlar\u0131 mazur ve mecbur addedecek &ldquo;\u0130krah-\u0131 M&uuml;lci&rdquo; cinsinden hi&ccedil;bir ge&ccedil;erli gerek&ccedil;eleri g&ouml;sterilemeyecektir. Hatta bu durum, taraftar yazarlar ve parti kurmaylar\u0131nca bile, s\u0131k s\u0131k dile getirilirken, Sn. Karaman&#8217;\u0131n yazd\u0131klar\u0131 bize <\/span><\/strong><strong><em><span style=\"font-size: 14pt; font-family: Arial, sans-serif;\">&ldquo;Eyvahlar olsun!&rdquo;<\/span><\/em><\/strong><span style=\"font-size: 14pt; font-family: Arial, sans-serif;\"> <\/span><strong><span style=\"font-size: 12.5pt; font-family: Arial, sans-serif;\">dedirtmi\u015ftir. <\/span><\/strong><\/p>\n<p style=\"margin-bottom: 0.0001pt; text-align: justify; text-indent: 1cm; line-height: 16pt;\"><strong><span style=\"font-size: 14pt; font-family: Arial, sans-serif;\">Hayrettin Karaman, 25.10.2019 tarihli Yeni \u015eafak gazetesinde <em>&ldquo;Beklentilerde &ouml;l&ccedil;&uuml;l&uuml; olmak&rdquo;<\/em> ba\u015fl\u0131kl\u0131 bir yaz\u0131 yay\u0131nlam\u0131\u015ft\u0131.<\/span><\/strong><\/p>\n<p style=\"margin-bottom: 0.0001pt; text-align: justify; text-indent: 1cm; line-height: 16pt;\"><strong><em><span style=\"font-size: 12.5pt; font-family: Arial, sans-serif;\">&ldquo;Biz Hz. Ebu Bekir, &Ouml;mer, Osman, Ali (Allah onlardan raz\u0131 olsun), Sel&ccedil;uklu, Osmanl\u0131&hellip; devirlerinde de\u011filiz&hellip; &Uuml;lkemizin &uuml;zerinden dev bir silindir ge&ccedil;mi\u015f, her \u015feyi &ccedil;a\u011fda\u015fla\u015ft\u0131rma ad\u0131yla Bat\u0131l\u0131la\u015ft\u0131rma manas\u0131nda d&uuml;md&uuml;z etmi\u015f. Kendi d&uuml;zenimize, k&uuml;lt&uuml;r ve medeniyetimize d&ouml;n&uuml;\u015f&uuml; zorla\u015ft\u0131rmak &uuml;zere uluslararas\u0131 antla\u015fmalara imza at\u0131lm\u0131\u015f, ba\u011flay\u0131c\u0131 ve bir k\u0131sm\u0131 de\u011fi\u015ftirilemez kanunlar vazedilmi\u015f, insan\u0131m\u0131z de\u011fi\u015fmi\u015f&hellip;&rdquo; <\/span><\/em><\/strong><strong><span style=\"font-size: 12.5pt; font-family: Arial, sans-serif;\">diyerek AKP iktidar\u0131n\u0131n tahribatlar\u0131na, duyars\u0131zl\u0131k ve tutars\u0131zl\u0131klar\u0131na mazeret, hatta me\u015fruiyet &uuml;retmeye kalk\u0131\u015fm\u0131\u015ft\u0131.<\/span><\/strong><\/p>\n<p style=\"margin-bottom: 0.0001pt; text-align: justify; text-indent: 1cm; line-height: 16pt;\"><strong><em><span style=\"font-size: 12.5pt; font-family: Arial, sans-serif;\">&ldquo;&hellip; bizi daha iyiye g&ouml;t&uuml;rmek i&ccedil;in siyasete giren ve iktidara gelen insan\u0131m\u0131z\u0131n (Sn. R.T. Erdo\u011fan&rsquo;\u0131n), i\u015fte bu tasvir etmeye &ccedil;al\u0131\u015ft\u0131\u011f\u0131m kesimlerin tamam\u0131ndan oy almaya ihtiyac\u0131 vard\u0131r. \u0130lk ad\u0131mda Hz. &Ouml;mer devrini isteyenler (diyelim ki, kendileri o devir M&uuml;sl&uuml;manlar\u0131 gibidirler) e\u011fer oy veriyorlarsa; onlar\u0131n oylar\u0131, Erdo\u011fan ve benzerlerini (benzeri varsa) iktidara getirmeye de iktidarda tutmaya da yetmiyor.&rdquo; <\/span><\/em><\/strong><strong><span style=\"font-size: 12.5pt; font-family: Arial, sans-serif;\">diyerek tamamen haks\u0131z ve dayanaks\u0131z bir iddiayla ger&ccedil;ekleri &ccedil;arp\u0131t\u0131yordu. Oysa halk\u0131m\u0131z tam 18 senedir Erdo\u011fan&rsquo;a oy veriyor ve iktidarda tutuyordu.<\/span><\/strong><\/p>\n<p style=\"margin-bottom: 0.0001pt; text-align: justify; text-indent: 1cm; line-height: 16pt;\"><strong><em><span style=\"font-size: 12.5pt; font-family: Arial, sans-serif;\">&ldquo;&hellip; ama bunlar\u0131n (\u015fik&acirc;yet konular\u0131n\u0131n) k\u0131sa zamanda belli bir kesimin istek ve anlay\u0131\u015f\u0131na g&ouml;re k&ouml;kten de\u011fi\u015fmesi ise muhaldir.&rdquo; <\/span><\/em><\/strong><strong><span style=\"font-size: 12.5pt; font-family: Arial, sans-serif;\">diyerek 18 y\u0131ll\u0131k tek ba\u015f\u0131na iktidar f\u0131rsat\u0131n\u0131, olumlu ve onurlu de\u011fi\u015fimler i&ccedil;in h&acirc;l&acirc; yetersiz g&ouml;r&uuml;yordu. &Ouml;yle ise kendileri buyursun; hakl\u0131 olarak, halk\u0131m\u0131z\u0131n bekledi\u011fi d&ouml;n&uuml;\u015f&uuml;m ve d&uuml;zelmeler i&ccedil;in ka&ccedil; as\u0131r ge&ccedil;mesi gerekiyordu?<\/span><\/strong><\/p>\n<p style=\"margin-bottom: 0.0001pt; text-align: justify; text-indent: 1cm; line-height: 16pt;\"><strong><em><span style=\"font-size: 14pt; font-family: Arial, sans-serif;\">&ldquo;Hz. Ebubekir ve Hz. &Ouml;mer devrinde de\u011filiz!&rdquo;<\/span><\/em><\/strong><span style=\"font-size: 14pt; font-family: Arial, sans-serif;\"> <\/span><strong><span style=\"font-size: 12.5pt; font-family: Arial, sans-serif;\">ifadeleriyle de AKP iktidar\u0131n\u0131 ve uygulad\u0131\u011f\u0131 \u0130slam d\u0131\u015f\u0131, akla ve ahl&acirc;ka ayk\u0131r\u0131 politikalar\u0131n\u0131, baz\u0131 mecburiyet ve mahk&ucirc;miyetler do\u011frultusunda &ldquo;do\u011fal ve normal&rdquo;mi\u015f gibi sunmaya &ccedil;al\u0131\u015fmas\u0131 da, hem tarihi ger&ccedil;eklere hem tabii gereksinimlere ayk\u0131r\u0131 bulunuyordu. &Ccedil;&uuml;nk&uuml; Hz. Ebubekir ve Hz. &Ouml;mer d&ouml;neminde de, bug&uuml;nk&uuml; Avrupa ve Amerika&#8217;n\u0131n yerinde B\u0130ZANS \u0130mparatorlu\u011fu, Rusya&#8217;n\u0131n ve kom&uuml;nist d&uuml;nyan\u0131n yerinde ise \u0130RAN Kisral\u0131\u011f\u0131; devrin s&uuml;per g&uuml;&ccedil;leri konumunda, Arabistan Yar\u0131madas\u0131&#8217;nda a\u015firet k&uuml;lt&uuml;r&uuml;nden hen&uuml;z devlete yeni ula\u015fm\u0131\u015f bir \u0130slam Y&ouml;netiminin kar\u015f\u0131s\u0131na dikiliyordu. Bizzat Hz. &Ouml;mer&#8217;in buyurduklar\u0131 gibi: <em>&ldquo;Biz iman\u0131m\u0131z ve kulluk g&ouml;revlerimiz gere\u011fi zahiri haz\u0131rl\u0131klar\u0131m\u0131z d\u0131\u015f\u0131nda, k&acirc;fir ve zalim d&uuml;\u015fmanlar\u0131m\u0131za kar\u015f\u0131, hi&ccedil;bir zaman asker say\u0131s\u0131 fazlal\u0131\u011f\u0131m\u0131z ve silah-malzeme &uuml;st&uuml;nl&uuml;\u011f&uuml;m&uuml;zle zafer kazanmad\u0131k!&rdquo; <\/em>ger&ccedil;e\u011fi niye unutuluyordu?<\/span><\/strong><\/p>\n<p style=\"margin-bottom: 0.0001pt; text-align: justify; text-indent: 1cm; line-height: 16pt;\"><strong><em><span style=\"font-size: 12.5pt; font-family: Arial, sans-serif;\">&ldquo;Samimi olarak dinini ya\u015famak i&ccedil;in beklentileri ve talepleri olan kesime, daha s&ouml;z&uuml;n ba\u015f\u0131nda insafl\u0131 ve &ouml;l&ccedil;&uuml;l&uuml; olmalar\u0131 gerekti\u011fini hat\u0131rlatmaya ihtiya&ccedil; duyuyorum.&rdquo; <\/span><\/em><\/strong><span style=\"font-size: 12.5pt; font-family: Arial, sans-serif;\"> <\/span><strong><span style=\"font-size: 12.5pt; font-family: Arial, sans-serif;\">diyen Sn. Hayrettin Karaman, \u015fimdi as\u0131l sizin daha insafl\u0131 ve dini duyarl\u0131l\u0131klar\u0131m\u0131za sahip ve sayg\u0131l\u0131 olman\u0131z\u0131 bekleme hakk\u0131m\u0131z do\u011fuyordu.<\/span><\/strong><\/p>\n<p style=\"margin-bottom: 0.0001pt; text-align: justify; text-indent: 1cm; line-height: 16pt;\"><strong><em><span style=\"font-size: 12.5pt; font-family: Arial, sans-serif;\">&ldquo;Peki devletten ve iktidardan ne beklenebilir? Herkese ve her kesime yolunda y&uuml;r&uuml;yebilmeleri i&ccedil;in gerekli hak ve h&uuml;rriyeti vermesi beklenebilir. Devlet bunu yaparsa, gerisi her bir kesimin sivil toplum par&ccedil;alar\u0131 olarak yapacaklar\u0131 faaliyetlere, gayretlere, fedak&acirc;rl\u0131klara kal\u0131r. Kim daha &ccedil;ok, d&uuml;zenli, planl\u0131, programl\u0131, hakikat bilgisine dayal\u0131, ayaklar\u0131 yere basan faaliyet g&ouml;sterirse, gelecekte &uuml;st&uuml;n s&ouml;z sahibi de o olur.&rdquo; <\/span><\/em><\/strong><strong><span style=\"font-size: 12.5pt; font-family: Arial, sans-serif;\">yorum ve yakla\u015f\u0131mlar\u0131 da tam bir safsata ve sapt\u0131rmacayd\u0131. \u015eimdi soral\u0131m; AKP g&uuml;d&uuml;m&uuml;ndeki Devlet, e\u011fer bu t&uuml;r hak ve h&uuml;rriyetleri topluma vermiyorsa, Sn. Karaman, Erdo\u011fan iktidar\u0131n\u0131 su&ccedil;lay\u0131p uyaraca\u011f\u0131na, niye h&acirc;l&acirc; dindar halk\u0131m\u0131za sata\u015f\u0131yordu? Yok, e\u011fer bu imk&acirc;n ve f\u0131rsatlar ger&ccedil;ekten ve yeterince sa\u011flan\u0131yorsa, niye toplumda ciddi ve &uuml;mit verici bir d&uuml;zelme yerine, tam aksine tehlikeli bir &ccedil;&uuml;r&uuml;me ve &ccedil;&ouml;z&uuml;lme ya\u015fan\u0131yordu?<\/span><\/strong><\/p>\n<p style=\"margin-bottom: 0.0001pt; text-align: justify; text-indent: 1cm; line-height: 16pt;\"><strong><span style=\"font-size: 12.5pt; font-family: Arial, sans-serif;\">Oysa &uuml;lkemizde; inanc\u0131m\u0131za, ahl&acirc;k\u0131m\u0131za, akl\u0131m\u0131za ve vicdan\u0131m\u0131za uygun Adil bir D&uuml;zen kurulmadan ve en az\u0131ndan bu ama&ccedil;la yola &ccedil;\u0131kan bir olu\u015fuma kat\u0131lmadan, \u0130slam&rsquo;\u0131 b&uuml;t&uuml;n kurum ve kurallar\u0131yla ya\u015fama \u015fans\u0131 asla bulunmayacakt\u0131r. Tam aksine, B&acirc;t\u0131l sistem ve partiler i&ccedil;erisinde, insanlar giderek yamukla\u015f\u0131p yozla\u015facak ve o toplum hayat\u0131nda \u0130slam sadece bir aksesuara d&ouml;n&uuml;\u015fm&uuml;\u015f olacakt\u0131r.<\/span><\/strong><\/p>\n<p style=\"margin-bottom: 0.0001pt; text-align: justify; text-indent: 1cm; line-height: 16pt;\"><strong><span style=\"font-size: 14pt; font-family: Arial, sans-serif;\">Bir toplumun &ccedil;o\u011funlu\u011funu olu\u015fturan halk\u0131n D\u0130N\u0130 ile D&Uuml;ZEN\u0130 &ccedil;at\u0131\u015f\u0131rsa, orada huzur kalmayacakt\u0131r. &Ouml;rne\u011fin:<\/span><\/strong><\/p>\n<p style=\"margin-bottom: 0.0001pt; text-align: justify; text-indent: 1cm; line-height: 16pt;\"><strong><span style=\"font-size: 12.5pt; font-family: Arial, sans-serif;\">D\u0130N faizi haram say\u0131yor, D&Uuml;ZEN serbest b\u0131rak\u0131yor, hatta resmi ihale ve kredilerde faizli banka arac\u0131l\u0131\u011f\u0131n\u0131 mecbur tutuyorsa&#8230;<\/span><\/strong><\/p>\n<p style=\"margin-bottom: 0.0001pt; text-align: justify; text-indent: 1cm; line-height: 16pt;\"><strong><span style=\"font-size: 12.5pt; font-family: Arial, sans-serif;\">D\u0130N zinay\u0131 b&uuml;y&uuml;k g&uuml;nah say\u0131yor, D&Uuml;ZEN ise mubah g&ouml;r&uuml;yor ve &ouml;n&uuml;n&uuml; a&ccedil;\u0131yorsa&#8230;<\/span><\/strong><\/p>\n<p style=\"margin-bottom: 0.0001pt; text-align: justify; text-indent: 1cm; line-height: 16pt;\"><strong><span style=\"font-size: 12.5pt; font-family: Arial, sans-serif;\">D\u0130N kumar\u0131 \u015feytan i\u015fi say\u0131p yasakl\u0131yor, ama D&Uuml;ZEN Loto, Toto, Piyango, Kaz\u0131 Kazan, yan yat kazan&#8230; Y&uuml;z &ccedil;e\u015fit kumar\u0131 \u015fans kap\u0131s\u0131 diye te\u015fvik ediyorsa&#8230; Ve bu konularda AKP ve Erdo\u011fan iktidarlar\u0131, <\/span><\/strong><strong><em><span style=\"font-size: 14pt; font-family: Arial, sans-serif;\">&ldquo;bu t&uuml;r haramlar\u0131 ve yanl\u0131\u015fl\u0131klar\u0131 d&uuml;zeltmek ve &uuml;lkedeki her s\u0131n\u0131ftan herkesin hakk\u0131n\u0131 g&ouml;zetmek&rdquo;<\/span><\/em><\/strong><strong><span style=\"font-size: 12.5pt; font-family: Arial, sans-serif;\"> &uuml;zere 18 y\u0131ld\u0131r tek ba\u015f\u0131na iktidar olmalar\u0131na ra\u011fmen hi&ccedil;bir hay\u0131rl\u0131 ve yararl\u0131 ad\u0131m atmad\u0131\u011f\u0131 halde; <\/span><\/strong><strong><em><span style=\"font-size: 14pt; font-family: Arial, sans-serif;\">&ldquo;zinay\u0131 su&ccedil; olmaktan &ccedil;\u0131karmak, \u0130stanbul S&ouml;zle\u015fmesiyle e\u015fcinselli\u011fi me\u015frula\u015ft\u0131rmak, kumar\u0131n her t&uuml;rl&uuml;s&uuml;n&uuml; yayg\u0131nla\u015ft\u0131rmak&rdquo;<\/span><\/em><\/strong><span style=\"font-size: 14pt; font-family: Arial, sans-serif;\"> <\/span><strong><span style=\"font-size: 12.5pt; font-family: Arial, sans-serif;\">gibi; hem hukuka hem akla ve ahl&acirc;ka, hem de \u0130slam&#8217;a ayk\u0131r\u0131 kararlar al\u0131yor, kanunlar &ccedil;\u0131kar\u0131yorsa&hellip;<\/span><\/strong><\/p>\n<p style=\"margin-bottom: 0.0001pt; text-align: justify; text-indent: 1cm; line-height: 16pt;\"><strong><span style=\"font-size: 12.5pt; font-family: Arial, sans-serif;\">1- Bu durumda insanlar, ya Dinine ba\u011fl\u0131 kalacak, ama D&uuml;zenle z\u0131tla\u015facak ve devlet imk&acirc;nlar\u0131ndan mahrum b\u0131rak\u0131lacakt\u0131r.<\/span><\/strong><\/p>\n<p style=\"margin-bottom: 0.0001pt; text-align: justify; text-indent: 1cm; line-height: 16pt;\"><strong><span style=\"font-size: 12.5pt; font-family: Arial, sans-serif;\">2- Veya d&uuml;zenin, inanc\u0131na ayk\u0131r\u0131 f\u0131rsatlar\u0131na kap\u0131lacak ve b&ouml;ylece vicdani ve imani ayarlar\u0131 bozulacakt\u0131r.<\/span><\/strong><\/p>\n<p style=\"margin-bottom: 0.0001pt; text-align: justify; text-indent: 1cm; line-height: 16pt;\"><strong><span style=\"font-size: 12.5pt; font-family: Arial, sans-serif;\">3- Ya da; insanlar hem Dinini hem D&uuml;zeni idare etmeye kalk\u0131\u015facak ve sonunda m&uuml;naf\u0131kl\u0131k artacak ve genel ahl&acirc;k la&ccedil;kala\u015facakt\u0131r.<\/span><\/strong><\/p>\n<p style=\"margin-bottom: 0.0001pt; text-align: justify; text-indent: 1cm; line-height: 16pt;\"><strong><span style=\"font-size: 14pt; font-family: Arial, sans-serif;\">Evet, Din ile D&uuml;zenin z\u0131tla\u015fmas\u0131, toplumu yozla\u015ft\u0131racakt\u0131r!<\/span><\/strong><\/p>\n<p style=\"margin-bottom: 0.0001pt; text-align: justify; text-indent: 1cm; line-height: 16pt;\"><strong><span style=\"font-size: 12.5pt; font-family: Arial, sans-serif;\">&Ccedil;&uuml;nk&uuml; bir toplumun; Diniyle D&uuml;zeni, ahl&acirc;ki prensipleriyle siyasi projeleri, camide dinledikleriyle mektepte &ouml;\u011frendikleri e\u011fer birbirini tutmuyor, z\u0131tla\u015f\u0131p farkl\u0131la\u015f\u0131yorsa; bu durumda ya D&uuml;zene uyup Dinlerini yozla\u015ft\u0131racaklar veya Dinlerine uyup D&uuml;zenle &ccedil;at\u0131\u015facaklar, her iki halde de huzursuz olacaklard\u0131r. Tekrar vurgulayal\u0131m ki; bu durumda insanlar, a) Ya dinlerinin bir tak\u0131m emir ve h&uuml;k&uuml;mlerini b\u0131rakacaklar, b) Ya d&uuml;zene ba\u015fkald\u0131r\u0131p isyanc\u0131 konumunda olacaklar, c) Veya genellikle hem Dinlerini hem de D&uuml;zenlerini idare edip yani <\/span><\/strong><strong><em><span style=\"font-size: 14pt; font-family: Arial, sans-serif;\">&ldquo;hem Dindar hem D&uuml;zenbaz&rdquo; <\/span><\/em><\/strong><strong><span style=\"font-size: 12.5pt; font-family: Arial, sans-serif;\">ge&ccedil;inip m&uuml;naf\u0131kla\u015facak; sonunda <\/span><\/strong><strong><em><span style=\"font-size: 14pt; font-family: Arial, sans-serif;\">fikren M&uuml;sl&uuml;man, fiilen Hristiyan gibi<\/span><\/em><\/strong><span style=\"font-size: 14pt; font-family: Arial, sans-serif;\"> <\/span><strong><span style=\"font-size: 12.5pt; font-family: Arial, sans-serif;\">ya\u015famaya mecbur kalacaklard\u0131r.<\/span><\/strong><\/p>\n<p style=\"margin-bottom: 0.0001pt; text-align: justify; text-indent: 1cm; line-height: 16pt;\"><strong><span style=\"font-size: 14pt; font-family: Arial, sans-serif;\">AKP&#8217;li baz\u0131 yetkili ve y&ouml;neticiler, sanki Sapk\u0131nlar Tarikat\u0131 &uuml;yesi gibi davran\u0131rken, Sn. Hayrettin Karaman&#8217;dan niye bir uyar\u0131 gelmiyordu?<\/span><\/strong><\/p>\n<p style=\"margin-bottom: 0.0001pt; text-align: justify; text-indent: 1cm; line-height: 16pt;\"><strong><span style=\"font-size: 12.5pt; font-family: Arial, sans-serif;\">Bunlar\u0131n D&uuml;zce Milletvekili <\/span><\/strong><strong><span style=\"font-size: 14pt; font-family: Arial, sans-serif;\">Fevai Aslan<\/span><\/strong><strong><span style=\"font-size: 12.5pt; font-family: Arial, sans-serif;\">, <em>&ldquo;Ba\u015fbakan Erdo\u011fan Allah&rsquo;\u0131n b&uuml;t&uuml;n vas\u0131flar\u0131n\u0131 &uuml;zerinde ta\u015f\u0131yan bir liderdir!&rdquo;<\/em> \u015feklinde hezeyanlar savurmu\u015f, Hayrettin Karaman gibi yanda\u015f \u0130lahiyat Hocalar\u0131ndan t\u0131s &ccedil;\u0131kmam\u0131\u015ft\u0131.<\/span><\/strong><\/p>\n<p style=\"margin-bottom: 0.0001pt; text-align: justify; text-indent: 1cm; line-height: 16pt;\"><strong><span style=\"font-size: 12.5pt; font-family: Arial, sans-serif;\">Bursa Milletvekili <\/span><\/strong><strong><span style=\"font-size: 14pt; font-family: Arial, sans-serif;\">H&uuml;seyin \u015eahin<\/span><\/strong><strong><span style=\"font-size: 12.5pt; font-family: Arial, sans-serif;\">, <em>&ldquo;Erdo\u011fan&rsquo;a dokunmak bile ibadettir!&rdquo;<\/em> \u015feklinde z\u0131rvalam\u0131\u015f, m&uuml;ritleri mest olmu\u015flard\u0131.<\/span><\/strong><\/p>\n<p style=\"margin-bottom: 0.0001pt; text-align: justify; text-indent: 1cm; line-height: 16pt;\"><strong><span style=\"font-size: 12.5pt; font-family: Arial, sans-serif;\">\u0130stanbul Milletvekili <\/span><\/strong><strong><span style=\"font-size: 14pt; font-family: Arial, sans-serif;\">Oktay Saral<\/span><\/strong><strong><span style=\"font-size: 12.5pt; font-family: Arial, sans-serif;\">, <em>&ldquo;Erdo\u011fan i&ccedil;in her g&uuml;n iki rek&acirc;t \u015f&uuml;k&uuml;r namaz\u0131 k\u0131lmal\u0131y\u0131z!&rdquo;<\/em> diye z\u0131vanadan &ccedil;\u0131km\u0131\u015f, ama do\u011fal kar\u015f\u0131lanm\u0131\u015ft\u0131.<\/span><\/strong><\/p>\n<p style=\"margin-bottom: 0.0001pt; text-align: justify; text-indent: 1cm; line-height: 16pt;\"><strong><span style=\"font-size: 12.5pt; font-family: Arial, sans-serif;\">AKP Ayd\u0131n \u0130l Ba\u015fkan\u0131 <\/span><\/strong><strong><span style=\"font-size: 14pt; font-family: Arial, sans-serif;\">\u0130smail Hakk\u0131 Eser<\/span><\/strong><strong><span style=\"font-size: 12.5pt; font-family: Arial, sans-serif;\">: <em>&ldquo;Erdo\u011fan ikinci peygamberdir!&rdquo;<\/em> diye sap\u0131tm\u0131\u015f, bunlar alk\u0131\u015flam\u0131\u015ft\u0131.<\/span><\/strong><\/p>\n<p style=\"margin-bottom: 0.0001pt; text-align: justify; text-indent: 1cm; line-height: 16pt;\"><strong><span style=\"font-size: 12.5pt; font-family: Arial, sans-serif;\">Televizyona &ccedil;\u0131kan bir yanda\u015f ve yang\u0131n kad\u0131n, <em>&ldquo;Ben onun k\u0131&ccedil;\u0131n\u0131n k\u0131l\u0131y\u0131m!&rdquo;<\/em> diyecek kadar yav\u015fakla\u015fm\u0131\u015f, ama h&uuml;rmet ve ra\u011fbet toplam\u0131\u015ft\u0131.<\/span><\/strong><\/p>\n<p style=\"margin-bottom: 0.0001pt; text-align: justify; text-indent: 1cm; line-height: 16pt;\"><strong><span style=\"font-size: 12.5pt; font-family: Arial, sans-serif;\">Yanda\u015f ve yalaka gazeteci <\/span><\/strong><strong><span style=\"font-size: 14pt; font-family: Arial, sans-serif;\">At\u0131lgan Bayar<\/span><\/strong><strong><span style=\"font-size: 12.5pt; font-family: Arial, sans-serif;\">: <em>&ldquo;Erdo\u011fan halife-i ruyi zemindir!&rdquo; yani &ldquo;b&uuml;t&uuml;n yery&uuml;z&uuml;n&uuml;n kutsal ve onursal halifesi ve reisidir!&rdquo;<\/em> \u015feklinde riyak&acirc;r ve as\u0131ls\u0131z iltifatlar ya\u011fd\u0131rm\u0131\u015f, ama takdir toplam\u0131\u015ft\u0131.<\/span><\/strong><\/p>\n<p style=\"margin-bottom: 0.0001pt; text-align: justify; text-indent: 1cm; line-height: 16pt;\"><strong><span style=\"font-size: 12.5pt; font-family: Arial, sans-serif;\">&Acirc;limlik taslayan bir sahtek&acirc;r, <em>&ldquo;Erdo\u011fan&rsquo;a oy vermek farz\u0131 ay\u0131nd\u0131r!&rdquo;<\/em> fetvas\u0131n\u0131 yay\u0131nlam\u0131\u015f, maalesef yanda\u015f Hoca tak\u0131m\u0131 ve Diyanet ve din adamlar\u0131 bu fesat&ccedil;\u0131l\u0131\u011f\u0131 yan\u0131ts\u0131z b\u0131rakm\u0131\u015flard\u0131.<\/span><\/strong><\/p>\n<p style=\"margin-bottom: 0.0001pt; text-align: justify; text-indent: 1cm; line-height: 16pt;\"><strong><span style=\"font-size: 14pt; font-family: Arial, sans-serif;\">Oysa hakikat n&acirc;m\u0131na, \u0130slam ve insanl\u0131k onuruna, Allah&rsquo;\u0131n huzurunda ve sizlerin kar\u015f\u0131s\u0131nda ilan ediyoruz:<\/span><\/strong><\/p>\n<p style=\"margin-bottom: 0.0001pt; text-align: justify; text-indent: 1cm; line-height: 16pt;\"><strong><span style=\"font-size: 14pt; font-family: Arial, sans-serif;\">&bull; <\/span><\/strong><strong><span style=\"font-size: 12.5pt; font-family: Arial, sans-serif;\">AKP, <\/span><\/strong><strong><em><span style=\"font-size: 14pt; font-family: Arial, sans-serif;\">faizci ve ribac\u0131d\u0131r<\/span><\/em><\/strong><strong><span style=\"font-size: 12.5pt; font-family: Arial, sans-serif;\">. Ve Bakara Suresi 279. ayetine g&ouml;re bu iktidar Allah&rsquo;a ve Peygambere sava\u015f a&ccedil;m\u0131\u015ft\u0131r.<\/span><\/strong><\/p>\n<p style=\"margin-bottom: 0.0001pt; text-align: justify; text-indent: 1cm; line-height: 16pt;\"><strong><span style=\"font-size: 14pt; font-family: Arial, sans-serif;\">&bull; <\/span><\/strong><strong><span style=\"font-size: 12.5pt; font-family: Arial, sans-serif;\">AKP, Maide 90. ayetinde \u015feytan icraat\u0131 say\u0131lan \u015fekilde <\/span><\/strong><strong><em><span style=\"font-size: 14pt; font-family: Arial, sans-serif;\">&ldquo;kumarc\u0131d\u0131r&rdquo;<\/span><\/em><\/strong><strong><span style=\"font-size: 12.5pt; font-family: Arial, sans-serif;\">. Loto, Toto, Milli Piyango, Kaz\u0131 Kazan, At Yar\u0131\u015f\u0131, \u0130t Yar\u0131\u015f\u0131 bunlar\u0131n gelir kayna\u011f\u0131d\u0131r.<\/span><\/strong><\/p>\n<p style=\"margin-bottom: 0.0001pt; text-align: justify; text-indent: 1cm; line-height: 16pt;\"><strong><span style=\"font-size: 14pt; font-family: Arial, sans-serif;\">&bull; <\/span><\/strong><strong><span style=\"font-size: 12.5pt; font-family: Arial, sans-serif;\">AKP; <\/span><\/strong><strong><em><span style=\"font-size: 14pt; font-family: Arial, sans-serif;\">zinay\u0131 ceza almaktan &ccedil;\u0131karm\u0131\u015f<\/span><\/em><\/strong><strong><span style=\"font-size: 12.5pt; font-family: Arial, sans-serif;\">, bunlar\u0131n d&ouml;neminde ahl&acirc;ki ve ailevi tahribat tavan yapm\u0131\u015ft\u0131r.<\/span><\/strong><\/p>\n<p style=\"margin-bottom: 0.0001pt; text-align: justify; text-indent: 1cm; line-height: 16pt;\"><strong><span style=\"font-size: 14pt; font-family: Arial, sans-serif;\">&bull; <\/span><\/strong><strong><span style=\"font-size: 12.5pt; font-family: Arial, sans-serif;\">AKP, Ha&ccedil;l\u0131 ve ahl&acirc;ks\u0131z AB&rsquo;nin kap\u0131c\u0131s\u0131 gibi davranmakta, onlar\u0131n talimatlar\u0131yla kanun ve kurallar &ccedil;\u0131kar\u0131p durmaktad\u0131r.<\/span><\/strong><\/p>\n<p style=\"margin-bottom: 0.0001pt; text-align: justify; text-indent: 1cm; line-height: 16pt;\"><strong><span style=\"font-size: 14pt; font-family: Arial, sans-serif;\">&bull; <\/span><\/strong><strong><span style=\"font-size: 12.5pt; font-family: Arial, sans-serif;\">AKP, zalim ve Siyonist \u0130srail&rsquo;le <\/span><\/strong><strong><em><span style=\"font-size: 14pt; font-family: Arial, sans-serif;\">Normalle\u015fme Anla\u015fmas\u0131<\/span><\/em><\/strong><span style=\"font-size: 14pt; font-family: Arial, sans-serif;\"> <\/span><strong><span style=\"font-size: 12.5pt; font-family: Arial, sans-serif;\">imzalayacak kadar kahramand\u0131r!..<\/span><\/strong><\/p>\n<p style=\"margin-bottom: 0.0001pt; text-align: justify; text-indent: 1cm; line-height: 16pt;\"><strong><span style=\"font-size: 12.5pt; font-family: Arial, sans-serif;\">Kur&rsquo;an-\u0131 Kerim&#8217;e, Hadis-i \u015eeriflere ve insanl\u0131k tarihine bakarak uyar\u0131yor ve bunlar\u0131n asl\u0131na d&ouml;nmelerini umuyoruz. Aksi halde bu din istismarc\u0131s\u0131, bu Mill&icirc; G&ouml;r&uuml;\u015f ka&ccedil;k\u0131n\u0131 AKP iktidar\u0131n\u0131n ba\u015f\u0131na, bug&uuml;ne kadar hi&ccedil; duyulmam\u0131\u015f ve hi&ccedil; ya\u015fanmam\u0131\u015f bir bel&acirc; dokunacak, herkes bunlar\u0131n i&ccedil; y&uuml;z&uuml;n&uuml; anlayacak, ama i\u015f i\u015ften ge&ccedil;mi\u015f olacakt\u0131r. Ne yani; Faizi CHP y&uuml;r&uuml;tse g&uuml;nah, AKP y&uuml;r&uuml;tse mubah m\u0131 olmaktayd\u0131? Kumar\u0131 CHP oynatsa ay\u0131p, AKP oynatsa sevap m\u0131 olmaktayd\u0131? Fuhu\u015f azg\u0131nl\u0131\u011f\u0131n\u0131 CHP k&ouml;r&uuml;klese haram, AKP k&ouml;r&uuml;klese hel&acirc;l mi say\u0131lmaktayd\u0131? Bu nas\u0131l marazl\u0131 bir mant\u0131kt\u0131?<\/span><\/strong><\/p>\n<p style=\"margin-bottom: 0.0001pt; text-align: justify; text-indent: 1cm; line-height: 16pt;\"><strong><span style=\"font-size: 14pt; font-family: Arial, sans-serif;\">Sn. Hayrettin Karaman ve di\u011fer yanda\u015f ilahiyat&ccedil;\u0131lar: <em>&ldquo;mutlak do\u011frulara&rdquo;<\/em> dayan\u0131larak ve <em>&ldquo;kesin yanl\u0131\u015flardan&rdquo;<\/em> sak\u0131narak; Adil, Asil ve Asri bir D&uuml;zen haz\u0131rlay\u0131p, ge&ccedil;i\u015f s&uuml;reci &ouml;zel \u015fartlar\u0131n\u0131 da ayarlay\u0131p bu iktidara sunmak i&ccedil;in ne g&uuml;n&uuml; bekliyorlard\u0131?<\/span><\/strong><\/p>\n<p style=\"margin-bottom: 0.0001pt; text-align: justify; text-indent: 1cm; line-height: 16pt;\"><strong><span style=\"font-size: 14pt; font-family: Arial, sans-serif;\">Do\u011fru ve yanl\u0131\u015flar\u0131n tespitinde ise \u015fu de\u011fer &ouml;l&ccedil;&uuml;leri esas al\u0131nmal\u0131d\u0131r:<\/span><\/strong><\/p>\n<p style=\"margin-bottom: 0.0001pt; text-align: justify; text-indent: 1cm; line-height: 16pt;\"><strong><span style=\"font-size: 12.5pt; font-family: Arial, sans-serif;\">1- Akl\u0131selimin gerekleri, 2- M&uuml;spet ilmin verileri, 3- Vicdani kanaat neticeleri, 4- Tarihin tecr&uuml;be ve birikimleri, 5- Evrensel Hukuk kaideleri, 6- \u0130lahi dinlerin ve Kur&rsquo;an-\u0131 Kerim&rsquo;in &ouml;\u011fretileri. \u0130\u015fte bu alt\u0131 de\u011fer &ouml;l&ccedil;&uuml;s&uuml;n&uuml;n, ittifakla <\/span><\/strong><strong><span style=\"font-size: 14pt; font-family: Arial, sans-serif;\">&#8220;Hay\u0131rl\u0131 ve Yararl\u0131&#8221; <\/span><\/strong><strong><span style=\"font-size: 12.5pt; font-family: Arial, sans-serif;\">g&ouml;rd&uuml;\u011f&uuml; \u015feyler <\/span><\/strong><strong><span style=\"font-size: 14pt; font-family: Arial, sans-serif;\">&#8220;Do\u011fru&#8221;<\/span><\/strong><strong><span style=\"font-size: 12.5pt; font-family: Arial, sans-serif;\">, yine bunlar\u0131n ittifakla <\/span><\/strong><strong><span style=\"font-size: 14pt; font-family: Arial, sans-serif;\">&#8220;K&ouml;t&uuml; ve Zararl\u0131&#8221; <\/span><\/strong><strong><span style=\"font-size: 12.5pt; font-family: Arial, sans-serif;\">g&ouml;rd&uuml;\u011f&uuml; \u015feyler de <\/span><\/strong><strong><span style=\"font-size: 14pt; font-family: Arial, sans-serif;\">&#8220;Yanl\u0131\u015f&#8221; <\/span><\/strong><strong><span style=\"font-size: 12.5pt; font-family: Arial, sans-serif;\">olarak temel al\u0131nmal\u0131d\u0131r. <\/span><\/strong><strong><span style=\"font-size: 14pt; font-family: Arial, sans-serif;\">&#8220;De\u011fi\u015fmeyen do\u011fru&#8221;<\/span><\/strong><strong><span style=\"font-size: 12.5pt; font-family: Arial, sans-serif;\">lar\u0131 ve adaleti esas alan d&uuml;\u015f&uuml;nce ve d&uuml;zenler <\/span><\/strong><strong><span style=\"font-size: 14pt; font-family: Arial, sans-serif;\">HAK<\/span><\/strong><strong><span style=\"font-size: 12.5pt; font-family: Arial, sans-serif;\">, <\/span><\/strong><strong><span style=\"font-size: 14pt; font-family: Arial, sans-serif;\">&#8220;Devaml\u0131 yanl\u0131\u015flar&#8221; <\/span><\/strong><strong><span style=\"font-size: 12.5pt; font-family: Arial, sans-serif;\">&uuml;zerine kurulan, haks\u0131zl\u0131k ve ahl&acirc;ks\u0131zl\u0131\u011fa yol a&ccedil;an d&uuml;\u015f&uuml;nce ve d&uuml;zenler ise <\/span><\/strong><strong><span style=\"font-size: 14pt; font-family: Arial, sans-serif;\">B&Acirc;TIL<\/span><\/strong><strong><span style=\"font-size: 12.5pt; font-family: Arial, sans-serif;\"> say\u0131lmal\u0131d\u0131r.<\/span><\/strong><\/p>\n<p style=\"margin-bottom: 0.0001pt; text-align: justify; text-indent: 1cm; line-height: 16pt;\"><strong><span style=\"font-size: 14pt; font-family: Arial, sans-serif;\">Haz\u0131rlanacak bu Adil ve Asil D&uuml;zen:<\/span><\/strong><\/p>\n<p style=\"margin-bottom: 0.0001pt; text-align: justify; text-indent: 1cm; line-height: 16pt;\"><strong><span style=\"font-size: 12.5pt; font-family: Arial, sans-serif;\">a) &Ouml;zellikle Hakk\u0131 &uuml;st&uuml;n tutan bir d&uuml;zen olmal\u0131d\u0131r. Farkl\u0131 k&ouml;ken ve k&uuml;lt&uuml;rden herkesin hakk\u0131n\u0131 korumal\u0131d\u0131r.<\/span><\/strong><\/p>\n<p style=\"margin-bottom: 0.0001pt; text-align: justify; text-indent: 1cm; line-height: 16pt;\"><strong><span style=\"font-size: 12.5pt; font-family: Arial, sans-serif;\">b) Temel h&uuml;rriyetleri esas alan bir d&uuml;zen olmal\u0131d\u0131r. Bask\u0131c\u0131, bunalt\u0131c\u0131, dayatmac\u0131 tav\u0131rlardan uzak durmal\u0131d\u0131r. <\/span><\/strong><\/p>\n<p style=\"margin-bottom: 0.0001pt; text-align: justify; text-indent: 1cm; line-height: 16pt;\"><strong><span style=\"font-size: 12.5pt; font-family: Arial, sans-serif;\">c) Genel huzuru ve g&uuml;venli\u011fi sa\u011flayan bir d&uuml;zen olmal\u0131d\u0131r. <\/span><\/strong><\/p>\n<p style=\"margin-bottom: 0.0001pt; text-align: justify; text-indent: 1cm; line-height: 16pt;\"><strong><span style=\"font-size: 14pt; font-family: Arial, sans-serif;\">&Ccedil;&uuml;nk&uuml;; &ldquo;3K&rdquo; form&uuml;l&uuml;yle:<\/span><\/strong><\/p>\n<p style=\"margin-bottom: 0.0001pt; text-align: justify; text-indent: 1cm; line-height: 16pt;\"><strong><span style=\"font-size: 12.5pt; font-family: Arial, sans-serif;\">A- Hem kafay\u0131, B- Hem kalbi, C- Hem de karn\u0131 doyuran bir sisteme ihtiyac\u0131m\u0131z vard\u0131r.<\/span><\/strong><\/p>\n<p style=\"margin-bottom: 0.0001pt; text-align: justify; text-indent: 1cm; line-height: 16pt;\"><strong><span style=\"font-size: 12.5pt; font-family: Arial, sans-serif;\">Bu arada, farkl\u0131 k&ouml;ken ve k&uuml;lt&uuml;rden, ama herkesin hayr\u0131na ve huzuruna yarayan, &ccedil;a\u011fda\u015f bilimin verileriyle ve evrensel hukuk prensipleriyle de uyu\u015fan <em>&ldquo;ger&ccedil;eklere ve g&uuml;zelliklere&rdquo;,<\/em> sadece, bunlar <\/span><\/strong><strong><span style=\"font-size: 14pt; font-family: Arial, sans-serif;\">&ldquo;din&rdquo;<\/span><\/strong><strong><span style=\"font-size: 12.5pt; font-family: Arial, sans-serif;\">den kaynaklan\u0131yor diye kar\u015f\u0131 &ccedil;\u0131kanlar\u0131n; asla olumlu ve onurlu bir tav\u0131r sergilemedikleri, demokrasi ve laikli\u011fi &ouml;z&uuml;msemedikleri ve i&ccedil;lerine sindiremedikleri de ac\u0131 bir ger&ccedil;ek olarak kar\u015f\u0131m\u0131zdad\u0131r.<\/span><\/strong><\/p>\n<p style=\"margin-bottom: 0.0001pt; text-align: justify; text-indent: 1cm; line-height: 16pt;\"><strong><span style=\"font-size: 14pt; font-family: Arial, sans-serif;\">Dinsiz bir devlet, g&uuml;&ccedil;l&uuml; kuvvetli bir DEL\u0130 gibidir; Devletsiz Din ise fel&ccedil;li bir D&Acirc;H\u0130 yerindedir!<\/span><\/strong><\/p>\n<p style=\"margin-bottom: 0.0001pt; text-align: justify; text-indent: 1cm; line-height: 16pt;\"><strong><span style=\"font-size: 12.5pt; font-family: Arial, sans-serif;\">I- <\/span><\/strong><strong><span style=\"font-size: 14pt; font-family: Arial, sans-serif;\">&ldquo;\u0130lim&rdquo;<\/span><\/strong><strong><span style=\"font-size: 12.5pt; font-family: Arial, sans-serif;\">de tart\u0131\u015fma ve ispat etme esast\u0131r. Ak\u0131l ve mant\u0131k &ouml;ne &ccedil;\u0131kacakt\u0131r.<\/span><\/strong><\/p>\n<p style=\"margin-bottom: 0.0001pt; text-align: justify; text-indent: 1cm; line-height: 16pt;\"><strong><span style=\"font-size: 12.5pt; font-family: Arial, sans-serif;\">II- &ldquo;<\/span><\/strong><strong><span style=\"font-size: 14pt; font-family: Arial, sans-serif;\">Din&rdquo;<\/span><\/strong><strong><span style=\"font-size: 12.5pt; font-family: Arial, sans-serif;\">de ise ikna ve inand\u0131rma vard\u0131r. Zorlama ve m&uuml;naka\u015fa yasakt\u0131r.<\/span><\/strong><\/p>\n<p style=\"margin-bottom: 0.0001pt; text-align: justify; text-indent: 1cm; line-height: 16pt;\"><strong><span style=\"font-size: 12.5pt; font-family: Arial, sans-serif;\">III- <\/span><\/strong><strong><span style=\"font-size: 14pt; font-family: Arial, sans-serif;\">&ldquo;D&uuml;zen&rdquo;<\/span><\/strong><strong><span style=\"font-size: 12.5pt; font-family: Arial, sans-serif;\">de ise m&uuml;eyyide (yapt\u0131r\u0131m) ve icap ederse zorlama ka&ccedil;\u0131n\u0131lmazd\u0131r. Bu yapt\u0131r\u0131m g&uuml;c&uuml; ise ancak DEVLET sayesinde m&uuml;mk&uuml;n olacakt\u0131r.<\/span><\/strong><\/p>\n<p style=\"margin-bottom: 0.0001pt; text-align: justify; text-indent: 1cm; line-height: 16pt;\"><strong><span style=\"font-size: 12.5pt; font-family: Arial, sans-serif;\">\u0130slam ise hem <\/span><\/strong><strong><span style=\"font-size: 14pt; font-family: Arial, sans-serif;\">&#8220;Din&#8221;<\/span><\/strong><strong><span style=\"font-size: 12.5pt; font-family: Arial, sans-serif;\">dir. Hem <\/span><\/strong><strong><span style=\"font-size: 14pt; font-family: Arial, sans-serif;\">&#8220;Adil bir D&uuml;zen&rsquo;in temel esaslar\u0131n\u0131 i&ccedil;ermekte&#8221;<\/span><\/strong><strong><span style=\"font-size: 12.5pt; font-family: Arial, sans-serif;\">dir. Hem de <\/span><\/strong><strong><span style=\"font-size: 14pt; font-family: Arial, sans-serif;\">&#8220;\u0130lim&#8221;<\/span><\/strong><strong><span style=\"font-size: 12.5pt; font-family: Arial, sans-serif;\">dir&#8230; &Ouml;yle ise her bir k\u0131sm\u0131 i&ccedil;in, ayr\u0131 bir metot ve mant\u0131\u011f\u0131n bulunmas\u0131 tabiidir. <\/span><\/strong><strong><span style=\"font-size: 12.5pt; font-family: Arial, sans-serif;\">Bu ilm&icirc; ve \u0130slam&icirc; ger&ccedil;ekler ortada dururken, kurulacak Adil bir D&uuml;zen&rsquo;in<em>&nbsp;&#8220;b&uuml;t&uuml;n vatanda\u015flar\u0131, M&uuml;sl&uuml;man olmaya zorlayaca\u011f\u0131, M&uuml;sl&uuml;man olmayanlara hayat hakk\u0131 tan\u0131mayaca\u011f\u0131 ve herkesi namaz, oru&ccedil; gibi ibadetlere mecbur tutaca\u011f\u0131&#8221;&nbsp;<\/em>gibi yanl\u0131\u015f ve yan\u0131lt\u0131c\u0131 iddia ve isnatlar, kafalar\u0131 kar\u0131\u015ft\u0131rmaya y&ouml;neliktir. Oysa demokrasi ve laiklik ad\u0131na hi&ccedil;bir sistemin veremedi\u011fi temel insan hak ve h&uuml;rriyetlerini, Adil D&uuml;zen ger&ccedil;ekle\u015ftirecektir. \u0130mani ve ahl&acirc;ki de\u011ferleri yerle\u015ftirmek d&acirc;hil, her \u015feyi kanun zoruyla ve devlet bask\u0131s\u0131yla yapacaklar\u0131n\u0131 sanan ve savunan M&uuml;sl&uuml;manlar\u0131n; bu yanl\u0131\u015f tutum ve tav\u0131rlar\u0131 da halk\u0131n &uuml;rk&uuml;t&uuml;lmesinde maalesef &ouml;nemli ve olumsuz bir etkendir.<\/span><\/strong><\/p>\n<p style=\"margin-bottom: 0.0001pt; text-align: justify; text-indent: 1cm; line-height: 16pt;\"><strong><span style=\"font-size: 14pt; font-family: Arial, sans-serif;\">Do\u011fru ve olumlu bir &ldquo;Laiklik&rdquo; de, hem toplumun huzuruna hem de \u0130slam&rsquo;a uygun bir kavramd\u0131r.<\/span><\/strong><\/p>\n<p style=\"margin-bottom: 0.0001pt; text-align: justify; text-indent: 1cm; line-height: 16pt;\"><strong><span style=\"font-size: 12.5pt; font-family: Arial, sans-serif;\">Erbakan Hoca&rsquo;n\u0131n:&nbsp;<em>&ldquo;Gelin anayasam\u0131za, Laikli\u011fin tan\u0131m\u0131n\u0131 ve T&uuml;rk&ccedil;e kar\u015f\u0131l\u0131\u011f\u0131n\u0131 yazal\u0131m!&rdquo;<\/em>&nbsp;teklifi nedense hep duymazl\u0131ktan gelinmi\u015ftir.&nbsp;&Ccedil;&uuml;nk&uuml; k&ouml;t&uuml; niyetli ve bozuk t\u0131ynetli bir kesim, \u0130slam d&uuml;\u015fmanl\u0131\u011f\u0131 yapabilmek i&ccedil;in, laikli\u011fin hep b&ouml;yle mu\u011flak kalmas\u0131n\u0131 istemi\u015flerdir.<\/span><\/strong><\/p>\n<p style=\"margin-bottom: 0.0001pt; text-align: justify; text-indent: 1cm; line-height: 16pt;\"><strong><span style=\"font-size: 12.5pt; font-family: Arial, sans-serif;\">Oysa Laiklik:<\/span><\/strong><span style=\"font-size: 12.5pt; font-family: Arial, sans-serif;\">&nbsp;<strong>Din hizmetleriyle devlet i\u015flerinin birbirinden ayr\u0131lmas\u0131 ise, yerindedir.<\/strong><\/span><\/p>\n<p style=\"margin-bottom: 0.0001pt; text-align: justify; text-indent: 1cm; line-height: 16pt;\"><strong><span style=\"font-size: 12.5pt; font-family: Arial, sans-serif;\">Laiklik:<\/span><\/strong><span style=\"font-size: 12.5pt; font-family: Arial, sans-serif;\">&nbsp;<strong>Farkl\u0131 din ve mezhep mensuplar\u0131na, devletin ve adaletin ayn\u0131 mesafede kalmas\u0131 ise, g&uuml;zeldir.<\/strong><\/span><\/p>\n<p style=\"margin-bottom: 0.0001pt; text-align: justify; text-indent: 1cm; line-height: 16pt;\"><strong><span style=\"font-size: 12.5pt; font-family: Arial, sans-serif;\">Laiklik:&nbsp;De\u011fi\u015fik din ve d&uuml;\u015f&uuml;nceye sahip kesimlerin, birlikte ho\u015fg&ouml;r&uuml; ve bar\u0131\u015f i&ccedil;erisinde ya\u015fama \u015fartlar\u0131n\u0131n haz\u0131rlanmas\u0131 ise, tabi ki gereklidir.<\/span><\/strong><\/p>\n<p style=\"margin-bottom: 0.0001pt; text-align: justify; text-indent: 1cm; line-height: 16pt;\"><strong><span style=\"font-size: 12.5pt; font-family: Arial, sans-serif;\">Laiklik:&nbsp;Devletin ve d&uuml;zenin, belli bir inanc\u0131n veya din adamlar\u0131 s\u0131n\u0131f\u0131n\u0131n g&uuml;d&uuml;m&uuml;ne b\u0131rak\u0131lmamas\u0131; toplumun b&uuml;t&uuml;n kesimlerinin, belde, il&ccedil;e ve il gibi yak\u0131n &ccedil;evrede do\u011frudan, ama yurt genelinde ise dolayl\u0131 bi&ccedil;imde y&ouml;netime kat\u0131l\u0131m\u0131n sa\u011flanmas\u0131 ise, elbette isabetlidir.<\/span><\/strong><\/p>\n<p style=\"margin-bottom: 0.0001pt; text-align: justify; text-indent: 1cm; line-height: 16pt;\"><strong><span style=\"font-size: 12.5pt; font-family: Arial, sans-serif;\">Laiklik:&nbsp;Herhangi bir dine veya dinsizli\u011fe mensup olman\u0131n, devlet ve hukuk &ouml;n&uuml;nde; ne &ouml;zel bir imtiyaz ve h&uuml;rmet, ne de kas\u0131tl\u0131 bir ma\u011fduriyet ve mahrumiyet nedeni say\u0131lmamas\u0131 ise, herhalde sahiplenmelidir.<\/span><\/strong><\/p>\n<p style=\"margin-bottom: 0.0001pt; text-align: justify; text-indent: 1cm; line-height: 16pt;\"><strong><span style=\"font-size: 12.5pt; font-family: Arial, sans-serif;\">Ancak;<\/span><\/strong><span style=\"font-size: 12.5pt; font-family: Arial, sans-serif;\">&nbsp;<strong>Laiklik:<\/strong>&nbsp;<strong>Bir &uuml;lkenin anayasalar\u0131 yap\u0131l\u0131rken ve di\u011fer gerekli kanun ve kurumlar\u0131 haz\u0131rlan\u0131rken, toplumu olu\u015fturan unsurlar\u0131n ve hele kahir &ccedil;o\u011funlu\u011fun&nbsp;<em>&ldquo;dinini, manevi de\u011ferlerini, gelenek ve g&ouml;reneklerini, &ouml;rf ve &acirc;detlerini hi&ccedil; hesaba katmama, esas almama&rdquo;&nbsp;<\/em>\u015feklinde ifade edilmek isteniyorsa, bu hem imk&acirc;ns\u0131zd\u0131r hem haks\u0131zl\u0131kt\u0131r hem de yarars\u0131zd\u0131r! \u0130\u015fte Atat&uuml;rk de bu nedenle Diyanet Te\u015fkilat\u0131n\u0131 kurmu\u015flar, herkes okuyup anlas\u0131n ve gere\u011fini bilerek ya\u015fas\u0131n diye Kur&rsquo;an&rsquo;\u0131n ve Hadis kitaplar\u0131n\u0131n terc&uuml;mesini yapt\u0131rm\u0131\u015flard\u0131r. &Uuml;stelik laikli\u011fin dinsizlik \u015feklinde dayat\u0131lmas\u0131, do\u011fal ve sosyal kanunlara da ayk\u0131r\u0131d\u0131r. Ve zaten laikli\u011fin b&ouml;yle anla\u015f\u0131l\u0131p uyguland\u0131\u011f\u0131 tek bir &uuml;lke dahi yoktur. &Ccedil;&uuml;nk&uuml; halk\u0131n kimli\u011fini, k&uuml;lt&uuml;r&uuml;n&uuml; ve hayat tarz\u0131n\u0131 \u015fekillendiren en &ouml;nemli etken olan &ldquo;Dini&rdquo; d\u0131\u015flayarak haz\u0131rlanm\u0131\u015f ve halka onaylat\u0131lm\u0131\u015f despotik d&uuml;zenler d\u0131\u015f\u0131nda, tek bir demokratik &ouml;rnek bulunamayacakt\u0131r.<\/strong><\/span><\/p>\n<p style=\"margin-bottom: 0.0001pt; text-align: justify; text-indent: 1cm; line-height: 16pt;\"><strong><span style=\"font-size: 12.5pt; font-family: Arial, sans-serif;\">Ve bu a&ccedil;\u0131dan bak\u0131ld\u0131\u011f\u0131nda, baz\u0131lar\u0131nca h&acirc;lihaz\u0131r anayasam\u0131zdaki Diyanet Te\u015fkilat\u0131 Kurumu, kanunlar\u0131 ve uygulamas\u0131 bile laikli\u011fe ayk\u0131r\u0131 say\u0131lmaktad\u0131r. Ve bunlara g&ouml;re <em>&ldquo;devletin temel nizam\u0131n\u0131 k\u0131smen de olsa dini temellere dayand\u0131rma&rdquo;<\/em> su&ccedil;lamas\u0131n\u0131n muhatab\u0131 konumundad\u0131r!? Halbuki; hukuk, halk i&ccedil;indir. Halk\u0131n inanc\u0131n\u0131 ve manevi ihtiyac\u0131n\u0131 hesaba katmayan ve &ouml;zellikle &ldquo;\u0130slam&rdquo; kokusu ald\u0131\u011f\u0131 her \u015feye d&uuml;\u015fman tavr\u0131 tak\u0131nan bir anlay\u0131\u015f ve yakla\u015f\u0131m laiklik de\u011fil, ladinliktir (Dinsizliktir) ve laubaliliktir.<\/span><\/strong><\/p>\n<p style=\"margin-bottom: 0.0001pt; text-align: justify; text-indent: 1cm; line-height: 16pt;\"><strong><span style=\"font-size: 14pt; font-family: Arial, sans-serif;\">Ve hele Hayrettin Karaman&rsquo;\u0131n:<\/span><\/strong><\/p>\n<p style=\"margin-bottom: 0.0001pt; text-align: justify; text-indent: 1cm; line-height: 16pt;\"><strong><em><span style=\"font-size: 12.5pt; font-family: Arial, sans-serif;\">&ldquo;Bundan &ouml;nceki bir&ccedil;ok iktidar d&ouml;neminde \u0130slami kesimin ayaklar\u0131nda maddi ve manevi hareketlerini engelleyen ba\u011flar, buka\u011f\u0131lar, prangalar vard\u0131. Bu iktidar bunlar\u0131 teker teker &ccedil;&ouml;zd&uuml;, \u015fimdi iyi M&uuml;sl&uuml;manlar olabilmek i&ccedil;in maddi ve manevi neye ihtiyac\u0131m\u0131z var ise mevcuttur. \u0130nsanlar\u0131n kendi aralar\u0131nda anla\u015farak -ceza alan\u0131 hari&ccedil;- bir&ccedil;ok alanda ve ili\u015fkide \u015feriat kurallar\u0131n\u0131 uygulamalar\u0131na da engel yoktur. De\u011fi\u015fim i&ccedil;in en &ouml;nemli ara&ccedil; e\u011fitim ve &ouml;\u011fretim ise -ki, bence de &ouml;yledir- &ccedil;ocuklar\u0131n okul &ccedil;a\u011f\u0131 &ouml;ncesine ait okullardan &uuml;niversiteye kadar her kademede okul a&ccedil;mak, mevcut okullar i&ccedil;inden de amaca uygun olanlar\u0131n\u0131 se&ccedil;mek m&uuml;mk&uuml;nd&uuml;r.&rdquo; <\/span><\/em><\/strong><strong><span style=\"font-size: 12.5pt; font-family: Arial, sans-serif;\">ifadeleri ise; iktidara yaranmak i&ccedil;in, Yaratan\u0131n r\u0131zas\u0131n\u0131 unutanlar\u0131n vicdanen nas\u0131l yamulduklar\u0131n\u0131 g&ouml;steren bir ibret vesikas\u0131d\u0131r. <\/span><\/strong><strong><span style=\"font-size: 14pt; font-family: Arial, sans-serif;\">Sn. Karaman: <em>&ldquo;<\/em><\/span><\/strong><strong><em><span style=\"font-size: 14pt; font-family: Arial, sans-serif;\">Arzu edenler kendi aralar\u0131nda uzla\u015f\u0131p, baz\u0131 \u015eeriat kanunlar\u0131n\u0131 uygulayabilir&rdquo; <\/span><\/em><\/strong><strong><span style=\"font-size: 14pt; font-family: Arial, sans-serif;\">\u015feklindeki fasit fetvas\u0131yla; toplumda nas\u0131l bir fitne-fesat ve karga\u015fa kap\u0131s\u0131n\u0131 aralad\u0131\u011f\u0131n\u0131n&#8230; Birtak\u0131m f\u0131rsat&ccedil;\u0131 kesimlerin istismar ve suistimaline yol a&ccedil;t\u0131\u011f\u0131n\u0131n fark\u0131nda m\u0131d\u0131r? <\/span><\/strong><\/p>\n<p style=\"margin-bottom: 0.0001pt; text-align: justify; text-indent: 1cm; line-height: 16pt;\"><strong><em><span style=\"font-size: 12.5pt; font-family: Arial, sans-serif;\">&ldquo;Bu iktidar iyi M&uuml;sl&uuml;man olmak ve \u0130slam&#8217;\u0131 ya\u015famak i&ccedil;in her t&uuml;rl&uuml; imk&acirc;n\u0131 haz\u0131rlam\u0131\u015f ve b&uuml;t&uuml;n engelleri kald\u0131rm\u0131\u015fm\u0131\u015f&hellip; Ve art\u0131k inanan insanlar kendi aralar\u0131nda anla\u015f\u0131p uzla\u015farak bir&ccedil;ok alanda \u015feriat kurallar\u0131n\u0131 kolayl\u0131kla uygulayacaklarm\u0131\u015f&hellip; Sadece \u0130slam&#8217;\u0131n ceza hukuku bunun d\u0131\u015f\u0131ndaym\u0131\u015f!?&rdquo;<\/span><\/em><\/strong><\/p>\n<p style=\"margin-bottom: 0.0001pt; text-align: justify; text-indent: 1cm; line-height: 16pt;\"><strong><span style=\"font-size: 12.5pt; font-family: Arial, sans-serif;\">Bir zamanlar <\/span><\/strong><strong><span style=\"font-size: 14pt; font-family: Arial, sans-serif;\">S&uuml;leyman Demirel <\/span><\/strong><strong><span style=\"font-size: 12.5pt; font-family: Arial, sans-serif;\">de buna benzer \u015feyler buyurmu\u015flard\u0131&hellip; Demek ki, <\/span><\/strong><strong><em><span style=\"font-size: 14pt; font-family: Arial, sans-serif;\">her \u015fey d&ouml;n&uuml;p dola\u015f\u0131p asl\u0131na r&uuml;cu edip<\/span><\/em><\/strong><span style=\"font-size: 14pt; font-family: Arial, sans-serif;\"> <\/span><strong><span style=\"font-size: 12.5pt; font-family: Arial, sans-serif;\">durmaktayd\u0131!<\/span><\/strong><\/p>\n<p style=\"margin-bottom: 0.0001pt; text-align: justify; text-indent: 1cm; line-height: 16pt;\"><strong><span style=\"font-size: 14pt; font-family: Arial, sans-serif;\">Oysa Sn. Hayrettin Karaman&rsquo;\u0131n bu talihsiz ve temelsiz beyanlar\u0131ndan cesaret alan baz\u0131 ilahiyat&ccedil;\u0131lar, iyice z\u0131vanadan &ccedil;\u0131k\u0131p, <em>&ldquo;\u0130slam&rsquo;\u0131n bir Devlet talebi ve hedefi olmad\u0131\u011f\u0131n\u0131&rdquo; <\/em>s&ouml;yleyecek kadar sap\u0131tm\u0131\u015flard\u0131r!<\/span><\/strong><\/p>\n<p style=\"margin-bottom: 0.0001pt; text-align: justify; text-indent: 1cm; line-height: 16pt;\"><strong><span style=\"font-size: 14pt; font-family: Arial, sans-serif;\">Oysa \u0130slam&rsquo;\u0131n k&acirc;mil olarak ya\u015fanmas\u0131 ve insan\u0131m\u0131z\u0131n huzura kavu\u015fmas\u0131 amac\u0131na ula\u015f\u0131lmas\u0131 i&ccedil;in i\u015fbirlik&ccedil;i de\u011fil, i\u015f bilir ve izzetli iktidarlara ihtiya&ccedil; vard\u0131r!<\/span><\/strong><\/p>\n<p style=\"margin-bottom: 0.0001pt; text-align: justify; text-indent: 1cm; line-height: 16pt;\"><strong><span style=\"font-size: 12.5pt; font-family: Arial, sans-serif;\">D&uuml;\u015f&uuml;ncesi ve ideolojisi ne olursa olsun, vicdan ehli bir bilim adam\u0131n\u0131n; \u0130slam&rsquo;\u0131n devlet ve h&uuml;k&uuml;met konusundaki emir ve h&uuml;k&uuml;mlerini objektif olarak ara\u015ft\u0131rmas\u0131, her \u015feyden &ouml;nce bilimsellik gere\u011fi ve g&ouml;revidir. Bu itibarla, <em>&ldquo;Acaba \u0130slam&rsquo;\u0131n &ouml;z&uuml;nde ve yap\u0131lmas\u0131n\u0131 istedi\u011fi \u015feylerde; ona inananlar\u0131n, Kur&rsquo;an&rsquo;\u0131n esaslar\u0131na g&ouml;re bir devlet kurmalar\u0131n\u0131 gerektiren h&uuml;k&uuml;mler var m\u0131d\u0131r?&rdquo;<\/em> diye bir soru ile ba\u015flamas\u0131 gerekmektedir. Bu ara\u015ft\u0131r\u0131c\u0131 ister M&uuml;sl&uuml;man olsun ister gayrim&uuml;slim; ister \u0130slam&rsquo;\u0131n bir devlet kurmas\u0131n\u0131 istesin veya istemesin, cevab\u0131 hi&ccedil; de\u011fi\u015fmeyecek olan bir sualdir. Bu soruya kar\u015f\u0131, insan\u0131n akl\u0131na hemen \u015f&ouml;yle bir cevap gelebilir. M&uuml;sl&uuml;manlar \u0130slam&rsquo;\u0131n zuhurundan itibaren zaten bir devlet kuragelmi\u015flerdir. Onlar farkl\u0131 k&ouml;ken ve k&uuml;lt&uuml;rlerden olu\u015fan bir milleti tamamen i&ccedil;ine alabilecek kapasitede bir topluluk olu\u015fturuvermi\u015flerdir. Sonra bu topluluk birden fazla &uuml;lkeyi i&ccedil;ine alacak bir kapasiteye eri\u015fmi\u015ftir. Bu durumda, di\u011fer herhangi bir topluluk gibi onlar\u0131n da bir devlet kurmalar\u0131 zaruri hale gelmi\u015ftir. Bir insan toplulu\u011fu olmalar\u0131 s\u0131fat\u0131yla, kurmu\u015f olduklar\u0131 devlet M&uuml;sl&uuml;manlar\u0131n devletiydi ve bu devletin siyasi ve idari bir te\u015fkilat\u0131n\u0131n olmas\u0131 elbette elzemdi. Art\u0131k bug&uuml;n, b&uuml;t&uuml;n M&uuml;sl&uuml;manlar\u0131n ayn\u0131 merkezden y&ouml;netilen tek bir devlet kurmalar\u0131 da gerekli de\u011fildir; <em>\u0130slam Birle\u015fmi\u015f Milletler Te\u015fkilat\u0131, \u0130slam Ortak Pazar\u0131, \u0130slam Savunma Pakt\u0131, \u0130slam Dinar\u0131 ve \u0130slam &Uuml;lkeleri Bilimsel ve Teknolojik \u0130rtibatlar\u0131<\/em> gibi evrensel kurum ve kurallar &ccedil;er&ccedil;evesinde ve &uuml;mmet bilinciyle hareket etmeleri ve sadece M&uuml;sl&uuml;manlar\u0131n de\u011fil, t&uuml;m insanl\u0131\u011f\u0131n huzur ve refah\u0131n\u0131 sa\u011flayacak bir BARI\u015e ve BEREKET medeniyetini olu\u015fturmalar\u0131 beklenmektedir. Bu nedenle; Kur&rsquo;an ve S&uuml;nnetteki nasslar\u0131n delaletleriyle, \u0130slam&rsquo;\u0131n bu iki kaynaktaki h&uuml;k&uuml;mlerinin tetkik edilmesi ve bunlar\u0131n bir devlet ve h&uuml;k&uuml;met kurmay\u0131 gerektirip gerektirmedi\u011finin belirlenmesi olduk&ccedil;a &ouml;nemlidir ve zaruridir.<\/span><\/strong><\/p>\n<p style=\"margin-bottom: 0.0001pt; text-align: justify; text-indent: 1cm; line-height: 16pt;\"><strong><span style=\"font-size: 12.5pt; font-family: Arial, sans-serif;\">A- 1- Kur&rsquo;an-\u0131 Kerim; kendisini kabul edip uygulanmas\u0131 i&ccedil;in &ccedil;al\u0131\u015facak bir devlet ve h&uuml;k&uuml;met kurulmadan ya\u015fanmas\u0131 m&uuml;mk&uuml;n olmayan h&uuml;k&uuml;mler i&ccedil;ermektedir. Mesela; katile &ouml;l&uuml;m cezas\u0131n\u0131n tatbiki,[1]&nbsp;her t&uuml;rl&uuml; h\u0131rs\u0131zl\u0131\u011f\u0131n (vurgun ve soygunlar\u0131n) &ouml;nlenmesi, cayd\u0131r\u0131c\u0131 cezalar verilmesi[2]&nbsp;yery&uuml;z&uuml;nde fesatl\u0131k &ccedil;\u0131karmaya yeltenenlerin[3]&nbsp;-yani adil devletin ve toplum d&uuml;zeninin g&uuml;venli\u011fini ihlal edenlerin- def edilmesi ve benzerleri gibi, bir devlet ve h&uuml;k&uuml;met olmadan tatbiki m&uuml;mk&uuml;n olmayan hadlerle ilgili h&uuml;k&uuml;mler b&ouml;yledir. O halde i&ccedil;inde &ouml;l&uuml;m karar\u0131 (idam), hapse koyma, celd (zina edenlere tatbik edilen utand\u0131r\u0131c\u0131 ve usland\u0131r\u0131c\u0131 ceza) ve benzerleri gibi \u0130lahi kanunlar\u0131 esas al\u0131p uygulay\u0131verecek yetkili h&uuml;k&uuml;meti gerektiren bu h&uuml;k&uuml;mler, bir mahkeme karar\u0131 ve tabi arkas\u0131nda bir iktidar\u0131 olmadan fertlere nas\u0131l b\u0131rak\u0131labilir?<\/span><\/strong><\/p>\n<p style=\"margin-bottom: 0.0001pt; text-align: justify; text-indent: 1cm; line-height: 16pt;\"><strong><span style=\"font-size: 12.5pt; font-family: Arial, sans-serif;\">2- Ayn\u0131 \u015fekilde Kur&rsquo;an; akrabalar aras\u0131nda verilmesi gereken nafaka, miras ve bunlar\u0131n da\u011f\u0131l\u0131m\u0131, zek&acirc;t ve harcama yollar\u0131 ile ilgili mali h&uuml;k&uuml;mler ihtiva etmektedir. &Uuml;zerlerinde bulunan y&uuml;k&uuml;ml&uuml;l&uuml;kten ka&ccedil;\u0131nanlar\u0131; bu haklar\u0131 vermeye zorlayacak bir otorite olmadan, bu h&uuml;k&uuml;mlerin yerine getirilmesi m&uuml;mk&uuml;n de\u011fildir. Hatta, zek&acirc;t verilecek yerlerden birisi de zek&acirc;t i\u015flerinde &ccedil;al\u0131\u015fan b&uuml;t&uuml;n memur kesimidir <em>(el-&acirc;miline aleyh&acirc;)<\/em>. Bunlar zek&acirc;t toplayan ve da\u011f\u0131t\u0131m\u0131n\u0131 &uuml;zerlerine alan ve devletin di\u011fer hizmetlerinde &ccedil;al\u0131\u015fan kimselerdir. \u0130slam \u0131st\u0131lah\u0131ndaki &ldquo;&acirc;mil&rdquo; bug&uuml;nk&uuml; \u0131st\u0131lah\u0131m\u0131zda &ldquo;memur&rdquo; demektir. B&uuml;t&uuml;n bunlar\u0131n, bu mali esaslar\u0131 kendisine temel olarak alan ve bunlar\u0131n tatbiki ve yerine getirilmesi i&ccedil;in &ccedil;al\u0131\u015fan bir devlet d&uuml;zeni olmadan varl\u0131\u011f\u0131 d&uuml;\u015f&uuml;n&uuml;lemez.<\/span><\/strong><\/p>\n<p style=\"margin-bottom: 0.0001pt; text-align: justify; text-indent: 1cm; line-height: 16pt;\"><strong><span style=\"font-size: 12.5pt; font-family: Arial, sans-serif;\">3- Ayr\u0131ca Kur&rsquo;an; <em>Allah&rsquo;\u0131n s&ouml;z&uuml;n&uuml;n en &uuml;st&uuml;n olmas\u0131<\/em>, yani O&rsquo;nun adalet kanunlar\u0131n\u0131n h&acirc;kim olmas\u0131, dinin korunmas\u0131, M&uuml;sl&uuml;manlar\u0131n vatanlar\u0131na, varl\u0131klar\u0131na ve devletin ba\u011f\u0131ms\u0131zl\u0131\u011f\u0131na y&ouml;nelen tecav&uuml;zlere kar\u015f\u0131 milli savunma yap\u0131lmas\u0131, zay\u0131f ve g&uuml;&ccedil;s&uuml;z b\u0131rak\u0131lan erkek ve kad\u0131nlardan olu\u015fan mazlum ve ma\u011fdurlar\u0131n korunmas\u0131 i&ccedil;in Bakara, Nisa, Enfal, Tevbe surelerinde ve di\u011fer surelerde&nbsp;<em>&ldquo;Allah yolunda cihada&rdquo;<\/em>&nbsp;davet eden pek &ccedil;ok ayet-i kerime ihtiva etmekte ve ganimetlerin taksimi, esirlerin m&uuml;badelesi ve benzeri gibi askeri diplomasi konusunda da h&uuml;k&uuml;mler i&ccedil;ermektedir. Bu h&uuml;k&uuml;mlerin devletsiz ve otoritesiz olarak M&uuml;sl&uuml;manlara ayr\u0131 ayr\u0131, fert olarak hitap etti\u011fini d&uuml;\u015f&uuml;nmek cehalettir. Aksine bu bir siyasi te\u015fkilat ve bir nizam gerektirmektedir. Bir nizam i&ccedil;eren, M&uuml;sl&uuml;manlar\u0131n ve ba\u015fka b&uuml;t&uuml;n vatanda\u015flar\u0131n huzur ve emniyetini ama&ccedil;layarak, bu h&uuml;k&uuml;mleri y&uuml;r&uuml;rl&uuml;\u011fe koyan, harp tehlikesine kar\u015f\u0131 halk\u0131 uyaran, gerekli savunma tedbirlerini alan ve bunlar\u0131 uygulayan, gerekli anla\u015fmalar\u0131 imzalayan, ganimetleri ve &uuml;retilen nimetleri adil da\u011f\u0131tan bir Devlet D&uuml;zeni olmadan, bu h&uuml;k&uuml;mlerin tatbiki m&uuml;mk&uuml;n de\u011fildir.<\/span><\/strong><\/p>\n<p style=\"margin-bottom: 0.0001pt; text-align: justify; text-indent: 1cm; line-height: 16pt;\"><strong><span style=\"font-size: 12.5pt; font-family: Arial, sans-serif;\">Ayn\u0131 \u015fekilde Kur&rsquo;an; Y&uuml;ce Allah&rsquo;\u0131n \u015fu ayetinde emretti\u011fi gibi, devlet yetkililerinin g&ouml;revleri ile ilgili h&uuml;k&uuml;mler ve direktifler ihtiva etmektedir:&nbsp;<em>&ldquo;Allah, emanetleri ehline vermenizi ve insanlar aras\u0131nda h&uuml;kmetti\u011finiz zaman adaletle h&uuml;kmetmenizi emrediyor.&rdquo;[4]&nbsp;<\/em><\/span><\/strong><strong><span style=\"font-size: 12.5pt; font-family: Arial, sans-serif;\">Sahabeler bu ayet-i kerimenin devlet yetkilileri ve y&ouml;neticileri hakk\u0131nda nazil oldu\u011fu g&ouml;r&uuml;\u015f&uuml;ndedirler. Sahabe ve Tabiin devrine yak\u0131n bir zamanda ya\u015fam\u0131\u015f ilk m&uuml;fessirler de bu ayet-i kerimeyi ayn\u0131 \u015fekilde tefsir etmi\u015flerdir.[5]&nbsp;Ayr\u0131ca m&uuml;teakip ayet-i kerimede vatanda\u015flar\u0131n g&ouml;revleri de belirtilmi\u015ftir.<\/span><\/strong><\/p>\n<p style=\"margin-bottom: 0.0001pt; text-align: justify; text-indent: 1cm; line-height: 16pt;\"><strong><em><span style=\"font-size: 12.5pt; font-family: Arial, sans-serif;\">&ldquo;Allah&rsquo;a (Kur&rsquo;an&rsquo;\u0131n sarih -a&ccedil;\u0131k ve net- h&uuml;k&uuml;mlerine) itaat ediniz; Peygambere (sahih Hadislere-S&uuml;nnete) ve sizden Ulu&rsquo;l-Emr (emretme yetkisine sahip) kimselere de itaat ediniz.&rdquo;[6]<\/span><\/em><\/strong><\/p>\n<p style=\"margin-bottom: 0.0001pt; text-align: justify; text-indent: 1cm; line-height: 16pt;\"><strong><span style=\"font-size: 12.5pt; font-family: Arial, sans-serif;\">Ayetin sonunda, y&ouml;neticilerle halk aras\u0131nda anla\u015fmazl\u0131k &ccedil;\u0131kmas\u0131 halinde ba\u015fvurulacak merci zikredilmi\u015ftir;&nbsp;<em>&ldquo;E\u011fer Allah&rsquo;a ve ahiret g&uuml;n&uuml;ne inan\u0131yorsan\u0131z, bir \u015fey hususunda anla\u015fmazl\u0131\u011fa d&uuml;\u015ft&uuml;\u011f&uuml;n&uuml;z zaman onu(n h&uuml;km&uuml;n&uuml;) Allah&rsquo;a ve Resul&uuml;ne arz ediniz.&rdquo;[7]&nbsp;<\/em><\/span><\/strong><strong><span style=\"font-size: 12.5pt; font-family: Arial, sans-serif;\">Yani Kur&rsquo;an ve S&uuml;nneti esas alarak akl\u0131 selimle, m&uuml;spet ilimle ve vicdani kanaatle karar veriniz. Ve yetkili hakem olacak Adil bir Devlet d&uuml;zeni te\u015fkil ediniz!<\/span><\/strong><\/p>\n<p style=\"margin-bottom: 0.0001pt; text-align: justify; text-indent: 1cm; line-height: 16pt;\"><strong><span style=\"font-size: 12.5pt; font-family: Arial, sans-serif;\">\u0130\u015fte M&uuml;sl&uuml;man\u0131n, yerine getirilmesinin farz, ama terk edilmesinin ise g&uuml;nah oldu\u011funa inand\u0131\u011f\u0131 b&uuml;t&uuml;n bu <em>devletle ilgili cezai, mali ve hukuki h&uuml;k&uuml;mlerin<\/em> hepsinin; akl\u0131 selime, m&uuml;spet bilime, vicdani kanaate, evrensel hukuk kaidelerine ve Kur&rsquo;an-\u0131 Kerim&rsquo;e dayal\u0131 bir devlet ve h&uuml;k&uuml;met kurulmadan uygulanmas\u0131 m&uuml;mk&uuml;n de\u011fildir. \u0130slam&rsquo;\u0131n, mukaddes kitab\u0131 Kur&rsquo;an&rsquo;daki bu h&uuml;k&uuml;mleri, kendisine inanmayan veya onun inan&ccedil; esaslar\u0131 ve ilkeleri &uuml;zerine kurulmayan bir sisteme b\u0131rakmas\u0131 d&uuml;\u015f&uuml;n&uuml;lemez. Akl\u0131n\u0131 bozan, kendisini aldatan yahut da ba\u015fkalar\u0131n\u0131 kand\u0131rmaya &ccedil;al\u0131\u015fan hokkabazlardan ba\u015fkas\u0131 bunun aksini s&ouml;yleyemez.<\/span><\/strong><\/p>\n<p style=\"margin-bottom: 0.0001pt; text-align: justify; text-indent: 1cm; line-height: 16pt;\"><strong><span style=\"font-size: 12.5pt; font-family: Arial, sans-serif;\">B- Kur&rsquo;an&rsquo;\u0131n insanlar\u0131 inanmaya davet etti\u011fi imani ve ahl&acirc;ki esaslar\u0131, k&acirc;inat, insan ve toplum hakk\u0131ndaki do\u011fru bilgiler ve belgeler olan bir&ccedil;ok b&uuml;y&uuml;k hakikatleri i&ccedil;ermektedir. O, insan\u0131n ve onu ku\u015fatan k&acirc;inat\u0131n varl\u0131\u011f\u0131n\u0131, kendilerine h&acirc;kim olan g&uuml;&ccedil;l&uuml; bir Yarat\u0131c\u0131n\u0131n varl\u0131\u011f\u0131na -ki O Allah&rsquo;t\u0131r- ba\u011fl\u0131 k\u0131lm\u0131\u015f ve k&acirc;inat\u0131 insan\u0131n hizmetine vermi\u015ftir. \u0130nsan, Allah taraf\u0131ndan yery&uuml;z&uuml;n&uuml; imar etmek ve tabiat\u0131 kirletip mahvetmeden kendi yarar\u0131na de\u011ferlendirmek i&ccedil;in g&ouml;revlendirilmi\u015f ve kendisine e\u015fyan\u0131n hakikatini kavrayacak ak\u0131l verilmi\u015ftir. Bunun i&ccedil;in Cenab-\u0131 Hak se&ccedil;kin peygamberleri vas\u0131tas\u0131yla; metafizik ger&ccedil;ekleri kavrayabilmesi ve ideal yolu bulabilmesi, yani davran\u0131\u015flar\u0131nda iyiyi ve k&ouml;t&uuml;y&uuml; ay\u0131rt edebilmesi ve hayat\u0131n\u0131 tanzim etmesi i&ccedil;in ona yol g&ouml;stermi\u015f ve insana sorumlu olarak hesap verece\u011fi ve kar\u015f\u0131l\u0131k g&ouml;rece\u011fi ba\u015fka bir hayat\u0131 (sonsuz ahireti) yaratt\u0131\u011f\u0131n\u0131 bildirmi\u015ftir.<\/span><\/strong><\/p>\n<p style=\"margin-bottom: 0.0001pt; text-align: justify; text-indent: 1cm; line-height: 16pt;\"><strong><span style=\"font-size: 12.5pt; font-family: Arial, sans-serif;\">Bu Hak Din; insan\u0131n Allah&rsquo;a severek ve isteyerek boyun e\u011fi\u015fini ifade etmek i&ccedil;in beraberinde birtak\u0131m ibadetler, direktifler, ahl&acirc;ki davran\u0131\u015f prensipleri ve sosyal, siyasal hayat\u0131n tanzimi i&ccedil;in yasal h&uuml;k&uuml;mleri getirmi\u015ftir. Bu psikolojik, ahl&acirc;ki, hukuki, siyasi ve iktisadi kurumlar ve kurallar i&ccedil;erisinde, insan ve toplum hayat\u0131 b&uuml;t&uuml;n y&ouml;nleri ile geli\u015fip g&uuml;zelle\u015fecektir. Allah&rsquo;\u0131n kendilerine y&uuml;kledi\u011fi emaneti yerine getirmeleri ve bu k&acirc;inat\u0131n imar\u0131 konusundaki \u0130lahi halifelik vazifesini yerine getirmeleri i&ccedil;in de, b&uuml;t&uuml;n insanl\u0131k cemiyetinin fertlerini birbirleriyle yard\u0131mla\u015fmaya y&ouml;neltir. B&ouml;yle kapsaml\u0131 ve kucaklay\u0131c\u0131 bir d&uuml;\u015f&uuml;ncenin fonksiyonunu yerine getirebilmesi, kendisini muhaliflerine ve y&uuml;r&uuml;y&uuml;\u015f&uuml;n&uuml; engellemek isteyenlere kar\u015f\u0131 koruyabilmesi; topluma hayat ve huzur sahas\u0131n\u0131 a&ccedil;acak ve koruyacak bir devlet, h&uuml;k&uuml;met ve siyasi te\u015fkilat otoritesi olmadan ger&ccedil;ekle\u015fmesi m&uuml;mk&uuml;n de\u011fildir.<\/span><\/strong><\/p>\n<p style=\"margin-bottom: 0.0001pt; text-align: justify; text-indent: 1cm; line-height: 16pt;\"><strong><span style=\"font-size: 12.5pt; font-family: Arial, sans-serif;\">C- Hz. Peygamber (Sallallahu Aleyhi ve Sellem)in s&ouml;zlerinde ve S&uuml;nnetinde de h&uuml;k&uuml;metin ve devletin, \u0130slam&rsquo;\u0131n talimat ve tatbikat\u0131n\u0131n bir par&ccedil;as\u0131 oldu\u011funu g&ouml;steren a&ccedil;\u0131k ifadeler g&ouml;r&uuml;lmektedir. Hatta bu Hadis-i \u015eerifler, devlet sisteminin \u015fekillenmesinde gerekli olan yeni mefhumlar\u0131 kar\u015f\u0131layan yeni terimler (orijinal kurum ve kavramlar) ihtiva etmektedir.<\/span><\/strong><\/p>\n<p style=\"margin-bottom: 0.0001pt; text-align: justify; text-indent: 1cm; line-height: 16pt;\"><strong><span style=\"font-size: 12.5pt; font-family: Arial, sans-serif;\">\u015e&ouml;yle ki: Hz. Peygamber (Sallallahu Aleyhi ve Sellem);&nbsp;<em>&ldquo;Bir yerde bulunan &uuml;&ccedil; ki\u015finin (dahi), i&ccedil;lerinden birini kendilerine ba\u015fkan se&ccedil;meden (ya\u015famas\u0131) hel&acirc;l de\u011fildir&rdquo;[8]&nbsp;<\/em>hadisi ile toplumun te\u015fkilatlanmas\u0131n\u0131n zaruri oldu\u011funu ifade etmi\u015flerdir. Rivayet edilen ba\u015fka bir hadiste ise&nbsp;<em>&ldquo;&Uuml;&ccedil; ki\u015fi yolculu\u011fa &ccedil;\u0131kt\u0131\u011f\u0131 zaman, i&ccedil;lerinden birini kendilerine ba\u015fkan se&ccedil;sinler&rdquo;[9]&nbsp;<\/em>denilmektedir. \u0130mam \u0130bni Teymiye bu hadisten \u015fu sonucu &ccedil;\u0131kararak \u015f&ouml;yle demi\u015ftir:&nbsp;<em>&ldquo;Hz. Peygamber (Sallallahu Aleyhi ve Sellem) yolculuk esnas\u0131nda meydana gelen en k&uuml;&ccedil;&uuml;k bir toplulu\u011fa bile i&ccedil;lerinden birini ba\u015fkan se&ccedil;melerini emretmekle, di\u011fer topluluklarda da ayn\u0131 \u015fekilde yap\u0131lmas\u0131n\u0131n gere\u011fine i\u015faret etmi\u015flerdir. Buna g&ouml;re Ba\u015fkan se&ccedil;mek ve adil bir devlet d&uuml;zeni te\u015fkil etmek, insan\u0131 Allah&rsquo;a yakla\u015ft\u0131ran ve ihmal edilmesi ise a\u011f\u0131r g&uuml;nah say\u0131lan dini bir vazifedir.&rdquo;[10]<\/em><\/span><\/strong><\/p>\n<p style=\"margin-bottom: 0.0001pt; text-align: justify; text-indent: 1cm; line-height: 16pt;\"><strong><span style=\"font-size: 12.5pt; font-family: Arial, sans-serif;\">Ayr\u0131ca Devlet Ba\u015fkan\u0131n\u0131 ifade etmek i&ccedil;in &ldquo;\u0130mam&rdquo; kelimesinin kullan\u0131ld\u0131\u011f\u0131 hadisler rivayet edilmi\u015ftir. Hz. Peygamber (Sallalahu Aleyhi ve Sellem)in:&nbsp;<em>&ldquo;\u0130nsanlar\u0131 y&ouml;netmekle g&ouml;revli \u0130mam (Devlet Ba\u015fkan\u0131), y&ouml;netti\u011fi kimselerden sorumludur&rdquo;[11]&nbsp;<\/em><\/span><\/strong><strong><span style=\"font-size: 12.5pt; font-family: Arial, sans-serif;\">s&ouml;zleri bunlardan birisidir. Adil \u0130mam, yani Adil Devlet Ba\u015fkan\u0131 hakk\u0131nda pek &ccedil;ok hadis rivayet edilmi\u015ftir. Mesela:<em>&nbsp;&ldquo;Yedi s\u0131n\u0131f insan vard\u0131r ki, hi&ccedil;bir himayenin bulunmad\u0131\u011f\u0131 k\u0131yamet g&uuml;n&uuml;nde Allah onlar\u0131 kendi himayesine al\u0131verecektir. Ve bunlardan birisi de Adil Devlet Y&ouml;neticileridir.&rdquo; Ve: &ldquo;&Uuml;&ccedil; s\u0131n\u0131f insan vard\u0131r ki, onlar\u0131n duas\u0131 ret olunmaz. Onlardan birisi Adil \u0130mam (Devlet Reisidir)&rdquo; Ve: &ldquo;Adil bir Devlet Y&ouml;neticilerinin bir g&uuml;n adaletle h&uuml;kmetmesi, altm\u0131\u015f sene (nafile) ibadet etmekten daha iyidir&rdquo;<\/em>&nbsp;hadisi bunlara &ouml;rnektir.<\/span><\/strong><\/p>\n<p style=\"margin-bottom: 0.0001pt; text-align: justify; text-indent: 1cm; line-height: 16pt;\"><strong><span style=\"font-size: 12.5pt; font-family: Arial, sans-serif;\">Hatta bunlar\u0131n da &ouml;tesinde Hz. Peygamber (Sallallahu Aleyhi ve Sellem);&nbsp;<em>&ldquo;Boynunda (adil bir devlet d&uuml;zeni kurmaya ve &uuml;lkedeki t&uuml;m insanlar\u0131n haklar\u0131n\u0131 korumaya y&ouml;nelik sorumluluk y&uuml;klenmek &uuml;zere) biat ba\u011f\u0131 olmadan &ouml;len kimse, cahiliyyet &ouml;l&uuml;m&uuml; ile &ouml;lm&uuml;\u015f olur&rdquo;<\/em>&nbsp;buyurarak M&uuml;sl&uuml;man\u0131n adil bir devlet d&uuml;zenine mensup olmas\u0131n\u0131n gerekli oldu\u011funu a&ccedil;\u0131k&ccedil;a bildirmi\u015f ve bunu akd ve biatle ifade etmi\u015flerdir. Bu hadis ba\u015fka eserlerde ise&nbsp;<em>&ldquo;\u0130mam\u0131 (Devlet Ba\u015fkan\u0131) olmayan kimse&rdquo;<\/em>&nbsp;\u015feklinde rivayet edilmi\u015ftir. Yine:&nbsp;<em>&ldquo;Kim itaatten &ccedil;\u0131kar ve cemaatten ayr\u0131l\u0131rsa, cahiliyye devrinde &ouml;lm&uuml;\u015f gibidir&rdquo;[12]&nbsp;<\/em>\u015feklinde tehdit hadisleri g&ouml;r&uuml;lmektedir. Yine:&nbsp;<em>&ldquo;Kim Devlet Ba\u015fkan\u0131na itaatten elini &ccedil;ekerse, k\u0131yamet g&uuml;n&uuml; (Allah&rsquo;\u0131n huzuruna) hi&ccedil;bir delili olmadan gelir&rdquo;[13]&nbsp;<\/em>diye ikaz etmi\u015flerdir.<\/span><\/strong><\/p>\n<p style=\"margin-bottom: 0.0001pt; text-align: justify; text-indent: 1cm; line-height: 16pt;\"><strong><span style=\"font-size: 12.5pt; font-family: Arial, sans-serif;\">Bu anlamda pek &ccedil;ok Hadis-i \u015eerif nakledilmi\u015ftir, hepsi de &ldquo;biat&rdquo;\u0131n (Yani Adil bir Devlet d&uuml;zenine ba\u011fl\u0131l\u0131\u011f\u0131n) zaruretine dairdir. Zaten &ldquo;Biat&rdquo;\u0131n esas\u0131 ise adil, asil ve demokratik bir devlet d&uuml;zenine intisap etmektir. Ayn\u0131 \u015fekilde, Allah&rsquo;\u0131n emrine ayk\u0131r\u0131 olmayan konularda Devlet Y&ouml;neticilerine ve hukuki mecburiyetlere itaat etmenin zaruretine dair hadisler bildirilmi\u015ftir. Ayr\u0131ca \u0130mamet (Emirlik, Devlet, Devlet Y&ouml;neticili\u011fi) konusunda pek &ccedil;ok hadis rivayet edilmi\u015ftir. Bunlar devlet g&ouml;revleri, h&uuml;k&uuml;met ve hakimlik ile ilgilidir.<\/span><\/strong><\/p>\n<p style=\"margin-bottom: 0.0001pt; text-align: justify; text-indent: 1cm; line-height: 16pt;\"><strong><span style=\"font-size: 12.5pt; font-family: Arial, sans-serif;\">D- Hz. Peygamber (Sallallahu Aleyhi ve Sellem)in i\u015fleri de s&ouml;zleri gibi \u0130slam&rsquo;\u0131n temel kaynaklar\u0131ndan birisidir. Bunlar O&rsquo;nun Fiili S&uuml;nneti ve ameli tatbikidir. O, fiilen bir devlet d&uuml;zeni kurup sistemle\u015ftirmi\u015f ve Peygamberlik s\u0131fat\u0131na ilaveten kendi zaman\u0131ndaki M&uuml;sl&uuml;manlar\u0131n \u0130mam\u0131, onlar\u0131n Emiri, komutan\u0131 ve Devlet Ba\u015fkan\u0131 g&ouml;revini &uuml;stlenmi\u015ftir. O, valileri ve h&acirc;kimleri tayin etmi\u015f, ordu komutanlar\u0131na sancak vermi\u015f, ordular\u0131 cepheye g&ouml;ndermi\u015f, zek&acirc;t\u0131 (vergileri) ve ganimetleri toplay\u0131p, onlar\u0131n verilece\u011fi yerlere taksim etmi\u015ftir. Ayr\u0131ca, hadleri (su&ccedil; i\u015fleyenlere verilecek hukuki cezalar\u0131) tatbik etmi\u015f, yabanc\u0131 devletlerle anla\u015fmalar ger&ccedil;ekle\u015ftirmi\u015f, Devlet Ba\u015fkanlar\u0131na ve Krallara el&ccedil;iler ve heyetler g&ouml;ndermi\u015ftir. \u0130\u015fte bu i\u015flerin hepsi devlet ve h&uuml;k&uuml;met i\u015fleridir. E\u011fer \u0130slam devletten ayr\u0131 olsayd\u0131, o zaman \u0130slam Peygamberi bunlara giri\u015fmezdi ve yap\u0131lmas\u0131n\u0131 da caiz g&ouml;rmezdi. Veya en az\u0131ndan bu i\u015fleri yapmay\u0131 ba\u015fkalar\u0131na b\u0131rak\u0131verirdi. Hz. Peygamberimizden sonra Hz. Ebubekir halife olarak isimlendirilmi\u015ftir. Her me\u015fru \u0130mam (Devlet Ba\u015fkan\u0131) ayn\u0131 \u015fekilde isimlendirilir. &Ccedil;&uuml;nk&uuml; onlar, Hz. Muhammed (Sallallahu Aleyhi ve Sellem)in peygamberlik vasf\u0131n\u0131n de\u011fil, sadece &ldquo;Devlet Ba\u015fkanl\u0131\u011f\u0131&rdquo; s\u0131fat\u0131n\u0131n halifeleri (takip&ccedil;ileri)dir. &Ccedil;&uuml;nk&uuml; O (Sallallahu Aleyhi ve Sellem) peygamberlerin Hatemidir, art\u0131k O&rsquo;ndan sonra yeni bir peygamber gelmeyecektir. Bu itibarla Hz. Ebubekir&rsquo;in ve ard\u0131ndan gelenlerin halifeli\u011fi, M&uuml;sl&uuml;manlar\u0131n rehberi, onlar\u0131n Emiri ve Devlet Reisi olmas\u0131 nedeniyledir.<\/span><\/strong><\/p>\n<p>&nbsp;<\/p>\n<hr style=\"text-align: left;\" size=\"1\" width=\"33%\" \/>\n<p><a href=\"#ftnref1\" id=\"ftn1\" style=\"vertical-align: super;\">[1]<\/a><span style=\"font-family: Arial, sans-serif;\"> Maide Suresi: 32<\/span><\/p>\n<p><a href=\"#ftnref2\" id=\"ftn2\" style=\"vertical-align: super;\">[2]<\/a><span style=\"font-family: Arial, sans-serif;\"> Maide Suresi: 38<\/span><\/p>\n<p><a href=\"#ftnref3\" id=\"ftn3\" style=\"vertical-align: super;\">[3]<\/a><span style=\"font-family: Arial, sans-serif;\"> Maide Suresi: 33<\/span><\/p>\n<p><a href=\"#ftnref4\" id=\"ftn4\" style=\"vertical-align: super;\">[4]<\/a><span style=\"font-family: Arial, sans-serif;\"> Nisa Suresi: 58<\/span><\/p>\n<p><a href=\"#ftnref5\" id=\"ftn5\" style=\"vertical-align: super;\">[5]<\/a><span style=\"font-family: Arial, sans-serif;\"> Bkz. Taberi Tefsiri, C.8, s. 490<\/span><\/p>\n<p><a href=\"#ftnref6\" id=\"ftn6\" style=\"vertical-align: super;\">[6]<\/a><span style=\"font-family: Arial, sans-serif;\"> Nisa Suresi: 59<\/span><\/p>\n<p><a href=\"#ftnref7\" id=\"ftn7\" style=\"vertical-align: super;\">[7]<\/a><span style=\"font-family: Arial, sans-serif;\"> Nisa Suresi: 59<\/span><\/p>\n<p><a href=\"#ftnref8\" id=\"ftn8\" style=\"vertical-align: super;\">[8]<\/a><span style=\"font-family: Arial, sans-serif;\"> Bu hadisi \u0130mam Ahmed, M&uuml;sned isimli hadis kitab\u0131nda rivayet etmi\u015ftir.<\/span><\/p>\n<p><a href=\"#ftnref9\" id=\"ftn9\" style=\"vertical-align: super;\">[9]<\/a><span style=\"font-family: Arial, sans-serif;\"> Bu hadisi Ebu Davud rivayet etmi\u015ftir.<\/span><\/p>\n<p><a href=\"#ftnref10\" id=\"ftn10\" style=\"vertical-align: super;\">[10]<\/a><span style=\"font-family: Arial, sans-serif;\"> \u0130bni Teymiye, Es-Siyasetu&rsquo;\u015f -\u015eer&rsquo;iyye Ara<\/span><\/p>\n<p><a href=\"#ftnref11\" id=\"ftn11\" style=\"vertical-align: super;\">[11]<\/a><span style=\"font-family: Arial, sans-serif;\"> Buhari ve M&uuml;slim<\/span><\/p>\n<p><a href=\"#ftnref12\" id=\"ftn12\" style=\"vertical-align: super;\">[12]<\/a><span style=\"font-family: Arial, sans-serif;\"> Bu hadisleri M&uuml;slim rivayet etmi\u015ftir. Hadis kitaplar\u0131na ve Zeydiyye F\u0131kh\u0131na ait &ldquo;Er-Ravdu&rsquo;n-Nadir&rdquo; isimli kitab\u0131n imamet bahsindeki hadislere bak\u0131n\u0131z. \u015eevkani Neylu&rsquo;l-Evtar, C.9<\/span><\/p>\n<p><a href=\"#ftnref13\" id=\"ftn13\" style=\"vertical-align: super;\">[13]<\/a><span style=\"font-family: Arial, sans-serif;\"> Bir &ouml;nceki dipnota bak\u0131n\u0131z.<\/span><\/p>\n","protected":false},"excerpt":{"rendered":"<p>&nbsp; SN. HAYRETT\u0130N KARAMAN&rsquo;IN KARARTMALARI&hellip; EL \u0130NSAF!.. &nbsp;&nbsp;&nbsp;&nbsp;&nbsp;&nbsp;&nbsp;&nbsp; Bir insan\u0131n siyasi kanaat ve tercihlerinin olmas\u0131 ve be\u011fendi\u011fi parti ve h&uuml;k&uuml;metlere tarafgirlik yapmas\u0131 tabiidir, hatta gereklidir. Bu en fazla da ilim ehli i&ccedil;in, topluma &ouml;rnek te\u015fkil etmesi bak\u0131m\u0131ndan &ouml;nemlidir. Tabi bu siyasi tercih ve tarafgirlik, ki\u015filerin arzu ve ama&ccedil;lar\u0131 ve hayata bak\u0131\u015f a&ccedil;\u0131lar\u0131yla ilgili oldu\u011fundan elbette [&hellip;]<\/p>\n","protected":false},"author":13,"featured_media":0,"comment_status":"open","ping_status":"closed","sticky":false,"template":"","format":"standard","meta":{"footnotes":""},"categories":[232],"tags":[],"class_list":["post-5537","post","type-post","status-publish","format-standard","hentry","category-aralik-2019"],"_links":{"self":[{"href":"https:\/\/www.millicozum.com\/mc\/wp-json\/wp\/v2\/posts\/5537","targetHints":{"allow":["GET"]}}],"collection":[{"href":"https:\/\/www.millicozum.com\/mc\/wp-json\/wp\/v2\/posts"}],"about":[{"href":"https:\/\/www.millicozum.com\/mc\/wp-json\/wp\/v2\/types\/post"}],"author":[{"embeddable":true,"href":"https:\/\/www.millicozum.com\/mc\/wp-json\/wp\/v2\/users\/13"}],"replies":[{"embeddable":true,"href":"https:\/\/www.millicozum.com\/mc\/wp-json\/wp\/v2\/comments?post=5537"}],"version-history":[{"count":0,"href":"https:\/\/www.millicozum.com\/mc\/wp-json\/wp\/v2\/posts\/5537\/revisions"}],"wp:attachment":[{"href":"https:\/\/www.millicozum.com\/mc\/wp-json\/wp\/v2\/media?parent=5537"}],"wp:term":[{"taxonomy":"category","embeddable":true,"href":"https:\/\/www.millicozum.com\/mc\/wp-json\/wp\/v2\/categories?post=5537"},{"taxonomy":"post_tag","embeddable":true,"href":"https:\/\/www.millicozum.com\/mc\/wp-json\/wp\/v2\/tags?post=5537"}],"curies":[{"name":"wp","href":"https:\/\/api.w.org\/{rel}","templated":true}]}}