{"id":5539,"date":"2019-11-28T22:00:00","date_gmt":"2019-11-28T22:00:00","guid":{"rendered":"https:\/\/www.millicozum.com\/mc\/2019\/11\/28\/suriyede-turkiyeye-karsi-abd-rusya-ittifaki-ve-yeni-hacli-hesaplari\/"},"modified":"2019-11-28T22:00:00","modified_gmt":"2019-11-28T22:00:00","slug":"suriyede-turkiyeye-karsi-abd-rusya-ittifaki-ve-yeni-hacli-hesaplari","status":"publish","type":"post","link":"https:\/\/www.millicozum.com\/mc\/2019\/aralik-2019\/suriyede-turkiyeye-karsi-abd-rusya-ittifaki-ve-yeni-hacli-hesaplari\/","title":{"rendered":"Suriye\u2019de, T\u00fcrkiye\u2019ye Kar\u015f\u0131 ABD-RUSYA \u0130TT\u0130FAKI VE YEN\u0130 HA\u00c7LI HESAPLARI"},"content":{"rendered":"\n<p>&nbsp;<\/p>\n<p style=\"margin-bottom: 0.0001pt; text-align: center; text-indent: -0.7pt;\"><strong><span style=\"font-size: 18pt; font-family: Arial, sans-serif;\">Suriye&rsquo;de, T&uuml;rkiye&rsquo;ye Kar\u015f\u0131<\/span><\/strong><\/p>\n<p style=\"margin-bottom: 0.0001pt; text-align: center; text-indent: -0.7pt;\"><strong><span style=\"font-size: 18pt; font-family: Arial, sans-serif;\">ABD-RUSYA \u0130TT\u0130FAKI VE YEN\u0130 HA&Ccedil;LI HESAPLARI<\/span><\/strong><\/p>\n<p style=\"margin-bottom: 0.0001pt; text-align: justify; text-indent: 1cm; line-height: 16pt;\"><strong><span style=\"font-size: 16pt; font-family: Arial, sans-serif;\">&nbsp;&nbsp;&nbsp;&nbsp;&nbsp;&nbsp;&nbsp;&nbsp; <\/span><\/strong><\/p>\n<p style=\"margin-bottom: 0.0001pt; text-align: justify; text-indent: 21.3pt; line-height: 16pt;\"><strong><span style=\"font-size: 14pt; font-family: Arial, sans-serif;\">Suriye s\u0131n\u0131r\u0131m\u0131z boyunca ABD ve \u0130srail&#8217;in, i\u015f makineleri, demir ve &ccedil;imento yard\u0131m\u0131 d&acirc;hil, her t&uuml;rl&uuml; deste\u011fi ile PKK-YPG militanlar\u0131na yapt\u0131r\u0131lan, toplam uzunluklar\u0131 y&uuml;zlerce kilometreyi bulan s\u0131\u011f\u0131nak ve kanallar\u0131n, sadece b&ouml;lgedeki ter&ouml;ristlerin korunmas\u0131n\u0131 sa\u011flayan siperler ve t&uuml;neller oldu\u011funu sanmak yanl\u0131\u015ft\u0131r. Bunca masrafl\u0131 y\u0131\u011f\u0131naklar, kanal ve s\u0131\u011f\u0131naklar, T&uuml;rkiye&#8217;ye y&ouml;nelik yeni Ha&ccedil;l\u0131 sald\u0131r\u0131s\u0131 haz\u0131rl\u0131\u011f\u0131n\u0131n bir par&ccedil;as\u0131yd\u0131. B&ouml;lgedeki PKK\/YPG ve DEA\u015e militanlar\u0131n\u0131n &ccedil;ekilmesi de bir ka&ccedil;\u0131rma de\u011fil, planl\u0131 ve hesapl\u0131 bir &ldquo;kayd\u0131rma&rdquo; operasyonlar\u0131yd\u0131. Yani ter&ouml;ristler daha tehlikeli olu\u015fum ve sald\u0131r\u0131lar i&ccedil;in kuzeye kayd\u0131r\u0131lm\u0131\u015flard\u0131. Bu nedenle TSK&#8217;n\u0131n Bar\u0131\u015f Harek&acirc;t\u0131 hayati bir &ouml;nem ta\u015f\u0131maktayd\u0131, ama yar\u0131m b\u0131rak\u0131lmas\u0131 kafalar\u0131m\u0131z\u0131 kar\u0131\u015ft\u0131rm\u0131\u015ft\u0131. Baz\u0131lar\u0131na g&ouml;re <\/span><\/strong><strong><em><span style=\"font-size: 14pt; font-family: Arial, sans-serif;\">&ldquo;tarihi ba\u015far\u0131&hellip;&rdquo; <\/span><\/em><\/strong><strong><span style=\"font-size: 14pt; font-family: Arial, sans-serif;\">bize g&ouml;re ise, maalesef <em>&ldquo;Bir geri ad\u0131m at\u0131lmas\u0131&rdquo;<\/em> olan bu anla\u015fman\u0131n hangi mecburiyet ve mahk&ucirc;miyetler kar\u015f\u0131s\u0131nda yap\u0131ld\u0131\u011f\u0131 ortaya &ccedil;\u0131kt\u0131\u011f\u0131nda herhalde yer yerinden oynayacakt\u0131. L&uuml;tfen hat\u0131rlayal\u0131m; bu anla\u015fma g&uuml;ya Amerika&rsquo;yla yap\u0131lm\u0131\u015ft\u0131. H&acirc;lbuki metinde <\/span><\/strong><strong><em><span style=\"font-size: 14pt; font-family: Arial, sans-serif;\">&ldquo;ate\u015f kesmek&rdquo; <\/span><\/em><\/strong><strong><span style=\"font-size: 14pt; font-family: Arial, sans-serif;\">ve <\/span><\/strong><strong><em><span style=\"font-size: 14pt; font-family: Arial, sans-serif;\">&ldquo;ara vermek&rdquo; <\/span><\/em><\/strong><strong><span style=\"font-size: 14pt; font-family: Arial, sans-serif;\">ifadeleri yer alm\u0131\u015ft\u0131. Oysa bu Harek&acirc;t s\u0131ras\u0131nda kar\u015f\u0131m\u0131zda ABD askerleri de\u011fil PKK\/PYD ter&ouml;ristleri vard\u0131. Ama masada kar\u015f\u0131m\u0131zda ise ABD temsilcileri oturmu\u015flard\u0131. Bu durumda, resmen ve alenen, ABD ter&ouml;ristlerin temsilcisi olmam\u0131\u015f m\u0131yd\u0131? Erdo\u011fan iktidar\u0131 da, dolayl\u0131 bi&ccedil;imde ter&ouml;r \u015febekesiyle anla\u015fma imzalam\u0131\u015f m\u0131 olmaktayd\u0131? 2019 y\u0131l\u0131 17 Ekim&rsquo;inde imzalanan anla\u015fma gere\u011fi ara verilen Bar\u0131\u015f P\u0131nar\u0131 Harek&acirc;t\u0131 ger&ccedil;ekten amac\u0131na ula\u015fm\u0131\u015f m\u0131yd\u0131?<\/span><\/strong><\/p>\n<p style=\"margin-bottom: 0.0001pt; text-align: justify; text-indent: 21.3pt; line-height: 16pt;\"><strong><span style=\"font-size: 14pt; font-family: Arial, sans-serif;\">ABD&rsquo;nin T&uuml;rkiye&rsquo;ye uygulayaca\u011f\u0131 yapt\u0131r\u0131mlar\u0131n baz\u0131lar\u0131n\u0131 a&ccedil;\u0131klamas\u0131n\u0131n hemen ard\u0131ndan Sn. Erdo\u011fan&rsquo;la bar\u0131\u015f anla\u015fmas\u0131 imzalayan Trump&rsquo;\u0131n Ba\u015fkan Yard\u0131mc\u0131s\u0131 Mike Pence, Beyaz Saray&rsquo;da gazetecilere konuyla ilgili bilgiler aktarm\u0131\u015ft\u0131. Bu a&ccedil;\u0131klama s\u0131ras\u0131nda &ccedil;ok ilgin&ccedil; bir detay ortaya &ccedil;\u0131km\u0131\u015ft\u0131. Bu, ABD&rsquo;nin y\u0131llard\u0131r her t&uuml;rl&uuml; deste\u011fi verdi\u011fi ter&ouml;r &ouml;rg&uuml;t&uuml; ile ABD Ba\u015fkan\u0131&rsquo;n\u0131n g&ouml;r&uuml;\u015ft&uuml;r&uuml;ld&uuml;\u011f&uuml; itiraf\u0131yd\u0131.<\/span><\/strong><\/p>\n<p style=\"margin-bottom: 0.0001pt; text-align: justify; text-indent: 21.3pt; line-height: 16pt;\"><strong><span style=\"font-size: 12.5pt; font-family: Arial, sans-serif;\">Bar\u0131\u015f P\u0131nar\u0131 Harek&acirc;t\u0131 ile k&ouml;\u015feye s\u0131k\u0131\u015fan ter&ouml;r &ouml;rg&uuml;t&uuml; PKK\/YPG&rsquo;nin eleba\u015flar\u0131ndan <\/span><\/strong><strong><span style=\"font-size: 14pt; font-family: Arial, sans-serif;\">&lsquo;\u015eahin Cilo&rsquo; <\/span><\/strong><strong><span style=\"font-size: 12.5pt; font-family: Arial, sans-serif;\">kod adl\u0131 ter&ouml;rist <\/span><\/strong><strong><span style=\"font-size: 14pt; font-family: Arial, sans-serif;\">Ferhat Abdi \u015eahin&rsquo;<\/span><\/strong><strong><span style=\"font-size: 12.5pt; font-family: Arial, sans-serif;\">in ABD Ba\u015fkan\u0131 Donald Trump ile bizzat g&ouml;r&uuml;\u015ft&uuml;\u011f&uuml; anla\u015f\u0131lm\u0131\u015ft\u0131. A&ccedil;\u0131klama, Beyaz Saray&rsquo;\u0131n bah&ccedil;esinde ABD Ba\u015fkan Yard\u0131mc\u0131s\u0131 Mike Pence taraf\u0131ndan yap\u0131lm\u0131\u015ft\u0131. K\u0131rm\u0131z\u0131 B&uuml;ltenle aranan ter&ouml;rist, daha &ouml;nce de BM&rsquo;de gizli g&ouml;r&uuml;\u015fme yaparak <\/span><\/strong><strong><em><span style=\"font-size: 14pt; font-family: Arial, sans-serif;\">hukuk d\u0131\u015f\u0131 bir anla\u015fmada &ldquo;taraf&rdquo; olarak kabul edilmesi<\/span><\/em><\/strong><span style=\"font-size: 14pt; font-family: Arial, sans-serif;\"> <\/span><strong><span style=\"font-size: 12.5pt; font-family: Arial, sans-serif;\">ile g&uuml;ndeme ta\u015f\u0131nm\u0131\u015ft\u0131. Bu ter&ouml;rist, 28 y\u0131ld\u0131r PKK&rsquo;n\u0131n eylemlerine kat\u0131lm\u0131\u015ft\u0131 ve 63 askerin \u015fehit edildi\u011fi sald\u0131r\u0131lar\u0131n 1 nolu faili olarak aranmaktayd\u0131. Sivilleri katleden, yerlerinden s&uuml;ren, DEA\u015e&rsquo;l\u0131 ter&ouml;ristlerle s&ouml;zde m&uuml;cadele ederken yakalad\u0131klar\u0131 ter&ouml;ristleri daha sonra serbest b\u0131rakan ve hatta ka&ccedil;malar\u0131na olanak sa\u011flayan PKK\/YPG&rsquo;li ter&ouml;ristler, ABD taraf\u0131ndan bir devlet temsilcisi gibi muhatap al\u0131nmaktayd\u0131. CNN International&rsquo;\u0131n savunma muhabiri Ryan Browne&rsquo;nin payla\u015f\u0131ma g&ouml;re ABD Ba\u015fkan Yard\u0131mc\u0131s\u0131 Pence, Beyaz Saray&rsquo;\u0131n bah&ccedil;esinde yapt\u0131\u011f\u0131 bu a&ccedil;\u0131klamalar s\u0131ras\u0131nda, <\/span><\/strong><strong><em><span style=\"font-size: 14pt; font-family: Arial, sans-serif;\">Trump&rsquo;\u0131n YPG\/SDG&rsquo;nin ba\u015f\u0131ndaki Mazlum Kobani ile konu\u015ftu\u011funu<\/span><\/em><\/strong><strong><span style=\"font-size: 12.5pt; font-family: Arial, sans-serif;\"> do\u011frulam\u0131\u015ft\u0131. Ter&ouml;ristba\u015f\u0131 Abdullah &Ouml;calan&rsquo;\u0131n &ldquo;manevi evlad\u0131m&rdquo; dedi\u011fi ter&ouml;rist <\/span><\/strong><strong><span style=\"font-size: 14pt; font-family: Arial, sans-serif;\">Mazlum Kobani<\/span><\/strong><strong><span style=\"font-size: 12.5pt; font-family: Arial, sans-serif;\">, T&uuml;rkiye&rsquo;nin &uuml;st d&uuml;zey arama listesi olan k\u0131rm\u0131z\u0131 listede yer alan bir e\u015fk\u0131yayd\u0131. ABD&rsquo;nin her f\u0131rsatta destekledi\u011fi ve s\u0131k s\u0131k g&ouml;r&uuml;\u015ft&uuml;\u011f&uuml; &lsquo;\u015eahin Cilo&rsquo; kod adl\u0131 bu ter&ouml;rist, eski ABD Ba\u015fkan\u0131 Barack Obama&rsquo;n\u0131n DEA\u015e&rsquo;la M&uuml;cadele &Ouml;zel Temsilcisi olarak atad\u0131\u011f\u0131 ve Trump d&ouml;neminde de bir s&uuml;re g&ouml;revine devam edip 31 Aral\u0131k 2018&rsquo;de istifa eden Brett Mc Gurk ile de bulu\u015fmu\u015flard\u0131.<\/span><\/strong><\/p>\n<p style=\"margin-bottom: 0.0001pt; text-align: justify; text-indent: 21.3pt; line-height: 16pt;\"><strong><span style=\"font-size: 14pt; font-family: Arial, sans-serif;\">ABD&#8217;li strateji uzman\u0131 Michael Doran bile; ABD&#8217;nin PKK ile ili\u015fkilerini ele\u015ftirerek <em>&#8220;PKK ve PYD bir ter&ouml;r &ouml;rg&uuml;t&uuml;d&uuml;r ve ABD D\u0131\u015fi\u015fleri Bakanl\u0131\u011f\u0131&#8217;n\u0131n ter&ouml;r &ouml;rg&uuml;tleri listesindedir. Bunlar T&uuml;rkiye&#8217;yi K&uuml;rtler ve T&uuml;rkler aras\u0131nda b&ouml;lmek istemektedir. Biz PKK ile m&uuml;ttefiklik ili\u015fkisi kurarak T&uuml;rkiye&#8217;yle &ccedil;at\u0131\u015fma s&uuml;recine girmi\u015f olduk.&#8221;<\/em> diyerek kar\u015f\u0131 &ccedil;\u0131km\u0131\u015ft\u0131. <\/span><\/strong><\/p>\n<p style=\"margin-bottom: 0.0001pt; text-align: justify; text-indent: 21.3pt; line-height: 16pt;\"><strong><em><span style=\"font-size: 12.5pt; font-family: Arial, sans-serif;\">&ldquo;\u015eunu kabul etmek gerekir ki biz kuzeydo\u011fu Suriye&#8217;de bu felaket durumun olu\u015fmas\u0131na neden olduk &ccedil;&uuml;nk&uuml; PKK&#8217;yla ittifak ili\u015fkisine girdik. YPG yani sahadaki K&uuml;rt g&uuml;&ccedil;leri asl\u0131nda PKK&rsquo;d\u0131r. PKK bir ter&ouml;r &ouml;rg&uuml;t&uuml;d&uuml;r ve ABD D\u0131\u015fi\u015fleri Bakanl\u0131\u011f\u0131&#8217;n\u0131n ter&ouml;r &ouml;rg&uuml;tleri listesindedir. Bunlar T&uuml;rkiye&#8217;yi K&uuml;rtler ve T&uuml;rkler aras\u0131nda b&ouml;lmek istemektedir. Biz PKK ile m&uuml;ttefiklik ili\u015fkisi kurarak T&uuml;rkiye&#8217;yle &ccedil;at\u0131\u015fma s&uuml;recine girmi\u015f olduk. T&uuml;rkler bize y\u0131llarca PKK&#8217;n\u0131n kuzeydo\u011fu Suriye&#8217;de &ouml;zerk bir K&uuml;rt devletinin kurmas\u0131na imk&acirc;n tan\u0131yacak bir g&uuml;&ccedil; \u015femsiyesi sa\u011flamam\u0131zdan rahats\u0131zl\u0131k duyduklar\u0131n\u0131 s&ouml;ylediler. Biz ise onlara s&uuml;rekli olarak susun ve oturun dedik. Aralar\u0131na Arap, Ezidileri ve di\u011ferlerini soktuk ama o &ouml;rg&uuml;t&uuml;n g&uuml;&ccedil; merkezi her zaman PKK oldu. \u015eunu kabul etmemiz gerekir ki biz kendimize ve m&uuml;ttefiklerimize yalan s&ouml;yledik.&rdquo;[1]<\/span><\/em><\/strong><em><\/em><\/p>\n<p style=\"margin-bottom: 0.0001pt; text-align: justify; text-indent: 21.3pt; line-height: 16pt;\"><strong><span style=\"font-size: 14pt; font-family: Arial, sans-serif;\">Bar\u0131\u015f P\u0131nar\u0131 Harek&acirc;t\u0131 hakl\u0131yd\u0131, laz\u0131md\u0131; ama maalesef yar\u0131m b\u0131rak\u0131lm\u0131\u015ft\u0131!<\/span><\/strong><\/p>\n<p style=\"margin-bottom: 0.0001pt; text-align: justify; text-indent: 21.3pt; line-height: 16pt;\"><strong><span style=\"font-size: 12.5pt; font-family: Arial, sans-serif;\">Bar\u0131\u015f P\u0131nar\u0131 Harek&acirc;t\u0131, Barack Obama d&ouml;neminde Amerikan politikas\u0131 haline getirilen, Trump d&ouml;neminde de devam ettirilen <\/span><\/strong><strong><em><span style=\"font-size: 14pt; font-family: Arial, sans-serif;\">&ldquo;PKK devleti&rdquo;<\/span><\/em><\/strong><span style=\"font-size: 14pt; font-family: Arial, sans-serif;\"> <\/span><strong><span style=\"font-size: 12.5pt; font-family: Arial, sans-serif;\">projesine stratejik bir darbe indirmeyi ama&ccedil;lam\u0131\u015ft\u0131. Bu harek&acirc;t, F\u0131rat Kalkan\u0131 ve Zeytindal\u0131 harek&acirc;t\u0131n\u0131 tamamlay\u0131c\u0131 ve sonuca ula\u015ft\u0131r\u0131c\u0131 bir nitelik ta\u015f\u0131maktayd\u0131. ABD &ouml;nc&uuml;l&uuml;\u011f&uuml;ndeki Bat\u0131l\u0131 koalisyon g&uuml;&ccedil;lerinin Suriye&rsquo;yi kar\u0131\u015ft\u0131rarak, demografisini de\u011fi\u015ftirerek, g&uuml;ney s\u0131n\u0131rlar\u0131m\u0131zda &ldquo;ter&ouml;r koridoru&rdquo; olu\u015fturmak suretiyle T&uuml;rkiye&rsquo;nin &uuml;niter yap\u0131s\u0131n\u0131 ve milli egemenli\u011fini tehdit eden \u015feytani planlar\u0131, Bar\u0131\u015f P\u0131nar\u0131 Harek&acirc;t\u0131&rsquo;yla i\u015flevsiz k\u0131l\u0131nacakt\u0131. <\/span><\/strong><\/p>\n<p style=\"margin-bottom: 0.0001pt; text-align: justify; text-indent: 21.3pt; line-height: 16pt;\"><strong><span style=\"font-size: 12.5pt; font-family: Arial, sans-serif;\">ABD Ba\u015fkan\u0131 Trump, <em>&ldquo;Obama-Hillary ikilisinin ter&ouml;r &ouml;rg&uuml;t&uuml; PKK&rsquo;yla ittifak kurduklar\u0131n\u0131 ve T&uuml;rkiye s\u0131n\u0131rlar\u0131na ter&ouml;r unsurlar\u0131n\u0131 konu\u015fland\u0131rd\u0131klar\u0131n\u0131&rdquo; <\/em>a&ccedil;\u0131klayarak Bar\u0131\u015f P\u0131nar\u0131 Harek&acirc;t\u0131n\u0131n me\u015frulu\u011funu onaylamak durumunda kalm\u0131\u015ft\u0131. \u0130&ccedil;eride ve d\u0131\u015far\u0131da bu harek&acirc;ta y&ouml;nelik &ccedil;\u0131k\u0131\u015flar, as\u0131ls\u0131z su&ccedil;lamalar, kara &ccedil;almalar kimseyi \u015fa\u015f\u0131rtmamal\u0131yd\u0131 ve bu hakl\u0131l\u0131\u011f\u0131m\u0131z\u0131n bir ispat\u0131yd\u0131. Zira T&uuml;rkiye, Siyonist merkezlerin son be\u015f y\u0131ld\u0131r fiili olarak &uuml;zerinde &ccedil;al\u0131\u015ft\u0131\u011f\u0131 &ldquo;ter&ouml;r koridoru&rdquo; projesini Bar\u0131\u015f P\u0131nar\u0131 Harek&acirc;t\u0131&rsquo;yla bo\u015fa &ccedil;\u0131karma karar\u0131ndayd\u0131. T&uuml;rkiye&rsquo;nin operasyon karar\u0131n\u0131 a&ccedil;\u0131klamas\u0131n\u0131n ard\u0131ndan Amerika&rsquo;da yer yerinden oynamas\u0131n\u0131n, Lindsey Graham gibi senat&ouml;rlerin ve \u0130srail lobisinin &ccedil;\u0131lg\u0131na d&ouml;nerek T&uuml;rkiye&rsquo;yi tehdit etmeye ba\u015flamalar\u0131 bunun kan\u0131t\u0131yd\u0131.<\/span><\/strong><\/p>\n<p style=\"margin-bottom: 0.0001pt; text-align: justify; text-indent: 21.3pt; line-height: 16pt;\"><strong><span style=\"font-size: 14pt; font-family: Arial, sans-serif;\">Pentagon&#8217;dan T&uuml;rkiye&#8217;ye &#8216;Durun&#8217; &ccedil;a\u011fr\u0131s\u0131 yap\u0131lm\u0131\u015ft\u0131!<\/span><\/strong><\/p>\n<p style=\"margin-bottom: 0.0001pt; text-align: justify; text-indent: 21.3pt; line-height: 16pt;\"><strong><span style=\"font-size: 12.5pt; font-family: Arial, sans-serif;\">AFP&#8217;nin haberine g&ouml;re Pentagon; &ouml;nce ve aceleyle <\/span><\/strong><strong><em><span style=\"font-size: 14pt; font-family: Arial, sans-serif;\">T&uuml;rkiye&#8217;ye Suriye&#8217;deki harek&acirc;t\u0131n\u0131 durdurma &ccedil;a\u011fr\u0131s\u0131 <\/span><\/em><\/strong><strong><span style=\"font-size: 12.5pt; font-family: Arial, sans-serif;\">yapm\u0131\u015ft\u0131. Suriye&#8217;nin kuzeyindeki YPG varl\u0131\u011f\u0131n\u0131 temizlemek i&ccedil;in Bar\u0131\u015f P\u0131nar\u0131 Harek&acirc;t\u0131&rsquo;n\u0131 ba\u015flatan T&uuml;rk ordusu Suriye&#8217;de ilerlemeye devam ederken y&uuml;zlerce ter&ouml;risti safd\u0131\u015f\u0131 b\u0131rakm\u0131\u015ft\u0131. T&uuml;rk askerinin operasyonlar\u0131 devam ederken PKK\/YPG&#8217;nin en b&uuml;y&uuml;k destek&ccedil;isi ABD yeni bir a&ccedil;\u0131klama yapm\u0131\u015ft\u0131. Amerikan y&ouml;netimi, bug&uuml;ne kadar <\/span><\/strong><strong><em><span style=\"font-size: 14pt; font-family: Arial, sans-serif;\">&#8220;B&uuml;y&uuml;k sava\u015f&ccedil;\u0131lar&#8221;<\/span><\/em><\/strong><span style=\"font-size: 14pt; font-family: Arial, sans-serif;\"> <\/span><strong><span style=\"font-size: 12.5pt; font-family: Arial, sans-serif;\">diye &ouml;vd&uuml;kleri YPG&#8217;lilerden 800&#8217;&uuml;n&uuml;n etkisiz hale getirildi\u011fini g&ouml;r&uuml;nce pani\u011fe kap\u0131lm\u0131\u015flard\u0131. AFP&#8217;nin haberine g&ouml;re Pentagon; i\u015fte bu nedenle T&uuml;rkiye&#8217;ye Suriye&#8217;deki harek&acirc;t\u0131n\u0131 durdurma &ccedil;a\u011fr\u0131s\u0131 yapm\u0131\u015ft\u0131.<\/span><\/strong><\/p>\n<p style=\"margin-bottom: 0.0001pt; text-align: justify; text-indent: 21.3pt; line-height: 16pt;\"><strong><span style=\"font-size: 12.5pt; font-family: Arial, sans-serif;\">Oysa daha &ouml;nce Beyaz Saray a&ccedil;\u0131klamas\u0131ndan; <em>T&uuml;rkiye&rsquo;ye destek olunmasa da, engel de olunmayaca\u011f\u0131 <\/em>sonucu &ccedil;\u0131kar\u0131lm\u0131\u015ft\u0131. ABD Merkezi Komutanl\u0131k (CENTCOM) I\u015e\u0130D&rsquo;e kar\u015f\u0131 lejyoner g&uuml;&ccedil; olarak kulland\u0131\u011f\u0131 PYD&rsquo;nin milis g&uuml;c&uuml; YPG&rsquo;ye son be\u015f y\u0131ld\u0131r d&uuml;zenli ordu e\u011fitimi sa\u011flamas\u0131na, z\u0131rhl\u0131 ara&ccedil;lar, tanksavarlar ve yerden havaya f&uuml;zelerle donatmas\u0131na ra\u011fmen, T&uuml;rk Ordusu kar\u015f\u0131s\u0131nda &ccedil;il yavrusu gibi da\u011f\u0131lmalar\u0131 kar\u015f\u0131s\u0131nda \u015fa\u015fk\u0131nl\u0131\u011fa u\u011fram\u0131\u015flard\u0131. Nitekim <em>&ldquo;ABD s&ouml;z&uuml;nde durmad\u0131, &ccedil;ekiliyor&rdquo;<\/em> diyen YPG direnece\u011fini a&ccedil;\u0131klam\u0131\u015f, ama T&uuml;rk Silahl\u0131 Kuvvetlerinin bu harek&acirc;ta uzun s&uuml;redir haz\u0131rlanmas\u0131, yeni silahlar d&acirc;hil &ouml;nemli y\u0131\u011f\u0131nak yap\u0131lmas\u0131 ve hem ordu hem kamuoyunun psikolojik olarak bu harek&acirc;ta destek &ccedil;\u0131kmas\u0131 kar\u015f\u0131s\u0131nda pani\u011fe kap\u0131lm\u0131\u015flard\u0131. <\/span><\/strong><\/p>\n<p style=\"margin-bottom: 0.0001pt; text-align: justify; text-indent: 21.3pt; line-height: 16pt;\"><strong><span style=\"font-size: 12.5pt; font-family: Arial, sans-serif;\">Bu a\u015famada T&uuml;rkiye&rsquo;nin Vladimir Putin ve Hasan Ruhani ile g&ouml;r&uuml;\u015fmesi, MSB Hulusi Akar&rsquo;\u0131n da kendi muhataplar\u0131yla yo\u011fun diplomasi y&uuml;r&uuml;tmesi de anlaml\u0131yd\u0131. Muhataplar\u0131na; <em>&ldquo;destek olmuyorsan\u0131z, bari k&ouml;stek olmay\u0131n&rdquo; <\/em>merkezli diplomasinin yararl\u0131 oldu\u011fu ortaya &ccedil;\u0131km\u0131\u015ft\u0131. Bu ba\u011flamda Akar-Esper g&ouml;r&uuml;\u015fmesi ard\u0131ndan Ankara ve Washington&rsquo;dan yap\u0131lan a&ccedil;\u0131klamalar aras\u0131ndaki farklar da dikkatlerden ka&ccedil;mam\u0131\u015ft\u0131. MSB a&ccedil;\u0131klamas\u0131nda PKK\/PYD ile m&uuml;cadele, Pentagon a&ccedil;\u0131klamas\u0131nda ise I\u015e\u0130D&rsquo;le m&uuml;cadele &ouml;ne &ccedil;\u0131kar\u0131lm\u0131\u015ft\u0131.<\/span><\/strong><\/p>\n<p style=\"margin-bottom: 0.0001pt; text-align: justify; text-indent: 21.3pt; line-height: 16pt;\"><strong><span style=\"font-size: 14pt; font-family: Arial, sans-serif;\">ABD ile var\u0131lan 120 saatlik mutabakat\u0131n bitmesine saatler kala, ABD D\u0131\u015fi\u015fleri Bakan\u0131 Mike Pompeo, T&uuml;rkiye&#8217;ye k&uuml;stah bir tehditte bulunarak <em>&#8220;Ba\u015fkan Trump, ihtiya&ccedil; halinde T&uuml;rkiye&#8217;ye askeri harek&acirc;t yap\u0131lmas\u0131 i&ccedil;in haz\u0131rl\u0131kl\u0131&#8221;<\/em> a&ccedil;\u0131klamas\u0131n\u0131 yapm\u0131\u015ft\u0131. &Uuml;stelik <\/span><\/strong><strong><span style=\"font-size: 12.5pt; font-family: Arial, sans-serif;\">Suriye mutabakat\u0131 i&ccedil;in T&uuml;rkiye&#8217;ye gelen ABD heyetinde yer alan ABD D\u0131\u015fi\u015fleri Bakan\u0131 Mike Pompeo CNBC&#8217;de yer alan skandal demecinde; <\/span><\/strong><strong><em><span style=\"font-size: 14pt; font-family: Arial, sans-serif;\">Trump&#8217;\u0131n, gerekli g&ouml;r&uuml;lmesi durumunda T&uuml;rkiye&#8217;ye kar\u015f\u0131 bir askeri harek&acirc;t ger&ccedil;ekle\u015ftirebilece\u011fi <\/span><\/em><\/strong><strong><span style=\"font-size: 12.5pt; font-family: Arial, sans-serif;\">tehdidini hat\u0131rlatm\u0131\u015ft\u0131. <\/span><\/strong><strong><em><span style=\"font-size: 14pt; font-family: Arial, sans-serif;\">&#8220;Bar\u0131\u015f\u0131 sava\u015fa tercih ederiz, ama kinetik ya da askeri tutum almak gerekirse, Ba\u015fkan Trump&#8217;\u0131n bu gere\u011fi yerine getirmeye haz\u0131r oldu\u011funu bilmelisiniz&rdquo; <\/span><\/em><\/strong><strong><span style=\"font-size: 12.5pt; font-family: Arial, sans-serif;\">ifadelerini kullanm\u0131\u015ft\u0131. Gazeteci Wilfred Frost&#8217;a konu\u015fan Pompeo ayr\u0131ca ekonomik yapt\u0131r\u0131mlar\u0131n yan\u0131 s\u0131ra diplomatik yapt\u0131r\u0131mlar\u0131n da kullan\u0131labilece\u011fini vurgulam\u0131\u015ft\u0131. R&ouml;portajda Pompeo, <\/span><\/strong><strong><em><span style=\"font-size: 14pt; font-family: Arial, sans-serif;\">&ldquo;T&uuml;rkiye ile anla\u015fman\u0131n &ccedil;ok hayat kurtard\u0131\u011f\u0131na tamamen inand\u0131\u011f\u0131n\u0131 s&ouml;yleyerek&rdquo; <\/span><\/em><\/strong><strong><span style=\"font-size: 12.5pt; font-family: Arial, sans-serif;\">bu sayede PKK-PYD ve I\u015e\u0130D&rsquo;li ter&ouml;ristlerin kurtar\u0131ld\u0131\u011f\u0131n\u0131 ima etmekten de sak\u0131nmam\u0131\u015ft\u0131!?<\/span><\/strong><\/p>\n<p style=\"margin-bottom: 0.0001pt; text-align: justify; text-indent: 21.3pt; line-height: 16pt;\"><strong><span style=\"font-size: 14pt; font-family: Arial, sans-serif;\">ABD ve Rusya F\u0131rat&rsquo;\u0131n do\u011fusunda ortakla\u015fa plan kurmaktayd\u0131!<\/span><\/strong><\/p>\n<p style=\"margin-bottom: 0.0001pt; text-align: justify; text-indent: 21.3pt; line-height: 16pt;\"><strong><em><span style=\"font-size: 12.5pt; font-family: Arial, sans-serif;\">&ldquo;Ge&ccedil;en aylarda g&uuml;ya yakalama karar\u0131 bulunan Rusya&rsquo;n\u0131n &uuml;&ccedil; istihbarat servisi ajan\u0131 gizlice Washington&rsquo;a gelip Suriye i&ccedil;in haz\u0131rlanan gizli plan\u0131 Trump y&ouml;netimine aktarm\u0131\u015flard\u0131. O g&uuml;n bir s&uuml;re&ccedil; ba\u015flat\u0131lm\u0131\u015f ve Suriye&rsquo;de ABD-Rusya T&uuml;rkiye&rsquo;ye kar\u015f\u0131 ortak &ccedil;al\u0131\u015fmaya ba\u015flam\u0131\u015ft\u0131. \u015eimdi art\u0131k o plan ad\u0131m ad\u0131m uygulanmaktayd\u0131, hatta son a\u015famas\u0131na dayanm\u0131\u015ft\u0131. Zaten Suriye&rsquo;nin gelece\u011fi konusunda ABD ile Rusya 2018 i&ccedil;inde bir &ouml;n anla\u015fmaya varm\u0131\u015flard\u0131. \u0130ki &uuml;lke de bu gelece\u011fe T&uuml;rkiye&rsquo;nin onay\u0131 ve deste\u011fi olmad\u0131\u011f\u0131 takdirde uygulanmas\u0131 ihtimalinin bulunmad\u0131\u011f\u0131n\u0131 bildiklerinden &ouml;n anla\u015fmalar\u0131n\u0131n en kritik plan\u0131 Suriye K&uuml;rtleri &uuml;zerine yap\u0131lm\u0131\u015ft\u0131. Ruslar\u0131n <\/span><\/em><\/strong><strong><em><span style=\"font-size: 14pt; font-family: Arial, sans-serif;\">Kuzey Irak Modeli,<\/span><\/em><\/strong><strong><em><span style=\"font-size: 12.5pt; font-family: Arial, sans-serif;\"> Amerikal\u0131lar\u0131n <\/span><\/em><\/strong><strong><em><span style=\"font-size: 14pt; font-family: Arial, sans-serif;\">Kam\u0131\u015fl\u0131 Modeli <\/span><\/em><\/strong><strong><em><span style=\"font-size: 12.5pt; font-family: Arial, sans-serif;\">diye adland\u0131rd\u0131klar\u0131 K&uuml;rt olu\u015fumu modeli bu s&uuml;re&ccedil; i&ccedil;inde haz\u0131rlanm\u0131\u015ft\u0131. K&uuml;rtleri i&ccedil;eren do\u011frudan federatif bir yap\u0131 yerine, Kuzey Suriye&rsquo;de s\u0131n\u0131r\u0131m\u0131zdan uzakta s\u0131n\u0131rlar\u0131 belli olan ve s\u0131n\u0131rlar\u0131nda Suriye bayra\u011f\u0131n\u0131n dalgalanaca\u011f\u0131, s\u0131n\u0131r korumas\u0131n\u0131n da Suriye ordusu taraf\u0131ndan yap\u0131laca\u011f\u0131 bir alanda YPG\/PYD kontrol&uuml;nde K&uuml;rt olu\u015fumuna k&uuml;lt&uuml;rel ve k\u0131s\u0131tl\u0131 idari &ouml;zerklik sa\u011flanacakt\u0131. Rusya ile ABD aras\u0131ndaki gizli diplomaside T&uuml;rkiye&rsquo;nin ba\u015fta buna kar\u015f\u0131 &ccedil;\u0131kaca\u011f\u0131 ama sonra Kuzey Irak&rsquo;ta oldu\u011fu gibi bununla &ccedil;al\u0131\u015fmaya ba\u015flayaca\u011f\u0131 varsay\u0131lm\u0131\u015ft\u0131. Irak K&uuml;rt Otonom B&ouml;lgesi nas\u0131l T&uuml;rkiye&rsquo;nin etkisi alt\u0131na girdiyse Kuzey Suriye&rsquo;de de bunun aynen uygulanaca\u011f\u0131 hesaplanm\u0131\u015ft\u0131.&rdquo; <\/span><\/em><\/strong><strong><span style=\"font-size: 12.5pt; font-family: Arial, sans-serif;\">saptamalar\u0131 ve yorumlar\u0131 &uuml;zerinde durmak laz\u0131md\u0131.<\/span><\/strong><\/p>\n<p style=\"margin-bottom: 0.0001pt; text-align: justify; text-indent: 21.3pt; line-height: 16pt;\"><strong><span style=\"font-size: 12.5pt; font-family: Arial, sans-serif;\">Bu ba\u011flamda; <\/span><\/strong><strong><em><span style=\"font-size: 14pt; font-family: Arial, sans-serif;\">&ldquo;Putin satran&ccedil;, Trump poker oynuyor, Erdo\u011fan ise tombala &ccedil;ekiyor!?&rdquo;<\/span><\/em><\/strong><span style=\"font-size: 14pt; font-family: Arial, sans-serif;\"> <\/span><strong><span style=\"font-size: 12.5pt; font-family: Arial, sans-serif;\">yorumlar\u0131 &ouml;nemli bir ger&ccedil;e\u011fi mizah yollu ortaya koymaktayd\u0131. Evet, Putin uzun vadeli stratejik hesaplar yapmakta, Ortado\u011fu&rsquo;da h&acirc;kimiyet kurma planlar\u0131 uygulamaktayd\u0131. Trump ise azg\u0131n kovboy mant\u0131\u011f\u0131yla kumar oynamakta ve s&uuml;rekli rest &ccedil;ekip zorbal\u0131kla sonu&ccedil; almaya &ccedil;al\u0131\u015fmaktayd\u0131. Erdo\u011fan ise, elini dald\u0131rd\u0131\u011f\u0131 tombala torbas\u0131ndan \u015fans\u0131na &ccedil;\u0131kanla avunup durmaktayd\u0131. &Uuml;stelik emperyalist odaklar tombala torbas\u0131n\u0131n i&ccedil;ine sadece &ldquo;3&rdquo; (&uuml;&ccedil;e) kadar rakam koymu\u015flard\u0131. Kahraman Ordumuz &ldquo;12&rdquo;den vurduklar\u0131 halde, elimizde &ldquo;3&rdquo;ten fazlas\u0131 kalmamaktayd\u0131! Yo\u011fun medya yoluyla ve propaganda palavralar\u0131yla milletimiz avutulmakta, ama &uuml;lkemizin alt\u0131 oyulmaktayd\u0131. <\/span><\/strong><\/p>\n<p style=\"margin-bottom: 0.0001pt; text-align: justify; text-indent: 21.3pt; line-height: 16pt;\"><strong><span style=\"font-size: 12.5pt; font-family: Arial, sans-serif;\">&Ouml;rne\u011fin Erdo\u011fan&rsquo;la Putin aras\u0131ndaki 22 Ekim 2019 So&ccedil;i Mutabakat\u0131ndan, T&uuml;rkiye&rsquo;ye bak\u0131\u015f\u0131 ve daha &ouml;nceki &ccedil;\u0131k\u0131\u015flar\u0131 belli olan NATO Genel Sekreteri Siyonist Stoltenberg&rsquo;in bu denli memnun kalmas\u0131 ve <\/span><\/strong><strong><em><span style=\"font-size: 14pt; font-family: Arial, sans-serif;\">&ldquo;&ouml;nemli bir &ccedil;&ouml;z&uuml;m a\u015famas\u0131&rdquo;<\/span><\/em><\/strong><span style=\"font-size: 14pt; font-family: Arial, sans-serif;\"> <\/span><strong><span style=\"font-size: 12.5pt; font-family: Arial, sans-serif;\">olarak yorumlamas\u0131 nas\u0131l okunmal\u0131yd\u0131?<\/span><\/strong><\/p>\n<p style=\"margin-bottom: 0.0001pt; text-align: justify; text-indent: 21.3pt; line-height: 16pt;\"><strong><span style=\"font-size: 12.5pt; font-family: Arial, sans-serif;\">Yeni So&ccedil;i anla\u015fmas\u0131yla Suriye petrol ve do\u011falgaz kaynaklar\u0131n\u0131n %75&rsquo;ini kontrol&uuml;ne alan PKK\/PYD ve DEA\u015e militanlar\u0131yla, Esad Y&ouml;netiminin anla\u015fmas\u0131n\u0131n da &ouml;n&uuml; a&ccedil;\u0131lm\u0131\u015ft\u0131. Hayret, T&uuml;rkiye Rusya mutabakat\u0131ndan Trump o kadar memnun kalm\u0131\u015ft\u0131 ki, T&uuml;rkiye&rsquo;ye y&ouml;nelik yapt\u0131r\u0131m kararlar\u0131n\u0131 bile hemen kald\u0131rm\u0131\u015flard\u0131!? Bu konuda tek tesellimiz; <\/span><\/strong><strong><em><span style=\"font-size: 14pt; font-family: Arial, sans-serif;\">&ldquo;Vard\u0131r in\u015faallah Devletin de bir hesab\u0131 ve plan\u0131!&rdquo;<\/span><\/em><\/strong><span style=\"font-size: 14pt; font-family: Arial, sans-serif;\"> <\/span><strong><span style=\"font-size: 12.5pt; font-family: Arial, sans-serif;\">olmaktayd\u0131.<\/span><\/strong><\/p>\n<p style=\"margin-bottom: 0.0001pt; text-align: justify; text-indent: 21.3pt; line-height: 16pt;\"><strong><span style=\"font-size: 14pt; font-family: Arial, sans-serif;\">\u0130ran&#8217;dan talihsiz T&uuml;rkiye a&ccedil;\u0131klamas\u0131<\/span><\/strong><\/p>\n<p style=\"margin-bottom: 0.0001pt; text-align: justify; text-indent: 21.3pt; line-height: 16pt;\"><strong><span style=\"font-size: 14pt; font-family: Arial, sans-serif;\">\u0130ran D\u0131\u015fi\u015fleri Bakanl\u0131\u011f\u0131 s&ouml;zc&uuml;s&uuml; Abbas Mousavi, <\/span><\/strong><strong><em><span style=\"font-size: 14pt; font-family: Arial, sans-serif;\">T&uuml;rkiye&#8217;nin Suriye i&ccedil;inde askeri mevziler kurmas\u0131na<\/span><\/em><\/strong><strong><span style=\"font-size: 14pt; font-family: Arial, sans-serif;\"> kar\u015f\u0131 &ccedil;\u0131km\u0131\u015f ve Tahran&#8217;\u0131n &ouml;nemli b&ouml;lgesel m&uuml;ttefiki Suriye&#8217;nin b&uuml;t&uuml;nl&uuml;\u011f&uuml;ne sayg\u0131 duyulmas\u0131 gerekti\u011fini hat\u0131rlatm\u0131\u015ft\u0131. <\/span><\/strong><\/p>\n<p style=\"margin-bottom: 0.0001pt; text-align: justify; text-indent: 21.3pt; line-height: 16pt;\"><strong><span style=\"font-size: 12.5pt; font-family: Arial, sans-serif;\">Mousavi devlet televizyonunda canl\u0131 olarak yay\u0131nlanan haftal\u0131k bas\u0131n toplant\u0131s\u0131nda, <\/span><\/strong><strong><em><span style=\"font-size: 14pt; font-family: Arial, sans-serif;\">&#8220;Ankara&#8217;n\u0131n Suriye&#8217;de askeri mevziler kurmas\u0131na kar\u015f\u0131y\u0131z&#8230; Sorunlar\u0131n diplomatik yollarla &ccedil;&ouml;z&uuml;lmesinden yanay\u0131z&#8230; Suriye&rsquo;nin b&uuml;t&uuml;nl&uuml;\u011f&uuml;ne sayg\u0131 g&ouml;sterilmesini ummaktay\u0131z&hellip;&rdquo; <\/span><\/em><\/strong><strong><span style=\"font-size: 12.5pt; font-family: Arial, sans-serif;\">Oysa, y\u0131llard\u0131r Suriye &uuml;zerinden T&uuml;rkiye&rsquo;ye y&ouml;nelik y\u0131k\u0131c\u0131 sald\u0131r\u0131lar kar\u015f\u0131s\u0131nda her nedense \u0130ran&rsquo;\u0131n hi&ccedil; sesi &ccedil;\u0131kmam\u0131\u015ft\u0131! T&uuml;rkiye&#8217;nin 9 Ekim&#8217;de Suriye&#8217;nin kuzeyinde ve F\u0131rat Nehri&#8217;nin do\u011fusunda ba\u015flad\u0131\u011f\u0131 Bar\u0131\u015f P\u0131nar\u0131 Harek&acirc;t\u0131, Tel Abyad ve Resulayn kentleri ve &ccedil;evrelerindeki b&ouml;lgelerde yo\u011funla\u015fm\u0131\u015ft\u0131. Harek&acirc;t\u0131n 8. g&uuml;n&uuml;nde, Ankara&#8217;da g&ouml;r&uuml;\u015fen Cumhurba\u015fkan\u0131 Recep Tayyip Erdo\u011fan ba\u015fkanl\u0131\u011f\u0131ndaki T&uuml;rk heyeti ile ABD Ba\u015fkan Yard\u0131mc\u0131s\u0131 Mike Pence&#8217;in ba\u015fkanl\u0131\u011f\u0131ndaki ABD heyeti, anla\u015fmaya varm\u0131\u015ft\u0131. Ama anla\u015fma maddeleri, kafalar\u0131 kar\u0131\u015ft\u0131rm\u0131\u015f, TSK&rsquo;n\u0131n kal\u0131c\u0131 ve kapsay\u0131c\u0131 sonu&ccedil;lar alacakken harek&acirc;ta son verilmesi kafalar\u0131 kar\u0131\u015ft\u0131rm\u0131\u015ft\u0131.<\/span><\/strong><\/p>\n<p style=\"margin-bottom: 0.0001pt; text-align: justify; text-indent: 21.3pt; line-height: 16pt;\"><strong><span style=\"font-size: 14pt; font-family: Arial, sans-serif;\">G&uuml;venlik Uzman\u0131 Abdullah A\u011far&rsquo;\u0131n hakl\u0131 uyar\u0131lar\u0131!<\/span><\/strong><\/p>\n<p style=\"margin-bottom: 0.0001pt; text-align: justify; text-indent: 21.3pt; line-height: 16pt;\"><strong><span style=\"font-size: 12.5pt; font-family: Arial, sans-serif;\">&ldquo;Bizim harek&acirc;ttaki niyet ve maksad\u0131m\u0131z; &ouml;ncelikli olarak 32 km&rsquo;lik derinlikte ve F\u0131rat&rsquo;tan Irak s\u0131n\u0131r\u0131na kadar olan alanda yakla\u015f\u0131k 15 bin km<sup>2<\/sup>&rsquo;lik bir alanda PKK\/YPG&rsquo;li ter&ouml;ristlerin uzakla\u015ft\u0131r\u0131lmas\u0131 de\u011fil, etkisiz k\u0131l\u0131nmas\u0131yd\u0131. Bu harek&acirc;t, PKK\/YPG&rsquo;nin nihai olarak marjinalle\u015ftirilmesi veya tamamen ortadan kald\u0131r\u0131lmas\u0131 ile ilgili bir s&uuml;recin birinci safhas\u0131yd\u0131. Amerika Birle\u015fik Devletleri bu anla\u015fmay\u0131 imzalayarak, bir \u015fekilde T&uuml;rkiye ile anla\u015farak PKK\/YPG&rsquo;yi koruma alt\u0131na alm\u0131\u015ft\u0131r. Yani bundan sonraki s&uuml;re&ccedil;te PKK-YPG T&uuml;rkiye&rsquo;nin herhangi bir etkisine maruz kalmadan 20 Mil&rsquo;in alt\u0131nda maalesef rahat&ccedil;a ya\u015fayacakt\u0131r. ABD &ccedil;ok &ouml;nemli bir hamle daha yapt\u0131, PKK\/YPG&rsquo;nin hem ideolojik hem de demografik iddia &uuml;retti\u011fi alanlar\u0131 harek&acirc;t\u0131n i&ccedil;erisinde &ccedil;ok kas\u0131tl\u0131 ve bilin&ccedil;li bir hamleyle Rusya&rsquo;ya ve Rejime devrederek oralarda da fiili bir durum ortaya &ccedil;\u0131kard\u0131. Bu arada Amerika; PKK\/YPG&rsquo;nin varl\u0131k ve iddia &uuml;retti\u011fi alanlar\u0131n Rejim ve Rusya &uuml;zerinden ya\u015famas\u0131n\u0131 sa\u011flayarak bir ba\u015fka denklemin alt\u0131na imza att\u0131. Yani ABD \u015funu yapt\u0131; hem NATO m&uuml;ttefiki olan bir &uuml;lkeyi kendi partnerini kendi elinde tuttu, Rusya&rsquo;ya kapt\u0131rmad\u0131, hem de di\u011fer taraf\u0131yla Ortado\u011fu&rsquo;da kullanm\u0131\u015f oldu\u011fu aparat &ouml;rg&uuml;t&uuml;-ter&ouml;r &ouml;rg&uuml;t&uuml;n&uuml; T&uuml;rkiye&rsquo;den kurtararak varl\u0131\u011f\u0131n\u0131 devam ettirmesini sa\u011flad\u0131. Bar\u0131\u015f P\u0131nar\u0131 Harek&acirc;t\u0131 PKK\/YPG&rsquo;yi k&ouml;kten bitirme hesapl\u0131yd\u0131. &Ccedil;&uuml;nk&uuml; PKK\/YPG &ldquo;ben art\u0131k konvansiyonel g&uuml;ce d&ouml;n&uuml;\u015ft&uuml;m, karasal bir alana kavu\u015ftum ve sana kar\u015f\u0131 iddia &uuml;retiyorum ve seni (T&uuml;rkiye&rsquo;yi) Suriye&rsquo;nin kuzeyine sokmayaca\u011f\u0131m&rdquo; demeye ba\u015flam\u0131\u015ft\u0131. \u015eimdi biz b&ouml;yle diyen ve iddia &uuml;reten bir &ouml;rg&uuml;te y&ouml;nelik b&uuml;t&uuml;n engellemelere kar\u015f\u0131 bir harek&acirc;t d&uuml;zenledik ve bununla beraber bu iddias\u0131n\u0131 elinden almaya ba\u015flad\u0131k. Ama \u015fimdi ABD gelip dayatarak, bu anla\u015fmay\u0131 imzalatarak, bu g&uuml;venli b&ouml;lgeyi, yani Ruslar\u0131n e\u011femen olaca\u011f\u0131, bizim orada gayri me\u015fru say\u0131laca\u011f\u0131m\u0131z bir alanda bizi Ruslarla ve Rejimle ba\u015f ba\u015fa b\u0131rakarak, bunun hemen alt\u0131ndaki alanlarda PKK\/YPG&rsquo;yi T&uuml;rkiye&rsquo;nin etkisinden kurtarm\u0131\u015ft\u0131r. <\/span><\/strong><\/p>\n<p style=\"margin-bottom: 0.0001pt; text-align: justify; text-indent: 21.3pt; line-height: 16pt;\"><strong><span style=\"font-size: 12.5pt; font-family: Arial, sans-serif;\">ABD bu anla\u015fma metnini imzalamam\u0131\u015f olsayd\u0131, ya T&uuml;rkiye gibi k&uuml;resel anlamdaki son derece &ouml;nemli bir partneri tamam\u0131yla kaybetmi\u015f olacakt\u0131 veya bu riskle kar\u015f\u0131 kar\u015f\u0131ya kalmamak ad\u0131na, PKK\/YPG&rsquo;yi b\u0131rakmak zorunda kalacakt\u0131. ABD&rsquo;nin en b&uuml;y&uuml;k korkusu, T&uuml;rkiye&rsquo;nin ABD&rsquo;ye ra\u011fmen burada bir harek&acirc;t d&uuml;zenlemesiyle ilgili ku\u015fkular\u0131yd\u0131. Evet, belki ABD T&uuml;rkiye&rsquo;yi vurabilirdi. Ama iki NATO &uuml;lkesi kendi i&ccedil;erisinde &ccedil;arp\u0131\u015fm\u0131\u015f oldu\u011fu i&ccedil;in, NATO&rsquo;nun kurulu\u015f felsefesiyle ilgili &ccedil;ok &ouml;nemli bir &ccedil;at\u0131rt\u0131 ortaya &ccedil;\u0131kard\u0131 ve NATO da\u011f\u0131l\u0131rd\u0131. NATO&rsquo;nun g&uuml;neydo\u011fu kanad\u0131 zaten &ccedil;&ouml;kmeye ba\u015flam\u0131\u015ft\u0131 ve T&uuml;rkiye &uuml;zerinden &uuml;retmi\u015f oldu\u011fu kazan\u0131mlar\u0131 hem NATO; hem de NATO &uuml;lkeleri kaybetmi\u015f olacakt\u0131.[2]<\/span><\/strong><\/p>\n<p style=\"margin-bottom: 0.0001pt; text-align: justify; text-indent: 21.3pt; line-height: 16pt;\"><strong><span style=\"font-size: 12.5pt; font-family: Arial, sans-serif;\"><\/span><\/strong><strong><span style=\"font-size: 14pt; font-family: Arial, sans-serif;\">T&uuml;rkiye&rsquo;ye kar\u015f\u0131; PYD\/PKK&rsquo;n\u0131n \u015eam Mutabakat\u0131, asl\u0131nda ABD-Rusya ittifak\u0131 m\u0131yd\u0131?<\/span><\/strong><\/p>\n<p style=\"margin-bottom: 0.0001pt; text-align: justify; text-indent: 21.3pt; line-height: 16pt;\"><strong><span style=\"font-size: 12.5pt; font-family: Arial, sans-serif;\">Bar\u0131\u015f P\u0131nar\u0131 Askeri Harek&acirc;t\u0131 ba\u015flamadan yaln\u0131zca 15-20 g&uuml;n &ouml;nce &uuml;lkemizde tart\u0131\u015f\u0131lan en &ouml;nemli konu; T&uuml;rkiye&rsquo;nin F\u0131rat&rsquo;\u0131n do\u011fusuna operasyon yap\u0131p yapamayaca\u011f\u0131yd\u0131. Astana S&uuml;reci akt&ouml;rleri Rusya ve \u0130ran bu operasyona destek olacaklar m\u0131yd\u0131? T&uuml;rkiye bu operasyonu ABD&rsquo;ye ra\u011fmen tek ba\u015f\u0131na yaparsa ABD &ndash; T&uuml;rkiye sava\u015f\u0131 &ccedil;\u0131kacak m\u0131yd\u0131? sorular\u0131 tart\u0131\u015f\u0131lmaktayd\u0131. Ba\u015fkan Erdo\u011fan uzun bir zamandan bu yana T&uuml;rkiye&rsquo;nin F\u0131rat&rsquo;\u0131n do\u011fusuna operasyon yapacaklar\u0131 a&ccedil;\u0131klamas\u0131n\u0131 dosta d&uuml;\u015fmana duyurmu\u015flard\u0131. Bu askeri harek&acirc;t\u0131n &uuml;lkenin bekas\u0131 i&ccedil;in elzem oldu\u011fu, T&uuml;rkiye&rsquo;nin kolonyalist ve hegemonik k&uuml;resel g&uuml;&ccedil;lerce ter&ouml;r koridoru ile ku\u015fat\u0131lmas\u0131na izin vermeyece\u011fi y&ouml;n&uuml;ndeki ikazlar\u0131 sonucu Bar\u0131\u015f P\u0131nar\u0131 Askeri Harek&acirc;t\u0131 ba\u015flat\u0131lm\u0131\u015ft\u0131. Neredeyse 1 hafta i&ccedil;inde 120 km uzunlu\u011funda 32 Km derinli\u011finde Tel Abyad ve Resulayn TSK ve &Ouml;SO taraf\u0131ndan ele ge&ccedil;irilmi\u015f 700&rsquo;&uuml;n &uuml;zerinde PYD\/PKK&rsquo;l\u0131 ter&ouml;rist etkisiz k\u0131l\u0131nm\u0131\u015ft\u0131. T&uuml;rk askerinin neredeyse y\u0131ld\u0131r\u0131m h\u0131z\u0131yla ter&ouml;r &ouml;rg&uuml;t&uuml; PYD&rsquo;yi k\u0131sa bir s&uuml;rede peri\u015fan edip da\u011f\u0131tmas\u0131, ter&ouml;ristlerin Pentagon taraf\u0131ndan kendilerine verilen yeni nesil silah ve m&uuml;himmat\u0131 terk ederek ka&ccedil;malar\u0131 PKK\/PYD ter&ouml;r &ouml;rg&uuml;t&uuml;n&uuml; destekleyen ABD&rsquo;yi ku\u015fkuland\u0131rm\u0131\u015f, T&uuml;rkiye&rsquo;nin k\u0131sa bir s&uuml;rede F\u0131rat&rsquo;\u0131n do\u011fusunu tamamen ele ge&ccedil;irece\u011finden korkan ABD bu kez Ba\u015fkan Yard\u0131mc\u0131s\u0131 Mike Pence&rsquo;yi bir heyetle T&uuml;rkiye&rsquo;ye yollam\u0131\u015ft\u0131. Pence ve T&uuml;rk yetkililerle yap\u0131lan g&ouml;r&uuml;\u015fmelerde, ABD ile T&uuml;rkiye aras\u0131nda <em>120 saat s&uuml;re i&ccedil;in operasyonlara ara verilmesi karar\u0131 <\/em>al\u0131nm\u0131\u015f, bu durum 13 maddelik bir mutabakata yaz\u0131lm\u0131\u015ft\u0131. ABD bu sure i&ccedil;inde YPG\/PKK ter&ouml;r &ouml;rg&uuml;t&uuml; mensuplar\u0131n\u0131 T&uuml;rkiye&rsquo;nin belirledi\u011fi G&uuml;venlik B&ouml;lgesi s\u0131n\u0131rlar\u0131 d\u0131\u015f\u0131na &ccedil;\u0131karacak Pentagon&rsquo;un ter&ouml;r &ouml;rg&uuml;t&uuml;ne verdi\u011fi silahlar\u0131n t&uuml;m&uuml; geri al\u0131nacakt\u0131. Ancak ABD ile yap\u0131lan mutabakatta Pence; <em>&ldquo;g&uuml;venlik b&ouml;lgesinin sadece 120 km uzunlu\u011funda 30 km derinli\u011finde Tel Abyad ve Resulayn aras\u0131ndaki b&ouml;lge olaca\u011f\u0131n\u0131 PYD&rsquo;nin yaln\u0131zca bu b&ouml;lgeden &ccedil;\u0131kaca\u011f\u0131n\u0131&rdquo;<\/em> hat\u0131rlatmas\u0131 kafa kar\u0131\u015ft\u0131r\u0131c\u0131yd\u0131. Baz\u0131 uzmanlara g&ouml;re ise bu t&uuml;r askeri harek&acirc;tlarda ilk ate\u015fkes veya operasyonlara ara verilmesi sonras\u0131nda ikinci veya &uuml;&ccedil;&uuml;nc&uuml; askeri harek&acirc;tlar sonras\u0131nda tam bir netice almak m&uuml;mk&uuml;n olmaktayd\u0131. T&uuml;rkiye bu kez ABD veya Rusya&rsquo;ya ra\u011fmen gerekti\u011finde F\u0131rat&rsquo;\u0131n do\u011fusuna yap\u0131lacak ikinci ayak operasyonlarda &ccedil;ok kararl\u0131yd\u0131. Zira ter&ouml;r &ouml;rg&uuml;t&uuml; PYD\/PKK&rsquo;n\u0131n s&ouml;zde &uuml;st d&uuml;zey y&ouml;neticileri ve Pence&rsquo;nin yapt\u0131\u011f\u0131 a&ccedil;\u0131klamalarda T&uuml;rkiye&rsquo;nin a&ccedil;\u0131k&ccedil;a belirtti\u011fi g&uuml;venli b&ouml;lgeyi s\u0131n\u0131rlama &ccedil;abalar\u0131 ve yine Rusya&rsquo;n\u0131n So&ccedil;i &ouml;ncesi yapt\u0131\u011f\u0131 YPG&rsquo;yi koruma ve kollamaya y&ouml;nelik baz\u0131 olumsuz a&ccedil;\u0131klamalar\u0131 T&uuml;rkiye&rsquo;nin kendi &ccedil;\u0131karlar\u0131n\u0131 koruma konusunda kararl\u0131 ve haz\u0131rl\u0131kl\u0131 olmas\u0131 gerekti\u011fini hat\u0131rlatmaktayd\u0131. <\/span><\/strong><\/p>\n<p style=\"margin-bottom: 0.0001pt; text-align: justify; text-indent: 21.3pt; line-height: 16pt;\"><strong><em><span style=\"font-size: 12.5pt; font-family: Arial, sans-serif;\">&ldquo;13 Ekim&rsquo;de muhtemelen Rusya ve ABD&rsquo;nin bilgisi d&acirc;hilinde PYD\/PKK ile Suriye rejimi aras\u0131nda yap\u0131lan bir anla\u015fma ile Rejim g&uuml;&ccedil;leri T&uuml;rkiye&rsquo;nin g&uuml;venli b&ouml;lge olarak deklare etti\u011fi baz\u0131 b&ouml;lgelere girmeye ba\u015flam\u0131\u015ft\u0131. PYD\/PKK ter&ouml;r &ouml;rg&uuml;t&uuml;n&uuml;n \u015eam Mutabakat\u0131 Rejimin Derik&rsquo;ten Menbi&ccedil;&rsquo;e kadar b&uuml;t&uuml;n T&uuml;rkiye-Suriye s\u0131n\u0131rlar\u0131n\u0131 kontrol etmesini \u015farta ba\u011flam\u0131\u015ft\u0131. Bu &ccedil;er&ccedil;evede Suriye rejim g&uuml;&ccedil;leri de Menbic ve Kobani&rsquo;nin yan\u0131 s\u0131ra T&uuml;rkiye&rsquo;nin ilan etti\u011fi 32 km derinli\u011findeki G&uuml;venli B&ouml;lgenin s\u0131n\u0131r\u0131n\u0131 olu\u015fturan M-4 karayolunun &uuml;zerindeki Tel Temir ile alt\u0131ndaki Ayn \u0130sa ve Tabka&rsquo;ya intikal etmi\u015f durumdayd\u0131. ABD askerleri de e\u015f zamanl\u0131 olarak bu b&ouml;lgelerdeki &uuml;slerini b\u0131rak\u0131p &ccedil;\u0131km\u0131\u015flard\u0131. ABD ile Rusya&rsquo;n\u0131n yak\u0131n i\u015fbirli\u011fi i&ccedil;inde hareket ederek Kuzey Suriye&rsquo;deki baz\u0131 b&ouml;lgelerde h&acirc;kim durumu de\u011fi\u015ftirdi\u011fini, Newsweek&rsquo;e konu\u015fan ABD Savunma Bakanl\u0131\u011f\u0131&rsquo;ndan (Pentagon) &uuml;st d&uuml;zey bir yetkili de do\u011frulam\u0131\u015ft\u0131. Newsweek haberine g&ouml;re <\/span><\/em><\/strong><strong><em><span style=\"font-size: 14pt; font-family: Arial, sans-serif;\">&ldquo;ABD ordusu Menbic&rsquo;ten &ccedil;ekilirken, Rus ordusunun Esad g&uuml;&ccedil;leriyle birlikte b&ouml;lgede konu\u015flanmas\u0131na yard\u0131mc\u0131 olmu\u015flard\u0131.&rdquo;[3]<\/span><\/em><\/strong><em><\/em><\/p>\n<p style=\"margin-bottom: 0.0001pt; text-align: justify; text-indent: 21.3pt; line-height: 16pt;\"><strong><span style=\"font-size: 14pt; font-family: Arial, sans-serif;\">\u015eu sorular h&acirc;l&acirc; neden yan\u0131ts\u0131zd\u0131?<\/span><\/strong><\/p>\n<p style=\"margin-bottom: 0.0001pt; text-align: justify; text-indent: 21.3pt; line-height: 16pt;\"><strong><span style=\"font-size: 12.5pt; font-family: Arial, sans-serif;\">1- Erdo\u011fan 20 Ekim&rsquo;de G&uuml;venli B&ouml;lgeyi Cerablus&rsquo;tan Irak s\u0131n\u0131r\u0131na dek 440 kilometre olarak a&ccedil;\u0131klam\u0131\u015ft\u0131. ABD&rsquo;nin YPG\/PKK&rsquo;dan ar\u0131nd\u0131rmay\u0131 taahh&uuml;t etti\u011fi 32 kilometre derinlikteki alan\u0131n uzunlu\u011fu, 9 Ekim&rsquo;de ba\u015flay\u0131p 17 Ekim&rsquo;de &ldquo;ara verilen&rdquo; Bar\u0131\u015f P\u0131nar\u0131 Harek&acirc;t\u0131&rsquo;n\u0131n kapsad\u0131\u011f\u0131 Tel Abyad ile Resulayn aras\u0131ndaki 120 kilometre mi, 440 km mi olacakt\u0131? ABD 120&rsquo;ye 32 km alan\u0131 temizledi\u011finde anla\u015fma ko\u015fullar\u0131 sa\u011flanm\u0131\u015f olacak, harek&acirc;t duracak m\u0131yd\u0131?<\/span><\/strong><\/p>\n<p style=\"margin-bottom: 0.0001pt; text-align: justify; text-indent: 21.3pt; line-height: 16pt;\"><strong><span style=\"font-size: 12.5pt; font-family: Arial, sans-serif;\">2- ABD 120 km uzunlu\u011funda ve 32 km derinli\u011findeki bu b&ouml;lgedeki YPG\/PKK g&uuml;&ccedil;lerini 22 Ekim gece yar\u0131s\u0131na dek d\u0131\u015far\u0131 &ccedil;\u0131karacak m\u0131yd\u0131? PKK, Amerikan ordusunun dedi\u011fini yapacak m\u0131yd\u0131? YPG\/PKK&rsquo;l\u0131lar\u0131n -e\u011fer vereceklerse- a\u011f\u0131r silahlar\u0131, kime nas\u0131l teslim edece\u011fi ve bunu kimin denetleyece\u011fi netlik kazanm\u0131\u015f m\u0131yd\u0131?<\/span><\/strong><\/p>\n<p style=\"margin-bottom: 0.0001pt; text-align: justify; text-indent: 21.3pt; line-height: 16pt;\"><strong><span style=\"font-size: 12.5pt; font-family: Arial, sans-serif;\">3- D\u0131\u015fi\u015fleri Bakan\u0131 Mevl&uuml;t &Ccedil;avu\u015fo\u011flu&rsquo;nun &ldquo;Rusya ile konu\u015fulaca\u011f\u0131n\u0131&rdquo; s&ouml;yledi\u011fi alan, Bar\u0131\u015f P\u0131nar\u0131 harek&acirc;t alan\u0131n\u0131n d\u0131\u015f\u0131nda, bat\u0131s\u0131nda Kobani (Ayn el-Arap) ile do\u011fusundaki Kam\u0131\u015fl\u0131&rsquo;n\u0131n da bulundu\u011fu s\u0131n\u0131r b&ouml;lgelerini mi kapsamaktayd\u0131?<\/span><\/strong><\/p>\n<p style=\"margin-bottom: 0.0001pt; text-align: justify; text-indent: 21.3pt; line-height: 16pt;\"><strong><span style=\"font-size: 12.5pt; font-family: Arial, sans-serif;\">4- \u0130ki NATO m&uuml;ttefiki T&uuml;rkiye ile ABD aras\u0131nda anla\u015fmaya var\u0131lmas\u0131nda, NATO&rsquo;nun hasm\u0131 Rusya da kilit rol oynam\u0131\u015f m\u0131yd\u0131?<\/span><\/strong><\/p>\n<p style=\"margin-bottom: 0.0001pt; text-align: justify; text-indent: 21.3pt; line-height: 16pt;\"><strong><span style=\"font-size: 12.5pt; font-family: Arial, sans-serif;\">5- T&uuml;rkiye ve ABD&rsquo;nin anla\u015fmaya varmas\u0131nda Rusya&rsquo;n\u0131n katk\u0131s\u0131 d\u0131\u015f\u0131nda hangi etkenlerin pay\u0131 vard\u0131? Bir g&uuml;n &ouml;nce, 16 Ekim&rsquo;de Halkbank davas\u0131n\u0131n (Hazine m&uuml;dahalesini zorla\u015ft\u0131racak \u015fekilde) yeniden a&ccedil;\u0131lmas\u0131, Kongre&rsquo;ye &ouml;nerilen yeni yapt\u0131r\u0131mlar\u0131n Erdo\u011fan ve ailesinin mal ve di\u011fer varl\u0131klar\u0131n\u0131n tespitini istemi\u015f olmalar\u0131, Suriye harek&acirc;t\u0131na malzeme ve destek veren b&uuml;t&uuml;n \u015firketleri ve bankalar\u0131 kapsama almak giri\u015fiminde bir pay\u0131 var m\u0131yd\u0131? Bu konular\u0131n ayn\u0131 16 Ekim g&uuml;n&uuml;, 17 Ekim g&ouml;r&uuml;\u015fmelerine haz\u0131rl\u0131k yapan T&uuml;rk ve Amerikan teknik heyetleri aras\u0131nda tart\u0131\u015fmaya neden olmas\u0131 anla\u015fmaya var\u0131lmas\u0131n\u0131 kolayla\u015ft\u0131rm\u0131\u015f m\u0131yd\u0131?<\/span><\/strong><\/p>\n<p style=\"margin-bottom: 0.0001pt; text-align: justify; text-indent: 21.3pt; line-height: 16pt;\"><strong><span style=\"font-size: 12.5pt; font-family: Arial, sans-serif;\">6- Erdo\u011fan 16 Ekim&rsquo;de Pence ile g&ouml;r&uuml;\u015fmeyece\u011fini, herkesin muhatab\u0131yla g&ouml;r&uuml;\u015fece\u011fini s&ouml;ylerken, 17 Ekim&rsquo;de Pence ile 1 saat 20 dakika ba\u015f ba\u015fa g&ouml;r&uuml;\u015fmeyi neden kabul etmek durumunda kalm\u0131\u015ft\u0131? Heyetler aras\u0131 g&ouml;r&uuml;\u015fme yap\u0131l\u0131rken neden Pence ile e\u015fit stat&uuml;de masa ba\u015f\u0131n\u0131 payla\u015f\u0131rken (T&uuml;rk bas\u0131n\u0131n\u0131n al\u0131nmad\u0131\u011f\u0131 &ccedil;ekimde) foto\u011fraf veriyorlard\u0131?<\/span><\/strong><\/p>\n<p style=\"margin-bottom: 0.0001pt; text-align: justify; text-indent: 21.3pt; line-height: 16pt;\"><strong><span style=\"font-size: 12.5pt; font-family: Arial, sans-serif;\">7- Erdo\u011fan, 17 Ekim&rsquo;de Pence ve heyetiyle ile g&ouml;r&uuml;\u015fmeye ba\u015flamadan &ouml;nce Be\u015ftepe&rsquo;de D\u0131\u015fi\u015fleri ve G&uuml;venlik Ba\u015fdan\u0131\u015fman\u0131 \u0130brahim Kal\u0131n&rsquo;\u0131n g&ouml;r&uuml;\u015ft&uuml;\u011f&uuml;, Putin&rsquo;in Suriye &Ouml;zel Temsilcisi Aleksandr Lavrentyev&rsquo;in 19 Ekim&rsquo;de Be\u015far Esad&rsquo;la g&ouml;r&uuml;\u015fmek &uuml;zere \u015eam&rsquo;a gitmi\u015f olmas\u0131n\u0131n, &Ccedil;avu\u015fo\u011flu&rsquo;nun ima etti\u011fi, G&uuml;venli B&ouml;lge uzunlu\u011funu 120&rsquo;den 440 km&rsquo;ye &ccedil;\u0131karma s&uuml;reciyle bir ilgisi var m\u0131yd\u0131?<\/span><\/strong><\/p>\n<p style=\"margin-bottom: 0.0001pt; text-align: justify; text-indent: 21.3pt; line-height: 16pt;\"><strong><span style=\"font-size: 12.5pt; font-family: Arial, sans-serif;\">8- Erdo\u011fan 19 Ekim&rsquo;de Kayseri&rsquo;de gerekirse di\u011fer b&ouml;lgelere de asker&icirc; harek&acirc;t d&uuml;zenlenece\u011fini a&ccedil;\u0131klam\u0131\u015ft\u0131. Suriye ordusu 16 Ekim&rsquo;de Kobani&rsquo;ye girdi\u011fine ve Kam\u0131\u015fl\u0131 k\u0131smen \u015eam h&uuml;k&uuml;metinin kontrol&uuml;nde oldu\u011funa g&ouml;re, Esad h&uuml;k&uuml;metiyle do\u011frudan i\u015fbirli\u011fi gerektiren 1998 Adana Mutabakat\u0131 olmaks\u0131z\u0131n bu harek&acirc;ta kalk\u0131\u015fmak m&uuml;mk&uuml;n ve m&uuml;nasip olacak m\u0131yd\u0131?<\/span><\/strong><\/p>\n<p style=\"margin-bottom: 0.0001pt; text-align: justify; text-indent: 21.3pt; line-height: 16pt;\"><strong><span style=\"font-size: 12.5pt; font-family: Arial, sans-serif;\">9- Rus yetkililerin 16 Ekim&rsquo;de T&uuml;rkiye ve Suriye d\u0131\u015fi\u015fleri ve savunma bakanl\u0131klar\u0131 ve istihbarat servislerini &ldquo;ger&ccedil;ek zamanl\u0131&rdquo; olarak g&ouml;r&uuml;\u015ft&uuml;rd&uuml;klerini ve D\u0131\u015fi\u015fleri Bakan\u0131 Sergey Lavrov&rsquo;un da ayn\u0131 g&uuml;n &ccedil;&ouml;z&uuml;m&uuml;n Adana mutabakat\u0131 oldu\u011funu s&ouml;yledi\u011fine g&ouml;re, Putin 22 Ekim&rsquo;de Erdo\u011fan&rsquo;a Esad&rsquo;la \u015fahsen bar\u0131\u015fmasa da i\u015f birli\u011fi yapmas\u0131 gerekti\u011fini hat\u0131rlatm\u0131\u015f m\u0131yd\u0131?<\/span><\/strong><\/p>\n<p style=\"margin-bottom: 0.0001pt; text-align: justify; text-indent: 21.3pt; line-height: 16pt;\"><strong><span style=\"font-size: 12.5pt; font-family: Arial, sans-serif;\">10- YPG\/PKK, T&uuml;rkiye&rsquo;yle anla\u015fmaya varan ABD&rsquo;nin iste\u011fine uyarak harek&acirc;t b&ouml;lgesini terk etse dahi nereye ta\u015f\u0131nacaklard\u0131? ABD askerileri ile birlikte Irak&rsquo;a m\u0131 yollanacak, ABD&rsquo;de ald\u0131\u011f\u0131 maa\u015f ve di\u011fer yard\u0131mlar\u0131 Suriye kanal\u0131yla fiilen Rusya&rsquo;dan almaya ba\u015flay\u0131p &uuml;niforma de\u011fi\u015ftirerek Suriye ordusunun bir par&ccedil;as\u0131 m\u0131 olacaklard\u0131, yoksa be\u015f y\u0131ld\u0131r ABD&rsquo;den &uuml;st d&uuml;zey askeri e\u011fitim alan militanlar\u0131n\u0131 yine do\u011frudan T&uuml;rkiye&rsquo;deki eylemlere mi ba\u015flayacaklard\u0131? Bu konular Rusya ile de konu\u015fulacak m\u0131yd\u0131?<\/span><\/strong><\/p>\n<p style=\"margin-bottom: 0.0001pt; text-align: justify; text-indent: 21.3pt; line-height: 16pt;\"><strong><span style=\"font-size: 12.5pt; font-family: Arial, sans-serif;\">11- S&ouml;zler tutulup anla\u015fmaya uyulsa ve en az\u0131ndan 120&rsquo;ye 32 km boyutlar\u0131ndaki alanda G&uuml;venli B&ouml;lge kurulsa dahi, T&uuml;rkiye&rsquo;deki Suriyeli g&ouml;&ccedil;menlerin d&ouml;nmesini sa\u011flamak m&uuml;mk&uuml;n olacak m\u0131yd\u0131? Erdo\u011fan taraf\u0131ndan Meclis&rsquo;te -440 km olursa- iki milyon civar\u0131 denilen, ancak yetkililerin 300 ila 500 bin aras\u0131 i&ccedil;in haz\u0131rl\u0131k yapt\u0131\u011f\u0131 g&ouml;&ccedil;menler i&ccedil;in \u015fehirler kurulmas\u0131n\u0131n uluslararas\u0131 hukukta yeri var m\u0131yd\u0131 ve mali kaynak nereden bulunacakt\u0131?<\/span><\/strong><\/p>\n<p style=\"margin-bottom: 0.0001pt; text-align: justify; text-indent: 21.3pt; line-height: 16pt;\"><strong><span style=\"font-size: 12.5pt; font-family: Arial, sans-serif;\">&ldquo;Ve bir foto\u011fraf sorusu&rdquo; olduk&ccedil;a anlaml\u0131yd\u0131!<\/span><\/strong><\/p>\n<p style=\"margin-bottom: 0.0001pt; text-align: justify; text-indent: 21.3pt; line-height: 16pt;\"><strong><em><span style=\"font-size: 12.5pt; font-family: Arial, sans-serif;\">&ldquo;Bu anla\u015fmaya var\u0131lmas\u0131n\u0131 sa\u011flayan &ouml;n m&uuml;zakerelerde iki ismin &ouml;ne &ccedil;\u0131kt\u0131\u011f\u0131 anla\u015f\u0131lm\u0131\u015ft\u0131. Erdo\u011fan&rsquo;\u0131n D\u0131\u015f Politika ve G&uuml;venlik Ba\u015f Dan\u0131\u015fman\u0131 (ki eskinin MGK Genel Sekreteri rol&uuml;nde d&uuml;\u015f&uuml;nebiliriz) \u0130brahim Kal\u0131n ile ABD&rsquo;nin Suriye &Ouml;zel Temsilcisi (ve eski Ankara B&uuml;y&uuml;kel&ccedil;isi) Jim Jeffrey. Jeffrey heyetler aras\u0131 g&ouml;r&uuml;\u015fmelerde yerini alm\u0131\u015ft\u0131. Eminim Kal\u0131n da oradayd\u0131, ama masan\u0131n etraf\u0131nda yer almam\u0131\u015ft\u0131. Trump&rsquo;\u0131n Ulusal G&uuml;venlik Dan\u0131\u015fman\u0131 Robert O&rsquo;Brian&rsquo;\u0131n kar\u015f\u0131s\u0131nda D\u0131\u015fi\u015fleri Bakan\u0131 &Ccedil;avu\u015fo\u011flu, ABD&rsquo;nin Ankara B&uuml;y&uuml;kel&ccedil;isi David Satterfield&rsquo;in kar\u015f\u0131s\u0131nda da IMF toplant\u0131lar\u0131na gitmemesi tart\u0131\u015fma konusu edilen Hazine ve Maliye Bakan\u0131 Berat Albayrak oturmu\u015flard\u0131.&rdquo;[4]&nbsp;<\/span><\/em><\/strong><strong><span style=\"font-size: 12.5pt; font-family: Arial, sans-serif;\">Yoksa bu foto\u011fraf, ABD ile uzla\u015fma ve uyu\u015fma ama&ccedil;l\u0131, iyi niyet mesajlar\u0131 m\u0131yd\u0131?<\/span><\/strong><\/p>\n<p style=\"margin-bottom: 0.0001pt; text-align: justify; text-indent: 21.3pt; line-height: 16pt;\"><strong><span style=\"font-size: 12.5pt; font-family: Arial, sans-serif;\">ABD ile var\u0131lan ate\u015fkes anla\u015fmas\u0131nda <em>T&uuml;rkiye&rsquo;nin 30 km derinlikte ve 450 km s\u0131n\u0131r hatt\u0131 boyunca g&uuml;venli b&ouml;lge olu\u015fturma giri\u015fiminin hedeflendi\u011fi<\/em> \u015fekliyle tamamlanamad\u0131\u011f\u0131 ortaya &ccedil;\u0131km\u0131\u015ft\u0131. Ancak en az\u0131ndan 120 km&rsquo;lik bir hatt\u0131n kontrol alt\u0131na al\u0131nmas\u0131 ve bu b&ouml;lgeden YPG&rsquo;lilerin &ccedil;\u0131kar\u0131lmas\u0131na dair karar bile &ouml;nemli bir a\u015famayd\u0131. Savunma Bakanl\u0131\u011f\u0131m\u0131zca yap\u0131lan a&ccedil;\u0131klamada &ccedil;ekilecekleri s&ouml;ylenen YPG&rsquo;lilerin sald\u0131r\u0131 ve tacizlerine devam ettiklerinin belirtilmesi dikkatle takip edilmesi gereken bir noktayd\u0131. Suriye meselesinin &ccedil;&ouml;z&uuml;m&uuml; ad\u0131na iki hukuki zemin vard\u0131. Bunlar\u0131n birincisi Adana Mutabakat\u0131, di\u011feri ise Astana S&uuml;reci olmaktayd\u0131. Bu anla\u015fmayla beraber, yap\u0131lan baz\u0131 a&ccedil;\u0131klamalarda Cenevre&rsquo;ye at\u0131f yap\u0131lmas\u0131, ABD&rsquo;nin bu s&uuml;re&ccedil;leri baltalama giri\u015fimi olarak tasarlad\u0131\u011f\u0131n\u0131n bir delili say\u0131lmal\u0131yd\u0131. Di\u011fer taraftan bu anla\u015fma ile ABD-YPG ili\u015fkisi T&uuml;rkiye taraf\u0131ndan resmen tan\u0131nm\u0131\u015f m\u0131d\u0131r, e\u011fer &ouml;yleyse bundan sonraki zamanlarda Suriye&rsquo;nin toprak b&uuml;t&uuml;nl&uuml;\u011f&uuml; vurgusuna bu durum nas\u0131l bir etki yapacakt\u0131r? sorusu cevap bekleyen en &ouml;nemli konulard\u0131. Ayr\u0131ca anla\u015fmada BM G&uuml;venlik Konseyi&rsquo;nin 2015&rsquo;te ald\u0131\u011f\u0131 2254 say\u0131l\u0131 karara at\u0131f yap\u0131lmas\u0131 bir tuzak m\u0131yd\u0131? &Ccedil;&uuml;nk&uuml; bu kararda &ldquo;ate\u015fkes ile birlikte siyasi &ccedil;&ouml;z&uuml;me ula\u015f\u0131lma&rdquo; ifadesi vard\u0131. Ate\u015fkesten kas\u0131t bu anla\u015fma m\u0131yd\u0131? E\u011fer &ouml;yleyse bu durum YPG&rsquo;yi me\u015fru bir ordu stat&uuml;s&uuml;ne ta\u015f\u0131mak anlam\u0131n\u0131 ta\u015f\u0131maz m\u0131yd\u0131? Her ne kadar bu maddede ABD, &ldquo;Suriye&rsquo;nin siyasi birli\u011fini ve toprak b&uuml;t&uuml;nl&uuml;\u011f&uuml;n&uuml; taahh&uuml;t eder&rdquo; denilse de Amerika korumas\u0131nda g&uuml;neye inece\u011fi s&ouml;ylenen YPG&rsquo;nin hedefleri ortadayken, bu taahh&uuml;de inanmak ne kadar m&uuml;mk&uuml;n olacakt\u0131?&rdquo;<\/span><\/strong><\/p>\n<p style=\"margin-bottom: 0.0001pt; text-align: justify; text-indent: 21.3pt; line-height: 16pt;\"><strong><span style=\"font-size: 14pt; font-family: Arial, sans-serif;\">ABD ter&ouml;re haz\u0131rl\u0131k e\u011fitimine yeniden ba\u015flam\u0131\u015ft\u0131!<\/span><\/strong><\/p>\n<p style=\"margin-bottom: 0.0001pt; text-align: justify; text-indent: 21.3pt; line-height: 16pt;\"><strong><span style=\"font-size: 12.5pt; font-family: Arial, sans-serif;\">S\u0131n\u0131r\u0131m\u0131zda ter&ouml;r devleti kurmaya &ccedil;al\u0131\u015fan ABD, her a&ccedil;\u0131dan destekledi\u011fi ter&ouml;r &ouml;rg&uuml;t&uuml; PKK\/YPG&rsquo;ye haz\u0131rl\u0131k e\u011fitimine ba\u015flam\u0131\u015ft\u0131. \u0130\u015fgalci ABD kuvvetlerinin, YPG&rsquo;nin T&uuml;rkiye operasyonuna kar\u015f\u0131 in\u015fa etti\u011fi devasa t&uuml;nel a\u011f\u0131nda &ouml;rg&uuml;te, operasyona haz\u0131rl\u0131k ve &ldquo;derinlikli savunma&rdquo; taktikleri konusunda e\u011fitim verdi\u011fi ortaya &ccedil;\u0131km\u0131\u015ft\u0131. Ama \u015f&uuml;k&uuml;r ki Kahraman Ordumuz Bar\u0131\u015f P\u0131nar\u0131 Harek&acirc;t\u0131&rsquo;yla bu haz\u0131rl\u0131klar\u0131 k\u0131smen bo\u015fa &ccedil;\u0131karm\u0131\u015ft\u0131. Ama maalesef yar\u0131m kalm\u0131\u015ft\u0131.<\/span><\/strong><\/p>\n<p style=\"margin-bottom: 0.0001pt; text-align: justify; text-indent: 21.3pt; line-height: 16pt;\"><strong><span style=\"font-size: 14pt; font-family: Arial, sans-serif;\">&ldquo;Bar\u0131\u015f P\u0131nar\u0131 Harek&acirc;t\u0131; <\/span><\/strong><strong><em><span style=\"font-size: 14pt; font-family: Arial, sans-serif;\">&lsquo;Adana Mutabakat\u0131&rsquo;na de\u011fil, &lsquo;Me\u015fru M&uuml;dafaa&rsquo; hakk\u0131m\u0131za dayand\u0131r\u0131lmal\u0131!&rdquo;[5]&nbsp;<\/span><\/em><\/strong><strong><span style=\"font-size: 14pt; font-family: Arial, sans-serif;\">diyenlerin ku\u015fkular\u0131?<\/span><\/strong><\/p>\n<p style=\"margin-bottom: 0.0001pt; text-align: justify; text-indent: 21.3pt; line-height: 16pt;\"><strong><em><span style=\"font-size: 12.5pt; font-family: Arial, sans-serif;\">&ldquo;T&uuml;rk Silahl\u0131 Kuvvetleri&rsquo;nin ba\u015flatt\u0131\u011f\u0131 operasyonun uluslararas\u0131 me\u015fruiyeti hangi zemine oturtulmal\u0131yd\u0131? Ya da Suriye sahas\u0131nda yakalanan YPG\/SDG\/PKK&rsquo;l\u0131lar i&ccedil;in hangi hukuk sistemi uygulanacakt\u0131?&rdquo;<\/span><\/em><\/strong><span style=\"font-size: 12.5pt; font-family: Arial, sans-serif;\"> <strong>sorular\u0131 &ouml;nemli ve anlaml\u0131yd\u0131. &Ccedil;&uuml;nk&uuml; Bar\u0131\u015f P\u0131nar\u0131 Operasyonu&rsquo;nun zemini a\u011f\u0131rl\u0131kl\u0131 olarak <\/strong><\/span><strong><span style=\"font-size: 14pt; font-family: Arial, sans-serif;\">Adana Mutabakat\u0131<\/span><\/strong><strong><span style=\"font-size: 12.5pt; font-family: Arial, sans-serif;\">&rsquo;na ve devam\u0131 niteli\u011findeki anla\u015fmaya dayand\u0131r\u0131lmaktayd\u0131. 1998 mutabakat\u0131n\u0131 hem de buna dayal\u0131 imzalanan 2011 Ter&ouml;rle M&uuml;cadele Anla\u015fmas\u0131n\u0131 detay\u0131yla okuyanlar anlayacakt\u0131r ki; ikisi de sa\u011flam dayanak olu\u015fturmamaktayd\u0131. B&ouml;yle oldu\u011fu i&ccedil;indir ki twitter hesab\u0131 &uuml;zerinden S&ouml;zc&uuml; \u0130brahim Kal\u0131n ve \u0130leti\u015fim Ba\u015fkan\u0131 Fahrettin Altun, bu operasyonun ana hedefini DAE\u015e zeminine oturtmak mecburiyetinde kalm\u0131\u015flard\u0131. Fahrettin Altun, Washington Post&rsquo;a yazd\u0131\u011f\u0131 makalede <em>&ldquo;T&uuml;rkiye&rsquo;nin DAE\u015e ter&ouml;r&uuml; ile m&uuml;cadele etmek i&ccedil;in Suriye&rsquo;ye g&uuml;&ccedil; g&ouml;nderen ilk &uuml;lke oldu\u011funu an\u0131msatmas\u0131&rdquo;<\/em> bu ama&ccedil;l\u0131yd\u0131. <em>&ldquo;Hukuki konularda farkl\u0131 bakanlar olmakla birlikte T&uuml;rkiye&rsquo;nin operasyon konusunda DAE\u015e zemininde y&uuml;r&uuml;mesi gerekiyor. &Ccedil;&uuml;nk&uuml; T&uuml;rkiye, operasyonunu ter&ouml;rle m&uuml;cadele kapsam\u0131nda ger&ccedil;ekle\u015ftiriyor.&rdquo;<\/em> diyenler nelerden ve hangi neticelerden ku\u015fkulanmaktayd\u0131? <em>&ldquo;Baz\u0131lar\u0131 Adana Mutabakat\u0131 kapsam\u0131nda imzalanan anla\u015fman\u0131n da T&uuml;rkiye&rsquo;ye b&ouml;yle bir operasyon hakk\u0131 tan\u0131d\u0131\u011f\u0131n\u0131 savunsalar da bu pek yeterli ve tutarl\u0131 olmayacakt\u0131r&rdquo;<\/em> diyenlerin ba\u015fka bildikleri mi vard\u0131?<\/span><\/strong><\/p>\n<p style=\"margin-bottom: 0.0001pt; text-align: justify; text-indent: 21.3pt; line-height: 16pt;\"><strong><span style=\"font-size: 14pt; font-family: Arial, sans-serif;\">Rahip Brunson&rsquo;un r&uuml;yas\u0131 m\u0131yd\u0131, Siyonist odaklar\u0131n plan\u0131 m\u0131yd\u0131?<\/span><\/strong><\/p>\n<p style=\"margin-bottom: 0.0001pt; text-align: justify; text-indent: 21.3pt; line-height: 16pt;\"><strong><span style=\"font-size: 12.5pt; font-family: Arial, sans-serif;\">T&uuml;rkiye&rsquo;yi tehdit ederek; (daha &ouml;nce) <em>&ldquo;Yapm\u0131\u015ft\u0131m, yine yapar\u0131m&rdquo;<\/em> diyen ABD Ba\u015fkan\u0131 Donald Trump hangi yapt\u0131r\u0131mlar\u0131 hat\u0131rlatmaya &ccedil;al\u0131\u015fm\u0131\u015ft\u0131? E\u011fer ABD, Kongre&rsquo;den &ccedil;\u0131kard\u0131\u011f\u0131 ve Trump&rsquo;\u0131n da imzalad\u0131\u011f\u0131 mali yapt\u0131r\u0131mlar\u0131 hayata ge&ccedil;irirse, bunlar hangi sonu&ccedil;lar\u0131 do\u011furacakt\u0131? Bu karar tasar\u0131s\u0131 kapsam\u0131nda, Cumhurba\u015fkan\u0131 Tayyip Erdo\u011fan&rsquo;\u0131n 13 Kas\u0131m g&uuml;n&uuml; Beyaz Saray&rsquo;da Trump&rsquo;la bulu\u015fma randevusu bile yapt\u0131r\u0131mlar y&uuml;z&uuml;nden ask\u0131ya al\u0131n\u0131r m\u0131yd\u0131? Hat\u0131rlay\u0131n\u0131z Trump&rsquo;\u0131n <em>&ldquo;Ge&ccedil;mi\u015fte de yapm\u0131\u015ft\u0131m&rdquo;<\/em> dedi\u011fi ilan edilmemi\u015f yapt\u0131r\u0131mlar d&ouml;neminde TL kar\u015f\u0131s\u0131nda dolar\u0131n de\u011feri birdenbire f\u0131rlam\u0131\u015ft\u0131. Peki, bunlar ne zaman ya\u015fanm\u0131\u015ft\u0131? Zaman\u0131n\u0131 a&ccedil;\u0131klayan, <em>&ldquo;Rahip Brunson&rsquo;u cezaevinde tutuyorlard\u0131, onun serbest b\u0131rak\u0131lmas\u0131n\u0131 sa\u011flamak i&ccedil;in yapm\u0131\u015ft\u0131m&rdquo; <\/em>bilgisini hat\u0131rlatan da yine Trump&rsquo;\u0131n kendisi olmaktayd\u0131. O g&uuml;nlerde, <em>&ldquo;Dolar\u0131 \u0131s\u0131tan ve TL&rsquo;nin de\u011ferini kaybedip param\u0131z\u0131n pula d&ouml;nmesini sa\u011flayan bir parmak var&rdquo;<\/em> &ccedil;\u0131k\u0131\u015flar\u0131 yap\u0131lmakta ve &lsquo;d\u0131\u015f g&uuml;&ccedil;ler&rsquo; su&ccedil;lanmaktayd\u0131. Neredeyse iki y\u0131l aradan sonra o tespitin do\u011fru oldu\u011fu Trump&rsquo;\u0131n kendi a\u011fz\u0131ndan &ccedil;\u0131kan itiraf\u0131 ile ortaya &ccedil;\u0131km\u0131\u015ft\u0131. Trump, <em>&ldquo;Kendilerine aktard\u0131\u011f\u0131m k\u0131rm\u0131z\u0131&ccedil;izgiyi &ccedil;i\u011fnerlerse \u015fimdi de T&uuml;rk ekonomisini yok ederim&rdquo; <\/em>demekten de sak\u0131nmam\u0131\u015ft\u0131.<\/span><\/strong><\/p>\n<p style=\"margin-bottom: 0.0001pt; text-align: justify; text-indent: 21.3pt; line-height: 16pt;\"><strong><em><span style=\"font-size: 12.5pt; font-family: Arial, sans-serif;\">&ldquo;Umar\u0131m, adamlar\u0131n bu g&ouml;z&uuml; d&ouml;nm&uuml;\u015fl&uuml;\u011f&uuml;n&uuml; hesaba katm\u0131\u015f\u0131zd\u0131r; &lsquo;Biz de ABD&rsquo;ye kar\u015f\u0131 yapt\u0131r\u0131m uygulayaca\u011f\u0131z&rsquo; a&ccedil;\u0131klamas\u0131n\u0131n akla getirdi\u011fi t&uuml;rden tedbirler d\u0131\u015f\u0131nda da haz\u0131rl\u0131klar\u0131m\u0131z vard\u0131r&hellip;&rdquo;[6]&nbsp;<\/span><\/em><\/strong><strong><span style=\"font-size: 12.5pt; font-family: Arial, sans-serif;\">diyen bir yazar, Erdo\u011fan&rsquo;a: <em>&ldquo;Haddini bil, ABD ile u\u011fra\u015f\u0131lmaz!&rdquo; <\/em>demeye mi &ccedil;al\u0131\u015fmaktayd\u0131?<\/span><\/strong><\/p>\n<p style=\"margin-bottom: 0.0001pt; text-align: justify; text-indent: 21.3pt; line-height: 16pt;\"><strong><span style=\"font-size: 12.5pt; font-family: Arial, sans-serif;\">Papaz Brunson&rsquo;un hangi r&uuml;yas\u0131 &ccedil;\u0131km\u0131\u015ft\u0131?<\/span><\/strong><\/p>\n<p style=\"margin-bottom: 0.0001pt; text-align: justify; text-indent: 21.3pt; line-height: 16pt;\"><strong><span style=\"font-size: 12.5pt; font-family: Arial, sans-serif;\">Trump&rsquo;\u0131n Suriye&rsquo;ye &lsquo;Bar\u0131\u015f P\u0131nar\u0131 Operasyonu&rsquo; ba\u015flad\u0131\u011f\u0131 s\u0131rada tehdit olarak ismini s\u0131k&ccedil;a kulland\u0131\u011f\u0131 rahip Andrew Brunson da bo\u015f durmam\u0131\u015f, o da kendisine mikrofon uzatan televizyon kanallar\u0131na <em>&ldquo;Ben bug&uuml;nlerde ger&ccedil;ekle\u015fen geli\u015fmeyi cezaevinde yatarken r&uuml;yamda g&ouml;rm&uuml;\u015ft&uuml;m&rdquo; <\/em>a&ccedil;\u0131klamas\u0131n\u0131 yapm\u0131\u015ft\u0131. Bu Evengelist-Siyonist Papaz r&uuml;yay\u0131 2016 y\u0131l\u0131n\u0131n Aral\u0131k ay\u0131nda g&ouml;rd&uuml;\u011f&uuml;n&uuml; a&ccedil;\u0131klam\u0131\u015ft\u0131. Kendisi: <\/span><\/strong><strong><em><span style=\"font-size: 14pt; font-family: Arial, sans-serif;\">&ldquo;Gece r&uuml;yamda T&uuml;rkiye, \u0130ran ve Rusya&rsquo;n\u0131n karanl\u0131k bir ittifakta bulu\u015ftuklar\u0131n\u0131 g&ouml;rm&uuml;\u015ft&uuml;m&rdquo;<\/span><\/em><\/strong><strong><span style=\"font-size: 12.5pt; font-family: Arial, sans-serif;\"> diye aktarm\u0131\u015ft\u0131. G&uuml;ya s\u0131r\u0131ls\u0131klam terlemi\u015f ve nefes alamaz hale gelmi\u015f vaziyette uyanm\u0131\u015ft\u0131. \u0130lk g&ouml;r&uuml;\u015fmelerinde e\u015fi Norine&rsquo;e <em>&ldquo;R&uuml;yam ger&ccedil;ekle\u015fmeden &ouml;nce beni buradan (T&uuml;rkiye&rsquo;deki hapishaneden) kurtarmal\u0131s\u0131n&rdquo;<\/em> diye yalvarm\u0131\u015ft\u0131. Bu r&uuml;yas\u0131n\u0131 anlatt\u0131\u011f\u0131 ki\u015filer r&uuml;yas\u0131n\u0131n ger&ccedil;ek olabilece\u011fine inanmam\u0131\u015flarm\u0131\u015f!&#8230; T&uuml;rkiye ile \u0130ran&rsquo;\u0131n ve T&uuml;rkiye ile Rusya&rsquo;n\u0131n pek &ccedil;ok konuda birbirlerine ters konu\u015fland\u0131\u011f\u0131n\u0131, politikalar\u0131 aras\u0131nda &ccedil;eli\u015fkiler bulundu\u011funu vurgulam\u0131\u015flarm\u0131\u015f&hellip; R&uuml;yay\u0131 aktard\u0131\u011f\u0131 ki\u015filerden iki Amerikal\u0131 diplomat da, <em>&ldquo;T&uuml;rkiye&rsquo;nin &ccedil;\u0131kar\u0131 Bat\u0131 ittifak\u0131 i&ccedil;erisinde bulunmas\u0131nda, bu olamaz&rdquo;<\/em> g&ouml;r&uuml;\u015f&uuml;n&uuml; payla\u015fm\u0131\u015fm\u0131\u015f&hellip; Papaz Brunson \u015fimdi <em>&ldquo;R&uuml;yam ger&ccedil;ek &ccedil;\u0131kt\u0131&rdquo;<\/em> diye hava at\u0131p, kerametini kutlamaktaym\u0131\u015f&hellip;<\/span><\/strong><\/p>\n<p style=\"margin-bottom: 0.0001pt; text-align: justify; text-indent: 21.3pt; line-height: 16pt;\"><strong><span style=\"font-size: 14pt; font-family: Arial, sans-serif;\">Oysa <em>&ldquo;T&uuml;rkiye&rsquo;yi Rusya ve \u0130ran&rsquo;la ittifaklara zorlay\u0131p; NATO&rsquo;dan uzakla\u015f\u0131yor ve DEA\u015e&rsquo;\u0131 destekliyor bahanesiyle &uuml;lkemize yeni bir HA&Ccedil;LI sald\u0131r\u0131s\u0131 ba\u015flatmay\u0131 ve sonunda Armageddon Sava\u015f\u0131&rsquo;n\u0131 kazan\u0131p B&uuml;y&uuml;k \u0130srail&rsquo;i kurma planlar\u0131n\u0131&rdquo;<\/em><\/span><\/strong><strong><span style=\"font-size: 12.5pt; font-family: Arial, sans-serif;\"> Papaz Brunson&rsquo;un r&uuml;yalar\u0131 gibi piyasaya s&uuml;r&uuml;p kamuoyu olu\u015fturmak da, Siyonist merkezlerin bir plan\u0131yd\u0131&hellip; Ama yeg&acirc;ne kuvvet ve kudret sahibi Allah, b&uuml;t&uuml;n bu \u015feytani hesaplar\u0131 bozacakt\u0131.<\/span><\/strong><span style=\"font-size: 14pt; font-family: Arial, sans-serif;\"> <\/span><\/p>\n<p style=\"margin-bottom: 0.0001pt; text-align: justify; text-indent: 21.3pt; line-height: 16pt;\"><strong><span style=\"font-size: 14pt; font-family: Arial, sans-serif;\"><\/span><\/strong><\/p>\n<p>&nbsp;<\/p>\n<hr style=\"text-align: left;\" size=\"1\" width=\"33%\" \/>\n<p style=\"margin-bottom: 0.0001pt; line-height: normal;\"><a href=\"#ftnref1\" id=\"ftn1\" style=\"vertical-align: super;\">[1]<\/a><span style=\"font-size: 9pt; font-family: Arial, sans-serif;\"> 19 Eki 2019, The Anatolia Post<\/p>\n<p> <\/span><\/p>\n<p style=\"margin-bottom: 0.0001pt; line-height: normal;\"><a href=\"#ftnref2\" id=\"ftn2\" style=\"vertical-align: super;\">[2]<\/a><span style=\"font-size: 9pt; font-family: Arial, sans-serif;\"> 17 Ekim 2019, Habert&uuml;rk, Nedir Ne De\u011fildir?<\/span><\/p>\n<p style=\"margin-bottom: 0.0001pt; line-height: normal;\"><a href=\"#ftnref3\" id=\"ftn3\" style=\"vertical-align: super;\">[3]<\/a> <a href=\"https:\/\/www.yenisafak.com\/yazarlar\/bulentorakoglu\/pyd-pkknin-sam-mutabakati-\"><span style=\"font-size: 9pt; font-family: Arial, sans-serif;\">https:\/\/www.yenisafak.com\/yazarlar\/bulentorakoglu\/pyd-pkknin-sam-mutabakati-<\/span><\/a><\/p>\n<p style=\"margin-bottom: 0.0001pt; line-height: normal;\"><a href=\"#ftnref4\" id=\"ftn4\" style=\"vertical-align: super;\">[4]<\/a><span style=\"font-size: 9pt; font-family: Arial, sans-serif;\"> <a href=\"https:\/\/yetkinreport.com\/2019\/10\/21\/guvenli-bolge-uzerine-13-guvensiz-soru\/\">https:\/\/yetkinreport.com\/2019\/10\/21\/guvenli-bolge-uzerine-13-guvensiz-soru\/<\/a><\/span><\/p>\n<p style=\"margin-bottom: 0.0001pt; line-height: normal;\"><a href=\"#ftnref5\" id=\"ftn5\" style=\"vertical-align: super;\">[5]<\/a><span style=\"font-size: 9pt; font-family: Arial, sans-serif;\"> <a href=\"https:\/\/www.haberturk.com\/yazarlar\/muharrem-sarikaya\/2530449-\">https:\/\/www.haberturk.com\/yazarlar\/muharrem-sarikaya\/2530449-<\/a> <\/span><\/p>\n<p style=\"margin-bottom: 0.0001pt; line-height: normal;\"><a href=\"#ftnref6\" id=\"ftn6\" style=\"vertical-align: super;\">[6]<\/a><span style=\"font-size: 9pt; font-family: Arial, sans-serif;\"> <a href=\"https:\/\/fehmikoru.com\/trump-brunson-dedi-rahip-brunson-da-olacaklari-ruyamda-gormustum-\">https:\/\/fehmikoru.com\/trump-brunson-dedi-rahip-brunson-da-olacaklari-ruyamda-gormustum-<\/a><\/span><\/p>\n","protected":false},"excerpt":{"rendered":"<p>&nbsp; Suriye&rsquo;de, T&uuml;rkiye&rsquo;ye Kar\u015f\u0131 ABD-RUSYA \u0130TT\u0130FAKI VE YEN\u0130 HA&Ccedil;LI HESAPLARI &nbsp;&nbsp;&nbsp;&nbsp;&nbsp;&nbsp;&nbsp;&nbsp; Suriye s\u0131n\u0131r\u0131m\u0131z boyunca ABD ve \u0130srail&#8217;in, i\u015f makineleri, demir ve &ccedil;imento yard\u0131m\u0131 d&acirc;hil, her t&uuml;rl&uuml; deste\u011fi ile PKK-YPG militanlar\u0131na yapt\u0131r\u0131lan, toplam uzunluklar\u0131 y&uuml;zlerce kilometreyi bulan s\u0131\u011f\u0131nak ve kanallar\u0131n, sadece b&ouml;lgedeki ter&ouml;ristlerin korunmas\u0131n\u0131 sa\u011flayan siperler ve t&uuml;neller oldu\u011funu sanmak yanl\u0131\u015ft\u0131r. Bunca masrafl\u0131 y\u0131\u011f\u0131naklar, kanal ve [&hellip;]<\/p>\n","protected":false},"author":4,"featured_media":0,"comment_status":"open","ping_status":"closed","sticky":false,"template":"","format":"standard","meta":{"footnotes":""},"categories":[232],"tags":[],"class_list":["post-5539","post","type-post","status-publish","format-standard","hentry","category-aralik-2019"],"_links":{"self":[{"href":"https:\/\/www.millicozum.com\/mc\/wp-json\/wp\/v2\/posts\/5539","targetHints":{"allow":["GET"]}}],"collection":[{"href":"https:\/\/www.millicozum.com\/mc\/wp-json\/wp\/v2\/posts"}],"about":[{"href":"https:\/\/www.millicozum.com\/mc\/wp-json\/wp\/v2\/types\/post"}],"author":[{"embeddable":true,"href":"https:\/\/www.millicozum.com\/mc\/wp-json\/wp\/v2\/users\/4"}],"replies":[{"embeddable":true,"href":"https:\/\/www.millicozum.com\/mc\/wp-json\/wp\/v2\/comments?post=5539"}],"version-history":[{"count":0,"href":"https:\/\/www.millicozum.com\/mc\/wp-json\/wp\/v2\/posts\/5539\/revisions"}],"wp:attachment":[{"href":"https:\/\/www.millicozum.com\/mc\/wp-json\/wp\/v2\/media?parent=5539"}],"wp:term":[{"taxonomy":"category","embeddable":true,"href":"https:\/\/www.millicozum.com\/mc\/wp-json\/wp\/v2\/categories?post=5539"},{"taxonomy":"post_tag","embeddable":true,"href":"https:\/\/www.millicozum.com\/mc\/wp-json\/wp\/v2\/tags?post=5539"}],"curies":[{"name":"wp","href":"https:\/\/api.w.org\/{rel}","templated":true}]}}