{"id":5670,"date":"2020-03-01T22:00:00","date_gmt":"2020-03-01T22:00:00","guid":{"rendered":"https:\/\/www.millicozum.com\/mc\/2020\/03\/01\/mehdinin-hakikati-ve-cikisinin-alametleri\/"},"modified":"2020-03-01T22:00:00","modified_gmt":"2020-03-01T22:00:00","slug":"mehdinin-hakikati-ve-cikisinin-alametleri","status":"publish","type":"post","link":"https:\/\/www.millicozum.com\/mc\/ozel-yazilar\/mehdinin-hakikati-ve-cikisinin-alametleri\/","title":{"rendered":"MEHD\u0130\u2019N\u0130N HAK\u0130KAT\u0130 VE \u00c7IKI\u015eININ AL\u00c2METLER\u0130"},"content":{"rendered":"\n<p>\u00a0<\/p>\n<p style=\"margin-bottom: 0.0001pt; text-align: center;\"><strong><span style=\"font-size: 18pt; font-family: Arial, sans-serif;\">MEHD\u0130&rsquo;N\u0130N HAK\u0130KAT\u0130 VE \u00c7IKI\u015eININ AL\u00c2METLER\u0130<\/span><\/strong><\/p>\n<p style=\"margin-bottom: 0.0001pt; text-align: justify; text-indent: 1cm;\"><strong><span style=\"font-size: 18pt; font-family: Arial, sans-serif;\">\u00a0\u00a0\u00a0\u00a0\u00a0\u00a0 <\/span><\/strong><\/p>\n<p style=\"margin-bottom: 0.0001pt; text-align: justify; text-indent: 1cm; line-height: 16pt;\"><span style=\"font-size: 12.5pt; font-family: Arial, sans-serif;\">Biz; inanm\u0131\u015f oldu\u011fumuz, ihtiya\u00e7 duydu\u011fumuz ve onunla huzur buldu\u011fumuz, Mehdiyetle ilgili baz\u0131 bilgileri ve belgeleri ba\u015fkalar\u0131yla payla\u015fmak&#8230; Bu konulara ilgi duyan ve ara\u015ft\u0131rma yapanlara baz\u0131 anahtar bilgiler sunmak ve kolayl\u0131k sa\u011flamak niyetiyle haz\u0131rlad\u0131k&#8230; Kendimizi ve bildiklerimizi ba\u015fkalar\u0131na ispatlamak&#8230; Veya herkesi bizim gibi inanmaya zorlamak y\u00f6n\u00fcnde bir gayemiz ve gayretimiz olmad\u0131\u011f\u0131ndan, samimi bir \u00fcslup kulland\u0131k&#8230;<\/span><\/p>\n<p style=\"margin-bottom: 0.0001pt; text-align: justify; text-indent: 1cm; line-height: 16pt;\"><span style=\"font-size: 12.5pt; font-family: Arial, sans-serif;\">\u00d6nemli olaylar\u0131n ve kahramanlar\u0131n <strong><em>&ldquo;Vukuundan \u00f6nce \u015f\u00fcyu bulmas\u0131&rdquo;<\/em><\/strong>, yani ortaya \u00e7\u0131kmalar\u0131 yakla\u015f\u0131nca bir sevk-i tabii olarak, halk aras\u0131nda bu ki\u015fi ve konular\u0131n tart\u0131\u015f\u0131l\u0131r ve ara\u015ft\u0131r\u0131l\u0131r olmas\u0131, zihinleri haz\u0131rlamak, g\u00f6n\u00fclleri yat\u0131\u015ft\u0131rmak i\u00e7in, manevi bir inayet ve i\u015farettir. Mehdiyle ilgili konu\u015fmay\u0131 ve Mehdi&rsquo;yi ara\u015ft\u0131rmay\u0131 yersiz ve gereksiz g\u00f6renler, hatta bu konuyla u\u011fra\u015fanlar\u0131n tehlikeli ve fesat ehli oldu\u011funu ileri s\u00fcrenler, ya Mehdi ger\u00e7e\u011finden \u00fcrkenlerdir, ya \u0130slam&rsquo;\u0131n h\u00e2kimiyet \u00fcmidini yitirenlerdir, ya da bu konudaki bilgi yetersizli\u011finden kafas\u0131 hurafelerle \u00f6r\u00fclenlerdir.<\/span><\/p>\n<p style=\"margin-bottom: 0.0001pt; text-align: justify; text-indent: 1cm; line-height: 16pt;\"><span style=\"font-size: 12.5pt; font-family: Arial, sans-serif;\">Oysa Hz. Mehdi&rsquo;yle ilgili y\u00fczlerce rivayet en sahih hadis kitaplar\u0131nda zikredilmi\u015f&#8230; Mezhep imamlar\u0131ndan tasavvuf kutuplar\u0131na; y\u00fczlerce m\u00fcctehit, m\u00fcceddid ve m\u00fcr\u015fit bu kutlu m\u00fcjdeyi haber vermi\u015f ve beklemi\u015f&#8230; Yani Mehdi&rsquo;nin ger\u00e7ekli\u011fi ve gelece\u011fi hususunda, t\u00fcm \u00dcmmet-i Muhammed aras\u0131nda, manevi bir icma meydana gelmi\u015ftir. <strong><em>&ldquo;Cenab-\u0131 Hakk\u0131n, yanl\u0131\u015f ve yarars\u0131z bir konuda, \u00fcmmetinin ittifak\u0131na f\u0131rsat vermeyece\u011fi&rdquo;,<\/em><\/strong> Peygamber Efendimizin hadisiyle sabittir.<\/span><\/p>\n<p style=\"margin-bottom: 0.0001pt; text-align: justify; text-indent: 1cm; line-height: 16pt;\"><span style=\"font-size: 12.5pt; font-family: Arial, sans-serif;\">Bu konunun baz\u0131 art niyetli, makam ve menfaat heveslisi kimselerce, zaman zaman istismar ve suistimal edilmesi, ve baz\u0131 safdil insanlar\u0131 pe\u015flerinden s\u00fcr\u00fcklemesi, bu ger\u00e7e\u011fin terk edilmesini ve g\u00fcndeme getirilmemesini gerektirmez&#8230; \u00c7\u00fcnk\u00fc hakl\u0131 ve hay\u0131rl\u0131 olan, \u00f6nemli ve de\u011ferli bulunan her \u015feyin istismar\u0131 yap\u0131labilmektedir. Her istismar edilenin terk edilmesi ise, elbette s\u00f6z konusu de\u011fildir. <strong><em>&ldquo;Mehdiyet meselesinin, M\u00fcsl\u00fcmanlar\u0131 tembelli\u011fe ve bo\u015f beklentilere sevk etti\u011fi ve bu nedenle g\u00fcndeme getirilmemesi gerekti\u011fi&rdquo;<\/em><\/strong> iddialar\u0131 da tutarl\u0131 de\u011fildir. Her \u015feyden \u00f6nce, e\u011fer Mehdiyet m\u00fcjdesi, m\u00fc&rsquo;minleri rehavet ve meskenete sevk edecek olsayd\u0131, Aleyhisselat\u00fc Vesselam Efendimiz bunlar\u0131, hem de \u0131srarla haber vermezdi&#8230; Halbuki m\u00fc&rsquo;minleri esaret ve sefalete s\u00fcr\u00fckleyen \u015fey gayretsizlik&#8230; Gayretsizli\u011fin as\u0131l sebebi ise, \u00fcmitsizliktir. Y\u00fcksek ve kutsal hedeflere kavu\u015fma&#8230; Zul\u00fcm ve zilletten kurtulma \u00fcmidi k\u00fcllenen ve art\u0131k idealini ve gayesini yitiren kimseler, ge\u00e7ici ve nefsi heveslerinin k\u00f6lesi, h\u00e2kim ve hain g\u00fc\u00e7lerin kuklas\u0131 olmaya aday demektir.<\/span><\/p>\n<p style=\"margin-bottom: 0.0001pt; text-align: justify; text-indent: 1cm; line-height: 16pt;\"><strong><span style=\"font-size: 12.5pt; font-family: Arial, sans-serif;\">Hadis ve haberlerde bildirilen, d\u00fcnya \u00e7ap\u0131nda liderlik \u015fartlar\u0131n\u0131 ta\u015f\u0131d\u0131\u011f\u0131na kanaat getirilen, ehil ve emin \u015fahsiyetlerin &ldquo;Mehdi&rdquo; olarak bilinmesinin ve Onun hakk\u0131nda h\u00fcsn\u00fc zan edilmesinin ise, ne itikadi, ne i\u00e7timai hi\u00e7bir zarar\u0131 s\u00f6z konusu de\u011fildir. Zaten b\u00f6yle bir konuda, ba\u015fkalar\u0131n\u0131n bizim gibi inanmaya ve bir \u015fahsiyete bizim g\u00f6z\u00fcm\u00fczle bakmaya ne dinen, ne vicdanen bir mecburiyetleri ve mesuliyetleri de ileri s\u00fcr\u00fclemeyecektir. Ne var ki, Peygamberimiz (SAV)&#8217;in \u00f6zellikle haber verdi\u011fi bir m\u00fcjdeyi \u00f6nemseyen, d\u00fcnyadaki \u015fartlar\u0131n ve ihtiya\u00e7lar\u0131n do\u011frultusunda b\u00f6yle bir hareketin ve \u015fahsiyetin zuhurunu gerekli g\u00f6ren&#8230; Adem Peygamberden g\u00fcn\u00fcm\u00fcze t\u00fcm \u015feytani d\u00fc\u015f\u00fcnce ve d\u00fczenlerin ortak birikimi ve en g\u00fc\u00e7l\u00fc temsilcisi olan Deccalizme-Siyonizm&rsquo;e[1]\u00a0kar\u015f\u0131, yeterli ve gerekli tedbirleri alabildi\u011fine, alt yap\u0131 haz\u0131rl\u0131klar\u0131n\u0131 tamamlayabildi\u011fine g\u00fcvenilen&#8230; Hikmet ve feraset ehli taraf\u0131ndan takdir ve takdim edilen&#8230; Velh\u00e2s\u0131l pek \u00e7ok i\u015faret ve be\u015faretler kendisini g\u00f6steren, d\u00fcnya \u00e7ap\u0131ndaki bir \u015fahsiyeti, Mehdi olarak g\u00f6rmek ve onun insanl\u0131k davas\u0131na samimiyetle g\u00f6n\u00fcl vermek, g\u00fcnah olmak bir tarafa, b\u00fcy\u00fck bir mutluluk ve bir o kadar da sorumluluk vesilesidir.<\/span><\/strong><\/p>\n<p style=\"margin-bottom: 0.0001pt; text-align: justify; text-indent: 1cm; line-height: 16pt;\"><span style=\"font-size: 12.5pt; font-family: Arial, sans-serif;\">Acizane, Hz. Mehdi&rsquo;yle ilgili hadis ve haberleri&#8230; Bu konuda yaz\u0131lm\u0131\u015f eski ve yeni eserleri okuyup ara\u015ft\u0131rd\u0131ktan&#8230; Ula\u015ft\u0131\u011f\u0131m\u0131z vel\u00e2yet ve hikmet ehlinin s\u0131rl\u0131 sohbetlerine v\u00e2k\u0131f olduktan&#8230; Ve \u00fclkemizde, b\u00f6lgemizde ve yery\u00fcz\u00fcnde ya\u015fanan olaylar\u0131n perde arkas\u0131n\u0131 kavramaya ve do\u011fru yorumlamaya \u00e7al\u0131\u015ft\u0131ktan&#8230; Asya, Avrupa ve Afrika&rsquo;daki \u00f6nemli \u00fclkeleri dola\u015f\u0131p, oralardaki ilmi, \u0130slami ve insani giri\u015fim ve geli\u015fmeleri ana hatlar\u0131yla da olsa tan\u0131y\u0131p anlamaya ba\u015flad\u0131ktan sonra, bizde olu\u015fan \u015fu be\u015f kanaat giderek g\u00fc\u00e7lendi:<\/span><\/p>\n<p style=\"margin-bottom: 0.0001pt; text-align: justify; text-indent: 1cm; line-height: 16pt;\"><span style=\"font-size: 12.5pt; font-family: Arial, sans-serif;\">1- \u0130n\u015faallah Hz. Mehdi&rsquo;nin zuhuru \u00e7ok yak\u0131nd\u0131r.<\/span><\/p>\n<p style=\"margin-bottom: 0.0001pt; text-align: justify; text-indent: 1cm; line-height: 16pt;\"><span style=\"font-size: 12.5pt; font-family: Arial, sans-serif;\">2- \u0130\u015faretler ve geli\u015fmeler, Hz. Mehdi&rsquo;nin T\u00fcrkiye&rsquo;den \u00e7\u0131kaca\u011f\u0131 do\u011frultusundad\u0131r.<\/span><\/p>\n<p style=\"margin-bottom: 0.0001pt; text-align: justify; text-indent: 1cm; line-height: 16pt;\"><span style=\"font-size: 12.5pt; font-family: Arial, sans-serif;\">3- Hz. Mehdi hizmet arac\u0131 olarak siyaseti kullanacakt\u0131r.<\/span><\/p>\n<p style=\"margin-bottom: 0.0001pt; text-align: justify; text-indent: 1cm; line-height: 16pt;\"><span style=\"font-size: 12.5pt; font-family: Arial, sans-serif;\">4- Kahraman Ordumuz, T\u00fcrkiye merkezli bu b\u00fcy\u00fck de\u011fi\u015fimin ve mutluluk medeniyetinin, en sa\u011flam dire\u011fi ve en sad\u0131k destek\u00e7isi olacakt\u0131r.<\/span><\/p>\n<p style=\"margin-bottom: 0.0001pt; text-align: justify; text-indent: 1cm; line-height: 16pt;\"><span style=\"font-size: 12.5pt; font-family: Arial, sans-serif;\">5- Hz. Mehdi&rsquo;nin b\u00fcy\u00fck ink\u0131lab\u0131, Onun temellerini att\u0131\u011f\u0131 hedefler do\u011frultusunda, imtihan s\u0131rr\u0131 olarak, vefat\u0131ndan sonra tamamlanacakt\u0131r.<\/span><\/p>\n<p style=\"margin-bottom: 0.0001pt; text-align: justify; text-indent: 1cm; line-height: 16pt;\"><strong><span style=\"font-size: 14.5pt; font-family: Arial, sans-serif;\">1- \u0130n\u015faallah Hz. Mehdi&rsquo;nin Zuhuru \u00c7ok Yak\u0131nd\u0131r:<\/span><\/strong><\/p>\n<p style=\"margin-bottom: 0.0001pt; text-align: justify; text-indent: 1cm; line-height: 16pt;\"><span style=\"font-size: 12.5pt; font-family: Arial, sans-serif;\">Bedi\u00fczzaman Hz.leri, &ldquo;Elhas\u0131l Mevl\u00e2na Halid Hicri 12. asr\u0131n, Risale-i Nur 13. asr\u0131n m\u00fcceddidi h\u00fckm\u00fcndedir.&rdquo;[2]<\/span><\/p>\n<p style=\"margin-bottom: 0.0001pt; text-align: justify; text-indent: 1cm; line-height: 16pt;\"><em><span style=\"font-size: 12.5pt; font-family: Arial, sans-serif;\"> <strong>&ldquo;&#8230; Onun i\u00e7in Nurlara O ismi vermek (yani Mehdi demek) m\u00fcnasip g\u00f6r\u00fclm\u00fcyor. Belki, m\u00fcceddittir, Onun pi\u015fdar\u0131d\u0131r (Mehdi&rsquo;nin \u00f6nc\u00fc komutan\u0131 ve haz\u0131rl\u0131k yap\u0131c\u0131s\u0131d\u0131r.) denilebilir.&rdquo;[3]<\/strong><\/span><\/em><span style=\"font-size: 12.5pt; font-family: Arial, sans-serif;\">\u00a0\u00d6yle ise Hz. Mehdi 14. asr\u0131n (Hicri 1400 ve sonras\u0131n\u0131n) m\u00fcceddididir.<\/span><\/p>\n<p style=\"margin-bottom: 0.0001pt; text-align: justify; text-indent: 1cm; line-height: 16pt;\"><span style=\"font-size: 12.5pt; font-family: Arial, sans-serif;\">Ve yine \u00dcstad: <strong><em>&ldquo;Bundan bir as\u0131r sonra, zul\u00fcmat\u0131 da\u011f\u0131tacak olan zatlar Hz. Mehdi&rsquo;nin \u015fakirtleri olabilir.&rdquo;[4]<\/em><\/strong>\u00a0Bu verilen tarih Hicri 1393&ndash;Miladi 1978 etmektedir. Bu tarih Bedi\u00fczzaman&rsquo;\u0131n <strong><em>&ldquo;Hem T\u00fcrk unsurunda, ebedi kabil-i, iltiyam olmamak suretinde bir in\u015fikak \u00e7\u0131kacak&#8230; Bir \u015f\u0131k di\u011fer \u015f\u0131kk\u0131n kuvvetini k\u0131rd\u0131\u011f\u0131 i\u00e7in, milletin kuvveti hi\u00e7e inecek&rdquo; <\/em><\/strong>Yani; <strong><em>&ldquo;T\u00fcrkiye&rsquo;de, asla uzla\u015fmayacak \u015fekilde millet iki f\u0131rkaya b\u00f6l\u00fcnecek ve birbiriyle vuru\u015fturulup milletin g\u00fcc\u00fc s\u0131f\u0131ra d\u00fc\u015fecek&rdquo;[5]<\/em><\/strong>\u00a0diye haber verdi\u011fi olaylar\u0131n sa\u011f-sol kavgas\u0131 olarak h\u0131zland\u0131\u011f\u0131, ama bunlar\u0131n d\u0131\u015f\u0131nda, milli ve manevi de\u011ferleri esas alan, ama zahiren zay\u0131f durumda olan bir hay\u0131rl\u0131 hareketin ortaya \u00e7\u0131kt\u0131\u011f\u0131 ve sa\u011fc\u0131 solcularla h\u00fck\u00fcmet kurarak onlar\u0131n tahribatlar\u0131na engel oldu\u011fu bir tarihe i\u015faret edilmektedir. Konuyla ilgili Tevbe Suresi 32. Ayetin Ebced hesab\u0131 ise Hicri=1424&#8217;\u00fc Miladi 2004&#8217;\u00fc g\u00f6stermektedir.<\/span><\/p>\n<p style=\"margin-bottom: 0.0001pt; text-align: justify; text-indent: 1cm; line-height: 16pt;\"><span style=\"font-size: 12.5pt; font-family: Arial, sans-serif;\">\u00d6zellikle Risale-i Nur camias\u0131nda malum ve makbul olan ve ahir zaman fitnelerini ve m\u00fcjdelerini haber veren rivayetleri i\u00e7inde toplayan &ldquo;Esrarname&rdquo; adl\u0131 kitap\u00e7\u0131kta yer alan ve Hicri 3. as\u0131r muhaddislerinden oldu\u011fu san\u0131lan Kelde bin Zeyd&#8217;in Esmel Mesalik adl\u0131 hadis kitab\u0131nda bulunan ve Ebu Hureyre&rsquo;den rivayet olunan bir Hadis-i \u015eerif&rsquo;te \u015f\u00f6yle buyrulmaktad\u0131r:<\/span><\/p>\n<p style=\"margin-bottom: 0.0001pt; text-align: justify; text-indent: 1cm; line-height: 16pt;\"><strong><em><span style=\"font-size: 12.5pt; font-family: Arial, sans-serif;\">&ldquo;&#8230;Sonra \u015eam b\u00f6lgesinden Irak&#8217;ta cebbar bir adam zuhur eder ki, o adam s\u00fcfyanilerden (\u0130slam \u00fclkelerindeki zalim ve sapt\u0131r\u0131c\u0131 idarecilerden) biridir. Ve onun bir g\u00f6z\u00fcnde hafif bir aksama vard\u0131r. Onun ad\u0131 Saddam&rsquo;d\u0131r. O kendisine muar\u0131z olanlara kar\u015f\u0131 Saddam (zorba, gaddar ve sald\u0131rgan)d\u0131r. B\u00fct\u00fcn d\u00fcnya K\u00fc\u00e7\u00fck Kut&#8217;ta (Kuveyt&#8217;te) onun (yenilmesi) i\u00e7in toplan\u0131rlar ki, Saddam da bu Kuveyt&#8217;e daha evvel aldat\u0131larak girmi\u015ftir. Bu s\u00fcfyanide hi\u00e7bir hay\u0131r yoktur. \u0130llaki \u0130slamiyet&rsquo;e d\u00f6nerse, o zaman, onda hay\u0131r olur. O hem hay\u0131r, hem de \u015fer (i\u00e7in m\u00fcsait)dir. Mehdi-yi Emin&#8217;e hain olana veyl olsun&rdquo;<\/span><\/em><\/strong><\/p>\n<p style=\"margin-bottom: 0.0001pt; text-align: justify; text-indent: 1cm; line-height: 16pt;\"><span style=\"font-size: 12.5pt; font-family: Arial, sans-serif;\">(Demek ki, Saddam&#8217;la Hz. Mehdi ayn\u0131 d\u00f6nemdedir. Ve Saddam, asl\u0131nda Siyonistlerin u\u015fa\u011f\u0131 bir hain ve zalim oldu\u011fu halde, ama g\u00f6zden \u00e7\u0131kar\u0131l\u0131nca bir d\u00f6nem onlara kar\u015f\u0131 tav\u0131r tak\u0131n\u0131p hayra taraf g\u00f6r\u00fcnse de, sonunda yak\u0131nlar\u0131 \u00fclkesine, milletine, hidayet ve \u0130slamiyet cephesine h\u0131yanet edecektir.)<\/span><\/p>\n<p style=\"margin-bottom: 0.0001pt; text-align: justify; text-indent: 1cm; line-height: 16pt;\"><strong><em><span style=\"font-size: 12.5pt; font-family: Arial, sans-serif;\">&ldquo;Hicretten bin d\u00f6rt y\u00fcz (1400) sene sonraki akidlerden iki veya \u00fc\u00e7 akid say. (Her akid=10 senedir. Demek ki Hicri 1432-Miladi 2011 ve sonras\u0131 y\u0131llarda) O vakit Mehdi-yi Emin \u00e7\u0131kar ve b\u00fct\u00fcn d\u00fcnya ile harp eder. Dal\u00e2lete d\u00fc\u015fenler, (sapk\u0131n Hristiyanlar) Allah&rsquo;\u0131n gadab\u0131na u\u011fram\u0131\u015f olanlar (Siyonist Yahudiler) ve m\u00fcnaf\u0131klar (M\u00fcsl\u00fcman ve makbul insan zannedilip, masonlara \u00e7al\u0131\u015fan ve zalim d\u00fczenle ve Siyonizm&rsquo;le i\u015fbirli\u011fi yapan kimselerin hepsi O&#8217;nun kar\u015f\u0131s\u0131nda birle\u015fir) ve \u0130sra ve Mira\u00e7 beldesi olan Kud\u00fcs&rsquo;teki Meciddun da\u011flar\u0131nda (O&#8217;nu engellemek \u00fczere) toplan\u0131rlar. B\u00fct\u00fcn d\u00fcnyan\u0131n ve b\u00fct\u00fcn hilelerin melikesi (simgesi kad\u0131n olan \u00fclke-Amerika&#8217;ya i\u015farettir.) de Mehdiye kar\u015f\u0131 \u00e7\u0131kar ki onun ismi zaniyedir. Bu melike (simgesi kad\u0131n olan \u00fclke) o g\u00fcn b\u00fct\u00fcn d\u00fcnyay\u0131 k\u00fcf\u00fcr ve dal\u00e2lete sevk eder. Yahudiler o d\u00f6nemde, d\u00fcnyaca en y\u00fcksek makamdad\u0131rlar. B\u00fct\u00fcn Kud\u00fcs&#8217;e ve mukaddes beldelere h\u00e2kim durumdad\u0131rlar. B\u00fct\u00fcn d\u00fcnya, denizden ve havadan Mehdi&#8217;nin (ve \u0130slam \u00fclkelerinin) \u00fczerine h\u00fccum eder. Ancak, \u00e7ok so\u011fuk ve \u00e7ok s\u0131cak \u00fclkeler m\u00fcstesna&#8230; (Sonunda her t\u00fcrl\u00fc) Kudrete sahip olan Cenab-\u0131 Hak Mehdiye nusret i\u00e7in, en \u015fiddetli bir darbe ile onlar\u0131 (k\u00fcf\u00fcr ve k\u00f6t\u00fcl\u00fck ordular\u0131n\u0131) vurur&#8230; Ve karay\u0131, denizi ve havay\u0131, onlar\u0131n \u00fczerine yand\u0131r\u0131r&#8230; Allah k\u00fcf\u00fcr (ve zul\u00fcm saltanat\u0131n\u0131n) zevalini irade eder.&rdquo;<\/span><\/em><\/strong><\/p>\n<p style=\"margin-bottom: 0.0001pt; text-align: justify; text-indent: 1cm; line-height: 16pt;\"><span style=\"font-size: 12.5pt; font-family: Arial, sans-serif;\">Hadis olarak anlat\u0131lan bu rivayet g\u00fcn\u00fcm\u00fczdeki geli\u015fmeleri a\u00e7\u0131k\u00e7a haber vermekte ve Hz. Mehdi&#8217;nin Hicri 1420 ile 1430 aras\u0131nda b\u00fcy\u00fck devrimini ger\u00e7ekle\u015ftirece\u011fini s\u00f6ylemektedir.<strong><span style=\"font-size: 10pt;\">[NOT]<\/span><\/strong><\/span><\/p>\n<p style=\"margin-bottom: 0.0001pt; text-align: justify; text-indent: 1cm; line-height: 16pt;\"><span style=\"font-size: 12pt;\"><strong>Mehdi&#8217;nin 40 (k\u0131rk) y\u0131l hizmet s\u00fcreci olaca\u011f\u0131, bunun 33 y\u0131l\u0131n\u0131n haz\u0131rl\u0131k, son 7 y\u0131l\u0131n\u0131n ise h\u00fck\u00fcmranl\u0131k \u015feklinde ya\u015fanaca\u011f\u0131n\u0131 bildiren haberler[6]\u00a0dikkate al\u0131nd\u0131\u011f\u0131nda, i\u00e7inde bulundu\u011fumuz d\u00f6nem, daha bir \u00f6nem ve \u00f6zellik arz etmektedir. Bu arada Peygamberimiz (SAV); T\u00fcrk milletinin \u015fahs-\u0131 manevisinde zuhur edece\u011fine inand\u0131\u011f\u0131m\u0131z; &ldquo;<em>Hz. Mehdi&rsquo;nin \u00e7\u0131k\u0131\u015f\u0131na yak\u0131n bir zamanda Irak&rsquo;ta b\u00fcy\u00fck olaylar\u0131n meydana gelece\u011finden&rdquo;<\/em> de bahsetmi\u015ftir. A\u015fa\u011f\u0131da geni\u015f bir ara\u015ft\u0131rma sonucu g\u00fcvenilir bir\u00e7ok kaynaktan elde edilen Irak sava\u015f\u0131 ile ilgili hadisleri, g\u00fcncel haberlerin \u0131\u015f\u0131\u011f\u0131nda sizlere sunuyoruz<\/strong><span style=\"font-size: 12.5pt; font-family: Arial, sans-serif;\">.[7]<\/span><\/span><\/p>\n<p style=\"margin-bottom: 0.0001pt; text-align: justify; text-indent: 1cm; line-height: 16pt;\"><strong><span style=\"font-size: 12.5pt; font-family: Arial, sans-serif;\">1- Ordu&rsquo;nun kaybolmas\u0131:<\/span><\/strong><\/p>\n<p style=\"margin-bottom: 0.0001pt; text-align: justify; text-indent: 1cm; line-height: 16pt;\"><span style=\"font-size: 12.5pt; font-family: Arial, sans-serif;\">&ldquo;Mehdi&rsquo;nin be\u015f al\u00e2meti bulunur. Bunlar S\u00fcfyani, Yemani Sana&rsquo;dan bir sayha, <strong>Beyda&#8217;da bir ordunun bat\u0131\u015f\u0131 <\/strong>ve g\u00fcnahs\u0131z insanlar\u0131n \u00f6ld\u00fcr\u00fclmesidir.&rdquo;[8]<\/span><\/p>\n<p style=\"margin-bottom: 0.0001pt; text-align: justify; text-indent: 1cm; line-height: 16pt;\"><strong><span style=\"font-size: 12.5pt; font-family: Arial, sans-serif;\">2- Irak ve \u015eam&rsquo;a ambargo uygulanmas\u0131:<\/span><\/strong><\/p>\n<p style=\"margin-bottom: 0.0001pt; text-align: justify; text-indent: 1cm; line-height: 16pt;\"><span style=\"font-size: 12.5pt; font-family: Arial, sans-serif;\">Ebu Nadre (R.A) dedi ki; Cabir&rsquo;in (R.A) yan\u0131nda idik, \u015f\u00f6yle dedi: <strong>&ldquo;<\/strong><strong>\u00d6yle bir zaman yakla\u015f\u0131yor ki, Irak ahalisine bir kafiz (kile), bir dirhem sevk olunmayacak&rdquo;.<\/strong> Dedik ki: <strong>&ldquo;Bu kimden dolay\u0131 olur&rdquo;.<\/strong> Dedi ki: <strong>&ldquo;Acemler (Arab&rsquo;\u0131n gayr\u0131s\u0131) bunu men ederler.&rdquo;<\/strong> Sonra dedi: <strong>&ldquo;\u015eam ahalisine bir dinar, bir m\u00fcdy (kile) sevk olunmayacak&rdquo;. &ldquo;Bu kimden dolay\u0131 olur&rdquo; <\/strong>dedik. <strong>&ldquo;Rumlardan dolay\u0131&rdquo; <\/strong>dedi.[9]<\/span><\/p>\n<p style=\"margin-bottom: 0.0001pt; text-align: justify; text-indent: 1cm; line-height: 16pt;\"><strong><span style=\"font-size: 12.5pt; font-family: Arial, sans-serif;\"> 3- Irak&rsquo;\u0131n yeniden<\/span><\/strong><strong><span style=\"font-size: 12.5pt; font-family: Arial, sans-serif;\"> yap\u0131lanmas\u0131:<\/span><\/strong><\/p>\n<p style=\"margin-bottom: 0.0001pt; text-align: justify; text-indent: 1cm; line-height: 16pt;\"><span style=\"font-size: 12.5pt; font-family: Arial, sans-serif;\">&ldquo;\u0130nsanlar\u0131n en \u015ferlisi Irak&rsquo;a sald\u0131rmad\u0131k\u00e7a k\u0131yamet kopmaz. Ve Irak&rsquo;taki masum insanlar \u015eam&rsquo;a do\u011fru s\u0131\u011f\u0131nma yerleri ararlar. \u015eam yeniden yap\u0131lan\u0131r, <strong>Irak da yeniden yap\u0131lan\u0131r.<\/strong>&rdquo;[10]<\/span><\/p>\n<p style=\"margin-bottom: 0.0001pt; text-align: justify; text-indent: 1cm; line-height: 16pt;\"><strong><span style=\"font-size: 12.5pt; font-family: Arial, sans-serif;\">4- Irak&rsquo;\u0131n \u00fc\u00e7e ayr\u0131lmas\u0131:<\/span><\/strong><\/p>\n<p style=\"margin-bottom: 0.0001pt; text-align: justify; text-indent: 1cm; line-height: 16pt;\"><span style=\"font-size: 12.5pt; font-family: Arial, sans-serif;\">Resul\u00fcllah&rsquo;\u0131n (SAV) bildirdi\u011fine g\u00f6re, <strong>Irak halk\u0131 \u00fc\u00e7 f\u0131rkaya ayr\u0131l\u0131r. <\/strong>Bir k\u0131sm\u0131 <strong>\u00e7apulculara<\/strong> kat\u0131l\u0131r. Bir k\u0131sm\u0131 <strong>ailelerini geride b\u0131rak\u0131p ka\u00e7arlar.<\/strong> Bir k\u0131sm\u0131 <strong>sava\u015f\u0131r ve \u00f6ld\u00fcr\u00fcl\u00fcrler.<\/strong> Siz bunlar\u0131 g\u00f6rd\u00fc\u011f\u00fcn\u00fcz vakit k\u0131yamete haz\u0131rlan\u0131n.[11]<\/span><\/p>\n<p style=\"margin-bottom: 0.0001pt; text-align: justify; text-indent: 1cm; line-height: 16pt;\"><span style=\"font-size: 12.5pt; font-family: Arial, sans-serif;\">\u0130man ve ibadet esaslar\u0131yla, genel ahl\u00e2k ve insan haklar\u0131 kurallar\u0131yla ilgili olmayan, M\u00fcsl\u00fcmanlar\u0131n amel etmekle zorunlu tutulmad\u0131klar\u0131, gaipten haber veren ve as\u0131rlar sonras\u0131 olaylar\u0131 bildiren b\u00f6ylesi rivayetleri, hadis kriterlerine vurman\u0131n veya pe\u015finen ink\u00e2r ve itiraza kalkman\u0131n bir anlam\u0131 yoktur. Bu t\u00fcr haberleri zamana b\u0131rakmak en do\u011frusudur. E\u011fer aynen veya benzeri \u015fekilde zuhur ederse, bu Hz. Peygamberimiz (SAV)&#8217;in bir mucizesi ve m\u00fc&rsquo;minlerin moral kayna\u011f\u0131 ve m\u00fcjdesi olur.<\/span><\/p>\n<p style=\"margin-bottom: 0.0001pt; text-align: justify; text-indent: 1cm; line-height: 16pt;\"><span style=\"font-size: 12.5pt; font-family: Arial, sans-serif;\">Hem, makbul ve mant\u0131ki temellere dayanan bu yoldaki temenni ve tahminler do\u011fru \u00e7\u0131karsa, bunun k\u00e2r\u0131 ve yarar\u0131 t\u00fcm M\u00fcsl\u00fcmanlar\u0131n ve insanl\u0131\u011f\u0131n olacakt\u0131r. Yok yan\u0131l\u0131rsak, bunun hi\u00e7 kimseye ve hi\u00e7bir \u015fekilde zarar\u0131 dokunmayacakt\u0131r.<\/span><\/p>\n<p style=\"margin-bottom: 0.0001pt; text-align: justify; text-indent: 1cm; line-height: 16pt;\"><span style=\"font-size: 12.5pt; font-family: Arial, sans-serif;\">B\u00fct\u00fcn i\u015faret ve al\u00e2metler Hz. Mehdi&rsquo;nin t\u00fcm haz\u0131rl\u0131k ve hizmetlerini tamamlam\u0131\u015f ve sad\u0131k takip\u00e7ilerinin kesin zafere \u00e7ok yakla\u015fm\u0131\u015f oldu\u011fu do\u011frultusundad\u0131r.<strong><em> &ldquo;D\u00fcnya \u00e7ap\u0131nda program ve projeleri olan filan \u015fahsiyet son haz\u0131rl\u0131klar\u0131 yapacakt\u0131r. Ondan sonra da Mehdi ortaya \u00e7\u0131kacakt\u0131r<\/em>&rdquo;<\/strong> iddialar\u0131 hem ak\u0131l d\u0131\u015f\u0131d\u0131r hem de g\u00f6r\u00fcnen ger\u00e7ekleri \u00e7arp\u0131tmay\u0131 ama\u00e7lamaktad\u0131r. \u00c7\u00fcnk\u00fc peygamberlerin ve devrim \u00f6nderlerinin en \u00f6nemli \u00f6zelli\u011fi ve en b\u00fcy\u00fck \u015ferefi \u00e7ok zor ve zahmetli olan haz\u0131rl\u0131k s\u00fcrecini ve alt yap\u0131 hizmetlerini tamamlamalar\u0131d\u0131r. Sadece a\u00e7\u0131l\u0131\u015f merasimine ve kurdele kesmeye gelecek bir Mehdi inanc\u0131 safl\u0131kt\u0131r ve safsatad\u0131r. Oysa Hz. Mehdi&rsquo;den sonra, Onun plan ve programlar\u0131yla Deccalizmi y\u0131kacak olan \u0130sa Mesih Aleyhisselamd\u0131r.<\/span><\/p>\n<p style=\"margin-bottom: 0.0001pt; text-align: justify; text-indent: 1cm; line-height: 16pt;\"><span style=\"font-size: 12.5pt; font-family: Arial, sans-serif;\">Yok e\u011fer, haber verilen zat b\u00fct\u00fcn altyap\u0131 haz\u0131rl\u0131klar\u0131n\u0131 tamamlamam\u0131\u015fsa yeni gelecek veya zuhur edecek zat\u0131n S\u00fcnnetullah gere\u011fi en az 30-40 y\u0131l daha haz\u0131rl\u0131k yapmas\u0131, yani yeniden te\u015fkilat kurmas\u0131, tedbirlerini almas\u0131, cemaatini ve sad\u0131klar\u0131n\u0131 tan\u0131mas\u0131 ve tartmas\u0131 ve \u00e7e\u015fitli imtihanlara tabi tutulmas\u0131 icab eder ki ne insanl\u0131\u011f\u0131n ihtiya\u00e7lar\u0131 ve ne de d\u00fcnya \u015fartlar\u0131 bak\u0131m\u0131ndan b\u00f6yle uzun bir zamana tahamm\u00fcl kalmam\u0131\u015ft\u0131r.<\/span><\/p>\n<p style=\"margin-bottom: 0.0001pt; text-align: justify; text-indent: 1cm; line-height: 16pt;\"><strong><span style=\"font-size: 14.5pt; font-family: Arial, sans-serif;\">2- \u0130\u015faretler ve Geli\u015fmeler, Hz. Mehdi&rsquo;nin T\u00fcrkiye&rsquo;den \u00c7\u0131kaca\u011f\u0131 Do\u011frultusundad\u0131r:<\/span><\/strong><\/p>\n<p style=\"margin-bottom: 0.0001pt; text-align: justify; text-indent: 1cm; line-height: 16pt;\"><span style=\"font-size: 12.5pt; font-family: Arial, sans-serif;\">Naim, H\u00e2kim bin Nafi&rsquo;den tahric etti. Dedi ki: <strong><em>&ldquo;S\u00fcfyani T\u00fcrklerle sava\u015ft\u0131ktan (onlar\u0131 \u0130slami ve insani haklar\u0131ndan mahrum b\u0131rakmaya u\u011fra\u015ft\u0131ktan) sonra, onun (zihniyet ve ekibinin) yok edilmesi g\u00f6revi, Mehdi&rsquo;nin elinde olur. Mehdi, ilk kurdu\u011fu orduyu (te\u015fkilat ve toplulu\u011fu) da T\u00fcrk(leri tehdit edenler)e g\u00f6nderir<\/em><em>.<\/em>&rdquo;[12]<\/strong><\/span><\/p>\n<p style=\"margin-bottom: 0.0001pt; text-align: justify; text-indent: 1cm; line-height: 16pt;\"><strong><em><span style=\"font-size: 12.5pt; font-family: Arial, sans-serif;\">&ldquo;Horasan taraf\u0131ndan (T\u00fcrklerin Orta Asya&rsquo;dan g\u00f6\u00e7t\u00fckten sonraki ilk yerle\u015fim merkezleri ve \u0130slam&rsquo;la tan\u0131\u015fma yerleri olan ve bu haberin verildi\u011fi tarihte \u0130ran topraklar\u0131nda ya\u015fayan ve daha sonra Anadolu&rsquo;ya ge\u00e7ecek olan Sel\u00e7uklu ve Osmanl\u0131 T\u00fcrklerinden) \u00e7\u0131kan siyah sancakl\u0131lar\u0131 g\u00f6rd\u00fc\u011f\u00fcn\u00fczde, kar \u00fczerinde s\u00fcr\u00fcnerek de olsa, onlara gidin (ve kat\u0131l\u0131n) \u00e7\u00fcnk\u00fc onlar\u0131n i\u00e7inde Allah&rsquo;\u0131n Halifesi Mehdi vard\u0131r.<\/span><\/em><\/strong><strong><span style=\"font-size: 12.5pt; font-family: Arial, sans-serif;\">&rdquo;[13]<em><\/em><\/span><\/strong><\/p>\n<p style=\"margin-bottom: 0.0001pt; text-align: justify; text-indent: 1cm; line-height: 16pt;\"><strong><em><span style=\"font-size: 12.5pt; font-family: Arial, sans-serif;\">&ldquo;Mehdi&rsquo;nin has yard\u0131mc\u0131lar\u0131 Arap olmayacak, ba\u015fka milletten olacak ve Allah yolunda hi\u00e7bir k\u0131nayan\u0131n ay\u0131plamas\u0131ndan ve dedikodusundan korkmayacaklard\u0131r.&rdquo;[14]<\/span><\/em><\/strong><\/p>\n<p style=\"margin-bottom: 0.0001pt; text-align: justify; text-indent: 1cm; line-height: 16pt;\"><span style=\"font-size: 12.5pt; font-family: Arial, sans-serif;\"> Bedi\u00fczzaman&rsquo;\u0131n:<\/span><\/p>\n<p style=\"margin-bottom: 0.0001pt; text-align: justify; text-indent: 1cm; line-height: 16pt;\"><span style=\"font-size: 12.5pt; font-family: Arial, sans-serif;\">&ldquo;Hem T\u00fcrk unsurunda, ebedi kabili iltiyam olmamak suretinde bir in\u015fikak \u00e7\u0131kacak. (T\u00fcrk toplumu i\u00e7erisinde sa\u011f-sol \u015feklinde asla bar\u0131\u015fmayacak ve bir araya gelmeye yana\u015fmayacak \u015fekilde bir par\u00e7alanma ve karde\u015f kavgas\u0131 k\u0131z\u0131\u015ft\u0131r\u0131lacak.) Bir \u015f\u0131k (di\u011fer) bir \u015f\u0131kk\u0131n kuvvetini k\u0131rd\u0131\u011f\u0131 i\u00e7in, o vakit milletin kuvveti hi\u00e7e inecek&rdquo;[15]\u00a0dedi\u011fi ve T\u00fcrkiye&rsquo;deki bu anar\u015fi ve karga\u015fa d\u00f6neminde sa\u011f ve solun d\u0131\u015f\u0131nda milli ve yerli bir d\u00fc\u015f\u00fcnce ekibinin, zahiren zay\u0131f olmas\u0131na ra\u011fmen, bu d\u0131\u015f mihrakl\u0131 karde\u015f kavgas\u0131n\u0131 ve masonik sa\u011f-sol yap\u0131lanmas\u0131n\u0131 etkisiz b\u0131rakaca\u011f\u0131n\u0131 haber verdi\u011fi hareket ve \u015fahsiyet acaba hangisidir?<\/span><\/p>\n<p style=\"margin-bottom: 0.0001pt; text-align: justify; text-indent: 1cm; line-height: 16pt;\"><span style=\"font-size: 12.5pt; font-family: Arial, sans-serif;\">Ve yine: <strong><em>&ldquo;Saat (Mehdiyet ve k\u0131yamet al\u00e2metleri) yakla\u015ft\u0131. Ve Ay yar\u0131ld\u0131 (Ay&#8217;a var\u0131l\u0131p iz b\u0131rak\u0131ld\u0131)&rdquo;[16]<\/em><\/strong><em>\u00a0<\/em>ayetinin bir i\u015fari mucizesi 1969&rsquo;da ger\u00e7ekle\u015fti ve Ay&#8217;a ilk insanl\u0131 uzay arac\u0131 g\u00f6nderildi. Bu ayet ayn\u0131 zamanda, \u00e7ok \u00f6nemli de\u011fi\u015fim ve devrimlerin ba\u015flang\u0131\u00e7 vaktine de dikkat \u00e7ekti\u011fine g\u00f6re, acaba 1969 tarihinde ve kar ya\u011fan bir \u00fclkede, hangi \u00f6nemli \u015fahsiyet, hangi \u00f6nemli bir harekete fiilen giri\u015fmi\u015ftir?<\/span><\/p>\n<p style=\"margin-bottom: 0.0001pt; text-align: justify; text-indent: 1cm; line-height: 16pt;\"><span style=\"font-size: 12.5pt; font-family: Arial, sans-serif;\">Naim Bin Hammad&rsquo;\u0131n, Muhammed bin C\u00fcbeyr&rsquo;den tahric etti\u011fi bir haber \u015f\u00f6yledir:<\/span><\/p>\n<p style=\"margin-bottom: 0.0001pt; text-align: justify; text-indent: 1cm; line-height: 16pt;\"><strong><em><span style=\"font-size: 12.5pt; font-family: Arial, sans-serif;\">&ldquo;Mehdi&rsquo;nin ka\u015flar\u0131 ince, y\u00fcz\u00fc (y\u0131ld\u0131z gibi ve bulundu\u011fu her ortamda ve herkes taraf\u0131ndan fark edilecek bir \u015fekilde nurlu) parlak, ve g\u00f6zlerinin siyah\u0131 b\u00fcy\u00fck olacakt\u0131r. Hicazdan (veya Medine&rsquo;den) gelip \u015eam&#8217;da minbere (hizmet mevkiine) oturdu\u011funda 40 ya\u015f\u0131nda olacakt\u0131r.&rdquo;[17]\u00a0<\/span><\/em><\/strong><span style=\"font-size: 12.5pt; font-family: Arial, sans-serif;\">Bedi\u00fczzaman Hz.leri bu gibi hadislerin tedvini (yaz\u0131l\u0131p kitap halinde tespiti) s\u0131ras\u0131nda \u0130slam devletinin ba\u015fkenti \u015eam oldu\u011fundan, ve devaml\u0131 b\u00f6yle kalaca\u011f\u0131 san\u0131ld\u0131\u011f\u0131ndan, hep Medine-\u015eam \u00fczerinde duruldu\u011funu s\u00f6ylemektedir.<\/span><\/p>\n<p style=\"margin-bottom: 0.0001pt; text-align: justify; text-indent: 1cm; line-height: 16pt;\"><span style=\"font-size: 12.5pt; font-family: Arial, sans-serif;\">Yoksa, \u00f6rne\u011fin son \u0130slam Medeniyeti Osmanl\u0131&rsquo;n\u0131n fethi m\u00fcjdelenmi\u015f Medine&rsquo;si \u0130stanbul&#8217;dan, siyasi hareketine zemin haz\u0131rlayacak, \u00e7ok \u00f6nemli bir sivil \u00f6rg\u00fct kurumunda g\u00f6rev almas\u0131 nedeniyle, yeni Cumhuriyetin ba\u015fkenti Ankara&#8217;ya gelip yerle\u015fti\u011fi tarihte, tam k\u0131rk (40) ya\u015f\u0131nda olan bir \u015fahsiyetin kim oldu\u011funu merak etmek, bizi daha do\u011fru ve doyurucu bir adrese g\u00f6t\u00fcrebilir!.. 19 Nisan 2003 Cumartesi tarihli Milli Gazete&rsquo;nin 8. sayfas\u0131nda &ldquo;Hz. Mehdi&rsquo;nin \u00e7\u0131k\u0131\u015f\u0131na i\u015faretler&rdquo; ba\u015fl\u0131kl\u0131 yaz\u0131da, Mehdi&rsquo;nin, M\u00fcsl\u00fcman T\u00fcrk Milleti&rsquo;nin \u015fahs-\u0131 manevisi olarak tecelli ve tezah\u00fcr edece\u011fini aynen \u015fu s\u00f6zlerle dile getirmektedir: <strong><em>&ldquo;Ahir zaman al\u00e2metleri hakk\u0131nda bize yol g\u00f6steren en \u00f6nemli delillerden birisi, Hz. Mehdi&rsquo;nin \u00e7\u0131k\u0131\u015f\u0131d\u0131r. Mehdi, ahir zaman\u0131n en b\u00fcy\u00fck fitnelerinin ger\u00e7ekle\u015fece\u011fi d\u00f6nemde ortaya \u00e7\u0131kacakt\u0131r.&rdquo;<\/em><\/strong><\/span><\/p>\n<p style=\"margin-bottom: 0.0001pt; text-align: justify; text-indent: 1cm; line-height: 16pt;\"><span style=\"font-size: 12.5pt; font-family: Arial, sans-serif;\">Hz. Mehdi&rsquo;nin gelece\u011fi zaman hadislerde a\u00e7\u0131k olarak belirtilmi\u015ftir. Mehdi&rsquo;nin ortaya \u00e7\u0131k\u0131\u015f\u0131ndan k\u0131sa bir s\u00fcre \u00f6nce belirecek bir\u00e7ok al\u00e2met, insanlar\u0131n bu kutlu \u015fahs\u0131 anlamas\u0131na yard\u0131mc\u0131 olacakt\u0131r. Mehdi&rsquo;nin geli\u015finden \u00f6nceki ortamla ilgili Peygamberimiz (SAV)&rsquo;in \u015fu haberi aktar\u0131lmaktad\u0131r:<\/span><\/p>\n<p style=\"margin-bottom: 0.0001pt; text-align: justify; text-indent: 1cm; line-height: 16pt;\"><strong><em><span style=\"font-size: 12.5pt; font-family: Arial, sans-serif;\">&ldquo;Ahir zamanda \u00fcmmetimin ba\u015f\u0131na, sultanlar\u0131ndan (zalim ve hain iktidarlardan) \u015fiddetli bel\u00e2lar eri\u015fir, \u00f6yle ki yerler M\u00fcsl\u00fcmanlara dar gelir. O zaman Allah, daha \u00f6nce zul\u00fcmle dolu olan d\u00fcnyay\u0131 adaletle dolduran Benim soyumdan birisini g\u00f6nderecektir.&rdquo;[18]<\/span><\/em><\/strong><\/p>\n<p style=\"margin-bottom: 0.0001pt; text-align: justify; text-indent: 1cm; line-height: 16pt;\"><span style=\"font-size: 12.5pt; font-family: Arial, sans-serif;\">Bu konuda hadislerin tamam\u0131nda Mehdi&rsquo;nin ortaya \u00e7\u0131k\u0131\u015f\u0131ndan hemen \u00f6nce, d\u00fcnyada zul\u00fcm ve karga\u015fan\u0131n h\u00e2kim olaca\u011f\u0131ndan bahsedilmektedir. Hadislerin devam\u0131nda yine ahir zamanda, \u0130slam \u00fcmmetine kar\u015f\u0131 \u00e7ok b\u00fcy\u00fck bir sald\u0131r\u0131, \u00e7ok b\u00fcy\u00fck bir bask\u0131 olaca\u011f\u0131ndan da s\u00f6z edilmektedir. Bunlar\u0131n yan\u0131nda Mehdi&rsquo;nin \u00e7\u0131k\u0131\u015f yeri, \u00e7\u0131k\u0131\u015f zaman\u0131, ve ki\u015fisel al\u00e2metleri ile ilgili de, \u00e7ok a\u00e7\u0131k ve belirleyici bir\u00e7ok hadis ve haber rivayet edilmi\u015ftir. Mehdi, \u0130slam&rsquo;\u0131 \u00f6z\u00fcne d\u00f6nd\u00fcrd\u00fc\u011f\u00fc gibi, Kur&rsquo;an ahl\u00e2k\u0131n\u0131n ya\u015fanmas\u0131na vesile olacak, t\u00fcm \u0130slam \u00e2lemini i\u00e7ine alan bir &ldquo;\u0130slam Birli\u011fi&rsquo;nin&rdquo; kurulmas\u0131na da \u00f6nc\u00fcl\u00fck edecektir.<\/span><\/p>\n<p style=\"margin-bottom: 0.0001pt; text-align: justify; text-indent: 1cm; line-height: 16pt;\"><strong><span style=\"font-size: 12.5pt; font-family: Arial, sans-serif;\">Bu birlik; demokratik esaslara ve hukukun \u00fcst\u00fcnl\u00fc\u011f\u00fc prensibine dayanan, merkezi bir organize anlam\u0131na gelen bir &ldquo;\u0130slam Birli\u011fi&rdquo;dir. T\u00fcm bu i\u015faretlerden anla\u015f\u0131laca\u011f\u0131 gibi, &ldquo;\u0130slam Birli\u011fi&rsquo;ni kuracak olan Mehdilik g\u00f6revi, g\u00fcn\u00fcm\u00fczde \u00fcst\u00fcn ahl\u00e2k sahibi M\u00fcsl\u00fcman T\u00fcrk Milletinin \u015fahs-\u0131 manevisinde tecelli etmektedir.&rdquo;<\/span><\/strong><\/p>\n<p style=\"margin-bottom: 0.0001pt; text-align: justify; text-indent: 1cm; line-height: 16pt;\"><strong><span style=\"font-size: 14pt; font-family: Arial, sans-serif;\">Ve yine Bedi\u00fczzaman: <em>&ldquo;<\/em><\/span><\/strong><strong><em><span style=\"font-size: 12.5pt; font-family: Arial, sans-serif;\">(\u0130man ve \u0130slam) \u00d6ylesine k\u00f6kle\u015fmi\u015f ki, in\u015faallah hi\u00e7bir kuvvet Anadolu&rsquo;nun sinesinden onu \u00e7\u0131karamaz. Ta ki ahir zamanda Cenab-\u0131 Hakk\u0131n, izniyle gelecek ve hayat\u0131n geni\u015f (siyaset) dairesinde (hizmet g\u00f6recek olan) Hz. Mehdi ve \u015fakirtleri, bu daireyi geni\u015flendirir ve (at\u0131lan) tohumlar s\u00fcmb\u00fcllenir. Biz de kabrimizden (bu mutlu geli\u015fmeleri) seyredip Allah&rsquo;a \u015f\u00fckrederiz&rdquo;[19]\u00a0<\/span><\/em><\/strong><span style=\"font-size: 12.5pt; font-family: Arial, sans-serif;\">s\u00f6zleriyle, Mehdi&rsquo;nin Anadolu&rsquo;dan zuhur edece\u011fini haber vermektedir. \u00dcstelik O zat\u0131n b\u00fcy\u00fck ink\u0131l\u00e2b\u0131n\u0131n alt yap\u0131s\u0131n\u0131 ve temel esaslar\u0131n\u0131 tamamlad\u0131ktan sonra d\u00fcnyadan g\u00f6\u00e7ece\u011fi ve hak davas\u0131n\u0131n sad\u0131k ba\u011fl\u0131lar\u0131nca y\u00fcr\u00fct\u00fcl\u00fcp zafere eri\u015filece\u011fi bildirilmektedir. Mehdiyet konusunda, B\u00fcy\u00fck \u0130slam \u00e2limi Muhyiddin Arabi Hz.lerinin \u00f6zellikle Konya&rsquo;y\u0131 i\u015faret etmesi de \u00f6nemli bir m\u00fcjdedir.<\/span><\/p>\n<p style=\"margin-bottom: 0.0001pt; text-align: justify; text-indent: 1cm; line-height: 16pt;\"><strong><span style=\"font-size: 14.5pt; font-family: Arial, sans-serif;\">3- Hz. Mehdi, Hizmet Arac\u0131 Olarak Siyaseti Kullanacakt\u0131r:<\/span><\/strong><\/p>\n<p style=\"margin-bottom: 0.0001pt; text-align: justify; text-indent: 1cm; line-height: 16pt;\"><span style=\"font-size: 12.5pt; font-family: Arial, sans-serif;\">Siyaset; ba\u015fta Peygamber Efendimizin, Beni \u0130srail nebilerinin ve Ra\u015fit Halifelerin hizmet ve hikmet mesle\u011fidir. Hem halk\u0131 hayra y\u00f6nlendirme, hem de insanlar\u0131 hak ve adaletle y\u00f6netme vazifesidir. \u00d6zellikle g\u00fcn\u00fcm\u00fczde siyaset en etkili ve en yetkili bi\u00e7imde tebli\u011f, terbiye ve te\u015fkilat y\u00fcr\u00fctme (disiplinize ve organize etme) imk\u00e2n\u0131 vermektedir. Bu nedenle Bedi\u00fczzaman Hz.leri:<\/span><\/p>\n<p style=\"margin-bottom: 0.0001pt; text-align: justify; text-indent: 1cm; line-height: 16pt;\"><strong><em><span style=\"font-size: 12.5pt; font-family: Arial, sans-serif;\">&ldquo;B\u00fcy\u00fck Mehdi&rsquo;nin \u00e7ok vazifeleri var; ve Siyaset \u00e2leminde, Diyanet (imani ve ahl\u00e2ki tedavi, terbiye ve terakki) \u00e2leminde, Saltanat (Devlet Ba\u015fkanl\u0131\u011f\u0131) \u00e2leminde, ve Cihat (askeri hareket ve kesin galibiyet) \u00e2lemindeki \u00e7ok dairelerde icraatlar\u0131 olaca\u011f\u0131n\u0131&rdquo;[20]\u00a0<\/span><\/em><\/strong><span style=\"font-size: 12.5pt; font-family: Arial, sans-serif;\">s\u00f6ylemekte, \u00f6zellikle ve \u00f6ncelikle siyaset ve partiyle i\u015fe giri\u015fece\u011fini bildirmektedir. Ve hatta bir ara resmen ve fiilen \u0130ttihat ve Terakki partisine kat\u0131l\u0131p siyasete girme sebebini;<strong><em> siyaset \u00e2leminde gelece\u011fini sezdi\u011fi, mutlu ve m\u00fchim geli\u015fmelerin, kendisinin d\u00f6neminde olabilece\u011fini <\/em><\/strong>zannetmesindendir.<\/span><\/p>\n<p style=\"margin-bottom: 0.0001pt; text-align: justify; text-indent: 1cm; line-height: 16pt;\"><span style=\"font-size: 12.5pt; font-family: Arial, sans-serif;\">&ldquo;Ve bu nurdur ki, eskiden de tahayy\u00fcl ve tahminim ile, geni\u015f dairede, belki siyaset \u00e2leminde gelecek mesudane ve dindarane haletlerin ve vaziyetlerin mukaddimesi ve m\u00fcjdecisi iken, bu muaccel (gelecekte g\u00f6r\u00fcnecek) \u0131\u015f\u0131\u011f\u0131, m\u00fceccel (haz\u0131r ve pe\u015fin bir) saadet tasavvur ederek, eski zamanda siyaset kap\u0131s\u0131yla onu ar\u0131yordum.&rdquo;[21]<\/span><\/p>\n<p style=\"margin-bottom: 0.0001pt; text-align: justify; text-indent: 1cm; line-height: 16pt;\"><span style=\"font-size: 12.5pt; font-family: Arial, sans-serif;\">&ldquo;Mehdi Ali Resul\u00fcn temsil etti\u011fi kutsi cemaatin \u015fahs-\u0131 manevisinin \u00fc\u00e7 vazifesi vard\u0131r:<\/span><\/p>\n<p style=\"margin-bottom: 0.0001pt; text-align: justify; text-indent: 1cm; line-height: 16pt;\"><strong><span style=\"font-size: 12.5pt; font-family: Arial, sans-serif;\">Birincisi:<\/span><\/strong><span style=\"font-size: 12.5pt; font-family: Arial, sans-serif;\"> Her \u015feyden evvel felsefeyi ve maddiyyun (ink\u00e2rc\u0131 materyalist) fikrini susturacak bir tarzda iman\u0131 kurtarmakt\u0131r&#8230; Bu hizmet \u00e7ok zaman ve tetkikat (ara\u015ft\u0131rma) ile me\u015fguliyet gerektirdi\u011finden, Hz. Mehdi&#8217;nin o vazifeyi bizzat kendisi g\u00f6rmeye vakit ve h\u00e2l (durum) m\u00fcsaade etmedi\u011finden&#8230; O vazifeyi ondan evvel bir taife (Risale-i Nur ve Bedi\u00fczzaman) bir cihetle g\u00f6recek.<\/span><\/p>\n<p style=\"margin-bottom: 0.0001pt; text-align: justify; text-indent: 1cm; line-height: 16pt;\"><strong><span style=\"font-size: 12.5pt; font-family: Arial, sans-serif;\">\u0130kinci vazifesi:<\/span><\/strong><span style=\"font-size: 12.5pt; font-family: Arial, sans-serif;\"> Hilafet-i Muhammediye \u00fcnvan\u0131yla, \u015feairi \u0130slamiyeyi ihya etmek&hellip; (\u0130slami ger\u00e7eklerin ve gereklerin, dini ve d\u00fcnyevi prensip ve projelerin diriltilip y\u00fcr\u00fct\u00fclmesine yarayacak ve halk\u0131n huzur ve h\u00fcrriyetini sa\u011flayacak \u015fekilde, siyaset ve devlet imk\u00e2nlar\u0131ndan istifade etmek.)<\/span><\/p>\n<p style=\"margin-bottom: 0.0001pt; text-align: justify; text-indent: 1cm; line-height: 16pt;\"><strong><span style=\"font-size: 12.5pt; font-family: Arial, sans-serif;\">\u00dc\u00e7\u00fcnc\u00fc vazifesi:<\/span><\/strong><span style=\"font-size: 12.5pt; font-family: Arial, sans-serif;\"> \u0130ttihad-\u0131 \u0130slam&rsquo;\u0131n muavenetiyle (kuraca\u011f\u0131 \u0130slam Birli\u011fi&rsquo;nin yard\u0131m\u0131yla) ahk\u00e2m\u0131 Kur&rsquo;aniye&rsquo;nin ve \u015eeriat-\u0131 Muhammediye&rsquo;nin (adalet ve insaniyet) kanunlar\u0131n\u0131 (yery\u00fcz\u00fcnde) tatbik etmektir.[22]<\/span><\/p>\n<p style=\"margin-bottom: 0.0001pt; text-align: justify; text-indent: 1cm; line-height: 16pt;\"><strong><span style=\"font-size: 14.5pt; font-family: Arial, sans-serif;\">Ramazan Y\u00fccel karde\u015fimizin e\u015fi Nazl\u0131 Han\u0131mefendinin \u0130bretli ve Hikmetli R\u00fcyas\u0131 (07 Mart 2011)<\/span><\/strong><\/p>\n<p style=\"margin-bottom: 0.0001pt; text-align: justify; text-indent: 1cm; line-height: 16pt;\"><span style=\"font-size: 12.5pt; font-family: Arial, sans-serif;\">&ldquo;Biz annemle sanki Hocam\u0131z\u0131n bulundu\u011fu mezarl\u0131kta oluyoruz. Baz\u0131 insanlar\u0131n bir mezar\u0131 kazd\u0131\u011f\u0131n\u0131 g\u00f6r\u00fcyoruz. Mezar\u0131n \u00e7evresine pankartlar as\u0131ld\u0131\u011f\u0131na, etraf\u0131n\u0131n \u00e7evrilip koruma alt\u0131na al\u0131nd\u0131\u011f\u0131na ve kameralarla \u00e7ekim yap\u0131ld\u0131\u011f\u0131na \u015fahit oluyoruz. O esnada mezardan biri konu\u015fuyor. \u0130htiyar, bembeyaz uzun sa\u00e7\u0131 ve uzun sakal\u0131 olan ve uzun elbiseler bulunan \u00e7ok nurani bir ZAT, mikrofonla \u015f\u00f6yle sesleniyor:<\/span><\/p>\n<p style=\"margin-bottom: 0.0001pt; text-align: justify; text-indent: 1cm; line-height: 16pt;\"><strong><em><span style=\"font-size: 12.5pt; font-family: Arial, sans-serif;\">&ldquo;Peygamber Efendimiz Hz. Muhammed (SAV) (sistemi ve S\u00fcnnetiyle) d\u00fcnyaya yeniden gelmi\u015ftir.&rdquo;<\/span><\/em><\/strong><\/p>\n<p style=\"margin-bottom: 0.0001pt; text-align: justify; text-indent: 1cm; line-height: 16pt;\"><span style=\"font-size: 12.5pt; font-family: Arial, sans-serif;\">Ama, insanlar Onu anlayam\u0131yor ve s\u00f6ylediklerini kavrayam\u0131yor. Kaz\u0131lan mezar Peygamber Efendimiz (SAV)&#8217;in mezar\u0131 oluyor, ama mezar\u0131n i\u00e7inde Peygamber Efendimiz (SAV)&#8217;in m\u00fcbarek na&rsquo;\u015f\u0131 bulunmuyor. Levhalarla ba\u015fka bir mezarl\u0131k i\u015faret ediliyor. &ldquo;\u0130\u015fte burada yat\u0131yor.&rdquo; denilen yerde, Erbakan Hoca&rsquo;m\u0131z\u0131n mezar\u0131 kar\u015f\u0131m\u0131za \u00e7\u0131k\u0131yor.<\/span><\/p>\n<p style=\"margin-bottom: 0.0001pt; text-align: justify; text-indent: 1cm; line-height: 16pt;\"><span style=\"font-size: 12.5pt; font-family: Arial, sans-serif;\">Beyazlar i\u00e7inde parlayan ve \u00e7evreye nur sa\u00e7an zat:<\/span><\/p>\n<p style=\"margin-bottom: 0.0001pt; text-align: justify; text-indent: 1cm; line-height: 16pt;\"><strong><em><span style=\"font-size: 12.5pt; font-family: Arial, sans-serif;\">&ldquo;Hz. Peygamber Efendimiz (SAV)&#8217;in nuraniyetini, Allah (CC) Necmettin Erbakan&rsquo;\u0131n \u015fahs-\u0131 manevisinde tezah\u00fcr ve tecelli buyurdu.&rdquo;<\/span><\/em><\/strong><span style=\"font-size: 12.5pt; font-family: Arial, sans-serif;\"> diye nida ediyor.<\/span><\/p>\n<p style=\"margin-bottom: 0.0001pt; text-align: justify; text-indent: 1cm; line-height: 16pt;\"><span style=\"font-size: 12.5pt; font-family: Arial, sans-serif;\">Ben bunu duyunca a\u011flamaya ba\u015fl\u0131yorum; ama ne sesim \u00e7\u0131k\u0131yor, ne de g\u00f6z\u00fcmden ya\u015f ak\u0131yor! Y\u0131k\u0131l\u0131yorum, annem tutuyor. Onun kuca\u011f\u0131ndan yere d\u00fc\u015f\u00fcyorum. Ard\u0131ndan da mezar olarak kaz\u0131lan yere, benimle birlikte annemin parma\u011f\u0131ndan iki y\u00fcz\u00fck d\u00fc\u015f\u00fcyor.<\/span><\/p>\n<p style=\"margin-bottom: 0.0001pt; text-align: justify; text-indent: 1cm; line-height: 16pt;\"><span style=\"font-size: 12.5pt; font-family: Arial, sans-serif;\">Y\u00fcz\u00fckler \u00e7ok parlak, biri ta\u015fl\u0131, biri ta\u015fs\u0131z oluyor. D\u00fc\u015ft\u00fc\u011f\u00fcm yerden \u00e7\u0131kam\u0131yorum ama, o y\u00fcz\u00fckleri elime al\u0131yorum. <strong><em>&ldquo;D\u00fcnyada iken k\u0131ymetini hakk\u0131yla bilemedim, hi\u00e7 yan\u0131na gidemedim; baksana anne, insan d\u00fcnyadan nas\u0131l da kay\u0131p gidiyor. Aynen bu y\u00fcz\u00fckler gibi elindeki her \u015feyi kaybediyor!&rdquo; <\/em><\/strong>diye \u00fcz\u00fcl\u00fcyor ve pi\u015fmanl\u0131k duyuyorum.&rdquo;<\/span><\/p>\n<p style=\"margin-bottom: 0.0001pt; text-align: justify; text-indent: 1cm; line-height: 16pt;\"><strong><span style=\"font-size: 14.5pt; font-family: Arial, sans-serif;\">4- Kahraman Ordumuz, T\u00fcrkiye Merkezli Bu B\u00fcy\u00fck De\u011fi\u015fimin ve Mutluluk <\/span><\/strong><strong><span style=\"font-size: 14pt; font-family: Arial, sans-serif;\">Medeniyetinin, En Sa\u011flam Dire\u011fi ve En Sad\u0131k Destek\u00e7isi Olacakt\u0131r:<\/span><\/strong><\/p>\n<p style=\"margin-bottom: 0.0001pt; text-align: justify; text-indent: 1cm; line-height: 16pt;\"><span style=\"font-size: 12.5pt; font-family: Arial, sans-serif;\">As\u0131rlar boyu s\u00fcregelen medeniyetler memba\u0131 olmak ve Sel\u00e7uklu&rsquo;nun ve Osmanl\u0131&rsquo;n\u0131n, miras\u0131n\u0131 ta\u015f\u0131mak gibi bir <strong>TAR\u0130H\u0130 SORUMLULU\u011eU<\/strong>&#8230;<\/span><\/p>\n<p style=\"margin-bottom: 0.0001pt; text-align: justify; text-indent: 1cm; line-height: 16pt;\"><span style=\"font-size: 12.5pt; font-family: Arial, sans-serif;\">\u00dc\u00e7 k\u0131tay\u0131 birbirine ba\u011flamak, \u00fc\u00e7 taraf\u0131 denizlerle \u00e7evrili bulunmak, d\u00fcnya \u00e7ap\u0131ndaki bo\u011fazlara ve ge\u00e7i\u015f yollar\u0131na sahip olmak, verimli, \u00e7ok zengin yeralt\u0131 ve yer\u00fcst\u00fc zenginliklerine mazhar k\u0131l\u0131nmak gibi, \u00e7ok de\u011ferli ve stratejik co\u011frafi ve <strong>TAB\u0130\u0130 DURUMU<\/strong>&#8230;<\/span><\/p>\n<p style=\"margin-bottom: 0.0001pt; text-align: justify; text-indent: 1cm; line-height: 16pt;\"><span style=\"font-size: 12.5pt; font-family: Arial, sans-serif;\">T\u00fcrk Cumhuriyetlerine ve \u0130slam \u00fclkelerine ve Avrasya giri\u015fimine lider ve lokomotif olabilecek potansiyel imk\u00e2n ve f\u0131rsatlar\u0131yla olu\u015fan, <\/span><strong><span style=\"font-size: 12.5pt; font-family: Arial, sans-serif;\">TAL\u0130HL\u0130 KONUMU<\/span><\/strong><span style=\"font-size: 12.5pt; font-family: Arial, sans-serif;\">&#8230; <\/span><span style=\"font-size: 12.5pt; font-family: Arial, sans-serif;\">T\u00fcrkiye&rsquo;mizi, yeni ve adil bir medeniyet merkezi olmaya en yak\u0131n ve en lay\u0131k \u00fclke olmaya zorlamaktad\u0131r. Bu bak\u0131mdan: As\u0131rlar \u00f6ncesine dayanan derin ve de\u011ferli k\u00f6klere ve k\u00fclt\u00fcre&#8230; \u00c7ok gerekli olan \u00e7a\u011fda\u015f t\u00fcm askeri bilgi, birikim ve beceriye&#8230; Ve ba\u011fr\u0131ndan milyonlarca \u015fehit \u00e7\u0131karm\u0131\u015f&#8230; \u00c7a\u011flar\u0131 de\u011fi\u015ftiren fetih ve zaferlere imza atm\u0131\u015f olman\u0131n kazand\u0131rd\u0131\u011f\u0131 hakl\u0131 bir \u015f\u00f6hret, \u015feref ve \u00f6vg\u00fcye sahip Kahraman Ordumuzun, \u015fimdi d\u00fcnya \u00e7ap\u0131nda ya\u015fanacak yeni bir devrim ve de\u011fi\u015fimin en sa\u011flam ve en sad\u0131k unsuru olmas\u0131ndan daha do\u011fal ve daha do\u011fru ne olabilir?<\/span><\/p>\n<p style=\"margin-bottom: 0.0001pt; text-align: justify; text-indent: 1cm; line-height: 16pt;\"><strong><span style=\"font-size: 14pt; font-family: Arial, sans-serif;\">\u00dcstat Bedi\u00fczzaman Hz.leri bu konuda \u015funlar\u0131 s\u00f6ylemektedir:<\/span><\/strong><\/p>\n<p style=\"margin-bottom: 0.0001pt; text-align: justify; text-indent: 1cm; line-height: 16pt;\"><strong><em><span style=\"font-size: 12.5pt; font-family: Arial, sans-serif;\">&ldquo;(S\u00fcfyan ve Deccal komitesi olan Siyonizm ve masonluk te\u015fkilatlar\u0131) T\u00fcrk milletini ve T\u00fcrk\u00e7\u00fcl\u00fc\u011f\u00fc, muvakkaten (ge\u00e7ici bir s\u00fcre, Ezan, Kur&rsquo;an gibi) \u0130slamiyet&rsquo;in bir k\u0131s\u0131m \u015feairine kar\u015f\u0131 istimal etmeye (kullanmaya ve k\u0131\u015fk\u0131rtmaya) \u00e7al\u0131\u015f\u0131r&#8230; Fakat (tam) muvaffak olamaz, geri \u00e7ekilir (\u00e7ekilmeye mecbur edilir).&rdquo; (Ancak) &ldquo;Kahraman Ordu, dizginini, onun (masonlu\u011fun) elinden kurtar\u0131yor.&rdquo; diye rivayetlerden anla\u015f\u0131l\u0131yor.&rdquo;[23]<\/span><\/em><\/strong><\/p>\n<p style=\"margin-bottom: 0.0001pt; text-align: justify; text-indent: 1cm; line-height: 16pt;\"><span style=\"font-size: 12.5pt; font-family: Arial, sans-serif;\">Acaba; \u00fclke \u00e7\u0131karlar\u0131m\u0131z\u0131 koruma ve egemenlik haklar\u0131m\u0131z\u0131 kollama konusunda, milli ve haysiyetli bir duru\u015f sergileyen Ordumuzun, Amerikal\u0131 ve Avrupal\u0131 dostlar\u0131m\u0131z(!) ve yerli avukatlar\u0131 taraf\u0131ndan a\u00e7\u0131k\u00e7a hedef al\u0131nmas\u0131 ve y\u0131prat\u0131lmaya \u00e7al\u0131\u015f\u0131lmas\u0131&hellip; Ve Ege sorunlar\u0131nda, Yunanistan&rsquo;a kar\u015f\u0131 Genelkurmay&rsquo;\u0131n AKP h\u00fck\u00fcmetince yaln\u0131z b\u0131rak\u0131lmas\u0131, yoksa bu ger\u00e7e\u011fin fark\u0131na var\u0131lmas\u0131ndan m\u0131d\u0131r? ABD&rsquo;nin, \u0130srail merkezli Ortado\u011fu politikalar\u0131na ve Asya&rsquo;ya h\u00e2kim olma planlar\u0131na &ldquo;engel \u00e7\u0131karaca\u011f\u0131&rdquo; ku\u015fkusuna kap\u0131ld\u0131\u011f\u0131&hellip; AB&rsquo;nin ise &ldquo;B\u00f6lgesel ve ba\u011f\u0131ms\u0131z bir g\u00fcc\u00fc&rdquo; olmas\u0131na asla s\u0131cak bakmad\u0131\u011f\u0131 T\u00fcrk Silahl\u0131 Kuvvetleri&rsquo;ne kar\u015f\u0131, &ldquo;Yeni bir Osmanl\u0131 do\u011fmas\u0131n&rdquo; diye ba\u015flatt\u0131klar\u0131 karalama kampanyalar\u0131n\u0131n ard\u0131ndaki ger\u00e7ek sebep; Erbakan&rsquo;\u0131n 54. H\u00fck\u00fcmet\u00e7e haz\u0131rlanan &ldquo;150 milyar dolarl\u0131k bir yat\u0131r\u0131mla TSK&rsquo;n\u0131n modernizasyonu projesine&rdquo; duyulan rahats\u0131zl\u0131kt\u0131r.<\/span><\/p>\n<p style=\"margin-bottom: 0.0001pt; text-align: justify; text-indent: 1cm; line-height: 16pt;\"><span style=\"font-size: 12.5pt; font-family: Arial, sans-serif;\">Uzun y\u0131llar milletimizi s\u00f6m\u00fcrme ve sindirme sistemlerine Ordumuza bek\u00e7ilik yapt\u0131rmaya \u00e7al\u0131\u015fan&hellip; Tek t\u00fck de olsa b\u00f6yle tipleri kiralay\u0131p kullanan ve maalesef b\u00fct\u00fcn zul\u00fcm ve zorbal\u0131klar\u0131n g\u00fcnah\u0131n\u0131 da Ordumuzun \u00fcst\u00fcne y\u0131kan bu Siyonist ve masonik sermaye baronlar\u0131, \u015fimdi &ldquo;siville\u015fme, demokratikle\u015fme&rdquo; bahanesiyle, &ldquo;stat\u00fckocu, vesayet kurumu&rdquo; diye silahl\u0131 kuvvetlerimize sald\u0131rmaktad\u0131r. Ama art\u0131k Ordumuzun da halk\u0131m\u0131zla kucakla\u015fmas\u0131, yanl\u0131\u015f ve yaralay\u0131c\u0131 g\u00fc\u00e7lerin oyunlar\u0131n\u0131 bozmas\u0131 laz\u0131md\u0131r ve yak\u0131nd\u0131r.<\/span><\/p>\n<p style=\"margin-bottom: 0.0001pt; text-align: justify; text-indent: 1cm; line-height: 16pt;\"><strong><span style=\"font-size: 14.5pt; font-family: Arial, sans-serif;\">Mescid-i Aksa&rsquo;n\u0131n Ne Zaman ve Ne Maksatla Y\u0131k\u0131lmas\u0131na \u00c7al\u0131\u015f\u0131lmaktad\u0131r?<\/span><\/strong><\/p>\n<p style=\"margin-bottom: 0.0001pt; text-align: justify; text-indent: 1cm; line-height: 16pt;\"><span style=\"font-size: 12.5pt; font-family: Arial, sans-serif;\">Kabbalist Yahudilerin ve onlar\u0131n dejenere ettikleri Protestan ve Evangelist Hristiyan kesimlerin bekledikleri ve t\u00fcm D\u00fcnya&#8217;ya h\u00e2kim olacaklar\u0131n\u0131 s\u00f6yledikleri\u00a0\u0130sa Mesih; bizim Kur&rsquo;an-\u0131 Kerim&rsquo;e g\u00f6re inand\u0131\u011f\u0131m\u0131z Hz. \u0130sa ile asla ilgisi bulunmayan, ama hadislerde Mesih-i Deccal olarak haber buyrulan\u00a0\u015feytani \u015fahsiyetin ta kendisidir. Bu nedenle Siyonizm; \u015feytan\u0131n dini, emperyalizm ise Deccal&rsquo;in d\u00fczenidir. Kabbalist k\u00e2hinlerin D\u00fcnya&#8217;ya h\u00e2kim oldu\u011funu s\u00f6yledikleri Kral S\u00fcleyman ile, Kur&rsquo;an&rsquo;da anlat\u0131lan Hz. S\u00fcleyman Aleyhisselam da ayn\u0131 ki\u015filik de\u011fildir. Siyonist inan\u0131\u015fa g\u00f6re, \u0130sa Mesih&rsquo;in yery\u00fcz\u00fcne inmesi i\u00e7in Kud\u00fcs&rsquo;teki Harem-i \u015eerif&rsquo;te bulunan Mescid-i Aksa ve Hz. \u00d6mer Camii gibi \u0130slam mabetlerinin y\u0131k\u0131lmas\u0131 ve yerine kendi kutsal tap\u0131naklar\u0131n\u0131n yap\u0131lmas\u0131 gerekmektedir.<\/span><\/p>\n<p style=\"margin-bottom: 0.0001pt; text-align: justify; text-indent: 1cm; line-height: 16pt;\"><span style=\"font-size: 12.5pt; font-family: Arial, sans-serif;\">Bu maksatla \u0130srail&rsquo;de Kabbalist Hahamlar\u00a0Tarikat\u0131 olan &ldquo;Gush Emunim&rdquo;e ba\u011fl\u0131 &ldquo;Machteret Yehudit&rdquo; diye bir gizli \u00f6rg\u00fct kurulmu\u015f ve 27 Nisan 1984&rsquo;te Mescid-i Aksa&rsquo;y\u0131 havaya u\u00e7urmak \u00fczere 30 yere dinamit yerle\u015ftirirken\u00a0yakalan\u0131vermi\u015flerdir. Bu suikast\u00e7\u0131lar \u0130srail y\u00f6netimince g\u00f6stermelik olarak cezaland\u0131r\u0131lm\u0131\u015f, vaktinden \u00f6nce bu eyleme giri\u015ftikleri i\u00e7in\u00a0su\u00e7lu g\u00f6r\u00fclm\u00fc\u015flerdir. O zamanki \u0130srail Ba\u015fbakan\u0131 Yitzak \u015eamir bu ter\u00f6ristler i\u00e7in &ldquo;hepsi harika insanlar, ama hata yapt\u0131lar&rdquo; demi\u015ftir.<\/span><\/p>\n<p style=\"margin-bottom: 0.0001pt; text-align: justify; text-indent: 1cm; line-height: 16pt;\"><strong><span style=\"font-size: 12.5pt; font-family: Arial, sans-serif;\">Oysa Mescid-i Aksa&rsquo;y\u0131 y\u0131kmak Siyonist \u0130srail y\u00f6netiminin nihai hedeflerinden birisidir ve \u015fu anda, hafif bir sars\u0131nt\u0131 ile kendili\u011finden y\u0131k\u0131lacak \u015fekilde ve arkeolojik kaz\u0131 bahanesiyle\u00a0Harem-i \u015eerif&rsquo;in alt\u0131na t\u00fcneller a\u00e7\u0131lmas\u0131 i\u015flemi s\u00fcrd\u00fcr\u00fclmektedir. 13-19 May\u0131s-1995 tarihli, haftal\u0131k Aksiyon dergisi, bu haberi &ldquo;\u0130srail Mescid-i Aksa&rsquo;y\u0131 y\u0131k\u0131yor&rdquo; ba\u015fl\u0131\u011f\u0131yla vermi\u015ftir. Ama \u015fimdi ayn\u0131 \u00e7evrelerin Dinleraras\u0131 Diyalog safsatas\u0131yla, Siyonist emellere hizmet etme gafletine d\u00fc\u015fmeleri, insan\u0131 d\u00fc\u015f\u00fcnd\u00fcrmektedir. Amerika&rsquo;da Ba\u015fkanl\u0131k yapan Bush&rsquo;un da i\u00e7inde bulundu\u011fu Evangelist Hristiyan Siyonistler, Mescid-i Aksa&rsquo;n\u0131n y\u0131k\u0131larak yerine yap\u0131lacak Kutsal Mabet i\u00e7in &ldquo;Kud\u00fcs Tap\u0131na\u011f\u0131 Yard\u0131m Vakf\u0131&rdquo; bile kurmu\u015f ve Terry Reisenhoover adl\u0131 bir petrol zengini Evangelist Siyonist liderli\u011finde, her y\u0131l y\u00fcz milyonlarca dolar toplay\u0131p \u0130srail&rsquo;e g\u00f6ndermektedir. Sapk\u0131n Yahudi hedeflerine hizmet i\u00e7in kurulan mason te\u015fkilatlar\u0131n\u0131n da, ayn\u0131 \u015feytani ama\u00e7lar i\u00e7in \u0130srail&rsquo;e her t\u00fcrl\u00fc deste\u011fi verdi\u011fi bilinmektedir.<\/span><\/strong><\/p>\n<p style=\"margin-bottom: 0.0001pt; text-align: justify; text-indent: 1cm; line-height: 16pt;\"><strong><span style=\"font-size: 12.5pt; font-family: Arial, sans-serif;\">Ac\u0131 ger\u00e7ek \u015fu ki: &ldquo;Art\u0131k \u0130slam d\u00fcnyas\u0131n\u0131 rahatl\u0131kla kar\u015f\u0131m\u0131za alabilir ve hepsini saf d\u0131\u015f\u0131 b\u0131rakabiliriz&rdquo; kanaati olu\u015ftu\u011fu g\u00fcn, Mescid-i Aksa y\u0131k\u0131lacak ve buna &ldquo;Filan deprem, filan deneme sonucu kendili\u011finden oldu&rdquo; gibi, d\u00fcnya kamuoyunu aldatmaya y\u00f6nelik k\u0131l\u0131flar ge\u00e7irilecektir. Ve bu da 3. D\u00fcnya Sava\u015f\u0131 demektir. \u0130srail t\u00fcm \u0130slam d\u00fcnyas\u0131n\u0131n\u00a0tepkisini \u00e7ekecektir. Ve \u0130slam ordular\u0131n\u0131 yenip d\u00fcnya h\u00e2kimiyetini ilan etmek i\u00e7in, bunu zaten istemektedir.<\/span><\/strong><\/p>\n<p style=\"margin-bottom: 0.0001pt; text-align: justify; text-indent: 1cm; line-height: 16pt;\"><strong><span style=\"font-size: 12.5pt; font-family: Arial, sans-serif;\">Uzun y\u0131llar \u0130srail&rsquo;de \u00e7al\u0131\u015fan Arkeolog Gordon Franz; \u015funlar\u0131 s\u00f6ylemi\u015ftir:<\/span><\/strong><span style=\"font-size: 12.5pt; font-family: Arial, sans-serif;\"> <strong><em>&ldquo;Ne zaman ve nas\u0131l olaca\u011f\u0131n\u0131 kestiremem. Ama kesin olarak bildi\u011fim \u015fey, yerine kendi Kutsal Tap\u0131naklar\u0131n\u0131 kurmak \u00fczere \u0130srail, M\u00fcsl\u00fcmanlara ait iki camiyi eninde sonunda, ama mutlaka y\u0131kmak d\u00fc\u015f\u00fcncesindedir.&rdquo;<\/em><\/strong><\/span><\/p>\n<p style=\"margin-bottom: 0.0001pt; text-align: justify; text-indent: 1cm; line-height: 16pt;\"><strong><span style=\"font-size: 12.5pt; font-family: Arial, sans-serif;\">Peki Siyonist \u0130srail b\u00fct\u00fcn d\u00fcnyaya kafa tutacak bu neticeye ve bu g\u00fcce hangi s\u00fcre\u00e7lerden ge\u00e7erek ula\u015fm\u0131\u015ft\u0131r?<\/span><\/strong><\/p>\n<p style=\"margin-bottom: 0.0001pt; text-align: justify; text-indent: 1cm; line-height: 16pt;\"><span style=\"font-size: 12.5pt; font-family: Arial, sans-serif;\">Bu s\u00fcre\u00e7; ana hatlar\u0131yla ve maddeler halinde \u015f\u00f6yle \u00f6zetlenebilir:<\/span><\/p>\n<p style=\"margin-bottom: 0.0001pt; text-align: justify; text-indent: 1cm; line-height: 16pt;\"><span style=\"font-size: 12.5pt; font-family: Arial, sans-serif;\">1- Kabbalist hahamlar\u0131n kehanetleri do\u011frultusunda ve yine kendilerinin provoke etti\u011fi fesatl\u0131klar sonucunda, \u0130spanya&rsquo;daki Yahudilerin b\u00fct\u00fcn d\u00fcnyaya da\u011f\u0131t\u0131lmas\u0131 ve \u00f6zellikle Anadolu&rsquo;ya dolu\u015fmalar\u0131 (14 ve 15. y\u00fczy\u0131l),<\/span><\/p>\n<p style=\"margin-bottom: 0.0001pt; text-align: justify; text-indent: 1cm; line-height: 16pt;\"><span style=\"font-size: 12.5pt; font-family: Arial, sans-serif;\">2- Kabbalac\u0131 Kristof Kolomb gibilerin giri\u015fimleriyle, M\u00fcsl\u00fcman \u00e2limlerin eserlerinden yerlerini \u00f6\u011frendikleri Amerika gibi yeni yerle\u015fim alanlar\u0131na ula\u015f\u0131p buralarda gizli g\u00fc\u00e7 ve iktidar kazanmalar\u0131,<\/span><\/p>\n<p style=\"margin-bottom: 0.0001pt; text-align: justify; text-indent: 1cm; line-height: 16pt;\"><span style=\"font-size: 12.5pt; font-family: Arial, sans-serif;\">3- &ldquo;Merkezi muhitten ku\u015fatmak, Arz-\u0131 Mev&rsquo;ud hayaline t\u00fcm \u00fclkelerin deste\u011fi ile ula\u015fmak&rdquo; hedefinin ilk ad\u0131m\u0131 olan bu &ldquo;d\u00fcnyaya da\u011f\u0131lma&rdquo; projesi 1650&rsquo;de tamamlan\u0131nca bu sefer; Yahudi d\u00fc\u015fman\u0131 ve Siyonizm kar\u015f\u0131t\u0131 Katolik kilisenin otoritesini\u00a0y\u0131kma \u00e7al\u0131\u015fmalar\u0131na ba\u015flamalar\u0131,<\/span><\/p>\n<p style=\"margin-bottom: 0.0001pt; text-align: justify; text-indent: 1cm; line-height: 16pt;\"><span style=\"font-size: 12.5pt; font-family: Arial, sans-serif;\">4- Bu ama\u00e7la, daha \u00f6nce sapt\u0131rd\u0131klar\u0131 Tap\u0131nak \u015e\u00f6valyeleri gibi Hristiyan \u00e7evreleri kendi yanlar\u0131na alarak Papa&rsquo;ya kar\u015f\u0131 k\u0131\u015fk\u0131rtmalar\u0131,<\/span><\/p>\n<p style=\"margin-bottom: 0.0001pt; text-align: justify; text-indent: 1cm; line-height: 16pt;\"><span style=\"font-size: 12.5pt; font-family: Arial, sans-serif;\">5- Ard\u0131ndan H\u00fcmanizm ve R\u00f6nesans gibi parlak propagandalar sonucu Dinde Reform giri\u015fimleriyle Protestanl\u0131\u011f\u0131 kurmalar\u0131 ve Papa&rsquo;ya kar\u015f\u0131 kullanmalar\u0131,<\/span><\/p>\n<p style=\"margin-bottom: 0.0001pt; text-align: justify; text-indent: 1cm; line-height: 16pt;\"><span style=\"font-size: 12.5pt; font-family: Arial, sans-serif;\">6- Bunlar\u0131n sonucu ger\u00e7ekle\u015ftirdikleri Frans\u0131z Devrimi ve \u0130talya&rsquo;da Ulusal Devlet giri\u015fimi sonucu Papal\u0131\u011f\u0131n siyasi g\u00fcc\u00fcn\u00fc ve Kilise Otoritesini tamamen y\u0131kmalar\u0131,<\/span><\/p>\n<p style=\"margin-bottom: 0.0001pt; text-align: justify; text-indent: 1cm; line-height: 16pt;\"><span style=\"font-size: 12.5pt; font-family: Arial, sans-serif;\">7- T\u00fcm Avrupa ve Amerika&rsquo;da dini d\u0131\u015flayan ve ahl\u00e2ki de\u011ferleri la\u00e7kala\u015ft\u0131ran &ldquo;Yeni Sek\u00fcler D\u00fczen&rdquo;leri kurmalar\u0131,<\/span><\/p>\n<p style=\"margin-bottom: 0.0001pt; text-align: justify; text-indent: 1cm; line-height: 16pt;\"><span style=\"font-size: 12.5pt; font-family: Arial, sans-serif;\">8- D\u00fcnya&#8217;ya da\u011f\u0131t\u0131lan Yahudilerin Filistin&rsquo;e toplanmas\u0131 ve \u0130srail&rsquo;in kurulmas\u0131 \u00f6n\u00fcnde en b\u00fcy\u00fck engel g\u00f6rd\u00fckleri Osmanl\u0131&rsquo;y\u0131, J\u00f6n T\u00fcrkler\u00a0ve \u0130ttihat Terakki masonlar\u0131 marifetiyle, \u00f6nce y\u00f6netimini ele ge\u00e7irip sonra 1. D\u00fcnya sava\u015f\u0131na itip par\u00e7alamalar\u0131,<\/span><\/p>\n<p style=\"margin-bottom: 0.0001pt; text-align: justify; text-indent: 1cm; line-height: 16pt;\"><span style=\"font-size: 12.5pt; font-family: Arial, sans-serif;\">9- \u0130ngilizlerin Filistin&rsquo;i i\u015fgal edip, gerekli zemini haz\u0131rlad\u0131ktan sonra, buray\u0131 Yahudilere\u00a0b\u0131rak\u0131p bo\u015faltmalar\u0131,<\/span><\/p>\n<p style=\"margin-bottom: 0.0001pt; text-align: justify; text-indent: 1cm; line-height: 16pt;\"><span style=\"font-size: 12.5pt; font-family: Arial, sans-serif;\">10- Rahata al\u0131\u015fm\u0131\u015f Yahudilerin Avrupa&rsquo;y\u0131 b\u0131rak\u0131p Filistin&rsquo;e g\u00f6\u00e7 etmelerini sa\u011flamak \u00fczere, zaten \u0131rk\u00e7\u0131 ve ink\u00e2rc\u0131 bir d\u00fc\u015f\u00fcnceye sahip Hitler&rsquo;le anla\u015f\u0131p, sakat, hasta ve ihtiyar Yahudileri de g\u00f6zden \u00e7\u0131kar\u0131p, &ldquo;soyk\u0131r\u0131m senaryolar\u0131n\u0131&rdquo; haz\u0131rlamalar\u0131,<\/span><\/p>\n<p style=\"margin-bottom: 0.0001pt; text-align: justify; text-indent: 1cm; line-height: 16pt;\"><span style=\"font-size: 12.5pt; font-family: Arial, sans-serif;\">11- 2. D\u00fcnya Sava\u015f\u0131&rsquo;n\u0131 k\u00f6r\u00fckleyip Siyonizm&rsquo;e kar\u015f\u0131 \u00e7\u0131kacak b\u00fct\u00fcn \u00fclkeleri vuru\u015fturup ekonomik ve siyasi y\u00f6nden zay\u0131flatmalar\u0131,<\/span><\/p>\n<p style=\"margin-bottom: 0.0001pt; text-align: justify; text-indent: 1cm; line-height: 16pt;\"><span style=\"font-size: 12.5pt; font-family: Arial, sans-serif;\">12- Sultan Abd\u00fclhamid, hayatta oldu\u011fu m\u00fcddet\u00e7e kurdurmad\u0131\u011f\u0131 halde&#8230; Daha \u00f6nce d\u00fcnyan\u0131n her taraf\u0131na yollad\u0131klar\u0131 Yahudilerden bir d\u00f6nmeyi, o \u00fclkelerin temsilcisi gibi g\u00f6sterip, s\u00f6zde d\u00fcnya bar\u0131\u015f\u0131n\u0131 korumak \u00fczere Birle\u015fmi\u015f Milletler Te\u015fkilat\u0131n\u0131 olu\u015fturup kullanmaya ba\u015flamalar\u0131,<\/span><\/p>\n<p style=\"margin-bottom: 0.0001pt; text-align: justify; text-indent: 1cm; line-height: 16pt;\"><span style=\"font-size: 12.5pt; font-family: Arial, sans-serif;\">13- BM&rsquo;nin ilk karar\u0131 olarak \u0130srail&rsquo;i resmen tan\u0131malar\u0131,<\/span><\/p>\n<p style=\"margin-bottom: 0.0001pt; text-align: justify; text-indent: 1cm; line-height: 16pt;\"><span style=\"font-size: 12.5pt; font-family: Arial, sans-serif;\">14- 1967 Sava\u015f\u0131&rsquo;yla\u00a0Filistin topraklar\u0131n\u0131 ve Kud\u00fcs&rsquo;\u00fc tamamen i\u015fgal edip b\u00fct\u00fcn M\u00fcsl\u00fcmanlar\u0131 sindirmeleri veya s\u00fcrg\u00fcne mecbur b\u0131rakmalar\u0131,<\/span><\/p>\n<p style=\"margin-bottom: 0.0001pt; text-align: justify; text-indent: 1cm; line-height: 16pt;\"><span style=\"font-size: 12.5pt; font-family: Arial, sans-serif;\">15- Siyonizm ve ABD emperyalizminin \u00f6n\u00fcnde kalan en son engel olarak g\u00f6rd\u00fckleri \u0130slam&rsquo;\u0131 yozla\u015ft\u0131rmak ve M\u00fcsl\u00fcmanlar\u0131 ruhen k\u0131s\u0131rla\u015ft\u0131rmak \u00fczere; Layt-Il\u0131ml\u0131 \u0130slam safsatalar\u0131n\u0131 ve Dinleraras\u0131 Diyalog \u00e7al\u0131\u015fmalar\u0131n\u0131 yayg\u0131nla\u015ft\u0131rmalar\u0131.<\/span><\/p>\n<p style=\"margin-bottom: 0.0001pt; text-align: justify; text-indent: 1cm; line-height: 16pt;\"><strong><span style=\"font-size: 12.5pt; font-family: Arial, sans-serif;\">Dinleraras\u0131 Diyalog Tuza\u011f\u0131!<\/span><\/strong><\/p>\n<p style=\"margin-bottom: 0.0001pt; text-align: justify; text-indent: 1cm; line-height: 16pt;\"><strong><span style=\"font-size: 12.5pt; font-family: Arial, sans-serif;\">Art\u0131k Siyonizm&rsquo;in g\u00fcd\u00fcm\u00fcne girmi\u015f bulunan Vatikan&rsquo;\u0131n misyonerlik ve diyalog kurumunun baz\u0131 esaslar\u0131 ve ama\u00e7lar\u0131:<\/span><\/strong><\/p>\n<p style=\"margin-bottom: 0.0001pt; text-align: justify; text-indent: 1cm; line-height: 16pt;\"><strong><span style=\"font-size: 12.5pt; font-family: Arial, sans-serif;\">a-\u00a0Yeg\u00e2ne Hak din ve kurtulu\u015f \u00e7aresi Hristiyanl\u0131kt\u0131r. M\u00fcsl\u00fcmanl\u0131k dahil di\u011fer b\u00fct\u00fcn dinler sap\u0131kl\u0131kt\u0131r.<\/span><\/strong><\/p>\n<p style=\"margin-bottom: 0.0001pt; text-align: justify; text-indent: 1cm; line-height: 16pt;\"><strong><span style=\"font-size: 12.5pt; font-family: Arial, sans-serif;\">b- Orta Asya&rsquo;n\u0131n hidayete kavu\u015fmas\u0131 (yani Hristiyanla\u015fmas\u0131)\u00a0 i\u00e7in T\u00fcrkiye hedef \u00fclke konumundad\u0131r.<\/span><\/strong><\/p>\n<p style=\"margin-bottom: 0.0001pt; text-align: justify; text-indent: 1cm; line-height: 16pt;\"><strong><span style=\"font-size: 12.5pt; font-family: Arial, sans-serif;\">c- Bu maksatla, Diyalog \u00e7al\u0131\u015fmalar\u0131 i\u00e7in her \u00fclkenin kendi i\u00e7inden ve toplumun ra\u011fbet etti\u011fi ki\u015filerden elemanlar bulunmal\u0131 ve i\u015fbirli\u011fi yap\u0131lmal\u0131d\u0131r.<\/span><\/strong><\/p>\n<p style=\"margin-bottom: 0.0001pt; text-align: justify; text-indent: 1cm; line-height: 16pt;\"><strong><span style=\"font-size: 12.5pt; font-family: Arial, sans-serif;\">Peki, yazd\u0131\u011f\u0131 kitapta <em>&ldquo;Diyalog, Hristiyanl\u0131\u011f\u0131 yayma arac\u0131d\u0131r&rdquo;<\/em> diyen ve ama sonunda Fetullah G\u00fclen&rsquo;le Diyalog \u00e7al\u0131\u015fmalar\u0131n\u0131 y\u00fcr\u00fcten Prof. Suat Y\u0131ld\u0131r\u0131m gibilere sormak laz\u0131md\u0131: Siz mi de\u011fi\u015fip sap\u0131tt\u0131n\u0131z, yoksa Vatikan m\u0131 de\u011fi\u015fip \u0130slamla\u015ft\u0131?<\/span><\/strong><\/p>\n<p style=\"margin-bottom: 0.0001pt; text-align: justify; text-indent: 1cm; line-height: 16pt;\"><span style=\"font-size: 12.5pt; font-family: Arial, sans-serif;\">16- Amerikan Yahudileri Samuel Huntington ve Bernard Levis gibi Siyonistlerin ortaya att\u0131\u011f\u0131 &ldquo;Medeniyetler \u00e7at\u0131\u015fmas\u0131&rdquo;n\u0131n bir uzant\u0131s\u0131 olarak 11 Eyl\u00fcl sald\u0131r\u0131lar\u0131 bahane edilerek; M\u00fcsl\u00fcmanlar Radikal-Anar\u015fist g\u00f6sterilerek Afganistan&rsquo;\u0131, sonra Irak&rsquo;\u0131 i\u015fgal etmeleri ve M\u00fcsl\u00fcman halka ac\u0131mas\u0131z bir soyk\u0131r\u0131ma ba\u015flamalar\u0131 ve b\u00fct\u00fcn yer alt\u0131 ve yer \u00fcst\u00fc zenginliklerimizi ya\u011fmalamalar\u0131,<\/span><\/p>\n<p style=\"margin-bottom: 0.0001pt; text-align: justify; text-indent: 1cm; line-height: 16pt;\"><span style=\"font-size: 12.5pt; font-family: Arial, sans-serif;\">17- &ldquo;Ter\u00f6re yard\u0131mc\u0131l\u0131k, n\u00fckleer haz\u0131rl\u0131k&rdquo; gibi bahanelerle \u015fimdi Suriye ve \u0130ran&rsquo;a\u00a0ard\u0131ndan son ve as\u0131l hedef olarak -AB batakl\u0131\u011f\u0131nda bo\u011famazlarsa- T\u00fcrkiye&rsquo;ye sald\u0131r\u0131 planlar\u0131,<\/span><\/p>\n<p style=\"margin-bottom: 0.0001pt; text-align: justify; text-indent: 1cm; line-height: 16pt;\"><span style=\"font-size: 12.5pt; font-family: Arial, sans-serif;\">18- Ve b\u00fct\u00fcn \u0130slam \u00fclkelerini k\u0131zd\u0131r\u0131p k\u0131\u015fk\u0131rtmak ve hepsine birden sald\u0131r\u0131p ortadan kald\u0131rmak \u00fczere Mescid-i Aksa&rsquo;y\u0131 ve Kubbet&rsquo;\u00fcs Sahra&rsquo;y\u0131 y\u0131kmalar\u0131,<\/span><\/p>\n<p style=\"margin-bottom: 0.0001pt; text-align: justify; text-indent: 1cm; line-height: 16pt;\"><span style=\"font-size: 12.5pt; font-family: Arial, sans-serif;\">19- Arkas\u0131ndan i\u00e7lerinden bir Siyonist&rsquo;i Mesih ilan edip, onun \u00f6nderli\u011finde d\u00fcnya h\u00e2kimiyetine ula\u015fmalar\u0131&#8230;<\/span><\/p>\n<p style=\"margin-bottom: 0.0001pt; text-align: justify; text-indent: 1cm; line-height: 16pt;\"><strong><span style=\"font-size: 12.5pt; font-family: Arial, sans-serif;\">B\u00fct\u00fcn bunlara &ldquo;komplo teorileri&rdquo; diyenler, ya ak\u0131l fukaras\u0131 bir zavall\u0131d\u0131r veya bu Siyonist senaryolar\u0131 bilerek gizlemeye \u00e7al\u0131\u015fan bir ajand\u0131r. Ve zaten \u015feytani planlar\u0131n son iki maddesi hari\u00e7 di\u011ferleri fiilen ya\u015fanm\u0131\u015f ve maalesef\u00a0ba\u015far\u0131lm\u0131\u015ft\u0131r. <\/span><\/strong><span style=\"font-size: 12.5pt; font-family: Arial, sans-serif;\">Ve unutmayal\u0131m ki bu geli\u015fmelerin hepsi, elbette Allah&rsquo;\u0131n takdiri ve iradesi \u00e7er\u00e7evesinde yap\u0131lm\u0131\u015ft\u0131r. Hz. Peygamber Efendimiz de bu geli\u015fmelerin ya\u015fanaca\u011f\u0131n\u0131 hadisleriyle haber vermi\u015f ve bunlar aynen \u00e7\u0131km\u0131\u015ft\u0131r.<\/span><\/p>\n<p style=\"margin-bottom: 0.0001pt; text-align: justify; text-indent: 1cm; line-height: 16pt;\"><strong><span style=\"font-size: 12.5pt; font-family: Arial, sans-serif;\">Ancak, b\u00fct\u00fcn bu hadiselerin ard\u0131ndan ya\u015fanacak; Rahmani G\u00fc\u00e7lerle \u015eeytani G\u00fc\u00e7lerin kap\u0131\u015faca\u011f\u0131 Armageddon sava\u015f\u0131n\u0131, Hz. Mehdi&rsquo;nin sad\u0131k takip\u00e7ilerinin komutas\u0131ndaki m\u00fc&rsquo;minlerin ve Milli G\u00fc\u00e7lerin kazanaca\u011f\u0131n\u0131\u00a0ve Siyonist s\u00f6m\u00fcr\u00fc ve zul\u00fcm saltanat\u0131 Deccalizmin y\u0131k\u0131l\u0131p, yeni bir Saadet Medeniyetinin kurulaca\u011f\u0131n\u0131 da m\u00fcjdeleyip a\u00e7\u0131klam\u0131\u015ft\u0131r. <\/span><\/strong><span style=\"font-size: 12.5pt; font-family: Arial, sans-serif;\">Bu mutlu ve kutlu geli\u015fmelerin; Hicri 1400. y\u0131llar\u0131n ilk \u00e7eyre\u011finin ard\u0131ndan vuku bulaca\u011f\u0131 y\u00f6n\u00fcnde de \u00e7ok sa\u011flam haberler vard\u0131r. \u00c7a\u011f\u0131m\u0131z\u0131n en b\u00fcy\u00fck \u00e2limlerinden Hicri 13. asr\u0131n m\u00fcceddidi Bedi\u00fczzaman Hz.leri de kendisinden sonra Hz. Mehdi&rsquo;nin\u00a0g\u00f6reve ba\u015flayaca\u011f\u0131n\u0131, arada ba\u015fkas\u0131n\u0131n bulunmayaca\u011f\u0131n\u0131, Hz. Mehdi&rsquo;nin Hicri 14. asr\u0131n m\u00fcceddidi olaca\u011f\u0131n\u0131 ve s\u0131ra ile &ldquo;Siyaset, Diyanet ve Hilafet&rdquo; dairelerinde hizmet yap\u0131p haz\u0131rl\u0131klar\u0131n\u0131 tamamlad\u0131ktan sonra sad\u0131k takip\u00e7ilerinin h\u00e2kimiyet kuraca\u011f\u0131n\u0131 ifade ve i\u015faret buyurmu\u015flard\u0131r.<\/span><\/p>\n<p style=\"margin-bottom: 0.0001pt; text-align: justify; text-indent: 1cm; line-height: 16pt;\"><strong><span style=\"font-size: 12.5pt; font-family: Arial, sans-serif;\">Atat\u00fcrk&rsquo;\u00fcn Milli de\u011ferlerimizi ve manevi dinamiklerimizi ebediyen diri tutmak ve resmen bu inan\u00e7 ve ideallerimize terc\u00fcman olmak \u00fczere; Mehmet Akif&rsquo;in \u015fuurlu ve co\u015fkulu \u015fiirini \u0130stiklal Mar\u015f\u0131 olarak se\u00e7tirmesi de olduk\u00e7a \u00f6nemli ve anlaml\u0131d\u0131r.<\/span><\/strong><\/p>\n<p style=\"margin-bottom: 0.0001pt; text-align: justify; text-indent: 1cm; line-height: 16pt;\"><strong><em><span style=\"font-size: 12.5pt; font-family: Arial, sans-serif;\">&ldquo;Do\u011facakt\u0131r sana, vaad etti\u011fi g\u00fcnler, Hakk\u0131n<\/span><\/em><\/strong><\/p>\n<p style=\"margin-bottom: 0.0001pt; text-align: justify; text-indent: 1cm; line-height: 16pt;\"><strong><em><span style=\"font-size: 12.5pt; font-family: Arial, sans-serif;\">Kim bilir, belki yar\u0131n, belki yar\u0131ndan da yak\u0131n.&rdquo;<\/span><\/em><\/strong><\/p>\n<p style=\"margin-bottom: 0.0001pt; text-align: justify; text-indent: 1cm; line-height: 16pt;\"><strong><span style=\"font-size: 12.5pt; font-family: Arial, sans-serif;\">Evet zafer inananlar\u0131nd\u0131r ve zafer yak\u0131nd\u0131r<\/span><\/strong><\/p>\n<p style=\"margin-bottom: 0.0001pt; text-align: justify; text-indent: 1cm; line-height: 16pt;\"><span style=\"font-size: 12.5pt; font-family: Arial, sans-serif;\">T\u00fcrkiye merkezli yeni bir Kuvay-\u0131 Milliye devrimi ile ba\u015flayacak ve \u015feytani g\u00fc\u00e7lerin Ortado\u011fu&rsquo;da ve Akdeniz&rsquo;de bo\u011fulmas\u0131 ve Siyonist Deccalizmin Filistin&rsquo;den kovulmas\u0131yla kesin ba\u015far\u0131ya ula\u015facak olan Mehdiyet Medeniyeti, mutlaka kurulacak ve b\u00fct\u00fcn insanl\u0131k bu zul\u00fcm ve zilletten, bu s\u00f6m\u00fcr\u00fc ve sefaletten kurtulacakt\u0131r.<\/span><\/p>\n<p style=\"margin-bottom: 0.0001pt; text-align: justify; text-indent: 1cm; line-height: 16pt;\"><strong><span style=\"font-size: 14.5pt; font-family: Arial, sans-serif;\">Mehdiyet G\u00fcne\u015finin Do\u011fmas\u0131 ve Mesihiyet \u0130nk\u0131lab\u0131 Yak\u0131nd\u0131r!<\/span><\/strong><\/p>\n<p style=\"margin-bottom: 0.0001pt; text-align: justify; text-indent: 1cm; line-height: 16pt;\"><span style=\"font-size: 12.5pt; font-family: Arial, sans-serif;\">Din; hem saadet sistemi hem de imtihan vesilesidir. B\u00fct\u00fcn peygamberlerin ve Hak Dava \u00f6nderlerinin birtak\u0131m engellerden ve s\u0131k\u0131nt\u0131 d\u00f6nemlerinden ge\u00e7mesi takdir edilmi\u015ftir. Bu s\u0131k\u0131nt\u0131 ve sars\u0131nt\u0131 s\u00fcreci bitince, zafer yak\u0131n demektir. Bak\u0131n\u0131z, Hz. Peygamberimiz (SAV) M\u00fcddessir Suresi&rsquo;nin ilk ayetlerinden sonra <strong><em>&ldquo;Ey \u00f6rt\u00fcs\u00fcne b\u00fcr\u00fcnen, kalk ve (halk\u0131) uyar&rdquo;[24]\u00a0<\/em><\/strong>emri gere\u011fi risaleti ve tebli\u011f g\u00f6revi fiilen ba\u015flam\u0131\u015ft\u0131r. <\/span><\/p>\n<p style=\"margin-bottom: 0.0001pt; text-align: justify; text-indent: 1cm; line-height: 16pt;\"><span style=\"font-size: 12.5pt; font-family: Arial, sans-serif;\">Bi&rsquo;setin ilk 3 y\u0131l\u0131nda gizli ve \u00f6zel davet yap\u0131lm\u0131\u015ft\u0131r ve bu s\u00fcre i\u00e7inde sadece 30 ki\u015fi M\u00fcsl\u00fcman olmu\u015f ve Hz. Peygamberin saf\u0131na kat\u0131lm\u0131\u015ft\u0131r. Miladi 614, yani bi&rsquo;setin 4&rsquo;\u00fcnc\u00fc y\u0131l\u0131nda, Hicr Suresi 94. ayetinden sonra ise &ldquo;a\u00e7\u0131k tebli\u011f&rdquo; d\u00f6nemi a\u00e7\u0131lm\u0131\u015ft\u0131r. <\/span><\/p>\n<p style=\"margin-bottom: 0.0001pt; text-align: justify; text-indent: 1cm; line-height: 16pt;\"><strong><span style=\"font-size: 14pt; font-family: Arial, sans-serif;\">Bundan sonra M\u00fc\u015frikler M\u00fcsl\u00fcmanlara kar\u015f\u0131; <\/span><\/strong><\/p>\n<p style=\"margin-bottom: 0.0001pt; text-align: justify; text-indent: 1cm; line-height: 16pt;\"><strong><span style=\"font-size: 12.5pt; font-family: Arial, sans-serif;\">1. Bir m\u00fcddet <em>&ldquo;sans\u00fcr ve Kur&rsquo;an&rsquo;\u0131 dinletmeme&rdquo;<\/em> yani \u0130slam&rsquo;\u0131n ger\u00e7e\u011fini gizleme ve cehaletten istifade etme gayretini s\u00fcrd\u00fcrm\u00fc\u015fler.<\/span><\/strong><\/p>\n<p style=\"margin-bottom: 0.0001pt; text-align: justify; text-indent: 1cm; line-height: 16pt;\"><strong><span style=\"font-size: 12.5pt; font-family: Arial, sans-serif;\">2. Arkas\u0131ndan <em>&ldquo;\u00f6nem vermiyor g\u00f6z\u00fckme ve alay etme&rdquo;<\/em> d\u00f6nemine ge\u00e7mi\u015fler, bu da etkili olmay\u0131nca, Peygamberimize makam ve menfaat va&rsquo;adetmeyi ve \u00e7e\u015fitli tehditlerle davas\u0131ndan d\u00f6nd\u00fcrmeyi denemi\u015fler.<\/span><\/strong><\/p>\n<p style=\"margin-bottom: 0.0001pt; text-align: justify; text-indent: 1cm; line-height: 16pt;\"><strong><span style=\"font-size: 12.5pt; font-family: Arial, sans-serif;\">3. B\u00fct\u00fcn bunlar tutmay\u0131nca, fakirlerden ve k\u00f6lelerden ba\u015flayarak, <em>zul\u00fcm ve i\u015fkenceye<\/em> yeltenmi\u015flerdir. Bu arada miladi 616 y\u0131l\u0131 ba\u015flar\u0131nda Hz. Hamza ve Hz. \u00d6mer&rsquo;in \u0130slam&rsquo;a giri\u015fleriyle, M\u00fcsl\u00fcmanlar\u0131n \u00f6nemli bir moral ve mukavemet g\u00fcc\u00fc kazand\u0131klar\u0131 g\u00f6r\u00fclmektedir.<\/span><\/strong><\/p>\n<p style=\"margin-bottom: 0.0001pt; text-align: justify; text-indent: 1cm; line-height: 16pt;\"><strong><span style=\"font-size: 12.5pt; font-family: Arial, sans-serif;\">Miladi 617 ba\u015flar\u0131na do\u011fru M\u00fcsl\u00fcmanlar ve Beni Ha\u015fim (Efendimizin yak\u0131n akrabalar\u0131) Mekke&rsquo;nin Ebu Talib mahallesinde ku\u015fatma alt\u0131na al\u0131n\u0131p genel bir ambargo uygulanmaya ba\u015flanm\u0131\u015f. Ve bu ekonomik, siyasi ve sosyal boyutlu ac\u0131mas\u0131z ambargoyu tam 3 y\u0131l s\u00fcrd\u00fcrm\u00fc\u015fleridir. N\u00fcb\u00fcvvetin onuncu y\u0131l\u0131nda, yani miladi 619&rsquo;da M\u00fcsl\u00fcmanlar bu k\u0131ska\u00e7tan kurtulduktan 7-8 ay sonra Efendimizin amcas\u0131 Ebu Talib&rsquo;le, muhterem e\u015fi Hz. Hatice&rsquo;nin vefatlar\u0131 &ldquo;H\u00fcz\u00fcn senesi&rdquo; olarak ya\u015fan\u0131p tarihe ge\u00e7mi\u015ftir.<\/span><\/strong><\/p>\n<p style=\"margin-bottom: 0.0001pt; text-align: justify; text-indent: 1cm; line-height: 16pt;\"><strong><span style=\"font-size: 12.5pt; font-family: Arial, sans-serif;\">4. Bunlar\u0131n arkas\u0131ndan, <em>&ldquo;\u0130slam davas\u0131n\u0131 yozla\u015ft\u0131rma ve hedefinden sapt\u0131rma&rdquo;<\/em> niyetiyle, s\u00f6zde bar\u0131\u015f ve uzla\u015fma teklifi yap\u0131lm\u0131\u015f, Velid Bin Mu\u011fire ve Utbe bin Rabia gibi hatip ve hat\u0131rl\u0131 m\u00fc\u015friklerin Efendimize gelip, &ldquo;dinlerini kar\u0131\u015ft\u0131rma ve bar\u0131\u015ft\u0131rma&rdquo; giri\u015fimleri de sonu\u00e7 vermemi\u015ftir.[25]<\/span><\/strong><\/p>\n<p style=\"margin-bottom: 0.0001pt; text-align: justify; text-indent: 1cm; line-height: 16pt;\"><strong><span style=\"font-size: 12.5pt; font-family: Arial, sans-serif;\">5. B\u00fct\u00fcn bunlarda ba\u015far\u0131s\u0131z kalan Kurey\u015f m\u00fc\u015frikleri yakla\u015fan Hac mevsiminde hep bir a\u011f\u0131zdan <em>&ldquo;Efendimizi su\u00e7lamak ve karalamak&rdquo;<\/em> \u00fczere iftira kampanyas\u0131n\u0131 ba\u015flat\u0131p en adi ve as\u0131ls\u0131z iddialar\u0131 Peygamberimize ve ailesine reva g\u00f6rm\u00fc\u015flerdir.[26]<\/span><\/strong><\/p>\n<p style=\"margin-bottom: 0.0001pt; text-align: justify; text-indent: 1cm; line-height: 16pt;\"><strong><span style=\"font-size: 12.5pt; font-family: Arial, sans-serif;\">6. Bu ahl\u00e2ks\u0131z davran\u0131\u015flar\u0131 da bo\u015fa \u00e7\u0131k\u0131nca, sonunda <em>&ldquo;silahl\u0131 bir darbe cinsinden&rdquo;<\/em> her kabileden se\u00e7ilen e\u015fk\u0131yalarla, Efendimizi \u00f6ld\u00fcrmek, s\u00fcrg\u00fcne g\u00f6ndermek veya hapsetmek sureti ile cemaatini ba\u015fs\u0131z b\u0131rak\u0131p da\u011f\u0131tmaya karar vermi\u015flerdir. Ancak miladi: 622 y\u0131l\u0131nda Hicret izni verilmi\u015f ve Medine&rsquo;ye g\u00f6\u00e7 edilmi\u015ftir.<\/span><\/strong><\/p>\n<p style=\"margin-bottom: 0.0001pt; text-align: justify; text-indent: 1cm; line-height: 16pt;\"><strong><span style=\"font-size: 12.5pt; font-family: Arial, sans-serif;\">7. Medine&rsquo;de \u0130slami devletin temelinin at\u0131lmas\u0131 ve davetin yayg\u0131nla\u015fmas\u0131yla, bu sefer, <em>&ldquo;m\u00fcnaf\u0131klar zuhur etmeye ve zehirlerini d\u00f6kmeye&rdquo; <\/em>giri\u015fmi\u015flerdir.[27]<\/span><\/strong><\/p>\n<p style=\"margin-bottom: 0.0001pt; text-align: justify; text-indent: 1cm; line-height: 16pt;\"><strong><span style=\"font-size: 12.5pt; font-family: Arial, sans-serif;\">8. Ard\u0131ndan m\u00fc\u015frikler ve m\u00fcnaf\u0131klar birle\u015ferek <em>&ldquo;zorla ve silahl\u0131 ordularla \u0130slam&rsquo;\u0131 sindirmeye ve Allah&rsquo;\u0131n nurunu s\u00f6nd\u00fcrmeye&rdquo; <\/em>karar vermi\u015fler. Ama ne Uhud (M. 624 y\u0131l\u0131), ne Bir-i Maune olay\u0131 (70 tebli\u011fci Sahabenin tuza\u011fa d\u00fc\u015f\u00fcr\u00fcl\u00fcp \u015fehit edilmesi) (M. 627), ne de Hendek harbi ve Medine ku\u015fatmas\u0131yla (M. 628) ama\u00e7lar\u0131n\u0131 elde edememi\u015flerdir.<\/span><\/strong><\/p>\n<p style=\"margin-bottom: 0.0001pt; text-align: justify; text-indent: 1cm; line-height: 16pt;\"><strong><span style=\"font-size: 12.5pt; font-family: Arial, sans-serif;\">9. Bu sefer \u00e7aresiz kal\u0131p <em>&ldquo;bar\u0131\u015fa mecburiyete ve \u0130slam&rsquo;\u0131n g\u00fcc\u00fcn\u00fc kabullenmeye&rdquo;[28]\u00a0<\/em>r\u0131za g\u00f6stermi\u015flerdir.<\/span><\/strong><\/p>\n<p style=\"margin-bottom: 0.0001pt; text-align: justify; text-indent: 1cm; line-height: 16pt;\"><strong><span style=\"font-size: 12.5pt; font-family: Arial, sans-serif;\">Ve sonunda, Mekke&rsquo;nin Fethiyle, tamamen teslimiyet d\u00f6nemine girilmi\u015f ve k\u00fcfr\u00fcn k\u00f6k\u00fc kesilmi\u015ftir[29]<\/span><\/strong><\/p>\n<p style=\"margin-bottom: 0.0001pt; text-align: justify; text-indent: 1cm; line-height: 16pt;\"><span style=\"font-size: 12.5pt; font-family: Arial, sans-serif;\"> Bunun \u00fczerine \u0130slam&rsquo;\u0131n evrensel davet d\u00f6nemi ba\u015flam\u0131\u015f Hz. Peygamberin Bizans&rsquo;a, \u0130ran&rsquo;a, Habe\u015fistan&rsquo;a, M\u0131s\u0131r&rsquo;a, Yemame&rsquo;ye el\u00e7iler g\u00f6ndermesini \u00f6nleyememi\u015flerdir.[30]<\/span><\/p>\n<p style=\"margin-bottom: 0.0001pt; text-align: justify; text-indent: 1cm; line-height: 16pt;\"><strong><span style=\"font-size: 14pt; font-family: Arial, sans-serif;\">\u0130\u015fte bu y\u00fczden, \u00e7a\u011f\u0131m\u0131zda Hakk\u0131n temsilcisi ve hayr\u0131n takip\u00e7isi olan Milli siyasete ve Mehdiyet hareketine kar\u015f\u0131 da; <\/span><\/strong><\/p>\n<p style=\"margin-bottom: 0.0001pt; text-align: justify; text-indent: 1cm; line-height: 16pt;\"><strong><span style=\"font-size: 12.5pt; font-family: Arial, sans-serif;\">1- (1969-1971) Sans\u00fcr d\u00f6nemi ve milli dirili\u015f hareketini halktan gizleme devresidir.<\/span><\/strong><\/p>\n<p style=\"margin-bottom: 0.0001pt; text-align: justify; text-indent: 1cm; line-height: 16pt;\"><strong><span style=\"font-size: 12.5pt; font-family: Arial, sans-serif;\">2- (1972-1973) Alay etme, k\u00fc\u00e7\u00fck d\u00fc\u015f\u00fcrme ve \u00f6nemsiz g\u00f6rme d\u00f6nemidir. <\/span><\/strong><\/p>\n<p style=\"margin-bottom: 0.0001pt; text-align: justify; text-indent: 1cm; line-height: 16pt;\"><strong><span style=\"font-size: 12.5pt; font-family: Arial, sans-serif;\">3- (1973-1974) Koalisyona mecbur b\u0131rakma ve bu yolla Milli siyaseti y\u0131pratma ve yozla\u015ft\u0131rma denemesidir. <\/span><\/strong><\/p>\n<p style=\"margin-bottom: 0.0001pt; text-align: justify; text-indent: 1cm; line-height: 16pt;\"><strong><span style=\"font-size: 12.5pt; font-family: Arial, sans-serif;\">4- Zul\u00fcm ve i\u015fkence d\u00f6nemi (1973-1983 aras\u0131) inan\u00e7l\u0131 kadrolar\u0131 s\u00fcrg\u00fcne g\u00f6nderme, i\u015fine son verme, faili me\u00e7hul cinayetlere kurban etme, hapis, karakol ve i\u015fkence s\u00fcrecidir.<\/span><\/strong><\/p>\n<p style=\"margin-bottom: 0.0001pt; text-align: justify; text-indent: 1cm; line-height: 16pt;\"><strong><span style=\"font-size: 12.5pt; font-family: Arial, sans-serif;\">5- \u0130ftira kampanyalar\u0131: 1970&rsquo;ten g\u00fcn\u00fcm\u00fcze devam etmektedir ve her t\u00fcrl\u00fc karalama yolu denenmektedir.<\/span><\/strong><\/p>\n<p style=\"margin-bottom: 0.0001pt; text-align: justify; text-indent: 1cm; line-height: 16pt;\"><strong><span style=\"font-size: 12.5pt; font-family: Arial, sans-serif;\">6-<\/span><\/strong><strong><span style=\"font-size: 12.5pt; font-family: Arial, sans-serif;\">\u00a0\u00a0\u00a0<\/span><\/strong><strong><span style=\"font-size: 12.5pt; font-family: Arial, sans-serif;\">Askeri ihtilal d\u00f6nemi: 12 Eyl\u00fcl 1980 gibi a\u00e7\u0131k ve 28 \u015eubat gibi gizli darbelerin de hepsi bu kutlu hareketin \u00f6n\u00fcn\u00fc kesmeye y\u00f6neliktir. Ama ne var ki amac\u0131na eri\u015fememi\u015ftir.<\/span><\/strong><\/p>\n<p style=\"margin-bottom: 0.0001pt; text-align: justify; text-indent: 1cm; line-height: 16pt;\"><strong><span style=\"font-size: 12.5pt; font-family: Arial, sans-serif;\">7-<\/span><\/strong><strong><span style=\"font-size: 12.5pt; font-family: Arial, sans-serif;\">\u00a0M\u00fcnaf\u0131kl\u0131k<\/span><\/strong><strong><span style=\"font-size: 12.5pt; font-family: Arial, sans-serif;\"> ve i\u00e7ten y\u0131kma giri\u015fimi: 12 Eyl\u00fcl&rsquo;den sonra &ldquo;bu i\u015f partiyle olmaz, bu i\u015f ya\u015fl\u0131larla olmaz&rdquo; iddialar\u0131 yayg\u0131nla\u015fm\u0131\u015f, \u00e7e\u015fitli kopmalar ya\u015fanm\u0131\u015f, ama \u00e7ekirdek kadro, daha da \u00e7elikle\u015fmi\u015ftir.<\/span><\/strong><\/p>\n<p style=\"margin-bottom: 0.0001pt; text-align: justify; text-indent: 1cm; line-height: 16pt;\"><strong><span style=\"font-size: 12.5pt; font-family: Arial, sans-serif;\">8-<\/span><\/strong><strong><span style=\"font-size: 12.5pt; font-family: Arial, sans-serif;\">\u00a0Medya<\/span><\/strong><strong><span style=\"font-size: 12.5pt; font-family: Arial, sans-serif;\">, mafya ve masonik g\u00fc\u00e7lerin sald\u0131r\u0131 denemeleri ve zul\u00fcm d\u00f6nemleri de netice vermemi\u015ftir.<\/span><\/strong><\/p>\n<p style=\"margin-bottom: 0.0001pt; text-align: justify; text-indent: 1cm; line-height: 16pt;\"><strong><span style=\"font-size: 12.5pt; font-family: Arial, sans-serif;\">9-<\/span><\/strong><strong><span style=\"font-size: 12.5pt; font-family: Arial, sans-serif;\">\u00a0Bundan<\/span><\/strong><strong><span style=\"font-size: 12.5pt; font-family: Arial, sans-serif;\"> sonra &ldquo;bar\u0131\u015fa mecburiyet ve g\u00fcc\u00fcm\u00fcze teslimiyet&rdquo; d\u00f6nemine ge\u00e7ilmi\u015f, halk\u0131m\u0131z Milli siyaseti 1. Parti konumuna y\u00fckseltmi\u015ftir.<\/span><\/strong><\/p>\n<p style=\"margin-bottom: 0.0001pt; text-align: justify; text-indent: 1cm; line-height: 16pt;\"><span style=\"font-size: 12.5pt; font-family: Arial, sans-serif;\"> <\/span><span style=\"font-size: 12.5pt; font-family: Arial, sans-serif;\">Mutlak zafere ba\u015flang\u0131\u00e7 ve son haz\u0131rl\u0131k devresi: Milli siyasetin h\u00fck\u00fcmeti yakla\u015f\u0131k bir y\u0131l kadar devralmas\u0131 ve b\u00fcy\u00fck ink\u0131l\u00e2b\u0131n son haz\u0131rl\u0131klar\u0131n\u0131 tamamlama d\u00f6nemi de ba\u015far\u0131yla ger\u00e7ekle\u015fmi\u015ftir. 28 \u015eubat s\u00fcreci, g\u00f6r\u00fcn\u00fc\u015fte milli dirili\u015fi bo\u011fmaya y\u00f6nelik olsa da, bu silah tersine tepecek ve neticede s\u00f6m\u00fcr\u00fc sisteminin temellerini \u00e7\u00f6kertecek ve d\u00fczenin \u00e7\u00fcr\u00fcm\u00fc\u015f \u00e7ark\u0131n\u0131 iflasa s\u00fcr\u00fckleyecektir.<\/span><\/p>\n<p style=\"margin-bottom: 0.0001pt; text-align: justify; text-indent: 1cm; line-height: 16pt;\"><span style=\"font-size: 12.5pt; font-family: Arial, sans-serif;\">Ve nihayet N\u00fcb\u00fcvvet \u00e7izgisinde bir hilafeti, yani farkl\u0131 k\u00f6ken ve k\u00fclt\u00fcrden, de\u011fi\u015fik din ve d\u00fc\u015f\u00fcnceden b\u00fct\u00fcn insanlara her t\u00fcrl\u00fc huzur ve h\u00fcrriyeti sa\u011flayabilecek, siyasi, ahl\u00e2ki ve ekonomik y\u00f6nden m\u00fckemmel bir refah ve adalet sistemini yerle\u015ftirip y\u00fcr\u00fctecek bir ink\u0131l\u00e2p-de\u011fi\u015fim yak\u0131nd\u0131r ve kesindir. Herkesin, en etkin bi\u00e7imde \u00fclke y\u00f6netimine kat\u0131l\u0131m\u0131n\u0131 ve h\u00fck\u00fcmetleri denetleme ve de\u011fi\u015ftirme mekanizmas\u0131n\u0131 olu\u015fturacak ger\u00e7ek bir demokrasinin&#8230; Devletin farkl\u0131 din ve d\u00fc\u015f\u00fcncedeki vatanda\u015flar\u0131na ayn\u0131 mesafede kal\u0131p, en geni\u015f anlamda inan\u00e7 ve ibadet \u00f6zg\u00fcrl\u00fc\u011f\u00fcn\u00fc sa\u011flayacak \u00f6rnek bir laikli\u011fin&#8230; Ve \u0130slam&rsquo;\u0131n bar\u0131\u015f ve bereket anlam\u0131na ve amac\u0131na en uygun ve uygar, T\u00fcrkiye merkezli yeni ve y\u00fcksek bir medeniyetin temsilcisi ve tatbik\u00e7isi olan Hz. Mehdi&rsquo;nin de, cemaatinin bu s\u0131k\u0131nt\u0131larla e\u011fitilip pi\u015fmesi&#8230; Ve herkesin ger\u00e7ek ayar\u0131n\u0131n ve i\u00e7 d\u00fcnyas\u0131n\u0131n ortaya d\u00f6k\u00fclmesi i\u00e7in, bu d\u00f6nemlerden ge\u00e7mesi gerekmi\u015ftir. Art\u0131k kutlu devrimler ve mutlu d\u00f6nemler bizi beklemektedir!&#8230;<\/span><\/p>\n<p style=\"margin-bottom: 0.0001pt; text-align: justify; text-indent: 1cm; line-height: 16pt;\"><span style=\"font-size: 12.5pt; font-family: Arial, sans-serif;\">Afrikal\u0131 bir zenci lider \u015fu itirafta bulunuyor; <strong><em>&ldquo;Avrupal\u0131lar Afrika&rsquo;ya geldiklerinde, onlar\u0131n \u0130ncilleri, bizim de \u00e7iftliklerimiz ve zenginliklerimiz vard\u0131&#8230; \u015eimdi ise bizim \u0130ncillerimiz ve kiliselerimiz, onlar\u0131n ise \u00e7iftlikleri ve maden i\u015fletmeleri var!..&rdquo;<\/em><\/strong><\/span><\/p>\n<p style=\"margin-bottom: 0.0001pt; text-align: justify; text-indent: 1cm; line-height: 16pt;\"><span style=\"font-size: 12.5pt; font-family: Arial, sans-serif;\">&ldquo;Aynen bunun gibi, Osmanl\u0131 d\u00f6neminde ve \u00f6zellikle Frans\u0131z ihtilalinden sonra Bat\u0131l\u0131lar\u0131n laikli\u011fi ve demokrasisi, bizim ise izzetimiz ve haysiyetimiz vard\u0131&#8230; Bu Bat\u0131l\u0131 bar\u0131\u015f meleklerinin(!) i\u015fgalinden yurdumuzu kurtard\u0131ktan sonra ula\u015ft\u0131\u011f\u0131m\u0131z Cumhuriyet D\u00f6nemi&rsquo;nde ise, \u015fimdi bizim despotizme \u00e7evrilmi\u015f demokrasimiz ve laikli\u011fimiz vard\u0131!.. Ama huzurumuz kalmam\u0131\u015ft\u0131, onurumuz ve \u00f6zg\u00fcrl\u00fc\u011f\u00fcm\u00fcz elimizden al\u0131nm\u0131\u015ft\u0131!.. Maalesef milyonlarca insan i\u015fsiz ve a\u00e7\u0131z! Her y\u00f6nden geri kalm\u0131\u015f\u0131z ve g\u00e2vurlara muhtac\u0131z! Anar\u015fi ve karde\u015f kavgas\u0131 ile birbirimizi bo\u011fmaktay\u0131z ve her ge\u00e7en g\u00fcn ahl\u00e2ken biraz daha batmaktay\u0131z!.. <\/span><\/p>\n<p style=\"margin-bottom: 0.0001pt; text-align: justify; text-indent: 1cm; line-height: 16pt;\"><span style=\"font-size: 12.5pt; font-family: Arial, sans-serif;\">\u0130\u015fte bu nedenle, umuyoruz ki; bize i\u015f sahas\u0131 a\u00e7amayan, h\u00e2l\u00e2 ekonomik ve teknolojik kalk\u0131nmam\u0131z\u0131 ba\u015faramayan ve karn\u0131m\u0131z\u0131 doyurmayan, \u00fcniversite mezunlar\u0131m\u0131z\u0131 bile ba\u015f\u0131bo\u015f sokaklarda dola\u015ft\u0131ran bu s\u00f6m\u00fcr\u00fc sisteminin de, bu despotik demokrasinin de elbet sonu gelecektir!<\/span><\/p>\n<p style=\"margin-bottom: 0.0001pt; text-align: justify; text-indent: 1cm; line-height: 16pt;\"><span style=\"font-size: 12.5pt; font-family: Arial, sans-serif;\">Y\u00fczde doksan dokuzu M\u00fcsl\u00fcman olan bir \u00fclkede, b\u00fct\u00fcn M\u00fcsl\u00fcmanlar\u0131 potansiyel tehlike g\u00f6ren, \u0130slam dinini ve Kur&rsquo;an-\u0131 Kerim&rsquo;i sadece camiye hapseden ve \u0130mam-Hatip Okullar\u0131na irtica yuvas\u0131 diye k\u00fcfreden bu dejenere olmu\u015f d\u00fczenin de, bu devrim yobazlar\u0131n\u0131n da pili bitecektir!<\/span><\/p>\n<p style=\"margin-bottom: 0.0001pt; text-align: justify; text-indent: 1cm; line-height: 16pt;\"><span style=\"font-size: 12.5pt; font-family: Arial, sans-serif;\">Ba\u015f\u00f6rt\u00fcl\u00fc k\u0131zlar\u0131m\u0131z\u0131 h\u00e2l\u00e2 hazmedemeyen, namaz k\u0131lan evlatlar\u0131m\u0131z\u0131 gerici g\u00f6ren, Ayet&ndash;Hadis meali okuyanlar\u0131 yobazl\u0131kla itham eden bu la\u00e7ka laikli\u011fin de, bu \u00e7arp\u0131k zihniyetin de nefesi t\u00fckenecektir!<\/span><\/p>\n<p style=\"margin-bottom: 0.0001pt; text-align: justify; text-indent: 1cm; line-height: 16pt;\"><span style=\"font-size: 12.5pt; font-family: Arial, sans-serif;\">Fikir h\u00fcrriyeti diye k\u00fcf\u00fcr h\u00fcrriyeti&#8230; Bat\u0131 medeniyeti diye fuhu\u015f serbestiyeti ve \u00e7a\u011fda\u015fl\u0131k diye sadece soytar\u0131l\u0131k k\u0131yafetinden ba\u015fka bir \u015fey veremeyen, bu mimsiz medeniyetin mumlar\u0131 s\u00f6necektir! <\/span><\/p>\n<p style=\"margin-bottom: 0.0001pt; text-align: justify; text-indent: 1cm; line-height: 16pt;\"><span style=\"font-size: 12.5pt; font-family: Arial, sans-serif;\">\u00c7\u00fcnk\u00fc Milli siyasetle yola \u00e7\u0131kan Mehdiyet g\u00fcne\u015fi, Mesihiyet ufkundan do\u011fmak \u00fczeredir. <\/span><\/p>\n<p style=\"margin-bottom: 0.0001pt; text-align: justify; text-indent: 1cm; line-height: 16pt;\"><span style=\"font-size: 12.5pt; font-family: Arial, sans-serif;\">\u00c7\u00fcnk\u00fc mevcut sistem; ba\u015fta \u015fikeli, \u015faibeli ve i\u015fbirlik\u00e7i iktidar\u0131 olu\u015fturan partileri, parazitleri ve t\u00fcm destek\u00e7ileriyle birlikte t\u00fckenmi\u015f ve iflas\u0131n e\u015fi\u011fine gelmi\u015ftir.<\/span><\/p>\n<p style=\"margin-bottom: 0.0001pt; text-align: justify; text-indent: 1cm; line-height: 16pt;\"><span style=\"font-size: 12.5pt; font-family: Arial, sans-serif;\">Ve kuvvetle zannediyorum ki bu Din istismarc\u0131s\u0131, ahl\u00e2k ve maneviyat tahribatc\u0131s\u0131 h\u00fck\u00fcmet ise; dayatmac\u0131 Deccal zihniyetinin son h\u00fck\u00fcmetidir.<\/span><\/p>\n<p style=\"margin-bottom: 0.0001pt; text-align: justify; text-indent: 1cm; line-height: 16pt;\"><span style=\"font-size: 12.5pt; font-family: Arial, sans-serif;\"><\/span><\/p>\n<p>\u00a0<\/p>\n<hr style=\"text-align: left;\" size=\"1\" width=\"33%\" \/>\n<p style=\"text-indent: -7.1pt;\"><span style=\"font-size: 10pt;\"><a href=\"#ftnref1\" id=\"ftn1\" style=\"vertical-align: super;\">[1]<\/a><span style=\"font-family: Arial, sans-serif;\"> \u00c7\u00fcnk\u00fc Bedi\u00fczzaman &ldquo;B\u00fcy\u00fck deccal\u0131n komitesini ve bir k\u0131s\u0131m icraatlar\u0131n\u0131&rdquo; Siyonist Yahudilerin g\u00f6sterdi\u011fini ve baz\u0131 hadislerin de bunu haber verdi\u011fini s\u00f6ylemektedir. (Bak: 5. \u015eua 14. Mesele)<\/span><\/span><\/p>\n<p style=\"margin-top: 0cm; margin-right: 0cm; margin-bottom: 0.0001pt; text-indent: -7.1pt; line-height: normal;\"><span style=\"font-size: 10pt;\"><a href=\"#ftnref2\" id=\"ftn2\" style=\"vertical-align: super;\">[2]<\/a><span style=\"font-family: Arial, sans-serif;\"> Barla Lahikas\u0131: 119\/121<\/span><\/span><\/p>\n<p style=\"margin-top: 0cm; margin-right: 0cm; margin-bottom: 0.0001pt; text-indent: -7.1pt; line-height: normal;\"><span style=\"font-size: 10pt;\"><a href=\"#ftnref3\" id=\"ftn3\" style=\"vertical-align: super;\">[3]<\/a><span style=\"font-family: Arial, sans-serif;\"> Sikke-i Tasdik-i Gaybi: 2. Mektup<\/span><\/span><\/p>\n<p style=\"text-indent: -7.1pt;\"><span style=\"font-size: 10pt;\"><a href=\"#ftnref4\" id=\"ftn4\" style=\"vertical-align: super;\">[4]<\/a><span style=\"font-family: Arial, sans-serif;\"> \u015eualar: 1. \u015fua 28. Ayet<\/span><\/span><\/p>\n<p style=\"text-indent: -7.1pt;\"><span style=\"font-size: 10pt;\"><a href=\"#ftnref5\" id=\"ftn5\" style=\"vertical-align: super;\">[5]<\/a><span style=\"font-family: Arial, sans-serif;\"> 29. Mektup 7. K\u0131s\u0131m 4. \u0130\u015faret<\/span><\/span><\/p>\n<p style=\"text-indent: -7.1pt;\"><span style=\"font-size: 10pt;\"><a href=\"#ftnref6\" id=\"ftn6\" style=\"vertical-align: super;\">NOT<\/a> Bu rivayet kaynaklar\u0131 i\u00e7in bak: Mustafa Ayd\u0131n (&ldquo;Onlar\u0131n sava\u015f\u0131&rdquo; (SH.21) \/Kutup Y\u0131ld\u0131z\u0131 yay\u0131nlar\u0131&ndash;2003 \u0130stanbul) Ayr\u0131ca: Muhammed \u0130sa Davut el mehdiyyil muntaz\u0131r 1997 MISIR<\/span><\/p>\n<p style=\"text-indent: -7.1pt;\"><span style=\"font-size: 10pt;\"><a href=\"#ftnref7\" id=\"ftn7\" style=\"vertical-align: super;\">[6]<\/a><span style=\"font-family: Arial, sans-serif;\"> Bak: Celaleddin Suyuti&rsquo;nin hadislerinden Ahir zaman Mehdisinin alametleri-Ali bin H\u00fcsameddin. Terc\u00fcme M\u00fc\u015ferref G\u00f6zc\u00fc- Kahraman Ne\u015friyet &#8211; \u0130ST Sh. 83)<\/span><\/span><\/p>\n<p style=\"text-indent: -7.1pt;\"><span style=\"font-size: 10pt;\"><a href=\"#ftnref8\" id=\"ftn8\" style=\"vertical-align: super;\">[7]<\/a><span style=\"font-family: Arial, sans-serif;\"> Ara\u015ft\u0131rma Dergisi Say\u0131:20 Sayfa:12<\/span><\/span><\/p>\n<p style=\"text-indent: -7.1pt;\"><span style=\"font-size: 10pt;\"><a href=\"#ftnref9\" id=\"ftn9\" style=\"vertical-align: super;\">[8]<\/a><span style=\"font-family: Arial, sans-serif;\"> Naim Bin Hammad<\/span><\/span><\/p>\n<p style=\"text-indent: -7.1pt;\"><span style=\"font-size: 10pt;\"><a href=\"#ftnref10\" id=\"ftn10\" style=\"vertical-align: super;\">[9]<\/a><span style=\"font-family: Arial, sans-serif;\"> Et-Tac, Ali Nas\u0131f el-H\u00fcseyni<\/span><\/span><\/p>\n<p style=\"text-indent: -7.1pt;\"><span style=\"font-size: 10pt;\"><a href=\"#ftnref11\" id=\"ftn11\" style=\"vertical-align: super;\">[10]<\/a><span style=\"font-family: Arial, sans-serif;\"> Kenzul Ummal, Kitabb-ul k\u0131yame, k\u0131s\u0131m-ul efal. C.5 sf. 254, El Muttaki)<\/span><\/span><\/p>\n<p style=\"margin-top: 0cm; margin-right: 0cm; margin-bottom: 0.0001pt; text-indent: -7.1pt; line-height: normal;\"><span style=\"font-size: 10pt;\"><a href=\"#ftnref12\" id=\"ftn12\" style=\"vertical-align: super;\">[11]<\/a><span style=\"font-family: Arial, sans-serif;\"> Fera \u0130du Fevaidi&rsquo;l Fikr Fi&rsquo;l \u0130mam-Mehdi El-Muntazar<\/span><\/span><\/p>\n<p style=\"text-indent: -7.1pt;\"><span style=\"font-size: 10pt;\"><a href=\"#ftnref13\" id=\"ftn13\" style=\"vertical-align: super;\">[12]<\/a><span style=\"font-family: Arial, sans-serif;\"> Ahir zaman Mehdisinin Alametleri: Terc\u00fcme M\u00fc\u015ferref G\u00f6zc\u00fc. Sh.50 Celaleddin suyuti&#8217;nin Tasnifinden &ndash; Ali bin H\u00fcsameddin Muttaki<\/span><\/span><\/p>\n<p style=\"text-indent: -7.1pt;\"><span style=\"font-size: 10pt;\"><a href=\"#ftnref14\" id=\"ftn14\" style=\"vertical-align: super;\">[13]<\/a><span style=\"font-family: Arial, sans-serif;\"> Fetavayi Hadisiye. \u0130bni Haceri Heytemi:37, ayr\u0131ca \u0130bni M&#8217;ace ve Ebu Naim ibni Mesuttan ve yine ibni Ebi \u015eeybe Fiten adl\u0131 eserinde<\/span><\/span><\/p>\n<p style=\"text-indent: -7.1pt;\"><span style=\"font-size: 10pt;\"><a href=\"#ftnref15\" id=\"ftn15\" style=\"vertical-align: super;\">[14]<\/a><span style=\"font-family: Arial, sans-serif;\"> \u0130bni Mace 10\/259<\/span><\/span><\/p>\n<p style=\"text-indent: -7.1pt;\"><span style=\"font-size: 10pt;\"><a href=\"#ftnref16\" id=\"ftn16\" style=\"vertical-align: super;\">[15]<\/a><span style=\"font-family: Arial, sans-serif;\"> 29. Mektup 7. K\u0131s\u0131m 4. \u0130\u015faret<\/span><\/span><\/p>\n<p style=\"text-indent: -7.1pt;\"><span style=\"font-size: 10pt;\"><a href=\"#ftnref17\" id=\"ftn17\" style=\"vertical-align: super;\">[16]<\/a><span style=\"font-family: Arial, sans-serif;\"> Kamer: 1<\/span><\/span><\/p>\n<p style=\"text-indent: -7.1pt;\"><span style=\"font-size: 10pt;\"><a href=\"#ftnref18\" id=\"ftn18\" style=\"vertical-align: super;\">[17]<\/a><span style=\"font-family: Arial, sans-serif;\"> (Celaleddin Suyuti&rsquo;nin Hadislerinden Ali bin H\u00fcsameddin Muttaki. Sh.21)<\/span><\/span><\/p>\n<p style=\"text-indent: -7.1pt;\"><span style=\"font-size: 10pt;\"><a href=\"#ftnref19\" id=\"ftn19\" style=\"vertical-align: super;\">[18]<\/a><span style=\"font-family: Arial, sans-serif;\"> Ali bin H\u00fcsameddin Muttaki (1480-1567), Kitab-\u00fcl Burhan fi Alamet-il Mehdiyy-il Ahir Zaman, Sh:12)<\/span><\/span><\/p>\n<p style=\"text-indent: -7.1pt;\"><span style=\"font-size: 10pt;\"><a href=\"#ftnref20\" id=\"ftn20\" style=\"vertical-align: super;\">[19]<\/a><span style=\"font-family: Arial, sans-serif;\"> Sikke-i Tasdiki Gaybi 140-141<\/span><\/span><\/p>\n<p style=\"text-indent: -7.1pt;\"><span style=\"font-size: 10pt;\"><a href=\"#ftnref21\" id=\"ftn21\" style=\"vertical-align: super;\">[20]<\/a><span style=\"font-family: Arial, sans-serif;\"> 5. \u015eua 19. mesele<\/span><\/span><\/p>\n<p style=\"margin-top: 0cm; margin-right: 0cm; margin-bottom: 0.0001pt; text-indent: -7.1pt; line-height: normal;\"><span style=\"font-size: 10pt;\"><a href=\"#ftnref22\" id=\"ftn22\" style=\"vertical-align: super;\">[21]<\/a><span style=\"font-family: Arial, sans-serif;\"> Kastamonu Lahikas\u0131: Sh.21<\/span><\/span><\/p>\n<p style=\"text-indent: -7.1pt;\"><span style=\"font-size: 10pt;\"><a href=\"#ftnref23\" id=\"ftn23\" style=\"vertical-align: super;\">[22]<\/a><span style=\"font-family: Arial, sans-serif;\"> Emirda\u011f Lahikas\u0131<\/span><\/span><\/p>\n<p style=\"text-indent: -7.1pt;\"><span style=\"font-size: 10pt;\"><a href=\"#ftnref24\" id=\"ftn24\" style=\"vertical-align: super;\">[23]<\/a><span style=\"font-family: Arial, sans-serif;\"> 5. \u015eua 3.K\u00fc\u00e7\u00fck Mesele 3. Hadise<\/span><\/span><\/p>\n<p style=\"text-indent: -7.1pt;\"><span style=\"font-size: 10pt;\"><a href=\"#ftnref25\" id=\"ftn25\" style=\"vertical-align: super;\">[24]<\/a><span style=\"font-family: Arial, sans-serif;\"> Miladi: 610<\/span><\/span><\/p>\n<p style=\"text-indent: -7.1pt;\"><span style=\"font-size: 10pt;\"><a href=\"#ftnref26\" id=\"ftn26\" style=\"vertical-align: super;\">[25]<\/a><span style=\"font-family: Arial, sans-serif;\"> Miladi: 620<\/span><\/span><\/p>\n<p style=\"text-indent: -7.1pt;\"><span style=\"font-size: 10pt;\"><a href=\"#ftnref27\" id=\"ftn27\" style=\"vertical-align: super;\">[26]<\/a><span style=\"font-family: Arial, sans-serif;\"> Miladi: 621 <\/span><\/span><\/p>\n<p style=\"text-indent: -7.1pt;\"><span style=\"font-size: 10pt;\"><a href=\"#ftnref28\" id=\"ftn28\" style=\"vertical-align: super;\">[27]<\/a><span style=\"font-family: Arial, sans-serif;\"> Miladi: 622-623<\/span><\/span><\/p>\n<p style=\"text-indent: -7.1pt;\"><span style=\"font-size: 10pt;\"><a href=\"#ftnref29\" id=\"ftn29\" style=\"vertical-align: super;\">[28]<\/a><span style=\"font-family: Arial, sans-serif;\"> Hudeybiye Anla\u015fmas\u0131 Hicri: 6, Miladi: 628<\/span><\/span><\/p>\n<p style=\"text-indent: -7.1pt;\"><span style=\"font-size: 10pt;\"><a href=\"#ftnref30\" id=\"ftn30\" style=\"vertical-align: super;\">[29]<\/a><span style=\"font-family: Arial, sans-serif;\"> Hicri: 8, Miladi: 630 <\/span><\/span><\/p>\n<p style=\"text-indent: -7.1pt;\"><span style=\"font-size: 10pt;\"><a href=\"#ftnref31\" id=\"ftn31\" style=\"vertical-align: super;\">[30]<\/a><span style=\"font-family: Arial, sans-serif;\"> Miladi: 628-629, Hicri: 7<\/span><\/span><\/p>\n","protected":false},"excerpt":{"rendered":"<p>\u00a0 MEHD\u0130&rsquo;N\u0130N HAK\u0130KAT\u0130 VE \u00c7IKI\u015eININ AL\u00c2METLER\u0130 \u00a0\u00a0\u00a0\u00a0\u00a0\u00a0 Biz; inanm\u0131\u015f oldu\u011fumuz, ihtiya\u00e7 duydu\u011fumuz ve onunla huzur buldu\u011fumuz, Mehdiyetle ilgili baz\u0131 bilgileri ve belgeleri ba\u015fkalar\u0131yla payla\u015fmak&#8230; Bu konulara ilgi duyan ve ara\u015ft\u0131rma yapanlara baz\u0131 anahtar bilgiler sunmak ve kolayl\u0131k sa\u011flamak niyetiyle haz\u0131rlad\u0131k&#8230; Kendimizi ve bildiklerimizi ba\u015fkalar\u0131na ispatlamak&#8230; Veya herkesi bizim gibi inanmaya zorlamak y\u00f6n\u00fcnde bir gayemiz ve [&hellip;]<\/p>\n","protected":false},"author":13,"featured_media":0,"comment_status":"open","ping_status":"closed","sticky":false,"template":"","format":"standard","meta":{"footnotes":""},"categories":[98],"tags":[],"class_list":["post-5670","post","type-post","status-publish","format-standard","hentry","category-ozel-yazilar"],"_links":{"self":[{"href":"https:\/\/www.millicozum.com\/mc\/wp-json\/wp\/v2\/posts\/5670","targetHints":{"allow":["GET"]}}],"collection":[{"href":"https:\/\/www.millicozum.com\/mc\/wp-json\/wp\/v2\/posts"}],"about":[{"href":"https:\/\/www.millicozum.com\/mc\/wp-json\/wp\/v2\/types\/post"}],"author":[{"embeddable":true,"href":"https:\/\/www.millicozum.com\/mc\/wp-json\/wp\/v2\/users\/13"}],"replies":[{"embeddable":true,"href":"https:\/\/www.millicozum.com\/mc\/wp-json\/wp\/v2\/comments?post=5670"}],"version-history":[{"count":0,"href":"https:\/\/www.millicozum.com\/mc\/wp-json\/wp\/v2\/posts\/5670\/revisions"}],"wp:attachment":[{"href":"https:\/\/www.millicozum.com\/mc\/wp-json\/wp\/v2\/media?parent=5670"}],"wp:term":[{"taxonomy":"category","embeddable":true,"href":"https:\/\/www.millicozum.com\/mc\/wp-json\/wp\/v2\/categories?post=5670"},{"taxonomy":"post_tag","embeddable":true,"href":"https:\/\/www.millicozum.com\/mc\/wp-json\/wp\/v2\/tags?post=5670"}],"curies":[{"name":"wp","href":"https:\/\/api.w.org\/{rel}","templated":true}]}}