{"id":589,"date":"2004-01-01T00:00:00","date_gmt":"2004-01-01T00:00:00","guid":{"rendered":"https:\/\/www.millicozum.com\/mc\/2004\/01\/01\/bir-sair-yazara\/"},"modified":"2004-01-01T00:00:00","modified_gmt":"2004-01-01T00:00:00","slug":"bir-sair-yazara","status":"publish","type":"post","link":"https:\/\/www.millicozum.com\/mc\/2004\/ocak-2004\/bir-sair-yazara\/","title":{"rendered":"B\u0130R \u015eA\u0130R-YAZAR&#8217;A"},"content":{"rendered":"\n<p><span style=\"font-family: arial,helvetica,sans-serif; font-size: 12pt;\">Uzun y\u0131llar, Milli Gazete&#8217;de k\u00f6\u015fe yazarl\u0131\u011f\u0131 yapan ve \u015fair olarak tan\u0131nan bir ki\u015finin, ayr\u0131ld\u0131ktan sonra camiam\u0131z\u0131 hatta (kendi deyimiyle-b\u00fct\u00fcn \u0130slamc\u0131lar\u0131 horlayan ve hakarete varan s\u00f6zler etmesi, bir okur olarak bizleri derinden yaralam\u0131\u015f ve b\u00f6yle bir cevap hakk\u0131na mecbur b\u0131rakm\u0131\u015ft\u0131r.<\/span><\/p>\n<p><span style=\"font-family: arial,helvetica,sans-serif; font-size: 12pt;\">D\u00fcr\u00fcst ve de\u011ferli yazar <strong>Yusuf<\/strong> <strong>Kaplan<\/strong>&#8216;\u0131n yerinde tespitiyle; <strong>\u0130smet \u00d6zel&#8217;i \u00e7o\u011fu kimse, okusa da anlayam\u0131yor. Ama \u0130smet \u00d6zel de, do\u011frusu kendini anlatmakta zorlan\u0131yor&#8230; \u00c7\u00fcnk\u00fc T\u00fcrk\u00e7e&#8217;yi do\u011fru ve doyurucu bi\u00e7imde kullanam\u0131yor&#8230;&#8221;<\/strong><\/span><\/p>\n<p><span style=\"font-family: arial,helvetica,sans-serif; font-size: 12pt;\">Ama\u00e7, edebiyat yapmak ve l\u00fcgat par\u00e7alamak ve b\u00f6ylece filozofluk taslamak de\u011fil, hikmet ve hedef g\u00f6sterip, hakikatin bilinmesine yard\u0131mc\u0131 olmakt\u0131r.<\/span><\/p>\n<p><span style=\"font-family: arial,helvetica,sans-serif; font-size: 12pt;\">Edebiyat\u0131 hakikata hizmet\u00e7i yapmak yerine, filozofluk hevesi ve farkl\u0131l\u0131k fantazisiyle, hakikat\u0131 edebiyata \u00e7erez yapmak yanl\u0131\u015ft\u0131r. Ve yayg\u0131n bir hastal\u0131kt\u0131r.<\/span><\/p>\n<p><span style=\"font-family: arial,helvetica,sans-serif; font-size: 12pt;\">\u00c7al\u0131\u015ft\u0131\u011f\u0131 gazetede &#8220;L\u00fctfen&#8221; ve tenezz\u00fclen yazd\u0131\u011f\u0131n\u0131 s\u00f6yleyecek kadar, &#8220;edebi&#8221;lik ve efendilik seviyesini d\u00fc\u015f\u00fcren&#8230;<\/span><\/p>\n<p><span style=\"font-family: arial,helvetica,sans-serif; font-size: 12pt;\">Milli Gazete okurlar\u0131n\u0131 ve Milli g\u00f6r\u00fc\u015f camias\u0131n\u0131 kastederek <strong>&#8220;Ben o insanlar\u0131n kalite kazanmas\u0131n\u0131 bekledim<\/strong>, ama tam aksine irtifa kaydettiler (yani her bak\u0131mdan daha a\u015fa\u011f\u0131 derecelere indiler)&#8221; diyecek kadar gizli \u00e7\u0131banlar\u0131n\u0131 de\u015fen ve ger\u00e7ek kimli\u011fini de\u015fifre eden bu ki\u015fi bilmeli ki-ve bilir ki-; Milli Gazete okurlar\u0131, kendisinin de i\u00e7ten i\u00e7e k\u0131skand\u0131\u011f\u0131 ve bozmaya \u00e7al\u0131\u015ft\u0131\u011f\u0131 halde ba\u015faramad\u0131\u011f\u0131 kadar, kaliteli ve karakterli kimselerdir. Bunun en a\u00e7\u0131k ispat\u0131 da, Milli Gazetenin ve takip\u00e7ilerinin, Milli ve manevi de\u011ferleri savunmak, \u0130slami ve insani ger\u00e7eklere sahip \u00e7\u0131kmak hususunda, otuz y\u0131ld\u0131r, haysiyet ve hassasiyetlerinden asla taviz vermemeleri&#8230; Ve hi\u00e7bir \u015fekilde h\u0131yanete tenezz\u00fcl etmemeleridir.<\/span><\/p>\n<p><span style=\"font-family: arial,helvetica,sans-serif; font-size: 12pt;\">Y\u0131llard\u0131r, hangi masonik merkezler taraf\u0131ndan beslendi\u011fini&#8230; Hangi hain g\u00fc\u00e7ler taraf\u0131ndan desteklendi\u011fini&#8230; Yay\u0131nlar\u0131 ve yaz\u0131lar\u0131yla kimlere hizmet etti\u011fini, art\u0131k herkesin \u00e7ok iyi bildi\u011fi baz\u0131 marazl\u0131 medyan\u0131n, bug\u00fcne kadar, sanki hi\u00e7 fark\u0131nda de\u011fillermi\u015f gibi davrand\u0131klar\u0131 bu \u015fair yazar\u0131, Milli Gazeteden kopar\u0131l\u0131nca \u015fimdi, mal bulmu\u015f ma\u011fribi misali, r\u00f6portaj yapmak ve ekrana \u00e7\u0131karmak i\u00e7in yar\u0131\u015fmalar\u0131 da, herhalde hayra alamettir (! ?)<\/span><\/p>\n<p><span style=\"font-family: arial,helvetica,sans-serif; font-size: 12pt;\">\u0130smet \u00d6zel&#8217;in <strong>&#8220;O gazetelerde, l\u00fctfen yazd\u0131m<\/strong>&#8221; gibi enaniyet kokan ve okurlar\u0131n\u0131 enayi yerine koyan s\u00f6zlerinin, ger\u00e7ek ve gizli anlam\u0131 \u015fudur: Ben, o davaya ve camiaya asla inanmad\u0131m ve \u0131s\u0131nmad\u0131m. Sadece onlardan yararlanmak ve o gazeteyi kullanarak bir yerlere&nbsp; varmak ve ba\u015fkalar\u0131na sat\u0131lmak \u00fczere pazarl\u0131k g\u00fcc\u00fcm\u00fc art\u0131rmak i\u00e7in yazd\u0131m. Eh, alaca\u011f\u0131m\u0131 ald\u0131m, ve art\u0131k d\u00fcnyal\u0131k bir gelecek vaat etmeyen o kesimden ayr\u0131ld\u0131m!..&#8221;<\/span><\/p>\n<p><span style=\"font-family: arial,helvetica,sans-serif; font-size: 12pt;\">Bay \u0130smet \u00d6zel&#8230;<\/span><\/p>\n<p><span style=\"font-family: arial,helvetica,sans-serif; font-size: 12pt;\">Milli g\u00f6r\u00fc\u015f ve onun h\u00fcr ve g\u00fcr sesi Milli Gazete, kemiyet olarak de\u011fil, ama keyfiyet ve zihniyet olarak&#8230; Merhamet ve m\u00fcsamaha a\u00e7\u0131s\u0131ndan, her kesimi kucaklayan bir dava olmas\u0131 bak\u0131m\u0131ndan, aynen bir okyanus gibidir. \u0130\u00e7inde her t\u00fcrl\u00fc bal\u0131klar\u0131 ve \u00e7e\u015fitli mahluklar\u0131 besleyip bar\u0131nd\u0131r\u0131r. Onlar\u0131n kirli ve zehirli at\u0131klar\u0131, bu okyanusu ne koku\u015fturur, ne buland\u0131r\u0131r&#8230; B\u00fct\u00fcn bu mahlukat\u0131n, ne varl\u0131\u011f\u0131 okyanusa bir \u015fey kazand\u0131r\u0131r, ne yoklu\u011fu bir \u015fey azalt\u0131r. Herkes sadece kendi nasibini al\u0131r ve sonunda \u00e7\u00fcr\u00fcy\u00fcp-eriyip dibe dald\u0131r\u0131r.<\/span><\/p>\n<p><span style=\"font-family: arial,helvetica,sans-serif; font-size: 12pt;\">Bir batman ke\u00e7iboynuzu \u00e7i\u011fneyerek \u00fc\u00e7-be\u015f gram \u015feker emmek zahmetiyle, her yirmi sat\u0131r\u0131ndan sadra \u015fifa bir c\u00fcmle \u00e7\u0131karamad\u0131\u011f\u0131m\u0131z halde, yine de bunca y\u0131l kendilerine katland\u0131\u011f\u0131m\u0131za te\u015fekk\u00fcr edece\u011fine<strong>&#8230; &#8220;Kaliteleri d\u00fc\u015f\u00fck&#8221;,<\/strong> &#8220;irtifa kaydettiler (Al\u00e7al\u0131p d\u00fc\u015ft\u00fcler)&#8221;, <strong>&#8220;L\u00fctfen yazd\u0131m&#8221;<\/strong> &#8220;\u0130slamc\u0131lar menfaat\u00e7i ve istismarc\u0131d\u0131r&#8221; anlam\u0131na gelen, k\u00fcf\u00fcrden beter s\u00f6zlerle koynumuzdaki akrep misali boynumuza zehir ak\u0131tmas\u0131 ve kinini kusmas\u0131, sadece kendi h\u00fcviyetinin g\u00f6stergesi ve ruh ikliminin r\u00f6ntgenidir.<\/span><\/p>\n<p><span style=\"font-family: arial,helvetica,sans-serif; font-size: 12pt;\">Be adam, b\u00f6ylesine \u00e7i\u011f ve \u00e7irkin hakaretlerini hak edecek ne yapt\u0131k sana? Milli G\u00f6r\u00fc\u015f camias\u0131 olarak, s\u00fcrekli ve samimi iltifat ve ikramlardan ba\u015fka&#8230; Bir yerlere yaranmak ve yararlanmak i\u00e7in, veya art\u0131k ta\u015f\u0131yamad\u0131\u011f\u0131n bir hakikat y\u00fck\u00fcn\u00fc yere at\u0131p kaytarmak i\u00e7in daha onurlu ve olumlu bahaneler bulabilirdin.<\/span><\/p>\n<p><span style=\"font-family: arial,helvetica,sans-serif; font-size: 12pt;\">Bu arada unutmayal\u0131m: 27 Eyl\u00fcl 2003 cumartesi gecesi, CNN T\u00fcrk&#8217;te, Nuriye Akman&#8217;la \u00e7\u0131kar\u0131ld\u0131\u011f\u0131n\u0131z s\u00f6yle\u015finin sonunda:<\/span><\/p>\n<p><span style=\"font-family: arial,helvetica,sans-serif; font-size: 12pt;\">&#8220;Me\u015fhur bir ressam demi\u015f ki: Benim gibi sayg\u0131n ve ba\u015far\u0131l\u0131 bir ressam olmak istiyorsan\u0131z, benim kar\u0131mla evlenmeniz gerekir!?&#8221; \u015eeklinde bir s\u00f6z ettiniz<\/span><\/p>\n<p><span style=\"font-family: arial,helvetica,sans-serif; font-size: 12pt;\">Yani \u015fimdi, me\u015fhur ve medyatik bir \u015fair-filozof olmak i\u00e7in acaba ne yapmak gerekir?<\/span><\/p>\n<p><span style=\"font-family: arial,helvetica,sans-serif; font-size: 12pt;\">\u015eiir<\/span><\/p>\n<p><span style=\"font-family: arial,helvetica,sans-serif; font-size: 12pt;\">Nerdesin, ey izan,<\/span><\/p>\n<p><span style=\"font-family: arial,helvetica,sans-serif; font-size: 12pt;\">Ey insaf, nerdesin?<\/span><\/p>\n<p><span style=\"font-family: arial,helvetica,sans-serif; font-size: 12pt;\">Ve ey vicdan,<\/span><\/p>\n<p><span style=\"font-family: arial,helvetica,sans-serif; font-size: 12pt;\">Sen sadece, m\u00fcmin g\u00f6n\u00fcllerdesin!..<\/span><\/p>\n<p><span style=\"font-family: arial,helvetica,sans-serif; font-size: 12pt;\">Ke\u015fke, d\u00fc\u015fman olsa, her yan\u0131m<\/span><\/p>\n<p><span style=\"font-family: arial,helvetica,sans-serif; font-size: 12pt;\">Ama en az\u0131ndan<\/span><\/p>\n<p><span style=\"font-family: arial,helvetica,sans-serif; font-size: 12pt;\">Firavun kadar mert<\/span><\/p>\n<p><span style=\"font-family: arial,helvetica,sans-serif; font-size: 12pt;\">Ve Nemrut kadar net davransa&#8230;<\/span><\/p>\n<p><span style=\"font-family: arial,helvetica,sans-serif; font-size: 12pt;\">Ne kadar sert<\/span><\/p>\n<p><span style=\"font-family: arial,helvetica,sans-serif; font-size: 12pt;\">Ve ne denli ters te olsa, hayran\u0131m!..<\/span><\/p>\n<p><span style=\"font-family: arial,helvetica,sans-serif; font-size: 12pt;\">Yeter ki, erkek\u00e7e kar\u015f\u0131ma \u00e7\u0131k\u0131p<\/span><\/p>\n<p><span style=\"font-family: arial,helvetica,sans-serif; font-size: 12pt;\">&#8220;Gel!&#8221; desin..!<\/span><\/p>\n<p><span style=\"font-family: arial,helvetica,sans-serif; font-size: 12pt;\">&#8212;&#8212;&#8212;&#8212;&#8212;&#8212;&#8212;&#8212;&#8212;&#8212;&#8212;&#8212;&#8212;&#8212;<\/span><\/p>\n<p><span style=\"font-family: arial,helvetica,sans-serif; font-size: 12pt;\">Ata s\u00f6zlerimiz,<\/span><\/p>\n<p><span style=\"font-family: arial,helvetica,sans-serif; font-size: 12pt;\">\u0130bret ve edep dersidir.<\/span><\/p>\n<p><span style=\"font-family: arial,helvetica,sans-serif; font-size: 12pt;\">&#8220;Arif h\u00fcrmet ettik\u00e7e<\/span><\/p>\n<p><span style=\"font-family: arial,helvetica,sans-serif; font-size: 12pt;\">Ars\u0131z, azarm\u0131\u015f!..<\/span><\/p>\n<p><span style=\"font-family: arial,helvetica,sans-serif; font-size: 12pt;\">Ve art\u0131k iyice \u015f\u0131mar\u0131p, \u015fa\u015f\u0131r\u0131nca<\/span><\/p>\n<p><span style=\"font-family: arial,helvetica,sans-serif; font-size: 12pt;\">Asil olanlar,<\/span><\/p>\n<p><span style=\"font-family: arial,helvetica,sans-serif; font-size: 12pt;\">Ayars\u0131z\u0131 azarlarm\u0131\u015f!..<\/span><\/p>\n<p><span style=\"font-family: arial,helvetica,sans-serif; font-size: 12pt;\">Ve her ne hikmetse<\/span><\/p>\n<p><span style=\"font-family: arial,helvetica,sans-serif; font-size: 12pt;\">\u015eair yazar,<\/span><\/p>\n<p><span style=\"font-family: arial,helvetica,sans-serif; font-size: 12pt;\">\u015eeytan bozarm\u0131\u015f!&#8230;<\/span><\/p>\n<p><span style=\"font-family: arial,helvetica,sans-serif; font-size: 12pt;\">&#8212;&#8212;&#8212;&#8212;&#8212;&#8212;&#8212;&#8212;&#8212;-<\/span><\/p>\n<p><span style=\"font-family: arial,helvetica,sans-serif; font-size: 12pt;\">\u015eana, \u015f\u00f6hrete tapanlar;<\/span><\/p>\n<p><span style=\"font-family: arial,helvetica,sans-serif; font-size: 12pt;\">D\u00fcnyay\u0131 ayaklar\u0131yla tepeleyen<\/span><\/p>\n<p><span style=\"font-family: arial,helvetica,sans-serif; font-size: 12pt;\">\u0130zzet-i nefis sahiplerini tan\u0131yamaz!..<\/span><\/p>\n<p><span style=\"font-family: arial,helvetica,sans-serif; font-size: 12pt;\">Makama, menfaate takla atanlar;<\/span><\/p>\n<p><span style=\"font-family: arial,helvetica,sans-serif; font-size: 12pt;\">Allah&#8217;tan gayr\u0131, herkesin<\/span><\/p>\n<p><span style=\"font-family: arial,helvetica,sans-serif; font-size: 12pt;\">Ve her teklifin \u00f6n\u00fcnde<\/span><\/p>\n<p><span style=\"font-family: arial,helvetica,sans-serif; font-size: 12pt;\">Dik duran, dava erlerini, anlayamaz!..<\/span><\/p>\n<p><span style=\"font-family: arial,helvetica,sans-serif; font-size: 12pt;\">Bu cevap bir Milli Gazete okuru olarak en tabii hakk\u0131m ve g\u00f6revimdir. Ve b\u00fct\u00fcn hukuki ve ahlaki sorumluluklar\u0131 bana aittir. Aksi halde, kendime ve \u00e7izgime olan sayg\u0131m\u0131 kaybederim.<\/span><\/p>\n<p><span style=\"font-family: arial,helvetica,sans-serif; font-size: 12pt;\">Bu arada Milli Gazete okurlar\u0131nca, hepimize a\u00e7\u0131k\u00e7a hem de medya arac\u0131l\u0131\u011f\u0131yla hakaret edip a\u015fa\u011f\u0131layan&#8230; &#8220;Kalitesi d\u00fc\u015f\u00fckler&#8221; &#8220;\u0130rtifa (seviye) kaybedenler&#8221; &#8220;Menfaatc\u0131 ve istismarc\u0131 kesimler&#8221; anlam\u0131nda \u015feref ve onurumuzu k\u0131r\u0131c\u0131 sald\u0131r\u0131lara kalk\u0131\u015fan \u0130smet \u00d6zel hakk\u0131nda, \u015feref ve tazminat davalar\u0131 a\u00e7\u0131lm\u0131yor ve savc\u0131l\u0131klara su\u00e7 duyurusunda bulunulmuyorsa bu camiam\u0131z\u0131n b\u00f6ylesi basitliklerle u\u011fra\u015fmaya tenezz\u00fcl etmediklerindendir.<\/span><\/p>\n<p><span style=\"font-family: arial,helvetica,sans-serif; font-size: 12pt;\">Selam, H\u00fcda&#8217;ya tabi olanlara&#8230;<\/span><\/p>\n<p><span style=\"font-family: arial,helvetica,sans-serif; font-size: 12pt;\">Sayg\u0131lar, Milli Gazetenin mert ve metin okurlar\u0131na..<\/span><\/p>\n<p><span style=\"font-family: arial,helvetica,sans-serif; font-size: 12pt;\">Ve yaz\u0131klar olsun, hakarete u\u011framaktan haz duyanlara!..<\/span><\/p>\n","protected":false},"excerpt":{"rendered":"<p>Uzun y\u0131llar, Milli Gazete&#8217;de k\u00f6\u015fe yazarl\u0131\u011f\u0131 yapan ve \u015fair olarak tan\u0131nan bir ki\u015finin, ayr\u0131ld\u0131ktan sonra camiam\u0131z\u0131 hatta (kendi deyimiyle-b\u00fct\u00fcn \u0130slamc\u0131lar\u0131 horlayan ve hakarete varan s\u00f6zler etmesi, bir okur olarak bizleri derinden yaralam\u0131\u015f ve b\u00f6yle bir cevap hakk\u0131na mecbur b\u0131rakm\u0131\u015ft\u0131r. D\u00fcr\u00fcst ve de\u011ferli yazar Yusuf Kaplan&#8216;\u0131n yerinde tespitiyle; \u0130smet \u00d6zel&#8217;i \u00e7o\u011fu kimse, okusa da anlayam\u0131yor. Ama [&hellip;]<\/p>\n","protected":false},"author":9,"featured_media":0,"comment_status":"open","ping_status":"closed","sticky":false,"template":"","format":"standard","meta":{"footnotes":""},"categories":[53],"tags":[609,625,641,610,626,642,611,627,643,612,628,644,613,629,645,614,630,646,615,631,647,600,616,632,648,601,617,633,649,602,618,634,603,619,635,604,620,636,605,621,637,606,622,638,607,623,639,608,624,640],"class_list":["post-589","post","type-post","status-publish","format-standard","hentry","category-ocak-2004","tag-basitliklerle","tag-baskalarina","tag-rontgenidir","tag-davrandiklari","tag-bilinmesine","tag-sahiplerini","tag-etmemeleridir","tag-degillermis","tag-saldirilara","tag-gonullerdesin","tag-duyurusunda","tag-unutmayalim","tag-hakaretlerini","tag-gazetelerde","tag-vermemeleri","tag-istismarcidir","tag-hastaliktir","tag-yararlanmak","tag-tasiyamadigin","tag-huviyetinin","tag-yarismalari","tag-etmediklerindendir","tag-araciligiyla","tag-ikramlardan","tag-yazilariyla","tag-hassasiyetlerinden","tag-basaramadigi","tag-kaybedenler","tag-cibanlarini","tag-desteklendigini","tag-beslendigini","tag-kaydettiler","tag-cikaramadigimiz","tag-bulabilirdin","tag-kazanmasini","tag-bulunulmuyorsa","tag-fantazisiyle","tag-kendilerine","tag-katlandigimiza","tag-istiyorsaniz","tag-keciboynuzu","tag-sorumluluklari","tag-koynumuzdaki","tag-kimselerdir","tag-takipcilerinin","tag-savciliklara","tag-koparilinca","tag-cikarildiginiz","tag-ayaklariyla","tag-okurlarinca"],"_links":{"self":[{"href":"https:\/\/www.millicozum.com\/mc\/wp-json\/wp\/v2\/posts\/589","targetHints":{"allow":["GET"]}}],"collection":[{"href":"https:\/\/www.millicozum.com\/mc\/wp-json\/wp\/v2\/posts"}],"about":[{"href":"https:\/\/www.millicozum.com\/mc\/wp-json\/wp\/v2\/types\/post"}],"author":[{"embeddable":true,"href":"https:\/\/www.millicozum.com\/mc\/wp-json\/wp\/v2\/users\/9"}],"replies":[{"embeddable":true,"href":"https:\/\/www.millicozum.com\/mc\/wp-json\/wp\/v2\/comments?post=589"}],"version-history":[{"count":0,"href":"https:\/\/www.millicozum.com\/mc\/wp-json\/wp\/v2\/posts\/589\/revisions"}],"wp:attachment":[{"href":"https:\/\/www.millicozum.com\/mc\/wp-json\/wp\/v2\/media?parent=589"}],"wp:term":[{"taxonomy":"category","embeddable":true,"href":"https:\/\/www.millicozum.com\/mc\/wp-json\/wp\/v2\/categories?post=589"},{"taxonomy":"post_tag","embeddable":true,"href":"https:\/\/www.millicozum.com\/mc\/wp-json\/wp\/v2\/tags?post=589"}],"curies":[{"name":"wp","href":"https:\/\/api.w.org\/{rel}","templated":true}]}}