{"id":5908,"date":"2020-08-27T22:00:00","date_gmt":"2020-08-27T22:00:00","guid":{"rendered":"https:\/\/www.millicozum.com\/mc\/2020\/08\/27\/buyuk-hayallerimiz-inancimizin-icabidir-ve-amaclarimiz-oranindadir-2\/"},"modified":"2020-08-27T22:00:00","modified_gmt":"2020-08-27T22:00:00","slug":"buyuk-hayallerimiz-inancimizin-icabidir-ve-amaclarimiz-oranindadir-2","status":"publish","type":"post","link":"https:\/\/www.millicozum.com\/mc\/2020\/eylul-2020\/buyuk-hayallerimiz-inancimizin-icabidir-ve-amaclarimiz-oranindadir\/","title":{"rendered":"B\u00dcY\u00dcK HAYALLER\u0130M\u0130Z \u0130NANCIMIZIN \u0130CABIDIR VE AMA\u00c7LARIMIZ ORANINDADIR!"},"content":{"rendered":"\n<p>&nbsp;<\/p>\n<p style=\"text-align: center;\"><strong><span style=\"font-size: 18pt; font-family: 'Arial', sans-serif;\">B&Uuml;Y&Uuml;K HAYALLER\u0130M\u0130Z \u0130NANCIMIZIN \u0130CABIDIR<\/span><\/strong><\/p>\n<p style=\"text-align: center;\"><strong><span style=\"font-size: 18pt; font-family: 'Arial', sans-serif;\">VE<\/span><\/strong><\/p>\n<p style=\"text-align: center;\"><strong><span style=\"font-size: 18pt; font-family: 'Arial', sans-serif;\">AMA&Ccedil;LARIMIZ ORANINDADIR!<\/span><\/strong><\/p>\n<p style=\"text-align: justify; line-height: 16pt;\"><strong><span style=\"font-size: 16pt; font-family: 'Arial', sans-serif;\">&nbsp;&nbsp;&nbsp;&nbsp;&nbsp;&nbsp; <\/span><\/strong><\/p>\n<p style=\"text-align: justify; text-indent: 1cm; line-height: 16pt;\"><strong><span style=\"font-size: 12.5pt; font-family: 'Arial', sans-serif;\">Baz\u0131lar\u0131 bize: <em>&ldquo;Yahu siz &ccedil;ok hayalperestsiniz!&rdquo;<\/em> diyorlar. Bizi: <em>&ldquo;Temelsiz hayaller kuruyorsunuz&rdquo; <\/em>diye su&ccedil;luyorlar. B&uuml;t&uuml;n bu arzular\u0131m\u0131z\u0131 ve ama&ccedil;lar\u0131m\u0131z\u0131 bo\u015f hayal ve kuruntu zannediyorlar. &Ouml;nce, benim karde\u015flerim; inanan bir insan, inand\u0131\u011f\u0131 hedefe varmak i&ccedil;in elbette aray\u0131\u015flar ba\u015flatacak ve arzulayacakt\u0131r. &Ccedil;&uuml;nk&uuml; inanmak bunu gerektirir; inanan arayacak ve arzulayacakt\u0131r. Arayanlar ise, kutlu ama&ccedil;lar\u0131na ula\u015ft\u0131r\u0131c\u0131 yollar tasavvur etmeye ba\u015flayacak; <em>&ldquo;Hangi yolla bu hedefe ula\u015f\u0131r\u0131m?&rdquo;<\/em> diye &ccedil;\u0131rp\u0131nacaklard\u0131r. \u0130nan\u0131yor ve ar\u0131yor ya bu sefer, <em>&ldquo;Hangi yolla bu hedefe ula\u015f\u0131r\u0131m?&rdquo;<\/em> diye bir k\u0131s\u0131m zihni tasavvurlarla hayaller kuracakt\u0131r. Bu hayaller, ihtimal derecelerine g&ouml;re zihni tasar\u0131mlara d&ouml;n&uuml;\u015f&uuml;r ki, b&uuml;t&uuml;n muhte\u015fem yap\u0131lar\u0131n, b&uuml;y&uuml;k icatlar\u0131n alt\u0131nda i\u015fte bu hayal kurma vard\u0131r. Bu hayal olmasayd\u0131, Mimar Sinan Selimiye&rsquo;yi yapamazd\u0131. Bu hayal kurmalar olmasayd\u0131, b&uuml;y&uuml;k teknolojilerin alt yap\u0131s\u0131 haz\u0131rlanamazd\u0131. Erbakan Hocam, kurban oldu\u011fum, diyordu ki: <em>&ldquo;Muar\u0131zlar\u0131m\u0131z\u0131n bir k\u0131sm\u0131 bizi hayalcilikle su&ccedil;luyorlar. Oysa hayal, hakikatlere ula\u015fman\u0131n ilk basama\u011f\u0131d\u0131r.&rdquo;<\/em> M&uuml;&rsquo;min hayal kuracak, &ccedil;&uuml;nk&uuml; inan\u0131yor. \u0130nanc\u0131n\u0131 hayata ge&ccedil;irmenin yollar\u0131n\u0131 ar\u0131yor. Bu y&ouml;ntemler i&ccedil;in fikir &uuml;retiyor. \u0130\u015fte o, hayaldir. Hocam\u0131z diyordu ki: <em>&ldquo;Evet, bizim bir&ccedil;ok icraatlar\u0131m\u0131za bunlar\u0131n ak\u0131llar\u0131 de\u011fil hayalleri bile eri\u015femez! Ama bizim hayallerimize ise bunlar\u0131n imanlar\u0131 bile yeti\u015femez!&rdquo;<\/em> Bu aray\u0131\u015f ve tasar\u0131mlar\u0131n\u0131n; yani hayal ve umutlar\u0131n\u0131n pe\u015finden i\u015ftah ve i\u015ftiyakla, \u015fevkle ve \u015f&uuml;k&uuml;rle ko\u015fanlar ise, tarihi de\u011fi\u015ftirecek kutlu devrimlerin &ouml;nc&uuml;leri olarak zafere ula\u015facaklard\u0131r. Niye i\u015ftahla dedim? Bu Mevl&acirc;na&rsquo;n\u0131n Fihi Ma Fih&rsquo;inde yer alan bir tespitidir. Estaizu billah: <em>&ldquo;E\u011fer \u015f&uuml;krederseniz nimetlerimi art\u0131r\u0131r\u0131m!&rdquo;<\/em> ayetini tefsir edip yorumlarken s&ouml;ylemi\u015ftir. Hz. Mevl&acirc;na Fihi Ma Fih yani &ldquo;&Ouml;z&uuml;n &Ouml;z&uuml;, \u0130&ccedil;in \u0130&ccedil;i&rdquo; kitab\u0131nda, kendisi bizzat yazmam\u0131\u015f, sohbetlerinden talebelerinin derledi\u011fi, sonra kitap haline getirilen o m&uuml;barek eserde diyor ki: <em>&ldquo;Allah&rsquo;\u0131n va&rsquo;ad etti\u011fine inanan, sadece O&rsquo;nun verdi\u011fi haz\u0131r nimetlere \u015f&uuml;kretmez. Ayn\u0131 zamanda va&rsquo;ad etti\u011fi nimetlere de \u015f&uuml;kreder. O va&rsquo;ad etti\u011fi nimetlere kavu\u015fmak i&ccedil;in de i\u015ftahla, i\u015ftiyakla, heyecanla &ccedil;al\u0131\u015fmak \u015f&uuml;kr&uuml; art\u0131r\u0131r ve hedefe ula\u015ft\u0131r\u0131r!&rdquo;<\/em> &Ccedil;ok g&uuml;zel bir yorum de\u011fil mi? Yani herkesin hayali kurgular\u0131, onun inanc\u0131 oran\u0131ndad\u0131r. Karde\u015flerim, talep edenler &ouml;nce talebe olacakt\u0131r. Talebe olan, yani umutla ve heyecanla &ccedil;abalayan ise matluba ve maksuda ula\u015f\u0131r. E\u011fer Mustafa Kemal&rsquo;in hayalleri olmasayd\u0131, kurtulu\u015f aray\u0131\u015flar\u0131na ba\u015flamazd\u0131 ve Milli M&uuml;cadele destan\u0131 yaz\u0131lmazd\u0131; ve tabi bu kutlu sonu&ccedil;lara ula\u015f\u0131lmazd\u0131. Hayalleri vard\u0131 &ccedil;&uuml;nk&uuml; inan&ccedil;lar\u0131 vard\u0131, hedefleri vard\u0131. Erbakan&rsquo;\u0131n hayalleri olmasayd\u0131, tarihi hedefleri ve talihli projeleri ortaya &ccedil;\u0131kmazd\u0131. Ve b&uuml;y&uuml;k medeniyet devriminin programlar\u0131 ve alt yap\u0131s\u0131 haz\u0131rlanmazd\u0131. Yani herkesin hayali, kendi akl\u0131 ve inanc\u0131 kadar olmaktayd\u0131. Erbakan&rsquo;\u0131n projeleri ise, alt yap\u0131s\u0131 haz\u0131rlanm\u0131\u015ft\u0131r ve O&rsquo;nun sad\u0131klar\u0131 taraf\u0131ndan in\u015faallah &ccedil;ok yak\u0131n bir ink\u0131lapla &uuml;lkemizde, b&ouml;lgemizde ve yery&uuml;z&uuml;nde uygulanacakt\u0131r. Bu b&uuml;y&uuml;k tarihi ink\u0131lab\u0131 heyecanla bekliyoruz ve \u015fimdiden alk\u0131\u015fl\u0131yoruz. Evet b&uuml;y&uuml;k hayalleri b&uuml;y&uuml;k insanlar kurarlard\u0131. Herkes kendi &ccedil;ap\u0131nda hayal kurard\u0131. Hayal kurmaktan bile korkanlar, Amerika&rsquo;n\u0131n, Avrupa&rsquo;n\u0131n ve di\u011fer s&uuml;per \u015feytanlar\u0131n y\u0131k\u0131laca\u011f\u0131n\u0131 bile akl\u0131na s\u0131\u011fd\u0131ramayanlar; nas\u0131l bu &uuml;lkenin, \u0130slam &Acirc;leminin ve mazlum milletlerin kurtulu\u015funa &ouml;nc&uuml;l&uuml;k yapacaklard\u0131? Karde\u015flerim, onun i&ccedil;in ge&ccedil;en ak\u015fam bu konuyu d&uuml;\u015f&uuml;n&uuml;nce, hem biraz &uuml;z&uuml;ld&uuml;m hem de iyi oldu. &Ccedil;&uuml;nk&uuml; bana bir \u015fiir yazd\u0131rd\u0131. Bu da size hediyem ve hat\u0131ram olsun.<\/span><\/strong><\/p>\n<p style=\"text-align: justify; text-indent: 1cm; line-height: 16pt;\"><strong><span style=\"font-size: 12.5pt; font-family: 'Arial', sans-serif;\">&nbsp;&nbsp;&nbsp;&nbsp;&nbsp;&nbsp; <\/span><\/strong><\/p>\n<p style=\"text-align: justify; text-indent: 92.15pt;\"><strong><span style=\"font-size: 18pt; font-family: 'Arial', sans-serif;\">HO\u015e SEVDAMDIR HAYALLER\u0130M!<\/span><\/strong><\/p>\n<p style=\"text-align: justify; text-indent: 155.95pt; line-height: 16pt;\"><strong><span style=\"font-size: 12.5pt; font-family: 'Arial', sans-serif;\">&nbsp;&nbsp;&nbsp;&nbsp;&nbsp;&nbsp;&nbsp;&nbsp; <\/span><\/strong><\/p>\n<p style=\"text-align: justify; text-indent: 155.95pt; line-height: 16pt;\"><span style=\"font-size: 14pt;\"><strong><span style=\"font-size: 12.5pt; font-family: 'Arial', sans-serif;\">Hakikatin ilk ad\u0131m\u0131&hellip;<\/span><\/strong><\/span><\/p>\n<p style=\"text-align: justify; text-indent: 155.95pt; line-height: 16pt;\"><span style=\"font-size: 14pt;\"><strong><span style=\"font-size: 12.5pt; font-family: 'Arial', sans-serif;\">\u0130man\u0131md\u0131r hayallerim&hellip;<\/span><\/strong><\/span><\/p>\n<p style=\"text-align: justify; text-indent: 155.95pt; line-height: 16pt;\"><span style=\"font-size: 14pt;\"><strong><span style=\"font-size: 12.5pt; font-family: 'Arial', sans-serif;\">Hem vuslat\u0131n, ho\u015f tad\u0131m\u0131<\/span><\/strong><\/span><\/p>\n<p style=\"text-align: justify; text-indent: 155.95pt; line-height: 16pt;\"><span style=\"font-size: 14pt;\"><strong><span style=\"font-size: 12.5pt; font-family: 'Arial', sans-serif;\">\u0130z&rsquo;an\u0131md\u0131r hayallerim&hellip;<\/span><\/strong><\/span><\/p>\n<p style=\"text-align: justify; text-indent: 155.95pt; line-height: 16pt;\"><span style=\"font-size: 14pt;\"><strong><span style=\"font-size: 12.5pt; font-family: 'Arial', sans-serif;\">&nbsp;&nbsp;&nbsp;&nbsp; <\/span><\/strong><\/span><\/p>\n<p style=\"text-align: justify; text-indent: 155.95pt; line-height: 16pt;\"><span style=\"font-size: 14pt;\"><strong><span style=\"font-size: 12.5pt; font-family: 'Arial', sans-serif;\">Ham kafalar, hayal kurmaz<\/span><\/strong><\/span><\/p>\n<p style=\"text-align: justify; text-indent: 155.95pt; line-height: 16pt;\"><span style=\"font-size: 14pt;\"><strong><span style=\"font-size: 12.5pt; font-family: 'Arial', sans-serif;\">Yolu olan, bo\u015fa durmaz<\/span><\/strong><\/span><\/p>\n<p style=\"text-align: justify; text-indent: 155.95pt; line-height: 16pt;\"><span style=\"font-size: 14pt;\"><strong><span style=\"font-size: 12.5pt; font-family: 'Arial', sans-serif;\">Denemeyen hedef vurmaz<\/span><\/strong><\/span><\/p>\n<p style=\"text-align: justify; text-indent: 155.95pt; line-height: 16pt;\"><span style=\"font-size: 14pt;\"><strong><span style=\"font-size: 12.5pt; font-family: 'Arial', sans-serif;\">G&uuml;man\u0131md\u0131r, hayallerim&hellip;<\/span><\/strong><\/span><\/p>\n<p style=\"text-align: justify; text-indent: 155.95pt; line-height: 16pt;\"><span style=\"font-size: 14pt;\"><strong><span style=\"font-size: 12.5pt; font-family: 'Arial', sans-serif;\">&nbsp;&nbsp;&nbsp;&nbsp;&nbsp;&nbsp; <\/span><\/strong><\/span><\/p>\n<p style=\"text-align: justify; text-indent: 155.95pt; line-height: 16pt;\"><span style=\"font-size: 14pt;\"><strong><span style=\"font-size: 12.5pt; font-family: 'Arial', sans-serif;\">\u0130man\u0131m tam, Kudretine<\/span><\/strong><\/span><\/p>\n<p style=\"text-align: justify; text-indent: 155.95pt; line-height: 16pt;\"><span style=\"font-size: 14pt;\"><strong><span style=\"font-size: 12.5pt; font-family: 'Arial', sans-serif;\">Hep g&uuml;vendim, nusretine<\/span><\/strong><\/span><\/p>\n<p style=\"text-align: justify; text-indent: 155.95pt; line-height: 16pt;\"><span style=\"font-size: 14pt;\"><strong><span style=\"font-size: 12.5pt; font-family: 'Arial', sans-serif;\">Dayand\u0131m Dost, hasretine<\/span><\/strong><\/span><\/p>\n<p style=\"text-align: justify; text-indent: 155.95pt; line-height: 16pt;\"><span style=\"font-size: 14pt;\"><strong><span style=\"font-size: 12.5pt; font-family: 'Arial', sans-serif;\">Amac\u0131md\u0131r, hayallerim&hellip;<\/span><\/strong><\/span><\/p>\n<p style=\"text-align: justify; text-indent: 155.95pt; line-height: 16pt;\"><span style=\"font-size: 14pt;\"><strong><span style=\"font-size: 12.5pt; font-family: 'Arial', sans-serif;\">&nbsp;&nbsp;&nbsp;&nbsp;&nbsp;&nbsp; <\/span><\/strong><\/span><\/p>\n<p style=\"text-align: justify; text-indent: 155.95pt; line-height: 16pt;\"><span style=\"font-size: 14pt;\"><strong><span style=\"font-size: 12.5pt; font-family: 'Arial', sans-serif;\">Tasar\u0131ms\u0131z, plan olmaz<\/span><\/strong><\/span><\/p>\n<p style=\"text-align: justify; text-indent: 155.95pt; line-height: 16pt;\"><span style=\"font-size: 14pt;\"><strong><span style=\"font-size: 12.5pt; font-family: 'Arial', sans-serif;\">Tasavvurum, talan olmaz<\/span><\/strong><\/span><\/p>\n<p style=\"text-align: justify; text-indent: 155.95pt; line-height: 16pt;\"><span style=\"font-size: 14pt;\"><strong><span style=\"font-size: 12.5pt; font-family: 'Arial', sans-serif;\">H&uuml;sn&uuml; zann\u0131m, yalan olmaz<\/span><\/strong><\/span><\/p>\n<p style=\"text-align: justify; text-indent: 155.95pt; line-height: 16pt;\"><span style=\"font-size: 14pt;\"><strong><span style=\"font-size: 12.5pt; font-family: 'Arial', sans-serif;\">\u0130rfan\u0131md\u0131r hayallerim&hellip;<\/span><\/strong><\/span><\/p>\n<p style=\"text-align: justify; text-indent: 155.95pt; line-height: 16pt;\"><span style=\"font-size: 14pt;\"><strong><span style=\"font-size: 12.5pt; font-family: 'Arial', sans-serif;\">&nbsp;&nbsp;&nbsp;&nbsp;&nbsp;&nbsp; <\/span><\/strong><\/span><\/p>\n<p style=\"text-align: justify; text-indent: 155.95pt; line-height: 16pt;\"><span style=\"font-size: 14pt;\"><strong><span style=\"font-size: 12.5pt; font-family: 'Arial', sans-serif;\">Fani d&uuml;nya, mihad\u0131md\u0131r<sup>1<\/sup><\/span><\/strong><\/span><\/p>\n<p style=\"text-align: justify; text-indent: 155.95pt; line-height: 16pt;\"><span style=\"font-size: 14pt;\"><strong><span style=\"font-size: 12.5pt; font-family: 'Arial', sans-serif;\">Hak adalet, nihad\u0131md\u0131r<sup>2<\/sup><\/span><\/strong><\/span><\/p>\n<p style=\"text-align: justify; text-indent: 155.95pt; line-height: 16pt;\"><span style=\"font-size: 14pt;\"><strong><span style=\"font-size: 12.5pt; font-family: 'Arial', sans-serif;\">Adil D&uuml;zen, cihad\u0131md\u0131r<\/span><\/strong><\/span><\/p>\n<p style=\"text-align: justify; text-indent: 155.95pt; line-height: 16pt;\"><span style=\"font-size: 14pt;\"><strong><span style=\"font-size: 12.5pt; font-family: 'Arial', sans-serif;\">\u0130lac\u0131md\u0131r, hayallerim&hellip;<\/span><\/strong><\/span><\/p>\n<p style=\"text-align: justify; text-indent: 155.95pt; line-height: 16pt;\"><span style=\"font-size: 14pt;\"><strong><span style=\"font-size: 12.5pt; font-family: 'Arial', sans-serif;\">&nbsp;&nbsp;&nbsp;&nbsp;&nbsp;&nbsp; <\/span><\/strong><\/span><\/p>\n<p style=\"text-align: justify; text-indent: 155.95pt; line-height: 16pt;\"><span style=\"font-size: 14pt;\"><strong><span style=\"font-size: 12.5pt; font-family: 'Arial', sans-serif;\">Hayalim var, &ccedil;&uuml;n davam var<\/span><\/strong><\/span><\/p>\n<p style=\"text-align: justify; text-indent: 155.95pt; line-height: 16pt;\"><span style=\"font-size: 14pt;\"><strong><span style=\"font-size: 12.5pt; font-family: 'Arial', sans-serif;\">&Uuml;midim var, &ccedil;&uuml;n duam var<\/span><\/strong><\/span><\/p>\n<p style=\"text-align: justify; text-indent: 155.95pt; line-height: 16pt;\"><span style=\"font-size: 14pt;\"><strong><span style=\"font-size: 12.5pt; font-family: 'Arial', sans-serif;\">Gayretim var, &ccedil;&uuml;n sevdam var<\/span><\/strong><\/span><\/p>\n<p style=\"text-align: justify; text-indent: 155.95pt; line-height: 16pt;\"><span style=\"font-size: 14pt;\"><strong><span style=\"font-size: 12.5pt; font-family: 'Arial', sans-serif;\">Kutlu gayem, hayallerim&hellip;<\/span><\/strong><\/span><\/p>\n<p style=\"text-align: justify; text-indent: 155.95pt; line-height: 16pt;\"><span style=\"font-size: 14pt;\"><strong><span style=\"font-size: 12.5pt; font-family: 'Arial', sans-serif;\">Mirac\u0131md\u0131r, hayallerim&hellip;<\/span><\/strong><\/span><\/p>\n<p style=\"text-align: justify; text-indent: 1cm; line-height: 16pt;\"><strong><span style=\"font-size: 12.5pt; font-family: 'Arial', sans-serif;\">&nbsp;&nbsp;&nbsp;&nbsp;&nbsp;&nbsp; <\/span><\/strong><\/p>\n<p style=\"text-align: justify; text-indent: 1cm; line-height: 16pt;\"><strong><span style=\"font-size: 12.5pt; font-family: 'Arial', sans-serif;\">1- Mihad:<\/span><\/strong><span style=\"font-size: 12.5pt; font-family: 'Arial', sans-serif;\"> Be\u015fik, d&ouml;\u015fek.<\/span><\/p>\n<p style=\"text-align: justify; text-indent: 1cm; line-height: 16pt;\"><strong><span style=\"font-size: 12.5pt; font-family: 'Arial', sans-serif;\">2- Nihad:<\/span><\/strong><span style=\"font-size: 12.5pt; font-family: 'Arial', sans-serif;\"> G&uuml;zel ahl&acirc;k, uygun endam.<\/span><\/p>\n<p style=\"text-align: justify; text-indent: 1cm; line-height: 16pt;\"><span style=\"font-size: 12.5pt; font-family: 'Arial', sans-serif;\">&nbsp;&nbsp;&nbsp;&nbsp;&nbsp;&nbsp; <\/span><\/p>\n<p style=\"text-align: justify; text-indent: 1cm; line-height: 16pt;\"><strong><span style=\"font-size: 14pt; font-family: 'Arial', sans-serif;\">Hayaller hakikatlerin tarlas\u0131d\u0131r; ve kutlu ama&ccedil;lar\u0131m\u0131z\u0131n dokuma tezg&acirc;h\u0131d\u0131r!<\/span><\/strong><\/p>\n<p style=\"text-align: justify; text-indent: 1cm; line-height: 16pt;\"><strong><span style=\"font-size: 14pt; font-family: 'Arial', sans-serif;\">Evet, hayal kurmak; gelece\u011fi makro &ouml;l&ccedil;&uuml;lerde kurgulama ve ya\u015fama iste\u011finden do\u011fmaktad\u0131r. &Ccedil;&uuml;nk&uuml;; <em>&ldquo;B&uuml;y&uuml;k i\u015fler, b&uuml;y&uuml;k hayaller kurma &ouml;zelli\u011fi olan insanlarca ba\u015far\u0131lm\u0131\u015ft\u0131r.&rdquo;<\/em> Hayaller, hayat tarlas\u0131na at\u0131lan umut tohumlar\u0131d\u0131r. Tohum ve tarla i&ccedil;in de &ccedil;abalaman\u0131z gerekir ki hayaller hakikatlere ula\u015fs\u0131n.<\/span><\/strong><\/p>\n<p style=\"text-align: justify; text-indent: 1cm; line-height: 16pt;\"><strong><span style=\"font-size: 12.5pt; font-family: 'Arial', sans-serif;\">Hayallerimiz bizim inanc\u0131m\u0131z\u0131n ve amac\u0131m\u0131z\u0131n aynas\u0131d\u0131r. Bir insan\u0131n y&uuml;re\u011finin g&uuml;c&uuml;n&uuml; anlamak i&ccedil;in sadece yapt\u0131klar\u0131na de\u011fil, yapmay\u0131 tasarlad\u0131klar\u0131na da bakmas\u0131 laz\u0131md\u0131r. &ldquo;Hayaller bizim kim oldu\u011fumuzun aynas\u0131d\u0131r&rdquo; diyenler hakl\u0131d\u0131r. Esaret alt\u0131ndaki insan &ouml;zg&uuml;rl&uuml;\u011f&uuml; hayal etmeli ki y&uuml;re\u011finde \u015fahlan\u0131\u015f g&uuml;lleri a&ccedil;s\u0131n. Fakir insan; ekme\u011fi olmayan de\u011fil, ekme\u011fin hayalini kuramayan insand\u0131r. Asl\u0131nda her hayal, kutlu ve umutlu yar\u0131nlar\u0131m\u0131z ad\u0131na hayat duvar\u0131nda gelecek ad\u0131na bir tu\u011fla koymakt\u0131r. &Ouml;nce hayallerimizi kurmal\u0131, ard\u0131ndan bu hayallerimize ula\u015fma ad\u0131na &ccedil;abalamal\u0131y\u0131z. Hedefleri k\u0131sa ve k\u0131s\u0131r olanlar\u0131n b&uuml;y&uuml;k hayaller kurmas\u0131 imk&acirc;ns\u0131zd\u0131r. Kutlu hayaller inan&ccedil;l\u0131 bir insan\u0131 &ouml;ylesine motive eder ki, belli bir s&uuml;re sonunda hayaliniz sizin hedefiniz ve ya\u015fama gayeniz olacakt\u0131r. Zaten bizi hayata ba\u011flayan biraz da ger&ccedil;ekle\u015fmemi\u015f hayallerimiz ve umutlar\u0131m\u0131zd\u0131r. Hayallerini ve ideallerini b\u0131rakanlar, y&uuml;r&uuml;yen cenazeler konumundad\u0131r.<\/span><\/strong><\/p>\n<p style=\"text-align: justify; text-indent: 1cm; line-height: 16pt;\"><strong><span style=\"font-size: 12.5pt; font-family: 'Arial', sans-serif;\">&Uuml;mitvar ve gayretk&acirc;r davranmal\u0131 ki; gelecek, hakl\u0131 ve hay\u0131rl\u0131 hayallerinin pe\u015finden ayr\u0131lmayanlar\u0131n olacakt\u0131r. Hayal g&uuml;c&uuml; &ouml;zg&uuml;rd&uuml;r ve insana &ouml;zg&uuml;rl&uuml;k kazand\u0131r\u0131r. Hayaller imana, \u0130slam&rsquo;a ve insanl\u0131\u011fa uygun olmal\u0131d\u0131r. Ger&ccedil;ekle\u015fen her hayal de bizi daha ileriye ta\u015f\u0131yacak ve yeni hayallerin, &uuml;mitlerin olu\u015fmas\u0131na imk&acirc;n sa\u011flayacakt\u0131r. &Uuml;nl&uuml; bir heykelt\u0131ra\u015fa, bu muhte\u015fem heykelleri nas\u0131l yapt\u0131\u011f\u0131n\u0131 sormu\u015flar. O ise <em>&ldquo;hayalen; heykelin i\u015flenmemi\u015f mermer blo\u011fun i&ccedil;inde zaten bulundu\u011funu; kendisinin ise zaten orada duran \u015feyi a&ccedil;\u0131\u011fa &ccedil;\u0131karmak i&ccedil;in fazlal\u0131klar\u0131 yonttu\u011funu&rdquo;<\/em> s&ouml;yleyerek yan\u0131tlam\u0131\u015ft\u0131r. Gelecekte nas\u0131l bir d&uuml;nya istiyorsan\u0131z, &ouml;nce o do\u011frultuda hayaller kurmaya &ccedil;al\u0131\u015f\u0131n. Hayalin ba\u015flad\u0131\u011f\u0131 yerde ise art\u0131k zafer i&ccedil;in de geri say\u0131m ba\u015flam\u0131\u015ft\u0131r. Evet ayaklar\u0131n\u0131z yere bass\u0131n, ama y\u0131ld\u0131zlara uzanmaktan asla sak\u0131nmay\u0131n. Yani inanc\u0131n\u0131z ve ama&ccedil;lar\u0131n\u0131z istikametinde usanmay\u0131n ve geri ad\u0131m atmay\u0131n&hellip; Ancak \u015funa da dikkat edin, kurdu\u011funuz hayaller k\u0131rd\u0131\u011f\u0131n\u0131z hayaller olmas\u0131n.<\/span><\/strong><\/p>\n<p style=\"text-align: justify; text-indent: 1cm; line-height: 16pt;\"><strong><span style=\"font-size: 14pt; font-family: 'Arial', sans-serif;\">Kutlu ve mutlu hayaller kuramayanlar, &uuml;mitlerini ve hayatiyetlerini yitirmi\u015f insanlard\u0131r!<\/span><\/strong><\/p>\n<p style=\"text-align: justify; text-indent: 1cm; line-height: 16pt;\"><strong><span style=\"font-size: 14pt; font-family: 'Arial', sans-serif;\">E\u011fer hayal, ger&ccedil;e\u011fin tasar\u0131m\u0131ysa, hayal g&uuml;c&uuml; ger&ccedil;e\u011fe ili\u015fkin en b&uuml;y&uuml;k g&uuml;&ccedil; kayna\u011f\u0131d\u0131r. \u0130nsan ger&ccedil;ek kurgular\u0131n\u0131 &ouml;nce hayallerinde canland\u0131r\u0131r, sonra d\u0131\u015f d&uuml;nyada bu ama&ccedil;lara ula\u015fmaya yo\u011funla\u015f\u0131r. Kutlu hedefleri i&ccedil;in hayal kuranlar, kendilerinden ba\u015flayarak zincirleme ger&ccedil;eklik reaksiyonu olu\u015fturacakt\u0131r. Hayal g&uuml;c&uuml; de bunu olu\u015fturma yetkinli\u011finin kayna\u011f\u0131d\u0131r. Hayal g&uuml;c&uuml; y&uuml;ksek insanlar, ger&ccedil;eklik tasar\u0131mlar\u0131 y&uuml;ksek ve a\u015fk\u0131n ki\u015filer olmaktad\u0131r. <\/span><\/strong><\/p>\n<p style=\"text-align: justify; text-indent: 1cm; line-height: 16pt;\"><strong><span style=\"font-size: 12.5pt; font-family: 'Arial', sans-serif;\">Albert Einstein&rsquo;\u0131n: <em>&ldquo;Hayal g&uuml;c&uuml; bilgiden ve beyinden daha k\u0131ymetlidir. &Ccedil;&uuml;nk&uuml; bilgi s\u0131n\u0131rl\u0131yken, hayal g&uuml;c&uuml; t&uuml;m d&uuml;nyay\u0131 kapsay\u0131c\u0131 &ouml;zelliktedir&hellip; Hayal g&uuml;c&uuml; insana g&uuml;&ccedil; verir; Hayal g&uuml;c&uuml; her \u015feydir. Sizi bekleyen g&uuml;zelliklerin &ouml;n izlemesi gibidir. Hayal g&uuml;c&uuml; bilgiden daha &ouml;nemlidir.&rdquo;<\/em> s&ouml;zleri &uuml;zerinde durmak laz\u0131md\u0131r. Kendisi ne makro, ne de mikro &ouml;l&ccedil;ekte g&ouml;r&uuml;lemeyen ve bilinmeyen fiziksel &ouml;l&ccedil;&uuml;leri ve projeleri hayalinde olu\u015fturmu\u015flard\u0131r. Hayal g&uuml;c&uuml; olmasa bir \u0131\u015f\u0131k demetinde seyahat etti\u011fini tasarlamaz, enerjinin \u0131\u015f\u0131k ile olan ba\u011flant\u0131s\u0131n\u0131 kavrayamazd\u0131. Ger&ccedil;ek d&uuml;nyada hi&ccedil;bir aletle yap\u0131lamayacak deneyleri hayallerinde yaparak, <\/span><\/strong><strong><em><span style=\"font-size: 14pt; font-family: 'Arial', sans-serif;\">g&ouml;relilik kuram\u0131<\/span><\/em><\/strong><span style=\"font-size: 14pt; font-family: 'Arial', sans-serif;\"> <\/span><strong><span style=\"font-size: 12.5pt; font-family: 'Arial', sans-serif;\">gibi gelece\u011fi de\u011fi\u015ftiren fikirleri ortaya koyamazd\u0131. Bilim d&uuml;nyas\u0131 kesin ger&ccedil;ekli\u011fi ararken, her olay\u0131n ve her \u015feyin g&ouml;zlemciye ba\u011fl\u0131 oldu\u011funu ve en b&uuml;y&uuml;k kesinli\u011fin bile g&ouml;relilik i&ccedil;erdi\u011fini hayal g&uuml;c&uuml;nde tasarlad\u0131. Baz\u0131lar\u0131 onun 100 y\u0131l &ouml;nceki hayallerini, ancak &ccedil;a\u011fda\u015f zamanlarda yeni yeni kavram\u0131\u015ft\u0131.<\/span><\/strong><\/p>\n<p style=\"text-align: justify; text-indent: 1cm; line-height: 16pt;\"><strong><span style=\"font-size: 12.5pt; font-family: 'Arial', sans-serif;\">Hayal g&uuml;c&uuml; sadece mevcut ger&ccedil;e\u011fi tasarlamaya odaklanmaz. Hayaller kesin mant\u0131k ba\u011flar\u0131 ile de &ccedil;al\u0131\u015fmaz. Bunun yerine halihaz\u0131rda bulunmayan ideal tasar\u0131m\u0131n\u0131 kurgulamal\u0131 ve anlamal\u0131y\u0131z. Kendi i&ccedil;imizde g&ouml;rd&uuml;\u011f&uuml;m&uuml;z&uuml; d\u0131\u015far\u0131da da uygulamaya &ccedil;al\u0131\u015fmal\u0131, &ouml;yle g&ouml;r&uuml;lmesini sa\u011flamal\u0131y\u0131z. Bu bir talepten ziyade, mecburi bir d\u0131\u015fa vurum olay\u0131d\u0131r. Buna g&ouml;re hayal kurmak bir i\u015f de\u011fil, bireyin ger&ccedil;eklik &ccedil;abas\u0131d\u0131r. Hayal g&uuml;c&uuml; derken de bir iktidar imk&acirc;n\u0131ndan &ccedil;ok, hayal etti\u011fimiz \u015feylerin g&uuml;c&uuml; s&ouml;z konusu olmaktad\u0131r. Buna d&uuml;\u015f&uuml;nce g&uuml;c&uuml; de demek uygundur. G&uuml;&ccedil;ten kas\u0131t, i&ccedil; d&uuml;nyam\u0131z\u0131n olanaklar\u0131 ve bunu d\u0131\u015f d&uuml;nyaya yans\u0131tma &ccedil;abas\u0131d\u0131r. \u0130&ccedil; d&uuml;nyam\u0131z ne kadar geni\u015fse, d\u0131\u015f d&uuml;nyaya o kadar b&uuml;y&uuml;k yans\u0131malar\u0131 olacakt\u0131r. Kendi ger&ccedil;eklik tasar\u0131m\u0131m\u0131z\u0131 di\u011fer bireylere de aktararak, makro birey olan insan\u0131n ve hayallerinin t&uuml;m d&uuml;nyay\u0131 -canl\u0131l\u0131\u011f\u0131- etkilemesi sa\u011flanacakt\u0131r.<\/span><\/strong><\/p>\n<p style=\"text-align: justify; text-indent: 1cm; line-height: 16pt;\"><strong><span style=\"font-size: 12.5pt; font-family: 'Arial', sans-serif;\">Hayaller, <em>&ldquo;mevcut ya\u015fant\u0131lar ve ama&ccedil;lar sonucu olu\u015fan i&ccedil; g&ouml;r&uuml;ler&rdquo;<\/em> olarak tan\u0131mlan\u0131r. \u0130stek d\u0131\u015f\u0131, do\u011fal hayat\u0131n ak\u0131\u015f\u0131na ayk\u0131r\u0131 olu\u015fturulan imgeler (hayali d&uuml;zmeceler), ge&ccedil;ici g&ouml;r&uuml;nt&uuml; ve kuruntulard\u0131r. Hayaller ise insan\u0131n bizzat kendisinin bilin&ccedil;li tasar\u0131mlar\u0131 olmad\u0131k&ccedil;a d\u0131\u015f ger&ccedil;ekli\u011fe aktar\u0131lamaz. \u0130nsan bir ger&ccedil;ekli\u011fi &ouml;nce kendi i&ccedil;inde projelendirip g&ouml;rmelidir ki, d\u0131\u015far\u0131ya da aktarabilsin. \u0130\u015fte hayal g&uuml;c&uuml; burada devreye sokulmal\u0131d\u0131r. Kendi ger&ccedil;ekli\u011fimizi olu\u015fturma olana\u011f\u0131 hayal g&uuml;c&uuml;m&uuml;z&uuml;n kayna\u011f\u0131d\u0131r. Kendi orijinal kurgular\u0131m\u0131z, bizim ger&ccedil;ekli\u011fe dair g&uuml;c&uuml;m&uuml;z&uuml; olu\u015fturacakt\u0131r. Bu ise iman\u0131m\u0131z ve ama&ccedil;lar\u0131m\u0131zla do\u011fru orant\u0131l\u0131d\u0131r.<\/span><\/strong><\/p>\n<p style=\"text-align: justify; text-indent: 1cm; line-height: 16pt;\"><strong><span style=\"font-size: 12.5pt; font-family: 'Arial', sans-serif;\">Beyin i&ccedil;in hayal etmek kendince baz\u0131 \u015feyler g&ouml;rmektir. \u0130nsanlara davran\u0131\u015f\u0131m\u0131z ve sosyal tav\u0131rlar\u0131m\u0131z da kendimizdeki bu g&ouml;rmelerimizle ve d&uuml;\u015f&uuml;ncelerimizle \u015fekillenir. Biz fark etmeden kurdu\u011fumuz k&ouml;t&uuml; hayaller y&uuml;z&uuml;nden insanlara k&ouml;t&uuml; davran\u0131\u015flara y&ouml;neliriz. &Ccedil;evremizin bizi sevmesi de iyi niyetlerimiz ve hayallerimiz y&uuml;z&uuml;ndendir. Sorunlar\u0131m\u0131z\u0131n &ccedil;&ouml;z&uuml;m&uuml; \u015fuurlu ve huzurlu hayallerimizdir. Kimse g&ouml;rm&uuml;yor sanmay\u0131n, hayalleriniz davran\u0131\u015flar\u0131n\u0131z\u0131n rehberidir. E\u011fer birileri hakk\u0131nda size k&ouml;t&uuml;l&uuml;k yapaca\u011f\u0131na dair senaryolar kurup duruyorsan\u0131z, sizin i&ccedil;in o k&ouml;t&uuml;l&uuml;kleri yapmas\u0131n\u0131 kolayla\u015ft\u0131r\u0131yorsunuz demektir. Sonra o ki\u015fiye, size k&ouml;t&uuml;l&uuml;k yapm\u0131\u015f gibi davran\u0131\u015flar sergilersiniz. &Ccedil;&uuml;nk&uuml; beyniniz, bu hayalleri ger&ccedil;ekten g&ouml;rm&uuml;\u015f gibi hareket etmektedir. D&uuml;\u015f&uuml;nmek bir nevi g&ouml;rmek say\u0131l\u0131rken, hayal g&uuml;c&uuml; bu g&ouml;r&uuml;nt&uuml;n&uuml;n b&uuml;y&uuml;kl&uuml;\u011f&uuml;n&uuml; ve &ouml;zg&uuml;nl&uuml;\u011f&uuml;n&uuml; ifade eden bir kavramd\u0131r. En &ouml;nemli k\u0131stas, bireyin kendisinden yani inan&ccedil; ve ama&ccedil; temellerinden yola &ccedil;\u0131kmas\u0131d\u0131r. En b&uuml;y&uuml;k hayal g&uuml;c&uuml; en &ouml;zg&uuml;n ve zengin olan\u0131d\u0131r. Hepimizin farkl\u0131 birer birey olmam\u0131z, milyonlarca farkl\u0131 t&uuml;rde ya\u015famam\u0131z bundan kaynaklan\u0131r. Farkl\u0131 ger&ccedil;eklikler ve s\u0131n\u0131rs\u0131z &ouml;zg&uuml;nl&uuml;k tercihleri bizi biz yapan olgulard\u0131r. Hayal g&uuml;c&uuml;m&uuml;z -gelece\u011fi tasarlamadaki &ouml;zg&uuml;nl&uuml;\u011f&uuml;m&uuml;z- de bunda en &ouml;nemli etken olmaktad\u0131r.<\/span><\/strong><\/p>\n<p style=\"text-align: justify; text-indent: 1cm; line-height: 16pt;\"><strong><span style=\"font-size: 14pt; font-family: 'Arial', sans-serif;\">Hayaller, kutlu tasar\u0131m kurgular\u0131d\u0131r!<\/span><\/strong><\/p>\n<p style=\"text-align: justify; text-indent: 1cm; line-height: 16pt;\"><strong><span style=\"font-size: 12.5pt; font-family: 'Arial', sans-serif;\">\u015eayet, hayal g&uuml;c&uuml;n&uuml; ortaya &ccedil;\u0131karan ki\u015fisel ve &ccedil;evresel unsurlar\u0131; inan&ccedil; ve ama&ccedil; irtibat\u0131n\u0131, gaye ve gayret ba\u011flam\u0131n\u0131 kavrayarak ve hayal etmenin yarat\u0131c\u0131l\u0131k ile ili\u015fkisi gibi konulara odaklan\u0131larak; <em>&ldquo;Tasar\u0131m s&uuml;re&ccedil;lerinde hayal g&uuml;c&uuml; nas\u0131l \u015fekillenir?&rdquo;, &ldquo;\u0130lham kayna\u011f\u0131 olarak zihinde beliren nedir?&rdquo;, &ldquo;H<span style=\"display: none;\">H<\/span>erkes tasar\u0131mc\u0131 olabilir mi?&rdquo;<\/em> gibi sorular irdelenirse, bu kavramlar\u0131n tasar\u0131m ve tasar\u0131mc\u0131 a&ccedil;\u0131s\u0131ndan nas\u0131l farkl\u0131l\u0131k yaratt\u0131\u011f\u0131 anla\u015f\u0131lm\u0131\u015f olacakt\u0131r. Hayal g&uuml;c&uuml;; ya\u015fam\u0131n farkl\u0131 alanlar\u0131nda, g&uuml;ndelik-s\u0131radan faaliyetler s\u0131ras\u0131nda ve &ccedil;e\u015fitli a\u015famalarda kendini g&ouml;stermekle beraber; sanatsal etkinlikler ve bilimsel tasar\u0131m olu\u015fturma s&uuml;re&ccedil;leri gibi s\u0131ra d\u0131\u015f\u0131 plan ve projeler gerektiren durumlar a&ccedil;\u0131s\u0131ndan da motivasyon sa\u011flayan &ouml;nemli bir dinamik say\u0131lmaktad\u0131r ve &ouml;zellikle tarihin seyrini de\u011fi\u015ftiren b&uuml;y&uuml;k ve kutlu devrimlere ula\u015fma s&uuml;recinde &ldquo;Hayal G&uuml;c&uuml;&rdquo; en &ouml;nemli motivasyon kayna\u011f\u0131d\u0131r. <\/span><\/strong><\/p>\n<p style=\"text-align: justify; text-indent: 1cm; line-height: 16pt;\"><strong><span style=\"font-size: 14pt; font-family: 'Arial', sans-serif;\">Hayalin kayna\u011f\u0131 ve kayma\u011f\u0131!<\/span><\/strong><\/p>\n<p style=\"text-align: justify; text-indent: 1cm; line-height: 16pt;\"><strong><span style=\"font-size: 12.5pt; font-family: 'Arial', sans-serif;\">Bu nedenle hayal g&uuml;c&uuml;; <em>&ldquo;zihnin hayal etme ve imgeleme &ouml;zelli\u011fi, muhayyile; yani bir nesneyi, o nesne orada olmaks\u0131z\u0131n tasar\u0131mlama yetisi&rdquo;<\/em> olarak tan\u0131mlanmaktad\u0131r. Bu tan\u0131ma g&ouml;re, zihinsel i\u015fleyi\u015fin bir par&ccedil;as\u0131 olan hayal etme becerisi, imgeler (hayali projeler) aras\u0131ndaki ili\u015fkileri yorumlayabilme potansiyeli ile ili\u015fkilidir. Dolay\u0131s\u0131yla hayal etme s&uuml;recinde, &ldquo;imge&rdquo; (hayal) kavram\u0131 temel bir &ouml;neme sahiptir. Duyular yoluyla alg\u0131lanan nesne ya da olaylar\u0131n bilince ta\u015f\u0131narak bir &ldquo;anlam&rdquo; ifade etmesi ile ortaya &ccedil;\u0131kan imgeler, nesnel ger&ccedil;eklikte ayn\u0131 g&ouml;r&uuml;nseler dahi, temelde &ouml;znel bir yap\u0131ya sahip olup, her insan a&ccedil;\u0131s\u0131ndan farkl\u0131 de\u011ferler ve hedefler ifade etmektedir. Bu durumda, imgeleri ili\u015fkilendirme ve yorumlama yetene\u011fi, bireysel bir kapasiteyle ilgilidir ve ki\u015finin kendine &ouml;zg&uuml; yap\u0131s\u0131 i&ccedil;erisinde ortaya &ccedil;\u0131kan farkl\u0131 &ouml;zelliklerin bu yetene\u011fi y&ouml;nlendirmesiyle \u015fekillenir. \u0130nsan\u0131n <em>&ouml;zelle\u015fmi\u015f bili\u015fsel kapasitesi, d&uuml;\u015f&uuml;nerek anlamay\u0131 se&ccedil;en karar verme se&ccedil;enekleri <\/em>gibi, rasyonel yap\u0131s\u0131n\u0131 etkileyen niteliklerle beraber; d\u0131\u015far\u0131dan gelen uyaranlara da a&ccedil;\u0131k vaziyettedir. Sosyal &ccedil;evrenin manip&uuml;lasyonunu d\u0131\u015f\u0131nda kalarak, &ldquo;i&ccedil; g&ouml;r&uuml;&rdquo; ile ili\u015fkilenen sezgisel de\u011ferlendirmelerin ne denli &ouml;nemsendi\u011fi ger&ccedil;e\u011fi; hayal g&uuml;c&uuml;n&uuml; olu\u015fturan dinamikleri harekete ge&ccedil;irme e\u011filimindedir. &Ouml;zellikle korku ve ku\u015fku gibi k\u0131s\u0131tlay\u0131c\u0131 duygulardan uzakla\u015farak, inan&ccedil; ve ama&ccedil;lar\u0131na yo\u011funla\u015farak; i&ccedil; g&ouml;zleme (yani olumlu ve \u015fuurlu hayal &acirc;lemine) y&ouml;nelebilen bireylerde geli\u015fme g&ouml;steren bu nitelikler, ki\u015finin bir &ldquo;&ouml;zg&uuml;rle\u015fme alan\u0131&rdquo; olu\u015fturma &ccedil;abas\u0131 ile ortaya koydu\u011fu planlama ve tasarlama eylemi olarak kendini g&ouml;sterir. Bu bak\u0131mdan tasar\u0131m s&uuml;re&ccedil;lerinde, hayal g&uuml;c&uuml; ve planlamac\u0131l\u0131k kavramlar\u0131 olduk&ccedil;a &ouml;nemlidir.<\/span><\/strong><\/p>\n<p style=\"text-align: justify; text-indent: 1cm; line-height: 16pt;\"><strong><span style=\"font-size: 12.5pt; font-family: 'Arial', sans-serif;\">Hayal etmek, ger&ccedil;ekli\u011fin bilinen s\u0131n\u0131rl\u0131 yap\u0131s\u0131n\u0131 a\u015ft\u0131\u011f\u0131, farkl\u0131la\u015ft\u0131rd\u0131\u011f\u0131 gibi; yeni, daha &ouml;nce var olmayan ama olmas\u0131 istenen veya beklenen bir durumu &ouml;ng&ouml;rerek, ya da sadece sezerek ortaya &ccedil;\u0131karabilir. B&ouml;ylece, mevcut (g&uuml;nl&uuml;k) ya\u015fant\u0131n\u0131n &ouml;tesine ge&ccedil;me olas\u0131l\u0131\u011f\u0131n\u0131 do\u011furan hayal g&uuml;c&uuml;; birbiriyle ili\u015fkili olmad\u0131\u011f\u0131 d&uuml;\u015f&uuml;n&uuml;len, g&uuml;nl&uuml;k ya\u015famda anlams\u0131z g&ouml;r&uuml;nen ya da bilinen par&ccedil;alar\u0131 bir araya getirebilecek alternatif bir d&uuml;\u015f&uuml;nce dizisi olu\u015fturabilir ve bu a&ccedil;\u0131dan yarat\u0131c\u0131 d&uuml;\u015f&uuml;nce ile do\u011frudan ili\u015fkilidir. Bu nedenle hayal g&uuml;c&uuml;, ger&ccedil;eklikten par&ccedil;alar alarak onlar\u0131 de\u011fi\u015ftirir, d&ouml;n&uuml;\u015ft&uuml;r&uuml;r ve farkl\u0131 bir \u015fekilde bi&ccedil;imlendirerek yeni bir ger&ccedil;ekli\u011fe eri\u015ftirir. <\/span><\/strong><strong><span style=\"font-size: 14pt; font-family: 'Arial', sans-serif;\">B&ouml;ylece hayal g&uuml;c&uuml;n&uuml;n hem duygusal hem de entelekt&uuml;el bir yap\u0131ya sahip oldu\u011fu dikkate al\u0131narak yeni icat ve ke\u015fifleri geli\u015ftirdi\u011fi bilinmektedir.<\/span><\/strong><strong><span style=\"font-size: 12.5pt; font-family: 'Arial', sans-serif;\"> Ayn\u0131 \u015fekilde, yarat\u0131c\u0131 bir ki\u015filik yap\u0131s\u0131 olarak bilinen en &ouml;nemli karakteristik &ouml;zelliklerden biri olarak de\u011ferlendirilen hayal kurabilme yetisi; var olan genel d&uuml;\u015f&uuml;nme tarz\u0131ndan ayr\u0131larak; soyut veya somut anlamda bir yenilik meydana getirme becerisini ortaya &ccedil;\u0131karan &ouml;nemli bir &ouml;zelliktir. Tasar\u0131m s&uuml;re&ccedil;lerinde belirleyici olan &ldquo;&ouml;zg&uuml;n&rdquo; ve &ldquo;yeni&rdquo; kavramlar\u0131 a&ccedil;\u0131s\u0131ndan etkili olan bu &ouml;zellik sayesinde &ldquo;tasar\u0131m&rdquo; kavram\u0131 zenginle\u015ferek, tasar\u0131mc\u0131 ki\u015filer farkl\u0131 a&ccedil;\u0131l\u0131mlara y&ouml;nelmektedir. &Ouml;zellikle, hayal g&uuml;c&uuml;n&uuml;n fizyolojik temelleri ara\u015ft\u0131r\u0131ld\u0131\u011f\u0131nda, alg\u0131lama s&uuml;re&ccedil;lerinin ve alg\u0131sal d&uuml;zenlemelerin, hayal etme etkinli\u011fi ile olduk&ccedil;a yak\u0131ndan ili\u015fkili oldu\u011fu g&ouml;r&uuml;lmektedir. \u0130nsan zihninin en gizemli konular\u0131ndan biri olan icat&ccedil;\u0131 d&uuml;\u015f&uuml;nceyi olu\u015fturan beyin fonksiyonlar\u0131 hakk\u0131nda ortaya konan &ccedil;al\u0131\u015fmalar sonucunda elde edilen bilgiler, merak uyand\u0131rmaya devam etmektedir. Yap\u0131lan incelemeler sonucunda, -halen- s\u0131n\u0131rl\u0131 bilgilere ula\u015f\u0131lsa da &ccedil;e\u015fitli bulgular elde edilmektedir.<\/span><\/strong><\/p>\n<p style=\"text-align: justify; text-indent: 1cm; line-height: 16pt;\"><strong><span style=\"font-size: 14pt; font-family: 'Arial', sans-serif;\">Olumlu ve uyumlu hayaller kurman\u0131n baz\u0131 a\u015famalar\u0131 vard\u0131r:<\/span><\/strong><\/p>\n<p style=\"text-align: justify; text-indent: 1cm; line-height: 16pt;\"><strong><span style=\"font-size: 14pt; font-family: 'Arial', sans-serif;\">Yeni icat ve ink\u0131laplar\u0131 belirleyen etkenler ve tasar\u0131mc\u0131l\u0131\u011f\u0131 tetikleyen &ouml;\u011feler hakk\u0131nda yap\u0131lan bilimsel &ccedil;al\u0131\u015fmalarda belli evreler ve s&uuml;re&ccedil;ler tespit edilmi\u015ftir. Bu evreler &ccedil;e\u015fitli de\u011fi\u015fikliklerle \u015fu s&uuml;re&ccedil;lere d&ouml;n&uuml;\u015fm&uuml;\u015f vaziyettedir:<\/span><\/strong><\/p>\n<p style=\"text-align: justify; text-indent: 1cm; line-height: 16pt;\"><strong><span style=\"font-size: 12.5pt; font-family: 'Arial', sans-serif;\">1- &Ouml;nce bireysel ve toplumsal ihtiya&ccedil;lar\u0131n do\u011fru ve cesur saptanmas\u0131,<\/span><\/strong><\/p>\n<p style=\"text-align: justify; text-indent: 1cm; line-height: 16pt;\"><strong><span style=\"font-size: 12.5pt; font-family: 'Arial', sans-serif;\">2- Bu ama&ccedil;lara ula\u015ft\u0131r\u0131c\u0131 ve doyurucu bilgilerin toplanmas\u0131,<\/span><\/strong><\/p>\n<p style=\"text-align: justify; text-indent: 1cm; line-height: 16pt;\"><strong><span style=\"font-size: 12.5pt; font-family: 'Arial', sans-serif;\">3- Bu bilgilerin sa\u011flam kaynaklara ve &ouml;nder-&ouml;rnek \u015fah\u0131slara do\u011frulat\u0131lmas\u0131 ve sorgulanmas\u0131,<\/span><\/strong><\/p>\n<p style=\"text-align: justify; text-indent: 1cm; line-height: 16pt;\"><strong><span style=\"font-size: 12.5pt; font-family: 'Arial', sans-serif;\">4- En uygun &ccedil;&ouml;z&uuml;m programlar\u0131n\u0131n tasarlanmas\u0131, gerekli plan ve projelerin haz\u0131rlanmas\u0131,<\/span><\/strong><\/p>\n<p style=\"text-align: justify; text-indent: 1cm; line-height: 16pt;\"><strong><span style=\"font-size: 12.5pt; font-family: 'Arial', sans-serif;\">5- Zaman zaman uygunluk ve do\u011fruluk testlerinin yap\u0131lmas\u0131, yeni h\u0131z ve heyecanlar\u0131n kazan\u0131lmas\u0131&hellip;<\/span><\/strong><\/p>\n<p style=\"text-align: justify; text-indent: 1cm; line-height: 16pt;\"><strong><span style=\"font-size: 12.5pt; font-family: 'Arial', sans-serif;\">6- Bunlardan sonra emin ve metin ad\u0131mlarla uygulama a\u015famas\u0131na ba\u015flanmas\u0131.<\/span><\/strong><\/p>\n<p style=\"text-align: justify; text-indent: 1cm; line-height: 16pt;\"><strong><span style=\"font-size: 12.5pt; font-family: 'Arial', sans-serif;\">B&uuml;t&uuml;n bu s&uuml;re&ccedil;lerde, Allah&rsquo;\u0131n &ouml;zel bir vergisi olan <\/span><\/strong><strong><span style=\"font-size: 14pt; font-family: 'Arial', sans-serif;\">&ldquo;Sezgi&rdquo; <\/span><\/strong><strong><span style=\"font-size: 12.5pt; font-family: 'Arial', sans-serif;\">yetene\u011finin ve Rabbani inayetin &ouml;nemi de asla g&ouml;z ard\u0131 edilmemelidir.<\/span><\/strong><\/p>\n<p style=\"text-align: justify; text-indent: 1cm; line-height: 16pt;\"><strong><span style=\"font-size: 14pt; font-family: 'Arial', sans-serif;\">Fantastik (kurgulay\u0131c\u0131 ve tasar\u0131mc\u0131) hayal g&uuml;c&uuml; kayna\u011f\u0131<\/span><\/strong><\/p>\n<p style=\"text-align: justify; text-indent: 1cm; line-height: 16pt;\"><strong><span style=\"font-size: 12.5pt; font-family: 'Arial', sans-serif;\">Baz\u0131 insanlar\u0131n di\u011ferlerine g&ouml;re daha icat&ccedil;\u0131 ve tasar\u0131mc\u0131 bir zihne sahip oldu\u011fu a&ccedil;\u0131kt\u0131r. Ancak ara\u015ft\u0131rmalar g&ouml;steriyor ki, yap\u0131c\u0131 hayal g&uuml;c&uuml; &ccedil;evremiz yoluyla geli\u015febilen ya da &ccedil;ok fazla &ccedil;al\u0131\u015farak elde edilebilen bir yetenek de olmaktad\u0131r. &Ouml;rne\u011fin, deneysel ara\u015ft\u0131rmalar yapan &ccedil;ocuklar\u0131n yarat\u0131c\u0131 i&ccedil;eriklerle u\u011fra\u015ft\u0131klar\u0131nda ya da y&uuml;ksek hayal g&uuml;c&uuml;ne sahip insanlar\u0131 izlediklerinde, kendilerinin de giderek ara\u015ft\u0131r\u0131c\u0131 hayal g&uuml;c&uuml;ne sahip olduklar\u0131 ortaya &ccedil;\u0131km\u0131\u015ft\u0131r.<\/span><\/strong><\/p>\n<p style=\"text-align: justify; text-indent: 1cm; line-height: 16pt;\"><strong><span style=\"font-size: 12.5pt; font-family: 'Arial', sans-serif;\">Yarat\u0131c\u0131 hayal g&uuml;c&uuml;n&uuml;n iki a\u015famas\u0131 vard\u0131r.<\/span><\/strong><\/p>\n<p style=\"text-align: justify; text-indent: 1cm; line-height: 16pt;\"><strong><span style=\"font-size: 12.5pt; font-family: 'Arial', sans-serif;\">1- &ldquo;Farkl\u0131 d&uuml;\u015f&uuml;nme&rdquo;, ana sorunlarla ya da konularla ba\u011flant\u0131l\u0131 istikamette, &ccedil;ok &ccedil;e\u015fitli fikirleri d&uuml;\u015f&uuml;nebilme yetene\u011fi olmaktad\u0131r. Bunlar h\u0131zl\u0131 ve otomatik olan sezgisel d&uuml;\u015f&uuml;nme ile desteklenmeye e\u011filimli insanlard\u0131r. 2- Daha sonra, ana sorunlar veya konulardaki fikirleri de\u011ferlendirmemize yard\u0131mc\u0131 olacak &#8220;&Ccedil;&ouml;z&uuml;m odakl\u0131&#8221; &ouml;nerilere ihtiyac\u0131m\u0131z vard\u0131r. &Ccedil;&uuml;nk&uuml; orijinal ve farkl\u0131 d&uuml;\u015f&uuml;nme, cesur fikir ve hedefler g&uuml;tme ve ayn\u0131 merkeze kilitlenme kutlu hayallerimize kuvvet katacakt\u0131r. Bu s&uuml;rece analitik (&ccedil;&ouml;z&uuml;mleyici) d&uuml;\u015f&uuml;nce taraf\u0131ndan destek sa\u011flanmal\u0131d\u0131r. Bu sayede yava\u015f ve tedbirli olarak do\u011fru fikri se&ccedil;meye yana\u015f\u0131r\u0131z.<\/span><\/strong><\/p>\n<p style=\"text-align: justify; text-indent: 1cm; line-height: 16pt;\"><strong><span style=\"font-size: 12.5pt; font-family: 'Arial', sans-serif;\">Bir&ccedil;ok insan i&ccedil;in, ba\u015far\u0131l\u0131 ve yarat\u0131c\u0131 bir projenin anahtar\u0131; bir fikre ve hedefe tamamen kendini verebilme yetene\u011fi olarak tan\u0131mlan\u0131r. Bunun i&ccedil;in bilim insanlar\u0131n\u0131n &#8220;fantastik (kurgulay\u0131c\u0131) hayal g&uuml;c&uuml;&#8221; dedikleri olguya ihtiyac\u0131m\u0131z vard\u0131r. Ancak yukar\u0131da de\u011findi\u011fimiz gibi, fantastik (kurgulay\u0131c\u0131, tasar\u0131mc\u0131) hayal g&uuml;c&uuml;, g&uuml;n i&ccedil;inde bo\u015f ve kof hayaller kurmalar\u0131 art\u0131rabilece\u011fi ve bizi g&uuml;nl&uuml;k i\u015flerimizden uzakla\u015ft\u0131rabilece\u011fi g&ouml;z &ouml;n&uuml;nde bulunduruldu\u011funda, baz\u0131lar\u0131nca sak\u0131ncal\u0131 say\u0131lmaktad\u0131r. Hatta karanl\u0131k ve zararl\u0131 bir taraf\u0131 bile vard\u0131r. &Ccedil;&uuml;nk&uuml; ki\u015finin fantastik hayal g&uuml;c&uuml;, travmatik olaylara kar\u015f\u0131 ger&ccedil;eklikten ka&ccedil;may\u0131 art\u0131rma e\u011filimi de ta\u015f\u0131maktad\u0131r. Ancak bu hayal kurman\u0131n b&uuml;y&uuml;k faydalar\u0131 da vard\u0131r. &Ccedil;ocuklardaki fantastik kat\u0131l\u0131m; artan yap\u0131c\u0131 hayal g&uuml;c&uuml;, anlat\u0131 yetene\u011fini geli\u015ftirip olgunla\u015ft\u0131r\u0131r ve farkl\u0131 bak\u0131\u015f a&ccedil;\u0131s\u0131 kazanma becerisini art\u0131r\u0131r. Yeti\u015fkinler i&ccedil;in de haf\u0131za birle\u015ftirmeye, yarat\u0131c\u0131 problem &ccedil;&ouml;zmeye ve planlama geli\u015ftirmeye yard\u0131mc\u0131 olmaktad\u0131r.<\/span><\/strong><\/p>\n<p style=\"text-align: justify; text-indent: 1cm; line-height: 16pt;\"><strong><span style=\"font-size: 12.5pt; font-family: 'Arial', sans-serif;\">Bu hayal kurma; ayn\u0131 zamanda geli\u015ftirebilece\u011fimiz bir yetenek konumundad\u0131r. Ara\u015ft\u0131rmalar, ebeveynleri taraf\u0131ndan k&uuml;&ccedil;&uuml;k ya\u015fta oyun oynamalar\u0131 veya tiyatroda rol almalar\u0131 i&ccedil;in cesaretlendirilen &ccedil;ocuklar\u0131n, sonraki ya\u015famlar\u0131nda daha y&uuml;ksek fantastik e\u011filime ve yenilikler &uuml;retmeye y&ouml;nelime sahip olduklar\u0131n\u0131 ortaya koymaktad\u0131r.<\/span><\/strong><\/p>\n<p style=\"text-align: justify; text-indent: 1cm; line-height: 16pt;\"><strong><span style=\"font-size: 12.5pt; font-family: 'Arial', sans-serif;\"><\/span><\/strong><\/p>\n","protected":false},"excerpt":{"rendered":"<p>&nbsp; B&Uuml;Y&Uuml;K HAYALLER\u0130M\u0130Z \u0130NANCIMIZIN \u0130CABIDIR VE AMA&Ccedil;LARIMIZ ORANINDADIR! &nbsp;&nbsp;&nbsp;&nbsp;&nbsp;&nbsp; Baz\u0131lar\u0131 bize: &ldquo;Yahu siz &ccedil;ok hayalperestsiniz!&rdquo; diyorlar. Bizi: &ldquo;Temelsiz hayaller kuruyorsunuz&rdquo; diye su&ccedil;luyorlar. B&uuml;t&uuml;n bu arzular\u0131m\u0131z\u0131 ve ama&ccedil;lar\u0131m\u0131z\u0131 bo\u015f hayal ve kuruntu zannediyorlar. &Ouml;nce, benim karde\u015flerim; inanan bir insan, inand\u0131\u011f\u0131 hedefe varmak i&ccedil;in elbette aray\u0131\u015flar ba\u015flatacak ve arzulayacakt\u0131r. &Ccedil;&uuml;nk&uuml; inanmak bunu gerektirir; inanan arayacak ve arzulayacakt\u0131r. [&hellip;]<\/p>\n","protected":false},"author":77,"featured_media":0,"comment_status":"open","ping_status":"closed","sticky":false,"template":"","format":"standard","meta":{"footnotes":""},"categories":[241],"tags":[],"class_list":["post-5908","post","type-post","status-publish","format-standard","hentry","category-eylul-2020"],"_links":{"self":[{"href":"https:\/\/www.millicozum.com\/mc\/wp-json\/wp\/v2\/posts\/5908","targetHints":{"allow":["GET"]}}],"collection":[{"href":"https:\/\/www.millicozum.com\/mc\/wp-json\/wp\/v2\/posts"}],"about":[{"href":"https:\/\/www.millicozum.com\/mc\/wp-json\/wp\/v2\/types\/post"}],"author":[{"embeddable":true,"href":"https:\/\/www.millicozum.com\/mc\/wp-json\/wp\/v2\/users\/77"}],"replies":[{"embeddable":true,"href":"https:\/\/www.millicozum.com\/mc\/wp-json\/wp\/v2\/comments?post=5908"}],"version-history":[{"count":0,"href":"https:\/\/www.millicozum.com\/mc\/wp-json\/wp\/v2\/posts\/5908\/revisions"}],"wp:attachment":[{"href":"https:\/\/www.millicozum.com\/mc\/wp-json\/wp\/v2\/media?parent=5908"}],"wp:term":[{"taxonomy":"category","embeddable":true,"href":"https:\/\/www.millicozum.com\/mc\/wp-json\/wp\/v2\/categories?post=5908"},{"taxonomy":"post_tag","embeddable":true,"href":"https:\/\/www.millicozum.com\/mc\/wp-json\/wp\/v2\/tags?post=5908"}],"curies":[{"name":"wp","href":"https:\/\/api.w.org\/{rel}","templated":true}]}}