{"id":593,"date":"2004-01-01T00:00:00","date_gmt":"2004-01-01T00:00:00","guid":{"rendered":"https:\/\/www.millicozum.com\/mc\/2004\/01\/01\/ayin-aynasi-12\/"},"modified":"2004-01-01T00:00:00","modified_gmt":"2004-01-01T00:00:00","slug":"ayin-aynasi-12","status":"publish","type":"post","link":"https:\/\/www.millicozum.com\/mc\/2004\/ocak-2004\/ayin-aynasi\/","title":{"rendered":"AYIN AYNASI"},"content":{"rendered":"<p>\u00a0  <\/p>\n<p> Kiminin derdi Mevlas\u0131, kiminin Leylas\u0131d\u0131r. <\/p>\n<p> Kiminin putu paras\u0131, tapt\u0131\u011f\u0131 d\u00fcnyas\u0131d\u0131r <\/p>\n<p> \u015euur; \u00e7abas\u0131 kime yarad\u0131\u011f\u0131n\u0131 bilmektir <\/p>\n<p> Boya, foyay\u0131 \u00f6rter, feraset alt\u0131n\u0131 g\u00f6rmektir <\/p>\n<p> Herkesin i\u00e7ini g\u00f6steren i\u015fleri; aynas\u0131d\u0131r!.. <\/p>\n<p>  \u00a0  <\/p>\n<p> <strong>\u00a0\u00a0\u00a0\u00a0\u00a0\u00a0\u00a0\u00a0\u00a0\u00a0\u00a0\u00a0\u00a0\u00a0\u00a0\u00a0\u00a0\u00a0\u00a0\u00a0\u00a0\u00a0\u00a0\u00a0\u00a0\u00a0 <\/strong><strong>1-<\/strong> <\/p>\n<p> <strong>Ay\u0131n En \u00c7arp\u0131c\u0131 &quot;Levha&quot;s\u0131:<\/strong> <\/p>\n<p> &#160; <\/p>\n<p> AKP iktidar\u0131n\u0131n, zaten yoksulluktan bunalm\u0131\u015f halk\u0131m\u0131zdan zorla toplad\u0131klar\u0131 b\u00fct\u00fcn vergiler ve haz\u0131rlad\u0131klar\u0131 b\u00fct\u00e7eler art\u0131k IMF&#39;nin, bor\u00e7 ve faiz taksidine bile yetmiyor!.. <\/p>\n<p> O halde Maliye Bakanl\u0131\u011f\u0131n\u0131n kap\u0131s\u0131na &quot;IMF T\u00dcRK\u0130YE TEMS\u0130LC\u0130L\u0130\u011e\u0130&quot; Levhas\u0131n\u0131 ass\u0131nlar ve Kemal Unak\u0131tan&#39;\u0131n\u00a0 yakas\u0131na da &quot;S\u00d6M\u00dcRGE TAHS\u0130LDARI&quot; rozetini taks\u0131nlar!..&quot; <\/p>\n<p> <strong>\u00a0\u00a0\u00a0\u00a0\u00a0\u00a0\u00a0\u00a0\u00a0\u00a0\u00a0\u00a0\u00a0\u00a0\u00a0\u00a0\u00a0\u00a0\u00a0\u00a0\u00a0\u00a0\u00a0\u00a0\u00a0\u00a0\u00a0\u00a0\u00a0\u00a0\u00a0\u00a0\u00a0\u00a0\u00a0\u00a0\u00a0\u00a0\u00a0\u00a0\u00a0\u00a0\u00a0\u00a0\u00a0\u00a0 Prof.Dr.Necmettin Erbakan Hoca&#39;n\u0131n <\/strong> <\/p>\n<p> <strong>\u00a0\u00a0\u00a0\u00a0\u00a0\u00a0\u00a0\u00a0\u00a0\u00a0\u00a0\u00a0\u00a0\u00a0\u00a0\u00a0\u00a0\u00a0\u00a0\u00a0\u00a0\u00a0\u00a0\u00a0\u00a0\u00a0\u00a0\u00a0\u00a0\u00a0\u00a0\u00a0\u00a0\u00a0\u00a0\u00a0\u00a0\u00a0\u00a0\u00a0\u00a0\u00a0\u00a0\u00a0\u00a0\u00a0\u00a0 Bir sohbetinden derleme<\/strong> <\/p>\n<p> <strong>\u00a0<\/strong><strong>\u00a0\u00a0\u00a0\u00a0\u00a0\u00a0\u00a0\u00a0\u00a0\u00a0\u00a0\u00a0\u00a0\u00a0\u00a0\u00a0\u00a0\u00a0\u00a0\u00a0\u00a0\u00a0\u00a0\u00a0\u00a0\u00a0\u00a0\u00a0\u00a0\u00a0\u00a0\u00a0\u00a0\u00a0\u00a0\u00a0\u00a0\u00a0\u00a0\u00a0\u00a0\u00a0\u00a0\u00a0\u00a0\u00a0\u00a0\u00a0\u00a0\u00a0\u00a0\u00a0\u00a0\u00a0\u00a0\u00a0\u00a0\u00a0\u00a0\u00a0\u00a0\u00a0\u00a0\u00a0\u00a0\u00a0\u00a0\u00a0\u00a0\u00a0\u00a0\u00a0\u00a0\u00a0\u00a0\u00a0\u00a0\u00a0\u00a0\u00a0\u00a0\u00a0\u00a0\u00a0\u00a0\u00a0\u00a0\u00a0\u00a0 <\/strong> <\/p>\n<p> <strong>\u00a0\u00a0\u00a0\u00a0\u00a0\u00a0\u00a0\u00a0\u00a0\u00a0\u00a0\u00a0\u00a0\u00a0\u00a0\u00a0\u00a0\u00a0\u00a0\u00a0\u00a0\u00a0\u00a0\u00a0\u00a0\u00a0\u00a0\u00a0\u00a0\u00a0\u00a0\u00a0\u00a0\u00a0\u00a0\u00a0\u00a0\u00a0\u00a0\u00a0\u00a0\u00a0\u00a0\u00a0\u00a0\u00a0\u00a0\u00a0\u00a0\u00a0 \u00a02-<\/strong> <\/p>\n<p> <strong>Ay\u0131n, En antika palavras\u0131:<\/strong> <\/p>\n<p> <strong>\u00a0<\/strong>Laytl\u0131k!.. &quot;K\u00fcreselle\u015fme&quot; diye, milletimizi k\u00f6lele\u015ftirme\u011fe&#8230; &quot;Il\u0131ml\u0131 \u0130slam&quot; diye m\u00fcsl\u00fcmanlar\u0131 hakimiyet ve haysiyet \u015fuurundan uzakla\u015ft\u0131r\u0131p, Siyonist Emperyalizmine u\u015fak hale getirme\u011fe \u00e7al\u0131\u015fanlar, bir de &quot;Ligt-layt&quot; \u0130slam, &quot;Layt ba\u015fkan&quot; modas\u0131n\u0131 \u00e7\u0131kard\u0131lar. <\/p>\n<p> Konyal\u0131 gen\u00e7lerin &quot;Deli Veli&quot; dedikleri sokaklar\u0131n sultan\u0131na sormu\u015flar: Bu laytl\u0131k ne demektir&#8230; \u0130\u015fte cevap:  <\/p>\n<p> <strong>&quot;Olsa olsa, laytl\u0131k,d\u00f6nekli\u011fin gavurcas\u0131d\u0131r!&quot;<\/strong> <\/p>\n<p> &#160; <\/p>\n<p> \u00a0\u00a0\u00a0\u00a0\u00a0\u00a0\u00a0\u00a0\u00a0\u00a0\u00a0\u00a0\u00a0\u00a0\u00a0\u00a0\u00a0\u00a0\u00a0\u00a0\u00a0\u00a0\u00a0\u00a0\u00a0\u00a0\u00a0\u00a0\u00a0\u00a0\u00a0\u00a0\u00a0\u00a0\u00a0\u00a0\u00a0\u00a0\u00a0\u00a0\u00a0\u00a0\u00a0\u00a0\u00a0\u00a0\u00a0\u00a0\u00a0\u00a0\u00a0\u00a0\u00a0\u00a0\u00a0\u00a0\u00a0\u00a0\u00a0\u00a0\u00a0\u00a0\u00a0\u00a0\u00a0\u00a0\u00a0\u00a0\u00a0\u00a0\u00a0\u00a0\u00a0\u00a0\u00a0\u00a0\u00a0\u00a0\u00a0\u00a0\u00a0\u00a0 \u00a0\u00a0\u00a0<strong>3-<\/strong> <\/p>\n<p> <strong>Ay\u0131n (ve de asr\u0131n) cevab\u0131:<\/strong> <\/p>\n<p> 31 Ekim 2003 Cuma ak\u015fam\u0131 CNN Turk, Man\u015fet program\u0131na kat\u0131lan, K.K\u0131br\u0131s T\u00fcrk Cumhuriyeti cumhurba\u015fkan\u0131 Rauf Denkta\u015f, y\u0131l\u0131\u015f\u0131k ve yak\u0131\u015f\u0131ks\u0131z tav\u0131rl\u0131 Mehmet Ali Birand&#39;\u0131n y\u00fcz\u00fcne kar\u015f\u0131: <\/p>\n<p> Avrupa ve Amerika&#39;y\u0131 arkas\u0131na alan &quot;Yunanistan&#39;\u0131n ve Rumlar\u0131n sinsi hesaplar\u0131n\u0131 ve Annan Plan\u0131n\u0131n perde arkas\u0131n\u0131 \u00e7ok iyi bileceksiniz ki, size iyilik eder gibi ayn\u0131 yata\u011fa \u00e7ekip, sonra uykuda iken becermesinler? \u015eeklindeki sert ama mert cevab\u0131, h\u0131yanet cephesindeki \u00fcrkeklere erkek\u00e7e bir uyar\u0131d\u0131r! <\/p>\n<p> \u00a0\u00a0\u00a0\u00a0\u00a0\u00a0\u00a0\u00a0\u00a0\u00a0\u00a0\u00a0\u00a0\u00a0\u00a0\u00a0\u00a0\u00a0\u00a0\u00a0\u00a0\u00a0\u00a0\u00a0\u00a0\u00a0\u00a0\u00a0\u00a0\u00a0 \u00a0\u00a0\u00a0\u00a0\u00a0<strong>\u00a0<\/strong><strong>4-<\/strong> <\/p>\n<p> <strong>Ay\u0131n Adam\u0131: Mahathir Muhammed:<\/strong> <\/p>\n<p> 22. y\u0131ld\u0131r Malezya&#39;y\u0131 y\u00f6neten ve y\u00fccelten ve ge\u00e7enlerde bu g\u00f6revini kendi r\u0131zas\u0131 ile devreden Ba\u015fbakan Mahathir Muhammed; <\/p>\n<ul>\n<li>O, Erbakan Hocas\u0131n\u0131n D-8&#39;ler projesine hayran olmu\u015f, bu \u00e7a\u011fr\u0131ya herkesten \u00f6nce ko\u015fmu\u015ftu&#8230;<\/li>\n<li>O, IMF&#39;yi Malezya&#39;dan kovmu\u015f ve milli bir politikayla ekonomilerini d\u00fcze kavu\u015fturmu\u015ftu.<\/li>\n<li>O, Bush&#39;un \u015fahs\u0131na kar\u015f\u0131 seviyesiz beyanlar\u0131 \u00fczerine, kendisinden resmen \u00f6z\u00fcr dilemesini \u015fart ko\u015fmu\u015f ve Amerikan ba\u015fkan\u0131na t\u00fck\u00fcrd\u00fc\u011f\u00fcn\u00fc yalat\u0131p yutturmu\u015ftu!<\/li>\n<li>O, be\u015feriyet b\u00fcnyesindeki kanser urlar\u0131 olan gizli Siyonist yap\u0131lanmaya ve \u0130srailin s\u00f6m\u00fcr\u00fc saltanat\u0131na resmen ve ismen dikkatleri \u00e7ekmi\u015f ve asr\u0131n canavar\u0131na kafa tutmu\u015ftu&#8230;<\/li>\n<\/ul>\n<p> Sana, hay\u0131rl\u0131, yararl\u0131 ve ba\u015far\u0131l\u0131 uzun \u00f6m\u00fcrler diliyoruz, ey hidayetli, ferasetli ve dirayetli \u00fcmmet&#8230; Mahathir Muhammet!.. <\/p>\n<p> \u00a0\u00a0\u00a0\u00a0\u00a0\u00a0 \u00a0\u00a0\u00a0\u00a0\u00a0\u00a0\u00a0\u00a0\u00a0\u00a0\u00a0\u00a0\u00a0\u00a0\u00a0\u00a0\u00a0\u00a0\u00a0\u00a0<strong>5-<\/strong> <\/p>\n<p> <strong>Ay\u0131n (ve de asr\u0131n) Ay\u0131b\u0131!..<\/strong> <\/p>\n<p> \u0130srail&#39;li 70 pilotun Hava Kuvvetleri komutanl\u0131\u011f\u0131na, &quot;Masum Filistin Kamplar\u0131na, art\u0131k sald\u0131rmayacaklar\u0131n\u0131, buna zorlanmalar\u0131 durumunda ise, istifalar\u0131n\u0131 sunacaklar\u0131n\u0131&quot; bildiren dilek\u00e7e vermelerinin ard\u0131ndan&#8230; <\/p>\n<p> \u0130srail Genel Kurmay Ba\u015fkanl\u0131\u011f\u0131nca \u015earon H\u00fck\u00fcmetine &quot;Su\u00e7suz ve savunmas\u0131z Filistin halk\u0131na yap\u0131lan vah\u015fi sald\u0131r\u0131lar\u0131n, t\u00fcm \u0130slam aleminde ve d\u00fcnya genelinde \u0130srail&#39;e kar\u015f\u0131 giderek b\u00fcy\u00fcyen bir nefret dalgas\u0131 olu\u015fturdu\u011funu ve bu gidi\u015fin \u0130srail&#39;in gelece\u011fini ve g\u00fcvenli\u011fini tehlikeye soktu\u011funu&quot; i\u00e7eren, \u00fcltimatom gibi bir uyar\u0131 g\u00f6nderilmesine ra\u011fmen, <\/p>\n<p> AKP h\u00fck\u00fcmetinin, B\u00fcy\u00fck \u0130srail hedefine hizmet i\u00e7in giri\u015filen Irak i\u015fgalinde, Amerika&#39;ya yard\u0131m amac\u0131yla asker g\u00f6ndermek \u00fczere yan\u0131p tutu\u015fmalar\u0131, sadece bu ay\u0131n de\u011fil, as\u0131rlar\u0131n en b\u00fcy\u00fck ay\u0131b\u0131d\u0131r!.. <\/p>\n<p> \u00a0\u00a0\u00a0\u00a0\u00a0\u00a0\u00a0\u00a0\u00a0\u00a0 <strong>6-<\/strong> <\/p>\n<p> <strong>Ay\u0131n uyar\u0131s\u0131:<\/strong> <\/p>\n<p> &quot;D\u0131\u015f g\u00fc\u00e7ler ve i\u00e7erideki i\u015fbirlik\u00e7iler: <\/p>\n<p> Milliyet\u00e7i sa\u011fc\u0131l\u0131\u011f\u0131, MHP ve \u00dclk\u00fcc\u00fcler eliyle \u00f6ld\u00fcrtt\u00fcler!.. <\/p>\n<p> Solculu\u011fu ve sosyal adalet umudunu, Ecevit ve CHP eliyle g\u00f6md\u00fcrtt\u00fcler! <\/p>\n<p> \u015eimdi de, \u0130slamc\u0131l\u0131\u011f\u0131 ise, AKP eliyle bitirmek ve s\u00f6nd\u00fcrmek pe\u015findeler!.. <\/p>\n<p> \u00a0\u00a0\u00a0\u00a0\u00a0\u00a0\u00a0\u00a0\u00a0\u00a0\u00a0\u00a0\u00a0\u00a0\u00a0\u00a0\u00a0\u00a0\u00a0\u00a0\u00a0\u00a0\u00a0\u00a0\u00a0\u00a0\u00a0\u00a0\u00a0\u00a0\u00a0\u00a0\u00a0\u00a0\u00a0\u00a0\u00a0\u00a0\u00a0\u00a0\u00a0\u00a0\u00a0\u00a0\u00a0\u00a0\u00a0\u00a0\u00a0\u00a0\u00a0\u00a0\u00a0\u00a0\u00a0\u00a0\u00a0\u00a0\u00a0\u00a0\u00a0\u00a0\u00a0\u00a0\u00a0\u00a0\u00a0\u00a0\u00a0\u00a0\u00a0\u00a0\u00a0 <strong>Ahmet Akg\u00fcl&#39;\u00fcn<\/strong> <\/p>\n<p> <strong>\u00a0\u00a0\u00a0\u00a0\u00a0\u00a0\u00a0\u00a0\u00a0\u00a0\u00a0\u00a0\u00a0\u00a0\u00a0\u00a0\u00a0\u00a0\u00a0\u00a0\u00a0\u00a0\u00a0\u00a0\u00a0\u00a0\u00a0\u00a0\u00a0\u00a0\u00a0\u00a0\u00a0\u00a0\u00a0\u00a0\u00a0\u00a0\u00a0 \u00a0\u00a0\u00a0\u00a0\u00a0\u00a0\u00a0\u00a0\u00a0\u00a0\u00a0\u00a0\u00a0\u00a0\u00a0\u00a0\u00a0\u00a0\u00a0\u00a0\u00a0\u00a0\u00a0\u00a0\u00a0\u00a0\u00a0\u00a0\u00a0\u00a0\u00a0\u00a0\u00a0\u00a0\u00a0Konferans\u0131ndan<\/strong> <\/p>\n<p> &#160; <\/p>\n<p> \u00a0\u00a0\u00a0\u00a0\u00a0\u00a0\u00a0\u00a0\u00a0\u00a0\u00a0\u00a0 <strong>7-<\/strong> <\/p>\n<p> <strong>Ay\u0131n &quot;acaba&quot;s\u0131?<\/strong> <\/p>\n<p> ABD Ba\u015fkan\u0131 Bebe Bush (Babas\u0131 da Puush&#39;tu!) Beyaz Sarayda, Ramazan m\u00fcnasebetiyle resmen m\u00fcsl\u00fcmanlara iftar yeme\u011fi veriyor, imamlar ve han\u0131mlar dini ve milli k\u0131yafetleriyle kat\u0131l\u0131yor ve Amerika&#39;n\u0131n Laik-Demokratik-George Washingtonist ve de Siyonist rejimi hi\u00e7 bundan zarar g\u00f6rm\u00fcyordu!.. <\/p>\n<p> Ama Cumhurba\u015fkan\u0131 Sn.Ahmet Necdet Sezer, Cumhuriyet Bayram\u0131 resepsiyonuna ba\u015f\u00f6rt\u00fcl\u00fc han\u0131mlar\u0131 ve sicilinde dindar yaz\u0131l\u0131 b\u00fcrokratlar\u0131 \u00c7ankaya&#39;ya \u00e7a\u011f\u0131rm\u0131yordu!.. <\/p>\n<p> Acaba bizim cumhuriyet, niye cumhurdan bu kadar kopuktu? <\/p>\n<p> Bizim cumhuriyet\u00e7iler, niye cumhurun inanc\u0131ndan b\u00f6ylesine korkuyordu? <\/p>\n<p> Yoksa&#8230; Evet yoksa, b\u00f6yle davranmakla, acaba, cumhuru AKP&#39;ye yakla\u015ft\u0131rmak, AKP&#39;yi cumhur nazar\u0131nda me\u015frula\u015ft\u0131rmak ve kahramanla\u015ft\u0131rmak m\u0131 isteniyordu? <\/p>\n<p> Ve b\u00fct\u00fcn bunlar acaba, AKP&#39;nin b\u00fcy\u00fck hatalar\u0131n\u0131 ve ba\u015far\u0131s\u0131zl\u0131klar\u0131n\u0131 unutturup, Tayyibi temize \u00e7\u0131karmak i\u00e7in, kas\u0131tl\u0131 ve dolayl\u0131 bir destek olsun diye mi yap\u0131l\u0131yordu? <strong>Acabaaa!?&#8230;<\/strong> <\/p>\n<p> &#160; <\/p>\n<p> \u00a0\u00a0\u00a0\u00a0\u00a0\u00a0\u00a0\u00a0\u00a0\u00a0\u00a0\u00a0\u00a0\u00a0\u00a0\u00a0\u00a0\u00a0\u00a0\u00a0\u00a0\u00a0\u00a0\u00a0 <strong>8-<\/strong> <\/p>\n<p> <strong>Ay\u0131n (ve de asr\u0131n) ay\u0131s\u0131 ?<\/strong>  <\/p>\n<p> S\u00fcleyman Demirel&#39;in, gitti\u011fi ABD gezisinden d\u00f6n\u00fc\u015f\u00fcnde, yalakas\u0131 Yavuz Donat&#39;la yapt\u0131\u011f\u0131 r\u00f6portaj 26 Ekim 2003 Sabah Gazetesinde yay\u0131nland\u0131&#8230; <\/p>\n<p> Yavuz Donat&#39;\u0131n sorusu \u00fczerine Sn.Demirel, son g\u00fcnlerde Amerika&#39;da \u015fu f\u0131kran\u0131n dillerde dola\u015ft\u0131\u011f\u0131n\u0131, balland\u0131rarak anlat\u0131yor: <\/p>\n<p> &quot;Avrupal\u0131, bir ormana girerken, yan\u0131na keskin ve \u00e7elik b\u0131\u00e7a\u011f\u0131n\u0131 al\u0131r. \u015eayet bir ay\u0131 ve benzeri canavar kar\u015f\u0131s\u0131na \u00e7\u0131karsa, kendisini savunmak \u00fczere b\u0131\u00e7a\u011f\u0131n\u0131 kullan\u0131r&#8230; <\/p>\n<p> Ama, Amerikal\u0131lar ise, ormana girmeden \u00f6nce, d\u00fcrb\u00fcnl\u00fc t\u00fcfekle ortal\u0131\u011f\u0131 g\u00f6zetlemekte, ay\u0131lar\u0131 vurup \u00f6ld\u00fcrmekte, sonra ormana dalmaktad\u0131r!?.. <\/p>\n<p> Bu f\u0131kradaki, orman\u0131n Afganistan, Irak gibi t\u00fcm \u0130slam co\u011frafyas\u0131, &quot;ay\u0131&quot;n\u0131n ise m\u00fcsl\u00fcmanlar oldu\u011funu anlamamak i\u00e7in, &quot;ay\u0131&quot; olmak gerekir&#8230; <\/p>\n<p> Bu f\u0131kraya, Avrupa&#39;y\u0131 amcalar\u0131, Amerika&#39;y\u0131 day\u0131lar\u0131 bilen yerli ay\u0131lar, \u015fimdilik kovboy kahkahas\u0131yla g\u00fclseler de, \u00e7ok yak\u0131nda hidayetsizlerin ve yerli enayilerin saltanat\u0131 \u00e7\u00f6kecektir! <strong>Son g\u00fclen iyi g\u00fclecektir!<\/strong> <\/p>\n<p> \u00a0\u00a0\u00a0\u00a0\u00a0\u00a0\u00a0\u00a0\u00a0\u00a0\u00a0\u00a0\u00a0\u00a0 <strong>9-<\/strong> <\/p>\n<p> <strong>Bu ay\u0131n hat\u0131rlatt\u0131\u011f\u0131:<\/strong> <\/p>\n<p> D\u0131\u015fi\u015fleri Bakan\u0131 Abdullah G\u00fcl, FP Kongresi \u00f6ncesi, Yenilik\u00e7i kanat adayl\u0131\u011f\u0131n\u0131 ilan ettikten sonra B\u00fclent Ar\u0131n\u00e7 ve Abdullatif \u015eener&#39;le birlikte, H\u00fcrriyet Gazetesi Ankara Temsilcisi Sedat Ergin&#39;i ziyaretlerinde, bir soru \u00fczerine: &quot;Art\u0131k Balgat&#39;tan (Yani Erbakan&#39;dan) emir almayaca\u011f\u0131z!..&quot; demi\u015fti. (Bak.25 Mart 2000 H\u00fcrriyet.com) <\/p>\n<p> O s\u00f6zlerin ger\u00e7ek anlam\u0131, AKP Milli G\u00f6r\u00fc\u015ften kopar\u0131l\u0131p, iktidara ta\u015f\u0131n\u0131nca ortaya \u00e7\u0131kt\u0131. <\/p>\n<p> <strong>&quot;Biz art\u0131k Erbakan&#39;dan de\u011fil, Amerika&#39;dan emir alaca\u011f\u0131z!..&quot;<\/strong> <\/p>\n<p> &#160; <\/p>\n<p> \u00a0\u00a0\u00a0\u00a0\u00a0\u00a0\u00a0\u00a0 <strong>10-<\/strong> <\/p>\n<p> <strong>Ay\u0131n F\u0131kras\u0131:<\/strong> <\/p>\n<p> Bir u\u00e7ak yolculu\u011funda, bir AKP Milletvekili, g\u00f6z g\u00f6ze gelip kar\u015f\u0131la\u015ft\u0131\u011f\u0131 bir a\u011fabeyimizden ka\u00e7amay\u0131nca, mecburi ini\u015f gibi, mecburi hal hat\u0131r sorar ve birlikte otururlar&#8230; bu milletvekili sohbet s\u0131ras\u0131nda &quot;Vallahi ne oldu\u011fumuzu biz de \u015fa\u015f\u0131rd\u0131k&#8230; Art\u0131k, \u0130slamc\u0131 m\u0131y\u0131z, \u0131l\u0131ml\u0131 m\u0131y\u0131z, sa\u011fc\u0131 m\u0131y\u0131z, muhafazakar m\u0131y\u0131z, biz de \u015fa\u015f\u0131rd\u0131k!..&quot; demi\u015f&#8230; <\/p>\n<p> Bunun \u00fczerine a\u011fabeyimiz \u015fu f\u0131kray\u0131 nakletmi\u015f: <\/p>\n<p> &quot;Adam\u0131n biri, intihar i\u00e7in Bo\u011faz k\u00f6pr\u00fcs\u00fcnden atlamak \u00fczereyken, g\u00f6revli polis fark edip yakalam\u0131\u015f: <\/p>\n<p> &quot;Aman amcac\u0131\u011f\u0131m, ne yap\u0131yorsun, sorunun ne?&quot; diye sormaya ba\u015flam\u0131\u015f. <\/p>\n<p> Adam: <\/p>\n<p> &quot;B\u0131rak beni, \u00f6l\u00fcmden ba\u015fka \u00e7arem kalmad\u0131. \u015e\u00f6yle ki; benim han\u0131m sizlere \u00f6m\u00fcr vefat etti. \u00c7al\u0131\u015ft\u0131\u011f\u0131m i\u015fyerinde, ya\u015f\u0131 benden k\u00fc\u00e7\u00fck ama huyumuz suyumuz uyu\u015fan bir k\u0131zla ve arkada\u015flar\u0131n arac\u0131l\u0131\u011f\u0131yla evlendik. <\/p>\n<p> \u00a0Bu arada Almanya&#39;da i\u015f\u00e7i olan o\u011flum telefon edip &quot;Baba, ya\u015f\u0131 benden biraz fazla ama, boyumuz bosumuz uygun bir han\u0131mla evlenmek istiyorum&quot; dedi, izin verdik. <\/p>\n<p> Nihayet benimde, o\u011flumun da birer \u00e7ocu\u011fu olduktan sonra izine geldi. <\/p>\n<p> Aman Allah\u0131m, ne g\u00f6relim, o\u011flumun ald\u0131\u011f\u0131 kad\u0131n benim ald\u0131\u011f\u0131m k\u0131z\u0131n, dul anas\u0131 de\u011fil miymi\u015f&#8230; <\/p>\n<p> \u015eimdi hem o\u011flum, hem \u00fcvey kay\u0131npederim.. Onun \u00e7ocu\u011fu hem benim torunum, hem \u00fcvey kay\u0131nbiraderim. Benim \u00e7ocu\u011fum, hem o\u011flumun \u00fcvey torunu hem karde\u015fi. Bizim ailede kim kimin nesi belli de\u011fil, b\u0131rak ta intihar edip kurtulay\u0131m!&quot; demi\u015f. <\/p>\n<p> A\u011fabeyimiz bunu dinleyen AKP&#39;li milletvekiline: <\/p>\n<p> &quot;Ancak sizin intihar etmenize gerek yok&#8230; \u0130stifa edin, \u00f6z\u00fcn\u00fcze, Milli g\u00f6r\u00fc\u015fe d\u00f6n\u00fcn yeter, bu \u015fa\u015fk\u0131nl\u0131ktan kurtulursunuz!&quot; diye tavsiye ve teselli etmi\u015f&#8230; <\/p>\n<p> \u00a0 <strong>\u00a0\u00a0\u00a0\u00a0\u00a0\u00a0\u00a0\u00a0\u00a0\u00a0\u00a0\u00a0\u00a0\u00a0\u00a0\u00a0\u00a0\u00a0\u00a0\u00a0\u00a0\u00a0\u00a0\u00a0\u00a0\u00a0\u00a0\u00a0\u00a0\u00a0\u00a0\u00a0\u00a0\u00a0\u00a0\u00a0\u00a0\u00a0\u00a0\u00a0\u00a0\u00a0\u00a0\u00a0\u00a0\u00a0\u00a0\u00a0<\/strong> <\/p>\n<p> <strong>\u00a0\u00a0\u00a0\u00a0\u00a0\u00a0\u00a0\u00a0 \u00a0\u00a0\u00a0\u00a0\u00a0\u00a011-<\/strong> <\/p>\n<p> <strong>Ay\u0131n yan\u0131t\u0131 ve kan\u0131t\u0131!..<\/strong> <\/p>\n<p> Sn.Tayyip Erdo\u011fan&#39;\u0131n bir zamanlar <strong>&quot;Masonlar\u0131n alas\u0131, memleketin ba\u015f belas\u0131!&quot; <\/strong>diye sata\u015ft\u0131\u011f\u0131 ve y\u0131llarca &quot;<strong>\u00dclkeyi bu gibi zihniyet ve \u015fahsiyetlerden kurtarmak i\u00e7in<\/strong>&quot; \u00e7al\u0131\u015ft\u0131\u011f\u0131 Sn.S\u00fcleyman Demirel&#39;le, \u015fimdi aralar\u0131nda su s\u0131zm\u0131yor! Demirel&#39;in haftada bir elini \u00f6pmeden ve tavsiyelerini dinlemeden hareket etmiyor! <\/p>\n<p> Demirel ise, uyum paketlerinde, Irak&#39;a asker meselesinde velhas\u0131l her halde AKP&#39;yi hararetle destekliyor!.. <\/p>\n<p> Acaba \u015firinlik muskas\u0131 m\u0131 takt\u0131lar? Yoksa kahin hahamlar sihir mi yapt\u0131lar? <\/p>\n<p> En sa\u011flam\u0131, bu sorular\u0131n ve s\u0131rlar\u0131n yan\u0131t\u0131n\u0131, 28 \u015eubat Pa\u015fas\u0131 ve siyonist JINSA&#39;n\u0131n madalyal\u0131 ma\u015fas\u0131 ve AKP&#39;nin gizli ak\u0131l hocas\u0131 \u00e7ok \u00c7evik Birinden almak laz\u0131m.. <\/p>\n<p> \u00a0\u00a0\u00a0\u00a0\u00a0\u00a0\u00a0\u00a0\u00a0 \u00a0\u00a0\u00a0\u00a0\u00a0\u00a0<strong>12-<\/strong> <\/p>\n<p> <strong>Ay\u0131n, intihar bombas\u0131!..<\/strong> <\/p>\n<p> AKP&#39;nin: <\/p>\n<ul>\n<li>T\u00dcB\u0130TAK&#39;\u0131 siyasi kontrollerine almak ve dolay\u0131s\u0131yla Ulusal Kriptoloji Enstit\u00fcs\u00fc gibi \u00e7ok gizli, \u00f6nemli ve milli stratejiler \u00fcreterek ordumuza lojistik destek sa\u011flayan kurumlar\u0131 g\u00fcd\u00fck b\u0131rakmak&#8230;<\/li>\n<li>MGK Genel Sekreterli\u011fi \u00f6deneklerini 2004 B\u00fct\u00e7esinde % 70 k\u0131s\u0131tlamak gibi ordumuzu layt hale getirme giri\u015fimlerini dostlar\u0131m\u0131z Yunanl\u0131lar, KADEK&#39;i ter\u00f6r bile saymayan Avrupal\u0131lar sevin\u00e7 ve tebrikle kar\u015f\u0131l\u0131yorlar! Tam arad\u0131\u011f\u0131m\u0131z h\u00fck\u00fcmeti bulduk diye bayram ediyorlar!<\/li>\n<\/ul>\n<p> AKP&#39;liler de, dostlar\u0131ndan aferin alman\u0131n co\u015fkusuyla kas\u0131l\u0131yorlar!?.. <\/p>\n<p> Heyhat, ne oldu\u011funu bilmedikleri, hangi sonu\u00e7lar do\u011furaca\u011f\u0131n\u0131 d\u00fc\u015f\u00fcnmedikleri bir el bombas\u0131yla oynay\u0131p co\u015fan \u00e7oluk-\u00e7ocuklar, ba\u015flar\u0131na gelecekleri g\u00f6remiyorlar!.. <\/p>\n<p> &#160; <\/p>\n<p> <strong>\u00a0\u00a0\u00a0\u00a0\u00a0\u00a0\u00a0\u00a0\u00a0\u00a0\u00a0\u00a0\u00a0\u00a0\u00a0\u00a0\u00a0\u00a0\u00a0\u00a0\u00a0\u00a0\u00a0\u00a0\u00a0\u00a0\u00a0\u00a0 \u00a0\u00a0\u00a0\u00a0\u00a0\u00a0\u00a0\u00a0\u00a0\u00a0\u00a0\u00a0\u00a0\u00a0\u00a0\u00a0\u00a0\u00a0\u00a0\u00a0\u00a0\u00a0\u00a0\u00a0\u00a0\u00a0\u00a0\u00a0\u00a0\u00a013-<\/strong> <\/p>\n<p> <strong>Ay\u0131n hat\u0131ras\u0131:<\/strong> <\/p>\n<p> Hakka ve halka hizmet gayretiyle, kitaplar\u0131 ve konferanslar\u0131yla \u00e7ok hay\u0131rl\u0131 faaliyetler y\u00fcr\u00fcten de\u011ferli a\u011fabeyimizle samimiyet ve m\u00fcnasebetimizi bilen birileri, Genel Merkezin e\u011fitim semineri i\u00e7in gitti\u011fim Ankara&#39;da, bana sordular: <\/p>\n<p> &quot;O Adam ne yapmak istiyor? Kendi ba\u015f\u0131na ne i\u015fler kar\u0131\u015ft\u0131r\u0131yor? <\/p>\n<p> Onlara dedim ki: A\u011fabeyimiz, bizleri kendi \u015fahs\u0131na de\u011fil, davam\u0131za, Hocam\u0131za ve Te\u015fkilat\u0131m\u0131za ba\u011fl\u0131 olmaya \u00e7a\u011f\u0131r\u0131yor, bir&#8230; Kendi dergisine, derslerine de\u011fil, milli gazeteye y\u00f6nlendiriyor, iki&#8230; Siz de ona resmi g\u00f6rev vermedi\u011finiz gibi, t\u00fcm hizmetlerine yersiz ve yetkisiz yasaklar koyuyorsunuz, \u00fc\u00e7&#8230; <\/p>\n<p> B\u00fct\u00fcn bu haks\u0131z d\u0131\u015flama ve su\u00e7lamalar\u0131n\u0131za ra\u011fmen, nas\u0131l hala b\u00f6ylesine canla ba\u015fla davam\u0131z i\u00e7in \u00e7\u0131rp\u0131nd\u0131\u011f\u0131na gelince: <\/p>\n<p> Biliyorsunuz, ben \u015fahsi ve ailevi baz\u0131 nedenlerle, Peygamber oca\u011f\u0131 \u015fanl\u0131 ordumuzdan, \u00fcste\u011fmen r\u00fctbesiyle ayr\u0131lmak durumunda kalm\u0131\u015f (ama g\u00f6nl\u00fcn\u00fc o \u015ferefli kurumda b\u0131rakm\u0131\u015f) birisiyim. <\/p>\n<p> Bizde \u00e7ok me\u015fhurdur; 3 t\u00fcrl\u00fc asker vard\u0131r: <\/p>\n<p> 1-Dur dersin, y\u00fcr\u00fcr. Kalk dersin yatar&#8230; \u00d6zetle her emri yanl\u0131\u015f anlayan ve ters uygulayan ba\u015f belas\u0131 ve y\u00fcz karas\u0131 asker vard\u0131r. <\/p>\n<p> 2-Her emri oldu\u011fu gibi kavrayan ve gere\u011fini yapan ciddiyet timsali asker vard\u0131r. <\/p>\n<p> 3-Bir de, gerekti\u011fi yerde durmas\u0131n\u0131, gerekti\u011fi yerde vurmas\u0131n\u0131&#8230; Yani komutan\u0131n emir vermesine ihtiya\u00e7 kalmadan, nerede ne yapmas\u0131 gerekti\u011fini bilen, g\u00fczel yarat\u0131l\u0131\u015fl\u0131 ve \u00e7ok \u00f6zel kavray\u0131\u015fl\u0131 askerler vard\u0131r!.. <\/p>\n<p> \u0130\u015fte, yapt\u0131\u011f\u0131 gayretlerine sevinmeniz ve sahiplenmeniz gerekirken, hala aleyhinde bulunman\u0131za\u00a0 ak\u0131l s\u0131r erdiremedi\u011fimiz o a\u011fabeyimiz de, b\u00f6ylesi hizmet erlerindendir!.. <\/p>\n<p> \u00a0\u00a0\u00a0\u00a0\u00a0\u00a0\u00a0\u00a0\u00a0\u00a0\u00a0 <strong>14-<\/strong> <\/p>\n<p> <strong>Ay\u0131n \u015fa\u015fk\u0131nl\u0131\u011f\u0131!..<\/strong> <\/p>\n<p> Eski Milli G\u00f6r\u00fc\u015f\u00e7\u00fc \u015fimdi AKP&#39;li Mehmet Elkatm\u0131\u015f, &quot;ge\u00e7mi\u015finden utand\u0131\u011f\u0131n\u0131..&quot; s\u00f6ylemi\u015f&#8230; <\/p>\n<p> Ve devam etmi\u015f&#8230; <\/p>\n<p> &quot;\u0130nsan haklar\u0131 ba\u015f\u00f6rt\u00fcs\u00fcne indirgenmemeliymi\u015f!..&quot; <\/p>\n<p> &quot;Heybeli Ruhban Okuluna kar\u015f\u0131 \u00e7\u0131kanlar, yobazca davran\u0131\u015f i\u00e7indeymi\u015f!..&quot; <\/p>\n<p> Evet ge\u00e7mi\u015fte ba\u015f\u00f6rt\u00fcs\u00fc ve \u0130mam Hatip ma\u011fdurlar\u0131n\u0131n haklar\u0131n\u0131 savunan Mehmet Elkatm\u0131\u015f, \u015fimdi bunlardan pi\u015fmanm\u0131\u015f!.. <\/p>\n<p> \u0130nsan haklar\u0131n\u0131n; ba\u015f\u00f6rt\u00fcs\u00fcne, \u0130mam Hatibe indirgenmemesi laz\u0131mm\u0131\u015f!.. Yoksa Sn.Elkatm\u0131\u015f, M\u00fcsl\u00fcmanlar\u0131 insandan saym\u0131yor mu? <\/p>\n<p> Ge\u00e7mi\u015finden yani Milli G\u00f6r\u00fc\u015ften utand\u0131\u011f\u0131n\u0131 s\u00f6yleyenler, yak\u0131nda M\u00fcsl\u00fcmanl\u0131\u011f\u0131ndan da utand\u0131klar\u0131n\u0131 s\u00f6ylerse \u015fa\u015f\u0131rmay\u0131n! <\/p>\n<p> \u00a0\u00a0\u00a0\u00a0\u00a0\u00a0\u00a0 \u00a0\u00a0\u00a0\u00a0\u00a0\u00a0\u00a0\u00a0<strong>15-<\/strong> <\/p>\n<p> <strong>\u00a0\u00a0\u00a0\u00a0\u00a0\u00a0\u00a0\u00a0 Ay\u0131n intikam\u0131:<\/strong> <\/p>\n<p> Uzun zaman m\u00fctedeyyin halk kesimini rencide edecek tav\u0131rlar sergileyen&#8230; Ve \u00f6zellikle Milli G\u00f6r\u00fc\u015f\u00fc kast ederek &quot;Dini siyasete alet ediyorlar?!.&quot; Diye iftira eden Ya\u015far Nuri \u00d6zt\u00fcrk, sonunda \u00e7ok \u00e7i\u011f ve \u00e7irkin bir din istismar\u0131 sergileyerek; ge\u00e7mi\u015fi, ger\u00e7e\u011fi ve gelece\u011fi malum olan CHP&#39;ye yamand\u0131&#8230; <\/p>\n<p> Ama kendi itiraf\u0131yla, CHP&#39;liler, bunca yak\u0131nl\u0131\u011f\u0131na ve ya\u011fc\u0131l\u0131\u011f\u0131na ra\u011fmen ona bir t\u00fcrl\u00fc \u0131s\u0131namad\u0131lar, hatta alay konusu yapt\u0131lar ve son kongrede de \u00f6zellikle K. Dervi\u015f&#39;in diretmesiyle saf d\u0131\u015f\u0131 b\u0131rakt\u0131lar&#8230; \u0130lahi intikam!?.. <\/p>\n<p> Ne diyelim&#8230; Moonlar\u0131n Hocas\u0131n\u0131, Masonlar\u0131n Dervi\u015f&#39;i \u00e7arpt\u0131!.. <\/p>\n<p> <strong>Ay\u0131n Gizli H\u0131yanet Dosyas\u0131!?..<\/strong> <\/p>\n<p> \u0130\u015fte <strong>Sevr<\/strong>&#39;in T\u00fcrk Milletinden Gizlenen Maddeleri: <\/p>\n<p> <strong><u>Madde 62:<\/u><\/strong> &quot;F\u0131rat&#39;\u0131n do\u011fusunda, ileride saptanacak Ermenistan&#39;\u0131n g\u00fcney s\u0131n\u0131r\u0131n\u0131n, g\u00fcneyinde Suriye ve Irak ile T\u00fcrkiye s\u0131n\u0131r\u0131n\u0131n kuzeyinde,<strong> k\u00fcrtlerin say\u0131ca \u00fcst\u00fcn bulundu\u011fu b\u00f6lgelerin yerel \u00f6zerkli\u011finin y\u00fcr\u00fcrl\u00fc\u011fe konulmas\u0131ndan ba\u015flayarak<\/strong>, alt\u0131 ay i\u00e7inde \u0130stanbul&#39;da toplanan \u0130ngiliz, Frans\u0131z ve \u0130talyan h\u00fck\u00fcmetlerinden her birinin saptad\u0131\u011f\u0131 \u00fc\u00e7 \u00fcyeden olu\u015fan bir komisyon haz\u0131rlayacakt\u0131r. Herhangi bir sorun \u00fczerinde oy birli\u011fi olu\u015fmazsa, bu sorun, komisyon \u00fcyelerince ba\u011fl\u0131 olduklar\u0131 h\u00fck\u00fcmetlere g\u00f6t\u00fcr\u00fclecektir. Bu plan, S\u00fcryani, Keldaniler ile bu b\u00f6lgelerin i\u00e7indeki \u00f6teki etnik ve dinsel az\u0131nl\u0131klar\u0131n korunmas\u0131na ili\u015fkin tam g\u00fcvenceleri de kapsayacakt\u0131r.&quot; <\/p>\n<p> <strong><u>Madde 63:<\/u><\/strong> &quot;T\u00fcrk h\u00fck\u00fcmeti, 62. maddede \u00f6ng\u00f6r\u00fclen komisyonlardan birinin ya da \u00f6tekinin kararlar\u0131n\u0131, kendisine bildirildi\u011finden\u00a0 ba\u015flayarak, \u00fc\u00e7 ay i\u00e7inde kabul etmeyi ve y\u00fcr\u00fcrl\u00fc\u011fe koymay\u0131 \u015fimdiden y\u00fck\u00fcmlenir.&quot; <\/p>\n<p> <strong><u>Madde 64:<\/u><\/strong> &quot;\u0130\u015f bu anla\u015fman\u0131n y\u00fcr\u00fcrl\u00fc\u011fe konmas\u0131ndan bir y\u0131l sonra, 62. maddede belirtilen b\u00f6lgelerdeki <strong>K\u00fcrtler, bu b\u00f6lgede n\u00fcfusun \u00e7o\u011funlu\u011funun T\u00fcrkiye&#39;den ba\u011f\u0131ms\u0131z olmak istediklerini kan\u0131tlayarak, Milletler Cemiyeti&#39;ne ba\u015f vurulursa ve Konsey de bu n\u00fcfusun bu ba\u011f\u0131ms\u0131zl\u0131\u011fa yetenekli oldu\u011fu g\u00f6r\u00fc\u015f\u00fcne var\u0131rsa ve bu ba\u011f\u0131ms\u0131zl\u0131\u011f\u0131 tan\u0131may\u0131 onlara tan\u0131may\u0131 T\u00fcrklere sal\u0131k verirse, T\u00fcrkiye bu tavsiyeye uymay\u0131 ve b\u00f6lgeler \u00fczerinde b\u00fct\u00fcn haklar\u0131ndan ve s\u0131fatlar\u0131ndan vazge\u00e7meyi \u015fimdiden y\u00fck\u00fcmlenir.<\/strong> Bu vazge\u00e7menin ayr\u0131nt\u0131lar\u0131, m\u00fcttefik devletlerle T\u00fcrkiye aras\u0131nda yap\u0131lacak \u00f6zel bir s\u00f6zle\u015fmeye konu olacakt\u0131r. Bu vazge\u00e7me ger\u00e7ekle\u015firse ve ger\u00e7ekle\u015fti\u011fi zaman K\u00fcrdistan&#39;\u0131n \u015fimdiye kadar Musul vilayetinde kalm\u0131\u015f kesiminde oturan K\u00fcrtlerin bu ba\u011f\u0131ms\u0131z K\u00fcrt Devletine kendi istekleriyle kat\u0131lmalar\u0131na m\u00fcttefik devletleri hi\u00e7bir \u015fekilde kar\u015f\u0131 \u00e7\u0131kmayacakt\u0131r.&quot; !? <\/p>\n<p> Evet \u00fclkemizde Sevr devreye sokulmaya \u00e7al\u0131\u015f\u0131l\u0131yor. <\/p>\n<p> T\u00fcrkiye Cumhuriyeti Devleti \u00e7ok k\u0131sa zamanda Irak&#39;\u0131n kuzeyinde tampon bir b\u00f6lge olu\u015fturamazsa (\u00f6zellikle Kerk\u00fck-Musul hatt\u0131nda bunu ba\u015faramazsa) yak\u0131n bir zaman i\u00e7erisinde m\u00fcttefiki ABD ile s\u0131cak \u00e7at\u0131\u015fman\u0131n i\u00e7erisinde kendini bulacakt\u0131r. <\/p>\n<p> \u00a0\u00a0\u00a0\u00a0\u00a0\u00a0\u00a0\u00a0\u00a0\u00a0\u00a0\u00a0\u00a0\u00a0\u00a0\u00a0\u00a0\u00a0\u00a0\u00a0\u00a0\u00a0\u00a0\u00a0\u00a0\u00a0\u00a0\u00a0\u00a0\u00a0\u00a0\u00a0\u00a0\u00a0\u00a0\u00a0\u00a0\u00a0\u00a0\u00a0\u00a0\u00a0\u00a0\u00a0\u00a0\u00a0\u00a0\u00a0\u00a0\u00a0  <\/p>\n","protected":false},"excerpt":{"rendered":"<p>\u00a0  <\/p>\n<p> Kiminin derdi Mevlas\u0131, kiminin Leylas\u0131d\u0131r. <\/p>\n<p> Kiminin putu paras\u0131, tapt\u0131\u011f\u0131 d\u00fcnyas\u0131d\u0131r <\/p>\n<p> \u015euur; \u00e7abas\u0131 kime yarad\u0131\u011f\u0131n\u0131 bilmektir <\/p>\n<p> Boya, foyay\u0131 \u00f6rter, feraset alt\u0131n\u0131 g\u00f6rmektir <\/p>\n<p> Herkesin i\u00e7ini g\u00f6steren i\u015fleri; aynas\u0131d\u0131r!.. <\/p>\n","protected":false},"author":1,"featured_media":0,"comment_status":"open","ping_status":"closed","sticky":false,"template":"","format":"standard","meta":{"footnotes":""},"categories":[53],"tags":[820,836,821,837,822,839,823,840,824,841,784,825,842,798,826,843,802,827,844,812,828,845,813,829,846,814,830,815,831,816,832,817,833,818,834,819,835],"class_list":["post-593","post","type-post","status-publish","format-standard","hentry","category-ocak-2004","tag-erdiremedigimiz","tag-milletvekiline","tag-hazirlayacaktir","tag-munasebetimizi","tag-hidayetsizlerin","tag-sahsiyetlerden","tag-hukumetlerinden","tag-agabeyimizden","tag-suclamalariniza","tag-ballandirarak","tag-ziyaretlerinde","tag-dusunmedikleri","tag-baskanliginca","tag-798","tag-emperyalizmine","tag-becermesinler","tag-802","tag-gonderilmesine","tag-cumhurbaskani","tag-saldirmayacaklarini","tag-goturulecektir","tag-ekonomilerini","tag-basarisizliklarini","tag-hazirladiklari","tag-erlerindendir","tag-indirgenmemeliymis","tag-indirgenmemesi","tag-bildirildiginden","tag-kayinbiraderim","tag-kahramanlastirmak","tag-komisyonlardan","tag-konferanslariyla","tag-kolelestirmege","tag-muslumanligindan","tag-kiyafetleriyle","tag-cumhuriyetciler","tag-mesrulastirmak"],"_links":{"self":[{"href":"https:\/\/www.millicozum.com\/mc\/wp-json\/wp\/v2\/posts\/593","targetHints":{"allow":["GET"]}}],"collection":[{"href":"https:\/\/www.millicozum.com\/mc\/wp-json\/wp\/v2\/posts"}],"about":[{"href":"https:\/\/www.millicozum.com\/mc\/wp-json\/wp\/v2\/types\/post"}],"author":[{"embeddable":true,"href":"https:\/\/www.millicozum.com\/mc\/wp-json\/wp\/v2\/users\/1"}],"replies":[{"embeddable":true,"href":"https:\/\/www.millicozum.com\/mc\/wp-json\/wp\/v2\/comments?post=593"}],"version-history":[{"count":0,"href":"https:\/\/www.millicozum.com\/mc\/wp-json\/wp\/v2\/posts\/593\/revisions"}],"wp:attachment":[{"href":"https:\/\/www.millicozum.com\/mc\/wp-json\/wp\/v2\/media?parent=593"}],"wp:term":[{"taxonomy":"category","embeddable":true,"href":"https:\/\/www.millicozum.com\/mc\/wp-json\/wp\/v2\/categories?post=593"},{"taxonomy":"post_tag","embeddable":true,"href":"https:\/\/www.millicozum.com\/mc\/wp-json\/wp\/v2\/tags?post=593"}],"curies":[{"name":"wp","href":"https:\/\/api.w.org\/{rel}","templated":true}]}}