{"id":594,"date":"2004-01-01T00:00:00","date_gmt":"2004-01-01T00:00:00","guid":{"rendered":"https:\/\/www.millicozum.com\/mc\/2004\/01\/01\/sinagog-saldirisinin-dusundurdukleri\/"},"modified":"2004-01-01T00:00:00","modified_gmt":"2004-01-01T00:00:00","slug":"sinagog-saldirisinin-dusundurdukleri","status":"publish","type":"post","link":"https:\/\/www.millicozum.com\/mc\/2004\/ocak-2004\/sinagog-saldirisinin-dusundurdukleri\/","title":{"rendered":"S\u0130NAGOG SALDIRISININ D\u00dc\u015e\u00dcND\u00dcRD\u00dcKLER\u0130"},"content":{"rendered":"<p>Bu arada, \u0130stanbul&#8217;da 15 Kas\u0131m Cumartesi g\u00fcn\u00fc 2 sinagokta ve ibadet esnas\u0131nda meydana gelen ve maalesef onlarca \u00f6l\u00fc, y\u00fczlerce yaral\u0131 ile neticelenen menfur ve mel&#8217;un (nefret edilen ve lanetlenen) patlamalar\u0131, acaba hangi odaklar ve hangi ama\u00e7la tertiplemi\u015fti?..<\/p>\n<p>Bu sorunun cevab\u0131 \u00fczerinde durmam\u0131z, halk\u0131m\u0131z\u0131 ve \u00f6zellikle Milli \u015fuur ve sorumluluk erbab\u0131n\u0131 uyarmam\u0131z gerekiyor.<\/p>\n<p>Acaba, bu vah\u015fi sald\u0131r\u0131lar, T\u00fcrkiye&#8217;yi ve b\u00f6lgeyi kar\u0131\u015ft\u0131rmay\u0131 hedefleyen h\u0131yanet merkezlerinin ve i\u00e7imizdeki d\u0131\u015f g\u00fc\u00e7lerin bir eseri miydi?<\/p>\n<p>\u00d6nce, ABD B\u00fcy\u00fckel\u00e7isi Eric Edelman&#8217;\u0131n, \u015eeytan Senaryosunu hat\u0131rlayal\u0131m:<\/p>\n<p>Daha \u00f6nce gitti\u011fi b\u00fct\u00fcn \u00fclkeleri kar\u0131\u015ft\u0131ran&#8230; Etnik ve mezhep kavgalar\u0131n\u0131 k\u0131z\u0131\u015ft\u0131r\u0131p i\u00e7 sava\u015flar \u00e7\u0131karan&#8230; O \u00fclkelerin par\u00e7alan\u0131p da\u011f\u0131lmas\u0131na yol a\u00e7t\u0131\u011f\u0131 i\u00e7in ad\u0131 &#8220;fesat\u00e7\u0131 Siyonist&#8221; e \u00e7\u0131kan ve gitti\u011fi her yerden &#8220;istenmeyen adam&#8221; olarak kovulan, Annesi \u0130stanbul Yahudisi Ukrayna g\u00f6\u00e7meni Eric Edelman, en kritik bir d\u00f6nemde, \u00f6zenle ve \u00f6zellikle se\u00e7ilip T\u00fcrkiye&#8217;ye g\u00f6nderildi.<\/p>\n<p>&#8220;Sesar&#8221; taraf\u0131ndan haz\u0131rlanan \u00e7ok \u00f6nemli ve tehlikeli bir rapor, 15 Kas\u0131m 2003 Milli Gazete&#8217;de de\u015fifre edildi.<\/p>\n<p>Eric Edelman \u015feytan\u0131n\u0131n bu sinsi plan\u0131na g\u00f6re, T\u00fcrkiye ve b\u00f6lgemiz \u00fc\u00e7 a\u015famal\u0131 bir s\u00fcre\u00e7te ve de bir-iki y\u0131l i\u00e7erisinde, ekonomik ve siyasi \u00e7\u0131kmazlara ve \u00e7at\u0131\u015fmalara s\u00fcr\u00fcklenip, iyice g\u00fc\u00e7s\u00fcz ve \u00e7aresiz bir konuma getirildikten sonra, b\u00fct\u00fcn\u00fcyle \u0130srail&#8217;in g\u00fcd\u00fcm\u00fcne girecektir.<\/p>\n<p>1.Yasal ve sosyal alt yap\u0131 ve manip\u00fclasyon a\u015famas\u0131<\/p>\n<p>2.Yeni siyasi organizasyon ve provokasyon a\u015famas\u0131<\/p>\n<p>3.Kesin sonuca y\u00f6nelik aksiyon a\u015famas\u0131<\/p>\n<p><strong>1.A\u015fama:<\/strong><\/p>\n<p>a-Marazl\u0131 medya ve m\u00fcnaf\u0131k yazar-yorumcular marifetiyle &#8220;fitneyi k\u00f6r\u00fckleme&#8221; s\u00fcreci ba\u015flat\u0131lacak<\/p>\n<p>b-\u00d6nce ordu ile di\u011fer devlet kurumlar\u0131 aras\u0131ndaki makas daha da a\u00e7\u0131lacak<\/p>\n<p>c-Darbe s\u00f6ylentileriyle ordu y\u0131prat\u0131lacak ve &#8220;halk\u0131n zoraki tahamm\u00fcl etti\u011fi ama &#8220;huysuz ve despot tavr\u0131na i\u00e7erledi\u011fi&#8221; bir kurum haline sokulacak<\/p>\n<p>\u00e7-Sermaye imparatorlu\u011funda ve \u0130stanbul baronlu\u011funda, uyumsuz ve c\u0131rtlak ses \u00e7\u0131karan ekip tasfiye edilip, k\u00fcresel projeye tamamen teslimiyet\u00e7i kadrolar \u00f6ne \u00e7\u0131kar\u0131lacak<\/p>\n<p>d- &#8220;Yerel y\u00f6netim tasar\u0131lar\u0131, federatif yap\u0131 haz\u0131rl\u0131klar\u0131&#8221; ile ilgili yasal \u00e7al\u0131\u015fmalar h\u0131zland\u0131r\u0131lacak<\/p>\n<p>e-Baz\u0131 karizmatik liderler (Apo gibi) hapisten \u00e7\u0131kar\u0131larak yeni partiler olu\u015fturulacak,<\/p>\n<p>f-K\u0131br\u0131s&#8217;ta Rauf Denkta\u015f&#8217;\u0131n ve yanda\u015flar\u0131n\u0131n, se\u00e7imleri kaybetmesi i\u00e7in her t\u00fcrl\u00fc \u00f6nlem al\u0131nacak ve bu T\u00fcrkiye&#8217;deki Milli Cephenin yenilgisi \u015feklinde sunulacak<\/p>\n<p><strong>2.A\u015fama:<\/strong><\/p>\n<p>a-AKP i\u00e7indeki \u00e7atlak b\u00fcy\u00fct\u00fclecek ve yeni siyasi organizasyonlar g\u00fcndeme getirilecek<\/p>\n<p>b-\u0130ran ve Suriye&#8217;ye kar\u015f\u0131 ABD&#8217;nin k\u0131\u015fk\u0131rtmas\u0131yla bir \u00e7at\u0131\u015fmaya girildi\u011finde, tamamen \u0130srail yanl\u0131s\u0131 yeni bir h\u00fck\u00fcmet olu\u015fumuna gidilecek<\/p>\n<p>c-TSK iyice yaln\u0131zl\u0131\u011fa itilecek ve kurum i\u00e7 \u00e7eki\u015fmelerle me\u015fgul edilecek<\/p>\n<p>bu maksatla:<\/p>\n<ul>\n<li>1. TSK Beyin merkezinin Kara Kuvvetlerinden Hava kuvvetlerine kayd\u0131r\u0131lmas\u0131<\/li>\n<li>2. AWACS projesi ve Uzay Kuvvetleri Komutanl\u0131\u011f\u0131 gibi projelerin h\u0131zland\u0131r\u0131lmas\u0131<\/li>\n<li>3. Darbelerin hep Kara Kuvvetlerince yap\u0131ld\u0131\u011f\u0131 fikrinin g\u00fcndemde tutulup, bu kurumun y\u0131prat\u0131lmas\u0131 hedeflenecek.<\/li>\n<li>4. Hava Kuvvetleri Komutan\u0131 Org. \u0130brahim F\u0131rt\u0131na, kendi kulland\u0131\u011f\u0131 F 4 u\u00e7a\u011f\u0131 ile 20 Ekim g\u00fcn\u00fc \u0130srail&#8217;e gitmesi ve orada \u0130srail&#8217;li meslekta\u015f\u0131 T\u00fcmgeneral <strong>Dan Halutz<\/strong> ile iki \u00fclke aras\u0131ndaki askeri i\u015fbirli\u011fi konular\u0131 \u00fczerine g\u00f6r\u00fc\u015f al\u0131\u015f veri\u015finde bulunup, ayr\u0131ca iki \u00fclkenin ger\u00e7ekle\u015ftirdi\u011fi ve ger\u00e7ekle\u015ftirece\u011fi ortak tatbikatlar da g\u00f6r\u00fc\u015fmelerinde ele al\u0131n\u0131p, bir g\u00fcn sonra d\u00f6nmesi!..<a name=\"_ftnref1\" href=\"#_ftn1\" title=\"_ftnref1\">[1]<\/a><\/li>\n<li>5. Bu arada M. Ali Birand&#8217;\u0131n Posta gazetesinde<a name=\"_ftnref2\" href=\"#_ftn2\" title=\"_ftnref2\">[2]<\/a> &#8220;Eskiden Kara Kuvvetlerinin tank-top-mekanize ve piyadeye dayanan a\u011f\u0131rl\u0131\u011f\u0131, b\u00fcy\u00fck h\u0131zla teknoloji a\u011f\u0131rl\u0131kl\u0131 Hava g\u00fcc\u00fcne kayd\u0131. 21 inci as\u0131rda T\u00fcrkiye&#8217;nin kar\u015f\u0131 kar\u015f\u0131ya kalaca\u011f\u0131 tehditler ve genel olarak Ordu&#8217;larda g\u00f6r\u00fclen bu de\u011fi\u015fimi TSK nas\u0131l omuzlayacak? E\u011fer TSK de\u011fi\u015fen d\u00fcnya ko\u015fullar\u0131na uyum sa\u011flamak istiyorsa, uzun y\u0131llardan beri s\u00fcrd\u00fcr\u00fclen bir uygulamay\u0131 art\u0131k de\u011fi\u015ftirmeyi d\u00fc\u015f\u00fcnmelidir.&#8221; Diyerek art\u0131k ordu&#8217;da rotasyona gidilmesi ve \u015fu an Kara kuvvetlerinde olan komuta merkezinin, Hava Kuvvetlerine verilmesi gerekti\u011fini yazmas\u0131 da, Eric Edelman&#8217;\u0131n \u015feytani planlar\u0131n\u0131n y\u00fcr\u00fcrl\u00fc\u011fe koyuldu\u011funu g\u00f6stermektedir. <\/li>\n<\/ul>\n<p>\u00e7-Medyan\u0131n s\u00fcrekli ve sistemli beyin y\u0131kama yoluyla, ABD&#8217;nin ve dolay\u0131s\u0131yla \u0130srail&#8217;in d\u00fcnyan\u0131n tek yenilmez hakimleri oldu\u011fu kanaati yerle\u015ftirilecek<\/p>\n<p>d-Telekom, barajlar ve bankalar\u0131n, devlet kontrol\u00fcnden \u00e7\u0131kar\u0131larak ekonomi tamamen uluslar aras\u0131 b\u00fcrokrasinin g\u00fcd\u00fcm\u00fcne devredilecek.<\/p>\n<p><strong>3.A\u015fama:<\/strong> (Aksiyon ve dejenerasyon)<\/p>\n<p>a-ABD&#8217;de Bush ve \u015fahinler ekibi yeniden se\u00e7ilerek yeni bir hava estirilecek<\/p>\n<p>b-PKK eliyle yap\u0131lm\u0131\u015f imaj\u0131 verilerek, T\u00fcrkiye&#8217;ye kar\u015f\u0131, Kuzey Irak&#8217;ta ve s\u0131n\u0131r boylar\u0131nda a\u011f\u0131r zayiatla sonu\u00e7lanan f\u00fcze sald\u0131r\u0131lar\u0131 d\u00fczenlenecek<\/p>\n<p>c-B\u00f6ylece k\u0131\u015fk\u0131rt\u0131lan T\u00fcrkiye Kuzey\u00a0 Irak&#8217;ta operasyonlara giri\u015fecek ve fiilen o b\u00f6lgeye girecek<\/p>\n<p>\u00e7-Bunu, kendi gelece\u011fine ve g\u00fcvenli\u011fine kar\u015f\u0131 bir tehdit sayan ve s\u00fcrekli damar\u0131na bas\u0131lan \u0130ran da, Kuzey Irak&#8217;a y\u00fcr\u00fcyecek<\/p>\n<p>d-\u0130slam ve Arap D\u00fcnyas\u0131, T\u00fcrkiye&#8217;den \u00e7ok \u0130ran&#8217;\u0131 destekler bir tav\u0131r sergileyecek veya b\u00f6yle g\u00f6sterilecek<\/p>\n<p>e-T\u00fcrkiye mecburen, yaln\u0131zl\u0131ktan ve ba\u015far\u0131s\u0131zl\u0131ktan kurtulmak i\u00e7in, Amerika, \u0130srail ve \u0130ngiltere&#8217;nin saf\u0131na ge\u00e7ecek.<\/p>\n<p>f-Bu arada T\u00fcrkiye&#8217;deki ABD, AB ve \u0130srail kar\u015f\u0131t\u0131 Milli g\u00fc\u00e7ler, partiler, kesimler da\u011f\u0131t\u0131l\u0131p, diskalifiye edilecek. Siyasi, askeri, ekonomik ve stratejik kadrolar b\u00fct\u00fcn\u00fcyle Bat\u0131 yanl\u0131lar\u0131n\u0131n emrine verilecek<\/p>\n<p>g-B\u00f6ylece T\u00fcrkiye, B\u00fcy\u00fck \u0130srail hedefine hizmet i\u00e7in Suriye ve \u0130ran&#8217;la sava\u015fa girecek ve hem \u0130slam aleminden, hem de Milli-\u0130slami d\u00fc\u015f\u00fcnceden uzakla\u015f\u0131p, \u0131l\u0131ml\u0131-layt hale getirilecek<\/p>\n<p>h-B\u00fct\u00fcn bu a\u015famalarda T\u00fcrkiye&#8217;nin genelde milli birlik ve dirli\u011fi bozulmaya \u00e7al\u0131\u015f\u0131l\u0131rken, \u00f6zelde K\u00fcrtler ve Aleviler az\u0131nl\u0131klarla beraber hareket etmeye y\u00f6nlendirilecek!<\/p>\n<p>Evet, acaba Filistin&#8217;deki vah\u015fetlerini s\u00fcrd\u00fcrmesi ve Amerika&#8217;y\u0131 Irak i\u015fgaline te\u015fvik etmesi y\u00fcz\u00fcnden, d\u00fcnyada giderek yaln\u0131zla\u015fan ve bir nefret dalgas\u0131nda bo\u011fulmaya ba\u015flayan \u0130srail, \u0130stanbul&#8217;daki sinagog sald\u0131r\u0131lar\u0131n\u0131 tertipleyerek, mazlum ve ma\u011fdur rol\u00fc oynamaya ve bundan sonraki katliamlar\u0131na hakl\u0131l\u0131k kazand\u0131rmaya \u00e7al\u0131\u015f\u0131yor olabilir miydi?.<\/p>\n<p>\u00c7\u00fcnk\u00fc CIA ve MOSAD&#8217;\u0131n buna benzer olaylar\u0131, ge\u00e7mi\u015fte, ayn\u0131 maksatla yahudilere kar\u015f\u0131 yapt\u0131klar\u0131 zaten bilinmekteydi.<\/p>\n<p>Me\u015fhur siyonist liderlerden Ben Gourion, 1938&#8217;de \u015f\u00f6yle diyordu:<\/p>\n<p>&#8220;Avrupa&#8217;daki ve \u00f6zellikle Almanya&#8217;daki Yahudileri \u015fayet \u0130ngiltere&#8217;ye ta\u015f\u0131rsam hepsini kurtaraca\u011f\u0131m\u0131, ama \u0130srail&#8217;e ta\u015f\u0131rsam sadece yar\u0131s\u0131n\u0131 kurtaraca\u011f\u0131m\u0131 bilsem, ben ikincisini tercih ederim. \u00c7\u00fcnk\u00fc bizim i\u00e7in \u00f6nemli olan Yahudilerin hayat\u0131n\u0131 kurtarmak ve huzurlar\u0131n\u0131 korumak de\u011fil, \u0130srail Devletini kurmak ve Arz-\u0131 Mev&#8217;ud hedefine kavu\u015fmakt\u0131r&#8221;<a name=\"_ftnref3\" href=\"#_ftn3\" title=\"_ftnref3\">[3]<\/a><\/p>\n<p>Di\u011fer bir siyonist Tom Segev ise \u015funlar\u0131 s\u00f6yl\u00fcyordu:<\/p>\n<p>&#8220;Siyonizme hizmet eden ve B\u00fcy\u00fck \u0130srail hedefine y\u00fcr\u00fcyen 10 bin Yahudi, bizim i\u00e7in canl\u0131 cenazelerden fark\u0131 olmayan milyonlarca asimile olmu\u015f Yahudiden daha \u00f6nemlidir!?&#8221;<\/p>\n<p>\u0130\u015fte \u0130stanbul&#8217;daki sinagog sald\u0131r\u0131s\u0131n\u0131, sadece El-Kaide gibi kaidesiz ve \u015fi\u015firme \u00f6rg\u00fctlere mal etmek yerine, bir de bu a\u00e7\u0131dan ve Eric Edelman&#8217;\u0131n sinsi projeleri do\u011frultusunda de\u011ferlendirmekte fayda vard\u0131r.<\/p>\n<p>Hedef sapt\u0131rmaya kar\u015f\u0131 dikkatli\u00a0 olmal\u0131d\u0131r.\u00c7\u00fcnk\u00fc, koyu Amerika ve \u0130srail aleyhtar\u0131 g\u00f6r\u00fcn\u00fcp, asl\u0131nda ayn\u0131 merkezlere hizmet etti\u011fi erbab\u0131nca bilinen; 1- Ordu d\u00fc\u015fmanl\u0131\u011f\u0131 ve asker k\u0131\u015fk\u0131rt\u0131c\u0131l\u0131\u011f\u0131\u00a0 2- Erbakan kar\u015f\u0131tl\u0131\u011f\u0131 ve Milli G\u00f6r\u00fc\u015f kar\u0131\u015ft\u0131r\u0131c\u0131l\u0131\u011f\u0131 ile malum ve me\u015fhur radikal \u0130slamc\u0131 Gazete, bu olaydan hemen sonraki g\u00fcn:<\/p>\n<p>&#8221; Sinagog\u00a0 sald\u0131r\u0131s\u0131n\u0131n ordu taraf\u0131ndan tertiplendi\u011fi&#8230; Ve g\u00fcya, AB uyum yasalar\u0131yla etkinli\u011fi azalt\u0131lan\u00a0 ordunun, AKP h\u00fck\u00fcmetini y\u0131pratmak amac\u0131yla bu eylemlere giri\u015fti\u011fi.. \u00c7\u00fcnk\u00fc sald\u0131r\u0131da kullan\u0131lan C-4\u00a0 tipi patlay\u0131c\u0131lar\u0131n sadece ordunun resmen sahip olabildi\u011fi&#8221; kanaatini\u00a0 yaymaya ba\u015flam\u0131\u015ft\u0131&#8230;<\/p>\n<p>Bak\u0131n\u0131z ayn\u0131 gazete 16 Kas\u0131m 2003\u00a0 tarihli\u00a0 man\u015fetini b\u00fcy\u00fck puntolarla &#8221; Yine C-4 &#8221; diye atm\u0131\u015f&#8230;<a name=\"_ftnref4\" href=\"#_ftn4\" title=\"_ftnref4\">[4]<\/a> C-4&#8217;lerin sadece ordunun elinde bulundu\u011funu yazm\u0131\u015f 11. sayfadaki yazar &#8221; C-4 lerin, T\u00fcrkiye&#8217;nin kurtulu\u015f \u00fcmidi ( ve can simidi!) olan\u00a0 AB&#8217;ye girmesini istemeyenler taraf\u0131ndan patlat\u0131ld\u0131\u011f\u0131n\u0131&#8221; imaya \u00e7al\u0131\u015fm\u0131\u015f.. Ve yine &#8221; G\u00f6zc\u00fc&#8221; Gazetesinden bir yazar\u0131n &#8221; Ankara&#8217;n\u0131n havas\u0131 yak\u0131nda a\u00e7\u0131lacak&#8221; haber man\u015fetini delil g\u00f6sterip, bu sinagog sald\u0131r\u0131s\u0131n\u0131n &#8220;Cumhuriyeti koruma ve kollama g\u00f6revi verilenlerin &#8220;i\u015fi olabilece\u011fi ihtimali, \u00f6zelikle hat\u0131rlat\u0131lm\u0131\u015ft\u0131&#8230; Gazetenin ba\u015fyazar\u0131 da , ayn\u0131 havalar\u0131 tak\u0131nm\u0131\u015ft\u0131.<\/p>\n<p>\u015eimdi, bir gazetenin yazar\u0131ndan yorumcusuna, patronundan man\u015fet puntosuna kadar, hepsinin, bir olaydan hemen sonra, onun su\u00e7unu ve sorumlulu\u011funu, dolayl\u0131 ve imal\u0131 olarak orduya y\u00fcklemek \u00fczere, b\u00f6ylesine ortak bir g\u00f6r\u00fc\u015f birli\u011fi ve gayret i\u00e7inde olmalar\u0131, olsa olsa keramettir!&#8230;<\/p>\n<p>Veya karanl\u0131k odaklardan, talimatla y\u00f6nlendirildiklerini g\u00f6stermektedir!?&#8230;<\/p>\n<p>Ama umuyoruz ki,\u00a0 bu karanl\u0131k d\u00f6nemler yak\u0131nda bitecektir .. Ve bu kiral\u0131k kalemlerin gayreti, bu mutlu ve muhte\u015fem neticeyi de\u011fi\u015ftiremeyecektir&#8230;<\/p>\n<p>Sinagoglara ve Yahudi vatanda\u015flar\u0131m\u0131za kar\u015f\u0131 yap\u0131ld\u0131\u011f\u0131, \u0131srarla vurgulanmas\u0131na ra\u011fmen, \u00f6lenlerin, yaralananlar\u0131n ve zarara u\u011frayanlar\u0131n b\u00fcy\u00fck \u00e7o\u011funlu\u011funun M\u00fcsl\u00fcman halk\u0131m\u0131z olmas\u0131 da kafalar\u0131 iyice kar\u0131\u015ft\u0131ran bu olaylar\u0131n hemen arkas\u0131ndan;<\/p>\n<p>ZAKA diye bilinen MOSSAD ajanlar\u0131n\u0131n T\u00fcrkiye&#8217;ye dolu\u015fmas\u0131,<\/p>\n<p>\u0130srail Ba\u015fkatili \u015earon&#8217;un \u0130talya gezisinde, d\u00fcnyadaki b\u00fct\u00fcn Yahudileri, kendi g\u00fcvenlikleri i\u00e7in, \u0130srail&#8217;de ya\u015famaya \u00e7a\u011f\u0131rmas\u0131,<\/p>\n<p>Ve birka\u00e7 g\u00fcn sonra, Taksim&#8217;deki \u0130ngiliz konsoloslu\u011funa ve Levent&#8217;teki Yahudi sermayeli bir yabanc\u0131 bankaya, ayn\u0131 t\u00fcrden deh\u015fet uyand\u0131r\u0131c\u0131 sald\u0131r\u0131lar\u0131n yap\u0131lm\u0131\u015f olmas\u0131&#8230; Acaba,<\/p>\n<p>&#8220;\u0130srail&#8217;i ma\u011fdur g\u00f6stermek ve T\u00fcrkiye&#8217;yi Amerika-\u0130ngiltere ve \u0130srail cephesine mecbur ve mahkum etmek&#8221; hedefini g\u00fcdenlerin bir eylemi oldu\u011fu kanaatini g\u00fc\u00e7lendirmiyor mu?<\/p>\n<div>\u015eakir \u015eAH\u0130N  <\/p>\n<hr \/><\/div>\n<p><a name=\"_ftn1\" href=\"#_ftnref1\" title=\"_ftn1\">[1]<\/a> 31 Ekim 2003 H\u00fcrriyet<\/p>\n<p><a name=\"_ftn2\" href=\"#_ftnref2\" title=\"_ftn2\">[2]<\/a> 13-14 Kas\u0131m 2003 Posta<\/p>\n<p><a name=\"_ftn3\" href=\"#_ftnref3\" title=\"_ftn3\">[3]<\/a> Yivon Geibner.Kud\u00fcs.c.12 sh.99<\/p>\n<p><a name=\"_ftn4\" href=\"#_ftnref4\" title=\"_ftn4\">[4]<\/a> Bak: 10. Sayfa<\/p>\n","protected":false},"excerpt":{"rendered":"<p>Bu arada, \u0130stanbul&#8217;da 15 Kas\u0131m Cumartesi g\u00fcn\u00fc 2 sinagokta ve ibadet esnas\u0131nda meydana gelen ve maalesef onlarca \u00f6l\u00fc, y\u00fczlerce yaral\u0131 ile neticelenen menfur ve mel&#8217;un (nefret edilen ve lanetlenen) patlamalar\u0131, acaba hangi odaklar ve hangi ama\u00e7la tertiplemi\u015fti?..<\/p>\n<p>Bu sorunun cevab\u0131 \u00fczerinde durmam\u0131z, halk\u0131m\u0131z\u0131 ve \u00f6zellikle Milli \u015fuur ve sorumluluk erbab\u0131n\u0131 uyarmam\u0131z gerekiyor.<\/p>\n<p>Acaba, bu vah\u015fi sald\u0131r\u0131lar, T\u00fcrkiye&#8217;yi ve b\u00f6lgeyi kar\u0131\u015ft\u0131rmay\u0131 hedefleyen h\u0131yanet merkezlerinin ve i\u00e7imizdeki d\u0131\u015f g\u00fc\u00e7lerin bir eseri miydi?<\/p>\n","protected":false},"author":35,"featured_media":0,"comment_status":"open","ping_status":"closed","sticky":false,"template":"","format":"standard","meta":{"footnotes":""},"categories":[53],"tags":[854,870,886,855,871,887,856,872,888,857,873,889,858,874,890,859,875,891,860,876,892,861,877,893,795,862,878,894,847,863,879,895,848,864,880,849,865,881,850,866,882,851,867,883,852,868,884,853,869,885],"class_list":["post-594","post","type-post","status-publish","format-standard","hentry","category-ocak-2004","tag-basarisizliktan","tag-patlatildigini","tag-tertipleyerek","tag-hatirlatilmisti","tag-patlayicilarin","tag-yandaslarinin","tag-hizlandirilacak","tag-vurgulanmasina","tag-azinliklarla","tag-hizlandirilmasi","tag-yaralananlarin","tag-baronlugunda","tag-karistiriciligi","tag-bilinmekteydi","tag-baslatilacak","tag-kiskirticiligi","tag-getirildikten","tag-burokrasinin","tag-organizasyonlar","tag-katliamlarina","tag-cenazelerden","tag-soylentileriyle","tag-kurtaracagimi","tag-dejenerasyon","tag-dogrultusunda","tag-yerlestirilecek","tag-kuvvetlerince","tag-devredilecek","tag-yonlendirildiklerini","tag-yonlendirilecek","tag-kuvvetlerinde","tag-degistirmeyi","tag-degistiremeyecektir","tag-gorusmelerinde","tag-kuvvetlerinin","tag-gerceklestirecegi","tag-gostermektedir","tag-olusturulacak","tag-degerlendirmekte","tag-guclendirmiyor","tag-operasyonlara","tag-gerceklestirdigi","tag-konsolosluguna","tag-saldirilarini","tag-imparatorlugunda","tag-kuvvetlerinden","tag-sorumlulugunu","tag-vatandaslarimiza","tag-kiskirtmasiyla","tag-tertiplendigi"],"_links":{"self":[{"href":"https:\/\/www.millicozum.com\/mc\/wp-json\/wp\/v2\/posts\/594","targetHints":{"allow":["GET"]}}],"collection":[{"href":"https:\/\/www.millicozum.com\/mc\/wp-json\/wp\/v2\/posts"}],"about":[{"href":"https:\/\/www.millicozum.com\/mc\/wp-json\/wp\/v2\/types\/post"}],"author":[{"embeddable":true,"href":"https:\/\/www.millicozum.com\/mc\/wp-json\/wp\/v2\/users\/35"}],"replies":[{"embeddable":true,"href":"https:\/\/www.millicozum.com\/mc\/wp-json\/wp\/v2\/comments?post=594"}],"version-history":[{"count":0,"href":"https:\/\/www.millicozum.com\/mc\/wp-json\/wp\/v2\/posts\/594\/revisions"}],"wp:attachment":[{"href":"https:\/\/www.millicozum.com\/mc\/wp-json\/wp\/v2\/media?parent=594"}],"wp:term":[{"taxonomy":"category","embeddable":true,"href":"https:\/\/www.millicozum.com\/mc\/wp-json\/wp\/v2\/categories?post=594"},{"taxonomy":"post_tag","embeddable":true,"href":"https:\/\/www.millicozum.com\/mc\/wp-json\/wp\/v2\/tags?post=594"}],"curies":[{"name":"wp","href":"https:\/\/api.w.org\/{rel}","templated":true}]}}