{"id":5943,"date":"2020-09-25T22:00:00","date_gmt":"2020-09-25T22:00:00","guid":{"rendered":"https:\/\/www.millicozum.com\/mc\/2020\/09\/25\/karadeniz-gazina-ama-ve-acaba-dememek-icin-insanin-amakor-olmasi-lazimdi-2\/"},"modified":"2020-09-25T22:00:00","modified_gmt":"2020-09-25T22:00:00","slug":"karadeniz-gazina-ama-ve-acaba-dememek-icin-insanin-amakor-olmasi-lazimdi-2","status":"publish","type":"post","link":"https:\/\/www.millicozum.com\/mc\/2020\/ekim-2020\/karadeniz-gazina-ama-ve-acaba-dememek-icin-insanin-amakor-olmasi-lazimdi\/","title":{"rendered":"KARADEN\u0130Z GAZINA: \u201cAMA VE ACABA?\u201d DEMEMEK \u0130\u00c7\u0130N, \u0130NSANIN \u201cA\u2019MA=K\u00d6R\u201d OLMASI LAZIMDI!.."},"content":{"rendered":"\n<p>&nbsp;<\/p>\n<p style=\"margin-bottom: 0cm; text-align: center; line-height: 16pt;\"><strong><span style=\"font-size: 16pt; font-family: 'Arial', sans-serif;\">KARADEN\u0130Z GAZINA: &ldquo;AMA VE ACABA?&rdquo; DEMEMEK \u0130&Ccedil;\u0130N,<\/span><\/strong><\/p>\n<p style=\"margin-bottom: 0cm; text-align: center; line-height: 16pt;\"><strong><span style=\"font-size: 16pt; font-family: 'Arial', sans-serif;\">\u0130NSANIN &ldquo;A&rsquo;MA=K&Ouml;R&rdquo; OLMASI LAZIMDI!..<\/span><\/strong><\/p>\n<p style=\"margin-bottom: 0cm; text-align: justify; text-indent: 1cm; line-height: 16pt;\"><strong><span style=\"font-size: 16pt; font-family: 'Arial', sans-serif;\">&nbsp;&nbsp;&nbsp;&nbsp;&nbsp;&nbsp;&nbsp;&nbsp; <\/span><\/strong><\/p>\n<p style=\"margin-bottom: 0cm; text-align: justify; text-indent: 1cm; line-height: 16pt;\"><strong><span style=\"font-size: 12pt; font-family: 'Arial', sans-serif;\">Cumhurba\u015fkan\u0131 Recep Tayyip Erdo\u011fan, Ankara&#8217;daki bir a&ccedil;\u0131l\u0131\u015f t&ouml;renindeki konu\u015fmas\u0131nda Do\u011fu Akdeniz&#8217;deki geli\u015fmelerle ilgili a&ccedil;\u0131klamalar yapm\u0131\u015ft\u0131. Sn. Erdo\u011fan&rsquo;\u0131n; <\/span><\/strong><strong><em><span style=\"font-size: 14pt; font-family: 'Arial', sans-serif;\">&#8220;Hi&ccedil;bir s&ouml;m&uuml;rgeci g&uuml;&ccedil;, &uuml;lkemizi bu b&ouml;lgede var oldu\u011fu tahmin edilen zengin petrol ve do\u011fal gaz kaynaklar\u0131ndan mahrum b\u0131rakamaz&#8221;<\/span><\/em><\/strong><span style=\"font-size: 14pt; font-family: 'Arial', sans-serif;\"> <\/span><strong><span style=\"font-size: 12pt; font-family: 'Arial', sans-serif;\">diye konu\u015fmalar\u0131 kafam\u0131z\u0131 kar\u0131\u015ft\u0131rm\u0131\u015ft\u0131. Erdo\u011fan&rsquo;\u0131n; <\/span><\/strong><strong><em><span style=\"font-size: 14pt; font-family: 'Arial', sans-serif;\">&ldquo;T&uuml;rkiye&rsquo;nin Do\u011fu Akdeniz&#8217;den Libya&#8217;ya kadar farkl\u0131 cephelerde y&uuml;r&uuml;tt&uuml;\u011f&uuml; m&uuml;cadele bir istikbal m&uuml;cadelesidir. Bug&uuml;n Do\u011fu Akdeniz&rsquo;de dayat\u0131lmaya &ccedil;al\u0131\u015f\u0131lan Sevr&rsquo;e boyun e\u011fmeyece\u011fiz&#8221; <\/span><\/em><\/strong><strong><span style=\"font-size: 12pt; font-family: 'Arial', sans-serif;\">ifadelerini kullanmas\u0131 ise bizim baz\u0131 ku\u015fkular\u0131m\u0131z\u0131 artt\u0131rm\u0131\u015ft\u0131.<\/span><\/strong><\/p>\n<p style=\"margin-bottom: 0cm; text-align: justify; text-indent: 1cm; line-height: 16pt;\"><strong><span style=\"font-size: 14pt; font-family: 'Arial', sans-serif;\">S.1- Yoksa ABD&rsquo;nin ve AB&rsquo;nin bask\u0131s\u0131, hatta ABD&rsquo;nin &ldquo;Y&uuml;zen Ada&rdquo; say\u0131lan u&ccedil;ak gemisini Ege&rsquo;ye yollamas\u0131 sonucu Do\u011fu Akdeniz&rsquo;deki aramalardan vazge&ccedil;meye bir gerek&ccedil;e olu\u015fturulmak ve halk\u0131m\u0131z avutulmak i&ccedil;in mi bu Karadeniz Gaz\u0131 g&uuml;ndeme ta\u015f\u0131nm\u0131\u015ft\u0131?<\/span><\/strong><\/p>\n<p style=\"margin-bottom: 0cm; text-align: justify; text-indent: 1cm; line-height: 16pt;\"><strong><span style=\"font-size: 14pt; font-family: 'Arial', sans-serif;\">S.2- Bu hava, sadece yakla\u015fan se&ccedil;imleri kotarma ve iyice t&ouml;kezleyip t&uuml;kenen ekonomiye hayali can katma amac\u0131yla m\u0131 at\u0131lm\u0131\u015ft\u0131? <\/span><\/strong><\/p>\n<p style=\"margin-bottom: 0cm; text-align: justify; text-indent: 1cm; line-height: 16pt;\"><strong><span style=\"font-size: 12pt; font-family: 'Arial', sans-serif;\">Biz bu haberi <em>&ldquo;oh ke\u015fke, haydi in\u015faallah!&rdquo;<\/em> diye kar\u015f\u0131lam\u0131\u015ft\u0131k. Ama a\u015f\u0131r\u0131 sevinmek i&ccedil;in biraz temkinli yakla\u015ft\u0131k. &Ccedil;&uuml;nk&uuml; ayn\u0131 kof m&uuml;jdeyi daha &ouml;nce 8 sefer daha tekrarlam\u0131\u015flard\u0131. 2007-2013 aras\u0131 bu t&uuml;r palavralar &ccedil;ok s\u0131k\u0131lm\u0131\u015ft\u0131. Sn. Erdo\u011fan <em>&ldquo;bu gaz rezervinin 2023 y\u0131l\u0131nda kullan\u0131l\u0131r hale sokulaca\u011f\u0131n\u0131&rdquo;<\/em> s&ouml;ylemeseydi kafalar\u0131m\u0131z bu denli kar\u0131\u015fmayacakt\u0131. &Ccedil;&uuml;nk&uuml; teknik ve ekonomik t&uuml;m imk&acirc;nlar\u0131 haz\u0131r olan &uuml;lkelerin bile, b&ouml;ylesi deniz dibi do\u011fal gazlar\u0131n\u0131 &ccedil;\u0131kar\u0131p-haz\u0131rlay\u0131p piyasaya ve sat\u0131\u015fa sunmalar\u0131, uzmanlara g&ouml;re en az 5 y\u0131l\u0131n\u0131 almaktayd\u0131. Normalde ise 8-10 y\u0131l gibi bir zaman dilimi s&ouml;z konusu olmaktayd\u0131. Oysa Erdo\u011fan&rsquo;a bak\u0131l\u0131rsa b&uuml;t&uuml;n bunlar 2 y\u0131lda tamamlanacakt\u0131!?<\/span><\/strong><\/p>\n<p style=\"margin-bottom: 0cm; text-align: justify; text-indent: 1cm; line-height: 16pt;\"><strong><span style=\"font-size: 12pt; font-family: 'Arial', sans-serif;\">\u015eimdi g&ouml;z&uuml;m&uuml;z kula\u011f\u0131m\u0131z Akdeniz&rsquo;de olacakt\u0131. Oradaki sondaj gemilerimiz Karadeniz&rsquo;e &ccedil;ekildi\u011fi an, bunlar\u0131n balonu patlayacakt\u0131. Bu t&uuml;r haber ve yorumlara, <em>&ldquo;ama ve acaba?&rdquo;<\/em> dememek i&ccedil;in insan\u0131n <\/span><\/strong><strong><em><span style=\"font-size: 14pt; font-family: 'Arial', sans-serif;\">(a&rsquo;ma=k&ouml;r)<\/span><\/em><\/strong><span style=\"font-size: 14pt; font-family: 'Arial', sans-serif;\"> <\/span><strong><span style=\"font-size: 12pt; font-family: 'Arial', sans-serif;\">olmas\u0131 laz\u0131md\u0131.<\/span><\/strong><\/p>\n<p style=\"margin-bottom: 0cm; text-align: justify; text-indent: 1cm; line-height: 16pt;\"><strong><span style=\"font-size: 14pt; font-family: 'Arial', sans-serif;\">Prof. Dr. Sencer \u0130mer&rsquo;in bilimsel a&ccedil;\u0131klamalar\u0131:<\/span><\/strong><\/p>\n<p style=\"margin-bottom: 0cm; text-align: justify; text-indent: 1cm; line-height: 16pt;\"><strong><span style=\"font-size: 12pt; font-family: 'Arial', sans-serif;\">&ldquo;320 milyar metrek&uuml;p gaz bulundu diyelim. Bunun ne kadar\u0131 &ccedil;\u0131kar\u0131labilecek durumdad\u0131r bilinmesi gerekir? 320 milyar metrek&uuml;pl&uuml;k gaz\u0131n hepsi &ccedil;\u0131km\u0131\u015f olsa bile bunun de\u011feri 64 milyar dolar\u0131n sadece sekizde biridir! Yani 8 milyar dolar etmektedir.<\/span><\/strong><\/p>\n<p style=\"margin-bottom: 0cm; text-align: justify; text-indent: 1cm; line-height: 16pt;\"><strong><span style=\"font-size: 12pt; font-family: 'Arial', sans-serif;\">Deniz dibindeki ve derindeki gaz ve petrol bulunan kayay\u0131 par&ccedil;alamak i&ccedil;in yerin alt\u0131na yatay olarak girilip, kimyasalla su bas\u0131p patlatarak &ccedil;\u0131kan gaz\u0131 d\u0131\u015far\u0131 alman\u0131z gerekmektedir. Bu ise yeralt\u0131 sular\u0131n\u0131 kirletmekte, ayr\u0131ca depremi de tetiklemektedir&hellip;<\/span><\/strong><\/p>\n<p style=\"margin-bottom: 0cm; text-align: justify; text-indent: 1cm; line-height: 16pt;\"><strong><span style=\"font-size: 12pt; font-family: 'Arial', sans-serif;\">&#8211; Ben, Romanya&rsquo;n\u0131n ara\u015ft\u0131rma &ccedil;al\u0131\u015fmalar\u0131n\u0131 inceledim. Exxon Mobil oraya gitmi\u015f, i\u015fe girmemi\u015f. <em>&ldquo;Biz bunu yapmak istemiyoruz, bug&uuml;nk&uuml; fiyatlarda ekonomik de\u011fil&rdquo;<\/em> demi\u015f ki oras\u0131 bin metre, oysa bizimki ise 3 bin 500 metre derinliktedir.<\/span><\/strong><\/p>\n<p style=\"margin-bottom: 0cm; text-align: justify; text-indent: 1cm; line-height: 16pt;\"><strong><span style=\"font-size: 12pt; font-family: 'Arial', sans-serif;\">&#8211; Bunun y\u0131ll\u0131k yat\u0131r\u0131m-i\u015fletme miktar\u0131 30 milyar dolar civar\u0131ndad\u0131r, bunun &uuml;&ccedil;te ikisi yat\u0131r\u0131m, &uuml;&ccedil;te biri de i\u015fletme maliyetidir. \u015eimdi soruyoruz:<\/span><\/strong><\/p>\n<p style=\"margin-bottom: 0cm; text-align: justify; text-indent: 1cm; line-height: 16pt;\"><strong><span style=\"font-size: 12pt; font-family: 'Arial', sans-serif;\">1- Bu paray\u0131 nereden bulacaks\u0131n\u0131z?<\/span><\/strong><\/p>\n<p style=\"margin-bottom: 0cm; text-align: justify; text-indent: 1cm; line-height: 16pt;\"><strong><span style=\"font-size: 12pt; font-family: 'Arial', sans-serif;\">2- Teknoloji i&ccedil;in hangi \u015firketle anla\u015facaks\u0131n\u0131z?<\/span><\/strong><\/p>\n<p style=\"margin-bottom: 0cm; text-align: justify; text-indent: 1cm; line-height: 16pt;\"><strong><span style=\"font-size: 12pt; font-family: 'Arial', sans-serif;\">Sonu&ccedil; mecburen <em>yap-i\u015flet-devret<\/em> modelidir.<\/span><\/strong><\/p>\n<p style=\"margin-bottom: 0cm; text-align: justify; text-indent: 1cm; line-height: 16pt;\"><strong><span style=\"font-size: 12pt; font-family: 'Arial', sans-serif;\">&#8211; Hazine ve Maliye Bakan\u0131 Berat Albayrak&rsquo;\u0131n <em>&ldquo;Denizdeki ke\u015fif sonucu &uuml;lkemizin g&uuml;ndeminden cari a&ccedil;\u0131k konusunu &ccedil;\u0131kar\u0131p cari fazlas\u0131n\u0131 konu\u015fuyor olaca\u011f\u0131z!&rdquo;<\/em> iddias\u0131 bir anlamda b&uuml;t&ccedil;e a&ccedil;\u0131\u011f\u0131n\u0131n ancak mucizelerle kapan\u0131r hale gelmi\u015f olmas\u0131n\u0131n itiraf\u0131 gibidir ve g&uuml;l&uuml;n&ccedil; duruma d&uuml;\u015f&uuml;rmektedir.&rdquo;[1]<\/span><\/strong><\/p>\n<p style=\"margin-bottom: 0cm; text-align: justify; text-indent: 1cm; line-height: 16pt;\"><strong><span style=\"font-size: 14pt; font-family: 'Arial', sans-serif;\">Cumhurba\u015fkan\u0131 Erdo\u011fan, herkesin merakla bekledi\u011fi m&uuml;jdeyi a&ccedil;\u0131klarken:<\/span><\/strong><span style=\"font-size: 14pt; font-family: 'Arial', sans-serif;\"> <\/span><strong><em><span style=\"font-size: 12pt; font-family: 'Arial', sans-serif;\">&#8220;T&uuml;rkiye, tarihinin en b&uuml;y&uuml;k do\u011falgaz ke\u015ffini Karadeniz&#8217;de ger&ccedil;ekle\u015ftirdi.&nbsp;Fatih Sondaj Gemimiz 20 Temmuz 2020&#8217;de ba\u015flad\u0131\u011f\u0131 Tuna-1 Kuyusu sondaj\u0131nda 320 milyar metrek&uuml;p do\u011falgaz rezervi ke\u015ffetmi\u015f durumda&#8221;<\/span><\/em><\/strong><span style=\"font-size: 12pt; font-family: 'Arial', sans-serif;\"> <strong>ifadelerini kullanmas\u0131 da ku\u015fkular\u0131m\u0131z\u0131 artt\u0131rm\u0131\u015ft\u0131.<\/strong><\/span><\/p>\n<p style=\"margin-bottom: 0cm; text-align: justify; text-indent: 1cm; line-height: 16pt;\"><strong><span style=\"font-size: 14pt; font-family: 'Arial', sans-serif;\">Cumhurba\u015fkan\u0131 Erdo\u011fan&#8217;\u0131n a&ccedil;\u0131klamalar\u0131ndan sat\u0131r ba\u015flar\u0131 \u015funlard\u0131:<\/span><\/strong><\/p>\n<p style=\"margin-bottom: 0cm; text-align: justify; text-indent: 1cm; line-height: 16pt;\"><strong><em><span style=\"font-size: 12pt; font-family: 'Arial', sans-serif;\">&ldquo;&Uuml;lkemiz i&ccedil;in tarihi bir &ouml;neme sahip m&uuml;jdeyi payla\u015fmak &uuml;zere buraday\u0131z. Enerji, kalk\u0131nman\u0131n temel unsuru olman\u0131n yan\u0131nda milli ba\u011f\u0131ms\u0131zl\u0131\u011f\u0131n tesisinde de b&uuml;y&uuml;k &ouml;neme sahiptir. Do\u011fu Akdeniz&#8217;de oynanan onca oyunun gerisinde de enerji kaynaklar\u0131n\u0131n payla\u015f\u0131m\u0131 kavgas\u0131 vard\u0131r. Bir damla petrol&uuml; oluk oluk akan insan kan\u0131ndan daha de\u011ferli g&ouml;ren gayri insani k&uuml;resel d&uuml;zen h&acirc;l&acirc; h&uuml;k&uuml;mranl\u0131\u011f\u0131n\u0131 s&uuml;rd&uuml;rmektedir. Rabbim bize bamba\u015fka bir yerde, hem de g&ouml;r&uuml;lmedik zenginlikte bir kap\u0131 a&ccedil;t\u0131. Sondaj ve sismik ara\u015ft\u0131rma &ccedil;al\u0131\u015fmalar\u0131m\u0131zda en k&uuml;&ccedil;&uuml;k bir d\u0131\u015fa ba\u011f\u0131ml\u0131l\u0131\u011f\u0131m\u0131z s&ouml;z konusu de\u011fildir. Bug&uuml;nk&uuml; sevinci bize ya\u015fatan Fatih&#8217;in yan\u0131nda, Yavuz ve Kanuni sondaj gemilerimizle d&uuml;nyan\u0131n en &ouml;nde gelen &uuml;lkeleri aras\u0131na dahil olduk.&rdquo;<\/span><\/em><\/strong><\/p>\n<p style=\"margin-bottom: 0cm; text-align: justify; text-indent: 1cm; line-height: 16pt;\"><strong><em><span style=\"font-size: 12pt; font-family: 'Arial', sans-serif;\">T&uuml;rkiye, tarihinin en b&uuml;y&uuml;k do\u011falgaz ke\u015ffini Karadeniz&#8217;de ger&ccedil;ekle\u015ftirdi. <\/span><\/em><\/strong><strong><span style=\"font-size: 14pt; font-family: 'Arial', sans-serif;\">Fatih Sondaj Gemimiz 20 Temmuz 2020&#8217;de ba\u015flad\u0131\u011f\u0131 Tuna-1 Kuyusu sondaj\u0131nda 320 milyar metrek&uuml;p do\u011falgaz rezervi ke\u015ffetmi\u015f durumda. <\/span><\/strong><strong><em><span style=\"font-size: 12pt; font-family: 'Arial', sans-serif;\">Bu operasyonu tamamen milli imk&acirc;nlarla ger&ccedil;ekle\u015ftirdik. Kuyudan elde edilen veriler, ayn\u0131 b&ouml;lgede yeni do\u011falgaz ke\u015fiflerinin kuvvetle muhtemel oldu\u011funa i\u015faret ediyor. Hedefimiz, 2023 y\u0131l\u0131nda Karadeniz gaz\u0131n\u0131 milletimizin kullan\u0131m\u0131na sunmakt\u0131r.&rdquo; <\/span><\/em><\/strong><strong><span style=\"font-size: 14pt; font-family: 'Arial', sans-serif;\">Oysa Fatih Sondaj Gemisi&rsquo;nin Karadeniz a&ccedil;\u0131klar\u0131nda ve Romanya yak\u0131nlar\u0131nda bu GAZ rezervlerini bulmas\u0131 olay\u0131 6 y\u0131l &ouml;nce yine g&uuml;ndeme ta\u015f\u0131nm\u0131\u015ft\u0131, ama o s&uuml;re&ccedil;teki b&uuml;t&uuml;n arama tarama ekibi, her nedense uyduruk gerek&ccedil;elerle g&ouml;revlerinden uzakla\u015ft\u0131r\u0131lm\u0131\u015flard\u0131!?<\/span><\/strong><\/p>\n<p style=\"margin-bottom: 0cm; text-align: justify; text-indent: 1cm; line-height: 16pt;\"><strong><span style=\"font-size: 14pt; font-family: 'Arial', sans-serif;\">&Ouml;nemli bir hat\u0131rlatma! \u0130slam Hukukunda:<\/span><\/strong><\/p>\n<p style=\"margin-bottom: 0cm; text-align: justify; text-indent: 1cm; line-height: 16pt;\"><strong><span style=\"font-size: 12pt; font-family: 'Arial', sans-serif;\">a) Denizin bir b&ouml;lgesindeki, yakalanmam\u0131\u015f bal\u0131klar\u0131n&hellip;<\/span><\/strong><\/p>\n<p style=\"margin-bottom: 0cm; text-align: justify; text-indent: 1cm; line-height: 16pt;\"><strong><span style=\"font-size: 12pt; font-family: 'Arial', sans-serif;\">b) Meyveye durmam\u0131\u015f ve hen&uuml;z olgunla\u015fmam\u0131\u015f a\u011fa&ccedil;lardaki meyvelerin ve tarlada bulunan harmanlan\u0131p taneleri ayr\u0131\u015fmam\u0131\u015f hububat\u0131n&hellip;<\/span><\/strong><\/p>\n<p style=\"margin-bottom: 0cm; text-align: justify; text-indent: 1cm; line-height: 16pt;\"><strong><span style=\"font-size: 12pt; font-family: 'Arial', sans-serif;\">c) Maden ocaklar\u0131ndan hen&uuml;z &ccedil;\u0131kar\u0131lmam\u0131\u015f ve pazarlanacak duruma ta\u015f\u0131nmam\u0131\u015f maden ve petrol yataklar\u0131n\u0131n <\/span><\/strong><strong><span style=\"font-size: 14pt; font-family: 'Arial', sans-serif;\">sat\u0131\u015f\u0131 haramd\u0131r ve ge&ccedil;ersiz say\u0131l\u0131r. &Ccedil;&uuml;nk&uuml; miktar\u0131 ve kalite ayar\u0131 belirsiz mallar\u0131n sat\u0131\u015f\u0131 bir aldatmacad\u0131r.<\/span><\/strong><\/p>\n<p style=\"margin-bottom: 0cm; text-align: justify; text-indent: 1cm; line-height: 16pt;\"><strong><span style=\"font-size: 12pt; font-family: 'Arial', sans-serif;\">Demek ki bu gibi tahmini hatta hayali gelir kaynaklar\u0131yla halk\u0131n aldat\u0131lmas\u0131 da siyasi bir sahtek&acirc;rl\u0131kt\u0131r!..<\/span><\/strong><\/p>\n<p style=\"margin-bottom: 0cm; text-align: justify; text-indent: 1cm; line-height: 16pt;\"><strong><span style=\"font-size: 14pt; font-family: 'Arial', sans-serif;\">\u0130\u015fte bu nedenle, AD\u0130L D&Uuml;ZEN&rsquo;de Parti ve H&uuml;k&uuml;metlerin b&ouml;ylesi vaatlerini <em>&#8220;ka&ccedil; ayda veya hangi y\u0131lda?&#8221;<\/em> yapacaklar\u0131na dair taahh&uuml;tte bulunmalar\u0131 \u015fart ko\u015fulacak ve takvime ba\u011flanacak; halka verdikleri ve oy dev\u015firdikleri bu s&ouml;zleri tutmad\u0131klar\u0131 takdirde, se&ccedil;imi beklemeden iktidardan al\u0131nacaklard\u0131r ve toplumu aldatmalar\u0131na f\u0131rsat tan\u0131nmayacakt\u0131r.<\/span><\/strong><\/p>\n<p style=\"margin-bottom: 0cm; text-align: justify; text-indent: 1cm; line-height: 16pt;\"><strong><span style=\"font-size: 14pt; font-family: 'Arial', sans-serif;\">Tam bu s\u0131rada Merkez&rsquo;in d&ouml;viz rezervi 15 y\u0131l\u0131n en d&uuml;\u015f&uuml;k seviyesine gerilemi\u015f durumdayd\u0131!<\/span><\/strong><\/p>\n<p style=\"margin-bottom: 0cm; text-align: justify; text-indent: 1cm; line-height: 16pt;\"><strong><span style=\"font-size: 12pt; font-family: 'Arial', sans-serif;\">Merkez Bankas\u0131&rsquo;n\u0131n (TCMB) br&uuml;t d&ouml;viz rezervi, 14 A\u011fustos ile biten haftada 1,2 milyar dolar daha azalarak 45,4 milyar dolara gerilemi\u015fti. D&uuml;nya gazetesinin haberine g&ouml;re, bu tutar Kas\u0131m 2005&rsquo;ten bu yana en d&uuml;\u015f&uuml;k seviyedeydi. TCMB&rsquo;nin br&uuml;t d&ouml;viz rezervi y\u0131l ba\u015f\u0131nda 81,2 milyar dolar seviyesindeydi. Aral\u0131k 2013&rsquo;te bu rakam 115 milyar dolarla t&uuml;m zamanlar\u0131n zirvesine y&uuml;kselmi\u015fti. Alt\u0131n dahil toplam rezervler ise 14 A\u011fustos ile biten haftada 3,6 milyar dolar azalarak 88,2 milyar dolara indirmi\u015fti. Haziran sonu itibar\u0131yla rezervin 58,9 milyar dolar\u0131, yurt i&ccedil;i ve yurt d\u0131\u015f\u0131 bankalarla yap\u0131lan takasla (swap) edinilen &ouml;d&uuml;n&ccedil; d&ouml;viz ve alt\u0131nlardan meydana gelmekteydi. Swap hari&ccedil; tutuldu\u011funda TCMB&rsquo;nin br&uuml;t d&ouml;viz rezervi eksi seviyede g&ouml;r&uuml;lmekteydi. Sene ba\u015f\u0131nda 25,1 milyar dolar olan alt\u0131n rezervi ise 14 A\u011fustos itibar\u0131yla 42,8 milyar dolara ula\u015fm\u0131\u015f vaziyetteydi.<\/span><\/strong><\/p>\n<p style=\"margin-bottom: 0cm; text-align: justify; text-indent: 1cm; line-height: 16pt;\"><strong><span style=\"font-size: 12pt; font-family: 'Arial', sans-serif;\">Vatanda\u015flar, bundan &ouml;nceki hafta d&ouml;viz hesaplar\u0131nda sat\u0131\u015fa ge&ccedil;mi\u015fti. Dolarda y&uuml;ksek seviyelerin g&ouml;r&uuml;lmesi vatanda\u015f\u0131 k&acirc;r realizasyonuna itmi\u015fti. Alt\u0131n\u0131n dolar cinsinden fiyat\u0131ndaki gerileme de toplam yabanc\u0131 para mevduat seviyesini d&uuml;\u015f&uuml;rmekteydi. TCMB verilerine g&ouml;re, yurt i&ccedil;i yerle\u015fiklerin yabanc\u0131 para hesaplar\u0131ndaki tutar ge&ccedil;en hafta 1.8 milyar dolar gerilemi\u015f ve 217.6 milyar dolara inmi\u015fti. B&ouml;ylece, d&ouml;viz hesaplar\u0131 bir &ouml;nceki hafta g&ouml;rd&uuml;\u011f&uuml; 219,5 milyar dolarl\u0131k zirveden d&uuml;\u015fmekteydi. Yurt i&ccedil;i yerle\u015fiklerin hesab\u0131ndaki 217 milyar 662 milyon dolarl\u0131k d&ouml;viz ve alt\u0131n\u0131n, 134 milyar 339 milyon dolar\u0131n\u0131 bireysel hesaplar olu\u015ftururken, 83 milyar 323 milyon dolar\u0131 ise t&uuml;zel hesaplardan ileri gelmekteydi. Bir &ouml;nceki haftaya g&ouml;re k\u0131yasland\u0131\u011f\u0131nda d&ouml;viz hesaplar\u0131ndaki d&uuml;\u015f&uuml;\u015f&uuml;n 1.6 milyar dolar\u0131 vatanda\u015flar\u0131n d&ouml;viz sat\u0131\u015f\u0131ndan kaynaklan\u0131rken, \u015firket hesaplar\u0131ndan &ccedil;\u0131k\u0131\u015f ise 182 milyon dolar\u0131 ge&ccedil;memi\u015fti. D&ouml;viz t&uuml;rleri bak\u0131m\u0131ndan incelendi\u011finde, bankadaki d&ouml;viz mevduatlar\u0131n 118 milyar 744 milyonluk k\u0131sm\u0131n\u0131 ABD Dolar\u0131; 63 milyar 582 milyonunu ise Euro hesaplar\u0131n ABD dolar\u0131 cinsindendi. K\u0131ymetli madenler hesab\u0131n\u0131n d&ouml;viz kar\u015f\u0131l\u0131\u011f\u0131 ise 31 milyar 466 milyon dolar seviyesindeydi.<\/span><\/strong><\/p>\n<p style=\"margin-bottom: 0cm; text-align: justify; text-indent: 1cm; line-height: 16pt;\"><strong><span style=\"font-size: 14pt; font-family: 'Arial', sans-serif;\">B&uuml;t&uuml;n bu resmi veriler bile, ekonominin t\u0131kan\u0131p t&uuml;kenme noktas\u0131na dayand\u0131\u011f\u0131n\u0131 g&ouml;stermekteydi. &Uuml;retim seferberli\u011finden vazge&ccedil;ip faizli bor&ccedil; para al\u0131nmas\u0131 ve &uuml;lkedeki t&uuml;m sanayi kazan\u0131mlar\u0131n\u0131n bir bir sat\u0131l\u0131p kapat\u0131lmas\u0131 AKP iktidar\u0131n\u0131 iflas\u0131n e\u015fi\u011fine getirmi\u015fti.<\/span><\/strong><\/p>\n<p style=\"margin-bottom: 0cm; text-align: justify; text-indent: 1cm; line-height: 16pt;\"><strong><span style=\"font-size: 14pt; font-family: 'Arial', sans-serif;\">AKP Gemisi Batarken, ilk terk eden FARE(SETL\u0130)ler, Abdurrahman Dilipak ve B&uuml;lent Ar\u0131n&ccedil; m\u0131yd\u0131?<\/span><\/strong><\/p>\n<p style=\"margin-bottom: 0cm; text-align: justify; text-indent: 1cm; line-height: 16pt;\"><strong><span style=\"font-size: 14pt; font-family: 'Arial', sans-serif;\">Habert&uuml;rk&rsquo;te Mehmet Akif Ersoy&rsquo;un konu\u011fu olan B&uuml;lent Ar\u0131n&ccedil; (20.08.2020) ilgin&ccedil; itiraflarda, daha do\u011frusu gayr\u0131 ihtiyari if\u015faatlarda bulunmu\u015flard\u0131!<\/span><\/strong><\/p>\n<p style=\"margin-bottom: 0cm; text-align: justify; text-indent: 1cm; line-height: 16pt;\"><strong><em><span style=\"font-size: 12pt; font-family: 'Arial', sans-serif;\">&ldquo;AK Parti&rsquo;nin ba\u015far\u0131s\u0131ndaki s\u0131r nedir? diye genelde bana gelip sorarlard\u0131. Benden ba\u015fkas\u0131na da gitmiyorlard\u0131. AK Parti denince ilk hat\u0131rlanan &uuml;&ccedil; ki\u015fiden biri ben olmaktayd\u0131m&#8230; Bizim inanc\u0131m\u0131zdaki siyaset anlay\u0131\u015f\u0131 bir hedefe do\u011fru giderken sadece ona odaklan\u0131r\u0131z. D&uuml;\u015fenler d&uuml;\u015fer, kalkanlar devam edip yol al\u0131r. Bayrak yere d&uuml;\u015ft&uuml;yse sen al\u0131rs\u0131n sen ta\u015f\u0131rs\u0131n&hellip; Sadece egoizm ve nefsanizmlerle davran\u0131l\u0131rsa t&ouml;kezleyip y\u0131k\u0131l\u0131rs\u0131n&hellip; &lsquo;Bana da hi&ccedil; de\u011fer vermiyor ki, beni de hi&ccedil; dinlemiyor ki&rsquo; d&uuml;\u015f&uuml;ncelerine tak\u0131lmamal\u0131d\u0131r. Bunu ben ya\u015fad\u0131\u011f\u0131m i&ccedil;in &ccedil;ok iyi bilen bir insan\u0131m. 2015&rsquo;ten sonra partiden ayr\u0131ld\u0131\u011f\u0131mda yaln\u0131zla\u015ft\u0131r\u0131lmaya &ccedil;al\u0131\u015f\u0131ld\u0131m. Bug&uuml;n Muharrem \u0130nce de ayn\u0131 yanl\u0131\u015fa kap\u0131lmas\u0131n.&rdquo;<\/span><\/em><\/strong><\/p>\n<p style=\"margin-bottom: 0cm; text-align: justify; text-indent: 1cm; line-height: 16pt;\"><strong><em><span style=\"font-size: 12pt; font-family: 'Arial', sans-serif;\">&ldquo;T&uuml;rkiye&rsquo;de parti kurmak, tur\u015fu kurmaktan daha kolayd\u0131r. Oysa ama&ccedil; iktidar olmal\u0131d\u0131r. Biz iktidar olmak i&ccedil;in AK Parti&rsquo;yi kurup yola &ccedil;\u0131kt\u0131k. <\/span><\/em><\/strong><strong><em><span style=\"font-size: 14pt; font-family: 'Arial', sans-serif;\">Rahmetli Erbakan Hocam da hep &lsquo;illa iktidar, illa iktidar&rsquo; buyururlard\u0131. &Ccedil;&uuml;nk&uuml; s&ouml;ylediklerimizi yapman\u0131n yeri iktidard\u0131r. Ama Erbakan iktidar\u0131na sadece dokuz ay g&ouml;z yumdular. Erbakan Hocama dokuz ay de\u011fil de dokuz y\u0131l verilmi\u015f olsayd\u0131 ve tek ba\u015f\u0131na iktidar imk&acirc;n\u0131 bulsayd\u0131, T&uuml;rkiye &ccedil;a\u011f atlard\u0131. Buna y&uuml;rekten inan\u0131yorum.&rdquo; <\/span><\/em><\/strong><strong><span style=\"font-size: 12pt; font-family: 'Arial', sans-serif;\">ger&ccedil;eklerini a\u011fz\u0131ndan ka&ccedil;\u0131rm\u0131\u015f, ard\u0131ndan da:<em> &ldquo;Ama O&rsquo;nun yar\u0131m b\u0131rakt\u0131klar\u0131n\u0131 biz yapmaktay\u0131z&rdquo;<\/em><\/span><\/strong><span style=\"font-size: 14pt; font-family: 'Arial', sans-serif;\"> <\/span><strong><span style=\"font-size: 12pt; font-family: 'Arial', sans-serif;\">diyerek durumu d&uuml;zeltmeye kalk\u0131\u015fm\u0131\u015ft\u0131.<\/span><\/strong><strong><span style=\"font-size: 14pt; font-family: 'Arial', sans-serif;\"> B&uuml;lent Ar\u0131n&ccedil;, a&ccedil;\u0131k&ccedil;a: <em>&ldquo;Erbakan iktidarda kalsayd\u0131 T&uuml;rkiye &ccedil;a\u011f atlayacakt\u0131&hellip; Ama d\u0131\u015f g&uuml;&ccedil;ler ve i\u015fbirlik&ccedil;i merkezler bizi (Erdo\u011fan, Ar\u0131n&ccedil; ve Abdullah G&uuml;l gibileri) kullan\u0131p k\u0131\u015fk\u0131rtarak, Milli G&ouml;r&uuml;\u015f&rsquo;ten kopart\u0131p AKP&rsquo;yi kurdurmu\u015f ve iktidara ta\u015f\u0131m\u0131\u015flard\u0131. B&ouml;ylece Erbakan&rsquo;\u0131n Milli ve Tarihi projeleri de akim b\u0131rak\u0131lm\u0131\u015ft\u0131!&rdquo;<\/em> <\/span><\/strong><strong><span style=\"font-size: 12pt; font-family: 'Arial', sans-serif;\">ger&ccedil;e\u011fini ve kendilerinin h\u0131yanetini b&ouml;ylece a&ccedil;\u0131\u011fa vurmu\u015flard\u0131.<\/span><\/strong><\/p>\n<p style=\"margin-bottom: 0cm; text-align: justify; text-indent: 1cm; line-height: 16pt;\"><strong><span style=\"font-size: 14pt; font-family: 'Arial', sans-serif;\">Mehmet Akif Ersoy: <\/span><\/strong><strong><span style=\"font-size: 12pt; font-family: 'Arial', sans-serif;\">Abdullah G&uuml;l ile g&ouml;r&uuml;\u015f&uuml;yor musunuz?<\/span><\/strong><\/p>\n<p style=\"margin-bottom: 0cm; text-align: justify; text-indent: 1cm; line-height: 16pt;\"><strong><span style=\"font-size: 14pt; font-family: 'Arial', sans-serif;\">B&uuml;lent Ar\u0131n&ccedil;:<\/span><\/strong><strong><span style=\"font-size: 12pt; font-family: 'Arial', sans-serif;\"> <em>Ben yola &ccedil;\u0131kt\u0131\u011f\u0131m insanlar\u0131 bir mesele i&ccedil;in atmam. Kendisine sevgim de sayg\u0131m da devam ediyor ve h&acirc;l&acirc; g&ouml;r&uuml;\u015f&uuml;yoruz. Ama siyasetteki birlikteli\u011fimiz ayr\u0131ld\u0131. Her \u015feye ra\u011fmen Abdullah Bey, o tarafa ge&ccedil;memeliydi arzusundayd\u0131m. Ben de 2015&rsquo;te partiden ayr\u0131ld\u0131\u011f\u0131mda yaln\u0131zl\u0131\u011fa itildim. Troller bizi par&ccedil;alamaya &ccedil;al\u0131\u015ft\u0131lar. Hedef g&ouml;sterdiler. Hakaret edenler oldu. Ben buna kar\u015f\u0131l\u0131k o k\u0131zg\u0131nl\u0131\u011f\u0131mla &ccedil;ok twitler att\u0131m. Haks\u0131z m\u0131y\u0131m, hay\u0131r de\u011filim; &ccedil;&uuml;nk&uuml; kendimi korumak zorundayd\u0131m. Ama 15 Temmuz&rsquo;u g&ouml;rd&uuml;\u011f&uuml;mde <\/em>&ldquo;Tayyip Bey&rsquo;in yan\u0131nda olmak laz\u0131m!&rdquo; <em>dedim ve kendi karar\u0131m\u0131 verdim. Bu benim i&ccedil;tihad\u0131md\u0131r. \u0130sterim ki ba\u015fkalar\u0131 da bu incelikleri g&ouml;rs&uuml;nler.<\/em><\/span><\/strong><\/p>\n<p style=\"margin-bottom: 0cm; text-align: justify; text-indent: 1cm; line-height: 16pt;\"><strong><span style=\"font-size: 14pt; font-family: 'Arial', sans-serif;\">Mehmet Akif Ersoy: <\/span><\/strong><strong><span style=\"font-size: 12pt; font-family: 'Arial', sans-serif;\">Sn. G&uuml;l de k\u0131rg\u0131nl\u0131ktan m\u0131 ayr\u0131ld\u0131?<\/span><\/strong><\/p>\n<p style=\"margin-bottom: 0cm; text-align: justify; text-indent: 1cm; line-height: 16pt;\"><strong><span style=\"font-size: 14pt; font-family: 'Arial', sans-serif;\">B&uuml;lent Ar\u0131n&ccedil;: <\/span><\/strong><strong><em><span style=\"font-size: 12pt; font-family: 'Arial', sans-serif;\">Yani, b&uuml;y&uuml;k &ouml;l&ccedil;&uuml;de &ouml;yle say\u0131l\u0131r. Siyasette ben bunu devaml\u0131 g&ouml;r&uuml;yorum. Sn. Muharrem \u0130nce \u015fimdi: &ldquo;Ben Cumhurba\u015fkanl\u0131\u011f\u0131nda \u015fu kadar oy ald\u0131m ama beni seven, sayan veya bana de\u011fer veren olmad\u0131&rdquo; diye s\u0131zlan\u0131yor. \u0130\u015fte siyasette herkesin g&ouml;nl&uuml;n&uuml; almak zorundas\u0131n\u0131z&hellip; Bunu belki en iyi yapan Demirel&rsquo;di. Ama Demirel bile partisini b&ouml;l&uuml;nmekten kurtaramad\u0131. Allah diyor ki; &ldquo;Siz kendinizi de\u011fi\u015ftirmedik&ccedil;e Ben de sizin hakk\u0131n\u0131zdaki h&uuml;km&uuml;m&uuml; de\u011fi\u015ftirmem&rdquo; nerde bir yanl\u0131\u015f\u0131m\u0131z varsa onu giderece\u011fiz.<\/span><\/em><\/strong><\/p>\n<p style=\"margin-bottom: 0cm; text-align: justify; text-indent: 1cm; line-height: 16pt;\"><strong><span style=\"font-size: 14pt; font-family: 'Arial', sans-serif;\">Mehmet Akif Ersoy: <\/span><\/strong><strong><span style=\"font-size: 12pt; font-family: 'Arial', sans-serif;\">Peki nerede kusurunuz var?<\/span><\/strong><\/p>\n<p style=\"margin-bottom: 0cm; text-align: justify; text-indent: 1cm; line-height: 16pt;\"><strong><span style=\"font-size: 14pt; font-family: 'Arial', sans-serif;\">B&uuml;lent Ar\u0131n&ccedil;: <\/span><\/strong><strong><em><span style=\"font-size: 12pt; font-family: 'Arial', sans-serif;\">&ldquo;Onu i&ccedil;erde konu\u015furuz. Burada konu\u015fursam muhalefete koz vermi\u015f olaca\u011f\u0131m. Ben 15 Temmuz&rsquo;da karar\u0131m\u0131 verdim; AK Parti&rsquo;nin ve Sn. Erdo\u011fan&rsquo;\u0131n yan\u0131nda yer ald\u0131m. &Ccedil;&uuml;nk&uuml; ana g&ouml;vdeden hi&ccedil; kopmamak laz\u0131m. Muharrem \u0130nce de bunu dikkate almal\u0131d\u0131r.&rdquo;<\/span><\/em><\/strong><strong><span style=\"font-size: 12pt; font-family: 'Arial', sans-serif;\"> s&ouml;zleri de tam da B&uuml;lent Ar\u0131n&ccedil; f\u0131trat\u0131na yak\u0131\u015f\u0131r bir tav\u0131rd\u0131. H&acirc;l&acirc; Erdo\u011fan&rsquo;\u0131n yan\u0131nda g&ouml;r&uuml;n&uuml;p, asl\u0131nda onun alt\u0131n\u0131 oyma f\u0131rsat&ccedil;\u0131l\u0131\u011f\u0131 yapmaktayd\u0131!.. Halbuki Muharrem \u0130nce&rsquo;nin CHP&rsquo;den kopmas\u0131n\u0131 ve Millet \u0130ttifak\u0131&rsquo;n\u0131n &ccedil;atlamas\u0131n\u0131 arzulayan, hatta kurgulayan Sn. Sarayd\u0131&hellip; Ama B&uuml;lent Ar\u0131n&ccedil; Muharrem \u0130nce&rsquo;ye: <em>&ldquo;Sak\u0131n CHP&rsquo;den ayr\u0131lma, sonra yaln\u0131z kal\u0131rs\u0131n ve d\u0131\u015flan\u0131rs\u0131n!&rdquo; <\/em>mesajlar\u0131 yollamaktayd\u0131.<\/span><\/strong><\/p>\n<p style=\"margin-bottom: 0cm; text-align: justify; text-indent: 1cm; line-height: 16pt;\"><strong><span style=\"font-size: 14pt; font-family: 'Arial', sans-serif;\">Mehmet Akif Ersoy: <\/span><\/strong><strong><span style=\"font-size: 12pt; font-family: 'Arial', sans-serif;\">Peki \u0130stanbul S&ouml;zle\u015fmesi&rsquo;yle ilgili yorumlar\u0131n\u0131z!?<\/span><\/strong><\/p>\n<p style=\"margin-bottom: 0cm; text-align: justify; text-indent: 1cm; line-height: 16pt;\"><strong><span style=\"font-size: 14pt; font-family: 'Arial', sans-serif;\">B&uuml;lent Ar\u0131n&ccedil;: <\/span><\/strong><strong><span style=\"font-size: 12pt; font-family: 'Arial', sans-serif;\">AK Parti&#8217;nin kurulu\u015f y\u0131ld&ouml;n&uuml;m&uuml;ne davetliydim. Say\u0131n Cumhurba\u015fkan\u0131m\u0131z\u0131n son 15-20 dakikas\u0131 buna aitti. Kad\u0131n ve aile konusunda d&uuml;\u015f&uuml;ncelerimiz dile getirildi. Orada (Abdurrahman Dilipak gibi) baz\u0131 yazarlar\u0131n AK Parti&#8217;yi itham eden s&ouml;zlerine cevap verdi. <em>&ldquo;\u0130stanbul S&ouml;zle\u015fmesi kad\u0131n\u0131 ya\u015fat\u0131r&rdquo;<\/em> diyenlere anlayacak dilden cevap verdi. Ben 80 milyonun kad\u0131n\u0131m\u0131za kar\u015f\u0131 hi&ccedil;bir zaman (art niyetli oldu\u011funu d&uuml;\u015f&uuml;nmedim), aradaki k&ouml;t&uuml; &ouml;rnekleri bir kenara koyal\u0131m, biz kad\u0131nlar\u0131m\u0131z\u0131 severiz. Annemizi, e\u015fimizi, k\u0131z\u0131m\u0131z\u0131 severiz. Ba\u015fkalar\u0131n\u0131n e\u015fi, annesi, bizim e\u015fimizdir, annemizdir. Babam\u0131 12 ya\u015f\u0131nda kaybettim. Bizi annemiz yeti\u015ftirdi. Bu annenin aya\u011f\u0131n\u0131n alt\u0131 &ouml;p&uuml;lmez mi?<\/span><\/strong><span style=\"font-size: 12pt; font-family: 'Arial', sans-serif;\"> <strong><em>Bana g&ouml;re \u0130stanbul S&ouml;zle\u015fmesi yerinde kals\u0131n ama bu bir &ccedil;er&ccedil;eve s&ouml;zle\u015fme (d&uuml;zeltilsin&hellip;). Kendi ba\u015f\u0131na y&uuml;r&uuml;rl&uuml;kte de\u011fil; bu &ccedil;er&ccedil;eve i&ccedil;erisinde e\u015fcinselli\u011fi &ouml;zendiren, LGBT diyerek sokaklara d&uuml;\u015fen, kendi varl\u0131klar\u0131n\u0131 bask\u0131 arac\u0131 olarak g&ouml;stermek isteyen z&uuml;mreye (f\u0131rsat verilmesin.) Onlar anayasal haklara sahipler ama bunu yeterli g&ouml;rmeyerek, toplumun reddetti\u011fi, ho\u015f g&ouml;rmedi\u011fi bir \u015feyi genelle\u015ftirme &ccedil;abalar\u0131na kendilerine dayanak yapmalar\u0131na (kanuni gerek&ccedil;e &uuml;retilmesin.) Avrupa&#8217;n\u0131n, Amerika&#8217;n\u0131n baz\u0131 yerlerinde e\u015fcinsellik evlili\u011fi alabildi\u011fine yayg\u0131n hale gelmi\u015ftir. Efendim d&uuml;nya de\u011fi\u015fti sen de kabul et derlerse, hay\u0131r ben kabul etmem! T&uuml;rkiye&#8217;de kimsenin kabul edece\u011fini zannetmiyorum. Avrupa&#8217;n\u0131n veya materyalist d&uuml;\u015f&uuml;ncenin bak\u0131\u015f a&ccedil;\u0131s\u0131 farkl\u0131 olabilir. Bizim be\u011fenmedi\u011fimiz 82 Anayasas\u0131&#8217;nda bile iki tane h&uuml;k&uuml;m var, ailenin korunmas\u0131, gen&ccedil;li\u011fin korunmas\u0131. Anayasa bu &ouml;devi \u015fimdi &uuml;lkeyi y&ouml;netenlere veriyor. Bu anayasan\u0131n h&uuml;k&uuml;mlerini uygulamak isteyen insanlara siz kad\u0131n d&uuml;\u015fman\u0131 diyemezsiniz.&rdquo; <\/em><\/strong><\/span><strong><span style=\"font-size: 14pt; font-family: 'Arial', sans-serif;\">diyerek, hem nal\u0131na hem m\u0131h\u0131na vuran B. Ar\u0131n&ccedil;, asl\u0131nda \u0130stanbul S&ouml;zle\u015fmesi&#8217;nin Ha&ccedil;l\u0131 Bat\u0131&rsquo;n\u0131n talimat\u0131yla yap\u0131lan bir ahl&acirc;k ve aile tahribat\u0131 oldu\u011funu bildi\u011fini, ama siyasi ve nefsi hesaplarla her iki taraf\u0131 da idare etti\u011fini a&ccedil;\u0131\u011fa vurmu\u015flard\u0131. <\/span><\/strong><\/p>\n<p style=\"margin-bottom: 0cm; text-align: justify; text-indent: 1cm; line-height: 16pt;\"><strong><span style=\"font-size: 12pt; font-family: 'Arial', sans-serif;\">Eski Meclis Ba\u015fkan\u0131 ve Cumhurba\u015fkanl\u0131\u011f\u0131 Y&uuml;ksek \u0130sti\u015fare Kurulu &uuml;yesi B&uuml;lent Ar\u0131n&ccedil;, Habert&uuml;rk&#8217;te Mehmet Akif Ersoy&#8217;un sorular\u0131n\u0131 yan\u0131tlarken AKP&#8217;nin 19 senelik bilan&ccedil;osunu yorumlay\u0131p, yeni partilerle ilgili g&ouml;r&uuml;\u015flerini de aktarm\u0131\u015ft\u0131. ABD&rsquo;deki ba\u015fkanl\u0131k se&ccedil;imlerinde Donald Trump&rsquo;a rakip olan Joe Biden&#8217;in, bir konu\u015fmas\u0131nda Cumhurba\u015fkan\u0131 Recep Tayyip Erdo\u011fan&rsquo;\u0131 hedef alan s&ouml;zleriyle ilgili de\u011ferlendirmede bulunan Ar\u0131n&ccedil;; <\/span><\/strong><strong><em><span style=\"font-size: 14pt; font-family: 'Arial', sans-serif;\">&#8220;Ben ABD&#8217;de ya\u015fayan bir M&uuml;sl&uuml;man olsayd\u0131m, Trump&#8217;\u0131n kar\u015f\u0131s\u0131nda kim yer al\u0131yorsa ondan yana tav\u0131r al\u0131rd\u0131m!..&#8221;<\/span><\/em><\/strong><span style=\"font-size: 14pt; font-family: 'Arial', sans-serif;\"> <\/span><strong><span style=\"font-size: 12pt; font-family: 'Arial', sans-serif;\">diyerek, yine &ccedil;ok sinsi ve siyasi bir yakla\u015f\u0131mla, Sn. Erdo\u011fan&rsquo;la ters d&uuml;\u015fmekten sak\u0131nmam\u0131\u015ft\u0131. &Ccedil;&uuml;nk&uuml; Joe Biden: <\/span><\/strong><strong><em><span style=\"font-size: 14pt; font-family: 'Arial', sans-serif;\">&ldquo;Erdo\u011fan&rsquo;\u0131 se&ccedil;im yoluyla devirmek i&ccedil;in, T&uuml;rkiye&rsquo;deki muhalefete destek &ccedil;\u0131kmal\u0131y\u0131z!&rdquo; <\/span><\/em><\/strong><strong><span style=\"font-size: 12pt; font-family: 'Arial', sans-serif;\">diyen insand\u0131.<\/span><\/strong><\/p>\n<p style=\"margin-bottom: 0cm; text-align: justify; text-indent: 1cm; line-height: 16pt;\"><strong><span style=\"font-size: 14pt; font-family: 'Arial', sans-serif;\">Mehmet Akif Ersoy&rsquo;un<\/span><\/strong><strong><span style=\"font-size: 12pt; font-family: 'Arial', sans-serif;\">: <em>&ldquo;Bak\u0131n arkada\u015flar, Say\u0131n Ar\u0131n&ccedil; &#8216;Biden&#8217;i se&ccedil;erdim&#8217; dedi!&rdquo;<\/em> esprisine kar\u015f\u0131,<\/span><\/strong><\/p>\n<p style=\"margin-bottom: 0cm; text-align: justify; text-indent: 1cm; line-height: 16pt;\"><strong><span style=\"font-size: 14pt; font-family: 'Arial', sans-serif;\">B&uuml;lent Ar\u0131n&ccedil;: <\/span><\/strong><strong><em><span style=\"font-size: 12pt; font-family: 'Arial', sans-serif;\">&ldquo;Biden&#8217;in &ccedil;evresinde FET&Ouml;&#8217;c&uuml;ler var s&ouml;z&uuml;, y&uuml;zde 100 do\u011fru. Bu FET&Ouml;&#8217;c&uuml; denen adamlar ge&ccedil;mi\u015ften bu yana Amerika&#8217;da lobi yap\u0131yorlar, ba\u011f\u0131\u015f yap\u0131yorlar. Kampanyalar\u0131nda g&ouml;rev al\u0131yorlar. Biz ise lobicilikte &ccedil;ok ba\u015far\u0131s\u0131z\u0131z. Lobicili\u011fi T&uuml;rkiye&#8217;nin &ccedil;\u0131karlar\u0131 ad\u0131na kullanacaks\u0131n. New York Times&#8217;te yaz\u0131 yazd\u0131racaks\u0131n.<\/span><\/em><\/strong><strong><span style=\"font-size: 12pt; font-family: 'Arial', sans-serif;\"> <em>Fox TV&#8217;de konu\u015fmayla ayd\u0131nlatacaks\u0131n. Eskiden i\u015fimiz &ccedil;ok kolayd\u0131, 2002 ile 2012 aras\u0131nda b&uuml;t&uuml;n d&uuml;nya bizim elimizin i&ccedil;indeydi.<\/em> <\/span><\/strong><strong><span style=\"font-size: 14pt; font-family: 'Arial', sans-serif;\">Tek tarafl\u0131 olarak ABD&#8217;ye davet edilen Meclis Ba\u015fkan\u0131 benim. Bizi davet ettiklerinde tezkereye oy vermedi\u011fimiz i&ccedil;in hesap soracaklar diye gittik. Orada &ouml;nemli olan Meclisin ve Senatonun iradesidir, sizi kutluyoruz dediler. Biz orada 6-7 g&uuml;n &ccedil;ok g&uuml;zel toplant\u0131lar yapt\u0131k. Temsilciler Meclisi&#8217;nde (kongrede bizim i&ccedil;in) resepsiyon verildi, kongre diyelim. Onlarca insan geldi. T&uuml;rkiye parlayan bir y\u0131ld\u0131zd\u0131 o d&ouml;nem. <\/span><\/strong><strong><em><span style=\"font-size: 12pt; font-family: 'Arial', sans-serif;\">Ermeni meselesinde &#8216;tezimizde hakl\u0131y\u0131z, bunun kar\u015f\u0131s\u0131nda kim varsa konu\u015fmak isteriz&#8217; dedik. Ar\u015fivlerden &ccedil;\u0131kacak sonucu T&uuml;rkiye pe\u015finen kabul edecektir diye meydan okuduk. TBMM karar verdi, ar\u015fivlerimiz a&ccedil;\u0131ld\u0131. B&ouml;yle olunca Amerika medyas\u0131 TBMM Ba\u015fkan\u0131 bu konudaki tezlerin tart\u0131\u015f\u0131lmas\u0131na ye\u015fil \u0131\u015f\u0131k yakt\u0131 diye yazd\u0131. Biz &ccedil;ok \u015f&uuml;k&uuml;r hem K&uuml;rt meselesinde, hem &ccedil;&ouml;z&uuml;m s&uuml;reci i&ccedil;erisinde fikir, d&uuml;\u015f&uuml;nce, inan&ccedil;, vicdan, te\u015febb&uuml;s &ouml;zg&uuml;rl&uuml;\u011f&uuml;n&uuml; sa\u011flayacak bir&ccedil;ok tedbir ald\u0131k. Bunlar bizi AB s&uuml;recinde iyi bir noktaya getirdi. \u015eimdi oradaki kamuoyu T&uuml;rkiye&#8217;nin aleyhine d&ouml;nd&uuml;. \u0130srail lobisi, di\u011fer &ccedil;\u0131karc\u0131 lobi parlamentoyu etkiliyorlar. \u015eimdi Biden&#8217;in bir \u015fans\u0131 var. Gerek Trump gerekse Cumhuriyet&ccedil;iler taraf\u0131ndan ele\u015ftirilse Biden&#8217;in oylar\u0131 artar.&rdquo;<\/span><\/em><\/strong><strong><span style=\"font-size: 12pt; font-family: 'Arial', sans-serif;\"> s&ouml;zleriyle ayar\u0131n\u0131 ve amac\u0131n\u0131 ortaya koymu\u015flard\u0131.<\/span><\/strong><\/p>\n<p style=\"margin-bottom: 0cm; text-align: justify; text-indent: 1cm; line-height: 16pt;\"><strong><span style=\"font-size: 14pt; font-family: 'Arial', sans-serif;\">Sonu&ccedil;: Abdurrahman Dilipak ve B&uuml;lent Ar\u0131n&ccedil; gibileri Erdo\u011fan iktidar\u0131n\u0131 ve AKP&rsquo;nin icraatlar\u0131n\u0131, dolayl\u0131 da olsa, art\u0131k tenkit etmeye ba\u015flad\u0131larsa, bu AKP gemisinin su almaya ba\u015flad\u0131\u011f\u0131n\u0131n fark\u0131na vard\u0131klar\u0131n\u0131n ve ka&ccedil;\u0131\u015f i&ccedil;in gerek&ccedil;e haz\u0131rlad\u0131klar\u0131n\u0131n bir i\u015fareti say\u0131lmal\u0131yd\u0131!..<\/span><\/strong><\/p>\n<p style=\"margin-bottom: 0cm; text-align: justify; text-indent: 1cm; line-height: 16pt;\"><strong><span style=\"font-size: 14pt; font-family: 'Arial', sans-serif;\">\u0130stismarc\u0131 Tarikat ve Cemaatler sava\u015f\u0131: Bir Vakfa neden su&ccedil;&uuml;st&uuml; yap\u0131lm\u0131\u015ft\u0131?<\/span><\/strong><\/p>\n<p style=\"margin-bottom: 0cm; text-align: justify; text-indent: 1cm; line-height: 16pt;\"><strong><span style=\"font-size: 14pt; font-family: 'Arial', sans-serif;\">Adana&#8217;da polis iki ayr\u0131 operasyon ger&ccedil;ekle\u015ftirmi\u015fti. Operasyonda ele ge&ccedil;irilen ve Kurban Bayram\u0131&#8217;nda Adana merkezli bir Vak\u0131f taraf\u0131ndan toplan\u0131lan&nbsp;40 ton kadar ka&ccedil;ak etin ihtiya&ccedil; sahiplerine&nbsp;da\u011f\u0131t\u0131lmay\u0131p, sucuk yap\u0131l\u0131p sat\u0131lmaya haz\u0131rland\u0131\u011f\u0131 iddia edilmi\u015fti. S&ouml;z konusu olaya tepki g&ouml;steren Vak\u0131f yanda\u015flar\u0131 ise, bunun bir &#8220;iftira&#8221; oldu\u011funu belirtmi\u015flerdi.<\/span><\/strong><\/p>\n<p style=\"margin-bottom: 0cm; text-align: justify; text-indent: 1cm; line-height: 16pt;\"><strong><span style=\"font-size: 12pt; font-family: 'Arial', sans-serif;\">Polis operasyonunda, <\/span><\/strong><strong><em><span style=\"font-size: 14pt; font-family: 'Arial', sans-serif;\">piyasaya s&uuml;r&uuml;lmek &uuml;zere haz\u0131r bulunan 40 ton kayna\u011f\u0131 belli olmayan etin&nbsp;ele ge&ccedil;irildi\u011fi<\/span><\/em><\/strong><strong><span style=\"font-size: 12pt; font-family: 'Arial', sans-serif;\"> bildirilmi\u015fti. <\/span><\/strong><strong><span style=\"font-size: 12pt; font-family: 'Arial', sans-serif;\">&Ouml;te yandan, I\u015f\u0131k&ccedil;\u0131lar Cemaati&#8217;ne yak\u0131nl\u0131\u011f\u0131yla bilinen \u0130hlas Haber Ajans\u0131 (\u0130HA) da, polisin operasyonu ile&nbsp;ilgili olarak ayn\u0131 g&uuml;n abonelerine bir haber ge&ccedil;mi\u015fti. Haberde, 40 ton etin fakirlere da\u011f\u0131t\u0131laca\u011f\u0131 bahanesiyle topland\u0131\u011f\u0131 ancak&nbsp;etlerin sucuk yap\u0131l\u0131p ticari ama&ccedil;la kullan\u0131laca\u011f\u0131 belirtilmi\u015fti. Haberde, <em>&#8220;\u0130ddiaya g&ouml;re, so\u011fuk hava deposunu, F. E\u011fitim ve Hizmet Vakf\u0131 lideri A. K.&rsquo;ya destek i&ccedil;in izinsiz g&ouml;sterilere kat\u0131lan ve hakk\u0131nda bu nedenle iki kez i\u015flem uygulanan Selahattin G.&rsquo;nin (31) kiralad\u0131\u011f\u0131 &ouml;\u011frenildi&#8221;<\/em> denirken, \u015fu ifadelere yer verilmi\u015fti:<\/span><\/strong><\/p>\n<p style=\"margin-bottom: 0cm; text-align: justify; text-indent: 1cm; line-height: 16pt;\"><strong><em><span style=\"font-size: 12pt; font-family: 'Arial', sans-serif;\">&#8220;Ele ge&ccedil;irilen etlerin, vatanda\u015flar\u0131n dini de\u011ferlerini s&ouml;m&uuml;rerek topland\u0131\u011f\u0131, Kurban Bayram\u0131&rsquo;n\u0131n &uuml;zerinden g&uuml;nler ge&ccedil;mesine ra\u011fmen toplanan etlerin ihtiya&ccedil; sahiplerine ula\u015ft\u0131r\u0131lmad\u0131\u011f\u0131 tespit edildi. Piyasa de\u011feri yakla\u015f\u0131k 5 milyon lira olan etin, sucuk yap\u0131lmas\u0131 i&ccedil;in Kayseri&rsquo;deki bir et i\u015fleme tesisine g&ouml;nderilece\u011fi iddia edildi.&#8221;<\/span><\/em><\/strong><em><\/em><\/p>\n<p style=\"margin-bottom: 0cm; text-align: justify; text-indent: 1cm; line-height: 16pt;\"><strong><em><span style=\"font-size: 14pt; font-family: 'Arial', sans-serif;\">&ldquo;\u0130ktidarla u\u011fra\u015fan tek cemaat&rdquo;<\/span><\/em><\/strong><span style=\"font-size: 14pt; font-family: 'Arial', sans-serif;\"> <\/span><strong><span style=\"font-size: 12pt; font-family: 'Arial', sans-serif;\">diye reklam\u0131 yap\u0131lan bu Vakf\u0131n kurucusu olan \u015fahs\u0131n e\u015fi S. K. ise, \u0130HA&#8217;ya &ccedil;ok sert tepki g&ouml;stermi\u015f ve: <\/span><\/strong><strong><em><span style=\"font-size: 14pt; font-family: 'Arial', sans-serif;\">&ldquo;Emniyetin i&ccedil;indeki &ccedil;akallarla i\u015f tutan gazeteci m&uuml;svettelerini k\u0131n\u0131yorum, medya \u0130HA&rsquo;n\u0131n eline mi kalm\u0131\u015f! \u0130HA demek ihanet, iftira demekle e\u015f anlaml\u0131 olmaya ba\u015flad\u0131 art\u0131k. \u0130HA&rsquo;n\u0131n tuza\u011f\u0131na d&uuml;\u015fen ac\u0131nas\u0131 medya!&#8221;<\/span><\/em><\/strong><strong><span style=\"font-size: 12pt; font-family: 'Arial', sans-serif;\"> diyerek sald\u0131r\u0131ya ge&ccedil;mi\u015fti. <\/span><\/strong><strong><span style=\"font-size: 14pt; font-family: 'Arial', sans-serif;\">Evet, ahl&acirc;ki &ccedil;&uuml;r&uuml;me, mal\u0131 g&ouml;t&uuml;rme, Din istismar\u0131yla saltanat s&uuml;rme bu Erdo\u011fan iktidar\u0131nda esfeles-safilin&rsquo;e inmi\u015fti. &Ccedil;&uuml;nk&uuml; I\u015f\u0131k&ccedil;\u0131lar\u0131n ve \u0130hlas Vakf\u0131&rsquo;n\u0131n, <em>&ldquo;en y&uuml;ksek faiz ayl\u0131\u011f\u0131&rdquo;<\/em> va&rsquo;dedip toplad\u0131\u011f\u0131 milyarlarca Liral\u0131k halk\u0131n paras\u0131n\u0131n, iflas ettik diye &uuml;st&uuml;ne yatan h\u0131rs\u0131zl\u0131k ve riyak&acirc;rl\u0131k tak\u0131m\u0131 oldu\u011funu bilmeyen kalmam\u0131\u015ft\u0131&#8230;<\/span><\/strong><\/p>\n<p style=\"margin-bottom: 0cm; text-align: justify; text-indent: 1cm; line-height: 16pt;\"><strong><span style=\"font-size: 12pt; font-family: 'Arial', sans-serif;\">De\u011ferli ve Muhterem &Uuml;stad\u0131m, Van G&uuml;rp\u0131nar&rsquo;daki M&uuml;derris ve M&uuml;ft&uuml; Seyyid Ma&rsquo;\u015fuk Arvasi Hz.leri&rsquo;nin Bakara 113. Ayette, Yahudi ve Hristiyanlar\u0131n birbirini yalanlay\u0131p a\u015fa\u011f\u0131lad\u0131klar\u0131:<\/span><\/strong><\/p>\n<p style=\"margin-bottom: 0cm; text-align: justify; text-indent: 1cm; line-height: 16pt;\"><strong><em><span style=\"font-size: 14pt; font-family: 'Arial', sans-serif;\">&ldquo;Yahudiler: &lsquo;Hristiyanlar hi&ccedil;bir (hakikatli) \u015fey (hay\u0131rl\u0131 ve yararl\u0131 bir temel) &uuml;zerinde de\u011fillerdir&rsquo; demektedirler. (Bunun gibi) Hristiyanlar da: &lsquo;Yahudiler hi&ccedil;bir (hakikatli) \u015fey (do\u011fru ve de\u011ferli bir temel) &uuml;zerinde de\u011fillerdir&rsquo; demektedirler. Oysa onlar (Allah&rsquo;\u0131n g&ouml;nderdi\u011fi) kitab\u0131 okuduklar\u0131 halde (her iki taraf da b&acirc;t\u0131l ve bozuk bir yol &uuml;zerinde bulunduklar\u0131n\u0131 g&ouml;rmemektedirler). Bilmeyen (ve ak\u0131l erdirmeyen cahiller de bug&uuml;n) onlar\u0131n s&ouml;ylediklerinin benzerini tekrar etmektedirler. Art\u0131k Allah, k\u0131yamet g&uuml;n&uuml; (ihtilaf edip) anla\u015fmazl\u0131\u011fa d&uuml;\u015ft&uuml;kleri \u015feyde aralar\u0131nda h&uuml;km&uuml;n&uuml; verecektir.&rdquo;<\/span><\/em><\/strong><span style=\"font-size: 14pt; font-family: 'Arial', sans-serif;\"> <\/span><strong><span style=\"font-size: 12pt; font-family: 'Arial', sans-serif;\">ayetini okudu\u011fumuzda:<\/span><\/strong><\/p>\n<p style=\"margin-bottom: 0cm; text-align: justify; text-indent: 1cm; line-height: 16pt;\"><strong><em><span style=\"font-size: 14pt; font-family: 'Arial', sans-serif;\">&ldquo;Her iki taraf da birbiri hakk\u0131nda do\u011fru s&ouml;ylemi\u015flerdir; &ccedil;&uuml;nk&uuml; ikisi de B&acirc;t\u0131l&rsquo;d\u0131r ve sapk\u0131nd\u0131r!&rdquo; <\/span><\/em><\/strong><strong><span style=\"font-size: 12pt; font-family: 'Arial', sans-serif;\">buyurduklar\u0131 gibi, \u015fimdi birbirlerine en a\u011f\u0131r ve a\u015fa\u011f\u0131lay\u0131c\u0131 ithamlarda bulunan bu yanda\u015f ve payda\u015f Din \u0130stismarc\u0131s\u0131 gruplar da herhalde do\u011fru s&ouml;yl&uuml;yorlard\u0131 ve AKP iktidar\u0131ndaki ahl&acirc;ki &ccedil;&ouml;k&uuml;\u015f ve &ccedil;&ouml;z&uuml;lmeyi ortaya koyuyorlard\u0131.<\/span><\/strong><\/p>\n<p style=\"margin-bottom: 0cm; text-align: justify; text-indent: 1cm; line-height: 16pt;\"><strong><span style=\"font-size: 14pt; font-family: 'Arial', sans-serif;\">\u0130srail&rsquo;le Normalle\u015fme M&uuml;naf\u0131kl\u0131\u011f\u0131!<\/span><\/strong><\/p>\n<p style=\"margin-bottom: 0cm; text-align: justify; text-indent: 1cm; line-height: 16pt;\"><strong><span style=\"font-size: 12pt; font-family: 'Arial', sans-serif;\">May\u0131s 2018&rsquo;de B&uuml;y&uuml;kel&ccedil;ilerini kar\u015f\u0131l\u0131kl\u0131 olarak geri &ccedil;a\u011f\u0131ran T&uuml;rkiye ile \u0130srail aras\u0131nda, 2019 Mart&rsquo;\u0131ndan itibaren tekrar yumu\u015fama jestleri ba\u015flam\u0131\u015ft\u0131. &Ouml;nce \u0130srail Maslahatg&uuml;zar\u0131 ve Erdo\u011fan hayran\u0131 Siyonist Yahudi <\/span><\/strong><strong><span style=\"font-size: 14pt; font-family: 'Arial', sans-serif;\">Roey Gilad <\/span><\/strong><strong><span style=\"font-size: 12pt; font-family: 'Arial', sans-serif;\">Ankara&rsquo;da, Enerji Bakanl\u0131\u011f\u0131nda yetkililerle bulu\u015fmu\u015flard\u0131. Bu g&ouml;r&uuml;\u015fmelerde <\/span><\/strong><strong><em><span style=\"font-size: 14pt; font-family: 'Arial', sans-serif;\">\u0130srail a&ccedil;\u0131klar\u0131nda -asl\u0131nda Filistin&rsquo;e ait olan alanlarda- Leviathan ve Tamar sahalar\u0131ndaki do\u011falgaz rezervinin T&uuml;rkiye &uuml;zerinden Avrupa&rsquo;ya ta\u015f\u0131n\u0131p pazarlanmas\u0131<\/span><\/em><\/strong><span style=\"font-size: 14pt; font-family: 'Arial', sans-serif;\"> <\/span><strong><span style=\"font-size: 12pt; font-family: 'Arial', sans-serif;\">konusunda anla\u015ft\u0131klar\u0131 medyaya s\u0131zm\u0131\u015ft\u0131. Bundan bir ay kadar sonra ise 11 May\u0131s 2020&rsquo;de Birle\u015fik Arap Emirlikleri (BAE), M\u0131s\u0131r, Fransa ve Yunanistan D\u0131\u015fi\u015fleri Bakanlar\u0131 toplan\u0131p Do\u011fu Akdeniz&rsquo;de \u0130srail&rsquo;le \u0130\u015fbirli\u011fi konusunda anla\u015fm\u0131\u015flard\u0131.<\/span><\/strong><\/p>\n<p style=\"margin-bottom: 0cm; text-align: justify; text-indent: 1cm; line-height: 16pt;\"><strong><span style=\"font-size: 12pt; font-family: 'Arial', sans-serif;\">Milli &Ccedil;&ouml;z&uuml;m Dergisi olarak defalarca yaz\u0131p uyard\u0131\u011f\u0131m\u0131z halde, Erdo\u011fan iktidar\u0131n\u0131n \u0130srail&rsquo;le imzalad\u0131\u011f\u0131 &ldquo;NORMALLE\u015eME ANLA\u015eMASINI&rdquo; bir t&uuml;rl&uuml; ask\u0131ya almamas\u0131na ra\u011fmen, \u015fimdi BAE&rsquo;nin \u0130srail&rsquo;le normalle\u015fme anla\u015fmas\u0131na AKP iktidar\u0131n\u0131n ve yanda\u015flar\u0131n\u0131n \u015fiddetle ve hararetle kar\u015f\u0131 &ccedil;\u0131kmalar\u0131 ise riyak&acirc;rl\u0131\u011f\u0131n ve m&uuml;naf\u0131kl\u0131\u011f\u0131n daniskas\u0131yd\u0131.<\/span><\/strong><\/p>\n<p style=\"margin-bottom: 0cm; text-align: justify; text-indent: 1cm; line-height: 16pt;\"><strong><span style=\"font-size: 14pt; font-family: 'Arial', sans-serif;\">Bahaneye bak\u0131n! Neymi\u015f, <em>Siyonist \u0130srail&rsquo;le Normalle\u015fme Anla\u015fmas\u0131 imzalamak Filistin davas\u0131na h\u0131yanet<\/em> say\u0131l\u0131rm\u0131\u015f&hellip; Elbette &ouml;yledir, bu ger&ccedil;e\u011fi size y&uuml;z kere hat\u0131rlatt\u0131k&hellip; <em>&ldquo;M&uuml;sl&uuml;man bir &uuml;lke \u0130srail&rsquo;le nas\u0131l Normalle\u015fme imzalarm\u0131\u015f?&rdquo;<\/em> Ne o, yoksa AKP T&uuml;rkiyesi Hristiyanl\u0131\u011fa ge&ccedil;ti de bizim mi haberimiz olmad\u0131? Yoksa AKP ne yapsa m&uuml;bah, BAE yapsa g&uuml;nah m\u0131yd\u0131?<\/span><\/strong><\/p>\n<p style=\"margin-bottom: 0cm; text-align: justify; text-indent: 1cm; line-height: 16pt;\"><strong><span style=\"font-size: 14pt; font-family: 'Arial', sans-serif;\">Evet dostlar, ya &uuml;lke bu Erdo\u011fan iktidar\u0131ndan ve istismar-suistimal kafas\u0131ndan bir an evvel kurtulacakt\u0131, veya T&uuml;rkiye&rsquo;nin ba\u015f\u0131na daha b&uuml;y&uuml;k bel&acirc;lar sar\u0131lacakt\u0131!<\/span><\/strong><\/p>\n<p style=\"margin-bottom: 0cm; text-align: justify; text-indent: 1cm; line-height: 16pt;\"><strong><span style=\"font-size: 14pt; font-family: 'Arial', sans-serif;\">T&uuml;rkiye&rsquo;nin Ekonomik T\u0131kan\u0131\u015f\u0131:<\/span><\/strong><\/p>\n<p style=\"margin-bottom: 0cm; text-align: justify; text-indent: 1cm; line-height: 16pt;\"><strong><em><span style=\"font-size: 12pt; font-family: 'Arial', sans-serif;\">&ldquo;AKP iktidar\u0131yla T&uuml;rkiye, bir t&uuml;rl&uuml; insanlar\u0131n refah\u0131n\u0131 art\u0131racak ve bor&ccedil;tan, ba\u011f\u0131ml\u0131l\u0131ktan kurtaracak adamak\u0131ll\u0131 bir iktisadi model kuramam\u0131\u015f, bunun neticesinde de bir t&uuml;rl&uuml; geli\u015fmi\u015f ve kalk\u0131nm\u0131\u015f bir rotaya oturamam\u0131\u015ft\u0131r. 24 Ocak Kararlar\u0131&rsquo;ndan itibaren tam 40 y\u0131ld\u0131r neoliberal iktisat politikalar\u0131na mahk&ucirc;m edilen T&uuml;rkiye, her geli\u015fmekte olan &uuml;lke gibi g&ouml;receli ve aldat\u0131c\u0131 rakamlarla dereceli bir b&uuml;y&uuml;me ve geli\u015fme palavras\u0131yla oyalanm\u0131\u015ft\u0131r. Nas\u0131l ki, 80&rsquo;ler 70&rsquo;lere, 90&rsquo;lar 80&rsquo;lere g&ouml;re g&ouml;receli bir geli\u015fmi\u015flik arz ediyorsa, 2000&rsquo;li y\u0131llar da 90&rsquo;lara g&ouml;re benzer bir durumu yans\u0131tmaktad\u0131r. T&uuml;rkiye gibi s&ouml;zde geli\u015fmekte olan &uuml;lkelerden Bat\u0131l\u0131larca beklenen de bu manzarad\u0131r. Ancak bu ka\u011f\u0131t &uuml;zerindeki olumlu g&ouml;z&uuml;ken tablo, bir t&uuml;rl&uuml; sokaktaki insana ve onun hayat\u0131na yans\u0131mamaktad\u0131r. Son 20 y\u0131lda artan bor&ccedil;lanma imk&acirc;nlar\u0131, yani kredi ve kredi kart\u0131 gibi arg&uuml;manlar\u0131n yayg\u0131nla\u015fmas\u0131, insanlar\u0131n daha &ouml;nce para biriktirip de almak zorunda kald\u0131klar\u0131 metalara daha kolay ula\u015fmas\u0131n\u0131 sa\u011flam\u0131\u015ft\u0131r. Ancak bu da gelirlerini ipotek etme, yani bor&ccedil;lanmalar neticesinde olmaktad\u0131r. Reel gelir artmad\u0131\u011f\u0131 gibi bor&ccedil; y&uuml;k&uuml; de artarak katlanmaktad\u0131r. Resmi verilere bak\u0131l\u0131rsa, reel gelirin b\u0131rak\u0131n artmas\u0131, geriye do\u011fru gitti\u011fi en yetkili a\u011f\u0131zlarla vurgulanm\u0131\u015ft\u0131r. 2009 y\u0131l\u0131nda ki\u015fi ba\u015f\u0131na d&uuml;\u015fen milli gelir g&uuml;ya 9039 dolarken, 2019 y\u0131l\u0131nda bu rakam 2018&rsquo;e g&ouml;re 500 dolarl\u0131k bir d&uuml;\u015f&uuml;\u015fle 9042 dolardan a\u015fa\u011f\u0131d\u0131r. Ge&ccedil;en 10 senede yerinde saym\u0131\u015f ama ger&ccedil;ekte T&uuml;rkiye gibi geli\u015fmekte olan bir &uuml;lkeyi d&uuml;\u015f&uuml;nd&uuml;\u011f&uuml;m&uuml;zde ise geriye kaym\u0131\u015ft\u0131r. Halbuki, siyasi iktidar\u0131n s&ouml;ylemlerine g&ouml;re T&uuml;rkiye ekonomisi b&uuml;y&uuml;me rekorlar\u0131 k\u0131rmaktad\u0131r, hi&ccedil; olmad\u0131\u011f\u0131 kadar refah artm\u0131\u015ft\u0131r. O zaman bu durum milli gelire neden yans\u0131mam\u0131\u015ft\u0131r? El paras\u0131yla yani bor&ccedil;lanarak, t&uuml;keterek ve in\u015faat yaparak b&uuml;y&uuml;me modelinin, &ccedil;arp\u0131k bir model oldu\u011fu son birka&ccedil; senedir ya\u015fanan ekonomik s\u0131k\u0131nt\u0131yla kan\u0131tlanm\u0131\u015ft\u0131r. Yanl\u0131\u015f politikalar bir noktada t\u0131kanm\u0131\u015f ve bu &ccedil;arp\u0131k sistem de art\u0131k s&uuml;rd&uuml;r&uuml;lemez bir hal alm\u0131\u015ft\u0131r. Elbette ki bor&ccedil;lanma imk&acirc;nlar\u0131n\u0131n k\u0131s\u0131tlanmas\u0131 bu durumda &ouml;nemli bir noktad\u0131r. Borcu bor&ccedil;la &ccedil;evirme yakla\u015f\u0131m\u0131, k\u0131r\u0131lganl\u0131\u011f\u0131 art\u0131rmakta ve bor&ccedil;lanma &ccedil;arklar\u0131ndaki en ufak bir ar\u0131za da piyasalar\u0131n nakit a&ccedil;\u0131s\u0131ndan s\u0131k\u0131\u015fmas\u0131na yol a&ccedil;maktad\u0131r. Buna &ccedil;are olarak ise vatanda\u015f\u0131n krediler eliyle bor&ccedil;land\u0131r\u0131lmas\u0131 bulundu ki, &ccedil;&ouml;z&uuml;m m&uuml; yoksa &ccedil;&ouml;z&uuml;lme mi, tart\u0131\u015f\u0131l\u0131r.<\/span><\/em><\/strong><\/p>\n<p style=\"margin-bottom: 0cm; text-align: justify; text-indent: 1cm; line-height: 16pt;\"><strong><em><span style=\"font-size: 12pt; font-family: 'Arial', sans-serif;\">Halk\u0131n &ouml;nemli bir b&ouml;l&uuml;m&uuml;n&uuml;n belli bir bor&ccedil; y&uuml;k&uuml; alt\u0131nda olmas\u0131, neoliberal politikalar\u0131n beklenen sonu&ccedil;lar\u0131ndand\u0131r&hellip; Yine neoliberal ekonomi politikalar\u0131n\u0131n gayet do\u011fal bir sonucu olarak i\u015fg&uuml;c&uuml; piyasalar\u0131n\u0131n giderek bir &#8216;k&ouml;le pazar\u0131&#8217;na evrilmesi ka&ccedil;\u0131n\u0131lmazd\u0131r. Resmi rakamlara g&ouml;re bile i\u015fg&uuml;c&uuml;n&uuml;n neredeyse yar\u0131s\u0131 sefalet &uuml;creti olan asgari &uuml;crete talim eder durumdad\u0131r. Bu rakam\u0131n alt\u0131nda dahi &ccedil;al\u0131\u015fanlar\u0131n oldu\u011fu da unutulmamal\u0131d\u0131r. \u0130\u015fsizlik buhran\u0131 y&uuml;z&uuml;nden sefalet &uuml;cretine bile ses &ccedil;\u0131karamaz haldeki insanlar da bu &uuml;lkenin sorunlar\u0131d\u0131r. \u0130\u015fsiz say\u0131s\u0131n\u0131n, buzdolab\u0131 sat\u0131\u015f\u0131 istatisti\u011finden daha &ouml;nemli oldu\u011funu idrak edemeyen kafalardan kurtulmad\u0131k&ccedil;a sorunlar a\u015f\u0131lamayacakt\u0131r. Kamudaki israf\u0131, hesaps\u0131z kitaps\u0131z giri\u015filen ve &ccedil;ok y&uuml;ksek maliyetlere mal edilen &#8216;&ccedil;\u0131lg\u0131n projeleri&#8217;, bunlar\u0131n verimsizli\u011fini ve bunlara verilen Hazine garantilerini ele\u015ftirmek, bug&uuml;n&uuml;n ko\u015fullar\u0131nda (i&ccedil;i tamamen bo\u015falt\u0131lan) &#8216;yerli ve milli&#8217; olmamaya e\u015fde\u011fer say\u0131lan patavats\u0131zl\u0131klard\u0131r. Ekonomideki sorunlar\u0131n yeg&acirc;ne nedeni olan yanl\u0131\u015f ekonomi politikalar\u0131n\u0131 tenkit etmek de\u011fil, alk\u0131\u015f tutmak mecburiyetindeki yanda\u015flar yan\u0131lmaktad\u0131r. Geliri eriyen, cebindeki para her ge&ccedil;en g&uuml;n pul olan, &ccedil;olu\u011fu &ccedil;ocu\u011fu i\u015fsiz dola\u015fan, emekli oldu\u011fu halde &uuml;&ccedil; otuz paralara &ccedil;al\u0131\u015fmak durumunda kalan vatanda\u015f, &#8216;neden fakirle\u015fiyorum?&#8217; demekten bile korkmaktad\u0131r. Dese bile, hi&ccedil;bir ilkesi, ahlaki ve insani kayg\u0131s\u0131 olmayan bir medya ordusunun &#8216;dirili\u015f&#8217;, &#8216;y&uuml;kseli\u015f&#8217;, &#8216;u&ccedil;u\u015fa ge&ccedil;i\u015f&#8217; propagandalar\u0131 alt\u0131nda ya akl\u0131 kar\u0131\u015facak ya da sinir hastas\u0131 olacakt\u0131r.&rdquo;[2]<\/span><\/em><\/strong><\/p>\n<p style=\"margin-bottom: 0cm; text-align: justify; text-indent: 1cm; line-height: 16pt;\"><strong><span style=\"font-size: 14pt; font-family: 'Arial', sans-serif;\">Evet, i\u015fte bu ekonomik t&uuml;keni\u015f ve t\u0131kan\u0131\u015f, bu i\u015fsizlik ve ge&ccedil;im s\u0131k\u0131nt\u0131lar\u0131, bir de medyan\u0131n ve internet bata\u011f\u0131n\u0131n \u015fehvet k\u0131\u015fk\u0131rtmas\u0131yla toplumda korkun&ccedil; bir ahl&acirc;ki-ailevi tahribat ya\u015fanmakta ve namuslar para ile sat\u0131l\u0131\u011fa &ccedil;\u0131kar\u0131lmaktad\u0131r!<\/span><\/strong><\/p>\n<p style=\"margin-bottom: 0cm; text-align: justify; text-indent: 1cm; line-height: 16pt;\"><strong><span style=\"font-size: 14pt; font-family: 'Arial', sans-serif;\"><\/span><\/strong><\/p>\n<p>&nbsp;<\/p>\n<hr style=\"text-align: left;\" size=\"1\" width=\"33%\" \/>\n<p><a href=\"#ftnref1\" id=\"ftn1\" style=\"vertical-align: super;\">[1]<\/a><span style=\"font-size: 9pt; font-family: 'Arial', sans-serif;\"> <a href=\"https:\/\/www.cumhuriyet.com.tr\/haber\/tum-firtina-8-milyar-dolar-icin-1760545\">https:\/\/www.cumhuriyet.com.tr\/haber\/tum-firtina-8-milyar-dolar-icin-1760545<\/a><\/span><\/p>\n<p><a href=\"#ftnref2\" id=\"ftn2\" style=\"vertical-align: super;\">[2]<\/a><span style=\"font-size: 9pt; font-family: 'Arial', sans-serif;\"> <a href=\"mailto:burakkillioglu@milligazete.com.tr\">burakkillioglu@milligazete.com.tr<\/a> &ndash; 25 A\u011fustos 2020<\/span><\/p>\n","protected":false},"excerpt":{"rendered":"<p>&nbsp; KARADEN\u0130Z GAZINA: &ldquo;AMA VE ACABA?&rdquo; DEMEMEK \u0130&Ccedil;\u0130N, \u0130NSANIN &ldquo;A&rsquo;MA=K&Ouml;R&rdquo; OLMASI LAZIMDI!.. &nbsp;&nbsp;&nbsp;&nbsp;&nbsp;&nbsp;&nbsp;&nbsp; Cumhurba\u015fkan\u0131 Recep Tayyip Erdo\u011fan, Ankara&#8217;daki bir a&ccedil;\u0131l\u0131\u015f t&ouml;renindeki konu\u015fmas\u0131nda Do\u011fu Akdeniz&#8217;deki geli\u015fmelerle ilgili a&ccedil;\u0131klamalar yapm\u0131\u015ft\u0131. Sn. Erdo\u011fan&rsquo;\u0131n; &#8220;Hi&ccedil;bir s&ouml;m&uuml;rgeci g&uuml;&ccedil;, &uuml;lkemizi bu b&ouml;lgede var oldu\u011fu tahmin edilen zengin petrol ve do\u011fal gaz kaynaklar\u0131ndan mahrum b\u0131rakamaz&#8221; diye konu\u015fmalar\u0131 kafam\u0131z\u0131 kar\u0131\u015ft\u0131rm\u0131\u015ft\u0131. Erdo\u011fan&rsquo;\u0131n; &ldquo;T&uuml;rkiye&rsquo;nin Do\u011fu [&hellip;]<\/p>\n","protected":false},"author":4,"featured_media":0,"comment_status":"open","ping_status":"closed","sticky":false,"template":"","format":"standard","meta":{"footnotes":""},"categories":[242],"tags":[],"class_list":["post-5943","post","type-post","status-publish","format-standard","hentry","category-ekim-2020"],"_links":{"self":[{"href":"https:\/\/www.millicozum.com\/mc\/wp-json\/wp\/v2\/posts\/5943","targetHints":{"allow":["GET"]}}],"collection":[{"href":"https:\/\/www.millicozum.com\/mc\/wp-json\/wp\/v2\/posts"}],"about":[{"href":"https:\/\/www.millicozum.com\/mc\/wp-json\/wp\/v2\/types\/post"}],"author":[{"embeddable":true,"href":"https:\/\/www.millicozum.com\/mc\/wp-json\/wp\/v2\/users\/4"}],"replies":[{"embeddable":true,"href":"https:\/\/www.millicozum.com\/mc\/wp-json\/wp\/v2\/comments?post=5943"}],"version-history":[{"count":0,"href":"https:\/\/www.millicozum.com\/mc\/wp-json\/wp\/v2\/posts\/5943\/revisions"}],"wp:attachment":[{"href":"https:\/\/www.millicozum.com\/mc\/wp-json\/wp\/v2\/media?parent=5943"}],"wp:term":[{"taxonomy":"category","embeddable":true,"href":"https:\/\/www.millicozum.com\/mc\/wp-json\/wp\/v2\/categories?post=5943"},{"taxonomy":"post_tag","embeddable":true,"href":"https:\/\/www.millicozum.com\/mc\/wp-json\/wp\/v2\/tags?post=5943"}],"curies":[{"name":"wp","href":"https:\/\/api.w.org\/{rel}","templated":true}]}}