{"id":5945,"date":"2020-09-25T22:00:00","date_gmt":"2020-09-25T22:00:00","guid":{"rendered":"https:\/\/www.millicozum.com\/mc\/2020\/09\/25\/yillar-once-dib-baskanligina-gonderdigimiz-tarikat-raporu-2\/"},"modified":"2020-09-25T22:00:00","modified_gmt":"2020-09-25T22:00:00","slug":"yillar-once-dib-baskanligina-gonderdigimiz-tarikat-raporu-2","status":"publish","type":"post","link":"https:\/\/www.millicozum.com\/mc\/2020\/ekim-2020\/yillar-once-dib-baskanligina-gonderdigimiz-tarikat-raporu\/","title":{"rendered":"Y\u0131llar \u00d6nce D\u0130B Ba\u015fkanl\u0131\u011f\u0131na G\u00f6nderdi\u011fimiz TAR\u0130KAT RAPORU:"},"content":{"rendered":"\n<p>&nbsp;<\/p>\n<p style=\"margin-bottom: 0cm; text-align: center;\"><strong><span style=\"font-size: 18pt; font-family: 'Arial', sans-serif;\">Y\u0131llar &Ouml;nce D\u0130B Ba\u015fkanl\u0131\u011f\u0131na G&ouml;nderdi\u011fimiz<\/span><\/strong><\/p>\n<p style=\"margin-bottom: 0cm; text-align: center;\"><strong><span style=\"font-size: 18pt; font-family: 'Arial', sans-serif;\">TAR\u0130KAT RAPORU:<\/span><\/strong><\/p>\n<p style=\"margin-bottom: 0cm; text-align: center;\"><strong><span style=\"font-size: 18pt; font-family: 'Arial', sans-serif;\">&nbsp;&nbsp;&nbsp;&nbsp;&nbsp;&nbsp;&nbsp;&nbsp; <\/span><\/strong><\/p>\n<p style=\"margin-bottom: 0cm; text-align: center; line-height: 16pt;\"><strong><span style=\"font-size: 16pt; font-family: 'Arial', sans-serif;\">Diyanet \u0130\u015fleri Ba\u015fkan\u0131m\u0131za &Ccedil;a\u011fr\u0131:<\/span><\/strong><\/p>\n<p style=\"margin-bottom: 0cm; text-align: center; line-height: 16pt;\"><strong><span style=\"font-size: 15pt; font-family: 'Arial', sans-serif;\">Manevi Karakol ve K\u0131\u015flalar H&uuml;km&uuml;ndeki TAR\u0130KAT ve CEMAAT&rsquo;leri,<\/span><\/strong><\/p>\n<p style=\"margin-bottom: 0cm; text-align: center; line-height: 16pt;\"><strong><span style=\"font-size: 15pt; font-family: 'Arial', sans-serif;\">Disiplinize Edip Denetlemek &Uuml;zere Diyanet B&uuml;nyesinde<\/span><\/strong><\/p>\n<p style=\"margin-bottom: 0cm; text-align: center; line-height: 16pt;\"><strong><span style=\"font-size: 15pt; font-family: 'Arial', sans-serif;\">B\u0130R TASAVVUF &Uuml;ST KURULU OLU\u015eTURULMALIDIR!<\/span><\/strong><\/p>\n<p><strong><span style=\"font-size: 18pt; font-family: 'Arial', sans-serif;\">&nbsp;&nbsp;&nbsp;&nbsp;&nbsp;&nbsp;<\/span><\/strong><\/p>\n<p style=\"margin-bottom: 0cm; text-align: justify; text-indent: 1cm; line-height: 16pt;\"><strong><span style=\"font-size: 14pt; font-family: 'Arial', sans-serif;\">&Ccedil;ok Muhterem Diyanet \u0130\u015fleri Ba\u015fkan\u0131m\u0131z\u0131n y&uuml;ksek dikkatlerine&hellip;<\/span><\/strong><\/p>\n<p style=\"margin-bottom: 0cm; text-align: justify; text-indent: 1cm; line-height: 16pt;\"><strong><span style=\"font-size: 12pt; font-family: 'Arial', sans-serif;\">&Uuml;lkemizdeki <\/span><\/strong><strong><span style=\"font-size: 14pt; font-family: 'Arial', sans-serif;\">Tarikat ve Cemaatler<\/span><\/strong><strong><span style=\"font-size: 12pt; font-family: 'Arial', sans-serif;\">, resmen ve hukuken yok say\u0131lan, ama fikren ve fiilen olduk&ccedil;a yayg\u0131n ve sayg\u0131n bulunan, sosyal ve do\u011fal Dini olu\u015fumlard\u0131r. Kontrol d\u0131\u015f\u0131 olmalar\u0131 nedeniyle her t&uuml;rl&uuml; istismar ve manip&uuml;lasyona m&uuml;sait bu yap\u0131lanmalara hem <\/span><\/strong><strong><span style=\"font-size: 14pt; font-family: 'Arial', sans-serif;\">me\u015fruluk<\/span><\/strong><strong><span style=\"font-size: 12pt; font-family: 'Arial', sans-serif;\"> hem de <\/span><\/strong><strong><span style=\"font-size: 14pt; font-family: 'Arial', sans-serif;\">sorumluluk<\/span><\/strong><strong><span style=\"font-size: 12pt; font-family: 'Arial', sans-serif;\"> kazand\u0131racak tarihi ve talihli bir ad\u0131ma acilen ihtiya&ccedil; vard\u0131r ve bu g&ouml;rev ve \u015feref, Zat\u0131 &Acirc;linize ve y&uuml;ce mevkiinize lay\u0131kt\u0131r. <\/span><\/strong><\/p>\n<p style=\"margin-bottom: 0cm; text-align: justify; text-indent: 1cm; line-height: 16pt;\"><strong><span style=\"font-size: 12pt; font-family: 'Arial', sans-serif;\">Hay\u0131rl\u0131 hizmetleri ve yararl\u0131 hedefleri istismar ve suistimal ederek ve d\u0131\u015f g&uuml;&ccedil;lerin g&uuml;d&uuml;m&uuml;ne girerek D\u0130N VE DEVLET tahribine y&ouml;nelen FET&Ouml; bahanesiyle, T&uuml;rkiye&#8217;deki b&uuml;t&uuml;n Tarikat ve Cemaatlere y&ouml;nelik topyek&ucirc;n bir karalama ve hepsinin k&ouml;k&uuml;n&uuml; kurutma fikir ve faaliyetleri, en az FET&Ouml; kadar tehlikeli bir hal alm\u0131\u015ft\u0131r. Ve hele bir tak\u0131m Prof. Do&ccedil;. etiketli ve dini konularda yetkili zannedilen baz\u0131 zevat\u0131n bu y&ouml;ndeki talihsiz tav\u0131rlar\u0131, b&uuml;y&uuml;k tahribatlara yol a&ccedil;maktad\u0131r. Oysa tarikatlar ve cemaatler; \u0130slam&#8217;\u0131n ibadet ve ahl&acirc;k esaslar\u0131n\u0131n titizlikle ve manevi otokontrol sistemi i&ccedil;inde ya\u015fanmas\u0131n\u0131 sa\u011flayan ve Kur&#8217;an&#8217;da tan\u0131\u015fma ve dayan\u0131\u015fma vesilesi olsun diye <\/span><\/strong><strong><em><span style=\"font-size: 14pt; font-family: 'Arial', sans-serif;\">&ldquo;insanlar\u0131n \u015fu&rsquo;be ve kabilelere ayr\u0131ld\u0131\u011f\u0131&rdquo;<\/span><\/em><\/strong><span style=\"font-size: 14pt; font-family: 'Arial', sans-serif;\"> <\/span><strong><span style=\"font-size: 12pt; font-family: 'Arial', sans-serif;\">vurgulanan f\u0131tri (do\u011fal ve sosyal) olu\u015fumlard\u0131r.<\/span><\/strong><\/p>\n<p style=\"margin-bottom: 0cm; text-align: justify; text-indent: 1cm; line-height: 16pt;\"><strong><em><span style=\"font-size: 12pt; font-family: 'Arial', sans-serif;\">&ldquo;Ey insanlar, ger&ccedil;ekten Biz sizi bir erkek ve bir di\u015fiden yaratt\u0131k ve birbirinizle (kolayl\u0131kla) tan\u0131\u015fman\u0131z (ve farkl\u0131 yetenek ve faziletlerinizden yararlanman\u0131z) i&ccedil;in sizi (de\u011fi\u015fik) kavimler ve kabileler (\u015feklinde) k\u0131ld\u0131k. \u015e&uuml;phesiz, Allah kat\u0131nda sizin en &uuml;st&uuml;n (kerim ve de\u011ferli) say\u0131lan\u0131n\u0131z, (\u0131rk ya da soyca de\u011fil) takvaca (k&ouml;t&uuml;l&uuml;kten sak\u0131nma, iyilikte yar\u0131\u015fma konusunda) en ileride olan kimselerdir. \u015e&uuml;phesiz Allah (her \u015feyi hakk\u0131yla) Bilendir, Habir&rsquo;dir.&rdquo;<\/span><\/em><\/strong><span style=\"font-size: 12pt; font-family: 'Arial', sans-serif;\"> (Hucurat: 13) <\/span><\/p>\n<p style=\"margin-bottom: 0cm; text-align: justify; text-indent: 1cm; line-height: 16pt;\"><strong><span style=\"font-size: 12pt; font-family: 'Arial', sans-serif;\">Evet, Tarikat ve Cemaatler \u0130slam ovalar\u0131na, ba\u011f&ccedil;alar\u0131na hayat ve huzur suyu ta\u015f\u0131yan kanallar konumundad\u0131r. Bu kanallar\u0131n kurutulmas\u0131, manevi ve ahl&acirc;ki hayat damarlar\u0131n\u0131n kans\u0131z b\u0131rak\u0131lmas\u0131d\u0131r. Ancak bu kanallara zehirli kirlerin ve \u015feytani fikirlerin kar\u0131\u015fmas\u0131 da, mensuplar\u0131n\u0131n zehirlenmesine ve FET&Ouml; gibi &ccedil;ok tehlikeli bir tehdit haline gelmesine yol a&ccedil;acakt\u0131r. Bu nedenle &ccedil;a\u011f\u0131m\u0131z\u0131n \u015fartlar\u0131na ve ihtiya&ccedil;lar\u0131na uygun olarak Tarikat ve Cemaatlerin yeniden yap\u0131land\u0131r\u0131lmas\u0131, resmiyet ve mesuliyet kazand\u0131r\u0131lmas\u0131, &ouml;\u011fretilerinden sohbet derslerine, gelir giderlerinden sosyal hizmetlerine b&uuml;t&uuml;n faaliyetlerinin \u015feffaf olmas\u0131 ve devlet disiplini ve denetimi alt\u0131na al\u0131nmas\u0131 art\u0131k bir zaruret halini alm\u0131\u015ft\u0131r.<\/span><\/strong><\/p>\n<p style=\"margin-bottom: 0cm; text-align: justify; text-indent: 1cm; line-height: 16pt;\"><strong><span style=\"font-size: 12pt; font-family: 'Arial', sans-serif;\">\u015eeyhli\u011fin \u015eAH&rsquo;l\u0131k gibi; babadan o\u011fula kalan ve ba\u015fka sahada ba\u015far\u0131l\u0131 olamayan ve i\u015fe yaramayan evlatlar\u0131n ge&ccedil;im vas\u0131tas\u0131 yap\u0131lan bir veraset ve vesayet kurumu olmaktan kurtar\u0131l\u0131p, icazet ve liyakat esas\u0131na kavu\u015fturulmas\u0131&hellip; B&ouml;ylece yetkinlik ve resmiyetle beraber, mesuliyet ve sorumlu mezuniyet imk&acirc;n\u0131 da kazand\u0131r\u0131lmas\u0131 ka&ccedil;\u0131n\u0131lmazd\u0131r. Aksi halde hem d\u0131\u015f odaklar\u0131n hem de f\u0131rsat&ccedil;\u0131 ve fesat&ccedil;\u0131 sahtek&acirc;rlar\u0131n istismar arac\u0131, siyasi ve ticari kazan&ccedil; kap\u0131s\u0131 olarak &ccedil;e\u015fitli tertip ve tahriklere m&uuml;sait ocaklar konumunda kalacaklard\u0131r. Bunun yan\u0131nda hepsini kapatmak ve yasaklamak sonucu Tarikat ve Cemaatlerin milyonlarca mensuplar\u0131n\u0131 sudan &ccedil;\u0131km\u0131\u015f bal\u0131k gibi ortada b\u0131rakmak ise, daha b&uuml;y&uuml;k tahribat ve travmalara neden olacakt\u0131r. Ve bu durum sadece din d&uuml;\u015fmanlar\u0131n\u0131n i\u015fine yarayacak, toplumda derin yaralara ve y\u0131k\u0131mlara yol a&ccedil;acak, din devlet bar\u0131\u015f\u0131n\u0131 bozacak, ahl&acirc;ki ve ailevi yozla\u015fmay\u0131 h\u0131zland\u0131racak ve toplumu &ccedil;&ouml;k&uuml;\u015fe haz\u0131rlayacakt\u0131r. Art\u0131k &uuml;lkemizde bu denli fiilen ve alenen y&uuml;r&uuml;rl&uuml;kte olan ve bu denli yayg\u0131nl\u0131k ve sayg\u0131nl\u0131k kazanan bu olu\u015fumlar\u0131n imhas\u0131 de\u011fil ihyas\u0131 laz\u0131md\u0131r ve hal&acirc; bunlara resmiyet ve mesuliyet kazand\u0131rmamak akla ve vicdana ayk\u0131r\u0131d\u0131r, bu hukuki bo\u015fluk ve belirsizlik mutlaka doldurulmal\u0131d\u0131r. Bu giri\u015fimlere &ouml;nc&uuml;l&uuml;k yapmak, gerekli ve yeterli projeler ortaya koymak, hukuki zemin ve metinlerin haz\u0131rlanmas\u0131na katk\u0131 sunmak ve h&uuml;k&uuml;metin bu y&ouml;ndeki giri\u015fimlerine destek &ccedil;\u0131kmak ise, herhalde ve herkesten &ouml;nce Diyanet \u0130\u015fleri Ba\u015fkanl\u0131\u011f\u0131&rsquo;m\u0131z\u0131n g&ouml;revi ve tarihi \u015ferefi olmal\u0131d\u0131r. Bu konuda bilgi ve birikim sahibi ilgili zevat\u0131n, ba\u015fta Tarikat ve Tasavvuf ehli uleman\u0131n, \u0130lahiyat Fak&uuml;lteleri b&uuml;t&uuml;n ilgili kurumlar\u0131n ve Hukuk Hocalar\u0131n\u0131n; Tarikat ve Cemaatlerin yeniden yap\u0131land\u0131r\u0131lmas\u0131, disiplin ve denetim alt\u0131nda &ccedil;al\u0131\u015ft\u0131r\u0131lmas\u0131 konular\u0131ndaki plan ve programlar\u0131n\u0131 Diyanet \u0130\u015fleri Ba\u015fkanl\u0131\u011f\u0131&rsquo;m\u0131za sunmalar\u0131 sa\u011flanmal\u0131d\u0131r. <\/span><\/strong><strong><span style=\"font-size: 14pt; font-family: 'Arial', sans-serif;\">Biz de Milli &Ccedil;&ouml;z&uuml;m Ekibi olarak, 1996 y\u0131l\u0131nda, \u0130slam Tarihinde ilk defa Rahmetli Ba\u015fbakanlar\u0131m\u0131zdan Prof. Dr. Necmettin Erbakan taraf\u0131ndan Libya Trablus&rsquo;ta tertip olunan ve b&uuml;t&uuml;n \u0130slam &uuml;lkelerinden ve cemaatlerden 500 kadar ilgili ve se&ccedil;kin delegenin kat\u0131l\u0131m\u0131yla ve 4 g&uuml;n boyunca yap\u0131lan D&uuml;nya Tasavvuf Kongresi&rsquo;ne, Hocam\u0131z taraf\u0131ndan T&uuml;rkiye temsilcisi olarak g&ouml;revlendirilip tebli\u011f sunanlardan birisi s\u0131fat\u0131yla, <\/span><\/strong><strong><span style=\"font-size: 12pt; font-family: 'Arial', sans-serif;\">y\u0131llard\u0131r &uuml;zerinde &ccedil;al\u0131\u015ft\u0131\u011f\u0131m\u0131z ve olgunla\u015ft\u0131rd\u0131\u011f\u0131m\u0131z; <\/span><\/strong><strong><em><span style=\"font-size: 14pt; font-family: 'Arial', sans-serif;\">&ldquo;Toplumda Ahl&acirc;ki ve Manevi D&uuml;zenin Temel Kurum ve Kurallar\u0131: Siyasi, Hukuki, \u0130lmi ve \u0130ktisadi D&uuml;zenle \u0130rtibatlar\u0131&rdquo;<\/span><\/em><\/strong><strong><span style=\"font-size: 12pt; font-family: 'Arial', sans-serif;\"> ba\u015fl\u0131kl\u0131 &ccedil;al\u0131\u015fmalar\u0131m\u0131z\u0131 payla\u015fmaya haz\u0131r\u0131z. <\/span><\/strong><\/p>\n<p style=\"margin-bottom: 0cm; text-align: justify; text-indent: 1cm; line-height: 16pt;\"><strong><span style=\"font-size: 14pt; font-family: 'Arial', sans-serif;\">Osmanl\u0131&rsquo;da Me\u015f&icirc;hat Dairesi ve g&ouml;rev sahas\u0131<\/span><\/strong><\/p>\n<p style=\"margin-bottom: 0cm; text-align: justify; text-indent: 1cm; line-height: 16pt;\"><strong><span style=\"font-size: 14pt; font-family: 'Arial', sans-serif;\">Me\u015f&icirc;hat,<\/span><\/strong><strong><span style=\"font-size: 12pt; font-family: 'Arial', sans-serif;\"> Osmanl\u0131larda ilmiye s\u0131n\u0131f\u0131n\u0131n ve tarikat erbab\u0131n\u0131n ba\u015f\u0131 ve sadrazamdan sonra devletin ikinci b&uuml;y&uuml;k b&uuml;rokrat\u0131 olarak kabul edilen \u015eeyh&uuml;lisl&acirc;mlar\u0131n g&ouml;rev yapt\u0131\u011f\u0131 makama verilen add\u0131r. Bu makam ayr\u0131ca &ldquo;B&acirc;b-\u0131 Fetv&acirc;&rdquo;, &ldquo;B&acirc;b-\u0131 Me\u015f&icirc;hat&rdquo;, &ldquo;\u015eeyh&uuml;lisl&acirc;m Kap\u0131s\u0131&rdquo; olarak da an\u0131lm\u0131\u015ft\u0131r. &Ouml;zellikle Tanzimat Devrinde din&icirc; temellere dayanan b&uuml;t&uuml;n m&uuml;esseselerin idare ve kontrol&uuml; Me\u015f&icirc;hat Dairesi taraf\u0131ndan y&uuml;r&uuml;t&uuml;lmeye ba\u015flanm\u0131\u015ft\u0131r. B&ouml;ylece \u015eeyh&uuml;lisl&acirc;m, stat&uuml; bak\u0131m\u0131ndan 19. y&uuml;zy\u0131lda n&acirc;z\u0131rlar (bakanlar) ile e\u015fit konuma ta\u015f\u0131nm\u0131\u015f ve h&uuml;k&ucirc;met &uuml;yelerinden birisi say\u0131lm\u0131\u015ft\u0131r. Mithat Pa\u015fa&rsquo;n\u0131n 1876&rsquo;da il&acirc;n etti\u011fi K&acirc;nun-i Esas&icirc;&rsquo;nin 27. maddesine g&ouml;re, di\u011fer n&acirc;z\u0131rlardan &uuml;st&uuml;n duruma ta\u015f\u0131nm\u0131\u015ft\u0131r. 1920 y\u0131l\u0131na kadar &ccedil;e\u015fitli zamanlarda yap\u0131lan reformlarla bu makam olgunla\u015ft\u0131r\u0131lm\u0131\u015fsa da, Osmanl\u0131 Saltanat\u0131 1922&rsquo;de ortadan kald\u0131r\u0131nca, Me\u015f&icirc;hat Dairesi de kald\u0131r\u0131lm\u0131\u015ft\u0131.<\/span><\/strong><\/p>\n<p style=\"margin-bottom: 0cm; text-align: justify; text-indent: 1cm; line-height: 16pt;\"><strong><span style=\"font-size: 12pt; font-family: 'Arial', sans-serif;\">\u0130stanbul tekkeleri, Meclis-i Me\u015f&acirc;yih&rsquo;in te\u015fekk&uuml;l&uuml; &uuml;zerine bulunduklar\u0131 b&ouml;lgelere g&ouml;re tarikat ay\u0131r\u0131m\u0131na gidilmeden &ouml;nce otuz be\u015f <\/span><\/strong><strong><span style=\"font-size: 14pt; font-family: 'Arial', sans-serif;\">Merkez Tekkeye<\/span><\/strong><span style=\"font-family: 'Arial', sans-serif;\"> <\/span><strong><span style=\"font-size: 12pt; font-family: 'Arial', sans-serif;\">ba\u011flanm\u0131\u015f, 1918 y\u0131l\u0131ndan sonra bu say\u0131 on be\u015f merkezle s\u0131n\u0131rland\u0131r\u0131lm\u0131\u015ft\u0131r. \u0130stanbul&rsquo;daki on be\u015f merkez tekkenin yan\u0131 s\u0131ra m&uuml;stakil merkezler olarak be\u015f mevlev&icirc;h&acirc;ne ile sekiz Nak\u015fibend&icirc; tekkesi bulunmaktayd\u0131. Merkez tekke uygulamas\u0131n\u0131n son \u015fekliyle birlikte \u0130stanbul i&ccedil;indeki tekkelerin Meclis-i Me\u015f&acirc;yih ile irtibat\u0131n\u0131n; merkez tekkeler arac\u0131l\u0131\u011f\u0131yla yap\u0131lmas\u0131 ve merkez tekkelerin di\u011fer tekkeler &uuml;zerinde denetim haklar\u0131n\u0131n bulunmas\u0131 hususlar\u0131 1334 (1918) tarihli Meclis-i Me\u015f&acirc;yih Nizamn&acirc;mesi&rsquo;nin &ldquo;Merkez Tek&acirc;y&acirc; T&acirc;limatn&acirc;mesi&rdquo; ile sa\u011flanm\u0131\u015ft\u0131r. Bu t&acirc;limatn&acirc;meye g&ouml;re her b&ouml;lgedeki me\u015f&acirc;yih kendi merkezinde toplanarak gizli oyla aralar\u0131ndan se&ccedil;ece\u011fi iki \u015feyhi tekkelerin denetimiyle g&ouml;revli ve yetkili sayacakt\u0131. Bir merkeze ba\u011fl\u0131 tekkeler yoklama ilm&uuml;haberleriyle s&uuml;rekli kontrol alt\u0131nda tutulacak ve bu ilm&uuml;haberler merkez tekkede saklanacakt\u0131. Y\u0131lda bir defa olmak &uuml;zere umumi ve tasdikli yoklama cetveli Merkez \u015eeyhleri taraf\u0131ndan Meclis-i Me\u015f&acirc;yih&rsquo;e sunulacakt\u0131.<\/span><\/strong><\/p>\n<p style=\"margin-bottom: 0cm; text-align: justify; text-indent: 1cm; line-height: 16pt;\"><strong><span style=\"font-size: 12pt; font-family: 'Arial', sans-serif;\">Ta\u015fra tekkeleriyle ilgili ilk d&uuml;zenlemeler II. Mahmud devrinde ba\u015flam\u0131\u015f ve tarikat p&icirc;rinin medfun bulundu\u011fu derg&acirc;h merkez kabul edilerek, merkez \u015feyhi kendi tarikat\u0131na ait di\u011fer tekkelerin idaresinden sorumlu tutulmu\u015flard\u0131. 1334 (1918) tarihli Meclis-i Me\u015f&acirc;yih Nizamn&acirc;mesi ile \u0130stanbul&rsquo;daki tekkeler merkezlere ayr\u0131l\u0131p yeni bir idare kurulunca; ta\u015frada da b&ouml;yle bir te\u015fkil&acirc;tlanma ihtiyac\u0131 duyulmu\u015f, \u015feyh&uuml;lisl&acirc;ml\u0131\u011f\u0131n tesbit etti\u011fi vil&acirc;yet, liv&acirc; ve kazalarda Enc&uuml;men-i Me\u015f&acirc;yih ad\u0131yla m&uuml;ft&uuml; ba\u015fkanl\u0131\u011f\u0131nda iki &uuml;yeden olu\u015fan bir kurum olu\u015fturmu\u015flard\u0131. Ulem&acirc; ve me\u015f&acirc;yih aras\u0131ndan gizli oyla se&ccedil;ilen bu iki &uuml;ye mahall&icirc; me\u015f&acirc;yih ve iyi hal sahibi ki\u015filerden meydana gelen bir komisyon taraf\u0131ndan se&ccedil;imle tayin olunmaktayd\u0131. \u0130cazet, hil&acirc;fet ve ehliyet usul&uuml;yle tevcih edilmekte olan \u015feyhlik vazifesi, Meclis-i Me\u015f&acirc;yih&rsquo;in kurulmas\u0131ndan sonra do\u011frudan meclis taraf\u0131ndan kontrol edilmeye ba\u015flanm\u0131\u015ft\u0131r. Bir derg&acirc;h\u0131n \u015feyhi vefat etti\u011fi zaman \u015feyhlik g&ouml;revinin tevcihi i&ccedil;in Meclis-i Me\u015f&acirc;yih&rsquo;e m&uuml;racaat edilir, m&uuml;racaat eden ki\u015fi \u015feyhin neslinden ve talebelerinden, halifelerinden ise ve gerekli \u015fartlar\u0131 ta\u015f\u0131yorsa tayin yap\u0131l\u0131rd\u0131. Tekke vak\u0131flar\u0131na ait vakfiyelerin (gelir giderlerin) Meclis-i Me\u015f&acirc;yih defterlerine kaydolunmas\u0131, bunlar\u0131n korunmas\u0131, kontrol ve denetimlerinin yap\u0131lmas\u0131 da meclisin g&ouml;revleri aras\u0131ndayd\u0131.[1]<\/span><\/strong><\/p>\n<p style=\"margin-bottom: 0cm; text-align: justify; text-indent: 1cm; line-height: 16pt;\"><strong><span style=\"font-size: 15pt; font-family: 'Arial', sans-serif;\">T&uuml;rkiye&#8217;deki ba\u015fl\u0131ca TAR\u0130KAT ve CEMAATLER ve bunlarla ilgili yakla\u015f\u0131m ve yorumlar\u0131m\u0131z!<\/span><\/strong><\/p>\n<p style=\"margin-bottom: 0cm; text-align: justify; text-indent: 1cm; line-height: 16pt;\"><strong><span style=\"font-size: 14pt; font-family: 'Arial', sans-serif;\"> KAD\u0130R\u0130-HAYDAR\u0130 tarikat\u0131:<\/span><\/strong><\/p>\n<p style=\"margin-bottom: 0cm; text-align: justify; text-indent: 1cm; line-height: 16pt;\"><strong><span style=\"font-size: 12pt; font-family: 'Arial', sans-serif;\"> &Ccedil;a\u011f\u0131m\u0131z\u0131n &ouml;nemli maneviyat kutuplar\u0131ndan ve se&ccedil;kin g&ouml;n&uuml;l erbab\u0131ndan Hac\u0131 Haydar Baba Hazretlerince bizzat ya\u015fan\u0131p yayg\u0131nla\u015ft\u0131r\u0131lan, cehri (sesli) zikir yap\u0131lan, Kelime-i Tevhid (La ilahe illallah) ve Lafza-i Celal (Allah, Allah&hellip;) ismi \u015ferifi huzurla, \u015fuurla ve co\u015fkuyla tekrarlanan bu tarikat Elaz\u0131\u011f merkezli olup; Adana, \u0130stanbul, Bursa, Malatya, Bing&ouml;l ve Diyarbak\u0131r gibi bir&ccedil;ok ilimizde derg&acirc;hlar\u0131 ve m&uuml;ridanlar\u0131 bulunmaktad\u0131r. Haydar Baba Hazretleri d&ouml;neminde hem itikat ve ibadet konusunda, hem be\u015feri m&uuml;nasebetler ve ticaret sahas\u0131nda, hem de siyasi-i&ccedil;timai tercih ve tarafgirlik hususunda, sadece Allah&#8217;\u0131n r\u0131zas\u0131 ve \u0130slam&rsquo;a ba\u011fl\u0131l\u0131k-yak\u0131nl\u0131k esas al\u0131nm\u0131\u015ft\u0131r. &Ccedil;&uuml;nk&uuml; Tarikat ve ir\u015fat ehli kimselerce, m&uuml;nasip bir dille, idarecilerin do\u011fru ve yararl\u0131 icraatlar\u0131n\u0131 tebrik ve te\u015fvik yan\u0131nda, yanl\u0131\u015f ve zararl\u0131 yanlar\u0131n\u0131n da tenkidi yap\u0131lmal\u0131d\u0131r.<\/span><\/strong><\/p>\n<p style=\"margin-bottom: 0cm; text-align: justify; text-indent: 1cm; line-height: 16pt;\"><strong><span style=\"font-size: 12pt; font-family: 'Arial', sans-serif;\">Sonradan: haks\u0131zl\u0131klar\u0131, yanl\u0131\u015fl\u0131klar\u0131 ve Dinimize-de\u011ferlerimize ayk\u0131r\u0131l\u0131klar\u0131 belli olan bir partinin yan kurulu\u015fu gibi taraftarl\u0131\u011fa ve reklamc\u0131l\u0131\u011fa soyunmak \u015feklindeki vahim hatalar\u0131 d\u0131\u015f\u0131nda; her konuda \u0130slami esaslara ve tasavvufi kurallara sahip ve sayg\u0131l\u0131, ibadet ve istikamete samimi bir gayretle ba\u011fl\u0131, zikir ve fikir erbab\u0131 olan bu tarikat\u0131n &ccedil;ok daha yayg\u0131n ve yararl\u0131 hizmetler sunmas\u0131 sa\u011flanmal\u0131d\u0131r. Rahmetullah HAYDAR BABA d&ouml;neminde, b&ouml;lgedeki &ouml;nemli medrese &acirc;limlerinin bu ir\u015fat halkas\u0131na kat\u0131lmas\u0131 da bu ama&ccedil;l\u0131d\u0131r.<\/span><\/strong><\/p>\n<p style=\"margin-bottom: 0cm; text-align: justify; text-indent: 1cm; line-height: 16pt;\"><strong><span style=\"font-size: 14pt; font-family: 'Arial', sans-serif;\">Nak\u015fibend&icirc; Yahyal\u0131 Cemaati (Kayseri)<\/span><\/strong><\/p>\n<p style=\"margin-bottom: 0cm; text-align: justify; text-indent: 1cm; line-height: 16pt;\"><strong><span style=\"font-size: 12pt; font-family: 'Arial', sans-serif;\">Kayseri merkezli olup Nak\u015fibend&icirc; tarikat\u0131n\u0131n Anadolu&#8217;daki en &ouml;nemli kollar\u0131 aras\u0131ndad\u0131r. \u0130smini Yahyal\u0131l\u0131 Hac\u0131 Hasan Efendi&#8217;den almaktad\u0131r. \u015eimdi \u015feyh postuna oturan Ramazan Din&ccedil; Hocaefendi, Hac\u0131 Hasan Efendi&rsquo;nin evlad\u0131d\u0131r. Cemaat Kayseri&#8217;deki sanayi geli\u015fimine paralel olarak h\u0131zla yayg\u0131nla\u015fm\u0131\u015ft\u0131r. M&uuml;ritleri aras\u0131nda Kayseri&#8217;nin &ouml;nde gelen i\u015fadamlar\u0131 da bulunmaktad\u0131r. Bu tarikat Rahmetullah \u015eeyh Esad Erbilli ve \u015eeyh Mahmut Sami Ramazano\u011flu Hazretlerinin bir kolu ve devam\u0131d\u0131r. &Ccedil;\u0131k\u0131\u015f sebebi ve zihniyeti de, dini gayret ve hizmet ciddiyeti de Edille-i \u015eer&rsquo;iyye&rsquo;ye (Kitap, S&uuml;nnet, \u0130cma ve K\u0131yas gibi \u0130slami &ouml;l&ccedil;&uuml;lere) ve sa\u011flam tasavvufi gelene\u011fe ba\u011fl\u0131 olan bu tarikat\u0131n mensuplar\u0131, genellikle ibadet ve istikamet ehli insanlard\u0131r.<\/span><\/strong><\/p>\n<p style=\"margin-bottom: 0cm; text-align: justify; text-indent: 1cm; line-height: 16pt;\"><span style=\"font-size: 12pt; font-family: 'Arial', sans-serif;\"> <\/span><strong><span style=\"font-size: 14pt; font-family: 'Arial', sans-serif;\">Kamuoyunda Yahyal\u0131 Cemaati olarak tan\u0131nan ve kanaat &ouml;nderli\u011fini Ali Ramazan Din&ccedil; Hocaefendi&#8217;nin yapt\u0131\u011f\u0131 Safa Vakf\u0131 Grubu&#8217;ndan 7 Haziran genel se&ccedil;imleri i&ccedil;in h&uuml;k&uuml;mete destek &ccedil;a\u011fr\u0131s\u0131 &ccedil;\u0131km\u0131\u015ft\u0131. Konuyla ilgili olarak aynen \u015fu a&ccedil;\u0131klama yay\u0131nlanm\u0131\u015ft\u0131:[2]<\/span><\/strong><\/p>\n<p style=\"margin-bottom: 0cm; text-align: justify; text-indent: 1cm; line-height: 16pt;\"><strong><em><span style=\"font-size: 12pt; font-family: 'Arial', sans-serif;\">&#8220;RESM\u0130 A&Ccedil;IKLAMADIR&#8230;<\/span><\/em><\/strong><\/p>\n<p style=\"margin-bottom: 0cm; text-align: justify; text-indent: 1cm; line-height: 16pt;\"><strong><em><span style=\"font-size: 12pt; font-family: 'Arial', sans-serif;\">Laz\u0131md\u0131r yanl\u0131\u015f\u0131 d&uuml;zeltmek i&ccedil;in beraberlik. Yanl\u0131\u015fsak, yanl\u0131\u015f\u0131m\u0131z\u0131 d&uuml;zelttirmek i&ccedil;in efdaldir beraberlik. Biz AK Parti&#8217;deyiz, AK Parti bizde. &Uuml;lkemizin ve b&uuml;t&uuml;n d&uuml;nyan\u0131n sulhuna vesile olmak i&ccedil;in AK Parti&#8217;de b&uuml;t&uuml;nle\u015fmeye davet ediyorum ihvan\u0131 kiram\u0131m\u0131z\u0131. Ula\u015fabildi\u011finiz her bir \u015fahsa bu emri duyurunuz.<\/span><\/em><\/strong><\/p>\n<p style=\"margin-bottom: 0cm; text-align: justify; text-indent: 1cm; line-height: 16pt;\"><strong><em><span style=\"font-size: 12pt; font-family: 'Arial', sans-serif;\">Hizmetk&acirc;r\u0131n\u0131z Ali Ramazan Din&ccedil; Efendi&#8221;<\/span><\/em><\/strong><\/p>\n<p style=\"margin-bottom: 0cm; text-align: justify; text-indent: 1cm; line-height: 16pt;\"><span style=\"font-size: 12pt; font-family: 'Arial', sans-serif;\">Oysa, ge&ccedil;mi\u015finde Kur&#8217;an ve S&uuml;nnet kaynakl\u0131 Adalet Nizam\u0131 \u015fuuruna ve C\u0130HAD (Hak Nizam\u0131 kurma) sorumlulu\u011funa sahip bir cemaatin, en fazla; <strong><em>&ldquo;Biz AKP iktidar\u0131n\u0131n \u015fu \u015fu yararl\u0131 ve ba\u015far\u0131l\u0131 ad\u0131mlar\u0131n\u0131 destekleyip dua ediyor, ama \u0130slam&#8217;a ve insafa ayk\u0131r\u0131 \u015fu \u015fu icraatlar\u0131n\u0131 da k\u0131n\u0131yor ve d&uuml;zeltilmesi i&ccedil;in uyar\u0131yoruz!&rdquo; <\/em><\/strong>\u015feklinde bir mesaj yay\u0131nlamas\u0131 beklenirken; AB y&ouml;nl&uuml;, ABD g&uuml;d&uuml;ml&uuml;, faiz, fuhu\u015f ve kumar y&uuml;r&uuml;t&uuml;c&uuml;s&uuml; kadrolara kay\u0131ts\u0131z \u015farts\u0131z destek a&ccedil;\u0131klamas\u0131, hem \u015feriat esaslar\u0131na, hem tarikat misyonuna ayk\u0131r\u0131yd\u0131; ve \u0130hlasla ba\u011fda\u015fmayan bir yakla\u015f\u0131md\u0131&hellip;<\/span><\/p>\n<p style=\"margin-bottom: 0cm; text-align: justify; text-indent: 1cm; line-height: 16pt;\"><strong><span style=\"font-size: 12pt; font-family: 'Arial', sans-serif;\">Zaten do\u011fru ve olumlu temeller &uuml;zerine kurulan, kutlu ve nurlu hedefler ve hizmetler ama&ccedil;layan bu tarikat\u0131n, m&uuml;ttaki ve m&uuml;stakim mensuplar\u0131yla, &ccedil;ok daha hay\u0131rl\u0131 hizmetler i&ccedil;in manevi bir merkez konumuna ta\u015f\u0131nmas\u0131 umulmaktad\u0131r.<\/span><\/strong><\/p>\n<p style=\"margin-bottom: 0cm; text-align: justify; text-indent: 1cm; line-height: 16pt;\"><strong><span style=\"font-size: 14pt; font-family: 'Arial', sans-serif;\">\u0130smaila\u011fa Cemaati (\u0130stanbul Merkezli)<\/span><\/strong><\/p>\n<p style=\"margin-bottom: 0cm; text-align: justify; text-indent: 1cm; line-height: 16pt;\"><span style=\"font-size: 12pt; font-family: 'Arial', sans-serif;\">Kurucusu say\u0131lan Ebuishak \u0130smail Efendi, 1723&rsquo;te Fatih&rsquo;te kendi ad\u0131n\u0131 ta\u015f\u0131yan camiyi yapt\u0131rd\u0131. &Ouml;l&uuml;m&uuml;nden sonra cemaati tarikat yoluna ba\u011fland\u0131. \u015eeyh Batumlu Ali Haydar Efendi, 1960&rsquo;ta &ouml;lene kadar lideri konumundayd\u0131. G&ouml;revi \u0130smail A\u011fa Camii imam\u0131 Mahmut Ustaosmano\u011flu devrald\u0131. Cemaat \u0130stanbul&rsquo;un merkezi Fatih&rsquo;te, T&uuml;rkiye&rsquo;nin en dikkat &ccedil;eken \u0130slami gettosunu olu\u015fturmay\u0131 ba\u015fard\u0131. Sar\u0131k, \u015falvar ve c&uuml;bbeli giyimleriyle di\u011fer Nak\u015fibend&icirc; gruplar\u0131ndan ayr\u0131lmaktad\u0131r. \u0130smaila\u011fa Cemaati, Ustaosmano\u011flu&rsquo;nun k&ouml;keni nedeniyle \u0130slami gruplar i&ccedil;inde &#8220;Oflular&#8221; olarak da tan\u0131nmaktad\u0131r. \u0130smaila\u011fa cemaati &ouml;z&uuml;nde tasavvufi bir cemaat olup, tarikat\u0131 ilim kanad\u0131 ile takviye eden bir cemaattir. Cemaatin lideri muhterem Mahmud Ustaosmano\u011flu Hocad\u0131r. Cemaat aras\u0131nda &ldquo;Efendi Hazretleri&rdquo; veya &ldquo;Mahmud Efendi&rdquo; olarak an\u0131l\u0131r. Kendisi alt\u0131n silsilenin 36. alt\u0131n halkas\u0131 say\u0131l\u0131r. Osmanl\u0131 dersiamlar\u0131ndan Ah\u0131skal\u0131 Ali Haydar Efendi&rsquo;nin 1960 y\u0131l\u0131ndaki vefat\u0131 ve vasiyeti &uuml;zerine Nak\u015fibend&icirc; Tarikat\u0131 ve Halidiyye kolunun bu silsilesinin 36. alt\u0131n halkas\u0131 olmu\u015flard\u0131r. Mahmud Efendi Hazretleri \u015feriat kurallar\u0131na, ilme ait yap\u0131ya ve tasavvufa ba\u011fl\u0131l\u0131\u011f\u0131 ve s&uuml;nnet-i seniyye&rsquo;nin ihyas\u0131 hususunda gayretleri ile b&uuml;t&uuml;n \u0130slam &acirc;leminin dikkatini &ccedil;ekmi\u015f, takdir ve tebriklerini alm\u0131\u015ft\u0131r. En zor \u015fartlarda bile \u0130slam&rsquo;\u0131 tebli\u011f ve halk\u0131 ir\u015fada ve \u015fer-i ilimleri ihyaya &ccedil;al\u0131\u015fmas\u0131 hay\u0131rl\u0131 sonu&ccedil;lara yol a&ccedil;m\u0131\u015ft\u0131r.<\/span><\/p>\n<p style=\"margin-bottom: 0cm; text-align: justify; text-indent: 1cm; line-height: 16pt;\"><strong><span style=\"font-size: 12pt; font-family: 'Arial', sans-serif;\">Y&uuml;ce Dinimiz, alt\u0131n\u0131 g&ouml;sterecek kadar \u015feffaf ve v&uuml;cut k\u0131vr\u0131mlar\u0131n\u0131 belli edecek kadar dar olmamak \u015fart\u0131yla, &ouml;zellikle kad\u0131nlar\u0131n &ouml;rt&uuml;nmesi &ouml;ng&ouml;r&uuml;len tesett&uuml;r emrinde: k\u0131l\u0131k k\u0131yafetin ve &ouml;zellikle <\/span><\/strong><strong><span style=\"font-size: 14pt; font-family: 'Arial', sans-serif;\">d\u0131\u015f elbise<\/span><\/strong><strong><span style=\"font-size: 12pt; font-family: 'Arial', sans-serif;\">&rsquo;nin bi&ccedil;imini, rengini, desenini zaman ve ortam\u0131n ihtiya&ccedil;lar\u0131na, co\u011frafi ve ekonomik \u015fartlara, sosyal ve k&uuml;lt&uuml;rel standartlara b\u0131rakm\u0131\u015f&hellip; \u0130lle de siyah &ccedil;ar\u015faf, sar\u0131k, c&uuml;bbe, \u015falvar gibi mecburiyetler ko\u015fmam\u0131\u015ft\u0131r. Ancak belki bir fazilet makam\u0131nda say\u0131labilecek &ccedil;ar\u015faf ve c&uuml;bbe gibi giyim-ku\u015famlar\u0131, sanki bir <\/span><\/strong><strong><span style=\"font-size: 14pt; font-family: 'Arial', sans-serif;\">farziyet <\/span><\/strong><strong><span style=\"font-size: 12pt; font-family: 'Arial', sans-serif;\">makam\u0131nda tutarak; farkl\u0131l\u0131k fantezisine ve takva g&ouml;sterisine kap\u0131lmalar\u0131&hellip; Kendi mensuplar\u0131n\u0131 bir <\/span><\/strong><strong><span style=\"font-size: 14pt; font-family: 'Arial', sans-serif;\">&uuml;st&uuml;nl&uuml;k duygusuyla <\/span><\/strong><strong><span style=\"font-size: 12pt; font-family: 'Arial', sans-serif;\">tatmin ederken b&uuml;y&uuml;k halk tabanlar\u0131n\u0131n &uuml;rk&uuml;t&uuml;lmesi ve nefretlerin celbedilmesi \u015feklindeki <\/span><\/strong><strong><span style=\"font-size: 14pt; font-family: 'Arial', sans-serif;\">a\u015f\u0131r\u0131 taklit&ccedil;ilik ve \u015fekilcilik <\/span><\/strong><strong><span style=\"font-size: 12pt; font-family: 'Arial', sans-serif;\">tak\u0131nt\u0131lar\u0131&hellip; Kendileri d\u0131\u015f\u0131ndaki M&uuml;sl&uuml;manlar\u0131 horlamalar\u0131 ve tepeden bakmalar\u0131&hellip; Tarikat mensubu baz\u0131 Hoca&rsquo;lar\u0131n \u015f&ouml;hret ve servet sahibi olunca, \u015fa\u015f\u0131rm\u0131\u015fl\u0131k, haddini a\u015fm\u0131\u015fl\u0131k ve \u015f\u0131mar\u0131kl\u0131k tav\u0131rlar\u0131&hellip; Hatta k\u0131skan&ccedil;l\u0131k damar\u0131 ve rekabet h\u0131rs\u0131yla birbirlerine sata\u015f\u0131p sald\u0131rmalar\u0131, &ouml;yle ki Beytullah &ccedil;evresinde ve Umre ziyaretinde bile yumruklu sopal\u0131 kavgalara tutu\u015fmalar\u0131&hellip; Birtak\u0131m istismarc\u0131 f\u0131rsat&ccedil;\u0131lar\u0131n tarikat ba\u011fl\u0131lar\u0131n\u0131n s\u0131rt\u0131ndan bir rant ve s&ouml;m&uuml;r&uuml; saltanat\u0131 kurma &ccedil;abalar\u0131&hellip; Ve maalesef <\/span><\/strong><strong><span style=\"font-size: 14pt; font-family: 'Arial', sans-serif;\">vekil-yetkili <\/span><\/strong><strong><span style=\"font-size: 12pt; font-family: 'Arial', sans-serif;\">s\u0131fat\u0131yla baz\u0131lar\u0131n\u0131n, tarikat mensuplar\u0131n\u0131n oylar\u0131n\u0131 siyasi partilerle pazarl\u0131k konusu yapmalar\u0131&hellip; gibi &ccedil;irkin ve tehlikeli davran\u0131\u015flar\u0131 &ouml;nleyecek tedbirlerin al\u0131nmas\u0131 durumunda, \u0130smaila\u011fa Cemaati y&uuml;zbinlerce insana hidayet ve istikamet yolunu g&ouml;steren hay\u0131rl\u0131 bir yap\u0131lanmad\u0131r. <\/span><\/strong><\/p>\n<p style=\"margin-bottom: 0cm; text-align: justify; text-indent: 1cm; line-height: 16pt;\"><strong><span style=\"font-size: 14pt; font-family: 'Arial', sans-serif;\">Menzil Tarikat\u0131<\/span><\/strong><\/p>\n<p style=\"margin-bottom: 0cm; text-align: justify; text-indent: 1cm; line-height: 16pt;\"><strong><span style=\"font-size: 12pt; font-family: 'Arial', sans-serif;\">Nak\u015fibend&icirc; Tarikat\u0131&rsquo;n\u0131n Menzil Kolu ad\u0131n\u0131 Ad\u0131yaman&rsquo;\u0131n Menzil k&ouml;y&uuml;nden alm\u0131\u015ft\u0131r. Cemaatin en &uuml;nl&uuml; ismi, u\u011frad\u0131\u011f\u0131 zehirli i\u011fne sald\u0131r\u0131s\u0131ndan bir s&uuml;re sonra hayat\u0131n\u0131 kaybeden \u015eeyh <\/span><\/strong><strong><span style=\"font-size: 14pt; font-family: 'Arial', sans-serif;\">Ra\u015fit Erol <\/span><\/strong><strong><span style=\"font-size: 12pt; font-family: 'Arial', sans-serif;\">olmaktad\u0131r. \u015eeyh postunda \u015fimdi karde\u015fi <\/span><\/strong><strong><span style=\"font-size: 14pt; font-family: 'Arial', sans-serif;\">Abd&uuml;lbaki Erol <\/span><\/strong><strong><span style=\"font-size: 12pt; font-family: 'Arial', sans-serif;\">oturmaktad\u0131r. \u015eeyh adaylar\u0131ndan <\/span><\/strong><strong><span style=\"font-size: 14pt; font-family: 'Arial', sans-serif;\">Fevzettin Erol <\/span><\/strong><strong><span style=\"font-size: 12pt; font-family: 'Arial', sans-serif;\">ise \u015fimdilik cemaatin Ankara ve Afyon &ouml;rg&uuml;tlenmesinin ba\u015f\u0131ndad\u0131r. Menzilcilerin Ankara &ccedil;evresi &#8220;Semerkant Grubu&#8221; olarak da adland\u0131r\u0131l\u0131r. Fevzettin Erol, y\u0131l\u0131n bir b&ouml;l&uuml;m&uuml;nde Afyon&rsquo;daki merkezde ya\u015famaktad\u0131r. Cemaat ekonomik g&uuml;c&uuml;n&uuml; &ouml;zellikle kendilerine <\/span><\/strong><strong><span style=\"font-size: 14pt; font-family: 'Arial', sans-serif;\">dervi\u015f <\/span><\/strong><strong><span style=\"font-size: 12pt; font-family: 'Arial', sans-serif;\">ad\u0131n\u0131 veren m&uuml;ritlerin kurdu\u011fu \u015firketlerin belediyelerden ald\u0131\u011f\u0131 ihalelerle artt\u0131rm\u0131\u015flard\u0131r. Rahmetullah Ra\u015fit Erol Hazretlerinin <em>&#8220;\u0130man\u0131 kurtarman\u0131n ve peki\u015ftirmenin k&acirc;fi oldu\u011fu bir devir ya\u015f\u0131yoruz&#8221; <\/em>anlay\u0131\u015f\u0131yla hareket eden cemaatin Ad\u0131yaman Menzil ve Ankara merkezleri &ouml;zellikle alkol ba\u011f\u0131ml\u0131l\u0131\u011f\u0131ndan kurtulmak isteyen ki\u015filerin ilgi oda\u011f\u0131d\u0131r. Bakanlar\u0131n ve y&uuml;ksek b&uuml;rokratlar\u0131n bir k\u0131sm\u0131 bu tarikata ba\u011fl\u0131d\u0131r, &ouml;zellikle Adalet, \u0130&ccedil;i\u015fleri ve Sa\u011fl\u0131k Bakanl\u0131klar\u0131nda yo\u011funla\u015fm\u0131\u015flard\u0131r. Ordu i&ccedil;erisinde yine Menzilci askerlerin g&uuml;&ccedil;l&uuml; olduklar\u0131 ve el alt\u0131ndan kadrola\u015ft\u0131klar\u0131 konu\u015fulmaktad\u0131r. <\/span><\/strong><\/p>\n<p style=\"margin-bottom: 0cm; text-align: justify; text-indent: 1cm; line-height: 16pt;\"><strong><span style=\"font-size: 12pt; font-family: 'Arial', sans-serif;\">Fetullah&ccedil;\u0131lardan bo\u015falan kadrolara Menzil&rsquo;e mensup b&uuml;rokratlar\u0131n s\u0131zmaya ba\u015flad\u0131\u011f\u0131 iddialar\u0131 yayg\u0131nla\u015fm\u0131\u015ft\u0131r. Ad\u0131yaman&rsquo;da bir k&ouml;yden ismini alan Menzil Tarikat\u0131, Nak\u015fibend&icirc;li\u011fin bir uzant\u0131s\u0131d\u0131r. Radyo istasyonlar\u0131, TV kanallar\u0131, dergileri bulunmaktad\u0131r. Menzil Tarikat\u0131&rsquo;n\u0131n sa\u011fl\u0131k alan\u0131nda yo\u011funla\u015fmas\u0131nda &ouml;nde gelen bir&ccedil;ok tarikat mensubunun, doktor k&ouml;kenli olmas\u0131ndan kaynaklanmaktad\u0131r. Bunlar\u0131n ba\u015f\u0131nda, 2013 y\u0131l\u0131nda hayat\u0131n\u0131 kaybeden Menzil Tarikat\u0131&rsquo;n\u0131n &ouml;nde gelen isimlerinden Dr. Ahmet &Ccedil;a\u011f\u0131l say\u0131lmaktad\u0131r. Menzil Tarikat\u0131&rsquo;n\u0131n lideri Muhammed Ra\u015fit Erol ile yak\u0131n ili\u015fkileri olan Ahmet &Ccedil;a\u011f\u0131l&rsquo;\u0131n 2013 y\u0131l\u0131ndaki cenaze t&ouml;renine Sa\u011fl\u0131k Bakan\u0131 Recep Akda\u011f da kat\u0131lm\u0131\u015flard\u0131r. Recep Akda\u011f&rsquo;\u0131n tekrar Sa\u011fl\u0131k Bakan\u0131 olmas\u0131 sonras\u0131 ya\u015fanan &lsquo;m&uuml;ste\u015far krizi&rsquo;ninde Menzil Tarikat\u0131 &ccedil;er&ccedil;evesinde g&uuml;ndeme gelen bir konu oldu\u011fu iddialar\u0131 dola\u015fmaktad\u0131r. Menzil Tarikat\u0131 ile ilgisi bulunmad\u0131\u011f\u0131 belirtilen Mehmet M&uuml;ezzino\u011flu&rsquo;nun Sa\u011fl\u0131k Bakanl\u0131\u011f\u0131ndan al\u0131nmas\u0131n\u0131n ard\u0131ndan tekrar Sa\u011fl\u0131k Bakan\u0131 olan Recep Akda\u011f&rsquo;\u0131n, ilk i\u015f olarak M&uuml;ste\u015far Ey&uuml;p G&uuml;m&uuml;\u015f&rsquo;&uuml;n istifas\u0131n\u0131 istedi\u011fi, bunun &uuml;zerine Ey&uuml;p G&uuml;m&uuml;\u015f&rsquo;&uuml;n konuyu Saray&rsquo;a ta\u015f\u0131d\u0131\u011f\u0131 kulislere s\u0131zm\u0131\u015ft\u0131r.<\/span><\/strong><\/p>\n<p style=\"margin-bottom: 0cm; text-align: justify; text-indent: 1cm; line-height: 16pt;\"><strong><span style=\"font-size: 12pt; font-family: 'Arial', sans-serif;\">\u015eeyhlerine, Hazreti Resulullah&#8217;\u0131n, Hatta Cenab\u0131 Hakk\u0131n s\u0131fatlar\u0131n\u0131n ve icraatlar\u0131n\u0131n yak\u0131\u015ft\u0131r\u0131lmas\u0131&hellip; Bu tarikata mensup olanlar\u0131n kabir suali ve mah\u015fer hesab\u0131 vermeden, \u015eeyhleri taraf\u0131ndan s\u0131rattan ge&ccedil;irilip cennete ula\u015ft\u0131r\u0131laca\u011f\u0131 iddialar\u0131&hellip; Olduk&ccedil;a zararl\u0131 ve adaba ayk\u0131r\u0131 olan sigaran\u0131n m&uuml;barek bir ikram gibi birbirlerine sunulmas\u0131 ve yayg\u0131n bi&ccedil;imde kullan\u0131lmas\u0131&hellip; <\/span><\/strong><strong><span style=\"font-size: 14pt; font-family: 'Arial', sans-serif;\">\u0130lim ve irfana &ouml;nem verilmeyip, keramet hik&acirc;yeleri ve kulaktan dolma rivayetlerle m&uuml;ritlerin oyalanmas\u0131 gibi yanl\u0131\u015fl\u0131klardan kurtar\u0131lmas\u0131, mensuplar\u0131n\u0131n do\u011fru bilgiler ve olumlu &ouml;\u011fretilerle donat\u0131lmas\u0131 durumunda; &ouml;zellikle sade vatanda\u015flar\u0131n i&ccedil;ki ve kumar k&ouml;t&uuml; al\u0131\u015fkanl\u0131klardan uzakla\u015f\u0131p hayra ve g&uuml;zel ahl&acirc;ka al\u0131\u015ft\u0131r\u0131lmas\u0131&hellip; Ve b&ouml;ylece toplumda genel huzur ortam\u0131n\u0131n sa\u011flanmas\u0131 konusunda &ouml;nemli hizmetler sunacak haz\u0131r bir yap\u0131lanmad\u0131r.<\/span><\/strong><\/p>\n<p style=\"margin-bottom: 0cm; text-align: justify; text-indent: 1cm; line-height: 16pt;\"><strong><span style=\"font-size: 14pt; font-family: 'Arial', sans-serif;\">Bak\u0131n\u0131z; Menzil Tarikat\u0131n\u0131n \u015eeyhlerinin ve Gavslar\u0131n\u0131n kitaplar\u0131nda \u015funlar anlat\u0131lmaktad\u0131r:<\/span><\/strong><\/p>\n<p style=\"margin-bottom: 0cm; text-align: justify; text-indent: 1cm; line-height: 16pt;\"><strong><em><span style=\"font-size: 12pt; font-family: 'Arial', sans-serif;\">Gavs-\u0131 Bilv&acirc;nis&icirc; Hazretleri bize &ouml;yle anlatm\u0131\u015ft\u0131:<\/span><\/em><\/strong><\/p>\n<p style=\"margin-bottom: 0cm; text-align: justify; text-indent: 1cm; line-height: 16pt;\"><strong><em><span style=\"font-size: 12pt; font-family: 'Arial', sans-serif;\">&ldquo;Bir kimse, g&uuml;nde en fazla yetmi\u015f defa, en az yirmi be\u015f defa Res&ucirc;lullah Efendimiz&rsquo;i (S.A.V) g&ouml;r&uuml;p de ondan ald\u0131\u011f\u0131 emre g&ouml;re hareket etmezse; o insan kimseyi ir\u015fad etmeye kalk\u0131\u015fmas\u0131n ve m&uuml;r\u015fidlik yapmas\u0131n. &Ccedil;\u0131ks\u0131n da\u011f ba\u015f\u0131nda e\u015fk\u0131yal\u0131k yaps\u0131n. O zaman M&uuml;sl&uuml;manlara daha az zarar vermi\u015f olacakt\u0131r!&rdquo; <\/span><\/em><\/strong><\/p>\n<p style=\"margin-bottom: 0cm; text-align: justify; text-indent: 1cm; line-height: 16pt;\"><strong><span style=\"font-size: 12pt; font-family: 'Arial', sans-serif;\">Bu t&uuml;r as\u0131ls\u0131z iddialar, \u015eeyhlerin h&acirc;\u015f&acirc; Peygamber makam\u0131na ta\u015f\u0131nmas\u0131na, hatta tanr\u0131la\u015ft\u0131r\u0131lmas\u0131na yol a&ccedil;acakt\u0131r. Hat\u0131rlay\u0131n\u0131z Fetullah G&uuml;len de bu t&uuml;r safsata ve sahtek&acirc;rl\u0131klarla ba\u011fl\u0131lar\u0131n\u0131 sapt\u0131rm\u0131\u015ft\u0131. B&ouml;ylesine aldat\u0131lan ve k&ouml;r&uuml; k&ouml;r&uuml;ne kendilerine ba\u011flan\u0131lan kalabal\u0131klar, uzaktan kumandal\u0131 robotlara &ccedil;evrilip, k\u0131\u015fk\u0131rt\u0131l\u0131p kullan\u0131lmaya m&uuml;sait hale sokulmaktad\u0131r.<\/span><\/strong><\/p>\n<p style=\"margin-bottom: 0cm; text-align: justify; text-indent: 1cm; line-height: 16pt;\"><strong><em><span style=\"font-size: 12pt; font-family: 'Arial', sans-serif;\">&ldquo;Kovulmu\u015f \u015feytandan Allah&#8217;a s\u0131\u011f\u0131n\u0131r\u0131m&rdquo; <\/span><\/em><\/strong><span style=\"font-size: 12pt; font-family: 'Arial', sans-serif;\">(Nahl: 98)<\/span><\/p>\n<p style=\"margin-bottom: 0cm; text-align: justify; text-indent: 1cm; line-height: 16pt;\"><strong><em><span style=\"font-size: 12pt; font-family: 'Arial', sans-serif;\">&ldquo;De ki: &ldquo;G&ouml;klerde ve yerde gayb\u0131 Allah&rsquo;tan ba\u015fka kimse bilemez! (Baz\u0131 nebilere ve se&ccedil;kin kimselere gayp ilminden &ccedil;ok c&uuml;z&rsquo;i \u015feylerin haber verilmesi de bu ger&ccedil;e\u011fi de\u011fi\u015ftirmez.) Onlar ne zaman (&ouml;l&uuml;p) dirileceklerini de bilemezler.&rdquo;<\/span><\/em><\/strong><span style=\"font-size: 12pt; font-family: 'Arial', sans-serif;\"> (Neml: 65)<\/span><\/p>\n<p style=\"margin-bottom: 0cm; text-align: justify; text-indent: 1cm; line-height: 16pt;\"><strong><em><span style=\"font-size: 12pt; font-family: 'Arial', sans-serif;\">&#8220;De ki: &ldquo;Size Allah&rsquo;\u0131n hazineleri benim yan\u0131mdad\u0131r demiyorum ve ben gayb\u0131 da bilmem! Ben size, bir mele\u011fim de demiyorum. Ben ancak, bana vahyolunana uyuyorum.&rdquo; De ki: &ldquo;K&ouml;r ile g&ouml;ren bir olur mu? Hi&ccedil; d&uuml;\u015f&uuml;nm&uuml;yor musunuz?&rdquo;<\/span><\/em><\/strong><span style=\"font-size: 12pt; font-family: 'Arial', sans-serif;\"> (Enam: 50)<\/span><\/p>\n<p style=\"margin-bottom: 0cm; text-align: justify; text-indent: 1cm; line-height: 16pt;\"><strong><em><span style=\"font-size: 12pt; font-family: 'Arial', sans-serif;\">&ldquo;Siz bir \u015feyi a&ccedil;\u0131\u011fa vursan\u0131z da gizleseniz de, biliniz ki (sadece) Allah her \u015feyi bilir.&rdquo;<\/span><\/em><\/strong><span style=\"font-size: 12pt; font-family: 'Arial', sans-serif;\"> (Ahzab: 54)<\/span><\/p>\n<p style=\"margin-bottom: 0cm; text-align: justify; text-indent: 1cm; line-height: 16pt;\"><strong><em><span style=\"font-size: 12pt; font-family: 'Arial', sans-serif;\">&ldquo;O, g&ouml;zlerin hain bak\u0131\u015f\u0131n\u0131 ve g&ouml;\u011f&uuml;slerin (zihinlerin) gizledi\u011fini (her \u015feyi ayr\u0131nt\u0131lar\u0131yla) bilir.&rdquo;<\/span><\/em><\/strong><span style=\"font-size: 12pt; font-family: 'Arial', sans-serif;\"> (M&uuml;&rsquo;min: 19) ayetleri bu safsata ve sapk\u0131nl\u0131klara kar\u015f\u0131 m&uuml;&rsquo;minleri uyarmaktad\u0131r.<\/span><\/p>\n<p style=\"margin-bottom: 0cm; text-align: justify; text-indent: 1cm; line-height: 16pt;\"><strong><span style=\"font-size: 14pt; font-family: 'Arial', sans-serif;\">Reyhan&icirc;ler (\u0130zmir)<\/span><\/strong><\/p>\n<p style=\"margin-bottom: 0cm; text-align: justify; text-indent: 1cm; line-height: 16pt;\"><span style=\"font-size: 12pt; font-family: 'Arial', sans-serif;\">Nak\u015fibend&icirc; Halidi Kolu Erzincan \u015eubesi&rsquo;nin devam\u0131d\u0131r. &Ouml;nceki &uuml;stadlar\u0131 ve alt\u0131n silsilenin 38. halkas\u0131 say\u0131lan <\/span><strong><span style=\"font-size: 14pt; font-family: 'Arial', sans-serif;\">Abdurrahim Reyhan Erzincan&#8217;i<\/span><\/strong><span style=\"font-size: 12pt; font-family: 'Arial', sans-serif;\"> Hazretlerinin isminden dolay\u0131 Reyhaniler olarak da adland\u0131r\u0131l\u0131r. Abdurrahim Reyhan&icirc; Hazretleri Atasay kuyumculu\u011fun sahibi olan \u015fahs\u0131n ba\u015far\u0131lar\u0131n\u0131n manevi destek&ccedil;isi oldu\u011fu bilinen zatt\u0131r. Rahmetli Erbakan Hoca ile Alparslan T&uuml;rke\u015f&#8217;in se&ccedil;im ittifak\u0131 yapmas\u0131 i&ccedil;in dua ve temennide bulunmu\u015flard\u0131r. \u015eu anki \u015eeyhi 1960 do\u011fumlu olan H&uuml;seyin Avni Reyhan&icirc; Efendi olmaktad\u0131r. Tarikat\u0131n mensubu say\u0131s\u0131n\u0131n &ccedil;ok fazla oldu\u011fu s&ouml;ylense de T&uuml;rkiye&#8217;deki di\u011fer tarikatlar kadar me\u015fhur olmam\u0131\u015ft\u0131r. G&ouml;steri\u015f ve reklamdan ho\u015flanmayan bir cemaattir. Mensuplar\u0131n\u0131n bir&ccedil;o\u011fu Ordu mensubu oldu\u011fu ve B&uuml;rokraside Etkin kademelerde bulundu\u011fu iddialar\u0131 yayg\u0131nd\u0131r. Eski Ba\u015fbakan Davuto\u011flu ve mevcut Ba\u015fbakan Binali Y\u0131ld\u0131r\u0131m Tekke&#8217;nin ziyaretine gelenler aras\u0131ndad\u0131r. Binali Y\u0131ld\u0131r\u0131m&#8217;\u0131n karde\u015fleri ve e\u015fi de bu tarikat\u0131n ba\u011fl\u0131lar\u0131 oldu\u011fu konu\u015fulmaktad\u0131r. \u015eeyh Efendi&#8217;nin 15 Temmuz&#8217;da t&uuml;m mensuplar\u0131n\u0131 meydanlara y&ouml;nlendirdi\u011fi anlat\u0131lmaktad\u0131r. Ge&ccedil;ici iktidar cazibesine kap\u0131l\u0131p, \u015feriat ve tarikat\u0131n temel ama&ccedil;lar\u0131ndan uzakla\u015fma tehlikesine dikkat edilirse, &ccedil;ok kal\u0131c\u0131 ve kapsay\u0131c\u0131 hizmetlere vesile olunacakt\u0131r. <\/span><\/p>\n<p style=\"margin-bottom: 0cm; text-align: justify; text-indent: 1cm; line-height: 16pt;\"><strong><span style=\"font-size: 14pt; font-family: 'Arial', sans-serif;\">Erenk&ouml;y Cemaati (\u0130stanbul-Konya-Ankara)<\/span><\/strong><\/p>\n<p style=\"margin-bottom: 0cm; text-align: justify; text-indent: 1cm; line-height: 16pt;\"><span style=\"font-size: 12pt; font-family: 'Arial', sans-serif;\">K&ouml;kleri Kelami Derg&acirc;h\u0131&rsquo;na ve \u015feyhi Erbilli Mehmet Esat&rsquo;a dayanmaktad\u0131r. Rahmetullah Mehmet Esat Efendi, tekkeler kapat\u0131l\u0131nca Erbil&rsquo;deki arazilerini sat\u0131p, \u0130stanbul&rsquo;a ta\u015f\u0131nm\u0131\u015f, Erenk&ouml;y&rsquo;de bir k&ouml;\u015fk al\u0131p, cemaatin temellerini atm\u0131\u015ft\u0131r. Menemen Ayaklanmas\u0131&rsquo;na kar\u0131\u015ft\u0131\u011f\u0131 itham\u0131yla, haks\u0131z ve dayanaks\u0131z iddialarla g&ouml;zalt\u0131ndayken rahats\u0131zlan\u0131p bu fani ve fena d&uuml;nyadan ayr\u0131lm\u0131\u015ft\u0131r. Erenk&ouml;y Cemaati, Mehmet Esat&rsquo;\u0131n halifesi Mahmud Sami Ramazano\u011flu&rsquo;nca yap\u0131land\u0131r\u0131lm\u0131\u015ft\u0131r. Nak\u015fibend&icirc; gelene\u011fi i&ccedil;inde, esnaf ve i\u015fadamlar\u0131n\u0131n kolu olarak tan\u0131n\u0131r. Sami Ramazano\u011flu Hocaefendinin ard\u0131ndan cemaatin dini sorumlulu\u011funu Rahmetli Musa Topba\u015f alm\u0131\u015ft\u0131r. Onun &ouml;l&uuml;m&uuml;yle yerine o\u011flu atanm\u0131\u015ft\u0131r. Zaten Sami Efendiden sonra Konya&rsquo;da ya\u015fayan Tahir B&uuml;y&uuml;kk&ouml;r&uuml;k&ccedil;&uuml; de &ouml;ne &ccedil;\u0131km\u0131\u015ft\u0131. \u015eeyh postuna Tahir B&uuml;y&uuml;kk&ouml;r&uuml;k&ccedil;&uuml; Hocan\u0131n oturdu\u011funa inananlar vard\u0131r. Erenk&ouml;y Cemaati&rsquo;nin Ankara &ouml;rg&uuml;tlenmesini ise Muradiye Vakf\u0131 y&uuml;r&uuml;t&uuml;yor durumdad\u0131r.<\/span><\/p>\n<p style=\"margin-bottom: 0cm; text-align: justify; text-indent: 1cm; line-height: 16pt;\"><strong><span style=\"font-size: 14pt; font-family: 'Arial', sans-serif;\">\u0130skenderpa\u015fa Cemaati (\u0130stanbul-Ankara)<\/span><\/strong><\/p>\n<p style=\"margin-bottom: 0cm; text-align: justify; text-indent: 1cm; line-height: 16pt;\"><strong><span style=\"font-size: 12pt; font-family: 'Arial', sans-serif;\">Ge&ccedil;mi\u015fi 1800&rsquo;l&uuml; y\u0131llara, Ahmed Ziya&uuml;ddin G&uuml;m&uuml;\u015fhanevi&rsquo;ne uzanmaktad\u0131r. Rahmetullah Mehmet Zahit Kotku Hz.leri \u015feyhlik postuna oturduktan sonra, g&ouml;rev yapt\u0131\u011f\u0131 \u0130skenderpa\u015fa Camii tarikat\u0131 olarak an\u0131lm\u0131\u015ft\u0131r. Bu zat\u0131n &ouml;l&uuml;m&uuml;nden sonra liderli\u011fe ge&ccedil;en damad\u0131 Prof. Esad Co\u015fan da 2001 \u015eubat&rsquo;\u0131nda Avustralya&rsquo;da trafik kazas\u0131nda &ouml;l&uuml;nce Post o\u011flu Nurettin Co\u015fan&rsquo;a kalm\u0131\u015ft\u0131r. Esat Co\u015fan, tarikat\u0131 kurdu\u011fu vak\u0131flar sayesinde yayg\u0131nla\u015ft\u0131rm\u0131\u015ft\u0131r. Bunlar\u0131n en etkini Hakyol Vakf\u0131d\u0131r. \u0130lim K&uuml;lt&uuml;r ve Sanat Vakf\u0131 ile Sa\u011fl\u0131k Vakf\u0131 da bunlar aras\u0131ndad\u0131r. &#8220;Han\u0131m Dernekleri&#8221;yle kad\u0131n &ouml;rg&uuml;tlenmesine de el at\u0131lm\u0131\u015ft\u0131r. \u015eu andaki lider Nurettin Co\u015fan ise, New York&rsquo;ta i\u015fletme &ouml;\u011frenimi alm\u0131\u015f, Babas\u0131n\u0131n iste\u011fiyle 1996&rsquo;da aile \u015firketi Server Holding&rsquo;in y&ouml;neticili\u011fine atanm\u0131\u015ft\u0131r. Ticari faaliyetleri ve seyahatleri, hatta adaba ve ahl&acirc;ka ayk\u0131r\u0131 hareketleri nedeniyle liderlik g&ouml;revini yerine getiremedi\u011fini s&ouml;yleyen bir grubun muhalefet ba\u015flatt\u0131\u011f\u0131 ve tarikattan koptu\u011fu anla\u015f\u0131lm\u0131\u015ft\u0131r. Siyasetin bir&ccedil;ok &ouml;nemli isminin cemaatle g&ouml;n&uuml;l ba\u011f\u0131 vard\u0131r. Eski Cumhurba\u015fkan\u0131 Turgut &Ouml;zal, E. Ba\u015fbakan Recep Tayyip Erdo\u011fan, Korkut &Ouml;zal, E. Maliye Bakan\u0131 Kemal Unak\u0131tan bunlardand\u0131r. Esat Co\u015fan&rsquo;\u0131n Erbakan Hoca&rsquo;ya muhalefeti tamamen nefsi hesaplara dayanmaktad\u0131r. \u0130skenderpa\u015fa Tarikat\u0131&rsquo;n\u0131n bir de siyasi partisi vard\u0131r: &#8220;Sa\u011fduyu Partisi.&#8221; Recep Tayyip Erdo\u011fan&rsquo;\u0131n, 3 Kas\u0131m 2002 Se&ccedil;imleri sonras\u0131ndaki ilk Cuma namaz\u0131n\u0131 Ankara&rsquo;n\u0131n Dikmen semtindeki Mehmet Zahid Kotku Camii&rsquo;nde k\u0131lmas\u0131 bu g&ouml;n&uuml;l ba\u011f\u0131n\u0131n sembolik i\u015fareti olarak alg\u0131lanm\u0131\u015ft\u0131r. \u015eeyhli\u011fin babadan o\u011fula ge&ccedil;en bir \u015eAH&rsquo;l\u0131k kurumuna d&ouml;n&uuml;\u015fm&uuml;\u015f olmas\u0131, icazet ve liyakat &ouml;l&ccedil;&uuml;s&uuml;ne uyulmamas\u0131; manevi tamirat ve tahkimat ocaklar\u0131 olan tarikatlar\u0131, maalesef <\/span><\/strong><strong><em><span style=\"font-size: 14pt; font-family: 'Arial', sans-serif;\">tahribat yuvalar\u0131na<\/span><\/em><\/strong><strong><span style=\"font-size: 12pt; font-family: 'Arial', sans-serif;\"> &ccedil;evirmeye ba\u015flam\u0131\u015ft\u0131r.<\/span><\/strong><\/p>\n<p style=\"margin-bottom: 0cm; text-align: justify; text-indent: 1cm; line-height: 16pt;\"><strong><span style=\"font-size: 14pt; font-family: 'Arial', sans-serif;\">Galibiler (Ankara- Antalya)<\/span><\/strong><\/p>\n<p style=\"margin-bottom: 0cm; text-align: justify; text-indent: 1cm; line-height: 16pt;\"><span style=\"font-size: 12pt; font-family: 'Arial', sans-serif;\">Kadiri-Rufai tarikat gelene\u011finden gelen cemaatler aras\u0131nda tarikatl\u0131\u011f\u0131n\u0131 ilan eden tek kol konumundad\u0131r. \u015eeyhleri Hac\u0131 Galip Hasan Ku\u015f&ccedil;uo\u011flu Efendi olup zikirde \u015fi\u015f &ccedil;ekmeleriyle tan\u0131nm\u0131\u015ft\u0131r. Her per\u015fembe ak\u015fam\u0131 Ankara&rsquo;n\u0131n H&uuml;seyingazi semtindeki Tevhid Camii&rsquo;nde yapt\u0131klar\u0131 zikre y&uuml;zlerce ki\u015fi kat\u0131lmaktad\u0131r. M&uuml;ritlerin &ccedil;o\u011fu &ccedil;evredeki sitelerin esnaf\u0131d\u0131r. \u015eeyh Ku\u015f&ccedil;uo\u011flu kendisini \u015f&ouml;yle tan\u0131mlamaktad\u0131r: <strong><em>&#8220;Mezhep olarak Hanefi; me\u015frep olarak Alevi; yol olarak Kadiri-Rufai Galibiyiz.&#8221;<\/em><\/strong> Faaliyetleri, \u015feyhin ad\u0131n\u0131 ta\u015f\u0131yan e\u011fitim vakf\u0131 kanal\u0131yla y&uuml;r&uuml;t&uuml;lmekte olup Cemaatin Antalya&rsquo;da da faaliyetleri vard\u0131r.<\/span><\/p>\n<p style=\"margin-bottom: 0cm; text-align: justify; text-indent: 1cm; line-height: 16pt;\"><strong><span style=\"font-size: 14pt; font-family: 'Arial', sans-serif;\">Halveti tarikat\u0131n\u0131n \u015eabaniye Kolu (K&uuml;tahya)<\/span><\/strong><\/p>\n<p style=\"margin-bottom: 0cm; text-align: justify; text-indent: 1cm; line-height: 16pt;\"><strong><span style=\"font-size: 12pt; font-family: 'Arial', sans-serif;\">\u015eu anda \u015eeyhlik postunda Mehmet Dumlu Efendi oturmaktad\u0131r. T&uuml;rkiye&rsquo;nin en aktif Halveti tarikat\u0131 olarak tan\u0131n\u0131r. D&uuml;zenli yapt\u0131klar\u0131 zikir t&ouml;renlerine kad\u0131n ve erke\u011fin bir arada kat\u0131lmas\u0131yla g&uuml;ndeme ta\u015f\u0131nm\u0131\u015ft\u0131r. K&uuml;tahya merkezli cemaatin zikir t&ouml;renlerine \u0130stanbul&rsquo;un yan\u0131 s\u0131ra, Bursa, U\u015fak, Eski\u015fehir, Ankara ve Afyon&rsquo;dan da geni\u015f kat\u0131l\u0131mlar olmaktad\u0131r.<\/span><\/strong><\/p>\n<p style=\"margin-bottom: 0cm; text-align: justify; text-indent: 1cm; line-height: 16pt;\"><strong><span style=\"font-size: 14pt; font-family: 'Arial', sans-serif;\">U\u015f\u015fakiler (\u0130stanbul-Ankara-&Ccedil;orum-Bolu) <\/span><\/strong><\/p>\n<p style=\"margin-bottom: 0cm; text-align: justify; text-indent: 1cm; line-height: 16pt;\"><span style=\"font-size: 12pt; font-family: 'Arial', sans-serif;\">Halveti Tarikat\u0131&rsquo;n\u0131n bir kolu U\u015f\u015fakiye ba\u011fl\u0131lar\u0131d\u0131r. Merkezi \u0130stanbul Kas\u0131mpa\u015fa&rsquo;d\u0131r. Kurucusu Pir H&uuml;sameddin&rsquo;in t&uuml;rbesi de bu semtteki ayn\u0131 isimli camide bulunmaktad\u0131r. Tarikat\u0131 kamuoyuyla tan\u0131\u015ft\u0131ran isim \u0130brahim \u0130pek olmu\u015flard\u0131r. Uzun y\u0131llar sessiz faaliyet g&ouml;steren tarikat onunla birlikte &uuml;n kazanm\u0131\u015f <\/span><strong><span style=\"font-size: 14pt; font-family: 'Arial', sans-serif;\">\u0130pek Yolu<\/span><\/strong><span style=\"font-size: 12pt; font-family: 'Arial', sans-serif;\"> adl\u0131 yeni bir cemaat olu\u015fturmu\u015flard\u0131r. \u0130pek&rsquo;in 2000 y\u0131l\u0131nda &ouml;l&uuml;m&uuml;n&uuml;n ard\u0131ndan posta 44 ya\u015f\u0131ndaki eski milli g&uuml;re\u015f&ccedil;i Fatih Nurullah oturmu\u015flard\u0131r. Nurullah tarikat\u0131n etkinli\u011fini art\u0131rmak i&ccedil;in herkese a&ccedil;\u0131k kutlamalar, toplant\u0131lar d&uuml;zenleyip zikirlerini tarikat &uuml;yesi olmayanlara da a&ccedil;m\u0131\u015flard\u0131r. Tarikat\u0131n Kas\u0131mpa\u015fa&rsquo;daki merkezi her sene Bolu&rsquo;da ve &Ccedil;orum&rsquo;da d&uuml;zenledi\u011fi &#8220;Devran&#8221; adl\u0131 zikir t&ouml;renleriyle tan\u0131nm\u0131\u015ft\u0131r. <\/span><span style=\"font-size: 12pt; font-family: 'Arial', sans-serif;\">O sene Bolu&rsquo;daki son devrana 2 bin ki\u015fi kat\u0131lm\u0131\u015ft\u0131. (Bu tarikat ve uydurma \u015feyhi hakk\u0131nda ilim ve hikmet &ccedil;evrelerinde olumsuz yorumlar yap\u0131lmakta ve k&ouml;t&uuml; kokular yay\u0131lmaktayd\u0131!)<\/span><\/p>\n<p style=\"margin-bottom: 0cm; text-align: justify; text-indent: 1cm; line-height: 16pt;\"><strong><span style=\"font-size: 14pt; font-family: 'Arial', sans-serif;\">Kadiri Muhammediye (\u0130stanbul-Kayseri-D&uuml;zce-Ankara)<\/span><\/strong><\/p>\n<p style=\"margin-bottom: 0cm; text-align: justify; text-indent: 1cm; line-height: 16pt;\"><strong><span style=\"font-size: 12pt; font-family: 'Arial', sans-serif;\">Kadiri tarikat\u0131 k&ouml;kenli Muhammediye kolu \u0130stanbul, Ankara, Kayseri ve D&uuml;zce&rsquo;de etkin bulunmaktad\u0131r. Lideri \u015eeyh Seyyid lakab\u0131n\u0131 kullanan Muhammed Ustao\u011flu Hocad\u0131r. 1987&rsquo;de imaml\u0131ktan emekliye ayr\u0131lan Ustao\u011flu, \u0130stanbul&rsquo;da ya\u015famaktad\u0131r. Kendisinden sonra yerine ge&ccedil;mesine kesin g&ouml;z&uuml;yle bak\u0131lan o\u011flu Muhittin Ustao\u011flu da Diyanet \u0130\u015fleri&rsquo;nde g&ouml;revli olup, D&uuml;zce&rsquo;de imaml\u0131k yapmaktad\u0131r. Cemaatin Kayseri vekili Muammer E. Almanya vekili \u015e&uuml;kr&uuml; Oral&rsquo;d\u0131r. Muhammediye, tarikat \u015feceresini Kadiri tarikat\u0131n\u0131n kurucusu Abd&uuml;lkadir Geylani&rsquo;ye dayand\u0131rmakla birlikte kendisini Nak\u015fibend&icirc; ve Mevlevi gelene\u011finin de par&ccedil;as\u0131 saymaktad\u0131r. Zikir t&ouml;renlerinde zaman zaman yakla\u015f\u0131k bin ki\u015fi bulu\u015fturmaktad\u0131r.<\/span><\/strong><\/p>\n<p style=\"margin-bottom: 0cm; text-align: justify; text-indent: 1cm; line-height: 16pt;\"><strong><span style=\"font-size: 14pt; font-family: 'Arial', sans-serif;\">Melamiler (\u0130zmir-Manisa-Ayd\u0131n)<\/span><\/strong><\/p>\n<p style=\"margin-bottom: 0cm; text-align: justify; text-indent: 1cm; line-height: 16pt;\"><span style=\"font-size: 12pt; font-family: 'Arial', sans-serif;\">Melami Tarikat\u0131&rsquo;n\u0131n kamuoyu &ouml;n&uuml;ne &ccedil;\u0131kan en &ouml;nemli ismi Ahmet Arslan&rsquo;d\u0131r. Emekli astsubay olan Arslan, \u015eeyh Hasan &Ouml;zlem&rsquo;in 1996&rsquo;da &ouml;l&uuml;m&uuml;n&uuml;n ard\u0131ndan posta oturmu\u015flard\u0131r. Arslan halen, Manisa&rsquo;n\u0131n Salihli il&ccedil;esinde ya\u015famaktad\u0131r. Cemaatin Ayd\u0131n, Adana, U\u015fak ve \u0130zmir&rsquo;de ve Elaz\u0131\u011f&rsquo;da da m&uuml;rit gruplar\u0131 bulunmaktad\u0131r. Tarikat\u0131n di\u011fer &ouml;nemli ismi Davud Y\u0131lmaz ise \u0130zmir&rsquo;de oturmakta ve k&uuml;&ccedil;&uuml;k bir cemaati kontrol&uuml;nde tutmaktad\u0131r. \u0130stanbul&rsquo;da da takip&ccedil;ileri vard\u0131r. &#8220;\u0130badet gizli, g&ouml;steri\u015fsiz olmal\u0131&#8221; yakla\u015f\u0131m\u0131n\u0131 savunan Melamiler genellikle ev toplant\u0131lar\u0131nda bir araya toplanmaktad\u0131r.<\/span><\/p>\n<p style=\"margin-bottom: 0cm; text-align: justify; text-indent: 1cm; line-height: 16pt;\"><strong><span style=\"font-size: 14pt; font-family: 'Arial', sans-serif;\">I\u015f\u0131k&ccedil;\u0131lar (\u0130stanbul)<\/span><\/strong><\/p>\n<p style=\"margin-bottom: 0cm; text-align: justify; text-indent: 1cm; line-height: 16pt;\"><strong><span style=\"font-size: 12pt; font-family: 'Arial', sans-serif;\">Seyyit Abd&uuml;lhakim Arvasi Hazretlerine ba\u011fl\u0131 E. Albay H&uuml;seyin Hilmi I\u015f\u0131k&rsquo;\u0131n kurdu\u011fu bu cemaat g&uuml;n&uuml;m&uuml;zde \u0130hl&acirc;s Holding \u015femsiyesi alt\u0131ndad\u0131r. Cemaatin lideri Enver &Ouml;ren&rsquo;in baz\u0131 istismar ve suistimal olaylar\u0131na kar\u0131\u015fmas\u0131 ve \u0130hl&acirc;s Finans&rsquo;a el konulmas\u0131 cemaatin g&uuml;&ccedil; kaybetmesine yol a&ccedil;m\u0131\u015ft\u0131r. Ve zaten denetim ve disiplin d\u0131\u015f\u0131 her olu\u015fumda b&ouml;ylesi eksen ve istikamet kaymalar\u0131 ka&ccedil;\u0131n\u0131lmazd\u0131r.<\/span><\/strong><\/p>\n<p style=\"margin-bottom: 0cm; text-align: justify; text-indent: 1cm; line-height: 16pt;\"><strong><span style=\"font-size: 14pt; font-family: 'Arial', sans-serif;\">Hazneviler (Hatay-Gaziantep-\u015eanl\u0131urfa-Kilis-Mardin-Batman) <\/span><\/strong><\/p>\n<p style=\"margin-bottom: 0cm; text-align: justify; text-indent: 1cm; line-height: 16pt;\"><span style=\"font-size: 12pt; font-family: 'Arial', sans-serif;\">T&uuml;rkiye K&uuml;rtleri aras\u0131nda en g&uuml;&ccedil;l&uuml; Nak\u015fibend&icirc; cemaatlerinden biri say\u0131l\u0131r. Merkezi Suriye&rsquo;de bulunmaktad\u0131r. Hatay, Gaziantep, \u015eanl\u0131urfa, Mardin ve Batman&rsquo;da &ouml;rg&uuml;tl&uuml; konumundad\u0131r. Cemaatin \u015feyhi Muhammed Haznevi Hazretleri y\u0131lda en az bir kez T&uuml;rkiye&rsquo;ye gelip, zikir ve sohbet t&ouml;renlerine kat\u0131lm\u0131\u015flard\u0131r. &Ouml;ld&uuml;\u011f&uuml;nde, binlerce T&uuml;rk m&uuml;ridinin cenaze t&ouml;reni i&ccedil;in Suriye&rsquo;ye ge&ccedil;mek istemesi haber b&uuml;ltenlerine ta\u015f\u0131nm\u0131\u015ft\u0131. \u015eu anda \u015eeyhli\u011fi Muhammed Haznevi&rsquo;nin o\u011flu Muhammed Muta Haznevi &uuml;stlenmi\u015f durumdad\u0131r.<\/span><\/p>\n<p style=\"margin-bottom: 0cm; text-align: justify; text-indent: 1cm; line-height: 16pt;\"><strong><span style=\"font-size: 14pt; font-family: 'Arial', sans-serif;\">Tillocular (Siirt-Ankara-\u0130stanbul-Elaz\u0131\u011f)<\/span><\/strong><\/p>\n<p style=\"margin-bottom: 0cm; text-align: justify; text-indent: 1cm; line-height: 16pt;\"><strong><span style=\"font-size: 12pt; font-family: 'Arial', sans-serif;\">Kurucular\u0131 Sultan Memduh Hazretleri&rsquo;nin t&uuml;rbesinin bulundu\u011fu Siirt&rsquo;in Tillo beldesi bunlar\u0131n manevi merkezleri konumundad\u0131r. S&uuml;ryanice &#8220;Y&uuml;ksek Ruh&#8221; anlam\u0131na gelen <\/span><\/strong><strong><span style=\"font-size: 14pt; font-family: 'Arial', sans-serif;\">Tillo gelene\u011fi<\/span><\/strong><strong><span style=\"font-size: 12pt; font-family: 'Arial', sans-serif;\"> Kadiri Tarikat\u0131&rsquo;n\u0131n en g&uuml;&ccedil;l&uuml; kollar\u0131ndand\u0131r. Siyasete mesafeli durmalar\u0131, \u015feriat esaslar\u0131na ba\u011fl\u0131 kalmalar\u0131 ve her t&uuml;rl&uuml; reklam ve riyak&acirc;rl\u0131\u011fa kar\u015f\u0131 olmalar\u0131 sayg\u0131 duyulacak tav\u0131rlard\u0131r. <\/span><\/strong><\/p>\n<p style=\"margin-bottom: 0cm; text-align: justify; text-indent: 1cm; line-height: 16pt;\"><strong><span style=\"font-size: 14pt; font-family: 'Arial', sans-serif;\">Cerrahiler (\u0130stanbul-Bursa) <\/span><\/strong><\/p>\n<p style=\"margin-bottom: 0cm; text-align: justify; text-indent: 1cm; line-height: 16pt;\"><span style=\"font-size: 12pt; font-family: 'Arial', sans-serif;\">Halveti tarikat\u0131na dayanmakta olup derg&acirc;hlar\u0131, \u0130stanbul&rsquo;da Fatih-Karag&uuml;mr&uuml;k&rsquo;teki Keth&uuml;da Canfeda Hatun Camii biti\u015fi\u011finde bulunmaktad\u0131r. Tarikat\u0131n toplant\u0131lar\u0131nda, &ldquo;tasavvuf k&uuml;lt&uuml;r&uuml;&rdquo; soslu, m&uuml;zik ve magazin sohbetleri d\u0131\u015f\u0131nda hi&ccedil;bir \u015fey konu\u015fulmamaktad\u0131r. M&uuml;ritleri aras\u0131nda &ccedil;ok say\u0131da tan\u0131nm\u0131\u015f ses sanat&ccedil;\u0131s\u0131 vard\u0131r. Tarikat\u0131n Tophane&rsquo;deki Kadiriler yoku\u015fundaki Tekke&rsquo;sinde d&uuml;zenlenen zikir t&ouml;renleri neredeyse turistikle\u015fmi\u015f durumdad\u0131r. Kadirhane&rsquo;nin \u015feyhi Ahmet Misbah Erkmenkul 2014 y\u0131l\u0131nda &ouml;l&uuml;nce yerine Ahmet Tu\u011frul \u0130nan&ccedil;er&rsquo;in ge&ccedil;ti\u011fi konu\u015fulmaktad\u0131r. Ses ve sinema sanat&ccedil;\u0131lar\u0131ndan Ahmet &Ouml;zhan, me\u015fhur Sabateist Cem Y\u0131lmaz, Mazhar Alanson, Ali Taran (&Ouml;zbekler tekkesi \u015feyhlerinden. Aytun&ccedil; Alt\u0131ndal&rsquo;\u0131n &lsquo;G&uuml;l-Ha&ccedil; Karde\u015fli\u011fi&rsquo; isimli \u0130llumunati Tarikat\u0131 mensubu oldu\u011funu s&ouml;yledi\u011fi Ata Efendi&rsquo;nin torunu) Cerrahi tekkesinin me\u015fhur mensuplar\u0131ndan baz\u0131lar\u0131d\u0131r. Ayr\u0131ca<strong> Cumhurba\u015fkan\u0131 R. Tayyip Erdo\u011fan&rsquo;\u0131n o\u011flu Bilal Erdo\u011fan&rsquo;\u0131n e\u015fi Reyhan Han\u0131m\u0131n day\u0131s\u0131 Fatih &Ccedil;\u0131tlak da bu tarikat\u0131n &ouml;nde gelen isimleri aras\u0131ndad\u0131r. Celvetiye tarikat\u0131na ba\u011fl\u0131 \u0130smail Hakk\u0131 Bursevi taraf\u0131ndan kurulan Hakk\u0131ye kolunun m&uuml;ritleri ise en &ccedil;ok Bursa&rsquo;da ya\u015famaktad\u0131r ve kurucular\u0131n\u0131n ad\u0131n\u0131 ta\u015f\u0131yan bir vak\u0131flar\u0131 vard\u0131r.<\/strong><\/span><\/p>\n<p style=\"margin-bottom: 0cm; text-align: justify; text-indent: 1cm; line-height: 16pt;\"><strong><span style=\"font-size: 14pt; font-family: 'Arial', sans-serif;\">&Uuml;lkemizdeki Ba\u015fl\u0131ca Cemaatler ve hizmet sahalar\u0131<\/span><\/strong><\/p>\n<p style=\"margin-bottom: 0cm; text-align: justify; text-indent: 1cm; line-height: 16pt;\"><strong><span style=\"font-size: 14pt; font-family: 'Arial', sans-serif;\">Nurcular<\/span><\/strong><\/p>\n<p style=\"margin-bottom: 0cm; text-align: justify; text-indent: 1cm; line-height: 16pt;\"><span style=\"font-size: 12pt; font-family: 'Arial', sans-serif;\">Bedi&uuml;zzaman Said Nurs&icirc; Hazretleri, 1876&#8217;da Bitlis vilayetine ba\u011fl\u0131 Hizan il&ccedil;esi Nurs k&ouml;y&uuml;nde do\u011fmu\u015flard\u0131. &Ccedil;ocuklu\u011funda &ccedil;evresindeki medreselerde &ccedil;ok k\u0131sa aral\u0131klarla e\u011fitim ald\u0131. Kendisinde g&ouml;r&uuml;len harikulade zek&acirc; ve haf\u0131za sebebiyle, &ouml;nceleri Molla Said-i Me\u015fhur diye tan\u0131nd\u0131. Daha sonra &#8220;zaman\u0131n harikas\u0131&#8221; anlam\u0131nda &#8220;Bedi&uuml;zzaman&#8221; unvan\u0131yla an\u0131lmaya ba\u015flad\u0131. Talebelik y\u0131llar\u0131nda temel \u0130slam&icirc; ilimlerle ilgili pek &ccedil;ok kitab\u0131 ezberine ald\u0131. Her gece bunlardan birini tekrarlard\u0131. Bu tekrarlar O&#8217;nu, Kur&#8217;an &acirc;yetlerini derinlemesine anlamas\u0131na birer basamak oldu ve her bir Kur&#8217;an &acirc;yetinin b&uuml;t&uuml;n k&acirc;inat\u0131 ihata etti\u011fini kavrad\u0131. I. D&uuml;nya Sava\u015f\u0131 y\u0131llar\u0131nda Do\u011fu Cephesi&#8217;nde g&ouml;n&uuml;ll&uuml; alay komutan\u0131 olarak Ruslara kar\u015f\u0131 sava\u015fa kat\u0131ld\u0131. Bu esnada yaralan\u0131p iki bu&ccedil;uk y\u0131l Rusya&#8217;da esir kald\u0131. 1917&#8217;deki Bol\u015fevik \u0130htilali esnas\u0131ndaki karga\u015fadan yararlan\u0131p Almanya &uuml;zerinden ka&ccedil;t\u0131. D&ouml;n&uuml;\u015fte, Genelkurmay&#8217;\u0131n kontenjan\u0131ndan Osmanl\u0131&#8217;n\u0131n en &uuml;st d&uuml;zey din&icirc; dan\u0131\u015fma merkezi olan D&acirc;r&uuml;&#8217;l-Hikmeti&#8217;l-\u0130slamiyye&#8217;de g&ouml;rev yapt\u0131. \u0130ngilizlerin \u0130stanbul&#8217;u i\u015fgali y\u0131llar\u0131nda onlar\u0131n aleyhinde Hutuvat-\u0131 Sitte ad\u0131yla bir risale yay\u0131nlad\u0131. Anadolu&#8217;da ba\u015flat\u0131lan \u0130stiklal M&uuml;cadelesi&#8217;ne destek &ccedil;\u0131kt\u0131 ve C\u0130HAT hareketi sayd\u0131.<\/span><\/p>\n<p style=\"margin-bottom: 0cm; text-align: justify; text-indent: 1cm; line-height: 16pt;\"><strong><span style=\"font-size: 12pt; font-family: 'Arial', sans-serif;\">1925 y\u0131l\u0131nda Van&#8217;da e\u011fitim faaliyetlerinde bulunurken, o s\u0131rada meydana gelen \u015eeyh Said hareketi sebebiyle, kendisi kat\u0131lmamakla birlikte &ouml;nce Burdur&#8217;a, ard\u0131ndan Isparta ve Barla&#8217;ya s&uuml;rg&uuml;ne yolland\u0131. Burada sekiz y\u0131l kald\u0131. Risale-i Nur isimli eserlerin &ccedil;o\u011fu b&ouml;l&uuml;mlerini burada yazd\u0131. Eserleri ve fikirleri sebebiyle Eski\u015fehir Mahkemesinde yarg\u0131land\u0131. S&uuml;rg&uuml;ne g&ouml;nderildi\u011fi Kastamonu&#8217;da eserleri &uuml;zerinde yo\u011funla\u015ft\u0131. 1943&#8217;te Denizli Mahkemesi&#8217;ne, 1948&#8217;de Afyon Mahkemesi&#8217;ne &ccedil;a\u011fr\u0131ld\u0131, ama mahkemeler beraatla sonu&ccedil;land\u0131. 1950&#8217;de &ccedil;ok partili hayata ge&ccedil;ildi\u011finde dini hak ve h&uuml;rriyetler biraz rahatlay\u0131nca Bedi&uuml;zzaman, bu d&ouml;nemde bulundu\u011fu Emirda\u011f, Isparta ve civar yerlerde Nur Medreseleri a&ccedil;t\u0131rd\u0131 ve eserlerini matbaalarda bast\u0131rd\u0131. Bedi&uuml;zzaman Said Nursi, 23 Mart 1960&#8217;ta Urfa&rsquo;da Hakk&#8217;\u0131n rahmetine ula\u015ft\u0131. 1960 ihtilalinde na\u015f\u0131 oradan &ccedil;\u0131kar\u0131l\u0131p bilinmeyen bir yere ta\u015f\u0131nd\u0131.<\/span><\/strong><\/p>\n<p style=\"margin-bottom: 0cm; text-align: justify; text-indent: 1cm; line-height: 16pt;\"><span style=\"font-size: 12pt; font-family: 'Arial', sans-serif;\">Nurculuk, &ouml;nemli bir \u0130slam &acirc;limi olan Bedi&uuml;zzaman &Uuml;stad\u0131n yazd\u0131\u011f\u0131 Risale-i Nur etraf\u0131nda olu\u015fmu\u015f \u0130slami hareket ve Cemaatin ad\u0131d\u0131r. Nur risalelerini benimseyerek okuyanlara &ldquo;Nurcu&rdquo; denilmi\u015f, bu tabir az da olsa Nurlar\u0131n M&uuml;ellifi&#8217;nce de kullan\u0131lm\u0131\u015ft\u0131r. Risale-i Nur, Bedi&uuml;zzaman Said Nursi Hazretlerinin yazd\u0131\u011f\u0131 baz\u0131 Kur&rsquo;an ayetlerinin orijinal izahlar\u0131d\u0131r. M&uuml;ellif, Kur&rsquo;an-\u0131 Kerim&#8217;i ba\u015ftan sona tefsir etmek niyetiyle &ouml;nce \u0130\u015faratu&rsquo;l-\u0130&rsquo;caz isimli eseri yazm\u0131\u015ft\u0131r. Bu eserde, Fatiha suresini ve Bakara suresinin ilk otuz &uuml;&ccedil; ayetinin s\u0131rayla tefsiri yap\u0131lm\u0131\u015ft\u0131r. Arap&ccedil;a olarak telif olunan bu eser, Kur&#8217;an&#8217;\u0131n nazm\u0131ndaki mucizeli\u011fi g&ouml;stermede \u015faheser bir kitapt\u0131r. M&uuml;ellif, Kur&#8217;an&#8217;\u0131n tamam\u0131n\u0131 bu minval &uuml;zere altm\u0131\u015f-yetmi\u015f cilt olarak tefsir etmeyi d&uuml;\u015f&uuml;n&uuml;rken, geli\u015fen olaylar zinciri onu T&uuml;rk&ccedil;e Nur Risalelerini yazmaya mecbur b\u0131rakm\u0131\u015ft\u0131r. Risale-i Nur, Kur&#8217;an&#8217;\u0131n ba\u015ftan sona ve s\u0131rayla t&uuml;m ayetlerini de\u011fil, &ouml;zellikle imani konulara ve ahl&acirc;ki -i&ccedil;timai sorumluluklara ait 700 kadar ayetin a&ccedil;\u0131klamas\u0131d\u0131r. Risale-i Nur&#8217;da, &ouml;rne\u011fin &ldquo;Namaz nas\u0131l k\u0131l\u0131n\u0131r? Hac nas\u0131l yap\u0131l\u0131r? Orucun farzlar\u0131 ve s&uuml;nnetleri neleri kapsamaktad\u0131r?&rdquo; gibi ilmihal konular\u0131na girilmez. Ama &ldquo;Namaz ni&ccedil;in k\u0131l\u0131n\u0131r? Ni&ccedil;in belli vakitlerde eda edilir?&rdquo; t&uuml;r&uuml;nden sorular\u0131n cevab\u0131, gayet delilli bir \u015fekilde ele al\u0131n\u0131r. Onu okuyan biri, namaz k\u0131lma konusunda ikna olunca, nas\u0131l k\u0131l\u0131naca\u011f\u0131n\u0131 f\u0131k\u0131h kitaplar\u0131ndan &ouml;\u011frenmeye &ccedil;al\u0131\u015f\u0131r. <strong>Yani <\/strong><\/span><strong><em><span style=\"font-size: 14pt; font-family: 'Arial', sans-serif;\">&ldquo;Risale-i Nur, tek ba\u015f\u0131na yeterli say\u0131l\u0131r, ba\u015fka dini eserlere ihtiya&ccedil; b\u0131rakmam\u0131\u015ft\u0131r&rdquo;<\/span><\/em><\/strong><em><span style=\"font-size: 12pt; font-family: 'Arial', sans-serif;\"> <\/span><\/em><strong><span style=\"font-size: 12pt; font-family: 'Arial', sans-serif;\">kanaati temelinden yanl\u0131\u015ft\u0131r ve sakatt\u0131r. Oysa Kur&#8217;an 6666 ayettir, ama Risale-i Nur&#8217;da sadece 700 kadar ayetin izah\u0131 yap\u0131lm\u0131\u015ft\u0131r. O halde geri kalan yakla\u015f\u0131k 6000 ayet, h&acirc;\u015f&acirc; gereksiz ve art\u0131k ge&ccedil;ersiz mi say\u0131lacakt\u0131r? Bu vartaya d&uuml;\u015f&uuml;lmesi nedeniyle, &ouml;zellikle Ehli Kitap olan Yahudi ve Hristiyanlarla m&uuml;nasebet hususunda, Kur&#8217;an&#8217;\u0131n, Resulullah&#8217;\u0131n ve icman\u0131n de\u011fil, Bedi&uuml;zzaman&rsquo;\u0131n \u015fahsi kanaatlerinin &ouml;l&ccedil;&uuml; al\u0131nmas\u0131, sonunda <\/span><\/strong><strong><em><span style=\"font-size: 14pt; font-family: 'Arial', sans-serif;\">&ldquo;\u0130slam&#8217;\u0131n adalet nizam\u0131n\u0131n Hristiyan Avrupa ve Amerika&#8217;n\u0131n himmet ve himayesiyle sa\u011flanaca\u011f\u0131..&rdquo;<\/span><\/em><\/strong><span style=\"font-size: 14pt; font-family: 'Arial', sans-serif;\"> <\/span><strong><span style=\"font-size: 12pt; font-family: 'Arial', sans-serif;\">safsata ve sapk\u0131nl\u0131\u011f\u0131na yol a&ccedil;m\u0131\u015f, Siyonist ve emperyalist odaklar, baz\u0131 Nurcular\u0131 (Fetullah G&uuml;len gibi) ve Risale-i Nur K&uuml;lliyat\u0131&rsquo;n\u0131 kendi sinsi ama&ccedil;lar\u0131 do\u011frultusunda yozla\u015ft\u0131r\u0131p kullanmaya ba\u015flam\u0131\u015ft\u0131r.<\/span><\/strong><\/p>\n<p style=\"margin-bottom: 0cm; text-align: justify; text-indent: 1cm; line-height: 16pt;\"><strong><span style=\"font-size: 14pt; font-family: 'Arial', sans-serif;\">S&uuml;leymanc\u0131lar<\/span><\/strong><\/p>\n<p style=\"margin-bottom: 0cm; text-align: justify; text-indent: 1cm; line-height: 16pt;\"><span style=\"font-size: 12pt; font-family: 'Arial', sans-serif;\">Cemaatin kurucusu S&uuml;leyman Hilmi Tunahan Hazretlerinin soyu Nak\u015fibend&icirc; \u015eeyhi Selahaddin \u0130bni Seracettin&rsquo;e dayanmaktad\u0131r. Zaman\u0131n \u015fartlar\u0131na ve ihtiya&ccedil;lar\u0131na g&ouml;re, kendisi ba\u011f\u0131ms\u0131z bir yol a&ccedil;m\u0131\u015ft\u0131r. Kurdu\u011fu Kur&rsquo;an kurslar\u0131ndan yeti\u015fen &ouml;\u011frenciler, Hocalar\u0131n\u0131n manevi g&ouml;revli oldu\u011funa inanmaktad\u0131r. Ege ve Akdeniz b&ouml;lgelerinde k&ouml;k salan S&uuml;leymanc\u0131lar zamanla t&uuml;m yurda yay\u0131lm\u0131\u015f ve pek &ccedil;ok hay\u0131rl\u0131 hizmetler yapm\u0131\u015flard\u0131r. Faaliyetleri &ldquo;kurs ve okul talebelerine yard\u0131m dernekleri&rdquo; ad\u0131 alt\u0131nda yo\u011funla\u015fm\u0131\u015ft\u0131r. Hakikat&ccedil;i ge&ccedil;inen &Ouml;mer &Ouml;ng&uuml;t gibi baz\u0131 sapk\u0131nlar\u0131n S&uuml;leymanc\u0131lar\u0131 <strong><em>&ldquo;Dinleri S&uuml;leymanc\u0131l\u0131k, imanlar\u0131 para, huylar\u0131 gasp, meslekleri de dilencilik olan bir cemaat&rdquo;<\/em><\/strong> olarak adland\u0131rmas\u0131 bir iftirad\u0131r. T&uuml;rkiye&#8217;nin her ilinde en az bir Kur&#8217;an kursuna sahip cemaatin, kurs ve &ouml;\u011frenci yurtlar\u0131n\u0131n toplam say\u0131s\u0131 1500&rsquo;&uuml; a\u015fm\u0131\u015ft\u0131r. S&uuml;leyman Hilmi Tunahan Hazretleri&#8217;nin &ouml;l&uuml;m&uuml;n&uuml;n ard\u0131ndan cemaat liderli\u011fini damad\u0131 Kemal Ka&ccedil;ar ele alm\u0131\u015f, Onun vefat\u0131 sonras\u0131nda ise, cemaat iki karde\u015f Ahmet Denizolgun ile Beyaz\u0131t Denizolgun&#8217;nun aras\u0131nda payla\u015f\u0131lm\u0131\u015ft\u0131r. S&uuml;leyman Hilmi Tunahan Hazretlerinin ba\u011fl\u0131lar\u0131 T&uuml;rkiye d\u0131\u015f\u0131nda Almanya, Amerika, Bel&ccedil;ika, Hollanda&#8217;da faaliyet yapmaktad\u0131r. S&uuml;leymanc\u0131lar\u0131n ba\u015f\u0131na Ahmet Denizolgun&rsquo;un vefat etmesinden sonra yerine ablas\u0131n\u0131n o\u011flu 1979 do\u011fumlu Alihan Kuri\u015f ge&ccedil;mi\u015f bulunmaktad\u0131r. Bu tarikata g&ouml;n&uuml;l vermi\u015f y&uuml;z binlerce insan vard\u0131r.<\/span><\/p>\n<p style=\"margin-bottom: 0cm; text-align: justify; text-indent: 1cm; line-height: 16pt;\"><strong><span style=\"font-size: 12pt; font-family: 'Arial', sans-serif;\">Osmanl\u0131 Devleti&#8217;nin himayesi alt\u0131nda olan Bulgaristan&#8217;\u0131n Silistre \u015fehrinde do\u011fan S&uuml;leyman Hilmi Tunahan Hazretleri ilkokul ve orta &ouml;\u011fretimini Silistre&rsquo;de tamamlad\u0131ktan sonra, 1907 y\u0131l\u0131nda medrese e\u011fitimi i&ccedil;in \u0130stanbul&#8217;a ta\u015f\u0131nm\u0131\u015ft\u0131r. Bir&ccedil;ok camide g&ouml;rev alm\u0131\u015ft\u0131r ve Nak\u015fibend&icirc;ye tarikat\u0131na ba\u011fl\u0131d\u0131r. Son g&ouml;rev yeri Sultanahmet Camisi olup 16 Eyl&uuml;l 1959, \u0130stanbul&#8217;da Rahmeti Rahmana kavu\u015fmu\u015flard\u0131r. Karacaahmet mezarl\u0131\u011f\u0131nda T&uuml;rbesi bulunmaktad\u0131r. S&uuml;leymanc\u0131 yerine &ldquo;S&uuml;leymanl\u0131&rdquo; denilmesini isteseler de cemaat b&ouml;yle tan\u0131nmaktad\u0131r. Genellikle sessiz ve sakin ki\u015filikleri vard\u0131r. Samimi bir \u015fekilde, hatta a\u015f\u0131r\u0131 derecede Osmanl\u0131 sevgileri bulunmaktad\u0131r. Tahrip&ccedil;i ve tahrik&ccedil;i m&uuml;zik dinlemek yasakt\u0131r. Sa&ccedil; sakal uzatmazlar. Genelde koyu mavi takke takmalar\u0131 ile tan\u0131n\u0131rlar. Asla sigara i&ccedil;memeleri duyarl\u0131 bir tav\u0131rd\u0131r. T&uuml;rkiye&#8217;de hemen her ilde yurtlar\u0131 vard\u0131r. Bu yurtlar Ege ve Trakya b&ouml;lgesinde &ccedil;ok daha yayg\u0131nd\u0131r. T&uuml;rkiye&rsquo;de 900 civar\u0131nda dernek ve bu derneklerce i\u015fletilen 1300 civar\u0131nda yurt ve pansiyon, 20 civar\u0131nda vak\u0131f ve 30&rsquo;un &uuml;zerinde \u015firketleri bulunmaktad\u0131r. Y\u0131l i&ccedil;inde ortalama 100.000 &ouml;\u011frenciye e\u011fitim hizmeti sa\u011flamaktad\u0131r. Yaz\u0131l\u0131 bas\u0131n taraf\u0131nda Gen&ccedil; Akademi Dergisi, Tepe Edebiyat Dergisi, Gen&ccedil; At\u0131l\u0131m Dergisi, G&ouml;kku\u015fa\u011f\u0131 Dergisi, Milli K&uuml;lt&uuml;r Dergisi, Ufuk Dergisi isimli dergileri bulunmaktad\u0131r.<\/span><\/strong><\/p>\n<p style=\"margin-bottom: 0cm; text-align: justify; text-indent: 1cm; line-height: 16pt;\"><strong><span style=\"font-size: 12pt; font-family: 'Arial', sans-serif;\">&Ccedil;ok yayg\u0131n bir cemaat olduklar\u0131ndan ve otokontrol sistemi pek sa\u011flanamad\u0131\u011f\u0131ndan, S&uuml;leymanl\u0131 yap\u0131lanmas\u0131 aras\u0131nda, itikadi ve ahl&acirc;ki konularda a\u015f\u0131r\u0131l\u0131\u011fa ve ayr\u0131mc\u0131l\u0131\u011fa kayan, din istismar\u0131yla makam ve menfaat sa\u011flayan insanlara rastlansa ve bu y&uuml;zden bir tak\u0131m isnat ve ithamlara maruz kal\u0131nsa da, genelde Kur&rsquo;an-\u0131 Kerim&#8217;i, Arap&ccedil;a temel dersleri ve ilmihal bilgileri &ouml;\u011freterek &ccedil;ok gerekli ve &ouml;nemli hizmetler y&uuml;r&uuml;ten bir yap\u0131lanmad\u0131r.<\/span><\/strong><\/p>\n<p style=\"margin-bottom: 0cm; text-align: justify; text-indent: 1cm; line-height: 16pt;\"><strong><span style=\"font-size: 14pt; font-family: 'Arial', sans-serif;\">Ger&ccedil;ek tarikatlar\u0131n sapt\u0131r\u0131lmas\u0131 ve istismar\u0131<\/span><\/strong><\/p>\n<p style=\"margin-bottom: 0cm; text-align: justify; text-indent: 1cm; line-height: 16pt;\"><strong><span style=\"font-size: 14pt; font-family: 'Arial', sans-serif;\">A\u015fa\u011f\u0131daki tespitler olduk&ccedil;a yararl\u0131 ve uyar\u0131c\u0131d\u0131r:<\/span><\/strong><\/p>\n<p style=\"margin-bottom: 0cm; text-align: justify; text-indent: 1cm; line-height: 16pt;\"><strong><span style=\"font-size: 12pt; font-family: 'Arial', sans-serif;\">Tarikatlar Kur&#8217;an ve S&uuml;nnet temelli, ama &ouml;zel-ki\u015fisel ahl&acirc;ki e\u011fitim ve manevi terbiye ak\u0131mlar\u0131d\u0131r. Tarikatlar y&uuml;zy\u0131llar i&ccedil;erisinde &ccedil;ok geni\u015f bir co\u011frafyaya yay\u0131ld\u0131\u011f\u0131ndan <em>Nak\u015fibend&icirc;li\u011fin Halidiye kolunun Sel&ccedil;ukiye \u015fubesi<\/em><\/span><\/strong><span style=\"font-size: 14pt; font-family: 'Arial', sans-serif;\"> <\/span><strong><span style=\"font-size: 12pt; font-family: 'Arial', sans-serif;\">gibi tan\u0131mlar yap\u0131lagelmi\u015ftir. \u0130lk kurulan tarikat Kadirilik, Anadolu&#8217;da kurulan ilk tarikat Babailik, en yayg\u0131n olan\u0131 ise Nak\u015fibendilik&rsquo;tir. Kelime k&ouml;k&uuml; Arap&ccedil;a &ldquo;yol&rdquo; anlam\u0131ndaki tarik kelimesi olan Tarikat; farkl\u0131 d&uuml;\u015f&uuml;ncelere imk&acirc;n verilmesiyle de m&uuml;kemmel olan \u0130slam&#8217;\u0131n, verdi\u011fi bu &ouml;zg&uuml;rl&uuml;k vesilesiyle \u015fekillenmi\u015f ve sistemle\u015fmi\u015ftir. Tarikat temeli \u0130slami de\u011ferlere ba\u011fl\u0131 ki\u015fisel d&uuml;\u015f&uuml;n&uuml;\u015flerden olu\u015ftu\u011fu i&ccedil;in nesnel olmayan bir y&ouml;ntemler prati\u011fi ve ibadet-zikir disiplinidir. Somutla\u015ft\u0131racak olursak bir baban\u0131n &ccedil;ocu\u011funa dinini kendi y&ouml;ntemleriyle anlatmas\u0131yla ayn\u0131 \u015feydir. &Ouml;znel olan tarikatta ba\u011flay\u0131c\u0131l\u0131k (zorunluluk) da &ouml;zneldir, ahl&acirc;k &ouml;\u011fretmeni olan \u015feyhe duyulan ki\u015fisel yak\u0131nl\u0131k ve vefadan ibarettir. Nesnel ba\u011flamda, yani \u0130slam h&uuml;k&uuml;mlerine g&ouml;re ise tarikat\u0131n ba\u011flay\u0131c\u0131l\u0131\u011f\u0131 manevi ve vicdani bir tercihtir. Ki \u0130slam&#8217;a g&ouml;re <\/span><\/strong><strong><span style=\"font-size: 14pt; font-family: 'Arial', sans-serif;\">biat<\/span><\/strong><strong><span style=\"font-size: 12pt; font-family: 'Arial', sans-serif;\">: Hak ve adaleti y&uuml;r&uuml;ten Emir&#8217;e\/Halifeye (yani devlete); bu yoksa Hak ve adaleti h&acirc;kim k\u0131lma m&uuml;cadelesindeki Hak dava emirine kesin farz olan ba\u011fl\u0131l\u0131kt\u0131r. Oysa <\/span><\/strong><strong><span style=\"font-size: 14pt; font-family: 'Arial', sans-serif;\">intisap<\/span><\/strong><strong><span style=\"font-size: 12pt; font-family: 'Arial', sans-serif;\">: Ahl&acirc;k &ouml;\u011fretmeni olan \u015feyhe-tarikata ba\u011fl\u0131l\u0131kt\u0131r ve S&uuml;nnet sevab\u0131 vard\u0131r. <\/span><\/strong><strong><span style=\"font-size: 14pt; font-family: 'Arial', sans-serif;\">\u0130ttiba <\/span><\/strong><strong><span style=\"font-size: 12pt; font-family: 'Arial', sans-serif;\">ise: herhangi bir dini hizmet ak\u0131m\u0131na ba\u011fl\u0131l\u0131kt\u0131r. Dinimizde esas olan; y&ouml;ntemlere saplan\u0131p kalmak yani tarikat\u0131 ta\u011futla\u015ft\u0131rmak veya horlay\u0131p l&uuml;zumsuz saymak de\u011fil; bu y&ouml;ntemlerin as\u0131l hedefi olan Kur&#8217;an ahk&acirc;m\u0131na &#8211; \u0130slam ahl&acirc;k\u0131na; yani genelde adalet nizam\u0131na, &ouml;zelde karakter ve amel olgunlu\u011funa odaklanmakt\u0131r.<\/span><\/strong><\/p>\n<p style=\"margin-bottom: 0cm; text-align: justify; text-indent: 1cm; line-height: 16pt;\"><span style=\"font-size: 12pt; font-family: 'Arial', sans-serif;\">G&uuml;n&uuml;m&uuml;zde maalesef; Siyonistlerin &uuml;retti\u011fi pek &ccedil;ok hurefeyi; Sabataist k&ouml;kenli olmamas\u0131na ra\u011fmen a\u011fz\u0131ndan d&uuml;\u015f&uuml;rmeyen bir s&uuml;r&uuml; hac\u0131-hoca tayfas\u0131 bulunmaktad\u0131r. Bu da Y&uuml;celer Y&uuml;cesi Allah&#8217;\u0131m\u0131z\u0131n haber verdi\u011fi bir ger&ccedil;e\u011fi hat\u0131rlatmaktad\u0131r. Kur&rsquo;an-\u0131 Kerim&#8217;de (Siyonist) Yahudi kelimesi yaln\u0131zca \u0130srailo\u011fullar\u0131na de\u011fil; onlar gibi d&uuml;\u015f&uuml;nen ve ya\u015fayanlara; yani onlarla ayn\u0131 karaktere sahip olanlara dikkat buyurmaktad\u0131r. Yani ki\u015finin organik olarak Sabataist (Kripto Siyonist Yahudi) olup-olmamas\u0131 bir anlam ta\u015f\u0131mamaktad\u0131r. \u0130nsan\u0131n bu d&uuml;nyadaki onurunu ve ahiretteki durumunu onun k&ouml;keni de\u011fil karakteri (d&uuml;\u015f&uuml;nce ve eylemleri) belirlemi\u015f olmaktad\u0131r. Yani \u0130srailiyat sa&ccedil;anlar ile bu sa&ccedil;aklar\u0131 yayanlar; ayn\u0131 kafa ve ayn\u0131 karaktere sahip bulunmaktad\u0131r ve herhalde ahirette de ayn\u0131 yerde olacaklard\u0131r. Yani Y&uuml;ce Allah&#8217;\u0131n Kur&#8217;an&#8217;da lanetledi\u011fi \u0130srail O\u011fullar\u0131n\u0131n ve Yahudi \u0131rk\u0131n\u0131n tamam\u0131 de\u011fil; insanl\u0131\u011f\u0131 s&ouml;m&uuml;r&uuml;p horlayan, \u0131rk&ccedil;\u0131l\u0131\u011f\u0131 ve sapk\u0131nl\u0131\u011f\u0131 kutsayan Siyonist kafa ve k&uuml;lt&uuml;r yap\u0131s\u0131d\u0131r. <\/span><\/p>\n<p style=\"margin-bottom: 0cm; text-align: justify; text-indent: 1cm; line-height: 16pt;\"><strong><span style=\"font-size: 12pt; font-family: 'Arial', sans-serif;\">D&ouml;nmelerin ve hainlerin tarikatlara s\u0131zmas\u0131<\/span><\/strong><\/p>\n<p style=\"margin-bottom: 0cm; text-align: justify; text-indent: 1cm; line-height: 16pt;\"><strong><span style=\"font-size: 12pt; font-family: 'Arial', sans-serif;\">D&ouml;nmeler; (Kripto Siyonist Yahudiler) istihbarat, ekonomi, politika, sanat, spor gibi alanlara s\u0131zma siyasetlerini; &ouml;ncelikle dini gruplara uygulam\u0131\u015flard\u0131r. Tarikatlara s\u0131zma sebepleri \u015funlard\u0131r:<\/span><\/strong><\/p>\n<p style=\"margin-bottom: 0cm; text-align: justify; text-indent: 1cm; line-height: 16pt;\"><strong><span style=\"font-size: 14pt; font-family: 'Arial', sans-serif;\">&bull; <\/span><\/strong><strong><span style=\"font-size: 12pt; font-family: 'Arial', sans-serif;\">\u0130slam&rsquo;\u0131 yozla\u015ft\u0131rmaya &ccedil;al\u0131\u015fmalar\u0131,<\/span><\/strong><\/p>\n<p style=\"margin-bottom: 0cm; text-align: justify; text-indent: 1cm; line-height: 16pt;\"><strong><span style=\"font-size: 14pt; font-family: 'Arial', sans-serif;\">&bull; <\/span><\/strong><strong><span style=\"font-size: 12pt; font-family: 'Arial', sans-serif;\">M&uuml;sl&uuml;manlar\u0131 kontrol alt\u0131na alma\/tutma hesaplar\u0131,<\/span><\/strong><\/p>\n<p style=\"margin-bottom: 0cm; text-align: justify; text-indent: 1cm; line-height: 16pt;\"><strong><span style=\"font-size: 14pt; font-family: 'Arial', sans-serif;\">&bull; <\/span><\/strong><strong><span style=\"font-size: 12pt; font-family: 'Arial', sans-serif;\">Etki alan\u0131 olu\u015fturma (M&uuml;sl&uuml;manlar\u0131 kendi istedikleri hareketlere ve i\u015fbirlik&ccedil;i h&uuml;k&uuml;metlere toplu kanalize etme &ccedil;abalar\u0131), <\/span><\/strong><\/p>\n<p style=\"margin-bottom: 0cm; text-align: justify; text-indent: 1cm; line-height: 16pt;\"><strong><span style=\"font-size: 14pt; font-family: 'Arial', sans-serif;\">&bull; <\/span><\/strong><strong><span style=\"font-size: 12pt; font-family: 'Arial', sans-serif;\">Kendilerine potansiyel bir tehlike arz eden \u0130slami olu\u015fumlar\u0131 hedefinden sapt\u0131rma ama&ccedil;lar\u0131,<\/span><\/strong><\/p>\n<p style=\"margin-bottom: 0cm; text-align: justify; text-indent: 1cm; line-height: 16pt;\"><strong><span style=\"font-size: 14pt; font-family: 'Arial', sans-serif;\">&bull; <\/span><\/strong><strong><span style=\"font-size: 12pt; font-family: 'Arial', sans-serif;\">Gizli ve &ouml;zel bilgiler edinme ihtiya&ccedil;lar\u0131,<\/span><\/strong><\/p>\n<p style=\"margin-bottom: 0cm; text-align: justify; text-indent: 1cm; line-height: 16pt;\"><strong><span style=\"font-size: 14pt; font-family: 'Arial', sans-serif;\">&bull; <\/span><\/strong><strong><span style=\"font-size: 12pt; font-family: 'Arial', sans-serif;\">Di\u011fer maddelere ek olarak, s\u0131z\u0131lan makbul tarikat\u0131 kirleterek g&ouml;zden d&uuml;\u015f&uuml;rme arzular\u0131,<\/span><\/strong><\/p>\n<p style=\"margin-bottom: 0cm; text-align: justify; text-indent: 1cm; line-height: 16pt;\"><strong><span style=\"font-size: 12pt; font-family: 'Arial', sans-serif;\">Genellemeci tenkitler adaletsiz yakla\u015f\u0131mlard\u0131r!<\/span><\/strong><\/p>\n<p style=\"margin-bottom: 0cm; text-align: justify; text-indent: 1cm; line-height: 16pt;\"><span style=\"font-size: 12pt; font-family: 'Arial', sans-serif;\">D&ouml;nmeler ve m&uuml;naf\u0131klar eliyle tarikat-tasavvufa sokulan hurafe ve \u015firklerin ele\u015ftirisi artt\u0131k&ccedil;a; tarikat-tasavvuf kavramlar\u0131n\u0131 yok sayan fikirler de art\u0131\u015f g&ouml;stermektedir. Lakin tarikat-tasavvufa muhalif \u015fah\u0131slar\u0131n tepkisel d&uuml;\u015f&uuml;nceleri hurafecilere nispeten daha tutarl\u0131 g&ouml;r&uuml;nse de sa\u011fduyudan yoksun olduklar\u0131 kesindir. Hurafelere kar\u015f\u0131 insani tepkilerden do\u011fsa da bu genellemeci g&ouml;r&uuml;\u015f de en az hurafeler kadar M&uuml;sl&uuml;man topluma zarar vermektedir. \u0130&ccedil;ine hurafe sokuldu diyerek pek &ccedil;ok yararl\u0131 olguyu bar\u0131nd\u0131ran bu kurumlar\u0131, kavramlar\u0131 reddetmek de elbette adaletsizdir. Kald\u0131 ki en koyu tarikat-tasavvuf kar\u015f\u0131tlar\u0131 bile Geylani, Yunus Emre gibi bilgelerin hakk\u0131n\u0131 vermeden ge&ccedil;ememektedirler. <\/span><\/p>\n<p style=\"margin-bottom: 0cm; text-align: justify; text-indent: 1cm; line-height: 16pt;\"><strong><span style=\"font-size: 14pt; font-family: 'Arial', sans-serif;\">Tarikat ve tasavvuf kavramlar\u0131n\u0131 ve bu manevi hizmet kurumlar\u0131n\u0131 yok saymak;<\/span><\/strong><\/p>\n<p style=\"margin-bottom: 0cm; text-align: justify; text-indent: 1cm; line-height: 16pt;\"><strong><span style=\"font-size: 14pt; font-family: 'Arial', sans-serif;\">&bull; <\/span><\/strong><strong><span style=\"font-size: 12pt; font-family: 'Arial', sans-serif;\">Eski veya mevcut ger&ccedil;ek tarikatlar\u0131n hakk\u0131n\u0131 yemek ve hay\u0131rl\u0131 hizmetlerini yok saymakt\u0131r. <\/span><\/strong><\/p>\n<p style=\"margin-bottom: 0cm; text-align: justify; text-indent: 1cm; line-height: 16pt;\"><strong><span style=\"font-size: 14pt; font-family: 'Arial', sans-serif;\">&bull; <\/span><\/strong><strong><span style=\"font-size: 12pt; font-family: 'Arial', sans-serif;\">Ger&ccedil;ek tasavvufun kazand\u0131rd\u0131\u011f\u0131 pozitif unsurlar\u0131 ve olumlu sonu&ccedil;lar\u0131 ortadan kald\u0131rmakt\u0131r.<\/span><\/strong><\/p>\n<p style=\"margin-bottom: 0cm; text-align: justify; text-indent: 1cm; line-height: 16pt;\"><strong><span style=\"font-size: 14pt; font-family: 'Arial', sans-serif;\">&bull; <\/span><\/strong><strong><span style=\"font-size: 12pt; font-family: 'Arial', sans-serif;\">Hurafecilerin daha da g&uuml;&ccedil;lenmesine sebep olmakt\u0131r.<\/span><\/strong><\/p>\n<p style=\"margin-bottom: 0cm; text-align: justify; text-indent: 1cm; line-height: 16pt;\"><strong><span style=\"font-size: 14pt; font-family: 'Arial', sans-serif;\">&bull; <\/span><\/strong><strong><span style=\"font-size: 12pt; font-family: 'Arial', sans-serif;\">Gelecekteki tahribat ve istismarlara kap\u0131 a&ccedil;makt\u0131r. <\/span><\/strong><\/p>\n<p style=\"margin-bottom: 0cm; text-align: justify; text-indent: 1cm; line-height: 16pt;\"><strong><span style=\"font-size: 14pt; font-family: 'Arial', sans-serif;\">&bull; <\/span><\/strong><strong><span style=\"font-size: 12pt; font-family: 'Arial', sans-serif;\">Ve ana hurafeciler olan Siyonist merkezlere dolayl\u0131 yard\u0131mda bulunmak ve katk\u0131 sa\u011flamakt\u0131r. <\/span><\/strong><\/p>\n<p style=\"margin-bottom: 0cm; text-align: justify; text-indent: 1cm; line-height: 16pt;\"><strong><span style=\"font-size: 12pt; font-family: 'Arial', sans-serif;\">Kald\u0131 ki karaktersizliklerinden &ouml;t&uuml;r&uuml; Kur&#8217;an&#8217;da m&uuml;naf\u0131k olarak nitelendirilip lanetlenen; rezillikleri ile insanlar\u0131 dinden so\u011futan istismarc\u0131 dincilere en b&uuml;y&uuml;k tokat da bu kavramlar\u0131 d&uuml;zeltmekle olacakt\u0131r. Bu kavramlara k&ouml;r&uuml; k&ouml;r&uuml;ne d&uuml;\u015fmanl\u0131k etmek s&ouml;z konusu kesimlerin eline koz vermekten ba\u015fka i\u015fe yaramayacakt\u0131r. <\/span><\/strong><\/p>\n<p style=\"margin-bottom: 0cm; text-align: justify; text-indent: 1cm; line-height: 16pt;\"><strong><span style=\"font-size: 12pt; font-family: 'Arial', sans-serif;\">&nbsp;&nbsp;&nbsp;&nbsp;&nbsp;&nbsp; <\/span><\/strong><\/p>\n<p style=\"margin-bottom: 0cm; text-align: center; line-height: 14.5pt;\"><strong><span style=\"font-size: 14pt; font-family: 'Arial', sans-serif;\">Ger&ccedil;ek Tarikat ve B&acirc;t\u0131l Tarikat farklar\u0131<\/span><\/strong><\/p>\n<p style=\"margin-bottom: 0cm; text-align: center; line-height: 14.5pt;\"><strong><span style=\"font-size: 14pt; font-family: 'Arial', sans-serif;\"><\/span><\/strong><\/p>\n<div style=\"text-align: center;\">\n<table border=\"1\" class=\"TabloKlavuzu2\" style=\"border-collapse: collapse;\" cellspacing=\"0\" cellpadding=\"0\">\n<tbody>\n<tr style=\"height: 31.3pt;\">\n<td style=\"width: 235.1pt; border: 1pt solid black; padding: 0cm 5.4pt; height: 31.3pt;\" valign=\"top\" width=\"313\">\n<p style=\"margin-bottom: 0cm; text-align: center; line-height: 14.5pt;\"><strong><span style=\"font-size: 14pt; font-family: 'Arial', sans-serif;\">Hak Tarikatlar<\/span><\/strong><\/p>\n<p style=\"margin-bottom: 0cm; text-align: center; line-height: 14.5pt;\"><strong><span style=\"font-size: 12pt; font-family: 'Arial', sans-serif;\"><\/span><\/strong><\/p>\n<\/td>\n<td style=\"width: 235.1pt; border-color: black black black currentcolor; border-style: solid solid solid none; border-width: 1pt 1pt 1pt medium; padding: 0cm 5.4pt; height: 31.3pt;\" valign=\"top\" width=\"313\">\n<p style=\"margin-bottom: 0cm; text-align: center; line-height: 14.5pt;\"><strong><span style=\"font-size: 14pt; font-family: 'Arial', sans-serif;\">B&acirc;t\u0131l Tarikatlar<\/span><\/strong><\/p>\n<p style=\"margin-bottom: 0cm; text-align: center; line-height: 14.5pt;\"><strong><span style=\"font-size: 12pt; font-family: 'Arial', sans-serif;\">(\u0130slam&#8217;a zarar veren alternatif din olu\u015fumlar\u0131)<\/span><\/strong><\/p>\n<\/td>\n<\/tr>\n<tr style=\"height: 46.6pt;\">\n<td style=\"width: 235.1pt; border-color: currentcolor black black; border-style: none solid solid; border-width: medium 1pt 1pt; padding: 0cm 5.4pt; height: 46.6pt;\" valign=\"top\" width=\"313\"><span style=\"font-size: 12pt; font-family: 'Arial', sans-serif;\">Tevhid ve ibadet ama&ccedil;l\u0131d\u0131r. Bir olan \u0130lah&rsquo;\u0131 hat\u0131rlatmaya ve O&rsquo;nun r\u0131zas\u0131na ula\u015ft\u0131rmaya y&ouml;nelik vesile ve himmet anlay\u0131\u015f\u0131 esast\u0131r.<\/span><\/td>\n<td style=\"width: 235.1pt; border-color: currentcolor black black currentcolor; border-style: none solid solid none; border-width: medium 1pt 1pt medium; padding: 0cm 5.4pt; height: 46.6pt;\" valign=\"top\" width=\"313\"><span style=\"font-size: 12pt; font-family: 'Arial', sans-serif;\">Vesile ve himmet k\u0131l\u0131fl\u0131 Allah&#8217;\u0131n s\u0131fatlar\u0131n\u0131 \u015feyhlere aktaran gizli bir \u015firk anlay\u0131\u015f\u0131 yayg\u0131nd\u0131r.<\/span><\/td>\n<\/tr>\n<tr style=\"height: 43.95pt;\">\n<td style=\"width: 235.1pt; border-color: currentcolor black black; border-style: none solid solid; border-width: medium 1pt 1pt; padding: 0cm 5.4pt; height: 43.95pt;\" valign=\"top\" width=\"313\"><span style=\"font-size: 12pt; font-family: 'Arial', sans-serif;\">T&ouml;vbe Y&uuml;ce Allah&#8217;a yap\u0131l\u0131r ve affetmek O&rsquo;nun elinde bulunmaktad\u0131r. \u015eeyh &ouml;\u011fretici, &ouml;rnek te\u015fkil edici ve yol g&ouml;sterici makam\u0131ndad\u0131r.<\/span><\/td>\n<td style=\"width: 235.1pt; border-color: currentcolor black black currentcolor; border-style: none solid solid none; border-width: medium 1pt 1pt medium; padding: 0cm 5.4pt; height: 43.95pt;\" valign=\"top\" width=\"313\"><span style=\"font-size: 12pt; font-family: 'Arial', sans-serif;\">T\u0131pk\u0131 kilisedeki gibi \u015feyhten t&ouml;vbe al\u0131n\u0131r. Ayetlerle z\u0131t ve dayanaks\u0131zca rahmetin ve hidayetin \u015feyh kanal\u0131yla gelece\u011fi san\u0131l\u0131r.<\/span><\/td>\n<\/tr>\n<tr style=\"height: 45.45pt;\">\n<td style=\"width: 235.1pt; border-color: currentcolor black black; border-style: none solid solid; border-width: medium 1pt 1pt; padding: 0cm 5.4pt; height: 45.45pt;\" valign=\"top\" width=\"313\"><span style=\"font-size: 12pt; font-family: 'Arial', sans-serif;\">Ger&ccedil;ek zikir; her yerde ve her halde Allah&#8217;\u0131 hat\u0131rlay\u0131p O&rsquo;na s\u0131\u011f\u0131nmak ve sadece O&rsquo;nun r\u0131zas\u0131n\u0131 aramak, O&rsquo;nu O&rsquo;na yara\u015f\u0131r bi&ccedil;imde anmakt\u0131r.<\/span><\/td>\n<td style=\"width: 235.1pt; border-color: currentcolor black black currentcolor; border-style: none solid solid none; border-width: medium 1pt 1pt medium; padding: 0cm 5.4pt; height: 45.45pt;\" valign=\"top\" width=\"313\"><span style=\"font-size: 12pt; font-family: 'Arial', sans-serif;\">Sayg\u0131s\u0131z, hissiyats\u0131z ve \u015fuursuzca yap\u0131lan zikir tekrarlar\u0131na, Y&uuml;ce Allah&#8217;\u0131 b\u0131rak\u0131p \u015feyhi tanr\u0131la\u015ft\u0131rma sapk\u0131nl\u0131klar\u0131na rastlan\u0131r.<\/span><\/td>\n<\/tr>\n<tr style=\"height: 57.75pt;\">\n<td style=\"width: 235.1pt; border-color: currentcolor black black; border-style: none solid solid; border-width: medium 1pt 1pt; padding: 0cm 5.4pt; height: 57.75pt;\" valign=\"top\" width=\"313\"><span style=\"font-size: 12pt; font-family: 'Arial', sans-serif;\">Ba\u015fta Cihat; yani Hakk\u0131 ve hayr\u0131 h&acirc;kim k\u0131lma, t&uuml;m ibadetlere te\u015fvik yap\u0131l\u0131r. Hak dava hareketinin emirine ve adil devlet d&uuml;zenine biat ve itaat a\u015f\u0131lan\u0131r. Hem b&acirc;t\u0131lla hem de nefisle cihad birlikte uygulan\u0131r.<\/span><\/td>\n<td style=\"width: 235.1pt; border-color: currentcolor black black currentcolor; border-style: none solid solid none; border-width: medium 1pt 1pt medium; padding: 0cm 5.4pt; height: 57.75pt;\" valign=\"top\" width=\"313\"><span style=\"font-size: 12pt; font-family: 'Arial', sans-serif;\">Zulme ve b&acirc;t\u0131l sistemlere teslimiyete &ldquo;tevekk&uuml;l&rdquo; k\u0131l\u0131f\u0131 sar\u0131l\u0131r. Sadece &ldquo;nefisle cihat&rdquo; avunmas\u0131 ve Namaz\u0131 yeterli g&ouml;rme kolayc\u0131l\u0131\u011f\u0131 vard\u0131r.<\/span><\/td>\n<\/tr>\n<tr style=\"height: 33.45pt;\">\n<td style=\"width: 235.1pt; border-color: currentcolor black black; border-style: none solid solid; border-width: medium 1pt 1pt; padding: 0cm 5.4pt; height: 33.45pt;\" valign=\"top\" width=\"313\"><span style=\"font-size: 12pt; font-family: 'Arial', sans-serif;\">Hak ve adalet g&ouml;revli &uuml;mmet anlay\u0131\u015f\u0131 temel al\u0131n\u0131r.<\/span><\/td>\n<td style=\"width: 235.1pt; border-color: currentcolor black black currentcolor; border-style: none solid solid none; border-width: medium 1pt 1pt medium; padding: 0cm 5.4pt; height: 33.45pt;\" valign=\"top\" width=\"313\"><span style=\"font-size: 12pt; font-family: 'Arial', sans-serif;\">Mezhep&ccedil;ilik ve bizdencilik yakla\u015f\u0131m\u0131 Kur&rsquo;ani uhuvvete ayk\u0131r\u0131d\u0131r.<\/span><\/td>\n<\/tr>\n<tr style=\"height: 44.75pt;\">\n<td style=\"width: 235.1pt; border-color: currentcolor black black; border-style: none solid solid; border-width: medium 1pt 1pt; padding: 0cm 5.4pt; height: 44.75pt;\" valign=\"top\" width=\"313\"><span style=\"font-size: 12pt; font-family: 'Arial', sans-serif;\">Allah&rsquo;\u0131n r\u0131zas\u0131 aran\u0131r ve karakter olgunla\u015fmas\u0131 sa\u011flan\u0131r.<\/span><\/td>\n<td style=\"width: 235.1pt; border-color: currentcolor black black currentcolor; border-style: none solid solid none; border-width: medium 1pt 1pt medium; padding: 0cm 5.4pt; height: 44.75pt;\" valign=\"top\" width=\"313\"><span style=\"font-size: 12pt; font-family: 'Arial', sans-serif;\">\u015eekilcilik saplant\u0131s\u0131 yayg\u0131nd\u0131r. Allah&#8217;\u0131n baz\u0131 emirlerini hafife alma, kendini ve h&acirc;\u015f&acirc; Rabbini kand\u0131rma sapk\u0131nl\u0131\u011f\u0131na kay\u0131lmaktad\u0131r.<\/span><\/td>\n<\/tr>\n<tr style=\"height: 46.2pt;\">\n<td style=\"width: 235.1pt; border-color: currentcolor black black; border-style: none solid solid; border-width: medium 1pt 1pt; padding: 0cm 5.4pt; height: 46.2pt;\" valign=\"top\" width=\"313\"><span style=\"font-size: 12pt; font-family: 'Arial', sans-serif;\">Ayetleri anlamaya &ccedil;al\u0131\u015farak, Kur&rsquo;an&#8217;\u0131 okuma ve uygulama; Hadislerin ger&ccedil;e\u011fini arama ve gere\u011fini yapma duyarl\u0131l\u0131\u011f\u0131 esast\u0131r.<\/span><\/td>\n<td style=\"width: 235.1pt; border-color: currentcolor black black currentcolor; border-style: none solid solid none; border-width: medium 1pt 1pt medium; padding: 0cm 5.4pt; height: 46.2pt;\" valign=\"top\" width=\"313\"><span style=\"font-size: 12pt; font-family: 'Arial', sans-serif;\">Kur&#8217;an&#8217;\u0131 anlamadan Arap aksan\u0131yla seslendirme &ccedil;abas\u0131ndan ve uydurma hadisleri ya\u015fama al\u0131\u015fkanl\u0131\u011f\u0131ndan kurtar\u0131lmas\u0131 laz\u0131md\u0131r.<\/span><\/td>\n<\/tr>\n<tr style=\"height: 44.1pt;\">\n<td style=\"width: 235.1pt; border-color: currentcolor black black; border-style: none solid solid; border-width: medium 1pt 1pt; padding: 0cm 5.4pt; height: 44.1pt;\" valign=\"top\" width=\"313\"><span style=\"font-size: 12pt; font-family: 'Arial', sans-serif;\">Ak\u0131l ve vicdanla anla\u015f\u0131lan Allah buyru\u011funu otorite sayma, <strong><em>&ldquo;a&ccedil;\u0131k&ccedil;a k&ouml;t&uuml; olan&rdquo;<\/em><\/strong>dan ve zul&uuml;mden uzak durma duyarl\u0131l\u0131\u011f\u0131.<\/span><\/td>\n<td style=\"width: 235.1pt; border-color: currentcolor black black currentcolor; border-style: none solid solid none; border-width: medium 1pt 1pt medium; padding: 0cm 5.4pt; height: 44.1pt;\" valign=\"top\" width=\"313\"><span style=\"font-size: 12pt; font-family: 'Arial', sans-serif;\">Kur&rsquo;an&rsquo;la &ccedil;at\u0131\u015fsa bile \u015feyhin s&ouml;zlerini ve uyduruk menk\u0131beleri baz alma; k&ouml;t&uuml;l&uuml;\u011f&uuml; \u015feyh savunursa savunma, uzak durursa uzakla\u015fma yanl\u0131\u015fl\u0131\u011f\u0131.<\/span><\/td>\n<\/tr>\n<tr style=\"height: 34.8pt;\">\n<td style=\"width: 235.1pt; border-color: currentcolor black black; border-style: none solid solid; border-width: medium 1pt 1pt; padding: 0cm 5.4pt; height: 34.8pt;\" valign=\"top\" width=\"313\"><span style=\"font-size: 12pt; font-family: 'Arial', sans-serif;\">Y&uuml;ce Allah&#8217;\u0131 tan\u0131ma, tan\u0131tma ve Allah sevgisini art\u0131rma.<\/span><\/td>\n<td style=\"width: 235.1pt; border-color: currentcolor black black currentcolor; border-style: none solid solid none; border-width: medium 1pt 1pt medium; padding: 0cm 5.4pt; height: 34.8pt;\" valign=\"top\" width=\"313\"><span style=\"font-size: 12pt; font-family: 'Arial', sans-serif;\">M&uuml;r\u015fidleri veya \u015feyhleri ilahla\u015ft\u0131rma (Allah&#8217;\u0131n s\u0131fatlar\u0131n\u0131 bunlara yak\u0131\u015ft\u0131rma)<\/span><\/td>\n<\/tr>\n<tr style=\"height: 29.85pt;\">\n<td style=\"width: 235.1pt; border-color: currentcolor black black; border-style: none solid solid; border-width: medium 1pt 1pt; padding: 0cm 5.4pt; height: 29.85pt;\" valign=\"top\" width=\"313\"><span style=\"font-size: 12pt; font-family: 'Arial', sans-serif;\">\u0130nsanda, bilhassa \u015eeyhte ve m&uuml;ritlerde karakter ve istikamet arama.<\/span><\/td>\n<td style=\"width: 235.1pt; border-color: currentcolor black black currentcolor; border-style: none solid solid none; border-width: medium 1pt 1pt medium; padding: 0cm 5.4pt; height: 29.85pt;\" valign=\"top\" width=\"313\"><span style=\"font-size: 12pt; font-family: 'Arial', sans-serif;\">\u015e&ouml;hret, etiket ve keramete yo\u011funla\u015fma.<\/span><\/td>\n<\/tr>\n<tr style=\"height: 33.4pt;\">\n<td style=\"width: 235.1pt; border-color: currentcolor black black; border-style: none solid solid; border-width: medium 1pt 1pt; padding: 0cm 5.4pt; height: 33.4pt;\" valign=\"top\" width=\"313\"><span style=\"font-size: 12pt; font-family: 'Arial', sans-serif;\">&Uuml;lkemizde ve yery&uuml;z&uuml;nde \u0130slam merkezli ve insan endeksli bar\u0131\u015f ve bereket nizam\u0131n\u0131 kurma.<\/span><\/td>\n<td style=\"width: 235.1pt; border-color: currentcolor black black currentcolor; border-style: none solid solid none; border-width: medium 1pt 1pt medium; padding: 0cm 5.4pt; height: 33.4pt;\" valign=\"top\" width=\"313\"><span style=\"font-size: 12pt; font-family: 'Arial', sans-serif;\">Mevcut zul&uuml;m ve zillet d&uuml;zeninde \u0130slamc\u0131l\u0131k oynama.<\/span><\/td>\n<\/tr>\n<tr style=\"height: 29.25pt;\">\n<td style=\"width: 235.1pt; border-color: currentcolor black black; border-style: none solid solid; border-width: medium 1pt 1pt; padding: 0cm 5.4pt; height: 29.25pt;\" valign=\"top\" width=\"313\"><span style=\"font-size: 12pt; font-family: 'Arial', sans-serif;\">\u0130nsana Allah r\u0131zas\u0131n\u0131 a\u015f\u0131lama ve kar\u015f\u0131dakinde erdem olu\u015fturma amac\u0131.<\/span><\/td>\n<td style=\"width: 235.1pt; border-color: currentcolor black black currentcolor; border-style: none solid solid none; border-width: medium 1pt 1pt medium; padding: 0cm 5.4pt; height: 29.25pt;\" valign=\"top\" width=\"313\"><span style=\"font-size: 12pt; font-family: 'Arial', sans-serif;\">\u0130nsanlar\u0131 kendi tarikat\u0131na sokma ve s&ouml;m&uuml;r&uuml; &ccedil;ark\u0131n\u0131 yayg\u0131nla\u015ft\u0131rma &ccedil;abas\u0131.<\/span><\/td>\n<\/tr>\n<tr style=\"height: 32.8pt;\">\n<td style=\"width: 235.1pt; border-color: currentcolor black black; border-style: none solid solid; border-width: medium 1pt 1pt; padding: 0cm 5.4pt; height: 32.8pt;\" valign=\"top\" width=\"313\"><span style=\"font-size: 12pt; font-family: 'Arial', sans-serif;\">M&uuml;jdeleyici ve umutland\u0131r\u0131c\u0131 tebli\u011f yapma.<\/span><\/td>\n<td style=\"width: 235.1pt; border-color: currentcolor black black currentcolor; border-style: none solid solid none; border-width: medium 1pt 1pt medium; padding: 0cm 5.4pt; height: 32.8pt;\" valign=\"top\" width=\"313\"><span style=\"font-size: 12pt; font-family: 'Arial', sans-serif;\">Zalim d&uuml;nya d&uuml;zenine ve i\u015fbirlik&ccedil;i y&ouml;netimlere raz\u0131 olma, g&uuml;nahlara mazeret ve m&uuml;bah k\u0131l\u0131f\u0131 sarma.<\/span><\/td>\n<\/tr>\n<tr style=\"height: 32.6pt;\">\n<td style=\"width: 235.1pt; border-color: currentcolor black black; border-style: none solid solid; border-width: medium 1pt 1pt; padding: 0cm 5.4pt; height: 32.6pt;\" valign=\"top\" width=\"313\"><span style=\"font-size: 12pt; font-family: 'Arial', sans-serif;\">Bilim ve sanata te\u015fvik, yeni ve adil bir medeniyet in\u015fas\u0131.<\/span><\/td>\n<td style=\"width: 235.1pt; border-color: currentcolor black black currentcolor; border-style: none solid solid none; border-width: medium 1pt 1pt medium; padding: 0cm 5.4pt; height: 32.6pt;\" valign=\"top\" width=\"313\"><span style=\"font-size: 12pt; font-family: 'Arial', sans-serif;\">M&uuml;sl&uuml;man\u0131 uyutma, cahil ve fakir b\u0131rakma ve k&uuml;resel sisteme k&ouml;le yapma a\u015f\u0131s\u0131.<\/span><\/td>\n<\/tr>\n<tr style=\"height: 43.8pt;\">\n<td style=\"width: 235.1pt; border-color: currentcolor black black; border-style: none solid solid; border-width: medium 1pt 1pt; padding: 0cm 5.4pt; height: 43.8pt;\" valign=\"top\" width=\"313\"><span style=\"font-size: 12pt; font-family: 'Arial', sans-serif;\">Tevazu sahibi olma olgun ve onurlu ya\u015fama, cennete lay\u0131k karakter kazand\u0131rma.<\/span><\/td>\n<td style=\"width: 235.1pt; border-color: currentcolor black black currentcolor; border-style: none solid solid none; border-width: medium 1pt 1pt medium; padding: 0cm 5.4pt; height: 43.8pt;\" valign=\"top\" width=\"313\"><span style=\"font-size: 12pt; font-family: 'Arial', sans-serif;\">Kendi grubunu cennetlik sayan kibirli se&ccedil;kinler locas\u0131. \u0130man\u0131 ve cenneti kendi \u015feyhine ve cemaatine ba\u011fl\u0131l\u0131ktan ibaret sanma.<\/span><\/td>\n<\/tr>\n<tr style=\"height: 34.25pt;\">\n<td style=\"width: 235.1pt; border-color: currentcolor black black; border-style: none solid solid; border-width: medium 1pt 1pt; padding: 0cm 5.4pt; height: 34.25pt;\" valign=\"top\" width=\"313\"><span style=\"font-size: 12pt; font-family: 'Arial', sans-serif;\">Evrensel insan haklar\u0131na, ortak ak\u0131l ve vicdana hitap eden y&uuml;ksek &ouml;\u011freti ve ahl&acirc;k anlay\u0131\u015f\u0131.<\/span><\/td>\n<td style=\"width: 235.1pt; border-color: currentcolor black black currentcolor; border-style: none solid solid none; border-width: medium 1pt 1pt medium; padding: 0cm 5.4pt; height: 34.25pt;\" valign=\"top\" width=\"313\"><span style=\"font-size: 12pt; font-family: 'Arial', sans-serif;\">Ayet ve hadisleri kendilerine uydurma ve alternatif bir din olu\u015fturma safsatas\u0131<\/span><\/td>\n<\/tr>\n<tr style=\"height: 35.15pt;\">\n<td style=\"width: 235.1pt; border-color: currentcolor black black; border-style: none solid solid; border-width: medium 1pt 1pt; padding: 0cm 5.4pt; height: 35.15pt;\" valign=\"top\" width=\"313\"><span style=\"font-size: 12pt; font-family: 'Arial', sans-serif;\">D&uuml;nyaya a&ccedil;\u0131k ve &ouml;rnek bir sivil toplum yap\u0131lanmas\u0131.<\/span><\/td>\n<td style=\"width: 235.1pt; border-color: currentcolor black black currentcolor; border-style: none solid solid none; border-width: medium 1pt 1pt medium; padding: 0cm 5.4pt; height: 35.15pt;\" valign=\"top\" width=\"313\"><span style=\"font-size: 12pt; font-family: 'Arial', sans-serif;\">Kapal\u0131, &ouml;zel ki\u015filerin menfaatine &ccedil;al\u0131\u015fan bir istismar te\u015fkilatlanmas\u0131.<\/span><\/td>\n<\/tr>\n<\/tbody>\n<\/table><\/div>\n<p style=\"margin-bottom: 0cm; text-align: justify; text-indent: 1cm; line-height: 16pt;\"><strong><span style=\"font-size: 14pt; font-family: 'Arial', sans-serif;\"><\/span><\/strong><\/p>\n<p style=\"margin-bottom: 0cm; text-align: justify; text-indent: 1cm; line-height: 16pt;\"><strong><span style=\"font-size: 14pt; font-family: 'Arial', sans-serif;\">Bozuk tarikat ve cemaatlerin tehlike boyutlar\u0131<\/span><\/strong><\/p>\n<p style=\"margin-bottom: 0cm; text-align: justify; text-indent: 1cm; line-height: 16pt;\"><strong><span style=\"font-size: 12pt; font-family: 'Arial', sans-serif;\">Sosyologlar, grup halini alm\u0131\u015f ve beyinleri kiralanm\u0131\u015f bir toplulu\u011fun ortak zek&acirc;s\u0131n\u0131n 5 ya\u015f\u0131nda bir &ccedil;ocu\u011fun zek&acirc;s\u0131 d&uuml;zeyinde oldu\u011funu belirtmektedir. B&acirc;t\u0131l ve bozuk bir grubun tehlikelerini &ouml;zetleyecek olursak; <\/span><\/strong><\/p>\n<p style=\"margin-bottom: 0cm; margin-top: 0cm; text-align: justify; text-indent: 1cm; line-height: 16pt;\"><strong><span style=\"font-size: 12pt; font-family: 'Arial', sans-serif;\">a) K&ouml;t&uuml;l&uuml;\u011f&uuml;n kutsal &ouml;\u011fretiye d&ouml;n&uuml;\u015fm&uuml;\u015f olmas\u0131, en k&ouml;t&uuml;s&uuml; bu yanl\u0131\u015f &ouml;\u011fretinin en do\u011fru san\u0131lmas\u0131,<\/span><\/strong><\/p>\n<p style=\"margin-bottom: 0cm; margin-top: 0cm; text-align: justify; text-indent: 1cm; line-height: 16pt;\"><strong><span style=\"font-size: 12pt; font-family: 'Arial', sans-serif;\">b) Bu k&ouml;t&uuml; &ouml;\u011fretiyi savunurken \u015fekillenen te&rsquo;vil kafas\u0131; haks\u0131zl\u0131k ve ahl&acirc;ks\u0131zl\u0131\u011f\u0131 ayet ve hadis te&rsquo;villeriyle me\u015frula\u015ft\u0131rmas\u0131,<\/span><\/strong><\/p>\n<p style=\"margin-bottom: 0cm; margin-top: 0cm; text-align: justify; text-indent: 1cm; line-height: 16pt;\"><strong><span style=\"font-size: 12pt; font-family: 'Arial', sans-serif;\">c) Bu &ouml;\u011fretinin g&uuml;d&uuml;m&uuml;ndeki organizeli bir kitle olu\u015fturulmas\u0131 ve bu kitlenin kestirilemez eylemlere haz\u0131rlanmas\u0131,<\/span><\/strong><\/p>\n<p style=\"margin-bottom: 0cm; margin-top: 0cm; text-align: justify; text-indent: 1cm; line-height: 16pt;\"><strong><span style=\"font-size: 12pt; font-family: 'Arial', sans-serif;\">d) Kitlenin bu &ouml;\u011fretiyi, \u0130slami tebli\u011f diye yaymas\u0131,<\/span><\/strong><\/p>\n<p style=\"margin-bottom: 0cm; margin-top: 0cm; text-align: justify; text-indent: 1cm; line-height: 16pt;\"><strong><span style=\"font-size: 12pt; font-family: 'Arial', sans-serif;\">e) Bu k&ouml;t&uuml; &ouml;\u011fretinin sonraki nesillere ta\u015f\u0131nmas\u0131 ve &ouml;\u011fretinin dinin asl\u0131 ile yer de\u011fi\u015ftirmi\u015f olmas\u0131: Ve i\u015fte b&ouml;ylece dindeki bozulman\u0131n &ccedil;o\u011funlukla, sonraki nesillerde ortaya &ccedil;\u0131kmas\u0131n\u0131n sa\u011flanmas\u0131d\u0131r. Unutmayal\u0131m, dini bir grubun tehlikesi s\u0131radan bir gruba g&ouml;re ezici oranda daha tahripk&acirc;r olmaktad\u0131r. <\/span><\/strong><\/p>\n<p style=\"margin-bottom: 0cm; margin-top: 0cm; text-align: justify; text-indent: 1cm; line-height: 16pt;\"><strong><span style=\"font-size: 12pt; font-family: 'Arial', sans-serif;\"><\/span><\/strong><\/p>\n<p>&nbsp;<\/p>\n<hr style=\"text-align: left;\" size=\"1\" width=\"33%\" \/>\n<p><a href=\"#ftnref1\" id=\"ftn1\" style=\"vertical-align: super;\">[1]<\/a><span style=\"font-size: 9pt; font-family: 'Arial', sans-serif;\"> Bak: TDV \u0130slam Ansiklopedisi, cilt: 28; sayfa: 248<\/span><\/p>\n<p><a href=\"#ftnref2\" id=\"ftn2\" style=\"vertical-align: super;\">[2]<\/a><span style=\"font-size: 9pt; font-family: 'Arial', sans-serif;\"> Bak: 05.06.2015, b&uuml;t&uuml;n gazeteler<\/span><\/p>\n","protected":false},"excerpt":{"rendered":"<p>&nbsp; Y\u0131llar &Ouml;nce D\u0130B Ba\u015fkanl\u0131\u011f\u0131na G&ouml;nderdi\u011fimiz TAR\u0130KAT RAPORU: &nbsp;&nbsp;&nbsp;&nbsp;&nbsp;&nbsp;&nbsp;&nbsp; Diyanet \u0130\u015fleri Ba\u015fkan\u0131m\u0131za &Ccedil;a\u011fr\u0131: Manevi Karakol ve K\u0131\u015flalar H&uuml;km&uuml;ndeki TAR\u0130KAT ve CEMAAT&rsquo;leri, Disiplinize Edip Denetlemek &Uuml;zere Diyanet B&uuml;nyesinde B\u0130R TASAVVUF &Uuml;ST KURULU OLU\u015eTURULMALIDIR! &nbsp;&nbsp;&nbsp;&nbsp;&nbsp;&nbsp; &Ccedil;ok Muhterem Diyanet \u0130\u015fleri Ba\u015fkan\u0131m\u0131z\u0131n y&uuml;ksek dikkatlerine&hellip; &Uuml;lkemizdeki Tarikat ve Cemaatler, resmen ve hukuken yok say\u0131lan, ama fikren ve fiilen olduk&ccedil;a yayg\u0131n [&hellip;]<\/p>\n","protected":false},"author":13,"featured_media":0,"comment_status":"open","ping_status":"closed","sticky":false,"template":"","format":"standard","meta":{"footnotes":""},"categories":[242],"tags":[],"class_list":["post-5945","post","type-post","status-publish","format-standard","hentry","category-ekim-2020"],"_links":{"self":[{"href":"https:\/\/www.millicozum.com\/mc\/wp-json\/wp\/v2\/posts\/5945","targetHints":{"allow":["GET"]}}],"collection":[{"href":"https:\/\/www.millicozum.com\/mc\/wp-json\/wp\/v2\/posts"}],"about":[{"href":"https:\/\/www.millicozum.com\/mc\/wp-json\/wp\/v2\/types\/post"}],"author":[{"embeddable":true,"href":"https:\/\/www.millicozum.com\/mc\/wp-json\/wp\/v2\/users\/13"}],"replies":[{"embeddable":true,"href":"https:\/\/www.millicozum.com\/mc\/wp-json\/wp\/v2\/comments?post=5945"}],"version-history":[{"count":0,"href":"https:\/\/www.millicozum.com\/mc\/wp-json\/wp\/v2\/posts\/5945\/revisions"}],"wp:attachment":[{"href":"https:\/\/www.millicozum.com\/mc\/wp-json\/wp\/v2\/media?parent=5945"}],"wp:term":[{"taxonomy":"category","embeddable":true,"href":"https:\/\/www.millicozum.com\/mc\/wp-json\/wp\/v2\/categories?post=5945"},{"taxonomy":"post_tag","embeddable":true,"href":"https:\/\/www.millicozum.com\/mc\/wp-json\/wp\/v2\/tags?post=5945"}],"curies":[{"name":"wp","href":"https:\/\/api.w.org\/{rel}","templated":true}]}}