{"id":5947,"date":"2020-09-25T22:00:00","date_gmt":"2020-09-25T22:00:00","guid":{"rendered":"https:\/\/www.millicozum.com\/mc\/2020\/09\/25\/yandaslara-gore-once-namus-ve-ahlak-degil-imkan-ve-iktidar-korunmaliydi-2\/"},"modified":"2020-09-25T22:00:00","modified_gmt":"2020-09-25T22:00:00","slug":"yandaslara-gore-once-namus-ve-ahlak-degil-imkan-ve-iktidar-korunmaliydi-2","status":"publish","type":"post","link":"https:\/\/www.millicozum.com\/mc\/2020\/ekim-2020\/yandaslara-gore-once-namus-ve-ahlak-degil-imkan-ve-iktidar-korunmaliydi\/","title":{"rendered":"Yanda\u015flara g\u00f6re: \u00d6nce; NAMUS VE AHL\u00c2K DE\u011e\u0130L, \u0130MK\u00c2N VE \u0130KT\u0130DAR KORUNMALIYDI!."},"content":{"rendered":"\n<p>&nbsp;<\/p>\n<p style=\"margin-bottom: 0cm; text-align: center;\"><strong><span style=\"font-size: 18pt; font-family: 'Arial', sans-serif;\">Yanda\u015flara g&ouml;re: &Ouml;nce;<\/span><\/strong><\/p>\n<p style=\"margin-bottom: 0cm; text-align: center;\"><strong><span style=\"font-size: 18pt; font-family: 'Arial', sans-serif;\">NAMUS VE AHL&Acirc;K DE\u011e\u0130L,<\/span><\/strong><\/p>\n<p style=\"margin-bottom: 0cm; text-align: center;\"><strong><span style=\"font-size: 18pt; font-family: 'Arial', sans-serif;\">\u0130MK&Acirc;N VE \u0130KT\u0130DAR KORUNMALIYDI!..<\/span><\/strong><\/p>\n<p style=\"margin-bottom: 0cm; text-align: justify; text-indent: 1cm;\"><strong><span style=\"font-size: 18pt; font-family: 'Arial', sans-serif;\">&nbsp;&nbsp;&nbsp;&nbsp;&nbsp;&nbsp;&nbsp;&nbsp; <\/span><\/strong><\/p>\n<p style=\"margin-bottom: 0cm; text-align: justify; text-indent: 1cm; line-height: 16pt;\"><strong><span style=\"font-size: 14pt; font-family: 'Arial', sans-serif;\">Milli &Ccedil;&ouml;z&uuml;m Dergisi&rsquo;nin uyar\u0131lar\u0131 ve \u0131srarl\u0131 yaz\u0131lar\u0131yla g&uuml;ndeme oturan ve sonunda AKP&#8217;nin de ba\u015f\u0131n\u0131 a\u011fr\u0131tmaya ba\u015flayan <em>&#8220;\u0130stanbul S&ouml;zle\u015fmesi&#8221;<\/em> tart\u0131\u015fmalar\u0131 ba\u015fka bir boyuta ta\u015f\u0131nm\u0131\u015ft\u0131. AKP&#8217;ye yak\u0131n ve yanda\u015f iki gazetenin temsilcileri birbirine sata\u015fm\u0131\u015ft\u0131. Yeni \u015eafak gazetesi Genel Yay\u0131n Y&ouml;netmeni Karag&uuml;l, Yeni Akit yazar\u0131 Abdurrahman Dilipak&#8217;\u0131 hedef alm\u0131\u015ft\u0131<em>. <\/em><\/span><\/strong><em><span style=\"font-size: 14pt; font-family: 'Arial', sans-serif;\">&#8220;<strong><span style=\"font-family: 'Arial', sans-serif;\">Dilipak&#8217;\u0131n oldu\u011fu hi&ccedil;bir tart\u0131\u015fmadan, bu &uuml;lkeye hay\u0131r gelmez<\/span><\/strong>&#8220;<\/span><\/em><strong><span style=\"font-size: 14pt; font-family: 'Arial', sans-serif;\"> diyen Karag&uuml;l, daha sonra bu payla\u015f\u0131m\u0131 silip kald\u0131rm\u0131\u015ft\u0131. Silinen tweetin ekran g&ouml;r&uuml;nt&uuml;s&uuml;n&uuml; yay\u0131nlayan Dilipak ise, kendi hesab\u0131ndan hi&ccedil;bir not eklemeden tweeti aynen payla\u015fm\u0131\u015ft\u0131.<\/span><\/strong><\/p>\n<p style=\"margin-bottom: 0cm; text-align: justify; text-indent: 1cm; line-height: 16pt;\"><strong><span style=\"font-size: 14pt; font-family: 'Arial', sans-serif;\">Dolayl\u0131 maddeler ve g&ouml;nderme yap\u0131lan ek protokollerle:<\/span><\/strong><\/p>\n<p style=\"margin-bottom: 0cm; text-align: justify; text-indent: 1cm; line-height: 16pt;\"><span style=\"font-size: 12pt;\"><strong><span style=\"font-family: 'Arial', sans-serif;\">\u25cfLutilik sapk\u0131nl\u0131\u011f\u0131 olarak bilinen e\u015fcinsel ili\u015fkilerin her &ccedil;e\u015fidini me\u015frula\u015ft\u0131ran bu ahl&acirc;ks\u0131zl\u0131\u011f\u0131, devlet korumas\u0131na alan ve toplumda yayg\u0131nla\u015fmas\u0131n\u0131 ve hatta bu mel&rsquo;anete bula\u015fanlar\u0131n sayg\u0131nl\u0131k kazanmas\u0131n\u0131 sa\u011flayan maddeleri,<\/span><\/strong><\/span><\/p>\n<p style=\"margin-bottom: 0cm; text-align: justify; text-indent: 1cm; line-height: 16pt;\"><span style=\"font-size: 12pt;\"><strong><span style=\"font-family: 'Arial', sans-serif;\">\u25cfLezbiyenlik denilen, k\u0131zlar ve kad\u0131nlar aras\u0131 ahl&acirc;ks\u0131z m&uuml;nasebetleri resmile\u015ftirilen, normal ve do\u011fal bir kad\u0131n hakk\u0131 seviyesine getiren d&uuml;zenlemeleri,<\/span><\/strong><\/span><\/p>\n<p style=\"margin-bottom: 0cm; text-align: justify; text-indent: 1cm; line-height: 16pt;\"><strong><span style=\"font-family: 'Arial', sans-serif;\"><span style=\"font-size: 12pt;\">\u25cfEvli kad\u0131nlar\u0131n gece-g&uuml;nd&uuml;z istedikleri vakitte izinsiz ve habersiz evlerini terk edip saatlerce bilinmeyen yerlerde ve belirsiz ili\u015fkiler i&ccedil;erisinde bulunmalar\u0131n\u0131n<\/span> <\/span><\/strong><strong><em><span style=\"font-size: 14pt; font-family: 'Arial', sans-serif;\">&ldquo;&ouml;zg&uuml;rl&uuml;k&rdquo;<\/span><\/em><\/strong><span style=\"font-size: 14pt; font-family: 'Arial', sans-serif;\"> <\/span><strong><span style=\"font-family: 'Arial', sans-serif;\"><span style=\"font-size: 12pt;\">kapsam\u0131na al\u0131n\u0131p, bu duruma kar\u015f\u0131 &ccedil;\u0131kan, engellemeye &ccedil;al\u0131\u015fan, sesini y&uuml;kseltmeye kalk\u0131\u015fan kocalar\u0131n derhal evden uzakla\u015ft\u0131r\u0131lmas\u0131n\u0131, hatta tutuklanmas\u0131n\u0131 emir buyuran direktifleri i&ccedil;eren malum ve mel&rsquo;un<\/span> <\/span><\/strong><strong><span style=\"font-size: 14pt; font-family: 'Arial', sans-serif;\">\u0130stanbul S&ouml;zle\u015fmesi&rsquo;ni <\/span><\/strong><strong><span style=\"font-family: 'Arial', sans-serif;\"><span style=\"font-size: 12pt;\">imzalayan Erdo\u011fan iktidar\u0131n\u0131 ele\u015ftiren, bu \u0130stanbul S&ouml;zle\u015fmesi&rsquo;ne h&acirc;l&acirc; sahip &ccedil;\u0131k\u0131p<\/span> <\/span><\/strong><strong><em><span style=\"font-size: 14pt; font-family: 'Arial', sans-serif;\">&ldquo;Kad\u0131na y&ouml;nelik \u015fiddeti &ouml;nleme kas\u0131tl\u0131&rdquo;<\/span><\/em><\/strong><span style=\"font-size: 12pt;\"><strong><span style=\"font-family: 'Arial', sans-serif;\"> oldu\u011fu gerek&ccedil;esiyle savunan, Cumhurba\u015fkan\u0131&rsquo;n\u0131n k\u0131z\u0131n\u0131n da y&ouml;neticilerinden oldu\u011fu KADEM&rsquo;in bu tutars\u0131z ve ayars\u0131z tavr\u0131n\u0131 samimiyetten sa\u011f\u0131r, ama a\u011f\u0131r bir dille tenkit eden Akit yazar\u0131 Abdurrahman Dilipak, Yeni \u015eafak yazar\u0131 \u0130brahim Karag&uuml;l&rsquo;&uuml;n h\u0131\u015fm\u0131na u\u011fram\u0131\u015ft\u0131.<\/span><\/strong><\/span><\/p>\n<p style=\"margin-bottom: 0cm; text-align: justify; text-indent: 1cm; line-height: 16pt;\"><span style=\"font-size: 12pt;\"><strong><span style=\"font-family: 'Arial', sans-serif;\">Elbette yanda\u015f \u0130brahim Karag&uuml;l de biliyorlard\u0131 ki, Abdurrahman Dilipak &ouml;yle AKP iktidar\u0131n\u0131 sarsmak ve Erdo\u011fan&rsquo;\u0131 zora sokmak i&ccedil;in de\u011fil, sadece<\/span><\/strong><\/span><strong><em><span style=\"font-size: 14pt; font-family: 'Arial', sans-serif;\"> &ldquo;Yahu ben de tenkit etmi\u015ftim. \u0130slami ve ahl&acirc;ki de\u011ferlere duyarl\u0131 birisiyim&hellip;&rdquo;<\/span><\/em><\/strong><span style=\"font-size: 14pt; font-family: 'Arial', sans-serif;\"> <\/span><span style=\"font-size: 12pt;\"><strong><span style=\"font-family: 'Arial', sans-serif;\">demi\u015f olmak ve durumu kurtarmak ad\u0131na bu g&ouml;stermelik tenkitleri yapmaktayd\u0131. Ama Erdo\u011fan taparlar\u0131n, \u015f&ouml;hret ve servet kayna\u011f\u0131 tanr\u0131lar\u0131n\u0131n bu kadarc\u0131k bile tan edilmesine tahamm&uuml;lleri kalmam\u0131\u015ft\u0131. Ve hele kendi i&ccedil;lerinden y&uuml;kselen ayk\u0131r\u0131 seslerin mutlaka kesilmesi ve k\u0131s\u0131lmas\u0131 laz\u0131md\u0131. &Uuml;stelik Dilipak, AKP iktidar\u0131n\u0131n hangi badirelere savruldu\u011funun fark\u0131ndayd\u0131&hellip;<\/span><\/strong><\/span><\/p>\n<p style=\"margin-bottom: 0cm; text-align: justify; text-indent: 1cm; line-height: 16pt;\"><strong><span style=\"font-size: 14pt; font-family: 'Arial', sans-serif;\">\u0130\u015fte bu kutsal gaye ve gayretle cihat damar\u0131 kabaran \u0130brahim Karag&uuml;l:<\/span><\/strong><\/p>\n<p style=\"margin-bottom: 0cm; text-align: justify; text-indent: 1cm; line-height: 16pt;\"><strong><em><span style=\"font-size: 14pt; font-family: 'Arial', sans-serif;\">&ldquo;\u0130stanbul S&ouml;zle\u015fmesi umurumda bile de\u011fil. Co\u011frafyada yer yerinden oynuyor. Haritalar de\u011fi\u015fiyor. Bunlar\u0131 kim yap\u0131yor? Erdo\u011fan! Bunlar\u0131 konu\u015fmas\u0131 gerekenler k&ouml;r d&ouml;v&uuml;\u015f&uuml;yle me\u015fgul. Kimse k\u0131zmas\u0131n, Abdurrahman Dilipak&rsquo;\u0131n oldu\u011fu hi&ccedil;bir tart\u0131\u015fmadan bu &uuml;lkeye hay\u0131r gelmeyecektir!&rdquo; <\/span><\/em><\/strong><span style=\"font-size: 12pt;\"><strong><span style=\"font-family: 'Arial', sans-serif;\">d<\/span><\/strong><strong><span style=\"font-family: 'Arial', sans-serif;\">iyerek Abdurrahman Dilipak&rsquo;a sata\u015fm\u0131\u015f ve daha sonra bu tweeti silip kald\u0131rm\u0131\u015ft\u0131. Ard\u0131ndan yeni bir payla\u015f\u0131m daha ger&ccedil;ekle\u015ftiren Karag&uuml;l, bu kez Dilipak&#8217;a isim vermeden &ccedil;\u0131k\u0131\u015fm\u0131\u015ft\u0131. Karag&uuml;l, <em>&#8220;<strong><span style=\"font-family: 'Arial', sans-serif;\">Muhafazak&acirc;r, \u0130slami &ccedil;evrenin tart\u0131\u015fma bi&ccedil;iminin buralara savrulmas\u0131 utan&ccedil; verici. Fahi\u015fe diyenler, i\u015fi Cumhurba\u015fkan\u0131&rsquo;n\u0131 tehdit etmeye kadar vard\u0131ranlar&hellip;<\/span><\/strong>&#8220;<\/em><\/span><\/strong><\/span><span style=\"font-size: 12pt;\"> <strong><span style=\"font-size: 12pt;\">s&ouml;zleriyle Yeni Akit yazar\u0131 Dilipak&#8217;\u0131 hedef alm\u0131\u015ft\u0131.<\/span> <\/strong><\/span><\/p>\n<p style=\"margin-bottom: 0cm; text-align: justify; text-indent: 1cm; line-height: 16pt;\"><span style=\"font-size: 14pt;\"><strong><span style=\"font-family: 'Arial', sans-serif;\">Evet, \u0130stanbul S&ouml;zle\u015fmesi&rsquo;yle, g&uuml;ya <em>kad\u0131nlara y&ouml;nelik \u015fiddeti &ouml;nleme<\/em> gibi masum ve makul bir k\u0131l\u0131f alt\u0131nda;<\/span><\/strong><\/span><\/p>\n<p style=\"margin-bottom: 0cm; text-align: justify; text-indent: 1cm; line-height: 16pt;\"><strong><span style=\"font-family: 'Arial', sans-serif;\"><span style=\"font-size: 12pt;\">Asl\u0131nda toplumda e\u015fcinselli\u011fi ve lezbiyenlik gibi cinsi sap\u0131kl\u0131klar\u0131 me\u015frula\u015ft\u0131r\u0131p yayg\u0131nla\u015ft\u0131ran, ailevi ve ahl&acirc;ki yap\u0131m\u0131z\u0131 yozla\u015ft\u0131ran, aile i&ccedil;i kavgalar\u0131, bo\u015fanmalar\u0131, hatta \u015fiddet uygulamalar\u0131n\u0131 artt\u0131ran bu sinsi ve \u015feytani giri\u015fim ve geli\u015fmeler \u0130brahim Karag&uuml;l ve benzeri yanda\u015f kesimin<\/span> <\/span><\/strong><strong><em><span style=\"font-size: 14pt; font-family: 'Arial', sans-serif;\">&ldquo;Umurunda bile olmazm\u0131\u015f!..&rdquo; <\/span><\/em><\/strong><strong><span style=\"font-size: 14pt; font-family: 'Arial', sans-serif;\">(Yeni Fatih ve Mesih&hellip;)<em> Erdo\u011fan, bu co\u011frafyada yeri yerinden oynat\u0131p haritalar\u0131 de\u011fi\u015ftiren kahramanl\u0131klar ba\u015farmaktaym\u0131\u015f!&rdquo;<\/em><\/span><\/strong><em><span style=\"font-family: 'Arial', sans-serif;\"> <\/span><\/em><strong><span style=\"font-family: 'Arial', sans-serif;\"><span style=\"font-size: 12pt;\">B&ouml;ylesine kutlu ve mutlu bir s&uuml;re&ccedil;te;<\/span> <\/span><\/strong><strong><em><span style=\"font-size: 14pt; font-family: 'Arial', sans-serif;\">k\u0131zlar\u0131n-kad\u0131nlar\u0131n fahi\u015feli\u011fe, o\u011flanlar\u0131n-erkek san\u0131lan adamlar\u0131n e\u015fcinselli\u011fe kayd\u0131r\u0131lmalar\u0131n\u0131n me\u015frula\u015ft\u0131r\u0131l\u0131p yayg\u0131nla\u015ft\u0131r\u0131lmas\u0131, ailevi ve ahl&acirc;ki yap\u0131m\u0131z\u0131n temelinden sars\u0131lmas\u0131, toplumun dini ve manevi de\u011ferlerden kopar\u0131lmas\u0131<\/span><\/em><\/strong><span style=\"font-size: 14pt; font-family: 'Arial', sans-serif;\"> <\/span><span class=\"s1\" style=\"font-size: 12pt;\"><strong><span style=\"font-family: 'Arial', sans-serif;\">gibi, basit, baya\u011f\u0131 i\u015flerle ve &ccedil;a\u011f d\u0131\u015f\u0131(!) tepkilerle u\u011fra\u015fman\u0131n zaman\u0131 m\u0131ym\u0131\u015f!?<\/span><\/strong><\/span><\/p>\n<p style=\"margin-bottom: 0cm; text-align: justify; text-indent: 1cm; line-height: 16pt;\"><span class=\"s1\"><strong><span style=\"font-size: 14pt; font-family: 'Arial', sans-serif;\">Dilipak \u015funlar\u0131 yazm\u0131\u015ft\u0131:<\/span><\/strong><\/span><\/p>\n<p style=\"margin-bottom: 0cm; text-align: justify; text-indent: 1cm; line-height: 16pt;\"><strong><em><span class=\"s1\"><span style=\"font-family: 'Arial', sans-serif;\"><span style=\"font-size: 12pt;\">&ldquo;<\/span><span style=\"font-size: 12pt;\">\u015eimdi, hem bu Ayasofya konusunda atmam\u0131z gereken daha bir&ccedil;ok ad\u0131m var ve hem de bundan &ouml;nce var olan sorunlar var, \u015fimdi ise buna eklenecek yeni sorunlar var.<\/span> <\/span><\/span><\/em><\/strong><span class=\"s1\"><strong><em><span style=\"font-size: 14pt; font-family: 'Arial', sans-serif;\">Mesela bunlardan biri \u015fu \u0130stanbul S&ouml;zle\u015fmesi. <\/span><\/em><\/strong><\/span><span class=\"s1\" style=\"font-size: 12pt;\"><span class=\"s1\"><strong><em><span style=\"font-family: 'Arial', sans-serif;\">Bu s&ouml;zle\u015fmeyi tek ba\u015f\u0131na ele almal\u0131y\u0131z. Bunun ilk ad\u0131m\u0131n\u0131 CEDAW ile 12 Eyl&uuml;l darbecileri (LA) att\u0131. CEDAW lobisi 2. ad\u0131m\u0131n\u0131 \u0130stanbul S&ouml;zle\u015fmesi ile att\u0131. Bu \u015eeytan &Uuml;&ccedil;geni&rsquo;nin 3. aya\u011f\u0131 TBMM&rsquo;de onay bekleyen Lanzarote S&ouml;zle\u015fmesi ile at\u0131lacakt\u0131 ki, olay patlad\u0131&hellip; Birilerine g&ouml;re \u0130stanbul S&ouml;zle\u015fmesi geri &ccedil;ekilirse AKP bu i\u015ften siyasi olarak zarar g&ouml;r&uuml;rd&uuml;. Bu g&ouml;r&uuml;\u015fte olan parti &uuml;st y&ouml;netiminde de isimler vard\u0131, te\u015fkilatlar da bu kafadayd\u0131. &Ouml;zellikle KADEM ve Aile Bakanl\u0131\u011f\u0131 &ccedil;evresindeki baz\u0131 isimler, baz\u0131 milletvekilleri de bu g&ouml;r&uuml;\u015fe destek veriyorlard\u0131. Bu kesimlerin referanslar\u0131 yine kendileri oluyorlard\u0131. Kendileri s&ouml;yl&uuml;yorlar, kendi s&ouml;zlerini tekrarlayan arkada\u015flar\u0131n\u0131 \u015fahit tutuyorlard\u0131. &Ouml;nce Erdo\u011fan&rsquo;\u0131n ailesinden birilerini yanlar\u0131na al\u0131nca ayaklar\u0131 yerden kesildi, ba\u015fta Aile Bakanl\u0131\u011f\u0131 da onlar\u0131n paraleline girince, yasama, y&uuml;r&uuml;tme, yarg\u0131 da hi&ccedil;bir engelle kar\u015f\u0131la\u015fmadan her \u015fey tereya\u011fdan k\u0131l &ccedil;eker gibi hallolunca bunlar bir g&uuml;&ccedil; zehirlenmesine kap\u0131ld\u0131lar. TBMM&rsquo;deki bir komisyon toplant\u0131s\u0131ndaki konu\u015fmalar\u0131 ele\u015ftirilince, buyurgan bir \u015fekilde aba alt\u0131ndan sopa g&ouml;stermeye kalkm\u0131\u015flard\u0131. <\/span><\/em><\/strong><\/span><\/span><\/p>\n<p style=\"margin-bottom: 0cm; text-align: justify; text-indent: 1cm; line-height: 16pt;\"><span class=\"s1\" style=\"font-size: 12pt;\"><span class=\"s1\"><strong><em><span style=\"font-family: 'Arial', sans-serif;\">Bu &ccedil;evrelerin iddialar\u0131 \u015fu: Sek&uuml;lerle\u015fme art\u0131yordu. Bu durum AKP taban\u0131ndaki gen&ccedil;leri de etkiliyordu. 2023&rsquo;te 5 milyon yeni se&ccedil;menin oy kullanaca\u011f\u0131 unutulmamal\u0131d\u0131r. AKP bu kesimden oy almak istiyorsa, \u0130stanbul S&ouml;zle\u015fmesi&rsquo;ne kar\u015f\u0131 &ccedil;\u0131kmamal\u0131d\u0131r. Bu &ccedil;evreler s&ouml;zle\u015fmelerin muhtevas\u0131 konusunda genel olarak birka&ccedil; maddede ya\u015fanan s\u0131k\u0131nt\u0131lar\u0131n giderilmesi halinde &ldquo;yola devam&rdquo; anlay\u0131\u015f\u0131ndalard\u0131. Bu s&ouml;zle\u015fme de\u011fi\u015fince yasa, y&ouml;netmelik, genelgelerin de\u011fi\u015ftirilmesi gerekecekti. Bu durum da onlar a&ccedil;\u0131s\u0131ndan kazan\u0131mlar\u0131n kaybedilmesi anlam\u0131na geliyordu. Tabi bir de su&ccedil;luluk psikolojisi ile kendilerinden hesap sorulmas\u0131ndan korkuyorlard\u0131. &Ccedil;&uuml;nk&uuml; bu konuda daha &ouml;nce laf dinlemediler, hatta kar\u015f\u0131 &ccedil;\u0131kanlar\u0131 susturmak i&ccedil;in kaba davran\u0131\u015flarda bulundular. Ayaklar\u0131 yere basm\u0131yordu. U&ccedil;uyorlard\u0131. Sek&uuml;ler kesimlerin deste\u011fi, Bat\u0131&rsquo;dan gelen destek ba\u015flar\u0131n\u0131 d&ouml;nd&uuml;rm&uuml;\u015ft&uuml;. Bu kesimlere g&ouml;re, s&ouml;zle\u015fmeden geri ad\u0131m at\u0131l\u0131rsa, bunun arkas\u0131 gelirdi. Bu da partide hem b&ouml;l&uuml;nmeye yol a&ccedil;ar, hem kazan\u0131mlar elden giderdi, bu i\u015fin sonunda AKP&rsquo;nin sonu haz\u0131rlan\u0131rd\u0131!?<\/span><\/em><\/strong><\/span><\/span><\/p>\n<p style=\"margin-bottom: 0cm; text-align: justify; text-indent: 1cm; line-height: 16pt;\"><span class=\"s1\"><strong><em><span style=\"font-family: 'Arial', sans-serif;\"><span style=\"font-size: 12pt;\">Mesela bu &ccedil;evrelere g&ouml;re ekonomi ve i\u015fsizlik \u0130stanbul S&ouml;zle\u015fmesi&rsquo;nden &ouml;nce gelirdi. AKP&rsquo;yi Ayasofya &uuml;zerinden ele\u015ftiren bir video vard\u0131. Ayn\u0131 mant\u0131kla haz\u0131rlanm\u0131\u015f bir video. Bunlara g&ouml;re gen&ccedil;lerin tek derdi \u015fu an i\u015f ve kariyerdi.<\/span> <\/span><\/em><\/strong><\/span><span class=\"s1\"><strong><em><span style=\"font-size: 14pt; font-family: 'Arial', sans-serif;\">S&ouml;yleyeyim, yolsuzluk, r&uuml;\u015fvet, torpil de konu\u015fuluyor da ailelerine ate\u015f d&uuml;\u015fenlerin derdi sand\u0131klar\u0131 gibi para de\u011fil, aileleriydi. Kad\u0131n\u0131, erke\u011fi, &ccedil;ocuklar\u0131 ile d&uuml;nyalar\u0131n\u0131 karartmakla kalmay\u0131p, ahiretlerini de mahveden bir s&uuml;rece girmeleri. Fuhu\u015f, uyu\u015fturucu, lezbiyenlik, homoseks&uuml;ellik&hellip; <\/span><\/em><\/strong><\/span><span class=\"s1\" style=\"font-size: 12pt;\"><strong><em><span style=\"font-family: 'Arial', sans-serif;\">Bu arkada\u015flar\u0131n kafas\u0131 b&ouml;yle &ccedil;al\u0131\u015fmaktayd\u0131. Bu kafa ile Erdo\u011fan&rsquo;\u0131n karar\u0131n\u0131 engellemeye &ccedil;al\u0131\u015f\u0131yorlard\u0131. Oysa bu i\u015fleri nereden ne kadar oy gelir ya da oy kaybederiz diye d&uuml;\u015f&uuml;nmeden &ouml;nce, yapt\u0131\u011f\u0131m\u0131z i\u015fin Allah&rsquo;\u0131n r\u0131zas\u0131na uygun olmad\u0131\u011f\u0131 a&ccedil;\u0131s\u0131ndan sorgulamak laz\u0131md\u0131.&rdquo;<\/span><\/em><\/strong><\/span><\/p>\n<p style=\"margin-bottom: 0cm; text-align: justify; text-indent: 1cm; line-height: 16pt;\"><strong><span style=\"font-size: 12pt; font-family: 'Arial', sans-serif;\">&ldquo;Kad\u0131na y&ouml;nelik \u015fiddeti ve aile i&ccedil;i \u015fiddeti &ouml;nleme (k\u0131l\u0131f\u0131yla toplum uyutulup oyalanan, ama asl\u0131nda sosyal yap\u0131y\u0131 yozla\u015ft\u0131rma) amac\u0131 ta\u015f\u0131yan <\/span><\/strong><strong><span style=\"font-size: 14pt; font-family: 'Arial', sans-serif;\">\u0130stanbul S&ouml;zle\u015fmesi <\/span><\/strong><strong><span style=\"font-size: 12pt; font-family: 'Arial', sans-serif;\">Avrupa Konseyi Bakanlar Komitesi&#8217;nin 121. toplant\u0131s\u0131nda kararla\u015ft\u0131r\u0131ld\u0131. Toplant\u0131 \u0130stanbul&#8217;da yap\u0131ld\u0131\u011f\u0131 i&ccedil;in bu ismi ald\u0131. Bu mel&rsquo;un s&ouml;zle\u015fme, 11 May\u0131s 2011&#8217;de \u0130stanbul&#8217;da imzaya a&ccedil;\u0131ld\u0131. S&ouml;zle\u015fmeyi ilk kabul eden &uuml;lke 12 Mart 2012&#8217;de Erdo\u011fan iktidar\u0131yd\u0131.<\/span><\/strong><\/p>\n<p style=\"margin-bottom: 0cm; text-align: justify; text-indent: 1cm; line-height: 16pt;\"><strong><span style=\"font-size: 12pt; font-family: 'Arial', sans-serif;\">\u0130\u015fte Abdurrahman Dilipak, s&ouml;zle\u015fme konusunda h&uuml;k&uuml;meti uyaran tek sat\u0131r yazmam\u0131\u015ft\u0131. Ve yine ayn\u0131 Dilipak, 28 Aral\u0131k 2011&#8217;de \u0130KK ve Aile Bakanl\u0131\u011f\u0131&#8217;n\u0131n d&uuml;zenledi\u011fi &ldquo;M&uuml;sl&uuml;man Toplumlarda De\u011fi\u015fim ve Kad\u0131n\u0131n Rol&uuml;&rdquo; toplant\u0131s\u0131na kat\u0131lm\u0131\u015ft\u0131. Fakat, \u0130stanbul S&ouml;zle\u015fmesi&#8217;ne dair bir itiraz\u0131na rastlanmam\u0131\u015ft\u0131. Aksine&hellip; Bug&uuml;n, <em>&ldquo;Bu felaketin sorumlular\u0131 aras\u0131nda en &ouml;nemli isim olarak kar\u015f\u0131m\u0131za hep Fatma \u015eahin &ccedil;\u0131k\u0131yor&rdquo;<\/em> dedi\u011fi d&ouml;nemin Aile ve Sosyal Politikalar Bakan\u0131 Fatma \u015eahin&#8217;e &ouml;vg&uuml;ler ya\u011fd\u0131rm\u0131\u015ft\u0131! Dilipak o d&ouml;nemde, Aile ve Sosyal Politikalar Bakanl\u0131\u011f\u0131&#8217;n\u0131n d&uuml;zenledi\u011fi Aile Forumu toplant\u0131lar\u0131nda da konu\u015fmalar yapm\u0131\u015f ve; bir tek kelime olsun a\u011fz\u0131ndan \u0130stanbul S&ouml;zle\u015fmesi &ccedil;\u0131kmam\u0131\u015ft\u0131! &Ccedil;&uuml;nk&uuml; \u0130stanbul S&ouml;zle\u015fmesi&#8217;nin imzaya a&ccedil;\u0131l\u0131p y&uuml;r&uuml;rl&uuml;\u011fe girdi\u011fi tarihe kadar Abdurrahman Dilipak&#8217;\u0131n g&uuml;ndeminde a\u011f\u0131rl\u0131kl\u0131 olarak Ergenekon-Balyoz vard\u0131! Bu FET&Ouml; kumpas\u0131na a\u015f\u0131r\u0131 destek sa\u011flamaktayd\u0131. S&uuml;rekli isimler yaz\u0131p &ldquo;bunlar\u0131 da hapse at\u0131n&rdquo; diye &ccedil;\u0131rp\u0131nmaktayd\u0131.<\/span><\/strong><\/p>\n<p style=\"margin-bottom: 0cm; text-align: justify; text-indent: 1cm; line-height: 16pt;\"><strong><span style=\"font-size: 14pt; font-family: 'Arial', sans-serif;\">Dilipak&#8217;\u0131n ba\u015fkalar\u0131n\u0131n namusunu karalama yorumlar\u0131 elbette FET&Ouml; yalanlar\u0131yd\u0131 ve Dilipak hi&ccedil; ku\u015fku duymadan kula\u011f\u0131na f\u0131s\u0131ldananlar\u0131 k&ouml;\u015fesine ta\u015f\u0131m\u0131\u015f; kar\u015f\u0131l\u0131\u011f\u0131nda ise FET&Ouml;&#8217;den &ldquo;onur &ouml;d&uuml;l&uuml;&rdquo; bile alm\u0131\u015ft\u0131&hellip;<\/span><\/strong><\/p>\n<p style=\"margin-bottom: 0cm; text-align: justify; text-indent: 1cm; line-height: 16pt;\"><strong><em><span style=\"font-size: 12pt; font-family: 'Arial', sans-serif;\">Ayn\u0131 Dilipak&#8217;\u0131n \u0130stanbul S&ouml;zle\u015fmesi&#8217;ni destekleyenlere bug&uuml;nlerde &ldquo;fahi\u015fe&rdquo; demesine \u015fa\u015f\u0131rmay\u0131n\u0131z. Peki Dilipak (ve yanda\u015f tak\u0131m\u0131) o d&ouml;nem \u0130stanbul S&ouml;zle\u015fmesi&#8217;ne dair tek kar\u015f\u0131 ses &ccedil;\u0131karmazken, bug&uuml;n kendilerinden ge&ccedil;ecek kadar ni&ccedil;in azg\u0131n muhalif olup &ccedil;\u0131km\u0131\u015ft\u0131?&rdquo;<\/span><\/em><\/strong><span style=\"font-size: 12pt; font-family: 'Arial', sans-serif;\"> <strong>diye merakla soran Soner Yal&ccedil;\u0131n&rsquo;\u0131 biz yan\u0131tlayal\u0131m: Bu, klasik bir m&uuml;naf\u0131kl\u0131k tavr\u0131yd\u0131. Erdo\u011fan iktidar\u0131n\u0131n t&ouml;kezledi\u011fini g&ouml;r&uuml;nce, ucuz kahramanl\u0131k rol&uuml;yle batan gemiyi ilk terk edenlerden biri olma tela\u015f\u0131yd\u0131. \u0130kincisi ise, Milli &Ccedil;&ouml;z&uuml;m Dergisi&rsquo;nin en ba\u015f\u0131ndan beri bu konuda yazd\u0131klar\u0131n\u0131n ve video payla\u015f\u0131mlar\u0131n\u0131n duyarl\u0131 insanlar\u0131n g&ouml;z&uuml;n&uuml; a&ccedil;mas\u0131 kar\u015f\u0131s\u0131nda Dilipak &ldquo;d&uuml;r&uuml;stl&uuml;k rol&uuml;&rdquo; tak\u0131nmaya mecbur kalm\u0131\u015ft\u0131. \u015eu hususu da, &ouml;nemle ve &ouml;zellikle vurgulayal\u0131m ki; Biz Milli &Ccedil;&ouml;z&uuml;mc&uuml;ler ve duyarl\u0131 kesimler olarak kald\u0131r\u0131lmas\u0131n\u0131 istedi\u011fimiz: \u0130stanbul S&ouml;zle\u015fmesi&rsquo;nin &ldquo;Kad\u0131na (veya erke\u011fe) \u015fiddeti &ouml;nleyici&rdquo; tedbirleri de\u011fil; e\u015fcinsellik, lezbiyenlik ve her t&uuml;rl&uuml; fuh\u015fa serbestlik kazand\u0131ran ve devlete bu ahl&acirc;ks\u0131zl\u0131klar\u0131n reklam\u0131n\u0131 ve korumac\u0131l\u0131\u011f\u0131n\u0131 yapt\u0131ran dolayl\u0131 ve dayatmac\u0131 maddeleri olmaktayd\u0131. Ama Darwinist, Kom&uuml;nist, Kemalist, Tayyibist ve Feminist tak\u0131nanlar bu ger&ccedil;e\u011fi gizleyip &ccedil;arp\u0131tmaktayd\u0131.<\/strong><\/span><\/p>\n<p style=\"margin-bottom: 0cm; text-align: justify; text-indent: 1cm; line-height: 16pt;\"><strong><span style=\"font-size: 14pt; font-family: 'Arial', sans-serif;\">\u0130stanbul S&ouml;zle\u015fmesi AKP&rsquo;nin ve TBMM&rsquo;nin Y&uuml;z Karas\u0131yd\u0131!<\/span><\/strong><\/p>\n<p style=\"margin-bottom: 0cm; text-align: justify; text-indent: 1cm; line-height: 16pt;\"><strong><span style=\"font-size: 12pt; font-family: 'Arial', sans-serif;\">Sn. dindar ve kahraman Erdo\u011fan&rsquo;\u0131n zinay\u0131 su&ccedil; kapsam\u0131ndan &ccedil;\u0131karan yasay\u0131 y&uuml;r&uuml;rl&uuml;\u011fe koymas\u0131 tam 15 y\u0131l\u0131 a\u015fm\u0131\u015ft\u0131. Cumhurba\u015fkan\u0131&rsquo;n\u0131n, <em>&ldquo;Zina yasas\u0131 &ccedil;\u0131karmakla hata ettik&rdquo; <\/em>itiraf\u0131 ve <em>&ldquo;\u0130stanbul S&ouml;zle\u015fmesi nas de\u011fildir, de\u011fi\u015ftirilebilir&rdquo; <\/em>&ccedil;\u0131k\u0131\u015flar\u0131 ise halk\u0131 avutup oyalama numaralar\u0131yd\u0131. AKP Genel Ba\u015fkan Vekili Numan Kurtulmu\u015f, <em>&ldquo;Halk\u0131n beklentisine ilgisiz kalamay\u0131z. Usul&uuml;ne uyularak s&ouml;zle\u015fmeden &ccedil;\u0131k\u0131l\u0131r&rdquo;<\/em> (02.07.2020) derken; Cumhurba\u015fkan\u0131n\u0131n da <em>&ldquo;T&uuml;rkiye&rsquo;nin s&ouml;zle\u015fmeden &ccedil;ekilebilece\u011fini&rdquo;<\/em> (T&uuml;rkiye, 15.07.2020) a&ccedil;\u0131klamalar\u0131 tam bir riyak&acirc;rl\u0131kt\u0131. Bu \u0130stanbul S&ouml;zle\u015fmesi skandal\u0131 daha ne zamana kadar s&uuml;r&uuml;ncemede b\u0131rak\u0131lacakt\u0131? Kamu Ba\u015f denet&ccedil;isi \u015eeref Malko&ccedil;, <em>&ldquo;Yasa d&uuml;zenlenirken toplumda yeteri kadar tart\u0131\u015f\u0131lmad\u0131\u011f\u0131&rdquo;<\/em>ndan yak\u0131nm\u0131\u015f, s&ouml;zle\u015fmede, <em>&ldquo;Kullan\u0131lan dilin, kavramlara y&uuml;klenen anlamlar\u0131n, &ccedil;izilen &ccedil;er&ccedil;evenin psikolojik sava\u015f mant\u0131\u011f\u0131 oldu\u011funu&rdquo;<\/em> s&ouml;yleyerek, <em>&ldquo;\u0130stanbul S&ouml;zle\u015fmesi feshedilmelidir&rdquo;<\/em> (T&uuml;rkiye, 22.11.2019) teklifini yapm\u0131\u015ft\u0131. Bunca l&acirc;ftan sonra, konunun h&acirc;l&acirc; takvime ba\u011flanmamas\u0131 bir skandald\u0131.<\/span><\/strong><\/p>\n<p style=\"margin-bottom: 0cm; text-align: justify; text-indent: 1cm; line-height: 16pt;\"><strong><span style=\"font-size: 12pt; font-family: 'Arial', sans-serif;\">Halk\u0131m\u0131z, \u0130stanbul S&ouml;zle\u015fmesi&rsquo;nin tahribat\u0131n\u0131; aile facialar\u0131, cinayetler, <em>&ldquo;Kad\u0131n\u0131n beyan\u0131 esast\u0131r&rdquo; <\/em>maddesini kullanarak baz\u0131 han\u0131mlar\u0131n sebepsiz yere beylerini \u015fik&acirc;yetleri sonucu; erke\u011fin savunmas\u0131 bile al\u0131nmadan evinden uzakla\u015ft\u0131r\u0131lmas\u0131yla olu\u015fan ma\u011fduriyetleri ve ailenin &ccedil;&ouml;k&uuml;\u015fe ge&ccedil;mesinin g&ouml;r&uuml;lmesinden sonra anlamaya ba\u015flam\u0131\u015ft\u0131. D\u0130B Ba\u015fkan Yard\u0131mc\u0131s\u0131 Burhan \u0130\u015fleyen ise, <em>&ldquo;Aile yap\u0131m\u0131z\u0131n &ccedil;&ouml;kertilmek &uuml;zere oldu\u011fu&rdquo; <\/em>(12.11.2019) uyar\u0131s\u0131n\u0131 yapm\u0131\u015ft\u0131. \u0130stanbul emekli Ba\u015fvaizi Mustafa Akg&uuml;l, TRT&rsquo;deki konu\u015fmas\u0131nda adeta yalvarm\u0131\u015f ve: <em>&ldquo;Ne olur, k\u0131sa zamanda \u0130stanbul S&ouml;zle\u015fmesi ve zina yasas\u0131n\u0131 iptal edin de; gelecek neslimizi kurtaral\u0131m&rdquo;<\/em> diye uyarm\u0131\u015ft\u0131. (Ramazan Sevinci, 09.05.2020) Mel&rsquo;un \u0130stanbul S&ouml;zle\u015fmesi&rsquo;nin H&uuml;k&uuml;met&ccedil;e imzalanmas\u0131 ve TBMM&rsquo;de kabul edilmi\u015f olmas\u0131 &ouml;ylesine oldubittiye getirilmi\u015fti ki, &ldquo;skandal&rdquo; s&ouml;z&uuml; yan\u0131nda hafif kal\u0131rd\u0131. Anayasa&rsquo;n\u0131n &uuml;zerinde bir hukuk&icirc; yapt\u0131r\u0131ma sahip olan bir s&ouml;zle\u015fme, kamuoyunda tart\u0131\u015f\u0131lmadan yasala\u015ft\u0131r\u0131l\u0131r m\u0131yd\u0131? Milletvekillerinin bir an &ouml;nce evlerine gitme moduna girdikleri gece yar\u0131s\u0131 bir vakitte g&ouml;r&uuml;\u015fmeye a&ccedil;\u0131l\u0131r m\u0131yd\u0131? Bu acelenin sebebi ne olayd\u0131? Bu g&ouml;r&uuml;nt&uuml;, bu i\u015fte &ldquo;bir tuzak&rdquo; oldu\u011funun kan\u0131t\u0131yd\u0131.<\/span><\/strong><\/p>\n<p style=\"margin-bottom: 0cm; text-align: justify; text-indent: 1cm; line-height: 16pt;\"><strong><span style=\"font-size: 12pt; font-family: 'Arial', sans-serif;\">10 Kas\u0131m 2011&rsquo;de, saat 22.50&rsquo;den itibaren TBMM&rsquo;de g&ouml;r&uuml;\u015fmeye a&ccedil;\u0131lan s&ouml;zle\u015fmenin Meclis tutanaklar\u0131ndaki \u015fu ifadelerini inceleyelim:<\/span><\/strong><\/p>\n<p style=\"margin-bottom: 0cm; text-align: justify; text-indent: 1cm; line-height: 16pt;\"><span style=\"font-size: 12pt; font-family: 'Arial', sans-serif;\">CHP Grubu ad\u0131na <strong>Ay\u015fe G&uuml;ls&uuml;n Bilgehan<\/strong> (Ankara): <strong><em>&ldquo;Gecenin bu saatinde &ccedil;ok &ouml;nemli bir uluslararas\u0131 s&ouml;zle\u015fmeyi hep birlikte onaylayaca\u011f\u0131z.&rdquo;<\/em><\/strong><\/span><\/p>\n<p style=\"margin-bottom: 0cm; text-align: justify; text-indent: 1cm; line-height: 16pt;\"><span style=\"font-size: 12pt; font-family: 'Arial', sans-serif;\">HDP Grubu ad\u0131na <strong>Pervin Buldan<\/strong> (I\u011fd\u0131r): <strong><em>&ldquo;Bu gece yar\u0131s\u0131 b&ouml;ylesine &ouml;nemli bir konuyu kanunla\u015ft\u0131raca\u011f\u0131m\u0131z i&ccedil;in&hellip;&rdquo;<\/em><\/strong><\/span><\/p>\n<p style=\"margin-bottom: 0cm; text-align: justify; text-indent: 1cm; line-height: 16pt;\"><span style=\"font-size: 12pt; font-family: 'Arial', sans-serif;\">AKP Grubu ad\u0131na <strong>Nurettin Canikli<\/strong> (Mersin): <strong><em>&ldquo;&Ouml;zellikle \u015fu saatte ortaya &ccedil;\u0131kan bu g&uuml;zel ve uzla\u015fma tablosundan dolay\u0131&hellip;&rdquo;<\/em><\/strong><\/span><\/p>\n<p style=\"margin-bottom: 0cm; text-align: justify; text-indent: 1cm; line-height: 16pt;\"><strong><span style=\"font-size: 12pt; font-family: 'Arial', sans-serif;\">&ldquo;Gecenin bu saatinde&hellip;&rdquo;; &ldquo;bu gece yar\u0131s\u0131&rdquo; ifadelerine dikkat ettiniz mi? Ayr\u0131ca, &ldquo;birlikte onaylayaca\u011f\u0131z&rdquo;; &ldquo;uzla\u015fma tablosu&rdquo; s&ouml;zlerine&hellip; B&uuml;t&uuml;n partilerin, d\u0131\u015f kaynakl\u0131 \u0130stanbul S&ouml;zle\u015fmesi&rsquo;nde uzla\u015fmas\u0131 AKP iktidar\u0131n\u0131n da, MHP orta\u011f\u0131n\u0131n da s&ouml;zde muhalefet kanad\u0131n\u0131n da ayn\u0131 Siyonist ve emperyalist odaklar\u0131n g&uuml;d&uuml;m&uuml;nde olduklar\u0131n\u0131n a&ccedil;\u0131k bir ispat\u0131yd\u0131&hellip; <\/span><\/strong><\/p>\n<p style=\"margin-bottom: 0cm; text-align: justify; text-indent: 1cm; line-height: 16pt;\"><strong><span style=\"font-size: 14pt; font-family: 'Arial', sans-serif;\">D&ouml;nemin AKP \u0130stanbul Milletvekili Mehmet Metiner&rsquo;in, s&ouml;zle\u015fme konusundaki \u015fu riyak&acirc;rl\u0131k &ldquo;itiraf&rdquo;\u0131na hi&ccedil; itiraz eden olmam\u0131\u015f:<\/span><\/strong><span style=\"font-size: 14pt; font-family: 'Arial', sans-serif;\"> <\/span><strong><em><span style=\"font-size: 12pt; font-family: 'Arial', sans-serif;\">&ldquo;Vekil arkada\u015flar\u0131m\u0131z\u0131n kahir ekseriyeti neye oy verdiklerini bilmeden el kald\u0131rd\u0131lar.&rdquo;<\/span><\/em><\/strong><span style=\"font-size: 12pt; font-family: 'Arial', sans-serif;\"> (05.05.2020) Meclis&rsquo;teki di\u011fer g&ouml;r&uuml;\u015fmeler de, b&ouml;yle <strong>&ldquo;g&ouml;z&uuml; kapal\u0131&rdquo;<\/strong> m\u0131 yap\u0131lmaktayd\u0131? Hat\u0131rlay\u0131n\u0131z; Mu\u011fla&rsquo;da t&uuml;yler &uuml;rpertici bir vah\u015fet ya\u015fand\u0131. P\u0131nar G&uuml;ltekin isimli &uuml;niversite &ouml;\u011frencisi, tuza\u011f\u0131na d&uuml;\u015ft&uuml;\u011f&uuml; cani taraf\u0131ndan ba\u011f evinde d&ouml;v&uuml;l&uuml;yor, bo\u011fuluyor, varile at\u0131l\u0131p yak\u0131l\u0131yordu. D&uuml;\u015f&uuml;nebiliyor musunuz? Bitlis&rsquo;in Hizan il&ccedil;esine ba\u011fl\u0131 bir k&ouml;yden bir k\u0131z, &ouml;\u011frenim i&ccedil;in Mu\u011fla&rsquo;ya gidiyor; orada k&ouml;t&uuml; ellerin tuza\u011f\u0131na d&uuml;\u015f&uuml;yor. Okullar\u0131n tatil oldu\u011fu d&ouml;nemde bu korkun&ccedil; ak\u0131beti ya\u015f\u0131yordu! Evl&acirc;tlar\u0131m\u0131z\u0131 tuza\u011f\u0131na d&uuml;\u015f&uuml;ren bu mekanizmay\u0131 kimler kurmu\u015flard\u0131? Hangi d&uuml;zenlemeler onlar\u0131 bu duruma ta\u015f\u0131m\u0131\u015ft\u0131? E\u011fitimimiz ni&ccedil;in uyan\u0131k, ferasetli, mill&icirc; kimli\u011fimizle &ouml;zde\u015fle\u015fmi\u015f nesiller yeti\u015ftirmek yerine yozla\u015ft\u0131rmaktayd\u0131? Bunlar\u0131 sorgulamayacak m\u0131y\u0131z? Vah\u015feti yaln\u0131z &ldquo;kad\u0131n cinayeti&rdquo; &uuml;zerinden de\u011ferlendirmek ne kadar sa\u011fl\u0131kl\u0131yd\u0131? <\/span><\/p>\n<p style=\"margin-bottom: 0cm; text-align: justify; text-indent: 1cm; line-height: 16pt;\"><span style=\"font-size: 12pt; font-family: 'Arial', sans-serif;\">\u0130stanbul S&ouml;zle\u015fmesi tuza\u011f\u0131na kap\u0131lmay\u0131n! O bizim de\u011fil, Ha&ccedil;l\u0131 ve ahl&acirc;ks\u0131z Avrupa Konseyi&rsquo;nin haz\u0131rl\u0131\u011f\u0131d\u0131r!.. Avrupa&rsquo;n\u0131n T&uuml;rkiye hakk\u0131ndaki hay\u0131rl\u0131 bir karar\u0131na hi&ccedil; rastlad\u0131n\u0131z m\u0131? S&ouml;zle\u015fme kad\u0131n\u0131 korumuyor; aileyi &ccedil;&ouml;kertiyor. Cumhurba\u015fkan\u0131 bile yalandan yak\u0131nm\u0131\u015ft\u0131: <strong>&ldquo;Nik&acirc;h akdi de\u011fersizle\u015ftiriliyor; evlilik d\u0131\u015f\u0131 ili\u015fkiler normalle\u015fiyor.&rdquo;<\/strong> (02.05.2019)<strong> &ldquo;Aile &ccedil;&ouml;k&uuml;yor; seferberlik ba\u015flatmal\u0131y\u0131z.&rdquo; <\/strong>(09.12.2019) Elbette bizler; <strong>&ldquo;Kimsenin \u015fiddete u\u011framas\u0131n\u0131 istemeyiz. Ancak bu s&ouml;zle\u015fme zihinlerde tel&acirc;fisi zor d&ouml;n&uuml;\u015f&uuml;mler yapt\u0131. Hep sonu&ccedil;lar &uuml;zerinden konu\u015fuyoruz. AKP son 9 y\u0131l\u0131n hesab\u0131n\u0131 vermeli. Uyum yasalar\u0131, s&ouml;zle\u015fme aileyi &ccedil;&ouml;kertti. Kad\u0131n\u0131 de\u011fersizle\u015ftirdi; erke\u011fi kukla yapt\u0131.&rdquo;[1]<\/strong><\/span><\/p>\n<p style=\"margin-bottom: 0cm; text-align: justify; text-indent: 1cm; line-height: 16pt;\"><span style=\"font-size: 12pt;\"><strong><span style=\"font-family: 'Arial', sans-serif;\">\u0130stanbul S&ouml;zle\u015fmesi&rsquo;nden yana olanlar, kad\u0131na y&ouml;nelik \u015fiddetin bu s&ouml;zle\u015fmenin uygulanmas\u0131 ile &ouml;nlenebilece\u011fini savunmaktayd\u0131. Oysa ortaya &ccedil;\u0131kan ger&ccedil;ek, \u0130stanbul S&ouml;zle\u015fmesi&rsquo;nin kad\u0131na y&ouml;nelik \u015fiddeti &ouml;nlemede bir i\u015fe yaramad\u0131\u011f\u0131yd\u0131. Kad\u0131na y&ouml;nelik \u015fiddeti &ouml;nlemede bir i\u015fe yaramam\u0131\u015ft\u0131 ama aile yap\u0131s\u0131n\u0131 tahripte bir hayli ba\u015far\u0131l\u0131yd\u0131. &Ouml;zellikle e\u015fcinsel ili\u015fkilere g&ouml;sterdi\u011fi yak\u0131n ilgi bu konunun savunucular\u0131 taraf\u0131ndan bir hayli istismara u\u011framaktayd\u0131. \u0130stanbul S&ouml;zle\u015fmesi y\u0131llar &ouml;nce imzalanm\u0131\u015ft\u0131. Ancak kad\u0131na y&ouml;nelik \u015fiddete ba\u015fvuranlar &ldquo;&uuml;lkemizde b&ouml;yle bir s&ouml;zle\u015fme var \u015fiddete ba\u015fvurursak can\u0131m\u0131z yanar&rdquo; endi\u015fesini hi&ccedil; mi ama hi&ccedil; ta\u015f\u0131mam\u0131\u015flard\u0131. Kad\u0131na y&ouml;nelik \u015fiddetin &ouml;n&uuml;ne cezalar\u0131 a\u011f\u0131rla\u015ft\u0131rarak ge&ccedil;mek m&uuml;mk&uuml;n olmayacakt\u0131. Bu konuda cezalar\u0131 a\u011f\u0131rla\u015ft\u0131rma yerine, manevi ve ahl&acirc;ki e\u011fitime a\u011f\u0131rl\u0131k verilmesi daha yararl\u0131 olacakt\u0131. Cumhurba\u015fkan\u0131 Erdo\u011fan&rsquo;\u0131n da defalarca ifade ve itiraf etti\u011fi gibi e\u011fitim konusunda istenen ad\u0131mlar maalesef bir t&uuml;rl&uuml; at\u0131lamam\u0131\u015f ve bir \u015feyler hep eksik kalm\u0131\u015f durumdayd\u0131.<\/span><\/strong><\/span><\/p>\n<p style=\"margin-bottom: 0cm; text-align: justify; text-indent: 1cm; line-height: 16pt;\"><strong><span style=\"font-size: 14pt; font-family: 'Arial', sans-serif;\">\u0130stanbul S&ouml;zle\u015fmesi, &Ccedil;ok Sinsi ve Ahl&acirc;ki Bir Tahribatt\u0131r!<\/span><\/strong><\/p>\n<p style=\"margin-bottom: 0cm; text-align: justify; text-indent: 1cm; line-height: 16pt;\"><strong><span style=\"font-size: 12pt; font-family: 'Arial', sans-serif;\">Defalarca yaz\u0131ld\u0131 uyar\u0131ld\u0131: Bu s&ouml;zle\u015fmede bahsi edilen <\/span><\/strong><strong><em><span style=\"font-size: 14pt; font-family: 'Arial', sans-serif;\">&#8220;Toplumsal Cinsiyet&#8221;<\/span><\/em><\/strong><span style=\"font-size: 14pt; font-family: 'Arial', sans-serif;\"> <\/span><strong><span style=\"font-size: 12pt; font-family: 'Arial', sans-serif;\">kavram\u0131n\u0131n, erkek ve kad\u0131ndan ziyade yeni bir cinsiyet t&uuml;r&uuml;ne i\u015faret etti\u011fini, LGBT&#8217;lilerin yeni bir cinsiyet t&uuml;r&uuml; olarak ilan edildi\u011fini h&acirc;l&acirc; anlamayanlar ya ahmakt\u0131r ya al&ccedil;akt\u0131r. &lsquo;Kad\u0131na Y&ouml;nelik \u015eiddet&#8217; T&uuml;rkiye&#8217;ye oranla Avrupa&#8217;da &ccedil;ok daha fazlad\u0131r, bizim bu konuda Avrupa&#8217;dan ders almaya ihtiyac\u0131m\u0131z yoktur, kad\u0131na y&ouml;nelik \u015fiddeti inan&ccedil; ve ahl&acirc;k &ouml;l&ccedil;&uuml;lerimizle &ccedil;&ouml;zmemiz laz\u0131md\u0131r. \u0130stanbul S&ouml;zle\u015fmesi&rsquo;ndeki: <em>&#8220;Kad\u0131n\u0131n beyan\u0131 esast\u0131r&#8221; <\/em>maddesinin, korkun&ccedil; sonu&ccedil;lara yol a&ccedil;t\u0131\u011f\u0131, kad\u0131nlar\u0131n bir iddias\u0131 ile erkeklerin; tecav&uuml;zc&uuml;, dayak&ccedil;\u0131 ve istismarc\u0131 say\u0131ld\u0131\u011f\u0131 ve bunun bir cinnet halini ald\u0131\u011f\u0131 defalarca hayk\u0131r\u0131ld\u0131. Evet \u0130stanbul S&ouml;zle\u015fmesi&#8217;nde bu y\u0131k\u0131c\u0131 detaylar a&ccedil;\u0131k&ccedil;a yer almamaktad\u0131r ve zaten as\u0131l sorun da buradad\u0131r. Maalesef \u0130stanbul S&ouml;zle\u015fmesi gizli bir i\u015fgal anayasas\u0131 gibi Erdo\u011fan iktidar\u0131na dayat\u0131lm\u0131\u015ft\u0131r. T&uuml;rkiye Cumhuriyeti&rsquo;nin bu yeni Anayasas\u0131&#8217;nda da bug&uuml;n idare edildi\u011fimiz kanunlar\u0131n pek &ccedil;o\u011fu a&ccedil;\u0131k&ccedil;a yaz\u0131lmam\u0131\u015ft\u0131r. Ama \u0130stanbul S&ouml;zle\u015fmesi&rsquo;nin uygulama safhas\u0131na, yani mahkeme a\u015famas\u0131na gelindi mi hepimizin can\u0131n\u0131 yakan haks\u0131zl\u0131klar ve &ccedil;arp\u0131kl\u0131klar ortaya &ccedil;\u0131kmaktad\u0131r.&nbsp;<\/span><\/strong><\/p>\n<p style=\"margin-bottom: 0cm; text-align: justify; text-indent: 1cm; line-height: 16pt;\"><strong><span style=\"font-size: 12pt; font-family: 'Arial', sans-serif;\">Bir yazar\u0131n dedi\u011fi gibi; mahkeme pe\u015finen&nbsp;<\/span><\/strong><strong><em><span style=\"font-size: 14pt; font-family: 'Arial', sans-serif;\">&#8220;Kad\u0131n\u0131n beyan\u0131 esast\u0131r&#8221;<\/span><\/em><\/strong><span style=\"font-size: 14pt; font-family: 'Arial', sans-serif;\"> <\/span><strong><span style=\"font-size: 12pt; font-family: 'Arial', sans-serif;\">diye kabul etti\u011finden, bir kad\u0131nla asans&ouml;re bindi\u011finizde \u015fayet size as\u0131ld\u0131 ve y&uuml;z bulamad\u0131ysa veya tipinizden-halinizden ho\u015flanmad\u0131ysa; o kad\u0131n <em>asans&ouml;rde tacize u\u011frad\u0131\u011f\u0131n\u0131 iddia etti\u011fi an<\/em> hayat\u0131n\u0131z kararacak ve hi&ccedil; kimse sizi kurtaramayacakt\u0131r. Veya; bir kad\u0131n herhangi bir ki\u015fiyle bir ay evli kal\u0131p ayr\u0131l\u0131yor, sonra gidip ba\u015fka bir erkekle nik&acirc;hs\u0131z birliktelik ya\u015f\u0131yor. Ama bo\u015fand\u0131\u011f\u0131 ki\u015fi ona &ouml;m&uuml;r boyu nafaka &ouml;demeye mecbur b\u0131rak\u0131l\u0131yor. Ve yine \u0130stanbul S&ouml;zle\u015fmesi gere\u011fi &ccedil;ocuklar\u0131n\u0131 y\u0131llarca g&ouml;rmeyen insanlara rastlan\u0131yor.&nbsp;<\/span><\/strong><\/p>\n<p style=\"margin-bottom: 0cm; text-align: justify; text-indent: 1cm; line-height: 16pt;\"><strong><span style=\"font-size: 12pt; font-family: 'Arial', sans-serif;\">\u015eu \u0130stanbul S&ouml;zle\u015fmesi&#8217;nden sonra LGBT&rsquo;lilerce ba\u015flat\u0131lan&nbsp;&#8220;Onur Y&uuml;r&uuml;y&uuml;\u015fleri&#8221;nin &acirc;deta resmige&ccedil;it t&ouml;renine d&ouml;n&uuml;\u015fmesini bu iktidar sa\u011flam\u0131\u015ft\u0131. LGBT&#8217;lilerin &uuml;&ccedil;&uuml;nc&uuml; cinsiyet olarak tan\u0131nmas\u0131n\u0131 Sn. Erdo\u011fan imzalad\u0131. Art\u0131k bu mel&rsquo;anetler onurlu ve do\u011fal bir \u015feymi\u015f gibi topluma sunulmaktayd\u0131. B&ouml;yle giderse yak\u0131nda sosyal k\u0131yametler ya\u015fanacakt\u0131r. &Ccedil;&uuml;nk&uuml; LGBT&#8217;liler sadece kendi i&ccedil;lerinde bu sapk\u0131nl\u0131kla kalmayacak, bu i\u015f yak\u0131n zamanda mahalle kafelerine kadar yay\u0131lacakt\u0131r. B&ouml;ylece her aileden bir ya da birka&ccedil; erkek &ccedil;ocu\u011funu LGBT&rsquo;liler aras\u0131na alman\u0131n ve Ha&ccedil;l\u0131 Bat\u0131&rsquo;n\u0131n g&ouml;n&uuml;ll&uuml; ajanlar\u0131 yap\u0131lman\u0131n yollar\u0131 kendili\u011finden a&ccedil;\u0131lacakt\u0131r.&nbsp;Bir yanda \u0130slam d&uuml;nyas\u0131n\u0131n lideri oldu\u011fu havas\u0131n\u0131 atan ve Ayasofya Fatihi tak\u0131lan Erdo\u011fan T&uuml;rkiye&rsquo;si, di\u011fer yandan d&uuml;nyan\u0131n en sapk\u0131n ve barbar &uuml;lkelerinin dayatt\u0131\u011f\u0131 ahl&acirc;ks\u0131zl\u0131k s&ouml;zle\u015fmelerini uygulayan Erdo\u011fan T&uuml;rkiye&rsquo;si vard\u0131r. Sn. Erdo\u011fan&rsquo;\u0131n \u015fahsi ihtiraslar\u0131 u\u011fruna gelece\u011fimizin ve gen&ccedil;li\u011fimizin tahribat\u0131na mutlaka engel olunmal\u0131d\u0131r!..<\/span><\/strong><\/p>\n<p style=\"margin-bottom: 0cm; text-align: justify; text-indent: 1cm; line-height: 16pt;\"><strong><span style=\"font-size: 12pt; font-family: 'Arial', sans-serif;\">Sahi bu arada; koyu Kemalist ve Milliyet&ccedil;i ge&ccedil;inen \u0130Y\u0130 Parti Genel Ba\u015fkan\u0131 <\/span><\/strong><strong><span style=\"font-size: 14pt; font-family: 'Arial', sans-serif;\">Meral Ak\u015fener<\/span><\/strong><strong><span style=\"font-size: 12pt; font-family: 'Arial', sans-serif;\">&rsquo;in, Erdo\u011fan&rsquo;\u0131n k\u0131z\u0131 S&uuml;meyye Han\u0131m&rsquo;\u0131n da y&ouml;netiminde bulundu\u011fu KADEM m&uuml;cahideleriyle&hellip; Dinsiz ve katil PKK&rsquo;n\u0131n siyasi aya\u011f\u0131 HDP&rsquo;lilerle ayn\u0131 &ccedil;izgide ve daha hararetle, bu mel&rsquo;un \u0130stanbul S&ouml;zle\u015fmesi&rsquo;ni savunmalar\u0131 nas\u0131l yorumlanacakt\u0131? Yoksa bunlar\u0131n hepsinin de yular\u0131n\u0131 ayn\u0131 Ha&ccedil;l\u0131-Siyonist odaklar m\u0131 tutmaktayd\u0131?<\/span><\/strong><\/p>\n<p style=\"margin-bottom: 0cm; text-align: justify; text-indent: 1cm; line-height: 16pt;\"><strong><span style=\"font-size: 14pt; font-family: 'Arial', sans-serif;\">Erdo\u011fan Kahraman m\u0131yd\u0131, Yoksa Bat\u0131&rsquo;ya m\u0131 Kap\u0131lanm\u0131\u015ft\u0131?<\/span><\/strong><\/p>\n<p style=\"margin-bottom: 0cm; text-align: justify; text-indent: 1cm; line-height: 16pt;\"><strong><span style=\"font-size: 12pt; font-family: 'Arial', sans-serif;\">Gaflet ve cehaletten &ouml;te; dal&acirc;let, hatta h\u0131yanet kokan, gelece\u011fimizi ve g&uuml;venli\u011fimizi karanl\u0131\u011fa sokan tercih ve giri\u015fimleriyle, &ouml;zellikle ahl&acirc;ki ve ailevi yap\u0131m\u0131z\u0131 temelinden sarsan sinsi d&uuml;zenlemeleriyle Allah&rsquo;\u0131n gazab\u0131n\u0131 hak eden AKP ve Erdo\u011fan iktidar\u0131, 2004 Aral\u0131k ay\u0131nda, g&uuml;ya <em>&ldquo;AB tam &uuml;yelik i&ccedil;in m&uuml;zakere tarihi verdi\u011fi&rdquo;<\/em> gerek&ccedil;esiyle Ankara&rsquo;da havai fi\u015fekli kutlamalar yapm\u0131\u015ft\u0131. Oysa Ha&ccedil;l\u0131 AB, bizi asla i&ccedil;lerine almayacaklard\u0131. Bu t&uuml;r kof vaatlerle sadece Milli ve manevi yap\u0131m\u0131z\u0131 daha da bozmak &uuml;zere, baz\u0131 dayatmalar yapacak ve birtak\u0131m tavizler koparacaklard\u0131. \u0130\u015fte bunlardan birisi de, e\u015fcinsellik ve lezbiyenlik gibi, Kur&rsquo;an&rsquo;la ve Resul&uuml;llah&rsquo;\u0131n lisan\u0131yla lanetlenen, yapanlara ve yapt\u0131ranlara beddua edilen mel&rsquo;anetlerin, g&uuml;ya <em>&ldquo;Kad\u0131na \u015fiddeti &ouml;nleme&rdquo; <\/em>gibi jelatinli k\u0131l\u0131flara sar\u0131lm\u0131\u015f ve sinsice makyajlanm\u0131\u015f olan <em>&ldquo;\u0130stanbul S&ouml;zle\u015fmesi&rdquo;<\/em> talimat\u0131yd\u0131&hellip; Hatta dindar kahraman Erdo\u011fan iktidar\u0131 bu mel&rsquo;un s&ouml;zle\u015fme gere\u011fi, AKP iktidar\u0131n\u0131n AB talimat\u0131yla e\u015fcinsellik ve zina serbestiyetini imzalad\u0131\u011f\u0131 sapk\u0131nlar\u0131n, fuhu\u015f &ouml;zg&uuml;rl&uuml;klerini(!) tam sa\u011flay\u0131p sa\u011flamad\u0131\u011f\u0131n\u0131 kontrol edip denetlemek ve Ha&ccedil;l\u0131 Siyonist merkezlere rapor etmek &uuml;zere Bat\u0131l\u0131 g&acirc;vurlar\u0131n g&ouml;revlendirdi\u011fi GREVIO el&ccedil;ilerine tam bir dokunulmazl\u0131k sa\u011flam\u0131\u015ft\u0131. &Ouml;yle ki; e\u015fcinsellik, lezbiyenlik ve kad\u0131nlara cinsi serbestlik kazand\u0131ran s&ouml;zle\u015fmenin tam uygulan\u0131p uygulanmad\u0131\u011f\u0131n\u0131 denetlemek &uuml;zere, AB taraf\u0131ndan &uuml;lkemize g&ouml;nderilecek yetkili g&ouml;revlilere tam bir dokunulmazl\u0131k sa\u011flanmakta ve her t&uuml;rl&uuml; tahribatlar\u0131 yapmalar\u0131na imk&acirc;n ve f\u0131rsat sunulmaktayd\u0131.<\/span><\/strong><\/p>\n<p style=\"margin-bottom: 0cm; text-align: justify; text-indent: 1cm; line-height: 16pt;\"><strong><span style=\"font-size: 14pt; font-family: 'Arial', sans-serif;\">\u0130\u015fte \u0130stanbul S&ouml;zle\u015fmesi&rsquo;ndeki &ldquo;GREVIO Skandal\u0131!&rdquo;<\/span><\/strong><\/p>\n<p style=\"margin-bottom: 0cm; text-align: justify; text-indent: 1cm; line-height: 16pt;\"><strong><span style=\"font-size: 12pt; font-family: 'Arial', sans-serif;\">&bull;Bu isimler Cumhurba\u015fkan\u0131 de\u011fildi! &bull;Bu isimler Devlet Ba\u015fkan\u0131 de\u011fildi! &bull;Bu isimler B&uuml;y&uuml;kel&ccedil;i de\u011fillerdi! &bull;Bu isimler Diplomat da de\u011fillerdi! &bull;Bu isimler Bakan ya da Milletvekili de\u011fildi! &bull;Bu isimler Genelkurmay Ba\u015fkan\u0131 da de\u011fildi!<\/span><\/strong><\/p>\n<p style=\"margin-bottom: 0cm; text-align: justify; text-indent: 1cm; line-height: 16pt;\"><strong><span style=\"font-size: 12pt; font-family: 'Arial', sans-serif;\">Ama bu isimlerin dokunulmazl\u0131klar\u0131 vard\u0131 ve bu imk&acirc;n\u0131 Erdo\u011fan iktidar\u0131 bunlara sunmu\u015flard\u0131!<\/span><\/strong><\/p>\n<p style=\"margin-bottom: 0cm; text-align: justify; text-indent: 1cm; line-height: 16pt;\"><strong><span style=\"font-size: 12pt; font-family: 'Arial', sans-serif;\">&bull;Bu sayede bu isimler tutuklanam\u0131yordu! &bull;Bu isimler g&ouml;zalt\u0131na al\u0131nam\u0131yordu! &bull;Bu isimlerin ki\u015fisel e\u015fyalar\u0131 haczedilemiyordu! &bull;Bu isimler yasal i\u015flemlerden muaf tutuluyordu! &bull;Bu isimler &uuml;lkede elini kolunu sallaya sallaya gezebiliyordu! Bu isimlere &uuml;lkede hareket serbestiyeti sa\u011flan\u0131yordu! &bull;Bu isimler her t&uuml;rl&uuml; k\u0131s\u0131tlamadan vareste tutuluyordu! &bull;Bu isimler yabanc\u0131lar\u0131n tabi olduklar\u0131 i\u015flemlerden de muaf say\u0131l\u0131yordu!<\/span><\/strong><\/p>\n<p style=\"margin-bottom: 0cm; text-align: justify; text-indent: 1cm; line-height: 16pt;\"><strong><span style=\"font-size: 12pt; font-family: 'Arial', sans-serif;\">Peki kim bu ki\u015filer? Hemen anlatay\u0131m: Bunlar \u0130stanbul S&ouml;zle\u015fmesi&rsquo;nin &lsquo;Ek-\u0130mtiyaz ve Muafiyetler (madde 66)&rsquo; b&ouml;l&uuml;m&uuml;nde belirtiliyordu.<\/span><\/strong><\/p>\n<p style=\"margin-bottom: 0cm; text-align: justify; text-indent: 1cm; line-height: 16pt;\"><strong><span style=\"font-size: 12pt; font-family: 'Arial', sans-serif;\">T&uuml;rkiye B&uuml;y&uuml;k Millet Meclisi (TBMM)&nbsp;tutanaklar\u0131ndan aynen aktar\u0131yorum. L&uuml;tfen, a\u015fa\u011f\u0131daki maddeleri ve sat\u0131rlar\u0131 sonuna kadar okuyun;&nbsp;&nbsp;<\/span><\/strong><\/p>\n<p style=\"margin-bottom: 0cm; text-align: justify; text-indent: 1cm; line-height: 16pt;\"><strong><span style=\"font-size: 12pt; font-family: 'Arial', sans-serif;\">1) &ldquo;Bu EK, S&ouml;zle\u015fme&rsquo;nin 66. maddesinde bahsedilen GREVIO &uuml;yelerine ve &uuml;lke ziyaret heyetlerinin di\u011fer &uuml;yelerine uygulan\u0131r. Bu EK&rsquo;in amac\u0131 bak\u0131m\u0131ndan &ldquo;&uuml;lke ziyareti heyetlerinin di\u011fer &uuml;yeleri&rdquo; terimi, S&ouml;zle\u015fme&rsquo;nin 68. maddesinin 9. paragraf\u0131nda bahsedilen ba\u011f\u0131ms\u0131z ulusal uzmanlar\u0131 ve m&uuml;tehass\u0131slar\u0131, Avrupa Konseyi personelini ve Avrupa Konseyi taraf\u0131ndan istihdam edilerek GREVIO&rsquo;ya &uuml;lke ziyaretleri boyunca e\u015flik eden terc&uuml;manlar\u0131 kapsamaktad\u0131r.&rdquo;<\/span><\/strong><\/p>\n<p style=\"margin-bottom: 0cm; text-align: justify; text-indent: 1cm; line-height: 16pt;\"><strong><span style=\"font-size: 12pt; font-family: 'Arial', sans-serif;\">2) &ldquo;GREVIO &uuml;yeleri ve &uuml;lke ziyareti heyetlerinin di\u011fer &uuml;yeleri &uuml;lke ziyaretlerinin haz\u0131rlanmas\u0131 ve ger&ccedil;ekle\u015ftirilmesiyle ilgili g&ouml;revlerini yerine getirirken veya bunlar\u0131 izleyen g&ouml;revlerle ili\u015fkili olarak yolculuk&rdquo; ederken a\u015fa\u011f\u0131daki imtiyaz ve muafiyetlerden yararlan\u0131r;<\/span><\/strong><\/p>\n<p style=\"margin-bottom: 0cm; text-align: justify; text-indent: 1cm; line-height: 16pt;\"><strong><span style=\"font-size: 12pt; font-family: 'Arial', sans-serif;\">a. &ldquo;\u015eahsi tutuklama veya g&ouml;z alt\u0131na al\u0131nmadan ve ki\u015fisel e\u015fyalar\u0131n\u0131n haczinden ve resmi yetkili s\u0131fat\u0131yla hareket ederken s&ouml;yledikleri ya da yazd\u0131klar\u0131 ifadeler veya ger&ccedil;ekle\u015ftirdikleri eylemlerden dolay\u0131 yasal i\u015flemlerden muaf tutulacaklard\u0131r.&rdquo;<\/span><\/strong><\/p>\n<p style=\"margin-bottom: 0cm; text-align: justify; text-indent: 1cm; line-height: 16pt;\"><strong><span style=\"font-size: 12pt; font-family: 'Arial', sans-serif;\">b. &ldquo;\u0130kamet ettikleri &uuml;lkelerine giri\u015f ve &ccedil;\u0131k\u0131\u015flarda ve g&ouml;revlerini yerine getirdikleri &uuml;lkeye giri\u015f ve &ccedil;\u0131k\u0131\u015flarda hareket serbestli\u011fi &uuml;zerindeki her t&uuml;rl&uuml; k\u0131s\u0131tlamadan ve g&ouml;revlerini yaparken ziyaret ettikleri veya ge&ccedil;tikleri &uuml;lkelerde yabanc\u0131lar\u0131n t&acirc;bi olduklar\u0131 kay\u0131t i\u015flemlerine t&acirc;bi olmayacaklard\u0131r.&rdquo;<\/span><\/strong><\/p>\n<p style=\"margin-bottom: 0cm; text-align: justify; text-indent: 1cm; line-height: 16pt;\"><strong><span style=\"font-size: 12pt; font-family: 'Arial', sans-serif;\">3) &ldquo;G&ouml;revlerinin yerine getirilmesiyle ilgili seyahatleri s\u0131ras\u0131nda, GREVIO &uuml;yeleri ve &uuml;lke ziyareti heyetlerinin di\u011fer &uuml;yeleri g&uuml;mr&uuml;k ve d&ouml;viz denetim kontrollerinde yabanc\u0131 h&uuml;k&uuml;metlerin ge&ccedil;ici resmi g&ouml;revlisi olan temsilcilerine tan\u0131nan kolayl\u0131klardan yararlanacaklard\u0131r.&rdquo;<\/span><\/strong><\/p>\n<p style=\"margin-bottom: 0cm; text-align: justify; text-indent: 1cm; line-height: 16pt;\"><strong><span style=\"font-size: 12pt; font-family: 'Arial', sans-serif;\">4) &ldquo;S&ouml;zle\u015fme&rsquo;nin uygulanmas\u0131n\u0131n de\u011ferlendirilmesiyle ilgili GREVIO &uuml;yeleri ve &uuml;lke ziyareti heyetlerinin di\u011fer &uuml;yeleri taraf\u0131ndan ta\u015f\u0131nan belgelerin, GREVIO&rsquo;nun faaliyetiyle ilgili oldu\u011fu s&uuml;rece dokunulmazl\u0131klar\u0131 ihlal edilemez. GREVIO&rsquo;nun resmi yaz\u0131\u015fmalar\u0131 veya GREVIO &uuml;yelerinin ve &uuml;lke ziyareti heyetlerinin di\u011fer &uuml;yelerinin resmi haberle\u015fmeleri hi&ccedil;bir engelleme veya sans&uuml;re t&acirc;bi tutulamayacaklard\u0131r.&rdquo;<\/span><\/strong><\/p>\n<p style=\"margin-bottom: 0cm; text-align: justify; text-indent: 1cm; line-height: 16pt;\"><strong><span style=\"font-size: 12pt; font-family: 'Arial', sans-serif;\">5) &ldquo;GREVIO ve &uuml;lke ziyareti heyetlerinin di\u011fer &uuml;yeleri i&ccedil;in tam bir konu\u015fma &ouml;zg&uuml;rl&uuml;\u011f&uuml; ve g&ouml;revlerinin yerine getirilmesinde tam bir ba\u011f\u0131ms\u0131zl\u0131k temin etmek amac\u0131yla, s&ouml;z konusu ki\u015filerin g&ouml;revleri sona ermi\u015f olsa dahi, g&ouml;revlerinin if\u015fas\u0131 s\u0131ras\u0131ndaki s&ouml;zl&uuml; veya yaz\u0131l\u0131 ifadeleri ve her t&uuml;rl&uuml; fiilleri bak\u0131m\u0131ndan yasal i\u015flemlerden muaf tutulurlar.&rdquo;<\/span><\/strong><\/p>\n<p style=\"margin-bottom: 0cm; text-align: justify; text-indent: 1cm; line-height: 16pt;\"><strong><span style=\"font-size: 12pt; font-family: 'Arial', sans-serif;\">6) &ldquo;\u0130mtiyazlar ve muafiyetler, bu EK&rsquo;in 1. paragraf\u0131nda bahsedilen ki\u015filere kendi \u015fahsi &ccedil;\u0131karlar\u0131 i&ccedil;in de\u011fil, g&ouml;revlerinin GREVIO&rsquo;nun &ccedil;\u0131karlar\u0131 i&ccedil;in yerine getirilmesini g&uuml;vence alt\u0131na almak i&ccedil;in tan\u0131nm\u0131\u015ft\u0131r. Bu EK&rsquo;in 1. paragraf\u0131nda bahsedilen ki\u015filerin ayr\u0131cal\u0131klar\u0131n\u0131n kald\u0131r\u0131lmas\u0131, Avrupa Konseyi Genel Sekreteri taraf\u0131ndan, muafiyetin adaleti engelleyici oldu\u011fu kanaatine vard\u0131\u011f\u0131 herhangi bir halde ve muafiyetin GREVIO&rsquo;nun &ccedil;\u0131karlar\u0131na halel getirmeden kald\u0131r\u0131labilece\u011fi hallerde yap\u0131l\u0131r.&rdquo;<\/span><\/strong><\/p>\n<p style=\"margin-bottom: 0cm; text-align: justify; text-indent: 1cm; line-height: 16pt;\"><strong><span style=\"font-size: 12pt; font-family: 'Arial', sans-serif;\">Evet i\u015fte bu rezalet metin T&uuml;rkiye B&uuml;y&uuml;k Millet Meclisi&rsquo;nde maalesef benimsenip onaylanm\u0131\u015ft\u0131. <\/span><\/strong><\/p>\n<p style=\"margin-bottom: 0cm; text-align: justify; text-indent: 1cm; line-height: 16pt;\"><strong><span style=\"font-size: 12pt; font-family: 'Arial', sans-serif;\">\u0130stanbul S&ouml;zle\u015fmesi ba\u015fka neleri dayat\u0131yordu?<\/span><\/strong><\/p>\n<p style=\"margin-bottom: 0cm; text-align: justify; text-indent: 1cm; line-height: 16pt;\"><strong><span style=\"font-size: 12pt; font-family: 'Arial', sans-serif;\">1) (E\u015fcinsellerin ve lezbiyenlerin haklar\u0131n\u0131n korundu\u011funu g&ouml;zlemek &uuml;zere) Sistematik bir denetim yap\u0131lmas\u0131n\u0131.<\/span><\/strong><\/p>\n<p style=\"margin-bottom: 0cm; text-align: justify; text-indent: 1cm; line-height: 16pt;\"><strong><span style=\"font-size: 12pt; font-family: 'Arial', sans-serif;\">2) Muntazam aral\u0131klarla raporlar haz\u0131rlanmas\u0131n\u0131.<\/span><\/strong><\/p>\n<p style=\"margin-bottom: 0cm; text-align: justify; text-indent: 1cm; line-height: 16pt;\"><strong><span style=\"font-size: 12pt; font-family: 'Arial', sans-serif;\">3) Yerinde ara\u015ft\u0131rma soru\u015fturma yapma yetkisi sa\u011flanmas\u0131n\u0131!<\/span><\/strong><\/p>\n<p style=\"margin-bottom: 0cm; text-align: justify; text-indent: 1cm; line-height: 16pt;\"><strong><span style=\"font-size: 12pt; font-family: 'Arial', sans-serif;\">4) (Cinsel sapk\u0131nl\u0131\u011fa bula\u015fanlarla) Y&uuml;z y&uuml;ze g&ouml;r&uuml;\u015fmeler yapma izinleri &ccedil;\u0131kar\u0131lmas\u0131n\u0131!<\/span><\/strong><\/p>\n<p style=\"margin-bottom: 0cm; text-align: justify; text-indent: 1cm; line-height: 16pt;\"><strong><span style=\"font-size: 12pt; font-family: 'Arial', sans-serif;\">5) Kendi &ccedil;al\u0131\u015fma esaslar\u0131n\u0131 kendilerinin belirleme olana\u011f\u0131n\u0131!..<\/span><\/strong><\/p>\n<p style=\"margin-bottom: 0cm; text-align: justify; text-indent: 1cm; line-height: 16pt;\"><strong><span style=\"font-size: 12pt; font-family: 'Arial', sans-serif;\">Yani, devletimize talimat veriyor ve raporlar istiyordu, bu devlet &uuml;st&uuml; Ha&ccedil;l\u0131-Siyonist g&uuml;&ccedil;!<\/span><\/strong><\/p>\n<p style=\"margin-bottom: 0cm; text-align: justify; text-indent: 1cm; line-height: 16pt;\"><strong><span style=\"font-size: 12pt; font-family: 'Arial', sans-serif;\">Hani, &ldquo;T&uuml;rkiye Cumhuriyeti ba\u011f\u0131ms\u0131z bir devlettir. Muz cumhuriyeti de\u011fildir! M&uuml;stemleke de\u011fildir.&rdquo; diye hava atan AKP&rsquo;li ucuz kahramanlar!<\/span><\/strong><\/p>\n<p style=\"margin-bottom: 0cm; text-align: justify; text-indent: 1cm; line-height: 16pt;\"><strong><span style=\"font-size: 12pt; font-family: 'Arial', sans-serif;\">GREVIO Skandal\u0131 Bize Neyi Hat\u0131rlatm\u0131\u015ft\u0131?<\/span><\/strong><\/p>\n<p style=\"margin-bottom: 0cm; text-align: justify; text-indent: 1cm; line-height: 16pt;\"><strong><span style=\"font-size: 12pt; font-family: 'Arial', sans-serif;\">&bull; 27 Aral\u0131k 1949 tarihinde, \u0130n&ouml;n&uuml; eliyle T&uuml;rk &ccedil;ocuklar\u0131n\u0131n e\u011fitimi resmen Amerikal\u0131lara teslim edilmi\u015fti.<\/span><\/strong><\/p>\n<p style=\"margin-bottom: 0cm; text-align: justify; text-indent: 1cm; line-height: 16pt;\"><strong><span style=\"font-size: 12pt; font-family: 'Arial', sans-serif;\">&bull; ABD ile imzalanan ikili anla\u015fma gere\u011fi, sekiz ki\u015fiden olu\u015fan bir E\u011fitim Komisyonu belirlenmi\u015fti.<\/span><\/strong><\/p>\n<p style=\"margin-bottom: 0cm; text-align: justify; text-indent: 1cm; line-height: 16pt;\"><strong><span style=\"font-size: 12pt; font-family: 'Arial', sans-serif;\">&bull; Bu komisyonun ad\u0131 Fulbright E\u011fitim Komisyonu idi. Sekiz &uuml;yeden d&ouml;rd&uuml; Amerikal\u0131, d&ouml;rd&uuml; de T&uuml;rk idi.<\/span><\/strong><\/p>\n<p style=\"margin-bottom: 0cm; text-align: justify; text-indent: 1cm; line-height: 16pt;\"><strong><span style=\"font-size: 12pt; font-family: 'Arial', sans-serif;\">&bull; Bu Komisyonun g&ouml;revi, T&uuml;rk &ccedil;ocuklar\u0131n\u0131n \u0130lk, Orta ve Lise&rsquo;de okuyaca\u011f\u0131 derslerin m&uuml;fredat\u0131n\u0131 yani programlar\u0131n\u0131 belirlemekti.<\/span><\/strong><\/p>\n<p style=\"margin-bottom: 0cm; text-align: justify; text-indent: 1cm; line-height: 16pt;\"><strong><span style=\"font-size: 12pt; font-family: 'Arial', sans-serif;\">&bull; Milletimizin gelece\u011fi olan gen&ccedil;lerin e\u011fitimi, yar\u0131s\u0131 Amerikal\u0131lardan olu\u015fan bir komisyona havale edilmi\u015fti.<\/span><\/strong><\/p>\n<p style=\"margin-bottom: 0cm; text-align: justify; text-indent: 1cm; line-height: 16pt;\"><strong><span style=\"font-size: 12pt; font-family: 'Arial', sans-serif;\">&bull; Komisyon herhangi bir konuda karar verirken oylar 4 evet, 4 hay\u0131r &ccedil;\u0131karsa Amerikan B&uuml;y&uuml;kel&ccedil;isinin verece\u011fi oy, belirleyici ve yeterliydi.<\/span><\/strong><\/p>\n<p style=\"margin-bottom: 0cm; text-align: justify; text-indent: 1cm; line-height: 16pt;\"><strong><span style=\"font-size: 12pt; font-family: 'Arial', sans-serif;\">&bull; T&uuml;rk gen&ccedil;lerinin ne t&uuml;r bir e\u011fitimden ge&ccedil;ece\u011fi, derslerde hangi konular\u0131 ne t&uuml;r boyutlarda &ouml;\u011frenece\u011fi, Amerikal\u0131lara b\u0131rak\u0131l\u0131vermi\u015fti.<\/span><\/strong><\/p>\n<p style=\"margin-bottom: 0cm; text-align: justify; text-indent: 1cm; line-height: 16pt;\"><strong><span style=\"font-size: 12pt; font-family: 'Arial', sans-serif;\">Oysa bu t&uuml;r uygulamalar, ancak s&ouml;m&uuml;rge &uuml;lkelerinde g&ouml;r&uuml;lebilirdi. Daha da ac\u0131s\u0131 \u015fuydu; o tarihten g&uuml;n&uuml;m&uuml;ze kadar kurulan h&uuml;k&uuml;metlerin hi&ccedil;birisi ve dindar kahraman Erdo\u011fan h&uuml;k&uuml;meti, bu anla\u015fmay\u0131 ortadan kald\u0131rmay\u0131 hi&ccedil; d&uuml;\u015f&uuml;nmemi\u015fti ve b&ouml;yle bir gayret g&ouml;stermemi\u015flerdi. Sadece Erbakan Hocam\u0131z bu t&uuml;r tahrip&ccedil;i ve teslimiyet&ccedil;i uygulamalar\u0131 ask\u0131ya ald\u0131\u011f\u0131 ve resmen iptal etme haz\u0131rl\u0131\u011f\u0131na ba\u015flad\u0131\u011f\u0131 i&ccedil;in, d\u0131\u015f g&uuml;&ccedil;lerin tertipleri ve i\u015fbirlik&ccedil;ilerin h\u0131yanetleri neticesinde Refah-Yol iktidar\u0131na son verilmi\u015fti. &Uuml;stelik bu Erdo\u011fan iktidar\u0131 e\u015fcinsellik ve lezbiyenlik gibi rezaletleri ba\u015f\u0131m\u0131za bel&acirc; eden \u0130stanbul S&ouml;zle\u015fmesi&rsquo;ni de imzalamaktan &ccedil;ekinmemi\u015fti.<\/span><\/strong><\/p>\n<p style=\"margin-bottom: 0cm; text-align: justify; text-indent: 1cm; line-height: 16pt;\"><span style=\"font-size: 12pt;\"><strong><span style=\"font-family: 'Arial', sans-serif;\">Evet, <em>&ldquo;S&uuml;fyan ve Deccal&rdquo;<\/em> diye sald\u0131r\u0131lan Mustafa Kemal, Meclis&rsquo;ten &ccedil;\u0131kartt\u0131\u011f\u0131 01.03.1926 tarih ve 765 say\u0131l\u0131 kanunla (Madde: 440 ve 441) zina eden evli erkek ve kad\u0131nlara &uuml;&ccedil; aydan otuz aya (2,5 y\u0131la) kadar hapis cezas\u0131 uygularken&hellip; \u015eimdi dindar kahraman say\u0131lan Recep T. Erdo\u011fan ise; 26 Eyl&uuml;l 2004 tarihinde Meclis&rsquo;te onaylat\u0131lan ve 01 Haziran 2005 tarihinde y&uuml;r&uuml;rl&uuml;\u011fe sokulan TCK 227. maddeli kanunla zinay\u0131 su&ccedil; olmaktan ve ceza almaktan &ccedil;\u0131karm\u0131\u015ft\u0131.<\/span><\/strong><\/span><\/p>\n<p style=\"margin-bottom: 0cm; text-align: justify; text-indent: 1cm; line-height: 16pt;\"><strong><span style=\"font-size: 14pt; font-family: 'Arial', sans-serif;\">Peki Erdo\u011fan D&ouml;neminde Co\u011frafyam\u0131zda \u0130brahim Karag&uuml;l&rsquo;&uuml;n &Ouml;vd&uuml;\u011f&uuml; Hangi Durumlar Ya\u015fanmaktayd\u0131? ABD ve Yunanistan s\u0131n\u0131r g&uuml;venli\u011fimizi tehdit eden hamleden sak\u0131nmam\u0131\u015f, Erdo\u011fan&rsquo;\u0131 kaale almam\u0131\u015f ve Dedea\u011fa&ccedil;&rsquo;a ABD &uuml;ss&uuml; kurmu\u015flard\u0131!<\/span><\/strong><\/p>\n<p style=\"margin-bottom: 0cm; text-align: justify; text-indent: 1cm; line-height: 16pt;\"><strong><span style=\"font-size: 14pt; font-family: 'Arial', sans-serif;\">Ege Adalar\u0131&rsquo;ndaki i\u015fgalleri g&ouml;rmezden gelinen Yunanistan, ABD ile yapt\u0131\u011f\u0131 Savunma Anla\u015fmas\u0131 kapsam\u0131nda, gayri askeri alan olarak tan\u0131mlanan Dedea\u011fa&ccedil;&rsquo;a askeri &uuml;s kurulmas\u0131n\u0131 onaylam\u0131\u015ft\u0131. T&uuml;rkiye&rsquo;nin g&uuml;venli\u011fini tehdit eden ABD Deniz ve Hava &Uuml;ss&uuml;, 23 Temmuz 2020&rsquo;de t&ouml;renle a&ccedil;\u0131l\u0131rken ABD, anla\u015fma kapsam\u0131nda b&ouml;lgeye askeri ara&ccedil; ve m&uuml;himmat y\u0131\u011f\u0131na\u011f\u0131 yapmaya ba\u015flam\u0131\u015ft\u0131. Projeyle T&uuml;rk Bo\u011fazlar\u0131 da devre d\u0131\u015f\u0131 b\u0131rak\u0131lmaya &ccedil;al\u0131\u015f\u0131lmaktayd\u0131. Evet bu giri\u015fim, T&uuml;rkiye&rsquo;ye y&ouml;nelik bir Ha&ccedil;l\u0131-NATO ku\u015fatmas\u0131yd\u0131 ve Kahraman(!) Erdo\u011fan iktidar\u0131ndan t\u0131s &ccedil;\u0131kmam\u0131\u015ft\u0131!?<\/span><\/strong><\/p>\n<p style=\"margin-bottom: 0cm; text-align: justify; text-indent: 1cm; line-height: 16pt;\"><span style=\"font-size: 14pt;\"><strong><span style=\"font-family: 'Arial', sans-serif;\">T&uuml;rkiye Yunanistan&rsquo;\u0131n ve Bat\u0131&rsquo;n\u0131n bask\u0131s\u0131yla Do\u011fu Akdeniz&rsquo;deki Sismik ara\u015ft\u0131rmalar\u0131n\u0131 ask\u0131ya alm\u0131\u015ft\u0131!<\/span><\/strong><\/span><\/p>\n<p style=\"margin-bottom: 0cm; text-align: justify; text-indent: 1cm; line-height: 16pt;\"><strong><span style=\"font-size: 12pt; font-family: 'Arial', sans-serif;\">Cumhurba\u015fkanl\u0131\u011f\u0131 s&ouml;zc&uuml;s&uuml; \u0130brahim Kal\u0131n, CNN T&uuml;rk&rsquo;te kat\u0131ld\u0131\u011f\u0131 programda, g&uuml;ndeme ili\u015fkin sorular\u0131 yan\u0131tlarken, Yunanistan&rsquo;la ya\u015fanan NAVTEX (Denizcilere Duyuru) geriliminin ard\u0131ndan Almanya Ba\u015fbakan\u0131 Angela Merkel&rsquo;in arabulucu oldu\u011funa ili\u015fkin haberlerin hat\u0131rlat\u0131lmas\u0131 &uuml;zerine, bu s&uuml;re&ccedil;te Merkel&rsquo;in yap\u0131c\u0131 bir rol&uuml; oldu\u011funu vurgulam\u0131\u015f, ayr\u0131ca Do\u011fu Akdeniz&rsquo;deki Sismik ara\u015ft\u0131rmalar\u0131n ask\u0131ya al\u0131nd\u0131\u011f\u0131n\u0131 a&ccedil;\u0131klam\u0131\u015ft\u0131.<\/span><\/strong><\/p>\n<p style=\"margin-bottom: 0cm; text-align: justify; text-indent: 1cm; line-height: 16pt;\"><span style=\"font-size: 14pt;\"><strong><span style=\"font-family: 'Arial', sans-serif;\">TSK&rsquo;da 600 albay re&rsquo;sen emekliye ayr\u0131lm\u0131\u015ft\u0131!<\/span><\/strong><\/span><\/p>\n<p style=\"margin-bottom: 0cm; text-align: justify; text-indent: 1cm; line-height: 16pt;\"><strong><span style=\"font-size: 12pt; font-family: 'Arial', sans-serif;\">Erdo\u011fan ba\u015fkanl\u0131\u011f\u0131nda toplanan Y&uuml;ksek Askeri \u015eura&#8217;da, aralar\u0131nda kurmaylar\u0131n da bulundu\u011fu 600 albay emekliye ayr\u0131lm\u0131\u015ft\u0131. Son y\u0131llarda albaylar\u0131n en &ccedil;ok emekliye sevk edildi\u011fi \u015fura sonucu, kurmay albay say\u0131s\u0131nda &ouml;nemli azalma ya\u015fanm\u0131\u015ft\u0131. T&uuml;rk Silahl\u0131 Kuvvetleri&#8217;nde albaylar daha &ouml;nce 31 y\u0131l g&ouml;rev yaparken, bu s&uuml;re 29 y\u0131la indirilmi\u015f durumdayd\u0131. 29 y\u0131l\u0131n\u0131 dolduranlar aras\u0131ndan, istenilenlerle &ccedil;al\u0131\u015f\u0131lmaya devam edilirken &ldquo;\u0130htiya&ccedil; olmad\u0131\u011f\u0131&rdquo; gerek&ccedil;esiyle di\u011fer albaylar emekli edilip TSK&rsquo;dan uzakla\u015ft\u0131r\u0131lmaktayd\u0131. TSK&#8217;daki geli\u015fmeleri yak\u0131ndan izleyen emekli baz\u0131 subaylar, TSK&#8217;da kurmay subay\u0131n yok denecek kadar azald\u0131\u011f\u0131na dikkat &ccedil;ekiyorlard\u0131. Fetullah&ccedil;\u0131lar etkin olduklar\u0131 d&ouml;nemde kendilerinden olan subaylar\u0131 kurmay yaparken, 15 Temmuz&#8217;dan sonra bunlar\u0131n TSK&#8217;dan ili\u015fi\u011finin kesilmesi &uuml;zerine kurmay subay say\u0131s\u0131 da azalm\u0131\u015ft\u0131. Say\u0131n\u0131n azalmas\u0131na ra\u011fmen kurmay albaylar\u0131n re&#8217;sen emekliye sevk edilmeleri emekli askerlerce yad\u0131rganm\u0131\u015ft\u0131. TSK bir&ccedil;ok alanda m&uuml;cadele ederken deneyimli askerlerin ayr\u0131lmas\u0131n\u0131n sorun yaratabilece\u011fi vurgulanmaktayd\u0131. Askeri \u015eura&#8217;n\u0131n uygun buldu\u011fu 294 albay\u0131n g&ouml;rev s&uuml;resi ise iki y\u0131l uzat\u0131lm\u0131\u015ft\u0131. Oysa TSK&#8217;da albaylar 60 ya\u015f\u0131na kadar g&ouml;rev alabiliyorlard\u0131. \u0130Y\u0130 Parti Genel Ba\u015fkan Yard\u0131mc\u0131s\u0131 Aytun &Ccedil;\u0131ray&rsquo;\u0131n, <em>&ldquo;Silahl\u0131 Kuvvetlerimiz birka&ccedil; sahada g&ouml;rev yap\u0131yor, &ccedil;at\u0131\u015fmalara giriyor, stratejik taktik tutumlar izliyor. B&ouml;yle bir ortamda FET&Ouml;&#8217;c&uuml;ler d\u0131\u015f\u0131nda, orduda b&uuml;y&uuml;k bir tecr&uuml;benin tasfiyesi ne kadar do\u011fru? Bunu milletimizin takdirine sunuyorum.&rdquo;<\/em> &ccedil;\u0131k\u0131\u015f\u0131 anlaml\u0131yd\u0131.<\/span><\/strong><\/p>\n<p style=\"margin-bottom: 0cm; text-align: justify; text-indent: 1cm; line-height: 16pt;\"><span style=\"font-size: 14pt;\"><strong><span style=\"font-family: 'Arial', sans-serif;\">15 Temmuz&rsquo;u bast\u0131ranlar\u0131n tasfiyesi ne anlam ta\u015f\u0131maktayd\u0131?<\/span><\/strong><\/span><\/p>\n<p style=\"margin-bottom: 0cm; text-align: justify; text-indent: 1cm; line-height: 16pt;\"><strong><span style=\"font-size: 12pt; font-family: 'Arial', sans-serif;\">Okan M&uuml;derriso\u011flu, a&ccedil;\u0131l\u0131\u015f\u0131n\u0131 Erdo\u011fan&rsquo;\u0131n yapt\u0131\u011f\u0131 \u0130stanbul&rsquo;daki M\u0130T Kararg&acirc;h\u0131 &uuml;zerinden M\u0130T g&uuml;zellemesi yapt\u0131\u011f\u0131 yaz\u0131s\u0131nda &ouml;nemli bir ger&ccedil;e\u011fe parmak basm\u0131\u015ft\u0131: &ldquo;<em>M\u0130T&rsquo;i, 15 Temmuz&rsquo;a giden s&uuml;re&ccedil;teki muhtelif toplant\u0131lar\u0131 zaman\u0131nda ve yeterince fark edememesinin yan\u0131nda, darbe te\u015febb&uuml;s&uuml;n&uuml;n &ouml;ne al\u0131nmas\u0131n\u0131 ve sekteye u\u011frat\u0131lmas\u0131n\u0131 sa\u011flayan &ccedil;abas\u0131yla birlikte de\u011ferlendirmek gerekiyor<\/em>&rdquo; (Sabah, 1 A\u011fustos 2020) s&ouml;zleri kafalar\u0131 kar\u0131\u015ft\u0131rm\u0131\u015ft\u0131.<\/span><\/strong><\/p>\n<p style=\"margin-bottom: 0cm; text-align: justify; text-indent: 1cm; line-height: 16pt;\"><strong><span style=\"font-size: 12pt; font-family: 'Arial', sans-serif;\">Ancak burada &ldquo;<em>ba\u015far\u0131y\u0131<\/em>&rdquo; Hakan Fidan&rsquo;a yazmak, Hulusi Akar&rsquo;a b&uuml;y&uuml;k haks\u0131zl\u0131k olacakt\u0131! Akar ve Fidan&rsquo;\u0131n 14 Temmuz program\u0131 ilgin&ccedil;tir. 15 Temmuz&rsquo;da yap\u0131lacak &Ouml;zel Kuvvetler \u0130htisas Kursu Mezuniyet t&ouml;reni nedense bir g&uuml;n &ouml;nceye al\u0131nm\u0131\u015f ve Genelkurmay Ba\u015fkanlar\u0131 bu t&ouml;renlere kat\u0131lmazken Akar, Fidan&rsquo;la birlikte kat\u0131lm\u0131\u015flard\u0131. T&ouml;renden sonraki yeme\u011fin ard\u0131ndan Akar ve Fidan, Ya\u015far G&uuml;ler ve Zekai Aksakall\u0131 ile k&uuml;&ccedil;&uuml;k bir toplant\u0131 yapm\u0131\u015f, ard\u0131ndan da Akar ve Fidan 20.30&rsquo;dan 00.30&rsquo;a kadar ba\u015f ba\u015fa 4 saat daha konu\u015fmu\u015flard\u0131. Akar ayr\u0131ld\u0131ktan sonra ise Fidan bir yar\u0131m saat de Aksakall\u0131 ile ba\u015f ba\u015fa bir g&ouml;r&uuml;\u015fme yapm\u0131\u015ft\u0131. Ancak bu g&ouml;r&uuml;\u015fmeler, Akar ve Fidan TBMM Ara\u015ft\u0131rma Komisyonu&rsquo;na giderek ifadeye yana\u015fmad\u0131klar\u0131 ve milletvekillerinin sorular\u0131n\u0131 yan\u0131tlamad\u0131\u011f\u0131 i&ccedil;in h&acirc;l&acirc; ayd\u0131nlat\u0131lamam\u0131\u015ft\u0131. Akar&rsquo;\u0131n yaz\u0131l\u0131 g&ouml;nderdi\u011fi 8 sayfal\u0131k ifadesinde ise M&uuml;derriso\u011flu&rsquo;nun sadece M\u0130T&rsquo;e ba\u015far\u0131 yazd\u0131\u011f\u0131 o &ldquo;<em>erkene alma<\/em>&rdquo; ger&ccedil;e\u011fine i\u015faret vard\u0131: &ldquo;Tedbirler sayesinde pani\u011fe kap\u0131ld\u0131lar. Darbe &ouml;ne &ccedil;ekildi ve akamete u\u011frat\u0131ld\u0131&rdquo; (T&uuml;rkiye, 31.5.2017) a&ccedil;\u0131klamas\u0131n\u0131 yapm\u0131\u015ft\u0131.<\/span><\/strong><\/p>\n<p style=\"margin-bottom: 0cm; text-align: justify; text-indent: 1cm; line-height: 16pt;\"><strong><span style=\"font-size: 12pt; font-family: 'Arial', sans-serif;\">\u0130yi de oldu, darbe bast\u0131r\u0131ld\u0131! Bast\u0131rabilmek i&ccedil;in &ouml;ne &ccedil;ekmek, darbeyi erken do\u011furtmak elbette bir y&ouml;ntemdir, itiraz\u0131m\u0131z yoktu. Ancak &ldquo;Erken do\u011furtmaya gerek kalmadan da darbe &ouml;nlenebilir miydi acaba?&rdquo; diye sorulmas\u0131 laz\u0131md\u0131. Zira o gecenin &ouml;ne &ccedil;\u0131kan isimlerinden &Ouml;zel Kuvvetler Komutan\u0131 Zekai Aksakall\u0131&rsquo;n\u0131n mahkeme ifadesindeki \u015fu saptamas\u0131\/sorusu h&acirc;l&acirc; yan\u0131tlanmam\u0131\u015ft\u0131: &ldquo;TSK&rsquo;de kriz ve ola\u011fan&uuml;st&uuml; durumlarda ilk haber al\u0131n\u0131r al\u0131nmaz tedbir olarak &lsquo;Personel k\u0131\u015flay\u0131 terk etmesin&rsquo; emri verilir. Birlik komutanlar\u0131 k\u0131\u015flalar\u0131nda, mesaiye devam edilir. Her zaman uygulanan bu temel ve basit kural 15 Temmuz&rsquo;da ilk haber al\u0131nd\u0131\u011f\u0131 zaman uygulanmam\u0131\u015ft\u0131r. Uygulansayd\u0131 darbe giri\u015fimi ba\u015ftan a&ccedil;\u0131\u011fa &ccedil;\u0131kard\u0131.&rdquo; (H&uuml;rriyet, 20.3.2017).<\/span><\/strong><\/p>\n<p style=\"margin-bottom: 0cm; text-align: justify; text-indent: 1cm; line-height: 16pt;\"><span style=\"font-size: 14pt;\"><strong>Diyanet \u0130\u015fleri Ba\u015fkan\u0131 Ali Erba\u015f; <em>&ldquo;Sultan Fatih&rsquo;in, h\u0131yaneti nedeniyle idam ettirdi\u011fi Sadrazam <strong><span style=\"font-family: 'Arial', sans-serif;\">&Ccedil;andarl\u0131 Halil Pa\u015fa<\/span><\/strong> m\u0131yd\u0131?&rdquo;<\/em> diye soranlar hakl\u0131 m\u0131yd\u0131 ve acaba Erdo\u011fan bunun fark\u0131nda m\u0131yd\u0131?<\/strong><\/span><\/p>\n<p style=\"margin-bottom: 0cm; text-align: justify; text-indent: 1cm; line-height: 16pt;\"><strong><span style=\"font-size: 12pt;\"><span style=\"font-family: 'Arial', sans-serif;\">Saray&#8217;daki <span style=\"font-family: 'Arial', sans-serif;\">muhaliflerin<\/span> lideri Vezir-i azam &Ccedil;andarl\u0131 Halil <span style=\"font-family: 'Arial', sans-serif;\">\u0130stanbul&#8217;un fethine<\/span> hep <span style=\"font-family: 'Arial', sans-serif;\">kar\u015f\u0131<\/span> &ccedil;\u0131km\u0131\u015ft\u0131. Zay\u0131f ve gereksiz atak politika takip etti\u011fini d&uuml;\u015f&uuml;nd&uuml;\u011f&uuml; <span style=\"font-family: 'Arial', sans-serif;\">II. Mehmet&#8217;in<\/span> \u0130stanbul&#8217;u al\u0131rsa <\/span><span style=\"font-family: 'Arial', sans-serif;\">&ldquo;<span style=\"font-family: 'Arial', sans-serif;\">Fatih<\/span>&rdquo; olup <span style=\"font-family: 'Arial', sans-serif;\">iktidara b&uuml;t&uuml;n&uuml;yle h&acirc;kim olaca\u011f\u0131ndan ku\u015fkulanmaktayd\u0131<\/span>. II. Mehmet&#8217;in g&uuml;&ccedil;s&uuml;z kal\u0131p kendine biat etmesini ve b&ouml;ylece kendi <span style=\"font-family: 'Arial', sans-serif;\">otoritesinin<\/span> devam\u0131ndan yanayd\u0131. Ancak &Ccedil;andarl\u0131&#8217;n\u0131n b&uuml;t&uuml;n kar\u015f\u0131 &ccedil;\u0131kmas\u0131na ra\u011fmen \u0130stanbul <span style=\"font-family: 'Arial', sans-serif;\">6 Nisan 1453&#8217;te<\/span> ablukaya al\u0131nm\u0131\u015ft\u0131. Ama&hellip; G&uuml;nler ge&ccedil;ti \u0130stanbul duvarlar\u0131 a\u015f\u0131lamam\u0131\u015ft\u0131. &Ccedil;andarl\u0131 Halil Pa\u015fa Divan toplant\u0131s\u0131nda \u0131srarla <span style=\"font-family: 'Arial', sans-serif;\">ablukan\u0131n kald\u0131r\u0131lmas\u0131n\u0131<\/span> savunmaktayd\u0131. <span style=\"font-family: 'Arial', sans-serif;\">&Ouml;yle<\/span><span style=\"font-family: 'Arial', sans-serif;\"> <\/span><span style=\"font-family: 'Arial', sans-serif;\">ki,<\/span> psikolojik harp yap\u0131p; <span style=\"font-family: 'Arial', sans-serif;\">Ha&ccedil;l\u0131 Donanmas\u0131<\/span>&#8216;n\u0131n yolda oldu\u011fu dedikodusunu yaym\u0131\u015ft\u0131. Ordunun moralsiz kalmas\u0131 i&ccedil;in elinden geleni geri koymam\u0131\u015ft\u0131. Gerginlik iktidardaki<span style=\"font-family: 'Arial', sans-serif;\"> <\/span><span style=\"font-family: 'Arial', sans-serif;\">hizip<\/span><span style=\"font-family: 'Arial', sans-serif;\"> <\/span>tart\u0131\u015fmas\u0131n\u0131 azd\u0131rm\u0131\u015ft\u0131. Birinin ba\u015f\u0131nda &Ccedil;andarl\u0131 Pa\u015fa, di\u011ferinin ba\u015f\u0131nda <span style=\"font-family: 'Arial', sans-serif;\">ikinci vezir Damat Za\u011fanos Pa\u015fa<\/span> vard\u0131. Giderek \u0130stanbul&rsquo;un fethi &uuml;mitsiz hal almaya ba\u015flam\u0131\u015ft\u0131.<\/span><\/span><\/strong><\/p>\n<p style=\"margin-bottom: 0cm; text-align: justify; text-indent: 1cm; line-height: 16pt;\"><span style=\"font-size: 12pt;\"><strong><span style=\"font-family: 'Arial', sans-serif;\"><span style=\"font-family: 'Arial', sans-serif;\"><\/span><\/span><span style=\"font-family: 'Arial', sans-serif;\"><span style=\"font-family: 'Arial', sans-serif;\"><span style=\"font-size: 12pt;\"><span style=\"font-family: 'Arial', sans-serif;\">II.<\/span><\/span><\/span><\/span><span style=\"font-family: 'Arial', sans-serif;\"><span style=\"font-family: 'Arial', sans-serif;\"> <\/span><\/span><span style=\"font-family: 'Arial', sans-serif;\"><span style=\"font-family: 'Arial', sans-serif;\">Mehmet,<\/span><span style=\"font-family: 'Arial', sans-serif;\"> <span style=\"font-family: 'Arial', sans-serif;\">26 May\u0131s g&uuml;n&uuml;<\/span> kat&#8217;i surette karar i&ccedil;in <span style=\"font-family: 'Arial', sans-serif;\">harp meclisini<\/span> toplad\u0131. &Ccedil;andarl\u0131 g&ouml;r&uuml;\u015f&uuml;n&uuml; tekrarlad\u0131. Fetihten yana olan Za\u011fanos Pa\u015fa da muhasaraya devam edilmesini savunmaktayd\u0131. \u0130\u015fte bu toplant\u0131da II. Mehmet (Ak\u015femsettin&#8217;in mektubuna g&ouml;re) <span style=\"font-family: 'Arial', sans-serif;\">hi&ccedil; istememesine ra\u011fmen<\/span> askerlerin \u015fehri &uuml;&ccedil; g&uuml;n <span style=\"font-family: 'Arial', sans-serif;\">ya\u011fmalamas\u0131na<\/span> izin verdi\u011fini a&ccedil;\u0131klam\u0131\u015ft\u0131. Bir g&uuml;n sonra tellallar haberi orduya duyurmu\u015flard\u0131 ve iki g&uuml;n sonra da \u0130stanbul al\u0131nm\u0131\u015ft\u0131. \u0130stanbul fethinden sonra &Ccedil;andarl\u0131 Halil g&ouml;revinden al\u0131nm\u0131\u015f Yedikule Alt\u0131n Kap\u0131&#8217;da 40 g&uuml;n hapis tutulduktan sonra 10 Temmuz 1453 tarihinde g&ouml;zlerine mil &ccedil;ekilerek idam edilmi\u015f ve mallar\u0131 hazineye aktar\u0131lm\u0131\u015ft\u0131.<\/span><\/span><\/strong><\/span><\/p>\n<p style=\"margin-bottom: 0cm; text-align: justify; text-indent: 1cm; line-height: 16pt;\"><strong><span style=\"font-size: 14pt; font-family: 'Arial', sans-serif;\">\u015eimdi, Ayasofya&#8217;da Atat&uuml;rk&#8217;e dil uzatan Ali Erba\u015f&#8217;\u0131n tarihte nereye konumland\u0131\u011f\u0131na bakmak laz\u0131md\u0131:<\/span><\/strong><\/p>\n<p style=\"margin-bottom: 0cm; text-align: justify; text-indent: 1cm; line-height: 16pt;\"><strong><span style=\"font-size: 12pt; font-family: 'Arial', sans-serif;\">Bug&uuml;n T&uuml;rkiye&#8217;nin g&uuml;ndeminde ne vard\u0131? Ayasofya&#8217;n\u0131n tekrar cami yap\u0131lmas\u0131 m\u0131, yoksa Diyanet \u0130\u015fleri Ba\u015fkan\u0131 Ali Erba\u015f&#8217;\u0131n Ayasofya minberinden Atat&uuml;rk&#8217;e lanet okumas\u0131 m\u0131? &Ouml;yle ise AKP iktidar\u0131 kendine \u015funu sormal\u0131yd\u0131:<\/span><\/strong><\/p>\n<p style=\"margin-bottom: 0cm; text-align: justify; text-indent: 1cm; line-height: 16pt;\"><strong><span style=\"font-size: 12pt; font-family: 'Arial', sans-serif;\">Prof. Ali Erba\u015f gibi bir akademisyen Ayasofya Camii&#8217;nin a&ccedil;\u0131l\u0131\u015f\u0131n\u0131, o konu\u015fmas\u0131yla neden g&ouml;lgeleyip dedikodulara yol a&ccedil;m\u0131\u015ft\u0131? FET&Ouml;&#8217;n&uuml;n her Abant Toplant\u0131s\u0131&#8217;na kat\u0131lan ve Dinler Aras\u0131 Diyalog projesinin &ouml;nemli y&uuml;r&uuml;t&uuml;c&uuml;lerinden Prof. Erba\u015f, minbere k\u0131l\u0131&ccedil;la &ccedil;\u0131karak kimlere subliminal mesaj ula\u015ft\u0131rm\u0131\u015ft\u0131? <em>&ldquo;Hristiyanl\u0131kta Reform ve Protestan Tarihi&rdquo;<\/em> ve <em>&ldquo;Hristiyanl\u0131kta \u0130badet&rdquo;<\/em> gibi kitaplar\u0131 yazan Erba\u015f, Ayasofya&#8217;n\u0131n camiye d&ouml;n&uuml;\u015ft&uuml;r&uuml;lmesinin Hristiyan d&uuml;nya i&ccedil;in ne ifade etti\u011fini bilmiyor olamazd\u0131. Bunun fark\u0131ndaki dinler tarihi uzman\u0131 Erba\u015f&#8217;\u0131n elinde k\u0131l\u0131&ccedil;la minbere &ccedil;\u0131kmas\u0131n\u0131 nas\u0131l de\u011ferlendirmek laz\u0131md\u0131? D&uuml;nyan\u0131n -ve &ouml;zellikle Rusya&#8217;n\u0131n kafas\u0131na- T&uuml;rk devletinin fetih pe\u015finde oldu\u011funu sokmay\u0131 m\u0131 ama&ccedil;lam\u0131\u015ft\u0131? FET&Ouml; askerlerinin ba\u011fl\u0131l\u0131klar\u0131n\u0131 g&ouml;stermek i&ccedil;in Fetullah G&uuml;len&#8217;e mezuniyet k\u0131l\u0131&ccedil;lar\u0131n\u0131 hediye ettiklerini Erdo\u011fanc\u0131lar unutmu\u015flar m\u0131yd\u0131? FET&Ouml; i&ccedil;in &ldquo;k\u0131l\u0131&ccedil;&rdquo; 15 Temmuz darbesinin \u015fifresi say\u0131lmam\u0131\u015f m\u0131yd\u0131? Bunlar\u0131n hepsini tesad&uuml;f saymak, ahmakl\u0131k m\u0131yd\u0131, aymazl\u0131k m\u0131yd\u0131? Ve Erba\u015f o k\u0131l\u0131c\u0131 nereden bulmu\u015flard\u0131?&rdquo;[2] diye soranlar neler biliyorlard\u0131, yoksa iftira at\u0131p Sn. Erba\u015f&rsquo;\u0131 hedef mi yap\u0131yorlard\u0131?<\/span><\/strong><\/p>\n<p style=\"margin-bottom: 0cm; text-align: justify; text-indent: 1cm; line-height: 16pt;\"><strong><span style=\"font-size: 14pt; font-family: 'Arial', sans-serif;\">Metiner&rsquo;in mertlik numaras\u0131 ve zoru g&ouml;r&uuml;nce geri vitese takmas\u0131!<\/span><\/strong><\/p>\n<p style=\"margin-bottom: 0cm; text-align: justify; text-indent: 1cm; line-height: 16pt;\"><strong><span style=\"font-size: 14pt; font-family: 'Arial', sans-serif;\">26. d&ouml;nem AKP \u0130stanbul Milletvekili Mehmet Metiner CNN T&uuml;rk canl\u0131 yay\u0131n\u0131nda FET&Ouml;&rsquo;yle m&uuml;cadeleyle ilgili &ccedil;arp\u0131c\u0131 ifadeler kullanm\u0131\u015ft\u0131. Emniyet te\u015fkilat\u0131nda yap\u0131lan atamalara de\u011finen Metiner, \u015funlar\u0131 aktarm\u0131\u015ft\u0131:<\/span><\/strong><\/p>\n<p style=\"margin-bottom: 0cm; text-align: justify; text-indent: 1cm; line-height: 16pt;\"><strong><em><span style=\"font-size: 12pt; font-family: 'Arial', sans-serif;\">&ldquo;Buradan \u0130&ccedil;i\u015fleri Bakanl\u0131\u011f\u0131&rsquo;ndaki arkada\u015flar\u0131m\u0131za hat\u0131rlatmak istiyorum, l&uuml;tfen! Burada a&ccedil;\u0131klamam\u0131za gerek yok. Biz de izliyoruz kendimize g&ouml;re. Bir ilimizde veya illerimizin herhangi bir yerinde bu t&uuml;r kritik yerlerde h&acirc;l&acirc; FET&Ouml;&rsquo;c&uuml; isimler varsa, &lsquo;Yok nedamet g&ouml;sterdiler, sahiplenmemiz, kazanmam\u0131z laz\u0131m&rsquo; ad\u0131 alt\u0131nda bu t&uuml;r atamalar, tayin ve terfiler yap\u0131l\u0131rsa korkar\u0131m ki FET&Ouml;&rsquo;yle m&uuml;cadele konusunda yeniden zafiyet ya\u015far\u0131z. Burada iktidar\u0131 ele\u015ftirmek i&ccedil;in s&ouml;ylemiyorum. Tam tersi Milli Savunma Bakan\u0131m\u0131z\u0131n, \u0130&ccedil;i\u015fleri Bakan\u0131m\u0131z\u0131n, bakanl\u0131ktaki b&uuml;t&uuml;n yetkili arkada\u015flar\u0131m\u0131z\u0131n tayin, terfi, atama konusunda k\u0131l\u0131 k\u0131rk yarmalar\u0131 gerekti\u011fini hat\u0131rlat\u0131yorum.&rdquo;<\/span><\/em><\/strong><\/p>\n<p style=\"margin-bottom: 0cm; text-align: justify; text-indent: 1cm; line-height: 16pt;\"><strong><span style=\"font-size: 12pt; font-family: 'Arial', sans-serif;\">\u0130lerleyen dakikalar\u0131nda canl\u0131 yay\u0131na \u0130&ccedil;i\u015fleri Bakan\u0131 S&uuml;leyman Soylu ba\u011flanm\u0131\u015ft\u0131. <em>&ldquo;Hem beni hem bug&uuml;n ba\u015f\u0131nda oldu\u011fum bakanl\u0131\u011f\u0131 ilgilendiren birka&ccedil; de\u011ferlendirme yap\u0131ld\u0131&rdquo;<\/em> diyen Soylu, Mehmet Metiner&rsquo;in ifadelerini \u015f&ouml;yle yan\u0131tlam\u0131\u015ft\u0131:<\/span><\/strong><\/p>\n<p style=\"margin-bottom: 0cm; text-align: justify; text-indent: 1cm; line-height: 16pt;\"><strong><em><span style=\"font-size: 12pt; font-family: 'Arial', sans-serif;\">&ldquo;Nedamet getirdi\u011fi i&ccedil;in bizim g&ouml;reve getirdi\u011fimiz FET&Ouml;&rsquo;c&uuml; kimse yoktur. Ben sa\u011f\u0131n solun laflar\u0131yla beraber i\u015f yapacak bir adam de\u011filim. Bizim bir h&uuml;k&uuml;metimiz, politikam\u0131z var. Ben h&uuml;k&uuml;metimizin politikas\u0131n\u0131 bir vesileyle y&uuml;r&uuml;tmeye &ccedil;al\u0131\u015fan bir adam\u0131m. Ben, hayat\u0131 risk i&ccedil;erisinde olan bir adam\u0131m. &Ouml;mr&uuml;mde iki ka\u015f\u0131kla yemek yemedim. Bir tek FET&Ouml;&rsquo;c&uuml;y&uuml; g&ouml;reve getirmi\u015fsem ve bu s&ouml;ylenmiyorsa bu &uuml;lkemize ihanet say\u0131l\u0131r. Ben getirmi\u015fsem ben ihanet ediyorum demektir. &Ccedil;ok &uuml;z&uuml;ld&uuml;\u011f&uuml;m&uuml; ifade etmek istiyorum&#8230; 15 Temmuz&rsquo;da neler ya\u015fand\u0131\u011f\u0131n\u0131 bilen, ya\u015fayan insanlardan bir tanesiyim. Bu laflar benim a\u011f\u0131r\u0131ma gidiyor. Kurulumuzun da a\u011f\u0131r\u0131na gider. Hele en yak\u0131n arkada\u015flar\u0131m\u0131zdan bu laflar\u0131n gelmesini hi&ccedil; kabul edemem. Haks\u0131zl\u0131k olarak nitelendiririm. 15 Temmuz olsayd\u0131 biz ne olacakt\u0131k? Bug&uuml;n nedamet olarak nitelendirilen insanlar m\u0131 bize sahip &ccedil;\u0131kacakt\u0131? Televizyon kanallar\u0131nda bir de bizim arkada\u015flar\u0131m\u0131z\u0131n &lsquo;Elimizde isimler var&rsquo; demesini kendime bizatihi hakaret kabul ediyorum. Bana her zaman ula\u015fabilecek insanlar\u0131n bas\u0131n &uuml;zerinde bizle konu\u015fmas\u0131n\u0131 do\u011fru bulmuyorum.&rdquo;<\/span><\/em><\/strong><\/p>\n<p style=\"margin-bottom: 0cm; text-align: justify; text-indent: 1cm; line-height: 16pt;\"><strong><span style=\"font-size: 12pt; font-family: 'Arial', sans-serif;\">Birka&ccedil; g&uuml;n sonra Mehmet Metiner, hemen &ccedil;ark edip &ldquo;iktidar\u0131n ba\u015far\u0131lar\u0131ndan ve dava arkada\u015fl\u0131\u011f\u0131ndan&rdquo; dem vurmaya ba\u015flam\u0131\u015ft\u0131.<\/span><\/strong><\/p>\n<p style=\"margin-bottom: 0cm; text-align: justify; text-indent: 1cm; line-height: 16pt;\"><strong><span style=\"font-size: 14pt; font-family: 'Arial', sans-serif;\">Hilafet Safsatalar\u0131 ve Yeni Fetih Salatas\u0131!<\/span><\/strong><\/p>\n<p style=\"margin-bottom: 0cm; text-align: justify; text-indent: 1cm; line-height: 16pt;\"><strong><em><span style=\"font-size: 12pt; font-family: 'Arial', sans-serif;\">&ldquo;AKP&rsquo;nin ilk iki d&ouml;nemi evrensel hukuka y&ouml;nelen reformlarla ge&ccedil;ti. T&uuml;rkiye&rsquo;ye y\u0131lda 20 milyar dolara kadar yabanc\u0131 sermaye geldi; d&uuml;nya ekonomisindeki pay\u0131m\u0131z y&uuml;zde 1.23&rsquo;e kadar y&uuml;kseldi. Fakat Bat\u0131&rsquo;dan gelen otoriterle\u015fme ele\u015ftirileri iktidar\u0131 &ouml;fkelendirdi. Art\u0131k &ldquo;stratejik orta\u011f\u0131m\u0131z&rdquo; Rusya idi! Bu s&uuml;re&ccedil;te AKP&rsquo;nin i&ccedil;inde ilk iki d&ouml;nemdeki de\u011ferleri savunanlar da tasfiye edildi.&rdquo; <\/span><\/em><\/strong><strong><span style=\"font-size: 12pt; font-family: 'Arial', sans-serif;\">&ouml;vg&uuml;leriyle s&ouml;ze ba\u015flayan Taha Akyol ard\u0131ndan kutsal endi\u015felerini s\u0131ralam\u0131\u015ft\u0131:<\/span><\/strong><\/p>\n<p style=\"margin-bottom: 0cm; text-align: justify; text-indent: 1cm; line-height: 16pt;\"><strong><span style=\"font-size: 12pt; font-family: 'Arial', sans-serif;\">&ldquo;Bu y&ouml;neli\u015fin sonu&ccedil;lar\u0131 bellidir: Art\u0131k d\u0131\u015far\u0131dan gelen yat\u0131r\u0131mlar kesilmi\u015fti, d&uuml;nya ekonomisindeki pay\u0131m\u0131z da 2019&rsquo;da y&uuml;zde 0.86&rsquo;ya gerilemi\u015fti. Bu durumda kitleleri tutmak i&ccedil;in eski &ldquo;Milli G&ouml;r&uuml;\u015f g&ouml;mle\u011fi&rdquo;ni bile a\u015fan keskin bir ideolojik dil geli\u015ftirildi&hellip; \u0130stanbul S&ouml;zle\u015fmesi&rsquo;ni &ouml;v&uuml;nerek imzalamak ama \u015fimdilerde lanetlemek&hellip; Ayasofya&rsquo;n\u0131n a&ccedil;\u0131lmas\u0131n\u0131 &ldquo;tezg&acirc;h&rdquo; olarak nitelemek, hatta \u0130slamofobiyi tahrik edebilece\u011fini s&ouml;ylemek; ama \u015fimdilerde muazzam bir t&ouml;renle a&ccedil;\u0131vermek&hellip; \u0130ktidar partisindeki de\u011fi\u015fimi simgeleyen olaylardan sadece ikisidir&#8230; Art\u0131k tarikat vak\u0131flar\u0131n\u0131n bildirilerinde \u0130stanbul S&ouml;zle\u015fmesi&rsquo;nin g&ouml;zden ge&ccedil;irilmesiyle yetinilmeyip, T&uuml;rk Ceza Kanunu&rsquo;nun ve T&uuml;rk Medeni Kanunu&rsquo;nun da &ldquo;medeniyetimizin de\u011ferlerine g&ouml;re&rdquo; de\u011fi\u015ftirilmesi istenmektedir. Nihayet, hilafetin g&uuml;ndeme getirilmesi s&uuml;rpriz de\u011fildir!.. CB sistemi T&uuml;rkiye&rsquo;yi u&ccedil;uracak derken, ideolojik a\u015f\u0131r\u0131l\u0131k art\u0131k devletin temel niteliklerinin reddedilmesi boyutlar\u0131na dayan\u0131vermi\u015ftir. Demokratik toplumda b&ouml;yle fikirler, gruplar olabilir. As\u0131l sorun, devletin niteliklerini, yani rejimi sorun sayan bu kesimlerin iktidar\u0131n kanatlar\u0131 alt\u0131ndaki &ccedil;evreler oluveri\u015fidir. Parti S&ouml;zc&uuml;s&uuml; &Ouml;mer &Ccedil;elik, &ldquo;demokratik, laik ve sosyal hukuk devleti&rdquo; vurgusu yaparak, &ldquo;Cumhuriyetimiz t&uuml;m nitelikleriyle g&ouml;z bebe\u011fimizdir&rdquo; \u015feklinde &ouml;nemli bir beyanat vermi\u015ftir. Tan\u0131d\u0131\u011f\u0131m\u0131z &Ouml;mer &Ccedil;elik bu s&ouml;zlerinde samimidir, gidi\u015fattan &ccedil;ok endi\u015feli oldu\u011funu da tahmin ederim.&rdquo; <\/span><\/strong><strong><span style=\"font-size: 14pt; font-family: 'Arial', sans-serif;\">s&ouml;zleriyle AKP iktidar\u0131n\u0131n Masonlarca g&ouml;zden &ccedil;\u0131kar\u0131ld\u0131\u011f\u0131n\u0131 m\u0131 a&ccedil;\u0131\u011fa vurmaktayd\u0131?<\/span><\/strong><\/p>\n<p style=\"margin-top: 0cm; margin-right: 0cm; margin-bottom: 0cm; text-align: justify; text-indent: 1cm; line-height: 16pt;\"><span style=\"font-family: 'Arial', sans-serif;\"><\/span><\/p>\n<p>&nbsp;<\/p>\n<hr style=\"text-align: left;\" size=\"1\" width=\"33%\" \/>\n<p><a href=\"#ftnref1\" id=\"ftn1\" style=\"vertical-align: super;\">[1]<\/a><span style=\"font-size: 9pt; font-family: 'Arial', sans-serif;\"> <a href=\"mailto:sakirtarim@milligazete.com.tr\">sakirtarim@milligazete.com.tr<\/a><\/span><\/p>\n<p><a href=\"#ftnref2\" id=\"ftn2\" style=\"vertical-align: super;\">[2]<\/a><span style=\"font-size: 9pt; font-family: 'Arial', sans-serif;\"> Bak: <a href=\"https:\/\/odatv4.com\/ali-erbasin-elindeki-kilic-neyin-sifresi\">https:\/\/odatv4.com\/ali-erbasin-elindeki-kilic-neyin-sifresi<\/a><\/span><\/p>\n","protected":false},"excerpt":{"rendered":"<p>&nbsp; Yanda\u015flara g&ouml;re: &Ouml;nce; NAMUS VE AHL&Acirc;K DE\u011e\u0130L, \u0130MK&Acirc;N VE \u0130KT\u0130DAR KORUNMALIYDI!.. &nbsp;&nbsp;&nbsp;&nbsp;&nbsp;&nbsp;&nbsp;&nbsp; Milli &Ccedil;&ouml;z&uuml;m Dergisi&rsquo;nin uyar\u0131lar\u0131 ve \u0131srarl\u0131 yaz\u0131lar\u0131yla g&uuml;ndeme oturan ve sonunda AKP&#8217;nin de ba\u015f\u0131n\u0131 a\u011fr\u0131tmaya ba\u015flayan &#8220;\u0130stanbul S&ouml;zle\u015fmesi&#8221; tart\u0131\u015fmalar\u0131 ba\u015fka bir boyuta ta\u015f\u0131nm\u0131\u015ft\u0131. AKP&#8217;ye yak\u0131n ve yanda\u015f iki gazetenin temsilcileri birbirine sata\u015fm\u0131\u015ft\u0131. Yeni \u015eafak gazetesi Genel Yay\u0131n Y&ouml;netmeni Karag&uuml;l, Yeni Akit yazar\u0131 [&hellip;]<\/p>\n","protected":false},"author":107,"featured_media":0,"comment_status":"open","ping_status":"closed","sticky":false,"template":"","format":"standard","meta":{"footnotes":""},"categories":[242],"tags":[],"class_list":["post-5947","post","type-post","status-publish","format-standard","hentry","category-ekim-2020"],"_links":{"self":[{"href":"https:\/\/www.millicozum.com\/mc\/wp-json\/wp\/v2\/posts\/5947","targetHints":{"allow":["GET"]}}],"collection":[{"href":"https:\/\/www.millicozum.com\/mc\/wp-json\/wp\/v2\/posts"}],"about":[{"href":"https:\/\/www.millicozum.com\/mc\/wp-json\/wp\/v2\/types\/post"}],"author":[{"embeddable":true,"href":"https:\/\/www.millicozum.com\/mc\/wp-json\/wp\/v2\/users\/107"}],"replies":[{"embeddable":true,"href":"https:\/\/www.millicozum.com\/mc\/wp-json\/wp\/v2\/comments?post=5947"}],"version-history":[{"count":0,"href":"https:\/\/www.millicozum.com\/mc\/wp-json\/wp\/v2\/posts\/5947\/revisions"}],"wp:attachment":[{"href":"https:\/\/www.millicozum.com\/mc\/wp-json\/wp\/v2\/media?parent=5947"}],"wp:term":[{"taxonomy":"category","embeddable":true,"href":"https:\/\/www.millicozum.com\/mc\/wp-json\/wp\/v2\/categories?post=5947"},{"taxonomy":"post_tag","embeddable":true,"href":"https:\/\/www.millicozum.com\/mc\/wp-json\/wp\/v2\/tags?post=5947"}],"curies":[{"name":"wp","href":"https:\/\/api.w.org\/{rel}","templated":true}]}}