{"id":6229,"date":"2021-04-28T22:00:00","date_gmt":"2021-04-28T22:00:00","guid":{"rendered":"https:\/\/www.millicozum.com\/mc\/2021\/04\/28\/bildiri-carpitmasi-ve-iktidarin-telasi-2\/"},"modified":"2021-04-28T22:00:00","modified_gmt":"2021-04-28T22:00:00","slug":"bildiri-carpitmasi-ve-iktidarin-telasi-2","status":"publish","type":"post","link":"https:\/\/www.millicozum.com\/mc\/2021\/mayis-2021\/bildiri-carpitmasi-ve-iktidarin-telasi\/","title":{"rendered":"B\u0130LD\u0130R\u0130 \u00c7ARPITMASI VE \u0130KT\u0130DARIN TELA\u015eI"},"content":{"rendered":"\n<p>&nbsp;<\/p>\n<p style=\"margin-bottom: 0cm; text-align: center;\"><strong><span style=\"font-size: 18pt; font-family: 'Arial', sans-serif;\">B\u0130LD\u0130R\u0130 &Ccedil;ARPITMASI VE \u0130KT\u0130DARIN TELA\u015eI<\/span><\/strong><\/p>\n<p style=\"margin-bottom: 0cm; text-align: justify; text-indent: 1cm;\"><strong><span style=\"font-size: 18pt; font-family: 'Arial', sans-serif;\">&nbsp;&nbsp;&nbsp;&nbsp;&nbsp;&nbsp; <\/span><\/strong><\/p>\n<p style=\"margin-bottom: 0cm; text-align: justify; text-indent: 1cm; line-height: 16pt;\"><strong><span style=\"font-size: 12pt; font-family: 'Arial', sans-serif;\">104 Emekli Amiralin yaygara kopartan bildirisi, Bo\u011fazlarla ilgili Montr&ouml; S&ouml;zle\u015fmesi&rsquo;nin T&uuml;rkiye aleyhine la&ccedil;kala\u015ft\u0131r\u0131lmas\u0131 hesaplar\u0131 gibi do\u011fru kayg\u0131lar\u0131n, <\/span><\/strong><strong><em><span style=\"font-size: 14pt; font-family: 'Arial', sans-serif;\">&ldquo;Tekkedeki Amiral!&rdquo;<\/span><\/em><\/strong><span style=\"font-size: 14pt; font-family: 'Arial', sans-serif;\"> <\/span><strong><span style=\"font-size: 12pt; font-family: 'Arial', sans-serif;\">gibi yanl\u0131\u015f alg\u0131larla ve c\u0131lk\u0131 &ccedil;\u0131km\u0131\u015f Atat&uuml;rk&ccedil;&uuml;l&uuml;k istismar\u0131 sloganik laflarla suland\u0131r\u0131lm\u0131\u015f bir &ccedil;\u0131k\u0131\u015ft\u0131 ve b&uuml;t&uuml;n&uuml;yle iktidar\u0131n i\u015fine yaram\u0131\u015ft\u0131. Hatta sanki kahir ekseriyeti M&uuml;sl&uuml;man olan halk\u0131m\u0131z\u0131 Erdo\u011fan&rsquo;\u0131n saf\u0131na itmek ve kenetlendirmek i&ccedil;in haz\u0131rlanm\u0131\u015ft\u0131. \u0130ktidar cephesinin ve yanda\u015f kesimlerin a\u015f\u0131r\u0131 ve tela\u015fl\u0131 tepkileri ise bir su&ccedil;luluk psikolojisini ve hesaba &ccedil;ekilme endi\u015fesini yans\u0131tmaktayd\u0131.<\/span><\/strong><\/p>\n<p style=\"margin-bottom: 0cm; text-align: justify; text-indent: 1cm; line-height: 16pt;\"><strong><span style=\"font-size: 12pt; font-family: 'Arial', sans-serif;\">Her iki taraf\u0131n da acemi ve aceleci say\u0131lacak, stratejik derinlikten ve Milli mes&rsquo;uliyetten uzak tav\u0131rlar\u0131 s\u0131r\u0131tmaktayd\u0131&hellip; &Ouml;zellikle emekli Amiraller, Montr&ouml;&rsquo;n&uuml;n Milli &ccedil;\u0131karlar\u0131m\u0131z aleyhine suland\u0131r\u0131lmas\u0131 hesaplar\u0131 gibi hakl\u0131 bir meseleyi; alakas\u0131z s&ouml;ylem ve y&ouml;ntemlerle ve haks\u0131z gerek&ccedil;elerle kamuoyuna sunmaya kalk\u0131\u015farak, ger&ccedil;e\u011fi &ccedil;arp\u0131tm\u0131\u015flard\u0131.<\/span><\/strong><\/p>\n<p style=\"margin-bottom: 0cm; text-align: justify; text-indent: 1cm; line-height: 16pt;\"><strong><span style=\"font-size: 14pt; font-family: 'Arial', sans-serif;\">\u0130\u015fte, \u015famatac\u0131 tavuk misali, yumurtlad\u0131klar\u0131 yumurta, mahalleyi ayakland\u0131ran g\u0131daklamalar\u0131na de\u011fmeyen bildiride \u015fu tespitler bulunmaktayd\u0131:<\/span><\/strong><\/p>\n<p style=\"margin-bottom: 0cm; text-align: justify; text-indent: 1cm; line-height: 16pt;\"><strong><em><span style=\"font-size: 12pt; font-family: 'Arial', sans-serif;\">&ldquo;Y&uuml;ce T&uuml;rk Milletine,<\/span><\/em><\/strong><\/p>\n<p style=\"margin-bottom: 0cm; text-align: justify; text-indent: 1cm; line-height: 16pt;\"><strong><em><span style=\"font-size: 12pt; font-family: 'Arial', sans-serif;\">Son zamanlarda gerek Kanal \u0130stanbul, gerekse Uluslararas\u0131 Antla\u015fmalar\u0131n iptali yetkisi kapsam\u0131nda Montr&ouml; S&ouml;zle\u015fmesi&#8217;nin tart\u0131\u015fmaya a&ccedil;\u0131lmas\u0131 endi\u015fe ile kar\u015f\u0131lanmaktad\u0131r.<\/span><\/em><\/strong><\/p>\n<p style=\"margin-bottom: 0cm; text-align: justify; text-indent: 1cm; line-height: 16pt;\"><strong><em><span style=\"font-size: 12pt; font-family: 'Arial', sans-serif;\">T&uuml;rk Bo\u011fazlar\u0131, d&uuml;nyan\u0131n en &ouml;nemli suyollar\u0131ndan biri olup, tarih boyunca &ccedil;ok uluslu antla\u015fmalara g&ouml;re y&ouml;netilmi\u015ftir. Bu antla\u015fmalar\u0131n sonuncusu ve T&uuml;rkiye&#8217;nin haklar\u0131n\u0131 en iyi \u015fekilde koruyan Montr&ouml;; sadece T&uuml;rk Bo\u011fazlar\u0131ndan ge&ccedil;i\u015fi d&uuml;zenleyen bir s&ouml;zle\u015fme de\u011fil, T&uuml;rkiye&#8217;ye \u0130stanbul, &Ccedil;anakkale, Marmara Denizi ve Bo\u011fazlardaki tam egemenlik haklar\u0131n\u0131 geri kazand\u0131ran, Lozan Bar\u0131\u015f Antla\u015fmas\u0131n\u0131 tamamlayan b&uuml;y&uuml;k bir diplomasi zaferidir. Montr&ouml;, Karadeniz&#8217;e k\u0131y\u0131da\u015f &uuml;lkelerin g&uuml;venli\u011finin temel belgesi olup Karadeniz&#8217;i bar\u0131\u015f denizi yapan s&ouml;zle\u015fmedir. Montr&ouml;, T&uuml;rkiye&#8217;nin herhangi bir sava\u015fta, sava\u015fan taraflardan birinin yan\u0131nda istemeden sava\u015fa girmesini &ouml;nleyen bir s&ouml;zle\u015fmedir. Montr&ouml;, T&uuml;rkiye&#8217;nin II. D&uuml;nya Sava\u015f\u0131&#8217;nda tarafs\u0131zl\u0131\u011f\u0131n\u0131 korumas\u0131na imk&acirc;n yaratm\u0131\u015ft\u0131r. Bu ve benzeri nedenlerle, T&uuml;rkiye&#8217;nin bekas\u0131nda &ouml;nemli bir yer tutan Montr&ouml; S&ouml;zle\u015fmesi&#8217;nin tart\u0131\u015fma konusu yap\u0131lmas\u0131na, masaya gelmesine neden olabilecek her t&uuml;rl&uuml; s&ouml;ylem ve eylemden ka&ccedil;\u0131n\u0131lmas\u0131 gerekti\u011fi kanaatindeyiz.<\/span><\/em><\/strong><\/p>\n<p style=\"margin-bottom: 0cm; text-align: justify; text-indent: 1cm; line-height: 16pt;\"><strong><em><span style=\"font-size: 12pt; font-family: 'Arial', sans-serif;\">Di\u011fer taraftan; son g&uuml;nlerde bas\u0131nda ve sosyal medyada yer alan kabul edilemez nitelikteki baz\u0131 g&ouml;r&uuml;nt&uuml;ler, haber ve tart\u0131\u015fmalar &ouml;mr&uuml;n&uuml; bu mesle\u011fe adam\u0131\u015f bizler i&ccedil;in &ccedil;ok derin bir &uuml;z&uuml;nt&uuml; kayna\u011f\u0131 olmu\u015ftur. TSK ve &ouml;zellikle Deniz Kuvvetlerimiz son y\u0131llarda; &ccedil;ok bilin&ccedil;li bir FET&Ouml; sald\u0131r\u0131s\u0131 ya\u015fam\u0131\u015f ve &ccedil;ok de\u011ferli kadrolar\u0131n\u0131 bu hain kumpaslara kurban vermi\u015ftir. Bu kumpaslardan &ccedil;\u0131kar\u0131lacak en &ouml;nemli ders; TSK&#8217;n\u0131n, anayasan\u0131n de\u011fi\u015fmez, de\u011fi\u015ftirilmesi teklif edilemez temel de\u011ferlerini titizlikle s&uuml;rd&uuml;rmesi zaruretidir. Bu gerek&ccedil;elerle, TSK ve Deniz Kuvvetlerimizi bu de\u011ferlerin d\u0131\u015f\u0131na &ccedil;\u0131km\u0131\u015f, Atat&uuml;rk&rsquo;&uuml;n &ccedil;izdi\u011fi &ccedil;a\u011fda\u015f rotadan uzakla\u015fm\u0131\u015f g&ouml;sterme &ccedil;abalar\u0131n\u0131 k\u0131n\u0131yor ve t&uuml;m varl\u0131\u011f\u0131m\u0131zla kar\u015f\u0131 &ccedil;\u0131k\u0131yoruz. Aksi halde, T&uuml;rkiye Cumhuriyeti, tarihte &ouml;rnekleri olan, bunal\u0131ml\u0131 ve bekas\u0131 i&ccedil;in en tehlikeli olaylar\u0131 ya\u015fama risk ve tehdidi ile kar\u015f\u0131la\u015fabilecektir. <\/span><\/em><\/strong><\/p>\n<p style=\"margin-bottom: 0cm; text-align: justify; text-indent: 1cm; line-height: 16pt;\"><strong><em><span style=\"font-size: 12pt; font-family: 'Arial', sans-serif;\">T&uuml;rk Milletinin ba\u011fr\u0131ndan &ccedil;\u0131kan \u015fanl\u0131 bir ge&ccedil;mi\u015fe sahip, Ana ve Mavi Vatan&#8217;\u0131n koruyucusu Deniz Kuvvetleri Komutanl\u0131\u011f\u0131 personelinin Atat&uuml;rk ilke ve devrimleri do\u011frultusunda yeti\u015ftirilmesi elzemdir. &Uuml;lkemizin her k&ouml;\u015fesinde denizde, karada, havada, i&ccedil; g&uuml;venlik b&ouml;lgesinde ve s\u0131n\u0131r &ouml;tesinde fedak&acirc;rca g&ouml;rev yapan, Mavi Vatan&#8217;daki hak ve menfaatlerimizin korunmas\u0131 i&ccedil;in Atat&uuml;rk&#8217;&uuml;n g&ouml;sterdi\u011fi yolda canla ba\u015fla &ccedil;al\u0131\u015fan cefak&acirc;r T&uuml;rk Denizcilerimizin yan\u0131nday\u0131z. 04 Nisan 2021. Deniz \u015eehitlerimizi anarak sayg\u0131yla duyururuz.&rdquo;<\/span><\/em><\/strong><span style=\"font-size: 12pt; font-family: 'Arial', sans-serif;\"> <\/span><\/p>\n<p style=\"margin-bottom: 0cm; text-align: justify; text-indent: 1cm; line-height: 16pt;\"><strong><span style=\"font-size: 14pt; font-family: 'Arial', sans-serif;\">\u0130fadeleri kullan\u0131lm\u0131\u015f ve 104 amiralin isimleri yer alm\u0131\u015ft\u0131. Kim bilir, belki de bu &ccedil;\u0131k\u0131\u015flar; daha ciddi, ger&ccedil;ek&ccedil;i ve gerekli uyar\u0131lar\u0131 etkisiz k\u0131lmak ve bo\u015fa &ccedil;\u0131karmak i&ccedil;in yap\u0131lm\u0131\u015ft\u0131! Kald\u0131 ki; yan\u0131 ba\u015f\u0131m\u0131zdaki Ege Adalar\u0131, Lozan&rsquo;a ayk\u0131r\u0131 olarak silahland\u0131r\u0131l\u0131p asker y\u0131\u011f\u0131l\u0131rken, &uuml;stelik di\u011fer onlarca adam\u0131z daha Yunanistan taraf\u0131ndan i\u015fgal edilirken t\u0131slar\u0131 &ccedil;\u0131kmayan kahraman amirallerimiz, acaba \u015fimdi hangi gaye ve gayretle kof bildiriler yay\u0131nlamaya kalk\u0131\u015fm\u0131\u015flard\u0131?<\/span><\/strong><\/p>\n<p style=\"margin-bottom: 0cm; text-align: justify; text-indent: 1cm; line-height: 16pt;\"><strong><span style=\"font-size: 14pt; font-family: 'Arial', sans-serif;\">ABD&#8217;nin T&uuml;rkiye&rsquo;yi k\u0131\u015fk\u0131rtmas\u0131: Karadeniz&#8217;de Rusya&#8217;n\u0131n sinirleriyle oynamal\u0131y\u0131z!<\/span><\/strong><\/p>\n<p style=\"margin-bottom: 0cm; text-align: justify; text-indent: 1cm; line-height: 16pt;\"><strong><span style=\"font-size: 12pt; font-family: 'Arial', sans-serif;\">ABD&rsquo;nin eski Avrupa Kuvvetleri Komutan\u0131 Emekli Korgeneral Ben Hodges, bundan bir hafta kadar &ouml;nce Karadeniz&rsquo;de Rusya&rsquo;n\u0131n &#8216;sinirleriyle oynama&#8217; &ccedil;a\u011fr\u0131s\u0131nda bulunmu\u015flard\u0131. Ukrayna medyas\u0131na a&ccedil;\u0131klamalarda bulunan Hodges, Ukrayna, G&uuml;rcistan, Romanya, Bulgaristan, T&uuml;rkiye ve Moldova&rsquo;n\u0131n Rusya&rsquo;ya kar\u015f\u0131 birle\u015fmesi gerekti\u011fini belirterek bu&nbsp;Karadeniz&nbsp;&uuml;lkelerine birbirine yard\u0131mc\u0131 olmas\u0131 ve&nbsp;istihbarat payla\u015fmas\u0131 gere\u011fini vurgulam\u0131\u015ft\u0131.<\/span><\/strong><\/p>\n<p style=\"margin-bottom: 0cm; text-align: justify; text-indent: 1cm; line-height: 16pt;\"><strong><span style=\"font-size: 12pt; font-family: 'Arial', sans-serif;\">Hodges,&nbsp;<em>&ldquo;ABD de bunun bir par&ccedil;as\u0131 olmal\u0131. Rus Karadeniz filosu komutan\u0131n\u0131n, &ouml;rne\u011fin Sivastopol&rsquo;deki yasa d\u0131\u015f\u0131 &uuml;ss&uuml;nde kendini &ccedil;ok rahats\u0131z hissedece\u011fi tedbirler almal\u0131y\u0131z. Karadeniz&#8217;de Rusya&#8217;n\u0131n sinirleriyle oynamal\u0131y\u0131z&rdquo;<\/em>&nbsp;ifadesini kullanm\u0131\u015ft\u0131.<\/span><\/strong><\/p>\n<p style=\"margin-bottom: 0cm; text-align: justify; text-indent: 1cm; line-height: 16pt;\"><strong><span style=\"font-size: 12pt; font-family: 'Arial', sans-serif;\">ABD&rsquo;li general, Ukrayna&rsquo;n\u0131n anti-gemi f&uuml;zelerini alma karar\u0131 ile ABD&rsquo;nin Romanya&rsquo;ya ke\u015fif ve sald\u0131r\u0131 ama&ccedil;l\u0131 MQ-9 Reaper insans\u0131z hava ara&ccedil;lar\u0131n\u0131 yerle\u015ftirmesinin, b&ouml;lgede &uuml;st&uuml;nl&uuml;\u011f&uuml; ele ge&ccedil;irmeye yard\u0131mc\u0131 olacak &ouml;nemli ad\u0131mlar oldu\u011funu aktarm\u0131\u015f ve Montr&ouml; S&ouml;zle\u015fmesi&#8217;nin g&uuml;ncelle\u015ftirilmesini g&uuml;ndeme ta\u015f\u0131m\u0131\u015ft\u0131.[1]<\/span><\/strong><\/p>\n<p style=\"margin-bottom: 0cm; text-align: justify; text-indent: 1cm; line-height: 16pt;\"><strong><span style=\"font-size: 12pt; font-family: 'Arial', sans-serif;\">2014-2018 y\u0131llar\u0131 aras\u0131nda Amerika&#8217;n\u0131n Avrupa Kuvvetleri Komutanl\u0131\u011f\u0131n\u0131 yapan Emekli Korgeneral Ben Hodges, T&uuml;rkiye ile Amerika aras\u0131ndaki en b&uuml;y&uuml;k sorunlardan biri olan Washington&#8217;\u0131n ter&ouml;r &ouml;rg&uuml;t&uuml;&nbsp;YPG&#8217;ye deste\u011fiyle ilgili &ccedil;arp\u0131c\u0131 a&ccedil;\u0131klamalar yapm\u0131\u015ft\u0131. Hodges,<\/span><\/strong><span style=\"font-size: 12pt; font-family: 'Arial', sans-serif;\"> <strong><em>&#8221;Bence ge&ccedil;mi\u015fte YPG&#8217;ye silah vermemiz hatayd\u0131. Bu o d&ouml;nem verilmi\u015f taktiksel bir karard\u0131. YPG DEA\u015e ile sava\u015fan en etkili g&uuml;&ccedil; olarak kabul ediliyordu. Ama \u015fimdi bak\u0131nca bunun bir hata oldu\u011funu T&uuml;rkiye ile ili\u015fkilere verdi\u011fi zarardan anl\u0131yoruz. Umar\u0131m yeni h&uuml;k&uuml;met bu politikay\u0131 g&ouml;zden ge&ccedil;irip DEA\u015e&#8217;e kar\u015f\u0131 yeni bir &ccedil;&ouml;z&uuml;m getirir.&#8221;<\/em><\/strong> <strong>s&ouml;zleriyle T&uuml;rkiye&rsquo;nin g&ouml;nl&uuml;n&uuml; almaya &ccedil;al\u0131\u015fm\u0131\u015ft\u0131. Oysa ayn\u0131 ABD, YPG-PKK&rsquo;ya her t&uuml;rl&uuml; deste\u011fini giderek artt\u0131rmaktayd\u0131.<\/strong><\/span><\/p>\n<p style=\"margin-bottom: 0cm; text-align: justify; text-indent: 1cm; line-height: 16pt;\"><strong><span style=\"font-size: 14pt; font-family: 'Arial', sans-serif;\">T&uuml;rkiye NATO&rsquo;nun Ma\u015fas\u0131 m\u0131yd\u0131?<\/span><\/strong><\/p>\n<p style=\"margin-bottom: 0cm; text-align: justify; text-indent: 1cm; line-height: 16pt;\"><strong><span style=\"font-size: 14pt; font-family: 'Arial', sans-serif;\">ABD D\u0131\u015fi\u015fleri Bakan\u0131 Blinken, <em>&ldquo;T&uuml;rkiye&rsquo;nin NATO&rsquo;ya olan ba\u011fl\u0131l\u0131\u011f\u0131n\u0131n s&uuml;rmesi hepimizin &ccedil;\u0131kar\u0131nad\u0131r&rdquo;<\/em> diyerek, T&uuml;rkiye&rsquo;nin Ortado\u011fu&rsquo;yu i\u015fgal politikalar\u0131nda kullan\u0131lmaya devam edilmesi gerekti\u011fini imaya &ccedil;al\u0131\u015fm\u0131\u015ft\u0131. <\/span><\/strong><strong><span style=\"font-size: 12pt; font-family: 'Arial', sans-serif;\">Anthony Blinken, NATO Genel Sekreteri Jens Stoltenberg ile &ldquo;Transatlantik ba\u011f\u0131n\u0131 g&uuml;&ccedil;lendirmek&rdquo; konulu sohbet toplant\u0131s\u0131 d&uuml;zenlemek &uuml;zere Br&uuml;ksel&rsquo;e giderken, toplant\u0131dan &ouml;nce T&uuml;rkiye ile ilgili a&ccedil;\u0131klamalar yapm\u0131\u015ft\u0131. NATO D\u0131\u015fi\u015fleri Bakanlar\u0131 toplant\u0131s\u0131na kat\u0131lmak &uuml;zere Br&uuml;ksel&rsquo;de bulunan Blinken, <em>&ldquo;T&uuml;rkiye k&ouml;kl&uuml; ve de\u011ferli bir m&uuml;ttefiktir. Ama Ankara ile anla\u015famad\u0131\u011f\u0131m\u0131z noktalar oldu\u011fu s\u0131r de\u011fildir&rdquo;<\/em> diyerek; <em>&ldquo;T&uuml;rkiye ile yak\u0131n ili\u015fkileri korumak ABD ve NATO&rsquo;nun &ccedil;\u0131kar\u0131na&rdquo;<\/em> ifadesini de kullanm\u0131\u015ft\u0131.<\/span><\/strong><\/p>\n<p style=\"margin-bottom: 0cm; text-align: justify; text-indent: 1cm; line-height: 16pt;\"><strong><span style=\"font-size: 14pt; font-family: 'Arial', sans-serif;\">Borrell&rsquo;in: &ldquo;T&uuml;rkiye, AB yolundan uzakla\u015f\u0131yor&rdquo; &ccedil;\u0131k\u0131\u015f\u0131!<\/span><\/strong><\/p>\n<p style=\"margin-bottom: 0cm; text-align: justify; text-indent: 1cm; line-height: 16pt;\"><strong><span style=\"font-size: 12pt; font-family: 'Arial', sans-serif;\">AB Y&uuml;ksek Temsilcisi Josep Borrell de, <em>&ldquo;Biz T&uuml;rkiye ile bir aday &uuml;lke, kom\u015fu ve en iyi ili\u015fkileri geli\u015ftirebilece\u011fimiz &ouml;nemli bir &uuml;lke olarak ili\u015fki kurmak istiyoruz&rdquo;<\/em> ifadelerini kullanm\u0131\u015ft\u0131. PKK&rsquo;n\u0131n siyasi aya\u011f\u0131 olan HDP&rsquo;ye a&ccedil;\u0131lan kapatma davas\u0131n\u0131 ve T&uuml;rkiye&rsquo;nin sap\u0131kl\u0131\u011f\u0131 yayan \u0130stanbul S&ouml;zle\u015fmesi&rsquo;nden &ccedil;ekilmesini de hat\u0131rlatan Borrell, bu t&uuml;r geli\u015fmelerin, T&uuml;rkiye&rsquo;yi &lsquo;AB yolundan&rsquo; uzakla\u015ft\u0131rd\u0131\u011f\u0131n\u0131 vurgulam\u0131\u015ft\u0131. Borrell bir soru &uuml;zerine, T&uuml;rkiye ile ilgili hem olumlu hem olumsuz geli\u015fmeler oldu\u011funu d&uuml;\u015f&uuml;nd&uuml;klerini belirterek, <em>&ldquo;Gelecek g&uuml;nlerde ve belki yaza kadar T&uuml;rkiye&rsquo;nin tutumunu yak\u0131ndan takip etmeyi s&uuml;rd&uuml;rece\u011fiz. Bunun i&ccedil;in baz\u0131 referans noktalar\u0131 kullanaca\u011f\u0131z. T&uuml;rkiye ile ilgili birka&ccedil; g&ouml;stergeyi izleyece\u011fiz. T&uuml;rkiye&rsquo;yi izlemeyi s&uuml;rd&uuml;rmek zorunday\u0131z&rdquo; <\/em>uyar\u0131s\u0131nda bulunmu\u015flard\u0131.<\/span><\/strong><\/p>\n<p style=\"margin-bottom: 0cm; text-align: justify; text-indent: 1cm; line-height: 16pt;\"><strong><span style=\"font-size: 14pt; font-family: 'Arial', sans-serif;\">AB&rsquo;den T&uuml;rkiye&rsquo;ye Do\u011fu Akdeniz \u015eantaj\u0131!<\/span><\/strong><\/p>\n<p style=\"margin-bottom: 0cm; text-align: justify; text-indent: 1cm; line-height: 16pt;\"><strong><span style=\"font-size: 14pt; font-family: 'Arial', sans-serif;\">Avrupa Birli\u011fi (AB) mart ay\u0131 liderler zirvesi video konferans yoluyla yap\u0131lm\u0131\u015ft\u0131. Zirveden T&uuml;rkiye&rsquo;ye &lsquo;\u015fartl\u0131 i\u015fbirli\u011fi&rsquo; karar\u0131 &ccedil;\u0131kt\u0131. Birli\u011fin T&uuml;rkiye&rsquo;ye dayatt\u0131\u011f\u0131 \u015fartlar\u0131n ba\u015f\u0131nda, Do\u011fu Akdeniz&rsquo;de geri ad\u0131m atmas\u0131 ve Suriyeli m&uuml;ltecileri bar\u0131nd\u0131rmaya devam etmesi de vard\u0131!<\/span><\/strong><\/p>\n<p style=\"margin-bottom: 0cm; text-align: justify; text-indent: 1cm; line-height: 16pt;\"><strong><span style=\"font-size: 14pt; font-family: 'Arial', sans-serif;\">T&uuml;rkiye&#8217;yi yak\u0131ndan ilgilendiren, NATO&#8217;dan tepki &ccedil;ekecek &#8216;PKK&#8217; plan\u0131&#8230;<\/span><\/strong><\/p>\n<p style=\"margin-bottom: 0cm; text-align: justify; text-indent: 1cm; line-height: 16pt;\"><strong><span style=\"font-size: 12pt; font-family: 'Arial', sans-serif;\">NATO&#8217;nun Irak&#8217;ta PKK ile ilgili T&uuml;rkiye&#8217;nin tepkisini &ccedil;ekecek bir hamleye kalk\u0131\u015ft\u0131\u011f\u0131 ortaya &ccedil;\u0131km\u0131\u015ft\u0131. Al\u0131nan bilgilere g&ouml;re NATO&#8217;nun, PKK&#8217;ya yeni bir isim verece\u011fi anla\u015f\u0131lm\u0131\u015ft\u0131. NATO bu hamlesiyle PKK ter&ouml;r &ouml;rg&uuml;t&uuml;ne siyasi ve asker&icirc; olarak destek vermeyi planlam\u0131\u015ft\u0131. Irak&#8217;taki g&uuml;c&uuml;n&uuml; art\u0131racak olan NATO, yeni strateji uygulamaya ba\u015flayacakt\u0131. Ter&ouml;r &ouml;rg&uuml;t&uuml; PKK&#8217;ya, kurulacak yeni korsan isim ve yap\u0131lanmalar &uuml;zerinden siyasi ve asker&icirc; olarak destek &ccedil;\u0131k\u0131lacakt\u0131.<\/span><\/strong><\/p>\n<p style=\"margin-bottom: 0cm; text-align: justify; text-indent: 1cm; line-height: 16pt;\"><strong><span style=\"font-size: 12pt; font-family: 'Arial', sans-serif;\">NATO&#8217;nun, Irak&#8217;ta yeni bir strateji uygulamaya ba\u015flay\u0131p b&ouml;lgedeki g&uuml;c&uuml;n&uuml; art\u0131r\u0131p &#8220;mahall&icirc; g&uuml;&ccedil;ler&#8221; ad\u0131 alt\u0131nda ter&ouml;r &ouml;rg&uuml;t&uuml; PKK&#8217;ya silah verip e\u011fitece\u011fine dair haberi NATO&#8217;nun Irak Temsilcisi Korgeneral Pierre Olsen de do\u011frulam\u0131\u015ft\u0131. Asia Televizyonuna konu\u015fan Korgeneral Olsen, kendisine ba\u011fl\u0131 kuvvetlerin <em>&#8220;Irak Ulusal G&uuml;venlik M&uuml;ste\u015far\u0131 Kas\u0131m Araci, &uuml;lkede NATO&#8217;ya ait asker say\u0131s\u0131n\u0131n art\u0131r\u0131lmas\u0131 konusunda resm&icirc; talepte bulunmu\u015ftu. Bunun ard\u0131ndan gelecek aylarda yap\u0131lacak toplant\u0131lar sonucunda e\u011fitim ve dan\u0131\u015fmanl\u0131k verece\u011fimiz kurumlar belirlenecek&#8221; <\/em>a&ccedil;\u0131klamas\u0131n\u0131 yapm\u0131\u015ft\u0131.<\/span><\/strong><\/p>\n<p style=\"margin-bottom: 0cm; text-align: justify; text-indent: 1cm; line-height: 16pt;\"><strong><span style=\"font-size: 12pt; font-family: 'Arial', sans-serif;\">Daha &ouml;nce NATO Genel Sekreteri Jens Stoltenberg, 18 \u015eubat&#8217;ta<\/span><\/strong><span style=\"font-size: 12pt; font-family: 'Arial', sans-serif;\"> <strong><em>&ldquo;Irak g&uuml;&ccedil;lerini ter&ouml;rle m&uuml;cadelelerinde desteklemek ve DEA\u015e&#8217;\u0131n geri d&ouml;nmesini engellemek amac\u0131yla NATO&#8217;nun Irak misyonunun geni\u015fletilmesini kararla\u015ft\u0131rd\u0131k. Misyonumuz 500 personelden d&ouml;rt bine &ccedil;\u0131kacak. E\u011fitim faaliyetlerine daha fazla Irak kurumu ile Ba\u011fdat d\u0131\u015f\u0131ndaki b&ouml;lgeler de dahil olacak&rdquo;<\/em><\/strong> <strong>itiraf\u0131nda bulunmu\u015flard\u0131<\/strong>.<\/span><\/p>\n<p style=\"margin-bottom: 0cm; text-align: justify; text-indent: 1cm; line-height: 16pt;\"><strong><span style=\"font-size: 12pt; font-family: 'Arial', sans-serif;\">NATO, Irak&#8217;taki g&uuml;c&uuml;n&uuml; art\u0131rd\u0131ktan sonra bu &uuml;lkede yeni bir strateji uygulamaya ba\u015flayacakt\u0131. Irak&#8217;ta do\u011frudan kararg&acirc;h ve m&uuml;stakil asker&icirc; merkez in\u015fa etmeyecek olan NATO, bu do\u011frultuda ilk olarak Ba\u011fdat Ye\u015fil b&ouml;lgede bulunan kararg&acirc;h\u0131n\u0131 bo\u015faltacakt\u0131. Irak merkez&icirc; y&ouml;netimi ve Irak B&ouml;lgesel K&uuml;rt Y&ouml;netimi (IKBY) i&ccedil;erisinde \u0130&ccedil;i\u015fleri, Adalet ve Savunma Bakanl\u0131\u011f\u0131na yerle\u015ftirilecek&nbsp;NATO uzmanlar\u0131, b&uuml;t&uuml;n karar a\u015famalar\u0131 ile fiil&icirc; uygulamalar\u0131 do\u011frudan y&ouml;nlendirmi\u015f olacakt\u0131. NATO, hem Irak merkez&icirc; y&ouml;netim hem de IKBY&#8217;den, \u0130stihbarat-Parastin ve asayi\u015f birimlerinde etkin olma iste\u011fini aktarm\u0131\u015ft\u0131. Bu birimlerde dan\u0131\u015fman ve e\u011fitmen kadrolar\u0131 a&ccedil;\u0131lmas\u0131n\u0131 istedi. NATO bu yolla asker&icirc; oldu\u011fu kadar siyasi, sosyal ve ekonomik karar a\u015famalar\u0131na do\u011frudan d&acirc;hil olacakt\u0131. Bir yandan n&uuml;fuz alan\u0131n\u0131 art\u0131racak olan NATO, di\u011fer yandan &#8220;i\u015fgalci&#8221; g&ouml;r&uuml;nt&uuml;s&uuml;nden uzak duracak. \u0130ran destekli milisler ve farkl\u0131 sald\u0131r\u0131larda do\u011frudan hedef olmamay\u0131 ama&ccedil;layan bu karar, NATO i&ccedil;in bir ilk &ouml;zelli\u011fi ta\u015f\u0131yacakt\u0131.<\/span><\/strong><\/p>\n<p style=\"margin-bottom: 0cm; text-align: justify; text-indent: 1cm; line-height: 16pt;\"><strong><span style=\"font-size: 14pt; font-family: 'Arial', sans-serif;\">PKK&#8217;ya yeni isim tak\u0131lacakt\u0131!<\/span><\/strong><\/p>\n<p style=\"margin-bottom: 0cm; text-align: justify; text-indent: 1cm; line-height: 16pt;\"><strong><span style=\"font-size: 12pt; font-family: 'Arial', sans-serif;\">Ter&ouml;r &ouml;rg&uuml;t&uuml; PKK&#8217;n\u0131n i\u015fgali alt\u0131ndaki b&ouml;lgeler ve Musul&#8217;da gayrim&uuml;slim b&ouml;lgelerinde ise bu strateji, mahall&icirc; g&uuml;&ccedil;ler ve DEA\u015e kar\u015f\u0131t\u0131 e\u011fitim ile silah temini d&uuml;zeyinde ba\u015flat\u0131lacakt\u0131. Musul&#8217;da &#8220;kurtar\u0131lm\u0131\u015f b&ouml;lge plan\u0131&#8221; ile daha &ccedil;ok S&uuml;ryani, Keldani, Ezid&icirc;, Ermeni ve \u015eabek gen&ccedil;lerin e\u011fitilmesini sa\u011flarken, ter&ouml;r &ouml;rg&uuml;t&uuml; PKK ise kurulacak yeni korsan isim ve yap\u0131lanmalar &uuml;zerinden siyas&icirc; ve asker&icirc; olarak desteklenmi\u015f olacakt\u0131. Yeni d&ouml;nem konseptinde Irak&#8217;a g&ouml;nderilecek misyonun y&uuml;zde 30 oran\u0131nda Federal g&uuml;&ccedil;lere ait noktalarda g&ouml;revlendirilirken, y&uuml;zde 70 Erbil, Musul gibi merkez&icirc; otorite d\u0131\u015f\u0131nda g&ouml;rev yapacakt\u0131.<\/span><\/strong><\/p>\n<p style=\"margin-bottom: 0cm; text-align: justify; text-indent: 1cm; line-height: 16pt;\"><strong><span style=\"font-size: 14pt; font-family: 'Arial', sans-serif;\">Do\u011fu Perin&ccedil;ek&rsquo;ten Erdo\u011fan&rsquo;a &lsquo;gizli anla\u015fmay\u0131 iptal et!&rsquo; &ccedil;a\u011fr\u0131s\u0131: T&uuml;rkiye i&ccedil;in namus meselesi, bu belgeyi a&ccedil;\u0131klay\u0131n!<\/span><\/strong><\/p>\n<p style=\"margin-bottom: 0cm; text-align: justify; text-indent: 1cm; line-height: 16pt;\"><span style=\"font-size: 12pt; font-family: 'Arial', sans-serif;\">Vatan Partisi Genel Ba\u015fkan\u0131 Do\u011fu Perin&ccedil;ek, 11. Cumhurba\u015fkan\u0131 Abdullah G&uuml;l&rsquo;&uuml;n eski ABD D\u0131\u015fi\u015fleri Bakan\u0131 Colin Luther Powell ile 2003 tarihinde yapt\u0131\u011f\u0131 iddia edilen anla\u015fmayla ilgili Cumhurba\u015fkan\u0131 Recep Tayyip Erdo\u011fan&rsquo;a &ccedil;a\u011fr\u0131da bulunarak, <strong><em>&ldquo;yap\u0131lan anla\u015fman\u0131n<\/em><\/strong> <strong><em>h&acirc;l&acirc; y&uuml;r&uuml;rl&uuml;kte bulundu\u011funu ve bunu a&ccedil;\u0131klaman\u0131n<\/em><\/strong> <strong><em>&lsquo;T&uuml;rkiye i&ccedil;in namus meselesi&rsquo;<\/em><\/strong> <strong><em>oldu\u011funu&rdquo;<\/em><\/strong> vurgulam\u0131\u015ft\u0131. Habert&uuml;rk&rsquo;te T&uuml;rkiye&rsquo;nin Nabz\u0131 program\u0131na konuk olan Vatan Partisi Genel Ba\u015fkan\u0131 Do\u011fu Perin&ccedil;ek, Cumhurba\u015fkan\u0131 Recep Tayyip Erdo\u011fan&rsquo;a 11. Cumhurba\u015fkan\u0131 Abdullah G&uuml;l&rsquo;&uuml;n 2003 y\u0131l\u0131nda D\u0131\u015fi\u015fleri Bakan\u0131 iken eski ABD D\u0131\u015fi\u015fleri Bakan\u0131 Colin Powell ile yapt\u0131\u011f\u0131 anla\u015fman\u0131n belgelerini a&ccedil;\u0131klamas\u0131 &ccedil;a\u011fr\u0131s\u0131nda bulunmu\u015flard\u0131.<\/span><\/p>\n<p style=\"margin-bottom: 0cm; text-align: justify; text-indent: 1cm; line-height: 16pt;\"><strong><span style=\"font-size: 12pt; font-family: 'Arial', sans-serif;\">Yap\u0131lan anla\u015fman\u0131n devam etti\u011fini ve bunu a&ccedil;\u0131klaman\u0131n <em>&ldquo;T&uuml;rkiye i&ccedil;in namus meselesi&rdquo; <\/em>haline geldi\u011fini belirten Perin&ccedil;ek, \u015funlar\u0131 aktarm\u0131\u015ft\u0131:<\/span><\/strong><\/p>\n<p style=\"margin-bottom: 0cm; text-align: justify; text-indent: 1cm; line-height: 16pt;\"><strong><em><span style=\"font-size: 12pt; font-family: 'Arial', sans-serif;\">&ldquo;Say\u0131n Tayyip Erdo\u011fan&rsquo;\u0131n sorumlulu\u011fu var. Bu anla\u015fma b&uuml;t&uuml;n belgeleriyle ilan edilmeli. Buradan talepte bulunuyorum. Bu anla\u015fma &Ouml;zden &Ouml;rnek&rsquo;te vard\u0131. \u0130tiraf etti, &lsquo;var bende&rsquo; dedi. Bize verecekti, vermedi. &Ccedil;ocuklar\u0131 da vermiyor ve ay\u0131p ediyor. (Bu anla\u015fma &ouml;rne\u011fi) Ba\u015fka komutanlarda da vard\u0131.&rdquo; <\/span><\/em><\/strong><\/p>\n<p style=\"margin-bottom: 0cm; text-align: justify; text-indent: 1cm; line-height: 16pt;\"><strong><span style=\"font-size: 12pt; font-family: 'Arial', sans-serif;\">T24&rsquo;&uuml;n haberine g&ouml;re Perin&ccedil;ek, G&uuml;l ile ABD aras\u0131nda yap\u0131ld\u0131\u011f\u0131 iddia edilen anla\u015fman\u0131n baz\u0131 maddelerini de&nbsp;<em>&ldquo;Ortado\u011fu&rsquo;daki rejimler de\u011fi\u015ftirilecek. PKK yasal hale getirilecek.&nbsp;Rauf Denkta\u015f&nbsp;etkisi K\u0131br\u0131s&rsquo;tan temizlenecek. T&uuml;rkiye topraklar\u0131nda &ouml;zerklik ilan edilecek&rdquo;<\/em><\/span><\/strong><span style=\"font-size: 12pt; font-family: 'Arial', sans-serif;\">&nbsp;diye s\u0131ralam\u0131\u015ft\u0131. <\/span><\/p>\n<p style=\"margin-bottom: 0cm; text-align: justify; text-indent: 1cm; line-height: 16pt;\"><strong><span style=\"font-size: 12pt; font-family: 'Arial', sans-serif;\">O d&ouml;nem D\u0131\u015fi\u015fleri Bakan\u0131 olan 11. Cumhurba\u015fkan\u0131 Abdullah G&uuml;l, s&ouml;z konusu anla\u015fmayla ilgili 23 May\u0131s 2003 tarihinde Vatan gazetesinden Sedat Serto\u011flu&rsquo;na verdi\u011fi r&ouml;portajda \u015fu ifadeleri kullanm\u0131\u015ft\u0131: <\/span><\/strong><\/p>\n<p style=\"margin-bottom: 0cm; text-align: justify; text-indent: 1cm; line-height: 16pt;\"><strong><em><span style=\"font-size: 12pt; font-family: 'Arial', sans-serif;\">&ldquo;Ben bu gezileri yapmadan &ouml;nce, \u015fimdi senin oturdu\u011fun koltukta (Eliyle koltu\u011fa vurdu) ABD D\u0131\u015fi\u015fleri Bakan\u0131 Powell oturuyordu. Onunla 2 sayfal\u0131k 9 maddelik bir plan &uuml;zerinde anla\u015ft\u0131k. Ama ben her yapt\u0131\u011f\u0131m\u0131 kalk\u0131p a&ccedil;\u0131klayamam ki&hellip; Powell Suriye&rsquo;ye giderken de benimle konu\u015ftu. Gizli olan bir s&uuml;r&uuml; geli\u015fme var&#8230;&rdquo;<\/span><\/em><\/strong><\/p>\n<p style=\"margin-bottom: 0cm; text-align: justify; text-indent: 1cm; line-height: 16pt;\"><strong><span style=\"font-size: 14pt; font-family: 'Arial', sans-serif;\">ABD&rsquo;den T&uuml;rkiye&rsquo;ye S-400 Uyar\u0131s\u0131<\/span><\/strong><\/p>\n<p style=\"margin-bottom: 0cm; text-align: justify; text-indent: 1cm; line-height: 16pt;\"><strong><span style=\"font-size: 14pt; font-family: 'Arial', sans-serif;\">Milli Savunma Bakan\u0131 Hulusi Akar ile ABD Savunma Bakan\u0131 Lloyd J. Austin telefon g&ouml;r&uuml;\u015fmesinin ard\u0131ndan, Pentagon a&ccedil;\u0131klama yapm\u0131\u015ft\u0131. Austin <em>&ldquo;S-400&rsquo;leri elinizde tutmay\u0131n!&rdquo; <\/em>diyerek uyarm\u0131\u015ft\u0131. <\/span><\/strong><strong><span style=\"font-size: 12pt; font-family: 'Arial', sans-serif;\">Oysa Bat\u0131 ve NATO &uuml;lkelerinde sava\u015f gemilerinde ba\u015fta NAV\u0130GASYON sistemleri olmak &uuml;zere onlarca par&ccedil;a Rus teknolojisi kullan\u0131ld\u0131\u011f\u0131 ortaya &ccedil;\u0131km\u0131\u015ft\u0131.<\/span><\/strong><\/p>\n<p style=\"margin-bottom: 0cm; text-align: justify; text-indent: 1cm; line-height: 16pt;\"><strong><span style=\"font-size: 14pt; font-family: 'Arial', sans-serif;\">ABD-Putin Kap\u0131\u015fmas\u0131<\/span><\/strong><\/p>\n<p style=\"margin-bottom: 0cm; text-align: justify; text-indent: 1cm; line-height: 16pt;\"><strong><span style=\"font-size: 12pt; font-family: 'Arial', sans-serif;\">Demokrasi ve diplomasiye &ouml;ncelik verece\u011fini s&ouml;yleyen ABD&#8217;nin yeni Ba\u015fkan\u0131 &#8216;centilmen&#8217; Joe Biden, Rusya Devlet Ba\u015fkan\u0131 Vladimir Putin hakk\u0131nda yapt\u0131\u011f\u0131 a&ccedil;\u0131klamayla b&uuml;t&uuml;n team&uuml;lleri alt&uuml;st etmi\u015fti. Bir kanala verdi\u011fi r&ouml;portajda Putin&#8217;e &#8216;katil&#8217; ve &#8216;ruhsuz&#8217; diyen Biden, asl\u0131nda s\u0131k\u0131\u015fan her insan\u0131n verdi\u011fi tipik bir histerik reaksiyon g&ouml;stermi\u015fti. Biden gerek&ccedil;e olarak, Putin&#8217;in 2016&#8217;daki ABD se&ccedil;imlerine m&uuml;dahale etmesini ve 2020&#8217;deki se&ccedil;imlerde Rusya&#8217;n\u0131n kendisi ve o\u011flu aleyhine g&uuml;ndeme ta\u015f\u0131d\u0131\u011f\u0131 Ukrayna&#8217;daki yolsuzluk haberleriyle dezenformasyona ba\u015fvurmas\u0131n\u0131 bahane etmi\u015flerdi! Oysa as\u0131l neden, Rus liderin ABD&#8217;nin tek s&uuml;per g&uuml;&ccedil; oldu\u011fu hegemonyas\u0131na son vermesiydi. Hat\u0131rlayal\u0131m&#8230; Putin daha 2007 M&uuml;nih G&uuml;venlik Konferans\u0131&#8217;nda ABD&#8217;ye meydan okuyarak d&uuml;nyan\u0131n tek devlet taraf\u0131ndan y&ouml;netilemeyece\u011fini ilan etmi\u015fti. Ard\u0131ndan 2008 G&uuml;rcistan Sava\u015f\u0131 ile ABD&#8217;nin 1991&#8217;den beri devam eden tek s&uuml;per g&uuml;&ccedil; pozisyonuna &ouml;ld&uuml;r&uuml;c&uuml; darbe indirmi\u015fti. 2014 Ukrayna ve 2016 Suriye m&uuml;dahaleleriyle de ABD&#8217;nin ter&ouml;r ile sava\u015f stratejisinin sonunu getirmi\u015fti. Bunu yaparken elbette &Ccedil;in ve T&uuml;rkiye gibi iki &ouml;nemli akt&ouml;rden destek istemi\u015fti. B&ouml;ylece &ccedil;ok kutuplu d&uuml;nyan\u0131n kap\u0131lar\u0131n\u0131 aralay\u0131vermi\u015fti.<\/span><\/strong><\/p>\n<p style=\"margin-bottom: 0cm; text-align: justify; text-indent: 1cm; line-height: 16pt;\"><strong><span style=\"font-size: 12pt; font-family: 'Arial', sans-serif;\">\u015eimdi ise Rusya, ABD&#8217;nin Hint-Pasifik stratejisini tehdit etmekteydi. Son olarak ABD&#8217;nin &Ccedil;in&#8217;e kar\u015f\u0131 geli\u015ftirmeye &ccedil;al\u0131\u015ft\u0131\u011f\u0131 Asya NATO&#8217;sunu &ccedil;&ouml;kertmi\u015fti. Japonya ve Avustralya&#8217;n\u0131n destek verdi\u011fi projeye Rusya&#8217;n\u0131n etkisiyle Hindistan ge&ccedil;it vermemi\u015fti. Dolay\u0131s\u0131yla Rusya, Ortado\u011fu ve Do\u011fu Avrupa&#8217;dan sonra G&uuml;neydo\u011fu ve Uzakdo\u011fu Asya ile Pasifik&#8217;te de askeri ve siyasi a&ccedil;\u0131dan ABD&#8217;nin kimyas\u0131n\u0131 de\u011fi\u015ftirmi\u015fti. ABD&#8217;nin askeri hegemonyas\u0131n\u0131 sarsma ve yay\u0131lma stratejisi izleyen Rusya, S-400 ve S-500 f&uuml;zeleri gibi geli\u015fmi\u015f silahlar\u0131n\u0131 ve n&uuml;kleer santral teknolojisini Hindistan, \u0130ran, Kuzey Kore, &Ccedil;in, M\u0131s\u0131r, Suudi Arabistan ve T&uuml;rkiye gibi &uuml;lkelere aktarmay\u0131 s&uuml;rd&uuml;rmekteydi! Suriye&#8217;nin Tartus Liman\u0131&#8217;ndan sonra Rusya, Sudan ile 25 y\u0131ll\u0131\u011f\u0131na deniz &uuml;ss&uuml; anla\u015fmas\u0131n\u0131 ger&ccedil;ekle\u015ftirmi\u015fti. Libya&#8217;da ve Afrika&#8217;da etkinli\u011fini art\u0131rma pe\u015findeki Rusya, ABD&#8217;nin arka bah&ccedil;esindeki Latin Amerika&#8217;da da var olan n&uuml;fuzunu her ge&ccedil;en g&uuml;n daha da per&ccedil;inlemekteydi. Eskilerin &#8216;Dinsizin hakk\u0131ndan imans\u0131z gelir&#8217; deyi\u015findeki gibi Rusya, Makyavelist ABD&#8217;den daha beter bir Maniheist mant\u0131kla hareket etmekteydi.&rdquo;[2] tespitleri anlaml\u0131yd\u0131.<\/span><\/strong><\/p>\n<p style=\"margin-bottom: 0cm; text-align: justify; text-indent: 1cm; line-height: 16pt;\"><strong><span style=\"font-size: 14pt; font-family: 'Arial', sans-serif;\">H&acirc;l&acirc; HA&Ccedil;LI&rsquo;dan hay\u0131r beklemek ahmakl\u0131kt\u0131!<\/span><\/strong><\/p>\n<p style=\"margin-bottom: 0cm; text-align: justify; text-indent: 1cm; line-height: 16pt;\"><strong><span style=\"font-size: 12pt; font-family: 'Arial', sans-serif;\">Son y\u0131llarda Rusya ile ili\u015fkilerimizde ciddi ilerleme g&ouml;r&uuml;l&uuml;yorsa da, ABD ile ili\u015fkilerimizden s&ouml;z ederken \u0131srarl\u0131 bir \u015fekilde <em>dost ve m&uuml;ttefik<\/em> olarak nitelendirilmesine dikkat ediliyordu. H&acirc;lbuki geli\u015fmeler g&ouml;steriyor ki, ABD gibi bir dost ve m&uuml;ttefikimiz(!) varken ayr\u0131ca bir d&uuml;\u015fmana ihtiya&ccedil; olmayaca\u011f\u0131 da g&ouml;r&uuml;l&uuml;yordu. Yani, ABD &uuml;lkemizle ili\u015fkilerini m&uuml;ttefiklik k\u0131l\u0131f\u0131 alt\u0131nda y&uuml;r&uuml;t&uuml;rken &ouml;nemli d\u0131\u015f konularda &uuml;lkemizin d&uuml;\u015fmanlar\u0131 ile birlikte olmay\u0131 tercih ediyordu. Ne demek istedi\u011fimi medyada yer alan iki haber ile izah etmek istiyorum. \u0130lk haber Rusya D\u0131\u015fi\u015fleri Bakan\u0131 Lavrov&rsquo;un a&ccedil;\u0131klamas\u0131 ile ilgili. Lavrov a&ccedil;\u0131klamas\u0131nda, <em>&ldquo;ABD Suriye&rsquo;nin petrol ve bu\u011fday\u0131na el koyup PKK\/YPG ter&ouml;r &ouml;rg&uuml;tlerini finanse ediyor&rdquo;<\/em> diyordu. Elbette ABD sadece Suriye petrol&uuml; ile ter&ouml;r &ouml;rg&uuml;tlerini finanse etmiyor, Suriye petrol&uuml; ile kendini de finanse ediyordu.<\/span><\/strong><\/p>\n<p style=\"margin-bottom: 0cm; text-align: justify; text-indent: 1cm; line-height: 16pt;\"><strong><span style=\"font-size: 12pt; font-family: 'Arial', sans-serif;\">Dikkatinize sunmak istedi\u011fim ikinci haber ise Prof. Poyraz G&uuml;rson&rsquo;un a&ccedil;\u0131klamas\u0131 ile ilgili. G&uuml;rson a&ccedil;\u0131klamas\u0131nda K\u0131br\u0131s&rsquo;\u0131n &ouml;neminin giderek artt\u0131\u011f\u0131n\u0131 belirterek, <em>&ldquo;Bu nedenle ABD ve Bat\u0131l\u0131 &uuml;lkeler Rumlar\u0131 NATO&rsquo;ya alma isteklerini belirgin hale getirdiler&rdquo;<\/em> diyerek bir ger&ccedil;e\u011fe dikkat &ccedil;ekiyordu. Bu arada K\u0131br\u0131s Rumlar\u0131n\u0131n daha &ouml;nce de Avrupa Birli\u011fi&rsquo;ne &uuml;ye yap\u0131ld\u0131\u011f\u0131n\u0131 hat\u0131rlad\u0131\u011f\u0131m\u0131zda ve T&uuml;rkiye&rsquo;nin ise AB kap\u0131s\u0131nda yar\u0131m as\u0131rd\u0131r bekletildi\u011fi d&uuml;\u015f&uuml;n&uuml;ld&uuml;\u011f&uuml;nde ABD ve AB&rsquo;nin T&uuml;rkiye konusunda ayn\u0131 &ccedil;izgide y&uuml;r&uuml;d&uuml;klerini s&ouml;ylemek gerekiyordu.<\/span><\/strong><\/p>\n<p style=\"margin-bottom: 0cm; text-align: justify; text-indent: 1cm; line-height: 16pt;\"><strong><em><span style=\"font-size: 12pt; font-family: 'Arial', sans-serif;\">Netice itibariyle AB ve NATO s&ouml;z konusu oldu\u011funda her alanda bir Ha&ccedil;l\u0131 ittifak\u0131n\u0131n s&ouml;z konusu oldu\u011funu bilerek ABD ile ayn\u0131 ittifak i&ccedil;inde olmam\u0131z\u0131n bu &uuml;lke ile dostluk ili\u015fkileri i&ccedil;inde olmam\u0131z\u0131 sa\u011flamad\u0131\u011f\u0131n\u0131 h&acirc;l&acirc; anlamayanlar ba\u015f\u0131m\u0131za yeni belalar a&ccedil;\u0131yordu. Ayn\u0131 durumun &uuml;lkemiz y\u0131llardan beri AB kap\u0131s\u0131nda bekletiliyorken K\u0131br\u0131s Rum kesiminin AB&rsquo;ye &uuml;ye yap\u0131ld\u0131\u011f\u0131n\u0131 d&uuml;\u015f&uuml;nd&uuml;\u011f&uuml;m&uuml;zde ba\u015fl\u0131\u011fa ald\u0131\u011f\u0131m ABD gibi dostumuz(!) varsa d&uuml;\u015fmana gerek olmad\u0131\u011f\u0131n\u0131, ayn\u0131 \u015feyleri AB ile ili\u015fkilerimizde de s&ouml;ylemenin m&uuml;mk&uuml;n oldu\u011funu belirtmekte yarar var. Bir bak\u0131ma diyebiliriz ki, Rumlar\u0131 AB&rsquo;ye alarak ilk ad\u0131m\u0131n ger&ccedil;ekle\u015fti\u011fini, ayn\u0131 \u015fekilde Rumlar\u0131 NATO&rsquo;ya alarak son ad\u0131m\u0131n at\u0131lmak istendi\u011fi, bunun haz\u0131rl\u0131\u011f\u0131n\u0131n yap\u0131ld\u0131\u011f\u0131n\u0131 art\u0131k herkes biliyordu.<\/span><\/em><\/strong><\/p>\n<p style=\"margin-bottom: 0cm; text-align: justify; text-indent: 1cm; line-height: 16pt;\"><strong><em><span style=\"font-size: 12pt; font-family: 'Arial', sans-serif;\">Son s&ouml;z olarak ABD ve AB&rsquo;nin tavr\u0131n\u0131 de\u011ferlendirdikten sonra, Rusya&rsquo;n\u0131n T&uuml;rkiye i&ccedil;in vazge&ccedil;ilmez dost ve m&uuml;ttefik olaca\u011f\u0131n\u0131 s&ouml;ylemenin de ger&ccedil;ek&ccedil;i olmayaca\u011f\u0131n\u0131 unutmamak gerekiyordu. &Ccedil;&uuml;nk&uuml; sadece Suriye&rsquo;de ya\u015fananlara bakt\u0131\u011f\u0131m\u0131zda bile Rusya&rsquo;n\u0131n da Suriye&rsquo;de giderek daha fazla yerle\u015fti\u011fini, Suriye&rsquo;deki ter&ouml;r &ouml;rg&uuml;tlerine y&ouml;nelik tutumunda ABD&rsquo;den farkl\u0131 bir durumun olmad\u0131\u011f\u0131n\u0131 bilerek hareket etmek laz\u0131m geliyordu. &Ccedil;&uuml;nk&uuml; Ha&ccedil;l\u0131lar &ccedil;\u0131kar birli\u011fi i&ccedil;inde hareket ediyordu. \u0130slam d&uuml;nyas\u0131n\u0131 s&ouml;m&uuml;rmeyi haklar\u0131 olarak g&ouml;r&uuml;yordu.[3]<\/span><\/em><\/strong><\/p>\n<p style=\"margin-bottom: 0cm; text-align: justify; text-indent: 1cm; line-height: 16pt;\"><strong><span style=\"font-size: 14pt; font-family: 'Arial', sans-serif;\">Soner Yal&ccedil;\u0131n&rsquo;\u0131n \u0130tiraflar\u0131 ve Sapt\u0131rmalar\u0131!<\/span><\/strong><\/p>\n<p style=\"margin-bottom: 0cm; text-align: justify; text-indent: 1cm; line-height: 16pt;\"><strong><span style=\"font-size: 14pt; font-family: 'Arial', sans-serif;\">Soner Yal&ccedil;\u0131n 01 Nisan 2021&rsquo;de \u015funlar\u0131 yazm\u0131\u015ft\u0131:<\/span><\/strong><\/p>\n<p style=\"margin-bottom: 0cm; text-align: justify; text-indent: 1cm; line-height: 16pt;\"><strong><em><span style=\"font-size: 12pt; font-family: 'Arial', sans-serif;\">&ldquo;1970&#8217;lerin ba\u015f\u0131&hellip; Daha &ccedil;ocu\u011fum&hellip; Ecevit&nbsp;r&uuml;zg&acirc;r\u0131 esiyor &uuml;lkede&hellip; Duvara sloganlar yaz\u0131yoruz; birini hi&ccedil; unutmam:&nbsp;<\/span><\/em><\/strong><strong><em><span style=\"font-size: 14pt; font-family: 'Arial', sans-serif;\">Yobaz Erbakan&#8230;! <\/span><\/em><\/strong><strong><em><span style=\"font-size: 12pt; font-family: 'Arial', sans-serif;\">Bak\u0131\u015f\u0131m\u0131z y\u0131llar boyu de\u011fi\u015fmedi; Erbakan &ldquo;alay konusu&rdquo; idi&nbsp;&ldquo;bizim mahalle&rdquo; i&ccedil;in.<\/span><\/em><\/strong><\/p>\n<p style=\"margin-bottom: 0cm; text-align: justify; text-indent: 1cm; line-height: 16pt;\"><strong><em><span style=\"font-size: 12pt; font-family: 'Arial', sans-serif;\">CHP-MSP koalisyon h&uuml;k&uuml;metinin &uuml;lke i&ccedil;in de\u011ferini bile kavrayamad\u0131k. Erbakan&#8217;\u0131n s&ouml;zleri e\u011flence konusu olmaya devam etti:<\/span><\/em><\/strong><\/p>\n<p style=\"margin-bottom: 0cm; text-align: justify; text-indent: 1cm; line-height: 16pt;\"><strong><em><span style=\"font-size: 12pt; font-family: 'Arial', sans-serif;\">&#8211; Milli Gazete&#8217;de futbolcular\u0131n&nbsp;k\u0131sa \u015fortlar\u0131ndan&nbsp;dolay\u0131 spor sayfas\u0131n\u0131n kapanmas\u0131n\u0131&hellip;<\/span><\/em><\/strong><\/p>\n<p style=\"margin-bottom: 0cm; text-align: justify; text-indent: 1cm; line-height: 16pt;\"><strong><em><span style=\"font-size: 12pt; font-family: 'Arial', sans-serif;\">&#8211; Hosteslerin&nbsp;etek boylar\u0131n\u0131 15 cm uzatma gayretlerini&hellip;<\/span><\/em><\/strong><\/p>\n<p style=\"margin-bottom: 0cm; text-align: justify; text-indent: 1cm; line-height: 16pt;\"><strong><em><span style=\"font-size: 12pt; font-family: 'Arial', sans-serif;\">&#8211; O\u011fuzhan Asilt&uuml;rk&rsquo;&uuml;n gazetelerdeki kad\u0131n dekolte&nbsp;k\u0131yafetlerini karalamas\u0131 ile alay ettik. Her yapt\u0131klar\u0131n\u0131 k&uuml;&ccedil;&uuml;msedik.<\/span><\/em><\/strong><\/p>\n<p style=\"margin-bottom: 0cm; text-align: justify; text-indent: 1cm; line-height: 16pt;\"><strong><em><span style=\"font-size: 12pt; font-family: 'Arial', sans-serif;\">Hafife ald\u0131klar\u0131m\u0131z\/&ouml;nem vermediklerimiz b&uuml;y&uuml;k\u015fehir belediye ba\u015fkanl\u0131klar\u0131n\u0131 kazan\u0131nca&nbsp;&ldquo;Aman \u015eeriat geliyor!&rdquo;&nbsp;diye panikledik, bir kez olsun anlamaya y&ouml;nelmedik.<\/span><\/em><\/strong><\/p>\n<p style=\"margin-bottom: 0cm; text-align: justify; text-indent: 1cm; line-height: 16pt;\"><strong><em><span style=\"font-size: 12pt; font-family: 'Arial', sans-serif;\">Daha ac\u0131s\u0131&hellip;&nbsp;Ba\u015f&ouml;rt&uuml;l&uuml; k\u0131zlar\u0131n hayk\u0131r\u0131\u015flar\u0131n\u0131 duymazdan geldik.<\/span><\/em><\/strong><\/p>\n<p style=\"margin-bottom: 0cm; text-align: justify; text-indent: 1cm; line-height: 16pt;\"><strong><em><span style=\"font-size: 12pt; font-family: 'Arial', sans-serif;\">Daha baya\u011f\u0131s\u0131&hellip; Aksoy, &Uuml;&ccedil;ok, Mumcu, K\u0131\u015flal\u0131 cinayetlerinden sonra&nbsp;as\u0131l faillerin oyununa gelip <\/span><\/em><\/strong><strong><em><span style=\"font-size: 14pt; font-family: 'Arial', sans-serif;\">&ldquo;T&uuml;rkiye \u0130ran Olmayacak&rdquo; <\/span><\/em><\/strong><strong><em><span style=\"font-size: 12pt; font-family: 'Arial', sans-serif;\">sloganlar\u0131n\u0131 seslendirdik.<\/span><\/em><\/strong><\/p>\n<p style=\"margin-bottom: 0cm; text-align: justify; text-indent: 1cm; line-height: 16pt;\"><strong><em><span style=\"font-size: 12pt; font-family: 'Arial', sans-serif;\">Daha da a\u015fa\u011f\u0131s\u0131&hellip;&nbsp;Erbakan&#8217;a kar\u015f\u0131 28 \u015eubat&#8217;a destek verdik&#8230;<\/span><\/em><\/strong><\/p>\n<p style=\"margin-bottom: 0cm; text-align: justify; text-indent: 1cm; line-height: 16pt;\"><strong><em><span style=\"font-size: 12pt; font-family: 'Arial', sans-serif;\">Meseleye sadece&nbsp;tek&nbsp;k&uuml;lt&uuml;rel&nbsp;boyutla\/ya\u015fam bi&ccedil;imiyle bakmay\u0131 se&ccedil;tik&#8230; G&uuml;ya, Marksist idik&hellip; G&uuml;ya, Marksist teorideki alt yap\u0131-&uuml;st yap\u0131 nedir;&nbsp;ekonomik ili\u015fkilerin k&uuml;lt&uuml;r&uuml;, ideolojiyi, siyasi kurumlar\u0131 ve toplumsal y&ouml;netim bi&ccedil;imini belirledi\u011fini bilirdik.&nbsp;Ne gezer, her \u015feyi yar\u0131m bildi\u011fimizin hi&ccedil; fark\u0131nda de\u011fildik.<\/span><\/em><\/strong><\/p>\n<p style=\"margin-bottom: 0cm; text-align: justify; text-indent: 1cm; line-height: 16pt;\"><strong><em><span style=\"font-size: 12pt; font-family: 'Arial', sans-serif;\">Peki&hellip; &ldquo;Bizim Mahalle&rdquo; b&ouml;yleydi&hellip; Ya &ldquo;&Ouml;teki Mahalle?&rdquo; \u0130\u015fte Milli Gazete&nbsp;man\u015fet yapm\u0131\u015ft\u0131: <\/span><\/em><\/strong><strong><em><span style=\"font-size: 14pt; font-family: 'Arial', sans-serif;\">&ldquo;&Ccedil;in \u0130slam D&uuml;nyas\u0131n\u0131 Ku\u015fat\u0131yor.&rdquo;<\/span><\/em><\/strong><em><\/em><\/p>\n<p style=\"margin-bottom: 0cm; text-align: justify; text-indent: 1cm; line-height: 16pt;\"><strong><em><span style=\"font-size: 12pt; font-family: 'Arial', sans-serif;\">Haber \u015fuydu: &ldquo;\u0130slam &uuml;lkelerine milyarlarca dolar yat\u0131r\u0131m yapan &Ccedil;in; Pakistan, T&uuml;rkiye, \u0130ran ve K&ouml;rfez &uuml;lkeleri &uuml;zerinde geni\u015f bir etki alan\u0131 kurdu. Buna mukabil \u0130slam &uuml;lkeleri,&nbsp;Do\u011fu T&uuml;rkistan meselesi ba\u015fta olmak &uuml;zere&nbsp;bir&ccedil;ok konuda sessizli\u011fe b&uuml;r&uuml;nmeyi tercih etti. Neticede ekonomik ba\u011f\u0131ml\u0131l\u0131k, siyaseten ba\u011f\u0131ml\u0131l\u0131\u011f\u0131 da beraberinde getirdi!&rdquo;<\/span><\/em><\/strong><\/p>\n<p style=\"margin-bottom: 0cm; text-align: justify; text-indent: 1cm; line-height: 16pt;\"><strong><em><span style=\"font-size: 12pt; font-family: 'Arial', sans-serif;\">Milli Gazete&nbsp;ar\u015fivine&nbsp;girip bakt\u0131m; sadece&nbsp;son &uuml;&ccedil; ayda 37&nbsp;Do\u011fu T&uuml;rkistan haberi yapm\u0131\u015flard\u0131. Yani, &uuml;&ccedil; g&uuml;nde bir haber diyebiliriz. Hepsinin ortak konusu &Ccedil;in&#8217;in, Do\u011fu T&uuml;rkistan\/Uygurlar\u0131 ezdi\u011fi iddias\u0131: <\/span><\/em><\/strong><strong><em><span style=\"font-size: 14pt; font-family: 'Arial', sans-serif;\">&ldquo;Soyk\u0131r\u0131ma sessiz kalmay\u0131n!&rdquo;<\/span><\/em><\/strong><\/p>\n<p style=\"margin-bottom: 0cm; text-align: justify; text-indent: 1cm; line-height: 16pt;\"><strong><em><span style=\"font-size: 12pt; font-family: 'Arial', sans-serif;\">Do\u011fu T&uuml;rkistan&#8217;da soyk\u0131r\u0131m varsa hep birlikte m&uuml;cadele edelim. Ama, &ouml;ncelikle haber kaynaklar\u0131n\u0131z\u0131&nbsp;g&ouml;zden ge&ccedil;irmeniz gerekmiyor mu?&rdquo;<\/span><\/em><\/strong><span style=\"font-size: 12pt; font-family: 'Arial', sans-serif;\"> <strong>diyen Soner Yal&ccedil;\u0131n, &ldquo;&Ccedil;in&rsquo;in M&uuml;sl&uuml;man Uygur T&uuml;rklerine zul&uuml;m ve soyk\u0131r\u0131m yap\u0131ld\u0131\u011f\u0131&rdquo; iddialar\u0131n\u0131n emperyalistler (ABD ve AB) taraf\u0131ndan uyduruldu\u011funu anlatmaya &ccedil;al\u0131\u015fm\u0131\u015ft\u0131 ve bile bile ger&ccedil;ekleri &ccedil;arp\u0131tm\u0131\u015ft\u0131. &Ccedil;&uuml;nk&uuml; Siyonist-emperyalist odaklar Avrupa ve Amerika gibi &Ccedil;\u0130N&rsquo;i de kendilerinden saymaktayd\u0131 ve k&uuml;resel s&ouml;m&uuml;r&uuml;c&uuml; Yahudi sermayesi y\u0131llard\u0131r &Ccedil;\u0130N&rsquo;de yat\u0131r\u0131m yapmaktayd\u0131.<\/strong><\/span><\/p>\n<p style=\"margin-bottom: 0cm; text-align: justify; text-indent: 1cm; line-height: 16pt;\"><strong><span style=\"font-size: 14pt; font-family: 'Arial', sans-serif;\">\u0130\u015fte Siyonist-emperyalistlerin s&ouml;m&uuml;rgecilik itiraf\u0131; Afrika&#8217;y\u0131 fakir tutmak i&ccedil;in her \u015feyi yapaca\u011f\u0131z ve bunun i&ccedil;in T&uuml;rkiye gibi &uuml;lkelerden yararlanaca\u011f\u0131z!<\/span><\/strong><\/p>\n<p style=\"margin-bottom: 0cm; text-align: justify; text-indent: 1cm; line-height: 16pt;\"><strong><span style=\"font-size: 14pt; font-family: 'Arial', sans-serif;\">Afrika neden a&ccedil;t\u0131 ve neden bu kadar fakir b\u0131rak\u0131lm\u0131\u015ft\u0131?<\/span><\/strong><\/p>\n<p style=\"margin-bottom: 0cm; text-align: justify; text-indent: 1cm; line-height: 16pt;\"><strong><span style=\"font-size: 12pt; font-family: 'Arial', sans-serif;\">Uluslararas\u0131 Sosyal Bilimler Enstit&uuml;s&uuml;&#8217;nde Akademisyenlik yapan Yahudi as\u0131ll\u0131 Evangelik Nicholas, 2015&#8217;te verdi\u011fi bir seminerde Afrika&#8217;n\u0131n bilin&ccedil;li olarak fakirle\u015ftirildi\u011fini <em>&#8220;Afrika&#8217;y\u0131 fakir tutmak i&ccedil;in her \u015feyi yapaca\u011f\u0131z&#8221;<\/em> s&ouml;zleriyle itiraf ediyorlard\u0131!<\/span><\/strong><\/p>\n<p style=\"margin-bottom: 0cm; text-align: justify; text-indent: 1cm; line-height: 16pt;\"><strong><span style=\"font-size: 14pt; font-family: 'Arial', sans-serif;\">Howard Nicholas: <\/span><\/strong><strong><em><span style=\"font-size: 12pt; font-family: 'Arial', sans-serif;\">&ldquo;Afrika tabii ve tarihsel olarak, k&uuml;resel g&uuml;&ccedil;lerin ve geli\u015fmi\u015f &uuml;lkelerin refah\u0131 i&ccedil;in temel co\u011frafyad\u0131r. Ve Afrika&rsquo;n\u0131n bir rol&uuml; daha vard\u0131r: Bir hammadde kayna\u011f\u0131 olarak Bat\u0131 i&ccedil;in hayati konumdad\u0131r. Bu nedenle Afrika&rsquo;y\u0131 oldu\u011fu yerde ve fakir tutmak i&ccedil;in her \u015feyi yapaca\u011f\u0131z. Ve bu maksatla T&uuml;rkiye gibi &uuml;lkelerden yararlanaca\u011f\u0131z. \u0130\u015fte bu maksatla t&uuml;m ekonomik yap\u0131lar, t&uuml;m k&uuml;resel kurumlar ve herkese &ouml;\u011fretti\u011fimiz ekonomi kurallar\u0131, Afrika&rsquo;y\u0131 tam olarak bulundu\u011fu peri\u015fan konumda tutacak \u015fekilde tasarlanm\u0131\u015ft\u0131r. Ve ister Avrupa, ister ABD veya &Ccedil;in olsun, bu hep ayn\u0131d\u0131r. Afrika&rsquo;n\u0131n yoksulla\u015ft\u0131r\u0131lmas\u0131na ihtiyac\u0131m\u0131z vard\u0131r; &ccedil;&uuml;nk&uuml; bu hammaddelere ihtiyac\u0131m\u0131z vard\u0131r ve sudan ucuz olmas\u0131 bizim &ccedil;\u0131kar\u0131m\u0131zad\u0131r. E\u011fer Afrika farkl\u0131 bir \u015fey yapsa ve kendi ayaklar\u0131 &uuml;zerinde durmaya kalk\u0131\u015fsa, sizi temin ederim ki Avrupa ve Kuzey Amerika ve Asya&rsquo;daki herkesin hayat standartlar\u0131 d&uuml;\u015fmeye ba\u015flayacakt\u0131r. Bat\u0131&#8217;n\u0131n b&uuml;y&uuml;k bir sava\u015f olmadan buna izin vermeyece\u011fine inanmal\u0131s\u0131n\u0131z. &Ccedil;&uuml;nk&uuml; biz, ideoloji &uuml;retenlerin bir par&ccedil;as\u0131y\u0131z. &Uuml;niversitelerde ve akademik kurumlarda, b&uuml;t&uuml;n bu i\u015flerin su&ccedil; orta\u011f\u0131y\u0131z. Pek &ccedil;ok Bat\u0131l\u0131 akademisyenin i\u015fi, Afrikal\u0131lar\u0131, yapt\u0131klar\u0131 k&ouml;lelik i\u015fini aynen yapmaya devam etmeleri gerekti\u011fine ikna etmek ve onlar\u0131 \u015funa inand\u0131rmakt\u0131r: &ldquo;Fakir olman senin hatand\u0131r, bizim de\u011fil&hellip; Kendin y&uuml;z&uuml;nden fakirsin&hellip; Ve \u0130slam sizi geri b\u0131rakm\u0131\u015ft\u0131r!..&rdquo; diyerek onlar\u0131 kand\u0131rmakt\u0131r.&rdquo;[4]<\/span><\/em><\/strong><\/p>\n<p style=\"margin-bottom: 0cm; text-align: justify; text-indent: 1cm; line-height: 16pt;\"><strong><span style=\"font-size: 14pt; font-family: 'Arial', sans-serif;\">Milli T&uuml;rkiye; \u0130srail ve Yunanistan Projesini bo\u015fa &ccedil;\u0131karm\u0131\u015ft\u0131.<\/span><\/strong><\/p>\n<p style=\"margin-bottom: 0cm; text-align: justify; text-indent: 1cm; line-height: 16pt;\"><strong><span style=\"font-size: 12pt; font-family: 'Arial', sans-serif;\">\u0130srail ile Yunanistan, Do\u011fu Akdeniz&#8217;de elektrik kablosu hatt\u0131 d&ouml;\u015ferken bile T&uuml;rkiye&#8217;ye dan\u0131\u015fmak zorundalard\u0131. \u0130\u015fte bu durum \u0130srail&#8217;i bir hayli tela\u015fland\u0131rm\u0131\u015ft\u0131, \u0130srail medyas\u0131 denize kablo d&ouml;\u015feyemezken nas\u0131l olur da do\u011falgaz boru hatt\u0131 kurulacakt\u0131? Bunu sorgulamaya ba\u015flam\u0131\u015ft\u0131.<\/span><\/strong><\/p>\n<p style=\"margin-bottom: 0cm; text-align: justify; text-indent: 1cm; line-height: 16pt;\"><strong><span style=\"font-size: 12pt; font-family: 'Arial', sans-serif;\">T&uuml;rkiye&#8217;nin son verdi\u011fi bir NOTA vard\u0131. Bu \u0130srail-Yunanistan ve AB &uuml;&ccedil;l&uuml;s&uuml;ne verilen bir NOTA&rsquo;yd\u0131&hellip; Tabi onlarla birlikte bir de k&uuml;&ccedil;&uuml;k ortaklar\u0131 Rumlar vard\u0131.<\/span><\/strong><\/p>\n<p style=\"margin-bottom: 0cm; text-align: justify; text-indent: 1cm; line-height: 16pt;\"><strong><span style=\"font-size: 14pt; font-family: 'Arial', sans-serif;\">NOTA&#8217;n\u0131n i&ccedil;eri\u011finde \u015funlar vard\u0131:<\/span><\/strong><\/p>\n<p style=\"margin-bottom: 0cm; text-align: justify; text-indent: 1cm; line-height: 16pt;\"><strong><span style=\"font-size: 12pt; font-family: 'Arial', sans-serif;\">Bunun temeli T&uuml;rkiye&#8217;nin 27 Kas\u0131m 2019&#8217;da Libya ile yapt\u0131\u011f\u0131 deniz yetki alanlar\u0131 mutabakat\u0131na dayanmaktayd\u0131. Bu mutabakatla, Yunanistan&#8217;\u0131n Do\u011fu Akdeniz &uuml;zerinde Girit adas\u0131 &uuml;zerinden hak iddia etti\u011fi alanlar\u0131n, hi&ccedil;bir h&uuml;km&uuml; kalmam\u0131\u015ft\u0131. Ba\u015fka bir deyi\u015fle Girit&#8217;in &ccedil;evresi T&uuml;rkiye ile Libya&#8217;n\u0131n deniz alanlar\u0131 olarak tescil edilmi\u015f durumdayd\u0131.<\/span><\/strong><\/p>\n<p style=\"margin-bottom: 0cm; text-align: justify; text-indent: 1cm; line-height: 16pt;\"><strong><span style=\"font-size: 12pt; font-family: 'Arial', sans-serif;\">\u0130srail, Yunanistan ve Rumlar ise, kendi ak\u0131llar\u0131nca Do\u011fu Akdeniz&#8217;de suyun dibinden d&ouml;\u015feyecekleri elektrik kablolar\u0131n\u0131 Avrupa&#8217;ya ula\u015ft\u0131racaklard\u0131. Projenin ad\u0131n\u0131 ise &lsquo;<\/span><\/strong><strong><em><span style=\"font-size: 14pt; font-family: 'Arial', sans-serif;\">EuroAsia Interconnector&#8217;<\/span><\/em><\/strong><strong><span style=\"font-size: 12pt; font-family: 'Arial', sans-serif;\"> koymu\u015flard\u0131. D&uuml;nyan\u0131n en uzun denizalt\u0131 g&uuml;&ccedil; kablo hatt\u0131, Yunanistan&#8217;\u0131n hak iddia etti\u011fi Girit a&ccedil;\u0131klar\u0131ndan ge&ccedil;ip, Avrupa&#8217;ya ula\u015facakt\u0131. \u0130\u015fte bu noktada T&uuml;rkiye devreye girip oyunlar\u0131n\u0131 bo\u015fa &ccedil;\u0131karm\u0131\u015ft\u0131. Verdi\u011fi NOTA ile <\/span><\/strong><strong><em><span style=\"font-size: 14pt; font-family: 'Arial', sans-serif;\">&#8220;benden izin almadan bu alanda kablo d&ouml;\u015feyemez ya da ba\u015fka bir faaliyette bulunamazs\u0131n\u0131z&#8221;<\/span><\/em><\/strong><strong><span style=\"font-size: 12pt; font-family: 'Arial', sans-serif;\"> uyar\u0131s\u0131n\u0131 yapm\u0131\u015ft\u0131.<\/span><\/strong><\/p>\n<p style=\"margin-bottom: 0cm; text-align: justify; text-indent: 1cm; line-height: 16pt;\"><strong><span style=\"font-size: 14pt; font-family: 'Arial', sans-serif;\">NOTA en &ccedil;ok \u0130srail&#8217;i \u015fa\u015f\u0131rtm\u0131\u015ft\u0131. \u0130srail gazetelerinin internet sayfalar\u0131nda g&uuml;n boyu, <em>&#8220;T&uuml;rkiye \u0130srail&#8217;le Yunanistan&#8217;\u0131n Do\u011fu Akdeniz&#8217;deki faaliyetlerini engelliyor&#8221; <\/em>\u015feklinde man\u015fetler yer alm\u0131\u015ft\u0131.<\/span><\/strong><\/p>\n<p style=\"margin-bottom: 0cm; text-align: justify; text-indent: 1cm; line-height: 16pt;\"><strong><span style=\"font-size: 12pt; font-family: 'Arial', sans-serif;\">\u0130srail medyas\u0131 \u015funu sorgulamaya ba\u015flam\u0131\u015ft\u0131: <\/span><\/strong><strong><em><span style=\"font-size: 14pt; font-family: 'Arial', sans-serif;\">&#8220;Denize elektrik kablosu d&ouml;\u015ferken bile T&uuml;rkiye&#8217;den izin alacaksak o halde biz do\u011falgaz boru hatt\u0131n\u0131 nas\u0131l d&ouml;\u015feyece\u011fiz?&#8221;<\/span><\/em><\/strong><\/p>\n<p style=\"margin-bottom: 0cm; text-align: justify; text-indent: 1cm; line-height: 16pt;\"><strong><em><span style=\"font-size: 12pt; font-family: 'Arial', sans-serif;\">&Ccedil;&uuml;nk&uuml; elektrik kablosunun g&uuml;zerg&acirc;h\u0131nda bir proje daha vard\u0131. Yine ayn\u0131 akt&ouml;rler, \u0130srail, Yunanistan ve Rumlar ortak planlam\u0131\u015ft\u0131. 2 Ocak 2020&#8217;de imzalanan anla\u015fmayla EastMed ad\u0131 verilen proje &ccedil;er&ccedil;evesinde \u0130srail&rsquo;in &ccedil;\u0131kard\u0131\u011f\u0131 do\u011falgaz\u0131 denizin alt\u0131na boru d&ouml;\u015femek suretiyle Avrupa&#8217;ya ula\u015ft\u0131rma plan\u0131 yap\u0131yorlard\u0131.<\/span><\/em><\/strong><\/p>\n<p style=\"margin-bottom: 0cm; text-align: justify; text-indent: 1cm; line-height: 16pt;\"><strong><em><span style=\"font-size: 14pt; font-family: 'Arial', sans-serif;\">\u0130\u015fte T&uuml;rkiye&#8217;nin verdi\u011fi son NOTA tam da bu EastMed hayaline darbe indirmi\u015f durumdayd\u0131. \u0130srail&rsquo;e de Yunanistan&#8217;a da, &#8220;Elektrik kablosu d&ouml;\u015ferken bile benden izin almal\u0131s\u0131n\u0131z&#8221; uyar\u0131s\u0131yla yar\u0131n &ouml;b&uuml;r g&uuml;n do\u011falgaz boru hatt\u0131 konusundaki ikaz \u015fimdiden verilmi\u015f olmaktayd\u0131. \u0130srail mesaj\u0131 hemen ald\u0131. Bu elektrik kablosu i&ccedil;in ge&ccedil;erliyse yar\u0131n do\u011falgaz i&ccedil;in de b&ouml;yle olacakt\u0131.&rdquo;[5]<\/span><\/em><\/strong><\/p>\n<p style=\"margin-bottom: 0cm; text-align: justify; text-indent: 1cm; line-height: 16pt;\"><strong><span style=\"font-size: 12pt; font-family: 'Arial', sans-serif;\"><\/span><\/strong><\/p>\n<p style=\"margin-bottom: 0cm; text-align: justify; text-indent: 1cm; line-height: 16pt;\"><span style=\"font-size: 12pt; font-family: 'Arial', sans-serif;\"><\/span><\/p>\n<p>&nbsp;<\/p>\n<hr style=\"text-align: left;\" size=\"1\" width=\"33%\" \/>\n<p style=\"margin-left: 30px; text-indent: -7.1pt;\"><a href=\"#ftnref1\" id=\"ftn1\" style=\"vertical-align: super;\">[1]<\/a><span style=\"font-size: 9pt; font-family: 'Arial', sans-serif;\"> Haber7 &ndash; 03.04.2021<\/span><\/p>\n<p style=\"margin-left: 30px; text-indent: -7.1pt;\"><a href=\"#ftnref2\" id=\"ftn2\" style=\"vertical-align: super;\">[2]<\/a><span style=\"font-size: 9pt; font-family: 'Arial', sans-serif;\"> <a href=\"mailto:bercan.tutar@sabah.com.tr\">bercan.tutar@sabah.com.tr<\/a><\/span><\/p>\n<p style=\"margin-left: 30px; text-indent: -7.1pt;\"><a href=\"#ftnref3\" id=\"ftn3\" style=\"vertical-align: super;\">[3]<\/a><span style=\"font-size: 9pt; font-family: 'Arial', sans-serif;\"> A. Kadir &Ouml;zkan \/ Milli Gazete<\/span><\/p>\n<p style=\"margin-left: 30px; text-indent: -7.1pt;\"><a href=\"#ftnref4\" id=\"ftn4\" style=\"vertical-align: super;\">[4]<\/a><span style=\"font-size: 9pt; font-family: 'Arial', sans-serif;\"> Kaynak: 28 Mart 2021 &#8211; <a href=\"https:\/\/parantezhaber.com\/parantez-ozel\/somurgecilik-itirafi\">https:\/\/parantezhaber.com\/parantez-ozel\/somurgecilik-itirafi<\/a><\/span><\/p>\n<p style=\"margin-left: 30px; text-indent: -7.1pt;\"><a href=\"#ftnref5\" id=\"ftn5\" style=\"vertical-align: super;\">[5]<\/a><span style=\"font-size: 9pt; font-family: 'Arial', sans-serif;\"> Haber 7, T. Da\u011fl\u0131, 17.03.2021<\/span><\/p>\n<p>&nbsp;<\/p>\n","protected":false},"excerpt":{"rendered":"<p>&nbsp; B\u0130LD\u0130R\u0130 &Ccedil;ARPITMASI VE \u0130KT\u0130DARIN TELA\u015eI &nbsp;&nbsp;&nbsp;&nbsp;&nbsp;&nbsp; 104 Emekli Amiralin yaygara kopartan bildirisi, Bo\u011fazlarla ilgili Montr&ouml; S&ouml;zle\u015fmesi&rsquo;nin T&uuml;rkiye aleyhine la&ccedil;kala\u015ft\u0131r\u0131lmas\u0131 hesaplar\u0131 gibi do\u011fru kayg\u0131lar\u0131n, &ldquo;Tekkedeki Amiral!&rdquo; gibi yanl\u0131\u015f alg\u0131larla ve c\u0131lk\u0131 &ccedil;\u0131km\u0131\u015f Atat&uuml;rk&ccedil;&uuml;l&uuml;k istismar\u0131 sloganik laflarla suland\u0131r\u0131lm\u0131\u015f bir &ccedil;\u0131k\u0131\u015ft\u0131 ve b&uuml;t&uuml;n&uuml;yle iktidar\u0131n i\u015fine yaram\u0131\u015ft\u0131. Hatta sanki kahir ekseriyeti M&uuml;sl&uuml;man olan halk\u0131m\u0131z\u0131 Erdo\u011fan&rsquo;\u0131n saf\u0131na itmek ve [&hellip;]<\/p>\n","protected":false},"author":4,"featured_media":0,"comment_status":"open","ping_status":"closed","sticky":false,"template":"","format":"standard","meta":{"footnotes":""},"categories":[249],"tags":[],"class_list":["post-6229","post","type-post","status-publish","format-standard","hentry","category-mayis-2021"],"_links":{"self":[{"href":"https:\/\/www.millicozum.com\/mc\/wp-json\/wp\/v2\/posts\/6229","targetHints":{"allow":["GET"]}}],"collection":[{"href":"https:\/\/www.millicozum.com\/mc\/wp-json\/wp\/v2\/posts"}],"about":[{"href":"https:\/\/www.millicozum.com\/mc\/wp-json\/wp\/v2\/types\/post"}],"author":[{"embeddable":true,"href":"https:\/\/www.millicozum.com\/mc\/wp-json\/wp\/v2\/users\/4"}],"replies":[{"embeddable":true,"href":"https:\/\/www.millicozum.com\/mc\/wp-json\/wp\/v2\/comments?post=6229"}],"version-history":[{"count":0,"href":"https:\/\/www.millicozum.com\/mc\/wp-json\/wp\/v2\/posts\/6229\/revisions"}],"wp:attachment":[{"href":"https:\/\/www.millicozum.com\/mc\/wp-json\/wp\/v2\/media?parent=6229"}],"wp:term":[{"taxonomy":"category","embeddable":true,"href":"https:\/\/www.millicozum.com\/mc\/wp-json\/wp\/v2\/categories?post=6229"},{"taxonomy":"post_tag","embeddable":true,"href":"https:\/\/www.millicozum.com\/mc\/wp-json\/wp\/v2\/tags?post=6229"}],"curies":[{"name":"wp","href":"https:\/\/api.w.org\/{rel}","templated":true}]}}