{"id":6230,"date":"2021-04-28T22:00:00","date_gmt":"2021-04-28T22:00:00","guid":{"rendered":"https:\/\/www.millicozum.com\/mc\/2021\/04\/28\/turkiyeye-yeni-hacli-kusatmasi-abd-yunan-tatbikati-ve-papanin-irak-cikarmasi-2\/"},"modified":"2021-04-28T22:00:00","modified_gmt":"2021-04-28T22:00:00","slug":"turkiyeye-yeni-hacli-kusatmasi-abd-yunan-tatbikati-ve-papanin-irak-cikarmasi-2","status":"publish","type":"post","link":"https:\/\/www.millicozum.com\/mc\/2021\/mayis-2021\/turkiyeye-yeni-hacli-kusatmasi-abd-yunan-tatbikati-ve-papanin-irak-cikarmasi\/","title":{"rendered":"T\u00fcrkiye\u2019ye Yeni Ha\u00e7l\u0131 Ku\u015fatmas\u0131: ABD-YUNAN TATB\u0130KATI VE PAPA\u2019NIN IRAK \u00c7IKARMASI"},"content":{"rendered":"\n<p>&nbsp;<\/p>\n<p style=\"margin-bottom: 0cm; text-align: center;\"><strong><span style=\"font-size: 17pt; font-family: 'Arial', sans-serif;\">T&uuml;rkiye&rsquo;ye Yeni Ha&ccedil;l\u0131 Ku\u015fatmas\u0131:<\/span><\/strong><\/p>\n<p style=\"margin-bottom: 0cm; text-align: center;\"><strong><span style=\"font-size: 17pt; font-family: 'Arial', sans-serif;\">ABD-YUNAN TATB\u0130KATI VE PAPA&rsquo;NIN IRAK &Ccedil;IKARMASI<\/span><\/strong><\/p>\n<p style=\"margin-bottom: 0cm; text-align: justify; text-indent: 1cm;\"><strong><span style=\"font-size: 17pt; font-family: 'Arial', sans-serif;\">&nbsp;&nbsp;&nbsp;&nbsp;&nbsp;&nbsp; <\/span><\/strong><\/p>\n<p style=\"margin-bottom: 0cm; text-align: justify; text-indent: 1cm; line-height: 16pt;\"><strong><span style=\"font-size: 12pt; font-family: 'Arial', sans-serif;\">ABD&rsquo;nin Bat\u0131 Trakya&rsquo;da ve T&uuml;rkiye s\u0131n\u0131r\u0131na 30 km yak\u0131nl\u0131ktaki Dedea\u011fa&ccedil; ovas\u0131nda ve &Ccedil;anakkale Bo\u011faz\u0131&rsquo;n\u0131n kar\u015f\u0131 k\u0131y\u0131lar\u0131nda &ccedil;ok b&uuml;y&uuml;k bir askeri tatbikata haz\u0131rlanmas\u0131&hellip; Ayn\u0131 s&uuml;re&ccedil;te Papa&rsquo;n\u0131n Irak&rsquo;a bir ziyaret yapmas\u0131 ve &ouml;zellikle \u015eii Lider Sistani ile bulu\u015fmas\u0131&hellip; Ard\u0131ndan Barzani K&uuml;rt y&ouml;netimiyle devlet protokol&uuml;yle irtibatlar\u0131, bize <\/span><\/strong><strong><em><span style=\"font-size: 14pt; font-family: 'Arial', sans-serif;\">&ldquo;T&uuml;rkiye&rsquo;ye y&ouml;nelik, yeni bir Ha&ccedil;l\u0131 Seferi mi haz\u0131rlanmaktad\u0131r?&rdquo;<\/span><\/em><\/strong><span style=\"font-size: 14pt; font-family: 'Arial', sans-serif;\"> <\/span><strong><span style=\"font-size: 12pt; font-family: 'Arial', sans-serif;\">sorular\u0131n\u0131 hat\u0131rlatm\u0131\u015ft\u0131. &Ouml;yle ya, Yunanistan&rsquo;la Ege, K\u0131br\u0131s ve Do\u011fu Akdeniz konular\u0131nda ciddi sorunlar ya\u015fand\u0131\u011f\u0131 bir ortamda g&uuml;ya NATO &uuml;yesi olan Yunanistan&rsquo;da, NATO&rsquo;nun patronu say\u0131lan ve g&uuml;ya m&uuml;ttefikimiz olan ABD&rsquo;nin, NATO&rsquo;nun di\u011fer &uuml;yesi T&uuml;rkiye s\u0131n\u0131r\u0131nda bu &ccedil;apta bir askeri tatbikat yapmas\u0131n\u0131, h&acirc;l&acirc; T&uuml;rkiye i&ccedil;in &ccedil;ok ciddi bir tehdit ve tehlike saymayan y&ouml;netici kadrolar\u0131n ve yine yanda\u015f yorumcu ve yazar tak\u0131m\u0131n\u0131n gaflet ve cehaletten &ccedil;ok &ouml;te derin ve hain bir i\u015fbirlik&ccedil;ilik konumunda olduklar\u0131n\u0131 art\u0131k s&ouml;ylememiz laz\u0131md\u0131. Ve hele tam b&ouml;yle bir s\u0131rada, Papa&rsquo;n\u0131n Irak ziyareti, \u015eii Sistani ve Barzani y&ouml;netimiyle g&ouml;r&uuml;\u015fmeleri asl\u0131nda ve a&ccedil;\u0131k&ccedil;a, T&uuml;rkiye&rsquo;yi ku\u015fatma haz\u0131rl\u0131\u011f\u0131yd\u0131.<\/span><\/strong><\/p>\n<p style=\"margin-bottom: 0cm; text-align: justify; text-indent: 1cm; line-height: 16pt;\"><strong><span style=\"font-size: 12pt; font-family: 'Arial', sans-serif;\">Son bin y\u0131ll\u0131k tarihimiz boyunca, Sel&ccedil;uklular\u0131n ve Osmanl\u0131lar\u0131n Bizans&rsquo;a ve Ha&ccedil;l\u0131 Bat\u0131&rsquo;ya y&ouml;nelik her sefer haz\u0131rl\u0131\u011f\u0131 s&ouml;z konusu oldu\u011funda, Ha&ccedil;l\u0131 k&acirc;firlerin s&uuml;rekli \u015eii \u0130ran&rsquo;\u0131 k\u0131\u015fk\u0131rt\u0131p arkadan &uuml;zerimize sald\u0131rtmas\u0131 asla unutulmamal\u0131 ve bu bir tesad&uuml;f san\u0131lmamal\u0131yd\u0131. L&uuml;tfen hat\u0131rlay\u0131n\u0131z;<\/span><\/strong><\/p>\n<p style=\"margin-bottom: 0cm; text-align: justify; text-indent: 1cm; line-height: 16pt;\"><strong><span style=\"font-size: 12pt; font-family: 'Arial', sans-serif;\">&bull; \u0130stanbul ku\u015fatmas\u0131na haz\u0131rlanan Y\u0131ld\u0131r\u0131m Beyaz\u0131t&rsquo;a kar\u015f\u0131 Timurlenk&rsquo;in Anadolu&rsquo;ya yollanmas\u0131n\u0131,<\/span><\/strong><\/p>\n<p style=\"margin-bottom: 0cm; text-align: justify; text-indent: 1cm; line-height: 16pt;\"><strong><span style=\"font-size: 12pt; font-family: 'Arial', sans-serif;\">&bull; Sultan Fatih&rsquo;in \u0130talya seferi haz\u0131rl\u0131\u011f\u0131 yaparken \u0130ran&rsquo;da Uzun Hasan&rsquo;\u0131n ayaklanmas\u0131n\u0131,<\/span><\/strong><\/p>\n<p style=\"margin-bottom: 0cm; text-align: justify; text-indent: 1cm; line-height: 16pt;\"><strong><span style=\"font-size: 12pt; font-family: 'Arial', sans-serif;\">&bull; Yavuz Sultan Selim, Avrupa&rsquo;y\u0131 hizaya sokmaya &ccedil;al\u0131\u015f\u0131rken \u0130ran&rsquo;da \u015eii \u015eah \u0130smail&rsquo;in Do\u011fu Anadolu&rsquo;da fesatl\u0131\u011fa ba\u015flamas\u0131n\u0131, hep bu Ha&ccedil;l\u0131-\u015eii ittifak\u0131n\u0131n bir uzant\u0131s\u0131 olarak okumak laz\u0131md\u0131.<\/span><\/strong><\/p>\n<p style=\"margin-top: 0cm; margin-right: 0cm; margin-bottom: 0cm; text-align: justify; text-indent: 1cm; line-height: 16pt;\"><strong><span style=\"font-size: 12pt; font-family: 'Arial', sans-serif;\">Mustafa Kemal&rsquo;in denge siyasetiyle \u0130ran&rsquo;la i\u015fbirli\u011fi yollar\u0131 aramas\u0131 ve &ouml;zellikle Erbakan Hoca&rsquo;n\u0131n \u0130ran&rsquo;\u0131 &ouml;ncelikle D-8 olu\u015fumuna katmas\u0131, Siyonist ve emperyalist oyunlar\u0131 bozan d&acirc;hi politikalard\u0131 ve tarihi at\u0131l\u0131mlard\u0131. Ama maalesef 28 \u015eubat h\u0131yanetiyle ve D\u0131\u015f G&uuml;&ccedil;lerin marifetiyle y\u0131kt\u0131r\u0131lan Refah-Yol iktidar\u0131ndan sonraki h&uuml;k&uuml;metler, tekrar T&uuml;rkiye&rsquo;nin ku\u015fat\u0131lmas\u0131 tuza\u011f\u0131na ta\u015feronluk yapm\u0131\u015flard\u0131&hellip;<\/span><\/strong><\/p>\n<p style=\"margin-bottom: 0cm; text-align: justify; text-indent: 1cm; line-height: 16pt;\"><strong><span style=\"font-size: 14pt; font-family: 'Arial', sans-serif;\">Askeri Te&ccedil;hizatlar\u0131 Ta\u015f\u0131yan Amerikan Gemisi Dede\u011fa&ccedil;&rsquo;a Ula\u015fm\u0131\u015ft\u0131<\/span><\/strong><\/p>\n<p style=\"margin-bottom: 0cm; text-align: justify; text-indent: 1cm; line-height: 16pt;\"><strong><span style=\"font-size: 12pt; font-family: 'Arial', sans-serif;\">Yunanistan ile ortak d&uuml;zenlenecek tatbikat i&ccedil;in askeri te&ccedil;hizat\u0131 ta\u015f\u0131yan ABD Bayrakl\u0131 ARC Endurance isimli kargo gemisi, Texas Beaumont&rsquo;tan y&uuml;k&uuml;n&uuml; ald\u0131ktan sonra Dedea\u011fa&ccedil; Liman\u0131&rsquo;na ula\u015fm\u0131\u015ft\u0131. Geni\u015f g&uuml;venlik &ouml;nlemlerinin al\u0131nd\u0131\u011f\u0131 Dedea\u011fa&ccedil; Liman\u0131&rsquo;nda, ABD Bayrakl\u0131 ARC Endurance isimli kargo gemisinden &lsquo;Black Hawk&rsquo; helikopterlerinin indirildi\u011fi saptanm\u0131\u015ft\u0131.<\/span><\/strong><\/p>\n<p style=\"margin-bottom: 0cm; text-align: justify; text-indent: 1cm; line-height: 16pt;\"><strong><span style=\"font-size: 12pt; font-family: 'Arial', sans-serif;\">ABD&rsquo;nin Yunanistan ile yap\u0131lan ortak tatbikat\u0131n ard\u0131ndan 30 adet &lsquo;Black Hawk&rsquo; tipi sald\u0131r\u0131 helikopterlerinin Dedea\u011fa&ccedil; Dimokritos Havaliman\u0131&rsquo;n\u0131 merkez &uuml;s olarak kullanaca\u011f\u0131 a&ccedil;\u0131klanm\u0131\u015ft\u0131. Dedea\u011fa&ccedil; Dimokritos Havaliman\u0131 M&uuml;d&uuml;r&uuml; Stelios Zantanidis&rsquo;in yerel medyaya yapt\u0131\u011f\u0131 a&ccedil;\u0131klamada, \u015eubat-A\u011fustos aras\u0131nda havaliman\u0131n\u0131 &uuml;s olarak kullanacak helikopterlerin, ayn\u0131 zamanda yak\u0131t ikmali ve bak\u0131m\u0131n\u0131n da yine havaliman\u0131nda yap\u0131laca\u011f\u0131n\u0131 vurgulam\u0131\u015ft\u0131. Dedea\u011fa&ccedil; Havaliman\u0131 M&uuml;d&uuml;r&uuml;, ABD&rsquo;nin; Amerikal\u0131 komutanlar i&ccedil;in ofis ve idari alanlar talebinde bulundu\u011funu da hat\u0131rlatm\u0131\u015ft\u0131.<\/span><\/strong><\/p>\n<p style=\"margin-bottom: 0cm; text-align: justify; text-indent: 1cm; line-height: 16pt;\"><strong><span style=\"font-size: 14pt; font-family: 'Arial', sans-serif;\">Bu haz\u0131rl\u0131klar kime y&ouml;nelik yap\u0131lm\u0131\u015ft\u0131?<\/span><\/strong><\/p>\n<p style=\"margin-bottom: 0cm; text-align: justify; text-indent: 1cm; line-height: 16pt;\"><strong><span style=\"font-size: 12pt; font-family: 'Arial', sans-serif;\">ABD, Yunanistan&rsquo;da T&uuml;rkiye s\u0131n\u0131r\u0131na 30 kilometre mesafedeki Dedea\u011fa&ccedil;&rsquo;a askeri y\u0131\u011f\u0131na\u011f\u0131n\u0131 artt\u0131rmaya ba\u015flam\u0131\u015ft\u0131. Ge&ccedil;en sene b&ouml;lgede bir deniz &uuml;ss&uuml;ne sahip olan ABD, \u015fimdi de Dedea\u011fa&ccedil;&rsquo;a y&uuml;zlerce askeri helikopter ve 1800 askeri ara&ccedil; konu\u015fland\u0131rm\u0131\u015ft\u0131. Amerikan ve Yunan ordular\u0131n\u0131n, Dedea\u011fa&ccedil; ve \u0130ske&ccedil;e&rsquo;de yapacaklar\u0131 ortak tatbikat\u0131n Osmanl\u0131&rsquo;daki Yunan isyanlar\u0131n\u0131n 200. y\u0131ld&ouml;n&uuml;m&uuml;ne denk gelmesi dikkat &ccedil;eken bir ayr\u0131nt\u0131yd\u0131.<\/span><\/strong><\/p>\n<p style=\"margin-bottom: 0cm; text-align: justify; text-indent: 1cm; line-height: 16pt;\"><strong><span style=\"font-size: 12pt; font-family: 'Arial', sans-serif;\">ABD&rsquo;nin, Ege Denizi ve Do\u011fu Akdeniz&rsquo;i kontrol etme stratejisi kapsam\u0131nda Yunanistan&rsquo;\u0131 kendine ba\u011fl\u0131 bir askeri &uuml;sse d&ouml;n&uuml;\u015ft&uuml;rme plan\u0131 h\u0131z kazanm\u0131\u015ft\u0131. ABD y&ouml;netimi ge&ccedil;ti\u011fimiz aylarda &uuml;lkede bulunan 4 askeri &uuml;ss&uuml; geni\u015fletme karar\u0131 alm\u0131\u015f ayr\u0131ca T&uuml;rkiye s\u0131n\u0131r\u0131na 30 km uzakl\u0131ktaki Dedea\u011fa&ccedil; b&ouml;lgesinde iki &uuml;lkenin savunma anla\u015fmas\u0131 kapsam\u0131nda Amerikan g&uuml;&ccedil;lerine deniz &uuml;ss&uuml; sa\u011flanm\u0131\u015ft\u0131. Yunan medyas\u0131nda &ccedil;\u0131kan haberlere g&ouml;re ABD ordusu tatbikat k\u0131l\u0131f\u0131 alt\u0131nda, y&uuml;zlerce askeri helikopter ve i&ccedil;inde z\u0131rhl\u0131lar\u0131n da oldu\u011fu 1800 askeri arac\u0131 Dedea\u011fa&ccedil; b&ouml;lgesine y\u0131\u011fmaktayd\u0131<\/span><\/strong><span style=\"font-size: 12pt; font-family: 'Arial', sans-serif;\">.<strong> Bat\u0131 Trakya&rsquo;da Yunanistan ile ABD aras\u0131nda ger&ccedil;ekle\u015ftirilecek ortak tatbikat i&ccedil;in Dedea\u011fa&ccedil;&rsquo;a ta\u015f\u0131nan ABD ordusuna ait Apache&rsquo;lerin de bulundu\u011fu 145 helikopter ile y&uuml;zlerce askeri arac\u0131n, &lsquo;Defender Europe 2021&rsquo; adl\u0131 tatbikatta kullan\u0131laca\u011f\u0131 anla\u015f\u0131lm\u0131\u015ft\u0131. ABD&rsquo;ye ait Endurance adl\u0131 kargo gemisiyle Dedea\u011fa&ccedil; Liman\u0131&rsquo;na gelecek olan askeri ara&ccedil;lara ili\u015fkin payla\u015f\u0131lan detayda, &ldquo;110 adet Black Hawks helikopterleri, 25 adet Apache tipi sald\u0131r\u0131 helikopteri, 10 adet Chinook a\u011f\u0131r nakliye helikopteri ve ilk kez 1800&rsquo;den fazla askeri ara&ccedil; b&ouml;lgeye ula\u015fm\u0131\u015ft\u0131.<\/strong><\/span><\/p>\n<p style=\"margin-bottom: 0cm; text-align: justify; text-indent: 1cm; line-height: 16pt;\"><strong><span style=\"font-size: 14pt; font-family: 'Arial', sans-serif;\">2021 Yunan \u0130syan\u0131n\u0131n 200. Y\u0131l\u0131yd\u0131<\/span><\/strong><\/p>\n<p style=\"margin-bottom: 0cm; text-align: justify; text-indent: 1cm; line-height: 16pt;\"><span style=\"font-size: 12pt; font-family: 'Arial', sans-serif;\">T&uuml;rkiye s\u0131n\u0131r\u0131na olduk&ccedil;a yak\u0131n Dedea\u011fa&ccedil;&rsquo;ta d&uuml;zenlenecek tatbikatlar\u0131n,<strong> Osmanl\u0131 Devleti&rsquo;ne kar\u015f\u0131 Yunan isyan\u0131n\u0131n 200. y\u0131ld&ouml;n&uuml;m&uuml;ne rastlayan bir d&ouml;nemde ger&ccedil;ekle\u015fecek olmas\u0131 ama&ccedil;lar\u0131 hakk\u0131nda soru i\u015faretlerine yol a&ccedil;m\u0131\u015ft\u0131.<\/strong> ABD&rsquo;nin Atina b&uuml;y&uuml;kel&ccedil;isi ge&ccedil;en y\u0131l yapt\u0131\u011f\u0131 bir konu\u015fmada, <strong><em>&ldquo;Amac\u0131m\u0131z Yunan ordusunun kapasitesini art\u0131rmak.&rdquo;<\/em><\/strong> ifadesini kullanm\u0131\u015ft\u0131. Ge&ccedil;en y\u0131l, Dedea\u011fa&ccedil;&rsquo;ta iki &uuml;lkenin anla\u015fmas\u0131 kapsam\u0131nda ABD&rsquo;ye deniz &uuml;ss&uuml; tahsis edilmi\u015fti. <strong>Dedea\u011fa&ccedil;&rsquo;a 101. ABD Hava \u0130ndirme T&uuml;meni&rsquo;ne ait Skorsky helikopterler ile askeri ara&ccedil;lar ve m&uuml;himmat indirilirken, <\/strong>&uuml;ss&uuml;n a&ccedil;\u0131l\u0131\u015f t&ouml;renine Yunanistan Savunma Bakan\u0131 Nikolaos Panagiotopoulos, ABD&rsquo;nin Atina B&uuml;y&uuml;kel&ccedil;isi Goeffrey Pyatt ile Dedea\u011fa&ccedil;&rsquo;ta konu\u015flu Yunan 12. Mekanize Piyade T&uuml;meni&rsquo;nin Komutan\u0131 kat\u0131lm\u0131\u015ft\u0131. <\/span><\/p>\n<p style=\"margin-bottom: 0cm; text-align: justify; text-indent: 1cm; line-height: 16pt;\"><strong><span style=\"font-size: 14pt; font-family: 'Arial', sans-serif;\">Bo\u011fazlara Alternatif Rota Olu\u015fturmu\u015flard\u0131!<\/span><\/strong><\/p>\n<p style=\"margin-bottom: 0cm; text-align: justify; text-indent: 1cm; line-height: 16pt;\"><strong><span style=\"font-size: 12pt; font-family: 'Arial', sans-serif;\">Yunan Kathimerini gazetesi de Washington&rsquo;un Dedea\u011fa&ccedil;&rsquo;a altyap\u0131 yat\u0131r\u0131mlar\u0131yla \u0130stanbul Bo\u011faz\u0131 ve &Ccedil;anakkale Bo\u011faz\u0131&rsquo;na alternatif bir rota olu\u015fturmay\u0131 planlad\u0131\u011f\u0131 iddias\u0131n\u0131 yazm\u0131\u015ft\u0131. Yaz\u0131da, ABD&rsquo;nin Dedea\u011fa&ccedil; Liman\u0131&rsquo;n\u0131 Karadeniz ve Kafkaslar ile ba\u011flant\u0131 amac\u0131yla kullanmay\u0131 planlad\u0131\u011f\u0131, bu planlar\u0131n ger&ccedil;ekle\u015fmesi halinde b&ouml;lgede deniz ta\u015f\u0131mac\u0131l\u0131\u011f\u0131 ve askeri nakliyat\u0131n do\u011fas\u0131n\u0131n de\u011fi\u015fece\u011fi vurgulanm\u0131\u015ft\u0131.<\/span><\/strong><\/p>\n<p style=\"margin-bottom: 0cm; text-align: justify; text-indent: 1cm; line-height: 16pt;\"><strong><span style=\"font-size: 14pt; font-family: 'Arial', sans-serif;\">ABD Sava\u015f Gemileri Girit&rsquo;e de Konu\u015flanm\u0131\u015flard\u0131<\/span><\/strong><\/p>\n<p style=\"margin-bottom: 0cm; text-align: justify; text-indent: 1cm; line-height: 16pt;\"><strong><span style=\"font-size: 12pt; font-family: 'Arial', sans-serif;\">ABD yaln\u0131z Dedea\u011fa&ccedil;&rsquo;a de\u011fil, Do\u011fu Akdeniz&rsquo;i kontrol etmek amac\u0131yla Girit Adas\u0131&rsquo;na da yo\u011fun askeri y\u0131\u011f\u0131naklara ba\u015flam\u0131\u015ft\u0131. Bu &ccedil;er&ccedil;evede &ldquo;Y&uuml;zen askeri &uuml;s&rdquo; diye nitelenen ABD donanmas\u0131n\u0131n en b&uuml;y&uuml;k gemilerinden biri olan USS Hershel Woody Williams adl\u0131 sava\u015f gemisi, kal\u0131c\u0131 olarak Girit Adas\u0131&rsquo;n\u0131n Suda K&ouml;rfezi&rsquo;ndeki ABD askeri &uuml;ss&uuml;ne demirlemi\u015f durumdayd\u0131. Ge&ccedil;en y\u0131l Girit&rsquo;i ziyaret eden eski ABD D\u0131\u015fi\u015fleri Bakan\u0131 Mike Pompeo, geminin adada kal\u0131c\u0131 oldu\u011funu a&ccedil;\u0131klam\u0131\u015ft\u0131. ABD&rsquo;nin Sald\u0131r\u0131 Helikopterlerini Dedea\u011fa&ccedil;&#8217;ta Konumland\u0131rmas\u0131 T&uuml;rkiye&rsquo;ye g&ouml;zda\u011f\u0131yd\u0131. Yunanistan&rsquo;\u0131n Fransa ve \u0130srail&rsquo;le artan dirsek temas\u0131 da bu ama&ccedil;l\u0131yd\u0131.<\/span><\/strong><\/p>\n<p style=\"margin-bottom: 0cm; text-align: justify; text-indent: 1cm; line-height: 16pt;\"><strong><span style=\"font-size: 12pt; font-family: 'Arial', sans-serif;\">Do\u011fu Akdeniz krizinde Fransa ve \u0130srail ile dirsek temas\u0131 halinde olan Yunanistan&rsquo;\u0131n bu yak\u0131n i\u015fbirlikleri elbette T&uuml;rkiye&rsquo;ye kar\u015f\u0131yd\u0131. Fransa ile 18 Rafale sava\u015f u&ccedil;a\u011f\u0131 i&ccedil;in anla\u015fma imzalayan Yunanistan, ayn\u0131 zamanda \u0130srail ile de askeri i\u015fbirli\u011fini art\u0131rm\u0131\u015f ve 1000 km menzilli f&uuml;ze al\u0131m\u0131 anla\u015fmas\u0131 yapm\u0131\u015ft\u0131. Yunan Savunma ve Maliye Bakanl\u0131klar\u0131, Yunan Askeri Ara&ccedil; Sanayii \u015firketinin (ELVO) \u0130srailli konsorsiyuma devrini, T&uuml;rkiye&#8217;ye kar\u015f\u0131 savunma sanayini canland\u0131rma ve g&uuml;&ccedil;lendirme &ccedil;al\u0131\u015fmalar\u0131yla irtibatland\u0131rm\u0131\u015ft\u0131.&nbsp;<\/span><\/strong><\/p>\n<p style=\"margin-bottom: 0cm; text-align: justify; text-indent: 1cm; line-height: 16pt;\"><strong><span style=\"font-size: 14pt; font-family: 'Arial', sans-serif;\">&lsquo;Lozan Bar\u0131\u015f Anla\u015fmas\u0131&rsquo;na g&ouml;re asker bulundurulmamas\u0131 gereken Dedea\u011fa&ccedil;&rsquo;a &uuml;s kuran ve sald\u0131r\u0131 helikopteri konu\u015fland\u0131ran ABD&rsquo;nin bu hamleleri T&uuml;rkiye ile so\u011fuklu\u011fun mesaj\u0131yd\u0131.&rsquo;<\/span><\/strong><\/p>\n<p style=\"margin-bottom: 0cm; text-align: justify; text-indent: 1cm; line-height: 16pt;\"><strong><span style=\"font-size: 12pt; font-family: 'Arial', sans-serif;\">&Uuml;s kurulan ve \u015fimdi de 30 sald\u0131r\u0131 helikopterinin konu\u015fland\u0131r\u0131ld\u0131\u011f\u0131 Dedea\u011fa&ccedil;&rsquo;\u0131n T&uuml;rkiye&rsquo;ye &ccedil;ok yak\u0131n olmas\u0131 sebebiyle, Lozan Bar\u0131\u015f Anla\u015fmas\u0131&rsquo;na g&ouml;re askersiz b&ouml;lge olmas\u0131 gerekti\u011fine i\u015faret eden uzmanlara g&ouml;re:<\/span><\/strong><em><span style=\"font-size: 12pt; font-family: 'Arial', sans-serif;\"> <strong>&ldquo;Dedea\u011fa&ccedil;&rsquo;ta asker bulundurulmamas\u0131 laz\u0131md\u0131. Lozan Bar\u0131\u015f Antla\u015fmas\u0131 gere\u011fi s\u0131n\u0131r\u0131 20-30 kilometre mesafe olan b&ouml;lge askersizle\u015ftirilmi\u015f b&ouml;lge konumundayd\u0131. Dedea\u011fa&ccedil; s\u0131n\u0131ra 30 kilometre mesafede, asker bulundurulmamas\u0131 gereken b&ouml;lge i&ccedil;erisinde kalmaktayd\u0131. Bu durum T&uuml;rkiye ile ABD aras\u0131nda olu\u015fan so\u011fuklu\u011fun da &ouml;nemli bir g&ouml;stergesi say\u0131lmaktayd\u0131. Ama burada tanklar vard\u0131, \u015fimdi de 30 tane sald\u0131r\u0131 helikopteri konu\u015fland\u0131r\u0131lm\u0131\u015ft\u0131. Bu Skorsky ve Blackhawk helikopterleri; asl\u0131nda ula\u015ft\u0131rma ara&ccedil;lar\u0131yd\u0131, fakat silahland\u0131r\u0131lm\u0131\u015f durumdalard\u0131. Silahland\u0131r\u0131l\u0131nca art\u0131k sald\u0131r\u0131 helikopterine d&ouml;n&uuml;\u015f&uuml;yorlard\u0131. Demek ki ABD buras\u0131n\u0131 kal\u0131c\u0131 &uuml;s olarak kullanacakt\u0131.&rdquo;<\/strong><\/span><\/em><\/p>\n<p style=\"margin-bottom: 0cm; text-align: justify; text-indent: 1cm; line-height: 16pt;\"><strong><span style=\"font-size: 14pt; font-family: 'Arial', sans-serif;\">&lsquo;ABD&rsquo;nin G&uuml;ney K\u0131br\u0131s&rsquo;\u0131 giderek silahland\u0131rmas\u0131, NATO &uuml;yeli\u011fine haz\u0131rlamas\u0131 anlam\u0131n\u0131 ta\u015f\u0131maktayd\u0131! Yetmez, ABD&rsquo;nin de kat\u0131lmas\u0131yla Do\u011fu Akdeniz Gaz Forumu daha da g&uuml;&ccedil;lendirilerek, T&uuml;rkiye&rsquo;ye kar\u015f\u0131 cephe olu\u015facakt\u0131!&rsquo;<\/span><\/strong><\/p>\n<p style=\"margin-bottom: 0cm; text-align: justify; text-indent: 1cm; line-height: 16pt;\"><em><span style=\"font-size: 12pt; font-family: 'Arial', sans-serif;\">Yunanistan <strong>Do\u011fu Akdeniz Gaz Forumu&rsquo;nda<\/strong> G&uuml;ney K\u0131br\u0131s Rum Y&ouml;netimi ile birlikte davranmaktayd\u0131. ABD de bu foruma kat\u0131lmak i&ccedil;in ba\u015fvuruda bulunmu\u015ftu. Bu forumda <strong>M\u0131s\u0131r, \u0130srail, Yunanistan, G&uuml;ney K\u0131br\u0131s Rum Y&ouml;netimi, \u0130talya, &Uuml;rd&uuml;n<\/strong> vard\u0131, ama forum ABD&rsquo;nin kat\u0131l\u0131m\u0131yla daha da g&uuml;&ccedil;lenmi\u015f olacakt\u0131. B&ouml;ylece T&uuml;rkiye&rsquo;ye kar\u015f\u0131 bir cephe olu\u015facakt\u0131. \u0130srail T&uuml;rkiye&rsquo;ye de kat\u0131lma &ccedil;a\u011fr\u0131s\u0131 yap\u0131yor ama T&uuml;rkiye G&uuml;ney K\u0131br\u0131s Rum Y&ouml;netimi&rsquo;ni bir devlet olarak tan\u0131mamaktayd\u0131. <strong>G&uuml;ney K\u0131br\u0131s Rum Y&ouml;netimi&rsquo;nin bulundu\u011fu bir foruma dahil olmak, onun fiilen tan\u0131nmas\u0131<\/strong> anlam\u0131n\u0131 ta\u015f\u0131rd\u0131.<\/span><\/em><\/p>\n<p style=\"margin-bottom: 0cm; text-align: justify; text-indent: 1cm; line-height: 16pt;\"><strong><span style=\"font-size: 14pt; font-family: 'Arial', sans-serif;\">&lsquo;T&uuml;rkiye&rsquo;ye &lsquo;s&ouml;zde stratejik ortak&rsquo; diyen ABD, CAATSA yapt\u0131r\u0131mlar\u0131yla da T&uuml;rkiye&rsquo;yi has\u0131m olarak g&ouml;rd&uuml;\u011f&uuml;n&uuml; a&ccedil;\u0131\u011fa vurmaktayd\u0131.&rsquo;<\/span><\/strong><\/p>\n<p style=\"margin-bottom: 0cm; text-align: justify; text-indent: 1cm; line-height: 16pt;\"><span style=\"font-size: 12pt; font-family: 'Arial', sans-serif;\">ABD&rsquo;nin yeni D\u0131\u015fi\u015fleri Bakan\u0131 <strong>Anthony Blinken&rsquo;in T&uuml;rkiye&rsquo;yi &lsquo;s&ouml;zde stratejik ortak&rsquo;<\/strong> olarak nitelendirip, Yunanistan&rsquo;a <strong><em>&lsquo;anahtar m&uuml;ttefik&rsquo;<\/em><\/strong> demesi, ABD&rsquo;nin T&uuml;rkiye&rsquo;ye bak\u0131\u015f\u0131n\u0131 yans\u0131tmaktayd\u0131. <em>&ldquo;Bunun i&ccedil;in T&uuml;rkiye; <strong>Suriye, Libya, Karadeniz, G&uuml;ney Kafkasya ve Do\u011fu Akdeniz<\/strong> cephelerinde ABD ile stratejik ortak olacak \u015fekilde i\u015fbirli\u011fini art\u0131rmas\u0131 asl\u0131nda T&uuml;rkiye i&ccedil;in bir tuzakt\u0131. ABD&rsquo;nin has\u0131mlar\u0131 i&ccedil;in uygulad\u0131\u011f\u0131 <strong>CAATSA<\/strong> yapt\u0131r\u0131mlar\u0131, T&uuml;rkiye&rsquo;ye de uygulanm\u0131\u015ft\u0131. ABD bu yapt\u0131r\u0131mlar\u0131 d&uuml;\u015fman olarak kabul etti\u011fi <strong>&Ccedil;in, Rusya, \u0130ran ve Kuzey Kore&rsquo;ye<\/strong> uygulamaktayd\u0131. O zaman ABD \u015fu an itibariyle Yunanistan&rsquo;\u0131n yan\u0131nda, T&uuml;rkiye&rsquo;nin kar\u015f\u0131s\u0131nda ve<strong> NATO ittifak\u0131 i&ccedil;erisinde yer alan T&uuml;rkiye&rsquo;yi<\/strong> has\u0131m olarak g&ouml;ren bir &uuml;lke konumundayd\u0131. Zaten ABD hi&ccedil;bir zaman T&uuml;rkiye&rsquo;nin ne stratejik orta\u011f\u0131 ne de m&uuml;ttefiki olmam\u0131\u015ft\u0131. Bu sebeple T&uuml;rkiye, izleyece\u011fi denge politikalar\u0131nda ABD&rsquo;nin &ouml;zellikle Suriye ve Libya&rsquo;da ataca\u011f\u0131 ad\u0131mlar\u0131 dikkatlice izlemesi ve tuza\u011fa d&uuml;\u015fmemesi laz\u0131md\u0131.&rdquo;<\/em><\/span><\/p>\n<p style=\"margin-bottom: 0cm; text-align: justify; text-indent: 1cm; line-height: 16pt;\"><strong><span style=\"font-size: 14pt; font-family: 'Arial', sans-serif;\">Putin&#8217;den Yunanistan&#8217;\u0131n Davetine Olumsuz Yan\u0131t \u015ea\u015f\u0131rtm\u0131\u015ft\u0131!<\/span><\/strong><\/p>\n<p style=\"margin-bottom: 0cm; text-align: justify; text-indent: 1cm; line-height: 16pt;\"><strong><span style=\"font-size: 12pt; font-family: 'Arial', sans-serif;\">Do\u011fu Akdeniz&#8217;de gerilimi t\u0131rmand\u0131ran ve silahlanmaya devam eden Yunanistan; 25 Mart Ba\u011f\u0131ms\u0131zl\u0131k G&uuml;n&uuml; t&ouml;renlerine davet etti\u011fi Rusya Devlet Ba\u015fkan\u0131 Vladimir Putin&#8217;in &#8220;olumsuz&#8221; yan\u0131t\u0131 ile hayal k\u0131r\u0131kl\u0131\u011f\u0131na u\u011fram\u0131\u015ft\u0131. Kremlin s&ouml;zc&uuml;s&uuml; Dmitry Peshkov, yapt\u0131\u011f\u0131 a&ccedil;\u0131klamada, Rusya Devlet Ba\u015fkan\u0131 Vladimir Putin&rsquo;in, 25 Mart 2021 y\u0131l\u0131nda ba\u011f\u0131ms\u0131zl\u0131\u011f\u0131n\u0131n 200&rsquo;&uuml;nc&uuml; y\u0131l\u0131n\u0131 kutlayacak olan Yunanistan&rsquo;daki askeri ge&ccedil;it t&ouml;renine davet edilmesine ra\u011fmen, &#8220;Atina&rsquo;y\u0131 ziyaret etme plan\u0131 olmad\u0131\u011f\u0131n\u0131&#8221; vurgulam\u0131\u015ft\u0131.<\/span><\/strong><\/p>\n<p style=\"margin-bottom: 0cm; text-align: justify; text-indent: 1cm; line-height: 16pt;\"><strong><span style=\"font-size: 14pt; font-family: 'Arial', sans-serif;\">Atina, ABD Sava\u015f Arabas\u0131na Ba\u011flanm\u0131\u015ft\u0131!<\/span><\/strong><\/p>\n<p style=\"margin-bottom: 0cm; text-align: justify; text-indent: 1cm; line-height: 16pt;\"><span style=\"font-size: 12pt; font-family: 'Arial', sans-serif;\">Yunan medyas\u0131 Putin&rsquo;in tavr\u0131n\u0131 gazetelerin &ouml;n sayfas\u0131na ta\u015f\u0131m\u0131\u015ft\u0131. <\/span><strong><span style=\"font-size: 14pt; font-family: 'Arial', sans-serif;\">Ta Nea<\/span><\/strong><span style=\"font-size: 14pt; font-family: 'Arial', sans-serif;\"> <\/span><span style=\"font-size: 12pt; font-family: 'Arial', sans-serif;\">gazetesi web sitesinde yay\u0131nlad\u0131\u011f\u0131 haberinde; <strong><em>&#8220;&Ccedil;\u0131karlar &ccedil;ok b&uuml;y&uuml;k. Jeopolitik olarak, Amerika ve Rusya aras\u0131nda neredeyse do\u011frudan &ccedil;at\u0131\u015fmaya kadar gidebilir. Sadece Yunanistan ile s\u0131n\u0131rl\u0131 de\u011filler&#8221;<\/em><\/strong> yorumunda bulunmu\u015flard\u0131. <\/span><\/p>\n<p style=\"margin-bottom: 0cm; text-align: justify; text-indent: 1cm; line-height: 16pt;\"><strong><span style=\"font-size: 14pt; font-family: 'Arial', sans-serif;\">Yunanistan Kom&uuml;nist Partisi (KKE) Do\u011fu Makedonya ve Trakya B&ouml;lge Komitesi Sekreteri Dionisis Kladis, konuya ili\u015fkin:<\/span><\/strong><span style=\"font-size: 14pt; font-family: 'Arial', sans-serif;\"> <\/span><strong><em><span style=\"font-size: 12pt; font-family: 'Arial', sans-serif;\">&ldquo;Onlar, bu tatbikatla askeri eylem olu\u015fturuyor. Halihaz\u0131rda Amerikal\u0131lar\u0131n silah\u0131 Rusya&rsquo;ya y&ouml;neltilmi\u015f durumda. &Ccedil;in&rsquo;e de bir mesaj veriliyor, &ccedil;&uuml;nk&uuml; b&ouml;lgedeki etkisi g&uuml;&ccedil;leniyor.<\/span><\/em><\/strong><span style=\"font-size: 12pt; font-family: 'Arial', sans-serif;\"> <strong><em>Toplumun, b&ouml;lgemizi &ccedil;\u0131kar &ccedil;at\u0131\u015fmalar\u0131n\u0131n hedefi haline getirme giri\u015fimine tepkisini dile getirmek istiyoruz. Helikopterler ve z\u0131rhl\u0131 ara&ccedil;lar dahil en b&uuml;y&uuml;k askeri te&ccedil;hizat\u0131n b&ouml;lgemizden ge&ccedil;mesi bekleniyor. Nihai ama&ccedil;, Rusya ile s\u0131n\u0131rdaki tatbikata kat\u0131l\u0131m sa\u011flamas\u0131d\u0131r. Bu Yunanistan&rsquo;\u0131 hedef haline sokacakt\u0131r&hellip; Onlarca ABD ve NATO askeri, evlerin &ouml;n&uuml;ndeki ve Meri&ccedil; nehri yak\u0131n\u0131ndaki yollarda tatbikat yapacakt\u0131r.<\/em><\/strong> <strong><em>Amerikal\u0131lara misilleme olursa biz ve &ccedil;ocuklar\u0131m\u0131z hedef haline gelece\u011fiz. Bu y&uuml;zden onlar\u0131n burada olmas\u0131na kar\u015f\u0131y\u0131z&rdquo;<\/em><\/strong> <strong>s&ouml;zleriyle endi\u015felerini aktarm\u0131\u015ft\u0131.<\/strong><\/span><\/p>\n<p style=\"margin-bottom: 0cm; text-align: justify; text-indent: 1cm; line-height: 16pt;\"><strong><span style=\"font-size: 14pt; font-family: 'Arial', sans-serif;\">Papa&rsquo;n\u0131n Irak ziyareti, Yeni Ha&ccedil;l\u0131 Ku\u015fatmas\u0131n\u0131n di\u011fer aya\u011f\u0131yd\u0131!<\/span><\/strong><\/p>\n<p style=\"margin-bottom: 0cm; text-align: justify; text-indent: 1cm; line-height: 16pt;\"><span style=\"font-size: 12pt; font-family: 'Arial', sans-serif;\">Papa Francis; Milenyum&rsquo;da (\u015eubat 2000&rsquo;de) Irak&rsquo;\u0131 ziyaret etmek isteyen ancak Saddam&rsquo;\u0131n engellemesiyle bu ziyareti erteleyen &ouml;nceki Papa II. Jean Paul&rsquo;un hayalini ger&ccedil;ekle\u015ftirmi\u015f olmaktayd\u0131. 2003 Amerikan&nbsp;i\u015fgali &ouml;ncesinde Asuri, Kildani ve S&uuml;ryani k&ouml;kenli Hristiyanlar\u0131n say\u0131s\u0131 1.5 milyon civar\u0131ndayd\u0131. \u0130\u015fgal s\u0131ras\u0131nda ve sonras\u0131nda Irak&rsquo;ta ya\u015fanan kanl\u0131 &ccedil;at\u0131\u015fmalar\u0131n korkusuyla &ccedil;ok say\u0131da Hristiyan &uuml;lkeden ka&ccedil;\u0131nca, bu say\u0131 300 bine gerilemi\u015f durumdayd\u0131. Haziran 2014&rsquo;te I\u015e\u0130D&rsquo;in Musul ve di\u011fer kentleri i\u015fgal etmesi, tarihi kiliseleri yak\u0131p y\u0131kmas\u0131 ve Hristiyanlar\u0131 hedef almas\u0131yla \u015fimdi bu say\u0131 150 bin kadard\u0131. <strong>Dini lider Sistani&rsquo;nin \u015eiilere; <em>&ldquo;Hristiyanlar\u0131 koruyun ve Musul&rsquo;u I\u015e\u0130D&rsquo;ten kurtar\u0131n&rdquo;<\/em> &ccedil;a\u011fr\u0131s\u0131n\u0131 yerine getiren y&uuml;z binlerce \u015eii milis (Ha\u015fdi \u015eabi) olmasayd\u0131, bug&uuml;n belki de bu &uuml;lkede hi&ccedil;bir Hristiyan kalmayacakt\u0131. &Ccedil;&uuml;nk&uuml; Suriye&rsquo;de oldu\u011fu gibi Kaide, I\u015e\u0130D, NUSRA ve benzeri ruh hastas\u0131 &ouml;rg&uuml;tlerin hedefinde Alevi ve \u015eiiler&rsquo;den sonra Hristiyanlar vard\u0131.<\/strong><\/span><\/p>\n<p style=\"margin-bottom: 0cm; text-align: justify; text-indent: 1cm; line-height: 16pt;\"><span style=\"font-size: 12pt; font-family: 'Arial', sans-serif;\">\u015eubat 2018&rsquo;de BAE&rsquo;yi ziyaret ederek <strong>&ldquo;Dinleraras\u0131 Diyalog&rdquo;<\/strong> vurgusu yapan Papa Francis, \u015fimdi de <strong>Sistani bulu\u015fmas\u0131yla n&uuml;fusunun &ccedil;o\u011funlu\u011fu \u015eii olan Irak ziyaretiyle kom\u015fu \u0130ran ve d&uuml;nya \u015eiilerini &ouml;nemsedi\u011fini g&ouml;stermeye &ccedil;al\u0131\u015fmaktayd\u0131. <\/strong>Kas\u0131m 2018 ve Ocak 2020&rsquo;de Irak Cumhurba\u015fkan\u0131 Berhem Salih&rsquo;le Vatikan&rsquo;da bir araya gelen Papa, <strong><em>&ldquo;Bana \u0130brahim Peygamber&rsquo;in s&uuml;lalesinden oldu\u011fumu hissettirecek Irak vatanda\u015fl\u0131\u011f\u0131 verece\u011fini umuyorum&rdquo;<\/em><\/strong> diyerek Ur&rsquo;a verdi\u011fi &ouml;nemi anlatmaya &ccedil;al\u0131\u015fm\u0131\u015ft\u0131. \u0130srail&rsquo;le BAE ve Bahreyn&rsquo;i bulu\u015fturan ve imzalanan anla\u015fmalara <strong>&ldquo;Abraham Bar\u0131\u015f Anla\u015fmas\u0131&rdquo;<\/strong> ad\u0131n\u0131 koymu\u015flard\u0131. <\/span><\/p>\n<p style=\"margin-bottom: 0cm; text-align: justify; text-indent: 1cm; line-height: 16pt;\"><strong><span style=\"font-size: 12pt; font-family: 'Arial', sans-serif;\">Papa 84, Sistani 90 ya\u015f\u0131ndayd\u0131. Maske ve mesafe kurallar\u0131na uymadan bir g&ouml;r&uuml;\u015fme yap\u0131lm\u0131\u015ft\u0131. Bir Papa ilk kez Irak ziyaretine &ccedil;\u0131km\u0131\u015ft\u0131. 1999&#8217;da d&ouml;nemin Papa&#8217;s\u0131 da gidecekti fakat d&ouml;nemin Irak lideri Saddam H&uuml;seyin, bu ziyarete mani olmu\u015flard\u0131. O tarihte Sistani, Necef&#8217;teki evinden d\u0131\u015far\u0131 &ccedil;\u0131kam\u0131yordu. &Ccedil;&uuml;nk&uuml; Saddam buna izin vermiyordu. Ama Saddam &ouml;leli 15 y\u0131l oldu. Bug&uuml;n&uuml;n Papa&#8217;s\u0131 aradan y\u0131llar ge&ccedil;tikten sonra Irak&#8217;a gidiyor ve Sistani&#8217;yi Necef&#8217;teki evinde ziyaret ediyordu!? Papa&#8217;n\u0131n Irak ziyaretinde \u015eii liderler aras\u0131nda sadece onu ziyaret etmesi, Sistani&#8217;nin \u015eiilerin lideri oldu\u011funun ilan\u0131 olarak yorumlanm\u0131\u015ft\u0131. BAE kontrol&uuml;ne t&acirc;bi olmayan &ccedil;o\u011funluktaki D&uuml;nya M&uuml;sl&uuml;man Alimler Birli\u011fi ve onun ba\u015fkan\u0131 Yusuf el Kardavi ile \u0130ran&#8217;\u0131n dini otoritesi Ayetullah Hamaney&#8217;in Papa&#8217;n\u0131n olu\u015fturdu\u011fu denklemin d\u0131\u015f\u0131nda kald\u0131klar\u0131 anla\u015f\u0131lmaktayd\u0131. Papa-Sistani g&ouml;r&uuml;\u015fmesinde T&uuml;rkiye&#8217;yi de ilgilendiren bir detay vard\u0131. T&uuml;rkiye&#8217;nin Irak&#8217;ta PKK ile m&uuml;cadele ederken en &ccedil;ok &ouml;nem verdi\u011fi b&ouml;lge Sincar&rsquo;d\u0131. Sincar&#8217;da PKK ter&ouml;ristleri ile Ha\u015fdi \u015eabi ter&ouml;ristleri bulunmaktayd\u0131. &Uuml;stelik Papa, Sistani&#8217;nin yan\u0131 s\u0131ra Sistani&#8217;nin fetvas\u0131yla kurulan ve \u015fu an Sincar&#8217;da PKK ter&ouml;ristleriyle kol kola olan Ha\u015fdi \u015eabi ter&ouml;ristleriyle de bulu\u015fmu\u015flard\u0131. Ha\u015fdi \u015eabi&#8217;nin Hristiyan kolu olan \u0130ncil Tugaylar\u0131n\u0131n eleba\u015f\u0131 Reyyan Keldani&#8217;ye kendi tespihini arma\u011fan etti\u011fi ortaya &ccedil;\u0131km\u0131\u015ft\u0131.<\/span><\/strong><span style=\"font-size: 12pt; font-family: 'Arial', sans-serif;\"> <\/span><\/p>\n<p style=\"margin-bottom: 0cm; text-align: justify; text-indent: 1cm; line-height: 16pt;\"><span style=\"font-size: 12pt; font-family: 'Arial', sans-serif;\">Katoliklerin ruhani lideri&nbsp;Papa&nbsp;Francis&#8217;in Irak&#8217;ta&nbsp;\u015eiilerin en b&uuml;y&uuml;k dini mercii olan Ali es-Sistani ile&nbsp;g&uuml;ya insanl\u0131\u011f\u0131n g&uuml;n&uuml;m&uuml;zde&nbsp;kar\u015f\u0131 kar\u015f\u0131ya oldu\u011fu&nbsp;b&uuml;y&uuml;k zorluklar\u0131 g&ouml;r&uuml;\u015f&uuml;p bar\u0131\u015f &ccedil;a\u011fr\u0131lar\u0131 yapm\u0131\u015flard\u0131. Vatikan&#8217;dan yap\u0131lan a&ccedil;\u0131klamaya g&ouml;re tarihi g&ouml;r&uuml;\u015fmede, Irak&#8217;taki farkl\u0131 dini gruplar aras\u0131ndaki diyalog &ccedil;al\u0131\u015fmalar\u0131 da ele al\u0131nm\u0131\u015ft\u0131. Papa, <strong><em>&#8220;Irak&#8217;\u0131n, b&ouml;lgenin ve t&uuml;m d&uuml;nyan\u0131n iyili\u011fi i&ccedil;in farkl\u0131 dinler aras\u0131nda kar\u015f\u0131l\u0131kl\u0131 sayg\u0131 ve diyalo\u011fun beslenmesinin &ouml;nemini&#8221;<\/em><\/strong> vurgulam\u0131\u015ft\u0131. Papa ayr\u0131ca El Sistani&#8217;ye, son y\u0131llarda ya\u015fanan \u015fiddet olaylar\u0131 ve g&uuml;&ccedil;l&uuml;kler s\u0131ras\u0131nda <strong><em>&#8220;en zay\u0131f durumdakileri, zulme u\u011frayanlar\u0131 savundu\u011fu&#8221; <\/em><\/strong>i&ccedil;in \u015f&uuml;kranlar\u0131n\u0131 aktarm\u0131\u015ft\u0131. Papa&nbsp;Francis, Ba\u011fdat&#8217;ta Ba\u015fbakan Mustafa el-Kaz\u0131mi ve&nbsp;Cumhurba\u015fkan\u0131 Berhem Salih ile de birebir g&ouml;r&uuml;\u015fme yapm\u0131\u015flard\u0131. Katoliklerin ruhani lideri, Ba\u011fdat&#8217;ta Seyyidet&#8217;&uuml;l Necat Kilisesi&#8217;ni de ziyarette bulunmu\u015flard\u0131. Papa,&nbsp;Necef sonras\u0131 Nasiriye&#8217;deki antik Ur kentine de u\u011fram\u0131\u015ft\u0131.<\/span><\/p>\n<p style=\"margin-bottom: 0cm; text-align: justify; text-indent: 1cm; line-height: 16pt;\"><strong><span style=\"font-size: 14pt; font-family: 'Arial', sans-serif;\">Katolik-\u015eii Yak\u0131nla\u015fmas\u0131; Yeni Ha&ccedil;l\u0131 Sava\u015f\u0131&rsquo;n\u0131n &Ouml;n Haz\u0131rl\u0131\u011f\u0131 m\u0131yd\u0131?<\/span><\/strong><\/p>\n<p style=\"margin-bottom: 0cm; text-align: justify; text-indent: 1cm; line-height: 16pt;\"><strong><span style=\"font-size: 12pt; font-family: 'Arial', sans-serif;\">Ziyaret aylar &ouml;ncesinden planlanmaya ba\u015flanm\u0131\u015ft\u0131. Papa, Sistani&rsquo;nin evine geldi\u011finde Irakl\u0131 yetkililer, g&ouml;ky&uuml;z&uuml;ne beyaz g&uuml;vercin b\u0131rakm\u0131\u015flard\u0131. 50 dakika s&uuml;ren g&ouml;r&uuml;\u015fmede daha &ccedil;ok Sistani&rsquo;nin konu\u015ftu\u011fu aktar\u0131l\u0131rken, Vatikan&rsquo;dan; <em>&ldquo;Papa, dini topluluklar aras\u0131nda i\u015fbirli\u011fi ve dostlu\u011fun &ouml;nemine dikkat &ccedil;ekti&rdquo;<\/em> a&ccedil;\u0131klamas\u0131 yap\u0131lm\u0131\u015ft\u0131. Sistani ise; <em>&ldquo;Dini ve ruhani liderlik, b&ouml;lgemizdeki trajedileri durdurmada b&uuml;y&uuml;k rol oynamal\u0131&rdquo;<\/em> mesaj\u0131n\u0131 aktarm\u0131\u015ft\u0131.<\/span><\/strong><\/p>\n<p style=\"margin-bottom: 0cm; text-align: justify; text-indent: 1cm; line-height: 16pt;\"><strong><span style=\"font-size: 12pt; font-family: 'Arial', sans-serif;\">Papa daha sonra Yahudilik, Hristiyanl\u0131k ve \u0130slam&rsquo;\u0131n din b&uuml;y&uuml;\u011f&uuml; sayd\u0131\u011f\u0131 Hz. \u0130brahim&rsquo;in do\u011fdu\u011fu antik Ur kentini ziyaret etmi\u015f ve burada dinler aras\u0131 etkinli\u011fe kat\u0131l\u0131p, birlik ve beraberlik edebiyat\u0131 yapm\u0131\u015ft\u0131. Ancak etkinlikte Yahudi dininden temsilciler olmad\u0131\u011f\u0131 anla\u015f\u0131lm\u0131\u015ft\u0131. <\/span><\/strong><\/p>\n<p style=\"margin-bottom: 0cm; text-align: justify; text-indent: 1cm; line-height: 16pt;\"><strong><span style=\"font-size: 12pt; font-family: 'Arial', sans-serif;\">Papa&rsquo;n\u0131n Necef&rsquo;te n&uuml;fuzu Irak s\u0131n\u0131rlar\u0131n\u0131 a\u015fan ve \u015eii mezhebinde en yetkin Ayetullahlara verilen <\/span><\/strong><strong><span style=\"font-size: 14pt; font-family: 'Arial', sans-serif;\">merci-i taklid <\/span><\/strong><strong><span style=\"font-size: 12pt; font-family: 'Arial', sans-serif;\">konumundaki Sistani ile g&ouml;r&uuml;\u015fmesi de \u015eiilikle Katolik kilisesi aras\u0131ndaki ili\u015fkilerin g&uuml;&ccedil;lendirilmesine y&ouml;nelik bir ad\u0131md\u0131.<\/span><\/strong><\/p>\n<p style=\"margin-bottom: 0cm; text-align: justify; text-indent: 1cm; line-height: 16pt;\"><strong><span style=\"font-size: 12pt; font-family: 'Arial', sans-serif;\"> Papa&rsquo;n\u0131n Ortado\u011fu temaslar\u0131 kapsam\u0131nda ziyaret etti\u011fi Kuzey Irak B&ouml;lgesel Y&ouml;netimi, Papa&rsquo;n\u0131n ziyaretine binaen pul bast\u0131rm\u0131\u015ft\u0131. Bast\u0131r\u0131lan pulda Papa&rsquo;n\u0131n fig&uuml;r&uuml;ne yer verilirken, ba\u015f\u0131n\u0131n arkas\u0131nda SKANDAL bir harita dikkatlerden ka&ccedil;mam\u0131\u015ft\u0131. Bast\u0131r\u0131lan hat\u0131ra pulunda Papa&#8217;n\u0131n ba\u015f\u0131n\u0131n &uuml;zerinde bulunan haritada Hatay, Sivas, Erzurum, Kars gibi bir&ccedil;ok ilimiz, s&ouml;zde B&uuml;y&uuml;k K&uuml;rdistan haritas\u0131na kat\u0131lm\u0131\u015ft\u0131.<\/span><\/strong><\/p>\n<p style=\"margin-bottom: 0cm; text-align: justify; text-indent: 1cm; line-height: 16pt;\"><strong><span style=\"font-size: 12pt; font-family: 'Arial', sans-serif;\">PKK&rsquo;n\u0131n, T&uuml;rkiye&rsquo;nin toprak b&uuml;t&uuml;nl&uuml;\u011f&uuml;ne y&ouml;nelik bir ter&ouml;r &ouml;rg&uuml;t&uuml; oldu\u011fu a&ccedil;\u0131kt\u0131. Ancak Kuzey Irak B&ouml;lgesel y&ouml;netiminin de benzer bir plan\u0131 Papa&rsquo;n\u0131n ziyareti m&uuml;nasebetiyle bast\u0131rd\u0131\u011f\u0131 ve Papa fig&uuml;r&uuml;n&uuml;n arkas\u0131na g&ouml;m&uuml;lm&uuml;\u015f haritada g&ouml;stermi\u015f olmas\u0131; Erdo\u011fan iktidar\u0131n\u0131n olu\u015fumuna dolayl\u0131 katk\u0131 sa\u011flad\u0131\u011f\u0131, bug&uuml;n bile bir nevi devlet stat&uuml;s&uuml;yle yakla\u015ft\u0131\u011f\u0131 Barzani Y&ouml;netiminin PKK ile ayn\u0131 \u015feytani ama&ccedil;lar\u0131 ta\u015f\u0131d\u0131klar\u0131n\u0131n kan\u0131t\u0131yd\u0131.<\/span><\/strong><\/p>\n<p style=\"margin-bottom: 0cm; text-align: justify; text-indent: 1cm; line-height: 16pt;\"><strong><span style=\"font-size: 14pt; font-family: 'Arial', sans-serif;\">T&uuml;rkiye&#8217;nin Vatikan B&uuml;y&uuml;kel&ccedil;isi L&uuml;tfullah G&ouml;kta\u015f, Papa&#8217;n\u0131n Irak Ziyaretini Yorumlam\u0131\u015ft\u0131<\/span><\/strong><\/p>\n<p style=\"margin-bottom: 0cm; text-align: justify; text-indent: 1cm; line-height: 16pt;\"><strong><span style=\"font-size: 12pt; font-family: 'Arial', sans-serif;\">T&uuml;rkiye&rsquo;nin Vatikan B&uuml;y&uuml;kel&ccedil;isi L&uuml;tfullah G&ouml;kta\u015f, Katoliklerin ruhani lideri ve Vatikan Devlet Ba\u015fkan\u0131 Papa Francis&rsquo;in Irak ziyaretinin b&ouml;lgenin istikrar\u0131na olumlu katk\u0131 sa\u011flayabilece\u011fini, b&ouml;yle bir durumun T&uuml;rkiye&rsquo;yi memnun edece\u011fini a&ccedil;\u0131klam\u0131\u015ft\u0131. <em>&ldquo;<\/em><\/span><\/strong><strong><em><span style=\"font-size: 12pt; font-family: 'Arial', sans-serif;\">Ruhani liderin zor bir d&ouml;nemde b&ouml;yle bir seyahati ger&ccedil;ekle\u015ftirdi\u011fine&rdquo;<\/span><\/em><\/strong><span style=\"font-size: 12pt; font-family: 'Arial', sans-serif;\"> i\u015faret eden G&ouml;kta\u015f, <strong><em>&#8220;Papa Francis&#8217;in, t&uuml;m zorluklara ra\u011fmen Irak&rsquo;\u0131n davetine icabet etmesi, bu ziyarete ne denli &ouml;nem verildi\u011fini g&ouml;steriyor. Bu ziyaret, Papa&rsquo;n\u0131n son derece kararl\u0131 ve \u0131srarl\u0131 olmas\u0131 sayesinde ger&ccedil;ekle\u015fiyor. Bu ziyaret, Irak&rsquo;a her a&ccedil;\u0131dan bir moral a\u015f\u0131layacak. Papa&rsquo;n\u0131n Katoliklerin ruhani lideri olmas\u0131 hasebiyle ziyaretin dini boyutu, tabii ki daha a\u011f\u0131r bas\u0131yor.&#8221; <\/em><\/strong>ifadesini kullanm\u0131\u015ft\u0131. G&ouml;kta\u015f, T&uuml;rkiye&#8217;nin b&ouml;lgesinde istikrardan yana oldu\u011funa i\u015faret ederek, \u015funlar\u0131 vurgulam\u0131\u015ft\u0131:<\/span><\/p>\n<p style=\"margin-bottom: 0cm; text-align: justify; text-indent: 1cm; line-height: 16pt;\"><strong><em><span style=\"font-size: 12pt; font-family: 'Arial', sans-serif;\">&#8220;Irak, \u015fimdi deyim yerindeyse; yaralar\u0131n\u0131 sarma, toplumsal huzuru yeniden yakalama u\u011fra\u015f\u0131nda. Papa&#8217;n\u0131n ziyareti, bu s&uuml;rece hakikaten olumlu bir katk\u0131 sa\u011flayabilir. T&uuml;rkiye olarak bizler, b&ouml;lgemizin huzur ve istikrar\u0131ndan yanay\u0131z. Ba\u015fta DEA\u015e ve PKK olmak &uuml;zere, ter&ouml;rle m&uuml;cadelede elimizi ta\u015f\u0131n alt\u0131na koymaktan &ccedil;ekinmememizin sebebi de budur. Papa&#8217;n\u0131n ziyaretinin sorunsuz ve ba\u015far\u0131l\u0131 ge&ccedil;mesini temenni ediyoruz. B&ouml;lgenin huzur ve istikrar\u0131na katk\u0131 sa\u011flayacak her geli\u015fme bizleri memnun eder.&#8221;[1]<\/span><\/em><\/strong><\/p>\n<p style=\"margin-bottom: 0cm; text-align: justify; text-indent: 1cm; line-height: 16pt;\"><strong><span style=\"font-size: 14pt; font-family: 'Arial', sans-serif;\">Foreign Policy&rsquo;e g&ouml;re b&ouml;lgenin gelece\u011fini \u0130ran, T&uuml;rkiye ve \u0130srail belirlemeye &ccedil;al\u0131\u015fmaktad\u0131r.<\/span><\/strong><\/p>\n<p style=\"margin-bottom: 0cm; text-align: justify; text-indent: 1cm; line-height: 16pt;\"><strong><span style=\"font-size: 12pt; font-family: 'Arial', sans-serif;\">(Not: Foreign Policy yay\u0131nlanan akademik bir dergi olup k&uuml;resel politika, ekonomi ve entegrasyon konular\u0131n\u0131 ele almaktad\u0131r. Fareed Zakaria, Samantha Power, Francis Fukuyama gibi uluslararas\u0131 tan\u0131nan ki\u015filer dergide yaz\u0131 yazmaktad\u0131r. Foreign Policy 2005 ve 2008 y\u0131l\u0131nda ilk 100 entelekt&uuml;el listesini yay\u0131nlam\u0131\u015ft\u0131r. 2005 D&uuml;nyan\u0131n ilk 100 entelekt&uuml;eli listesinde Noam Chomsky birinci s\u0131ray\u0131 al\u0131rken, 2008 y\u0131l\u0131 listesinde Fetullah G&uuml;len 1. s\u0131raya al\u0131nm\u0131\u015ft\u0131r. Ayr\u0131ca 2008 y\u0131l\u0131 listesinde Orhan Pamuk&rsquo;un 4. ki\u015fi se&ccedil;ildi\u011fi hat\u0131rlanacakt\u0131r.)<\/span><\/strong><\/p>\n<p style=\"margin-bottom: 0cm; text-align: justify; text-indent: 1cm; line-height: 16pt;\"><span style=\"font-size: 12pt; font-family: 'Arial', sans-serif;\">Amerikan Foreign Policy&#8217;de &ccedil;\u0131kan analizde, Orta Do\u011fu&#8217;da Araplar\u0131n devrinin art\u0131k bitti\u011fi ve b&ouml;lgenin gelece\u011fini \u0130ran, T&uuml;rkiye ve \u0130srail aras\u0131ndaki g&uuml;&ccedil; m&uuml;cadelesinin belirleyece\u011fi vurgulanm\u0131\u015ft\u0131. Son y\u0131llar\u0131n en &ccedil;arp\u0131c\u0131 tespitlerinin oldu\u011fu makalede, b&ouml;lgedeki t&uuml;m geli\u015fmeler, sorunlar ve &ccedil;eki\u015fmeler detayl\u0131 olarak ele al\u0131nm\u0131\u015ft\u0131. Tahran do\u011fumlu ve \u0130ran-ABD ili\u015fkileri ile Orta Do\u011fu konusunda uzmanla\u015fm\u0131\u015f siyaset bilimci <\/span><strong><span style=\"font-size: 14pt; font-family: 'Arial', sans-serif;\">Seyyed Vali Reza Nasr<\/span><\/strong><span style=\"font-size: 12pt; font-family: 'Arial', sans-serif;\">, Orta Do\u011fu ile alakal\u0131 son y\u0131llar\u0131n en &ccedil;arp\u0131c\u0131 yaz\u0131lar\u0131ndan birini haz\u0131rlam\u0131\u015ft\u0131. Yaz\u0131s\u0131nda ge&ccedil;mi\u015f ve yak\u0131n d&ouml;nemlerde \u0130slam co\u011frafyas\u0131nda ya\u015fanan &ccedil;at\u0131\u015fmalara, sava\u015flara de\u011finen yazar, ABD&#8217;nin b&ouml;lgedeki n&uuml;fuzunun k\u0131sa tarihini anlatm\u0131\u015ft\u0131. B&ouml;lgedeki dengelerin de\u011fi\u015fti\u011fini ve g&uuml;c&uuml;n belli &uuml;lkeler &uuml;zerinde birikti\u011fine de\u011finen Reza Nasr, <strong><em>&#8220;Orta Do\u011fu&#8217;yu \u015fekillendirme olas\u0131l\u0131\u011f\u0131 en y&uuml;ksek olan rekabet art\u0131k Arap devletleri ile \u0130srail veya S&uuml;nniler ile \u015eiiler aras\u0131nda de\u011fil, Arap olmayan &uuml;&ccedil; rakip aras\u0131ndad\u0131r. Orta Do\u011fu&#8217;nun bir sonraki &ccedil;at\u0131\u015fmalar\u0131 \u0130ran ve Arap &uuml;lkeleri aras\u0131nda olmayacakt\u0131r. B&ouml;lgenin gelece\u011fini \u0130ran, T&uuml;rkiye ve \u0130srail aras\u0131ndaki g&uuml;&ccedil; m&uuml;cadelesi belirlemi\u015f olacakt\u0131r.&rdquo;<\/em><\/strong> ifadelerini kullanm\u0131\u015ft\u0131.<\/span><\/p>\n<p style=\"margin-bottom: 0cm; text-align: justify; text-indent: 1cm; line-height: 16pt;\"><strong><span style=\"font-size: 14pt; font-family: 'Arial', sans-serif;\">&#8220;Arap-\u0130srail Bar\u0131\u015f Anla\u015fmas\u0131 T&uuml;rkiye&#8217;ye Kar\u015f\u0131 Bir Kalkand\u0131r!&#8221;<\/span><\/strong><\/p>\n<p style=\"margin-bottom: 0cm; text-align: justify; text-indent: 1cm; line-height: 16pt;\"><strong><span style=\"font-size: 12pt; font-family: 'Arial', sans-serif;\">BAE&#8217;nin ve di\u011fer Arap &uuml;lkelerinin \u0130srail ile anla\u015fmas\u0131na de\u011finen \u0130ranl\u0131 Reza Nasr:<\/span><\/strong><span style=\"font-size: 12pt; font-family: 'Arial', sans-serif;\"> <strong><em>&#8220;Abu Dabi, \u0130srail ile tarihi bir bar\u0131\u015f anla\u015fmas\u0131 yapmak i&ccedil;in \u0130ran&#8217;\u0131 tehdit olarak &ouml;ne &ccedil;\u0131kard\u0131. Ancak bu bar\u0131\u015f mutabakat\u0131, \u0130ran&#8217;a oldu\u011fu kadar T&uuml;rkiye&#8217;ye kar\u015f\u0131 da bir kalkand\u0131r!&#8221;<\/em><\/strong> <strong>itiraf\u0131nda bulunmu\u015flard\u0131!.. Evet i\u015fte Papa&rsquo;n\u0131n Irak ziyareti ve \u015eii Lider Sistani g&ouml;r&uuml;\u015fmesi de, asl\u0131nda T&uuml;rkiye&rsquo;ye kar\u015f\u0131 yeni bir Ha&ccedil;l\u0131-\u015eii ittifak\u0131n\u0131n alt yap\u0131 haz\u0131rl\u0131\u011f\u0131yd\u0131!<\/strong><\/span><\/p>\n<p style=\"margin-bottom: 0cm; text-align: justify; text-indent: 1cm; line-height: 16pt;\"><span style=\"font-size: 12pt; font-family: 'Arial', sans-serif;\">\u0130ran&#8217;\u0131n ama&ccedil;lar\u0131n\u0131n art\u0131k herkes taraf\u0131ndan net bir \u015fekilde bilindi\u011fini ve bunun s&uuml;rpriz bir \u015fey olmad\u0131\u011f\u0131n\u0131 s&ouml;yleyen \u0130ranl\u0131 akademisyen, as\u0131l dikkat edilmesi gereken g&uuml;c&uuml;n T&uuml;rkiye oldu\u011funu vurgulay\u0131p:<\/span><\/p>\n<p style=\"margin-bottom: 0cm; text-align: justify; text-indent: 1cm; line-height: 16pt;\"><strong><em><span style=\"font-size: 12pt; font-family: 'Arial', sans-serif;\">&#8220;\u0130ran&#8217;\u0131n hedefleri herkes taraf\u0131ndan biliniyor. Yeni olan, T&uuml;rkiye&#8217;nin &ccedil;ok daha geni\u015f bir b&ouml;lgede &ouml;ng&ouml;r&uuml;lemez bir istikrar bozucu olarak ortaya &ccedil;\u0131kmas\u0131d\u0131r. Kendisine Bat\u0131&#8217;da bir gelecek tasavvur etmeyen T&uuml;rkiye, art\u0131k \u0130slami ge&ccedil;mi\u015fini daha kararl\u0131 bir \u015fekilde &ouml;ne &ccedil;\u0131karm\u0131\u015ft\u0131r. T&uuml;rkiye&#8217;nin h\u0131rslar\u0131 art\u0131k hesaba kat\u0131lmas\u0131 gereken bir g&uuml;&ccedil; halini alm\u0131\u015ft\u0131r. &Ouml;rne\u011fin, T&uuml;rkiye \u015fu anda Suriye&#8217;nin baz\u0131 kesimlerini i\u015fgal ediyor ve Irak&#8217;ta n&uuml;fuz sahibi. Kendilerini Libya i&ccedil; sava\u015f\u0131na soktular ve Kafkasya&#8217;da Ermenistan ile Azerbaycan aras\u0131ndaki Da\u011fl\u0131k Karaba\u011f anla\u015fmazl\u0131\u011f\u0131na kararl\u0131 bir \u015fekilde m&uuml;dahale ettiler. Ankara&#8217;daki yetkililer ayr\u0131ca, Afrika Boynuzu ve L&uuml;bnan&#8217;da da etkin.&#8221;<\/span><\/em><\/strong><strong><span style=\"font-size: 12pt; font-family: 'Arial', sans-serif;\"> s&ouml;zleriyle asl\u0131nda, Ha&ccedil;l\u0131 Bat\u0131&rsquo;n\u0131n, \u0130ran ve \u0130srail&rsquo;le birlikte T&uuml;rkiye&rsquo;ye kar\u015f\u0131 ortak tav\u0131r almas\u0131 gerekti\u011fini hat\u0131rlatm\u0131\u015ft\u0131r.<\/span><\/strong><\/p>\n<p style=\"margin-bottom: 0cm; text-align: justify; text-indent: 1cm; line-height: 16pt;\"><span style=\"font-size: 12pt; font-family: 'Arial', sans-serif;\">Reza Nasr; \u0130srail, \u0130ran ve T&uuml;rkiye&#8217;nin b&ouml;lgede<strong> &#8220;g&uuml;venlik nedenleri&#8221; <\/strong>gerek&ccedil;esiyle baz\u0131 ad\u0131mlar att\u0131klar\u0131n\u0131, bu hamlelerin alt\u0131nda ekonomik &ccedil;\u0131karlar\u0131n da yatt\u0131\u011f\u0131n\u0131 s&ouml;yleyip, Tahran&#8217;\u0131n Irak pazar\u0131nda, Tel Aviv ile Ankara&#8217;n\u0131n ise Do\u011fu Akdeniz gaz sahalar\u0131n\u0131 kontrol etme hedefleri oldu\u011funu hat\u0131rlatm\u0131\u015ft\u0131.<\/span><\/p>\n<p style=\"margin-bottom: 0cm; text-align: justify; text-indent: 1cm; line-height: 16pt;\"><strong><span style=\"font-size: 14pt; font-family: 'Arial', sans-serif;\">T&uuml;rkiye&rsquo;ye d&uuml;\u015fmanl\u0131\u011fa &ldquo;Rusya Tehlikesi&rdquo; k\u0131l\u0131f\u0131!<\/span><\/strong><\/p>\n<p style=\"margin-bottom: 0cm; text-align: justify; text-indent: 1cm; line-height: 16pt;\"><strong><em><span style=\"font-size: 12pt; font-family: 'Arial', sans-serif;\">&#8220;Suriye&#8217;de oldu\u011fu gibi Kafkasya&#8217;da da T&uuml;rkiye ve \u0130ran&#8217;\u0131n &ccedil;\u0131karlar\u0131 Rusya&#8217;n\u0131nkilerle i&ccedil; i&ccedil;e ge&ccedil;mi\u015f durumda&#8221;<\/span><\/em><\/strong><span style=\"font-size: 12pt; font-family: 'Arial', sans-serif;\"> <strong>diyen Nasr,<\/strong> <strong><em>&#8220;Kremlin&#8217;in Orta Do\u011fu&#8217;ya olan ilgisi, yaln\u0131zca Libya, Suriye ve Da\u011fl\u0131k Karaba\u011f&#8217;daki &ccedil;at\u0131\u015fmalarda de\u011fil, ayn\u0131 zamanda OPEC&#8217;den Afganistan&#8217;a kadar diplomatik sahnede de geni\u015fliyor. Moskova, b&ouml;lgenin t&uuml;m kilit akt&ouml;rleriyle yak\u0131n ba\u011flar\u0131n\u0131 s&uuml;rd&uuml;r&uuml;yor. Avantajlar\u0131n\u0131 geni\u015fletmek i&ccedil;in denge politikas\u0131 izliyor. Orta Do\u011fu&#8217;dan tam olarak ne istedi\u011fi konusunda bir belirsizlik var, ancak ABD&#8217;nin ilgisinin azalmas\u0131yla, Moskova bu b&ouml;lgenin gelece\u011fini \u015fekillendirmede &ccedil;ok b&uuml;y&uuml;k bir rol oynamaya haz\u0131rlan\u0131yor&#8221;<\/em> diyerek Ha&ccedil;l\u0131 Bat\u0131&rsquo;y\u0131 ve \u0130ran&rsquo;\u0131 T&uuml;rkiye&rsquo;ye kar\u015f\u0131 k\u0131\u015fk\u0131rtmaktayd\u0131.<\/strong><\/span><\/p>\n<p style=\"margin-bottom: 0cm; text-align: justify; text-indent: 1cm; line-height: 16pt;\"><span style=\"font-size: 12pt; font-family: 'Arial', sans-serif;\">Yaz\u0131s\u0131nda; \u0130srail&#8217;in de Arap d&uuml;nyas\u0131 &uuml;zerindeki n&uuml;fuzunu geni\u015fletmek i&ccedil;in ad\u0131mlar att\u0131\u011f\u0131, Trump d&ouml;neminde Suriye topraklar\u0131 olan Golan Tepelerinin Tel Aviv&#8217;e verildi\u011fi, Bat\u0131 \u015eeria&#8217;n\u0131n baz\u0131 k\u0131s\u0131mlar\u0131n\u0131n i\u015fgale u\u011framaya devam etti\u011fini belirterek:<\/span><\/p>\n<p style=\"margin-bottom: 0cm; text-align: justify; text-indent: 1cm; line-height: 16pt;\"><strong><em><span style=\"font-size: 12pt; font-family: 'Arial', sans-serif;\">&#8220;Arap &uuml;lkeleri \u0130ran ve T&uuml;rkiye&#8217;ye kar\u015f\u0131 \u0130srail ile ittifak yaparak, ABD&#8217;nin b&ouml;lgeye kar\u015f\u0131 azalan ilgisi kar\u015f\u0131s\u0131nda \u0130srail&#8217;i &lsquo;koltuk de\u011fne\u011fi&rsquo; olarak g&ouml;r&uuml;yor. Ayr\u0131ca Tahran ile Tel Aviv aras\u0131ndaki gerginlik Suriye&#8217;de devam ediyor, son olarak da \u0130ranl\u0131 n&uuml;kleer fizik&ccedil;i Fahrizade &ouml;ld&uuml;r&uuml;lm&uuml;\u015f bulunuyor&rdquo; <\/span><\/em><\/strong><strong><span style=\"font-size: 12pt; font-family: 'Arial', sans-serif;\">diyen Reza Nasr s&ouml;z&uuml; tekrar T&uuml;rkiye&#8217;ye getirerek \u015fu ifadeleri kullanm\u0131\u015ft\u0131:<\/span><\/strong><\/p>\n<p style=\"margin-bottom: 0cm; text-align: justify; text-indent: 1cm; line-height: 16pt;\"><strong><em><span style=\"font-size: 12pt; font-family: 'Arial', sans-serif;\">&#8220;T&uuml;rkiye&#8217;nin \u0130srail, Suudi Arabistan, BAE ve M\u0131s\u0131r ile ili\u015fkileri y\u0131llard\u0131r k&ouml;t&uuml;ye gidiyor. \u0130ran&#8217;\u0131n \u0130srail&#8217;e kar\u015f\u0131 Hamas&#8217;\u0131 desteklemesi gibi, T&uuml;rkiye de M&uuml;sl&uuml;man Karde\u015fler&#8217;i destekleyerek Arap y&ouml;neticileri k\u0131zd\u0131r\u0131yor. Irak, L&uuml;bnan, Katar, Libya, Suriye ve Afrika Boynuzu&#8217;na uzanan T&uuml;rkiye&#8217;nin kararl\u0131 duru\u015fu, Suudi Arabistan, BAE ve M\u0131s\u0131r&#8217;\u0131n izledi\u011fi politikalarla do\u011frudan &ccedil;at\u0131\u015f\u0131yor. T&uuml;m bunlar, Orta Do\u011fu&#8217;daki itici g&uuml;c&uuml;n art\u0131k ideoloji veya din de\u011fil, eski moda realpolitik oldu\u011funu g&ouml;steriyor.&#8221; <\/span><\/em><\/strong><strong><span style=\"font-size: 12pt; font-family: 'Arial', sans-serif;\">yorumlar\u0131n\u0131 yapm\u0131\u015ft\u0131.<\/span><\/strong><\/p>\n<p style=\"margin-bottom: 0cm; text-align: justify; text-indent: 1cm; line-height: 16pt;\"><strong><span style=\"font-size: 14pt; font-family: 'Arial', sans-serif;\">\u0130ran As\u0131ll\u0131 Reza Nasr:<\/span><\/strong><\/p>\n<p style=\"margin-bottom: 0cm; text-align: justify; text-indent: 1cm; line-height: 16pt;\"><strong><em><span style=\"font-size: 12pt; font-family: 'Arial', sans-serif;\">&#8220;\u0130srail-Suudi Arabistan-BAE pozisyonunu g&uuml;&ccedil;lendirirse Katar ve Umman gibi kendisini tehdit alt\u0131nda g&ouml;ren &uuml;lkeler T&uuml;rkiye ve \u0130ran&#8217;a g&uuml;venebilir&#8221;<\/span><\/em><\/strong><em><span style=\"font-size: 12pt; font-family: 'Arial', sans-serif;\"> <\/span><\/em><span style=\"font-size: 12pt; font-family: 'Arial', sans-serif;\">diyen Nasr,<em> <strong>&#8220;\u0130srail ile Arap &uuml;lkelerinin birlikteli\u011fi, \u0130ran ve T&uuml;rkiye&#8217;ye ortak hareket etme f\u0131rsat\u0131 verse de T&uuml;rkiye&#8217;nin Kafkasya ve Irak&#8217;taki tutumu Tahran i&ccedil;in endi\u015fe verici hale gelebilir. T&uuml;rkiye&#8217;nin Azerbaycan&#8217;a askeri deste\u011fi, \u0130srail&#8217;in Bak&uuml;&#8217;ye verdi\u011fi destek ile ayn\u0131 &ccedil;izgide ve \u0130ran, BAE ve Suudi Arabistan&#8217;\u0131 endi\u015felendiriyor&#8221;<\/strong><\/em> ifadelerini kullanarak, b&ouml;lgede birbiriyle &ouml;rt&uuml;\u015fen bu rekabetlerin ve taktiksel ittifaklar\u0131n, daha da &ouml;ng&ouml;r&uuml;lemez hale gelebilece\u011fini vurgulay\u0131p b&ouml;yle bir durumda, Rusya ve &Ccedil;in&#8217;in b&ouml;lgeye m&uuml;dahalesinin dengeleri de\u011fi\u015ftirebilece\u011fini hat\u0131rlatm\u0131\u015ft\u0131.[2]<\/span><\/p>\n<p style=\"margin-bottom: 0cm; text-align: justify; text-indent: 1cm; line-height: 16pt;\"><strong><span style=\"font-size: 14pt; font-family: 'Arial', sans-serif;\">Hulusi Akar&rsquo;\u0131n Kararl\u0131 Tavr\u0131! <\/span><\/strong><\/p>\n<p style=\"margin-bottom: 0cm; text-align: justify; text-indent: 1cm; line-height: 16pt;\"><strong><span style=\"font-size: 14pt; font-family: 'Arial', sans-serif;\">Bakan Akar, Deniz Kuvvetleri Komutanl\u0131\u011f\u0131n\u0131n fiili planl\u0131 tatbikat\u0131n\u0131n jenerik bir senaryoda ger&ccedil;ekle\u015ftirildi\u011fini belirterek, \u015funlar\u0131 vurgulam\u0131\u015ft\u0131:<\/span><\/strong><\/p>\n<p style=\"margin-bottom: 0cm; text-align: justify; text-indent: 1cm; line-height: 16pt;\"><span style=\"font-size: 12pt; font-family: 'Arial', sans-serif;\">Yunanistan&rsquo;\u0131n iki &uuml;lke aras\u0131ndaki sorunlar\u0131 T&uuml;rkiye-Avrupa Birli\u011fi veya T&uuml;rkiye-ABD sorunu gibi yans\u0131tmaya &ccedil;al\u0131\u015ft\u0131\u011f\u0131n\u0131 ancak bunlar\u0131n beyhude &ccedil;abalar oldu\u011funu ifade eden Akar, <strong><em>&#8220;Yap\u0131lan bu i\u015f hi&ccedil;bir \u015fekilde hukuki, ahl&acirc;ki de\u011fil. Bizim kimsenin topra\u011f\u0131nda, hakk\u0131nda ve hukukunda g&ouml;z&uuml;m&uuml;z yok. Bizim tek derdimiz; hukuk &ccedil;er&ccedil;evesinde egemenlik haklar\u0131m\u0131z\u0131 ve kendi hak, alaka ve menfaatlerimizi korumak ve kollamakt\u0131r. Biz t&uuml;m kom\u015fular\u0131m\u0131z\u0131n egemenlik haklar\u0131na, toprak b&uuml;t&uuml;nl&uuml;\u011f&uuml;ne sayg\u0131l\u0131y\u0131z. Fakat di\u011fer taraftan da kendi hak, alaka ve menfaatlerimizi hi&ccedil;bir \u015fekilde &ccedil;i\u011fnetmedik, &ccedil;i\u011fnetmeyece\u011fiz. Bu konuda bug&uuml;ne kadar yap\u0131lmas\u0131 gereken ne varsa yapt\u0131k, bundan sonra da yapmaya devam edece\u011fiz&#8221;<\/em><\/strong> ifadelerini kullanm\u0131\u015ft\u0131.&nbsp;<\/span><\/p>\n<p style=\"margin-bottom: 0cm; text-align: justify; text-indent: 1cm; line-height: 16pt;\"><strong><span style=\"font-size: 12pt; font-family: 'Arial', sans-serif;\">M\u0131s\u0131r&rsquo;\u0131n Do\u011fu Akdeniz&rsquo;de hidrokarbon arama ihalesini T&uuml;rkiye&rsquo;nin daha &ouml;nce ilan etti\u011fi ve BM&rsquo;ye bildirdi\u011fi s\u0131n\u0131rlara sayg\u0131l\u0131 olarak yapmas\u0131na y&ouml;nelik de de\u011ferlendirmelerde bulunan Bakan Akar, \u015funlar\u0131 aktarm\u0131\u015ft\u0131:<\/span><\/strong><\/p>\n<p style=\"margin-bottom: 0cm; text-align: justify; text-indent: 1cm; line-height: 16pt;\"><strong><em><span style=\"font-size: 12pt; font-family: 'Arial', sans-serif;\">&#8220;Bu &ccedil;ok &ouml;nemli bir geli\u015fme, bunun devam etmesini bekliyoruz. M\u0131s\u0131r ile bizim tarihsel, k&uuml;lt&uuml;rel bir&ccedil;ok ortak de\u011ferimiz var. Bunlar\u0131n aktive olmas\u0131yla &ouml;n&uuml;m&uuml;zdeki g&uuml;nlerde farkl\u0131 geli\u015fmeler olabilir diye de\u011ferlendiriyoruz. Zaten M\u0131s\u0131r&rsquo;\u0131n ald\u0131\u011f\u0131 bu karar\u0131n, bizim deniz yetki alanlar\u0131m\u0131za sayg\u0131 duyularak yap\u0131lan bu &ccedil;al\u0131\u015fmalar\u0131n, bizim &ccedil;al\u0131\u015fmalar\u0131m\u0131za uygun oldu\u011fu kadar, M\u0131s\u0131r halk\u0131n\u0131n da hak ve menfaatinin yarar\u0131na oldu\u011funun da bilinmesini istiyorum. BM&rsquo;ye beyan etti\u011fimiz deniz yetki alanlar\u0131 s\u0131n\u0131rlar\u0131m\u0131zla uyumlu bir \u015fekilde M\u0131s\u0131r&rsquo;la da anla\u015fma, s&ouml;zle\u015fme, mutabakat muht\u0131ras\u0131 gibi &ccedil;al\u0131\u015fmalar\u0131n &ouml;n&uuml;m&uuml;zdeki d&ouml;nemde olabilece\u011fini de\u011ferlendiriyoruz. Bu konuda D\u0131\u015fi\u015fleri Bakanl\u0131\u011f\u0131m\u0131z gerekli &ccedil;al\u0131\u015fmalar\u0131 ilgili, kurum, kurulu\u015f ve bakanl\u0131klarla koordineli \u015fekilde s&uuml;rd&uuml;r&uuml;yor. Bu &ccedil;al\u0131\u015fmalar yap\u0131lmakta ve bunlar\u0131n da olumlu sonu&ccedil; vermesini bekliyoruz.&#8221;<\/span><\/em><\/strong><\/p>\n<p style=\"margin-bottom: 0cm; text-align: justify; text-indent: 1cm; line-height: 16pt;\"><strong><span style=\"font-size: 14pt; font-family: 'Arial', sans-serif;\">K\u0131br\u0131s&rsquo;\u0131n, T&uuml;rkiye&rsquo;nin milli bir meselesi oldu\u011funu vurgulayan Bakan Akar<\/span><\/strong><span style=\"font-size: 12pt; font-family: 'Arial', sans-serif;\">, <strong><em>&#8220;Bizim T&uuml;rkiye olarak 1974&rsquo;teki bak\u0131\u015f\u0131m\u0131z neyse \u015fu anda da hepimiz ayn\u0131 noktada, ayn\u0131 anlay\u0131\u015f i&ccedil;indeyiz. Bunu da herkesin bilmesi laz\u0131m&#8221;<\/em><\/strong> diye uyarm\u0131\u015ft\u0131. T&uuml;rkiye&rsquo;nin K\u0131br\u0131s&rsquo;ta garant&ouml;r oldu\u011funu belirten Bakan Akar, <strong><em>&#8220;Garant&ouml;rl&uuml;k anla\u015fmas\u0131 &ccedil;er&ccedil;evesinde bulunan T&uuml;rk Silahl\u0131 Kuvvetleri unsurlar\u0131n\u0131n varl\u0131\u011f\u0131n\u0131 yanl\u0131\u015f yerlere &ccedil;ekmenin kabul edilemez oldu\u011funu, bu mevcudiyetin de uluslararas\u0131 hukuk &ccedil;er&ccedil;evesinde de\u011ferlendirilmesi gerekti\u011fini t&uuml;m muhataplar\u0131m\u0131za hat\u0131rlatmak istiyorum. Yap\u0131lan &ccedil;arp\u0131tmalar\u0131n, ger&ccedil;e\u011fi yans\u0131tmayan a&ccedil;\u0131klama ve giri\u015fimlerin Rum taraf\u0131na ve Yunanlara fayda sa\u011flamad\u0131\u011f\u0131n\u0131 da bilmeleri gerek. Rumlar\u0131n bu uzla\u015fmaz tutumlar\u0131ndan bir an &ouml;nce vazge&ccedil;meleri ve oradaki T&uuml;rk varl\u0131\u011f\u0131n\u0131 kabul etmeleri laz\u0131m. Onlar\u0131n egemen ve e\u015fit unsurlar olduklar\u0131n\u0131 bilmeleri laz\u0131m. Bu konuda AB&rsquo;nin de stratejik k&ouml;rl&uuml;\u011f&uuml;n&uuml;n sona ermesini temenni ediyoruz. Oradaki geli\u015fmeler maalesef tek g&ouml;zl&uuml;kle, Rum g&ouml;zl&uuml;\u011f&uuml;yle g&ouml;r&uuml;lmektedir. Bu da kesinlikle uluslararas\u0131 hukuka ve ger&ccedil;eklere uygun de\u011fil.&rdquo;<\/em><\/strong><\/span><\/p>\n<p style=\"margin-bottom: 0cm; text-align: justify; text-indent: 1cm; line-height: 16pt;\"><strong><em><span style=\"font-size: 14pt; font-family: 'Arial', sans-serif;\">&ldquo;Ada&rsquo;da art\u0131k tek &ccedil;\u0131k\u0131\u015f yolunun iki devletli &ccedil;&ouml;z&uuml;m oldu\u011funu herkesin g&ouml;rmesi laz\u0131m&#8221; <\/span><\/em><\/strong><strong><span style=\"font-size: 12pt; font-family: 'Arial', sans-serif;\">diyen Bakan Akar, <em>&ldquo;bir an &ouml;nce bunun ger&ccedil;ekle\u015fmesinin &ouml;nemine&rdquo; <\/em>de\u011findi<em>. <\/em>&Uuml;&ccedil;&uuml;nc&uuml; taraflar\u0131n da bu konuda objektif olmas\u0131n\u0131n &ouml;nemini vurgulayan Akar, <em>&#8220;Dost ve m&uuml;ttefiklerimizin buradaki geli\u015fmeleri, sorunlar\u0131 ak\u0131l-mant\u0131k &ccedil;er&ccedil;evesinde de\u011ferlendirmeleri, konulara duygusall\u0131ktan, tarafgirlikten uzak, objektif bakmalar\u0131 laz\u0131m. AB&rsquo;nin bu konuda bir taraf olmaktan &ccedil;\u0131k\u0131p bir arabulucu rol&uuml;nde sorunun &ccedil;&ouml;z&uuml;lmesine katk\u0131 sa\u011flamas\u0131n\u0131 da bekliyoruz&#8221;<\/em><\/span><\/strong><span style=\"font-size: 12pt; font-family: 'Arial', sans-serif;\"> diyen Akar, T&uuml;rkiye&rsquo;nin 500 y\u0131ll\u0131k tarihi karde\u015flik ba\u011flar\u0131 bulunan Libya halk\u0131n\u0131n hakl\u0131 davalar\u0131nda deste\u011fe ve i\u015f birli\u011fine devam edece\u011fini belirterek, <strong><em>&#8220;Tek millet, iki devlet oldu\u011fumuz Azerbaycanl\u0131 karde\u015flerimizle de tek y&uuml;rek olmaya ve t&uuml;m imk&acirc;nlar\u0131m\u0131zla yanlar\u0131nda bulunmaya devam edece\u011fiz&#8221;<\/em><\/strong> ifadesini kullanm\u0131\u015ft\u0131.<\/span><\/p>\n<p style=\"margin-bottom: 0cm; text-align: justify; text-indent: 1cm; line-height: 16pt;\"><span style=\"font-size: 12pt; font-family: 'Arial', sans-serif;\">T&uuml;rk Silahl\u0131 Kuvvetleri&#8217;nin Irak&rsquo;\u0131n ve Suriye&rsquo;nin kuzeyinde, Mavi Vatan&rsquo;da ve onun semalar\u0131nda faaliyetlerinin yan\u0131 s\u0131ra BM, NATO, AB, AG\u0130T ve ikili anla\u015fmalar kapsam\u0131ndaki g&ouml;revlerini ba\u015far\u0131yla yerine getirdi\u011fini belirten Akar:<\/span><\/p>\n<p style=\"margin-bottom: 0cm; text-align: justify; text-indent: 1cm; line-height: 16pt;\"><strong><em><span style=\"font-size: 12pt; font-family: 'Arial', sans-serif;\">&#8220;Asil milletimizin ba\u011fr\u0131ndan &ccedil;\u0131kan TSK, ak\u0131l ve bilim \u0131\u015f\u0131\u011f\u0131nda, anayasa &ccedil;er&ccedil;evesinde, yasalar ve Say\u0131n Cumhurba\u015fkan\u0131m\u0131z\u0131n direktifleri do\u011frultusunda, s\u0131ral\u0131 amir ve komutanlar\u0131n emir ve komutas\u0131nda, milletinin emrinde, g&ouml;revinin ba\u015f\u0131ndad\u0131r. Bundan kimsenin \u015f&uuml;phesi olmas\u0131n. Peygamber oca\u011f\u0131 ordumuz asil T&uuml;rk milletinin sevgisi, g&uuml;veni ve duas\u0131ndan ald\u0131\u011f\u0131 g&uuml;&ccedil;le, g&ouml;revini &#8216;&ouml;l&uuml;rsem \u015fehit kal\u0131rsam gazi&#8217; anlay\u0131\u015f\u0131yla ciddiyet ve samimiyetle yerine getirmeye devam edecektir.&#8221;<\/span><\/em><\/strong><span style=\"font-size: 12pt; font-family: 'Arial', sans-serif;\"> diyerek s&ouml;zlerini, <\/span><strong><em><span style=\"font-size: 14pt; font-family: 'Arial', sans-serif;\">&#8220;Barbaros&rsquo;un torunlar\u0131 denizleriniz sakin, pruvan\u0131z neta, yolunuz, baht\u0131n\u0131z a&ccedil;\u0131k olsun!&#8221;<\/span><\/em><\/strong><span style=\"font-size: 14pt; font-family: 'Arial', sans-serif;\"> <\/span><span style=\"font-size: 12pt; font-family: 'Arial', sans-serif;\">\u015feklinde tamamlamas\u0131 ise anlaml\u0131yd\u0131!<\/span><\/p>\n<p style=\"margin-bottom: 0cm; text-align: justify; text-indent: 1cm; line-height: 16pt;\"><span style=\"font-size: 10pt; font-family: 'Arial', sans-serif;\"><\/span><\/p>\n<p>&nbsp;<\/p>\n<hr style=\"text-align: left;\" size=\"1\" width=\"33%\" \/>\n<p><a href=\"#ftnref1\" id=\"ftn1\" style=\"vertical-align: super;\">[1]<\/a><span style=\"font-size: 9pt; font-family: 'Arial', sans-serif;\"> H&uuml;rriyet \/ 5.3.2021<\/span><\/p>\n<p><a href=\"#ftnref2\" id=\"ftn2\" style=\"vertical-align: super;\">[2]<\/a><span style=\"font-size: 9pt; font-family: 'Arial', sans-serif;\"> Haber7.com \/ 06.03.2021<\/span><\/p>\n","protected":false},"excerpt":{"rendered":"<p>&nbsp; T&uuml;rkiye&rsquo;ye Yeni Ha&ccedil;l\u0131 Ku\u015fatmas\u0131: ABD-YUNAN TATB\u0130KATI VE PAPA&rsquo;NIN IRAK &Ccedil;IKARMASI &nbsp;&nbsp;&nbsp;&nbsp;&nbsp;&nbsp; ABD&rsquo;nin Bat\u0131 Trakya&rsquo;da ve T&uuml;rkiye s\u0131n\u0131r\u0131na 30 km yak\u0131nl\u0131ktaki Dedea\u011fa&ccedil; ovas\u0131nda ve &Ccedil;anakkale Bo\u011faz\u0131&rsquo;n\u0131n kar\u015f\u0131 k\u0131y\u0131lar\u0131nda &ccedil;ok b&uuml;y&uuml;k bir askeri tatbikata haz\u0131rlanmas\u0131&hellip; Ayn\u0131 s&uuml;re&ccedil;te Papa&rsquo;n\u0131n Irak&rsquo;a bir ziyaret yapmas\u0131 ve &ouml;zellikle \u015eii Lider Sistani ile bulu\u015fmas\u0131&hellip; Ard\u0131ndan Barzani K&uuml;rt y&ouml;netimiyle devlet protokol&uuml;yle irtibatlar\u0131, [&hellip;]<\/p>\n","protected":false},"author":1,"featured_media":0,"comment_status":"open","ping_status":"closed","sticky":false,"template":"","format":"standard","meta":{"footnotes":""},"categories":[249],"tags":[],"class_list":["post-6230","post","type-post","status-publish","format-standard","hentry","category-mayis-2021"],"_links":{"self":[{"href":"https:\/\/www.millicozum.com\/mc\/wp-json\/wp\/v2\/posts\/6230","targetHints":{"allow":["GET"]}}],"collection":[{"href":"https:\/\/www.millicozum.com\/mc\/wp-json\/wp\/v2\/posts"}],"about":[{"href":"https:\/\/www.millicozum.com\/mc\/wp-json\/wp\/v2\/types\/post"}],"author":[{"embeddable":true,"href":"https:\/\/www.millicozum.com\/mc\/wp-json\/wp\/v2\/users\/1"}],"replies":[{"embeddable":true,"href":"https:\/\/www.millicozum.com\/mc\/wp-json\/wp\/v2\/comments?post=6230"}],"version-history":[{"count":0,"href":"https:\/\/www.millicozum.com\/mc\/wp-json\/wp\/v2\/posts\/6230\/revisions"}],"wp:attachment":[{"href":"https:\/\/www.millicozum.com\/mc\/wp-json\/wp\/v2\/media?parent=6230"}],"wp:term":[{"taxonomy":"category","embeddable":true,"href":"https:\/\/www.millicozum.com\/mc\/wp-json\/wp\/v2\/categories?post=6230"},{"taxonomy":"post_tag","embeddable":true,"href":"https:\/\/www.millicozum.com\/mc\/wp-json\/wp\/v2\/tags?post=6230"}],"curies":[{"name":"wp","href":"https:\/\/api.w.org\/{rel}","templated":true}]}}