{"id":6270,"date":"2021-05-26T22:00:00","date_gmt":"2021-05-26T22:00:00","guid":{"rendered":"https:\/\/www.millicozum.com\/mc\/2021\/05\/26\/montronun-onemi-ve-yandaslarin-dumeni-2\/"},"modified":"2021-05-26T22:00:00","modified_gmt":"2021-05-26T22:00:00","slug":"montronun-onemi-ve-yandaslarin-dumeni-2","status":"publish","type":"post","link":"https:\/\/www.millicozum.com\/mc\/2021\/haziran-2021\/montronun-onemi-ve-yandaslarin-dumeni\/","title":{"rendered":"MONTR\u00d6\u2019N\u00dcN \u00d6NEM\u0130 VE YANDA\u015eLARIN D\u00dcMEN\u0130!"},"content":{"rendered":"\n<p>&nbsp;<\/p>\n<p style=\"margin-bottom: 0cm; text-align: center;\"><strong><span style=\"font-size: 17.5pt; font-family: 'Arial', sans-serif;\">MONTR&Ouml;&rsquo;N&Uuml;N &Ouml;NEM\u0130 VE YANDA\u015eLARIN D&Uuml;MEN\u0130!<\/span><\/strong><\/p>\n<p style=\"margin-bottom: 0cm; text-align: justify; text-indent: 1cm;\"><strong><span style=\"font-size: 20pt; font-family: 'Arial', sans-serif;\">&nbsp;&nbsp;&nbsp;&nbsp;&nbsp;&nbsp;&nbsp;&nbsp; <\/span><\/strong><\/p>\n<p style=\"margin-bottom: 0cm; text-align: justify; text-indent: 1cm; line-height: 16pt;\"><strong><span style=\"font-size: 12pt; font-family: 'Arial', sans-serif;\">&ldquo;Haftalard\u0131r, T&uuml;rkiye g&uuml;ndeminde Montr&ouml; vard\u0131. D&uuml;nyan\u0131n g&uuml;ndeminde de &uuml;st&uuml; &ouml;rt&uuml;l&uuml; Montr&ouml; vard\u0131. Bak\u0131n\u0131z NATO Genel Sekreteri&nbsp;Jens Stoltenberg telefonla, Ukrayna Cumhurba\u015fkan\u0131 Vladimir Zelenskiy ile g&ouml;r&uuml;\u015ferek, <em>&ldquo;NATO kararl\u0131 bir \u015fekilde Ukrayna&#8217;n\u0131n egemenlik ve toprak b&uuml;t&uuml;nl&uuml;\u011f&uuml;nden yanad\u0131r&rdquo;<\/em> diyerek k\u0131\u015fk\u0131rtm\u0131\u015ft\u0131.<\/span><\/strong><\/p>\n<p style=\"margin-bottom: 0cm; text-align: justify; text-indent: 1cm; line-height: 16pt;\"><strong><span style=\"font-size: 12pt; font-family: 'Arial', sans-serif;\">Ukrayna&#8217;n\u0131n, Rusya ile ya\u015fad\u0131\u011f\u0131 gerilim Karadeniz&#8217;i kar\u0131\u015ft\u0131rm\u0131\u015ft\u0131. Ukrayna&#8217;n\u0131n Karadeniz&#8217;de s\u0131n\u0131r uzunlu\u011fu 1.756 km, T&uuml;rkiye&#8217;nin ise Karadeniz&#8217;deki k\u0131y\u0131 uzunlu\u011fu 1.700&nbsp;km kadard\u0131. Cumhurba\u015fkan\u0131 Zelenskiy&nbsp;ile&nbsp;-alt\u0131 ay &ouml;nce Devlet Ni\u015fan\u0131 verdi\u011fi- Erdo\u011fan&#8217;\u0131n aras\u0131 &ccedil;ok iyi durumdayd\u0131. Zelenskiy, 2021 Nisan&rsquo;\u0131nda T&uuml;rkiye&#8217;ye u\u011fram\u0131\u015ft\u0131.<\/span><\/strong><\/p>\n<p style=\"margin-bottom: 0cm; text-align: justify; text-indent: 1cm; line-height: 16pt;\"><strong><span style=\"font-size: 12pt; font-family: 'Arial', sans-serif;\">-Erdo\u011fan, 2016&#8217;da Ukrayna ile&nbsp;ortak askeri ara&ccedil; ve silah &uuml;retimi&nbsp;konusunda anla\u015fm\u0131\u015ft\u0131.<\/span><\/strong><\/p>\n<p style=\"margin-bottom: 0cm; text-align: justify; text-indent: 1cm; line-height: 16pt;\"><strong><span style=\"font-size: 12pt; font-family: 'Arial', sans-serif;\">-Erdo\u011fan,&nbsp;askeri tedarik i&ccedil;in&nbsp;Ukrayna&#8217;ya 200 milyon lira mali destek sa\u011flam\u0131\u015ft\u0131.<\/span><\/strong><\/p>\n<p style=\"margin-bottom: 0cm; text-align: justify; text-indent: 1cm; line-height: 16pt;\"><strong><span style=\"font-size: 12pt; font-family: 'Arial', sans-serif;\">Erdo\u011fan, Ukrayna&#8217;n\u0131n NATO&#8217;ya girmesine de arka &ccedil;\u0131kmaktayd\u0131. Bu arada \u015funu hat\u0131rlatay\u0131m: NATO &uuml;yesi olmak isteyen G&uuml;rcistan&#8217;a kar\u015f\u0131 2008 y\u0131l\u0131nda askeri m&uuml;dahalede bulunarak engelleyen Rusya, halihaz\u0131rda Ukrayna&#8217;n\u0131n NATO &uuml;yeli\u011fine de hi&ccedil; olumlu yakla\u015fmamaktayd\u0131.<\/span><\/strong><\/p>\n<p style=\"margin-bottom: 0cm; text-align: justify; text-indent: 1cm; line-height: 16pt;\"><strong><span style=\"font-size: 12pt; font-family: 'Arial', sans-serif;\">Ayr\u0131ca G&uuml;rcistan&#8217;\u0131n da Karadeniz k\u0131y\u0131 uzunlu\u011fu&nbsp;322 km&hellip; Keza Rusya&#8217;n\u0131n ise Karadeniz&#8217;e k\u0131y\u0131s\u0131 421 km civar\u0131ndayd\u0131.<\/span><\/strong><\/p>\n<p style=\"margin-bottom: 0cm; text-align: justify; text-indent: 1cm; line-height: 16pt;\"><strong><span style=\"font-size: 12pt; font-family: 'Arial', sans-serif;\">Evet; T&uuml;rkiye, Rusya, Ukrayna ve G&uuml;rcistan,&nbsp;bu d&ouml;rt &uuml;lkenin&nbsp;Karadeniz&#8217;e k\u0131y\u0131s\u0131 vard\u0131. Bu nedenle haftalard\u0131r g&uuml;ndemimizden d&uuml;\u015fmeyen&nbsp;Montr&ouml; ile&nbsp;bu d&ouml;rt &uuml;lke de al&acirc;kadard\u0131. B&ouml;lgeye girmek isteyen ABD\/NATO da&nbsp;bu tart\u0131\u015fmalara yak\u0131ndan ilgi duymaktayd\u0131.<\/span><\/strong><\/p>\n<p style=\"margin-bottom: 0cm; text-align: justify; text-indent: 1cm; line-height: 16pt;\"><strong><span style=\"font-size: 12pt; font-family: 'Arial', sans-serif;\">Sovyetler Birli\u011fi&#8217;nin da\u011f\u0131lmas\u0131yla ABD, b&ouml;lgede renkli devrimleri k\u0131\u015fk\u0131rtm\u0131\u015ft\u0131. 2003 y\u0131l\u0131nda G&uuml;rcistan&#8217;da <em>&ldquo;G&uuml;l Devrimi&rdquo; <\/em>yapt\u0131rd\u0131<em>. <\/em>2004 y\u0131l\u0131nda Ukrayna&#8217;da <em>&ldquo;Turuncu Devrimi&rdquo; <\/em>yapt\u0131rm\u0131\u015ft\u0131<em>. <\/em>Putin&#8217;in iktidara geli\u015fiyle Rusya, b&ouml;lgede kaybetti\u011fi &uuml;lkeleri&nbsp;yeniden himayesine almaya ba\u015flam\u0131\u015ft\u0131. &Ccedil;at\u0131\u015fmalar, sava\u015flar, i\u015fgaller ya\u015fanm\u0131\u015ft\u0131 ve h&acirc;l&acirc; ya\u015fanmaktayd\u0131.<\/span><\/strong><\/p>\n<p style=\"margin-bottom: 0cm; text-align: justify; text-indent: 1cm; line-height: 16pt;\"><strong><span style=\"font-size: 12pt; font-family: 'Arial', sans-serif;\">ABD\/NATO, Ukrayna ve G&uuml;rcistan&#8217;a yard\u0131m etmek istiyorlard\u0131. Ama kar\u015f\u0131lar\u0131na Montr&ouml; Bo\u011fazlar S&ouml;zle\u015fmesi &ccedil;\u0131kmaktayd\u0131. &Ccedil;&uuml;nk&uuml; Montr&ouml; S&ouml;zle\u015fmesi&rsquo;ne g&ouml;re:&nbsp;<\/span><\/strong><strong><em><span style=\"font-size: 14pt; font-family: 'Arial', sans-serif;\">(&Ccedil;anakkale ve \u0130stanbul) Bo\u011fazlardan ge&ccedil;i\u015fte&nbsp;b&uuml;t&uuml;n yabanc\u0131 deniz kuvvetlerinin&nbsp;en y&uuml;ksek toplam tonaj\u0131 15 bin tonu a\u015fmayacakt\u0131&hellip;<\/span><\/em><\/strong><\/p>\n<p style=\"margin-bottom: 0cm; text-align: justify; text-indent: 1cm; line-height: 16pt;\"><strong><span style=\"font-size: 12pt; font-family: 'Arial', sans-serif;\">Yine Montr&ouml;&rsquo;ye g&ouml;re:<\/span><\/strong><span style=\"font-size: 12pt; font-family: 'Arial', sans-serif;\">&nbsp;<strong><em>Karadeniz&#8217;in en g&uuml;&ccedil;l&uuml; donanmas\u0131n\u0131n tonaj\u0131n\u0131 en az 10 bin ton a\u015farsa, di\u011fer k\u0131y\u0131da\u015f &uuml;lkelere Karadeniz donanmalar\u0131n\u0131n tonajlar\u0131n\u0131 en &ccedil;ok 45 bin tona var\u0131ncaya de\u011fin artt\u0131rma hakk\u0131 do\u011facakt\u0131.<\/em><\/strong><\/span><\/p>\n<p style=\"margin-bottom: 0cm; text-align: justify; text-indent: 1cm; line-height: 16pt;\"><strong><span style=\"font-size: 12pt; font-family: 'Arial', sans-serif;\">Ve yine Montr&ouml;&rsquo;ye g&ouml;re:&nbsp;<em>Karadeniz&#8217;de bulunmalar\u0131n\u0131n amac\u0131 ne olursa olsun,&nbsp;k\u0131y\u0131da\u015f olmayan devletlerin sava\u015f gemileri bu denizde yirmi bir g&uuml;nden&nbsp;&ccedil;ok kalamayacaklard\u0131&hellip;<\/em><\/span><\/strong><\/p>\n<p style=\"margin-bottom: 0cm; text-align: justify; text-indent: 1cm; line-height: 16pt;\"><strong><span style=\"font-size: 12pt; font-family: 'Arial', sans-serif;\">Evet g&ouml;r&uuml;l&uuml;yor ki Montr&ouml;,&nbsp;ABD\/NATO&#8217;nun G&uuml;rcistan ile Ukrayna&#8217;ya silah yard\u0131m\u0131 yapmas\u0131n\u0131n &ouml;n&uuml;nde engel olu\u015fturmaktayd\u0131. &Ouml;rne\u011fin: Rusya, 2008 y\u0131l\u0131nda G&uuml;rcistan topraklar\u0131na girince ABD, sava\u015f gemilerini&nbsp;insani yard\u0131m&nbsp;k\u0131l\u0131f\u0131nda Karadeniz&#8217;e sokmas\u0131 b&uuml;y&uuml;k kriz &ccedil;\u0131karm\u0131\u015ft\u0131. Bu <em>&ldquo;\u0130nsani yard\u0131m gemisi&rdquo;<\/em> denen,&nbsp;18 bin 400 tonajl\u0131&nbsp;Amerikan&nbsp;6. Filo&#8217;ya ait USS Mount Whitney adl\u0131 sava\u015f gemisi olmaktayd\u0131! Bu&nbsp;aldatma&nbsp;ortaya &ccedil;\u0131k\u0131nca T&uuml;rkiye k\u0131nanm\u0131\u015ft\u0131, ama Erdo\u011fan iktidar\u0131 sesini &ccedil;\u0131karmam\u0131\u015ft\u0131.<\/span><\/strong><\/p>\n<p style=\"margin-bottom: 0cm; text-align: justify; text-indent: 1cm; line-height: 16pt;\"><strong><span style=\"font-size: 14pt; font-family: 'Arial', sans-serif;\">Emekli Amirallerin&nbsp;yay\u0131nlad\u0131klar\u0131 a&ccedil;\u0131klaman\u0131n a\u011f\u0131rl\u0131k konusunu Montr&ouml;&nbsp;olu\u015fturmaktayd\u0131.<\/span><\/strong><\/p>\n<p style=\"margin-bottom: 0cm; text-align: justify; text-indent: 1cm; line-height: 16pt;\"><strong><em><span style=\"font-size: 12pt; font-family: 'Arial', sans-serif;\">-&ldquo;Montr&ouml; S&ouml;zle\u015fmesi&#8217;nin&nbsp;tart\u0131\u015fmaya a&ccedil;\u0131lmas\u0131&nbsp;endi\u015fe ile kar\u015f\u0131lanmaktad\u0131r.&rdquo;<\/span><\/em><\/strong><\/p>\n<p style=\"margin-bottom: 0cm; text-align: justify; text-indent: 1cm; line-height: 16pt;\"><strong><em><span style=\"font-size: 12pt; font-family: 'Arial', sans-serif;\">-&ldquo;Montr&ouml;,&nbsp;sadece T&uuml;rk Bo\u011fazlar\u0131ndan ge&ccedil;i\u015fi d&uuml;zenleyen bir s&ouml;zle\u015fme de\u011fil, T&uuml;rkiye&#8217;ye \u0130stanbul, &Ccedil;anakkale, Marmara Denizi ve Bo\u011fazlardaki&nbsp;tam egemenlik haklar\u0131n\u0131&nbsp;geri kazand\u0131ran, Lozan Bar\u0131\u015f Antla\u015fmas\u0131&#8217;n\u0131 tamamlayan b&uuml;y&uuml;k bir diplomasi zaferidir.&rdquo;<\/span><\/em><\/strong><\/p>\n<p style=\"margin-bottom: 0cm; text-align: justify; text-indent: 1cm; line-height: 16pt;\"><strong><em><span style=\"font-size: 12pt; font-family: 'Arial', sans-serif;\">-&ldquo;Montr&ouml;, Karadeniz&#8217;e k\u0131y\u0131da\u015f &uuml;lkelerin g&uuml;venli\u011finin temel belgesi olup Karadeniz&#8217;i bar\u0131\u015f denizi yapan s&ouml;zle\u015fmedir.&rdquo;<\/span><\/em><\/strong><\/p>\n<p style=\"margin-bottom: 0cm; text-align: justify; text-indent: 1cm; line-height: 16pt;\"><strong><em><span style=\"font-size: 12pt; font-family: 'Arial', sans-serif;\">-&ldquo;Montr&ouml;, T&uuml;rkiye&#8217;nin herhangi bir sava\u015fta, sava\u015fan taraflardan birinin yan\u0131nda istemeden sava\u015fa girmesini &ouml;nleyen&nbsp;bir s&ouml;zle\u015fmedir. \u0130kinci D&uuml;nya Sava\u015f\u0131&#8217;nda tarafs\u0131zl\u0131\u011f\u0131n\u0131 korumas\u0131na imk&acirc;n yaratm\u0131\u015ft\u0131r.&rdquo;<\/span><\/em><\/strong><\/p>\n<p style=\"margin-bottom: 0cm; text-align: justify; text-indent: 1cm; line-height: 16pt;\"><strong><em><span style=\"font-size: 12pt; font-family: 'Arial', sans-serif;\">-&ldquo;T&uuml;rkiye&#8217;nin bekas\u0131nda &ouml;nemli bir yer tutan Montr&ouml; S&ouml;zle\u015fmesi&#8217;nin tart\u0131\u015fma konusu yap\u0131lmas\u0131na\/masaya gelmesine neden olabilecek&nbsp;her t&uuml;rl&uuml; s&ouml;ylem ve eylemden ka&ccedil;\u0131n\u0131lmas\u0131&nbsp;gerekti\u011fi kanaatindeyiz&hellip;&rdquo; <\/span><\/em><\/strong><strong><span style=\"font-size: 12pt; font-family: 'Arial', sans-serif;\">gibi ifadeler yer alm\u0131\u015ft\u0131.<\/span><\/strong><\/p>\n<p style=\"margin-bottom: 0cm; text-align: justify; text-indent: 1cm; line-height: 16pt;\"><strong><em><span style=\"font-size: 12pt; font-family: 'Arial', sans-serif;\">&ldquo;Bu s&ouml;zlerde b&uuml;y&uuml;k&nbsp;f\u0131rt\u0131na &ccedil;\u0131kar\u0131lacak ne vard\u0131? Denizciler, Montr&ouml;&#8217;n&uuml;n T&uuml;rkiye i&ccedil;in ne derece hayati &ouml;nemde oldu\u011funu vurgulam\u0131\u015flard\u0131!&rdquo;<\/span><\/em><\/strong><span style=\"font-size: 12pt; font-family: 'Arial', sans-serif;\"> <strong>diye soran <\/strong><\/span><strong><span style=\"font-size: 14pt; font-family: 'Arial', sans-serif;\">Soner Yal&ccedil;\u0131n<\/span><\/strong><strong><span style=\"font-size: 12pt; font-family: 'Arial', sans-serif;\">&rsquo;a hat\u0131rlatmak laz\u0131md\u0131: Evet; emekli Amirallerin Montr&ouml;&rsquo;n&uuml;n, ABD ve NATO lehine ama T&uuml;rkiye&rsquo;nin aleyhine suland\u0131r\u0131lma &ccedil;abalar\u0131na vurgu yapmalar\u0131 hakl\u0131yd\u0131. Ancak bu hakl\u0131l\u0131klar\u0131n\u0131, tekke-takke hezeyan\u0131yla ve Atat&uuml;rk&ccedil;&uuml;l&uuml;k istismar\u0131yla bo\u015fa &ccedil;\u0131karm\u0131\u015flard\u0131 ve kendilerini haks\u0131z konuma ta\u015f\u0131m\u0131\u015flard\u0131&hellip; &Uuml;stelik o bildik muht\u0131ra tarz\u0131nda ve gece yar\u0131s\u0131nda yay\u0131nlayarak AKP&rsquo;ye malzeme sunmu\u015flard\u0131. Bunlar ya ahmakl\u0131k yapm\u0131\u015flard\u0131 veya Erdo\u011fan&rsquo;a yarayacak \u015fekilde kiralan\u0131p kurgulanm\u0131\u015flard\u0131!?<\/span><\/strong><\/p>\n<p style=\"margin-bottom: 0cm; text-align: justify; text-indent: 1cm; line-height: 16pt;\"><strong><span style=\"font-size: 14pt; font-family: 'Arial', sans-serif;\">Bu arada Sn. Amirallere de bir hat\u0131rlatma yapal\u0131m&hellip;<\/span><\/strong><\/p>\n<p style=\"margin-bottom: 0cm; text-align: justify; text-indent: 1cm; line-height: 16pt;\"><strong><span style=\"font-size: 12pt; font-family: 'Arial', sans-serif;\">T&uuml;rk denizcili\u011finin Piri <\/span><\/strong><strong><span style=\"font-size: 14pt; font-family: 'Arial', sans-serif;\">Barbaros Hayrettin Pa\u015fa <\/span><\/strong><strong><span style=\"font-size: 12pt; font-family: 'Arial', sans-serif;\">da sar\u0131kl\u0131yd\u0131!..<\/span><\/strong><\/p>\n<p style=\"margin-bottom: 0cm; text-align: justify; text-indent: 1cm; line-height: 16pt;\"><strong><span style=\"font-size: 12pt; font-family: 'Arial', sans-serif;\">Daha &ouml;nce, Akdeniz&rsquo;i a\u015f\u0131p \u0130spanya&rsquo;y\u0131 fetheden ve o bo\u011faza ismini veren <\/span><\/strong><strong><span style=\"font-size: 14pt; font-family: 'Arial', sans-serif;\">Tar\u0131k bin Ziyad <\/span><\/strong><strong><span style=\"font-size: 12pt; font-family: 'Arial', sans-serif;\">da sar\u0131kl\u0131yd\u0131!..<\/span><\/strong><\/p>\n<p style=\"margin-bottom: 0cm; text-align: justify; text-indent: 1cm; line-height: 16pt;\"><strong><span style=\"font-size: 12pt; font-family: 'Arial', sans-serif;\">Bug&uuml;nk&uuml; \u0130stanbul&rsquo;u ve bo\u011fazlar\u0131 bize kazand\u0131ran <\/span><\/strong><strong><span style=\"font-size: 14pt; font-family: 'Arial', sans-serif;\">Sultan Fatih <\/span><\/strong><strong><span style=\"font-size: 12pt; font-family: 'Arial', sans-serif;\">Hz.leri de sar\u0131kl\u0131yd\u0131!..<\/span><\/strong><\/p>\n<p style=\"margin-bottom: 0cm; text-align: justify; text-indent: 1cm; line-height: 16pt;\"><strong><span style=\"font-size: 12pt; font-family: 'Arial', sans-serif;\">Bundan as\u0131rlar &ouml;nce K\u0131br\u0131s, Akdeniz ve Ege &uuml;zerinden gemilerle \u0130stanbul Fethine gelen ve \u015fehit d&uuml;\u015ferek bug&uuml;n yatt\u0131\u011f\u0131 kutlu mahalle ismini veren b&uuml;y&uuml;k Sahabe <\/span><\/strong><strong><span style=\"font-size: 14pt; font-family: 'Arial', sans-serif;\">Eba Eyyub-el Ensari <\/span><\/strong><strong><span style=\"font-size: 12pt; font-family: 'Arial', sans-serif;\">Hz.leri de sar\u0131kl\u0131yd\u0131!..<\/span><\/strong><\/p>\n<p style=\"margin-bottom: 0cm; text-align: justify; text-indent: 1cm; line-height: 16pt;\"><strong><span style=\"font-size: 12pt; font-family: 'Arial', sans-serif;\">En son, Mustafa Kemal &ouml;nderli\u011findeki \u015fanl\u0131 Kurtulu\u015f Sava\u015f\u0131&rsquo;m\u0131zda bile, &ccedil;ok &ouml;nemli ve tarihi yararl\u0131l\u0131klar g&ouml;steren <\/span><\/strong><strong><em><span style=\"font-size: 14pt; font-family: 'Arial', sans-serif;\">Sar\u0131kl\u0131 M&uuml;cahitlerimizle<\/span><\/em><\/strong><span style=\"font-size: 14pt; font-family: 'Arial', sans-serif;\"> <\/span><strong><span style=\"font-size: 12pt; font-family: 'Arial', sans-serif;\">ilgili nice kitaplar yaz\u0131lm\u0131\u015ft\u0131!..<\/span><\/strong><\/p>\n<p style=\"margin-bottom: 0cm; text-align: justify; text-indent: 1cm; line-height: 16pt;\"><strong><span style=\"font-size: 12pt; font-family: 'Arial', sans-serif;\">Yoksa, &ccedil;ok &ouml;zel bir mek&acirc;nda ve gayet \u015fahsi ve manevi bir ortamda; ve bize g&ouml;re gereksiz bir fantezi merak\u0131yla ve riyak&acirc;rl\u0131kla &ccedil;ekilen bir <\/span><\/strong><strong><em><span style=\"font-size: 14pt; font-family: 'Arial', sans-serif;\">&ldquo;Sar\u0131kl\u0131 Amiral&rdquo;<\/span><\/em><\/strong><span style=\"font-size: 14pt; font-family: 'Arial', sans-serif;\"> <\/span><strong><span style=\"font-size: 12pt; font-family: 'Arial', sans-serif;\">foto\u011fraf\u0131 &uuml;zerinden ve c&uuml;bbe-tekke bahanesiyle Aziz Milletimizin birlik ve dirlik mayas\u0131 olan Y&uuml;ce \u0130slam&rsquo;a duyduklar\u0131 sinsi d&uuml;\u015fmanl\u0131klar\u0131n\u0131 m\u0131 kusmu\u015flard\u0131?<\/span><\/strong><\/p>\n<p style=\"margin-bottom: 0cm; text-align: justify; text-indent: 1cm; line-height: 16pt;\"><strong><span style=\"font-size: 12pt; font-family: 'Arial', sans-serif;\">Oysa sar\u0131k-c&uuml;bbe gibi, ya\u015fanan &ccedil;a\u011f\u0131n ve co\u011frafyan\u0131n ihtiya&ccedil;lar\u0131n\u0131 yans\u0131tan aksesuarlar, \u0130slam&rsquo;\u0131n \u015fart\u0131 ve esas\u0131 da say\u0131lmazlard\u0131. Bunlar <\/span><\/strong><strong><em><span style=\"font-size: 14pt; font-family: 'Arial', sans-serif;\">&ldquo;&Ouml;rfi S&uuml;nnet&rdquo;<\/span><\/em><\/strong><span style=\"font-size: 14pt; font-family: 'Arial', sans-serif;\"> <\/span><strong><span style=\"font-size: 12pt; font-family: 'Arial', sans-serif;\">cinsinden birtak\u0131m &acirc;det ve geleneklerin icab\u0131yd\u0131.<\/span><\/strong><\/p>\n<p style=\"margin-bottom: 0cm; text-align: justify; text-indent: 1cm; line-height: 16pt;\"><strong><span style=\"font-size: 12pt; font-family: 'Arial', sans-serif;\">Tabii ki, e\u011fer&nbsp;bir ka\u015f\u0131k suda f\u0131rt\u0131na&nbsp;estiriliyor ise as\u0131l bunun &uuml;zerinde durmak laz\u0131md\u0131. Montr&ouml;&#8217;y&uuml; savunmak antiemperyalist bir tav\u0131rd\u0131; ABD\/NATO kar\u015f\u0131tl\u0131\u011f\u0131yd\u0131. Evet ABD\/NATO, Montr&ouml; S&ouml;zle\u015fmesi&#8217;ni yok etmek i&ccedil;in f\u0131rsat kollamaktayd\u0131. Denizcilerin Montr&ouml; &ccedil;\u0131k\u0131\u015f\u0131 hakl\u0131 olsa da, &ccedil;\u0131k\u0131\u015f tarzlar\u0131 ve dolayl\u0131 bi&ccedil;imde \u0130slam alerjilerini kusmalar\u0131 yanl\u0131\u015ft\u0131, yak\u0131\u015f\u0131ks\u0131zd\u0131.<\/span><\/strong><\/p>\n<p style=\"margin-bottom: 0cm; text-align: justify; text-indent: 1cm; line-height: 16pt;\"><strong><span style=\"font-size: 12pt; font-family: 'Arial', sans-serif;\">Sn. Erdo\u011fan&rsquo;\u0131n: <em>&ldquo;Montr&ouml; S&ouml;zle\u015fmesi&#8217;nden &ccedil;\u0131kmakla ilgili halihaz\u0131rda ne bir &ccedil;al\u0131\u015fmam\u0131z ne de b&ouml;yle bir niyetimiz vard\u0131r.&nbsp;Ama gelecekte bu ihtiya&ccedil; ortaya &ccedil;\u0131karsa, &uuml;lkemizi daha iyisine kavu\u015fturmak &uuml;zere her s&ouml;zle\u015fmeyi g&ouml;zden ge&ccedil;irmekten de &ccedil;ekinmeyiz&hellip;&rdquo;<\/em> savunmas\u0131 da sinsi mesajlar ta\u015f\u0131maktayd\u0131.<\/span><\/strong><\/p>\n<p style=\"margin-bottom: 0cm; text-align: justify; text-indent: 1cm; line-height: 16pt;\"><strong><span style=\"font-size: 12pt; font-family: 'Arial', sans-serif;\">Acaba&hellip; <\/span><\/strong><strong><em><span style=\"font-size: 14pt; font-family: 'Arial', sans-serif;\">&ldquo;Yap \u0130\u015flet Devret&rdquo;<\/span><\/em><\/strong><span style=\"font-size: 14pt; font-family: 'Arial', sans-serif;\"> <\/span><strong><span style=\"font-size: 12pt; font-family: 'Arial', sans-serif;\">modeliyle yapt\u0131r\u0131laca\u011f\u0131n\u0131 Sn. Erdo\u011fan&rsquo;\u0131n a&ccedil;\u0131klad\u0131\u011f\u0131 KANAL \u0130STANBUL&rsquo;u, y\u0131llar boyu i\u015fletecek olan yabanc\u0131 firmalar ve yerli ortaklar\u0131yla imzalanan anla\u015fmaya; &Ccedil;anakkale ve \u0130stanbul Bo\u011faz\u0131&#8217;ndan ge&ccedil;meleri yasaklanan 15 bin tonaj\u0131 a\u015fan ABD ve NATO &uuml;lkeleri sava\u015f gemilerinin, para kar\u015f\u0131l\u0131\u011f\u0131 Kanal \u0130stanbul&rsquo;dan ge&ccedil;ip Karadeniz&rsquo;e kolayl\u0131kla ula\u015fmalar\u0131na ve b&ouml;ylece Montr&ouml;&rsquo;n&uuml;n Rusya aleyhine delinmi\u015f olmas\u0131na izin veren &ouml;zel k\u0131l\u0131fl\u0131 maddeleri mi yaz\u0131lacakt\u0131? Bu durumda T&uuml;rkiye Rusya&rsquo;n\u0131n sald\u0131r\u0131s\u0131na maruz mu b\u0131rak\u0131lacakt\u0131? Tarih boyunca Ha&ccedil;l\u0131 Avrupa&rsquo;n\u0131n ve Amerika&rsquo;n\u0131n d&uuml;\u015fmanl\u0131\u011f\u0131ndan ve entrikalar\u0131ndan kurtulamam\u0131\u015f olan T&uuml;rkiye&rsquo;yi, \u015fahsi ikbal ve ihtiraslar\u0131 u\u011fruna b&ouml;yle bir maceraya s&uuml;r&uuml;kleyenlere f\u0131rsat tan\u0131nacak m\u0131yd\u0131?<\/span><\/strong><\/p>\n<p style=\"margin-bottom: 0cm; text-align: justify; text-indent: 1cm; line-height: 16pt;\"><strong><span style=\"font-size: 14pt; font-family: 'Arial', sans-serif;\">&Ouml;nemli Yorumlar ve Yakla\u015f\u0131mlar!<\/span><\/strong><\/p>\n<p style=\"margin-bottom: 0cm; text-align: justify; text-indent: 1cm; line-height: 16pt;\"><strong><em><span style=\"font-size: 12pt; font-family: 'Arial', sans-serif;\">&ldquo;T&uuml;rkiye&rsquo;nin iktidar sorununun a\u011f\u0131rl\u0131\u011f\u0131 ve yak\u0131c\u0131l\u0131\u011f\u0131 kadar bir b&uuml;t&uuml;n olarak muhalefet sorunumuz vard\u0131r. &lsquo;K\u0131rk kat\u0131rla k\u0131rk sat\u0131r aras\u0131nda, &ouml;rsle &ccedil;eki&ccedil; aras\u0131nda s\u0131k\u0131\u015fm\u0131\u015f vaziyetteyiz&rsquo;.&nbsp;Yere sa\u011flam basan bir siyasi projeyi halk\u0131n &ouml;n&uuml;ne koyam\u0131yorlar. B&ouml;l&uuml;k p&ouml;r&ccedil;&uuml;k, yalan yanl\u0131\u015f laflar, bo\u015f bir ele\u015ftiriler manzumesi. Sen nas\u0131l d&uuml;zelteceksin? &Ccedil;&ouml;z&uuml;m&uuml;n ne? O belli de\u011fil i\u015fte. Halk b\u0131kk\u0131n ve bitkin ama sal\u0131 konu\u015fmalar\u0131na bak\u0131p benim gibi &uuml;rperiyor. Devlet y&ouml;netme sorumlulu\u011funa talip olan kadrolar\u0131n s&ouml;ylemlerinin muhtevas\u0131na bir bak\u0131n Allah a\u015fk\u0131na! &nbsp;Bir tane &ccedil;&ouml;z&uuml;m ve proje var m\u0131? Hay\u0131r! Sadece sen niye b&ouml;yle yapt\u0131n? <\/span><\/em><\/strong><strong><span style=\"font-size: 12pt; font-family: 'Arial', sans-serif;\">diye &ccedil;\u0131k\u0131\u015fmalar\u0131 siyaset san\u0131yorlar. <em>Gelin Millet \u0130ttifak\u0131 olarak en geni\u015f \u015femsiyeyi a&ccedil;\u0131n,&nbsp;ortaya bir ilkeler ve &ouml;ncelikler, de\u011ferler manzumesi gibi bir&nbsp;&lsquo;milli mutabakat metni&rsquo;&nbsp;&ccedil;\u0131kar\u0131n. Sa\u011fdan soldan ayd\u0131nlar bir etik konsey gibi bu mutabakat\u0131 g&ouml;zetleyip uyar\u0131lar yaps\u0131n. Bunlar sizin millete taahh&uuml;d&uuml;n&uuml;z olsun. &Ccedil;&ouml;z&uuml;m&uuml;n&uuml;z&uuml; haz\u0131rlay\u0131n ve savunmaya ba\u015flay\u0131n. Sizin ve kadrolar\u0131n\u0131z\u0131n, fikir ve d&uuml;\u015f&uuml;nce k\u0131s\u0131rl\u0131\u011f\u0131n\u0131, &uuml;retimsizli\u011finin g&uuml;nah\u0131n\u0131 milyonlarca yurtta\u015fa y&uuml;klemeye kalk\u0131\u015fmay\u0131n. Aksi halde tarih &ouml;n&uuml;nde hesab\u0131n\u0131 veremezsiniz!&rdquo; <\/em>diyen Prof. Kemal &Uuml;&ccedil;&uuml;nc&uuml; hakl\u0131yd\u0131. Ancak onun gibilerden beklenen, bu Milli Mutabakat metnini ve ger&ccedil;ek&ccedil;i &ccedil;&ouml;z&uuml;m &ouml;nerilerini kendilerinin ortaya koymalar\u0131yd\u0131. En az\u0131ndan bu konuda ciddi, ilmi ve Milli projeler ortaya koyan Milli &Ccedil;&ouml;z&uuml;m&rsquo;e destek &ccedil;\u0131kmalar\u0131yd\u0131.<\/span><\/strong><\/p>\n<p style=\"margin-bottom: 0cm; text-align: justify; text-indent: 1cm; line-height: 16pt;\"><strong><span style=\"font-size: 12pt; font-family: 'Arial', sans-serif;\">Bak\u0131n\u0131z; son Montr&ouml; tart\u0131\u015fmalar\u0131yla ilgili derin bir provokasyonla kar\u015f\u0131 kar\u015f\u0131yay\u0131z. Okumad\u0131\u011f\u0131m\u0131z, ara\u015ft\u0131rmad\u0131\u011f\u0131m\u0131z i&ccedil;in bilmiyoruz. Size ABD politikalar\u0131na y&ouml;n veren en prestijli ara\u015ft\u0131rma enstit&uuml;s&uuml; Stratfor&rsquo;un &lsquo;Gelecek 10 y\u0131l 2015-2025&rsquo;&nbsp;raporundan aktar\u0131yorum:<\/span><\/strong><\/p>\n<p style=\"margin-bottom: 0cm; text-align: justify; text-indent: 1cm; line-height: 16pt;\"><strong><em><span style=\"font-size: 12pt; font-family: 'Arial', sans-serif;\">&ldquo;&Ouml;n&uuml;m&uuml;zdeki birka&ccedil; y\u0131l Rusya&rsquo;n\u0131n Ukrayna &uuml;zerindeki mevcut &ccedil;at\u0131\u015fmas\u0131 uluslararas\u0131 sistemin merkezindeki en &ouml;nemli &ouml;\u011fe olarak kalacak, ama bu 10 y\u0131ll\u0131k s&uuml;rede Rusya Federasyonu&rsquo;nun mevcut durumu koruyabilece\u011fini sanm\u0131yoruz. Enerji ihracat\u0131na a\u015f\u0131r\u0131 ba\u011f\u0131ml\u0131l\u0131k ve fiyatland\u0131rma beklentilerine g&uuml;vensizlik Moskova&rsquo;n\u0131n geni\u015f Rusya Federasyonu ku\u015fa\u011f\u0131ndaki kurumsal ili\u015fkilerini devam ettirmesini imk&acirc;ns\u0131z k\u0131l\u0131yor. Moskova&rsquo;n\u0131n otoritesinin ciddi bir \u015fekilde zay\u0131flamas\u0131n\u0131n,&nbsp;Rusya&rsquo;y\u0131 resmi ve gayri resmi olarak da\u011f\u0131lmaya s&uuml;r&uuml;kleyece\u011fini &ouml;ng&ouml;r&uuml;yoruz. Bu durum 10 y\u0131l i&ccedil;inde h\u0131zlan\u0131rsa, Rusya&rsquo;n\u0131n n&uuml;kleer silahlar\u0131n\u0131n g&uuml;venli\u011fi &ouml;nemli bir kayg\u0131 konusu olacakt\u0131r.&rdquo;<\/span><\/em><\/strong><\/p>\n<p style=\"margin-bottom: 0cm; text-align: justify; text-indent: 1cm; line-height: 16pt;\"><strong><em><span style=\"font-size: 12pt; font-family: 'Arial', sans-serif;\">Bu durum &ouml;n&uuml;m&uuml;zdeki 10 y\u0131l\u0131n en b&uuml;y&uuml;k krizini olu\u015fturacakt\u0131r. Rusya b&uuml;t&uuml;n hinterland\u0131na yay\u0131lan b&uuml;y&uuml;k bir n&uuml;kleer g&uuml;&ccedil; konumundad\u0131r. Moskova&rsquo;n\u0131n g&uuml;c&uuml;n&uuml;n azalmas\u0131 ise; &ldquo;Bu f&uuml;zeleri kim kontrol&uuml;ne alacak? Kullan\u0131lmamas\u0131 nas\u0131l sa\u011flanacak?&rdquo; sorular\u0131n\u0131 ortaya &ccedil;\u0131karacakt\u0131r. Bu, Amerika i&ccedil;in b&uuml;y&uuml;k bir s\u0131nav olacakt\u0131r. Washington bu meseleye &ccedil;&ouml;z&uuml;m sunabilecek tek g&uuml;&ccedil; durumundad\u0131r ama &ccedil;ok say\u0131daki askeri sahalar\u0131 elinde tutmas\u0131 ve hi&ccedil;bir f&uuml;zenin ate\u015flenmeyece\u011fini garanti alt\u0131na almas\u0131 m&uuml;mk&uuml;n olmayacakt\u0131r. Amerika ya hen&uuml;z tasavvur edemedi\u011fimiz bir askeri &ccedil;&ouml;z&uuml;m ortaya koymak zorunda kalacak ve f&uuml;zelerin ate\u015flenme riskini g&ouml;ze alacak ya da zaman i&ccedil;erisinde f&uuml;zeleri etkisiz hale getirmek i&ccedil;in istikrarl\u0131 ve ekonomik olarak s&uuml;rd&uuml;r&uuml;lebilir h&uuml;k&uuml;metler olu\u015fturmaya &ccedil;al\u0131\u015facakt\u0131r. Bu sorunun neler do\u011furabilece\u011fini tasavvur etmek zordur. Ama, b&uuml;y&uuml;k ihtimalle &ldquo;&ouml;n&uuml;m&uuml;zdeki 10 y\u0131l i&ccedil;inde Rusya&rsquo;n\u0131n par&ccedil;alanaca\u011f\u0131 yolunda &ouml;ng&ouml;r&uuml;m&uuml;z&rdquo; g&ouml;z &ouml;n&uuml;nde bulunduruldu\u011funda, bu soruna bir &ccedil;&ouml;z&uuml;m bulunmas\u0131 \u015fartt\u0131r. Bu 10 y\u0131l\u0131n ilk yar\u0131s\u0131ndaki soru Balt\u0131k ve Karadeniz aras\u0131ndaki ittifak\u0131n nereye kadar uzanaca\u011f\u0131 olacakt\u0131r. Mant\u0131ken Azerbaycan ve Hazar Denizi&rsquo;ne kadar uzanmas\u0131 laz\u0131md\u0131r. Uzan\u0131p uzanmayaca\u011f\u0131 bizim &ldquo;Orta Do\u011fu ve T&uuml;rkiye ile ilgili &ouml;ng&ouml;r&uuml;lerimize ba\u011fl\u0131d\u0131r.&rdquo;<\/span><\/em><\/strong><em><\/em><\/p>\n<p style=\"margin-bottom: 0cm; text-align: justify; text-indent: 1cm; line-height: 16pt;\"><strong><span style=\"font-size: 12pt; font-family: 'Arial', sans-serif;\">Evet, ABD Rusya&rsquo;n\u0131n gelecek 10 y\u0131lda par&ccedil;alanmas\u0131 hesaplar\u0131 yapmaktayd\u0131. T&uuml;rkiye ise bu operasyonun &ouml;nc&uuml; cephe &uuml;lkesi olarak haz\u0131rlanmaktayd\u0131. Tehlikenin fark\u0131nda m\u0131s\u0131n\u0131z?<\/span><\/strong><\/p>\n<p style=\"margin-bottom: 0cm; text-align: justify; text-indent: 1cm; line-height: 16pt;\"><strong><span style=\"font-size: 12pt; font-family: 'Arial', sans-serif;\">&Ccedil;&uuml;nk&uuml; Rusya askeri savunma stratejisinde; T&uuml;rkiye&rsquo;nin bulundu\u011fu g&uuml;ney b&ouml;lgesi Rusya askeri savunmas\u0131n\u0131n en zay\u0131f noktas\u0131yd\u0131. Rusya en b&uuml;y&uuml;k askeri tehdidi buradan alg\u0131lamaktad\u0131r. Bu alandan kendisine y&ouml;nelecek bir ABD tehdidine kar\u015f\u0131 ne denli \u015fiddetle mukabele edebilece\u011fini art\u0131k anlamak laz\u0131md\u0131. 2. D&uuml;nya Sava\u015f\u0131&rsquo;nda taraf olmad\u0131\u011f\u0131m\u0131z ve Montr&ouml;&rsquo;ye ba\u011fl\u0131 kald\u0131\u011f\u0131m\u0131z i&ccedil;in b&uuml;y&uuml;k bir y\u0131k\u0131mdan uzak kalm\u0131\u015ft\u0131k. Bu politika do\u011fru bir hesaba dayanm\u0131\u015ft\u0131.&rdquo; yorumlar\u0131n\u0131 ve uyar\u0131lar\u0131n\u0131 da mutlaka ciddiye almak gerekti\u011fi a&ccedil;\u0131kt\u0131. <\/span><\/strong><\/p>\n<p style=\"margin-bottom: 0cm; text-align: justify; text-indent: 1cm; line-height: 16pt;\"><strong><span style=\"font-size: 14pt; font-family: 'Arial', sans-serif;\">ABD; &ldquo;Ukrayna&#8217;n\u0131n yan\u0131nday\u0131z&rdquo; diyerek Rusya&rsquo;y\u0131 k\u0131\u015fk\u0131rtmaktayd\u0131!<\/span><\/strong><\/p>\n<p style=\"margin-bottom: 0cm; text-align: justify; text-indent: 1cm; line-height: 16pt;\"><strong><span style=\"font-size: 12pt; font-family: 'Arial', sans-serif;\">ABD D\u0131\u015fi\u015fleri Bakanl\u0131\u011f\u0131 S&ouml;zc&uuml;s&uuml; Ned Price, Rusya-Ukrayna s\u0131n\u0131r\u0131ndaki askeri hareketlilikle ilgili ya\u015fanan gerilimde Ukrayna&rsquo;n\u0131n yan\u0131nda olduklar\u0131n\u0131 a&ccedil;\u0131klam\u0131\u015ft\u0131. G&uuml;nl&uuml;k bas\u0131n toplant\u0131s\u0131nda Rusya&rsquo;n\u0131n son zamanlarda Ukrayna&rsquo;n\u0131n do\u011fu s\u0131n\u0131r\u0131nda ger&ccedil;ekle\u015ftirdi\u011fi askeri hareketlili\u011fe de\u011finen Price, <\/span><\/strong><strong><em><span style=\"font-size: 14pt; font-family: 'Arial', sans-serif;\">&#8220;Rusya&rsquo;n\u0131n, Ukrayna s\u0131n\u0131r\u0131na do\u011fru ve i\u015fgal alt\u0131ndaki K\u0131r\u0131m&rsquo;da birliklerini hareket ettirdi\u011fine dair g&uuml;venilir raporlar dahil do\u011fu Ukrayna&rsquo;da son zamanlarda artan gerilim konusunda kayg\u0131l\u0131y\u0131z.&#8221;<\/span><\/em><\/strong><strong><span style=\"font-size: 12pt; font-family: 'Arial', sans-serif;\"> ifadelerini kullanm\u0131\u015ft\u0131.<\/span><\/strong><\/p>\n<p style=\"margin-bottom: 0cm; text-align: justify; text-indent: 1cm; line-height: 16pt;\"><strong><span style=\"font-size: 14pt; font-family: 'Arial', sans-serif;\">Ukrayna-Rusya s\u0131n\u0131r\u0131nda gerginlik giderek artmaktayd\u0131.<\/span><\/strong><\/p>\n<p style=\"margin-bottom: 0cm; text-align: justify; text-indent: 1cm; line-height: 16pt;\"><strong><span style=\"font-size: 12pt; font-family: 'Arial', sans-serif;\">Ukrayna Genelkurmay Ba\u015fkan\u0131 Ruslan Hom&ccedil;ak, 30 Mart&#8217;ta mecliste yapt\u0131\u011f\u0131 konu\u015fmada, Rus Silahl\u0131 Kuvvetlerinin askeri tatbikat bahanesiyle Ukrayna s\u0131n\u0131rlar\u0131 yak\u0131nlar\u0131na birlik sevkiyat\u0131 yapt\u0131\u011f\u0131n\u0131 a&ccedil;\u0131klam\u0131\u015ft\u0131. Kremlin S&ouml;zc&uuml;s&uuml; Dmitriy Peskov da Rusya&#8217;n\u0131n kendi topraklar\u0131 i&ccedil;inde silahl\u0131 kuvvetlerini kendi takdirine ba\u011fl\u0131 olarak hareket ettirdi\u011fini ve bunun hi&ccedil; kimse i&ccedil;in tehdit i&ccedil;ermedi\u011fini s&ouml;ylemek zorunda kalm\u0131\u015ft\u0131. Ukrayna&#8217;n\u0131n do\u011fusundaki Donbas b&ouml;lgesinde, s&ouml;zde ba\u011f\u0131ms\u0131zl\u0131\u011f\u0131n\u0131 ilan eden Rusya yanl\u0131s\u0131 ayr\u0131l\u0131k&ccedil;\u0131larla Kiev y&ouml;netimi aras\u0131nda 2014&#8217;ten bu yana &ccedil;at\u0131\u015fmalar ya\u015fanmaktayd\u0131. Bu &ccedil;at\u0131\u015fmalarda 13 binden fazla ki\u015finin hayat\u0131n\u0131 kaybetti\u011fi konu\u015fulmaktayd\u0131. Yani Karadeniz&rsquo;in kar\u015f\u0131 k\u0131y\u0131s\u0131nda ve yan\u0131 ba\u015f\u0131m\u0131zda yeni bir sava\u015f haz\u0131rl\u0131\u011f\u0131 yap\u0131lmaktayd\u0131.<\/span><\/strong><\/p>\n<p style=\"margin-bottom: 0cm; text-align: justify; text-indent: 1cm; line-height: 16pt;\"><strong><span style=\"font-size: 14pt; font-family: 'Arial', sans-serif;\">Ahmakl\u0131\u011f\u0131n Daniskas\u0131 ve Yanda\u015flar\u0131n &Ccedil;aps\u0131zl\u0131\u011f\u0131!<\/span><\/strong><\/p>\n<p style=\"margin-bottom: 0cm; text-align: justify; text-indent: 1cm; line-height: 16pt;\"><strong><span style=\"font-size: 14pt; font-family: 'Arial', sans-serif;\">S&ouml;zde Siyasal \u0130slamc\u0131 &ccedil;izginin fikir adamlar\u0131ndan Mustafa Arma\u011fan bak\u0131n\u0131z neler yumurtlam\u0131\u015ft\u0131:<\/span><\/strong><\/p>\n<p style=\"margin-bottom: 0cm; text-align: justify; text-indent: 1cm; line-height: 16pt;\"><strong><em><span style=\"font-size: 12pt; font-family: 'Arial', sans-serif;\">&#8220;Emekli amiraller Montr&ouml;&#8217;y&uuml; de okumam\u0131\u015f. Madde 28&#8217;e g&ouml;re bal gibi feshedilir. &Ouml;yle mant\u0131ks\u0131z bir s&ouml;zle\u015fme ki, tadilini zorla\u015ft\u0131r\u0131yor ama feshine kap\u0131y\u0131 sonuna kadar a&ccedil;\u0131yor.<\/span><\/em><\/strong><span style=\"font-family: 'Arial', sans-serif;\"> <\/span><strong><span style=\"font-size: 12pt; font-family: 'Arial', sans-serif;\">Madde 28&rsquo;e g&ouml;re; <em>20 y\u0131l dolunca taraflardan biri FES\u0130H \u0130HBARNAMES\u0130 g&ouml;nderirse 2 y\u0131l i&ccedil;inde fesholunacakt\u0131r&rdquo;<\/em><\/span><\/strong><span style=\"font-size: 12pt; font-family: 'Arial', sans-serif;\"> <strong>diyen yanda\u015f yalaka Mustafa Arma\u011fan: <em>&ldquo;T&uuml;rkiye Cumhuriyeti de Montr&ouml; S&ouml;zle\u015fmesi&rsquo;nde Akit (imzac\u0131) devletlerden biri olarak 28. maddeye binaen Montr&ouml;&#8217;n&uuml;n feshini istedi\u011fine dair ihbarnameyi Fransa&#8217;ya g&ouml;nderecek ve Montr&ouml;&#8217;n&uuml;n fesih s&uuml;reci ba\u015flayacakt\u0131r. Bu kadar &ouml;n&uuml;nde bir engel yok. Yeter ki &ccedil;\u0131kar\u0131m\u0131za olsun. Topunuz Gelin.&#8221;<\/em><\/strong> <strong>\u015feklinde horozlanmaktad\u0131r.<\/strong><\/span><\/p>\n<p style=\"margin-bottom: 0cm; text-align: justify; text-indent: 1cm; line-height: 16pt;\"><strong><span style=\"font-size: 12pt; font-family: 'Arial', sans-serif;\">Oysa;<\/span><\/strong><span style=\"font-size: 12pt; font-family: 'Arial', sans-serif;\"> <strong>Say\u0131n Cumhurba\u015fkan\u0131&rsquo;n\u0131n ba\u015fkanl\u0131\u011f\u0131nda yap\u0131lan 29 Mart 2017 tarihli MGK toplant\u0131s\u0131nda al\u0131nan kararda,<em> <\/em><\/strong><\/span><strong><em><span style=\"font-size: 14pt; font-family: 'Arial', sans-serif;\">&ldquo;Karadeniz&rsquo;in g&uuml;venli\u011finin teminat\u0131 kapsam\u0131nda, Montr&ouml; S&ouml;zle\u015fmesi&rsquo;nden do\u011fan hak ve menfaatlerimizi, b&ouml;lgesel sahiplik ilkesi do\u011frultusunda her platformda savunmaya devam edece\u011fimiz bir kez daha teyit edilmi\u015ftir&rdquo; <\/span><\/em><\/strong><strong><span style=\"font-size: 12pt; font-family: 'Arial', sans-serif;\">s&ouml;zleriyle milli politikan\u0131n esaslar\u0131na vurgu yap\u0131lm\u0131\u015ft\u0131.<\/span><\/strong><\/p>\n<p style=\"margin-bottom: 0cm; text-align: justify; text-indent: 1cm; line-height: 16pt;\"><strong><span style=\"font-size: 14pt; font-family: 'Arial', sans-serif;\">Yani baz\u0131 B&uuml;y&uuml;kel&ccedil;ilerin ve amirallerin vurgulad\u0131klar\u0131yla ayn\u0131 muhtevaya sahip isabetli bir karard\u0131. Yanl\u0131\u015f ve yarars\u0131z olan; o bildiride, gereksiz Atat&uuml;rk istismarc\u0131l\u0131\u011f\u0131n\u0131n ve gericilik safsatas\u0131n\u0131n &ouml;ne &ccedil;\u0131kar\u0131lmas\u0131yd\u0131.<\/span><\/strong><\/p>\n<p style=\"margin-bottom: 0cm; text-align: justify; text-indent: 1cm; line-height: 16pt;\"><strong><span style=\"font-size: 14pt; font-family: 'Arial', sans-serif;\">Almanya Bilim ve Politika Vakf\u0131&rsquo;n\u0131n (SWP) Raporunda Do\u011frularla Yanl\u0131\u015flar\u0131n Harmanlamas\u0131<\/span><\/strong><\/p>\n<p style=\"margin-bottom: 0cm; text-align: justify; text-indent: 1cm; line-height: 16pt;\"><strong><span style=\"font-size: 12pt; font-family: 'Arial', sans-serif;\">Almanya&#8217;da &ouml;nemli d&uuml;\u015f&uuml;nce kurulu\u015flar\u0131ndan olan Bilim ve Politika Vakf\u0131 (SWP), yeni raporunda T&uuml;rkiye&#8217;deki Cumhurba\u015fkanl\u0131\u011f\u0131 H&uuml;k&uuml;met Sistemini mercek alt\u0131na alm\u0131\u015ft\u0131. 2018&#8217;de y&uuml;r&uuml;rl&uuml;\u011fe giren &#8220;T&uuml;rk tipi Cumhurba\u015fkanl\u0131\u011f\u0131&#8221; sisteminin, siyasette ve devletin i\u015fleyi\u015finde yol a&ccedil;t\u0131\u011f\u0131 de\u011fi\u015fimin incelendi\u011fi ara\u015ft\u0131rmada, &ccedil;arp\u0131c\u0131 tespitler yer alm\u0131\u015ft\u0131. Sinem Adar ile G&uuml;nter Seufert taraf\u0131ndan kaleme al\u0131nan ve yeni h&uuml;k&uuml;met sisteminin iki bu&ccedil;uk y\u0131ll\u0131k bilan&ccedil;osunu g&ouml;zler &ouml;n&uuml;ne seren raporda, 2021 y\u0131l\u0131n\u0131n T&uuml;rkiye&#8217;si \u015fu tespitlerle anlat\u0131lmaktayd\u0131:&nbsp;<\/span><\/strong><\/p>\n<p style=\"margin-bottom: 0cm; text-align: justify; text-indent: 1cm; line-height: 16pt;\"><strong><span style=\"font-size: 14pt; font-family: 'Arial', sans-serif;\">&#8220;Art\u0131k meclis daha g&uuml;&ccedil;s&uuml;z konumdad\u0131r, g&uuml;&ccedil;ler ayr\u0131l\u0131\u011f\u0131 baltalanm\u0131\u015f durumdad\u0131r,&nbsp;yarg\u0131 siyasalla\u015fm\u0131\u015ft\u0131r. Kurumlar felce u\u011frat\u0131lm\u0131\u015ft\u0131r, ekonomik s\u0131k\u0131nt\u0131lar artmaktad\u0131r ve otoriter pratikler uygulanmaktad\u0131r&#8230;&#8221;<\/span><\/strong><\/p>\n<p style=\"margin-bottom: 0cm; text-align: justify; text-indent: 1cm; line-height: 16pt;\"><strong><span style=\"font-size: 12pt; font-family: 'Arial', sans-serif;\">42 sayfal\u0131k raporda, yasama, y&uuml;r&uuml;tme ve yarg\u0131 alan\u0131nda ya\u015fanan son geli\u015fmeler ele al\u0131nm\u0131\u015ft\u0131, T&uuml;rkiye&#8217;de demokrasi ve temel haklar alan\u0131ndaki gerilemelere vurgu yap\u0131lmaktayd\u0131.&nbsp;DW T&uuml;rk&ccedil;e&#8217;nin aktard\u0131\u011f\u0131na g&ouml;re, y&uuml;r&uuml;tmenin, meclisin b&uuml;t&ccedil;e gibi konularda kalan yetkilerine bile m&uuml;dahale etti\u011fine i\u015faret edilen raporda, yasaman\u0131n zay\u0131flad\u0131\u011f\u0131, muhalefet milletvekilleri &uuml;zerinde de bask\u0131lar\u0131n artt\u0131\u011f\u0131 vurgulanmaktayd\u0131. Milletvekillerinin dokunulmazl\u0131klar\u0131n\u0131n kald\u0131r\u0131l\u0131p kriminalize edildiklerine i\u015faret edilen raporda, &#8220;Anayasa a&ccedil;\u0131k&ccedil;a ihlal edilerek, mecliste yap\u0131lm\u0131\u015f konu\u015fmalar bile, kanunlar\u0131n esnek bir \u015fekilde yorumland\u0131\u011f\u0131, ger&ccedil;eklerin &ccedil;arp\u0131t\u0131ld\u0131\u011f\u0131, ceza kovu\u015fturmalar\u0131na yol a&ccedil;abiliyor&#8221; tespiti yer almaktayd\u0131. B&ouml;ylece HDP&rsquo;ye dolayl\u0131 destek &ccedil;\u0131k\u0131lmaktayd\u0131.<\/span><\/strong><\/p>\n<p style=\"margin-bottom: 0cm; text-align: justify; text-indent: 1cm; line-height: 16pt;\"><strong><span style=\"font-size: 12pt; font-family: 'Arial', sans-serif;\">Giderek artan siyasalla\u015fman\u0131n yarg\u0131ya da b&uuml;y&uuml;k zarar verdi\u011fi belirtilen ve&nbsp;<em>&#8220;yarg\u0131 mensuplar\u0131n\u0131n ba\u011f\u0131ms\u0131z karar almaktan korkar hale geldiklerine&#8221; <\/em>dikkat &ccedil;ekilen ara\u015ft\u0131rmada, T&uuml;rkiye&#8217;deki yeni sistemle b&uuml;rokrasinin de &#8220;b&uuml;y&uuml;k &ouml;l&ccedil;&uuml;de felce u\u011frad\u0131\u011f\u0131&#8221; aktar\u0131lmaktayd\u0131.<\/span><\/strong><\/p>\n<p style=\"margin-bottom: 0cm; text-align: justify; text-indent: 1cm; line-height: 16pt;\"><strong><span style=\"font-size: 14pt; font-family: 'Arial', sans-serif;\">B&uuml;rokrasi T\u0131kanm\u0131\u015ft\u0131!<\/span><\/strong><\/p>\n<p style=\"margin-bottom: 0cm; text-align: justify; text-indent: 1cm; line-height: 16pt;\"><strong><span style=\"font-size: 12pt; font-family: 'Arial', sans-serif;\">Daha &ouml;nce Cumhurba\u015fkan\u0131 Erdo\u011fan, &#8220;Cumhurba\u015fkanl\u0131\u011f\u0131 H&uuml;k&uuml;met Sistemi&rsquo;ni&#8221; savunurken, bunun daha etkin bir y&ouml;netim anlay\u0131\u015f\u0131 getirece\u011fini, &#8220;i\u015flevsiz&#8221; ve &#8220;hantal&#8221; olmakla ele\u015ftirdi\u011fi b&uuml;rokrasiyi de k&uuml;&ccedil;&uuml;ltece\u011fini savunmu\u015flard\u0131. Ancak SWP&#8217;nin raporuna g&ouml;re, yeni sistemle birlikte at\u0131lan ad\u0131mlar sonucunda b&uuml;rokrasi daralmam\u0131\u015f, aksine, olu\u015fturulan yeni birimler, kamu &ccedil;al\u0131\u015fanlar\u0131 say\u0131s\u0131ndaki art\u0131\u015fla daha da fazlala\u015fm\u0131\u015ft\u0131.<\/span><\/strong><\/p>\n<p style=\"margin-bottom: 0cm; text-align: justify; text-indent: 1cm; line-height: 16pt;\"><strong><span style=\"font-size: 12pt; font-family: 'Arial', sans-serif;\">&Uuml;lke genelinde i\u015fsizli\u011fin artmas\u0131na kar\u015f\u0131n, kamuda i\u015fe al\u0131mlar\u0131n artt\u0131\u011f\u0131na, Haziran 2020 itibar\u0131yla kamuda &ccedil;al\u0131\u015fan say\u0131s\u0131n\u0131n neredeyse <\/span><\/strong><strong><span style=\"font-size: 14pt; font-family: 'Arial', sans-serif;\">be\u015f milyona <\/span><\/strong><strong><span style=\"font-size: 12pt; font-family: 'Arial', sans-serif;\">yakla\u015ft\u0131\u011f\u0131na dikkat &ccedil;ekilen raporda, <em>&#8220;Kamudaki bu h\u0131zl\u0131 b&uuml;y&uuml;meye ra\u011fmen devlet idaresi felce u\u011fram\u0131\u015f g&ouml;r&uuml;n&uuml;yor&#8221;<\/em> g&ouml;zlemi aktar\u0131lm\u0131\u015ft\u0131.&nbsp;Buna yol a&ccedil;an nedenler s\u0131ralan\u0131rken, AKP&#8217;nin yapt\u0131\u011f\u0131&nbsp;<em>liyakatten uzak g&ouml;revlendirmeler<\/em> hat\u0131rlat\u0131lm\u0131\u015ft\u0131.&nbsp;<\/span><\/strong><\/p>\n<p style=\"margin-bottom: 0cm; text-align: justify; text-indent: 1cm; line-height: 16pt;\"><strong><span style=\"font-size: 14pt; font-family: 'Arial', sans-serif;\">Ba\u015fbakanl\u0131\u011f\u0131n la\u011fvedilmesi sonras\u0131nda binden fazla ofisin bulundu\u011fu Cumhurba\u015fkanl\u0131\u011f\u0131 saray\u0131nda yap\u0131lan g&ouml;revlendirmelere yer verilen raporda, kamu b&uuml;rokrasisindeki bir di\u011fer &ouml;nemli sorun \u015fu ifadelerle anlat\u0131lm\u0131\u015ft\u0131:<\/span><\/strong><\/p>\n<p style=\"margin-bottom: 0cm; text-align: justify; text-indent: 1cm; line-height: 16pt;\"><strong><em><span style=\"font-size: 12pt; font-family: 'Arial', sans-serif;\">&#8220;Yeni atama kararlar\u0131, b&uuml;y&uuml;k &ouml;l&ccedil;&uuml;de nitelik ve liyakat esas al\u0131narak de\u011fil, bir dini cemaate ya da siyasi partiye ba\u011fl\u0131l\u0131k, Erdo\u011fan ve ailesine yak\u0131nl\u0131k gibi, yerine getirilecek g&ouml;rev ile ilgisi olmayan, d\u0131\u015fsal etkenler dikkate al\u0131narak al\u0131nmaktayd\u0131.&#8221;<\/span><\/em><\/strong><em><\/em><\/p>\n<p style=\"margin-bottom: 0cm; text-align: justify; text-indent: 1cm; line-height: 16pt;\"><strong><span style=\"font-size: 12pt; font-family: 'Arial', sans-serif;\">AKP&#8217;nin, iktidar\u0131n\u0131n ilk y\u0131llar\u0131nda &ouml;zellikle polis, yarg\u0131, istihbarat ve orduda FET&Ouml;&#8217;c&uuml; darbe giri\u015fimi sonras\u0131, bu kesimin tasfiyesine y&ouml;neldi\u011fine i\u015faret edilen raporda, son d&ouml;nemde ise bu bo\u015falan g&ouml;revlere <\/span><\/strong><strong><em><span style=\"font-size: 14pt; font-family: 'Arial', sans-serif;\">&#8220;a\u015f\u0131r\u0131 muhafazak&acirc;r dini tarikat mensuplar\u0131n\u0131n&#8221;<\/span><\/em><\/strong><span style=\"font-size: 14pt; font-family: 'Arial', sans-serif;\"> <\/span><strong><span style=\"font-size: 12pt; font-family: 'Arial', sans-serif;\">ya da MHP&#8217;ye yak\u0131n insanlar\u0131n atand\u0131\u011f\u0131 hat\u0131rlat\u0131lm\u0131\u015ft\u0131.&nbsp;<\/span><\/strong><\/p>\n<p style=\"margin-bottom: 0cm; text-align: justify; text-indent: 1cm; line-height: 16pt;\"><strong><span style=\"font-size: 12pt; font-family: 'Arial', sans-serif;\">Kurallara riayet etmek ve tarafs\u0131z kalmaktan uzak bu yeni kadrolar\u0131n vas\u0131flar\u0131n\u0131n da yetersiz oldu\u011fu ifade edilen raporda, kamu b&uuml;rokrasisinin giderek politize hale gelmesiyle, <\/span><\/strong><strong><em><span style=\"font-size: 14pt; font-family: 'Arial', sans-serif;\">kamu g&ouml;revlisi olmak ile parti &uuml;yesi olmak aras\u0131ndaki s\u0131n\u0131rlar\u0131n da neredeyse ortadan kalkt\u0131\u011f\u0131<\/span><\/em><\/strong><strong><span style=\"font-size: 12pt; font-family: 'Arial', sans-serif;\"> vurgulanm\u0131\u015ft\u0131.<\/span><\/strong><\/p>\n<p style=\"margin-bottom: 0cm; text-align: justify; text-indent: 1cm; line-height: 16pt;\"><strong><span style=\"font-size: 12pt; font-family: 'Arial', sans-serif;\">Devlet kurumlar\u0131n\u0131n zay\u0131flamas\u0131 ve felce u\u011framas\u0131 konusunda, Merkez Bankas\u0131, T&uuml;rkiye \u0130statistik Kurumu, T&uuml;rkiye Varl\u0131k Fonu&#8217;ndan &ouml;rnekler aktar\u0131l\u0131rken, Cumhurba\u015fkan\u0131 ile ailesinin bunlar &uuml;zerinde devasa n&uuml;fuz sahibi oldu\u011fu aktar\u0131lm\u0131\u015f, buralarda &#8220;ahbap-&ccedil;avu\u015f ili\u015fkilerinin&#8221; h&uuml;k&uuml;m s&uuml;rd&uuml;\u011f&uuml; a&ccedil;\u0131klanm\u0131\u015ft\u0131.&nbsp;<\/span><\/strong><\/p>\n<p style=\"margin-bottom: 0cm; text-align: justify; text-indent: 1cm; line-height: 16pt;\"><strong><span style=\"font-size: 14pt; font-family: 'Arial', sans-serif;\">Cumhurba\u015fkanl\u0131\u011f\u0131 h&uuml;k&uuml;mranl\u0131\u011f\u0131!<\/span><\/strong><\/p>\n<p style=\"margin-bottom: 0cm; text-align: justify; text-indent: 1cm; line-height: 16pt;\"><strong><span style=\"font-size: 12pt; font-family: 'Arial', sans-serif;\">Yeni h&uuml;k&uuml;met sistemi ile birlikte Cumhurba\u015fkan\u0131 Erdo\u011fan&#8217;\u0131n kurumlar &uuml;zerinde <em>&#8220;neredeyse s\u0131n\u0131rs\u0131z ve denetimsiz&#8221;<\/em> bir g&uuml;ce sahip oldu\u011fu, buna ra\u011fmen, hem de s&uuml;rpriz bir \u015fekilde <em>&#8220;Cumhurba\u015fkan\u0131&rsquo;n\u0131n siyasi manevra alan\u0131n\u0131n parlamenter sistemde oldu\u011fundan daha da dar hale geldi\u011fi&#8221;<\/em> g&ouml;zlemi aktar\u0131lm\u0131\u015ft\u0131. <em>&#8220;Yeni sistem, ula\u015f\u0131laca\u011f\u0131 s&ouml;ylenen hedeflerin ger&ccedil;ekle\u015ftirilmesinde ba\u015far\u0131s\u0131z oldu&#8221; <\/em>de\u011ferlendirmesine yer verilen raporda, gelinen noktada bug&uuml;n Erdo\u011fan&#8217;\u0131n<em> &#8220;iktidar\u0131 muhafaza etme m&uuml;cadelesi y&uuml;r&uuml;tt&uuml;\u011f&uuml;&#8221;<\/em> vurgulanm\u0131\u015ft\u0131.<\/span><\/strong><\/p>\n<p style=\"margin-bottom: 0cm; text-align: justify; text-indent: 1cm; line-height: 16pt;\"><strong><em><span style=\"font-size: 12pt; font-family: 'Arial', sans-serif;\">&#8220;Ne ekonomik g&ouml;r&uuml;n&uuml;m ne de sosyal &ouml;ng&ouml;r&uuml;ler umut vaat ediyor&#8221;<\/span><\/em><\/strong><strong><span style=\"font-size: 12pt; font-family: 'Arial', sans-serif;\"> g&ouml;r&uuml;\u015f&uuml;ne yer verilen ara\u015ft\u0131rmada, <em>&#8220;Toplumun sek&uuml;ler kesimlerine uygulanan ola\u011fan&uuml;st&uuml; bask\u0131ya ra\u011fmen, &uuml;lke n&uuml;fusunun tamam\u0131n\u0131 dindar M&uuml;sl&uuml;man bir millete d&ouml;n&uuml;\u015ft&uuml;rme giri\u015fimi de ba\u015far\u0131s\u0131z oldu&#8221;<\/em> tespitleri yap\u0131lm\u0131\u015ft\u0131.&nbsp;Oysa T&uuml;rkiye&rsquo;de ve AKP d&ouml;neminde <em>&ldquo;<\/em><\/span><\/strong><strong><em><span style=\"font-size: 14pt; font-family: 'Arial', sans-serif;\">sek&uuml;ler kesimlere bask\u0131 yap\u0131ld\u0131\u011f\u0131&rdquo;<\/span><\/em><\/strong><span style=\"font-size: 14pt; font-family: 'Arial', sans-serif;\"> <\/span><strong><span style=\"font-size: 12pt; font-family: 'Arial', sans-serif;\">iddialar\u0131 tamamen as\u0131ls\u0131zd\u0131; &uuml;stelik AB dayatmas\u0131yla uygulanan Uyum Yasalar\u0131 y&uuml;z&uuml;nden ahl&acirc;ki ve ailevi yozla\u015fma h\u0131zland\u0131r\u0131lm\u0131\u015ft\u0131. Ara\u015ft\u0131rmaya g&ouml;re son d&ouml;nemde AKP&#8217;ye se&ccedil;men deste\u011fi azal\u0131rken, Erdo\u011fan&#8217;\u0131n iktidarda kalabilmek i&ccedil;in MHP&#8217;ye olan ba\u011f\u0131ml\u0131l\u0131\u011f\u0131 daha da artm\u0131\u015ft\u0131. Erdo\u011fan&#8217;\u0131n ayr\u0131ca \u0130slamc\u0131 kesimdeki destek&ccedil;ilerini de kaybetmekte oldu\u011funa vurgu yap\u0131lm\u0131\u015ft\u0131.<\/span><\/strong><\/p>\n<p style=\"margin-bottom: 0cm; text-align: justify; text-indent: 1cm; line-height: 16pt;\"><strong><em><span style=\"font-size: 14pt; font-family: 'Arial', sans-serif;\">MHP&#8217;nin T&uuml;rk siyasetinde de\u011fi\u015fen rol&uuml; ve devlet kurumlar\u0131nda artan a\u011f\u0131rl\u0131\u011f\u0131n\u0131n da mercek alt\u0131na al\u0131nd\u0131\u011f\u0131<\/span><\/em><\/strong><strong><span style=\"font-size: 14pt; font-family: 'Arial', sans-serif;\"> ara\u015ft\u0131rmada Erdo\u011fan&#8217;a ge&ccedil;mi\u015fte sert muhalefet eden Bah&ccedil;eli&#8217;nin darbe giri\u015fimi sonras\u0131 sundu\u011fu deste\u011fin nedenleri s\u0131ralanm\u0131\u015ft\u0131.&nbsp;<\/span><\/strong><\/p>\n<p style=\"margin-bottom: 0cm; text-align: justify; text-indent: 1cm; line-height: 16pt;\"><strong><span style=\"font-size: 12pt; font-family: 'Arial', sans-serif;\">Bah&ccedil;eli&#8217;nin &#8220;U d&ouml;n&uuml;\u015f&uuml;&#8221; olarak nitelendirilen, darbe giri\u015fimi sonras\u0131 Cumhurba\u015fkanl\u0131\u011f\u0131 h&uuml;k&uuml;met s&uuml;recine verdi\u011fi destekle, <em>MHP&#8217;nin meclisteki temsil oran\u0131na k\u0131yasla &ccedil;ok daha b&uuml;y&uuml;k bir siyasi n&uuml;fuz alan\u0131na sahip olmas\u0131n\u0131 sa\u011flad\u0131\u011f\u0131na <\/em>dikkat &ccedil;ekilirken, <em>&#8220;MHP, yeni sisteme deste\u011fiyle kendi kadrolar\u0131na devlet b&uuml;rokrasisinin kap\u0131s\u0131n\u0131 a&ccedil;t\u0131&#8221;<\/em> tespiti enteresand\u0131. Bu d&ouml;nemde MHP&#8217;lilerin yan\u0131 s\u0131ra, Bat\u0131 kar\u015f\u0131t\u0131 isimlerin ve ayr\u0131ca tarikatlara yak\u0131n kesimlerin de b&uuml;rokraside bo\u015falan kadrolar\u0131 doldurduklar\u0131 savunulmaktayd\u0131.<\/span><\/strong><\/p>\n<p style=\"margin-bottom: 0cm; text-align: justify; text-indent: 1cm; line-height: 16pt;\"><strong><em><span style=\"font-size: 12pt; font-family: 'Arial', sans-serif;\">&#8220;MHP artan oranda belirleyici bir siyasi g&uuml;ce d&ouml;n&uuml;\u015f&uuml;rken, Erdo\u011fan ve partisi y\u0131llar sonra kendilerini savunma konumunda buldu&#8221;<\/span><\/em><\/strong><strong><span style=\"font-size: 12pt; font-family: 'Arial', sans-serif;\"> tespitinin aktar\u0131ld\u0131\u011f\u0131 raporda, g&uuml;venlik kurumlar\u0131nda g&uuml;&ccedil;lenen MHP kadrolar\u0131na i\u015faret edilerek, <em>&#8220;AKP&#8217;nin g&uuml;venlik b&uuml;rokrasisi &uuml;zerinde tam kontrol&uuml; sa\u011flamaya uzak oldu\u011fu y&ouml;n&uuml;nde sinyaller art\u0131yor. Bu bak\u0131mdan g&uuml;&ccedil;lenen MHP, Cumhurba\u015fkan\u0131&rsquo;n\u0131n politikalar\u0131n\u0131 birlikte belirleyebilme pozisyonunda bulunuyor&#8221; <\/em>g&ouml;r&uuml;\u015f&uuml; yer alm\u0131\u015ft\u0131.<\/span><\/strong><\/p>\n<p style=\"margin-bottom: 0cm; text-align: justify; text-indent: 1cm; line-height: 16pt;\"><strong><span style=\"font-size: 14pt; font-family: 'Arial', sans-serif;\">Muhalefetin vas\u0131fs\u0131zl\u0131\u011f\u0131!<\/span><\/strong><\/p>\n<p style=\"margin-bottom: 0cm; text-align: justify; text-indent: 1cm; line-height: 16pt;\"><strong><span style=\"font-size: 12pt; font-family: 'Arial', sans-serif;\">SWP raporunda, T&uuml;rkiye&#8217;deki yeni sistemin demokrasi ve b&uuml;rokrasinin i\u015fleyi\u015finde yaratt\u0131\u011f\u0131 tahribatlar &ouml;rnekleriyle anlat\u0131l\u0131rken, muhalefet partilerinin itirazlar\u0131 ve alternatif olu\u015fturma &ccedil;abalar\u0131 da incelemeye al\u0131nm\u0131\u015ft\u0131. T&uuml;rkiye&#8217;de muhalefet partilerinin par&ccedil;alanm\u0131\u015f olduklar\u0131, ancak <\/span><\/strong><strong><em><span style=\"font-size: 14pt; font-family: 'Arial', sans-serif;\">Cumhurba\u015fkanl\u0131\u011f\u0131 H&uuml;k&uuml;met Sistemi&rsquo;ne itirazlar\u0131n\u0131n bu partileri bir araya getiren &ouml;nemli unsur halini ald\u0131\u011f\u0131<\/span><\/em><\/strong><span style=\"font-size: 14pt; font-family: 'Arial', sans-serif;\"> <\/span><strong><span style=\"font-size: 12pt; font-family: 'Arial', sans-serif;\">belirtilen raporda, bununla birlikte partilerin demokrasinin onar\u0131lmas\u0131n\u0131 sa\u011flayacak ortak bir vizyon geli\u015ftirmeyi ba\u015far\u0131p ba\u015farmayacaklar\u0131n\u0131n hen&uuml;z belirsiz oldu\u011fu aktar\u0131lm\u0131\u015ft\u0131. Ara\u015ft\u0131rmada, <\/span><\/strong><strong><em><span style=\"font-size: 14pt; font-family: 'Arial', sans-serif;\">&#8220;Cumhurba\u015fkanl\u0131\u011f\u0131 H&uuml;k&uuml;met Sistemi&rsquo;nin yol a&ccedil;t\u0131\u011f\u0131 kurumsal tahribat ve muhalefetin belirsiz g&ouml;r&uuml;n&uuml;m&uuml;, T&uuml;rkiye&rsquo;de olumlu y&ouml;nde kolay ve h\u0131zl\u0131 bir de\u011fi\u015fim ya\u015fanaca\u011f\u0131 umutlar\u0131n\u0131 azalt\u0131yor&#8221; <\/span><\/em><\/strong><strong><span style=\"font-size: 12pt; font-family: 'Arial', sans-serif;\">yorumlar\u0131 da yer alm\u0131\u015ft\u0131.<\/span><\/strong><\/p>\n<p style=\"margin-bottom: 0cm; text-align: justify; text-indent: 1cm; line-height: 16pt;\"><strong><span style=\"font-size: 12pt; font-family: 'Arial', sans-serif;\">B&uuml;t&uuml;n bu yakla\u015f\u0131mlar; Almanya&rsquo;n\u0131n ve Bat\u0131&rsquo;n\u0131n T&uuml;rkiye&rsquo;de, AKP iktidar\u0131 d\u0131\u015f\u0131nda, kendilerine daha yararl\u0131 bir alternatifi hen&uuml;z kurgulayamad\u0131klar\u0131n\u0131n bir kan\u0131t\u0131yd\u0131. Bu saptamalar; siyaset zemininde ve demokratik m&uuml;cadelelerle Erdo\u011fan&rsquo;la ba\u015fa &ccedil;\u0131k\u0131lamayaca\u011f\u0131, antidemokratik giri\u015fimlerin ise kontrol alt\u0131na al\u0131namayaca\u011f\u0131 ku\u015fkular\u0131n\u0131 bar\u0131nd\u0131rmaktayd\u0131. Bu nedenle, <\/span><\/strong><strong><em><span style=\"font-size: 14pt; font-family: 'Arial', sans-serif;\">Erdo\u011fan&rsquo;la yola devam etmek gerekti\u011fi<\/span><\/em><\/strong><span style=\"font-size: 14pt; font-family: 'Arial', sans-serif;\"> <\/span><strong><span style=\"font-size: 12pt; font-family: 'Arial', sans-serif;\">kanaatleri a&ccedil;\u0131\u011fa vurulmakta, ilgili makamlara bu mesaj ula\u015ft\u0131r\u0131lmaktayd\u0131. Ha&ccedil;l\u0131 Bat\u0131&rsquo;n\u0131n h&acirc;l&acirc; en b&uuml;y&uuml;k korkusu, Milli G&ouml;r&uuml;\u015f-Milli &Ccedil;&ouml;z&uuml;m ve Erbakan&rsquo;\u0131n tarihi ve talihli programlar\u0131yd\u0131!..<\/span><\/strong><\/p>\n<p style=\"margin-bottom: 0cm; text-align: justify; text-indent: 1cm; line-height: 16pt;\"><span style=\"font-size: 12pt; font-family: 'Arial', sans-serif;\"><\/span><\/p>\n","protected":false},"excerpt":{"rendered":"<p>&nbsp; MONTR&Ouml;&rsquo;N&Uuml;N &Ouml;NEM\u0130 VE YANDA\u015eLARIN D&Uuml;MEN\u0130! &nbsp;&nbsp;&nbsp;&nbsp;&nbsp;&nbsp;&nbsp;&nbsp; &ldquo;Haftalard\u0131r, T&uuml;rkiye g&uuml;ndeminde Montr&ouml; vard\u0131. D&uuml;nyan\u0131n g&uuml;ndeminde de &uuml;st&uuml; &ouml;rt&uuml;l&uuml; Montr&ouml; vard\u0131. Bak\u0131n\u0131z NATO Genel Sekreteri&nbsp;Jens Stoltenberg telefonla, Ukrayna Cumhurba\u015fkan\u0131 Vladimir Zelenskiy ile g&ouml;r&uuml;\u015ferek, &ldquo;NATO kararl\u0131 bir \u015fekilde Ukrayna&#8217;n\u0131n egemenlik ve toprak b&uuml;t&uuml;nl&uuml;\u011f&uuml;nden yanad\u0131r&rdquo; diyerek k\u0131\u015fk\u0131rtm\u0131\u015ft\u0131. Ukrayna&#8217;n\u0131n, Rusya ile ya\u015fad\u0131\u011f\u0131 gerilim Karadeniz&#8217;i kar\u0131\u015ft\u0131rm\u0131\u015ft\u0131. Ukrayna&#8217;n\u0131n Karadeniz&#8217;de s\u0131n\u0131r uzunlu\u011fu 1.756 [&hellip;]<\/p>\n","protected":false},"author":1,"featured_media":0,"comment_status":"open","ping_status":"closed","sticky":false,"template":"","format":"standard","meta":{"footnotes":""},"categories":[250],"tags":[],"class_list":["post-6270","post","type-post","status-publish","format-standard","hentry","category-haziran-2021"],"_links":{"self":[{"href":"https:\/\/www.millicozum.com\/mc\/wp-json\/wp\/v2\/posts\/6270","targetHints":{"allow":["GET"]}}],"collection":[{"href":"https:\/\/www.millicozum.com\/mc\/wp-json\/wp\/v2\/posts"}],"about":[{"href":"https:\/\/www.millicozum.com\/mc\/wp-json\/wp\/v2\/types\/post"}],"author":[{"embeddable":true,"href":"https:\/\/www.millicozum.com\/mc\/wp-json\/wp\/v2\/users\/1"}],"replies":[{"embeddable":true,"href":"https:\/\/www.millicozum.com\/mc\/wp-json\/wp\/v2\/comments?post=6270"}],"version-history":[{"count":0,"href":"https:\/\/www.millicozum.com\/mc\/wp-json\/wp\/v2\/posts\/6270\/revisions"}],"wp:attachment":[{"href":"https:\/\/www.millicozum.com\/mc\/wp-json\/wp\/v2\/media?parent=6270"}],"wp:term":[{"taxonomy":"category","embeddable":true,"href":"https:\/\/www.millicozum.com\/mc\/wp-json\/wp\/v2\/categories?post=6270"},{"taxonomy":"post_tag","embeddable":true,"href":"https:\/\/www.millicozum.com\/mc\/wp-json\/wp\/v2\/tags?post=6270"}],"curies":[{"name":"wp","href":"https:\/\/api.w.org\/{rel}","templated":true}]}}