{"id":6272,"date":"2021-05-26T22:00:00","date_gmt":"2021-05-26T22:00:00","guid":{"rendered":"https:\/\/www.millicozum.com\/mc\/2021\/05\/26\/azitan-israil-kaziga-kosmaktadir-2\/"},"modified":"2021-05-26T22:00:00","modified_gmt":"2021-05-26T22:00:00","slug":"azitan-israil-kaziga-kosmaktadir-2","status":"publish","type":"post","link":"https:\/\/www.millicozum.com\/mc\/2021\/haziran-2021\/azitan-israil-kaziga-kosmaktadir\/","title":{"rendered":"AZITAN \u0130SRA\u0130L, KAZI\u011eA KO\u015eMAKTADIR!"},"content":{"rendered":"\n<p>\u00a0<\/p>\n<p style=\"margin-bottom: 0cm; text-align: center;\"><strong><span style=\"font-size: 18pt; font-family: 'Arial', sans-serif;\">AZITAN \u0130SRA\u0130L, KAZI\u011eA KO\u015eMAKTADIR!<\/span><\/strong><\/p>\n<p style=\"margin-bottom: 0cm; text-align: justify; text-indent: 1cm;\"><strong><span style=\"font-size: 18pt; font-family: 'Arial', sans-serif;\">\u00a0\u00a0\u00a0\u00a0\u00a0\u00a0\u00a0\u00a0 <\/span><\/strong><\/p>\n<p style=\"margin-bottom: 0cm; text-align: justify; text-indent: 1cm; line-height: 16pt;\"><strong><span style=\"font-size: 14pt; font-family: 'Arial', sans-serif;\">Her \u00fcmmetin, her devletin ve medeniyetin ve her h\u00fck\u00fcmetin Allah kat\u0131nda bilinen ve belirlenen bir ECEL\u0130, \u00f6m\u00fcr s\u00fcresi vard\u0131r. Bunu de\u011fi\u015ftirmek imk\u00e2ns\u0131zd\u0131r. <\/span><\/strong><\/p>\n<p style=\"margin-bottom: 0cm; text-align: justify; text-indent: 1cm; line-height: 16pt;\"><strong><span style=\"font-size: 12pt; font-family: 'Arial', sans-serif;\">&ldquo;Her \u00fcmmet i\u00e7in bir ecel vard\u0131r. <\/span><\/strong><strong><em><span style=\"font-size: 12pt; font-family: 'Arial', sans-serif;\">(Her medeniyet ve devletin belli bir \u00f6mr\u00fc bulunmaktad\u0131r.)<\/span><\/em><\/strong><span style=\"font-size: 12pt; font-family: 'Arial', sans-serif;\"> <\/span><strong><span style=\"font-size: 12pt; font-family: 'Arial', sans-serif;\">Onlar\u0131n ecelleri gelince, ne bir saat ertelen<\/span><\/strong><strong><span style=\"font-size: 12pt; font-family: 'Arial', sans-serif;\">ip geri kal\u0131r,<\/span><\/strong><strong><span style=\"font-size: 12pt; font-family: 'Arial', sans-serif;\"> ne de \u00f6ne al\u0131n<\/span><\/strong><strong><span style=\"font-size: 12pt; font-family: 'Arial', sans-serif;\">\u0131r<\/span><\/strong><strong><span style=\"font-size: 12pt; font-family: 'Arial', sans-serif;\"> <em>(tam zaman\u0131nda \u00e7\u00f6k<\/em><\/span><\/strong><strong><em><span style=\"font-size: 12pt; font-family: 'Arial', sans-serif;\">\u00fcp da\u011f\u0131l\u0131r. Adaleti uygulayan ve ilme dayanan devletler ayakta kal\u0131r, zul\u00fcm yapan ve geri kalan devletler y\u0131k\u0131l\u0131r.)&rdquo; <\/span><\/em><\/strong><strong><span style=\"font-size: 12pt; font-family: 'Arial', sans-serif;\">(A&rsquo;raf: 34. Ayet)<\/span><\/strong><\/p>\n<p style=\"margin-bottom: 0cm; text-align: justify; text-indent: 1cm; line-height: 16pt;\"><strong><span style=\"font-size: 12pt; font-family: 'Arial', sans-serif;\">De ki: &ldquo;Allah&#8217;\u0131n dilemesi d\u0131\u015f\u0131nda, kendim i\u00e7in zarardan ve yarardan <em>(hi\u00e7bir \u015feye)<\/em> malik de\u011filim. Her \u00fcmmetin <\/span><\/strong><strong><em><span style=\"font-size: 12pt; font-family: 'Arial', sans-serif;\">(her devletin, her sistemin ve medeniyetin)<\/span><\/em><\/strong><strong><span style=\"font-size: 12pt; font-family: 'Arial', sans-serif;\"> bir eceli <\/span><\/strong><strong><em><span style=\"font-size: 12pt; font-family: 'Arial', sans-serif;\">(bir h\u00e2kimiyet s\u00fcreci)<\/span><\/em><\/strong><strong><span style=\"font-size: 12pt; font-family: 'Arial', sans-serif;\"> vard\u0131r. Onlar\u0131n ecelleri gelince, art\u0131k ne bir saat ertelenebilirler, ne \u00f6ne al\u0131nabilirler.&rdquo; (Yunus: 49. Ayet)<\/span><\/strong><\/p>\n<p style=\"margin-bottom: 0cm; text-align: justify; text-indent: 1cm; line-height: 16pt;\"><strong><span style=\"font-size: 12pt; font-family: 'Arial', sans-serif;\">&ldquo;Hi\u00e7bir \u00fcmmet <em>(millet ve medeniyet)<\/em> ecelini <em>(takdir edilmi\u015f s\u00fcresini)<\/em> ne \u00f6n\u00fcne ge\u00e7ip <em>(erkene alabilir)<\/em>, ne de geciktirip uzatabilir.&rdquo; (Hicr: 5. Ayet)<\/span><\/strong><\/p>\n<p style=\"margin-bottom: 0cm; text-align: justify; text-indent: 1cm; line-height: 16pt;\"><strong><em><span style=\"font-size: 12pt; font-family: 'Arial', sans-serif;\">&ldquo;<\/span><\/em><\/strong><strong><span style=\"font-size: 12pt; font-family: 'Arial', sans-serif;\">E\u011fer Rabbin taraf\u0131ndan ge\u00e7mi\u015fte <em>(takdir edilen)<\/em> bir s\u00f6z ve belirlenmi\u015f bir s\u00fcre olmasayd\u0131 <em>(bu hain ve zalim kimselerin de \u00f6teki kavimler gibi hemen) <\/em>helak olmalar\u0131 laz\u0131md\u0131. <em>(Azap onlar\u0131 da ku\u015fat\u0131rd\u0131.)&rdquo;<\/em> (Taha: 129. Ayet)<\/span><\/strong><\/p>\n<p style=\"margin-bottom: 0cm; text-align: justify; text-indent: 1cm; line-height: 16pt;\"><strong><span style=\"font-size: 12pt; font-family: 'Arial', sans-serif;\">&ldquo;\u0130\u015fte o zaman Rabbin onlar\u0131n \u00fczerlerine en k\u00f6t\u00fc azab\u0131 yapacak kimse<em>(leri)<\/em> k\u0131yamet g\u00fcn\u00fcne kadar mutlaka g\u00f6nderece\u011fini de bildirdi. <em>(Bu y\u00fczden Yahudiler fitne ve hile ile her azd\u0131klar\u0131nda, onlar\u0131 rezil ve zelil edecek kimseler g\u00f6nderildi.)<\/em> \u015e\u00fcphesiz, Rabbin <em>(ceza ile)<\/em> sonu\u00e7land\u0131rmas\u0131 pek \u00e7abuk oland\u0131r ve ger\u00e7ekten O, Ba\u011f\u0131\u015flayand\u0131r, Esirgeyendir.&rdquo; (A&rsquo;raf: 167. Ayet)<\/span><\/strong><\/p>\n<p style=\"margin-bottom: 0cm; text-align: justify; text-indent: 1cm; line-height: 16pt;\"><strong><span style=\"font-size: 12pt; font-family: 'Arial', sans-serif;\">Ayetleri bu hakikati ve S\u00fcnnetullah\u0131 haber verip uyarmaktayd\u0131. <\/span><\/strong><\/p>\n<p style=\"margin-bottom: 0cm; text-align: justify; text-indent: 1cm; line-height: 16pt;\"><strong><span style=\"font-size: 12pt; font-family: 'Arial', sans-serif;\">Eceli gelen uyuz itin cami duvar\u0131na yana\u015fmas\u0131 gibi, kuduz \u0130srail de hem Mescid-i Aksa&rsquo;n\u0131n alt\u0131n\u0131 oymaya hem de mazlum M\u00fcsl\u00fcmanlara deh\u015fet boyutundaki sald\u0131r\u0131lar\u0131n\u0131 art\u0131rmaya, k\u0131saca az\u0131tmaya ba\u015flam\u0131\u015ft\u0131.<\/span><\/strong><\/p>\n<p style=\"margin-bottom: 0cm; text-align: justify; text-indent: 1cm; line-height: 16pt;\"><strong><span style=\"font-size: 14pt; font-family: 'Arial', sans-serif;\">Art\u0131k tarihi hesapla\u015fma ka\u00e7\u0131n\u0131lmazd\u0131; \u0130srail \u00e7\u0131ban\u0131 de\u015filmeden, arkas\u0131ndaki ABD ve AB hizaya getirilmeden b\u00f6lgemize ve yery\u00fcz\u00fcne huzur haramd\u0131. \u0130\u015fte o kutlu s\u00fcre\u00e7 h\u0131zla yakla\u015fmaktayd\u0131, ama bu giri\u015fimin AKP gibi kabuk y\u00f6netimlerle ba\u015far\u0131lmas\u0131 da imk\u00e2ns\u0131zd\u0131. Yani hem yerelde hem genelde tarihi ve talihli de\u011fi\u015fimler ya\u015fanacakt\u0131. <\/span><\/strong><\/p>\n<p style=\"margin-bottom: 0cm; text-align: justify; text-indent: 1cm; line-height: 16pt;\"><strong><span style=\"font-size: 14pt; font-family: 'Arial', sans-serif;\">Ter\u00f6r Devleti \u0130srail Kud\u00fcs&rsquo;te Yine Sald\u0131r\u0131lara Ba\u015flam\u0131\u015ft\u0131!<\/span><\/strong><\/p>\n<p style=\"margin-bottom: 0cm; text-align: justify; text-indent: 1cm; line-height: 16pt;\"><strong><span style=\"font-size: 12pt; font-family: 'Arial', sans-serif;\">2021 Ramazan&rsquo;\u0131nda \u0130srail polisi i\u015fgal alt\u0131ndaki Do\u011fu Kud\u00fcs&#8217;\u00fcn \u015eam Kap\u0131s\u0131&#8217;nda toplanan Filistinlilere ses bombalar\u0131yla m\u00fcdahale etmeye ba\u015flam\u0131\u015ft\u0131. \u0130\u015fgal alt\u0131ndaki Kud\u00fcs&#8217;te yer alan Mescid-i Aksa&#8217;da teravih namaz\u0131 s\u0131ras\u0131nda \u0130srail polisinin cemaate sald\u0131r\u0131s\u0131 sonucu \u00e7\u0131kan olaylar\u0131n ard\u0131ndan binlerce Filistinli, Kadir Gecesi&rsquo;nde teravih namaz\u0131 i\u00e7in mescide ko\u015fmu\u015flard\u0131. Kud\u00fcs&#8217;\u00fcn farkl\u0131 noktalar\u0131nda ya\u015fanan olaylarda ilk g\u00fcn toplam 205 ki\u015fi yaralan\u0131rken binlerce Filistinli, \u0130srail g\u00fc\u00e7lerinin giri\u015fleri t\u0131kamas\u0131na ve Kud\u00fcs \u015fehrine giden yollara barikatlar kurmas\u0131na ra\u011fmen Kadir Gecesi&rsquo;nde teravih namaz\u0131 i\u00e7in Mescid-i Aksa&rsquo;ya toplanm\u0131\u015flard\u0131. \u0130\u015fgal alt\u0131ndaki Do\u011fu Kud\u00fcs&rsquo;te, \u015eeyh Cerrah Mahallesi&#8217;ndeki Filistinlilere zorunlu g\u00f6\u00e7 tehdidi nedeniyle gergin g\u00fcnler ya\u015fanmaktayd\u0131. Ayr\u0131ca \u0130srail polisinin Mescid-i Aksa&rsquo;daki sald\u0131r\u0131lar\u0131 da kutsal kentteki gerilimi art\u0131rm\u0131\u015ft\u0131. <\/span><\/strong><\/p>\n<p style=\"margin-bottom: 0cm; text-align: justify; text-indent: 1cm; line-height: 16pt;\"><strong><span style=\"font-size: 14pt; font-family: 'Arial', sans-serif;\">\u0130srail&#8217;in Mescid-i Aksa&#8217;ya Sald\u0131r\u0131s\u0131na AB&#8217;den A\u00e7\u0131klama Yap\u0131lm\u0131\u015ft\u0131<\/span><\/strong><\/p>\n<p style=\"margin-bottom: 0cm; text-align: justify; text-indent: 1cm; line-height: 16pt;\"><strong><span style=\"font-size: 12pt; font-family: 'Arial', sans-serif;\">AB, i\u015fgal alt\u0131ndaki Do\u011fu Kud\u00fcs&#8217;teki olaylarla ilgili, <em>&#8220;Harem-i \u015eerif&#8217;te k\u0131\u015fk\u0131rt\u0131c\u0131 eylemlerden ka\u00e7\u0131n\u0131lmas\u0131 ve stat\u00fckoya sayg\u0131 duyulmas\u0131 gerekti\u011fini&#8221;<\/em> bildirerek ikili oynamaktayd\u0131. AB D\u0131\u015f \u0130li\u015fkiler ve G\u00fcvenlik Politikas\u0131 Y\u00fcksek Temsilcisi Josep Borrell&#8217;in ofisinden yap\u0131lan a\u00e7\u0131klamada, i\u015fgal alt\u0131ndaki Bat\u0131 \u015eeria ve \u00f6zellikle Do\u011fu Kud\u00fcs&#8217;te gerginlik ve \u015fiddet olaylar\u0131n\u0131n tehlikeli \u015fekilde t\u0131rmand\u0131\u011f\u0131 hat\u0131rlat\u0131lm\u0131\u015ft\u0131. Harem-i \u015eerif&#8217;te meydana gelen olaylarda y\u00fczlerce ki\u015finin yaraland\u0131\u011f\u0131 belirtilen a\u00e7\u0131klamada, <em>&#8220;\u015eiddet ve tahrik kabul edilemez. T\u00fcm taraflardaki faillerden hesap sorulmal\u0131d\u0131r&#8221; <\/em>ifadesi yer alm\u0131\u015ft\u0131. A\u00e7\u0131klamada, t\u00fcm taraflardaki siyasi, dini liderlerle topluluk \u00f6nderlerinin itidal ve sorumluluk g\u00f6stermesi, durumu sakinle\u015ftirmek i\u00e7in her \u00e7abay\u0131 sergilemesi istenerek <em>&#8220;\u015eeyh Cerrah&#8217;ta ve Do\u011fu Kud\u00fcs&#8217;\u00fcn di\u011fer b\u00f6lgelerinde Filistinli ailelerin evlerinden \u00e7\u0131kar\u0131lmas\u0131yla ilgili durum da ayr\u0131ca endi\u015fe vericidir. Bu t\u00fcr eylemler uluslararas\u0131 insani hukukta yasa d\u0131\u015f\u0131d\u0131r ve sahada gerilimi k\u00f6r\u00fcklemekten ba\u015fka bir i\u015fe yaramaz&#8221;<\/em> de\u011ferlendirmesi yap\u0131lm\u0131\u015ft\u0131. Ancak AB maalesef \u0130srail&rsquo;in anlad\u0131\u011f\u0131 dilden bir yapt\u0131r\u0131m teklifinde bulunmam\u0131\u015ft\u0131. <\/span><\/strong><\/p>\n<p style=\"margin-bottom: 0cm; text-align: justify; text-indent: 1cm; line-height: 16pt;\"><strong><span style=\"font-size: 14pt; font-family: 'Arial', sans-serif;\">Mescid-i Aksa \u0130mam\u0131na G\u00f6re <em>&ldquo;\u0130srail B\u00fcy\u00fck \u0130\u015fgale Haz\u0131rlanmaktayd\u0131!&rdquo;<\/em><\/span><\/strong><\/p>\n<p style=\"margin-bottom: 0cm; text-align: justify; text-indent: 1cm; line-height: 16pt;\"><strong><span style=\"font-size: 12pt; font-family: 'Arial', sans-serif;\">Mescid-i Aksa \u0130mam\u0131 \u015eeyh \u0130krime Sabri, i\u015fgalci \u0130srail g\u00fcvenlik g\u00fc\u00e7lerinin Mescid-i Aksa&#8217;y\u0131 i\u015fgale haz\u0131rland\u0131\u011f\u0131n\u0131 a\u00e7\u0131klam\u0131\u015ft\u0131. Kud\u00fcs&#8217;\u00fcn farkl\u0131 noktalar\u0131nda ya\u015fanan olaylarda ikinci g\u00fcn toplam 500 ki\u015fi yaralan\u0131rken binlerce Filistinli, \u0130srail g\u00fc\u00e7lerinin giri\u015fleri engellenmesine ve Kud\u00fcs \u015fehrine giden yollara barikatlar kurmas\u0131na ra\u011fmen Kadir Gecesi&rsquo;nde teravih namaz\u0131 i\u00e7in mescide ko\u015fmu\u015flard\u0131. Mescid-i Aksa \u0130mam\u0131 \u015eeyh \u0130krime Sabri, A Haber canl\u0131 yay\u0131n\u0131nda, \u0130srail g\u00fcvenlik g\u00fc\u00e7lerinin Mescid-i Aksa&#8217;da namaz k\u0131lan Filistinlileri hedef alan sald\u0131r\u0131lar\u0131na \u00e7ok sert tepki g\u00f6sterdi. \u0130srail&#8217;in Mescid-i Aksa&rsquo;y\u0131 i\u015fgale haz\u0131rland\u0131\u011f\u0131n\u0131 dile getiren Sabri, <em>&#8220;Yar\u0131n ne olacak bilmiyoruz. Arap \u00fclkelerinden ve \u00f6zellikle T\u00fcrkiye&#8217;den i\u015fgal g\u00fc\u00e7lerine bask\u0131 yapmas\u0131n\u0131 istiyoruz ki bu i\u015fgal sona ersin&#8221;<\/em> \u00e7a\u011fr\u0131s\u0131 yapm\u0131\u015ft\u0131. <em>&ldquo;M\u00fcsl\u00fcmanlar b\u00fcy\u00fck s\u0131k\u0131nt\u0131 ya\u015f\u0131yorlar bu bir ger\u00e7ek ama yine de onurlu bir savunma ger\u00e7ekle\u015ftiriyorlar. Biz burada oldu\u011fumuz s\u00fcrece Mescid-i Aksa koruma alt\u0131ndad\u0131r. Burada \u0130slam aleminden, Arap \u00fclkelerinden ve \u00f6zellikle T\u00fcrkiye&#8217;den i\u015fgal g\u00fc\u00e7lerine bask\u0131 yapmas\u0131n\u0131 istiyoruz ki bu i\u015fgal sonlans\u0131n. \u0130srail b\u00f6lgede Osmanl\u0131 miras\u0131n\u0131 k\u00f6kten silecek kaz\u0131lar yapmaktad\u0131r. Bu kaz\u0131lar \u00e7ok tehlikelidir ve bir an \u00f6nce durdurulmal\u0131d\u0131r. B\u00f6lgede Osmanl\u0131&#8217;n\u0131n izlerini silmeye \u00e7al\u0131\u015f\u0131yorlar&#8221;<\/em> diyen Mescid-i Aksa imam\u0131, art\u0131k kuru k\u0131namalarla hi\u00e7bir yere var\u0131lamayaca\u011f\u0131n\u0131 hat\u0131rlatm\u0131\u015ft\u0131. <\/span><\/strong><\/p>\n<p style=\"margin-bottom: 0cm; text-align: justify; text-indent: 1cm; line-height: 16pt;\"><strong><span style=\"font-size: 14pt; font-family: 'Arial', sans-serif;\">Erdo\u011fan Kurus\u0131k\u0131 \u00c7\u0131k\u0131\u015flar Yapt\u0131\u011f\u0131 S\u0131rada, \u0130srail Filistinlilere Bir Kez Daha Sald\u0131rm\u0131\u015ft\u0131<\/span><\/strong><\/p>\n<p style=\"margin-bottom: 0cm; text-align: justify; text-indent: 1cm; line-height: 16pt;\"><strong><span style=\"font-size: 12pt; font-family: 'Arial', sans-serif;\">Cumhurba\u015fkan\u0131 Recep Tayyip Erdo\u011fan, \u0130srail&#8217;e s\u00f6zde tepki g\u00f6sterdi\u011fi s\u0131rada, \u0130srail Filistinlilere bir kez daha sald\u0131rm\u0131\u015f, ses bombas\u0131 ve tazyikli su kullanm\u0131\u015ft\u0131. Erdo\u011fan, Diyarbak\u0131r anneleriyle d\u00fczenledi\u011fi iftarda \u0130srail&#8217;in Filistinlilere sald\u0131r\u0131s\u0131na tepki g\u00f6sterirken, <em>&#8220;Unutulmamal\u0131d\u0131r ki, Kud\u00fcs, t\u00fcm d\u00fcnyad\u0131r. Oradaki M\u00fcsl\u00fcmanlar da t\u00fcm insanl\u0131kt\u0131r. Kud\u00fcs&rsquo;\u00fc ve M\u00fcsl\u00fcmanlar\u0131 koruyamayan bir d\u00fcnya kendi kendine ihanet etmi\u015ftir. Kendi kendini imha edecek bomban\u0131n pimini \u00e7ekmi\u015f demektir&#8221;<\/em> \u015feklinde g\u00f6zda\u011f\u0131 vermeye ba\u015flam\u0131\u015ft\u0131. Ama bunlar\u0131 ciddiye almayan \u0130srail, Erdo\u011fan&#8217;\u0131n konu\u015fmas\u0131 s\u0131ras\u0131nda Filistinlilere bir kez daha sald\u0131rm\u0131\u015ft\u0131. <\/span><\/strong><\/p>\n<p style=\"margin-bottom: 0cm; text-align: justify; text-indent: 1cm; line-height: 16pt;\"><strong><span style=\"font-size: 12pt; font-family: 'Arial', sans-serif;\">\u00c7\u00fcnk\u00fc Rahmetli Erbakan Hocam\u0131z\u0131n dedi\u011fi gibi <\/span><\/strong><strong><em><span style=\"font-size: 14pt; font-family: 'Arial', sans-serif;\">&ldquo;G\u00e2vur laftan de\u011fil, g\u00fc\u00e7ten anlard\u0131!..&rdquo;<\/span><\/em><\/strong><strong><span style=\"font-size: 12pt; font-family: 'Arial', sans-serif;\"> Ama Siyonist \u0130srail, bunlar\u0131n di\u015fini elli kere saym\u0131\u015ft\u0131. \u00c7\u00fcnk\u00fc Irak i\u015fgalinde ve y\u00fczbinlerce masum M\u00fcsl\u00fcman\u0131n katlinde Amerika&rsquo;ya destek olmu\u015flard\u0131&hellip; Ha\u00e7l\u0131 Bat\u0131&rsquo;n\u0131n ve NATO&rsquo;nun Kaddafi&rsquo;yi devirip Libya&rsquo;y\u0131 tahrip ve talan etmesinde ve on binlerce masum insan\u0131 \u00f6ld\u00fcrmesinde, onlara arka \u00e7\u0131km\u0131\u015flard\u0131&hellip; ABD-\u0130srail-AB ve Rusya&rsquo;n\u0131n Suriye&rsquo;yi gizli i\u015fgallerine ta\u015feronluk yapm\u0131\u015flard\u0131. Bu nedenle azg\u0131n \u0130srail bunlar\u0131n kurus\u0131k\u0131 palavralar\u0131n\u0131 hesaba katmazlard\u0131. <\/span><\/strong><\/p>\n<p style=\"margin-bottom: 0cm; text-align: justify; text-indent: 1cm; line-height: 16pt;\"><strong><span style=\"font-size: 14pt; font-family: 'Arial', sans-serif;\">Ha\u00e7l\u0131 Bat\u0131 Suriye Petrol\u00fcn\u00fc \u0130srail \u0130\u00e7in Ya\u011fmalam\u0131\u015flard\u0131! <\/span><\/strong><\/p>\n<p style=\"margin-bottom: 0cm; text-align: justify; text-indent: 1cm; line-height: 16pt;\"><strong><span style=\"font-size: 12pt; font-family: 'Arial', sans-serif;\">ABD&#8217;li eski diplomat J. Michael Springmann, Suriye&#8217;deki petrol\u00fc ya\u011fmalad\u0131klar\u0131n\u0131 a\u00e7\u0131klam\u0131\u015ft\u0131. Springmann, ya\u011fmadan Siyonist \u0130srail&#8217;in de faydalanaca\u011f\u0131n\u0131 vurgulam\u0131\u015ft\u0131. 2011 y\u0131l\u0131ndan beri i\u00e7 sava\u015f\u0131n ya\u015fand\u0131\u011f\u0131 Suriye&#8217;ye DEA\u015e bahanesiyle giren ABD&#8217;den itiraf gibi a\u00e7\u0131klama yap\u0131lm\u0131\u015ft\u0131. ABD&#8217;li eski diplomat J. Michael Springmann, <em>ABD&#8217;nin Suriye&#8217;deki ba\u015fta petrol olmak \u00fczere, t\u00fcm do\u011fal kaynaklar\u0131 b\u00f6lgeye daha fazla asker sevkiyat\u0131 yaparak ya\u011fmalad\u0131\u011f\u0131n\u0131<\/em> s\u00f6ylemekten sak\u0131nmam\u0131\u015ft\u0131. <\/span><\/strong><\/p>\n<p style=\"margin-bottom: 0cm; text-align: justify; text-indent: 1cm; line-height: 16pt;\"><strong><em><span style=\"font-size: 14pt; font-family: 'Arial', sans-serif;\">&ldquo;Ortado\u011fu&#8217;yu Petrol \u0130\u00e7in Kan G\u00f6l\u00fcne \u00c7evirdik&rdquo;<\/span><\/em><\/strong><strong><span style=\"font-size: 14pt; font-family: 'Arial', sans-serif;\"> \u0130tiraf\u0131<\/span><\/strong><\/p>\n<p style=\"margin-bottom: 0cm; text-align: justify; text-indent: 1cm; line-height: 16pt;\"><strong><span style=\"font-size: 12pt; font-family: 'Arial', sans-serif;\">Suudi Arabistan&#8217;da g\u00f6rev yapm\u0131\u015f ABD&#8217;li eski bir diplomat olan J. Michael Springmann, \u0130ran devlet televizyonu Press TV&#8217;ye konu\u015fmu\u015flard\u0131. Springmann, ABD&#8217;nin Suriye&#8217;deki do\u011fal kaynaklar\u0131 ya\u011fmalamak i\u00e7in Irak&#8217;taki askerlerini Suriye&#8217;ye g\u00f6nderdi\u011fini hat\u0131rlatm\u0131\u015ft\u0131. <em>&#8220;Ba\u015fta \u0130srail olmak \u00fczere di\u011fer b\u00f6lge \u00fclkeleri, ABD&rsquo;nin ya\u011fmalad\u0131\u011f\u0131 bu do\u011fal kaynaklardan yararlanacakt\u0131r&#8221;<\/em> diyen ABD&#8217;li eski diplomat, ABD&rsquo;nin y\u00fczlerce askerini Irak&rsquo;tan al\u0131p do\u011fal kaynak bak\u0131m\u0131ndan zengin olan Suriye&rsquo;nin kuzeyindeki Haseke \u015fehrine ta\u015f\u0131d\u0131\u011f\u0131n\u0131 da vurgulam\u0131\u015ft\u0131. <\/span><\/strong><\/p>\n<p style=\"margin-bottom: 0cm; text-align: justify; text-indent: 1cm; line-height: 16pt;\"><strong><span style=\"font-size: 14pt; font-family: 'Arial', sans-serif;\">\u0130\u015fte \u0130srail&#8217;in Kan Donduran Plan\u0131?<\/span><\/strong><\/p>\n<p style=\"margin-bottom: 0cm; text-align: justify; text-indent: 1cm; line-height: 16pt;\"><strong><span style=\"font-size: 14pt; font-family: 'Arial', sans-serif;\">Hamas S\u00f6zc\u00fcs\u00fc Sami Ebu Zuhri <em>&ldquo;\u0130srail&rsquo;in hedefi Kud\u00fcs&rsquo;te kalan son Filistinlileri yeni bir soyk\u0131r\u0131mla yok etmek ve Kud\u00fcs&rsquo;\u00fc tamamen Yahudile\u015ftirmektir&rdquo;<\/em> a\u00e7\u0131klamas\u0131n\u0131 yapm\u0131\u015ft\u0131!<\/span><\/strong><\/p>\n<p style=\"margin-bottom: 0cm; text-align: justify; text-indent: 1cm; line-height: 16pt;\"><strong><span style=\"font-size: 12pt; font-family: 'Arial', sans-serif;\">Hamas S\u00f6zc\u00fcs\u00fc Sami Ebu Zuhri, Ramazan s\u00fcrecinde ya\u015fanan olaylar\u0131 ve t\u00fcm d\u00fcnyada b\u00fcy\u00fck tepki g\u00f6ren son sald\u0131r\u0131y\u0131 de\u011ferlendirirken: <em>&ldquo;\u0130srail i\u015fgal devletinin destek verdi\u011fi gruplar \u00f6ncelikle Mescidin do\u011fu taraf\u0131ndaki Bab el-Rahme b\u00f6lgesini ele ge\u00e7irmek istiyor. \u0130lk b\u00f6l\u00fcnmenin ard\u0131ndan \u015eabat&rsquo;ta alan\u0131n tamamen Yahudilere tahsisini hedefliyorlar. Esas b\u00fcy\u00fck tahrik plan\u0131 Ramazan&#8217;\u0131n 28. g\u00fcn\u00fc i\u00e7in haz\u0131rland\u0131. Ba\u015fta fanatik Siyonist \u00f6rg\u00fct Lehava ve Kahani olmak \u00fczere bir\u00e7ok grup aylard\u0131r bu sald\u0131r\u0131 i\u00e7in haz\u0131rl\u0131k yapt\u0131. Ramazan ay\u0131n\u0131n 28. g\u00fcn\u00fcn\u00fcn (10 May\u0131s) \u00f6nemi ise \u0130brani takvimine g\u00f6re bu tarih (Yom Yerushalayim) yani Kud\u00fcs&rsquo;\u00fcn ilk i\u015fgal edildi\u011fi tarih olmas\u0131. Bu fanatik yap\u0131lara Otzma Yehudit (Yahudi G\u00fcc\u00fc) partisi ve Dini Siyonizm Partisi ba\u015fta olmak \u00fczere bir\u00e7ok \u0130srail parlamentosu (Knesset) \u00fcyesi de destek veriyor&rdquo;<\/em> uyar\u0131s\u0131nda bulunmu\u015flard\u0131. <\/span><\/strong><\/p>\n<p style=\"margin-bottom: 0cm; text-align: justify; text-indent: 1cm; line-height: 16pt;\"><strong><span style=\"font-size: 12pt; font-family: 'Arial', sans-serif;\">Evet, Kud\u00fcs ve Mescid-i Aksa ger\u00e7ek manada \u00e7ok b\u00fcy\u00fck bir tehditle ve yok olma tehlikesi ile kar\u015f\u0131 kar\u015f\u0131yad\u0131r. \u0130lk gece ya\u015fananlar \u0130srail&#8217;e \u015funu g\u00f6sterdi ki hi\u00e7bir \u015fey onlar\u0131n planlad\u0131\u011f\u0131 gibi olmayacakt\u0131r. Gece ba\u015flat\u0131lan gaz bombal\u0131, biber gazl\u0131, plastik ve ger\u00e7ek mermili sald\u0131r\u0131 dalgas\u0131 sabaha kar\u015f\u0131 k\u0131r\u0131lm\u0131\u015f ve Siyonistler t\u00fcm b\u00f6lgeden ka\u00e7m\u0131\u015ft\u0131r. Filistinliler onlar\u0131n karanl\u0131k plan\u0131n\u0131 ayaklar\u0131 alt\u0131nda \u00e7i\u011fneyip bo\u015fa \u00e7\u0131karm\u0131\u015ft\u0131r. Burada M\u00fcsl\u00fcmanlar t\u00fcm \u00fcmmet ad\u0131na bu i\u015fgalcilere ve sald\u0131r\u0131lara kar\u015f\u0131 n\u00f6bet tutuyor. Kud\u00fcs ilk k\u0131blemiz, g\u00f6klere a\u00e7\u0131lan kap\u0131m\u0131zd\u0131r. M\u00fcsl\u00fcmanlar bu i\u015fgale kar\u015f\u0131 topyek\u00fbn ayaklanmal\u0131d\u0131r. Kud\u00fcs bu kutsiyete haiz kutsal beldemiz, hepimizin onuru konumundad\u0131r. As\u0131l hedefin Kud\u00fcs&rsquo;\u00fc tamamen Yahudile\u015ftirmek ve Kud\u00fcs&#8217;te kalan son Filistinlileri de yeni bir soyk\u0131r\u0131mla yok etmek oldu\u011fu asla unutulmamal\u0131d\u0131r.<\/span><\/strong><\/p>\n<p style=\"margin-bottom: 0cm; text-align: justify; text-indent: 1cm; line-height: 16pt;\"><strong><span style=\"font-size: 14pt; font-family: 'Arial', sans-serif;\">T\u00fcrkiye&rsquo;nin Fiili ve Etkili Deste\u011fi \u015eartt\u0131r!<\/span><\/strong><\/p>\n<p style=\"margin-bottom: 0cm; text-align: justify; text-indent: 1cm; line-height: 16pt;\"><strong><span style=\"font-size: 12pt; font-family: 'Arial', sans-serif;\">T\u00fcrkiye&rsquo;nin bu s\u00fcre\u00e7lerdeki duyarl\u0131l\u0131\u011f\u0131 ve deste\u011finin Filistin i\u00e7in \u00e7ok de\u011ferli oldu\u011funu belirten Hamas S\u00f6zc\u00fcs\u00fcn\u00fcn: <\/span><\/strong><strong><em><span style=\"font-size: 14pt; font-family: 'Arial', sans-serif;\">&ldquo;T\u00fcrkiye&rsquo;nin olaylar\u0131n ilk an\u0131ndan itibaren sergiledi\u011fi tav\u0131r, devlet d\u00fczeyinde ve parti, STK ve halk nezdinde sergilenen tepki takdire \u015fayand\u0131r. Ama art\u0131k somut ve cayd\u0131r\u0131c\u0131 ad\u0131mlar\u0131n at\u0131lmas\u0131 laz\u0131md\u0131r!&rdquo;<\/span><\/em><\/strong><strong><span style=\"font-size: 12pt; font-family: 'Arial', sans-serif;\"> feryad\u0131na kulak kabartmal\u0131d\u0131r. <\/span><\/strong><\/p>\n<p style=\"margin-bottom: 0cm; text-align: justify; text-indent: 1cm; line-height: 16pt;\"><strong><span style=\"font-size: 14pt; font-family: 'Arial', sans-serif;\">M\u00fcsl\u00fcman \u00dclkelerden \u0130srail&#8217;e Mescid-i Aksa Uyar\u0131s\u0131! <\/span><\/strong><\/p>\n<p style=\"margin-bottom: 0cm; text-align: justify; text-indent: 1cm; line-height: 16pt;\"><strong><span style=\"font-size: 12pt; font-family: 'Arial', sans-serif;\">T\u00fcrkiye, \u00dcrd\u00fcn, Suudi Arabistan, BAE, Pakistan, \u0130ran ve Rusya, Mescid-i Aksa&#8217;da ibadet edenlere \u0130srail polisi taraf\u0131ndan yap\u0131lan sald\u0131r\u0131lar\u0131 k\u0131nam\u0131\u015flard\u0131. Ancak bu k\u0131namalar\u0131 \u0130srail takmamaktayd\u0131. Pakistan D\u0131\u015fi\u015fleri Bakanl\u0131\u011f\u0131ndan yap\u0131lan a\u00e7\u0131klamada, \u00f6zellikle kutlu Ramazan ay\u0131nda d\u00fczenlenen bu t\u00fcr sald\u0131r\u0131lar\u0131n, t\u00fcm insani normlara ve insan haklar\u0131 hukukuna kar\u015f\u0131 oldu\u011fu vurgulanarak \u0130slamabad y\u00f6netiminin, <em>&#8220;\u0130srail i\u015fgal g\u00fc\u00e7lerince Mescid-i Aksa&#8217;da ibadet edenlere y\u00f6nelik sald\u0131r\u0131y\u0131 \u015fiddetle k\u0131n\u0131yoruz&#8221;<\/em> ifadesi yer alm\u0131\u015ft\u0131.<\/span><\/strong><\/p>\n<p style=\"margin-bottom: 0cm; text-align: justify; text-indent: 1cm; line-height: 16pt;\"><strong><span style=\"font-size: 12pt; font-family: 'Arial', sans-serif;\">\u0130ran D\u0131\u015fi\u015fleri Bakanl\u0131\u011f\u0131 S\u00f6zc\u00fcs\u00fc Said Hatibzade, \u0130srail g\u00fc\u00e7lerinin Mescid-i Aksa&#8217;da ibadet eden Filistinlilere y\u00f6nelik sald\u0131r\u0131s\u0131n\u0131 k\u0131nad\u0131. Hatibzade, D\u0131\u015fi\u015fleri Bakanl\u0131\u011f\u0131 sitesinde payla\u015f\u0131lan yaz\u0131l\u0131 a\u00e7\u0131klamas\u0131nda, <em>\u0130srail&#8217;in en temel insan haklar\u0131n\u0131 ihlal etti\u011fini belirterek buna kar\u015f\u0131 uluslararas\u0131 d\u00fczeyde acil ad\u0131mlar at\u0131lmas\u0131 gerekti\u011fini<\/em> vurgulam\u0131\u015ft\u0131. <\/span><\/strong><\/p>\n<p style=\"margin-bottom: 0cm; text-align: justify; text-indent: 1cm; line-height: 16pt;\"><strong><span style=\"font-size: 12pt; font-family: 'Arial', sans-serif;\">Suudi Arabistan D\u0131\u015fi\u015fleri Bakanl\u0131\u011f\u0131ndan yap\u0131lan yaz\u0131l\u0131 a\u00e7\u0131klamada, Suudi Arabistan&#8217;\u0131n, <em>b\u00f6lgede g\u00fcvenlik ve istikrar sa\u011flama ama\u00e7l\u0131 bar\u0131\u015f s\u00fcrecini yeniden ba\u015flatma \u015fans\u0131n\u0131 zay\u0131flatabilecek tek tarafl\u0131 ad\u0131mlar at\u0131lmas\u0131n\u0131 ve uluslararas\u0131 me\u015fru kararlar\u0131n ihlalini k\u0131nad\u0131\u011f\u0131n\u0131<\/em> tekrarlam\u0131\u015ft\u0131. <\/span><\/strong><\/p>\n<p style=\"margin-bottom: 0cm; text-align: justify; text-indent: 1cm; line-height: 16pt;\"><strong><span style=\"font-size: 12pt; font-family: 'Arial', sans-serif;\">BAE&#8217;den yap\u0131lan a\u00e7\u0131klamada ise, <em>i\u015fgal alt\u0131ndaki Do\u011fu Kud\u00fcs&#8217;teki \u015fiddet olaylar\u0131ndan duyulan endi\u015fe<\/em> aktar\u0131lm\u0131\u015ft\u0131.<\/span><\/strong><\/p>\n<p style=\"margin-bottom: 0cm; text-align: justify; text-indent: 1cm; line-height: 16pt;\"><strong><span style=\"font-size: 12pt; font-family: 'Arial', sans-serif;\">\u00dcrd\u00fcn D\u0131\u015fi\u015fleri Bakanl\u0131\u011f\u0131 S\u00f6zc\u00fcs\u00fc Dayf el-Fayiz, \u0130srail g\u00fc\u00e7lerinin Ramazan ay\u0131nda ve iftardan k\u0131sa bir s\u00fcre sonra Harem-i \u015eerif&#8217;te namaz k\u0131lanlara y\u00f6nelik plastik mermi ve ses bombas\u0131yla m\u00fcdahalesinin ard\u0131ndan yapt\u0131\u011f\u0131 a\u00e7\u0131klamada, sald\u0131r\u0131ya y\u00f6nelik tepkisini <em>&#8220;Harem-i \u015eerif&#8217;e yap\u0131lan bask\u0131n\u0131n ve bar\u0131\u015f i\u00e7inde ibadet edenlere y\u00f6nelik sald\u0131r\u0131n\u0131n, a\u00e7\u0131k bir ihlal ve barbarca bir davran\u0131\u015f&#8221;<\/em> \u015feklinde a\u00e7\u0131klanm\u0131\u015ft\u0131. <\/span><\/strong><\/p>\n<p style=\"margin-bottom: 0cm; text-align: justify; text-indent: 1cm; line-height: 16pt;\"><strong><span style=\"font-size: 14pt; font-family: 'Arial', sans-serif;\">Kanada&#8217;n\u0131n \u0130srail&#8217;e Kar\u015f\u0131 Tavr\u0131 Daha Tutarl\u0131yd\u0131!<\/span><\/strong><\/p>\n<p style=\"margin-bottom: 0cm; text-align: justify; text-indent: 1cm; line-height: 16pt;\"><strong><span style=\"font-size: 12pt; font-family: 'Arial', sans-serif;\">\u0130srailli diplomatik g\u00f6revlilerin, \u0130srail ordusu i\u00e7in Kanada&#8217;da asker toplamaya \u00e7al\u0131\u015ft\u0131\u011f\u0131na dikkati \u00e7eken Kanada Federal Parlamentosu&#8217;nun, muhalefetteki Yeni Demokrat Partili \u00fcyesi Hamilton Milletvekili Matthew Green, parlamentonun resmi internet sitesinde \u0130srail kar\u015f\u0131t\u0131 imza kampanyas\u0131 ba\u015flatm\u0131\u015ft\u0131. Kanada Yabanc\u0131 Kay\u0131t Yasas\u0131&#8217;n\u0131n, <em>&#8220;Kanada&#8217;da herhangi bir ki\u015fiyi herhangi bir yabanc\u0131 devletin silahl\u0131 kuvvetlerinde askere almaya veya kabul etmeye te\u015fvik eden ki\u015finin su\u00e7lu oldu\u011funu&#8221;<\/em> h\u00fck\u00fcm alt\u0131na ald\u0131\u011f\u0131n\u0131 hat\u0131rlatan Green, kampanyan\u0131n a\u00e7\u0131klama metninde, \u015fu g\u00f6r\u00fc\u015fleri aktarm\u0131\u015ft\u0131.<\/span><\/strong><\/p>\n<p style=\"margin-bottom: 0cm; text-align: justify; text-indent: 1cm; line-height: 16pt;\"><strong><em><span style=\"font-size: 12pt; font-family: 'Arial', sans-serif;\">&ldquo;Toronto&#8217;daki \u0130srail Konsoloslu\u011fu, yaln\u0131zca zorunlu hizmet yapmas\u0131 gerekenler i\u00e7in de\u011fil, \u0130srail Savunma Kuvvetleri IDF&#8217;ye kat\u0131lmak isteyenlere ki\u015fisel randevular i\u00e7in bir IDF temsilcisi ilan etti. IDF, 2015 y\u0131l\u0131ndan bu yana en az iki Kanada vatanda\u015f\u0131n\u0131 vurarak yaralad\u0131, Cenevre S\u00f6zle\u015fmesi&#8217;ni defalarca ihlal etti. Suriye ve L\u00fcbnan&#8217;a f\u00fcze veya drone ile yasa d\u0131\u015f\u0131 bir \u015fekilde sald\u0131rd\u0131. Kanada B\u00fcy\u00fckel\u00e7isi, 16 Ocak 2020&#8217;de IDF&#8217;de g\u00f6rev yapan Kanadal\u0131lar\u0131 onurland\u0131ran bir etkinlik ger\u00e7ekle\u015ftirdi.&rdquo;<\/span><\/em><\/strong><\/p>\n<p style=\"margin-bottom: 0cm; text-align: justify; text-indent: 1cm; line-height: 16pt;\"><strong><span style=\"font-size: 12pt; font-family: 'Arial', sans-serif;\">\u0130srail Ordusunun Kanada&#8217;dan asker toplamas\u0131na dair resmi \u015fikayetlerde bulunuldu\u011funa da de\u011finen Green, kampanya davetini, <em>&#8220;A\u015fa\u011f\u0131da imzas\u0131 bulunan bizler, Adalet Bakan\u0131n\u0131 \u0130srail Savunma Kuvvetleri i\u00e7in askere al\u0131nmay\u0131 sa\u011flayan veya kolayla\u015ft\u0131ran ki\u015filer hakk\u0131nda kapsaml\u0131 bir soru\u015fturma ba\u015flatmaya ve ilgili olanlara kar\u015f\u0131 su\u00e7lamalarda bulunmaya \u00e7a\u011f\u0131r\u0131yoruz.&#8221;<\/em> \u015feklinde tamamlam\u0131\u015ft\u0131. Bu arada Kanada Federal Parlamentosundaki muhalefet partilerinden Yeni Demokrat Partinin Lideri Jagmeet Singh, Kanada Ba\u015fbakan\u0131 Justin Trudea&#8217;ya Filistin&#8217;deki geli\u015fmeler i\u00e7in tav\u0131r almas\u0131 \u00e7a\u011fr\u0131s\u0131nda bulunmu\u015flard\u0131. <\/span><\/strong><\/p>\n<p style=\"margin-bottom: 0cm; text-align: justify; text-indent: 1cm; line-height: 16pt;\"><strong><span style=\"font-size: 14pt; font-family: 'Arial', sans-serif;\">Rusya D\u0131\u015fi\u015fleri Bakanl\u0131\u011f\u0131 da<\/span><\/strong><strong><span style=\"font-size: 12pt; font-family: 'Arial', sans-serif;\"> sald\u0131r\u0131y\u0131 k\u0131nayarak taraflar\u0131 gerilimi t\u0131rmand\u0131racak ad\u0131mlardan ka\u00e7\u0131nmaya \u00e7a\u011f\u0131rm\u0131\u015ft\u0131: <em>&#8220;Do\u011fu Kud\u00fcs&#8217;te sivillere y\u00f6nelik sald\u0131r\u0131y\u0131 kararl\u0131l\u0131kla k\u0131n\u0131yoruz. Ya\u015fanan geli\u015fmeler Moskova&#8217;da derin bir endi\u015feyle kar\u015f\u0131land\u0131. T\u00fcm taraflar\u0131 \u015fiddeti t\u0131rmand\u0131racak ad\u0131mlardan ka\u00e7\u0131nmaya \u00e7a\u011f\u0131r\u0131yoruz. Bu t\u00fcr eylemler, uluslararas\u0131 hukuka ayk\u0131r\u0131 olup 1967 y\u0131l\u0131ndaki s\u0131n\u0131rlar dahilinde bar\u0131\u015f ve g\u00fcvenlik i\u00e7inde bir arada var olan Filistin ve \u0130srail devletlerinin kurulmas\u0131na dayanan bar\u0131\u015f\u00e7\u0131l bir \u00e7\u00f6z\u00fcme ula\u015f\u0131lmas\u0131n\u0131 engelliyor. BM G\u00fcvenlik Konseyi kararlar\u0131nda yans\u0131t\u0131lan ilkeli ve tutarl\u0131 tutumunu yeniden teyit ediyoruz. Buna g\u00f6re; topraklar\u0131n ve \u00fczerindeki m\u00fclklerin kamula\u015ft\u0131r\u0131lmas\u0131n\u0131n yan\u0131 s\u0131ra, Do\u011fu Kud\u00fcs dahil i\u015fgal alt\u0131ndaki Filistin topraklar\u0131nda \u0130srail taraf\u0131ndan yerle\u015fim birimleri kurulmas\u0131n\u0131n yasal h\u00fckm\u00fc bulunmuyor&#8221;<\/em> a\u00e7\u0131klamas\u0131 yap\u0131lm\u0131\u015ft\u0131. <\/span><\/strong><\/p>\n<p style=\"margin-bottom: 0cm; text-align: justify; text-indent: 1cm; line-height: 16pt;\"><strong><span style=\"font-size: 14pt; font-family: 'Arial', sans-serif;\">Erdo\u011fan g\u00fcya \u0130srail&rsquo;i sert s\u00f6zlerle k\u0131narken, bir yandan da Azerbaycan arac\u0131l\u0131\u011f\u0131yla Siyonistlerle uzla\u015fma aray\u0131\u015f\u0131ndayd\u0131!<\/span><\/strong><\/p>\n<p style=\"margin-bottom: 0cm; text-align: justify; text-indent: 1cm; line-height: 16pt;\"><strong><span style=\"font-size: 12pt; font-family: 'Arial', sans-serif;\">Cumhurba\u015fkan\u0131 Erdo\u011fan&rsquo;\u0131n <em>&ldquo;Kud\u00fcs&#8217;te Mescid-i Aksa ve M\u00fcsl\u00fcmanlara y\u00f6nelik al\u00e7ak sald\u0131r\u0131lar\u0131n derhal durdurulmas\u0131n\u0131 istiyoruz&rdquo;<\/em> \u00e7\u0131k\u0131\u015f\u0131 i\u015fe yaramam\u0131\u015ft\u0131. Erdo\u011fan, payla\u015f\u0131m\u0131nda, <em>&#8220;Kud\u00fcs t\u00fcm d\u00fcnyad\u0131r, oradaki M\u00fcsl\u00fcmanlar da t\u00fcm insanl\u0131kt\u0131r. Mukaddes \u015fehir Kud\u00fcs&#8217;\u00fcn onurunu, \u015ferefini, izzetini, haysiyetini korumak her bir M\u00fcsl\u00fcman&#8217;\u0131n boynunun borcudur. Mescid-i Aksa ba\u015fta olmak \u00fczere Kud\u00fcs&#8217;teki ibadethanelere ve M\u00fcsl\u00fcmanlara y\u00f6nelik her sald\u0131r\u0131 ayn\u0131 zamanda bizlere yap\u0131lm\u0131\u015f demektir. \u00dc\u00e7 dinin kutsallar\u0131n\u0131 bar\u0131nd\u0131ran Kud\u00fcs&#8217;\u00fc vicdans\u0131z, ahl\u00e2ks\u0131z, hukuksuz, sayg\u0131s\u0131z sald\u0131r\u0131lar\u0131yla kirleten zalimlere kar\u015f\u0131 \u00e7\u0131kmak &#8216;insan\u0131m&#8217; diyen her bireyin vazifesidir. \u0130srail devletinin sald\u0131r\u0131lar\u0131na sessiz kalarak veya kayda de\u011fer tav\u0131r ortaya koymayarak, dolayl\u0131 \u015fekilde destek veren herkes orada ya\u015fanan zulme ortakt\u0131r&#8221;<\/em> ifadelerini kullanm\u0131\u015ft\u0131. <\/span><\/strong><\/p>\n<p style=\"margin-bottom: 0cm; text-align: justify; text-indent: 1cm; line-height: 16pt;\"><strong><span style=\"font-size: 14pt; font-family: 'Arial', sans-serif;\">Azerbaycan&rsquo;\u0131n \u0130srail&rsquo;le uzla\u015fmaya Arabuluculuk \u00e7abas\u0131ndan, herhalde Sn. Erdo\u011fan&rsquo;\u0131n da haberi vard\u0131!?<\/span><\/strong><\/p>\n<p style=\"margin-bottom: 0cm; text-align: justify; text-indent: 1cm; line-height: 16pt;\"><strong><span style=\"font-size: 14pt; font-family: 'Arial', sans-serif;\">Normalle\u015fme \u00fcmmete ihanet say\u0131l\u0131rd\u0131!<\/span><\/strong><\/p>\n<p style=\"margin-bottom: 0cm; text-align: justify; text-indent: 1cm; line-height: 16pt;\"><strong><span style=\"font-size: 14pt; font-family: 'Arial', sans-serif;\">Azerbaycan&rsquo;\u0131n, T\u00fcrkiye ile Siyonist \u0130srail aras\u0131nda arabulucu olma \u0131srar\u0131 Azerbaycan Cumhurba\u015fkan\u0131 Yard\u0131mc\u0131s\u0131 Hikmet Hac\u0131yev&rsquo;in &ldquo;Biz haz\u0131r\u0131z&rdquo; mesaj\u0131yla netlik kazanm\u0131\u015ft\u0131. Azerbaycan&rsquo;\u0131n yo\u011fun \u00e7aba g\u00f6sterdi\u011fi, h\u00fck\u00fcmetin s\u0131cak bakt\u0131\u011f\u0131, \u0130srail&rsquo;in ise temkinli yakla\u015ft\u0131\u011f\u0131 normalle\u015fme ser\u00fcveninde kaybeden Filistin m\u00fccadelesi ve t\u00fcm \u0130slam \u00fcmmeti olacakt\u0131. <\/span><\/strong><\/p>\n<p style=\"margin-bottom: 0cm; text-align: justify; text-indent: 1cm; line-height: 16pt;\"><strong><span style=\"font-size: 12pt; font-family: 'Arial', sans-serif;\">Azerbaycan&rsquo;\u0131n, T\u00fcrkiye ile Siyonist \u0130srail aras\u0131nda arabulucu olma \u0131srar\u0131 kafalar\u0131 kar\u0131\u015ft\u0131rm\u0131\u015ft\u0131. Azerbaycan Cumhurba\u015fkan\u0131 Yard\u0131mc\u0131s\u0131 Hikmet Hac\u0131yev, yapt\u0131\u011f\u0131 a\u00e7\u0131klamada <em>&ldquo;T\u00fcrkiye ve \u0130srail aras\u0131nda arabulucu olabiliriz&rdquo;<\/em> mesaj\u0131 aktarm\u0131\u015ft\u0131. Karaba\u011f m\u00fccadelesinde T\u00fcrkiye halk\u0131n\u0131n b\u00fcy\u00fck deste\u011fini alan Azerbaycan&rsquo;\u0131n, T\u00fcrkiye&rsquo;yi Siyonist \u0130srail&rsquo;le ittifaka \u00e7ekmeye \u00e7al\u0131\u015fmas\u0131 Filistin m\u00fccadelesine destek veren kitlelerde rahats\u0131zl\u0131k uyand\u0131rm\u0131\u015ft\u0131. T\u00fcrkiye-\u0130srail ili\u015fkileri konusunda tutars\u0131z bir politika izleyen AKP h\u00fck\u00fcmetinin bu giri\u015fime \u00e7ok ilgili olmas\u0131 ise dikkatlerden ka\u00e7mam\u0131\u015ft\u0131. <\/span><\/strong><\/p>\n<p style=\"margin-bottom: 0cm; text-align: justify; text-indent: 1cm; line-height: 16pt;\"><strong><span style=\"font-size: 14pt; font-family: 'Arial', sans-serif;\">Normalle\u015fme Filistin M\u00fccadelesine B\u00fcy\u00fck Zarard\u0131!<\/span><\/strong><\/p>\n<p style=\"margin-bottom: 0cm; text-align: justify; text-indent: 1cm; line-height: 16pt;\"><strong><span style=\"font-size: 12pt; font-family: 'Arial', sans-serif;\">Ramazan-\u0131 \u015eerif&rsquo;in manevi iklimine giren \u0130slam co\u011frafyalar\u0131nda Siyonist \u0130srail fitnesi h\u0131z\u0131n\u0131 art\u0131rm\u0131\u015ft\u0131. Arap \u00fclkeleriyle \u00fcst \u00fcste normalle\u015fme anla\u015fmalar\u0131 imzalayan, son a\u015famada Balkanlar&rsquo;daki \u0130slam \u00fclkelerini yan\u0131na almaya \u00e7al\u0131\u015fan \u0130srail&rsquo;in, Azerbaycan&rsquo;la uzun y\u0131llard\u0131r s\u00fcrd\u00fcrd\u00fc\u011f\u00fc yak\u0131n ili\u015fkileri mide buland\u0131r\u0131c\u0131yd\u0131. Siyasi, ekonomi ve askeri anlamda normalle\u015fmenin \u00e7ok \u00f6tesinde ili\u015fkileri bulunan \u0130srail-Azerbaycan ittifak\u0131na T\u00fcrkiye de d\u00e2hil edilmeye \u00e7al\u0131\u015f\u0131lmaktayd\u0131. AKP h\u00fck\u00fcmetinin s\u0131cak bakt\u0131\u011f\u0131, \u0130srail&rsquo;in temkinli yakla\u015ft\u0131\u011f\u0131, Azerbaycan&rsquo;\u0131n ise arabulucu olmak i\u00e7in yo\u011fun \u00e7aba g\u00f6sterdi\u011fi normalle\u015fme ser\u00fcveninin anla\u015fmayla sonu\u00e7lanmas\u0131 durumunda, kaybeden yine \u0130slam \u00fcmmeti ve Filistin m\u00fccadelesi olacakt\u0131. <\/span><\/strong><\/p>\n<p style=\"margin-bottom: 0cm; text-align: justify; text-indent: 1cm; line-height: 16pt;\"><strong><span style=\"font-size: 14pt; font-family: 'Arial', sans-serif;\">\u00dc\u00e7l\u00fc \u0130ttifak Giri\u015fiminin Temeli Karaba\u011f Sava\u015f\u0131&rsquo;nda At\u0131lm\u0131\u015ft\u0131!<\/span><\/strong><\/p>\n<p style=\"margin-bottom: 0cm; text-align: justify; text-indent: 1cm; line-height: 16pt;\"><strong><span style=\"font-size: 12pt; font-family: 'Arial', sans-serif;\">\u0130srail ve Azerbaycan aras\u0131nda uzun y\u0131llard\u0131r devam eden stratejik ortakl\u0131\u011fa T\u00fcrkiye&rsquo;nin de d\u00e2hil edilme plan\u0131n\u0131n temeli, 27 Eyl\u00fcl &#8211; 10 Kas\u0131m 2020 tarihleri aras\u0131nda ya\u015fanan Karaba\u011f Sava\u015f\u0131&rsquo;nda at\u0131lm\u0131\u015ft\u0131. Azerbaycan ordusu, 44 g\u00fcnl\u00fck Karaba\u011f Sava\u015f\u0131&rsquo;nda T\u00fcrkiye ve \u0130srail yap\u0131m\u0131 silahl\u0131 insans\u0131z hava ara\u00e7lar\u0131 sayesinde Ermenistan&rsquo;a kar\u015f\u0131 \u00fcst\u00fcn bir ba\u015far\u0131 kazanm\u0131\u015ft\u0131. Karaba\u011f Zaferi&rsquo;ni T\u00fcrkiye&rsquo;nin deste\u011fiyle kazand\u0131klar\u0131n\u0131 her f\u0131rsatta dile getiren Azerbaycan y\u00f6netimi, \u0130srail ve T\u00fcrkiye aras\u0131nda normalle\u015fme anla\u015fmas\u0131na arabulucu olmakta \u00e7ok istekli davranmaya ba\u015flam\u0131\u015ft\u0131.<\/span><\/strong><\/p>\n<p style=\"margin-bottom: 0cm; text-align: justify; text-indent: 1cm; line-height: 16pt;\"><strong><span style=\"font-size: 14pt; font-family: 'Arial', sans-serif;\">Erdo\u011fan da \u0130srail&rsquo;e Ye\u015fil I\u015f\u0131k Yakm\u0131\u015ft\u0131<\/span><\/strong><\/p>\n<p style=\"margin-bottom: 0cm; text-align: justify; text-indent: 1cm; line-height: 16pt;\"><strong><span style=\"font-size: 12pt; font-family: 'Arial', sans-serif;\">Cumhurba\u015fkan\u0131 Recep Tayyip Erdo\u011fan, 26 Aral\u0131k 2020 tarihli a\u00e7\u0131klamas\u0131nda, \u0130srail taraf\u0131na s\u0131cak mesajlar yollam\u0131\u015ft\u0131. Cumhurba\u015fkan\u0131 Erdo\u011fan, <em>&ldquo;\u0130srail ile istihbari noktada m\u00fcnasebetimiz kesilmi\u015f de\u011fil. Sadece en tepe noktadaki ki\u015filerle baz\u0131 s\u0131k\u0131nt\u0131lar ya\u015f\u0131yoruz. En tepe noktadaki ki\u015filerle bu t\u00fcr s\u0131k\u0131nt\u0131lar olmasa ili\u015fkilerimiz \u00e7ok farkl\u0131 olabilirdi. Yoksa g\u00f6nl\u00fcm\u00fcz arzu eder ki; onlarla da m\u00fcnasebetlerimizi daha iyi bir noktaya ta\u015f\u0131yal\u0131m&rdquo;<\/em> diye konu\u015fmu\u015flard\u0131. Yak\u0131n bir zamanda \u0130srail rejiminden yap\u0131lan \u00fcst d\u00fczey bir a\u00e7\u0131klamada, <\/span><\/strong><strong><em><span style=\"font-size: 14pt; font-family: 'Arial', sans-serif;\">T\u00fcrkiye&rsquo;nin \u0130srail&rsquo;e b\u00fcy\u00fckel\u00e7i atamas\u0131 i\u00e7in Tel Aviv y\u00f6netiminden onay bekledi\u011fi<\/span><\/em><\/strong><strong><span style=\"font-size: 12pt; font-family: 'Arial', sans-serif;\"> a\u00e7\u0131klanm\u0131\u015ft\u0131.<\/span><\/strong><\/p>\n<p style=\"margin-bottom: 0cm; text-align: justify; text-indent: 1cm; line-height: 16pt;\"><strong><span style=\"font-size: 14pt; font-family: 'Arial', sans-serif;\">\u0130srail: <em>&ldquo;Anla\u015fma Bizi Ba\u011flamaz&rdquo;<\/em> Diye ABD&#8217;ye Ba\u015fkald\u0131rm\u0131\u015ft\u0131!<\/span><\/strong><\/p>\n<p style=\"margin-bottom: 0cm; text-align: justify; text-indent: 1cm; line-height: 16pt;\"><strong><span style=\"font-size: 12pt; font-family: 'Arial', sans-serif;\">\u0130srail Ba\u015fbakan\u0131 Binyamin Netanyahu, Joe Biden ba\u015fkanl\u0131\u011f\u0131ndaki ABD y\u00f6netimine \u0130ran ile yap\u0131lacak herhangi bir anla\u015fman\u0131n \u0130srail&rsquo;i ba\u011flamayaca\u011f\u0131n\u0131 a\u00e7\u0131klam\u0131\u015ft\u0131. \u0130srail&rsquo;in Yediot Ahronot gazetesinin haberine g\u00f6re Netanyahu, Bat\u0131 Kud\u00fcs&rsquo;te Yahudi soyk\u0131r\u0131m\u0131 (Holokost) olaylar\u0131n\u0131n y\u0131ld\u00f6n\u00fcm\u00fc m\u00fcnasebetiyle d\u00fczenlenen programda yapt\u0131\u011f\u0131 konu\u015fmada, Avusturya&rsquo;n\u0131n ba\u015fkenti Viyana&rsquo;da ba\u015flayan ve ABD&rsquo;nin dolayl\u0131 olarak kat\u0131ld\u0131\u011f\u0131 \u0130ran n\u00fckleer anla\u015fmas\u0131 g\u00f6r\u00fc\u015fmelerini ele alm\u0131\u015ft\u0131. Netanyahu, &ldquo;D\u00fcnyadaki en iyi dostlar\u0131m\u0131za (Amerikal\u0131lara) \u0130ran ile yap\u0131lacak herhangi bir anla\u015fman\u0131n bizi ba\u011flamayaca\u011f\u0131n\u0131 ve bu anla\u015fman\u0131n n\u00fckleer silahlanmas\u0131n\u0131n \u00f6n\u00fcn\u00fc a\u00e7aca\u011f\u0131n\u0131 s\u00f6yl\u00fcyorum&rdquo; diye \u00e7\u0131k\u0131\u015fm\u0131\u015ft\u0131. \u0130ran ile yap\u0131lacak herhangi bir anla\u015fman\u0131n \u0130srail&rsquo;i ba\u011flamayaca\u011f\u0131n\u0131 vurgulayan Netanyahu, <em>&ldquo;Bizi ba\u011flayan tek bir \u015fey var, o da bizi yok etmeye \u00e7al\u0131\u015fan d\u00fc\u015fman\u0131n komplosunu engellemektir.&rdquo;<\/em> ifadelerini kullanm\u0131\u015ft\u0131. <\/span><\/strong><\/p>\n<p style=\"margin-bottom: 0cm; text-align: justify; text-indent: 1cm; line-height: 16pt;\"><strong><span style=\"font-size: 14pt; font-family: 'Arial', sans-serif;\">Art\u0131k herkesin anlamas\u0131 gereken bir ger\u00e7ek vard\u0131: \u0130srail ABD&rsquo;nin de\u011fil, ABD \u0130srail&rsquo;in ve Siyonist Yahudi Lobilerinin etkisi alt\u0131ndayd\u0131.<\/span><\/strong><\/p>\n<p style=\"margin-bottom: 0cm; text-align: justify; text-indent: 1cm; line-height: 16pt;\"><strong><span style=\"font-size: 14pt; font-family: 'Arial', sans-serif;\">Ama \u0130srail Ter\u00f6r \u015eebekesinin art\u0131k sonu yakla\u015fm\u0131\u015ft\u0131. Kur&rsquo;an bu durumu \u015f\u00f6yle ortaya koymaktayd\u0131:<\/span><\/strong><\/p>\n<p style=\"margin-bottom: 0cm; text-align: justify; text-indent: 1cm; line-height: 16pt;\"><strong><span style=\"font-size: 12pt; font-family: 'Arial', sans-serif;\">\u0130sra Suresi:<\/span><\/strong><\/p>\n<p style=\"margin-bottom: 0cm; text-align: justify; text-indent: 1cm; line-height: 16pt;\"><strong><span style=\"font-size: 12pt; font-family: 'Arial', sans-serif;\">4- Biz <\/span><\/strong><strong><span style=\"font-size: 12pt; font-family: 'Arial', sans-serif;\">Kitapta <em>(Levh-i Mahfuz&rsquo;da -kader program\u0131nda-, olacaklar\u0131 \u00f6nceden bildi\u011fimizden)<\/em> \u0130srailo\u011fullar\u0131na \u015fu h\u00fckm\u00fc verip <em>(kararla\u015ft\u0131rd\u0131k)<\/em>: &ldquo;Muhakkak siz yer<em>(y\u00fcz\u00fcn)<\/em>de iki defa <em>(\u00e7ok yayg\u0131n ve azg\u0131n bir fesatl\u0131kla)<\/em> bozgunculuk \u00e7\u0131karacaks\u0131n\u0131z ve muhakkak b\u00fcy\u00fck bir kibirleni\u015f-y\u00fckseli\u015fle b\u00f6b\u00fcrlenip \u015f\u0131maracaks\u0131n\u0131z. <em>(Ekonomik, askeri ve siyasi g\u00fcc\u00fc ele ge\u00e7irecek ve b\u00f6lgeye h\u00fck\u00fcmran olacaks\u0131n\u0131z. Ne var ki bununla \u015f\u0131maracak; haks\u0131zl\u0131\u011fa ve ahl\u00e2ks\u0131zl\u0131\u011fa ba\u015flayacaks\u0131n\u0131z.)<\/em>&rdquo; <\/span><\/strong><\/p>\n<p style=\"margin-bottom: 0cm; text-align: justify; text-indent: 1cm; line-height: 16pt;\"><strong><span style=\"font-size: 12pt; font-family: 'Arial', sans-serif;\">5- Nitekim <em>(bunlardan)<\/em> ilk vaid <em>(birinci azg\u0131nl\u0131\u011f\u0131n\u0131z\u0131 cezaland\u0131rma vakti)<\/em> geldi\u011fi zaman g\u00fc\u00e7 ve \u015fiddet sahibi kullar\u0131m\u0131z\u0131 <em>(\u0130slam kaynaklar\u0131nda Buhtunnasr, Bat\u0131l\u0131larca Nabukadnezar denen komutan\u0131 ve ordular\u0131n\u0131)<\/em> \u00fczerinize g\u00f6nderdik de sizi evlerin aralar\u0131na kadar girip ara\u015ft\u0131r\u0131p <em>(buldular, yurtlar\u0131n\u0131z\u0131 ve zul\u00fcm saltanatlar\u0131n\u0131z\u0131 y\u0131kt\u0131lar).<\/em> Bu yerine getirilmesi gereken bir s\u00f6zd\u00fc <em>(ve tarihte aynen ger\u00e7ekle\u015fmi\u015f bulunmaktayd\u0131.)<\/em><\/span><\/strong><\/p>\n<p style=\"margin-bottom: 0cm; text-align: justify; text-indent: 1cm; line-height: 16pt;\"><strong><span style=\"font-size: 12pt; font-family: 'Arial', sans-serif;\">6- Sonra size tekrar &ldquo;g\u00fc\u00e7 ve kuvvet sa\u011flay\u0131p <em>(insanlar\u0131n)<\/em> \u00fczerine geri d\u00f6nd\u00fcrm\u00fc\u015f olaca\u011f\u0131z&rdquo;, size mallar ve \u00e7ocuklarla destek \u00e7\u0131kaca\u011f\u0131z, <em>(kar\u015f\u0131l\u0131ks\u0131z dolarla ve masonik organizasyonlarla Siyonist s\u00f6m\u00fcr\u00fc saltanat\u0131n\u0131 kuracaks\u0131n\u0131z)<\/em> ve sizin cemaat ve te\u015fkilat\u0131n\u0131z\u0131 da <em>(etkinle\u015ftirip)<\/em> \u00e7o\u011faltaca\u011f\u0131z. <em>(\u00d6rne\u011fin, BM ve NATO gibi kurulu\u015flar\u0131 g\u00fcd\u00fcm\u00fcn\u00fcze al\u0131p s\u00f6z sahibi olacak ve k\u00f6t\u00fc ama\u00e7lar\u0131n\u0131z i\u00e7in kullanmaya kalk\u0131\u015facaks\u0131n\u0131z!..)<\/em><\/span><\/strong><\/p>\n<p style=\"margin-bottom: 0cm; text-align: justify; text-indent: 1cm; line-height: 16pt;\"><strong><span style=\"font-size: 12pt; font-family: 'Arial', sans-serif;\">7- \u0130\u015fte <em>(b\u00f6yle bir durumda)<\/em> \u015fayet iyilik <em>(ve adalet)<\/em> ederseniz, kendi nefsinize <em>(ve menfaatinize) <\/em>iyilik olacakt\u0131r. Yok, e\u011fer k\u00f6t\u00fcl\u00fck <em>(ve zul\u00fcm) <\/em>ederseniz, o da kendi aleyhinize <em>(sonu\u00e7lar do\u011furacakt\u0131r.<\/em> <em>Ama siz maalesef yine zul\u00fcm ve k\u00f6t\u00fcl\u00fck yoluna sapacak, elinizdeki ve emrinizdeki imk\u00e2n ve iktidarlar\u0131 Siyonist hayallerinizi ve \u015feytani niyetinizi ger\u00e7ekle\u015ftirmek i\u00e7in korkun\u00e7 bir haks\u0131zl\u0131k ve ahl\u00e2ks\u0131zl\u0131k yolunda kullanacaks\u0131n\u0131z. D\u00fcnya&rsquo;y\u0131 sava\u015f ve soygun alan\u0131na \u00e7evirecek ve insanlar\u0131 birbirine k\u0131rd\u0131racaks\u0131n\u0131z.)<\/em> Arkas\u0131ndan bu sonuncu <em>(sapk\u0131nl\u0131k ve \u015f\u0131mar\u0131kl\u0131\u011f\u0131n\u0131z\u0131 cezaland\u0131rma)<\/em> zaman\u0131 gelince, size \u00f6yle <em>(M\u00fc&rsquo;min ve M\u00fccahit kullar\u0131m\u0131z\u0131 g\u00f6nderece\u011fiz ki)<\/em>, y\u00fczlerinizi k\u00f6t\u00fcle\u015ftirsinler <em>(servet ve saltanat\u0131n\u0131z\u0131 y\u0131k\u0131p sizi dize getirsinler, y\u00fczlerinizi yere s\u00fcrd\u00fcrs\u00fcnler)<\/em> ve ilk kez girdikleri <em>(Buhtunnasr veya Hz. \u00d6mer d\u00f6neminde Kud\u00fcs&rsquo;\u00fc fethettikleri)<\/em> gibi tekrar yine Mescid&rsquo;i <em>(Aksa&rsquo;ya)<\/em> girsinler ve ele ge\u00e7irdikleri <em>(hainleri, katilleri ve mel&rsquo;\u00e2net merkezlerini)<\/em> mahvu peri\u015fan etsinler. <em>(B\u00f6ylece Siyonist saltanat\u0131n\u0131za son versinler ve \u0130srail denen be\u015feriyet b\u00fcnyesindeki kanser urunu kesip temizlesinler. Ey Beni \u0130srail, bu Allah&rsquo;\u0131n va&rsquo;adi ve tehdididir ki, mutlaka ya\u015fayacaks\u0131n\u0131z!)<\/em><\/span><\/strong><\/p>\n<p style=\"margin-bottom: 0cm; text-align: justify; text-indent: 1cm; line-height: 16pt;\"><strong><span style=\"font-size: 14pt; font-family: 'Arial', sans-serif;\">B\u00fct\u00fcn bu ger\u00e7ekleri <em>&ldquo;Ho\u015f, ama bo\u015f temenni!..&rdquo;<\/em> g\u00f6renlere ve s\u00fcper g\u00fc\u00e7lerle ba\u015f edilemeyece\u011fini s\u00f6yleyenlere de bir s\u00f6z\u00fcm\u00fcz vard\u0131.<\/span><\/strong><\/p>\n<p style=\"margin-bottom: 0cm; text-align: justify; text-indent: 1cm; line-height: 16pt;\"><strong><span style=\"font-size: 12pt; font-family: 'Arial', sans-serif;\">100 sene kadar \u00f6nce, \u0130svi\u00e7re Basel&rsquo;de gizli Yahudi kongresini toplayan <\/span><\/strong><strong><span style=\"font-size: 14pt; font-family: 'Arial', sans-serif;\">Theodor Herzl<\/span><\/strong><strong><span style=\"font-size: 12pt; font-family: 'Arial', sans-serif;\">, \u00fc\u00e7 a\u015famal\u0131 bir planla <\/span><\/strong><strong><em><span style=\"font-size: 14pt; font-family: 'Arial', sans-serif;\">Sultan Abd\u00fclhamit&rsquo;e ihtilal yap\u0131laca\u011f\u0131n\u0131, Osmanl\u0131&rsquo;n\u0131n 1. D\u00fcnya Sava\u015f\u0131&#8217;na sokulup y\u0131k\u0131laca\u011f\u0131n\u0131 ve ard\u0131ndan Filistin topraklar\u0131nda \u0130srail&rsquo;in kurulaca\u011f\u0131n\u0131<\/span><\/em><\/strong><em><span style=\"font-size: 12pt; font-family: 'Arial', sans-serif;\"> <\/span><\/em><strong><span style=\"font-size: 12pt; font-family: 'Arial', sans-serif;\">a\u00e7\u0131klarken en h\u0131zl\u0131 delegelerin bile \u00e7o\u011fu; <em>&ldquo;Bu hayallerle bo\u015funa enerjimizi t\u00fcketiyoruz!&rdquo;<\/em> diyerek salondan ayr\u0131lm\u0131\u015flard\u0131. Ve ayn\u0131 haberleri \u0130stanbul&rsquo;da duyan M\u00fcsl\u00fcmanlar\u0131n bile \u00e7o\u011fu Herzl&rsquo;in iddialar\u0131n\u0131 deli sa\u00e7mas\u0131 saym\u0131\u015f ve <\/span><\/strong><strong><em><span style=\"font-size: 14pt; font-family: 'Arial', sans-serif;\">a\u00e7 tavu\u011fun r\u00fcyas\u0131nda dar\u0131 ambar\u0131na d\u00fc\u015fmesi<\/span><\/em><\/strong><span style=\"font-size: 14pt; font-family: 'Arial', sans-serif;\"> <\/span><strong><span style=\"font-size: 12pt; font-family: 'Arial', sans-serif;\">f\u0131kras\u0131n\u0131 hat\u0131rlatm\u0131\u015flard\u0131&hellip; Ama kader kendi a\u011f\u0131n\u0131 dokumakta ve sadece kat\u0131ks\u0131z inananlar bu ayetler ve haberlerle itminan bulup haz\u0131rlanmaktalard\u0131&hellip; <\/span><\/strong><\/p>\n<p style=\"margin-bottom: 0cm; text-align: justify; text-indent: 1cm; line-height: 16pt;\"><strong><span style=\"font-size: 14pt; font-family: 'Arial', sans-serif;\">Yard\u0131m Allah&rsquo;tand\u0131r, zafer inananlar\u0131nd\u0131r ve zafer yak\u0131nd\u0131r!<\/span><\/strong><\/p>\n<p style=\"margin-bottom: 0cm; text-align: justify; text-indent: 1cm; line-height: 16pt;\"><strong><span style=\"font-size: 14pt; font-family: 'Arial', sans-serif;\">Filistin&rsquo;e T\u00fcrk Askeri! \u0130\u015fte Erbakan&rsquo;\u0131n O Tarihi Karar\u0131!<\/span><\/strong><\/p>\n<p style=\"margin-bottom: 0cm; text-align: justify; text-indent: 1cm; line-height: 16pt;\"><strong><span style=\"font-size: 12pt; font-family: 'Arial', sans-serif;\">Ter\u00f6r devleti \u0130srail&rsquo;in Filistin&rsquo;deki i\u015fgal ve zulm\u00fcn\u00fc engellemek i\u00e7in, Mill\u00ee G\u00f6r\u00fc\u015f Lideri Prof. Dr. Necmettin Erbakan, 54. H\u00fck\u00fcmet&rsquo;in Ba\u015fbakan\u0131 olarak son derece ehemmiyetli bir karar alm\u0131\u015ft\u0131. Bu karar Resmi Gazete&rsquo;de yay\u0131mland\u0131.<\/span><\/strong><\/p>\n<p style=\"margin-bottom: 0cm; text-align: justify; text-indent: 1cm; line-height: 16pt;\"><strong><span style=\"font-size: 12pt; font-family: 'Arial', sans-serif;\">Peki, neydi o karar? Bakal\u0131m;<\/span><\/strong><\/p>\n<p style=\"margin-bottom: 0cm; text-align: justify; text-indent: 1cm; line-height: 16pt;\"><strong><em><span style=\"font-size: 12pt; font-family: 'Arial', sans-serif;\">&ldquo;T\u00fcrkiye Taraf\u0131ndan Hebron (El-Halil)&rsquo;a Askeri Personel G\u00f6nderilmesi Hususunda H\u00fck\u00fcmetin Yetkili K\u0131l\u0131nmas\u0131 \u0130\u00e7in, Anayasa&rsquo;n\u0131n 92&rsquo;nci Maddesine G\u00f6re \u0130zin Verilmesine Dair&rdquo;<\/span><\/em><\/strong><\/p>\n<p style=\"margin-bottom: 0cm; text-align: justify; text-indent: 1cm; line-height: 16pt;\"><strong><span style=\"font-size: 12pt; font-family: 'Arial', sans-serif;\">Karar No: 487, Karar Tarihi: 20.2.1997<\/span><\/strong><\/p>\n<p style=\"margin-bottom: 0cm; text-align: justify; text-indent: 1cm; line-height: 16pt;\"><strong><span style=\"font-size: 12pt; font-family: 'Arial', sans-serif;\">(Resmi Gazete ile yay\u0131m\u0131: 22.2.1997, Say\u0131: 22913)<\/span><\/strong><\/p>\n<p style=\"margin-bottom: 0cm; text-align: justify; text-indent: 1cm; line-height: 16pt;\"><strong><em><span style=\"font-size: 12pt; font-family: 'Arial', sans-serif;\">&ldquo;Hebron (El-Halil)&rsquo;un Filistin Ulusal Y\u00f6netimi&rsquo;ne devrinden sonra uluslararas\u0131 g\u00f6zlemcilik g\u00f6revini \u00fcstlenmek \u00fczere T\u00fcrkiye, Danimarka, \u0130talya, \u0130sve\u00e7, \u0130svi\u00e7re ve Norve\u00e7 taraf\u0131ndan olu\u015fturulacak mevcudiyet hakk\u0131nda, ad\u0131 ge\u00e7en \u00fclkeler aras\u0131nda 30 Ocak 1997 tarihinde Oslo&rsquo;da imzalanan ve 4\/2\/1997 tarihli ve 97\/9075 say\u0131l\u0131 Bakanlar Kurulu Karar\u0131 ile onaylanan &#8216;Hebron&rsquo;da Ge\u00e7ici Uluslararas\u0131 Mevcudiyet Kurulmas\u0131 Hakk\u0131nda Anlay\u0131\u015f Muht\u0131ras\u0131&rsquo;nda&#8217; ve &#8216;\u0130srail ile Filistin Ulusal Y\u00f6netimi&rsquo;ne Tevdi Edilecek Mektup&#8217;ta belirtilen kurallar ve ama\u00e7lar \u00e7er\u00e7evesinde g\u00f6rev yapmak \u00fczere T\u00fcrkiye taraf\u0131ndan Hebron (El-Halil)&rsquo;a askeri personel g\u00f6nderilmesi,<\/span><\/em><\/strong><\/p>\n<p style=\"margin-bottom: 0cm; text-align: justify; text-indent: 1cm; line-height: 16pt;\"><strong><em><span style=\"font-size: 12pt; font-family: 'Arial', sans-serif;\">S\u00f6z konusu Anlay\u0131\u015f Muht\u0131ras\u0131 uyar\u0131nca mevcudiyetin g\u00f6rev s\u00fcresinin \u00fc\u00e7 ay olmas\u0131, \u0130srail ve Filistin Ulusal Y\u00f6netimi&rsquo;nin farkl\u0131 bir s\u00fcre \u00fczerinde mutab\u0131k kalmamalar\u0131 halinde \u00fc\u00e7 ayl\u0131k s\u00fcrelerle uzat\u0131lmas\u0131, <\/span><\/em><\/strong><strong><span style=\"font-size: 12pt; font-family: 'Arial', sans-serif;\">hususunda H\u00fck\u00fcmetin yetkili k\u0131l\u0131nmas\u0131 i\u00e7in Anayasa&rsquo;n\u0131n 92&rsquo;nci maddesine g\u00f6re izin verilmesi, T\u00fcrkiye B\u00fcy\u00fck Millet Meclisi&rsquo;nin 20.2.1997 tarihli 59&rsquo;uncu Birle\u015fiminde kararla\u015ft\u0131r\u0131lm\u0131\u015ft\u0131r.&rdquo;[1]<\/span><\/strong><\/p>\n<p style=\"margin-bottom: 0cm; text-align: justify; text-indent: 1cm; line-height: 16pt;\"><strong><span style=\"font-size: 14pt; font-family: 'Arial', sans-serif;\">Ama bir dakika ey okur! Buraya dikkat!<\/span><\/strong><\/p>\n<p style=\"margin-bottom: 0cm; text-align: justify; text-indent: 1cm; line-height: 16pt;\"><strong><span style=\"font-size: 12pt; font-family: 'Arial', sans-serif;\">Erbakan Hoca&rsquo;m\u0131z\u0131n Filistin&rsquo;e asker g\u00f6nderme karar\u0131n\u0131n hemen ard\u0131ndan, son derece dikkat \u00e7eken geli\u015fmeleri de kay\u0131tlara ge\u00e7irelim;<\/span><\/strong><\/p>\n<p style=\"margin-bottom: 0cm; text-align: justify; text-indent: 1cm; line-height: 16pt;\"><strong><span style=\"font-size: 12pt; font-family: 'Arial', sans-serif;\">1- Ba\u015fbakan Erbakan imzas\u0131yla, Filistin&rsquo;e T\u00fcrk askeri g\u00f6nderilmesine ili\u015fkin al\u0131nan karar tarihi; 20 \u015eubat 1997.<\/span><\/strong><\/p>\n<p style=\"margin-bottom: 0cm; text-align: justify; text-indent: 1cm; line-height: 16pt;\"><strong><span style=\"font-size: 12pt; font-family: 'Arial', sans-serif;\">2- Ba\u015fbakan Erbakan imzas\u0131yla, Filistin&rsquo;e T\u00fcrk askeri g\u00f6nderilmesine ili\u015fkin al\u0131nan karar\u0131n Resmi Gazete&#8217;de yay\u0131m tarihi; 22 \u015eubat 1997.<\/span><\/strong><\/p>\n<p style=\"margin-bottom: 0cm; text-align: justify; text-indent: 1cm; line-height: 16pt;\"><strong><span style=\"font-size: 12pt; font-family: 'Arial', sans-serif;\">3- 28 \u015eubat Darbesi&rsquo;ne giden s\u00fcreci ba\u015flatan o \u00fcnl\u00fc Mill\u00ee G\u00fcvenlik Kurulu (MGK) ne zaman topland\u0131; 28 \u015eubat 1997. Yani; Ba\u015fbakan Erbakan imzas\u0131yla, Filistin&rsquo;e T\u00fcrk askeri g\u00f6nderilmesine ili\u015fkin al\u0131nan karar\u0131n Resmi Gazete&rsquo;de yay\u0131m tarihinden 6 g\u00fcn sonra!<\/span><\/strong><\/p>\n<p style=\"margin-bottom: 0cm; text-align: justify; text-indent: 1cm; line-height: 16pt;\"><strong><span style=\"font-size: 12pt; font-family: 'Arial', sans-serif;\">4- Peki, bu kararlar al\u0131n\u0131rken perde arkas\u0131nda kimler vard\u0131? ESDER taraf\u0131ndan d\u00fczenlenen &lsquo;28 \u015eubat ve Ticari Hayata Etkileri&rsquo; konulu konferansta tarihi a\u00e7\u0131klamalarda bulunan Erbakan Hoca \u015funlar\u0131 ifade etmi\u015fti: <\/span><\/strong><strong><em><span style=\"font-size: 14pt; font-family: 'Arial', sans-serif;\">&ldquo;Refah-Yol&rsquo;un ABD ve \u0130srail&rsquo;in menfaatleriyle uyu\u015fmad\u0131\u011f\u0131 i\u00e7in Siyonizm taraf\u0131ndan g\u00f6revden al\u0131nmas\u0131 i\u00e7in d\u00fc\u011fmeye bas\u0131ld\u0131. ABD Devlet Ba\u015fkan\u0131 Savunma Ba\u015fdan\u0131\u015fman\u0131 Alan Makovsky, bir \u00e7al\u0131\u015fma yap\u0131p, raporu 300&rsquo;ler Meclisi&rsquo;ne sundu, rapor okunduktan sonra da onayland\u0131\u011f\u0131 ortaya \u00e7\u0131kt\u0131.&rdquo;<\/span><\/em><\/strong><\/p>\n<p style=\"margin-bottom: 0cm; text-align: justify; text-indent: 1cm; line-height: 16pt;\"><strong><span style=\"font-size: 12pt; font-family: 'Arial', sans-serif;\">5- Gizli ve \u015fifreli olan ABD&rsquo;nin bu Siyonist plan\u0131, k\u0131sa s\u00fcre sonra \u00f6zel kanallardan T\u00fcrkiye&rsquo;ye ula\u015f\u0131nca Erbakan Hoca taraf\u0131ndan kamuoyuna de\u015fifre edildi. Makovsky&rsquo;nin haz\u0131rlad\u0131\u011f\u0131 plan; daha sonra tarihi 28 \u015eubat MGK&rsquo;s\u0131nda h\u00fck\u00fcmetin \u00f6n\u00fcne getirilen 18 maddelik irtica ile m\u00fccadele eylem plan\u0131n\u0131n t\u0131pa t\u0131p ayn\u0131s\u0131yd\u0131!<\/span><\/strong><\/p>\n<p style=\"margin-bottom: 0cm; text-align: justify; text-indent: 1cm; line-height: 16pt;\"><strong><span style=\"font-size: 12pt; font-family: 'Arial', sans-serif;\">6- Peki, bu Makovsky kim; me\u015fhur Amerikal\u0131 Yahudi strateji \u015feytan\u0131!<\/span><\/strong><\/p>\n<p style=\"margin-bottom: 0cm; text-align: justify; text-indent: 1cm; line-height: 16pt;\"><strong><span style=\"font-size: 12pt; font-family: 'Arial', sans-serif;\">7- \u00d6zellikle &lsquo;tarih&rsquo;lere dikkatinizi \u00e7ekmek isterim! \u015eimdi t\u00fcm bu maddelerin u\u00e7lar\u0131n\u0131 birle\u015ftirin! Ne \u00e7\u0131kt\u0131 ortaya?<\/span><\/strong><\/p>\n<p style=\"margin-bottom: 0cm; text-align: justify; text-indent: 1cm; line-height: 16pt;\"><strong><span style=\"font-size: 14pt; font-family: 'Arial', sans-serif;\">Me\u015fhur sekizinci kat!<\/span><\/strong><\/p>\n<p style=\"margin-bottom: 0cm; text-align: justify; text-indent: 1cm; line-height: 16pt;\"><strong><span style=\"font-size: 12pt; font-family: 'Arial', sans-serif;\">Yine me\u015fhur Amerikal\u0131 Yahudi Alan Makovsky anlatm\u0131\u015ft\u0131:<\/span><\/strong><\/p>\n<p style=\"margin-bottom: 0cm; text-align: justify; text-indent: 1cm; line-height: 16pt;\"><strong><em><span style=\"font-size: 12pt; font-family: 'Arial', sans-serif;\">&ldquo;Sekizinci kat, Amerikan D\u0131\u015fi\u015fleri Bakanl\u0131\u011f\u0131&rsquo;n\u0131n en \u00fcst kat\u0131d\u0131r. (&#8230;) 12 Mart 1997&rsquo;de, yani 28 \u015eubat&rsquo;ta yap\u0131lan MGK toplant\u0131s\u0131ndan tam iki hafta sonra, bir cumartesi g\u00fcn\u00fc Madeleine Albright orada bir grubu &lsquo;T\u00fcrkiye&rsquo; ba\u015fl\u0131kl\u0131 bir toplant\u0131 i\u00e7in davet etti. Toplant\u0131ya, T\u00fcrkiye&rsquo;yi genel Ortado\u011fu dengeleri i\u00e7inde de\u011ferlendirildi\u011fini g\u00f6stermek amac\u0131yla Dennis Ross ve ekibiyle birlikte geldi. Bernard Lewis, Richard Perle, Paul Wolfowitz, Henri Barkey, ben ve Morton Abramowitz gibi isimler davetliydi. (&#8230;) Amerika&rsquo;n\u0131n T\u00fcrkiye konusunda nas\u0131l bir tav\u0131r izleyece\u011fine ili\u015fkin bir toplant\u0131yd\u0131&hellip;&rdquo;<\/span><\/em><\/strong><\/p>\n<p style=\"margin-bottom: 0cm; text-align: justify; text-indent: 1cm; line-height: 16pt;\"><strong><span style=\"font-size: 12pt; font-family: 'Arial', sans-serif;\">12 Mart 1997&hellip; Filistin&rsquo;e T\u00fcrk askeri g\u00f6nderme karar\u0131n\u0131n al\u0131nd\u0131\u011f\u0131 tarihten sadece 2 hafta sonra&hellip; Bu toplant\u0131dan nas\u0131l bir genel de\u011ferlendirme \u00e7\u0131kt\u0131, peki? <\/span><\/strong><strong><em><span style=\"font-size: 14pt; font-family: 'Arial', sans-serif;\">&lsquo;Short of a cup, Erbakan Government gotta go!&rsquo; Yani, &lsquo;Askeri darbe olmaks\u0131z\u0131n Erbakan h\u00fck\u00fcmeti gitmelidir!&rsquo;<\/span><\/em><\/strong><strong><span style=\"font-size: 12pt; font-family: 'Arial', sans-serif;\"> G\u00f6rd\u00fc\u011f\u00fcn\u00fcz gibi 28 \u015eubat Darbesi, ABD&rsquo;de planlanm\u0131\u015f, devreye ona uygun yerli i\u015fbirlik\u00e7iler sokulmu\u015flard\u0131! Plan bu kadar a\u00e7\u0131k ve net ortadayd\u0131&hellip;<\/span><\/strong><\/p>\n<p style=\"margin-bottom: 0cm; text-align: justify; text-indent: 1cm; line-height: 16pt;\"><strong><span style=\"font-size: 14pt; font-family: 'Arial', sans-serif;\">Ve 28 \u015eubat Darbesi karar\u0131n\u0131n, Filistin&rsquo;e T\u00fcrk askeri g\u00f6nderme karar\u0131ndan birka\u00e7 g\u00fcn sonra al\u0131nmas\u0131 ak\u0131llarda kalmas\u0131 gereken, son derece \u00e7arp\u0131c\u0131 bir olayd\u0131!..&rdquo;[2]<\/span><\/strong><\/p>\n<p style=\"margin-bottom: 0cm; text-align: justify; text-indent: 1cm; line-height: 16pt;\"><span style=\"font-size: 12pt; font-family: 'Arial', sans-serif;\"><\/span><\/p>\n<p>\u00a0<\/p>\n<hr style=\"text-align: left;\" size=\"1\" width=\"33%\" \/>\n<p style=\"text-indent: -14.2pt;\">\u00a0\u00a0 \u00a0 <a href=\"#ftnref1\" id=\"ftn1\" style=\"vertical-align: super;\">[1]<\/a><span style=\"font-size: 9pt; font-family: 'Arial', sans-serif;\"> Bu Karara Ait Tutanaklar; (T\u00fcrkiye B\u00fcy\u00fck Millet Meclisi, Cilt 21, Birle\u015fim 59, Sayfa 88: 109) Kay\u0131tl\u0131d\u0131r.) <\/span><\/p>\n<p style=\"text-indent: -14.2pt;\">\u00a0\u00a0 \u00a0 <a href=\"#ftnref2\" id=\"ftn2\" style=\"vertical-align: super;\">[2]<\/a><span style=\"font-size: 9pt; font-family: 'Arial', sans-serif;\"> <a href=\"mailto:adnanoksuz@milligazete.com.tr\">adnanoksuz@milligazete.com.tr<\/a><\/span><\/p>\n<p>\u00a0<\/p>\n<p>\u00a0<\/p>\n<p>\u00a0<\/p>\n","protected":false},"excerpt":{"rendered":"<p>\u00a0 AZITAN \u0130SRA\u0130L, KAZI\u011eA KO\u015eMAKTADIR! \u00a0\u00a0\u00a0\u00a0\u00a0\u00a0\u00a0\u00a0 Her \u00fcmmetin, her devletin ve medeniyetin ve her h\u00fck\u00fcmetin Allah kat\u0131nda bilinen ve belirlenen bir ECEL\u0130, \u00f6m\u00fcr s\u00fcresi vard\u0131r. Bunu de\u011fi\u015ftirmek imk\u00e2ns\u0131zd\u0131r. &ldquo;Her \u00fcmmet i\u00e7in bir ecel vard\u0131r. (Her medeniyet ve devletin belli bir \u00f6mr\u00fc bulunmaktad\u0131r.) Onlar\u0131n ecelleri gelince, ne bir saat ertelenip geri kal\u0131r, ne de \u00f6ne al\u0131n\u0131r [&hellip;]<\/p>\n","protected":false},"author":103,"featured_media":0,"comment_status":"open","ping_status":"closed","sticky":false,"template":"","format":"standard","meta":{"footnotes":""},"categories":[250],"tags":[],"class_list":["post-6272","post","type-post","status-publish","format-standard","hentry","category-haziran-2021"],"_links":{"self":[{"href":"https:\/\/www.millicozum.com\/mc\/wp-json\/wp\/v2\/posts\/6272","targetHints":{"allow":["GET"]}}],"collection":[{"href":"https:\/\/www.millicozum.com\/mc\/wp-json\/wp\/v2\/posts"}],"about":[{"href":"https:\/\/www.millicozum.com\/mc\/wp-json\/wp\/v2\/types\/post"}],"author":[{"embeddable":true,"href":"https:\/\/www.millicozum.com\/mc\/wp-json\/wp\/v2\/users\/103"}],"replies":[{"embeddable":true,"href":"https:\/\/www.millicozum.com\/mc\/wp-json\/wp\/v2\/comments?post=6272"}],"version-history":[{"count":0,"href":"https:\/\/www.millicozum.com\/mc\/wp-json\/wp\/v2\/posts\/6272\/revisions"}],"wp:attachment":[{"href":"https:\/\/www.millicozum.com\/mc\/wp-json\/wp\/v2\/media?parent=6272"}],"wp:term":[{"taxonomy":"category","embeddable":true,"href":"https:\/\/www.millicozum.com\/mc\/wp-json\/wp\/v2\/categories?post=6272"},{"taxonomy":"post_tag","embeddable":true,"href":"https:\/\/www.millicozum.com\/mc\/wp-json\/wp\/v2\/tags?post=6272"}],"curies":[{"name":"wp","href":"https:\/\/api.w.org\/{rel}","templated":true}]}}